{"head":{"counts":{"debateCount":158,"resultCount":158}},"results":[{"debateRecord":{"chamber":{"uri":"https:\/\/data.oireachtas.ie\/ie\/oireachtas\/def\/house\/dail","showAs":"D\u00e1il \u00c9ireann"},"lastUpdated":"2026-04-08T03:12:13+01:00","counts":{"debateSectionCount":42,"contributorCount":114,"divisionCount":0,"questionCount":31,"billCount":1},"debateType":"debate","debateSections":[{"debateSection":{"speakers":[],"uri":"https:\/\/data.oireachtas.ie\/akn\/ie\/debateRecord\/dail\/2025-02-13\/debate\/dbsect_2","counts":{"speakerCount":0,"speechCount":0},"debateType":"questions","formats":{"xml":null,"pdf":null},"debateSectionId":"dbsect_2","bill":null,"showAs":"Ceisteanna ar Sonra\u00edodh Uain D\u00f3ibh - Priority Questions","containsDebate":false,"parentDebateSection":null}},{"debateSection":{"speakers":[],"uri":"https:\/\/data.oireachtas.ie\/akn\/ie\/debateRecord\/dail\/2025-02-13\/debate\/dbsect_3","counts":{"speakerCount":3,"speechCount":10},"debateType":"question","formats":{"xml":{"uri":"https:\/\/data.oireachtas.ie\/akn\/ie\/debateRecord\/dail\/2025-02-13\/debate\/mul@\/dbsect_3.xml"},"pdf":null},"debateSectionId":"dbsect_3","bill":null,"showAs":"Insurance Industry","containsDebate":true,"parentDebateSection":{"debateSectionId":"dbsect_2","uri":"https:\/\/data.oireachtas.ie\/akn\/ie\/debateRecord\/dail\/2025-02-13\/debate\/dbsect_2","showAs":"Ceisteanna ar Sonra\u00edodh Uain D\u00f3ibh - Priority Questions","formats":{"xml":null,"pdf":null}}}},{"debateSection":{"speakers":[],"uri":"https:\/\/data.oireachtas.ie\/akn\/ie\/debateRecord\/dail\/2025-02-13\/debate\/dbsect_4","counts":{"speakerCount":2,"speechCount":6},"debateType":"question","formats":{"xml":{"uri":"https:\/\/data.oireachtas.ie\/akn\/ie\/debateRecord\/dail\/2025-02-13\/debate\/mul@\/dbsect_4.xml"},"pdf":null},"debateSectionId":"dbsect_4","bill":null,"showAs":"Trade Sanctions","containsDebate":true,"parentDebateSection":{"debateSectionId":"dbsect_2","uri":"https:\/\/data.oireachtas.ie\/akn\/ie\/debateRecord\/dail\/2025-02-13\/debate\/dbsect_2","showAs":"Ceisteanna ar Sonra\u00edodh Uain D\u00f3ibh - Priority Questions","formats":{"xml":null,"pdf":null}}}},{"debateSection":{"speakers":[],"uri":"https:\/\/data.oireachtas.ie\/akn\/ie\/debateRecord\/dail\/2025-02-13\/debate\/dbsect_5","counts":{"speakerCount":2,"speechCount":6},"debateType":"question","formats":{"xml":{"uri":"https:\/\/data.oireachtas.ie\/akn\/ie\/debateRecord\/dail\/2025-02-13\/debate\/mul@\/dbsect_5.xml"},"pdf":null},"debateSectionId":"dbsect_5","bill":null,"showAs":"Tax Reliefs","containsDebate":true,"parentDebateSection":{"debateSectionId":"dbsect_2","uri":"https:\/\/data.oireachtas.ie\/akn\/ie\/debateRecord\/dail\/2025-02-13\/debate\/dbsect_2","showAs":"Ceisteanna ar Sonra\u00edodh Uain D\u00f3ibh - Priority Questions","formats":{"xml":null,"pdf":null}}}},{"debateSection":{"speakers":[],"uri":"https:\/\/data.oireachtas.ie\/akn\/ie\/debateRecord\/dail\/2025-02-13\/debate\/dbsect_6","counts":{"speakerCount":3,"speechCount":26},"debateType":"question","formats":{"xml":{"uri":"https:\/\/data.oireachtas.ie\/akn\/ie\/debateRecord\/dail\/2025-02-13\/debate\/mul@\/dbsect_6.xml"},"pdf":null},"debateSectionId":"dbsect_6","bill":null,"showAs":"Exchequer Returns","containsDebate":true,"parentDebateSection":{"debateSectionId":"dbsect_2","uri":"https:\/\/data.oireachtas.ie\/akn\/ie\/debateRecord\/dail\/2025-02-13\/debate\/dbsect_2","showAs":"Ceisteanna ar Sonra\u00edodh Uain D\u00f3ibh - Priority Questions","formats":{"xml":null,"pdf":null}}}},{"debateSection":{"speakers":[],"uri":"https:\/\/data.oireachtas.ie\/akn\/ie\/debateRecord\/dail\/2025-02-13\/debate\/dbsect_7","counts":{"speakerCount":3,"speechCount":7},"debateType":"question","formats":{"xml":{"uri":"https:\/\/data.oireachtas.ie\/akn\/ie\/debateRecord\/dail\/2025-02-13\/debate\/mul@\/dbsect_7.xml"},"pdf":null},"debateSectionId":"dbsect_7","bill":null,"showAs":"International Agreements","containsDebate":true,"parentDebateSection":{"debateSectionId":"dbsect_2","uri":"https:\/\/data.oireachtas.ie\/akn\/ie\/debateRecord\/dail\/2025-02-13\/debate\/dbsect_2","showAs":"Ceisteanna ar Sonra\u00edodh Uain D\u00f3ibh - Priority Questions","formats":{"xml":null,"pdf":null}}}},{"debateSection":{"speakers":[],"uri":"https:\/\/data.oireachtas.ie\/akn\/ie\/debateRecord\/dail\/2025-02-13\/debate\/dbsect_8","counts":{"speakerCount":0,"speechCount":0},"debateType":"questions","formats":{"xml":null,"pdf":null},"debateSectionId":"dbsect_8","bill":null,"showAs":"Ceisteanna Eile - Other Questions","containsDebate":false,"parentDebateSection":null}},{"debateSection":{"speakers":[],"uri":"https:\/\/data.oireachtas.ie\/akn\/ie\/debateRecord\/dail\/2025-02-13\/debate\/dbsect_9","counts":{"speakerCount":3,"speechCount":7},"debateType":"question","formats":{"xml":{"uri":"https:\/\/data.oireachtas.ie\/akn\/ie\/debateRecord\/dail\/2025-02-13\/debate\/mul@\/dbsect_9.xml"},"pdf":null},"debateSectionId":"dbsect_9","bill":null,"showAs":"Tax Credits","containsDebate":true,"parentDebateSection":{"debateSectionId":"dbsect_8","uri":"https:\/\/data.oireachtas.ie\/akn\/ie\/debateRecord\/dail\/2025-02-13\/debate\/dbsect_8","showAs":"Ceisteanna Eile - Other Questions","formats":{"xml":null,"pdf":null}}}},{"debateSection":{"speakers":[],"uri":"https:\/\/data.oireachtas.ie\/akn\/ie\/debateRecord\/dail\/2025-02-13\/debate\/dbsect_10","counts":{"speakerCount":4,"speechCount":23},"debateType":"question","formats":{"xml":{"uri":"https:\/\/data.oireachtas.ie\/akn\/ie\/debateRecord\/dail\/2025-02-13\/debate\/mul@\/dbsect_10.xml"},"pdf":null},"debateSectionId":"dbsect_10","bill":null,"showAs":"Trade Relations","containsDebate":true,"parentDebateSection":{"debateSectionId":"dbsect_8","uri":"https:\/\/data.oireachtas.ie\/akn\/ie\/debateRecord\/dail\/2025-02-13\/debate\/dbsect_8","showAs":"Ceisteanna Eile - Other Questions","formats":{"xml":null,"pdf":null}}}},{"debateSection":{"speakers":[],"uri":"https:\/\/data.oireachtas.ie\/akn\/ie\/debateRecord\/dail\/2025-02-13\/debate\/dbsect_11","counts":{"speakerCount":2,"speechCount":5},"debateType":"question","formats":{"xml":{"uri":"https:\/\/data.oireachtas.ie\/akn\/ie\/debateRecord\/dail\/2025-02-13\/debate\/mul@\/dbsect_11.xml"},"pdf":null},"debateSectionId":"dbsect_11","bill":null,"showAs":"Tax Exemptions","containsDebate":true,"parentDebateSection":{"debateSectionId":"dbsect_8","uri":"https:\/\/data.oireachtas.ie\/akn\/ie\/debateRecord\/dail\/2025-02-13\/debate\/dbsect_8","showAs":"Ceisteanna Eile - Other Questions","formats":{"xml":null,"pdf":null}}}},{"debateSection":{"speakers":[],"uri":"https:\/\/data.oireachtas.ie\/akn\/ie\/debateRecord\/dail\/2025-02-13\/debate\/dbsect_12","counts":{"speakerCount":4,"speechCount":10},"debateType":"question","formats":{"xml":{"uri":"https:\/\/data.oireachtas.ie\/akn\/ie\/debateRecord\/dail\/2025-02-13\/debate\/mul@\/dbsect_12.xml"},"pdf":null},"debateSectionId":"dbsect_12","bill":null,"showAs":"Middle East","containsDebate":true,"parentDebateSection":{"debateSectionId":"dbsect_8","uri":"https:\/\/data.oireachtas.ie\/akn\/ie\/debateRecord\/dail\/2025-02-13\/debate\/dbsect_8","showAs":"Ceisteanna Eile - Other Questions","formats":{"xml":null,"pdf":null}}}},{"debateSection":{"speakers":[],"uri":"https:\/\/data.oireachtas.ie\/akn\/ie\/debateRecord\/dail\/2025-02-13\/debate\/dbsect_13","counts":{"speakerCount":2,"speechCount":5},"debateType":"question","formats":{"xml":{"uri":"https:\/\/data.oireachtas.ie\/akn\/ie\/debateRecord\/dail\/2025-02-13\/debate\/mul@\/dbsect_13.xml"},"pdf":null},"debateSectionId":"dbsect_13","bill":null,"showAs":"Tax Code","containsDebate":true,"parentDebateSection":{"debateSectionId":"dbsect_8","uri":"https:\/\/data.oireachtas.ie\/akn\/ie\/debateRecord\/dail\/2025-02-13\/debate\/dbsect_8","showAs":"Ceisteanna Eile - Other Questions","formats":{"xml":null,"pdf":null}}}},{"debateSection":{"speakers":[],"uri":"https:\/\/data.oireachtas.ie\/akn\/ie\/debateRecord\/dail\/2025-02-13\/debate\/dbsect_14","counts":{"speakerCount":2,"speechCount":6},"debateType":"question","formats":{"xml":{"uri":"https:\/\/data.oireachtas.ie\/akn\/ie\/debateRecord\/dail\/2025-02-13\/debate\/mul@\/dbsect_14.xml"},"pdf":null},"debateSectionId":"dbsect_14","bill":null,"showAs":"Credit Unions","containsDebate":true,"parentDebateSection":{"debateSectionId":"dbsect_8","uri":"https:\/\/data.oireachtas.ie\/akn\/ie\/debateRecord\/dail\/2025-02-13\/debate\/dbsect_8","showAs":"Ceisteanna Eile - Other Questions","formats":{"xml":null,"pdf":null}}}},{"debateSection":{"speakers":[],"uri":"https:\/\/data.oireachtas.ie\/akn\/ie\/debateRecord\/dail\/2025-02-13\/debate\/dbsect_15","counts":{"speakerCount":2,"speechCount":8},"debateType":"question","formats":{"xml":{"uri":"https:\/\/data.oireachtas.ie\/akn\/ie\/debateRecord\/dail\/2025-02-13\/debate\/mul@\/dbsect_15.xml"},"pdf":null},"debateSectionId":"dbsect_15","bill":null,"showAs":"Tax Yield","containsDebate":true,"parentDebateSection":{"debateSectionId":"dbsect_8","uri":"https:\/\/data.oireachtas.ie\/akn\/ie\/debateRecord\/dail\/2025-02-13\/debate\/dbsect_8","showAs":"Ceisteanna Eile - Other Questions","formats":{"xml":null,"pdf":null}}}},{"debateSection":{"speakers":[],"uri":"https:\/\/data.oireachtas.ie\/akn\/ie\/debateRecord\/dail\/2025-02-13\/debate\/dbsect_16","counts":{"speakerCount":0,"speechCount":0},"debateType":"questions","formats":{"xml":null,"pdf":null},"debateSectionId":"dbsect_16","bill":null,"showAs":"Ceisteanna ar Sonra\u00edodh Uain D\u00f3ibh - Priority Questions","containsDebate":false,"parentDebateSection":null}},{"debateSection":{"speakers":[],"uri":"https:\/\/data.oireachtas.ie\/akn\/ie\/debateRecord\/dail\/2025-02-13\/debate\/dbsect_17","counts":{"speakerCount":2,"speechCount":6},"debateType":"question","formats":{"xml":{"uri":"https:\/\/data.oireachtas.ie\/akn\/ie\/debateRecord\/dail\/2025-02-13\/debate\/mul@\/dbsect_17.xml"},"pdf":null},"debateSectionId":"dbsect_17","bill":null,"showAs":"Departmental Functions","containsDebate":true,"parentDebateSection":{"debateSectionId":"dbsect_16","uri":"https:\/\/data.oireachtas.ie\/akn\/ie\/debateRecord\/dail\/2025-02-13\/debate\/dbsect_16","showAs":"Ceisteanna ar Sonra\u00edodh Uain D\u00f3ibh - Priority Questions","formats":{"xml":null,"pdf":null}}}},{"debateSection":{"speakers":[],"uri":"https:\/\/data.oireachtas.ie\/akn\/ie\/debateRecord\/dail\/2025-02-13\/debate\/dbsect_18","counts":{"speakerCount":2,"speechCount":10},"debateType":"question","formats":{"xml":{"uri":"https:\/\/data.oireachtas.ie\/akn\/ie\/debateRecord\/dail\/2025-02-13\/debate\/mul@\/dbsect_18.xml"},"pdf":null},"debateSectionId":"dbsect_18","bill":null,"showAs":"Departmental Projects","containsDebate":true,"parentDebateSection":{"debateSectionId":"dbsect_16","uri":"https:\/\/data.oireachtas.ie\/akn\/ie\/debateRecord\/dail\/2025-02-13\/debate\/dbsect_16","showAs":"Ceisteanna ar Sonra\u00edodh Uain D\u00f3ibh - Priority Questions","formats":{"xml":null,"pdf":null}}}},{"debateSection":{"speakers":[],"uri":"https:\/\/data.oireachtas.ie\/akn\/ie\/debateRecord\/dail\/2025-02-13\/debate\/dbsect_19","counts":{"speakerCount":2,"speechCount":6},"debateType":"question","formats":{"xml":{"uri":"https:\/\/data.oireachtas.ie\/akn\/ie\/debateRecord\/dail\/2025-02-13\/debate\/mul@\/dbsect_19.xml"},"pdf":null},"debateSectionId":"dbsect_19","bill":null,"showAs":"Legislative Measures","containsDebate":true,"parentDebateSection":{"debateSectionId":"dbsect_16","uri":"https:\/\/data.oireachtas.ie\/akn\/ie\/debateRecord\/dail\/2025-02-13\/debate\/dbsect_16","showAs":"Ceisteanna ar Sonra\u00edodh Uain D\u00f3ibh - Priority Questions","formats":{"xml":null,"pdf":null}}}},{"debateSection":{"speakers":[],"uri":"https:\/\/data.oireachtas.ie\/akn\/ie\/debateRecord\/dail\/2025-02-13\/debate\/dbsect_20","counts":{"speakerCount":2,"speechCount":8},"debateType":"question","formats":{"xml":{"uri":"https:\/\/data.oireachtas.ie\/akn\/ie\/debateRecord\/dail\/2025-02-13\/debate\/mul@\/dbsect_20.xml"},"pdf":null},"debateSectionId":"dbsect_20","bill":null,"showAs":"Cost of Living Issues","containsDebate":true,"parentDebateSection":{"debateSectionId":"dbsect_16","uri":"https:\/\/data.oireachtas.ie\/akn\/ie\/debateRecord\/dail\/2025-02-13\/debate\/dbsect_16","showAs":"Ceisteanna ar Sonra\u00edodh Uain D\u00f3ibh - Priority Questions","formats":{"xml":null,"pdf":null}}}},{"debateSection":{"speakers":[],"uri":"https:\/\/data.oireachtas.ie\/akn\/ie\/debateRecord\/dail\/2025-02-13\/debate\/dbsect_21","counts":{"speakerCount":2,"speechCount":7},"debateType":"question","formats":{"xml":{"uri":"https:\/\/data.oireachtas.ie\/akn\/ie\/debateRecord\/dail\/2025-02-13\/debate\/mul@\/dbsect_21.xml"},"pdf":null},"debateSectionId":"dbsect_21","bill":null,"showAs":"Defective Building Materials","containsDebate":true,"parentDebateSection":{"debateSectionId":"dbsect_16","uri":"https:\/\/data.oireachtas.ie\/akn\/ie\/debateRecord\/dail\/2025-02-13\/debate\/dbsect_16","showAs":"Ceisteanna ar Sonra\u00edodh Uain D\u00f3ibh - Priority Questions","formats":{"xml":null,"pdf":null}}}},{"debateSection":{"speakers":[],"uri":"https:\/\/data.oireachtas.ie\/akn\/ie\/debateRecord\/dail\/2025-02-13\/debate\/dbsect_22","counts":{"speakerCount":0,"speechCount":0},"debateType":"questions","formats":{"xml":null,"pdf":null},"debateSectionId":"dbsect_22","bill":null,"showAs":"Ceisteanna Eile - Other Questions","containsDebate":false,"parentDebateSection":null}},{"debateSection":{"speakers":[],"uri":"https:\/\/data.oireachtas.ie\/akn\/ie\/debateRecord\/dail\/2025-02-13\/debate\/dbsect_23","counts":{"speakerCount":2,"speechCount":6},"debateType":"question","formats":{"xml":{"uri":"https:\/\/data.oireachtas.ie\/akn\/ie\/debateRecord\/dail\/2025-02-13\/debate\/mul@\/dbsect_23.xml"},"pdf":null},"debateSectionId":"dbsect_23","bill":null,"showAs":"Programme for Government","containsDebate":true,"parentDebateSection":{"debateSectionId":"dbsect_22","uri":"https:\/\/data.oireachtas.ie\/akn\/ie\/debateRecord\/dail\/2025-02-13\/debate\/dbsect_22","showAs":"Ceisteanna Eile - Other Questions","formats":{"xml":null,"pdf":null}}}},{"debateSection":{"speakers":[],"uri":"https:\/\/data.oireachtas.ie\/akn\/ie\/debateRecord\/dail\/2025-02-13\/debate\/dbsect_24","counts":{"speakerCount":3,"speechCount":6},"debateType":"question","formats":{"xml":{"uri":"https:\/\/data.oireachtas.ie\/akn\/ie\/debateRecord\/dail\/2025-02-13\/debate\/mul@\/dbsect_24.xml"},"pdf":null},"debateSectionId":"dbsect_24","bill":null,"showAs":"Defective Building Materials","containsDebate":true,"parentDebateSection":{"debateSectionId":"dbsect_22","uri":"https:\/\/data.oireachtas.ie\/akn\/ie\/debateRecord\/dail\/2025-02-13\/debate\/dbsect_22","showAs":"Ceisteanna Eile - Other Questions","formats":{"xml":null,"pdf":null}}}},{"debateSection":{"speakers":[],"uri":"https:\/\/data.oireachtas.ie\/akn\/ie\/debateRecord\/dail\/2025-02-13\/debate\/dbsect_25","counts":{"speakerCount":2,"speechCount":6},"debateType":"question","formats":{"xml":{"uri":"https:\/\/data.oireachtas.ie\/akn\/ie\/debateRecord\/dail\/2025-02-13\/debate\/mul@\/dbsect_25.xml"},"pdf":null},"debateSectionId":"dbsect_25","bill":null,"showAs":"Departmental Functions","containsDebate":true,"parentDebateSection":{"debateSectionId":"dbsect_22","uri":"https:\/\/data.oireachtas.ie\/akn\/ie\/debateRecord\/dail\/2025-02-13\/debate\/dbsect_22","showAs":"Ceisteanna Eile - Other Questions","formats":{"xml":null,"pdf":null}}}},{"debateSection":{"speakers":[],"uri":"https:\/\/data.oireachtas.ie\/akn\/ie\/debateRecord\/dail\/2025-02-13\/debate\/dbsect_26","counts":{"speakerCount":2,"speechCount":5},"debateType":"question","formats":{"xml":{"uri":"https:\/\/data.oireachtas.ie\/akn\/ie\/debateRecord\/dail\/2025-02-13\/debate\/mul@\/dbsect_26.xml"},"pdf":null},"debateSectionId":"dbsect_26","bill":null,"showAs":"Flood Relief Schemes","containsDebate":true,"parentDebateSection":{"debateSectionId":"dbsect_22","uri":"https:\/\/data.oireachtas.ie\/akn\/ie\/debateRecord\/dail\/2025-02-13\/debate\/dbsect_22","showAs":"Ceisteanna Eile - Other Questions","formats":{"xml":null,"pdf":null}}}},{"debateSection":{"speakers":[],"uri":"https:\/\/data.oireachtas.ie\/akn\/ie\/debateRecord\/dail\/2025-02-13\/debate\/dbsect_27","counts":{"speakerCount":3,"speechCount":8},"debateType":"question","formats":{"xml":{"uri":"https:\/\/data.oireachtas.ie\/akn\/ie\/debateRecord\/dail\/2025-02-13\/debate\/mul@\/dbsect_27.xml"},"pdf":null},"debateSectionId":"dbsect_27","bill":null,"showAs":"Flood Risk Management","containsDebate":true,"parentDebateSection":{"debateSectionId":"dbsect_22","uri":"https:\/\/data.oireachtas.ie\/akn\/ie\/debateRecord\/dail\/2025-02-13\/debate\/dbsect_22","showAs":"Ceisteanna Eile - Other Questions","formats":{"xml":null,"pdf":null}}}},{"debateSection":{"speakers":[],"uri":"https:\/\/data.oireachtas.ie\/akn\/ie\/debateRecord\/dail\/2025-02-13\/debate\/dbsect_28","counts":{"speakerCount":2,"speechCount":3},"debateType":"question","formats":{"xml":{"uri":"https:\/\/data.oireachtas.ie\/akn\/ie\/debateRecord\/dail\/2025-02-13\/debate\/mul@\/dbsect_28.xml"},"pdf":null},"debateSectionId":"dbsect_28","bill":null,"showAs":"Flood Risk Management","containsDebate":true,"parentDebateSection":{"debateSectionId":"dbsect_22","uri":"https:\/\/data.oireachtas.ie\/akn\/ie\/debateRecord\/dail\/2025-02-13\/debate\/dbsect_22","showAs":"Ceisteanna Eile - Other Questions","formats":{"xml":null,"pdf":null}}}},{"debateSection":{"speakers":[],"uri":"https:\/\/data.oireachtas.ie\/akn\/ie\/debateRecord\/dail\/2025-02-13\/debate\/dbsect_29","counts":{"speakerCount":3,"speechCount":7},"debateType":"question","formats":{"xml":{"uri":"https:\/\/data.oireachtas.ie\/akn\/ie\/debateRecord\/dail\/2025-02-13\/debate\/mul@\/dbsect_29.xml"},"pdf":null},"debateSectionId":"dbsect_29","bill":null,"showAs":"National Development Plan","containsDebate":true,"parentDebateSection":{"debateSectionId":"dbsect_22","uri":"https:\/\/data.oireachtas.ie\/akn\/ie\/debateRecord\/dail\/2025-02-13\/debate\/dbsect_22","showAs":"Ceisteanna Eile - Other Questions","formats":{"xml":null,"pdf":null}}}},{"debateSection":{"speakers":[],"uri":"https:\/\/data.oireachtas.ie\/akn\/ie\/debateRecord\/dail\/2025-02-13\/debate\/dbsect_30","counts":{"speakerCount":2,"speechCount":6},"debateType":"question","formats":{"xml":{"uri":"https:\/\/data.oireachtas.ie\/akn\/ie\/debateRecord\/dail\/2025-02-13\/debate\/mul@\/dbsect_30.xml"},"pdf":null},"debateSectionId":"dbsect_30","bill":null,"showAs":"Civil Service","containsDebate":true,"parentDebateSection":{"debateSectionId":"dbsect_22","uri":"https:\/\/data.oireachtas.ie\/akn\/ie\/debateRecord\/dail\/2025-02-13\/debate\/dbsect_22","showAs":"Ceisteanna Eile - Other Questions","formats":{"xml":null,"pdf":null}}}},{"debateSection":{"speakers":[],"uri":"https:\/\/data.oireachtas.ie\/akn\/ie\/debateRecord\/dail\/2025-02-13\/debate\/dbsect_31","counts":{"speakerCount":5,"speechCount":10},"debateType":"question","formats":{"xml":{"uri":"https:\/\/data.oireachtas.ie\/akn\/ie\/debateRecord\/dail\/2025-02-13\/debate\/mul@\/dbsect_31.xml"},"pdf":null},"debateSectionId":"dbsect_31","bill":null,"showAs":"Flood Relief Schemes","containsDebate":true,"parentDebateSection":{"debateSectionId":"dbsect_22","uri":"https:\/\/data.oireachtas.ie\/akn\/ie\/debateRecord\/dail\/2025-02-13\/debate\/dbsect_22","showAs":"Ceisteanna Eile - Other Questions","formats":{"xml":null,"pdf":null}}}},{"debateSection":{"speakers":[],"uri":"https:\/\/data.oireachtas.ie\/akn\/ie\/debateRecord\/dail\/2025-02-13\/debate\/dbsect_32","counts":{"speakerCount":2,"speechCount":3},"debateType":"question","formats":{"xml":{"uri":"https:\/\/data.oireachtas.ie\/akn\/ie\/debateRecord\/dail\/2025-02-13\/debate\/mul@\/dbsect_32.xml"},"pdf":null},"debateSectionId":"dbsect_32","bill":null,"showAs":"Programme for Government","containsDebate":true,"parentDebateSection":{"debateSectionId":"dbsect_22","uri":"https:\/\/data.oireachtas.ie\/akn\/ie\/debateRecord\/dail\/2025-02-13\/debate\/dbsect_22","showAs":"Ceisteanna Eile - Other Questions","formats":{"xml":null,"pdf":null}}}},{"debateSection":{"speakers":[],"uri":"https:\/\/data.oireachtas.ie\/akn\/ie\/debateRecord\/dail\/2025-02-13\/debate\/dbsect_33","counts":{"speakerCount":6,"speechCount":19},"debateType":"questions","formats":{"xml":null,"pdf":null},"debateSectionId":"dbsect_33","bill":null,"showAs":"Ceisteanna \u00f3 Cheannair\u00ed - Leaders' Questions","containsDebate":true,"parentDebateSection":null}},{"debateSection":{"speakers":[],"uri":"https:\/\/data.oireachtas.ie\/akn\/ie\/debateRecord\/dail\/2025-02-13\/debate\/dbsect_34","counts":{"speakerCount":20,"speechCount":67},"debateType":"questions","formats":{"xml":null,"pdf":null},"debateSectionId":"dbsect_34","bill":null,"showAs":"Ceisteanna ar Pholasa\u00ed n\u00f3 ar Reachta\u00edocht - Questions on Policy or Legislation","containsDebate":true,"parentDebateSection":null}},{"debateSection":{"speakers":[],"uri":"https:\/\/data.oireachtas.ie\/akn\/ie\/debateRecord\/dail\/2025-02-13\/debate\/dbsect_35","counts":{"speakerCount":3,"speechCount":5},"debateType":"debate","formats":{"xml":null,"pdf":null},"debateSectionId":"dbsect_35","bill":{"uri":"https:\/\/data.oireachtas.ie\/ie\/oireachtas\/bill\/2025\/4","event":{"houseCode":"dail","showAs":"Protection of Tenants' Deposits Bill 2025: First Stage (D\u00e1il)","stage":"1","isBillStage":true,"uri":"https:\/\/data.oireachtas.ie\/ie\/oireachtas\/bill\/2025\/4\/dail\/1"}},"showAs":"Protection of Tenants' Deposits Bill 2025: First Stage","containsDebate":true,"parentDebateSection":null}},{"debateSection":{"speakers":[],"uri":"https:\/\/data.oireachtas.ie\/akn\/ie\/debateRecord\/dail\/2025-02-13\/debate\/dbsect_36","counts":{"speakerCount":33,"speechCount":40},"debateType":"statement","formats":{"xml":null,"pdf":null},"debateSectionId":"dbsect_36","bill":null,"showAs":"Road Safety: Statements","containsDebate":true,"parentDebateSection":null}},{"debateSection":{"speakers":[],"uri":"https:\/\/data.oireachtas.ie\/akn\/ie\/debateRecord\/dail\/2025-02-13\/debate\/dbsect_37","counts":{"speakerCount":1,"speechCount":1},"debateType":"debate","formats":{"xml":null,"pdf":null},"debateSectionId":"dbsect_37","bill":null,"showAs":"Teachtaireacht \u00f3n Seanad - Message from Seanad","containsDebate":true,"parentDebateSection":null}},{"debateSection":{"speakers":[],"uri":"https:\/\/data.oireachtas.ie\/akn\/ie\/debateRecord\/dail\/2025-02-13\/debate\/dbsect_38","counts":{"speakerCount":1,"speechCount":1},"debateType":"topical","formats":{"xml":null,"pdf":null},"debateSectionId":"dbsect_38","bill":null,"showAs":"\u00c1bhair Shaincheisteanna Tr\u00e1th\u00fala - Topical Issue Matters","containsDebate":true,"parentDebateSection":null}},{"debateSection":{"speakers":[],"uri":"https:\/\/data.oireachtas.ie\/akn\/ie\/debateRecord\/dail\/2025-02-13\/debate\/dbsect_39","counts":{"speakerCount":0,"speechCount":0},"debateType":"topical","formats":{"xml":null,"pdf":null},"debateSectionId":"dbsect_39","bill":null,"showAs":"Saincheisteanna Tr\u00e1th\u00fala - Topical Issue Debate","containsDebate":false,"parentDebateSection":null}},{"debateSection":{"speakers":[],"uri":"https:\/\/data.oireachtas.ie\/akn\/ie\/debateRecord\/dail\/2025-02-13\/debate\/dbsect_40","counts":{"speakerCount":4,"speechCount":7},"debateType":"debate","formats":{"xml":null,"pdf":null},"debateSectionId":"dbsect_40","bill":null,"showAs":"Rail Network","containsDebate":true,"parentDebateSection":{"debateSectionId":"dbsect_39","uri":"https:\/\/data.oireachtas.ie\/akn\/ie\/debateRecord\/dail\/2025-02-13\/debate\/dbsect_39","showAs":"Saincheisteanna Tr\u00e1th\u00fala - Topical Issue Debate","formats":{"xml":null,"pdf":null}}}},{"debateSection":{"speakers":[],"uri":"https:\/\/data.oireachtas.ie\/akn\/ie\/debateRecord\/dail\/2025-02-13\/debate\/dbsect_41","counts":{"speakerCount":2,"speechCount":4},"debateType":"debate","formats":{"xml":null,"pdf":null},"debateSectionId":"dbsect_41","bill":null,"showAs":"Defence Forces","containsDebate":true,"parentDebateSection":{"debateSectionId":"dbsect_39","uri":"https:\/\/data.oireachtas.ie\/akn\/ie\/debateRecord\/dail\/2025-02-13\/debate\/dbsect_39","showAs":"Saincheisteanna Tr\u00e1th\u00fala - Topical Issue Debate","formats":{"xml":null,"pdf":null}}}},{"debateSection":{"speakers":[],"uri":"https:\/\/data.oireachtas.ie\/akn\/ie\/debateRecord\/dail\/2025-02-13\/debate\/dbsect_42","counts":{"speakerCount":2,"speechCount":4},"debateType":"debate","formats":{"xml":null,"pdf":null},"debateSectionId":"dbsect_42","bill":null,"showAs":"Mental Health Services","containsDebate":true,"parentDebateSection":{"debateSectionId":"dbsect_39","uri":"https:\/\/data.oireachtas.ie\/akn\/ie\/debateRecord\/dail\/2025-02-13\/debate\/dbsect_39","showAs":"Saincheisteanna Tr\u00e1th\u00fala - Topical Issue Debate","formats":{"xml":null,"pdf":null}}}},{"debateSection":{"speakers":[],"uri":"https:\/\/data.oireachtas.ie\/akn\/ie\/debateRecord\/dail\/2025-02-13\/debate\/dbsect_43","counts":{"speakerCount":3,"speechCount":5},"debateType":"debate","formats":{"xml":null,"pdf":null},"debateSectionId":"dbsect_43","bill":null,"showAs":"Primary Care Centres","containsDebate":true,"parentDebateSection":{"debateSectionId":"dbsect_39","uri":"https:\/\/data.oireachtas.ie\/akn\/ie\/debateRecord\/dail\/2025-02-13\/debate\/dbsect_39","showAs":"Saincheisteanna Tr\u00e1th\u00fala - Topical Issue Debate","formats":{"xml":null,"pdf":null}}}}],"uri":"https:\/\/data.oireachtas.ie\/akn\/ie\/debateRecord\/dail\/2025-02-13\/debate\/main","date":"2025-02-13","formats":{"xml":{"uri":"https:\/\/data.oireachtas.ie\/akn\/ie\/debateRecord\/dail\/2025-02-13\/debate\/mul@\/main.xml"},"pdf":{"uri":"https:\/\/data.oireachtas.ie\/ie\/oireachtas\/debateRecord\/dail\/2025-02-13\/debate\/mul@\/main.pdf"},"writtens_pdf":null},"house":{"houseNo":"34","uri":"https:\/\/data.oireachtas.ie\/ie\/oireachtas\/house\/dail\/34","chamberType":"house","houseCode":"dail","showAs":"34th D\u00e1il","committeeCode":""}},"contextDate":"2025-02-13"},{"contextDate":"2025-02-12","debateRecord":{"debateType":"debate","formats":{"pdf":{"uri":"https:\/\/data.oireachtas.ie\/ie\/oireachtas\/debateRecord\/dail\/2025-02-12\/debate\/mul@\/main.pdf"},"xml":{"uri":"https:\/\/data.oireachtas.ie\/akn\/ie\/debateRecord\/dail\/2025-02-12\/debate\/mul@\/main.xml"},"writtens_pdf":null},"uri":"https:\/\/data.oireachtas.ie\/akn\/ie\/debateRecord\/dail\/2025-02-12\/debate\/main","lastUpdated":"2025-09-12T15:25:28+01:00","counts":{"contributorCount":169,"debateSectionCount":20,"divisionCount":8,"billCount":5,"questionCount":8},"house":{"uri":"https:\/\/data.oireachtas.ie\/ie\/oireachtas\/house\/dail\/34","chamberType":"house","committeeCode":"","showAs":"34th D\u00e1il","houseNo":"34","houseCode":"dail"},"debateSections":[{"debateSection":{"debateType":"topical","debateSectionId":"dbsect_2","uri":"https:\/\/data.oireachtas.ie\/akn\/ie\/debateRecord\/dail\/2025-02-12\/debate\/dbsect_2","bill":null,"counts":{"speakerCount":1,"speechCount":1},"parentDebateSection":null,"showAs":"\u00c1bhair Shaincheisteanna Tr\u00e1th\u00fala - Topical Issue Matters","formats":{"pdf":null,"xml":null},"speakers":[],"containsDebate":true}},{"debateSection":{"debateType":"topical","debateSectionId":"dbsect_3","uri":"https:\/\/data.oireachtas.ie\/akn\/ie\/debateRecord\/dail\/2025-02-12\/debate\/dbsect_3","bill":null,"counts":{"speakerCount":0,"speechCount":0},"parentDebateSection":null,"showAs":"Saincheisteanna Tr\u00e1th\u00fala - Topical Issue Debate","formats":{"pdf":null,"xml":null},"speakers":[],"containsDebate":false}},{"debateSection":{"debateType":"debate","debateSectionId":"dbsect_4","uri":"https:\/\/data.oireachtas.ie\/akn\/ie\/debateRecord\/dail\/2025-02-12\/debate\/dbsect_4","bill":null,"counts":{"speakerCount":2,"speechCount":4},"parentDebateSection":{"formats":{"pdf":null,"xml":null},"debateSectionId":"dbsect_3","uri":"https:\/\/data.oireachtas.ie\/akn\/ie\/debateRecord\/dail\/2025-02-12\/debate\/dbsect_3","showAs":"Saincheisteanna Tr\u00e1th\u00fala - Topical Issue Debate"},"showAs":"Business Supports","formats":{"pdf":null,"xml":null},"speakers":[],"containsDebate":true}},{"debateSection":{"debateType":"debate","debateSectionId":"dbsect_5","uri":"https:\/\/data.oireachtas.ie\/akn\/ie\/debateRecord\/dail\/2025-02-12\/debate\/dbsect_5","bill":null,"counts":{"speakerCount":2,"speechCount":4},"parentDebateSection":{"formats":{"pdf":null,"xml":null},"debateSectionId":"dbsect_3","uri":"https:\/\/data.oireachtas.ie\/akn\/ie\/debateRecord\/dail\/2025-02-12\/debate\/dbsect_3","showAs":"Saincheisteanna Tr\u00e1th\u00fala - Topical Issue Debate"},"showAs":"Housing Provision","formats":{"pdf":null,"xml":null},"speakers":[],"containsDebate":true}},{"debateSection":{"debateType":"debate","debateSectionId":"dbsect_6","uri":"https:\/\/data.oireachtas.ie\/akn\/ie\/debateRecord\/dail\/2025-02-12\/debate\/dbsect_6","bill":null,"counts":{"speakerCount":2,"speechCount":4},"parentDebateSection":{"formats":{"pdf":null,"xml":null},"debateSectionId":"dbsect_3","uri":"https:\/\/data.oireachtas.ie\/akn\/ie\/debateRecord\/dail\/2025-02-12\/debate\/dbsect_3","showAs":"Saincheisteanna Tr\u00e1th\u00fala - Topical Issue Debate"},"showAs":"Domestic, Sexual and Gender-based Violence","formats":{"pdf":null,"xml":null},"speakers":[],"containsDebate":true}},{"debateSection":{"debateType":"debate","debateSectionId":"dbsect_7","uri":"https:\/\/data.oireachtas.ie\/akn\/ie\/debateRecord\/dail\/2025-02-12\/debate\/dbsect_7","bill":null,"counts":{"speakerCount":2,"speechCount":4},"parentDebateSection":{"formats":{"pdf":null,"xml":null},"debateSectionId":"dbsect_3","uri":"https:\/\/data.oireachtas.ie\/akn\/ie\/debateRecord\/dail\/2025-02-12\/debate\/dbsect_3","showAs":"Saincheisteanna Tr\u00e1th\u00fala - Topical Issue Debate"},"showAs":"Road Safety","formats":{"pdf":null,"xml":null},"speakers":[],"containsDebate":true}},{"debateSection":{"debateType":"motion","debateSectionId":"dbsect_8","uri":"https:\/\/data.oireachtas.ie\/akn\/ie\/debateRecord\/dail\/2025-02-12\/debate\/dbsect_8","bill":null,"counts":{"speakerCount":32,"speechCount":49},"parentDebateSection":null,"showAs":"Housing Policy: Motion [Private Members]","formats":{"pdf":null,"xml":null},"speakers":[],"containsDebate":true}},{"debateSection":{"debateType":"questions","debateSectionId":"dbsect_9","uri":"https:\/\/data.oireachtas.ie\/akn\/ie\/debateRecord\/dail\/2025-02-12\/debate\/dbsect_9","bill":null,"counts":{"speakerCount":15,"speechCount":158},"parentDebateSection":null,"showAs":"Ceisteanna \u00f3 Cheannair\u00ed - Leaders' Questions","formats":{"pdf":null,"xml":null},"speakers":[],"containsDebate":true}},{"debateSection":{"debateType":"questions","debateSectionId":"dbsect_10","uri":"https:\/\/data.oireachtas.ie\/akn\/ie\/debateRecord\/dail\/2025-02-12\/debate\/dbsect_10","bill":null,"counts":{"speakerCount":24,"speechCount":113},"parentDebateSection":null,"showAs":"Ceisteanna ar Pholasa\u00ed n\u00f3 ar Reachta\u00edocht - Questions on Policy or Legislation","formats":{"pdf":null,"xml":null},"speakers":[],"containsDebate":true}},{"debateSection":{"debateType":"questions","debateSectionId":"dbsect_11","uri":"https:\/\/data.oireachtas.ie\/akn\/ie\/debateRecord\/dail\/2025-02-12\/debate\/dbsect_11","bill":null,"counts":{"speakerCount":0,"speechCount":0},"parentDebateSection":null,"showAs":"Ceisteanna - Questions","formats":{"pdf":null,"xml":null},"speakers":[],"containsDebate":false}},{"debateSection":{"debateType":"question","debateSectionId":"dbsect_12","uri":"https:\/\/data.oireachtas.ie\/akn\/ie\/debateRecord\/dail\/2025-02-12\/debate\/dbsect_12","bill":null,"counts":{"speakerCount":8,"speechCount":28},"parentDebateSection":{"formats":{"pdf":null,"xml":null},"debateSectionId":"dbsect_11","uri":"https:\/\/data.oireachtas.ie\/akn\/ie\/debateRecord\/dail\/2025-02-12\/debate\/dbsect_11","showAs":"Ceisteanna - Questions"},"showAs":"Programme for Government","formats":{"pdf":null,"xml":{"uri":"https:\/\/data.oireachtas.ie\/akn\/ie\/debateRecord\/dail\/2025-02-12\/debate\/mul@\/dbsect_12.xml"}},"speakers":[],"containsDebate":true}},{"debateSection":{"debateType":"question","debateSectionId":"dbsect_13","uri":"https:\/\/data.oireachtas.ie\/akn\/ie\/debateRecord\/dail\/2025-02-12\/debate\/dbsect_13","bill":null,"counts":{"speakerCount":7,"speechCount":20},"parentDebateSection":{"formats":{"pdf":null,"xml":null},"debateSectionId":"dbsect_11","uri":"https:\/\/data.oireachtas.ie\/akn\/ie\/debateRecord\/dail\/2025-02-12\/debate\/dbsect_11","showAs":"Ceisteanna - Questions"},"showAs":"Cabinet Committees","formats":{"pdf":null,"xml":{"uri":"https:\/\/data.oireachtas.ie\/akn\/ie\/debateRecord\/dail\/2025-02-12\/debate\/mul@\/dbsect_13.xml"}},"speakers":[],"containsDebate":true}},{"debateSection":{"debateType":"question","debateSectionId":"dbsect_14","uri":"https:\/\/data.oireachtas.ie\/akn\/ie\/debateRecord\/dail\/2025-02-12\/debate\/dbsect_14","bill":null,"counts":{"speakerCount":7,"speechCount":16},"parentDebateSection":{"formats":{"pdf":null,"xml":null},"debateSectionId":"dbsect_11","uri":"https:\/\/data.oireachtas.ie\/akn\/ie\/debateRecord\/dail\/2025-02-12\/debate\/dbsect_11","showAs":"Ceisteanna - Questions"},"showAs":"Industrial Development","formats":{"pdf":null,"xml":{"uri":"https:\/\/data.oireachtas.ie\/akn\/ie\/debateRecord\/dail\/2025-02-12\/debate\/mul@\/dbsect_14.xml"}},"speakers":[],"containsDebate":true}},{"debateSection":{"debateType":"statement","debateSectionId":"dbsect_15","uri":"https:\/\/data.oireachtas.ie\/akn\/ie\/debateRecord\/dail\/2025-02-12\/debate\/dbsect_15","bill":null,"counts":{"speakerCount":22,"speechCount":37},"parentDebateSection":null,"showAs":"Programme for Government: Statements (Resumed)","formats":{"pdf":null,"xml":null},"speakers":[],"containsDebate":true}},{"debateSection":{"debateType":"motion","debateSectionId":"dbsect_16","uri":"https:\/\/data.oireachtas.ie\/akn\/ie\/debateRecord\/dail\/2025-02-12\/debate\/dbsect_16","bill":null,"counts":{"speakerCount":9,"speechCount":15},"parentDebateSection":null,"showAs":"European Union Regulations: Motion","formats":{"pdf":null,"xml":null},"speakers":[],"containsDebate":true}},{"debateSection":{"debateType":"debate","debateSectionId":"dbsect_17","uri":"https:\/\/data.oireachtas.ie\/akn\/ie\/debateRecord\/dail\/2025-02-12\/debate\/dbsect_17","bill":{"uri":"https:\/\/data.oireachtas.ie\/ie\/oireachtas\/bill\/2025\/3","event":{"showAs":"Ministers and Secretaries and Ministerial, Parliamentary, Judicial and Court Offices (Amendment) Bill 2025: Second Stage (D\u00e1il)","uri":"https:\/\/data.oireachtas.ie\/ie\/oireachtas\/bill\/2025\/3\/dail\/2","isBillStage":true,"stage":"2","houseCode":"dail"}},"counts":{"speakerCount":13,"speechCount":18},"parentDebateSection":null,"showAs":"Ministers and Secretaries and Ministerial, Parliamentary, Judicial and Court Offices (Amendment) Bill 2025: Second Stage","formats":{"pdf":null,"xml":null},"speakers":[],"containsDebate":true}},{"debateSection":{"debateType":"debate","debateSectionId":"dbsect_22","uri":"https:\/\/data.oireachtas.ie\/akn\/ie\/debateRecord\/dail\/2025-02-12\/debate\/dbsect_22","bill":{"uri":"https:\/\/data.oireachtas.ie\/ie\/oireachtas\/bill\/2025\/3","event":{"showAs":"Ministers and Secretaries and Ministerial, Parliamentary, Judicial and Court Offices (Amendment) Bill 2025: Committee and Remaining Stages (D\u00e1il)","uri":"https:\/\/data.oireachtas.ie\/ie\/oireachtas\/bill\/2025\/3\/dail\/3_sub","isBillStage":false,"stage":"3_sub","houseCode":"dail"}},"counts":{"speakerCount":5,"speechCount":9},"parentDebateSection":null,"showAs":"Ministers and Secretaries and Ministerial, Parliamentary, Judicial and Court Offices (Amendment) Bill 2025: Committee and Remaining Stages","formats":{"pdf":null,"xml":null},"speakers":[],"containsDebate":true}},{"debateSection":{"debateType":"motion","debateSectionId":"dbsect_31","uri":"https:\/\/data.oireachtas.ie\/akn\/ie\/debateRecord\/dail\/2025-02-12\/debate\/dbsect_31","bill":null,"counts":{"speakerCount":1,"speechCount":1},"parentDebateSection":null,"showAs":"Situation in Palestine: Motion (Resumed) [Private Members]","formats":{"pdf":null,"xml":null},"speakers":[],"containsDebate":true}},{"debateSection":{"debateType":"motion","debateSectionId":"dbsect_40","uri":"https:\/\/data.oireachtas.ie\/akn\/ie\/debateRecord\/dail\/2025-02-12\/debate\/dbsect_40","bill":null,"counts":{"speakerCount":1,"speechCount":1},"parentDebateSection":null,"showAs":"Response to Storm \u00c9owyn: Motion (Resumed) [Private Members]","formats":{"pdf":null,"xml":null},"speakers":[],"containsDebate":true}},{"debateSection":{"debateType":"motion","debateSectionId":"dbsect_45","uri":"https:\/\/data.oireachtas.ie\/akn\/ie\/debateRecord\/dail\/2025-02-12\/debate\/dbsect_45","bill":null,"counts":{"speakerCount":1,"speechCount":1},"parentDebateSection":null,"showAs":"Housing Policy: Motion (Resumed) [Private Members]","formats":{"pdf":null,"xml":null},"speakers":[],"containsDebate":true}}],"chamber":{"showAs":"D\u00e1il \u00c9ireann","uri":"https:\/\/data.oireachtas.ie\/ie\/oireachtas\/def\/house\/dail"},"date":"2025-02-12"}},{"debateRecord":{"chamber":{"uri":"https:\/\/data.oireachtas.ie\/ie\/oireachtas\/def\/house\/dail","showAs":"D\u00e1il \u00c9ireann"},"lastUpdated":"2026-04-08T03:12:11+01:00","counts":{"debateSectionCount":26,"contributorCount":169,"divisionCount":1,"questionCount":20,"billCount":0},"debateType":"debate","debateSections":[{"debateSection":{"speakers":[],"uri":"https:\/\/data.oireachtas.ie\/akn\/ie\/debateRecord\/dail\/2025-02-11\/debate\/dbsect_2","counts":{"speakerCount":9,"speechCount":33},"debateType":"questions","formats":{"xml":null,"pdf":null},"debateSectionId":"dbsect_2","bill":null,"showAs":"Ceisteanna \u00f3 Cheannair\u00ed - Leaders' Questions","containsDebate":true,"parentDebateSection":null}},{"debateSection":{"speakers":[],"uri":"https:\/\/data.oireachtas.ie\/akn\/ie\/debateRecord\/dail\/2025-02-11\/debate\/dbsect_3","counts":{"speakerCount":29,"speechCount":101},"debateType":"orderofBusiness","formats":{"xml":null,"pdf":null},"debateSectionId":"dbsect_3","bill":null,"showAs":"An tOrd Gn\u00f3 - Order of Business","containsDebate":true,"parentDebateSection":null}},{"debateSection":{"speakers":[],"uri":"https:\/\/data.oireachtas.ie\/akn\/ie\/debateRecord\/dail\/2025-02-11\/debate\/dbsect_8","counts":{"speakerCount":1,"speechCount":1},"debateType":"questions","formats":{"xml":null,"pdf":null},"debateSectionId":"dbsect_8","bill":null,"showAs":"Ministerial Rota for Parliamentary Questions: Motion","containsDebate":true,"parentDebateSection":null}},{"debateSection":{"speakers":[],"uri":"https:\/\/data.oireachtas.ie\/akn\/ie\/debateRecord\/dail\/2025-02-11\/debate\/dbsect_9","counts":{"speakerCount":26,"speechCount":50},"debateType":"statement","formats":{"xml":null,"pdf":null},"debateSectionId":"dbsect_9","bill":null,"showAs":"Programme for Government: Statements (Resumed)","containsDebate":true,"parentDebateSection":null}},{"debateSection":{"speakers":[],"uri":"https:\/\/data.oireachtas.ie\/akn\/ie\/debateRecord\/dail\/2025-02-11\/debate\/dbsect_10","counts":{"speakerCount":24,"speechCount":51},"debateType":"motion","formats":{"xml":null,"pdf":null},"debateSectionId":"dbsect_10","bill":null,"showAs":"Response to Storm \u00c9owyn: Motion [Private Members]","containsDebate":true,"parentDebateSection":null}},{"debateSection":{"speakers":[],"uri":"https:\/\/data.oireachtas.ie\/akn\/ie\/debateRecord\/dail\/2025-02-11\/debate\/dbsect_11","counts":{"speakerCount":1,"speechCount":1},"debateType":"topical","formats":{"xml":null,"pdf":null},"debateSectionId":"dbsect_11","bill":null,"showAs":"\u00c1bhair Shaincheisteanna Tr\u00e1th\u00fala - Topical Issue Matters","containsDebate":true,"parentDebateSection":null}},{"debateSection":{"speakers":[],"uri":"https:\/\/data.oireachtas.ie\/akn\/ie\/debateRecord\/dail\/2025-02-11\/debate\/dbsect_12","counts":{"speakerCount":0,"speechCount":0},"debateType":"questions","formats":{"xml":null,"pdf":null},"debateSectionId":"dbsect_12","bill":null,"showAs":"Ceisteanna ar Sonra\u00edodh Uain D\u00f3ibh - Priority Questions","containsDebate":false,"parentDebateSection":null}},{"debateSection":{"speakers":[],"uri":"https:\/\/data.oireachtas.ie\/akn\/ie\/debateRecord\/dail\/2025-02-11\/debate\/dbsect_13","counts":{"speakerCount":4,"speechCount":25},"debateType":"question","formats":{"xml":{"uri":"https:\/\/data.oireachtas.ie\/akn\/ie\/debateRecord\/dail\/2025-02-11\/debate\/mul@\/dbsect_13.xml"},"pdf":null},"debateSectionId":"dbsect_13","bill":null,"showAs":"Legislative Programme","containsDebate":true,"parentDebateSection":{"debateSectionId":"dbsect_12","uri":"https:\/\/data.oireachtas.ie\/akn\/ie\/debateRecord\/dail\/2025-02-11\/debate\/dbsect_12","showAs":"Ceisteanna ar Sonra\u00edodh Uain D\u00f3ibh - Priority Questions","formats":{"xml":null,"pdf":null}}}},{"debateSection":{"speakers":[],"uri":"https:\/\/data.oireachtas.ie\/akn\/ie\/debateRecord\/dail\/2025-02-11\/debate\/dbsect_14","counts":{"speakerCount":2,"speechCount":6},"debateType":"question","formats":{"xml":{"uri":"https:\/\/data.oireachtas.ie\/akn\/ie\/debateRecord\/dail\/2025-02-11\/debate\/mul@\/dbsect_14.xml"},"pdf":null},"debateSectionId":"dbsect_14","bill":null,"showAs":"Passport Services","containsDebate":true,"parentDebateSection":{"debateSectionId":"dbsect_12","uri":"https:\/\/data.oireachtas.ie\/akn\/ie\/debateRecord\/dail\/2025-02-11\/debate\/dbsect_12","showAs":"Ceisteanna ar Sonra\u00edodh Uain D\u00f3ibh - Priority Questions","formats":{"xml":null,"pdf":null}}}},{"debateSection":{"speakers":[],"uri":"https:\/\/data.oireachtas.ie\/akn\/ie\/debateRecord\/dail\/2025-02-11\/debate\/dbsect_15","counts":{"speakerCount":2,"speechCount":6},"debateType":"question","formats":{"xml":{"uri":"https:\/\/data.oireachtas.ie\/akn\/ie\/debateRecord\/dail\/2025-02-11\/debate\/mul@\/dbsect_15.xml"},"pdf":null},"debateSectionId":"dbsect_15","bill":null,"showAs":"Departmental Bodies","containsDebate":true,"parentDebateSection":{"debateSectionId":"dbsect_12","uri":"https:\/\/data.oireachtas.ie\/akn\/ie\/debateRecord\/dail\/2025-02-11\/debate\/dbsect_12","showAs":"Ceisteanna ar Sonra\u00edodh Uain D\u00f3ibh - Priority Questions","formats":{"xml":null,"pdf":null}}}},{"debateSection":{"speakers":[],"uri":"https:\/\/data.oireachtas.ie\/akn\/ie\/debateRecord\/dail\/2025-02-11\/debate\/dbsect_16","counts":{"speakerCount":2,"speechCount":7},"debateType":"question","formats":{"xml":{"uri":"https:\/\/data.oireachtas.ie\/akn\/ie\/debateRecord\/dail\/2025-02-11\/debate\/mul@\/dbsect_16.xml"},"pdf":null},"debateSectionId":"dbsect_16","bill":null,"showAs":"Middle East","containsDebate":true,"parentDebateSection":{"debateSectionId":"dbsect_12","uri":"https:\/\/data.oireachtas.ie\/akn\/ie\/debateRecord\/dail\/2025-02-11\/debate\/dbsect_12","showAs":"Ceisteanna ar Sonra\u00edodh Uain D\u00f3ibh - Priority Questions","formats":{"xml":null,"pdf":null}}}},{"debateSection":{"speakers":[],"uri":"https:\/\/data.oireachtas.ie\/akn\/ie\/debateRecord\/dail\/2025-02-11\/debate\/dbsect_17","counts":{"speakerCount":0,"speechCount":0},"debateType":"questions","formats":{"xml":null,"pdf":null},"debateSectionId":"dbsect_17","bill":null,"showAs":"Ceisteanna Eile - Other Questions","containsDebate":false,"parentDebateSection":null}},{"debateSection":{"speakers":[],"uri":"https:\/\/data.oireachtas.ie\/akn\/ie\/debateRecord\/dail\/2025-02-11\/debate\/dbsect_18","counts":{"speakerCount":2,"speechCount":6},"debateType":"question","formats":{"xml":{"uri":"https:\/\/data.oireachtas.ie\/akn\/ie\/debateRecord\/dail\/2025-02-11\/debate\/mul@\/dbsect_18.xml"},"pdf":null},"debateSectionId":"dbsect_18","bill":null,"showAs":"Official Engagements","containsDebate":true,"parentDebateSection":{"debateSectionId":"dbsect_17","uri":"https:\/\/data.oireachtas.ie\/akn\/ie\/debateRecord\/dail\/2025-02-11\/debate\/dbsect_17","showAs":"Ceisteanna Eile - Other Questions","formats":{"xml":null,"pdf":null}}}},{"debateSection":{"speakers":[],"uri":"https:\/\/data.oireachtas.ie\/akn\/ie\/debateRecord\/dail\/2025-02-11\/debate\/dbsect_19","counts":{"speakerCount":5,"speechCount":9},"debateType":"question","formats":{"xml":{"uri":"https:\/\/data.oireachtas.ie\/akn\/ie\/debateRecord\/dail\/2025-02-11\/debate\/mul@\/dbsect_19.xml"},"pdf":null},"debateSectionId":"dbsect_19","bill":null,"showAs":"International Relations","containsDebate":true,"parentDebateSection":{"debateSectionId":"dbsect_17","uri":"https:\/\/data.oireachtas.ie\/akn\/ie\/debateRecord\/dail\/2025-02-11\/debate\/dbsect_17","showAs":"Ceisteanna Eile - Other Questions","formats":{"xml":null,"pdf":null}}}},{"debateSection":{"speakers":[],"uri":"https:\/\/data.oireachtas.ie\/akn\/ie\/debateRecord\/dail\/2025-02-11\/debate\/dbsect_20","counts":{"speakerCount":2,"speechCount":4},"debateType":"question","formats":{"xml":{"uri":"https:\/\/data.oireachtas.ie\/akn\/ie\/debateRecord\/dail\/2025-02-11\/debate\/mul@\/dbsect_20.xml"},"pdf":null},"debateSectionId":"dbsect_20","bill":null,"showAs":"Passport Services","containsDebate":true,"parentDebateSection":{"debateSectionId":"dbsect_17","uri":"https:\/\/data.oireachtas.ie\/akn\/ie\/debateRecord\/dail\/2025-02-11\/debate\/dbsect_17","showAs":"Ceisteanna Eile - Other Questions","formats":{"xml":null,"pdf":null}}}},{"debateSection":{"speakers":[],"uri":"https:\/\/data.oireachtas.ie\/akn\/ie\/debateRecord\/dail\/2025-02-11\/debate\/dbsect_21","counts":{"speakerCount":3,"speechCount":10},"debateType":"question","formats":{"xml":{"uri":"https:\/\/data.oireachtas.ie\/akn\/ie\/debateRecord\/dail\/2025-02-11\/debate\/mul@\/dbsect_21.xml"},"pdf":null},"debateSectionId":"dbsect_21","bill":null,"showAs":"Middle East","containsDebate":true,"parentDebateSection":{"debateSectionId":"dbsect_17","uri":"https:\/\/data.oireachtas.ie\/akn\/ie\/debateRecord\/dail\/2025-02-11\/debate\/dbsect_17","showAs":"Ceisteanna Eile - Other Questions","formats":{"xml":null,"pdf":null}}}},{"debateSection":{"speakers":[],"uri":"https:\/\/data.oireachtas.ie\/akn\/ie\/debateRecord\/dail\/2025-02-11\/debate\/dbsect_22","counts":{"speakerCount":3,"speechCount":7},"debateType":"question","formats":{"xml":{"uri":"https:\/\/data.oireachtas.ie\/akn\/ie\/debateRecord\/dail\/2025-02-11\/debate\/mul@\/dbsect_22.xml"},"pdf":null},"debateSectionId":"dbsect_22","bill":null,"showAs":"EU Presidency","containsDebate":true,"parentDebateSection":{"debateSectionId":"dbsect_17","uri":"https:\/\/data.oireachtas.ie\/akn\/ie\/debateRecord\/dail\/2025-02-11\/debate\/dbsect_17","showAs":"Ceisteanna Eile - Other Questions","formats":{"xml":null,"pdf":null}}}},{"debateSection":{"speakers":[],"uri":"https:\/\/data.oireachtas.ie\/akn\/ie\/debateRecord\/dail\/2025-02-11\/debate\/dbsect_23","counts":{"speakerCount":2,"speechCount":2},"debateType":"question","formats":{"xml":{"uri":"https:\/\/data.oireachtas.ie\/akn\/ie\/debateRecord\/dail\/2025-02-11\/debate\/mul@\/dbsect_23.xml"},"pdf":null},"debateSectionId":"dbsect_23","bill":null,"showAs":"International Relations","containsDebate":true,"parentDebateSection":{"debateSectionId":"dbsect_17","uri":"https:\/\/data.oireachtas.ie\/akn\/ie\/debateRecord\/dail\/2025-02-11\/debate\/dbsect_17","showAs":"Ceisteanna Eile - Other Questions","formats":{"xml":null,"pdf":null}}}},{"debateSection":{"speakers":[],"uri":"https:\/\/data.oireachtas.ie\/akn\/ie\/debateRecord\/dail\/2025-02-11\/debate\/dbsect_24","counts":{"speakerCount":2,"speechCount":6},"debateType":"question","formats":{"xml":{"uri":"https:\/\/data.oireachtas.ie\/akn\/ie\/debateRecord\/dail\/2025-02-11\/debate\/mul@\/dbsect_24.xml"},"pdf":null},"debateSectionId":"dbsect_24","bill":null,"showAs":"Passport Services","containsDebate":true,"parentDebateSection":{"debateSectionId":"dbsect_17","uri":"https:\/\/data.oireachtas.ie\/akn\/ie\/debateRecord\/dail\/2025-02-11\/debate\/dbsect_17","showAs":"Ceisteanna Eile - Other Questions","formats":{"xml":null,"pdf":null}}}},{"debateSection":{"speakers":[],"uri":"https:\/\/data.oireachtas.ie\/akn\/ie\/debateRecord\/dail\/2025-02-11\/debate\/dbsect_25","counts":{"speakerCount":3,"speechCount":13},"debateType":"question","formats":{"xml":{"uri":"https:\/\/data.oireachtas.ie\/akn\/ie\/debateRecord\/dail\/2025-02-11\/debate\/mul@\/dbsect_25.xml"},"pdf":null},"debateSectionId":"dbsect_25","bill":null,"showAs":"Middle East","containsDebate":true,"parentDebateSection":{"debateSectionId":"dbsect_17","uri":"https:\/\/data.oireachtas.ie\/akn\/ie\/debateRecord\/dail\/2025-02-11\/debate\/dbsect_17","showAs":"Ceisteanna Eile - Other Questions","formats":{"xml":null,"pdf":null}}}},{"debateSection":{"speakers":[],"uri":"https:\/\/data.oireachtas.ie\/akn\/ie\/debateRecord\/dail\/2025-02-11\/debate\/dbsect_26","counts":{"speakerCount":4,"speechCount":10},"debateType":"question","formats":{"xml":{"uri":"https:\/\/data.oireachtas.ie\/akn\/ie\/debateRecord\/dail\/2025-02-11\/debate\/mul@\/dbsect_26.xml"},"pdf":null},"debateSectionId":"dbsect_26","bill":null,"showAs":"Northern Ireland","containsDebate":true,"parentDebateSection":{"debateSectionId":"dbsect_17","uri":"https:\/\/data.oireachtas.ie\/akn\/ie\/debateRecord\/dail\/2025-02-11\/debate\/dbsect_17","showAs":"Ceisteanna Eile - Other Questions","formats":{"xml":null,"pdf":null}}}},{"debateSection":{"speakers":[],"uri":"https:\/\/data.oireachtas.ie\/akn\/ie\/debateRecord\/dail\/2025-02-11\/debate\/dbsect_27","counts":{"speakerCount":0,"speechCount":0},"debateType":"topical","formats":{"xml":null,"pdf":null},"debateSectionId":"dbsect_27","bill":null,"showAs":"Saincheisteanna Tr\u00e1th\u00fala - Topical Issue Debate","containsDebate":false,"parentDebateSection":null}},{"debateSection":{"speakers":[],"uri":"https:\/\/data.oireachtas.ie\/akn\/ie\/debateRecord\/dail\/2025-02-11\/debate\/dbsect_28","counts":{"speakerCount":2,"speechCount":4},"debateType":"debate","formats":{"xml":null,"pdf":null},"debateSectionId":"dbsect_28","bill":null,"showAs":"Early Childhood Care and Education","containsDebate":true,"parentDebateSection":{"debateSectionId":"dbsect_27","uri":"https:\/\/data.oireachtas.ie\/akn\/ie\/debateRecord\/dail\/2025-02-11\/debate\/dbsect_27","showAs":"Saincheisteanna Tr\u00e1th\u00fala - Topical Issue Debate","formats":{"xml":null,"pdf":null}}}},{"debateSection":{"speakers":[],"uri":"https:\/\/data.oireachtas.ie\/akn\/ie\/debateRecord\/dail\/2025-02-11\/debate\/dbsect_29","counts":{"speakerCount":2,"speechCount":5},"debateType":"debate","formats":{"xml":null,"pdf":null},"debateSectionId":"dbsect_29","bill":null,"showAs":"Mortality Rates","containsDebate":true,"parentDebateSection":{"debateSectionId":"dbsect_27","uri":"https:\/\/data.oireachtas.ie\/akn\/ie\/debateRecord\/dail\/2025-02-11\/debate\/dbsect_27","showAs":"Saincheisteanna Tr\u00e1th\u00fala - Topical Issue Debate","formats":{"xml":null,"pdf":null}}}},{"debateSection":{"speakers":[],"uri":"https:\/\/data.oireachtas.ie\/akn\/ie\/debateRecord\/dail\/2025-02-11\/debate\/dbsect_30","counts":{"speakerCount":3,"speechCount":6},"debateType":"debate","formats":{"xml":null,"pdf":null},"debateSectionId":"dbsect_30","bill":null,"showAs":"Special Educational Needs","containsDebate":true,"parentDebateSection":{"debateSectionId":"dbsect_27","uri":"https:\/\/data.oireachtas.ie\/akn\/ie\/debateRecord\/dail\/2025-02-11\/debate\/dbsect_27","showAs":"Saincheisteanna Tr\u00e1th\u00fala - Topical Issue Debate","formats":{"xml":null,"pdf":null}}}},{"debateSection":{"speakers":[],"uri":"https:\/\/data.oireachtas.ie\/akn\/ie\/debateRecord\/dail\/2025-02-11\/debate\/dbsect_31","counts":{"speakerCount":3,"speechCount":11},"debateType":"debate","formats":{"xml":null,"pdf":null},"debateSectionId":"dbsect_31","bill":null,"showAs":"Industrial Disputes","containsDebate":true,"parentDebateSection":{"debateSectionId":"dbsect_27","uri":"https:\/\/data.oireachtas.ie\/akn\/ie\/debateRecord\/dail\/2025-02-11\/debate\/dbsect_27","showAs":"Saincheisteanna Tr\u00e1th\u00fala - Topical Issue Debate","formats":{"xml":null,"pdf":null}}}}],"uri":"https:\/\/data.oireachtas.ie\/akn\/ie\/debateRecord\/dail\/2025-02-11\/debate\/main","date":"2025-02-11","formats":{"xml":{"uri":"https:\/\/data.oireachtas.ie\/akn\/ie\/debateRecord\/dail\/2025-02-11\/debate\/mul@\/main.xml"},"pdf":{"uri":"https:\/\/data.oireachtas.ie\/ie\/oireachtas\/debateRecord\/dail\/2025-02-11\/debate\/mul@\/main.pdf"},"writtens_pdf":null},"house":{"houseNo":"34","uri":"https:\/\/data.oireachtas.ie\/ie\/oireachtas\/house\/dail\/34","chamberType":"house","houseCode":"dail","showAs":"34th D\u00e1il","committeeCode":""}},"contextDate":"2025-02-11"},{"contextDate":"2025-02-06","debateRecord":{"date":"2025-02-06","formats":{"pdf":{"uri":"https:\/\/data.oireachtas.ie\/ie\/oireachtas\/debateRecord\/dail\/2025-02-06\/debate\/mul@\/main.pdf"},"writtens_pdf":null,"xml":{"uri":"https:\/\/data.oireachtas.ie\/akn\/ie\/debateRecord\/dail\/2025-02-06\/debate\/mul@\/main.xml"}},"counts":{"debateSectionCount":10,"questionCount":0,"billCount":0,"divisionCount":0,"contributorCount":116},"debateType":"debate","uri":"https:\/\/data.oireachtas.ie\/akn\/ie\/debateRecord\/dail\/2025-02-06\/debate\/main","chamber":{"uri":"https:\/\/data.oireachtas.ie\/ie\/oireachtas\/def\/house\/dail","showAs":"D\u00e1il \u00c9ireann"},"debateSections":[{"debateSection":{"debateSectionId":"dbsect_2","counts":{"speakerCount":21,"speechCount":24},"debateType":"statement","showAs":"Government\u2019s Response to Storm \u00c9owyn: Statements (Resumed)","uri":"https:\/\/data.oireachtas.ie\/akn\/ie\/debateRecord\/dail\/2025-02-06\/debate\/dbsect_2","containsDebate":true,"formats":{"pdf":null,"xml":null},"bill":null,"speakers":[],"parentDebateSection":null}},{"debateSection":{"debateSectionId":"dbsect_3","counts":{"speakerCount":1,"speechCount":1},"debateType":"topical","showAs":"\u00c1bhair Shaincheisteanna Tr\u00e1th\u00fala - Topical Issue Matters","uri":"https:\/\/data.oireachtas.ie\/akn\/ie\/debateRecord\/dail\/2025-02-06\/debate\/dbsect_3","containsDebate":true,"formats":{"pdf":null,"xml":null},"bill":null,"speakers":[],"parentDebateSection":null}},{"debateSection":{"debateSectionId":"dbsect_4","counts":{"speakerCount":0,"speechCount":0},"debateType":"topical","showAs":"Saincheisteanna Tr\u00e1th\u00fala - Topical Issue Debate","uri":"https:\/\/data.oireachtas.ie\/akn\/ie\/debateRecord\/dail\/2025-02-06\/debate\/dbsect_4","containsDebate":false,"formats":{"pdf":null,"xml":null},"bill":null,"speakers":[],"parentDebateSection":null}},{"debateSection":{"debateSectionId":"dbsect_5","counts":{"speakerCount":2,"speechCount":4},"debateType":"debate","showAs":"Childcare Services","uri":"https:\/\/data.oireachtas.ie\/akn\/ie\/debateRecord\/dail\/2025-02-06\/debate\/dbsect_5","containsDebate":true,"formats":{"pdf":null,"xml":null},"bill":null,"speakers":[],"parentDebateSection":{"debateSectionId":"dbsect_4","formats":{"pdf":null,"xml":null},"uri":"https:\/\/data.oireachtas.ie\/akn\/ie\/debateRecord\/dail\/2025-02-06\/debate\/dbsect_4","showAs":"Saincheisteanna Tr\u00e1th\u00fala - Topical Issue Debate"}}},{"debateSection":{"debateSectionId":"dbsect_6","counts":{"speakerCount":3,"speechCount":6},"debateType":"debate","showAs":"Agriculture Schemes","uri":"https:\/\/data.oireachtas.ie\/akn\/ie\/debateRecord\/dail\/2025-02-06\/debate\/dbsect_6","containsDebate":true,"formats":{"pdf":null,"xml":null},"bill":null,"speakers":[],"parentDebateSection":{"debateSectionId":"dbsect_4","formats":{"pdf":null,"xml":null},"uri":"https:\/\/data.oireachtas.ie\/akn\/ie\/debateRecord\/dail\/2025-02-06\/debate\/dbsect_4","showAs":"Saincheisteanna Tr\u00e1th\u00fala - Topical Issue Debate"}}},{"debateSection":{"debateSectionId":"dbsect_7","counts":{"speakerCount":2,"speechCount":6},"debateType":"debate","showAs":"Water Supply","uri":"https:\/\/data.oireachtas.ie\/akn\/ie\/debateRecord\/dail\/2025-02-06\/debate\/dbsect_7","containsDebate":true,"formats":{"pdf":null,"xml":null},"bill":null,"speakers":[],"parentDebateSection":{"debateSectionId":"dbsect_4","formats":{"pdf":null,"xml":null},"uri":"https:\/\/data.oireachtas.ie\/akn\/ie\/debateRecord\/dail\/2025-02-06\/debate\/dbsect_4","showAs":"Saincheisteanna Tr\u00e1th\u00fala - Topical Issue Debate"}}},{"debateSection":{"debateSectionId":"dbsect_8","counts":{"speakerCount":3,"speechCount":7},"debateType":"debate","showAs":"Water Quality","uri":"https:\/\/data.oireachtas.ie\/akn\/ie\/debateRecord\/dail\/2025-02-06\/debate\/dbsect_8","containsDebate":true,"formats":{"pdf":null,"xml":null},"bill":null,"speakers":[],"parentDebateSection":{"debateSectionId":"dbsect_4","formats":{"pdf":null,"xml":null},"uri":"https:\/\/data.oireachtas.ie\/akn\/ie\/debateRecord\/dail\/2025-02-06\/debate\/dbsect_4","showAs":"Saincheisteanna Tr\u00e1th\u00fala - Topical Issue Debate"}}},{"debateSection":{"debateSectionId":"dbsect_9","counts":{"speakerCount":8,"speechCount":40},"debateType":"questions","showAs":"Ceisteanna \u00f3 Cheannair\u00ed - Leaders' Questions","uri":"https:\/\/data.oireachtas.ie\/akn\/ie\/debateRecord\/dail\/2025-02-06\/debate\/dbsect_9","containsDebate":true,"formats":{"pdf":null,"xml":null},"bill":null,"speakers":[],"parentDebateSection":null}},{"debateSection":{"debateSectionId":"dbsect_10","counts":{"speakerCount":19,"speechCount":53},"debateType":"questions","showAs":"Ceisteanna ar Pholasa\u00ed n\u00f3 ar Reachta\u00edocht - Questions on Policy or Legislation","uri":"https:\/\/data.oireachtas.ie\/akn\/ie\/debateRecord\/dail\/2025-02-06\/debate\/dbsect_10","containsDebate":true,"formats":{"pdf":null,"xml":null},"bill":null,"speakers":[],"parentDebateSection":null}},{"debateSection":{"debateSectionId":"dbsect_11","counts":{"speakerCount":37,"speechCount":56},"debateType":"statement","showAs":"Programme for Government: Statements","uri":"https:\/\/data.oireachtas.ie\/akn\/ie\/debateRecord\/dail\/2025-02-06\/debate\/dbsect_11","containsDebate":true,"formats":{"pdf":null,"xml":null},"bill":null,"speakers":[],"parentDebateSection":null}}],"lastUpdated":"2025-09-12T03:17:03+01:00","house":{"committeeCode":"","houseCode":"dail","uri":"https:\/\/data.oireachtas.ie\/ie\/oireachtas\/house\/dail\/34","showAs":"34th D\u00e1il","houseNo":"34","chamberType":"house"}}},{"contextDate":"2025-02-05","debateRecord":{"date":"2025-02-05","formats":{"pdf":{"uri":"https:\/\/data.oireachtas.ie\/ie\/oireachtas\/debateRecord\/dail\/2025-02-05\/debate\/mul@\/main.pdf"},"writtens_pdf":null,"xml":{"uri":"https:\/\/data.oireachtas.ie\/akn\/ie\/debateRecord\/dail\/2025-02-05\/debate\/mul@\/main.xml"}},"counts":{"debateSectionCount":15,"questionCount":0,"billCount":0,"divisionCount":2,"contributorCount":173},"debateType":"debate","uri":"https:\/\/data.oireachtas.ie\/akn\/ie\/debateRecord\/dail\/2025-02-05\/debate\/main","chamber":{"uri":"https:\/\/data.oireachtas.ie\/ie\/oireachtas\/def\/house\/dail","showAs":"D\u00e1il \u00c9ireann"},"debateSections":[{"debateSection":{"debateSectionId":"dbsect_2","counts":{"speakerCount":15,"speechCount":71},"debateType":"questions","showAs":"Ceisteanna \u00f3 Cheannair\u00ed - Leaders' Questions","uri":"https:\/\/data.oireachtas.ie\/akn\/ie\/debateRecord\/dail\/2025-02-05\/debate\/dbsect_2","containsDebate":true,"formats":{"pdf":null,"xml":null},"bill":null,"speakers":[],"parentDebateSection":null}},{"debateSection":{"debateSectionId":"dbsect_3","counts":{"speakerCount":29,"speechCount":78},"debateType":"orderofBusiness","showAs":"An tOrd Gn\u00f3 - Order of Business","uri":"https:\/\/data.oireachtas.ie\/akn\/ie\/debateRecord\/dail\/2025-02-05\/debate\/dbsect_3","containsDebate":true,"formats":{"pdf":null,"xml":null},"bill":null,"speakers":[],"parentDebateSection":null}},{"debateSection":{"debateSectionId":"dbsect_8","counts":{"speakerCount":1,"speechCount":1},"debateType":"questions","showAs":"Ministerial Rota for Parliamentary Questions: Motion","uri":"https:\/\/data.oireachtas.ie\/akn\/ie\/debateRecord\/dail\/2025-02-05\/debate\/dbsect_8","containsDebate":true,"formats":{"pdf":null,"xml":null},"bill":null,"speakers":[],"parentDebateSection":null}},{"debateSection":{"debateSectionId":"dbsect_9","counts":{"speakerCount":1,"speechCount":1},"debateType":"motion","showAs":"Restoration of Bills to Order Paper: Motion","uri":"https:\/\/data.oireachtas.ie\/akn\/ie\/debateRecord\/dail\/2025-02-05\/debate\/dbsect_9","containsDebate":true,"formats":{"pdf":null,"xml":null},"bill":null,"speakers":[],"parentDebateSection":null}},{"debateSection":{"debateSectionId":"dbsect_10","counts":{"speakerCount":4,"speechCount":13},"debateType":"debate","showAs":"Ministers and Secretaries and Ministerial, Parliamentary, Judicial and Court Offices (Amendment) Bill 2025: Waiver of Pre-Legislative Scrutiny","uri":"https:\/\/data.oireachtas.ie\/akn\/ie\/debateRecord\/dail\/2025-02-05\/debate\/dbsect_10","containsDebate":true,"formats":{"pdf":null,"xml":null},"bill":null,"speakers":[],"parentDebateSection":null}},{"debateSection":{"debateSectionId":"dbsect_15","counts":{"speakerCount":8,"speechCount":9},"debateType":"statement","showAs":"Government\u2019s Response to Storm \u00c9owyn: Statements","uri":"https:\/\/data.oireachtas.ie\/akn\/ie\/debateRecord\/dail\/2025-02-05\/debate\/dbsect_15","containsDebate":true,"formats":{"pdf":null,"xml":null},"bill":null,"speakers":[],"parentDebateSection":null}},{"debateSection":{"debateSectionId":"dbsect_16","counts":{"speakerCount":1,"speechCount":1},"debateType":"debate","showAs":"Teachtaireachta\u00ed \u00f3n Seanad - Messages from Seanad","uri":"https:\/\/data.oireachtas.ie\/akn\/ie\/debateRecord\/dail\/2025-02-05\/debate\/dbsect_16","containsDebate":true,"formats":{"pdf":null,"xml":null},"bill":null,"speakers":[],"parentDebateSection":null}},{"debateSection":{"debateSectionId":"dbsect_17","counts":{"speakerCount":36,"speechCount":70},"debateType":"statement","showAs":"Government\u2019s Response to Storm \u00c9owyn: Statements (Resumed)","uri":"https:\/\/data.oireachtas.ie\/akn\/ie\/debateRecord\/dail\/2025-02-05\/debate\/dbsect_17","containsDebate":true,"formats":{"pdf":null,"xml":null},"bill":null,"speakers":[],"parentDebateSection":null}},{"debateSection":{"debateSectionId":"dbsect_18","counts":{"speakerCount":1,"speechCount":1},"debateType":"topical","showAs":"\u00c1bhair Shaincheisteanna Tr\u00e1th\u00fala - Topical Issue Matters","uri":"https:\/\/data.oireachtas.ie\/akn\/ie\/debateRecord\/dail\/2025-02-05\/debate\/dbsect_18","containsDebate":true,"formats":{"pdf":null,"xml":null},"bill":null,"speakers":[],"parentDebateSection":null}},{"debateSection":{"debateSectionId":"dbsect_19","counts":{"speakerCount":30,"speechCount":64},"debateType":"motion","showAs":"Situation in Palestine: Motion [Private Members]","uri":"https:\/\/data.oireachtas.ie\/akn\/ie\/debateRecord\/dail\/2025-02-05\/debate\/dbsect_19","containsDebate":true,"formats":{"pdf":null,"xml":null},"bill":null,"speakers":[],"parentDebateSection":null}},{"debateSection":{"debateSectionId":"dbsect_20","counts":{"speakerCount":0,"speechCount":0},"debateType":"topical","showAs":"Saincheisteanna Tr\u00e1th\u00fala - Topical Issue Debate","uri":"https:\/\/data.oireachtas.ie\/akn\/ie\/debateRecord\/dail\/2025-02-05\/debate\/dbsect_20","containsDebate":false,"formats":{"pdf":null,"xml":null},"bill":null,"speakers":[],"parentDebateSection":null}},{"debateSection":{"debateSectionId":"dbsect_21","counts":{"speakerCount":3,"speechCount":12},"debateType":"debate","showAs":"Building Regulations","uri":"https:\/\/data.oireachtas.ie\/akn\/ie\/debateRecord\/dail\/2025-02-05\/debate\/dbsect_21","containsDebate":true,"formats":{"pdf":null,"xml":null},"bill":null,"speakers":[],"parentDebateSection":{"debateSectionId":"dbsect_20","formats":{"pdf":null,"xml":null},"uri":"https:\/\/data.oireachtas.ie\/akn\/ie\/debateRecord\/dail\/2025-02-05\/debate\/dbsect_20","showAs":"Saincheisteanna Tr\u00e1th\u00fala - Topical Issue Debate"}}},{"debateSection":{"debateSectionId":"dbsect_22","counts":{"speakerCount":2,"speechCount":4},"debateType":"debate","showAs":"Forestry Sector","uri":"https:\/\/data.oireachtas.ie\/akn\/ie\/debateRecord\/dail\/2025-02-05\/debate\/dbsect_22","containsDebate":true,"formats":{"pdf":null,"xml":null},"bill":null,"speakers":[],"parentDebateSection":{"debateSectionId":"dbsect_20","formats":{"pdf":null,"xml":null},"uri":"https:\/\/data.oireachtas.ie\/akn\/ie\/debateRecord\/dail\/2025-02-05\/debate\/dbsect_20","showAs":"Saincheisteanna Tr\u00e1th\u00fala - Topical Issue Debate"}}},{"debateSection":{"debateSectionId":"dbsect_23","counts":{"speakerCount":2,"speechCount":4},"debateType":"debate","showAs":"Bus Services","uri":"https:\/\/data.oireachtas.ie\/akn\/ie\/debateRecord\/dail\/2025-02-05\/debate\/dbsect_23","containsDebate":true,"formats":{"pdf":null,"xml":null},"bill":null,"speakers":[],"parentDebateSection":{"debateSectionId":"dbsect_20","formats":{"pdf":null,"xml":null},"uri":"https:\/\/data.oireachtas.ie\/akn\/ie\/debateRecord\/dail\/2025-02-05\/debate\/dbsect_20","showAs":"Saincheisteanna Tr\u00e1th\u00fala - Topical Issue Debate"}}},{"debateSection":{"debateSectionId":"dbsect_24","counts":{"speakerCount":3,"speechCount":5},"debateType":"debate","showAs":"Social Welfare Code","uri":"https:\/\/data.oireachtas.ie\/akn\/ie\/debateRecord\/dail\/2025-02-05\/debate\/dbsect_24","containsDebate":true,"formats":{"pdf":null,"xml":null},"bill":null,"speakers":[],"parentDebateSection":{"debateSectionId":"dbsect_20","formats":{"pdf":null,"xml":null},"uri":"https:\/\/data.oireachtas.ie\/akn\/ie\/debateRecord\/dail\/2025-02-05\/debate\/dbsect_20","showAs":"Saincheisteanna Tr\u00e1th\u00fala - Topical Issue Debate"}}}],"lastUpdated":"2025-09-12T03:17:21+01:00","house":{"committeeCode":"","houseCode":"dail","uri":"https:\/\/data.oireachtas.ie\/ie\/oireachtas\/house\/dail\/34","showAs":"34th D\u00e1il","houseNo":"34","chamberType":"house"}}},{"contextDate":"2025-01-23","debateRecord":{"debateType":"debate","formats":{"pdf":{"uri":"https:\/\/data.oireachtas.ie\/ie\/oireachtas\/debateRecord\/dail\/2025-01-23\/debate\/mul@\/main.pdf"},"xml":{"uri":"https:\/\/data.oireachtas.ie\/akn\/ie\/debateRecord\/dail\/2025-01-23\/debate\/mul@\/main.xml"},"writtens_pdf":null},"uri":"https:\/\/data.oireachtas.ie\/akn\/ie\/debateRecord\/dail\/2025-01-23\/debate\/main","lastUpdated":"2025-07-10T04:05:07+01:00","counts":{"contributorCount":173,"debateSectionCount":6,"divisionCount":3,"billCount":0,"questionCount":0},"house":{"uri":"https:\/\/data.oireachtas.ie\/ie\/oireachtas\/house\/dail\/34","chamberType":"house","committeeCode":"","showAs":"34th D\u00e1il","houseNo":"34","houseCode":"dail"},"debateSections":[{"debateSection":{"debateType":"debate","debateSectionId":"dbsect_2","uri":"https:\/\/data.oireachtas.ie\/akn\/ie\/debateRecord\/dail\/2025-01-23\/debate\/dbsect_2","bill":null,"counts":{"speakerCount":9,"speechCount":25},"parentDebateSection":null,"showAs":"Gn\u00f3 na D\u00e1la - Business of D\u00e1il","formats":{"pdf":null,"xml":null},"speakers":[],"containsDebate":true}},{"debateSection":{"debateType":"debate","debateSectionId":"dbsect_7","uri":"https:\/\/data.oireachtas.ie\/akn\/ie\/debateRecord\/dail\/2025-01-23\/debate\/dbsect_7","bill":null,"counts":{"speakerCount":24,"speechCount":69},"parentDebateSection":null,"showAs":"Taoiseach a Ainmni\u00fa (At\u00f3g\u00e1il) - Nomination of Taoiseach (Resumed)","formats":{"pdf":null,"xml":null},"speakers":[],"containsDebate":true}},{"debateSection":{"debateType":"debate","debateSectionId":"dbsect_12","uri":"https:\/\/data.oireachtas.ie\/akn\/ie\/debateRecord\/dail\/2025-01-23\/debate\/dbsect_12","bill":null,"counts":{"speakerCount":0,"speechCount":0},"parentDebateSection":null,"showAs":"Ceapach\u00e1n an Taoisigh agus Ainmni\u00fa Chomhalta\u00ed an Rialtais","formats":{"pdf":null,"xml":null},"speakers":[],"containsDebate":false}},{"debateSection":{"debateType":"debate","debateSectionId":"dbsect_13","uri":"https:\/\/data.oireachtas.ie\/akn\/ie\/debateRecord\/dail\/2025-01-23\/debate\/dbsect_13","bill":null,"counts":{"speakerCount":19,"speechCount":36},"parentDebateSection":null,"showAs":"Appointment of Taoiseach and Nomination of Members of Government","formats":{"pdf":null,"xml":null},"speakers":[],"containsDebate":true}},{"debateSection":{"debateType":"motion","debateSectionId":"dbsect_18","uri":"https:\/\/data.oireachtas.ie\/akn\/ie\/debateRecord\/dail\/2025-01-23\/debate\/dbsect_18","bill":null,"counts":{"speakerCount":1,"speechCount":1},"parentDebateSection":null,"showAs":"Select Committee on Subsidiarity (European Union Legislative Scrutiny): Motion","formats":{"pdf":null,"xml":null},"speakers":[],"containsDebate":true}},{"debateSection":{"debateType":"motion","debateSectionId":"dbsect_19","uri":"https:\/\/data.oireachtas.ie\/akn\/ie\/debateRecord\/dail\/2025-01-23\/debate\/dbsect_19","bill":null,"counts":{"speakerCount":1,"speechCount":1},"parentDebateSection":null,"showAs":"Committee on Standing Orders and D\u00e1il Reform: Motion","formats":{"pdf":null,"xml":null},"speakers":[],"containsDebate":true}}],"chamber":{"showAs":"D\u00e1il \u00c9ireann","uri":"https:\/\/data.oireachtas.ie\/ie\/oireachtas\/def\/house\/dail"},"date":"2025-01-23"}},{"contextDate":"2025-01-22","debateRecord":{"date":"2025-01-22","formats":{"pdf":{"uri":"https:\/\/data.oireachtas.ie\/ie\/oireachtas\/debateRecord\/dail\/2025-01-22\/debate\/mul@\/main.pdf"},"writtens_pdf":null,"xml":{"uri":"https:\/\/data.oireachtas.ie\/akn\/ie\/debateRecord\/dail\/2025-01-22\/debate\/mul@\/main.xml"}},"counts":{"debateSectionCount":2,"questionCount":0,"billCount":0,"divisionCount":0,"contributorCount":135},"debateType":"debate","uri":"https:\/\/data.oireachtas.ie\/akn\/ie\/debateRecord\/dail\/2025-01-22\/debate\/main","chamber":{"uri":"https:\/\/data.oireachtas.ie\/ie\/oireachtas\/def\/house\/dail","showAs":"D\u00e1il \u00c9ireann"},"debateSections":[{"debateSection":{"debateSectionId":"dbsect_2","counts":{"speakerCount":24,"speechCount":198},"debateType":"debate","showAs":"Gn\u00f3 na D\u00e1la - Business of D\u00e1il","uri":"https:\/\/data.oireachtas.ie\/akn\/ie\/debateRecord\/dail\/2025-01-22\/debate\/dbsect_2","containsDebate":true,"formats":{"pdf":null,"xml":null},"bill":null,"speakers":[],"parentDebateSection":null}},{"debateSection":{"debateSectionId":"dbsect_3","counts":{"speakerCount":7,"speechCount":27},"debateType":"debate","showAs":"Taoiseach a Ainmni\u00fa - Nomination of Taoiseach","uri":"https:\/\/data.oireachtas.ie\/akn\/ie\/debateRecord\/dail\/2025-01-22\/debate\/dbsect_3","containsDebate":true,"formats":{"pdf":null,"xml":null},"bill":null,"speakers":[],"parentDebateSection":null}}],"lastUpdated":"2025-09-12T03:17:16+01:00","house":{"committeeCode":"","houseCode":"dail","uri":"https:\/\/data.oireachtas.ie\/ie\/oireachtas\/house\/dail\/34","showAs":"34th D\u00e1il","houseNo":"34","chamberType":"house"}}},{"contextDate":"2024-12-18","debateRecord":{"debateType":"debate","formats":{"pdf":{"uri":"https:\/\/data.oireachtas.ie\/ie\/oireachtas\/debateRecord\/dail\/2024-12-18\/debate\/mul@\/main.pdf"},"xml":{"uri":"https:\/\/data.oireachtas.ie\/akn\/ie\/debateRecord\/dail\/2024-12-18\/debate\/mul@\/main.xml"},"writtens_pdf":null},"uri":"https:\/\/data.oireachtas.ie\/akn\/ie\/debateRecord\/dail\/2024-12-18\/debate\/main","lastUpdated":"2025-08-01T03:10:01+01:00","counts":{"contributorCount":172,"debateSectionCount":9,"divisionCount":2,"billCount":0,"questionCount":0},"house":{"uri":"https:\/\/data.oireachtas.ie\/ie\/oireachtas\/house\/dail\/34","chamberType":"house","committeeCode":"","showAs":"34th D\u00e1il","houseNo":"34","houseCode":"dail"},"debateSections":[{"debateSection":{"debateType":"debate","debateSectionId":"dbsect_2","uri":"https:\/\/data.oireachtas.ie\/akn\/ie\/debateRecord\/dail\/2024-12-18\/debate\/dbsect_2","bill":null,"counts":{"speakerCount":0,"speechCount":0},"parentDebateSection":null,"showAs":"D\u00c1IL \u00c9IREANN","formats":{"pdf":null,"xml":null},"speakers":[],"containsDebate":true}},{"debateSection":{"debateType":"debate","debateSectionId":"dbsect_3","uri":"https:\/\/data.oireachtas.ie\/akn\/ie\/debateRecord\/dail\/2024-12-18\/debate\/dbsect_3","bill":null,"counts":{"speakerCount":0,"speechCount":0},"parentDebateSection":null,"showAs":"FOR\u00d3GRA","formats":{"pdf":null,"xml":null},"speakers":[],"containsDebate":false}},{"debateSection":{"debateType":"debate","debateSectionId":"dbsect_4","uri":"https:\/\/data.oireachtas.ie\/akn\/ie\/debateRecord\/dail\/2024-12-18\/debate\/dbsect_4","bill":null,"counts":{"speakerCount":0,"speechCount":0},"parentDebateSection":null,"showAs":"PROCLAMATION","formats":{"pdf":null,"xml":null},"speakers":[],"containsDebate":true}},{"debateSection":{"debateType":"debate","debateSectionId":"dbsect_5","uri":"https:\/\/data.oireachtas.ie\/akn\/ie\/debateRecord\/dail\/2024-12-18\/debate\/dbsect_5","bill":null,"counts":{"speakerCount":0,"speechCount":0},"parentDebateSection":null,"showAs":"Tuarasc\u00e1il i dtaobh Eascair\u00ed a chur amach agus Craoladh i dtaobh Freagra\u00ed","formats":{"pdf":null,"xml":null},"speakers":[],"containsDebate":false}},{"debateSection":{"debateType":"debate","debateSectionId":"dbsect_6","uri":"https:\/\/data.oireachtas.ie\/akn\/ie\/debateRecord\/dail\/2024-12-18\/debate\/dbsect_6","bill":null,"counts":{"speakerCount":0,"speechCount":0},"parentDebateSection":null,"showAs":"Report as to issue of Writs and Announcement as to Returns","formats":{"pdf":null,"xml":null},"speakers":[],"containsDebate":true}},{"debateSection":{"debateType":"debate","debateSectionId":"dbsect_7","uri":"https:\/\/data.oireachtas.ie\/akn\/ie\/debateRecord\/dail\/2024-12-18\/debate\/dbsect_7","bill":null,"counts":{"speakerCount":8,"speechCount":22},"parentDebateSection":null,"showAs":"Ainmni\u00fa Iarrth\u00f3ir\u00ed agus Ceann Comhairle a thoghadh - Selection of Candidate and Election of Ceann Comhairle","formats":{"pdf":null,"xml":null},"speakers":[],"containsDebate":true}},{"debateSection":{"debateType":"debate","debateSectionId":"dbsect_8","uri":"https:\/\/data.oireachtas.ie\/akn\/ie\/debateRecord\/dail\/2024-12-18\/debate\/dbsect_8","bill":null,"counts":{"speakerCount":35,"speechCount":87},"parentDebateSection":null,"showAs":"Taoiseach a Ainmni\u00fa - Nomination of Taoiseach","formats":{"pdf":null,"xml":null},"speakers":[],"containsDebate":true}},{"debateSection":{"debateType":"debate","debateSectionId":"dbsect_13","uri":"https:\/\/data.oireachtas.ie\/akn\/ie\/debateRecord\/dail\/2024-12-18\/debate\/dbsect_13","bill":null,"counts":{"speakerCount":0,"speechCount":0},"parentDebateSection":null,"showAs":"An D\u00e1il a chur ar Athl\u00f3","formats":{"pdf":null,"xml":null},"speakers":[],"containsDebate":false}},{"debateSection":{"debateType":"debate","debateSectionId":"dbsect_14","uri":"https:\/\/data.oireachtas.ie\/akn\/ie\/debateRecord\/dail\/2024-12-18\/debate\/dbsect_14","bill":null,"counts":{"speakerCount":7,"speechCount":10},"parentDebateSection":null,"showAs":"Adjournment of D\u00e1il","formats":{"pdf":null,"xml":null},"speakers":[],"containsDebate":true}}],"chamber":{"showAs":"D\u00e1il \u00c9ireann","uri":"https:\/\/data.oireachtas.ie\/ie\/oireachtas\/def\/house\/dail"},"date":"2024-12-18"}}]}