{"head":{"counts":{"billCount":401,"resultCount":401}},"results":[{"bill":{"act":null,"amendmentLists":[],"billNo":"13","billType":"Public","billTypeURI":"https:\/\/data.oireachtas.ie\/ie\/oireachtas\/def\/bill-type\/public","billYear":"2025","debates":[{"chamber":{"showAs":"D\u00e1il \u00c9ireann","uri":"https:\/\/data.oireachtas.ie\/ie\/oireachtas\/def\/house\/dail"},"date":"2025-11-26","debateSectionId":"dbsect_54","showAs":"Building Energy Rating (BER) Standards for Private Rented Accommodation Bill 2025: Second Stage (Resumed) [Private Members]","uri":"https:\/\/data.oireachtas.ie\/akn\/ie\/debateRecord\/dail\/2025-11-26\/debate\/main"},{"chamber":{"showAs":"D\u00e1il \u00c9ireann","uri":"https:\/\/data.oireachtas.ie\/ie\/oireachtas\/def\/house\/dail"},"date":"2025-11-20","debateSectionId":"dbsect_49","showAs":"Building Energy Rating (BER) Standards for Private Rented Accommodation Bill 2025: Second Stage [Private Members]","uri":"https:\/\/data.oireachtas.ie\/akn\/ie\/debateRecord\/dail\/2025-11-20\/debate\/main"},{"chamber":{"showAs":"D\u00e1il \u00c9ireann","uri":"https:\/\/data.oireachtas.ie\/ie\/oireachtas\/def\/house\/dail"},"date":"2025-04-10","debateSectionId":"dbsect_20","showAs":"Building Energy Rating (BER) Standards for Private Rented Accommodation Bill 2025: First Stage","uri":"https:\/\/data.oireachtas.ie\/akn\/ie\/debateRecord\/dail\/2025-04-10\/debate\/main"}],"events":[{"event":{"chamber":{"chamberCode":"dail","showAs":"D\u00e1il \u00c9ireann","uri":"https:\/\/data.oireachtas.ie\/ie\/oireachtas\/def\/house\/dail"},"dates":[{"date":"2025-02-06"},{"date":"2025-03-21"},{"date":"2025-04-10"}],"eventURI":"https:\/\/data.oireachtas.ie\/ie\/oireachtas\/def\/bill-event\/admissibility-for-introduction","showAs":"Admissibility for Introduction","uri":"https:\/\/data.oireachtas.ie\/ie\/oireachtas\/bill\/2025\/13\/admissibility-for-introduction"}}],"lastUpdated":"2025-04-11T08:27:54.970000+00:00","longTitleEn":"<p>Bill entitled an Act to amend the Housing (Miscellaneous Provisions) Act 1992 to provide for minimum Building Energy Rating (BER) standards for private rented accommodation and for related matters.&nbsp;<\/p>","longTitleGa":"<p>Bille d\u00e1 ngairtear Acht do leas\u00fa Acht na dTithe (For\u00e1lacha Ilghn\u00e9itheacha), 1992 chun socr\u00fa a dh\u00e9anamh maidir le caighde\u00e1in \u00edosta i leith R\u00e1t\u00e1il Fuinnimh Foirgnimh (RFF) le haghaidh c\u00f3ir\u00edocht phr\u00edobh\u00e1ideach ar c\u00edos agus maidir le nithe gaolmhara.<\/p>","method":"Introduced","methodURI":"https:\/\/data.oireachtas.ie\/ie\/oireachtas\/def\/bill-method\/introduced","mostRecentStage":{"event":{"chamber":{"chamberCode":"dail","showAs":"D\u00e1il \u00c9ireann","uri":"https:\/\/data.oireachtas.ie\/ie\/oireachtas\/def\/house\/dail"},"dates":[{"date":"2025-11-20"}],"house":{"chamberCode":"dail","chamberType":"house","houseCode":"dail","houseNo":"34","showAs":"34th D\u00e1il","uri":"https:\/\/data.oireachtas.ie\/ie\/oireachtas\/house\/dail\/34"},"progressStage":2,"showAs":"Second Stage","stageCompleted":false,"stageOutcome":"Current","stageURI":"https:\/\/data.oireachtas.ie\/ie\/oireachtas\/def\/bill-stage\/2","uri":"https:\/\/data.oireachtas.ie\/ie\/oireachtas\/bill\/2025\/13\/stage\/dail\/2"}},"originHouse":{"showAs":"D\u00e1il \u00c9ireann","uri":"https:\/\/data.oireachtas.ie\/ie\/oireachtas\/def\/house\/dail"},"originHouseURI":"https:\/\/data.oireachtas.ie\/ie\/oireachtas\/def\/house\/dail","relatedDocs":[{"relatedDoc":{"date":"2025-04-10","docType":"memo","formats":{"pdf":{"uri":"https:\/\/data.oireachtas.ie\/ie\/oireachtas\/bill\/2025\/13\/eng\/memo\/b1325d-memo.pdf"},"xml":null},"lang":"eng","showAs":"Explanatory Memorandum","uri":"https:\/\/data.oireachtas.ie\/ie\/oireachtas\/bill\/2025\/13\/eng\/memo"}}],"shortTitleEn":"Building Energy Rating (BER) Standards for Private Rented Accommodation Bill 2025","shortTitleGa":"An Bille um Chaighde\u00e1in i leith R\u00e1t\u00e1il Fuinnimh Foirgnimh (RFF) le haghaidh C\u00f3ir\u00edocht Phr\u00edobh\u00e1ideach ar C\u00edos, 2025","source":"Private Member","sourceURI":"https:\/\/data.oireachtas.ie\/ie\/oireachtas\/def\/bill-source\/private-member","sponsors":[{"sponsor":{"as":{"showAs":null,"uri":null},"by":{"showAs":"Paul Murphy","uri":"https:\/\/data.oireachtas.ie\/ie\/oireachtas\/member\/id\/Paul-Murphy.D.2014-10-10"},"isPrimary":true}},{"sponsor":{"as":{"showAs":null,"uri":null},"by":{"showAs":"Ruth Coppinger","uri":"https:\/\/data.oireachtas.ie\/ie\/oireachtas\/member\/id\/Ruth-Coppinger.D.2014-05-23"},"isPrimary":false}}],"stages":[{"event":{"chamber":{"chamberCode":"dail","showAs":"D\u00e1il \u00c9ireann","uri":"https:\/\/data.oireachtas.ie\/ie\/oireachtas\/def\/house\/dail"},"dates":[{"date":"2025-02-06"},{"date":"2025-03-21"},{"date":"2025-04-10"},{"date":"2025-04-10"}],"house":{"chamberCode":"dail","chamberType":"house","houseCode":"dail","houseNo":"34","showAs":"34th D\u00e1il","uri":"https:\/\/data.oireachtas.ie\/ie\/oireachtas\/house\/dail\/34"},"progressStage":1,"showAs":"First Stage","stageCompleted":true,"stageOutcome":null,"stageURI":"https:\/\/data.oireachtas.ie\/ie\/oireachtas\/def\/bill-stage\/1","uri":"https:\/\/data.oireachtas.ie\/ie\/oireachtas\/bill\/2025\/13\/stage\/dail\/1"}},{"event":{"chamber":{"chamberCode":"dail","showAs":"D\u00e1il \u00c9ireann","uri":"https:\/\/data.oireachtas.ie\/ie\/oireachtas\/def\/house\/dail"},"dates":[{"date":"2025-11-20"}],"house":{"chamberCode":"dail","chamberType":"house","houseCode":"dail","houseNo":"34","showAs":"34th D\u00e1il","uri":"https:\/\/data.oireachtas.ie\/ie\/oireachtas\/house\/dail\/34"},"progressStage":2,"showAs":"Second Stage","stageCompleted":false,"stageOutcome":"Current","stageURI":"https:\/\/data.oireachtas.ie\/ie\/oireachtas\/def\/bill-stage\/2","uri":"https:\/\/data.oireachtas.ie\/ie\/oireachtas\/bill\/2025\/13\/stage\/dail\/2"}}],"status":"Current","statusURI":"https:\/\/data.oireachtas.ie\/ie\/oireachtas\/def\/bill-status\/published","uri":"https:\/\/data.oireachtas.ie\/ie\/oireachtas\/bill\/2025\/13","versions":[{"version":{"date":"2025-04-10","docType":"bill","formats":{"pdf":{"uri":"https:\/\/data.oireachtas.ie\/ie\/oireachtas\/bill\/2025\/13\/eng\/initiated\/b1325d.pdf"},"xml":null},"lang":"eng","showAs":"As Initiated","uri":"https:\/\/data.oireachtas.ie\/ie\/oireachtas\/bill\/2025\/13\/eng\/initiated"}}]},"billSort":{"actNoSort":null,"actShortTitleEnSort":null,"actShortTitleGaSort":null,"actYearSort":null,"billNoSort":13,"billShortTitleEnSort":"building-energy-rating-ber-standards-for-private-rented-accommodation-bill-2025","billShortTitleGaSort":"an-bille-um-chaighdeain-i-leith-ratail-fuinnimh-foirgnimh-rff-le-haghaidh-coiriocht-phriobhaideach-ar-cios-2025","billYearSort":2025},"contextDate":"2025-11-20"},{"bill":{"act":null,"amendmentLists":[],"billNo":"12","billType":"Public","billTypeURI":"https:\/\/data.oireachtas.ie\/ie\/oireachtas\/def\/bill-type\/public","billYear":"2025","debates":[{"chamber":{"showAs":"Seanad \u00c9ireann","uri":"https:\/\/data.oireachtas.ie\/ie\/oireachtas\/def\/house\/seanad"},"date":"2025-04-09","debateSectionId":"dbsect_10","showAs":"Prohibition of Advertising or Importuning Sex for Rent Bill 2025: Second Stage","uri":"https:\/\/data.oireachtas.ie\/akn\/ie\/debateRecord\/seanad\/2025-04-09\/debate\/main"},{"chamber":{"showAs":"Seanad \u00c9ireann","uri":"https:\/\/data.oireachtas.ie\/ie\/oireachtas\/def\/house\/seanad"},"date":"2025-04-01","debateSectionId":"dbsect_9","showAs":"Prohibition of Advertising or Importuning Sex for Rent Bill 2025: First Stage","uri":"https:\/\/data.oireachtas.ie\/akn\/ie\/debateRecord\/seanad\/2025-04-01\/debate\/main"}],"events":[{"event":{"chamber":{"chamberCode":"seanad","showAs":"Seanad \u00c9ireann","uri":"https:\/\/data.oireachtas.ie\/ie\/oireachtas\/def\/house\/seanad"},"dates":[{"date":"2025-03-13"},{"date":"2025-04-01"}],"eventURI":"https:\/\/data.oireachtas.ie\/ie\/oireachtas\/def\/bill-event\/admissibility-for-introduction","showAs":"Admissibility for Introduction","uri":"https:\/\/data.oireachtas.ie\/ie\/oireachtas\/bill\/2025\/12\/admissibility-for-introduction"}}],"lastUpdated":"2025-04-10T13:52:22.800000+00:00","longTitleEn":"<p><span style=\"color:hsl(0, 0%, 0%);\">Bill entitled An Act to prohibit certain acts in relation to soliciting or importuning sexual services in consideration of a reduced rent or in lieu of rent for the letting of a tenancy or other residential accommodation, and to provide for related matters.<\/span><\/p>","longTitleGa":"<p>Bille d\u00e1 ngairtear Acht do thoirmeasc gn\u00edomhartha \u00e1irithe i nd\u00e1il le sireadh n\u00f3 tathant chun seirbh\u00eds\u00ed gn\u00e9asacha a dh\u00e9anamh i gcomaoin c\u00edos laghdaithe n\u00f3 in ionad c\u00edos ar thion\u00f3ntacht n\u00f3 c\u00f3ir\u00edocht ch\u00f3naithe eile a ligean, agus do dh\u00e9anamh socr\u00fa i dtaobh nithe gaolmhara.<\/p>","method":"Introduced","methodURI":"https:\/\/data.oireachtas.ie\/ie\/oireachtas\/def\/bill-method\/introduced","mostRecentStage":{"event":{"chamber":{"chamberCode":"seanad","showAs":"Seanad \u00c9ireann","uri":"https:\/\/data.oireachtas.ie\/ie\/oireachtas\/def\/house\/seanad"},"dates":[{"date":"2025-04-15"}],"house":{"chamberCode":"seanad","chamberType":"house","houseCode":"seanad","houseNo":"27","showAs":"27th Seanad","uri":"https:\/\/data.oireachtas.ie\/ie\/oireachtas\/house\/seanad\/27"},"progressStage":3,"showAs":"Committee Stage","stageCompleted":false,"stageOutcome":"Current","stageURI":"https:\/\/data.oireachtas.ie\/ie\/oireachtas\/def\/bill-stage\/3","uri":"https:\/\/data.oireachtas.ie\/ie\/oireachtas\/bill\/2025\/12\/stage\/seanad\/3"}},"originHouse":{"showAs":"Seanad \u00c9ireann","uri":"https:\/\/data.oireachtas.ie\/ie\/oireachtas\/def\/house\/seanad"},"originHouseURI":"https:\/\/data.oireachtas.ie\/ie\/oireachtas\/def\/house\/seanad","relatedDocs":[],"shortTitleEn":"Prohibition of Advertising or Importuning Sex for Rent Bill 2025","shortTitleGa":"An Bille um Thoirmeasc ar Fh\u00f3gra\u00edocht n\u00f3 ar Thathant chun cr\u00edche Gn\u00e9is i gcomhair C\u00edosa, 2025","source":"Private Member","sourceURI":"https:\/\/data.oireachtas.ie\/ie\/oireachtas\/def\/bill-source\/private-member","sponsors":[{"sponsor":{"as":{"showAs":null,"uri":null},"by":{"showAs":"Laura Harmon","uri":"https:\/\/data.oireachtas.ie\/ie\/oireachtas\/member\/id\/Laura-Harmon.S.2025-01-29"},"isPrimary":true}},{"sponsor":{"as":{"showAs":null,"uri":null},"by":{"showAs":"Nessa Cosgrove","uri":"https:\/\/data.oireachtas.ie\/ie\/oireachtas\/member\/id\/Nessa-Cosgrove.S.2025-01-29"},"isPrimary":false}}],"stages":[{"event":{"chamber":{"chamberCode":"seanad","showAs":"Seanad \u00c9ireann","uri":"https:\/\/data.oireachtas.ie\/ie\/oireachtas\/def\/house\/seanad"},"dates":[{"date":"2025-03-13"},{"date":"2025-04-01"},{"date":"2025-04-01"}],"house":{"chamberCode":"seanad","chamberType":"house","houseCode":"seanad","houseNo":"27","showAs":"27th Seanad","uri":"https:\/\/data.oireachtas.ie\/ie\/oireachtas\/house\/seanad\/27"},"progressStage":1,"showAs":"First Stage","stageCompleted":true,"stageOutcome":null,"stageURI":"https:\/\/data.oireachtas.ie\/ie\/oireachtas\/def\/bill-stage\/1","uri":"https:\/\/data.oireachtas.ie\/ie\/oireachtas\/bill\/2025\/12\/stage\/seanad\/1"}},{"event":{"chamber":{"chamberCode":"seanad","showAs":"Seanad \u00c9ireann","uri":"https:\/\/data.oireachtas.ie\/ie\/oireachtas\/def\/house\/seanad"},"dates":[{"date":"2025-04-01"}],"house":{"chamberCode":"seanad","chamberType":"house","houseCode":"seanad","houseNo":"27","showAs":"27th Seanad","uri":"https:\/\/data.oireachtas.ie\/ie\/oireachtas\/house\/seanad\/27"},"progressStage":2,"showAs":"Second Stage","stageCompleted":false,"stageOutcome":null,"stageURI":"https:\/\/data.oireachtas.ie\/ie\/oireachtas\/def\/bill-stage\/2","uri":"https:\/\/data.oireachtas.ie\/ie\/oireachtas\/bill\/2025\/12\/stage\/seanad\/2"}},{"event":{"chamber":{"chamberCode":"seanad","showAs":"Seanad \u00c9ireann","uri":"https:\/\/data.oireachtas.ie\/ie\/oireachtas\/def\/house\/seanad"},"dates":[{"date":"2025-04-15"}],"house":{"chamberCode":"seanad","chamberType":"house","houseCode":"seanad","houseNo":"27","showAs":"27th Seanad","uri":"https:\/\/data.oireachtas.ie\/ie\/oireachtas\/house\/seanad\/27"},"progressStage":3,"showAs":"Committee Stage","stageCompleted":false,"stageOutcome":"Current","stageURI":"https:\/\/data.oireachtas.ie\/ie\/oireachtas\/def\/bill-stage\/3","uri":"https:\/\/data.oireachtas.ie\/ie\/oireachtas\/bill\/2025\/12\/stage\/seanad\/3"}}],"status":"Current","statusURI":"https:\/\/data.oireachtas.ie\/ie\/oireachtas\/def\/bill-status\/published","uri":"https:\/\/data.oireachtas.ie\/ie\/oireachtas\/bill\/2025\/12","versions":[{"version":{"date":"2025-04-01","docType":"bill","formats":{"pdf":{"uri":"https:\/\/data.oireachtas.ie\/ie\/oireachtas\/bill\/2025\/12\/eng\/initiated\/b1225s.pdf"},"xml":null},"lang":"eng","showAs":"As Initiated","uri":"https:\/\/data.oireachtas.ie\/ie\/oireachtas\/bill\/2025\/12\/eng\/initiated"}}]},"billSort":{"actNoSort":null,"actShortTitleEnSort":null,"actShortTitleGaSort":null,"actYearSort":null,"billNoSort":12,"billShortTitleEnSort":"prohibition-of-advertising-or-importuning-sex-for-rent-bill-2025","billShortTitleGaSort":"an-bille-um-thoirmeasc-ar-fhograiocht-no-ar-thathant-chun-criche-gneis-i-gcomhair-ciosa-2025","billYearSort":2025},"contextDate":"2025-04-15"},{"bill":{"act":null,"amendmentLists":[],"billNo":"11","billType":"Public","billTypeURI":"https:\/\/data.oireachtas.ie\/ie\/oireachtas\/def\/bill-type\/public","billYear":"2025","debates":[{"chamber":{"showAs":"D\u00e1il \u00c9ireann","uri":"https:\/\/data.oireachtas.ie\/ie\/oireachtas\/def\/house\/dail"},"date":"2026-06-11","debateSectionId":"dbsect_43","showAs":"Protection of Voice and Image Bill 2025: Second Stage [Private Members]","uri":"https:\/\/data.oireachtas.ie\/akn\/ie\/debateRecord\/dail\/2026-06-11\/debate\/main"},{"chamber":{"showAs":"D\u00e1il \u00c9ireann","uri":"https:\/\/data.oireachtas.ie\/ie\/oireachtas\/def\/house\/dail"},"date":"2025-04-01","debateSectionId":"dbsect_8","showAs":"Protection of Voice and Image Bill 2025: First Stage","uri":"https:\/\/data.oireachtas.ie\/akn\/ie\/debateRecord\/dail\/2025-04-01\/debate\/main"}],"events":[{"event":{"chamber":{"chamberCode":"dail","showAs":"D\u00e1il \u00c9ireann","uri":"https:\/\/data.oireachtas.ie\/ie\/oireachtas\/def\/house\/dail"},"dates":[{"date":"2025-03-10"},{"date":"2025-03-10"},{"date":"2025-04-01"}],"eventURI":"https:\/\/data.oireachtas.ie\/ie\/oireachtas\/def\/bill-event\/approved-for-initiation","showAs":"Approved for Initiation","uri":"https:\/\/data.oireachtas.ie\/ie\/oireachtas\/bill\/2025\/11\/approved-for-initiation"}}],"lastUpdated":"2026-06-12T13:59:39.860000+00:00","longTitleEn":"<p>Bill entitled an Act to create specific offences for the misuse of an individual\u2019s name, photograph, voice or likeness and to provide for related matters.<\/p>","longTitleGa":"<p>Bille d\u00e1 ngairtear Acht do chruth\u00fa cionta sonracha i dtaobh ainm, grianghraf, gl\u00f3r n\u00f3 dealramh pearsan aonair a mh\u00ed-\u00fas\u00e1id agus do dh\u00e9anamh socr\u00fa i dtaobh nithe gaolmhara.<\/p>","method":"Introduced","methodURI":"https:\/\/data.oireachtas.ie\/ie\/oireachtas\/def\/bill-method\/introduced","mostRecentStage":{"event":{"chamber":{"chamberCode":"dail","showAs":"D\u00e1il \u00c9ireann","uri":"https:\/\/data.oireachtas.ie\/ie\/oireachtas\/def\/house\/dail"},"dates":[{"date":"2025-04-01"}],"house":{"chamberCode":"dail","chamberType":"house","houseCode":"dail","houseNo":"34","showAs":"34th D\u00e1il","uri":"https:\/\/data.oireachtas.ie\/ie\/oireachtas\/house\/dail\/34"},"progressStage":2,"showAs":"Second Stage","stageCompleted":true,"stageOutcome":null,"stageURI":"https:\/\/data.oireachtas.ie\/ie\/oireachtas\/def\/bill-stage\/2","uri":"https:\/\/data.oireachtas.ie\/ie\/oireachtas\/bill\/2025\/11\/stage\/dail\/2"}},"originHouse":{"showAs":"D\u00e1il \u00c9ireann","uri":"https:\/\/data.oireachtas.ie\/ie\/oireachtas\/def\/house\/dail"},"originHouseURI":"https:\/\/data.oireachtas.ie\/ie\/oireachtas\/def\/house\/dail","relatedDocs":[{"relatedDoc":{"date":"2025-04-01","docType":"memo","formats":{"pdf":{"uri":"https:\/\/data.oireachtas.ie\/ie\/oireachtas\/bill\/2025\/11\/eng\/memo\/b1125d-memo.pdf"},"xml":null},"lang":"eng","showAs":"Explanatory Memorandum","uri":"https:\/\/data.oireachtas.ie\/ie\/oireachtas\/bill\/2025\/11\/eng\/memo"}}],"shortTitleEn":"Protection of Voice and Image Bill 2025","shortTitleGa":"An Bille um Chosaint Gl\u00f3ir agus \u00cdomh\u00e1, 2025","source":"Private Member","sourceURI":"https:\/\/data.oireachtas.ie\/ie\/oireachtas\/def\/bill-source\/private-member","sponsors":[{"sponsor":{"isPrimary":true,"as":{"showAs":null,"uri":null},"by":{"showAs":"Malcolm Byrne","uri":"https:\/\/data.oireachtas.ie\/ie\/oireachtas\/member\/id\/Malcolm-Byrne.D.2019-11-29"}}}],"stages":[{"event":{"chamber":{"chamberCode":"dail","showAs":"D\u00e1il \u00c9ireann","uri":"https:\/\/data.oireachtas.ie\/ie\/oireachtas\/def\/house\/dail"},"dates":[{"date":"2025-03-10"},{"date":"2025-03-10"},{"date":"2025-04-01"},{"date":"2025-04-01"}],"house":{"chamberCode":"dail","chamberType":"house","houseCode":"dail","houseNo":"34","showAs":"34th D\u00e1il","uri":"https:\/\/data.oireachtas.ie\/ie\/oireachtas\/house\/dail\/34"},"progressStage":1,"showAs":"First Stage","stageCompleted":true,"stageOutcome":null,"stageURI":"https:\/\/data.oireachtas.ie\/ie\/oireachtas\/def\/bill-stage\/1","uri":"https:\/\/data.oireachtas.ie\/ie\/oireachtas\/bill\/2025\/11\/stage\/dail\/1"}},{"event":{"chamber":{"chamberCode":"dail","showAs":"D\u00e1il \u00c9ireann","uri":"https:\/\/data.oireachtas.ie\/ie\/oireachtas\/def\/house\/dail"},"dates":[{"date":"2025-04-01"}],"house":{"chamberCode":"dail","chamberType":"house","houseCode":"dail","houseNo":"34","showAs":"34th D\u00e1il","uri":"https:\/\/data.oireachtas.ie\/ie\/oireachtas\/house\/dail\/34"},"progressStage":2,"showAs":"Second Stage","stageCompleted":true,"stageOutcome":null,"stageURI":"https:\/\/data.oireachtas.ie\/ie\/oireachtas\/def\/bill-stage\/2","uri":"https:\/\/data.oireachtas.ie\/ie\/oireachtas\/bill\/2025\/11\/stage\/dail\/2"}}],"status":"Current","statusURI":"https:\/\/data.oireachtas.ie\/ie\/oireachtas\/def\/bill-status\/published","uri":"https:\/\/data.oireachtas.ie\/ie\/oireachtas\/bill\/2025\/11","versions":[{"version":{"lang":"eng","docType":"bill","showAs":"As Initiated","date":"2025-04-01","formats":{"pdf":{"uri":"https:\/\/data.oireachtas.ie\/ie\/oireachtas\/bill\/2025\/11\/eng\/initiated\/b1125d.pdf"},"xml":null},"uri":"https:\/\/data.oireachtas.ie\/ie\/oireachtas\/bill\/2025\/11\/eng\/initiated"}}]},"contextDate":"2025-04-01","billSort":{"actNoSort":null,"actShortTitleEnSort":null,"actShortTitleGaSort":null,"actYearSort":null,"billNoSort":11,"billShortTitleEnSort":"protection-of-voice-and-image-bill-2025","billShortTitleGaSort":"an-bille-um-chosaint-gloir-agus-iomha-2025","billYearSort":2025}},{"bill":{"act":{"actNo":"16","actYear":"2025","dateSigned":"2025-12-16","longTitleEn":"<p>Act to provide that an employee may notify his or her employer that he or she does not consent to retire at the contractual retirement age; to provide that an employer who receives such notification may not enforce the contractual retirement age where the employee is less than the pensionable age unless the retirement of the employee concerned is objectively and reasonably justified by a legitimate aim and the means of achieving that aim are appropriate and necessary; to further provide for the prohibition of penalisation resulting from such notification; for those and other purposes to amend the Workplace Relations Act 2015; and to provide for related matters.<\/p>","longTitleGa":"<p>Acht do dh\u00e9anamh socr\u00fa go bhf\u00e9adfaidh fosta\u00ed f\u00f3gra a thabhairt d\u00e1 fhost\u00f3ir n\u00f3 d\u00e1 fost\u00f3ir \u00e1 r\u00e1 nach dtoil\u00edonn s\u00e9 n\u00f3 s\u00ed dul ar scor ag an aois scoir chonarthach; do dh\u00e9anamh socr\u00fa nach bhf\u00e9adfaidh fost\u00f3ir a fhaigheann f\u00f3gra den s\u00f3rt sin an aois scoir chonarthach a fhorfheidhmi\u00fa i gc\u00e1s go bhfuil an fosta\u00ed faoi bhun na haoise inphinsin mura bhfuil bonn cirt, ar bhonn oibiacht\u00fail r\u00e9as\u00fanach, mar thoradh ar aidhm dhlisteanach, le scor an fhosta\u00ed lena mbaineann agus mura bhfuil na modhanna chun an aidhm sin a bhaint amach cu\u00ed agus riachtanach; do dh\u00e9anamh socr\u00fa breise maidir le toirmeasc a chur ar phion\u00f3s\u00fa arna dh\u00e9anamh mar gheall ar fh\u00f3gra den s\u00f3rt sin; chun na gcr\u00edoch sin agus chun cr\u00edoch eile, do leas\u00fa an Achta um Chaidreamh san \u00c1it Oibre, 2015; agus do dh\u00e9anamh socr\u00fa i dtaobh nithe gaolmhara.<\/p>","shortTitleEn":"Employment (Contractual Retirement Ages) Act 2025","shortTitleGa":"An tAcht Fosta\u00edochta (Aoiseanna Scoir Conarthacha), 2025","statutebookURI":"http:\/\/www.irishstatutebook.ie\/eli\/2025\/act\/16","uri":"https:\/\/data.oireachtas.ie\/ie\/oireachtas\/act\/2025\/16"},"amendmentLists":[{"amendmentList":{"amendmentTypeUri":{"uri":"https:\/\/data.oireachtas.ie\/ie\/oireachtas\/def\/amendment-type\/numberedList"},"chamber":{"showAs":"Dail","uri":"https:\/\/data.oireachtas.ie\/ie\/oireachtas\/def\/dail"},"date":"2025-07-01","formats":{"pdf":{"uri":"https:\/\/data.oireachtas.ie\/ie\/oireachtas\/bill\/2025\/10\/dail\/3\/amendment\/numberedList\/eng\/b1025d-dcnl.pdf"},"xml":null},"showAs":"Numbered List [D\u00e1il]","stage":{"showAs":"Committee Stage","uri":"https:\/\/data.oireachtas.ie\/ie\/oireachtas\/bill\/2025\/10\/dail\/3"},"stageNo":"3"}}],"billNo":"10","billType":"Public","billTypeURI":"https:\/\/data.oireachtas.ie\/ie\/oireachtas\/def\/bill-type\/public","billYear":"2025","debates":[{"chamber":{"showAs":"Seanad \u00c9ireann","uri":"https:\/\/data.oireachtas.ie\/ie\/oireachtas\/def\/house\/seanad"},"date":"2025-12-10","debateSectionId":"dbsect_12","showAs":"Employment (Contractual Retirement Ages) Bill 2025: Committee and Remaining Stages","uri":"https:\/\/data.oireachtas.ie\/akn\/ie\/debateRecord\/seanad\/2025-12-10\/debate\/main"},{"chamber":{"showAs":"Seanad \u00c9ireann","uri":"https:\/\/data.oireachtas.ie\/ie\/oireachtas\/def\/house\/seanad"},"date":"2025-11-25","debateSectionId":"dbsect_10","showAs":"Employment (Contractual Retirement Ages) Bill 2025: Second Stage","uri":"https:\/\/data.oireachtas.ie\/akn\/ie\/debateRecord\/seanad\/2025-11-25\/debate\/main"},{"chamber":{"showAs":"D\u00e1il \u00c9ireann","uri":"https:\/\/data.oireachtas.ie\/ie\/oireachtas\/def\/house\/dail"},"date":"2025-11-05","debateSectionId":"dbsect_25","showAs":"Employment (Contractual Retirement Ages) Bill 2025: Report and Final Stages","uri":"https:\/\/data.oireachtas.ie\/akn\/ie\/debateRecord\/dail\/2025-11-05\/debate\/main"},{"chamber":{"showAs":"Select Committee on Enterprise, Tourism and Employment","uri":"https:\/\/data.oireachtas.ie\/ie\/oireachtas\/def\/committee"},"date":"2025-07-02","debateSectionId":"dbsect_2","showAs":"Employment (Contractual Retirement Ages) Bill 2025: Committee Stage","uri":"https:\/\/data.oireachtas.ie\/akn\/ie\/debateRecord\/select_committee_on_enterprise_tourism_and_employment\/2025-07-02\/debate\/main"},{"chamber":{"showAs":"D\u00e1il \u00c9ireann","uri":"https:\/\/data.oireachtas.ie\/ie\/oireachtas\/def\/house\/dail"},"date":"2025-04-08","debateSectionId":"dbsect_11","showAs":"Employment (Contractual Retirement Ages) Bill 2025: Second Stage","uri":"https:\/\/data.oireachtas.ie\/akn\/ie\/debateRecord\/dail\/2025-04-08\/debate\/main"}],"events":[{"event":{"chamber":{"chamberCode":"dail","showAs":"D\u00e1il \u00c9ireann","uri":"https:\/\/data.oireachtas.ie\/ie\/oireachtas\/def\/house\/dail"},"dates":[{"date":"2025-04-01"},{"date":"2025-12-16"}],"eventURI":"https:\/\/data.oireachtas.ie\/ie\/oireachtas\/def\/bill-event\/published","showAs":"Published","uri":"https:\/\/data.oireachtas.ie\/ie\/oireachtas\/bill\/2025\/10\/published"}},{"event":{"chamber":null,"dates":[{"date":"2025-12-16"}],"eventURI":"https:\/\/data.oireachtas.ie\/ie\/oireachtas\/def\/bill-event\/enacted","showAs":"Enacted","uri":"https:\/\/data.oireachtas.ie\/ie\/oireachtas\/bill\/2025\/10\/enacted"}}],"lastUpdated":"2025-12-23T21:03:21.800000+00:00","longTitleEn":"<p>Bill entitled an Act to provide that an employee may notify his or her employer that he or she does not consent to retire at the contractual retirement age; to provide that an employer who receives such notification may not enforce the contractual retirement age where the employee is less than the pensionable age unless the retirement of the employee concerned is objectively and reasonably justified by a legitimate aim and the means of achieving that aim are appropriate and necessary; to further provide for the prohibition of penalisation resulting from such notification; for those and other purposes to amend the Workplace Relations Act 2015; and to provide for related matters.<\/p>","longTitleGa":"<p>Bille d\u00e1 ngairtear Acht do dh\u00e9anamh socr\u00fa go bhf\u00e9adfaidh fosta\u00ed f\u00f3gra a thabhairt d\u00e1 fhost\u00f3ir n\u00f3 d\u00e1 fost\u00f3ir \u00e1 r\u00e1 nach dtoil\u00edonn s\u00e9 n\u00f3 s\u00ed dul ar scor ag an aois scoir chonarthach; do dh\u00e9anamh socr\u00fa nach bhf\u00e9adfaidh fost\u00f3ir a fhaigheann f\u00f3gra den s\u00f3rt sin an aois scoir chonarthach a fhorfheidhmi\u00fa i gc\u00e1s go bhfuil an fosta\u00ed faoi bhun na haoise inphinsin mura bhfuil bonn cirt, ar bhonn oibiacht\u00fail r\u00e9as\u00fanach, mar thoradh ar aidhm dhlisteanach, le scor an fhosta\u00ed lena mbaineann agus mura bhfuil na modhanna chun an aidhm sin a bhaint amach cu\u00ed agus riachtanach; do dh\u00e9anamh socr\u00fa breise maidir le toirmeasc a chur ar phion\u00f3s\u00fa arna dh\u00e9anamh mar gheall ar fh\u00f3gra den s\u00f3rt sin; chun na gcr\u00edoch sin agus chun cr\u00edoch eile, do leas\u00fa an Achta um Chaidreamh san \u00c1it Oibre, 2015; agus do dh\u00e9anamh socr\u00fa i dtaobh nithe gaolmhara.<\/p>","method":"Presented","methodURI":"https:\/\/data.oireachtas.ie\/ie\/oireachtas\/def\/bill-method\/presented","mostRecentStage":{"event":{"chamber":null,"dates":[{"date":"2025-12-16"}],"house":null,"progressStage":10,"showAs":"Enacted","stageCompleted":true,"stageOutcome":"Enacted","stageURI":"https:\/\/data.oireachtas.ie\/ie\/oireachtas\/def\/bill-stage\/enacted","uri":"https:\/\/data.oireachtas.ie\/ie\/oireachtas\/bill\/2025\/10\/stage\/oireachtas\/enacted"}},"originHouse":{"showAs":"D\u00e1il \u00c9ireann","uri":"https:\/\/data.oireachtas.ie\/ie\/oireachtas\/def\/house\/dail"},"originHouseURI":"https:\/\/data.oireachtas.ie\/ie\/oireachtas\/def\/house\/dail","relatedDocs":[{"relatedDoc":{"date":"2025-04-08","docType":"gluais","formats":{"pdf":{"uri":"https:\/\/data.oireachtas.ie\/ie\/oireachtas\/bill\/2025\/10\/mul\/gluais\/gluais-04-2025-an-bille-fostaiochta-aoiseanna-scoir-conarthacha-2025.pdf"},"xml":null},"lang":"mul","showAs":"Glossary\/Gluais","uri":"https:\/\/data.oireachtas.ie\/ie\/oireachtas\/bill\/2025\/10\/mul\/gluais"}},{"relatedDoc":{"date":"2025-04-01","docType":"memo","formats":{"pdf":{"uri":"https:\/\/data.oireachtas.ie\/ie\/oireachtas\/bill\/2025\/10\/eng\/memo\/b1025d-memo.pdf"},"xml":null},"lang":"eng","showAs":"Explanatory Memorandum","uri":"https:\/\/data.oireachtas.ie\/ie\/oireachtas\/bill\/2025\/10\/eng\/memo"}}],"shortTitleEn":"Employment (Contractual Retirement Ages) Bill 2025","shortTitleGa":"An Bille Fosta\u00edochta (Aoiseanna Scoir Conarthacha), 2025","source":"Government","sourceURI":"https:\/\/data.oireachtas.ie\/ie\/oireachtas\/def\/bill-source\/government","sponsors":[{"sponsor":{"as":{"showAs":"Minister for Enterprise, Trade and Employment","uri":null},"by":{"showAs":null,"uri":null},"isPrimary":true}}],"stages":[{"event":{"chamber":{"chamberCode":"dail","showAs":"D\u00e1il \u00c9ireann","uri":"https:\/\/data.oireachtas.ie\/ie\/oireachtas\/def\/house\/dail"},"dates":[{"date":"2025-04-01"},{"date":"2025-04-01"}],"house":{"chamberCode":"dail","chamberType":"house","houseCode":"dail","houseNo":"34","showAs":"34th D\u00e1il","uri":"https:\/\/data.oireachtas.ie\/ie\/oireachtas\/house\/dail\/34"},"progressStage":1,"showAs":"First Stage","stageCompleted":true,"stageOutcome":null,"stageURI":"https:\/\/data.oireachtas.ie\/ie\/oireachtas\/def\/bill-stage\/1","uri":"https:\/\/data.oireachtas.ie\/ie\/oireachtas\/bill\/2025\/10\/stage\/dail\/1"}},{"event":{"chamber":{"chamberCode":"dail","showAs":"D\u00e1il \u00c9ireann","uri":"https:\/\/data.oireachtas.ie\/ie\/oireachtas\/def\/house\/dail"},"dates":[{"date":"2025-04-08"}],"house":{"chamberCode":"dail","chamberType":"house","houseCode":"dail","houseNo":"34","showAs":"34th D\u00e1il","uri":"https:\/\/data.oireachtas.ie\/ie\/oireachtas\/house\/dail\/34"},"progressStage":2,"showAs":"Second Stage","stageCompleted":true,"stageOutcome":null,"stageURI":"https:\/\/data.oireachtas.ie\/ie\/oireachtas\/def\/bill-stage\/2","uri":"https:\/\/data.oireachtas.ie\/ie\/oireachtas\/bill\/2025\/10\/stage\/dail\/2"}},{"event":{"chamber":{"chamberCode":"dail","showAs":"D\u00e1il \u00c9ireann","uri":"https:\/\/data.oireachtas.ie\/ie\/oireachtas\/def\/house\/dail"},"dates":[{"date":"2025-04-08"}],"house":{"chamberCode":"dail","chamberType":"house","houseCode":"dail","houseNo":"34","showAs":"34th D\u00e1il","uri":"https:\/\/data.oireachtas.ie\/ie\/oireachtas\/house\/dail\/34"},"progressStage":3,"showAs":"Committee Stage","stageCompleted":true,"stageOutcome":null,"stageURI":"https:\/\/data.oireachtas.ie\/ie\/oireachtas\/def\/bill-stage\/3","uri":"https:\/\/data.oireachtas.ie\/ie\/oireachtas\/bill\/2025\/10\/stage\/dail\/3"}},{"event":{"chamber":{"chamberCode":"dail","showAs":"D\u00e1il \u00c9ireann","uri":"https:\/\/data.oireachtas.ie\/ie\/oireachtas\/def\/house\/dail"},"dates":[{"date":"2025-07-02"}],"house":{"chamberCode":"dail","chamberType":"house","houseCode":"dail","houseNo":"34","showAs":"34th D\u00e1il","uri":"https:\/\/data.oireachtas.ie\/ie\/oireachtas\/house\/dail\/34"},"progressStage":4,"showAs":"Report Stage","stageCompleted":true,"stageOutcome":null,"stageURI":"https:\/\/data.oireachtas.ie\/ie\/oireachtas\/def\/bill-stage\/4","uri":"https:\/\/data.oireachtas.ie\/ie\/oireachtas\/bill\/2025\/10\/stage\/dail\/4"}},{"event":{"chamber":{"chamberCode":"dail","showAs":"D\u00e1il \u00c9ireann","uri":"https:\/\/data.oireachtas.ie\/ie\/oireachtas\/def\/house\/dail"},"dates":[{"date":"2025-11-05"}],"house":{"chamberCode":"dail","chamberType":"house","houseCode":"dail","houseNo":"34","showAs":"34th D\u00e1il","uri":"https:\/\/data.oireachtas.ie\/ie\/oireachtas\/house\/dail\/34"},"progressStage":5,"showAs":"Fifth Stage","stageCompleted":true,"stageOutcome":null,"stageURI":"https:\/\/data.oireachtas.ie\/ie\/oireachtas\/def\/bill-stage\/5","uri":"https:\/\/data.oireachtas.ie\/ie\/oireachtas\/bill\/2025\/10\/stage\/dail\/5"}},{"event":{"chamber":{"chamberCode":"seanad","showAs":"Seanad \u00c9ireann","uri":"https:\/\/data.oireachtas.ie\/ie\/oireachtas\/def\/house\/seanad"},"dates":[{"date":"2025-12-10"}],"house":{"chamberCode":"seanad","chamberType":"house","houseCode":"seanad","houseNo":"27","showAs":"27th Seanad","uri":"https:\/\/data.oireachtas.ie\/ie\/oireachtas\/house\/seanad\/27"},"progressStage":6,"showAs":"Second Stage","stageCompleted":true,"stageOutcome":null,"stageURI":"https:\/\/data.oireachtas.ie\/ie\/oireachtas\/def\/bill-stage\/2","uri":"https:\/\/data.oireachtas.ie\/ie\/oireachtas\/bill\/2025\/10\/stage\/seanad\/2"}},{"event":{"chamber":{"chamberCode":"seanad","showAs":"Seanad \u00c9ireann","uri":"https:\/\/data.oireachtas.ie\/ie\/oireachtas\/def\/house\/seanad"},"dates":[{"date":"2025-11-25"}],"house":{"chamberCode":"seanad","chamberType":"house","houseCode":"seanad","houseNo":"27","showAs":"27th Seanad","uri":"https:\/\/data.oireachtas.ie\/ie\/oireachtas\/house\/seanad\/27"},"progressStage":7,"showAs":"Committee Stage","stageCompleted":true,"stageOutcome":null,"stageURI":"https:\/\/data.oireachtas.ie\/ie\/oireachtas\/def\/bill-stage\/3","uri":"https:\/\/data.oireachtas.ie\/ie\/oireachtas\/bill\/2025\/10\/stage\/seanad\/3"}},{"event":{"chamber":{"chamberCode":"seanad","showAs":"Seanad \u00c9ireann","uri":"https:\/\/data.oireachtas.ie\/ie\/oireachtas\/def\/house\/seanad"},"dates":[{"date":"2025-12-10"}],"house":{"chamberCode":"seanad","chamberType":"house","houseCode":"seanad","houseNo":"27","showAs":"27th Seanad","uri":"https:\/\/data.oireachtas.ie\/ie\/oireachtas\/house\/seanad\/27"},"progressStage":8,"showAs":"Report Stage","stageCompleted":true,"stageOutcome":null,"stageURI":"https:\/\/data.oireachtas.ie\/ie\/oireachtas\/def\/bill-stage\/4","uri":"https:\/\/data.oireachtas.ie\/ie\/oireachtas\/bill\/2025\/10\/stage\/seanad\/4"}},{"event":{"chamber":{"chamberCode":"seanad","showAs":"Seanad \u00c9ireann","uri":"https:\/\/data.oireachtas.ie\/ie\/oireachtas\/def\/house\/seanad"},"dates":[{"date":"2025-12-10"}],"house":{"chamberCode":"seanad","chamberType":"house","houseCode":"seanad","houseNo":"27","showAs":"27th Seanad","uri":"https:\/\/data.oireachtas.ie\/ie\/oireachtas\/house\/seanad\/27"},"progressStage":9,"showAs":"Fifth Stage","stageCompleted":true,"stageOutcome":null,"stageURI":"https:\/\/data.oireachtas.ie\/ie\/oireachtas\/def\/bill-stage\/5","uri":"https:\/\/data.oireachtas.ie\/ie\/oireachtas\/bill\/2025\/10\/stage\/seanad\/5"}},{"event":{"chamber":null,"dates":[{"date":"2025-12-16"}],"house":null,"progressStage":10,"showAs":"Enacted","stageCompleted":true,"stageOutcome":"Enacted","stageURI":"https:\/\/data.oireachtas.ie\/ie\/oireachtas\/def\/bill-stage\/enacted","uri":"https:\/\/data.oireachtas.ie\/ie\/oireachtas\/bill\/2025\/10\/stage\/oireachtas\/enacted"}}],"status":"Enacted","statusURI":"https:\/\/data.oireachtas.ie\/ie\/oireachtas\/def\/bill-status\/enacted","uri":"https:\/\/data.oireachtas.ie\/ie\/oireachtas\/bill\/2025\/10","versions":[{"version":{"date":"2025-12-16","docType":"act","formats":{"pdf":{"uri":"https:\/\/data.oireachtas.ie\/ie\/oireachtas\/act\/2025\/16\/eng\/enacted\/a1625.pdf"},"xml":null},"lang":"eng","showAs":"Employment (Contractual Retirement Ages) Act 2025","uri":"https:\/\/data.oireachtas.ie\/ie\/oireachtas\/act\/2025\/16\/eng\/enacted"}},{"version":{"date":"2025-07-02","docType":"bill","formats":{"pdf":{"uri":"https:\/\/data.oireachtas.ie\/ie\/oireachtas\/bill\/2025\/10\/eng\/ver_a\/b10a25d.pdf"},"xml":null},"lang":"eng","showAs":"As amended in Committee\/Select Committee [D\u00e1il \u00c9ireann]","uri":"https:\/\/data.oireachtas.ie\/ie\/oireachtas\/bill\/2025\/10\/eng\/ver_a"}},{"version":{"date":"2025-04-01","docType":"bill","formats":{"pdf":{"uri":"https:\/\/data.oireachtas.ie\/ie\/oireachtas\/bill\/2025\/10\/eng\/initiated\/b1025d.pdf"},"xml":null},"lang":"eng","showAs":"As Initiated","uri":"https:\/\/data.oireachtas.ie\/ie\/oireachtas\/bill\/2025\/10\/eng\/initiated"}}]},"billSort":{"actNoSort":16,"actShortTitleEnSort":"employment-contractual-retirement-ages-act-2025","actShortTitleGaSort":"an-tacht-fostaiochta-aoiseanna-scoir-conarthacha-2025","actYearSort":2025,"billNoSort":10,"billShortTitleEnSort":"employment-contractual-retirement-ages-bill-2025","billShortTitleGaSort":"an-bille-fostaiochta-aoiseanna-scoir-conarthacha-2025","billYearSort":2025},"contextDate":"2025-12-16"},{"bill":{"act":null,"amendmentLists":[],"billNo":"9","billType":"Public","billTypeURI":"https:\/\/data.oireachtas.ie\/ie\/oireachtas\/def\/bill-type\/public","billYear":"2025","debates":[{"chamber":{"showAs":"D\u00e1il \u00c9ireann","uri":"https:\/\/data.oireachtas.ie\/ie\/oireachtas\/def\/house\/dail"},"date":"2025-04-09","debateSectionId":"dbsect_20","showAs":"Water Services (Repeal of Water Charges) Bill 2025: Second Stage (Resumed) [Private Members]","uri":"https:\/\/data.oireachtas.ie\/akn\/ie\/debateRecord\/dail\/2025-04-09\/debate\/main"},{"chamber":{"showAs":"D\u00e1il \u00c9ireann","uri":"https:\/\/data.oireachtas.ie\/ie\/oireachtas\/def\/house\/dail"},"date":"2025-04-08","debateSectionId":"dbsect_12","showAs":"Water Services (Repeal of Water Charges) Bill 2025: Second Stage [Private Members]","uri":"https:\/\/data.oireachtas.ie\/akn\/ie\/debateRecord\/dail\/2025-04-08\/debate\/main"},{"chamber":{"showAs":"D\u00e1il \u00c9ireann","uri":"https:\/\/data.oireachtas.ie\/ie\/oireachtas\/def\/house\/dail"},"date":"2025-03-27","debateSectionId":"dbsect_33","showAs":"Water Services (Repeal of Water Charges) Bill 2025: First Stage","uri":"https:\/\/data.oireachtas.ie\/akn\/ie\/debateRecord\/dail\/2025-03-27\/debate\/main"}],"events":[{"event":{"chamber":{"chamberCode":"dail","showAs":"D\u00e1il \u00c9ireann","uri":"https:\/\/data.oireachtas.ie\/ie\/oireachtas\/def\/house\/dail"},"dates":[{"date":"2025-03-21"},{"date":"2025-03-21"},{"date":"2025-03-27"},{"date":"2025-04-08"}],"eventURI":"https:\/\/data.oireachtas.ie\/ie\/oireachtas\/def\/bill-event\/approved-for-initiation","showAs":"Approved for Initiation","uri":"https:\/\/data.oireachtas.ie\/ie\/oireachtas\/bill\/2025\/9\/approved-for-initiation"}}],"lastUpdated":"2025-06-05T11:49:16.210000+00:00","longTitleEn":"<p>Bill entitled an Act to repeal the provision in the Water Services Act 2017 allowing Uisce \u00c9ireann to introduce a customer charge for use of water in excess of the specified threshold amount.<\/p>","longTitleGa":"<p>Bille d\u00e1 ngairtear Acht d\u2019aisghairm na for\u00e1la san Acht um Sheirbh\u00eds\u00ed Uisce, 2017 lena gceada\u00edtear d\u2019Uisce \u00c9ireann muirear custaim\u00e9ara a thabhairt isteach as uisce at\u00e1 de bhreis ar an m\u00e9id tairs\u00ed sonraithe a \u00fas\u00e1id.<\/p>","method":"Introduced","methodURI":"https:\/\/data.oireachtas.ie\/ie\/oireachtas\/def\/bill-method\/introduced","mostRecentStage":{"event":{"chamber":{"chamberCode":"dail","showAs":"D\u00e1il \u00c9ireann","uri":"https:\/\/data.oireachtas.ie\/ie\/oireachtas\/def\/house\/dail"},"dates":[{"date":"2025-03-27"}],"house":{"chamberCode":"dail","chamberType":"house","houseCode":"dail","houseNo":"34","showAs":"34th D\u00e1il","uri":"https:\/\/data.oireachtas.ie\/ie\/oireachtas\/house\/dail\/34"},"progressStage":2,"showAs":"Second Stage","stageCompleted":true,"stageOutcome":null,"stageURI":"https:\/\/data.oireachtas.ie\/ie\/oireachtas\/def\/bill-stage\/2","uri":"https:\/\/data.oireachtas.ie\/ie\/oireachtas\/bill\/2025\/9\/stage\/dail\/2"}},"originHouse":{"showAs":"D\u00e1il \u00c9ireann","uri":"https:\/\/data.oireachtas.ie\/ie\/oireachtas\/def\/house\/dail"},"originHouseURI":"https:\/\/data.oireachtas.ie\/ie\/oireachtas\/def\/house\/dail","relatedDocs":[{"relatedDoc":{"date":"2025-03-27","docType":"memo","formats":{"pdf":{"uri":"https:\/\/data.oireachtas.ie\/ie\/oireachtas\/bill\/2025\/9\/eng\/memo\/b0925d-memo.pdf"},"xml":null},"lang":"eng","showAs":"Explanatory Memorandum","uri":"https:\/\/data.oireachtas.ie\/ie\/oireachtas\/bill\/2025\/9\/eng\/memo"}}],"shortTitleEn":"Water Services (Repeal of Water Charges) Bill 2025 ","shortTitleGa":"An Bille um Sheirbh\u00eds\u00ed Uisce (Muirir Uisce a Aisghairm), 2025","source":"Private Member","sourceURI":"https:\/\/data.oireachtas.ie\/ie\/oireachtas\/def\/bill-source\/private-member","sponsors":[{"sponsor":{"as":{"showAs":null,"uri":null},"by":{"showAs":"Mary Lou McDonald","uri":"https:\/\/data.oireachtas.ie\/ie\/oireachtas\/member\/id\/Mary-Lou-McDonald.D.2011-03-09"},"isPrimary":true}},{"sponsor":{"as":{"showAs":null,"uri":null},"by":{"showAs":"Eoin \u00d3 Broin","uri":"https:\/\/data.oireachtas.ie\/ie\/oireachtas\/member\/id\/Eoin-\u00d3-Broin.D.2016-10-03"},"isPrimary":false}}],"stages":[{"event":{"chamber":{"chamberCode":"dail","showAs":"D\u00e1il \u00c9ireann","uri":"https:\/\/data.oireachtas.ie\/ie\/oireachtas\/def\/house\/dail"},"dates":[{"date":"2025-03-21"},{"date":"2025-03-21"},{"date":"2025-03-27"},{"date":"2025-03-27"}],"house":{"chamberCode":"dail","chamberType":"house","houseCode":"dail","houseNo":"34","showAs":"34th D\u00e1il","uri":"https:\/\/data.oireachtas.ie\/ie\/oireachtas\/house\/dail\/34"},"progressStage":1,"showAs":"First Stage","stageCompleted":true,"stageOutcome":null,"stageURI":"https:\/\/data.oireachtas.ie\/ie\/oireachtas\/def\/bill-stage\/1","uri":"https:\/\/data.oireachtas.ie\/ie\/oireachtas\/bill\/2025\/9\/stage\/dail\/1"}},{"event":{"chamber":{"chamberCode":"dail","showAs":"D\u00e1il \u00c9ireann","uri":"https:\/\/data.oireachtas.ie\/ie\/oireachtas\/def\/house\/dail"},"dates":[{"date":"2025-03-27"}],"house":{"chamberCode":"dail","chamberType":"house","houseCode":"dail","houseNo":"34","showAs":"34th D\u00e1il","uri":"https:\/\/data.oireachtas.ie\/ie\/oireachtas\/house\/dail\/34"},"progressStage":2,"showAs":"Second Stage","stageCompleted":true,"stageOutcome":null,"stageURI":"https:\/\/data.oireachtas.ie\/ie\/oireachtas\/def\/bill-stage\/2","uri":"https:\/\/data.oireachtas.ie\/ie\/oireachtas\/bill\/2025\/9\/stage\/dail\/2"}}],"status":"Defeated","statusURI":"https:\/\/data.oireachtas.ie\/ie\/oireachtas\/def\/bill-status\/defeated","uri":"https:\/\/data.oireachtas.ie\/ie\/oireachtas\/bill\/2025\/9","versions":[{"version":{"date":"2025-03-27","docType":"bill","formats":{"pdf":{"uri":"https:\/\/data.oireachtas.ie\/ie\/oireachtas\/bill\/2025\/9\/eng\/initiated\/b0925d.pdf"},"xml":null},"lang":"eng","showAs":"As Initiated","uri":"https:\/\/data.oireachtas.ie\/ie\/oireachtas\/bill\/2025\/9\/eng\/initiated"}}]},"billSort":{"actNoSort":null,"actShortTitleEnSort":null,"actShortTitleGaSort":null,"actYearSort":null,"billNoSort":9,"billShortTitleEnSort":"water-services-repeal-of-water-charges-bill-2025","billShortTitleGaSort":"an-bille-um-sheirbhisi-uisce-muirir-uisce-a-aisghairm-2025","billYearSort":2025},"contextDate":"2025-03-27"},{"bill":{"act":null,"amendmentLists":[],"billNo":"8","billType":"Public","billTypeURI":"https:\/\/data.oireachtas.ie\/ie\/oireachtas\/def\/bill-type\/public","billYear":"2025","debates":[{"chamber":{"showAs":"D\u00e1il \u00c9ireann","uri":"https:\/\/data.oireachtas.ie\/ie\/oireachtas\/def\/house\/dail"},"date":"2025-03-20","debateSectionId":"dbsect_34","showAs":"An Bille um an Nao\u00fa Leas\u00fa is Tr\u00edocha ar an mBunreacht (Mionn Oifige Breithi\u00fanach), 2025: An Ch\u00e9ad Ch\u00e9im","uri":"https:\/\/data.oireachtas.ie\/akn\/ie\/debateRecord\/dail\/2025-03-20\/debate\/main"},{"chamber":{"showAs":"D\u00e1il \u00c9ireann","uri":"https:\/\/data.oireachtas.ie\/ie\/oireachtas\/def\/house\/dail"},"date":"2025-03-20","debateSectionId":"dbsect_35","showAs":"Thirty-ninth Amendment of the Constitution (Judicial Oath of Office) Bill 2025: First Stage","uri":"https:\/\/data.oireachtas.ie\/akn\/ie\/debateRecord\/dail\/2025-03-20\/debate\/main"}],"events":[{"event":{"chamber":{"chamberCode":"dail","showAs":"D\u00e1il \u00c9ireann","uri":"https:\/\/data.oireachtas.ie\/ie\/oireachtas\/def\/house\/dail"},"dates":[{"date":"2025-02-07"},{"date":"2025-02-07"},{"date":"2025-03-20"}],"eventURI":"https:\/\/data.oireachtas.ie\/ie\/oireachtas\/def\/bill-event\/approved-for-initiation","showAs":"Approved for Initiation","uri":"https:\/\/data.oireachtas.ie\/ie\/oireachtas\/bill\/2025\/8\/approved-for-initiation"}}],"lastUpdated":"2025-03-21T09:55:24.180000+00:00","longTitleEn":"<p>Bill entitled an Act to amend the Constitution.<\/p>","longTitleGa":"<p>Bille d\u00e1 ngairtear Acht chun an Bunreacht a leas\u00fa.<\/p>","method":"Introduced","methodURI":"https:\/\/data.oireachtas.ie\/ie\/oireachtas\/def\/bill-method\/introduced","mostRecentStage":{"event":{"chamber":{"chamberCode":"dail","showAs":"D\u00e1il \u00c9ireann","uri":"https:\/\/data.oireachtas.ie\/ie\/oireachtas\/def\/house\/dail"},"dates":[{"date":"2025-03-20"}],"house":{"chamberCode":"dail","chamberType":"house","houseCode":"dail","houseNo":"34","showAs":"34th D\u00e1il","uri":"https:\/\/data.oireachtas.ie\/ie\/oireachtas\/house\/dail\/34"},"progressStage":2,"showAs":"Second Stage","stageCompleted":false,"stageOutcome":"Current","stageURI":"https:\/\/data.oireachtas.ie\/ie\/oireachtas\/def\/bill-stage\/2","uri":"https:\/\/data.oireachtas.ie\/ie\/oireachtas\/bill\/2025\/8\/stage\/dail\/2"}},"originHouse":{"showAs":"D\u00e1il \u00c9ireann","uri":"https:\/\/data.oireachtas.ie\/ie\/oireachtas\/def\/house\/dail"},"originHouseURI":"https:\/\/data.oireachtas.ie\/ie\/oireachtas\/def\/house\/dail","relatedDocs":[{"relatedDoc":{"date":"2025-03-20","docType":"memo","formats":{"pdf":{"uri":"https:\/\/data.oireachtas.ie\/ie\/oireachtas\/bill\/2025\/8\/mul\/memo\/b0825d-memo.pdf"},"xml":null},"lang":"mul","showAs":"Explanatory Memorandum","uri":"https:\/\/data.oireachtas.ie\/ie\/oireachtas\/bill\/2025\/8\/mul\/memo"}}],"shortTitleEn":"Thirty-ninth Amendment of the Constitution (Judicial Oath of Office) Bill 2025","shortTitleGa":"An Bille um an Nao\u00fa Leas\u00fa is Tr\u00edocha ar an mBunreacht (Mionn Oifige Breithi\u00fanach), 2025","source":"Private Member","sourceURI":"https:\/\/data.oireachtas.ie\/ie\/oireachtas\/def\/bill-source\/private-member","sponsors":[{"sponsor":{"as":{"showAs":null,"uri":null},"by":{"showAs":"Barry Ward","uri":"https:\/\/data.oireachtas.ie\/ie\/oireachtas\/member\/id\/Barry-Ward.S.2020-03-30"},"isPrimary":true}}],"stages":[{"event":{"chamber":{"chamberCode":"dail","showAs":"D\u00e1il \u00c9ireann","uri":"https:\/\/data.oireachtas.ie\/ie\/oireachtas\/def\/house\/dail"},"dates":[{"date":"2025-02-07"},{"date":"2025-02-07"},{"date":"2025-03-20"},{"date":"2025-03-20"}],"house":{"chamberCode":"dail","chamberType":"house","houseCode":"dail","houseNo":"34","showAs":"34th D\u00e1il","uri":"https:\/\/data.oireachtas.ie\/ie\/oireachtas\/house\/dail\/34"},"progressStage":1,"showAs":"First Stage","stageCompleted":true,"stageOutcome":null,"stageURI":"https:\/\/data.oireachtas.ie\/ie\/oireachtas\/def\/bill-stage\/1","uri":"https:\/\/data.oireachtas.ie\/ie\/oireachtas\/bill\/2025\/8\/stage\/dail\/1"}},{"event":{"chamber":{"chamberCode":"dail","showAs":"D\u00e1il \u00c9ireann","uri":"https:\/\/data.oireachtas.ie\/ie\/oireachtas\/def\/house\/dail"},"dates":[{"date":"2025-03-20"}],"house":{"chamberCode":"dail","chamberType":"house","houseCode":"dail","houseNo":"34","showAs":"34th D\u00e1il","uri":"https:\/\/data.oireachtas.ie\/ie\/oireachtas\/house\/dail\/34"},"progressStage":2,"showAs":"Second Stage","stageCompleted":false,"stageOutcome":"Current","stageURI":"https:\/\/data.oireachtas.ie\/ie\/oireachtas\/def\/bill-stage\/2","uri":"https:\/\/data.oireachtas.ie\/ie\/oireachtas\/bill\/2025\/8\/stage\/dail\/2"}}],"status":"Current","statusURI":"https:\/\/data.oireachtas.ie\/ie\/oireachtas\/def\/bill-status\/published","uri":"https:\/\/data.oireachtas.ie\/ie\/oireachtas\/bill\/2025\/8","versions":[{"version":{"date":"2025-03-20","docType":"bill","formats":{"pdf":{"uri":"https:\/\/data.oireachtas.ie\/ie\/oireachtas\/bill\/2025\/8\/mul\/initiated\/b0825d.pdf"},"xml":null},"lang":"mul","showAs":"As Initiated","uri":"https:\/\/data.oireachtas.ie\/ie\/oireachtas\/bill\/2025\/8\/mul\/initiated"}}]},"billSort":{"actNoSort":null,"actShortTitleEnSort":null,"actShortTitleGaSort":null,"actYearSort":null,"billNoSort":8,"billShortTitleEnSort":"thirty-ninth-amendment-of-the-constitution-judicial-oath-of-office-bill-2025","billShortTitleGaSort":"an-bille-um-an-naou-leasu-is-triocha-ar-an-mbunreacht-mionn-oifige-breithiunach-2025","billYearSort":2025},"contextDate":"2025-03-20"},{"bill":{"act":{"actNo":"8","actYear":"2025","dateSigned":"2025-07-21","longTitleEn":"<p>Act to amend and extend the Social Welfare Acts; to make consequential amendments to the Taxes Consolidation Act 1997; to amend the Family Courts Act 2024; and to provide for related matters.<\/p>","longTitleGa":"<p>Acht do leas\u00fa agus do leathn\u00fa na nAchtanna Leasa Sh\u00f3isialaigh; do dh\u00e9anamh leasuithe iarmhartacha ar an Acht Comhdhl\u00faite C\u00e1nacha, 1997; do leas\u00fa Acht na gC\u00fairteanna Teaghlaigh, 2024; agus do dh\u00e9anamh socr\u00fa i dtaobh nithe gaolmhara.<\/p>","shortTitleEn":"Social Welfare (Bereaved Partner\u2019s Pension and Miscellaneous Provisions) Act 2025","shortTitleGa":"An tAcht Leasa Sh\u00f3isialaigh (Pinsean P\u00e1irtn\u00e9ara faoi Mh\u00e9ala agus For\u00e1lacha Ilghn\u00e9itheacha), 2025","statutebookURI":"http:\/\/www.irishstatutebook.ie\/eli\/2025\/act\/8","uri":"https:\/\/data.oireachtas.ie\/ie\/oireachtas\/act\/2025\/8"},"amendmentLists":[{"amendmentList":{"amendmentTypeUri":{"uri":"https:\/\/data.oireachtas.ie\/ie\/oireachtas\/def\/amendment-type\/numberedList"},"chamber":{"showAs":"Seanad","uri":"https:\/\/data.oireachtas.ie\/ie\/oireachtas\/def\/seanad"},"date":"2025-07-15","formats":{"pdf":{"uri":"https:\/\/data.oireachtas.ie\/ie\/oireachtas\/bill\/2025\/7\/seanad\/3\/amendment\/numberedList\/eng\/b07a25d-scnl.pdf"},"xml":null},"showAs":"Numbered List [Seanad]","stage":{"showAs":"Committee Stage","uri":"https:\/\/data.oireachtas.ie\/ie\/oireachtas\/bill\/2025\/7\/seanad\/3"},"stageNo":"3"}},{"amendmentList":{"amendmentTypeUri":{"uri":"https:\/\/data.oireachtas.ie\/ie\/oireachtas\/def\/amendment-type\/numberedList"},"chamber":{"showAs":"Dail","uri":"https:\/\/data.oireachtas.ie\/ie\/oireachtas\/def\/dail"},"date":"2025-07-01","formats":{"pdf":{"uri":"https:\/\/data.oireachtas.ie\/ie\/oireachtas\/bill\/2025\/7\/dail\/4\/amendment\/numberedList\/eng\/b07a25d-drnl.pdf"},"xml":null},"showAs":"Numbered List [D\u00e1il]","stage":{"showAs":"Report Stage","uri":"https:\/\/data.oireachtas.ie\/ie\/oireachtas\/bill\/2025\/7\/dail\/4"},"stageNo":"4"}},{"amendmentList":{"amendmentTypeUri":{"uri":"https:\/\/data.oireachtas.ie\/ie\/oireachtas\/def\/amendment-type\/numberedList"},"chamber":{"showAs":"Dail","uri":"https:\/\/data.oireachtas.ie\/ie\/oireachtas\/def\/dail"},"date":"2025-06-24","formats":{"pdf":{"uri":"https:\/\/data.oireachtas.ie\/ie\/oireachtas\/bill\/2025\/7\/dail\/3\/amendment\/numberedList\/eng\/b0725d-nl.pdf"},"xml":null},"showAs":"Numbered List [D\u00e1il]","stage":{"showAs":"Committee Stage","uri":"https:\/\/data.oireachtas.ie\/ie\/oireachtas\/bill\/2025\/7\/dail\/3"},"stageNo":"3"}},{"amendmentList":{"amendmentTypeUri":{"uri":"https:\/\/data.oireachtas.ie\/ie\/oireachtas\/def\/amendment-type\/numberedList"},"chamber":{"showAs":"Dail","uri":"https:\/\/data.oireachtas.ie\/ie\/oireachtas\/def\/dail"},"date":"2025-06-24","formats":{"pdf":{"uri":"https:\/\/data.oireachtas.ie\/ie\/oireachtas\/bill\/2025\/7\/dail\/3\/amendment\/numberedList\/eng\/b0725d-substitute-dcnl.pdf"},"xml":null},"showAs":"1st Additional List of Amendments [D\u00e1il]","stage":{"showAs":"Committee Stage","uri":"https:\/\/data.oireachtas.ie\/ie\/oireachtas\/bill\/2025\/7\/dail\/3"},"stageNo":"3"}}],"billNo":"7","billType":"Public","billTypeURI":"https:\/\/data.oireachtas.ie\/ie\/oireachtas\/def\/bill-type\/public","billYear":"2025","debates":[{"chamber":{"showAs":"Seanad \u00c9ireann","uri":"https:\/\/data.oireachtas.ie\/ie\/oireachtas\/def\/house\/seanad"},"date":"2025-07-15","debateSectionId":"dbsect_9","showAs":"Social Welfare (Bereaved Partner\u2019s Pension and Miscellaneous Provisions) Bill 2025: Committee and Remaining Stages","uri":"https:\/\/data.oireachtas.ie\/akn\/ie\/debateRecord\/seanad\/2025-07-15\/debate\/main"},{"chamber":{"showAs":"Seanad \u00c9ireann","uri":"https:\/\/data.oireachtas.ie\/ie\/oireachtas\/def\/house\/seanad"},"date":"2025-07-09","debateSectionId":"dbsect_17","showAs":"Social Welfare (Bereaved Partner\u2019s Pension and Miscellaneous Provisions) Bill 2025: Second Stage","uri":"https:\/\/data.oireachtas.ie\/akn\/ie\/debateRecord\/seanad\/2025-07-09\/debate\/main"},{"chamber":{"showAs":"D\u00e1il \u00c9ireann","uri":"https:\/\/data.oireachtas.ie\/ie\/oireachtas\/def\/house\/dail"},"date":"2025-07-02","debateSectionId":"dbsect_32","showAs":"Social Welfare (Bereaved Partner\u2019s Pension and Miscellaneous Provisions) Bill 2025: Report and Final Stages","uri":"https:\/\/data.oireachtas.ie\/akn\/ie\/debateRecord\/dail\/2025-07-02\/debate\/main"},{"chamber":{"showAs":"Select Committee on Social Protection, Rural and Community Development","uri":"https:\/\/data.oireachtas.ie\/ie\/oireachtas\/def\/committee"},"date":"2025-06-25","debateSectionId":"dbsect_2","showAs":"Social Welfare (Bereaved Partner's Pension) Bill 2025: Committee Stage","uri":"https:\/\/data.oireachtas.ie\/akn\/ie\/debateRecord\/select_committee_on_social_protection_rural_and_community_development\/2025-06-25\/debate\/main"},{"chamber":{"showAs":"Select Committee on Social Protection, Rural and Community Development","uri":"https:\/\/data.oireachtas.ie\/ie\/oireachtas\/def\/committee"},"date":"2025-06-25","debateSectionId":"dbsect_2","showAs":"Social Welfare (Bereaved Partner's Pension) Bill 2025: Committee Stage","uri":"https:\/\/data.oireachtas.ie\/akn\/ie\/debateRecord\/select_committee_on_social_protection_rural_and_community_development\/2025-06-25\/debate\/main"},{"chamber":{"showAs":"D\u00e1il \u00c9ireann","uri":"https:\/\/data.oireachtas.ie\/ie\/oireachtas\/def\/house\/dail"},"date":"2025-06-17","debateSectionId":"dbsect_11","showAs":"Social Welfare (Bereaved Partner's Pension) Bill 2025: Financial Resolution","uri":"https:\/\/data.oireachtas.ie\/akn\/ie\/debateRecord\/dail\/2025-06-17\/debate\/main"},{"chamber":{"showAs":"D\u00e1il \u00c9ireann","uri":"https:\/\/data.oireachtas.ie\/ie\/oireachtas\/def\/house\/dail"},"date":"2025-03-27","debateSectionId":"dbsect_34","showAs":"Social Welfare (Bereaved Partner's Pension) Bill 2025: Second Stage (Resumed)","uri":"https:\/\/data.oireachtas.ie\/akn\/ie\/debateRecord\/dail\/2025-03-27\/debate\/main"},{"chamber":{"showAs":"D\u00e1il \u00c9ireann","uri":"https:\/\/data.oireachtas.ie\/ie\/oireachtas\/def\/house\/dail"},"date":"2025-03-26","debateSectionId":"dbsect_14","showAs":"Social Welfare (Bereaved Partner's Pension) Bill 2025: Second Stage","uri":"https:\/\/data.oireachtas.ie\/akn\/ie\/debateRecord\/dail\/2025-03-26\/debate\/main"}],"events":[{"event":{"chamber":{"chamberCode":"dail","showAs":"D\u00e1il \u00c9ireann","uri":"https:\/\/data.oireachtas.ie\/ie\/oireachtas\/def\/house\/dail"},"dates":[{"date":"2025-03-13"},{"date":"2025-07-21"}],"eventURI":"https:\/\/data.oireachtas.ie\/ie\/oireachtas\/def\/bill-event\/published","showAs":"Published","uri":"https:\/\/data.oireachtas.ie\/ie\/oireachtas\/bill\/2025\/7\/published"}},{"event":{"chamber":null,"dates":[{"date":"2025-07-21"}],"eventURI":"https:\/\/data.oireachtas.ie\/ie\/oireachtas\/def\/bill-event\/enacted","showAs":"Enacted","uri":"https:\/\/data.oireachtas.ie\/ie\/oireachtas\/bill\/2025\/7\/enacted"}}],"lastUpdated":"2025-07-25T14:53:01.720000+00:00","longTitleEn":"<p>Bill entitled an Act to amend and extend the Social Welfare Acts; to make consequential amendments to the Taxes Consolidation Act 1997; to amend the Family Courts Act 2024; and to provide for related matters.<\/p>","longTitleGa":"<p>Bille d\u00e1 ngairtear Acht do leas\u00fa agus do leathn\u00fa na nAchtanna Leasa Sh\u00f3isialaigh; do dh\u00e9anamh leasuithe iarmhartacha ar an Acht Comhdhl\u00faite C\u00e1nacha, 1997; do leas\u00fa Acht na gC\u00fairteanna Teaghlaigh, 2024; agus do dh\u00e9anamh socr\u00fa i dtaobh nithe gaolmhara.<\/p>","method":"Presented","methodURI":"https:\/\/data.oireachtas.ie\/ie\/oireachtas\/def\/bill-method\/presented","mostRecentStage":{"event":{"chamber":null,"dates":[{"date":"2025-07-21"}],"house":null,"progressStage":10,"showAs":"Enacted","stageCompleted":true,"stageOutcome":"Enacted","stageURI":"https:\/\/data.oireachtas.ie\/ie\/oireachtas\/def\/bill-stage\/enacted","uri":"https:\/\/data.oireachtas.ie\/ie\/oireachtas\/bill\/2025\/7\/stage\/oireachtas\/enacted"}},"originHouse":{"showAs":"D\u00e1il \u00c9ireann","uri":"https:\/\/data.oireachtas.ie\/ie\/oireachtas\/def\/house\/dail"},"originHouseURI":"https:\/\/data.oireachtas.ie\/ie\/oireachtas\/def\/house\/dail","relatedDocs":[{"relatedDoc":{"date":"2025-03-26","docType":"gluais","formats":{"pdf":{"uri":"https:\/\/data.oireachtas.ie\/ie\/oireachtas\/bill\/2025\/7\/mul\/gluais\/gluais-02-2025-an-bille-leasa-shoisialaigh-pinsean-pairtneara-faoi-mheala-2025.pdf"},"xml":null},"lang":"mul","showAs":"Glossary\/Gluais","uri":"https:\/\/data.oireachtas.ie\/ie\/oireachtas\/bill\/2025\/7\/mul\/gluais"}},{"relatedDoc":{"date":"2025-03-13","docType":"memo","formats":{"pdf":{"uri":"https:\/\/data.oireachtas.ie\/ie\/oireachtas\/bill\/2025\/7\/eng\/memo\/b0725d-memo.pdf"},"xml":null},"lang":"eng","showAs":"Explanatory Memorandum","uri":"https:\/\/data.oireachtas.ie\/ie\/oireachtas\/bill\/2025\/7\/eng\/memo"}}],"shortTitleEn":"Social Welfare (Bereaved Partner\u2019s Pension and Miscellaneous Provisions) Bill 2025","shortTitleGa":"An Bille Leasa Sh\u00f3isialaigh (Pinsean P\u00e1irtn\u00e9ara faoi Mh\u00e9ala agus For\u00e1lacha Ilghn\u00e9itheacha), 2025","source":"Government","sourceURI":"https:\/\/data.oireachtas.ie\/ie\/oireachtas\/def\/bill-source\/government","sponsors":[{"sponsor":{"isPrimary":true,"as":{"showAs":"Minister for Social Protection","uri":null},"by":{"showAs":null,"uri":null}}}],"stages":[{"event":{"chamber":{"chamberCode":"dail","showAs":"D\u00e1il \u00c9ireann","uri":"https:\/\/data.oireachtas.ie\/ie\/oireachtas\/def\/house\/dail"},"dates":[{"date":"2025-03-13"},{"date":"2025-03-13"}],"house":{"chamberCode":"dail","chamberType":"house","houseCode":"dail","houseNo":"34","showAs":"34th D\u00e1il","uri":"https:\/\/data.oireachtas.ie\/ie\/oireachtas\/house\/dail\/34"},"progressStage":1,"showAs":"First Stage","stageCompleted":true,"stageOutcome":null,"stageURI":"https:\/\/data.oireachtas.ie\/ie\/oireachtas\/def\/bill-stage\/1","uri":"https:\/\/data.oireachtas.ie\/ie\/oireachtas\/bill\/2025\/7\/stage\/dail\/1"}},{"event":{"chamber":{"chamberCode":"dail","showAs":"D\u00e1il \u00c9ireann","uri":"https:\/\/data.oireachtas.ie\/ie\/oireachtas\/def\/house\/dail"},"dates":[{"date":"2025-03-27"},{"date":"2025-03-27"}],"house":{"chamberCode":"dail","chamberType":"house","houseCode":"dail","houseNo":"34","showAs":"34th D\u00e1il","uri":"https:\/\/data.oireachtas.ie\/ie\/oireachtas\/house\/dail\/34"},"progressStage":2,"showAs":"Second Stage","stageCompleted":true,"stageOutcome":null,"stageURI":"https:\/\/data.oireachtas.ie\/ie\/oireachtas\/def\/bill-stage\/2","uri":"https:\/\/data.oireachtas.ie\/ie\/oireachtas\/bill\/2025\/7\/stage\/dail\/2"}},{"event":{"chamber":{"chamberCode":"dail","showAs":"D\u00e1il \u00c9ireann","uri":"https:\/\/data.oireachtas.ie\/ie\/oireachtas\/def\/house\/dail"},"dates":[{"date":"2025-03-27"}],"house":{"chamberCode":"dail","chamberType":"house","houseCode":"dail","houseNo":"34","showAs":"34th D\u00e1il","uri":"https:\/\/data.oireachtas.ie\/ie\/oireachtas\/house\/dail\/34"},"progressStage":3,"showAs":"Committee Stage","stageCompleted":true,"stageOutcome":null,"stageURI":"https:\/\/data.oireachtas.ie\/ie\/oireachtas\/def\/bill-stage\/3","uri":"https:\/\/data.oireachtas.ie\/ie\/oireachtas\/bill\/2025\/7\/stage\/dail\/3"}},{"event":{"chamber":{"chamberCode":"dail","showAs":"D\u00e1il \u00c9ireann","uri":"https:\/\/data.oireachtas.ie\/ie\/oireachtas\/def\/house\/dail"},"dates":[{"date":"2025-07-02"}],"house":{"chamberCode":"dail","chamberType":"house","houseCode":"dail","houseNo":"34","showAs":"34th D\u00e1il","uri":"https:\/\/data.oireachtas.ie\/ie\/oireachtas\/house\/dail\/34"},"progressStage":4,"showAs":"Report Stage","stageCompleted":false,"stageOutcome":null,"stageURI":"https:\/\/data.oireachtas.ie\/ie\/oireachtas\/def\/bill-stage\/4","uri":"https:\/\/data.oireachtas.ie\/ie\/oireachtas\/bill\/2025\/7\/stage\/dail\/4"}},{"event":{"chamber":{"chamberCode":"dail","showAs":"D\u00e1il \u00c9ireann","uri":"https:\/\/data.oireachtas.ie\/ie\/oireachtas\/def\/house\/dail"},"dates":[{"date":"2025-07-02"}],"house":{"chamberCode":"dail","chamberType":"house","houseCode":"dail","houseNo":"34","showAs":"34th D\u00e1il","uri":"https:\/\/data.oireachtas.ie\/ie\/oireachtas\/house\/dail\/34"},"progressStage":5,"showAs":"Fifth Stage","stageCompleted":true,"stageOutcome":null,"stageURI":"https:\/\/data.oireachtas.ie\/ie\/oireachtas\/def\/bill-stage\/5","uri":"https:\/\/data.oireachtas.ie\/ie\/oireachtas\/bill\/2025\/7\/stage\/dail\/5"}},{"event":{"chamber":{"chamberCode":"seanad","showAs":"Seanad \u00c9ireann","uri":"https:\/\/data.oireachtas.ie\/ie\/oireachtas\/def\/house\/seanad"},"dates":[{"date":"2025-07-02"}],"house":{"chamberCode":"seanad","chamberType":"house","houseCode":"seanad","houseNo":"27","showAs":"27th Seanad","uri":"https:\/\/data.oireachtas.ie\/ie\/oireachtas\/house\/seanad\/27"},"progressStage":6,"showAs":"Second Stage","stageCompleted":true,"stageOutcome":null,"stageURI":"https:\/\/data.oireachtas.ie\/ie\/oireachtas\/def\/bill-stage\/2","uri":"https:\/\/data.oireachtas.ie\/ie\/oireachtas\/bill\/2025\/7\/stage\/seanad\/2"}},{"event":{"chamber":{"chamberCode":"seanad","showAs":"Seanad \u00c9ireann","uri":"https:\/\/data.oireachtas.ie\/ie\/oireachtas\/def\/house\/seanad"},"dates":[{"date":"2025-07-09"}],"house":{"chamberCode":"seanad","chamberType":"house","houseCode":"seanad","houseNo":"27","showAs":"27th Seanad","uri":"https:\/\/data.oireachtas.ie\/ie\/oireachtas\/house\/seanad\/27"},"progressStage":7,"showAs":"Committee Stage","stageCompleted":true,"stageOutcome":null,"stageURI":"https:\/\/data.oireachtas.ie\/ie\/oireachtas\/def\/bill-stage\/3","uri":"https:\/\/data.oireachtas.ie\/ie\/oireachtas\/bill\/2025\/7\/stage\/seanad\/3"}},{"event":{"chamber":{"chamberCode":"seanad","showAs":"Seanad \u00c9ireann","uri":"https:\/\/data.oireachtas.ie\/ie\/oireachtas\/def\/house\/seanad"},"dates":[{"date":"2025-07-15"}],"house":{"chamberCode":"seanad","chamberType":"house","houseCode":"seanad","houseNo":"27","showAs":"27th Seanad","uri":"https:\/\/data.oireachtas.ie\/ie\/oireachtas\/house\/seanad\/27"},"progressStage":8,"showAs":"Report Stage","stageCompleted":true,"stageOutcome":null,"stageURI":"https:\/\/data.oireachtas.ie\/ie\/oireachtas\/def\/bill-stage\/4","uri":"https:\/\/data.oireachtas.ie\/ie\/oireachtas\/bill\/2025\/7\/stage\/seanad\/4"}},{"event":{"chamber":{"chamberCode":"seanad","showAs":"Seanad \u00c9ireann","uri":"https:\/\/data.oireachtas.ie\/ie\/oireachtas\/def\/house\/seanad"},"dates":[{"date":"2025-07-15"}],"house":{"chamberCode":"seanad","chamberType":"house","houseCode":"seanad","houseNo":"27","showAs":"27th Seanad","uri":"https:\/\/data.oireachtas.ie\/ie\/oireachtas\/house\/seanad\/27"},"progressStage":9,"showAs":"Fifth Stage","stageCompleted":true,"stageOutcome":null,"stageURI":"https:\/\/data.oireachtas.ie\/ie\/oireachtas\/def\/bill-stage\/5","uri":"https:\/\/data.oireachtas.ie\/ie\/oireachtas\/bill\/2025\/7\/stage\/seanad\/5"}},{"event":{"chamber":null,"dates":[{"date":"2025-07-21"}],"house":null,"progressStage":10,"showAs":"Enacted","stageCompleted":true,"stageOutcome":"Enacted","stageURI":"https:\/\/data.oireachtas.ie\/ie\/oireachtas\/def\/bill-stage\/enacted","uri":"https:\/\/data.oireachtas.ie\/ie\/oireachtas\/bill\/2025\/7\/stage\/oireachtas\/enacted"}}],"status":"Enacted","statusURI":"https:\/\/data.oireachtas.ie\/ie\/oireachtas\/def\/bill-status\/enacted","uri":"https:\/\/data.oireachtas.ie\/ie\/oireachtas\/bill\/2025\/7","versions":[{"version":{"lang":"eng","docType":"act","showAs":"Social Welfare (Bereaved Partner\u2019s Pension and Miscellaneous Provisions) Act 2025","date":"2025-07-21","formats":{"pdf":{"uri":"https:\/\/data.oireachtas.ie\/ie\/oireachtas\/act\/2025\/8\/eng\/enacted\/a0825.pdf"},"xml":null},"uri":"https:\/\/data.oireachtas.ie\/ie\/oireachtas\/act\/2025\/8\/eng\/enacted"}},{"version":{"lang":"eng","docType":"bill","showAs":"As amended in Committee\/Select Committee [D\u00e1il \u00c9ireann]","date":"2025-06-25","formats":{"pdf":{"uri":"https:\/\/data.oireachtas.ie\/ie\/oireachtas\/bill\/2025\/7\/eng\/ver_a\/b07a25d.pdf"},"xml":null},"uri":"https:\/\/data.oireachtas.ie\/ie\/oireachtas\/bill\/2025\/7\/eng\/ver_a"}},{"version":{"lang":"eng","docType":"bill","showAs":"As Initiated","date":"2025-03-13","formats":{"pdf":{"uri":"https:\/\/data.oireachtas.ie\/ie\/oireachtas\/bill\/2025\/7\/eng\/initiated\/b0725d.pdf"},"xml":null},"uri":"https:\/\/data.oireachtas.ie\/ie\/oireachtas\/bill\/2025\/7\/eng\/initiated"}}]},"contextDate":"2025-07-21","billSort":{"actNoSort":8,"actShortTitleEnSort":"social-welfare-bereaved-partners-pension-and-miscellaneous-provisions-act-2025","actShortTitleGaSort":"an-tacht-leasa-shoisialaigh-pinsean-pairtneara-faoi-mheala-agus-foralacha-ilghneitheacha-2025","actYearSort":2025,"billNoSort":7,"billShortTitleEnSort":"social-welfare-bereaved-partners-pension-and-miscellaneous-provisions-bill-2025","billShortTitleGaSort":"an-bille-leasa-shoisialaigh-pinsean-pairtneara-faoi-mheala-agus-foralacha-ilghneitheacha-2025","billYearSort":2025}},{"bill":{"act":null,"amendmentLists":[],"billNo":"6","billType":"Public","billTypeURI":"https:\/\/data.oireachtas.ie\/ie\/oireachtas\/def\/bill-type\/public","billYear":"2025","debates":[{"chamber":{"showAs":"D\u00e1il \u00c9ireann","uri":"https:\/\/data.oireachtas.ie\/ie\/oireachtas\/def\/house\/dail"},"date":"2025-02-20","debateSectionId":"dbsect_31","showAs":"Energy Poverty Reduction (Use of Surplus Renewable Energy) Bill 2025: First Stage","uri":"https:\/\/data.oireachtas.ie\/akn\/ie\/debateRecord\/dail\/2025-02-20\/debate\/main"}],"events":[{"event":{"chamber":{"chamberCode":"dail","showAs":"D\u00e1il \u00c9ireann","uri":"https:\/\/data.oireachtas.ie\/ie\/oireachtas\/def\/house\/dail"},"dates":[{"date":"2025-02-07"},{"date":"2025-02-07"},{"date":"2025-02-20"}],"eventURI":"https:\/\/data.oireachtas.ie\/ie\/oireachtas\/def\/bill-event\/approved-for-initiation","showAs":"Approved for Initiation","uri":"https:\/\/data.oireachtas.ie\/ie\/oireachtas\/bill\/2025\/6\/approved-for-initiation"}}],"lastUpdated":"2025-02-21T10:28:27.850000+00:00","longTitleEn":"<p style=\"margin-left:5.0pt;\"><span style=\"color:black;\">Bill entitled\u00a0an\u00a0Act to require the Minister for the Environment, Climate and Communications to develop and publish a strategy to ensure that surplus renewable energy is utilised effectively, specifically for the benefit of people experiencing energy poverty, and to set targets for the utilisation of surplus renewable energy.\u00a0<\/span><\/p>","longTitleGa":"<p>Bille d\u00e1 ngairtear Acht d\u00e1 cheangal ar an Aire Comhshaoil, Aer\u00e1ide agus Cumars\u00e1ide strait\u00e9is a fhorbairt agus a fhoilsi\u00fa chun a chinnti\u00fa go n-\u00fas\u00e1idtear barrachas fuinnimh in-athnuaite go h\u00e9ifeachtach, go sonrach chun tairbhe do dhaoine a bhfuil bochtaineacht fuinnimh \u00e1 fulaingt acu, agus chun spriocanna a shocr\u00fa maidir le barrachas fuinnimh in-athnuaite a \u00fas\u00e1id.<\/p>","method":"Introduced","methodURI":"https:\/\/data.oireachtas.ie\/ie\/oireachtas\/def\/bill-method\/introduced","mostRecentStage":{"event":{"chamber":{"chamberCode":"dail","showAs":"D\u00e1il \u00c9ireann","uri":"https:\/\/data.oireachtas.ie\/ie\/oireachtas\/def\/house\/dail"},"dates":[{"date":"2025-02-07"},{"date":"2025-02-07"},{"date":"2025-02-20"},{"date":"2025-02-20"}],"house":{"chamberCode":"dail","chamberType":"house","houseCode":"dail","houseNo":"34","showAs":"34th D\u00e1il","uri":"https:\/\/data.oireachtas.ie\/ie\/oireachtas\/house\/dail\/34"},"progressStage":1,"showAs":"First Stage","stageCompleted":true,"stageOutcome":null,"stageURI":"https:\/\/data.oireachtas.ie\/ie\/oireachtas\/def\/bill-stage\/1","uri":"https:\/\/data.oireachtas.ie\/ie\/oireachtas\/bill\/2025\/6\/stage\/dail\/1"}},"originHouse":{"showAs":"D\u00e1il \u00c9ireann","uri":"https:\/\/data.oireachtas.ie\/ie\/oireachtas\/def\/house\/dail"},"originHouseURI":"https:\/\/data.oireachtas.ie\/ie\/oireachtas\/def\/house\/dail","relatedDocs":[{"relatedDoc":{"date":"2025-02-20","docType":"memo","formats":{"pdf":{"uri":"https:\/\/data.oireachtas.ie\/ie\/oireachtas\/bill\/2025\/6\/eng\/memo\/b0625d-memo.pdf"},"xml":null},"lang":"eng","showAs":"Explanatory Memorandum","uri":"https:\/\/data.oireachtas.ie\/ie\/oireachtas\/bill\/2025\/6\/eng\/memo"}}],"shortTitleEn":"Energy Poverty Reduction (Use of Surplus Renewable Energy) Bill 2025","shortTitleGa":"An Bille um Bochtaineacht Fuinnimh a Laghd\u00fa (Barrachas Fuinnimh In-Athnuaite a \u00das\u00e1id), 2025","source":"Private Member","sourceURI":"https:\/\/data.oireachtas.ie\/ie\/oireachtas\/def\/bill-source\/private-member","sponsors":[{"sponsor":{"as":{"showAs":null,"uri":null},"by":{"showAs":"Paul McAuliffe","uri":"https:\/\/data.oireachtas.ie\/ie\/oireachtas\/member\/id\/Paul-McAuliffe.D.2020-02-08"},"isPrimary":true}}],"stages":[{"event":{"chamber":{"chamberCode":"dail","showAs":"D\u00e1il \u00c9ireann","uri":"https:\/\/data.oireachtas.ie\/ie\/oireachtas\/def\/house\/dail"},"dates":[{"date":"2025-02-07"},{"date":"2025-02-07"},{"date":"2025-02-20"},{"date":"2025-02-20"}],"house":{"chamberCode":"dail","chamberType":"house","houseCode":"dail","houseNo":"34","showAs":"34th D\u00e1il","uri":"https:\/\/data.oireachtas.ie\/ie\/oireachtas\/house\/dail\/34"},"progressStage":1,"showAs":"First Stage","stageCompleted":true,"stageOutcome":null,"stageURI":"https:\/\/data.oireachtas.ie\/ie\/oireachtas\/def\/bill-stage\/1","uri":"https:\/\/data.oireachtas.ie\/ie\/oireachtas\/bill\/2025\/6\/stage\/dail\/1"}}],"status":"Current","statusURI":"https:\/\/data.oireachtas.ie\/ie\/oireachtas\/def\/bill-status\/published","uri":"https:\/\/data.oireachtas.ie\/ie\/oireachtas\/bill\/2025\/6","versions":[{"version":{"date":"2025-02-20","docType":"bill","formats":{"pdf":{"uri":"https:\/\/data.oireachtas.ie\/ie\/oireachtas\/bill\/2025\/6\/eng\/initiated\/b0625d.pdf"},"xml":null},"lang":"eng","showAs":"As Initiated","uri":"https:\/\/data.oireachtas.ie\/ie\/oireachtas\/bill\/2025\/6\/eng\/initiated"}}]},"billSort":{"actNoSort":null,"actShortTitleEnSort":null,"actShortTitleGaSort":null,"actYearSort":null,"billNoSort":6,"billShortTitleEnSort":"energy-poverty-reduction-use-of-surplus-renewable-energy-bill-2025","billShortTitleGaSort":"an-bille-um-bochtaineacht-fuinnimh-a-laghdu-barrachas-fuinnimh-in-athnuaite-a-usaid-2025","billYearSort":2025},"contextDate":"2025-02-20"},{"bill":{"act":null,"amendmentLists":[{"amendmentList":{"amendmentTypeUri":{"uri":"https:\/\/data.oireachtas.ie\/ie\/oireachtas\/def\/amendment-type\/numberedList"},"chamber":{"showAs":"Dail","uri":"https:\/\/data.oireachtas.ie\/ie\/oireachtas\/def\/dail"},"date":"2026-06-16","formats":{"pdf":{"uri":"https:\/\/data.oireachtas.ie\/ie\/oireachtas\/bill\/2025\/5\/dail\/4\/amendment\/numberedList\/eng\/b05a25d-drnl.pdf"},"xml":null},"showAs":"Numbered List [D\u00e1il]","stage":{"showAs":"Report Stage","uri":"https:\/\/data.oireachtas.ie\/ie\/oireachtas\/bill\/2025\/5\/dail\/4"},"stageNo":"4"}},{"amendmentList":{"amendmentTypeUri":{"uri":"https:\/\/data.oireachtas.ie\/ie\/oireachtas\/def\/amendment-type\/numberedList"},"chamber":{"showAs":"Dail","uri":"https:\/\/data.oireachtas.ie\/ie\/oireachtas\/def\/dail"},"date":"2026-05-26","formats":{"pdf":{"uri":"https:\/\/data.oireachtas.ie\/ie\/oireachtas\/bill\/2025\/5\/dail\/3\/amendment\/numberedList\/eng\/b0525d-dcnl.pdf"},"xml":null},"showAs":"Numbered List [D\u00e1il]","stage":{"showAs":"Committee Stage","uri":"https:\/\/data.oireachtas.ie\/ie\/oireachtas\/bill\/2025\/5\/dail\/3"},"stageNo":"3"}}],"billNo":"5","billType":"Public","billTypeURI":"https:\/\/data.oireachtas.ie\/ie\/oireachtas\/def\/bill-type\/public","billYear":"2025","debates":[{"chamber":{"showAs":"Seanad \u00c9ireann","uri":"https:\/\/data.oireachtas.ie\/ie\/oireachtas\/def\/house\/seanad"},"date":"2026-06-24","debateSectionId":"dbsect_25","showAs":"Insurance (Disregard of Certain Medical History and Miscellaneous Provisions) Bill 2025: Second Stage","uri":"https:\/\/data.oireachtas.ie\/akn\/ie\/debateRecord\/seanad\/2026-06-24\/debate\/main"},{"chamber":{"showAs":"D\u00e1il \u00c9ireann","uri":"https:\/\/data.oireachtas.ie\/ie\/oireachtas\/def\/house\/dail"},"date":"2026-06-17","debateSectionId":"dbsect_57","showAs":"Insurance (Disregard of Certain Medical History and Miscellaneous Provisions) Bill 2025: Report and Final Stages","uri":"https:\/\/data.oireachtas.ie\/akn\/ie\/debateRecord\/dail\/2026-06-17\/debate\/main"},{"chamber":{"showAs":"Select Committee on Finance, Public Expenditure, Public Service Reform and Digitalisation, and Taoiseach","uri":"https:\/\/data.oireachtas.ie\/ie\/oireachtas\/def\/committee"},"date":"2026-05-27","debateSectionId":"dbsect_10","showAs":"Central Bank (Amendment) Bill 2025: Committee Stage","uri":"https:\/\/data.oireachtas.ie\/akn\/ie\/debateRecord\/select_committee_on_finance_public_expenditure_public_service_reform_and_digitalisation_and_taoiseach\/2026-05-27\/debate\/main"},{"chamber":{"showAs":"D\u00e1il \u00c9ireann","uri":"https:\/\/data.oireachtas.ie\/ie\/oireachtas\/def\/house\/dail"},"date":"2025-11-19","debateSectionId":"dbsect_15","showAs":"Central Bank (Amendment) Bill 2025: Referral to Select Committee [Private Members]","uri":"https:\/\/data.oireachtas.ie\/akn\/ie\/debateRecord\/dail\/2025-11-19\/debate\/main"},{"chamber":{"showAs":"D\u00e1il \u00c9ireann","uri":"https:\/\/data.oireachtas.ie\/ie\/oireachtas\/def\/house\/dail"},"date":"2025-07-17","debateSectionId":"dbsect_43","showAs":"Central Bank (Amendment) Bill 2025: Second Stage [Private Members]","uri":"https:\/\/data.oireachtas.ie\/akn\/ie\/debateRecord\/dail\/2025-07-17\/debate\/main"},{"chamber":{"showAs":"D\u00e1il \u00c9ireann","uri":"https:\/\/data.oireachtas.ie\/ie\/oireachtas\/def\/house\/dail"},"date":"2025-02-18","debateSectionId":"dbsect_9","showAs":"Central Bank (Amendment) Bill 2025: First Stage","uri":"https:\/\/data.oireachtas.ie\/akn\/ie\/debateRecord\/dail\/2025-02-18\/debate\/main"}],"events":[{"event":{"chamber":{"chamberCode":"dail","showAs":"D\u00e1il \u00c9ireann","uri":"https:\/\/data.oireachtas.ie\/ie\/oireachtas\/def\/house\/dail"},"dates":[{"date":"2025-02-12"},{"date":"2025-02-13"},{"date":"2025-02-18"}],"eventURI":"https:\/\/data.oireachtas.ie\/ie\/oireachtas\/def\/bill-event\/admissibility-for-introduction","showAs":"Admissibility for Introduction","uri":"https:\/\/data.oireachtas.ie\/ie\/oireachtas\/bill\/2025\/5\/admissibility-for-introduction"}}],"lastUpdated":"2026-06-30T18:21:31.780000+00:00","longTitleEn":"<p>Bill entitled an Act to provide for the disregard by insurers of a person\u2019s medical history, in respect of a cancer diagnosis, for the purposes of an application for mortgage protection insurance relating to the person\u2019s principal private residence; to provide for the maximum level of such insurance cover to which that disregard shall apply; to make provision in relation to the winding-up of certain insurers and reinsurers and for that purpose to amend the Insurance Act 1936; to make provision regarding certain insurance undertakings required to make contributions to a sub-fund of the Insurance Compensation Fund and payments into that sub-fund and for those purposes to amend the Insurance Act 1964; and to provide for related matters.<\/p>","longTitleGa":"<p>Bille d\u00e1 ngairtear Acht do dh\u00e9anamh socr\u00fa go dtabharfaidh \u00e1rach\u00f3ir\u00ed neamhaird ar stair liachta duine, i leith f\u00e1thmheasa go raibh ailse air n\u00f3 uirthi, chun cr\u00edoch iarratais ar \u00e1rachas cosanta morg\u00e1iste a bhaineann le pr\u00edomh\u00e1it ch\u00f3naithe phr\u00edobh\u00e1ideach an duine; do dh\u00e9anamh socr\u00fa maidir leis an uasleibh\u00e9al den chumhdach \u00e1rachais sin a mbeidh feidhm ag an neamhaird sin maidir leis; do dh\u00e9anamh socr\u00fa i nd\u00e1il le h\u00e1rach\u00f3ir\u00ed agus ath\u00e1rach\u00f3ir\u00ed \u00e1irithe a fhoirceannadh agus, chun na cr\u00edche sin, do leas\u00fa an Achta \u00c1rachais, 1936; do dh\u00e9anamh socr\u00fa maidir le gn\u00f3thais \u00e1rachais \u00e1irithe a bhfuil s\u00e9 de cheangal orthu rann\u00edoca\u00ed a dh\u00e9anamh le fo-chiste de chuid an Chiste C\u00faitimh \u00c1rachais agus \u00edoca\u00edochta\u00ed a dh\u00e9anamh isteach san fho-chiste sin agus, chun na gcr\u00edoch sin, do leas\u00fa an Achta \u00c1rachais, 1964; agus do dh\u00e9anamh socr\u00fa I dtaobh nithe gaolmhara.<\/p>","method":"Introduced","methodURI":"https:\/\/data.oireachtas.ie\/ie\/oireachtas\/def\/bill-method\/introduced","mostRecentStage":{"event":{"chamber":{"chamberCode":"seanad","showAs":"Seanad \u00c9ireann","uri":"https:\/\/data.oireachtas.ie\/ie\/oireachtas\/def\/house\/seanad"},"dates":[{"date":"2026-06-24"}],"house":{"chamberCode":"seanad","chamberType":"house","houseCode":"seanad","houseNo":"27","showAs":"27th Seanad","uri":"https:\/\/data.oireachtas.ie\/ie\/oireachtas\/house\/seanad\/27"},"progressStage":6,"showAs":"Second Stage","stageCompleted":true,"stageOutcome":null,"stageURI":"https:\/\/data.oireachtas.ie\/ie\/oireachtas\/def\/bill-stage\/2","uri":"https:\/\/data.oireachtas.ie\/ie\/oireachtas\/bill\/2025\/5\/stage\/seanad\/2"}},"originHouse":{"showAs":"D\u00e1il \u00c9ireann","uri":"https:\/\/data.oireachtas.ie\/ie\/oireachtas\/def\/house\/dail"},"originHouseURI":"https:\/\/data.oireachtas.ie\/ie\/oireachtas\/def\/house\/dail","relatedDocs":[{"relatedDoc":{"date":"2025-02-18","docType":"memo","formats":{"pdf":{"uri":"https:\/\/data.oireachtas.ie\/ie\/oireachtas\/bill\/2025\/5\/eng\/memo\/b0525d-memo.pdf"},"xml":null},"lang":"eng","showAs":"Explanatory Memorandum","uri":"https:\/\/data.oireachtas.ie\/ie\/oireachtas\/bill\/2025\/5\/eng\/memo"}}],"shortTitleEn":"Insurance (Disregard of Certain Medical History and Miscellaneous Provisions) Bill 2025","shortTitleGa":"An Bille \u00c1rachais (Neamhaird a Thabhairt ar Stair Liachta \u00c1irithe agus For\u00e1lacha Ilghn\u00e9itheacha), 2025","source":"Private Member","sourceURI":"https:\/\/data.oireachtas.ie\/ie\/oireachtas\/def\/bill-source\/private-member","sponsors":[{"sponsor":{"isPrimary":true,"as":{"showAs":null,"uri":null},"by":{"showAs":"Catherine Ardagh","uri":"https:\/\/data.oireachtas.ie\/ie\/oireachtas\/member\/id\/Catherine-Ardagh.S.2016-04-25"}}}],"stages":[{"event":{"chamber":{"chamberCode":"dail","showAs":"D\u00e1il \u00c9ireann","uri":"https:\/\/data.oireachtas.ie\/ie\/oireachtas\/def\/house\/dail"},"dates":[{"date":"2025-02-12"},{"date":"2025-02-13"},{"date":"2025-02-18"},{"date":"2025-02-18"}],"house":{"chamberCode":"dail","chamberType":"house","houseCode":"dail","houseNo":"34","showAs":"34th D\u00e1il","uri":"https:\/\/data.oireachtas.ie\/ie\/oireachtas\/house\/dail\/34"},"progressStage":1,"showAs":"First Stage","stageCompleted":true,"stageOutcome":null,"stageURI":"https:\/\/data.oireachtas.ie\/ie\/oireachtas\/def\/bill-stage\/1","uri":"https:\/\/data.oireachtas.ie\/ie\/oireachtas\/bill\/2025\/5\/stage\/dail\/1"}},{"event":{"chamber":{"chamberCode":"dail","showAs":"D\u00e1il \u00c9ireann","uri":"https:\/\/data.oireachtas.ie\/ie\/oireachtas\/def\/house\/dail"},"dates":[{"date":"2025-02-18"}],"house":{"chamberCode":"dail","chamberType":"house","houseCode":"dail","houseNo":"34","showAs":"34th D\u00e1il","uri":"https:\/\/data.oireachtas.ie\/ie\/oireachtas\/house\/dail\/34"},"progressStage":2,"showAs":"Second Stage","stageCompleted":true,"stageOutcome":null,"stageURI":"https:\/\/data.oireachtas.ie\/ie\/oireachtas\/def\/bill-stage\/2","uri":"https:\/\/data.oireachtas.ie\/ie\/oireachtas\/bill\/2025\/5\/stage\/dail\/2"}},{"event":{"chamber":{"chamberCode":"dail","showAs":"D\u00e1il \u00c9ireann","uri":"https:\/\/data.oireachtas.ie\/ie\/oireachtas\/def\/house\/dail"},"dates":[{"date":"2025-11-19"}],"house":{"chamberCode":"dail","chamberType":"house","houseCode":"dail","houseNo":"34","showAs":"34th D\u00e1il","uri":"https:\/\/data.oireachtas.ie\/ie\/oireachtas\/house\/dail\/34"},"progressStage":3,"showAs":"Committee Stage","stageCompleted":true,"stageOutcome":null,"stageURI":"https:\/\/data.oireachtas.ie\/ie\/oireachtas\/def\/bill-stage\/3","uri":"https:\/\/data.oireachtas.ie\/ie\/oireachtas\/bill\/2025\/5\/stage\/dail\/3"}},{"event":{"chamber":{"chamberCode":"dail","showAs":"D\u00e1il \u00c9ireann","uri":"https:\/\/data.oireachtas.ie\/ie\/oireachtas\/def\/house\/dail"},"dates":[{"date":"2026-05-27"}],"house":{"chamberCode":"dail","chamberType":"house","houseCode":"dail","houseNo":"34","showAs":"34th D\u00e1il","uri":"https:\/\/data.oireachtas.ie\/ie\/oireachtas\/house\/dail\/34"},"progressStage":4,"showAs":"Report Stage","stageCompleted":true,"stageOutcome":null,"stageURI":"https:\/\/data.oireachtas.ie\/ie\/oireachtas\/def\/bill-stage\/4","uri":"https:\/\/data.oireachtas.ie\/ie\/oireachtas\/bill\/2025\/5\/stage\/dail\/4"}},{"event":{"chamber":{"chamberCode":"dail","showAs":"D\u00e1il \u00c9ireann","uri":"https:\/\/data.oireachtas.ie\/ie\/oireachtas\/def\/house\/dail"},"dates":[{"date":"2026-06-17"}],"house":{"chamberCode":"dail","chamberType":"house","houseCode":"dail","houseNo":"34","showAs":"34th D\u00e1il","uri":"https:\/\/data.oireachtas.ie\/ie\/oireachtas\/house\/dail\/34"},"progressStage":5,"showAs":"Fifth Stage","stageCompleted":true,"stageOutcome":null,"stageURI":"https:\/\/data.oireachtas.ie\/ie\/oireachtas\/def\/bill-stage\/5","uri":"https:\/\/data.oireachtas.ie\/ie\/oireachtas\/bill\/2025\/5\/stage\/dail\/5"}},{"event":{"chamber":{"chamberCode":"seanad","showAs":"Seanad \u00c9ireann","uri":"https:\/\/data.oireachtas.ie\/ie\/oireachtas\/def\/house\/seanad"},"dates":[{"date":"2026-06-24"}],"house":{"chamberCode":"seanad","chamberType":"house","houseCode":"seanad","houseNo":"27","showAs":"27th Seanad","uri":"https:\/\/data.oireachtas.ie\/ie\/oireachtas\/house\/seanad\/27"},"progressStage":6,"showAs":"Second Stage","stageCompleted":true,"stageOutcome":null,"stageURI":"https:\/\/data.oireachtas.ie\/ie\/oireachtas\/def\/bill-stage\/2","uri":"https:\/\/data.oireachtas.ie\/ie\/oireachtas\/bill\/2025\/5\/stage\/seanad\/2"}}],"status":"Current","statusURI":"https:\/\/data.oireachtas.ie\/ie\/oireachtas\/def\/bill-status\/published","uri":"https:\/\/data.oireachtas.ie\/ie\/oireachtas\/bill\/2025\/5","versions":[{"version":{"lang":"eng","docType":"bill","showAs":"As amended in Committee\/Select Committee [D\u00e1il \u00c9ireann]","date":"2026-05-27","formats":{"pdf":{"uri":"https:\/\/data.oireachtas.ie\/ie\/oireachtas\/bill\/2025\/5\/eng\/ver_a\/b05a25d.pdf"},"xml":null},"uri":"https:\/\/data.oireachtas.ie\/ie\/oireachtas\/bill\/2025\/5\/eng\/ver_a"}},{"version":{"lang":"eng","docType":"bill","showAs":"As Initiated","date":"2025-02-18","formats":{"pdf":{"uri":"https:\/\/data.oireachtas.ie\/ie\/oireachtas\/bill\/2025\/5\/eng\/initiated\/b0525d.pdf"},"xml":null},"uri":"https:\/\/data.oireachtas.ie\/ie\/oireachtas\/bill\/2025\/5\/eng\/initiated"}}]},"contextDate":"2026-06-24","billSort":{"actNoSort":null,"actShortTitleEnSort":null,"actShortTitleGaSort":null,"actYearSort":null,"billNoSort":5,"billShortTitleEnSort":"insurance-disregard-of-certain-medical-history-and-miscellaneous-provisions-bill-2025","billShortTitleGaSort":"an-bille-arachais-neamhaird-a-thabhairt-ar-stair-liachta-airithe-agus-foralacha-ilghneitheacha-2025","billYearSort":2025}},{"bill":{"act":null,"amendmentLists":[],"billNo":"4","billType":"Public","billTypeURI":"https:\/\/data.oireachtas.ie\/ie\/oireachtas\/def\/bill-type\/public","billYear":"2025","debates":[{"chamber":{"showAs":"D\u00e1il \u00c9ireann","uri":"https:\/\/data.oireachtas.ie\/ie\/oireachtas\/def\/house\/dail"},"date":"2025-02-13","debateSectionId":"dbsect_35","showAs":"Protection of Tenants' Deposits Bill 2025: First Stage","uri":"https:\/\/data.oireachtas.ie\/akn\/ie\/debateRecord\/dail\/2025-02-13\/debate\/main"}],"events":[{"event":{"chamber":{"chamberCode":"dail","showAs":"D\u00e1il \u00c9ireann","uri":"https:\/\/data.oireachtas.ie\/ie\/oireachtas\/def\/house\/dail"},"dates":[{"date":"2025-02-05"},{"date":"2025-02-05"},{"date":"2025-02-13"}],"eventURI":"https:\/\/data.oireachtas.ie\/ie\/oireachtas\/def\/bill-event\/approved-for-initiation","showAs":"Approved for Initiation","uri":"https:\/\/data.oireachtas.ie\/ie\/oireachtas\/bill\/2025\/4\/approved-for-initiation"}}],"lastUpdated":"2025-02-14T11:17:27.480000+00:00","longTitleEn":"<p>Bill entitled an Act to amend the Residential Tenancies (Amendment) Act 2015 so that the provisions in that Act for tenant deposits to be sent to the Residential Tenancies Board are commenced within 90 days of the passing of this Act.<\/p>","longTitleGa":"<p>Bille d\u00e1 ngairtear Acht do leas\u00fa an Achta um Thion\u00f3ntachta\u00ed C\u00f3naithe (Leas\u00fa), 2015 ionas go mbeidh tosach feidhme, laistigh de 90 l\u00e1 \u00f3n Acht seo a rith, leis na for\u00e1lacha san Acht sin a fhor\u00e1lann go nd\u00e9anfar \u00e9arlais\u00ed tion\u00f3nta\u00ed a chur chuig an mBord um Thion\u00f3ntachta\u00ed C\u00f3naithe.<\/p>","method":"Introduced","methodURI":"https:\/\/data.oireachtas.ie\/ie\/oireachtas\/def\/bill-method\/introduced","mostRecentStage":{"event":{"chamber":{"chamberCode":"dail","showAs":"D\u00e1il \u00c9ireann","uri":"https:\/\/data.oireachtas.ie\/ie\/oireachtas\/def\/house\/dail"},"dates":[{"date":"2025-02-05"},{"date":"2025-02-05"},{"date":"2025-02-13"},{"date":"2025-02-13"}],"house":{"chamberCode":"dail","chamberType":"house","houseCode":"dail","houseNo":"34","showAs":"34th D\u00e1il","uri":"https:\/\/data.oireachtas.ie\/ie\/oireachtas\/house\/dail\/34"},"progressStage":1,"showAs":"First Stage","stageCompleted":true,"stageOutcome":null,"stageURI":"https:\/\/data.oireachtas.ie\/ie\/oireachtas\/def\/bill-stage\/1","uri":"https:\/\/data.oireachtas.ie\/ie\/oireachtas\/bill\/2025\/4\/stage\/dail\/1"}},"originHouse":{"showAs":"D\u00e1il \u00c9ireann","uri":"https:\/\/data.oireachtas.ie\/ie\/oireachtas\/def\/house\/dail"},"originHouseURI":"https:\/\/data.oireachtas.ie\/ie\/oireachtas\/def\/house\/dail","relatedDocs":[{"relatedDoc":{"date":"2025-02-13","docType":"memo","formats":{"pdf":{"uri":"https:\/\/data.oireachtas.ie\/ie\/oireachtas\/bill\/2025\/4\/eng\/memo\/b0425d-memo.pdf"},"xml":null},"lang":"eng","showAs":"Explanatory Memorandum","uri":"https:\/\/data.oireachtas.ie\/ie\/oireachtas\/bill\/2025\/4\/eng\/memo"}}],"shortTitleEn":"Protection of Tenants' Deposits Bill 2025","shortTitleGa":"An Bille um \u00c9arlais\u00ed Tion\u00f3nta\u00ed a Chosaint, 2025","source":"Private Member","sourceURI":"https:\/\/data.oireachtas.ie\/ie\/oireachtas\/def\/bill-source\/private-member","sponsors":[{"sponsor":{"as":{"showAs":null,"uri":null},"by":{"showAs":"Paul Murphy","uri":"https:\/\/data.oireachtas.ie\/ie\/oireachtas\/member\/id\/Paul-Murphy.D.2014-10-10"},"isPrimary":true}},{"sponsor":{"as":{"showAs":null,"uri":null},"by":{"showAs":"Richard Boyd Barrett","uri":"https:\/\/data.oireachtas.ie\/ie\/oireachtas\/member\/id\/Richard-Boyd-Barrett.D.2011-03-09"},"isPrimary":false}},{"sponsor":{"as":{"showAs":null,"uri":null},"by":{"showAs":"Ruth Coppinger","uri":"https:\/\/data.oireachtas.ie\/ie\/oireachtas\/member\/id\/Ruth-Coppinger.D.2014-05-23"},"isPrimary":false}},{"sponsor":{"as":{"showAs":null,"uri":null},"by":{"showAs":"Paul Murphy","uri":"https:\/\/data.oireachtas.ie\/ie\/oireachtas\/member\/id\/Paul-Murphy.D.2014-10-10"},"isPrimary":true}},{"sponsor":{"as":{"showAs":null,"uri":null},"by":{"showAs":"Richard Boyd Barrett","uri":"https:\/\/data.oireachtas.ie\/ie\/oireachtas\/member\/id\/Richard-Boyd-Barrett.D.2011-03-09"},"isPrimary":false}},{"sponsor":{"as":{"showAs":null,"uri":null},"by":{"showAs":"Ruth Coppinger","uri":"https:\/\/data.oireachtas.ie\/ie\/oireachtas\/member\/id\/Ruth-Coppinger.D.2014-05-23"},"isPrimary":false}}],"stages":[{"event":{"chamber":{"chamberCode":"dail","showAs":"D\u00e1il \u00c9ireann","uri":"https:\/\/data.oireachtas.ie\/ie\/oireachtas\/def\/house\/dail"},"dates":[{"date":"2025-02-05"},{"date":"2025-02-05"},{"date":"2025-02-13"},{"date":"2025-02-13"}],"house":{"chamberCode":"dail","chamberType":"house","houseCode":"dail","houseNo":"34","showAs":"34th D\u00e1il","uri":"https:\/\/data.oireachtas.ie\/ie\/oireachtas\/house\/dail\/34"},"progressStage":1,"showAs":"First Stage","stageCompleted":true,"stageOutcome":null,"stageURI":"https:\/\/data.oireachtas.ie\/ie\/oireachtas\/def\/bill-stage\/1","uri":"https:\/\/data.oireachtas.ie\/ie\/oireachtas\/bill\/2025\/4\/stage\/dail\/1"}}],"status":"Current","statusURI":"https:\/\/data.oireachtas.ie\/ie\/oireachtas\/def\/bill-status\/published","uri":"https:\/\/data.oireachtas.ie\/ie\/oireachtas\/bill\/2025\/4","versions":[{"version":{"date":"2025-02-13","docType":"bill","formats":{"pdf":{"uri":"https:\/\/data.oireachtas.ie\/ie\/oireachtas\/bill\/2025\/4\/eng\/initiated\/b0425d.pdf"},"xml":null},"lang":"eng","showAs":"As Initiated","uri":"https:\/\/data.oireachtas.ie\/ie\/oireachtas\/bill\/2025\/4\/eng\/initiated"}}]},"billSort":{"actNoSort":null,"actShortTitleEnSort":null,"actShortTitleGaSort":null,"actYearSort":null,"billNoSort":4,"billShortTitleEnSort":"protection-of-tenants-deposits-bill-2025","billShortTitleGaSort":"an-bille-um-earlaisi-tionontai-a-chosaint-2025","billYearSort":2025},"contextDate":"2025-02-13"},{"bill":{"act":{"actNo":"1","actYear":"2025","dateSigned":"2025-02-21","longTitleEn":"<p>Act to provide for an increase in the number of Ministers of State who may be appointed by the Government under section 1(1) of the Ministers and Secretaries (Amendment) (No. 2) Act 1977 and for that purpose to amend the Ministers and Secretaries (Amendment) (No. 2) Act 1977; to amend section 3A of the Oireachtas (Allowances to Members) and Ministerial, Parliamentary, Judicial and Court Offices (Amendment) Act 1998; and to provide for related matters.<\/p>","longTitleGa":"<p>Acht do dh\u00e9anamh socr\u00fa maidir le m\u00e9ad\u00fa ar l\u00edon na nAir\u00ed St\u00e1it a fh\u00e9adfaidh an Rialtas a cheapadh faoi alt 1(1) den Acht Air\u00ed agus R\u00fanaithe (Leas\u00fa) (Uimh. 2), 1977 agus chun na cr\u00edche sin do leas\u00fa an Achta Air\u00ed agus R\u00fanaithe (Leas\u00fa) (Uimh. 2), 1977; do leas\u00fa alt 3A den Acht um an Oireachtas (Li\u00fantais do Chomhalta\u00ed) agus Oifig\u00ed Aireachta, Parlaiminte, Breithi\u00fanacha agus C\u00fairte (Leas\u00fa), 1998; agus do dh\u00e9anamh socr\u00fa i dtaobh nithe gaolmhara.<\/p>","shortTitleEn":"Ministers and Secretaries and Ministerial, Parliamentary, Judicial and Court Offices (Amendment) Act 2025","shortTitleGa":"An tAcht um Air\u00ed agus R\u00fanaithe agus Oifig\u00ed Aireachta, Parlaiminte, Breithi\u00fanacha agus C\u00fairte (Leas\u00fa), 2025","statutebookURI":"http:\/\/www.irishstatutebook.ie\/eli\/2025\/act\/1","uri":"https:\/\/data.oireachtas.ie\/ie\/oireachtas\/act\/2025\/1"},"amendmentLists":[{"amendmentList":{"amendmentTypeUri":{"uri":"https:\/\/data.oireachtas.ie\/ie\/oireachtas\/def\/amendment-type\/numberedList"},"chamber":{"showAs":"Dail","uri":"https:\/\/data.oireachtas.ie\/ie\/oireachtas\/def\/dail"},"date":"2025-02-12","formats":{"pdf":{"uri":"https:\/\/data.oireachtas.ie\/ie\/oireachtas\/bill\/2025\/3\/dail\/3\/amendment\/numberedList\/eng\/b0325d-scnl.pdf"},"xml":null},"showAs":"Numbered List [Seanad]","stage":{"showAs":"Committee Stage","uri":"https:\/\/data.oireachtas.ie\/ie\/oireachtas\/bill\/2025\/3\/dail\/3"},"stageNo":"3"}},{"amendmentList":{"amendmentTypeUri":{"uri":"https:\/\/data.oireachtas.ie\/ie\/oireachtas\/def\/amendment-type\/numberedList"},"chamber":{"showAs":"Dail","uri":"https:\/\/data.oireachtas.ie\/ie\/oireachtas\/def\/dail"},"date":"2025-02-11","formats":{"pdf":{"uri":"https:\/\/data.oireachtas.ie\/ie\/oireachtas\/bill\/2025\/3\/dail\/3\/amendment\/numberedList\/eng\/b0325d-dcnl.pdf"},"xml":null},"showAs":"Numbered List [D\u00e1il]","stage":{"showAs":"Committee Stage","uri":"https:\/\/data.oireachtas.ie\/ie\/oireachtas\/bill\/2025\/3\/dail\/3"},"stageNo":"3"}}],"billNo":"3","billType":"Public","billTypeURI":"https:\/\/data.oireachtas.ie\/ie\/oireachtas\/def\/bill-type\/public","billYear":"2025","debates":[{"chamber":{"showAs":"Seanad \u00c9ireann","uri":"https:\/\/data.oireachtas.ie\/ie\/oireachtas\/def\/house\/seanad"},"date":"2025-02-13","debateSectionId":"dbsect_5","showAs":"Ministers and Secretaries and Ministerial, Parliamentary, Judicial and Court Offices (Amendment) Bill 2025: Second Stage","uri":"https:\/\/data.oireachtas.ie\/akn\/ie\/debateRecord\/seanad\/2025-02-13\/debate\/main"},{"chamber":{"showAs":"Seanad \u00c9ireann","uri":"https:\/\/data.oireachtas.ie\/ie\/oireachtas\/def\/house\/seanad"},"date":"2025-02-13","debateSectionId":"dbsect_9","showAs":"Ministers and Secretaries and Ministerial, Parliamentary, Judicial and Court Offices (Amendment) Bill 2025: Committee and Remaining Stages","uri":"https:\/\/data.oireachtas.ie\/akn\/ie\/debateRecord\/seanad\/2025-02-13\/debate\/main"},{"chamber":{"showAs":"D\u00e1il \u00c9ireann","uri":"https:\/\/data.oireachtas.ie\/ie\/oireachtas\/def\/house\/dail"},"date":"2025-02-12","debateSectionId":"dbsect_17","showAs":"Ministers and Secretaries and Ministerial, Parliamentary, Judicial and Court Offices (Amendment) Bill 2025: Second Stage","uri":"https:\/\/data.oireachtas.ie\/akn\/ie\/debateRecord\/dail\/2025-02-12\/debate\/main"},{"chamber":{"showAs":"D\u00e1il \u00c9ireann","uri":"https:\/\/data.oireachtas.ie\/ie\/oireachtas\/def\/house\/dail"},"date":"2025-02-12","debateSectionId":"dbsect_22","showAs":"Ministers and Secretaries and Ministerial, Parliamentary, Judicial and Court Offices (Amendment) Bill 2025: Committee and Remaining Stages","uri":"https:\/\/data.oireachtas.ie\/akn\/ie\/debateRecord\/dail\/2025-02-12\/debate\/main"}],"events":[{"event":{"chamber":{"chamberCode":"dail","showAs":"D\u00e1il \u00c9ireann","uri":"https:\/\/data.oireachtas.ie\/ie\/oireachtas\/def\/house\/dail"},"dates":[{"date":"2025-02-06"},{"date":"2025-02-21"}],"eventURI":"https:\/\/data.oireachtas.ie\/ie\/oireachtas\/def\/bill-event\/published","showAs":"Published","uri":"https:\/\/data.oireachtas.ie\/ie\/oireachtas\/bill\/2025\/3\/published"}},{"event":{"chamber":null,"dates":[{"date":"2025-02-21"}],"eventURI":"https:\/\/data.oireachtas.ie\/ie\/oireachtas\/def\/bill-event\/enacted","showAs":"Enacted","uri":"https:\/\/data.oireachtas.ie\/ie\/oireachtas\/bill\/2025\/3\/enacted"}}],"lastUpdated":"2025-03-03T12:22:45.340000+00:00","longTitleEn":"<p>Bill entitled an Act to provide for an increase in the number of Ministers of State who may be appointed by the Government under section 1(1) of the Ministers and Secretaries (Amendment) (No. 2) Act 1977 and for that purpose to amend the Ministers and Secretaries (Amendment) (No. 2) Act 1977; to amend section 3A of the Oireachtas (Allowances to Members) and Ministerial, Parliamentary, Judicial and Court Offices (Amendment) Act 1998; and to provide for related matters.<\/p>","longTitleGa":"<p>Bille d\u00e1 ngairtear Acht do dh\u00e9anamh socr\u00fa maidir le m\u00e9ad\u00fa ar l\u00edon na nAir\u00ed St\u00e1it a fh\u00e9adfaidh an Rialtas a cheapadh faoi alt 1(1) den Acht Air\u00ed agus R\u00fanaithe (Leas\u00fa) (Uimh. 2), 1977 agus chun na cr\u00edche sin do leas\u00fa an Achta Air\u00ed agus R\u00fanaithe (Leas\u00fa) (Uimh. 2), 1977; do leas\u00fa alt 3A den Acht um an Oireachtas (Li\u00fantais do Chomhalta\u00ed) agus Oifig\u00ed Aireachta, Parlaiminte, Breithi\u00fanacha agus C\u00fairte (Leas\u00fa), 1998; agus do dh\u00e9anamh socr\u00fa i dtaobh nithe gaolmhara.<\/p>","method":"Presented","methodURI":"https:\/\/data.oireachtas.ie\/ie\/oireachtas\/def\/bill-method\/presented","mostRecentStage":{"event":{"chamber":null,"dates":[{"date":"2025-02-21"}],"house":null,"progressStage":10,"showAs":"Enacted","stageCompleted":true,"stageOutcome":"Enacted","stageURI":"https:\/\/data.oireachtas.ie\/ie\/oireachtas\/def\/bill-stage\/enacted","uri":"https:\/\/data.oireachtas.ie\/ie\/oireachtas\/bill\/2025\/3\/stage\/oireachtas\/enacted"}},"originHouse":{"showAs":"D\u00e1il \u00c9ireann","uri":"https:\/\/data.oireachtas.ie\/ie\/oireachtas\/def\/house\/dail"},"originHouseURI":"https:\/\/data.oireachtas.ie\/ie\/oireachtas\/def\/house\/dail","relatedDocs":[{"relatedDoc":{"date":"2025-02-10","docType":"gluais","formats":{"pdf":{"uri":"https:\/\/data.oireachtas.ie\/ie\/oireachtas\/bill\/2025\/3\/mul\/gluais\/gluais-01-2025-an-bille-um-airi-agus-runaithe-agus-oifigi-aireachta-parlaiminte-breithiunacha-agus-cuirte-leasu-2025.pdf"},"xml":null},"lang":"mul","showAs":"Glossary\/Gluais","uri":"https:\/\/data.oireachtas.ie\/ie\/oireachtas\/bill\/2025\/3\/mul\/gluais"}},{"relatedDoc":{"date":"2025-02-06","docType":"memo","formats":{"pdf":{"uri":"https:\/\/data.oireachtas.ie\/ie\/oireachtas\/bill\/2025\/3\/eng\/memo\/b0325d-memo.pdf"},"xml":null},"lang":"eng","showAs":"Explanatory Memorandum","uri":"https:\/\/data.oireachtas.ie\/ie\/oireachtas\/bill\/2025\/3\/eng\/memo"}}],"shortTitleEn":"Ministers and Secretaries and Ministerial, Parliamentary, Judicial and Court Offices (Amendment) Bill 2025","shortTitleGa":"An Bille um Air\u00ed agus R\u00fanaithe agus Oifig\u00ed Aireachta, Parlaiminte, Breithi\u00fanacha agus C\u00fairte (Leas\u00fa), 2025","source":"Government","sourceURI":"https:\/\/data.oireachtas.ie\/ie\/oireachtas\/def\/bill-source\/government","sponsors":[{"sponsor":{"as":{"showAs":"Minister for Public Expenditure, National Development Plan Delivery and Reform","uri":null},"by":{"showAs":null,"uri":null},"isPrimary":true}}],"stages":[{"event":{"chamber":{"chamberCode":"dail","showAs":"D\u00e1il \u00c9ireann","uri":"https:\/\/data.oireachtas.ie\/ie\/oireachtas\/def\/house\/dail"},"dates":[{"date":"2025-02-06"},{"date":"2025-02-06"}],"house":{"chamberCode":"dail","chamberType":"house","houseCode":"dail","houseNo":"34","showAs":"34th D\u00e1il","uri":"https:\/\/data.oireachtas.ie\/ie\/oireachtas\/house\/dail\/34"},"progressStage":1,"showAs":"First Stage","stageCompleted":true,"stageOutcome":null,"stageURI":"https:\/\/data.oireachtas.ie\/ie\/oireachtas\/def\/bill-stage\/1","uri":"https:\/\/data.oireachtas.ie\/ie\/oireachtas\/bill\/2025\/3\/stage\/dail\/1"}},{"event":{"chamber":{"chamberCode":"dail","showAs":"D\u00e1il \u00c9ireann","uri":"https:\/\/data.oireachtas.ie\/ie\/oireachtas\/def\/house\/dail"},"dates":[{"date":"2025-02-12"}],"house":{"chamberCode":"dail","chamberType":"house","houseCode":"dail","houseNo":"34","showAs":"34th D\u00e1il","uri":"https:\/\/data.oireachtas.ie\/ie\/oireachtas\/house\/dail\/34"},"progressStage":2,"showAs":"Second Stage","stageCompleted":true,"stageOutcome":null,"stageURI":"https:\/\/data.oireachtas.ie\/ie\/oireachtas\/def\/bill-stage\/2","uri":"https:\/\/data.oireachtas.ie\/ie\/oireachtas\/bill\/2025\/3\/stage\/dail\/2"}},{"event":{"chamber":{"chamberCode":"dail","showAs":"D\u00e1il \u00c9ireann","uri":"https:\/\/data.oireachtas.ie\/ie\/oireachtas\/def\/house\/dail"},"dates":[{"date":"2025-02-12"}],"house":{"chamberCode":"dail","chamberType":"house","houseCode":"dail","houseNo":"34","showAs":"34th D\u00e1il","uri":"https:\/\/data.oireachtas.ie\/ie\/oireachtas\/house\/dail\/34"},"progressStage":3,"showAs":"Committee Stage","stageCompleted":true,"stageOutcome":null,"stageURI":"https:\/\/data.oireachtas.ie\/ie\/oireachtas\/def\/bill-stage\/3","uri":"https:\/\/data.oireachtas.ie\/ie\/oireachtas\/bill\/2025\/3\/stage\/dail\/3"}},{"event":{"chamber":{"chamberCode":"dail","showAs":"D\u00e1il \u00c9ireann","uri":"https:\/\/data.oireachtas.ie\/ie\/oireachtas\/def\/house\/dail"},"dates":[{"date":"2025-02-12"}],"house":{"chamberCode":"dail","chamberType":"house","houseCode":"dail","houseNo":"34","showAs":"34th D\u00e1il","uri":"https:\/\/data.oireachtas.ie\/ie\/oireachtas\/house\/dail\/34"},"progressStage":4,"showAs":"Report Stage","stageCompleted":true,"stageOutcome":null,"stageURI":"https:\/\/data.oireachtas.ie\/ie\/oireachtas\/def\/bill-stage\/4","uri":"https:\/\/data.oireachtas.ie\/ie\/oireachtas\/bill\/2025\/3\/stage\/dail\/4"}},{"event":{"chamber":{"chamberCode":"dail","showAs":"D\u00e1il \u00c9ireann","uri":"https:\/\/data.oireachtas.ie\/ie\/oireachtas\/def\/house\/dail"},"dates":[{"date":"2025-02-12"}],"house":{"chamberCode":"dail","chamberType":"house","houseCode":"dail","houseNo":"34","showAs":"34th D\u00e1il","uri":"https:\/\/data.oireachtas.ie\/ie\/oireachtas\/house\/dail\/34"},"progressStage":5,"showAs":"Fifth Stage","stageCompleted":true,"stageOutcome":null,"stageURI":"https:\/\/data.oireachtas.ie\/ie\/oireachtas\/def\/bill-stage\/5","uri":"https:\/\/data.oireachtas.ie\/ie\/oireachtas\/bill\/2025\/3\/stage\/dail\/5"}},{"event":{"chamber":{"chamberCode":"seanad","showAs":"Seanad \u00c9ireann","uri":"https:\/\/data.oireachtas.ie\/ie\/oireachtas\/def\/house\/seanad"},"dates":[{"date":"2025-02-12"}],"house":{"chamberCode":"seanad","chamberType":"house","houseCode":"seanad","houseNo":"27","showAs":"27th Seanad","uri":"https:\/\/data.oireachtas.ie\/ie\/oireachtas\/house\/seanad\/27"},"progressStage":6,"showAs":"Second Stage","stageCompleted":true,"stageOutcome":null,"stageURI":"https:\/\/data.oireachtas.ie\/ie\/oireachtas\/def\/bill-stage\/2","uri":"https:\/\/data.oireachtas.ie\/ie\/oireachtas\/bill\/2025\/3\/stage\/seanad\/2"}},{"event":{"chamber":{"chamberCode":"seanad","showAs":"Seanad \u00c9ireann","uri":"https:\/\/data.oireachtas.ie\/ie\/oireachtas\/def\/house\/seanad"},"dates":[{"date":"2025-02-13"},{"date":"2025-02-13"}],"house":{"chamberCode":"seanad","chamberType":"house","houseCode":"seanad","houseNo":"27","showAs":"27th Seanad","uri":"https:\/\/data.oireachtas.ie\/ie\/oireachtas\/house\/seanad\/27"},"progressStage":7,"showAs":"Committee Stage","stageCompleted":true,"stageOutcome":"Enacted","stageURI":"https:\/\/data.oireachtas.ie\/ie\/oireachtas\/def\/bill-stage\/3","uri":"https:\/\/data.oireachtas.ie\/ie\/oireachtas\/bill\/2025\/3\/stage\/seanad\/3"}},{"event":{"chamber":{"chamberCode":"seanad","showAs":"Seanad \u00c9ireann","uri":"https:\/\/data.oireachtas.ie\/ie\/oireachtas\/def\/house\/seanad"},"dates":[{"date":"2025-02-13"}],"house":{"chamberCode":"seanad","chamberType":"house","houseCode":"seanad","houseNo":"27","showAs":"27th Seanad","uri":"https:\/\/data.oireachtas.ie\/ie\/oireachtas\/house\/seanad\/27"},"progressStage":8,"showAs":"Report Stage","stageCompleted":true,"stageOutcome":"Enacted","stageURI":"https:\/\/data.oireachtas.ie\/ie\/oireachtas\/def\/bill-stage\/4","uri":"https:\/\/data.oireachtas.ie\/ie\/oireachtas\/bill\/2025\/3\/stage\/seanad\/4"}},{"event":{"chamber":{"chamberCode":"seanad","showAs":"Seanad \u00c9ireann","uri":"https:\/\/data.oireachtas.ie\/ie\/oireachtas\/def\/house\/seanad"},"dates":[{"date":"2025-02-13"}],"house":{"chamberCode":"seanad","chamberType":"house","houseCode":"seanad","houseNo":"27","showAs":"27th Seanad","uri":"https:\/\/data.oireachtas.ie\/ie\/oireachtas\/house\/seanad\/27"},"progressStage":9,"showAs":"Fifth Stage","stageCompleted":true,"stageOutcome":"Enacted","stageURI":"https:\/\/data.oireachtas.ie\/ie\/oireachtas\/def\/bill-stage\/5","uri":"https:\/\/data.oireachtas.ie\/ie\/oireachtas\/bill\/2025\/3\/stage\/seanad\/5"}},{"event":{"chamber":null,"dates":[{"date":"2025-02-21"}],"house":null,"progressStage":10,"showAs":"Enacted","stageCompleted":true,"stageOutcome":"Enacted","stageURI":"https:\/\/data.oireachtas.ie\/ie\/oireachtas\/def\/bill-stage\/enacted","uri":"https:\/\/data.oireachtas.ie\/ie\/oireachtas\/bill\/2025\/3\/stage\/oireachtas\/enacted"}}],"status":"Enacted","statusURI":"https:\/\/data.oireachtas.ie\/ie\/oireachtas\/def\/bill-status\/enacted","uri":"https:\/\/data.oireachtas.ie\/ie\/oireachtas\/bill\/2025\/3","versions":[{"version":{"date":"2025-02-21","docType":"act","formats":{"pdf":{"uri":"https:\/\/data.oireachtas.ie\/ie\/oireachtas\/act\/2025\/1\/eng\/enacted\/a0125.pdf"},"xml":null},"lang":"eng","showAs":"Ministers and Secretaries and Ministerial, Parliamentary, Judicial and Court Offices (Amendment) Act 2025","uri":"https:\/\/data.oireachtas.ie\/ie\/oireachtas\/act\/2025\/1\/eng\/enacted"}},{"version":{"date":"2025-02-06","docType":"bill","formats":{"pdf":{"uri":"https:\/\/data.oireachtas.ie\/ie\/oireachtas\/bill\/2025\/3\/eng\/initiated\/b0325d.pdf"},"xml":null},"lang":"eng","showAs":"As Initiated","uri":"https:\/\/data.oireachtas.ie\/ie\/oireachtas\/bill\/2025\/3\/eng\/initiated"}}]},"billSort":{"actNoSort":1,"actShortTitleEnSort":"ministers-and-secretaries-and-ministerial-parliamentary-judicial-and-court-offices-amendment-act-2025","actShortTitleGaSort":"an-tacht-um-airi-agus-runaithe-agus-oifigi-aireachta-parlaiminte-breithiunacha-agus-cuirte-leasu-2025","actYearSort":2025,"billNoSort":3,"billShortTitleEnSort":"ministers-and-secretaries-and-ministerial-parliamentary-judicial-and-court-offices-amendment-bill-2025","billShortTitleGaSort":"an-bille-um-airi-agus-runaithe-agus-oifigi-aireachta-parlaiminte-breithiunacha-agus-cuirte-leasu-2025","billYearSort":2025},"contextDate":"2025-02-21"},{"bill":{"act":null,"amendmentLists":[],"billNo":"2","billType":"Public","billTypeURI":"https:\/\/data.oireachtas.ie\/ie\/oireachtas\/def\/bill-type\/public","billYear":"2025","debates":[],"events":[{"event":{"chamber":{"chamberCode":"seanad","showAs":"Seanad \u00c9ireann","uri":"https:\/\/data.oireachtas.ie\/ie\/oireachtas\/def\/house\/seanad"},"dates":[{"date":"2025-01-22"},{"date":"2025-01-24"}],"eventURI":"https:\/\/data.oireachtas.ie\/ie\/oireachtas\/def\/bill-event\/admissibility-for-introduction","showAs":"Admissibility for Introduction","uri":"https:\/\/data.oireachtas.ie\/ie\/oireachtas\/bill\/2025\/2\/admissibility-for-introduction"}},{"event":{"chamber":{"chamberCode":"seanad","showAs":"Seanad \u00c9ireann","uri":"https:\/\/data.oireachtas.ie\/ie\/oireachtas\/def\/house\/seanad"},"dates":[{"date":"2025-01-29"}],"eventURI":"https:\/\/data.oireachtas.ie\/ie\/oireachtas\/def\/bill-event\/bill-lapsed","showAs":"Bill Lapsed","uri":"https:\/\/data.oireachtas.ie\/ie\/oireachtas\/bill\/2025\/2\/bill-lapsed"}}],"lastUpdated":"2025-01-30T11:17:37.160000+00:00","longTitleEn":"<p>Bill entitled an Act to amend the Criminal Procedure Act 1967 by providing that a court may order a person convicted of certain offences to attend and be present in court for the sentence hearing for the offence of which the person has been convicted and to provide for related matters. &nbsp;<\/p>","longTitleGa":"<p>Bille d\u00e1 ngairtear Acht do leas\u00fa an Achta um N\u00f3s Imeachta Coiri\u00fail, 1967 tr\u00ed fhor\u00e1il a dh\u00e9anamh go bhf\u00e9adfaidh c\u00fairt a ord\u00fa do dhuine, a bheidh ciontaithe i gcionta \u00e1irithe, freastal agus a bheith i l\u00e1thair sa ch\u00fairt le haghaidh na h\u00e9isteachta pianbhreithe mar gheall ar an gcion ina mbeidh an duine ciontaithe agus do dh\u00e9anamh socr\u00fa i dtaobh nithe gaolmhara.<\/p>","method":"Presented","methodURI":"https:\/\/data.oireachtas.ie\/ie\/oireachtas\/def\/bill-method\/presented","mostRecentStage":{"event":{"chamber":{"chamberCode":"seanad","showAs":"Seanad \u00c9ireann","uri":"https:\/\/data.oireachtas.ie\/ie\/oireachtas\/def\/house\/seanad"},"dates":[{"date":"2025-01-22"},{"date":"2025-01-24"},{"date":"2025-01-24"}],"house":{"chamberCode":"seanad","chamberType":"house","houseCode":"seanad","houseNo":"26","showAs":"26th Seanad","uri":"https:\/\/data.oireachtas.ie\/ie\/oireachtas\/house\/seanad\/26"},"progressStage":1,"showAs":"First Stage","stageCompleted":true,"stageOutcome":null,"stageURI":"https:\/\/data.oireachtas.ie\/ie\/oireachtas\/def\/bill-stage\/1","uri":"https:\/\/data.oireachtas.ie\/ie\/oireachtas\/bill\/2025\/2\/stage\/seanad\/1"}},"originHouse":{"showAs":"Seanad \u00c9ireann","uri":"https:\/\/data.oireachtas.ie\/ie\/oireachtas\/def\/house\/seanad"},"originHouseURI":"https:\/\/data.oireachtas.ie\/ie\/oireachtas\/def\/house\/seanad","relatedDocs":[],"shortTitleEn":"Criminal Procedure (Amendment) Bill 2025","shortTitleGa":"An Bille um N\u00f3s Imeachta Coiri\u00fail (Leas\u00fa), 2025","source":"Private Member","sourceURI":"https:\/\/data.oireachtas.ie\/ie\/oireachtas\/def\/bill-source\/private-member","sponsors":[{"sponsor":{"as":{"showAs":null,"uri":null},"by":{"showAs":"Vincent P. Martin","uri":"https:\/\/data.oireachtas.ie\/ie\/oireachtas\/member\/id\/Vincent-P-Martin.S.2020-06-29"},"isPrimary":true}}],"stages":[{"event":{"chamber":{"chamberCode":"seanad","showAs":"Seanad \u00c9ireann","uri":"https:\/\/data.oireachtas.ie\/ie\/oireachtas\/def\/house\/seanad"},"dates":[{"date":"2025-01-22"},{"date":"2025-01-24"},{"date":"2025-01-24"}],"house":{"chamberCode":"seanad","chamberType":"house","houseCode":"seanad","houseNo":"26","showAs":"26th Seanad","uri":"https:\/\/data.oireachtas.ie\/ie\/oireachtas\/house\/seanad\/26"},"progressStage":1,"showAs":"First Stage","stageCompleted":true,"stageOutcome":null,"stageURI":"https:\/\/data.oireachtas.ie\/ie\/oireachtas\/def\/bill-stage\/1","uri":"https:\/\/data.oireachtas.ie\/ie\/oireachtas\/bill\/2025\/2\/stage\/seanad\/1"}}],"status":"Lapsed","statusURI":"https:\/\/data.oireachtas.ie\/ie\/oireachtas\/def\/bill-status\/lapsed","uri":"https:\/\/data.oireachtas.ie\/ie\/oireachtas\/bill\/2025\/2","versions":[{"version":{"date":"2025-01-24","docType":"bill","formats":{"pdf":{"uri":"https:\/\/data.oireachtas.ie\/ie\/oireachtas\/bill\/2025\/2\/eng\/initiated\/b0225s.pdf"},"xml":null},"lang":"eng","showAs":"As Initiated","uri":"https:\/\/data.oireachtas.ie\/ie\/oireachtas\/bill\/2025\/2\/eng\/initiated"}}]},"billSort":{"actNoSort":null,"actShortTitleEnSort":null,"actShortTitleGaSort":null,"actYearSort":null,"billNoSort":2,"billShortTitleEnSort":"criminal-procedure-amendment-bill-2025","billShortTitleGaSort":"an-bille-um-nos-imeachta-coiriuil-leasu-2025","billYearSort":2025},"contextDate":"2025-01-24"},{"bill":{"act":null,"amendmentLists":[],"billNo":"1","billType":"Public","billTypeURI":"https:\/\/data.oireachtas.ie\/ie\/oireachtas\/def\/bill-type\/public","billYear":"2025","debates":[],"events":[{"event":{"chamber":{"chamberCode":"seanad","showAs":"Seanad \u00c9ireann","uri":"https:\/\/data.oireachtas.ie\/ie\/oireachtas\/def\/house\/seanad"},"dates":[{"date":"2025-01-21"},{"date":"2025-01-24"}],"eventURI":"https:\/\/data.oireachtas.ie\/ie\/oireachtas\/def\/bill-event\/admissibility-for-introduction","showAs":"Admissibility for Introduction","uri":"https:\/\/data.oireachtas.ie\/ie\/oireachtas\/bill\/2025\/1\/admissibility-for-introduction"}},{"event":{"chamber":{"chamberCode":"seanad","showAs":"Seanad \u00c9ireann","uri":"https:\/\/data.oireachtas.ie\/ie\/oireachtas\/def\/house\/seanad"},"dates":[{"date":"2025-01-29"}],"eventURI":"https:\/\/data.oireachtas.ie\/ie\/oireachtas\/def\/bill-event\/bill-lapsed","showAs":"Bill Lapsed","uri":"https:\/\/data.oireachtas.ie\/ie\/oireachtas\/bill\/2025\/1\/bill-lapsed"}}],"lastUpdated":"2025-01-30T11:17:37.160000+00:00","longTitleEn":"<p>Bill entitled an Act to provide that section 2 of The Republic of Ireland Act 1948 relating to the description of the State shall cease to have effect and to provide for connected matters.<\/p>","longTitleGa":"<p>Bille d\u00e1 ngairtear Acht do dh\u00e9anamh socr\u00fa go scoirfidh alt 2 d\u2019Acht Phoblacht na h\u00c9ireann, 1948, a bhaineann leis an ngn\u00e9thuairisc ar an St\u00e1t, d\u2019\u00e9ifeacht a bheith leis agus do dh\u00e9anamh socr\u00fa i dtaobh nithe comhghaolmhara.<\/p>","method":"Presented","methodURI":"https:\/\/data.oireachtas.ie\/ie\/oireachtas\/def\/bill-method\/presented","mostRecentStage":{"event":{"chamber":{"chamberCode":"seanad","showAs":"Seanad \u00c9ireann","uri":"https:\/\/data.oireachtas.ie\/ie\/oireachtas\/def\/house\/seanad"},"dates":[{"date":"2025-01-21"},{"date":"2025-01-24"},{"date":"2025-01-24"}],"house":{"chamberCode":"seanad","chamberType":"house","houseCode":"seanad","houseNo":"26","showAs":"26th Seanad","uri":"https:\/\/data.oireachtas.ie\/ie\/oireachtas\/house\/seanad\/26"},"progressStage":1,"showAs":"First Stage","stageCompleted":true,"stageOutcome":null,"stageURI":"https:\/\/data.oireachtas.ie\/ie\/oireachtas\/def\/bill-stage\/1","uri":"https:\/\/data.oireachtas.ie\/ie\/oireachtas\/bill\/2025\/1\/stage\/seanad\/1"}},"originHouse":{"showAs":"Seanad \u00c9ireann","uri":"https:\/\/data.oireachtas.ie\/ie\/oireachtas\/def\/house\/seanad"},"originHouseURI":"https:\/\/data.oireachtas.ie\/ie\/oireachtas\/def\/house\/seanad","relatedDocs":[],"shortTitleEn":"Republic of Ireland (Amendment) Bill 2025","shortTitleGa":"Bille Phoblacht na h\u00c9ireann (Leas\u00fa), 2025","source":"Private Member","sourceURI":"https:\/\/data.oireachtas.ie\/ie\/oireachtas\/def\/bill-source\/private-member","sponsors":[{"sponsor":{"as":{"showAs":null,"uri":null},"by":{"showAs":"Vincent P. Martin","uri":"https:\/\/data.oireachtas.ie\/ie\/oireachtas\/member\/id\/Vincent-P-Martin.S.2020-06-29"},"isPrimary":true}}],"stages":[{"event":{"chamber":{"chamberCode":"seanad","showAs":"Seanad \u00c9ireann","uri":"https:\/\/data.oireachtas.ie\/ie\/oireachtas\/def\/house\/seanad"},"dates":[{"date":"2025-01-21"},{"date":"2025-01-24"},{"date":"2025-01-24"}],"house":{"chamberCode":"seanad","chamberType":"house","houseCode":"seanad","houseNo":"26","showAs":"26th Seanad","uri":"https:\/\/data.oireachtas.ie\/ie\/oireachtas\/house\/seanad\/26"},"progressStage":1,"showAs":"First Stage","stageCompleted":true,"stageOutcome":null,"stageURI":"https:\/\/data.oireachtas.ie\/ie\/oireachtas\/def\/bill-stage\/1","uri":"https:\/\/data.oireachtas.ie\/ie\/oireachtas\/bill\/2025\/1\/stage\/seanad\/1"}}],"status":"Lapsed","statusURI":"https:\/\/data.oireachtas.ie\/ie\/oireachtas\/def\/bill-status\/lapsed","uri":"https:\/\/data.oireachtas.ie\/ie\/oireachtas\/bill\/2025\/1","versions":[{"version":{"date":"2025-01-24","docType":"bill","formats":{"pdf":{"uri":"https:\/\/data.oireachtas.ie\/ie\/oireachtas\/bill\/2025\/1\/mul\/initiated\/b0125s.pdf"},"xml":null},"lang":"mul","showAs":"As Initiated","uri":"https:\/\/data.oireachtas.ie\/ie\/oireachtas\/bill\/2025\/1\/mul\/initiated"}}]},"billSort":{"actNoSort":null,"actShortTitleEnSort":null,"actShortTitleGaSort":null,"actYearSort":null,"billNoSort":1,"billShortTitleEnSort":"republic-of-ireland-amendment-bill-2025","billShortTitleGaSort":"bille-phoblacht-na-heireann-leasu-2025","billYearSort":2025},"contextDate":"2025-01-24"},{"bill":{"act":null,"amendmentLists":[],"billNo":"101","billType":"Public","billTypeURI":"https:\/\/data.oireachtas.ie\/ie\/oireachtas\/def\/bill-type\/public","billYear":"2024","debates":[{"chamber":{"showAs":"Seanad \u00c9ireann","uri":"https:\/\/data.oireachtas.ie\/ie\/oireachtas\/def\/house\/seanad"},"date":"2024-11-06","debateSectionId":"dbsect_13","showAs":"Arts (Amendment) (Artist Workspaces) Bill 2024: First Stage","uri":"https:\/\/data.oireachtas.ie\/akn\/ie\/debateRecord\/seanad\/2024-11-06\/debate\/main"}],"events":[{"event":{"chamber":{"chamberCode":"seanad","showAs":"Seanad \u00c9ireann","uri":"https:\/\/data.oireachtas.ie\/ie\/oireachtas\/def\/house\/seanad"},"dates":[{"date":"2024-03-04"},{"date":"2024-07-16"},{"date":"2024-10-10"},{"date":"2024-11-06"}],"eventURI":"https:\/\/data.oireachtas.ie\/ie\/oireachtas\/def\/bill-event\/admissibility-for-introduction","showAs":"Admissibility for Introduction","uri":"https:\/\/data.oireachtas.ie\/ie\/oireachtas\/bill\/2024\/101\/admissibility-for-introduction"}},{"event":{"chamber":{"chamberCode":"seanad","showAs":"Seanad \u00c9ireann","uri":"https:\/\/data.oireachtas.ie\/ie\/oireachtas\/def\/house\/seanad"},"dates":[{"date":"2025-01-29"}],"eventURI":"https:\/\/data.oireachtas.ie\/ie\/oireachtas\/def\/bill-event\/bill-lapsed","showAs":"Bill Lapsed","uri":"https:\/\/data.oireachtas.ie\/ie\/oireachtas\/bill\/2024\/101\/bill-lapsed"}}],"lastUpdated":"2025-01-30T11:17:37.160000+00:00","longTitleEn":"<p>Bill entitled an Act\u00a0to increase the amount of\u00a0affordable artist studios and workspaces and affordable artist-run workspaces available; to\u00a0confer functions on the\u00a0Arts Council to acquire, develop\u00a0and manage\u00a0affordable artist workspaces and artist-run workspaces; to make specific reference to the ability of a local authority to facilitate the provision of\u00a0affordable artist workspaces and\u00a0affordable\u00a0artist-run workspaces; and to provide for related matters.<\/p>\n","longTitleGa":"<p>Bille d\u00e1 ngairtear Acht do mh\u00e9ad\u00fa an mh\u00e9id sti\u00faideonna agus sp\u00e1sanna oibre inacmhainne eala\u00edont\u00f3ir\u00ed agus sp\u00e1sanna oibre inacmhainne \u00e1 re\u00e1cht\u00e1il ag eala\u00edont\u00f3ir\u00ed at\u00e1 ar f\u00e1il; do thabhairt feidhmeanna don Chomhairle Eala\u00edon chun sp\u00e1sanna oibre inacmhainne eala\u00edont\u00f3ir\u00ed agus sp\u00e1sanna oibre inacmhainne \u00e1 re\u00e1cht\u00e1il ag eala\u00edont\u00f3ir\u00ed a fh\u00e1il, a fhorbairt agus a bhainisti\u00fa; do dh\u00e9anamh tagairt shonrach do chumas \u00fadar\u00e1is \u00e1iti\u00fail chun sol\u00e1thar sp\u00e1sanna oibre inacmhainne eala\u00edont\u00f3ir\u00ed agus sp\u00e1sanna oibre inacmhainne \u00e1 re\u00e1cht\u00e1il ag eala\u00edont\u00f3ir\u00ed a \u00e9asc\u00fa; agus do dh\u00e9anamh socr\u00fa i dtaobh nithe gaolmhara.<\/p>\n","method":"Introduced","methodURI":"https:\/\/data.oireachtas.ie\/ie\/oireachtas\/def\/bill-method\/introduced","mostRecentStage":{"event":{"chamber":{"chamberCode":"seanad","showAs":"Seanad \u00c9ireann","uri":"https:\/\/data.oireachtas.ie\/ie\/oireachtas\/def\/house\/seanad"},"dates":[{"date":"2024-03-04"},{"date":"2024-07-16"},{"date":"2024-10-10"},{"date":"2024-11-06"},{"date":"2024-11-06"}],"house":{"chamberCode":"seanad","chamberType":"house","houseCode":"seanad","houseNo":"26","showAs":"26th Seanad","uri":"https:\/\/data.oireachtas.ie\/ie\/oireachtas\/house\/seanad\/26"},"progressStage":1,"showAs":"First Stage","stageCompleted":true,"stageOutcome":null,"stageURI":"https:\/\/data.oireachtas.ie\/ie\/oireachtas\/def\/bill-stage\/1","uri":"https:\/\/data.oireachtas.ie\/ie\/oireachtas\/bill\/2024\/101\/stage\/seanad\/1"}},"originHouse":{"showAs":"Seanad \u00c9ireann","uri":"https:\/\/data.oireachtas.ie\/ie\/oireachtas\/def\/house\/seanad"},"originHouseURI":"https:\/\/data.oireachtas.ie\/ie\/oireachtas\/def\/house\/seanad","relatedDocs":[],"shortTitleEn":"Arts (Amendment) (Artist Workspaces) Bill 2024","shortTitleGa":"An Bille Eala\u00edon (Leas\u00fa) (Sp\u00e1sanna Oibre Eala\u00edont\u00f3ir\u00ed), 2024","source":"Private Member","sourceURI":"https:\/\/data.oireachtas.ie\/ie\/oireachtas\/def\/bill-source\/private-member","sponsors":[{"sponsor":{"as":{"showAs":null,"uri":null},"by":{"showAs":"Fintan Warfield","uri":"https:\/\/data.oireachtas.ie\/ie\/oireachtas\/member\/id\/Fintan-Warfield.S.2016-04-25"},"isPrimary":true}},{"sponsor":{"as":{"showAs":null,"uri":null},"by":{"showAs":"Paul Gavan","uri":"https:\/\/data.oireachtas.ie\/ie\/oireachtas\/member\/id\/Paul-Gavan.S.2016-04-25"},"isPrimary":false}}],"stages":[{"event":{"chamber":{"chamberCode":"seanad","showAs":"Seanad \u00c9ireann","uri":"https:\/\/data.oireachtas.ie\/ie\/oireachtas\/def\/house\/seanad"},"dates":[{"date":"2024-03-04"},{"date":"2024-07-16"},{"date":"2024-10-10"},{"date":"2024-11-06"},{"date":"2024-11-06"}],"house":{"chamberCode":"seanad","chamberType":"house","houseCode":"seanad","houseNo":"26","showAs":"26th Seanad","uri":"https:\/\/data.oireachtas.ie\/ie\/oireachtas\/house\/seanad\/26"},"progressStage":1,"showAs":"First Stage","stageCompleted":true,"stageOutcome":null,"stageURI":"https:\/\/data.oireachtas.ie\/ie\/oireachtas\/def\/bill-stage\/1","uri":"https:\/\/data.oireachtas.ie\/ie\/oireachtas\/bill\/2024\/101\/stage\/seanad\/1"}}],"status":"Lapsed","statusURI":"https:\/\/data.oireachtas.ie\/ie\/oireachtas\/def\/bill-status\/lapsed","uri":"https:\/\/data.oireachtas.ie\/ie\/oireachtas\/bill\/2024\/101","versions":[{"version":{"date":"2024-11-06","docType":"bill","formats":{"pdf":{"uri":"https:\/\/data.oireachtas.ie\/ie\/oireachtas\/bill\/2024\/101\/eng\/initiated\/b10124s.pdf"},"xml":null},"lang":"eng","showAs":"As Initiated","uri":"https:\/\/data.oireachtas.ie\/ie\/oireachtas\/bill\/2024\/101\/eng\/initiated"}}]},"billSort":{"actNoSort":null,"actShortTitleEnSort":null,"actShortTitleGaSort":null,"actYearSort":null,"billNoSort":101,"billShortTitleEnSort":"arts-amendment-artist-workspaces-bill-2024","billShortTitleGaSort":"an-bille-ealaion-leasu-spasanna-oibre-ealaiontoiri-2024","billYearSort":2024},"contextDate":"2024-11-06"},{"bill":{"act":null,"amendmentLists":[],"billNo":"100","billType":"Public","billTypeURI":"https:\/\/data.oireachtas.ie\/ie\/oireachtas\/def\/bill-type\/public","billYear":"2024","debates":[{"chamber":{"showAs":"Seanad \u00c9ireann","uri":"https:\/\/data.oireachtas.ie\/ie\/oireachtas\/def\/house\/seanad"},"date":"2024-11-06","debateSectionId":"dbsect_12","showAs":"Public Procurement (Collective Bargaining and Collective Agreements Criteria) Bill 2024: First Stage","uri":"https:\/\/data.oireachtas.ie\/akn\/ie\/debateRecord\/seanad\/2024-11-06\/debate\/main"}],"events":[{"event":{"chamber":{"chamberCode":"seanad","showAs":"Seanad \u00c9ireann","uri":"https:\/\/data.oireachtas.ie\/ie\/oireachtas\/def\/house\/seanad"},"dates":[{"date":"2024-11-01"},{"date":"2024-11-06"}],"eventURI":"https:\/\/data.oireachtas.ie\/ie\/oireachtas\/def\/bill-event\/admissibility-for-introduction","showAs":"Admissibility for Introduction","uri":"https:\/\/data.oireachtas.ie\/ie\/oireachtas\/bill\/2024\/100\/admissibility-for-introduction"}},{"event":{"chamber":{"chamberCode":"seanad","showAs":"Seanad \u00c9ireann","uri":"https:\/\/data.oireachtas.ie\/ie\/oireachtas\/def\/house\/seanad"},"dates":[{"date":"2025-01-29"}],"eventURI":"https:\/\/data.oireachtas.ie\/ie\/oireachtas\/def\/bill-event\/bill-lapsed","showAs":"Bill Lapsed","uri":"https:\/\/data.oireachtas.ie\/ie\/oireachtas\/bill\/2024\/100\/bill-lapsed"}}],"lastUpdated":"2025-01-30T11:17:37.160000+00:00","longTitleEn":"<p>Bill entitled an Act to give further effect to Directive 2014\/24\/EU of the European Parliament and of the Council of 26 February 2014 and for that purpose to provide for contract award criteria in public contracts that promotes favourable weighting of economic operators who enter into collective bargaining and complete collective agreements&nbsp;with their employees, and to provide for related matters.<\/p><p>&nbsp;<\/p>","longTitleGa":"<p>Bille d\u00e1 ngairtear Acht do thabhairt tuilleadh \u00e9ifeachta do Threoir 2014\/24\/AE \u00f3 Pharlaimint na hEorpa agus \u00f3n gComhairle an 26 Feabhra 2014 agus, chun na cr\u00edche sin, do dh\u00e9anamh socr\u00fa maidir le crit\u00e9ir d\u00e1mhachtana conartha\u00ed i gconartha\u00ed poibl\u00ed lena nd\u00e9anfar ual\u00fa fabhrach a chur chun cinn i leith oibritheoir\u00ed eacnama\u00edocha a dh\u00e9anann c\u00f3mharg\u00e1nta\u00edocht lena bhfostaithe agus comhaontuithe comhchoiteanna a chur i gcr\u00edch leo; agus do dh\u00e9anamh socr\u00fa i dtaobh nithe gaolmhara.<\/p>","method":"Introduced","methodURI":"https:\/\/data.oireachtas.ie\/ie\/oireachtas\/def\/bill-method\/introduced","mostRecentStage":{"event":{"chamber":{"chamberCode":"seanad","showAs":"Seanad \u00c9ireann","uri":"https:\/\/data.oireachtas.ie\/ie\/oireachtas\/def\/house\/seanad"},"dates":[{"date":"2024-11-01"},{"date":"2024-11-06"},{"date":"2024-11-06"}],"house":{"chamberCode":"seanad","chamberType":"house","houseCode":"seanad","houseNo":"26","showAs":"26th Seanad","uri":"https:\/\/data.oireachtas.ie\/ie\/oireachtas\/house\/seanad\/26"},"progressStage":1,"showAs":"First Stage","stageCompleted":true,"stageOutcome":null,"stageURI":"https:\/\/data.oireachtas.ie\/ie\/oireachtas\/def\/bill-stage\/1","uri":"https:\/\/data.oireachtas.ie\/ie\/oireachtas\/bill\/2024\/100\/stage\/seanad\/1"}},"originHouse":{"showAs":"Seanad \u00c9ireann","uri":"https:\/\/data.oireachtas.ie\/ie\/oireachtas\/def\/house\/seanad"},"originHouseURI":"https:\/\/data.oireachtas.ie\/ie\/oireachtas\/def\/house\/seanad","relatedDocs":[],"shortTitleEn":"Public Procurement (Collective Bargaining and Collective Agreements Criteria) Bill 2024","shortTitleGa":"An Bille um Shainfh\u00e1il Phoibl\u00ed (Crit\u00e9ir maidir le C\u00f3mharg\u00e1nta\u00edocht agus Comhaontuithe Comhchoiteanna), 2024","source":"Private Member","sourceURI":"https:\/\/data.oireachtas.ie\/ie\/oireachtas\/def\/bill-source\/private-member","sponsors":[{"sponsor":{"as":{"showAs":null,"uri":null},"by":{"showAs":"Paul Gavan","uri":"https:\/\/data.oireachtas.ie\/ie\/oireachtas\/member\/id\/Paul-Gavan.S.2016-04-25"},"isPrimary":true}},{"sponsor":{"as":{"showAs":null,"uri":null},"by":{"showAs":"Fintan Warfield","uri":"https:\/\/data.oireachtas.ie\/ie\/oireachtas\/member\/id\/Fintan-Warfield.S.2016-04-25"},"isPrimary":false}}],"stages":[{"event":{"chamber":{"chamberCode":"seanad","showAs":"Seanad \u00c9ireann","uri":"https:\/\/data.oireachtas.ie\/ie\/oireachtas\/def\/house\/seanad"},"dates":[{"date":"2024-11-01"},{"date":"2024-11-06"},{"date":"2024-11-06"}],"house":{"chamberCode":"seanad","chamberType":"house","houseCode":"seanad","houseNo":"26","showAs":"26th Seanad","uri":"https:\/\/data.oireachtas.ie\/ie\/oireachtas\/house\/seanad\/26"},"progressStage":1,"showAs":"First Stage","stageCompleted":true,"stageOutcome":null,"stageURI":"https:\/\/data.oireachtas.ie\/ie\/oireachtas\/def\/bill-stage\/1","uri":"https:\/\/data.oireachtas.ie\/ie\/oireachtas\/bill\/2024\/100\/stage\/seanad\/1"}}],"status":"Lapsed","statusURI":"https:\/\/data.oireachtas.ie\/ie\/oireachtas\/def\/bill-status\/lapsed","uri":"https:\/\/data.oireachtas.ie\/ie\/oireachtas\/bill\/2024\/100","versions":[{"version":{"date":"2024-11-06","docType":"bill","formats":{"pdf":{"uri":"https:\/\/data.oireachtas.ie\/ie\/oireachtas\/bill\/2024\/100\/eng\/initiated\/b10024s.pdf"},"xml":null},"lang":"eng","showAs":"As Initiated","uri":"https:\/\/data.oireachtas.ie\/ie\/oireachtas\/bill\/2024\/100\/eng\/initiated"}}]},"billSort":{"actNoSort":null,"actShortTitleEnSort":null,"actShortTitleGaSort":null,"actYearSort":null,"billNoSort":100,"billShortTitleEnSort":"public-procurement-collective-bargaining-and-collective-agreements-criteria-bill-2024","billShortTitleGaSort":"an-bille-um-shainfhail-phoibli-criteir-maidir-le-comhargantaiocht-agus-comhaontuithe-comhchoiteanna-2024","billYearSort":2024},"contextDate":"2024-11-06"},{"bill":{"act":null,"amendmentLists":[],"billNo":"99","billType":"Public","billTypeURI":"https:\/\/data.oireachtas.ie\/ie\/oireachtas\/def\/bill-type\/public","billYear":"2024","debates":[{"chamber":{"showAs":"Seanad \u00c9ireann","uri":"https:\/\/data.oireachtas.ie\/ie\/oireachtas\/def\/house\/seanad"},"date":"2025-12-10","debateSectionId":"dbsect_37","showAs":"Local Government (Support for Elected Members) Bill 2024: Second Stage","uri":"https:\/\/data.oireachtas.ie\/akn\/ie\/debateRecord\/seanad\/2025-12-10\/debate\/main"},{"chamber":{"showAs":"Seanad \u00c9ireann","uri":"https:\/\/data.oireachtas.ie\/ie\/oireachtas\/def\/house\/seanad"},"date":"2025-12-10","debateSectionId":"dbsect_39","showAs":"Local Government (Support for Elected Members) Bill 2024: Second Stage (Resumed)","uri":"https:\/\/data.oireachtas.ie\/akn\/ie\/debateRecord\/seanad\/2025-12-10\/debate\/main"},{"chamber":{"showAs":"Seanad \u00c9ireann","uri":"https:\/\/data.oireachtas.ie\/ie\/oireachtas\/def\/house\/seanad"},"date":"2024-11-06","debateSectionId":"dbsect_11","showAs":"Local Government (Support for Elected Members) Bill 2024: First Stage","uri":"https:\/\/data.oireachtas.ie\/akn\/ie\/debateRecord\/seanad\/2024-11-06\/debate\/main"}],"events":[{"event":{"chamber":{"chamberCode":"seanad","showAs":"Seanad \u00c9ireann","uri":"https:\/\/data.oireachtas.ie\/ie\/oireachtas\/def\/house\/seanad"},"dates":[{"date":"2024-10-31"},{"date":"2024-11-06"},{"date":"2025-03-04"}],"eventURI":"https:\/\/data.oireachtas.ie\/ie\/oireachtas\/def\/bill-event\/admissibility-for-introduction","showAs":"Admissibility for Introduction","uri":"https:\/\/data.oireachtas.ie\/ie\/oireachtas\/bill\/2024\/99\/admissibility-for-introduction"}},{"event":{"chamber":{"chamberCode":"seanad","showAs":"Seanad \u00c9ireann","uri":"https:\/\/data.oireachtas.ie\/ie\/oireachtas\/def\/house\/seanad"},"dates":[{"date":"2025-01-29"}],"eventURI":"https:\/\/data.oireachtas.ie\/ie\/oireachtas\/def\/bill-event\/bill-lapsed","showAs":"Bill Lapsed","uri":"https:\/\/data.oireachtas.ie\/ie\/oireachtas\/bill\/2024\/99\/bill-lapsed"}}],"lastUpdated":"2025-03-05T09:48:15.720000+00:00","longTitleEn":"<p>Bill entitled an Act to provide administrative support for elected members of local authorities to assist in the performance of their duties; to amend the Local Government Act 2001; and to provide for related matters.<\/p>","longTitleGa":"<p>Bille d\u00e1 ngairtear Acht do shol\u00e1thar taca\u00edocht riarach\u00e1in do chomhalta\u00ed tofa d\u2019\u00fadar\u00e1is \u00e1iti\u00fala chun c\u00fanamh a thabhairt maidir lena ndualgais a chomhl\u00edonadh; do leas\u00fa an Achta Rialtais \u00c1iti\u00fail, 2001; agus do dh\u00e9anamh socr\u00fa i dtaobh nithe gaolmhara.&nbsp;<\/p>","method":"Introduced","methodURI":"https:\/\/data.oireachtas.ie\/ie\/oireachtas\/def\/bill-method\/introduced","mostRecentStage":{"event":{"chamber":{"chamberCode":"seanad","showAs":"Seanad \u00c9ireann","uri":"https:\/\/data.oireachtas.ie\/ie\/oireachtas\/def\/house\/seanad"},"dates":[{"date":"2025-11-06"},{"date":"2025-11-06"},{"date":"2025-11-06"}],"house":{"chamberCode":"seanad","chamberType":"house","houseCode":"seanad","houseNo":"27","showAs":"27th Seanad","uri":"https:\/\/data.oireachtas.ie\/ie\/oireachtas\/house\/seanad\/27"},"progressStage":2,"showAs":"Second Stage","stageCompleted":false,"stageOutcome":"Current","stageURI":"https:\/\/data.oireachtas.ie\/ie\/oireachtas\/def\/bill-stage\/2","uri":"https:\/\/data.oireachtas.ie\/ie\/oireachtas\/bill\/2024\/99\/stage\/seanad\/2"}},"originHouse":{"showAs":"Seanad \u00c9ireann","uri":"https:\/\/data.oireachtas.ie\/ie\/oireachtas\/def\/house\/seanad"},"originHouseURI":"https:\/\/data.oireachtas.ie\/ie\/oireachtas\/def\/house\/seanad","relatedDocs":[],"shortTitleEn":"Local Government (Support for Elected Members) Bill 2024","shortTitleGa":"An Bille Rialtais \u00c1iti\u00fail (Taca\u00edocht do Chomhalta\u00ed Tofa), 2024","source":"Private Member","sourceURI":"https:\/\/data.oireachtas.ie\/ie\/oireachtas\/def\/bill-source\/private-member","sponsors":[{"sponsor":{"as":{"showAs":null,"uri":null},"by":{"showAs":"Lynn Ruane","uri":"https:\/\/data.oireachtas.ie\/ie\/oireachtas\/member\/id\/Lynn-Ruane.S.2016-04-25"},"isPrimary":false}},{"sponsor":{"as":{"showAs":null,"uri":null},"by":{"showAs":"Alice-Mary Higgins","uri":"https:\/\/data.oireachtas.ie\/ie\/oireachtas\/member\/id\/Alice-Mary-Higgins.S.2016-04-25"},"isPrimary":false}},{"sponsor":{"as":{"showAs":null,"uri":null},"by":{"showAs":"Frances Black","uri":"https:\/\/data.oireachtas.ie\/ie\/oireachtas\/member\/id\/Frances-Black.S.2016-04-25"},"isPrimary":true}},{"sponsor":{"as":{"showAs":null,"uri":null},"by":{"showAs":"Eileen Flynn","uri":"https:\/\/data.oireachtas.ie\/ie\/oireachtas\/member\/id\/Eileen-Flynn.S.2020-06-29"},"isPrimary":false}}],"stages":[{"event":{"chamber":{"chamberCode":"seanad","showAs":"Seanad \u00c9ireann","uri":"https:\/\/data.oireachtas.ie\/ie\/oireachtas\/def\/house\/seanad"},"dates":[{"date":"2024-10-31"},{"date":"2024-11-06"},{"date":"2024-11-06"}],"house":{"chamberCode":"seanad","chamberType":"house","houseCode":"seanad","houseNo":"26","showAs":"26th Seanad","uri":"https:\/\/data.oireachtas.ie\/ie\/oireachtas\/house\/seanad\/26"},"progressStage":1,"showAs":"First Stage","stageCompleted":true,"stageOutcome":null,"stageURI":"https:\/\/data.oireachtas.ie\/ie\/oireachtas\/def\/bill-stage\/1","uri":"https:\/\/data.oireachtas.ie\/ie\/oireachtas\/bill\/2024\/99\/stage\/seanad\/1"}},{"event":{"chamber":{"chamberCode":"seanad","showAs":"Seanad \u00c9ireann","uri":"https:\/\/data.oireachtas.ie\/ie\/oireachtas\/def\/house\/seanad"},"dates":[{"date":"2025-11-06"},{"date":"2025-11-06"},{"date":"2025-11-06"}],"house":{"chamberCode":"seanad","chamberType":"house","houseCode":"seanad","houseNo":"27","showAs":"27th Seanad","uri":"https:\/\/data.oireachtas.ie\/ie\/oireachtas\/house\/seanad\/27"},"progressStage":2,"showAs":"Second Stage","stageCompleted":false,"stageOutcome":"Current","stageURI":"https:\/\/data.oireachtas.ie\/ie\/oireachtas\/def\/bill-stage\/2","uri":"https:\/\/data.oireachtas.ie\/ie\/oireachtas\/bill\/2024\/99\/stage\/seanad\/2"}}],"status":"Current","statusURI":"https:\/\/data.oireachtas.ie\/ie\/oireachtas\/def\/bill-status\/published","uri":"https:\/\/data.oireachtas.ie\/ie\/oireachtas\/bill\/2024\/99","versions":[{"version":{"date":"2024-11-06","docType":"bill","formats":{"pdf":{"uri":"https:\/\/data.oireachtas.ie\/ie\/oireachtas\/bill\/2024\/99\/eng\/initiated\/b9924s.pdf"},"xml":null},"lang":"eng","showAs":"As Initiated","uri":"https:\/\/data.oireachtas.ie\/ie\/oireachtas\/bill\/2024\/99\/eng\/initiated"}}]},"billSort":{"actNoSort":null,"actShortTitleEnSort":null,"actShortTitleGaSort":null,"actYearSort":null,"billNoSort":99,"billShortTitleEnSort":"local-government-support-for-elected-members-bill-2024","billShortTitleGaSort":"an-bille-rialtais-aitiuil-tacaiocht-do-chomhaltai-tofa-2024","billYearSort":2024},"contextDate":"2025-11-06"},{"bill":{"act":null,"amendmentLists":[],"billNo":"98","billType":"Public","billTypeURI":"https:\/\/data.oireachtas.ie\/ie\/oireachtas\/def\/bill-type\/public","billYear":"2024","debates":[{"chamber":{"showAs":"Seanad \u00c9ireann","uri":"https:\/\/data.oireachtas.ie\/ie\/oireachtas\/def\/house\/seanad"},"date":"2024-11-06","debateSectionId":"dbsect_10","showAs":"Public Health (Antacid Products) Bill 2024: First Stage","uri":"https:\/\/data.oireachtas.ie\/akn\/ie\/debateRecord\/seanad\/2024-11-06\/debate\/main"}],"events":[{"event":{"chamber":{"chamberCode":"seanad","showAs":"Seanad \u00c9ireann","uri":"https:\/\/data.oireachtas.ie\/ie\/oireachtas\/def\/house\/seanad"},"dates":[{"date":"2024-11-01"},{"date":"2024-11-06"}],"eventURI":"https:\/\/data.oireachtas.ie\/ie\/oireachtas\/def\/bill-event\/admissibility-for-introduction","showAs":"Admissibility for Introduction","uri":"https:\/\/data.oireachtas.ie\/ie\/oireachtas\/bill\/2024\/98\/admissibility-for-introduction"}},{"event":{"chamber":{"chamberCode":"seanad","showAs":"Seanad \u00c9ireann","uri":"https:\/\/data.oireachtas.ie\/ie\/oireachtas\/def\/house\/seanad"},"dates":[{"date":"2025-01-29"}],"eventURI":"https:\/\/data.oireachtas.ie\/ie\/oireachtas\/def\/bill-event\/bill-lapsed","showAs":"Bill Lapsed","uri":"https:\/\/data.oireachtas.ie\/ie\/oireachtas\/bill\/2024\/98\/bill-lapsed"}}],"lastUpdated":"2025-01-30T11:17:37.160000+00:00","longTitleEn":"<p>An Act to provide, in respect of antacid products sold or otherwise supplied, for warning notices to be displayed where such products are sold or otherwise supplied and so sold or supplied other than solely by way of wholesale, to provide for the failure to display such a notice, to provide for authorised officers and their functions and to provide for related matters.<\/p>","longTitleGa":"<p>Bille d\u00e1 ngairtear Acht do dh\u00e9anamh socr\u00fa, i leith t\u00e1irg\u00ed frithaig\u00e9id a dh\u00edoltar n\u00f3 a shol\u00e1thra\u00edtear ar shl\u00ed eile, maidir le f\u00f3gra\u00ed rabhaidh a chur ar taispe\u00e1int in \u00e1iteanna ina nd\u00edoltar na t\u00e1irg\u00ed sin n\u00f3 ina sol\u00e1thra\u00edtear ar shl\u00ed eile iad, agus ina nd\u00edoltar n\u00f3 ina sol\u00e1thra\u00edtear amhlaidh iad seachas ar mhodh m\u00f3rdh\u00edola amh\u00e1in, do dh\u00e9anamh socr\u00fa maidir le mainneachtain a dh\u00e9anamh f\u00f3gra den s\u00f3rt sin a chur ar taispe\u00e1int, do dh\u00e9anamh socr\u00fa maidir le hoifigigh \u00fadaraithe agus maidir lena bhfeidhmeanna agus do dh\u00e9anamh socr\u00fa i dtaobh nithe gaolmhara.<\/p>","method":"Introduced","methodURI":"https:\/\/data.oireachtas.ie\/ie\/oireachtas\/def\/bill-method\/introduced","mostRecentStage":{"event":{"chamber":{"chamberCode":"seanad","showAs":"Seanad \u00c9ireann","uri":"https:\/\/data.oireachtas.ie\/ie\/oireachtas\/def\/house\/seanad"},"dates":[{"date":"2024-11-01"},{"date":"2024-11-06"},{"date":"2024-11-06"}],"house":{"chamberCode":"seanad","chamberType":"house","houseCode":"seanad","houseNo":"26","showAs":"26th Seanad","uri":"https:\/\/data.oireachtas.ie\/ie\/oireachtas\/house\/seanad\/26"},"progressStage":1,"showAs":"First Stage","stageCompleted":true,"stageOutcome":null,"stageURI":"https:\/\/data.oireachtas.ie\/ie\/oireachtas\/def\/bill-stage\/1","uri":"https:\/\/data.oireachtas.ie\/ie\/oireachtas\/bill\/2024\/98\/stage\/seanad\/1"}},"originHouse":{"showAs":"Seanad \u00c9ireann","uri":"https:\/\/data.oireachtas.ie\/ie\/oireachtas\/def\/house\/seanad"},"originHouseURI":"https:\/\/data.oireachtas.ie\/ie\/oireachtas\/def\/house\/seanad","relatedDocs":[],"shortTitleEn":"Public Health (Antacid Products) Bill 2024","shortTitleGa":"An Bille Sl\u00e1inte Poibl\u00ed (T\u00e1irg\u00ed Frithaig\u00e9id), 2024","source":"Private Member","sourceURI":"https:\/\/data.oireachtas.ie\/ie\/oireachtas\/def\/bill-source\/private-member","sponsors":[{"sponsor":{"as":{"showAs":null,"uri":null},"by":{"showAs":"R\u00f3is\u00edn Garvey","uri":"https:\/\/data.oireachtas.ie\/ie\/oireachtas\/member\/id\/R\u00f3is\u00edn-Garvey.S.2020-06-29"},"isPrimary":false}},{"sponsor":{"as":{"showAs":null,"uri":null},"by":{"showAs":"Vincent P. Martin","uri":"https:\/\/data.oireachtas.ie\/ie\/oireachtas\/member\/id\/Vincent-P-Martin.S.2020-06-29"},"isPrimary":true}},{"sponsor":{"as":{"showAs":null,"uri":null},"by":{"showAs":"Victor Boyhan","uri":"https:\/\/data.oireachtas.ie\/ie\/oireachtas\/member\/id\/Victor-Boyhan.S.2016-04-25"},"isPrimary":false}},{"sponsor":{"as":{"showAs":null,"uri":null},"by":{"showAs":"Gerard P. Craughwell","uri":"https:\/\/data.oireachtas.ie\/ie\/oireachtas\/member\/id\/Gerard-P-Craughwell.S.2014-10-10"},"isPrimary":false}}],"stages":[{"event":{"chamber":{"chamberCode":"seanad","showAs":"Seanad \u00c9ireann","uri":"https:\/\/data.oireachtas.ie\/ie\/oireachtas\/def\/house\/seanad"},"dates":[{"date":"2024-11-01"},{"date":"2024-11-06"},{"date":"2024-11-06"}],"house":{"chamberCode":"seanad","chamberType":"house","houseCode":"seanad","houseNo":"26","showAs":"26th Seanad","uri":"https:\/\/data.oireachtas.ie\/ie\/oireachtas\/house\/seanad\/26"},"progressStage":1,"showAs":"First Stage","stageCompleted":true,"stageOutcome":null,"stageURI":"https:\/\/data.oireachtas.ie\/ie\/oireachtas\/def\/bill-stage\/1","uri":"https:\/\/data.oireachtas.ie\/ie\/oireachtas\/bill\/2024\/98\/stage\/seanad\/1"}}],"status":"Lapsed","statusURI":"https:\/\/data.oireachtas.ie\/ie\/oireachtas\/def\/bill-status\/lapsed","uri":"https:\/\/data.oireachtas.ie\/ie\/oireachtas\/bill\/2024\/98","versions":[{"version":{"date":"2024-11-06","docType":"bill","formats":{"pdf":{"uri":"https:\/\/data.oireachtas.ie\/ie\/oireachtas\/bill\/2024\/98\/eng\/initiated\/b9824s.pdf"},"xml":null},"lang":"eng","showAs":"As Initiated","uri":"https:\/\/data.oireachtas.ie\/ie\/oireachtas\/bill\/2024\/98\/eng\/initiated"}}]},"billSort":{"actNoSort":null,"actShortTitleEnSort":null,"actShortTitleGaSort":null,"actYearSort":null,"billNoSort":98,"billShortTitleEnSort":"public-health-antacid-products-bill-2024","billShortTitleGaSort":"an-bille-slainte-poibli-tairgi-frithaigeid-2024","billYearSort":2024},"contextDate":"2024-11-06"},{"bill":{"act":null,"amendmentLists":[],"billNo":"95","billType":"Public","billTypeURI":"https:\/\/data.oireachtas.ie\/ie\/oireachtas\/def\/bill-type\/public","billYear":"2024","debates":[{"chamber":{"showAs":"Seanad \u00c9ireann","uri":"https:\/\/data.oireachtas.ie\/ie\/oireachtas\/def\/house\/seanad"},"date":"2024-10-24","debateSectionId":"dbsect_10","showAs":"National Minimum Wage (Adequate Wages for Living) Bill 2024: First Stage","uri":"https:\/\/data.oireachtas.ie\/akn\/ie\/debateRecord\/seanad\/2024-10-24\/debate\/main"}],"events":[{"event":{"chamber":{"chamberCode":"seanad","showAs":"Seanad \u00c9ireann","uri":"https:\/\/data.oireachtas.ie\/ie\/oireachtas\/def\/house\/seanad"},"dates":[{"date":"2025-01-29"}],"eventURI":"https:\/\/data.oireachtas.ie\/ie\/oireachtas\/def\/bill-event\/bill-lapsed","showAs":"Bill Lapsed","uri":"https:\/\/data.oireachtas.ie\/ie\/oireachtas\/bill\/2024\/95\/bill-lapsed"}},{"event":{"chamber":{"chamberCode":"seanad","showAs":"Seanad \u00c9ireann","uri":"https:\/\/data.oireachtas.ie\/ie\/oireachtas\/def\/house\/seanad"},"dates":[{"date":"2024-10-11"},{"date":"2024-10-24"},{"date":"2025-03-04"}],"eventURI":"https:\/\/data.oireachtas.ie\/ie\/oireachtas\/def\/bill-event\/bill-restored","showAs":"Bill Restored","uri":"https:\/\/data.oireachtas.ie\/ie\/oireachtas\/bill\/2024\/95\/bill-restored"}}],"lastUpdated":"2025-03-05T09:48:48.010000+00:00","longTitleEn":"<p>Bill entitled An Act to amend the National Minimum Wage Act 2000 to provide for implementation of Directive (EU) 2022\/2041 of the European Parliament and of the Council of 19 October 2022 on adequate minimum wages in the European Union.<\/p>","longTitleGa":"<p>Bille d\u00e1 ngairtear Acht do leas\u00fa an Achta um P\u00e1 \u00cdosta N\u00e1isi\u00fanta, 2000 chun socr\u00fa a dh\u00e9anamh maidir le Treoir (AE) 2022\/2041 \u00f3 Pharlaimint na hEorpa agus \u00f3n gComhairle an 19 Deireadh F\u00f3mhair 2022 maidir le p\u00e1 \u00edosta leordh\u00f3thanach san Aontas Eorpach a chur i ngn\u00edomh.<\/p>","method":"Introduced","methodURI":"https:\/\/data.oireachtas.ie\/ie\/oireachtas\/def\/bill-method\/introduced","mostRecentStage":{"event":{"chamber":{"chamberCode":"seanad","showAs":"Seanad \u00c9ireann","uri":"https:\/\/data.oireachtas.ie\/ie\/oireachtas\/def\/house\/seanad"},"dates":[{"date":"2024-10-24"},{"date":"2024-10-24"},{"date":"2025-01-29"},{"date":"2025-03-04"}],"house":{"chamberCode":"seanad","chamberType":"house","houseCode":"seanad","houseNo":"26","showAs":"26th Seanad","uri":"https:\/\/data.oireachtas.ie\/ie\/oireachtas\/house\/seanad\/26"},"progressStage":2,"showAs":"Second Stage","stageCompleted":false,"stageOutcome":"Current","stageURI":"https:\/\/data.oireachtas.ie\/ie\/oireachtas\/def\/bill-stage\/2","uri":"https:\/\/data.oireachtas.ie\/ie\/oireachtas\/bill\/2024\/95\/stage\/seanad\/2"}},"originHouse":{"showAs":"Seanad \u00c9ireann","uri":"https:\/\/data.oireachtas.ie\/ie\/oireachtas\/def\/house\/seanad"},"originHouseURI":"https:\/\/data.oireachtas.ie\/ie\/oireachtas\/def\/house\/seanad","relatedDocs":[],"shortTitleEn":"National Minimum Wage (Adequate Wages for Living) Bill 2024","shortTitleGa":"An Bille um P\u00e1 \u00cdosta N\u00e1isi\u00fanta (P\u00e1 Leordh\u00f3thanach chun Maireacht\u00e1la), 2024","source":"Private Member","sourceURI":"https:\/\/data.oireachtas.ie\/ie\/oireachtas\/def\/bill-source\/private-member","sponsors":[{"sponsor":{"as":{"showAs":null,"uri":null},"by":{"showAs":"Alice-Mary Higgins","uri":"https:\/\/data.oireachtas.ie\/ie\/oireachtas\/member\/id\/Alice-Mary-Higgins.S.2016-04-25"},"isPrimary":true}},{"sponsor":{"as":{"showAs":null,"uri":null},"by":{"showAs":"Eileen Flynn","uri":"https:\/\/data.oireachtas.ie\/ie\/oireachtas\/member\/id\/Eileen-Flynn.S.2020-06-29"},"isPrimary":false}},{"sponsor":{"as":{"showAs":null,"uri":null},"by":{"showAs":"Frances Black","uri":"https:\/\/data.oireachtas.ie\/ie\/oireachtas\/member\/id\/Frances-Black.S.2016-04-25"},"isPrimary":false}},{"sponsor":{"as":{"showAs":null,"uri":null},"by":{"showAs":"Lynn Ruane","uri":"https:\/\/data.oireachtas.ie\/ie\/oireachtas\/member\/id\/Lynn-Ruane.S.2016-04-25"},"isPrimary":false}}],"stages":[{"event":{"chamber":{"chamberCode":"seanad","showAs":"Seanad \u00c9ireann","uri":"https:\/\/data.oireachtas.ie\/ie\/oireachtas\/def\/house\/seanad"},"dates":[{"date":"2024-10-24"}],"house":{"chamberCode":"seanad","chamberType":"house","houseCode":"seanad","houseNo":"26","showAs":"26th Seanad","uri":"https:\/\/data.oireachtas.ie\/ie\/oireachtas\/house\/seanad\/26"},"progressStage":1,"showAs":"First Stage","stageCompleted":true,"stageOutcome":null,"stageURI":"https:\/\/data.oireachtas.ie\/ie\/oireachtas\/def\/bill-stage\/1","uri":"https:\/\/data.oireachtas.ie\/ie\/oireachtas\/bill\/2024\/95\/stage\/seanad\/1"}},{"event":{"chamber":{"chamberCode":"seanad","showAs":"Seanad \u00c9ireann","uri":"https:\/\/data.oireachtas.ie\/ie\/oireachtas\/def\/house\/seanad"},"dates":[{"date":"2024-10-24"},{"date":"2024-10-24"},{"date":"2025-01-29"},{"date":"2025-03-04"}],"house":{"chamberCode":"seanad","chamberType":"house","houseCode":"seanad","houseNo":"26","showAs":"26th Seanad","uri":"https:\/\/data.oireachtas.ie\/ie\/oireachtas\/house\/seanad\/26"},"progressStage":2,"showAs":"Second Stage","stageCompleted":false,"stageOutcome":"Current","stageURI":"https:\/\/data.oireachtas.ie\/ie\/oireachtas\/def\/bill-stage\/2","uri":"https:\/\/data.oireachtas.ie\/ie\/oireachtas\/bill\/2024\/95\/stage\/seanad\/2"}}],"status":"Current","statusURI":"https:\/\/data.oireachtas.ie\/ie\/oireachtas\/def\/bill-status\/published","uri":"https:\/\/data.oireachtas.ie\/ie\/oireachtas\/bill\/2024\/95","versions":[{"version":{"date":"2024-10-24","docType":"bill","formats":{"pdf":{"uri":"https:\/\/data.oireachtas.ie\/ie\/oireachtas\/bill\/2024\/95\/eng\/initiated\/b9524s.pdf"},"xml":null},"lang":"eng","showAs":"As Initiated","uri":"https:\/\/data.oireachtas.ie\/ie\/oireachtas\/bill\/2024\/95\/eng\/initiated"}}]},"billSort":{"actNoSort":null,"actShortTitleEnSort":null,"actShortTitleGaSort":null,"actYearSort":null,"billNoSort":95,"billShortTitleEnSort":"national-minimum-wage-adequate-wages-for-living-bill-2024","billShortTitleGaSort":"an-bille-um-pa-iosta-naisiunta-pa-leordhothanach-chun-maireachtala-2024","billYearSort":2024},"contextDate":"2025-03-04"},{"bill":{"act":null,"amendmentLists":[],"billNo":"94","billType":"Public","billTypeURI":"https:\/\/data.oireachtas.ie\/ie\/oireachtas\/def\/bill-type\/public","billYear":"2024","debates":[{"chamber":{"showAs":"Seanad \u00c9ireann","uri":"https:\/\/data.oireachtas.ie\/ie\/oireachtas\/def\/house\/seanad"},"date":"2024-10-23","debateSectionId":"dbsect_8","showAs":"Autism Action and Oversight Bill 2024: First Stage","uri":"https:\/\/data.oireachtas.ie\/akn\/ie\/debateRecord\/seanad\/2024-10-23\/debate\/main"}],"events":[{"event":{"chamber":{"chamberCode":"seanad","showAs":"Seanad \u00c9ireann","uri":"https:\/\/data.oireachtas.ie\/ie\/oireachtas\/def\/house\/seanad"},"dates":[{"date":"2024-10-16"},{"date":"2024-10-16"},{"date":"2024-10-23"}],"eventURI":"https:\/\/data.oireachtas.ie\/ie\/oireachtas\/def\/bill-event\/approved-for-initiation","showAs":"Approved for Initiation","uri":"https:\/\/data.oireachtas.ie\/ie\/oireachtas\/bill\/2024\/94\/approved-for-initiation"}},{"event":{"chamber":{"chamberCode":"seanad","showAs":"Seanad \u00c9ireann","uri":"https:\/\/data.oireachtas.ie\/ie\/oireachtas\/def\/house\/seanad"},"dates":[{"date":"2025-01-29"}],"eventURI":"https:\/\/data.oireachtas.ie\/ie\/oireachtas\/def\/bill-event\/bill-lapsed","showAs":"Bill Lapsed","uri":"https:\/\/data.oireachtas.ie\/ie\/oireachtas\/bill\/2024\/94\/bill-lapsed"}}],"lastUpdated":"2025-01-30T11:17:37.160000+00:00","longTitleEn":"<p>Bill entitled an Act to provide for the establishment of a body, to be known as the Gasra um Plean Gn\u00edomha\u00edochta i leith an Uathachais agus um Chomhairle, to monitor and advise on the implementation of the Autism Innovation Strategy and any autism action plan published under this Act; and to provide for related matters.<\/p>","longTitleGa":"<p>Bille d\u00e1 ngairtear Acht do dh\u00e9anamh socr\u00fa maidir le comhlacht a bhun\u00fa, ar a dtabharfar an Gasra um Plean Gn\u00edomha\u00edochta i leith an Uathachais agus um Chomhairle, chun faireach\u00e1n agus comhairli\u00fa a dh\u00e9anamh maidir le cur i ngn\u00edomh na Strait\u00e9ise Nu\u00e1la\u00edochta um an Uathachas agus aon phlean gn\u00edomha\u00edochta i leith an uathachais a fhoilseofar faoin Acht seo; agus do dh\u00e9anamh socr\u00fa i dtaobh nithe gaolmhara.<\/p>","method":"Introduced","methodURI":"https:\/\/data.oireachtas.ie\/ie\/oireachtas\/def\/bill-method\/introduced","mostRecentStage":{"event":{"chamber":{"chamberCode":"seanad","showAs":"Seanad \u00c9ireann","uri":"https:\/\/data.oireachtas.ie\/ie\/oireachtas\/def\/house\/seanad"},"dates":[{"date":"2024-10-16"},{"date":"2024-10-16"},{"date":"2024-10-23"},{"date":"2024-10-23"}],"house":{"chamberCode":"seanad","chamberType":"house","houseCode":"seanad","houseNo":"26","showAs":"26th Seanad","uri":"https:\/\/data.oireachtas.ie\/ie\/oireachtas\/house\/seanad\/26"},"progressStage":1,"showAs":"First Stage","stageCompleted":true,"stageOutcome":null,"stageURI":"https:\/\/data.oireachtas.ie\/ie\/oireachtas\/def\/bill-stage\/1","uri":"https:\/\/data.oireachtas.ie\/ie\/oireachtas\/bill\/2024\/94\/stage\/seanad\/1"}},"originHouse":{"showAs":"Seanad \u00c9ireann","uri":"https:\/\/data.oireachtas.ie\/ie\/oireachtas\/def\/house\/seanad"},"originHouseURI":"https:\/\/data.oireachtas.ie\/ie\/oireachtas\/def\/house\/seanad","relatedDocs":[],"shortTitleEn":"Autism Action and Oversight Bill 2024","shortTitleGa":"An Bille um Ghn\u00edomh\u00fa i leith an Uathachais agus um Fhormhaoirsi\u00fa, 2024","source":"Private Member","sourceURI":"https:\/\/data.oireachtas.ie\/ie\/oireachtas\/def\/bill-source\/private-member","sponsors":[{"sponsor":{"as":{"showAs":null,"uri":null},"by":{"showAs":"Miche\u00e1l Carrigy","uri":"https:\/\/data.oireachtas.ie\/ie\/oireachtas\/member\/id\/Miche\u00e1l-Carrigy.S.2020-03-30"},"isPrimary":true}}],"stages":[{"event":{"chamber":{"chamberCode":"seanad","showAs":"Seanad \u00c9ireann","uri":"https:\/\/data.oireachtas.ie\/ie\/oireachtas\/def\/house\/seanad"},"dates":[{"date":"2024-10-16"},{"date":"2024-10-16"},{"date":"2024-10-23"},{"date":"2024-10-23"}],"house":{"chamberCode":"seanad","chamberType":"house","houseCode":"seanad","houseNo":"26","showAs":"26th Seanad","uri":"https:\/\/data.oireachtas.ie\/ie\/oireachtas\/house\/seanad\/26"},"progressStage":1,"showAs":"First Stage","stageCompleted":true,"stageOutcome":null,"stageURI":"https:\/\/data.oireachtas.ie\/ie\/oireachtas\/def\/bill-stage\/1","uri":"https:\/\/data.oireachtas.ie\/ie\/oireachtas\/bill\/2024\/94\/stage\/seanad\/1"}}],"status":"Lapsed","statusURI":"https:\/\/data.oireachtas.ie\/ie\/oireachtas\/def\/bill-status\/lapsed","uri":"https:\/\/data.oireachtas.ie\/ie\/oireachtas\/bill\/2024\/94","versions":[{"version":{"date":"2024-10-23","docType":"bill","formats":{"pdf":{"uri":"https:\/\/data.oireachtas.ie\/ie\/oireachtas\/bill\/2024\/94\/eng\/initiated\/b9424s.pdf"},"xml":null},"lang":"eng","showAs":"As Initiated","uri":"https:\/\/data.oireachtas.ie\/ie\/oireachtas\/bill\/2024\/94\/eng\/initiated"}}]},"billSort":{"actNoSort":null,"actShortTitleEnSort":null,"actShortTitleGaSort":null,"actYearSort":null,"billNoSort":94,"billShortTitleEnSort":"autism-action-and-oversight-bill-2024","billShortTitleGaSort":"an-bille-um-ghniomhu-i-leith-an-uathachais-agus-um-fhormhaoirsiu-2024","billYearSort":2024},"contextDate":"2024-10-23"},{"bill":{"act":null,"amendmentLists":[],"billNo":"93","billType":"Public","billTypeURI":"https:\/\/data.oireachtas.ie\/ie\/oireachtas\/def\/bill-type\/public","billYear":"2024","debates":[{"chamber":{"showAs":"D\u00e1il \u00c9ireann","uri":"https:\/\/data.oireachtas.ie\/ie\/oireachtas\/def\/house\/dail"},"date":"2025-05-21","debateSectionId":"dbsect_22","showAs":"Information on Repairability of Certain Products Bill 2024: Second Stage (Resumed) [Private Members]","uri":"https:\/\/data.oireachtas.ie\/akn\/ie\/debateRecord\/dail\/2025-05-21\/debate\/main"},{"chamber":{"showAs":"D\u00e1il \u00c9ireann","uri":"https:\/\/data.oireachtas.ie\/ie\/oireachtas\/def\/house\/dail"},"date":"2025-05-15","debateSectionId":"dbsect_48","showAs":"Information on Repairability of Certain Products Bill 2024: Second Stage","uri":"https:\/\/data.oireachtas.ie\/akn\/ie\/debateRecord\/dail\/2025-05-15\/debate\/main"},{"chamber":{"showAs":"D\u00e1il \u00c9ireann","uri":"https:\/\/data.oireachtas.ie\/ie\/oireachtas\/def\/house\/dail"},"date":"2024-10-22","debateSectionId":"dbsect_11","showAs":"Information on Repairability of Certain Products Bill 2024: First Stage","uri":"https:\/\/data.oireachtas.ie\/akn\/ie\/debateRecord\/dail\/2024-10-22\/debate\/main"}],"events":[{"event":{"chamber":{"chamberCode":"dail","showAs":"D\u00e1il \u00c9ireann","uri":"https:\/\/data.oireachtas.ie\/ie\/oireachtas\/def\/house\/dail"},"dates":[{"date":"2024-10-14"},{"date":"2024-10-14"},{"date":"2024-10-22"},{"date":"2025-05-01"},{"date":"2025-05-21"}],"eventURI":"https:\/\/data.oireachtas.ie\/ie\/oireachtas\/def\/bill-event\/approved-for-initiation","showAs":"Approved for Initiation","uri":"https:\/\/data.oireachtas.ie\/ie\/oireachtas\/bill\/2024\/93\/approved-for-initiation"}},{"event":{"chamber":{"chamberCode":"dail","showAs":"D\u00e1il \u00c9ireann","uri":"https:\/\/data.oireachtas.ie\/ie\/oireachtas\/def\/house\/dail"},"dates":[{"date":"2024-11-08"}],"eventURI":"https:\/\/data.oireachtas.ie\/ie\/oireachtas\/def\/bill-event\/bill-lapsed","showAs":"Bill Lapsed","uri":"https:\/\/data.oireachtas.ie\/ie\/oireachtas\/bill\/2024\/93\/bill-lapsed"}}],"lastUpdated":"2025-05-22T11:09:45.960000+00:00","longTitleEn":"<p>Bill entitled an Act to provide that information relating to the repairability of certain products be made available and to provide for related matters.<\/p>","longTitleGa":"<p>Bille d\u00e1 ngairtear Acht do dh\u00e9anamh socr\u00fa chun go nd\u00e9anfar faisn\u00e9is a bhaineann le hindeisitheacht t\u00e1irg\u00ed \u00e1irithe a chur ar f\u00e1il agus do dh\u00e9anamh socr\u00fa i dtaobh nithe gaolmhara.<\/p>\n","method":"Introduced","methodURI":"https:\/\/data.oireachtas.ie\/ie\/oireachtas\/def\/bill-method\/introduced","mostRecentStage":{"event":{"chamber":{"chamberCode":"dail","showAs":"D\u00e1il \u00c9ireann","uri":"https:\/\/data.oireachtas.ie\/ie\/oireachtas\/def\/house\/dail"},"dates":[{"date":"2024-10-14"},{"date":"2024-10-14"},{"date":"2024-10-22"},{"date":"2024-10-22"}],"house":{"chamberCode":"dail","chamberType":"house","houseCode":"dail","houseNo":"33","showAs":"33rd D\u00e1il","uri":"https:\/\/data.oireachtas.ie\/ie\/oireachtas\/house\/dail\/33"},"progressStage":1,"showAs":"First Stage","stageCompleted":true,"stageOutcome":null,"stageURI":"https:\/\/data.oireachtas.ie\/ie\/oireachtas\/def\/bill-stage\/1","uri":"https:\/\/data.oireachtas.ie\/ie\/oireachtas\/bill\/2024\/93\/stage\/dail\/1"}},"originHouse":{"showAs":"D\u00e1il \u00c9ireann","uri":"https:\/\/data.oireachtas.ie\/ie\/oireachtas\/def\/house\/dail"},"originHouseURI":"https:\/\/data.oireachtas.ie\/ie\/oireachtas\/def\/house\/dail","relatedDocs":[{"relatedDoc":{"date":"2024-10-22","docType":"memo","formats":{"pdf":{"uri":"https:\/\/data.oireachtas.ie\/ie\/oireachtas\/bill\/2024\/93\/eng\/memo\/b9324d-memo.pdf"},"xml":null},"lang":"eng","showAs":"Explanatory Memorandum","uri":"https:\/\/data.oireachtas.ie\/ie\/oireachtas\/bill\/2024\/93\/eng\/memo"}}],"shortTitleEn":"Information on Repairability of Certain Products Bill 2024","shortTitleGa":"An Bille um Fhaisn\u00e9is maidir le hIndeisitheacht T\u00e1irg\u00ed \u00c1irithe, 2024","source":"Private Member","sourceURI":"https:\/\/data.oireachtas.ie\/ie\/oireachtas\/def\/bill-source\/private-member","sponsors":[{"sponsor":{"as":{"showAs":null,"uri":null},"by":{"showAs":"Maurice Quinlivan","uri":"https:\/\/data.oireachtas.ie\/ie\/oireachtas\/member\/id\/Maurice-Quinlivan.D.2016-10-03"},"isPrimary":false}},{"sponsor":{"as":{"showAs":null,"uri":null},"by":{"showAs":"Pa Daly","uri":"https:\/\/data.oireachtas.ie\/ie\/oireachtas\/member\/id\/Pa-Daly.D.2020-02-08"},"isPrimary":true}}],"stages":[{"event":{"chamber":{"chamberCode":"dail","showAs":"D\u00e1il \u00c9ireann","uri":"https:\/\/data.oireachtas.ie\/ie\/oireachtas\/def\/house\/dail"},"dates":[{"date":"2024-10-14"},{"date":"2024-10-14"},{"date":"2024-10-22"},{"date":"2024-10-22"}],"house":{"chamberCode":"dail","chamberType":"house","houseCode":"dail","houseNo":"33","showAs":"33rd D\u00e1il","uri":"https:\/\/data.oireachtas.ie\/ie\/oireachtas\/house\/dail\/33"},"progressStage":1,"showAs":"First Stage","stageCompleted":true,"stageOutcome":null,"stageURI":"https:\/\/data.oireachtas.ie\/ie\/oireachtas\/def\/bill-stage\/1","uri":"https:\/\/data.oireachtas.ie\/ie\/oireachtas\/bill\/2024\/93\/stage\/dail\/1"}}],"status":"Defeated","statusURI":"https:\/\/data.oireachtas.ie\/ie\/oireachtas\/def\/bill-status\/defeated","uri":"https:\/\/data.oireachtas.ie\/ie\/oireachtas\/bill\/2024\/93","versions":[{"version":{"date":"2024-10-22","docType":"bill","formats":{"pdf":{"uri":"https:\/\/data.oireachtas.ie\/ie\/oireachtas\/bill\/2024\/93\/eng\/initiated\/b9324d.pdf"},"xml":null},"lang":"eng","showAs":"As Initiated","uri":"https:\/\/data.oireachtas.ie\/ie\/oireachtas\/bill\/2024\/93\/eng\/initiated"}}]},"billSort":{"actNoSort":null,"actShortTitleEnSort":null,"actShortTitleGaSort":null,"actYearSort":null,"billNoSort":93,"billShortTitleEnSort":"information-on-repairability-of-certain-products-bill-2024","billShortTitleGaSort":"an-bille-um-fhaisneis-maidir-le-hindeisitheacht-tairgi-airithe-2024","billYearSort":2024},"contextDate":"2024-10-22"},{"bill":{"act":null,"amendmentLists":[],"billNo":"92","billType":"Public","billTypeURI":"https:\/\/data.oireachtas.ie\/ie\/oireachtas\/def\/bill-type\/public","billYear":"2024","debates":[{"chamber":{"showAs":"Seanad \u00c9ireann","uri":"https:\/\/data.oireachtas.ie\/ie\/oireachtas\/def\/house\/seanad"},"date":"2025-05-20","debateSectionId":"dbsect_12","showAs":"Non-Fatal Offences Against the Person (Amendment) Bill 2024: Committee Stage","uri":"https:\/\/data.oireachtas.ie\/akn\/ie\/debateRecord\/seanad\/2025-05-20\/debate\/main"},{"chamber":{"showAs":"Seanad \u00c9ireann","uri":"https:\/\/data.oireachtas.ie\/ie\/oireachtas\/def\/house\/seanad"},"date":"2024-10-22","debateSectionId":"dbsect_14","showAs":"Non-Fatal Offences Against the Person (Amendment) Bill 2024: Second Stage","uri":"https:\/\/data.oireachtas.ie\/akn\/ie\/debateRecord\/seanad\/2024-10-22\/debate\/main"},{"chamber":{"showAs":"Seanad \u00c9ireann","uri":"https:\/\/data.oireachtas.ie\/ie\/oireachtas\/def\/house\/seanad"},"date":"2024-10-17","debateSectionId":"dbsect_11","showAs":"Non-Fatal Offences against the Person (Amendment) Bill 2024: First Stage","uri":"https:\/\/data.oireachtas.ie\/akn\/ie\/debateRecord\/seanad\/2024-10-17\/debate\/main"}],"events":[{"event":{"chamber":{"chamberCode":"seanad","showAs":"Seanad \u00c9ireann","uri":"https:\/\/data.oireachtas.ie\/ie\/oireachtas\/def\/house\/seanad"},"dates":[{"date":"2024-10-07"},{"date":"2024-10-07"},{"date":"2024-10-17"},{"date":"2025-03-27"}],"eventURI":"https:\/\/data.oireachtas.ie\/ie\/oireachtas\/def\/bill-event\/approved-for-initiation","showAs":"Approved for Initiation","uri":"https:\/\/data.oireachtas.ie\/ie\/oireachtas\/bill\/2024\/92\/approved-for-initiation"}},{"event":{"chamber":{"chamberCode":"seanad","showAs":"Seanad \u00c9ireann","uri":"https:\/\/data.oireachtas.ie\/ie\/oireachtas\/def\/house\/seanad"},"dates":[{"date":"2025-01-29"}],"eventURI":"https:\/\/data.oireachtas.ie\/ie\/oireachtas\/def\/bill-event\/bill-lapsed","showAs":"Bill Lapsed","uri":"https:\/\/data.oireachtas.ie\/ie\/oireachtas\/bill\/2024\/92\/bill-lapsed"}}],"lastUpdated":"2025-05-22T08:55:47.980000+00:00","longTitleEn":"<p>Bill entitled an Act to provide for an offence for the action commonly known as catfishing and for that purpose to provide for the identification of such an offence; to amend and extend the Non-Fatal Offences Against the Person Act 1997 and to provide for consequential amendments to the Broadcasting Act 2009; and to provide for related matters.<\/p>","longTitleGa":"<p>Bille d\u00e1 ngairtear Acht do dh\u00e9anamh socr\u00fa maidir le cion arb \u00e9ard \u00e9 an gn\u00edomh ar a dtugtar de ghn\u00e1th claonmheallt\u00f3ireacht ar l\u00edne agus, chun na cr\u00edche sin, do dh\u00e9anamh socr\u00fa chun cion den s\u00f3rt sin a shainaithint; do leas\u00fa agus do leathn\u00fa an Achta um Chionta Neamh-Mharfacha in aghaidh an Duine, 1997 agus do dh\u00e9anamh socr\u00fa maidir le leasuithe iarmhartacha ar an Acht Craolach\u00e1in, 2009; agus do dh\u00e9anamh socr\u00fa i dtaobh nithe gaolmhara.<\/p>","method":"Introduced","methodURI":"https:\/\/data.oireachtas.ie\/ie\/oireachtas\/def\/bill-method\/introduced","mostRecentStage":{"event":{"chamber":{"chamberCode":"seanad","showAs":"Seanad \u00c9ireann","uri":"https:\/\/data.oireachtas.ie\/ie\/oireachtas\/def\/house\/seanad"},"dates":[{"date":"2025-05-20"}],"house":{"chamberCode":"seanad","chamberType":"house","houseCode":"seanad","houseNo":"27","showAs":"27th Seanad","uri":"https:\/\/data.oireachtas.ie\/ie\/oireachtas\/house\/seanad\/27"},"progressStage":4,"showAs":"Report Stage","stageCompleted":false,"stageOutcome":"Current","stageURI":"https:\/\/data.oireachtas.ie\/ie\/oireachtas\/def\/bill-stage\/4","uri":"https:\/\/data.oireachtas.ie\/ie\/oireachtas\/bill\/2024\/92\/stage\/seanad\/4"}},"originHouse":{"showAs":"Seanad \u00c9ireann","uri":"https:\/\/data.oireachtas.ie\/ie\/oireachtas\/def\/house\/seanad"},"originHouseURI":"https:\/\/data.oireachtas.ie\/ie\/oireachtas\/def\/house\/seanad","relatedDocs":[],"shortTitleEn":"Non-Fatal Offences Against the Person (Amendment) Bill 2024","shortTitleGa":"An Bille um Chionta Neamh-Mharfacha in aghaidh an Duine (Leas\u00fa), 2024","source":"Private Member","sourceURI":"https:\/\/data.oireachtas.ie\/ie\/oireachtas\/def\/bill-source\/private-member","sponsors":[{"sponsor":{"as":{"showAs":null,"uri":null},"by":{"showAs":"Lisa Chambers","uri":"https:\/\/data.oireachtas.ie\/ie\/oireachtas\/member\/id\/Lisa-Chambers.D.2016-10-03"},"isPrimary":true}},{"sponsor":{"as":{"showAs":null,"uri":null},"by":{"showAs":"Fiona O'Loughlin","uri":"https:\/\/data.oireachtas.ie\/ie\/oireachtas\/member\/id\/Fiona-O'Loughlin.D.2016-10-03"},"isPrimary":false}},{"sponsor":{"as":{"showAs":null,"uri":null},"by":{"showAs":"Catherine Ardagh","uri":"https:\/\/data.oireachtas.ie\/ie\/oireachtas\/member\/id\/Catherine-Ardagh.S.2016-04-25"},"isPrimary":false}},{"sponsor":{"as":{"showAs":null,"uri":null},"by":{"showAs":"Timmy Dooley","uri":"https:\/\/data.oireachtas.ie\/ie\/oireachtas\/member\/id\/Timmy-Dooley.S.2002-09-12"},"isPrimary":false}}],"stages":[{"event":{"chamber":{"chamberCode":"seanad","showAs":"Seanad \u00c9ireann","uri":"https:\/\/data.oireachtas.ie\/ie\/oireachtas\/def\/house\/seanad"},"dates":[{"date":"2024-10-07"},{"date":"2024-10-07"},{"date":"2024-10-17"},{"date":"2024-10-17"}],"house":{"chamberCode":"seanad","chamberType":"house","houseCode":"seanad","houseNo":"26","showAs":"26th Seanad","uri":"https:\/\/data.oireachtas.ie\/ie\/oireachtas\/house\/seanad\/26"},"progressStage":1,"showAs":"First Stage","stageCompleted":true,"stageOutcome":null,"stageURI":"https:\/\/data.oireachtas.ie\/ie\/oireachtas\/def\/bill-stage\/1","uri":"https:\/\/data.oireachtas.ie\/ie\/oireachtas\/bill\/2024\/92\/stage\/seanad\/1"}},{"event":{"chamber":{"chamberCode":"seanad","showAs":"Seanad \u00c9ireann","uri":"https:\/\/data.oireachtas.ie\/ie\/oireachtas\/def\/house\/seanad"},"dates":[{"date":"2024-10-17"}],"house":{"chamberCode":"seanad","chamberType":"house","houseCode":"seanad","houseNo":"26","showAs":"26th Seanad","uri":"https:\/\/data.oireachtas.ie\/ie\/oireachtas\/house\/seanad\/26"},"progressStage":2,"showAs":"Second Stage","stageCompleted":true,"stageOutcome":null,"stageURI":"https:\/\/data.oireachtas.ie\/ie\/oireachtas\/def\/bill-stage\/2","uri":"https:\/\/data.oireachtas.ie\/ie\/oireachtas\/bill\/2024\/92\/stage\/seanad\/2"}},{"event":{"chamber":{"chamberCode":"seanad","showAs":"Seanad \u00c9ireann","uri":"https:\/\/data.oireachtas.ie\/ie\/oireachtas\/def\/house\/seanad"},"dates":[{"date":"2024-10-22"},{"date":"2024-10-22"},{"date":"2024-10-22"}],"house":{"chamberCode":"seanad","chamberType":"house","houseCode":"seanad","houseNo":"26","showAs":"26th Seanad","uri":"https:\/\/data.oireachtas.ie\/ie\/oireachtas\/house\/seanad\/26"},"progressStage":3,"showAs":"Committee Stage","stageCompleted":true,"stageOutcome":null,"stageURI":"https:\/\/data.oireachtas.ie\/ie\/oireachtas\/def\/bill-stage\/3","uri":"https:\/\/data.oireachtas.ie\/ie\/oireachtas\/bill\/2024\/92\/stage\/seanad\/3"}},{"event":{"chamber":{"chamberCode":"seanad","showAs":"Seanad \u00c9ireann","uri":"https:\/\/data.oireachtas.ie\/ie\/oireachtas\/def\/house\/seanad"},"dates":[{"date":"2025-05-20"}],"house":{"chamberCode":"seanad","chamberType":"house","houseCode":"seanad","houseNo":"27","showAs":"27th Seanad","uri":"https:\/\/data.oireachtas.ie\/ie\/oireachtas\/house\/seanad\/27"},"progressStage":4,"showAs":"Report Stage","stageCompleted":false,"stageOutcome":"Current","stageURI":"https:\/\/data.oireachtas.ie\/ie\/oireachtas\/def\/bill-stage\/4","uri":"https:\/\/data.oireachtas.ie\/ie\/oireachtas\/bill\/2024\/92\/stage\/seanad\/4"}}],"status":"Current","statusURI":"https:\/\/data.oireachtas.ie\/ie\/oireachtas\/def\/bill-status\/published","uri":"https:\/\/data.oireachtas.ie\/ie\/oireachtas\/bill\/2024\/92","versions":[{"version":{"date":"2024-10-17","docType":"bill","formats":{"pdf":{"uri":"https:\/\/data.oireachtas.ie\/ie\/oireachtas\/bill\/2024\/92\/eng\/initiated\/b9224s.pdf"},"xml":null},"lang":"eng","showAs":"As Initiated","uri":"https:\/\/data.oireachtas.ie\/ie\/oireachtas\/bill\/2024\/92\/eng\/initiated"}}]},"billSort":{"actNoSort":null,"actShortTitleEnSort":null,"actShortTitleGaSort":null,"actYearSort":null,"billNoSort":92,"billShortTitleEnSort":"non-fatal-offences-against-the-person-amendment-bill-2024","billShortTitleGaSort":"an-bille-um-chionta-neamh-mharfacha-in-aghaidh-an-duine-leasu-2024","billYearSort":2024},"contextDate":"2025-05-20"},{"bill":{"act":null,"amendmentLists":[],"billNo":"90","billType":"Public","billTypeURI":"https:\/\/data.oireachtas.ie\/ie\/oireachtas\/def\/bill-type\/public","billYear":"2024","debates":[{"chamber":{"showAs":"D\u00e1il \u00c9ireann","uri":"https:\/\/data.oireachtas.ie\/ie\/oireachtas\/def\/house\/dail"},"date":"2025-07-02","debateSectionId":"dbsect_43","showAs":"Transparency and Social Value in Public Procurement Bill 2024: Second Stage (Resumed) [Private Members]","uri":"https:\/\/data.oireachtas.ie\/akn\/ie\/debateRecord\/dail\/2025-07-02\/debate\/main"},{"chamber":{"showAs":"D\u00e1il \u00c9ireann","uri":"https:\/\/data.oireachtas.ie\/ie\/oireachtas\/def\/house\/dail"},"date":"2025-06-26","debateSectionId":"dbsect_45","showAs":"Transparency and Social Value in Public Procurement Bill 2024: Second Stage [Private Members]","uri":"https:\/\/data.oireachtas.ie\/akn\/ie\/debateRecord\/dail\/2025-06-26\/debate\/main"},{"chamber":{"showAs":"D\u00e1il \u00c9ireann","uri":"https:\/\/data.oireachtas.ie\/ie\/oireachtas\/def\/house\/dail"},"date":"2024-10-15","debateSectionId":"dbsect_8","showAs":"Transparency and Social Value in Public Procurement Bill 2024: First Stage","uri":"https:\/\/data.oireachtas.ie\/akn\/ie\/debateRecord\/dail\/2024-10-15\/debate\/main"}],"events":[{"event":{"chamber":{"chamberCode":"dail","showAs":"D\u00e1il \u00c9ireann","uri":"https:\/\/data.oireachtas.ie\/ie\/oireachtas\/def\/house\/dail"},"dates":[{"date":"2024-08-07"},{"date":"2024-10-14"},{"date":"2024-10-15"},{"date":"2025-05-01"}],"eventURI":"https:\/\/data.oireachtas.ie\/ie\/oireachtas\/def\/bill-event\/admissibility-for-introduction","showAs":"Admissibility for Introduction","uri":"https:\/\/data.oireachtas.ie\/ie\/oireachtas\/bill\/2024\/90\/admissibility-for-introduction"}},{"event":{"chamber":{"chamberCode":"dail","showAs":"D\u00e1il \u00c9ireann","uri":"https:\/\/data.oireachtas.ie\/ie\/oireachtas\/def\/house\/dail"},"dates":[{"date":"2024-11-08"}],"eventURI":"https:\/\/data.oireachtas.ie\/ie\/oireachtas\/def\/bill-event\/bill-lapsed","showAs":"Bill Lapsed","uri":"https:\/\/data.oireachtas.ie\/ie\/oireachtas\/bill\/2024\/90\/bill-lapsed"}}],"lastUpdated":"2025-06-27T08:35:42.450000+00:00","longTitleEn":"<p>Bill entitled an Act to give further effect to Directive 2014\/24\/EU of the European Parliament and of the Council of 26 February 2014 and for that purpose to provide for certain reporting functions in relation to procurements to which that Directive applies, to amend the Companies Act 2014 and to provide for related matters.<\/p>\n","longTitleGa":"<p>Bille d\u00e1 ngairtear Acht do thabhairt tuilleadh \u00e9ifeachta do Threoir 2014\/24\/AE \u00f3 Pharlaimint na hEorpa agus \u00f3n gComhairle an 26 Feabhra 2014 agus, chun na cr\u00edche sin, do dh\u00e9anamh socr\u00fa maidir le feidhmeanna tuairiscithe \u00e1irithe i nd\u00e1il le sainfh\u00e1il a bhfuil feidhm ag an Treoir sin maidir l\u00e9i, do leas\u00fa Acht na gCuideachta\u00ed, 2014 agus do dh\u00e9anamh socr\u00fa i dtaobh nithe gaolmhara.<\/p>\n","method":"Introduced","methodURI":"https:\/\/data.oireachtas.ie\/ie\/oireachtas\/def\/bill-method\/introduced","mostRecentStage":{"event":{"chamber":{"chamberCode":"dail","showAs":"D\u00e1il \u00c9ireann","uri":"https:\/\/data.oireachtas.ie\/ie\/oireachtas\/def\/house\/dail"},"dates":[{"date":"2024-10-15"},{"date":"2024-10-15"},{"date":"2024-10-15"}],"house":{"chamberCode":"dail","chamberType":"house","houseCode":"dail","houseNo":"33","showAs":"33rd D\u00e1il","uri":"https:\/\/data.oireachtas.ie\/ie\/oireachtas\/house\/dail\/33"},"progressStage":2,"showAs":"Second Stage","stageCompleted":false,"stageOutcome":"Current","stageURI":"https:\/\/data.oireachtas.ie\/ie\/oireachtas\/def\/bill-stage\/2","uri":"https:\/\/data.oireachtas.ie\/ie\/oireachtas\/bill\/2024\/90\/stage\/dail\/2"}},"originHouse":{"showAs":"D\u00e1il \u00c9ireann","uri":"https:\/\/data.oireachtas.ie\/ie\/oireachtas\/def\/house\/dail"},"originHouseURI":"https:\/\/data.oireachtas.ie\/ie\/oireachtas\/def\/house\/dail","relatedDocs":[{"relatedDoc":{"date":"2024-10-15","docType":"memo","formats":{"pdf":{"uri":"https:\/\/data.oireachtas.ie\/ie\/oireachtas\/bill\/2024\/90\/eng\/memo\/b9024d-memo.pdf"},"xml":null},"lang":"eng","showAs":"Explanatory Memorandum","uri":"https:\/\/data.oireachtas.ie\/ie\/oireachtas\/bill\/2024\/90\/eng\/memo"}}],"shortTitleEn":"Transparency and Social Value in Public Procurement Bill 2024","shortTitleGa":"An Bille um Thr\u00e9dhearcacht agus Luach S\u00f3isialta i Sainfh\u00e1il Phoibl\u00ed, 2024","source":"Private Member","sourceURI":"https:\/\/data.oireachtas.ie\/ie\/oireachtas\/def\/bill-source\/private-member","sponsors":[{"sponsor":{"isPrimary":true,"as":{"showAs":null,"uri":null},"by":{"showAs":"Mair\u00e9ad Farrell","uri":"https:\/\/data.oireachtas.ie\/ie\/oireachtas\/member\/id\/Mair\u00e9ad-Farrell.D.2020-02-08"}}}],"stages":[{"event":{"chamber":{"chamberCode":"dail","showAs":"D\u00e1il \u00c9ireann","uri":"https:\/\/data.oireachtas.ie\/ie\/oireachtas\/def\/house\/dail"},"dates":[{"date":"2024-08-07"},{"date":"2024-10-14"},{"date":"2024-10-15"},{"date":"2024-10-15"}],"house":{"chamberCode":"dail","chamberType":"house","houseCode":"dail","houseNo":"33","showAs":"33rd D\u00e1il","uri":"https:\/\/data.oireachtas.ie\/ie\/oireachtas\/house\/dail\/33"},"progressStage":1,"showAs":"First Stage","stageCompleted":true,"stageOutcome":null,"stageURI":"https:\/\/data.oireachtas.ie\/ie\/oireachtas\/def\/bill-stage\/1","uri":"https:\/\/data.oireachtas.ie\/ie\/oireachtas\/bill\/2024\/90\/stage\/dail\/1"}},{"event":{"chamber":{"chamberCode":"dail","showAs":"D\u00e1il \u00c9ireann","uri":"https:\/\/data.oireachtas.ie\/ie\/oireachtas\/def\/house\/dail"},"dates":[{"date":"2024-10-15"},{"date":"2024-10-15"},{"date":"2024-10-15"}],"house":{"chamberCode":"dail","chamberType":"house","houseCode":"dail","houseNo":"33","showAs":"33rd D\u00e1il","uri":"https:\/\/data.oireachtas.ie\/ie\/oireachtas\/house\/dail\/33"},"progressStage":2,"showAs":"Second Stage","stageCompleted":false,"stageOutcome":"Current","stageURI":"https:\/\/data.oireachtas.ie\/ie\/oireachtas\/def\/bill-stage\/2","uri":"https:\/\/data.oireachtas.ie\/ie\/oireachtas\/bill\/2024\/90\/stage\/dail\/2"}}],"status":"Current","statusURI":"https:\/\/data.oireachtas.ie\/ie\/oireachtas\/def\/bill-status\/published","uri":"https:\/\/data.oireachtas.ie\/ie\/oireachtas\/bill\/2024\/90","versions":[{"version":{"lang":"eng","docType":"bill","showAs":"As Initiated","date":"2024-10-15","formats":{"pdf":{"uri":"https:\/\/data.oireachtas.ie\/ie\/oireachtas\/bill\/2024\/90\/eng\/initiated\/b9024d.pdf"},"xml":null},"uri":"https:\/\/data.oireachtas.ie\/ie\/oireachtas\/bill\/2024\/90\/eng\/initiated"}}]},"contextDate":"2024-10-15","billSort":{"actNoSort":null,"actShortTitleEnSort":null,"actShortTitleGaSort":null,"actYearSort":null,"billNoSort":90,"billShortTitleEnSort":"transparency-and-social-value-in-public-procurement-bill-2024","billShortTitleGaSort":"an-bille-um-thredhearcacht-agus-luach-soisialta-i-sainfhail-phoibli-2024","billYearSort":2024}},{"bill":{"act":null,"amendmentLists":[],"billNo":"89","billType":"Public","billTypeURI":"https:\/\/data.oireachtas.ie\/ie\/oireachtas\/def\/bill-type\/public","billYear":"2024","debates":[{"chamber":{"showAs":"Seanad \u00c9ireann","uri":"https:\/\/data.oireachtas.ie\/ie\/oireachtas\/def\/house\/seanad"},"date":"2025-06-25","debateSectionId":"dbsect_22","showAs":"Disability (Personalised Budgets) Bill 2024: Second Stage","uri":"https:\/\/data.oireachtas.ie\/akn\/ie\/debateRecord\/seanad\/2025-06-25\/debate\/main"},{"chamber":{"showAs":"Seanad \u00c9ireann","uri":"https:\/\/data.oireachtas.ie\/ie\/oireachtas\/def\/house\/seanad"},"date":"2024-10-15","debateSectionId":"dbsect_9","showAs":"Disability (Personalised Budgets) Bill 2024: First Stage","uri":"https:\/\/data.oireachtas.ie\/akn\/ie\/debateRecord\/seanad\/2024-10-15\/debate\/main"}],"events":[{"event":{"chamber":{"chamberCode":"seanad","showAs":"Seanad \u00c9ireann","uri":"https:\/\/data.oireachtas.ie\/ie\/oireachtas\/def\/house\/seanad"},"dates":[{"date":"2024-08-06"},{"date":"2024-10-04"},{"date":"2024-10-15"},{"date":"2025-02-19"}],"eventURI":"https:\/\/data.oireachtas.ie\/ie\/oireachtas\/def\/bill-event\/admissibility-for-introduction","showAs":"Admissibility for Introduction","uri":"https:\/\/data.oireachtas.ie\/ie\/oireachtas\/bill\/2024\/89\/admissibility-for-introduction"}},{"event":{"chamber":{"chamberCode":"seanad","showAs":"Seanad \u00c9ireann","uri":"https:\/\/data.oireachtas.ie\/ie\/oireachtas\/def\/house\/seanad"},"dates":[{"date":"2025-01-29"}],"eventURI":"https:\/\/data.oireachtas.ie\/ie\/oireachtas\/def\/bill-event\/bill-lapsed","showAs":"Bill Lapsed","uri":"https:\/\/data.oireachtas.ie\/ie\/oireachtas\/bill\/2024\/89\/bill-lapsed"}}],"lastUpdated":"2025-06-26T12:28:12.750000+00:00","longTitleEn":"<p>Bill entitled an Act to amend and extend the Disability Act 2005 and to provide for related matters.<\/p>\n","longTitleGa":"<p>Bille d\u00e1 ngairtear Acht do leas\u00fa agus do leathn\u00fa an Achta um M\u00edchumas, 2005 agus do dh\u00e9anamh socr\u00fa i dtaobh nithe gaolmhara.<\/p>\n","method":"Introduced","methodURI":"https:\/\/data.oireachtas.ie\/ie\/oireachtas\/def\/bill-method\/introduced","mostRecentStage":{"event":{"chamber":{"chamberCode":"seanad","showAs":"Seanad \u00c9ireann","uri":"https:\/\/data.oireachtas.ie\/ie\/oireachtas\/def\/house\/seanad"},"dates":[{"date":"2024-10-15"},{"date":"2024-10-15"},{"date":"2024-10-15"}],"house":{"chamberCode":"seanad","chamberType":"house","houseCode":"seanad","houseNo":"26","showAs":"26th Seanad","uri":"https:\/\/data.oireachtas.ie\/ie\/oireachtas\/house\/seanad\/26"},"progressStage":2,"showAs":"Second Stage","stageCompleted":true,"stageOutcome":null,"stageURI":"https:\/\/data.oireachtas.ie\/ie\/oireachtas\/def\/bill-stage\/2","uri":"https:\/\/data.oireachtas.ie\/ie\/oireachtas\/bill\/2024\/89\/stage\/seanad\/2"}},"originHouse":{"showAs":"Seanad \u00c9ireann","uri":"https:\/\/data.oireachtas.ie\/ie\/oireachtas\/def\/house\/seanad"},"originHouseURI":"https:\/\/data.oireachtas.ie\/ie\/oireachtas\/def\/house\/seanad","relatedDocs":[],"shortTitleEn":"Disability (Personalised Budgets) Bill 2024","shortTitleGa":"An Bille um M\u00edchumas (Buis\u00e9id Phearsantaithe), 2024","source":"Private Member","sourceURI":"https:\/\/data.oireachtas.ie\/ie\/oireachtas\/def\/bill-source\/private-member","sponsors":[{"sponsor":{"as":{"showAs":null,"uri":null},"by":{"showAs":"Ollie Crowe","uri":"https:\/\/data.oireachtas.ie\/ie\/oireachtas\/member\/id\/Ollie-Crowe.S.2020-03-30"},"isPrimary":false}},{"sponsor":{"as":{"showAs":null,"uri":null},"by":{"showAs":"Aisling Dolan","uri":"https:\/\/data.oireachtas.ie\/ie\/oireachtas\/member\/id\/Aisling-Dolan.S.2020-06-29"},"isPrimary":false}},{"sponsor":{"as":{"showAs":null,"uri":null},"by":{"showAs":"R\u00f3n\u00e1n Mullen","uri":"https:\/\/data.oireachtas.ie\/ie\/oireachtas\/member\/id\/R\u00f3n\u00e1n-Mullen.S.2007-07-23"},"isPrimary":false}},{"sponsor":{"as":{"showAs":null,"uri":null},"by":{"showAs":"Vincent P. Martin","uri":"https:\/\/data.oireachtas.ie\/ie\/oireachtas\/member\/id\/Vincent-P-Martin.S.2020-06-29"},"isPrimary":false}},{"sponsor":{"as":{"showAs":null,"uri":null},"by":{"showAs":"Paul Gavan","uri":"https:\/\/data.oireachtas.ie\/ie\/oireachtas\/member\/id\/Paul-Gavan.S.2016-04-25"},"isPrimary":false}},{"sponsor":{"as":{"showAs":null,"uri":null},"by":{"showAs":"Victor Boyhan","uri":"https:\/\/data.oireachtas.ie\/ie\/oireachtas\/member\/id\/Victor-Boyhan.S.2016-04-25"},"isPrimary":false}},{"sponsor":{"as":{"showAs":null,"uri":null},"by":{"showAs":"Marie Sherlock","uri":"https:\/\/data.oireachtas.ie\/ie\/oireachtas\/member\/id\/Marie-Sherlock.S.2020-03-30"},"isPrimary":false}},{"sponsor":{"as":{"showAs":null,"uri":null},"by":{"showAs":"Rebecca Moynihan","uri":"https:\/\/data.oireachtas.ie\/ie\/oireachtas\/member\/id\/Rebecca-Moynihan.S.2020-03-30"},"isPrimary":false}},{"sponsor":{"as":{"showAs":null,"uri":null},"by":{"showAs":"Fintan Warfield","uri":"https:\/\/data.oireachtas.ie\/ie\/oireachtas\/member\/id\/Fintan-Warfield.S.2016-04-25"},"isPrimary":false}},{"sponsor":{"as":{"showAs":null,"uri":null},"by":{"showAs":"Erin McGreehan","uri":"https:\/\/data.oireachtas.ie\/ie\/oireachtas\/member\/id\/Erin-McGreehan.S.2020-06-29"},"isPrimary":false}},{"sponsor":{"as":{"showAs":null,"uri":null},"by":{"showAs":"Fiona O'Loughlin","uri":"https:\/\/data.oireachtas.ie\/ie\/oireachtas\/member\/id\/Fiona-O'Loughlin.D.2016-10-03"},"isPrimary":false}},{"sponsor":{"as":{"showAs":null,"uri":null},"by":{"showAs":"Miche\u00e1l Carrigy","uri":"https:\/\/data.oireachtas.ie\/ie\/oireachtas\/member\/id\/Miche\u00e1l-Carrigy.S.2020-03-30"},"isPrimary":false}},{"sponsor":{"as":{"showAs":null,"uri":null},"by":{"showAs":"Robbie Gallagher","uri":"https:\/\/data.oireachtas.ie\/ie\/oireachtas\/member\/id\/Robbie-Gallagher.S.2016-04-25"},"isPrimary":false}},{"sponsor":{"as":{"showAs":null,"uri":null},"by":{"showAs":"Michael McDowell","uri":"https:\/\/data.oireachtas.ie\/ie\/oireachtas\/member\/id\/Michael-McDowell.D.1987-03-10"},"isPrimary":false}},{"sponsor":{"as":{"showAs":null,"uri":null},"by":{"showAs":"Mary Seery Kearney","uri":"https:\/\/data.oireachtas.ie\/ie\/oireachtas\/member\/id\/Mary-Seery-Kearney.S.2020-06-29"},"isPrimary":false}},{"sponsor":{"as":{"showAs":null,"uri":null},"by":{"showAs":"Malcolm Byrne","uri":"https:\/\/data.oireachtas.ie\/ie\/oireachtas\/member\/id\/Malcolm-Byrne.D.2019-11-29"},"isPrimary":false}},{"sponsor":{"as":{"showAs":null,"uri":null},"by":{"showAs":"Pat Casey","uri":"https:\/\/data.oireachtas.ie\/ie\/oireachtas\/member\/id\/Pat-Casey.D.2016-10-03"},"isPrimary":false}},{"sponsor":{"as":{"showAs":null,"uri":null},"by":{"showAs":"Shane Cassells","uri":"https:\/\/data.oireachtas.ie\/ie\/oireachtas\/member\/id\/Shane-Cassells.D.2016-10-03"},"isPrimary":false}},{"sponsor":{"as":{"showAs":null,"uri":null},"by":{"showAs":"Tom Clonan","uri":"https:\/\/data.oireachtas.ie\/ie\/oireachtas\/member\/id\/Tom-Clonan.S.2022-04-04"},"isPrimary":true}},{"sponsor":{"as":{"showAs":null,"uri":null},"by":{"showAs":"Eugene Murphy","uri":"https:\/\/data.oireachtas.ie\/ie\/oireachtas\/member\/id\/Eugene-Murphy.D.2016-10-03"},"isPrimary":false}},{"sponsor":{"as":{"showAs":null,"uri":null},"by":{"showAs":"Aidan Davitt","uri":"https:\/\/data.oireachtas.ie\/ie\/oireachtas\/member\/id\/Aidan-Davitt.S.2016-04-25"},"isPrimary":false}},{"sponsor":{"as":{"showAs":null,"uri":null},"by":{"showAs":"Nikki Bradley","uri":"https:\/\/data.oireachtas.ie\/ie\/oireachtas\/member\/id\/Nikki-Bradley.S.2024-07-10"},"isPrimary":false}},{"sponsor":{"as":{"showAs":null,"uri":null},"by":{"showAs":"Annie Hoey","uri":"https:\/\/data.oireachtas.ie\/ie\/oireachtas\/member\/id\/Annie-Hoey.S.2020-03-30"},"isPrimary":false}},{"sponsor":{"as":{"showAs":null,"uri":null},"by":{"showAs":"Mark Wall","uri":"https:\/\/data.oireachtas.ie\/ie\/oireachtas\/member\/id\/Mark-Wall.S.2020-03-30"},"isPrimary":false}}],"stages":[{"event":{"chamber":{"chamberCode":"seanad","showAs":"Seanad \u00c9ireann","uri":"https:\/\/data.oireachtas.ie\/ie\/oireachtas\/def\/house\/seanad"},"dates":[{"date":"2024-08-06"},{"date":"2024-10-04"},{"date":"2024-10-15"},{"date":"2024-10-15"}],"house":{"chamberCode":"seanad","chamberType":"house","houseCode":"seanad","houseNo":"26","showAs":"26th Seanad","uri":"https:\/\/data.oireachtas.ie\/ie\/oireachtas\/house\/seanad\/26"},"progressStage":1,"showAs":"First Stage","stageCompleted":true,"stageOutcome":null,"stageURI":"https:\/\/data.oireachtas.ie\/ie\/oireachtas\/def\/bill-stage\/1","uri":"https:\/\/data.oireachtas.ie\/ie\/oireachtas\/bill\/2024\/89\/stage\/seanad\/1"}},{"event":{"chamber":{"chamberCode":"seanad","showAs":"Seanad \u00c9ireann","uri":"https:\/\/data.oireachtas.ie\/ie\/oireachtas\/def\/house\/seanad"},"dates":[{"date":"2024-10-15"},{"date":"2024-10-15"},{"date":"2024-10-15"}],"house":{"chamberCode":"seanad","chamberType":"house","houseCode":"seanad","houseNo":"26","showAs":"26th Seanad","uri":"https:\/\/data.oireachtas.ie\/ie\/oireachtas\/house\/seanad\/26"},"progressStage":2,"showAs":"Second Stage","stageCompleted":true,"stageOutcome":null,"stageURI":"https:\/\/data.oireachtas.ie\/ie\/oireachtas\/def\/bill-stage\/2","uri":"https:\/\/data.oireachtas.ie\/ie\/oireachtas\/bill\/2024\/89\/stage\/seanad\/2"}}],"status":"Current","statusURI":"https:\/\/data.oireachtas.ie\/ie\/oireachtas\/def\/bill-status\/published","uri":"https:\/\/data.oireachtas.ie\/ie\/oireachtas\/bill\/2024\/89","versions":[{"version":{"date":"2024-10-15","docType":"bill","formats":{"pdf":{"uri":"https:\/\/data.oireachtas.ie\/ie\/oireachtas\/bill\/2024\/89\/eng\/initiated\/b8924s.pdf"},"xml":null},"lang":"eng","showAs":"As Initiated","uri":"https:\/\/data.oireachtas.ie\/ie\/oireachtas\/bill\/2024\/89\/eng\/initiated"}}]},"billSort":{"actNoSort":null,"actShortTitleEnSort":null,"actShortTitleGaSort":null,"actYearSort":null,"billNoSort":89,"billShortTitleEnSort":"disability-personalised-budgets-bill-2024","billShortTitleGaSort":"an-bille-um-michumas-buiseid-phearsantaithe-2024","billYearSort":2024},"contextDate":"2024-10-15"},{"bill":{"act":null,"amendmentLists":[],"billNo":"88","billType":"Public","billTypeURI":"https:\/\/data.oireachtas.ie\/ie\/oireachtas\/def\/bill-type\/public","billYear":"2024","debates":[{"chamber":{"showAs":"Seanad \u00c9ireann","uri":"https:\/\/data.oireachtas.ie\/ie\/oireachtas\/def\/house\/seanad"},"date":"2025-05-13","debateSectionId":"dbsect_18","showAs":"Parole (Special Advocates) Bill 2024: Second Stage","uri":"https:\/\/data.oireachtas.ie\/akn\/ie\/debateRecord\/seanad\/2025-05-13\/debate\/main"},{"chamber":{"showAs":"Seanad \u00c9ireann","uri":"https:\/\/data.oireachtas.ie\/ie\/oireachtas\/def\/house\/seanad"},"date":"2024-10-15","debateSectionId":"dbsect_10","showAs":"Parole (Special Advocates) Bill 2024: First Stage","uri":"https:\/\/data.oireachtas.ie\/akn\/ie\/debateRecord\/seanad\/2024-10-15\/debate\/main"}],"events":[{"event":{"chamber":{"chamberCode":"seanad","showAs":"Seanad \u00c9ireann","uri":"https:\/\/data.oireachtas.ie\/ie\/oireachtas\/def\/house\/seanad"},"dates":[{"date":"2024-10-09"},{"date":"2024-10-15"},{"date":"2025-03-04"}],"eventURI":"https:\/\/data.oireachtas.ie\/ie\/oireachtas\/def\/bill-event\/admissibility-for-introduction","showAs":"Admissibility for Introduction","uri":"https:\/\/data.oireachtas.ie\/ie\/oireachtas\/bill\/2024\/88\/admissibility-for-introduction"}},{"event":{"chamber":{"chamberCode":"seanad","showAs":"Seanad \u00c9ireann","uri":"https:\/\/data.oireachtas.ie\/ie\/oireachtas\/def\/house\/seanad"},"dates":[{"date":"2025-01-29"}],"eventURI":"https:\/\/data.oireachtas.ie\/ie\/oireachtas\/def\/bill-event\/bill-lapsed","showAs":"Bill Lapsed","uri":"https:\/\/data.oireachtas.ie\/ie\/oireachtas\/bill\/2024\/88\/bill-lapsed"}}],"lastUpdated":"2025-06-05T14:02:44.690000+00:00","longTitleEn":"<p>Bill entitled an Act to amend the Parole Act 2019 to provide for the appointment of special advocates to represent the interests of relevant applicants in certain cases before the Parole Board, and to provide for related matters.<\/p>","longTitleGa":"<p>Bille d\u00e1 ngairtear Acht do leas\u00fa an Achta Par\u00fail, 2019 chun socr\u00fa a dh\u00e9anamh maidir le haighn\u00ed speisialta a cheapadh chun bheith ionadaitheach do leasanna iarratas\u00f3ir\u00ed iomchu\u00ed i gc\u00e1sanna \u00e1irithe at\u00e1 os comhair an Bhoird Par\u00fail, agus do dh\u00e9anamh socr\u00fa i dtaobh nithe gaolmhara.<\/p>","method":"Introduced","methodURI":"https:\/\/data.oireachtas.ie\/ie\/oireachtas\/def\/bill-method\/introduced","mostRecentStage":{"event":{"chamber":{"chamberCode":"seanad","showAs":"Seanad \u00c9ireann","uri":"https:\/\/data.oireachtas.ie\/ie\/oireachtas\/def\/house\/seanad"},"dates":[{"date":"2024-10-15"},{"date":"2024-10-15"},{"date":"2024-10-15"}],"house":{"chamberCode":"seanad","chamberType":"house","houseCode":"seanad","houseNo":"26","showAs":"26th Seanad","uri":"https:\/\/data.oireachtas.ie\/ie\/oireachtas\/house\/seanad\/26"},"progressStage":2,"showAs":"Second Stage","stageCompleted":true,"stageOutcome":null,"stageURI":"https:\/\/data.oireachtas.ie\/ie\/oireachtas\/def\/bill-stage\/2","uri":"https:\/\/data.oireachtas.ie\/ie\/oireachtas\/bill\/2024\/88\/stage\/seanad\/2"}},"originHouse":{"showAs":"Seanad \u00c9ireann","uri":"https:\/\/data.oireachtas.ie\/ie\/oireachtas\/def\/house\/seanad"},"originHouseURI":"https:\/\/data.oireachtas.ie\/ie\/oireachtas\/def\/house\/seanad","relatedDocs":[],"shortTitleEn":"Parole (Special Advocates) Bill 2024","shortTitleGa":"An Bille Par\u00fail (Aighn\u00ed Speisialta), 2024","source":"Private Member","sourceURI":"https:\/\/data.oireachtas.ie\/ie\/oireachtas\/def\/bill-source\/private-member","sponsors":[{"sponsor":{"as":{"showAs":null,"uri":null},"by":{"showAs":"Lynn Ruane","uri":"https:\/\/data.oireachtas.ie\/ie\/oireachtas\/member\/id\/Lynn-Ruane.S.2016-04-25"},"isPrimary":true}},{"sponsor":{"as":{"showAs":null,"uri":null},"by":{"showAs":"Alice-Mary Higgins","uri":"https:\/\/data.oireachtas.ie\/ie\/oireachtas\/member\/id\/Alice-Mary-Higgins.S.2016-04-25"},"isPrimary":false}},{"sponsor":{"as":{"showAs":null,"uri":null},"by":{"showAs":"Frances Black","uri":"https:\/\/data.oireachtas.ie\/ie\/oireachtas\/member\/id\/Frances-Black.S.2016-04-25"},"isPrimary":false}},{"sponsor":{"as":{"showAs":null,"uri":null},"by":{"showAs":"Eileen Flynn","uri":"https:\/\/data.oireachtas.ie\/ie\/oireachtas\/member\/id\/Eileen-Flynn.S.2020-06-29"},"isPrimary":false}}],"stages":[{"event":{"chamber":{"chamberCode":"seanad","showAs":"Seanad \u00c9ireann","uri":"https:\/\/data.oireachtas.ie\/ie\/oireachtas\/def\/house\/seanad"},"dates":[{"date":"2024-10-09"},{"date":"2024-10-15"},{"date":"2024-10-15"}],"house":{"chamberCode":"seanad","chamberType":"house","houseCode":"seanad","houseNo":"26","showAs":"26th Seanad","uri":"https:\/\/data.oireachtas.ie\/ie\/oireachtas\/house\/seanad\/26"},"progressStage":1,"showAs":"First Stage","stageCompleted":true,"stageOutcome":null,"stageURI":"https:\/\/data.oireachtas.ie\/ie\/oireachtas\/def\/bill-stage\/1","uri":"https:\/\/data.oireachtas.ie\/ie\/oireachtas\/bill\/2024\/88\/stage\/seanad\/1"}},{"event":{"chamber":{"chamberCode":"seanad","showAs":"Seanad \u00c9ireann","uri":"https:\/\/data.oireachtas.ie\/ie\/oireachtas\/def\/house\/seanad"},"dates":[{"date":"2024-10-15"},{"date":"2024-10-15"},{"date":"2024-10-15"}],"house":{"chamberCode":"seanad","chamberType":"house","houseCode":"seanad","houseNo":"26","showAs":"26th Seanad","uri":"https:\/\/data.oireachtas.ie\/ie\/oireachtas\/house\/seanad\/26"},"progressStage":2,"showAs":"Second Stage","stageCompleted":true,"stageOutcome":null,"stageURI":"https:\/\/data.oireachtas.ie\/ie\/oireachtas\/def\/bill-stage\/2","uri":"https:\/\/data.oireachtas.ie\/ie\/oireachtas\/bill\/2024\/88\/stage\/seanad\/2"}}],"status":"Current","statusURI":"https:\/\/data.oireachtas.ie\/ie\/oireachtas\/def\/bill-status\/published","uri":"https:\/\/data.oireachtas.ie\/ie\/oireachtas\/bill\/2024\/88","versions":[{"version":{"date":"2024-10-15","docType":"bill","formats":{"pdf":{"uri":"https:\/\/data.oireachtas.ie\/ie\/oireachtas\/bill\/2024\/88\/eng\/initiated\/b8824s.pdf"},"xml":null},"lang":"eng","showAs":"As Initiated","uri":"https:\/\/data.oireachtas.ie\/ie\/oireachtas\/bill\/2024\/88\/eng\/initiated"}}]},"billSort":{"actNoSort":null,"actShortTitleEnSort":null,"actShortTitleGaSort":null,"actYearSort":null,"billNoSort":88,"billShortTitleEnSort":"parole-special-advocates-bill-2024","billShortTitleGaSort":"an-bille-paruil-aighni-speisialta-2024","billYearSort":2024},"contextDate":"2024-10-15"},{"bill":{"act":null,"amendmentLists":[],"billNo":"87","billType":"Public","billTypeURI":"https:\/\/data.oireachtas.ie\/ie\/oireachtas\/def\/bill-type\/public","billYear":"2024","debates":[{"chamber":{"showAs":"Seanad \u00c9ireann","uri":"https:\/\/data.oireachtas.ie\/ie\/oireachtas\/def\/house\/seanad"},"date":"2024-10-09","debateSectionId":"dbsect_11","showAs":"Sale of Tickets (Cultural, Entertainment, Recreational and Sporting Events) (Amendment) (No. 2) Bill 2024: First Stage","uri":"https:\/\/data.oireachtas.ie\/akn\/ie\/debateRecord\/seanad\/2024-10-09\/debate\/main"}],"events":[{"event":{"chamber":{"chamberCode":"seanad","showAs":"Seanad \u00c9ireann","uri":"https:\/\/data.oireachtas.ie\/ie\/oireachtas\/def\/house\/seanad"},"dates":[{"date":"2024-09-13"},{"date":"2024-09-13"},{"date":"2024-10-09"}],"eventURI":"https:\/\/data.oireachtas.ie\/ie\/oireachtas\/def\/bill-event\/approved-for-initiation","showAs":"Approved for Initiation","uri":"https:\/\/data.oireachtas.ie\/ie\/oireachtas\/bill\/2024\/87\/approved-for-initiation"}},{"event":{"chamber":{"chamberCode":"seanad","showAs":"Seanad \u00c9ireann","uri":"https:\/\/data.oireachtas.ie\/ie\/oireachtas\/def\/house\/seanad"},"dates":[{"date":"2025-01-29"}],"eventURI":"https:\/\/data.oireachtas.ie\/ie\/oireachtas\/def\/bill-event\/bill-lapsed","showAs":"Bill Lapsed","uri":"https:\/\/data.oireachtas.ie\/ie\/oireachtas\/bill\/2024\/87\/bill-lapsed"}}],"lastUpdated":"2025-01-30T11:17:37.160000+00:00","longTitleEn":"<p>Bill entitled an Act to amend the Sale of Tickets (Cultural, Entertainment, Recreational and Sporting Events) Act 2021 so as to prohibit a primary ticket seller from engaging in dynamic pricing when selling, or advertising for sale, tickets or ticket packages for cultural, entertainment, recreational and sporting events, and to promote fairer access to tickets by prohibiting the sale, or advertising for sale, of tickets or ticket packages for a price that is adjusted or set by dynamic pricing to meet increased demand.<\/p>","longTitleGa":"<p>Bille d\u00e1 ngairtear Acht do leas\u00fa an Achta um Dh\u00edol Tic\u00e9ad (Imeachta\u00ed Cult\u00fair, Siamsa\u00edochta, \u00c1ineasa agus Sp\u00f3irt), 2021 d\u2019fhonn toirmeasc a chur ar phr\u00edomhdh\u00edolt\u00f3ir tic\u00e9ad a bheith ag gabh\u00e1il do phraghs\u00e1il dhinimici\u00fail tr\u00e1th a bheidh tic\u00e9id n\u00f3 pac\u00e1ist\u00ed tic\u00e9ad le haghaidh imeachta\u00ed cult\u00fair, siamsa\u00edochta, \u00e1ineasa agus sp\u00f3irt \u00e1 nd\u00edol n\u00f3 tr\u00e1th a bheidh tic\u00e9id n\u00f3 pac\u00e1ist\u00ed tic\u00e9ad le haghaidh imeachta\u00ed den s\u00f3rt sin \u00e1 bhf\u00f3gairt lena nd\u00edol, agus d\u2019fhonn rochtain ar thic\u00e9id ar bhonn n\u00edos c\u00f3ra a chur chun cinn tr\u00ed thoirmeasc a chur le tic\u00e9id n\u00f3 le pac\u00e1ist\u00ed tic\u00e9ad a dh\u00edol, n\u00f3 le tic\u00e9id n\u00f3 le pac\u00e1ist\u00ed tic\u00e9ad a fh\u00f3gairt lena nd\u00edol, ar phraghas a dh\u00e9antar a choigeart\u00fa n\u00f3 a shocr\u00fa le praghs\u00e1il dhinimici\u00fail chun freastal ar an m\u00e9ad\u00fa ar \u00e9ileamh.<\/p>","method":"Introduced","methodURI":"https:\/\/data.oireachtas.ie\/ie\/oireachtas\/def\/bill-method\/introduced","mostRecentStage":{"event":{"chamber":{"chamberCode":"seanad","showAs":"Seanad \u00c9ireann","uri":"https:\/\/data.oireachtas.ie\/ie\/oireachtas\/def\/house\/seanad"},"dates":[{"date":"2024-09-13"},{"date":"2024-09-13"},{"date":"2024-10-09"},{"date":"2024-10-09"}],"house":{"chamberCode":"seanad","chamberType":"house","houseCode":"seanad","houseNo":"26","showAs":"26th Seanad","uri":"https:\/\/data.oireachtas.ie\/ie\/oireachtas\/house\/seanad\/26"},"progressStage":1,"showAs":"First Stage","stageCompleted":true,"stageOutcome":null,"stageURI":"https:\/\/data.oireachtas.ie\/ie\/oireachtas\/def\/bill-stage\/1","uri":"https:\/\/data.oireachtas.ie\/ie\/oireachtas\/bill\/2024\/87\/stage\/seanad\/1"}},"originHouse":{"showAs":"Seanad \u00c9ireann","uri":"https:\/\/data.oireachtas.ie\/ie\/oireachtas\/def\/house\/seanad"},"originHouseURI":"https:\/\/data.oireachtas.ie\/ie\/oireachtas\/def\/house\/seanad","relatedDocs":[],"shortTitleEn":"Sale of Tickets (Cultural, Entertainment, Recreational and Sporting Events) (Amendment) (No. 2) Bill 2024","shortTitleGa":"An Bille um Dh\u00edol Tic\u00e9ad (Imeachta\u00ed Cult\u00fair, Siamsa\u00edochta, \u00c1ineasa agus Sp\u00f3irt) (Leas\u00fa) (Uimh. 2), 2024","source":"Private Member","sourceURI":"https:\/\/data.oireachtas.ie\/ie\/oireachtas\/def\/bill-source\/private-member","sponsors":[{"sponsor":{"as":{"showAs":null,"uri":null},"by":{"showAs":"Timmy Dooley","uri":"https:\/\/data.oireachtas.ie\/ie\/oireachtas\/member\/id\/Timmy-Dooley.S.2002-09-12"},"isPrimary":true}}],"stages":[{"event":{"chamber":{"chamberCode":"seanad","showAs":"Seanad \u00c9ireann","uri":"https:\/\/data.oireachtas.ie\/ie\/oireachtas\/def\/house\/seanad"},"dates":[{"date":"2024-09-13"},{"date":"2024-09-13"},{"date":"2024-10-09"},{"date":"2024-10-09"}],"house":{"chamberCode":"seanad","chamberType":"house","houseCode":"seanad","houseNo":"26","showAs":"26th Seanad","uri":"https:\/\/data.oireachtas.ie\/ie\/oireachtas\/house\/seanad\/26"},"progressStage":1,"showAs":"First Stage","stageCompleted":true,"stageOutcome":null,"stageURI":"https:\/\/data.oireachtas.ie\/ie\/oireachtas\/def\/bill-stage\/1","uri":"https:\/\/data.oireachtas.ie\/ie\/oireachtas\/bill\/2024\/87\/stage\/seanad\/1"}}],"status":"Lapsed","statusURI":"https:\/\/data.oireachtas.ie\/ie\/oireachtas\/def\/bill-status\/lapsed","uri":"https:\/\/data.oireachtas.ie\/ie\/oireachtas\/bill\/2024\/87","versions":[{"version":{"date":"2024-10-09","docType":"bill","formats":{"pdf":{"uri":"https:\/\/data.oireachtas.ie\/ie\/oireachtas\/bill\/2024\/87\/eng\/initiated\/b8724s.pdf"},"xml":null},"lang":"eng","showAs":"As Initiated","uri":"https:\/\/data.oireachtas.ie\/ie\/oireachtas\/bill\/2024\/87\/eng\/initiated"}}]},"billSort":{"actNoSort":null,"actShortTitleEnSort":null,"actShortTitleGaSort":null,"actYearSort":null,"billNoSort":87,"billShortTitleEnSort":"sale-of-tickets-cultural-entertainment-recreational-and-sporting-events-amendment-no-2-bill-2024","billShortTitleGaSort":"an-bille-um-dhiol-ticead-imeachtai-cultuir-siamsaiochta-aineasa-agus-spoirt-leasu-uimh-2-2024","billYearSort":2024},"contextDate":"2024-10-09"},{"bill":{"act":null,"amendmentLists":[],"billNo":"86","billType":"Public","billTypeURI":"https:\/\/data.oireachtas.ie\/ie\/oireachtas\/def\/bill-type\/public","billYear":"2024","debates":[{"chamber":{"showAs":"D\u00e1il \u00c9ireann","uri":"https:\/\/data.oireachtas.ie\/ie\/oireachtas\/def\/house\/dail"},"date":"2024-10-09","debateSectionId":"dbsect_13","showAs":"Sale of Nitrous Oxide and Related Products Bill 2024: First Stage","uri":"https:\/\/data.oireachtas.ie\/akn\/ie\/debateRecord\/dail\/2024-10-09\/debate\/main"}],"events":[{"event":{"chamber":{"chamberCode":"dail","showAs":"D\u00e1il \u00c9ireann","uri":"https:\/\/data.oireachtas.ie\/ie\/oireachtas\/def\/house\/dail"},"dates":[{"date":"2024-10-02"},{"date":"2024-10-09"},{"date":"2024-10-09"},{"date":"2025-05-01"},{"date":"2025-05-13"}],"eventURI":"https:\/\/data.oireachtas.ie\/ie\/oireachtas\/def\/bill-event\/admissibility-for-introduction","showAs":"Admissibility for Introduction","uri":"https:\/\/data.oireachtas.ie\/ie\/oireachtas\/bill\/2024\/86\/admissibility-for-introduction"}},{"event":{"chamber":{"chamberCode":"dail","showAs":"D\u00e1il \u00c9ireann","uri":"https:\/\/data.oireachtas.ie\/ie\/oireachtas\/def\/house\/dail"},"dates":[{"date":"2024-11-08"}],"eventURI":"https:\/\/data.oireachtas.ie\/ie\/oireachtas\/def\/bill-event\/bill-lapsed","showAs":"Bill Lapsed","uri":"https:\/\/data.oireachtas.ie\/ie\/oireachtas\/bill\/2024\/86\/bill-lapsed"}}],"lastUpdated":"2025-05-13T15:43:59.660000+00:00","longTitleEn":"<p>Bill entitled an Act to regulate and licence the sale of nitrous oxide to exempted purchasers, to prohibit the sale of nitrous oxide and nitrous oxide products to a person who has not attained the age of 18 years, and to provide for related matters.<\/p>\n","longTitleGa":"<p>Bille d\u00e1 ngairtear Acht do rial\u00e1il agus do chead\u00fan\u00fa d\u00edol ocsa\u00edde n\u00edtri\u00fala le ceannaitheoir\u00ed d\u00edolmhaithe, do thoirmeasc ocsa\u00edd n\u00edtri\u00fail agus t\u00e1irg\u00ed ocsa\u00edde n\u00edtri\u00fala a dh\u00edol le duine nach bhfuil 18 mbliana d\u2019aois sl\u00e1naithe aige n\u00f3 aici, agus do dh\u00e9anamh socr\u00fa i dtaobh nithe gaolmhara.<\/p>\n","method":"Presented","methodURI":"https:\/\/data.oireachtas.ie\/ie\/oireachtas\/def\/bill-method\/presented","mostRecentStage":{"event":{"chamber":{"chamberCode":"dail","showAs":"D\u00e1il \u00c9ireann","uri":"https:\/\/data.oireachtas.ie\/ie\/oireachtas\/def\/house\/dail"},"dates":[{"date":"2024-10-02"},{"date":"2024-10-09"},{"date":"2024-10-09"},{"date":"2024-10-09"}],"house":{"chamberCode":"dail","chamberType":"house","houseCode":"dail","houseNo":"33","showAs":"33rd D\u00e1il","uri":"https:\/\/data.oireachtas.ie\/ie\/oireachtas\/house\/dail\/33"},"progressStage":1,"showAs":"First Stage","stageCompleted":true,"stageOutcome":null,"stageURI":"https:\/\/data.oireachtas.ie\/ie\/oireachtas\/def\/bill-stage\/1","uri":"https:\/\/data.oireachtas.ie\/ie\/oireachtas\/bill\/2024\/86\/stage\/dail\/1"}},"originHouse":{"showAs":"D\u00e1il \u00c9ireann","uri":"https:\/\/data.oireachtas.ie\/ie\/oireachtas\/def\/house\/dail"},"originHouseURI":"https:\/\/data.oireachtas.ie\/ie\/oireachtas\/def\/house\/dail","relatedDocs":[{"relatedDoc":{"date":"2024-10-09","docType":"memo","formats":{"pdf":{"uri":"https:\/\/data.oireachtas.ie\/ie\/oireachtas\/bill\/2024\/86\/eng\/memo\/b8624d-memo.pdf"},"xml":null},"lang":"eng","showAs":"Explanatory Memorandum","uri":"https:\/\/data.oireachtas.ie\/ie\/oireachtas\/bill\/2024\/86\/eng\/memo"}}],"shortTitleEn":"Sale of Nitrous Oxide and Related Products Bill 2024","shortTitleGa":"An Bille um Dh\u00edol Ocsa\u00edde N\u00edtri\u00fala agus T\u00e1irg\u00ed Gaolmhara, 2024","source":"Private Member","sourceURI":"https:\/\/data.oireachtas.ie\/ie\/oireachtas\/def\/bill-source\/private-member","sponsors":[{"sponsor":{"as":{"showAs":null,"uri":null},"by":{"showAs":"Mark Ward","uri":"https:\/\/data.oireachtas.ie\/ie\/oireachtas\/member\/id\/Mark-Ward.D.2019-11-29"},"isPrimary":true}},{"sponsor":{"as":{"showAs":null,"uri":null},"by":{"showAs":"Se\u00e1n Crowe","uri":"https:\/\/data.oireachtas.ie\/ie\/oireachtas\/member\/id\/Se\u00e1n-Crowe.D.2002-06-06"},"isPrimary":false}}],"stages":[{"event":{"chamber":{"chamberCode":"dail","showAs":"D\u00e1il \u00c9ireann","uri":"https:\/\/data.oireachtas.ie\/ie\/oireachtas\/def\/house\/dail"},"dates":[{"date":"2024-10-02"},{"date":"2024-10-09"},{"date":"2024-10-09"},{"date":"2024-10-09"}],"house":{"chamberCode":"dail","chamberType":"house","houseCode":"dail","houseNo":"33","showAs":"33rd D\u00e1il","uri":"https:\/\/data.oireachtas.ie\/ie\/oireachtas\/house\/dail\/33"},"progressStage":1,"showAs":"First Stage","stageCompleted":true,"stageOutcome":null,"stageURI":"https:\/\/data.oireachtas.ie\/ie\/oireachtas\/def\/bill-stage\/1","uri":"https:\/\/data.oireachtas.ie\/ie\/oireachtas\/bill\/2024\/86\/stage\/dail\/1"}}],"status":"Withdrawn","statusURI":"https:\/\/data.oireachtas.ie\/ie\/oireachtas\/def\/bill-status\/withdrawn","uri":"https:\/\/data.oireachtas.ie\/ie\/oireachtas\/bill\/2024\/86","versions":[{"version":{"date":"2024-10-09","docType":"bill","formats":{"pdf":{"uri":"https:\/\/data.oireachtas.ie\/ie\/oireachtas\/bill\/2024\/86\/eng\/initiated\/b8624d.pdf"},"xml":null},"lang":"eng","showAs":"As Initiated","uri":"https:\/\/data.oireachtas.ie\/ie\/oireachtas\/bill\/2024\/86\/eng\/initiated"}}]},"billSort":{"actNoSort":null,"actShortTitleEnSort":null,"actShortTitleGaSort":null,"actYearSort":null,"billNoSort":86,"billShortTitleEnSort":"sale-of-nitrous-oxide-and-related-products-bill-2024","billShortTitleGaSort":"an-bille-um-dhiol-ocsaide-nitriula-agus-tairgi-gaolmhara-2024","billYearSort":2024},"contextDate":"2024-10-09"},{"bill":{"act":null,"amendmentLists":[],"billNo":"85","billType":"Public","billTypeURI":"https:\/\/data.oireachtas.ie\/ie\/oireachtas\/def\/bill-type\/public","billYear":"2024","debates":[{"chamber":{"showAs":"Seanad \u00c9ireann","uri":"https:\/\/data.oireachtas.ie\/ie\/oireachtas\/def\/house\/seanad"},"date":"2025-06-11","debateSectionId":"dbsect_9","showAs":"Planning and Development (Stationary Battery Energy Storage Systems) Bill 2024: Restoration to Order Paper","uri":"https:\/\/data.oireachtas.ie\/akn\/ie\/debateRecord\/seanad\/2025-06-11\/debate\/main"},{"chamber":{"showAs":"Seanad \u00c9ireann","uri":"https:\/\/data.oireachtas.ie\/ie\/oireachtas\/def\/house\/seanad"},"date":"2024-10-09","debateSectionId":"dbsect_10","showAs":"Planning and Development (Stationary Battery Energy Storage Systems) Bill 2024: First Stage","uri":"https:\/\/data.oireachtas.ie\/akn\/ie\/debateRecord\/seanad\/2024-10-09\/debate\/main"}],"events":[{"event":{"chamber":{"chamberCode":"seanad","showAs":"Seanad \u00c9ireann","uri":"https:\/\/data.oireachtas.ie\/ie\/oireachtas\/def\/house\/seanad"},"dates":[{"date":"2024-10-03"},{"date":"2024-10-09"},{"date":"2024-10-09"},{"date":"2025-06-11"}],"eventURI":"https:\/\/data.oireachtas.ie\/ie\/oireachtas\/def\/bill-event\/admissibility-for-introduction","showAs":"Admissibility for Introduction","uri":"https:\/\/data.oireachtas.ie\/ie\/oireachtas\/bill\/2024\/85\/admissibility-for-introduction"}},{"event":{"chamber":{"chamberCode":"seanad","showAs":"Seanad \u00c9ireann","uri":"https:\/\/data.oireachtas.ie\/ie\/oireachtas\/def\/house\/seanad"},"dates":[{"date":"2025-01-29"}],"eventURI":"https:\/\/data.oireachtas.ie\/ie\/oireachtas\/def\/bill-event\/bill-lapsed","showAs":"Bill Lapsed","uri":"https:\/\/data.oireachtas.ie\/ie\/oireachtas\/bill\/2024\/85\/bill-lapsed"}}],"lastUpdated":"2025-06-12T13:58:48.680000+00:00","longTitleEn":"<p>Bill entitled an Act to amend and extend the Planning and Development Regulations 2001 to include in the classes of development requiring an environmental impact assessment report certain installations of stationary battery energy storage systems, and to provide for related matters.<\/p>","longTitleGa":"<p>Bille d\u00e1 ngairtear Acht do leas\u00fa agus do leathn\u00fa na Rialach\u00e1n um Plean\u00e1il agus Forbairt, 2001 chun go nd\u00e9anfar <span style=\"color:#222222;\">suite\u00e1lacha \u00e1irithe c\u00f3ras st\u00f3r\u00e1la fuinnimh i gceallra\u00ed suite<\/span> a \u00e1ireamh sna haicm\u00ed forbartha ar g\u00e1 <span style=\"color:#222222;\">tuarasc\u00e1il ar mheas\u00fanacht tionchair timpeallachta ina leith, agus do dh\u00e9anamh socr\u00fa i dtaobh nithe gaolmhara.<\/span><\/p>","method":"Introduced","methodURI":"https:\/\/data.oireachtas.ie\/ie\/oireachtas\/def\/bill-method\/introduced","mostRecentStage":{"event":{"chamber":{"chamberCode":"seanad","showAs":"Seanad \u00c9ireann","uri":"https:\/\/data.oireachtas.ie\/ie\/oireachtas\/def\/house\/seanad"},"dates":[{"date":"2024-10-09"},{"date":"2024-10-09"}],"house":{"chamberCode":"seanad","chamberType":"house","houseCode":"seanad","houseNo":"26","showAs":"26th Seanad","uri":"https:\/\/data.oireachtas.ie\/ie\/oireachtas\/house\/seanad\/26"},"progressStage":2,"showAs":"Second Stage","stageCompleted":false,"stageOutcome":"Current","stageURI":"https:\/\/data.oireachtas.ie\/ie\/oireachtas\/def\/bill-stage\/2","uri":"https:\/\/data.oireachtas.ie\/ie\/oireachtas\/bill\/2024\/85\/stage\/seanad\/2"}},"originHouse":{"showAs":"Seanad \u00c9ireann","uri":"https:\/\/data.oireachtas.ie\/ie\/oireachtas\/def\/house\/seanad"},"originHouseURI":"https:\/\/data.oireachtas.ie\/ie\/oireachtas\/def\/house\/seanad","relatedDocs":[],"shortTitleEn":"Planning and Development (Stationary Battery Energy Storage Systems) Bill 2024","shortTitleGa":"An Bille um Plean\u00e1il agus Forbairt (C\u00f3rais St\u00f3r\u00e1la Fuinnimh i gCeallra\u00ed Suite), 2024","source":"Private Member","sourceURI":"https:\/\/data.oireachtas.ie\/ie\/oireachtas\/def\/bill-source\/private-member","sponsors":[{"sponsor":{"as":{"showAs":null,"uri":null},"by":{"showAs":"Martin Conway","uri":"https:\/\/data.oireachtas.ie\/ie\/oireachtas\/member\/id\/Martin-Conway.S.2011-05-25"},"isPrimary":false}},{"sponsor":{"as":{"showAs":null,"uri":null},"by":{"showAs":"Tom Clonan","uri":"https:\/\/data.oireachtas.ie\/ie\/oireachtas\/member\/id\/Tom-Clonan.S.2022-04-04"},"isPrimary":false}},{"sponsor":{"as":{"showAs":null,"uri":null},"by":{"showAs":"Diarmuid Wilson","uri":"https:\/\/data.oireachtas.ie\/ie\/oireachtas\/member\/id\/Diarmuid-Wilson.S.2002-09-12"},"isPrimary":false}},{"sponsor":{"as":{"showAs":null,"uri":null},"by":{"showAs":"Robbie Gallagher","uri":"https:\/\/data.oireachtas.ie\/ie\/oireachtas\/member\/id\/Robbie-Gallagher.S.2016-04-25"},"isPrimary":false}},{"sponsor":{"as":{"showAs":null,"uri":null},"by":{"showAs":"Vincent P. Martin","uri":"https:\/\/data.oireachtas.ie\/ie\/oireachtas\/member\/id\/Vincent-P-Martin.S.2020-06-29"},"isPrimary":true}},{"sponsor":{"as":{"showAs":null,"uri":null},"by":{"showAs":"Miche\u00e1l Carrigy","uri":"https:\/\/data.oireachtas.ie\/ie\/oireachtas\/member\/id\/Miche\u00e1l-Carrigy.S.2020-03-30"},"isPrimary":false}}],"stages":[{"event":{"chamber":{"chamberCode":"seanad","showAs":"Seanad \u00c9ireann","uri":"https:\/\/data.oireachtas.ie\/ie\/oireachtas\/def\/house\/seanad"},"dates":[{"date":"2024-10-03"},{"date":"2024-10-09"},{"date":"2024-10-09"},{"date":"2024-10-09"}],"house":{"chamberCode":"seanad","chamberType":"house","houseCode":"seanad","houseNo":"26","showAs":"26th Seanad","uri":"https:\/\/data.oireachtas.ie\/ie\/oireachtas\/house\/seanad\/26"},"progressStage":1,"showAs":"First Stage","stageCompleted":true,"stageOutcome":null,"stageURI":"https:\/\/data.oireachtas.ie\/ie\/oireachtas\/def\/bill-stage\/1","uri":"https:\/\/data.oireachtas.ie\/ie\/oireachtas\/bill\/2024\/85\/stage\/seanad\/1"}},{"event":{"chamber":{"chamberCode":"seanad","showAs":"Seanad \u00c9ireann","uri":"https:\/\/data.oireachtas.ie\/ie\/oireachtas\/def\/house\/seanad"},"dates":[{"date":"2024-10-09"},{"date":"2024-10-09"}],"house":{"chamberCode":"seanad","chamberType":"house","houseCode":"seanad","houseNo":"26","showAs":"26th Seanad","uri":"https:\/\/data.oireachtas.ie\/ie\/oireachtas\/house\/seanad\/26"},"progressStage":2,"showAs":"Second Stage","stageCompleted":false,"stageOutcome":"Current","stageURI":"https:\/\/data.oireachtas.ie\/ie\/oireachtas\/def\/bill-stage\/2","uri":"https:\/\/data.oireachtas.ie\/ie\/oireachtas\/bill\/2024\/85\/stage\/seanad\/2"}}],"status":"Current","statusURI":"https:\/\/data.oireachtas.ie\/ie\/oireachtas\/def\/bill-status\/published","uri":"https:\/\/data.oireachtas.ie\/ie\/oireachtas\/bill\/2024\/85","versions":[{"version":{"date":"2024-10-09","docType":"bill","formats":{"pdf":{"uri":"https:\/\/data.oireachtas.ie\/ie\/oireachtas\/bill\/2024\/85\/eng\/initiated\/b8524s.pdf"},"xml":null},"lang":"eng","showAs":"As Initiated","uri":"https:\/\/data.oireachtas.ie\/ie\/oireachtas\/bill\/2024\/85\/eng\/initiated"}}]},"billSort":{"actNoSort":null,"actShortTitleEnSort":null,"actShortTitleGaSort":null,"actYearSort":null,"billNoSort":85,"billShortTitleEnSort":"planning-and-development-stationary-battery-energy-storage-systems-bill-2024","billShortTitleGaSort":"an-bille-um-pleanail-agus-forbairt-corais-storala-fuinnimh-i-gceallrai-suite-2024","billYearSort":2024},"contextDate":"2024-10-09"},{"bill":{"act":null,"amendmentLists":[],"billNo":"83","billType":"Public","billTypeURI":"https:\/\/data.oireachtas.ie\/ie\/oireachtas\/def\/bill-type\/public","billYear":"2024","debates":[{"chamber":{"showAs":"D\u00e1il \u00c9ireann","uri":"https:\/\/data.oireachtas.ie\/ie\/oireachtas\/def\/house\/dail"},"date":"2024-10-08","debateSectionId":"dbsect_13","showAs":"Sale of Tickets (Cultural, Entertainment, Recreational and Sporting Events) (Amendment) Bill 2024: First Stage","uri":"https:\/\/data.oireachtas.ie\/akn\/ie\/debateRecord\/dail\/2024-10-08\/debate\/main"}],"events":[{"event":{"chamber":{"chamberCode":"dail","showAs":"D\u00e1il \u00c9ireann","uri":"https:\/\/data.oireachtas.ie\/ie\/oireachtas\/def\/house\/dail"},"dates":[{"date":"2024-09-13"},{"date":"2024-09-13"},{"date":"2024-10-08"},{"date":"2025-05-27"}],"eventURI":"https:\/\/data.oireachtas.ie\/ie\/oireachtas\/def\/bill-event\/approved-for-initiation","showAs":"Approved for Initiation","uri":"https:\/\/data.oireachtas.ie\/ie\/oireachtas\/bill\/2024\/83\/approved-for-initiation"}},{"event":{"chamber":{"chamberCode":"dail","showAs":"D\u00e1il \u00c9ireann","uri":"https:\/\/data.oireachtas.ie\/ie\/oireachtas\/def\/house\/dail"},"dates":[{"date":"2024-11-08"}],"eventURI":"https:\/\/data.oireachtas.ie\/ie\/oireachtas\/def\/bill-event\/bill-lapsed","showAs":"Bill Lapsed","uri":"https:\/\/data.oireachtas.ie\/ie\/oireachtas\/bill\/2024\/83\/bill-lapsed"}}],"lastUpdated":"2025-05-28T08:47:47.510000+00:00","longTitleEn":"<p>Bill entitled an Act to amend the Sale of Tickets (Cultural, Entertainment, Recreational and Sporting Events) Act 2021 so as to prohibit a primary ticket seller from engaging in dynamic pricing when selling, or advertising for sale, tickets or ticket packages for cultural, entertainment, recreational and sporting events, and to promote fairer access to tickets by prohibiting the sale, or advertising for sale, of tickets or ticket packages for a price that is adjusted or set by dynamic pricing to meet increased demand.<\/p>","longTitleGa":"<p>Bille d\u00e1 ngairtear Acht do leas\u00fa an Achta um Dh\u00edol Tic\u00e9ad (Imeachta\u00ed Cult\u00fair, Siamsa\u00edochta, \u00c1ineasa agus Sp\u00f3irt), 2021 d\u2019fhonn toirmeasc a chur ar phr\u00edomhdh\u00edolt\u00f3ir tic\u00e9ad a bheith ag gabh\u00e1il do phraghs\u00e1il dhinimici\u00fail tr\u00e1th a bheidh tic\u00e9id n\u00f3 pac\u00e1ist\u00ed tic\u00e9ad le haghaidh imeachta\u00ed cult\u00fair, siamsa\u00edochta, \u00e1ineasa agus sp\u00f3irt \u00e1 nd\u00edol n\u00f3 tr\u00e1th a bheidh tic\u00e9id n\u00f3 pac\u00e1ist\u00ed tic\u00e9ad le haghaidh imeachta\u00ed den s\u00f3rt sin \u00e1 bhf\u00f3gairt lena nd\u00edol, agus d\u2019fhonn rochtain ar thic\u00e9id ar bhonn n\u00edos c\u00f3ra a chur chun cinn tr\u00ed thoirmeasc a chur le tic\u00e9id n\u00f3 le pac\u00e1ist\u00ed tic\u00e9ad a dh\u00edol, n\u00f3 le tic\u00e9id n\u00f3 le pac\u00e1ist\u00ed tic\u00e9ad a fh\u00f3gairt lena nd\u00edol, ar phraghas a dh\u00e9antar a choigeart\u00fa n\u00f3 a shocr\u00fa le praghs\u00e1il dhinimici\u00fail chun freastal ar an m\u00e9ad\u00fa ar \u00e9ileamh.<\/p>","method":"Introduced","methodURI":"https:\/\/data.oireachtas.ie\/ie\/oireachtas\/def\/bill-method\/introduced","mostRecentStage":{"event":{"chamber":{"chamberCode":"dail","showAs":"D\u00e1il \u00c9ireann","uri":"https:\/\/data.oireachtas.ie\/ie\/oireachtas\/def\/house\/dail"},"dates":[{"date":"2024-10-08"},{"date":"2024-10-08"}],"house":{"chamberCode":"dail","chamberType":"house","houseCode":"dail","houseNo":"33","showAs":"33rd D\u00e1il","uri":"https:\/\/data.oireachtas.ie\/ie\/oireachtas\/house\/dail\/33"},"progressStage":2,"showAs":"Second Stage","stageCompleted":false,"stageOutcome":"Current","stageURI":"https:\/\/data.oireachtas.ie\/ie\/oireachtas\/def\/bill-stage\/2","uri":"https:\/\/data.oireachtas.ie\/ie\/oireachtas\/bill\/2024\/83\/stage\/dail\/2"}},"originHouse":{"showAs":"D\u00e1il \u00c9ireann","uri":"https:\/\/data.oireachtas.ie\/ie\/oireachtas\/def\/house\/dail"},"originHouseURI":"https:\/\/data.oireachtas.ie\/ie\/oireachtas\/def\/house\/dail","relatedDocs":[{"relatedDoc":{"date":"2024-10-08","docType":"memo","formats":{"pdf":{"uri":"https:\/\/data.oireachtas.ie\/ie\/oireachtas\/bill\/2024\/83\/eng\/memo\/b8324d-memo.pdf"},"xml":null},"lang":"eng","showAs":"Explanatory Memorandum","uri":"https:\/\/data.oireachtas.ie\/ie\/oireachtas\/bill\/2024\/83\/eng\/memo"}}],"shortTitleEn":"Sale of Tickets (Cultural, Entertainment, Recreational and Sporting Events) (Amendment) Bill 2024","shortTitleGa":"An Bille um Dh\u00edol Tic\u00e9ad (Imeachta\u00ed Cult\u00fair, Siamsa\u00edochta, \u00c1ineasa agus Sp\u00f3irt) (Leas\u00fa), 2024","source":"Private Member","sourceURI":"https:\/\/data.oireachtas.ie\/ie\/oireachtas\/def\/bill-source\/private-member","sponsors":[{"sponsor":{"as":{"showAs":null,"uri":null},"by":{"showAs":"Jim O'Callaghan","uri":"https:\/\/data.oireachtas.ie\/ie\/oireachtas\/member\/id\/Jim-O'Callaghan.D.2016-10-03"},"isPrimary":true}},{"sponsor":{"as":{"showAs":null,"uri":null},"by":{"showAs":"Niamh Smyth","uri":"https:\/\/data.oireachtas.ie\/ie\/oireachtas\/member\/id\/Niamh-Smyth.D.2016-10-03"},"isPrimary":false}}],"stages":[{"event":{"chamber":{"chamberCode":"dail","showAs":"D\u00e1il \u00c9ireann","uri":"https:\/\/data.oireachtas.ie\/ie\/oireachtas\/def\/house\/dail"},"dates":[{"date":"2024-09-13"},{"date":"2024-09-13"},{"date":"2024-10-08"},{"date":"2024-10-08"}],"house":{"chamberCode":"dail","chamberType":"house","houseCode":"dail","houseNo":"33","showAs":"33rd D\u00e1il","uri":"https:\/\/data.oireachtas.ie\/ie\/oireachtas\/house\/dail\/33"},"progressStage":1,"showAs":"First Stage","stageCompleted":true,"stageOutcome":null,"stageURI":"https:\/\/data.oireachtas.ie\/ie\/oireachtas\/def\/bill-stage\/1","uri":"https:\/\/data.oireachtas.ie\/ie\/oireachtas\/bill\/2024\/83\/stage\/dail\/1"}},{"event":{"chamber":{"chamberCode":"dail","showAs":"D\u00e1il \u00c9ireann","uri":"https:\/\/data.oireachtas.ie\/ie\/oireachtas\/def\/house\/dail"},"dates":[{"date":"2024-10-08"},{"date":"2024-10-08"}],"house":{"chamberCode":"dail","chamberType":"house","houseCode":"dail","houseNo":"33","showAs":"33rd D\u00e1il","uri":"https:\/\/data.oireachtas.ie\/ie\/oireachtas\/house\/dail\/33"},"progressStage":2,"showAs":"Second Stage","stageCompleted":false,"stageOutcome":"Current","stageURI":"https:\/\/data.oireachtas.ie\/ie\/oireachtas\/def\/bill-stage\/2","uri":"https:\/\/data.oireachtas.ie\/ie\/oireachtas\/bill\/2024\/83\/stage\/dail\/2"}}],"status":"Current","statusURI":"https:\/\/data.oireachtas.ie\/ie\/oireachtas\/def\/bill-status\/published","uri":"https:\/\/data.oireachtas.ie\/ie\/oireachtas\/bill\/2024\/83","versions":[{"version":{"date":"2024-10-08","docType":"bill","formats":{"pdf":{"uri":"https:\/\/data.oireachtas.ie\/ie\/oireachtas\/bill\/2024\/83\/eng\/initiated\/b8324d.pdf"},"xml":null},"lang":"eng","showAs":"As Initiated","uri":"https:\/\/data.oireachtas.ie\/ie\/oireachtas\/bill\/2024\/83\/eng\/initiated"}}]},"billSort":{"actNoSort":null,"actShortTitleEnSort":null,"actShortTitleGaSort":null,"actYearSort":null,"billNoSort":83,"billShortTitleEnSort":"sale-of-tickets-cultural-entertainment-recreational-and-sporting-events-amendment-bill-2024","billShortTitleGaSort":"an-bille-um-dhiol-ticead-imeachtai-cultuir-siamsaiochta-aineasa-agus-spoirt-leasu-2024","billYearSort":2024},"contextDate":"2024-10-08"},{"bill":{"act":null,"amendmentLists":[],"billNo":"82","billType":"Public","billTypeURI":"https:\/\/data.oireachtas.ie\/ie\/oireachtas\/def\/bill-type\/public","billYear":"2024","debates":[{"chamber":{"showAs":"Seanad \u00c9ireann","uri":"https:\/\/data.oireachtas.ie\/ie\/oireachtas\/def\/house\/seanad"},"date":"2024-10-08","debateSectionId":"dbsect_11","showAs":"Workplace Relations (Exemplary Damages, Unfair Dismissals and Other Provisions) Bill 2024: First Stage","uri":"https:\/\/data.oireachtas.ie\/akn\/ie\/debateRecord\/seanad\/2024-10-08\/debate\/main"}],"events":[{"event":{"chamber":{"chamberCode":"seanad","showAs":"Seanad \u00c9ireann","uri":"https:\/\/data.oireachtas.ie\/ie\/oireachtas\/def\/house\/seanad"},"dates":[{"date":"2025-01-29"}],"eventURI":"https:\/\/data.oireachtas.ie\/ie\/oireachtas\/def\/bill-event\/bill-lapsed","showAs":"Bill Lapsed","uri":"https:\/\/data.oireachtas.ie\/ie\/oireachtas\/bill\/2024\/82\/bill-lapsed"}},{"event":{"chamber":{"chamberCode":"dail","showAs":"D\u00e1il \u00c9ireann","uri":"https:\/\/data.oireachtas.ie\/ie\/oireachtas\/def\/house\/dail"},"dates":[{"date":"2024-06-05"},{"date":"2024-10-01"},{"date":"2024-10-08"}],"eventURI":"https:\/\/data.oireachtas.ie\/ie\/oireachtas\/def\/bill-event\/admissibility-for-introduction","showAs":"Admissibility for Introduction","uri":"https:\/\/data.oireachtas.ie\/ie\/oireachtas\/bill\/2024\/82\/admissibility-for-introduction"}}],"lastUpdated":"2025-01-30T11:17:37.160000+00:00","longTitleEn":"<p>Bill entitled an Act to enable the award of exemplary damages in certain circumstances by adjudication officers of the Workplace Relations Commission and by the Labour Court; to make certain non-disclosure agreements unenforceable as against employees who have not received independent advice; to make amendments to the Unfair Dismissals Act 1977 in order to give fuller effect to Directive (EU) 2019\/1152 of the European Parliament and of the Council of 20 June 2019 on transparent and predictable working conditions in the European Union; and to provide for related matters.<\/p>\n","longTitleGa":"<p>Bille d\u00e1 ngairtear Acht d\u00e1 chumas\u00fa d\u2019oifigigh bhreithni\u00fach\u00e1in don Choimisi\u00fan um Chaidreamh san \u00c1it Oibre agus don Ch\u00fairt Oibreachais dam\u00e1ist\u00ed eiseaml\u00e1ireacha a dh\u00e1mhachtain in imthosca \u00e1irithe; do dh\u00e9anamh comhaontuithe neamhnochta \u00e1irithe neamh-infhorfheidhmithe amhail i gcoinne fostaithe nach mbeidh comhairle neamhsple\u00e1ch faighte acu; do dh\u00e9anamh leasuithe ar an Acht um Dh\u00edfhost\u00fa \u00c9ag\u00f3rach, 1977 d\u2019fhonn \u00e9ifeacht a thabhairt ar shl\u00ed n\u00edos ioml\u00e1ine do Threoir (AE) 2019\/1152 \u00f3 Pharlaimint na hEorpa agus \u00f3n gComhairle an 20 Meitheamh 2019 maidir le d\u00e1la\u00ed oibre tr\u00e9dhearcacha agus intuartha san Aontas Eorpach; agus do dh\u00e9anamh socr\u00fa i dtaobh nithe gaolmhara.<\/p>\n\n<p>\u00a0<\/p>\n","method":"Introduced","methodURI":"https:\/\/data.oireachtas.ie\/ie\/oireachtas\/def\/bill-method\/introduced","mostRecentStage":{"event":{"chamber":{"chamberCode":"seanad","showAs":"Seanad \u00c9ireann","uri":"https:\/\/data.oireachtas.ie\/ie\/oireachtas\/def\/house\/seanad"},"dates":[{"date":"2024-10-08"}],"house":{"chamberCode":"seanad","chamberType":"house","houseCode":"seanad","houseNo":"26","showAs":"26th Seanad","uri":"https:\/\/data.oireachtas.ie\/ie\/oireachtas\/house\/seanad\/26"},"progressStage":1,"showAs":"First Stage","stageCompleted":true,"stageOutcome":null,"stageURI":"https:\/\/data.oireachtas.ie\/ie\/oireachtas\/def\/bill-stage\/1","uri":"https:\/\/data.oireachtas.ie\/ie\/oireachtas\/bill\/2024\/82\/stage\/seanad\/1"}},"originHouse":{"showAs":"Seanad \u00c9ireann","uri":"https:\/\/data.oireachtas.ie\/ie\/oireachtas\/def\/house\/seanad"},"originHouseURI":"https:\/\/data.oireachtas.ie\/ie\/oireachtas\/def\/house\/seanad","relatedDocs":[],"shortTitleEn":"Workplace Relations (Exemplary Damages, Unfair Dismissals and Other Provisions) Bill 2024","shortTitleGa":"An Bille um Chaidreamh san \u00c1it Oibre (Dam\u00e1ist\u00ed Eiseaml\u00e1ireacha, D\u00edfhost\u00fa \u00c9ag\u00f3rach agus For\u00e1lacha Eile), 2024 ","source":"Private Member","sourceURI":"https:\/\/data.oireachtas.ie\/ie\/oireachtas\/def\/bill-source\/private-member","sponsors":[{"sponsor":{"as":{"showAs":null,"uri":null},"by":{"showAs":"Mark Wall","uri":"https:\/\/data.oireachtas.ie\/ie\/oireachtas\/member\/id\/Mark-Wall.S.2020-03-30"},"isPrimary":false}},{"sponsor":{"as":{"showAs":null,"uri":null},"by":{"showAs":"Marie Sherlock","uri":"https:\/\/data.oireachtas.ie\/ie\/oireachtas\/member\/id\/Marie-Sherlock.S.2020-03-30"},"isPrimary":true}},{"sponsor":{"as":{"showAs":null,"uri":null},"by":{"showAs":"Annie Hoey","uri":"https:\/\/data.oireachtas.ie\/ie\/oireachtas\/member\/id\/Annie-Hoey.S.2020-03-30"},"isPrimary":false}},{"sponsor":{"as":{"showAs":null,"uri":null},"by":{"showAs":"Rebecca Moynihan","uri":"https:\/\/data.oireachtas.ie\/ie\/oireachtas\/member\/id\/Rebecca-Moynihan.S.2020-03-30"},"isPrimary":false}}],"stages":[{"event":{"chamber":{"chamberCode":"seanad","showAs":"Seanad \u00c9ireann","uri":"https:\/\/data.oireachtas.ie\/ie\/oireachtas\/def\/house\/seanad"},"dates":[{"date":"2024-10-08"}],"house":{"chamberCode":"seanad","chamberType":"house","houseCode":"seanad","houseNo":"26","showAs":"26th Seanad","uri":"https:\/\/data.oireachtas.ie\/ie\/oireachtas\/house\/seanad\/26"},"progressStage":1,"showAs":"First Stage","stageCompleted":true,"stageOutcome":null,"stageURI":"https:\/\/data.oireachtas.ie\/ie\/oireachtas\/def\/bill-stage\/1","uri":"https:\/\/data.oireachtas.ie\/ie\/oireachtas\/bill\/2024\/82\/stage\/seanad\/1"}}],"status":"Lapsed","statusURI":"https:\/\/data.oireachtas.ie\/ie\/oireachtas\/def\/bill-status\/lapsed","uri":"https:\/\/data.oireachtas.ie\/ie\/oireachtas\/bill\/2024\/82","versions":[{"version":{"date":"2024-10-08","docType":"bill","formats":{"pdf":{"uri":"https:\/\/data.oireachtas.ie\/ie\/oireachtas\/bill\/2024\/82\/eng\/initiated\/b8224s.pdf"},"xml":null},"lang":"eng","showAs":"As Initiated","uri":"https:\/\/data.oireachtas.ie\/ie\/oireachtas\/bill\/2024\/82\/eng\/initiated"}}]},"billSort":{"actNoSort":null,"actShortTitleEnSort":null,"actShortTitleGaSort":null,"actYearSort":null,"billNoSort":82,"billShortTitleEnSort":"workplace-relations-exemplary-damages-unfair-dismissals-and-other-provisions-bill-2024","billShortTitleGaSort":"an-bille-um-chaidreamh-san-ait-oibre-damaisti-eiseamlaireacha-difhostu-eagorach-agus-foralacha-eile-2024","billYearSort":2024},"contextDate":"2024-10-08"},{"bill":{"act":null,"amendmentLists":[],"billNo":"79","billType":"Public","billTypeURI":"https:\/\/data.oireachtas.ie\/ie\/oireachtas\/def\/bill-type\/public","billYear":"2024","debates":[{"chamber":{"showAs":"Seanad \u00c9ireann","uri":"https:\/\/data.oireachtas.ie\/ie\/oireachtas\/def\/house\/seanad"},"date":"2024-10-02","debateSectionId":"dbsect_8","showAs":"Transport (Vehicle Registration Plate Suppliers) Bill 2024: First Stage","uri":"https:\/\/data.oireachtas.ie\/akn\/ie\/debateRecord\/seanad\/2024-10-02\/debate\/main"}],"events":[{"event":{"chamber":{"chamberCode":"seanad","showAs":"Seanad \u00c9ireann","uri":"https:\/\/data.oireachtas.ie\/ie\/oireachtas\/def\/house\/seanad"},"dates":[{"date":"2025-01-29"}],"eventURI":"https:\/\/data.oireachtas.ie\/ie\/oireachtas\/def\/bill-event\/bill-lapsed","showAs":"Bill Lapsed","uri":"https:\/\/data.oireachtas.ie\/ie\/oireachtas\/bill\/2024\/79\/bill-lapsed"}},{"event":{"chamber":{"chamberCode":"dail","showAs":"D\u00e1il \u00c9ireann","uri":"https:\/\/data.oireachtas.ie\/ie\/oireachtas\/def\/house\/dail"},"dates":[{"date":"2024-09-24"},{"date":"2024-10-02"}],"eventURI":"https:\/\/data.oireachtas.ie\/ie\/oireachtas\/def\/bill-event\/admissibility-for-introduction","showAs":"Admissibility for Introduction","uri":"https:\/\/data.oireachtas.ie\/ie\/oireachtas\/bill\/2024\/79\/admissibility-for-introduction"}}],"lastUpdated":"2025-01-30T11:17:37.160000+00:00","longTitleEn":"<p>Bill entitled an Act to provide for the regulation of persons who manufacture, sell or otherwise supply vehicle registration plates and for that purpose to provide for the establishment by the Minister for Finance of a register of persons who manufacture for sale or supply, or who sell or supply, such plates and to provide for the keeping and maintaining of such register; to enable that Minister by regulations to require such persons to&nbsp; keep records of such manufacture, sale or supply in such manner as that Minister may prescribe by regulations; to provide for matters relating to an application for renewal of any registration under this Act; &nbsp;to exempt any such person or class of persons from keeping such records either generally or in respect of any class of business;&nbsp; to enable that Minister to make regulations so that the identification of&nbsp; the manufacturer or supplier of any vehicle registration plates can be determined from those plates; to provide for authorised officers;&nbsp; and to provide for related matters.<\/p>","longTitleGa":"<p>Bille d\u00e1 ngairtear Acht do dh\u00e9anamh socr\u00fa maidir le rial\u00e1il daoine a dh\u00e9anann pl\u00e1ta\u00ed cl\u00e1r\u00fach\u00e1in feithicle a mhonar\u00fa, a dh\u00edol n\u00f3 a shol\u00e1thar ar shl\u00ed eile agus, chun na cr\u00edche sin, do dh\u00e9anamh socr\u00fa maidir leis an Aire &nbsp;Airgeadais do bhun\u00fa cl\u00e1r de dhaoine a mhonara\u00edonn pl\u00e1ta\u00ed den s\u00f3rt sin lena nd\u00edol n\u00f3 lena sol\u00e1thar, n\u00f3 a dh\u00edolann n\u00f3 a shol\u00e1thra\u00edonn pl\u00e1ta\u00ed den s\u00f3rt sin agus do dh\u00e9anamh socr\u00fa maidir leis an gcl\u00e1r sin a choime\u00e1d agus a chothabh\u00e1il; d\u00e1 chumas\u00fa don Aire sin, le rialach\u00e1in, a cheangal ar dhaoine den s\u00f3rt sin taifid a choime\u00e1d, ar cib\u00e9 modh a fhorord\u00f3idh an tAire sin le rialach\u00e1in, ar an monar\u00fa, an d\u00edol n\u00f3 an sol\u00e1thar sin; do dh\u00e9anamh socr\u00fa maidir le nithe a bhaineann le hiarratas ar aon chl\u00e1r\u00fach\u00e1n a athnuachan faoin Acht seo; do dh\u00edolmh\u00fa aon duine n\u00f3 aon aicme daoine den s\u00f3rt sin \u00f3 thaifid den s\u00f3rt sin a choime\u00e1d i gcoitinne n\u00f3 i leith aon aicme gn\u00f3; d\u00e1 chumas\u00fa don Aire sin rialach\u00e1in a dh\u00e9anamh ionas gur f\u00e9idir c\u00e9annacht monar\u00f3ra n\u00f3 sol\u00e1thr\u00f3ra aon phl\u00e1ta\u00ed cl\u00e1r\u00fach\u00e1in feithicle a chinneadh \u00f3 na pl\u00e1ta\u00ed sin; do dh\u00e9anamh socr\u00fa maidir le hoifigigh \u00fadaraithe; agus do dh\u00e9anamh socr\u00fa i dtaobh nithe gaolmhara.<\/p>","method":"Introduced","methodURI":"https:\/\/data.oireachtas.ie\/ie\/oireachtas\/def\/bill-method\/introduced","mostRecentStage":{"event":{"chamber":{"chamberCode":"seanad","showAs":"Seanad \u00c9ireann","uri":"https:\/\/data.oireachtas.ie\/ie\/oireachtas\/def\/house\/seanad"},"dates":[{"date":"2024-10-02"}],"house":{"chamberCode":"seanad","chamberType":"house","houseCode":"seanad","houseNo":"26","showAs":"26th Seanad","uri":"https:\/\/data.oireachtas.ie\/ie\/oireachtas\/house\/seanad\/26"},"progressStage":1,"showAs":"First Stage","stageCompleted":true,"stageOutcome":null,"stageURI":"https:\/\/data.oireachtas.ie\/ie\/oireachtas\/def\/bill-stage\/1","uri":"https:\/\/data.oireachtas.ie\/ie\/oireachtas\/bill\/2024\/79\/stage\/seanad\/1"}},"originHouse":{"showAs":"Seanad \u00c9ireann","uri":"https:\/\/data.oireachtas.ie\/ie\/oireachtas\/def\/house\/seanad"},"originHouseURI":"https:\/\/data.oireachtas.ie\/ie\/oireachtas\/def\/house\/seanad","relatedDocs":[],"shortTitleEn":"Transport (Vehicle Registration Plate Suppliers) Bill 2024","shortTitleGa":"An Bille Iompair (Sol\u00e1thr\u00f3ir\u00ed Pl\u00e1ta\u00ed Cl\u00e1r\u00fach\u00e1in Feithicle), 2024","source":"Private Member","sourceURI":"https:\/\/data.oireachtas.ie\/ie\/oireachtas\/def\/bill-source\/private-member","sponsors":[{"sponsor":{"as":{"showAs":null,"uri":null},"by":{"showAs":"Vincent P. Martin","uri":"https:\/\/data.oireachtas.ie\/ie\/oireachtas\/member\/id\/Vincent-P-Martin.S.2020-06-29"},"isPrimary":true}}],"stages":[{"event":{"chamber":{"chamberCode":"seanad","showAs":"Seanad \u00c9ireann","uri":"https:\/\/data.oireachtas.ie\/ie\/oireachtas\/def\/house\/seanad"},"dates":[{"date":"2024-10-02"}],"house":{"chamberCode":"seanad","chamberType":"house","houseCode":"seanad","houseNo":"26","showAs":"26th Seanad","uri":"https:\/\/data.oireachtas.ie\/ie\/oireachtas\/house\/seanad\/26"},"progressStage":1,"showAs":"First Stage","stageCompleted":true,"stageOutcome":null,"stageURI":"https:\/\/data.oireachtas.ie\/ie\/oireachtas\/def\/bill-stage\/1","uri":"https:\/\/data.oireachtas.ie\/ie\/oireachtas\/bill\/2024\/79\/stage\/seanad\/1"}}],"status":"Lapsed","statusURI":"https:\/\/data.oireachtas.ie\/ie\/oireachtas\/def\/bill-status\/lapsed","uri":"https:\/\/data.oireachtas.ie\/ie\/oireachtas\/bill\/2024\/79","versions":[{"version":{"date":"2024-10-02","docType":"bill","formats":{"pdf":{"uri":"https:\/\/data.oireachtas.ie\/ie\/oireachtas\/bill\/2024\/79\/eng\/initiated\/b7924s.pdf"},"xml":null},"lang":"eng","showAs":"As Initiated","uri":"https:\/\/data.oireachtas.ie\/ie\/oireachtas\/bill\/2024\/79\/eng\/initiated"}}]},"billSort":{"actNoSort":null,"actShortTitleEnSort":null,"actShortTitleGaSort":null,"actYearSort":null,"billNoSort":79,"billShortTitleEnSort":"transport-vehicle-registration-plate-suppliers-bill-2024","billShortTitleGaSort":"an-bille-iompair-solathroiri-platai-claruchain-feithicle-2024","billYearSort":2024},"contextDate":"2024-10-02"},{"bill":{"act":{"actNo":"10","actYear":"2025","dateSigned":"2025-07-23","longTitleEn":"<p>An Act to provide for the revision of statute law by revoking, with the exception of certain instruments, every instrument made before 1 January 1861, to identify those instruments that are not being revoked by this Act, to assign citations to those instruments so as to facilitate their citation, to provide a means by which <i>prima facie<\/i> evidence of certain instruments may be given, and to provide for related matters.<\/p>","longTitleGa":"<p>Acht do dh\u00e9anamh socr\u00fa maidir leis an dl\u00ed reacht\u00fail a athch\u00f3iri\u00fa tr\u00ed gach ionstraim a rinneadh roimh an 1 Ean\u00e1ir 1861 a ch\u00falghairm, seachas ionstraim\u00ed \u00e1irithe, do shainaithint na n-ionstraim\u00ed sin nach bhfuil \u00e1 gc\u00falghairm leis an Acht seo, do shannadh luanna do na hionstraim\u00ed sin d\u2019fhonn a lua a \u00e9asc\u00fa, do shol\u00e1thar me\u00e1n tr\u00edna bhf\u00e9adfar fianaise <i>prima facie<\/i> ar ionstraim\u00ed \u00e1irithe a thabhairt, agus do dh\u00e9anamh socr\u00fa i dtaobh nithe gaolmhara.<\/p>","shortTitleEn":"Statute Law Revision Act 2025","shortTitleGa":"An tAcht um Athch\u00f3iri\u00fa an Dl\u00ed Reacht\u00fail, 2025","statutebookURI":"http:\/\/www.irishstatutebook.ie\/eli\/2025\/act\/10","uri":"https:\/\/data.oireachtas.ie\/ie\/oireachtas\/act\/2025\/10"},"amendmentLists":[{"amendmentList":{"amendmentTypeUri":{"uri":"https:\/\/data.oireachtas.ie\/ie\/oireachtas\/def\/amendment-type\/creamList"},"chamber":{"showAs":"Dail","uri":"https:\/\/data.oireachtas.ie\/ie\/oireachtas\/def\/dail"},"date":"2025-07-08","formats":{"pdf":{"uri":"https:\/\/data.oireachtas.ie\/ie\/oireachtas\/bill\/2024\/78\/dail\/6\/amendment\/creamList\/eng\/b78a24s-cl.pdf"},"xml":null},"showAs":"Cream List [D\u00e1il amendments to Seanad Bill]","stage":{"showAs":"Cream List","uri":"https:\/\/data.oireachtas.ie\/ie\/oireachtas\/bill\/2024\/78\/dail\/6"},"stageNo":"6"}},{"amendmentList":{"amendmentTypeUri":{"uri":"https:\/\/data.oireachtas.ie\/ie\/oireachtas\/def\/amendment-type\/numberedList"},"chamber":{"showAs":"Dail","uri":"https:\/\/data.oireachtas.ie\/ie\/oireachtas\/def\/dail"},"date":"2025-06-10","formats":{"pdf":{"uri":"https:\/\/data.oireachtas.ie\/ie\/oireachtas\/bill\/2024\/78\/dail\/3\/amendment\/numberedList\/eng\/b78a24d-dcnl.pdf"},"xml":null},"showAs":"Numbered List [D\u00e1il]","stage":{"showAs":"Committee Stage","uri":"https:\/\/data.oireachtas.ie\/ie\/oireachtas\/bill\/2024\/78\/dail\/3"},"stageNo":"3"}},{"amendmentList":{"amendmentTypeUri":{"uri":"https:\/\/data.oireachtas.ie\/ie\/oireachtas\/def\/amendment-type\/numberedList"},"chamber":{"showAs":"Seanad","uri":"https:\/\/data.oireachtas.ie\/ie\/oireachtas\/def\/seanad"},"date":"2025-03-06","formats":{"pdf":{"uri":"https:\/\/data.oireachtas.ie\/ie\/oireachtas\/bill\/2024\/78\/seanad\/4\/amendment\/numberedList\/eng\/b78a24d-srnl.pdf"},"xml":null},"showAs":"Numbered List [Seanad]","stage":{"showAs":"Report Stage","uri":"https:\/\/data.oireachtas.ie\/ie\/oireachtas\/bill\/2024\/78\/seanad\/4"},"stageNo":"4"}},{"amendmentList":{"amendmentTypeUri":{"uri":"https:\/\/data.oireachtas.ie\/ie\/oireachtas\/def\/amendment-type\/numberedList"},"chamber":{"showAs":"Seanad","uri":"https:\/\/data.oireachtas.ie\/ie\/oireachtas\/def\/seanad"},"date":"2025-02-27","formats":{"pdf":{"uri":"https:\/\/data.oireachtas.ie\/ie\/oireachtas\/bill\/2024\/78\/seanad\/3\/amendment\/numberedList\/eng\/b7824s-scnl.pdf"},"xml":null},"showAs":"Numbered List [Seanad]","stage":{"showAs":"Committee Stage","uri":"https:\/\/data.oireachtas.ie\/ie\/oireachtas\/bill\/2024\/78\/seanad\/3"},"stageNo":"3"}}],"billNo":"78","billType":"Public","billTypeURI":"https:\/\/data.oireachtas.ie\/ie\/oireachtas\/def\/bill-type\/public","billYear":"2024","debates":[{"chamber":{"showAs":"Seanad \u00c9ireann","uri":"https:\/\/data.oireachtas.ie\/ie\/oireachtas\/def\/house\/seanad"},"date":"2025-07-16","debateSectionId":"dbsect_15","showAs":"Statute Law Revision Bill 2024: [Seanad Bill amended by the D\u00e1il] Report and Final Stages","uri":"https:\/\/data.oireachtas.ie\/akn\/ie\/debateRecord\/seanad\/2025-07-16\/debate\/main"},{"chamber":{"showAs":"D\u00e1il \u00c9ireann","uri":"https:\/\/data.oireachtas.ie\/ie\/oireachtas\/def\/house\/dail"},"date":"2025-07-09","debateSectionId":"dbsect_31","showAs":"Statute Law Revision Bill 2024 [Seanad]: Report and Final Stages","uri":"https:\/\/data.oireachtas.ie\/akn\/ie\/debateRecord\/dail\/2025-07-09\/debate\/main"},{"chamber":{"showAs":"Select Committee on Finance, Public Expenditure, Public Service Reform and Digitalisation, and Taoiseach","uri":"https:\/\/data.oireachtas.ie\/ie\/oireachtas\/def\/committee"},"date":"2025-06-11","debateSectionId":"dbsect_2","showAs":"Statute Law Revision Bill 2024: Committee Stage","uri":"https:\/\/data.oireachtas.ie\/akn\/ie\/debateRecord\/select_committee_on_finance_public_expenditure_public_service_reform_and_digitalisation_and_taoiseach\/2025-06-11\/debate\/main"},{"chamber":{"showAs":"D\u00e1il \u00c9ireann","uri":"https:\/\/data.oireachtas.ie\/ie\/oireachtas\/def\/house\/dail"},"date":"2025-03-26","debateSectionId":"dbsect_13","showAs":"Statute Law Revision Bill 2024 [Seanad]: Second Stage","uri":"https:\/\/data.oireachtas.ie\/akn\/ie\/debateRecord\/dail\/2025-03-26\/debate\/main"},{"chamber":{"showAs":"Seanad \u00c9ireann","uri":"https:\/\/data.oireachtas.ie\/ie\/oireachtas\/def\/house\/seanad"},"date":"2025-03-06","debateSectionId":"dbsect_12","showAs":"Statute Law Revision Bill 2024: Report and Final Stages","uri":"https:\/\/data.oireachtas.ie\/akn\/ie\/debateRecord\/seanad\/2025-03-06\/debate\/main"},{"chamber":{"showAs":"Seanad \u00c9ireann","uri":"https:\/\/data.oireachtas.ie\/ie\/oireachtas\/def\/house\/seanad"},"date":"2025-02-27","debateSectionId":"dbsect_12","showAs":"Statute Law Revision Bill 2024: Committee Stage","uri":"https:\/\/data.oireachtas.ie\/akn\/ie\/debateRecord\/seanad\/2025-02-27\/debate\/main"},{"chamber":{"showAs":"Seanad \u00c9ireann","uri":"https:\/\/data.oireachtas.ie\/ie\/oireachtas\/def\/house\/seanad"},"date":"2024-10-23","debateSectionId":"dbsect_12","showAs":"Statute Law Revision Bill 2024: Order for Second Stage","uri":"https:\/\/data.oireachtas.ie\/akn\/ie\/debateRecord\/seanad\/2024-10-23\/debate\/main"},{"chamber":{"showAs":"Seanad \u00c9ireann","uri":"https:\/\/data.oireachtas.ie\/ie\/oireachtas\/def\/house\/seanad"},"date":"2024-10-23","debateSectionId":"dbsect_13","showAs":"Statute Law Revision Bill 2024: Second Stage","uri":"https:\/\/data.oireachtas.ie\/akn\/ie\/debateRecord\/seanad\/2024-10-23\/debate\/main"}],"events":[{"event":{"chamber":{"chamberCode":"seanad","showAs":"Seanad \u00c9ireann","uri":"https:\/\/data.oireachtas.ie\/ie\/oireachtas\/def\/house\/seanad"},"dates":[{"date":"2025-01-29"}],"eventURI":"https:\/\/data.oireachtas.ie\/ie\/oireachtas\/def\/bill-event\/bill-lapsed","showAs":"Bill Lapsed","uri":"https:\/\/data.oireachtas.ie\/ie\/oireachtas\/bill\/2024\/78\/bill-lapsed"}},{"event":{"chamber":{"chamberCode":"seanad","showAs":"Seanad \u00c9ireann","uri":"https:\/\/data.oireachtas.ie\/ie\/oireachtas\/def\/house\/seanad"},"dates":[{"date":"2024-10-03"},{"date":"2025-02-19"}],"eventURI":"https:\/\/data.oireachtas.ie\/ie\/oireachtas\/def\/bill-event\/bill-restored","showAs":"Bill Restored","uri":"https:\/\/data.oireachtas.ie\/ie\/oireachtas\/bill\/2024\/78\/bill-restored"}},{"event":{"chamber":null,"dates":[{"date":"2025-07-23"}],"eventURI":"https:\/\/data.oireachtas.ie\/ie\/oireachtas\/def\/bill-event\/enacted","showAs":"Enacted","uri":"https:\/\/data.oireachtas.ie\/ie\/oireachtas\/bill\/2024\/78\/enacted"}}],"lastUpdated":"2025-07-28T13:56:42.840000+00:00","longTitleEn":"<p>An Act to provide for the revision of statute law by revoking, with the exception of certain instruments, every instrument made before 1 January 1861, to identify those instruments that are not being revoked by this Act, to assign citations to those instruments so as to facilitate their citation, to provide a means by which <i>prima facie<\/i> evidence of certain instruments may be given, and to provide for related matters.<\/p>","longTitleGa":"<p>Acht do dh\u00e9anamh socr\u00fa maidir leis an dl\u00ed reacht\u00fail a athch\u00f3iri\u00fa tr\u00ed gach ionstraim a rinneadh roimh an 1 Ean\u00e1ir 1861 a ch\u00falghairm, seachas ionstraim\u00ed \u00e1irithe, do shainaithint na n-ionstraim\u00ed sin nach bhfuil \u00e1 gc\u00falghairm leis an Acht seo, do shannadh luanna do na hionstraim\u00ed sin d\u2019fhonn a lua a \u00e9asc\u00fa, do shol\u00e1thar me\u00e1n tr\u00edna bhf\u00e9adfar fianaise <i>prima facie<\/i> ar ionstraim\u00ed \u00e1irithe a thabhairt, agus do dh\u00e9anamh socr\u00fa i dtaobh nithe gaolmhara.<\/p>","method":"Presented","methodURI":"https:\/\/data.oireachtas.ie\/ie\/oireachtas\/def\/bill-method\/presented","mostRecentStage":{"event":{"chamber":null,"dates":[{"date":"2025-07-23"}],"house":null,"progressStage":11,"showAs":"Enacted","stageCompleted":true,"stageOutcome":"Enacted","stageURI":"https:\/\/data.oireachtas.ie\/ie\/oireachtas\/def\/bill-stage\/enacted","uri":"https:\/\/data.oireachtas.ie\/ie\/oireachtas\/bill\/2024\/78\/stage\/oireachtas\/enacted"}},"originHouse":{"showAs":"Seanad \u00c9ireann","uri":"https:\/\/data.oireachtas.ie\/ie\/oireachtas\/def\/house\/seanad"},"originHouseURI":"https:\/\/data.oireachtas.ie\/ie\/oireachtas\/def\/house\/seanad","relatedDocs":[{"relatedDoc":{"date":"2025-03-25","docType":"gluais","formats":{"pdf":{"uri":"https:\/\/data.oireachtas.ie\/ie\/oireachtas\/bill\/2024\/78\/mul\/gluais\/gluais-03-2025-an-bille-um-athchoiriu-an-dli-reachtuil-2024.pdf"},"xml":null},"lang":"mul","showAs":"Glossary\/Gluais","uri":"https:\/\/data.oireachtas.ie\/ie\/oireachtas\/bill\/2024\/78\/mul\/gluais"}},{"relatedDoc":{"date":"2024-10-03","docType":"memo","formats":{"pdf":{"uri":"https:\/\/data.oireachtas.ie\/ie\/oireachtas\/bill\/2024\/78\/eng\/memo\/b7824s-memo.pdf"},"xml":null},"lang":"eng","showAs":"Explanatory Memorandum","uri":"https:\/\/data.oireachtas.ie\/ie\/oireachtas\/bill\/2024\/78\/eng\/memo"}}],"shortTitleEn":"Statute Law Revision Bill 2024","shortTitleGa":"An Bille um Athch\u00f3iri\u00fa an Dl\u00ed Reacht\u00fail, 2024","source":"Government","sourceURI":"https:\/\/data.oireachtas.ie\/ie\/oireachtas\/def\/bill-source\/government","sponsors":[{"sponsor":{"as":{"showAs":"Minister for Public Expenditure, National Development Plan Delivery and Reform","uri":null},"by":{"showAs":null,"uri":null},"isPrimary":true}}],"stages":[{"event":{"chamber":{"chamberCode":"seanad","showAs":"Seanad \u00c9ireann","uri":"https:\/\/data.oireachtas.ie\/ie\/oireachtas\/def\/house\/seanad"},"dates":[{"date":"2024-10-03"}],"house":{"chamberCode":"seanad","chamberType":"house","houseCode":"seanad","houseNo":"26","showAs":"26th Seanad","uri":"https:\/\/data.oireachtas.ie\/ie\/oireachtas\/house\/seanad\/26"},"progressStage":1,"showAs":"First Stage","stageCompleted":true,"stageOutcome":null,"stageURI":"https:\/\/data.oireachtas.ie\/ie\/oireachtas\/def\/bill-stage\/1","uri":"https:\/\/data.oireachtas.ie\/ie\/oireachtas\/bill\/2024\/78\/stage\/seanad\/1"}},{"event":{"chamber":{"chamberCode":"seanad","showAs":"Seanad \u00c9ireann","uri":"https:\/\/data.oireachtas.ie\/ie\/oireachtas\/def\/house\/seanad"},"dates":[{"date":"2024-10-23"}],"house":{"chamberCode":"seanad","chamberType":"house","houseCode":"seanad","houseNo":"26","showAs":"26th Seanad","uri":"https:\/\/data.oireachtas.ie\/ie\/oireachtas\/house\/seanad\/26"},"progressStage":2,"showAs":"Second Stage","stageCompleted":true,"stageOutcome":null,"stageURI":"https:\/\/data.oireachtas.ie\/ie\/oireachtas\/def\/bill-stage\/2","uri":"https:\/\/data.oireachtas.ie\/ie\/oireachtas\/bill\/2024\/78\/stage\/seanad\/2"}},{"event":{"chamber":{"chamberCode":"seanad","showAs":"Seanad \u00c9ireann","uri":"https:\/\/data.oireachtas.ie\/ie\/oireachtas\/def\/house\/seanad"},"dates":[{"date":"2025-02-27"},{"date":"2025-02-27"},{"date":"2025-02-27"}],"house":{"chamberCode":"seanad","chamberType":"house","houseCode":"seanad","houseNo":"27","showAs":"27th Seanad","uri":"https:\/\/data.oireachtas.ie\/ie\/oireachtas\/house\/seanad\/27"},"progressStage":3,"showAs":"Committee Stage","stageCompleted":true,"stageOutcome":null,"stageURI":"https:\/\/data.oireachtas.ie\/ie\/oireachtas\/def\/bill-stage\/3","uri":"https:\/\/data.oireachtas.ie\/ie\/oireachtas\/bill\/2024\/78\/stage\/seanad\/3"}},{"event":{"chamber":{"chamberCode":"seanad","showAs":"Seanad \u00c9ireann","uri":"https:\/\/data.oireachtas.ie\/ie\/oireachtas\/def\/house\/seanad"},"dates":[{"date":"2025-03-06"}],"house":{"chamberCode":"seanad","chamberType":"house","houseCode":"seanad","houseNo":"27","showAs":"27th Seanad","uri":"https:\/\/data.oireachtas.ie\/ie\/oireachtas\/house\/seanad\/27"},"progressStage":4,"showAs":"Report Stage","stageCompleted":true,"stageOutcome":null,"stageURI":"https:\/\/data.oireachtas.ie\/ie\/oireachtas\/def\/bill-stage\/4","uri":"https:\/\/data.oireachtas.ie\/ie\/oireachtas\/bill\/2024\/78\/stage\/seanad\/4"}},{"event":{"chamber":{"chamberCode":"seanad","showAs":"Seanad \u00c9ireann","uri":"https:\/\/data.oireachtas.ie\/ie\/oireachtas\/def\/house\/seanad"},"dates":[{"date":"2025-03-06"}],"house":{"chamberCode":"seanad","chamberType":"house","houseCode":"seanad","houseNo":"27","showAs":"27th Seanad","uri":"https:\/\/data.oireachtas.ie\/ie\/oireachtas\/house\/seanad\/27"},"progressStage":5,"showAs":"Fifth Stage","stageCompleted":true,"stageOutcome":null,"stageURI":"https:\/\/data.oireachtas.ie\/ie\/oireachtas\/def\/bill-stage\/5","uri":"https:\/\/data.oireachtas.ie\/ie\/oireachtas\/bill\/2024\/78\/stage\/seanad\/5"}},{"event":{"chamber":{"chamberCode":"dail","showAs":"D\u00e1il \u00c9ireann","uri":"https:\/\/data.oireachtas.ie\/ie\/oireachtas\/def\/house\/dail"},"dates":[{"date":"2025-03-06"}],"house":{"chamberCode":"dail","chamberType":"house","houseCode":"dail","houseNo":"34","showAs":"34th D\u00e1il","uri":"https:\/\/data.oireachtas.ie\/ie\/oireachtas\/house\/dail\/34"},"progressStage":6,"showAs":"Second Stage","stageCompleted":true,"stageOutcome":null,"stageURI":"https:\/\/data.oireachtas.ie\/ie\/oireachtas\/def\/bill-stage\/2","uri":"https:\/\/data.oireachtas.ie\/ie\/oireachtas\/bill\/2024\/78\/stage\/dail\/2"}},{"event":{"chamber":{"chamberCode":"dail","showAs":"D\u00e1il \u00c9ireann","uri":"https:\/\/data.oireachtas.ie\/ie\/oireachtas\/def\/house\/dail"},"dates":[{"date":"2025-06-11"}],"house":{"chamberCode":"dail","chamberType":"house","houseCode":"dail","houseNo":"34","showAs":"34th D\u00e1il","uri":"https:\/\/data.oireachtas.ie\/ie\/oireachtas\/house\/dail\/34"},"progressStage":7,"showAs":"Committee Stage","stageCompleted":true,"stageOutcome":null,"stageURI":"https:\/\/data.oireachtas.ie\/ie\/oireachtas\/def\/bill-stage\/3","uri":"https:\/\/data.oireachtas.ie\/ie\/oireachtas\/bill\/2024\/78\/stage\/dail\/3"}},{"event":{"chamber":{"chamberCode":"dail","showAs":"D\u00e1il \u00c9ireann","uri":"https:\/\/data.oireachtas.ie\/ie\/oireachtas\/def\/house\/dail"},"dates":[{"date":"2025-07-09"}],"house":{"chamberCode":"dail","chamberType":"house","houseCode":"dail","houseNo":"34","showAs":"34th D\u00e1il","uri":"https:\/\/data.oireachtas.ie\/ie\/oireachtas\/house\/dail\/34"},"progressStage":8,"showAs":"Report Stage","stageCompleted":true,"stageOutcome":null,"stageURI":"https:\/\/data.oireachtas.ie\/ie\/oireachtas\/def\/bill-stage\/4","uri":"https:\/\/data.oireachtas.ie\/ie\/oireachtas\/bill\/2024\/78\/stage\/dail\/4"}},{"event":{"chamber":{"chamberCode":"dail","showAs":"D\u00e1il \u00c9ireann","uri":"https:\/\/data.oireachtas.ie\/ie\/oireachtas\/def\/house\/dail"},"dates":[{"date":"2025-07-09"}],"house":{"chamberCode":"dail","chamberType":"house","houseCode":"dail","houseNo":"34","showAs":"34th D\u00e1il","uri":"https:\/\/data.oireachtas.ie\/ie\/oireachtas\/house\/dail\/34"},"progressStage":9,"showAs":"Fifth Stage","stageCompleted":true,"stageOutcome":null,"stageURI":"https:\/\/data.oireachtas.ie\/ie\/oireachtas\/def\/bill-stage\/5","uri":"https:\/\/data.oireachtas.ie\/ie\/oireachtas\/bill\/2024\/78\/stage\/dail\/5"}},{"event":{"chamber":{"chamberCode":"seanad","showAs":"Seanad \u00c9ireann","uri":"https:\/\/data.oireachtas.ie\/ie\/oireachtas\/def\/house\/seanad"},"dates":[{"date":"2025-07-16"}],"house":{"chamberCode":"seanad","chamberType":"house","houseCode":"seanad","houseNo":"27","showAs":"27th Seanad","uri":"https:\/\/data.oireachtas.ie\/ie\/oireachtas\/house\/seanad\/27"},"progressStage":10,"showAs":"Cream List","stageCompleted":true,"stageOutcome":null,"stageURI":"https:\/\/data.oireachtas.ie\/ie\/oireachtas\/def\/bill-stage\/6","uri":"https:\/\/data.oireachtas.ie\/ie\/oireachtas\/bill\/2024\/78\/stage\/seanad\/6"}},{"event":{"chamber":null,"dates":[{"date":"2025-07-23"}],"house":null,"progressStage":11,"showAs":"Enacted","stageCompleted":true,"stageOutcome":"Enacted","stageURI":"https:\/\/data.oireachtas.ie\/ie\/oireachtas\/def\/bill-stage\/enacted","uri":"https:\/\/data.oireachtas.ie\/ie\/oireachtas\/bill\/2024\/78\/stage\/oireachtas\/enacted"}}],"status":"Enacted","statusURI":"https:\/\/data.oireachtas.ie\/ie\/oireachtas\/def\/bill-status\/enacted","uri":"https:\/\/data.oireachtas.ie\/ie\/oireachtas\/bill\/2024\/78","versions":[{"version":{"date":"2025-07-23","docType":"act","formats":{"pdf":{"uri":"https:\/\/data.oireachtas.ie\/ie\/oireachtas\/act\/2025\/10\/eng\/enacted\/a1025.pdf"},"xml":null},"lang":"eng","showAs":"Statute Law Revision Act 2025","uri":"https:\/\/data.oireachtas.ie\/ie\/oireachtas\/act\/2025\/10\/eng\/enacted"}},{"version":{"date":"2025-06-11","docType":"bill","formats":{"pdf":{"uri":"https:\/\/data.oireachtas.ie\/ie\/oireachtas\/bill\/2024\/78\/eng\/ver_b\/b78b24s.pdf"},"xml":null},"lang":"eng","showAs":"As amended in Committee\/Select Committee [D\u00e1il \u00c9ireann]","uri":"https:\/\/data.oireachtas.ie\/ie\/oireachtas\/bill\/2024\/78\/eng\/ver_b"}},{"version":{"date":"2025-02-27","docType":"bill","formats":{"pdf":{"uri":"https:\/\/data.oireachtas.ie\/ie\/oireachtas\/bill\/2024\/78\/eng\/ver_a\/b78a24s.pdf"},"xml":null},"lang":"eng","showAs":"As amended in Committee [Seanad \u00c9ireann]","uri":"https:\/\/data.oireachtas.ie\/ie\/oireachtas\/bill\/2024\/78\/eng\/ver_a"}},{"version":{"date":"2024-10-03","docType":"bill","formats":{"pdf":{"uri":"https:\/\/data.oireachtas.ie\/ie\/oireachtas\/bill\/2024\/78\/eng\/initiated\/b7824s.pdf"},"xml":null},"lang":"eng","showAs":"As Initiated","uri":"https:\/\/data.oireachtas.ie\/ie\/oireachtas\/bill\/2024\/78\/eng\/initiated"}}]},"billSort":{"actNoSort":10,"actShortTitleEnSort":"statute-law-revision-act-2025","actShortTitleGaSort":"an-tacht-um-athchoiriu-an-dli-reachtuil-2025","actYearSort":2025,"billNoSort":78,"billShortTitleEnSort":"statute-law-revision-bill-2024","billShortTitleGaSort":"an-bille-um-athchoiriu-an-dli-reachtuil-2024","billYearSort":2024},"contextDate":"2025-07-23"},{"bill":{"act":{"actNo":"1","actYear":"2026","dateSigned":"2026-02-03","longTitleEn":"<p>Act to provide for the establishment of a body to be known as An tSeirbh\u00eds um Athbhreithni\u00fa Creidmheasa and to provide for its functions; to provide for the review by that body of certain credit decisions; to provide for the appointment of a chief executive officer of that body to be known as the Credit Reviewer; to provide for the repeal of section 210 of the National Asset Management Agency Act 2009 and the revocation of guidelines issued under that section; for those purposes to provide for consequential amendments of other enactments; and to provide for related matters.<\/p>","longTitleGa":"<p>Acht do dh\u00e9anamh socr\u00fa maidir le comhlacht a bhun\u00fa ar a dtabharfar an tSeirbh\u00eds um Athbhreithni\u00fa Creidmheasa agus do dh\u00e9anamh socr\u00fa maidir lena feidhmeanna; do dh\u00e9anamh socr\u00fa maidir leis an gcomhlacht sin d\u2019athbhreithni\u00fa breitheanna creidmheasa \u00e1irithe; do dh\u00e9anamh socr\u00fa maidir le pr\u00edomh-oifigeach feidhmi\u00fach\u00e1in, ar a dtabharfar an tAthbhreithnitheoir Creidmheasa, a cheapadh ar an gcomhlacht sin; do dh\u00e9anamh socr\u00fa chun alt 210 den Acht f\u00e1n nGn\u00edomhaireacht N\u00e1isi\u00fanta um Bainist\u00edocht S\u00f3cmhainn\u00ed, 2009 a aisghairm agus chun treoirl\u00ednte arna n-eisi\u00faint faoin alt sin a ch\u00falghairm; chun na gcr\u00edoch sin, do dh\u00e9anamh socr\u00fa maidir le leasuithe iarmhartacha ar achtach\u00e1in eile; agus do dh\u00e9anamh socr\u00fa i dtaobh nithe gaolmhara.<\/p>","shortTitleEn":"Credit Review Act 2026","shortTitleGa":"An tAcht um Athbhreithni\u00fa Creidmheasa, 2026","statutebookURI":"http:\/\/www.irishstatutebook.ie\/eli\/2026\/act\/1","uri":"https:\/\/data.oireachtas.ie\/ie\/oireachtas\/act\/2026\/1"},"amendmentLists":[{"amendmentList":{"amendmentTypeUri":{"uri":"https:\/\/data.oireachtas.ie\/ie\/oireachtas\/def\/amendment-type\/numberedList"},"chamber":{"showAs":"Dail","uri":"https:\/\/data.oireachtas.ie\/ie\/oireachtas\/def\/dail"},"date":"2025-11-25","formats":{"pdf":{"uri":"https:\/\/data.oireachtas.ie\/ie\/oireachtas\/bill\/2024\/76\/dail\/3\/amendment\/numberedList\/eng\/b7624d-dcnl.pdf"},"xml":null},"showAs":"Numbered List [D\u00e1il]","stage":{"showAs":"Committee Stage","uri":"https:\/\/data.oireachtas.ie\/ie\/oireachtas\/bill\/2024\/76\/dail\/3"},"stageNo":"3"}}],"billNo":"76","billType":"Public","billTypeURI":"https:\/\/data.oireachtas.ie\/ie\/oireachtas\/def\/bill-type\/public","billYear":"2024","debates":[{"chamber":{"showAs":"Seanad \u00c9ireann","uri":"https:\/\/data.oireachtas.ie\/ie\/oireachtas\/def\/house\/seanad"},"date":"2026-01-27","debateSectionId":"dbsect_11","showAs":"Credit Review Bill 2024: Committee and Remaining Stages","uri":"https:\/\/data.oireachtas.ie\/akn\/ie\/debateRecord\/seanad\/2026-01-27\/debate\/main"},{"chamber":{"showAs":"Seanad \u00c9ireann","uri":"https:\/\/data.oireachtas.ie\/ie\/oireachtas\/def\/house\/seanad"},"date":"2026-01-21","debateSectionId":"dbsect_12","showAs":"Credit Review Bill 2024: Second Stage","uri":"https:\/\/data.oireachtas.ie\/akn\/ie\/debateRecord\/seanad\/2026-01-21\/debate\/main"},{"chamber":{"showAs":"D\u00e1il \u00c9ireann","uri":"https:\/\/data.oireachtas.ie\/ie\/oireachtas\/def\/house\/dail"},"date":"2025-12-17","debateSectionId":"dbsect_17","showAs":"Credit Review Bill 2024: Report and Final Stages","uri":"https:\/\/data.oireachtas.ie\/akn\/ie\/debateRecord\/dail\/2025-12-17\/debate\/main"},{"chamber":{"showAs":"Select Committee on Finance, Public Expenditure, Public Service Reform and Digitalisation, and Taoiseach","uri":"https:\/\/data.oireachtas.ie\/ie\/oireachtas\/def\/committee"},"date":"2025-11-26","debateSectionId":"dbsect_9","showAs":"Credit Review Bill 2024: Committee Stage","uri":"https:\/\/data.oireachtas.ie\/akn\/ie\/debateRecord\/select_committee_on_finance_public_expenditure_public_service_reform_and_digitalisation_and_taoiseach\/2025-11-26\/debate\/main"},{"chamber":{"showAs":"D\u00e1il \u00c9ireann","uri":"https:\/\/data.oireachtas.ie\/ie\/oireachtas\/def\/house\/dail"},"date":"2024-11-07","debateSectionId":"dbsect_11","showAs":"Credit Review Bill 2024: Second Stage","uri":"https:\/\/data.oireachtas.ie\/akn\/ie\/debateRecord\/dail\/2024-11-07\/debate\/main"},{"chamber":{"showAs":"D\u00e1il \u00c9ireann","uri":"https:\/\/data.oireachtas.ie\/ie\/oireachtas\/def\/house\/dail"},"date":"2024-11-07","debateSectionId":"dbsect_12","showAs":"Credit Review Bill 2024: Referral to Select Committee","uri":"https:\/\/data.oireachtas.ie\/akn\/ie\/debateRecord\/dail\/2024-11-07\/debate\/main"}],"events":[{"event":{"chamber":{"chamberCode":"dail","showAs":"D\u00e1il \u00c9ireann","uri":"https:\/\/data.oireachtas.ie\/ie\/oireachtas\/def\/house\/dail"},"dates":[{"date":"2024-10-01"},{"date":"2025-02-05"},{"date":"2026-02-03"}],"eventURI":"https:\/\/data.oireachtas.ie\/ie\/oireachtas\/def\/bill-event\/published","showAs":"Published","uri":"https:\/\/data.oireachtas.ie\/ie\/oireachtas\/bill\/2024\/76\/published"}},{"event":{"chamber":{"chamberCode":"dail","showAs":"D\u00e1il \u00c9ireann","uri":"https:\/\/data.oireachtas.ie\/ie\/oireachtas\/def\/house\/dail"},"dates":[{"date":"2024-11-08"}],"eventURI":"https:\/\/data.oireachtas.ie\/ie\/oireachtas\/def\/bill-event\/bill-lapsed","showAs":"Bill Lapsed","uri":"https:\/\/data.oireachtas.ie\/ie\/oireachtas\/bill\/2024\/76\/bill-lapsed"}},{"event":{"chamber":null,"dates":[{"date":"2026-02-03"}],"eventURI":"https:\/\/data.oireachtas.ie\/ie\/oireachtas\/def\/bill-event\/enacted","showAs":"Enacted","uri":"https:\/\/data.oireachtas.ie\/ie\/oireachtas\/bill\/2024\/76\/enacted"}}],"lastUpdated":"2026-02-11T11:42:12.090000+00:00","longTitleEn":"<p>Bill entitled an Act to provide for the establishment of a body to be known as An tSeirbh\u00eds um Athbhreithni\u00fa Creidmheasa and to provide for its functions; to provide for the review by that body of certain credit decisions; to provide for the appointment of a chief executive officer of that body to be known as the Credit Reviewer; to provide for the repeal of section 210 of the National Asset Management Agency Act 2009 and the revocation of guidelines issued under that section; for those purposes to provide for consequential amendments of other enactments; and to provide for related matters.<\/p>","longTitleGa":"<p>Bille d\u00e1 ngairtear Acht do dh\u00e9anamh socr\u00fa maidir le comhlacht a bhun\u00fa ar a dtabharfar an tSeirbh\u00eds um Athbhreithni\u00fa Creidmheasa agus do dh\u00e9anamh socr\u00fa maidir lena feidhmeanna; do dh\u00e9anamh socr\u00fa maidir leis an gcomhlacht sin d\u2019athbhreithni\u00fa breitheanna creidmheasa \u00e1irithe; do dh\u00e9anamh socr\u00fa maidir le pr\u00edomh-oifigeach feidhmi\u00fach\u00e1in, ar a dtabharfar an tAthbhreithnitheoir Creidmheasa, a cheapadh ar an gcomhlacht sin; do dh\u00e9anamh socr\u00fa chun alt 210 den Acht f\u00e1n nGn\u00edomhaireacht N\u00e1isi\u00fanta um Bainist\u00edocht S\u00f3cmhainn\u00ed, 2009 a aisghairm agus chun treoirl\u00ednte arna n-eisi\u00faint faoin alt sin a ch\u00falghairm; chun na gcr\u00edoch sin, do dh\u00e9anamh socr\u00fa maidir le leasuithe iarmhartacha ar achtach\u00e1in eile; agus do dh\u00e9anamh socr\u00fa i dtaobh nithe gaolmhara.<\/p>","method":"Presented","methodURI":"https:\/\/data.oireachtas.ie\/ie\/oireachtas\/def\/bill-method\/presented","mostRecentStage":{"event":{"chamber":null,"dates":[{"date":"2026-02-03"}],"house":null,"progressStage":10,"showAs":"Enacted","stageCompleted":true,"stageOutcome":"Enacted","stageURI":"https:\/\/data.oireachtas.ie\/ie\/oireachtas\/def\/bill-stage\/enacted","uri":"https:\/\/data.oireachtas.ie\/ie\/oireachtas\/bill\/2024\/76\/stage\/oireachtas\/enacted"}},"originHouse":{"showAs":"D\u00e1il \u00c9ireann","uri":"https:\/\/data.oireachtas.ie\/ie\/oireachtas\/def\/house\/dail"},"originHouseURI":"https:\/\/data.oireachtas.ie\/ie\/oireachtas\/def\/house\/dail","relatedDocs":[{"relatedDoc":{"date":"2024-10-01","docType":"memo","formats":{"pdf":{"uri":"https:\/\/data.oireachtas.ie\/ie\/oireachtas\/bill\/2024\/76\/eng\/memo\/b7624d-memo.pdf"},"xml":null},"lang":"eng","showAs":"Explanatory Memorandum","uri":"https:\/\/data.oireachtas.ie\/ie\/oireachtas\/bill\/2024\/76\/eng\/memo"}}],"shortTitleEn":"Credit Review Bill 2024","shortTitleGa":"An Bille um Athbhreithni\u00fa Creidmheasa, 2024","source":"Government","sourceURI":"https:\/\/data.oireachtas.ie\/ie\/oireachtas\/def\/bill-source\/government","sponsors":[{"sponsor":{"isPrimary":true,"as":{"showAs":"Minister for Finance","uri":null},"by":{"showAs":null,"uri":null}}}],"stages":[{"event":{"chamber":{"chamberCode":"dail","showAs":"D\u00e1il \u00c9ireann","uri":"https:\/\/data.oireachtas.ie\/ie\/oireachtas\/def\/house\/dail"},"dates":[{"date":"2024-10-01"},{"date":"2024-10-01"}],"house":{"chamberCode":"dail","chamberType":"house","houseCode":"dail","houseNo":"33","showAs":"33rd D\u00e1il","uri":"https:\/\/data.oireachtas.ie\/ie\/oireachtas\/house\/dail\/33"},"progressStage":1,"showAs":"First Stage","stageCompleted":true,"stageOutcome":null,"stageURI":"https:\/\/data.oireachtas.ie\/ie\/oireachtas\/def\/bill-stage\/1","uri":"https:\/\/data.oireachtas.ie\/ie\/oireachtas\/bill\/2024\/76\/stage\/dail\/1"}},{"event":{"chamber":{"chamberCode":"dail","showAs":"D\u00e1il \u00c9ireann","uri":"https:\/\/data.oireachtas.ie\/ie\/oireachtas\/def\/house\/dail"},"dates":[{"date":"2024-10-01"}],"house":{"chamberCode":"dail","chamberType":"house","houseCode":"dail","houseNo":"33","showAs":"33rd D\u00e1il","uri":"https:\/\/data.oireachtas.ie\/ie\/oireachtas\/house\/dail\/33"},"progressStage":2,"showAs":"Second Stage","stageCompleted":true,"stageOutcome":null,"stageURI":"https:\/\/data.oireachtas.ie\/ie\/oireachtas\/def\/bill-stage\/2","uri":"https:\/\/data.oireachtas.ie\/ie\/oireachtas\/bill\/2024\/76\/stage\/dail\/2"}},{"event":{"chamber":{"chamberCode":"dail","showAs":"D\u00e1il \u00c9ireann","uri":"https:\/\/data.oireachtas.ie\/ie\/oireachtas\/def\/house\/dail"},"dates":[{"date":"2024-11-07"},{"date":"2024-11-07"},{"date":"2024-11-07"}],"house":{"chamberCode":"dail","chamberType":"house","houseCode":"dail","houseNo":"33","showAs":"33rd D\u00e1il","uri":"https:\/\/data.oireachtas.ie\/ie\/oireachtas\/house\/dail\/33"},"progressStage":3,"showAs":"Committee Stage","stageCompleted":true,"stageOutcome":null,"stageURI":"https:\/\/data.oireachtas.ie\/ie\/oireachtas\/def\/bill-stage\/3","uri":"https:\/\/data.oireachtas.ie\/ie\/oireachtas\/bill\/2024\/76\/stage\/dail\/3"}},{"event":{"chamber":{"chamberCode":"dail","showAs":"D\u00e1il \u00c9ireann","uri":"https:\/\/data.oireachtas.ie\/ie\/oireachtas\/def\/house\/dail"},"dates":[{"date":"2025-12-17"}],"house":{"chamberCode":"dail","chamberType":"house","houseCode":"dail","houseNo":"34","showAs":"34th D\u00e1il","uri":"https:\/\/data.oireachtas.ie\/ie\/oireachtas\/house\/dail\/34"},"progressStage":4,"showAs":"Report Stage","stageCompleted":true,"stageOutcome":null,"stageURI":"https:\/\/data.oireachtas.ie\/ie\/oireachtas\/def\/bill-stage\/4","uri":"https:\/\/data.oireachtas.ie\/ie\/oireachtas\/bill\/2024\/76\/stage\/dail\/4"}},{"event":{"chamber":{"chamberCode":"dail","showAs":"D\u00e1il \u00c9ireann","uri":"https:\/\/data.oireachtas.ie\/ie\/oireachtas\/def\/house\/dail"},"dates":[{"date":"2025-12-17"}],"house":{"chamberCode":"dail","chamberType":"house","houseCode":"dail","houseNo":"34","showAs":"34th D\u00e1il","uri":"https:\/\/data.oireachtas.ie\/ie\/oireachtas\/house\/dail\/34"},"progressStage":5,"showAs":"Fifth Stage","stageCompleted":true,"stageOutcome":null,"stageURI":"https:\/\/data.oireachtas.ie\/ie\/oireachtas\/def\/bill-stage\/5","uri":"https:\/\/data.oireachtas.ie\/ie\/oireachtas\/bill\/2024\/76\/stage\/dail\/5"}},{"event":{"chamber":{"chamberCode":"seanad","showAs":"Seanad \u00c9ireann","uri":"https:\/\/data.oireachtas.ie\/ie\/oireachtas\/def\/house\/seanad"},"dates":[{"date":"2026-01-21"}],"house":{"chamberCode":"seanad","chamberType":"house","houseCode":"seanad","houseNo":"27","showAs":"27th Seanad","uri":"https:\/\/data.oireachtas.ie\/ie\/oireachtas\/house\/seanad\/27"},"progressStage":6,"showAs":"Second Stage","stageCompleted":true,"stageOutcome":null,"stageURI":"https:\/\/data.oireachtas.ie\/ie\/oireachtas\/def\/bill-stage\/2","uri":"https:\/\/data.oireachtas.ie\/ie\/oireachtas\/bill\/2024\/76\/stage\/seanad\/2"}},{"event":{"chamber":{"chamberCode":"seanad","showAs":"Seanad \u00c9ireann","uri":"https:\/\/data.oireachtas.ie\/ie\/oireachtas\/def\/house\/seanad"},"dates":[{"date":"2026-01-21"}],"house":{"chamberCode":"seanad","chamberType":"house","houseCode":"seanad","houseNo":"27","showAs":"27th Seanad","uri":"https:\/\/data.oireachtas.ie\/ie\/oireachtas\/house\/seanad\/27"},"progressStage":7,"showAs":"Committee Stage","stageCompleted":true,"stageOutcome":null,"stageURI":"https:\/\/data.oireachtas.ie\/ie\/oireachtas\/def\/bill-stage\/3","uri":"https:\/\/data.oireachtas.ie\/ie\/oireachtas\/bill\/2024\/76\/stage\/seanad\/3"}},{"event":{"chamber":{"chamberCode":"seanad","showAs":"Seanad \u00c9ireann","uri":"https:\/\/data.oireachtas.ie\/ie\/oireachtas\/def\/house\/seanad"},"dates":[{"date":"2026-01-27"}],"house":{"chamberCode":"seanad","chamberType":"house","houseCode":"seanad","houseNo":"27","showAs":"27th Seanad","uri":"https:\/\/data.oireachtas.ie\/ie\/oireachtas\/house\/seanad\/27"},"progressStage":8,"showAs":"Report Stage","stageCompleted":true,"stageOutcome":null,"stageURI":"https:\/\/data.oireachtas.ie\/ie\/oireachtas\/def\/bill-stage\/4","uri":"https:\/\/data.oireachtas.ie\/ie\/oireachtas\/bill\/2024\/76\/stage\/seanad\/4"}},{"event":{"chamber":{"chamberCode":"seanad","showAs":"Seanad \u00c9ireann","uri":"https:\/\/data.oireachtas.ie\/ie\/oireachtas\/def\/house\/seanad"},"dates":[{"date":"2026-01-27"}],"house":{"chamberCode":"seanad","chamberType":"house","houseCode":"seanad","houseNo":"27","showAs":"27th Seanad","uri":"https:\/\/data.oireachtas.ie\/ie\/oireachtas\/house\/seanad\/27"},"progressStage":9,"showAs":"Fifth Stage","stageCompleted":true,"stageOutcome":null,"stageURI":"https:\/\/data.oireachtas.ie\/ie\/oireachtas\/def\/bill-stage\/5","uri":"https:\/\/data.oireachtas.ie\/ie\/oireachtas\/bill\/2024\/76\/stage\/seanad\/5"}},{"event":{"chamber":null,"dates":[{"date":"2026-02-03"}],"house":null,"progressStage":10,"showAs":"Enacted","stageCompleted":true,"stageOutcome":"Enacted","stageURI":"https:\/\/data.oireachtas.ie\/ie\/oireachtas\/def\/bill-stage\/enacted","uri":"https:\/\/data.oireachtas.ie\/ie\/oireachtas\/bill\/2024\/76\/stage\/oireachtas\/enacted"}}],"status":"Enacted","statusURI":"https:\/\/data.oireachtas.ie\/ie\/oireachtas\/def\/bill-status\/enacted","uri":"https:\/\/data.oireachtas.ie\/ie\/oireachtas\/bill\/2024\/76","versions":[{"version":{"lang":"eng","docType":"act","showAs":"Credit Review Act 2026","date":"2026-02-03","formats":{"pdf":{"uri":"https:\/\/data.oireachtas.ie\/ie\/oireachtas\/act\/2026\/1\/eng\/enacted\/a0126.pdf"},"xml":null},"uri":"https:\/\/data.oireachtas.ie\/ie\/oireachtas\/act\/2026\/1\/eng\/enacted"}},{"version":{"lang":"eng","docType":"bill","showAs":"As amended in Committee\/Select Committee [D\u00e1il \u00c9ireann]","date":"2025-11-26","formats":{"pdf":{"uri":"https:\/\/data.oireachtas.ie\/ie\/oireachtas\/bill\/2024\/76\/eng\/ver_a\/b76a24d.pdf"},"xml":null},"uri":"https:\/\/data.oireachtas.ie\/ie\/oireachtas\/bill\/2024\/76\/eng\/ver_a"}},{"version":{"lang":"eng","docType":"bill","showAs":"As Initiated","date":"2024-10-01","formats":{"pdf":{"uri":"https:\/\/data.oireachtas.ie\/ie\/oireachtas\/bill\/2024\/76\/eng\/initiated\/b7624d.pdf"},"xml":null},"uri":"https:\/\/data.oireachtas.ie\/ie\/oireachtas\/bill\/2024\/76\/eng\/initiated"}}]},"contextDate":"2026-02-03","billSort":{"actNoSort":1,"actShortTitleEnSort":"credit-review-act-2026","actShortTitleGaSort":"an-tacht-um-athbhreithniu-creidmheasa-2026","actYearSort":2026,"billNoSort":76,"billShortTitleEnSort":"credit-review-bill-2024","billShortTitleGaSort":"an-bille-um-athbhreithniu-creidmheasa-2024","billYearSort":2024}},{"bill":{"act":null,"amendmentLists":[],"billNo":"75","billType":"Public","billTypeURI":"https:\/\/data.oireachtas.ie\/ie\/oireachtas\/def\/bill-type\/public","billYear":"2024","debates":[{"chamber":{"showAs":"D\u00e1il \u00c9ireann","uri":"https:\/\/data.oireachtas.ie\/ie\/oireachtas\/def\/house\/dail"},"date":"2024-09-26","debateSectionId":"dbsect_31","showAs":"Animal Sentience Bill 2024: First Stage","uri":"https:\/\/data.oireachtas.ie\/akn\/ie\/debateRecord\/dail\/2024-09-26\/debate\/main"}],"events":[{"event":{"chamber":{"chamberCode":"dail","showAs":"D\u00e1il \u00c9ireann","uri":"https:\/\/data.oireachtas.ie\/ie\/oireachtas\/def\/house\/dail"},"dates":[{"date":"2024-08-07"},{"date":"2024-08-07"},{"date":"2024-09-26"},{"date":"2025-05-01"}],"eventURI":"https:\/\/data.oireachtas.ie\/ie\/oireachtas\/def\/bill-event\/approved-for-initiation","showAs":"Approved for Initiation","uri":"https:\/\/data.oireachtas.ie\/ie\/oireachtas\/bill\/2024\/75\/approved-for-initiation"}},{"event":{"chamber":{"chamberCode":"dail","showAs":"D\u00e1il \u00c9ireann","uri":"https:\/\/data.oireachtas.ie\/ie\/oireachtas\/def\/house\/dail"},"dates":[{"date":"2024-11-08"}],"eventURI":"https:\/\/data.oireachtas.ie\/ie\/oireachtas\/def\/bill-event\/bill-lapsed","showAs":"Bill Lapsed","uri":"https:\/\/data.oireachtas.ie\/ie\/oireachtas\/bill\/2024\/75\/bill-lapsed"}}],"lastUpdated":"2025-05-02T12:04:52.810000+00:00","longTitleEn":"<p>An Act to amend the Animal Health and Welfare Act 2013 to make provision for an Animal Sentience Committee with functions relating to the effect of government policy on the welfare of animals as sentient beings.<\/p>","longTitleGa":"<p>Acht do leas\u00fa an Achta um Shl\u00e1inte agus Leas Ainmhithe, 2013 chun socr\u00fa a dh\u00e9anamh maidir le Coiste um Mothaitheacht Ainmhithe ag a mbeidh feidhmeanna i nd\u00e1il le h\u00e9ifeacht bheartas an Rialtais ar leas ainmhithe mar neacha mothaitheacha.<\/p>","method":"Introduced","methodURI":"https:\/\/data.oireachtas.ie\/ie\/oireachtas\/def\/bill-method\/introduced","mostRecentStage":{"event":{"chamber":{"chamberCode":"dail","showAs":"D\u00e1il \u00c9ireann","uri":"https:\/\/data.oireachtas.ie\/ie\/oireachtas\/def\/house\/dail"},"dates":[{"date":"2024-11-08"},{"date":"2025-05-01"}],"house":{"chamberCode":"dail","chamberType":"house","houseCode":"dail","houseNo":"33","showAs":"33rd D\u00e1il","uri":"https:\/\/data.oireachtas.ie\/ie\/oireachtas\/house\/dail\/33"},"progressStage":2,"showAs":"Second Stage","stageCompleted":false,"stageOutcome":"Current","stageURI":"https:\/\/data.oireachtas.ie\/ie\/oireachtas\/def\/bill-stage\/2","uri":"https:\/\/data.oireachtas.ie\/ie\/oireachtas\/bill\/2024\/75\/stage\/dail\/2"}},"originHouse":{"showAs":"D\u00e1il \u00c9ireann","uri":"https:\/\/data.oireachtas.ie\/ie\/oireachtas\/def\/house\/dail"},"originHouseURI":"https:\/\/data.oireachtas.ie\/ie\/oireachtas\/def\/house\/dail","relatedDocs":[{"relatedDoc":{"date":"2024-09-26","docType":"memo","formats":{"pdf":{"uri":"https:\/\/data.oireachtas.ie\/ie\/oireachtas\/bill\/2024\/75\/eng\/memo\/b7524d-memo.pdf"},"xml":null},"lang":"eng","showAs":"Explanatory Memorandum","uri":"https:\/\/data.oireachtas.ie\/ie\/oireachtas\/bill\/2024\/75\/eng\/memo"}}],"shortTitleEn":"Animal Sentience Bill 2024","shortTitleGa":"An Bille um Mothaitheacht Ainmhithe, 2024","source":"Private Member","sourceURI":"https:\/\/data.oireachtas.ie\/ie\/oireachtas\/def\/bill-source\/private-member","sponsors":[{"sponsor":{"as":{"showAs":null,"uri":null},"by":{"showAs":"Paul Murphy","uri":"https:\/\/data.oireachtas.ie\/ie\/oireachtas\/member\/id\/Paul-Murphy.D.2014-10-10"},"isPrimary":true}},{"sponsor":{"as":{"showAs":null,"uri":null},"by":{"showAs":"Br\u00edd Smith","uri":"https:\/\/data.oireachtas.ie\/ie\/oireachtas\/member\/id\/Br\u00edd-Smith.D.2016-10-03"},"isPrimary":false}},{"sponsor":{"as":{"showAs":null,"uri":null},"by":{"showAs":"Richard Boyd Barrett","uri":"https:\/\/data.oireachtas.ie\/ie\/oireachtas\/member\/id\/Richard-Boyd-Barrett.D.2011-03-09"},"isPrimary":false}},{"sponsor":{"as":{"showAs":null,"uri":null},"by":{"showAs":"Gino Kenny","uri":"https:\/\/data.oireachtas.ie\/ie\/oireachtas\/member\/id\/Gino-Kenny.D.2016-10-03"},"isPrimary":false}}],"stages":[{"event":{"chamber":{"chamberCode":"dail","showAs":"D\u00e1il \u00c9ireann","uri":"https:\/\/data.oireachtas.ie\/ie\/oireachtas\/def\/house\/dail"},"dates":[{"date":"2024-08-07"},{"date":"2024-08-07"},{"date":"2024-09-26"},{"date":"2024-09-26"}],"house":{"chamberCode":"dail","chamberType":"house","houseCode":"dail","houseNo":"33","showAs":"33rd D\u00e1il","uri":"https:\/\/data.oireachtas.ie\/ie\/oireachtas\/house\/dail\/33"},"progressStage":1,"showAs":"First Stage","stageCompleted":true,"stageOutcome":null,"stageURI":"https:\/\/data.oireachtas.ie\/ie\/oireachtas\/def\/bill-stage\/1","uri":"https:\/\/data.oireachtas.ie\/ie\/oireachtas\/bill\/2024\/75\/stage\/dail\/1"}},{"event":{"chamber":{"chamberCode":"dail","showAs":"D\u00e1il \u00c9ireann","uri":"https:\/\/data.oireachtas.ie\/ie\/oireachtas\/def\/house\/dail"},"dates":[{"date":"2024-11-08"},{"date":"2025-05-01"}],"house":{"chamberCode":"dail","chamberType":"house","houseCode":"dail","houseNo":"33","showAs":"33rd D\u00e1il","uri":"https:\/\/data.oireachtas.ie\/ie\/oireachtas\/house\/dail\/33"},"progressStage":2,"showAs":"Second Stage","stageCompleted":false,"stageOutcome":"Current","stageURI":"https:\/\/data.oireachtas.ie\/ie\/oireachtas\/def\/bill-stage\/2","uri":"https:\/\/data.oireachtas.ie\/ie\/oireachtas\/bill\/2024\/75\/stage\/dail\/2"}}],"status":"Current","statusURI":"https:\/\/data.oireachtas.ie\/ie\/oireachtas\/def\/bill-status\/published","uri":"https:\/\/data.oireachtas.ie\/ie\/oireachtas\/bill\/2024\/75","versions":[{"version":{"date":"2024-09-26","docType":"bill","formats":{"pdf":{"uri":"https:\/\/data.oireachtas.ie\/ie\/oireachtas\/bill\/2024\/75\/eng\/initiated\/b7524d.pdf"},"xml":null},"lang":"eng","showAs":"As Initiated","uri":"https:\/\/data.oireachtas.ie\/ie\/oireachtas\/bill\/2024\/75\/eng\/initiated"}}]},"billSort":{"actNoSort":null,"actShortTitleEnSort":null,"actShortTitleGaSort":null,"actYearSort":null,"billNoSort":75,"billShortTitleEnSort":"animal-sentience-bill-2024","billShortTitleGaSort":"an-bille-um-mothaitheacht-ainmhithe-2024","billYearSort":2024},"contextDate":"2025-05-01"},{"bill":{"act":null,"amendmentLists":[],"billNo":"71","billType":"Public","billTypeURI":"https:\/\/data.oireachtas.ie\/ie\/oireachtas\/def\/bill-type\/public","billYear":"2024","debates":[{"chamber":{"showAs":"Seanad \u00c9ireann","uri":"https:\/\/data.oireachtas.ie\/ie\/oireachtas\/def\/house\/seanad"},"date":"2024-09-25","debateSectionId":"dbsect_15","showAs":"Domestic Violence (Amendment) (No. 3) Bill 2024: First Stage","uri":"https:\/\/data.oireachtas.ie\/akn\/ie\/debateRecord\/seanad\/2024-09-25\/debate\/main"}],"events":[{"event":{"chamber":{"chamberCode":"seanad","showAs":"Seanad \u00c9ireann","uri":"https:\/\/data.oireachtas.ie\/ie\/oireachtas\/def\/house\/seanad"},"dates":[{"date":"2024-09-13"},{"date":"2024-09-25"},{"date":"2025-03-04"}],"eventURI":"https:\/\/data.oireachtas.ie\/ie\/oireachtas\/def\/bill-event\/admissibility-for-introduction","showAs":"Admissibility for Introduction","uri":"https:\/\/data.oireachtas.ie\/ie\/oireachtas\/bill\/2024\/71\/admissibility-for-introduction"}},{"event":{"chamber":{"chamberCode":"seanad","showAs":"Seanad \u00c9ireann","uri":"https:\/\/data.oireachtas.ie\/ie\/oireachtas\/def\/house\/seanad"},"dates":[{"date":"2025-01-29"}],"eventURI":"https:\/\/data.oireachtas.ie\/ie\/oireachtas\/def\/bill-event\/bill-lapsed","showAs":"Bill Lapsed","uri":"https:\/\/data.oireachtas.ie\/ie\/oireachtas\/bill\/2024\/71\/bill-lapsed"}}],"lastUpdated":"2025-03-05T09:49:17.870000+00:00","longTitleEn":"<p>Bill entitled an Act to amend the Domestic Violence Act 2018 in relation to the offence of coercive control by extending the meaning assigned in section 39 of that Act to the term \u201crelevant person\u201d and to provide for related matters.<\/p>","longTitleGa":"<p>Bille d\u00e1 ngairtear Acht do leas\u00fa an Achta um Fhor\u00e9igean Baile, 2018 i nd\u00e1il leis an gcion arb \u00e9ard \u00e9 smacht\u00fa comh\u00e9igneach tr\u00edd an mbr\u00ed a shanntar don t\u00e9arma \u201cduine iomchu\u00ed\u201d in alt 39 den Acht sin a leathn\u00fa agus do dh\u00e9anamh socr\u00fa i dtaobh nithe gaolmhara.&nbsp;<\/p>","method":"Introduced","methodURI":"https:\/\/data.oireachtas.ie\/ie\/oireachtas\/def\/bill-method\/introduced","mostRecentStage":{"event":{"chamber":{"chamberCode":"seanad","showAs":"Seanad \u00c9ireann","uri":"https:\/\/data.oireachtas.ie\/ie\/oireachtas\/def\/house\/seanad"},"dates":[{"date":"2025-01-29"},{"date":"2025-03-04"}],"house":{"chamberCode":"seanad","chamberType":"house","houseCode":"seanad","houseNo":"27","showAs":"27th Seanad","uri":"https:\/\/data.oireachtas.ie\/ie\/oireachtas\/house\/seanad\/27"},"progressStage":2,"showAs":"Second Stage","stageCompleted":false,"stageOutcome":"Current","stageURI":"https:\/\/data.oireachtas.ie\/ie\/oireachtas\/def\/bill-stage\/2","uri":"https:\/\/data.oireachtas.ie\/ie\/oireachtas\/bill\/2024\/71\/stage\/seanad\/2"}},"originHouse":{"showAs":"Seanad \u00c9ireann","uri":"https:\/\/data.oireachtas.ie\/ie\/oireachtas\/def\/house\/seanad"},"originHouseURI":"https:\/\/data.oireachtas.ie\/ie\/oireachtas\/def\/house\/seanad","relatedDocs":[],"shortTitleEn":"Domestic Violence (Amendment) (No. 3) Bill 2024","shortTitleGa":"An Bille um Fhor\u00e9igean Baile (Leas\u00fa) (Uimh. 3), 2024","source":"Private Member","sourceURI":"https:\/\/data.oireachtas.ie\/ie\/oireachtas\/def\/bill-source\/private-member","sponsors":[{"sponsor":{"as":{"showAs":null,"uri":null},"by":{"showAs":"Vincent P. Martin","uri":"https:\/\/data.oireachtas.ie\/ie\/oireachtas\/member\/id\/Vincent-P-Martin.S.2020-06-29"},"isPrimary":true}}],"stages":[{"event":{"chamber":{"chamberCode":"seanad","showAs":"Seanad \u00c9ireann","uri":"https:\/\/data.oireachtas.ie\/ie\/oireachtas\/def\/house\/seanad"},"dates":[{"date":"2024-09-13"},{"date":"2024-09-25"},{"date":"2024-09-25"}],"house":{"chamberCode":"seanad","chamberType":"house","houseCode":"seanad","houseNo":"26","showAs":"26th Seanad","uri":"https:\/\/data.oireachtas.ie\/ie\/oireachtas\/house\/seanad\/26"},"progressStage":1,"showAs":"First Stage","stageCompleted":true,"stageOutcome":null,"stageURI":"https:\/\/data.oireachtas.ie\/ie\/oireachtas\/def\/bill-stage\/1","uri":"https:\/\/data.oireachtas.ie\/ie\/oireachtas\/bill\/2024\/71\/stage\/seanad\/1"}},{"event":{"chamber":{"chamberCode":"seanad","showAs":"Seanad \u00c9ireann","uri":"https:\/\/data.oireachtas.ie\/ie\/oireachtas\/def\/house\/seanad"},"dates":[{"date":"2025-01-29"},{"date":"2025-03-04"}],"house":{"chamberCode":"seanad","chamberType":"house","houseCode":"seanad","houseNo":"27","showAs":"27th Seanad","uri":"https:\/\/data.oireachtas.ie\/ie\/oireachtas\/house\/seanad\/27"},"progressStage":2,"showAs":"Second Stage","stageCompleted":false,"stageOutcome":"Current","stageURI":"https:\/\/data.oireachtas.ie\/ie\/oireachtas\/def\/bill-stage\/2","uri":"https:\/\/data.oireachtas.ie\/ie\/oireachtas\/bill\/2024\/71\/stage\/seanad\/2"}}],"status":"Current","statusURI":"https:\/\/data.oireachtas.ie\/ie\/oireachtas\/def\/bill-status\/published","uri":"https:\/\/data.oireachtas.ie\/ie\/oireachtas\/bill\/2024\/71","versions":[{"version":{"date":"2024-09-25","docType":"bill","formats":{"pdf":{"uri":"https:\/\/data.oireachtas.ie\/ie\/oireachtas\/bill\/2024\/71\/eng\/initiated\/b7124s.pdf"},"xml":null},"lang":"eng","showAs":"As Initiated","uri":"https:\/\/data.oireachtas.ie\/ie\/oireachtas\/bill\/2024\/71\/eng\/initiated"}}]},"billSort":{"actNoSort":null,"actShortTitleEnSort":null,"actShortTitleGaSort":null,"actYearSort":null,"billNoSort":71,"billShortTitleEnSort":"domestic-violence-amendment-no-3-bill-2024","billShortTitleGaSort":"an-bille-um-fhoreigean-baile-leasu-uimh-3-2024","billYearSort":2024},"contextDate":"2025-03-04"},{"bill":{"act":null,"amendmentLists":[],"billNo":"70","billType":"Public","billTypeURI":"https:\/\/data.oireachtas.ie\/ie\/oireachtas\/def\/bill-type\/public","billYear":"2024","debates":[{"chamber":{"showAs":"D\u00e1il \u00c9ireann","uri":"https:\/\/data.oireachtas.ie\/ie\/oireachtas\/def\/house\/dail"},"date":"2024-09-18","debateSectionId":"dbsect_6","showAs":"Animal Health and Welfare (Prohibition of Animal Testing for Botox) (Amendment) Bill 2024: First Stage","uri":"https:\/\/data.oireachtas.ie\/akn\/ie\/debateRecord\/dail\/2024-09-18\/debate\/main"}],"events":[{"event":{"chamber":{"chamberCode":"dail","showAs":"D\u00e1il \u00c9ireann","uri":"https:\/\/data.oireachtas.ie\/ie\/oireachtas\/def\/house\/dail"},"dates":[{"date":"2024-07-03"},{"date":"2024-07-03"},{"date":"2024-09-18"},{"date":"2025-05-01"}],"eventURI":"https:\/\/data.oireachtas.ie\/ie\/oireachtas\/def\/bill-event\/approved-for-initiation","showAs":"Approved for Initiation","uri":"https:\/\/data.oireachtas.ie\/ie\/oireachtas\/bill\/2024\/70\/approved-for-initiation"}},{"event":{"chamber":{"chamberCode":"dail","showAs":"D\u00e1il \u00c9ireann","uri":"https:\/\/data.oireachtas.ie\/ie\/oireachtas\/def\/house\/dail"},"dates":[{"date":"2024-11-08"}],"eventURI":"https:\/\/data.oireachtas.ie\/ie\/oireachtas\/def\/bill-event\/bill-lapsed","showAs":"Bill Lapsed","uri":"https:\/\/data.oireachtas.ie\/ie\/oireachtas\/bill\/2024\/70\/bill-lapsed"}}],"lastUpdated":"2025-05-02T11:58:15.400000+00:00","longTitleEn":"<p>Bill entitled an Act to amend the Animal Health and Welfare Act 2013 to prohibit animal testing for botox.<\/p>\n","longTitleGa":"<p>Bille d\u00e1 ngairtear Acht do leas\u00fa an Achta um Shl\u00e1inte agus Leas Ainmhithe, 2013 chun t\u00e1st\u00e1il Botox ar ainmhithe a thoirmeasc.<\/p>\n","method":"Introduced","methodURI":"https:\/\/data.oireachtas.ie\/ie\/oireachtas\/def\/bill-method\/introduced","mostRecentStage":{"event":{"chamber":{"chamberCode":"dail","showAs":"D\u00e1il \u00c9ireann","uri":"https:\/\/data.oireachtas.ie\/ie\/oireachtas\/def\/house\/dail"},"dates":[{"date":"2024-11-08"},{"date":"2025-05-01"}],"house":{"chamberCode":"dail","chamberType":"house","houseCode":"dail","houseNo":"33","showAs":"33rd D\u00e1il","uri":"https:\/\/data.oireachtas.ie\/ie\/oireachtas\/house\/dail\/33"},"progressStage":2,"showAs":"Second Stage","stageCompleted":false,"stageOutcome":"Current","stageURI":"https:\/\/data.oireachtas.ie\/ie\/oireachtas\/def\/bill-stage\/2","uri":"https:\/\/data.oireachtas.ie\/ie\/oireachtas\/bill\/2024\/70\/stage\/dail\/2"}},"originHouse":{"showAs":"D\u00e1il \u00c9ireann","uri":"https:\/\/data.oireachtas.ie\/ie\/oireachtas\/def\/house\/dail"},"originHouseURI":"https:\/\/data.oireachtas.ie\/ie\/oireachtas\/def\/house\/dail","relatedDocs":[{"relatedDoc":{"date":"2024-09-18","docType":"memo","formats":{"pdf":{"uri":"https:\/\/data.oireachtas.ie\/ie\/oireachtas\/bill\/2024\/70\/eng\/memo\/b7024d-memo.pdf"},"xml":null},"lang":"eng","showAs":"Explanatory Memorandum","uri":"https:\/\/data.oireachtas.ie\/ie\/oireachtas\/bill\/2024\/70\/eng\/memo"}}],"shortTitleEn":"Animal Health and Welfare (Prohibition of Animal Testing for Botox) (Amendment) Bill 2024","shortTitleGa":"An Bille um Shl\u00e1inte agus Leas Ainmhithe (T\u00e1st\u00e1il Botox ar Ainmhithe a Thoirmeasc) (Leas\u00fa), 2024","source":"Private Member","sourceURI":"https:\/\/data.oireachtas.ie\/ie\/oireachtas\/def\/bill-source\/private-member","sponsors":[{"sponsor":{"as":{"showAs":null,"uri":null},"by":{"showAs":"Paul Murphy","uri":"https:\/\/data.oireachtas.ie\/ie\/oireachtas\/member\/id\/Paul-Murphy.D.2014-10-10"},"isPrimary":true}},{"sponsor":{"as":{"showAs":null,"uri":null},"by":{"showAs":"Br\u00edd Smith","uri":"https:\/\/data.oireachtas.ie\/ie\/oireachtas\/member\/id\/Br\u00edd-Smith.D.2016-10-03"},"isPrimary":false}},{"sponsor":{"as":{"showAs":null,"uri":null},"by":{"showAs":"Richard Boyd Barrett","uri":"https:\/\/data.oireachtas.ie\/ie\/oireachtas\/member\/id\/Richard-Boyd-Barrett.D.2011-03-09"},"isPrimary":false}},{"sponsor":{"as":{"showAs":null,"uri":null},"by":{"showAs":"Gino Kenny","uri":"https:\/\/data.oireachtas.ie\/ie\/oireachtas\/member\/id\/Gino-Kenny.D.2016-10-03"},"isPrimary":false}},{"sponsor":{"as":{"showAs":null,"uri":null},"by":{"showAs":"Mick Barry","uri":"https:\/\/data.oireachtas.ie\/ie\/oireachtas\/member\/id\/Mick-Barry.D.2016-10-03"},"isPrimary":false}}],"stages":[{"event":{"chamber":{"chamberCode":"dail","showAs":"D\u00e1il \u00c9ireann","uri":"https:\/\/data.oireachtas.ie\/ie\/oireachtas\/def\/house\/dail"},"dates":[{"date":"2024-07-03"},{"date":"2024-07-03"},{"date":"2024-09-18"},{"date":"2024-09-18"}],"house":{"chamberCode":"dail","chamberType":"house","houseCode":"dail","houseNo":"33","showAs":"33rd D\u00e1il","uri":"https:\/\/data.oireachtas.ie\/ie\/oireachtas\/house\/dail\/33"},"progressStage":1,"showAs":"First Stage","stageCompleted":true,"stageOutcome":null,"stageURI":"https:\/\/data.oireachtas.ie\/ie\/oireachtas\/def\/bill-stage\/1","uri":"https:\/\/data.oireachtas.ie\/ie\/oireachtas\/bill\/2024\/70\/stage\/dail\/1"}},{"event":{"chamber":{"chamberCode":"dail","showAs":"D\u00e1il \u00c9ireann","uri":"https:\/\/data.oireachtas.ie\/ie\/oireachtas\/def\/house\/dail"},"dates":[{"date":"2024-11-08"},{"date":"2025-05-01"}],"house":{"chamberCode":"dail","chamberType":"house","houseCode":"dail","houseNo":"33","showAs":"33rd D\u00e1il","uri":"https:\/\/data.oireachtas.ie\/ie\/oireachtas\/house\/dail\/33"},"progressStage":2,"showAs":"Second Stage","stageCompleted":false,"stageOutcome":"Current","stageURI":"https:\/\/data.oireachtas.ie\/ie\/oireachtas\/def\/bill-stage\/2","uri":"https:\/\/data.oireachtas.ie\/ie\/oireachtas\/bill\/2024\/70\/stage\/dail\/2"}}],"status":"Current","statusURI":"https:\/\/data.oireachtas.ie\/ie\/oireachtas\/def\/bill-status\/published","uri":"https:\/\/data.oireachtas.ie\/ie\/oireachtas\/bill\/2024\/70","versions":[{"version":{"date":"2024-09-18","docType":"bill","formats":{"pdf":{"uri":"https:\/\/data.oireachtas.ie\/ie\/oireachtas\/bill\/2024\/70\/eng\/initiated\/b7024d.pdf"},"xml":null},"lang":"eng","showAs":"As Initiated","uri":"https:\/\/data.oireachtas.ie\/ie\/oireachtas\/bill\/2024\/70\/eng\/initiated"}}]},"billSort":{"actNoSort":null,"actShortTitleEnSort":null,"actShortTitleGaSort":null,"actYearSort":null,"billNoSort":70,"billShortTitleEnSort":"animal-health-and-welfare-prohibition-of-animal-testing-for-botox-amendment-bill-2024","billShortTitleGaSort":"an-bille-um-shlainte-agus-leas-ainmhithe-tastail-botox-ar-ainmhithe-a-thoirmeasc-leasu-2024","billYearSort":2024},"contextDate":"2025-05-01"},{"bill":{"act":{"actNo":"2","actYear":"2026","dateSigned":"2026-02-19","longTitleEn":"<p>Act to provide that defamation actions in the High Court shall not be tried with a jury; to give effect to Directive (EU) 2024\/1069 of the European Parliament and of the Council of 11 April 2024 on protecting persons who engage in public participation from manifestly unfounded claims or abusive court proceedings (\u2018Strategic lawsuits against&nbsp;public participation\u2019) in so far as it relates to defamation proceedings; for those and other purposes to amend the Defamation Act 2009; and to provide for related matters.<\/p>\n","longTitleGa":"<p>Acht do dh\u00e9anamh socr\u00fa nach dtriailfear le gi\u00fair\u00e9 caingne cl\u00famhillte san Ard-Ch\u00fairt; do thabhairt \u00e9ifeacht do Threoir (AE) 2024\/1069 \u00f3 Pharlaimint na hEorpa agus \u00f3n gComhairle an 11 Aibre\u00e1n 2024 maidir le daoine a bh\u00edonn ag gabh\u00e1il do rannph\u00e1irt\u00edocht phoibl\u00ed a chosaint ar \u00e9ilimh at\u00e1 go follasach gan bhun\u00fas n\u00f3 ar imeachta\u00ed c\u00fairte m\u00ed-\u00fas\u00e1ideacha (\u2018C\u00e1sanna dl\u00ed strait\u00e9iseacha i gcoinne na rannph\u00e1irt\u00edochta poibl\u00ed\u2019) a mh\u00e9id a bhaineann s\u00ed le himeachta\u00ed mar gheall ar chl\u00famhilleadh; chun na gcr\u00edoch sin agus chun cr\u00edoch eile, do leas\u00fa an Achta um Chl\u00famhilleadh, 2009; agus do dh\u00e9anamh socr\u00fa i dtaobh nithe gaolmhara.<\/p>\n","shortTitleEn":"Defamation (Amendment) Act 2026","shortTitleGa":"An tAcht um Chl\u00famhilleadh (Leas\u00fa), 2026","statutebookURI":"http:\/\/www.irishstatutebook.ie\/eli\/2026\/act\/2","uri":"https:\/\/data.oireachtas.ie\/ie\/oireachtas\/act\/2026\/2"},"amendmentLists":[{"amendmentList":{"amendmentTypeUri":{"uri":"https:\/\/data.oireachtas.ie\/ie\/oireachtas\/def\/amendment-type\/creamList"},"chamber":{"showAs":"Seanad","uri":"https:\/\/data.oireachtas.ie\/ie\/oireachtas\/def\/seanad"},"date":"2026-01-23","formats":{"pdf":{"uri":"https:\/\/data.oireachtas.ie\/ie\/oireachtas\/bill\/2024\/67\/seanad\/6\/amendment\/creamList\/eng\/b67b24d-cream-list.pdf"},"xml":null},"showAs":"Cream List [Seanad amendments to D\u00e1il Bill]","stage":{"showAs":"Cream List","uri":"https:\/\/data.oireachtas.ie\/ie\/oireachtas\/bill\/2024\/67\/seanad\/6"},"stageNo":"6"}},{"amendmentList":{"amendmentTypeUri":{"uri":"https:\/\/data.oireachtas.ie\/ie\/oireachtas\/def\/amendment-type\/numberedList"},"chamber":{"showAs":"Seanad","uri":"https:\/\/data.oireachtas.ie\/ie\/oireachtas\/def\/seanad"},"date":"2026-01-21","formats":{"pdf":{"uri":"https:\/\/data.oireachtas.ie\/ie\/oireachtas\/bill\/2024\/67\/seanad\/4\/amendment\/numberedList\/eng\/b67b24-srnl.pdf"},"xml":null},"showAs":"Numbered List [Seanad]","stage":{"showAs":"Report Stage","uri":"https:\/\/data.oireachtas.ie\/ie\/oireachtas\/bill\/2024\/67\/seanad\/4"},"stageNo":"4"}},{"amendmentList":{"amendmentTypeUri":{"uri":"https:\/\/data.oireachtas.ie\/ie\/oireachtas\/def\/amendment-type\/numberedList"},"chamber":{"showAs":"Seanad","uri":"https:\/\/data.oireachtas.ie\/ie\/oireachtas\/def\/seanad"},"date":"2025-10-08","formats":{"pdf":{"uri":"https:\/\/data.oireachtas.ie\/ie\/oireachtas\/bill\/2024\/67\/seanad\/3\/amendment\/numberedList\/eng\/b67b24d-2nd-additional-list.pdf"},"xml":null},"showAs":"2nd Additional List of Amendments [Seanad]","stage":{"showAs":"Committee Stage","uri":"https:\/\/data.oireachtas.ie\/ie\/oireachtas\/bill\/2024\/67\/seanad\/3"},"stageNo":"3"}},{"amendmentList":{"amendmentTypeUri":{"uri":"https:\/\/data.oireachtas.ie\/ie\/oireachtas\/def\/amendment-type\/numberedList"},"chamber":{"showAs":"Seanad","uri":"https:\/\/data.oireachtas.ie\/ie\/oireachtas\/def\/seanad"},"date":"2025-10-01","formats":{"pdf":{"uri":"https:\/\/data.oireachtas.ie\/ie\/oireachtas\/bill\/2024\/67\/seanad\/3\/amendment\/numberedList\/eng\/b67b24d-1st-additional-list.pdf"},"xml":null},"showAs":"1st Additional & Substitute List of Amendments [Seanad]","stage":{"showAs":"Committee Stage","uri":"https:\/\/data.oireachtas.ie\/ie\/oireachtas\/bill\/2024\/67\/seanad\/3"},"stageNo":"3"}},{"amendmentList":{"amendmentTypeUri":{"uri":"https:\/\/data.oireachtas.ie\/ie\/oireachtas\/def\/amendment-type\/numberedList"},"chamber":{"showAs":"Seanad","uri":"https:\/\/data.oireachtas.ie\/ie\/oireachtas\/def\/seanad"},"date":"2025-07-17","formats":{"pdf":{"uri":"https:\/\/data.oireachtas.ie\/ie\/oireachtas\/bill\/2024\/67\/seanad\/3\/amendment\/numberedList\/eng\/b67b24d-scnl.pdf"},"xml":null},"showAs":"Numbered List [Seanad]","stage":{"showAs":"Committee Stage","uri":"https:\/\/data.oireachtas.ie\/ie\/oireachtas\/bill\/2024\/67\/seanad\/3"},"stageNo":"3"}},{"amendmentList":{"amendmentTypeUri":{"uri":"https:\/\/data.oireachtas.ie\/ie\/oireachtas\/def\/amendment-type\/numberedList"},"chamber":{"showAs":"Dail","uri":"https:\/\/data.oireachtas.ie\/ie\/oireachtas\/def\/dail"},"date":"2025-07-01","formats":{"pdf":{"uri":"https:\/\/data.oireachtas.ie\/ie\/oireachtas\/bill\/2024\/67\/dail\/4\/amendment\/numberedList\/eng\/b67a24d-drnl.pdf"},"xml":null},"showAs":"Numbered List [D\u00e1il]","stage":{"showAs":"Report Stage","uri":"https:\/\/data.oireachtas.ie\/ie\/oireachtas\/bill\/2024\/67\/dail\/4"},"stageNo":"4"}},{"amendmentList":{"amendmentTypeUri":{"uri":"https:\/\/data.oireachtas.ie\/ie\/oireachtas\/def\/amendment-type\/numberedList"},"chamber":{"showAs":"Dail","uri":"https:\/\/data.oireachtas.ie\/ie\/oireachtas\/def\/dail"},"date":"2025-04-29","formats":{"pdf":{"uri":"https:\/\/data.oireachtas.ie\/ie\/oireachtas\/bill\/2024\/67\/dail\/3\/amendment\/numberedList\/eng\/b6724d-dcnl.pdf"},"xml":null},"showAs":"Numbered List [D\u00e1il]","stage":{"showAs":"Committee Stage","uri":"https:\/\/data.oireachtas.ie\/ie\/oireachtas\/bill\/2024\/67\/dail\/3"},"stageNo":"3"}}],"billNo":"67","billType":"Public","billTypeURI":"https:\/\/data.oireachtas.ie\/ie\/oireachtas\/def\/bill-type\/public","billYear":"2024","debates":[{"chamber":{"showAs":"D\u00e1il \u00c9ireann","uri":"https:\/\/data.oireachtas.ie\/ie\/oireachtas\/def\/house\/dail"},"date":"2026-02-11","debateSectionId":"dbsect_14","showAs":"Defamation (Amendment) Bill 2024: From the Seanad","uri":"https:\/\/data.oireachtas.ie\/akn\/ie\/debateRecord\/dail\/2026-02-11\/debate\/main"},{"chamber":{"showAs":"Seanad \u00c9ireann","uri":"https:\/\/data.oireachtas.ie\/ie\/oireachtas\/def\/house\/seanad"},"date":"2026-01-21","debateSectionId":"dbsect_11","showAs":"Defamation (Amendment) Bill 2024: Report and Final Stages","uri":"https:\/\/data.oireachtas.ie\/akn\/ie\/debateRecord\/seanad\/2026-01-21\/debate\/main"},{"chamber":{"showAs":"Seanad \u00c9ireann","uri":"https:\/\/data.oireachtas.ie\/ie\/oireachtas\/def\/house\/seanad"},"date":"2025-12-17","debateSectionId":"dbsect_25","showAs":"Defamation (Amendment) Bill 2024: Committee Stage (Resumed)","uri":"https:\/\/data.oireachtas.ie\/akn\/ie\/debateRecord\/seanad\/2025-12-17\/debate\/main"},{"chamber":{"showAs":"Seanad \u00c9ireann","uri":"https:\/\/data.oireachtas.ie\/ie\/oireachtas\/def\/house\/seanad"},"date":"2025-12-11","debateSectionId":"dbsect_12","showAs":"Defamation (Amendment) Bill 2024: Committee Stage (Resumed)","uri":"https:\/\/data.oireachtas.ie\/akn\/ie\/debateRecord\/seanad\/2025-12-11\/debate\/main"},{"chamber":{"showAs":"Seanad \u00c9ireann","uri":"https:\/\/data.oireachtas.ie\/ie\/oireachtas\/def\/house\/seanad"},"date":"2025-12-03","debateSectionId":"dbsect_15","showAs":"Defamation (Amendment) Bill 2024: Committee Stage (Resumed)","uri":"https:\/\/data.oireachtas.ie\/akn\/ie\/debateRecord\/seanad\/2025-12-03\/debate\/main"},{"chamber":{"showAs":"Seanad \u00c9ireann","uri":"https:\/\/data.oireachtas.ie\/ie\/oireachtas\/def\/house\/seanad"},"date":"2025-11-18","debateSectionId":"dbsect_21","showAs":"Defamation (Amendment) Bill 2024: Committee Stage (Resumed)","uri":"https:\/\/data.oireachtas.ie\/akn\/ie\/debateRecord\/seanad\/2025-11-18\/debate\/main"},{"chamber":{"showAs":"Seanad \u00c9ireann","uri":"https:\/\/data.oireachtas.ie\/ie\/oireachtas\/def\/house\/seanad"},"date":"2025-11-12","debateSectionId":"dbsect_12","showAs":"Defamation (Amendment) Bill 2024: Committee Stage (Resumed)","uri":"https:\/\/data.oireachtas.ie\/akn\/ie\/debateRecord\/seanad\/2025-11-12\/debate\/main"},{"chamber":{"showAs":"Seanad \u00c9ireann","uri":"https:\/\/data.oireachtas.ie\/ie\/oireachtas\/def\/house\/seanad"},"date":"2025-10-22","debateSectionId":"dbsect_18","showAs":"Defamation (Amendment) Bill 2024: Committee Stage (Resumed)","uri":"https:\/\/data.oireachtas.ie\/akn\/ie\/debateRecord\/seanad\/2025-10-22\/debate\/main"},{"chamber":{"showAs":"Seanad \u00c9ireann","uri":"https:\/\/data.oireachtas.ie\/ie\/oireachtas\/def\/house\/seanad"},"date":"2025-10-15","debateSectionId":"dbsect_12","showAs":"Defamation (Amendment) Bill 2024: Committee Stage (Resumed)","uri":"https:\/\/data.oireachtas.ie\/akn\/ie\/debateRecord\/seanad\/2025-10-15\/debate\/main"},{"chamber":{"showAs":"Seanad \u00c9ireann","uri":"https:\/\/data.oireachtas.ie\/ie\/oireachtas\/def\/house\/seanad"},"date":"2025-10-09","debateSectionId":"dbsect_9","showAs":"Defamation (Amendment) Bill 2024: Committee Stage (Resumed)","uri":"https:\/\/data.oireachtas.ie\/akn\/ie\/debateRecord\/seanad\/2025-10-09\/debate\/main"},{"chamber":{"showAs":"Seanad \u00c9ireann","uri":"https:\/\/data.oireachtas.ie\/ie\/oireachtas\/def\/house\/seanad"},"date":"2025-10-01","debateSectionId":"dbsect_11","showAs":"Defamation (Amendment) Bill 2024: Committee Stage (Resumed)","uri":"https:\/\/data.oireachtas.ie\/akn\/ie\/debateRecord\/seanad\/2025-10-01\/debate\/main"},{"chamber":{"showAs":"Seanad \u00c9ireann","uri":"https:\/\/data.oireachtas.ie\/ie\/oireachtas\/def\/house\/seanad"},"date":"2025-07-17","debateSectionId":"dbsect_11","showAs":"Defamation (Amendment) Bill 2024: Committee Stage","uri":"https:\/\/data.oireachtas.ie\/akn\/ie\/debateRecord\/seanad\/2025-07-17\/debate\/main"},{"chamber":{"showAs":"Seanad \u00c9ireann","uri":"https:\/\/data.oireachtas.ie\/ie\/oireachtas\/def\/house\/seanad"},"date":"2025-07-09","debateSectionId":"dbsect_9","showAs":"Defamation (Amendment) Bill 2024: Second Stage","uri":"https:\/\/data.oireachtas.ie\/akn\/ie\/debateRecord\/seanad\/2025-07-09\/debate\/main"},{"chamber":{"showAs":"D\u00e1il \u00c9ireann","uri":"https:\/\/data.oireachtas.ie\/ie\/oireachtas\/def\/house\/dail"},"date":"2025-07-02","debateSectionId":"dbsect_19","showAs":"Defamation (Amendment) Bill 2024: Report Stage","uri":"https:\/\/data.oireachtas.ie\/akn\/ie\/debateRecord\/dail\/2025-07-02\/debate\/main"},{"chamber":{"showAs":"D\u00e1il \u00c9ireann","uri":"https:\/\/data.oireachtas.ie\/ie\/oireachtas\/def\/house\/dail"},"date":"2025-04-30","debateSectionId":"dbsect_17","showAs":"Defamation (Amendment) Bill 2024: Committee Stage","uri":"https:\/\/data.oireachtas.ie\/akn\/ie\/debateRecord\/dail\/2025-04-30\/debate\/main"},{"chamber":{"showAs":"D\u00e1il \u00c9ireann","uri":"https:\/\/data.oireachtas.ie\/ie\/oireachtas\/def\/house\/dail"},"date":"2024-09-19","debateSectionId":"dbsect_32","showAs":"Defamation (Amendment) Bill 2024: Second Stage","uri":"https:\/\/data.oireachtas.ie\/akn\/ie\/debateRecord\/dail\/2024-09-19\/debate\/main"},{"chamber":{"showAs":"D\u00e1il \u00c9ireann","uri":"https:\/\/data.oireachtas.ie\/ie\/oireachtas\/def\/house\/dail"},"date":"2024-09-19","debateSectionId":"dbsect_33","showAs":"Defamation (Amendment) Bill 2024: Referral to Select Committee","uri":"https:\/\/data.oireachtas.ie\/akn\/ie\/debateRecord\/dail\/2024-09-19\/debate\/main"}],"events":[{"event":{"chamber":{"chamberCode":"dail","showAs":"D\u00e1il \u00c9ireann","uri":"https:\/\/data.oireachtas.ie\/ie\/oireachtas\/def\/house\/dail"},"dates":[{"date":"2024-08-02"},{"date":"2025-02-05"},{"date":"2026-02-19"}],"eventURI":"https:\/\/data.oireachtas.ie\/ie\/oireachtas\/def\/bill-event\/published","showAs":"Published","uri":"https:\/\/data.oireachtas.ie\/ie\/oireachtas\/bill\/2024\/67\/published"}},{"event":{"chamber":{"chamberCode":"dail","showAs":"D\u00e1il \u00c9ireann","uri":"https:\/\/data.oireachtas.ie\/ie\/oireachtas\/def\/house\/dail"},"dates":[{"date":"2024-11-08"}],"eventURI":"https:\/\/data.oireachtas.ie\/ie\/oireachtas\/def\/bill-event\/bill-lapsed","showAs":"Bill Lapsed","uri":"https:\/\/data.oireachtas.ie\/ie\/oireachtas\/bill\/2024\/67\/bill-lapsed"}},{"event":{"chamber":null,"dates":[{"date":"2026-02-19"}],"eventURI":"https:\/\/data.oireachtas.ie\/ie\/oireachtas\/def\/bill-event\/enacted","showAs":"Enacted","uri":"https:\/\/data.oireachtas.ie\/ie\/oireachtas\/bill\/2024\/67\/enacted"}}],"lastUpdated":"2026-02-27T17:21:57.490000+00:00","longTitleEn":"<p>Bill entitled an Act to provide that defamation actions in the High Court shall not be tried with a jury; to give effect to Directive (EU) 2024\/1069 of the European Parliament and of the Council of 11 April 2024 on protecting persons who engage in public participation from manifestly unfounded claims or abusive court proceedings (\u2018Strategic lawsuits against&nbsp;public participation\u2019) in so far as it relates to defamation proceedings; for those and other purposes to amend the Defamation Act 2009; and to provide for related matters.<\/p>\n","longTitleGa":"<p>Bille d\u00e1 ngairtear Acht do dh\u00e9anamh socr\u00fa nach dtriailfear le gi\u00fair\u00e9 caingne cl\u00famhillte san Ard-Ch\u00fairt; do thabhairt \u00e9ifeacht do Threoir (AE) 2024\/1069 \u00f3 Pharlaimint na hEorpa agus \u00f3n gComhairle an 11 Aibre\u00e1n 2024 maidir le daoine a bh\u00edonn ag gabh\u00e1il do rannph\u00e1irt\u00edocht phoibl\u00ed a chosaint ar \u00e9ilimh at\u00e1 go follasach gan bhun\u00fas n\u00f3 ar imeachta\u00ed c\u00fairte m\u00ed-\u00fas\u00e1ideacha (\u2018C\u00e1sanna dl\u00ed strait\u00e9iseacha i gcoinne na rannph\u00e1irt\u00edochta poibl\u00ed\u2019) a mh\u00e9id a bhaineann s\u00ed le himeachta\u00ed mar gheall ar chl\u00famhilleadh; chun na gcr\u00edoch sin agus chun cr\u00edoch eile, do leas\u00fa an Achta um Chl\u00famhilleadh, 2009; agus do dh\u00e9anamh socr\u00fa i dtaobh nithe gaolmhara.<\/p>\n","method":"Presented","methodURI":"https:\/\/data.oireachtas.ie\/ie\/oireachtas\/def\/bill-method\/presented","mostRecentStage":{"event":{"chamber":null,"dates":[{"date":"2026-02-19"}],"house":null,"progressStage":11,"showAs":"Enacted","stageCompleted":true,"stageOutcome":"Enacted","stageURI":"https:\/\/data.oireachtas.ie\/ie\/oireachtas\/def\/bill-stage\/enacted","uri":"https:\/\/data.oireachtas.ie\/ie\/oireachtas\/bill\/2024\/67\/stage\/oireachtas\/enacted"}},"originHouse":{"showAs":"D\u00e1il \u00c9ireann","uri":"https:\/\/data.oireachtas.ie\/ie\/oireachtas\/def\/house\/dail"},"originHouseURI":"https:\/\/data.oireachtas.ie\/ie\/oireachtas\/def\/house\/dail","relatedDocs":[{"relatedDoc":{"date":"2024-08-02","docType":"memo","formats":{"pdf":{"uri":"https:\/\/data.oireachtas.ie\/ie\/oireachtas\/bill\/2024\/67\/eng\/memo\/b6724d-memo.pdf"},"xml":null},"lang":"eng","showAs":"Explanatory Memorandum","uri":"https:\/\/data.oireachtas.ie\/ie\/oireachtas\/bill\/2024\/67\/eng\/memo"}}],"shortTitleEn":"Defamation (Amendment) Bill 2024","shortTitleGa":"An Bille um Chl\u00famhilleadh (Leas\u00fa), 2024","source":"Government","sourceURI":"https:\/\/data.oireachtas.ie\/ie\/oireachtas\/def\/bill-source\/government","sponsors":[{"sponsor":{"isPrimary":true,"as":{"showAs":"Minister for Justice","uri":null},"by":{"showAs":null,"uri":null}}}],"stages":[{"event":{"chamber":{"chamberCode":"dail","showAs":"D\u00e1il \u00c9ireann","uri":"https:\/\/data.oireachtas.ie\/ie\/oireachtas\/def\/house\/dail"},"dates":[{"date":"2024-08-02"},{"date":"2024-08-02"}],"house":{"chamberCode":"dail","chamberType":"house","houseCode":"dail","houseNo":"33","showAs":"33rd D\u00e1il","uri":"https:\/\/data.oireachtas.ie\/ie\/oireachtas\/house\/dail\/33"},"progressStage":1,"showAs":"First Stage","stageCompleted":true,"stageOutcome":null,"stageURI":"https:\/\/data.oireachtas.ie\/ie\/oireachtas\/def\/bill-stage\/1","uri":"https:\/\/data.oireachtas.ie\/ie\/oireachtas\/bill\/2024\/67\/stage\/dail\/1"}},{"event":{"chamber":{"chamberCode":"dail","showAs":"D\u00e1il \u00c9ireann","uri":"https:\/\/data.oireachtas.ie\/ie\/oireachtas\/def\/house\/dail"},"dates":[{"date":"2024-09-19"}],"house":{"chamberCode":"dail","chamberType":"house","houseCode":"dail","houseNo":"33","showAs":"33rd D\u00e1il","uri":"https:\/\/data.oireachtas.ie\/ie\/oireachtas\/house\/dail\/33"},"progressStage":2,"showAs":"Second Stage","stageCompleted":true,"stageOutcome":null,"stageURI":"https:\/\/data.oireachtas.ie\/ie\/oireachtas\/def\/bill-stage\/2","uri":"https:\/\/data.oireachtas.ie\/ie\/oireachtas\/bill\/2024\/67\/stage\/dail\/2"}},{"event":{"chamber":{"chamberCode":"dail","showAs":"D\u00e1il \u00c9ireann","uri":"https:\/\/data.oireachtas.ie\/ie\/oireachtas\/def\/house\/dail"},"dates":[{"date":"2025-04-29"},{"date":"2025-04-29"},{"date":"2025-04-29"}],"house":{"chamberCode":"dail","chamberType":"house","houseCode":"dail","houseNo":"34","showAs":"34th D\u00e1il","uri":"https:\/\/data.oireachtas.ie\/ie\/oireachtas\/house\/dail\/34"},"progressStage":3,"showAs":"Committee Stage","stageCompleted":true,"stageOutcome":null,"stageURI":"https:\/\/data.oireachtas.ie\/ie\/oireachtas\/def\/bill-stage\/3","uri":"https:\/\/data.oireachtas.ie\/ie\/oireachtas\/bill\/2024\/67\/stage\/dail\/3"}},{"event":{"chamber":{"chamberCode":"dail","showAs":"D\u00e1il \u00c9ireann","uri":"https:\/\/data.oireachtas.ie\/ie\/oireachtas\/def\/house\/dail"},"dates":[{"date":"2025-04-30"}],"house":{"chamberCode":"dail","chamberType":"house","houseCode":"dail","houseNo":"34","showAs":"34th D\u00e1il","uri":"https:\/\/data.oireachtas.ie\/ie\/oireachtas\/house\/dail\/34"},"progressStage":4,"showAs":"Report Stage","stageCompleted":true,"stageOutcome":null,"stageURI":"https:\/\/data.oireachtas.ie\/ie\/oireachtas\/def\/bill-stage\/4","uri":"https:\/\/data.oireachtas.ie\/ie\/oireachtas\/bill\/2024\/67\/stage\/dail\/4"}},{"event":{"chamber":{"chamberCode":"dail","showAs":"D\u00e1il \u00c9ireann","uri":"https:\/\/data.oireachtas.ie\/ie\/oireachtas\/def\/house\/dail"},"dates":[{"date":"2025-07-02"}],"house":{"chamberCode":"dail","chamberType":"house","houseCode":"dail","houseNo":"34","showAs":"34th D\u00e1il","uri":"https:\/\/data.oireachtas.ie\/ie\/oireachtas\/house\/dail\/34"},"progressStage":5,"showAs":"Fifth Stage","stageCompleted":true,"stageOutcome":null,"stageURI":"https:\/\/data.oireachtas.ie\/ie\/oireachtas\/def\/bill-stage\/5","uri":"https:\/\/data.oireachtas.ie\/ie\/oireachtas\/bill\/2024\/67\/stage\/dail\/5"}},{"event":{"chamber":{"chamberCode":"seanad","showAs":"Seanad \u00c9ireann","uri":"https:\/\/data.oireachtas.ie\/ie\/oireachtas\/def\/house\/seanad"},"dates":[{"date":"2025-07-02"}],"house":{"chamberCode":"seanad","chamberType":"house","houseCode":"seanad","houseNo":"27","showAs":"27th Seanad","uri":"https:\/\/data.oireachtas.ie\/ie\/oireachtas\/house\/seanad\/27"},"progressStage":6,"showAs":"Second Stage","stageCompleted":true,"stageOutcome":null,"stageURI":"https:\/\/data.oireachtas.ie\/ie\/oireachtas\/def\/bill-stage\/2","uri":"https:\/\/data.oireachtas.ie\/ie\/oireachtas\/bill\/2024\/67\/stage\/seanad\/2"}},{"event":{"chamber":{"chamberCode":"seanad","showAs":"Seanad \u00c9ireann","uri":"https:\/\/data.oireachtas.ie\/ie\/oireachtas\/def\/house\/seanad"},"dates":[{"date":"2025-07-09"},{"date":"2025-07-09"},{"date":"2025-07-09"},{"date":"2025-07-09"},{"date":"2025-07-09"},{"date":"2025-07-09"},{"date":"2025-07-09"},{"date":"2025-07-09"},{"date":"2025-07-09"},{"date":"2025-07-09"},{"date":"2025-07-09"},{"date":"2025-07-09"},{"date":"2025-07-09"},{"date":"2025-07-09"},{"date":"2025-07-09"},{"date":"2025-07-09"},{"date":"2025-07-09"},{"date":"2025-07-09"},{"date":"2025-07-09"},{"date":"2025-07-09"},{"date":"2025-07-09"},{"date":"2025-07-09"},{"date":"2025-07-09"},{"date":"2025-07-09"},{"date":"2025-07-09"},{"date":"2025-07-09"},{"date":"2025-07-09"}],"house":{"chamberCode":"seanad","chamberType":"house","houseCode":"seanad","houseNo":"27","showAs":"27th Seanad","uri":"https:\/\/data.oireachtas.ie\/ie\/oireachtas\/house\/seanad\/27"},"progressStage":7,"showAs":"Committee Stage","stageCompleted":true,"stageOutcome":null,"stageURI":"https:\/\/data.oireachtas.ie\/ie\/oireachtas\/def\/bill-stage\/3","uri":"https:\/\/data.oireachtas.ie\/ie\/oireachtas\/bill\/2024\/67\/stage\/seanad\/3"}},{"event":{"chamber":{"chamberCode":"seanad","showAs":"Seanad \u00c9ireann","uri":"https:\/\/data.oireachtas.ie\/ie\/oireachtas\/def\/house\/seanad"},"dates":[{"date":"2026-01-21"}],"house":{"chamberCode":"seanad","chamberType":"house","houseCode":"seanad","houseNo":"27","showAs":"27th Seanad","uri":"https:\/\/data.oireachtas.ie\/ie\/oireachtas\/house\/seanad\/27"},"progressStage":8,"showAs":"Report Stage","stageCompleted":true,"stageOutcome":null,"stageURI":"https:\/\/data.oireachtas.ie\/ie\/oireachtas\/def\/bill-stage\/4","uri":"https:\/\/data.oireachtas.ie\/ie\/oireachtas\/bill\/2024\/67\/stage\/seanad\/4"}},{"event":{"chamber":{"chamberCode":"seanad","showAs":"Seanad \u00c9ireann","uri":"https:\/\/data.oireachtas.ie\/ie\/oireachtas\/def\/house\/seanad"},"dates":[{"date":"2026-01-21"}],"house":{"chamberCode":"seanad","chamberType":"house","houseCode":"seanad","houseNo":"27","showAs":"27th Seanad","uri":"https:\/\/data.oireachtas.ie\/ie\/oireachtas\/house\/seanad\/27"},"progressStage":9,"showAs":"Fifth Stage","stageCompleted":true,"stageOutcome":null,"stageURI":"https:\/\/data.oireachtas.ie\/ie\/oireachtas\/def\/bill-stage\/5","uri":"https:\/\/data.oireachtas.ie\/ie\/oireachtas\/bill\/2024\/67\/stage\/seanad\/5"}},{"event":{"chamber":{"chamberCode":"dail","showAs":"D\u00e1il \u00c9ireann","uri":"https:\/\/data.oireachtas.ie\/ie\/oireachtas\/def\/house\/dail"},"dates":[{"date":"2026-02-11"}],"house":{"chamberCode":"dail","chamberType":"house","houseCode":"dail","houseNo":"34","showAs":"34th D\u00e1il","uri":"https:\/\/data.oireachtas.ie\/ie\/oireachtas\/house\/dail\/34"},"progressStage":10,"showAs":"Cream List","stageCompleted":true,"stageOutcome":null,"stageURI":"https:\/\/data.oireachtas.ie\/ie\/oireachtas\/def\/bill-stage\/6","uri":"https:\/\/data.oireachtas.ie\/ie\/oireachtas\/bill\/2024\/67\/stage\/dail\/6"}},{"event":{"chamber":null,"dates":[{"date":"2026-02-19"}],"house":null,"progressStage":11,"showAs":"Enacted","stageCompleted":true,"stageOutcome":"Enacted","stageURI":"https:\/\/data.oireachtas.ie\/ie\/oireachtas\/def\/bill-stage\/enacted","uri":"https:\/\/data.oireachtas.ie\/ie\/oireachtas\/bill\/2024\/67\/stage\/oireachtas\/enacted"}}],"status":"Enacted","statusURI":"https:\/\/data.oireachtas.ie\/ie\/oireachtas\/def\/bill-status\/enacted","uri":"https:\/\/data.oireachtas.ie\/ie\/oireachtas\/bill\/2024\/67","versions":[{"version":{"lang":"eng","docType":"act","showAs":"Defamation (Amendment) Act 2026","date":"2026-02-19","formats":{"pdf":{"uri":"https:\/\/data.oireachtas.ie\/ie\/oireachtas\/act\/2026\/2\/eng\/enacted\/a0226.pdf"},"xml":null},"uri":"https:\/\/data.oireachtas.ie\/ie\/oireachtas\/act\/2026\/2\/eng\/enacted"}},{"version":{"lang":"eng","docType":"bill","showAs":"As passed by both Houses of the Oireachtas","date":"2026-02-11","formats":{"pdf":{"uri":"https:\/\/data.oireachtas.ie\/ie\/oireachtas\/bill\/2024\/67\/eng\/ver_c\/b67c24d.pdf"},"xml":null},"uri":"https:\/\/data.oireachtas.ie\/ie\/oireachtas\/bill\/2024\/67\/eng\/ver_c"}},{"version":{"lang":"eng","docType":"bill","showAs":"As passed by D\u00e1il \u00c9ireann","date":"2025-07-02","formats":{"pdf":{"uri":"https:\/\/data.oireachtas.ie\/ie\/oireachtas\/bill\/2024\/67\/eng\/ver_b\/b67b24d.pdf"},"xml":null},"uri":"https:\/\/data.oireachtas.ie\/ie\/oireachtas\/bill\/2024\/67\/eng\/ver_b"}},{"version":{"lang":"eng","docType":"bill","showAs":"As amended in Committee\/Select Committee [D\u00e1il \u00c9ireann]","date":"2025-04-30","formats":{"pdf":{"uri":"https:\/\/data.oireachtas.ie\/ie\/oireachtas\/bill\/2024\/67\/eng\/ver_a\/b67a24d.pdf"},"xml":null},"uri":"https:\/\/data.oireachtas.ie\/ie\/oireachtas\/bill\/2024\/67\/eng\/ver_a"}},{"version":{"lang":"eng","docType":"bill","showAs":"As Initiated","date":"2024-08-02","formats":{"pdf":{"uri":"https:\/\/data.oireachtas.ie\/ie\/oireachtas\/bill\/2024\/67\/eng\/initiated\/b6724d.pdf"},"xml":null},"uri":"https:\/\/data.oireachtas.ie\/ie\/oireachtas\/bill\/2024\/67\/eng\/initiated"}}]},"contextDate":"2026-02-19","billSort":{"actNoSort":2,"actShortTitleEnSort":"defamation-amendment-act-2026","actShortTitleGaSort":"an-tacht-um-chlumhilleadh-leasu-2026","actYearSort":2026,"billNoSort":67,"billShortTitleEnSort":"defamation-amendment-bill-2024","billShortTitleGaSort":"an-bille-um-chlumhilleadh-leasu-2024","billYearSort":2024}},{"bill":{"act":{"actNo":"11","actYear":"2026","dateSigned":"2026-05-07","longTitleEn":"<p>Act to provide for the admission to, and discharge from, registered acute mental health centres, of adult persons in certain circumstances and, for the involuntary admission of adult persons who meet the criteria for involuntary admission to such centres; to provide for the criteria for, and review of, involuntary admission of adult persons to registered acute mental health centres; and, for those purposes, to provide for the establishment of mental health review boards; to provide for the care and treatment of adult persons in registered acute mental health centres and to provide that treatment, other than in certain limited circumstances, shall not be given to adult persons without consent being given for such treatment; to regulate the application, in certain limited circumstances, of restrictive practices in respect of adult persons who are admitted to registered acute mental health centres; to provide for the admission to and discharge from registered acute mental health centres of children on a voluntary basis and with parental consent; to provide for the involuntary admission to, and discharge from, registered acute mental health centres of children who meet the criteria for involuntary admission of children to registered acute mental health centres by way of application to the Family District Court or the District Court, as the case may be; to provide for the criteria for, and review of, involuntary admission of children to registered acute mental health centres; to provide for the treatment of children in registered acute mental health centres and to provide that treatment, other than in certain limited circumstances, shall not be given to children without consent being given for such treatment; to regulate the application, in certain limited circumstances, of restrictive practices and the prohibition on administration of electro-convulsive therapy in respect of children who are admitted to registered acute mental health centres; to provide for applications to be made to court to provide for the entitlements of persons admitted to registered acute mental health centres; to provide for the continuation in being of the Mental Health Commission and the Inspector of Mental Health Services; to provide for the establishment and maintenance of a register of acute mental health centres, a register of community mental health centres and a register of community mental health services for such centres and services registered under and in accordance with this Act; to provide for the regulation of mental health services including registered acute mental health centres, registered community mental health centres and registered community mental health services; to provide for the monitoring and enforcement of compliance with the provisions of this Act by the Mental Health Commission; to repeal the Mental Health Act 2001 and certain other enactments; to provide for the amendment of the Assisted Decision-Making (Capacity) Act 2015 and certain other enactments; and to provide for related matters.<\/p>","longTitleGa":"<p>Acht do dh\u00e9anamh socr\u00fa maidir le haosaigh a ghlacadh isteach in ionaid gh\u00e9ar-mheabhairshl\u00e1inte chl\u00e1raithe, agus a urscaoileadh astu, in imthosca \u00e1irithe, agus maidir le haosaigh, is aosaigh a chomhl\u00edonann na crit\u00e9ir chun bheith glactha isteach in ionaid den s\u00f3rt sin ar bhonn ainneonach, a ghlacadh isteach ar bhonn ainneonach; do dh\u00e9anamh socr\u00fa maidir leis na crit\u00e9ir chun aosaigh a ghlacadh isteach in ionaid gh\u00e9ar-mheabhairshl\u00e1inte chl\u00e1raithe ar bhonn ainneonach, agus maidir le hathbhreithni\u00fa a dh\u00e9anamh ar an nglacadh isteach sin; agus, chun na gcr\u00edoch sin, do dh\u00e9anamh socr\u00fa maidir le boird athbhreithnithe meabhairshl\u00e1inte a bhun\u00fa; do dh\u00e9anamh socr\u00fa maidir le c\u00faram agus c\u00f3ire\u00e1il a thabhairt d\u2019aosaigh in ionaid gh\u00e9ar-mheabhairshl\u00e1inte chl\u00e1raithe agus do dh\u00e9anamh socr\u00fa nach dtabharfar c\u00f3ire\u00e1il d\u2019aosaigh gan toili\u00fa a thabhairt le haghaidh na c\u00f3ire\u00e1la sin, seachas in imthosca teoranta \u00e1irithe; do dh\u00e9anamh rial\u00e1il, in imthosca teoranta \u00e1irithe, ar chleachtais srianta a chur i bhfeidhm maidir le haosaigh a ghlactar isteach in ionaid gh\u00e9ar-mheabhairshl\u00e1inte chl\u00e1raithe; do dh\u00e9anamh socr\u00fa maidir le leana\u00ed a ghlacadh isteach in ionaid gh\u00e9ar-mheabhairshl\u00e1inte chl\u00e1raithe, agus a urscaoileadh astu, ar bhonn saor\u00e1lach agus le toili\u00fa tuismitheora; do dh\u00e9anamh socr\u00fa maidir le leana\u00ed, is leana\u00ed a chomhl\u00edonann na crit\u00e9ir chun leana\u00ed a ghlacadh isteach in ionaid gh\u00e9ar-mheabhairshl\u00e1inte chl\u00e1raithe ar bhonn ainneonach, a ghlacadh isteach in ionaid gh\u00e9ar-mheabhairshl\u00e1inte chl\u00e1raithe ar bhonn ainneonach, agus a urscaoileadh astu, ar mhodh iarratas chun na C\u00fairte Teaghlaigh D\u00faiche n\u00f3 chun na C\u00fairte D\u00faiche, de r\u00e9ir mar a bheidh; do dh\u00e9anamh socr\u00fa maidir leis na crit\u00e9ir chun leana\u00ed a ghlacadh isteach in ionaid gh\u00e9ar-mheabhairshl\u00e1inte chl\u00e1raithe ar bhonn ainneonach, agus maidir le hathbhreithni\u00fa a dh\u00e9anamh ar an nglacadh isteach sin; do dh\u00e9anamh socr\u00fa maidir le c\u00f3ire\u00e1il a thabhairt do leana\u00ed in ionaid gh\u00e9ar-mheabhairshl\u00e1inte chl\u00e1raithe agus do dh\u00e9anamh socr\u00fa nach dtabharfar c\u00f3ire\u00e1il do leana\u00ed gan toili\u00fa a thabhairt le haghaidh na c\u00f3ire\u00e1la sin, seachas in imthosca teoranta \u00e1irithe; do dh\u00e9anamh rial\u00e1il, in imthosca teoranta \u00e1irithe, ar chleachtais srianta a chur i bhfeidhm maidir le leana\u00ed a ghlactar isteach in ionaid gh\u00e9ar-mheabhairshl\u00e1inte chl\u00e1raithe agus ar an toirmeasc ar theiripe leictri-thritheamhach a thabhairt maidir leis na leana\u00ed sin; do dh\u00e9anamh socr\u00fa maidir le hiarratais a dh\u00e9anamh chun na c\u00fairte d\u2019fhonn socr\u00fa a dh\u00e9anamh maidir le teidl\u00edochta\u00ed daoine a ghlactar isteach in ionaid gh\u00e9ar-mheabhairshl\u00e1inte chl\u00e1raithe; do dh\u00e9anamh socr\u00fa maidir leis an gCoimisi\u00fan Meabhair-Shl\u00e1inte agus maidir leis an gCigire Seirbh\u00eds\u00ed Meabhair-Shl\u00e1inte a choime\u00e1d ar marthain; do dh\u00e9anamh socr\u00fa maidir le cl\u00e1r d\u2019ionaid gh\u00e9ar-mheabhairshl\u00e1inte, cl\u00e1r d\u2019ionaid mheabhairshl\u00e1inte phobail, agus cl\u00e1r de sheirbh\u00eds\u00ed meabhairshl\u00e1inte pobail le haghaidh na n-ionad agus na seirbh\u00eds\u00ed sin a chl\u00e1ra\u00edtear faoin Acht seo agus d\u00e1 r\u00e9ir, a bhun\u00fa agus a chothabh\u00e1il; do dh\u00e9anamh socr\u00fa maidir le rial\u00e1il seirbh\u00eds\u00ed meabhairshl\u00e1inte, lena n-\u00e1ir\u00edtear ionaid gh\u00e9ar-mheabhairshl\u00e1inte chl\u00e1raithe, ionaid mheabhairshl\u00e1inte phobail chl\u00e1raithe agus seirbh\u00eds\u00ed meabhairshl\u00e1inte pobail cl\u00e1raithe; do dh\u00e9anamh socr\u00fa maidir leis an gCoimisi\u00fan Meabhair-Shl\u00e1inte do dh\u00e9anamh faireach\u00e1n ar chomhl\u00edonadh fhor\u00e1lacha an Achta seo agus d\u2019fhorfheidhmi\u00fa chomhl\u00edonadh fhor\u00e1lacha an Achta seo; d\u2019aisghairm an Achta Meabhair-Shl\u00e1inte, 2001 agus achtach\u00e1in \u00e1irithe eile; do dh\u00e9anamh socr\u00fa maidir leis an Acht um Chinnteoireacht Chuidithe (Cumas), 2015 agus achtach\u00e1in \u00e1irithe eile a leas\u00fa; agus do dh\u00e9anamh socr\u00fa i dtaobh nithe gaolmhara.<\/p>","shortTitleEn":"Mental Health Act 2026","shortTitleGa":"An tAcht Meabhair-Shl\u00e1inte, 2026","statutebookURI":"http:\/\/www.irishstatutebook.ie\/eli\/2026\/act\/11","uri":"https:\/\/data.oireachtas.ie\/ie\/oireachtas\/act\/2026\/11"},"amendmentLists":[{"amendmentList":{"amendmentTypeUri":{"uri":"https:\/\/data.oireachtas.ie\/ie\/oireachtas\/def\/amendment-type\/creamList"},"chamber":{"showAs":"Seanad","uri":"https:\/\/data.oireachtas.ie\/ie\/oireachtas\/def\/seanad"},"date":"2026-04-22","formats":{"pdf":{"uri":"https:\/\/data.oireachtas.ie\/ie\/oireachtas\/bill\/2024\/66\/seanad\/6\/amendment\/creamList\/eng\/b66b24d-cl.pdf"},"xml":null},"showAs":"Cream List [Seanad amendments to D\u00e1il Bill]","stage":{"showAs":"Cream List","uri":"https:\/\/data.oireachtas.ie\/ie\/oireachtas\/bill\/2024\/66\/seanad\/6"},"stageNo":"6"}},{"amendmentList":{"amendmentTypeUri":{"uri":"https:\/\/data.oireachtas.ie\/ie\/oireachtas\/def\/amendment-type\/numberedList"},"chamber":{"showAs":"Seanad","uri":"https:\/\/data.oireachtas.ie\/ie\/oireachtas\/def\/seanad"},"date":"2026-04-21","formats":{"pdf":{"uri":"https:\/\/data.oireachtas.ie\/ie\/oireachtas\/bill\/2024\/66\/seanad\/6\/amendment\/numberedList\/eng\/b66b24d-cl-1st-additional-and-substitute-list.pdf"},"xml":null},"showAs":"1st Additional & Substitute List of Amendments [D\u00e1il]","stage":{"showAs":"Cream List","uri":"https:\/\/data.oireachtas.ie\/ie\/oireachtas\/bill\/2024\/66\/seanad\/6"},"stageNo":"6"}},{"amendmentList":{"amendmentTypeUri":{"uri":"https:\/\/data.oireachtas.ie\/ie\/oireachtas\/def\/amendment-type\/numberedList"},"chamber":{"showAs":"Seanad","uri":"https:\/\/data.oireachtas.ie\/ie\/oireachtas\/def\/seanad"},"date":"2026-04-14","formats":{"pdf":{"uri":"https:\/\/data.oireachtas.ie\/ie\/oireachtas\/bill\/2024\/66\/seanad\/4\/amendment\/numberedList\/eng\/b66bx24d-srnl.pdf"},"xml":null},"showAs":"Numbered List [Seanad]","stage":{"showAs":"Report Stage","uri":"https:\/\/data.oireachtas.ie\/ie\/oireachtas\/bill\/2024\/66\/seanad\/4"},"stageNo":"4"}},{"amendmentList":{"amendmentTypeUri":{"uri":"https:\/\/data.oireachtas.ie\/ie\/oireachtas\/def\/amendment-type\/numberedList"},"chamber":{"showAs":"Seanad","uri":"https:\/\/data.oireachtas.ie\/ie\/oireachtas\/def\/seanad"},"date":"2026-01-28","formats":{"pdf":{"uri":"https:\/\/data.oireachtas.ie\/ie\/oireachtas\/bill\/2024\/66\/seanad\/3\/amendment\/numberedList\/eng\/b66b24d-scnl-4th-additional-list.pdf"},"xml":null},"showAs":"4th Additional List of Amendments [Seanad]","stage":{"showAs":"Committee Stage","uri":"https:\/\/data.oireachtas.ie\/ie\/oireachtas\/bill\/2024\/66\/seanad\/3"},"stageNo":"3"}},{"amendmentList":{"amendmentTypeUri":{"uri":"https:\/\/data.oireachtas.ie\/ie\/oireachtas\/def\/amendment-type\/numberedList"},"chamber":{"showAs":"Seanad","uri":"https:\/\/data.oireachtas.ie\/ie\/oireachtas\/def\/seanad"},"date":"2026-01-20","formats":{"pdf":{"uri":"https:\/\/data.oireachtas.ie\/ie\/oireachtas\/bill\/2024\/66\/seanad\/3\/amendment\/numberedList\/eng\/b66b24d-scnl-3rd-additional-list.pdf"},"xml":null},"showAs":"3rd Additional List of Amendments [Seanad]","stage":{"showAs":"Committee Stage","uri":"https:\/\/data.oireachtas.ie\/ie\/oireachtas\/bill\/2024\/66\/seanad\/3"},"stageNo":"3"}},{"amendmentList":{"amendmentTypeUri":{"uri":"https:\/\/data.oireachtas.ie\/ie\/oireachtas\/def\/amendment-type\/numberedList"},"chamber":{"showAs":"Seanad","uri":"https:\/\/data.oireachtas.ie\/ie\/oireachtas\/def\/seanad"},"date":"2025-12-16","formats":{"pdf":{"uri":"https:\/\/data.oireachtas.ie\/ie\/oireachtas\/bill\/2024\/66\/seanad\/3\/amendment\/numberedList\/eng\/b66b24d-scnl-2nd-additional-and-substitute-list.pdf"},"xml":null},"showAs":"2nd Additional List of Amendments [Seanad]","stage":{"showAs":"Committee Stage","uri":"https:\/\/data.oireachtas.ie\/ie\/oireachtas\/bill\/2024\/66\/seanad\/3"},"stageNo":"3"}},{"amendmentList":{"amendmentTypeUri":{"uri":"https:\/\/data.oireachtas.ie\/ie\/oireachtas\/def\/amendment-type\/numberedList"},"chamber":{"showAs":"Seanad","uri":"https:\/\/data.oireachtas.ie\/ie\/oireachtas\/def\/seanad"},"date":"2025-12-09","formats":{"pdf":{"uri":"https:\/\/data.oireachtas.ie\/ie\/oireachtas\/bill\/2024\/66\/seanad\/3\/amendment\/numberedList\/eng\/b66b24d-scnl-1st-additional-and-substitute-list.pdf"},"xml":null},"showAs":"1st Additional List of Amendments [Seanad]","stage":{"showAs":"Committee Stage","uri":"https:\/\/data.oireachtas.ie\/ie\/oireachtas\/bill\/2024\/66\/seanad\/3"},"stageNo":"3"}},{"amendmentList":{"amendmentTypeUri":{"uri":"https:\/\/data.oireachtas.ie\/ie\/oireachtas\/def\/amendment-type\/numberedList"},"chamber":{"showAs":"Seanad","uri":"https:\/\/data.oireachtas.ie\/ie\/oireachtas\/def\/seanad"},"date":"2025-12-02","formats":{"pdf":{"uri":"https:\/\/data.oireachtas.ie\/ie\/oireachtas\/bill\/2024\/66\/seanad\/3\/amendment\/numberedList\/eng\/b66b24d-scnl.pdf"},"xml":null},"showAs":"Numbered List [Seanad]","stage":{"showAs":"Committee Stage","uri":"https:\/\/data.oireachtas.ie\/ie\/oireachtas\/bill\/2024\/66\/seanad\/3"},"stageNo":"3"}},{"amendmentList":{"amendmentTypeUri":{"uri":"https:\/\/data.oireachtas.ie\/ie\/oireachtas\/def\/amendment-type\/numberedList"},"chamber":{"showAs":"Dail","uri":"https:\/\/data.oireachtas.ie\/ie\/oireachtas\/def\/dail"},"date":"2025-07-08","formats":{"pdf":{"uri":"https:\/\/data.oireachtas.ie\/ie\/oireachtas\/bill\/2024\/66\/dail\/4\/amendment\/numberedList\/eng\/b66a24d-drnl.pdf"},"xml":null},"showAs":"Numbered List [D\u00e1il]","stage":{"showAs":"Report Stage","uri":"https:\/\/data.oireachtas.ie\/ie\/oireachtas\/bill\/2024\/66\/dail\/4"},"stageNo":"4"}},{"amendmentList":{"amendmentTypeUri":{"uri":"https:\/\/data.oireachtas.ie\/ie\/oireachtas\/def\/amendment-type\/numberedList"},"chamber":{"showAs":"Dail","uri":"https:\/\/data.oireachtas.ie\/ie\/oireachtas\/def\/dail"},"date":"2025-06-12","formats":{"pdf":{"uri":"https:\/\/data.oireachtas.ie\/ie\/oireachtas\/bill\/2024\/66\/dail\/3\/amendment\/numberedList\/eng\/b6624d-dc-1st-additional-list.pdf"},"xml":null},"showAs":"1st Additional List of Amendments [D\u00e1il]","stage":{"showAs":"Committee Stage","uri":"https:\/\/data.oireachtas.ie\/ie\/oireachtas\/bill\/2024\/66\/dail\/3"},"stageNo":"3"}},{"amendmentList":{"amendmentTypeUri":{"uri":"https:\/\/data.oireachtas.ie\/ie\/oireachtas\/def\/amendment-type\/numberedList"},"chamber":{"showAs":"Dail","uri":"https:\/\/data.oireachtas.ie\/ie\/oireachtas\/def\/dail"},"date":"2025-06-10","formats":{"pdf":{"uri":"https:\/\/data.oireachtas.ie\/ie\/oireachtas\/bill\/2024\/66\/dail\/3\/amendment\/numberedList\/eng\/b6624d-dcnl.pdf"},"xml":null},"showAs":"Numbered List [D\u00e1il]","stage":{"showAs":"Committee Stage","uri":"https:\/\/data.oireachtas.ie\/ie\/oireachtas\/bill\/2024\/66\/dail\/3"},"stageNo":"3"}}],"billNo":"66","billType":"Public","billTypeURI":"https:\/\/data.oireachtas.ie\/ie\/oireachtas\/def\/bill-type\/public","billYear":"2024","debates":[{"chamber":{"showAs":"D\u00e1il \u00c9ireann","uri":"https:\/\/data.oireachtas.ie\/ie\/oireachtas\/def\/house\/dail"},"date":"2026-04-29","debateSectionId":"dbsect_15","showAs":"Mental Health Bill 2024: From the Seanad","uri":"https:\/\/data.oireachtas.ie\/akn\/ie\/debateRecord\/dail\/2026-04-29\/debate\/main"},{"chamber":{"showAs":"Seanad \u00c9ireann","uri":"https:\/\/data.oireachtas.ie\/ie\/oireachtas\/def\/house\/seanad"},"date":"2026-04-16","debateSectionId":"dbsect_11","showAs":"Mental Health Bill 2024: Report and Final Stages","uri":"https:\/\/data.oireachtas.ie\/akn\/ie\/debateRecord\/seanad\/2026-04-16\/debate\/main"},{"chamber":{"showAs":"Seanad \u00c9ireann","uri":"https:\/\/data.oireachtas.ie\/ie\/oireachtas\/def\/house\/seanad"},"date":"2026-01-29","debateSectionId":"dbsect_10","showAs":"Mental Health Bill 2024: Committee Stage (Resumed)","uri":"https:\/\/data.oireachtas.ie\/akn\/ie\/debateRecord\/seanad\/2026-01-29\/debate\/main"},{"chamber":{"showAs":"Seanad \u00c9ireann","uri":"https:\/\/data.oireachtas.ie\/ie\/oireachtas\/def\/house\/seanad"},"date":"2026-01-28","debateSectionId":"dbsect_15","showAs":"Mental Health Bill 2024: Committee Stage (Resumed)","uri":"https:\/\/data.oireachtas.ie\/akn\/ie\/debateRecord\/seanad\/2026-01-28\/debate\/main"},{"chamber":{"showAs":"Seanad \u00c9ireann","uri":"https:\/\/data.oireachtas.ie\/ie\/oireachtas\/def\/house\/seanad"},"date":"2026-01-22","debateSectionId":"dbsect_11","showAs":"Mental Health Bill 2024: Committee Stage (Resumed)","uri":"https:\/\/data.oireachtas.ie\/akn\/ie\/debateRecord\/seanad\/2026-01-22\/debate\/main"},{"chamber":{"showAs":"Seanad \u00c9ireann","uri":"https:\/\/data.oireachtas.ie\/ie\/oireachtas\/def\/house\/seanad"},"date":"2026-01-20","debateSectionId":"dbsect_10","showAs":"Mental Health Bill 2024: Committee Stage (Resumed)","uri":"https:\/\/data.oireachtas.ie\/akn\/ie\/debateRecord\/seanad\/2026-01-20\/debate\/main"},{"chamber":{"showAs":"Seanad \u00c9ireann","uri":"https:\/\/data.oireachtas.ie\/ie\/oireachtas\/def\/house\/seanad"},"date":"2025-12-17","debateSectionId":"dbsect_2","showAs":"Mental Health Bill 2024: Committee Stage (Resumed)","uri":"https:\/\/data.oireachtas.ie\/akn\/ie\/debateRecord\/seanad\/2025-12-17\/debate\/main"},{"chamber":{"showAs":"Seanad \u00c9ireann","uri":"https:\/\/data.oireachtas.ie\/ie\/oireachtas\/def\/house\/seanad"},"date":"2025-12-10","debateSectionId":"dbsect_15","showAs":"Mental Health Bill 2024: Committee Stage (Resumed)","uri":"https:\/\/data.oireachtas.ie\/akn\/ie\/debateRecord\/seanad\/2025-12-10\/debate\/main"},{"chamber":{"showAs":"Seanad \u00c9ireann","uri":"https:\/\/data.oireachtas.ie\/ie\/oireachtas\/def\/house\/seanad"},"date":"2025-12-09","debateSectionId":"dbsect_34","showAs":"Mental Health Bill 2024: Committee Stage (Resumed)","uri":"https:\/\/data.oireachtas.ie\/akn\/ie\/debateRecord\/seanad\/2025-12-09\/debate\/main"},{"chamber":{"showAs":"Seanad \u00c9ireann","uri":"https:\/\/data.oireachtas.ie\/ie\/oireachtas\/def\/house\/seanad"},"date":"2025-12-02","debateSectionId":"dbsect_8","showAs":"Mental Health Bill 2024: Committee Stage","uri":"https:\/\/data.oireachtas.ie\/akn\/ie\/debateRecord\/seanad\/2025-12-02\/debate\/main"},{"chamber":{"showAs":"Seanad \u00c9ireann","uri":"https:\/\/data.oireachtas.ie\/ie\/oireachtas\/def\/house\/seanad"},"date":"2025-09-24","debateSectionId":"dbsect_12","showAs":"Mental Health Bill 2024: Second Stage","uri":"https:\/\/data.oireachtas.ie\/akn\/ie\/debateRecord\/seanad\/2025-09-24\/debate\/main"},{"chamber":{"showAs":"D\u00e1il \u00c9ireann","uri":"https:\/\/data.oireachtas.ie\/ie\/oireachtas\/def\/house\/dail"},"date":"2025-07-09","debateSectionId":"dbsect_18","showAs":"Mental Health Bill 2024: Report and Final Stages","uri":"https:\/\/data.oireachtas.ie\/akn\/ie\/debateRecord\/dail\/2025-07-09\/debate\/main"},{"chamber":{"showAs":"D\u00e1il \u00c9ireann","uri":"https:\/\/data.oireachtas.ie\/ie\/oireachtas\/def\/house\/dail"},"date":"2025-06-25","debateSectionId":"dbsect_16","showAs":"Mental Health Bill 2024: Committee Stage (Resumed)","uri":"https:\/\/data.oireachtas.ie\/akn\/ie\/debateRecord\/dail\/2025-06-25\/debate\/main"},{"chamber":{"showAs":"D\u00e1il \u00c9ireann","uri":"https:\/\/data.oireachtas.ie\/ie\/oireachtas\/def\/house\/dail"},"date":"2025-06-18","debateSectionId":"dbsect_30","showAs":"Mental Health Bill 2024: Committee Stage (Resumed)","uri":"https:\/\/data.oireachtas.ie\/akn\/ie\/debateRecord\/dail\/2025-06-18\/debate\/main"},{"chamber":{"showAs":"D\u00e1il \u00c9ireann","uri":"https:\/\/data.oireachtas.ie\/ie\/oireachtas\/def\/house\/dail"},"date":"2025-06-11","debateSectionId":"dbsect_17","showAs":"Mental Health Bill 2024: Committee Stage","uri":"https:\/\/data.oireachtas.ie\/akn\/ie\/debateRecord\/dail\/2025-06-11\/debate\/main"},{"chamber":{"showAs":"D\u00e1il \u00c9ireann","uri":"https:\/\/data.oireachtas.ie\/ie\/oireachtas\/def\/house\/dail"},"date":"2024-09-19","debateSectionId":"dbsect_34","showAs":"Mental Health Bill 2024: Second Stage (Resumed)","uri":"https:\/\/data.oireachtas.ie\/akn\/ie\/debateRecord\/dail\/2024-09-19\/debate\/main"},{"chamber":{"showAs":"D\u00e1il \u00c9ireann","uri":"https:\/\/data.oireachtas.ie\/ie\/oireachtas\/def\/house\/dail"},"date":"2024-09-19","debateSectionId":"dbsect_35","showAs":"Mental Health Bill 2024: Referral to Select Committee","uri":"https:\/\/data.oireachtas.ie\/akn\/ie\/debateRecord\/dail\/2024-09-19\/debate\/main"},{"chamber":{"showAs":"D\u00e1il \u00c9ireann","uri":"https:\/\/data.oireachtas.ie\/ie\/oireachtas\/def\/house\/dail"},"date":"2024-09-18","debateSectionId":"dbsect_15","showAs":"Mental Health Bill 2024: Second Stage","uri":"https:\/\/data.oireachtas.ie\/akn\/ie\/debateRecord\/dail\/2024-09-18\/debate\/main"},{"chamber":{"showAs":"D\u00e1il \u00c9ireann","uri":"https:\/\/data.oireachtas.ie\/ie\/oireachtas\/def\/house\/dail"},"date":"2024-09-18","debateSectionId":"dbsect_17","showAs":"Mental Health Bill 2024: Second Stage (Resumed)","uri":"https:\/\/data.oireachtas.ie\/akn\/ie\/debateRecord\/dail\/2024-09-18\/debate\/main"}],"events":[{"event":{"chamber":{"chamberCode":"dail","showAs":"D\u00e1il \u00c9ireann","uri":"https:\/\/data.oireachtas.ie\/ie\/oireachtas\/def\/house\/dail"},"dates":[{"date":"2024-07-31"},{"date":"2025-02-05"},{"date":"2026-05-07"}],"eventURI":"https:\/\/data.oireachtas.ie\/ie\/oireachtas\/def\/bill-event\/published","showAs":"Published","uri":"https:\/\/data.oireachtas.ie\/ie\/oireachtas\/bill\/2024\/66\/published"}},{"event":{"chamber":{"chamberCode":"dail","showAs":"D\u00e1il \u00c9ireann","uri":"https:\/\/data.oireachtas.ie\/ie\/oireachtas\/def\/house\/dail"},"dates":[{"date":"2024-11-08"}],"eventURI":"https:\/\/data.oireachtas.ie\/ie\/oireachtas\/def\/bill-event\/bill-lapsed","showAs":"Bill Lapsed","uri":"https:\/\/data.oireachtas.ie\/ie\/oireachtas\/bill\/2024\/66\/bill-lapsed"}},{"event":{"chamber":null,"dates":[{"date":"2026-05-07"}],"eventURI":"https:\/\/data.oireachtas.ie\/ie\/oireachtas\/def\/bill-event\/enacted","showAs":"Enacted","uri":"https:\/\/data.oireachtas.ie\/ie\/oireachtas\/bill\/2024\/66\/enacted"}}],"lastUpdated":"2026-05-13T15:52:04.030000+00:00","longTitleEn":"<p>Bill entitled an Act to provide for the admission to, and discharge from, registered acute mental health centres, of adult persons in certain circumstances and, for the involuntary admission of adult persons who meet the criteria for involuntary admission to such centres; to provide for the criteria for, and review of, involuntary admission of adult persons to registered acute mental health centres; and, for those purposes, to provide for the establishment of mental health review boards; to provide for the care and treatment of adult persons in registered acute mental health centres and to provide that treatment, other than in certain limited circumstances, shall not be given to adult persons without consent being given for such treatment; to regulate the application, in certain limited circumstances, of restrictive practices in respect of adult persons who are admitted to registered acute mental health centres; to provide for the admission to and discharge from registered acute mental health centres of children on a voluntary basis and with parental consent; to provide for the involuntary admission to, and discharge from, registered acute mental health centres of children who meet the criteria for involuntary admission of children to registered acute mental health centres by way of application to the Family District Court or the District Court, as the case may be; to provide for the criteria for, and review of, involuntary admission of children to registered acute mental health centres; to provide for the treatment of children in registered acute mental health centres and to provide that treatment, other than in certain limited circumstances, shall not be given to children without consent being given for such treatment; to regulate the application, in certain limited circumstances, of restrictive practices and the prohibition on administration of electro-convulsive therapy in respect of children who are admitted to registered acute mental health centres; to provide for applications to be made to court to provide for the entitlements of persons admitted to registered acute mental health centres; to provide for the continuation in being of the Mental Health Commission and the Inspector of Mental Health Services; to provide for the establishment and maintenance of a register of acute mental health centres, a register of community mental health centres and a register of community mental health services for such centres and services registered under and in accordance with this Act; to provide for the regulation of mental health services including registered acute mental health centres, registered community mental health centres and registered community mental health services; to provide for the monitoring and enforcement of compliance with the provisions of this Act by the Mental Health Commission; to repeal the Mental Health Act 2001 and certain other enactments; to provide for the amendment of the Assisted Decision-Making (Capacity) Act 2015 and certain other enactments; and to provide for related matters.<\/p>","longTitleGa":"<p>Bille d\u00e1 ngairtear Acht do dh\u00e9anamh socr\u00fa maidir le haosaigh a ghlacadh isteach in ionaid gh\u00e9ar-mheabhairshl\u00e1inte chl\u00e1raithe, agus a urscaoileadh astu, in imthosca \u00e1irithe, agus maidir le haosaigh, is aosaigh a chomhl\u00edonann na crit\u00e9ir chun bheith glactha isteach in ionaid den s\u00f3rt sin ar bhonn ainneonach, a ghlacadh isteach ar bhonn ainneonach; do dh\u00e9anamh socr\u00fa maidir leis na crit\u00e9ir chun aosaigh a ghlacadh isteach in ionaid gh\u00e9ar-mheabhairshl\u00e1inte chl\u00e1raithe ar bhonn ainneonach, agus maidir le hathbhreithni\u00fa a dh\u00e9anamh ar an nglacadh isteach sin; agus, chun na gcr\u00edoch sin, do dh\u00e9anamh socr\u00fa maidir le boird athbhreithnithe meabhairshl\u00e1inte a bhun\u00fa; do dh\u00e9anamh socr\u00fa maidir le c\u00faram agus c\u00f3ire\u00e1il a thabhairt d\u2019aosaigh in ionaid gh\u00e9ar-mheabhairshl\u00e1inte chl\u00e1raithe agus do dh\u00e9anamh socr\u00fa nach dtabharfar c\u00f3ire\u00e1il d\u2019aosaigh gan toili\u00fa a thabhairt le haghaidh na c\u00f3ire\u00e1la sin, seachas in imthosca teoranta \u00e1irithe; do dh\u00e9anamh rial\u00e1il, in imthosca teoranta \u00e1irithe, ar chleachtais srianta a chur i bhfeidhm maidir le haosaigh a ghlactar isteach in ionaid gh\u00e9ar-mheabhairshl\u00e1inte chl\u00e1raithe; do dh\u00e9anamh socr\u00fa maidir le leana\u00ed a ghlacadh isteach in ionaid gh\u00e9ar-mheabhairshl\u00e1inte chl\u00e1raithe, agus a urscaoileadh astu, ar bhonn saor\u00e1lach agus le toili\u00fa tuismitheora; do dh\u00e9anamh socr\u00fa maidir le leana\u00ed, is leana\u00ed a chomhl\u00edonann na crit\u00e9ir chun leana\u00ed a ghlacadh isteach in ionaid gh\u00e9ar-mheabhairshl\u00e1inte chl\u00e1raithe ar bhonn ainneonach, a ghlacadh isteach in ionaid gh\u00e9ar-mheabhairshl\u00e1inte chl\u00e1raithe ar bhonn ainneonach, agus a urscaoileadh astu, ar mhodh iarratas chun na C\u00fairte Teaghlaigh D\u00faiche n\u00f3 chun na C\u00fairte D\u00faiche, de r\u00e9ir mar a bheidh; do dh\u00e9anamh socr\u00fa maidir leis na crit\u00e9ir chun leana\u00ed a ghlacadh isteach in ionaid gh\u00e9ar-mheabhairshl\u00e1inte chl\u00e1raithe ar bhonn ainneonach, agus maidir le hathbhreithni\u00fa a dh\u00e9anamh ar an nglacadh isteach sin; do dh\u00e9anamh socr\u00fa maidir le c\u00f3ire\u00e1il a thabhairt do leana\u00ed in ionaid gh\u00e9ar-mheabhairshl\u00e1inte chl\u00e1raithe agus do dh\u00e9anamh socr\u00fa nach dtabharfar c\u00f3ire\u00e1il do leana\u00ed gan toili\u00fa a thabhairt le haghaidh na c\u00f3ire\u00e1la sin, seachas in imthosca teoranta \u00e1irithe; do dh\u00e9anamh rial\u00e1il, in imthosca teoranta \u00e1irithe, ar chleachtais srianta a chur i bhfeidhm maidir le leana\u00ed a ghlactar isteach in ionaid gh\u00e9ar-mheabhairshl\u00e1inte chl\u00e1raithe agus ar an toirmeasc ar theiripe leictri-thritheamhach a thabhairt maidir leis na leana\u00ed sin; do dh\u00e9anamh socr\u00fa maidir le hiarratais a dh\u00e9anamh chun na c\u00fairte d\u2019fhonn socr\u00fa a dh\u00e9anamh maidir le teidl\u00edochta\u00ed daoine a ghlactar isteach in ionaid gh\u00e9ar-mheabhairshl\u00e1inte chl\u00e1raithe; do dh\u00e9anamh socr\u00fa maidir leis an gCoimisi\u00fan Meabhair-Shl\u00e1inte agus maidir leis an gCigire Seirbh\u00eds\u00ed Meabhair-Shl\u00e1inte a choime\u00e1d ar marthain; do dh\u00e9anamh socr\u00fa maidir le cl\u00e1r d\u2019ionaid gh\u00e9ar-mheabhairshl\u00e1inte, cl\u00e1r d\u2019ionaid mheabhairshl\u00e1inte phobail, agus cl\u00e1r de sheirbh\u00eds\u00ed meabhairshl\u00e1inte pobail le haghaidh na n-ionad agus na seirbh\u00eds\u00ed sin a chl\u00e1ra\u00edtear faoin Acht seo agus d\u00e1 r\u00e9ir, a bhun\u00fa agus a chothabh\u00e1il; do dh\u00e9anamh socr\u00fa maidir le rial\u00e1il seirbh\u00eds\u00ed meabhairshl\u00e1inte, lena n-\u00e1ir\u00edtear ionaid gh\u00e9ar-mheabhairshl\u00e1inte chl\u00e1raithe, ionaid mheabhairshl\u00e1inte phobail chl\u00e1raithe agus seirbh\u00eds\u00ed meabhairshl\u00e1inte pobail cl\u00e1raithe; do dh\u00e9anamh socr\u00fa maidir leis an gCoimisi\u00fan Meabhair-Shl\u00e1inte do dh\u00e9anamh faireach\u00e1n ar chomhl\u00edonadh fhor\u00e1lacha an Achta seo agus d\u2019fhorfheidhmi\u00fa chomhl\u00edonadh fhor\u00e1lacha an Achta seo; d\u2019aisghairm an Achta Meabhair-Shl\u00e1inte, 2001 agus achtach\u00e1in \u00e1irithe eile; do dh\u00e9anamh socr\u00fa maidir leis an Acht um Chinnteoireacht Chuidithe (Cumas), 2015 agus achtach\u00e1in \u00e1irithe eile a leas\u00fa; agus do dh\u00e9anamh socr\u00fa i dtaobh nithe gaolmhara.<\/p>","method":"Presented","methodURI":"https:\/\/data.oireachtas.ie\/ie\/oireachtas\/def\/bill-method\/presented","mostRecentStage":{"event":{"chamber":null,"dates":[{"date":"2026-05-07"}],"house":null,"progressStage":11,"showAs":"Enacted","stageCompleted":true,"stageOutcome":"Enacted","stageURI":"https:\/\/data.oireachtas.ie\/ie\/oireachtas\/def\/bill-stage\/enacted","uri":"https:\/\/data.oireachtas.ie\/ie\/oireachtas\/bill\/2024\/66\/stage\/oireachtas\/enacted"}},"originHouse":{"showAs":"D\u00e1il \u00c9ireann","uri":"https:\/\/data.oireachtas.ie\/ie\/oireachtas\/def\/house\/dail"},"originHouseURI":"https:\/\/data.oireachtas.ie\/ie\/oireachtas\/def\/house\/dail","relatedDocs":[{"relatedDoc":{"date":"2024-07-31","docType":"memo","formats":{"pdf":{"uri":"https:\/\/data.oireachtas.ie\/ie\/oireachtas\/bill\/2024\/66\/eng\/memo\/b6624d-memo.pdf"},"xml":null},"lang":"eng","showAs":"Explanatory Memorandum","uri":"https:\/\/data.oireachtas.ie\/ie\/oireachtas\/bill\/2024\/66\/eng\/memo"}}],"shortTitleEn":"Mental Health Bill 2024","shortTitleGa":"An Bille Meabhair-Shl\u00e1inte, 2024","source":"Government","sourceURI":"https:\/\/data.oireachtas.ie\/ie\/oireachtas\/def\/bill-source\/government","sponsors":[{"sponsor":{"isPrimary":true,"as":{"showAs":"Minister for Health","uri":null},"by":{"showAs":null,"uri":null}}}],"stages":[{"event":{"chamber":{"chamberCode":"dail","showAs":"D\u00e1il \u00c9ireann","uri":"https:\/\/data.oireachtas.ie\/ie\/oireachtas\/def\/house\/dail"},"dates":[{"date":"2024-07-31"},{"date":"2024-07-31"}],"house":{"chamberCode":"dail","chamberType":"house","houseCode":"dail","houseNo":"33","showAs":"33rd D\u00e1il","uri":"https:\/\/data.oireachtas.ie\/ie\/oireachtas\/house\/dail\/33"},"progressStage":1,"showAs":"First Stage","stageCompleted":true,"stageOutcome":null,"stageURI":"https:\/\/data.oireachtas.ie\/ie\/oireachtas\/def\/bill-stage\/1","uri":"https:\/\/data.oireachtas.ie\/ie\/oireachtas\/bill\/2024\/66\/stage\/dail\/1"}},{"event":{"chamber":{"chamberCode":"dail","showAs":"D\u00e1il \u00c9ireann","uri":"https:\/\/data.oireachtas.ie\/ie\/oireachtas\/def\/house\/dail"},"dates":[{"date":"2024-09-19"}],"house":{"chamberCode":"dail","chamberType":"house","houseCode":"dail","houseNo":"33","showAs":"33rd D\u00e1il","uri":"https:\/\/data.oireachtas.ie\/ie\/oireachtas\/house\/dail\/33"},"progressStage":2,"showAs":"Second Stage","stageCompleted":true,"stageOutcome":null,"stageURI":"https:\/\/data.oireachtas.ie\/ie\/oireachtas\/def\/bill-stage\/2","uri":"https:\/\/data.oireachtas.ie\/ie\/oireachtas\/bill\/2024\/66\/stage\/dail\/2"}},{"event":{"chamber":{"chamberCode":"dail","showAs":"D\u00e1il \u00c9ireann","uri":"https:\/\/data.oireachtas.ie\/ie\/oireachtas\/def\/house\/dail"},"dates":[{"date":"2025-06-10"},{"date":"2025-06-10"},{"date":"2025-06-10"},{"date":"2025-06-10"},{"date":"2025-06-10"}],"house":{"chamberCode":"dail","chamberType":"house","houseCode":"dail","houseNo":"34","showAs":"34th D\u00e1il","uri":"https:\/\/data.oireachtas.ie\/ie\/oireachtas\/house\/dail\/34"},"progressStage":3,"showAs":"Committee Stage","stageCompleted":true,"stageOutcome":null,"stageURI":"https:\/\/data.oireachtas.ie\/ie\/oireachtas\/def\/bill-stage\/3","uri":"https:\/\/data.oireachtas.ie\/ie\/oireachtas\/bill\/2024\/66\/stage\/dail\/3"}},{"event":{"chamber":{"chamberCode":"dail","showAs":"D\u00e1il \u00c9ireann","uri":"https:\/\/data.oireachtas.ie\/ie\/oireachtas\/def\/house\/dail"},"dates":[{"date":"2025-07-09"}],"house":{"chamberCode":"dail","chamberType":"house","houseCode":"dail","houseNo":"34","showAs":"34th D\u00e1il","uri":"https:\/\/data.oireachtas.ie\/ie\/oireachtas\/house\/dail\/34"},"progressStage":4,"showAs":"Report Stage","stageCompleted":true,"stageOutcome":null,"stageURI":"https:\/\/data.oireachtas.ie\/ie\/oireachtas\/def\/bill-stage\/4","uri":"https:\/\/data.oireachtas.ie\/ie\/oireachtas\/bill\/2024\/66\/stage\/dail\/4"}},{"event":{"chamber":{"chamberCode":"dail","showAs":"D\u00e1il \u00c9ireann","uri":"https:\/\/data.oireachtas.ie\/ie\/oireachtas\/def\/house\/dail"},"dates":[{"date":"2025-07-09"}],"house":{"chamberCode":"dail","chamberType":"house","houseCode":"dail","houseNo":"34","showAs":"34th D\u00e1il","uri":"https:\/\/data.oireachtas.ie\/ie\/oireachtas\/house\/dail\/34"},"progressStage":5,"showAs":"Fifth Stage","stageCompleted":true,"stageOutcome":null,"stageURI":"https:\/\/data.oireachtas.ie\/ie\/oireachtas\/def\/bill-stage\/5","uri":"https:\/\/data.oireachtas.ie\/ie\/oireachtas\/bill\/2024\/66\/stage\/dail\/5"}},{"event":{"chamber":{"chamberCode":"seanad","showAs":"Seanad \u00c9ireann","uri":"https:\/\/data.oireachtas.ie\/ie\/oireachtas\/def\/house\/seanad"},"dates":[{"date":"2025-09-24"}],"house":{"chamberCode":"seanad","chamberType":"house","houseCode":"seanad","houseNo":"27","showAs":"27th Seanad","uri":"https:\/\/data.oireachtas.ie\/ie\/oireachtas\/house\/seanad\/27"},"progressStage":6,"showAs":"Second Stage","stageCompleted":true,"stageOutcome":null,"stageURI":"https:\/\/data.oireachtas.ie\/ie\/oireachtas\/def\/bill-stage\/2","uri":"https:\/\/data.oireachtas.ie\/ie\/oireachtas\/bill\/2024\/66\/stage\/seanad\/2"}},{"event":{"chamber":{"chamberCode":"seanad","showAs":"Seanad \u00c9ireann","uri":"https:\/\/data.oireachtas.ie\/ie\/oireachtas\/def\/house\/seanad"},"dates":[{"date":"2025-09-24"},{"date":"2025-09-24"},{"date":"2025-09-24"},{"date":"2025-09-24"},{"date":"2025-09-24"},{"date":"2025-09-24"},{"date":"2025-09-24"},{"date":"2025-09-24"},{"date":"2025-09-24"},{"date":"2025-09-24"},{"date":"2025-09-24"},{"date":"2025-09-24"},{"date":"2025-09-24"},{"date":"2025-09-24"},{"date":"2025-09-24"},{"date":"2025-09-24"},{"date":"2025-09-24"},{"date":"2025-09-24"},{"date":"2025-09-24"},{"date":"2025-09-24"},{"date":"2025-09-24"},{"date":"2025-09-24"},{"date":"2025-09-24"},{"date":"2025-09-24"},{"date":"2025-09-24"},{"date":"2025-09-24"},{"date":"2025-09-24"},{"date":"2025-09-24"},{"date":"2025-09-24"},{"date":"2025-09-24"},{"date":"2025-09-24"},{"date":"2025-09-24"},{"date":"2025-09-24"},{"date":"2025-09-24"},{"date":"2025-09-24"},{"date":"2025-09-24"}],"house":{"chamberCode":"seanad","chamberType":"house","houseCode":"seanad","houseNo":"27","showAs":"27th Seanad","uri":"https:\/\/data.oireachtas.ie\/ie\/oireachtas\/house\/seanad\/27"},"progressStage":7,"showAs":"Committee Stage","stageCompleted":true,"stageOutcome":null,"stageURI":"https:\/\/data.oireachtas.ie\/ie\/oireachtas\/def\/bill-stage\/3","uri":"https:\/\/data.oireachtas.ie\/ie\/oireachtas\/bill\/2024\/66\/stage\/seanad\/3"}},{"event":{"chamber":{"chamberCode":"seanad","showAs":"Seanad \u00c9ireann","uri":"https:\/\/data.oireachtas.ie\/ie\/oireachtas\/def\/house\/seanad"},"dates":[{"date":"2026-04-16"}],"house":{"chamberCode":"seanad","chamberType":"house","houseCode":"seanad","houseNo":"27","showAs":"27th Seanad","uri":"https:\/\/data.oireachtas.ie\/ie\/oireachtas\/house\/seanad\/27"},"progressStage":8,"showAs":"Report Stage","stageCompleted":true,"stageOutcome":null,"stageURI":"https:\/\/data.oireachtas.ie\/ie\/oireachtas\/def\/bill-stage\/4","uri":"https:\/\/data.oireachtas.ie\/ie\/oireachtas\/bill\/2024\/66\/stage\/seanad\/4"}},{"event":{"chamber":{"chamberCode":"seanad","showAs":"Seanad \u00c9ireann","uri":"https:\/\/data.oireachtas.ie\/ie\/oireachtas\/def\/house\/seanad"},"dates":[{"date":"2026-04-16"}],"house":{"chamberCode":"seanad","chamberType":"house","houseCode":"seanad","houseNo":"27","showAs":"27th Seanad","uri":"https:\/\/data.oireachtas.ie\/ie\/oireachtas\/house\/seanad\/27"},"progressStage":9,"showAs":"Fifth Stage","stageCompleted":true,"stageOutcome":null,"stageURI":"https:\/\/data.oireachtas.ie\/ie\/oireachtas\/def\/bill-stage\/5","uri":"https:\/\/data.oireachtas.ie\/ie\/oireachtas\/bill\/2024\/66\/stage\/seanad\/5"}},{"event":{"chamber":{"chamberCode":"dail","showAs":"D\u00e1il \u00c9ireann","uri":"https:\/\/data.oireachtas.ie\/ie\/oireachtas\/def\/house\/dail"},"dates":[{"date":"2026-04-29"}],"house":{"chamberCode":"dail","chamberType":"house","houseCode":"dail","houseNo":"34","showAs":"34th D\u00e1il","uri":"https:\/\/data.oireachtas.ie\/ie\/oireachtas\/house\/dail\/34"},"progressStage":10,"showAs":"Cream List","stageCompleted":true,"stageOutcome":null,"stageURI":"https:\/\/data.oireachtas.ie\/ie\/oireachtas\/def\/bill-stage\/6","uri":"https:\/\/data.oireachtas.ie\/ie\/oireachtas\/bill\/2024\/66\/stage\/dail\/6"}},{"event":{"chamber":null,"dates":[{"date":"2026-05-07"}],"house":null,"progressStage":11,"showAs":"Enacted","stageCompleted":true,"stageOutcome":"Enacted","stageURI":"https:\/\/data.oireachtas.ie\/ie\/oireachtas\/def\/bill-stage\/enacted","uri":"https:\/\/data.oireachtas.ie\/ie\/oireachtas\/bill\/2024\/66\/stage\/oireachtas\/enacted"}}],"status":"Enacted","statusURI":"https:\/\/data.oireachtas.ie\/ie\/oireachtas\/def\/bill-status\/enacted","uri":"https:\/\/data.oireachtas.ie\/ie\/oireachtas\/bill\/2024\/66","versions":[{"version":{"lang":"eng","docType":"act","showAs":"Mental Health Act 2026","date":"2026-05-07","formats":{"pdf":{"uri":"https:\/\/data.oireachtas.ie\/ie\/oireachtas\/act\/2026\/11\/eng\/enacted\/a1126.pdf"},"xml":null},"uri":"https:\/\/data.oireachtas.ie\/ie\/oireachtas\/act\/2026\/11\/eng\/enacted"}},{"version":{"lang":"eng","docType":"bill","showAs":"Administrative Reprint - As amended in Committee [Seanad \u00c9ireann]","date":"2026-01-29","formats":{"pdf":{"uri":"https:\/\/data.oireachtas.ie\/ie\/oireachtas\/bill\/2024\/66\/eng\/ver_b\/b66bx24d.pdf"},"xml":null},"uri":"https:\/\/data.oireachtas.ie\/ie\/oireachtas\/bill\/2024\/66\/eng\/ver_b"}},{"version":{"lang":"eng","docType":"bill","showAs":"As passed by D\u00e1il \u00c9ireann","date":"2025-07-09","formats":{"pdf":{"uri":"https:\/\/data.oireachtas.ie\/ie\/oireachtas\/bill\/2024\/66\/eng\/ver_b\/b66b24d.pdf"},"xml":null},"uri":"https:\/\/data.oireachtas.ie\/ie\/oireachtas\/bill\/2024\/66\/eng\/ver_b"}},{"version":{"lang":"eng","docType":"bill","showAs":"As amended in Committee\/Select Committee [D\u00e1il \u00c9ireann]","date":"2025-06-25","formats":{"pdf":{"uri":"https:\/\/data.oireachtas.ie\/ie\/oireachtas\/bill\/2024\/66\/eng\/ver_a\/b66a24d.pdf"},"xml":null},"uri":"https:\/\/data.oireachtas.ie\/ie\/oireachtas\/bill\/2024\/66\/eng\/ver_a"}},{"version":{"lang":"eng","docType":"bill","showAs":"As Initiated","date":"2024-07-31","formats":{"pdf":{"uri":"https:\/\/data.oireachtas.ie\/ie\/oireachtas\/bill\/2024\/66\/eng\/initiated\/b6624d.pdf"},"xml":null},"uri":"https:\/\/data.oireachtas.ie\/ie\/oireachtas\/bill\/2024\/66\/eng\/initiated"}}]},"contextDate":"2026-05-07","billSort":{"actNoSort":11,"actShortTitleEnSort":"mental-health-act-2026","actShortTitleGaSort":"an-tacht-meabhair-shlainte-2026","actYearSort":2026,"billNoSort":66,"billShortTitleEnSort":"mental-health-bill-2024","billShortTitleGaSort":"an-bille-meabhair-shlainte-2024","billYearSort":2024}},{"bill":{"act":{"actNo":"4","actYear":"2025","dateSigned":"2025-05-20","longTitleEn":"<p>Act to provide for the continued provision of sufficient and effective access to cash infrastructure for individuals and SMEs; to provide for access to cash criteria; to provide for a framework to manage future changes to access to cash infrastructure in a fair, equitable and transparent manner and for that purpose to provide for review and amendment of the access to cash criteria and for the identification of, and measures to be taken to remedy, local deficiencies in access to cash infrastructure and to ensure compliance with the access to cash criteria; to provide for the designation of entities on whom certain obligations are imposed to remedy local deficiencies and ensure compliance with the access to cash criteria; to provide for the monitoring and enforcement of obligations imposed on designated entities; to provide for the collection and publication of certain information by the Central Bank of Ireland; to provide for regulation by the Central Bank of Ireland of ATM deployers and cash-in-transit providers and for that purpose to provide for the registration of ATM deployers and cash-in-transit providers; to provide for the oversight of ATM operators and cash-in-transit providers and enforcement by the Central Bank of Ireland of compliance by ATM operators and cash-in-transit providers with their obligations under this Act; to provide for the sharing of information and cooperation between the Central Bank of Ireland and the Private Security Authority; for those and other purposes to amend the Central Bank Act 1942, the Central Bank Reform Act 2010, the Central Bank (Supervision and Enforcement) Act 2013 and the Companies Act 2014; and to provide for related matters.<\/p>","longTitleGa":"<p>Bille d\u00e1 ngairtear&nbsp;Acht do dh\u00e9anamh socr\u00fa chun go leanfar de rochtain leordh\u00f3thanach agus \u00e9ifeachtach ar bhonneagar airgid thirim a shol\u00e1thar do phearsana aonair agus do FBManna; do dh\u00e9anamh socr\u00fa maidir le crit\u00e9ir i nd\u00e1il le rochtain ar airgead tirim; do dh\u00e9anamh socr\u00fa maidir le creat chun athruithe sa todhcha\u00ed ar rochtain ar bhonneagar airgid thirim a bhainisti\u00fa ar mhodh c\u00f3ir, cothromasach agus tr\u00e9dhearcach agus, chun na cr\u00edche sin, do dh\u00e9anamh socr\u00fa maidir leis na crit\u00e9ir i nd\u00e1il le rochtain ar airgead tirim a athbhreithni\u00fa agus a leas\u00fa agus maidir le heasnaimh \u00e1iti\u00fala i rochtain ar bhonneagar airgid thirim a shainaithint agus maidir le bearta a bheidh le d\u00e9anamh chun na heasnaimh sin a leigheas, agus a chinnti\u00fa go gcomhl\u00edonfar na crit\u00e9ir i nd\u00e1il le rochtain ar airgead tirim; do dh\u00e9anamh socr\u00fa maidir le heintitis a shainainmni\u00fa, is eintitis a gcuirfear oibleag\u00e1id\u00ed \u00e1irithe orthu maidir le heasnaimh \u00e1iti\u00fala a leigheas agus maidir lena chinnti\u00fa go gcomhl\u00edonfar na crit\u00e9ir i nd\u00e1il le rochtain ar airgead tirim; do dh\u00e9anamh socr\u00fa maidir le faireach\u00e1n a dh\u00e9anamh ar oibleag\u00e1id\u00ed arna bhforchur ar eintitis shainainmnithe agus maidir le forfheidhmi\u00fa na n-oibleag\u00e1id\u00ed sin; do dh\u00e9anamh socr\u00fa maidir le Banc Ceannais na h\u00c9ireann do bhaili\u00fa agus d\u2019fhoilsi\u00fa faisn\u00e9is \u00e1irithe; do dh\u00e9anamh socr\u00fa maidir le Banc Ceannais na h\u00c9ireann do rial\u00e1il lucht curtha i ngn\u00edomh uathmheais\u00edn\u00ed bainc agus sol\u00e1thraithe airgid thirim faoi bhealach agus, chun na cr\u00edche sin, do dh\u00e9anamh socr\u00fa maidir le lucht curtha i ngn\u00edomh uathmheais\u00edn\u00ed bainc agus sol\u00e1thraithe airgid thirim faoi bhealach a chl\u00e1r\u00fa; do dh\u00e9anamh socr\u00fa maidir le formhaoirsi\u00fa ar oibritheoir\u00ed uathmheais\u00edn\u00ed bainc agus ar shol\u00e1thraithe airgid thirim faoi bhealach agus maidir le Banc Ceannais na h\u00c9ireann d\u2019fhorfheidhmi\u00fa chomhl\u00edonadh a n-oibleag\u00e1id\u00ed faoin Acht seo ag oibritheoir\u00ed uathmheais\u00edn\u00ed bainc agus ag sol\u00e1thraithe airgid thirim faoi bhealach; do dh\u00e9anamh socr\u00fa maidir le comhroinnt faisn\u00e9ise agus comhar idir Banc Ceannais na h\u00c9ireann agus an t\u00dadar\u00e1s Sl\u00e1nd\u00e1la Pr\u00edobh\u00e1id\u00ed; chun na gcr\u00edoch sin agus chun cr\u00edoch eile, do leas\u00fa Acht an Bhainc Cheannais, 1942, an Achta um Athch\u00f3iri\u00fa an Bhainc Ceannais, 2010, Acht an Bhainc Ceannais (Maoirsi\u00fa agus Forfheidhmi\u00fa), 2013 agus Acht na gCuideachta\u00ed, 2014; agus do dh\u00e9anamh socr\u00fa i dtaobh nithe gaolmhara.<\/p>\n","shortTitleEn":"Finance (Provision of Access to Cash Infrastructure) Act 2025","shortTitleGa":"An tAcht Airgeadais (Rochtain ar Bhonneagar Airgid Thirim a Shol\u00e1thar), 2025","statutebookURI":"http:\/\/www.irishstatutebook.ie\/eli\/2025\/act\/4","uri":"https:\/\/data.oireachtas.ie\/ie\/oireachtas\/act\/2025\/4"},"amendmentLists":[{"amendmentList":{"amendmentTypeUri":{"uri":"https:\/\/data.oireachtas.ie\/ie\/oireachtas\/def\/amendment-type\/numberedList"},"chamber":{"showAs":"Dail","uri":"https:\/\/data.oireachtas.ie\/ie\/oireachtas\/def\/dail"},"date":"2025-04-01","formats":{"pdf":{"uri":"https:\/\/data.oireachtas.ie\/ie\/oireachtas\/bill\/2024\/65\/dail\/3\/amendment\/numberedList\/eng\/b6524d-dcnl.pdf"},"xml":null},"showAs":"Numbered List [D\u00e1il]","stage":{"showAs":"Committee Stage","uri":"https:\/\/data.oireachtas.ie\/ie\/oireachtas\/bill\/2024\/65\/dail\/3"},"stageNo":"3"}}],"billNo":"65","billType":"Public","billTypeURI":"https:\/\/data.oireachtas.ie\/ie\/oireachtas\/def\/bill-type\/public","billYear":"2024","debates":[{"chamber":{"showAs":"Seanad \u00c9ireann","uri":"https:\/\/data.oireachtas.ie\/ie\/oireachtas\/def\/house\/seanad"},"date":"2025-05-13","debateSectionId":"dbsect_17","showAs":"Finance (Provision of Access to Cash Infrastructure) Bill 2024: Committee and Remaining Stages","uri":"https:\/\/data.oireachtas.ie\/akn\/ie\/debateRecord\/seanad\/2025-05-13\/debate\/main"},{"chamber":{"showAs":"Seanad \u00c9ireann","uri":"https:\/\/data.oireachtas.ie\/ie\/oireachtas\/def\/house\/seanad"},"date":"2025-04-30","debateSectionId":"dbsect_8","showAs":"Finance (Provision of Access to Cash Infrastructure) Bill 2024: Second Stage","uri":"https:\/\/data.oireachtas.ie\/akn\/ie\/debateRecord\/seanad\/2025-04-30\/debate\/main"},{"chamber":{"showAs":"D\u00e1il \u00c9ireann","uri":"https:\/\/data.oireachtas.ie\/ie\/oireachtas\/def\/house\/dail"},"date":"2025-04-02","debateSectionId":"dbsect_32","showAs":"Finance (Provision of Access to Cash Infrastructure) Bill 2024: Committee and Remaining Stages","uri":"https:\/\/data.oireachtas.ie\/akn\/ie\/debateRecord\/dail\/2025-04-02\/debate\/main"},{"chamber":{"showAs":"D\u00e1il \u00c9ireann","uri":"https:\/\/data.oireachtas.ie\/ie\/oireachtas\/def\/house\/dail"},"date":"2024-09-26","debateSectionId":"dbsect_32","showAs":"Finance (Provision of Access to Cash Infrastructure) Bill 2024: Second Stage","uri":"https:\/\/data.oireachtas.ie\/akn\/ie\/debateRecord\/dail\/2024-09-26\/debate\/main"},{"chamber":{"showAs":"D\u00e1il \u00c9ireann","uri":"https:\/\/data.oireachtas.ie\/ie\/oireachtas\/def\/house\/dail"},"date":"2024-09-26","debateSectionId":"dbsect_33","showAs":"Finance (Provision of Access to Cash Infrastructure) Bill 2024: Referral to Select Committee","uri":"https:\/\/data.oireachtas.ie\/akn\/ie\/debateRecord\/dail\/2024-09-26\/debate\/main"}],"events":[{"event":{"chamber":{"chamberCode":"dail","showAs":"D\u00e1il \u00c9ireann","uri":"https:\/\/data.oireachtas.ie\/ie\/oireachtas\/def\/house\/dail"},"dates":[{"date":"2024-07-31"},{"date":"2025-02-05"},{"date":"2025-05-20"}],"eventURI":"https:\/\/data.oireachtas.ie\/ie\/oireachtas\/def\/bill-event\/published","showAs":"Published","uri":"https:\/\/data.oireachtas.ie\/ie\/oireachtas\/bill\/2024\/65\/published"}},{"event":{"chamber":{"chamberCode":"dail","showAs":"D\u00e1il \u00c9ireann","uri":"https:\/\/data.oireachtas.ie\/ie\/oireachtas\/def\/house\/dail"},"dates":[{"date":"2024-11-08"}],"eventURI":"https:\/\/data.oireachtas.ie\/ie\/oireachtas\/def\/bill-event\/bill-lapsed","showAs":"Bill Lapsed","uri":"https:\/\/data.oireachtas.ie\/ie\/oireachtas\/bill\/2024\/65\/bill-lapsed"}},{"event":{"chamber":null,"dates":[{"date":"2025-05-20"}],"eventURI":"https:\/\/data.oireachtas.ie\/ie\/oireachtas\/def\/bill-event\/enacted","showAs":"Enacted","uri":"https:\/\/data.oireachtas.ie\/ie\/oireachtas\/bill\/2024\/65\/enacted"}}],"lastUpdated":"2025-06-10T10:16:34.830000+00:00","longTitleEn":"<p>Bill entitled an Act to provide for the continued provision of sufficient and effective access to cash infrastructure for individuals and SMEs; to provide for access to cash criteria; to provide for a framework to manage future changes to access to cash infrastructure in a fair, equitable and transparent manner and for that purpose to provide for review and amendment of the access to cash criteria and for the identification of, and measures to be taken to remedy, local deficiencies in access to cash infrastructure and to ensure compliance with the access to cash criteria; to provide for the designation of entities on whom certain obligations are imposed to remedy local deficiencies and ensure compliance with the access to cash criteria; to provide for the monitoring and enforcement of obligations imposed on designated entities; to provide for the collection and publication of certain information by the Central Bank of Ireland; to provide for regulation by the Central Bank of Ireland of ATM deployers and cash-in-transit providers and for that purpose to provide for the registration of ATM deployers and cash-in-transit providers; to provide for the oversight of ATM operators and cash-in-transit providers and enforcement by the Central Bank of Ireland of compliance by ATM operators and cash-in-transit providers with their obligations under this Act; to provide for the sharing of information and cooperation between the Central Bank of Ireland and the Private Security Authority; for those and other purposes to amend the Central Bank Act 1942, the Central Bank Reform Act 2010, the Central Bank (Supervision and Enforcement) Act 2013 and the Companies Act 2014; and to provide for related matters.<\/p>","longTitleGa":"<p>Bille d\u00e1 ngairtear&nbsp;Acht do dh\u00e9anamh socr\u00fa chun go leanfar de rochtain leordh\u00f3thanach agus \u00e9ifeachtach ar bhonneagar airgid thirim a shol\u00e1thar do phearsana aonair agus do FBManna; do dh\u00e9anamh socr\u00fa maidir le crit\u00e9ir i nd\u00e1il le rochtain ar airgead tirim; do dh\u00e9anamh socr\u00fa maidir le creat chun athruithe sa todhcha\u00ed ar rochtain ar bhonneagar airgid thirim a bhainisti\u00fa ar mhodh c\u00f3ir, cothromasach agus tr\u00e9dhearcach agus, chun na cr\u00edche sin, do dh\u00e9anamh socr\u00fa maidir leis na crit\u00e9ir i nd\u00e1il le rochtain ar airgead tirim a athbhreithni\u00fa agus a leas\u00fa agus maidir le heasnaimh \u00e1iti\u00fala i rochtain ar bhonneagar airgid thirim a shainaithint agus maidir le bearta a bheidh le d\u00e9anamh chun na heasnaimh sin a leigheas, agus a chinnti\u00fa go gcomhl\u00edonfar na crit\u00e9ir i nd\u00e1il le rochtain ar airgead tirim; do dh\u00e9anamh socr\u00fa maidir le heintitis a shainainmni\u00fa, is eintitis a gcuirfear oibleag\u00e1id\u00ed \u00e1irithe orthu maidir le heasnaimh \u00e1iti\u00fala a leigheas agus maidir lena chinnti\u00fa go gcomhl\u00edonfar na crit\u00e9ir i nd\u00e1il le rochtain ar airgead tirim; do dh\u00e9anamh socr\u00fa maidir le faireach\u00e1n a dh\u00e9anamh ar oibleag\u00e1id\u00ed arna bhforchur ar eintitis shainainmnithe agus maidir le forfheidhmi\u00fa na n-oibleag\u00e1id\u00ed sin; do dh\u00e9anamh socr\u00fa maidir le Banc Ceannais na h\u00c9ireann do bhaili\u00fa agus d\u2019fhoilsi\u00fa faisn\u00e9is \u00e1irithe; do dh\u00e9anamh socr\u00fa maidir le Banc Ceannais na h\u00c9ireann do rial\u00e1il lucht curtha i ngn\u00edomh uathmheais\u00edn\u00ed bainc agus sol\u00e1thraithe airgid thirim faoi bhealach agus, chun na cr\u00edche sin, do dh\u00e9anamh socr\u00fa maidir le lucht curtha i ngn\u00edomh uathmheais\u00edn\u00ed bainc agus sol\u00e1thraithe airgid thirim faoi bhealach a chl\u00e1r\u00fa; do dh\u00e9anamh socr\u00fa maidir le formhaoirsi\u00fa ar oibritheoir\u00ed uathmheais\u00edn\u00ed bainc agus ar shol\u00e1thraithe airgid thirim faoi bhealach agus maidir le Banc Ceannais na h\u00c9ireann d\u2019fhorfheidhmi\u00fa chomhl\u00edonadh a n-oibleag\u00e1id\u00ed faoin Acht seo ag oibritheoir\u00ed uathmheais\u00edn\u00ed bainc agus ag sol\u00e1thraithe airgid thirim faoi bhealach; do dh\u00e9anamh socr\u00fa maidir le comhroinnt faisn\u00e9ise agus comhar idir Banc Ceannais na h\u00c9ireann agus an t\u00dadar\u00e1s Sl\u00e1nd\u00e1la Pr\u00edobh\u00e1id\u00ed; chun na gcr\u00edoch sin agus chun cr\u00edoch eile, do leas\u00fa Acht an Bhainc Cheannais, 1942, an Achta um Athch\u00f3iri\u00fa an Bhainc Ceannais, 2010, Acht an Bhainc Ceannais (Maoirsi\u00fa agus Forfheidhmi\u00fa), 2013 agus Acht na gCuideachta\u00ed, 2014; agus do dh\u00e9anamh socr\u00fa i dtaobh nithe gaolmhara.<\/p>\n","method":"Presented","methodURI":"https:\/\/data.oireachtas.ie\/ie\/oireachtas\/def\/bill-method\/presented","mostRecentStage":{"event":{"chamber":null,"dates":[{"date":"2025-05-20"}],"house":null,"progressStage":10,"showAs":"Enacted","stageCompleted":true,"stageOutcome":"Enacted","stageURI":"https:\/\/data.oireachtas.ie\/ie\/oireachtas\/def\/bill-stage\/enacted","uri":"https:\/\/data.oireachtas.ie\/ie\/oireachtas\/bill\/2024\/65\/stage\/oireachtas\/enacted"}},"originHouse":{"showAs":"D\u00e1il \u00c9ireann","uri":"https:\/\/data.oireachtas.ie\/ie\/oireachtas\/def\/house\/dail"},"originHouseURI":"https:\/\/data.oireachtas.ie\/ie\/oireachtas\/def\/house\/dail","relatedDocs":[{"relatedDoc":{"date":"2024-09-26","docType":"gluais","formats":{"pdf":{"uri":"https:\/\/data.oireachtas.ie\/ie\/oireachtas\/bill\/2024\/65\/mul\/gluais\/gluais-24-2024-an-bille-airgeadais-rochtain-ar-bhonneagar-airgid-thirim-a-sholathar-2024.pdf"},"xml":null},"lang":"mul","showAs":"Glossary\/Gluais","uri":"https:\/\/data.oireachtas.ie\/ie\/oireachtas\/bill\/2024\/65\/mul\/gluais"}},{"relatedDoc":{"date":"2024-07-31","docType":"memo","formats":{"pdf":{"uri":"https:\/\/data.oireachtas.ie\/ie\/oireachtas\/bill\/2024\/65\/eng\/memo\/b6524d-memo.pdf"},"xml":null},"lang":"eng","showAs":"Explanatory Memorandum","uri":"https:\/\/data.oireachtas.ie\/ie\/oireachtas\/bill\/2024\/65\/eng\/memo"}}],"shortTitleEn":"Finance (Provision of Access to Cash Infrastructure) Bill 2024","shortTitleGa":"An Bille Airgeadais (Rochtain ar Bhonneagar Airgid Thirim a Shol\u00e1thar), 2024","source":"Government","sourceURI":"https:\/\/data.oireachtas.ie\/ie\/oireachtas\/def\/bill-source\/government","sponsors":[{"sponsor":{"as":{"showAs":"Minister for Finance","uri":null},"by":{"showAs":null,"uri":null},"isPrimary":true}}],"stages":[{"event":{"chamber":{"chamberCode":"dail","showAs":"D\u00e1il \u00c9ireann","uri":"https:\/\/data.oireachtas.ie\/ie\/oireachtas\/def\/house\/dail"},"dates":[{"date":"2024-07-31"},{"date":"2024-07-31"}],"house":{"chamberCode":"dail","chamberType":"house","houseCode":"dail","houseNo":"33","showAs":"33rd D\u00e1il","uri":"https:\/\/data.oireachtas.ie\/ie\/oireachtas\/house\/dail\/33"},"progressStage":1,"showAs":"First Stage","stageCompleted":true,"stageOutcome":null,"stageURI":"https:\/\/data.oireachtas.ie\/ie\/oireachtas\/def\/bill-stage\/1","uri":"https:\/\/data.oireachtas.ie\/ie\/oireachtas\/bill\/2024\/65\/stage\/dail\/1"}},{"event":{"chamber":{"chamberCode":"dail","showAs":"D\u00e1il \u00c9ireann","uri":"https:\/\/data.oireachtas.ie\/ie\/oireachtas\/def\/house\/dail"},"dates":[{"date":"2024-09-26"}],"house":{"chamberCode":"dail","chamberType":"house","houseCode":"dail","houseNo":"33","showAs":"33rd D\u00e1il","uri":"https:\/\/data.oireachtas.ie\/ie\/oireachtas\/house\/dail\/33"},"progressStage":2,"showAs":"Second Stage","stageCompleted":true,"stageOutcome":null,"stageURI":"https:\/\/data.oireachtas.ie\/ie\/oireachtas\/def\/bill-stage\/2","uri":"https:\/\/data.oireachtas.ie\/ie\/oireachtas\/bill\/2024\/65\/stage\/dail\/2"}},{"event":{"chamber":{"chamberCode":"dail","showAs":"D\u00e1il \u00c9ireann","uri":"https:\/\/data.oireachtas.ie\/ie\/oireachtas\/def\/house\/dail"},"dates":[{"date":"2025-04-02"},{"date":"2025-04-02"},{"date":"2025-04-02"}],"house":{"chamberCode":"dail","chamberType":"house","houseCode":"dail","houseNo":"34","showAs":"34th D\u00e1il","uri":"https:\/\/data.oireachtas.ie\/ie\/oireachtas\/house\/dail\/34"},"progressStage":3,"showAs":"Committee Stage","stageCompleted":true,"stageOutcome":null,"stageURI":"https:\/\/data.oireachtas.ie\/ie\/oireachtas\/def\/bill-stage\/3","uri":"https:\/\/data.oireachtas.ie\/ie\/oireachtas\/bill\/2024\/65\/stage\/dail\/3"}},{"event":{"chamber":{"chamberCode":"dail","showAs":"D\u00e1il \u00c9ireann","uri":"https:\/\/data.oireachtas.ie\/ie\/oireachtas\/def\/house\/dail"},"dates":[{"date":"2025-04-02"}],"house":{"chamberCode":"dail","chamberType":"house","houseCode":"dail","houseNo":"34","showAs":"34th D\u00e1il","uri":"https:\/\/data.oireachtas.ie\/ie\/oireachtas\/house\/dail\/34"},"progressStage":4,"showAs":"Report Stage","stageCompleted":true,"stageOutcome":null,"stageURI":"https:\/\/data.oireachtas.ie\/ie\/oireachtas\/def\/bill-stage\/4","uri":"https:\/\/data.oireachtas.ie\/ie\/oireachtas\/bill\/2024\/65\/stage\/dail\/4"}},{"event":{"chamber":{"chamberCode":"dail","showAs":"D\u00e1il \u00c9ireann","uri":"https:\/\/data.oireachtas.ie\/ie\/oireachtas\/def\/house\/dail"},"dates":[{"date":"2025-04-02"}],"house":{"chamberCode":"dail","chamberType":"house","houseCode":"dail","houseNo":"34","showAs":"34th D\u00e1il","uri":"https:\/\/data.oireachtas.ie\/ie\/oireachtas\/house\/dail\/34"},"progressStage":5,"showAs":"Fifth Stage","stageCompleted":true,"stageOutcome":null,"stageURI":"https:\/\/data.oireachtas.ie\/ie\/oireachtas\/def\/bill-stage\/5","uri":"https:\/\/data.oireachtas.ie\/ie\/oireachtas\/bill\/2024\/65\/stage\/dail\/5"}},{"event":{"chamber":{"chamberCode":"seanad","showAs":"Seanad \u00c9ireann","uri":"https:\/\/data.oireachtas.ie\/ie\/oireachtas\/def\/house\/seanad"},"dates":[{"date":"2025-04-02"}],"house":{"chamberCode":"seanad","chamberType":"house","houseCode":"seanad","houseNo":"27","showAs":"27th Seanad","uri":"https:\/\/data.oireachtas.ie\/ie\/oireachtas\/house\/seanad\/27"},"progressStage":6,"showAs":"Second Stage","stageCompleted":true,"stageOutcome":null,"stageURI":"https:\/\/data.oireachtas.ie\/ie\/oireachtas\/def\/bill-stage\/2","uri":"https:\/\/data.oireachtas.ie\/ie\/oireachtas\/bill\/2024\/65\/stage\/seanad\/2"}},{"event":{"chamber":{"chamberCode":"seanad","showAs":"Seanad \u00c9ireann","uri":"https:\/\/data.oireachtas.ie\/ie\/oireachtas\/def\/house\/seanad"},"dates":[{"date":"2025-05-13"}],"house":{"chamberCode":"seanad","chamberType":"house","houseCode":"seanad","houseNo":"27","showAs":"27th Seanad","uri":"https:\/\/data.oireachtas.ie\/ie\/oireachtas\/house\/seanad\/27"},"progressStage":7,"showAs":"Committee Stage","stageCompleted":true,"stageOutcome":null,"stageURI":"https:\/\/data.oireachtas.ie\/ie\/oireachtas\/def\/bill-stage\/3","uri":"https:\/\/data.oireachtas.ie\/ie\/oireachtas\/bill\/2024\/65\/stage\/seanad\/3"}},{"event":{"chamber":{"chamberCode":"seanad","showAs":"Seanad \u00c9ireann","uri":"https:\/\/data.oireachtas.ie\/ie\/oireachtas\/def\/house\/seanad"},"dates":[{"date":"2025-05-13"}],"house":{"chamberCode":"seanad","chamberType":"house","houseCode":"seanad","houseNo":"27","showAs":"27th Seanad","uri":"https:\/\/data.oireachtas.ie\/ie\/oireachtas\/house\/seanad\/27"},"progressStage":8,"showAs":"Report Stage","stageCompleted":true,"stageOutcome":null,"stageURI":"https:\/\/data.oireachtas.ie\/ie\/oireachtas\/def\/bill-stage\/4","uri":"https:\/\/data.oireachtas.ie\/ie\/oireachtas\/bill\/2024\/65\/stage\/seanad\/4"}},{"event":{"chamber":{"chamberCode":"seanad","showAs":"Seanad \u00c9ireann","uri":"https:\/\/data.oireachtas.ie\/ie\/oireachtas\/def\/house\/seanad"},"dates":[{"date":"2025-05-13"}],"house":{"chamberCode":"seanad","chamberType":"house","houseCode":"seanad","houseNo":"27","showAs":"27th Seanad","uri":"https:\/\/data.oireachtas.ie\/ie\/oireachtas\/house\/seanad\/27"},"progressStage":9,"showAs":"Fifth Stage","stageCompleted":true,"stageOutcome":null,"stageURI":"https:\/\/data.oireachtas.ie\/ie\/oireachtas\/def\/bill-stage\/5","uri":"https:\/\/data.oireachtas.ie\/ie\/oireachtas\/bill\/2024\/65\/stage\/seanad\/5"}},{"event":{"chamber":null,"dates":[{"date":"2025-05-20"}],"house":null,"progressStage":10,"showAs":"Enacted","stageCompleted":true,"stageOutcome":"Enacted","stageURI":"https:\/\/data.oireachtas.ie\/ie\/oireachtas\/def\/bill-stage\/enacted","uri":"https:\/\/data.oireachtas.ie\/ie\/oireachtas\/bill\/2024\/65\/stage\/oireachtas\/enacted"}}],"status":"Enacted","statusURI":"https:\/\/data.oireachtas.ie\/ie\/oireachtas\/def\/bill-status\/enacted","uri":"https:\/\/data.oireachtas.ie\/ie\/oireachtas\/bill\/2024\/65","versions":[{"version":{"date":"2025-05-20","docType":"act","formats":{"pdf":{"uri":"https:\/\/data.oireachtas.ie\/ie\/oireachtas\/act\/2025\/4\/eng\/enacted\/a0425.pdf"},"xml":null},"lang":"eng","showAs":"Finance (Provision of Access to Cash Infrastructure) Act 2025","uri":"https:\/\/data.oireachtas.ie\/ie\/oireachtas\/act\/2025\/4\/eng\/enacted"}},{"version":{"date":"2025-04-02","docType":"bill","formats":{"pdf":{"uri":"https:\/\/data.oireachtas.ie\/ie\/oireachtas\/bill\/2024\/65\/eng\/ver_a\/b65a24d.pdf"},"xml":null},"lang":"eng","showAs":"As passed by D\u00e1il \u00c9ireann","uri":"https:\/\/data.oireachtas.ie\/ie\/oireachtas\/bill\/2024\/65\/eng\/ver_a"}},{"version":{"date":"2024-07-31","docType":"bill","formats":{"pdf":{"uri":"https:\/\/data.oireachtas.ie\/ie\/oireachtas\/bill\/2024\/65\/eng\/initiated\/b6524d.pdf"},"xml":null},"lang":"eng","showAs":"As Initiated","uri":"https:\/\/data.oireachtas.ie\/ie\/oireachtas\/bill\/2024\/65\/eng\/initiated"}}]},"billSort":{"actNoSort":4,"actShortTitleEnSort":"finance-provision-of-access-to-cash-infrastructure-act-2025","actShortTitleGaSort":"an-tacht-airgeadais-rochtain-ar-bhonneagar-airgid-thirim-a-sholathar-2025","actYearSort":2025,"billNoSort":65,"billShortTitleEnSort":"finance-provision-of-access-to-cash-infrastructure-bill-2024","billShortTitleGaSort":"an-bille-airgeadais-rochtain-ar-bhonneagar-airgid-thirim-a-sholathar-2024","billYearSort":2024},"contextDate":"2025-05-20"},{"bill":{"act":{"actNo":"2","actYear":"2025","dateSigned":"2025-04-14","longTitleEn":"<p>Act to provide for the dissolution of the Marine Casualty Investigation Board and for its replacement with a unit within the Department of Transport to be known as the Marine Accident Investigation Unit; to provide for the investigation and reporting of marine accidents; to repeal the Merchant Shipping (Investigation of Marine Casualties) Act 2000; to provide for the regulation of offshore service vessels; for those and other purposes to amend the Merchant Shipping (Safety Convention) Act 1952, the Merchant Shipping Act 1992 and the Merchant Shipping Act 2010; and to provide for related matters.<\/p>","longTitleGa":"<p>Acht do dh\u00e9anamh socr\u00fa chun an Bord um Thaism\u00ed Muir\u00ed a Imscr\u00fad\u00fa a dh\u00edscaoileadh agus chun aonad laistigh den Roinn Iompair ar a dtabharfar an tAonad um Imscr\u00fad\u00fa Tion\u00f3isc\u00ed Muir\u00ed a chur ina ionad; do dh\u00e9anamh socr\u00fa maidir le tion\u00f3isc\u00ed muir\u00ed a imscr\u00fad\u00fa agus a thuairisci\u00fa; d\u2019aisghairm an Achta Loingis Cheanna\u00edochta (Taism\u00ed Muir\u00ed a Imscr\u00fad\u00fa), 2000; do dh\u00e9anamh socr\u00fa maidir le rial\u00e1il a dh\u00e9anamh ar \u00e1rtha\u00ed seirbh\u00edse amach \u00f3n gc\u00f3sta; chun na gcr\u00edoch sin agus chun cr\u00edoch eile, do leas\u00fa an Achta Loingis Cheanna\u00edochta (Coinbhinsi\u00fan S\u00e1bh\u00e1ltachta), 1952, an Achta Loingis Cheanna\u00edochta, 1992 agus an Achta Loingis Cheanna\u00edochta, 2010; agus do dh\u00e9anamh socr\u00fa i dtaobh nithe gaolmhara.<\/p>","shortTitleEn":"Merchant Shipping (Investigation of Marine Accidents) Act 2025","shortTitleGa":"An tAcht Loingis Cheanna\u00edochta (Tion\u00f3isc\u00ed Muir\u00ed a Imscr\u00fad\u00fa), 2025","statutebookURI":"http:\/\/www.irishstatutebook.ie\/eli\/2025\/act\/2","uri":"https:\/\/data.oireachtas.ie\/ie\/oireachtas\/act\/2025\/2"},"amendmentLists":[{"amendmentList":{"amendmentTypeUri":{"uri":"https:\/\/data.oireachtas.ie\/ie\/oireachtas\/def\/amendment-type\/numberedList"},"chamber":{"showAs":"Seanad","uri":"https:\/\/data.oireachtas.ie\/ie\/oireachtas\/def\/seanad"},"date":"2025-04-08","formats":{"pdf":{"uri":"https:\/\/data.oireachtas.ie\/ie\/oireachtas\/bill\/2024\/64\/seanad\/4\/amendment\/numberedList\/eng\/b64b24s-nl.pdf"},"xml":null},"showAs":"Numbered List [Seanad]","stage":{"showAs":"Report Stage","uri":"https:\/\/data.oireachtas.ie\/ie\/oireachtas\/bill\/2024\/64\/seanad\/4"},"stageNo":"4"}},{"amendmentList":{"amendmentTypeUri":{"uri":"https:\/\/data.oireachtas.ie\/ie\/oireachtas\/def\/amendment-type\/numberedList"},"chamber":{"showAs":"Seanad","uri":"https:\/\/data.oireachtas.ie\/ie\/oireachtas\/def\/seanad"},"date":"2025-03-25","formats":{"pdf":{"uri":"https:\/\/data.oireachtas.ie\/ie\/oireachtas\/bill\/2024\/64\/seanad\/3\/amendment\/numberedList\/eng\/b64b24d-scnl.pdf"},"xml":null},"showAs":"Numbered List [Seanad]","stage":{"showAs":"Committee Stage","uri":"https:\/\/data.oireachtas.ie\/ie\/oireachtas\/bill\/2024\/64\/seanad\/3"},"stageNo":"3"}},{"amendmentList":{"amendmentTypeUri":{"uri":"https:\/\/data.oireachtas.ie\/ie\/oireachtas\/def\/amendment-type\/numberedList"},"chamber":{"showAs":"Dail","uri":"https:\/\/data.oireachtas.ie\/ie\/oireachtas\/def\/dail"},"date":"2025-02-18","formats":{"pdf":{"uri":"https:\/\/data.oireachtas.ie\/ie\/oireachtas\/bill\/2024\/64\/dail\/4\/amendment\/numberedList\/eng\/b64a24d-drnl.pdf"},"xml":null},"showAs":"Numbered List [D\u00e1il]","stage":{"showAs":"Report Stage","uri":"https:\/\/data.oireachtas.ie\/ie\/oireachtas\/bill\/2024\/64\/dail\/4"},"stageNo":"4"}},{"amendmentList":{"amendmentTypeUri":{"uri":"https:\/\/data.oireachtas.ie\/ie\/oireachtas\/def\/amendment-type\/numberedList"},"chamber":{"showAs":"Dail","uri":"https:\/\/data.oireachtas.ie\/ie\/oireachtas\/def\/dail"},"date":"2024-10-22","formats":{"pdf":{"uri":"https:\/\/data.oireachtas.ie\/ie\/oireachtas\/bill\/2024\/64\/dail\/3\/amendment\/numberedList\/eng\/b6424d-dcnl.pdf"},"xml":null},"showAs":"Numbered List [D\u00e1il]","stage":{"showAs":"Committee Stage","uri":"https:\/\/data.oireachtas.ie\/ie\/oireachtas\/bill\/2024\/64\/dail\/3"},"stageNo":"3"}}],"billNo":"64","billType":"Public","billTypeURI":"https:\/\/data.oireachtas.ie\/ie\/oireachtas\/def\/bill-type\/public","billYear":"2024","debates":[{"chamber":{"showAs":"Seanad \u00c9ireann","uri":"https:\/\/data.oireachtas.ie\/ie\/oireachtas\/def\/house\/seanad"},"date":"2025-04-08","debateSectionId":"dbsect_10","showAs":"Merchant Shipping (Investigation of Marine Accidents) Bill 2024: Report and Final Stages","uri":"https:\/\/data.oireachtas.ie\/akn\/ie\/debateRecord\/seanad\/2025-04-08\/debate\/main"},{"chamber":{"showAs":"Seanad \u00c9ireann","uri":"https:\/\/data.oireachtas.ie\/ie\/oireachtas\/def\/house\/seanad"},"date":"2025-04-01","debateSectionId":"dbsect_10","showAs":"Merchant Shipping (Investigation of Marine Accidents) Bill 2024: Committee Stage (Resumed)","uri":"https:\/\/data.oireachtas.ie\/akn\/ie\/debateRecord\/seanad\/2025-04-01\/debate\/main"},{"chamber":{"showAs":"Seanad \u00c9ireann","uri":"https:\/\/data.oireachtas.ie\/ie\/oireachtas\/def\/house\/seanad"},"date":"2025-03-25","debateSectionId":"dbsect_10","showAs":"Merchant Shipping (Investigation of Marine Accidents) Bill 2024: Committee Stage","uri":"https:\/\/data.oireachtas.ie\/akn\/ie\/debateRecord\/seanad\/2025-03-25\/debate\/main"},{"chamber":{"showAs":"Seanad \u00c9ireann","uri":"https:\/\/data.oireachtas.ie\/ie\/oireachtas\/def\/house\/seanad"},"date":"2025-03-04","debateSectionId":"dbsect_13","showAs":"Merchant Shipping (Investigation of Marine Accidents) Bill 2024: Second Stage","uri":"https:\/\/data.oireachtas.ie\/akn\/ie\/debateRecord\/seanad\/2025-03-04\/debate\/main"},{"chamber":{"showAs":"D\u00e1il \u00c9ireann","uri":"https:\/\/data.oireachtas.ie\/ie\/oireachtas\/def\/house\/dail"},"date":"2025-02-19","debateSectionId":"dbsect_14","showAs":"Merchant Shipping (Investigation of Marine Accidents) Bill 2024: Report and Final Stages","uri":"https:\/\/data.oireachtas.ie\/akn\/ie\/debateRecord\/dail\/2025-02-19\/debate\/main"},{"chamber":{"showAs":"Select Committee on Transport and Communications","uri":"https:\/\/data.oireachtas.ie\/ie\/oireachtas\/def\/committee"},"date":"2024-10-23","debateSectionId":"dbsect_2","showAs":"Merchant Shipping (Investigation of Marine Accidents) Bill 2024: Committee Stage","uri":"https:\/\/data.oireachtas.ie\/akn\/ie\/debateRecord\/select_committee_on_transport_and_communications\/2024-10-23\/debate\/main"},{"chamber":{"showAs":"D\u00e1il \u00c9ireann","uri":"https:\/\/data.oireachtas.ie\/ie\/oireachtas\/def\/house\/dail"},"date":"2024-10-03","debateSectionId":"dbsect_17","showAs":"Merchant Shipping (Investigation of Marine Accidents) Bill 2024: Second Stage","uri":"https:\/\/data.oireachtas.ie\/akn\/ie\/debateRecord\/dail\/2024-10-03\/debate\/main"},{"chamber":{"showAs":"D\u00e1il \u00c9ireann","uri":"https:\/\/data.oireachtas.ie\/ie\/oireachtas\/def\/house\/dail"},"date":"2024-10-03","debateSectionId":"dbsect_18","showAs":"Merchant Shipping (Investigation of Marine Accidents) Bill 2024: Referral to Select Committee","uri":"https:\/\/data.oireachtas.ie\/akn\/ie\/debateRecord\/dail\/2024-10-03\/debate\/main"}],"events":[{"event":{"chamber":{"chamberCode":"dail","showAs":"D\u00e1il \u00c9ireann","uri":"https:\/\/data.oireachtas.ie\/ie\/oireachtas\/def\/house\/dail"},"dates":[{"date":"2024-07-26"},{"date":"2025-02-05"},{"date":"2025-04-14"}],"eventURI":"https:\/\/data.oireachtas.ie\/ie\/oireachtas\/def\/bill-event\/published","showAs":"Published","uri":"https:\/\/data.oireachtas.ie\/ie\/oireachtas\/bill\/2024\/64\/published"}},{"event":{"chamber":{"chamberCode":"dail","showAs":"D\u00e1il \u00c9ireann","uri":"https:\/\/data.oireachtas.ie\/ie\/oireachtas\/def\/house\/dail"},"dates":[{"date":"2024-11-08"}],"eventURI":"https:\/\/data.oireachtas.ie\/ie\/oireachtas\/def\/bill-event\/bill-lapsed","showAs":"Bill Lapsed","uri":"https:\/\/data.oireachtas.ie\/ie\/oireachtas\/bill\/2024\/64\/bill-lapsed"}},{"event":{"chamber":null,"dates":[{"date":"2025-04-14"}],"eventURI":"https:\/\/data.oireachtas.ie\/ie\/oireachtas\/def\/bill-event\/enacted","showAs":"Enacted","uri":"https:\/\/data.oireachtas.ie\/ie\/oireachtas\/bill\/2024\/64\/enacted"}}],"lastUpdated":"2025-04-24T15:17:03.040000+00:00","longTitleEn":"<p>Bill entitled an Act to provide for the dissolution of the Marine Casualty Investigation Board and for its replacement with a unit within the Department of Transport to be known as the Marine Accident Investigation Unit; to provide for the investigation and reporting of marine accidents; to repeal the Merchant Shipping (Investigation of Marine Casualties) Act 2000; to provide for the regulation of offshore service vessels; for those and other purposes to amend the Merchant Shipping (Safety Convention) Act 1952, the Merchant Shipping Act 1992 and the Merchant Shipping Act 2010; and to provide for related matters.<\/p>","longTitleGa":"<p>Bille d\u00e1 ngairtear Acht do dh\u00e9anamh socr\u00fa chun an Bord um Thaism\u00ed Muir\u00ed a Imscr\u00fad\u00fa a dh\u00edscaoileadh agus chun aonad laistigh den Roinn Iompair ar a dtabharfar an tAonad um Imscr\u00fad\u00fa Tion\u00f3isc\u00ed Muir\u00ed a chur ina ionad; do dh\u00e9anamh socr\u00fa maidir le tion\u00f3isc\u00ed muir\u00ed a imscr\u00fad\u00fa agus a thuairisci\u00fa; d\u2019aisghairm an Achta Loingis Cheanna\u00edochta (Taism\u00ed Muir\u00ed a Imscr\u00fad\u00fa), 2000; do dh\u00e9anamh socr\u00fa maidir le rial\u00e1il a dh\u00e9anamh ar \u00e1rtha\u00ed seirbh\u00edse amach \u00f3n gc\u00f3sta; chun na gcr\u00edoch sin agus chun cr\u00edoch eile, do leas\u00fa an Achta Loingis Cheanna\u00edochta (Coinbhinsi\u00fan S\u00e1bh\u00e1ltachta), 1952, an Achta Loingis Cheanna\u00edochta, 1992 agus an Achta Loingis Cheanna\u00edochta, 2010; agus do dh\u00e9anamh socr\u00fa i dtaobh nithe gaolmhara.<\/p>","method":"Presented","methodURI":"https:\/\/data.oireachtas.ie\/ie\/oireachtas\/def\/bill-method\/presented","mostRecentStage":{"event":{"chamber":null,"dates":[{"date":"2025-04-14"}],"house":null,"progressStage":10,"showAs":"Enacted","stageCompleted":true,"stageOutcome":"Enacted","stageURI":"https:\/\/data.oireachtas.ie\/ie\/oireachtas\/def\/bill-stage\/enacted","uri":"https:\/\/data.oireachtas.ie\/ie\/oireachtas\/bill\/2024\/64\/stage\/oireachtas\/enacted"}},"originHouse":{"showAs":"D\u00e1il \u00c9ireann","uri":"https:\/\/data.oireachtas.ie\/ie\/oireachtas\/def\/house\/dail"},"originHouseURI":"https:\/\/data.oireachtas.ie\/ie\/oireachtas\/def\/house\/dail","relatedDocs":[{"relatedDoc":{"date":"2024-07-26","docType":"memo","formats":{"pdf":{"uri":"https:\/\/data.oireachtas.ie\/ie\/oireachtas\/bill\/2024\/64\/eng\/memo\/b6424d-memo.pdf"},"xml":null},"lang":"eng","showAs":"Explanatory Memorandum","uri":"https:\/\/data.oireachtas.ie\/ie\/oireachtas\/bill\/2024\/64\/eng\/memo"}}],"shortTitleEn":"Merchant Shipping (Investigation of Marine Accidents) Bill 2024","shortTitleGa":"An Bille Loingis Cheanna\u00edochta (Tion\u00f3isc\u00ed Muir\u00ed a Imscr\u00fad\u00fa), 2024","source":"Government","sourceURI":"https:\/\/data.oireachtas.ie\/ie\/oireachtas\/def\/bill-source\/government","sponsors":[{"sponsor":{"as":{"showAs":"Minister for Transport","uri":null},"by":{"showAs":null,"uri":null},"isPrimary":true}}],"stages":[{"event":{"chamber":{"chamberCode":"dail","showAs":"D\u00e1il \u00c9ireann","uri":"https:\/\/data.oireachtas.ie\/ie\/oireachtas\/def\/house\/dail"},"dates":[{"date":"2024-07-26"},{"date":"2024-07-26"}],"house":{"chamberCode":"dail","chamberType":"house","houseCode":"dail","houseNo":"33","showAs":"33rd D\u00e1il","uri":"https:\/\/data.oireachtas.ie\/ie\/oireachtas\/house\/dail\/33"},"progressStage":1,"showAs":"First Stage","stageCompleted":true,"stageOutcome":null,"stageURI":"https:\/\/data.oireachtas.ie\/ie\/oireachtas\/def\/bill-stage\/1","uri":"https:\/\/data.oireachtas.ie\/ie\/oireachtas\/bill\/2024\/64\/stage\/dail\/1"}},{"event":{"chamber":{"chamberCode":"dail","showAs":"D\u00e1il \u00c9ireann","uri":"https:\/\/data.oireachtas.ie\/ie\/oireachtas\/def\/house\/dail"},"dates":[{"date":"2024-10-03"}],"house":{"chamberCode":"dail","chamberType":"house","houseCode":"dail","houseNo":"33","showAs":"33rd D\u00e1il","uri":"https:\/\/data.oireachtas.ie\/ie\/oireachtas\/house\/dail\/33"},"progressStage":2,"showAs":"Second Stage","stageCompleted":true,"stageOutcome":null,"stageURI":"https:\/\/data.oireachtas.ie\/ie\/oireachtas\/def\/bill-stage\/2","uri":"https:\/\/data.oireachtas.ie\/ie\/oireachtas\/bill\/2024\/64\/stage\/dail\/2"}},{"event":{"chamber":{"chamberCode":"dail","showAs":"D\u00e1il \u00c9ireann","uri":"https:\/\/data.oireachtas.ie\/ie\/oireachtas\/def\/house\/dail"},"dates":[{"date":"2024-10-23"}],"house":{"chamberCode":"dail","chamberType":"house","houseCode":"dail","houseNo":"33","showAs":"33rd D\u00e1il","uri":"https:\/\/data.oireachtas.ie\/ie\/oireachtas\/house\/dail\/33"},"progressStage":3,"showAs":"Committee Stage","stageCompleted":true,"stageOutcome":null,"stageURI":"https:\/\/data.oireachtas.ie\/ie\/oireachtas\/def\/bill-stage\/3","uri":"https:\/\/data.oireachtas.ie\/ie\/oireachtas\/bill\/2024\/64\/stage\/dail\/3"}},{"event":{"chamber":{"chamberCode":"dail","showAs":"D\u00e1il \u00c9ireann","uri":"https:\/\/data.oireachtas.ie\/ie\/oireachtas\/def\/house\/dail"},"dates":[{"date":"2025-02-19"},{"date":"2025-02-19"},{"date":"2025-02-19"}],"house":{"chamberCode":"dail","chamberType":"house","houseCode":"dail","houseNo":"34","showAs":"34th D\u00e1il","uri":"https:\/\/data.oireachtas.ie\/ie\/oireachtas\/house\/dail\/34"},"progressStage":4,"showAs":"Report Stage","stageCompleted":true,"stageOutcome":null,"stageURI":"https:\/\/data.oireachtas.ie\/ie\/oireachtas\/def\/bill-stage\/4","uri":"https:\/\/data.oireachtas.ie\/ie\/oireachtas\/bill\/2024\/64\/stage\/dail\/4"}},{"event":{"chamber":{"chamberCode":"dail","showAs":"D\u00e1il \u00c9ireann","uri":"https:\/\/data.oireachtas.ie\/ie\/oireachtas\/def\/house\/dail"},"dates":[{"date":"2025-02-19"}],"house":{"chamberCode":"dail","chamberType":"house","houseCode":"dail","houseNo":"34","showAs":"34th D\u00e1il","uri":"https:\/\/data.oireachtas.ie\/ie\/oireachtas\/house\/dail\/34"},"progressStage":5,"showAs":"Fifth Stage","stageCompleted":true,"stageOutcome":null,"stageURI":"https:\/\/data.oireachtas.ie\/ie\/oireachtas\/def\/bill-stage\/5","uri":"https:\/\/data.oireachtas.ie\/ie\/oireachtas\/bill\/2024\/64\/stage\/dail\/5"}},{"event":{"chamber":{"chamberCode":"seanad","showAs":"Seanad \u00c9ireann","uri":"https:\/\/data.oireachtas.ie\/ie\/oireachtas\/def\/house\/seanad"},"dates":[{"date":"2025-02-19"}],"house":{"chamberCode":"seanad","chamberType":"house","houseCode":"seanad","houseNo":"27","showAs":"27th Seanad","uri":"https:\/\/data.oireachtas.ie\/ie\/oireachtas\/house\/seanad\/27"},"progressStage":6,"showAs":"Second Stage","stageCompleted":true,"stageOutcome":null,"stageURI":"https:\/\/data.oireachtas.ie\/ie\/oireachtas\/def\/bill-stage\/2","uri":"https:\/\/data.oireachtas.ie\/ie\/oireachtas\/bill\/2024\/64\/stage\/seanad\/2"}},{"event":{"chamber":{"chamberCode":"seanad","showAs":"Seanad \u00c9ireann","uri":"https:\/\/data.oireachtas.ie\/ie\/oireachtas\/def\/house\/seanad"},"dates":[{"date":"2025-03-04"},{"date":"2025-03-04"}],"house":{"chamberCode":"seanad","chamberType":"house","houseCode":"seanad","houseNo":"27","showAs":"27th Seanad","uri":"https:\/\/data.oireachtas.ie\/ie\/oireachtas\/house\/seanad\/27"},"progressStage":7,"showAs":"Committee Stage","stageCompleted":true,"stageOutcome":null,"stageURI":"https:\/\/data.oireachtas.ie\/ie\/oireachtas\/def\/bill-stage\/3","uri":"https:\/\/data.oireachtas.ie\/ie\/oireachtas\/bill\/2024\/64\/stage\/seanad\/3"}},{"event":{"chamber":{"chamberCode":"seanad","showAs":"Seanad \u00c9ireann","uri":"https:\/\/data.oireachtas.ie\/ie\/oireachtas\/def\/house\/seanad"},"dates":[{"date":"2025-04-08"}],"house":{"chamberCode":"seanad","chamberType":"house","houseCode":"seanad","houseNo":"27","showAs":"27th Seanad","uri":"https:\/\/data.oireachtas.ie\/ie\/oireachtas\/house\/seanad\/27"},"progressStage":8,"showAs":"Report Stage","stageCompleted":true,"stageOutcome":null,"stageURI":"https:\/\/data.oireachtas.ie\/ie\/oireachtas\/def\/bill-stage\/4","uri":"https:\/\/data.oireachtas.ie\/ie\/oireachtas\/bill\/2024\/64\/stage\/seanad\/4"}},{"event":{"chamber":{"chamberCode":"seanad","showAs":"Seanad \u00c9ireann","uri":"https:\/\/data.oireachtas.ie\/ie\/oireachtas\/def\/house\/seanad"},"dates":[{"date":"2025-04-08"},{"date":"2025-04-08"}],"house":{"chamberCode":"seanad","chamberType":"house","houseCode":"seanad","houseNo":"27","showAs":"27th Seanad","uri":"https:\/\/data.oireachtas.ie\/ie\/oireachtas\/house\/seanad\/27"},"progressStage":9,"showAs":"Fifth Stage","stageCompleted":true,"stageOutcome":null,"stageURI":"https:\/\/data.oireachtas.ie\/ie\/oireachtas\/def\/bill-stage\/5","uri":"https:\/\/data.oireachtas.ie\/ie\/oireachtas\/bill\/2024\/64\/stage\/seanad\/5"}},{"event":{"chamber":null,"dates":[{"date":"2025-04-14"}],"house":null,"progressStage":10,"showAs":"Enacted","stageCompleted":true,"stageOutcome":"Enacted","stageURI":"https:\/\/data.oireachtas.ie\/ie\/oireachtas\/def\/bill-stage\/enacted","uri":"https:\/\/data.oireachtas.ie\/ie\/oireachtas\/bill\/2024\/64\/stage\/oireachtas\/enacted"}}],"status":"Enacted","statusURI":"https:\/\/data.oireachtas.ie\/ie\/oireachtas\/def\/bill-status\/enacted","uri":"https:\/\/data.oireachtas.ie\/ie\/oireachtas\/bill\/2024\/64","versions":[{"version":{"date":"2025-04-14","docType":"act","formats":{"pdf":{"uri":"https:\/\/data.oireachtas.ie\/ie\/oireachtas\/act\/2025\/2\/eng\/enacted\/a0225.pdf"},"xml":null},"lang":"eng","showAs":"Merchant Shipping (Investigation of Marine Accidents) Act 2025","uri":"https:\/\/data.oireachtas.ie\/ie\/oireachtas\/act\/2025\/2\/eng\/enacted"}},{"version":{"date":"2025-02-19","docType":"bill","formats":{"pdf":{"uri":"https:\/\/data.oireachtas.ie\/ie\/oireachtas\/bill\/2024\/64\/eng\/ver_b\/b64b24d.pdf"},"xml":null},"lang":"eng","showAs":"As passed by D\u00e1il \u00c9ireann","uri":"https:\/\/data.oireachtas.ie\/ie\/oireachtas\/bill\/2024\/64\/eng\/ver_b"}},{"version":{"date":"2024-10-23","docType":"bill","formats":{"pdf":{"uri":"https:\/\/data.oireachtas.ie\/ie\/oireachtas\/bill\/2024\/64\/eng\/ver_a\/b64a24d.pdf"},"xml":null},"lang":"eng","showAs":"As amended in Committee\/Select Committee [D\u00e1il \u00c9ireann]","uri":"https:\/\/data.oireachtas.ie\/ie\/oireachtas\/bill\/2024\/64\/eng\/ver_a"}},{"version":{"date":"2024-07-26","docType":"bill","formats":{"pdf":{"uri":"https:\/\/data.oireachtas.ie\/ie\/oireachtas\/bill\/2024\/64\/eng\/initiated\/b6424d.pdf"},"xml":null},"lang":"eng","showAs":"As Initiated","uri":"https:\/\/data.oireachtas.ie\/ie\/oireachtas\/bill\/2024\/64\/eng\/initiated"}}]},"billSort":{"actNoSort":2,"actShortTitleEnSort":"merchant-shipping-investigation-of-marine-accidents-act-2025","actShortTitleGaSort":"an-tacht-loingis-cheannaiochta-tionoisci-muiri-a-imscrudu-2025","actYearSort":2025,"billNoSort":64,"billShortTitleEnSort":"merchant-shipping-investigation-of-marine-accidents-bill-2024","billShortTitleGaSort":"an-bille-loingis-cheannaiochta-tionoisci-muiri-a-imscrudu-2024","billYearSort":2024},"contextDate":"2025-04-14"},{"bill":{"act":{"actNo":"10","actYear":"2026","dateSigned":"2026-04-30","longTitleEn":"<p>Act to give further effect to Regulation (EU) 2025\/327 of the European Parliament and of the Council of 11 February 2025 on the European Health Data Space and amending Directive 2011\/24\/EU and Regulation (EU) 2024\/2847 and for those and other purposes to provide for a duty for health services providers to share, in certain circumstances, a patient\u2019s personal health data with other health services providers also providing care and treatment to the patient; to provide for the creation and assignment by the Health Service Executive of an Electronic Health Record in respect of every patient; to provide for the information that shall be contained in an Electronic Health Record; to provide that a health services provider shall record the personal public service number of each of his or her patients; to provide that the Health Service Executive may, where appropriate, use a personal public service number to identify a patient; to provide for access to all, or part of, an Electronic Health Record by certain categories of person; to provide for the restriction of such access in certain circumstances; to provide a patient with information in relation to access to his or her Electronic Health Record; to provide for the Minister to make regulations for the purposes of this Act; to provide for the purposes in relation to which an Electronic Health Record may be used; to provide that the Health Service Executive may enter into reciprocal arrangements with other jurisdictions in relation to the exchange of information contained in an Electronic Health Record; to provide that the Health Service Executive may request health services providers to provide the Health Service Executive with certain classes of personal health data; to provide that the Health Service Executive may request certain persons to provide the Health Service Executive with certain categories of health information; to provide that the Health Service Executive may make an application to the Circuit Court where a person fails to comply with a request; to provide for the purposes for which the Health Service Executive may use health information provided to it in accordance with this Act; to provide that the Health Service Executive shall prepare and publish guidelines for the purposes of this Act; to amend the Patient Safety (Notifiable Incidents and Open Disclosure) Act 2023; and to provide for related matters.<\/p>","longTitleGa":"<p>Acht do thabhairt tuilleadh \u00e9ifeachta do Rialach\u00e1n (AE) 2025\/327 \u00f3 Pharlaimint na hEorpa agus \u00f3n gComhairle an 11 Feabhra 2025 maidir leis an Sp\u00e1s Eorpach Sonra\u00ed Sl\u00e1inte agus lena leasa\u00edtear Treoir 2011\/24\/AE agus Rialach\u00e1n (AE) 2024\/2847 agus chun na gcr\u00edoch sin agus chun cr\u00edoch eile do dh\u00e9anamh socr\u00fa maidir le dualgas a bheith ar shol\u00e1thraithe seirbh\u00eds\u00ed sl\u00e1inte sonra\u00ed sl\u00e1inte pearsanta othair a chomhroinnt, in imthosca \u00e1irithe, le sol\u00e1thraithe seirbh\u00eds\u00ed sl\u00e1inte eile a bhfuil c\u00faram agus c\u00f3ire\u00e1il \u00e1 sol\u00e1thar don othar acu freisin; do dh\u00e9anamh socr\u00fa chun go nd\u00e9anfaidh Feidhmeannacht na Seirbh\u00edse Sl\u00e1inte Taifead Sl\u00e1inte Leictreonach a chruth\u00fa agus a shannadh i leith gach othair; do dh\u00e9anamh socr\u00fa maidir leis an bhfaisn\u00e9is a bheidh i dTaifead Sl\u00e1inte Leictreonach; do dh\u00e9anamh socr\u00fa go dtaifeadfaidh sol\u00e1thra\u00ed seirbh\u00eds\u00ed sl\u00e1inte uimhir phearsanta seirbh\u00edse poibl\u00ed gach duine d\u00e1 othair n\u00f3 d\u00e1 hothair; do dh\u00e9anamh socr\u00fa go bhf\u00e9adfaidh Feidhmeannacht na Seirbh\u00edse Sl\u00e1inte, m\u00e1s cu\u00ed, uimhir phearsanta seirbh\u00edse poibl\u00ed a \u00fas\u00e1id chun othar a shainaithint; do dh\u00e9anamh socr\u00fa maidir le rochtain a bheith ag earn\u00e1lacha \u00e1irithe duine ar Thaifead Sl\u00e1inte Leictreonach ioml\u00e1n n\u00f3 ar chuid de; do dh\u00e9anamh socr\u00fa maidir leis an rochtain sin a shrianadh in imthosca \u00e1irithe; do shol\u00e1thar faisn\u00e9is d\u2019othar i nd\u00e1il le rochtain ar a Thaifead Sl\u00e1inte Leictreonach n\u00f3 ar a Taifead Sl\u00e1inte Leictreonach; do dh\u00e9anamh socr\u00fa maidir leis an Aire do dh\u00e9anamh rialach\u00e1in chun cr\u00edocha an Achta seo; do dh\u00e9anamh socr\u00fa maidir leis na cr\u00edocha arb i nd\u00e1il leo a fh\u00e9adfar Taifead Sl\u00e1inte Leictreonach a \u00fas\u00e1id; do dh\u00e9anamh socr\u00fa go bhf\u00e9adfaidh Feidhmeannacht na Seirbh\u00edse Sl\u00e1inte socruithe c\u00f3mhalartacha a dh\u00e9anamh le dl\u00edns\u00ed eile i nd\u00e1il le faisn\u00e9is at\u00e1 i dTaifead Sl\u00e1inte Digiteach a mhalart\u00fa; do dh\u00e9anamh socr\u00fa go bhf\u00e9adfaidh Feidhmeannacht na Seirbh\u00edse Sl\u00e1inte a iarraidh ar shol\u00e1thraithe seirbh\u00eds\u00ed sl\u00e1inte aicm\u00ed \u00e1irithe sonra\u00ed sl\u00e1inte pearsanta a shol\u00e1thar d\u2019Fheidhmeannacht na Seirbh\u00edse Sl\u00e1inte; do dh\u00e9anamh socr\u00fa go bhf\u00e9adfaidh Feidhmeannacht na Seirbh\u00edse Sl\u00e1inte a iarraidh ar dhaoine \u00e1irithe earn\u00e1lacha \u00e1irithe faisn\u00e9ise sl\u00e1inte a shol\u00e1thar d\u2019Fheidhmeannacht na Seirbh\u00edse Sl\u00e1inte; do dh\u00e9anamh socr\u00fa go bhf\u00e9adfaidh Feidhmeannacht na Seirbh\u00edse Sl\u00e1inte iarratas a dh\u00e9anamh chun na C\u00fairte Cuarda i gc\u00e1s go mainneoidh duine d\u00e9anamh de r\u00e9ir iarrata; do dh\u00e9anamh socr\u00fa maidir leis na cr\u00edocha chun a bhf\u00e9adfaidh Feidhmeannacht na Seirbh\u00edse Sl\u00e1inte \u00fas\u00e1id a bhaint as faisn\u00e9is sl\u00e1inte arna sol\u00e1thar di de r\u00e9ir an Achta seo; do dh\u00e9anamh socr\u00fa go nd\u00e9anfaidh Feidhmeannacht na Seirbh\u00edse Sl\u00e1inte treoirl\u00ednte a ullmh\u00fa agus a fhoilsi\u00fa chun cr\u00edocha an Achta seo; do leas\u00fa an Achta um Sh\u00e1bh\u00e1ilteacht Othar (Teagmhais Infh\u00f3gartha agus Nochtadh Oscailte), 2023; agus do dh\u00e9anamh socr\u00fa i dtaobh nithe gaolmhara.<\/p>","shortTitleEn":"Health Information Act 2026","shortTitleGa":"An tAcht um Fhaisn\u00e9is Sl\u00e1inte, 2026","statutebookURI":"http:\/\/www.irishstatutebook.ie\/eli\/2026\/act\/10","uri":"https:\/\/data.oireachtas.ie\/ie\/oireachtas\/act\/2026\/10"},"amendmentLists":[{"amendmentList":{"amendmentTypeUri":{"uri":"https:\/\/data.oireachtas.ie\/ie\/oireachtas\/def\/amendment-type\/creamList"},"chamber":{"showAs":"Seanad","uri":"https:\/\/data.oireachtas.ie\/ie\/oireachtas\/def\/seanad"},"date":"2026-04-16","formats":{"pdf":{"uri":"https:\/\/data.oireachtas.ie\/ie\/oireachtas\/bill\/2024\/61\/seanad\/6\/amendment\/creamList\/eng\/b61b23d-dcl.pdf"},"xml":null},"showAs":"Cream List [Seanad amendments to D\u00e1il Bill]","stage":{"showAs":"Cream List","uri":"https:\/\/data.oireachtas.ie\/ie\/oireachtas\/bill\/2024\/61\/seanad\/6"},"stageNo":"6"}},{"amendmentList":{"amendmentTypeUri":{"uri":"https:\/\/data.oireachtas.ie\/ie\/oireachtas\/def\/amendment-type\/numberedList"},"chamber":{"showAs":"Seanad","uri":"https:\/\/data.oireachtas.ie\/ie\/oireachtas\/def\/seanad"},"date":"2026-03-03","formats":{"pdf":{"uri":"https:\/\/data.oireachtas.ie\/ie\/oireachtas\/bill\/2024\/61\/seanad\/3\/amendment\/numberedList\/eng\/b61b24d-scnl.pdf"},"xml":null},"showAs":"Numbered List [Seanad]","stage":{"showAs":"Committee Stage","uri":"https:\/\/data.oireachtas.ie\/ie\/oireachtas\/bill\/2024\/61\/seanad\/3"},"stageNo":"3"}},{"amendmentList":{"amendmentTypeUri":{"uri":"https:\/\/data.oireachtas.ie\/ie\/oireachtas\/def\/amendment-type\/numberedList"},"chamber":{"showAs":"Dail","uri":"https:\/\/data.oireachtas.ie\/ie\/oireachtas\/def\/dail"},"date":"2025-11-18","formats":{"pdf":{"uri":"https:\/\/data.oireachtas.ie\/ie\/oireachtas\/bill\/2024\/61\/dail\/4\/amendment\/numberedList\/eng\/b61a24d-drnl.pdf"},"xml":null},"showAs":"Numbered List [D\u00e1il]","stage":{"showAs":"Report Stage","uri":"https:\/\/data.oireachtas.ie\/ie\/oireachtas\/bill\/2024\/61\/dail\/4"},"stageNo":"4"}},{"amendmentList":{"amendmentTypeUri":{"uri":"https:\/\/data.oireachtas.ie\/ie\/oireachtas\/def\/amendment-type\/numberedList"},"chamber":{"showAs":"Dail","uri":"https:\/\/data.oireachtas.ie\/ie\/oireachtas\/def\/dail"},"date":"2025-07-15","formats":{"pdf":{"uri":"https:\/\/data.oireachtas.ie\/ie\/oireachtas\/bill\/2024\/61\/dail\/3\/amendment\/numberedList\/eng\/b6124d-1st-substitute-list.pdf"},"xml":null},"showAs":"1st Substitute List of Amendments [D\u00e1il]","stage":{"showAs":"Committee Stage","uri":"https:\/\/data.oireachtas.ie\/ie\/oireachtas\/bill\/2024\/61\/dail\/3"},"stageNo":"3"}},{"amendmentList":{"amendmentTypeUri":{"uri":"https:\/\/data.oireachtas.ie\/ie\/oireachtas\/def\/amendment-type\/numberedList"},"chamber":{"showAs":"Dail","uri":"https:\/\/data.oireachtas.ie\/ie\/oireachtas\/def\/dail"},"date":"2025-07-15","formats":{"pdf":{"uri":"https:\/\/data.oireachtas.ie\/ie\/oireachtas\/bill\/2024\/61\/dail\/3\/amendment\/numberedList\/eng\/b6124d-dcnl.pdf"},"xml":null},"showAs":"Numbered List [D\u00e1il]","stage":{"showAs":"Committee Stage","uri":"https:\/\/data.oireachtas.ie\/ie\/oireachtas\/bill\/2024\/61\/dail\/3"},"stageNo":"3"}}],"billNo":"61","billType":"Public","billTypeURI":"https:\/\/data.oireachtas.ie\/ie\/oireachtas\/def\/bill-type\/public","billYear":"2024","debates":[{"chamber":{"showAs":"D\u00e1il \u00c9ireann","uri":"https:\/\/data.oireachtas.ie\/ie\/oireachtas\/def\/house\/dail"},"date":"2026-04-22","debateSectionId":"dbsect_18","showAs":"Health Information Bill 2024: From the Seanad","uri":"https:\/\/data.oireachtas.ie\/akn\/ie\/debateRecord\/dail\/2026-04-22\/debate\/main"},{"chamber":{"showAs":"Seanad \u00c9ireann","uri":"https:\/\/data.oireachtas.ie\/ie\/oireachtas\/def\/house\/seanad"},"date":"2026-04-14","debateSectionId":"dbsect_15","showAs":"Health Information Bill 2024: Report and Final Stages","uri":"https:\/\/data.oireachtas.ie\/akn\/ie\/debateRecord\/seanad\/2026-04-14\/debate\/main"},{"chamber":{"showAs":"Seanad \u00c9ireann","uri":"https:\/\/data.oireachtas.ie\/ie\/oireachtas\/def\/house\/seanad"},"date":"2026-03-03","debateSectionId":"dbsect_10","showAs":"Health Information Bill 2024: Committee Stage","uri":"https:\/\/data.oireachtas.ie\/akn\/ie\/debateRecord\/seanad\/2026-03-03\/debate\/main"},{"chamber":{"showAs":"Seanad \u00c9ireann","uri":"https:\/\/data.oireachtas.ie\/ie\/oireachtas\/def\/house\/seanad"},"date":"2026-02-10","debateSectionId":"dbsect_9","showAs":"Health Information Bill 2024: Second Stage","uri":"https:\/\/data.oireachtas.ie\/akn\/ie\/debateRecord\/seanad\/2026-02-10\/debate\/main"},{"chamber":{"showAs":"D\u00e1il \u00c9ireann","uri":"https:\/\/data.oireachtas.ie\/ie\/oireachtas\/def\/house\/dail"},"date":"2025-11-19","debateSectionId":"dbsect_26","showAs":"Health Information Bill 2024: Report and Final Stages","uri":"https:\/\/data.oireachtas.ie\/akn\/ie\/debateRecord\/dail\/2025-11-19\/debate\/main"},{"chamber":{"showAs":"Select Committee on Health","uri":"https:\/\/data.oireachtas.ie\/ie\/oireachtas\/def\/committee"},"date":"2025-07-16","debateSectionId":"dbsect_2","showAs":"Health Information Bill 2024: Committee Stage","uri":"https:\/\/data.oireachtas.ie\/akn\/ie\/debateRecord\/select_committee_on_health\/2025-07-16\/debate\/main"},{"chamber":{"showAs":"Select Committee on Health","uri":"https:\/\/data.oireachtas.ie\/ie\/oireachtas\/def\/committee"},"date":"2025-07-16","debateSectionId":"dbsect_2","showAs":"Health Information Bill 2024: Committee Stage","uri":"https:\/\/data.oireachtas.ie\/akn\/ie\/debateRecord\/select_committee_on_health\/2025-07-16\/debate\/main"},{"chamber":{"showAs":"D\u00e1il \u00c9ireann","uri":"https:\/\/data.oireachtas.ie\/ie\/oireachtas\/def\/house\/dail"},"date":"2024-09-25","debateSectionId":"dbsect_14","showAs":"Health Information Bill 2024: Second Stage","uri":"https:\/\/data.oireachtas.ie\/akn\/ie\/debateRecord\/dail\/2024-09-25\/debate\/main"},{"chamber":{"showAs":"D\u00e1il \u00c9ireann","uri":"https:\/\/data.oireachtas.ie\/ie\/oireachtas\/def\/house\/dail"},"date":"2024-09-25","debateSectionId":"dbsect_16","showAs":"Health Information Bill 2024: Second Stage (Resumed)","uri":"https:\/\/data.oireachtas.ie\/akn\/ie\/debateRecord\/dail\/2024-09-25\/debate\/main"},{"chamber":{"showAs":"D\u00e1il \u00c9ireann","uri":"https:\/\/data.oireachtas.ie\/ie\/oireachtas\/def\/house\/dail"},"date":"2024-09-25","debateSectionId":"dbsect_17","showAs":"Health Information Bill 2024: Referral to Select Committee","uri":"https:\/\/data.oireachtas.ie\/akn\/ie\/debateRecord\/dail\/2024-09-25\/debate\/main"}],"events":[{"event":{"chamber":{"chamberCode":"dail","showAs":"D\u00e1il \u00c9ireann","uri":"https:\/\/data.oireachtas.ie\/ie\/oireachtas\/def\/house\/dail"},"dates":[{"date":"2024-07-19"},{"date":"2025-02-05"},{"date":"2026-04-30"}],"eventURI":"https:\/\/data.oireachtas.ie\/ie\/oireachtas\/def\/bill-event\/published","showAs":"Published","uri":"https:\/\/data.oireachtas.ie\/ie\/oireachtas\/bill\/2024\/61\/published"}},{"event":{"chamber":{"chamberCode":"dail","showAs":"D\u00e1il \u00c9ireann","uri":"https:\/\/data.oireachtas.ie\/ie\/oireachtas\/def\/house\/dail"},"dates":[{"date":"2024-11-08"}],"eventURI":"https:\/\/data.oireachtas.ie\/ie\/oireachtas\/def\/bill-event\/bill-lapsed","showAs":"Bill Lapsed","uri":"https:\/\/data.oireachtas.ie\/ie\/oireachtas\/bill\/2024\/61\/bill-lapsed"}},{"event":{"chamber":null,"dates":[{"date":"2026-04-30"}],"eventURI":"https:\/\/data.oireachtas.ie\/ie\/oireachtas\/def\/bill-event\/enacted","showAs":"Enacted","uri":"https:\/\/data.oireachtas.ie\/ie\/oireachtas\/bill\/2024\/61\/enacted"}}],"lastUpdated":"2026-05-11T14:05:57.480000+00:00","longTitleEn":"<p>Bill entitled an Act to give further effect to Regulation (EU) 2025\/327 of the European Parliament and of the Council of 11 February 2025 on the European Health Data Space and amending Directive 2011\/24\/EU and Regulation (EU) 2024\/2847 and for those and other purposes to provide for a duty for health services providers to share, in certain circumstances, a patient\u2019s personal health data with other health services providers also providing care and treatment to the patient; to provide for the creation and assignment by the Health Service Executive of an Electronic Health Record in respect of every patient; to provide for the information that shall be contained in an Electronic Health Record; to provide that a health services provider shall record the personal public service number of each of his or her patients; to provide that the Health Service Executive may, where appropriate, use a personal public service number to identify a patient; to provide for access to all, or part of, an Electronic Health Record by certain categories of person; to provide for the restriction of such access in certain circumstances; to provide a patient with information in relation to access to his or her Electronic Health Record; to provide for the Minister to make regulations for the purposes of this Act; to provide for the purposes in relation to which an Electronic Health Record may be used; to provide that the Health Service Executive may enter into reciprocal arrangements with other jurisdictions in relation to the exchange of information contained in an Electronic Health Record; to provide that the Health Service Executive may request health services providers to provide the Health Service Executive with certain classes of personal health data; to provide that the Health Service Executive may request certain persons to provide the Health Service Executive with certain categories of health information; to provide that the Health Service Executive may make an application to the Circuit Court where a person fails to comply with a request; to provide for the purposes for which the Health Service Executive may use health information provided to it in accordance with this Act; to provide that the Health Service Executive shall prepare and publish guidelines for the purposes of this Act; to amend the Patient Safety (Notifiable Incidents and Open Disclosure) Act 2023; and to provide for related matters.<\/p>","longTitleGa":"<p>Bille d\u00e1 ngairtear Acht do thabhairt tuilleadh \u00e9ifeachta do Rialach\u00e1n (AE) 2025\/327 \u00f3 Pharlaimint na hEorpa agus \u00f3n gComhairle an 11 Feabhra 2025 maidir leis an Sp\u00e1s Eorpach Sonra\u00ed Sl\u00e1inte agus lena leasa\u00edtear Treoir 2011\/24\/AE agus Rialach\u00e1n (AE) 2024\/2847 agus chun na gcr\u00edoch sin agus chun cr\u00edoch eile do dh\u00e9anamh socr\u00fa maidir le dualgas a bheith ar shol\u00e1thraithe seirbh\u00eds\u00ed sl\u00e1inte sonra\u00ed sl\u00e1inte pearsanta othair a chomhroinnt, in imthosca \u00e1irithe, le sol\u00e1thraithe seirbh\u00eds\u00ed sl\u00e1inte eile a bhfuil c\u00faram agus c\u00f3ire\u00e1il \u00e1 sol\u00e1thar don othar acu freisin; do dh\u00e9anamh socr\u00fa chun go nd\u00e9anfaidh Feidhmeannacht na Seirbh\u00edse Sl\u00e1inte Taifead Sl\u00e1inte Leictreonach a chruth\u00fa agus a shannadh i leith gach othair; do dh\u00e9anamh socr\u00fa maidir leis an bhfaisn\u00e9is a bheidh i dTaifead Sl\u00e1inte Leictreonach; do dh\u00e9anamh socr\u00fa go dtaifeadfaidh sol\u00e1thra\u00ed seirbh\u00eds\u00ed sl\u00e1inte uimhir phearsanta seirbh\u00edse poibl\u00ed gach duine d\u00e1 othair n\u00f3 d\u00e1 hothair; do dh\u00e9anamh socr\u00fa go bhf\u00e9adfaidh Feidhmeannacht na Seirbh\u00edse Sl\u00e1inte, m\u00e1s cu\u00ed, uimhir phearsanta seirbh\u00edse poibl\u00ed a \u00fas\u00e1id chun othar a shainaithint; do dh\u00e9anamh socr\u00fa maidir le rochtain a bheith ag earn\u00e1lacha \u00e1irithe duine ar Thaifead Sl\u00e1inte Leictreonach ioml\u00e1n n\u00f3 ar chuid de; do dh\u00e9anamh socr\u00fa maidir leis an rochtain sin a shrianadh in imthosca \u00e1irithe; do shol\u00e1thar faisn\u00e9is d\u2019othar i nd\u00e1il le rochtain ar a Thaifead Sl\u00e1inte Leictreonach n\u00f3 ar a Taifead Sl\u00e1inte Leictreonach; do dh\u00e9anamh socr\u00fa maidir leis an Aire do dh\u00e9anamh rialach\u00e1in chun cr\u00edocha an Achta seo; do dh\u00e9anamh socr\u00fa maidir leis na cr\u00edocha arb i nd\u00e1il leo a fh\u00e9adfar Taifead Sl\u00e1inte Leictreonach a \u00fas\u00e1id; do dh\u00e9anamh socr\u00fa go bhf\u00e9adfaidh Feidhmeannacht na Seirbh\u00edse Sl\u00e1inte socruithe c\u00f3mhalartacha a dh\u00e9anamh le dl\u00edns\u00ed eile i nd\u00e1il le faisn\u00e9is at\u00e1 i dTaifead Sl\u00e1inte Digiteach a mhalart\u00fa; do dh\u00e9anamh socr\u00fa go bhf\u00e9adfaidh Feidhmeannacht na Seirbh\u00edse Sl\u00e1inte a iarraidh ar shol\u00e1thraithe seirbh\u00eds\u00ed sl\u00e1inte aicm\u00ed \u00e1irithe sonra\u00ed sl\u00e1inte pearsanta a shol\u00e1thar d\u2019Fheidhmeannacht na Seirbh\u00edse Sl\u00e1inte; do dh\u00e9anamh socr\u00fa go bhf\u00e9adfaidh Feidhmeannacht na Seirbh\u00edse Sl\u00e1inte a iarraidh ar dhaoine \u00e1irithe earn\u00e1lacha \u00e1irithe faisn\u00e9ise sl\u00e1inte a shol\u00e1thar d\u2019Fheidhmeannacht na Seirbh\u00edse Sl\u00e1inte; do dh\u00e9anamh socr\u00fa go bhf\u00e9adfaidh Feidhmeannacht na Seirbh\u00edse Sl\u00e1inte iarratas a dh\u00e9anamh chun na C\u00fairte Cuarda i gc\u00e1s go mainneoidh duine d\u00e9anamh de r\u00e9ir iarrata; do dh\u00e9anamh socr\u00fa maidir leis na cr\u00edocha chun a bhf\u00e9adfaidh Feidhmeannacht na Seirbh\u00edse Sl\u00e1inte \u00fas\u00e1id a bhaint as faisn\u00e9is sl\u00e1inte arna sol\u00e1thar di de r\u00e9ir an Achta seo; do dh\u00e9anamh socr\u00fa go nd\u00e9anfaidh Feidhmeannacht na Seirbh\u00edse Sl\u00e1inte treoirl\u00ednte a ullmh\u00fa agus a fhoilsi\u00fa chun cr\u00edocha an Achta seo; do leas\u00fa an Achta um Sh\u00e1bh\u00e1ilteacht Othar (Teagmhais Infh\u00f3gartha agus Nochtadh Oscailte), 2023; agus do dh\u00e9anamh socr\u00fa i dtaobh nithe gaolmhara.<\/p>","method":"Presented","methodURI":"https:\/\/data.oireachtas.ie\/ie\/oireachtas\/def\/bill-method\/presented","mostRecentStage":{"event":{"chamber":null,"dates":[{"date":"2026-04-30"}],"house":null,"progressStage":11,"showAs":"Enacted","stageCompleted":true,"stageOutcome":"Enacted","stageURI":"https:\/\/data.oireachtas.ie\/ie\/oireachtas\/def\/bill-stage\/enacted","uri":"https:\/\/data.oireachtas.ie\/ie\/oireachtas\/bill\/2024\/61\/stage\/oireachtas\/enacted"}},"originHouse":{"showAs":"D\u00e1il \u00c9ireann","uri":"https:\/\/data.oireachtas.ie\/ie\/oireachtas\/def\/house\/dail"},"originHouseURI":"https:\/\/data.oireachtas.ie\/ie\/oireachtas\/def\/house\/dail","relatedDocs":[{"relatedDoc":{"date":"2024-09-25","docType":"gluais","formats":{"pdf":{"uri":"https:\/\/data.oireachtas.ie\/ie\/oireachtas\/bill\/2024\/61\/mul\/gluais\/gluais-22-2024-an-bille-um-fhaisneis-slainte-2024.pdf"},"xml":null},"lang":"mul","showAs":"Glossary\/Gluais","uri":"https:\/\/data.oireachtas.ie\/ie\/oireachtas\/bill\/2024\/61\/mul\/gluais"}},{"relatedDoc":{"date":"2024-07-19","docType":"memo","formats":{"pdf":{"uri":"https:\/\/data.oireachtas.ie\/ie\/oireachtas\/bill\/2024\/61\/eng\/memo\/b6124d-memo.pdf"},"xml":null},"lang":"eng","showAs":"Explanatory Memorandum","uri":"https:\/\/data.oireachtas.ie\/ie\/oireachtas\/bill\/2024\/61\/eng\/memo"}}],"shortTitleEn":"Health Information Bill 2024","shortTitleGa":"An Bille um Fhaisn\u00e9is Sl\u00e1inte, 2024","source":"Government","sourceURI":"https:\/\/data.oireachtas.ie\/ie\/oireachtas\/def\/bill-source\/government","sponsors":[{"sponsor":{"isPrimary":true,"as":{"showAs":"Minister for Health","uri":null},"by":{"showAs":null,"uri":null}}}],"stages":[{"event":{"chamber":{"chamberCode":"dail","showAs":"D\u00e1il \u00c9ireann","uri":"https:\/\/data.oireachtas.ie\/ie\/oireachtas\/def\/house\/dail"},"dates":[{"date":"2024-07-19"},{"date":"2024-07-19"}],"house":{"chamberCode":"dail","chamberType":"house","houseCode":"dail","houseNo":"33","showAs":"33rd D\u00e1il","uri":"https:\/\/data.oireachtas.ie\/ie\/oireachtas\/house\/dail\/33"},"progressStage":1,"showAs":"First Stage","stageCompleted":true,"stageOutcome":null,"stageURI":"https:\/\/data.oireachtas.ie\/ie\/oireachtas\/def\/bill-stage\/1","uri":"https:\/\/data.oireachtas.ie\/ie\/oireachtas\/bill\/2024\/61\/stage\/dail\/1"}},{"event":{"chamber":{"chamberCode":"dail","showAs":"D\u00e1il \u00c9ireann","uri":"https:\/\/data.oireachtas.ie\/ie\/oireachtas\/def\/house\/dail"},"dates":[{"date":"2024-09-25"}],"house":{"chamberCode":"dail","chamberType":"house","houseCode":"dail","houseNo":"33","showAs":"33rd D\u00e1il","uri":"https:\/\/data.oireachtas.ie\/ie\/oireachtas\/house\/dail\/33"},"progressStage":2,"showAs":"Second Stage","stageCompleted":true,"stageOutcome":null,"stageURI":"https:\/\/data.oireachtas.ie\/ie\/oireachtas\/def\/bill-stage\/2","uri":"https:\/\/data.oireachtas.ie\/ie\/oireachtas\/bill\/2024\/61\/stage\/dail\/2"}},{"event":{"chamber":{"chamberCode":"dail","showAs":"D\u00e1il \u00c9ireann","uri":"https:\/\/data.oireachtas.ie\/ie\/oireachtas\/def\/house\/dail"},"dates":[{"date":"2024-09-25"},{"date":"2024-09-25"},{"date":"2024-09-25"}],"house":{"chamberCode":"dail","chamberType":"house","houseCode":"dail","houseNo":"33","showAs":"33rd D\u00e1il","uri":"https:\/\/data.oireachtas.ie\/ie\/oireachtas\/house\/dail\/33"},"progressStage":3,"showAs":"Committee Stage","stageCompleted":true,"stageOutcome":null,"stageURI":"https:\/\/data.oireachtas.ie\/ie\/oireachtas\/def\/bill-stage\/3","uri":"https:\/\/data.oireachtas.ie\/ie\/oireachtas\/bill\/2024\/61\/stage\/dail\/3"}},{"event":{"chamber":{"chamberCode":"dail","showAs":"D\u00e1il \u00c9ireann","uri":"https:\/\/data.oireachtas.ie\/ie\/oireachtas\/def\/house\/dail"},"dates":[{"date":"2025-11-19"}],"house":{"chamberCode":"dail","chamberType":"house","houseCode":"dail","houseNo":"34","showAs":"34th D\u00e1il","uri":"https:\/\/data.oireachtas.ie\/ie\/oireachtas\/house\/dail\/34"},"progressStage":4,"showAs":"Report Stage","stageCompleted":true,"stageOutcome":null,"stageURI":"https:\/\/data.oireachtas.ie\/ie\/oireachtas\/def\/bill-stage\/4","uri":"https:\/\/data.oireachtas.ie\/ie\/oireachtas\/bill\/2024\/61\/stage\/dail\/4"}},{"event":{"chamber":{"chamberCode":"dail","showAs":"D\u00e1il \u00c9ireann","uri":"https:\/\/data.oireachtas.ie\/ie\/oireachtas\/def\/house\/dail"},"dates":[{"date":"2025-11-19"}],"house":{"chamberCode":"dail","chamberType":"house","houseCode":"dail","houseNo":"34","showAs":"34th D\u00e1il","uri":"https:\/\/data.oireachtas.ie\/ie\/oireachtas\/house\/dail\/34"},"progressStage":5,"showAs":"Fifth Stage","stageCompleted":true,"stageOutcome":null,"stageURI":"https:\/\/data.oireachtas.ie\/ie\/oireachtas\/def\/bill-stage\/5","uri":"https:\/\/data.oireachtas.ie\/ie\/oireachtas\/bill\/2024\/61\/stage\/dail\/5"}},{"event":{"chamber":{"chamberCode":"seanad","showAs":"Seanad \u00c9ireann","uri":"https:\/\/data.oireachtas.ie\/ie\/oireachtas\/def\/house\/seanad"},"dates":[{"date":"2026-02-10"}],"house":{"chamberCode":"seanad","chamberType":"house","houseCode":"seanad","houseNo":"27","showAs":"27th Seanad","uri":"https:\/\/data.oireachtas.ie\/ie\/oireachtas\/house\/seanad\/27"},"progressStage":6,"showAs":"Second Stage","stageCompleted":true,"stageOutcome":null,"stageURI":"https:\/\/data.oireachtas.ie\/ie\/oireachtas\/def\/bill-stage\/2","uri":"https:\/\/data.oireachtas.ie\/ie\/oireachtas\/bill\/2024\/61\/stage\/seanad\/2"}},{"event":{"chamber":{"chamberCode":"seanad","showAs":"Seanad \u00c9ireann","uri":"https:\/\/data.oireachtas.ie\/ie\/oireachtas\/def\/house\/seanad"},"dates":[{"date":"2026-02-17"}],"house":{"chamberCode":"seanad","chamberType":"house","houseCode":"seanad","houseNo":"27","showAs":"27th Seanad","uri":"https:\/\/data.oireachtas.ie\/ie\/oireachtas\/house\/seanad\/27"},"progressStage":7,"showAs":"Committee Stage","stageCompleted":true,"stageOutcome":null,"stageURI":"https:\/\/data.oireachtas.ie\/ie\/oireachtas\/def\/bill-stage\/3","uri":"https:\/\/data.oireachtas.ie\/ie\/oireachtas\/bill\/2024\/61\/stage\/seanad\/3"}},{"event":{"chamber":{"chamberCode":"seanad","showAs":"Seanad \u00c9ireann","uri":"https:\/\/data.oireachtas.ie\/ie\/oireachtas\/def\/house\/seanad"},"dates":[{"date":"2026-03-10"},{"date":"2026-03-10"}],"house":{"chamberCode":"seanad","chamberType":"house","houseCode":"seanad","houseNo":"27","showAs":"27th Seanad","uri":"https:\/\/data.oireachtas.ie\/ie\/oireachtas\/house\/seanad\/27"},"progressStage":8,"showAs":"Report Stage","stageCompleted":true,"stageOutcome":"Enacted","stageURI":"https:\/\/data.oireachtas.ie\/ie\/oireachtas\/def\/bill-stage\/4","uri":"https:\/\/data.oireachtas.ie\/ie\/oireachtas\/bill\/2024\/61\/stage\/seanad\/4"}},{"event":{"chamber":{"chamberCode":"seanad","showAs":"Seanad \u00c9ireann","uri":"https:\/\/data.oireachtas.ie\/ie\/oireachtas\/def\/house\/seanad"},"dates":[{"date":"2026-04-14"}],"house":{"chamberCode":"seanad","chamberType":"house","houseCode":"seanad","houseNo":"27","showAs":"27th Seanad","uri":"https:\/\/data.oireachtas.ie\/ie\/oireachtas\/house\/seanad\/27"},"progressStage":9,"showAs":"Fifth Stage","stageCompleted":true,"stageOutcome":"Enacted","stageURI":"https:\/\/data.oireachtas.ie\/ie\/oireachtas\/def\/bill-stage\/5","uri":"https:\/\/data.oireachtas.ie\/ie\/oireachtas\/bill\/2024\/61\/stage\/seanad\/5"}},{"event":{"chamber":{"chamberCode":"dail","showAs":"D\u00e1il \u00c9ireann","uri":"https:\/\/data.oireachtas.ie\/ie\/oireachtas\/def\/house\/dail"},"dates":[{"date":"2026-04-22"}],"house":{"chamberCode":"dail","chamberType":"house","houseCode":"dail","houseNo":"34","showAs":"34th D\u00e1il","uri":"https:\/\/data.oireachtas.ie\/ie\/oireachtas\/house\/dail\/34"},"progressStage":10,"showAs":"Cream List","stageCompleted":true,"stageOutcome":"Enacted","stageURI":"https:\/\/data.oireachtas.ie\/ie\/oireachtas\/def\/bill-stage\/6","uri":"https:\/\/data.oireachtas.ie\/ie\/oireachtas\/bill\/2024\/61\/stage\/dail\/6"}},{"event":{"chamber":null,"dates":[{"date":"2026-04-30"}],"house":null,"progressStage":11,"showAs":"Enacted","stageCompleted":true,"stageOutcome":"Enacted","stageURI":"https:\/\/data.oireachtas.ie\/ie\/oireachtas\/def\/bill-stage\/enacted","uri":"https:\/\/data.oireachtas.ie\/ie\/oireachtas\/bill\/2024\/61\/stage\/oireachtas\/enacted"}}],"status":"Enacted","statusURI":"https:\/\/data.oireachtas.ie\/ie\/oireachtas\/def\/bill-status\/enacted","uri":"https:\/\/data.oireachtas.ie\/ie\/oireachtas\/bill\/2024\/61","versions":[{"version":{"lang":"eng","docType":"act","showAs":"Health Information Act 2026","date":"2026-04-30","formats":{"pdf":{"uri":"https:\/\/data.oireachtas.ie\/ie\/oireachtas\/act\/2026\/10\/eng\/enacted\/a1026.pdf"},"xml":null},"uri":"https:\/\/data.oireachtas.ie\/ie\/oireachtas\/act\/2026\/10\/eng\/enacted"}},{"version":{"lang":"eng","docType":"bill","showAs":"Administrative Reprint - As amended in Committee [Seanad \u00c9ireann]","date":"2026-03-03","formats":{"pdf":{"uri":"https:\/\/data.oireachtas.ie\/ie\/oireachtas\/bill\/2024\/61\/eng\/ver_b\/b61bx24d.pdf"},"xml":null},"uri":"https:\/\/data.oireachtas.ie\/ie\/oireachtas\/bill\/2024\/61\/eng\/ver_b"}},{"version":{"lang":"eng","docType":"bill","showAs":"As passed by D\u00e1il \u00c9ireann","date":"2025-11-19","formats":{"pdf":{"uri":"https:\/\/data.oireachtas.ie\/ie\/oireachtas\/bill\/2024\/61\/eng\/ver_b\/b61b24d.pdf"},"xml":null},"uri":"https:\/\/data.oireachtas.ie\/ie\/oireachtas\/bill\/2024\/61\/eng\/ver_b"}},{"version":{"lang":"eng","docType":"bill","showAs":"As amended in Committee\/Select Committee [D\u00e1il \u00c9ireann]","date":"2025-07-16","formats":{"pdf":{"uri":"https:\/\/data.oireachtas.ie\/ie\/oireachtas\/bill\/2024\/61\/eng\/ver_a\/b61a24d.pdf"},"xml":null},"uri":"https:\/\/data.oireachtas.ie\/ie\/oireachtas\/bill\/2024\/61\/eng\/ver_a"}},{"version":{"lang":"eng","docType":"bill","showAs":"As Initiated","date":"2024-07-19","formats":{"pdf":{"uri":"https:\/\/data.oireachtas.ie\/ie\/oireachtas\/bill\/2024\/61\/eng\/initiated\/b6124d.pdf"},"xml":null},"uri":"https:\/\/data.oireachtas.ie\/ie\/oireachtas\/bill\/2024\/61\/eng\/initiated"}}]},"contextDate":"2026-04-30","billSort":{"actNoSort":10,"actShortTitleEnSort":"health-information-act-2026","actShortTitleGaSort":"an-tacht-um-fhaisneis-slainte-2026","actYearSort":2026,"billNoSort":61,"billShortTitleEnSort":"health-information-bill-2024","billShortTitleGaSort":"an-bille-um-fhaisneis-slainte-2024","billYearSort":2024}},{"bill":{"act":null,"amendmentLists":[],"billNo":"59","billType":"Public","billTypeURI":"https:\/\/data.oireachtas.ie\/ie\/oireachtas\/def\/bill-type\/public","billYear":"2024","debates":[{"chamber":{"showAs":"D\u00e1il \u00c9ireann","uri":"https:\/\/data.oireachtas.ie\/ie\/oireachtas\/def\/house\/dail"},"date":"2025-10-21","debateSectionId":"dbsect_23","showAs":"Education (Amendment) Bill 2024: Second Stage (Resumed) [Private Members]","uri":"https:\/\/data.oireachtas.ie\/akn\/ie\/debateRecord\/dail\/2025-10-21\/debate\/main"},{"chamber":{"showAs":"D\u00e1il \u00c9ireann","uri":"https:\/\/data.oireachtas.ie\/ie\/oireachtas\/def\/house\/dail"},"date":"2025-10-16","debateSectionId":"dbsect_48","showAs":"Education (Amendment) Bill 2024: Second Stage [Private Members]","uri":"https:\/\/data.oireachtas.ie\/akn\/ie\/debateRecord\/dail\/2025-10-16\/debate\/main"},{"chamber":{"showAs":"D\u00e1il \u00c9ireann","uri":"https:\/\/data.oireachtas.ie\/ie\/oireachtas\/def\/house\/dail"},"date":"2024-07-10","debateSectionId":"dbsect_10","showAs":"Education (Amendment) Bill 2024: First Stage","uri":"https:\/\/data.oireachtas.ie\/akn\/ie\/debateRecord\/dail\/2024-07-10\/debate\/main"}],"events":[{"event":{"chamber":{"chamberCode":"dail","showAs":"D\u00e1il \u00c9ireann","uri":"https:\/\/data.oireachtas.ie\/ie\/oireachtas\/def\/house\/dail"},"dates":[{"date":"2024-07-02"},{"date":"2024-07-02"},{"date":"2024-07-10"},{"date":"2025-05-01"}],"eventURI":"https:\/\/data.oireachtas.ie\/ie\/oireachtas\/def\/bill-event\/approved-for-initiation","showAs":"Approved for Initiation","uri":"https:\/\/data.oireachtas.ie\/ie\/oireachtas\/bill\/2024\/59\/approved-for-initiation"}},{"event":{"chamber":{"chamberCode":"dail","showAs":"D\u00e1il \u00c9ireann","uri":"https:\/\/data.oireachtas.ie\/ie\/oireachtas\/def\/house\/dail"},"dates":[{"date":"2024-11-08"}],"eventURI":"https:\/\/data.oireachtas.ie\/ie\/oireachtas\/def\/bill-event\/bill-lapsed","showAs":"Bill Lapsed","uri":"https:\/\/data.oireachtas.ie\/ie\/oireachtas\/bill\/2024\/59\/bill-lapsed"}}],"lastUpdated":"2025-10-22T15:51:49.300000+00:00","longTitleEn":"<p>Bill entitled an Act to amend the Education Act 1998 and certain regulations made under that Act for the purpose of allowing a certain timeframe to be specified in respect of students with special educational needs when an application is made for admission to a school and to provide for related matters.<\/p>\n","longTitleGa":"<p>Bille d\u00e1 ngairtear Acht do leas\u00fa an Achta Oideachais, 1998 agus rialach\u00e1in \u00e1irithe arna nd\u00e9anamh faoin Acht sin chun go gcead\u00f3far creat ama \u00e1irithe a shonr\u00fa i leith mic l\u00e9inn a bhfuil riachtanais speisialta oideachais acu nuair a dh\u00e9antar iarratas ar ligean isteach i scoil agus do dh\u00e9anamh socr\u00fa i dtaobh nithe gaolmhara.<\/p>\n","method":"Introduced","methodURI":"https:\/\/data.oireachtas.ie\/ie\/oireachtas\/def\/bill-method\/introduced","mostRecentStage":{"event":{"chamber":{"chamberCode":"dail","showAs":"D\u00e1il \u00c9ireann","uri":"https:\/\/data.oireachtas.ie\/ie\/oireachtas\/def\/house\/dail"},"dates":[{"date":"2024-07-10"},{"date":"2024-07-10"},{"date":"2024-07-10"},{"date":"2024-07-10"}],"house":{"chamberCode":"dail","chamberType":"house","houseCode":"dail","houseNo":"33","showAs":"33rd D\u00e1il","uri":"https:\/\/data.oireachtas.ie\/ie\/oireachtas\/house\/dail\/33"},"progressStage":2,"showAs":"Second Stage","stageCompleted":true,"stageOutcome":null,"stageURI":"https:\/\/data.oireachtas.ie\/ie\/oireachtas\/def\/bill-stage\/2","uri":"https:\/\/data.oireachtas.ie\/ie\/oireachtas\/bill\/2024\/59\/stage\/dail\/2"}},"originHouse":{"showAs":"D\u00e1il \u00c9ireann","uri":"https:\/\/data.oireachtas.ie\/ie\/oireachtas\/def\/house\/dail"},"originHouseURI":"https:\/\/data.oireachtas.ie\/ie\/oireachtas\/def\/house\/dail","relatedDocs":[{"relatedDoc":{"date":"2024-07-10","docType":"memo","formats":{"pdf":{"uri":"https:\/\/data.oireachtas.ie\/ie\/oireachtas\/bill\/2024\/59\/eng\/memo\/b5924d-memo.pdf"},"xml":null},"lang":"eng","showAs":"Explanatory Memorandum","uri":"https:\/\/data.oireachtas.ie\/ie\/oireachtas\/bill\/2024\/59\/eng\/memo"}}],"shortTitleEn":"Education (Amendment) Bill 2024","shortTitleGa":"An Bille Oideachais (Leas\u00fa), 2024","source":"Private Member","sourceURI":"https:\/\/data.oireachtas.ie\/ie\/oireachtas\/def\/bill-source\/private-member","sponsors":[{"sponsor":{"as":{"showAs":null,"uri":null},"by":{"showAs":"Sorca Clarke","uri":"https:\/\/data.oireachtas.ie\/ie\/oireachtas\/member\/id\/Sorca-Clarke.D.2020-02-08"},"isPrimary":false}},{"sponsor":{"as":{"showAs":null,"uri":null},"by":{"showAs":"Ruair\u00ed \u00d3 Murch\u00fa","uri":"https:\/\/data.oireachtas.ie\/ie\/oireachtas\/member\/id\/Ruair\u00ed-\u00d3-Murch\u00fa.D.2020-02-08"},"isPrimary":true}}],"stages":[{"event":{"chamber":{"chamberCode":"dail","showAs":"D\u00e1il \u00c9ireann","uri":"https:\/\/data.oireachtas.ie\/ie\/oireachtas\/def\/house\/dail"},"dates":[{"date":"2024-07-02"},{"date":"2024-07-02"},{"date":"2024-07-10"},{"date":"2024-07-10"}],"house":{"chamberCode":"dail","chamberType":"house","houseCode":"dail","houseNo":"33","showAs":"33rd D\u00e1il","uri":"https:\/\/data.oireachtas.ie\/ie\/oireachtas\/house\/dail\/33"},"progressStage":1,"showAs":"First Stage","stageCompleted":true,"stageOutcome":null,"stageURI":"https:\/\/data.oireachtas.ie\/ie\/oireachtas\/def\/bill-stage\/1","uri":"https:\/\/data.oireachtas.ie\/ie\/oireachtas\/bill\/2024\/59\/stage\/dail\/1"}},{"event":{"chamber":{"chamberCode":"dail","showAs":"D\u00e1il \u00c9ireann","uri":"https:\/\/data.oireachtas.ie\/ie\/oireachtas\/def\/house\/dail"},"dates":[{"date":"2024-07-10"},{"date":"2024-07-10"},{"date":"2024-07-10"},{"date":"2024-07-10"}],"house":{"chamberCode":"dail","chamberType":"house","houseCode":"dail","houseNo":"33","showAs":"33rd D\u00e1il","uri":"https:\/\/data.oireachtas.ie\/ie\/oireachtas\/house\/dail\/33"},"progressStage":2,"showAs":"Second Stage","stageCompleted":true,"stageOutcome":null,"stageURI":"https:\/\/data.oireachtas.ie\/ie\/oireachtas\/def\/bill-stage\/2","uri":"https:\/\/data.oireachtas.ie\/ie\/oireachtas\/bill\/2024\/59\/stage\/dail\/2"}}],"status":"Current","statusURI":"https:\/\/data.oireachtas.ie\/ie\/oireachtas\/def\/bill-status\/published","uri":"https:\/\/data.oireachtas.ie\/ie\/oireachtas\/bill\/2024\/59","versions":[{"version":{"date":"2024-07-10","docType":"bill","formats":{"pdf":{"uri":"https:\/\/data.oireachtas.ie\/ie\/oireachtas\/bill\/2024\/59\/eng\/initiated\/b5924d.pdf"},"xml":null},"lang":"eng","showAs":"As Initiated","uri":"https:\/\/data.oireachtas.ie\/ie\/oireachtas\/bill\/2024\/59\/eng\/initiated"}}]},"billSort":{"actNoSort":null,"actShortTitleEnSort":null,"actShortTitleGaSort":null,"actYearSort":null,"billNoSort":59,"billShortTitleEnSort":"education-amendment-bill-2024","billShortTitleGaSort":"an-bille-oideachais-leasu-2024","billYearSort":2024},"contextDate":"2024-07-10"},{"bill":{"act":null,"amendmentLists":[],"billNo":"58","billType":"Public","billTypeURI":"https:\/\/data.oireachtas.ie\/ie\/oireachtas\/def\/bill-type\/public","billYear":"2024","debates":[{"chamber":{"showAs":"Seanad \u00c9ireann","uri":"https:\/\/data.oireachtas.ie\/ie\/oireachtas\/def\/house\/seanad"},"date":"2024-07-09","debateSectionId":"dbsect_14","showAs":"Bail (Amendment) Bill 2024: First Stage","uri":"https:\/\/data.oireachtas.ie\/akn\/ie\/debateRecord\/seanad\/2024-07-09\/debate\/main"}],"events":[{"event":{"chamber":{"chamberCode":"seanad","showAs":"Seanad \u00c9ireann","uri":"https:\/\/data.oireachtas.ie\/ie\/oireachtas\/def\/house\/seanad"},"dates":[{"date":"2024-06-05"},{"date":"2024-07-09"}],"eventURI":"https:\/\/data.oireachtas.ie\/ie\/oireachtas\/def\/bill-event\/admissibility-for-introduction","showAs":"Admissibility for Introduction","uri":"https:\/\/data.oireachtas.ie\/ie\/oireachtas\/bill\/2024\/58\/admissibility-for-introduction"}},{"event":{"chamber":{"chamberCode":"seanad","showAs":"Seanad \u00c9ireann","uri":"https:\/\/data.oireachtas.ie\/ie\/oireachtas\/def\/house\/seanad"},"dates":[{"date":"2025-01-29"}],"eventURI":"https:\/\/data.oireachtas.ie\/ie\/oireachtas\/def\/bill-event\/bill-lapsed","showAs":"Bill Lapsed","uri":"https:\/\/data.oireachtas.ie\/ie\/oireachtas\/bill\/2024\/58\/bill-lapsed"}}],"lastUpdated":"2025-01-30T11:17:37.160000+00:00","longTitleEn":"<p>Bill entitled an Act to amend the Schedule to the Bail Act 1997 so as to include a reference to an offence under section 39 of the Domestic Violence Act 2018 and to provide for related matters.<\/p>\n","longTitleGa":"<p>Bille d\u00e1 ngairtear Acht do leas\u00fa an Sceidil a ghabhann leis an Acht um Banna\u00ed, 1997 chun tagairt do chion faoi alt 39 den Acht um Fhor\u00e9igean Baile, 2018 a \u00e1ireamh agus do dh\u00e9anamh socr\u00fa i dtaobh nithe gaolmhara.<\/p>\n","method":"Introduced","methodURI":"https:\/\/data.oireachtas.ie\/ie\/oireachtas\/def\/bill-method\/introduced","mostRecentStage":{"event":{"chamber":{"chamberCode":"seanad","showAs":"Seanad \u00c9ireann","uri":"https:\/\/data.oireachtas.ie\/ie\/oireachtas\/def\/house\/seanad"},"dates":[{"date":"2024-06-05"},{"date":"2024-07-09"},{"date":"2024-07-09"}],"house":{"chamberCode":"seanad","chamberType":"house","houseCode":"seanad","houseNo":"26","showAs":"26th Seanad","uri":"https:\/\/data.oireachtas.ie\/ie\/oireachtas\/house\/seanad\/26"},"progressStage":1,"showAs":"First Stage","stageCompleted":true,"stageOutcome":null,"stageURI":"https:\/\/data.oireachtas.ie\/ie\/oireachtas\/def\/bill-stage\/1","uri":"https:\/\/data.oireachtas.ie\/ie\/oireachtas\/bill\/2024\/58\/stage\/seanad\/1"}},"originHouse":{"showAs":"Seanad \u00c9ireann","uri":"https:\/\/data.oireachtas.ie\/ie\/oireachtas\/def\/house\/seanad"},"originHouseURI":"https:\/\/data.oireachtas.ie\/ie\/oireachtas\/def\/house\/seanad","relatedDocs":[],"shortTitleEn":"Bail (Amendment) Bill 2024","shortTitleGa":"An Bille um Banna\u00ed (Leas\u00fa), 2024","source":"Private Member","sourceURI":"https:\/\/data.oireachtas.ie\/ie\/oireachtas\/def\/bill-source\/private-member","sponsors":[{"sponsor":{"as":{"showAs":null,"uri":null},"by":{"showAs":"Vincent P. Martin","uri":"https:\/\/data.oireachtas.ie\/ie\/oireachtas\/member\/id\/Vincent-P-Martin.S.2020-06-29"},"isPrimary":true}},{"sponsor":{"as":{"showAs":null,"uri":null},"by":{"showAs":"R\u00f3is\u00edn Garvey","uri":"https:\/\/data.oireachtas.ie\/ie\/oireachtas\/member\/id\/R\u00f3is\u00edn-Garvey.S.2020-06-29"},"isPrimary":false}},{"sponsor":{"as":{"showAs":null,"uri":null},"by":{"showAs":"Tom Clonan","uri":"https:\/\/data.oireachtas.ie\/ie\/oireachtas\/member\/id\/Tom-Clonan.S.2022-04-04"},"isPrimary":false}},{"sponsor":{"as":{"showAs":null,"uri":null},"by":{"showAs":"Victor Boyhan","uri":"https:\/\/data.oireachtas.ie\/ie\/oireachtas\/member\/id\/Victor-Boyhan.S.2016-04-25"},"isPrimary":false}},{"sponsor":{"as":{"showAs":null,"uri":null},"by":{"showAs":"Gerard P. Craughwell","uri":"https:\/\/data.oireachtas.ie\/ie\/oireachtas\/member\/id\/Gerard-P-Craughwell.S.2014-10-10"},"isPrimary":false}},{"sponsor":{"as":{"showAs":null,"uri":null},"by":{"showAs":"Malcolm Byrne","uri":"https:\/\/data.oireachtas.ie\/ie\/oireachtas\/member\/id\/Malcolm-Byrne.D.2019-11-29"},"isPrimary":false}},{"sponsor":{"as":{"showAs":null,"uri":null},"by":{"showAs":"Mary Seery Kearney","uri":"https:\/\/data.oireachtas.ie\/ie\/oireachtas\/member\/id\/Mary-Seery-Kearney.S.2020-06-29"},"isPrimary":false}}],"stages":[{"event":{"chamber":{"chamberCode":"seanad","showAs":"Seanad \u00c9ireann","uri":"https:\/\/data.oireachtas.ie\/ie\/oireachtas\/def\/house\/seanad"},"dates":[{"date":"2024-06-05"},{"date":"2024-07-09"},{"date":"2024-07-09"}],"house":{"chamberCode":"seanad","chamberType":"house","houseCode":"seanad","houseNo":"26","showAs":"26th Seanad","uri":"https:\/\/data.oireachtas.ie\/ie\/oireachtas\/house\/seanad\/26"},"progressStage":1,"showAs":"First Stage","stageCompleted":true,"stageOutcome":null,"stageURI":"https:\/\/data.oireachtas.ie\/ie\/oireachtas\/def\/bill-stage\/1","uri":"https:\/\/data.oireachtas.ie\/ie\/oireachtas\/bill\/2024\/58\/stage\/seanad\/1"}}],"status":"Lapsed","statusURI":"https:\/\/data.oireachtas.ie\/ie\/oireachtas\/def\/bill-status\/lapsed","uri":"https:\/\/data.oireachtas.ie\/ie\/oireachtas\/bill\/2024\/58","versions":[{"version":{"date":"2024-07-09","docType":"bill","formats":{"pdf":{"uri":"https:\/\/data.oireachtas.ie\/ie\/oireachtas\/bill\/2024\/58\/eng\/initiated\/b5824s.pdf"},"xml":null},"lang":"eng","showAs":"As Initiated","uri":"https:\/\/data.oireachtas.ie\/ie\/oireachtas\/bill\/2024\/58\/eng\/initiated"}}]},"billSort":{"actNoSort":null,"actShortTitleEnSort":null,"actShortTitleGaSort":null,"actYearSort":null,"billNoSort":58,"billShortTitleEnSort":"bail-amendment-bill-2024","billShortTitleGaSort":"an-bille-um-bannai-leasu-2024","billYearSort":2024},"contextDate":"2024-07-09"},{"bill":{"act":null,"amendmentLists":[],"billNo":"57","billType":"Public","billTypeURI":"https:\/\/data.oireachtas.ie\/ie\/oireachtas\/def\/bill-type\/public","billYear":"2024","debates":[{"chamber":{"showAs":"Seanad \u00c9ireann","uri":"https:\/\/data.oireachtas.ie\/ie\/oireachtas\/def\/house\/seanad"},"date":"2024-07-11","debateSectionId":"dbsect_16","showAs":"Protection of Children (Online Age Verification) Bill 2024: Second Stage","uri":"https:\/\/data.oireachtas.ie\/akn\/ie\/debateRecord\/seanad\/2024-07-11\/debate\/main"},{"chamber":{"showAs":"Seanad \u00c9ireann","uri":"https:\/\/data.oireachtas.ie\/ie\/oireachtas\/def\/house\/seanad"},"date":"2024-07-04","debateSectionId":"dbsect_11","showAs":"Protection of Children (Online Age Verification) Bill 2024: First Stage","uri":"https:\/\/data.oireachtas.ie\/akn\/ie\/debateRecord\/seanad\/2024-07-04\/debate\/main"}],"events":[{"event":{"chamber":{"chamberCode":"seanad","showAs":"Seanad \u00c9ireann","uri":"https:\/\/data.oireachtas.ie\/ie\/oireachtas\/def\/house\/seanad"},"dates":[{"date":"2024-07-01"},{"date":"2024-07-04"}],"eventURI":"https:\/\/data.oireachtas.ie\/ie\/oireachtas\/def\/bill-event\/admissibility-for-introduction","showAs":"Admissibility for Introduction","uri":"https:\/\/data.oireachtas.ie\/ie\/oireachtas\/bill\/2024\/57\/admissibility-for-introduction"}},{"event":{"chamber":{"chamberCode":"seanad","showAs":"Seanad \u00c9ireann","uri":"https:\/\/data.oireachtas.ie\/ie\/oireachtas\/def\/house\/seanad"},"dates":[{"date":"2025-01-29"}],"eventURI":"https:\/\/data.oireachtas.ie\/ie\/oireachtas\/def\/bill-event\/bill-lapsed","showAs":"Bill Lapsed","uri":"https:\/\/data.oireachtas.ie\/ie\/oireachtas\/bill\/2024\/57\/bill-lapsed"}}],"lastUpdated":"2025-01-30T11:17:37.160000+00:00","longTitleEn":"<p style=\"text-align:justify\">Bill entitled an Act, in the interest of child protection, to require that access to pornographic material on the internet be subject to an age-verification requirement and to provide for related matters.<\/p>\n","longTitleGa":"<p style=\"text-align:justify\">Bille d\u00e1 ngairtear Acht, ar mhaithe le cosaint leana\u00ed, d\u00e1 cheangal go mbeidh rochtain ar \u00e1bhar pornagrafach ar an idirl\u00edon faoi r\u00e9ir ceanglas f\u00edoraithe aoise agus do dh\u00e9anamh socr\u00fa i dtaobh nithe gaolmhara.<\/p>\n","method":"Introduced","methodURI":"https:\/\/data.oireachtas.ie\/ie\/oireachtas\/def\/bill-method\/introduced","mostRecentStage":{"event":{"chamber":{"chamberCode":"seanad","showAs":"Seanad \u00c9ireann","uri":"https:\/\/data.oireachtas.ie\/ie\/oireachtas\/def\/house\/seanad"},"dates":[{"date":"2024-07-04"}],"house":{"chamberCode":"seanad","chamberType":"house","houseCode":"seanad","houseNo":"26","showAs":"26th Seanad","uri":"https:\/\/data.oireachtas.ie\/ie\/oireachtas\/house\/seanad\/26"},"progressStage":2,"showAs":"Second Stage","stageCompleted":true,"stageOutcome":null,"stageURI":"https:\/\/data.oireachtas.ie\/ie\/oireachtas\/def\/bill-stage\/2","uri":"https:\/\/data.oireachtas.ie\/ie\/oireachtas\/bill\/2024\/57\/stage\/seanad\/2"}},"originHouse":{"showAs":"Seanad \u00c9ireann","uri":"https:\/\/data.oireachtas.ie\/ie\/oireachtas\/def\/house\/seanad"},"originHouseURI":"https:\/\/data.oireachtas.ie\/ie\/oireachtas\/def\/house\/seanad","relatedDocs":[],"shortTitleEn":"Protection of Children (Online Age Verification) Bill 2024","shortTitleGa":"An Bille um Chosaint Leana\u00ed (F\u00edor\u00fa Aoise ar L\u00edne), 2024","source":"Private Member","sourceURI":"https:\/\/data.oireachtas.ie\/ie\/oireachtas\/def\/bill-source\/private-member","sponsors":[{"sponsor":{"as":{"showAs":null,"uri":null},"by":{"showAs":"Sharon Keogan","uri":"https:\/\/data.oireachtas.ie\/ie\/oireachtas\/member\/id\/Sharon-Keogan.S.2020-03-30"},"isPrimary":false}},{"sponsor":{"as":{"showAs":null,"uri":null},"by":{"showAs":"Gerard P. Craughwell","uri":"https:\/\/data.oireachtas.ie\/ie\/oireachtas\/member\/id\/Gerard-P-Craughwell.S.2014-10-10"},"isPrimary":false}},{"sponsor":{"as":{"showAs":null,"uri":null},"by":{"showAs":"Erin McGreehan","uri":"https:\/\/data.oireachtas.ie\/ie\/oireachtas\/member\/id\/Erin-McGreehan.S.2020-06-29"},"isPrimary":false}},{"sponsor":{"as":{"showAs":null,"uri":null},"by":{"showAs":"Diarmuid Wilson","uri":"https:\/\/data.oireachtas.ie\/ie\/oireachtas\/member\/id\/Diarmuid-Wilson.S.2002-09-12"},"isPrimary":false}},{"sponsor":{"as":{"showAs":null,"uri":null},"by":{"showAs":"Aidan Davitt","uri":"https:\/\/data.oireachtas.ie\/ie\/oireachtas\/member\/id\/Aidan-Davitt.S.2016-04-25"},"isPrimary":false}},{"sponsor":{"as":{"showAs":null,"uri":null},"by":{"showAs":"Michael McDowell","uri":"https:\/\/data.oireachtas.ie\/ie\/oireachtas\/member\/id\/Michael-McDowell.D.1987-03-10"},"isPrimary":false}},{"sponsor":{"as":{"showAs":null,"uri":null},"by":{"showAs":"R\u00f3n\u00e1n Mullen","uri":"https:\/\/data.oireachtas.ie\/ie\/oireachtas\/member\/id\/R\u00f3n\u00e1n-Mullen.S.2007-07-23"},"isPrimary":true}}],"stages":[{"event":{"chamber":{"chamberCode":"seanad","showAs":"Seanad \u00c9ireann","uri":"https:\/\/data.oireachtas.ie\/ie\/oireachtas\/def\/house\/seanad"},"dates":[{"date":"2024-07-01"},{"date":"2024-07-04"},{"date":"2024-07-04"}],"house":{"chamberCode":"seanad","chamberType":"house","houseCode":"seanad","houseNo":"26","showAs":"26th Seanad","uri":"https:\/\/data.oireachtas.ie\/ie\/oireachtas\/house\/seanad\/26"},"progressStage":1,"showAs":"First Stage","stageCompleted":true,"stageOutcome":null,"stageURI":"https:\/\/data.oireachtas.ie\/ie\/oireachtas\/def\/bill-stage\/1","uri":"https:\/\/data.oireachtas.ie\/ie\/oireachtas\/bill\/2024\/57\/stage\/seanad\/1"}},{"event":{"chamber":{"chamberCode":"seanad","showAs":"Seanad \u00c9ireann","uri":"https:\/\/data.oireachtas.ie\/ie\/oireachtas\/def\/house\/seanad"},"dates":[{"date":"2024-07-04"}],"house":{"chamberCode":"seanad","chamberType":"house","houseCode":"seanad","houseNo":"26","showAs":"26th Seanad","uri":"https:\/\/data.oireachtas.ie\/ie\/oireachtas\/house\/seanad\/26"},"progressStage":2,"showAs":"Second Stage","stageCompleted":true,"stageOutcome":null,"stageURI":"https:\/\/data.oireachtas.ie\/ie\/oireachtas\/def\/bill-stage\/2","uri":"https:\/\/data.oireachtas.ie\/ie\/oireachtas\/bill\/2024\/57\/stage\/seanad\/2"}}],"status":"Lapsed","statusURI":"https:\/\/data.oireachtas.ie\/ie\/oireachtas\/def\/bill-status\/lapsed","uri":"https:\/\/data.oireachtas.ie\/ie\/oireachtas\/bill\/2024\/57","versions":[{"version":{"date":"2024-07-04","docType":"bill","formats":{"pdf":{"uri":"https:\/\/data.oireachtas.ie\/ie\/oireachtas\/bill\/2024\/57\/eng\/initiated\/b5724s.pdf"},"xml":null},"lang":"eng","showAs":"As Initiated","uri":"https:\/\/data.oireachtas.ie\/ie\/oireachtas\/bill\/2024\/57\/eng\/initiated"}}]},"billSort":{"actNoSort":null,"actShortTitleEnSort":null,"actShortTitleGaSort":null,"actYearSort":null,"billNoSort":57,"billShortTitleEnSort":"protection-of-children-online-age-verification-bill-2024","billShortTitleGaSort":"an-bille-um-chosaint-leanai-fioru-aoise-ar-line-2024","billYearSort":2024},"contextDate":"2024-07-04"},{"bill":{"act":null,"amendmentLists":[{"amendmentList":{"amendmentTypeUri":{"uri":"https:\/\/data.oireachtas.ie\/ie\/oireachtas\/def\/amendment-type\/numberedList"},"chamber":{"showAs":"Seanad","uri":"https:\/\/data.oireachtas.ie\/ie\/oireachtas\/def\/seanad"},"date":"2026-06-19","formats":{"pdf":{"uri":"https:\/\/data.oireachtas.ie\/ie\/oireachtas\/bill\/2024\/56\/seanad\/3\/amendment\/numberedList\/eng\/b56a24d-nl-eng.pdf"},"xml":null},"showAs":"Numbered List [Seanad]","stage":{"showAs":"Committee Stage","uri":"https:\/\/data.oireachtas.ie\/ie\/oireachtas\/bill\/2024\/56\/seanad\/3"},"stageNo":"3"}},{"amendmentList":{"amendmentTypeUri":{"uri":"https:\/\/data.oireachtas.ie\/ie\/oireachtas\/def\/amendment-type\/numberedList"},"chamber":{"showAs":"Seanad","uri":"https:\/\/data.oireachtas.ie\/ie\/oireachtas\/def\/seanad"},"date":"2026-06-19","formats":{"pdf":{"uri":"https:\/\/data.oireachtas.ie\/ie\/oireachtas\/bill\/2024\/56\/seanad\/3\/amendment\/numberedList\/gle\/b56a24d-nl-ga.pdf"},"xml":null},"showAs":"Numbered List [Seanad]","stage":{"showAs":"Committee Stage","uri":"https:\/\/data.oireachtas.ie\/ie\/oireachtas\/bill\/2024\/56\/seanad\/3"},"stageNo":"3"}},{"amendmentList":{"amendmentTypeUri":{"uri":"https:\/\/data.oireachtas.ie\/ie\/oireachtas\/def\/amendment-type\/numberedList"},"chamber":{"showAs":"Dail","uri":"https:\/\/data.oireachtas.ie\/ie\/oireachtas\/def\/dail"},"date":"2026-05-25","formats":{"pdf":{"uri":"https:\/\/data.oireachtas.ie\/ie\/oireachtas\/bill\/2024\/56\/dail\/4\/amendment\/numberedList\/eng\/b56a24d-drnl-eng.pdf"},"xml":null},"showAs":"Numbered List [D\u00e1il]","stage":{"showAs":"Report Stage","uri":"https:\/\/data.oireachtas.ie\/ie\/oireachtas\/bill\/2024\/56\/dail\/4"},"stageNo":"4"}},{"amendmentList":{"amendmentTypeUri":{"uri":"https:\/\/data.oireachtas.ie\/ie\/oireachtas\/def\/amendment-type\/numberedList"},"chamber":{"showAs":"Dail","uri":"https:\/\/data.oireachtas.ie\/ie\/oireachtas\/def\/dail"},"date":"2026-05-25","formats":{"pdf":{"uri":"https:\/\/data.oireachtas.ie\/ie\/oireachtas\/bill\/2024\/56\/dail\/4\/amendment\/numberedList\/gle\/b56a24d-drnl-ga.pdf"},"xml":null},"showAs":"Numbered List [D\u00e1il]","stage":{"showAs":"Report Stage","uri":"https:\/\/data.oireachtas.ie\/ie\/oireachtas\/bill\/2024\/56\/dail\/4"},"stageNo":"4"}},{"amendmentList":{"amendmentTypeUri":{"uri":"https:\/\/data.oireachtas.ie\/ie\/oireachtas\/def\/amendment-type\/numberedList"},"chamber":{"showAs":"Dail","uri":"https:\/\/data.oireachtas.ie\/ie\/oireachtas\/def\/dail"},"date":"2025-03-24","formats":{"pdf":{"uri":"https:\/\/data.oireachtas.ie\/ie\/oireachtas\/bill\/2024\/56\/dail\/3\/amendment\/numberedList\/eng\/b5624d-dcnleng.pdf"},"xml":null},"showAs":"Numbered List [D\u00e1il]","stage":{"showAs":"Committee Stage","uri":"https:\/\/data.oireachtas.ie\/ie\/oireachtas\/bill\/2024\/56\/dail\/3"},"stageNo":"3"}},{"amendmentList":{"amendmentTypeUri":{"uri":"https:\/\/data.oireachtas.ie\/ie\/oireachtas\/def\/amendment-type\/numberedList"},"chamber":{"showAs":"Dail","uri":"https:\/\/data.oireachtas.ie\/ie\/oireachtas\/def\/dail"},"date":"2025-03-24","formats":{"pdf":{"uri":"https:\/\/data.oireachtas.ie\/ie\/oireachtas\/bill\/2024\/56\/dail\/3\/amendment\/numberedList\/gle\/b5624d-dcnlga.pdf"},"xml":null},"showAs":"Numbered List [D\u00e1il]","stage":{"showAs":"Committee Stage","uri":"https:\/\/data.oireachtas.ie\/ie\/oireachtas\/bill\/2024\/56\/dail\/3"},"stageNo":"3"}}],"billNo":"56","billType":"Public","billTypeURI":"https:\/\/data.oireachtas.ie\/ie\/oireachtas\/def\/bill-type\/public","billYear":"2024","debates":[{"chamber":{"showAs":"Seanad \u00c9ireann","uri":"https:\/\/data.oireachtas.ie\/ie\/oireachtas\/def\/house\/seanad"},"date":"2026-06-23","debateSectionId":"dbsect_9","showAs":"\u00dadar\u00e1s na Gaeltachta (Amendment) Bill 2024: C\u00e9im an Choiste agus na C\u00e9imeanna a bheidh F\u00e1gtha","uri":"https:\/\/data.oireachtas.ie\/akn\/ie\/debateRecord\/seanad\/2026-06-23\/debate\/main"},{"chamber":{"showAs":"Seanad \u00c9ireann","uri":"https:\/\/data.oireachtas.ie\/ie\/oireachtas\/def\/house\/seanad"},"date":"2026-06-11","debateSectionId":"dbsect_13","showAs":"\u00dadar\u00e1s na Gaeltachta (Amendment) Bill 2024: An Dara C\u00e9im","uri":"https:\/\/data.oireachtas.ie\/akn\/ie\/debateRecord\/seanad\/2026-06-11\/debate\/main"},{"chamber":{"showAs":"D\u00e1il \u00c9ireann","uri":"https:\/\/data.oireachtas.ie\/ie\/oireachtas\/def\/house\/dail"},"date":"2026-05-27","debateSectionId":"dbsect_22","showAs":"\u00dadar\u00e1s na Gaeltachta (Amendment) Bill 2024: An Tuarasc\u00e1il agus an Ch\u00e9im Dheiridh","uri":"https:\/\/data.oireachtas.ie\/akn\/ie\/debateRecord\/dail\/2026-05-27\/debate\/main"},{"chamber":{"showAs":"D\u00e1il \u00c9ireann","uri":"https:\/\/data.oireachtas.ie\/ie\/oireachtas\/def\/house\/dail"},"date":"2025-05-14","debateSectionId":"dbsect_15","showAs":"\u00dadar\u00e1s na Gaeltachta (Amendment) Bill 2024: C\u00e9im an Choiste (At\u00f3g\u00e1il)","uri":"https:\/\/data.oireachtas.ie\/akn\/ie\/debateRecord\/dail\/2025-05-14\/debate\/main"},{"chamber":{"showAs":"D\u00e1il \u00c9ireann","uri":"https:\/\/data.oireachtas.ie\/ie\/oireachtas\/def\/house\/dail"},"date":"2025-04-09","debateSectionId":"dbsect_15","showAs":"\u00dadar\u00e1s na Gaeltachta (Amendment) Bill 2024: C\u00e9im an Choiste (At\u00f3g\u00e1il)","uri":"https:\/\/data.oireachtas.ie\/akn\/ie\/debateRecord\/dail\/2025-04-09\/debate\/main"},{"chamber":{"showAs":"D\u00e1il \u00c9ireann","uri":"https:\/\/data.oireachtas.ie\/ie\/oireachtas\/def\/house\/dail"},"date":"2025-03-26","debateSectionId":"dbsect_15","showAs":"\u00dadar\u00e1s na Gaeltachta (Amendment) Bill 2024: C\u00e9im an Choiste","uri":"https:\/\/data.oireachtas.ie\/akn\/ie\/debateRecord\/dail\/2025-03-26\/debate\/main"},{"chamber":{"showAs":"D\u00e1il \u00c9ireann","uri":"https:\/\/data.oireachtas.ie\/ie\/oireachtas\/def\/house\/dail"},"date":"2024-07-11","debateSectionId":"dbsect_40","showAs":"\u00dadar\u00e1s na Gaeltachta (Amendment) Bill 2024: An Dara C\u00e9im","uri":"https:\/\/data.oireachtas.ie\/akn\/ie\/debateRecord\/dail\/2024-07-11\/debate\/main"},{"chamber":{"showAs":"D\u00e1il \u00c9ireann","uri":"https:\/\/data.oireachtas.ie\/ie\/oireachtas\/def\/house\/dail"},"date":"2024-07-11","debateSectionId":"dbsect_41","showAs":"\u00dadar\u00e1s na Gaeltachta (Amendment) Bill 2024: Tarchur chuig Roghchoiste","uri":"https:\/\/data.oireachtas.ie\/akn\/ie\/debateRecord\/dail\/2024-07-11\/debate\/main"}],"events":[{"event":{"chamber":{"chamberCode":"dail","showAs":"D\u00e1il \u00c9ireann","uri":"https:\/\/data.oireachtas.ie\/ie\/oireachtas\/def\/house\/dail"},"dates":[{"date":"2024-07-05"},{"date":"2025-02-05"}],"eventURI":"https:\/\/data.oireachtas.ie\/ie\/oireachtas\/def\/bill-event\/published","showAs":"Published","uri":"https:\/\/data.oireachtas.ie\/ie\/oireachtas\/bill\/2024\/56\/published"}},{"event":{"chamber":{"chamberCode":"dail","showAs":"D\u00e1il \u00c9ireann","uri":"https:\/\/data.oireachtas.ie\/ie\/oireachtas\/def\/house\/dail"},"dates":[{"date":"2024-11-08"}],"eventURI":"https:\/\/data.oireachtas.ie\/ie\/oireachtas\/def\/bill-event\/bill-lapsed","showAs":"Bill Lapsed","uri":"https:\/\/data.oireachtas.ie\/ie\/oireachtas\/bill\/2024\/56\/bill-lapsed"}}],"lastUpdated":"2026-06-24T11:06:29.790000+00:00","longTitleEn":"<p>Bill entitled an Act to amend the \u00dadar\u00e1s na Gaeltachta Act 1979; to make certain changes to the membership of, and provisions applying to, the board of \u00dadar\u00e1s na Gaeltachta; to extend the functions of \u00dadar\u00e1s na Gaeltachta; to provide for regional committees of \u00dadar\u00e1s na Gaeltachta; to provide for the election of certain members to the board of \u00dadar\u00e1s na Gaeltachta and for that purpose to amend the Electoral Act 1992, the Electoral Act 1997 and the Litter Pollution Act 1997; to amend the Official Languages Act 2003; to amend the Gaeltacht Act 2012; and to provide for related matters.<\/p>\n","longTitleGa":"<p>Bille d\u00e1 ngairtear Acht do leas\u00fa an Achta um \u00dadar\u00e1s na Gaeltachta, 1979; do dh\u00e9anamh athruithe \u00e1irithe ar chomhaltas bhord \u00dadar\u00e1s na Gaeltachta agus ar fhor\u00e1lacha a bhaineann le bord \u00dadar\u00e1s na Gaeltachta; do leathn\u00fa fheidhmeanna \u00dadar\u00e1s na Gaeltachta; do dh\u00e9anamh socr\u00fa maidir le coist\u00ed r\u00e9igi\u00fanacha d\u2019\u00dadar\u00e1s na Gaeltachta; do dh\u00e9anamh socr\u00fa maidir le comhalta\u00ed \u00e1irithe a thoghadh chun bord \u00dadar\u00e1s na Gaeltachta agus, chun na cr\u00edche sin, do leas\u00fa an Achta Toghch\u00e1in, 1992, an Achta Toghch\u00e1in, 1997 agus an Achta um Thruailli\u00fa \u00f3 Bhruscar, 1997; do leas\u00fa Acht na dTeangacha Oifigi\u00fala, 2003; do leas\u00fa Acht na Gaeltachta, 2012; agus do dh\u00e9anamh socr\u00fa i dtaobh nithe gaolmhara.<\/p>\n","method":"Presented","methodURI":"https:\/\/data.oireachtas.ie\/ie\/oireachtas\/def\/bill-method\/presented","mostRecentStage":{"event":{"chamber":{"chamberCode":"seanad","showAs":"Seanad \u00c9ireann","uri":"https:\/\/data.oireachtas.ie\/ie\/oireachtas\/def\/house\/seanad"},"dates":[{"date":"2026-06-23"}],"house":{"chamberCode":"seanad","chamberType":"house","houseCode":"seanad","houseNo":"27","showAs":"27th Seanad","uri":"https:\/\/data.oireachtas.ie\/ie\/oireachtas\/house\/seanad\/27"},"progressStage":9,"showAs":"Fifth Stage","stageCompleted":true,"stageOutcome":null,"stageURI":"https:\/\/data.oireachtas.ie\/ie\/oireachtas\/def\/bill-stage\/5","uri":"https:\/\/data.oireachtas.ie\/ie\/oireachtas\/bill\/2024\/56\/stage\/seanad\/5"}},"originHouse":{"showAs":"D\u00e1il \u00c9ireann","uri":"https:\/\/data.oireachtas.ie\/ie\/oireachtas\/def\/house\/dail"},"originHouseURI":"https:\/\/data.oireachtas.ie\/ie\/oireachtas\/def\/house\/dail","relatedDocs":[{"relatedDoc":{"date":"2024-07-11","docType":"gluais","formats":{"pdf":{"uri":"https:\/\/data.oireachtas.ie\/ie\/oireachtas\/bill\/2024\/56\/mul\/gluais\/gluais-20-2024-an-bille-um-udaras-na-gaeltachta-leasu-2024.pdf"},"xml":null},"lang":"mul","showAs":"Glossary\/Gluais","uri":"https:\/\/data.oireachtas.ie\/ie\/oireachtas\/bill\/2024\/56\/mul\/gluais"}},{"relatedDoc":{"date":"2024-07-05","docType":"memo","formats":{"pdf":{"uri":"https:\/\/data.oireachtas.ie\/ie\/oireachtas\/bill\/2024\/56\/eng\/memo\/b5624d-memo.pdf"},"xml":null},"lang":"eng","showAs":"Explanatory Memorandum","uri":"https:\/\/data.oireachtas.ie\/ie\/oireachtas\/bill\/2024\/56\/eng\/memo"}}],"shortTitleEn":"\u00dadar\u00e1s na Gaeltachta (Amendment) Bill 2024","shortTitleGa":"An Bille um \u00dadar\u00e1s na Gaeltachta (Leas\u00fa), 2024","source":"Government","sourceURI":"https:\/\/data.oireachtas.ie\/ie\/oireachtas\/def\/bill-source\/government","sponsors":[{"sponsor":{"isPrimary":true,"as":{"showAs":"Minister for Tourism, Culture, Arts, Gaeltacht, Sport and Media","uri":null},"by":{"showAs":null,"uri":null}}}],"stages":[{"event":{"chamber":{"chamberCode":"dail","showAs":"D\u00e1il \u00c9ireann","uri":"https:\/\/data.oireachtas.ie\/ie\/oireachtas\/def\/house\/dail"},"dates":[{"date":"2024-07-05"},{"date":"2024-07-05"}],"house":{"chamberCode":"dail","chamberType":"house","houseCode":"dail","houseNo":"33","showAs":"33rd D\u00e1il","uri":"https:\/\/data.oireachtas.ie\/ie\/oireachtas\/house\/dail\/33"},"progressStage":1,"showAs":"First Stage","stageCompleted":true,"stageOutcome":null,"stageURI":"https:\/\/data.oireachtas.ie\/ie\/oireachtas\/def\/bill-stage\/1","uri":"https:\/\/data.oireachtas.ie\/ie\/oireachtas\/bill\/2024\/56\/stage\/dail\/1"}},{"event":{"chamber":{"chamberCode":"dail","showAs":"D\u00e1il \u00c9ireann","uri":"https:\/\/data.oireachtas.ie\/ie\/oireachtas\/def\/house\/dail"},"dates":[{"date":"2024-07-11"}],"house":{"chamberCode":"dail","chamberType":"house","houseCode":"dail","houseNo":"33","showAs":"33rd D\u00e1il","uri":"https:\/\/data.oireachtas.ie\/ie\/oireachtas\/house\/dail\/33"},"progressStage":2,"showAs":"Second Stage","stageCompleted":true,"stageOutcome":null,"stageURI":"https:\/\/data.oireachtas.ie\/ie\/oireachtas\/def\/bill-stage\/2","uri":"https:\/\/data.oireachtas.ie\/ie\/oireachtas\/bill\/2024\/56\/stage\/dail\/2"}},{"event":{"chamber":{"chamberCode":"dail","showAs":"D\u00e1il \u00c9ireann","uri":"https:\/\/data.oireachtas.ie\/ie\/oireachtas\/def\/house\/dail"},"dates":[{"date":"2024-07-11"},{"date":"2024-07-11"},{"date":"2024-07-11"},{"date":"2024-07-11"},{"date":"2024-07-11"}],"house":{"chamberCode":"dail","chamberType":"house","houseCode":"dail","houseNo":"33","showAs":"33rd D\u00e1il","uri":"https:\/\/data.oireachtas.ie\/ie\/oireachtas\/house\/dail\/33"},"progressStage":3,"showAs":"Committee Stage","stageCompleted":true,"stageOutcome":null,"stageURI":"https:\/\/data.oireachtas.ie\/ie\/oireachtas\/def\/bill-stage\/3","uri":"https:\/\/data.oireachtas.ie\/ie\/oireachtas\/bill\/2024\/56\/stage\/dail\/3"}},{"event":{"chamber":{"chamberCode":"dail","showAs":"D\u00e1il \u00c9ireann","uri":"https:\/\/data.oireachtas.ie\/ie\/oireachtas\/def\/house\/dail"},"dates":[{"date":"2025-05-14"}],"house":{"chamberCode":"dail","chamberType":"house","houseCode":"dail","houseNo":"34","showAs":"34th D\u00e1il","uri":"https:\/\/data.oireachtas.ie\/ie\/oireachtas\/house\/dail\/34"},"progressStage":4,"showAs":"Report Stage","stageCompleted":true,"stageOutcome":null,"stageURI":"https:\/\/data.oireachtas.ie\/ie\/oireachtas\/def\/bill-stage\/4","uri":"https:\/\/data.oireachtas.ie\/ie\/oireachtas\/bill\/2024\/56\/stage\/dail\/4"}},{"event":{"chamber":{"chamberCode":"dail","showAs":"D\u00e1il \u00c9ireann","uri":"https:\/\/data.oireachtas.ie\/ie\/oireachtas\/def\/house\/dail"},"dates":[{"date":"2026-05-27"}],"house":{"chamberCode":"dail","chamberType":"house","houseCode":"dail","houseNo":"34","showAs":"34th D\u00e1il","uri":"https:\/\/data.oireachtas.ie\/ie\/oireachtas\/house\/dail\/34"},"progressStage":5,"showAs":"Fifth Stage","stageCompleted":true,"stageOutcome":null,"stageURI":"https:\/\/data.oireachtas.ie\/ie\/oireachtas\/def\/bill-stage\/5","uri":"https:\/\/data.oireachtas.ie\/ie\/oireachtas\/bill\/2024\/56\/stage\/dail\/5"}},{"event":{"chamber":{"chamberCode":"seanad","showAs":"Seanad \u00c9ireann","uri":"https:\/\/data.oireachtas.ie\/ie\/oireachtas\/def\/house\/seanad"},"dates":[{"date":"2026-05-27"}],"house":{"chamberCode":"seanad","chamberType":"house","houseCode":"seanad","houseNo":"27","showAs":"27th Seanad","uri":"https:\/\/data.oireachtas.ie\/ie\/oireachtas\/house\/seanad\/27"},"progressStage":6,"showAs":"Second Stage","stageCompleted":true,"stageOutcome":null,"stageURI":"https:\/\/data.oireachtas.ie\/ie\/oireachtas\/def\/bill-stage\/2","uri":"https:\/\/data.oireachtas.ie\/ie\/oireachtas\/bill\/2024\/56\/stage\/seanad\/2"}},{"event":{"chamber":{"chamberCode":"seanad","showAs":"Seanad \u00c9ireann","uri":"https:\/\/data.oireachtas.ie\/ie\/oireachtas\/def\/house\/seanad"},"dates":[{"date":"2026-06-23"},{"date":"2026-06-23"}],"house":{"chamberCode":"seanad","chamberType":"house","houseCode":"seanad","houseNo":"27","showAs":"27th Seanad","uri":"https:\/\/data.oireachtas.ie\/ie\/oireachtas\/house\/seanad\/27"},"progressStage":7,"showAs":"Committee Stage","stageCompleted":true,"stageOutcome":null,"stageURI":"https:\/\/data.oireachtas.ie\/ie\/oireachtas\/def\/bill-stage\/3","uri":"https:\/\/data.oireachtas.ie\/ie\/oireachtas\/bill\/2024\/56\/stage\/seanad\/3"}},{"event":{"chamber":{"chamberCode":"seanad","showAs":"Seanad \u00c9ireann","uri":"https:\/\/data.oireachtas.ie\/ie\/oireachtas\/def\/house\/seanad"},"dates":[{"date":"2026-06-23"}],"house":{"chamberCode":"seanad","chamberType":"house","houseCode":"seanad","houseNo":"27","showAs":"27th Seanad","uri":"https:\/\/data.oireachtas.ie\/ie\/oireachtas\/house\/seanad\/27"},"progressStage":8,"showAs":"Report Stage","stageCompleted":true,"stageOutcome":null,"stageURI":"https:\/\/data.oireachtas.ie\/ie\/oireachtas\/def\/bill-stage\/4","uri":"https:\/\/data.oireachtas.ie\/ie\/oireachtas\/bill\/2024\/56\/stage\/seanad\/4"}},{"event":{"chamber":{"chamberCode":"seanad","showAs":"Seanad \u00c9ireann","uri":"https:\/\/data.oireachtas.ie\/ie\/oireachtas\/def\/house\/seanad"},"dates":[{"date":"2026-06-23"}],"house":{"chamberCode":"seanad","chamberType":"house","houseCode":"seanad","houseNo":"27","showAs":"27th Seanad","uri":"https:\/\/data.oireachtas.ie\/ie\/oireachtas\/house\/seanad\/27"},"progressStage":9,"showAs":"Fifth Stage","stageCompleted":true,"stageOutcome":null,"stageURI":"https:\/\/data.oireachtas.ie\/ie\/oireachtas\/def\/bill-stage\/5","uri":"https:\/\/data.oireachtas.ie\/ie\/oireachtas\/bill\/2024\/56\/stage\/seanad\/5"}}],"status":"Current","statusURI":"https:\/\/data.oireachtas.ie\/ie\/oireachtas\/def\/bill-status\/published","uri":"https:\/\/data.oireachtas.ie\/ie\/oireachtas\/bill\/2024\/56","versions":[{"version":{"lang":"eng","docType":"bill","showAs":"As passed by D\u00e1il \u00c9ireann","date":"2026-05-27","formats":{"pdf":{"uri":"https:\/\/data.oireachtas.ie\/ie\/oireachtas\/bill\/2024\/56\/eng\/ver_b\/b56b24d.pdf"},"xml":null},"uri":"https:\/\/data.oireachtas.ie\/ie\/oireachtas\/bill\/2024\/56\/eng\/ver_b"}},{"version":{"lang":"eng","docType":"bill","showAs":"As amended in Committee\/Select Committee [D\u00e1il \u00c9ireann]","date":"2025-05-14","formats":{"pdf":{"uri":"https:\/\/data.oireachtas.ie\/ie\/oireachtas\/bill\/2024\/56\/eng\/ver_a\/b56a24d.pdf"},"xml":null},"uri":"https:\/\/data.oireachtas.ie\/ie\/oireachtas\/bill\/2024\/56\/eng\/ver_a"}},{"version":{"lang":"eng","docType":"bill","showAs":"As Initiated","date":"2024-07-05","formats":{"pdf":{"uri":"https:\/\/data.oireachtas.ie\/ie\/oireachtas\/bill\/2024\/56\/eng\/initiated\/b5624d.pdf"},"xml":null},"uri":"https:\/\/data.oireachtas.ie\/ie\/oireachtas\/bill\/2024\/56\/eng\/initiated"}}]},"contextDate":"2026-06-23","billSort":{"actNoSort":null,"actShortTitleEnSort":null,"actShortTitleGaSort":null,"actYearSort":null,"billNoSort":56,"billShortTitleEnSort":"udaras-na-gaeltachta-amendment-bill-2024","billShortTitleGaSort":"an-bille-um-udaras-na-gaeltachta-leasu-2024","billYearSort":2024}},{"bill":{"act":null,"amendmentLists":[],"billNo":"53","billType":"Public","billTypeURI":"https:\/\/data.oireachtas.ie\/ie\/oireachtas\/def\/bill-type\/public","billYear":"2024","debates":[{"chamber":{"showAs":"D\u00e1il \u00c9ireann","uri":"https:\/\/data.oireachtas.ie\/ie\/oireachtas\/def\/house\/dail"},"date":"2025-11-19","debateSectionId":"dbsect_30","showAs":"Arts (Recognition of Comedy) (Amendment) Bill 2024: Second Stage (Resumed) [Private Members]","uri":"https:\/\/data.oireachtas.ie\/akn\/ie\/debateRecord\/dail\/2025-11-19\/debate\/main"},{"chamber":{"showAs":"D\u00e1il \u00c9ireann","uri":"https:\/\/data.oireachtas.ie\/ie\/oireachtas\/def\/house\/dail"},"date":"2025-11-06","debateSectionId":"dbsect_45","showAs":"Arts (Recognition of Comedy) (Amendment) Bill 2024: Second Stage [Private Members]","uri":"https:\/\/data.oireachtas.ie\/akn\/ie\/debateRecord\/dail\/2025-11-06\/debate\/main"},{"chamber":{"showAs":"D\u00e1il \u00c9ireann","uri":"https:\/\/data.oireachtas.ie\/ie\/oireachtas\/def\/house\/dail"},"date":"2024-06-27","debateSectionId":"dbsect_30","showAs":"Arts (Recognition of Comedy) (Amendment) Bill 2024: First Stage","uri":"https:\/\/data.oireachtas.ie\/akn\/ie\/debateRecord\/dail\/2024-06-27\/debate\/main"}],"events":[{"event":{"chamber":{"chamberCode":"dail","showAs":"D\u00e1il \u00c9ireann","uri":"https:\/\/data.oireachtas.ie\/ie\/oireachtas\/def\/house\/dail"},"dates":[{"date":"2024-06-21"},{"date":"2024-06-21"},{"date":"2024-06-27"},{"date":"2025-05-01"}],"eventURI":"https:\/\/data.oireachtas.ie\/ie\/oireachtas\/def\/bill-event\/approved-for-initiation","showAs":"Approved for Initiation","uri":"https:\/\/data.oireachtas.ie\/ie\/oireachtas\/bill\/2024\/53\/approved-for-initiation"}},{"event":{"chamber":{"chamberCode":"dail","showAs":"D\u00e1il \u00c9ireann","uri":"https:\/\/data.oireachtas.ie\/ie\/oireachtas\/def\/house\/dail"},"dates":[{"date":"2024-11-08"}],"eventURI":"https:\/\/data.oireachtas.ie\/ie\/oireachtas\/def\/bill-event\/bill-lapsed","showAs":"Bill Lapsed","uri":"https:\/\/data.oireachtas.ie\/ie\/oireachtas\/bill\/2024\/53\/bill-lapsed"}}],"lastUpdated":"2025-11-14T15:38:09.340000+00:00","longTitleEn":"<p>Bill entitled an Act to amend the Arts Act 2003 to recognise the art of comedy.<\/p>\n","longTitleGa":"<p>Bille d\u00e1 ngairtear Acht do leas\u00fa an Achta Eala\u00edon, 2003 chun eala\u00edn na coim\u00e9ide a aithint.<\/p>\n","method":"Introduced","methodURI":"https:\/\/data.oireachtas.ie\/ie\/oireachtas\/def\/bill-method\/introduced","mostRecentStage":{"event":{"chamber":{"chamberCode":"dail","showAs":"D\u00e1il \u00c9ireann","uri":"https:\/\/data.oireachtas.ie\/ie\/oireachtas\/def\/house\/dail"},"dates":[{"date":"2025-10-27"},{"date":"2025-10-27"},{"date":"2025-10-27"}],"house":{"chamberCode":"dail","chamberType":"house","houseCode":"dail","houseNo":"34","showAs":"34th D\u00e1il","uri":"https:\/\/data.oireachtas.ie\/ie\/oireachtas\/house\/dail\/34"},"progressStage":2,"showAs":"Second Stage","stageCompleted":false,"stageOutcome":"Current","stageURI":"https:\/\/data.oireachtas.ie\/ie\/oireachtas\/def\/bill-stage\/2","uri":"https:\/\/data.oireachtas.ie\/ie\/oireachtas\/bill\/2024\/53\/stage\/dail\/2"}},"originHouse":{"showAs":"D\u00e1il \u00c9ireann","uri":"https:\/\/data.oireachtas.ie\/ie\/oireachtas\/def\/house\/dail"},"originHouseURI":"https:\/\/data.oireachtas.ie\/ie\/oireachtas\/def\/house\/dail","relatedDocs":[{"relatedDoc":{"date":"2024-06-27","docType":"memo","formats":{"pdf":{"uri":"https:\/\/data.oireachtas.ie\/ie\/oireachtas\/bill\/2024\/53\/eng\/memo\/b5324d-memo.pdf"},"xml":null},"lang":"eng","showAs":"Explanatory Memorandum","uri":"https:\/\/data.oireachtas.ie\/ie\/oireachtas\/bill\/2024\/53\/eng\/memo"}}],"shortTitleEn":"Arts (Recognition of Comedy) (Amendment) Bill 2024","shortTitleGa":"An Bille Eala\u00edon (Coim\u00e9ide a Aithint) (Leas\u00fa), 2024","source":"Private Member","sourceURI":"https:\/\/data.oireachtas.ie\/ie\/oireachtas\/def\/bill-source\/private-member","sponsors":[{"sponsor":{"as":{"showAs":null,"uri":null},"by":{"showAs":"Aengus \u00d3 Snodaigh","uri":"https:\/\/data.oireachtas.ie\/ie\/oireachtas\/member\/id\/Aengus-\u00d3-Snodaigh.D.2002-06-06"},"isPrimary":true}}],"stages":[{"event":{"chamber":{"chamberCode":"dail","showAs":"D\u00e1il \u00c9ireann","uri":"https:\/\/data.oireachtas.ie\/ie\/oireachtas\/def\/house\/dail"},"dates":[{"date":"2024-06-21"},{"date":"2024-06-21"},{"date":"2024-06-27"},{"date":"2024-06-27"}],"house":{"chamberCode":"dail","chamberType":"house","houseCode":"dail","houseNo":"33","showAs":"33rd D\u00e1il","uri":"https:\/\/data.oireachtas.ie\/ie\/oireachtas\/house\/dail\/33"},"progressStage":1,"showAs":"First Stage","stageCompleted":true,"stageOutcome":null,"stageURI":"https:\/\/data.oireachtas.ie\/ie\/oireachtas\/def\/bill-stage\/1","uri":"https:\/\/data.oireachtas.ie\/ie\/oireachtas\/bill\/2024\/53\/stage\/dail\/1"}},{"event":{"chamber":{"chamberCode":"dail","showAs":"D\u00e1il \u00c9ireann","uri":"https:\/\/data.oireachtas.ie\/ie\/oireachtas\/def\/house\/dail"},"dates":[{"date":"2025-10-27"},{"date":"2025-10-27"},{"date":"2025-10-27"}],"house":{"chamberCode":"dail","chamberType":"house","houseCode":"dail","houseNo":"34","showAs":"34th D\u00e1il","uri":"https:\/\/data.oireachtas.ie\/ie\/oireachtas\/house\/dail\/34"},"progressStage":2,"showAs":"Second Stage","stageCompleted":false,"stageOutcome":"Current","stageURI":"https:\/\/data.oireachtas.ie\/ie\/oireachtas\/def\/bill-stage\/2","uri":"https:\/\/data.oireachtas.ie\/ie\/oireachtas\/bill\/2024\/53\/stage\/dail\/2"}}],"status":"Current","statusURI":"https:\/\/data.oireachtas.ie\/ie\/oireachtas\/def\/bill-status\/published","uri":"https:\/\/data.oireachtas.ie\/ie\/oireachtas\/bill\/2024\/53","versions":[{"version":{"date":"2024-06-27","docType":"bill","formats":{"pdf":{"uri":"https:\/\/data.oireachtas.ie\/ie\/oireachtas\/bill\/2024\/53\/eng\/initiated\/b5324d.pdf"},"xml":null},"lang":"eng","showAs":"As Initiated","uri":"https:\/\/data.oireachtas.ie\/ie\/oireachtas\/bill\/2024\/53\/eng\/initiated"}}]},"billSort":{"actNoSort":null,"actShortTitleEnSort":null,"actShortTitleGaSort":null,"actYearSort":null,"billNoSort":53,"billShortTitleEnSort":"arts-recognition-of-comedy-amendment-bill-2024","billShortTitleGaSort":"an-bille-ealaion-coimeide-a-aithint-leasu-2024","billYearSort":2024},"contextDate":"2025-10-27"},{"bill":{"act":null,"amendmentLists":[],"billNo":"52","billType":"Public","billTypeURI":"https:\/\/data.oireachtas.ie\/ie\/oireachtas\/def\/bill-type\/public","billYear":"2024","debates":[{"chamber":{"showAs":"Seanad \u00c9ireann","uri":"https:\/\/data.oireachtas.ie\/ie\/oireachtas\/def\/house\/seanad"},"date":"2024-06-27","debateSectionId":"dbsect_5","showAs":"Third-Party Funding Contracts (Certain Proceedings) Bill 2024: First Stage","uri":"https:\/\/data.oireachtas.ie\/akn\/ie\/debateRecord\/seanad\/2024-06-27\/debate\/main"}],"events":[{"event":{"chamber":{"chamberCode":"seanad","showAs":"Seanad \u00c9ireann","uri":"https:\/\/data.oireachtas.ie\/ie\/oireachtas\/def\/house\/seanad"},"dates":[{"date":"2025-01-29"}],"eventURI":"https:\/\/data.oireachtas.ie\/ie\/oireachtas\/def\/bill-event\/bill-lapsed","showAs":"Bill Lapsed","uri":"https:\/\/data.oireachtas.ie\/ie\/oireachtas\/bill\/2024\/52\/bill-lapsed"}},{"event":{"chamber":{"chamberCode":"dail","showAs":"D\u00e1il \u00c9ireann","uri":"https:\/\/data.oireachtas.ie\/ie\/oireachtas\/def\/house\/dail"},"dates":[{"date":"2024-06-05"},{"date":"2024-06-05"},{"date":"2024-06-27"}],"eventURI":"https:\/\/data.oireachtas.ie\/ie\/oireachtas\/def\/bill-event\/approved-for-initiation","showAs":"Approved for Initiation","uri":"https:\/\/data.oireachtas.ie\/ie\/oireachtas\/bill\/2024\/52\/approved-for-initiation"}}],"lastUpdated":"2025-01-30T11:17:37.160000+00:00","longTitleEn":"<p>Bill entitled an Act to provide that the offence or tort of maintenance or champerty does not apply to certain proceedings; and to provide for related matters.<\/p>\n","longTitleGa":"<p>Bille d\u00e1 ngairtear Acht do dh\u00e9anamh socr\u00fa nach mbeidh feidhm ag an gcion n\u00f3 ag an tort arb \u00e9ard \u00e9 claonchoth\u00fa n\u00f3 camph\u00e1irt\u00edocht maidir le himeachta\u00ed \u00e1irithe; agus do dh\u00e9anamh socr\u00fa i dtaobh nithe gaolmhara.<\/p>\n","method":"Introduced","methodURI":"https:\/\/data.oireachtas.ie\/ie\/oireachtas\/def\/bill-method\/introduced","mostRecentStage":{"event":{"chamber":{"chamberCode":"seanad","showAs":"Seanad \u00c9ireann","uri":"https:\/\/data.oireachtas.ie\/ie\/oireachtas\/def\/house\/seanad"},"dates":[{"date":"2024-06-27"}],"house":{"chamberCode":"seanad","chamberType":"house","houseCode":"seanad","houseNo":"26","showAs":"26th Seanad","uri":"https:\/\/data.oireachtas.ie\/ie\/oireachtas\/house\/seanad\/26"},"progressStage":1,"showAs":"First Stage","stageCompleted":true,"stageOutcome":null,"stageURI":"https:\/\/data.oireachtas.ie\/ie\/oireachtas\/def\/bill-stage\/1","uri":"https:\/\/data.oireachtas.ie\/ie\/oireachtas\/bill\/2024\/52\/stage\/seanad\/1"}},"originHouse":{"showAs":"Seanad \u00c9ireann","uri":"https:\/\/data.oireachtas.ie\/ie\/oireachtas\/def\/house\/seanad"},"originHouseURI":"https:\/\/data.oireachtas.ie\/ie\/oireachtas\/def\/house\/seanad","relatedDocs":[],"shortTitleEn":"Third-Party Funding Contracts (Certain Proceedings) Bill 2024","shortTitleGa":"An Bille um Chonartha\u00ed Maoinithe Tr\u00ed\u00fa P\u00e1irt\u00ed (Imeachta\u00ed \u00c1irithe), 2024","source":"Private Member","sourceURI":"https:\/\/data.oireachtas.ie\/ie\/oireachtas\/def\/bill-source\/private-member","sponsors":[{"sponsor":{"as":{"showAs":null,"uri":null},"by":{"showAs":"Mary Seery Kearney","uri":"https:\/\/data.oireachtas.ie\/ie\/oireachtas\/member\/id\/Mary-Seery-Kearney.S.2020-06-29"},"isPrimary":false}},{"sponsor":{"as":{"showAs":null,"uri":null},"by":{"showAs":"Malachai O'Hara","uri":"https:\/\/data.oireachtas.ie\/ie\/oireachtas\/member\/id\/Malachai-O'Hara.S.2024-04-08"},"isPrimary":false}},{"sponsor":{"as":{"showAs":null,"uri":null},"by":{"showAs":"Tom Clonan","uri":"https:\/\/data.oireachtas.ie\/ie\/oireachtas\/member\/id\/Tom-Clonan.S.2022-04-04"},"isPrimary":false}},{"sponsor":{"as":{"showAs":null,"uri":null},"by":{"showAs":"R\u00f3is\u00edn Garvey","uri":"https:\/\/data.oireachtas.ie\/ie\/oireachtas\/member\/id\/R\u00f3is\u00edn-Garvey.S.2020-06-29"},"isPrimary":false}},{"sponsor":{"as":{"showAs":null,"uri":null},"by":{"showAs":"Vincent P. Martin","uri":"https:\/\/data.oireachtas.ie\/ie\/oireachtas\/member\/id\/Vincent-P-Martin.S.2020-06-29"},"isPrimary":true}}],"stages":[{"event":{"chamber":{"chamberCode":"seanad","showAs":"Seanad \u00c9ireann","uri":"https:\/\/data.oireachtas.ie\/ie\/oireachtas\/def\/house\/seanad"},"dates":[{"date":"2024-06-27"}],"house":{"chamberCode":"seanad","chamberType":"house","houseCode":"seanad","houseNo":"26","showAs":"26th Seanad","uri":"https:\/\/data.oireachtas.ie\/ie\/oireachtas\/house\/seanad\/26"},"progressStage":1,"showAs":"First Stage","stageCompleted":true,"stageOutcome":null,"stageURI":"https:\/\/data.oireachtas.ie\/ie\/oireachtas\/def\/bill-stage\/1","uri":"https:\/\/data.oireachtas.ie\/ie\/oireachtas\/bill\/2024\/52\/stage\/seanad\/1"}}],"status":"Lapsed","statusURI":"https:\/\/data.oireachtas.ie\/ie\/oireachtas\/def\/bill-status\/lapsed","uri":"https:\/\/data.oireachtas.ie\/ie\/oireachtas\/bill\/2024\/52","versions":[{"version":{"date":"2024-06-27","docType":"bill","formats":{"pdf":{"uri":"https:\/\/data.oireachtas.ie\/ie\/oireachtas\/bill\/2024\/52\/eng\/initiated\/b5224s.pdf"},"xml":null},"lang":"eng","showAs":"As Initiated","uri":"https:\/\/data.oireachtas.ie\/ie\/oireachtas\/bill\/2024\/52\/eng\/initiated"}}]},"billSort":{"actNoSort":null,"actShortTitleEnSort":null,"actShortTitleGaSort":null,"actYearSort":null,"billNoSort":52,"billShortTitleEnSort":"third-party-funding-contracts-certain-proceedings-bill-2024","billShortTitleGaSort":"an-bille-um-chonarthai-maoinithe-triu-pairti-imeachtai-airithe-2024","billYearSort":2024},"contextDate":"2024-06-27"},{"bill":{"act":null,"amendmentLists":[],"billNo":"50","billType":"Public","billTypeURI":"https:\/\/data.oireachtas.ie\/ie\/oireachtas\/def\/bill-type\/public","billYear":"2024","debates":[{"chamber":{"showAs":"D\u00e1il \u00c9ireann","uri":"https:\/\/data.oireachtas.ie\/ie\/oireachtas\/def\/house\/dail"},"date":"2024-06-25","debateSectionId":"dbsect_8","showAs":"Voluntary Assisted Dying Bill 2024: First Stage","uri":"https:\/\/data.oireachtas.ie\/akn\/ie\/debateRecord\/dail\/2024-06-25\/debate\/main"}],"events":[{"event":{"chamber":{"chamberCode":"dail","showAs":"D\u00e1il \u00c9ireann","uri":"https:\/\/data.oireachtas.ie\/ie\/oireachtas\/def\/house\/dail"},"dates":[{"date":"2024-06-18"},{"date":"2024-06-18"},{"date":"2024-06-25"},{"date":"2025-05-01"}],"eventURI":"https:\/\/data.oireachtas.ie\/ie\/oireachtas\/def\/bill-event\/approved-for-initiation","showAs":"Approved for Initiation","uri":"https:\/\/data.oireachtas.ie\/ie\/oireachtas\/bill\/2024\/50\/approved-for-initiation"}},{"event":{"chamber":{"chamberCode":"dail","showAs":"D\u00e1il \u00c9ireann","uri":"https:\/\/data.oireachtas.ie\/ie\/oireachtas\/def\/house\/dail"},"dates":[{"date":"2024-11-08"}],"eventURI":"https:\/\/data.oireachtas.ie\/ie\/oireachtas\/def\/bill-event\/bill-lapsed","showAs":"Bill Lapsed","uri":"https:\/\/data.oireachtas.ie\/ie\/oireachtas\/bill\/2024\/50\/bill-lapsed"}}],"lastUpdated":"2025-05-02T13:49:30.840000+00:00","longTitleEn":"<p style=\"text-align:left\">Bill entitled an Act to establish a legal framework for assisted dying in Ireland.<\/p>\n","longTitleGa":"<p>Bille d\u00e1 ngairtear Acht do bhun\u00fa creat dl\u00edthi\u00fail le haghaidh b\u00e1s cuidithe in \u00c9irinn.<\/p>\n","method":"Introduced","methodURI":"https:\/\/data.oireachtas.ie\/ie\/oireachtas\/def\/bill-method\/introduced","mostRecentStage":{"event":{"chamber":{"chamberCode":"dail","showAs":"D\u00e1il \u00c9ireann","uri":"https:\/\/data.oireachtas.ie\/ie\/oireachtas\/def\/house\/dail"},"dates":[{"date":"2024-11-08"},{"date":"2025-05-01"}],"house":{"chamberCode":"dail","chamberType":"house","houseCode":"dail","houseNo":"33","showAs":"33rd D\u00e1il","uri":"https:\/\/data.oireachtas.ie\/ie\/oireachtas\/house\/dail\/33"},"progressStage":2,"showAs":"Second Stage","stageCompleted":false,"stageOutcome":"Current","stageURI":"https:\/\/data.oireachtas.ie\/ie\/oireachtas\/def\/bill-stage\/2","uri":"https:\/\/data.oireachtas.ie\/ie\/oireachtas\/bill\/2024\/50\/stage\/dail\/2"}},"originHouse":{"showAs":"D\u00e1il \u00c9ireann","uri":"https:\/\/data.oireachtas.ie\/ie\/oireachtas\/def\/house\/dail"},"originHouseURI":"https:\/\/data.oireachtas.ie\/ie\/oireachtas\/def\/house\/dail","relatedDocs":[{"relatedDoc":{"date":"2024-06-25","docType":"memo","formats":{"pdf":{"uri":"https:\/\/data.oireachtas.ie\/ie\/oireachtas\/bill\/2024\/50\/eng\/memo\/b5024d-memo.pdf"},"xml":null},"lang":"eng","showAs":"Explanatory Memorandum","uri":"https:\/\/data.oireachtas.ie\/ie\/oireachtas\/bill\/2024\/50\/eng\/memo"}}],"shortTitleEn":"Voluntary Assisted Dying Bill 2024","shortTitleGa":"An Bille um B\u00e1s Cuidithe Saor\u00e1lach, 2024","source":"Private Member","sourceURI":"https:\/\/data.oireachtas.ie\/ie\/oireachtas\/def\/bill-source\/private-member","sponsors":[{"sponsor":{"as":{"showAs":null,"uri":null},"by":{"showAs":"Gino Kenny","uri":"https:\/\/data.oireachtas.ie\/ie\/oireachtas\/member\/id\/Gino-Kenny.D.2016-10-03"},"isPrimary":true}}],"stages":[{"event":{"chamber":{"chamberCode":"dail","showAs":"D\u00e1il \u00c9ireann","uri":"https:\/\/data.oireachtas.ie\/ie\/oireachtas\/def\/house\/dail"},"dates":[{"date":"2024-06-18"},{"date":"2024-06-18"},{"date":"2024-06-25"},{"date":"2024-06-25"}],"house":{"chamberCode":"dail","chamberType":"house","houseCode":"dail","houseNo":"33","showAs":"33rd D\u00e1il","uri":"https:\/\/data.oireachtas.ie\/ie\/oireachtas\/house\/dail\/33"},"progressStage":1,"showAs":"First Stage","stageCompleted":true,"stageOutcome":null,"stageURI":"https:\/\/data.oireachtas.ie\/ie\/oireachtas\/def\/bill-stage\/1","uri":"https:\/\/data.oireachtas.ie\/ie\/oireachtas\/bill\/2024\/50\/stage\/dail\/1"}},{"event":{"chamber":{"chamberCode":"dail","showAs":"D\u00e1il \u00c9ireann","uri":"https:\/\/data.oireachtas.ie\/ie\/oireachtas\/def\/house\/dail"},"dates":[{"date":"2024-11-08"},{"date":"2025-05-01"}],"house":{"chamberCode":"dail","chamberType":"house","houseCode":"dail","houseNo":"33","showAs":"33rd D\u00e1il","uri":"https:\/\/data.oireachtas.ie\/ie\/oireachtas\/house\/dail\/33"},"progressStage":2,"showAs":"Second Stage","stageCompleted":false,"stageOutcome":"Current","stageURI":"https:\/\/data.oireachtas.ie\/ie\/oireachtas\/def\/bill-stage\/2","uri":"https:\/\/data.oireachtas.ie\/ie\/oireachtas\/bill\/2024\/50\/stage\/dail\/2"}}],"status":"Current","statusURI":"https:\/\/data.oireachtas.ie\/ie\/oireachtas\/def\/bill-status\/published","uri":"https:\/\/data.oireachtas.ie\/ie\/oireachtas\/bill\/2024\/50","versions":[{"version":{"date":"2024-06-25","docType":"bill","formats":{"pdf":{"uri":"https:\/\/data.oireachtas.ie\/ie\/oireachtas\/bill\/2024\/50\/eng\/initiated\/b5024d.pdf"},"xml":null},"lang":"eng","showAs":"As Initiated","uri":"https:\/\/data.oireachtas.ie\/ie\/oireachtas\/bill\/2024\/50\/eng\/initiated"}}]},"billSort":{"actNoSort":null,"actShortTitleEnSort":null,"actShortTitleGaSort":null,"actYearSort":null,"billNoSort":50,"billShortTitleEnSort":"voluntary-assisted-dying-bill-2024","billShortTitleGaSort":"an-bille-um-bas-cuidithe-saoralach-2024","billYearSort":2024},"contextDate":"2025-05-01"},{"bill":{"act":null,"amendmentLists":[],"billNo":"49","billType":"Public","billTypeURI":"https:\/\/data.oireachtas.ie\/ie\/oireachtas\/def\/bill-type\/public","billYear":"2024","debates":[{"chamber":{"showAs":"Seanad \u00c9ireann","uri":"https:\/\/data.oireachtas.ie\/ie\/oireachtas\/def\/house\/seanad"},"date":"2024-06-19","debateSectionId":"dbsect_9","showAs":"Health (Postponement of Certain Leave) Bill 2024: First Stage","uri":"https:\/\/data.oireachtas.ie\/akn\/ie\/debateRecord\/seanad\/2024-06-19\/debate\/main"}],"events":[{"event":{"chamber":{"chamberCode":"seanad","showAs":"Seanad \u00c9ireann","uri":"https:\/\/data.oireachtas.ie\/ie\/oireachtas\/def\/house\/seanad"},"dates":[{"date":"2024-06-06"},{"date":"2024-06-19"},{"date":"2025-03-27"}],"eventURI":"https:\/\/data.oireachtas.ie\/ie\/oireachtas\/def\/bill-event\/admissibility-for-introduction","showAs":"Admissibility for Introduction","uri":"https:\/\/data.oireachtas.ie\/ie\/oireachtas\/bill\/2024\/49\/admissibility-for-introduction"}},{"event":{"chamber":{"chamberCode":"seanad","showAs":"Seanad \u00c9ireann","uri":"https:\/\/data.oireachtas.ie\/ie\/oireachtas\/def\/house\/seanad"},"dates":[{"date":"2025-01-29"}],"eventURI":"https:\/\/data.oireachtas.ie\/ie\/oireachtas\/def\/bill-event\/bill-lapsed","showAs":"Bill Lapsed","uri":"https:\/\/data.oireachtas.ie\/ie\/oireachtas\/bill\/2024\/49\/bill-lapsed"}}],"lastUpdated":"2025-03-28T11:06:15.690000+00:00","longTitleEn":"<p>Bill entitled an Act to amend and extend the Maternity Protection Act 1994 and the Adoptive Leave Act 1995 and for those purposes to provide a mechanism to postpone maternity leave or adoptive leave in circumstances where a person is diagnosed with or being treated for cancer and to provide for related matters.&nbsp;<\/p>\n","longTitleGa":"<p>Bille d\u00e1 ngairtear Acht do leas\u00fa agus do leathn\u00fa an Achta um Chosaint Mh\u00e1ithreachais, 1994 agus an Achta um Shaoire Uchta\u00edoch, 1995 agus chun na gcr\u00edoch sin do shol\u00e1thar s\u00e1sra chun saoire mh\u00e1ithreachais n\u00f3 saoire uchta\u00edoch a iarchur in imthosca ina bhf\u00e1thmheastar go bhfuil ailse ar dhuine n\u00f3 ina bhfuil c\u00f3ire\u00e1il in aghaidh ailse \u00e1 cur ar dhuine agus do dh\u00e9anamh socr\u00fa i dtaobh nithe gaolmhara.&nbsp;&nbsp;&nbsp;&nbsp;<\/p>\n","method":"Introduced","methodURI":"https:\/\/data.oireachtas.ie\/ie\/oireachtas\/def\/bill-method\/introduced","mostRecentStage":{"event":{"chamber":{"chamberCode":"seanad","showAs":"Seanad \u00c9ireann","uri":"https:\/\/data.oireachtas.ie\/ie\/oireachtas\/def\/house\/seanad"},"dates":[{"date":"2025-01-29"},{"date":"2025-03-27"}],"house":{"chamberCode":"seanad","chamberType":"house","houseCode":"seanad","houseNo":"27","showAs":"27th Seanad","uri":"https:\/\/data.oireachtas.ie\/ie\/oireachtas\/house\/seanad\/27"},"progressStage":2,"showAs":"Second Stage","stageCompleted":false,"stageOutcome":"Current","stageURI":"https:\/\/data.oireachtas.ie\/ie\/oireachtas\/def\/bill-stage\/2","uri":"https:\/\/data.oireachtas.ie\/ie\/oireachtas\/bill\/2024\/49\/stage\/seanad\/2"}},"originHouse":{"showAs":"Seanad \u00c9ireann","uri":"https:\/\/data.oireachtas.ie\/ie\/oireachtas\/def\/house\/seanad"},"originHouseURI":"https:\/\/data.oireachtas.ie\/ie\/oireachtas\/def\/house\/seanad","relatedDocs":[],"shortTitleEn":"Health (Postponement of Certain Leave) Bill 2024","shortTitleGa":"An Bille Sl\u00e1inte (Saoire \u00c1irithe a Iarchur), 2024","source":"Private Member","sourceURI":"https:\/\/data.oireachtas.ie\/ie\/oireachtas\/def\/bill-source\/private-member","sponsors":[{"sponsor":{"as":{"showAs":null,"uri":null},"by":{"showAs":"Mary Fitzpatrick","uri":"https:\/\/data.oireachtas.ie\/ie\/oireachtas\/member\/id\/Mary-Fitzpatrick.S.2020-06-29"},"isPrimary":false}},{"sponsor":{"as":{"showAs":null,"uri":null},"by":{"showAs":"Malcolm Byrne","uri":"https:\/\/data.oireachtas.ie\/ie\/oireachtas\/member\/id\/Malcolm-Byrne.D.2019-11-29"},"isPrimary":false}},{"sponsor":{"as":{"showAs":null,"uri":null},"by":{"showAs":"Denis O'Donovan","uri":"https:\/\/data.oireachtas.ie\/ie\/oireachtas\/member\/id\/Denis-O'Donovan.S.1989-10-01"},"isPrimary":false}},{"sponsor":{"as":{"showAs":null,"uri":null},"by":{"showAs":"Paul Daly","uri":"https:\/\/data.oireachtas.ie\/ie\/oireachtas\/member\/id\/Paul-Daly.S.2016-04-25"},"isPrimary":false}},{"sponsor":{"as":{"showAs":null,"uri":null},"by":{"showAs":"Catherine Ardagh","uri":"https:\/\/data.oireachtas.ie\/ie\/oireachtas\/member\/id\/Catherine-Ardagh.S.2016-04-25"},"isPrimary":true}}],"stages":[{"event":{"chamber":{"chamberCode":"seanad","showAs":"Seanad \u00c9ireann","uri":"https:\/\/data.oireachtas.ie\/ie\/oireachtas\/def\/house\/seanad"},"dates":[{"date":"2024-06-06"},{"date":"2024-06-19"},{"date":"2024-06-19"}],"house":{"chamberCode":"seanad","chamberType":"house","houseCode":"seanad","houseNo":"26","showAs":"26th Seanad","uri":"https:\/\/data.oireachtas.ie\/ie\/oireachtas\/house\/seanad\/26"},"progressStage":1,"showAs":"First Stage","stageCompleted":true,"stageOutcome":null,"stageURI":"https:\/\/data.oireachtas.ie\/ie\/oireachtas\/def\/bill-stage\/1","uri":"https:\/\/data.oireachtas.ie\/ie\/oireachtas\/bill\/2024\/49\/stage\/seanad\/1"}},{"event":{"chamber":{"chamberCode":"seanad","showAs":"Seanad \u00c9ireann","uri":"https:\/\/data.oireachtas.ie\/ie\/oireachtas\/def\/house\/seanad"},"dates":[{"date":"2025-01-29"},{"date":"2025-03-27"}],"house":{"chamberCode":"seanad","chamberType":"house","houseCode":"seanad","houseNo":"27","showAs":"27th Seanad","uri":"https:\/\/data.oireachtas.ie\/ie\/oireachtas\/house\/seanad\/27"},"progressStage":2,"showAs":"Second Stage","stageCompleted":false,"stageOutcome":"Current","stageURI":"https:\/\/data.oireachtas.ie\/ie\/oireachtas\/def\/bill-stage\/2","uri":"https:\/\/data.oireachtas.ie\/ie\/oireachtas\/bill\/2024\/49\/stage\/seanad\/2"}}],"status":"Current","statusURI":"https:\/\/data.oireachtas.ie\/ie\/oireachtas\/def\/bill-status\/published","uri":"https:\/\/data.oireachtas.ie\/ie\/oireachtas\/bill\/2024\/49","versions":[{"version":{"date":"2024-06-19","docType":"bill","formats":{"pdf":{"uri":"https:\/\/data.oireachtas.ie\/ie\/oireachtas\/bill\/2024\/49\/eng\/initiated\/b4924s.pdf"},"xml":null},"lang":"eng","showAs":"As Initiated","uri":"https:\/\/data.oireachtas.ie\/ie\/oireachtas\/bill\/2024\/49\/eng\/initiated"}}]},"billSort":{"actNoSort":null,"actShortTitleEnSort":null,"actShortTitleGaSort":null,"actYearSort":null,"billNoSort":49,"billShortTitleEnSort":"health-postponement-of-certain-leave-bill-2024","billShortTitleGaSort":"an-bille-slainte-saoire-airithe-a-iarchur-2024","billYearSort":2024},"contextDate":"2025-03-27"},{"bill":{"act":null,"amendmentLists":[],"billNo":"47","billType":"Public","billTypeURI":"https:\/\/data.oireachtas.ie\/ie\/oireachtas\/def\/bill-type\/public","billYear":"2024","debates":[{"chamber":{"showAs":"D\u00e1il \u00c9ireann","uri":"https:\/\/data.oireachtas.ie\/ie\/oireachtas\/def\/house\/dail"},"date":"2025-07-16","debateSectionId":"dbsect_32","showAs":"Aircraft Noise (Dublin Airport) Regulation (Transfer of Functions) Bill 2024: Second Stage (Resumed) [Private Members]","uri":"https:\/\/data.oireachtas.ie\/akn\/ie\/debateRecord\/dail\/2025-07-16\/debate\/main"},{"chamber":{"showAs":"D\u00e1il \u00c9ireann","uri":"https:\/\/data.oireachtas.ie\/ie\/oireachtas\/def\/house\/dail"},"date":"2025-07-10","debateSectionId":"dbsect_47","showAs":"Aircraft Noise (Dublin Airport) Regulation (Transfer of Functions) Bill 2024: Second Stage [Private Members]","uri":"https:\/\/data.oireachtas.ie\/akn\/ie\/debateRecord\/dail\/2025-07-10\/debate\/main"},{"chamber":{"showAs":"D\u00e1il \u00c9ireann","uri":"https:\/\/data.oireachtas.ie\/ie\/oireachtas\/def\/house\/dail"},"date":"2024-06-13","debateSectionId":"dbsect_34","showAs":"Aircraft Noise (Dublin Airport) Regulation (Transfer of Functions) Bill 2024: First Stage","uri":"https:\/\/data.oireachtas.ie\/akn\/ie\/debateRecord\/dail\/2024-06-13\/debate\/main"}],"events":[{"event":{"chamber":{"chamberCode":"dail","showAs":"D\u00e1il \u00c9ireann","uri":"https:\/\/data.oireachtas.ie\/ie\/oireachtas\/def\/house\/dail"},"dates":[{"date":"2024-05-13"},{"date":"2024-05-13"},{"date":"2024-06-13"},{"date":"2025-05-01"},{"date":"2025-07-16"}],"eventURI":"https:\/\/data.oireachtas.ie\/ie\/oireachtas\/def\/bill-event\/approved-for-initiation","showAs":"Approved for Initiation","uri":"https:\/\/data.oireachtas.ie\/ie\/oireachtas\/bill\/2024\/47\/approved-for-initiation"}},{"event":{"chamber":{"chamberCode":"dail","showAs":"D\u00e1il \u00c9ireann","uri":"https:\/\/data.oireachtas.ie\/ie\/oireachtas\/def\/house\/dail"},"dates":[{"date":"2024-11-08"}],"eventURI":"https:\/\/data.oireachtas.ie\/ie\/oireachtas\/def\/bill-event\/bill-lapsed","showAs":"Bill Lapsed","uri":"https:\/\/data.oireachtas.ie\/ie\/oireachtas\/bill\/2024\/47\/bill-lapsed"}}],"lastUpdated":"2025-07-17T11:41:09+00:00","longTitleEn":"<p>Bill entitled an Act to give further effect to the Aircraft Noise Regulation in so far as it relates to Dublin Airport by transferring the functions of the competent authority for the purposes of that Regulation from the Fingal County Council to the Environmental Protection Agency; and to provide for connected matters.<\/p>\n","longTitleGa":"<p>Bille d\u00e1 ngairtear Acht do thabhairt tuilleadh \u00e9ifeachta\u00a0don Rialach\u00e1n um Thorann Aer\u00e1rtha\u00ed a mh\u00e9id a bhaineann s\u00e9 le hAerfort Bhaile \u00c1tha Cliath tr\u00ed fheidhmeanna an \u00fadar\u00e1is inni\u00fail chun cr\u00edocha an Rialach\u00e1in sin a aistri\u00fa \u00f3 Chomhairle Contae Fhine Gall chuig an nGn\u00edomhaireacht um Chaomhn\u00fa Comhshaoil; agus do dh\u00e9anamh socr\u00fa i dtaobh nithe comhghaolmhara.<\/p>\n","method":"Introduced","methodURI":"https:\/\/data.oireachtas.ie\/ie\/oireachtas\/def\/bill-method\/introduced","mostRecentStage":{"event":{"chamber":{"chamberCode":"dail","showAs":"D\u00e1il \u00c9ireann","uri":"https:\/\/data.oireachtas.ie\/ie\/oireachtas\/def\/house\/dail"},"dates":[{"date":"2025-06-13"},{"date":"2025-06-13"},{"date":"2025-06-13"},{"date":"2025-06-13"}],"house":{"chamberCode":"dail","chamberType":"house","houseCode":"dail","houseNo":"34","showAs":"34th D\u00e1il","uri":"https:\/\/data.oireachtas.ie\/ie\/oireachtas\/house\/dail\/34"},"progressStage":2,"showAs":"Second Stage","stageCompleted":true,"stageOutcome":null,"stageURI":"https:\/\/data.oireachtas.ie\/ie\/oireachtas\/def\/bill-stage\/2","uri":"https:\/\/data.oireachtas.ie\/ie\/oireachtas\/bill\/2024\/47\/stage\/dail\/2"}},"originHouse":{"showAs":"D\u00e1il \u00c9ireann","uri":"https:\/\/data.oireachtas.ie\/ie\/oireachtas\/def\/house\/dail"},"originHouseURI":"https:\/\/data.oireachtas.ie\/ie\/oireachtas\/def\/house\/dail","relatedDocs":[{"relatedDoc":{"date":"2024-06-13","docType":"memo","formats":{"pdf":{"uri":"https:\/\/data.oireachtas.ie\/ie\/oireachtas\/bill\/2024\/47\/eng\/memo\/b4724d-memo.pdf"},"xml":null},"lang":"eng","showAs":"Explanatory Memorandum","uri":"https:\/\/data.oireachtas.ie\/ie\/oireachtas\/bill\/2024\/47\/eng\/memo"}}],"shortTitleEn":"Aircraft Noise (Dublin Airport) Regulation (Transfer of Functions) Bill 2024","shortTitleGa":"An Bille um Thorann Aer\u00e1rtha\u00ed (Aerfort Bhaile \u00c1tha Cliath) a Rial\u00e1il (Feidhmeanna a Aistri\u00fa), 2024","source":"Private Member","sourceURI":"https:\/\/data.oireachtas.ie\/ie\/oireachtas\/def\/bill-source\/private-member","sponsors":[{"sponsor":{"as":{"showAs":null,"uri":null},"by":{"showAs":"Duncan Smith","uri":"https:\/\/data.oireachtas.ie\/ie\/oireachtas\/member\/id\/Duncan-Smith.D.2020-02-08"},"isPrimary":true}}],"stages":[{"event":{"chamber":{"chamberCode":"dail","showAs":"D\u00e1il \u00c9ireann","uri":"https:\/\/data.oireachtas.ie\/ie\/oireachtas\/def\/house\/dail"},"dates":[{"date":"2024-05-13"},{"date":"2024-05-13"},{"date":"2024-06-13"},{"date":"2024-06-13"}],"house":{"chamberCode":"dail","chamberType":"house","houseCode":"dail","houseNo":"33","showAs":"33rd D\u00e1il","uri":"https:\/\/data.oireachtas.ie\/ie\/oireachtas\/house\/dail\/33"},"progressStage":1,"showAs":"First Stage","stageCompleted":true,"stageOutcome":null,"stageURI":"https:\/\/data.oireachtas.ie\/ie\/oireachtas\/def\/bill-stage\/1","uri":"https:\/\/data.oireachtas.ie\/ie\/oireachtas\/bill\/2024\/47\/stage\/dail\/1"}},{"event":{"chamber":{"chamberCode":"dail","showAs":"D\u00e1il \u00c9ireann","uri":"https:\/\/data.oireachtas.ie\/ie\/oireachtas\/def\/house\/dail"},"dates":[{"date":"2025-06-13"},{"date":"2025-06-13"},{"date":"2025-06-13"},{"date":"2025-06-13"}],"house":{"chamberCode":"dail","chamberType":"house","houseCode":"dail","houseNo":"34","showAs":"34th D\u00e1il","uri":"https:\/\/data.oireachtas.ie\/ie\/oireachtas\/house\/dail\/34"},"progressStage":2,"showAs":"Second Stage","stageCompleted":true,"stageOutcome":null,"stageURI":"https:\/\/data.oireachtas.ie\/ie\/oireachtas\/def\/bill-stage\/2","uri":"https:\/\/data.oireachtas.ie\/ie\/oireachtas\/bill\/2024\/47\/stage\/dail\/2"}}],"status":"Defeated","statusURI":"https:\/\/data.oireachtas.ie\/ie\/oireachtas\/def\/bill-status\/defeated","uri":"https:\/\/data.oireachtas.ie\/ie\/oireachtas\/bill\/2024\/47","versions":[{"version":{"date":"2024-06-13","docType":"bill","formats":{"pdf":{"uri":"https:\/\/data.oireachtas.ie\/ie\/oireachtas\/bill\/2024\/47\/eng\/initiated\/b4724d.pdf"},"xml":null},"lang":"eng","showAs":"As Initiated","uri":"https:\/\/data.oireachtas.ie\/ie\/oireachtas\/bill\/2024\/47\/eng\/initiated"}}]},"billSort":{"actNoSort":null,"actShortTitleEnSort":null,"actShortTitleGaSort":null,"actYearSort":null,"billNoSort":47,"billShortTitleEnSort":"aircraft-noise-dublin-airport-regulation-transfer-of-functions-bill-2024","billShortTitleGaSort":"an-bille-um-thorann-aerarthai-aerfort-bhaile-atha-cliath-a-rialail-feidhmeanna-a-aistriu-2024","billYearSort":2024},"contextDate":"2025-06-13"},{"bill":{"act":null,"amendmentLists":[{"amendmentList":{"amendmentTypeUri":{"uri":"https:\/\/data.oireachtas.ie\/ie\/oireachtas\/def\/amendment-type\/numberedList"},"chamber":{"showAs":"Seanad","uri":"https:\/\/data.oireachtas.ie\/ie\/oireachtas\/def\/seanad"},"date":"2025-03-19","formats":{"pdf":{"uri":"https:\/\/data.oireachtas.ie\/ie\/oireachtas\/bill\/2024\/44\/seanad\/3\/amendment\/numberedList\/eng\/b4424s-scnl.pdf"},"xml":null},"showAs":"Numbered List [Seanad]","stage":{"showAs":"Committee Stage","uri":"https:\/\/data.oireachtas.ie\/ie\/oireachtas\/bill\/2024\/44\/seanad\/3"},"stageNo":"3"}}],"billNo":"44","billType":"Public","billTypeURI":"https:\/\/data.oireachtas.ie\/ie\/oireachtas\/def\/bill-type\/public","billYear":"2024","debates":[{"chamber":{"showAs":"Seanad \u00c9ireann","uri":"https:\/\/data.oireachtas.ie\/ie\/oireachtas\/def\/house\/seanad"},"date":"2025-07-02","debateSectionId":"dbsect_10","showAs":"Health (Scoliosis Treatment Services) Bill 2024: Report and Final Stages","uri":"https:\/\/data.oireachtas.ie\/akn\/ie\/debateRecord\/seanad\/2025-07-02\/debate\/main"},{"chamber":{"showAs":"Seanad \u00c9ireann","uri":"https:\/\/data.oireachtas.ie\/ie\/oireachtas\/def\/house\/seanad"},"date":"2025-03-19","debateSectionId":"dbsect_12","showAs":"Health (Scoliosis Treatment Services) Bill 2024: Committee Stage","uri":"https:\/\/data.oireachtas.ie\/akn\/ie\/debateRecord\/seanad\/2025-03-19\/debate\/main"},{"chamber":{"showAs":"Seanad \u00c9ireann","uri":"https:\/\/data.oireachtas.ie\/ie\/oireachtas\/def\/house\/seanad"},"date":"2024-07-03","debateSectionId":"dbsect_16","showAs":"Health (Scoliosis Treatment Services) Bill 2024: Second Stage","uri":"https:\/\/data.oireachtas.ie\/akn\/ie\/debateRecord\/seanad\/2024-07-03\/debate\/main"},{"chamber":{"showAs":"Seanad \u00c9ireann","uri":"https:\/\/data.oireachtas.ie\/ie\/oireachtas\/def\/house\/seanad"},"date":"2024-05-29","debateSectionId":"dbsect_10","showAs":"Health (Scoliosis Treatment Services) Bill 2024: First Stage","uri":"https:\/\/data.oireachtas.ie\/akn\/ie\/debateRecord\/seanad\/2024-05-29\/debate\/main"}],"events":[{"event":{"chamber":{"chamberCode":"seanad","showAs":"Seanad \u00c9ireann","uri":"https:\/\/data.oireachtas.ie\/ie\/oireachtas\/def\/house\/seanad"},"dates":[{"date":"2024-05-28"},{"date":"2024-05-29"},{"date":"2025-02-19"}],"eventURI":"https:\/\/data.oireachtas.ie\/ie\/oireachtas\/def\/bill-event\/admissibility-for-introduction","showAs":"Admissibility for Introduction","uri":"https:\/\/data.oireachtas.ie\/ie\/oireachtas\/bill\/2024\/44\/admissibility-for-introduction"}},{"event":{"chamber":{"chamberCode":"seanad","showAs":"Seanad \u00c9ireann","uri":"https:\/\/data.oireachtas.ie\/ie\/oireachtas\/def\/house\/seanad"},"dates":[{"date":"2025-01-29"}],"eventURI":"https:\/\/data.oireachtas.ie\/ie\/oireachtas\/def\/bill-event\/bill-lapsed","showAs":"Bill Lapsed","uri":"https:\/\/data.oireachtas.ie\/ie\/oireachtas\/bill\/2024\/44\/bill-lapsed"}}],"lastUpdated":"2025-07-03T13:37:07.530000+00:00","longTitleEn":"<p>Bill entitled an Act to impose on the Health Service Executive certain special duties and powers in relation to the establishment of a specialised treatment service for the inpatient and outpatient treatment of children and adults of spinal scoliosis who are resident in the State and to confer certain duties and powers on the Minister for Health in relation to the service to be established and to provide for related matters.&nbsp;<strong> <\/strong><\/p>\n","longTitleGa":"<p>Bille d\u00e1 ngairtear Acht d\u2019fhorchur dualgais agus cumhachta\u00ed speisialta \u00e1irithe ar Fheidhmeannacht na Seirbh\u00edse Sl\u00e1inte i nd\u00e1il le sainseirbh\u00eds c\u00f3ire\u00e1la a bhun\u00fa chun c\u00f3ire\u00e1il d\u2019othar c\u00f3naithe agus d\u2019othar seachtrach a chur ar leana\u00ed agus ar dhaoine f\u00e1sta a bhfuil scol\u00f3is dromlaigh orthu agus a bhfuil c\u00f3na\u00ed orthu sa St\u00e1t agus do thabhairt dualgais agus cumhachta\u00ed \u00e1irithe don Aire Sl\u00e1inte i nd\u00e1il leis an tseirbh\u00eds a bheidh le bun\u00fa agus do dh\u00e9anamh socr\u00fa i dtaobh nithe gaolmhara.<\/p>\n","method":"Introduced","methodURI":"https:\/\/data.oireachtas.ie\/ie\/oireachtas\/def\/bill-method\/introduced","mostRecentStage":{"event":{"chamber":{"chamberCode":"dail","showAs":"D\u00e1il \u00c9ireann","uri":"https:\/\/data.oireachtas.ie\/ie\/oireachtas\/def\/house\/dail"},"dates":[{"date":"2025-07-02"}],"house":{"chamberCode":"dail","chamberType":"house","houseCode":"dail","houseNo":"34","showAs":"34th D\u00e1il","uri":"https:\/\/data.oireachtas.ie\/ie\/oireachtas\/house\/dail\/34"},"progressStage":6,"showAs":"Second Stage","stageCompleted":false,"stageOutcome":"Current","stageURI":"https:\/\/data.oireachtas.ie\/ie\/oireachtas\/def\/bill-stage\/2","uri":"https:\/\/data.oireachtas.ie\/ie\/oireachtas\/bill\/2024\/44\/stage\/dail\/2"}},"originHouse":{"showAs":"Seanad \u00c9ireann","uri":"https:\/\/data.oireachtas.ie\/ie\/oireachtas\/def\/house\/seanad"},"originHouseURI":"https:\/\/data.oireachtas.ie\/ie\/oireachtas\/def\/house\/seanad","relatedDocs":[],"shortTitleEn":"Health (Scoliosis Treatment Services) Bill 2024","shortTitleGa":"An Bille Sl\u00e1inte (Seirbh\u00eds\u00ed C\u00f3ire\u00e1la Scol\u00f3ise), 2024","source":"Private Member","sourceURI":"https:\/\/data.oireachtas.ie\/ie\/oireachtas\/def\/bill-source\/private-member","sponsors":[{"sponsor":{"as":{"showAs":null,"uri":null},"by":{"showAs":"Gerard P. Craughwell","uri":"https:\/\/data.oireachtas.ie\/ie\/oireachtas\/member\/id\/Gerard-P-Craughwell.S.2014-10-10"},"isPrimary":false}},{"sponsor":{"as":{"showAs":null,"uri":null},"by":{"showAs":"Tom Clonan","uri":"https:\/\/data.oireachtas.ie\/ie\/oireachtas\/member\/id\/Tom-Clonan.S.2022-04-04"},"isPrimary":false}},{"sponsor":{"as":{"showAs":null,"uri":null},"by":{"showAs":"Sharon Keogan","uri":"https:\/\/data.oireachtas.ie\/ie\/oireachtas\/member\/id\/Sharon-Keogan.S.2020-03-30"},"isPrimary":false}},{"sponsor":{"as":{"showAs":null,"uri":null},"by":{"showAs":"R\u00f3n\u00e1n Mullen","uri":"https:\/\/data.oireachtas.ie\/ie\/oireachtas\/member\/id\/R\u00f3n\u00e1n-Mullen.S.2007-07-23"},"isPrimary":false}},{"sponsor":{"as":{"showAs":null,"uri":null},"by":{"showAs":"Michael McDowell","uri":"https:\/\/data.oireachtas.ie\/ie\/oireachtas\/member\/id\/Michael-McDowell.D.1987-03-10"},"isPrimary":true}},{"sponsor":{"as":{"showAs":null,"uri":null},"by":{"showAs":"Victor Boyhan","uri":"https:\/\/data.oireachtas.ie\/ie\/oireachtas\/member\/id\/Victor-Boyhan.S.2016-04-25"},"isPrimary":false}}],"stages":[{"event":{"chamber":{"chamberCode":"seanad","showAs":"Seanad \u00c9ireann","uri":"https:\/\/data.oireachtas.ie\/ie\/oireachtas\/def\/house\/seanad"},"dates":[{"date":"2024-05-28"},{"date":"2024-05-29"},{"date":"2024-05-29"}],"house":{"chamberCode":"seanad","chamberType":"house","houseCode":"seanad","houseNo":"26","showAs":"26th Seanad","uri":"https:\/\/data.oireachtas.ie\/ie\/oireachtas\/house\/seanad\/26"},"progressStage":1,"showAs":"First Stage","stageCompleted":true,"stageOutcome":null,"stageURI":"https:\/\/data.oireachtas.ie\/ie\/oireachtas\/def\/bill-stage\/1","uri":"https:\/\/data.oireachtas.ie\/ie\/oireachtas\/bill\/2024\/44\/stage\/seanad\/1"}},{"event":{"chamber":{"chamberCode":"seanad","showAs":"Seanad \u00c9ireann","uri":"https:\/\/data.oireachtas.ie\/ie\/oireachtas\/def\/house\/seanad"},"dates":[{"date":"2024-05-29"}],"house":{"chamberCode":"seanad","chamberType":"house","houseCode":"seanad","houseNo":"26","showAs":"26th Seanad","uri":"https:\/\/data.oireachtas.ie\/ie\/oireachtas\/house\/seanad\/26"},"progressStage":2,"showAs":"Second Stage","stageCompleted":true,"stageOutcome":null,"stageURI":"https:\/\/data.oireachtas.ie\/ie\/oireachtas\/def\/bill-stage\/2","uri":"https:\/\/data.oireachtas.ie\/ie\/oireachtas\/bill\/2024\/44\/stage\/seanad\/2"}},{"event":{"chamber":{"chamberCode":"seanad","showAs":"Seanad \u00c9ireann","uri":"https:\/\/data.oireachtas.ie\/ie\/oireachtas\/def\/house\/seanad"},"dates":[{"date":"2025-03-19"},{"date":"2025-03-19"},{"date":"2025-03-19"}],"house":{"chamberCode":"seanad","chamberType":"house","houseCode":"seanad","houseNo":"27","showAs":"27th Seanad","uri":"https:\/\/data.oireachtas.ie\/ie\/oireachtas\/house\/seanad\/27"},"progressStage":3,"showAs":"Committee Stage","stageCompleted":true,"stageOutcome":null,"stageURI":"https:\/\/data.oireachtas.ie\/ie\/oireachtas\/def\/bill-stage\/3","uri":"https:\/\/data.oireachtas.ie\/ie\/oireachtas\/bill\/2024\/44\/stage\/seanad\/3"}},{"event":{"chamber":{"chamberCode":"seanad","showAs":"Seanad \u00c9ireann","uri":"https:\/\/data.oireachtas.ie\/ie\/oireachtas\/def\/house\/seanad"},"dates":[{"date":"2025-03-25"}],"house":{"chamberCode":"seanad","chamberType":"house","houseCode":"seanad","houseNo":"27","showAs":"27th Seanad","uri":"https:\/\/data.oireachtas.ie\/ie\/oireachtas\/house\/seanad\/27"},"progressStage":4,"showAs":"Report Stage","stageCompleted":true,"stageOutcome":null,"stageURI":"https:\/\/data.oireachtas.ie\/ie\/oireachtas\/def\/bill-stage\/4","uri":"https:\/\/data.oireachtas.ie\/ie\/oireachtas\/bill\/2024\/44\/stage\/seanad\/4"}},{"event":{"chamber":{"chamberCode":"seanad","showAs":"Seanad \u00c9ireann","uri":"https:\/\/data.oireachtas.ie\/ie\/oireachtas\/def\/house\/seanad"},"dates":[{"date":"2025-07-02"}],"house":{"chamberCode":"seanad","chamberType":"house","houseCode":"seanad","houseNo":"27","showAs":"27th Seanad","uri":"https:\/\/data.oireachtas.ie\/ie\/oireachtas\/house\/seanad\/27"},"progressStage":5,"showAs":"Fifth Stage","stageCompleted":true,"stageOutcome":null,"stageURI":"https:\/\/data.oireachtas.ie\/ie\/oireachtas\/def\/bill-stage\/5","uri":"https:\/\/data.oireachtas.ie\/ie\/oireachtas\/bill\/2024\/44\/stage\/seanad\/5"}},{"event":{"chamber":{"chamberCode":"dail","showAs":"D\u00e1il \u00c9ireann","uri":"https:\/\/data.oireachtas.ie\/ie\/oireachtas\/def\/house\/dail"},"dates":[{"date":"2025-07-02"}],"house":{"chamberCode":"dail","chamberType":"house","houseCode":"dail","houseNo":"34","showAs":"34th D\u00e1il","uri":"https:\/\/data.oireachtas.ie\/ie\/oireachtas\/house\/dail\/34"},"progressStage":6,"showAs":"Second Stage","stageCompleted":false,"stageOutcome":"Current","stageURI":"https:\/\/data.oireachtas.ie\/ie\/oireachtas\/def\/bill-stage\/2","uri":"https:\/\/data.oireachtas.ie\/ie\/oireachtas\/bill\/2024\/44\/stage\/dail\/2"}}],"status":"Current","statusURI":"https:\/\/data.oireachtas.ie\/ie\/oireachtas\/def\/bill-status\/published","uri":"https:\/\/data.oireachtas.ie\/ie\/oireachtas\/bill\/2024\/44","versions":[{"version":{"date":"2025-03-19","docType":"bill","formats":{"pdf":{"uri":"https:\/\/data.oireachtas.ie\/ie\/oireachtas\/bill\/2024\/44\/eng\/ver_a\/b44a24s.pdf"},"xml":null},"lang":"eng","showAs":"As amended in Committee [Seanad \u00c9ireann]","uri":"https:\/\/data.oireachtas.ie\/ie\/oireachtas\/bill\/2024\/44\/eng\/ver_a"}},{"version":{"date":"2024-05-29","docType":"bill","formats":{"pdf":{"uri":"https:\/\/data.oireachtas.ie\/ie\/oireachtas\/bill\/2024\/44\/eng\/initiated\/b4424s.pdf"},"xml":null},"lang":"eng","showAs":"As Initiated","uri":"https:\/\/data.oireachtas.ie\/ie\/oireachtas\/bill\/2024\/44\/eng\/initiated"}}]},"billSort":{"actNoSort":null,"actShortTitleEnSort":null,"actShortTitleGaSort":null,"actYearSort":null,"billNoSort":44,"billShortTitleEnSort":"health-scoliosis-treatment-services-bill-2024","billShortTitleGaSort":"an-bille-slainte-seirbhisi-coireala-scoloise-2024","billYearSort":2024},"contextDate":"2025-07-02"}]}