{"head":{"counts":{"billCount":406,"resultCount":406}},"results":[{"bill":{"act":null,"amendmentLists":[],"billNo":"82","billType":"Public","billTypeURI":"https:\/\/data.oireachtas.ie\/ie\/oireachtas\/def\/bill-type\/public","billYear":"2026","debates":[],"events":[{"event":{"chamber":{"chamberCode":"dail","showAs":"D\u00e1il \u00c9ireann","uri":"https:\/\/data.oireachtas.ie\/ie\/oireachtas\/def\/house\/dail"},"dates":[{"date":"2026-07-24"}],"eventURI":"https:\/\/data.oireachtas.ie\/ie\/oireachtas\/def\/bill-event\/published","showAs":"Published","uri":"https:\/\/data.oireachtas.ie\/ie\/oireachtas\/bill\/2026\/82\/published"}}],"lastUpdated":"2026-07-24T09:18:16.060000+00:00","longTitleEn":"<p>Bill entitled an Act to continue the Railway Accident Investigation Unit established in accordance with Regulation 4 of the European Union (Railway Safety) (Reporting and Investigation of Serious Accidents, Accidents and Incidents) Regulations 2014 (S.I. No. 258 of 2014) and to enable it to perform the function of investigating railway accidents and incidents relating to any railway, and to amend the Railway Safety Act 2005, in particular in relation to intoxicants and persons working on railways, and to amend Schedule 1 to the Freedom of Information Act 2014.<\/p>","longTitleGa":"<p>Bille d\u00e1 ngairtear Acht chun an tAonad um Imscr\u00fad\u00fa Tion\u00f3isc\u00ed Iarnr\u00f3id arna bhun\u00fa de r\u00e9ir Rialach\u00e1n 4 de Rialach\u00e1in an Aontais Eorpaigh (S\u00e1bh\u00e1ilteacht Iarnr\u00f3id) (Tuairisci\u00fa agus Imscr\u00fad\u00fa Tion\u00f3isc\u00ed Tromch\u00faiseacha, Tion\u00f3isc\u00ed agus Teagmhas), 2014 (I.R. Uimh. 258 de 2014) a choime\u00e1d ar marthain agus d\u00e1 chumas\u00fa d\u00f3 an fheidhm a chomhl\u00edonadh arb \u00e9ard \u00ed tion\u00f3isc\u00ed iarnr\u00f3id agus teagmhais a bhaineann le haon iarnr\u00f3d a imscr\u00fad\u00fa, agus do leas\u00fa an Achta um Sh\u00e1bh\u00e1ilteacht Iarnr\u00f3id, 2005, go h\u00e1irithe i nd\u00e1il le meiscigh agus le daoine a oibr\u00edonn ar iarnr\u00f3id, agus do leas\u00fa Sceideal 1 a ghabhann leis an Acht um Shaor\u00e1il Faisn\u00e9ise, 2014.<\/p>","method":"Presented","methodURI":"https:\/\/data.oireachtas.ie\/ie\/oireachtas\/def\/bill-method\/presented","mostRecentStage":{"event":{"chamber":{"chamberCode":"dail","showAs":"D\u00e1il \u00c9ireann","uri":"https:\/\/data.oireachtas.ie\/ie\/oireachtas\/def\/house\/dail"},"dates":[{"date":"2026-07-24"},{"date":"2026-07-24"}],"house":{"chamberCode":"dail","chamberType":"house","houseCode":"dail","houseNo":"34","showAs":"34th D\u00e1il","uri":"https:\/\/data.oireachtas.ie\/ie\/oireachtas\/house\/dail\/34"},"progressStage":1,"showAs":"First Stage","stageCompleted":false,"stageOutcome":"Current","stageURI":"https:\/\/data.oireachtas.ie\/ie\/oireachtas\/def\/bill-stage\/1","uri":"https:\/\/data.oireachtas.ie\/ie\/oireachtas\/bill\/2026\/82\/stage\/dail\/1"}},"originHouse":{"showAs":"D\u00e1il \u00c9ireann","uri":"https:\/\/data.oireachtas.ie\/ie\/oireachtas\/def\/house\/dail"},"originHouseURI":"https:\/\/data.oireachtas.ie\/ie\/oireachtas\/def\/house\/dail","relatedDocs":[{"relatedDoc":{"date":"2026-07-24","docType":"memo","formats":{"pdf":{"uri":"https:\/\/data.oireachtas.ie\/ie\/oireachtas\/bill\/2026\/82\/eng\/memo\/b8226d-memo.pdf"},"xml":null},"lang":"eng","showAs":"Explanatory Memorandum","uri":"https:\/\/data.oireachtas.ie\/ie\/oireachtas\/bill\/2026\/82\/eng\/memo"}}],"shortTitleEn":"Railway Safety Bill 2026","shortTitleGa":"An Bille um Sh\u00e1bh\u00e1ilteacht Iarnr\u00f3id, 2026","source":"Government","sourceURI":"https:\/\/data.oireachtas.ie\/ie\/oireachtas\/def\/bill-source\/government","sponsors":[{"sponsor":{"isPrimary":true,"as":{"showAs":"Minister for Transport","uri":null},"by":{"showAs":null,"uri":null}}}],"stages":[{"event":{"chamber":{"chamberCode":"dail","showAs":"D\u00e1il \u00c9ireann","uri":"https:\/\/data.oireachtas.ie\/ie\/oireachtas\/def\/house\/dail"},"dates":[{"date":"2026-07-24"},{"date":"2026-07-24"}],"house":{"chamberCode":"dail","chamberType":"house","houseCode":"dail","houseNo":"34","showAs":"34th D\u00e1il","uri":"https:\/\/data.oireachtas.ie\/ie\/oireachtas\/house\/dail\/34"},"progressStage":1,"showAs":"First Stage","stageCompleted":false,"stageOutcome":"Current","stageURI":"https:\/\/data.oireachtas.ie\/ie\/oireachtas\/def\/bill-stage\/1","uri":"https:\/\/data.oireachtas.ie\/ie\/oireachtas\/bill\/2026\/82\/stage\/dail\/1"}}],"status":"Current","statusURI":"https:\/\/data.oireachtas.ie\/ie\/oireachtas\/def\/bill-status\/published","uri":"https:\/\/data.oireachtas.ie\/ie\/oireachtas\/bill\/2026\/82","versions":[{"version":{"lang":"eng","docType":"bill","showAs":"As Initiated","date":"2026-07-24","formats":{"pdf":{"uri":"https:\/\/data.oireachtas.ie\/ie\/oireachtas\/bill\/2026\/82\/eng\/initiated\/b8226d.pdf"},"xml":null},"uri":"https:\/\/data.oireachtas.ie\/ie\/oireachtas\/bill\/2026\/82\/eng\/initiated"}}]},"contextDate":"2026-07-24","billSort":{"actNoSort":null,"actShortTitleEnSort":null,"actShortTitleGaSort":null,"actYearSort":null,"billNoSort":82,"billShortTitleEnSort":"railway-safety-bill-2026","billShortTitleGaSort":"an-bille-um-shabhailteacht-iarnroid-2026","billYearSort":2026}},{"bill":{"act":null,"amendmentLists":[],"billNo":"81","billType":"Public","billTypeURI":"https:\/\/data.oireachtas.ie\/ie\/oireachtas\/def\/bill-type\/public","billYear":"2026","debates":[{"chamber":{"showAs":"D\u00e1il \u00c9ireann","uri":"https:\/\/data.oireachtas.ie\/ie\/oireachtas\/def\/house\/dail"},"date":"2026-07-16","debateSectionId":"dbsect_35","showAs":"Electoral (Postal Voting) (Carers) Bill 2026: First Stage","uri":"https:\/\/data.oireachtas.ie\/akn\/ie\/debateRecord\/dail\/2026-07-16\/debate\/main"}],"events":[{"event":{"chamber":{"chamberCode":"dail","showAs":"D\u00e1il \u00c9ireann","uri":"https:\/\/data.oireachtas.ie\/ie\/oireachtas\/def\/house\/dail"},"dates":[{"date":"2026-07-15"},{"date":"2026-07-16"}],"eventURI":"https:\/\/data.oireachtas.ie\/ie\/oireachtas\/def\/bill-event\/approved-for-initiation","showAs":"Approved for Initiation","uri":"https:\/\/data.oireachtas.ie\/ie\/oireachtas\/bill\/2026\/81\/approved-for-initiation"}}],"lastUpdated":"2026-07-17T09:39:00.190000+00:00","longTitleEn":"<p>Bill entitled an Act to entitle certain persons caring for others to be entered in the register of postal voters, for that purpose to amend the Electoral Act 1992, and to provide for related matters.<\/p>","longTitleGa":"<p>Bille d\u00e1 ngairtear Acht do thabhairt teideal do dhaoine \u00e1irithe a thugann c\u00faram do dhaoine eile a bheith taifeadta i gcl\u00e1r na bpostv\u00f3t\u00e1laithe, chun na cr\u00edche sin, do leas\u00fa an Achta Toghch\u00e1in, 1992, agus do dh\u00e9anamh socr\u00fa i dtaobh nithe gaolmhara.<\/p>","method":"Introduced","methodURI":"https:\/\/data.oireachtas.ie\/ie\/oireachtas\/def\/bill-method\/introduced","mostRecentStage":{"event":{"chamber":{"chamberCode":"dail","showAs":"D\u00e1il \u00c9ireann","uri":"https:\/\/data.oireachtas.ie\/ie\/oireachtas\/def\/house\/dail"},"dates":[{"date":"2026-07-16"}],"house":{"chamberCode":"dail","chamberType":"house","houseCode":"dail","houseNo":"34","showAs":"34th D\u00e1il","uri":"https:\/\/data.oireachtas.ie\/ie\/oireachtas\/house\/dail\/34"},"progressStage":2,"showAs":"Second Stage","stageCompleted":false,"stageOutcome":"Current","stageURI":"https:\/\/data.oireachtas.ie\/ie\/oireachtas\/def\/bill-stage\/2","uri":"https:\/\/data.oireachtas.ie\/ie\/oireachtas\/bill\/2026\/81\/stage\/dail\/2"}},"originHouse":{"showAs":"D\u00e1il \u00c9ireann","uri":"https:\/\/data.oireachtas.ie\/ie\/oireachtas\/def\/house\/dail"},"originHouseURI":"https:\/\/data.oireachtas.ie\/ie\/oireachtas\/def\/house\/dail","relatedDocs":[{"relatedDoc":{"date":"2026-07-16","docType":"memo","formats":{"pdf":{"uri":"https:\/\/data.oireachtas.ie\/ie\/oireachtas\/bill\/2026\/81\/eng\/memo\/b8126d-memo.pdf"},"xml":null},"lang":"eng","showAs":"Explanatory Memorandum","uri":"https:\/\/data.oireachtas.ie\/ie\/oireachtas\/bill\/2026\/81\/eng\/memo"}}],"shortTitleEn":"Electoral (Postal Voting) (Carers) Bill 2026","shortTitleGa":"An Bille Toghch\u00e1in (Postv\u00f3t\u00e1il) (C\u00faram\u00f3ir\u00ed), 2026","source":"Private Member","sourceURI":"https:\/\/data.oireachtas.ie\/ie\/oireachtas\/def\/bill-source\/private-member","sponsors":[{"sponsor":{"isPrimary":true,"as":{"showAs":null,"uri":null},"by":{"showAs":"Mark Wall","uri":"https:\/\/data.oireachtas.ie\/ie\/oireachtas\/member\/id\/Mark-Wall.S.2020-03-30"}}}],"stages":[{"event":{"chamber":{"chamberCode":"dail","showAs":"D\u00e1il \u00c9ireann","uri":"https:\/\/data.oireachtas.ie\/ie\/oireachtas\/def\/house\/dail"},"dates":[{"date":"2026-07-15"},{"date":"2026-07-16"},{"date":"2026-07-16"}],"house":{"chamberCode":"dail","chamberType":"house","houseCode":"dail","houseNo":"34","showAs":"34th D\u00e1il","uri":"https:\/\/data.oireachtas.ie\/ie\/oireachtas\/house\/dail\/34"},"progressStage":1,"showAs":"First Stage","stageCompleted":true,"stageOutcome":null,"stageURI":"https:\/\/data.oireachtas.ie\/ie\/oireachtas\/def\/bill-stage\/1","uri":"https:\/\/data.oireachtas.ie\/ie\/oireachtas\/bill\/2026\/81\/stage\/dail\/1"}},{"event":{"chamber":{"chamberCode":"dail","showAs":"D\u00e1il \u00c9ireann","uri":"https:\/\/data.oireachtas.ie\/ie\/oireachtas\/def\/house\/dail"},"dates":[{"date":"2026-07-16"}],"house":{"chamberCode":"dail","chamberType":"house","houseCode":"dail","houseNo":"34","showAs":"34th D\u00e1il","uri":"https:\/\/data.oireachtas.ie\/ie\/oireachtas\/house\/dail\/34"},"progressStage":2,"showAs":"Second Stage","stageCompleted":false,"stageOutcome":"Current","stageURI":"https:\/\/data.oireachtas.ie\/ie\/oireachtas\/def\/bill-stage\/2","uri":"https:\/\/data.oireachtas.ie\/ie\/oireachtas\/bill\/2026\/81\/stage\/dail\/2"}}],"status":"Current","statusURI":"https:\/\/data.oireachtas.ie\/ie\/oireachtas\/def\/bill-status\/published","uri":"https:\/\/data.oireachtas.ie\/ie\/oireachtas\/bill\/2026\/81","versions":[{"version":{"lang":"eng","docType":"bill","showAs":"As Initiated","date":"2026-07-16","formats":{"pdf":{"uri":"https:\/\/data.oireachtas.ie\/ie\/oireachtas\/bill\/2026\/81\/eng\/initiated\/b8126d.pdf"},"xml":null},"uri":"https:\/\/data.oireachtas.ie\/ie\/oireachtas\/bill\/2026\/81\/eng\/initiated"}}]},"contextDate":"2026-07-16","billSort":{"actNoSort":null,"actShortTitleEnSort":null,"actShortTitleGaSort":null,"actYearSort":null,"billNoSort":81,"billShortTitleEnSort":"electoral-postal-voting-carers-bill-2026","billShortTitleGaSort":"an-bille-toghchain-postvotail-curamoiri-2026","billYearSort":2026}},{"bill":{"act":null,"amendmentLists":[],"billNo":"80","billType":"Public","billTypeURI":"https:\/\/data.oireachtas.ie\/ie\/oireachtas\/def\/bill-type\/public","billYear":"2026","debates":[{"chamber":{"showAs":"D\u00e1il \u00c9ireann","uri":"https:\/\/data.oireachtas.ie\/ie\/oireachtas\/def\/house\/dail"},"date":"2026-07-09","debateSectionId":"dbsect_35","showAs":"Defence (Amendment) (No. 2) Bill 2026: First Stage","uri":"https:\/\/data.oireachtas.ie\/akn\/ie\/debateRecord\/dail\/2026-07-09\/debate\/main"}],"events":[{"event":{"chamber":{"chamberCode":"dail","showAs":"D\u00e1il \u00c9ireann","uri":"https:\/\/data.oireachtas.ie\/ie\/oireachtas\/def\/house\/dail"},"dates":[{"date":"2026-06-10"},{"date":"2026-06-23"},{"date":"2026-07-09"}],"eventURI":"https:\/\/data.oireachtas.ie\/ie\/oireachtas\/def\/bill-event\/admissibility-for-introduction","showAs":"Admissibility for Introduction","uri":"https:\/\/data.oireachtas.ie\/ie\/oireachtas\/bill\/2026\/80\/admissibility-for-introduction"}}],"lastUpdated":"2026-07-10T09:56:21.350000+00:00","longTitleEn":"<p>BIll entitled an Act to prohibit U.S. military aircraft, or civil aircraft carrying munitions of war, from landing in the State.<\/p>","longTitleGa":"<p>Bille d\u00e1 ngairtear Acht do thoirmeasc ar aer\u00e1rtha\u00ed m\u00edleata de <span style=\"color:black;\">chuid S.A.M., n\u00f3 ar aer\u00e1rtha\u00ed sibhialta a bhfuil muinisin chogaidh ar iompar iontu, tuirlingt sa St\u00e1t.<\/span><\/p>","method":"Introduced","methodURI":"https:\/\/data.oireachtas.ie\/ie\/oireachtas\/def\/bill-method\/introduced","mostRecentStage":{"event":{"chamber":{"chamberCode":"dail","showAs":"D\u00e1il \u00c9ireann","uri":"https:\/\/data.oireachtas.ie\/ie\/oireachtas\/def\/house\/dail"},"dates":[{"date":"2026-07-09"}],"house":{"chamberCode":"dail","chamberType":"house","houseCode":"dail","houseNo":"34","showAs":"34th D\u00e1il","uri":"https:\/\/data.oireachtas.ie\/ie\/oireachtas\/house\/dail\/34"},"progressStage":2,"showAs":"Second Stage","stageCompleted":false,"stageOutcome":"Current","stageURI":"https:\/\/data.oireachtas.ie\/ie\/oireachtas\/def\/bill-stage\/2","uri":"https:\/\/data.oireachtas.ie\/ie\/oireachtas\/bill\/2026\/80\/stage\/dail\/2"}},"originHouse":{"showAs":"D\u00e1il \u00c9ireann","uri":"https:\/\/data.oireachtas.ie\/ie\/oireachtas\/def\/house\/dail"},"originHouseURI":"https:\/\/data.oireachtas.ie\/ie\/oireachtas\/def\/house\/dail","relatedDocs":[{"relatedDoc":{"date":"2026-07-09","docType":"memo","formats":{"pdf":{"uri":"https:\/\/data.oireachtas.ie\/ie\/oireachtas\/bill\/2026\/80\/eng\/memo\/b8026d-memo.pdf"},"xml":null},"lang":"eng","showAs":"Explanatory Memorandum","uri":"https:\/\/data.oireachtas.ie\/ie\/oireachtas\/bill\/2026\/80\/eng\/memo"}}],"shortTitleEn":"Defence (Amendment) (No. 2) Bill 2026","shortTitleGa":"An Bille Cosanta (Leas\u00fa) (Uimh. 2), 2026","source":"Private Member","sourceURI":"https:\/\/data.oireachtas.ie\/ie\/oireachtas\/def\/bill-source\/private-member","sponsors":[{"sponsor":{"isPrimary":true,"as":{"showAs":null,"uri":null},"by":{"showAs":"Paul Murphy","uri":"https:\/\/data.oireachtas.ie\/ie\/oireachtas\/member\/id\/Paul-Murphy.D.2014-10-10"}}},{"sponsor":{"isPrimary":false,"as":{"showAs":null,"uri":null},"by":{"showAs":"Richard Boyd Barrett","uri":"https:\/\/data.oireachtas.ie\/ie\/oireachtas\/member\/id\/Richard-Boyd-Barrett.D.2011-03-09"}}},{"sponsor":{"isPrimary":false,"as":{"showAs":null,"uri":null},"by":{"showAs":"Ruth Coppinger","uri":"https:\/\/data.oireachtas.ie\/ie\/oireachtas\/member\/id\/Ruth-Coppinger.D.2014-05-23"}}}],"stages":[{"event":{"chamber":{"chamberCode":"dail","showAs":"D\u00e1il \u00c9ireann","uri":"https:\/\/data.oireachtas.ie\/ie\/oireachtas\/def\/house\/dail"},"dates":[{"date":"2026-06-10"},{"date":"2026-06-23"},{"date":"2026-07-09"},{"date":"2026-07-09"}],"house":{"chamberCode":"dail","chamberType":"house","houseCode":"dail","houseNo":"34","showAs":"34th D\u00e1il","uri":"https:\/\/data.oireachtas.ie\/ie\/oireachtas\/house\/dail\/34"},"progressStage":1,"showAs":"First Stage","stageCompleted":true,"stageOutcome":null,"stageURI":"https:\/\/data.oireachtas.ie\/ie\/oireachtas\/def\/bill-stage\/1","uri":"https:\/\/data.oireachtas.ie\/ie\/oireachtas\/bill\/2026\/80\/stage\/dail\/1"}},{"event":{"chamber":{"chamberCode":"dail","showAs":"D\u00e1il \u00c9ireann","uri":"https:\/\/data.oireachtas.ie\/ie\/oireachtas\/def\/house\/dail"},"dates":[{"date":"2026-07-09"}],"house":{"chamberCode":"dail","chamberType":"house","houseCode":"dail","houseNo":"34","showAs":"34th D\u00e1il","uri":"https:\/\/data.oireachtas.ie\/ie\/oireachtas\/house\/dail\/34"},"progressStage":2,"showAs":"Second Stage","stageCompleted":false,"stageOutcome":"Current","stageURI":"https:\/\/data.oireachtas.ie\/ie\/oireachtas\/def\/bill-stage\/2","uri":"https:\/\/data.oireachtas.ie\/ie\/oireachtas\/bill\/2026\/80\/stage\/dail\/2"}}],"status":"Current","statusURI":"https:\/\/data.oireachtas.ie\/ie\/oireachtas\/def\/bill-status\/published","uri":"https:\/\/data.oireachtas.ie\/ie\/oireachtas\/bill\/2026\/80","versions":[{"version":{"lang":"eng","docType":"bill","showAs":"As Initiated","date":"2026-07-09","formats":{"pdf":{"uri":"https:\/\/data.oireachtas.ie\/ie\/oireachtas\/bill\/2026\/80\/eng\/initiated\/b8026d.pdf"},"xml":null},"uri":"https:\/\/data.oireachtas.ie\/ie\/oireachtas\/bill\/2026\/80\/eng\/initiated"}}]},"contextDate":"2026-07-09","billSort":{"actNoSort":null,"actShortTitleEnSort":null,"actShortTitleGaSort":null,"actYearSort":null,"billNoSort":80,"billShortTitleEnSort":"defence-amendment-no-2-bill-2026","billShortTitleGaSort":"an-bille-cosanta-leasu-uimh-2-2026","billYearSort":2026}},{"bill":{"act":null,"amendmentLists":[],"billNo":"79","billType":"Public","billTypeURI":"https:\/\/data.oireachtas.ie\/ie\/oireachtas\/def\/bill-type\/public","billYear":"2026","debates":[{"chamber":{"showAs":"Seanad \u00c9ireann","uri":"https:\/\/data.oireachtas.ie\/ie\/oireachtas\/def\/house\/seanad"},"date":"2026-07-08","debateSectionId":"dbsect_9","showAs":"Adult Safeguarding Strategy Bill 2026: First Stage","uri":"https:\/\/data.oireachtas.ie\/akn\/ie\/debateRecord\/seanad\/2026-07-08\/debate\/main"}],"events":[{"event":{"chamber":{"chamberCode":"seanad","showAs":"Seanad \u00c9ireann","uri":"https:\/\/data.oireachtas.ie\/ie\/oireachtas\/def\/house\/seanad"},"dates":[{"date":"2026-06-25"},{"date":"2026-07-08"}],"eventURI":"https:\/\/data.oireachtas.ie\/ie\/oireachtas\/def\/bill-event\/approved-for-initiation","showAs":"Approved for Initiation","uri":"https:\/\/data.oireachtas.ie\/ie\/oireachtas\/bill\/2026\/79\/approved-for-initiation"}}],"lastUpdated":"2026-07-09T12:35:20.380000+00:00","longTitleEn":"<p>Bill entitled an Act to require the Minister for Health to prepare periodic strategic plans for the purpose of protecting certain persons who are at risk of harm, to make certain provisions in relation to the implementation and review of such strategic plans and to provide for related matters.<\/p>","longTitleGa":"<p>Bille d\u00e1 ngairtear Acht d\u00e1 cheangal ar an Aire Sl\u00e1inte pleananna strait\u00e9iseacha tr\u00e9imhsi\u00fala a ullmh\u00fa chun daoine \u00e1irithe at\u00e1 i mbaol d\u00edobh\u00e1la a chosaint, do dh\u00e9anamh socruithe \u00e1irithe i nd\u00e1il le pleananna strait\u00e9iseacha den s\u00f3rt sin a chur i ngn\u00edomh agus a athbhreithni\u00fa agus do dh\u00e9anamh socr\u00fa i dtaobh nithe gaolmhara.<\/p>","method":"Introduced","methodURI":"https:\/\/data.oireachtas.ie\/ie\/oireachtas\/def\/bill-method\/introduced","mostRecentStage":{"event":{"chamber":{"chamberCode":"seanad","showAs":"Seanad \u00c9ireann","uri":"https:\/\/data.oireachtas.ie\/ie\/oireachtas\/def\/house\/seanad"},"dates":[{"date":"2026-07-08"}],"house":{"chamberCode":"seanad","chamberType":"house","houseCode":"seanad","houseNo":"27","showAs":"27th Seanad","uri":"https:\/\/data.oireachtas.ie\/ie\/oireachtas\/house\/seanad\/27"},"progressStage":2,"showAs":"Second Stage","stageCompleted":false,"stageOutcome":"Current","stageURI":"https:\/\/data.oireachtas.ie\/ie\/oireachtas\/def\/bill-stage\/2","uri":"https:\/\/data.oireachtas.ie\/ie\/oireachtas\/bill\/2026\/79\/stage\/seanad\/2"}},"originHouse":{"showAs":"Seanad \u00c9ireann","uri":"https:\/\/data.oireachtas.ie\/ie\/oireachtas\/def\/house\/seanad"},"originHouseURI":"https:\/\/data.oireachtas.ie\/ie\/oireachtas\/def\/house\/seanad","relatedDocs":[],"shortTitleEn":"Adult Safeguarding Strategy Bill 2026","shortTitleGa":"An Bille f\u00e1 Strait\u00e9is um Choimirci\u00fa Aosach, 2026","source":"Private Member","sourceURI":"https:\/\/data.oireachtas.ie\/ie\/oireachtas\/def\/bill-source\/private-member","sponsors":[{"sponsor":{"isPrimary":true,"as":{"showAs":null,"uri":null},"by":{"showAs":"Tom Clonan","uri":"https:\/\/data.oireachtas.ie\/ie\/oireachtas\/member\/id\/Tom-Clonan.S.2022-04-04"}}},{"sponsor":{"isPrimary":false,"as":{"showAs":null,"uri":null},"by":{"showAs":"Michael McDowell","uri":"https:\/\/data.oireachtas.ie\/ie\/oireachtas\/member\/id\/Michael-McDowell.D.1987-03-10"}}},{"sponsor":{"isPrimary":false,"as":{"showAs":null,"uri":null},"by":{"showAs":"Aubrey McCarthy","uri":"https:\/\/data.oireachtas.ie\/ie\/oireachtas\/member\/id\/Aubrey-McCarthy.S.2025-01-29"}}},{"sponsor":{"isPrimary":false,"as":{"showAs":null,"uri":null},"by":{"showAs":"Joe Conway","uri":"https:\/\/data.oireachtas.ie\/ie\/oireachtas\/member\/id\/Joe-Conway.S.2025-01-29"}}},{"sponsor":{"isPrimary":false,"as":{"showAs":null,"uri":null},"by":{"showAs":"Victor Boyhan","uri":"https:\/\/data.oireachtas.ie\/ie\/oireachtas\/member\/id\/Victor-Boyhan.S.2016-04-25"}}},{"sponsor":{"isPrimary":false,"as":{"showAs":null,"uri":null},"by":{"showAs":"Gerard P. Craughwell","uri":"https:\/\/data.oireachtas.ie\/ie\/oireachtas\/member\/id\/Gerard-P-Craughwell.S.2014-10-10"}}},{"sponsor":{"isPrimary":false,"as":{"showAs":null,"uri":null},"by":{"showAs":"R\u00f3n\u00e1n Mullen","uri":"https:\/\/data.oireachtas.ie\/ie\/oireachtas\/member\/id\/R\u00f3n\u00e1n-Mullen.S.2007-07-23"}}},{"sponsor":{"isPrimary":false,"as":{"showAs":null,"uri":null},"by":{"showAs":"Sarah O'Reilly","uri":"https:\/\/data.oireachtas.ie\/ie\/oireachtas\/member\/id\/Sarah-O'Reilly.S.2025-01-29"}}},{"sponsor":{"isPrimary":false,"as":{"showAs":null,"uri":null},"by":{"showAs":"Chris Andrews","uri":"https:\/\/data.oireachtas.ie\/ie\/oireachtas\/member\/id\/Chris-Andrews.D.2007-06-14"}}},{"sponsor":{"isPrimary":false,"as":{"showAs":null,"uri":null},"by":{"showAs":"Conor Murphy","uri":"https:\/\/data.oireachtas.ie\/ie\/oireachtas\/member\/id\/Conor-Murphy.S.2025-01-29"}}},{"sponsor":{"isPrimary":false,"as":{"showAs":null,"uri":null},"by":{"showAs":"Pauline Tully","uri":"https:\/\/data.oireachtas.ie\/ie\/oireachtas\/member\/id\/Pauline-Tully.D.2020-02-08"}}},{"sponsor":{"isPrimary":false,"as":{"showAs":null,"uri":null},"by":{"showAs":"Joanne Collins","uri":"https:\/\/data.oireachtas.ie\/ie\/oireachtas\/member\/id\/Joanne-Collins.S.2025-01-29"}}},{"sponsor":{"isPrimary":false,"as":{"showAs":null,"uri":null},"by":{"showAs":"Maria McCormack","uri":"https:\/\/data.oireachtas.ie\/ie\/oireachtas\/member\/id\/Maria-McCormack.S.2025-01-29"}}},{"sponsor":{"isPrimary":false,"as":{"showAs":null,"uri":null},"by":{"showAs":"Patricia Stephenson","uri":"https:\/\/data.oireachtas.ie\/ie\/oireachtas\/member\/id\/Patricia-Stephenson.S.2025-01-29"}}},{"sponsor":{"isPrimary":false,"as":{"showAs":null,"uri":null},"by":{"showAs":"Laura Harmon","uri":"https:\/\/data.oireachtas.ie\/ie\/oireachtas\/member\/id\/Laura-Harmon.S.2025-01-29"}}},{"sponsor":{"isPrimary":false,"as":{"showAs":null,"uri":null},"by":{"showAs":"Nessa Cosgrove","uri":"https:\/\/data.oireachtas.ie\/ie\/oireachtas\/member\/id\/Nessa-Cosgrove.S.2025-01-29"}}},{"sponsor":{"isPrimary":false,"as":{"showAs":null,"uri":null},"by":{"showAs":"Alice-Mary Higgins","uri":"https:\/\/data.oireachtas.ie\/ie\/oireachtas\/member\/id\/Alice-Mary-Higgins.S.2016-04-25"}}},{"sponsor":{"isPrimary":false,"as":{"showAs":null,"uri":null},"by":{"showAs":"Frances Black","uri":"https:\/\/data.oireachtas.ie\/ie\/oireachtas\/member\/id\/Frances-Black.S.2016-04-25"}}},{"sponsor":{"isPrimary":false,"as":{"showAs":null,"uri":null},"by":{"showAs":"Lynn Ruane","uri":"https:\/\/data.oireachtas.ie\/ie\/oireachtas\/member\/id\/Lynn-Ruane.S.2016-04-25"}}},{"sponsor":{"isPrimary":false,"as":{"showAs":null,"uri":null},"by":{"showAs":"Malcolm Noonan","uri":"https:\/\/data.oireachtas.ie\/ie\/oireachtas\/member\/id\/Malcolm-Noonan.D.2020-02-08"}}},{"sponsor":{"isPrimary":false,"as":{"showAs":null,"uri":null},"by":{"showAs":"Sharon Keogan","uri":"https:\/\/data.oireachtas.ie\/ie\/oireachtas\/member\/id\/Sharon-Keogan.S.2020-03-30"}}}],"stages":[{"event":{"chamber":{"chamberCode":"seanad","showAs":"Seanad \u00c9ireann","uri":"https:\/\/data.oireachtas.ie\/ie\/oireachtas\/def\/house\/seanad"},"dates":[{"date":"2026-06-25"},{"date":"2026-07-08"},{"date":"2026-07-08"}],"house":{"chamberCode":"seanad","chamberType":"house","houseCode":"seanad","houseNo":"27","showAs":"27th Seanad","uri":"https:\/\/data.oireachtas.ie\/ie\/oireachtas\/house\/seanad\/27"},"progressStage":1,"showAs":"First Stage","stageCompleted":true,"stageOutcome":null,"stageURI":"https:\/\/data.oireachtas.ie\/ie\/oireachtas\/def\/bill-stage\/1","uri":"https:\/\/data.oireachtas.ie\/ie\/oireachtas\/bill\/2026\/79\/stage\/seanad\/1"}},{"event":{"chamber":{"chamberCode":"seanad","showAs":"Seanad \u00c9ireann","uri":"https:\/\/data.oireachtas.ie\/ie\/oireachtas\/def\/house\/seanad"},"dates":[{"date":"2026-07-08"}],"house":{"chamberCode":"seanad","chamberType":"house","houseCode":"seanad","houseNo":"27","showAs":"27th Seanad","uri":"https:\/\/data.oireachtas.ie\/ie\/oireachtas\/house\/seanad\/27"},"progressStage":2,"showAs":"Second Stage","stageCompleted":false,"stageOutcome":"Current","stageURI":"https:\/\/data.oireachtas.ie\/ie\/oireachtas\/def\/bill-stage\/2","uri":"https:\/\/data.oireachtas.ie\/ie\/oireachtas\/bill\/2026\/79\/stage\/seanad\/2"}}],"status":"Current","statusURI":"https:\/\/data.oireachtas.ie\/ie\/oireachtas\/def\/bill-status\/published","uri":"https:\/\/data.oireachtas.ie\/ie\/oireachtas\/bill\/2026\/79","versions":[{"version":{"lang":"eng","docType":"bill","showAs":"As Initiated","date":"2026-07-08","formats":{"pdf":{"uri":"https:\/\/data.oireachtas.ie\/ie\/oireachtas\/bill\/2026\/79\/eng\/initiated\/b7926s.pdf"},"xml":null},"uri":"https:\/\/data.oireachtas.ie\/ie\/oireachtas\/bill\/2026\/79\/eng\/initiated"}}]},"contextDate":"2026-07-08","billSort":{"actNoSort":null,"actShortTitleEnSort":null,"actShortTitleGaSort":null,"actYearSort":null,"billNoSort":79,"billShortTitleEnSort":"adult-safeguarding-strategy-bill-2026","billShortTitleGaSort":"an-bille-fa-straiteis-um-choimirciu-aosach-2026","billYearSort":2026}},{"bill":{"act":null,"amendmentLists":[],"billNo":"78","billType":"Public","billTypeURI":"https:\/\/data.oireachtas.ie\/ie\/oireachtas\/def\/bill-type\/public","billYear":"2026","debates":[{"chamber":{"showAs":"D\u00e1il \u00c9ireann","uri":"https:\/\/data.oireachtas.ie\/ie\/oireachtas\/def\/house\/dail"},"date":"2026-07-02","debateSectionId":"dbsect_33","showAs":"Prevention of Energy Wastage Bill 2026: First Stage","uri":"https:\/\/data.oireachtas.ie\/akn\/ie\/debateRecord\/dail\/2026-07-02\/debate\/main"}],"events":[{"event":{"chamber":{"chamberCode":"dail","showAs":"D\u00e1il \u00c9ireann","uri":"https:\/\/data.oireachtas.ie\/ie\/oireachtas\/def\/house\/dail"},"dates":[{"date":"2026-05-21"},{"date":"2026-06-04"},{"date":"2026-07-02"}],"eventURI":"https:\/\/data.oireachtas.ie\/ie\/oireachtas\/def\/bill-event\/admissibility-for-introduction","showAs":"Admissibility for Introduction","uri":"https:\/\/data.oireachtas.ie\/ie\/oireachtas\/bill\/2026\/78\/admissibility-for-introduction"}}],"lastUpdated":"2026-07-03T10:03:31.250000+00:00","longTitleEn":"<p>Bill entitled an Act to amend the Climate Action and Low Carbon Development (Amendment) Act 2021 to provide for the utilisation of curtailed and constrained\u00a0renewable electricity in order to support the achievement of the national climate objective and carbon budgets, to advance a just transition, and to reduce energy poverty by facilitating access to lower\u2011cost renewable electricity for eligible electricity customers; and to provide for related matters.<\/p>","longTitleGa":"<p>Bille d\u00e1 ngairtear Acht do leas\u00fa an Achta um Ghn\u00edomh\u00fa Aer\u00e1ide agus um Fhorbairt \u00cdsealcharb\u00f3in (Leas\u00fa), 2021 chun socr\u00fa a dh\u00e9anamh maidir le leictreachas inathnuaite at\u00e1 ciorraithe agus srianta a \u00fas\u00e1id chun tac\u00fa leis an gcusp\u00f3ir n\u00e1isi\u00fanta aer\u00e1ide agus leis na buis\u00e9id i leith carb\u00f3in a bhaint amach, chun aistri\u00fa c\u00f3ir a chur chun cinn, agus chun bochtaineacht fuinnimh a laghd\u00fa tr\u00ed rochtain ar leictreachas inathnuaite ar chostas n\u00edos \u00edsle a \u00e9asc\u00fa do thomhalt\u00f3ir\u00ed leictreachais inch\u00e1ilithe; agus do dh\u00e9anamh socr\u00fa i dtaobh nithe gaolmhara.<\/p>","method":"Introduced","methodURI":"https:\/\/data.oireachtas.ie\/ie\/oireachtas\/def\/bill-method\/introduced","mostRecentStage":{"event":{"chamber":{"chamberCode":"dail","showAs":"D\u00e1il \u00c9ireann","uri":"https:\/\/data.oireachtas.ie\/ie\/oireachtas\/def\/house\/dail"},"dates":[{"date":"2026-07-02"}],"house":{"chamberCode":"dail","chamberType":"house","houseCode":"dail","houseNo":"34","showAs":"34th D\u00e1il","uri":"https:\/\/data.oireachtas.ie\/ie\/oireachtas\/house\/dail\/34"},"progressStage":2,"showAs":"Second Stage","stageCompleted":false,"stageOutcome":"Current","stageURI":"https:\/\/data.oireachtas.ie\/ie\/oireachtas\/def\/bill-stage\/2","uri":"https:\/\/data.oireachtas.ie\/ie\/oireachtas\/bill\/2026\/78\/stage\/dail\/2"}},"originHouse":{"showAs":"D\u00e1il \u00c9ireann","uri":"https:\/\/data.oireachtas.ie\/ie\/oireachtas\/def\/house\/dail"},"originHouseURI":"https:\/\/data.oireachtas.ie\/ie\/oireachtas\/def\/house\/dail","relatedDocs":[{"relatedDoc":{"date":"2026-07-02","docType":"memo","formats":{"pdf":{"uri":"https:\/\/data.oireachtas.ie\/ie\/oireachtas\/bill\/2026\/78\/eng\/memo\/b7826d-memo.pdf"},"xml":null},"lang":"eng","showAs":"Explanatory Memorandum","uri":"https:\/\/data.oireachtas.ie\/ie\/oireachtas\/bill\/2026\/78\/eng\/memo"}}],"shortTitleEn":"Prevention of Energy Wastage Bill 2026","shortTitleGa":"An Bille um Dhiomailt Fuinnimh a Chosc, 2026","source":"Private Member","sourceURI":"https:\/\/data.oireachtas.ie\/ie\/oireachtas\/def\/bill-source\/private-member","sponsors":[{"sponsor":{"isPrimary":true,"as":{"showAs":null,"uri":null},"by":{"showAs":"Jennifer Whitmore","uri":"https:\/\/data.oireachtas.ie\/ie\/oireachtas\/member\/id\/Jennifer-Whitmore.D.2020-02-08"}}}],"stages":[{"event":{"chamber":{"chamberCode":"dail","showAs":"D\u00e1il \u00c9ireann","uri":"https:\/\/data.oireachtas.ie\/ie\/oireachtas\/def\/house\/dail"},"dates":[{"date":"2026-05-21"},{"date":"2026-06-04"},{"date":"2026-07-02"},{"date":"2026-07-02"}],"house":{"chamberCode":"dail","chamberType":"house","houseCode":"dail","houseNo":"34","showAs":"34th D\u00e1il","uri":"https:\/\/data.oireachtas.ie\/ie\/oireachtas\/house\/dail\/34"},"progressStage":1,"showAs":"First Stage","stageCompleted":true,"stageOutcome":null,"stageURI":"https:\/\/data.oireachtas.ie\/ie\/oireachtas\/def\/bill-stage\/1","uri":"https:\/\/data.oireachtas.ie\/ie\/oireachtas\/bill\/2026\/78\/stage\/dail\/1"}},{"event":{"chamber":{"chamberCode":"dail","showAs":"D\u00e1il \u00c9ireann","uri":"https:\/\/data.oireachtas.ie\/ie\/oireachtas\/def\/house\/dail"},"dates":[{"date":"2026-07-02"}],"house":{"chamberCode":"dail","chamberType":"house","houseCode":"dail","houseNo":"34","showAs":"34th D\u00e1il","uri":"https:\/\/data.oireachtas.ie\/ie\/oireachtas\/house\/dail\/34"},"progressStage":2,"showAs":"Second Stage","stageCompleted":false,"stageOutcome":"Current","stageURI":"https:\/\/data.oireachtas.ie\/ie\/oireachtas\/def\/bill-stage\/2","uri":"https:\/\/data.oireachtas.ie\/ie\/oireachtas\/bill\/2026\/78\/stage\/dail\/2"}}],"status":"Current","statusURI":"https:\/\/data.oireachtas.ie\/ie\/oireachtas\/def\/bill-status\/published","uri":"https:\/\/data.oireachtas.ie\/ie\/oireachtas\/bill\/2026\/78","versions":[{"version":{"lang":"eng","docType":"bill","showAs":"As Initiated","date":"2026-07-02","formats":{"pdf":{"uri":"https:\/\/data.oireachtas.ie\/ie\/oireachtas\/bill\/2026\/78\/eng\/initiated\/b7826d.pdf"},"xml":null},"uri":"https:\/\/data.oireachtas.ie\/ie\/oireachtas\/bill\/2026\/78\/eng\/initiated"}}]},"contextDate":"2026-07-02","billSort":{"actNoSort":null,"actShortTitleEnSort":null,"actShortTitleGaSort":null,"actYearSort":null,"billNoSort":78,"billShortTitleEnSort":"prevention-of-energy-wastage-bill-2026","billShortTitleGaSort":"an-bille-um-dhiomailt-fuinnimh-a-chosc-2026","billYearSort":2026}},{"bill":{"act":null,"amendmentLists":[],"billNo":"77","billType":"Public","billTypeURI":"https:\/\/data.oireachtas.ie\/ie\/oireachtas\/def\/bill-type\/public","billYear":"2026","debates":[{"chamber":{"showAs":"Seanad \u00c9ireann","uri":"https:\/\/data.oireachtas.ie\/ie\/oireachtas\/def\/house\/seanad"},"date":"2026-07-08","debateSectionId":"dbsect_19","showAs":"Protection of Children (Online Age Verification) Bill 2026: Second Stage","uri":"https:\/\/data.oireachtas.ie\/akn\/ie\/debateRecord\/seanad\/2026-07-08\/debate\/main"},{"chamber":{"showAs":"Seanad \u00c9ireann","uri":"https:\/\/data.oireachtas.ie\/ie\/oireachtas\/def\/house\/seanad"},"date":"2026-07-02","debateSectionId":"dbsect_9","showAs":"Protection of Children (Online Age Verification) Bill 2026: First Stage","uri":"https:\/\/data.oireachtas.ie\/akn\/ie\/debateRecord\/seanad\/2026-07-02\/debate\/main"}],"events":[{"event":{"chamber":{"chamberCode":"seanad","showAs":"Seanad \u00c9ireann","uri":"https:\/\/data.oireachtas.ie\/ie\/oireachtas\/def\/house\/seanad"},"dates":[{"date":"2026-07-02"}],"eventURI":"https:\/\/data.oireachtas.ie\/ie\/oireachtas\/def\/bill-event\/published","showAs":"Published","uri":"https:\/\/data.oireachtas.ie\/ie\/oireachtas\/bill\/2026\/77\/published"}}],"lastUpdated":"2026-07-09T13:07:03.040000+00:00","longTitleEn":"<p>Bill entitled an Act, in the interest of child protection, to require that access to pornographic content on the internet be subject to an age-verification requirement and to provide for related matters.<\/p>","longTitleGa":"<p>Bille d\u00e1 ngairtear Acht, ar mhaithe le cosaint leana\u00ed, d\u00e1 cheangal go mbeidh rochtain ar \u00e1bhar pornagrafach ar an idirl\u00edon faoi r\u00e9ir ceanglas f\u00edoraithe aoise agus do dh\u00e9anamh socr\u00fa i dtaobh nithe gaolmhara.<\/p>","method":"Introduced","methodURI":"https:\/\/data.oireachtas.ie\/ie\/oireachtas\/def\/bill-method\/introduced","mostRecentStage":{"event":{"chamber":{"chamberCode":"seanad","showAs":"Seanad \u00c9ireann","uri":"https:\/\/data.oireachtas.ie\/ie\/oireachtas\/def\/house\/seanad"},"dates":[{"date":"2026-07-08"}],"house":{"chamberCode":"seanad","chamberType":"house","houseCode":"seanad","houseNo":"27","showAs":"27th Seanad","uri":"https:\/\/data.oireachtas.ie\/ie\/oireachtas\/house\/seanad\/27"},"progressStage":3,"showAs":"Committee Stage","stageCompleted":false,"stageOutcome":"Current","stageURI":"https:\/\/data.oireachtas.ie\/ie\/oireachtas\/def\/bill-stage\/3","uri":"https:\/\/data.oireachtas.ie\/ie\/oireachtas\/bill\/2026\/77\/stage\/seanad\/3"}},"originHouse":{"showAs":"Seanad \u00c9ireann","uri":"https:\/\/data.oireachtas.ie\/ie\/oireachtas\/def\/house\/seanad"},"originHouseURI":"https:\/\/data.oireachtas.ie\/ie\/oireachtas\/def\/house\/seanad","relatedDocs":[],"shortTitleEn":"Protection of Children (Online Age Verification) Bill 2026","shortTitleGa":"An Bille um Chosaint Leana\u00ed (F\u00edor\u00fa Aoise ar L\u00edne), 2026","source":"Private Member","sourceURI":"https:\/\/data.oireachtas.ie\/ie\/oireachtas\/def\/bill-source\/private-member","sponsors":[{"sponsor":{"isPrimary":true,"as":{"showAs":null,"uri":null},"by":{"showAs":"R\u00f3n\u00e1n Mullen","uri":"https:\/\/data.oireachtas.ie\/ie\/oireachtas\/member\/id\/R\u00f3n\u00e1n-Mullen.S.2007-07-23"}}},{"sponsor":{"isPrimary":false,"as":{"showAs":null,"uri":null},"by":{"showAs":"Sharon Keogan","uri":"https:\/\/data.oireachtas.ie\/ie\/oireachtas\/member\/id\/Sharon-Keogan.S.2020-03-30"}}},{"sponsor":{"isPrimary":false,"as":{"showAs":null,"uri":null},"by":{"showAs":"Aubrey McCarthy","uri":"https:\/\/data.oireachtas.ie\/ie\/oireachtas\/member\/id\/Aubrey-McCarthy.S.2025-01-29"}}},{"sponsor":{"isPrimary":false,"as":{"showAs":null,"uri":null},"by":{"showAs":"Michael McDowell","uri":"https:\/\/data.oireachtas.ie\/ie\/oireachtas\/member\/id\/Michael-McDowell.D.1987-03-10"}}},{"sponsor":{"isPrimary":false,"as":{"showAs":null,"uri":null},"by":{"showAs":"Gerard P. Craughwell","uri":"https:\/\/data.oireachtas.ie\/ie\/oireachtas\/member\/id\/Gerard-P-Craughwell.S.2014-10-10"}}},{"sponsor":{"isPrimary":false,"as":{"showAs":null,"uri":null},"by":{"showAs":"Joe Conway","uri":"https:\/\/data.oireachtas.ie\/ie\/oireachtas\/member\/id\/Joe-Conway.S.2025-01-29"}}},{"sponsor":{"isPrimary":false,"as":{"showAs":null,"uri":null},"by":{"showAs":"Aidan Davitt","uri":"https:\/\/data.oireachtas.ie\/ie\/oireachtas\/member\/id\/Aidan-Davitt.S.2016-04-25"}}},{"sponsor":{"isPrimary":false,"as":{"showAs":null,"uri":null},"by":{"showAs":"Diarmuid Wilson","uri":"https:\/\/data.oireachtas.ie\/ie\/oireachtas\/member\/id\/Diarmuid-Wilson.S.2002-09-12"}}},{"sponsor":{"isPrimary":false,"as":{"showAs":null,"uri":null},"by":{"showAs":"Sarah O'Reilly","uri":"https:\/\/data.oireachtas.ie\/ie\/oireachtas\/member\/id\/Sarah-O'Reilly.S.2025-01-29"}}}],"stages":[{"event":{"chamber":{"chamberCode":"seanad","showAs":"Seanad \u00c9ireann","uri":"https:\/\/data.oireachtas.ie\/ie\/oireachtas\/def\/house\/seanad"},"dates":[{"date":"2026-07-02"},{"date":"2026-07-02"}],"house":{"chamberCode":"seanad","chamberType":"house","houseCode":"seanad","houseNo":"27","showAs":"27th Seanad","uri":"https:\/\/data.oireachtas.ie\/ie\/oireachtas\/house\/seanad\/27"},"progressStage":1,"showAs":"First Stage","stageCompleted":true,"stageOutcome":null,"stageURI":"https:\/\/data.oireachtas.ie\/ie\/oireachtas\/def\/bill-stage\/1","uri":"https:\/\/data.oireachtas.ie\/ie\/oireachtas\/bill\/2026\/77\/stage\/seanad\/1"}},{"event":{"chamber":{"chamberCode":"seanad","showAs":"Seanad \u00c9ireann","uri":"https:\/\/data.oireachtas.ie\/ie\/oireachtas\/def\/house\/seanad"},"dates":[{"date":"2026-07-02"}],"house":{"chamberCode":"seanad","chamberType":"house","houseCode":"seanad","houseNo":"27","showAs":"27th Seanad","uri":"https:\/\/data.oireachtas.ie\/ie\/oireachtas\/house\/seanad\/27"},"progressStage":2,"showAs":"Second Stage","stageCompleted":true,"stageOutcome":null,"stageURI":"https:\/\/data.oireachtas.ie\/ie\/oireachtas\/def\/bill-stage\/2","uri":"https:\/\/data.oireachtas.ie\/ie\/oireachtas\/bill\/2026\/77\/stage\/seanad\/2"}},{"event":{"chamber":{"chamberCode":"seanad","showAs":"Seanad \u00c9ireann","uri":"https:\/\/data.oireachtas.ie\/ie\/oireachtas\/def\/house\/seanad"},"dates":[{"date":"2026-07-08"}],"house":{"chamberCode":"seanad","chamberType":"house","houseCode":"seanad","houseNo":"27","showAs":"27th Seanad","uri":"https:\/\/data.oireachtas.ie\/ie\/oireachtas\/house\/seanad\/27"},"progressStage":3,"showAs":"Committee Stage","stageCompleted":false,"stageOutcome":"Current","stageURI":"https:\/\/data.oireachtas.ie\/ie\/oireachtas\/def\/bill-stage\/3","uri":"https:\/\/data.oireachtas.ie\/ie\/oireachtas\/bill\/2026\/77\/stage\/seanad\/3"}}],"status":"Current","statusURI":"https:\/\/data.oireachtas.ie\/ie\/oireachtas\/def\/bill-status\/published","uri":"https:\/\/data.oireachtas.ie\/ie\/oireachtas\/bill\/2026\/77","versions":[{"version":{"lang":"eng","docType":"bill","showAs":"As Initiated","date":"2026-07-02","formats":{"pdf":{"uri":"https:\/\/data.oireachtas.ie\/ie\/oireachtas\/bill\/2026\/77\/eng\/initiated\/b7726s.pdf"},"xml":null},"uri":"https:\/\/data.oireachtas.ie\/ie\/oireachtas\/bill\/2026\/77\/eng\/initiated"}}]},"contextDate":"2026-07-08","billSort":{"actNoSort":null,"actShortTitleEnSort":null,"actShortTitleGaSort":null,"actYearSort":null,"billNoSort":77,"billShortTitleEnSort":"protection-of-children-online-age-verification-bill-2026","billShortTitleGaSort":"an-bille-um-chosaint-leanai-fioru-aoise-ar-line-2026","billYearSort":2026}},{"bill":{"act":null,"amendmentLists":[],"billNo":"76","billType":"Public","billTypeURI":"https:\/\/data.oireachtas.ie\/ie\/oireachtas\/def\/bill-type\/public","billYear":"2026","debates":[],"events":[{"event":{"chamber":{"chamberCode":"dail","showAs":"D\u00e1il \u00c9ireann","uri":"https:\/\/data.oireachtas.ie\/ie\/oireachtas\/def\/house\/dail"},"dates":[{"date":"2026-07-01"}],"eventURI":"https:\/\/data.oireachtas.ie\/ie\/oireachtas\/def\/bill-event\/published","showAs":"Published","uri":"https:\/\/data.oireachtas.ie\/ie\/oireachtas\/bill\/2026\/76\/published"}}],"lastUpdated":"2026-07-01T08:49:44.150000+00:00","longTitleEn":"<p>Bill entitled an Act to give further effect to Directive (EU) 2024\/1069 of the European Parliament and of the Council of 11 April 2024 on protecting persons who engage in public participation from manifestly unfounded claims or abusive court proceedings (\u2018Strategic lawsuits against public participation\u2019); to apply the provisions to domestic cases; for those purposes to amend the Defamation Act 2009 ; to repeal sections 19 and 20 of the Defamation (Amendment) Act 2026 ; and to provide for related matters.<\/p>","longTitleGa":"<p>Bille d\u00e1 ngairtear Acht do thabhairt tuilleadh \u00e9ifeachta do Threoir (AE) 2024\/1069 \u00f3 Pharlaimint na hEorpa agus \u00f3n gComhairle an 11 Aibre\u00e1n 2024 maidir le daoine a bh\u00edonn ag gabh\u00e1il do rannph\u00e1irt\u00edocht phoibl\u00ed a chosaint ar \u00e9ilimh at\u00e1 go follasach gan bhun\u00fas n\u00f3 ar imeachta\u00ed c\u00fairte m\u00ed-\u00fas\u00e1ideacha (\u2018C\u00e1sanna dl\u00ed strait\u00e9iseacha i gcoinne na rannph\u00e1irt\u00edochta poibl\u00ed\u2019); do chur na bhfor\u00e1lacha chun feidhme maidir le c\u00e1sanna int\u00edre; chun na gcr\u00edoch sin, do leas\u00fa an Achta um Chl\u00famhilleadh, 2009; d\u2019aisghairm ailt 19 agus 20 den Acht um Chl\u00famhilleadh (Leas\u00fa), 2026; agus do dh\u00e9anamh socr\u00fa i dtaobh nithe gaolmhara.<\/p>","method":"Presented","methodURI":"https:\/\/data.oireachtas.ie\/ie\/oireachtas\/def\/bill-method\/presented","mostRecentStage":{"event":{"chamber":{"chamberCode":"dail","showAs":"D\u00e1il \u00c9ireann","uri":"https:\/\/data.oireachtas.ie\/ie\/oireachtas\/def\/house\/dail"},"dates":[{"date":"2026-07-01"},{"date":"2026-07-01"}],"house":{"chamberCode":"dail","chamberType":"house","houseCode":"dail","houseNo":"34","showAs":"34th D\u00e1il","uri":"https:\/\/data.oireachtas.ie\/ie\/oireachtas\/house\/dail\/34"},"progressStage":1,"showAs":"First Stage","stageCompleted":true,"stageOutcome":null,"stageURI":"https:\/\/data.oireachtas.ie\/ie\/oireachtas\/def\/bill-stage\/1","uri":"https:\/\/data.oireachtas.ie\/ie\/oireachtas\/bill\/2026\/76\/stage\/dail\/1"}},"originHouse":{"showAs":"D\u00e1il \u00c9ireann","uri":"https:\/\/data.oireachtas.ie\/ie\/oireachtas\/def\/house\/dail"},"originHouseURI":"https:\/\/data.oireachtas.ie\/ie\/oireachtas\/def\/house\/dail","relatedDocs":[{"relatedDoc":{"date":"2026-07-01","docType":"memo","formats":{"pdf":{"uri":"https:\/\/data.oireachtas.ie\/ie\/oireachtas\/bill\/2026\/76\/eng\/memo\/b7626d-memo.pdf"},"xml":null},"lang":"eng","showAs":"Explanatory Memorandum","uri":"https:\/\/data.oireachtas.ie\/ie\/oireachtas\/bill\/2026\/76\/eng\/memo"}}],"shortTitleEn":"Strategic Lawsuits against Public Participation Bill 2026","shortTitleGa":"An Bille um Ch\u00e1sanna Dl\u00ed Strait\u00e9iseacha i gcoinne na Rannph\u00e1irt\u00edochta Poibl\u00ed, 2026","source":"Government","sourceURI":"https:\/\/data.oireachtas.ie\/ie\/oireachtas\/def\/bill-source\/government","sponsors":[{"sponsor":{"isPrimary":true,"as":{"showAs":"Minister for Justice, Home Affairs and Migration","uri":null},"by":{"showAs":null,"uri":null}}}],"stages":[{"event":{"chamber":{"chamberCode":"dail","showAs":"D\u00e1il \u00c9ireann","uri":"https:\/\/data.oireachtas.ie\/ie\/oireachtas\/def\/house\/dail"},"dates":[{"date":"2026-07-01"},{"date":"2026-07-01"}],"house":{"chamberCode":"dail","chamberType":"house","houseCode":"dail","houseNo":"34","showAs":"34th D\u00e1il","uri":"https:\/\/data.oireachtas.ie\/ie\/oireachtas\/house\/dail\/34"},"progressStage":1,"showAs":"First Stage","stageCompleted":true,"stageOutcome":null,"stageURI":"https:\/\/data.oireachtas.ie\/ie\/oireachtas\/def\/bill-stage\/1","uri":"https:\/\/data.oireachtas.ie\/ie\/oireachtas\/bill\/2026\/76\/stage\/dail\/1"}}],"status":"Current","statusURI":"https:\/\/data.oireachtas.ie\/ie\/oireachtas\/def\/bill-status\/published","uri":"https:\/\/data.oireachtas.ie\/ie\/oireachtas\/bill\/2026\/76","versions":[{"version":{"lang":"eng","docType":"bill","showAs":"As Initiated","date":"2026-07-01","formats":{"pdf":{"uri":"https:\/\/data.oireachtas.ie\/ie\/oireachtas\/bill\/2026\/76\/eng\/initiated\/b7626d.pdf"},"xml":null},"uri":"https:\/\/data.oireachtas.ie\/ie\/oireachtas\/bill\/2026\/76\/eng\/initiated"}}]},"contextDate":"2026-07-01","billSort":{"actNoSort":null,"actShortTitleEnSort":null,"actShortTitleGaSort":null,"actYearSort":null,"billNoSort":76,"billShortTitleEnSort":"strategic-lawsuits-against-public-participation-bill-2026","billShortTitleGaSort":"an-bille-um-chasanna-dli-straiteiseacha-i-gcoinne-na-rannphairtiochta-poibli-2026","billYearSort":2026}},{"bill":{"act":{"actNo":"27","actYear":"2026","dateSigned":"2026-07-20","longTitleEn":"<p>Act to amend the Planning and Development Act 2024, the Planning and Development (Amendment) Act 2025 and the Planning and Development Act 2000, and, in that connection, to amend certain other enactments; to amend the Housing Finance Agency Act 1981 for the purpose of increasing the borrowing limit of the Housing Finance Agency; and to provide for matters connected therewith.<\/p>","longTitleGa":"<p>Acht do leas\u00fa an Achta um Plean\u00e1il agus Forbairt, 2024, an Achta um Plean\u00e1il agus Forbairt (Leas\u00fa), 2025 agus an Achta um Plean\u00e1il agus Forbairt, 2000, agus, i dtaca leis sin, do leas\u00fa achtach\u00e1in \u00e1irithe eile; do leas\u00fa an Achta um Ghn\u00edomhaireacht Airgeadais do Thithe, 1981 chun m\u00e9ad\u00fa a dh\u00e9anamh ar theorainn na n-iasachta\u00ed a fh\u00e9adfaidh an Ghn\u00edomhaireacht Airgeadais do Thithe a fh\u00e1il; agus do dh\u00e9anamh socr\u00fa i dtaobh nithe a bhaineann leis an m\u00e9id sin.<\/p>","shortTitleEn":"Planning and Development (Amendment) Act 2026","shortTitleGa":"An tAcht  um Plean\u00e1il agus Forbairt (Leas\u00fa), 2026","statutebookURI":"http:\/\/www.irishstatutebook.ie\/eli\/2026\/act\/27","uri":"https:\/\/data.oireachtas.ie\/ie\/oireachtas\/act\/2026\/27"},"amendmentLists":[{"amendmentList":{"amendmentTypeUri":{"uri":"https:\/\/data.oireachtas.ie\/ie\/oireachtas\/def\/amendment-type\/numberedList"},"chamber":{"showAs":"Seanad","uri":"https:\/\/data.oireachtas.ie\/ie\/oireachtas\/def\/seanad"},"date":"2026-07-14","formats":{"pdf":{"uri":"https:\/\/data.oireachtas.ie\/ie\/oireachtas\/bill\/2026\/75\/seanad\/3\/amendment\/numberedList\/eng\/b7526d-nl.pdf"},"xml":null},"showAs":"Numbered List [Seanad]","stage":{"showAs":"Committee Stage","uri":"https:\/\/data.oireachtas.ie\/ie\/oireachtas\/bill\/2026\/75\/seanad\/3"},"stageNo":"3"}},{"amendmentList":{"amendmentTypeUri":{"uri":"https:\/\/data.oireachtas.ie\/ie\/oireachtas\/def\/amendment-type\/numberedList"},"chamber":{"showAs":"Dail","uri":"https:\/\/data.oireachtas.ie\/ie\/oireachtas\/def\/dail"},"date":"2026-07-07","formats":{"pdf":{"uri":"https:\/\/data.oireachtas.ie\/ie\/oireachtas\/bill\/2026\/75\/dail\/3\/amendment\/numberedList\/eng\/b7526d-dcnl.pdf"},"xml":null},"showAs":"Numbered List [D\u00e1il]","stage":{"showAs":"Committee Stage","uri":"https:\/\/data.oireachtas.ie\/ie\/oireachtas\/bill\/2026\/75\/dail\/3"},"stageNo":"3"}}],"billNo":"75","billType":"Public","billTypeURI":"https:\/\/data.oireachtas.ie\/ie\/oireachtas\/def\/bill-type\/public","billYear":"2026","debates":[{"chamber":{"showAs":"Seanad \u00c9ireann","uri":"https:\/\/data.oireachtas.ie\/ie\/oireachtas\/def\/house\/seanad"},"date":"2026-07-14","debateSectionId":"dbsect_13","showAs":"Planning and Development (Amendment) Bill 2026: Committee and Remaining Stages","uri":"https:\/\/data.oireachtas.ie\/akn\/ie\/debateRecord\/seanad\/2026-07-14\/debate\/main"},{"chamber":{"showAs":"Seanad \u00c9ireann","uri":"https:\/\/data.oireachtas.ie\/ie\/oireachtas\/def\/house\/seanad"},"date":"2026-07-09","debateSectionId":"dbsect_18","showAs":"Planning and Development (Amendment) Bill 2026: Second Stage","uri":"https:\/\/data.oireachtas.ie\/akn\/ie\/debateRecord\/seanad\/2026-07-09\/debate\/main"},{"chamber":{"showAs":"D\u00e1il \u00c9ireann","uri":"https:\/\/data.oireachtas.ie\/ie\/oireachtas\/def\/house\/dail"},"date":"2026-07-08","debateSectionId":"dbsect_39","showAs":"Planning and Development (Amendment) Bill 2026: Committee and Remaining Stages","uri":"https:\/\/data.oireachtas.ie\/akn\/ie\/debateRecord\/dail\/2026-07-08\/debate\/main"},{"chamber":{"showAs":"D\u00e1il \u00c9ireann","uri":"https:\/\/data.oireachtas.ie\/ie\/oireachtas\/def\/house\/dail"},"date":"2026-07-02","debateSectionId":"dbsect_34","showAs":"Planning and Development (Amendment) Bill 2026: Second Stage","uri":"https:\/\/data.oireachtas.ie\/akn\/ie\/debateRecord\/dail\/2026-07-02\/debate\/main"}],"events":[{"event":{"chamber":{"chamberCode":"dail","showAs":"D\u00e1il \u00c9ireann","uri":"https:\/\/data.oireachtas.ie\/ie\/oireachtas\/def\/house\/dail"},"dates":[{"date":"2026-06-26"},{"date":"2026-07-20"}],"eventURI":"https:\/\/data.oireachtas.ie\/ie\/oireachtas\/def\/bill-event\/published","showAs":"Published","uri":"https:\/\/data.oireachtas.ie\/ie\/oireachtas\/bill\/2026\/75\/published"}},{"event":{"chamber":null,"dates":[{"date":"2026-07-20"}],"eventURI":"https:\/\/data.oireachtas.ie\/ie\/oireachtas\/def\/bill-event\/enacted","showAs":"Enacted","uri":"https:\/\/data.oireachtas.ie\/ie\/oireachtas\/bill\/2026\/75\/enacted"}}],"lastUpdated":"2026-07-30T13:58:16.460000+00:00","longTitleEn":"<p>Bill entitled an Act to amend the Planning and Development Act 2024, the Planning and Development (Amendment) Act 2025 and the Planning and Development Act 2000, and, in that connection, to amend certain other enactments; to amend the Housing Finance Agency Act 1981 for the purpose of increasing the borrowing limit of the Housing Finance Agency; and to provide for matters connected therewith.<\/p>","longTitleGa":"<p>Bille d\u00e1 ngairtear Acht do leas\u00fa an Achta um Plean\u00e1il agus Forbairt, 2024, an Achta um Plean\u00e1il agus Forbairt (Leas\u00fa), 2025 agus an Achta um Plean\u00e1il agus Forbairt, 2000, agus, i dtaca leis sin, do leas\u00fa achtach\u00e1in \u00e1irithe eile; do leas\u00fa an Achta um Ghn\u00edomhaireacht Airgeadais do Thithe, 1981 chun m\u00e9ad\u00fa a dh\u00e9anamh ar theorainn na n-iasachta\u00ed a fh\u00e9adfaidh an Ghn\u00edomhaireacht Airgeadais do Thithe a fh\u00e1il; agus do dh\u00e9anamh socr\u00fa i dtaobh nithe a bhaineann leis an m\u00e9id sin.<\/p>","method":"Presented","methodURI":"https:\/\/data.oireachtas.ie\/ie\/oireachtas\/def\/bill-method\/presented","mostRecentStage":{"event":{"chamber":null,"dates":[{"date":"2026-07-20"}],"house":null,"progressStage":10,"showAs":"Enacted","stageCompleted":true,"stageOutcome":"Enacted","stageURI":"https:\/\/data.oireachtas.ie\/ie\/oireachtas\/def\/bill-stage\/enacted","uri":"https:\/\/data.oireachtas.ie\/ie\/oireachtas\/bill\/2026\/75\/stage\/oireachtas\/enacted"}},"originHouse":{"showAs":"D\u00e1il \u00c9ireann","uri":"https:\/\/data.oireachtas.ie\/ie\/oireachtas\/def\/house\/dail"},"originHouseURI":"https:\/\/data.oireachtas.ie\/ie\/oireachtas\/def\/house\/dail","relatedDocs":[{"relatedDoc":{"date":"2026-06-26","docType":"memo","formats":{"pdf":{"uri":"https:\/\/data.oireachtas.ie\/ie\/oireachtas\/bill\/2026\/75\/eng\/memo\/b7526d-memo.pdf"},"xml":null},"lang":"eng","showAs":"Explanatory Memorandum","uri":"https:\/\/data.oireachtas.ie\/ie\/oireachtas\/bill\/2026\/75\/eng\/memo"}},{"relatedDoc":{"date":"2025-07-01","docType":"gluais","formats":{"pdf":{"uri":"https:\/\/data.oireachtas.ie\/ie\/oireachtas\/bill\/2026\/75\/mul\/gluais\/gluais-26-2026-an-bille-um-pleanail-agus-forbairt-leasu-2026.pdf"},"xml":null},"lang":"mul","showAs":"Glossary\/Gluais","uri":"https:\/\/data.oireachtas.ie\/ie\/oireachtas\/bill\/2026\/75\/mul\/gluais"}}],"shortTitleEn":"Planning and Development (Amendment) Bill 2026","shortTitleGa":"An Bille um Plean\u00e1il agus Forbairt (Leas\u00fa), 2026","source":"Government","sourceURI":"https:\/\/data.oireachtas.ie\/ie\/oireachtas\/def\/bill-source\/government","sponsors":[{"sponsor":{"isPrimary":true,"as":{"showAs":"Minister for Housing, Local Government and Heritage","uri":null},"by":{"showAs":null,"uri":null}}}],"stages":[{"event":{"chamber":{"chamberCode":"dail","showAs":"D\u00e1il \u00c9ireann","uri":"https:\/\/data.oireachtas.ie\/ie\/oireachtas\/def\/house\/dail"},"dates":[{"date":"2026-06-26"},{"date":"2026-06-26"}],"house":{"chamberCode":"dail","chamberType":"house","houseCode":"dail","houseNo":"34","showAs":"34th D\u00e1il","uri":"https:\/\/data.oireachtas.ie\/ie\/oireachtas\/house\/dail\/34"},"progressStage":1,"showAs":"First Stage","stageCompleted":true,"stageOutcome":null,"stageURI":"https:\/\/data.oireachtas.ie\/ie\/oireachtas\/def\/bill-stage\/1","uri":"https:\/\/data.oireachtas.ie\/ie\/oireachtas\/bill\/2026\/75\/stage\/dail\/1"}},{"event":{"chamber":{"chamberCode":"dail","showAs":"D\u00e1il \u00c9ireann","uri":"https:\/\/data.oireachtas.ie\/ie\/oireachtas\/def\/house\/dail"},"dates":[{"date":"2026-07-02"}],"house":{"chamberCode":"dail","chamberType":"house","houseCode":"dail","houseNo":"34","showAs":"34th D\u00e1il","uri":"https:\/\/data.oireachtas.ie\/ie\/oireachtas\/house\/dail\/34"},"progressStage":2,"showAs":"Second Stage","stageCompleted":true,"stageOutcome":null,"stageURI":"https:\/\/data.oireachtas.ie\/ie\/oireachtas\/def\/bill-stage\/2","uri":"https:\/\/data.oireachtas.ie\/ie\/oireachtas\/bill\/2026\/75\/stage\/dail\/2"}},{"event":{"chamber":{"chamberCode":"dail","showAs":"D\u00e1il \u00c9ireann","uri":"https:\/\/data.oireachtas.ie\/ie\/oireachtas\/def\/house\/dail"},"dates":[{"date":"2026-07-02"}],"house":{"chamberCode":"dail","chamberType":"house","houseCode":"dail","houseNo":"34","showAs":"34th D\u00e1il","uri":"https:\/\/data.oireachtas.ie\/ie\/oireachtas\/house\/dail\/34"},"progressStage":3,"showAs":"Committee Stage","stageCompleted":true,"stageOutcome":null,"stageURI":"https:\/\/data.oireachtas.ie\/ie\/oireachtas\/def\/bill-stage\/3","uri":"https:\/\/data.oireachtas.ie\/ie\/oireachtas\/bill\/2026\/75\/stage\/dail\/3"}},{"event":{"chamber":{"chamberCode":"dail","showAs":"D\u00e1il \u00c9ireann","uri":"https:\/\/data.oireachtas.ie\/ie\/oireachtas\/def\/house\/dail"},"dates":[{"date":"2026-07-08"}],"house":{"chamberCode":"dail","chamberType":"house","houseCode":"dail","houseNo":"34","showAs":"34th D\u00e1il","uri":"https:\/\/data.oireachtas.ie\/ie\/oireachtas\/house\/dail\/34"},"progressStage":4,"showAs":"Report Stage","stageCompleted":true,"stageOutcome":null,"stageURI":"https:\/\/data.oireachtas.ie\/ie\/oireachtas\/def\/bill-stage\/4","uri":"https:\/\/data.oireachtas.ie\/ie\/oireachtas\/bill\/2026\/75\/stage\/dail\/4"}},{"event":{"chamber":{"chamberCode":"dail","showAs":"D\u00e1il \u00c9ireann","uri":"https:\/\/data.oireachtas.ie\/ie\/oireachtas\/def\/house\/dail"},"dates":[{"date":"2026-07-08"}],"house":{"chamberCode":"dail","chamberType":"house","houseCode":"dail","houseNo":"34","showAs":"34th D\u00e1il","uri":"https:\/\/data.oireachtas.ie\/ie\/oireachtas\/house\/dail\/34"},"progressStage":5,"showAs":"Fifth Stage","stageCompleted":true,"stageOutcome":null,"stageURI":"https:\/\/data.oireachtas.ie\/ie\/oireachtas\/def\/bill-stage\/5","uri":"https:\/\/data.oireachtas.ie\/ie\/oireachtas\/bill\/2026\/75\/stage\/dail\/5"}},{"event":{"chamber":{"chamberCode":"seanad","showAs":"Seanad \u00c9ireann","uri":"https:\/\/data.oireachtas.ie\/ie\/oireachtas\/def\/house\/seanad"},"dates":[{"date":"2026-07-08"}],"house":{"chamberCode":"seanad","chamberType":"house","houseCode":"seanad","houseNo":"27","showAs":"27th Seanad","uri":"https:\/\/data.oireachtas.ie\/ie\/oireachtas\/house\/seanad\/27"},"progressStage":6,"showAs":"Second Stage","stageCompleted":true,"stageOutcome":null,"stageURI":"https:\/\/data.oireachtas.ie\/ie\/oireachtas\/def\/bill-stage\/2","uri":"https:\/\/data.oireachtas.ie\/ie\/oireachtas\/bill\/2026\/75\/stage\/seanad\/2"}},{"event":{"chamber":{"chamberCode":"seanad","showAs":"Seanad \u00c9ireann","uri":"https:\/\/data.oireachtas.ie\/ie\/oireachtas\/def\/house\/seanad"},"dates":[{"date":"2026-07-14"}],"house":{"chamberCode":"seanad","chamberType":"house","houseCode":"seanad","houseNo":"27","showAs":"27th Seanad","uri":"https:\/\/data.oireachtas.ie\/ie\/oireachtas\/house\/seanad\/27"},"progressStage":7,"showAs":"Committee Stage","stageCompleted":true,"stageOutcome":null,"stageURI":"https:\/\/data.oireachtas.ie\/ie\/oireachtas\/def\/bill-stage\/3","uri":"https:\/\/data.oireachtas.ie\/ie\/oireachtas\/bill\/2026\/75\/stage\/seanad\/3"}},{"event":{"chamber":{"chamberCode":"seanad","showAs":"Seanad \u00c9ireann","uri":"https:\/\/data.oireachtas.ie\/ie\/oireachtas\/def\/house\/seanad"},"dates":[{"date":"2026-07-14"}],"house":{"chamberCode":"seanad","chamberType":"house","houseCode":"seanad","houseNo":"27","showAs":"27th Seanad","uri":"https:\/\/data.oireachtas.ie\/ie\/oireachtas\/house\/seanad\/27"},"progressStage":8,"showAs":"Report Stage","stageCompleted":true,"stageOutcome":null,"stageURI":"https:\/\/data.oireachtas.ie\/ie\/oireachtas\/def\/bill-stage\/4","uri":"https:\/\/data.oireachtas.ie\/ie\/oireachtas\/bill\/2026\/75\/stage\/seanad\/4"}},{"event":{"chamber":{"chamberCode":"seanad","showAs":"Seanad \u00c9ireann","uri":"https:\/\/data.oireachtas.ie\/ie\/oireachtas\/def\/house\/seanad"},"dates":[{"date":"2026-07-14"}],"house":{"chamberCode":"seanad","chamberType":"house","houseCode":"seanad","houseNo":"27","showAs":"27th Seanad","uri":"https:\/\/data.oireachtas.ie\/ie\/oireachtas\/house\/seanad\/27"},"progressStage":9,"showAs":"Fifth Stage","stageCompleted":true,"stageOutcome":null,"stageURI":"https:\/\/data.oireachtas.ie\/ie\/oireachtas\/def\/bill-stage\/5","uri":"https:\/\/data.oireachtas.ie\/ie\/oireachtas\/bill\/2026\/75\/stage\/seanad\/5"}},{"event":{"chamber":null,"dates":[{"date":"2026-07-20"}],"house":null,"progressStage":10,"showAs":"Enacted","stageCompleted":true,"stageOutcome":"Enacted","stageURI":"https:\/\/data.oireachtas.ie\/ie\/oireachtas\/def\/bill-stage\/enacted","uri":"https:\/\/data.oireachtas.ie\/ie\/oireachtas\/bill\/2026\/75\/stage\/oireachtas\/enacted"}}],"status":"Enacted","statusURI":"https:\/\/data.oireachtas.ie\/ie\/oireachtas\/def\/bill-status\/enacted","uri":"https:\/\/data.oireachtas.ie\/ie\/oireachtas\/bill\/2026\/75","versions":[{"version":{"lang":"eng","docType":"act","showAs":"Planning and Development (Amendment) Act 2026","date":"2026-07-20","formats":{"pdf":{"uri":"https:\/\/data.oireachtas.ie\/ie\/oireachtas\/act\/2026\/27\/eng\/enacted\/a2726.pdf"},"xml":null},"uri":"https:\/\/data.oireachtas.ie\/ie\/oireachtas\/act\/2026\/27\/eng\/enacted"}},{"version":{"lang":"eng","docType":"bill","showAs":"As Initiated","date":"2026-06-26","formats":{"pdf":{"uri":"https:\/\/data.oireachtas.ie\/ie\/oireachtas\/bill\/2026\/75\/eng\/initiated\/b7526d.pdf"},"xml":null},"uri":"https:\/\/data.oireachtas.ie\/ie\/oireachtas\/bill\/2026\/75\/eng\/initiated"}}]},"contextDate":"2026-07-20","billSort":{"actNoSort":27,"actShortTitleEnSort":"planning-and-development-amendment-act-2026","actShortTitleGaSort":"an-tacht-um-pleanail-agus-forbairt-leasu-2026","actYearSort":2026,"billNoSort":75,"billShortTitleEnSort":"planning-and-development-amendment-bill-2026","billShortTitleGaSort":"an-bille-um-pleanail-agus-forbairt-leasu-2026","billYearSort":2026}},{"bill":{"act":{"actNo":"32","actYear":"2026","dateSigned":"2026-07-21","longTitleEn":"<p>Act to make provision to enable certain registered pharmacists in retail pharmacy businesses to issue prescriptions for certain contraceptive drugs, medicines and products; for that purpose, to amend the Health Act 1970, the Irish Medicines Board Act 1995 and the Pharmacy Act 2007; and to provide for related matters.<\/p>","longTitleGa":"<p>Acht do dh\u00e9anamh socr\u00fa chun a chumas\u00fa do ch\u00f3gaiseoir\u00ed cl\u00e1raithe \u00e1irithe i ngn\u00f3tha\u00ed c\u00f3gais\u00edochta miond\u00edola oidis le haghaidh druga\u00ed, c\u00f3gais, t\u00e1irg\u00ed agus feist\u00ed frithghini\u00fanacha \u00e1irithe a eisi\u00faint; chun na cr\u00edche sin, do leas\u00fa an Achta Sl\u00e1inte, 1970, an Achta um Bord Leigheasra na h\u00c9ireann, 1995 agus an Achta C\u00f3gais\u00edochta, 2007; agus do dh\u00e9anamh socr\u00fa i dtaobh nithe<br>gaolmhara.<\/p>","shortTitleEn":"Health (Provision of Contraception Prescribing Service in Retail Pharmacy Businesses) Act 2026","shortTitleGa":"An tAcht Sl\u00e1inte (Seirbh\u00eds Oideasaithe Frithghini\u00fanach a Shol\u00e1thar i nGn\u00f3tha\u00ed C\u00f3gais\u00edochta Miond\u00edola), 2026","statutebookURI":"http:\/\/www.irishstatutebook.ie\/eli\/2026\/act\/32","uri":"https:\/\/data.oireachtas.ie\/ie\/oireachtas\/act\/2026\/32"},"amendmentLists":[{"amendmentList":{"amendmentTypeUri":{"uri":"https:\/\/data.oireachtas.ie\/ie\/oireachtas\/def\/amendment-type\/numberedList"},"chamber":{"showAs":"Dail","uri":"https:\/\/data.oireachtas.ie\/ie\/oireachtas\/def\/dail"},"date":"2026-07-14","formats":{"pdf":{"uri":"https:\/\/data.oireachtas.ie\/ie\/oireachtas\/bill\/2026\/74\/dail\/3\/amendment\/numberedList\/eng\/b7426d-dcnl.pdf"},"xml":null},"showAs":"Numbered List [D\u00e1il]","stage":{"showAs":"Committee Stage","uri":"https:\/\/data.oireachtas.ie\/ie\/oireachtas\/bill\/2026\/74\/dail\/3"},"stageNo":"3"}}],"billNo":"74","billType":"Public","billTypeURI":"https:\/\/data.oireachtas.ie\/ie\/oireachtas\/def\/bill-type\/public","billYear":"2026","debates":[{"chamber":{"showAs":"Seanad \u00c9ireann","uri":"https:\/\/data.oireachtas.ie\/ie\/oireachtas\/def\/house\/seanad"},"date":"2026-07-16","debateSectionId":"dbsect_25","showAs":"Health (Provision of Contraception Prescribing Service in Retail Pharmacy Businesses) Bill 2026: Second and Subsequent Stages","uri":"https:\/\/data.oireachtas.ie\/akn\/ie\/debateRecord\/seanad\/2026-07-16\/debate\/main"},{"chamber":{"showAs":"D\u00e1il \u00c9ireann","uri":"https:\/\/data.oireachtas.ie\/ie\/oireachtas\/def\/house\/dail"},"date":"2026-07-15","debateSectionId":"dbsect_36","showAs":"Health (Provision of Contraception Prescribing Service in Retail Pharmacy Businesses) Bill 2026: Committee and Remaining Stages","uri":"https:\/\/data.oireachtas.ie\/akn\/ie\/debateRecord\/dail\/2026-07-15\/debate\/main"},{"chamber":{"showAs":"D\u00e1il \u00c9ireann","uri":"https:\/\/data.oireachtas.ie\/ie\/oireachtas\/def\/house\/dail"},"date":"2026-07-09","debateSectionId":"dbsect_37","showAs":"Health (Provision of Contraception Prescribing Service in Retail Pharmacy Businesses) Bill 2026: Second Stage","uri":"https:\/\/data.oireachtas.ie\/akn\/ie\/debateRecord\/dail\/2026-07-09\/debate\/main"}],"events":[{"event":{"chamber":{"chamberCode":"dail","showAs":"D\u00e1il \u00c9ireann","uri":"https:\/\/data.oireachtas.ie\/ie\/oireachtas\/def\/house\/dail"},"dates":[{"date":"2026-06-26"},{"date":"2026-07-21"}],"eventURI":"https:\/\/data.oireachtas.ie\/ie\/oireachtas\/def\/bill-event\/published","showAs":"Published","uri":"https:\/\/data.oireachtas.ie\/ie\/oireachtas\/bill\/2026\/74\/published"}},{"event":{"chamber":null,"dates":[{"date":"2026-07-21"}],"eventURI":"https:\/\/data.oireachtas.ie\/ie\/oireachtas\/def\/bill-event\/enacted","showAs":"Enacted","uri":"https:\/\/data.oireachtas.ie\/ie\/oireachtas\/bill\/2026\/74\/enacted"}}],"lastUpdated":"2026-07-29T13:31:03.690000+00:00","longTitleEn":"<p>Bill entitled an Act to make provision to enable certain registered pharmacists in retail pharmacy businesses to issue prescriptions for certain contraceptive drugs, medicines and products; for that purpose, to amend the Health Act 1970, the Irish Medicines Board Act 1995 and the Pharmacy Act 2007; and to provide for related matters.<\/p>","longTitleGa":"<p>Bille d\u00e1 ngairtear Acht do dh\u00e9anamh socr\u00fa chun a chumas\u00fa do ch\u00f3gaiseoir\u00ed cl\u00e1raithe \u00e1irithe i ngn\u00f3tha\u00ed c\u00f3gais\u00edochta miond\u00edola oidis le haghaidh druga\u00ed, c\u00f3gais, t\u00e1irg\u00ed agus feist\u00ed frithghini\u00fanacha \u00e1irithe a eisi\u00faint; chun na cr\u00edche sin, do leas\u00fa an Achta Sl\u00e1inte, 1970, an Achta um Bord Leigheasra na h\u00c9ireann, 1995 agus an Achta C\u00f3gais\u00edochta, 2007; agus do dh\u00e9anamh socr\u00fa i dtaobh nithe<br>gaolmhara.<\/p>","method":"Presented","methodURI":"https:\/\/data.oireachtas.ie\/ie\/oireachtas\/def\/bill-method\/presented","mostRecentStage":{"event":{"chamber":null,"dates":[{"date":"2026-07-21"}],"house":null,"progressStage":10,"showAs":"Enacted","stageCompleted":true,"stageOutcome":"Enacted","stageURI":"https:\/\/data.oireachtas.ie\/ie\/oireachtas\/def\/bill-stage\/enacted","uri":"https:\/\/data.oireachtas.ie\/ie\/oireachtas\/bill\/2026\/74\/stage\/oireachtas\/enacted"}},"originHouse":{"showAs":"D\u00e1il \u00c9ireann","uri":"https:\/\/data.oireachtas.ie\/ie\/oireachtas\/def\/house\/dail"},"originHouseURI":"https:\/\/data.oireachtas.ie\/ie\/oireachtas\/def\/house\/dail","relatedDocs":[{"relatedDoc":{"date":"2026-07-06","docType":"gluais","formats":{"pdf":{"uri":"https:\/\/data.oireachtas.ie\/ie\/oireachtas\/bill\/2026\/74\/mul\/gluais\/gluais-28-2026-an-bille-slainte-seirbhis-oideasaithe-frithghiniunach-a-sholathar-i-ngnothai-cogaisiochta-miondiola-2026.pdf"},"xml":null},"lang":"mul","showAs":"Glossary\/Gluais","uri":"https:\/\/data.oireachtas.ie\/ie\/oireachtas\/bill\/2026\/74\/mul\/gluais"}},{"relatedDoc":{"date":"2026-06-26","docType":"memo","formats":{"pdf":{"uri":"https:\/\/data.oireachtas.ie\/ie\/oireachtas\/bill\/2026\/74\/eng\/memo\/b7426d-memo.pdf"},"xml":null},"lang":"eng","showAs":"Explanatory Memorandum","uri":"https:\/\/data.oireachtas.ie\/ie\/oireachtas\/bill\/2026\/74\/eng\/memo"}}],"shortTitleEn":"Health (Provision of Contraception Prescribing Service in Retail Pharmacy Businesses) Bill 2026","shortTitleGa":"An Bille Sl\u00e1inte (Seirbh\u00eds Oideasaithe Frithghini\u00fanach a Shol\u00e1thar i nGn\u00f3tha\u00ed C\u00f3gais\u00edochta Miond\u00edola), 2026","source":"Government","sourceURI":"https:\/\/data.oireachtas.ie\/ie\/oireachtas\/def\/bill-source\/government","sponsors":[{"sponsor":{"isPrimary":true,"as":{"showAs":"Minister for Health","uri":null},"by":{"showAs":null,"uri":null}}}],"stages":[{"event":{"chamber":{"chamberCode":"dail","showAs":"D\u00e1il \u00c9ireann","uri":"https:\/\/data.oireachtas.ie\/ie\/oireachtas\/def\/house\/dail"},"dates":[{"date":"2026-06-26"},{"date":"2026-06-26"}],"house":{"chamberCode":"dail","chamberType":"house","houseCode":"dail","houseNo":"34","showAs":"34th D\u00e1il","uri":"https:\/\/data.oireachtas.ie\/ie\/oireachtas\/house\/dail\/34"},"progressStage":1,"showAs":"First Stage","stageCompleted":true,"stageOutcome":null,"stageURI":"https:\/\/data.oireachtas.ie\/ie\/oireachtas\/def\/bill-stage\/1","uri":"https:\/\/data.oireachtas.ie\/ie\/oireachtas\/bill\/2026\/74\/stage\/dail\/1"}},{"event":{"chamber":{"chamberCode":"dail","showAs":"D\u00e1il \u00c9ireann","uri":"https:\/\/data.oireachtas.ie\/ie\/oireachtas\/def\/house\/dail"},"dates":[{"date":"2026-06-26"}],"house":{"chamberCode":"dail","chamberType":"house","houseCode":"dail","houseNo":"34","showAs":"34th D\u00e1il","uri":"https:\/\/data.oireachtas.ie\/ie\/oireachtas\/house\/dail\/34"},"progressStage":2,"showAs":"Second Stage","stageCompleted":true,"stageOutcome":null,"stageURI":"https:\/\/data.oireachtas.ie\/ie\/oireachtas\/def\/bill-stage\/2","uri":"https:\/\/data.oireachtas.ie\/ie\/oireachtas\/bill\/2026\/74\/stage\/dail\/2"}},{"event":{"chamber":{"chamberCode":"dail","showAs":"D\u00e1il \u00c9ireann","uri":"https:\/\/data.oireachtas.ie\/ie\/oireachtas\/def\/house\/dail"},"dates":[{"date":"2026-07-16"}],"house":{"chamberCode":"dail","chamberType":"house","houseCode":"dail","houseNo":"34","showAs":"34th D\u00e1il","uri":"https:\/\/data.oireachtas.ie\/ie\/oireachtas\/house\/dail\/34"},"progressStage":3,"showAs":"Committee Stage","stageCompleted":true,"stageOutcome":null,"stageURI":"https:\/\/data.oireachtas.ie\/ie\/oireachtas\/def\/bill-stage\/3","uri":"https:\/\/data.oireachtas.ie\/ie\/oireachtas\/bill\/2026\/74\/stage\/dail\/3"}},{"event":{"chamber":{"chamberCode":"dail","showAs":"D\u00e1il \u00c9ireann","uri":"https:\/\/data.oireachtas.ie\/ie\/oireachtas\/def\/house\/dail"},"dates":[{"date":"2026-07-16"}],"house":{"chamberCode":"dail","chamberType":"house","houseCode":"dail","houseNo":"34","showAs":"34th D\u00e1il","uri":"https:\/\/data.oireachtas.ie\/ie\/oireachtas\/house\/dail\/34"},"progressStage":4,"showAs":"Report Stage","stageCompleted":true,"stageOutcome":null,"stageURI":"https:\/\/data.oireachtas.ie\/ie\/oireachtas\/def\/bill-stage\/4","uri":"https:\/\/data.oireachtas.ie\/ie\/oireachtas\/bill\/2026\/74\/stage\/dail\/4"}},{"event":{"chamber":{"chamberCode":"dail","showAs":"D\u00e1il \u00c9ireann","uri":"https:\/\/data.oireachtas.ie\/ie\/oireachtas\/def\/house\/dail"},"dates":[{"date":"2026-07-16"}],"house":{"chamberCode":"dail","chamberType":"house","houseCode":"dail","houseNo":"34","showAs":"34th D\u00e1il","uri":"https:\/\/data.oireachtas.ie\/ie\/oireachtas\/house\/dail\/34"},"progressStage":5,"showAs":"Fifth Stage","stageCompleted":true,"stageOutcome":null,"stageURI":"https:\/\/data.oireachtas.ie\/ie\/oireachtas\/def\/bill-stage\/5","uri":"https:\/\/data.oireachtas.ie\/ie\/oireachtas\/bill\/2026\/74\/stage\/dail\/5"}},{"event":{"chamber":{"chamberCode":"seanad","showAs":"Seanad \u00c9ireann","uri":"https:\/\/data.oireachtas.ie\/ie\/oireachtas\/def\/house\/seanad"},"dates":[{"date":"2026-07-16"}],"house":{"chamberCode":"seanad","chamberType":"house","houseCode":"seanad","houseNo":"27","showAs":"27th Seanad","uri":"https:\/\/data.oireachtas.ie\/ie\/oireachtas\/house\/seanad\/27"},"progressStage":6,"showAs":"Second Stage","stageCompleted":true,"stageOutcome":null,"stageURI":"https:\/\/data.oireachtas.ie\/ie\/oireachtas\/def\/bill-stage\/2","uri":"https:\/\/data.oireachtas.ie\/ie\/oireachtas\/bill\/2026\/74\/stage\/seanad\/2"}},{"event":{"chamber":{"chamberCode":"seanad","showAs":"Seanad \u00c9ireann","uri":"https:\/\/data.oireachtas.ie\/ie\/oireachtas\/def\/house\/seanad"},"dates":[{"date":"2026-07-16"}],"house":{"chamberCode":"seanad","chamberType":"house","houseCode":"seanad","houseNo":"27","showAs":"27th Seanad","uri":"https:\/\/data.oireachtas.ie\/ie\/oireachtas\/house\/seanad\/27"},"progressStage":7,"showAs":"Committee Stage","stageCompleted":true,"stageOutcome":null,"stageURI":"https:\/\/data.oireachtas.ie\/ie\/oireachtas\/def\/bill-stage\/3","uri":"https:\/\/data.oireachtas.ie\/ie\/oireachtas\/bill\/2026\/74\/stage\/seanad\/3"}},{"event":{"chamber":{"chamberCode":"seanad","showAs":"Seanad \u00c9ireann","uri":"https:\/\/data.oireachtas.ie\/ie\/oireachtas\/def\/house\/seanad"},"dates":[{"date":"2026-07-16"}],"house":{"chamberCode":"seanad","chamberType":"house","houseCode":"seanad","houseNo":"27","showAs":"27th Seanad","uri":"https:\/\/data.oireachtas.ie\/ie\/oireachtas\/house\/seanad\/27"},"progressStage":8,"showAs":"Report Stage","stageCompleted":true,"stageOutcome":null,"stageURI":"https:\/\/data.oireachtas.ie\/ie\/oireachtas\/def\/bill-stage\/4","uri":"https:\/\/data.oireachtas.ie\/ie\/oireachtas\/bill\/2026\/74\/stage\/seanad\/4"}},{"event":{"chamber":{"chamberCode":"seanad","showAs":"Seanad \u00c9ireann","uri":"https:\/\/data.oireachtas.ie\/ie\/oireachtas\/def\/house\/seanad"},"dates":[{"date":"2026-07-16"}],"house":{"chamberCode":"seanad","chamberType":"house","houseCode":"seanad","houseNo":"27","showAs":"27th Seanad","uri":"https:\/\/data.oireachtas.ie\/ie\/oireachtas\/house\/seanad\/27"},"progressStage":9,"showAs":"Fifth Stage","stageCompleted":true,"stageOutcome":null,"stageURI":"https:\/\/data.oireachtas.ie\/ie\/oireachtas\/def\/bill-stage\/5","uri":"https:\/\/data.oireachtas.ie\/ie\/oireachtas\/bill\/2026\/74\/stage\/seanad\/5"}},{"event":{"chamber":null,"dates":[{"date":"2026-07-21"}],"house":null,"progressStage":10,"showAs":"Enacted","stageCompleted":true,"stageOutcome":"Enacted","stageURI":"https:\/\/data.oireachtas.ie\/ie\/oireachtas\/def\/bill-stage\/enacted","uri":"https:\/\/data.oireachtas.ie\/ie\/oireachtas\/bill\/2026\/74\/stage\/oireachtas\/enacted"}}],"status":"Enacted","statusURI":"https:\/\/data.oireachtas.ie\/ie\/oireachtas\/def\/bill-status\/enacted","uri":"https:\/\/data.oireachtas.ie\/ie\/oireachtas\/bill\/2026\/74","versions":[{"version":{"lang":"eng","docType":"act","showAs":"Health (Provision of Contraception Prescribing Service in Retail Pharmacy Businesses) Act 2026","date":"2026-07-21","formats":{"pdf":{"uri":"https:\/\/data.oireachtas.ie\/ie\/oireachtas\/act\/2026\/32\/eng\/enacted\/a3226.pdf"},"xml":null},"uri":"https:\/\/data.oireachtas.ie\/ie\/oireachtas\/act\/2026\/32\/eng\/enacted"}},{"version":{"lang":"eng","docType":"bill","showAs":"As passed by D\u00e1il \u00c9ireann","date":"2026-07-15","formats":{"pdf":{"uri":"https:\/\/data.oireachtas.ie\/ie\/oireachtas\/bill\/2026\/74\/eng\/ver_a\/b74a26d.pdf"},"xml":null},"uri":"https:\/\/data.oireachtas.ie\/ie\/oireachtas\/bill\/2026\/74\/eng\/ver_a"}},{"version":{"lang":"eng","docType":"bill","showAs":"As Initiated","date":"2026-06-26","formats":{"pdf":{"uri":"https:\/\/data.oireachtas.ie\/ie\/oireachtas\/bill\/2026\/74\/eng\/initiated\/b7426d.pdf"},"xml":null},"uri":"https:\/\/data.oireachtas.ie\/ie\/oireachtas\/bill\/2026\/74\/eng\/initiated"}}]},"contextDate":"2026-07-21","billSort":{"actNoSort":32,"actShortTitleEnSort":"health-provision-of-contraception-prescribing-service-in-retail-pharmacy-businesses-act-2026","actShortTitleGaSort":"an-tacht-slainte-seirbhis-oideasaithe-frithghiniunach-a-sholathar-i-ngnothai-cogaisiochta-miondiola-2026","actYearSort":2026,"billNoSort":74,"billShortTitleEnSort":"health-provision-of-contraception-prescribing-service-in-retail-pharmacy-businesses-bill-2026","billShortTitleGaSort":"an-bille-slainte-seirbhis-oideasaithe-frithghiniunach-a-sholathar-i-ngnothai-cogaisiochta-miondiola-2026","billYearSort":2026}},{"bill":{"act":null,"amendmentLists":[],"billNo":"73","billType":"Public","billTypeURI":"https:\/\/data.oireachtas.ie\/ie\/oireachtas\/def\/bill-type\/public","billYear":"2026","debates":[{"chamber":{"showAs":"D\u00e1il \u00c9ireann","uri":"https:\/\/data.oireachtas.ie\/ie\/oireachtas\/def\/house\/dail"},"date":"2026-06-23","debateSectionId":"dbsect_8","showAs":"Anti-Shrinkflation Bill 2026: First Stage","uri":"https:\/\/data.oireachtas.ie\/akn\/ie\/debateRecord\/dail\/2026-06-23\/debate\/main"}],"events":[{"event":{"chamber":{"chamberCode":"dail","showAs":"D\u00e1il \u00c9ireann","uri":"https:\/\/data.oireachtas.ie\/ie\/oireachtas\/def\/house\/dail"},"dates":[{"date":"2026-06-10"},{"date":"2026-06-10"},{"date":"2026-06-23"}],"eventURI":"https:\/\/data.oireachtas.ie\/ie\/oireachtas\/def\/bill-event\/admissibility-for-introduction","showAs":"Admissibility for Introduction","uri":"https:\/\/data.oireachtas.ie\/ie\/oireachtas\/bill\/2026\/73\/admissibility-for-introduction"}}],"lastUpdated":"2026-06-24T08:43:07.320000+00:00","longTitleEn":"<p>Bill entitled an Act to provide price transparency for consumers by preventing hidden price increases by way of quantity reduction, allowing consumers to make informed purchasing decisions.<\/p>","longTitleGa":"<p><span style=\"color:black;\">Bille d\u00e1 ngairtear Acht chun tr\u00e9dhearcacht \u00f3 thaobh praghsanna de a thabhairt do thomhalt\u00f3ir\u00ed tr\u00ed chosc a chur le m\u00e9aduithe folaithe ar phraghsanna tr\u00ed chainn\u00edocht a laghd\u00fa, rud a chumas\u00f3idh do thomhalt\u00f3ir\u00ed breitheanna feasacha ceannaigh a dh\u00e9anamh.<\/span><\/p>","method":"Introduced","methodURI":"https:\/\/data.oireachtas.ie\/ie\/oireachtas\/def\/bill-method\/introduced","mostRecentStage":{"event":{"chamber":{"chamberCode":"dail","showAs":"D\u00e1il \u00c9ireann","uri":"https:\/\/data.oireachtas.ie\/ie\/oireachtas\/def\/house\/dail"},"dates":[{"date":"2026-06-23"}],"house":{"chamberCode":"dail","chamberType":"house","houseCode":"dail","houseNo":"34","showAs":"34th D\u00e1il","uri":"https:\/\/data.oireachtas.ie\/ie\/oireachtas\/house\/dail\/34"},"progressStage":2,"showAs":"Second Stage","stageCompleted":false,"stageOutcome":"Current","stageURI":"https:\/\/data.oireachtas.ie\/ie\/oireachtas\/def\/bill-stage\/2","uri":"https:\/\/data.oireachtas.ie\/ie\/oireachtas\/bill\/2026\/73\/stage\/dail\/2"}},"originHouse":{"showAs":"D\u00e1il \u00c9ireann","uri":"https:\/\/data.oireachtas.ie\/ie\/oireachtas\/def\/house\/dail"},"originHouseURI":"https:\/\/data.oireachtas.ie\/ie\/oireachtas\/def\/house\/dail","relatedDocs":[{"relatedDoc":{"date":"2026-06-23","docType":"memo","formats":{"pdf":{"uri":"https:\/\/data.oireachtas.ie\/ie\/oireachtas\/bill\/2026\/73\/eng\/memo\/b7326d-memo.pdf"},"xml":null},"lang":"eng","showAs":"Explanatory Memorandum","uri":"https:\/\/data.oireachtas.ie\/ie\/oireachtas\/bill\/2026\/73\/eng\/memo"}}],"shortTitleEn":"Anti-Shrinkflation Bill 2026","shortTitleGa":"An Bille um Fhrith-Chrapbhoilsci\u00fa, 2026","source":"Private Member","sourceURI":"https:\/\/data.oireachtas.ie\/ie\/oireachtas\/def\/bill-source\/private-member","sponsors":[{"sponsor":{"isPrimary":true,"as":{"showAs":null,"uri":null},"by":{"showAs":"Holly Cairns","uri":"https:\/\/data.oireachtas.ie\/ie\/oireachtas\/member\/id\/Holly-Cairns.D.2020-02-08"}}},{"sponsor":{"isPrimary":false,"as":{"showAs":null,"uri":null},"by":{"showAs":"Sin\u00e9ad Gibney","uri":"https:\/\/data.oireachtas.ie\/ie\/oireachtas\/member\/id\/Sin\u00e9ad-Gibney.D.2024-11-29"}}}],"stages":[{"event":{"chamber":{"chamberCode":"dail","showAs":"D\u00e1il \u00c9ireann","uri":"https:\/\/data.oireachtas.ie\/ie\/oireachtas\/def\/house\/dail"},"dates":[{"date":"2026-06-10"},{"date":"2026-06-10"},{"date":"2026-06-23"},{"date":"2026-06-23"}],"house":{"chamberCode":"dail","chamberType":"house","houseCode":"dail","houseNo":"34","showAs":"34th D\u00e1il","uri":"https:\/\/data.oireachtas.ie\/ie\/oireachtas\/house\/dail\/34"},"progressStage":1,"showAs":"First Stage","stageCompleted":true,"stageOutcome":null,"stageURI":"https:\/\/data.oireachtas.ie\/ie\/oireachtas\/def\/bill-stage\/1","uri":"https:\/\/data.oireachtas.ie\/ie\/oireachtas\/bill\/2026\/73\/stage\/dail\/1"}},{"event":{"chamber":{"chamberCode":"dail","showAs":"D\u00e1il \u00c9ireann","uri":"https:\/\/data.oireachtas.ie\/ie\/oireachtas\/def\/house\/dail"},"dates":[{"date":"2026-06-23"}],"house":{"chamberCode":"dail","chamberType":"house","houseCode":"dail","houseNo":"34","showAs":"34th D\u00e1il","uri":"https:\/\/data.oireachtas.ie\/ie\/oireachtas\/house\/dail\/34"},"progressStage":2,"showAs":"Second Stage","stageCompleted":false,"stageOutcome":"Current","stageURI":"https:\/\/data.oireachtas.ie\/ie\/oireachtas\/def\/bill-stage\/2","uri":"https:\/\/data.oireachtas.ie\/ie\/oireachtas\/bill\/2026\/73\/stage\/dail\/2"}}],"status":"Current","statusURI":"https:\/\/data.oireachtas.ie\/ie\/oireachtas\/def\/bill-status\/published","uri":"https:\/\/data.oireachtas.ie\/ie\/oireachtas\/bill\/2026\/73","versions":[{"version":{"lang":"eng","docType":"bill","showAs":"As Initiated","date":"2026-06-23","formats":{"pdf":{"uri":"https:\/\/data.oireachtas.ie\/ie\/oireachtas\/bill\/2026\/73\/eng\/initiated\/b7326d.pdf"},"xml":null},"uri":"https:\/\/data.oireachtas.ie\/ie\/oireachtas\/bill\/2026\/73\/eng\/initiated"}}]},"contextDate":"2026-06-23","billSort":{"actNoSort":null,"actShortTitleEnSort":null,"actShortTitleGaSort":null,"actYearSort":null,"billNoSort":73,"billShortTitleEnSort":"anti-shrinkflation-bill-2026","billShortTitleGaSort":"an-bille-um-fhrith-chrapbhoilsciu-2026","billYearSort":2026}},{"bill":{"act":{"actNo":"36","actYear":"2026","dateSigned":"2026-07-23","longTitleEn":"<p>Act to enable the Minister for Climate, Energy and the Environment to grant approval for the development and operation of a strategic gas reserve for the purpose of securing the State\u2019s energy supply in case of emergency, for that purpose to disapply the Planning and Development Act 2000, the Planning and Development Act 2024 and certain provisions of the European Communities (Birds and Natural Habitats) Regulations 2011 (S.I. No. 477 of 2011) in relation to such development; to give effect to Article 6(3) of Council Directive 92\/43\/EEC of 21 May 1992 on the conservation of natural habitats and of wild fauna and flora, and Directive 2011\/92\/EU of the European Parliament and of the Council of 13 December 2011 on the assessment of the effects of certain public and private projects on the environment in relation to such development; and to provide for matters connected therewith.<\/p>","longTitleGa":"<p>Acht d\u00e1 chumas\u00fa don&nbsp;Aire Aer\u00e1ide, Fuinnimh agus Comhshaoil cead\u00fa a thabhairt maidir le c\u00faltaca g\u00e1is strait\u00e9iseach a fhorbairt agus a oibri\u00fa d\u2019fhonn sol\u00e1thar fuinnimh an St\u00e1it i gc\u00e1s \u00e9igeand\u00e1la a \u00e1irithi\u00fa, chun na cr\u00edche sin, do dh\u00edfheidhmi\u00fa an Achta um Plean\u00e1il agus Forbairt, 2000, an Achta um Plean\u00e1il agus Forbairt, 2024, agus for\u00e1lacha \u00e1irithe de Rialach\u00e1in na gComhphobal Eorpach (\u00c9in agus Gn\u00e1th\u00f3ga N\u00e1d\u00fartha), 2011&nbsp;(I.R. Uimh. 477 de 2011) i nd\u00e1il le forbairt den s\u00f3rt sin; do thabhairt \u00e9ifeacht d\u2019Airteagal 6(3) de Threoir&nbsp;92\/43\/CEE \u00f3n gComhairle an 21 Bealtaine 1992 maidir le gn\u00e1th\u00f3ga n\u00e1d\u00fartha agus f\u00e1na agus fl\u00f3ra fi\u00e1ine a chaomhn\u00fa, agus do Threoir 2011\/92\/AE \u00f3 Pharlaimint na hEorpa agus \u00f3n gComhairle an 13 Nollaig 2011 maidir le meas\u00fan\u00fa a dh\u00e9anamh ar \u00e9ifeachta\u00ed tionscadal poibl\u00ed agus pr\u00edobh\u00e1ideach \u00e1irithe ar an gcomhshaol i nd\u00e1il le forbairt den s\u00f3rt sin; agus do dh\u00e9anamh socr\u00fa i dtaobh nithe a bhaineann leis an m\u00e9id sin.<\/p>","shortTitleEn":"Development (Strategic Gas Reserve) Act 2026","shortTitleGa":"An tAcht um Fhorbairt (C\u00faltaca G\u00e1is Strait\u00e9iseach), 2026","statutebookURI":"http:\/\/www.irishstatutebook.ie\/eli\/2026\/act\/36","uri":"https:\/\/data.oireachtas.ie\/ie\/oireachtas\/act\/2026\/36"},"amendmentLists":[{"amendmentList":{"amendmentTypeUri":{"uri":"https:\/\/data.oireachtas.ie\/ie\/oireachtas\/def\/amendment-type\/numberedList"},"chamber":{"showAs":"Seanad","uri":"https:\/\/data.oireachtas.ie\/ie\/oireachtas\/def\/seanad"},"date":"2026-07-16","formats":{"pdf":{"uri":"https:\/\/data.oireachtas.ie\/ie\/oireachtas\/bill\/2026\/72\/seanad\/3\/amendment\/numberedList\/eng\/b7226d-scnl.pdf"},"xml":null},"showAs":"Numbered List [Seanad]","stage":{"showAs":"Committee Stage","uri":"https:\/\/data.oireachtas.ie\/ie\/oireachtas\/bill\/2026\/72\/seanad\/3"},"stageNo":"3"}},{"amendmentList":{"amendmentTypeUri":{"uri":"https:\/\/data.oireachtas.ie\/ie\/oireachtas\/def\/amendment-type\/numberedList"},"chamber":{"showAs":"Dail","uri":"https:\/\/data.oireachtas.ie\/ie\/oireachtas\/def\/dail"},"date":"2026-06-29","formats":{"pdf":{"uri":"https:\/\/data.oireachtas.ie\/ie\/oireachtas\/bill\/2026\/72\/dail\/3\/amendment\/numberedList\/eng\/b7226d-dcnl.pdf"},"xml":null},"showAs":"Numbered List [D\u00e1il]","stage":{"showAs":"Committee Stage","uri":"https:\/\/data.oireachtas.ie\/ie\/oireachtas\/bill\/2026\/72\/dail\/3"},"stageNo":"3"}}],"billNo":"72","billType":"Public","billTypeURI":"https:\/\/data.oireachtas.ie\/ie\/oireachtas\/def\/bill-type\/public","billYear":"2026","debates":[{"chamber":{"showAs":"Seanad \u00c9ireann","uri":"https:\/\/data.oireachtas.ie\/ie\/oireachtas\/def\/house\/seanad"},"date":"2026-07-16","debateSectionId":"dbsect_26","showAs":"Development (Strategic Gas Reserve) Bill 2026: Committee and Remaining Stages","uri":"https:\/\/data.oireachtas.ie\/akn\/ie\/debateRecord\/seanad\/2026-07-16\/debate\/main"},{"chamber":{"showAs":"Seanad \u00c9ireann","uri":"https:\/\/data.oireachtas.ie\/ie\/oireachtas\/def\/house\/seanad"},"date":"2026-07-07","debateSectionId":"dbsect_11","showAs":"Development (Strategic Gas Reserve) Bill 2026: Second Stage","uri":"https:\/\/data.oireachtas.ie\/akn\/ie\/debateRecord\/seanad\/2026-07-07\/debate\/main"},{"chamber":{"showAs":"D\u00e1il \u00c9ireann","uri":"https:\/\/data.oireachtas.ie\/ie\/oireachtas\/def\/house\/dail"},"date":"2026-06-30","debateSectionId":"dbsect_14","showAs":"Development (Strategic Gas Reserve) Bill 2026: Committee and Remaining Stages","uri":"https:\/\/data.oireachtas.ie\/akn\/ie\/debateRecord\/dail\/2026-06-30\/debate\/main"},{"chamber":{"showAs":"D\u00e1il \u00c9ireann","uri":"https:\/\/data.oireachtas.ie\/ie\/oireachtas\/def\/house\/dail"},"date":"2026-06-25","debateSectionId":"dbsect_34","showAs":"Development (Strategic Gas Reserve) Bill 2026: Second Stage","uri":"https:\/\/data.oireachtas.ie\/akn\/ie\/debateRecord\/dail\/2026-06-25\/debate\/main"}],"events":[{"event":{"chamber":{"chamberCode":"dail","showAs":"D\u00e1il \u00c9ireann","uri":"https:\/\/data.oireachtas.ie\/ie\/oireachtas\/def\/house\/dail"},"dates":[{"date":"2026-06-19"},{"date":"2026-07-23"}],"eventURI":"https:\/\/data.oireachtas.ie\/ie\/oireachtas\/def\/bill-event\/published","showAs":"Published","uri":"https:\/\/data.oireachtas.ie\/ie\/oireachtas\/bill\/2026\/72\/published"}},{"event":{"chamber":null,"dates":[{"date":"2026-07-23"}],"eventURI":"https:\/\/data.oireachtas.ie\/ie\/oireachtas\/def\/bill-event\/enacted","showAs":"Enacted","uri":"https:\/\/data.oireachtas.ie\/ie\/oireachtas\/bill\/2026\/72\/enacted"}}],"lastUpdated":"2026-07-28T16:05:44.460000+00:00","longTitleEn":"<p>Bill entitled an Act to enable the Minister for Climate, Energy and the Environment to grant approval for the development and operation of a strategic gas reserve for the purpose of securing the State\u2019s energy supply in case of emergency, for that purpose to disapply the Planning and Development Act 2000, the Planning and Development Act 2024 and certain provisions of the European Communities (Birds and Natural Habitats) Regulations 2011 (S.I. No. 477 of 2011) in relation to such development; to give effect to Article 6(3) of Council Directive 92\/43\/EEC of 21 May 1992 on the conservation of natural habitats and of wild fauna and flora, and Directive 2011\/92\/EU of the European Parliament and of the Council of 13 December 2011 on the assessment of the effects of certain public and private projects on the environment in relation to such development; and to provide for matters connected therewith.<\/p>","longTitleGa":"<p>Bille d\u00e1 ngairtear Acht d\u00e1 chumas\u00fa don&nbsp;Aire Aer\u00e1ide, Fuinnimh agus Comhshaoil cead\u00fa a thabhairt maidir le c\u00faltaca g\u00e1is strait\u00e9iseach a fhorbairt agus a oibri\u00fa d\u2019fhonn sol\u00e1thar fuinnimh an St\u00e1it i gc\u00e1s \u00e9igeand\u00e1la a \u00e1irithi\u00fa, chun na cr\u00edche sin, do dh\u00edfheidhmi\u00fa an Achta um Plean\u00e1il agus Forbairt, 2000, an Achta um Plean\u00e1il agus Forbairt, 2024, agus for\u00e1lacha \u00e1irithe de Rialach\u00e1in na gComhphobal Eorpach (\u00c9in agus Gn\u00e1th\u00f3ga N\u00e1d\u00fartha), 2011&nbsp;(I.R. Uimh. 477 de 2011) i nd\u00e1il le forbairt den s\u00f3rt sin; do thabhairt \u00e9ifeacht d\u2019Airteagal 6(3) de Threoir&nbsp;92\/43\/CEE \u00f3n gComhairle an 21 Bealtaine 1992 maidir le gn\u00e1th\u00f3ga n\u00e1d\u00fartha agus f\u00e1na agus fl\u00f3ra fi\u00e1ine a chaomhn\u00fa, agus do Threoir 2011\/92\/AE \u00f3 Pharlaimint na hEorpa agus \u00f3n gComhairle an 13 Nollaig 2011 maidir le meas\u00fan\u00fa a dh\u00e9anamh ar \u00e9ifeachta\u00ed tionscadal poibl\u00ed agus pr\u00edobh\u00e1ideach \u00e1irithe ar an gcomhshaol i nd\u00e1il le forbairt den s\u00f3rt sin; agus do dh\u00e9anamh socr\u00fa i dtaobh nithe a bhaineann leis an m\u00e9id sin.<\/p>","method":"Presented","methodURI":"https:\/\/data.oireachtas.ie\/ie\/oireachtas\/def\/bill-method\/presented","mostRecentStage":{"event":{"chamber":null,"dates":[{"date":"2026-07-23"}],"house":null,"progressStage":10,"showAs":"Enacted","stageCompleted":true,"stageOutcome":"Enacted","stageURI":"https:\/\/data.oireachtas.ie\/ie\/oireachtas\/def\/bill-stage\/enacted","uri":"https:\/\/data.oireachtas.ie\/ie\/oireachtas\/bill\/2026\/72\/stage\/oireachtas\/enacted"}},"originHouse":{"showAs":"D\u00e1il \u00c9ireann","uri":"https:\/\/data.oireachtas.ie\/ie\/oireachtas\/def\/house\/dail"},"originHouseURI":"https:\/\/data.oireachtas.ie\/ie\/oireachtas\/def\/house\/dail","relatedDocs":[{"relatedDoc":{"date":"2026-06-22","docType":"gluais","formats":{"pdf":{"uri":"https:\/\/data.oireachtas.ie\/ie\/oireachtas\/bill\/2026\/72\/mul\/gluais\/gluais-25-2026-an-bille-um-fhorbairt-cultaca-gais-straiteiseach-2026.pdf"},"xml":null},"lang":"mul","showAs":"Glossary\/Gluais","uri":"https:\/\/data.oireachtas.ie\/ie\/oireachtas\/bill\/2026\/72\/mul\/gluais"}},{"relatedDoc":{"date":"2026-06-19","docType":"memo","formats":{"pdf":{"uri":"https:\/\/data.oireachtas.ie\/ie\/oireachtas\/bill\/2026\/72\/eng\/memo\/b7226d-memo.pdf"},"xml":null},"lang":"eng","showAs":"Explanatory Memorandum","uri":"https:\/\/data.oireachtas.ie\/ie\/oireachtas\/bill\/2026\/72\/eng\/memo"}}],"shortTitleEn":"Development (Strategic Gas Reserve) Bill 2026","shortTitleGa":"An Bille um Fhorbairt (C\u00faltaca G\u00e1is Strait\u00e9iseach), 2026","source":"Government","sourceURI":"https:\/\/data.oireachtas.ie\/ie\/oireachtas\/def\/bill-source\/government","sponsors":[{"sponsor":{"isPrimary":true,"as":{"showAs":"Minister for Climate, Energy and the Environment","uri":null},"by":{"showAs":null,"uri":null}}}],"stages":[{"event":{"chamber":{"chamberCode":"dail","showAs":"D\u00e1il \u00c9ireann","uri":"https:\/\/data.oireachtas.ie\/ie\/oireachtas\/def\/house\/dail"},"dates":[{"date":"2026-06-19"},{"date":"2026-06-19"}],"house":{"chamberCode":"dail","chamberType":"house","houseCode":"dail","houseNo":"34","showAs":"34th D\u00e1il","uri":"https:\/\/data.oireachtas.ie\/ie\/oireachtas\/house\/dail\/34"},"progressStage":1,"showAs":"First Stage","stageCompleted":true,"stageOutcome":null,"stageURI":"https:\/\/data.oireachtas.ie\/ie\/oireachtas\/def\/bill-stage\/1","uri":"https:\/\/data.oireachtas.ie\/ie\/oireachtas\/bill\/2026\/72\/stage\/dail\/1"}},{"event":{"chamber":{"chamberCode":"dail","showAs":"D\u00e1il \u00c9ireann","uri":"https:\/\/data.oireachtas.ie\/ie\/oireachtas\/def\/house\/dail"},"dates":[{"date":"2026-06-25"}],"house":{"chamberCode":"dail","chamberType":"house","houseCode":"dail","houseNo":"34","showAs":"34th D\u00e1il","uri":"https:\/\/data.oireachtas.ie\/ie\/oireachtas\/house\/dail\/34"},"progressStage":2,"showAs":"Second Stage","stageCompleted":true,"stageOutcome":null,"stageURI":"https:\/\/data.oireachtas.ie\/ie\/oireachtas\/def\/bill-stage\/2","uri":"https:\/\/data.oireachtas.ie\/ie\/oireachtas\/bill\/2026\/72\/stage\/dail\/2"}},{"event":{"chamber":{"chamberCode":"dail","showAs":"D\u00e1il \u00c9ireann","uri":"https:\/\/data.oireachtas.ie\/ie\/oireachtas\/def\/house\/dail"},"dates":[{"date":"2026-06-30"}],"house":{"chamberCode":"dail","chamberType":"house","houseCode":"dail","houseNo":"34","showAs":"34th D\u00e1il","uri":"https:\/\/data.oireachtas.ie\/ie\/oireachtas\/house\/dail\/34"},"progressStage":3,"showAs":"Committee Stage","stageCompleted":true,"stageOutcome":null,"stageURI":"https:\/\/data.oireachtas.ie\/ie\/oireachtas\/def\/bill-stage\/3","uri":"https:\/\/data.oireachtas.ie\/ie\/oireachtas\/bill\/2026\/72\/stage\/dail\/3"}},{"event":{"chamber":{"chamberCode":"dail","showAs":"D\u00e1il \u00c9ireann","uri":"https:\/\/data.oireachtas.ie\/ie\/oireachtas\/def\/house\/dail"},"dates":[{"date":"2026-06-30"}],"house":{"chamberCode":"dail","chamberType":"house","houseCode":"dail","houseNo":"34","showAs":"34th D\u00e1il","uri":"https:\/\/data.oireachtas.ie\/ie\/oireachtas\/house\/dail\/34"},"progressStage":4,"showAs":"Report Stage","stageCompleted":true,"stageOutcome":null,"stageURI":"https:\/\/data.oireachtas.ie\/ie\/oireachtas\/def\/bill-stage\/4","uri":"https:\/\/data.oireachtas.ie\/ie\/oireachtas\/bill\/2026\/72\/stage\/dail\/4"}},{"event":{"chamber":{"chamberCode":"dail","showAs":"D\u00e1il \u00c9ireann","uri":"https:\/\/data.oireachtas.ie\/ie\/oireachtas\/def\/house\/dail"},"dates":[{"date":"2026-06-30"}],"house":{"chamberCode":"dail","chamberType":"house","houseCode":"dail","houseNo":"34","showAs":"34th D\u00e1il","uri":"https:\/\/data.oireachtas.ie\/ie\/oireachtas\/house\/dail\/34"},"progressStage":5,"showAs":"Fifth Stage","stageCompleted":true,"stageOutcome":null,"stageURI":"https:\/\/data.oireachtas.ie\/ie\/oireachtas\/def\/bill-stage\/5","uri":"https:\/\/data.oireachtas.ie\/ie\/oireachtas\/bill\/2026\/72\/stage\/dail\/5"}},{"event":{"chamber":{"chamberCode":"seanad","showAs":"Seanad \u00c9ireann","uri":"https:\/\/data.oireachtas.ie\/ie\/oireachtas\/def\/house\/seanad"},"dates":[{"date":"2026-06-30"}],"house":{"chamberCode":"seanad","chamberType":"house","houseCode":"seanad","houseNo":"27","showAs":"27th Seanad","uri":"https:\/\/data.oireachtas.ie\/ie\/oireachtas\/house\/seanad\/27"},"progressStage":6,"showAs":"Second Stage","stageCompleted":true,"stageOutcome":null,"stageURI":"https:\/\/data.oireachtas.ie\/ie\/oireachtas\/def\/bill-stage\/2","uri":"https:\/\/data.oireachtas.ie\/ie\/oireachtas\/bill\/2026\/72\/stage\/seanad\/2"}},{"event":{"chamber":{"chamberCode":"seanad","showAs":"Seanad \u00c9ireann","uri":"https:\/\/data.oireachtas.ie\/ie\/oireachtas\/def\/house\/seanad"},"dates":[{"date":"2026-07-16"}],"house":{"chamberCode":"seanad","chamberType":"house","houseCode":"seanad","houseNo":"27","showAs":"27th Seanad","uri":"https:\/\/data.oireachtas.ie\/ie\/oireachtas\/house\/seanad\/27"},"progressStage":7,"showAs":"Committee Stage","stageCompleted":true,"stageOutcome":null,"stageURI":"https:\/\/data.oireachtas.ie\/ie\/oireachtas\/def\/bill-stage\/3","uri":"https:\/\/data.oireachtas.ie\/ie\/oireachtas\/bill\/2026\/72\/stage\/seanad\/3"}},{"event":{"chamber":{"chamberCode":"seanad","showAs":"Seanad \u00c9ireann","uri":"https:\/\/data.oireachtas.ie\/ie\/oireachtas\/def\/house\/seanad"},"dates":[{"date":"2026-07-16"}],"house":{"chamberCode":"seanad","chamberType":"house","houseCode":"seanad","houseNo":"27","showAs":"27th Seanad","uri":"https:\/\/data.oireachtas.ie\/ie\/oireachtas\/house\/seanad\/27"},"progressStage":8,"showAs":"Report Stage","stageCompleted":true,"stageOutcome":null,"stageURI":"https:\/\/data.oireachtas.ie\/ie\/oireachtas\/def\/bill-stage\/4","uri":"https:\/\/data.oireachtas.ie\/ie\/oireachtas\/bill\/2026\/72\/stage\/seanad\/4"}},{"event":{"chamber":{"chamberCode":"seanad","showAs":"Seanad \u00c9ireann","uri":"https:\/\/data.oireachtas.ie\/ie\/oireachtas\/def\/house\/seanad"},"dates":[{"date":"2026-07-16"}],"house":{"chamberCode":"seanad","chamberType":"house","houseCode":"seanad","houseNo":"27","showAs":"27th Seanad","uri":"https:\/\/data.oireachtas.ie\/ie\/oireachtas\/house\/seanad\/27"},"progressStage":9,"showAs":"Fifth Stage","stageCompleted":true,"stageOutcome":null,"stageURI":"https:\/\/data.oireachtas.ie\/ie\/oireachtas\/def\/bill-stage\/5","uri":"https:\/\/data.oireachtas.ie\/ie\/oireachtas\/bill\/2026\/72\/stage\/seanad\/5"}},{"event":{"chamber":null,"dates":[{"date":"2026-07-23"}],"house":null,"progressStage":10,"showAs":"Enacted","stageCompleted":true,"stageOutcome":"Enacted","stageURI":"https:\/\/data.oireachtas.ie\/ie\/oireachtas\/def\/bill-stage\/enacted","uri":"https:\/\/data.oireachtas.ie\/ie\/oireachtas\/bill\/2026\/72\/stage\/oireachtas\/enacted"}}],"status":"Enacted","statusURI":"https:\/\/data.oireachtas.ie\/ie\/oireachtas\/def\/bill-status\/enacted","uri":"https:\/\/data.oireachtas.ie\/ie\/oireachtas\/bill\/2026\/72","versions":[{"version":{"lang":"eng","docType":"act","showAs":"Development (Strategic Gas Reserve) Act 2026","date":"2026-07-23","formats":{"pdf":{"uri":"https:\/\/data.oireachtas.ie\/ie\/oireachtas\/act\/2026\/36\/eng\/enacted\/a3626.pdf"},"xml":null},"uri":"https:\/\/data.oireachtas.ie\/ie\/oireachtas\/act\/2026\/36\/eng\/enacted"}},{"version":{"lang":"eng","docType":"bill","showAs":"As Initiated","date":"2026-06-19","formats":{"pdf":{"uri":"https:\/\/data.oireachtas.ie\/ie\/oireachtas\/bill\/2026\/72\/eng\/initiated\/b7226d.pdf"},"xml":null},"uri":"https:\/\/data.oireachtas.ie\/ie\/oireachtas\/bill\/2026\/72\/eng\/initiated"}}]},"contextDate":"2026-07-23","billSort":{"actNoSort":36,"actShortTitleEnSort":"development-strategic-gas-reserve-act-2026","actShortTitleGaSort":"an-tacht-um-fhorbairt-cultaca-gais-straiteiseach-2026","actYearSort":2026,"billNoSort":72,"billShortTitleEnSort":"development-strategic-gas-reserve-bill-2026","billShortTitleGaSort":"an-bille-um-fhorbairt-cultaca-gais-straiteiseach-2026","billYearSort":2026}},{"bill":{"act":{"actNo":"28","actYear":"2026","dateSigned":"2026-07-20","longTitleEn":"<p>Act to provide for the making available to An Post of additional monies for the purposes of maintaining a network of post offices; and for that purpose to amend the Postal and Telecommunications Services Act 1983.<\/p>","longTitleGa":"<p>Acht do dh\u00e9anamh socr\u00fa maidir le hairgead breise a chur ar f\u00e1il do An Post chun l\u00edonra postoifig\u00ed a chothabh\u00e1il; agus, chun na cr\u00edche sin, do leas\u00fa an Achta Seirbh\u00eds\u00ed Poist agus Teileachumars\u00e1ide, 1983.<\/p>","shortTitleEn":"Postal and Telecommunications Services (Amendment) Act 2026","shortTitleGa":"An tAcht Seirbh\u00eds\u00ed Poist agus Teileachumars\u00e1ide (Leas\u00fa), 2026","statutebookURI":"http:\/\/www.irishstatutebook.ie\/eli\/2026\/act\/28","uri":"https:\/\/data.oireachtas.ie\/ie\/oireachtas\/act\/2026\/28"},"amendmentLists":[],"billNo":"71","billType":"Public","billTypeURI":"https:\/\/data.oireachtas.ie\/ie\/oireachtas\/def\/bill-type\/public","billYear":"2026","debates":[{"chamber":{"showAs":"Seanad \u00c9ireann","uri":"https:\/\/data.oireachtas.ie\/ie\/oireachtas\/def\/house\/seanad"},"date":"2026-07-14","debateSectionId":"dbsect_11","showAs":"Postal and Telecommunications Services (Amendment) Bill 2026 [Certified Money Bill]: Second Stage","uri":"https:\/\/data.oireachtas.ie\/akn\/ie\/debateRecord\/seanad\/2026-07-14\/debate\/main"},{"chamber":{"showAs":"Seanad \u00c9ireann","uri":"https:\/\/data.oireachtas.ie\/ie\/oireachtas\/def\/house\/seanad"},"date":"2026-07-14","debateSectionId":"dbsect_12","showAs":"Postal and Telecommunications Services (Amendment) Bill 2026 [Certified Money Bill]: Committee and Remaining Stages","uri":"https:\/\/data.oireachtas.ie\/akn\/ie\/debateRecord\/seanad\/2026-07-14\/debate\/main"},{"chamber":{"showAs":"D\u00e1il \u00c9ireann","uri":"https:\/\/data.oireachtas.ie\/ie\/oireachtas\/def\/house\/dail"},"date":"2026-07-08","debateSectionId":"dbsect_14","showAs":"Postal and Telecommunications Services (Amendment) Bill 2026: Committee and Remaining Stages","uri":"https:\/\/data.oireachtas.ie\/akn\/ie\/debateRecord\/dail\/2026-07-08\/debate\/main"},{"chamber":{"showAs":"D\u00e1il \u00c9ireann","uri":"https:\/\/data.oireachtas.ie\/ie\/oireachtas\/def\/house\/dail"},"date":"2026-07-07","debateSectionId":"dbsect_17","showAs":"Postal and Telecommunications Services (Amendment) Bill 2026: Second Stage","uri":"https:\/\/data.oireachtas.ie\/akn\/ie\/debateRecord\/dail\/2026-07-07\/debate\/main"}],"events":[{"event":{"chamber":{"chamberCode":"dail","showAs":"D\u00e1il \u00c9ireann","uri":"https:\/\/data.oireachtas.ie\/ie\/oireachtas\/def\/house\/dail"},"dates":[{"date":"2026-06-19"},{"date":"2026-07-20"}],"eventURI":"https:\/\/data.oireachtas.ie\/ie\/oireachtas\/def\/bill-event\/published","showAs":"Published","uri":"https:\/\/data.oireachtas.ie\/ie\/oireachtas\/bill\/2026\/71\/published"}},{"event":{"chamber":null,"dates":[{"date":"2026-07-20"}],"eventURI":"https:\/\/data.oireachtas.ie\/ie\/oireachtas\/def\/bill-event\/enacted","showAs":"Enacted","uri":"https:\/\/data.oireachtas.ie\/ie\/oireachtas\/bill\/2026\/71\/enacted"}}],"lastUpdated":"2026-07-29T09:07:16.410000+00:00","longTitleEn":"<p>Bill entitled an Act to provide for the making available to An Post of additional monies for the purposes of maintaining a network of post offices; and for that purpose to amend the Postal and Telecommunications Services Act 1983.<\/p>","longTitleGa":"<p>Bille d\u00e1 ngairtear Acht do dh\u00e9anamh socr\u00fa maidir le hairgead breise a chur ar f\u00e1il do An Post chun l\u00edonra postoifig\u00ed a chothabh\u00e1il; agus, chun na cr\u00edche sin, do leas\u00fa an Achta Seirbh\u00eds\u00ed Poist agus Teileachumars\u00e1ide, 1983.<\/p>","method":"Presented","methodURI":"https:\/\/data.oireachtas.ie\/ie\/oireachtas\/def\/bill-method\/presented","mostRecentStage":{"event":{"chamber":null,"dates":[{"date":"2026-07-20"}],"house":null,"progressStage":10,"showAs":"Enacted","stageCompleted":true,"stageOutcome":"Enacted","stageURI":"https:\/\/data.oireachtas.ie\/ie\/oireachtas\/def\/bill-stage\/enacted","uri":"https:\/\/data.oireachtas.ie\/ie\/oireachtas\/bill\/2026\/71\/stage\/oireachtas\/enacted"}},"originHouse":{"showAs":"D\u00e1il \u00c9ireann","uri":"https:\/\/data.oireachtas.ie\/ie\/oireachtas\/def\/house\/dail"},"originHouseURI":"https:\/\/data.oireachtas.ie\/ie\/oireachtas\/def\/house\/dail","relatedDocs":[{"relatedDoc":{"date":"2026-07-06","docType":"gluais","formats":{"pdf":{"uri":"https:\/\/data.oireachtas.ie\/ie\/oireachtas\/bill\/2026\/71\/mul\/gluais\/gluais-27-2026-an-bille-seirbhisi-poist-agus-teileachumarsaide-leasu-2026.pdf"},"xml":null},"lang":"mul","showAs":"Glossary\/Gluais","uri":"https:\/\/data.oireachtas.ie\/ie\/oireachtas\/bill\/2026\/71\/mul\/gluais"}},{"relatedDoc":{"date":"2026-06-19","docType":"memo","formats":{"pdf":{"uri":"https:\/\/data.oireachtas.ie\/ie\/oireachtas\/bill\/2026\/71\/eng\/memo\/b7126d-memo.pdf"},"xml":null},"lang":"eng","showAs":"Explanatory Memorandum","uri":"https:\/\/data.oireachtas.ie\/ie\/oireachtas\/bill\/2026\/71\/eng\/memo"}}],"shortTitleEn":"Postal and Telecommunications Services (Amendment) Bill 2026","shortTitleGa":"An Bille Seirbh\u00eds\u00ed Poist agus Teileachumars\u00e1ide (Leas\u00fa), 2026","source":"Government","sourceURI":"https:\/\/data.oireachtas.ie\/ie\/oireachtas\/def\/bill-source\/government","sponsors":[{"sponsor":{"isPrimary":true,"as":{"showAs":"Minister for Culture, Communications and Sport","uri":null},"by":{"showAs":null,"uri":null}}}],"stages":[{"event":{"chamber":{"chamberCode":"dail","showAs":"D\u00e1il \u00c9ireann","uri":"https:\/\/data.oireachtas.ie\/ie\/oireachtas\/def\/house\/dail"},"dates":[{"date":"2026-06-19"},{"date":"2026-06-19"}],"house":{"chamberCode":"dail","chamberType":"house","houseCode":"dail","houseNo":"34","showAs":"34th D\u00e1il","uri":"https:\/\/data.oireachtas.ie\/ie\/oireachtas\/house\/dail\/34"},"progressStage":1,"showAs":"First Stage","stageCompleted":true,"stageOutcome":null,"stageURI":"https:\/\/data.oireachtas.ie\/ie\/oireachtas\/def\/bill-stage\/1","uri":"https:\/\/data.oireachtas.ie\/ie\/oireachtas\/bill\/2026\/71\/stage\/dail\/1"}},{"event":{"chamber":{"chamberCode":"dail","showAs":"D\u00e1il \u00c9ireann","uri":"https:\/\/data.oireachtas.ie\/ie\/oireachtas\/def\/house\/dail"},"dates":[{"date":"2026-06-19"}],"house":{"chamberCode":"dail","chamberType":"house","houseCode":"dail","houseNo":"34","showAs":"34th D\u00e1il","uri":"https:\/\/data.oireachtas.ie\/ie\/oireachtas\/house\/dail\/34"},"progressStage":2,"showAs":"Second Stage","stageCompleted":true,"stageOutcome":null,"stageURI":"https:\/\/data.oireachtas.ie\/ie\/oireachtas\/def\/bill-stage\/2","uri":"https:\/\/data.oireachtas.ie\/ie\/oireachtas\/bill\/2026\/71\/stage\/dail\/2"}},{"event":{"chamber":{"chamberCode":"dail","showAs":"D\u00e1il \u00c9ireann","uri":"https:\/\/data.oireachtas.ie\/ie\/oireachtas\/def\/house\/dail"},"dates":[{"date":"2026-07-07"}],"house":{"chamberCode":"dail","chamberType":"house","houseCode":"dail","houseNo":"34","showAs":"34th D\u00e1il","uri":"https:\/\/data.oireachtas.ie\/ie\/oireachtas\/house\/dail\/34"},"progressStage":3,"showAs":"Committee Stage","stageCompleted":true,"stageOutcome":null,"stageURI":"https:\/\/data.oireachtas.ie\/ie\/oireachtas\/def\/bill-stage\/3","uri":"https:\/\/data.oireachtas.ie\/ie\/oireachtas\/bill\/2026\/71\/stage\/dail\/3"}},{"event":{"chamber":{"chamberCode":"dail","showAs":"D\u00e1il \u00c9ireann","uri":"https:\/\/data.oireachtas.ie\/ie\/oireachtas\/def\/house\/dail"},"dates":[{"date":"2026-07-08"}],"house":{"chamberCode":"dail","chamberType":"house","houseCode":"dail","houseNo":"34","showAs":"34th D\u00e1il","uri":"https:\/\/data.oireachtas.ie\/ie\/oireachtas\/house\/dail\/34"},"progressStage":4,"showAs":"Report Stage","stageCompleted":true,"stageOutcome":null,"stageURI":"https:\/\/data.oireachtas.ie\/ie\/oireachtas\/def\/bill-stage\/4","uri":"https:\/\/data.oireachtas.ie\/ie\/oireachtas\/bill\/2026\/71\/stage\/dail\/4"}},{"event":{"chamber":{"chamberCode":"dail","showAs":"D\u00e1il \u00c9ireann","uri":"https:\/\/data.oireachtas.ie\/ie\/oireachtas\/def\/house\/dail"},"dates":[{"date":"2026-07-08"}],"house":{"chamberCode":"dail","chamberType":"house","houseCode":"dail","houseNo":"34","showAs":"34th D\u00e1il","uri":"https:\/\/data.oireachtas.ie\/ie\/oireachtas\/house\/dail\/34"},"progressStage":5,"showAs":"Fifth Stage","stageCompleted":true,"stageOutcome":null,"stageURI":"https:\/\/data.oireachtas.ie\/ie\/oireachtas\/def\/bill-stage\/5","uri":"https:\/\/data.oireachtas.ie\/ie\/oireachtas\/bill\/2026\/71\/stage\/dail\/5"}},{"event":{"chamber":{"chamberCode":"seanad","showAs":"Seanad \u00c9ireann","uri":"https:\/\/data.oireachtas.ie\/ie\/oireachtas\/def\/house\/seanad"},"dates":[{"date":"2026-07-14"}],"house":{"chamberCode":"seanad","chamberType":"house","houseCode":"seanad","houseNo":"27","showAs":"27th Seanad","uri":"https:\/\/data.oireachtas.ie\/ie\/oireachtas\/house\/seanad\/27"},"progressStage":6,"showAs":"Second Stage","stageCompleted":true,"stageOutcome":null,"stageURI":"https:\/\/data.oireachtas.ie\/ie\/oireachtas\/def\/bill-stage\/2","uri":"https:\/\/data.oireachtas.ie\/ie\/oireachtas\/bill\/2026\/71\/stage\/seanad\/2"}},{"event":{"chamber":{"chamberCode":"seanad","showAs":"Seanad \u00c9ireann","uri":"https:\/\/data.oireachtas.ie\/ie\/oireachtas\/def\/house\/seanad"},"dates":[{"date":"2026-07-14"}],"house":{"chamberCode":"seanad","chamberType":"house","houseCode":"seanad","houseNo":"27","showAs":"27th Seanad","uri":"https:\/\/data.oireachtas.ie\/ie\/oireachtas\/house\/seanad\/27"},"progressStage":7,"showAs":"Committee Stage","stageCompleted":true,"stageOutcome":null,"stageURI":"https:\/\/data.oireachtas.ie\/ie\/oireachtas\/def\/bill-stage\/3","uri":"https:\/\/data.oireachtas.ie\/ie\/oireachtas\/bill\/2026\/71\/stage\/seanad\/3"}},{"event":{"chamber":{"chamberCode":"seanad","showAs":"Seanad \u00c9ireann","uri":"https:\/\/data.oireachtas.ie\/ie\/oireachtas\/def\/house\/seanad"},"dates":[{"date":"2026-07-14"}],"house":{"chamberCode":"seanad","chamberType":"house","houseCode":"seanad","houseNo":"27","showAs":"27th Seanad","uri":"https:\/\/data.oireachtas.ie\/ie\/oireachtas\/house\/seanad\/27"},"progressStage":8,"showAs":"Report Stage","stageCompleted":true,"stageOutcome":null,"stageURI":"https:\/\/data.oireachtas.ie\/ie\/oireachtas\/def\/bill-stage\/4","uri":"https:\/\/data.oireachtas.ie\/ie\/oireachtas\/bill\/2026\/71\/stage\/seanad\/4"}},{"event":{"chamber":{"chamberCode":"seanad","showAs":"Seanad \u00c9ireann","uri":"https:\/\/data.oireachtas.ie\/ie\/oireachtas\/def\/house\/seanad"},"dates":[{"date":"2026-07-14"}],"house":{"chamberCode":"seanad","chamberType":"house","houseCode":"seanad","houseNo":"27","showAs":"27th Seanad","uri":"https:\/\/data.oireachtas.ie\/ie\/oireachtas\/house\/seanad\/27"},"progressStage":9,"showAs":"Fifth Stage","stageCompleted":true,"stageOutcome":null,"stageURI":"https:\/\/data.oireachtas.ie\/ie\/oireachtas\/def\/bill-stage\/5","uri":"https:\/\/data.oireachtas.ie\/ie\/oireachtas\/bill\/2026\/71\/stage\/seanad\/5"}},{"event":{"chamber":null,"dates":[{"date":"2026-07-20"}],"house":null,"progressStage":10,"showAs":"Enacted","stageCompleted":true,"stageOutcome":"Enacted","stageURI":"https:\/\/data.oireachtas.ie\/ie\/oireachtas\/def\/bill-stage\/enacted","uri":"https:\/\/data.oireachtas.ie\/ie\/oireachtas\/bill\/2026\/71\/stage\/oireachtas\/enacted"}}],"status":"Enacted","statusURI":"https:\/\/data.oireachtas.ie\/ie\/oireachtas\/def\/bill-status\/enacted","uri":"https:\/\/data.oireachtas.ie\/ie\/oireachtas\/bill\/2026\/71","versions":[{"version":{"lang":"eng","docType":"act","showAs":"Postal and Telecommunications Services (Amendment) Act 2026","date":"2026-07-20","formats":{"pdf":{"uri":"https:\/\/data.oireachtas.ie\/ie\/oireachtas\/act\/2026\/28\/eng\/enacted\/a2826.pdf"},"xml":null},"uri":"https:\/\/data.oireachtas.ie\/ie\/oireachtas\/act\/2026\/28\/eng\/enacted"}},{"version":{"lang":"eng","docType":"bill","showAs":"As Initiated","date":"2026-06-19","formats":{"pdf":{"uri":"https:\/\/data.oireachtas.ie\/ie\/oireachtas\/bill\/2026\/71\/eng\/initiated\/b7126d.pdf"},"xml":null},"uri":"https:\/\/data.oireachtas.ie\/ie\/oireachtas\/bill\/2026\/71\/eng\/initiated"}}]},"contextDate":"2026-07-20","billSort":{"actNoSort":28,"actShortTitleEnSort":"postal-and-telecommunications-services-amendment-act-2026","actShortTitleGaSort":"an-tacht-seirbhisi-poist-agus-teileachumarsaide-leasu-2026","actYearSort":2026,"billNoSort":71,"billShortTitleEnSort":"postal-and-telecommunications-services-amendment-bill-2026","billShortTitleGaSort":"an-bille-seirbhisi-poist-agus-teileachumarsaide-leasu-2026","billYearSort":2026}},{"bill":{"act":{"actNo":"25","actYear":"2026","dateSigned":"2026-07-16","longTitleEn":"<p>Act to confer a power on the Minister for Transport, in the public interest and having regard to the strategic importance of Dublin Airport in supporting international connectivity, trade, tourism, investment and the movement of persons and cargo to, from and within the State, to make an order to amend or revoke a planning condition relating to the number of passengers that may use Dublin Airport for the purpose of travelling by air to or from another airport; to enable daa, public limited company, to make an application to the Minister for Transport for that purpose; to provide, before the making of such an order, for environmental assessments to be carried out by An Coimisi\u00fan Plean\u00e1la for the purposes of Directive 2011\/92\/EU of the European Parliament and of the Council of 13 December 2011 on the assessment of the effects of certain public and private projects on the environment, Directive 2000\/60\/EC of the European Parliament and of the Council of 23 October 2000 establishing a framework for community action in the field of water policy and Council Directive 92\/43\/EEC of 21 May 1992 on the conservation of natural habitats and of wild fauna and flora; to limit, having regard to the aforementioned importance of Dublin Airport, the planning conditions that may be imposed on development at that Airport and, for that purpose, to amend the Planning and Development Act 2000 and the Planning and Development Act 2024; to amend the Aircraft Noise (Dublin Airport) Regulation Act 2019; to provide an exemption from the application of section 15 of the Climate Action and Low Carbon Development Act 2015; and to provide for related matters.<\/p>","longTitleGa":"<p>Acht do thabhairt cumhacht don Aire Iompair, ar mhaithe le leas an phobail agus ag f\u00e9achaint don t\u00e1bhacht strait\u00e9iseach a bhaineann le hAerfort Bhaile \u00c1tha Cliath maidir le tac\u00fa le nascacht idirn\u00e1isi\u00fanta, le tr\u00e1d\u00e1il, le turas\u00f3ireacht, le hinfheist\u00edocht agus le gluaiseacht daoine agus lasta go dt\u00ed an St\u00e1t, agus uaidh, agus laistigh de, chun ord\u00fa a dh\u00e9anamh chun leas\u00fa n\u00f3 c\u00falghairm a dh\u00e9anamh ar choinn\u00edoll plean\u00e1la a bhaineann leis an l\u00edon paisin\u00e9ir\u00ed a fh\u00e9adfaidh Aerfort Bhaile \u00c1tha Cliath a \u00fas\u00e1id chun taisteal d\u2019aer go dt\u00ed aerfort eile n\u00f3 uaidh; d\u00e1 chumas\u00fa do \u00daAB\u00c1C, cuideachta phoibl\u00ed theoranta, iarratas a dh\u00e9anamh chuig an Aire Iompair chun na cr\u00edche sin; do dh\u00e9anamh socr\u00fa, roimh ord\u00fa den s\u00f3rt sin a dh\u00e9anamh, maidir leis an gCoimisi\u00fan Plean\u00e1la do dh\u00e9anamh meas\u00fanachta\u00ed comhshaoil chun cr\u00edocha Threoir 2011\/92\/AE \u00f3 Pharlaimint na hEorpa agus \u00f3n gComhairle an 13 Nollaig 2011 maidir le meas\u00fan\u00fa a dh\u00e9anamh ar \u00e9ifeachta\u00ed tionscadal poibl\u00ed agus pr\u00edobh\u00e1ideach \u00e1irithe ar an gcomhshaol, Threoir 2000\/60\/CE \u00f3 Pharlaimint na hEorpa agus \u00f3n gComhairle an 23 Deireadh F\u00f3mhair 2000 lena mbuna\u00edtear creat do ghn\u00edomha\u00edocht chomhphobail i r\u00e9imse an bheartais uisce agus Threoir 92\/43\/CEE \u00f3n gComhairle an 21 Bealtaine 1992 maidir le gn\u00e1th\u00f3ga n\u00e1d\u00fartha agus f\u00e1na agus fl\u00f3ra fi\u00e1ine a chaomhn\u00fa; ag f\u00e9achaint don t\u00e1bhacht r\u00e9amhluaite a bhaineann le hAerfort Bhaile \u00c1tha Cliath, do theorann\u00fa na gcoinn\u00edollacha plean\u00e1la a fh\u00e9adfar a fhorchur ar fhorbairt ag an Aerfort sin agus, chun na cr\u00edche sin, do leas\u00fa an Achta um Plean\u00e1il agus Forbairt, 2000 agus an Achta um Plean\u00e1il agus Forbairt, 2024;&nbsp; do leas\u00fa an Achta um Thorann Aer\u00e1rtha\u00ed (Aerfort Bhaile \u00c1tha Cliath) a Rial\u00e1il, 2019; do thabhairt d\u00edol\u00faine \u00f3 fheidhm alt 15 den Acht um Ghn\u00edomh\u00fa Aer\u00e1ide agus um Fhorbairt \u00cdsealcharb\u00f3in, 2015; agus do dh\u00e9anamh socr\u00fa i dtaobh nithe gaolmhara.&nbsp;<\/p>","shortTitleEn":"Dublin Airport (Passenger Capacity) Act 2026","shortTitleGa":"An tAcht um Aerfort Bhaile \u00c1tha Cliath (Toilleadh \u00f3 thaobh L\u00edon Paisin\u00e9ir\u00ed), 2026","statutebookURI":"http:\/\/www.irishstatutebook.ie\/eli\/2026\/act\/25","uri":"https:\/\/data.oireachtas.ie\/ie\/oireachtas\/act\/2026\/25"},"amendmentLists":[{"amendmentList":{"amendmentTypeUri":{"uri":"https:\/\/data.oireachtas.ie\/ie\/oireachtas\/def\/amendment-type\/numberedList"},"chamber":{"showAs":"Seanad","uri":"https:\/\/data.oireachtas.ie\/ie\/oireachtas\/def\/seanad"},"date":"2026-07-08","formats":{"pdf":{"uri":"https:\/\/data.oireachtas.ie\/ie\/oireachtas\/bill\/2026\/70\/seanad\/3\/amendment\/numberedList\/eng\/b7026d-nl.pdf"},"xml":null},"showAs":"Numbered List [Seanad]","stage":{"showAs":"Committee Stage","uri":"https:\/\/data.oireachtas.ie\/ie\/oireachtas\/bill\/2026\/70\/seanad\/3"},"stageNo":"3"}},{"amendmentList":{"amendmentTypeUri":{"uri":"https:\/\/data.oireachtas.ie\/ie\/oireachtas\/def\/amendment-type\/numberedList"},"chamber":{"showAs":"Dail","uri":"https:\/\/data.oireachtas.ie\/ie\/oireachtas\/def\/dail"},"date":"2026-06-29","formats":{"pdf":{"uri":"https:\/\/data.oireachtas.ie\/ie\/oireachtas\/bill\/2026\/70\/dail\/3\/amendment\/numberedList\/eng\/b7026d-dcnl.pdf"},"xml":null},"showAs":"Numbered List [D\u00e1il]","stage":{"showAs":"Committee Stage","uri":"https:\/\/data.oireachtas.ie\/ie\/oireachtas\/bill\/2026\/70\/dail\/3"},"stageNo":"3"}}],"billNo":"70","billType":"Public","billTypeURI":"https:\/\/data.oireachtas.ie\/ie\/oireachtas\/def\/bill-type\/public","billYear":"2026","debates":[{"chamber":{"showAs":"Seanad \u00c9ireann","uri":"https:\/\/data.oireachtas.ie\/ie\/oireachtas\/def\/house\/seanad"},"date":"2026-07-08","debateSectionId":"dbsect_12","showAs":"Dublin Airport (Passenger Capacity) Bill 2026: Order for Committee Stage","uri":"https:\/\/data.oireachtas.ie\/akn\/ie\/debateRecord\/seanad\/2026-07-08\/debate\/main"},{"chamber":{"showAs":"Seanad \u00c9ireann","uri":"https:\/\/data.oireachtas.ie\/ie\/oireachtas\/def\/house\/seanad"},"date":"2026-07-08","debateSectionId":"dbsect_13","showAs":"Dublin Airport (Passenger Capacity) Bill 2026: Committee and Remaining Stages","uri":"https:\/\/data.oireachtas.ie\/akn\/ie\/debateRecord\/seanad\/2026-07-08\/debate\/main"},{"chamber":{"showAs":"Seanad \u00c9ireann","uri":"https:\/\/data.oireachtas.ie\/ie\/oireachtas\/def\/house\/seanad"},"date":"2026-07-01","debateSectionId":"dbsect_11","showAs":"Dublin Airport (Passenger Capacity) Bill 2026: Second Stage","uri":"https:\/\/data.oireachtas.ie\/akn\/ie\/debateRecord\/seanad\/2026-07-01\/debate\/main"},{"chamber":{"showAs":"D\u00e1il \u00c9ireann","uri":"https:\/\/data.oireachtas.ie\/ie\/oireachtas\/def\/house\/dail"},"date":"2026-06-30","debateSectionId":"dbsect_27","showAs":"Dublin Airport (Passenger Capacity) Bill 2026: Committee and Remaining Stages","uri":"https:\/\/data.oireachtas.ie\/akn\/ie\/debateRecord\/dail\/2026-06-30\/debate\/main"},{"chamber":{"showAs":"D\u00e1il \u00c9ireann","uri":"https:\/\/data.oireachtas.ie\/ie\/oireachtas\/def\/house\/dail"},"date":"2026-06-23","debateSectionId":"dbsect_10","showAs":"Dublin Airport (Passenger Capacity) Bill 2026: Second Stage","uri":"https:\/\/data.oireachtas.ie\/akn\/ie\/debateRecord\/dail\/2026-06-23\/debate\/main"},{"chamber":{"showAs":"D\u00e1il \u00c9ireann","uri":"https:\/\/data.oireachtas.ie\/ie\/oireachtas\/def\/house\/dail"},"date":"2026-06-23","debateSectionId":"dbsect_11","showAs":"Dublin Airport (Passenger Capacity) Bill 2026: Referral to Select Committee","uri":"https:\/\/data.oireachtas.ie\/akn\/ie\/debateRecord\/dail\/2026-06-23\/debate\/main"}],"events":[{"event":{"chamber":{"chamberCode":"dail","showAs":"D\u00e1il \u00c9ireann","uri":"https:\/\/data.oireachtas.ie\/ie\/oireachtas\/def\/house\/dail"},"dates":[{"date":"2026-06-19"},{"date":"2026-07-16"}],"eventURI":"https:\/\/data.oireachtas.ie\/ie\/oireachtas\/def\/bill-event\/published","showAs":"Published","uri":"https:\/\/data.oireachtas.ie\/ie\/oireachtas\/bill\/2026\/70\/published"}},{"event":{"chamber":null,"dates":[{"date":"2026-07-16"}],"eventURI":"https:\/\/data.oireachtas.ie\/ie\/oireachtas\/def\/bill-event\/enacted","showAs":"Enacted","uri":"https:\/\/data.oireachtas.ie\/ie\/oireachtas\/bill\/2026\/70\/enacted"}}],"lastUpdated":"2026-07-22T13:48:44.900000+00:00","longTitleEn":"<p>Bill entitled an Act to confer a power on the Minister for Transport, in the public interest and having regard to the strategic importance of Dublin Airport in supporting international connectivity, trade, tourism, investment and the movement of persons and cargo to, from and within the State, to make an order to amend or revoke a planning condition relating to the number of passengers that may use Dublin Airport for the purpose of travelling by air to or from another airport; to enable daa, public limited company, to make an application to the Minister for Transport for that purpose; to provide, before the making of such an order, for environmental assessments to be carried out by An Coimisi\u00fan Plean\u00e1la for the purposes of Directive 2011\/92\/EU of the European Parliament and of the Council of 13 December 2011 on the assessment of the effects of certain public and private projects on the environment, Directive 2000\/60\/EC of the European Parliament and of the Council of 23 October 2000 establishing a framework for community action in the field of water policy and Council Directive 92\/43\/EEC of 21 May 1992 on the conservation of natural habitats and of wild fauna and flora; to limit, having regard to the aforementioned importance of Dublin Airport, the planning conditions that may be imposed on development at that Airport and, for that purpose, to amend the Planning and Development Act 2000 and the Planning and Development Act 2024; to amend the Aircraft Noise (Dublin Airport) Regulation Act 2019; to provide an exemption from the application of section 15 of the Climate Action and Low Carbon Development Act 2015; and to provide for related matters.<\/p>","longTitleGa":"<p>Bille d\u00e1 ngairtear Acht do thabhairt cumhacht don Aire Iompair, ar mhaithe le leas an phobail agus ag f\u00e9achaint don t\u00e1bhacht strait\u00e9iseach a bhaineann le hAerfort Bhaile \u00c1tha Cliath maidir le tac\u00fa le nascacht idirn\u00e1isi\u00fanta, le tr\u00e1d\u00e1il, le turas\u00f3ireacht, le hinfheist\u00edocht agus le gluaiseacht daoine agus lasta go dt\u00ed an St\u00e1t, agus uaidh, agus laistigh de, chun ord\u00fa a dh\u00e9anamh chun leas\u00fa n\u00f3 c\u00falghairm a dh\u00e9anamh ar choinn\u00edoll plean\u00e1la a bhaineann leis an l\u00edon paisin\u00e9ir\u00ed a fh\u00e9adfaidh Aerfort Bhaile \u00c1tha Cliath a \u00fas\u00e1id chun taisteal d\u2019aer go dt\u00ed aerfort eile n\u00f3 uaidh; d\u00e1 chumas\u00fa do \u00daAB\u00c1C, cuideachta phoibl\u00ed theoranta, iarratas a dh\u00e9anamh chuig an Aire Iompair chun na cr\u00edche sin; do dh\u00e9anamh socr\u00fa, roimh ord\u00fa den s\u00f3rt sin a dh\u00e9anamh, maidir leis an gCoimisi\u00fan Plean\u00e1la do dh\u00e9anamh meas\u00fanachta\u00ed comhshaoil chun cr\u00edocha Threoir 2011\/92\/AE \u00f3 Pharlaimint na hEorpa agus \u00f3n gComhairle an 13 Nollaig 2011 maidir le meas\u00fan\u00fa a dh\u00e9anamh ar \u00e9ifeachta\u00ed tionscadal poibl\u00ed agus pr\u00edobh\u00e1ideach \u00e1irithe ar an gcomhshaol, Threoir 2000\/60\/CE \u00f3 Pharlaimint na hEorpa agus \u00f3n gComhairle an 23 Deireadh F\u00f3mhair 2000 lena mbuna\u00edtear creat do ghn\u00edomha\u00edocht chomhphobail i r\u00e9imse an bheartais uisce agus Threoir 92\/43\/CEE \u00f3n gComhairle an 21 Bealtaine 1992 maidir le gn\u00e1th\u00f3ga n\u00e1d\u00fartha agus f\u00e1na agus fl\u00f3ra fi\u00e1ine a chaomhn\u00fa; ag f\u00e9achaint don t\u00e1bhacht r\u00e9amhluaite a bhaineann le hAerfort Bhaile \u00c1tha Cliath, do theorann\u00fa na gcoinn\u00edollacha plean\u00e1la a fh\u00e9adfar a fhorchur ar fhorbairt ag an Aerfort sin agus, chun na cr\u00edche sin, do leas\u00fa an Achta um Plean\u00e1il agus Forbairt, 2000 agus an Achta um Plean\u00e1il agus Forbairt, 2024;&nbsp; do leas\u00fa an Achta um Thorann Aer\u00e1rtha\u00ed (Aerfort Bhaile \u00c1tha Cliath) a Rial\u00e1il, 2019; do thabhairt d\u00edol\u00faine \u00f3 fheidhm alt 15 den Acht um Ghn\u00edomh\u00fa Aer\u00e1ide agus um Fhorbairt \u00cdsealcharb\u00f3in, 2015; agus do dh\u00e9anamh socr\u00fa i dtaobh nithe gaolmhara.&nbsp;<\/p>","method":"Presented","methodURI":"https:\/\/data.oireachtas.ie\/ie\/oireachtas\/def\/bill-method\/presented","mostRecentStage":{"event":{"chamber":null,"dates":[{"date":"2026-07-16"}],"house":null,"progressStage":10,"showAs":"Enacted","stageCompleted":true,"stageOutcome":"Enacted","stageURI":"https:\/\/data.oireachtas.ie\/ie\/oireachtas\/def\/bill-stage\/enacted","uri":"https:\/\/data.oireachtas.ie\/ie\/oireachtas\/bill\/2026\/70\/stage\/oireachtas\/enacted"}},"originHouse":{"showAs":"D\u00e1il \u00c9ireann","uri":"https:\/\/data.oireachtas.ie\/ie\/oireachtas\/def\/house\/dail"},"originHouseURI":"https:\/\/data.oireachtas.ie\/ie\/oireachtas\/def\/house\/dail","relatedDocs":[{"relatedDoc":{"date":"2026-06-19","docType":"memo","formats":{"pdf":{"uri":"https:\/\/data.oireachtas.ie\/ie\/oireachtas\/bill\/2026\/70\/eng\/memo\/b7026d-memo.pdf"},"xml":null},"lang":"eng","showAs":"Explanatory Memorandum","uri":"https:\/\/data.oireachtas.ie\/ie\/oireachtas\/bill\/2026\/70\/eng\/memo"}},{"relatedDoc":{"date":"2025-06-22","docType":"gluais","formats":{"pdf":{"uri":"https:\/\/data.oireachtas.ie\/ie\/oireachtas\/bill\/2026\/70\/mul\/gluais\/gluais-23-2026-an-bille-um-aerfort-bhaile-atha-cliath-toilleadh-o-thaobh-lion-paisineiri-23062026.pdf"},"xml":null},"lang":"mul","showAs":"Glossary\/Gluais","uri":"https:\/\/data.oireachtas.ie\/ie\/oireachtas\/bill\/2026\/70\/mul\/gluais"}}],"shortTitleEn":"Dublin Airport (Passenger Capacity) Bill 2026","shortTitleGa":"An Bille um Aerfort Bhaile \u00c1tha Cliath (Toilleadh \u00f3 thaobh L\u00edon Paisin\u00e9ir\u00ed), 2026","source":"Government","sourceURI":"https:\/\/data.oireachtas.ie\/ie\/oireachtas\/def\/bill-source\/government","sponsors":[{"sponsor":{"isPrimary":true,"as":{"showAs":"Minister for Transport","uri":null},"by":{"showAs":null,"uri":null}}}],"stages":[{"event":{"chamber":{"chamberCode":"dail","showAs":"D\u00e1il \u00c9ireann","uri":"https:\/\/data.oireachtas.ie\/ie\/oireachtas\/def\/house\/dail"},"dates":[{"date":"2026-06-19"},{"date":"2026-06-23"}],"house":{"chamberCode":"dail","chamberType":"house","houseCode":"dail","houseNo":"34","showAs":"34th D\u00e1il","uri":"https:\/\/data.oireachtas.ie\/ie\/oireachtas\/house\/dail\/34"},"progressStage":1,"showAs":"First Stage","stageCompleted":true,"stageOutcome":null,"stageURI":"https:\/\/data.oireachtas.ie\/ie\/oireachtas\/def\/bill-stage\/1","uri":"https:\/\/data.oireachtas.ie\/ie\/oireachtas\/bill\/2026\/70\/stage\/dail\/1"}},{"event":{"chamber":{"chamberCode":"dail","showAs":"D\u00e1il \u00c9ireann","uri":"https:\/\/data.oireachtas.ie\/ie\/oireachtas\/def\/house\/dail"},"dates":[{"date":"2026-06-23"}],"house":{"chamberCode":"dail","chamberType":"house","houseCode":"dail","houseNo":"34","showAs":"34th D\u00e1il","uri":"https:\/\/data.oireachtas.ie\/ie\/oireachtas\/house\/dail\/34"},"progressStage":2,"showAs":"Second Stage","stageCompleted":true,"stageOutcome":null,"stageURI":"https:\/\/data.oireachtas.ie\/ie\/oireachtas\/def\/bill-stage\/2","uri":"https:\/\/data.oireachtas.ie\/ie\/oireachtas\/bill\/2026\/70\/stage\/dail\/2"}},{"event":{"chamber":{"chamberCode":"dail","showAs":"D\u00e1il \u00c9ireann","uri":"https:\/\/data.oireachtas.ie\/ie\/oireachtas\/def\/house\/dail"},"dates":[{"date":"2026-06-23"}],"house":{"chamberCode":"dail","chamberType":"house","houseCode":"dail","houseNo":"34","showAs":"34th D\u00e1il","uri":"https:\/\/data.oireachtas.ie\/ie\/oireachtas\/house\/dail\/34"},"progressStage":3,"showAs":"Committee Stage","stageCompleted":true,"stageOutcome":null,"stageURI":"https:\/\/data.oireachtas.ie\/ie\/oireachtas\/def\/bill-stage\/3","uri":"https:\/\/data.oireachtas.ie\/ie\/oireachtas\/bill\/2026\/70\/stage\/dail\/3"}},{"event":{"chamber":{"chamberCode":"dail","showAs":"D\u00e1il \u00c9ireann","uri":"https:\/\/data.oireachtas.ie\/ie\/oireachtas\/def\/house\/dail"},"dates":[{"date":"2026-06-30"}],"house":{"chamberCode":"dail","chamberType":"house","houseCode":"dail","houseNo":"34","showAs":"34th D\u00e1il","uri":"https:\/\/data.oireachtas.ie\/ie\/oireachtas\/house\/dail\/34"},"progressStage":4,"showAs":"Report Stage","stageCompleted":true,"stageOutcome":null,"stageURI":"https:\/\/data.oireachtas.ie\/ie\/oireachtas\/def\/bill-stage\/4","uri":"https:\/\/data.oireachtas.ie\/ie\/oireachtas\/bill\/2026\/70\/stage\/dail\/4"}},{"event":{"chamber":{"chamberCode":"dail","showAs":"D\u00e1il \u00c9ireann","uri":"https:\/\/data.oireachtas.ie\/ie\/oireachtas\/def\/house\/dail"},"dates":[{"date":"2026-06-30"}],"house":{"chamberCode":"dail","chamberType":"house","houseCode":"dail","houseNo":"34","showAs":"34th D\u00e1il","uri":"https:\/\/data.oireachtas.ie\/ie\/oireachtas\/house\/dail\/34"},"progressStage":5,"showAs":"Fifth Stage","stageCompleted":true,"stageOutcome":null,"stageURI":"https:\/\/data.oireachtas.ie\/ie\/oireachtas\/def\/bill-stage\/5","uri":"https:\/\/data.oireachtas.ie\/ie\/oireachtas\/bill\/2026\/70\/stage\/dail\/5"}},{"event":{"chamber":{"chamberCode":"seanad","showAs":"Seanad \u00c9ireann","uri":"https:\/\/data.oireachtas.ie\/ie\/oireachtas\/def\/house\/seanad"},"dates":[{"date":"2026-06-30"}],"house":{"chamberCode":"seanad","chamberType":"house","houseCode":"seanad","houseNo":"27","showAs":"27th Seanad","uri":"https:\/\/data.oireachtas.ie\/ie\/oireachtas\/house\/seanad\/27"},"progressStage":6,"showAs":"Second Stage","stageCompleted":true,"stageOutcome":null,"stageURI":"https:\/\/data.oireachtas.ie\/ie\/oireachtas\/def\/bill-stage\/2","uri":"https:\/\/data.oireachtas.ie\/ie\/oireachtas\/bill\/2026\/70\/stage\/seanad\/2"}},{"event":{"chamber":{"chamberCode":"seanad","showAs":"Seanad \u00c9ireann","uri":"https:\/\/data.oireachtas.ie\/ie\/oireachtas\/def\/house\/seanad"},"dates":[{"date":"2026-07-01"}],"house":{"chamberCode":"seanad","chamberType":"house","houseCode":"seanad","houseNo":"27","showAs":"27th Seanad","uri":"https:\/\/data.oireachtas.ie\/ie\/oireachtas\/house\/seanad\/27"},"progressStage":7,"showAs":"Committee Stage","stageCompleted":true,"stageOutcome":null,"stageURI":"https:\/\/data.oireachtas.ie\/ie\/oireachtas\/def\/bill-stage\/3","uri":"https:\/\/data.oireachtas.ie\/ie\/oireachtas\/bill\/2026\/70\/stage\/seanad\/3"}},{"event":{"chamber":{"chamberCode":"seanad","showAs":"Seanad \u00c9ireann","uri":"https:\/\/data.oireachtas.ie\/ie\/oireachtas\/def\/house\/seanad"},"dates":[{"date":"2026-07-08"}],"house":{"chamberCode":"seanad","chamberType":"house","houseCode":"seanad","houseNo":"27","showAs":"27th Seanad","uri":"https:\/\/data.oireachtas.ie\/ie\/oireachtas\/house\/seanad\/27"},"progressStage":8,"showAs":"Report Stage","stageCompleted":true,"stageOutcome":null,"stageURI":"https:\/\/data.oireachtas.ie\/ie\/oireachtas\/def\/bill-stage\/4","uri":"https:\/\/data.oireachtas.ie\/ie\/oireachtas\/bill\/2026\/70\/stage\/seanad\/4"}},{"event":{"chamber":{"chamberCode":"seanad","showAs":"Seanad \u00c9ireann","uri":"https:\/\/data.oireachtas.ie\/ie\/oireachtas\/def\/house\/seanad"},"dates":[{"date":"2026-07-08"}],"house":{"chamberCode":"seanad","chamberType":"house","houseCode":"seanad","houseNo":"27","showAs":"27th Seanad","uri":"https:\/\/data.oireachtas.ie\/ie\/oireachtas\/house\/seanad\/27"},"progressStage":9,"showAs":"Fifth Stage","stageCompleted":true,"stageOutcome":null,"stageURI":"https:\/\/data.oireachtas.ie\/ie\/oireachtas\/def\/bill-stage\/5","uri":"https:\/\/data.oireachtas.ie\/ie\/oireachtas\/bill\/2026\/70\/stage\/seanad\/5"}},{"event":{"chamber":null,"dates":[{"date":"2026-07-16"}],"house":null,"progressStage":10,"showAs":"Enacted","stageCompleted":true,"stageOutcome":"Enacted","stageURI":"https:\/\/data.oireachtas.ie\/ie\/oireachtas\/def\/bill-stage\/enacted","uri":"https:\/\/data.oireachtas.ie\/ie\/oireachtas\/bill\/2026\/70\/stage\/oireachtas\/enacted"}}],"status":"Enacted","statusURI":"https:\/\/data.oireachtas.ie\/ie\/oireachtas\/def\/bill-status\/enacted","uri":"https:\/\/data.oireachtas.ie\/ie\/oireachtas\/bill\/2026\/70","versions":[{"version":{"lang":"eng","docType":"act","showAs":"Dublin Airport (Passenger Capacity) Act 2026","date":"2026-07-16","formats":{"pdf":{"uri":"https:\/\/data.oireachtas.ie\/ie\/oireachtas\/act\/2026\/25\/eng\/enacted\/a2526.pdf"},"xml":null},"uri":"https:\/\/data.oireachtas.ie\/ie\/oireachtas\/act\/2026\/25\/eng\/enacted"}},{"version":{"lang":"eng","docType":"bill","showAs":"As Initiated","date":"2026-06-19","formats":{"pdf":{"uri":"https:\/\/data.oireachtas.ie\/ie\/oireachtas\/bill\/2026\/70\/eng\/initiated\/b7026d.pdf"},"xml":null},"uri":"https:\/\/data.oireachtas.ie\/ie\/oireachtas\/bill\/2026\/70\/eng\/initiated"}}]},"contextDate":"2026-07-16","billSort":{"actNoSort":25,"actShortTitleEnSort":"dublin-airport-passenger-capacity-act-2026","actShortTitleGaSort":"an-tacht-um-aerfort-bhaile-atha-cliath-toilleadh-o-thaobh-lion-paisineiri-2026","actYearSort":2026,"billNoSort":70,"billShortTitleEnSort":"dublin-airport-passenger-capacity-bill-2026","billShortTitleGaSort":"an-bille-um-aerfort-bhaile-atha-cliath-toilleadh-o-thaobh-lion-paisineiri-2026","billYearSort":2026}},{"bill":{"act":{"actNo":"31","actYear":"2026","dateSigned":"2026-07-21","longTitleEn":"<p>Act to provide for the establishment of a body to be known as Oifig IS na h\u00c9ireann; to give further effect to Regulation (EU) 2024\/1689 of the European Parliament and of the Council of 13 June 2024 laying down harmonised rules on artificial intelligence and amending Regulations (EC) No 300\/2008, (EU) No 167\/2013, (EU) No 168\/2013, (EU) 2018\/858, (EU) 2018\/1139 and (EU) 2019\/2144 and Directives 2014\/90\/EU, (EU) 2016\/797 and (EU) 2020\/1828 (Artificial Intelligence Act) and for that purpose to amend the Central Bank Act 1942, the Communications Regulation Act 2002, the Competition and Consumer Protection Act 2014 and the Freedom of Information Act 2014; and to provide for related matters.<\/p>","longTitleGa":"<p>Acht do dh\u00e9anamh socr\u00fa maidir le comhlacht a bhun\u00fa ar a dtabharfar Oifig IS na h\u00c9ireann; do thabhairt tuilleadh \u00e9ifeachta do Rialach\u00e1n (AE) 2024\/1689 \u00f3 Pharlaimint na hEorpa agus \u00f3n gComhairle an 13 Meitheamh 2024 lena leagtar s\u00edos rialacha comhchuibhithe maidir leis an intleacht shaorga agus lena leasa\u00edtear Rialach\u00e1in (CE) Uimh. 300\/2008, (AE) Uimh. 167\/2013, (AE) Uimh. 168\/2013, (AE) 2018\/858, (AE) 2018\/1139 agus (AE) 2019\/2144 agus Treoracha 2014\/90\/AE, (AE) 2016\/797 agus (AE) 2020\/1828 (an Gn\u00edomh um an Intleacht Shaorga) agus, chun na cr\u00edche sin, do leas\u00fa Acht an Bhainc Cheannais, 1942, an Achta um Rial\u00e1il Cumars\u00e1ide, 2002, an Achta um Ioma\u00edocht agus Cosaint Tomhalt\u00f3ir\u00ed, 2014 agus an Achta um Shaor\u00e1il Faisn\u00e9ise, 2014; agus do dh\u00e9anamh socr\u00fa i dtaobh nithe gaolmhara.&nbsp;<\/p>","shortTitleEn":"Regulation of Artificial Intelligence Act 2026","shortTitleGa":"An tAcht  um an Intleacht Shaorga a Rial\u00e1il, 2026","statutebookURI":"http:\/\/www.irishstatutebook.ie\/eli\/2026\/act\/31","uri":"https:\/\/data.oireachtas.ie\/ie\/oireachtas\/act\/2026\/31"},"amendmentLists":[{"amendmentList":{"amendmentTypeUri":{"uri":"https:\/\/data.oireachtas.ie\/ie\/oireachtas\/def\/amendment-type\/numberedList"},"chamber":{"showAs":"Seanad","uri":"https:\/\/data.oireachtas.ie\/ie\/oireachtas\/def\/seanad"},"date":"2026-07-14","formats":{"pdf":{"uri":"https:\/\/data.oireachtas.ie\/ie\/oireachtas\/bill\/2026\/69\/seanad\/3\/amendment\/numberedList\/eng\/b6926d-sc-additional-list1.pdf"},"xml":null},"showAs":"1st Additional List of Amendments [D\u00e1il]","stage":{"showAs":"Committee Stage","uri":"https:\/\/data.oireachtas.ie\/ie\/oireachtas\/bill\/2026\/69\/seanad\/3"},"stageNo":"3"}},{"amendmentList":{"amendmentTypeUri":{"uri":"https:\/\/data.oireachtas.ie\/ie\/oireachtas\/def\/amendment-type\/numberedList"},"chamber":{"showAs":"Seanad","uri":"https:\/\/data.oireachtas.ie\/ie\/oireachtas\/def\/seanad"},"date":"2026-07-09","formats":{"pdf":{"uri":"https:\/\/data.oireachtas.ie\/ie\/oireachtas\/bill\/2026\/69\/seanad\/3\/amendment\/numberedList\/eng\/b6926d-scnl.pdf"},"xml":null},"showAs":"Numbered List [Seanad]","stage":{"showAs":"Committee Stage","uri":"https:\/\/data.oireachtas.ie\/ie\/oireachtas\/bill\/2026\/69\/seanad\/3"},"stageNo":"3"}},{"amendmentList":{"amendmentTypeUri":{"uri":"https:\/\/data.oireachtas.ie\/ie\/oireachtas\/def\/amendment-type\/numberedList"},"chamber":{"showAs":"Dail","uri":"https:\/\/data.oireachtas.ie\/ie\/oireachtas\/def\/dail"},"date":"2026-06-29","formats":{"pdf":{"uri":"https:\/\/data.oireachtas.ie\/ie\/oireachtas\/bill\/2026\/69\/dail\/3\/amendment\/numberedList\/eng\/b6926d-substitute-dcnl.pdf"},"xml":null},"showAs":"1st Substitute List of Amendments [D\u00e1il]","stage":{"showAs":"Committee Stage","uri":"https:\/\/data.oireachtas.ie\/ie\/oireachtas\/bill\/2026\/69\/dail\/3"},"stageNo":"3"}},{"amendmentList":{"amendmentTypeUri":{"uri":"https:\/\/data.oireachtas.ie\/ie\/oireachtas\/def\/amendment-type\/numberedList"},"chamber":{"showAs":"Dail","uri":"https:\/\/data.oireachtas.ie\/ie\/oireachtas\/def\/dail"},"date":"2026-06-29","formats":{"pdf":{"uri":"https:\/\/data.oireachtas.ie\/ie\/oireachtas\/bill\/2026\/69\/dail\/3\/amendment\/numberedList\/eng\/b6926d-nl.pdf"},"xml":null},"showAs":"Numbered List [D\u00e1il]","stage":{"showAs":"Committee Stage","uri":"https:\/\/data.oireachtas.ie\/ie\/oireachtas\/bill\/2026\/69\/dail\/3"},"stageNo":"3"}}],"billNo":"69","billType":"Public","billTypeURI":"https:\/\/data.oireachtas.ie\/ie\/oireachtas\/def\/bill-type\/public","billYear":"2026","debates":[{"chamber":{"showAs":"Seanad \u00c9ireann","uri":"https:\/\/data.oireachtas.ie\/ie\/oireachtas\/def\/house\/seanad"},"date":"2026-07-15","debateSectionId":"dbsect_11","showAs":"Regulation of Artificial Intelligence Bill 2026: Committee Stage (Resumed) and Remaining Stages","uri":"https:\/\/data.oireachtas.ie\/akn\/ie\/debateRecord\/seanad\/2026-07-15\/debate\/main"},{"chamber":{"showAs":"Seanad \u00c9ireann","uri":"https:\/\/data.oireachtas.ie\/ie\/oireachtas\/def\/house\/seanad"},"date":"2026-07-09","debateSectionId":"dbsect_19","showAs":"Regulation of Artificial Intelligence Bill 2026: Committee Stage","uri":"https:\/\/data.oireachtas.ie\/akn\/ie\/debateRecord\/seanad\/2026-07-09\/debate\/main"},{"chamber":{"showAs":"Seanad \u00c9ireann","uri":"https:\/\/data.oireachtas.ie\/ie\/oireachtas\/def\/house\/seanad"},"date":"2026-07-01","debateSectionId":"dbsect_10","showAs":"Regulation of Artificial Intelligence Bill 2026: Second Stage","uri":"https:\/\/data.oireachtas.ie\/akn\/ie\/debateRecord\/seanad\/2026-07-01\/debate\/main"},{"chamber":{"showAs":"D\u00e1il \u00c9ireann","uri":"https:\/\/data.oireachtas.ie\/ie\/oireachtas\/def\/house\/dail"},"date":"2026-06-30","debateSectionId":"dbsect_41","showAs":"Regulation of Artificial Intelligence Bill 2026: Committee and Remaining Stages","uri":"https:\/\/data.oireachtas.ie\/akn\/ie\/debateRecord\/dail\/2026-06-30\/debate\/main"},{"chamber":{"showAs":"D\u00e1il \u00c9ireann","uri":"https:\/\/data.oireachtas.ie\/ie\/oireachtas\/def\/house\/dail"},"date":"2026-06-24","debateSectionId":"dbsect_21","showAs":"Regulation of Artificial Intelligence Bill 2026: Second Stage","uri":"https:\/\/data.oireachtas.ie\/akn\/ie\/debateRecord\/dail\/2026-06-24\/debate\/main"}],"events":[{"event":{"chamber":{"chamberCode":"dail","showAs":"D\u00e1il \u00c9ireann","uri":"https:\/\/data.oireachtas.ie\/ie\/oireachtas\/def\/house\/dail"},"dates":[{"date":"2026-06-19"},{"date":"2026-07-21"}],"eventURI":"https:\/\/data.oireachtas.ie\/ie\/oireachtas\/def\/bill-event\/published","showAs":"Published","uri":"https:\/\/data.oireachtas.ie\/ie\/oireachtas\/bill\/2026\/69\/published"}},{"event":{"chamber":null,"dates":[{"date":"2026-07-21"}],"eventURI":"https:\/\/data.oireachtas.ie\/ie\/oireachtas\/def\/bill-event\/enacted","showAs":"Enacted","uri":"https:\/\/data.oireachtas.ie\/ie\/oireachtas\/bill\/2026\/69\/enacted"}}],"lastUpdated":"2026-07-29T09:20:30.950000+00:00","longTitleEn":"<p>Bill entitled an Act to provide for the establishment of a body to be known as Oifig IS na h\u00c9ireann; to give further effect to Regulation (EU) 2024\/1689 of the European Parliament and of the Council of 13 June 2024 laying down harmonised rules on artificial intelligence and amending Regulations (EC) No 300\/2008, (EU) No 167\/2013, (EU) No 168\/2013, (EU) 2018\/858, (EU) 2018\/1139 and (EU) 2019\/2144 and Directives 2014\/90\/EU, (EU) 2016\/797 and (EU) 2020\/1828 (Artificial Intelligence Act) and for that purpose to amend the Central Bank Act 1942, the Communications Regulation Act 2002, the Competition and Consumer Protection Act 2014 and the Freedom of Information Act 2014; and to provide for related matters.<\/p>","longTitleGa":"<p>Bille d\u00e1 ngairtear Acht do dh\u00e9anamh socr\u00fa maidir le comhlacht a bhun\u00fa ar a dtabharfar Oifig IS na h\u00c9ireann; do thabhairt tuilleadh \u00e9ifeachta do Rialach\u00e1n (AE) 2024\/1689 \u00f3 Pharlaimint na hEorpa agus \u00f3n gComhairle an 13 Meitheamh 2024 lena leagtar s\u00edos rialacha comhchuibhithe maidir leis an intleacht shaorga agus lena leasa\u00edtear Rialach\u00e1in (CE) Uimh. 300\/2008, (AE) Uimh. 167\/2013, (AE) Uimh. 168\/2013, (AE) 2018\/858, (AE) 2018\/1139 agus (AE) 2019\/2144 agus Treoracha 2014\/90\/AE, (AE) 2016\/797 agus (AE) 2020\/1828 (an Gn\u00edomh um an Intleacht Shaorga) agus, chun na cr\u00edche sin, do leas\u00fa Acht an Bhainc Cheannais, 1942, an Achta um Rial\u00e1il Cumars\u00e1ide, 2002, an Achta um Ioma\u00edocht agus Cosaint Tomhalt\u00f3ir\u00ed, 2014 agus an Achta um Shaor\u00e1il Faisn\u00e9ise, 2014; agus do dh\u00e9anamh socr\u00fa i dtaobh nithe gaolmhara.&nbsp;<\/p>","method":"Presented","methodURI":"https:\/\/data.oireachtas.ie\/ie\/oireachtas\/def\/bill-method\/presented","mostRecentStage":{"event":{"chamber":null,"dates":[{"date":"2026-07-21"}],"house":null,"progressStage":10,"showAs":"Enacted","stageCompleted":true,"stageOutcome":"Enacted","stageURI":"https:\/\/data.oireachtas.ie\/ie\/oireachtas\/def\/bill-stage\/enacted","uri":"https:\/\/data.oireachtas.ie\/ie\/oireachtas\/bill\/2026\/69\/stage\/oireachtas\/enacted"}},"originHouse":{"showAs":"D\u00e1il \u00c9ireann","uri":"https:\/\/data.oireachtas.ie\/ie\/oireachtas\/def\/house\/dail"},"originHouseURI":"https:\/\/data.oireachtas.ie\/ie\/oireachtas\/def\/house\/dail","relatedDocs":[{"relatedDoc":{"date":"2026-06-22","docType":"gluais","formats":{"pdf":{"uri":"https:\/\/data.oireachtas.ie\/ie\/oireachtas\/bill\/2026\/69\/mul\/gluais\/gluais-24-2026-an-bille-um-an-intleacht-shaorga-a-rialail-2026.pdf"},"xml":null},"lang":"mul","showAs":"Glossary\/Gluais","uri":"https:\/\/data.oireachtas.ie\/ie\/oireachtas\/bill\/2026\/69\/mul\/gluais"}},{"relatedDoc":{"date":"2026-06-19","docType":"memo","formats":{"pdf":{"uri":"https:\/\/data.oireachtas.ie\/ie\/oireachtas\/bill\/2026\/69\/eng\/memo\/b6926d-memo.pdf"},"xml":null},"lang":"eng","showAs":"Explanatory Memorandum","uri":"https:\/\/data.oireachtas.ie\/ie\/oireachtas\/bill\/2026\/69\/eng\/memo"}}],"shortTitleEn":"Regulation of Artificial Intelligence Bill 2026","shortTitleGa":"An Bille um an Intleacht Shaorga a Rial\u00e1il, 2026","source":"Government","sourceURI":"https:\/\/data.oireachtas.ie\/ie\/oireachtas\/def\/bill-source\/government","sponsors":[{"sponsor":{"isPrimary":true,"as":{"showAs":"Minister for Enterprise, Tourism and Employment","uri":null},"by":{"showAs":null,"uri":null}}}],"stages":[{"event":{"chamber":{"chamberCode":"dail","showAs":"D\u00e1il \u00c9ireann","uri":"https:\/\/data.oireachtas.ie\/ie\/oireachtas\/def\/house\/dail"},"dates":[{"date":"2026-06-19"},{"date":"2026-06-24"}],"house":{"chamberCode":"dail","chamberType":"house","houseCode":"dail","houseNo":"34","showAs":"34th D\u00e1il","uri":"https:\/\/data.oireachtas.ie\/ie\/oireachtas\/house\/dail\/34"},"progressStage":1,"showAs":"First Stage","stageCompleted":true,"stageOutcome":null,"stageURI":"https:\/\/data.oireachtas.ie\/ie\/oireachtas\/def\/bill-stage\/1","uri":"https:\/\/data.oireachtas.ie\/ie\/oireachtas\/bill\/2026\/69\/stage\/dail\/1"}},{"event":{"chamber":{"chamberCode":"dail","showAs":"D\u00e1il \u00c9ireann","uri":"https:\/\/data.oireachtas.ie\/ie\/oireachtas\/def\/house\/dail"},"dates":[{"date":"2026-06-24"}],"house":{"chamberCode":"dail","chamberType":"house","houseCode":"dail","houseNo":"34","showAs":"34th D\u00e1il","uri":"https:\/\/data.oireachtas.ie\/ie\/oireachtas\/house\/dail\/34"},"progressStage":2,"showAs":"Second Stage","stageCompleted":true,"stageOutcome":null,"stageURI":"https:\/\/data.oireachtas.ie\/ie\/oireachtas\/def\/bill-stage\/2","uri":"https:\/\/data.oireachtas.ie\/ie\/oireachtas\/bill\/2026\/69\/stage\/dail\/2"}},{"event":{"chamber":{"chamberCode":"dail","showAs":"D\u00e1il \u00c9ireann","uri":"https:\/\/data.oireachtas.ie\/ie\/oireachtas\/def\/house\/dail"},"dates":[{"date":"2026-06-30"}],"house":{"chamberCode":"dail","chamberType":"house","houseCode":"dail","houseNo":"34","showAs":"34th D\u00e1il","uri":"https:\/\/data.oireachtas.ie\/ie\/oireachtas\/house\/dail\/34"},"progressStage":3,"showAs":"Committee Stage","stageCompleted":true,"stageOutcome":null,"stageURI":"https:\/\/data.oireachtas.ie\/ie\/oireachtas\/def\/bill-stage\/3","uri":"https:\/\/data.oireachtas.ie\/ie\/oireachtas\/bill\/2026\/69\/stage\/dail\/3"}},{"event":{"chamber":{"chamberCode":"dail","showAs":"D\u00e1il \u00c9ireann","uri":"https:\/\/data.oireachtas.ie\/ie\/oireachtas\/def\/house\/dail"},"dates":[{"date":"2026-06-30"}],"house":{"chamberCode":"dail","chamberType":"house","houseCode":"dail","houseNo":"34","showAs":"34th D\u00e1il","uri":"https:\/\/data.oireachtas.ie\/ie\/oireachtas\/house\/dail\/34"},"progressStage":4,"showAs":"Report Stage","stageCompleted":true,"stageOutcome":null,"stageURI":"https:\/\/data.oireachtas.ie\/ie\/oireachtas\/def\/bill-stage\/4","uri":"https:\/\/data.oireachtas.ie\/ie\/oireachtas\/bill\/2026\/69\/stage\/dail\/4"}},{"event":{"chamber":{"chamberCode":"dail","showAs":"D\u00e1il \u00c9ireann","uri":"https:\/\/data.oireachtas.ie\/ie\/oireachtas\/def\/house\/dail"},"dates":[{"date":"2026-06-30"}],"house":{"chamberCode":"dail","chamberType":"house","houseCode":"dail","houseNo":"34","showAs":"34th D\u00e1il","uri":"https:\/\/data.oireachtas.ie\/ie\/oireachtas\/house\/dail\/34"},"progressStage":5,"showAs":"Fifth Stage","stageCompleted":true,"stageOutcome":null,"stageURI":"https:\/\/data.oireachtas.ie\/ie\/oireachtas\/def\/bill-stage\/5","uri":"https:\/\/data.oireachtas.ie\/ie\/oireachtas\/bill\/2026\/69\/stage\/dail\/5"}},{"event":{"chamber":{"chamberCode":"seanad","showAs":"Seanad \u00c9ireann","uri":"https:\/\/data.oireachtas.ie\/ie\/oireachtas\/def\/house\/seanad"},"dates":[{"date":"2026-06-30"}],"house":{"chamberCode":"seanad","chamberType":"house","houseCode":"seanad","houseNo":"27","showAs":"27th Seanad","uri":"https:\/\/data.oireachtas.ie\/ie\/oireachtas\/house\/seanad\/27"},"progressStage":6,"showAs":"Second Stage","stageCompleted":true,"stageOutcome":null,"stageURI":"https:\/\/data.oireachtas.ie\/ie\/oireachtas\/def\/bill-stage\/2","uri":"https:\/\/data.oireachtas.ie\/ie\/oireachtas\/bill\/2026\/69\/stage\/seanad\/2"}},{"event":{"chamber":{"chamberCode":"seanad","showAs":"Seanad \u00c9ireann","uri":"https:\/\/data.oireachtas.ie\/ie\/oireachtas\/def\/house\/seanad"},"dates":[{"date":"2026-07-01"},{"date":"2026-07-01"},{"date":"2026-07-01"},{"date":"2026-07-01"}],"house":{"chamberCode":"seanad","chamberType":"house","houseCode":"seanad","houseNo":"27","showAs":"27th Seanad","uri":"https:\/\/data.oireachtas.ie\/ie\/oireachtas\/house\/seanad\/27"},"progressStage":7,"showAs":"Committee Stage","stageCompleted":true,"stageOutcome":null,"stageURI":"https:\/\/data.oireachtas.ie\/ie\/oireachtas\/def\/bill-stage\/3","uri":"https:\/\/data.oireachtas.ie\/ie\/oireachtas\/bill\/2026\/69\/stage\/seanad\/3"}},{"event":{"chamber":{"chamberCode":"seanad","showAs":"Seanad \u00c9ireann","uri":"https:\/\/data.oireachtas.ie\/ie\/oireachtas\/def\/house\/seanad"},"dates":[{"date":"2026-07-15"}],"house":{"chamberCode":"seanad","chamberType":"house","houseCode":"seanad","houseNo":"27","showAs":"27th Seanad","uri":"https:\/\/data.oireachtas.ie\/ie\/oireachtas\/house\/seanad\/27"},"progressStage":8,"showAs":"Report Stage","stageCompleted":true,"stageOutcome":null,"stageURI":"https:\/\/data.oireachtas.ie\/ie\/oireachtas\/def\/bill-stage\/4","uri":"https:\/\/data.oireachtas.ie\/ie\/oireachtas\/bill\/2026\/69\/stage\/seanad\/4"}},{"event":{"chamber":{"chamberCode":"seanad","showAs":"Seanad \u00c9ireann","uri":"https:\/\/data.oireachtas.ie\/ie\/oireachtas\/def\/house\/seanad"},"dates":[{"date":"2026-07-15"}],"house":{"chamberCode":"seanad","chamberType":"house","houseCode":"seanad","houseNo":"27","showAs":"27th Seanad","uri":"https:\/\/data.oireachtas.ie\/ie\/oireachtas\/house\/seanad\/27"},"progressStage":9,"showAs":"Fifth Stage","stageCompleted":true,"stageOutcome":null,"stageURI":"https:\/\/data.oireachtas.ie\/ie\/oireachtas\/def\/bill-stage\/5","uri":"https:\/\/data.oireachtas.ie\/ie\/oireachtas\/bill\/2026\/69\/stage\/seanad\/5"}},{"event":{"chamber":null,"dates":[{"date":"2026-07-21"}],"house":null,"progressStage":10,"showAs":"Enacted","stageCompleted":true,"stageOutcome":"Enacted","stageURI":"https:\/\/data.oireachtas.ie\/ie\/oireachtas\/def\/bill-stage\/enacted","uri":"https:\/\/data.oireachtas.ie\/ie\/oireachtas\/bill\/2026\/69\/stage\/oireachtas\/enacted"}}],"status":"Enacted","statusURI":"https:\/\/data.oireachtas.ie\/ie\/oireachtas\/def\/bill-status\/enacted","uri":"https:\/\/data.oireachtas.ie\/ie\/oireachtas\/bill\/2026\/69","versions":[{"version":{"lang":"eng","docType":"act","showAs":"Regulation of Artificial Intelligence Act 2026","date":"2026-07-21","formats":{"pdf":{"uri":"https:\/\/data.oireachtas.ie\/ie\/oireachtas\/act\/2026\/31\/eng\/enacted\/a3126.pdf"},"xml":null},"uri":"https:\/\/data.oireachtas.ie\/ie\/oireachtas\/act\/2026\/31\/eng\/enacted"}},{"version":{"lang":"eng","docType":"bill","showAs":"As Initiated","date":"2026-06-19","formats":{"pdf":{"uri":"https:\/\/data.oireachtas.ie\/ie\/oireachtas\/bill\/2026\/69\/eng\/initiated\/b6926d.pdf"},"xml":null},"uri":"https:\/\/data.oireachtas.ie\/ie\/oireachtas\/bill\/2026\/69\/eng\/initiated"}}]},"contextDate":"2026-07-21","billSort":{"actNoSort":31,"actShortTitleEnSort":"regulation-of-artificial-intelligence-act-2026","actShortTitleGaSort":"an-tacht-um-an-intleacht-shaorga-a-rialail-2026","actYearSort":2026,"billNoSort":69,"billShortTitleEnSort":"regulation-of-artificial-intelligence-bill-2026","billShortTitleGaSort":"an-bille-um-an-intleacht-shaorga-a-rialail-2026","billYearSort":2026}},{"bill":{"act":null,"amendmentLists":[],"billNo":"68","billType":"Public","billTypeURI":"https:\/\/data.oireachtas.ie\/ie\/oireachtas\/def\/bill-type\/public","billYear":"2026","debates":[{"chamber":{"showAs":"D\u00e1il \u00c9ireann","uri":"https:\/\/data.oireachtas.ie\/ie\/oireachtas\/def\/house\/dail"},"date":"2026-06-17","debateSectionId":"dbsect_15","showAs":"Electricity Regulation (Amendment) (No. 2) Bill 2026: First Stage","uri":"https:\/\/data.oireachtas.ie\/akn\/ie\/debateRecord\/dail\/2026-06-17\/debate\/main"}],"events":[{"event":{"chamber":{"chamberCode":"dail","showAs":"D\u00e1il \u00c9ireann","uri":"https:\/\/data.oireachtas.ie\/ie\/oireachtas\/def\/house\/dail"},"dates":[{"date":"2026-06-03"},{"date":"2026-06-10"},{"date":"2026-06-17"}],"eventURI":"https:\/\/data.oireachtas.ie\/ie\/oireachtas\/def\/bill-event\/admissibility-for-introduction","showAs":"Admissibility for Introduction","uri":"https:\/\/data.oireachtas.ie\/ie\/oireachtas\/bill\/2026\/68\/admissibility-for-introduction"}}],"lastUpdated":"2026-06-18T09:29:22.460000+00:00","longTitleEn":"<p>Bill entitled an Act to amend the Electricity Regulation Act 1999 to provide for the regulation of direct lines; and to provide for related matters.<\/p>","longTitleGa":"<p>Bille d\u00e1 ngairtear Acht do leas\u00fa an Achta um Rial\u00e1il Leictreachais, 1999 chun socr\u00fa a dh\u00e9anamh maidir le d\u00edr-l\u00ednte a rial\u00e1il; agus do dh\u00e9anamh socr\u00fa i dtaobh nithe gaolmhara.<\/p>","method":"Introduced","methodURI":"https:\/\/data.oireachtas.ie\/ie\/oireachtas\/def\/bill-method\/introduced","mostRecentStage":{"event":{"chamber":{"chamberCode":"dail","showAs":"D\u00e1il \u00c9ireann","uri":"https:\/\/data.oireachtas.ie\/ie\/oireachtas\/def\/house\/dail"},"dates":[{"date":"2026-06-17"}],"house":{"chamberCode":"dail","chamberType":"house","houseCode":"dail","houseNo":"34","showAs":"34th D\u00e1il","uri":"https:\/\/data.oireachtas.ie\/ie\/oireachtas\/house\/dail\/34"},"progressStage":2,"showAs":"Second Stage","stageCompleted":false,"stageOutcome":"Current","stageURI":"https:\/\/data.oireachtas.ie\/ie\/oireachtas\/def\/bill-stage\/2","uri":"https:\/\/data.oireachtas.ie\/ie\/oireachtas\/bill\/2026\/68\/stage\/dail\/2"}},"originHouse":{"showAs":"D\u00e1il \u00c9ireann","uri":"https:\/\/data.oireachtas.ie\/ie\/oireachtas\/def\/house\/dail"},"originHouseURI":"https:\/\/data.oireachtas.ie\/ie\/oireachtas\/def\/house\/dail","relatedDocs":[{"relatedDoc":{"date":"2026-06-17","docType":"memo","formats":{"pdf":{"uri":"https:\/\/data.oireachtas.ie\/ie\/oireachtas\/bill\/2026\/68\/eng\/memo\/b6826d-memo.pdf"},"xml":null},"lang":"eng","showAs":"Explanatory Memorandum","uri":"https:\/\/data.oireachtas.ie\/ie\/oireachtas\/bill\/2026\/68\/eng\/memo"}}],"shortTitleEn":"Electricity Regulation (Amendment) (No. 2) Bill 2026","shortTitleGa":"An Bille um Rial\u00e1il Leictreachais (Leas\u00fa) (Uimh. 2), 2026","source":"Private Member","sourceURI":"https:\/\/data.oireachtas.ie\/ie\/oireachtas\/def\/bill-source\/private-member","sponsors":[{"sponsor":{"isPrimary":true,"as":{"showAs":null,"uri":null},"by":{"showAs":"Barry Heneghan","uri":"https:\/\/data.oireachtas.ie\/ie\/oireachtas\/member\/id\/Barry-Heneghan.D.2024-11-29"}}}],"stages":[{"event":{"chamber":{"chamberCode":"dail","showAs":"D\u00e1il \u00c9ireann","uri":"https:\/\/data.oireachtas.ie\/ie\/oireachtas\/def\/house\/dail"},"dates":[{"date":"2026-06-03"},{"date":"2026-06-10"},{"date":"2026-06-17"},{"date":"2026-06-17"}],"house":{"chamberCode":"dail","chamberType":"house","houseCode":"dail","houseNo":"34","showAs":"34th D\u00e1il","uri":"https:\/\/data.oireachtas.ie\/ie\/oireachtas\/house\/dail\/34"},"progressStage":1,"showAs":"First Stage","stageCompleted":true,"stageOutcome":null,"stageURI":"https:\/\/data.oireachtas.ie\/ie\/oireachtas\/def\/bill-stage\/1","uri":"https:\/\/data.oireachtas.ie\/ie\/oireachtas\/bill\/2026\/68\/stage\/dail\/1"}},{"event":{"chamber":{"chamberCode":"dail","showAs":"D\u00e1il \u00c9ireann","uri":"https:\/\/data.oireachtas.ie\/ie\/oireachtas\/def\/house\/dail"},"dates":[{"date":"2026-06-17"}],"house":{"chamberCode":"dail","chamberType":"house","houseCode":"dail","houseNo":"34","showAs":"34th D\u00e1il","uri":"https:\/\/data.oireachtas.ie\/ie\/oireachtas\/house\/dail\/34"},"progressStage":2,"showAs":"Second Stage","stageCompleted":false,"stageOutcome":"Current","stageURI":"https:\/\/data.oireachtas.ie\/ie\/oireachtas\/def\/bill-stage\/2","uri":"https:\/\/data.oireachtas.ie\/ie\/oireachtas\/bill\/2026\/68\/stage\/dail\/2"}}],"status":"Current","statusURI":"https:\/\/data.oireachtas.ie\/ie\/oireachtas\/def\/bill-status\/published","uri":"https:\/\/data.oireachtas.ie\/ie\/oireachtas\/bill\/2026\/68","versions":[{"version":{"lang":"eng","docType":"bill","showAs":"As Initiated","date":"2026-06-17","formats":{"pdf":{"uri":"https:\/\/data.oireachtas.ie\/ie\/oireachtas\/bill\/2026\/68\/eng\/initiated\/b6826d.pdf"},"xml":null},"uri":"https:\/\/data.oireachtas.ie\/ie\/oireachtas\/bill\/2026\/68\/eng\/initiated"}}]},"contextDate":"2026-06-17","billSort":{"actNoSort":null,"actShortTitleEnSort":null,"actShortTitleGaSort":null,"actYearSort":null,"billNoSort":68,"billShortTitleEnSort":"electricity-regulation-amendment-no-2-bill-2026","billShortTitleGaSort":"an-bille-um-rialail-leictreachais-leasu-uimh-2-2026","billYearSort":2026}},{"bill":{"act":null,"amendmentLists":[],"billNo":"67","billType":"Public","billTypeURI":"https:\/\/data.oireachtas.ie\/ie\/oireachtas\/def\/bill-type\/public","billYear":"2026","debates":[{"chamber":{"showAs":"D\u00e1il \u00c9ireann","uri":"https:\/\/data.oireachtas.ie\/ie\/oireachtas\/def\/house\/dail"},"date":"2026-06-17","debateSectionId":"dbsect_14","showAs":"Health (Amendment) Bill 2026: First Stage","uri":"https:\/\/data.oireachtas.ie\/akn\/ie\/debateRecord\/dail\/2026-06-17\/debate\/main"}],"events":[{"event":{"chamber":{"chamberCode":"dail","showAs":"D\u00e1il \u00c9ireann","uri":"https:\/\/data.oireachtas.ie\/ie\/oireachtas\/def\/house\/dail"},"dates":[{"date":"2025-07-31"},{"date":"2025-07-31"},{"date":"2026-06-17"}],"eventURI":"https:\/\/data.oireachtas.ie\/ie\/oireachtas\/def\/bill-event\/approved-for-initiation","showAs":"Approved for Initiation","uri":"https:\/\/data.oireachtas.ie\/ie\/oireachtas\/bill\/2026\/67\/approved-for-initiation"}}],"lastUpdated":"2026-06-18T08:44:29.930000+00:00","longTitleEn":"<p>Bill entitled an Act to amend the Health Act 1970 and to provide for related matters.<\/p>","longTitleGa":"<p>Bille d\u00e1 ngairtear Acht do leas\u00fa an Achta Sl\u00e1inte, 1970 agus do dh\u00e9anamh socr\u00fa i dtaobh nithe gaolmhara.<\/p>","method":"Introduced","methodURI":"https:\/\/data.oireachtas.ie\/ie\/oireachtas\/def\/bill-method\/introduced","mostRecentStage":{"event":{"chamber":{"chamberCode":"dail","showAs":"D\u00e1il \u00c9ireann","uri":"https:\/\/data.oireachtas.ie\/ie\/oireachtas\/def\/house\/dail"},"dates":[{"date":"2026-06-17"}],"house":{"chamberCode":"dail","chamberType":"house","houseCode":"dail","houseNo":"34","showAs":"34th D\u00e1il","uri":"https:\/\/data.oireachtas.ie\/ie\/oireachtas\/house\/dail\/34"},"progressStage":2,"showAs":"Second Stage","stageCompleted":false,"stageOutcome":"Current","stageURI":"https:\/\/data.oireachtas.ie\/ie\/oireachtas\/def\/bill-stage\/2","uri":"https:\/\/data.oireachtas.ie\/ie\/oireachtas\/bill\/2026\/67\/stage\/dail\/2"}},"originHouse":{"showAs":"D\u00e1il \u00c9ireann","uri":"https:\/\/data.oireachtas.ie\/ie\/oireachtas\/def\/house\/dail"},"originHouseURI":"https:\/\/data.oireachtas.ie\/ie\/oireachtas\/def\/house\/dail","relatedDocs":[{"relatedDoc":{"date":"2026-06-17","docType":"memo","formats":{"pdf":{"uri":"https:\/\/data.oireachtas.ie\/ie\/oireachtas\/bill\/2026\/67\/eng\/memo\/b6726d-memo.pdf"},"xml":null},"lang":"eng","showAs":"Explanatory Memorandum","uri":"https:\/\/data.oireachtas.ie\/ie\/oireachtas\/bill\/2026\/67\/eng\/memo"}}],"shortTitleEn":"Health (Amendment) Bill 2026","shortTitleGa":"An Bille Sl\u00e1inte (Leas\u00fa), 2026","source":"Private Member","sourceURI":"https:\/\/data.oireachtas.ie\/ie\/oireachtas\/def\/bill-source\/private-member","sponsors":[{"sponsor":{"isPrimary":true,"as":{"showAs":null,"uri":null},"by":{"showAs":"Louise O'Reilly","uri":"https:\/\/data.oireachtas.ie\/ie\/oireachtas\/member\/id\/Louise-O'Reilly.D.2016-10-03"}}},{"sponsor":{"isPrimary":false,"as":{"showAs":null,"uri":null},"by":{"showAs":"David Cullinane","uri":"https:\/\/data.oireachtas.ie\/ie\/oireachtas\/member\/id\/David-Cullinane.S.2011-05-25"}}}],"stages":[{"event":{"chamber":{"chamberCode":"dail","showAs":"D\u00e1il \u00c9ireann","uri":"https:\/\/data.oireachtas.ie\/ie\/oireachtas\/def\/house\/dail"},"dates":[{"date":"2025-07-31"},{"date":"2025-07-31"},{"date":"2026-06-17"},{"date":"2026-06-17"}],"house":{"chamberCode":"dail","chamberType":"house","houseCode":"dail","houseNo":"34","showAs":"34th D\u00e1il","uri":"https:\/\/data.oireachtas.ie\/ie\/oireachtas\/house\/dail\/34"},"progressStage":1,"showAs":"First Stage","stageCompleted":true,"stageOutcome":null,"stageURI":"https:\/\/data.oireachtas.ie\/ie\/oireachtas\/def\/bill-stage\/1","uri":"https:\/\/data.oireachtas.ie\/ie\/oireachtas\/bill\/2026\/67\/stage\/dail\/1"}},{"event":{"chamber":{"chamberCode":"dail","showAs":"D\u00e1il \u00c9ireann","uri":"https:\/\/data.oireachtas.ie\/ie\/oireachtas\/def\/house\/dail"},"dates":[{"date":"2026-06-17"}],"house":{"chamberCode":"dail","chamberType":"house","houseCode":"dail","houseNo":"34","showAs":"34th D\u00e1il","uri":"https:\/\/data.oireachtas.ie\/ie\/oireachtas\/house\/dail\/34"},"progressStage":2,"showAs":"Second Stage","stageCompleted":false,"stageOutcome":"Current","stageURI":"https:\/\/data.oireachtas.ie\/ie\/oireachtas\/def\/bill-stage\/2","uri":"https:\/\/data.oireachtas.ie\/ie\/oireachtas\/bill\/2026\/67\/stage\/dail\/2"}}],"status":"Current","statusURI":"https:\/\/data.oireachtas.ie\/ie\/oireachtas\/def\/bill-status\/published","uri":"https:\/\/data.oireachtas.ie\/ie\/oireachtas\/bill\/2026\/67","versions":[{"version":{"lang":"eng","docType":"bill","showAs":"As Initiated","date":"2026-06-17","formats":{"pdf":{"uri":"https:\/\/data.oireachtas.ie\/ie\/oireachtas\/bill\/2026\/67\/eng\/initiated\/b6726d.pdf"},"xml":null},"uri":"https:\/\/data.oireachtas.ie\/ie\/oireachtas\/bill\/2026\/67\/eng\/initiated"}}]},"contextDate":"2026-06-17","billSort":{"actNoSort":null,"actShortTitleEnSort":null,"actShortTitleGaSort":null,"actYearSort":null,"billNoSort":67,"billShortTitleEnSort":"health-amendment-bill-2026","billShortTitleGaSort":"an-bille-slainte-leasu-2026","billYearSort":2026}},{"bill":{"act":null,"amendmentLists":[],"billNo":"66","billType":"Public","billTypeURI":"https:\/\/data.oireachtas.ie\/ie\/oireachtas\/def\/bill-type\/public","billYear":"2026","debates":[{"chamber":{"showAs":"D\u00e1il \u00c9ireann","uri":"https:\/\/data.oireachtas.ie\/ie\/oireachtas\/def\/house\/dail"},"date":"2026-06-16","debateSectionId":"dbsect_10","showAs":"School Meals Nutritional Standards Bill 2026: First Stage","uri":"https:\/\/data.oireachtas.ie\/akn\/ie\/debateRecord\/dail\/2026-06-16\/debate\/main"}],"events":[{"event":{"chamber":{"chamberCode":"dail","showAs":"D\u00e1il \u00c9ireann","uri":"https:\/\/data.oireachtas.ie\/ie\/oireachtas\/def\/house\/dail"},"dates":[{"date":"2026-06-15"},{"date":"2026-06-16"}],"eventURI":"https:\/\/data.oireachtas.ie\/ie\/oireachtas\/def\/bill-event\/approved-for-initiation","showAs":"Approved for Initiation","uri":"https:\/\/data.oireachtas.ie\/ie\/oireachtas\/bill\/2026\/66\/approved-for-initiation"}}],"lastUpdated":"2026-06-17T09:52:54.220000+00:00","longTitleEn":"<p style=\"text-align:justify;\">Bill entitled an Act to provide for the making of regulations by the Minister for Health providing for nutritional standards and related requirements for school meals provided under school meal schemes funded by moneys provided directly or indirectly by the State or local authorities; to provide for the enforcement of such regulations by the Food Safety Authority of Ireland; and to provide for related matters.<\/p>","longTitleGa":"<p>Bille d\u00e1 ngairtear Acht do dh\u00e9anamh socr\u00fa go nd\u00e9anfaidh an tAire Sl\u00e1inte rialach\u00e1in lena nd\u00e9anfar for\u00e1il maidir le caighde\u00e1in chothaitheacha agus le ceanglais ghaolmhara le haghaidh b\u00e9il\u00ed scoile arna sol\u00e1thar faoi sc\u00e9imeanna na mb\u00e9il\u00ed scoile arna maoini\u00fa as airgead arna shol\u00e1thar, go d\u00edreach n\u00f3 go neamhdh\u00edreach, ag an St\u00e1t n\u00f3 ag \u00fadar\u00e1is \u00e1iti\u00fala; do dh\u00e9anamh socr\u00fa maidir le h\u00dadar\u00e1s S\u00e1bh\u00e1ilteachta Bia na h\u00c9ireann d\u2019fhorfheidhmi\u00fa rialach\u00e1in den s\u00f3rt sin; agus do dh\u00e9anamh socr\u00fa i dtaobh nithe gaolmhara.<\/p>","method":"Introduced","methodURI":"https:\/\/data.oireachtas.ie\/ie\/oireachtas\/def\/bill-method\/introduced","mostRecentStage":{"event":{"chamber":{"chamberCode":"dail","showAs":"D\u00e1il \u00c9ireann","uri":"https:\/\/data.oireachtas.ie\/ie\/oireachtas\/def\/house\/dail"},"dates":[{"date":"2026-06-16"}],"house":{"chamberCode":"dail","chamberType":"house","houseCode":"dail","houseNo":"34","showAs":"34th D\u00e1il","uri":"https:\/\/data.oireachtas.ie\/ie\/oireachtas\/house\/dail\/34"},"progressStage":2,"showAs":"Second Stage","stageCompleted":false,"stageOutcome":"Current","stageURI":"https:\/\/data.oireachtas.ie\/ie\/oireachtas\/def\/bill-stage\/2","uri":"https:\/\/data.oireachtas.ie\/ie\/oireachtas\/bill\/2026\/66\/stage\/dail\/2"}},"originHouse":{"showAs":"D\u00e1il \u00c9ireann","uri":"https:\/\/data.oireachtas.ie\/ie\/oireachtas\/def\/house\/dail"},"originHouseURI":"https:\/\/data.oireachtas.ie\/ie\/oireachtas\/def\/house\/dail","relatedDocs":[{"relatedDoc":{"date":"2026-06-16","docType":"memo","formats":{"pdf":{"uri":"https:\/\/data.oireachtas.ie\/ie\/oireachtas\/bill\/2026\/66\/eng\/memo\/b6626d-memo.pdf"},"xml":null},"lang":"eng","showAs":"Explanatory Memorandum","uri":"https:\/\/data.oireachtas.ie\/ie\/oireachtas\/bill\/2026\/66\/eng\/memo"}}],"shortTitleEn":"School Meals Nutritional Standards Bill 2026","shortTitleGa":"An Bille um Chaighde\u00e1in Chothaitheacha le haghaidh B\u00e9il\u00ed Scoile, 2026","source":"Private Member","sourceURI":"https:\/\/data.oireachtas.ie\/ie\/oireachtas\/def\/bill-source\/private-member","sponsors":[{"sponsor":{"isPrimary":true,"as":{"showAs":null,"uri":null},"by":{"showAs":"Jen Cummins","uri":"https:\/\/data.oireachtas.ie\/ie\/oireachtas\/member\/id\/Jen-Cummins.D.2024-11-29"}}}],"stages":[{"event":{"chamber":{"chamberCode":"dail","showAs":"D\u00e1il \u00c9ireann","uri":"https:\/\/data.oireachtas.ie\/ie\/oireachtas\/def\/house\/dail"},"dates":[{"date":"2026-06-15"},{"date":"2026-06-16"},{"date":"2026-06-16"}],"house":{"chamberCode":"dail","chamberType":"house","houseCode":"dail","houseNo":"34","showAs":"34th D\u00e1il","uri":"https:\/\/data.oireachtas.ie\/ie\/oireachtas\/house\/dail\/34"},"progressStage":1,"showAs":"First Stage","stageCompleted":true,"stageOutcome":null,"stageURI":"https:\/\/data.oireachtas.ie\/ie\/oireachtas\/def\/bill-stage\/1","uri":"https:\/\/data.oireachtas.ie\/ie\/oireachtas\/bill\/2026\/66\/stage\/dail\/1"}},{"event":{"chamber":{"chamberCode":"dail","showAs":"D\u00e1il \u00c9ireann","uri":"https:\/\/data.oireachtas.ie\/ie\/oireachtas\/def\/house\/dail"},"dates":[{"date":"2026-06-16"}],"house":{"chamberCode":"dail","chamberType":"house","houseCode":"dail","houseNo":"34","showAs":"34th D\u00e1il","uri":"https:\/\/data.oireachtas.ie\/ie\/oireachtas\/house\/dail\/34"},"progressStage":2,"showAs":"Second Stage","stageCompleted":false,"stageOutcome":"Current","stageURI":"https:\/\/data.oireachtas.ie\/ie\/oireachtas\/def\/bill-stage\/2","uri":"https:\/\/data.oireachtas.ie\/ie\/oireachtas\/bill\/2026\/66\/stage\/dail\/2"}}],"status":"Current","statusURI":"https:\/\/data.oireachtas.ie\/ie\/oireachtas\/def\/bill-status\/published","uri":"https:\/\/data.oireachtas.ie\/ie\/oireachtas\/bill\/2026\/66","versions":[{"version":{"lang":"eng","docType":"bill","showAs":"As Initiated","date":"2026-06-16","formats":{"pdf":{"uri":"https:\/\/data.oireachtas.ie\/ie\/oireachtas\/bill\/2026\/66\/eng\/initiated\/b6626d.pdf"},"xml":null},"uri":"https:\/\/data.oireachtas.ie\/ie\/oireachtas\/bill\/2026\/66\/eng\/initiated"}}]},"contextDate":"2026-06-16","billSort":{"actNoSort":null,"actShortTitleEnSort":null,"actShortTitleGaSort":null,"actYearSort":null,"billNoSort":66,"billShortTitleEnSort":"school-meals-nutritional-standards-bill-2026","billShortTitleGaSort":"an-bille-um-chaighdeain-chothaitheacha-le-haghaidh-beili-scoile-2026","billYearSort":2026}},{"bill":{"act":null,"amendmentLists":[],"billNo":"65","billType":"Public","billTypeURI":"https:\/\/data.oireachtas.ie\/ie\/oireachtas\/def\/bill-type\/public","billYear":"2026","debates":[{"chamber":{"showAs":"D\u00e1il \u00c9ireann","uri":"https:\/\/data.oireachtas.ie\/ie\/oireachtas\/def\/house\/dail"},"date":"2026-07-08","debateSectionId":"dbsect_80","showAs":"Planning for Constitutional Change Bill 2026: Second Stage (Resumed) [Private Members]","uri":"https:\/\/data.oireachtas.ie\/akn\/ie\/debateRecord\/dail\/2026-07-08\/debate\/main"},{"chamber":{"showAs":"D\u00e1il \u00c9ireann","uri":"https:\/\/data.oireachtas.ie\/ie\/oireachtas\/def\/house\/dail"},"date":"2026-07-07","debateSectionId":"dbsect_20","showAs":"Planning for Constitutional Change Bill 2026: Second Stage [Private Members]","uri":"https:\/\/data.oireachtas.ie\/akn\/ie\/debateRecord\/dail\/2026-07-07\/debate\/main"},{"chamber":{"showAs":"D\u00e1il \u00c9ireann","uri":"https:\/\/data.oireachtas.ie\/ie\/oireachtas\/def\/house\/dail"},"date":"2026-06-16","debateSectionId":"dbsect_9","showAs":"Planning for Constitutional Change Bill 2026: First Stage","uri":"https:\/\/data.oireachtas.ie\/akn\/ie\/debateRecord\/dail\/2026-06-16\/debate\/main"}],"events":[{"event":{"chamber":{"chamberCode":"dail","showAs":"D\u00e1il \u00c9ireann","uri":"https:\/\/data.oireachtas.ie\/ie\/oireachtas\/def\/house\/dail"},"dates":[{"date":"2026-06-03"},{"date":"2026-06-10"},{"date":"2026-06-16"},{"date":"2026-07-08"}],"eventURI":"https:\/\/data.oireachtas.ie\/ie\/oireachtas\/def\/bill-event\/admissibility-for-introduction","showAs":"Admissibility for Introduction","uri":"https:\/\/data.oireachtas.ie\/ie\/oireachtas\/bill\/2026\/65\/admissibility-for-introduction"}}],"lastUpdated":"2026-07-09T12:00:16.560000+00:00","longTitleEn":"<p>Bill entitled an Act to provide for planning and preparation for the possibility of constitutional change on the island of Ireland, in accordance with the right of self-determination of the people of the island of Ireland as recognised by the British-Irish Agreement Act 1999 and as provided for in the Multi-Party Agreement reached at Belfast on the 10th day of April 1998; to require the Taoiseach to prepare and publish a Green Paper; to provide for the convening of a Citizens\u2019 Assembly from within such resources as are available under the Vote for the Department of the Taoiseach; to require periodic reporting to the Houses of the Oireachtas on progress; and to provide for related matters.<\/p>","longTitleGa":"<p>Bille d\u00e1 ngairtear Acht do dh\u00e9anamh socr\u00fa chun plean\u00e1il agus ullmh\u00fa a dh\u00e9anamh i nd\u00e1il leis an bhf\u00e9idearthacht go nd\u00e9anfa\u00ed athr\u00fa bunreacht\u00fail ar oile\u00e1n na h\u00c9ireann, de r\u00e9ir an chirt f\u00e9inchinnidh at\u00e1 ag muintir oile\u00e1n na h\u00c9ireann a aithn\u00edtear leis an Acht um Chomhaont\u00fa na Breataine-na h\u00c9ireann, 1999 agus de r\u00e9ir mar a fhor\u00e1iltear sa Chomhaont\u00fa Ilph\u00e1irt\u00ed ar th\u00e1ngthas air i mB\u00e9al Feirste an 10\u00fa l\u00e1 d\u2019Aibre\u00e1n 1998; d\u00e1 cheangal ar an Taoiseach P\u00e1ip\u00e9ar Uaine a ullmh\u00fa agus a fhoilsi\u00fa; do dh\u00e9anamh socr\u00fa maidir le Tion\u00f3l Saor\u00e1nach a chom\u00f3radh de r\u00e9ir na n-acmhainn\u00ed sin at\u00e1 ar f\u00e1il faoin V\u00f3ta i gcomhair Roinn an Taoisigh; d\u00e1 cheangal go nd\u00e9anfar dul chun cinn a thuairisci\u00fa do Thithe an Oireachtais ar bhonn tr\u00e9imhsi\u00fail; agus do dh\u00e9anamh socr\u00fa i dtaobh nithe gaolmhara.<\/p>","method":"Introduced","methodURI":"https:\/\/data.oireachtas.ie\/ie\/oireachtas\/def\/bill-method\/introduced","mostRecentStage":{"event":{"chamber":{"chamberCode":"dail","showAs":"D\u00e1il \u00c9ireann","uri":"https:\/\/data.oireachtas.ie\/ie\/oireachtas\/def\/house\/dail"},"dates":[{"date":"2026-06-03"},{"date":"2026-06-10"},{"date":"2026-06-16"},{"date":"2026-06-16"}],"house":{"chamberCode":"dail","chamberType":"house","houseCode":"dail","houseNo":"34","showAs":"34th D\u00e1il","uri":"https:\/\/data.oireachtas.ie\/ie\/oireachtas\/house\/dail\/34"},"progressStage":1,"showAs":"First Stage","stageCompleted":true,"stageOutcome":null,"stageURI":"https:\/\/data.oireachtas.ie\/ie\/oireachtas\/def\/bill-stage\/1","uri":"https:\/\/data.oireachtas.ie\/ie\/oireachtas\/bill\/2026\/65\/stage\/dail\/1"}},"originHouse":{"showAs":"D\u00e1il \u00c9ireann","uri":"https:\/\/data.oireachtas.ie\/ie\/oireachtas\/def\/house\/dail"},"originHouseURI":"https:\/\/data.oireachtas.ie\/ie\/oireachtas\/def\/house\/dail","relatedDocs":[{"relatedDoc":{"date":"2026-06-16","docType":"memo","formats":{"pdf":{"uri":"https:\/\/data.oireachtas.ie\/ie\/oireachtas\/bill\/2026\/65\/eng\/memo\/b6526d-memo.pdf"},"xml":null},"lang":"eng","showAs":"Explanatory Memorandum","uri":"https:\/\/data.oireachtas.ie\/ie\/oireachtas\/bill\/2026\/65\/eng\/memo"}}],"shortTitleEn":"Planning for Constitutional Change Bill 2026","shortTitleGa":"An Bille um Plean\u00e1il le haghaidh Athr\u00fa Bunreacht\u00fail, 2026","source":"Private Member","sourceURI":"https:\/\/data.oireachtas.ie\/ie\/oireachtas\/def\/bill-source\/private-member","sponsors":[{"sponsor":{"isPrimary":true,"as":{"showAs":null,"uri":null},"by":{"showAs":"Mary Lou McDonald","uri":"https:\/\/data.oireachtas.ie\/ie\/oireachtas\/member\/id\/Mary-Lou-McDonald.D.2011-03-09"}}}],"stages":[{"event":{"chamber":{"chamberCode":"dail","showAs":"D\u00e1il \u00c9ireann","uri":"https:\/\/data.oireachtas.ie\/ie\/oireachtas\/def\/house\/dail"},"dates":[{"date":"2026-06-03"},{"date":"2026-06-10"},{"date":"2026-06-16"},{"date":"2026-06-16"}],"house":{"chamberCode":"dail","chamberType":"house","houseCode":"dail","houseNo":"34","showAs":"34th D\u00e1il","uri":"https:\/\/data.oireachtas.ie\/ie\/oireachtas\/house\/dail\/34"},"progressStage":1,"showAs":"First Stage","stageCompleted":true,"stageOutcome":null,"stageURI":"https:\/\/data.oireachtas.ie\/ie\/oireachtas\/def\/bill-stage\/1","uri":"https:\/\/data.oireachtas.ie\/ie\/oireachtas\/bill\/2026\/65\/stage\/dail\/1"}}],"status":"Defeated","statusURI":"https:\/\/data.oireachtas.ie\/ie\/oireachtas\/def\/bill-status\/defeated","uri":"https:\/\/data.oireachtas.ie\/ie\/oireachtas\/bill\/2026\/65","versions":[{"version":{"lang":"eng","docType":"bill","showAs":"As Initiated","date":"2026-06-16","formats":{"pdf":{"uri":"https:\/\/data.oireachtas.ie\/ie\/oireachtas\/bill\/2026\/65\/eng\/initiated\/b6526d.pdf"},"xml":null},"uri":"https:\/\/data.oireachtas.ie\/ie\/oireachtas\/bill\/2026\/65\/eng\/initiated"}}]},"contextDate":"2026-06-16","billSort":{"actNoSort":null,"actShortTitleEnSort":null,"actShortTitleGaSort":null,"actYearSort":null,"billNoSort":65,"billShortTitleEnSort":"planning-for-constitutional-change-bill-2026","billShortTitleGaSort":"an-bille-um-pleanail-le-haghaidh-athru-bunreachtuil-2026","billYearSort":2026}},{"bill":{"act":null,"amendmentLists":[],"billNo":"64","billType":"Public","billTypeURI":"https:\/\/data.oireachtas.ie\/ie\/oireachtas\/def\/bill-type\/public","billYear":"2026","debates":[{"chamber":{"showAs":"D\u00e1il \u00c9ireann","uri":"https:\/\/data.oireachtas.ie\/ie\/oireachtas\/def\/house\/dail"},"date":"2026-06-16","debateSectionId":"dbsect_8","showAs":"Forestry (Critical Infrastructure) (Amendment) Bill 2026: First Stage","uri":"https:\/\/data.oireachtas.ie\/akn\/ie\/debateRecord\/dail\/2026-06-16\/debate\/main"}],"events":[{"event":{"chamber":{"chamberCode":"dail","showAs":"D\u00e1il \u00c9ireann","uri":"https:\/\/data.oireachtas.ie\/ie\/oireachtas\/def\/house\/dail"},"dates":[{"date":"2026-06-09"},{"date":"2026-06-09"},{"date":"2026-06-16"}],"eventURI":"https:\/\/data.oireachtas.ie\/ie\/oireachtas\/def\/bill-event\/admissibility-for-introduction","showAs":"Admissibility for Introduction","uri":"https:\/\/data.oireachtas.ie\/ie\/oireachtas\/bill\/2026\/64\/admissibility-for-introduction"}}],"lastUpdated":"2026-06-17T08:58:35.640000+00:00","longTitleEn":"<p>Bill entitled an Act to amend the Forestry Act 2014 to provide for the effective management of critical infrastructure corridors and forestry management, and to provide for related matters.<\/p>","longTitleGa":"<p>Bille d\u00e1 ngairtear Acht do leas\u00fa an Achta Foraoiseachta, 2014 chun socr\u00fa a dh\u00e9anamh maidir le bainisti\u00fa \u00e9ifeachtach conair\u00ed bonneagair r\u00edth\u00e1bhachtaigh agus <span style=\"color:#3A3A3A;\">maidir le&nbsp;<\/span>bainisti\u00fa foraoiseachta, agus do dh\u00e9anamh socr\u00fa i dtaobh nithe gaolmhara.<\/p>","method":"Introduced","methodURI":"https:\/\/data.oireachtas.ie\/ie\/oireachtas\/def\/bill-method\/introduced","mostRecentStage":{"event":{"chamber":{"chamberCode":"dail","showAs":"D\u00e1il \u00c9ireann","uri":"https:\/\/data.oireachtas.ie\/ie\/oireachtas\/def\/house\/dail"},"dates":[{"date":"2026-06-16"}],"house":{"chamberCode":"dail","chamberType":"house","houseCode":"dail","houseNo":"34","showAs":"34th D\u00e1il","uri":"https:\/\/data.oireachtas.ie\/ie\/oireachtas\/house\/dail\/34"},"progressStage":2,"showAs":"Second Stage","stageCompleted":false,"stageOutcome":"Current","stageURI":"https:\/\/data.oireachtas.ie\/ie\/oireachtas\/def\/bill-stage\/2","uri":"https:\/\/data.oireachtas.ie\/ie\/oireachtas\/bill\/2026\/64\/stage\/dail\/2"}},"originHouse":{"showAs":"D\u00e1il \u00c9ireann","uri":"https:\/\/data.oireachtas.ie\/ie\/oireachtas\/def\/house\/dail"},"originHouseURI":"https:\/\/data.oireachtas.ie\/ie\/oireachtas\/def\/house\/dail","relatedDocs":[{"relatedDoc":{"date":"2026-06-16","docType":"memo","formats":{"pdf":{"uri":"https:\/\/data.oireachtas.ie\/ie\/oireachtas\/bill\/2026\/64\/eng\/memo\/b6426d-memo.pdf"},"xml":null},"lang":"eng","showAs":"Explanatory Memorandum","uri":"https:\/\/data.oireachtas.ie\/ie\/oireachtas\/bill\/2026\/64\/eng\/memo"}}],"shortTitleEn":"Forestry (Critical Infrastructure) (Amendment) Bill 2026","shortTitleGa":"An Bille Foraoiseachta (Bonneagar R\u00edth\u00e1bhachtach) (Leas\u00fa), 2026","source":"Private Member","sourceURI":"https:\/\/data.oireachtas.ie\/ie\/oireachtas\/def\/bill-source\/private-member","sponsors":[{"sponsor":{"isPrimary":true,"as":{"showAs":null,"uri":null},"by":{"showAs":"Martin Kenny","uri":"https:\/\/data.oireachtas.ie\/ie\/oireachtas\/member\/id\/Martin-Kenny.D.2016-10-03"}}},{"sponsor":{"isPrimary":false,"as":{"showAs":null,"uri":null},"by":{"showAs":"Claire Kerrane","uri":"https:\/\/data.oireachtas.ie\/ie\/oireachtas\/member\/id\/Claire-Kerrane.D.2020-02-08"}}}],"stages":[{"event":{"chamber":{"chamberCode":"dail","showAs":"D\u00e1il \u00c9ireann","uri":"https:\/\/data.oireachtas.ie\/ie\/oireachtas\/def\/house\/dail"},"dates":[{"date":"2026-06-09"},{"date":"2026-06-09"},{"date":"2026-06-16"},{"date":"2026-06-16"}],"house":{"chamberCode":"dail","chamberType":"house","houseCode":"dail","houseNo":"34","showAs":"34th D\u00e1il","uri":"https:\/\/data.oireachtas.ie\/ie\/oireachtas\/house\/dail\/34"},"progressStage":1,"showAs":"First Stage","stageCompleted":true,"stageOutcome":null,"stageURI":"https:\/\/data.oireachtas.ie\/ie\/oireachtas\/def\/bill-stage\/1","uri":"https:\/\/data.oireachtas.ie\/ie\/oireachtas\/bill\/2026\/64\/stage\/dail\/1"}},{"event":{"chamber":{"chamberCode":"dail","showAs":"D\u00e1il \u00c9ireann","uri":"https:\/\/data.oireachtas.ie\/ie\/oireachtas\/def\/house\/dail"},"dates":[{"date":"2026-06-16"}],"house":{"chamberCode":"dail","chamberType":"house","houseCode":"dail","houseNo":"34","showAs":"34th D\u00e1il","uri":"https:\/\/data.oireachtas.ie\/ie\/oireachtas\/house\/dail\/34"},"progressStage":2,"showAs":"Second Stage","stageCompleted":false,"stageOutcome":"Current","stageURI":"https:\/\/data.oireachtas.ie\/ie\/oireachtas\/def\/bill-stage\/2","uri":"https:\/\/data.oireachtas.ie\/ie\/oireachtas\/bill\/2026\/64\/stage\/dail\/2"}}],"status":"Current","statusURI":"https:\/\/data.oireachtas.ie\/ie\/oireachtas\/def\/bill-status\/published","uri":"https:\/\/data.oireachtas.ie\/ie\/oireachtas\/bill\/2026\/64","versions":[{"version":{"lang":"eng","docType":"bill","showAs":"As Initiated","date":"2026-06-16","formats":{"pdf":{"uri":"https:\/\/data.oireachtas.ie\/ie\/oireachtas\/bill\/2026\/64\/eng\/initiated\/b6426d.pdf"},"xml":null},"uri":"https:\/\/data.oireachtas.ie\/ie\/oireachtas\/bill\/2026\/64\/eng\/initiated"}}]},"contextDate":"2026-06-16","billSort":{"actNoSort":null,"actShortTitleEnSort":null,"actShortTitleGaSort":null,"actYearSort":null,"billNoSort":64,"billShortTitleEnSort":"forestry-critical-infrastructure-amendment-bill-2026","billShortTitleGaSort":"an-bille-foraoiseachta-bonneagar-rithabhachtach-leasu-2026","billYearSort":2026}},{"bill":{"act":null,"amendmentLists":[],"billNo":"63","billType":"Public","billTypeURI":"https:\/\/data.oireachtas.ie\/ie\/oireachtas\/def\/bill-type\/public","billYear":"2026","debates":[],"events":[{"event":{"chamber":{"chamberCode":"dail","showAs":"D\u00e1il \u00c9ireann","uri":"https:\/\/data.oireachtas.ie\/ie\/oireachtas\/def\/house\/dail"},"dates":[{"date":"2026-06-16"}],"eventURI":"https:\/\/data.oireachtas.ie\/ie\/oireachtas\/def\/bill-event\/published","showAs":"Published","uri":"https:\/\/data.oireachtas.ie\/ie\/oireachtas\/bill\/2026\/63\/published"}}],"lastUpdated":"2026-06-16T07:21:17.470000+00:00","longTitleEn":"<p>Bill entitled an Act to provide for the despatch and deployment for service outside the State of members of the Defence Forces; to provide, in certain circumstances, for the suspension of members of the Defence Forces; to provide, in certain circumstances, for the dismissal of officers of the Defence Forces; for these and other purposes to amend the Defence Act 1954 and certain other enactments; and to provide for related matters.<\/p>","longTitleGa":"<p>Bille d\u00e1 ngairtear Acht do dh\u00e9anamh socr\u00fa maidir le comhalta\u00ed d\u2019\u00d3glaigh na n\u00c9ireann a chur chun bealaigh agus a imscaradh le haghaidh seirbh\u00eds lasmuigh den St\u00e1t; do dh\u00e9anamh socr\u00fa, in imthosca \u00e1irithe, maidir le comhalta\u00ed d'\u00d3glaigh na h\u00c9ireann a fhionra\u00ed; do dh\u00e9anamh socr\u00fa, in imthosca \u00e1irithe, maidir le hoifigigh d'\u00d3glaigh na h\u00c9ireann a dh\u00edfhost\u00fa; chun na gcr\u00edoch sin agus chun cr\u00edoch eile, do leas\u00fa an Achta Cosanta, 1954 agus achtach\u00e1in \u00e1irithe eile; agus do dh\u00e9anamh socr\u00fa i dtaobh nithe gaolmhara.<\/p>","method":"Presented","methodURI":"https:\/\/data.oireachtas.ie\/ie\/oireachtas\/def\/bill-method\/presented","mostRecentStage":{"event":{"chamber":{"chamberCode":"dail","showAs":"D\u00e1il \u00c9ireann","uri":"https:\/\/data.oireachtas.ie\/ie\/oireachtas\/def\/house\/dail"},"dates":[{"date":"2026-06-16"}],"house":{"chamberCode":"dail","chamberType":"house","houseCode":"dail","houseNo":"34","showAs":"34th D\u00e1il","uri":"https:\/\/data.oireachtas.ie\/ie\/oireachtas\/house\/dail\/34"},"progressStage":1,"showAs":"First Stage","stageCompleted":false,"stageOutcome":"Current","stageURI":"https:\/\/data.oireachtas.ie\/ie\/oireachtas\/def\/bill-stage\/1","uri":"https:\/\/data.oireachtas.ie\/ie\/oireachtas\/bill\/2026\/63\/stage\/dail\/1"}},"originHouse":{"showAs":"D\u00e1il \u00c9ireann","uri":"https:\/\/data.oireachtas.ie\/ie\/oireachtas\/def\/house\/dail"},"originHouseURI":"https:\/\/data.oireachtas.ie\/ie\/oireachtas\/def\/house\/dail","relatedDocs":[{"relatedDoc":{"date":"2026-06-16","docType":"memo","formats":{"pdf":{"uri":"https:\/\/data.oireachtas.ie\/ie\/oireachtas\/bill\/2026\/63\/eng\/memo\/b6326d-memo.pdf"},"xml":null},"lang":"eng","showAs":"Explanatory Memorandum","uri":"https:\/\/data.oireachtas.ie\/ie\/oireachtas\/bill\/2026\/63\/eng\/memo"}}],"shortTitleEn":"Defence (Amendment) Bill 2026","shortTitleGa":"An Bille Cosanta (Leas\u00fa), 2026","source":"Government","sourceURI":"https:\/\/data.oireachtas.ie\/ie\/oireachtas\/def\/bill-source\/government","sponsors":[{"sponsor":{"isPrimary":true,"as":{"showAs":"Minister for Defence","uri":null},"by":{"showAs":null,"uri":null}}}],"stages":[{"event":{"chamber":{"chamberCode":"dail","showAs":"D\u00e1il \u00c9ireann","uri":"https:\/\/data.oireachtas.ie\/ie\/oireachtas\/def\/house\/dail"},"dates":[{"date":"2026-06-16"}],"house":{"chamberCode":"dail","chamberType":"house","houseCode":"dail","houseNo":"34","showAs":"34th D\u00e1il","uri":"https:\/\/data.oireachtas.ie\/ie\/oireachtas\/house\/dail\/34"},"progressStage":1,"showAs":"First Stage","stageCompleted":false,"stageOutcome":"Current","stageURI":"https:\/\/data.oireachtas.ie\/ie\/oireachtas\/def\/bill-stage\/1","uri":"https:\/\/data.oireachtas.ie\/ie\/oireachtas\/bill\/2026\/63\/stage\/dail\/1"}}],"status":"Current","statusURI":"https:\/\/data.oireachtas.ie\/ie\/oireachtas\/def\/bill-status\/published","uri":"https:\/\/data.oireachtas.ie\/ie\/oireachtas\/bill\/2026\/63","versions":[{"version":{"lang":"eng","docType":"bill","showAs":"As Initiated","date":"2026-06-16","formats":{"pdf":{"uri":"https:\/\/data.oireachtas.ie\/ie\/oireachtas\/bill\/2026\/63\/eng\/initiated\/b6326d.pdf"},"xml":null},"uri":"https:\/\/data.oireachtas.ie\/ie\/oireachtas\/bill\/2026\/63\/eng\/initiated"}}]},"contextDate":"2026-06-16","billSort":{"actNoSort":null,"actShortTitleEnSort":null,"actShortTitleGaSort":null,"actYearSort":null,"billNoSort":63,"billShortTitleEnSort":"defence-amendment-bill-2026","billShortTitleGaSort":"an-bille-cosanta-leasu-2026","billYearSort":2026}},{"bill":{"act":{"actNo":"29","actYear":"2026","dateSigned":"2026-07-21","longTitleEn":"<p>Act to amend the Domestic Violence Act 2018 to provide for the setting up of a Domestic Violence Judgments Register in which judgments containing certain information in relation to the conviction of persons of certain offences may, on the order of a court, be contained; to specify the circumstances in which a judgment may be included in the Register; and to provide for related matters.<\/p>","longTitleGa":"<p>Acht do leas\u00fa an Achta um Fhor\u00e9igean Baile, 2018 chun socr\u00fa a dh\u00e9anamh maidir le Cl\u00e1r Breithi\u00fanas For\u00e9igin Baile a chur ar bun a bhf\u00e9adfaidh, ar ord\u00fa \u00f3 ch\u00fairt, breithi\u00fanais ina bhfuil faisn\u00e9is \u00e1irithe i nd\u00e1il le ciont\u00fa daoine i gcionta \u00e1irithe a bheith ann; do shonr\u00fa na n-imthosca ina bhf\u00e9adfar breithi\u00fanas a chur sa Chl\u00e1r; agus do dh\u00e9anamh socr\u00fa i dtaobh nithe gaolmhara.<\/p>","shortTitleEn":"Domestic Violence Judgments Register Act 2026","shortTitleGa":"An tAcht um Chl\u00e1r Breithi\u00fanas For\u00e9igin Baile, 2026","statutebookURI":"http:\/\/www.irishstatutebook.ie\/eli\/2026\/act\/29","uri":"https:\/\/data.oireachtas.ie\/ie\/oireachtas\/act\/2026\/29"},"amendmentLists":[{"amendmentList":{"amendmentTypeUri":{"uri":"https:\/\/data.oireachtas.ie\/ie\/oireachtas\/def\/amendment-type\/numberedList"},"chamber":{"showAs":"Dail","uri":"https:\/\/data.oireachtas.ie\/ie\/oireachtas\/def\/dail"},"date":"2026-07-14","formats":{"pdf":{"uri":"https:\/\/data.oireachtas.ie\/ie\/oireachtas\/bill\/2026\/62\/dail\/3\/amendment\/numberedList\/eng\/b6226s-dcnl.pdf"},"xml":null},"showAs":"Numbered List [D\u00e1il]","stage":{"showAs":"Committee Stage","uri":"https:\/\/data.oireachtas.ie\/ie\/oireachtas\/bill\/2026\/62\/dail\/3"},"stageNo":"3"}},{"amendmentList":{"amendmentTypeUri":{"uri":"https:\/\/data.oireachtas.ie\/ie\/oireachtas\/def\/amendment-type\/numberedList"},"chamber":{"showAs":"Seanad","uri":"https:\/\/data.oireachtas.ie\/ie\/oireachtas\/def\/seanad"},"date":"2026-06-25","formats":{"pdf":{"uri":"https:\/\/data.oireachtas.ie\/ie\/oireachtas\/bill\/2026\/62\/seanad\/3\/amendment\/numberedList\/eng\/b6226s-scnl.pdf"},"xml":null},"showAs":"Numbered List [Seanad]","stage":{"showAs":"Committee Stage","uri":"https:\/\/data.oireachtas.ie\/ie\/oireachtas\/bill\/2026\/62\/seanad\/3"},"stageNo":"3"}}],"billNo":"62","billType":"Public","billTypeURI":"https:\/\/data.oireachtas.ie\/ie\/oireachtas\/def\/bill-type\/public","billYear":"2026","debates":[{"chamber":{"showAs":"D\u00e1il \u00c9ireann","uri":"https:\/\/data.oireachtas.ie\/ie\/oireachtas\/def\/house\/dail"},"date":"2026-07-15","debateSectionId":"dbsect_27","showAs":"Domestic Violence Judgments Register Bill 2026 [Seanad]: Committee Stage","uri":"https:\/\/data.oireachtas.ie\/akn\/ie\/debateRecord\/dail\/2026-07-15\/debate\/main"},{"chamber":{"showAs":"D\u00e1il \u00c9ireann","uri":"https:\/\/data.oireachtas.ie\/ie\/oireachtas\/def\/house\/dail"},"date":"2026-07-15","debateSectionId":"dbsect_33","showAs":"Domestic Violence Judgments Register Bill 2026 [Seanad]: Committee Stage (Resumed) and Remaining Stages","uri":"https:\/\/data.oireachtas.ie\/akn\/ie\/debateRecord\/dail\/2026-07-15\/debate\/main"},{"chamber":{"showAs":"D\u00e1il \u00c9ireann","uri":"https:\/\/data.oireachtas.ie\/ie\/oireachtas\/def\/house\/dail"},"date":"2026-07-14","debateSectionId":"dbsect_17","showAs":"Domestic Violence Judgments Register Bill 2026 [Seanad]: Second Stage","uri":"https:\/\/data.oireachtas.ie\/akn\/ie\/debateRecord\/dail\/2026-07-14\/debate\/main"},{"chamber":{"showAs":"Seanad \u00c9ireann","uri":"https:\/\/data.oireachtas.ie\/ie\/oireachtas\/def\/house\/seanad"},"date":"2026-06-25","debateSectionId":"dbsect_15","showAs":"Domestic Violence Judgments Register Bill 2026: Committee and Remaining Stages","uri":"https:\/\/data.oireachtas.ie\/akn\/ie\/debateRecord\/seanad\/2026-06-25\/debate\/main"},{"chamber":{"showAs":"Seanad \u00c9ireann","uri":"https:\/\/data.oireachtas.ie\/ie\/oireachtas\/def\/house\/seanad"},"date":"2026-06-16","debateSectionId":"dbsect_10","showAs":"Domestic Violence Judgments Register Bill 2026: Order for Second Stage","uri":"https:\/\/data.oireachtas.ie\/akn\/ie\/debateRecord\/seanad\/2026-06-16\/debate\/main"},{"chamber":{"showAs":"Seanad \u00c9ireann","uri":"https:\/\/data.oireachtas.ie\/ie\/oireachtas\/def\/house\/seanad"},"date":"2026-06-16","debateSectionId":"dbsect_11","showAs":"Domestic Violence Judgments Register Bill 2026: Second Stage","uri":"https:\/\/data.oireachtas.ie\/akn\/ie\/debateRecord\/seanad\/2026-06-16\/debate\/main"}],"events":[{"event":{"chamber":{"chamberCode":"seanad","showAs":"Seanad \u00c9ireann","uri":"https:\/\/data.oireachtas.ie\/ie\/oireachtas\/def\/house\/seanad"},"dates":[{"date":"2026-06-15"},{"date":"2026-07-21"}],"eventURI":"https:\/\/data.oireachtas.ie\/ie\/oireachtas\/def\/bill-event\/published","showAs":"Published","uri":"https:\/\/data.oireachtas.ie\/ie\/oireachtas\/bill\/2026\/62\/published"}},{"event":{"chamber":null,"dates":[{"date":"2026-07-21"}],"eventURI":"https:\/\/data.oireachtas.ie\/ie\/oireachtas\/def\/bill-event\/enacted","showAs":"Enacted","uri":"https:\/\/data.oireachtas.ie\/ie\/oireachtas\/bill\/2026\/62\/enacted"}}],"lastUpdated":"2026-07-28T14:15:18.710000+00:00","longTitleEn":"<p>Bill entitled an Act to amend the Domestic Violence Act 2018 to provide for the setting up of a Domestic Violence Judgments Register in which judgments containing certain information in relation to the conviction of persons of certain offences may, on the order of a court, be contained; to specify the circumstances in which a judgment may be included in the Register; and to provide for related matters.<\/p>","longTitleGa":"<p>Bille d\u00e1 ngairtear Acht do leas\u00fa an Achta um Fhor\u00e9igean Baile, 2018 chun socr\u00fa a dh\u00e9anamh maidir le Cl\u00e1r Breithi\u00fanas For\u00e9igin Baile a chur ar bun a bhf\u00e9adfaidh, ar ord\u00fa \u00f3 ch\u00fairt, breithi\u00fanais ina bhfuil faisn\u00e9is \u00e1irithe i nd\u00e1il le ciont\u00fa daoine i gcionta \u00e1irithe a bheith ann; do shonr\u00fa na n-imthosca ina bhf\u00e9adfar breithi\u00fanas a chur sa Chl\u00e1r; agus do dh\u00e9anamh socr\u00fa i dtaobh nithe gaolmhara.<\/p>","method":"Presented","methodURI":"https:\/\/data.oireachtas.ie\/ie\/oireachtas\/def\/bill-method\/presented","mostRecentStage":{"event":{"chamber":null,"dates":[{"date":"2026-07-21"}],"house":null,"progressStage":10,"showAs":"Enacted","stageCompleted":true,"stageOutcome":"Enacted","stageURI":"https:\/\/data.oireachtas.ie\/ie\/oireachtas\/def\/bill-stage\/enacted","uri":"https:\/\/data.oireachtas.ie\/ie\/oireachtas\/bill\/2026\/62\/stage\/oireachtas\/enacted"}},"originHouse":{"showAs":"Seanad \u00c9ireann","uri":"https:\/\/data.oireachtas.ie\/ie\/oireachtas\/def\/house\/seanad"},"originHouseURI":"https:\/\/data.oireachtas.ie\/ie\/oireachtas\/def\/house\/seanad","relatedDocs":[{"relatedDoc":{"date":"2026-07-13","docType":"gluais","formats":{"pdf":{"uri":"https:\/\/data.oireachtas.ie\/ie\/oireachtas\/bill\/2026\/62\/mul\/gluais\/gluais-29-2026-an-bille-um-chlar-breithiunas-foreigin-baile-2026.pdf"},"xml":null},"lang":"mul","showAs":"Glossary\/Gluais","uri":"https:\/\/data.oireachtas.ie\/ie\/oireachtas\/bill\/2026\/62\/mul\/gluais"}},{"relatedDoc":{"date":"2026-06-15","docType":"memo","formats":{"pdf":{"uri":"https:\/\/data.oireachtas.ie\/ie\/oireachtas\/bill\/2026\/62\/eng\/memo\/b6226s-memo.pdf"},"xml":null},"lang":"eng","showAs":"Explanatory Memorandum","uri":"https:\/\/data.oireachtas.ie\/ie\/oireachtas\/bill\/2026\/62\/eng\/memo"}}],"shortTitleEn":"Domestic Violence Judgments Register Bill 2026","shortTitleGa":"An Bille um Chl\u00e1r Breithi\u00fanas For\u00e9igin Baile, 2026","source":"Government","sourceURI":"https:\/\/data.oireachtas.ie\/ie\/oireachtas\/def\/bill-source\/government","sponsors":[{"sponsor":{"isPrimary":true,"as":{"showAs":"Minister for Justice, Home Affairs and Migration","uri":null},"by":{"showAs":null,"uri":null}}}],"stages":[{"event":{"chamber":{"chamberCode":"seanad","showAs":"Seanad \u00c9ireann","uri":"https:\/\/data.oireachtas.ie\/ie\/oireachtas\/def\/house\/seanad"},"dates":[{"date":"2026-06-15"},{"date":"2026-06-15"}],"house":{"chamberCode":"seanad","chamberType":"house","houseCode":"seanad","houseNo":"27","showAs":"27th Seanad","uri":"https:\/\/data.oireachtas.ie\/ie\/oireachtas\/house\/seanad\/27"},"progressStage":1,"showAs":"First Stage","stageCompleted":true,"stageOutcome":null,"stageURI":"https:\/\/data.oireachtas.ie\/ie\/oireachtas\/def\/bill-stage\/1","uri":"https:\/\/data.oireachtas.ie\/ie\/oireachtas\/bill\/2026\/62\/stage\/seanad\/1"}},{"event":{"chamber":{"chamberCode":"seanad","showAs":"Seanad \u00c9ireann","uri":"https:\/\/data.oireachtas.ie\/ie\/oireachtas\/def\/house\/seanad"},"dates":[{"date":"2026-06-16"}],"house":{"chamberCode":"seanad","chamberType":"house","houseCode":"seanad","houseNo":"27","showAs":"27th Seanad","uri":"https:\/\/data.oireachtas.ie\/ie\/oireachtas\/house\/seanad\/27"},"progressStage":2,"showAs":"Second Stage","stageCompleted":true,"stageOutcome":null,"stageURI":"https:\/\/data.oireachtas.ie\/ie\/oireachtas\/def\/bill-stage\/2","uri":"https:\/\/data.oireachtas.ie\/ie\/oireachtas\/bill\/2026\/62\/stage\/seanad\/2"}},{"event":{"chamber":{"chamberCode":"seanad","showAs":"Seanad \u00c9ireann","uri":"https:\/\/data.oireachtas.ie\/ie\/oireachtas\/def\/house\/seanad"},"dates":[{"date":"2026-06-25"}],"house":{"chamberCode":"seanad","chamberType":"house","houseCode":"seanad","houseNo":"27","showAs":"27th Seanad","uri":"https:\/\/data.oireachtas.ie\/ie\/oireachtas\/house\/seanad\/27"},"progressStage":3,"showAs":"Committee Stage","stageCompleted":true,"stageOutcome":null,"stageURI":"https:\/\/data.oireachtas.ie\/ie\/oireachtas\/def\/bill-stage\/3","uri":"https:\/\/data.oireachtas.ie\/ie\/oireachtas\/bill\/2026\/62\/stage\/seanad\/3"}},{"event":{"chamber":{"chamberCode":"seanad","showAs":"Seanad \u00c9ireann","uri":"https:\/\/data.oireachtas.ie\/ie\/oireachtas\/def\/house\/seanad"},"dates":[{"date":"2026-06-25"}],"house":{"chamberCode":"seanad","chamberType":"house","houseCode":"seanad","houseNo":"27","showAs":"27th Seanad","uri":"https:\/\/data.oireachtas.ie\/ie\/oireachtas\/house\/seanad\/27"},"progressStage":4,"showAs":"Report Stage","stageCompleted":true,"stageOutcome":null,"stageURI":"https:\/\/data.oireachtas.ie\/ie\/oireachtas\/def\/bill-stage\/4","uri":"https:\/\/data.oireachtas.ie\/ie\/oireachtas\/bill\/2026\/62\/stage\/seanad\/4"}},{"event":{"chamber":{"chamberCode":"seanad","showAs":"Seanad \u00c9ireann","uri":"https:\/\/data.oireachtas.ie\/ie\/oireachtas\/def\/house\/seanad"},"dates":[{"date":"2026-06-25"}],"house":{"chamberCode":"seanad","chamberType":"house","houseCode":"seanad","houseNo":"27","showAs":"27th Seanad","uri":"https:\/\/data.oireachtas.ie\/ie\/oireachtas\/house\/seanad\/27"},"progressStage":5,"showAs":"Fifth Stage","stageCompleted":true,"stageOutcome":null,"stageURI":"https:\/\/data.oireachtas.ie\/ie\/oireachtas\/def\/bill-stage\/5","uri":"https:\/\/data.oireachtas.ie\/ie\/oireachtas\/bill\/2026\/62\/stage\/seanad\/5"}},{"event":{"chamber":{"chamberCode":"dail","showAs":"D\u00e1il \u00c9ireann","uri":"https:\/\/data.oireachtas.ie\/ie\/oireachtas\/def\/house\/dail"},"dates":[{"date":"2026-07-16"}],"house":{"chamberCode":"dail","chamberType":"house","houseCode":"dail","houseNo":"34","showAs":"34th D\u00e1il","uri":"https:\/\/data.oireachtas.ie\/ie\/oireachtas\/house\/dail\/34"},"progressStage":6,"showAs":"Second Stage","stageCompleted":true,"stageOutcome":null,"stageURI":"https:\/\/data.oireachtas.ie\/ie\/oireachtas\/def\/bill-stage\/2","uri":"https:\/\/data.oireachtas.ie\/ie\/oireachtas\/bill\/2026\/62\/stage\/dail\/2"}},{"event":{"chamber":{"chamberCode":"dail","showAs":"D\u00e1il \u00c9ireann","uri":"https:\/\/data.oireachtas.ie\/ie\/oireachtas\/def\/house\/dail"},"dates":[{"date":"2026-07-16"}],"house":{"chamberCode":"dail","chamberType":"house","houseCode":"dail","houseNo":"34","showAs":"34th D\u00e1il","uri":"https:\/\/data.oireachtas.ie\/ie\/oireachtas\/house\/dail\/34"},"progressStage":7,"showAs":"Committee Stage","stageCompleted":true,"stageOutcome":null,"stageURI":"https:\/\/data.oireachtas.ie\/ie\/oireachtas\/def\/bill-stage\/3","uri":"https:\/\/data.oireachtas.ie\/ie\/oireachtas\/bill\/2026\/62\/stage\/dail\/3"}},{"event":{"chamber":{"chamberCode":"dail","showAs":"D\u00e1il \u00c9ireann","uri":"https:\/\/data.oireachtas.ie\/ie\/oireachtas\/def\/house\/dail"},"dates":[{"date":"2026-07-16"}],"house":{"chamberCode":"dail","chamberType":"house","houseCode":"dail","houseNo":"34","showAs":"34th D\u00e1il","uri":"https:\/\/data.oireachtas.ie\/ie\/oireachtas\/house\/dail\/34"},"progressStage":8,"showAs":"Report Stage","stageCompleted":true,"stageOutcome":null,"stageURI":"https:\/\/data.oireachtas.ie\/ie\/oireachtas\/def\/bill-stage\/4","uri":"https:\/\/data.oireachtas.ie\/ie\/oireachtas\/bill\/2026\/62\/stage\/dail\/4"}},{"event":{"chamber":{"chamberCode":"dail","showAs":"D\u00e1il \u00c9ireann","uri":"https:\/\/data.oireachtas.ie\/ie\/oireachtas\/def\/house\/dail"},"dates":[{"date":"2026-07-16"}],"house":{"chamberCode":"dail","chamberType":"house","houseCode":"dail","houseNo":"34","showAs":"34th D\u00e1il","uri":"https:\/\/data.oireachtas.ie\/ie\/oireachtas\/house\/dail\/34"},"progressStage":9,"showAs":"Fifth Stage","stageCompleted":true,"stageOutcome":null,"stageURI":"https:\/\/data.oireachtas.ie\/ie\/oireachtas\/def\/bill-stage\/5","uri":"https:\/\/data.oireachtas.ie\/ie\/oireachtas\/bill\/2026\/62\/stage\/dail\/5"}},{"event":{"chamber":null,"dates":[{"date":"2026-07-21"}],"house":null,"progressStage":10,"showAs":"Enacted","stageCompleted":true,"stageOutcome":"Enacted","stageURI":"https:\/\/data.oireachtas.ie\/ie\/oireachtas\/def\/bill-stage\/enacted","uri":"https:\/\/data.oireachtas.ie\/ie\/oireachtas\/bill\/2026\/62\/stage\/oireachtas\/enacted"}}],"status":"Enacted","statusURI":"https:\/\/data.oireachtas.ie\/ie\/oireachtas\/def\/bill-status\/enacted","uri":"https:\/\/data.oireachtas.ie\/ie\/oireachtas\/bill\/2026\/62","versions":[{"version":{"lang":"eng","docType":"act","showAs":"Domestic Violence Judgments Register Act 2026","date":"2026-07-21","formats":{"pdf":{"uri":"https:\/\/data.oireachtas.ie\/ie\/oireachtas\/act\/2026\/29\/eng\/enacted\/a2926.pdf"},"xml":null},"uri":"https:\/\/data.oireachtas.ie\/ie\/oireachtas\/act\/2026\/29\/eng\/enacted"}},{"version":{"lang":"eng","docType":"bill","showAs":"As Initiated","date":"2026-06-15","formats":{"pdf":{"uri":"https:\/\/data.oireachtas.ie\/ie\/oireachtas\/bill\/2026\/62\/eng\/initiated\/b6226s.pdf"},"xml":null},"uri":"https:\/\/data.oireachtas.ie\/ie\/oireachtas\/bill\/2026\/62\/eng\/initiated"}}]},"contextDate":"2026-07-21","billSort":{"actNoSort":29,"actShortTitleEnSort":"domestic-violence-judgments-register-act-2026","actShortTitleGaSort":"an-tacht-um-chlar-breithiunas-foreigin-baile-2026","actYearSort":2026,"billNoSort":62,"billShortTitleEnSort":"domestic-violence-judgments-register-bill-2026","billShortTitleGaSort":"an-bille-um-chlar-breithiunas-foreigin-baile-2026","billYearSort":2026}},{"bill":{"act":null,"amendmentLists":[],"billNo":"61","billType":"Public","billTypeURI":"https:\/\/data.oireachtas.ie\/ie\/oireachtas\/def\/bill-type\/public","billYear":"2026","debates":[{"chamber":{"showAs":"D\u00e1il \u00c9ireann","uri":"https:\/\/data.oireachtas.ie\/ie\/oireachtas\/def\/house\/dail"},"date":"2026-06-10","debateSectionId":"dbsect_14","showAs":"Prohibition of Sulky-Racing Bill 2026: First Stage","uri":"https:\/\/data.oireachtas.ie\/akn\/ie\/debateRecord\/dail\/2026-06-10\/debate\/main"}],"events":[{"event":{"chamber":{"chamberCode":"dail","showAs":"D\u00e1il \u00c9ireann","uri":"https:\/\/data.oireachtas.ie\/ie\/oireachtas\/def\/house\/dail"},"dates":[{"date":"2026-05-14"},{"date":"2026-05-28"},{"date":"2026-06-10"}],"eventURI":"https:\/\/data.oireachtas.ie\/ie\/oireachtas\/def\/bill-event\/admissibility-for-introduction","showAs":"Admissibility for Introduction","uri":"https:\/\/data.oireachtas.ie\/ie\/oireachtas\/bill\/2026\/61\/admissibility-for-introduction"}}],"lastUpdated":"2026-06-11T11:22:10.020000+00:00","longTitleEn":"<p>Bill entitled an Act to prohibit sulky-racing where no lawful permission has been granted.<\/p>","longTitleGa":"<p>Bille d\u00e1 ngairtear Acht do thoirmeasc r\u00e1sa\u00edocht sulcaithe i gc\u00e1s nach mbeidh aon chead dleathach deonaithe ina leith.<\/p>","method":"Introduced","methodURI":"https:\/\/data.oireachtas.ie\/ie\/oireachtas\/def\/bill-method\/introduced","mostRecentStage":{"event":{"chamber":{"chamberCode":"dail","showAs":"D\u00e1il \u00c9ireann","uri":"https:\/\/data.oireachtas.ie\/ie\/oireachtas\/def\/house\/dail"},"dates":[{"date":"2026-06-10"}],"house":{"chamberCode":"dail","chamberType":"house","houseCode":"dail","houseNo":"34","showAs":"34th D\u00e1il","uri":"https:\/\/data.oireachtas.ie\/ie\/oireachtas\/house\/dail\/34"},"progressStage":2,"showAs":"Second Stage","stageCompleted":false,"stageOutcome":"Current","stageURI":"https:\/\/data.oireachtas.ie\/ie\/oireachtas\/def\/bill-stage\/2","uri":"https:\/\/data.oireachtas.ie\/ie\/oireachtas\/bill\/2026\/61\/stage\/dail\/2"}},"originHouse":{"showAs":"D\u00e1il \u00c9ireann","uri":"https:\/\/data.oireachtas.ie\/ie\/oireachtas\/def\/house\/dail"},"originHouseURI":"https:\/\/data.oireachtas.ie\/ie\/oireachtas\/def\/house\/dail","relatedDocs":[{"relatedDoc":{"date":"2026-06-10","docType":"memo","formats":{"pdf":{"uri":"https:\/\/data.oireachtas.ie\/ie\/oireachtas\/bill\/2026\/61\/eng\/memo\/b6126d-memo.pdf"},"xml":null},"lang":"eng","showAs":"Explanatory Memorandum","uri":"https:\/\/data.oireachtas.ie\/ie\/oireachtas\/bill\/2026\/61\/eng\/memo"}}],"shortTitleEn":"Prohibition of Sulky-Racing Bill 2026","shortTitleGa":"An Bille um Thoirmeasc ar R\u00e1sa\u00edocht Sulcaithe, 2026","source":"Private Member","sourceURI":"https:\/\/data.oireachtas.ie\/ie\/oireachtas\/def\/bill-source\/private-member","sponsors":[{"sponsor":{"isPrimary":true,"as":{"showAs":null,"uri":null},"by":{"showAs":"Mattie McGrath","uri":"https:\/\/data.oireachtas.ie\/ie\/oireachtas\/member\/id\/Mattie-McGrath.D.2007-06-14"}}}],"stages":[{"event":{"chamber":{"chamberCode":"dail","showAs":"D\u00e1il \u00c9ireann","uri":"https:\/\/data.oireachtas.ie\/ie\/oireachtas\/def\/house\/dail"},"dates":[{"date":"2026-05-14"},{"date":"2026-05-28"},{"date":"2026-06-10"},{"date":"2026-06-10"}],"house":{"chamberCode":"dail","chamberType":"house","houseCode":"dail","houseNo":"34","showAs":"34th D\u00e1il","uri":"https:\/\/data.oireachtas.ie\/ie\/oireachtas\/house\/dail\/34"},"progressStage":1,"showAs":"First Stage","stageCompleted":true,"stageOutcome":null,"stageURI":"https:\/\/data.oireachtas.ie\/ie\/oireachtas\/def\/bill-stage\/1","uri":"https:\/\/data.oireachtas.ie\/ie\/oireachtas\/bill\/2026\/61\/stage\/dail\/1"}},{"event":{"chamber":{"chamberCode":"dail","showAs":"D\u00e1il \u00c9ireann","uri":"https:\/\/data.oireachtas.ie\/ie\/oireachtas\/def\/house\/dail"},"dates":[{"date":"2026-06-10"}],"house":{"chamberCode":"dail","chamberType":"house","houseCode":"dail","houseNo":"34","showAs":"34th D\u00e1il","uri":"https:\/\/data.oireachtas.ie\/ie\/oireachtas\/house\/dail\/34"},"progressStage":2,"showAs":"Second Stage","stageCompleted":false,"stageOutcome":"Current","stageURI":"https:\/\/data.oireachtas.ie\/ie\/oireachtas\/def\/bill-stage\/2","uri":"https:\/\/data.oireachtas.ie\/ie\/oireachtas\/bill\/2026\/61\/stage\/dail\/2"}}],"status":"Current","statusURI":"https:\/\/data.oireachtas.ie\/ie\/oireachtas\/def\/bill-status\/published","uri":"https:\/\/data.oireachtas.ie\/ie\/oireachtas\/bill\/2026\/61","versions":[{"version":{"lang":"eng","docType":"bill","showAs":"As Initiated","date":"2026-06-10","formats":{"pdf":{"uri":"https:\/\/data.oireachtas.ie\/ie\/oireachtas\/bill\/2026\/61\/eng\/initiated\/b6126d.pdf"},"xml":null},"uri":"https:\/\/data.oireachtas.ie\/ie\/oireachtas\/bill\/2026\/61\/eng\/initiated"}}]},"contextDate":"2026-06-10","billSort":{"actNoSort":null,"actShortTitleEnSort":null,"actShortTitleGaSort":null,"actYearSort":null,"billNoSort":61,"billShortTitleEnSort":"prohibition-of-sulky-racing-bill-2026","billShortTitleGaSort":"an-bille-um-thoirmeasc-ar-rasaiocht-sulcaithe-2026","billYearSort":2026}},{"bill":{"act":null,"amendmentLists":[],"billNo":"60","billType":"Public","billTypeURI":"https:\/\/data.oireachtas.ie\/ie\/oireachtas\/def\/bill-type\/public","billYear":"2026","debates":[{"chamber":{"showAs":"D\u00e1il \u00c9ireann","uri":"https:\/\/data.oireachtas.ie\/ie\/oireachtas\/def\/house\/dail"},"date":"2026-07-16","debateSectionId":"dbsect_35","showAs":"Electoral (Postal Voting) (Carers) Bill 2026: First Stage","uri":"https:\/\/data.oireachtas.ie\/akn\/ie\/debateRecord\/dail\/2026-07-16\/debate\/main"},{"chamber":{"showAs":"Seanad \u00c9ireann","uri":"https:\/\/data.oireachtas.ie\/ie\/oireachtas\/def\/house\/seanad"},"date":"2026-06-10","debateSectionId":"dbsect_11","showAs":"Electoral (Amendment) (Voting Age) Bill 2026: First Stage","uri":"https:\/\/data.oireachtas.ie\/akn\/ie\/debateRecord\/seanad\/2026-06-10\/debate\/main"}],"events":[{"event":{"chamber":{"chamberCode":"seanad","showAs":"Seanad \u00c9ireann","uri":"https:\/\/data.oireachtas.ie\/ie\/oireachtas\/def\/house\/seanad"},"dates":[{"date":"2026-06-08"},{"date":"2026-06-08"},{"date":"2026-06-10"}],"eventURI":"https:\/\/data.oireachtas.ie\/ie\/oireachtas\/def\/bill-event\/admissibility-for-introduction","showAs":"Admissibility for Introduction","uri":"https:\/\/data.oireachtas.ie\/ie\/oireachtas\/bill\/2026\/60\/admissibility-for-introduction"}}],"lastUpdated":"2026-06-11T10:09:04.450000+00:00","longTitleEn":"<p style=\"margin-left:-.25pt;\">Bill entitled an Act to amend the Electoral Act 1992 to reduce the age at which a person may be registered as a European Parliament Elector, and a Local Government Elector, and to provide for related matters.\u00a0 \u00a0<\/p>","longTitleGa":"<p>Bille d\u00e1 ngairtear Acht do leas\u00fa an Achta Toghch\u00e1in, 1992 chun an aois a laghd\u00fa ag a bhf\u00e9adfaidh duine a bheith cl\u00e1raithe mar Thoghth\u00f3ir do Pharlaimint na hEorpa, agus mar Thoghth\u00f3ir Rialtais \u00c1iti\u00fail, agus do dh\u00e9anamh socr\u00fa i dtaobh nithe gaolmhara.<\/p>","method":"Introduced","methodURI":"https:\/\/data.oireachtas.ie\/ie\/oireachtas\/def\/bill-method\/introduced","mostRecentStage":{"event":{"chamber":{"chamberCode":"seanad","showAs":"Seanad \u00c9ireann","uri":"https:\/\/data.oireachtas.ie\/ie\/oireachtas\/def\/house\/seanad"},"dates":[{"date":"2026-06-10"}],"house":{"chamberCode":"seanad","chamberType":"house","houseCode":"seanad","houseNo":"27","showAs":"27th Seanad","uri":"https:\/\/data.oireachtas.ie\/ie\/oireachtas\/house\/seanad\/27"},"progressStage":2,"showAs":"Second Stage","stageCompleted":false,"stageOutcome":"Current","stageURI":"https:\/\/data.oireachtas.ie\/ie\/oireachtas\/def\/bill-stage\/2","uri":"https:\/\/data.oireachtas.ie\/ie\/oireachtas\/bill\/2026\/60\/stage\/seanad\/2"}},"originHouse":{"showAs":"Seanad \u00c9ireann","uri":"https:\/\/data.oireachtas.ie\/ie\/oireachtas\/def\/house\/seanad"},"originHouseURI":"https:\/\/data.oireachtas.ie\/ie\/oireachtas\/def\/house\/seanad","relatedDocs":[{"relatedDoc":{"date":"2026-06-10","docType":"memo","formats":{"pdf":{"uri":"https:\/\/data.oireachtas.ie\/ie\/oireachtas\/bill\/2026\/60\/eng\/memo\/b6026d-memopdf.pdf"},"xml":null},"lang":"eng","showAs":"Explanatory Memorandum","uri":"https:\/\/data.oireachtas.ie\/ie\/oireachtas\/bill\/2026\/60\/eng\/memo"}}],"shortTitleEn":"Electoral (Amendment) (Voting Age) Bill 2026 ","shortTitleGa":"An Bille Toghch\u00e1in (Leas\u00fa) (Aois V\u00f3t\u00e1la), 2026","source":"Private Member","sourceURI":"https:\/\/data.oireachtas.ie\/ie\/oireachtas\/def\/bill-source\/private-member","sponsors":[{"sponsor":{"isPrimary":true,"as":{"showAs":null,"uri":null},"by":{"showAs":"Joanne Collins","uri":"https:\/\/data.oireachtas.ie\/ie\/oireachtas\/member\/id\/Joanne-Collins.S.2025-01-29"}}},{"sponsor":{"isPrimary":false,"as":{"showAs":null,"uri":null},"by":{"showAs":"Pauline Tully","uri":"https:\/\/data.oireachtas.ie\/ie\/oireachtas\/member\/id\/Pauline-Tully.D.2020-02-08"}}},{"sponsor":{"isPrimary":false,"as":{"showAs":null,"uri":null},"by":{"showAs":"Maria McCormack","uri":"https:\/\/data.oireachtas.ie\/ie\/oireachtas\/member\/id\/Maria-McCormack.S.2025-01-29"}}},{"sponsor":{"isPrimary":false,"as":{"showAs":null,"uri":null},"by":{"showAs":"Chris Andrews","uri":"https:\/\/data.oireachtas.ie\/ie\/oireachtas\/member\/id\/Chris-Andrews.D.2007-06-14"}}},{"sponsor":{"isPrimary":false,"as":{"showAs":null,"uri":null},"by":{"showAs":"Conor Murphy","uri":"https:\/\/data.oireachtas.ie\/ie\/oireachtas\/member\/id\/Conor-Murphy.S.2025-01-29"}}},{"sponsor":{"isPrimary":false,"as":{"showAs":null,"uri":null},"by":{"showAs":"Nicole Ryan","uri":"https:\/\/data.oireachtas.ie\/ie\/oireachtas\/member\/id\/Nicole-Ryan.S.2025-01-29"}}}],"stages":[{"event":{"chamber":{"chamberCode":"seanad","showAs":"Seanad \u00c9ireann","uri":"https:\/\/data.oireachtas.ie\/ie\/oireachtas\/def\/house\/seanad"},"dates":[{"date":"2026-06-08"},{"date":"2026-06-08"},{"date":"2026-06-10"},{"date":"2026-06-10"}],"house":{"chamberCode":"seanad","chamberType":"house","houseCode":"seanad","houseNo":"27","showAs":"27th Seanad","uri":"https:\/\/data.oireachtas.ie\/ie\/oireachtas\/house\/seanad\/27"},"progressStage":1,"showAs":"First Stage","stageCompleted":true,"stageOutcome":null,"stageURI":"https:\/\/data.oireachtas.ie\/ie\/oireachtas\/def\/bill-stage\/1","uri":"https:\/\/data.oireachtas.ie\/ie\/oireachtas\/bill\/2026\/60\/stage\/seanad\/1"}},{"event":{"chamber":{"chamberCode":"seanad","showAs":"Seanad \u00c9ireann","uri":"https:\/\/data.oireachtas.ie\/ie\/oireachtas\/def\/house\/seanad"},"dates":[{"date":"2026-06-10"}],"house":{"chamberCode":"seanad","chamberType":"house","houseCode":"seanad","houseNo":"27","showAs":"27th Seanad","uri":"https:\/\/data.oireachtas.ie\/ie\/oireachtas\/house\/seanad\/27"},"progressStage":2,"showAs":"Second Stage","stageCompleted":false,"stageOutcome":"Current","stageURI":"https:\/\/data.oireachtas.ie\/ie\/oireachtas\/def\/bill-stage\/2","uri":"https:\/\/data.oireachtas.ie\/ie\/oireachtas\/bill\/2026\/60\/stage\/seanad\/2"}}],"status":"Current","statusURI":"https:\/\/data.oireachtas.ie\/ie\/oireachtas\/def\/bill-status\/published","uri":"https:\/\/data.oireachtas.ie\/ie\/oireachtas\/bill\/2026\/60","versions":[{"version":{"lang":"eng","docType":"bill","showAs":"As Initiated","date":"2026-06-10","formats":{"pdf":{"uri":"https:\/\/data.oireachtas.ie\/ie\/oireachtas\/bill\/2026\/60\/eng\/initiated\/b6026d.pdf"},"xml":null},"uri":"https:\/\/data.oireachtas.ie\/ie\/oireachtas\/bill\/2026\/60\/eng\/initiated"}}]},"contextDate":"2026-06-10","billSort":{"actNoSort":null,"actShortTitleEnSort":null,"actShortTitleGaSort":null,"actYearSort":null,"billNoSort":60,"billShortTitleEnSort":"electoral-amendment-voting-age-bill-2026","billShortTitleGaSort":"an-bille-toghchain-leasu-aois-votala-2026","billYearSort":2026}},{"bill":{"act":{"actNo":"21","actYear":"2026","dateSigned":"2026-07-15","longTitleEn":"<p>Act to provide for the establishment of a body to be known as <i>Oifig an Sti\u00farth\u00f3ra um Chomhar Idirn\u00e1isi\u00fanta Ceartais Choiri\u00fail<\/i> or, in the English language, as Office of the Director of Criminal Justice International Cooperation; to give effect to Directive (EU) 2023\/1544 of the European Parliament and of the Council of 12 July 2023 laying down harmonised rules on the designation of designated establishments and the appointment of legal representatives for the purpose of gathering electronic evidence in criminal proceedings; to give further effect to Regulation (EU) 2023\/1543 of the European Parliament and of the Council of 12 July 2023 on European Production Orders and European Preservation Orders for electronic evidence in criminal proceedings and for the execution of custodial sentences following criminal proceedings and to provide for penalties for failure to comply with obligations arising thereunder; to give further effect to Regulation (EU) 2021\/784 of the European Parliament and of the Council of 29 April 2021 on addressing the dissemination of terrorist content online; and to provide for related matters.<\/p>","longTitleGa":"<p>Acht do dh\u00e9anamh socr\u00fa maidir le comhlacht a bhun\u00fa ar a dtabharfar Oifig an Sti\u00farth\u00f3ra um Chomhar Idirn\u00e1isi\u00fanta Ceartais Choiri\u00fail n\u00f3, sa Bh\u00e9arla, <i>Office of the Director of Criminal Justice International Cooperation<\/i>; do thabhairt \u00e9ifeacht do Threoir (AE) 2023\/1544 \u00f3 Pharlaimint na hEorpa agus \u00f3n gComhairle an 12 I\u00fail 2023 lena leagtar s\u00edos rialacha comhchuibhithe maidir le bunachais shainainmnithe a shainainmni\u00fa agus ionadaithe dl\u00edthi\u00fala a cheapadh chun fianaise leictreonach a bhaili\u00fa in imeachta\u00ed coiri\u00fala; do thabhairt tuilleadh \u00e9ifeachta do Rialach\u00e1n (AE) 2023\/1543 \u00f3 Pharlaimint na hEorpa agus \u00f3n gComhairle an 12 I\u00fail 2023 maidir le hOrduithe Eorpacha chun Fianaise a Thabhairt ar Aird agus Orduithe Caomhnaithe Eorpacha i gcomhair fianaise leictreonach in imeachta\u00ed coiri\u00fala agus chun pianbhreitheanna coime\u00e1dta a fhorghn\u00edomh\u00fa tar \u00e9is imeachta\u00ed coiri\u00fala agus do dh\u00e9anamh socr\u00fa maidir le pion\u00f3is mar gheall ar mhainneachtain oibleag\u00e1id\u00ed faoin Rialach\u00e1n sin a chomhl\u00edonadh; do thabhairt tuilleadh \u00e9ifeachta do Rialach\u00e1n (AE) 2021\/784 \u00f3 Pharlaimint na hEorpa agus \u00f3n gComhairle an 29 Aibre\u00e1n 2021 maidir le haghaidh a thabhairt ar scaipeadh \u00e1bhair sceimhlitheoireachta ar l\u00edne; agus do dh\u00e9anamh socr\u00fa i dtaobh nithe gaolmhara.<\/p>","shortTitleEn":"Criminal Justice (International Cooperation on Electronic Evidence and Other Matters) Act 2026","shortTitleGa":"An tAcht um Cheartas Coiri\u00fail (Comhar Idirn\u00e1isi\u00fanta maidir le Fianaise Leictreonach agus Nithe Eile), 2026","statutebookURI":"http:\/\/www.irishstatutebook.ie\/eli\/2026\/act\/21","uri":"https:\/\/data.oireachtas.ie\/ie\/oireachtas\/act\/2026\/21"},"amendmentLists":[{"amendmentList":{"amendmentTypeUri":{"uri":"https:\/\/data.oireachtas.ie\/ie\/oireachtas\/def\/amendment-type\/numberedList"},"chamber":{"showAs":"Seanad","uri":"https:\/\/data.oireachtas.ie\/ie\/oireachtas\/def\/seanad"},"date":"2026-07-07","formats":{"pdf":{"uri":"https:\/\/data.oireachtas.ie\/ie\/oireachtas\/bill\/2026\/59\/seanad\/3\/amendment\/numberedList\/eng\/b5926d-scnl.pdf"},"xml":null},"showAs":"Numbered List [Seanad]","stage":{"showAs":"Committee Stage","uri":"https:\/\/data.oireachtas.ie\/ie\/oireachtas\/bill\/2026\/59\/seanad\/3"},"stageNo":"3"}},{"amendmentList":{"amendmentTypeUri":{"uri":"https:\/\/data.oireachtas.ie\/ie\/oireachtas\/def\/amendment-type\/numberedList"},"chamber":{"showAs":"Dail","uri":"https:\/\/data.oireachtas.ie\/ie\/oireachtas\/def\/dail"},"date":"2026-06-16","formats":{"pdf":{"uri":"https:\/\/data.oireachtas.ie\/ie\/oireachtas\/bill\/2026\/59\/dail\/3\/amendment\/numberedList\/eng\/b5926-dcnl.pdf"},"xml":null},"showAs":"Numbered List [D\u00e1il]","stage":{"showAs":"Committee Stage","uri":"https:\/\/data.oireachtas.ie\/ie\/oireachtas\/bill\/2026\/59\/dail\/3"},"stageNo":"3"}}],"billNo":"59","billType":"Public","billTypeURI":"https:\/\/data.oireachtas.ie\/ie\/oireachtas\/def\/bill-type\/public","billYear":"2026","debates":[{"chamber":{"showAs":"Seanad \u00c9ireann","uri":"https:\/\/data.oireachtas.ie\/ie\/oireachtas\/def\/house\/seanad"},"date":"2026-07-07","debateSectionId":"dbsect_20","showAs":"Criminal Justice (International Cooperation on Electronic Evidence and Other Matters) Bill 2026: Committee and Remaining Stages","uri":"https:\/\/data.oireachtas.ie\/akn\/ie\/debateRecord\/seanad\/2026-07-07\/debate\/main"},{"chamber":{"showAs":"Seanad \u00c9ireann","uri":"https:\/\/data.oireachtas.ie\/ie\/oireachtas\/def\/house\/seanad"},"date":"2026-06-24","debateSectionId":"dbsect_10","showAs":"Criminal Justice (International Cooperation on Electronic Evidence and Other Matters) Bill 2026: Second Stage","uri":"https:\/\/data.oireachtas.ie\/akn\/ie\/debateRecord\/seanad\/2026-06-24\/debate\/main"},{"chamber":{"showAs":"D\u00e1il \u00c9ireann","uri":"https:\/\/data.oireachtas.ie\/ie\/oireachtas\/def\/house\/dail"},"date":"2026-06-17","debateSectionId":"dbsect_16","showAs":"Criminal Justice (International Cooperation on Electronic Evidence and Other Matters) Bill 2026: Second Stage (Resumed)","uri":"https:\/\/data.oireachtas.ie\/akn\/ie\/debateRecord\/dail\/2026-06-17\/debate\/main"},{"chamber":{"showAs":"D\u00e1il \u00c9ireann","uri":"https:\/\/data.oireachtas.ie\/ie\/oireachtas\/def\/house\/dail"},"date":"2026-06-17","debateSectionId":"dbsect_21","showAs":"Criminal Justice (International Cooperation on Electronic Evidence and Other Matters) Bill 2026: Committee and Remaining Stages","uri":"https:\/\/data.oireachtas.ie\/akn\/ie\/debateRecord\/dail\/2026-06-17\/debate\/main"},{"chamber":{"showAs":"D\u00e1il \u00c9ireann","uri":"https:\/\/data.oireachtas.ie\/ie\/oireachtas\/def\/house\/dail"},"date":"2026-06-16","debateSectionId":"dbsect_18","showAs":"Criminal Justice (International Cooperation on Electronic Evidence and Other Matters) Bill 2026: Second Stage","uri":"https:\/\/data.oireachtas.ie\/akn\/ie\/debateRecord\/dail\/2026-06-16\/debate\/main"}],"events":[{"event":{"chamber":{"chamberCode":"dail","showAs":"D\u00e1il \u00c9ireann","uri":"https:\/\/data.oireachtas.ie\/ie\/oireachtas\/def\/house\/dail"},"dates":[{"date":"2026-06-04"},{"date":"2026-07-15"}],"eventURI":"https:\/\/data.oireachtas.ie\/ie\/oireachtas\/def\/bill-event\/published","showAs":"Published","uri":"https:\/\/data.oireachtas.ie\/ie\/oireachtas\/bill\/2026\/59\/published"}},{"event":{"chamber":null,"dates":[{"date":"2026-07-15"}],"eventURI":"https:\/\/data.oireachtas.ie\/ie\/oireachtas\/def\/bill-event\/enacted","showAs":"Enacted","uri":"https:\/\/data.oireachtas.ie\/ie\/oireachtas\/bill\/2026\/59\/enacted"}}],"lastUpdated":"2026-07-22T15:25:32.400000+00:00","longTitleEn":"<p>Bill entitled an Act to provide for the establishment of a body to be known as <i>Oifig an Sti\u00farth\u00f3ra um Chomhar Idirn\u00e1isi\u00fanta Ceartais Choiri\u00fail<\/i> or, in the English language, as Office of the Director of Criminal Justice International Cooperation; to give effect to Directive (EU) 2023\/1544 of the European Parliament and of the Council of 12 July 2023 laying down harmonised rules on the designation of designated establishments and the appointment of legal representatives for the purpose of gathering electronic evidence in criminal proceedings; to give further effect to Regulation (EU) 2023\/1543 of the European Parliament and of the Council of 12 July 2023 on European Production Orders and European Preservation Orders for electronic evidence in criminal proceedings and for the execution of custodial sentences following criminal proceedings and to provide for penalties for failure to comply with obligations arising thereunder; to give further effect to Regulation (EU) 2021\/784 of the European Parliament and of the Council of 29 April 2021 on addressing the dissemination of terrorist content online; and to provide for related matters.<\/p>","longTitleGa":"<p>Bille d\u00e1 ngairtear Acht do dh\u00e9anamh socr\u00fa maidir le comhlacht a bhun\u00fa ar a dtabharfar Oifig an Sti\u00farth\u00f3ra um Chomhar Idirn\u00e1isi\u00fanta Ceartais Choiri\u00fail n\u00f3, sa Bh\u00e9arla, <i>Office of the Director of Criminal Justice International Cooperation<\/i>; do thabhairt \u00e9ifeacht do Threoir (AE) 2023\/1544 \u00f3 Pharlaimint na hEorpa agus \u00f3n gComhairle an 12 I\u00fail 2023 lena leagtar s\u00edos rialacha comhchuibhithe maidir le bunachais shainainmnithe a shainainmni\u00fa agus ionadaithe dl\u00edthi\u00fala a cheapadh chun fianaise leictreonach a bhaili\u00fa in imeachta\u00ed coiri\u00fala; do thabhairt tuilleadh \u00e9ifeachta do Rialach\u00e1n (AE) 2023\/1543 \u00f3 Pharlaimint na hEorpa agus \u00f3n gComhairle an 12 I\u00fail 2023 maidir le hOrduithe Eorpacha chun Fianaise a Thabhairt ar Aird agus Orduithe Caomhnaithe Eorpacha i gcomhair fianaise leictreonach in imeachta\u00ed coiri\u00fala agus chun pianbhreitheanna coime\u00e1dta a fhorghn\u00edomh\u00fa tar \u00e9is imeachta\u00ed coiri\u00fala agus do dh\u00e9anamh socr\u00fa maidir le pion\u00f3is mar gheall ar mhainneachtain oibleag\u00e1id\u00ed faoin Rialach\u00e1n sin a chomhl\u00edonadh; do thabhairt tuilleadh \u00e9ifeachta do Rialach\u00e1n (AE) 2021\/784 \u00f3 Pharlaimint na hEorpa agus \u00f3n gComhairle an 29 Aibre\u00e1n 2021 maidir le haghaidh a thabhairt ar scaipeadh \u00e1bhair sceimhlitheoireachta ar l\u00edne; agus do dh\u00e9anamh socr\u00fa i dtaobh nithe gaolmhara.<\/p>","method":"Presented","methodURI":"https:\/\/data.oireachtas.ie\/ie\/oireachtas\/def\/bill-method\/presented","mostRecentStage":{"event":{"chamber":null,"dates":[{"date":"2026-07-15"}],"house":null,"progressStage":10,"showAs":"Enacted","stageCompleted":true,"stageOutcome":"Enacted","stageURI":"https:\/\/data.oireachtas.ie\/ie\/oireachtas\/def\/bill-stage\/enacted","uri":"https:\/\/data.oireachtas.ie\/ie\/oireachtas\/bill\/2026\/59\/stage\/oireachtas\/enacted"}},"originHouse":{"showAs":"D\u00e1il \u00c9ireann","uri":"https:\/\/data.oireachtas.ie\/ie\/oireachtas\/def\/house\/dail"},"originHouseURI":"https:\/\/data.oireachtas.ie\/ie\/oireachtas\/def\/house\/dail","relatedDocs":[{"relatedDoc":{"date":"2026-06-29","docType":"digest","formats":{"pdf":{"uri":"https:\/\/data.oireachtas.ie\/ie\/oireachtas\/bill\/2026\/59\/eng\/digest\/digest-cj-intl-coop-bill15626.pdf"},"xml":null},"lang":"eng","showAs":"Bill Digest","uri":"https:\/\/data.oireachtas.ie\/ie\/oireachtas\/bill\/2026\/59\/eng\/digest"}},{"relatedDoc":{"date":"2026-06-15","docType":"gluais","formats":{"pdf":{"uri":"https:\/\/data.oireachtas.ie\/ie\/oireachtas\/bill\/2026\/59\/mul\/gluais\/gluais-20-2026-an-bille-um-cheartas-coiriuil-comhar-idirnaisiunta-maidir-le-fianaise-leictreonach-agus-nithe-eile-2026.pdf"},"xml":null},"lang":"mul","showAs":"Glossary\/Gluais","uri":"https:\/\/data.oireachtas.ie\/ie\/oireachtas\/bill\/2026\/59\/mul\/gluais"}},{"relatedDoc":{"date":"2026-06-04","docType":"memo","formats":{"pdf":{"uri":"https:\/\/data.oireachtas.ie\/ie\/oireachtas\/bill\/2026\/59\/eng\/memo\/b5926d-memo.pdf"},"xml":null},"lang":"eng","showAs":"Explanatory Memorandum","uri":"https:\/\/data.oireachtas.ie\/ie\/oireachtas\/bill\/2026\/59\/eng\/memo"}}],"shortTitleEn":"Criminal Justice (International Cooperation on Electronic Evidence and Other Matters) Bill 2026","shortTitleGa":"An Bille um Cheartas Coiri\u00fail (Comhar Idirn\u00e1isi\u00fanta maidir le Fianaise Leictreonach agus Nithe Eile), 2026","source":"Government","sourceURI":"https:\/\/data.oireachtas.ie\/ie\/oireachtas\/def\/bill-source\/government","sponsors":[{"sponsor":{"isPrimary":true,"as":{"showAs":"Minister for Justice, Home Affairs and Migration","uri":null},"by":{"showAs":null,"uri":null}}}],"stages":[{"event":{"chamber":{"chamberCode":"dail","showAs":"D\u00e1il \u00c9ireann","uri":"https:\/\/data.oireachtas.ie\/ie\/oireachtas\/def\/house\/dail"},"dates":[{"date":"2026-06-04"},{"date":"2026-06-04"}],"house":{"chamberCode":"dail","chamberType":"house","houseCode":"dail","houseNo":"34","showAs":"34th D\u00e1il","uri":"https:\/\/data.oireachtas.ie\/ie\/oireachtas\/house\/dail\/34"},"progressStage":1,"showAs":"First Stage","stageCompleted":true,"stageOutcome":null,"stageURI":"https:\/\/data.oireachtas.ie\/ie\/oireachtas\/def\/bill-stage\/1","uri":"https:\/\/data.oireachtas.ie\/ie\/oireachtas\/bill\/2026\/59\/stage\/dail\/1"}},{"event":{"chamber":{"chamberCode":"dail","showAs":"D\u00e1il \u00c9ireann","uri":"https:\/\/data.oireachtas.ie\/ie\/oireachtas\/def\/house\/dail"},"dates":[{"date":"2026-06-16"}],"house":{"chamberCode":"dail","chamberType":"house","houseCode":"dail","houseNo":"34","showAs":"34th D\u00e1il","uri":"https:\/\/data.oireachtas.ie\/ie\/oireachtas\/house\/dail\/34"},"progressStage":2,"showAs":"Second Stage","stageCompleted":true,"stageOutcome":null,"stageURI":"https:\/\/data.oireachtas.ie\/ie\/oireachtas\/def\/bill-stage\/2","uri":"https:\/\/data.oireachtas.ie\/ie\/oireachtas\/bill\/2026\/59\/stage\/dail\/2"}},{"event":{"chamber":{"chamberCode":"dail","showAs":"D\u00e1il \u00c9ireann","uri":"https:\/\/data.oireachtas.ie\/ie\/oireachtas\/def\/house\/dail"},"dates":[{"date":"2026-06-17"}],"house":{"chamberCode":"dail","chamberType":"house","houseCode":"dail","houseNo":"34","showAs":"34th D\u00e1il","uri":"https:\/\/data.oireachtas.ie\/ie\/oireachtas\/house\/dail\/34"},"progressStage":3,"showAs":"Committee Stage","stageCompleted":true,"stageOutcome":null,"stageURI":"https:\/\/data.oireachtas.ie\/ie\/oireachtas\/def\/bill-stage\/3","uri":"https:\/\/data.oireachtas.ie\/ie\/oireachtas\/bill\/2026\/59\/stage\/dail\/3"}},{"event":{"chamber":{"chamberCode":"dail","showAs":"D\u00e1il \u00c9ireann","uri":"https:\/\/data.oireachtas.ie\/ie\/oireachtas\/def\/house\/dail"},"dates":[{"date":"2026-06-17"}],"house":{"chamberCode":"dail","chamberType":"house","houseCode":"dail","houseNo":"34","showAs":"34th D\u00e1il","uri":"https:\/\/data.oireachtas.ie\/ie\/oireachtas\/house\/dail\/34"},"progressStage":4,"showAs":"Report Stage","stageCompleted":true,"stageOutcome":null,"stageURI":"https:\/\/data.oireachtas.ie\/ie\/oireachtas\/def\/bill-stage\/4","uri":"https:\/\/data.oireachtas.ie\/ie\/oireachtas\/bill\/2026\/59\/stage\/dail\/4"}},{"event":{"chamber":{"chamberCode":"dail","showAs":"D\u00e1il \u00c9ireann","uri":"https:\/\/data.oireachtas.ie\/ie\/oireachtas\/def\/house\/dail"},"dates":[{"date":"2026-06-17"}],"house":{"chamberCode":"dail","chamberType":"house","houseCode":"dail","houseNo":"34","showAs":"34th D\u00e1il","uri":"https:\/\/data.oireachtas.ie\/ie\/oireachtas\/house\/dail\/34"},"progressStage":5,"showAs":"Fifth Stage","stageCompleted":true,"stageOutcome":null,"stageURI":"https:\/\/data.oireachtas.ie\/ie\/oireachtas\/def\/bill-stage\/5","uri":"https:\/\/data.oireachtas.ie\/ie\/oireachtas\/bill\/2026\/59\/stage\/dail\/5"}},{"event":{"chamber":{"chamberCode":"seanad","showAs":"Seanad \u00c9ireann","uri":"https:\/\/data.oireachtas.ie\/ie\/oireachtas\/def\/house\/seanad"},"dates":[{"date":"2026-06-24"}],"house":{"chamberCode":"seanad","chamberType":"house","houseCode":"seanad","houseNo":"27","showAs":"27th Seanad","uri":"https:\/\/data.oireachtas.ie\/ie\/oireachtas\/house\/seanad\/27"},"progressStage":6,"showAs":"Second Stage","stageCompleted":true,"stageOutcome":null,"stageURI":"https:\/\/data.oireachtas.ie\/ie\/oireachtas\/def\/bill-stage\/2","uri":"https:\/\/data.oireachtas.ie\/ie\/oireachtas\/bill\/2026\/59\/stage\/seanad\/2"}},{"event":{"chamber":{"chamberCode":"seanad","showAs":"Seanad \u00c9ireann","uri":"https:\/\/data.oireachtas.ie\/ie\/oireachtas\/def\/house\/seanad"},"dates":[{"date":"2026-06-24"}],"house":{"chamberCode":"seanad","chamberType":"house","houseCode":"seanad","houseNo":"27","showAs":"27th Seanad","uri":"https:\/\/data.oireachtas.ie\/ie\/oireachtas\/house\/seanad\/27"},"progressStage":7,"showAs":"Committee Stage","stageCompleted":true,"stageOutcome":null,"stageURI":"https:\/\/data.oireachtas.ie\/ie\/oireachtas\/def\/bill-stage\/3","uri":"https:\/\/data.oireachtas.ie\/ie\/oireachtas\/bill\/2026\/59\/stage\/seanad\/3"}},{"event":{"chamber":{"chamberCode":"seanad","showAs":"Seanad \u00c9ireann","uri":"https:\/\/data.oireachtas.ie\/ie\/oireachtas\/def\/house\/seanad"},"dates":[{"date":"2026-07-07"}],"house":{"chamberCode":"seanad","chamberType":"house","houseCode":"seanad","houseNo":"27","showAs":"27th Seanad","uri":"https:\/\/data.oireachtas.ie\/ie\/oireachtas\/house\/seanad\/27"},"progressStage":8,"showAs":"Report Stage","stageCompleted":true,"stageOutcome":null,"stageURI":"https:\/\/data.oireachtas.ie\/ie\/oireachtas\/def\/bill-stage\/4","uri":"https:\/\/data.oireachtas.ie\/ie\/oireachtas\/bill\/2026\/59\/stage\/seanad\/4"}},{"event":{"chamber":{"chamberCode":"seanad","showAs":"Seanad \u00c9ireann","uri":"https:\/\/data.oireachtas.ie\/ie\/oireachtas\/def\/house\/seanad"},"dates":[{"date":"2026-07-07"}],"house":{"chamberCode":"seanad","chamberType":"house","houseCode":"seanad","houseNo":"27","showAs":"27th Seanad","uri":"https:\/\/data.oireachtas.ie\/ie\/oireachtas\/house\/seanad\/27"},"progressStage":9,"showAs":"Fifth Stage","stageCompleted":true,"stageOutcome":null,"stageURI":"https:\/\/data.oireachtas.ie\/ie\/oireachtas\/def\/bill-stage\/5","uri":"https:\/\/data.oireachtas.ie\/ie\/oireachtas\/bill\/2026\/59\/stage\/seanad\/5"}},{"event":{"chamber":null,"dates":[{"date":"2026-07-15"}],"house":null,"progressStage":10,"showAs":"Enacted","stageCompleted":true,"stageOutcome":"Enacted","stageURI":"https:\/\/data.oireachtas.ie\/ie\/oireachtas\/def\/bill-stage\/enacted","uri":"https:\/\/data.oireachtas.ie\/ie\/oireachtas\/bill\/2026\/59\/stage\/oireachtas\/enacted"}}],"status":"Enacted","statusURI":"https:\/\/data.oireachtas.ie\/ie\/oireachtas\/def\/bill-status\/enacted","uri":"https:\/\/data.oireachtas.ie\/ie\/oireachtas\/bill\/2026\/59","versions":[{"version":{"lang":"eng","docType":"act","showAs":"Criminal Justice (International Cooperation on Electronic Evidence and Other Matters) Act 2026","date":"2026-07-15","formats":{"pdf":{"uri":"https:\/\/data.oireachtas.ie\/ie\/oireachtas\/act\/2026\/21\/eng\/enacted\/a2126.pdf"},"xml":null},"uri":"https:\/\/data.oireachtas.ie\/ie\/oireachtas\/act\/2026\/21\/eng\/enacted"}},{"version":{"lang":"eng","docType":"bill","showAs":"As Initiated","date":"2026-06-04","formats":{"pdf":{"uri":"https:\/\/data.oireachtas.ie\/ie\/oireachtas\/bill\/2026\/59\/eng\/initiated\/b5926d.pdf"},"xml":null},"uri":"https:\/\/data.oireachtas.ie\/ie\/oireachtas\/bill\/2026\/59\/eng\/initiated"}}]},"contextDate":"2026-07-15","billSort":{"actNoSort":21,"actShortTitleEnSort":"criminal-justice-international-cooperation-on-electronic-evidence-and-other-matters-act-2026","actShortTitleGaSort":"an-tacht-um-cheartas-coiriuil-comhar-idirnaisiunta-maidir-le-fianaise-leictreonach-agus-nithe-eile-2026","actYearSort":2026,"billNoSort":59,"billShortTitleEnSort":"criminal-justice-international-cooperation-on-electronic-evidence-and-other-matters-bill-2026","billShortTitleGaSort":"an-bille-um-cheartas-coiriuil-comhar-idirnaisiunta-maidir-le-fianaise-leictreonach-agus-nithe-eile-2026","billYearSort":2026}},{"bill":{"act":{"actNo":"33","actYear":"2026","dateSigned":"2026-07-22","longTitleEn":"<p>Act to provide for additional requirements, relating to residency in the State, to be satisfied in order to be eligible for social housing support; to provide for an appeal of certain decisions relating to social housing support; for those purposes to amend the Housing (Miscellaneous Provisions) Act 2009; to provide for additional eligibility criteria for access to certain services provided to homeless persons under section 10 of the Housing Act 1988; to provide for withdrawal of such services in certain cases; to provide for an appeal in respect of such withdrawal; for those purposes to amend the Housing Act 1988; to make provision in relation to the conduct of mediations, adjudications and Tribunal hearings, and the determination of disputes, by the Residential Tenancies Board, and the enforcement of such determinations; to increase the penalties for summary offences and to provide for the service of fixed payment notices in respect of certain offences under the Residential Tenancies Act 2004; to provide that the Residential Tenancies Act 2004 shall not apply to certain dwellings; for those and other purposes to amend that Act; and to provide for related matters.<\/p>","longTitleGa":"<p>Acht do dh\u00e9anamh socr\u00fa maidir le ceanglais bhreise, a bhaineann le c\u00f3na\u00ed sa St\u00e1t, a bheidh le comhl\u00edonadh chun bheith inch\u00e1ilithe le haghaidh taca\u00edocht do thith\u00edocht sh\u00f3isialta; do dh\u00e9anamh socr\u00fa maidir le hachomharc i gcoinne breitheanna \u00e1irithe a bhaineann le taca\u00edocht do thith\u00edocht sh\u00f3isialta; chun na gcr\u00edoch sin, do leas\u00fa Acht na dTithe (For\u00e1lacha Ilghn\u00e9itheacha), 2009; do dh\u00e9anamh socr\u00fa maidir le crit\u00e9ir inch\u00e1ilitheachta bhreise chun rochtain a fh\u00e1il ar sheirbh\u00eds\u00ed \u00e1irithe arna sol\u00e1thar do dhaoine gan d\u00eddean faoi alt 10 d\u2019Acht na dTithe, 1988; do dh\u00e9anamh socr\u00fa maidir le seirbh\u00eds\u00ed den s\u00f3rt sin a tharraingt siar i gc\u00e1sanna \u00e1irithe; do dh\u00e9anamh socr\u00fa maidir le hachomharc i leith tarraingt siar den s\u00f3rt sin; chun na gcr\u00edoch sin, do leas\u00fa Acht na dTithe, 1988; do dh\u00e9anamh socr\u00fa i nd\u00e1il leis an mBord um Thion\u00f3ntachta\u00ed C\u00f3naithe do sheoladh idirghabh\u00e1lacha, breithnithe agus \u00e9isteachta\u00ed Binse, agus do chinneadh d\u00edosp\u00f3id\u00ed, agus i nd\u00e1il le forfheidhmi\u00fa na gcinnt\u00ed sin; do mh\u00e9ad\u00fa na bpion\u00f3s i leith cionta achoimre agus do dh\u00e9anamh socr\u00fa maidir le f\u00f3gra\u00ed \u00edoca\u00edochta seasta a sheirbhe\u00e1il i leith cionta \u00e1irithe faoin Acht um Thion\u00f3ntachta\u00ed C\u00f3naithe, 2004; do dh\u00e9anamh socr\u00fa nach mbeidh feidhm ag an Acht um Thion\u00f3ntachta\u00ed C\u00f3naithe, 2004 maidir le teaghais\u00ed \u00e1irithe; chun na gcr\u00edoch sin agus chun cr\u00edoch eile, do leas\u00fa an Achta sin; agus do dh\u00e9anamh socr\u00fa i dtaobh nithe gaolmhara.<\/p>","shortTitleEn":"Housing and Residential Tenancies (Miscellaneous Provisions) Act 2026","shortTitleGa":"An tAcht Tith\u00edochta agus Tion\u00f3ntachta\u00ed C\u00f3naithe (For\u00e1lacha Ilghn\u00e9itheacha), 2026","statutebookURI":"http:\/\/www.irishstatutebook.ie\/eli\/2026\/act\/33","uri":"https:\/\/data.oireachtas.ie\/ie\/oireachtas\/act\/2026\/33"},"amendmentLists":[{"amendmentList":{"amendmentTypeUri":{"uri":"https:\/\/data.oireachtas.ie\/ie\/oireachtas\/def\/amendment-type\/numberedList"},"chamber":{"showAs":"Seanad","uri":"https:\/\/data.oireachtas.ie\/ie\/oireachtas\/def\/seanad"},"date":"2026-07-13","formats":{"pdf":{"uri":"https:\/\/data.oireachtas.ie\/ie\/oireachtas\/bill\/2026\/58\/seanad\/3\/amendment\/numberedList\/eng\/b58b26d-scnl.pdf"},"xml":null},"showAs":"Numbered List [Seanad]","stage":{"showAs":"Committee Stage","uri":"https:\/\/data.oireachtas.ie\/ie\/oireachtas\/bill\/2026\/58\/seanad\/3"},"stageNo":"3"}},{"amendmentList":{"amendmentTypeUri":{"uri":"https:\/\/data.oireachtas.ie\/ie\/oireachtas\/def\/amendment-type\/numberedList"},"chamber":{"showAs":"Dail","uri":"https:\/\/data.oireachtas.ie\/ie\/oireachtas\/def\/dail"},"date":"2026-07-07","formats":{"pdf":{"uri":"https:\/\/data.oireachtas.ie\/ie\/oireachtas\/bill\/2026\/58\/dail\/4\/amendment\/numberedList\/eng\/b58a26d-drnl.pdf"},"xml":null},"showAs":"Numbered List [D\u00e1il]","stage":{"showAs":"Report Stage","uri":"https:\/\/data.oireachtas.ie\/ie\/oireachtas\/bill\/2026\/58\/dail\/4"},"stageNo":"4"}},{"amendmentList":{"amendmentTypeUri":{"uri":"https:\/\/data.oireachtas.ie\/ie\/oireachtas\/def\/amendment-type\/numberedList"},"chamber":{"showAs":"Dail","uri":"https:\/\/data.oireachtas.ie\/ie\/oireachtas\/def\/dail"},"date":"2026-06-15","formats":{"pdf":{"uri":"https:\/\/data.oireachtas.ie\/ie\/oireachtas\/bill\/2026\/58\/dail\/3\/amendment\/numberedList\/eng\/b5826d-dcnl.pdf"},"xml":null},"showAs":"Numbered List [D\u00e1il]","stage":{"showAs":"Committee Stage","uri":"https:\/\/data.oireachtas.ie\/ie\/oireachtas\/bill\/2026\/58\/dail\/3"},"stageNo":"3"}}],"billNo":"58","billType":"Public","billTypeURI":"https:\/\/data.oireachtas.ie\/ie\/oireachtas\/def\/bill-type\/public","billYear":"2026","debates":[{"chamber":{"showAs":"Seanad \u00c9ireann","uri":"https:\/\/data.oireachtas.ie\/ie\/oireachtas\/def\/house\/seanad"},"date":"2026-07-14","debateSectionId":"dbsect_20","showAs":"Housing and Residential Tenancies (Miscellaneous Provisions) Bill 2026: Committee and Remaining Stages","uri":"https:\/\/data.oireachtas.ie\/akn\/ie\/debateRecord\/seanad\/2026-07-14\/debate\/main"},{"chamber":{"showAs":"Seanad \u00c9ireann","uri":"https:\/\/data.oireachtas.ie\/ie\/oireachtas\/def\/house\/seanad"},"date":"2026-07-09","debateSectionId":"dbsect_29","showAs":"Housing and Residential Tenancies (Miscellaneous Provisions) Bill 2026: Second Stage","uri":"https:\/\/data.oireachtas.ie\/akn\/ie\/debateRecord\/seanad\/2026-07-09\/debate\/main"},{"chamber":{"showAs":"D\u00e1il \u00c9ireann","uri":"https:\/\/data.oireachtas.ie\/ie\/oireachtas\/def\/house\/dail"},"date":"2026-07-08","debateSectionId":"dbsect_26","showAs":"Housing and Residential Tenancies (Miscellaneous Provisions) Bill 2026: Report and Final Stages","uri":"https:\/\/data.oireachtas.ie\/akn\/ie\/debateRecord\/dail\/2026-07-08\/debate\/main"},{"chamber":{"showAs":"Select Committee on Housing, Local Government and Heritage","uri":"https:\/\/data.oireachtas.ie\/ie\/oireachtas\/def\/committee"},"date":"2026-06-23","debateSectionId":"dbsect_2","showAs":"Housing and Residential Tenancies (Miscellaneous Provisions) Bill 2026: Committee Stage (Resumed)","uri":"https:\/\/data.oireachtas.ie\/akn\/ie\/debateRecord\/select_committee_on_housing_local_government_and_heritage\/2026-06-23\/debate\/main"},{"chamber":{"showAs":"Select Committee on Housing, Local Government and Heritage","uri":"https:\/\/data.oireachtas.ie\/ie\/oireachtas\/def\/committee"},"date":"2026-06-18","debateSectionId":"dbsect_2","showAs":"Housing and Residential Tenancies (Miscellaneous Provisions) Bill 2026: Committee Stage (Resumed)","uri":"https:\/\/data.oireachtas.ie\/akn\/ie\/debateRecord\/select_committee_on_housing_local_government_and_heritage\/2026-06-18\/debate\/main"},{"chamber":{"showAs":"Select Committee on Housing, Local Government and Heritage","uri":"https:\/\/data.oireachtas.ie\/ie\/oireachtas\/def\/committee"},"date":"2026-06-16","debateSectionId":"dbsect_2","showAs":"Housing and Residential Tenancies (Miscellaneous Provisions) Bill 2026: Committee Stage","uri":"https:\/\/data.oireachtas.ie\/akn\/ie\/debateRecord\/select_committee_on_housing_local_government_and_heritage\/2026-06-16\/debate\/main"},{"chamber":{"showAs":"D\u00e1il \u00c9ireann","uri":"https:\/\/data.oireachtas.ie\/ie\/oireachtas\/def\/house\/dail"},"date":"2026-06-11","debateSectionId":"dbsect_32","showAs":"Housing and Residential Tenancies (Miscellaneous Provisions) Bill 2026: Second Stage","uri":"https:\/\/data.oireachtas.ie\/akn\/ie\/debateRecord\/dail\/2026-06-11\/debate\/main"},{"chamber":{"showAs":"D\u00e1il \u00c9ireann","uri":"https:\/\/data.oireachtas.ie\/ie\/oireachtas\/def\/house\/dail"},"date":"2026-06-11","debateSectionId":"dbsect_34","showAs":"Housing and Residential Tenancies (Miscellaneous Provisions) Bill 2026: Second Stage (Resumed)","uri":"https:\/\/data.oireachtas.ie\/akn\/ie\/debateRecord\/dail\/2026-06-11\/debate\/main"},{"chamber":{"showAs":"D\u00e1il \u00c9ireann","uri":"https:\/\/data.oireachtas.ie\/ie\/oireachtas\/def\/house\/dail"},"date":"2026-06-11","debateSectionId":"dbsect_39","showAs":"Housing and Residential Tenancies (Miscellaneous Provisions) Bill 2026: Referral to Select Committee","uri":"https:\/\/data.oireachtas.ie\/akn\/ie\/debateRecord\/dail\/2026-06-11\/debate\/main"}],"events":[{"event":{"chamber":{"chamberCode":"dail","showAs":"D\u00e1il \u00c9ireann","uri":"https:\/\/data.oireachtas.ie\/ie\/oireachtas\/def\/house\/dail"},"dates":[{"date":"2026-06-03"},{"date":"2026-07-22"}],"eventURI":"https:\/\/data.oireachtas.ie\/ie\/oireachtas\/def\/bill-event\/published","showAs":"Published","uri":"https:\/\/data.oireachtas.ie\/ie\/oireachtas\/bill\/2026\/58\/published"}},{"event":{"chamber":null,"dates":[{"date":"2026-07-22"}],"eventURI":"https:\/\/data.oireachtas.ie\/ie\/oireachtas\/def\/bill-event\/enacted","showAs":"Enacted","uri":"https:\/\/data.oireachtas.ie\/ie\/oireachtas\/bill\/2026\/58\/enacted"}}],"lastUpdated":"2026-07-28T11:51:02.250000+00:00","longTitleEn":"<p>Bill entitled an Act to provide for additional requirements, relating to residency in the State, to be satisfied in order to be eligible for social housing support; to provide for an appeal of certain decisions relating to social housing support; for those purposes to amend the Housing (Miscellaneous Provisions) Act 2009; to provide for additional eligibility criteria for access to certain services provided to homeless persons under section 10 of the Housing Act 1988; to provide for withdrawal of such services in certain cases; to provide for an appeal in respect of such withdrawal; for those purposes to amend the Housing Act 1988; to make provision in relation to the conduct of mediations, adjudications and Tribunal hearings, and the determination of disputes, by the Residential Tenancies Board, and the enforcement of such determinations; to increase the penalties for summary offences and to provide for the service of fixed payment notices in respect of certain offences under the Residential Tenancies Act 2004; to provide that the Residential Tenancies Act 2004 shall not apply to certain dwellings; for those and other purposes to amend that Act; and to provide for related matters.<\/p>","longTitleGa":"<p>Bille d\u00e1 ngairtear Acht do dh\u00e9anamh socr\u00fa maidir le ceanglais bhreise, a bhaineann le c\u00f3na\u00ed sa St\u00e1t, a bheidh le comhl\u00edonadh chun bheith inch\u00e1ilithe le haghaidh taca\u00edocht do thith\u00edocht sh\u00f3isialta; do dh\u00e9anamh socr\u00fa maidir le hachomharc i gcoinne breitheanna \u00e1irithe a bhaineann le taca\u00edocht do thith\u00edocht sh\u00f3isialta; chun na gcr\u00edoch sin, do leas\u00fa Acht na dTithe (For\u00e1lacha Ilghn\u00e9itheacha), 2009; do dh\u00e9anamh socr\u00fa maidir le crit\u00e9ir inch\u00e1ilitheachta bhreise chun rochtain a fh\u00e1il ar sheirbh\u00eds\u00ed \u00e1irithe arna sol\u00e1thar do dhaoine gan d\u00eddean faoi alt 10 d\u2019Acht na dTithe, 1988; do dh\u00e9anamh socr\u00fa maidir le seirbh\u00eds\u00ed den s\u00f3rt sin a tharraingt siar i gc\u00e1sanna \u00e1irithe; do dh\u00e9anamh socr\u00fa maidir le hachomharc i leith tarraingt siar den s\u00f3rt sin; chun na gcr\u00edoch sin, do leas\u00fa Acht na dTithe, 1988; do dh\u00e9anamh socr\u00fa i nd\u00e1il leis an mBord um Thion\u00f3ntachta\u00ed C\u00f3naithe do sheoladh idirghabh\u00e1lacha, breithnithe agus \u00e9isteachta\u00ed Binse, agus do chinneadh d\u00edosp\u00f3id\u00ed, agus i nd\u00e1il le forfheidhmi\u00fa na gcinnt\u00ed sin; do mh\u00e9ad\u00fa na bpion\u00f3s i leith cionta achoimre agus do dh\u00e9anamh socr\u00fa maidir le f\u00f3gra\u00ed \u00edoca\u00edochta seasta a sheirbhe\u00e1il i leith cionta \u00e1irithe faoin Acht um Thion\u00f3ntachta\u00ed C\u00f3naithe, 2004; do dh\u00e9anamh socr\u00fa nach mbeidh feidhm ag an Acht um Thion\u00f3ntachta\u00ed C\u00f3naithe, 2004 maidir le teaghais\u00ed \u00e1irithe; chun na gcr\u00edoch sin agus chun cr\u00edoch eile, do leas\u00fa an Achta sin; agus do dh\u00e9anamh socr\u00fa i dtaobh nithe gaolmhara.<\/p>","method":"Presented","methodURI":"https:\/\/data.oireachtas.ie\/ie\/oireachtas\/def\/bill-method\/presented","mostRecentStage":{"event":{"chamber":null,"dates":[{"date":"2026-07-22"}],"house":null,"progressStage":10,"showAs":"Enacted","stageCompleted":true,"stageOutcome":"Enacted","stageURI":"https:\/\/data.oireachtas.ie\/ie\/oireachtas\/def\/bill-stage\/enacted","uri":"https:\/\/data.oireachtas.ie\/ie\/oireachtas\/bill\/2026\/58\/stage\/oireachtas\/enacted"}},"originHouse":{"showAs":"D\u00e1il \u00c9ireann","uri":"https:\/\/data.oireachtas.ie\/ie\/oireachtas\/def\/house\/dail"},"originHouseURI":"https:\/\/data.oireachtas.ie\/ie\/oireachtas\/def\/house\/dail","relatedDocs":[{"relatedDoc":{"date":"2026-06-03","docType":"memo","formats":{"pdf":{"uri":"https:\/\/data.oireachtas.ie\/ie\/oireachtas\/bill\/2026\/58\/eng\/memo\/b5826d-memo.pdf"},"xml":null},"lang":"eng","showAs":"Explanatory Memorandum","uri":"https:\/\/data.oireachtas.ie\/ie\/oireachtas\/bill\/2026\/58\/eng\/memo"}}],"shortTitleEn":"Housing and Residential Tenancies (Miscellaneous Provisions) Bill 2026","shortTitleGa":"An Bille um Thith\u00edocht agus um Thion\u00f3ntachta\u00ed C\u00f3naithe (For\u00e1lacha Ilghn\u00e9itheacha), 2026","source":"Government","sourceURI":"https:\/\/data.oireachtas.ie\/ie\/oireachtas\/def\/bill-source\/government","sponsors":[{"sponsor":{"isPrimary":true,"as":{"showAs":"Minister for Housing, Local Government and Heritage","uri":null},"by":{"showAs":null,"uri":null}}}],"stages":[{"event":{"chamber":{"chamberCode":"dail","showAs":"D\u00e1il \u00c9ireann","uri":"https:\/\/data.oireachtas.ie\/ie\/oireachtas\/def\/house\/dail"},"dates":[{"date":"2026-05-06"},{"date":"2026-06-03"}],"house":{"chamberCode":"dail","chamberType":"house","houseCode":"dail","houseNo":"34","showAs":"34th D\u00e1il","uri":"https:\/\/data.oireachtas.ie\/ie\/oireachtas\/house\/dail\/34"},"progressStage":1,"showAs":"First Stage","stageCompleted":false,"stageOutcome":null,"stageURI":"https:\/\/data.oireachtas.ie\/ie\/oireachtas\/def\/bill-stage\/1","uri":"https:\/\/data.oireachtas.ie\/ie\/oireachtas\/bill\/2026\/58\/stage\/dail\/1"}},{"event":{"chamber":{"chamberCode":"dail","showAs":"D\u00e1il \u00c9ireann","uri":"https:\/\/data.oireachtas.ie\/ie\/oireachtas\/def\/house\/dail"},"dates":[{"date":"2026-06-03"}],"house":{"chamberCode":"dail","chamberType":"house","houseCode":"dail","houseNo":"34","showAs":"34th D\u00e1il","uri":"https:\/\/data.oireachtas.ie\/ie\/oireachtas\/house\/dail\/34"},"progressStage":2,"showAs":"Second Stage","stageCompleted":true,"stageOutcome":null,"stageURI":"https:\/\/data.oireachtas.ie\/ie\/oireachtas\/def\/bill-stage\/2","uri":"https:\/\/data.oireachtas.ie\/ie\/oireachtas\/bill\/2026\/58\/stage\/dail\/2"}},{"event":{"chamber":{"chamberCode":"dail","showAs":"D\u00e1il \u00c9ireann","uri":"https:\/\/data.oireachtas.ie\/ie\/oireachtas\/def\/house\/dail"},"dates":[{"date":"2026-06-24"}],"house":{"chamberCode":"dail","chamberType":"house","houseCode":"dail","houseNo":"34","showAs":"34th D\u00e1il","uri":"https:\/\/data.oireachtas.ie\/ie\/oireachtas\/house\/dail\/34"},"progressStage":3,"showAs":"Committee Stage","stageCompleted":true,"stageOutcome":null,"stageURI":"https:\/\/data.oireachtas.ie\/ie\/oireachtas\/def\/bill-stage\/3","uri":"https:\/\/data.oireachtas.ie\/ie\/oireachtas\/bill\/2026\/58\/stage\/dail\/3"}},{"event":{"chamber":{"chamberCode":"dail","showAs":"D\u00e1il \u00c9ireann","uri":"https:\/\/data.oireachtas.ie\/ie\/oireachtas\/def\/house\/dail"},"dates":[{"date":"2026-06-24"}],"house":{"chamberCode":"dail","chamberType":"house","houseCode":"dail","houseNo":"34","showAs":"34th D\u00e1il","uri":"https:\/\/data.oireachtas.ie\/ie\/oireachtas\/house\/dail\/34"},"progressStage":4,"showAs":"Report Stage","stageCompleted":true,"stageOutcome":null,"stageURI":"https:\/\/data.oireachtas.ie\/ie\/oireachtas\/def\/bill-stage\/4","uri":"https:\/\/data.oireachtas.ie\/ie\/oireachtas\/bill\/2026\/58\/stage\/dail\/4"}},{"event":{"chamber":{"chamberCode":"dail","showAs":"D\u00e1il \u00c9ireann","uri":"https:\/\/data.oireachtas.ie\/ie\/oireachtas\/def\/house\/dail"},"dates":[{"date":"2026-07-08"}],"house":{"chamberCode":"dail","chamberType":"house","houseCode":"dail","houseNo":"34","showAs":"34th D\u00e1il","uri":"https:\/\/data.oireachtas.ie\/ie\/oireachtas\/house\/dail\/34"},"progressStage":5,"showAs":"Fifth Stage","stageCompleted":true,"stageOutcome":null,"stageURI":"https:\/\/data.oireachtas.ie\/ie\/oireachtas\/def\/bill-stage\/5","uri":"https:\/\/data.oireachtas.ie\/ie\/oireachtas\/bill\/2026\/58\/stage\/dail\/5"}},{"event":{"chamber":{"chamberCode":"seanad","showAs":"Seanad \u00c9ireann","uri":"https:\/\/data.oireachtas.ie\/ie\/oireachtas\/def\/house\/seanad"},"dates":[{"date":"2026-07-08"}],"house":{"chamberCode":"seanad","chamberType":"house","houseCode":"seanad","houseNo":"27","showAs":"27th Seanad","uri":"https:\/\/data.oireachtas.ie\/ie\/oireachtas\/house\/seanad\/27"},"progressStage":6,"showAs":"Second Stage","stageCompleted":true,"stageOutcome":null,"stageURI":"https:\/\/data.oireachtas.ie\/ie\/oireachtas\/def\/bill-stage\/2","uri":"https:\/\/data.oireachtas.ie\/ie\/oireachtas\/bill\/2026\/58\/stage\/seanad\/2"}},{"event":{"chamber":{"chamberCode":"seanad","showAs":"Seanad \u00c9ireann","uri":"https:\/\/data.oireachtas.ie\/ie\/oireachtas\/def\/house\/seanad"},"dates":[{"date":"2026-07-14"}],"house":{"chamberCode":"seanad","chamberType":"house","houseCode":"seanad","houseNo":"27","showAs":"27th Seanad","uri":"https:\/\/data.oireachtas.ie\/ie\/oireachtas\/house\/seanad\/27"},"progressStage":7,"showAs":"Committee Stage","stageCompleted":true,"stageOutcome":null,"stageURI":"https:\/\/data.oireachtas.ie\/ie\/oireachtas\/def\/bill-stage\/3","uri":"https:\/\/data.oireachtas.ie\/ie\/oireachtas\/bill\/2026\/58\/stage\/seanad\/3"}},{"event":{"chamber":{"chamberCode":"seanad","showAs":"Seanad \u00c9ireann","uri":"https:\/\/data.oireachtas.ie\/ie\/oireachtas\/def\/house\/seanad"},"dates":[{"date":"2026-07-14"}],"house":{"chamberCode":"seanad","chamberType":"house","houseCode":"seanad","houseNo":"27","showAs":"27th Seanad","uri":"https:\/\/data.oireachtas.ie\/ie\/oireachtas\/house\/seanad\/27"},"progressStage":8,"showAs":"Report Stage","stageCompleted":true,"stageOutcome":null,"stageURI":"https:\/\/data.oireachtas.ie\/ie\/oireachtas\/def\/bill-stage\/4","uri":"https:\/\/data.oireachtas.ie\/ie\/oireachtas\/bill\/2026\/58\/stage\/seanad\/4"}},{"event":{"chamber":{"chamberCode":"seanad","showAs":"Seanad \u00c9ireann","uri":"https:\/\/data.oireachtas.ie\/ie\/oireachtas\/def\/house\/seanad"},"dates":[{"date":"2026-07-14"}],"house":{"chamberCode":"seanad","chamberType":"house","houseCode":"seanad","houseNo":"27","showAs":"27th Seanad","uri":"https:\/\/data.oireachtas.ie\/ie\/oireachtas\/house\/seanad\/27"},"progressStage":9,"showAs":"Fifth Stage","stageCompleted":true,"stageOutcome":null,"stageURI":"https:\/\/data.oireachtas.ie\/ie\/oireachtas\/def\/bill-stage\/5","uri":"https:\/\/data.oireachtas.ie\/ie\/oireachtas\/bill\/2026\/58\/stage\/seanad\/5"}},{"event":{"chamber":null,"dates":[{"date":"2026-07-22"}],"house":null,"progressStage":10,"showAs":"Enacted","stageCompleted":true,"stageOutcome":"Enacted","stageURI":"https:\/\/data.oireachtas.ie\/ie\/oireachtas\/def\/bill-stage\/enacted","uri":"https:\/\/data.oireachtas.ie\/ie\/oireachtas\/bill\/2026\/58\/stage\/oireachtas\/enacted"}}],"status":"Enacted","statusURI":"https:\/\/data.oireachtas.ie\/ie\/oireachtas\/def\/bill-status\/enacted","uri":"https:\/\/data.oireachtas.ie\/ie\/oireachtas\/bill\/2026\/58","versions":[{"version":{"lang":"eng","docType":"act","showAs":"Housing and Residential Tenancies (Miscellaneous Provisions) Act 2026","date":"2026-07-22","formats":{"pdf":{"uri":"https:\/\/data.oireachtas.ie\/ie\/oireachtas\/act\/2026\/33\/eng\/enacted\/a3326.pdf"},"xml":null},"uri":"https:\/\/data.oireachtas.ie\/ie\/oireachtas\/act\/2026\/33\/eng\/enacted"}},{"version":{"lang":"eng","docType":"bill","showAs":"As passed by D\u00e1il \u00c9ireann","date":"2026-07-08","formats":{"pdf":{"uri":"https:\/\/data.oireachtas.ie\/ie\/oireachtas\/bill\/2026\/58\/eng\/ver_b\/b58b26d.pdf"},"xml":null},"uri":"https:\/\/data.oireachtas.ie\/ie\/oireachtas\/bill\/2026\/58\/eng\/ver_b"}},{"version":{"lang":"eng","docType":"bill","showAs":"As amended in Committee\/Select Committee [D\u00e1il \u00c9ireann]","date":"2026-06-23","formats":{"pdf":{"uri":"https:\/\/data.oireachtas.ie\/ie\/oireachtas\/bill\/2026\/58\/eng\/ver_a\/b58a26d.pdf"},"xml":null},"uri":"https:\/\/data.oireachtas.ie\/ie\/oireachtas\/bill\/2026\/58\/eng\/ver_a"}},{"version":{"lang":"eng","docType":"bill","showAs":"As Initiated","date":"2026-06-03","formats":{"pdf":{"uri":"https:\/\/data.oireachtas.ie\/ie\/oireachtas\/bill\/2026\/58\/eng\/initiated\/b5826d.pdf"},"xml":null},"uri":"https:\/\/data.oireachtas.ie\/ie\/oireachtas\/bill\/2026\/58\/eng\/initiated"}}]},"contextDate":"2026-07-22","billSort":{"actNoSort":33,"actShortTitleEnSort":"housing-and-residential-tenancies-miscellaneous-provisions-act-2026","actShortTitleGaSort":"an-tacht-tithiochta-agus-tionontachtai-conaithe-foralacha-ilghneitheacha-2026","actYearSort":2026,"billNoSort":58,"billShortTitleEnSort":"housing-and-residential-tenancies-miscellaneous-provisions-bill-2026","billShortTitleGaSort":"an-bille-um-thithiocht-agus-um-thionontachtai-conaithe-foralacha-ilghneitheacha-2026","billYearSort":2026}},{"bill":{"act":{"actNo":"35","actYear":"2026","dateSigned":"2026-07-23","longTitleEn":"<p>Act to provide for compliance by the State with its international legal obligation, as identified by the International Court of Justice in its advisory opinion of 19 July 2024, to take steps to prevent trade relations that assist in the maintenance of the illegal situation created by Israel in the Occupied Palestinian Territory; and for that purpose to prohibit the importation of goods originating in certain Israeli settlements; to provide for the consequential amendment of the Customs Act 2015; and to provide for related matters.<\/p>","longTitleGa":"<p>Acht do dh\u00e9anamh socr\u00fa maidir leis an St\u00e1t do chomhl\u00edonadh a oibleag\u00e1ide dl\u00edthi\u00fala idirn\u00e1isi\u00fanta, arna sainaithint ag an gC\u00fairt Bhreithi\u00fanais Idirn\u00e1isi\u00fanta ina tuairim chomhairleach an 19 I\u00fail 2024, chun bearta a dh\u00e9anamh lena gcoiscfear caidreamh tr\u00e1d\u00e1la a chabhra\u00edonn leis an gcor neamhdhleathach a thosaigh Iosrael sa Chr\u00edoch Phalaist\u00edneach faoi Fhorghabh\u00e1il a chothabh\u00e1il; agus chun na cr\u00edche sin do thoirmeasc earra\u00ed, ar de bhunadh lonna\u00edochta\u00ed \u00e1irithe de chuid Iosrael iad, a allmhairi\u00fa; do dh\u00e9anamh socr\u00fa maidir le leas\u00fa iarmhartach a dh\u00e9anamh ar an Acht Custam, 2015; agus do dh\u00e9anamh socr\u00fa i dtaobh nithe gaolmhara.<\/p>","shortTitleEn":"Israeli Settlements in the Occupied Palestinian Territory (Prohibition of Importation of Goods) Act 2026","shortTitleGa":"An tAcht um Lonna\u00edochta\u00ed de chuid Iosrael sa Chr\u00edoch Phalaist\u00edneach faoi Fhorghabh\u00e1il (Toirmeasc ar Earra\u00ed a Allmhairi\u00fa), 2026","statutebookURI":"http:\/\/www.irishstatutebook.ie\/eli\/2026\/act\/35","uri":"https:\/\/data.oireachtas.ie\/ie\/oireachtas\/act\/2026\/35"},"amendmentLists":[{"amendmentList":{"amendmentTypeUri":{"uri":"https:\/\/data.oireachtas.ie\/ie\/oireachtas\/def\/amendment-type\/numberedList"},"chamber":{"showAs":"Seanad","uri":"https:\/\/data.oireachtas.ie\/ie\/oireachtas\/def\/seanad"},"date":"2026-07-15","formats":{"pdf":{"uri":"https:\/\/data.oireachtas.ie\/ie\/oireachtas\/bill\/2026\/57\/seanad\/3\/amendment\/numberedList\/eng\/b5726d-scnl.pdf"},"xml":null},"showAs":"Numbered List [Seanad]","stage":{"showAs":"Committee Stage","uri":"https:\/\/data.oireachtas.ie\/ie\/oireachtas\/bill\/2026\/57\/seanad\/3"},"stageNo":"3"}},{"amendmentList":{"amendmentTypeUri":{"uri":"https:\/\/data.oireachtas.ie\/ie\/oireachtas\/def\/amendment-type\/numberedList"},"chamber":{"showAs":"Dail","uri":"https:\/\/data.oireachtas.ie\/ie\/oireachtas\/def\/dail"},"date":"2026-07-06","formats":{"pdf":{"uri":"https:\/\/data.oireachtas.ie\/ie\/oireachtas\/bill\/2026\/57\/dail\/4\/amendment\/numberedList\/eng\/b5726d-drnl.pdf"},"xml":null},"showAs":"Numbered List [D\u00e1il]","stage":{"showAs":"Report Stage","uri":"https:\/\/data.oireachtas.ie\/ie\/oireachtas\/bill\/2026\/57\/dail\/4"},"stageNo":"4"}},{"amendmentList":{"amendmentTypeUri":{"uri":"https:\/\/data.oireachtas.ie\/ie\/oireachtas\/def\/amendment-type\/numberedList"},"chamber":{"showAs":"Dail","uri":"https:\/\/data.oireachtas.ie\/ie\/oireachtas\/def\/dail"},"date":"2026-06-22","formats":{"pdf":{"uri":"https:\/\/data.oireachtas.ie\/ie\/oireachtas\/bill\/2026\/57\/dail\/3\/amendment\/numberedList\/eng\/b5726d-dcnl.pdf"},"xml":null},"showAs":"Numbered List [D\u00e1il]","stage":{"showAs":"Committee Stage","uri":"https:\/\/data.oireachtas.ie\/ie\/oireachtas\/bill\/2026\/57\/dail\/3"},"stageNo":"3"}}],"billNo":"57","billType":"Public","billTypeURI":"https:\/\/data.oireachtas.ie\/ie\/oireachtas\/def\/bill-type\/public","billYear":"2026","debates":[{"chamber":{"showAs":"Seanad \u00c9ireann","uri":"https:\/\/data.oireachtas.ie\/ie\/oireachtas\/def\/house\/seanad"},"date":"2026-07-15","debateSectionId":"dbsect_15","showAs":"Israeli Settlements in the Occupied Palestinian Territory (Prohibition of Importation of Goods) Bill 2026: Committee and Remaining Stages","uri":"https:\/\/data.oireachtas.ie\/akn\/ie\/debateRecord\/seanad\/2026-07-15\/debate\/main"},{"chamber":{"showAs":"Seanad \u00c9ireann","uri":"https:\/\/data.oireachtas.ie\/ie\/oireachtas\/def\/house\/seanad"},"date":"2026-07-08","debateSectionId":"dbsect_17","showAs":"Israeli Settlements in the Occupied Palestinian Territory (Prohibition of Importation of Goods) Bill 2026: Second Stage","uri":"https:\/\/data.oireachtas.ie\/akn\/ie\/debateRecord\/seanad\/2026-07-08\/debate\/main"},{"chamber":{"showAs":"D\u00e1il \u00c9ireann","uri":"https:\/\/data.oireachtas.ie\/ie\/oireachtas\/def\/house\/dail"},"date":"2026-07-07","debateSectionId":"dbsect_12","showAs":"Israeli Settlements in the Occupied Palestinian Territory (Prohibition of Importation of Goods) Bill 2026: Report and Final Stages","uri":"https:\/\/data.oireachtas.ie\/akn\/ie\/debateRecord\/dail\/2026-07-07\/debate\/main"},{"chamber":{"showAs":"Select Committee on Foreign Affairs and Trade","uri":"https:\/\/data.oireachtas.ie\/ie\/oireachtas\/def\/committee"},"date":"2026-06-25","debateSectionId":"dbsect_2","showAs":"Israeli Settlements in the Occupied Palestinian Territory (Prohibition of Importation of Goods) Bill 2026: Committee Stage (Resumed)","uri":"https:\/\/data.oireachtas.ie\/akn\/ie\/debateRecord\/select_committee_on_foreign_affairs_and_trade\/2026-06-25\/debate\/main"},{"chamber":{"showAs":"Select Committee on Foreign Affairs and Trade","uri":"https:\/\/data.oireachtas.ie\/ie\/oireachtas\/def\/committee"},"date":"2026-06-23","debateSectionId":"dbsect_2","showAs":"Israeli Settlements in the Occupied Palestinian Territory (Prohibition of Importation of Goods) Bill 2026: Committee Stage","uri":"https:\/\/data.oireachtas.ie\/akn\/ie\/debateRecord\/select_committee_on_foreign_affairs_and_trade\/2026-06-23\/debate\/main"},{"chamber":{"showAs":"D\u00e1il \u00c9ireann","uri":"https:\/\/data.oireachtas.ie\/ie\/oireachtas\/def\/house\/dail"},"date":"2026-06-10","debateSectionId":"dbsect_16","showAs":"Israeli Settlements in the Occupied Palestinian Territory (Prohibition of Importation of Goods) Bill 2026: Second Stage","uri":"https:\/\/data.oireachtas.ie\/akn\/ie\/debateRecord\/dail\/2026-06-10\/debate\/main"},{"chamber":{"showAs":"D\u00e1il \u00c9ireann","uri":"https:\/\/data.oireachtas.ie\/ie\/oireachtas\/def\/house\/dail"},"date":"2026-06-10","debateSectionId":"dbsect_17","showAs":"Israeli Settlements in the Occupied Palestinian Territory (Prohibition of Importation of Goods) Bill 2026: Referral to Select Committee","uri":"https:\/\/data.oireachtas.ie\/akn\/ie\/debateRecord\/dail\/2026-06-10\/debate\/main"}],"events":[{"event":{"chamber":{"chamberCode":"dail","showAs":"D\u00e1il \u00c9ireann","uri":"https:\/\/data.oireachtas.ie\/ie\/oireachtas\/def\/house\/dail"},"dates":[{"date":"2026-05-29"},{"date":"2026-07-23"}],"eventURI":"https:\/\/data.oireachtas.ie\/ie\/oireachtas\/def\/bill-event\/published","showAs":"Published","uri":"https:\/\/data.oireachtas.ie\/ie\/oireachtas\/bill\/2026\/57\/published"}},{"event":{"chamber":null,"dates":[{"date":"2026-07-23"}],"eventURI":"https:\/\/data.oireachtas.ie\/ie\/oireachtas\/def\/bill-event\/enacted","showAs":"Enacted","uri":"https:\/\/data.oireachtas.ie\/ie\/oireachtas\/bill\/2026\/57\/enacted"}}],"lastUpdated":"2026-07-28T15:39:12.270000+00:00","longTitleEn":"<p>Bill entitled an Act to provide for compliance by the State with its international legal obligation, as identified by the International Court of Justice in its advisory opinion of 19 July 2024, to take steps to prevent trade relations that assist in the maintenance of the illegal situation created by Israel in the Occupied Palestinian Territory; and for that purpose to prohibit the importation of goods originating in certain Israeli settlements; to provide for the consequential amendment of the Customs Act 2015; and to provide for related matters.<\/p>","longTitleGa":"<p>Bille d\u00e1 ngairtear Acht do dh\u00e9anamh socr\u00fa maidir leis an St\u00e1t do chomhl\u00edonadh a oibleag\u00e1ide dl\u00edthi\u00fala idirn\u00e1isi\u00fanta, arna sainaithint ag an gC\u00fairt Bhreithi\u00fanais Idirn\u00e1isi\u00fanta ina tuairim chomhairleach an 19 I\u00fail 2024, chun bearta a dh\u00e9anamh lena gcoiscfear caidreamh tr\u00e1d\u00e1la a chabhra\u00edonn leis an gcor neamhdhleathach a thosaigh Iosrael sa Chr\u00edoch Phalaist\u00edneach faoi Fhorghabh\u00e1il a chothabh\u00e1il; agus chun na cr\u00edche sin do thoirmeasc earra\u00ed, ar de bhunadh lonna\u00edochta\u00ed \u00e1irithe de chuid Iosrael iad, a allmhairi\u00fa; do dh\u00e9anamh socr\u00fa maidir le leas\u00fa iarmhartach a dh\u00e9anamh ar an Acht Custam, 2015; agus do dh\u00e9anamh socr\u00fa i dtaobh nithe gaolmhara.<\/p>","method":"Presented","methodURI":"https:\/\/data.oireachtas.ie\/ie\/oireachtas\/def\/bill-method\/presented","mostRecentStage":{"event":{"chamber":null,"dates":[{"date":"2026-07-23"}],"house":null,"progressStage":10,"showAs":"Enacted","stageCompleted":true,"stageOutcome":"Enacted","stageURI":"https:\/\/data.oireachtas.ie\/ie\/oireachtas\/def\/bill-stage\/enacted","uri":"https:\/\/data.oireachtas.ie\/ie\/oireachtas\/bill\/2026\/57\/stage\/oireachtas\/enacted"}},"originHouse":{"showAs":"D\u00e1il \u00c9ireann","uri":"https:\/\/data.oireachtas.ie\/ie\/oireachtas\/def\/house\/dail"},"originHouseURI":"https:\/\/data.oireachtas.ie\/ie\/oireachtas\/def\/house\/dail","relatedDocs":[{"relatedDoc":{"date":"2026-06-04","docType":"gluais","formats":{"pdf":{"uri":"https:\/\/data.oireachtas.ie\/ie\/oireachtas\/bill\/2026\/57\/mul\/gluais\/gluais-19-2026-an-bille-um-lonnaiochtai-de-chuid-iosrael-sa-chrioch-phalaistineach-faoi-fhorghabhail-toirmeasc-ar-earrai-a-allm.pdf"},"xml":null},"lang":"mul","showAs":"Glossary\/Gluais","uri":"https:\/\/data.oireachtas.ie\/ie\/oireachtas\/bill\/2026\/57\/mul\/gluais"}},{"relatedDoc":{"date":"2026-05-29","docType":"memo","formats":{"pdf":{"uri":"https:\/\/data.oireachtas.ie\/ie\/oireachtas\/bill\/2026\/57\/eng\/memo\/b5726d-memo.pdf"},"xml":null},"lang":"eng","showAs":"Explanatory Memorandum","uri":"https:\/\/data.oireachtas.ie\/ie\/oireachtas\/bill\/2026\/57\/eng\/memo"}}],"shortTitleEn":"Israeli Settlements in the Occupied Palestinian Territory (Prohibition of Importation of Goods) Bill 2026","shortTitleGa":"An Bille um Lonna\u00edochta\u00ed de chuid Iosrael sa Chr\u00edoch Phalaist\u00edneach faoi Fhorghabh\u00e1il (Toirmeasc ar Earra\u00ed a Allmhairi\u00fa), 2026","source":"Government","sourceURI":"https:\/\/data.oireachtas.ie\/ie\/oireachtas\/def\/bill-source\/government","sponsors":[{"sponsor":{"isPrimary":true,"as":{"showAs":"Minister for Foreign Affairs and Trade","uri":null},"by":{"showAs":null,"uri":null}}}],"stages":[{"event":{"chamber":{"chamberCode":"dail","showAs":"D\u00e1il \u00c9ireann","uri":"https:\/\/data.oireachtas.ie\/ie\/oireachtas\/def\/house\/dail"},"dates":[{"date":"2026-05-29"},{"date":"2026-05-29"}],"house":{"chamberCode":"dail","chamberType":"house","houseCode":"dail","houseNo":"34","showAs":"34th D\u00e1il","uri":"https:\/\/data.oireachtas.ie\/ie\/oireachtas\/house\/dail\/34"},"progressStage":1,"showAs":"First Stage","stageCompleted":true,"stageOutcome":null,"stageURI":"https:\/\/data.oireachtas.ie\/ie\/oireachtas\/def\/bill-stage\/1","uri":"https:\/\/data.oireachtas.ie\/ie\/oireachtas\/bill\/2026\/57\/stage\/dail\/1"}},{"event":{"chamber":{"chamberCode":"dail","showAs":"D\u00e1il \u00c9ireann","uri":"https:\/\/data.oireachtas.ie\/ie\/oireachtas\/def\/house\/dail"},"dates":[{"date":"2026-05-29"}],"house":{"chamberCode":"dail","chamberType":"house","houseCode":"dail","houseNo":"34","showAs":"34th D\u00e1il","uri":"https:\/\/data.oireachtas.ie\/ie\/oireachtas\/house\/dail\/34"},"progressStage":2,"showAs":"Second Stage","stageCompleted":true,"stageOutcome":null,"stageURI":"https:\/\/data.oireachtas.ie\/ie\/oireachtas\/def\/bill-stage\/2","uri":"https:\/\/data.oireachtas.ie\/ie\/oireachtas\/bill\/2026\/57\/stage\/dail\/2"}},{"event":{"chamber":{"chamberCode":"dail","showAs":"D\u00e1il \u00c9ireann","uri":"https:\/\/data.oireachtas.ie\/ie\/oireachtas\/def\/house\/dail"},"dates":[{"date":"2026-06-10"}],"house":{"chamberCode":"dail","chamberType":"house","houseCode":"dail","houseNo":"34","showAs":"34th D\u00e1il","uri":"https:\/\/data.oireachtas.ie\/ie\/oireachtas\/house\/dail\/34"},"progressStage":3,"showAs":"Committee Stage","stageCompleted":true,"stageOutcome":null,"stageURI":"https:\/\/data.oireachtas.ie\/ie\/oireachtas\/def\/bill-stage\/3","uri":"https:\/\/data.oireachtas.ie\/ie\/oireachtas\/bill\/2026\/57\/stage\/dail\/3"}},{"event":{"chamber":{"chamberCode":"dail","showAs":"D\u00e1il \u00c9ireann","uri":"https:\/\/data.oireachtas.ie\/ie\/oireachtas\/def\/house\/dail"},"dates":[{"date":"2026-06-25"}],"house":{"chamberCode":"dail","chamberType":"house","houseCode":"dail","houseNo":"34","showAs":"34th D\u00e1il","uri":"https:\/\/data.oireachtas.ie\/ie\/oireachtas\/house\/dail\/34"},"progressStage":4,"showAs":"Report Stage","stageCompleted":true,"stageOutcome":null,"stageURI":"https:\/\/data.oireachtas.ie\/ie\/oireachtas\/def\/bill-stage\/4","uri":"https:\/\/data.oireachtas.ie\/ie\/oireachtas\/bill\/2026\/57\/stage\/dail\/4"}},{"event":{"chamber":{"chamberCode":"dail","showAs":"D\u00e1il \u00c9ireann","uri":"https:\/\/data.oireachtas.ie\/ie\/oireachtas\/def\/house\/dail"},"dates":[{"date":"2026-07-07"}],"house":{"chamberCode":"dail","chamberType":"house","houseCode":"dail","houseNo":"34","showAs":"34th D\u00e1il","uri":"https:\/\/data.oireachtas.ie\/ie\/oireachtas\/house\/dail\/34"},"progressStage":5,"showAs":"Fifth Stage","stageCompleted":true,"stageOutcome":null,"stageURI":"https:\/\/data.oireachtas.ie\/ie\/oireachtas\/def\/bill-stage\/5","uri":"https:\/\/data.oireachtas.ie\/ie\/oireachtas\/bill\/2026\/57\/stage\/dail\/5"}},{"event":{"chamber":{"chamberCode":"seanad","showAs":"Seanad \u00c9ireann","uri":"https:\/\/data.oireachtas.ie\/ie\/oireachtas\/def\/house\/seanad"},"dates":[{"date":"2026-07-08"}],"house":{"chamberCode":"seanad","chamberType":"house","houseCode":"seanad","houseNo":"27","showAs":"27th Seanad","uri":"https:\/\/data.oireachtas.ie\/ie\/oireachtas\/house\/seanad\/27"},"progressStage":6,"showAs":"Second Stage","stageCompleted":true,"stageOutcome":null,"stageURI":"https:\/\/data.oireachtas.ie\/ie\/oireachtas\/def\/bill-stage\/2","uri":"https:\/\/data.oireachtas.ie\/ie\/oireachtas\/bill\/2026\/57\/stage\/seanad\/2"}},{"event":{"chamber":{"chamberCode":"seanad","showAs":"Seanad \u00c9ireann","uri":"https:\/\/data.oireachtas.ie\/ie\/oireachtas\/def\/house\/seanad"},"dates":[{"date":"2026-07-15"}],"house":{"chamberCode":"seanad","chamberType":"house","houseCode":"seanad","houseNo":"27","showAs":"27th Seanad","uri":"https:\/\/data.oireachtas.ie\/ie\/oireachtas\/house\/seanad\/27"},"progressStage":7,"showAs":"Committee Stage","stageCompleted":true,"stageOutcome":null,"stageURI":"https:\/\/data.oireachtas.ie\/ie\/oireachtas\/def\/bill-stage\/3","uri":"https:\/\/data.oireachtas.ie\/ie\/oireachtas\/bill\/2026\/57\/stage\/seanad\/3"}},{"event":{"chamber":{"chamberCode":"seanad","showAs":"Seanad \u00c9ireann","uri":"https:\/\/data.oireachtas.ie\/ie\/oireachtas\/def\/house\/seanad"},"dates":[{"date":"2026-07-15"}],"house":{"chamberCode":"seanad","chamberType":"house","houseCode":"seanad","houseNo":"27","showAs":"27th Seanad","uri":"https:\/\/data.oireachtas.ie\/ie\/oireachtas\/house\/seanad\/27"},"progressStage":8,"showAs":"Report Stage","stageCompleted":true,"stageOutcome":null,"stageURI":"https:\/\/data.oireachtas.ie\/ie\/oireachtas\/def\/bill-stage\/4","uri":"https:\/\/data.oireachtas.ie\/ie\/oireachtas\/bill\/2026\/57\/stage\/seanad\/4"}},{"event":{"chamber":{"chamberCode":"seanad","showAs":"Seanad \u00c9ireann","uri":"https:\/\/data.oireachtas.ie\/ie\/oireachtas\/def\/house\/seanad"},"dates":[{"date":"2026-07-15"}],"house":{"chamberCode":"seanad","chamberType":"house","houseCode":"seanad","houseNo":"27","showAs":"27th Seanad","uri":"https:\/\/data.oireachtas.ie\/ie\/oireachtas\/house\/seanad\/27"},"progressStage":9,"showAs":"Fifth Stage","stageCompleted":true,"stageOutcome":null,"stageURI":"https:\/\/data.oireachtas.ie\/ie\/oireachtas\/def\/bill-stage\/5","uri":"https:\/\/data.oireachtas.ie\/ie\/oireachtas\/bill\/2026\/57\/stage\/seanad\/5"}},{"event":{"chamber":null,"dates":[{"date":"2026-07-23"}],"house":null,"progressStage":10,"showAs":"Enacted","stageCompleted":true,"stageOutcome":"Enacted","stageURI":"https:\/\/data.oireachtas.ie\/ie\/oireachtas\/def\/bill-stage\/enacted","uri":"https:\/\/data.oireachtas.ie\/ie\/oireachtas\/bill\/2026\/57\/stage\/oireachtas\/enacted"}}],"status":"Enacted","statusURI":"https:\/\/data.oireachtas.ie\/ie\/oireachtas\/def\/bill-status\/enacted","uri":"https:\/\/data.oireachtas.ie\/ie\/oireachtas\/bill\/2026\/57","versions":[{"version":{"lang":"eng","docType":"act","showAs":"Israeli Settlements in the Occupied Palestinian Territory (Prohibition of Importation of Goods) Act 2026","date":"2026-07-23","formats":{"pdf":{"uri":"https:\/\/data.oireachtas.ie\/ie\/oireachtas\/act\/2026\/35\/eng\/enacted\/a3526.pdf"},"xml":null},"uri":"https:\/\/data.oireachtas.ie\/ie\/oireachtas\/act\/2026\/35\/eng\/enacted"}},{"version":{"lang":"eng","docType":"bill","showAs":"As Initiated","date":"2026-05-29","formats":{"pdf":{"uri":"https:\/\/data.oireachtas.ie\/ie\/oireachtas\/bill\/2026\/57\/eng\/initiated\/b5726d.pdf"},"xml":null},"uri":"https:\/\/data.oireachtas.ie\/ie\/oireachtas\/bill\/2026\/57\/eng\/initiated"}}]},"contextDate":"2026-07-23","billSort":{"actNoSort":35,"actShortTitleEnSort":"israeli-settlements-in-the-occupied-palestinian-territory-prohibition-of-importation-of-goods-act-2026","actShortTitleGaSort":"an-tacht-um-lonnaiochtai-de-chuid-iosrael-sa-chrioch-phalaistineach-faoi-fhorghabhail-toirmeasc-ar-earrai-a-allmhairiu-2026","actYearSort":2026,"billNoSort":57,"billShortTitleEnSort":"israeli-settlements-in-the-occupied-palestinian-territory-prohibition-of-importation-of-goods-bill-2026","billShortTitleGaSort":"an-bille-um-lonnaiochtai-de-chuid-iosrael-sa-chrioch-phalaistineach-faoi-fhorghabhail-toirmeasc-ar-earrai-a-allmhairiu-2026","billYearSort":2026}},{"bill":{"act":null,"amendmentLists":[],"billNo":"56","billType":"Public","billTypeURI":"https:\/\/data.oireachtas.ie\/ie\/oireachtas\/def\/bill-type\/public","billYear":"2026","debates":[{"chamber":{"showAs":"Seanad \u00c9ireann","uri":"https:\/\/data.oireachtas.ie\/ie\/oireachtas\/def\/house\/seanad"},"date":"2026-06-17","debateSectionId":"dbsect_23","showAs":"Prohibition of Lethal Autonomous Weapons Systems Bill 2026: Second Stage","uri":"https:\/\/data.oireachtas.ie\/akn\/ie\/debateRecord\/seanad\/2026-06-17\/debate\/main"},{"chamber":{"showAs":"Seanad \u00c9ireann","uri":"https:\/\/data.oireachtas.ie\/ie\/oireachtas\/def\/house\/seanad"},"date":"2026-05-27","debateSectionId":"dbsect_10","showAs":"Prohibition of Lethal Autonomous Weapons Systems Bill 2026: First Stage","uri":"https:\/\/data.oireachtas.ie\/akn\/ie\/debateRecord\/seanad\/2026-05-27\/debate\/main"}],"events":[{"event":{"chamber":{"chamberCode":"seanad","showAs":"Seanad \u00c9ireann","uri":"https:\/\/data.oireachtas.ie\/ie\/oireachtas\/def\/house\/seanad"},"dates":[{"date":"2026-05-27"}],"eventURI":"https:\/\/data.oireachtas.ie\/ie\/oireachtas\/def\/bill-event\/published","showAs":"Published","uri":"https:\/\/data.oireachtas.ie\/ie\/oireachtas\/bill\/2026\/56\/published"}}],"lastUpdated":"2026-06-18T15:07:37.170000+00:00","longTitleEn":"<p>Bill entitled an Act to give effect to the prohibition of the use, stockpiling, production, transfer, development and investment in autonomous weapons systems.<\/p>","longTitleGa":"<p>Bille d\u00e1 ngairtear Acht do thabhairt \u00e9ifeacht do thoirmeasc ar ch\u00f3rais arm uathrialaitheacha &nbsp;a \u00fas\u00e1id, a stoc-charnadh, a th\u00e1irgeadh, a aistri\u00fa, a fhorbairt agus ar infheist\u00edocht a dh\u00e9anamh iontu.<\/p>","method":"Introduced","methodURI":"https:\/\/data.oireachtas.ie\/ie\/oireachtas\/def\/bill-method\/introduced","mostRecentStage":{"event":{"chamber":{"chamberCode":"seanad","showAs":"Seanad \u00c9ireann","uri":"https:\/\/data.oireachtas.ie\/ie\/oireachtas\/def\/house\/seanad"},"dates":[{"date":"2026-06-23"}],"house":{"chamberCode":"seanad","chamberType":"house","houseCode":"seanad","houseNo":"27","showAs":"27th Seanad","uri":"https:\/\/data.oireachtas.ie\/ie\/oireachtas\/house\/seanad\/27"},"progressStage":3,"showAs":"Committee Stage","stageCompleted":false,"stageOutcome":"Current","stageURI":"https:\/\/data.oireachtas.ie\/ie\/oireachtas\/def\/bill-stage\/3","uri":"https:\/\/data.oireachtas.ie\/ie\/oireachtas\/bill\/2026\/56\/stage\/seanad\/3"}},"originHouse":{"showAs":"Seanad \u00c9ireann","uri":"https:\/\/data.oireachtas.ie\/ie\/oireachtas\/def\/house\/seanad"},"originHouseURI":"https:\/\/data.oireachtas.ie\/ie\/oireachtas\/def\/house\/seanad","relatedDocs":[],"shortTitleEn":"Prohibition of Lethal Autonomous Weapons Systems Bill 2026","shortTitleGa":"An Bille um Thoirmeasc ar Ch\u00f3rais Arm Uathrialaitheacha Mharfacha, 2026 ","source":"Private Member","sourceURI":"https:\/\/data.oireachtas.ie\/ie\/oireachtas\/def\/bill-source\/private-member","sponsors":[{"sponsor":{"isPrimary":true,"as":{"showAs":null,"uri":null},"by":{"showAs":"Alice-Mary Higgins","uri":"https:\/\/data.oireachtas.ie\/ie\/oireachtas\/member\/id\/Alice-Mary-Higgins.S.2016-04-25"}}},{"sponsor":{"isPrimary":false,"as":{"showAs":null,"uri":null},"by":{"showAs":"Lynn Ruane","uri":"https:\/\/data.oireachtas.ie\/ie\/oireachtas\/member\/id\/Lynn-Ruane.S.2016-04-25"}}},{"sponsor":{"isPrimary":false,"as":{"showAs":null,"uri":null},"by":{"showAs":"Eileen Flynn","uri":"https:\/\/data.oireachtas.ie\/ie\/oireachtas\/member\/id\/Eileen-Flynn.S.2020-06-29"}}},{"sponsor":{"isPrimary":false,"as":{"showAs":null,"uri":null},"by":{"showAs":"Frances Black","uri":"https:\/\/data.oireachtas.ie\/ie\/oireachtas\/member\/id\/Frances-Black.S.2016-04-25"}}}],"stages":[{"event":{"chamber":{"chamberCode":"seanad","showAs":"Seanad \u00c9ireann","uri":"https:\/\/data.oireachtas.ie\/ie\/oireachtas\/def\/house\/seanad"},"dates":[{"date":"2026-05-27"},{"date":"2026-05-27"}],"house":{"chamberCode":"seanad","chamberType":"house","houseCode":"seanad","houseNo":"27","showAs":"27th Seanad","uri":"https:\/\/data.oireachtas.ie\/ie\/oireachtas\/house\/seanad\/27"},"progressStage":1,"showAs":"First Stage","stageCompleted":true,"stageOutcome":null,"stageURI":"https:\/\/data.oireachtas.ie\/ie\/oireachtas\/def\/bill-stage\/1","uri":"https:\/\/data.oireachtas.ie\/ie\/oireachtas\/bill\/2026\/56\/stage\/seanad\/1"}},{"event":{"chamber":{"chamberCode":"seanad","showAs":"Seanad \u00c9ireann","uri":"https:\/\/data.oireachtas.ie\/ie\/oireachtas\/def\/house\/seanad"},"dates":[{"date":"2026-05-27"}],"house":{"chamberCode":"seanad","chamberType":"house","houseCode":"seanad","houseNo":"27","showAs":"27th Seanad","uri":"https:\/\/data.oireachtas.ie\/ie\/oireachtas\/house\/seanad\/27"},"progressStage":2,"showAs":"Second Stage","stageCompleted":true,"stageOutcome":null,"stageURI":"https:\/\/data.oireachtas.ie\/ie\/oireachtas\/def\/bill-stage\/2","uri":"https:\/\/data.oireachtas.ie\/ie\/oireachtas\/bill\/2026\/56\/stage\/seanad\/2"}},{"event":{"chamber":{"chamberCode":"seanad","showAs":"Seanad \u00c9ireann","uri":"https:\/\/data.oireachtas.ie\/ie\/oireachtas\/def\/house\/seanad"},"dates":[{"date":"2026-06-23"}],"house":{"chamberCode":"seanad","chamberType":"house","houseCode":"seanad","houseNo":"27","showAs":"27th Seanad","uri":"https:\/\/data.oireachtas.ie\/ie\/oireachtas\/house\/seanad\/27"},"progressStage":3,"showAs":"Committee Stage","stageCompleted":false,"stageOutcome":"Current","stageURI":"https:\/\/data.oireachtas.ie\/ie\/oireachtas\/def\/bill-stage\/3","uri":"https:\/\/data.oireachtas.ie\/ie\/oireachtas\/bill\/2026\/56\/stage\/seanad\/3"}}],"status":"Current","statusURI":"https:\/\/data.oireachtas.ie\/ie\/oireachtas\/def\/bill-status\/published","uri":"https:\/\/data.oireachtas.ie\/ie\/oireachtas\/bill\/2026\/56","versions":[{"version":{"lang":"eng","docType":"bill","showAs":"As Initiated","date":"2026-05-27","formats":{"pdf":{"uri":"https:\/\/data.oireachtas.ie\/ie\/oireachtas\/bill\/2026\/56\/eng\/initiated\/b5626s.pdf"},"xml":null},"uri":"https:\/\/data.oireachtas.ie\/ie\/oireachtas\/bill\/2026\/56\/eng\/initiated"}}]},"contextDate":"2026-06-23","billSort":{"actNoSort":null,"actShortTitleEnSort":null,"actShortTitleGaSort":null,"actYearSort":null,"billNoSort":56,"billShortTitleEnSort":"prohibition-of-lethal-autonomous-weapons-systems-bill-2026","billShortTitleGaSort":"an-bille-um-thoirmeasc-ar-chorais-arm-uathrialaitheacha-mharfacha-2026","billYearSort":2026}},{"bill":{"act":null,"amendmentLists":[],"billNo":"55","billType":"Public","billTypeURI":"https:\/\/data.oireachtas.ie\/ie\/oireachtas\/def\/bill-type\/public","billYear":"2026","debates":[{"chamber":{"showAs":"Seanad \u00c9ireann","uri":"https:\/\/data.oireachtas.ie\/ie\/oireachtas\/def\/house\/seanad"},"date":"2026-06-10","debateSectionId":"dbsect_20","showAs":"Air Navigation and Transport (Amendment) Bill 2026: Second Stage","uri":"https:\/\/data.oireachtas.ie\/akn\/ie\/debateRecord\/seanad\/2026-06-10\/debate\/main"},{"chamber":{"showAs":"Seanad \u00c9ireann","uri":"https:\/\/data.oireachtas.ie\/ie\/oireachtas\/def\/house\/seanad"},"date":"2026-05-27","debateSectionId":"dbsect_9","showAs":"Air Navigation and Transport (Amendment) Bill 2026: First Stage","uri":"https:\/\/data.oireachtas.ie\/akn\/ie\/debateRecord\/seanad\/2026-05-27\/debate\/main"}],"events":[{"event":{"chamber":{"chamberCode":"seanad","showAs":"Seanad \u00c9ireann","uri":"https:\/\/data.oireachtas.ie\/ie\/oireachtas\/def\/house\/seanad"},"dates":[{"date":"2026-05-27"},{"date":"2026-06-10"}],"eventURI":"https:\/\/data.oireachtas.ie\/ie\/oireachtas\/def\/bill-event\/published","showAs":"Published","uri":"https:\/\/data.oireachtas.ie\/ie\/oireachtas\/bill\/2026\/55\/published"}}],"lastUpdated":"2026-06-19T15:39:48.870000+00:00","longTitleEn":"<p>BIll entitled an Act to amend the Air Navigation and Transport Act 1946 for the purpose of giving further effect to the Convention on International Civil Aviation opened for signature at Chicago on 7 December 1946; and to provide for related matters.<\/p>","longTitleGa":"<p>Bille d\u00e1 ngairtear Acht do leas\u00fa an Achta Aerloingseoireachta agus Aeriompair, 1946 chun tuilleadh \u00e9ifeachta a thabhairt don Choinbhinsi\u00fan ar Eitl\u00edocht Shibhialta Idirn\u00e1isi\u00fanta a oscla\u00edodh lena sh\u00edni\u00fa in Chicago an 7 Nollaig 1946; agus do dh\u00e9anamh socr\u00fa i dtaobh nithe gaolmhara.<\/p>","method":"Introduced","methodURI":"https:\/\/data.oireachtas.ie\/ie\/oireachtas\/def\/bill-method\/introduced","mostRecentStage":{"event":{"chamber":{"chamberCode":"seanad","showAs":"Seanad \u00c9ireann","uri":"https:\/\/data.oireachtas.ie\/ie\/oireachtas\/def\/house\/seanad"},"dates":[{"date":"2026-05-27"}],"house":{"chamberCode":"seanad","chamberType":"house","houseCode":"seanad","houseNo":"27","showAs":"27th Seanad","uri":"https:\/\/data.oireachtas.ie\/ie\/oireachtas\/house\/seanad\/27"},"progressStage":2,"showAs":"Second Stage","stageCompleted":true,"stageOutcome":null,"stageURI":"https:\/\/data.oireachtas.ie\/ie\/oireachtas\/def\/bill-stage\/2","uri":"https:\/\/data.oireachtas.ie\/ie\/oireachtas\/bill\/2026\/55\/stage\/seanad\/2"}},"originHouse":{"showAs":"Seanad \u00c9ireann","uri":"https:\/\/data.oireachtas.ie\/ie\/oireachtas\/def\/house\/seanad"},"originHouseURI":"https:\/\/data.oireachtas.ie\/ie\/oireachtas\/def\/house\/seanad","relatedDocs":[],"shortTitleEn":"Air Navigation and Transport (Amendment) Bill 2026","shortTitleGa":"An Bille Aerloingseoireachta agus Aeriompair (Leas\u00fa), 2026","source":"Private Member","sourceURI":"https:\/\/data.oireachtas.ie\/ie\/oireachtas\/def\/bill-source\/private-member","sponsors":[{"sponsor":{"isPrimary":true,"as":{"showAs":null,"uri":null},"by":{"showAs":"Patricia Stephenson","uri":"https:\/\/data.oireachtas.ie\/ie\/oireachtas\/member\/id\/Patricia-Stephenson.S.2025-01-29"}}},{"sponsor":{"isPrimary":false,"as":{"showAs":null,"uri":null},"by":{"showAs":"Alice-Mary Higgins","uri":"https:\/\/data.oireachtas.ie\/ie\/oireachtas\/member\/id\/Alice-Mary-Higgins.S.2016-04-25"}}},{"sponsor":{"isPrimary":false,"as":{"showAs":null,"uri":null},"by":{"showAs":"Frances Black","uri":"https:\/\/data.oireachtas.ie\/ie\/oireachtas\/member\/id\/Frances-Black.S.2016-04-25"}}},{"sponsor":{"isPrimary":false,"as":{"showAs":null,"uri":null},"by":{"showAs":"Laura Harmon","uri":"https:\/\/data.oireachtas.ie\/ie\/oireachtas\/member\/id\/Laura-Harmon.S.2025-01-29"}}},{"sponsor":{"isPrimary":false,"as":{"showAs":null,"uri":null},"by":{"showAs":"Nessa Cosgrove","uri":"https:\/\/data.oireachtas.ie\/ie\/oireachtas\/member\/id\/Nessa-Cosgrove.S.2025-01-29"}}},{"sponsor":{"isPrimary":false,"as":{"showAs":null,"uri":null},"by":{"showAs":"Lynn Ruane","uri":"https:\/\/data.oireachtas.ie\/ie\/oireachtas\/member\/id\/Lynn-Ruane.S.2016-04-25"}}},{"sponsor":{"isPrimary":false,"as":{"showAs":null,"uri":null},"by":{"showAs":"Malcolm Noonan","uri":"https:\/\/data.oireachtas.ie\/ie\/oireachtas\/member\/id\/Malcolm-Noonan.D.2020-02-08"}}}],"stages":[{"event":{"chamber":{"chamberCode":"seanad","showAs":"Seanad \u00c9ireann","uri":"https:\/\/data.oireachtas.ie\/ie\/oireachtas\/def\/house\/seanad"},"dates":[{"date":"2026-05-27"},{"date":"2026-05-27"}],"house":{"chamberCode":"seanad","chamberType":"house","houseCode":"seanad","houseNo":"27","showAs":"27th Seanad","uri":"https:\/\/data.oireachtas.ie\/ie\/oireachtas\/house\/seanad\/27"},"progressStage":1,"showAs":"First Stage","stageCompleted":true,"stageOutcome":null,"stageURI":"https:\/\/data.oireachtas.ie\/ie\/oireachtas\/def\/bill-stage\/1","uri":"https:\/\/data.oireachtas.ie\/ie\/oireachtas\/bill\/2026\/55\/stage\/seanad\/1"}},{"event":{"chamber":{"chamberCode":"seanad","showAs":"Seanad \u00c9ireann","uri":"https:\/\/data.oireachtas.ie\/ie\/oireachtas\/def\/house\/seanad"},"dates":[{"date":"2026-05-27"}],"house":{"chamberCode":"seanad","chamberType":"house","houseCode":"seanad","houseNo":"27","showAs":"27th Seanad","uri":"https:\/\/data.oireachtas.ie\/ie\/oireachtas\/house\/seanad\/27"},"progressStage":2,"showAs":"Second Stage","stageCompleted":true,"stageOutcome":null,"stageURI":"https:\/\/data.oireachtas.ie\/ie\/oireachtas\/def\/bill-stage\/2","uri":"https:\/\/data.oireachtas.ie\/ie\/oireachtas\/bill\/2026\/55\/stage\/seanad\/2"}}],"status":"Defeated","statusURI":"https:\/\/data.oireachtas.ie\/ie\/oireachtas\/def\/bill-status\/defeated","uri":"https:\/\/data.oireachtas.ie\/ie\/oireachtas\/bill\/2026\/55","versions":[{"version":{"lang":"eng","docType":"bill","showAs":"As Initiated","date":"2026-05-27","formats":{"pdf":{"uri":"https:\/\/data.oireachtas.ie\/ie\/oireachtas\/bill\/2026\/55\/eng\/initiated\/b5526s.pdf"},"xml":null},"uri":"https:\/\/data.oireachtas.ie\/ie\/oireachtas\/bill\/2026\/55\/eng\/initiated"}}]},"contextDate":"2026-05-27","billSort":{"actNoSort":null,"actShortTitleEnSort":null,"actShortTitleGaSort":null,"actYearSort":null,"billNoSort":55,"billShortTitleEnSort":"air-navigation-and-transport-amendment-bill-2026","billShortTitleGaSort":"an-bille-aerloingseoireachta-agus-aeriompair-leasu-2026","billYearSort":2026}},{"bill":{"act":null,"amendmentLists":[],"billNo":"54","billType":"Public","billTypeURI":"https:\/\/data.oireachtas.ie\/ie\/oireachtas\/def\/bill-type\/public","billYear":"2026","debates":[{"chamber":{"showAs":"D\u00e1il \u00c9ireann","uri":"https:\/\/data.oireachtas.ie\/ie\/oireachtas\/def\/house\/dail"},"date":"2026-06-10","debateSectionId":"dbsect_34","showAs":"Broadcasting (Amendment) Bill 2026: Second Stage (Resumed)","uri":"https:\/\/data.oireachtas.ie\/akn\/ie\/debateRecord\/dail\/2026-06-10\/debate\/main"},{"chamber":{"showAs":"D\u00e1il \u00c9ireann","uri":"https:\/\/data.oireachtas.ie\/ie\/oireachtas\/def\/house\/dail"},"date":"2026-06-10","debateSectionId":"dbsect_39","showAs":"Broadcasting (Amendment) Bill 2026: Referral to Select Committee","uri":"https:\/\/data.oireachtas.ie\/akn\/ie\/debateRecord\/dail\/2026-06-10\/debate\/main"},{"chamber":{"showAs":"D\u00e1il \u00c9ireann","uri":"https:\/\/data.oireachtas.ie\/ie\/oireachtas\/def\/house\/dail"},"date":"2026-05-28","debateSectionId":"dbsect_36","showAs":"Broadcasting (Amendment) Bill 2026: Second Stage","uri":"https:\/\/data.oireachtas.ie\/akn\/ie\/debateRecord\/dail\/2026-05-28\/debate\/main"},{"chamber":{"showAs":"D\u00e1il \u00c9ireann","uri":"https:\/\/data.oireachtas.ie\/ie\/oireachtas\/def\/house\/dail"},"date":"2026-05-28","debateSectionId":"dbsect_39","showAs":"Broadcasting (Amendment) Bill 2026: Second Stage (Resumed)","uri":"https:\/\/data.oireachtas.ie\/akn\/ie\/debateRecord\/dail\/2026-05-28\/debate\/main"}],"events":[{"event":{"chamber":{"chamberCode":"dail","showAs":"D\u00e1il \u00c9ireann","uri":"https:\/\/data.oireachtas.ie\/ie\/oireachtas\/def\/house\/dail"},"dates":[{"date":"2026-05-27"}],"eventURI":"https:\/\/data.oireachtas.ie\/ie\/oireachtas\/def\/bill-event\/published","showAs":"Published","uri":"https:\/\/data.oireachtas.ie\/ie\/oireachtas\/bill\/2026\/54\/published"}}],"lastUpdated":"2026-06-11T14:59:56.640000+00:00","longTitleEn":"<p>Bill entitled an Act to provide for the disclosure and divestment by members of Coimisi\u00fan na Me\u00e1n of relevant interests in certain providers; to give full effect to Articles 5 and 6(3) of Regulation (EU) 2024\/1083 of the European Parliament and of the Council of 11 April 2024 establishing a common framework for media services in the internal market and amending Directive 2010\/13\/EU (European Media Freedom Act); to make further provision about committees of Coimisi\u00fan na Me\u00e1n; to provide, for the purposes of its functions, for a power for Coimisi\u00fan na Me\u00e1n to require certain information from certain providers; to extend the application of duties and codes, and provision about complaints, in relation to public service content published by the corporations; to make further provision about the appointment and functions of the board and the director general of a corporation and the appointment and functions of the audience council of a corporation; to provide for the auditing of the accounts of RT\u00c9 by the Comptroller and Auditor General; to require the publication of information about the remuneration of staff and contractors of the corporations; to provide for appraisals and reviews of funding and performance of the corporations; to make further provision about the commissioning of independent programmes by the corporations; to provide for the renaming of the Broadcasting Fund and for public service content schemes to be funded from the Fund; to amend the provision relating to the European Works Levy; for those purposes to amend the Broadcasting Act 2009 and the Comptroller and Auditor General (Amendment) Act 1993; and to provide for related matters.<\/p>","longTitleGa":"<p>Bille d\u00e1 ngairtear Acht do dh\u00e9anamh socr\u00fa maidir le comhalta\u00ed de Choimisi\u00fan na Me\u00e1n do nochtadh agus do dh\u00edfheisti\u00fa leasanna iomchu\u00ed i sol\u00e1thraithe \u00e1irithe; do thabhairt l\u00e1n\u00e9ifeacht d\u2019Airteagail 5 agus 6(3) de Rialach\u00e1n (AE) 2024\/1083 \u00f3 Pharlaimint na hEorpa agus \u00f3n gComhairle an 11 Aibre\u00e1n 2024 lena mbuna\u00edtear creat comhchoiteann le haghaidh seirbh\u00eds\u00ed me\u00e1n sa mhargadh inmhe\u00e1nach agus lena leasa\u00edtear Treoir 2010\/13\/AE (An Gn\u00edomh Eorpach um Shaoirse na Me\u00e1n); do dh\u00e9anamh socr\u00fa breise maidir le coist\u00ed de Choimisi\u00fan na Me\u00e1n; do dh\u00e9anamh socr\u00fa, chun cr\u00edocha a fheidhmeanna, maidir le cumhacht a bheith ag Coimisi\u00fan na Me\u00e1n chun faisn\u00e9is \u00e1irithe a \u00e9ileamh \u00f3 shol\u00e1thraithe \u00e1irithe; do leathn\u00fa cur chun feidhme dualgas agus c\u00f3d, agus do leathn\u00fa na for\u00e1la maidir le gear\u00e1in, i nd\u00e1il le l\u00e1nas seirbh\u00edse poibl\u00ed arna fhoilsi\u00fa ag na corpar\u00e1id\u00ed; do dh\u00e9anamh socr\u00fa breise maidir le bord corpar\u00e1ide, agus an t-ardsti\u00farth\u00f3ir ar chorpar\u00e1id, a cheapadh agus maidir lena fheidhmeanna n\u00f3 lena feidhmeanna, agus maidir leis an gcomhairle lucht f\u00e9achana agus \u00e9isteachta ar chorpar\u00e1id a cheapadh agus maidir lena feidhmeanna; do dh\u00e9anamh socr\u00fa maidir leis an Ard-Reachtaire Cuntas agus Ciste d\u2019ini\u00fachadh chuntais RT\u00c9; d\u00e1 cheangal faisn\u00e9is a fhoilsi\u00fa i dtaobh luach saothair chomhalta\u00ed foirne agus chonraitheoir\u00ed na gcorpar\u00e1id\u00ed; do dh\u00e9anamh socr\u00fa maidir le breithmheasanna a thabhairt agus athbhreithnithe a dh\u00e9anamh ar mhaoini\u00fa agus ar fheidhm\u00edocht na gcorpar\u00e1id\u00ed; do dh\u00e9anamh socr\u00fa breise maidir leis na corpar\u00e1id\u00ed do choimisi\u00fan\u00fa cl\u00e1ir neamhsple\u00e1cha; do dh\u00e9anamh socr\u00fa maidir leis an gCiste Craolach\u00e1in a athainmni\u00fa agus maidir le sc\u00e9imeanna l\u00e1nais seirbh\u00edse poibl\u00ed a mhaoini\u00fa as an gCiste; do leas\u00fa na for\u00e1la a bhaineann leis an tobhach i leith saothar Eorpach; chun na gcr\u00edoch sin, do leas\u00fa an Achta Craolach\u00e1in, 2009 agus Acht an Ard-Reachtaire Cuntas agus Ciste (Leas\u00fa), 1993; agus do dh\u00e9anamh socr\u00fa i dtaobh nithe gaolmhara.<\/p>","method":"Presented","methodURI":"https:\/\/data.oireachtas.ie\/ie\/oireachtas\/def\/bill-method\/presented","mostRecentStage":{"event":{"chamber":{"chamberCode":"dail","showAs":"D\u00e1il \u00c9ireann","uri":"https:\/\/data.oireachtas.ie\/ie\/oireachtas\/def\/house\/dail"},"dates":[{"date":"2026-05-28"}],"house":{"chamberCode":"dail","chamberType":"house","houseCode":"dail","houseNo":"34","showAs":"34th D\u00e1il","uri":"https:\/\/data.oireachtas.ie\/ie\/oireachtas\/house\/dail\/34"},"progressStage":2,"showAs":"Second Stage","stageCompleted":true,"stageOutcome":null,"stageURI":"https:\/\/data.oireachtas.ie\/ie\/oireachtas\/def\/bill-stage\/2","uri":"https:\/\/data.oireachtas.ie\/ie\/oireachtas\/bill\/2026\/54\/stage\/dail\/2"}},"originHouse":{"showAs":"D\u00e1il \u00c9ireann","uri":"https:\/\/data.oireachtas.ie\/ie\/oireachtas\/def\/house\/dail"},"originHouseURI":"https:\/\/data.oireachtas.ie\/ie\/oireachtas\/def\/house\/dail","relatedDocs":[{"relatedDoc":{"date":"2026-05-28","docType":"gluais","formats":{"pdf":{"uri":"https:\/\/data.oireachtas.ie\/ie\/oireachtas\/bill\/2026\/54\/mul\/gluais\/gluais-17-2026-an-bille-craolachain-leasu-2026.pdf"},"xml":null},"lang":"mul","showAs":"Glossary\/Gluais","uri":"https:\/\/data.oireachtas.ie\/ie\/oireachtas\/bill\/2026\/54\/mul\/gluais"}},{"relatedDoc":{"date":"2026-05-27","docType":"memo","formats":{"pdf":{"uri":"https:\/\/data.oireachtas.ie\/ie\/oireachtas\/bill\/2026\/54\/eng\/memo\/b5426d-memo.pdf"},"xml":null},"lang":"eng","showAs":"Explanatory Memorandum","uri":"https:\/\/data.oireachtas.ie\/ie\/oireachtas\/bill\/2026\/54\/eng\/memo"}}],"shortTitleEn":"Broadcasting (Amendment) Bill 2026","shortTitleGa":"An Bille Craolach\u00e1in (Leas\u00fa), 2026","source":"Government","sourceURI":"https:\/\/data.oireachtas.ie\/ie\/oireachtas\/def\/bill-source\/government","sponsors":[{"sponsor":{"isPrimary":true,"as":{"showAs":"Minister for Culture, Communications and Sport","uri":null},"by":{"showAs":null,"uri":null}}}],"stages":[{"event":{"chamber":{"chamberCode":"dail","showAs":"D\u00e1il \u00c9ireann","uri":"https:\/\/data.oireachtas.ie\/ie\/oireachtas\/def\/house\/dail"},"dates":[{"date":"2026-05-27"},{"date":"2026-05-28"}],"house":{"chamberCode":"dail","chamberType":"house","houseCode":"dail","houseNo":"34","showAs":"34th D\u00e1il","uri":"https:\/\/data.oireachtas.ie\/ie\/oireachtas\/house\/dail\/34"},"progressStage":1,"showAs":"First Stage","stageCompleted":true,"stageOutcome":null,"stageURI":"https:\/\/data.oireachtas.ie\/ie\/oireachtas\/def\/bill-stage\/1","uri":"https:\/\/data.oireachtas.ie\/ie\/oireachtas\/bill\/2026\/54\/stage\/dail\/1"}},{"event":{"chamber":{"chamberCode":"dail","showAs":"D\u00e1il \u00c9ireann","uri":"https:\/\/data.oireachtas.ie\/ie\/oireachtas\/def\/house\/dail"},"dates":[{"date":"2026-05-28"}],"house":{"chamberCode":"dail","chamberType":"house","houseCode":"dail","houseNo":"34","showAs":"34th D\u00e1il","uri":"https:\/\/data.oireachtas.ie\/ie\/oireachtas\/house\/dail\/34"},"progressStage":2,"showAs":"Second Stage","stageCompleted":true,"stageOutcome":null,"stageURI":"https:\/\/data.oireachtas.ie\/ie\/oireachtas\/def\/bill-stage\/2","uri":"https:\/\/data.oireachtas.ie\/ie\/oireachtas\/bill\/2026\/54\/stage\/dail\/2"}}],"status":"Current","statusURI":"https:\/\/data.oireachtas.ie\/ie\/oireachtas\/def\/bill-status\/published","uri":"https:\/\/data.oireachtas.ie\/ie\/oireachtas\/bill\/2026\/54","versions":[{"version":{"lang":"eng","docType":"bill","showAs":"As Initiated","date":"2026-05-27","formats":{"pdf":{"uri":"https:\/\/data.oireachtas.ie\/ie\/oireachtas\/bill\/2026\/54\/eng\/initiated\/b5426d.pdf"},"xml":null},"uri":"https:\/\/data.oireachtas.ie\/ie\/oireachtas\/bill\/2026\/54\/eng\/initiated"}}]},"contextDate":"2026-05-28","billSort":{"actNoSort":null,"actShortTitleEnSort":null,"actShortTitleGaSort":null,"actYearSort":null,"billNoSort":54,"billShortTitleEnSort":"broadcasting-amendment-bill-2026","billShortTitleGaSort":"an-bille-craolachain-leasu-2026","billYearSort":2026}},{"bill":{"act":{"actNo":"30","actYear":"2026","dateSigned":"2026-07-21","longTitleEn":"<p>Act to amend the Guardianship of Infants Act 1964 to provide for the restriction or removal of guardianship of a child in certain circumstances by order of a court in proceedings for that purpose, in the resolution of which the court shall regard the best interests of the child as the paramount consideration; to amend certain provisions of Part VA of the Child Care Act 1991 in relation to the appointment of, and legal representation for, guardians <i>ad litem<\/i>; and to provide for related matters.<\/p><p>&nbsp;<\/p>","longTitleGa":"<p>Acht do leas\u00fa an Achta um Chaomhn\u00f3ireacht Na\u00edon, 1964 chun socr\u00fa a dh\u00e9anamh maidir le caomhn\u00f3ireacht linbh a shrianadh n\u00f3 a bhaint in imthosca \u00e1irithe le hord\u00fa \u00f3 ch\u00fairt in imeachta\u00ed chun na cr\u00edche sin, agus le linn na himeachta\u00ed sin a r\u00e9iteach is \u00e9 leas an linbh an n\u00ed is t\u00e1bhachta\u00ed ar a dtabharfaidh an ch\u00fairt aird; do leas\u00fa for\u00e1lacha \u00e1irithe de Chuid VA den Acht um Ch\u00faram Leana\u00ed, 1991 i nd\u00e1il le caomhn\u00f3ir\u00ed <i>ad litem<\/i> a cheapadh agus i nd\u00e1il le hionada\u00edocht dhl\u00edthi\u00fail d\u00f3ibh; agus do dh\u00e9anamh socr\u00fa i dtaobh nithe gaolmhara.<\/p>","shortTitleEn":"Guardianship of Infants and Child Care (Amendment) Act 2026","shortTitleGa":"An tAcht um Chaomhn\u00f3ireacht Na\u00edon agus um Ch\u00faram Leana\u00ed (Leas\u00fa), 2026","statutebookURI":"http:\/\/www.irishstatutebook.ie\/eli\/2026\/act\/30","uri":"https:\/\/data.oireachtas.ie\/ie\/oireachtas\/act\/2026\/30"},"amendmentLists":[{"amendmentList":{"amendmentTypeUri":{"uri":"https:\/\/data.oireachtas.ie\/ie\/oireachtas\/def\/amendment-type\/creamList"},"chamber":{"showAs":"Seanad","uri":"https:\/\/data.oireachtas.ie\/ie\/oireachtas\/def\/seanad"},"date":"2026-06-30","formats":{"pdf":{"uri":"https:\/\/data.oireachtas.ie\/ie\/oireachtas\/bill\/2026\/53\/seanad\/6\/amendment\/creamList\/eng\/b53a26d-dcl.pdf"},"xml":null},"showAs":"Cream List [Seanad amendments to D\u00e1il Bill]","stage":{"showAs":"Cream List","uri":"https:\/\/data.oireachtas.ie\/ie\/oireachtas\/bill\/2026\/53\/seanad\/6"},"stageNo":"6"}},{"amendmentList":{"amendmentTypeUri":{"uri":"https:\/\/data.oireachtas.ie\/ie\/oireachtas\/def\/amendment-type\/numberedList"},"chamber":{"showAs":"Seanad","uri":"https:\/\/data.oireachtas.ie\/ie\/oireachtas\/def\/seanad"},"date":"2026-06-30","formats":{"pdf":{"uri":"https:\/\/data.oireachtas.ie\/ie\/oireachtas\/bill\/2026\/53\/seanad\/3\/amendment\/numberedList\/eng\/b53a26d-scnl.pdf"},"xml":null},"showAs":"Numbered List [Seanad]","stage":{"showAs":"Committee Stage","uri":"https:\/\/data.oireachtas.ie\/ie\/oireachtas\/bill\/2026\/53\/seanad\/3"},"stageNo":"3"}},{"amendmentList":{"amendmentTypeUri":{"uri":"https:\/\/data.oireachtas.ie\/ie\/oireachtas\/def\/amendment-type\/numberedList"},"chamber":{"showAs":"Dail","uri":"https:\/\/data.oireachtas.ie\/ie\/oireachtas\/def\/dail"},"date":"2026-06-16","formats":{"pdf":{"uri":"https:\/\/data.oireachtas.ie\/ie\/oireachtas\/bill\/2026\/53\/dail\/4\/amendment\/numberedList\/eng\/b53a26d-drnl.pdf"},"xml":null},"showAs":"Numbered List [D\u00e1il]","stage":{"showAs":"Report Stage","uri":"https:\/\/data.oireachtas.ie\/ie\/oireachtas\/bill\/2026\/53\/dail\/4"},"stageNo":"4"}},{"amendmentList":{"amendmentTypeUri":{"uri":"https:\/\/data.oireachtas.ie\/ie\/oireachtas\/def\/amendment-type\/numberedList"},"chamber":{"showAs":"Dail","uri":"https:\/\/data.oireachtas.ie\/ie\/oireachtas\/def\/dail"},"date":"2026-06-08","formats":{"pdf":{"uri":"https:\/\/data.oireachtas.ie\/ie\/oireachtas\/bill\/2026\/53\/dail\/3\/amendment\/numberedList\/eng\/b5326d-dcnl.pdf"},"xml":null},"showAs":"Numbered List [D\u00e1il]","stage":{"showAs":"Committee Stage","uri":"https:\/\/data.oireachtas.ie\/ie\/oireachtas\/bill\/2026\/53\/dail\/3"},"stageNo":"3"}}],"billNo":"53","billType":"Public","billTypeURI":"https:\/\/data.oireachtas.ie\/ie\/oireachtas\/def\/bill-type\/public","billYear":"2026","debates":[{"chamber":{"showAs":"D\u00e1il \u00c9ireann","uri":"https:\/\/data.oireachtas.ie\/ie\/oireachtas\/def\/house\/dail"},"date":"2026-07-15","debateSectionId":"dbsect_34","showAs":"Guardianship of Infants and Child Care (Amendment) Bill 2026: From the Seanad","uri":"https:\/\/data.oireachtas.ie\/akn\/ie\/debateRecord\/dail\/2026-07-15\/debate\/main"},{"chamber":{"showAs":"Seanad \u00c9ireann","uri":"https:\/\/data.oireachtas.ie\/ie\/oireachtas\/def\/house\/seanad"},"date":"2026-06-30","debateSectionId":"dbsect_24","showAs":"Guardianship of Infants and Child Care (Amendment) Bill 2026: Committee and Remaining Stages","uri":"https:\/\/data.oireachtas.ie\/akn\/ie\/debateRecord\/seanad\/2026-06-30\/debate\/main"},{"chamber":{"showAs":"Seanad \u00c9ireann","uri":"https:\/\/data.oireachtas.ie\/ie\/oireachtas\/def\/house\/seanad"},"date":"2026-06-24","debateSectionId":"dbsect_9","showAs":"Guardianship of Infants and Child Care (Amendment) Bill 2026: Second Stage","uri":"https:\/\/data.oireachtas.ie\/akn\/ie\/debateRecord\/seanad\/2026-06-24\/debate\/main"},{"chamber":{"showAs":"D\u00e1il \u00c9ireann","uri":"https:\/\/data.oireachtas.ie\/ie\/oireachtas\/def\/house\/dail"},"date":"2026-06-17","debateSectionId":"dbsect_31","showAs":"Guardianship of Infants and Child Care (Amendment) Bill 2026: Report and Final Stages","uri":"https:\/\/data.oireachtas.ie\/akn\/ie\/debateRecord\/dail\/2026-06-17\/debate\/main"},{"chamber":{"showAs":"Select Committee on Justice, Home Affairs and Migration","uri":"https:\/\/data.oireachtas.ie\/ie\/oireachtas\/def\/committee"},"date":"2026-06-09","debateSectionId":"dbsect_2","showAs":"Guardianship of Infants (Amendment) Bill 2026: Committee Stage","uri":"https:\/\/data.oireachtas.ie\/akn\/ie\/debateRecord\/select_committee_on_justice_home_affairs_and_migration\/2026-06-09\/debate\/main"},{"chamber":{"showAs":"D\u00e1il \u00c9ireann","uri":"https:\/\/data.oireachtas.ie\/ie\/oireachtas\/def\/house\/dail"},"date":"2026-05-21","debateSectionId":"dbsect_31","showAs":"Guardianship of Infants (Amendment) Bill 2026: Second Stage","uri":"https:\/\/data.oireachtas.ie\/akn\/ie\/debateRecord\/dail\/2026-05-21\/debate\/main"},{"chamber":{"showAs":"D\u00e1il \u00c9ireann","uri":"https:\/\/data.oireachtas.ie\/ie\/oireachtas\/def\/house\/dail"},"date":"2026-05-21","debateSectionId":"dbsect_33","showAs":"Guardianship of Infants (Amendment) Bill 2026: Second Stage (Resumed)","uri":"https:\/\/data.oireachtas.ie\/akn\/ie\/debateRecord\/dail\/2026-05-21\/debate\/main"},{"chamber":{"showAs":"D\u00e1il \u00c9ireann","uri":"https:\/\/data.oireachtas.ie\/ie\/oireachtas\/def\/house\/dail"},"date":"2026-05-21","debateSectionId":"dbsect_34","showAs":"Guardianship of Infants (Amendment) Bill 2026: Referral to Select Committee","uri":"https:\/\/data.oireachtas.ie\/akn\/ie\/debateRecord\/dail\/2026-05-21\/debate\/main"}],"events":[{"event":{"chamber":{"chamberCode":"dail","showAs":"D\u00e1il \u00c9ireann","uri":"https:\/\/data.oireachtas.ie\/ie\/oireachtas\/def\/house\/dail"},"dates":[{"date":"2026-05-15"},{"date":"2026-07-21"}],"eventURI":"https:\/\/data.oireachtas.ie\/ie\/oireachtas\/def\/bill-event\/published","showAs":"Published","uri":"https:\/\/data.oireachtas.ie\/ie\/oireachtas\/bill\/2026\/53\/published"}},{"event":{"chamber":null,"dates":[{"date":"2026-07-21"}],"eventURI":"https:\/\/data.oireachtas.ie\/ie\/oireachtas\/def\/bill-event\/enacted","showAs":"Enacted","uri":"https:\/\/data.oireachtas.ie\/ie\/oireachtas\/bill\/2026\/53\/enacted"}}],"lastUpdated":"2026-07-30T11:21:19.140000+00:00","longTitleEn":"<p>Bill entitled an Act to amend the Guardianship of Infants Act 1964 to provide for the restriction or removal of guardianship of a child in certain circumstances by order of a court in proceedings for that purpose, in the resolution of which the court shall regard the best interests of the child as the paramount consideration; to amend certain provisions of Part VA of the Child Care Act 1991 in relation to the appointment of, and legal representation for, guardians <i>ad litem<\/i>; and to provide for related matters.<\/p><p>&nbsp;<\/p>","longTitleGa":"<p>Bille d\u00e1 ngairtear Acht do leas\u00fa an Achta um Chaomhn\u00f3ireacht Na\u00edon, 1964 chun socr\u00fa a dh\u00e9anamh maidir le caomhn\u00f3ireacht linbh a shrianadh n\u00f3 a bhaint in imthosca \u00e1irithe le hord\u00fa \u00f3 ch\u00fairt in imeachta\u00ed chun na cr\u00edche sin, agus le linn na himeachta\u00ed sin a r\u00e9iteach is \u00e9 leas an linbh an n\u00ed is t\u00e1bhachta\u00ed ar a dtabharfaidh an ch\u00fairt aird; do leas\u00fa for\u00e1lacha \u00e1irithe de Chuid VA den Acht um Ch\u00faram Leana\u00ed, 1991 i nd\u00e1il le caomhn\u00f3ir\u00ed <i>ad litem<\/i> a cheapadh agus i nd\u00e1il le hionada\u00edocht dhl\u00edthi\u00fail d\u00f3ibh; agus do dh\u00e9anamh socr\u00fa i dtaobh nithe gaolmhara.<\/p>","method":"Presented","methodURI":"https:\/\/data.oireachtas.ie\/ie\/oireachtas\/def\/bill-method\/presented","mostRecentStage":{"event":{"chamber":null,"dates":[{"date":"2026-07-21"}],"house":null,"progressStage":11,"showAs":"Enacted","stageCompleted":true,"stageOutcome":"Enacted","stageURI":"https:\/\/data.oireachtas.ie\/ie\/oireachtas\/def\/bill-stage\/enacted","uri":"https:\/\/data.oireachtas.ie\/ie\/oireachtas\/bill\/2026\/53\/stage\/oireachtas\/enacted"}},"originHouse":{"showAs":"D\u00e1il \u00c9ireann","uri":"https:\/\/data.oireachtas.ie\/ie\/oireachtas\/def\/house\/dail"},"originHouseURI":"https:\/\/data.oireachtas.ie\/ie\/oireachtas\/def\/house\/dail","relatedDocs":[{"relatedDoc":{"date":"2026-05-19","docType":"gluais","formats":{"pdf":{"uri":"https:\/\/data.oireachtas.ie\/ie\/oireachtas\/bill\/2026\/53\/mul\/gluais\/gluais-15-2026-an-bille-um-chaomhnoireacht-naion-leasu-2026-002.pdf"},"xml":null},"lang":"mul","showAs":"Glossary\/Gluais","uri":"https:\/\/data.oireachtas.ie\/ie\/oireachtas\/bill\/2026\/53\/mul\/gluais"}},{"relatedDoc":{"date":"2026-05-15","docType":"memo","formats":{"pdf":{"uri":"https:\/\/data.oireachtas.ie\/ie\/oireachtas\/bill\/2026\/53\/eng\/memo\/b5326d-memo.pdf"},"xml":null},"lang":"eng","showAs":"Explanatory Memorandum","uri":"https:\/\/data.oireachtas.ie\/ie\/oireachtas\/bill\/2026\/53\/eng\/memo"}}],"shortTitleEn":"Guardianship of Infants and Child Care (Amendment) Bill 2026","shortTitleGa":"An Bille um Chaomhn\u00f3ireacht Na\u00edon agus um Ch\u00faram Leana\u00ed (Leas\u00fa), 2026","source":"Government","sourceURI":"https:\/\/data.oireachtas.ie\/ie\/oireachtas\/def\/bill-source\/government","sponsors":[{"sponsor":{"isPrimary":true,"as":{"showAs":"Minister for Justice, Home Affairs and Migration","uri":null},"by":{"showAs":null,"uri":null}}}],"stages":[{"event":{"chamber":{"chamberCode":"dail","showAs":"D\u00e1il \u00c9ireann","uri":"https:\/\/data.oireachtas.ie\/ie\/oireachtas\/def\/house\/dail"},"dates":[{"date":"2026-05-15"},{"date":"2026-05-15"}],"house":{"chamberCode":"dail","chamberType":"house","houseCode":"dail","houseNo":"34","showAs":"34th D\u00e1il","uri":"https:\/\/data.oireachtas.ie\/ie\/oireachtas\/house\/dail\/34"},"progressStage":1,"showAs":"First Stage","stageCompleted":true,"stageOutcome":null,"stageURI":"https:\/\/data.oireachtas.ie\/ie\/oireachtas\/def\/bill-stage\/1","uri":"https:\/\/data.oireachtas.ie\/ie\/oireachtas\/bill\/2026\/53\/stage\/dail\/1"}},{"event":{"chamber":{"chamberCode":"dail","showAs":"D\u00e1il \u00c9ireann","uri":"https:\/\/data.oireachtas.ie\/ie\/oireachtas\/def\/house\/dail"},"dates":[{"date":"2026-06-21"}],"house":{"chamberCode":"dail","chamberType":"house","houseCode":"dail","houseNo":"34","showAs":"34th D\u00e1il","uri":"https:\/\/data.oireachtas.ie\/ie\/oireachtas\/house\/dail\/34"},"progressStage":2,"showAs":"Second Stage","stageCompleted":true,"stageOutcome":null,"stageURI":"https:\/\/data.oireachtas.ie\/ie\/oireachtas\/def\/bill-stage\/2","uri":"https:\/\/data.oireachtas.ie\/ie\/oireachtas\/bill\/2026\/53\/stage\/dail\/2"}},{"event":{"chamber":{"chamberCode":"dail","showAs":"D\u00e1il \u00c9ireann","uri":"https:\/\/data.oireachtas.ie\/ie\/oireachtas\/def\/house\/dail"},"dates":[{"date":"2026-06-21"}],"house":{"chamberCode":"dail","chamberType":"house","houseCode":"dail","houseNo":"34","showAs":"34th D\u00e1il","uri":"https:\/\/data.oireachtas.ie\/ie\/oireachtas\/house\/dail\/34"},"progressStage":3,"showAs":"Committee Stage","stageCompleted":true,"stageOutcome":null,"stageURI":"https:\/\/data.oireachtas.ie\/ie\/oireachtas\/def\/bill-stage\/3","uri":"https:\/\/data.oireachtas.ie\/ie\/oireachtas\/bill\/2026\/53\/stage\/dail\/3"}},{"event":{"chamber":{"chamberCode":"dail","showAs":"D\u00e1il \u00c9ireann","uri":"https:\/\/data.oireachtas.ie\/ie\/oireachtas\/def\/house\/dail"},"dates":[{"date":"2026-06-17"}],"house":{"chamberCode":"dail","chamberType":"house","houseCode":"dail","houseNo":"34","showAs":"34th D\u00e1il","uri":"https:\/\/data.oireachtas.ie\/ie\/oireachtas\/house\/dail\/34"},"progressStage":4,"showAs":"Report Stage","stageCompleted":true,"stageOutcome":null,"stageURI":"https:\/\/data.oireachtas.ie\/ie\/oireachtas\/def\/bill-stage\/4","uri":"https:\/\/data.oireachtas.ie\/ie\/oireachtas\/bill\/2026\/53\/stage\/dail\/4"}},{"event":{"chamber":{"chamberCode":"dail","showAs":"D\u00e1il \u00c9ireann","uri":"https:\/\/data.oireachtas.ie\/ie\/oireachtas\/def\/house\/dail"},"dates":[{"date":"2026-06-17"}],"house":{"chamberCode":"dail","chamberType":"house","houseCode":"dail","houseNo":"34","showAs":"34th D\u00e1il","uri":"https:\/\/data.oireachtas.ie\/ie\/oireachtas\/house\/dail\/34"},"progressStage":5,"showAs":"Fifth Stage","stageCompleted":true,"stageOutcome":null,"stageURI":"https:\/\/data.oireachtas.ie\/ie\/oireachtas\/def\/bill-stage\/5","uri":"https:\/\/data.oireachtas.ie\/ie\/oireachtas\/bill\/2026\/53\/stage\/dail\/5"}},{"event":{"chamber":{"chamberCode":"seanad","showAs":"Seanad \u00c9ireann","uri":"https:\/\/data.oireachtas.ie\/ie\/oireachtas\/def\/house\/seanad"},"dates":[{"date":"2026-06-24"}],"house":{"chamberCode":"seanad","chamberType":"house","houseCode":"seanad","houseNo":"27","showAs":"27th Seanad","uri":"https:\/\/data.oireachtas.ie\/ie\/oireachtas\/house\/seanad\/27"},"progressStage":6,"showAs":"Second Stage","stageCompleted":true,"stageOutcome":null,"stageURI":"https:\/\/data.oireachtas.ie\/ie\/oireachtas\/def\/bill-stage\/2","uri":"https:\/\/data.oireachtas.ie\/ie\/oireachtas\/bill\/2026\/53\/stage\/seanad\/2"}},{"event":{"chamber":{"chamberCode":"seanad","showAs":"Seanad \u00c9ireann","uri":"https:\/\/data.oireachtas.ie\/ie\/oireachtas\/def\/house\/seanad"},"dates":[{"date":"2026-06-30"}],"house":{"chamberCode":"seanad","chamberType":"house","houseCode":"seanad","houseNo":"27","showAs":"27th Seanad","uri":"https:\/\/data.oireachtas.ie\/ie\/oireachtas\/house\/seanad\/27"},"progressStage":7,"showAs":"Committee Stage","stageCompleted":true,"stageOutcome":null,"stageURI":"https:\/\/data.oireachtas.ie\/ie\/oireachtas\/def\/bill-stage\/3","uri":"https:\/\/data.oireachtas.ie\/ie\/oireachtas\/bill\/2026\/53\/stage\/seanad\/3"}},{"event":{"chamber":{"chamberCode":"seanad","showAs":"Seanad \u00c9ireann","uri":"https:\/\/data.oireachtas.ie\/ie\/oireachtas\/def\/house\/seanad"},"dates":[{"date":"2026-06-30"}],"house":{"chamberCode":"seanad","chamberType":"house","houseCode":"seanad","houseNo":"27","showAs":"27th Seanad","uri":"https:\/\/data.oireachtas.ie\/ie\/oireachtas\/house\/seanad\/27"},"progressStage":8,"showAs":"Report Stage","stageCompleted":true,"stageOutcome":null,"stageURI":"https:\/\/data.oireachtas.ie\/ie\/oireachtas\/def\/bill-stage\/4","uri":"https:\/\/data.oireachtas.ie\/ie\/oireachtas\/bill\/2026\/53\/stage\/seanad\/4"}},{"event":{"chamber":{"chamberCode":"seanad","showAs":"Seanad \u00c9ireann","uri":"https:\/\/data.oireachtas.ie\/ie\/oireachtas\/def\/house\/seanad"},"dates":[{"date":"2026-06-30"}],"house":{"chamberCode":"seanad","chamberType":"house","houseCode":"seanad","houseNo":"27","showAs":"27th Seanad","uri":"https:\/\/data.oireachtas.ie\/ie\/oireachtas\/house\/seanad\/27"},"progressStage":9,"showAs":"Fifth Stage","stageCompleted":true,"stageOutcome":null,"stageURI":"https:\/\/data.oireachtas.ie\/ie\/oireachtas\/def\/bill-stage\/5","uri":"https:\/\/data.oireachtas.ie\/ie\/oireachtas\/bill\/2026\/53\/stage\/seanad\/5"}},{"event":{"chamber":{"chamberCode":"dail","showAs":"D\u00e1il \u00c9ireann","uri":"https:\/\/data.oireachtas.ie\/ie\/oireachtas\/def\/house\/dail"},"dates":[{"date":"2026-07-15"}],"house":{"chamberCode":"dail","chamberType":"house","houseCode":"dail","houseNo":"34","showAs":"34th D\u00e1il","uri":"https:\/\/data.oireachtas.ie\/ie\/oireachtas\/house\/dail\/34"},"progressStage":10,"showAs":"Cream List","stageCompleted":true,"stageOutcome":null,"stageURI":"https:\/\/data.oireachtas.ie\/ie\/oireachtas\/def\/bill-stage\/6","uri":"https:\/\/data.oireachtas.ie\/ie\/oireachtas\/bill\/2026\/53\/stage\/dail\/6"}},{"event":{"chamber":null,"dates":[{"date":"2026-07-21"}],"house":null,"progressStage":11,"showAs":"Enacted","stageCompleted":true,"stageOutcome":"Enacted","stageURI":"https:\/\/data.oireachtas.ie\/ie\/oireachtas\/def\/bill-stage\/enacted","uri":"https:\/\/data.oireachtas.ie\/ie\/oireachtas\/bill\/2026\/53\/stage\/oireachtas\/enacted"}}],"status":"Enacted","statusURI":"https:\/\/data.oireachtas.ie\/ie\/oireachtas\/def\/bill-status\/enacted","uri":"https:\/\/data.oireachtas.ie\/ie\/oireachtas\/bill\/2026\/53","versions":[{"version":{"lang":"eng","docType":"act","showAs":"Guardianship of Infants and Child Care (Amendment) Act 2026","date":"2026-07-21","formats":{"pdf":{"uri":"https:\/\/data.oireachtas.ie\/ie\/oireachtas\/act\/2026\/30\/eng\/enacted\/a3026.pdf"},"xml":null},"uri":"https:\/\/data.oireachtas.ie\/ie\/oireachtas\/act\/2026\/30\/eng\/enacted"}},{"version":{"lang":"eng","docType":"bill","showAs":"As passed by both Houses of the Oireachtas","date":"2026-07-15","formats":{"pdf":{"uri":"https:\/\/data.oireachtas.ie\/ie\/oireachtas\/bill\/2026\/53\/eng\/ver_b\/gr53b26d.pdf"},"xml":null},"uri":"https:\/\/data.oireachtas.ie\/ie\/oireachtas\/bill\/2026\/53\/eng\/ver_b"}},{"version":{"lang":"eng","docType":"bill","showAs":"As amended in Committee\/Select Committee [D\u00e1il \u00c9ireann]","date":"2026-06-09","formats":{"pdf":{"uri":"https:\/\/data.oireachtas.ie\/ie\/oireachtas\/bill\/2026\/53\/eng\/ver_a\/b53a26d.pdf"},"xml":null},"uri":"https:\/\/data.oireachtas.ie\/ie\/oireachtas\/bill\/2026\/53\/eng\/ver_a"}},{"version":{"lang":"eng","docType":"bill","showAs":"As Initiated","date":"2026-05-15","formats":{"pdf":{"uri":"https:\/\/data.oireachtas.ie\/ie\/oireachtas\/bill\/2026\/53\/eng\/initiated\/b5326d.pdf"},"xml":null},"uri":"https:\/\/data.oireachtas.ie\/ie\/oireachtas\/bill\/2026\/53\/eng\/initiated"}}]},"contextDate":"2026-07-21","billSort":{"actNoSort":30,"actShortTitleEnSort":"guardianship-of-infants-and-child-care-amendment-act-2026","actShortTitleGaSort":"an-tacht-um-chaomhnoireacht-naion-agus-um-churam-leanai-leasu-2026","actYearSort":2026,"billNoSort":53,"billShortTitleEnSort":"guardianship-of-infants-and-child-care-amendment-bill-2026","billShortTitleGaSort":"an-bille-um-chaomhnoireacht-naion-agus-um-churam-leanai-leasu-2026","billYearSort":2026}},{"bill":{"act":null,"amendmentLists":[{"amendmentList":{"amendmentTypeUri":{"uri":"https:\/\/data.oireachtas.ie\/ie\/oireachtas\/def\/amendment-type\/numberedList"},"chamber":{"showAs":"Dail","uri":"https:\/\/data.oireachtas.ie\/ie\/oireachtas\/def\/dail"},"date":"2026-06-23","formats":{"pdf":{"uri":"https:\/\/data.oireachtas.ie\/ie\/oireachtas\/bill\/2026\/52\/dail\/3\/amendment\/numberedList\/eng\/b5226d-dcnl.pdf"},"xml":null},"showAs":"Numbered List [D\u00e1il]","stage":{"showAs":"Committee Stage","uri":"https:\/\/data.oireachtas.ie\/ie\/oireachtas\/bill\/2026\/52\/dail\/3"},"stageNo":"3"}}],"billNo":"52","billType":"Public","billTypeURI":"https:\/\/data.oireachtas.ie\/ie\/oireachtas\/def\/bill-type\/public","billYear":"2026","debates":[{"chamber":{"showAs":"Select Committee on Transport","uri":"https:\/\/data.oireachtas.ie\/ie\/oireachtas\/def\/committee"},"date":"2026-06-24","debateSectionId":"dbsect_5","showAs":"Dublin Transport Authority (Amendment) Bill 2026: Committee Stage","uri":"https:\/\/data.oireachtas.ie\/akn\/ie\/debateRecord\/select_committee_on_transport\/2026-06-24\/debate\/main"},{"chamber":{"showAs":"D\u00e1il \u00c9ireann","uri":"https:\/\/data.oireachtas.ie\/ie\/oireachtas\/def\/house\/dail"},"date":"2026-05-26","debateSectionId":"dbsect_18","showAs":"Dublin Transport Authority (Amendment) Bill 2026: Second Stage","uri":"https:\/\/data.oireachtas.ie\/akn\/ie\/debateRecord\/dail\/2026-05-26\/debate\/main"},{"chamber":{"showAs":"D\u00e1il \u00c9ireann","uri":"https:\/\/data.oireachtas.ie\/ie\/oireachtas\/def\/house\/dail"},"date":"2026-05-26","debateSectionId":"dbsect_19","showAs":"Dublin Transport Authority (Amendment) Bill 2026: Referral to Select Committee","uri":"https:\/\/data.oireachtas.ie\/akn\/ie\/debateRecord\/dail\/2026-05-26\/debate\/main"}],"events":[{"event":{"chamber":{"chamberCode":"dail","showAs":"D\u00e1il \u00c9ireann","uri":"https:\/\/data.oireachtas.ie\/ie\/oireachtas\/def\/house\/dail"},"dates":[{"date":"2026-05-15"}],"eventURI":"https:\/\/data.oireachtas.ie\/ie\/oireachtas\/def\/bill-event\/published","showAs":"Published","uri":"https:\/\/data.oireachtas.ie\/ie\/oireachtas\/bill\/2026\/52\/published"}}],"lastUpdated":"2026-06-25T09:07:01.610000+00:00","longTitleEn":"<p>Bill entitled an Act to amend the Dublin Transport Authority Act 2008 to enable the National Transport Authority to provide additional public transport infrastructure in the State; and to provide for related matters.<\/p>","longTitleGa":"<p>Bille d\u00e1 ngairtear Acht do leas\u00fa an Achta um \u00dadar\u00e1s Iompair Bhaile \u00c1tha Cliath, 2008 chun a chumas\u00fa don \u00dadar\u00e1s N\u00e1isi\u00fanta Iompair bonneagar iompair phoibl\u00ed breise a shol\u00e1thar sa St\u00e1t; agus do dh\u00e9anamh socr\u00fa i dtaobh nithe gaolmhara.<\/p>","method":"Presented","methodURI":"https:\/\/data.oireachtas.ie\/ie\/oireachtas\/def\/bill-method\/presented","mostRecentStage":{"event":{"chamber":{"chamberCode":"dail","showAs":"D\u00e1il \u00c9ireann","uri":"https:\/\/data.oireachtas.ie\/ie\/oireachtas\/def\/house\/dail"},"dates":[{"date":"2026-05-26"}],"house":{"chamberCode":"dail","chamberType":"house","houseCode":"dail","houseNo":"34","showAs":"34th D\u00e1il","uri":"https:\/\/data.oireachtas.ie\/ie\/oireachtas\/house\/dail\/34"},"progressStage":3,"showAs":"Committee Stage","stageCompleted":true,"stageOutcome":null,"stageURI":"https:\/\/data.oireachtas.ie\/ie\/oireachtas\/def\/bill-stage\/3","uri":"https:\/\/data.oireachtas.ie\/ie\/oireachtas\/bill\/2026\/52\/stage\/dail\/3"}},"originHouse":{"showAs":"D\u00e1il \u00c9ireann","uri":"https:\/\/data.oireachtas.ie\/ie\/oireachtas\/def\/house\/dail"},"originHouseURI":"https:\/\/data.oireachtas.ie\/ie\/oireachtas\/def\/house\/dail","relatedDocs":[{"relatedDoc":{"date":"2026-05-22","docType":"gluais","formats":{"pdf":{"uri":"https:\/\/data.oireachtas.ie\/ie\/oireachtas\/bill\/2026\/52\/mul\/gluais\/gluais-16-2026-an-bille-um-udaras-iompair-bhaile-atha-cliath-leasu-2026.pdf"},"xml":null},"lang":"mul","showAs":"Glossary\/Gluais","uri":"https:\/\/data.oireachtas.ie\/ie\/oireachtas\/bill\/2026\/52\/mul\/gluais"}},{"relatedDoc":{"date":"2026-05-15","docType":"memo","formats":{"pdf":{"uri":"https:\/\/data.oireachtas.ie\/ie\/oireachtas\/bill\/2026\/52\/eng\/memo\/b5226d-memo.pdf"},"xml":null},"lang":"eng","showAs":"Explanatory Memorandum","uri":"https:\/\/data.oireachtas.ie\/ie\/oireachtas\/bill\/2026\/52\/eng\/memo"}}],"shortTitleEn":"Dublin Transport Authority (Amendment) Bill 2026","shortTitleGa":"An Bille um \u00dadar\u00e1s Iompair Bhaile \u00c1tha Cliath (Leas\u00fa), 2026","source":"Government","sourceURI":"https:\/\/data.oireachtas.ie\/ie\/oireachtas\/def\/bill-source\/government","sponsors":[{"sponsor":{"isPrimary":true,"as":{"showAs":"Minister for Transport","uri":null},"by":{"showAs":null,"uri":null}}}],"stages":[{"event":{"chamber":{"chamberCode":"dail","showAs":"D\u00e1il \u00c9ireann","uri":"https:\/\/data.oireachtas.ie\/ie\/oireachtas\/def\/house\/dail"},"dates":[{"date":"2026-05-15"},{"date":"2026-05-26"}],"house":{"chamberCode":"dail","chamberType":"house","houseCode":"dail","houseNo":"34","showAs":"34th D\u00e1il","uri":"https:\/\/data.oireachtas.ie\/ie\/oireachtas\/house\/dail\/34"},"progressStage":1,"showAs":"First Stage","stageCompleted":true,"stageOutcome":null,"stageURI":"https:\/\/data.oireachtas.ie\/ie\/oireachtas\/def\/bill-stage\/1","uri":"https:\/\/data.oireachtas.ie\/ie\/oireachtas\/bill\/2026\/52\/stage\/dail\/1"}},{"event":{"chamber":{"chamberCode":"dail","showAs":"D\u00e1il \u00c9ireann","uri":"https:\/\/data.oireachtas.ie\/ie\/oireachtas\/def\/house\/dail"},"dates":[{"date":"2026-05-26"}],"house":{"chamberCode":"dail","chamberType":"house","houseCode":"dail","houseNo":"34","showAs":"34th D\u00e1il","uri":"https:\/\/data.oireachtas.ie\/ie\/oireachtas\/house\/dail\/34"},"progressStage":2,"showAs":"Second Stage","stageCompleted":true,"stageOutcome":null,"stageURI":"https:\/\/data.oireachtas.ie\/ie\/oireachtas\/def\/bill-stage\/2","uri":"https:\/\/data.oireachtas.ie\/ie\/oireachtas\/bill\/2026\/52\/stage\/dail\/2"}},{"event":{"chamber":{"chamberCode":"dail","showAs":"D\u00e1il \u00c9ireann","uri":"https:\/\/data.oireachtas.ie\/ie\/oireachtas\/def\/house\/dail"},"dates":[{"date":"2026-05-26"}],"house":{"chamberCode":"dail","chamberType":"house","houseCode":"dail","houseNo":"34","showAs":"34th D\u00e1il","uri":"https:\/\/data.oireachtas.ie\/ie\/oireachtas\/house\/dail\/34"},"progressStage":3,"showAs":"Committee Stage","stageCompleted":true,"stageOutcome":null,"stageURI":"https:\/\/data.oireachtas.ie\/ie\/oireachtas\/def\/bill-stage\/3","uri":"https:\/\/data.oireachtas.ie\/ie\/oireachtas\/bill\/2026\/52\/stage\/dail\/3"}}],"status":"Current","statusURI":"https:\/\/data.oireachtas.ie\/ie\/oireachtas\/def\/bill-status\/published","uri":"https:\/\/data.oireachtas.ie\/ie\/oireachtas\/bill\/2026\/52","versions":[{"version":{"lang":"eng","docType":"bill","showAs":"As Initiated","date":"2026-05-15","formats":{"pdf":{"uri":"https:\/\/data.oireachtas.ie\/ie\/oireachtas\/bill\/2026\/52\/eng\/initiated\/b5226d.pdf"},"xml":null},"uri":"https:\/\/data.oireachtas.ie\/ie\/oireachtas\/bill\/2026\/52\/eng\/initiated"}}]},"contextDate":"2026-05-26","billSort":{"actNoSort":null,"actShortTitleEnSort":null,"actShortTitleGaSort":null,"actYearSort":null,"billNoSort":52,"billShortTitleEnSort":"dublin-transport-authority-amendment-bill-2026","billShortTitleGaSort":"an-bille-um-udaras-iompair-bhaile-atha-cliath-leasu-2026","billYearSort":2026}},{"bill":{"act":{"actNo":"24","actYear":"2026","dateSigned":"2026-07-15","longTitleEn":"<p>Act to provide for the imposition, repeal, remission, alteration and regulation of taxation, and of duties relating to excise and otherwise to make further provision in connection with finance.<\/p>","longTitleGa":"<p>Acht do dh\u00e9anamh socr\u00fa maidir le forchur, aisghairm, loghadh, athr\u00fa agus rial\u00e1il c\u00e1nachais, agus dleachtanna a bhaineann le m\u00e1l agus do dh\u00e9anamh socr\u00fa breise thairis sin i dtaobh airgeadais.<\/p>","shortTitleEn":"Finance Act 2026","shortTitleGa":"An tAcht Airgeadais, 2026","statutebookURI":"http:\/\/www.irishstatutebook.ie\/eli\/2026\/act\/24","uri":"https:\/\/data.oireachtas.ie\/ie\/oireachtas\/act\/2026\/24"},"amendmentLists":[{"amendmentList":{"amendmentTypeUri":{"uri":"https:\/\/data.oireachtas.ie\/ie\/oireachtas\/def\/amendment-type\/numberedList"},"chamber":{"showAs":"Seanad","uri":"https:\/\/data.oireachtas.ie\/ie\/oireachtas\/def\/seanad"},"date":"2026-07-08","formats":{"pdf":{"uri":"https:\/\/data.oireachtas.ie\/ie\/oireachtas\/bill\/2026\/51\/seanad\/6\/amendment\/numberedList\/eng\/b5126d-1st-addtnl-amdts-to-amdts.pdf"},"xml":null},"showAs":"1st Additional List of Amendments [D\u00e1il]","stage":{"showAs":"Cream List","uri":"https:\/\/data.oireachtas.ie\/ie\/oireachtas\/bill\/2026\/51\/seanad\/6"},"stageNo":"6"}},{"amendmentList":{"amendmentTypeUri":{"uri":"https:\/\/data.oireachtas.ie\/ie\/oireachtas\/def\/amendment-type\/creamList"},"chamber":{"showAs":"Seanad","uri":"https:\/\/data.oireachtas.ie\/ie\/oireachtas\/def\/seanad"},"date":"2026-07-08","formats":{"pdf":{"uri":"https:\/\/data.oireachtas.ie\/ie\/oireachtas\/bill\/2026\/51\/seanad\/6\/amendment\/creamList\/eng\/b5126d-cl.pdf"},"xml":null},"showAs":"Cream List [Seanad amendments to D\u00e1il Bill]","stage":{"showAs":"Cream List","uri":"https:\/\/data.oireachtas.ie\/ie\/oireachtas\/bill\/2026\/51\/seanad\/6"},"stageNo":"6"}},{"amendmentList":{"amendmentTypeUri":{"uri":"https:\/\/data.oireachtas.ie\/ie\/oireachtas\/def\/amendment-type\/numberedList"},"chamber":{"showAs":"Seanad","uri":"https:\/\/data.oireachtas.ie\/ie\/oireachtas\/def\/seanad"},"date":"2026-07-07","formats":{"pdf":{"uri":"https:\/\/data.oireachtas.ie\/ie\/oireachtas\/bill\/2026\/51\/seanad\/3\/amendment\/numberedList\/eng\/b5126d-scnl.pdf"},"xml":null},"showAs":"Numbered List [Seanad]","stage":{"showAs":"Committee Stage","uri":"https:\/\/data.oireachtas.ie\/ie\/oireachtas\/bill\/2026\/51\/seanad\/3"},"stageNo":"3"}},{"amendmentList":{"amendmentTypeUri":{"uri":"https:\/\/data.oireachtas.ie\/ie\/oireachtas\/def\/amendment-type\/numberedList"},"chamber":{"showAs":"Dail","uri":"https:\/\/data.oireachtas.ie\/ie\/oireachtas\/def\/dail"},"date":"2026-06-16","formats":{"pdf":{"uri":"https:\/\/data.oireachtas.ie\/ie\/oireachtas\/bill\/2026\/51\/dail\/3\/amendment\/numberedList\/eng\/b5126d-dcnl.pdf"},"xml":null},"showAs":"Numbered List [D\u00e1il]","stage":{"showAs":"Committee Stage","uri":"https:\/\/data.oireachtas.ie\/ie\/oireachtas\/bill\/2026\/51\/dail\/3"},"stageNo":"3"}}],"billNo":"51","billType":"Public","billTypeURI":"https:\/\/data.oireachtas.ie\/ie\/oireachtas\/def\/bill-type\/public","billYear":"2026","debates":[{"chamber":{"showAs":"D\u00e1il \u00c9ireann","uri":"https:\/\/data.oireachtas.ie\/ie\/oireachtas\/def\/house\/dail"},"date":"2026-07-08","debateSectionId":"dbsect_16","showAs":"Finance Bill 2026: From the Seanad","uri":"https:\/\/data.oireachtas.ie\/akn\/ie\/debateRecord\/dail\/2026-07-08\/debate\/main"},{"chamber":{"showAs":"Seanad \u00c9ireann","uri":"https:\/\/data.oireachtas.ie\/ie\/oireachtas\/def\/house\/seanad"},"date":"2026-07-07","debateSectionId":"dbsect_15","showAs":"Finance Bill 2026 [Certified Money Bill]: Committee and Remaining Stages","uri":"https:\/\/data.oireachtas.ie\/akn\/ie\/debateRecord\/seanad\/2026-07-07\/debate\/main"},{"chamber":{"showAs":"Seanad \u00c9ireann","uri":"https:\/\/data.oireachtas.ie\/ie\/oireachtas\/def\/house\/seanad"},"date":"2026-07-02","debateSectionId":"dbsect_12","showAs":"Finance Bill 2026: Second Stage","uri":"https:\/\/data.oireachtas.ie\/akn\/ie\/debateRecord\/seanad\/2026-07-02\/debate\/main"},{"chamber":{"showAs":"D\u00e1il \u00c9ireann","uri":"https:\/\/data.oireachtas.ie\/ie\/oireachtas\/def\/house\/dail"},"date":"2026-06-17","debateSectionId":"dbsect_36","showAs":"Finance Bill 2026: Committee and Remaining Stages","uri":"https:\/\/data.oireachtas.ie\/akn\/ie\/debateRecord\/dail\/2026-06-17\/debate\/main"},{"chamber":{"showAs":"D\u00e1il \u00c9ireann","uri":"https:\/\/data.oireachtas.ie\/ie\/oireachtas\/def\/house\/dail"},"date":"2026-06-09","debateSectionId":"dbsect_16","showAs":"Finance Bill 2026: Second Stage","uri":"https:\/\/data.oireachtas.ie\/akn\/ie\/debateRecord\/dail\/2026-06-09\/debate\/main"},{"chamber":{"showAs":"D\u00e1il \u00c9ireann","uri":"https:\/\/data.oireachtas.ie\/ie\/oireachtas\/def\/house\/dail"},"date":"2026-06-09","debateSectionId":"dbsect_17","showAs":"Finance Bill 2026: Referral to Select Committee","uri":"https:\/\/data.oireachtas.ie\/akn\/ie\/debateRecord\/dail\/2026-06-09\/debate\/main"}],"events":[{"event":{"chamber":{"chamberCode":"dail","showAs":"D\u00e1il \u00c9ireann","uri":"https:\/\/data.oireachtas.ie\/ie\/oireachtas\/def\/house\/dail"},"dates":[{"date":"2026-05-14"},{"date":"2026-07-15"}],"eventURI":"https:\/\/data.oireachtas.ie\/ie\/oireachtas\/def\/bill-event\/published","showAs":"Published","uri":"https:\/\/data.oireachtas.ie\/ie\/oireachtas\/bill\/2026\/51\/published"}},{"event":{"chamber":null,"dates":[{"date":"2026-07-15"}],"eventURI":"https:\/\/data.oireachtas.ie\/ie\/oireachtas\/def\/bill-event\/enacted","showAs":"Enacted","uri":"https:\/\/data.oireachtas.ie\/ie\/oireachtas\/bill\/2026\/51\/enacted"}}],"lastUpdated":"2026-07-22T11:01:11.970000+00:00","longTitleEn":"<p>Bill entitled an Act to provide for the imposition, repeal, remission, alteration and regulation of taxation, and of duties relating to excise and otherwise to make further provision in connection with finance.<\/p>","longTitleGa":"<p>Bille d\u00e1 ngairtear Acht do dh\u00e9anamh socr\u00fa maidir le forchur, aisghairm, loghadh, athr\u00fa agus rial\u00e1il c\u00e1nachais, agus dleachtanna a bhaineann le m\u00e1l agus do dh\u00e9anamh socr\u00fa breise thairis sin i dtaobh airgeadais.<\/p>","method":"Presented","methodURI":"https:\/\/data.oireachtas.ie\/ie\/oireachtas\/def\/bill-method\/presented","mostRecentStage":{"event":{"chamber":null,"dates":[{"date":"2026-07-15"}],"house":null,"progressStage":11,"showAs":"Enacted","stageCompleted":true,"stageOutcome":"Enacted","stageURI":"https:\/\/data.oireachtas.ie\/ie\/oireachtas\/def\/bill-stage\/enacted","uri":"https:\/\/data.oireachtas.ie\/ie\/oireachtas\/bill\/2026\/51\/stage\/oireachtas\/enacted"}},"originHouse":{"showAs":"D\u00e1il \u00c9ireann","uri":"https:\/\/data.oireachtas.ie\/ie\/oireachtas\/def\/house\/dail"},"originHouseURI":"https:\/\/data.oireachtas.ie\/ie\/oireachtas\/def\/house\/dail","relatedDocs":[{"relatedDoc":{"date":"2026-06-04","docType":"gluais","formats":{"pdf":{"uri":"https:\/\/data.oireachtas.ie\/ie\/oireachtas\/bill\/2026\/51\/mul\/gluais\/gluais-18-2026-an-bille-airgeadais-2026.pdf"},"xml":null},"lang":"mul","showAs":"Glossary\/Gluais","uri":"https:\/\/data.oireachtas.ie\/ie\/oireachtas\/bill\/2026\/51\/mul\/gluais"}},{"relatedDoc":{"date":"2026-05-14","docType":"memo","formats":{"pdf":{"uri":"https:\/\/data.oireachtas.ie\/ie\/oireachtas\/bill\/2026\/51\/eng\/memo\/b5126d-memo.pdf"},"xml":null},"lang":"eng","showAs":"Explanatory Memorandum","uri":"https:\/\/data.oireachtas.ie\/ie\/oireachtas\/bill\/2026\/51\/eng\/memo"}}],"shortTitleEn":"Finance Bill 2026","shortTitleGa":"An Bille Airgeadais, 2026","source":"Government","sourceURI":"https:\/\/data.oireachtas.ie\/ie\/oireachtas\/def\/bill-source\/government","sponsors":[{"sponsor":{"isPrimary":true,"as":{"showAs":"Minister for Finance","uri":null},"by":{"showAs":null,"uri":null}}}],"stages":[{"event":{"chamber":{"chamberCode":"dail","showAs":"D\u00e1il \u00c9ireann","uri":"https:\/\/data.oireachtas.ie\/ie\/oireachtas\/def\/house\/dail"},"dates":[{"date":"2026-05-14"},{"date":"2026-05-14"}],"house":{"chamberCode":"dail","chamberType":"house","houseCode":"dail","houseNo":"34","showAs":"34th D\u00e1il","uri":"https:\/\/data.oireachtas.ie\/ie\/oireachtas\/house\/dail\/34"},"progressStage":1,"showAs":"First Stage","stageCompleted":true,"stageOutcome":null,"stageURI":"https:\/\/data.oireachtas.ie\/ie\/oireachtas\/def\/bill-stage\/1","uri":"https:\/\/data.oireachtas.ie\/ie\/oireachtas\/bill\/2026\/51\/stage\/dail\/1"}},{"event":{"chamber":{"chamberCode":"dail","showAs":"D\u00e1il \u00c9ireann","uri":"https:\/\/data.oireachtas.ie\/ie\/oireachtas\/def\/house\/dail"},"dates":[{"date":"2026-05-14"}],"house":{"chamberCode":"dail","chamberType":"house","houseCode":"dail","houseNo":"34","showAs":"34th D\u00e1il","uri":"https:\/\/data.oireachtas.ie\/ie\/oireachtas\/house\/dail\/34"},"progressStage":2,"showAs":"Second Stage","stageCompleted":true,"stageOutcome":null,"stageURI":"https:\/\/data.oireachtas.ie\/ie\/oireachtas\/def\/bill-stage\/2","uri":"https:\/\/data.oireachtas.ie\/ie\/oireachtas\/bill\/2026\/51\/stage\/dail\/2"}},{"event":{"chamber":{"chamberCode":"dail","showAs":"D\u00e1il \u00c9ireann","uri":"https:\/\/data.oireachtas.ie\/ie\/oireachtas\/def\/house\/dail"},"dates":[{"date":"2026-06-10"}],"house":{"chamberCode":"dail","chamberType":"house","houseCode":"dail","houseNo":"34","showAs":"34th D\u00e1il","uri":"https:\/\/data.oireachtas.ie\/ie\/oireachtas\/house\/dail\/34"},"progressStage":3,"showAs":"Committee Stage","stageCompleted":true,"stageOutcome":null,"stageURI":"https:\/\/data.oireachtas.ie\/ie\/oireachtas\/def\/bill-stage\/3","uri":"https:\/\/data.oireachtas.ie\/ie\/oireachtas\/bill\/2026\/51\/stage\/dail\/3"}},{"event":{"chamber":{"chamberCode":"dail","showAs":"D\u00e1il \u00c9ireann","uri":"https:\/\/data.oireachtas.ie\/ie\/oireachtas\/def\/house\/dail"},"dates":[{"date":"2026-06-17"}],"house":{"chamberCode":"dail","chamberType":"house","houseCode":"dail","houseNo":"34","showAs":"34th D\u00e1il","uri":"https:\/\/data.oireachtas.ie\/ie\/oireachtas\/house\/dail\/34"},"progressStage":4,"showAs":"Report Stage","stageCompleted":true,"stageOutcome":null,"stageURI":"https:\/\/data.oireachtas.ie\/ie\/oireachtas\/def\/bill-stage\/4","uri":"https:\/\/data.oireachtas.ie\/ie\/oireachtas\/bill\/2026\/51\/stage\/dail\/4"}},{"event":{"chamber":{"chamberCode":"dail","showAs":"D\u00e1il \u00c9ireann","uri":"https:\/\/data.oireachtas.ie\/ie\/oireachtas\/def\/house\/dail"},"dates":[{"date":"2026-06-17"}],"house":{"chamberCode":"dail","chamberType":"house","houseCode":"dail","houseNo":"34","showAs":"34th D\u00e1il","uri":"https:\/\/data.oireachtas.ie\/ie\/oireachtas\/house\/dail\/34"},"progressStage":5,"showAs":"Fifth Stage","stageCompleted":true,"stageOutcome":null,"stageURI":"https:\/\/data.oireachtas.ie\/ie\/oireachtas\/def\/bill-stage\/5","uri":"https:\/\/data.oireachtas.ie\/ie\/oireachtas\/bill\/2026\/51\/stage\/dail\/5"}},{"event":{"chamber":{"chamberCode":"seanad","showAs":"Seanad \u00c9ireann","uri":"https:\/\/data.oireachtas.ie\/ie\/oireachtas\/def\/house\/seanad"},"dates":[{"date":"2026-07-02"}],"house":{"chamberCode":"seanad","chamberType":"house","houseCode":"seanad","houseNo":"27","showAs":"27th Seanad","uri":"https:\/\/data.oireachtas.ie\/ie\/oireachtas\/house\/seanad\/27"},"progressStage":6,"showAs":"Second Stage","stageCompleted":true,"stageOutcome":null,"stageURI":"https:\/\/data.oireachtas.ie\/ie\/oireachtas\/def\/bill-stage\/2","uri":"https:\/\/data.oireachtas.ie\/ie\/oireachtas\/bill\/2026\/51\/stage\/seanad\/2"}},{"event":{"chamber":{"chamberCode":"seanad","showAs":"Seanad \u00c9ireann","uri":"https:\/\/data.oireachtas.ie\/ie\/oireachtas\/def\/house\/seanad"},"dates":[{"date":"2026-07-02"}],"house":{"chamberCode":"seanad","chamberType":"house","houseCode":"seanad","houseNo":"27","showAs":"27th Seanad","uri":"https:\/\/data.oireachtas.ie\/ie\/oireachtas\/house\/seanad\/27"},"progressStage":7,"showAs":"Committee Stage","stageCompleted":true,"stageOutcome":null,"stageURI":"https:\/\/data.oireachtas.ie\/ie\/oireachtas\/def\/bill-stage\/3","uri":"https:\/\/data.oireachtas.ie\/ie\/oireachtas\/bill\/2026\/51\/stage\/seanad\/3"}},{"event":{"chamber":{"chamberCode":"seanad","showAs":"Seanad \u00c9ireann","uri":"https:\/\/data.oireachtas.ie\/ie\/oireachtas\/def\/house\/seanad"},"dates":[{"date":"2026-07-07"}],"house":{"chamberCode":"seanad","chamberType":"house","houseCode":"seanad","houseNo":"27","showAs":"27th Seanad","uri":"https:\/\/data.oireachtas.ie\/ie\/oireachtas\/house\/seanad\/27"},"progressStage":8,"showAs":"Report Stage","stageCompleted":true,"stageOutcome":null,"stageURI":"https:\/\/data.oireachtas.ie\/ie\/oireachtas\/def\/bill-stage\/4","uri":"https:\/\/data.oireachtas.ie\/ie\/oireachtas\/bill\/2026\/51\/stage\/seanad\/4"}},{"event":{"chamber":{"chamberCode":"seanad","showAs":"Seanad \u00c9ireann","uri":"https:\/\/data.oireachtas.ie\/ie\/oireachtas\/def\/house\/seanad"},"dates":[{"date":"2026-07-07"}],"house":{"chamberCode":"seanad","chamberType":"house","houseCode":"seanad","houseNo":"27","showAs":"27th Seanad","uri":"https:\/\/data.oireachtas.ie\/ie\/oireachtas\/house\/seanad\/27"},"progressStage":9,"showAs":"Fifth Stage","stageCompleted":true,"stageOutcome":null,"stageURI":"https:\/\/data.oireachtas.ie\/ie\/oireachtas\/def\/bill-stage\/5","uri":"https:\/\/data.oireachtas.ie\/ie\/oireachtas\/bill\/2026\/51\/stage\/seanad\/5"}},{"event":{"chamber":{"chamberCode":"dail","showAs":"D\u00e1il \u00c9ireann","uri":"https:\/\/data.oireachtas.ie\/ie\/oireachtas\/def\/house\/dail"},"dates":[{"date":"2026-07-08"}],"house":{"chamberCode":"dail","chamberType":"house","houseCode":"dail","houseNo":"34","showAs":"34th D\u00e1il","uri":"https:\/\/data.oireachtas.ie\/ie\/oireachtas\/house\/dail\/34"},"progressStage":10,"showAs":"Cream List","stageCompleted":true,"stageOutcome":null,"stageURI":"https:\/\/data.oireachtas.ie\/ie\/oireachtas\/def\/bill-stage\/6","uri":"https:\/\/data.oireachtas.ie\/ie\/oireachtas\/bill\/2026\/51\/stage\/dail\/6"}},{"event":{"chamber":null,"dates":[{"date":"2026-07-15"}],"house":null,"progressStage":11,"showAs":"Enacted","stageCompleted":true,"stageOutcome":"Enacted","stageURI":"https:\/\/data.oireachtas.ie\/ie\/oireachtas\/def\/bill-stage\/enacted","uri":"https:\/\/data.oireachtas.ie\/ie\/oireachtas\/bill\/2026\/51\/stage\/oireachtas\/enacted"}}],"status":"Enacted","statusURI":"https:\/\/data.oireachtas.ie\/ie\/oireachtas\/def\/bill-status\/enacted","uri":"https:\/\/data.oireachtas.ie\/ie\/oireachtas\/bill\/2026\/51","versions":[{"version":{"lang":"eng","docType":"act","showAs":"Finance Act 2026","date":"2026-07-15","formats":{"pdf":{"uri":"https:\/\/data.oireachtas.ie\/ie\/oireachtas\/act\/2026\/24\/eng\/enacted\/a2426.pdf"},"xml":null},"uri":"https:\/\/data.oireachtas.ie\/ie\/oireachtas\/act\/2026\/24\/eng\/enacted"}},{"version":{"lang":"eng","docType":"bill","showAs":"As Initiated","date":"2026-05-14","formats":{"pdf":{"uri":"https:\/\/data.oireachtas.ie\/ie\/oireachtas\/bill\/2026\/51\/eng\/initiated\/b5126d.pdf"},"xml":null},"uri":"https:\/\/data.oireachtas.ie\/ie\/oireachtas\/bill\/2026\/51\/eng\/initiated"}}]},"contextDate":"2026-07-15","billSort":{"actNoSort":24,"actShortTitleEnSort":"finance-act-2026","actShortTitleGaSort":"an-tacht-airgeadais-2026","actYearSort":2026,"billNoSort":51,"billShortTitleEnSort":"finance-bill-2026","billShortTitleGaSort":"an-bille-airgeadais-2026","billYearSort":2026}},{"bill":{"act":null,"amendmentLists":[],"billNo":"50","billType":"Public","billTypeURI":"https:\/\/data.oireachtas.ie\/ie\/oireachtas\/def\/bill-type\/public","billYear":"2026","debates":[{"chamber":{"showAs":"D\u00e1il \u00c9ireann","uri":"https:\/\/data.oireachtas.ie\/ie\/oireachtas\/def\/house\/dail"},"date":"2026-05-12","debateSectionId":"dbsect_10","showAs":"Comptroller and Auditor General (Due Diligence Complicity Audit) (Amendment) Bill 2026: First Stage","uri":"https:\/\/data.oireachtas.ie\/akn\/ie\/debateRecord\/dail\/2026-05-12\/debate\/main"}],"events":[{"event":{"chamber":{"chamberCode":"dail","showAs":"D\u00e1il \u00c9ireann","uri":"https:\/\/data.oireachtas.ie\/ie\/oireachtas\/def\/house\/dail"},"dates":[{"date":"2026-01-19"},{"date":"2026-01-19"},{"date":"2026-05-12"}],"eventURI":"https:\/\/data.oireachtas.ie\/ie\/oireachtas\/def\/bill-event\/admissibility-for-introduction","showAs":"Admissibility for Introduction","uri":"https:\/\/data.oireachtas.ie\/ie\/oireachtas\/bill\/2026\/50\/admissibility-for-introduction"}}],"lastUpdated":"2026-05-13T09:22:23.120000+00:00","longTitleEn":"<p>Bill entitled an Act to amend the Comptroller and Au<span style=\"color:hsl(0,0%,0%);\">ditor General (Amendment) Act <\/span>1993 to require the Comptroller and Auditor General to conduct a due diligence review of the State\u2019s relations with Israel in line with the legal analysis and recommendations of the United Nations Independent International Commission of Inquiry on the Occupied Palestinian Territory, including East Jerusalem, and Israel on implementation of the Advisory Opinion of the International Court of Justice on the Legal Consequences arising from the Policies and Practices of Israel in the Occupied Palestinian Territory, including East Jerusalem.<\/p>","longTitleGa":"<p>Bille d\u00e1 ngairtear Acht do leas\u00fa Acht an Ard-Reachtaire Cuntas agus Ciste (Leas\u00fa), 1993 chun a cheangal ar an Ard-Reachtaire Cuntas agus Ciste athbhreithni\u00fa d\u00edchill cu\u00ed a dh\u00e9anamh ar chaidreamh an St\u00e1it le hIosrael de r\u00e9ir anail\u00eds dhl\u00edthi\u00fail agus mholta\u00ed Choimisi\u00fan Fiosr\u00fach\u00e1in Idirn\u00e1isi\u00fanta Neamhsple\u00e1ch na N\u00e1isi\u00fan Aontaithe maidir leis an gCr\u00edoch Phalaist\u00edneach faoi Fhorghabh\u00e1il, lena n-\u00e1ir\u00edtear Iar\u00fasail\u00e9im Thoir, agus Iosrael maidir le cur i ngn\u00edomh Thuairim Chomhairleach na C\u00fairte Breithi\u00fanais Idirn\u00e1isi\u00fanta maidir leis na hIarmhairt\u00ed Dl\u00ed a d\u2019eascair as Beartais agus Cleachtais Iosrael sa Chr\u00edoch Phalaist\u00edneach faoi Fhorghabh\u00e1il, lena n-\u00e1ir\u00edtear Iar\u00fasail\u00e9im Thoir.<\/p>","method":"Introduced","methodURI":"https:\/\/data.oireachtas.ie\/ie\/oireachtas\/def\/bill-method\/introduced","mostRecentStage":{"event":{"chamber":{"chamberCode":"dail","showAs":"D\u00e1il \u00c9ireann","uri":"https:\/\/data.oireachtas.ie\/ie\/oireachtas\/def\/house\/dail"},"dates":[{"date":"2026-05-12"}],"house":{"chamberCode":"dail","chamberType":"house","houseCode":"dail","houseNo":"34","showAs":"34th D\u00e1il","uri":"https:\/\/data.oireachtas.ie\/ie\/oireachtas\/house\/dail\/34"},"progressStage":2,"showAs":"Second Stage","stageCompleted":false,"stageOutcome":"Current","stageURI":"https:\/\/data.oireachtas.ie\/ie\/oireachtas\/def\/bill-stage\/2","uri":"https:\/\/data.oireachtas.ie\/ie\/oireachtas\/bill\/2026\/50\/stage\/dail\/2"}},"originHouse":{"showAs":"D\u00e1il \u00c9ireann","uri":"https:\/\/data.oireachtas.ie\/ie\/oireachtas\/def\/house\/dail"},"originHouseURI":"https:\/\/data.oireachtas.ie\/ie\/oireachtas\/def\/house\/dail","relatedDocs":[{"relatedDoc":{"date":"2026-05-12","docType":"memo","formats":{"pdf":{"uri":"https:\/\/data.oireachtas.ie\/ie\/oireachtas\/bill\/2026\/50\/eng\/memo\/b5026d-memo.pdf"},"xml":null},"lang":"eng","showAs":"Explanatory Memorandum","uri":"https:\/\/data.oireachtas.ie\/ie\/oireachtas\/bill\/2026\/50\/eng\/memo"}}],"shortTitleEn":"Comptroller and Auditor General (Due Diligence Complicity Audit) (Amendment) Bill 2026","shortTitleGa":"Bille an Ard-Reachtaire Cuntas agus Ciste (Ini\u00fachadh Comhph\u00e1irteachais D\u00edchill Chu\u00ed) (Leas\u00fa), 2026","source":"Private Member","sourceURI":"https:\/\/data.oireachtas.ie\/ie\/oireachtas\/def\/bill-source\/private-member","sponsors":[{"sponsor":{"isPrimary":true,"as":{"showAs":null,"uri":null},"by":{"showAs":"Aengus \u00d3 Snodaigh","uri":"https:\/\/data.oireachtas.ie\/ie\/oireachtas\/member\/id\/Aengus-\u00d3-Snodaigh.D.2002-06-06"}}},{"sponsor":{"isPrimary":false,"as":{"showAs":null,"uri":null},"by":{"showAs":"Donnchadh \u00d3 Laoghaire","uri":"https:\/\/data.oireachtas.ie\/ie\/oireachtas\/member\/id\/Donnchadh-\u00d3-Laoghaire.D.2016-10-03"}}},{"sponsor":{"isPrimary":false,"as":{"showAs":null,"uri":null},"by":{"showAs":"John Brady","uri":"https:\/\/data.oireachtas.ie\/ie\/oireachtas\/member\/id\/John-Brady.D.2016-10-03"}}},{"sponsor":{"isPrimary":false,"as":{"showAs":null,"uri":null},"by":{"showAs":"Sh\u00f3nagh N\u00ed Raghallaigh","uri":"https:\/\/data.oireachtas.ie\/ie\/oireachtas\/member\/id\/Sh\u00f3nagh-N\u00ed-Raghallaigh.D.2024-11-29"}}}],"stages":[{"event":{"chamber":{"chamberCode":"dail","showAs":"D\u00e1il \u00c9ireann","uri":"https:\/\/data.oireachtas.ie\/ie\/oireachtas\/def\/house\/dail"},"dates":[{"date":"2026-01-19"},{"date":"2026-01-19"},{"date":"2026-05-12"},{"date":"2026-05-12"}],"house":{"chamberCode":"dail","chamberType":"house","houseCode":"dail","houseNo":"34","showAs":"34th D\u00e1il","uri":"https:\/\/data.oireachtas.ie\/ie\/oireachtas\/house\/dail\/34"},"progressStage":1,"showAs":"First Stage","stageCompleted":true,"stageOutcome":null,"stageURI":"https:\/\/data.oireachtas.ie\/ie\/oireachtas\/def\/bill-stage\/1","uri":"https:\/\/data.oireachtas.ie\/ie\/oireachtas\/bill\/2026\/50\/stage\/dail\/1"}},{"event":{"chamber":{"chamberCode":"dail","showAs":"D\u00e1il \u00c9ireann","uri":"https:\/\/data.oireachtas.ie\/ie\/oireachtas\/def\/house\/dail"},"dates":[{"date":"2026-05-12"}],"house":{"chamberCode":"dail","chamberType":"house","houseCode":"dail","houseNo":"34","showAs":"34th D\u00e1il","uri":"https:\/\/data.oireachtas.ie\/ie\/oireachtas\/house\/dail\/34"},"progressStage":2,"showAs":"Second Stage","stageCompleted":false,"stageOutcome":"Current","stageURI":"https:\/\/data.oireachtas.ie\/ie\/oireachtas\/def\/bill-stage\/2","uri":"https:\/\/data.oireachtas.ie\/ie\/oireachtas\/bill\/2026\/50\/stage\/dail\/2"}}],"status":"Current","statusURI":"https:\/\/data.oireachtas.ie\/ie\/oireachtas\/def\/bill-status\/published","uri":"https:\/\/data.oireachtas.ie\/ie\/oireachtas\/bill\/2026\/50","versions":[{"version":{"lang":"eng","docType":"bill","showAs":"As Initiated","date":"2026-05-12","formats":{"pdf":{"uri":"https:\/\/data.oireachtas.ie\/ie\/oireachtas\/bill\/2026\/50\/eng\/initiated\/b5026d.pdf"},"xml":null},"uri":"https:\/\/data.oireachtas.ie\/ie\/oireachtas\/bill\/2026\/50\/eng\/initiated"}}]},"contextDate":"2026-05-12","billSort":{"actNoSort":null,"actShortTitleEnSort":null,"actShortTitleGaSort":null,"actYearSort":null,"billNoSort":50,"billShortTitleEnSort":"comptroller-and-auditor-general-due-diligence-complicity-audit-amendment-bill-2026","billShortTitleGaSort":"bille-an-ard-reachtaire-cuntas-agus-ciste-iniuchadh-comhphairteachais-dichill-chui-leasu-2026","billYearSort":2026}},{"bill":{"act":null,"amendmentLists":[],"billNo":"49","billType":"Public","billTypeURI":"https:\/\/data.oireachtas.ie\/ie\/oireachtas\/def\/bill-type\/public","billYear":"2026","debates":[{"chamber":{"showAs":"D\u00e1il \u00c9ireann","uri":"https:\/\/data.oireachtas.ie\/ie\/oireachtas\/def\/house\/dail"},"date":"2026-05-12","debateSectionId":"dbsect_9","showAs":"National Minimum Wage (Equal Pay for Apprentices and Young Workers) Bill 2026: First Stage","uri":"https:\/\/data.oireachtas.ie\/akn\/ie\/debateRecord\/dail\/2026-05-12\/debate\/main"}],"events":[{"event":{"chamber":{"chamberCode":"dail","showAs":"D\u00e1il \u00c9ireann","uri":"https:\/\/data.oireachtas.ie\/ie\/oireachtas\/def\/house\/dail"},"dates":[{"date":"2026-04-15"},{"date":"2026-05-05"},{"date":"2026-05-12"}],"eventURI":"https:\/\/data.oireachtas.ie\/ie\/oireachtas\/def\/bill-event\/admissibility-for-introduction","showAs":"Admissibility for Introduction","uri":"https:\/\/data.oireachtas.ie\/ie\/oireachtas\/bill\/2026\/49\/admissibility-for-introduction"}}],"lastUpdated":"2026-05-13T09:18:13.680000+00:00","longTitleEn":"<p>Bill entitled an Act to amend the National Minimum Wage Act 2000 to provide for apprentices and young workers to be paid at least the National Minimum Wage.<\/p>","longTitleGa":"<p>Bille d\u00e1 ngairtear Acht do leas\u00fa an Achta um P\u00e1 \u00cdosta N\u00e1isi\u00fanta, 2000 chun socr\u00fa a dh\u00e9anamh maidir leis an bP\u00e1 \u00cdosta N\u00e1isi\u00fanta, ar a laghad, a \u00edoc le print\u00edsigh agus le hoibrithe \u00f3ga.<\/p>","method":"Introduced","methodURI":"https:\/\/data.oireachtas.ie\/ie\/oireachtas\/def\/bill-method\/introduced","mostRecentStage":{"event":{"chamber":{"chamberCode":"dail","showAs":"D\u00e1il \u00c9ireann","uri":"https:\/\/data.oireachtas.ie\/ie\/oireachtas\/def\/house\/dail"},"dates":[{"date":"2026-05-12"}],"house":{"chamberCode":"dail","chamberType":"house","houseCode":"dail","houseNo":"34","showAs":"34th D\u00e1il","uri":"https:\/\/data.oireachtas.ie\/ie\/oireachtas\/house\/dail\/34"},"progressStage":2,"showAs":"Second Stage","stageCompleted":false,"stageOutcome":"Current","stageURI":"https:\/\/data.oireachtas.ie\/ie\/oireachtas\/def\/bill-stage\/2","uri":"https:\/\/data.oireachtas.ie\/ie\/oireachtas\/bill\/2026\/49\/stage\/dail\/2"}},"originHouse":{"showAs":"D\u00e1il \u00c9ireann","uri":"https:\/\/data.oireachtas.ie\/ie\/oireachtas\/def\/house\/dail"},"originHouseURI":"https:\/\/data.oireachtas.ie\/ie\/oireachtas\/def\/house\/dail","relatedDocs":[{"relatedDoc":{"date":"2026-05-12","docType":"memo","formats":{"pdf":{"uri":"https:\/\/data.oireachtas.ie\/ie\/oireachtas\/bill\/2026\/49\/eng\/memo\/b4926d-memo.pdf"},"xml":null},"lang":"eng","showAs":"Explanatory Memorandum","uri":"https:\/\/data.oireachtas.ie\/ie\/oireachtas\/bill\/2026\/49\/eng\/memo"}}],"shortTitleEn":"National Minimum Wage (Equal Pay for Apprentices and Young Workers) Bill 2026","shortTitleGa":"An Bille um P\u00e1 \u00cdosta N\u00e1isi\u00fanta (P\u00e1 Comhionann do Phrint\u00edsigh agus d\u2019Oibrithe \u00d3ga), 2026","source":"Private Member","sourceURI":"https:\/\/data.oireachtas.ie\/ie\/oireachtas\/def\/bill-source\/private-member","sponsors":[{"sponsor":{"isPrimary":true,"as":{"showAs":null,"uri":null},"by":{"showAs":"Paul Murphy","uri":"https:\/\/data.oireachtas.ie\/ie\/oireachtas\/member\/id\/Paul-Murphy.D.2014-10-10"}}},{"sponsor":{"isPrimary":false,"as":{"showAs":null,"uri":null},"by":{"showAs":"Ruth Coppinger","uri":"https:\/\/data.oireachtas.ie\/ie\/oireachtas\/member\/id\/Ruth-Coppinger.D.2014-05-23"}}},{"sponsor":{"isPrimary":false,"as":{"showAs":null,"uri":null},"by":{"showAs":"Richard Boyd Barrett","uri":"https:\/\/data.oireachtas.ie\/ie\/oireachtas\/member\/id\/Richard-Boyd-Barrett.D.2011-03-09"}}}],"stages":[{"event":{"chamber":{"chamberCode":"dail","showAs":"D\u00e1il \u00c9ireann","uri":"https:\/\/data.oireachtas.ie\/ie\/oireachtas\/def\/house\/dail"},"dates":[{"date":"2026-04-15"},{"date":"2026-05-05"},{"date":"2026-05-12"},{"date":"2026-05-12"}],"house":{"chamberCode":"dail","chamberType":"house","houseCode":"dail","houseNo":"34","showAs":"34th D\u00e1il","uri":"https:\/\/data.oireachtas.ie\/ie\/oireachtas\/house\/dail\/34"},"progressStage":1,"showAs":"First Stage","stageCompleted":true,"stageOutcome":null,"stageURI":"https:\/\/data.oireachtas.ie\/ie\/oireachtas\/def\/bill-stage\/1","uri":"https:\/\/data.oireachtas.ie\/ie\/oireachtas\/bill\/2026\/49\/stage\/dail\/1"}},{"event":{"chamber":{"chamberCode":"dail","showAs":"D\u00e1il \u00c9ireann","uri":"https:\/\/data.oireachtas.ie\/ie\/oireachtas\/def\/house\/dail"},"dates":[{"date":"2026-05-12"}],"house":{"chamberCode":"dail","chamberType":"house","houseCode":"dail","houseNo":"34","showAs":"34th D\u00e1il","uri":"https:\/\/data.oireachtas.ie\/ie\/oireachtas\/house\/dail\/34"},"progressStage":2,"showAs":"Second Stage","stageCompleted":false,"stageOutcome":"Current","stageURI":"https:\/\/data.oireachtas.ie\/ie\/oireachtas\/def\/bill-stage\/2","uri":"https:\/\/data.oireachtas.ie\/ie\/oireachtas\/bill\/2026\/49\/stage\/dail\/2"}}],"status":"Current","statusURI":"https:\/\/data.oireachtas.ie\/ie\/oireachtas\/def\/bill-status\/published","uri":"https:\/\/data.oireachtas.ie\/ie\/oireachtas\/bill\/2026\/49","versions":[{"version":{"lang":"eng","docType":"bill","showAs":"As Initiated","date":"2026-05-12","formats":{"pdf":{"uri":"https:\/\/data.oireachtas.ie\/ie\/oireachtas\/bill\/2026\/49\/eng\/initiated\/b4926d.pdf"},"xml":null},"uri":"https:\/\/data.oireachtas.ie\/ie\/oireachtas\/bill\/2026\/49\/eng\/initiated"}}]},"contextDate":"2026-05-12","billSort":{"actNoSort":null,"actShortTitleEnSort":null,"actShortTitleGaSort":null,"actYearSort":null,"billNoSort":49,"billShortTitleEnSort":"national-minimum-wage-equal-pay-for-apprentices-and-young-workers-bill-2026","billShortTitleGaSort":"an-bille-um-pa-iosta-naisiunta-pa-comhionann-do-phrintisigh-agus-doibrithe-oga-2026","billYearSort":2026}},{"bill":{"act":{"actNo":"22","actYear":"2026","dateSigned":"2026-07-15","longTitleEn":"<p>Act to provide for the dissolution of the National Asset Management Agency; to provide for the transfer to the National Treasury Management Agency of the assets, rights, liabilities, obligations, causes of action and entitlements of, or relating to, the National Asset Management Agency; to provide for the transfer to the National Treasury Management Agency or a subsidiary of it of certain assets, rights, liabilities, obligations and entitlements of, or relating to, the Irish Bank Resolution Corporation Limited; to provide for additional functions of the National Treasury Management Agency and certain subsidiaries of it; for those purposes to provide for the repeal of the National Asset Management Agency Act 2009 and to amend the Irish Bank Resolution Corporation Act 2013 and the National Treasury Management Agency (Amendment) Act 2014 and certain other enactments; and to provide for related matters.<\/p>","longTitleGa":"<p>Acht do dh\u00e9anamh socr\u00fa maidir leis an nGn\u00edomhaireacht N\u00e1isi\u00fanta um Bainist\u00edocht S\u00f3cmhainn\u00ed a dh\u00edscaoileadh; do dh\u00e9anamh socr\u00fa maidir leis na s\u00f3cmhainn\u00ed, na cearta, na dliteanais, na hoibleag\u00e1id\u00ed, na c\u00faiseanna caingne agus na teidl\u00edochta\u00ed de chuid na Gn\u00edomhaireachta N\u00e1isi\u00fanta um Bainist\u00edocht S\u00f3cmhainn\u00ed, n\u00f3 a bhaineann l\u00e9i, a aistri\u00fa chuig Gn\u00edomhaireacht Bainist\u00edochta an Chiste\u00e1in N\u00e1isi\u00fanta; do dh\u00e9anamh socr\u00fa maidir le s\u00f3cmhainn\u00ed, cearta, dliteanais, oibleag\u00e1id\u00ed agus teidl\u00edochta\u00ed \u00e1irithe de chuid Chorpar\u00e1id na h\u00c9ireann um R\u00e9iteach Bainc Teoranta, n\u00f3 a bhaineann l\u00e9i, a aistri\u00fa chuig Gn\u00edomhaireacht Bainist\u00edochta an Chiste\u00e1in N\u00e1isi\u00fanta n\u00f3 chuig fochuideachta d\u00e1 cuid; do dh\u00e9anamh socr\u00fa maidir le feidhmeanna breise a bheith ag Gn\u00edomhaireacht Bainist\u00edochta an Chiste\u00e1in N\u00e1isi\u00fanta agus ag fochuideachta\u00ed \u00e1irithe d\u00e1 cuid; chun na gcr\u00edoch sin, do dh\u00e9anamh socr\u00fa maidir leis an Acht f\u00e1n nGn\u00edomhaireacht N\u00e1isi\u00fanta um Bainist\u00edocht S\u00f3cmhainn\u00ed, 2009 a aisghairm agus do leas\u00fa an Achta f\u00e1 Chorpar\u00e1id na h\u00c9ireann um R\u00e9iteach Bainc, 2013 agus an Achta um Ghn\u00edomhaireacht Bainist\u00edochta an Chiste\u00e1in N\u00e1isi\u00fanta (Leas\u00fa), 2014 agus achtach\u00e1in \u00e1irithe eile; agus do dh\u00e9anamh socr\u00fa i dtaobh nithe gaolmhara.<\/p>","shortTitleEn":"National Treasury Management Agency (Miscellaneous Provisions) Act 2026","shortTitleGa":"An tAcht um Ghn\u00edomhaireacht Bainist\u00edochta an Chiste\u00e1in N\u00e1isi\u00fanta (For\u00e1lacha Ilghn\u00e9itheacha), 2026","statutebookURI":"http:\/\/www.irishstatutebook.ie\/eli\/2026\/act\/22","uri":"https:\/\/data.oireachtas.ie\/ie\/oireachtas\/act\/2026\/22"},"amendmentLists":[{"amendmentList":{"amendmentTypeUri":{"uri":"https:\/\/data.oireachtas.ie\/ie\/oireachtas\/def\/amendment-type\/numberedList"},"chamber":{"showAs":"Dail","uri":"https:\/\/data.oireachtas.ie\/ie\/oireachtas\/def\/dail"},"date":"2026-06-23","formats":{"pdf":{"uri":"https:\/\/data.oireachtas.ie\/ie\/oireachtas\/bill\/2026\/48\/dail\/4\/amendment\/numberedList\/eng\/b4826d-drnl.pdf"},"xml":null},"showAs":"Numbered List [D\u00e1il]","stage":{"showAs":"Report Stage","uri":"https:\/\/data.oireachtas.ie\/ie\/oireachtas\/bill\/2026\/48\/dail\/4"},"stageNo":"4"}},{"amendmentList":{"amendmentTypeUri":{"uri":"https:\/\/data.oireachtas.ie\/ie\/oireachtas\/def\/amendment-type\/numberedList"},"chamber":{"showAs":"Dail","uri":"https:\/\/data.oireachtas.ie\/ie\/oireachtas\/def\/dail"},"date":"2026-05-26","formats":{"pdf":{"uri":"https:\/\/data.oireachtas.ie\/ie\/oireachtas\/bill\/2026\/48\/dail\/3\/amendment\/numberedList\/eng\/b4826d-dcnl.pdf"},"xml":null},"showAs":"Numbered List [D\u00e1il]","stage":{"showAs":"Committee Stage","uri":"https:\/\/data.oireachtas.ie\/ie\/oireachtas\/bill\/2026\/48\/dail\/3"},"stageNo":"3"}}],"billNo":"48","billType":"Public","billTypeURI":"https:\/\/data.oireachtas.ie\/ie\/oireachtas\/def\/bill-type\/public","billYear":"2026","debates":[{"chamber":{"showAs":"Seanad \u00c9ireann","uri":"https:\/\/data.oireachtas.ie\/ie\/oireachtas\/def\/house\/seanad"},"date":"2026-07-08","debateSectionId":"dbsect_11","showAs":"National Treasury Management Agency (Miscellaneous Provisions) Bill 2026: Committee and Remaining Stages","uri":"https:\/\/data.oireachtas.ie\/akn\/ie\/debateRecord\/seanad\/2026-07-08\/debate\/main"},{"chamber":{"showAs":"Seanad \u00c9ireann","uri":"https:\/\/data.oireachtas.ie\/ie\/oireachtas\/def\/house\/seanad"},"date":"2026-07-02","debateSectionId":"dbsect_13","showAs":"National Treasury Management Agency (Miscellaneous Provisions) Bill 2026: Second Stage","uri":"https:\/\/data.oireachtas.ie\/akn\/ie\/debateRecord\/seanad\/2026-07-02\/debate\/main"},{"chamber":{"showAs":"D\u00e1il \u00c9ireann","uri":"https:\/\/data.oireachtas.ie\/ie\/oireachtas\/def\/house\/dail"},"date":"2026-06-24","debateSectionId":"dbsect_31","showAs":"National Treasury Management Agency (Miscellaneous Provisions) Bill 2026: Report Stage","uri":"https:\/\/data.oireachtas.ie\/akn\/ie\/debateRecord\/dail\/2026-06-24\/debate\/main"},{"chamber":{"showAs":"Select Committee on Finance, Public Expenditure, Public Service Reform and Digitalisation, and Taoiseach","uri":"https:\/\/data.oireachtas.ie\/ie\/oireachtas\/def\/committee"},"date":"2026-05-27","debateSectionId":"dbsect_2","showAs":"National Treasury Management Agency (Miscellaneous Provisions) Bill 2026: Committee Stage","uri":"https:\/\/data.oireachtas.ie\/akn\/ie\/debateRecord\/select_committee_on_finance_public_expenditure_public_service_reform_and_digitalisation_and_taoiseach\/2026-05-27\/debate\/main"},{"chamber":{"showAs":"D\u00e1il \u00c9ireann","uri":"https:\/\/data.oireachtas.ie\/ie\/oireachtas\/def\/house\/dail"},"date":"2026-05-20","debateSectionId":"dbsect_14","showAs":"National Treasury Management Agency (Miscellaneous Provisions) Bill 2026: Second Stage","uri":"https:\/\/data.oireachtas.ie\/akn\/ie\/debateRecord\/dail\/2026-05-20\/debate\/main"},{"chamber":{"showAs":"D\u00e1il \u00c9ireann","uri":"https:\/\/data.oireachtas.ie\/ie\/oireachtas\/def\/house\/dail"},"date":"2026-05-20","debateSectionId":"dbsect_15","showAs":"National Treasury Management Agency (Miscellaneous Provisions) Bill 2026: Referral to Select Committee","uri":"https:\/\/data.oireachtas.ie\/akn\/ie\/debateRecord\/dail\/2026-05-20\/debate\/main"}],"events":[{"event":{"chamber":{"chamberCode":"dail","showAs":"D\u00e1il \u00c9ireann","uri":"https:\/\/data.oireachtas.ie\/ie\/oireachtas\/def\/house\/dail"},"dates":[{"date":"2026-05-12"},{"date":"2026-07-15"}],"eventURI":"https:\/\/data.oireachtas.ie\/ie\/oireachtas\/def\/bill-event\/published","showAs":"Published","uri":"https:\/\/data.oireachtas.ie\/ie\/oireachtas\/bill\/2026\/48\/published"}},{"event":{"chamber":null,"dates":[{"date":"2026-07-15"}],"eventURI":"https:\/\/data.oireachtas.ie\/ie\/oireachtas\/def\/bill-event\/enacted","showAs":"Enacted","uri":"https:\/\/data.oireachtas.ie\/ie\/oireachtas\/bill\/2026\/48\/enacted"}}],"lastUpdated":"2026-07-21T14:10:06.950000+00:00","longTitleEn":"<p>Bill entitled an Act to provide for the dissolution of the National Asset Management Agency; to provide for the transfer to the National Treasury Management Agency of the assets, rights, liabilities, obligations, causes of action and entitlements of, or relating to, the National Asset Management Agency; to provide for the transfer to the National Treasury Management Agency or a subsidiary of it of certain assets, rights, liabilities, obligations and entitlements of, or relating to, the Irish Bank Resolution Corporation Limited; to provide for additional functions of the National Treasury Management Agency and certain subsidiaries of it; for those purposes to provide for the repeal of the National Asset Management Agency Act 2009 and to amend the Irish Bank Resolution Corporation Act 2013 and the National Treasury Management Agency (Amendment) Act 2014 and certain other enactments; and to provide for related matters.<\/p>","longTitleGa":"<p>Bille d\u00e1 ngairtear Acht do dh\u00e9anamh socr\u00fa maidir leis an nGn\u00edomhaireacht N\u00e1isi\u00fanta um Bainist\u00edocht S\u00f3cmhainn\u00ed a dh\u00edscaoileadh; do dh\u00e9anamh socr\u00fa maidir leis na s\u00f3cmhainn\u00ed, na cearta, na dliteanais, na hoibleag\u00e1id\u00ed, na c\u00faiseanna caingne agus na teidl\u00edochta\u00ed de chuid na Gn\u00edomhaireachta N\u00e1isi\u00fanta um Bainist\u00edocht S\u00f3cmhainn\u00ed, n\u00f3 a bhaineann l\u00e9i, a aistri\u00fa chuig Gn\u00edomhaireacht Bainist\u00edochta an Chiste\u00e1in N\u00e1isi\u00fanta; do dh\u00e9anamh socr\u00fa maidir le s\u00f3cmhainn\u00ed, cearta, dliteanais, oibleag\u00e1id\u00ed agus teidl\u00edochta\u00ed \u00e1irithe de chuid Chorpar\u00e1id na h\u00c9ireann um R\u00e9iteach Bainc Teoranta, n\u00f3 a bhaineann l\u00e9i, a aistri\u00fa chuig Gn\u00edomhaireacht Bainist\u00edochta an Chiste\u00e1in N\u00e1isi\u00fanta n\u00f3 chuig fochuideachta d\u00e1 cuid; do dh\u00e9anamh socr\u00fa maidir le feidhmeanna breise a bheith ag Gn\u00edomhaireacht Bainist\u00edochta an Chiste\u00e1in N\u00e1isi\u00fanta agus ag fochuideachta\u00ed \u00e1irithe d\u00e1 cuid; chun na gcr\u00edoch sin, do dh\u00e9anamh socr\u00fa maidir leis an Acht f\u00e1n nGn\u00edomhaireacht N\u00e1isi\u00fanta um Bainist\u00edocht S\u00f3cmhainn\u00ed, 2009 a aisghairm agus do leas\u00fa an Achta f\u00e1 Chorpar\u00e1id na h\u00c9ireann um R\u00e9iteach Bainc, 2013 agus an Achta um Ghn\u00edomhaireacht Bainist\u00edochta an Chiste\u00e1in N\u00e1isi\u00fanta (Leas\u00fa), 2014 agus achtach\u00e1in \u00e1irithe eile; agus do dh\u00e9anamh socr\u00fa i dtaobh nithe gaolmhara.<\/p>","method":"Presented","methodURI":"https:\/\/data.oireachtas.ie\/ie\/oireachtas\/def\/bill-method\/presented","mostRecentStage":{"event":{"chamber":null,"dates":[{"date":"2026-07-15"}],"house":null,"progressStage":10,"showAs":"Enacted","stageCompleted":true,"stageOutcome":"Enacted","stageURI":"https:\/\/data.oireachtas.ie\/ie\/oireachtas\/def\/bill-stage\/enacted","uri":"https:\/\/data.oireachtas.ie\/ie\/oireachtas\/bill\/2026\/48\/stage\/oireachtas\/enacted"}},"originHouse":{"showAs":"D\u00e1il \u00c9ireann","uri":"https:\/\/data.oireachtas.ie\/ie\/oireachtas\/def\/house\/dail"},"originHouseURI":"https:\/\/data.oireachtas.ie\/ie\/oireachtas\/def\/house\/dail","relatedDocs":[{"relatedDoc":{"date":"2026-05-19","docType":"gluais","formats":{"pdf":{"uri":"https:\/\/data.oireachtas.ie\/ie\/oireachtas\/bill\/2026\/48\/mul\/gluais\/gluais-14-2026-an-bille-um-ghniomhaireacht-bainistiochta-an-chisteain-naisiunta-foralacha-ilghneitheacha-2026.pdf"},"xml":null},"lang":"mul","showAs":"Glossary\/Gluais","uri":"https:\/\/data.oireachtas.ie\/ie\/oireachtas\/bill\/2026\/48\/mul\/gluais"}},{"relatedDoc":{"date":"2026-05-12","docType":"memo","formats":{"pdf":{"uri":"https:\/\/data.oireachtas.ie\/ie\/oireachtas\/bill\/2026\/48\/eng\/memo\/b2726d-memo.pdf"},"xml":null},"lang":"eng","showAs":"Explanatory Memorandum","uri":"https:\/\/data.oireachtas.ie\/ie\/oireachtas\/bill\/2026\/48\/eng\/memo"}}],"shortTitleEn":"National Treasury Management Agency (Miscellaneous Provisions) Bill 2026","shortTitleGa":"An Bille um Ghn\u00edomhaireacht Bainist\u00edochta an Chiste\u00e1in N\u00e1isi\u00fanta (For\u00e1lacha Ilghn\u00e9itheacha), 2026","source":"Government","sourceURI":"https:\/\/data.oireachtas.ie\/ie\/oireachtas\/def\/bill-source\/government","sponsors":[{"sponsor":{"isPrimary":true,"as":{"showAs":"Minister for Finance","uri":null},"by":{"showAs":null,"uri":null}}}],"stages":[{"event":{"chamber":{"chamberCode":"dail","showAs":"D\u00e1il \u00c9ireann","uri":"https:\/\/data.oireachtas.ie\/ie\/oireachtas\/def\/house\/dail"},"dates":[{"date":"2026-05-12"},{"date":"2026-05-12"}],"house":{"chamberCode":"dail","chamberType":"house","houseCode":"dail","houseNo":"34","showAs":"34th D\u00e1il","uri":"https:\/\/data.oireachtas.ie\/ie\/oireachtas\/house\/dail\/34"},"progressStage":1,"showAs":"First Stage","stageCompleted":true,"stageOutcome":null,"stageURI":"https:\/\/data.oireachtas.ie\/ie\/oireachtas\/def\/bill-stage\/1","uri":"https:\/\/data.oireachtas.ie\/ie\/oireachtas\/bill\/2026\/48\/stage\/dail\/1"}},{"event":{"chamber":{"chamberCode":"dail","showAs":"D\u00e1il \u00c9ireann","uri":"https:\/\/data.oireachtas.ie\/ie\/oireachtas\/def\/house\/dail"},"dates":[{"date":"2026-05-20"}],"house":{"chamberCode":"dail","chamberType":"house","houseCode":"dail","houseNo":"34","showAs":"34th D\u00e1il","uri":"https:\/\/data.oireachtas.ie\/ie\/oireachtas\/house\/dail\/34"},"progressStage":2,"showAs":"Second Stage","stageCompleted":true,"stageOutcome":null,"stageURI":"https:\/\/data.oireachtas.ie\/ie\/oireachtas\/def\/bill-stage\/2","uri":"https:\/\/data.oireachtas.ie\/ie\/oireachtas\/bill\/2026\/48\/stage\/dail\/2"}},{"event":{"chamber":{"chamberCode":"dail","showAs":"D\u00e1il \u00c9ireann","uri":"https:\/\/data.oireachtas.ie\/ie\/oireachtas\/def\/house\/dail"},"dates":[{"date":"2026-05-20"}],"house":{"chamberCode":"dail","chamberType":"house","houseCode":"dail","houseNo":"34","showAs":"34th D\u00e1il","uri":"https:\/\/data.oireachtas.ie\/ie\/oireachtas\/house\/dail\/34"},"progressStage":3,"showAs":"Committee Stage","stageCompleted":true,"stageOutcome":null,"stageURI":"https:\/\/data.oireachtas.ie\/ie\/oireachtas\/def\/bill-stage\/3","uri":"https:\/\/data.oireachtas.ie\/ie\/oireachtas\/bill\/2026\/48\/stage\/dail\/3"}},{"event":{"chamber":{"chamberCode":"dail","showAs":"D\u00e1il \u00c9ireann","uri":"https:\/\/data.oireachtas.ie\/ie\/oireachtas\/def\/house\/dail"},"dates":[{"date":"2026-06-24"}],"house":{"chamberCode":"dail","chamberType":"house","houseCode":"dail","houseNo":"34","showAs":"34th D\u00e1il","uri":"https:\/\/data.oireachtas.ie\/ie\/oireachtas\/house\/dail\/34"},"progressStage":4,"showAs":"Report Stage","stageCompleted":true,"stageOutcome":null,"stageURI":"https:\/\/data.oireachtas.ie\/ie\/oireachtas\/def\/bill-stage\/4","uri":"https:\/\/data.oireachtas.ie\/ie\/oireachtas\/bill\/2026\/48\/stage\/dail\/4"}},{"event":{"chamber":{"chamberCode":"dail","showAs":"D\u00e1il \u00c9ireann","uri":"https:\/\/data.oireachtas.ie\/ie\/oireachtas\/def\/house\/dail"},"dates":[{"date":"2026-06-24"}],"house":{"chamberCode":"dail","chamberType":"house","houseCode":"dail","houseNo":"34","showAs":"34th D\u00e1il","uri":"https:\/\/data.oireachtas.ie\/ie\/oireachtas\/house\/dail\/34"},"progressStage":5,"showAs":"Fifth Stage","stageCompleted":true,"stageOutcome":null,"stageURI":"https:\/\/data.oireachtas.ie\/ie\/oireachtas\/def\/bill-stage\/5","uri":"https:\/\/data.oireachtas.ie\/ie\/oireachtas\/bill\/2026\/48\/stage\/dail\/5"}},{"event":{"chamber":{"chamberCode":"seanad","showAs":"Seanad \u00c9ireann","uri":"https:\/\/data.oireachtas.ie\/ie\/oireachtas\/def\/house\/seanad"},"dates":[{"date":"2026-07-02"}],"house":{"chamberCode":"seanad","chamberType":"house","houseCode":"seanad","houseNo":"27","showAs":"27th Seanad","uri":"https:\/\/data.oireachtas.ie\/ie\/oireachtas\/house\/seanad\/27"},"progressStage":6,"showAs":"Second Stage","stageCompleted":true,"stageOutcome":null,"stageURI":"https:\/\/data.oireachtas.ie\/ie\/oireachtas\/def\/bill-stage\/2","uri":"https:\/\/data.oireachtas.ie\/ie\/oireachtas\/bill\/2026\/48\/stage\/seanad\/2"}},{"event":{"chamber":{"chamberCode":"seanad","showAs":"Seanad \u00c9ireann","uri":"https:\/\/data.oireachtas.ie\/ie\/oireachtas\/def\/house\/seanad"},"dates":[{"date":"2026-07-07"}],"house":{"chamberCode":"seanad","chamberType":"house","houseCode":"seanad","houseNo":"27","showAs":"27th Seanad","uri":"https:\/\/data.oireachtas.ie\/ie\/oireachtas\/house\/seanad\/27"},"progressStage":7,"showAs":"Committee Stage","stageCompleted":true,"stageOutcome":null,"stageURI":"https:\/\/data.oireachtas.ie\/ie\/oireachtas\/def\/bill-stage\/3","uri":"https:\/\/data.oireachtas.ie\/ie\/oireachtas\/bill\/2026\/48\/stage\/seanad\/3"}},{"event":{"chamber":{"chamberCode":"seanad","showAs":"Seanad \u00c9ireann","uri":"https:\/\/data.oireachtas.ie\/ie\/oireachtas\/def\/house\/seanad"},"dates":[{"date":"2026-07-08"}],"house":{"chamberCode":"seanad","chamberType":"house","houseCode":"seanad","houseNo":"27","showAs":"27th Seanad","uri":"https:\/\/data.oireachtas.ie\/ie\/oireachtas\/house\/seanad\/27"},"progressStage":8,"showAs":"Report Stage","stageCompleted":true,"stageOutcome":null,"stageURI":"https:\/\/data.oireachtas.ie\/ie\/oireachtas\/def\/bill-stage\/4","uri":"https:\/\/data.oireachtas.ie\/ie\/oireachtas\/bill\/2026\/48\/stage\/seanad\/4"}},{"event":{"chamber":{"chamberCode":"seanad","showAs":"Seanad \u00c9ireann","uri":"https:\/\/data.oireachtas.ie\/ie\/oireachtas\/def\/house\/seanad"},"dates":[{"date":"2026-07-08"}],"house":{"chamberCode":"seanad","chamberType":"house","houseCode":"seanad","houseNo":"27","showAs":"27th Seanad","uri":"https:\/\/data.oireachtas.ie\/ie\/oireachtas\/house\/seanad\/27"},"progressStage":9,"showAs":"Fifth Stage","stageCompleted":true,"stageOutcome":null,"stageURI":"https:\/\/data.oireachtas.ie\/ie\/oireachtas\/def\/bill-stage\/5","uri":"https:\/\/data.oireachtas.ie\/ie\/oireachtas\/bill\/2026\/48\/stage\/seanad\/5"}},{"event":{"chamber":null,"dates":[{"date":"2026-07-15"}],"house":null,"progressStage":10,"showAs":"Enacted","stageCompleted":true,"stageOutcome":"Enacted","stageURI":"https:\/\/data.oireachtas.ie\/ie\/oireachtas\/def\/bill-stage\/enacted","uri":"https:\/\/data.oireachtas.ie\/ie\/oireachtas\/bill\/2026\/48\/stage\/oireachtas\/enacted"}}],"status":"Enacted","statusURI":"https:\/\/data.oireachtas.ie\/ie\/oireachtas\/def\/bill-status\/enacted","uri":"https:\/\/data.oireachtas.ie\/ie\/oireachtas\/bill\/2026\/48","versions":[{"version":{"lang":"eng","docType":"act","showAs":"National Treasury Management Agency (Miscellaneous Provisions) Act 2026","date":"2026-07-15","formats":{"pdf":{"uri":"https:\/\/data.oireachtas.ie\/ie\/oireachtas\/act\/2026\/22\/eng\/enacted\/a2226.pdf"},"xml":null},"uri":"https:\/\/data.oireachtas.ie\/ie\/oireachtas\/act\/2026\/22\/eng\/enacted"}},{"version":{"lang":"eng","docType":"bill","showAs":"As passed by D\u00e1il \u00c9ireann","date":"2026-06-24","formats":{"pdf":{"uri":"https:\/\/data.oireachtas.ie\/ie\/oireachtas\/bill\/2026\/48\/eng\/ver_a\/b48a26d.pdf"},"xml":null},"uri":"https:\/\/data.oireachtas.ie\/ie\/oireachtas\/bill\/2026\/48\/eng\/ver_a"}},{"version":{"lang":"eng","docType":"bill","showAs":"As Initiated","date":"2026-05-12","formats":{"pdf":{"uri":"https:\/\/data.oireachtas.ie\/ie\/oireachtas\/bill\/2026\/48\/eng\/initiated\/b2726d.pdf"},"xml":null},"uri":"https:\/\/data.oireachtas.ie\/ie\/oireachtas\/bill\/2026\/48\/eng\/initiated"}}]},"contextDate":"2026-07-15","billSort":{"actNoSort":22,"actShortTitleEnSort":"national-treasury-management-agency-miscellaneous-provisions-act-2026","actShortTitleGaSort":"an-tacht-um-ghniomhaireacht-bainistiochta-an-chisteain-naisiunta-foralacha-ilghneitheacha-2026","actYearSort":2026,"billNoSort":48,"billShortTitleEnSort":"national-treasury-management-agency-miscellaneous-provisions-bill-2026","billShortTitleGaSort":"an-bille-um-ghniomhaireacht-bainistiochta-an-chisteain-naisiunta-foralacha-ilghneitheacha-2026","billYearSort":2026}},{"bill":{"act":null,"amendmentLists":[],"billNo":"47","billType":"Public","billTypeURI":"https:\/\/data.oireachtas.ie\/ie\/oireachtas\/def\/bill-type\/public","billYear":"2026","debates":[{"chamber":{"showAs":"D\u00e1il \u00c9ireann","uri":"https:\/\/data.oireachtas.ie\/ie\/oireachtas\/def\/house\/dail"},"date":"2026-06-17","debateSectionId":"dbsect_67","showAs":"Health (Abolition of Three Day Wait Rule) (Amendment) Bill 2026: Second Stage (Resumed) [Private Members]","uri":"https:\/\/data.oireachtas.ie\/akn\/ie\/debateRecord\/dail\/2026-06-17\/debate\/main"},{"chamber":{"showAs":"D\u00e1il \u00c9ireann","uri":"https:\/\/data.oireachtas.ie\/ie\/oireachtas\/def\/house\/dail"},"date":"2026-06-16","debateSectionId":"dbsect_19","showAs":"Health (Abolition of Three Day Wait Rule) (Amendment) Bill 2026: Second Stage [Private Members]","uri":"https:\/\/data.oireachtas.ie\/akn\/ie\/debateRecord\/dail\/2026-06-16\/debate\/main"},{"chamber":{"showAs":"D\u00e1il \u00c9ireann","uri":"https:\/\/data.oireachtas.ie\/ie\/oireachtas\/def\/house\/dail"},"date":"2026-05-07","debateSectionId":"dbsect_34","showAs":"Health (Abolition of Three Day Wait Rule) (Amendment) Bill 2026: First Stage","uri":"https:\/\/data.oireachtas.ie\/akn\/ie\/debateRecord\/dail\/2026-05-07\/debate\/main"}],"events":[{"event":{"chamber":{"chamberCode":"dail","showAs":"D\u00e1il \u00c9ireann","uri":"https:\/\/data.oireachtas.ie\/ie\/oireachtas\/def\/house\/dail"},"dates":[{"date":"2026-05-06"},{"date":"2026-05-06"},{"date":"2026-05-07"}],"eventURI":"https:\/\/data.oireachtas.ie\/ie\/oireachtas\/def\/bill-event\/admissibility-for-introduction","showAs":"Admissibility for Introduction","uri":"https:\/\/data.oireachtas.ie\/ie\/oireachtas\/bill\/2026\/47\/admissibility-for-introduction"}}],"lastUpdated":"2026-06-18T11:24:53.730000+00:00","longTitleEn":"<p>Bill entitled an Act to amend the Health (Regulation of Termination of Pregnancy) Act 2018 to abolish the mandatory three day wait rule for access to a termination of pregnancy.<\/p>","longTitleGa":"<p>Bille d\u00e1 ngairtear Acht do leas\u00fa an Achta Sl\u00e1inte (Foirceannadh Toirchis a Rial\u00e1il), 2018 chun deireadh a chur leis an riail shainordaitheach maidir le feitheamh tr\u00ed\u00a0l\u00e1 le haghaidh rochtain ar fhoirceannadh toirchis.<\/p>","method":"Introduced","methodURI":"https:\/\/data.oireachtas.ie\/ie\/oireachtas\/def\/bill-method\/introduced","mostRecentStage":{"event":{"chamber":{"chamberCode":"dail","showAs":"D\u00e1il \u00c9ireann","uri":"https:\/\/data.oireachtas.ie\/ie\/oireachtas\/def\/house\/dail"},"dates":[{"date":"2026-05-07"}],"house":{"chamberCode":"dail","chamberType":"house","houseCode":"dail","houseNo":"34","showAs":"34th D\u00e1il","uri":"https:\/\/data.oireachtas.ie\/ie\/oireachtas\/house\/dail\/34"},"progressStage":2,"showAs":"Second Stage","stageCompleted":true,"stageOutcome":null,"stageURI":"https:\/\/data.oireachtas.ie\/ie\/oireachtas\/def\/bill-stage\/2","uri":"https:\/\/data.oireachtas.ie\/ie\/oireachtas\/bill\/2026\/47\/stage\/dail\/2"}},"originHouse":{"showAs":"D\u00e1il \u00c9ireann","uri":"https:\/\/data.oireachtas.ie\/ie\/oireachtas\/def\/house\/dail"},"originHouseURI":"https:\/\/data.oireachtas.ie\/ie\/oireachtas\/def\/house\/dail","relatedDocs":[{"relatedDoc":{"date":"2026-05-07","docType":"memo","formats":{"pdf":{"uri":"https:\/\/data.oireachtas.ie\/ie\/oireachtas\/bill\/2026\/47\/eng\/memo\/b4726d-memo.pdf"},"xml":null},"lang":"eng","showAs":"Explanatory Memorandum","uri":"https:\/\/data.oireachtas.ie\/ie\/oireachtas\/bill\/2026\/47\/eng\/memo"}}],"shortTitleEn":"Health (Abolition of Three Day Wait Rule) (Amendment) Bill 2026","shortTitleGa":"An Bille Sl\u00e1inte (Deireadh a Chur leis an Riail maidir le Feitheamh Tr\u00ed L\u00e1) (Leas\u00fa), 2026","source":"Private Member","sourceURI":"https:\/\/data.oireachtas.ie\/ie\/oireachtas\/def\/bill-source\/private-member","sponsors":[{"sponsor":{"isPrimary":true,"as":{"showAs":null,"uri":null},"by":{"showAs":"David Cullinane","uri":"https:\/\/data.oireachtas.ie\/ie\/oireachtas\/member\/id\/David-Cullinane.S.2011-05-25"}}}],"stages":[{"event":{"chamber":{"chamberCode":"dail","showAs":"D\u00e1il \u00c9ireann","uri":"https:\/\/data.oireachtas.ie\/ie\/oireachtas\/def\/house\/dail"},"dates":[{"date":"2026-05-06"},{"date":"2026-05-06"},{"date":"2026-05-07"},{"date":"2026-05-07"}],"house":{"chamberCode":"dail","chamberType":"house","houseCode":"dail","houseNo":"34","showAs":"34th D\u00e1il","uri":"https:\/\/data.oireachtas.ie\/ie\/oireachtas\/house\/dail\/34"},"progressStage":1,"showAs":"First Stage","stageCompleted":true,"stageOutcome":null,"stageURI":"https:\/\/data.oireachtas.ie\/ie\/oireachtas\/def\/bill-stage\/1","uri":"https:\/\/data.oireachtas.ie\/ie\/oireachtas\/bill\/2026\/47\/stage\/dail\/1"}},{"event":{"chamber":{"chamberCode":"dail","showAs":"D\u00e1il \u00c9ireann","uri":"https:\/\/data.oireachtas.ie\/ie\/oireachtas\/def\/house\/dail"},"dates":[{"date":"2026-05-07"}],"house":{"chamberCode":"dail","chamberType":"house","houseCode":"dail","houseNo":"34","showAs":"34th D\u00e1il","uri":"https:\/\/data.oireachtas.ie\/ie\/oireachtas\/house\/dail\/34"},"progressStage":2,"showAs":"Second Stage","stageCompleted":true,"stageOutcome":null,"stageURI":"https:\/\/data.oireachtas.ie\/ie\/oireachtas\/def\/bill-stage\/2","uri":"https:\/\/data.oireachtas.ie\/ie\/oireachtas\/bill\/2026\/47\/stage\/dail\/2"}}],"status":"Current","statusURI":"https:\/\/data.oireachtas.ie\/ie\/oireachtas\/def\/bill-status\/published","uri":"https:\/\/data.oireachtas.ie\/ie\/oireachtas\/bill\/2026\/47","versions":[{"version":{"lang":"eng","docType":"bill","showAs":"As Initiated","date":"2026-05-07","formats":{"pdf":{"uri":"https:\/\/data.oireachtas.ie\/ie\/oireachtas\/bill\/2026\/47\/eng\/initiated\/b4726d.pdf"},"xml":null},"uri":"https:\/\/data.oireachtas.ie\/ie\/oireachtas\/bill\/2026\/47\/eng\/initiated"}}]},"contextDate":"2026-05-07","billSort":{"actNoSort":null,"actShortTitleEnSort":null,"actShortTitleGaSort":null,"actYearSort":null,"billNoSort":47,"billShortTitleEnSort":"health-abolition-of-three-day-wait-rule-amendment-bill-2026","billShortTitleGaSort":"an-bille-slainte-deireadh-a-chur-leis-an-riail-maidir-le-feitheamh-tri-la-leasu-2026","billYearSort":2026}},{"bill":{"act":null,"amendmentLists":[],"billNo":"46","billType":"Public","billTypeURI":"https:\/\/data.oireachtas.ie\/ie\/oireachtas\/def\/bill-type\/public","billYear":"2026","debates":[{"chamber":{"showAs":"D\u00e1il \u00c9ireann","uri":"https:\/\/data.oireachtas.ie\/ie\/oireachtas\/def\/house\/dail"},"date":"2026-05-07","debateSectionId":"dbsect_33","showAs":"Work Life Balance Bill 2026: First Stage","uri":"https:\/\/data.oireachtas.ie\/akn\/ie\/debateRecord\/dail\/2026-05-07\/debate\/main"}],"events":[{"event":{"chamber":{"chamberCode":"dail","showAs":"D\u00e1il \u00c9ireann","uri":"https:\/\/data.oireachtas.ie\/ie\/oireachtas\/def\/house\/dail"},"dates":[{"date":"2026-04-02"},{"date":"2026-04-02"},{"date":"2026-05-07"}],"eventURI":"https:\/\/data.oireachtas.ie\/ie\/oireachtas\/def\/bill-event\/admissibility-for-introduction","showAs":"Admissibility for Introduction","uri":"https:\/\/data.oireachtas.ie\/ie\/oireachtas\/bill\/2026\/46\/admissibility-for-introduction"}}],"lastUpdated":"2026-05-08T08:43:56.740000+00:00","longTitleEn":"<p>Bill entitled an Act to provide an entitlement to employees to request certain flexible working arrangements, to make certain provision for amending or terminating any such arrangements that have been agreed with an employer, to give further effect to Directive (EU) 2019\/1158 of the European Parliament and of the Council of 20 June 2019 on work-life balance for parents and carers and to provide for related matters.<\/p>","longTitleGa":"<p>Bille d\u00e1 ngairtear Acht do thabhairt<span style=\"color:red;\">\u00a0<\/span>teidl\u00edocht d\u2019fhostaithe chun socruithe oibre sol\u00fabtha \u00e1irithe a iarraidh; do dh\u00e9anamh for\u00e1il \u00e1irithe chun aon socruithe den s\u00f3rt sin arna gcomhaont\u00fa le fost\u00f3ir a leas\u00fa n\u00f3 a fhoirceannadh; do thabhairt tuilleadh \u00e9ifeachta do Threoir (AE) 2019\/1158 \u00f3 Pharlaimint na hEorpa agus \u00f3n gComhairle an 20 Meitheamh 2019 maidir le cothroma\u00edocht oibre is saoil do thuismitheoir\u00ed agus do ch\u00faram\u00f3ir\u00ed; agus do dh\u00e9anamh socr\u00fa i dtaobh nithe gaolmhara.<\/p>","method":"Introduced","methodURI":"https:\/\/data.oireachtas.ie\/ie\/oireachtas\/def\/bill-method\/introduced","mostRecentStage":{"event":{"chamber":{"chamberCode":"dail","showAs":"D\u00e1il \u00c9ireann","uri":"https:\/\/data.oireachtas.ie\/ie\/oireachtas\/def\/house\/dail"},"dates":[{"date":"2026-05-07"}],"house":{"chamberCode":"dail","chamberType":"house","houseCode":"dail","houseNo":"34","showAs":"34th D\u00e1il","uri":"https:\/\/data.oireachtas.ie\/ie\/oireachtas\/house\/dail\/34"},"progressStage":2,"showAs":"Second Stage","stageCompleted":false,"stageOutcome":"Current","stageURI":"https:\/\/data.oireachtas.ie\/ie\/oireachtas\/def\/bill-stage\/2","uri":"https:\/\/data.oireachtas.ie\/ie\/oireachtas\/bill\/2026\/46\/stage\/dail\/2"}},"originHouse":{"showAs":"D\u00e1il \u00c9ireann","uri":"https:\/\/data.oireachtas.ie\/ie\/oireachtas\/def\/house\/dail"},"originHouseURI":"https:\/\/data.oireachtas.ie\/ie\/oireachtas\/def\/house\/dail","relatedDocs":[{"relatedDoc":{"date":"2026-05-07","docType":"memo","formats":{"pdf":{"uri":"https:\/\/data.oireachtas.ie\/ie\/oireachtas\/bill\/2026\/46\/eng\/memo\/b4626d-memo.pdf"},"xml":null},"lang":"eng","showAs":"Explanatory Memorandum","uri":"https:\/\/data.oireachtas.ie\/ie\/oireachtas\/bill\/2026\/46\/eng\/memo"}}],"shortTitleEn":"Work Life Balance Bill 2026","shortTitleGa":"An Bille um Chothroma\u00edocht Oibre is Saoil, 2026","source":"Private Member","sourceURI":"https:\/\/data.oireachtas.ie\/ie\/oireachtas\/def\/bill-source\/private-member","sponsors":[{"sponsor":{"isPrimary":true,"as":{"showAs":null,"uri":null},"by":{"showAs":"Sin\u00e9ad Gibney","uri":"https:\/\/data.oireachtas.ie\/ie\/oireachtas\/member\/id\/Sin\u00e9ad-Gibney.D.2024-11-29"}}}],"stages":[{"event":{"chamber":{"chamberCode":"dail","showAs":"D\u00e1il \u00c9ireann","uri":"https:\/\/data.oireachtas.ie\/ie\/oireachtas\/def\/house\/dail"},"dates":[{"date":"2026-04-02"},{"date":"2026-04-02"},{"date":"2026-05-07"},{"date":"2026-05-07"}],"house":{"chamberCode":"dail","chamberType":"house","houseCode":"dail","houseNo":"34","showAs":"34th D\u00e1il","uri":"https:\/\/data.oireachtas.ie\/ie\/oireachtas\/house\/dail\/34"},"progressStage":1,"showAs":"First Stage","stageCompleted":true,"stageOutcome":null,"stageURI":"https:\/\/data.oireachtas.ie\/ie\/oireachtas\/def\/bill-stage\/1","uri":"https:\/\/data.oireachtas.ie\/ie\/oireachtas\/bill\/2026\/46\/stage\/dail\/1"}},{"event":{"chamber":{"chamberCode":"dail","showAs":"D\u00e1il \u00c9ireann","uri":"https:\/\/data.oireachtas.ie\/ie\/oireachtas\/def\/house\/dail"},"dates":[{"date":"2026-05-07"}],"house":{"chamberCode":"dail","chamberType":"house","houseCode":"dail","houseNo":"34","showAs":"34th D\u00e1il","uri":"https:\/\/data.oireachtas.ie\/ie\/oireachtas\/house\/dail\/34"},"progressStage":2,"showAs":"Second Stage","stageCompleted":false,"stageOutcome":"Current","stageURI":"https:\/\/data.oireachtas.ie\/ie\/oireachtas\/def\/bill-stage\/2","uri":"https:\/\/data.oireachtas.ie\/ie\/oireachtas\/bill\/2026\/46\/stage\/dail\/2"}}],"status":"Current","statusURI":"https:\/\/data.oireachtas.ie\/ie\/oireachtas\/def\/bill-status\/published","uri":"https:\/\/data.oireachtas.ie\/ie\/oireachtas\/bill\/2026\/46","versions":[{"version":{"lang":"eng","docType":"bill","showAs":"As Initiated","date":"2026-05-07","formats":{"pdf":{"uri":"https:\/\/data.oireachtas.ie\/ie\/oireachtas\/bill\/2026\/46\/eng\/initiated\/b4626d.pdf"},"xml":null},"uri":"https:\/\/data.oireachtas.ie\/ie\/oireachtas\/bill\/2026\/46\/eng\/initiated"}}]},"contextDate":"2026-05-07","billSort":{"actNoSort":null,"actShortTitleEnSort":null,"actShortTitleGaSort":null,"actYearSort":null,"billNoSort":46,"billShortTitleEnSort":"work-life-balance-bill-2026","billShortTitleGaSort":"an-bille-um-chothromaiocht-oibre-is-saoil-2026","billYearSort":2026}},{"bill":{"act":null,"amendmentLists":[],"billNo":"45","billType":"Public","billTypeURI":"https:\/\/data.oireachtas.ie\/ie\/oireachtas\/def\/bill-type\/public","billYear":"2026","debates":[{"chamber":{"showAs":"D\u00e1il \u00c9ireann","uri":"https:\/\/data.oireachtas.ie\/ie\/oireachtas\/def\/house\/dail"},"date":"2026-05-06","debateSectionId":"dbsect_11","showAs":"Residential Tenancies (Temporary Prohibition of Termination Notices) Bill 2026: First Stage","uri":"https:\/\/data.oireachtas.ie\/akn\/ie\/debateRecord\/dail\/2026-05-06\/debate\/main"}],"events":[{"event":{"chamber":{"chamberCode":"dail","showAs":"D\u00e1il \u00c9ireann","uri":"https:\/\/data.oireachtas.ie\/ie\/oireachtas\/def\/house\/dail"},"dates":[{"date":"2026-04-16"},{"date":"2026-04-23"},{"date":"2026-05-06"}],"eventURI":"https:\/\/data.oireachtas.ie\/ie\/oireachtas\/def\/bill-event\/admissibility-for-introduction","showAs":"Admissibility for Introduction","uri":"https:\/\/data.oireachtas.ie\/ie\/oireachtas\/bill\/2026\/45\/admissibility-for-introduction"}}],"lastUpdated":"2026-05-07T11:38:19.240000+00:00","longTitleEn":"<p>Bill entitled an Act to make exceptional provision in the public interest for the prohibition of certain termination notices under the Residential Tenancies Act 2004 during the period of 3 years following the enactment of this Act, and to provide for related matters.<\/p>","longTitleGa":"<p>Bille d\u00e1 ngairtear Acht do dh\u00e9anamh socr\u00fa eisceacht\u00fail ar mhaithe le leas an phobail maidir le f\u00f3gra\u00ed foirceanta \u00e1irithe faoin Acht um Thion\u00f3ntachta\u00ed C\u00f3naithe, 2004 a thoirmeasc le linn na tr\u00e9imhse 3 bliana tar \u00e9is an tAcht seo a acht\u00fa, agus do dh\u00e9anamh socr\u00fa i dtaobh nithe gaolmhara.<\/p>","method":"Introduced","methodURI":"https:\/\/data.oireachtas.ie\/ie\/oireachtas\/def\/bill-method\/introduced","mostRecentStage":{"event":{"chamber":{"chamberCode":"dail","showAs":"D\u00e1il \u00c9ireann","uri":"https:\/\/data.oireachtas.ie\/ie\/oireachtas\/def\/house\/dail"},"dates":[{"date":"2026-05-06"}],"house":{"chamberCode":"dail","chamberType":"house","houseCode":"dail","houseNo":"34","showAs":"34th D\u00e1il","uri":"https:\/\/data.oireachtas.ie\/ie\/oireachtas\/house\/dail\/34"},"progressStage":2,"showAs":"Second Stage","stageCompleted":false,"stageOutcome":"Current","stageURI":"https:\/\/data.oireachtas.ie\/ie\/oireachtas\/def\/bill-stage\/2","uri":"https:\/\/data.oireachtas.ie\/ie\/oireachtas\/bill\/2026\/45\/stage\/dail\/2"}},"originHouse":{"showAs":"D\u00e1il \u00c9ireann","uri":"https:\/\/data.oireachtas.ie\/ie\/oireachtas\/def\/house\/dail"},"originHouseURI":"https:\/\/data.oireachtas.ie\/ie\/oireachtas\/def\/house\/dail","relatedDocs":[{"relatedDoc":{"date":"2026-05-06","docType":"memo","formats":{"pdf":{"uri":"https:\/\/data.oireachtas.ie\/ie\/oireachtas\/bill\/2026\/45\/eng\/memo\/b4526d-memo.pdf"},"xml":null},"lang":"eng","showAs":"Explanatory Memorandum","uri":"https:\/\/data.oireachtas.ie\/ie\/oireachtas\/bill\/2026\/45\/eng\/memo"}}],"shortTitleEn":"Residential Tenancies (Temporary Prohibition of Termination Notices) Bill 2026","shortTitleGa":"An Bille um Thion\u00f3ntachta\u00ed C\u00f3naithe (Toirmeasc Sealadach ar Fh\u00f3gra\u00ed Foirceanta), 2026","source":"Private Member","sourceURI":"https:\/\/data.oireachtas.ie\/ie\/oireachtas\/def\/bill-source\/private-member","sponsors":[{"sponsor":{"isPrimary":true,"as":{"showAs":null,"uri":null},"by":{"showAs":"Conor Sheehan","uri":"https:\/\/data.oireachtas.ie\/ie\/oireachtas\/member\/id\/Conor-Sheehan.D.2024-11-29"}}}],"stages":[{"event":{"chamber":{"chamberCode":"dail","showAs":"D\u00e1il \u00c9ireann","uri":"https:\/\/data.oireachtas.ie\/ie\/oireachtas\/def\/house\/dail"},"dates":[{"date":"2026-04-16"},{"date":"2026-04-23"},{"date":"2026-05-06"},{"date":"2026-05-06"}],"house":{"chamberCode":"dail","chamberType":"house","houseCode":"dail","houseNo":"34","showAs":"34th D\u00e1il","uri":"https:\/\/data.oireachtas.ie\/ie\/oireachtas\/house\/dail\/34"},"progressStage":1,"showAs":"First Stage","stageCompleted":true,"stageOutcome":null,"stageURI":"https:\/\/data.oireachtas.ie\/ie\/oireachtas\/def\/bill-stage\/1","uri":"https:\/\/data.oireachtas.ie\/ie\/oireachtas\/bill\/2026\/45\/stage\/dail\/1"}},{"event":{"chamber":{"chamberCode":"dail","showAs":"D\u00e1il \u00c9ireann","uri":"https:\/\/data.oireachtas.ie\/ie\/oireachtas\/def\/house\/dail"},"dates":[{"date":"2026-05-06"}],"house":{"chamberCode":"dail","chamberType":"house","houseCode":"dail","houseNo":"34","showAs":"34th D\u00e1il","uri":"https:\/\/data.oireachtas.ie\/ie\/oireachtas\/house\/dail\/34"},"progressStage":2,"showAs":"Second Stage","stageCompleted":false,"stageOutcome":"Current","stageURI":"https:\/\/data.oireachtas.ie\/ie\/oireachtas\/def\/bill-stage\/2","uri":"https:\/\/data.oireachtas.ie\/ie\/oireachtas\/bill\/2026\/45\/stage\/dail\/2"}}],"status":"Current","statusURI":"https:\/\/data.oireachtas.ie\/ie\/oireachtas\/def\/bill-status\/published","uri":"https:\/\/data.oireachtas.ie\/ie\/oireachtas\/bill\/2026\/45","versions":[{"version":{"lang":"eng","docType":"bill","showAs":"As Initiated","date":"2026-05-06","formats":{"pdf":{"uri":"https:\/\/data.oireachtas.ie\/ie\/oireachtas\/bill\/2026\/45\/eng\/initiated\/b4526d.pdf"},"xml":null},"uri":"https:\/\/data.oireachtas.ie\/ie\/oireachtas\/bill\/2026\/45\/eng\/initiated"}}]},"contextDate":"2026-05-06","billSort":{"actNoSort":null,"actShortTitleEnSort":null,"actShortTitleGaSort":null,"actYearSort":null,"billNoSort":45,"billShortTitleEnSort":"residential-tenancies-temporary-prohibition-of-termination-notices-bill-2026","billShortTitleGaSort":"an-bille-um-thionontachtai-conaithe-toirmeasc-sealadach-ar-fhograi-foirceanta-2026","billYearSort":2026}},{"bill":{"act":null,"amendmentLists":[],"billNo":"44","billType":"Public","billTypeURI":"https:\/\/data.oireachtas.ie\/ie\/oireachtas\/def\/bill-type\/public","billYear":"2026","debates":[{"chamber":{"showAs":"D\u00e1il \u00c9ireann","uri":"https:\/\/data.oireachtas.ie\/ie\/oireachtas\/def\/house\/dail"},"date":"2026-05-06","debateSectionId":"dbsect_10","showAs":"Criminal Law (Adult Safeguarding) Bill 2026: First Stage","uri":"https:\/\/data.oireachtas.ie\/akn\/ie\/debateRecord\/dail\/2026-05-06\/debate\/main"}],"events":[{"event":{"chamber":{"chamberCode":"dail","showAs":"D\u00e1il \u00c9ireann","uri":"https:\/\/data.oireachtas.ie\/ie\/oireachtas\/def\/house\/dail"},"dates":[{"date":"2026-05-05"},{"date":"2026-05-06"}],"eventURI":"https:\/\/data.oireachtas.ie\/ie\/oireachtas\/def\/bill-event\/approved-for-initiation","showAs":"Approved for Initiation","uri":"https:\/\/data.oireachtas.ie\/ie\/oireachtas\/bill\/2026\/44\/approved-for-initiation"}}],"lastUpdated":"2026-05-07T09:22:09.130000+00:00","longTitleEn":"<p>Bill entitled an Act to provide for offences committed against adults whose ability to guard themselves against violence, exploitation or abuse, whether physical, sexual or emotional, or against neglect by another person is significantly impaired; and to provide for related matters.<\/p>","longTitleGa":"<p>Bille d\u00e1 ngairtear Acht do dh\u00e9anamh socr\u00fa maidir le cionta arna nd\u00e9anamh in aghaidh aosaigh a bhfuil a gcumas c\u00faram a ghlacadh in aghaidh for\u00e9igean, teacht i dt\u00edr n\u00f3 droch\u00fas\u00e1id, cib\u00e9 acu fisici\u00fail, gn\u00e9asach n\u00f3 moth\u00fach\u00e1nach, n\u00f3 in aghaidh faill\u00ed ag duine eile lagaithe go suntasach; agus do dh\u00e9anamh socr\u00fa i dtaobh nithe gaolmhara.<\/p>","method":"Introduced","methodURI":"https:\/\/data.oireachtas.ie\/ie\/oireachtas\/def\/bill-method\/introduced","mostRecentStage":{"event":{"chamber":{"chamberCode":"dail","showAs":"D\u00e1il \u00c9ireann","uri":"https:\/\/data.oireachtas.ie\/ie\/oireachtas\/def\/house\/dail"},"dates":[{"date":"2026-05-05"},{"date":"2026-05-06"},{"date":"2026-05-06"}],"house":{"chamberCode":"dail","chamberType":"house","houseCode":"dail","houseNo":"34","showAs":"34th D\u00e1il","uri":"https:\/\/data.oireachtas.ie\/ie\/oireachtas\/house\/dail\/34"},"progressStage":1,"showAs":"First Stage","stageCompleted":true,"stageOutcome":null,"stageURI":"https:\/\/data.oireachtas.ie\/ie\/oireachtas\/def\/bill-stage\/1","uri":"https:\/\/data.oireachtas.ie\/ie\/oireachtas\/bill\/2026\/44\/stage\/dail\/1"}},"originHouse":{"showAs":"D\u00e1il \u00c9ireann","uri":"https:\/\/data.oireachtas.ie\/ie\/oireachtas\/def\/house\/dail"},"originHouseURI":"https:\/\/data.oireachtas.ie\/ie\/oireachtas\/def\/house\/dail","relatedDocs":[{"relatedDoc":{"date":"2026-05-06","docType":"memo","formats":{"pdf":{"uri":"https:\/\/data.oireachtas.ie\/ie\/oireachtas\/bill\/2026\/44\/eng\/memo\/b4426d-memo.pdf"},"xml":null},"lang":"eng","showAs":"Explanatory Memorandum","uri":"https:\/\/data.oireachtas.ie\/ie\/oireachtas\/bill\/2026\/44\/eng\/memo"}}],"shortTitleEn":"Criminal Law (Adult Safeguarding) Bill 2026","shortTitleGa":"An Bille um an Dl\u00ed Coiri\u00fail (Coimirci\u00fa Aosach), 2026","source":"Private Member","sourceURI":"https:\/\/data.oireachtas.ie\/ie\/oireachtas\/def\/bill-source\/private-member","sponsors":[{"sponsor":{"isPrimary":true,"as":{"showAs":null,"uri":null},"by":{"showAs":"David Cullinane","uri":"https:\/\/data.oireachtas.ie\/ie\/oireachtas\/member\/id\/David-Cullinane.S.2011-05-25"}}},{"sponsor":{"isPrimary":false,"as":{"showAs":null,"uri":null},"by":{"showAs":"Matt Carthy","uri":"https:\/\/data.oireachtas.ie\/ie\/oireachtas\/member\/id\/Matt-Carthy.D.2020-02-08"}}},{"sponsor":{"isPrimary":false,"as":{"showAs":null,"uri":null},"by":{"showAs":"Natasha Newsome Drennan","uri":"https:\/\/data.oireachtas.ie\/ie\/oireachtas\/member\/id\/Natasha-Newsome-Drennan.D.2024-11-29"}}}],"stages":[{"event":{"chamber":{"chamberCode":"dail","showAs":"D\u00e1il \u00c9ireann","uri":"https:\/\/data.oireachtas.ie\/ie\/oireachtas\/def\/house\/dail"},"dates":[{"date":"2026-05-05"},{"date":"2026-05-06"},{"date":"2026-05-06"}],"house":{"chamberCode":"dail","chamberType":"house","houseCode":"dail","houseNo":"34","showAs":"34th D\u00e1il","uri":"https:\/\/data.oireachtas.ie\/ie\/oireachtas\/house\/dail\/34"},"progressStage":1,"showAs":"First Stage","stageCompleted":true,"stageOutcome":null,"stageURI":"https:\/\/data.oireachtas.ie\/ie\/oireachtas\/def\/bill-stage\/1","uri":"https:\/\/data.oireachtas.ie\/ie\/oireachtas\/bill\/2026\/44\/stage\/dail\/1"}}],"status":"Current","statusURI":"https:\/\/data.oireachtas.ie\/ie\/oireachtas\/def\/bill-status\/published","uri":"https:\/\/data.oireachtas.ie\/ie\/oireachtas\/bill\/2026\/44","versions":[{"version":{"lang":"eng","docType":"bill","showAs":"As Initiated","date":"2026-05-06","formats":{"pdf":{"uri":"https:\/\/data.oireachtas.ie\/ie\/oireachtas\/bill\/2026\/44\/eng\/initiated\/b4426d.pdf"},"xml":null},"uri":"https:\/\/data.oireachtas.ie\/ie\/oireachtas\/bill\/2026\/44\/eng\/initiated"}}]},"contextDate":"2026-05-06","billSort":{"actNoSort":null,"actShortTitleEnSort":null,"actShortTitleGaSort":null,"actYearSort":null,"billNoSort":44,"billShortTitleEnSort":"criminal-law-adult-safeguarding-bill-2026","billShortTitleGaSort":"an-bille-um-an-dli-coiriuil-coimirciu-aosach-2026","billYearSort":2026}},{"bill":{"act":null,"amendmentLists":[],"billNo":"43","billType":"Public","billTypeURI":"https:\/\/data.oireachtas.ie\/ie\/oireachtas\/def\/bill-type\/public","billYear":"2026","debates":[{"chamber":{"showAs":"D\u00e1il \u00c9ireann","uri":"https:\/\/data.oireachtas.ie\/ie\/oireachtas\/def\/house\/dail"},"date":"2026-05-06","debateSectionId":"dbsect_9","showAs":"Garda S\u00edoch\u00e1na (Recording Devices) (Amendment) Bill 2026: First Stage","uri":"https:\/\/data.oireachtas.ie\/akn\/ie\/debateRecord\/dail\/2026-05-06\/debate\/main"}],"events":[{"event":{"chamber":{"chamberCode":"dail","showAs":"D\u00e1il \u00c9ireann","uri":"https:\/\/data.oireachtas.ie\/ie\/oireachtas\/def\/house\/dail"},"dates":[{"date":"2026-04-02"},{"date":"2026-05-01"},{"date":"2026-05-06"}],"eventURI":"https:\/\/data.oireachtas.ie\/ie\/oireachtas\/def\/bill-event\/admissibility-for-introduction","showAs":"Admissibility for Introduction","uri":"https:\/\/data.oireachtas.ie\/ie\/oireachtas\/bill\/2026\/43\/admissibility-for-introduction"}}],"lastUpdated":"2026-06-04T15:07:18.950000+00:00","longTitleEn":"<p>Bill entitled an Act to amend the Garda S\u00edoch\u00e1na (Recording Devices) Act 2023 to require that public bodies provide members of Garda personnel access to publicly operated CCTV systems, without a full new authorisation being required, for the prevention, investigation, detection or prosecution of criminal offences; to allow members of Garda personnel to install and operate CCTV in designated high-crime areas; to provide for the preparation of draft codes of practice in relation to Garda access to publicly operated CCTV systems, and for the Minister to declare them by order to be codes of practice.<\/p>","longTitleGa":"<p>Bille d\u00e1 ngairtear Acht do leas\u00fa Acht an Gharda S\u00edoch\u00e1na (Feist\u00ed Taifeadta), 2023 chun a cheangal ar chomhlachta\u00ed poibl\u00ed rochtain ar ch\u00f3rais TCI a oibr\u00edtear go poibl\u00ed a shol\u00e1thar do chomhalta\u00ed de phearsanra an Gharda, gan \u00fadar\u00fa ioml\u00e1n nua a bheith riachtanach chuige sin, d\u2019fhonn cionta coiri\u00fala a chosc, a imscr\u00fad\u00fa, a bhrath n\u00f3 a ionch\u00faiseamh; do chead\u00fa do chomhalta\u00ed de phearsanra an Gharda TCI a shuite\u00e1il agus a oibri\u00fa i limist\u00e9ir shainainmnithe ina bhfuil leibh\u00e9al ard coireachta; do dh\u00e9anamh socr\u00fa maidir le dr\u00e9achtch\u00f3id chleachtais a ullmh\u00fa i nd\u00e1il le rochtain a bheith ag an nGarda S\u00edoch\u00e1na ar ch\u00f3rais TCI a oibr\u00edtear go poibl\u00ed, agus maidir leis an Aire do dhearbh\u00fa, le hord\u00fa, gur c\u00f3id chleachtais iad.<\/p>","method":"Introduced","methodURI":"https:\/\/data.oireachtas.ie\/ie\/oireachtas\/def\/bill-method\/introduced","mostRecentStage":{"event":{"chamber":{"chamberCode":"dail","showAs":"D\u00e1il \u00c9ireann","uri":"https:\/\/data.oireachtas.ie\/ie\/oireachtas\/def\/house\/dail"},"dates":[{"date":"2026-05-06"}],"house":{"chamberCode":"dail","chamberType":"house","houseCode":"dail","houseNo":"34","showAs":"34th D\u00e1il","uri":"https:\/\/data.oireachtas.ie\/ie\/oireachtas\/house\/dail\/34"},"progressStage":2,"showAs":"Second Stage","stageCompleted":true,"stageOutcome":null,"stageURI":"https:\/\/data.oireachtas.ie\/ie\/oireachtas\/def\/bill-stage\/2","uri":"https:\/\/data.oireachtas.ie\/ie\/oireachtas\/bill\/2026\/43\/stage\/dail\/2"}},"originHouse":{"showAs":"D\u00e1il \u00c9ireann","uri":"https:\/\/data.oireachtas.ie\/ie\/oireachtas\/def\/house\/dail"},"originHouseURI":"https:\/\/data.oireachtas.ie\/ie\/oireachtas\/def\/house\/dail","relatedDocs":[{"relatedDoc":{"date":"2026-05-06","docType":"memo","formats":{"pdf":{"uri":"https:\/\/data.oireachtas.ie\/ie\/oireachtas\/bill\/2026\/43\/eng\/memo\/b4326d-memo.pdf"},"xml":null},"lang":"eng","showAs":"Explanatory Memorandum","uri":"https:\/\/data.oireachtas.ie\/ie\/oireachtas\/bill\/2026\/43\/eng\/memo"}}],"shortTitleEn":"Garda S\u00edoch\u00e1na (Recording Devices) (Amendment) Bill 2026","shortTitleGa":"Bille an Gharda S\u00edoch\u00e1na (Feist\u00ed Taifeadta) (Leas\u00fa), 2026","source":"Private Member","sourceURI":"https:\/\/data.oireachtas.ie\/ie\/oireachtas\/def\/bill-source\/private-member","sponsors":[{"sponsor":{"isPrimary":true,"as":{"showAs":null,"uri":null},"by":{"showAs":"James Geoghegan","uri":"https:\/\/data.oireachtas.ie\/ie\/oireachtas\/member\/id\/James-Geoghegan.D.2024-11-29"}}},{"sponsor":{"isPrimary":false,"as":{"showAs":null,"uri":null},"by":{"showAs":"Naoise \u00d3 Muir\u00ed","uri":"https:\/\/data.oireachtas.ie\/ie\/oireachtas\/member\/id\/Naoise-\u00d3-Muir\u00ed.D.2024-11-29"}}},{"sponsor":{"isPrimary":false,"as":{"showAs":null,"uri":null},"by":{"showAs":"Emer Currie","uri":"https:\/\/data.oireachtas.ie\/ie\/oireachtas\/member\/id\/Emer-Currie.S.2020-06-29"}}},{"sponsor":{"isPrimary":false,"as":{"showAs":null,"uri":null},"by":{"showAs":"Grace Boland","uri":"https:\/\/data.oireachtas.ie\/ie\/oireachtas\/member\/id\/Grace-Boland.D.2024-11-29"}}},{"sponsor":{"isPrimary":false,"as":{"showAs":null,"uri":null},"by":{"showAs":"Maeve O'Connell","uri":"https:\/\/data.oireachtas.ie\/ie\/oireachtas\/member\/id\/Maeve-O'Connell.D.2024-11-29"}}}],"stages":[{"event":{"chamber":{"chamberCode":"dail","showAs":"D\u00e1il \u00c9ireann","uri":"https:\/\/data.oireachtas.ie\/ie\/oireachtas\/def\/house\/dail"},"dates":[{"date":"2026-04-02"},{"date":"2026-05-01"},{"date":"2026-05-06"},{"date":"2026-05-06"}],"house":{"chamberCode":"dail","chamberType":"house","houseCode":"dail","houseNo":"34","showAs":"34th D\u00e1il","uri":"https:\/\/data.oireachtas.ie\/ie\/oireachtas\/house\/dail\/34"},"progressStage":1,"showAs":"First Stage","stageCompleted":true,"stageOutcome":null,"stageURI":"https:\/\/data.oireachtas.ie\/ie\/oireachtas\/def\/bill-stage\/1","uri":"https:\/\/data.oireachtas.ie\/ie\/oireachtas\/bill\/2026\/43\/stage\/dail\/1"}},{"event":{"chamber":{"chamberCode":"dail","showAs":"D\u00e1il \u00c9ireann","uri":"https:\/\/data.oireachtas.ie\/ie\/oireachtas\/def\/house\/dail"},"dates":[{"date":"2026-05-06"}],"house":{"chamberCode":"dail","chamberType":"house","houseCode":"dail","houseNo":"34","showAs":"34th D\u00e1il","uri":"https:\/\/data.oireachtas.ie\/ie\/oireachtas\/house\/dail\/34"},"progressStage":2,"showAs":"Second Stage","stageCompleted":true,"stageOutcome":null,"stageURI":"https:\/\/data.oireachtas.ie\/ie\/oireachtas\/def\/bill-stage\/2","uri":"https:\/\/data.oireachtas.ie\/ie\/oireachtas\/bill\/2026\/43\/stage\/dail\/2"}}],"status":"Current","statusURI":"https:\/\/data.oireachtas.ie\/ie\/oireachtas\/def\/bill-status\/published","uri":"https:\/\/data.oireachtas.ie\/ie\/oireachtas\/bill\/2026\/43","versions":[{"version":{"lang":"eng","docType":"bill","showAs":"As Initiated","date":"2026-05-06","formats":{"pdf":{"uri":"https:\/\/data.oireachtas.ie\/ie\/oireachtas\/bill\/2026\/43\/eng\/initiated\/b4326d.pdf"},"xml":null},"uri":"https:\/\/data.oireachtas.ie\/ie\/oireachtas\/bill\/2026\/43\/eng\/initiated"}}]},"contextDate":"2026-05-06","billSort":{"actNoSort":null,"actShortTitleEnSort":null,"actShortTitleGaSort":null,"actYearSort":null,"billNoSort":43,"billShortTitleEnSort":"garda-siochana-recording-devices-amendment-bill-2026","billShortTitleGaSort":"bille-an-gharda-siochana-feisti-taifeadta-leasu-2026","billYearSort":2026}},{"bill":{"act":null,"amendmentLists":[{"amendmentList":{"amendmentTypeUri":{"uri":"https:\/\/data.oireachtas.ie\/ie\/oireachtas\/def\/amendment-type\/numberedList"},"chamber":{"showAs":"Dail","uri":"https:\/\/data.oireachtas.ie\/ie\/oireachtas\/def\/dail"},"date":"2026-06-09","formats":{"pdf":{"uri":"https:\/\/data.oireachtas.ie\/ie\/oireachtas\/bill\/2026\/42\/dail\/3\/amendment\/numberedList\/eng\/b4226d-dcnl.pdf"},"xml":null},"showAs":"Numbered List [D\u00e1il]","stage":{"showAs":"Committee Stage","uri":"https:\/\/data.oireachtas.ie\/ie\/oireachtas\/bill\/2026\/42\/dail\/3"},"stageNo":"3"}}],"billNo":"42","billType":"Public","billTypeURI":"https:\/\/data.oireachtas.ie\/ie\/oireachtas\/def\/bill-type\/public","billYear":"2026","debates":[{"chamber":{"showAs":"Select Committee on Enterprise, Tourism and Employment","uri":"https:\/\/data.oireachtas.ie\/ie\/oireachtas\/def\/committee"},"date":"2026-07-01","debateSectionId":"dbsect_2","showAs":"Industrial Development (Amendment) and Miscellaneous Provisions Bill 2026: Committee Stage (Resumed)","uri":"https:\/\/data.oireachtas.ie\/akn\/ie\/debateRecord\/select_committee_on_enterprise_tourism_and_employment\/2026-07-01\/debate\/main"},{"chamber":{"showAs":"Select Committee on Enterprise, Tourism and Employment","uri":"https:\/\/data.oireachtas.ie\/ie\/oireachtas\/def\/committee"},"date":"2026-06-10","debateSectionId":"dbsect_3","showAs":"Industrial Development (Amendment) and Miscellaneous Provisions Bill 2026: Committee Stage","uri":"https:\/\/data.oireachtas.ie\/akn\/ie\/debateRecord\/select_committee_on_enterprise_tourism_and_employment\/2026-06-10\/debate\/main"},{"chamber":{"showAs":"D\u00e1il \u00c9ireann","uri":"https:\/\/data.oireachtas.ie\/ie\/oireachtas\/def\/house\/dail"},"date":"2026-05-14","debateSectionId":"dbsect_35","showAs":"Industrial Development (Amendment) and Miscellaneous Provisions Bill 2026: Second Stage","uri":"https:\/\/data.oireachtas.ie\/akn\/ie\/debateRecord\/dail\/2026-05-14\/debate\/main"},{"chamber":{"showAs":"D\u00e1il \u00c9ireann","uri":"https:\/\/data.oireachtas.ie\/ie\/oireachtas\/def\/house\/dail"},"date":"2026-05-14","debateSectionId":"dbsect_36","showAs":"Industrial Development (Amendment) and Miscellaneous Provisions Bill 2026: Referral to Select Committee","uri":"https:\/\/data.oireachtas.ie\/akn\/ie\/debateRecord\/dail\/2026-05-14\/debate\/main"}],"events":[{"event":{"chamber":{"chamberCode":"dail","showAs":"D\u00e1il \u00c9ireann","uri":"https:\/\/data.oireachtas.ie\/ie\/oireachtas\/def\/house\/dail"},"dates":[{"date":"2026-05-06"}],"eventURI":"https:\/\/data.oireachtas.ie\/ie\/oireachtas\/def\/bill-event\/published","showAs":"Published","uri":"https:\/\/data.oireachtas.ie\/ie\/oireachtas\/bill\/2026\/42\/published"}}],"lastUpdated":"2026-07-03T15:15:38.330000+00:00","longTitleEn":"<p>Bill entitled an Act to amend the Industrial Development Act 1986, the Industrial Development Act 1995, the Industrial Development (Enterprise Ireland) Act 1998, the Dangerous Substances Act 1972, the Science and Technology Act 1987, the Safety, Health and Welfare at Work Act 2005, the Chemicals Act 2008 and the Freedom of Information Act 2014; and to provide for related matters.<\/p>","longTitleGa":"<p>Bille d\u00e1 ngairtear Acht do leas\u00fa an Achta um Fhorbairt Tionscail, 1986, an Achta um Fhorbairt Tionscail, 1995, an Achta um Fhorbairt Tionscail (Fiontra\u00edocht \u00c9ireann), 1998, an Achta um Shubstaint\u00ed Cont\u00fairteacha, 1972, an Achta Eola\u00edochta agus Teicneola\u00edochta, 1987, an Achta um Sh\u00e1bh\u00e1ilteacht, Sl\u00e1inte agus Leas ag an Obair, 2005, an Achta Ceimice\u00e1n, 2008 agus an Achta um Shaor\u00e1il Faisn\u00e9ise, 2014; agus do dh\u00e9anamh socr\u00fa i dtaobh nithe gaolmhara.<\/p>","method":"Presented","methodURI":"https:\/\/data.oireachtas.ie\/ie\/oireachtas\/def\/bill-method\/presented","mostRecentStage":{"event":{"chamber":{"chamberCode":"dail","showAs":"D\u00e1il \u00c9ireann","uri":"https:\/\/data.oireachtas.ie\/ie\/oireachtas\/def\/house\/dail"},"dates":[{"date":"2026-05-14"}],"house":{"chamberCode":"dail","chamberType":"house","houseCode":"dail","houseNo":"34","showAs":"34th D\u00e1il","uri":"https:\/\/data.oireachtas.ie\/ie\/oireachtas\/house\/dail\/34"},"progressStage":3,"showAs":"Committee Stage","stageCompleted":true,"stageOutcome":null,"stageURI":"https:\/\/data.oireachtas.ie\/ie\/oireachtas\/def\/bill-stage\/3","uri":"https:\/\/data.oireachtas.ie\/ie\/oireachtas\/bill\/2026\/42\/stage\/dail\/3"}},"originHouse":{"showAs":"D\u00e1il \u00c9ireann","uri":"https:\/\/data.oireachtas.ie\/ie\/oireachtas\/def\/house\/dail"},"originHouseURI":"https:\/\/data.oireachtas.ie\/ie\/oireachtas\/def\/house\/dail","relatedDocs":[{"relatedDoc":{"date":"2026-05-11","docType":"gluais","formats":{"pdf":{"uri":"https:\/\/data.oireachtas.ie\/ie\/oireachtas\/bill\/2026\/42\/mul\/gluais\/gluais-13-2026-an-bille-um-fhorbairt-tionscail-leasu-agus-foralacha-ilghneitheacha-2026.pdf"},"xml":null},"lang":"mul","showAs":"Glossary\/Gluais","uri":"https:\/\/data.oireachtas.ie\/ie\/oireachtas\/bill\/2026\/42\/mul\/gluais"}},{"relatedDoc":{"date":"2026-05-06","docType":"memo","formats":{"pdf":{"uri":"https:\/\/data.oireachtas.ie\/ie\/oireachtas\/bill\/2026\/42\/eng\/memo\/b4226d-memo.pdf"},"xml":null},"lang":"eng","showAs":"Explanatory Memorandum","uri":"https:\/\/data.oireachtas.ie\/ie\/oireachtas\/bill\/2026\/42\/eng\/memo"}}],"shortTitleEn":"Industrial Development (Amendment) and Miscellaneous Provisions Bill 2026","shortTitleGa":"An Bille um Fhorbairt Tionscail (Leas\u00fa) agus For\u00e1lacha Ilghn\u00e9itheacha, 2026","source":"Government","sourceURI":"https:\/\/data.oireachtas.ie\/ie\/oireachtas\/def\/bill-source\/government","sponsors":[{"sponsor":{"isPrimary":true,"as":{"showAs":"Minister for Enterprise, Tourism and Employment","uri":null},"by":{"showAs":null,"uri":null}}}],"stages":[{"event":{"chamber":{"chamberCode":"dail","showAs":"D\u00e1il \u00c9ireann","uri":"https:\/\/data.oireachtas.ie\/ie\/oireachtas\/def\/house\/dail"},"dates":[{"date":"2026-05-06"},{"date":"2026-05-06"}],"house":{"chamberCode":"dail","chamberType":"house","houseCode":"dail","houseNo":"34","showAs":"34th D\u00e1il","uri":"https:\/\/data.oireachtas.ie\/ie\/oireachtas\/house\/dail\/34"},"progressStage":1,"showAs":"First Stage","stageCompleted":true,"stageOutcome":null,"stageURI":"https:\/\/data.oireachtas.ie\/ie\/oireachtas\/def\/bill-stage\/1","uri":"https:\/\/data.oireachtas.ie\/ie\/oireachtas\/bill\/2026\/42\/stage\/dail\/1"}},{"event":{"chamber":{"chamberCode":"dail","showAs":"D\u00e1il \u00c9ireann","uri":"https:\/\/data.oireachtas.ie\/ie\/oireachtas\/def\/house\/dail"},"dates":[{"date":"2026-05-06"}],"house":{"chamberCode":"dail","chamberType":"house","houseCode":"dail","houseNo":"34","showAs":"34th D\u00e1il","uri":"https:\/\/data.oireachtas.ie\/ie\/oireachtas\/house\/dail\/34"},"progressStage":2,"showAs":"Second Stage","stageCompleted":true,"stageOutcome":null,"stageURI":"https:\/\/data.oireachtas.ie\/ie\/oireachtas\/def\/bill-stage\/2","uri":"https:\/\/data.oireachtas.ie\/ie\/oireachtas\/bill\/2026\/42\/stage\/dail\/2"}},{"event":{"chamber":{"chamberCode":"dail","showAs":"D\u00e1il \u00c9ireann","uri":"https:\/\/data.oireachtas.ie\/ie\/oireachtas\/def\/house\/dail"},"dates":[{"date":"2026-05-14"}],"house":{"chamberCode":"dail","chamberType":"house","houseCode":"dail","houseNo":"34","showAs":"34th D\u00e1il","uri":"https:\/\/data.oireachtas.ie\/ie\/oireachtas\/house\/dail\/34"},"progressStage":3,"showAs":"Committee Stage","stageCompleted":true,"stageOutcome":null,"stageURI":"https:\/\/data.oireachtas.ie\/ie\/oireachtas\/def\/bill-stage\/3","uri":"https:\/\/data.oireachtas.ie\/ie\/oireachtas\/bill\/2026\/42\/stage\/dail\/3"}}],"status":"Current","statusURI":"https:\/\/data.oireachtas.ie\/ie\/oireachtas\/def\/bill-status\/published","uri":"https:\/\/data.oireachtas.ie\/ie\/oireachtas\/bill\/2026\/42","versions":[{"version":{"lang":"eng","docType":"bill","showAs":"As Initiated","date":"2026-05-06","formats":{"pdf":{"uri":"https:\/\/data.oireachtas.ie\/ie\/oireachtas\/bill\/2026\/42\/eng\/initiated\/b4226d.pdf"},"xml":null},"uri":"https:\/\/data.oireachtas.ie\/ie\/oireachtas\/bill\/2026\/42\/eng\/initiated"}}]},"contextDate":"2026-05-14","billSort":{"actNoSort":null,"actShortTitleEnSort":null,"actShortTitleGaSort":null,"actYearSort":null,"billNoSort":42,"billShortTitleEnSort":"industrial-development-amendment-and-miscellaneous-provisions-bill-2026","billShortTitleGaSort":"an-bille-um-fhorbairt-tionscail-leasu-agus-foralacha-ilghneitheacha-2026","billYearSort":2026}},{"bill":{"act":null,"amendmentLists":[],"billNo":"41","billType":"Public","billTypeURI":"https:\/\/data.oireachtas.ie\/ie\/oireachtas\/def\/bill-type\/public","billYear":"2026","debates":[{"chamber":{"showAs":"D\u00e1il \u00c9ireann","uri":"https:\/\/data.oireachtas.ie\/ie\/oireachtas\/def\/house\/dail"},"date":"2026-04-28","debateSectionId":"dbsect_11","showAs":"Local Government (Cities) Bill 2026: First Stage","uri":"https:\/\/data.oireachtas.ie\/akn\/ie\/debateRecord\/dail\/2026-04-28\/debate\/main"}],"events":[{"event":{"chamber":{"chamberCode":"dail","showAs":"D\u00e1il \u00c9ireann","uri":"https:\/\/data.oireachtas.ie\/ie\/oireachtas\/def\/house\/dail"},"dates":[{"date":"2026-04-02"},{"date":"2026-04-23"},{"date":"2026-04-28"}],"eventURI":"https:\/\/data.oireachtas.ie\/ie\/oireachtas\/def\/bill-event\/admissibility-for-introduction","showAs":"Admissibility for Introduction","uri":"https:\/\/data.oireachtas.ie\/ie\/oireachtas\/bill\/2026\/41\/admissibility-for-introduction"}}],"lastUpdated":"2026-04-29T14:56:45.530000+00:00","longTitleEn":"<p>Bill entitled an Act to provide that the municipal district area that includes the Local Electoral Area of Drogheda Urban shall be known in the Irish language as <i>Ceantar Bardasach Chathair Dhroichead \u00c1tha<\/i> and in the English language as the Municipal District of Drogheda City, and for that purpose to amend the Local Government Act 2001; to provide that specified towns which comply with the requirements provided for by this Act may be granted city status and for those purposes to amend the Local Government Act 2001; and to provide for related matters.<\/p>","longTitleGa":"<p>Bille d\u00e1 ngairtear Acht do dh\u00e9anamh socr\u00fa chun go dtabharfar, sa Ghaeilge, Ceantar Bardasach Chathair Dhroichead \u00c1tha agus, sa Bh\u00e9arla, <i>the Municipal District of Drogheda City<\/i>, ar an limist\u00e9ar ceantair bhardasaigh ina bhfuil Toghlimist\u00e9ar \u00c1iti\u00fail Dhroichead \u00c1tha Uirbeach agus, chun na cr\u00edche sin, do leas\u00fa an Achta Rialtais \u00c1iti\u00fail, 2001; do dh\u00e9anamh socr\u00fa chun go bhf\u00e9adfar st\u00e1das cathrach a thabhairt<span style=\"color:red;\">&nbsp;<\/span>do bhailte sonraithe a chomhl\u00edonann na ceanglais d\u00e1 bhfor\u00e1iltear leis an Acht seo agus, chun na gcr\u00edoch sin, do leas\u00fa an Achta Rialtais \u00c1iti\u00fail, 2001; agus do dh\u00e9anamh socr\u00fa i dtaobh nithe gaolmhara.<\/p>","method":"Introduced","methodURI":"https:\/\/data.oireachtas.ie\/ie\/oireachtas\/def\/bill-method\/introduced","mostRecentStage":{"event":{"chamber":{"chamberCode":"dail","showAs":"D\u00e1il \u00c9ireann","uri":"https:\/\/data.oireachtas.ie\/ie\/oireachtas\/def\/house\/dail"},"dates":[{"date":"2026-04-28"}],"house":{"chamberCode":"dail","chamberType":"house","houseCode":"dail","houseNo":"34","showAs":"34th D\u00e1il","uri":"https:\/\/data.oireachtas.ie\/ie\/oireachtas\/house\/dail\/34"},"progressStage":2,"showAs":"Second Stage","stageCompleted":false,"stageOutcome":"Current","stageURI":"https:\/\/data.oireachtas.ie\/ie\/oireachtas\/def\/bill-stage\/2","uri":"https:\/\/data.oireachtas.ie\/ie\/oireachtas\/bill\/2026\/41\/stage\/dail\/2"}},"originHouse":{"showAs":"D\u00e1il \u00c9ireann","uri":"https:\/\/data.oireachtas.ie\/ie\/oireachtas\/def\/house\/dail"},"originHouseURI":"https:\/\/data.oireachtas.ie\/ie\/oireachtas\/def\/house\/dail","relatedDocs":[{"relatedDoc":{"date":"2026-04-28","docType":"memo","formats":{"pdf":{"uri":"https:\/\/data.oireachtas.ie\/ie\/oireachtas\/bill\/2026\/41\/eng\/memo\/b4126d-memo.pdf"},"xml":null},"lang":"eng","showAs":"Explanatory Memorandum","uri":"https:\/\/data.oireachtas.ie\/ie\/oireachtas\/bill\/2026\/41\/eng\/memo"}}],"shortTitleEn":"Local Government (Cities) Bill 2026 ","shortTitleGa":"An Bille Rialtais \u00c1iti\u00fail (Cathracha), 2026","source":"Private Member","sourceURI":"https:\/\/data.oireachtas.ie\/ie\/oireachtas\/def\/bill-source\/private-member","sponsors":[{"sponsor":{"isPrimary":true,"as":{"showAs":null,"uri":null},"by":{"showAs":"Joanna Byrne","uri":"https:\/\/data.oireachtas.ie\/ie\/oireachtas\/member\/id\/Joanna-Byrne.D.2024-11-29"}}}],"stages":[{"event":{"chamber":{"chamberCode":"dail","showAs":"D\u00e1il \u00c9ireann","uri":"https:\/\/data.oireachtas.ie\/ie\/oireachtas\/def\/house\/dail"},"dates":[{"date":"2026-04-02"},{"date":"2026-04-23"},{"date":"2026-04-28"},{"date":"2026-04-28"}],"house":{"chamberCode":"dail","chamberType":"house","houseCode":"dail","houseNo":"34","showAs":"34th D\u00e1il","uri":"https:\/\/data.oireachtas.ie\/ie\/oireachtas\/house\/dail\/34"},"progressStage":1,"showAs":"First Stage","stageCompleted":true,"stageOutcome":null,"stageURI":"https:\/\/data.oireachtas.ie\/ie\/oireachtas\/def\/bill-stage\/1","uri":"https:\/\/data.oireachtas.ie\/ie\/oireachtas\/bill\/2026\/41\/stage\/dail\/1"}},{"event":{"chamber":{"chamberCode":"dail","showAs":"D\u00e1il \u00c9ireann","uri":"https:\/\/data.oireachtas.ie\/ie\/oireachtas\/def\/house\/dail"},"dates":[{"date":"2026-04-28"}],"house":{"chamberCode":"dail","chamberType":"house","houseCode":"dail","houseNo":"34","showAs":"34th D\u00e1il","uri":"https:\/\/data.oireachtas.ie\/ie\/oireachtas\/house\/dail\/34"},"progressStage":2,"showAs":"Second Stage","stageCompleted":false,"stageOutcome":"Current","stageURI":"https:\/\/data.oireachtas.ie\/ie\/oireachtas\/def\/bill-stage\/2","uri":"https:\/\/data.oireachtas.ie\/ie\/oireachtas\/bill\/2026\/41\/stage\/dail\/2"}}],"status":"Current","statusURI":"https:\/\/data.oireachtas.ie\/ie\/oireachtas\/def\/bill-status\/published","uri":"https:\/\/data.oireachtas.ie\/ie\/oireachtas\/bill\/2026\/41","versions":[{"version":{"lang":"eng","docType":"bill","showAs":"As Initiated","date":"2026-04-28","formats":{"pdf":{"uri":"https:\/\/data.oireachtas.ie\/ie\/oireachtas\/bill\/2026\/41\/eng\/initiated\/b4126d.pdf"},"xml":null},"uri":"https:\/\/data.oireachtas.ie\/ie\/oireachtas\/bill\/2026\/41\/eng\/initiated"}}]},"contextDate":"2026-04-28","billSort":{"actNoSort":null,"actShortTitleEnSort":null,"actShortTitleGaSort":null,"actYearSort":null,"billNoSort":41,"billShortTitleEnSort":"local-government-cities-bill-2026","billShortTitleGaSort":"an-bille-rialtais-aitiuil-cathracha-2026","billYearSort":2026}},{"bill":{"act":null,"amendmentLists":[],"billNo":"40","billType":"Public","billTypeURI":"https:\/\/data.oireachtas.ie\/ie\/oireachtas\/def\/bill-type\/public","billYear":"2026","debates":[{"chamber":{"showAs":"D\u00e1il \u00c9ireann","uri":"https:\/\/data.oireachtas.ie\/ie\/oireachtas\/def\/house\/dail"},"date":"2026-05-13","debateSectionId":"dbsect_66","showAs":"Reproductive Rights (Amendment) Bill 2026: Second Stage (Resumed) [Private Members]","uri":"https:\/\/data.oireachtas.ie\/akn\/ie\/debateRecord\/dail\/2026-05-13\/debate\/main"},{"chamber":{"showAs":"D\u00e1il \u00c9ireann","uri":"https:\/\/data.oireachtas.ie\/ie\/oireachtas\/def\/house\/dail"},"date":"2026-05-13","debateSectionId":"dbsect_9","showAs":"Reproductive Rights (Amendment) Bill 2026: Second Stage [Private Members]","uri":"https:\/\/data.oireachtas.ie\/akn\/ie\/debateRecord\/dail\/2026-05-13\/debate\/main"},{"chamber":{"showAs":"D\u00e1il \u00c9ireann","uri":"https:\/\/data.oireachtas.ie\/ie\/oireachtas\/def\/house\/dail"},"date":"2026-04-28","debateSectionId":"dbsect_10","showAs":"Reproductive Rights (Amendment) Bill 2026: First Stage","uri":"https:\/\/data.oireachtas.ie\/akn\/ie\/debateRecord\/dail\/2026-04-28\/debate\/main"}],"events":[{"event":{"chamber":{"chamberCode":"dail","showAs":"D\u00e1il \u00c9ireann","uri":"https:\/\/data.oireachtas.ie\/ie\/oireachtas\/def\/house\/dail"},"dates":[{"date":"2026-04-15"},{"date":"2026-04-28"},{"date":"2026-05-13"}],"eventURI":"https:\/\/data.oireachtas.ie\/ie\/oireachtas\/def\/bill-event\/approved-for-initiation","showAs":"Approved for Initiation","uri":"https:\/\/data.oireachtas.ie\/ie\/oireachtas\/bill\/2026\/40\/approved-for-initiation"}}],"lastUpdated":"2026-05-14T13:41:57.820000+00:00","longTitleEn":"<p>Bill entitled an Act to enact recommendations of the Marie O\u2019Shea report into the operation of legislation on the termination of pregnancy, providing clarity on terminations for medical reasons, removal of the 3 day waiting period, and ending the criminalisation of doctors.<\/p>","longTitleGa":"<p>Bille d\u00e1 ngairtear Acht d\u2019acht\u00fa molta\u00ed \u00f3 thuarasc\u00e1il Marie O\u2019Shea i dtaobh oibri\u00fa na reachta\u00edochta maidir le foirceannadh toirchis, lena dtugtar soil\u00e9ireacht maidir le foirceanta\u00ed ar ch\u00faiseanna liachta, lena gcuirtear deireadh leis an tr\u00e9imhse feithimh 3 l\u00e1, agus lena gcuirtear deireadh le docht\u00fair\u00ed a choiri\u00fal\u00fa.<\/p>","method":"Presented","methodURI":"https:\/\/data.oireachtas.ie\/ie\/oireachtas\/def\/bill-method\/presented","mostRecentStage":{"event":{"chamber":{"chamberCode":"dail","showAs":"D\u00e1il \u00c9ireann","uri":"https:\/\/data.oireachtas.ie\/ie\/oireachtas\/def\/house\/dail"},"dates":[{"date":"2026-04-15"},{"date":"2026-04-28"},{"date":"2026-04-28"}],"house":{"chamberCode":"dail","chamberType":"house","houseCode":"dail","houseNo":"34","showAs":"34th D\u00e1il","uri":"https:\/\/data.oireachtas.ie\/ie\/oireachtas\/house\/dail\/34"},"progressStage":1,"showAs":"First Stage","stageCompleted":true,"stageOutcome":null,"stageURI":"https:\/\/data.oireachtas.ie\/ie\/oireachtas\/def\/bill-stage\/1","uri":"https:\/\/data.oireachtas.ie\/ie\/oireachtas\/bill\/2026\/40\/stage\/dail\/1"}},"originHouse":{"showAs":"D\u00e1il \u00c9ireann","uri":"https:\/\/data.oireachtas.ie\/ie\/oireachtas\/def\/house\/dail"},"originHouseURI":"https:\/\/data.oireachtas.ie\/ie\/oireachtas\/def\/house\/dail","relatedDocs":[{"relatedDoc":{"date":"2026-04-28","docType":"memo","formats":{"pdf":{"uri":"https:\/\/data.oireachtas.ie\/ie\/oireachtas\/bill\/2026\/40\/eng\/memo\/b4026d-memo.pdf"},"xml":null},"lang":"eng","showAs":"Explanatory Memorandum","uri":"https:\/\/data.oireachtas.ie\/ie\/oireachtas\/bill\/2026\/40\/eng\/memo"}}],"shortTitleEn":"Reproductive Rights (Amendment) Bill 2026","shortTitleGa":"An Bille um Chearta At\u00e1irgthe (Leas\u00fa), 2026","source":"Private Member","sourceURI":"https:\/\/data.oireachtas.ie\/ie\/oireachtas\/def\/bill-source\/private-member","sponsors":[{"sponsor":{"isPrimary":true,"as":{"showAs":null,"uri":null},"by":{"showAs":"Holly Cairns","uri":"https:\/\/data.oireachtas.ie\/ie\/oireachtas\/member\/id\/Holly-Cairns.D.2020-02-08"}}}],"stages":[{"event":{"chamber":{"chamberCode":"dail","showAs":"D\u00e1il \u00c9ireann","uri":"https:\/\/data.oireachtas.ie\/ie\/oireachtas\/def\/house\/dail"},"dates":[{"date":"2026-04-15"},{"date":"2026-04-28"},{"date":"2026-04-28"}],"house":{"chamberCode":"dail","chamberType":"house","houseCode":"dail","houseNo":"34","showAs":"34th D\u00e1il","uri":"https:\/\/data.oireachtas.ie\/ie\/oireachtas\/house\/dail\/34"},"progressStage":1,"showAs":"First Stage","stageCompleted":true,"stageOutcome":null,"stageURI":"https:\/\/data.oireachtas.ie\/ie\/oireachtas\/def\/bill-stage\/1","uri":"https:\/\/data.oireachtas.ie\/ie\/oireachtas\/bill\/2026\/40\/stage\/dail\/1"}}],"status":"Defeated","statusURI":"https:\/\/data.oireachtas.ie\/ie\/oireachtas\/def\/bill-status\/defeated","uri":"https:\/\/data.oireachtas.ie\/ie\/oireachtas\/bill\/2026\/40","versions":[{"version":{"lang":"eng","docType":"bill","showAs":"As Initiated","date":"2026-04-28","formats":{"pdf":{"uri":"https:\/\/data.oireachtas.ie\/ie\/oireachtas\/bill\/2026\/40\/eng\/initiated\/b4026d.pdf"},"xml":null},"uri":"https:\/\/data.oireachtas.ie\/ie\/oireachtas\/bill\/2026\/40\/eng\/initiated"}}]},"contextDate":"2026-04-28","billSort":{"actNoSort":null,"actShortTitleEnSort":null,"actShortTitleGaSort":null,"actYearSort":null,"billNoSort":40,"billShortTitleEnSort":"reproductive-rights-amendment-bill-2026","billShortTitleGaSort":"an-bille-um-chearta-atairgthe-leasu-2026","billYearSort":2026}},{"bill":{"act":null,"amendmentLists":[],"billNo":"39","billType":"Public","billTypeURI":"https:\/\/data.oireachtas.ie\/ie\/oireachtas\/def\/bill-type\/public","billYear":"2026","debates":[{"chamber":{"showAs":"D\u00e1il \u00c9ireann","uri":"https:\/\/data.oireachtas.ie\/ie\/oireachtas\/def\/house\/dail"},"date":"2026-04-23","debateSectionId":"dbsect_36","showAs":"Valuation (Amendment) Bill 2026: First Stage","uri":"https:\/\/data.oireachtas.ie\/akn\/ie\/debateRecord\/dail\/2026-04-23\/debate\/main"}],"events":[{"event":{"chamber":{"chamberCode":"dail","showAs":"D\u00e1il \u00c9ireann","uri":"https:\/\/data.oireachtas.ie\/ie\/oireachtas\/def\/house\/dail"},"dates":[{"date":"2026-04-02"},{"date":"2026-04-22"},{"date":"2026-04-23"}],"eventURI":"https:\/\/data.oireachtas.ie\/ie\/oireachtas\/def\/bill-event\/admissibility-for-introduction","showAs":"Admissibility for Introduction","uri":"https:\/\/data.oireachtas.ie\/ie\/oireachtas\/bill\/2026\/39\/admissibility-for-introduction"}}],"lastUpdated":"2026-04-28T09:01:36.880000+00:00","longTitleEn":"<p><span style=\"color:black;\">Bill entitled an Act to amend the Valuation Act 2001 in order to provide that property occupied for the provision of early childhood care and education, where such is provided either otherwise than for profit or subject to Core Funding and caps on all provision at Early Childhood Care and Education (ECCE Programme) rates, and property consisting wholly or partly of a building, which is used partly as a dwelling to a significant extent and occupied for childminding services, should not be rateable; and to provide for related matters.<\/span><\/p>","longTitleGa":"<p>Bille d\u00e1 ngairtear Acht do leas\u00fa an Achta Luach\u00e1la, 2001 chun socr\u00fa a dh\u00e9anamh gur maoin n\u00e1r ch\u00f3ir di a bheith inr\u00e1taithe maoin a \u00e1it\u00edtear chun c\u00faram agus oideachas luath-\u00f3ige a shol\u00e1thar, i gc\u00e1s go sol\u00e1thra\u00edtear an c\u00faram agus an t-oideachas luath-\u00f3ige sin ar shl\u00ed seachas le haghaidh brab\u00fais n\u00f3 faoi r\u00e9ir Bunmhaoini\u00fach\u00e1in agus faoi r\u00e9ir uasteorainneacha a bheith leis an sol\u00e1thar go l\u00e9ir ag na r\u00e1ta\u00ed le haghaidh C\u00faram agus Oideachas Luath-\u00d3ige (Cl\u00e1r COL\u00d3), agus maoin arb \u00e9ard at\u00e1 inti go hioml\u00e1n n\u00f3 go p\u00e1irteach foirgneamh, a \u00fas\u00e1idtear go p\u00e1irteach agus go feadh m\u00e9id suntasach mar theaghais, agus a \u00e1it\u00edtear i gcomhair seirbh\u00eds\u00ed feighl\u00edochta leana\u00ed; agus do dh\u00e9anamh socr\u00fa i dtaobh nithe gaolmhara.<\/p>","method":"Introduced","methodURI":"https:\/\/data.oireachtas.ie\/ie\/oireachtas\/def\/bill-method\/introduced","mostRecentStage":{"event":{"chamber":{"chamberCode":"dail","showAs":"D\u00e1il \u00c9ireann","uri":"https:\/\/data.oireachtas.ie\/ie\/oireachtas\/def\/house\/dail"},"dates":[{"date":"2026-04-23"}],"house":{"chamberCode":"dail","chamberType":"house","houseCode":"dail","houseNo":"34","showAs":"34th D\u00e1il","uri":"https:\/\/data.oireachtas.ie\/ie\/oireachtas\/house\/dail\/34"},"progressStage":2,"showAs":"Second Stage","stageCompleted":false,"stageOutcome":"Current","stageURI":"https:\/\/data.oireachtas.ie\/ie\/oireachtas\/def\/bill-stage\/2","uri":"https:\/\/data.oireachtas.ie\/ie\/oireachtas\/bill\/2026\/39\/stage\/dail\/2"}},"originHouse":{"showAs":"D\u00e1il \u00c9ireann","uri":"https:\/\/data.oireachtas.ie\/ie\/oireachtas\/def\/house\/dail"},"originHouseURI":"https:\/\/data.oireachtas.ie\/ie\/oireachtas\/def\/house\/dail","relatedDocs":[{"relatedDoc":{"date":"2026-04-23","docType":"memo","formats":{"pdf":{"uri":"https:\/\/data.oireachtas.ie\/ie\/oireachtas\/bill\/2026\/39\/eng\/memo\/b3926d-memo.pdf"},"xml":null},"lang":"eng","showAs":"Explanatory Memorandum","uri":"https:\/\/data.oireachtas.ie\/ie\/oireachtas\/bill\/2026\/39\/eng\/memo"}}],"shortTitleEn":"Valuation (Amendment) Bill 2026","shortTitleGa":"An Bille Luach\u00e1la (Leas\u00fa), 2026","source":"Private Member","sourceURI":"https:\/\/data.oireachtas.ie\/ie\/oireachtas\/def\/bill-source\/private-member","sponsors":[{"sponsor":{"isPrimary":true,"as":{"showAs":null,"uri":null},"by":{"showAs":"Emer Currie","uri":"https:\/\/data.oireachtas.ie\/ie\/oireachtas\/member\/id\/Emer-Currie.S.2020-06-29"}}},{"sponsor":{"isPrimary":false,"as":{"showAs":null,"uri":null},"by":{"showAs":"James Geoghegan","uri":"https:\/\/data.oireachtas.ie\/ie\/oireachtas\/member\/id\/James-Geoghegan.D.2024-11-29"}}},{"sponsor":{"isPrimary":false,"as":{"showAs":null,"uri":null},"by":{"showAs":"John Paul O'Shea","uri":"https:\/\/data.oireachtas.ie\/ie\/oireachtas\/member\/id\/John-Paul-O'Shea.D.2024-11-29"}}},{"sponsor":{"isPrimary":false,"as":{"showAs":null,"uri":null},"by":{"showAs":"Keira Keogh","uri":"https:\/\/data.oireachtas.ie\/ie\/oireachtas\/member\/id\/Keira-Keogh.D.2024-11-29"}}},{"sponsor":{"isPrimary":false,"as":{"showAs":null,"uri":null},"by":{"showAs":"Grace Boland","uri":"https:\/\/data.oireachtas.ie\/ie\/oireachtas\/member\/id\/Grace-Boland.D.2024-11-29"}}},{"sponsor":{"isPrimary":false,"as":{"showAs":null,"uri":null},"by":{"showAs":"John Clendennen","uri":"https:\/\/data.oireachtas.ie\/ie\/oireachtas\/member\/id\/John-Clendennen.D.2024-11-29"}}},{"sponsor":{"isPrimary":false,"as":{"showAs":null,"uri":null},"by":{"showAs":"Michael Murphy","uri":"https:\/\/data.oireachtas.ie\/ie\/oireachtas\/member\/id\/Michael-Murphy.D.2024-11-29"}}},{"sponsor":{"isPrimary":false,"as":{"showAs":null,"uri":null},"by":{"showAs":"Miche\u00e1l Carrigy","uri":"https:\/\/data.oireachtas.ie\/ie\/oireachtas\/member\/id\/Miche\u00e1l-Carrigy.S.2020-03-30"}}},{"sponsor":{"isPrimary":false,"as":{"showAs":null,"uri":null},"by":{"showAs":"David Maxwell","uri":"https:\/\/data.oireachtas.ie\/ie\/oireachtas\/member\/id\/David-Maxwell.D.2024-11-29"}}},{"sponsor":{"isPrimary":false,"as":{"showAs":null,"uri":null},"by":{"showAs":"Colm Burke","uri":"https:\/\/data.oireachtas.ie\/ie\/oireachtas\/member\/id\/Colm-Burke.S.2011-05-25"}}},{"sponsor":{"isPrimary":false,"as":{"showAs":null,"uri":null},"by":{"showAs":"Brian Brennan","uri":"https:\/\/data.oireachtas.ie\/ie\/oireachtas\/member\/id\/Brian-Brennan.D.2024-11-29"}}},{"sponsor":{"isPrimary":false,"as":{"showAs":null,"uri":null},"by":{"showAs":"Paula Butterly","uri":"https:\/\/data.oireachtas.ie\/ie\/oireachtas\/member\/id\/Paula-Butterly.D.2024-11-29"}}},{"sponsor":{"isPrimary":false,"as":{"showAs":null,"uri":null},"by":{"showAs":"Joe Neville","uri":"https:\/\/data.oireachtas.ie\/ie\/oireachtas\/member\/id\/Joe-Neville.D.2024-11-29"}}},{"sponsor":{"isPrimary":false,"as":{"showAs":null,"uri":null},"by":{"showAs":"Catherine Callaghan","uri":"https:\/\/data.oireachtas.ie\/ie\/oireachtas\/member\/id\/Catherine-Callaghan.D.2024-11-29"}}},{"sponsor":{"isPrimary":false,"as":{"showAs":null,"uri":null},"by":{"showAs":"Naoise \u00d3 Muir\u00ed","uri":"https:\/\/data.oireachtas.ie\/ie\/oireachtas\/member\/id\/Naoise-\u00d3-Muir\u00ed.D.2024-11-29"}}},{"sponsor":{"isPrimary":false,"as":{"showAs":null,"uri":null},"by":{"showAs":"Noel McCarthy","uri":"https:\/\/data.oireachtas.ie\/ie\/oireachtas\/member\/id\/Noel-McCarthy.D.2024-11-29"}}},{"sponsor":{"isPrimary":false,"as":{"showAs":null,"uri":null},"by":{"showAs":"Edward Timmins","uri":"https:\/\/data.oireachtas.ie\/ie\/oireachtas\/member\/id\/Edward-Timmins.D.2024-11-29"}}},{"sponsor":{"isPrimary":false,"as":{"showAs":null,"uri":null},"by":{"showAs":"Maeve O'Connell","uri":"https:\/\/data.oireachtas.ie\/ie\/oireachtas\/member\/id\/Maeve-O'Connell.D.2024-11-29"}}},{"sponsor":{"isPrimary":false,"as":{"showAs":null,"uri":null},"by":{"showAs":"Peter Roche","uri":"https:\/\/data.oireachtas.ie\/ie\/oireachtas\/member\/id\/Peter-Roche.D.2024-11-29"}}}],"stages":[{"event":{"chamber":{"chamberCode":"dail","showAs":"D\u00e1il \u00c9ireann","uri":"https:\/\/data.oireachtas.ie\/ie\/oireachtas\/def\/house\/dail"},"dates":[{"date":"2026-04-02"},{"date":"2026-04-22"},{"date":"2026-04-23"},{"date":"2026-04-23"}],"house":{"chamberCode":"dail","chamberType":"house","houseCode":"dail","houseNo":"34","showAs":"34th D\u00e1il","uri":"https:\/\/data.oireachtas.ie\/ie\/oireachtas\/house\/dail\/34"},"progressStage":1,"showAs":"First Stage","stageCompleted":true,"stageOutcome":null,"stageURI":"https:\/\/data.oireachtas.ie\/ie\/oireachtas\/def\/bill-stage\/1","uri":"https:\/\/data.oireachtas.ie\/ie\/oireachtas\/bill\/2026\/39\/stage\/dail\/1"}},{"event":{"chamber":{"chamberCode":"dail","showAs":"D\u00e1il \u00c9ireann","uri":"https:\/\/data.oireachtas.ie\/ie\/oireachtas\/def\/house\/dail"},"dates":[{"date":"2026-04-23"}],"house":{"chamberCode":"dail","chamberType":"house","houseCode":"dail","houseNo":"34","showAs":"34th D\u00e1il","uri":"https:\/\/data.oireachtas.ie\/ie\/oireachtas\/house\/dail\/34"},"progressStage":2,"showAs":"Second Stage","stageCompleted":false,"stageOutcome":"Current","stageURI":"https:\/\/data.oireachtas.ie\/ie\/oireachtas\/def\/bill-stage\/2","uri":"https:\/\/data.oireachtas.ie\/ie\/oireachtas\/bill\/2026\/39\/stage\/dail\/2"}}],"status":"Current","statusURI":"https:\/\/data.oireachtas.ie\/ie\/oireachtas\/def\/bill-status\/published","uri":"https:\/\/data.oireachtas.ie\/ie\/oireachtas\/bill\/2026\/39","versions":[{"version":{"lang":"eng","docType":"bill","showAs":"As Initiated","date":"2026-04-23","formats":{"pdf":{"uri":"https:\/\/data.oireachtas.ie\/ie\/oireachtas\/bill\/2026\/39\/eng\/initiated\/b3926d.pdf"},"xml":null},"uri":"https:\/\/data.oireachtas.ie\/ie\/oireachtas\/bill\/2026\/39\/eng\/initiated"}}]},"contextDate":"2026-04-23","billSort":{"actNoSort":null,"actShortTitleEnSort":null,"actShortTitleGaSort":null,"actYearSort":null,"billNoSort":39,"billShortTitleEnSort":"valuation-amendment-bill-2026","billShortTitleGaSort":"an-bille-luachala-leasu-2026","billYearSort":2026}},{"bill":{"act":null,"amendmentLists":[],"billNo":"38","billType":"Public","billTypeURI":"https:\/\/data.oireachtas.ie\/ie\/oireachtas\/def\/bill-type\/public","billYear":"2026","debates":[{"chamber":{"showAs":"D\u00e1il \u00c9ireann","uri":"https:\/\/data.oireachtas.ie\/ie\/oireachtas\/def\/house\/dail"},"date":"2026-04-21","debateSectionId":"dbsect_8","showAs":"Life Annuity (Ireland) Bill 2026: First Stage","uri":"https:\/\/data.oireachtas.ie\/akn\/ie\/debateRecord\/dail\/2026-04-21\/debate\/main"}],"events":[{"event":{"chamber":{"chamberCode":"dail","showAs":"D\u00e1il \u00c9ireann","uri":"https:\/\/data.oireachtas.ie\/ie\/oireachtas\/def\/house\/dail"},"dates":[{"date":"2026-04-02"},{"date":"2026-04-17"},{"date":"2026-04-21"}],"eventURI":"https:\/\/data.oireachtas.ie\/ie\/oireachtas\/def\/bill-event\/admissibility-for-introduction","showAs":"Admissibility for Introduction","uri":"https:\/\/data.oireachtas.ie\/ie\/oireachtas\/bill\/2026\/38\/admissibility-for-introduction"}}],"lastUpdated":"2026-04-22T09:29:58.950000+00:00","longTitleEn":"<p>Bill entitled an Act to provide for the establishment and regulation of Life Annuity agreements for homeowners, to provide for consumer protections, and to provide for related matters.<\/p>","longTitleGa":"<p>Bille d\u00e1 ngairtear Acht do dh\u00e9anamh socr\u00fa maidir le bun\u00fa agus rial\u00e1il comhaontuithe um Blianacht Saoil le haghaidh \u00fain\u00e9ir\u00ed teaghaise, do dh\u00e9anamh socr\u00fa maidir le cosaint\u00ed do thomhalt\u00f3ir\u00ed, agus do dh\u00e9anamh socr\u00fa i dtaobh nithe gaolmhara.<\/p>","method":"Introduced","methodURI":"https:\/\/data.oireachtas.ie\/ie\/oireachtas\/def\/bill-method\/introduced","mostRecentStage":{"event":{"chamber":{"chamberCode":"dail","showAs":"D\u00e1il \u00c9ireann","uri":"https:\/\/data.oireachtas.ie\/ie\/oireachtas\/def\/house\/dail"},"dates":[{"date":"2026-04-21"}],"house":{"chamberCode":"dail","chamberType":"house","houseCode":"dail","houseNo":"34","showAs":"34th D\u00e1il","uri":"https:\/\/data.oireachtas.ie\/ie\/oireachtas\/house\/dail\/34"},"progressStage":2,"showAs":"Second Stage","stageCompleted":false,"stageOutcome":"Current","stageURI":"https:\/\/data.oireachtas.ie\/ie\/oireachtas\/def\/bill-stage\/2","uri":"https:\/\/data.oireachtas.ie\/ie\/oireachtas\/bill\/2026\/38\/stage\/dail\/2"}},"originHouse":{"showAs":"D\u00e1il \u00c9ireann","uri":"https:\/\/data.oireachtas.ie\/ie\/oireachtas\/def\/house\/dail"},"originHouseURI":"https:\/\/data.oireachtas.ie\/ie\/oireachtas\/def\/house\/dail","relatedDocs":[{"relatedDoc":{"date":"2026-04-21","docType":"memo","formats":{"pdf":{"uri":"https:\/\/data.oireachtas.ie\/ie\/oireachtas\/bill\/2026\/38\/eng\/memo\/b3826d-memo.pdf"},"xml":null},"lang":"eng","showAs":"Explanatory Memorandum","uri":"https:\/\/data.oireachtas.ie\/ie\/oireachtas\/bill\/2026\/38\/eng\/memo"}}],"shortTitleEn":"Life Annuity (Ireland) Bill 2026","shortTitleGa":"An Bille um Blianachta\u00ed Saoil (\u00c9ire), 2026","source":"Private Member","sourceURI":"https:\/\/data.oireachtas.ie\/ie\/oireachtas\/def\/bill-source\/private-member","sponsors":[{"sponsor":{"isPrimary":true,"as":{"showAs":null,"uri":null},"by":{"showAs":"Catherine Ardagh","uri":"https:\/\/data.oireachtas.ie\/ie\/oireachtas\/member\/id\/Catherine-Ardagh.S.2016-04-25"}}}],"stages":[{"event":{"chamber":{"chamberCode":"dail","showAs":"D\u00e1il \u00c9ireann","uri":"https:\/\/data.oireachtas.ie\/ie\/oireachtas\/def\/house\/dail"},"dates":[{"date":"2026-04-02"},{"date":"2026-04-17"},{"date":"2026-04-21"},{"date":"2026-04-21"}],"house":{"chamberCode":"dail","chamberType":"house","houseCode":"dail","houseNo":"34","showAs":"34th D\u00e1il","uri":"https:\/\/data.oireachtas.ie\/ie\/oireachtas\/house\/dail\/34"},"progressStage":1,"showAs":"First Stage","stageCompleted":true,"stageOutcome":null,"stageURI":"https:\/\/data.oireachtas.ie\/ie\/oireachtas\/def\/bill-stage\/1","uri":"https:\/\/data.oireachtas.ie\/ie\/oireachtas\/bill\/2026\/38\/stage\/dail\/1"}},{"event":{"chamber":{"chamberCode":"dail","showAs":"D\u00e1il \u00c9ireann","uri":"https:\/\/data.oireachtas.ie\/ie\/oireachtas\/def\/house\/dail"},"dates":[{"date":"2026-04-21"}],"house":{"chamberCode":"dail","chamberType":"house","houseCode":"dail","houseNo":"34","showAs":"34th D\u00e1il","uri":"https:\/\/data.oireachtas.ie\/ie\/oireachtas\/house\/dail\/34"},"progressStage":2,"showAs":"Second Stage","stageCompleted":false,"stageOutcome":"Current","stageURI":"https:\/\/data.oireachtas.ie\/ie\/oireachtas\/def\/bill-stage\/2","uri":"https:\/\/data.oireachtas.ie\/ie\/oireachtas\/bill\/2026\/38\/stage\/dail\/2"}}],"status":"Current","statusURI":"https:\/\/data.oireachtas.ie\/ie\/oireachtas\/def\/bill-status\/published","uri":"https:\/\/data.oireachtas.ie\/ie\/oireachtas\/bill\/2026\/38","versions":[{"version":{"lang":"eng","docType":"bill","showAs":"As Initiated","date":"2026-04-21","formats":{"pdf":{"uri":"https:\/\/data.oireachtas.ie\/ie\/oireachtas\/bill\/2026\/38\/eng\/initiated\/b3826d.pdf"},"xml":null},"uri":"https:\/\/data.oireachtas.ie\/ie\/oireachtas\/bill\/2026\/38\/eng\/initiated"}}]},"contextDate":"2026-04-21","billSort":{"actNoSort":null,"actShortTitleEnSort":null,"actShortTitleGaSort":null,"actYearSort":null,"billNoSort":38,"billShortTitleEnSort":"life-annuity-ireland-bill-2026","billShortTitleGaSort":"an-bille-um-blianachtai-saoil-eire-2026","billYearSort":2026}},{"bill":{"act":{"actNo":"16","actYear":"2026","dateSigned":"2026-06-25","longTitleEn":"<p>Act to provide for the designation, by order of the Government, of certain projects and programmes as critical infrastructure projects and critical infrastructure programmes; to provide for duties of certain public bodies in so far as they perform functions with respect to critical infrastructure projects or critical infrastructure programmes; to provide for a power for the Minister for Public Expenditure, Infrastructure, Public Service Reform and Digitalisation to give directions to certain public bodies with regard to the performance by those bodies of their functions in accordance with this Act; to modify the application of section 15 of the Climate Action and Low Carbon Development Act 2015; and to provide for related matters.<\/p>","longTitleGa":"<p>Acht do dh\u00e9anamh socr\u00fa maidir le tionscadail agus cl\u00e1ir \u00e1irithe a shainainmni\u00fa, le hord\u00fa \u00f3n Rialtas, mar thionscadail bonneagair r\u00edth\u00e1bhachtaigh agus mar chl\u00e1ir bonneagair r\u00edth\u00e1bhachtaigh; do dh\u00e9anamh socr\u00fa maidir le dualgais a bheith ar chomhlachta\u00ed poibl\u00ed \u00e1irithe sa mh\u00e9id go gcomhl\u00edonann siad feidhmeanna i leith tionscadail bonneagair r\u00edth\u00e1bhachtaigh n\u00f3 cl\u00e1ir bonneagair r\u00edth\u00e1bhachtaigh; do dh\u00e9anamh socr\u00fa maidir le cumhacht a bheith ag an Aire Caiteachais Phoibl\u00ed, Bonneagair, Athch\u00f3iri\u00fach\u00e1in Seirbh\u00edse Poibl\u00ed agus Digiti\u00fach\u00e1in chun treoruithe a thabhairt do chomhlachta\u00ed poibl\u00ed \u00e1irithe maidir leis na comhlachta\u00ed sin do chomhl\u00edonadh a bhfeidhmeanna de r\u00e9ir an Achta seo; do mhodhn\u00fa fheidhm alt 15 den Acht um Ghn\u00edomh\u00fa ar son na hAer\u00e1ide agus um Fhorbairt \u00cdsealcharb\u00f3in, 2015; agus do dh\u00e9anamh socr\u00fa i dtaobh nithe gaolmhara.<\/p>","shortTitleEn":"Critical Infrastructure Act 2026","shortTitleGa":"An tAcht um Bonneagar R\u00edth\u00e1bhachtach, 2026","statutebookURI":"http:\/\/www.irishstatutebook.ie\/eli\/2026\/act\/16","uri":"https:\/\/data.oireachtas.ie\/ie\/oireachtas\/act\/2026\/16"},"amendmentLists":[{"amendmentList":{"amendmentTypeUri":{"uri":"https:\/\/data.oireachtas.ie\/ie\/oireachtas\/def\/amendment-type\/numberedList"},"chamber":{"showAs":"Seanad","uri":"https:\/\/data.oireachtas.ie\/ie\/oireachtas\/def\/seanad"},"date":"2026-06-16","formats":{"pdf":{"uri":"https:\/\/data.oireachtas.ie\/ie\/oireachtas\/bill\/2026\/37\/seanad\/3\/amendment\/numberedList\/eng\/b3726d-scnl.pdf"},"xml":null},"showAs":"Numbered List [Seanad]","stage":{"showAs":"Committee Stage","uri":"https:\/\/data.oireachtas.ie\/ie\/oireachtas\/bill\/2026\/37\/seanad\/3"},"stageNo":"3"}},{"amendmentList":{"amendmentTypeUri":{"uri":"https:\/\/data.oireachtas.ie\/ie\/oireachtas\/def\/amendment-type\/numberedList"},"chamber":{"showAs":"Dail","uri":"https:\/\/data.oireachtas.ie\/ie\/oireachtas\/def\/dail"},"date":"2026-05-12","formats":{"pdf":{"uri":"https:\/\/data.oireachtas.ie\/ie\/oireachtas\/bill\/2026\/37\/dail\/4\/amendment\/numberedList\/eng\/b3726d-drnl.pdf"},"xml":null},"showAs":"Numbered List [D\u00e1il]","stage":{"showAs":"Report Stage","uri":"https:\/\/data.oireachtas.ie\/ie\/oireachtas\/bill\/2026\/37\/dail\/4"},"stageNo":"4"}},{"amendmentList":{"amendmentTypeUri":{"uri":"https:\/\/data.oireachtas.ie\/ie\/oireachtas\/def\/amendment-type\/numberedList"},"chamber":{"showAs":"Dail","uri":"https:\/\/data.oireachtas.ie\/ie\/oireachtas\/def\/dail"},"date":"2026-04-21","formats":{"pdf":{"uri":"https:\/\/data.oireachtas.ie\/ie\/oireachtas\/bill\/2026\/37\/dail\/3\/amendment\/numberedList\/eng\/b3726d-dcnl.pdf"},"xml":null},"showAs":"Numbered List [D\u00e1il]","stage":{"showAs":"Committee Stage","uri":"https:\/\/data.oireachtas.ie\/ie\/oireachtas\/bill\/2026\/37\/dail\/3"},"stageNo":"3"}}],"billNo":"37","billType":"Public","billTypeURI":"https:\/\/data.oireachtas.ie\/ie\/oireachtas\/def\/bill-type\/public","billYear":"2026","debates":[{"chamber":{"showAs":"Seanad \u00c9ireann","uri":"https:\/\/data.oireachtas.ie\/ie\/oireachtas\/def\/house\/seanad"},"date":"2026-06-16","debateSectionId":"dbsect_12","showAs":"Critical Infrastructure Bill 2026: Committee and Remaining Stages","uri":"https:\/\/data.oireachtas.ie\/akn\/ie\/debateRecord\/seanad\/2026-06-16\/debate\/main"},{"chamber":{"showAs":"Seanad \u00c9ireann","uri":"https:\/\/data.oireachtas.ie\/ie\/oireachtas\/def\/house\/seanad"},"date":"2026-05-20","debateSectionId":"dbsect_11","showAs":"Critical Infrastructure Bill 2026: Second Stage","uri":"https:\/\/data.oireachtas.ie\/akn\/ie\/debateRecord\/seanad\/2026-05-20\/debate\/main"},{"chamber":{"showAs":"D\u00e1il \u00c9ireann","uri":"https:\/\/data.oireachtas.ie\/ie\/oireachtas\/def\/house\/dail"},"date":"2026-05-13","debateSectionId":"dbsect_29","showAs":"Critical Infrastructure Bill 2026: Report and Final Stages","uri":"https:\/\/data.oireachtas.ie\/akn\/ie\/debateRecord\/dail\/2026-05-13\/debate\/main"},{"chamber":{"showAs":"Select Committee on Infrastructure and National Development Plan Delivery","uri":"https:\/\/data.oireachtas.ie\/ie\/oireachtas\/def\/committee"},"date":"2026-04-22","debateSectionId":"dbsect_2","showAs":"Critical Infrastructure Bill 2026: Committee Stage","uri":"https:\/\/data.oireachtas.ie\/akn\/ie\/debateRecord\/select_committee_on_infrastructure_and_national_development_plan_delivery\/2026-04-22\/debate\/main"},{"chamber":{"showAs":"D\u00e1il \u00c9ireann","uri":"https:\/\/data.oireachtas.ie\/ie\/oireachtas\/def\/house\/dail"},"date":"2026-04-14","debateSectionId":"dbsect_30","showAs":"Critical Infrastructure Bill 2026: Second Stage","uri":"https:\/\/data.oireachtas.ie\/akn\/ie\/debateRecord\/dail\/2026-04-14\/debate\/main"},{"chamber":{"showAs":"D\u00e1il \u00c9ireann","uri":"https:\/\/data.oireachtas.ie\/ie\/oireachtas\/def\/house\/dail"},"date":"2026-04-14","debateSectionId":"dbsect_31","showAs":"Critical Infrastructure Bill 2026: Referral to Select Committee","uri":"https:\/\/data.oireachtas.ie\/akn\/ie\/debateRecord\/dail\/2026-04-14\/debate\/main"}],"events":[{"event":{"chamber":{"chamberCode":"dail","showAs":"D\u00e1il \u00c9ireann","uri":"https:\/\/data.oireachtas.ie\/ie\/oireachtas\/def\/house\/dail"},"dates":[{"date":"2026-04-09"},{"date":"2026-06-25"}],"eventURI":"https:\/\/data.oireachtas.ie\/ie\/oireachtas\/def\/bill-event\/published","showAs":"Published","uri":"https:\/\/data.oireachtas.ie\/ie\/oireachtas\/bill\/2026\/37\/published"}},{"event":{"chamber":null,"dates":[{"date":"2026-06-25"}],"eventURI":"https:\/\/data.oireachtas.ie\/ie\/oireachtas\/def\/bill-event\/enacted","showAs":"Enacted","uri":"https:\/\/data.oireachtas.ie\/ie\/oireachtas\/bill\/2026\/37\/enacted"}}],"lastUpdated":"2026-07-03T12:13:23.480000+00:00","longTitleEn":"<p>Bill entitled an Act to provide for the designation, by order of the Government, of certain projects and programmes as critical infrastructure projects and critical infrastructure programmes; to provide for duties of certain public bodies in so far as they perform functions with respect to critical infrastructure projects or critical infrastructure programmes; to provide for a power for the Minister for Public Expenditure, Infrastructure, Public Service Reform and Digitalisation to give directions to certain public bodies with regard to the performance by those bodies of their functions in accordance with this Act; to modify the application of section 15 of the Climate Action and Low Carbon Development Act 2015; and to provide for related matters.<\/p>","longTitleGa":"<p>Bille d\u00e1 ngairtear Acht do dh\u00e9anamh socr\u00fa maidir le tionscadail agus cl\u00e1ir \u00e1irithe a shainainmni\u00fa, le hord\u00fa \u00f3n Rialtas, mar thionscadail bonneagair r\u00edth\u00e1bhachtaigh agus mar chl\u00e1ir bonneagair r\u00edth\u00e1bhachtaigh; do dh\u00e9anamh socr\u00fa maidir le dualgais a bheith ar chomhlachta\u00ed poibl\u00ed \u00e1irithe sa mh\u00e9id go gcomhl\u00edonann siad feidhmeanna i leith tionscadail bonneagair r\u00edth\u00e1bhachtaigh n\u00f3 cl\u00e1ir bonneagair r\u00edth\u00e1bhachtaigh; do dh\u00e9anamh socr\u00fa maidir le cumhacht a bheith ag an Aire Caiteachais Phoibl\u00ed, Bonneagair, Athch\u00f3iri\u00fach\u00e1in Seirbh\u00edse Poibl\u00ed agus Digiti\u00fach\u00e1in chun treoruithe a thabhairt do chomhlachta\u00ed poibl\u00ed \u00e1irithe maidir leis na comhlachta\u00ed sin do chomhl\u00edonadh a bhfeidhmeanna de r\u00e9ir an Achta seo; do mhodhn\u00fa fheidhm alt 15 den Acht um Ghn\u00edomh\u00fa ar son na hAer\u00e1ide agus um Fhorbairt \u00cdsealcharb\u00f3in, 2015; agus do dh\u00e9anamh socr\u00fa i dtaobh nithe gaolmhara.<\/p>","method":"Presented","methodURI":"https:\/\/data.oireachtas.ie\/ie\/oireachtas\/def\/bill-method\/presented","mostRecentStage":{"event":{"chamber":null,"dates":[{"date":"2026-06-25"}],"house":null,"progressStage":10,"showAs":"Enacted","stageCompleted":true,"stageOutcome":"Enacted","stageURI":"https:\/\/data.oireachtas.ie\/ie\/oireachtas\/def\/bill-stage\/enacted","uri":"https:\/\/data.oireachtas.ie\/ie\/oireachtas\/bill\/2026\/37\/stage\/oireachtas\/enacted"}},"originHouse":{"showAs":"D\u00e1il \u00c9ireann","uri":"https:\/\/data.oireachtas.ie\/ie\/oireachtas\/def\/house\/dail"},"originHouseURI":"https:\/\/data.oireachtas.ie\/ie\/oireachtas\/def\/house\/dail","relatedDocs":[{"relatedDoc":{"date":"2026-05-11","docType":"digest","formats":{"pdf":{"uri":"https:\/\/data.oireachtas.ie\/ie\/oireachtas\/bill\/2026\/37\/eng\/digest\/prsbilldigestcriticalinfrastructurebilldigest-130426-130128.pdf"},"xml":null},"lang":"eng","showAs":"Bill Digest","uri":"https:\/\/data.oireachtas.ie\/ie\/oireachtas\/bill\/2026\/37\/eng\/digest"}},{"relatedDoc":{"date":"2026-04-13","docType":"gluais","formats":{"pdf":{"uri":"https:\/\/data.oireachtas.ie\/ie\/oireachtas\/bill\/2026\/37\/mul\/gluais\/gluais-10-2026-an-bille-um-bonneagar-rithabhachtach-2026.pdf"},"xml":null},"lang":"mul","showAs":"Glossary\/Gluais","uri":"https:\/\/data.oireachtas.ie\/ie\/oireachtas\/bill\/2026\/37\/mul\/gluais"}},{"relatedDoc":{"date":"2026-04-08","docType":"memo","formats":{"pdf":{"uri":"https:\/\/data.oireachtas.ie\/ie\/oireachtas\/bill\/2026\/37\/eng\/memo\/b3726d-memo.pdf"},"xml":null},"lang":"eng","showAs":"Explanatory Memorandum","uri":"https:\/\/data.oireachtas.ie\/ie\/oireachtas\/bill\/2026\/37\/eng\/memo"}}],"shortTitleEn":"Critical Infrastructure Bill 2026","shortTitleGa":"An Bille um Bonneagar R\u00edth\u00e1bhachtach, 2026","source":"Government","sourceURI":"https:\/\/data.oireachtas.ie\/ie\/oireachtas\/def\/bill-source\/government","sponsors":[{"sponsor":{"isPrimary":true,"as":{"showAs":"Minister for Public Expenditure, Infrastructure, Public Service Reform and Digitalisation","uri":null},"by":{"showAs":null,"uri":null}}}],"stages":[{"event":{"chamber":{"chamberCode":"dail","showAs":"D\u00e1il \u00c9ireann","uri":"https:\/\/data.oireachtas.ie\/ie\/oireachtas\/def\/house\/dail"},"dates":[{"date":"2026-04-08"},{"date":"2026-04-09"}],"house":{"chamberCode":"dail","chamberType":"house","houseCode":"dail","houseNo":"34","showAs":"34th D\u00e1il","uri":"https:\/\/data.oireachtas.ie\/ie\/oireachtas\/house\/dail\/34"},"progressStage":1,"showAs":"First Stage","stageCompleted":true,"stageOutcome":null,"stageURI":"https:\/\/data.oireachtas.ie\/ie\/oireachtas\/def\/bill-stage\/1","uri":"https:\/\/data.oireachtas.ie\/ie\/oireachtas\/bill\/2026\/37\/stage\/dail\/1"}},{"event":{"chamber":{"chamberCode":"dail","showAs":"D\u00e1il \u00c9ireann","uri":"https:\/\/data.oireachtas.ie\/ie\/oireachtas\/def\/house\/dail"},"dates":[{"date":"2026-04-14"}],"house":{"chamberCode":"dail","chamberType":"house","houseCode":"dail","houseNo":"34","showAs":"34th D\u00e1il","uri":"https:\/\/data.oireachtas.ie\/ie\/oireachtas\/house\/dail\/34"},"progressStage":2,"showAs":"Second Stage","stageCompleted":true,"stageOutcome":null,"stageURI":"https:\/\/data.oireachtas.ie\/ie\/oireachtas\/def\/bill-stage\/2","uri":"https:\/\/data.oireachtas.ie\/ie\/oireachtas\/bill\/2026\/37\/stage\/dail\/2"}},{"event":{"chamber":{"chamberCode":"dail","showAs":"D\u00e1il \u00c9ireann","uri":"https:\/\/data.oireachtas.ie\/ie\/oireachtas\/def\/house\/dail"},"dates":[{"date":"2026-04-22"}],"house":{"chamberCode":"dail","chamberType":"house","houseCode":"dail","houseNo":"34","showAs":"34th D\u00e1il","uri":"https:\/\/data.oireachtas.ie\/ie\/oireachtas\/house\/dail\/34"},"progressStage":3,"showAs":"Committee Stage","stageCompleted":true,"stageOutcome":null,"stageURI":"https:\/\/data.oireachtas.ie\/ie\/oireachtas\/def\/bill-stage\/3","uri":"https:\/\/data.oireachtas.ie\/ie\/oireachtas\/bill\/2026\/37\/stage\/dail\/3"}},{"event":{"chamber":{"chamberCode":"dail","showAs":"D\u00e1il \u00c9ireann","uri":"https:\/\/data.oireachtas.ie\/ie\/oireachtas\/def\/house\/dail"},"dates":[{"date":"2026-04-22"}],"house":{"chamberCode":"dail","chamberType":"house","houseCode":"dail","houseNo":"34","showAs":"34th D\u00e1il","uri":"https:\/\/data.oireachtas.ie\/ie\/oireachtas\/house\/dail\/34"},"progressStage":4,"showAs":"Report Stage","stageCompleted":true,"stageOutcome":null,"stageURI":"https:\/\/data.oireachtas.ie\/ie\/oireachtas\/def\/bill-stage\/4","uri":"https:\/\/data.oireachtas.ie\/ie\/oireachtas\/bill\/2026\/37\/stage\/dail\/4"}},{"event":{"chamber":{"chamberCode":"dail","showAs":"D\u00e1il \u00c9ireann","uri":"https:\/\/data.oireachtas.ie\/ie\/oireachtas\/def\/house\/dail"},"dates":[{"date":"2026-05-13"}],"house":{"chamberCode":"dail","chamberType":"house","houseCode":"dail","houseNo":"34","showAs":"34th D\u00e1il","uri":"https:\/\/data.oireachtas.ie\/ie\/oireachtas\/house\/dail\/34"},"progressStage":5,"showAs":"Fifth Stage","stageCompleted":true,"stageOutcome":null,"stageURI":"https:\/\/data.oireachtas.ie\/ie\/oireachtas\/def\/bill-stage\/5","uri":"https:\/\/data.oireachtas.ie\/ie\/oireachtas\/bill\/2026\/37\/stage\/dail\/5"}},{"event":{"chamber":{"chamberCode":"seanad","showAs":"Seanad \u00c9ireann","uri":"https:\/\/data.oireachtas.ie\/ie\/oireachtas\/def\/house\/seanad"},"dates":[{"date":"2026-05-20"}],"house":{"chamberCode":"seanad","chamberType":"house","houseCode":"seanad","houseNo":"27","showAs":"27th Seanad","uri":"https:\/\/data.oireachtas.ie\/ie\/oireachtas\/house\/seanad\/27"},"progressStage":6,"showAs":"Second Stage","stageCompleted":true,"stageOutcome":null,"stageURI":"https:\/\/data.oireachtas.ie\/ie\/oireachtas\/def\/bill-stage\/2","uri":"https:\/\/data.oireachtas.ie\/ie\/oireachtas\/bill\/2026\/37\/stage\/seanad\/2"}},{"event":{"chamber":{"chamberCode":"seanad","showAs":"Seanad \u00c9ireann","uri":"https:\/\/data.oireachtas.ie\/ie\/oireachtas\/def\/house\/seanad"},"dates":[{"date":"2026-06-16"}],"house":{"chamberCode":"seanad","chamberType":"house","houseCode":"seanad","houseNo":"27","showAs":"27th Seanad","uri":"https:\/\/data.oireachtas.ie\/ie\/oireachtas\/house\/seanad\/27"},"progressStage":7,"showAs":"Committee Stage","stageCompleted":true,"stageOutcome":null,"stageURI":"https:\/\/data.oireachtas.ie\/ie\/oireachtas\/def\/bill-stage\/3","uri":"https:\/\/data.oireachtas.ie\/ie\/oireachtas\/bill\/2026\/37\/stage\/seanad\/3"}},{"event":{"chamber":{"chamberCode":"seanad","showAs":"Seanad \u00c9ireann","uri":"https:\/\/data.oireachtas.ie\/ie\/oireachtas\/def\/house\/seanad"},"dates":[{"date":"2026-06-16"}],"house":{"chamberCode":"seanad","chamberType":"house","houseCode":"seanad","houseNo":"27","showAs":"27th Seanad","uri":"https:\/\/data.oireachtas.ie\/ie\/oireachtas\/house\/seanad\/27"},"progressStage":8,"showAs":"Report Stage","stageCompleted":true,"stageOutcome":null,"stageURI":"https:\/\/data.oireachtas.ie\/ie\/oireachtas\/def\/bill-stage\/4","uri":"https:\/\/data.oireachtas.ie\/ie\/oireachtas\/bill\/2026\/37\/stage\/seanad\/4"}},{"event":{"chamber":{"chamberCode":"seanad","showAs":"Seanad \u00c9ireann","uri":"https:\/\/data.oireachtas.ie\/ie\/oireachtas\/def\/house\/seanad"},"dates":[{"date":"2026-06-16"}],"house":{"chamberCode":"seanad","chamberType":"house","houseCode":"seanad","houseNo":"27","showAs":"27th Seanad","uri":"https:\/\/data.oireachtas.ie\/ie\/oireachtas\/house\/seanad\/27"},"progressStage":9,"showAs":"Fifth Stage","stageCompleted":true,"stageOutcome":null,"stageURI":"https:\/\/data.oireachtas.ie\/ie\/oireachtas\/def\/bill-stage\/5","uri":"https:\/\/data.oireachtas.ie\/ie\/oireachtas\/bill\/2026\/37\/stage\/seanad\/5"}},{"event":{"chamber":null,"dates":[{"date":"2026-06-25"}],"house":null,"progressStage":10,"showAs":"Enacted","stageCompleted":true,"stageOutcome":"Enacted","stageURI":"https:\/\/data.oireachtas.ie\/ie\/oireachtas\/def\/bill-stage\/enacted","uri":"https:\/\/data.oireachtas.ie\/ie\/oireachtas\/bill\/2026\/37\/stage\/oireachtas\/enacted"}}],"status":"Enacted","statusURI":"https:\/\/data.oireachtas.ie\/ie\/oireachtas\/def\/bill-status\/enacted","uri":"https:\/\/data.oireachtas.ie\/ie\/oireachtas\/bill\/2026\/37","versions":[{"version":{"lang":"eng","docType":"act","showAs":"Critical Infrastructure Act 2026","date":"2026-06-25","formats":{"pdf":{"uri":"https:\/\/data.oireachtas.ie\/ie\/oireachtas\/act\/2026\/16\/eng\/enacted\/a1626.pdf"},"xml":null},"uri":"https:\/\/data.oireachtas.ie\/ie\/oireachtas\/act\/2026\/16\/eng\/enacted"}},{"version":{"lang":"eng","docType":"bill","showAs":"As Initiated","date":"2026-04-08","formats":{"pdf":{"uri":"https:\/\/data.oireachtas.ie\/ie\/oireachtas\/bill\/2026\/37\/eng\/initiated\/b3726d.pdf"},"xml":null},"uri":"https:\/\/data.oireachtas.ie\/ie\/oireachtas\/bill\/2026\/37\/eng\/initiated"}}]},"contextDate":"2026-06-25","billSort":{"actNoSort":16,"actShortTitleEnSort":"critical-infrastructure-act-2026","actShortTitleGaSort":"an-tacht-um-bonneagar-rithabhachtach-2026","actYearSort":2026,"billNoSort":37,"billShortTitleEnSort":"critical-infrastructure-bill-2026","billShortTitleGaSort":"an-bille-um-bonneagar-rithabhachtach-2026","billYearSort":2026}},{"bill":{"act":null,"amendmentLists":[{"amendmentList":{"amendmentTypeUri":{"uri":"https:\/\/data.oireachtas.ie\/ie\/oireachtas\/def\/amendment-type\/numberedList"},"chamber":{"showAs":"Dail","uri":"https:\/\/data.oireachtas.ie\/ie\/oireachtas\/def\/dail"},"date":"2026-06-23","formats":{"pdf":{"uri":"https:\/\/data.oireachtas.ie\/ie\/oireachtas\/bill\/2026\/36\/dail\/4\/amendment\/numberedList\/eng\/b3626d-drnl.pdf"},"xml":null},"showAs":"Numbered List [D\u00e1il]","stage":{"showAs":"Report Stage","uri":"https:\/\/data.oireachtas.ie\/ie\/oireachtas\/bill\/2026\/36\/dail\/4"},"stageNo":"4"}},{"amendmentList":{"amendmentTypeUri":{"uri":"https:\/\/data.oireachtas.ie\/ie\/oireachtas\/def\/amendment-type\/numberedList"},"chamber":{"showAs":"Dail","uri":"https:\/\/data.oireachtas.ie\/ie\/oireachtas\/def\/dail"},"date":"2026-05-12","formats":{"pdf":{"uri":"https:\/\/data.oireachtas.ie\/ie\/oireachtas\/bill\/2026\/36\/dail\/3\/amendment\/numberedList\/eng\/b3626d-dcnl.pdf"},"xml":null},"showAs":"Numbered List [D\u00e1il]","stage":{"showAs":"Committee Stage","uri":"https:\/\/data.oireachtas.ie\/ie\/oireachtas\/bill\/2026\/36\/dail\/3"},"stageNo":"3"}}],"billNo":"36","billType":"Public","billTypeURI":"https:\/\/data.oireachtas.ie\/ie\/oireachtas\/def\/bill-type\/public","billYear":"2026","debates":[{"chamber":{"showAs":"D\u00e1il \u00c9ireann","uri":"https:\/\/data.oireachtas.ie\/ie\/oireachtas\/def\/house\/dail"},"date":"2026-06-24","debateSectionId":"dbsect_22","showAs":"Public Health (Tobacco Products and Nicotine Inhaling Products) (Amendment) Bill 2026: Report and Final Stages","uri":"https:\/\/data.oireachtas.ie\/akn\/ie\/debateRecord\/dail\/2026-06-24\/debate\/main"},{"chamber":{"showAs":"D\u00e1il \u00c9ireann","uri":"https:\/\/data.oireachtas.ie\/ie\/oireachtas\/def\/house\/dail"},"date":"2026-04-22","debateSectionId":"dbsect_14","showAs":"Public Health (Tobacco Products and Nicotine Inhaling Products) (Amendment) Bill 2026: Second Stage","uri":"https:\/\/data.oireachtas.ie\/akn\/ie\/debateRecord\/dail\/2026-04-22\/debate\/main"},{"chamber":{"showAs":"D\u00e1il \u00c9ireann","uri":"https:\/\/data.oireachtas.ie\/ie\/oireachtas\/def\/house\/dail"},"date":"2026-04-22","debateSectionId":"dbsect_15","showAs":"Public Health (Tobacco Products and Nicotine Inhaling Products) (Amendment) Bill 2026: Referral to Select Committee","uri":"https:\/\/data.oireachtas.ie\/akn\/ie\/debateRecord\/dail\/2026-04-22\/debate\/main"}],"events":[{"event":{"chamber":{"chamberCode":"dail","showAs":"D\u00e1il \u00c9ireann","uri":"https:\/\/data.oireachtas.ie\/ie\/oireachtas\/def\/house\/dail"},"dates":[{"date":"2026-04-07"}],"eventURI":"https:\/\/data.oireachtas.ie\/ie\/oireachtas\/def\/bill-event\/published","showAs":"Published","uri":"https:\/\/data.oireachtas.ie\/ie\/oireachtas\/bill\/2026\/36\/published"}}],"lastUpdated":"2026-06-30T18:25:00.760000+00:00","longTitleEn":"<p>Bill entitled an Act to regulate the packaging and appearance of nicotine inhaling products and refill containers of such products; to provide for the prohibition on the sale of nicotine consumption products to a child; to provide for certain restrictions in relation to the signage, display and advertising of nicotine inhaling products and nicotine consumption products; to provide that the Minister for Health may, by order, regulate the flavour names of nicotine inhaling products; to provide for further enforcement measures and to provide for certain related offences; for those and other purposes to amend the Public Health (Tobacco) Act 2002 and the Public Health (Tobacco Products and Nicotine Inhaling Products) Act 2023; and to provide for related matters.<\/p>","longTitleGa":"<p>Bille d\u00e1 ngairtear Acht do rial\u00e1il pac\u00e1isti\u00fa agus dealramh t\u00e1irg\u00ed ionan\u00e1laithe nicit\u00edn agus coime\u00e1d\u00e1n athl\u00edonta do na t\u00e1irg\u00ed sin; do dh\u00e9anamh socr\u00fa maidir le toirmeasc ar th\u00e1irg\u00ed caite nicit\u00edn a dh\u00edol le leanbh; do dh\u00e9anamh socr\u00fa maidir le srianta \u00e1irithe i nd\u00e1il le comhartha\u00edocht do th\u00e1irg\u00ed ionan\u00e1laithe nicit\u00edn agus do th\u00e1irg\u00ed caite nicit\u00edn agus i nd\u00e1il leis na t\u00e1irg\u00ed sin a chur ar taispe\u00e1int agus a fh\u00f3gairt; do dh\u00e9anamh socr\u00fa go bhf\u00e9adfaidh an tAire Sl\u00e1inte, le hord\u00fa, rial\u00e1il a dh\u00e9anamh ar na hainmneacha blasanna at\u00e1 ar th\u00e1irg\u00ed ionan\u00e1laithe nicit\u00edn; do dh\u00e9anamh socr\u00fa maidir le bearta forfheidhmi\u00fach\u00e1in breise agus do dh\u00e9anamh socr\u00fa maidir le cionta gaolmhara \u00e1irithe; chun na gcr\u00edoch sin agus chun cr\u00edoch eile do leas\u00fa an Achta Sl\u00e1inte Poibl\u00ed (Tobac), 2002 agus an Achta Sl\u00e1inte Poibl\u00ed (T\u00e1irg\u00ed Tobac agus T\u00e1irg\u00ed Ionan\u00e1laithe Nicit\u00edn), 2023; agus do dh\u00e9anamh socr\u00fa i dtaobh nithe gaolmhara.<\/p>","method":"Presented","methodURI":"https:\/\/data.oireachtas.ie\/ie\/oireachtas\/def\/bill-method\/presented","mostRecentStage":{"event":{"chamber":{"chamberCode":"seanad","showAs":"Seanad \u00c9ireann","uri":"https:\/\/data.oireachtas.ie\/ie\/oireachtas\/def\/house\/seanad"},"dates":[{"date":"2026-06-24"}],"house":{"chamberCode":"seanad","chamberType":"house","houseCode":"seanad","houseNo":"27","showAs":"27th Seanad","uri":"https:\/\/data.oireachtas.ie\/ie\/oireachtas\/house\/seanad\/27"},"progressStage":6,"showAs":"Second Stage","stageCompleted":false,"stageOutcome":"Current","stageURI":"https:\/\/data.oireachtas.ie\/ie\/oireachtas\/def\/bill-stage\/2","uri":"https:\/\/data.oireachtas.ie\/ie\/oireachtas\/bill\/2026\/36\/stage\/seanad\/2"}},"originHouse":{"showAs":"D\u00e1il \u00c9ireann","uri":"https:\/\/data.oireachtas.ie\/ie\/oireachtas\/def\/house\/dail"},"originHouseURI":"https:\/\/data.oireachtas.ie\/ie\/oireachtas\/def\/house\/dail","relatedDocs":[{"relatedDoc":{"date":"2026-04-20","docType":"gluais","formats":{"pdf":{"uri":"https:\/\/data.oireachtas.ie\/ie\/oireachtas\/bill\/2026\/36\/mul\/gluais\/gluais-12-2026-an-bille-slainte-poibli-tairgi-tobac-agus-tairgi-ionanalaithe-nicitin-leasu-2026.pdf"},"xml":null},"lang":"mul","showAs":"Glossary\/Gluais","uri":"https:\/\/data.oireachtas.ie\/ie\/oireachtas\/bill\/2026\/36\/mul\/gluais"}},{"relatedDoc":{"date":"2026-04-07","docType":"memo","formats":{"pdf":{"uri":"https:\/\/data.oireachtas.ie\/ie\/oireachtas\/bill\/2026\/36\/eng\/memo\/b3626d-memo.pdf"},"xml":null},"lang":"eng","showAs":"Explanatory Memorandum","uri":"https:\/\/data.oireachtas.ie\/ie\/oireachtas\/bill\/2026\/36\/eng\/memo"}}],"shortTitleEn":"Public Health (Tobacco Products and Nicotine Inhaling Products) (Amendment) Bill 2026","shortTitleGa":"An Bille Sl\u00e1inte Poibl\u00ed (T\u00e1irg\u00ed Tobac agus T\u00e1irg\u00ed Ionan\u00e1laithe Nicit\u00edn) (Leas\u00fa), 2026","source":"Government","sourceURI":"https:\/\/data.oireachtas.ie\/ie\/oireachtas\/def\/bill-source\/government","sponsors":[{"sponsor":{"isPrimary":true,"as":{"showAs":"Minister for Health","uri":null},"by":{"showAs":null,"uri":null}}}],"stages":[{"event":{"chamber":{"chamberCode":"dail","showAs":"D\u00e1il \u00c9ireann","uri":"https:\/\/data.oireachtas.ie\/ie\/oireachtas\/def\/house\/dail"},"dates":[{"date":"2026-04-07"},{"date":"2026-04-22"}],"house":{"chamberCode":"dail","chamberType":"house","houseCode":"dail","houseNo":"34","showAs":"34th D\u00e1il","uri":"https:\/\/data.oireachtas.ie\/ie\/oireachtas\/house\/dail\/34"},"progressStage":1,"showAs":"First Stage","stageCompleted":true,"stageOutcome":null,"stageURI":"https:\/\/data.oireachtas.ie\/ie\/oireachtas\/def\/bill-stage\/1","uri":"https:\/\/data.oireachtas.ie\/ie\/oireachtas\/bill\/2026\/36\/stage\/dail\/1"}},{"event":{"chamber":{"chamberCode":"dail","showAs":"D\u00e1il \u00c9ireann","uri":"https:\/\/data.oireachtas.ie\/ie\/oireachtas\/def\/house\/dail"},"dates":[{"date":"2026-04-22"}],"house":{"chamberCode":"dail","chamberType":"house","houseCode":"dail","houseNo":"34","showAs":"34th D\u00e1il","uri":"https:\/\/data.oireachtas.ie\/ie\/oireachtas\/house\/dail\/34"},"progressStage":2,"showAs":"Second Stage","stageCompleted":true,"stageOutcome":null,"stageURI":"https:\/\/data.oireachtas.ie\/ie\/oireachtas\/def\/bill-stage\/2","uri":"https:\/\/data.oireachtas.ie\/ie\/oireachtas\/bill\/2026\/36\/stage\/dail\/2"}},{"event":{"chamber":{"chamberCode":"dail","showAs":"D\u00e1il \u00c9ireann","uri":"https:\/\/data.oireachtas.ie\/ie\/oireachtas\/def\/house\/dail"},"dates":[{"date":"2026-04-22"}],"house":{"chamberCode":"dail","chamberType":"house","houseCode":"dail","houseNo":"34","showAs":"34th D\u00e1il","uri":"https:\/\/data.oireachtas.ie\/ie\/oireachtas\/house\/dail\/34"},"progressStage":3,"showAs":"Committee Stage","stageCompleted":true,"stageOutcome":null,"stageURI":"https:\/\/data.oireachtas.ie\/ie\/oireachtas\/def\/bill-stage\/3","uri":"https:\/\/data.oireachtas.ie\/ie\/oireachtas\/bill\/2026\/36\/stage\/dail\/3"}},{"event":{"chamber":{"chamberCode":"dail","showAs":"D\u00e1il \u00c9ireann","uri":"https:\/\/data.oireachtas.ie\/ie\/oireachtas\/def\/house\/dail"},"dates":[{"date":"2026-06-24"}],"house":{"chamberCode":"dail","chamberType":"house","houseCode":"dail","houseNo":"34","showAs":"34th D\u00e1il","uri":"https:\/\/data.oireachtas.ie\/ie\/oireachtas\/house\/dail\/34"},"progressStage":4,"showAs":"Report Stage","stageCompleted":true,"stageOutcome":null,"stageURI":"https:\/\/data.oireachtas.ie\/ie\/oireachtas\/def\/bill-stage\/4","uri":"https:\/\/data.oireachtas.ie\/ie\/oireachtas\/bill\/2026\/36\/stage\/dail\/4"}},{"event":{"chamber":{"chamberCode":"dail","showAs":"D\u00e1il \u00c9ireann","uri":"https:\/\/data.oireachtas.ie\/ie\/oireachtas\/def\/house\/dail"},"dates":[{"date":"2026-06-24"}],"house":{"chamberCode":"dail","chamberType":"house","houseCode":"dail","houseNo":"34","showAs":"34th D\u00e1il","uri":"https:\/\/data.oireachtas.ie\/ie\/oireachtas\/house\/dail\/34"},"progressStage":5,"showAs":"Fifth Stage","stageCompleted":true,"stageOutcome":null,"stageURI":"https:\/\/data.oireachtas.ie\/ie\/oireachtas\/def\/bill-stage\/5","uri":"https:\/\/data.oireachtas.ie\/ie\/oireachtas\/bill\/2026\/36\/stage\/dail\/5"}},{"event":{"chamber":{"chamberCode":"seanad","showAs":"Seanad \u00c9ireann","uri":"https:\/\/data.oireachtas.ie\/ie\/oireachtas\/def\/house\/seanad"},"dates":[{"date":"2026-06-24"}],"house":{"chamberCode":"seanad","chamberType":"house","houseCode":"seanad","houseNo":"27","showAs":"27th Seanad","uri":"https:\/\/data.oireachtas.ie\/ie\/oireachtas\/house\/seanad\/27"},"progressStage":6,"showAs":"Second Stage","stageCompleted":false,"stageOutcome":"Current","stageURI":"https:\/\/data.oireachtas.ie\/ie\/oireachtas\/def\/bill-stage\/2","uri":"https:\/\/data.oireachtas.ie\/ie\/oireachtas\/bill\/2026\/36\/stage\/seanad\/2"}}],"status":"Current","statusURI":"https:\/\/data.oireachtas.ie\/ie\/oireachtas\/def\/bill-status\/published","uri":"https:\/\/data.oireachtas.ie\/ie\/oireachtas\/bill\/2026\/36","versions":[{"version":{"lang":"eng","docType":"bill","showAs":"As Initiated","date":"2026-04-07","formats":{"pdf":{"uri":"https:\/\/data.oireachtas.ie\/ie\/oireachtas\/bill\/2026\/36\/eng\/initiated\/b3626d.pdf"},"xml":null},"uri":"https:\/\/data.oireachtas.ie\/ie\/oireachtas\/bill\/2026\/36\/eng\/initiated"}}]},"contextDate":"2026-06-24","billSort":{"actNoSort":null,"actShortTitleEnSort":null,"actShortTitleGaSort":null,"actYearSort":null,"billNoSort":36,"billShortTitleEnSort":"public-health-tobacco-products-and-nicotine-inhaling-products-amendment-bill-2026","billShortTitleGaSort":"an-bille-slainte-poibli-tairgi-tobac-agus-tairgi-ionanalaithe-nicitin-leasu-2026","billYearSort":2026}},{"bill":{"act":null,"amendmentLists":[],"billNo":"35","billType":"Public","billTypeURI":"https:\/\/data.oireachtas.ie\/ie\/oireachtas\/def\/bill-type\/public","billYear":"2026","debates":[{"chamber":{"showAs":"Seanad \u00c9ireann","uri":"https:\/\/data.oireachtas.ie\/ie\/oireachtas\/def\/house\/seanad"},"date":"2026-03-24","debateSectionId":"dbsect_9","showAs":"Child Maintenance Bill 2026: First Stage","uri":"https:\/\/data.oireachtas.ie\/akn\/ie\/debateRecord\/seanad\/2026-03-24\/debate\/main"}],"events":[{"event":{"chamber":{"chamberCode":"dail","showAs":"D\u00e1il \u00c9ireann","uri":"https:\/\/data.oireachtas.ie\/ie\/oireachtas\/def\/house\/dail"},"dates":[{"date":"2025-01-21"},{"date":"2026-03-24"}],"eventURI":"https:\/\/data.oireachtas.ie\/ie\/oireachtas\/def\/bill-event\/admissibility-for-introduction","showAs":"Admissibility for Introduction","uri":"https:\/\/data.oireachtas.ie\/ie\/oireachtas\/bill\/2026\/35\/admissibility-for-introduction"}}],"lastUpdated":"2026-04-27T15:08:32.030000+00:00","longTitleEn":"<p>Bill entitled an Act to provide for the administrative assessment, by the Revenue Commissioners, of liabilities of certain persons to pay periodic maintenance in respect of a child; to provide for a standard methodology for making such an assessment; to provide for the enforceability of such assessments in certain circumstances; to empower the Revenue Commissioners to depart from a standard methodology for making an assessment of child maintenance in certain circumstances; to provide for updated assessments of child maintenance in certain circumstances; to prohibit, in the interests of the common good, the making of certain applications to court unless certain circumstances apply; to provide for appeals from certain determinations and decisions of the Revenue Commissioners; and to provide for related matters.<\/p>","longTitleGa":"<p>Bille d\u00e1 ngairtear Acht do dh\u00e9anamh socr\u00fa maidir le meas\u00fanacht riarach\u00e1in, ag na Coimisin\u00e9ir\u00ed Ioncaim, ar dhliteanais daoine \u00e1irithe chun cothabh\u00e1il thr\u00e9imhsi\u00fail a \u00edoc i leith linbh; do dh\u00e9anamh socr\u00fa maidir le modheola\u00edocht chaighde\u00e1nach chun meas\u00fanacht den s\u00f3rt sin a dh\u00e9anamh; do dh\u00e9anamh socr\u00fa maidir le hinfhorfheidhmitheacht meas\u00fanachta\u00ed den s\u00f3rt sin in imthosca \u00e1irithe; d\u00e1 chumhacht\u00fa do na Coimisin\u00e9ir\u00ed Ioncaim imeacht \u00f3 mhodheola\u00edocht chaighde\u00e1nach chun meas\u00fanacht a dh\u00e9anamh ar chothabh\u00e1il linbh in imthosca \u00e1irithe; do dh\u00e9anamh socr\u00fa maidir le meas\u00fanachta\u00ed uasd\u00e1taithe ar chothabh\u00e1il linbh in imthosca \u00e1irithe; do thoirmeasc, ar mhaithe leis an maitheas phoibl\u00ed, iarratais \u00e1irithe a dh\u00e9anamh chun na c\u00fairte mura bhfuil feidhm ag imthosca \u00e1irithe; do dh\u00e9anamh socr\u00fa maidir le hachomhairc i gcoinne cinnt\u00ed agus breitheanna \u00e1irithe \u00f3 na Coimisin\u00e9ir\u00ed Ioncaim; agus do dh\u00e9anamh socr\u00fa i dtaobh nithe gaolmhara.<\/p>","method":"Introduced","methodURI":"https:\/\/data.oireachtas.ie\/ie\/oireachtas\/def\/bill-method\/introduced","mostRecentStage":{"event":{"chamber":{"chamberCode":"seanad","showAs":"Seanad \u00c9ireann","uri":"https:\/\/data.oireachtas.ie\/ie\/oireachtas\/def\/house\/seanad"},"dates":[{"date":"2026-03-24"}],"house":{"chamberCode":"seanad","chamberType":"house","houseCode":"seanad","houseNo":"27","showAs":"27th Seanad","uri":"https:\/\/data.oireachtas.ie\/ie\/oireachtas\/house\/seanad\/27"},"progressStage":2,"showAs":"Second Stage","stageCompleted":false,"stageOutcome":"Current","stageURI":"https:\/\/data.oireachtas.ie\/ie\/oireachtas\/def\/bill-stage\/2","uri":"https:\/\/data.oireachtas.ie\/ie\/oireachtas\/bill\/2026\/35\/stage\/seanad\/2"}},"originHouse":{"showAs":"Seanad \u00c9ireann","uri":"https:\/\/data.oireachtas.ie\/ie\/oireachtas\/def\/house\/seanad"},"originHouseURI":"https:\/\/data.oireachtas.ie\/ie\/oireachtas\/def\/house\/seanad","relatedDocs":[{"relatedDoc":{"date":"2026-03-24","docType":"memo","formats":{"pdf":{"uri":"https:\/\/data.oireachtas.ie\/ie\/oireachtas\/bill\/2026\/35\/eng\/memo\/b3526s-memo.pdf"},"xml":null},"lang":"eng","showAs":"Explanatory Memorandum","uri":"https:\/\/data.oireachtas.ie\/ie\/oireachtas\/bill\/2026\/35\/eng\/memo"}}],"shortTitleEn":"Child Maintenance Bill 2026","shortTitleGa":"An Bille um Chothabh\u00e1il Linbh, 2026","source":"Private Member","sourceURI":"https:\/\/data.oireachtas.ie\/ie\/oireachtas\/def\/bill-source\/private-member","sponsors":[{"sponsor":{"as":{"showAs":null,"uri":null},"by":{"showAs":"Pauline Tully","uri":"https:\/\/data.oireachtas.ie\/ie\/oireachtas\/member\/id\/Pauline-Tully.D.2020-02-08"},"isPrimary":false}},{"sponsor":{"as":{"showAs":null,"uri":null},"by":{"showAs":"Patricia Stephenson","uri":"https:\/\/data.oireachtas.ie\/ie\/oireachtas\/member\/id\/Patricia-Stephenson.S.2025-01-29"},"isPrimary":false}},{"sponsor":{"as":{"showAs":null,"uri":null},"by":{"showAs":"Nessa Cosgrove","uri":"https:\/\/data.oireachtas.ie\/ie\/oireachtas\/member\/id\/Nessa-Cosgrove.S.2025-01-29"},"isPrimary":false}},{"sponsor":{"as":{"showAs":null,"uri":null},"by":{"showAs":"Lynn Ruane","uri":"https:\/\/data.oireachtas.ie\/ie\/oireachtas\/member\/id\/Lynn-Ruane.S.2016-04-25"},"isPrimary":true}},{"sponsor":{"as":{"showAs":null,"uri":null},"by":{"showAs":"Alice-Mary Higgins","uri":"https:\/\/data.oireachtas.ie\/ie\/oireachtas\/member\/id\/Alice-Mary-Higgins.S.2016-04-25"},"isPrimary":false}},{"sponsor":{"as":{"showAs":null,"uri":null},"by":{"showAs":"Eileen Flynn","uri":"https:\/\/data.oireachtas.ie\/ie\/oireachtas\/member\/id\/Eileen-Flynn.S.2020-06-29"},"isPrimary":false}},{"sponsor":{"as":{"showAs":null,"uri":null},"by":{"showAs":"Frances Black","uri":"https:\/\/data.oireachtas.ie\/ie\/oireachtas\/member\/id\/Frances-Black.S.2016-04-25"},"isPrimary":false}},{"sponsor":{"as":{"showAs":null,"uri":null},"by":{"showAs":"Laura Harmon","uri":"https:\/\/data.oireachtas.ie\/ie\/oireachtas\/member\/id\/Laura-Harmon.S.2025-01-29"},"isPrimary":false}},{"sponsor":{"as":{"showAs":null,"uri":null},"by":{"showAs":"Maria McCormack","uri":"https:\/\/data.oireachtas.ie\/ie\/oireachtas\/member\/id\/Maria-McCormack.S.2025-01-29"},"isPrimary":false}},{"sponsor":{"as":{"showAs":null,"uri":null},"by":{"showAs":"Nicole Ryan","uri":"https:\/\/data.oireachtas.ie\/ie\/oireachtas\/member\/id\/Nicole-Ryan.S.2025-01-29"},"isPrimary":false}},{"sponsor":{"as":{"showAs":null,"uri":null},"by":{"showAs":"Sharon Keogan","uri":"https:\/\/data.oireachtas.ie\/ie\/oireachtas\/member\/id\/Sharon-Keogan.S.2020-03-30"},"isPrimary":false}},{"sponsor":{"as":{"showAs":null,"uri":null},"by":{"showAs":"Joanne Collins","uri":"https:\/\/data.oireachtas.ie\/ie\/oireachtas\/member\/id\/Joanne-Collins.S.2025-01-29"},"isPrimary":false}},{"sponsor":{"as":{"showAs":null,"uri":null},"by":{"showAs":"Sarah O'Reilly","uri":"https:\/\/data.oireachtas.ie\/ie\/oireachtas\/member\/id\/Sarah-O'Reilly.S.2025-01-29"},"isPrimary":false}}],"stages":[{"event":{"chamber":{"chamberCode":"seanad","showAs":"Seanad \u00c9ireann","uri":"https:\/\/data.oireachtas.ie\/ie\/oireachtas\/def\/house\/seanad"},"dates":[{"date":"2026-03-24"}],"house":{"chamberCode":"seanad","chamberType":"house","houseCode":"seanad","houseNo":"27","showAs":"27th Seanad","uri":"https:\/\/data.oireachtas.ie\/ie\/oireachtas\/house\/seanad\/27"},"progressStage":1,"showAs":"First Stage","stageCompleted":true,"stageOutcome":null,"stageURI":"https:\/\/data.oireachtas.ie\/ie\/oireachtas\/def\/bill-stage\/1","uri":"https:\/\/data.oireachtas.ie\/ie\/oireachtas\/bill\/2026\/35\/stage\/seanad\/1"}},{"event":{"chamber":{"chamberCode":"seanad","showAs":"Seanad \u00c9ireann","uri":"https:\/\/data.oireachtas.ie\/ie\/oireachtas\/def\/house\/seanad"},"dates":[{"date":"2026-03-24"}],"house":{"chamberCode":"seanad","chamberType":"house","houseCode":"seanad","houseNo":"27","showAs":"27th Seanad","uri":"https:\/\/data.oireachtas.ie\/ie\/oireachtas\/house\/seanad\/27"},"progressStage":2,"showAs":"Second Stage","stageCompleted":false,"stageOutcome":"Current","stageURI":"https:\/\/data.oireachtas.ie\/ie\/oireachtas\/def\/bill-stage\/2","uri":"https:\/\/data.oireachtas.ie\/ie\/oireachtas\/bill\/2026\/35\/stage\/seanad\/2"}}],"status":"Current","statusURI":"https:\/\/data.oireachtas.ie\/ie\/oireachtas\/def\/bill-status\/published","uri":"https:\/\/data.oireachtas.ie\/ie\/oireachtas\/bill\/2026\/35","versions":[{"version":{"date":"2026-03-24","docType":"bill","formats":{"pdf":{"uri":"https:\/\/data.oireachtas.ie\/ie\/oireachtas\/bill\/2026\/35\/eng\/initiated\/b3526s.pdf"},"xml":null},"lang":"eng","showAs":"As Initiated","uri":"https:\/\/data.oireachtas.ie\/ie\/oireachtas\/bill\/2026\/35\/eng\/initiated"}}]},"billSort":{"actNoSort":null,"actShortTitleEnSort":null,"actShortTitleGaSort":null,"actYearSort":null,"billNoSort":35,"billShortTitleEnSort":"child-maintenance-bill-2026","billShortTitleGaSort":"an-bille-um-chothabhail-linbh-2026","billYearSort":2026},"contextDate":"2026-03-24"},{"bill":{"act":null,"amendmentLists":[],"billNo":"34","billType":"Public","billTypeURI":"https:\/\/data.oireachtas.ie\/ie\/oireachtas\/def\/bill-type\/public","billYear":"2026","debates":[{"chamber":{"showAs":"D\u00e1il \u00c9ireann","uri":"https:\/\/data.oireachtas.ie\/ie\/oireachtas\/def\/house\/dail"},"date":"2026-03-25","debateSectionId":"dbsect_15","showAs":"Forty-first Amendment of the Constitution (Right to Housing) Bill 2026: First Stage","uri":"https:\/\/data.oireachtas.ie\/akn\/ie\/debateRecord\/dail\/2026-03-25\/debate\/main"}],"events":[{"event":{"chamber":{"chamberCode":"dail","showAs":"D\u00e1il \u00c9ireann","uri":"https:\/\/data.oireachtas.ie\/ie\/oireachtas\/def\/house\/dail"},"dates":[{"date":"2026-02-12"},{"date":"2026-03-11"},{"date":"2026-03-26"}],"eventURI":"https:\/\/data.oireachtas.ie\/ie\/oireachtas\/def\/bill-event\/admissibility-for-introduction","showAs":"Admissibility for Introduction","uri":"https:\/\/data.oireachtas.ie\/ie\/oireachtas\/bill\/2026\/34\/admissibility-for-introduction"}}],"lastUpdated":"2026-03-27T10:16:25.650000+00:00","longTitleEn":"<p>Bill entitled an Act to amend the Constitution.<\/p>","longTitleGa":"<p>Bille d\u00e1 ngairtear Acht chun an Bunreacht a leas\u00fa.<\/p>","method":"Introduced","methodURI":"https:\/\/data.oireachtas.ie\/ie\/oireachtas\/def\/bill-method\/introduced","mostRecentStage":{"event":{"chamber":{"chamberCode":"dail","showAs":"D\u00e1il \u00c9ireann","uri":"https:\/\/data.oireachtas.ie\/ie\/oireachtas\/def\/house\/dail"},"dates":[{"date":"2026-03-25"}],"house":{"chamberCode":"dail","chamberType":"house","houseCode":"dail","houseNo":"34","showAs":"34th D\u00e1il","uri":"https:\/\/data.oireachtas.ie\/ie\/oireachtas\/house\/dail\/34"},"progressStage":2,"showAs":"Second Stage","stageCompleted":false,"stageOutcome":"Current","stageURI":"https:\/\/data.oireachtas.ie\/ie\/oireachtas\/def\/bill-stage\/2","uri":"https:\/\/data.oireachtas.ie\/ie\/oireachtas\/bill\/2026\/34\/stage\/dail\/2"}},"originHouse":{"showAs":"D\u00e1il \u00c9ireann","uri":"https:\/\/data.oireachtas.ie\/ie\/oireachtas\/def\/house\/dail"},"originHouseURI":"https:\/\/data.oireachtas.ie\/ie\/oireachtas\/def\/house\/dail","relatedDocs":[{"relatedDoc":{"date":"2026-03-26","docType":"memo","formats":{"pdf":{"uri":"https:\/\/data.oireachtas.ie\/ie\/oireachtas\/bill\/2026\/34\/mul\/memo\/b3426d-memo.pdf"},"xml":null},"lang":"mul","showAs":"Explanatory Memorandum","uri":"https:\/\/data.oireachtas.ie\/ie\/oireachtas\/bill\/2026\/34\/mul\/memo"}}],"shortTitleEn":"Forty-first Amendment of the Constitution (Right to Housing) Bill 2026","shortTitleGa":"An Bille um an Aon\u00fa Leas\u00fa is Daichead ar an mBunreacht (Ceart chun Tith\u00edochta), 2026","source":"Private Member","sourceURI":"https:\/\/data.oireachtas.ie\/ie\/oireachtas\/def\/bill-source\/private-member","sponsors":[{"sponsor":{"isPrimary":true,"as":{"showAs":null,"uri":null},"by":{"showAs":"Rory Hearne","uri":"https:\/\/data.oireachtas.ie\/ie\/oireachtas\/member\/id\/Rory-Hearne.D.2024-11-29"}}}],"stages":[{"event":{"chamber":{"chamberCode":"dail","showAs":"D\u00e1il \u00c9ireann","uri":"https:\/\/data.oireachtas.ie\/ie\/oireachtas\/def\/house\/dail"},"dates":[{"date":"2026-02-12"},{"date":"2026-03-11"},{"date":"2026-03-25"},{"date":"2026-03-26"}],"house":{"chamberCode":"dail","chamberType":"house","houseCode":"dail","houseNo":"34","showAs":"34th D\u00e1il","uri":"https:\/\/data.oireachtas.ie\/ie\/oireachtas\/house\/dail\/34"},"progressStage":1,"showAs":"First Stage","stageCompleted":true,"stageOutcome":null,"stageURI":"https:\/\/data.oireachtas.ie\/ie\/oireachtas\/def\/bill-stage\/1","uri":"https:\/\/data.oireachtas.ie\/ie\/oireachtas\/bill\/2026\/34\/stage\/dail\/1"}},{"event":{"chamber":{"chamberCode":"dail","showAs":"D\u00e1il \u00c9ireann","uri":"https:\/\/data.oireachtas.ie\/ie\/oireachtas\/def\/house\/dail"},"dates":[{"date":"2026-03-25"}],"house":{"chamberCode":"dail","chamberType":"house","houseCode":"dail","houseNo":"34","showAs":"34th D\u00e1il","uri":"https:\/\/data.oireachtas.ie\/ie\/oireachtas\/house\/dail\/34"},"progressStage":2,"showAs":"Second Stage","stageCompleted":false,"stageOutcome":"Current","stageURI":"https:\/\/data.oireachtas.ie\/ie\/oireachtas\/def\/bill-stage\/2","uri":"https:\/\/data.oireachtas.ie\/ie\/oireachtas\/bill\/2026\/34\/stage\/dail\/2"}}],"status":"Current","statusURI":"https:\/\/data.oireachtas.ie\/ie\/oireachtas\/def\/bill-status\/published","uri":"https:\/\/data.oireachtas.ie\/ie\/oireachtas\/bill\/2026\/34","versions":[{"version":{"lang":"mul","docType":"bill","showAs":"As Initiated","date":"2026-03-26","formats":{"pdf":{"uri":"https:\/\/data.oireachtas.ie\/ie\/oireachtas\/bill\/2026\/34\/mul\/initiated\/b3426d.pdf"},"xml":null},"uri":"https:\/\/data.oireachtas.ie\/ie\/oireachtas\/bill\/2026\/34\/mul\/initiated"}}]},"contextDate":"2026-03-25","billSort":{"actNoSort":null,"actShortTitleEnSort":null,"actShortTitleGaSort":null,"actYearSort":null,"billNoSort":34,"billShortTitleEnSort":"forty-first-amendment-of-the-constitution-right-to-housing-bill-2026","billShortTitleGaSort":"an-bille-um-an-aonu-leasu-is-daichead-ar-an-mbunreacht-ceart-chun-tithiochta-2026","billYearSort":2026}},{"bill":{"act":null,"amendmentLists":[],"billNo":"33","billType":"Public","billTypeURI":"https:\/\/data.oireachtas.ie\/ie\/oireachtas\/def\/bill-type\/public","billYear":"2026","debates":[{"chamber":{"showAs":"D\u00e1il \u00c9ireann","uri":"https:\/\/data.oireachtas.ie\/ie\/oireachtas\/def\/house\/dail"},"date":"2026-03-24","debateSectionId":"dbsect_9","showAs":"Planning and Development (Material Interest) Bill 2026: First Stage","uri":"https:\/\/data.oireachtas.ie\/akn\/ie\/debateRecord\/dail\/2026-03-24\/debate\/main"}],"events":[{"event":{"chamber":{"chamberCode":"dail","showAs":"D\u00e1il \u00c9ireann","uri":"https:\/\/data.oireachtas.ie\/ie\/oireachtas\/def\/house\/dail"},"dates":[{"date":"2026-02-26"},{"date":"2026-02-26"},{"date":"2026-03-24"}],"eventURI":"https:\/\/data.oireachtas.ie\/ie\/oireachtas\/def\/bill-event\/admissibility-for-introduction","showAs":"Admissibility for Introduction","uri":"https:\/\/data.oireachtas.ie\/ie\/oireachtas\/bill\/2026\/33\/admissibility-for-introduction"}}],"lastUpdated":"2026-03-25T10:04:52.540000+00:00","longTitleEn":"<p style=\"text-align:justify;\">Bill entitled an Act to prevent certain objections to grants of planning permission by requiring, subject to exceptions, that an objector must have a material interest in the development to which the objection relates; and to provide for related matters.<\/p>","longTitleGa":"<p>Bille d\u00e1 ngairtear Acht do chur cosc le hag\u00f3id\u00ed \u00e1irithe i gcoinne deon\u00fa<span style=\"color:red;\">\u00a0<\/span>ceada plean\u00e1la tr\u00edna cheangal, faoi r\u00e9ir eisceachta\u00ed, nach fol\u00e1ir leas \u00e1bhartha a bheith ag ag\u00f3ideoir san fhorbairt lena mbaineann an ag\u00f3id; agus do dh\u00e9anamh socr\u00fa i dtaobh nithe gaolmhara.<\/p>","method":"Introduced","methodURI":"https:\/\/data.oireachtas.ie\/ie\/oireachtas\/def\/bill-method\/introduced","mostRecentStage":{"event":{"chamber":{"chamberCode":"dail","showAs":"D\u00e1il \u00c9ireann","uri":"https:\/\/data.oireachtas.ie\/ie\/oireachtas\/def\/house\/dail"},"dates":[{"date":"2026-03-24"}],"house":{"chamberCode":"dail","chamberType":"house","houseCode":"dail","houseNo":"34","showAs":"34th D\u00e1il","uri":"https:\/\/data.oireachtas.ie\/ie\/oireachtas\/house\/dail\/34"},"progressStage":2,"showAs":"Second Stage","stageCompleted":false,"stageOutcome":"Current","stageURI":"https:\/\/data.oireachtas.ie\/ie\/oireachtas\/def\/bill-stage\/2","uri":"https:\/\/data.oireachtas.ie\/ie\/oireachtas\/bill\/2026\/33\/stage\/dail\/2"}},"originHouse":{"showAs":"D\u00e1il \u00c9ireann","uri":"https:\/\/data.oireachtas.ie\/ie\/oireachtas\/def\/house\/dail"},"originHouseURI":"https:\/\/data.oireachtas.ie\/ie\/oireachtas\/def\/house\/dail","relatedDocs":[{"relatedDoc":{"date":"2026-03-24","docType":"memo","formats":{"pdf":{"uri":"https:\/\/data.oireachtas.ie\/ie\/oireachtas\/bill\/2026\/33\/eng\/memo\/b3326d-memo.pdf"},"xml":null},"lang":"eng","showAs":"Explanatory Memorandum","uri":"https:\/\/data.oireachtas.ie\/ie\/oireachtas\/bill\/2026\/33\/eng\/memo"}}],"shortTitleEn":"Planning and Development (Material Interest) Bill 2026","shortTitleGa":"An Bille um Plean\u00e1il agus Forbairt (Leas \u00c1bhartha), 2026","source":"Private Member","sourceURI":"https:\/\/data.oireachtas.ie\/ie\/oireachtas\/def\/bill-source\/private-member","sponsors":[{"sponsor":{"isPrimary":true,"as":{"showAs":null,"uri":null},"by":{"showAs":"Peadar T\u00f3ib\u00edn","uri":"https:\/\/data.oireachtas.ie\/ie\/oireachtas\/member\/id\/Peadar-T\u00f3ib\u00edn.D.2011-03-09"}}},{"sponsor":{"isPrimary":false,"as":{"showAs":null,"uri":null},"by":{"showAs":"Paul Lawless","uri":"https:\/\/data.oireachtas.ie\/ie\/oireachtas\/member\/id\/Paul-Lawless.D.2024-11-29"}}}],"stages":[{"event":{"chamber":{"chamberCode":"dail","showAs":"D\u00e1il \u00c9ireann","uri":"https:\/\/data.oireachtas.ie\/ie\/oireachtas\/def\/house\/dail"},"dates":[{"date":"2026-02-26"},{"date":"2026-02-26"},{"date":"2026-03-24"},{"date":"2026-03-24"}],"house":{"chamberCode":"dail","chamberType":"house","houseCode":"dail","houseNo":"34","showAs":"34th D\u00e1il","uri":"https:\/\/data.oireachtas.ie\/ie\/oireachtas\/house\/dail\/34"},"progressStage":1,"showAs":"First Stage","stageCompleted":true,"stageOutcome":null,"stageURI":"https:\/\/data.oireachtas.ie\/ie\/oireachtas\/def\/bill-stage\/1","uri":"https:\/\/data.oireachtas.ie\/ie\/oireachtas\/bill\/2026\/33\/stage\/dail\/1"}},{"event":{"chamber":{"chamberCode":"dail","showAs":"D\u00e1il \u00c9ireann","uri":"https:\/\/data.oireachtas.ie\/ie\/oireachtas\/def\/house\/dail"},"dates":[{"date":"2026-03-24"}],"house":{"chamberCode":"dail","chamberType":"house","houseCode":"dail","houseNo":"34","showAs":"34th D\u00e1il","uri":"https:\/\/data.oireachtas.ie\/ie\/oireachtas\/house\/dail\/34"},"progressStage":2,"showAs":"Second Stage","stageCompleted":false,"stageOutcome":"Current","stageURI":"https:\/\/data.oireachtas.ie\/ie\/oireachtas\/def\/bill-stage\/2","uri":"https:\/\/data.oireachtas.ie\/ie\/oireachtas\/bill\/2026\/33\/stage\/dail\/2"}}],"status":"Current","statusURI":"https:\/\/data.oireachtas.ie\/ie\/oireachtas\/def\/bill-status\/published","uri":"https:\/\/data.oireachtas.ie\/ie\/oireachtas\/bill\/2026\/33","versions":[{"version":{"lang":"eng","docType":"bill","showAs":"As Initiated","date":"2026-03-24","formats":{"pdf":{"uri":"https:\/\/data.oireachtas.ie\/ie\/oireachtas\/bill\/2026\/33\/eng\/initiated\/b3326d.pdf"},"xml":null},"uri":"https:\/\/data.oireachtas.ie\/ie\/oireachtas\/bill\/2026\/33\/eng\/initiated"}}]},"contextDate":"2026-03-24","billSort":{"actNoSort":null,"actShortTitleEnSort":null,"actShortTitleGaSort":null,"actYearSort":null,"billNoSort":33,"billShortTitleEnSort":"planning-and-development-material-interest-bill-2026","billShortTitleGaSort":"an-bille-um-pleanail-agus-forbairt-leas-abhartha-2026","billYearSort":2026}}]}