{"head":{"counts":{"billCount":404,"resultCount":404}},"results":[{"bill":{"act":null,"amendmentLists":[],"billNo":"150","billType":"Public","billTypeURI":"https:\/\/data.oireachtas.ie\/ie\/oireachtas\/def\/bill-type\/public","billYear":"2021","debates":[{"chamber":{"showAs":"D\u00e1il \u00c9ireann","uri":"https:\/\/data.oireachtas.ie\/ie\/oireachtas\/def\/house\/dail"},"date":"2026-06-30","debateSectionId":"dbsect_10","showAs":"Seller's Legal Pack for Property Buyers Bill 2021: Restoration to Order Paper","uri":"https:\/\/data.oireachtas.ie\/akn\/ie\/debateRecord\/dail\/2026-06-30\/debate\/main"},{"chamber":{"showAs":"D\u00e1il \u00c9ireann","uri":"https:\/\/data.oireachtas.ie\/ie\/oireachtas\/def\/house\/dail"},"date":"2024-10-23","debateSectionId":"dbsect_14","showAs":"Seller's Legal Pack for Property Buyers Bill 2021: Referral to Select Committee [Private Members]","uri":"https:\/\/data.oireachtas.ie\/akn\/ie\/debateRecord\/dail\/2024-10-23\/debate\/main"},{"chamber":{"showAs":"D\u00e1il \u00c9ireann","uri":"https:\/\/data.oireachtas.ie\/ie\/oireachtas\/def\/house\/dail"},"date":"2023-10-05","debateSectionId":"dbsect_43","showAs":"Seller's Legal Pack for Property Buyers Bill 2021: Second Stage [Private Members]","uri":"https:\/\/data.oireachtas.ie\/akn\/ie\/debateRecord\/dail\/2023-10-05\/debate\/main"},{"chamber":{"showAs":"D\u00e1il \u00c9ireann","uri":"https:\/\/data.oireachtas.ie\/ie\/oireachtas\/def\/house\/dail"},"date":"2021-11-23","debateSectionId":"dbsect_8","showAs":"Seller's Legal Pack for Property Buyers Bill 2021: First Stage","uri":"https:\/\/data.oireachtas.ie\/akn\/ie\/debateRecord\/dail\/2021-11-23\/debate\/main"}],"events":[{"event":{"chamber":{"chamberCode":"dail","showAs":"D\u00e1il \u00c9ireann","uri":"https:\/\/data.oireachtas.ie\/ie\/oireachtas\/def\/house\/dail"},"dates":[{"date":"2021-11-11"},{"date":"2021-11-11"},{"date":"2021-11-23"},{"date":"2026-06-30"}],"eventURI":"https:\/\/data.oireachtas.ie\/ie\/oireachtas\/def\/bill-event\/approved-for-initiation","showAs":"Approved for Initiation","uri":"https:\/\/data.oireachtas.ie\/ie\/oireachtas\/bill\/2021\/150\/approved-for-initiation"}},{"event":{"chamber":{"chamberCode":"dail","showAs":"D\u00e1il \u00c9ireann","uri":"https:\/\/data.oireachtas.ie\/ie\/oireachtas\/def\/house\/dail"},"dates":[{"date":"2024-11-08"}],"eventURI":"https:\/\/data.oireachtas.ie\/ie\/oireachtas\/def\/bill-event\/bill-lapsed","showAs":"Bill Lapsed","uri":"https:\/\/data.oireachtas.ie\/ie\/oireachtas\/bill\/2021\/150\/bill-lapsed"}}],"lastUpdated":"2026-07-14T10:08:50.830000+00:00","longTitleEn":"Bill entitled an Act to establish a statutory procedure whereby when a Seller of a property places the property on the market, a set of legal documents (the \u201cSeller\u2019s Legal Pack\u201d) shall be compiled and advertised with the property and made available to potential buyers, such documents ensuring that buyers have key information relating to the property and ensuring the conveyancing process is more efficient.","longTitleGa":"Bille d\u00e1 ngairtear Acht do bhun\u00fa n\u00f3s imeachta reachtach tr\u00edna nd\u00e9anfar, nuair a chuirfidh D\u00edolt\u00f3ir maoine an mhaoin ar an margadh, tacar doicim\u00e9ad dl\u00edthi\u00fail (\u201cBeart\u00e1n Dl\u00ed an D\u00edolt\u00f3ra\u201d) a thioms\u00fa agus a fh\u00f3gairt i dteannta na maoine agus a chur ar f\u00e1il do cheannaitheoir\u00ed ionchasacha, ar doicim\u00e9id iad lena gcinnteofar go mbeidh faisn\u00e9is bhunriachtanach a bhaineann leis an maoin ag ceannaitheoir\u00ed agus lena gcinnteofar go mbeidh an pr\u00f3iseas t\u00edolactha n\u00edos \u00e9ifeachta\u00ed.","method":"Introduced","methodURI":"https:\/\/data.oireachtas.ie\/ie\/oireachtas\/def\/bill-method\/introduced","mostRecentStage":{"event":{"chamber":{"chamberCode":"dail","showAs":"D\u00e1il \u00c9ireann","uri":"https:\/\/data.oireachtas.ie\/ie\/oireachtas\/def\/house\/dail"},"dates":[{"date":"2024-11-08"},{"date":"2026-06-30"}],"house":{"chamberCode":"dail","chamberType":"house","houseCode":"dail","houseNo":"33","showAs":"33rd D\u00e1il","uri":"https:\/\/data.oireachtas.ie\/ie\/oireachtas\/house\/dail\/33"},"progressStage":3,"showAs":"Committee Stage","stageCompleted":false,"stageOutcome":"Current","stageURI":"https:\/\/data.oireachtas.ie\/ie\/oireachtas\/def\/bill-stage\/3","uri":"https:\/\/data.oireachtas.ie\/ie\/oireachtas\/bill\/2021\/150\/stage\/dail\/3"}},"originHouse":{"showAs":"D\u00e1il \u00c9ireann","uri":"https:\/\/data.oireachtas.ie\/ie\/oireachtas\/def\/house\/dail"},"originHouseURI":"https:\/\/data.oireachtas.ie\/ie\/oireachtas\/def\/house\/dail","relatedDocs":[{"relatedDoc":{"date":"2021-11-23","docType":"memo","formats":{"pdf":{"uri":"https:\/\/data.oireachtas.ie\/ie\/oireachtas\/bill\/2021\/150\/eng\/memo\/b15021d-memo.pdf"},"xml":null},"lang":"eng","showAs":"Explanatory Memorandum","uri":"https:\/\/data.oireachtas.ie\/ie\/oireachtas\/bill\/2021\/150\/eng\/memo"}}],"shortTitleEn":"Seller\u2019s Legal Pack for Property Buyers Bill 2021","shortTitleGa":"An Bille um Beart\u00e1n Dl\u00edthi\u00fail D\u00edolt\u00f3ra do Cheannaitheoir\u00ed Maoine, 2021","source":"Private Member","sourceURI":"https:\/\/data.oireachtas.ie\/ie\/oireachtas\/def\/bill-source\/private-member","sponsors":[{"sponsor":{"isPrimary":true,"as":{"showAs":null,"uri":null},"by":{"showAs":"Marc MacSharry","uri":"https:\/\/data.oireachtas.ie\/ie\/oireachtas\/member\/id\/Marc-MacSharry.S.2002-09-12"}}}],"stages":[{"event":{"chamber":{"chamberCode":"dail","showAs":"D\u00e1il \u00c9ireann","uri":"https:\/\/data.oireachtas.ie\/ie\/oireachtas\/def\/house\/dail"},"dates":[{"date":"2021-11-11"},{"date":"2021-11-11"},{"date":"2021-11-23"},{"date":"2021-11-23"}],"house":{"chamberCode":"dail","chamberType":"house","houseCode":"dail","houseNo":"33","showAs":"33rd D\u00e1il","uri":"https:\/\/data.oireachtas.ie\/ie\/oireachtas\/house\/dail\/33"},"progressStage":1,"showAs":"First Stage","stageCompleted":true,"stageOutcome":null,"stageURI":"https:\/\/data.oireachtas.ie\/ie\/oireachtas\/def\/bill-stage\/1","uri":"https:\/\/data.oireachtas.ie\/ie\/oireachtas\/bill\/2021\/150\/stage\/dail\/1"}},{"event":{"chamber":{"chamberCode":"dail","showAs":"D\u00e1il \u00c9ireann","uri":"https:\/\/data.oireachtas.ie\/ie\/oireachtas\/def\/house\/dail"},"dates":[{"date":"2021-11-23"}],"house":{"chamberCode":"dail","chamberType":"house","houseCode":"dail","houseNo":"33","showAs":"33rd D\u00e1il","uri":"https:\/\/data.oireachtas.ie\/ie\/oireachtas\/house\/dail\/33"},"progressStage":2,"showAs":"Second Stage","stageCompleted":true,"stageOutcome":null,"stageURI":"https:\/\/data.oireachtas.ie\/ie\/oireachtas\/def\/bill-stage\/2","uri":"https:\/\/data.oireachtas.ie\/ie\/oireachtas\/bill\/2021\/150\/stage\/dail\/2"}},{"event":{"chamber":{"chamberCode":"dail","showAs":"D\u00e1il \u00c9ireann","uri":"https:\/\/data.oireachtas.ie\/ie\/oireachtas\/def\/house\/dail"},"dates":[{"date":"2024-11-08"},{"date":"2026-06-30"}],"house":{"chamberCode":"dail","chamberType":"house","houseCode":"dail","houseNo":"33","showAs":"33rd D\u00e1il","uri":"https:\/\/data.oireachtas.ie\/ie\/oireachtas\/house\/dail\/33"},"progressStage":3,"showAs":"Committee Stage","stageCompleted":false,"stageOutcome":"Current","stageURI":"https:\/\/data.oireachtas.ie\/ie\/oireachtas\/def\/bill-stage\/3","uri":"https:\/\/data.oireachtas.ie\/ie\/oireachtas\/bill\/2021\/150\/stage\/dail\/3"}}],"status":"Current","statusURI":"https:\/\/data.oireachtas.ie\/ie\/oireachtas\/def\/bill-status\/published","uri":"https:\/\/data.oireachtas.ie\/ie\/oireachtas\/bill\/2021\/150","versions":[{"version":{"lang":"eng","docType":"bill","showAs":"As Initiated","date":"2021-11-23","formats":{"pdf":{"uri":"https:\/\/data.oireachtas.ie\/ie\/oireachtas\/bill\/2021\/150\/eng\/initiated\/b15021d.pdf"},"xml":null},"uri":"https:\/\/data.oireachtas.ie\/ie\/oireachtas\/bill\/2021\/150\/eng\/initiated"}}]},"contextDate":"2026-06-30","billSort":{"actNoSort":null,"actShortTitleEnSort":null,"actShortTitleGaSort":null,"actYearSort":null,"billNoSort":150,"billShortTitleEnSort":"sellers-legal-pack-for-property-buyers-bill-2021","billShortTitleGaSort":"an-bille-um-beartan-dlithiuil-dioltora-do-cheannaitheoiri-maoine-2021","billYearSort":2021}},{"bill":{"act":null,"amendmentLists":[],"billNo":"149","billType":"Public","billTypeURI":"https:\/\/data.oireachtas.ie\/ie\/oireachtas\/def\/bill-type\/public","billYear":"2021","debates":[{"chamber":{"showAs":"Seanad \u00c9ireann","uri":"https:\/\/data.oireachtas.ie\/ie\/oireachtas\/def\/house\/seanad"},"date":"2021-11-30","debateSectionId":"dbsect_10","showAs":"Horticultural Peat (Temporary Measures) Bill 2021: Second Stage","uri":"https:\/\/data.oireachtas.ie\/akn\/ie\/debateRecord\/seanad\/2021-11-30\/debate\/main"},{"chamber":{"showAs":"Seanad \u00c9ireann","uri":"https:\/\/data.oireachtas.ie\/ie\/oireachtas\/def\/house\/seanad"},"date":"2021-11-23","debateSectionId":"dbsect_11","showAs":"Horticultural Peat (Temporary Measures) Bill 2021: First Stage","uri":"https:\/\/data.oireachtas.ie\/akn\/ie\/debateRecord\/seanad\/2021-11-23\/debate\/main"}],"events":[{"event":{"chamber":{"chamberCode":"seanad","showAs":"Seanad \u00c9ireann","uri":"https:\/\/data.oireachtas.ie\/ie\/oireachtas\/def\/house\/seanad"},"dates":[{"date":"2021-11-10"},{"date":"2021-11-23"},{"date":"2025-03-27"}],"eventURI":"https:\/\/data.oireachtas.ie\/ie\/oireachtas\/def\/bill-event\/admissibility-for-introduction","showAs":"Admissibility for Introduction","uri":"https:\/\/data.oireachtas.ie\/ie\/oireachtas\/bill\/2021\/149\/admissibility-for-introduction"}},{"event":{"chamber":{"chamberCode":"seanad","showAs":"Seanad \u00c9ireann","uri":"https:\/\/data.oireachtas.ie\/ie\/oireachtas\/def\/house\/seanad"},"dates":[{"date":"2025-01-29"}],"eventURI":"https:\/\/data.oireachtas.ie\/ie\/oireachtas\/def\/bill-event\/bill-lapsed","showAs":"Bill Lapsed","uri":"https:\/\/data.oireachtas.ie\/ie\/oireachtas\/bill\/2021\/149\/bill-lapsed"}}],"lastUpdated":"2025-03-28T11:05:36.610000+00:00","longTitleEn":"Bill entitled an Act to amend the Planning and Development Acts 2000 to 2021 and the Environmental Protection Agency Acts 1992 to 2011 to make exceptional provision for peat extraction for the purpose of horticulture for a temporary period in the public interest in order to mitigate the adverse consequences resulting, or likely to result from an interruption to supply and to provide for a just transition.","longTitleGa":"Bille d\u00e1 ngairtear Acht do leas\u00fa na nAchtanna um Plean\u00e1il agus Forbairt, 2000 go 2021 agus na nAchtanna f\u00e1n nGn\u00edomhaireacht um Chaomhn\u00fa Comhshaoil, 1992 go 2011 chun socr\u00fa eisceacht\u00fail a dh\u00e9anamh maidir le baint m\u00f3na chun cr\u00edche gairneoireachta ar feadh tr\u00e9imhse shealadach ar mhaithe le leas an phobail d\u2019fhonn maol\u00fa a dh\u00e9anamh ar na hiarmhairt\u00ed dochracha a bheidh, n\u00f3 is d\u00f3igh a bheidh, mar thoradh ar bhriseadh ar shol\u00e1thar agus do dh\u00e9anamh socr\u00fa maidir le trasdul c\u00f3ir.","method":"Introduced","methodURI":"https:\/\/data.oireachtas.ie\/ie\/oireachtas\/def\/bill-method\/introduced","mostRecentStage":{"event":{"chamber":{"chamberCode":"seanad","showAs":"Seanad \u00c9ireann","uri":"https:\/\/data.oireachtas.ie\/ie\/oireachtas\/def\/house\/seanad"},"dates":[{"date":"2021-11-30"},{"date":"2025-01-29"},{"date":"2025-03-27"}],"house":{"chamberCode":"seanad","chamberType":"house","houseCode":"seanad","houseNo":"26","showAs":"26th Seanad","uri":"https:\/\/data.oireachtas.ie\/ie\/oireachtas\/house\/seanad\/26"},"progressStage":2,"showAs":"Second Stage","stageCompleted":false,"stageOutcome":"Current","stageURI":"https:\/\/data.oireachtas.ie\/ie\/oireachtas\/def\/bill-stage\/2","uri":"https:\/\/data.oireachtas.ie\/ie\/oireachtas\/bill\/2021\/149\/stage\/seanad\/2"}},"originHouse":{"showAs":"Seanad \u00c9ireann","uri":"https:\/\/data.oireachtas.ie\/ie\/oireachtas\/def\/house\/seanad"},"originHouseURI":"https:\/\/data.oireachtas.ie\/ie\/oireachtas\/def\/house\/seanad","relatedDocs":[{"relatedDoc":{"date":"2021-11-23","docType":"memo","formats":{"pdf":{"uri":"https:\/\/data.oireachtas.ie\/ie\/oireachtas\/bill\/2021\/149\/eng\/memo\/b14921s-memo.pdf"},"xml":null},"lang":"eng","showAs":"Explanatory Memorandum","uri":"https:\/\/data.oireachtas.ie\/ie\/oireachtas\/bill\/2021\/149\/eng\/memo"}}],"shortTitleEn":"Horticultural Peat (Temporary Measures) Bill 2021","shortTitleGa":"An Bille um M\u00f3in Ghairneoireachta (Bearta Sealadacha), 2021","source":"Private Member","sourceURI":"https:\/\/data.oireachtas.ie\/ie\/oireachtas\/def\/bill-source\/private-member","sponsors":[{"sponsor":{"as":{"showAs":null,"uri":null},"by":{"showAs":"Miche\u00e1l Carrigy","uri":"https:\/\/data.oireachtas.ie\/ie\/oireachtas\/member\/id\/Miche\u00e1l-Carrigy.S.2020-03-30"},"isPrimary":false}},{"sponsor":{"as":{"showAs":null,"uri":null},"by":{"showAs":"Pat Casey","uri":"https:\/\/data.oireachtas.ie\/ie\/oireachtas\/member\/id\/Pat-Casey.D.2016-10-03"},"isPrimary":false}},{"sponsor":{"as":{"showAs":null,"uri":null},"by":{"showAs":"Regina Doherty","uri":"https:\/\/data.oireachtas.ie\/ie\/oireachtas\/member\/id\/Regina-Doherty.D.2011-03-09"},"isPrimary":true}},{"sponsor":{"as":{"showAs":null,"uri":null},"by":{"showAs":"Paddy Burke","uri":"https:\/\/data.oireachtas.ie\/ie\/oireachtas\/member\/id\/Paddy-Burke.S.1993-02-17"},"isPrimary":false}},{"sponsor":{"as":{"showAs":null,"uri":null},"by":{"showAs":"Jerry Buttimer","uri":"https:\/\/data.oireachtas.ie\/ie\/oireachtas\/member\/id\/Jerry-Buttimer.S.2007-07-23"},"isPrimary":false}},{"sponsor":{"as":{"showAs":null,"uri":null},"by":{"showAs":"Malcolm Byrne","uri":"https:\/\/data.oireachtas.ie\/ie\/oireachtas\/member\/id\/Malcolm-Byrne.D.2019-11-29"},"isPrimary":false}},{"sponsor":{"as":{"showAs":null,"uri":null},"by":{"showAs":"Maria Byrne","uri":"https:\/\/data.oireachtas.ie\/ie\/oireachtas\/member\/id\/Maria-Byrne.S.2016-04-25"},"isPrimary":false}},{"sponsor":{"as":{"showAs":null,"uri":null},"by":{"showAs":"Lisa Chambers","uri":"https:\/\/data.oireachtas.ie\/ie\/oireachtas\/member\/id\/Lisa-Chambers.D.2016-10-03"},"isPrimary":false}},{"sponsor":{"as":{"showAs":null,"uri":null},"by":{"showAs":"Lorraine Clifford-Lee","uri":"https:\/\/data.oireachtas.ie\/ie\/oireachtas\/member\/id\/Lorraine-Clifford-Lee.S.2016-04-25"},"isPrimary":false}},{"sponsor":{"as":{"showAs":null,"uri":null},"by":{"showAs":"John Cummins","uri":"https:\/\/data.oireachtas.ie\/ie\/oireachtas\/member\/id\/John-Cummins.S.2020-03-30"},"isPrimary":false}},{"sponsor":{"as":{"showAs":null,"uri":null},"by":{"showAs":"Emer Currie","uri":"https:\/\/data.oireachtas.ie\/ie\/oireachtas\/member\/id\/Emer-Currie.S.2020-06-29"},"isPrimary":false}},{"sponsor":{"as":{"showAs":null,"uri":null},"by":{"showAs":"Aidan Davitt","uri":"https:\/\/data.oireachtas.ie\/ie\/oireachtas\/member\/id\/Aidan-Davitt.S.2016-04-25"},"isPrimary":false}},{"sponsor":{"as":{"showAs":null,"uri":null},"by":{"showAs":"Aisling Dolan","uri":"https:\/\/data.oireachtas.ie\/ie\/oireachtas\/member\/id\/Aisling-Dolan.S.2020-06-29"},"isPrimary":false}},{"sponsor":{"as":{"showAs":null,"uri":null},"by":{"showAs":"Erin McGreehan","uri":"https:\/\/data.oireachtas.ie\/ie\/oireachtas\/member\/id\/Erin-McGreehan.S.2020-06-29"},"isPrimary":false}},{"sponsor":{"as":{"showAs":null,"uri":null},"by":{"showAs":"Eugene Murphy","uri":"https:\/\/data.oireachtas.ie\/ie\/oireachtas\/member\/id\/Eugene-Murphy.D.2016-10-03"},"isPrimary":false}},{"sponsor":{"as":{"showAs":null,"uri":null},"by":{"showAs":"Denis O'Donovan","uri":"https:\/\/data.oireachtas.ie\/ie\/oireachtas\/member\/id\/Denis-O'Donovan.S.1989-10-01"},"isPrimary":false}},{"sponsor":{"as":{"showAs":null,"uri":null},"by":{"showAs":"Fiona O'Loughlin","uri":"https:\/\/data.oireachtas.ie\/ie\/oireachtas\/member\/id\/Fiona-O'Loughlin.D.2016-10-03"},"isPrimary":false}},{"sponsor":{"as":{"showAs":null,"uri":null},"by":{"showAs":"Joe O'Reilly","uri":"https:\/\/data.oireachtas.ie\/ie\/oireachtas\/member\/id\/Joe-O'Reilly.S.1989-10-01"},"isPrimary":false}},{"sponsor":{"as":{"showAs":null,"uri":null},"by":{"showAs":"Ned O'Sullivan","uri":"https:\/\/data.oireachtas.ie\/ie\/oireachtas\/member\/id\/Ned-O'Sullivan.S.2007-07-23"},"isPrimary":false}},{"sponsor":{"as":{"showAs":null,"uri":null},"by":{"showAs":"Mary Seery Kearney","uri":"https:\/\/data.oireachtas.ie\/ie\/oireachtas\/member\/id\/Mary-Seery-Kearney.S.2020-06-29"},"isPrimary":false}},{"sponsor":{"as":{"showAs":null,"uri":null},"by":{"showAs":"Martin Conway","uri":"https:\/\/data.oireachtas.ie\/ie\/oireachtas\/member\/id\/Martin-Conway.S.2011-05-25"},"isPrimary":false}},{"sponsor":{"as":{"showAs":null,"uri":null},"by":{"showAs":"Timmy Dooley","uri":"https:\/\/data.oireachtas.ie\/ie\/oireachtas\/member\/id\/Timmy-Dooley.S.2002-09-12"},"isPrimary":false}},{"sponsor":{"as":{"showAs":null,"uri":null},"by":{"showAs":"Mary Fitzpatrick","uri":"https:\/\/data.oireachtas.ie\/ie\/oireachtas\/member\/id\/Mary-Fitzpatrick.S.2020-06-29"},"isPrimary":false}},{"sponsor":{"as":{"showAs":null,"uri":null},"by":{"showAs":"Gerry Horkan","uri":"https:\/\/data.oireachtas.ie\/ie\/oireachtas\/member\/id\/Gerry-Horkan.S.2016-04-25"},"isPrimary":false}},{"sponsor":{"as":{"showAs":null,"uri":null},"by":{"showAs":"Se\u00e1n Kyne","uri":"https:\/\/data.oireachtas.ie\/ie\/oireachtas\/member\/id\/Se\u00e1n-Kyne.D.2011-03-09"},"isPrimary":false}},{"sponsor":{"as":{"showAs":null,"uri":null},"by":{"showAs":"Tim Lombard","uri":"https:\/\/data.oireachtas.ie\/ie\/oireachtas\/member\/id\/Tim-Lombard.S.2016-04-25"},"isPrimary":false}},{"sponsor":{"as":{"showAs":null,"uri":null},"by":{"showAs":"John McGahon","uri":"https:\/\/data.oireachtas.ie\/ie\/oireachtas\/member\/id\/John-McGahon.S.2020-03-30"},"isPrimary":false}},{"sponsor":{"as":{"showAs":null,"uri":null},"by":{"showAs":"Paul Daly","uri":"https:\/\/data.oireachtas.ie\/ie\/oireachtas\/member\/id\/Paul-Daly.S.2016-04-25"},"isPrimary":false}},{"sponsor":{"as":{"showAs":null,"uri":null},"by":{"showAs":"Barry Ward","uri":"https:\/\/data.oireachtas.ie\/ie\/oireachtas\/member\/id\/Barry-Ward.S.2020-03-30"},"isPrimary":false}},{"sponsor":{"as":{"showAs":null,"uri":null},"by":{"showAs":"Diarmuid Wilson","uri":"https:\/\/data.oireachtas.ie\/ie\/oireachtas\/member\/id\/Diarmuid-Wilson.S.2002-09-12"},"isPrimary":false}},{"sponsor":{"as":{"showAs":null,"uri":null},"by":{"showAs":"Ollie Crowe","uri":"https:\/\/data.oireachtas.ie\/ie\/oireachtas\/member\/id\/Ollie-Crowe.S.2020-03-30"},"isPrimary":false}},{"sponsor":{"as":{"showAs":null,"uri":null},"by":{"showAs":"Shane Cassells","uri":"https:\/\/data.oireachtas.ie\/ie\/oireachtas\/member\/id\/Shane-Cassells.D.2016-10-03"},"isPrimary":false}},{"sponsor":{"as":{"showAs":null,"uri":null},"by":{"showAs":"Robbie Gallagher","uri":"https:\/\/data.oireachtas.ie\/ie\/oireachtas\/member\/id\/Robbie-Gallagher.S.2016-04-25"},"isPrimary":false}},{"sponsor":{"as":{"showAs":null,"uri":null},"by":{"showAs":"Garret Ahearn","uri":"https:\/\/data.oireachtas.ie\/ie\/oireachtas\/member\/id\/Garret-Ahearn.S.2020-03-30"},"isPrimary":false}},{"sponsor":{"as":{"showAs":null,"uri":null},"by":{"showAs":"Catherine Ardagh","uri":"https:\/\/data.oireachtas.ie\/ie\/oireachtas\/member\/id\/Catherine-Ardagh.S.2016-04-25"},"isPrimary":false}},{"sponsor":{"as":{"showAs":null,"uri":null},"by":{"showAs":"Niall Blaney","uri":"https:\/\/data.oireachtas.ie\/ie\/oireachtas\/member\/id\/Niall-Blaney.D.2002-06-06"},"isPrimary":false}}],"stages":[{"event":{"chamber":{"chamberCode":"seanad","showAs":"Seanad \u00c9ireann","uri":"https:\/\/data.oireachtas.ie\/ie\/oireachtas\/def\/house\/seanad"},"dates":[{"date":"2021-11-10"},{"date":"2021-11-23"},{"date":"2021-11-23"}],"house":{"chamberCode":"seanad","chamberType":"house","houseCode":"seanad","houseNo":"26","showAs":"26th Seanad","uri":"https:\/\/data.oireachtas.ie\/ie\/oireachtas\/house\/seanad\/26"},"progressStage":1,"showAs":"First Stage","stageCompleted":true,"stageOutcome":null,"stageURI":"https:\/\/data.oireachtas.ie\/ie\/oireachtas\/def\/bill-stage\/1","uri":"https:\/\/data.oireachtas.ie\/ie\/oireachtas\/bill\/2021\/149\/stage\/seanad\/1"}},{"event":{"chamber":{"chamberCode":"seanad","showAs":"Seanad \u00c9ireann","uri":"https:\/\/data.oireachtas.ie\/ie\/oireachtas\/def\/house\/seanad"},"dates":[{"date":"2021-11-30"},{"date":"2025-01-29"},{"date":"2025-03-27"}],"house":{"chamberCode":"seanad","chamberType":"house","houseCode":"seanad","houseNo":"26","showAs":"26th Seanad","uri":"https:\/\/data.oireachtas.ie\/ie\/oireachtas\/house\/seanad\/26"},"progressStage":2,"showAs":"Second Stage","stageCompleted":false,"stageOutcome":"Current","stageURI":"https:\/\/data.oireachtas.ie\/ie\/oireachtas\/def\/bill-stage\/2","uri":"https:\/\/data.oireachtas.ie\/ie\/oireachtas\/bill\/2021\/149\/stage\/seanad\/2"}}],"status":"Current","statusURI":"https:\/\/data.oireachtas.ie\/ie\/oireachtas\/def\/bill-status\/published","uri":"https:\/\/data.oireachtas.ie\/ie\/oireachtas\/bill\/2021\/149","versions":[{"version":{"date":"2021-11-23","docType":"bill","formats":{"pdf":{"uri":"https:\/\/data.oireachtas.ie\/ie\/oireachtas\/bill\/2021\/149\/eng\/initiated\/b14921s.pdf"},"xml":null},"lang":"eng","showAs":"As Initiated","uri":"https:\/\/data.oireachtas.ie\/ie\/oireachtas\/bill\/2021\/149\/eng\/initiated"}}]},"billSort":{"actNoSort":null,"actShortTitleEnSort":null,"actShortTitleGaSort":null,"actYearSort":null,"billNoSort":149,"billShortTitleEnSort":"horticultural-peat-temporary-measures-bill-2021","billShortTitleGaSort":"an-bille-um-moin-ghairneoireachta-bearta-sealadacha-2021","billYearSort":2021},"contextDate":"2025-03-27"},{"bill":{"act":null,"amendmentLists":[],"billNo":"146","billType":"Public","billTypeURI":"https:\/\/data.oireachtas.ie\/ie\/oireachtas\/def\/bill-type\/public","billYear":"2021","debates":[{"chamber":{"showAs":"D\u00e1il \u00c9ireann","uri":"https:\/\/data.oireachtas.ie\/ie\/oireachtas\/def\/house\/dail"},"date":"2021-11-16","debateSectionId":"dbsect_9","showAs":"Protection of Children\u2019s Health (Idling of Mechanically Propelled Vehicles in Vicinity of Schools) Bill 2021: First Stage","uri":"https:\/\/data.oireachtas.ie\/akn\/ie\/debateRecord\/dail\/2021-11-16\/debate\/main"}],"events":[{"event":{"chamber":{"chamberCode":"dail","showAs":"D\u00e1il \u00c9ireann","uri":"https:\/\/data.oireachtas.ie\/ie\/oireachtas\/def\/house\/dail"},"dates":[{"date":"2021-11-10"},{"date":"2021-11-10"},{"date":"2021-11-16"},{"date":"2025-05-01"}],"eventURI":"https:\/\/data.oireachtas.ie\/ie\/oireachtas\/def\/bill-event\/approved-for-initiation","showAs":"Approved for Initiation","uri":"https:\/\/data.oireachtas.ie\/ie\/oireachtas\/bill\/2021\/146\/approved-for-initiation"}},{"event":{"chamber":{"chamberCode":"dail","showAs":"D\u00e1il \u00c9ireann","uri":"https:\/\/data.oireachtas.ie\/ie\/oireachtas\/def\/house\/dail"},"dates":[{"date":"2024-11-08"}],"eventURI":"https:\/\/data.oireachtas.ie\/ie\/oireachtas\/def\/bill-event\/bill-lapsed","showAs":"Bill Lapsed","uri":"https:\/\/data.oireachtas.ie\/ie\/oireachtas\/bill\/2021\/146\/bill-lapsed"}}],"lastUpdated":"2025-05-02T11:00:02.860000+00:00","longTitleEn":"Bill entitled an Act to provide, in the interests of protecting children\u2019s health, for an offence relating to causing or permitting a mechanically propelled vehicle to remain idle in the vicinity of a school, and for those purposes to make certain provisions in relation to the powers of members of the Garda S\u00edoch\u00e1na, the provision of traffic signs and the payment of a fixed charge as an alternative to prosecution for such an offence, and to provide for related matters.","longTitleGa":"Bille d\u00e1 ngairtear Acht do dh\u00e9anamh socr\u00fa, ar mhaithe le sl\u00e1inte leana\u00ed a chosaint, maidir le cion a bhaineann lena chur faoi deara n\u00f3 lena chead\u00fa feithicil inneallghluaiste a r\u00e9chasadh i gcomharsanacht scoile agus, chun na gcr\u00edoch sin, do dh\u00e9anamh for\u00e1lacha \u00e1irithe i nd\u00e1il le cumhachta\u00ed comhalta\u00ed den Gharda S\u00edoch\u00e1na, i nd\u00e1il le comhartha\u00ed tr\u00e1chta a shol\u00e1thar agus i nd\u00e1il le muirear seasta a \u00edoc mar mhalairt ar ionch\u00faiseamh mar gheall ar chion den s\u00f3rt sin, agus do dh\u00e9anamh socr\u00fa i dtaobh nithe gaolmhara.","method":"Introduced","methodURI":"https:\/\/data.oireachtas.ie\/ie\/oireachtas\/def\/bill-method\/introduced","mostRecentStage":{"event":{"chamber":{"chamberCode":"dail","showAs":"D\u00e1il \u00c9ireann","uri":"https:\/\/data.oireachtas.ie\/ie\/oireachtas\/def\/house\/dail"},"dates":[{"date":"2024-11-08"},{"date":"2025-05-01"}],"house":{"chamberCode":"dail","chamberType":"house","houseCode":"dail","houseNo":"33","showAs":"33rd D\u00e1il","uri":"https:\/\/data.oireachtas.ie\/ie\/oireachtas\/house\/dail\/33"},"progressStage":2,"showAs":"Second Stage","stageCompleted":false,"stageOutcome":"Current","stageURI":"https:\/\/data.oireachtas.ie\/ie\/oireachtas\/def\/bill-stage\/2","uri":"https:\/\/data.oireachtas.ie\/ie\/oireachtas\/bill\/2021\/146\/stage\/dail\/2"}},"originHouse":{"showAs":"D\u00e1il \u00c9ireann","uri":"https:\/\/data.oireachtas.ie\/ie\/oireachtas\/def\/house\/dail"},"originHouseURI":"https:\/\/data.oireachtas.ie\/ie\/oireachtas\/def\/house\/dail","relatedDocs":[{"relatedDoc":{"date":"2021-11-16","docType":"memo","formats":{"pdf":{"uri":"https:\/\/data.oireachtas.ie\/ie\/oireachtas\/bill\/2021\/146\/eng\/memo\/b14621d-memo.pdf"},"xml":null},"lang":"eng","showAs":"Explanatory Memorandum","uri":"https:\/\/data.oireachtas.ie\/ie\/oireachtas\/bill\/2021\/146\/eng\/memo"}}],"shortTitleEn":"Protection of Children\u2019s Health (Idling of Mechanically Propelled Vehicles in Vicinity of Schools) Bill 2021","shortTitleGa":"An Bille um Chosaint Sl\u00e1inte Leana\u00ed (R\u00e9chasadh Feithicl\u00ed Inneallghluaiste i gComharsanacht Scoileanna), 2021","source":"Private Member","sourceURI":"https:\/\/data.oireachtas.ie\/ie\/oireachtas\/def\/bill-source\/private-member","sponsors":[{"sponsor":{"as":{"showAs":null,"uri":null},"by":{"showAs":"Jennifer Whitmore","uri":"https:\/\/data.oireachtas.ie\/ie\/oireachtas\/member\/id\/Jennifer-Whitmore.D.2020-02-08"},"isPrimary":true}}],"stages":[{"event":{"chamber":{"chamberCode":"dail","showAs":"D\u00e1il \u00c9ireann","uri":"https:\/\/data.oireachtas.ie\/ie\/oireachtas\/def\/house\/dail"},"dates":[{"date":"2021-11-10"},{"date":"2021-11-10"},{"date":"2021-11-16"},{"date":"2021-11-16"}],"house":{"chamberCode":"dail","chamberType":"house","houseCode":"dail","houseNo":"33","showAs":"33rd D\u00e1il","uri":"https:\/\/data.oireachtas.ie\/ie\/oireachtas\/house\/dail\/33"},"progressStage":1,"showAs":"First Stage","stageCompleted":true,"stageOutcome":null,"stageURI":"https:\/\/data.oireachtas.ie\/ie\/oireachtas\/def\/bill-stage\/1","uri":"https:\/\/data.oireachtas.ie\/ie\/oireachtas\/bill\/2021\/146\/stage\/dail\/1"}},{"event":{"chamber":{"chamberCode":"dail","showAs":"D\u00e1il \u00c9ireann","uri":"https:\/\/data.oireachtas.ie\/ie\/oireachtas\/def\/house\/dail"},"dates":[{"date":"2024-11-08"},{"date":"2025-05-01"}],"house":{"chamberCode":"dail","chamberType":"house","houseCode":"dail","houseNo":"33","showAs":"33rd D\u00e1il","uri":"https:\/\/data.oireachtas.ie\/ie\/oireachtas\/house\/dail\/33"},"progressStage":2,"showAs":"Second Stage","stageCompleted":false,"stageOutcome":"Current","stageURI":"https:\/\/data.oireachtas.ie\/ie\/oireachtas\/def\/bill-stage\/2","uri":"https:\/\/data.oireachtas.ie\/ie\/oireachtas\/bill\/2021\/146\/stage\/dail\/2"}}],"status":"Current","statusURI":"https:\/\/data.oireachtas.ie\/ie\/oireachtas\/def\/bill-status\/published","uri":"https:\/\/data.oireachtas.ie\/ie\/oireachtas\/bill\/2021\/146","versions":[{"version":{"date":"2021-11-16","docType":"bill","formats":{"pdf":{"uri":"https:\/\/data.oireachtas.ie\/ie\/oireachtas\/bill\/2021\/146\/eng\/initiated\/b14621d.pdf"},"xml":null},"lang":"eng","showAs":"As Initiated","uri":"https:\/\/data.oireachtas.ie\/ie\/oireachtas\/bill\/2021\/146\/eng\/initiated"}}]},"billSort":{"actNoSort":null,"actShortTitleEnSort":null,"actShortTitleGaSort":null,"actYearSort":null,"billNoSort":146,"billShortTitleEnSort":"protection-of-childrens-health-idling-of-mechanically-propelled-vehicles-in-vicinity-of-schools-bill-2021","billShortTitleGaSort":"an-bille-um-chosaint-slainte-leanai-rechasadh-feithicli-inneallghluaiste-i-gcomharsanacht-scoileanna-2021","billYearSort":2021},"contextDate":"2025-05-01"},{"bill":{"act":null,"amendmentLists":[],"billNo":"143","billType":"Public","billTypeURI":"https:\/\/data.oireachtas.ie\/ie\/oireachtas\/def\/bill-type\/public","billYear":"2021","debates":[{"chamber":{"showAs":"D\u00e1il \u00c9ireann","uri":"https:\/\/data.oireachtas.ie\/ie\/oireachtas\/def\/house\/dail"},"date":"2025-10-16","debateSectionId":"dbsect_37","showAs":"Parental Bereavement Leave (Amendment) Bill 2021: Referral to Select Committee [Private Members]","uri":"https:\/\/data.oireachtas.ie\/akn\/ie\/debateRecord\/dail\/2025-10-16\/debate\/main"},{"chamber":{"showAs":"D\u00e1il \u00c9ireann","uri":"https:\/\/data.oireachtas.ie\/ie\/oireachtas\/def\/house\/dail"},"date":"2023-02-01","debateSectionId":"dbsect_36","showAs":"Parental Bereavement Leave (Amendment) Bill 2021: Second Stage (Resumed)","uri":"https:\/\/data.oireachtas.ie\/akn\/ie\/debateRecord\/dail\/2023-02-01\/debate\/main"},{"chamber":{"showAs":"D\u00e1il \u00c9ireann","uri":"https:\/\/data.oireachtas.ie\/ie\/oireachtas\/def\/house\/dail"},"date":"2023-01-26","debateSectionId":"dbsect_34","showAs":"Parental Bereavement Leave (Amendment) Bill 2021: Second Stage [Private Members]","uri":"https:\/\/data.oireachtas.ie\/akn\/ie\/debateRecord\/dail\/2023-01-26\/debate\/main"},{"chamber":{"showAs":"D\u00e1il \u00c9ireann","uri":"https:\/\/data.oireachtas.ie\/ie\/oireachtas\/def\/house\/dail"},"date":"2021-11-10","debateSectionId":"dbsect_12","showAs":"Parental Bereavement Leave (Amendment) Bill 2021: First Stage","uri":"https:\/\/data.oireachtas.ie\/akn\/ie\/debateRecord\/dail\/2021-11-10\/debate\/main"}],"events":[{"event":{"chamber":{"chamberCode":"dail","showAs":"D\u00e1il \u00c9ireann","uri":"https:\/\/data.oireachtas.ie\/ie\/oireachtas\/def\/house\/dail"},"dates":[{"date":"2021-11-04"},{"date":"2021-11-04"},{"date":"2021-11-10"},{"date":"2025-05-01"}],"eventURI":"https:\/\/data.oireachtas.ie\/ie\/oireachtas\/def\/bill-event\/approved-for-initiation","showAs":"Approved for Initiation","uri":"https:\/\/data.oireachtas.ie\/ie\/oireachtas\/bill\/2021\/143\/approved-for-initiation"}},{"event":{"chamber":{"chamberCode":"dail","showAs":"D\u00e1il \u00c9ireann","uri":"https:\/\/data.oireachtas.ie\/ie\/oireachtas\/def\/house\/dail"},"dates":[{"date":"2024-11-08"}],"eventURI":"https:\/\/data.oireachtas.ie\/ie\/oireachtas\/def\/bill-event\/bill-lapsed","showAs":"Bill Lapsed","uri":"https:\/\/data.oireachtas.ie\/ie\/oireachtas\/bill\/2021\/143\/bill-lapsed"}}],"lastUpdated":"2025-11-11T10:59:31.900000+00:00","longTitleEn":"Bill entitled an Act to amend the Parental Leave Acts 1998 and 2006 to make provision for an entitlement to bereavement leave to an employee who is a bereaved parent of a child who has died and to provide for related matters.","longTitleGa":"Bille d\u00e1 ngairtear Acht do leas\u00fa na nAchtanna um Shaoire do Thuismitheoir\u00ed, 1998 agus 2006 chun socr\u00fa a dh\u00e9anamh maidir le teideal chun saoire m\u00e9ala a bheith ag fosta\u00ed is tuismitheoir faoi  mh\u00e9ala linbh a fuair b\u00e1s, agus do dh\u00e9anamh socr\u00fa i dtaobh nithe gaolmhara.","method":"Introduced","methodURI":"https:\/\/data.oireachtas.ie\/ie\/oireachtas\/def\/bill-method\/introduced","mostRecentStage":{"event":{"chamber":{"chamberCode":"dail","showAs":"D\u00e1il \u00c9ireann","uri":"https:\/\/data.oireachtas.ie\/ie\/oireachtas\/def\/house\/dail"},"dates":[{"date":"2023-02-01"}],"house":{"chamberCode":"dail","chamberType":"house","houseCode":"dail","houseNo":"33","showAs":"33rd D\u00e1il","uri":"https:\/\/data.oireachtas.ie\/ie\/oireachtas\/house\/dail\/33"},"progressStage":3,"showAs":"Committee Stage","stageCompleted":false,"stageOutcome":"Current","stageURI":"https:\/\/data.oireachtas.ie\/ie\/oireachtas\/def\/bill-stage\/3","uri":"https:\/\/data.oireachtas.ie\/ie\/oireachtas\/bill\/2021\/143\/stage\/dail\/3"}},"originHouse":{"showAs":"D\u00e1il \u00c9ireann","uri":"https:\/\/data.oireachtas.ie\/ie\/oireachtas\/def\/house\/dail"},"originHouseURI":"https:\/\/data.oireachtas.ie\/ie\/oireachtas\/def\/house\/dail","relatedDocs":[{"relatedDoc":{"date":"2021-11-10","docType":"memo","formats":{"pdf":{"uri":"https:\/\/data.oireachtas.ie\/ie\/oireachtas\/bill\/2021\/143\/eng\/memo\/b14321d-memo.pdf"},"xml":null},"lang":"eng","showAs":"Explanatory Memorandum","uri":"https:\/\/data.oireachtas.ie\/ie\/oireachtas\/bill\/2021\/143\/eng\/memo"}}],"shortTitleEn":"Parental Bereavement Leave (Amendment) Bill 2021","shortTitleGa":"An Bille um Shaoire Mh\u00e9ala do Thuismitheoir\u00ed (Leas\u00fa), 2021","source":"Private Member","sourceURI":"https:\/\/data.oireachtas.ie\/ie\/oireachtas\/def\/bill-source\/private-member","sponsors":[{"sponsor":{"isPrimary":true,"as":{"showAs":null,"uri":null},"by":{"showAs":"R\u00e9ada Cronin","uri":"https:\/\/data.oireachtas.ie\/ie\/oireachtas\/member\/id\/R\u00e9ada-Cronin.D.2020-02-08"}}},{"sponsor":{"isPrimary":false,"as":{"showAs":null,"uri":null},"by":{"showAs":"Louise O'Reilly","uri":"https:\/\/data.oireachtas.ie\/ie\/oireachtas\/member\/id\/Louise-O'Reilly.D.2016-10-03"}}}],"stages":[{"event":{"chamber":{"chamberCode":"dail","showAs":"D\u00e1il \u00c9ireann","uri":"https:\/\/data.oireachtas.ie\/ie\/oireachtas\/def\/house\/dail"},"dates":[{"date":"2021-11-04"},{"date":"2021-11-04"},{"date":"2021-11-10"},{"date":"2021-11-10"}],"house":{"chamberCode":"dail","chamberType":"house","houseCode":"dail","houseNo":"33","showAs":"33rd D\u00e1il","uri":"https:\/\/data.oireachtas.ie\/ie\/oireachtas\/house\/dail\/33"},"progressStage":1,"showAs":"First Stage","stageCompleted":true,"stageOutcome":null,"stageURI":"https:\/\/data.oireachtas.ie\/ie\/oireachtas\/def\/bill-stage\/1","uri":"https:\/\/data.oireachtas.ie\/ie\/oireachtas\/bill\/2021\/143\/stage\/dail\/1"}},{"event":{"chamber":{"chamberCode":"dail","showAs":"D\u00e1il \u00c9ireann","uri":"https:\/\/data.oireachtas.ie\/ie\/oireachtas\/def\/house\/dail"},"dates":[{"date":"2021-11-10"},{"date":"2021-11-10"},{"date":"2021-11-10"}],"house":{"chamberCode":"dail","chamberType":"house","houseCode":"dail","houseNo":"33","showAs":"33rd D\u00e1il","uri":"https:\/\/data.oireachtas.ie\/ie\/oireachtas\/house\/dail\/33"},"progressStage":2,"showAs":"Second Stage","stageCompleted":true,"stageOutcome":null,"stageURI":"https:\/\/data.oireachtas.ie\/ie\/oireachtas\/def\/bill-stage\/2","uri":"https:\/\/data.oireachtas.ie\/ie\/oireachtas\/bill\/2021\/143\/stage\/dail\/2"}},{"event":{"chamber":{"chamberCode":"dail","showAs":"D\u00e1il \u00c9ireann","uri":"https:\/\/data.oireachtas.ie\/ie\/oireachtas\/def\/house\/dail"},"dates":[{"date":"2023-02-01"}],"house":{"chamberCode":"dail","chamberType":"house","houseCode":"dail","houseNo":"33","showAs":"33rd D\u00e1il","uri":"https:\/\/data.oireachtas.ie\/ie\/oireachtas\/house\/dail\/33"},"progressStage":3,"showAs":"Committee Stage","stageCompleted":false,"stageOutcome":"Current","stageURI":"https:\/\/data.oireachtas.ie\/ie\/oireachtas\/def\/bill-stage\/3","uri":"https:\/\/data.oireachtas.ie\/ie\/oireachtas\/bill\/2021\/143\/stage\/dail\/3"}}],"status":"Current","statusURI":"https:\/\/data.oireachtas.ie\/ie\/oireachtas\/def\/bill-status\/published","uri":"https:\/\/data.oireachtas.ie\/ie\/oireachtas\/bill\/2021\/143","versions":[{"version":{"lang":"eng","docType":"bill","showAs":"As Initiated","date":"2021-11-10","formats":{"pdf":{"uri":"https:\/\/data.oireachtas.ie\/ie\/oireachtas\/bill\/2021\/143\/eng\/initiated\/b14321d.pdf"},"xml":null},"uri":"https:\/\/data.oireachtas.ie\/ie\/oireachtas\/bill\/2021\/143\/eng\/initiated"}}]},"contextDate":"2023-02-01","billSort":{"actNoSort":null,"actShortTitleEnSort":null,"actShortTitleGaSort":null,"actYearSort":null,"billNoSort":143,"billShortTitleEnSort":"parental-bereavement-leave-amendment-bill-2021","billShortTitleGaSort":"an-bille-um-shaoire-mheala-do-thuismitheoiri-leasu-2021","billYearSort":2021}},{"bill":{"act":null,"amendmentLists":[{"amendmentList":{"amendmentTypeUri":{"uri":"https:\/\/data.oireachtas.ie\/ie\/oireachtas\/def\/amendment-type\/numberedList"},"chamber":{"showAs":"Seanad","uri":"https:\/\/data.oireachtas.ie\/ie\/oireachtas\/def\/seanad"},"date":"2024-05-23","formats":{"pdf":{"uri":"https:\/\/data.oireachtas.ie\/ie\/oireachtas\/bill\/2021\/139\/seanad\/3\/amendment\/numberedList\/eng\/b13921s-scnl.pdf"},"xml":null},"showAs":"Numbered List [Seanad]","stage":{"showAs":"Committee Stage","uri":"https:\/\/data.oireachtas.ie\/ie\/oireachtas\/bill\/2021\/139\/seanad\/3"},"stageNo":"3"}}],"billNo":"139","billType":"Public","billTypeURI":"https:\/\/data.oireachtas.ie\/ie\/oireachtas\/def\/bill-type\/public","billYear":"2021","debates":[{"chamber":{"showAs":"Seanad \u00c9ireann","uri":"https:\/\/data.oireachtas.ie\/ie\/oireachtas\/def\/house\/seanad"},"date":"2024-07-04","debateSectionId":"dbsect_13","showAs":"Protection of Private Residences (Against Targeted Picketing) Bill 2021: Report and Final Stages","uri":"https:\/\/data.oireachtas.ie\/akn\/ie\/debateRecord\/seanad\/2024-07-04\/debate\/main"},{"chamber":{"showAs":"Seanad \u00c9ireann","uri":"https:\/\/data.oireachtas.ie\/ie\/oireachtas\/def\/house\/seanad"},"date":"2024-05-23","debateSectionId":"dbsect_13","showAs":"Protection of Private Residencies (Against Targeted Picketing) Bill 2021: Order for Committee Stage","uri":"https:\/\/data.oireachtas.ie\/akn\/ie\/debateRecord\/seanad\/2024-05-23\/debate\/main"},{"chamber":{"showAs":"Seanad \u00c9ireann","uri":"https:\/\/data.oireachtas.ie\/ie\/oireachtas\/def\/house\/seanad"},"date":"2024-05-23","debateSectionId":"dbsect_14","showAs":"Protection of Private Residencies (Against Targeted Picketing) Bill 2021: Committee Stage","uri":"https:\/\/data.oireachtas.ie\/akn\/ie\/debateRecord\/seanad\/2024-05-23\/debate\/main"},{"chamber":{"showAs":"Seanad \u00c9ireann","uri":"https:\/\/data.oireachtas.ie\/ie\/oireachtas\/def\/house\/seanad"},"date":"2023-01-26","debateSectionId":"dbsect_15","showAs":"Protection of Private Residences (Against Targeted Picketing) Bill 2021: Second Stage","uri":"https:\/\/data.oireachtas.ie\/akn\/ie\/debateRecord\/seanad\/2023-01-26\/debate\/main"},{"chamber":{"showAs":"Seanad \u00c9ireann","uri":"https:\/\/data.oireachtas.ie\/ie\/oireachtas\/def\/house\/seanad"},"date":"2021-11-04","debateSectionId":"dbsect_9","showAs":"Protection of Private Residences (Against Targeted Picketing) Bill 2021: First Stage","uri":"https:\/\/data.oireachtas.ie\/akn\/ie\/debateRecord\/seanad\/2021-11-04\/debate\/main"}],"events":[{"event":{"chamber":{"chamberCode":"seanad","showAs":"Seanad \u00c9ireann","uri":"https:\/\/data.oireachtas.ie\/ie\/oireachtas\/def\/house\/seanad"},"dates":[{"date":"2021-11-02"},{"date":"2021-11-04"},{"date":"2025-05-01"}],"eventURI":"https:\/\/data.oireachtas.ie\/ie\/oireachtas\/def\/bill-event\/admissibility-for-introduction","showAs":"Admissibility for Introduction","uri":"https:\/\/data.oireachtas.ie\/ie\/oireachtas\/bill\/2021\/139\/admissibility-for-introduction"}},{"event":{"chamber":{"chamberCode":"dail","showAs":"D\u00e1il \u00c9ireann","uri":"https:\/\/data.oireachtas.ie\/ie\/oireachtas\/def\/house\/dail"},"dates":[{"date":"2024-11-08"}],"eventURI":"https:\/\/data.oireachtas.ie\/ie\/oireachtas\/def\/bill-event\/bill-lapsed","showAs":"Bill Lapsed","uri":"https:\/\/data.oireachtas.ie\/ie\/oireachtas\/bill\/2021\/139\/bill-lapsed"}}],"lastUpdated":"2025-05-02T11:03:41.420000+00:00","longTitleEn":"Bill entitled an Act to make provision for the prevention of the targeted picketing of a private residence and to provide for related matters.","longTitleGa":"Bille d\u00e1 ngairtear Acht do dh\u00e9anamh socr\u00fa chun cosc a chur le pic\u00e9ad\u00fa spriocdh\u00edrithe ar \u00e1it ch\u00f3naithe phr\u00edobh\u00e1ideach agus do dh\u00e9anamh socr\u00fa i dtaobh nithe gaolmhara.","method":"Introduced","methodURI":"https:\/\/data.oireachtas.ie\/ie\/oireachtas\/def\/bill-method\/introduced","mostRecentStage":{"event":{"chamber":{"chamberCode":"dail","showAs":"D\u00e1il \u00c9ireann","uri":"https:\/\/data.oireachtas.ie\/ie\/oireachtas\/def\/house\/dail"},"dates":[{"date":"2024-11-08"},{"date":"2025-05-01"}],"house":{"chamberCode":"dail","chamberType":"house","houseCode":"dail","houseNo":"33","showAs":"33rd D\u00e1il","uri":"https:\/\/data.oireachtas.ie\/ie\/oireachtas\/house\/dail\/33"},"progressStage":6,"showAs":"Second Stage","stageCompleted":false,"stageOutcome":"Current","stageURI":"https:\/\/data.oireachtas.ie\/ie\/oireachtas\/def\/bill-stage\/2","uri":"https:\/\/data.oireachtas.ie\/ie\/oireachtas\/bill\/2021\/139\/stage\/dail\/2"}},"originHouse":{"showAs":"Seanad \u00c9ireann","uri":"https:\/\/data.oireachtas.ie\/ie\/oireachtas\/def\/house\/seanad"},"originHouseURI":"https:\/\/data.oireachtas.ie\/ie\/oireachtas\/def\/house\/seanad","relatedDocs":[],"shortTitleEn":"Protection of Private Residences (Against Targeted Picketing) Bill 2021","shortTitleGa":"An Bille um \u00c1iteanna C\u00f3naithe Pr\u00edobh\u00e1ideacha a Chosaint (Ar Phic\u00e9ad\u00fa Spriocdh\u00edrithe), 2021","source":"Private Member","sourceURI":"https:\/\/data.oireachtas.ie\/ie\/oireachtas\/def\/bill-source\/private-member","sponsors":[{"sponsor":{"as":{"showAs":null,"uri":null},"by":{"showAs":"Malcolm Byrne","uri":"https:\/\/data.oireachtas.ie\/ie\/oireachtas\/member\/id\/Malcolm-Byrne.D.2019-11-29"},"isPrimary":true}},{"sponsor":{"as":{"showAs":null,"uri":null},"by":{"showAs":"Fiona O'Loughlin","uri":"https:\/\/data.oireachtas.ie\/ie\/oireachtas\/member\/id\/Fiona-O'Loughlin.D.2016-10-03"},"isPrimary":false}}],"stages":[{"event":{"chamber":{"chamberCode":"seanad","showAs":"Seanad \u00c9ireann","uri":"https:\/\/data.oireachtas.ie\/ie\/oireachtas\/def\/house\/seanad"},"dates":[{"date":"2021-11-02"},{"date":"2021-11-04"},{"date":"2021-11-04"}],"house":{"chamberCode":"seanad","chamberType":"house","houseCode":"seanad","houseNo":"26","showAs":"26th Seanad","uri":"https:\/\/data.oireachtas.ie\/ie\/oireachtas\/house\/seanad\/26"},"progressStage":1,"showAs":"First Stage","stageCompleted":true,"stageOutcome":null,"stageURI":"https:\/\/data.oireachtas.ie\/ie\/oireachtas\/def\/bill-stage\/1","uri":"https:\/\/data.oireachtas.ie\/ie\/oireachtas\/bill\/2021\/139\/stage\/seanad\/1"}},{"event":{"chamber":{"chamberCode":"seanad","showAs":"Seanad \u00c9ireann","uri":"https:\/\/data.oireachtas.ie\/ie\/oireachtas\/def\/house\/seanad"},"dates":[{"date":"2023-01-26"}],"house":{"chamberCode":"seanad","chamberType":"house","houseCode":"seanad","houseNo":"26","showAs":"26th Seanad","uri":"https:\/\/data.oireachtas.ie\/ie\/oireachtas\/house\/seanad\/26"},"progressStage":2,"showAs":"Second Stage","stageCompleted":true,"stageOutcome":null,"stageURI":"https:\/\/data.oireachtas.ie\/ie\/oireachtas\/def\/bill-stage\/2","uri":"https:\/\/data.oireachtas.ie\/ie\/oireachtas\/bill\/2021\/139\/stage\/seanad\/2"}},{"event":{"chamber":{"chamberCode":"seanad","showAs":"Seanad \u00c9ireann","uri":"https:\/\/data.oireachtas.ie\/ie\/oireachtas\/def\/house\/seanad"},"dates":[{"date":"2024-05-23"}],"house":{"chamberCode":"seanad","chamberType":"house","houseCode":"seanad","houseNo":"26","showAs":"26th Seanad","uri":"https:\/\/data.oireachtas.ie\/ie\/oireachtas\/house\/seanad\/26"},"progressStage":3,"showAs":"Committee Stage","stageCompleted":true,"stageOutcome":null,"stageURI":"https:\/\/data.oireachtas.ie\/ie\/oireachtas\/def\/bill-stage\/3","uri":"https:\/\/data.oireachtas.ie\/ie\/oireachtas\/bill\/2021\/139\/stage\/seanad\/3"}},{"event":{"chamber":{"chamberCode":"seanad","showAs":"Seanad \u00c9ireann","uri":"https:\/\/data.oireachtas.ie\/ie\/oireachtas\/def\/house\/seanad"},"dates":[{"date":"2024-07-04"}],"house":{"chamberCode":"seanad","chamberType":"house","houseCode":"seanad","houseNo":"26","showAs":"26th Seanad","uri":"https:\/\/data.oireachtas.ie\/ie\/oireachtas\/house\/seanad\/26"},"progressStage":4,"showAs":"Report Stage","stageCompleted":true,"stageOutcome":null,"stageURI":"https:\/\/data.oireachtas.ie\/ie\/oireachtas\/def\/bill-stage\/4","uri":"https:\/\/data.oireachtas.ie\/ie\/oireachtas\/bill\/2021\/139\/stage\/seanad\/4"}},{"event":{"chamber":{"chamberCode":"seanad","showAs":"Seanad \u00c9ireann","uri":"https:\/\/data.oireachtas.ie\/ie\/oireachtas\/def\/house\/seanad"},"dates":[{"date":"2024-07-04"},{"date":"2024-07-04"}],"house":{"chamberCode":"seanad","chamberType":"house","houseCode":"seanad","houseNo":"26","showAs":"26th Seanad","uri":"https:\/\/data.oireachtas.ie\/ie\/oireachtas\/house\/seanad\/26"},"progressStage":5,"showAs":"Fifth Stage","stageCompleted":true,"stageOutcome":null,"stageURI":"https:\/\/data.oireachtas.ie\/ie\/oireachtas\/def\/bill-stage\/5","uri":"https:\/\/data.oireachtas.ie\/ie\/oireachtas\/bill\/2021\/139\/stage\/seanad\/5"}},{"event":{"chamber":{"chamberCode":"dail","showAs":"D\u00e1il \u00c9ireann","uri":"https:\/\/data.oireachtas.ie\/ie\/oireachtas\/def\/house\/dail"},"dates":[{"date":"2024-11-08"},{"date":"2025-05-01"}],"house":{"chamberCode":"dail","chamberType":"house","houseCode":"dail","houseNo":"33","showAs":"33rd D\u00e1il","uri":"https:\/\/data.oireachtas.ie\/ie\/oireachtas\/house\/dail\/33"},"progressStage":6,"showAs":"Second Stage","stageCompleted":false,"stageOutcome":"Current","stageURI":"https:\/\/data.oireachtas.ie\/ie\/oireachtas\/def\/bill-stage\/2","uri":"https:\/\/data.oireachtas.ie\/ie\/oireachtas\/bill\/2021\/139\/stage\/dail\/2"}}],"status":"Current","statusURI":"https:\/\/data.oireachtas.ie\/ie\/oireachtas\/def\/bill-status\/published","uri":"https:\/\/data.oireachtas.ie\/ie\/oireachtas\/bill\/2021\/139","versions":[{"version":{"date":"2021-11-04","docType":"bill","formats":{"pdf":{"uri":"https:\/\/data.oireachtas.ie\/ie\/oireachtas\/bill\/2021\/139\/eng\/initiated\/b13921s.pdf"},"xml":null},"lang":"eng","showAs":"As Initiated","uri":"https:\/\/data.oireachtas.ie\/ie\/oireachtas\/bill\/2021\/139\/eng\/initiated"}}]},"billSort":{"actNoSort":null,"actShortTitleEnSort":null,"actShortTitleGaSort":null,"actYearSort":null,"billNoSort":139,"billShortTitleEnSort":"protection-of-private-residences-against-targeted-picketing-bill-2021","billShortTitleGaSort":"an-bille-um-aiteanna-conaithe-priobhaideacha-a-chosaint-ar-phiceadu-spriocdhirithe-2021","billYearSort":2021},"contextDate":"2025-05-01"},{"bill":{"act":null,"amendmentLists":[],"billNo":"137","billType":"Public","billTypeURI":"https:\/\/data.oireachtas.ie\/ie\/oireachtas\/def\/bill-type\/public","billYear":"2021","debates":[{"chamber":{"showAs":"Seanad \u00c9ireann","uri":"https:\/\/data.oireachtas.ie\/ie\/oireachtas\/def\/house\/seanad"},"date":"2022-10-26","debateSectionId":"dbsect_34","showAs":"Social Welfare (Surviving Cohabitant\u2019s Pension) Bill 2021: Second Stage","uri":"https:\/\/data.oireachtas.ie\/akn\/ie\/debateRecord\/seanad\/2022-10-26\/debate\/main"},{"chamber":{"showAs":"Seanad \u00c9ireann","uri":"https:\/\/data.oireachtas.ie\/ie\/oireachtas\/def\/house\/seanad"},"date":"2021-10-21","debateSectionId":"dbsect_10","showAs":"Social Welfare (Surviving Cohabitant\u2019s Pension) Bill 2021: First Stage","uri":"https:\/\/data.oireachtas.ie\/akn\/ie\/debateRecord\/seanad\/2021-10-21\/debate\/main"}],"events":[{"event":{"chamber":{"chamberCode":"seanad","showAs":"Seanad \u00c9ireann","uri":"https:\/\/data.oireachtas.ie\/ie\/oireachtas\/def\/house\/seanad"},"dates":[{"date":"2021-09-06"},{"date":"2021-09-06"},{"date":"2021-10-21"}],"eventURI":"https:\/\/data.oireachtas.ie\/ie\/oireachtas\/def\/bill-event\/approved-for-initiation","showAs":"Approved for Initiation","uri":"https:\/\/data.oireachtas.ie\/ie\/oireachtas\/bill\/2021\/137\/approved-for-initiation"}},{"event":{"chamber":{"chamberCode":"seanad","showAs":"Seanad \u00c9ireann","uri":"https:\/\/data.oireachtas.ie\/ie\/oireachtas\/def\/house\/seanad"},"dates":[{"date":"2025-01-29"}],"eventURI":"https:\/\/data.oireachtas.ie\/ie\/oireachtas\/def\/bill-event\/bill-lapsed","showAs":"Bill Lapsed","uri":"https:\/\/data.oireachtas.ie\/ie\/oireachtas\/bill\/2021\/137\/bill-lapsed"}}],"lastUpdated":"2025-02-28T13:41:14.370000+00:00","longTitleEn":"Bill entitled an Act to amend the Social Welfare Consolidation Act 2005 to entitle surviving cohabitants to a contributory pension; and to provide for related matters.","longTitleGa":"Bille d\u00e1 ngairtear Acht do leas\u00fa an Achta Comhdhl\u00faite Leasa Sh\u00f3isialaigh, 2005 chun teideal chun pinsin rann\u00edocaigh a thabhairt do chomhch\u00f3naitheoir\u00ed marthanacha; agus do dh\u00e9anamh socr\u00fa i dtaobh nithe gaolmhara.","method":"Introduced","methodURI":"https:\/\/data.oireachtas.ie\/ie\/oireachtas\/def\/bill-method\/introduced","mostRecentStage":{"event":{"chamber":{"chamberCode":"seanad","showAs":"Seanad \u00c9ireann","uri":"https:\/\/data.oireachtas.ie\/ie\/oireachtas\/def\/house\/seanad"},"dates":[{"date":"2021-10-21"},{"date":"2021-10-21"},{"date":"2021-10-21"}],"house":{"chamberCode":"seanad","chamberType":"house","houseCode":"seanad","houseNo":"26","showAs":"26th Seanad","uri":"https:\/\/data.oireachtas.ie\/ie\/oireachtas\/house\/seanad\/26"},"progressStage":2,"showAs":"Second Stage","stageCompleted":true,"stageOutcome":null,"stageURI":"https:\/\/data.oireachtas.ie\/ie\/oireachtas\/def\/bill-stage\/2","uri":"https:\/\/data.oireachtas.ie\/ie\/oireachtas\/bill\/2021\/137\/stage\/seanad\/2"}},"originHouse":{"showAs":"Seanad \u00c9ireann","uri":"https:\/\/data.oireachtas.ie\/ie\/oireachtas\/def\/house\/seanad"},"originHouseURI":"https:\/\/data.oireachtas.ie\/ie\/oireachtas\/def\/house\/seanad","relatedDocs":[],"shortTitleEn":"Social Welfare (Surviving Cohabitant\u2019s Pension) Bill 2021","shortTitleGa":"An Bille Leasa Sh\u00f3isialaigh (Pinsean Comhch\u00f3naitheora Mharthanaigh), 2021","source":"Private Member","sourceURI":"https:\/\/data.oireachtas.ie\/ie\/oireachtas\/def\/bill-source\/private-member","sponsors":[{"sponsor":{"as":{"showAs":null,"uri":null},"by":{"showAs":"Mark Wall","uri":"https:\/\/data.oireachtas.ie\/ie\/oireachtas\/member\/id\/Mark-Wall.S.2020-03-30"},"isPrimary":true}},{"sponsor":{"as":{"showAs":null,"uri":null},"by":{"showAs":"Marie Sherlock","uri":"https:\/\/data.oireachtas.ie\/ie\/oireachtas\/member\/id\/Marie-Sherlock.S.2020-03-30"},"isPrimary":false}},{"sponsor":{"as":{"showAs":null,"uri":null},"by":{"showAs":"Annie Hoey","uri":"https:\/\/data.oireachtas.ie\/ie\/oireachtas\/member\/id\/Annie-Hoey.S.2020-03-30"},"isPrimary":false}},{"sponsor":{"as":{"showAs":null,"uri":null},"by":{"showAs":"Rebecca Moynihan","uri":"https:\/\/data.oireachtas.ie\/ie\/oireachtas\/member\/id\/Rebecca-Moynihan.S.2020-03-30"},"isPrimary":false}}],"stages":[{"event":{"chamber":{"chamberCode":"seanad","showAs":"Seanad \u00c9ireann","uri":"https:\/\/data.oireachtas.ie\/ie\/oireachtas\/def\/house\/seanad"},"dates":[{"date":"2021-09-06"},{"date":"2021-09-06"},{"date":"2021-10-21"},{"date":"2021-10-21"}],"house":{"chamberCode":"seanad","chamberType":"house","houseCode":"seanad","houseNo":"26","showAs":"26th Seanad","uri":"https:\/\/data.oireachtas.ie\/ie\/oireachtas\/house\/seanad\/26"},"progressStage":1,"showAs":"First Stage","stageCompleted":true,"stageOutcome":null,"stageURI":"https:\/\/data.oireachtas.ie\/ie\/oireachtas\/def\/bill-stage\/1","uri":"https:\/\/data.oireachtas.ie\/ie\/oireachtas\/bill\/2021\/137\/stage\/seanad\/1"}},{"event":{"chamber":{"chamberCode":"seanad","showAs":"Seanad \u00c9ireann","uri":"https:\/\/data.oireachtas.ie\/ie\/oireachtas\/def\/house\/seanad"},"dates":[{"date":"2021-10-21"},{"date":"2021-10-21"},{"date":"2021-10-21"}],"house":{"chamberCode":"seanad","chamberType":"house","houseCode":"seanad","houseNo":"26","showAs":"26th Seanad","uri":"https:\/\/data.oireachtas.ie\/ie\/oireachtas\/house\/seanad\/26"},"progressStage":2,"showAs":"Second Stage","stageCompleted":true,"stageOutcome":null,"stageURI":"https:\/\/data.oireachtas.ie\/ie\/oireachtas\/def\/bill-stage\/2","uri":"https:\/\/data.oireachtas.ie\/ie\/oireachtas\/bill\/2021\/137\/stage\/seanad\/2"}}],"status":"Lapsed","statusURI":"https:\/\/data.oireachtas.ie\/ie\/oireachtas\/def\/bill-status\/lapsed","uri":"https:\/\/data.oireachtas.ie\/ie\/oireachtas\/bill\/2021\/137","versions":[{"version":{"date":"2021-10-21","docType":"bill","formats":{"pdf":{"uri":"https:\/\/data.oireachtas.ie\/ie\/oireachtas\/bill\/2021\/137\/eng\/initiated\/b13721s.pdf"},"xml":null},"lang":"eng","showAs":"As Initiated","uri":"https:\/\/data.oireachtas.ie\/ie\/oireachtas\/bill\/2021\/137\/eng\/initiated"}}]},"billSort":{"actNoSort":null,"actShortTitleEnSort":null,"actShortTitleGaSort":null,"actYearSort":null,"billNoSort":137,"billShortTitleEnSort":"social-welfare-surviving-cohabitants-pension-bill-2021","billShortTitleGaSort":"an-bille-leasa-shoisialaigh-pinsean-comhchonaitheora-mharthanaigh-2021","billYearSort":2021},"contextDate":"2021-10-21"},{"bill":{"act":null,"amendmentLists":[],"billNo":"135","billType":"Public","billTypeURI":"https:\/\/data.oireachtas.ie\/ie\/oireachtas\/def\/bill-type\/public","billYear":"2021","debates":[{"chamber":{"showAs":"D\u00e1il \u00c9ireann","uri":"https:\/\/data.oireachtas.ie\/ie\/oireachtas\/def\/house\/dail"},"date":"2026-05-12","debateSectionId":"dbsect_11","showAs":"Flood Insurance Bill 2021: Order for Committee Stage [Private Members]","uri":"https:\/\/data.oireachtas.ie\/akn\/ie\/debateRecord\/dail\/2026-05-12\/debate\/main"},{"chamber":{"showAs":"D\u00e1il \u00c9ireann","uri":"https:\/\/data.oireachtas.ie\/ie\/oireachtas\/def\/house\/dail"},"date":"2023-06-21","debateSectionId":"dbsect_20","showAs":"Flood Insurance Bill 2021: Second Stage (Resumed) [Private Members]","uri":"https:\/\/data.oireachtas.ie\/akn\/ie\/debateRecord\/dail\/2023-06-21\/debate\/main"},{"chamber":{"showAs":"D\u00e1il \u00c9ireann","uri":"https:\/\/data.oireachtas.ie\/ie\/oireachtas\/def\/house\/dail"},"date":"2023-06-15","debateSectionId":"dbsect_40","showAs":"Flood Insurance Bill 2021: Second Stage [Private Members]","uri":"https:\/\/data.oireachtas.ie\/akn\/ie\/debateRecord\/dail\/2023-06-15\/debate\/main"},{"chamber":{"showAs":"D\u00e1il \u00c9ireann","uri":"https:\/\/data.oireachtas.ie\/ie\/oireachtas\/def\/house\/dail"},"date":"2021-10-20","debateSectionId":"dbsect_12","showAs":"Flood Insurance Bill 2021: First Stage","uri":"https:\/\/data.oireachtas.ie\/akn\/ie\/debateRecord\/dail\/2021-10-20\/debate\/main"}],"events":[{"event":{"chamber":{"chamberCode":"dail","showAs":"D\u00e1il \u00c9ireann","uri":"https:\/\/data.oireachtas.ie\/ie\/oireachtas\/def\/house\/dail"},"dates":[{"date":"2021-09-01"},{"date":"2021-09-01"},{"date":"2021-10-20"},{"date":"2025-05-01"}],"eventURI":"https:\/\/data.oireachtas.ie\/ie\/oireachtas\/def\/bill-event\/approved-for-initiation","showAs":"Approved for Initiation","uri":"https:\/\/data.oireachtas.ie\/ie\/oireachtas\/bill\/2021\/135\/approved-for-initiation"}},{"event":{"chamber":{"chamberCode":"dail","showAs":"D\u00e1il \u00c9ireann","uri":"https:\/\/data.oireachtas.ie\/ie\/oireachtas\/def\/house\/dail"},"dates":[{"date":"2024-11-08"}],"eventURI":"https:\/\/data.oireachtas.ie\/ie\/oireachtas\/def\/bill-event\/bill-lapsed","showAs":"Bill Lapsed","uri":"https:\/\/data.oireachtas.ie\/ie\/oireachtas\/bill\/2021\/135\/bill-lapsed"}}],"lastUpdated":"2025-05-02T13:23:24.760000+00:00","longTitleEn":"Bill entitled an Act to provide for fairness in the market for property insurance, and to provide for related matters. \n","longTitleGa":"Bille d\u00e1 ngairtear Acht do dh\u00e9anamh socr\u00fa maidir le cothroime sa mhargadh le haghaidh \u00e1rachas maoine, agus do dh\u00e9anamh socr\u00fa i dtaobh nithe gaolmhara.","method":"Introduced","methodURI":"https:\/\/data.oireachtas.ie\/ie\/oireachtas\/def\/bill-method\/introduced","mostRecentStage":{"event":{"chamber":{"chamberCode":"dail","showAs":"D\u00e1il \u00c9ireann","uri":"https:\/\/data.oireachtas.ie\/ie\/oireachtas\/def\/house\/dail"},"dates":[{"date":"2025-05-01"},{"date":"2026-05-12"}],"house":{"chamberCode":"dail","chamberType":"house","houseCode":"dail","houseNo":"34","showAs":"34th D\u00e1il","uri":"https:\/\/data.oireachtas.ie\/ie\/oireachtas\/house\/dail\/34"},"progressStage":3,"showAs":"Committee Stage","stageCompleted":false,"stageOutcome":"Current","stageURI":"https:\/\/data.oireachtas.ie\/ie\/oireachtas\/def\/bill-stage\/3","uri":"https:\/\/data.oireachtas.ie\/ie\/oireachtas\/bill\/2021\/135\/stage\/dail\/3"}},"originHouse":{"showAs":"D\u00e1il \u00c9ireann","uri":"https:\/\/data.oireachtas.ie\/ie\/oireachtas\/def\/house\/dail"},"originHouseURI":"https:\/\/data.oireachtas.ie\/ie\/oireachtas\/def\/house\/dail","relatedDocs":[{"relatedDoc":{"date":"2021-10-20","docType":"memo","formats":{"pdf":{"uri":"https:\/\/data.oireachtas.ie\/ie\/oireachtas\/bill\/2021\/135\/eng\/memo\/b13521d-memo.pdf"},"xml":null},"lang":"eng","showAs":"Explanatory Memorandum","uri":"https:\/\/data.oireachtas.ie\/ie\/oireachtas\/bill\/2021\/135\/eng\/memo"}}],"shortTitleEn":"Flood Insurance Bill 2021","shortTitleGa":"An Bille um \u00c1rachas Tuile, 2021","source":"Private Member","sourceURI":"https:\/\/data.oireachtas.ie\/ie\/oireachtas\/def\/bill-source\/private-member","sponsors":[{"sponsor":{"isPrimary":true,"as":{"showAs":null,"uri":null},"by":{"showAs":"John Brady","uri":"https:\/\/data.oireachtas.ie\/ie\/oireachtas\/member\/id\/John-Brady.D.2016-10-03"}}}],"stages":[{"event":{"chamber":{"chamberCode":"dail","showAs":"D\u00e1il \u00c9ireann","uri":"https:\/\/data.oireachtas.ie\/ie\/oireachtas\/def\/house\/dail"},"dates":[{"date":"2021-09-01"},{"date":"2021-09-01"},{"date":"2021-10-20"},{"date":"2021-10-20"}],"house":{"chamberCode":"dail","chamberType":"house","houseCode":"dail","houseNo":"33","showAs":"33rd D\u00e1il","uri":"https:\/\/data.oireachtas.ie\/ie\/oireachtas\/house\/dail\/33"},"progressStage":1,"showAs":"First Stage","stageCompleted":true,"stageOutcome":null,"stageURI":"https:\/\/data.oireachtas.ie\/ie\/oireachtas\/def\/bill-stage\/1","uri":"https:\/\/data.oireachtas.ie\/ie\/oireachtas\/bill\/2021\/135\/stage\/dail\/1"}},{"event":{"chamber":{"chamberCode":"dail","showAs":"D\u00e1il \u00c9ireann","uri":"https:\/\/data.oireachtas.ie\/ie\/oireachtas\/def\/house\/dail"},"dates":[{"date":"2021-10-20"},{"date":"2021-10-20"},{"date":"2021-10-20"},{"date":"2021-10-20"}],"house":{"chamberCode":"dail","chamberType":"house","houseCode":"dail","houseNo":"33","showAs":"33rd D\u00e1il","uri":"https:\/\/data.oireachtas.ie\/ie\/oireachtas\/house\/dail\/33"},"progressStage":2,"showAs":"Second Stage","stageCompleted":false,"stageOutcome":null,"stageURI":"https:\/\/data.oireachtas.ie\/ie\/oireachtas\/def\/bill-stage\/2","uri":"https:\/\/data.oireachtas.ie\/ie\/oireachtas\/bill\/2021\/135\/stage\/dail\/2"}},{"event":{"chamber":{"chamberCode":"dail","showAs":"D\u00e1il \u00c9ireann","uri":"https:\/\/data.oireachtas.ie\/ie\/oireachtas\/def\/house\/dail"},"dates":[{"date":"2025-05-01"},{"date":"2026-05-12"}],"house":{"chamberCode":"dail","chamberType":"house","houseCode":"dail","houseNo":"34","showAs":"34th D\u00e1il","uri":"https:\/\/data.oireachtas.ie\/ie\/oireachtas\/house\/dail\/34"},"progressStage":3,"showAs":"Committee Stage","stageCompleted":false,"stageOutcome":"Current","stageURI":"https:\/\/data.oireachtas.ie\/ie\/oireachtas\/def\/bill-stage\/3","uri":"https:\/\/data.oireachtas.ie\/ie\/oireachtas\/bill\/2021\/135\/stage\/dail\/3"}}],"status":"Current","statusURI":"https:\/\/data.oireachtas.ie\/ie\/oireachtas\/def\/bill-status\/published","uri":"https:\/\/data.oireachtas.ie\/ie\/oireachtas\/bill\/2021\/135","versions":[{"version":{"lang":"eng","docType":"bill","showAs":"As Initiated","date":"2021-10-20","formats":{"pdf":{"uri":"https:\/\/data.oireachtas.ie\/ie\/oireachtas\/bill\/2021\/135\/eng\/initiated\/b13521d.pdf"},"xml":null},"uri":"https:\/\/data.oireachtas.ie\/ie\/oireachtas\/bill\/2021\/135\/eng\/initiated"}}]},"contextDate":"2026-05-12","billSort":{"actNoSort":null,"actShortTitleEnSort":null,"actShortTitleGaSort":null,"actYearSort":null,"billNoSort":135,"billShortTitleEnSort":"flood-insurance-bill-2021","billShortTitleGaSort":"an-bille-um-arachas-tuile-2021","billYearSort":2021}},{"bill":{"act":null,"amendmentLists":[],"billNo":"133","billType":"Public","billTypeURI":"https:\/\/data.oireachtas.ie\/ie\/oireachtas\/def\/bill-type\/public","billYear":"2021","debates":[{"chamber":{"showAs":"Seanad \u00c9ireann","uri":"https:\/\/data.oireachtas.ie\/ie\/oireachtas\/def\/house\/seanad"},"date":"2024-10-16","debateSectionId":"dbsect_9","showAs":"Protection of the Native Irish Honey Bee Bill 2021: Report and Final Stages","uri":"https:\/\/data.oireachtas.ie\/akn\/ie\/debateRecord\/seanad\/2024-10-16\/debate\/main"},{"chamber":{"showAs":"Seanad \u00c9ireann","uri":"https:\/\/data.oireachtas.ie\/ie\/oireachtas\/def\/house\/seanad"},"date":"2022-11-08","debateSectionId":"dbsect_12","showAs":"Protection of the Native Irish Honey Bee Bill 2021: Committee Stage","uri":"https:\/\/data.oireachtas.ie\/akn\/ie\/debateRecord\/seanad\/2022-11-08\/debate\/main"},{"chamber":{"showAs":"Seanad \u00c9ireann","uri":"https:\/\/data.oireachtas.ie\/ie\/oireachtas\/def\/house\/seanad"},"date":"2022-06-02","debateSectionId":"dbsect_11","showAs":"Protection of the Native Irish Honey Bee Bill 2021: Second Stage","uri":"https:\/\/data.oireachtas.ie\/akn\/ie\/debateRecord\/seanad\/2022-06-02\/debate\/main"},{"chamber":{"showAs":"Seanad \u00c9ireann","uri":"https:\/\/data.oireachtas.ie\/ie\/oireachtas\/def\/house\/seanad"},"date":"2021-10-20","debateSectionId":"dbsect_10","showAs":"Protection of the Native Irish Honey Bee Bill 2021: First Stage","uri":"https:\/\/data.oireachtas.ie\/akn\/ie\/debateRecord\/seanad\/2021-10-20\/debate\/main"}],"events":[{"event":{"chamber":{"chamberCode":"seanad","showAs":"Seanad \u00c9ireann","uri":"https:\/\/data.oireachtas.ie\/ie\/oireachtas\/def\/house\/seanad"},"dates":[{"date":"2021-09-28"},{"date":"2021-10-20"},{"date":"2025-05-01"}],"eventURI":"https:\/\/data.oireachtas.ie\/ie\/oireachtas\/def\/bill-event\/admissibility-for-introduction","showAs":"Admissibility for Introduction","uri":"https:\/\/data.oireachtas.ie\/ie\/oireachtas\/bill\/2021\/133\/admissibility-for-introduction"}},{"event":{"chamber":{"chamberCode":"dail","showAs":"D\u00e1il \u00c9ireann","uri":"https:\/\/data.oireachtas.ie\/ie\/oireachtas\/def\/house\/dail"},"dates":[{"date":"2024-11-08"}],"eventURI":"https:\/\/data.oireachtas.ie\/ie\/oireachtas\/def\/bill-event\/bill-lapsed","showAs":"Bill Lapsed","uri":"https:\/\/data.oireachtas.ie\/ie\/oireachtas\/bill\/2021\/133\/bill-lapsed"}}],"lastUpdated":"2025-05-02T11:04:31.780000+00:00","longTitleEn":"Bill entitled an Act to ban the importation of non-native honey bees with the aim of reducing the threat to and adverse impact upon biodiversity and the ecosystem arising from the introgression\/crossing\/cross-breeding of the native Irish Honey Bee, Apis mellifera mellifera, due to the importation of non-native species or sub-species of and\/or strains derived from Apis mellifera and to provide for the appointment of authorised officers; to make it an offence to forge an animal health certificate; and to provide for related matters.","longTitleGa":"Bille d\u00e1 ngairtear Acht do chur cosc le beacha nach beacha meala d\u00fachasacha \u00c9ireannacha a allmhairi\u00fa, d\u2019fhonn laghd\u00fa a dh\u00e9anamh ar an mbagairt, agus ar an drochthionchar, ar an mbith\u00e9ags\u00falacht agus ar an \u00e9iceach\u00f3ras a eascra\u00edonn as ionghabh\u00e1il\/cros\u00e1il\/crosph\u00f3r\u00fa na Beiche Meala d\u00fachasa\u00ed \u00c9ireanna\u00ed, Apis mellifera mellifera, mar gheall ar allmhairi\u00fa speiceas neamhdh\u00fachasach n\u00f3 fospeiceas d\u2019Apis mellifera agus\/n\u00f3 tr\u00e9ithchine\u00e1lacha a dh\u00edortha\u00edonn as Apis mellifera agus do dh\u00e9anamh socr\u00fa maidir le hoifigigh \u00fadaraithe a cheapadh; do dh\u00e9anamh cion de dheimhni\u00fa um shl\u00e1inte ainmh\u00ed a bhrionn\u00fa; agus do dh\u00e9anamh socr\u00fa i dtaobh nithe gaolmhara.","method":"Introduced","methodURI":"https:\/\/data.oireachtas.ie\/ie\/oireachtas\/def\/bill-method\/introduced","mostRecentStage":{"event":{"chamber":{"chamberCode":"dail","showAs":"D\u00e1il \u00c9ireann","uri":"https:\/\/data.oireachtas.ie\/ie\/oireachtas\/def\/house\/dail"},"dates":[{"date":"2024-11-08"},{"date":"2025-05-01"}],"house":{"chamberCode":"dail","chamberType":"house","houseCode":"dail","houseNo":"33","showAs":"33rd D\u00e1il","uri":"https:\/\/data.oireachtas.ie\/ie\/oireachtas\/house\/dail\/33"},"progressStage":6,"showAs":"Second Stage","stageCompleted":false,"stageOutcome":"Current","stageURI":"https:\/\/data.oireachtas.ie\/ie\/oireachtas\/def\/bill-stage\/2","uri":"https:\/\/data.oireachtas.ie\/ie\/oireachtas\/bill\/2021\/133\/stage\/dail\/2"}},"originHouse":{"showAs":"Seanad \u00c9ireann","uri":"https:\/\/data.oireachtas.ie\/ie\/oireachtas\/def\/house\/seanad"},"originHouseURI":"https:\/\/data.oireachtas.ie\/ie\/oireachtas\/def\/house\/seanad","relatedDocs":[],"shortTitleEn":"Protection of the Native Irish Honey Bee Bill 2021","shortTitleGa":"An Bille um an mBeach Mheala Dh\u00fachasach \u00c9ireannach a Chosaint, 2021","source":"Private Member","sourceURI":"https:\/\/data.oireachtas.ie\/ie\/oireachtas\/def\/bill-source\/private-member","sponsors":[{"sponsor":{"as":{"showAs":null,"uri":null},"by":{"showAs":"Vincent P. Martin","uri":"https:\/\/data.oireachtas.ie\/ie\/oireachtas\/member\/id\/Vincent-P-Martin.S.2020-06-29"},"isPrimary":true}},{"sponsor":{"as":{"showAs":null,"uri":null},"by":{"showAs":"Erin McGreehan","uri":"https:\/\/data.oireachtas.ie\/ie\/oireachtas\/member\/id\/Erin-McGreehan.S.2020-06-29"},"isPrimary":false}},{"sponsor":{"as":{"showAs":null,"uri":null},"by":{"showAs":"R\u00f3is\u00edn Garvey","uri":"https:\/\/data.oireachtas.ie\/ie\/oireachtas\/member\/id\/R\u00f3is\u00edn-Garvey.S.2020-06-29"},"isPrimary":false}},{"sponsor":{"as":{"showAs":null,"uri":null},"by":{"showAs":"Mary Seery Kearney","uri":"https:\/\/data.oireachtas.ie\/ie\/oireachtas\/member\/id\/Mary-Seery-Kearney.S.2020-06-29"},"isPrimary":false}},{"sponsor":{"as":{"showAs":null,"uri":null},"by":{"showAs":"Lynn Boylan","uri":"https:\/\/data.oireachtas.ie\/ie\/oireachtas\/member\/id\/Lynn-Boylan.S.2020-03-30"},"isPrimary":false}},{"sponsor":{"as":{"showAs":null,"uri":null},"by":{"showAs":"Niall \u00d3 Donnghaile","uri":"https:\/\/data.oireachtas.ie\/ie\/oireachtas\/member\/id\/Niall-\u00d3-Donnghaile.S.2016-04-25"},"isPrimary":false}},{"sponsor":{"as":{"showAs":null,"uri":null},"by":{"showAs":"David P.B. Norris","uri":"https:\/\/data.oireachtas.ie\/ie\/oireachtas\/member\/id\/David-PB-Norris.S.1987-04-25"},"isPrimary":false}},{"sponsor":{"as":{"showAs":null,"uri":null},"by":{"showAs":"Alice-Mary Higgins","uri":"https:\/\/data.oireachtas.ie\/ie\/oireachtas\/member\/id\/Alice-Mary-Higgins.S.2016-04-25"},"isPrimary":false}},{"sponsor":{"as":{"showAs":null,"uri":null},"by":{"showAs":"Gerard P. Craughwell","uri":"https:\/\/data.oireachtas.ie\/ie\/oireachtas\/member\/id\/Gerard-P-Craughwell.S.2014-10-10"},"isPrimary":false}},{"sponsor":{"as":{"showAs":null,"uri":null},"by":{"showAs":"Paul Gavan","uri":"https:\/\/data.oireachtas.ie\/ie\/oireachtas\/member\/id\/Paul-Gavan.S.2016-04-25"},"isPrimary":false}},{"sponsor":{"as":{"showAs":null,"uri":null},"by":{"showAs":"Fintan Warfield","uri":"https:\/\/data.oireachtas.ie\/ie\/oireachtas\/member\/id\/Fintan-Warfield.S.2016-04-25"},"isPrimary":false}},{"sponsor":{"as":{"showAs":null,"uri":null},"by":{"showAs":"Mark Wall","uri":"https:\/\/data.oireachtas.ie\/ie\/oireachtas\/member\/id\/Mark-Wall.S.2020-03-30"},"isPrimary":false}}],"stages":[{"event":{"chamber":{"chamberCode":"seanad","showAs":"Seanad \u00c9ireann","uri":"https:\/\/data.oireachtas.ie\/ie\/oireachtas\/def\/house\/seanad"},"dates":[{"date":"2021-09-28"},{"date":"2021-10-20"},{"date":"2021-10-20"}],"house":{"chamberCode":"seanad","chamberType":"house","houseCode":"seanad","houseNo":"26","showAs":"26th Seanad","uri":"https:\/\/data.oireachtas.ie\/ie\/oireachtas\/house\/seanad\/26"},"progressStage":1,"showAs":"First Stage","stageCompleted":true,"stageOutcome":null,"stageURI":"https:\/\/data.oireachtas.ie\/ie\/oireachtas\/def\/bill-stage\/1","uri":"https:\/\/data.oireachtas.ie\/ie\/oireachtas\/bill\/2021\/133\/stage\/seanad\/1"}},{"event":{"chamber":{"chamberCode":"seanad","showAs":"Seanad \u00c9ireann","uri":"https:\/\/data.oireachtas.ie\/ie\/oireachtas\/def\/house\/seanad"},"dates":[{"date":"2021-10-20"}],"house":{"chamberCode":"seanad","chamberType":"house","houseCode":"seanad","houseNo":"26","showAs":"26th Seanad","uri":"https:\/\/data.oireachtas.ie\/ie\/oireachtas\/house\/seanad\/26"},"progressStage":2,"showAs":"Second Stage","stageCompleted":true,"stageOutcome":null,"stageURI":"https:\/\/data.oireachtas.ie\/ie\/oireachtas\/def\/bill-stage\/2","uri":"https:\/\/data.oireachtas.ie\/ie\/oireachtas\/bill\/2021\/133\/stage\/seanad\/2"}},{"event":{"chamber":{"chamberCode":"seanad","showAs":"Seanad \u00c9ireann","uri":"https:\/\/data.oireachtas.ie\/ie\/oireachtas\/def\/house\/seanad"},"dates":[{"date":"2022-11-08"}],"house":{"chamberCode":"seanad","chamberType":"house","houseCode":"seanad","houseNo":"26","showAs":"26th Seanad","uri":"https:\/\/data.oireachtas.ie\/ie\/oireachtas\/house\/seanad\/26"},"progressStage":3,"showAs":"Committee Stage","stageCompleted":true,"stageOutcome":null,"stageURI":"https:\/\/data.oireachtas.ie\/ie\/oireachtas\/def\/bill-stage\/3","uri":"https:\/\/data.oireachtas.ie\/ie\/oireachtas\/bill\/2021\/133\/stage\/seanad\/3"}},{"event":{"chamber":{"chamberCode":"seanad","showAs":"Seanad \u00c9ireann","uri":"https:\/\/data.oireachtas.ie\/ie\/oireachtas\/def\/house\/seanad"},"dates":[{"date":"2022-11-08"}],"house":{"chamberCode":"seanad","chamberType":"house","houseCode":"seanad","houseNo":"26","showAs":"26th Seanad","uri":"https:\/\/data.oireachtas.ie\/ie\/oireachtas\/house\/seanad\/26"},"progressStage":4,"showAs":"Report Stage","stageCompleted":true,"stageOutcome":null,"stageURI":"https:\/\/data.oireachtas.ie\/ie\/oireachtas\/def\/bill-stage\/4","uri":"https:\/\/data.oireachtas.ie\/ie\/oireachtas\/bill\/2021\/133\/stage\/seanad\/4"}},{"event":{"chamber":{"chamberCode":"seanad","showAs":"Seanad \u00c9ireann","uri":"https:\/\/data.oireachtas.ie\/ie\/oireachtas\/def\/house\/seanad"},"dates":[{"date":"2024-10-16"}],"house":{"chamberCode":"seanad","chamberType":"house","houseCode":"seanad","houseNo":"26","showAs":"26th Seanad","uri":"https:\/\/data.oireachtas.ie\/ie\/oireachtas\/house\/seanad\/26"},"progressStage":5,"showAs":"Fifth Stage","stageCompleted":true,"stageOutcome":null,"stageURI":"https:\/\/data.oireachtas.ie\/ie\/oireachtas\/def\/bill-stage\/5","uri":"https:\/\/data.oireachtas.ie\/ie\/oireachtas\/bill\/2021\/133\/stage\/seanad\/5"}},{"event":{"chamber":{"chamberCode":"dail","showAs":"D\u00e1il \u00c9ireann","uri":"https:\/\/data.oireachtas.ie\/ie\/oireachtas\/def\/house\/dail"},"dates":[{"date":"2024-11-08"},{"date":"2025-05-01"}],"house":{"chamberCode":"dail","chamberType":"house","houseCode":"dail","houseNo":"33","showAs":"33rd D\u00e1il","uri":"https:\/\/data.oireachtas.ie\/ie\/oireachtas\/house\/dail\/33"},"progressStage":6,"showAs":"Second Stage","stageCompleted":false,"stageOutcome":"Current","stageURI":"https:\/\/data.oireachtas.ie\/ie\/oireachtas\/def\/bill-stage\/2","uri":"https:\/\/data.oireachtas.ie\/ie\/oireachtas\/bill\/2021\/133\/stage\/dail\/2"}}],"status":"Current","statusURI":"https:\/\/data.oireachtas.ie\/ie\/oireachtas\/def\/bill-status\/published","uri":"https:\/\/data.oireachtas.ie\/ie\/oireachtas\/bill\/2021\/133","versions":[{"version":{"date":"2021-10-20","docType":"bill","formats":{"pdf":{"uri":"https:\/\/data.oireachtas.ie\/ie\/oireachtas\/bill\/2021\/133\/eng\/initiated\/b13321s.pdf"},"xml":null},"lang":"eng","showAs":"As Initiated","uri":"https:\/\/data.oireachtas.ie\/ie\/oireachtas\/bill\/2021\/133\/eng\/initiated"}}]},"billSort":{"actNoSort":null,"actShortTitleEnSort":null,"actShortTitleGaSort":null,"actYearSort":null,"billNoSort":133,"billShortTitleEnSort":"protection-of-the-native-irish-honey-bee-bill-2021","billShortTitleGaSort":"an-bille-um-an-mbeach-mheala-dhuchasach-eireannach-a-chosaint-2021","billYearSort":2021},"contextDate":"2025-05-01"},{"bill":{"act":null,"amendmentLists":[],"billNo":"131","billType":"Public","billTypeURI":"https:\/\/data.oireachtas.ie\/ie\/oireachtas\/def\/bill-type\/public","billYear":"2021","debates":[{"chamber":{"showAs":"Seanad \u00c9ireann","uri":"https:\/\/data.oireachtas.ie\/ie\/oireachtas\/def\/house\/seanad"},"date":"2021-11-04","debateSectionId":"dbsect_13","showAs":"Electricity (Supply) (Amendment) Bill 2021: Second Stage","uri":"https:\/\/data.oireachtas.ie\/akn\/ie\/debateRecord\/seanad\/2021-11-04\/debate\/main"},{"chamber":{"showAs":"Seanad \u00c9ireann","uri":"https:\/\/data.oireachtas.ie\/ie\/oireachtas\/def\/house\/seanad"},"date":"2021-10-19","debateSectionId":"dbsect_12","showAs":"Electricity (Supply) (Amendment) Bill 2021: First Stage","uri":"https:\/\/data.oireachtas.ie\/akn\/ie\/debateRecord\/seanad\/2021-10-19\/debate\/main"}],"events":[{"event":{"chamber":{"chamberCode":"seanad","showAs":"Seanad \u00c9ireann","uri":"https:\/\/data.oireachtas.ie\/ie\/oireachtas\/def\/house\/seanad"},"dates":[{"date":"2021-10-18"},{"date":"2021-10-18"},{"date":"2021-10-19"}],"eventURI":"https:\/\/data.oireachtas.ie\/ie\/oireachtas\/def\/bill-event\/approved-for-initiation","showAs":"Approved for Initiation","uri":"https:\/\/data.oireachtas.ie\/ie\/oireachtas\/bill\/2021\/131\/approved-for-initiation"}},{"event":{"chamber":{"chamberCode":"seanad","showAs":"Seanad \u00c9ireann","uri":"https:\/\/data.oireachtas.ie\/ie\/oireachtas\/def\/house\/seanad"},"dates":[{"date":"2025-01-29"}],"eventURI":"https:\/\/data.oireachtas.ie\/ie\/oireachtas\/def\/bill-event\/bill-lapsed","showAs":"Bill Lapsed","uri":"https:\/\/data.oireachtas.ie\/ie\/oireachtas\/bill\/2021\/131\/bill-lapsed"}}],"lastUpdated":"2025-01-30T11:17:37.160000+00:00","longTitleEn":"Bill entitled an Act to reduce restrictions on the power of the Electricity Supply Board to carry out works concerning the levels on the Shannon Lakes (Lough Derg, Lough Ree and Lough Allen), for this purpose to amend the Electricity (Supply) (Amendment) (No. 2) Act 1934; and to provide for related matters.","longTitleGa":"Bille d\u00e1 ngairtear Acht do laghd\u00fa srianta ar chumhacht Bhord Sol\u00e1thair an Leictreachais oibreacha a dh\u00e9anamh maidir leis na leibh\u00e9il ar Lochanna na Sionainne (Loch Deirgeirt, Loch R\u00ed agus Loch Aillionn), chun na cr\u00edche sin do leas\u00fa an Achta Leictreachais (Sol\u00e1thar) (Leas\u00fa) (Uimh. 2), 1934; agus do dh\u00e9anamh socr\u00fa i dtaobh nithe gaolmhara.","method":"Introduced","methodURI":"https:\/\/data.oireachtas.ie\/ie\/oireachtas\/def\/bill-method\/introduced","mostRecentStage":{"event":{"chamber":{"chamberCode":"seanad","showAs":"Seanad \u00c9ireann","uri":"https:\/\/data.oireachtas.ie\/ie\/oireachtas\/def\/house\/seanad"},"dates":[{"date":"2021-10-19"}],"house":{"chamberCode":"seanad","chamberType":"house","houseCode":"seanad","houseNo":"26","showAs":"26th Seanad","uri":"https:\/\/data.oireachtas.ie\/ie\/oireachtas\/house\/seanad\/26"},"progressStage":2,"showAs":"Second Stage","stageCompleted":true,"stageOutcome":null,"stageURI":"https:\/\/data.oireachtas.ie\/ie\/oireachtas\/def\/bill-stage\/2","uri":"https:\/\/data.oireachtas.ie\/ie\/oireachtas\/bill\/2021\/131\/stage\/seanad\/2"}},"originHouse":{"showAs":"Seanad \u00c9ireann","uri":"https:\/\/data.oireachtas.ie\/ie\/oireachtas\/def\/house\/seanad"},"originHouseURI":"https:\/\/data.oireachtas.ie\/ie\/oireachtas\/def\/house\/seanad","relatedDocs":[],"shortTitleEn":"Electricity (Supply) (Amendment) Bill 2021","shortTitleGa":"An Bille Leictreachais (Sol\u00e1thar) (Leas\u00fa), 2021","source":"Private Member","sourceURI":"https:\/\/data.oireachtas.ie\/ie\/oireachtas\/def\/bill-source\/private-member","sponsors":[{"sponsor":{"as":{"showAs":null,"uri":null},"by":{"showAs":"Eugene Murphy","uri":"https:\/\/data.oireachtas.ie\/ie\/oireachtas\/member\/id\/Eugene-Murphy.D.2016-10-03"},"isPrimary":true}}],"stages":[{"event":{"chamber":{"chamberCode":"seanad","showAs":"Seanad \u00c9ireann","uri":"https:\/\/data.oireachtas.ie\/ie\/oireachtas\/def\/house\/seanad"},"dates":[{"date":"2021-10-18"},{"date":"2021-10-18"},{"date":"2021-10-19"},{"date":"2021-10-19"}],"house":{"chamberCode":"seanad","chamberType":"house","houseCode":"seanad","houseNo":"26","showAs":"26th Seanad","uri":"https:\/\/data.oireachtas.ie\/ie\/oireachtas\/house\/seanad\/26"},"progressStage":1,"showAs":"First Stage","stageCompleted":true,"stageOutcome":null,"stageURI":"https:\/\/data.oireachtas.ie\/ie\/oireachtas\/def\/bill-stage\/1","uri":"https:\/\/data.oireachtas.ie\/ie\/oireachtas\/bill\/2021\/131\/stage\/seanad\/1"}},{"event":{"chamber":{"chamberCode":"seanad","showAs":"Seanad \u00c9ireann","uri":"https:\/\/data.oireachtas.ie\/ie\/oireachtas\/def\/house\/seanad"},"dates":[{"date":"2021-10-19"}],"house":{"chamberCode":"seanad","chamberType":"house","houseCode":"seanad","houseNo":"26","showAs":"26th Seanad","uri":"https:\/\/data.oireachtas.ie\/ie\/oireachtas\/house\/seanad\/26"},"progressStage":2,"showAs":"Second Stage","stageCompleted":true,"stageOutcome":null,"stageURI":"https:\/\/data.oireachtas.ie\/ie\/oireachtas\/def\/bill-stage\/2","uri":"https:\/\/data.oireachtas.ie\/ie\/oireachtas\/bill\/2021\/131\/stage\/seanad\/2"}}],"status":"Lapsed","statusURI":"https:\/\/data.oireachtas.ie\/ie\/oireachtas\/def\/bill-status\/lapsed","uri":"https:\/\/data.oireachtas.ie\/ie\/oireachtas\/bill\/2021\/131","versions":[{"version":{"date":"2021-10-19","docType":"bill","formats":{"pdf":{"uri":"https:\/\/data.oireachtas.ie\/ie\/oireachtas\/bill\/2021\/131\/eng\/initiated\/b13121s.pdf"},"xml":null},"lang":"eng","showAs":"As Initiated","uri":"https:\/\/data.oireachtas.ie\/ie\/oireachtas\/bill\/2021\/131\/eng\/initiated"}}]},"billSort":{"actNoSort":null,"actShortTitleEnSort":null,"actShortTitleGaSort":null,"actYearSort":null,"billNoSort":131,"billShortTitleEnSort":"electricity-supply-amendment-bill-2021","billShortTitleGaSort":"an-bille-leictreachais-solathar-leasu-2021","billYearSort":2021},"contextDate":"2021-10-19"},{"bill":{"act":null,"amendmentLists":[],"billNo":"124","billType":"Public","billTypeURI":"https:\/\/data.oireachtas.ie\/ie\/oireachtas\/def\/bill-type\/public","billYear":"2021","debates":[{"chamber":{"showAs":"D\u00e1il \u00c9ireann","uri":"https:\/\/data.oireachtas.ie\/ie\/oireachtas\/def\/house\/dail"},"date":"2022-07-07","debateSectionId":"dbsect_42","showAs":"Irish Corporate Governance (Gender Balance) Bill 2021: Second Stage [Private Members]","uri":"https:\/\/data.oireachtas.ie\/akn\/ie\/debateRecord\/dail\/2022-07-07\/debate\/main"},{"chamber":{"showAs":"D\u00e1il \u00c9ireann","uri":"https:\/\/data.oireachtas.ie\/ie\/oireachtas\/def\/house\/dail"},"date":"2021-10-06","debateSectionId":"dbsect_11","showAs":"Irish Corporate Governance (Gender Balance) Bill 2021: First Stage","uri":"https:\/\/data.oireachtas.ie\/akn\/ie\/debateRecord\/dail\/2021-10-06\/debate\/main"}],"events":[{"event":{"chamber":{"chamberCode":"dail","showAs":"D\u00e1il \u00c9ireann","uri":"https:\/\/data.oireachtas.ie\/ie\/oireachtas\/def\/house\/dail"},"dates":[{"date":"2021-09-23"},{"date":"2021-09-23"},{"date":"2021-10-06"},{"date":"2025-05-01"}],"eventURI":"https:\/\/data.oireachtas.ie\/ie\/oireachtas\/def\/bill-event\/approved-for-initiation","showAs":"Approved for Initiation","uri":"https:\/\/data.oireachtas.ie\/ie\/oireachtas\/bill\/2021\/124\/approved-for-initiation"}},{"event":{"chamber":{"chamberCode":"dail","showAs":"D\u00e1il \u00c9ireann","uri":"https:\/\/data.oireachtas.ie\/ie\/oireachtas\/def\/house\/dail"},"dates":[{"date":"2024-11-08"}],"eventURI":"https:\/\/data.oireachtas.ie\/ie\/oireachtas\/def\/bill-event\/bill-lapsed","showAs":"Bill Lapsed","uri":"https:\/\/data.oireachtas.ie\/ie\/oireachtas\/bill\/2021\/124\/bill-lapsed"}}],"lastUpdated":"2025-05-02T11:30:59.950000+00:00","longTitleEn":"Bill entitled an Act to make provision for the regulation of gender balance on the boards and governing councils of corporate bodies and related matters.","longTitleGa":"Bille d\u00e1 ngairtear Acht do dh\u00e9anamh socr\u00fa maidir le cothroma\u00edocht inscne ar bhoird agus comhairl\u00ed ceannais comhlachta\u00ed corpraithe a rial\u00e1il agus i dtaobh nithe gaolmhara.","method":"Introduced","methodURI":"https:\/\/data.oireachtas.ie\/ie\/oireachtas\/def\/bill-method\/introduced","mostRecentStage":{"event":{"chamber":{"chamberCode":"dail","showAs":"D\u00e1il \u00c9ireann","uri":"https:\/\/data.oireachtas.ie\/ie\/oireachtas\/def\/house\/dail"},"dates":[{"date":"2024-11-08"},{"date":"2025-05-01"}],"house":{"chamberCode":"dail","chamberType":"house","houseCode":"dail","houseNo":"33","showAs":"33rd D\u00e1il","uri":"https:\/\/data.oireachtas.ie\/ie\/oireachtas\/house\/dail\/33"},"progressStage":3,"showAs":"Committee Stage","stageCompleted":false,"stageOutcome":"Current","stageURI":"https:\/\/data.oireachtas.ie\/ie\/oireachtas\/def\/bill-stage\/3","uri":"https:\/\/data.oireachtas.ie\/ie\/oireachtas\/bill\/2021\/124\/stage\/dail\/3"}},"originHouse":{"showAs":"D\u00e1il \u00c9ireann","uri":"https:\/\/data.oireachtas.ie\/ie\/oireachtas\/def\/house\/dail"},"originHouseURI":"https:\/\/data.oireachtas.ie\/ie\/oireachtas\/def\/house\/dail","relatedDocs":[{"relatedDoc":{"date":"2021-10-06","docType":"memo","formats":{"pdf":{"uri":"https:\/\/data.oireachtas.ie\/ie\/oireachtas\/bill\/2021\/124\/eng\/memo\/b12421d-memo.pdf"},"xml":null},"lang":"eng","showAs":"Explanatory Memorandum","uri":"https:\/\/data.oireachtas.ie\/ie\/oireachtas\/bill\/2021\/124\/eng\/memo"}}],"shortTitleEn":"Irish Corporate Governance (Gender Balance) Bill 2021","shortTitleGa":"An Bille um Rialachas Corpar\u00e1ideach \u00c9ireannach (Cothroma\u00edocht Inscne), 2021","source":"Private Member","sourceURI":"https:\/\/data.oireachtas.ie\/ie\/oireachtas\/def\/bill-source\/private-member","sponsors":[{"sponsor":{"isPrimary":true,"as":{"showAs":null,"uri":null},"by":{"showAs":"Emer Higgins","uri":"https:\/\/data.oireachtas.ie\/ie\/oireachtas\/member\/id\/Emer-Higgins.D.2020-02-08"}}}],"stages":[{"event":{"chamber":{"chamberCode":"dail","showAs":"D\u00e1il \u00c9ireann","uri":"https:\/\/data.oireachtas.ie\/ie\/oireachtas\/def\/house\/dail"},"dates":[{"date":"2021-09-23"},{"date":"2021-09-23"},{"date":"2021-10-06"},{"date":"2021-10-06"}],"house":{"chamberCode":"dail","chamberType":"house","houseCode":"dail","houseNo":"33","showAs":"33rd D\u00e1il","uri":"https:\/\/data.oireachtas.ie\/ie\/oireachtas\/house\/dail\/33"},"progressStage":1,"showAs":"First Stage","stageCompleted":true,"stageOutcome":null,"stageURI":"https:\/\/data.oireachtas.ie\/ie\/oireachtas\/def\/bill-stage\/1","uri":"https:\/\/data.oireachtas.ie\/ie\/oireachtas\/bill\/2021\/124\/stage\/dail\/1"}},{"event":{"chamber":{"chamberCode":"dail","showAs":"D\u00e1il \u00c9ireann","uri":"https:\/\/data.oireachtas.ie\/ie\/oireachtas\/def\/house\/dail"},"dates":[{"date":"2021-10-06"}],"house":{"chamberCode":"dail","chamberType":"house","houseCode":"dail","houseNo":"33","showAs":"33rd D\u00e1il","uri":"https:\/\/data.oireachtas.ie\/ie\/oireachtas\/house\/dail\/33"},"progressStage":2,"showAs":"Second Stage","stageCompleted":true,"stageOutcome":null,"stageURI":"https:\/\/data.oireachtas.ie\/ie\/oireachtas\/def\/bill-stage\/2","uri":"https:\/\/data.oireachtas.ie\/ie\/oireachtas\/bill\/2021\/124\/stage\/dail\/2"}},{"event":{"chamber":{"chamberCode":"dail","showAs":"D\u00e1il \u00c9ireann","uri":"https:\/\/data.oireachtas.ie\/ie\/oireachtas\/def\/house\/dail"},"dates":[{"date":"2024-11-08"},{"date":"2025-05-01"}],"house":{"chamberCode":"dail","chamberType":"house","houseCode":"dail","houseNo":"33","showAs":"33rd D\u00e1il","uri":"https:\/\/data.oireachtas.ie\/ie\/oireachtas\/house\/dail\/33"},"progressStage":3,"showAs":"Committee Stage","stageCompleted":false,"stageOutcome":"Current","stageURI":"https:\/\/data.oireachtas.ie\/ie\/oireachtas\/def\/bill-stage\/3","uri":"https:\/\/data.oireachtas.ie\/ie\/oireachtas\/bill\/2021\/124\/stage\/dail\/3"}}],"status":"Current","statusURI":"https:\/\/data.oireachtas.ie\/ie\/oireachtas\/def\/bill-status\/published","uri":"https:\/\/data.oireachtas.ie\/ie\/oireachtas\/bill\/2021\/124","versions":[{"version":{"lang":"eng","docType":"bill","showAs":"As Initiated","date":"2021-10-06","formats":{"pdf":{"uri":"https:\/\/data.oireachtas.ie\/ie\/oireachtas\/bill\/2021\/124\/eng\/initiated\/b12421d.pdf"},"xml":null},"uri":"https:\/\/data.oireachtas.ie\/ie\/oireachtas\/bill\/2021\/124\/eng\/initiated"}}]},"contextDate":"2025-05-01","billSort":{"actNoSort":null,"actShortTitleEnSort":null,"actShortTitleGaSort":null,"actYearSort":null,"billNoSort":124,"billShortTitleEnSort":"irish-corporate-governance-gender-balance-bill-2021","billShortTitleGaSort":"an-bille-um-rialachas-corparaideach-eireannach-cothromaiocht-inscne-2021","billYearSort":2021}},{"bill":{"act":null,"amendmentLists":[],"billNo":"122","billType":"Public","billTypeURI":"https:\/\/data.oireachtas.ie\/ie\/oireachtas\/def\/bill-type\/public","billYear":"2021","debates":[{"chamber":{"showAs":"D\u00e1il \u00c9ireann","uri":"https:\/\/data.oireachtas.ie\/ie\/oireachtas\/def\/house\/dail"},"date":"2021-12-03","debateSectionId":"dbsect_31","showAs":"Health (Pricing and Supply of Medical Goods) (Amendment) Bill 2021: Second Stage [Private Members]","uri":"https:\/\/data.oireachtas.ie\/akn\/ie\/debateRecord\/dail\/2021-12-03\/debate\/main"},{"chamber":{"showAs":"D\u00e1il \u00c9ireann","uri":"https:\/\/data.oireachtas.ie\/ie\/oireachtas\/def\/house\/dail"},"date":"2021-10-05","debateSectionId":"dbsect_8","showAs":"Health (Pricing and Supply of Medical Goods) (Amendment) Bill 2021: First Stage","uri":"https:\/\/data.oireachtas.ie\/akn\/ie\/debateRecord\/dail\/2021-10-05\/debate\/main"}],"events":[{"event":{"chamber":{"chamberCode":"dail","showAs":"D\u00e1il \u00c9ireann","uri":"https:\/\/data.oireachtas.ie\/ie\/oireachtas\/def\/house\/dail"},"dates":[{"date":"2021-09-01"},{"date":"2021-09-01"},{"date":"2021-10-05"},{"date":"2025-05-27"}],"eventURI":"https:\/\/data.oireachtas.ie\/ie\/oireachtas\/def\/bill-event\/approved-for-initiation","showAs":"Approved for Initiation","uri":"https:\/\/data.oireachtas.ie\/ie\/oireachtas\/bill\/2021\/122\/approved-for-initiation"}},{"event":{"chamber":{"chamberCode":"dail","showAs":"D\u00e1il \u00c9ireann","uri":"https:\/\/data.oireachtas.ie\/ie\/oireachtas\/def\/house\/dail"},"dates":[{"date":"2024-11-08"}],"eventURI":"https:\/\/data.oireachtas.ie\/ie\/oireachtas\/def\/bill-event\/bill-lapsed","showAs":"Bill Lapsed","uri":"https:\/\/data.oireachtas.ie\/ie\/oireachtas\/bill\/2021\/122\/bill-lapsed"}}],"lastUpdated":"2025-05-28T08:41:17.630000+00:00","longTitleEn":"Bill entitled an Act to amend the Health (Pricing and Supply of Medical Goods) Act 2013 to establish specific criteria applicable for orphan medicinal products for the purposes of the Health Service Executive making a relevant decision regarding adding an item to the Reimbursement List.","longTitleGa":"Bille d\u00e1 ngairtear Acht do leas\u00fa an Achta Sl\u00e1inte (Earra\u00ed Liachta a Phraghs\u00e1il agus a Shol\u00e1thar), 2013 chun crit\u00e9ir shonracha, is infheidhme maidir le t\u00e1irg\u00ed \u00edocshl\u00e1inte d\u00edlleachta, a bhun\u00fa chun go dtabharfaidh Feidhmeannacht na Seirbh\u00edse Sl\u00e1inte breith iomchu\u00ed maidir le m\u00edr a chur leis an Liosta Ais\u00edoca\u00edochta.","method":"Introduced","methodURI":"https:\/\/data.oireachtas.ie\/ie\/oireachtas\/def\/bill-method\/introduced","mostRecentStage":{"event":{"chamber":{"chamberCode":"dail","showAs":"D\u00e1il \u00c9ireann","uri":"https:\/\/data.oireachtas.ie\/ie\/oireachtas\/def\/house\/dail"},"dates":[{"date":"2024-11-08"},{"date":"2025-05-27"}],"house":{"chamberCode":"dail","chamberType":"house","houseCode":"dail","houseNo":"33","showAs":"33rd D\u00e1il","uri":"https:\/\/data.oireachtas.ie\/ie\/oireachtas\/house\/dail\/33"},"progressStage":3,"showAs":"Committee Stage","stageCompleted":false,"stageOutcome":"Current","stageURI":"https:\/\/data.oireachtas.ie\/ie\/oireachtas\/def\/bill-stage\/3","uri":"https:\/\/data.oireachtas.ie\/ie\/oireachtas\/bill\/2021\/122\/stage\/dail\/3"}},"originHouse":{"showAs":"D\u00e1il \u00c9ireann","uri":"https:\/\/data.oireachtas.ie\/ie\/oireachtas\/def\/house\/dail"},"originHouseURI":"https:\/\/data.oireachtas.ie\/ie\/oireachtas\/def\/house\/dail","relatedDocs":[{"relatedDoc":{"date":"2021-10-05","docType":"memo","formats":{"pdf":{"uri":"https:\/\/data.oireachtas.ie\/ie\/oireachtas\/bill\/2021\/122\/eng\/memo\/b12221d-memo.pdf"},"xml":null},"lang":"eng","showAs":"Explanatory Memorandum","uri":"https:\/\/data.oireachtas.ie\/ie\/oireachtas\/bill\/2021\/122\/eng\/memo"}}],"shortTitleEn":"Health (Pricing and Supply of Medical Goods) (Amendment) Bill 2021","shortTitleGa":"An Bille Sl\u00e1inte (Earra\u00ed Liachta a Phraghs\u00e1il agus a Shol\u00e1thar) (Leas\u00fa), 2021","source":"Private Member","sourceURI":"https:\/\/data.oireachtas.ie\/ie\/oireachtas\/def\/bill-source\/private-member","sponsors":[{"sponsor":{"as":{"showAs":null,"uri":null},"by":{"showAs":"P\u00e1draig O'Sullivan","uri":"https:\/\/data.oireachtas.ie\/ie\/oireachtas\/member\/id\/P\u00e1draig-O'Sullivan.D.2019-11-29"},"isPrimary":true}}],"stages":[{"event":{"chamber":{"chamberCode":"dail","showAs":"D\u00e1il \u00c9ireann","uri":"https:\/\/data.oireachtas.ie\/ie\/oireachtas\/def\/house\/dail"},"dates":[{"date":"2021-09-01"},{"date":"2021-09-01"},{"date":"2021-10-05"},{"date":"2021-10-05"}],"house":{"chamberCode":"dail","chamberType":"house","houseCode":"dail","houseNo":"33","showAs":"33rd D\u00e1il","uri":"https:\/\/data.oireachtas.ie\/ie\/oireachtas\/house\/dail\/33"},"progressStage":1,"showAs":"First Stage","stageCompleted":true,"stageOutcome":null,"stageURI":"https:\/\/data.oireachtas.ie\/ie\/oireachtas\/def\/bill-stage\/1","uri":"https:\/\/data.oireachtas.ie\/ie\/oireachtas\/bill\/2021\/122\/stage\/dail\/1"}},{"event":{"chamber":{"chamberCode":"dail","showAs":"D\u00e1il \u00c9ireann","uri":"https:\/\/data.oireachtas.ie\/ie\/oireachtas\/def\/house\/dail"},"dates":[{"date":"2021-10-05"}],"house":{"chamberCode":"dail","chamberType":"house","houseCode":"dail","houseNo":"33","showAs":"33rd D\u00e1il","uri":"https:\/\/data.oireachtas.ie\/ie\/oireachtas\/house\/dail\/33"},"progressStage":2,"showAs":"Second Stage","stageCompleted":true,"stageOutcome":null,"stageURI":"https:\/\/data.oireachtas.ie\/ie\/oireachtas\/def\/bill-stage\/2","uri":"https:\/\/data.oireachtas.ie\/ie\/oireachtas\/bill\/2021\/122\/stage\/dail\/2"}},{"event":{"chamber":{"chamberCode":"dail","showAs":"D\u00e1il \u00c9ireann","uri":"https:\/\/data.oireachtas.ie\/ie\/oireachtas\/def\/house\/dail"},"dates":[{"date":"2024-11-08"},{"date":"2025-05-27"}],"house":{"chamberCode":"dail","chamberType":"house","houseCode":"dail","houseNo":"33","showAs":"33rd D\u00e1il","uri":"https:\/\/data.oireachtas.ie\/ie\/oireachtas\/house\/dail\/33"},"progressStage":3,"showAs":"Committee Stage","stageCompleted":false,"stageOutcome":"Current","stageURI":"https:\/\/data.oireachtas.ie\/ie\/oireachtas\/def\/bill-stage\/3","uri":"https:\/\/data.oireachtas.ie\/ie\/oireachtas\/bill\/2021\/122\/stage\/dail\/3"}}],"status":"Current","statusURI":"https:\/\/data.oireachtas.ie\/ie\/oireachtas\/def\/bill-status\/published","uri":"https:\/\/data.oireachtas.ie\/ie\/oireachtas\/bill\/2021\/122","versions":[{"version":{"date":"2021-10-05","docType":"bill","formats":{"pdf":{"uri":"https:\/\/data.oireachtas.ie\/ie\/oireachtas\/bill\/2021\/122\/eng\/initiated\/b12221d.pdf"},"xml":null},"lang":"eng","showAs":"As Initiated","uri":"https:\/\/data.oireachtas.ie\/ie\/oireachtas\/bill\/2021\/122\/eng\/initiated"}}]},"billSort":{"actNoSort":null,"actShortTitleEnSort":null,"actShortTitleGaSort":null,"actYearSort":null,"billNoSort":122,"billShortTitleEnSort":"health-pricing-and-supply-of-medical-goods-amendment-bill-2021","billShortTitleGaSort":"an-bille-slainte-earrai-liachta-a-phraghsail-agus-a-sholathar-leasu-2021","billYearSort":2021},"contextDate":"2025-05-27"},{"bill":{"act":null,"amendmentLists":[],"billNo":"121","billType":"Public","billTypeURI":"https:\/\/data.oireachtas.ie\/ie\/oireachtas\/def\/bill-type\/public","billYear":"2021","debates":[{"chamber":{"showAs":"D\u00e1il \u00c9ireann","uri":"https:\/\/data.oireachtas.ie\/ie\/oireachtas\/def\/house\/dail"},"date":"2023-11-09","debateSectionId":"dbsect_41","showAs":"Defective Dwellings Bill 2021: Second Stage [Private Members]","uri":"https:\/\/data.oireachtas.ie\/akn\/ie\/debateRecord\/dail\/2023-11-09\/debate\/main"},{"chamber":{"showAs":"D\u00e1il \u00c9ireann","uri":"https:\/\/data.oireachtas.ie\/ie\/oireachtas\/def\/house\/dail"},"date":"2021-09-30","debateSectionId":"dbsect_29","showAs":"Defective Dwellings Bill 2021: First Stage","uri":"https:\/\/data.oireachtas.ie\/akn\/ie\/debateRecord\/dail\/2021-09-30\/debate\/main"}],"events":[{"event":{"chamber":{"chamberCode":"dail","showAs":"D\u00e1il \u00c9ireann","uri":"https:\/\/data.oireachtas.ie\/ie\/oireachtas\/def\/house\/dail"},"dates":[{"date":"2021-09-01"},{"date":"2021-09-01"},{"date":"2021-09-30"},{"date":"2025-05-01"}],"eventURI":"https:\/\/data.oireachtas.ie\/ie\/oireachtas\/def\/bill-event\/approved-for-initiation","showAs":"Approved for Initiation","uri":"https:\/\/data.oireachtas.ie\/ie\/oireachtas\/bill\/2021\/121\/approved-for-initiation"}},{"event":{"chamber":{"chamberCode":"dail","showAs":"D\u00e1il \u00c9ireann","uri":"https:\/\/data.oireachtas.ie\/ie\/oireachtas\/def\/house\/dail"},"dates":[{"date":"2024-11-08"}],"eventURI":"https:\/\/data.oireachtas.ie\/ie\/oireachtas\/def\/bill-event\/bill-lapsed","showAs":"Bill Lapsed","uri":"https:\/\/data.oireachtas.ie\/ie\/oireachtas\/bill\/2021\/121\/bill-lapsed"}}],"lastUpdated":"2025-05-02T12:48:39.270000+00:00","longTitleEn":"Bill entitled an Act to make provision for the law relating to the liability of builders, developers and others involved in the carrying out of residential construction works; to specify certain requirements applicable to residential construction works; to provide for certain duties to apply to such works; to provide for a means of redress for persons affected by housing defects and to specify the limitation periods relating to claims for such redress and to provide for related matters.","longTitleGa":"Bille d\u00e1 ngairtear Acht do dh\u00e9anamh socr\u00fa maidir leis an dl\u00ed a bhaineann le dliteanas t\u00f3g\u00e1laithe, forbr\u00f3ir\u00ed agus daoine eile at\u00e1 ag gabh\u00e1il d\u2019oibreacha foirgn\u00edochta c\u00f3naithe a dh\u00e9anamh; do shonr\u00fa ceanglais \u00e1irithe is infheidhme maidir le hoibreacha foirgn\u00edochta c\u00f3naithe; do dh\u00e9anamh socr\u00fa maidir le dualgais \u00e1irithe ag a mbeidh feidhm maidir le hoibreacha den s\u00f3rt sin; do dh\u00e9anamh socr\u00fa maidir le modh s\u00e1saimh do dhaoine d\u00e1 nd\u00e9anann lochtanna tith\u00edochta difear agus do shonr\u00fa na dtr\u00e9imhs\u00ed teorann a bhaineann le h\u00e9ilimh ar sh\u00e1samh den s\u00f3rt sin agus do dh\u00e9anamh socr\u00fa i dtaobh nithe gaolmhara.","method":"Introduced","methodURI":"https:\/\/data.oireachtas.ie\/ie\/oireachtas\/def\/bill-method\/introduced","mostRecentStage":{"event":{"chamber":{"chamberCode":"dail","showAs":"D\u00e1il \u00c9ireann","uri":"https:\/\/data.oireachtas.ie\/ie\/oireachtas\/def\/house\/dail"},"dates":[{"date":"2025-05-01"}],"house":{"chamberCode":"dail","chamberType":"house","houseCode":"dail","houseNo":"34","showAs":"34th D\u00e1il","uri":"https:\/\/data.oireachtas.ie\/ie\/oireachtas\/house\/dail\/34"},"progressStage":3,"showAs":"Committee Stage","stageCompleted":false,"stageOutcome":"Current","stageURI":"https:\/\/data.oireachtas.ie\/ie\/oireachtas\/def\/bill-stage\/3","uri":"https:\/\/data.oireachtas.ie\/ie\/oireachtas\/bill\/2021\/121\/stage\/dail\/3"}},"originHouse":{"showAs":"D\u00e1il \u00c9ireann","uri":"https:\/\/data.oireachtas.ie\/ie\/oireachtas\/def\/house\/dail"},"originHouseURI":"https:\/\/data.oireachtas.ie\/ie\/oireachtas\/def\/house\/dail","relatedDocs":[{"relatedDoc":{"date":"2021-09-30","docType":"memo","formats":{"pdf":{"uri":"https:\/\/data.oireachtas.ie\/ie\/oireachtas\/bill\/2021\/121\/eng\/memo\/b12121d-memo.pdf"},"xml":null},"lang":"eng","showAs":"Explanatory Memorandum","uri":"https:\/\/data.oireachtas.ie\/ie\/oireachtas\/bill\/2021\/121\/eng\/memo"}}],"shortTitleEn":"Defective Dwellings Bill 2021","shortTitleGa":"An Bille um Theaghais\u00ed Lochtacha, 2021","source":"Private Member","sourceURI":"https:\/\/data.oireachtas.ie\/ie\/oireachtas\/def\/bill-source\/private-member","sponsors":[{"sponsor":{"as":{"showAs":null,"uri":null},"by":{"showAs":"Francis Noel Duffy","uri":"https:\/\/data.oireachtas.ie\/ie\/oireachtas\/member\/id\/FrancisNoel-Duffy.D.2020-02-08"},"isPrimary":true}}],"stages":[{"event":{"chamber":{"chamberCode":"dail","showAs":"D\u00e1il \u00c9ireann","uri":"https:\/\/data.oireachtas.ie\/ie\/oireachtas\/def\/house\/dail"},"dates":[{"date":"2021-09-01"},{"date":"2021-09-01"},{"date":"2021-09-30"},{"date":"2021-09-30"}],"house":{"chamberCode":"dail","chamberType":"house","houseCode":"dail","houseNo":"33","showAs":"33rd D\u00e1il","uri":"https:\/\/data.oireachtas.ie\/ie\/oireachtas\/house\/dail\/33"},"progressStage":1,"showAs":"First Stage","stageCompleted":true,"stageOutcome":null,"stageURI":"https:\/\/data.oireachtas.ie\/ie\/oireachtas\/def\/bill-stage\/1","uri":"https:\/\/data.oireachtas.ie\/ie\/oireachtas\/bill\/2021\/121\/stage\/dail\/1"}},{"event":{"chamber":{"chamberCode":"dail","showAs":"D\u00e1il \u00c9ireann","uri":"https:\/\/data.oireachtas.ie\/ie\/oireachtas\/def\/house\/dail"},"dates":[{"date":"2021-09-30"},{"date":"2021-09-30"}],"house":{"chamberCode":"dail","chamberType":"house","houseCode":"dail","houseNo":"33","showAs":"33rd D\u00e1il","uri":"https:\/\/data.oireachtas.ie\/ie\/oireachtas\/house\/dail\/33"},"progressStage":2,"showAs":"Second Stage","stageCompleted":true,"stageOutcome":null,"stageURI":"https:\/\/data.oireachtas.ie\/ie\/oireachtas\/def\/bill-stage\/2","uri":"https:\/\/data.oireachtas.ie\/ie\/oireachtas\/bill\/2021\/121\/stage\/dail\/2"}},{"event":{"chamber":{"chamberCode":"dail","showAs":"D\u00e1il \u00c9ireann","uri":"https:\/\/data.oireachtas.ie\/ie\/oireachtas\/def\/house\/dail"},"dates":[{"date":"2025-05-01"}],"house":{"chamberCode":"dail","chamberType":"house","houseCode":"dail","houseNo":"34","showAs":"34th D\u00e1il","uri":"https:\/\/data.oireachtas.ie\/ie\/oireachtas\/house\/dail\/34"},"progressStage":3,"showAs":"Committee Stage","stageCompleted":false,"stageOutcome":"Current","stageURI":"https:\/\/data.oireachtas.ie\/ie\/oireachtas\/def\/bill-stage\/3","uri":"https:\/\/data.oireachtas.ie\/ie\/oireachtas\/bill\/2021\/121\/stage\/dail\/3"}}],"status":"Current","statusURI":"https:\/\/data.oireachtas.ie\/ie\/oireachtas\/def\/bill-status\/published","uri":"https:\/\/data.oireachtas.ie\/ie\/oireachtas\/bill\/2021\/121","versions":[{"version":{"date":"2021-09-30","docType":"bill","formats":{"pdf":{"uri":"https:\/\/data.oireachtas.ie\/ie\/oireachtas\/bill\/2021\/121\/eng\/initiated\/b12121d.pdf"},"xml":null},"lang":"eng","showAs":"As Initiated","uri":"https:\/\/data.oireachtas.ie\/ie\/oireachtas\/bill\/2021\/121\/eng\/initiated"}}]},"billSort":{"actNoSort":null,"actShortTitleEnSort":null,"actShortTitleGaSort":null,"actYearSort":null,"billNoSort":121,"billShortTitleEnSort":"defective-dwellings-bill-2021","billShortTitleGaSort":"an-bille-um-theaghaisi-lochtacha-2021","billYearSort":2021},"contextDate":"2025-05-01"},{"bill":{"act":null,"amendmentLists":[],"billNo":"120","billType":"Public","billTypeURI":"https:\/\/data.oireachtas.ie\/ie\/oireachtas\/def\/bill-type\/public","billYear":"2021","debates":[{"chamber":{"showAs":"Seanad \u00c9ireann","uri":"https:\/\/data.oireachtas.ie\/ie\/oireachtas\/def\/house\/seanad"},"date":"2021-11-24","debateSectionId":"dbsect_9","showAs":"Companies (Emission Reporting) Bill 2021: Second Stage","uri":"https:\/\/data.oireachtas.ie\/akn\/ie\/debateRecord\/seanad\/2021-11-24\/debate\/main"},{"chamber":{"showAs":"Seanad \u00c9ireann","uri":"https:\/\/data.oireachtas.ie\/ie\/oireachtas\/def\/house\/seanad"},"date":"2021-09-30","debateSectionId":"dbsect_9","showAs":"Companies (Emission Reporting) Bill 2021: First Stage","uri":"https:\/\/data.oireachtas.ie\/akn\/ie\/debateRecord\/seanad\/2021-09-30\/debate\/main"}],"events":[{"event":{"chamber":{"chamberCode":"seanad","showAs":"Seanad \u00c9ireann","uri":"https:\/\/data.oireachtas.ie\/ie\/oireachtas\/def\/house\/seanad"},"dates":[{"date":"2021-09-06"},{"date":"2021-09-06"},{"date":"2021-09-30"},{"date":"2025-03-04"}],"eventURI":"https:\/\/data.oireachtas.ie\/ie\/oireachtas\/def\/bill-event\/approved-for-initiation","showAs":"Approved for Initiation","uri":"https:\/\/data.oireachtas.ie\/ie\/oireachtas\/bill\/2021\/120\/approved-for-initiation"}},{"event":{"chamber":{"chamberCode":"seanad","showAs":"Seanad \u00c9ireann","uri":"https:\/\/data.oireachtas.ie\/ie\/oireachtas\/def\/house\/seanad"},"dates":[{"date":"2025-01-29"}],"eventURI":"https:\/\/data.oireachtas.ie\/ie\/oireachtas\/def\/bill-event\/bill-lapsed","showAs":"Bill Lapsed","uri":"https:\/\/data.oireachtas.ie\/ie\/oireachtas\/bill\/2021\/120\/bill-lapsed"}}],"lastUpdated":"2025-03-05T09:50:26.400000+00:00","longTitleEn":"Bill entitled an Act to require companies to make annual public disclosures in relation to the greenhouse gas emissions caused by their activities, to cause decreases in such emissions over time, to amend the Climate Action and Low Carbon Development Act 2015 and the Companies Act 2014, and to provide for related matters.","longTitleGa":"Bille d\u00e1 ngairtear Acht d\u00e1 cheangal ar chuideachta\u00ed nochta\u00ed poibl\u00ed bliant\u00fala a dh\u00e9anamh i nd\u00e1il leis na hasta\u00edochta\u00ed g\u00e1s ceaptha teasa arb iad a ngn\u00edomha\u00edochta\u00ed is c\u00fais leo, do chur faoi deara laghduithe a dh\u00e9anamh ar na hasta\u00edochta\u00ed sin le himeacht aimsire, do leas\u00fa an Achta um Ghn\u00edomh\u00fa Aer\u00e1ide agus um Fhorbairt \u00cdsealcharb\u00f3in, 2015 agus Acht na gCuideachta\u00ed, 2014, agus do dh\u00e9anamh socr\u00fa i dtaobh nithe gaolmhara.","method":"Introduced","methodURI":"https:\/\/data.oireachtas.ie\/ie\/oireachtas\/def\/bill-method\/introduced","mostRecentStage":{"event":{"chamber":{"chamberCode":"seanad","showAs":"Seanad \u00c9ireann","uri":"https:\/\/data.oireachtas.ie\/ie\/oireachtas\/def\/house\/seanad"},"dates":[{"date":"2025-01-29"},{"date":"2025-03-04"}],"house":{"chamberCode":"seanad","chamberType":"house","houseCode":"seanad","houseNo":"27","showAs":"27th Seanad","uri":"https:\/\/data.oireachtas.ie\/ie\/oireachtas\/house\/seanad\/27"},"progressStage":3,"showAs":"Committee Stage","stageCompleted":false,"stageOutcome":"Current","stageURI":"https:\/\/data.oireachtas.ie\/ie\/oireachtas\/def\/bill-stage\/3","uri":"https:\/\/data.oireachtas.ie\/ie\/oireachtas\/bill\/2021\/120\/stage\/seanad\/3"}},"originHouse":{"showAs":"Seanad \u00c9ireann","uri":"https:\/\/data.oireachtas.ie\/ie\/oireachtas\/def\/house\/seanad"},"originHouseURI":"https:\/\/data.oireachtas.ie\/ie\/oireachtas\/def\/house\/seanad","relatedDocs":[{"relatedDoc":{"date":"2021-09-30","docType":"memo","formats":{"pdf":{"uri":"https:\/\/data.oireachtas.ie\/ie\/oireachtas\/bill\/2021\/120\/eng\/memo\/b12021s-memo.pdf"},"xml":null},"lang":"eng","showAs":"Explanatory Memorandum","uri":"https:\/\/data.oireachtas.ie\/ie\/oireachtas\/bill\/2021\/120\/eng\/memo"}}],"shortTitleEn":"Companies (Emission Reporting) Bill 2021","shortTitleGa":"Bille na gCuideachta\u00ed (Tuairisci\u00fa ar Asta\u00edochta\u00ed), 2021","source":"Private Member","sourceURI":"https:\/\/data.oireachtas.ie\/ie\/oireachtas\/def\/bill-source\/private-member","sponsors":[{"sponsor":{"as":{"showAs":null,"uri":null},"by":{"showAs":"Lynn Ruane","uri":"https:\/\/data.oireachtas.ie\/ie\/oireachtas\/member\/id\/Lynn-Ruane.S.2016-04-25"},"isPrimary":true}},{"sponsor":{"as":{"showAs":null,"uri":null},"by":{"showAs":"Frances Black","uri":"https:\/\/data.oireachtas.ie\/ie\/oireachtas\/member\/id\/Frances-Black.S.2016-04-25"},"isPrimary":false}},{"sponsor":{"as":{"showAs":null,"uri":null},"by":{"showAs":"Eileen Flynn","uri":"https:\/\/data.oireachtas.ie\/ie\/oireachtas\/member\/id\/Eileen-Flynn.S.2020-06-29"},"isPrimary":false}},{"sponsor":{"as":{"showAs":null,"uri":null},"by":{"showAs":"Alice-Mary Higgins","uri":"https:\/\/data.oireachtas.ie\/ie\/oireachtas\/member\/id\/Alice-Mary-Higgins.S.2016-04-25"},"isPrimary":false}}],"stages":[{"event":{"chamber":{"chamberCode":"seanad","showAs":"Seanad \u00c9ireann","uri":"https:\/\/data.oireachtas.ie\/ie\/oireachtas\/def\/house\/seanad"},"dates":[{"date":"2021-09-06"},{"date":"2021-09-06"},{"date":"2021-09-30"},{"date":"2021-09-30"}],"house":{"chamberCode":"seanad","chamberType":"house","houseCode":"seanad","houseNo":"26","showAs":"26th Seanad","uri":"https:\/\/data.oireachtas.ie\/ie\/oireachtas\/house\/seanad\/26"},"progressStage":1,"showAs":"First Stage","stageCompleted":true,"stageOutcome":null,"stageURI":"https:\/\/data.oireachtas.ie\/ie\/oireachtas\/def\/bill-stage\/1","uri":"https:\/\/data.oireachtas.ie\/ie\/oireachtas\/bill\/2021\/120\/stage\/seanad\/1"}},{"event":{"chamber":{"chamberCode":"seanad","showAs":"Seanad \u00c9ireann","uri":"https:\/\/data.oireachtas.ie\/ie\/oireachtas\/def\/house\/seanad"},"dates":[{"date":"2021-09-30"}],"house":{"chamberCode":"seanad","chamberType":"house","houseCode":"seanad","houseNo":"26","showAs":"26th Seanad","uri":"https:\/\/data.oireachtas.ie\/ie\/oireachtas\/house\/seanad\/26"},"progressStage":2,"showAs":"Second Stage","stageCompleted":true,"stageOutcome":null,"stageURI":"https:\/\/data.oireachtas.ie\/ie\/oireachtas\/def\/bill-stage\/2","uri":"https:\/\/data.oireachtas.ie\/ie\/oireachtas\/bill\/2021\/120\/stage\/seanad\/2"}},{"event":{"chamber":{"chamberCode":"seanad","showAs":"Seanad \u00c9ireann","uri":"https:\/\/data.oireachtas.ie\/ie\/oireachtas\/def\/house\/seanad"},"dates":[{"date":"2025-01-29"},{"date":"2025-03-04"}],"house":{"chamberCode":"seanad","chamberType":"house","houseCode":"seanad","houseNo":"27","showAs":"27th Seanad","uri":"https:\/\/data.oireachtas.ie\/ie\/oireachtas\/house\/seanad\/27"},"progressStage":3,"showAs":"Committee Stage","stageCompleted":false,"stageOutcome":"Current","stageURI":"https:\/\/data.oireachtas.ie\/ie\/oireachtas\/def\/bill-stage\/3","uri":"https:\/\/data.oireachtas.ie\/ie\/oireachtas\/bill\/2021\/120\/stage\/seanad\/3"}}],"status":"Current","statusURI":"https:\/\/data.oireachtas.ie\/ie\/oireachtas\/def\/bill-status\/published","uri":"https:\/\/data.oireachtas.ie\/ie\/oireachtas\/bill\/2021\/120","versions":[{"version":{"date":"2021-09-30","docType":"bill","formats":{"pdf":{"uri":"https:\/\/data.oireachtas.ie\/ie\/oireachtas\/bill\/2021\/120\/eng\/initiated\/b12021s.pdf"},"xml":null},"lang":"eng","showAs":"As Initiated","uri":"https:\/\/data.oireachtas.ie\/ie\/oireachtas\/bill\/2021\/120\/eng\/initiated"}}]},"billSort":{"actNoSort":null,"actShortTitleEnSort":null,"actShortTitleGaSort":null,"actYearSort":null,"billNoSort":120,"billShortTitleEnSort":"companies-emission-reporting-bill-2021","billShortTitleGaSort":"bille-na-gcuideachtai-tuairisciu-ar-astaiochtai-2021","billYearSort":2021},"contextDate":"2025-03-04"},{"bill":{"act":null,"amendmentLists":[],"billNo":"119","billType":"Public","billTypeURI":"https:\/\/data.oireachtas.ie\/ie\/oireachtas\/def\/bill-type\/public","billYear":"2021","debates":[{"chamber":{"showAs":"Seanad \u00c9ireann","uri":"https:\/\/data.oireachtas.ie\/ie\/oireachtas\/def\/house\/seanad"},"date":"2021-10-06","debateSectionId":"dbsect_14","showAs":"Registration of Wills Bill 2021: Second Stage","uri":"https:\/\/data.oireachtas.ie\/akn\/ie\/debateRecord\/seanad\/2021-10-06\/debate\/main"},{"chamber":{"showAs":"Seanad \u00c9ireann","uri":"https:\/\/data.oireachtas.ie\/ie\/oireachtas\/def\/house\/seanad"},"date":"2021-09-29","debateSectionId":"dbsect_10","showAs":"Registration of Wills Bill 2021: First Stage","uri":"https:\/\/data.oireachtas.ie\/akn\/ie\/debateRecord\/seanad\/2021-09-29\/debate\/main"}],"events":[{"event":{"chamber":{"chamberCode":"seanad","showAs":"Seanad \u00c9ireann","uri":"https:\/\/data.oireachtas.ie\/ie\/oireachtas\/def\/house\/seanad"},"dates":[{"date":"2021-09-27"},{"date":"2021-09-27"},{"date":"2021-09-29"}],"eventURI":"https:\/\/data.oireachtas.ie\/ie\/oireachtas\/def\/bill-event\/approved-for-initiation","showAs":"Approved for Initiation","uri":"https:\/\/data.oireachtas.ie\/ie\/oireachtas\/bill\/2021\/119\/approved-for-initiation"}},{"event":{"chamber":{"chamberCode":"seanad","showAs":"Seanad \u00c9ireann","uri":"https:\/\/data.oireachtas.ie\/ie\/oireachtas\/def\/house\/seanad"},"dates":[{"date":"2025-01-29"}],"eventURI":"https:\/\/data.oireachtas.ie\/ie\/oireachtas\/def\/bill-event\/bill-lapsed","showAs":"Bill Lapsed","uri":"https:\/\/data.oireachtas.ie\/ie\/oireachtas\/bill\/2021\/119\/bill-lapsed"}}],"lastUpdated":"2025-01-30T11:17:37.160000+00:00","longTitleEn":"Bill entitled an Act to provide for the extension of the Civil Registration Service to the registration of certain information regarding wills and for those purposes to revise the law relating to the Civil Registration Service and to provide for related matters.","longTitleGa":"Bille d\u00e1 ngairtear Acht do dh\u00e9anamh socr\u00fa maidir leis an tSeirbh\u00eds um Chl\u00e1r\u00fa Sibhialta a leathn\u00fa chuig cl\u00e1r\u00fa faisn\u00e9ise \u00e1irithe maidir le huachtanna agus chun na gcr\u00edoch sin d'athmheas an dl\u00ed a bhaineann leis an tSeirbh\u00eds um Chl\u00e1r\u00fa Sibhialta agus do dh\u00e9anamh socr\u00fa i dtaobh nithe gaolmhara.","method":"Introduced","methodURI":"https:\/\/data.oireachtas.ie\/ie\/oireachtas\/def\/bill-method\/introduced","mostRecentStage":{"event":{"chamber":{"chamberCode":"seanad","showAs":"Seanad \u00c9ireann","uri":"https:\/\/data.oireachtas.ie\/ie\/oireachtas\/def\/house\/seanad"},"dates":[{"date":"2021-09-29"}],"house":{"chamberCode":"seanad","chamberType":"house","houseCode":"seanad","houseNo":"26","showAs":"26th Seanad","uri":"https:\/\/data.oireachtas.ie\/ie\/oireachtas\/house\/seanad\/26"},"progressStage":2,"showAs":"Second Stage","stageCompleted":true,"stageOutcome":null,"stageURI":"https:\/\/data.oireachtas.ie\/ie\/oireachtas\/def\/bill-stage\/2","uri":"https:\/\/data.oireachtas.ie\/ie\/oireachtas\/bill\/2021\/119\/stage\/seanad\/2"}},"originHouse":{"showAs":"Seanad \u00c9ireann","uri":"https:\/\/data.oireachtas.ie\/ie\/oireachtas\/def\/house\/seanad"},"originHouseURI":"https:\/\/data.oireachtas.ie\/ie\/oireachtas\/def\/house\/seanad","relatedDocs":[{"relatedDoc":{"date":"2021-09-29","docType":"memo","formats":{"pdf":{"uri":"https:\/\/data.oireachtas.ie\/ie\/oireachtas\/bill\/2021\/119\/eng\/memo\/b11921s-memo.pdf"},"xml":null},"lang":"eng","showAs":"Explanatory Memorandum","uri":"https:\/\/data.oireachtas.ie\/ie\/oireachtas\/bill\/2021\/119\/eng\/memo"}}],"shortTitleEn":"Registration of Wills Bill 2021","shortTitleGa":"An Bille um Chl\u00e1r\u00fa Uachtanna, 2021","source":"Private Member","sourceURI":"https:\/\/data.oireachtas.ie\/ie\/oireachtas\/def\/bill-source\/private-member","sponsors":[{"sponsor":{"as":{"showAs":null,"uri":null},"by":{"showAs":"Victor Boyhan","uri":"https:\/\/data.oireachtas.ie\/ie\/oireachtas\/member\/id\/Victor-Boyhan.S.2016-04-25"},"isPrimary":true}},{"sponsor":{"as":{"showAs":null,"uri":null},"by":{"showAs":"Michael McDowell","uri":"https:\/\/data.oireachtas.ie\/ie\/oireachtas\/member\/id\/Michael-McDowell.D.1987-03-10"},"isPrimary":false}},{"sponsor":{"as":{"showAs":null,"uri":null},"by":{"showAs":"Sharon Keogan","uri":"https:\/\/data.oireachtas.ie\/ie\/oireachtas\/member\/id\/Sharon-Keogan.S.2020-03-30"},"isPrimary":false}},{"sponsor":{"as":{"showAs":null,"uri":null},"by":{"showAs":"R\u00f3n\u00e1n Mullen","uri":"https:\/\/data.oireachtas.ie\/ie\/oireachtas\/member\/id\/R\u00f3n\u00e1n-Mullen.S.2007-07-23"},"isPrimary":false}},{"sponsor":{"as":{"showAs":null,"uri":null},"by":{"showAs":"David P.B. Norris","uri":"https:\/\/data.oireachtas.ie\/ie\/oireachtas\/member\/id\/David-PB-Norris.S.1987-04-25"},"isPrimary":false}},{"sponsor":{"as":{"showAs":null,"uri":null},"by":{"showAs":"Gerard P. Craughwell","uri":"https:\/\/data.oireachtas.ie\/ie\/oireachtas\/member\/id\/Gerard-P-Craughwell.S.2014-10-10"},"isPrimary":false}}],"stages":[{"event":{"chamber":{"chamberCode":"seanad","showAs":"Seanad \u00c9ireann","uri":"https:\/\/data.oireachtas.ie\/ie\/oireachtas\/def\/house\/seanad"},"dates":[{"date":"2021-09-27"},{"date":"2021-09-27"},{"date":"2021-09-29"},{"date":"2021-09-29"}],"house":{"chamberCode":"seanad","chamberType":"house","houseCode":"seanad","houseNo":"26","showAs":"26th Seanad","uri":"https:\/\/data.oireachtas.ie\/ie\/oireachtas\/house\/seanad\/26"},"progressStage":1,"showAs":"First Stage","stageCompleted":true,"stageOutcome":null,"stageURI":"https:\/\/data.oireachtas.ie\/ie\/oireachtas\/def\/bill-stage\/1","uri":"https:\/\/data.oireachtas.ie\/ie\/oireachtas\/bill\/2021\/119\/stage\/seanad\/1"}},{"event":{"chamber":{"chamberCode":"seanad","showAs":"Seanad \u00c9ireann","uri":"https:\/\/data.oireachtas.ie\/ie\/oireachtas\/def\/house\/seanad"},"dates":[{"date":"2021-09-29"}],"house":{"chamberCode":"seanad","chamberType":"house","houseCode":"seanad","houseNo":"26","showAs":"26th Seanad","uri":"https:\/\/data.oireachtas.ie\/ie\/oireachtas\/house\/seanad\/26"},"progressStage":2,"showAs":"Second Stage","stageCompleted":true,"stageOutcome":null,"stageURI":"https:\/\/data.oireachtas.ie\/ie\/oireachtas\/def\/bill-stage\/2","uri":"https:\/\/data.oireachtas.ie\/ie\/oireachtas\/bill\/2021\/119\/stage\/seanad\/2"}}],"status":"Lapsed","statusURI":"https:\/\/data.oireachtas.ie\/ie\/oireachtas\/def\/bill-status\/lapsed","uri":"https:\/\/data.oireachtas.ie\/ie\/oireachtas\/bill\/2021\/119","versions":[{"version":{"date":"2021-09-29","docType":"bill","formats":{"pdf":{"uri":"https:\/\/data.oireachtas.ie\/ie\/oireachtas\/bill\/2021\/119\/eng\/initiated\/b11921s.pdf"},"xml":null},"lang":"eng","showAs":"As Initiated","uri":"https:\/\/data.oireachtas.ie\/ie\/oireachtas\/bill\/2021\/119\/eng\/initiated"}}]},"billSort":{"actNoSort":null,"actShortTitleEnSort":null,"actShortTitleGaSort":null,"actYearSort":null,"billNoSort":119,"billShortTitleEnSort":"registration-of-wills-bill-2021","billShortTitleGaSort":"an-bille-um-chlaru-uachtanna-2021","billYearSort":2021},"contextDate":"2021-09-29"},{"bill":{"act":null,"amendmentLists":[],"billNo":"118","billType":"Public","billTypeURI":"https:\/\/data.oireachtas.ie\/ie\/oireachtas\/def\/bill-type\/public","billYear":"2021","debates":[{"chamber":{"showAs":"Seanad \u00c9ireann","uri":"https:\/\/data.oireachtas.ie\/ie\/oireachtas\/def\/house\/seanad"},"date":"2021-09-28","debateSectionId":"dbsect_9","showAs":"Land and Conveyancing Law Reform (Amendment) Bill 2021: First Stage","uri":"https:\/\/data.oireachtas.ie\/akn\/ie\/debateRecord\/seanad\/2021-09-28\/debate\/main"}],"events":[{"event":{"chamber":{"chamberCode":"seanad","showAs":"Seanad \u00c9ireann","uri":"https:\/\/data.oireachtas.ie\/ie\/oireachtas\/def\/house\/seanad"},"dates":[{"date":"2021-09-06"},{"date":"2021-09-06"},{"date":"2021-09-28"}],"eventURI":"https:\/\/data.oireachtas.ie\/ie\/oireachtas\/def\/bill-event\/approved-for-initiation","showAs":"Approved for Initiation","uri":"https:\/\/data.oireachtas.ie\/ie\/oireachtas\/bill\/2021\/118\/approved-for-initiation"}},{"event":{"chamber":{"chamberCode":"seanad","showAs":"Seanad \u00c9ireann","uri":"https:\/\/data.oireachtas.ie\/ie\/oireachtas\/def\/house\/seanad"},"dates":[{"date":"2025-01-29"}],"eventURI":"https:\/\/data.oireachtas.ie\/ie\/oireachtas\/def\/bill-event\/bill-lapsed","showAs":"Bill Lapsed","uri":"https:\/\/data.oireachtas.ie\/ie\/oireachtas\/bill\/2021\/118\/bill-lapsed"}}],"lastUpdated":"2025-01-30T11:17:37.160000+00:00","longTitleEn":"Bill entitled an Act to amend the Land and Conveyancing Law Reform Act 2009 to provide for an amendment to section 38 of the same Act to extend the period for the registration of easements and profits \u00e0 prendre.","longTitleGa":"Bille d\u00e1 ngairtear Acht do leas\u00fa an Achta um Athch\u00f3iri\u00fa an Dl\u00ed Tal\u00fan agus T\u00edolactha, 2009 chun socr\u00fa a dh\u00e9anamh maidir le leas\u00fa a dh\u00e9anamh ar alt 38 den Acht c\u00e9anna chun an tr\u00e9imhse chun \u00e9as\u00faint\u00ed agus profits \u00e0 prendre a chl\u00e1r\u00fa a fhad\u00fa.","method":"Introduced","methodURI":"https:\/\/data.oireachtas.ie\/ie\/oireachtas\/def\/bill-method\/introduced","mostRecentStage":{"event":{"chamber":{"chamberCode":"seanad","showAs":"Seanad \u00c9ireann","uri":"https:\/\/data.oireachtas.ie\/ie\/oireachtas\/def\/house\/seanad"},"dates":[{"date":"2021-09-06"},{"date":"2021-09-06"},{"date":"2021-09-28"},{"date":"2021-09-28"}],"house":{"chamberCode":"seanad","chamberType":"house","houseCode":"seanad","houseNo":"26","showAs":"26th Seanad","uri":"https:\/\/data.oireachtas.ie\/ie\/oireachtas\/house\/seanad\/26"},"progressStage":1,"showAs":"First Stage","stageCompleted":true,"stageOutcome":null,"stageURI":"https:\/\/data.oireachtas.ie\/ie\/oireachtas\/def\/bill-stage\/1","uri":"https:\/\/data.oireachtas.ie\/ie\/oireachtas\/bill\/2021\/118\/stage\/seanad\/1"}},"originHouse":{"showAs":"Seanad \u00c9ireann","uri":"https:\/\/data.oireachtas.ie\/ie\/oireachtas\/def\/house\/seanad"},"originHouseURI":"https:\/\/data.oireachtas.ie\/ie\/oireachtas\/def\/house\/seanad","relatedDocs":[],"shortTitleEn":"Land and Conveyancing Law Reform (Amendment) Bill 2021","shortTitleGa":"An Bille um Athch\u00f3iri\u00fa an Dl\u00ed Tal\u00fan agus T\u00edolactha (Leas\u00fa), 2021 ","source":"Private Member","sourceURI":"https:\/\/data.oireachtas.ie\/ie\/oireachtas\/def\/bill-source\/private-member","sponsors":[{"sponsor":{"as":{"showAs":null,"uri":null},"by":{"showAs":"Alice-Mary Higgins","uri":"https:\/\/data.oireachtas.ie\/ie\/oireachtas\/member\/id\/Alice-Mary-Higgins.S.2016-04-25"},"isPrimary":true}},{"sponsor":{"as":{"showAs":null,"uri":null},"by":{"showAs":"Lynn Ruane","uri":"https:\/\/data.oireachtas.ie\/ie\/oireachtas\/member\/id\/Lynn-Ruane.S.2016-04-25"},"isPrimary":false}},{"sponsor":{"as":{"showAs":null,"uri":null},"by":{"showAs":"Eileen Flynn","uri":"https:\/\/data.oireachtas.ie\/ie\/oireachtas\/member\/id\/Eileen-Flynn.S.2020-06-29"},"isPrimary":false}},{"sponsor":{"as":{"showAs":null,"uri":null},"by":{"showAs":"Frances Black","uri":"https:\/\/data.oireachtas.ie\/ie\/oireachtas\/member\/id\/Frances-Black.S.2016-04-25"},"isPrimary":false}}],"stages":[{"event":{"chamber":{"chamberCode":"seanad","showAs":"Seanad \u00c9ireann","uri":"https:\/\/data.oireachtas.ie\/ie\/oireachtas\/def\/house\/seanad"},"dates":[{"date":"2021-09-06"},{"date":"2021-09-06"},{"date":"2021-09-28"},{"date":"2021-09-28"}],"house":{"chamberCode":"seanad","chamberType":"house","houseCode":"seanad","houseNo":"26","showAs":"26th Seanad","uri":"https:\/\/data.oireachtas.ie\/ie\/oireachtas\/house\/seanad\/26"},"progressStage":1,"showAs":"First Stage","stageCompleted":true,"stageOutcome":null,"stageURI":"https:\/\/data.oireachtas.ie\/ie\/oireachtas\/def\/bill-stage\/1","uri":"https:\/\/data.oireachtas.ie\/ie\/oireachtas\/bill\/2021\/118\/stage\/seanad\/1"}}],"status":"Lapsed","statusURI":"https:\/\/data.oireachtas.ie\/ie\/oireachtas\/def\/bill-status\/lapsed","uri":"https:\/\/data.oireachtas.ie\/ie\/oireachtas\/bill\/2021\/118","versions":[{"version":{"date":"2021-09-28","docType":"bill","formats":{"pdf":{"uri":"https:\/\/data.oireachtas.ie\/ie\/oireachtas\/bill\/2021\/118\/eng\/initiated\/b11821s.pdf"},"xml":null},"lang":"eng","showAs":"As Initiated","uri":"https:\/\/data.oireachtas.ie\/ie\/oireachtas\/bill\/2021\/118\/eng\/initiated"}}]},"billSort":{"actNoSort":null,"actShortTitleEnSort":null,"actShortTitleGaSort":null,"actYearSort":null,"billNoSort":118,"billShortTitleEnSort":"land-and-conveyancing-law-reform-amendment-bill-2021","billShortTitleGaSort":"an-bille-um-athchoiriu-an-dli-talun-agus-tiolactha-leasu-2021","billYearSort":2021},"contextDate":"2021-09-28"},{"bill":{"act":null,"amendmentLists":[],"billNo":"117","billType":"Public","billTypeURI":"https:\/\/data.oireachtas.ie\/ie\/oireachtas\/def\/bill-type\/public","billYear":"2021","debates":[{"chamber":{"showAs":"D\u00e1il \u00c9ireann","uri":"https:\/\/data.oireachtas.ie\/ie\/oireachtas\/def\/house\/dail"},"date":"2022-02-09","debateSectionId":"dbsect_19","showAs":"Freedom of Information (Amendment) Bill 2021: Second Stage (Resumed) [Private Members]","uri":"https:\/\/data.oireachtas.ie\/akn\/ie\/debateRecord\/dail\/2022-02-09\/debate\/main"},{"chamber":{"showAs":"D\u00e1il \u00c9ireann","uri":"https:\/\/data.oireachtas.ie\/ie\/oireachtas\/def\/house\/dail"},"date":"2022-02-03","debateSectionId":"dbsect_46","showAs":"Freedom of Information (Amendment) Bill 2021: Second Stage [Private Members]","uri":"https:\/\/data.oireachtas.ie\/akn\/ie\/debateRecord\/dail\/2022-02-03\/debate\/main"},{"chamber":{"showAs":"D\u00e1il \u00c9ireann","uri":"https:\/\/data.oireachtas.ie\/ie\/oireachtas\/def\/house\/dail"},"date":"2021-09-28","debateSectionId":"dbsect_5","showAs":"Freedom of Information (Amendment) Bill 2021: First Stage","uri":"https:\/\/data.oireachtas.ie\/akn\/ie\/debateRecord\/dail\/2021-09-28\/debate\/main"}],"events":[{"event":{"chamber":{"chamberCode":"dail","showAs":"D\u00e1il \u00c9ireann","uri":"https:\/\/data.oireachtas.ie\/ie\/oireachtas\/def\/house\/dail"},"dates":[{"date":"2021-09-01"},{"date":"2021-09-01"},{"date":"2021-09-28"},{"date":"2025-05-01"}],"eventURI":"https:\/\/data.oireachtas.ie\/ie\/oireachtas\/def\/bill-event\/approved-for-initiation","showAs":"Approved for Initiation","uri":"https:\/\/data.oireachtas.ie\/ie\/oireachtas\/bill\/2021\/117\/approved-for-initiation"}},{"event":{"chamber":{"chamberCode":"dail","showAs":"D\u00e1il \u00c9ireann","uri":"https:\/\/data.oireachtas.ie\/ie\/oireachtas\/def\/house\/dail"},"dates":[{"date":"2024-11-08"}],"eventURI":"https:\/\/data.oireachtas.ie\/ie\/oireachtas\/def\/bill-event\/bill-lapsed","showAs":"Bill Lapsed","uri":"https:\/\/data.oireachtas.ie\/ie\/oireachtas\/bill\/2021\/117\/bill-lapsed"}}],"lastUpdated":"2025-05-02T13:23:57.510000+00:00","longTitleEn":"Bill entitled an Act to amend the Freedom of Information Act 2014 and to provide for related matters.","longTitleGa":"Bille d\u00e1 ngairtear Acht do leas\u00fa an Achta um Shaor\u00e1il Faisn\u00e9ise, 2014 agus do dh\u00e9anamh socr\u00fa i dtaobh nithe gaolmhara.","method":"Introduced","methodURI":"https:\/\/data.oireachtas.ie\/ie\/oireachtas\/def\/bill-method\/introduced","mostRecentStage":{"event":{"chamber":{"chamberCode":"dail","showAs":"D\u00e1il \u00c9ireann","uri":"https:\/\/data.oireachtas.ie\/ie\/oireachtas\/def\/house\/dail"},"dates":[{"date":"2024-11-08"},{"date":"2025-05-01"}],"house":{"chamberCode":"dail","chamberType":"house","houseCode":"dail","houseNo":"33","showAs":"33rd D\u00e1il","uri":"https:\/\/data.oireachtas.ie\/ie\/oireachtas\/house\/dail\/33"},"progressStage":3,"showAs":"Committee Stage","stageCompleted":false,"stageOutcome":"Current","stageURI":"https:\/\/data.oireachtas.ie\/ie\/oireachtas\/def\/bill-stage\/3","uri":"https:\/\/data.oireachtas.ie\/ie\/oireachtas\/bill\/2021\/117\/stage\/dail\/3"}},"originHouse":{"showAs":"D\u00e1il \u00c9ireann","uri":"https:\/\/data.oireachtas.ie\/ie\/oireachtas\/def\/house\/dail"},"originHouseURI":"https:\/\/data.oireachtas.ie\/ie\/oireachtas\/def\/house\/dail","relatedDocs":[{"relatedDoc":{"date":"2021-09-28","docType":"memo","formats":{"pdf":{"uri":"https:\/\/data.oireachtas.ie\/ie\/oireachtas\/bill\/2021\/117\/eng\/memo\/b11721d-memo.pdf"},"xml":null},"lang":"eng","showAs":"Explanatory Memorandum","uri":"https:\/\/data.oireachtas.ie\/ie\/oireachtas\/bill\/2021\/117\/eng\/memo"}}],"shortTitleEn":"Freedom of Information (Amendment) Bill 2021","shortTitleGa":"An Bille um Shaor\u00e1il Faisn\u00e9ise (Leas\u00fa), 2021","source":"Private Member","sourceURI":"https:\/\/data.oireachtas.ie\/ie\/oireachtas\/def\/bill-source\/private-member","sponsors":[{"sponsor":{"as":{"showAs":null,"uri":null},"by":{"showAs":"Mair\u00e9ad Farrell","uri":"https:\/\/data.oireachtas.ie\/ie\/oireachtas\/member\/id\/Mair\u00e9ad-Farrell.D.2020-02-08"},"isPrimary":true}},{"sponsor":{"as":{"showAs":null,"uri":null},"by":{"showAs":"Sorca Clarke","uri":"https:\/\/data.oireachtas.ie\/ie\/oireachtas\/member\/id\/Sorca-Clarke.D.2020-02-08"},"isPrimary":false}}],"stages":[{"event":{"chamber":{"chamberCode":"dail","showAs":"D\u00e1il \u00c9ireann","uri":"https:\/\/data.oireachtas.ie\/ie\/oireachtas\/def\/house\/dail"},"dates":[{"date":"2021-09-01"},{"date":"2021-09-01"},{"date":"2021-09-28"},{"date":"2021-09-28"}],"house":{"chamberCode":"dail","chamberType":"house","houseCode":"dail","houseNo":"33","showAs":"33rd D\u00e1il","uri":"https:\/\/data.oireachtas.ie\/ie\/oireachtas\/house\/dail\/33"},"progressStage":1,"showAs":"First Stage","stageCompleted":true,"stageOutcome":null,"stageURI":"https:\/\/data.oireachtas.ie\/ie\/oireachtas\/def\/bill-stage\/1","uri":"https:\/\/data.oireachtas.ie\/ie\/oireachtas\/bill\/2021\/117\/stage\/dail\/1"}},{"event":{"chamber":{"chamberCode":"dail","showAs":"D\u00e1il \u00c9ireann","uri":"https:\/\/data.oireachtas.ie\/ie\/oireachtas\/def\/house\/dail"},"dates":[{"date":"2021-09-28"},{"date":"2021-09-28"}],"house":{"chamberCode":"dail","chamberType":"house","houseCode":"dail","houseNo":"33","showAs":"33rd D\u00e1il","uri":"https:\/\/data.oireachtas.ie\/ie\/oireachtas\/house\/dail\/33"},"progressStage":2,"showAs":"Second Stage","stageCompleted":true,"stageOutcome":null,"stageURI":"https:\/\/data.oireachtas.ie\/ie\/oireachtas\/def\/bill-stage\/2","uri":"https:\/\/data.oireachtas.ie\/ie\/oireachtas\/bill\/2021\/117\/stage\/dail\/2"}},{"event":{"chamber":{"chamberCode":"dail","showAs":"D\u00e1il \u00c9ireann","uri":"https:\/\/data.oireachtas.ie\/ie\/oireachtas\/def\/house\/dail"},"dates":[{"date":"2024-11-08"},{"date":"2025-05-01"}],"house":{"chamberCode":"dail","chamberType":"house","houseCode":"dail","houseNo":"33","showAs":"33rd D\u00e1il","uri":"https:\/\/data.oireachtas.ie\/ie\/oireachtas\/house\/dail\/33"},"progressStage":3,"showAs":"Committee Stage","stageCompleted":false,"stageOutcome":"Current","stageURI":"https:\/\/data.oireachtas.ie\/ie\/oireachtas\/def\/bill-stage\/3","uri":"https:\/\/data.oireachtas.ie\/ie\/oireachtas\/bill\/2021\/117\/stage\/dail\/3"}}],"status":"Current","statusURI":"https:\/\/data.oireachtas.ie\/ie\/oireachtas\/def\/bill-status\/published","uri":"https:\/\/data.oireachtas.ie\/ie\/oireachtas\/bill\/2021\/117","versions":[{"version":{"date":"2021-09-28","docType":"bill","formats":{"pdf":{"uri":"https:\/\/data.oireachtas.ie\/ie\/oireachtas\/bill\/2021\/117\/eng\/initiated\/b11721d.pdf"},"xml":null},"lang":"eng","showAs":"As Initiated","uri":"https:\/\/data.oireachtas.ie\/ie\/oireachtas\/bill\/2021\/117\/eng\/initiated"}}]},"billSort":{"actNoSort":null,"actShortTitleEnSort":null,"actShortTitleGaSort":null,"actYearSort":null,"billNoSort":117,"billShortTitleEnSort":"freedom-of-information-amendment-bill-2021","billShortTitleGaSort":"an-bille-um-shaorail-faisneise-leasu-2021","billYearSort":2021},"contextDate":"2025-05-01"},{"bill":{"act":null,"amendmentLists":[],"billNo":"115","billType":"Public","billTypeURI":"https:\/\/data.oireachtas.ie\/ie\/oireachtas\/def\/bill-type\/public","billYear":"2021","debates":[{"chamber":{"showAs":"D\u00e1il \u00c9ireann","uri":"https:\/\/data.oireachtas.ie\/ie\/oireachtas\/def\/house\/dail"},"date":"2021-09-22","debateSectionId":"dbsect_12","showAs":"Local Government (Amendment) (Transparency in Allocation of Funding) Bill 2021: First Stage","uri":"https:\/\/data.oireachtas.ie\/akn\/ie\/debateRecord\/dail\/2021-09-22\/debate\/main"}],"events":[{"event":{"chamber":{"chamberCode":"dail","showAs":"D\u00e1il \u00c9ireann","uri":"https:\/\/data.oireachtas.ie\/ie\/oireachtas\/def\/house\/dail"},"dates":[{"date":"2021-09-03"},{"date":"2021-09-03"},{"date":"2021-09-22"},{"date":"2025-05-01"}],"eventURI":"https:\/\/data.oireachtas.ie\/ie\/oireachtas\/def\/bill-event\/approved-for-initiation","showAs":"Approved for Initiation","uri":"https:\/\/data.oireachtas.ie\/ie\/oireachtas\/bill\/2021\/115\/approved-for-initiation"}},{"event":{"chamber":{"chamberCode":"dail","showAs":"D\u00e1il \u00c9ireann","uri":"https:\/\/data.oireachtas.ie\/ie\/oireachtas\/def\/house\/dail"},"dates":[{"date":"2024-11-08"}],"eventURI":"https:\/\/data.oireachtas.ie\/ie\/oireachtas\/def\/bill-event\/bill-lapsed","showAs":"Bill Lapsed","uri":"https:\/\/data.oireachtas.ie\/ie\/oireachtas\/bill\/2021\/115\/bill-lapsed"}}],"lastUpdated":"2025-05-02T11:52:22.360000+00:00","longTitleEn":"Bill entitled an Act to amend the Local Government Act 1998 and provide for a statutory review of the demographics and socio-economic profile of each local authority in order to assess required funding and determine funding allocations.","longTitleGa":"Bille d\u00e1 ngairtear Acht do leas\u00fa an Achta Rialtais \u00c1iti\u00fail, 1998 agus do dh\u00e9anamh socr\u00fa maidir le hathbhreithni\u00fa reacht\u00fail ar dh\u00e9imeagrafaic agus pr\u00f3if\u00edl shocheacnama\u00edoch gach \u00fadar\u00e1is \u00e1iti\u00fail d\u2019fhonn an maoini\u00fa is g\u00e1 a mheas\u00fan\u00fa agus leithroinnt\u00ed maoinithe a chinneadh.","method":"Introduced","methodURI":"https:\/\/data.oireachtas.ie\/ie\/oireachtas\/def\/bill-method\/introduced","mostRecentStage":{"event":{"chamber":{"chamberCode":"dail","showAs":"D\u00e1il \u00c9ireann","uri":"https:\/\/data.oireachtas.ie\/ie\/oireachtas\/def\/house\/dail"},"dates":[{"date":"2024-11-08"},{"date":"2025-05-01"}],"house":{"chamberCode":"dail","chamberType":"house","houseCode":"dail","houseNo":"33","showAs":"33rd D\u00e1il","uri":"https:\/\/data.oireachtas.ie\/ie\/oireachtas\/house\/dail\/33"},"progressStage":2,"showAs":"Second Stage","stageCompleted":false,"stageOutcome":"Current","stageURI":"https:\/\/data.oireachtas.ie\/ie\/oireachtas\/def\/bill-stage\/2","uri":"https:\/\/data.oireachtas.ie\/ie\/oireachtas\/bill\/2021\/115\/stage\/dail\/2"}},"originHouse":{"showAs":"D\u00e1il \u00c9ireann","uri":"https:\/\/data.oireachtas.ie\/ie\/oireachtas\/def\/house\/dail"},"originHouseURI":"https:\/\/data.oireachtas.ie\/ie\/oireachtas\/def\/house\/dail","relatedDocs":[{"relatedDoc":{"date":"2021-09-22","docType":"memo","formats":{"pdf":{"uri":"https:\/\/data.oireachtas.ie\/ie\/oireachtas\/bill\/2021\/115\/eng\/memo\/b11521d-memo.pdf"},"xml":null},"lang":"eng","showAs":"Explanatory Memorandum","uri":"https:\/\/data.oireachtas.ie\/ie\/oireachtas\/bill\/2021\/115\/eng\/memo"}}],"shortTitleEn":"Local Government (Amendment) (Transparency in Allocation of Funding) Bill 2021","shortTitleGa":"An Bille Rialtais \u00c1iti\u00fail (Leas\u00fa) (Tr\u00e9dhearcacht maidir le Maoini\u00fa a Leithroinnt), 2021","source":"Private Member","sourceURI":"https:\/\/data.oireachtas.ie\/ie\/oireachtas\/def\/bill-source\/private-member","sponsors":[{"sponsor":{"as":{"showAs":null,"uri":null},"by":{"showAs":"Johnny Guirke","uri":"https:\/\/data.oireachtas.ie\/ie\/oireachtas\/member\/id\/Johnny-Guirke.D.2020-02-08"},"isPrimary":true}}],"stages":[{"event":{"chamber":{"chamberCode":"dail","showAs":"D\u00e1il \u00c9ireann","uri":"https:\/\/data.oireachtas.ie\/ie\/oireachtas\/def\/house\/dail"},"dates":[{"date":"2021-09-03"},{"date":"2021-09-03"},{"date":"2021-09-22"},{"date":"2021-09-22"}],"house":{"chamberCode":"dail","chamberType":"house","houseCode":"dail","houseNo":"33","showAs":"33rd D\u00e1il","uri":"https:\/\/data.oireachtas.ie\/ie\/oireachtas\/house\/dail\/33"},"progressStage":1,"showAs":"First Stage","stageCompleted":true,"stageOutcome":null,"stageURI":"https:\/\/data.oireachtas.ie\/ie\/oireachtas\/def\/bill-stage\/1","uri":"https:\/\/data.oireachtas.ie\/ie\/oireachtas\/bill\/2021\/115\/stage\/dail\/1"}},{"event":{"chamber":{"chamberCode":"dail","showAs":"D\u00e1il \u00c9ireann","uri":"https:\/\/data.oireachtas.ie\/ie\/oireachtas\/def\/house\/dail"},"dates":[{"date":"2024-11-08"},{"date":"2025-05-01"}],"house":{"chamberCode":"dail","chamberType":"house","houseCode":"dail","houseNo":"33","showAs":"33rd D\u00e1il","uri":"https:\/\/data.oireachtas.ie\/ie\/oireachtas\/house\/dail\/33"},"progressStage":2,"showAs":"Second Stage","stageCompleted":false,"stageOutcome":"Current","stageURI":"https:\/\/data.oireachtas.ie\/ie\/oireachtas\/def\/bill-stage\/2","uri":"https:\/\/data.oireachtas.ie\/ie\/oireachtas\/bill\/2021\/115\/stage\/dail\/2"}}],"status":"Current","statusURI":"https:\/\/data.oireachtas.ie\/ie\/oireachtas\/def\/bill-status\/published","uri":"https:\/\/data.oireachtas.ie\/ie\/oireachtas\/bill\/2021\/115","versions":[{"version":{"date":"2021-09-22","docType":"bill","formats":{"pdf":{"uri":"https:\/\/data.oireachtas.ie\/ie\/oireachtas\/bill\/2021\/115\/eng\/initiated\/b11521d.pdf"},"xml":null},"lang":"eng","showAs":"As Initiated","uri":"https:\/\/data.oireachtas.ie\/ie\/oireachtas\/bill\/2021\/115\/eng\/initiated"}}]},"billSort":{"actNoSort":null,"actShortTitleEnSort":null,"actShortTitleGaSort":null,"actYearSort":null,"billNoSort":115,"billShortTitleEnSort":"local-government-amendment-transparency-in-allocation-of-funding-bill-2021","billShortTitleGaSort":"an-bille-rialtais-aitiuil-leasu-tredhearcacht-maidir-le-maoiniu-a-leithroinnt-2021","billYearSort":2021},"contextDate":"2025-05-01"},{"bill":{"act":null,"amendmentLists":[],"billNo":"114","billType":"Public","billTypeURI":"https:\/\/data.oireachtas.ie\/ie\/oireachtas\/def\/bill-type\/public","billYear":"2021","debates":[{"chamber":{"showAs":"D\u00e1il \u00c9ireann","uri":"https:\/\/data.oireachtas.ie\/ie\/oireachtas\/def\/house\/dail"},"date":"2021-09-21","debateSectionId":"dbsect_6","showAs":"Housing (Housing Assistance Payment Waiting Times) (Miscellaneous Provisions) (Amendment) Bill 2021: First Stage","uri":"https:\/\/data.oireachtas.ie\/akn\/ie\/debateRecord\/dail\/2021-09-21\/debate\/main"}],"events":[{"event":{"chamber":{"chamberCode":"dail","showAs":"D\u00e1il \u00c9ireann","uri":"https:\/\/data.oireachtas.ie\/ie\/oireachtas\/def\/house\/dail"},"dates":[{"date":"2021-01-25"},{"date":"2021-01-25"},{"date":"2021-09-21"},{"date":"2025-05-27"}],"eventURI":"https:\/\/data.oireachtas.ie\/ie\/oireachtas\/def\/bill-event\/approved-for-initiation","showAs":"Approved for Initiation","uri":"https:\/\/data.oireachtas.ie\/ie\/oireachtas\/bill\/2021\/114\/approved-for-initiation"}},{"event":{"chamber":{"chamberCode":"dail","showAs":"D\u00e1il \u00c9ireann","uri":"https:\/\/data.oireachtas.ie\/ie\/oireachtas\/def\/house\/dail"},"dates":[{"date":"2024-11-08"}],"eventURI":"https:\/\/data.oireachtas.ie\/ie\/oireachtas\/def\/bill-event\/bill-lapsed","showAs":"Bill Lapsed","uri":"https:\/\/data.oireachtas.ie\/ie\/oireachtas\/bill\/2021\/114\/bill-lapsed"}}],"lastUpdated":"2025-05-28T08:42:37.850000+00:00","longTitleEn":"Bill entitled an Act to amend the Housing (Miscellaneous Provisions) Act 2009, Housing (Miscellaneous Provisions) Act 2014 and subsequent regulations to reduce social housing and housing assistance payment scheme assessment times.","longTitleGa":"Bille d\u00e1 ngairtear Acht do leas\u00fa Acht na dTithe (For\u00e1lacha Ilghn\u00e9itheacha), 2009, Acht na dTithe (For\u00e1lacha Ilghn\u00e9itheacha), 2014 agus rialach\u00e1in d\u00e1 \u00e9is sin chun na tr\u00e9imhs\u00ed meas\u00fanachta a laghd\u00fa maidir le tith\u00edocht sh\u00f3isialta agus maidir leis an sc\u00e9im um \u00edoca\u00edocht c\u00fanaimh tith\u00edochta.","method":"Introduced","methodURI":"https:\/\/data.oireachtas.ie\/ie\/oireachtas\/def\/bill-method\/introduced","mostRecentStage":{"event":{"chamber":{"chamberCode":"dail","showAs":"D\u00e1il \u00c9ireann","uri":"https:\/\/data.oireachtas.ie\/ie\/oireachtas\/def\/house\/dail"},"dates":[{"date":"2021-09-21"},{"date":"2021-09-21"}],"house":{"chamberCode":"dail","chamberType":"house","houseCode":"dail","houseNo":"33","showAs":"33rd D\u00e1il","uri":"https:\/\/data.oireachtas.ie\/ie\/oireachtas\/house\/dail\/33"},"progressStage":2,"showAs":"Second Stage","stageCompleted":false,"stageOutcome":"Current","stageURI":"https:\/\/data.oireachtas.ie\/ie\/oireachtas\/def\/bill-stage\/2","uri":"https:\/\/data.oireachtas.ie\/ie\/oireachtas\/bill\/2021\/114\/stage\/dail\/2"}},"originHouse":{"showAs":"D\u00e1il \u00c9ireann","uri":"https:\/\/data.oireachtas.ie\/ie\/oireachtas\/def\/house\/dail"},"originHouseURI":"https:\/\/data.oireachtas.ie\/ie\/oireachtas\/def\/house\/dail","relatedDocs":[{"relatedDoc":{"date":"2021-09-21","docType":"memo","formats":{"pdf":{"uri":"https:\/\/data.oireachtas.ie\/ie\/oireachtas\/bill\/2021\/114\/eng\/memo\/b11421d-memo.pdf"},"xml":null},"lang":"eng","showAs":"Explanatory Memorandum","uri":"https:\/\/data.oireachtas.ie\/ie\/oireachtas\/bill\/2021\/114\/eng\/memo"}}],"shortTitleEn":"Housing (Housing Assistance Payment Waiting Times) (Miscellaneous Provisions) (Amendment) Bill 2021\n","shortTitleGa":"Bille na dTithe (Tr\u00e9imhs\u00ed Feithimh maidir le h\u00cdoca\u00edocht C\u00fanaimh Tith\u00edochta) (For\u00e1lacha Ilghn\u00e9itheacha) (Leas\u00fa), 2021","source":"Private Member","sourceURI":"https:\/\/data.oireachtas.ie\/ie\/oireachtas\/def\/bill-source\/private-member","sponsors":[{"sponsor":{"as":{"showAs":null,"uri":null},"by":{"showAs":"Jennifer Murnane O'Connor","uri":"https:\/\/data.oireachtas.ie\/ie\/oireachtas\/member\/id\/Jennifer-Murnane-O'Connor.S.2016-04-25"},"isPrimary":true}}],"stages":[{"event":{"chamber":{"chamberCode":"dail","showAs":"D\u00e1il \u00c9ireann","uri":"https:\/\/data.oireachtas.ie\/ie\/oireachtas\/def\/house\/dail"},"dates":[{"date":"2021-01-25"},{"date":"2021-01-25"},{"date":"2021-09-21"},{"date":"2021-09-21"}],"house":{"chamberCode":"dail","chamberType":"house","houseCode":"dail","houseNo":"33","showAs":"33rd D\u00e1il","uri":"https:\/\/data.oireachtas.ie\/ie\/oireachtas\/house\/dail\/33"},"progressStage":1,"showAs":"First Stage","stageCompleted":true,"stageOutcome":null,"stageURI":"https:\/\/data.oireachtas.ie\/ie\/oireachtas\/def\/bill-stage\/1","uri":"https:\/\/data.oireachtas.ie\/ie\/oireachtas\/bill\/2021\/114\/stage\/dail\/1"}},{"event":{"chamber":{"chamberCode":"dail","showAs":"D\u00e1il \u00c9ireann","uri":"https:\/\/data.oireachtas.ie\/ie\/oireachtas\/def\/house\/dail"},"dates":[{"date":"2021-09-21"},{"date":"2021-09-21"}],"house":{"chamberCode":"dail","chamberType":"house","houseCode":"dail","houseNo":"33","showAs":"33rd D\u00e1il","uri":"https:\/\/data.oireachtas.ie\/ie\/oireachtas\/house\/dail\/33"},"progressStage":2,"showAs":"Second Stage","stageCompleted":false,"stageOutcome":"Current","stageURI":"https:\/\/data.oireachtas.ie\/ie\/oireachtas\/def\/bill-stage\/2","uri":"https:\/\/data.oireachtas.ie\/ie\/oireachtas\/bill\/2021\/114\/stage\/dail\/2"}}],"status":"Current","statusURI":"https:\/\/data.oireachtas.ie\/ie\/oireachtas\/def\/bill-status\/published","uri":"https:\/\/data.oireachtas.ie\/ie\/oireachtas\/bill\/2021\/114","versions":[{"version":{"date":"2021-09-21","docType":"bill","formats":{"pdf":{"uri":"https:\/\/data.oireachtas.ie\/ie\/oireachtas\/bill\/2021\/114\/eng\/initiated\/b11421d.pdf"},"xml":null},"lang":"eng","showAs":"As Initiated","uri":"https:\/\/data.oireachtas.ie\/ie\/oireachtas\/bill\/2021\/114\/eng\/initiated"}}]},"billSort":{"actNoSort":null,"actShortTitleEnSort":null,"actShortTitleGaSort":null,"actYearSort":null,"billNoSort":114,"billShortTitleEnSort":"housing-housing-assistance-payment-waiting-times-miscellaneous-provisions-amendment-bill-2021","billShortTitleGaSort":"bille-na-dtithe-treimhsi-feithimh-maidir-le-hiocaiocht-cunaimh-tithiochta-foralacha-ilghneitheacha-leasu-2021","billYearSort":2021},"contextDate":"2021-09-21"},{"bill":{"act":null,"amendmentLists":[],"billNo":"112","billType":"Public","billTypeURI":"https:\/\/data.oireachtas.ie\/ie\/oireachtas\/def\/bill-type\/public","billYear":"2021","debates":[{"chamber":{"showAs":"D\u00e1il \u00c9ireann","uri":"https:\/\/data.oireachtas.ie\/ie\/oireachtas\/def\/house\/dail"},"date":"2021-09-22","debateSectionId":"dbsect_8","showAs":"Residential Tenancies (Tenants' Rights) Bill 2021: Second Stage [Private Members]","uri":"https:\/\/data.oireachtas.ie\/akn\/ie\/debateRecord\/dail\/2021-09-22\/debate\/main"},{"chamber":{"showAs":"D\u00e1il \u00c9ireann","uri":"https:\/\/data.oireachtas.ie\/ie\/oireachtas\/def\/house\/dail"},"date":"2021-09-16","debateSectionId":"dbsect_35","showAs":"Residential Tenancies (Tenants' Rights) Bill 2021: First Stage","uri":"https:\/\/data.oireachtas.ie\/akn\/ie\/debateRecord\/dail\/2021-09-16\/debate\/main"}],"events":[{"event":{"chamber":{"chamberCode":"dail","showAs":"D\u00e1il \u00c9ireann","uri":"https:\/\/data.oireachtas.ie\/ie\/oireachtas\/def\/house\/dail"},"dates":[{"date":"2021-09-03"},{"date":"2021-09-03"},{"date":"2021-09-16"},{"date":"2025-05-01"}],"eventURI":"https:\/\/data.oireachtas.ie\/ie\/oireachtas\/def\/bill-event\/approved-for-initiation","showAs":"Approved for Initiation","uri":"https:\/\/data.oireachtas.ie\/ie\/oireachtas\/bill\/2021\/112\/approved-for-initiation"}},{"event":{"chamber":{"chamberCode":"dail","showAs":"D\u00e1il \u00c9ireann","uri":"https:\/\/data.oireachtas.ie\/ie\/oireachtas\/def\/house\/dail"},"dates":[{"date":"2024-11-08"}],"eventURI":"https:\/\/data.oireachtas.ie\/ie\/oireachtas\/def\/bill-event\/bill-lapsed","showAs":"Bill Lapsed","uri":"https:\/\/data.oireachtas.ie\/ie\/oireachtas\/bill\/2021\/112\/bill-lapsed"}}],"lastUpdated":"2025-05-02T11:32:11.110000+00:00","longTitleEn":"Bill entitled an Act to amend the Residential Tenancies Acts 2004 to 2020 so as to provide for greater security of tenure and rent certainty for tenants, and to provide for connected matters.","longTitleGa":"Bille d\u00e1 ngairtear Acht do leas\u00fa na nAchtanna um Thion\u00f3ntachta\u00ed C\u00f3naithe, 2004 go 2020 chun socr\u00fa a dh\u00e9anamh maidir le r\u00e1tha\u00edocht tionachta n\u00edos m\u00f3 agus cinnteacht c\u00edosa le haghaidh tion\u00f3nta\u00ed, agus do dh\u00e9anamh socr\u00fa i dtaobh nithe comhghaolmhara.","method":"Introduced","methodURI":"https:\/\/data.oireachtas.ie\/ie\/oireachtas\/def\/bill-method\/introduced","mostRecentStage":{"event":{"chamber":{"chamberCode":"dail","showAs":"D\u00e1il \u00c9ireann","uri":"https:\/\/data.oireachtas.ie\/ie\/oireachtas\/def\/house\/dail"},"dates":[{"date":"2024-11-08"},{"date":"2025-05-01"}],"house":{"chamberCode":"dail","chamberType":"house","houseCode":"dail","houseNo":"33","showAs":"33rd D\u00e1il","uri":"https:\/\/data.oireachtas.ie\/ie\/oireachtas\/house\/dail\/33"},"progressStage":3,"showAs":"Committee Stage","stageCompleted":false,"stageOutcome":"Current","stageURI":"https:\/\/data.oireachtas.ie\/ie\/oireachtas\/def\/bill-stage\/3","uri":"https:\/\/data.oireachtas.ie\/ie\/oireachtas\/bill\/2021\/112\/stage\/dail\/3"}},"originHouse":{"showAs":"D\u00e1il \u00c9ireann","uri":"https:\/\/data.oireachtas.ie\/ie\/oireachtas\/def\/house\/dail"},"originHouseURI":"https:\/\/data.oireachtas.ie\/ie\/oireachtas\/def\/house\/dail","relatedDocs":[{"relatedDoc":{"date":"2021-09-16","docType":"memo","formats":{"pdf":{"uri":"https:\/\/data.oireachtas.ie\/ie\/oireachtas\/bill\/2021\/112\/eng\/memo\/b11221d-memo.pdf"},"xml":null},"lang":"eng","showAs":"Explanatory Memorandum","uri":"https:\/\/data.oireachtas.ie\/ie\/oireachtas\/bill\/2021\/112\/eng\/memo"}}],"shortTitleEn":"Residential Tenancies (Tenants' Rights) Bill 2021","shortTitleGa":"An Bille um Thion\u00f3ntachta\u00ed C\u00f3naithe (Cearta Tion\u00f3nta\u00ed), 2021","source":"Private Member","sourceURI":"https:\/\/data.oireachtas.ie\/ie\/oireachtas\/def\/bill-source\/private-member","sponsors":[{"sponsor":{"as":{"showAs":null,"uri":null},"by":{"showAs":"Ivana Bacik","uri":"https:\/\/data.oireachtas.ie\/ie\/oireachtas\/member\/id\/Ivana-Bacik.S.2007-07-23"},"isPrimary":true}}],"stages":[{"event":{"chamber":{"chamberCode":"dail","showAs":"D\u00e1il \u00c9ireann","uri":"https:\/\/data.oireachtas.ie\/ie\/oireachtas\/def\/house\/dail"},"dates":[{"date":"2021-09-03"},{"date":"2021-09-03"},{"date":"2021-09-16"},{"date":"2021-09-16"}],"house":{"chamberCode":"dail","chamberType":"house","houseCode":"dail","houseNo":"33","showAs":"33rd D\u00e1il","uri":"https:\/\/data.oireachtas.ie\/ie\/oireachtas\/house\/dail\/33"},"progressStage":1,"showAs":"First Stage","stageCompleted":true,"stageOutcome":null,"stageURI":"https:\/\/data.oireachtas.ie\/ie\/oireachtas\/def\/bill-stage\/1","uri":"https:\/\/data.oireachtas.ie\/ie\/oireachtas\/bill\/2021\/112\/stage\/dail\/1"}},{"event":{"chamber":{"chamberCode":"dail","showAs":"D\u00e1il \u00c9ireann","uri":"https:\/\/data.oireachtas.ie\/ie\/oireachtas\/def\/house\/dail"},"dates":[{"date":"2021-09-16"}],"house":{"chamberCode":"dail","chamberType":"house","houseCode":"dail","houseNo":"33","showAs":"33rd D\u00e1il","uri":"https:\/\/data.oireachtas.ie\/ie\/oireachtas\/house\/dail\/33"},"progressStage":2,"showAs":"Second Stage","stageCompleted":true,"stageOutcome":null,"stageURI":"https:\/\/data.oireachtas.ie\/ie\/oireachtas\/def\/bill-stage\/2","uri":"https:\/\/data.oireachtas.ie\/ie\/oireachtas\/bill\/2021\/112\/stage\/dail\/2"}},{"event":{"chamber":{"chamberCode":"dail","showAs":"D\u00e1il \u00c9ireann","uri":"https:\/\/data.oireachtas.ie\/ie\/oireachtas\/def\/house\/dail"},"dates":[{"date":"2024-11-08"},{"date":"2025-05-01"}],"house":{"chamberCode":"dail","chamberType":"house","houseCode":"dail","houseNo":"33","showAs":"33rd D\u00e1il","uri":"https:\/\/data.oireachtas.ie\/ie\/oireachtas\/house\/dail\/33"},"progressStage":3,"showAs":"Committee Stage","stageCompleted":false,"stageOutcome":"Current","stageURI":"https:\/\/data.oireachtas.ie\/ie\/oireachtas\/def\/bill-stage\/3","uri":"https:\/\/data.oireachtas.ie\/ie\/oireachtas\/bill\/2021\/112\/stage\/dail\/3"}}],"status":"Current","statusURI":"https:\/\/data.oireachtas.ie\/ie\/oireachtas\/def\/bill-status\/published","uri":"https:\/\/data.oireachtas.ie\/ie\/oireachtas\/bill\/2021\/112","versions":[{"version":{"date":"2021-09-16","docType":"bill","formats":{"pdf":{"uri":"https:\/\/data.oireachtas.ie\/ie\/oireachtas\/bill\/2021\/112\/eng\/initiated\/b11221d.pdf"},"xml":null},"lang":"eng","showAs":"As Initiated","uri":"https:\/\/data.oireachtas.ie\/ie\/oireachtas\/bill\/2021\/112\/eng\/initiated"}}]},"billSort":{"actNoSort":null,"actShortTitleEnSort":null,"actShortTitleGaSort":null,"actYearSort":null,"billNoSort":112,"billShortTitleEnSort":"residential-tenancies-tenants-rights-bill-2021","billShortTitleGaSort":"an-bille-um-thionontachtai-conaithe-cearta-tionontai-2021","billYearSort":2021},"contextDate":"2025-05-01"},{"bill":{"act":null,"amendmentLists":[],"billNo":"110","billType":"Public","billTypeURI":"https:\/\/data.oireachtas.ie\/ie\/oireachtas\/def\/bill-type\/public","billYear":"2021","debates":[{"chamber":{"showAs":"D\u00e1il \u00c9ireann","uri":"https:\/\/data.oireachtas.ie\/ie\/oireachtas\/def\/house\/dail"},"date":"2025-12-10","debateSectionId":"dbsect_50","showAs":"Just Transition (Worker and Community Environmental Rights) Bill 2021: Second Stage (Resumed) [Private Members]","uri":"https:\/\/data.oireachtas.ie\/akn\/ie\/debateRecord\/dail\/2025-12-10\/debate\/main"},{"chamber":{"showAs":"D\u00e1il \u00c9ireann","uri":"https:\/\/data.oireachtas.ie\/ie\/oireachtas\/def\/house\/dail"},"date":"2025-12-04","debateSectionId":"dbsect_50","showAs":"Just Transition (Worker and Community Environmental Rights) Bill 2021: Second Stage [Private Members]","uri":"https:\/\/data.oireachtas.ie\/akn\/ie\/debateRecord\/dail\/2025-12-04\/debate\/main"},{"chamber":{"showAs":"D\u00e1il \u00c9ireann","uri":"https:\/\/data.oireachtas.ie\/ie\/oireachtas\/def\/house\/dail"},"date":"2021-09-15","debateSectionId":"dbsect_6","showAs":"Just Transition (Worker and Community Environmental Rights) Bill 2021: First Stage","uri":"https:\/\/data.oireachtas.ie\/akn\/ie\/debateRecord\/dail\/2021-09-15\/debate\/main"}],"events":[{"event":{"chamber":{"chamberCode":"dail","showAs":"D\u00e1il \u00c9ireann","uri":"https:\/\/data.oireachtas.ie\/ie\/oireachtas\/def\/house\/dail"},"dates":[{"date":"2021-09-03"},{"date":"2021-09-03"},{"date":"2021-09-15"},{"date":"2025-05-01"},{"date":"2025-12-10"}],"eventURI":"https:\/\/data.oireachtas.ie\/ie\/oireachtas\/def\/bill-event\/approved-for-initiation","showAs":"Approved for Initiation","uri":"https:\/\/data.oireachtas.ie\/ie\/oireachtas\/bill\/2021\/110\/approved-for-initiation"}},{"event":{"chamber":{"chamberCode":"dail","showAs":"D\u00e1il \u00c9ireann","uri":"https:\/\/data.oireachtas.ie\/ie\/oireachtas\/def\/house\/dail"},"dates":[{"date":"2024-11-08"}],"eventURI":"https:\/\/data.oireachtas.ie\/ie\/oireachtas\/def\/bill-event\/bill-lapsed","showAs":"Bill Lapsed","uri":"https:\/\/data.oireachtas.ie\/ie\/oireachtas\/bill\/2021\/110\/bill-lapsed"}}],"lastUpdated":"2025-12-11T14:49:54.980000+00:00","longTitleEn":"Bill entitled an Act to provide for the establishment of a body to be known as An Coimisi\u00fan N\u00e1isi\u00fanta um Thrasdul C\u00f3ir or, in the English language, the National Just Transition Commission to oversee the bringing together of workers, communities, employers and government in social dialogue to drive the plans, policies and investments needed for a fair transformation to a low-carbon economy; to require the preparation, by certain prescribed bodies, of just transition plans; to provide for the conferral of other functions on the said body; to amend the Climate Action and Low Carbon Development Act 2015 (as amended by the 2021 Act); and to provide for related matters.","longTitleGa":"Bille d\u00e1 ngairtear Acht do dh\u00e9anamh socr\u00fa maidir le comhlacht a bhun\u00fa ar a dtabharfar an Coimisi\u00fan N\u00e1isi\u00fanta um Thrasdul C\u00f3ir n\u00f3, sa Bh\u00e9arla, the National Just Transition Commission, chun formhaoirsi\u00fa a dh\u00e9anamh ar thabhairt le ch\u00e9ile oibrithe, pobal, fost\u00f3ir\u00ed agus rialtais in idirphl\u00e9 s\u00f3isialta, ionas go gcuirfear chun tosaigh na pleananna, na beartais agus na hinfheist\u00edochta\u00ed is g\u00e1 d\u2019fhonn bunathr\u00fa cothrom chuig geilleagar \u00edsealcharb\u00f3in a thabhairt i dt\u00edr; d\u00e1 cheangal ar chomhlachta\u00ed forordaithe \u00e1irithe pleananna um thrasdul c\u00f3ir a ullmh\u00fa; do dh\u00e9anamh socr\u00fa maidir le feidhmeanna eile a thabhairt don chomhlacht sin a d\u00faradh; do leas\u00fa an Achta um Ghn\u00edomh\u00fa ar son na hAer\u00e1ide agus um Fhorbairt \u00cdsealcharb\u00f3in, 2015 (arna leas\u00fa le hAcht 2021); agus do dh\u00e9anamh socr\u00fa i dtaobh nithe gaolmhara.","method":"Introduced","methodURI":"https:\/\/data.oireachtas.ie\/ie\/oireachtas\/def\/bill-method\/introduced","mostRecentStage":{"event":{"chamber":{"chamberCode":"dail","showAs":"D\u00e1il \u00c9ireann","uri":"https:\/\/data.oireachtas.ie\/ie\/oireachtas\/def\/house\/dail"},"dates":[{"date":"2021-09-15"},{"date":"2021-09-15"},{"date":"2021-09-15"},{"date":"2021-09-15"}],"house":{"chamberCode":"dail","chamberType":"house","houseCode":"dail","houseNo":"33","showAs":"33rd D\u00e1il","uri":"https:\/\/data.oireachtas.ie\/ie\/oireachtas\/house\/dail\/33"},"progressStage":2,"showAs":"Second Stage","stageCompleted":true,"stageOutcome":null,"stageURI":"https:\/\/data.oireachtas.ie\/ie\/oireachtas\/def\/bill-stage\/2","uri":"https:\/\/data.oireachtas.ie\/ie\/oireachtas\/bill\/2021\/110\/stage\/dail\/2"}},"originHouse":{"showAs":"D\u00e1il \u00c9ireann","uri":"https:\/\/data.oireachtas.ie\/ie\/oireachtas\/def\/house\/dail"},"originHouseURI":"https:\/\/data.oireachtas.ie\/ie\/oireachtas\/def\/house\/dail","relatedDocs":[{"relatedDoc":{"date":"2021-09-15","docType":"memo","formats":{"pdf":{"uri":"https:\/\/data.oireachtas.ie\/ie\/oireachtas\/bill\/2021\/110\/eng\/memo\/b11021d-memo.pdf"},"xml":null},"lang":"eng","showAs":"Explanatory Memorandum","uri":"https:\/\/data.oireachtas.ie\/ie\/oireachtas\/bill\/2021\/110\/eng\/memo"}}],"shortTitleEn":"Just Transition (Worker and Community Environmental Rights) Bill 2021","shortTitleGa":"An Bille um Thrasdul C\u00f3ir (Cearta Comhshaoil Oibrithe agus Pobail), 2021","source":"Private Member","sourceURI":"https:\/\/data.oireachtas.ie\/ie\/oireachtas\/def\/bill-source\/private-member","sponsors":[{"sponsor":{"isPrimary":true,"as":{"showAs":null,"uri":null},"by":{"showAs":"Jennifer Whitmore","uri":"https:\/\/data.oireachtas.ie\/ie\/oireachtas\/member\/id\/Jennifer-Whitmore.D.2020-02-08"}}}],"stages":[{"event":{"chamber":{"chamberCode":"dail","showAs":"D\u00e1il \u00c9ireann","uri":"https:\/\/data.oireachtas.ie\/ie\/oireachtas\/def\/house\/dail"},"dates":[{"date":"2021-09-03"},{"date":"2021-09-03"},{"date":"2021-09-15"},{"date":"2021-09-15"}],"house":{"chamberCode":"dail","chamberType":"house","houseCode":"dail","houseNo":"33","showAs":"33rd D\u00e1il","uri":"https:\/\/data.oireachtas.ie\/ie\/oireachtas\/house\/dail\/33"},"progressStage":1,"showAs":"First Stage","stageCompleted":true,"stageOutcome":null,"stageURI":"https:\/\/data.oireachtas.ie\/ie\/oireachtas\/def\/bill-stage\/1","uri":"https:\/\/data.oireachtas.ie\/ie\/oireachtas\/bill\/2021\/110\/stage\/dail\/1"}},{"event":{"chamber":{"chamberCode":"dail","showAs":"D\u00e1il \u00c9ireann","uri":"https:\/\/data.oireachtas.ie\/ie\/oireachtas\/def\/house\/dail"},"dates":[{"date":"2021-09-15"},{"date":"2021-09-15"},{"date":"2021-09-15"},{"date":"2021-09-15"}],"house":{"chamberCode":"dail","chamberType":"house","houseCode":"dail","houseNo":"33","showAs":"33rd D\u00e1il","uri":"https:\/\/data.oireachtas.ie\/ie\/oireachtas\/house\/dail\/33"},"progressStage":2,"showAs":"Second Stage","stageCompleted":true,"stageOutcome":null,"stageURI":"https:\/\/data.oireachtas.ie\/ie\/oireachtas\/def\/bill-stage\/2","uri":"https:\/\/data.oireachtas.ie\/ie\/oireachtas\/bill\/2021\/110\/stage\/dail\/2"}}],"status":"Defeated","statusURI":"https:\/\/data.oireachtas.ie\/ie\/oireachtas\/def\/bill-status\/defeated","uri":"https:\/\/data.oireachtas.ie\/ie\/oireachtas\/bill\/2021\/110","versions":[{"version":{"lang":"eng","docType":"bill","showAs":"As Initiated","date":"2021-09-15","formats":{"pdf":{"uri":"https:\/\/data.oireachtas.ie\/ie\/oireachtas\/bill\/2021\/110\/eng\/initiated\/b11021d.pdf"},"xml":null},"uri":"https:\/\/data.oireachtas.ie\/ie\/oireachtas\/bill\/2021\/110\/eng\/initiated"}}]},"contextDate":"2021-09-15","billSort":{"actNoSort":null,"actShortTitleEnSort":null,"actShortTitleGaSort":null,"actYearSort":null,"billNoSort":110,"billShortTitleEnSort":"just-transition-worker-and-community-environmental-rights-bill-2021","billShortTitleGaSort":"an-bille-um-thrasdul-coir-cearta-comhshaoil-oibrithe-agus-pobail-2021","billYearSort":2021}},{"bill":{"act":null,"amendmentLists":[{"amendmentList":{"amendmentTypeUri":{"uri":"https:\/\/data.oireachtas.ie\/ie\/oireachtas\/def\/amendment-type\/numberedList"},"chamber":{"showAs":"Seanad","uri":"https:\/\/data.oireachtas.ie\/ie\/oireachtas\/def\/seanad"},"date":"2022-01-27","formats":{"pdf":{"uri":"https:\/\/data.oireachtas.ie\/ie\/oireachtas\/bill\/2021\/101\/seanad\/3\/amendment\/numberedList\/eng\/b10121s-scnl.pdf"},"xml":null},"showAs":"Numbered List [Seanad]","stage":{"showAs":"Committee Stage","uri":"https:\/\/data.oireachtas.ie\/ie\/oireachtas\/bill\/2021\/101\/seanad\/3"},"stageNo":"3"}}],"billNo":"101","billType":"Public","billTypeURI":"https:\/\/data.oireachtas.ie\/ie\/oireachtas\/def\/bill-type\/public","billYear":"2021","debates":[{"chamber":{"showAs":"Seanad \u00c9ireann","uri":"https:\/\/data.oireachtas.ie\/ie\/oireachtas\/def\/house\/seanad"},"date":"2022-02-09","debateSectionId":"dbsect_11","showAs":"Non-Fatal Offences Against the Person (Amendment) (Stalking) Bill 2021: Report and Final Stages","uri":"https:\/\/data.oireachtas.ie\/akn\/ie\/debateRecord\/seanad\/2022-02-09\/debate\/main"},{"chamber":{"showAs":"Seanad \u00c9ireann","uri":"https:\/\/data.oireachtas.ie\/ie\/oireachtas\/def\/house\/seanad"},"date":"2022-01-27","debateSectionId":"dbsect_11","showAs":"Non-Fatal Offences Against the Person (Amendment) (Stalking) Bill 2021: Committee Stage","uri":"https:\/\/data.oireachtas.ie\/akn\/ie\/debateRecord\/seanad\/2022-01-27\/debate\/main"},{"chamber":{"showAs":"Seanad \u00c9ireann","uri":"https:\/\/data.oireachtas.ie\/ie\/oireachtas\/def\/house\/seanad"},"date":"2021-09-22","debateSectionId":"dbsect_16","showAs":"Non-Fatal Offences Against the Person (Amendment) (Stalking) Bill 2021: Second Stage","uri":"https:\/\/data.oireachtas.ie\/akn\/ie\/debateRecord\/seanad\/2021-09-22\/debate\/main"},{"chamber":{"showAs":"Seanad \u00c9ireann","uri":"https:\/\/data.oireachtas.ie\/ie\/oireachtas\/def\/house\/seanad"},"date":"2021-07-15","debateSectionId":"dbsect_5","showAs":"Non-Fatal Offences Against the Person (Amendment) (Stalking) Bill 2021: First Stage","uri":"https:\/\/data.oireachtas.ie\/akn\/ie\/debateRecord\/seanad\/2021-07-15\/debate\/main"}],"events":[{"event":{"chamber":{"chamberCode":"seanad","showAs":"Seanad \u00c9ireann","uri":"https:\/\/data.oireachtas.ie\/ie\/oireachtas\/def\/house\/seanad"},"dates":[{"date":"2021-04-29"},{"date":"2021-07-08"},{"date":"2021-07-15"},{"date":"2025-05-27"}],"eventURI":"https:\/\/data.oireachtas.ie\/ie\/oireachtas\/def\/bill-event\/admissibility-for-introduction","showAs":"Admissibility for Introduction","uri":"https:\/\/data.oireachtas.ie\/ie\/oireachtas\/bill\/2021\/101\/admissibility-for-introduction"}},{"event":{"chamber":{"chamberCode":"dail","showAs":"D\u00e1il \u00c9ireann","uri":"https:\/\/data.oireachtas.ie\/ie\/oireachtas\/def\/house\/dail"},"dates":[{"date":"2024-11-08"}],"eventURI":"https:\/\/data.oireachtas.ie\/ie\/oireachtas\/def\/bill-event\/bill-lapsed","showAs":"Bill Lapsed","uri":"https:\/\/data.oireachtas.ie\/ie\/oireachtas\/bill\/2021\/101\/bill-lapsed"}}],"lastUpdated":"2025-05-28T08:45:29.570000+00:00","longTitleEn":"Bill entitled an Act to provide for a specific offence of stalking characterised by repeated, unwanted behaviour that occurs as a result of fixation or obsession and causes alarm, distress or harm to the victim and to provide for related matters.","longTitleGa":"Bille d\u00e1 ngairtear Acht do dh\u00e9anamh socr\u00fa maidir le cion sonrach arb \u00e9ard \u00e9 stalcaireacht, arb \u00e9 an phr\u00edomhthr\u00e9ith a ghabhann l\u00e9i iompar gan iarraidh, ar\u00eds agus ar\u00eds eile, a tharla\u00edonn mar thoradh ar ghream\u00fa n\u00f3 d\u00faghabh\u00e1il, agus ar c\u00fais \u00e9 le scaoll a chur san \u00edospartach, an\u00f3 a chur air n\u00f3 uirthi n\u00f3 d\u00edobh\u00e1il a dh\u00e9anamh d\u00f3 n\u00f3 di agus do dh\u00e9anamh socr\u00fa i dtaobh nithe gaolmhara.","method":"Introduced","methodURI":"https:\/\/data.oireachtas.ie\/ie\/oireachtas\/def\/bill-method\/introduced","mostRecentStage":{"event":{"chamber":{"chamberCode":"dail","showAs":"D\u00e1il \u00c9ireann","uri":"https:\/\/data.oireachtas.ie\/ie\/oireachtas\/def\/house\/dail"},"dates":[{"date":"2024-11-08"},{"date":"2025-05-27"}],"house":{"chamberCode":"dail","chamberType":"house","houseCode":"dail","houseNo":"33","showAs":"33rd D\u00e1il","uri":"https:\/\/data.oireachtas.ie\/ie\/oireachtas\/house\/dail\/33"},"progressStage":6,"showAs":"Second Stage","stageCompleted":false,"stageOutcome":"Current","stageURI":"https:\/\/data.oireachtas.ie\/ie\/oireachtas\/def\/bill-stage\/2","uri":"https:\/\/data.oireachtas.ie\/ie\/oireachtas\/bill\/2021\/101\/stage\/dail\/2"}},"originHouse":{"showAs":"Seanad \u00c9ireann","uri":"https:\/\/data.oireachtas.ie\/ie\/oireachtas\/def\/house\/seanad"},"originHouseURI":"https:\/\/data.oireachtas.ie\/ie\/oireachtas\/def\/house\/seanad","relatedDocs":[{"relatedDoc":{"date":"2021-07-15","docType":"memo","formats":{"pdf":{"uri":"https:\/\/data.oireachtas.ie\/ie\/oireachtas\/bill\/2021\/101\/eng\/memo\/b10121s-memo.pdf"},"xml":null},"lang":"eng","showAs":"Explanatory Memorandum","uri":"https:\/\/data.oireachtas.ie\/ie\/oireachtas\/bill\/2021\/101\/eng\/memo"}}],"shortTitleEn":"Non-Fatal Offences Against the Person (Amendment) (Stalking) Bill 2021","shortTitleGa":"An Bille um Chionta Neamh-Mharfacha in aghaidh an Duine (Leas\u00fa) (Stalcaireacht), 2021","source":"Private Member","sourceURI":"https:\/\/data.oireachtas.ie\/ie\/oireachtas\/def\/bill-source\/private-member","sponsors":[{"sponsor":{"as":{"showAs":null,"uri":null},"by":{"showAs":"Lisa Chambers","uri":"https:\/\/data.oireachtas.ie\/ie\/oireachtas\/member\/id\/Lisa-Chambers.D.2016-10-03"},"isPrimary":true}},{"sponsor":{"as":{"showAs":null,"uri":null},"by":{"showAs":"Erin McGreehan","uri":"https:\/\/data.oireachtas.ie\/ie\/oireachtas\/member\/id\/Erin-McGreehan.S.2020-06-29"},"isPrimary":false}},{"sponsor":{"as":{"showAs":null,"uri":null},"by":{"showAs":"Mary Fitzpatrick","uri":"https:\/\/data.oireachtas.ie\/ie\/oireachtas\/member\/id\/Mary-Fitzpatrick.S.2020-06-29"},"isPrimary":false}}],"stages":[{"event":{"chamber":{"chamberCode":"seanad","showAs":"Seanad \u00c9ireann","uri":"https:\/\/data.oireachtas.ie\/ie\/oireachtas\/def\/house\/seanad"},"dates":[{"date":"2021-04-29"},{"date":"2021-07-08"},{"date":"2021-07-15"},{"date":"2021-07-15"}],"house":{"chamberCode":"seanad","chamberType":"house","houseCode":"seanad","houseNo":"26","showAs":"26th Seanad","uri":"https:\/\/data.oireachtas.ie\/ie\/oireachtas\/house\/seanad\/26"},"progressStage":1,"showAs":"First Stage","stageCompleted":true,"stageOutcome":null,"stageURI":"https:\/\/data.oireachtas.ie\/ie\/oireachtas\/def\/bill-stage\/1","uri":"https:\/\/data.oireachtas.ie\/ie\/oireachtas\/bill\/2021\/101\/stage\/seanad\/1"}},{"event":{"chamber":{"chamberCode":"seanad","showAs":"Seanad \u00c9ireann","uri":"https:\/\/data.oireachtas.ie\/ie\/oireachtas\/def\/house\/seanad"},"dates":[{"date":"2021-07-15"}],"house":{"chamberCode":"seanad","chamberType":"house","houseCode":"seanad","houseNo":"26","showAs":"26th Seanad","uri":"https:\/\/data.oireachtas.ie\/ie\/oireachtas\/house\/seanad\/26"},"progressStage":2,"showAs":"Second Stage","stageCompleted":true,"stageOutcome":null,"stageURI":"https:\/\/data.oireachtas.ie\/ie\/oireachtas\/def\/bill-stage\/2","uri":"https:\/\/data.oireachtas.ie\/ie\/oireachtas\/bill\/2021\/101\/stage\/seanad\/2"}},{"event":{"chamber":{"chamberCode":"seanad","showAs":"Seanad \u00c9ireann","uri":"https:\/\/data.oireachtas.ie\/ie\/oireachtas\/def\/house\/seanad"},"dates":[{"date":"2021-09-22"}],"house":{"chamberCode":"seanad","chamberType":"house","houseCode":"seanad","houseNo":"26","showAs":"26th Seanad","uri":"https:\/\/data.oireachtas.ie\/ie\/oireachtas\/house\/seanad\/26"},"progressStage":3,"showAs":"Committee Stage","stageCompleted":true,"stageOutcome":null,"stageURI":"https:\/\/data.oireachtas.ie\/ie\/oireachtas\/def\/bill-stage\/3","uri":"https:\/\/data.oireachtas.ie\/ie\/oireachtas\/bill\/2021\/101\/stage\/seanad\/3"}},{"event":{"chamber":{"chamberCode":"seanad","showAs":"Seanad \u00c9ireann","uri":"https:\/\/data.oireachtas.ie\/ie\/oireachtas\/def\/house\/seanad"},"dates":[{"date":"2022-01-27"}],"house":{"chamberCode":"seanad","chamberType":"house","houseCode":"seanad","houseNo":"26","showAs":"26th Seanad","uri":"https:\/\/data.oireachtas.ie\/ie\/oireachtas\/house\/seanad\/26"},"progressStage":4,"showAs":"Report Stage","stageCompleted":true,"stageOutcome":null,"stageURI":"https:\/\/data.oireachtas.ie\/ie\/oireachtas\/def\/bill-stage\/4","uri":"https:\/\/data.oireachtas.ie\/ie\/oireachtas\/bill\/2021\/101\/stage\/seanad\/4"}},{"event":{"chamber":{"chamberCode":"seanad","showAs":"Seanad \u00c9ireann","uri":"https:\/\/data.oireachtas.ie\/ie\/oireachtas\/def\/house\/seanad"},"dates":[{"date":"2022-02-09"}],"house":{"chamberCode":"seanad","chamberType":"house","houseCode":"seanad","houseNo":"26","showAs":"26th Seanad","uri":"https:\/\/data.oireachtas.ie\/ie\/oireachtas\/house\/seanad\/26"},"progressStage":5,"showAs":"Fifth Stage","stageCompleted":true,"stageOutcome":null,"stageURI":"https:\/\/data.oireachtas.ie\/ie\/oireachtas\/def\/bill-stage\/5","uri":"https:\/\/data.oireachtas.ie\/ie\/oireachtas\/bill\/2021\/101\/stage\/seanad\/5"}},{"event":{"chamber":{"chamberCode":"dail","showAs":"D\u00e1il \u00c9ireann","uri":"https:\/\/data.oireachtas.ie\/ie\/oireachtas\/def\/house\/dail"},"dates":[{"date":"2024-11-08"},{"date":"2025-05-27"}],"house":{"chamberCode":"dail","chamberType":"house","houseCode":"dail","houseNo":"33","showAs":"33rd D\u00e1il","uri":"https:\/\/data.oireachtas.ie\/ie\/oireachtas\/house\/dail\/33"},"progressStage":6,"showAs":"Second Stage","stageCompleted":false,"stageOutcome":"Current","stageURI":"https:\/\/data.oireachtas.ie\/ie\/oireachtas\/def\/bill-stage\/2","uri":"https:\/\/data.oireachtas.ie\/ie\/oireachtas\/bill\/2021\/101\/stage\/dail\/2"}}],"status":"Current","statusURI":"https:\/\/data.oireachtas.ie\/ie\/oireachtas\/def\/bill-status\/published","uri":"https:\/\/data.oireachtas.ie\/ie\/oireachtas\/bill\/2021\/101","versions":[{"version":{"date":"2021-07-15","docType":"bill","formats":{"pdf":{"uri":"https:\/\/data.oireachtas.ie\/ie\/oireachtas\/bill\/2021\/101\/eng\/initiated\/b10121s.pdf"},"xml":null},"lang":"eng","showAs":"As Initiated","uri":"https:\/\/data.oireachtas.ie\/ie\/oireachtas\/bill\/2021\/101\/eng\/initiated"}}]},"billSort":{"actNoSort":null,"actShortTitleEnSort":null,"actShortTitleGaSort":null,"actYearSort":null,"billNoSort":101,"billShortTitleEnSort":"non-fatal-offences-against-the-person-amendment-stalking-bill-2021","billShortTitleGaSort":"an-bille-um-chionta-neamh-mharfacha-in-aghaidh-an-duine-leasu-stalcaireacht-2021","billYearSort":2021},"contextDate":"2025-05-27"},{"bill":{"act":null,"amendmentLists":[],"billNo":"98","billType":"Public","billTypeURI":"https:\/\/data.oireachtas.ie\/ie\/oireachtas\/def\/bill-type\/public","billYear":"2021","debates":[{"chamber":{"showAs":"Seanad \u00c9ireann","uri":"https:\/\/data.oireachtas.ie\/ie\/oireachtas\/def\/house\/seanad"},"date":"2021-07-05","debateSectionId":"dbsect_11","showAs":"National Minimum Wage (Removal of Sub-minimum Rates of Pay) Bill 2021: First Stage","uri":"https:\/\/data.oireachtas.ie\/akn\/ie\/debateRecord\/seanad\/2021-07-05\/debate\/main"}],"events":[{"event":{"chamber":{"chamberCode":"seanad","showAs":"Seanad \u00c9ireann","uri":"https:\/\/data.oireachtas.ie\/ie\/oireachtas\/def\/house\/seanad"},"dates":[{"date":"2021-05-17"},{"date":"2021-07-05"}],"eventURI":"https:\/\/data.oireachtas.ie\/ie\/oireachtas\/def\/bill-event\/admissibility-for-introduction","showAs":"Admissibility for Introduction","uri":"https:\/\/data.oireachtas.ie\/ie\/oireachtas\/bill\/2021\/98\/admissibility-for-introduction"}},{"event":{"chamber":{"chamberCode":"seanad","showAs":"Seanad \u00c9ireann","uri":"https:\/\/data.oireachtas.ie\/ie\/oireachtas\/def\/house\/seanad"},"dates":[{"date":"2025-01-29"}],"eventURI":"https:\/\/data.oireachtas.ie\/ie\/oireachtas\/def\/bill-event\/bill-lapsed","showAs":"Bill Lapsed","uri":"https:\/\/data.oireachtas.ie\/ie\/oireachtas\/bill\/2021\/98\/bill-lapsed"}}],"lastUpdated":"2025-01-30T11:17:37.160000+00:00","longTitleEn":"Bill entitled an Act to amend the National Minimum Wage Act 2000 to end sub-minimum rates of pay for those who have attained the age of 16, and for those who are entering their first two years of employment.","longTitleGa":"Bille d\u00e1 ngairtear Acht do leas\u00fa an Achta um P\u00e1 \u00cdosta N\u00e1isi\u00fanta, 2000 chun deireadh a chur le r\u00e1ta\u00ed p\u00e1 fo-\u00edosta do dhaoine a bhfuil 16 bliana d\u2019aois sl\u00e1naithe acu, agus do dhaoine at\u00e1 ag dul isteach sa ch\u00e9ad d\u00e1 bhliain d\u00e1 bhfosta\u00edocht.","method":"Introduced","methodURI":"https:\/\/data.oireachtas.ie\/ie\/oireachtas\/def\/bill-method\/introduced","mostRecentStage":{"event":{"chamber":{"chamberCode":"seanad","showAs":"Seanad \u00c9ireann","uri":"https:\/\/data.oireachtas.ie\/ie\/oireachtas\/def\/house\/seanad"},"dates":[{"date":"2021-05-17"},{"date":"2021-07-05"},{"date":"2021-07-05"}],"house":{"chamberCode":"seanad","chamberType":"house","houseCode":"seanad","houseNo":"26","showAs":"26th Seanad","uri":"https:\/\/data.oireachtas.ie\/ie\/oireachtas\/house\/seanad\/26"},"progressStage":1,"showAs":"First Stage","stageCompleted":true,"stageOutcome":null,"stageURI":"https:\/\/data.oireachtas.ie\/ie\/oireachtas\/def\/bill-stage\/1","uri":"https:\/\/data.oireachtas.ie\/ie\/oireachtas\/bill\/2021\/98\/stage\/seanad\/1"}},"originHouse":{"showAs":"Seanad \u00c9ireann","uri":"https:\/\/data.oireachtas.ie\/ie\/oireachtas\/def\/house\/seanad"},"originHouseURI":"https:\/\/data.oireachtas.ie\/ie\/oireachtas\/def\/house\/seanad","relatedDocs":[],"shortTitleEn":"National Minimum Wage (Removal of Sub-minimum Rates of Pay) Bill 2021","shortTitleGa":"An Bille um P\u00e1 \u00cdosta N\u00e1isi\u00fanta (Deireadh a Chur le R\u00e1ta\u00ed P\u00e1 Fo-\u00cdosta), 2021","source":"Private Member","sourceURI":"https:\/\/data.oireachtas.ie\/ie\/oireachtas\/def\/bill-source\/private-member","sponsors":[{"sponsor":{"as":{"showAs":null,"uri":null},"by":{"showAs":"Paul Gavan","uri":"https:\/\/data.oireachtas.ie\/ie\/oireachtas\/member\/id\/Paul-Gavan.S.2016-04-25"},"isPrimary":true}}],"stages":[{"event":{"chamber":{"chamberCode":"seanad","showAs":"Seanad \u00c9ireann","uri":"https:\/\/data.oireachtas.ie\/ie\/oireachtas\/def\/house\/seanad"},"dates":[{"date":"2021-05-17"},{"date":"2021-07-05"},{"date":"2021-07-05"}],"house":{"chamberCode":"seanad","chamberType":"house","houseCode":"seanad","houseNo":"26","showAs":"26th Seanad","uri":"https:\/\/data.oireachtas.ie\/ie\/oireachtas\/house\/seanad\/26"},"progressStage":1,"showAs":"First Stage","stageCompleted":true,"stageOutcome":null,"stageURI":"https:\/\/data.oireachtas.ie\/ie\/oireachtas\/def\/bill-stage\/1","uri":"https:\/\/data.oireachtas.ie\/ie\/oireachtas\/bill\/2021\/98\/stage\/seanad\/1"}}],"status":"Lapsed","statusURI":"https:\/\/data.oireachtas.ie\/ie\/oireachtas\/def\/bill-status\/lapsed","uri":"https:\/\/data.oireachtas.ie\/ie\/oireachtas\/bill\/2021\/98","versions":[{"version":{"date":"2021-07-05","docType":"bill","formats":{"pdf":{"uri":"https:\/\/data.oireachtas.ie\/ie\/oireachtas\/bill\/2021\/98\/eng\/initiated\/b9821s.pdf"},"xml":null},"lang":"eng","showAs":"As Initiated","uri":"https:\/\/data.oireachtas.ie\/ie\/oireachtas\/bill\/2021\/98\/eng\/initiated"}}]},"billSort":{"actNoSort":null,"actShortTitleEnSort":null,"actShortTitleGaSort":null,"actYearSort":null,"billNoSort":98,"billShortTitleEnSort":"national-minimum-wage-removal-of-sub-minimum-rates-of-pay-bill-2021","billShortTitleGaSort":"an-bille-um-pa-iosta-naisiunta-deireadh-a-chur-le-ratai-pa-fo-iosta-2021","billYearSort":2021},"contextDate":"2021-07-05"},{"bill":{"act":null,"amendmentLists":[],"billNo":"94","billType":"Public","billTypeURI":"https:\/\/data.oireachtas.ie\/ie\/oireachtas\/def\/bill-type\/public","billYear":"2021","debates":[{"chamber":{"showAs":"Seanad \u00c9ireann","uri":"https:\/\/data.oireachtas.ie\/ie\/oireachtas\/def\/house\/seanad"},"date":"2021-06-28","debateSectionId":"dbsect_11","showAs":"Worker Co-Operatives and Right To Buy Bill 2021: First Stage","uri":"https:\/\/data.oireachtas.ie\/akn\/ie\/debateRecord\/seanad\/2021-06-28\/debate\/main"}],"events":[{"event":{"chamber":{"chamberCode":"seanad","showAs":"Seanad \u00c9ireann","uri":"https:\/\/data.oireachtas.ie\/ie\/oireachtas\/def\/house\/seanad"},"dates":[{"date":"2021-05-19"},{"date":"2021-06-28"}],"eventURI":"https:\/\/data.oireachtas.ie\/ie\/oireachtas\/def\/bill-event\/admissibility-for-introduction","showAs":"Admissibility for Introduction","uri":"https:\/\/data.oireachtas.ie\/ie\/oireachtas\/bill\/2021\/94\/admissibility-for-introduction"}},{"event":{"chamber":{"chamberCode":"seanad","showAs":"Seanad \u00c9ireann","uri":"https:\/\/data.oireachtas.ie\/ie\/oireachtas\/def\/house\/seanad"},"dates":[{"date":"2025-01-29"}],"eventURI":"https:\/\/data.oireachtas.ie\/ie\/oireachtas\/def\/bill-event\/bill-lapsed","showAs":"Bill Lapsed","uri":"https:\/\/data.oireachtas.ie\/ie\/oireachtas\/bill\/2021\/94\/bill-lapsed"}}],"lastUpdated":"2025-01-30T11:17:37.160000+00:00","longTitleEn":"Bill entitled an Act to amend the law relating to industrial and provident societies and for that purpose to amend the Industrial and Provident Societies Act 1893 and to provide for connected matters.","longTitleGa":"Bille d\u00e1 ngairtear Acht do leas\u00fa an dl\u00ed a bhaineann le cumainn tionscail agus sol\u00e1thair agus, chun na cr\u00edche sin, do leas\u00fa an Industrial and Provident Societies Act 1893 agus do dh\u00e9anamh socr\u00fa i dtaobh nithe comhghaolmhara.","method":"Introduced","methodURI":"https:\/\/data.oireachtas.ie\/ie\/oireachtas\/def\/bill-method\/introduced","mostRecentStage":{"event":{"chamber":{"chamberCode":"seanad","showAs":"Seanad \u00c9ireann","uri":"https:\/\/data.oireachtas.ie\/ie\/oireachtas\/def\/house\/seanad"},"dates":[{"date":"2021-05-19"},{"date":"2021-06-28"},{"date":"2021-06-28"}],"house":{"chamberCode":"seanad","chamberType":"house","houseCode":"seanad","houseNo":"26","showAs":"26th Seanad","uri":"https:\/\/data.oireachtas.ie\/ie\/oireachtas\/house\/seanad\/26"},"progressStage":1,"showAs":"First Stage","stageCompleted":true,"stageOutcome":null,"stageURI":"https:\/\/data.oireachtas.ie\/ie\/oireachtas\/def\/bill-stage\/1","uri":"https:\/\/data.oireachtas.ie\/ie\/oireachtas\/bill\/2021\/94\/stage\/seanad\/1"}},"originHouse":{"showAs":"Seanad \u00c9ireann","uri":"https:\/\/data.oireachtas.ie\/ie\/oireachtas\/def\/house\/seanad"},"originHouseURI":"https:\/\/data.oireachtas.ie\/ie\/oireachtas\/def\/house\/seanad","relatedDocs":[],"shortTitleEn":"Worker Co-Operatives and Right To Buy Bill 2021","shortTitleGa":"An Bille um Chomharchumainn Oibrithe agus Ceart Ceannaigh, 2021","source":"Private Member","sourceURI":"https:\/\/data.oireachtas.ie\/ie\/oireachtas\/def\/bill-source\/private-member","sponsors":[{"sponsor":{"as":{"showAs":null,"uri":null},"by":{"showAs":"Paul Gavan","uri":"https:\/\/data.oireachtas.ie\/ie\/oireachtas\/member\/id\/Paul-Gavan.S.2016-04-25"},"isPrimary":true}}],"stages":[{"event":{"chamber":{"chamberCode":"seanad","showAs":"Seanad \u00c9ireann","uri":"https:\/\/data.oireachtas.ie\/ie\/oireachtas\/def\/house\/seanad"},"dates":[{"date":"2021-05-19"},{"date":"2021-06-28"},{"date":"2021-06-28"}],"house":{"chamberCode":"seanad","chamberType":"house","houseCode":"seanad","houseNo":"26","showAs":"26th Seanad","uri":"https:\/\/data.oireachtas.ie\/ie\/oireachtas\/house\/seanad\/26"},"progressStage":1,"showAs":"First Stage","stageCompleted":true,"stageOutcome":null,"stageURI":"https:\/\/data.oireachtas.ie\/ie\/oireachtas\/def\/bill-stage\/1","uri":"https:\/\/data.oireachtas.ie\/ie\/oireachtas\/bill\/2021\/94\/stage\/seanad\/1"}}],"status":"Lapsed","statusURI":"https:\/\/data.oireachtas.ie\/ie\/oireachtas\/def\/bill-status\/lapsed","uri":"https:\/\/data.oireachtas.ie\/ie\/oireachtas\/bill\/2021\/94","versions":[{"version":{"date":"2021-06-28","docType":"bill","formats":{"pdf":{"uri":"https:\/\/data.oireachtas.ie\/ie\/oireachtas\/bill\/2021\/94\/eng\/initiated\/b9421s.pdf"},"xml":null},"lang":"eng","showAs":"As Initiated","uri":"https:\/\/data.oireachtas.ie\/ie\/oireachtas\/bill\/2021\/94\/eng\/initiated"}}]},"billSort":{"actNoSort":null,"actShortTitleEnSort":null,"actShortTitleGaSort":null,"actYearSort":null,"billNoSort":94,"billShortTitleEnSort":"worker-co-operatives-and-right-to-buy-bill-2021","billShortTitleGaSort":"an-bille-um-chomharchumainn-oibrithe-agus-ceart-ceannaigh-2021","billYearSort":2021},"contextDate":"2021-06-28"},{"bill":{"act":null,"amendmentLists":[],"billNo":"88","billType":"Public","billTypeURI":"https:\/\/data.oireachtas.ie\/ie\/oireachtas\/def\/bill-type\/public","billYear":"2021","debates":[{"chamber":{"showAs":"Seanad \u00c9ireann","uri":"https:\/\/data.oireachtas.ie\/ie\/oireachtas\/def\/house\/seanad"},"date":"2022-02-16","debateSectionId":"dbsect_11","showAs":"Planning and Development (Solar Panels for Public Buildings, Schools, Homes and Other Premises) (Amendment) Bill 2021: Committee Stage","uri":"https:\/\/data.oireachtas.ie\/akn\/ie\/debateRecord\/seanad\/2022-02-16\/debate\/main"},{"chamber":{"showAs":"Seanad \u00c9ireann","uri":"https:\/\/data.oireachtas.ie\/ie\/oireachtas\/def\/house\/seanad"},"date":"2021-06-28","debateSectionId":"dbsect_18","showAs":"Planning and Development (Solar Panels for Public Buildings, Schools, Homes and Other Premises) (Amendment) Bill 2021: Second Stage","uri":"https:\/\/data.oireachtas.ie\/akn\/ie\/debateRecord\/seanad\/2021-06-28\/debate\/main"},{"chamber":{"showAs":"Seanad \u00c9ireann","uri":"https:\/\/data.oireachtas.ie\/ie\/oireachtas\/def\/house\/seanad"},"date":"2021-06-21","debateSectionId":"dbsect_12","showAs":"Planning and Development (Solar Panels for Public Buildings, Schools, Homes and Other Premises) (Amendment) Bill 2021: First Stage","uri":"https:\/\/data.oireachtas.ie\/akn\/ie\/debateRecord\/seanad\/2021-06-21\/debate\/main"}],"events":[{"event":{"chamber":{"chamberCode":"seanad","showAs":"Seanad \u00c9ireann","uri":"https:\/\/data.oireachtas.ie\/ie\/oireachtas\/def\/house\/seanad"},"dates":[{"date":"2021-06-16"},{"date":"2021-06-21"}],"eventURI":"https:\/\/data.oireachtas.ie\/ie\/oireachtas\/def\/bill-event\/admissibility-for-introduction","showAs":"Admissibility for Introduction","uri":"https:\/\/data.oireachtas.ie\/ie\/oireachtas\/bill\/2021\/88\/admissibility-for-introduction"}},{"event":{"chamber":{"chamberCode":"seanad","showAs":"Seanad \u00c9ireann","uri":"https:\/\/data.oireachtas.ie\/ie\/oireachtas\/def\/house\/seanad"},"dates":[{"date":"2025-01-29"}],"eventURI":"https:\/\/data.oireachtas.ie\/ie\/oireachtas\/def\/bill-event\/bill-lapsed","showAs":"Bill Lapsed","uri":"https:\/\/data.oireachtas.ie\/ie\/oireachtas\/bill\/2021\/88\/bill-lapsed"}}],"lastUpdated":"2025-01-30T11:17:37.160000+00:00","longTitleEn":"Bill entitled an Act to amend S.I. No. 600 of 2001 of the Planning and Development Regulations, 2001, to provide for the removal of planning restrictions relating to installations of solar panels on public buildings including schools, homes, industrial buildings, light industrial buildings and agricultural holdings, and to provide for related matters. \n","longTitleGa":"Bille d\u00e1 ngairtear Acht do leas\u00fa I.R. Uimh. 600 de 2001 de na Rialach\u00e1in um Plean\u00e1il agus Forbairt, 2001, chun socr\u00fa a dh\u00e9anamh maidir le srianta plean\u00e1la a bhaint, ar srianta plean\u00e1la iad a bhaineann le grianphain\u00e9il a shuite\u00e1il ar fhoirgnimh phoibl\u00ed lena n-\u00e1ir\u00edtear scoileanna, teaghais\u00ed, foirgnimh thionscail, foirgnimh tionscail \u00e9adroim agus gabh\u00e1ltais talmha\u00edochta, agus do dh\u00e9anamh socr\u00fa i dtaobh nithe gaolmhara.","method":"Introduced","methodURI":"https:\/\/data.oireachtas.ie\/ie\/oireachtas\/def\/bill-method\/introduced","mostRecentStage":{"event":{"chamber":{"chamberCode":"seanad","showAs":"Seanad \u00c9ireann","uri":"https:\/\/data.oireachtas.ie\/ie\/oireachtas\/def\/house\/seanad"},"dates":[{"date":"2021-06-28"}],"house":{"chamberCode":"seanad","chamberType":"house","houseCode":"seanad","houseNo":"26","showAs":"26th Seanad","uri":"https:\/\/data.oireachtas.ie\/ie\/oireachtas\/house\/seanad\/26"},"progressStage":3,"showAs":"Committee Stage","stageCompleted":true,"stageOutcome":null,"stageURI":"https:\/\/data.oireachtas.ie\/ie\/oireachtas\/def\/bill-stage\/3","uri":"https:\/\/data.oireachtas.ie\/ie\/oireachtas\/bill\/2021\/88\/stage\/seanad\/3"}},"originHouse":{"showAs":"Seanad \u00c9ireann","uri":"https:\/\/data.oireachtas.ie\/ie\/oireachtas\/def\/house\/seanad"},"originHouseURI":"https:\/\/data.oireachtas.ie\/ie\/oireachtas\/def\/house\/seanad","relatedDocs":[{"relatedDoc":{"date":"2021-06-21","docType":"memo","formats":{"pdf":{"uri":"https:\/\/data.oireachtas.ie\/ie\/oireachtas\/bill\/2021\/88\/eng\/memo\/b8821s-memo.pdf"},"xml":null},"lang":"eng","showAs":"Explanatory Memorandum","uri":"https:\/\/data.oireachtas.ie\/ie\/oireachtas\/bill\/2021\/88\/eng\/memo"}}],"shortTitleEn":"Planning and Development (Solar Panels for Public Buildings, Schools, Homes and Other Premises) (Amendment) Bill 2021","shortTitleGa":"An Bille um Plean\u00e1il agus Forbairt (Grianphain\u00e9il le haghaidh Foirgnimh Phoibl\u00ed, Scoileanna, Teaghais\u00ed agus \u00c1itribh Eile) (Leas\u00fa), 2021","source":"Private Member","sourceURI":"https:\/\/data.oireachtas.ie\/ie\/oireachtas\/def\/bill-source\/private-member","sponsors":[{"sponsor":{"as":{"showAs":null,"uri":null},"by":{"showAs":"Pauline O'Reilly","uri":"https:\/\/data.oireachtas.ie\/ie\/oireachtas\/member\/id\/Pauline-O'Reilly.S.2020-03-30"},"isPrimary":true}},{"sponsor":{"as":{"showAs":null,"uri":null},"by":{"showAs":"R\u00f3is\u00edn Garvey","uri":"https:\/\/data.oireachtas.ie\/ie\/oireachtas\/member\/id\/R\u00f3is\u00edn-Garvey.S.2020-06-29"},"isPrimary":false}},{"sponsor":{"as":{"showAs":null,"uri":null},"by":{"showAs":"Vincent P. Martin","uri":"https:\/\/data.oireachtas.ie\/ie\/oireachtas\/member\/id\/Vincent-P-Martin.S.2020-06-29"},"isPrimary":false}}],"stages":[{"event":{"chamber":{"chamberCode":"seanad","showAs":"Seanad \u00c9ireann","uri":"https:\/\/data.oireachtas.ie\/ie\/oireachtas\/def\/house\/seanad"},"dates":[{"date":"2021-06-16"},{"date":"2021-06-21"},{"date":"2021-06-21"}],"house":{"chamberCode":"seanad","chamberType":"house","houseCode":"seanad","houseNo":"26","showAs":"26th Seanad","uri":"https:\/\/data.oireachtas.ie\/ie\/oireachtas\/house\/seanad\/26"},"progressStage":1,"showAs":"First Stage","stageCompleted":true,"stageOutcome":null,"stageURI":"https:\/\/data.oireachtas.ie\/ie\/oireachtas\/def\/bill-stage\/1","uri":"https:\/\/data.oireachtas.ie\/ie\/oireachtas\/bill\/2021\/88\/stage\/seanad\/1"}},{"event":{"chamber":{"chamberCode":"seanad","showAs":"Seanad \u00c9ireann","uri":"https:\/\/data.oireachtas.ie\/ie\/oireachtas\/def\/house\/seanad"},"dates":[{"date":"2021-06-21"}],"house":{"chamberCode":"seanad","chamberType":"house","houseCode":"seanad","houseNo":"26","showAs":"26th Seanad","uri":"https:\/\/data.oireachtas.ie\/ie\/oireachtas\/house\/seanad\/26"},"progressStage":2,"showAs":"Second Stage","stageCompleted":true,"stageOutcome":null,"stageURI":"https:\/\/data.oireachtas.ie\/ie\/oireachtas\/def\/bill-stage\/2","uri":"https:\/\/data.oireachtas.ie\/ie\/oireachtas\/bill\/2021\/88\/stage\/seanad\/2"}},{"event":{"chamber":{"chamberCode":"seanad","showAs":"Seanad \u00c9ireann","uri":"https:\/\/data.oireachtas.ie\/ie\/oireachtas\/def\/house\/seanad"},"dates":[{"date":"2021-06-28"}],"house":{"chamberCode":"seanad","chamberType":"house","houseCode":"seanad","houseNo":"26","showAs":"26th Seanad","uri":"https:\/\/data.oireachtas.ie\/ie\/oireachtas\/house\/seanad\/26"},"progressStage":3,"showAs":"Committee Stage","stageCompleted":true,"stageOutcome":null,"stageURI":"https:\/\/data.oireachtas.ie\/ie\/oireachtas\/def\/bill-stage\/3","uri":"https:\/\/data.oireachtas.ie\/ie\/oireachtas\/bill\/2021\/88\/stage\/seanad\/3"}}],"status":"Lapsed","statusURI":"https:\/\/data.oireachtas.ie\/ie\/oireachtas\/def\/bill-status\/lapsed","uri":"https:\/\/data.oireachtas.ie\/ie\/oireachtas\/bill\/2021\/88","versions":[{"version":{"date":"2021-06-21","docType":"bill","formats":{"pdf":{"uri":"https:\/\/data.oireachtas.ie\/ie\/oireachtas\/bill\/2021\/88\/eng\/initiated\/b8821s.pdf"},"xml":null},"lang":"eng","showAs":"As Initiated","uri":"https:\/\/data.oireachtas.ie\/ie\/oireachtas\/bill\/2021\/88\/eng\/initiated"}}]},"billSort":{"actNoSort":null,"actShortTitleEnSort":null,"actShortTitleGaSort":null,"actYearSort":null,"billNoSort":88,"billShortTitleEnSort":"planning-and-development-solar-panels-for-public-buildings-schools-homes-and-other-premises-amendment-bill-2021","billShortTitleGaSort":"an-bille-um-pleanail-agus-forbairt-grianphaineil-le-haghaidh-foirgnimh-phoibli-scoileanna-teaghaisi-agus-aitribh-eile-leasu-2021","billYearSort":2021},"contextDate":"2021-06-28"},{"bill":{"act":null,"amendmentLists":[],"billNo":"84","billType":"Public","billTypeURI":"https:\/\/data.oireachtas.ie\/ie\/oireachtas\/def\/bill-type\/public","billYear":"2021","debates":[{"chamber":{"showAs":"D\u00e1il \u00c9ireann","uri":"https:\/\/data.oireachtas.ie\/ie\/oireachtas\/def\/house\/dail"},"date":"2021-06-16","debateSectionId":"dbsect_8","showAs":"Acquisition of Development Land (Assessment of Compensation) Bill 2021: Second Stage [Private Members]","uri":"https:\/\/data.oireachtas.ie\/akn\/ie\/debateRecord\/dail\/2021-06-16\/debate\/main"},{"chamber":{"showAs":"D\u00e1il \u00c9ireann","uri":"https:\/\/data.oireachtas.ie\/ie\/oireachtas\/def\/house\/dail"},"date":"2021-06-16","debateSectionId":"dbsect_33","showAs":"Acquisition of Development Land (Assessment of Compensation) Bill 2021: Second Stage (Resumed) [Private Members]","uri":"https:\/\/data.oireachtas.ie\/akn\/ie\/debateRecord\/dail\/2021-06-16\/debate\/main"},{"chamber":{"showAs":"D\u00e1il \u00c9ireann","uri":"https:\/\/data.oireachtas.ie\/ie\/oireachtas\/def\/house\/dail"},"date":"2021-06-03","debateSectionId":"dbsect_34","showAs":"Acquisition of Development Land (Assessment of Compensation) Bill 2021: First Stage","uri":"https:\/\/data.oireachtas.ie\/akn\/ie\/debateRecord\/dail\/2021-06-03\/debate\/main"}],"events":[{"event":{"chamber":{"chamberCode":"dail","showAs":"D\u00e1il \u00c9ireann","uri":"https:\/\/data.oireachtas.ie\/ie\/oireachtas\/def\/house\/dail"},"dates":[{"date":"2021-05-31"},{"date":"2021-06-03"},{"date":"2025-05-01"}],"eventURI":"https:\/\/data.oireachtas.ie\/ie\/oireachtas\/def\/bill-event\/admissibility-for-introduction","showAs":"Admissibility for Introduction","uri":"https:\/\/data.oireachtas.ie\/ie\/oireachtas\/bill\/2021\/84\/admissibility-for-introduction"}},{"event":{"chamber":{"chamberCode":"dail","showAs":"D\u00e1il \u00c9ireann","uri":"https:\/\/data.oireachtas.ie\/ie\/oireachtas\/def\/house\/dail"},"dates":[{"date":"2024-11-08"}],"eventURI":"https:\/\/data.oireachtas.ie\/ie\/oireachtas\/def\/bill-event\/bill-lapsed","showAs":"Bill Lapsed","uri":"https:\/\/data.oireachtas.ie\/ie\/oireachtas\/bill\/2021\/84\/bill-lapsed"}}],"lastUpdated":"2025-05-02T09:33:07.440000+00:00","longTitleEn":"Bill entitled an Act further to regulate in accordance with the principles of social justice and to delimit by law the exercise of private property rights, insofar as such exercise gives rise to the assessment of compensation payable by local authorities in respect of the compulsory acquisition of development land, with a view to reconciling the exercise of those rights with the exigencies of the common good, and to provide for related matters.","longTitleGa":"Bille d\u00e1 ngairtear Acht chun feidhmi\u00fa ceart maoine pr\u00edobh\u00e1id\u00ed a rial\u00e1il tuilleadh, de r\u00e9ir phrionsabail an cheartais chomhdhaonnaigh, agus a theorann\u00fa le dl\u00ed, sa mh\u00e9id go n-eascra\u00edonn meas\u00fanacht ar ch\u00faiteamh is in\u00edoctha ag \u00fadar\u00e1is \u00e1iti\u00fala i leith f\u00e1il \u00e9igeantach tal\u00fan forbra\u00edochta \u00f3n bhfeidhmi\u00fa sin, d\u2019fhonn feidhmi\u00fa na gceart sin a chur ar comhr\u00e9ir le riachtanais leas an phobail, agus do dh\u00e9anamh socr\u00fa i dtaobh nithe gaolmhara.","method":"Introduced","methodURI":"https:\/\/data.oireachtas.ie\/ie\/oireachtas\/def\/bill-method\/introduced","mostRecentStage":{"event":{"chamber":{"chamberCode":"dail","showAs":"D\u00e1il \u00c9ireann","uri":"https:\/\/data.oireachtas.ie\/ie\/oireachtas\/def\/house\/dail"},"dates":[{"date":"2024-11-08"},{"date":"2025-05-01"}],"house":{"chamberCode":"dail","chamberType":"house","houseCode":"dail","houseNo":"33","showAs":"33rd D\u00e1il","uri":"https:\/\/data.oireachtas.ie\/ie\/oireachtas\/house\/dail\/33"},"progressStage":3,"showAs":"Committee Stage","stageCompleted":false,"stageOutcome":"Current","stageURI":"https:\/\/data.oireachtas.ie\/ie\/oireachtas\/def\/bill-stage\/3","uri":"https:\/\/data.oireachtas.ie\/ie\/oireachtas\/bill\/2021\/84\/stage\/dail\/3"}},"originHouse":{"showAs":"D\u00e1il \u00c9ireann","uri":"https:\/\/data.oireachtas.ie\/ie\/oireachtas\/def\/house\/dail"},"originHouseURI":"https:\/\/data.oireachtas.ie\/ie\/oireachtas\/def\/house\/dail","relatedDocs":[{"relatedDoc":{"date":"2021-06-03","docType":"memo","formats":{"pdf":{"uri":"https:\/\/data.oireachtas.ie\/ie\/oireachtas\/bill\/2021\/84\/eng\/memo\/b8421d-memo.pdf"},"xml":null},"lang":"eng","showAs":"Explanatory Memorandum","uri":"https:\/\/data.oireachtas.ie\/ie\/oireachtas\/bill\/2021\/84\/eng\/memo"}}],"shortTitleEn":"Acquisition of Development Land (Assessment of Compensation) Bill 2021","shortTitleGa":"An Bille um Thalamh Forbra\u00edochta a Fh\u00e1il (Meas\u00fanacht ar Ch\u00faiteamh), 2021","source":"Private Member","sourceURI":"https:\/\/data.oireachtas.ie\/ie\/oireachtas\/def\/bill-source\/private-member","sponsors":[{"sponsor":{"as":{"showAs":null,"uri":null},"by":{"showAs":"Alan Kelly","uri":"https:\/\/data.oireachtas.ie\/ie\/oireachtas\/member\/id\/Alan-Kelly.S.2007-07-23"},"isPrimary":true}}],"stages":[{"event":{"chamber":{"chamberCode":"dail","showAs":"D\u00e1il \u00c9ireann","uri":"https:\/\/data.oireachtas.ie\/ie\/oireachtas\/def\/house\/dail"},"dates":[{"date":"2021-05-31"},{"date":"2021-06-03"},{"date":"2021-06-03"}],"house":{"chamberCode":"dail","chamberType":"house","houseCode":"dail","houseNo":"33","showAs":"33rd D\u00e1il","uri":"https:\/\/data.oireachtas.ie\/ie\/oireachtas\/house\/dail\/33"},"progressStage":1,"showAs":"First Stage","stageCompleted":true,"stageOutcome":null,"stageURI":"https:\/\/data.oireachtas.ie\/ie\/oireachtas\/def\/bill-stage\/1","uri":"https:\/\/data.oireachtas.ie\/ie\/oireachtas\/bill\/2021\/84\/stage\/dail\/1"}},{"event":{"chamber":{"chamberCode":"dail","showAs":"D\u00e1il \u00c9ireann","uri":"https:\/\/data.oireachtas.ie\/ie\/oireachtas\/def\/house\/dail"},"dates":[{"date":"2021-06-03"}],"house":{"chamberCode":"dail","chamberType":"house","houseCode":"dail","houseNo":"33","showAs":"33rd D\u00e1il","uri":"https:\/\/data.oireachtas.ie\/ie\/oireachtas\/house\/dail\/33"},"progressStage":2,"showAs":"Second Stage","stageCompleted":true,"stageOutcome":null,"stageURI":"https:\/\/data.oireachtas.ie\/ie\/oireachtas\/def\/bill-stage\/2","uri":"https:\/\/data.oireachtas.ie\/ie\/oireachtas\/bill\/2021\/84\/stage\/dail\/2"}},{"event":{"chamber":{"chamberCode":"dail","showAs":"D\u00e1il \u00c9ireann","uri":"https:\/\/data.oireachtas.ie\/ie\/oireachtas\/def\/house\/dail"},"dates":[{"date":"2024-11-08"},{"date":"2025-05-01"}],"house":{"chamberCode":"dail","chamberType":"house","houseCode":"dail","houseNo":"33","showAs":"33rd D\u00e1il","uri":"https:\/\/data.oireachtas.ie\/ie\/oireachtas\/house\/dail\/33"},"progressStage":3,"showAs":"Committee Stage","stageCompleted":false,"stageOutcome":"Current","stageURI":"https:\/\/data.oireachtas.ie\/ie\/oireachtas\/def\/bill-stage\/3","uri":"https:\/\/data.oireachtas.ie\/ie\/oireachtas\/bill\/2021\/84\/stage\/dail\/3"}}],"status":"Current","statusURI":"https:\/\/data.oireachtas.ie\/ie\/oireachtas\/def\/bill-status\/published","uri":"https:\/\/data.oireachtas.ie\/ie\/oireachtas\/bill\/2021\/84","versions":[{"version":{"date":"2021-06-03","docType":"bill","formats":{"pdf":{"uri":"https:\/\/data.oireachtas.ie\/ie\/oireachtas\/bill\/2021\/84\/eng\/initiated\/b8421d.pdf"},"xml":null},"lang":"eng","showAs":"As Initiated","uri":"https:\/\/data.oireachtas.ie\/ie\/oireachtas\/bill\/2021\/84\/eng\/initiated"}}]},"billSort":{"actNoSort":null,"actShortTitleEnSort":null,"actShortTitleGaSort":null,"actYearSort":null,"billNoSort":84,"billShortTitleEnSort":"acquisition-of-development-land-assessment-of-compensation-bill-2021","billShortTitleGaSort":"an-bille-um-thalamh-forbraiochta-a-fhail-measunacht-ar-chuiteamh-2021","billYearSort":2021},"contextDate":"2025-05-01"},{"bill":{"act":null,"amendmentLists":[],"billNo":"74","billType":"Public","billTypeURI":"https:\/\/data.oireachtas.ie\/ie\/oireachtas\/def\/bill-type\/public","billYear":"2021","debates":[{"chamber":{"showAs":"D\u00e1il \u00c9ireann","uri":"https:\/\/data.oireachtas.ie\/ie\/oireachtas\/def\/house\/dail"},"date":"2022-05-12","debateSectionId":"dbsect_37","showAs":"Wildlife (Amendment) Bill 2021: Second Stage [Private Members]","uri":"https:\/\/data.oireachtas.ie\/akn\/ie\/debateRecord\/dail\/2022-05-12\/debate\/main"},{"chamber":{"showAs":"D\u00e1il \u00c9ireann","uri":"https:\/\/data.oireachtas.ie\/ie\/oireachtas\/def\/house\/dail"},"date":"2021-05-13","debateSectionId":"dbsect_31","showAs":"Wildlife (Amendment) Bill 2021: First Stage","uri":"https:\/\/data.oireachtas.ie\/akn\/ie\/debateRecord\/dail\/2021-05-13\/debate\/main"}],"events":[{"event":{"chamber":{"chamberCode":"dail","showAs":"D\u00e1il \u00c9ireann","uri":"https:\/\/data.oireachtas.ie\/ie\/oireachtas\/def\/house\/dail"},"dates":[{"date":"2021-04-20"},{"date":"2021-05-13"},{"date":"2025-05-01"}],"eventURI":"https:\/\/data.oireachtas.ie\/ie\/oireachtas\/def\/bill-event\/admissibility-for-introduction","showAs":"Admissibility for Introduction","uri":"https:\/\/data.oireachtas.ie\/ie\/oireachtas\/bill\/2021\/74\/admissibility-for-introduction"}},{"event":{"chamber":{"chamberCode":"dail","showAs":"D\u00e1il \u00c9ireann","uri":"https:\/\/data.oireachtas.ie\/ie\/oireachtas\/def\/house\/dail"},"dates":[{"date":"2024-11-08"}],"eventURI":"https:\/\/data.oireachtas.ie\/ie\/oireachtas\/def\/bill-event\/bill-lapsed","showAs":"Bill Lapsed","uri":"https:\/\/data.oireachtas.ie\/ie\/oireachtas\/bill\/2021\/74\/bill-lapsed"}}],"lastUpdated":"2025-05-02T13:42:56.950000+00:00","longTitleEn":"Bill entitled an Act to amend the Wildlife Act, 1976 to include the Basking Shark (Cetorhinus maximus) in the Fifth Schedule to that Act; to amend section 23 of that Act to make illegal the intentional or reckless injuring, disturbance or harassment of any protected wild animal other than for the purposes of hunting; and to provide for the drafting of a code of conduct by Ministerial regulation for the purposes of wildlife tourism or recreational activities.","longTitleGa":"Bille d\u00e1 ngairtear Acht do leas\u00fa an Achta um Fhiadh\u00falra, 1976 chun an Liamh\u00e1n Gr\u00e9ine (Cetorhinus maximus) a \u00e1ireamh sa Ch\u00faigi\u00fa Sceideal a ghabhann leis an Acht sin; do leas\u00fa alt 23 den Acht sin chun go mbeidh s\u00e9 neamhdhleathach d\u00edobh\u00e1il a dh\u00e9anamh d\u2019aon ainmh\u00ed fi\u00e1in cosanta n\u00f3 aon ainmh\u00ed fi\u00e1in cosanta a chorra\u00ed n\u00f3 a chiapadh, go hintinneach n\u00f3 go mearg\u00e1nta, seachas chun cr\u00edoch fiaigh; agus do dh\u00e9anamh socr\u00fa maidir le c\u00f3d iompair a dhr\u00e9acht\u00fa le rialach\u00e1n \u00f3n Aire chun cr\u00edoch gn\u00edomha\u00edochta\u00ed turas\u00f3ireachta n\u00f3 \u00e1ineasa fiadh\u00falra.","method":"Introduced","methodURI":"https:\/\/data.oireachtas.ie\/ie\/oireachtas\/def\/bill-method\/introduced","mostRecentStage":{"event":{"chamber":{"chamberCode":"dail","showAs":"D\u00e1il \u00c9ireann","uri":"https:\/\/data.oireachtas.ie\/ie\/oireachtas\/def\/house\/dail"},"dates":[{"date":"2024-11-08"},{"date":"2025-05-01"}],"house":{"chamberCode":"dail","chamberType":"house","houseCode":"dail","houseNo":"33","showAs":"33rd D\u00e1il","uri":"https:\/\/data.oireachtas.ie\/ie\/oireachtas\/house\/dail\/33"},"progressStage":3,"showAs":"Committee Stage","stageCompleted":false,"stageOutcome":"Current","stageURI":"https:\/\/data.oireachtas.ie\/ie\/oireachtas\/def\/bill-stage\/3","uri":"https:\/\/data.oireachtas.ie\/ie\/oireachtas\/bill\/2021\/74\/stage\/dail\/3"}},"originHouse":{"showAs":"D\u00e1il \u00c9ireann","uri":"https:\/\/data.oireachtas.ie\/ie\/oireachtas\/def\/house\/dail"},"originHouseURI":"https:\/\/data.oireachtas.ie\/ie\/oireachtas\/def\/house\/dail","relatedDocs":[{"relatedDoc":{"date":"2021-05-13","docType":"memo","formats":{"pdf":{"uri":"https:\/\/data.oireachtas.ie\/ie\/oireachtas\/bill\/2021\/74\/eng\/memo\/wildlife-amendment-memo2021-v1.pdf"},"xml":null},"lang":"eng","showAs":"Explanatory Memorandum","uri":"https:\/\/data.oireachtas.ie\/ie\/oireachtas\/bill\/2021\/74\/eng\/memo"}}],"shortTitleEn":"Wildlife (Amendment) Bill 2021","shortTitleGa":"An Bille um Fhiadh\u00falra (Leas\u00fa), 2021","source":"Private Member","sourceURI":"https:\/\/data.oireachtas.ie\/ie\/oireachtas\/def\/bill-source\/private-member","sponsors":[{"sponsor":{"as":{"showAs":null,"uri":null},"by":{"showAs":"Jennifer Whitmore","uri":"https:\/\/data.oireachtas.ie\/ie\/oireachtas\/member\/id\/Jennifer-Whitmore.D.2020-02-08"},"isPrimary":true}}],"stages":[{"event":{"chamber":{"chamberCode":"dail","showAs":"D\u00e1il \u00c9ireann","uri":"https:\/\/data.oireachtas.ie\/ie\/oireachtas\/def\/house\/dail"},"dates":[{"date":"2021-04-20"},{"date":"2021-05-13"},{"date":"2021-05-13"}],"house":{"chamberCode":"dail","chamberType":"house","houseCode":"dail","houseNo":"33","showAs":"33rd D\u00e1il","uri":"https:\/\/data.oireachtas.ie\/ie\/oireachtas\/house\/dail\/33"},"progressStage":1,"showAs":"First Stage","stageCompleted":true,"stageOutcome":null,"stageURI":"https:\/\/data.oireachtas.ie\/ie\/oireachtas\/def\/bill-stage\/1","uri":"https:\/\/data.oireachtas.ie\/ie\/oireachtas\/bill\/2021\/74\/stage\/dail\/1"}},{"event":{"chamber":{"chamberCode":"dail","showAs":"D\u00e1il \u00c9ireann","uri":"https:\/\/data.oireachtas.ie\/ie\/oireachtas\/def\/house\/dail"},"dates":[{"date":"2021-05-13"}],"house":{"chamberCode":"dail","chamberType":"house","houseCode":"dail","houseNo":"33","showAs":"33rd D\u00e1il","uri":"https:\/\/data.oireachtas.ie\/ie\/oireachtas\/house\/dail\/33"},"progressStage":2,"showAs":"Second Stage","stageCompleted":true,"stageOutcome":null,"stageURI":"https:\/\/data.oireachtas.ie\/ie\/oireachtas\/def\/bill-stage\/2","uri":"https:\/\/data.oireachtas.ie\/ie\/oireachtas\/bill\/2021\/74\/stage\/dail\/2"}},{"event":{"chamber":{"chamberCode":"dail","showAs":"D\u00e1il \u00c9ireann","uri":"https:\/\/data.oireachtas.ie\/ie\/oireachtas\/def\/house\/dail"},"dates":[{"date":"2024-11-08"},{"date":"2025-05-01"}],"house":{"chamberCode":"dail","chamberType":"house","houseCode":"dail","houseNo":"33","showAs":"33rd D\u00e1il","uri":"https:\/\/data.oireachtas.ie\/ie\/oireachtas\/house\/dail\/33"},"progressStage":3,"showAs":"Committee Stage","stageCompleted":false,"stageOutcome":"Current","stageURI":"https:\/\/data.oireachtas.ie\/ie\/oireachtas\/def\/bill-stage\/3","uri":"https:\/\/data.oireachtas.ie\/ie\/oireachtas\/bill\/2021\/74\/stage\/dail\/3"}}],"status":"Current","statusURI":"https:\/\/data.oireachtas.ie\/ie\/oireachtas\/def\/bill-status\/published","uri":"https:\/\/data.oireachtas.ie\/ie\/oireachtas\/bill\/2021\/74","versions":[{"version":{"date":"2021-05-13","docType":"bill","formats":{"pdf":{"uri":"https:\/\/data.oireachtas.ie\/ie\/oireachtas\/bill\/2021\/74\/eng\/initiated\/88820-wildlife-amendment-bill-2021.pdf"},"xml":null},"lang":"eng","showAs":"As Initiated","uri":"https:\/\/data.oireachtas.ie\/ie\/oireachtas\/bill\/2021\/74\/eng\/initiated"}}]},"billSort":{"actNoSort":null,"actShortTitleEnSort":null,"actShortTitleGaSort":null,"actYearSort":null,"billNoSort":74,"billShortTitleEnSort":"wildlife-amendment-bill-2021","billShortTitleGaSort":"an-bille-um-fhiadhulra-leasu-2021","billYearSort":2021},"contextDate":"2025-05-01"},{"bill":{"act":null,"amendmentLists":[],"billNo":"72","billType":"Public","billTypeURI":"https:\/\/data.oireachtas.ie\/ie\/oireachtas\/def\/bill-type\/public","billYear":"2021","debates":[{"chamber":{"showAs":"D\u00e1il \u00c9ireann","uri":"https:\/\/data.oireachtas.ie\/ie\/oireachtas\/def\/house\/dail"},"date":"2022-09-22","debateSectionId":"dbsect_42","showAs":"Pensions (Amendment) (Transparency in Charges) Bill 2021: Second Stage [Private Members]","uri":"https:\/\/data.oireachtas.ie\/akn\/ie\/debateRecord\/dail\/2022-09-22\/debate\/main"},{"chamber":{"showAs":"D\u00e1il \u00c9ireann","uri":"https:\/\/data.oireachtas.ie\/ie\/oireachtas\/def\/house\/dail"},"date":"2021-05-12","debateSectionId":"dbsect_11","showAs":"Pensions (Amendment) (Transparency in Charges) Bill 2021: First Stage","uri":"https:\/\/data.oireachtas.ie\/akn\/ie\/debateRecord\/dail\/2021-05-12\/debate\/main"}],"events":[{"event":{"chamber":{"chamberCode":"dail","showAs":"D\u00e1il \u00c9ireann","uri":"https:\/\/data.oireachtas.ie\/ie\/oireachtas\/def\/house\/dail"},"dates":[{"date":"2021-04-29"},{"date":"2021-05-12"},{"date":"2025-05-01"}],"eventURI":"https:\/\/data.oireachtas.ie\/ie\/oireachtas\/def\/bill-event\/admissibility-for-introduction","showAs":"Admissibility for Introduction","uri":"https:\/\/data.oireachtas.ie\/ie\/oireachtas\/bill\/2021\/72\/admissibility-for-introduction"}},{"event":{"chamber":{"chamberCode":"dail","showAs":"D\u00e1il \u00c9ireann","uri":"https:\/\/data.oireachtas.ie\/ie\/oireachtas\/def\/house\/dail"},"dates":[{"date":"2024-11-08"}],"eventURI":"https:\/\/data.oireachtas.ie\/ie\/oireachtas\/def\/bill-event\/bill-lapsed","showAs":"Bill Lapsed","uri":"https:\/\/data.oireachtas.ie\/ie\/oireachtas\/bill\/2021\/72\/bill-lapsed"}}],"lastUpdated":"2025-05-02T12:12:50.100000+00:00","longTitleEn":"Bill entitled an Act to provide for greater transparency in relation to charges that may be imposed in the administration of pension schemes, for that purpose to amend the Pensions Act 1990, and to provide for related matters.","longTitleGa":"Bille d\u00e1 ngairtear Acht do dh\u00e9anamh socr\u00fa maidir le tr\u00e9dhearcacht n\u00edos m\u00f3 i nd\u00e1il le muirir a fh\u00e9adfar a fhorchur i riaradh sc\u00e9imeanna pinsean, chun na cr\u00edche sin, do leas\u00fa Acht na bPinsean, 1990, agus do dh\u00e9anamh socr\u00fa i dtaobh nithe gaolmhara.","method":"Introduced","methodURI":"https:\/\/data.oireachtas.ie\/ie\/oireachtas\/def\/bill-method\/introduced","mostRecentStage":{"event":{"chamber":{"chamberCode":"dail","showAs":"D\u00e1il \u00c9ireann","uri":"https:\/\/data.oireachtas.ie\/ie\/oireachtas\/def\/house\/dail"},"dates":[{"date":"2024-11-08"},{"date":"2025-05-01"}],"house":{"chamberCode":"dail","chamberType":"house","houseCode":"dail","houseNo":"33","showAs":"33rd D\u00e1il","uri":"https:\/\/data.oireachtas.ie\/ie\/oireachtas\/house\/dail\/33"},"progressStage":3,"showAs":"Committee Stage","stageCompleted":false,"stageOutcome":"Current","stageURI":"https:\/\/data.oireachtas.ie\/ie\/oireachtas\/def\/bill-stage\/3","uri":"https:\/\/data.oireachtas.ie\/ie\/oireachtas\/bill\/2021\/72\/stage\/dail\/3"}},"originHouse":{"showAs":"D\u00e1il \u00c9ireann","uri":"https:\/\/data.oireachtas.ie\/ie\/oireachtas\/def\/house\/dail"},"originHouseURI":"https:\/\/data.oireachtas.ie\/ie\/oireachtas\/def\/house\/dail","relatedDocs":[{"relatedDoc":{"date":"2021-05-12","docType":"memo","formats":{"pdf":{"uri":"https:\/\/data.oireachtas.ie\/ie\/oireachtas\/bill\/2021\/72\/eng\/memo\/pensions-amendment-transparencyincharges-memo2021-v1.pdf"},"xml":null},"lang":"eng","showAs":"Explanatory Memorandum","uri":"https:\/\/data.oireachtas.ie\/ie\/oireachtas\/bill\/2021\/72\/eng\/memo"}}],"shortTitleEn":"Pensions (Amendment) (Transparency in Charges) Bill 2021","shortTitleGa":"Bille na bPinsean (Leas\u00fa) (Tr\u00e9dhearcacht i Muirir), 2021","source":"Private Member","sourceURI":"https:\/\/data.oireachtas.ie\/ie\/oireachtas\/def\/bill-source\/private-member","sponsors":[{"sponsor":{"as":{"showAs":null,"uri":null},"by":{"showAs":"Ged Nash","uri":"https:\/\/data.oireachtas.ie\/ie\/oireachtas\/member\/id\/Gerald-Nash.D.2011-03-09"},"isPrimary":true}}],"stages":[{"event":{"chamber":{"chamberCode":"dail","showAs":"D\u00e1il \u00c9ireann","uri":"https:\/\/data.oireachtas.ie\/ie\/oireachtas\/def\/house\/dail"},"dates":[{"date":"2021-04-29"},{"date":"2021-05-12"},{"date":"2021-05-12"}],"house":{"chamberCode":"dail","chamberType":"house","houseCode":"dail","houseNo":"33","showAs":"33rd D\u00e1il","uri":"https:\/\/data.oireachtas.ie\/ie\/oireachtas\/house\/dail\/33"},"progressStage":1,"showAs":"First Stage","stageCompleted":true,"stageOutcome":null,"stageURI":"https:\/\/data.oireachtas.ie\/ie\/oireachtas\/def\/bill-stage\/1","uri":"https:\/\/data.oireachtas.ie\/ie\/oireachtas\/bill\/2021\/72\/stage\/dail\/1"}},{"event":{"chamber":{"chamberCode":"dail","showAs":"D\u00e1il \u00c9ireann","uri":"https:\/\/data.oireachtas.ie\/ie\/oireachtas\/def\/house\/dail"},"dates":[{"date":"2021-05-12"}],"house":{"chamberCode":"dail","chamberType":"house","houseCode":"dail","houseNo":"33","showAs":"33rd D\u00e1il","uri":"https:\/\/data.oireachtas.ie\/ie\/oireachtas\/house\/dail\/33"},"progressStage":2,"showAs":"Second Stage","stageCompleted":true,"stageOutcome":null,"stageURI":"https:\/\/data.oireachtas.ie\/ie\/oireachtas\/def\/bill-stage\/2","uri":"https:\/\/data.oireachtas.ie\/ie\/oireachtas\/bill\/2021\/72\/stage\/dail\/2"}},{"event":{"chamber":{"chamberCode":"dail","showAs":"D\u00e1il \u00c9ireann","uri":"https:\/\/data.oireachtas.ie\/ie\/oireachtas\/def\/house\/dail"},"dates":[{"date":"2024-11-08"},{"date":"2025-05-01"}],"house":{"chamberCode":"dail","chamberType":"house","houseCode":"dail","houseNo":"33","showAs":"33rd D\u00e1il","uri":"https:\/\/data.oireachtas.ie\/ie\/oireachtas\/house\/dail\/33"},"progressStage":3,"showAs":"Committee Stage","stageCompleted":false,"stageOutcome":"Current","stageURI":"https:\/\/data.oireachtas.ie\/ie\/oireachtas\/def\/bill-stage\/3","uri":"https:\/\/data.oireachtas.ie\/ie\/oireachtas\/bill\/2021\/72\/stage\/dail\/3"}}],"status":"Current","statusURI":"https:\/\/data.oireachtas.ie\/ie\/oireachtas\/def\/bill-status\/published","uri":"https:\/\/data.oireachtas.ie\/ie\/oireachtas\/bill\/2021\/72","versions":[{"version":{"date":"2021-05-12","docType":"bill","formats":{"pdf":{"uri":"https:\/\/data.oireachtas.ie\/ie\/oireachtas\/bill\/2021\/72\/eng\/initiated\/88816-pensions-amendment-transparency-in-charges-bill-2021.pdf"},"xml":null},"lang":"eng","showAs":"As Initiated","uri":"https:\/\/data.oireachtas.ie\/ie\/oireachtas\/bill\/2021\/72\/eng\/initiated"}}]},"billSort":{"actNoSort":null,"actShortTitleEnSort":null,"actShortTitleGaSort":null,"actYearSort":null,"billNoSort":72,"billShortTitleEnSort":"pensions-amendment-transparency-in-charges-bill-2021","billShortTitleGaSort":"bille-na-bpinsean-leasu-tredhearcacht-i-muirir-2021","billYearSort":2021},"contextDate":"2025-05-01"},{"bill":{"act":null,"amendmentLists":[],"billNo":"70","billType":"Public","billTypeURI":"https:\/\/data.oireachtas.ie\/ie\/oireachtas\/def\/bill-type\/public","billYear":"2021","debates":[{"chamber":{"showAs":"Seanad \u00c9ireann","uri":"https:\/\/data.oireachtas.ie\/ie\/oireachtas\/def\/house\/seanad"},"date":"2021-05-07","debateSectionId":"dbsect_13","showAs":"Residential Tenancies (Amendment) Bill 2021: First Stage","uri":"https:\/\/data.oireachtas.ie\/akn\/ie\/debateRecord\/seanad\/2021-05-07\/debate\/main"}],"events":[{"event":{"chamber":{"chamberCode":"seanad","showAs":"Seanad \u00c9ireann","uri":"https:\/\/data.oireachtas.ie\/ie\/oireachtas\/def\/house\/seanad"},"dates":[{"date":"2021-05-04"},{"date":"2021-05-07"}],"eventURI":"https:\/\/data.oireachtas.ie\/ie\/oireachtas\/def\/bill-event\/admissibility-for-introduction","showAs":"Admissibility for Introduction","uri":"https:\/\/data.oireachtas.ie\/ie\/oireachtas\/bill\/2021\/70\/admissibility-for-introduction"}},{"event":{"chamber":{"chamberCode":"seanad","showAs":"Seanad \u00c9ireann","uri":"https:\/\/data.oireachtas.ie\/ie\/oireachtas\/def\/house\/seanad"},"dates":[{"date":"2025-01-29"}],"eventURI":"https:\/\/data.oireachtas.ie\/ie\/oireachtas\/def\/bill-event\/bill-lapsed","showAs":"Bill Lapsed","uri":"https:\/\/data.oireachtas.ie\/ie\/oireachtas\/bill\/2021\/70\/bill-lapsed"}}],"lastUpdated":"2025-01-30T11:17:37.160000+00:00","longTitleEn":"Bill entitled an Act to amend the Residential Tenancies Act 2004 to modify evidential presumptions in a Tenancy Tribunal and to clarify where the burden of proof lies at such a tribunal.","longTitleGa":"Bille d\u00e1 ngairtear Acht do leas\u00fa an Achta um Thion\u00f3ntachta\u00ed C\u00f3naithe, 2004 chun toimhdeana fianaiseacha i mBinse Tion\u00f3ntachta a mhodhn\u00fa agus chun a shoil\u00e9iri\u00fa c\u00e9 air n\u00f3 uirthi a bheidh an dualgas cruth\u00fanais ag binse den s\u00f3rt sin.","method":"Introduced","methodURI":"https:\/\/data.oireachtas.ie\/ie\/oireachtas\/def\/bill-method\/introduced","mostRecentStage":{"event":{"chamber":{"chamberCode":"seanad","showAs":"Seanad \u00c9ireann","uri":"https:\/\/data.oireachtas.ie\/ie\/oireachtas\/def\/house\/seanad"},"dates":[{"date":"2021-05-04"},{"date":"2021-05-07"},{"date":"2021-05-07"}],"house":{"chamberCode":"seanad","chamberType":"house","houseCode":"seanad","houseNo":"26","showAs":"26th Seanad","uri":"https:\/\/data.oireachtas.ie\/ie\/oireachtas\/house\/seanad\/26"},"progressStage":1,"showAs":"First Stage","stageCompleted":true,"stageOutcome":null,"stageURI":"https:\/\/data.oireachtas.ie\/ie\/oireachtas\/def\/bill-stage\/1","uri":"https:\/\/data.oireachtas.ie\/ie\/oireachtas\/bill\/2021\/70\/stage\/seanad\/1"}},"originHouse":{"showAs":"Seanad \u00c9ireann","uri":"https:\/\/data.oireachtas.ie\/ie\/oireachtas\/def\/house\/seanad"},"originHouseURI":"https:\/\/data.oireachtas.ie\/ie\/oireachtas\/def\/house\/seanad","relatedDocs":[{"relatedDoc":{"date":"2021-05-07","docType":"memo","formats":{"pdf":{"uri":"https:\/\/data.oireachtas.ie\/ie\/oireachtas\/bill\/2021\/70\/eng\/memo\/b7021s-memo.pdf"},"xml":null},"lang":"eng","showAs":"Explanatory Memorandum","uri":"https:\/\/data.oireachtas.ie\/ie\/oireachtas\/bill\/2021\/70\/eng\/memo"}}],"shortTitleEn":"Residential Tenancies (Amendment) Bill 2021","shortTitleGa":"An Bille um Thion\u00f3ntachta\u00ed C\u00f3naithe (Leas\u00fa), 2021","source":"Private Member","sourceURI":"https:\/\/data.oireachtas.ie\/ie\/oireachtas\/def\/bill-source\/private-member","sponsors":[{"sponsor":{"as":{"showAs":null,"uri":null},"by":{"showAs":"Barry Ward","uri":"https:\/\/data.oireachtas.ie\/ie\/oireachtas\/member\/id\/Barry-Ward.S.2020-03-30"},"isPrimary":true}}],"stages":[{"event":{"chamber":{"chamberCode":"seanad","showAs":"Seanad \u00c9ireann","uri":"https:\/\/data.oireachtas.ie\/ie\/oireachtas\/def\/house\/seanad"},"dates":[{"date":"2021-05-04"},{"date":"2021-05-07"},{"date":"2021-05-07"}],"house":{"chamberCode":"seanad","chamberType":"house","houseCode":"seanad","houseNo":"26","showAs":"26th Seanad","uri":"https:\/\/data.oireachtas.ie\/ie\/oireachtas\/house\/seanad\/26"},"progressStage":1,"showAs":"First Stage","stageCompleted":true,"stageOutcome":null,"stageURI":"https:\/\/data.oireachtas.ie\/ie\/oireachtas\/def\/bill-stage\/1","uri":"https:\/\/data.oireachtas.ie\/ie\/oireachtas\/bill\/2021\/70\/stage\/seanad\/1"}}],"status":"Lapsed","statusURI":"https:\/\/data.oireachtas.ie\/ie\/oireachtas\/def\/bill-status\/lapsed","uri":"https:\/\/data.oireachtas.ie\/ie\/oireachtas\/bill\/2021\/70","versions":[{"version":{"date":"2021-05-07","docType":"bill","formats":{"pdf":{"uri":"https:\/\/data.oireachtas.ie\/ie\/oireachtas\/bill\/2021\/70\/eng\/initiated\/b7021s.pdf"},"xml":null},"lang":"eng","showAs":"As Initiated","uri":"https:\/\/data.oireachtas.ie\/ie\/oireachtas\/bill\/2021\/70\/eng\/initiated"}}]},"billSort":{"actNoSort":null,"actShortTitleEnSort":null,"actShortTitleGaSort":null,"actYearSort":null,"billNoSort":70,"billShortTitleEnSort":"residential-tenancies-amendment-bill-2021","billShortTitleGaSort":"an-bille-um-thionontachtai-conaithe-leasu-2021","billYearSort":2021},"contextDate":"2021-05-07"},{"bill":{"act":null,"amendmentLists":[],"billNo":"69","billType":"Public","billTypeURI":"https:\/\/data.oireachtas.ie\/ie\/oireachtas\/def\/bill-type\/public","billYear":"2021","debates":[{"chamber":{"showAs":"Seanad \u00c9ireann","uri":"https:\/\/data.oireachtas.ie\/ie\/oireachtas\/def\/house\/seanad"},"date":"2021-05-31","debateSectionId":"dbsect_21","showAs":"Civil Legal Aid (Exclusion of Value of Free or Partly Free Board) (Amendment) Bill 2021: Second Stage","uri":"https:\/\/data.oireachtas.ie\/akn\/ie\/debateRecord\/seanad\/2021-05-31\/debate\/main"},{"chamber":{"showAs":"Seanad \u00c9ireann","uri":"https:\/\/data.oireachtas.ie\/ie\/oireachtas\/def\/house\/seanad"},"date":"2021-05-07","debateSectionId":"dbsect_12","showAs":"Civil Legal Aid (Exclusion of Value of Free or Partly Free Board) (Amendment) Bill 2021: First Stage","uri":"https:\/\/data.oireachtas.ie\/akn\/ie\/debateRecord\/seanad\/2021-05-07\/debate\/main"}],"events":[{"event":{"chamber":{"chamberCode":"seanad","showAs":"Seanad \u00c9ireann","uri":"https:\/\/data.oireachtas.ie\/ie\/oireachtas\/def\/house\/seanad"},"dates":[{"date":"2021-04-29"},{"date":"2021-05-07"}],"eventURI":"https:\/\/data.oireachtas.ie\/ie\/oireachtas\/def\/bill-event\/admissibility-for-introduction","showAs":"Admissibility for Introduction","uri":"https:\/\/data.oireachtas.ie\/ie\/oireachtas\/bill\/2021\/69\/admissibility-for-introduction"}},{"event":{"chamber":{"chamberCode":"seanad","showAs":"Seanad \u00c9ireann","uri":"https:\/\/data.oireachtas.ie\/ie\/oireachtas\/def\/house\/seanad"},"dates":[{"date":"2025-01-29"}],"eventURI":"https:\/\/data.oireachtas.ie\/ie\/oireachtas\/def\/bill-event\/bill-lapsed","showAs":"Bill Lapsed","uri":"https:\/\/data.oireachtas.ie\/ie\/oireachtas\/bill\/2021\/69\/bill-lapsed"}}],"lastUpdated":"2025-01-30T11:17:37.160000+00:00","longTitleEn":"Bill entitled an Act to amend Civil Legal Aid Act 1995 to give provision for the exclusion of the value of free or partly free board as income when applying for civil legal aid.","longTitleGa":"Bille d\u00e1 ngairtear Acht do leas\u00fa an Achta um Ch\u00fanamh Dl\u00edthi\u00fail Sibhialta, 1995 chun socr\u00fa a dh\u00e9anamh maidir le luach cothaithe at\u00e1 saor in aisce n\u00f3 saor in aisce go p\u00e1irteach a eisiamh mar ioncam le linn iarratas a dh\u00e9anamh ar ch\u00fanamh dl\u00edthi\u00fail sibhialta.","method":"Introduced","methodURI":"https:\/\/data.oireachtas.ie\/ie\/oireachtas\/def\/bill-method\/introduced","mostRecentStage":{"event":{"chamber":{"chamberCode":"seanad","showAs":"Seanad \u00c9ireann","uri":"https:\/\/data.oireachtas.ie\/ie\/oireachtas\/def\/house\/seanad"},"dates":[{"date":"2021-05-07"}],"house":{"chamberCode":"seanad","chamberType":"house","houseCode":"seanad","houseNo":"26","showAs":"26th Seanad","uri":"https:\/\/data.oireachtas.ie\/ie\/oireachtas\/house\/seanad\/26"},"progressStage":2,"showAs":"Second Stage","stageCompleted":true,"stageOutcome":null,"stageURI":"https:\/\/data.oireachtas.ie\/ie\/oireachtas\/def\/bill-stage\/2","uri":"https:\/\/data.oireachtas.ie\/ie\/oireachtas\/bill\/2021\/69\/stage\/seanad\/2"}},"originHouse":{"showAs":"Seanad \u00c9ireann","uri":"https:\/\/data.oireachtas.ie\/ie\/oireachtas\/def\/house\/seanad"},"originHouseURI":"https:\/\/data.oireachtas.ie\/ie\/oireachtas\/def\/house\/seanad","relatedDocs":[{"relatedDoc":{"date":"2021-05-07","docType":"memo","formats":{"pdf":{"uri":"https:\/\/data.oireachtas.ie\/ie\/oireachtas\/bill\/2021\/69\/eng\/memo\/b6921s-memo.pdf"},"xml":null},"lang":"eng","showAs":"Explanatory Memorandum","uri":"https:\/\/data.oireachtas.ie\/ie\/oireachtas\/bill\/2021\/69\/eng\/memo"}}],"shortTitleEn":"Civil Legal Aid (Exclusion of Value of Free or Partly Free Board) (Amendment) Bill 2021","shortTitleGa":"An Bille um Ch\u00fanamh Dl\u00edthi\u00fail Sibhialta (Luach Cothaithe Saor in Aisce n\u00f3 Saor in Aisce go P\u00e1irteach a Eisiamh) (Leas\u00fa), 2021","source":"Private Member","sourceURI":"https:\/\/data.oireachtas.ie\/ie\/oireachtas\/def\/bill-source\/private-member","sponsors":[{"sponsor":{"as":{"showAs":null,"uri":null},"by":{"showAs":"Lynn Boylan","uri":"https:\/\/data.oireachtas.ie\/ie\/oireachtas\/member\/id\/Lynn-Boylan.S.2020-03-30"},"isPrimary":true}},{"sponsor":{"as":{"showAs":null,"uri":null},"by":{"showAs":"Niall \u00d3 Donnghaile","uri":"https:\/\/data.oireachtas.ie\/ie\/oireachtas\/member\/id\/Niall-\u00d3-Donnghaile.S.2016-04-25"},"isPrimary":false}},{"sponsor":{"as":{"showAs":null,"uri":null},"by":{"showAs":"Paul Gavan","uri":"https:\/\/data.oireachtas.ie\/ie\/oireachtas\/member\/id\/Paul-Gavan.S.2016-04-25"},"isPrimary":false}},{"sponsor":{"as":{"showAs":null,"uri":null},"by":{"showAs":"Fintan Warfield","uri":"https:\/\/data.oireachtas.ie\/ie\/oireachtas\/member\/id\/Fintan-Warfield.S.2016-04-25"},"isPrimary":false}}],"stages":[{"event":{"chamber":{"chamberCode":"seanad","showAs":"Seanad \u00c9ireann","uri":"https:\/\/data.oireachtas.ie\/ie\/oireachtas\/def\/house\/seanad"},"dates":[{"date":"2021-04-29"},{"date":"2021-05-07"},{"date":"2021-05-07"}],"house":{"chamberCode":"seanad","chamberType":"house","houseCode":"seanad","houseNo":"26","showAs":"26th Seanad","uri":"https:\/\/data.oireachtas.ie\/ie\/oireachtas\/house\/seanad\/26"},"progressStage":1,"showAs":"First Stage","stageCompleted":true,"stageOutcome":null,"stageURI":"https:\/\/data.oireachtas.ie\/ie\/oireachtas\/def\/bill-stage\/1","uri":"https:\/\/data.oireachtas.ie\/ie\/oireachtas\/bill\/2021\/69\/stage\/seanad\/1"}},{"event":{"chamber":{"chamberCode":"seanad","showAs":"Seanad \u00c9ireann","uri":"https:\/\/data.oireachtas.ie\/ie\/oireachtas\/def\/house\/seanad"},"dates":[{"date":"2021-05-07"}],"house":{"chamberCode":"seanad","chamberType":"house","houseCode":"seanad","houseNo":"26","showAs":"26th Seanad","uri":"https:\/\/data.oireachtas.ie\/ie\/oireachtas\/house\/seanad\/26"},"progressStage":2,"showAs":"Second Stage","stageCompleted":true,"stageOutcome":null,"stageURI":"https:\/\/data.oireachtas.ie\/ie\/oireachtas\/def\/bill-stage\/2","uri":"https:\/\/data.oireachtas.ie\/ie\/oireachtas\/bill\/2021\/69\/stage\/seanad\/2"}}],"status":"Lapsed","statusURI":"https:\/\/data.oireachtas.ie\/ie\/oireachtas\/def\/bill-status\/lapsed","uri":"https:\/\/data.oireachtas.ie\/ie\/oireachtas\/bill\/2021\/69","versions":[{"version":{"date":"2021-05-07","docType":"bill","formats":{"pdf":{"uri":"https:\/\/data.oireachtas.ie\/ie\/oireachtas\/bill\/2021\/69\/eng\/initiated\/b6921s.pdf"},"xml":null},"lang":"eng","showAs":"As Initiated","uri":"https:\/\/data.oireachtas.ie\/ie\/oireachtas\/bill\/2021\/69\/eng\/initiated"}}]},"billSort":{"actNoSort":null,"actShortTitleEnSort":null,"actShortTitleGaSort":null,"actYearSort":null,"billNoSort":69,"billShortTitleEnSort":"civil-legal-aid-exclusion-of-value-of-free-or-partly-free-board-amendment-bill-2021","billShortTitleGaSort":"an-bille-um-chunamh-dlithiuil-sibhialta-luach-cothaithe-saor-in-aisce-no-saor-in-aisce-go-pairteach-a-eisiamh-leasu-2021","billYearSort":2021},"contextDate":"2021-05-07"},{"bill":{"act":null,"amendmentLists":[],"billNo":"68","billType":"Public","billTypeURI":"https:\/\/data.oireachtas.ie\/ie\/oireachtas\/def\/bill-type\/public","billYear":"2021","debates":[{"chamber":{"showAs":"Seanad \u00c9ireann","uri":"https:\/\/data.oireachtas.ie\/ie\/oireachtas\/def\/house\/seanad"},"date":"2021-05-07","debateSectionId":"dbsect_11","showAs":"Protection of Employment (Platform Workers and Bogus Self-Employment) Bill 2021: First Stage","uri":"https:\/\/data.oireachtas.ie\/akn\/ie\/debateRecord\/seanad\/2021-05-07\/debate\/main"}],"events":[{"event":{"chamber":{"chamberCode":"seanad","showAs":"Seanad \u00c9ireann","uri":"https:\/\/data.oireachtas.ie\/ie\/oireachtas\/def\/house\/seanad"},"dates":[{"date":"2021-04-09"},{"date":"2021-05-07"}],"eventURI":"https:\/\/data.oireachtas.ie\/ie\/oireachtas\/def\/bill-event\/admissibility-for-introduction","showAs":"Admissibility for Introduction","uri":"https:\/\/data.oireachtas.ie\/ie\/oireachtas\/bill\/2021\/68\/admissibility-for-introduction"}},{"event":{"chamber":{"chamberCode":"seanad","showAs":"Seanad \u00c9ireann","uri":"https:\/\/data.oireachtas.ie\/ie\/oireachtas\/def\/house\/seanad"},"dates":[{"date":"2025-01-29"}],"eventURI":"https:\/\/data.oireachtas.ie\/ie\/oireachtas\/def\/bill-event\/bill-lapsed","showAs":"Bill Lapsed","uri":"https:\/\/data.oireachtas.ie\/ie\/oireachtas\/bill\/2021\/68\/bill-lapsed"}}],"lastUpdated":"2025-01-30T11:17:37.160000+00:00","longTitleEn":"Bill entitled an Act to declare the relationship between employer and employee to be a status relationship, to declare the question whether an individual is an employee or is self-employed to be a question of law to be independently determined, to provide that the description given by the parties shall not be conclusive in determining the true status of an employment relationship, to provide for a presumption in favour of employee status in certain cases, to clarify the employment status of individuals who undertake personally to execute work or service for third parties, to take certain measures to counter the misrepresentation of the status of employees, to amend the Terms of Employment (Information) Act 1994, and to provide for related matters.","longTitleGa":"Bille d\u00e1 ngairtear Acht d\u00e1 dhearbh\u00fa gur caidreamh st\u00e1dais an caidreamh idir fost\u00f3ir agus fosta\u00ed, d\u00e1 dhearbh\u00fa gur ceist dl\u00ed \u00ed an cheist i dtaobh an fosta\u00ed n\u00f3 an duine f\u00e9infhostaithe pearsa aonair, ar ceist dl\u00ed \u00ed a bheidh le cinneadh go neamhsple\u00e1ch, do dh\u00e9anamh socr\u00fa nach tuairisc chr\u00edochnaitheach an tuairisc a thabharfaidh na p\u00e1irtithe le linn st\u00e1das f\u00edrinneach caidrimh fosta\u00edochta a chinneadh, do dh\u00e9anamh socr\u00fa maidir le toimhde i bhfabhar st\u00e1das fosta\u00ed i gc\u00e1sanna \u00e1irithe, do shoil\u00e9iri\u00fa st\u00e1das fosta\u00edochta pearsana aonair a ghabhfaidh orthu f\u00e9in obair n\u00f3 seirbh\u00eds a chur i gcr\u00edch go pearsanta do thr\u00ed\u00fa p\u00e1irtithe, do dh\u00e9anamh bearta \u00e1irithe chun cur i gcoinne st\u00e1das fostaithe a mh\u00edfhaisn\u00e9isi\u00fa, do leas\u00fa an Achta um Th\u00e9arma\u00ed Fosta\u00edochta (Faisn\u00e9is), 1994, agus do dh\u00e9anamh socr\u00fa i dtaobh nithe gaolmhara. ","method":"Introduced","methodURI":"https:\/\/data.oireachtas.ie\/ie\/oireachtas\/def\/bill-method\/introduced","mostRecentStage":{"event":{"chamber":{"chamberCode":"seanad","showAs":"Seanad \u00c9ireann","uri":"https:\/\/data.oireachtas.ie\/ie\/oireachtas\/def\/house\/seanad"},"dates":[{"date":"2021-04-09"},{"date":"2021-05-07"},{"date":"2021-05-07"}],"house":{"chamberCode":"seanad","chamberType":"house","houseCode":"seanad","houseNo":"26","showAs":"26th Seanad","uri":"https:\/\/data.oireachtas.ie\/ie\/oireachtas\/house\/seanad\/26"},"progressStage":1,"showAs":"First Stage","stageCompleted":true,"stageOutcome":null,"stageURI":"https:\/\/data.oireachtas.ie\/ie\/oireachtas\/def\/bill-stage\/1","uri":"https:\/\/data.oireachtas.ie\/ie\/oireachtas\/bill\/2021\/68\/stage\/seanad\/1"}},"originHouse":{"showAs":"Seanad \u00c9ireann","uri":"https:\/\/data.oireachtas.ie\/ie\/oireachtas\/def\/house\/seanad"},"originHouseURI":"https:\/\/data.oireachtas.ie\/ie\/oireachtas\/def\/house\/seanad","relatedDocs":[{"relatedDoc":{"date":"2021-05-07","docType":"memo","formats":{"pdf":{"uri":"https:\/\/data.oireachtas.ie\/ie\/oireachtas\/bill\/2021\/68\/eng\/memo\/b6821s-memo.pdf"},"xml":null},"lang":"eng","showAs":"Explanatory Memorandum","uri":"https:\/\/data.oireachtas.ie\/ie\/oireachtas\/bill\/2021\/68\/eng\/memo"}}],"shortTitleEn":"Protection of Employment (Platform Workers and Bogus Self-Employment) Bill 2021","shortTitleGa":"An Bille um Chaomhn\u00fa Fosta\u00edochta (Oibrithe Ard\u00e1in agus F\u00e9infhosta\u00edocht Bhr\u00e9agach), 2021","source":"Private Member","sourceURI":"https:\/\/data.oireachtas.ie\/ie\/oireachtas\/def\/bill-source\/private-member","sponsors":[{"sponsor":{"as":{"showAs":null,"uri":null},"by":{"showAs":"Marie Sherlock","uri":"https:\/\/data.oireachtas.ie\/ie\/oireachtas\/member\/id\/Marie-Sherlock.S.2020-03-30"},"isPrimary":true}},{"sponsor":{"as":{"showAs":null,"uri":null},"by":{"showAs":"Ivana Bacik","uri":"https:\/\/data.oireachtas.ie\/ie\/oireachtas\/member\/id\/Ivana-Bacik.S.2007-07-23"},"isPrimary":false}},{"sponsor":{"as":{"showAs":null,"uri":null},"by":{"showAs":"Annie Hoey","uri":"https:\/\/data.oireachtas.ie\/ie\/oireachtas\/member\/id\/Annie-Hoey.S.2020-03-30"},"isPrimary":false}},{"sponsor":{"as":{"showAs":null,"uri":null},"by":{"showAs":"Rebecca Moynihan","uri":"https:\/\/data.oireachtas.ie\/ie\/oireachtas\/member\/id\/Rebecca-Moynihan.S.2020-03-30"},"isPrimary":false}},{"sponsor":{"as":{"showAs":null,"uri":null},"by":{"showAs":"Mark Wall","uri":"https:\/\/data.oireachtas.ie\/ie\/oireachtas\/member\/id\/Mark-Wall.S.2020-03-30"},"isPrimary":false}}],"stages":[{"event":{"chamber":{"chamberCode":"seanad","showAs":"Seanad \u00c9ireann","uri":"https:\/\/data.oireachtas.ie\/ie\/oireachtas\/def\/house\/seanad"},"dates":[{"date":"2021-04-09"},{"date":"2021-05-07"},{"date":"2021-05-07"}],"house":{"chamberCode":"seanad","chamberType":"house","houseCode":"seanad","houseNo":"26","showAs":"26th Seanad","uri":"https:\/\/data.oireachtas.ie\/ie\/oireachtas\/house\/seanad\/26"},"progressStage":1,"showAs":"First Stage","stageCompleted":true,"stageOutcome":null,"stageURI":"https:\/\/data.oireachtas.ie\/ie\/oireachtas\/def\/bill-stage\/1","uri":"https:\/\/data.oireachtas.ie\/ie\/oireachtas\/bill\/2021\/68\/stage\/seanad\/1"}}],"status":"Lapsed","statusURI":"https:\/\/data.oireachtas.ie\/ie\/oireachtas\/def\/bill-status\/lapsed","uri":"https:\/\/data.oireachtas.ie\/ie\/oireachtas\/bill\/2021\/68","versions":[{"version":{"date":"2021-05-07","docType":"bill","formats":{"pdf":{"uri":"https:\/\/data.oireachtas.ie\/ie\/oireachtas\/bill\/2021\/68\/eng\/initiated\/b6821s.pdf"},"xml":null},"lang":"eng","showAs":"As Initiated","uri":"https:\/\/data.oireachtas.ie\/ie\/oireachtas\/bill\/2021\/68\/eng\/initiated"}}]},"billSort":{"actNoSort":null,"actShortTitleEnSort":null,"actShortTitleGaSort":null,"actYearSort":null,"billNoSort":68,"billShortTitleEnSort":"protection-of-employment-platform-workers-and-bogus-self-employment-bill-2021","billShortTitleGaSort":"an-bille-um-chaomhnu-fostaiochta-oibrithe-ardain-agus-feinfhostaiocht-bhreagach-2021","billYearSort":2021},"contextDate":"2021-05-07"},{"bill":{"act":null,"amendmentLists":[],"billNo":"65","billType":"Public","billTypeURI":"https:\/\/data.oireachtas.ie\/ie\/oireachtas\/def\/bill-type\/public","billYear":"2021","debates":[{"chamber":{"showAs":"D\u00e1il \u00c9ireann","uri":"https:\/\/data.oireachtas.ie\/ie\/oireachtas\/def\/house\/dail"},"date":"2025-05-14","debateSectionId":"dbsect_9","showAs":"Trade Union Recognition Bill 2021: Second Stage [Private Members]","uri":"https:\/\/data.oireachtas.ie\/akn\/ie\/debateRecord\/dail\/2025-05-14\/debate\/main"},{"chamber":{"showAs":"D\u00e1il \u00c9ireann","uri":"https:\/\/data.oireachtas.ie\/ie\/oireachtas\/def\/house\/dail"},"date":"2025-05-14","debateSectionId":"dbsect_43","showAs":"Trade Union Recognition Bill 2021: Second Stage (Resumed) [Private Members]","uri":"https:\/\/data.oireachtas.ie\/akn\/ie\/debateRecord\/dail\/2025-05-14\/debate\/main"},{"chamber":{"showAs":"D\u00e1il \u00c9ireann","uri":"https:\/\/data.oireachtas.ie\/ie\/oireachtas\/def\/house\/dail"},"date":"2021-05-05","debateSectionId":"dbsect_6","showAs":"Trade Union Recognition Bill 2021: First Stage","uri":"https:\/\/data.oireachtas.ie\/akn\/ie\/debateRecord\/dail\/2021-05-05\/debate\/main"}],"events":[{"event":{"chamber":{"chamberCode":"dail","showAs":"D\u00e1il \u00c9ireann","uri":"https:\/\/data.oireachtas.ie\/ie\/oireachtas\/def\/house\/dail"},"dates":[{"date":"2021-02-04"},{"date":"2021-05-05"},{"date":"2025-05-01"},{"date":"2025-05-14"}],"eventURI":"https:\/\/data.oireachtas.ie\/ie\/oireachtas\/def\/bill-event\/admissibility-for-introduction","showAs":"Admissibility for Introduction","uri":"https:\/\/data.oireachtas.ie\/ie\/oireachtas\/bill\/2021\/65\/admissibility-for-introduction"}},{"event":{"chamber":{"chamberCode":"dail","showAs":"D\u00e1il \u00c9ireann","uri":"https:\/\/data.oireachtas.ie\/ie\/oireachtas\/def\/house\/dail"},"dates":[{"date":"2024-11-08"}],"eventURI":"https:\/\/data.oireachtas.ie\/ie\/oireachtas\/def\/bill-event\/bill-lapsed","showAs":"Bill Lapsed","uri":"https:\/\/data.oireachtas.ie\/ie\/oireachtas\/bill\/2021\/65\/bill-lapsed"}}],"lastUpdated":"2025-05-19T10:31:29.190000+00:00","longTitleEn":"Bill entitled an Act to provide a legal mechanism for trade union recognition for workers who comprise at least 20 per cent of the employees in an employment (or any category within that employment).","longTitleGa":"Bille d\u00e1 ngairtear Acht do shol\u00e1thar s\u00e1sra dl\u00edthi\u00fail chun aitheantas a thabhairt do cheardchumainn le haghaidh oibrithe arb \u00e9 at\u00e1 iontu 20 faoin gc\u00e9ad ar a laghad de na fostaithe i bhfosta\u00edocht (n\u00f3 in aon earn\u00e1il laistigh den fhosta\u00edocht sin).","method":"Introduced","methodURI":"https:\/\/data.oireachtas.ie\/ie\/oireachtas\/def\/bill-method\/introduced","mostRecentStage":{"event":{"chamber":{"chamberCode":"dail","showAs":"D\u00e1il \u00c9ireann","uri":"https:\/\/data.oireachtas.ie\/ie\/oireachtas\/def\/house\/dail"},"dates":[{"date":"2021-05-05"},{"date":"2021-05-05"},{"date":"2021-05-05"},{"date":"2021-05-05"}],"house":{"chamberCode":"dail","chamberType":"house","houseCode":"dail","houseNo":"33","showAs":"33rd D\u00e1il","uri":"https:\/\/data.oireachtas.ie\/ie\/oireachtas\/house\/dail\/33"},"progressStage":2,"showAs":"Second Stage","stageCompleted":false,"stageOutcome":"Defeated","stageURI":"https:\/\/data.oireachtas.ie\/ie\/oireachtas\/def\/bill-stage\/2","uri":"https:\/\/data.oireachtas.ie\/ie\/oireachtas\/bill\/2021\/65\/stage\/dail\/2"}},"originHouse":{"showAs":"D\u00e1il \u00c9ireann","uri":"https:\/\/data.oireachtas.ie\/ie\/oireachtas\/def\/house\/dail"},"originHouseURI":"https:\/\/data.oireachtas.ie\/ie\/oireachtas\/def\/house\/dail","relatedDocs":[{"relatedDoc":{"date":"2021-05-05","docType":"memo","formats":{"pdf":{"uri":"https:\/\/data.oireachtas.ie\/ie\/oireachtas\/bill\/2021\/65\/eng\/memo\/tradeunionrecognitionmemo2021-v1.pdf"},"xml":null},"lang":"eng","showAs":"Explanatory Memorandum","uri":"https:\/\/data.oireachtas.ie\/ie\/oireachtas\/bill\/2021\/65\/eng\/memo"}}],"shortTitleEn":"Trade Union Recognition Bill 2021","shortTitleGa":"An Bille um Aitheantas a Thabhairt do Cheardchumainn, 2021","source":"Private Member","sourceURI":"https:\/\/data.oireachtas.ie\/ie\/oireachtas\/def\/bill-source\/private-member","sponsors":[{"sponsor":{"as":{"showAs":null,"uri":null},"by":{"showAs":"Richard Boyd Barrett","uri":"https:\/\/data.oireachtas.ie\/ie\/oireachtas\/member\/id\/Richard-Boyd-Barrett.D.2011-03-09"},"isPrimary":true}}],"stages":[{"event":{"chamber":{"chamberCode":"dail","showAs":"D\u00e1il \u00c9ireann","uri":"https:\/\/data.oireachtas.ie\/ie\/oireachtas\/def\/house\/dail"},"dates":[{"date":"2021-02-04"},{"date":"2021-05-05"},{"date":"2021-05-05"}],"house":{"chamberCode":"dail","chamberType":"house","houseCode":"dail","houseNo":"33","showAs":"33rd D\u00e1il","uri":"https:\/\/data.oireachtas.ie\/ie\/oireachtas\/house\/dail\/33"},"progressStage":1,"showAs":"First Stage","stageCompleted":true,"stageOutcome":null,"stageURI":"https:\/\/data.oireachtas.ie\/ie\/oireachtas\/def\/bill-stage\/1","uri":"https:\/\/data.oireachtas.ie\/ie\/oireachtas\/bill\/2021\/65\/stage\/dail\/1"}},{"event":{"chamber":{"chamberCode":"dail","showAs":"D\u00e1il \u00c9ireann","uri":"https:\/\/data.oireachtas.ie\/ie\/oireachtas\/def\/house\/dail"},"dates":[{"date":"2021-05-05"},{"date":"2021-05-05"},{"date":"2021-05-05"},{"date":"2021-05-05"}],"house":{"chamberCode":"dail","chamberType":"house","houseCode":"dail","houseNo":"33","showAs":"33rd D\u00e1il","uri":"https:\/\/data.oireachtas.ie\/ie\/oireachtas\/house\/dail\/33"},"progressStage":2,"showAs":"Second Stage","stageCompleted":false,"stageOutcome":"Defeated","stageURI":"https:\/\/data.oireachtas.ie\/ie\/oireachtas\/def\/bill-stage\/2","uri":"https:\/\/data.oireachtas.ie\/ie\/oireachtas\/bill\/2021\/65\/stage\/dail\/2"}}],"status":"Defeated","statusURI":"https:\/\/data.oireachtas.ie\/ie\/oireachtas\/def\/bill-status\/defeated","uri":"https:\/\/data.oireachtas.ie\/ie\/oireachtas\/bill\/2021\/65","versions":[{"version":{"date":"2021-05-05","docType":"bill","formats":{"pdf":{"uri":"https:\/\/data.oireachtas.ie\/ie\/oireachtas\/bill\/2021\/65\/eng\/initiated\/86474-trade-union-recognition-bill-2021.pdf"},"xml":null},"lang":"eng","showAs":"As Initiated","uri":"https:\/\/data.oireachtas.ie\/ie\/oireachtas\/bill\/2021\/65\/eng\/initiated"}}]},"billSort":{"actNoSort":null,"actShortTitleEnSort":null,"actShortTitleGaSort":null,"actYearSort":null,"billNoSort":65,"billShortTitleEnSort":"trade-union-recognition-bill-2021","billShortTitleGaSort":"an-bille-um-aitheantas-a-thabhairt-do-cheardchumainn-2021","billYearSort":2021},"contextDate":"2021-05-05"},{"bill":{"act":null,"amendmentLists":[],"billNo":"61","billType":"Public","billTypeURI":"https:\/\/data.oireachtas.ie\/ie\/oireachtas\/def\/bill-type\/public","billYear":"2021","debates":[{"chamber":{"showAs":"Seanad \u00c9ireann","uri":"https:\/\/data.oireachtas.ie\/ie\/oireachtas\/def\/house\/seanad"},"date":"2021-04-30","debateSectionId":"dbsect_13","showAs":"Clean Air (Smoky Coal Ban) Bill 2021: First Stage","uri":"https:\/\/data.oireachtas.ie\/akn\/ie\/debateRecord\/seanad\/2021-04-30\/debate\/main"}],"events":[{"event":{"chamber":{"chamberCode":"seanad","showAs":"Seanad \u00c9ireann","uri":"https:\/\/data.oireachtas.ie\/ie\/oireachtas\/def\/house\/seanad"},"dates":[{"date":"2021-02-09"},{"date":"2021-04-30"},{"date":"2025-02-27"}],"eventURI":"https:\/\/data.oireachtas.ie\/ie\/oireachtas\/def\/bill-event\/admissibility-for-introduction","showAs":"Admissibility for Introduction","uri":"https:\/\/data.oireachtas.ie\/ie\/oireachtas\/bill\/2021\/61\/admissibility-for-introduction"}},{"event":{"chamber":{"chamberCode":"seanad","showAs":"Seanad \u00c9ireann","uri":"https:\/\/data.oireachtas.ie\/ie\/oireachtas\/def\/house\/seanad"},"dates":[{"date":"2025-01-29"}],"eventURI":"https:\/\/data.oireachtas.ie\/ie\/oireachtas\/def\/bill-event\/bill-lapsed","showAs":"Bill Lapsed","uri":"https:\/\/data.oireachtas.ie\/ie\/oireachtas\/bill\/2021\/61\/bill-lapsed"}}],"lastUpdated":"2025-03-28T09:54:03.050000+00:00","longTitleEn":"Bill entitled an Act to provide for the introduction of regulations to prohibit the sale, marketing, distribution and burning of bituminous (smoky) coal on a nationwide basis; and to provide for related matters.","longTitleGa":"Bille d\u00e1 ngairtear Acht do dh\u00e9anamh socr\u00fa maidir le rialach\u00e1in a thabhairt isteach do thoirmeasc gual biot\u00famanach (toiteach) a dh\u00edol, a mharg\u00fa, a dh\u00e1ileadh agus a dh\u00f3, ar bhonn n\u00e1isi\u00fanta; agus do dh\u00e9anamh socr\u00fa i dtaobh nithe gaolmhara.","method":"Introduced","methodURI":"https:\/\/data.oireachtas.ie\/ie\/oireachtas\/def\/bill-method\/introduced","mostRecentStage":{"event":{"chamber":{"chamberCode":"seanad","showAs":"Seanad \u00c9ireann","uri":"https:\/\/data.oireachtas.ie\/ie\/oireachtas\/def\/house\/seanad"},"dates":[{"date":"2025-01-29"},{"date":"2025-02-27"}],"house":{"chamberCode":"seanad","chamberType":"house","houseCode":"seanad","houseNo":"27","showAs":"27th Seanad","uri":"https:\/\/data.oireachtas.ie\/ie\/oireachtas\/house\/seanad\/27"},"progressStage":2,"showAs":"Second Stage","stageCompleted":false,"stageOutcome":"Current","stageURI":"https:\/\/data.oireachtas.ie\/ie\/oireachtas\/def\/bill-stage\/2","uri":"https:\/\/data.oireachtas.ie\/ie\/oireachtas\/bill\/2021\/61\/stage\/seanad\/2"}},"originHouse":{"showAs":"Seanad \u00c9ireann","uri":"https:\/\/data.oireachtas.ie\/ie\/oireachtas\/def\/house\/seanad"},"originHouseURI":"https:\/\/data.oireachtas.ie\/ie\/oireachtas\/def\/house\/seanad","relatedDocs":[{"relatedDoc":{"date":"2021-04-30","docType":"memo","formats":{"pdf":{"uri":"https:\/\/data.oireachtas.ie\/ie\/oireachtas\/bill\/2021\/61\/eng\/memo\/b6121s-memo.pdf"},"xml":null},"lang":"eng","showAs":"Explanatory Memorandum","uri":"https:\/\/data.oireachtas.ie\/ie\/oireachtas\/bill\/2021\/61\/eng\/memo"}}],"shortTitleEn":"Clean Air (Smoky Coal Ban) Bill 2021","shortTitleGa":"An Bille um Aer Glan (Cosc ar Ghual Toiteach), 2021","source":"Private Member","sourceURI":"https:\/\/data.oireachtas.ie\/ie\/oireachtas\/def\/bill-source\/private-member","sponsors":[{"sponsor":{"as":{"showAs":null,"uri":null},"by":{"showAs":"Timmy Dooley","uri":"https:\/\/data.oireachtas.ie\/ie\/oireachtas\/member\/id\/Timmy-Dooley.S.2002-09-12"},"isPrimary":true}},{"sponsor":{"as":{"showAs":null,"uri":null},"by":{"showAs":"Mary Fitzpatrick","uri":"https:\/\/data.oireachtas.ie\/ie\/oireachtas\/member\/id\/Mary-Fitzpatrick.S.2020-06-29"},"isPrimary":false}},{"sponsor":{"as":{"showAs":null,"uri":null},"by":{"showAs":"Fiona O'Loughlin","uri":"https:\/\/data.oireachtas.ie\/ie\/oireachtas\/member\/id\/Fiona-O'Loughlin.D.2016-10-03"},"isPrimary":false}}],"stages":[{"event":{"chamber":{"chamberCode":"seanad","showAs":"Seanad \u00c9ireann","uri":"https:\/\/data.oireachtas.ie\/ie\/oireachtas\/def\/house\/seanad"},"dates":[{"date":"2021-02-09"},{"date":"2021-04-30"},{"date":"2021-04-30"}],"house":{"chamberCode":"seanad","chamberType":"house","houseCode":"seanad","houseNo":"26","showAs":"26th Seanad","uri":"https:\/\/data.oireachtas.ie\/ie\/oireachtas\/house\/seanad\/26"},"progressStage":1,"showAs":"First Stage","stageCompleted":true,"stageOutcome":null,"stageURI":"https:\/\/data.oireachtas.ie\/ie\/oireachtas\/def\/bill-stage\/1","uri":"https:\/\/data.oireachtas.ie\/ie\/oireachtas\/bill\/2021\/61\/stage\/seanad\/1"}},{"event":{"chamber":{"chamberCode":"seanad","showAs":"Seanad \u00c9ireann","uri":"https:\/\/data.oireachtas.ie\/ie\/oireachtas\/def\/house\/seanad"},"dates":[{"date":"2025-01-29"},{"date":"2025-02-27"}],"house":{"chamberCode":"seanad","chamberType":"house","houseCode":"seanad","houseNo":"27","showAs":"27th Seanad","uri":"https:\/\/data.oireachtas.ie\/ie\/oireachtas\/house\/seanad\/27"},"progressStage":2,"showAs":"Second Stage","stageCompleted":false,"stageOutcome":"Current","stageURI":"https:\/\/data.oireachtas.ie\/ie\/oireachtas\/def\/bill-stage\/2","uri":"https:\/\/data.oireachtas.ie\/ie\/oireachtas\/bill\/2021\/61\/stage\/seanad\/2"}}],"status":"Current","statusURI":"https:\/\/data.oireachtas.ie\/ie\/oireachtas\/def\/bill-status\/published","uri":"https:\/\/data.oireachtas.ie\/ie\/oireachtas\/bill\/2021\/61","versions":[{"version":{"date":"2021-04-30","docType":"bill","formats":{"pdf":{"uri":"https:\/\/data.oireachtas.ie\/ie\/oireachtas\/bill\/2021\/61\/eng\/initiated\/b6121s.pdf"},"xml":null},"lang":"eng","showAs":"As Initiated","uri":"https:\/\/data.oireachtas.ie\/ie\/oireachtas\/bill\/2021\/61\/eng\/initiated"}}]},"billSort":{"actNoSort":null,"actShortTitleEnSort":null,"actShortTitleGaSort":null,"actYearSort":null,"billNoSort":61,"billShortTitleEnSort":"clean-air-smoky-coal-ban-bill-2021","billShortTitleGaSort":"an-bille-um-aer-glan-cosc-ar-ghual-toiteach-2021","billYearSort":2021},"contextDate":"2025-02-27"},{"bill":{"act":null,"amendmentLists":[],"billNo":"60","billType":"Public","billTypeURI":"https:\/\/data.oireachtas.ie\/ie\/oireachtas\/def\/bill-type\/public","billYear":"2021","debates":[{"chamber":{"showAs":"D\u00e1il \u00c9ireann","uri":"https:\/\/data.oireachtas.ie\/ie\/oireachtas\/def\/house\/dail"},"date":"2021-05-06","debateSectionId":"dbsect_12","showAs":"Planning and Development (Amendment) (Repeal of Part V Leasing) Bill 2021: Second Stage [Private Members]","uri":"https:\/\/data.oireachtas.ie\/akn\/ie\/debateRecord\/dail\/2021-05-06\/debate\/main"},{"chamber":{"showAs":"D\u00e1il \u00c9ireann","uri":"https:\/\/data.oireachtas.ie\/ie\/oireachtas\/def\/house\/dail"},"date":"2021-04-28","debateSectionId":"dbsect_17","showAs":"Planning and Development (Amendment) (Repeal of Part V Leasing) Bill 2021: First Stage","uri":"https:\/\/data.oireachtas.ie\/akn\/ie\/debateRecord\/dail\/2021-04-28\/debate\/main"}],"events":[{"event":{"chamber":{"chamberCode":"dail","showAs":"D\u00e1il \u00c9ireann","uri":"https:\/\/data.oireachtas.ie\/ie\/oireachtas\/def\/house\/dail"},"dates":[{"date":"2021-04-20"},{"date":"2021-04-28"},{"date":"2025-05-01"}],"eventURI":"https:\/\/data.oireachtas.ie\/ie\/oireachtas\/def\/bill-event\/admissibility-for-introduction","showAs":"Admissibility for Introduction","uri":"https:\/\/data.oireachtas.ie\/ie\/oireachtas\/bill\/2021\/60\/admissibility-for-introduction"}},{"event":{"chamber":{"chamberCode":"dail","showAs":"D\u00e1il \u00c9ireann","uri":"https:\/\/data.oireachtas.ie\/ie\/oireachtas\/def\/house\/dail"},"dates":[{"date":"2024-11-08"}],"eventURI":"https:\/\/data.oireachtas.ie\/ie\/oireachtas\/def\/bill-event\/bill-lapsed","showAs":"Bill Lapsed","uri":"https:\/\/data.oireachtas.ie\/ie\/oireachtas\/bill\/2021\/60\/bill-lapsed"}}],"lastUpdated":"2025-05-02T10:23:41.740000+00:00","longTitleEn":"Bill entitled an Act to repeal the parts of the Planning and Development Act 2000 that provide for the provision of social housing via Part V leasing.","longTitleGa":"Bille d\u00e1 ngairtear Acht d\u2019aisghairm na gcodanna den Acht um Plean\u00e1il agus Forbairt, 2000 lena nd\u00e9antar socr\u00fa maidir le tith\u00edocht sh\u00f3isialta a shol\u00e1thar tr\u00ed l\u00e9as\u00fa Chuid V.","method":"Introduced","methodURI":"https:\/\/data.oireachtas.ie\/ie\/oireachtas\/def\/bill-method\/introduced","mostRecentStage":{"event":{"chamber":{"chamberCode":"dail","showAs":"D\u00e1il \u00c9ireann","uri":"https:\/\/data.oireachtas.ie\/ie\/oireachtas\/def\/house\/dail"},"dates":[{"date":"2024-11-08"},{"date":"2025-05-01"}],"house":{"chamberCode":"dail","chamberType":"house","houseCode":"dail","houseNo":"33","showAs":"33rd D\u00e1il","uri":"https:\/\/data.oireachtas.ie\/ie\/oireachtas\/house\/dail\/33"},"progressStage":3,"showAs":"Committee Stage","stageCompleted":false,"stageOutcome":"Current","stageURI":"https:\/\/data.oireachtas.ie\/ie\/oireachtas\/def\/bill-stage\/3","uri":"https:\/\/data.oireachtas.ie\/ie\/oireachtas\/bill\/2021\/60\/stage\/dail\/3"}},"originHouse":{"showAs":"D\u00e1il \u00c9ireann","uri":"https:\/\/data.oireachtas.ie\/ie\/oireachtas\/def\/house\/dail"},"originHouseURI":"https:\/\/data.oireachtas.ie\/ie\/oireachtas\/def\/house\/dail","relatedDocs":[{"relatedDoc":{"date":"2021-04-28","docType":"memo","formats":{"pdf":{"uri":"https:\/\/data.oireachtas.ie\/ie\/oireachtas\/bill\/2021\/60\/eng\/memo\/b6021d-memo.pdf"},"xml":null},"lang":"eng","showAs":"Explanatory Memorandum","uri":"https:\/\/data.oireachtas.ie\/ie\/oireachtas\/bill\/2021\/60\/eng\/memo"}}],"shortTitleEn":"Planning and Development (Amendment) (Repeal of Part V Leasing) Bill 2021","shortTitleGa":"An Bille um Plean\u00e1il agus Forbairt (Leas\u00fa) (L\u00e9as\u00fa Chuid V a Aisghairm), 2021","source":"Private Member","sourceURI":"https:\/\/data.oireachtas.ie\/ie\/oireachtas\/def\/bill-source\/private-member","sponsors":[{"sponsor":{"as":{"showAs":null,"uri":null},"by":{"showAs":"Cian O'Callaghan","uri":"https:\/\/data.oireachtas.ie\/ie\/oireachtas\/member\/id\/Cian-O'Callaghan.D.2020-02-08"},"isPrimary":true}}],"stages":[{"event":{"chamber":{"chamberCode":"dail","showAs":"D\u00e1il \u00c9ireann","uri":"https:\/\/data.oireachtas.ie\/ie\/oireachtas\/def\/house\/dail"},"dates":[{"date":"2021-04-20"},{"date":"2021-04-28"},{"date":"2021-04-28"}],"house":{"chamberCode":"dail","chamberType":"house","houseCode":"dail","houseNo":"33","showAs":"33rd D\u00e1il","uri":"https:\/\/data.oireachtas.ie\/ie\/oireachtas\/house\/dail\/33"},"progressStage":1,"showAs":"First Stage","stageCompleted":true,"stageOutcome":null,"stageURI":"https:\/\/data.oireachtas.ie\/ie\/oireachtas\/def\/bill-stage\/1","uri":"https:\/\/data.oireachtas.ie\/ie\/oireachtas\/bill\/2021\/60\/stage\/dail\/1"}},{"event":{"chamber":{"chamberCode":"dail","showAs":"D\u00e1il \u00c9ireann","uri":"https:\/\/data.oireachtas.ie\/ie\/oireachtas\/def\/house\/dail"},"dates":[{"date":"2021-04-28"}],"house":{"chamberCode":"dail","chamberType":"house","houseCode":"dail","houseNo":"33","showAs":"33rd D\u00e1il","uri":"https:\/\/data.oireachtas.ie\/ie\/oireachtas\/house\/dail\/33"},"progressStage":2,"showAs":"Second Stage","stageCompleted":true,"stageOutcome":null,"stageURI":"https:\/\/data.oireachtas.ie\/ie\/oireachtas\/def\/bill-stage\/2","uri":"https:\/\/data.oireachtas.ie\/ie\/oireachtas\/bill\/2021\/60\/stage\/dail\/2"}},{"event":{"chamber":{"chamberCode":"dail","showAs":"D\u00e1il \u00c9ireann","uri":"https:\/\/data.oireachtas.ie\/ie\/oireachtas\/def\/house\/dail"},"dates":[{"date":"2024-11-08"},{"date":"2025-05-01"}],"house":{"chamberCode":"dail","chamberType":"house","houseCode":"dail","houseNo":"33","showAs":"33rd D\u00e1il","uri":"https:\/\/data.oireachtas.ie\/ie\/oireachtas\/house\/dail\/33"},"progressStage":3,"showAs":"Committee Stage","stageCompleted":false,"stageOutcome":"Current","stageURI":"https:\/\/data.oireachtas.ie\/ie\/oireachtas\/def\/bill-stage\/3","uri":"https:\/\/data.oireachtas.ie\/ie\/oireachtas\/bill\/2021\/60\/stage\/dail\/3"}}],"status":"Current","statusURI":"https:\/\/data.oireachtas.ie\/ie\/oireachtas\/def\/bill-status\/published","uri":"https:\/\/data.oireachtas.ie\/ie\/oireachtas\/bill\/2021\/60","versions":[{"version":{"date":"2021-04-28","docType":"bill","formats":{"pdf":{"uri":"https:\/\/data.oireachtas.ie\/ie\/oireachtas\/bill\/2021\/60\/eng\/initiated\/b6021d.pdf"},"xml":null},"lang":"eng","showAs":"As Initiated","uri":"https:\/\/data.oireachtas.ie\/ie\/oireachtas\/bill\/2021\/60\/eng\/initiated"}}]},"billSort":{"actNoSort":null,"actShortTitleEnSort":null,"actShortTitleGaSort":null,"actYearSort":null,"billNoSort":60,"billShortTitleEnSort":"planning-and-development-amendment-repeal-of-part-v-leasing-bill-2021","billShortTitleGaSort":"an-bille-um-pleanail-agus-forbairt-leasu-leasu-chuid-v-a-aisghairm-2021","billYearSort":2021},"contextDate":"2025-05-01"},{"bill":{"act":null,"amendmentLists":[],"billNo":"57","billType":"Public","billTypeURI":"https:\/\/data.oireachtas.ie\/ie\/oireachtas\/def\/bill-type\/public","billYear":"2021","debates":[{"chamber":{"showAs":"Seanad \u00c9ireann","uri":"https:\/\/data.oireachtas.ie\/ie\/oireachtas\/def\/house\/seanad"},"date":"2022-07-12","debateSectionId":"dbsect_31","showAs":"National Lottery (Amendment) Bill 2021: Committee Stage (Resumed)","uri":"https:\/\/data.oireachtas.ie\/akn\/ie\/debateRecord\/seanad\/2022-07-12\/debate\/main"},{"chamber":{"showAs":"Seanad \u00c9ireann","uri":"https:\/\/data.oireachtas.ie\/ie\/oireachtas\/def\/house\/seanad"},"date":"2022-02-24","debateSectionId":"dbsect_13","showAs":"National Lottery (Amendment) Bill 2021: Committee Stage","uri":"https:\/\/data.oireachtas.ie\/akn\/ie\/debateRecord\/seanad\/2022-02-24\/debate\/main"},{"chamber":{"showAs":"Seanad \u00c9ireann","uri":"https:\/\/data.oireachtas.ie\/ie\/oireachtas\/def\/house\/seanad"},"date":"2021-09-29","debateSectionId":"dbsect_14","showAs":"National Lottery (Amendment) Bill 2021: Second Stage","uri":"https:\/\/data.oireachtas.ie\/akn\/ie\/debateRecord\/seanad\/2021-09-29\/debate\/main"},{"chamber":{"showAs":"Seanad \u00c9ireann","uri":"https:\/\/data.oireachtas.ie\/ie\/oireachtas\/def\/house\/seanad"},"date":"2021-04-26","debateSectionId":"dbsect_11","showAs":"National Lottery (Amendment) Bill 2021: First Stage","uri":"https:\/\/data.oireachtas.ie\/akn\/ie\/debateRecord\/seanad\/2021-04-26\/debate\/main"}],"events":[{"event":{"chamber":{"chamberCode":"seanad","showAs":"Seanad \u00c9ireann","uri":"https:\/\/data.oireachtas.ie\/ie\/oireachtas\/def\/house\/seanad"},"dates":[{"date":"2021-04-19"},{"date":"2021-04-26"}],"eventURI":"https:\/\/data.oireachtas.ie\/ie\/oireachtas\/def\/bill-event\/admissibility-for-introduction","showAs":"Admissibility for Introduction","uri":"https:\/\/data.oireachtas.ie\/ie\/oireachtas\/bill\/2021\/57\/admissibility-for-introduction"}},{"event":{"chamber":{"chamberCode":"seanad","showAs":"Seanad \u00c9ireann","uri":"https:\/\/data.oireachtas.ie\/ie\/oireachtas\/def\/house\/seanad"},"dates":[{"date":"2025-01-29"}],"eventURI":"https:\/\/data.oireachtas.ie\/ie\/oireachtas\/def\/bill-event\/bill-lapsed","showAs":"Bill Lapsed","uri":"https:\/\/data.oireachtas.ie\/ie\/oireachtas\/bill\/2021\/57\/bill-lapsed"}}],"lastUpdated":"2025-01-30T11:17:37.160000+00:00","longTitleEn":"Bill entitled an Act to amend the National Lottery Act 2013 to prohibit the use of the National Lottery or its products in betting offers by entities other than the National Lottery.","longTitleGa":"Bille d\u00e1 ngairtear Acht do leas\u00fa an Achta um Chrannchur N\u00e1isi\u00fanta, 2013 chun a thoirmeasc ar eintitis seachas an Crannchur N\u00e1isi\u00fanta an Crannchur N\u00e1isi\u00fanta n\u00f3 a th\u00e1irg\u00ed a \u00fas\u00e1id i dtairiscint\u00ed geallt\u00f3ireachta.","method":"Introduced","methodURI":"https:\/\/data.oireachtas.ie\/ie\/oireachtas\/def\/bill-method\/introduced","mostRecentStage":{"event":{"chamber":{"chamberCode":"seanad","showAs":"Seanad \u00c9ireann","uri":"https:\/\/data.oireachtas.ie\/ie\/oireachtas\/def\/house\/seanad"},"dates":[{"date":"2021-09-29"},{"date":"2021-09-29"}],"house":{"chamberCode":"seanad","chamberType":"house","houseCode":"seanad","houseNo":"26","showAs":"26th Seanad","uri":"https:\/\/data.oireachtas.ie\/ie\/oireachtas\/house\/seanad\/26"},"progressStage":3,"showAs":"Committee Stage","stageCompleted":true,"stageOutcome":null,"stageURI":"https:\/\/data.oireachtas.ie\/ie\/oireachtas\/def\/bill-stage\/3","uri":"https:\/\/data.oireachtas.ie\/ie\/oireachtas\/bill\/2021\/57\/stage\/seanad\/3"}},"originHouse":{"showAs":"Seanad \u00c9ireann","uri":"https:\/\/data.oireachtas.ie\/ie\/oireachtas\/def\/house\/seanad"},"originHouseURI":"https:\/\/data.oireachtas.ie\/ie\/oireachtas\/def\/house\/seanad","relatedDocs":[{"relatedDoc":{"date":"2021-04-26","docType":"memo","formats":{"pdf":{"uri":"https:\/\/data.oireachtas.ie\/ie\/oireachtas\/bill\/2021\/57\/eng\/memo\/b5721s-memo.pdf"},"xml":null},"lang":"eng","showAs":"Explanatory Memorandum","uri":"https:\/\/data.oireachtas.ie\/ie\/oireachtas\/bill\/2021\/57\/eng\/memo"}}],"shortTitleEn":"National Lottery (Amendment) Bill 2021","shortTitleGa":"An Bille um Chrannchur N\u00e1isi\u00fanta (Leas\u00fa), 2021","source":"Private Member","sourceURI":"https:\/\/data.oireachtas.ie\/ie\/oireachtas\/def\/bill-source\/private-member","sponsors":[{"sponsor":{"isPrimary":true,"as":{"showAs":null,"uri":null},"by":{"showAs":"Barry Ward","uri":"https:\/\/data.oireachtas.ie\/ie\/oireachtas\/member\/id\/Barry-Ward.S.2020-03-30"}}},{"sponsor":{"isPrimary":false,"as":{"showAs":null,"uri":null},"by":{"showAs":"Emer Currie","uri":"https:\/\/data.oireachtas.ie\/ie\/oireachtas\/member\/id\/Emer-Currie.S.2020-06-29"}}},{"sponsor":{"isPrimary":false,"as":{"showAs":null,"uri":null},"by":{"showAs":"Miche\u00e1l Carrigy","uri":"https:\/\/data.oireachtas.ie\/ie\/oireachtas\/member\/id\/Miche\u00e1l-Carrigy.S.2020-03-30"}}}],"stages":[{"event":{"chamber":{"chamberCode":"seanad","showAs":"Seanad \u00c9ireann","uri":"https:\/\/data.oireachtas.ie\/ie\/oireachtas\/def\/house\/seanad"},"dates":[{"date":"2021-04-19"},{"date":"2021-04-26"},{"date":"2021-04-26"}],"house":{"chamberCode":"seanad","chamberType":"house","houseCode":"seanad","houseNo":"26","showAs":"26th Seanad","uri":"https:\/\/data.oireachtas.ie\/ie\/oireachtas\/house\/seanad\/26"},"progressStage":1,"showAs":"First Stage","stageCompleted":true,"stageOutcome":null,"stageURI":"https:\/\/data.oireachtas.ie\/ie\/oireachtas\/def\/bill-stage\/1","uri":"https:\/\/data.oireachtas.ie\/ie\/oireachtas\/bill\/2021\/57\/stage\/seanad\/1"}},{"event":{"chamber":{"chamberCode":"seanad","showAs":"Seanad \u00c9ireann","uri":"https:\/\/data.oireachtas.ie\/ie\/oireachtas\/def\/house\/seanad"},"dates":[{"date":"2021-04-26"}],"house":{"chamberCode":"seanad","chamberType":"house","houseCode":"seanad","houseNo":"26","showAs":"26th Seanad","uri":"https:\/\/data.oireachtas.ie\/ie\/oireachtas\/house\/seanad\/26"},"progressStage":2,"showAs":"Second Stage","stageCompleted":true,"stageOutcome":null,"stageURI":"https:\/\/data.oireachtas.ie\/ie\/oireachtas\/def\/bill-stage\/2","uri":"https:\/\/data.oireachtas.ie\/ie\/oireachtas\/bill\/2021\/57\/stage\/seanad\/2"}},{"event":{"chamber":{"chamberCode":"seanad","showAs":"Seanad \u00c9ireann","uri":"https:\/\/data.oireachtas.ie\/ie\/oireachtas\/def\/house\/seanad"},"dates":[{"date":"2021-09-29"},{"date":"2021-09-29"}],"house":{"chamberCode":"seanad","chamberType":"house","houseCode":"seanad","houseNo":"26","showAs":"26th Seanad","uri":"https:\/\/data.oireachtas.ie\/ie\/oireachtas\/house\/seanad\/26"},"progressStage":3,"showAs":"Committee Stage","stageCompleted":true,"stageOutcome":null,"stageURI":"https:\/\/data.oireachtas.ie\/ie\/oireachtas\/def\/bill-stage\/3","uri":"https:\/\/data.oireachtas.ie\/ie\/oireachtas\/bill\/2021\/57\/stage\/seanad\/3"}}],"status":"Lapsed","statusURI":"https:\/\/data.oireachtas.ie\/ie\/oireachtas\/def\/bill-status\/lapsed","uri":"https:\/\/data.oireachtas.ie\/ie\/oireachtas\/bill\/2021\/57","versions":[{"version":{"lang":"eng","docType":"bill","showAs":"As Initiated","date":"2021-04-26","formats":{"pdf":{"uri":"https:\/\/data.oireachtas.ie\/ie\/oireachtas\/bill\/2021\/57\/eng\/initiated\/b5721s.pdf"},"xml":null},"uri":"https:\/\/data.oireachtas.ie\/ie\/oireachtas\/bill\/2021\/57\/eng\/initiated"}}]},"contextDate":"2021-09-29","billSort":{"actNoSort":null,"actShortTitleEnSort":null,"actShortTitleGaSort":null,"actYearSort":null,"billNoSort":57,"billShortTitleEnSort":"national-lottery-amendment-bill-2021","billShortTitleGaSort":"an-bille-um-chrannchur-naisiunta-leasu-2021","billYearSort":2021}},{"bill":{"act":null,"amendmentLists":[],"billNo":"53","billType":"Public","billTypeURI":"https:\/\/data.oireachtas.ie\/ie\/oireachtas\/def\/bill-type\/public","billYear":"2021","debates":[{"chamber":{"showAs":"D\u00e1il \u00c9ireann","uri":"https:\/\/data.oireachtas.ie\/ie\/oireachtas\/def\/house\/dail"},"date":"2021-05-12","debateSectionId":"dbsect_8","showAs":"Companies (Protection of Employees' Rights in Liquidations) Bill 2021: Second Stage [Private Members]","uri":"https:\/\/data.oireachtas.ie\/akn\/ie\/debateRecord\/dail\/2021-05-12\/debate\/main"},{"chamber":{"showAs":"D\u00e1il \u00c9ireann","uri":"https:\/\/data.oireachtas.ie\/ie\/oireachtas\/def\/house\/dail"},"date":"2021-05-12","debateSectionId":"dbsect_64","showAs":"Companies (Protection of Employees' Rights in Liquidations) Bill 2021: Second Stage (Resumed) [Private Members]","uri":"https:\/\/data.oireachtas.ie\/akn\/ie\/debateRecord\/dail\/2021-05-12\/debate\/main"},{"chamber":{"showAs":"D\u00e1il \u00c9ireann","uri":"https:\/\/data.oireachtas.ie\/ie\/oireachtas\/def\/house\/dail"},"date":"2021-04-21","debateSectionId":"dbsect_11","showAs":"Companies (Protection of Employees\u2019 Rights in Liquidations) Bill 2021: First Stage","uri":"https:\/\/data.oireachtas.ie\/akn\/ie\/debateRecord\/dail\/2021-04-21\/debate\/main"}],"events":[{"event":{"chamber":{"chamberCode":"dail","showAs":"D\u00e1il \u00c9ireann","uri":"https:\/\/data.oireachtas.ie\/ie\/oireachtas\/def\/house\/dail"},"dates":[{"date":"2021-04-01"},{"date":"2021-04-21"},{"date":"2025-05-01"}],"eventURI":"https:\/\/data.oireachtas.ie\/ie\/oireachtas\/def\/bill-event\/admissibility-for-introduction","showAs":"Admissibility for Introduction","uri":"https:\/\/data.oireachtas.ie\/ie\/oireachtas\/bill\/2021\/53\/admissibility-for-introduction"}},{"event":{"chamber":{"chamberCode":"dail","showAs":"D\u00e1il \u00c9ireann","uri":"https:\/\/data.oireachtas.ie\/ie\/oireachtas\/def\/house\/dail"},"dates":[{"date":"2024-11-08"}],"eventURI":"https:\/\/data.oireachtas.ie\/ie\/oireachtas\/def\/bill-event\/bill-lapsed","showAs":"Bill Lapsed","uri":"https:\/\/data.oireachtas.ie\/ie\/oireachtas\/bill\/2021\/53\/bill-lapsed"}}],"lastUpdated":"2025-05-02T11:31:22.940000+00:00","longTitleEn":"Bill entitled an Act to amend the Companies Act 2014 to provide for preferential creditor status to employees in collective redundancy situations; to provide for recognition of redundancy payments in a winding up; and to provide for related matters.","longTitleGa":"Bille d\u00e1 ngairtear Acht do leas\u00fa Acht na gCuideachta\u00ed, 2014 chun socr\u00fa a dh\u00e9anamh maidir le st\u00e1das mar chreidi\u00fana\u00ed tosa\u00edochta d\u2019fhostaithe i gc\u00e1sanna comhiomarca\u00edochta; do dh\u00e9anamh socr\u00fa maidir le haitheantas a thabhairt d\u2019\u00edoca\u00edochta\u00ed iomarca\u00edochta i bhfoirceannadh; agus do dh\u00e9anamh socr\u00fa i dtaobh nithe gaolmhara.","method":"Introduced","methodURI":"https:\/\/data.oireachtas.ie\/ie\/oireachtas\/def\/bill-method\/introduced","mostRecentStage":{"event":{"chamber":{"chamberCode":"dail","showAs":"D\u00e1il \u00c9ireann","uri":"https:\/\/data.oireachtas.ie\/ie\/oireachtas\/def\/house\/dail"},"dates":[{"date":"2024-11-08"},{"date":"2025-05-01"}],"house":{"chamberCode":"dail","chamberType":"house","houseCode":"dail","houseNo":"33","showAs":"33rd D\u00e1il","uri":"https:\/\/data.oireachtas.ie\/ie\/oireachtas\/house\/dail\/33"},"progressStage":3,"showAs":"Committee Stage","stageCompleted":false,"stageOutcome":"Current","stageURI":"https:\/\/data.oireachtas.ie\/ie\/oireachtas\/def\/bill-stage\/3","uri":"https:\/\/data.oireachtas.ie\/ie\/oireachtas\/bill\/2021\/53\/stage\/dail\/3"}},"originHouse":{"showAs":"D\u00e1il \u00c9ireann","uri":"https:\/\/data.oireachtas.ie\/ie\/oireachtas\/def\/house\/dail"},"originHouseURI":"https:\/\/data.oireachtas.ie\/ie\/oireachtas\/def\/house\/dail","relatedDocs":[{"relatedDoc":{"date":"2021-04-21","docType":"memo","formats":{"pdf":{"uri":"https:\/\/data.oireachtas.ie\/ie\/oireachtas\/bill\/2021\/53\/eng\/memo\/b5321d-memo.pdf"},"xml":null},"lang":"eng","showAs":"Explanatory Memorandum","uri":"https:\/\/data.oireachtas.ie\/ie\/oireachtas\/bill\/2021\/53\/eng\/memo"}}],"shortTitleEn":"Companies (Protection of Employees\u2019 Rights in Liquidations) Bill 2021","shortTitleGa":"Bille na gCuideachta\u00ed (Cearta Fostaithe a Chosaint i Leachtuithe), 2021","source":"Private Member","sourceURI":"https:\/\/data.oireachtas.ie\/ie\/oireachtas\/def\/bill-source\/private-member","sponsors":[{"sponsor":{"as":{"showAs":null,"uri":null},"by":{"showAs":"Mick Barry","uri":"https:\/\/data.oireachtas.ie\/ie\/oireachtas\/member\/id\/Mick-Barry.D.2016-10-03"},"isPrimary":true}}],"stages":[{"event":{"chamber":{"chamberCode":"dail","showAs":"D\u00e1il \u00c9ireann","uri":"https:\/\/data.oireachtas.ie\/ie\/oireachtas\/def\/house\/dail"},"dates":[{"date":"2021-04-01"},{"date":"2021-04-21"},{"date":"2021-04-21"}],"house":{"chamberCode":"dail","chamberType":"house","houseCode":"dail","houseNo":"33","showAs":"33rd D\u00e1il","uri":"https:\/\/data.oireachtas.ie\/ie\/oireachtas\/house\/dail\/33"},"progressStage":1,"showAs":"First Stage","stageCompleted":true,"stageOutcome":null,"stageURI":"https:\/\/data.oireachtas.ie\/ie\/oireachtas\/def\/bill-stage\/1","uri":"https:\/\/data.oireachtas.ie\/ie\/oireachtas\/bill\/2021\/53\/stage\/dail\/1"}},{"event":{"chamber":{"chamberCode":"dail","showAs":"D\u00e1il \u00c9ireann","uri":"https:\/\/data.oireachtas.ie\/ie\/oireachtas\/def\/house\/dail"},"dates":[{"date":"2021-04-21"},{"date":"2021-04-21"}],"house":{"chamberCode":"dail","chamberType":"house","houseCode":"dail","houseNo":"33","showAs":"33rd D\u00e1il","uri":"https:\/\/data.oireachtas.ie\/ie\/oireachtas\/house\/dail\/33"},"progressStage":2,"showAs":"Second Stage","stageCompleted":true,"stageOutcome":null,"stageURI":"https:\/\/data.oireachtas.ie\/ie\/oireachtas\/def\/bill-stage\/2","uri":"https:\/\/data.oireachtas.ie\/ie\/oireachtas\/bill\/2021\/53\/stage\/dail\/2"}},{"event":{"chamber":{"chamberCode":"dail","showAs":"D\u00e1il \u00c9ireann","uri":"https:\/\/data.oireachtas.ie\/ie\/oireachtas\/def\/house\/dail"},"dates":[{"date":"2024-11-08"},{"date":"2025-05-01"}],"house":{"chamberCode":"dail","chamberType":"house","houseCode":"dail","houseNo":"33","showAs":"33rd D\u00e1il","uri":"https:\/\/data.oireachtas.ie\/ie\/oireachtas\/house\/dail\/33"},"progressStage":3,"showAs":"Committee Stage","stageCompleted":false,"stageOutcome":"Current","stageURI":"https:\/\/data.oireachtas.ie\/ie\/oireachtas\/def\/bill-stage\/3","uri":"https:\/\/data.oireachtas.ie\/ie\/oireachtas\/bill\/2021\/53\/stage\/dail\/3"}}],"status":"Current","statusURI":"https:\/\/data.oireachtas.ie\/ie\/oireachtas\/def\/bill-status\/published","uri":"https:\/\/data.oireachtas.ie\/ie\/oireachtas\/bill\/2021\/53","versions":[{"version":{"date":"2021-04-21","docType":"bill","formats":{"pdf":{"uri":"https:\/\/data.oireachtas.ie\/ie\/oireachtas\/bill\/2021\/53\/eng\/initiated\/b5321d.pdf"},"xml":null},"lang":"eng","showAs":"As Initiated","uri":"https:\/\/data.oireachtas.ie\/ie\/oireachtas\/bill\/2021\/53\/eng\/initiated"}}]},"billSort":{"actNoSort":null,"actShortTitleEnSort":null,"actShortTitleGaSort":null,"actYearSort":null,"billNoSort":53,"billShortTitleEnSort":"companies-protection-of-employees-rights-in-liquidations-bill-2021","billShortTitleGaSort":"bille-na-gcuideachtai-cearta-fostaithe-a-chosaint-i-leachtuithe-2021","billYearSort":2021},"contextDate":"2025-05-01"},{"bill":{"act":null,"amendmentLists":[],"billNo":"51","billType":"Public","billTypeURI":"https:\/\/data.oireachtas.ie\/ie\/oireachtas\/def\/bill-type\/public","billYear":"2021","debates":[{"chamber":{"showAs":"D\u00e1il \u00c9ireann","uri":"https:\/\/data.oireachtas.ie\/ie\/oireachtas\/def\/house\/dail"},"date":"2026-02-04","debateSectionId":"dbsect_15","showAs":"Judicial Council (Amendment) Bill 2021: Referral to Select Committee","uri":"https:\/\/data.oireachtas.ie\/akn\/ie\/debateRecord\/dail\/2026-02-04\/debate\/main"},{"chamber":{"showAs":"D\u00e1il \u00c9ireann","uri":"https:\/\/data.oireachtas.ie\/ie\/oireachtas\/def\/house\/dail"},"date":"2024-05-30","debateSectionId":"dbsect_29","showAs":"Judicial Council (Amendment) Bill 2021: Referral to Select Committee [Private Members]","uri":"https:\/\/data.oireachtas.ie\/akn\/ie\/debateRecord\/dail\/2024-05-30\/debate\/main"},{"chamber":{"showAs":"D\u00e1il \u00c9ireann","uri":"https:\/\/data.oireachtas.ie\/ie\/oireachtas\/def\/house\/dail"},"date":"2021-06-02","debateSectionId":"dbsect_35","showAs":"Judicial Council (Amendment) Bill 2021: Second Stage (Resumed) [Private Members]","uri":"https:\/\/data.oireachtas.ie\/akn\/ie\/debateRecord\/dail\/2021-06-02\/debate\/main"},{"chamber":{"showAs":"D\u00e1il \u00c9ireann","uri":"https:\/\/data.oireachtas.ie\/ie\/oireachtas\/def\/house\/dail"},"date":"2021-06-01","debateSectionId":"dbsect_19","showAs":"Judicial Council (Amendment) Bill 2021: Second Stage [Private Members]","uri":"https:\/\/data.oireachtas.ie\/akn\/ie\/debateRecord\/dail\/2021-06-01\/debate\/main"},{"chamber":{"showAs":"D\u00e1il \u00c9ireann","uri":"https:\/\/data.oireachtas.ie\/ie\/oireachtas\/def\/house\/dail"},"date":"2021-04-21","debateSectionId":"dbsect_9","showAs":"Judicial Council (Amendment) Bill 2021: First Stage","uri":"https:\/\/data.oireachtas.ie\/akn\/ie\/debateRecord\/dail\/2021-04-21\/debate\/main"}],"events":[{"event":{"chamber":{"chamberCode":"dail","showAs":"D\u00e1il \u00c9ireann","uri":"https:\/\/data.oireachtas.ie\/ie\/oireachtas\/def\/house\/dail"},"dates":[{"date":"2021-04-16"},{"date":"2021-04-21"},{"date":"2025-05-01"}],"eventURI":"https:\/\/data.oireachtas.ie\/ie\/oireachtas\/def\/bill-event\/admissibility-for-introduction","showAs":"Admissibility for Introduction","uri":"https:\/\/data.oireachtas.ie\/ie\/oireachtas\/bill\/2021\/51\/admissibility-for-introduction"}},{"event":{"chamber":{"chamberCode":"dail","showAs":"D\u00e1il \u00c9ireann","uri":"https:\/\/data.oireachtas.ie\/ie\/oireachtas\/def\/house\/dail"},"dates":[{"date":"2024-11-08"}],"eventURI":"https:\/\/data.oireachtas.ie\/ie\/oireachtas\/def\/bill-event\/bill-lapsed","showAs":"Bill Lapsed","uri":"https:\/\/data.oireachtas.ie\/ie\/oireachtas\/bill\/2021\/51\/bill-lapsed"}}],"lastUpdated":"2025-05-02T11:33:48.120000+00:00","longTitleEn":"Bill entitled an Act to provide for amendments to the Judicial Council Act 2019, to provide for the making of regulations to require insurance providers to provide information to the Central Bank of Ireland relating to the effect of personal injuries guidelines and related matters.","longTitleGa":"Bille d\u00e1 ngairtear Acht do dh\u00e9anamh socr\u00fa maidir le leasuithe ar an Acht um Chomhairle na mBreithi\u00fana, 2019, do dh\u00e9anamh socr\u00fa chun rialach\u00e1in a dh\u00e9anamh lena gceangl\u00f3far ar shol\u00e1thraithe \u00e1rachais faisn\u00e9is a bhaineann le h\u00e9ifeacht treoirl\u00ednte maidir le d\u00edobh\u00e1lacha pearsanta a shol\u00e1thar do Bhanc Ceannais na h\u00c9ireann agus i dtaobh nithe gaolmhara.","method":"Introduced","methodURI":"https:\/\/data.oireachtas.ie\/ie\/oireachtas\/def\/bill-method\/introduced","mostRecentStage":{"event":{"chamber":{"chamberCode":"dail","showAs":"D\u00e1il \u00c9ireann","uri":"https:\/\/data.oireachtas.ie\/ie\/oireachtas\/def\/house\/dail"},"dates":[{"date":"2024-11-08"},{"date":"2025-05-01"}],"house":{"chamberCode":"dail","chamberType":"house","houseCode":"dail","houseNo":"33","showAs":"33rd D\u00e1il","uri":"https:\/\/data.oireachtas.ie\/ie\/oireachtas\/house\/dail\/33"},"progressStage":3,"showAs":"Committee Stage","stageCompleted":false,"stageOutcome":"Current","stageURI":"https:\/\/data.oireachtas.ie\/ie\/oireachtas\/def\/bill-stage\/3","uri":"https:\/\/data.oireachtas.ie\/ie\/oireachtas\/bill\/2021\/51\/stage\/dail\/3"}},"originHouse":{"showAs":"D\u00e1il \u00c9ireann","uri":"https:\/\/data.oireachtas.ie\/ie\/oireachtas\/def\/house\/dail"},"originHouseURI":"https:\/\/data.oireachtas.ie\/ie\/oireachtas\/def\/house\/dail","relatedDocs":[{"relatedDoc":{"date":"2021-04-21","docType":"memo","formats":{"pdf":{"uri":"https:\/\/data.oireachtas.ie\/ie\/oireachtas\/bill\/2021\/51\/eng\/memo\/b5121d-memo.pdf"},"xml":null},"lang":"eng","showAs":"Explanatory Memorandum","uri":"https:\/\/data.oireachtas.ie\/ie\/oireachtas\/bill\/2021\/51\/eng\/memo"}}],"shortTitleEn":"Judicial Council (Amendment) Bill 2021","shortTitleGa":"An Bille um Chomhairle na mBreithi\u00fana (Leas\u00fa), 2021","source":"Private Member","sourceURI":"https:\/\/data.oireachtas.ie\/ie\/oireachtas\/def\/bill-source\/private-member","sponsors":[{"sponsor":{"as":{"showAs":null,"uri":null},"by":{"showAs":"Pearse Doherty","uri":"https:\/\/data.oireachtas.ie\/ie\/oireachtas\/member\/id\/Pearse-Doherty.S.2007-07-23"},"isPrimary":true}}],"stages":[{"event":{"chamber":{"chamberCode":"dail","showAs":"D\u00e1il \u00c9ireann","uri":"https:\/\/data.oireachtas.ie\/ie\/oireachtas\/def\/house\/dail"},"dates":[{"date":"2021-04-16"},{"date":"2021-04-21"},{"date":"2021-04-21"}],"house":{"chamberCode":"dail","chamberType":"house","houseCode":"dail","houseNo":"33","showAs":"33rd D\u00e1il","uri":"https:\/\/data.oireachtas.ie\/ie\/oireachtas\/house\/dail\/33"},"progressStage":1,"showAs":"First Stage","stageCompleted":true,"stageOutcome":null,"stageURI":"https:\/\/data.oireachtas.ie\/ie\/oireachtas\/def\/bill-stage\/1","uri":"https:\/\/data.oireachtas.ie\/ie\/oireachtas\/bill\/2021\/51\/stage\/dail\/1"}},{"event":{"chamber":{"chamberCode":"dail","showAs":"D\u00e1il \u00c9ireann","uri":"https:\/\/data.oireachtas.ie\/ie\/oireachtas\/def\/house\/dail"},"dates":[{"date":"2021-04-21"},{"date":"2021-04-21"}],"house":{"chamberCode":"dail","chamberType":"house","houseCode":"dail","houseNo":"33","showAs":"33rd D\u00e1il","uri":"https:\/\/data.oireachtas.ie\/ie\/oireachtas\/house\/dail\/33"},"progressStage":2,"showAs":"Second Stage","stageCompleted":true,"stageOutcome":null,"stageURI":"https:\/\/data.oireachtas.ie\/ie\/oireachtas\/def\/bill-stage\/2","uri":"https:\/\/data.oireachtas.ie\/ie\/oireachtas\/bill\/2021\/51\/stage\/dail\/2"}},{"event":{"chamber":{"chamberCode":"dail","showAs":"D\u00e1il \u00c9ireann","uri":"https:\/\/data.oireachtas.ie\/ie\/oireachtas\/def\/house\/dail"},"dates":[{"date":"2024-11-08"},{"date":"2025-05-01"}],"house":{"chamberCode":"dail","chamberType":"house","houseCode":"dail","houseNo":"33","showAs":"33rd D\u00e1il","uri":"https:\/\/data.oireachtas.ie\/ie\/oireachtas\/house\/dail\/33"},"progressStage":3,"showAs":"Committee Stage","stageCompleted":false,"stageOutcome":"Current","stageURI":"https:\/\/data.oireachtas.ie\/ie\/oireachtas\/def\/bill-stage\/3","uri":"https:\/\/data.oireachtas.ie\/ie\/oireachtas\/bill\/2021\/51\/stage\/dail\/3"}}],"status":"Current","statusURI":"https:\/\/data.oireachtas.ie\/ie\/oireachtas\/def\/bill-status\/published","uri":"https:\/\/data.oireachtas.ie\/ie\/oireachtas\/bill\/2021\/51","versions":[{"version":{"date":"2021-04-21","docType":"bill","formats":{"pdf":{"uri":"https:\/\/data.oireachtas.ie\/ie\/oireachtas\/bill\/2021\/51\/eng\/initiated\/b5121d.pdf"},"xml":null},"lang":"eng","showAs":"As Initiated","uri":"https:\/\/data.oireachtas.ie\/ie\/oireachtas\/bill\/2021\/51\/eng\/initiated"}}]},"billSort":{"actNoSort":null,"actShortTitleEnSort":null,"actShortTitleGaSort":null,"actYearSort":null,"billNoSort":51,"billShortTitleEnSort":"judicial-council-amendment-bill-2021","billShortTitleGaSort":"an-bille-um-chomhairle-na-mbreithiuna-leasu-2021","billYearSort":2021},"contextDate":"2025-05-01"},{"bill":{"act":null,"amendmentLists":[],"billNo":"48","billType":"Public","billTypeURI":"https:\/\/data.oireachtas.ie\/ie\/oireachtas\/def\/bill-type\/public","billYear":"2021","debates":[{"chamber":{"showAs":"Seanad \u00c9ireann","uri":"https:\/\/data.oireachtas.ie\/ie\/oireachtas\/def\/house\/seanad"},"date":"2022-03-23","debateSectionId":"dbsect_12","showAs":"Gambling (Prohibition of Advertising) Bill 2021: Second Stage","uri":"https:\/\/data.oireachtas.ie\/akn\/ie\/debateRecord\/seanad\/2022-03-23\/debate\/main"},{"chamber":{"showAs":"Seanad \u00c9ireann","uri":"https:\/\/data.oireachtas.ie\/ie\/oireachtas\/def\/house\/seanad"},"date":"2021-04-19","debateSectionId":"dbsect_12","showAs":"Gambling (Prohibition of Advertising) Bill 2021: First Stage","uri":"https:\/\/data.oireachtas.ie\/akn\/ie\/debateRecord\/seanad\/2021-04-19\/debate\/main"}],"events":[{"event":{"chamber":{"chamberCode":"seanad","showAs":"Seanad \u00c9ireann","uri":"https:\/\/data.oireachtas.ie\/ie\/oireachtas\/def\/house\/seanad"},"dates":[{"date":"2021-03-31"},{"date":"2021-04-19"}],"eventURI":"https:\/\/data.oireachtas.ie\/ie\/oireachtas\/def\/bill-event\/admissibility-for-introduction","showAs":"Admissibility for Introduction","uri":"https:\/\/data.oireachtas.ie\/ie\/oireachtas\/bill\/2021\/48\/admissibility-for-introduction"}},{"event":{"chamber":{"chamberCode":"seanad","showAs":"Seanad \u00c9ireann","uri":"https:\/\/data.oireachtas.ie\/ie\/oireachtas\/def\/house\/seanad"},"dates":[{"date":"2025-01-29"}],"eventURI":"https:\/\/data.oireachtas.ie\/ie\/oireachtas\/def\/bill-event\/bill-lapsed","showAs":"Bill Lapsed","uri":"https:\/\/data.oireachtas.ie\/ie\/oireachtas\/bill\/2021\/48\/bill-lapsed"}}],"lastUpdated":"2025-01-30T11:17:37.160000+00:00","longTitleEn":"Bill entitled an Act to regulate in the public interest advertising and sponsorship of gambling; and to provide for related matters.","longTitleGa":"Bille d\u00e1 ngairtear Acht do dh\u00e9anamh rial\u00e1il, ar mhaithe le leas an phobail, ar fh\u00f3gra\u00edocht agus urra\u00edocht ar chearrbhachas; agus do dh\u00e9anamh socr\u00fa i dtaobh nithe gaolmhara.","method":"Introduced","methodURI":"https:\/\/data.oireachtas.ie\/ie\/oireachtas\/def\/bill-method\/introduced","mostRecentStage":{"event":{"chamber":{"chamberCode":"seanad","showAs":"Seanad \u00c9ireann","uri":"https:\/\/data.oireachtas.ie\/ie\/oireachtas\/def\/house\/seanad"},"dates":[{"date":"2021-04-19"}],"house":{"chamberCode":"seanad","chamberType":"house","houseCode":"seanad","houseNo":"26","showAs":"26th Seanad","uri":"https:\/\/data.oireachtas.ie\/ie\/oireachtas\/house\/seanad\/26"},"progressStage":2,"showAs":"Second Stage","stageCompleted":true,"stageOutcome":null,"stageURI":"https:\/\/data.oireachtas.ie\/ie\/oireachtas\/def\/bill-stage\/2","uri":"https:\/\/data.oireachtas.ie\/ie\/oireachtas\/bill\/2021\/48\/stage\/seanad\/2"}},"originHouse":{"showAs":"Seanad \u00c9ireann","uri":"https:\/\/data.oireachtas.ie\/ie\/oireachtas\/def\/house\/seanad"},"originHouseURI":"https:\/\/data.oireachtas.ie\/ie\/oireachtas\/def\/house\/seanad","relatedDocs":[{"relatedDoc":{"date":"2021-04-19","docType":"memo","formats":{"pdf":{"uri":"https:\/\/data.oireachtas.ie\/ie\/oireachtas\/bill\/2021\/48\/eng\/memo\/b4821s-memo.pdf"},"xml":null},"lang":"eng","showAs":"Explanatory Memorandum","uri":"https:\/\/data.oireachtas.ie\/ie\/oireachtas\/bill\/2021\/48\/eng\/memo"}}],"shortTitleEn":"Gambling (Prohibition of Advertising) Bill 2021","shortTitleGa":"An Bille um Chearrbhachas (F\u00f3gra\u00edocht a Thoirmeasc), 2021","source":"Private Member","sourceURI":"https:\/\/data.oireachtas.ie\/ie\/oireachtas\/def\/bill-source\/private-member","sponsors":[{"sponsor":{"isPrimary":true,"as":{"showAs":null,"uri":null},"by":{"showAs":"Mark Wall","uri":"https:\/\/data.oireachtas.ie\/ie\/oireachtas\/member\/id\/Mark-Wall.S.2020-03-30"}}},{"sponsor":{"isPrimary":false,"as":{"showAs":null,"uri":null},"by":{"showAs":"Ivana Bacik","uri":"https:\/\/data.oireachtas.ie\/ie\/oireachtas\/member\/id\/Ivana-Bacik.S.2007-07-23"}}},{"sponsor":{"isPrimary":false,"as":{"showAs":null,"uri":null},"by":{"showAs":"Annie Hoey","uri":"https:\/\/data.oireachtas.ie\/ie\/oireachtas\/member\/id\/Annie-Hoey.S.2020-03-30"}}},{"sponsor":{"isPrimary":false,"as":{"showAs":null,"uri":null},"by":{"showAs":"Rebecca Moynihan","uri":"https:\/\/data.oireachtas.ie\/ie\/oireachtas\/member\/id\/Rebecca-Moynihan.S.2020-03-30"}}},{"sponsor":{"isPrimary":false,"as":{"showAs":null,"uri":null},"by":{"showAs":"Marie Sherlock","uri":"https:\/\/data.oireachtas.ie\/ie\/oireachtas\/member\/id\/Marie-Sherlock.S.2020-03-30"}}}],"stages":[{"event":{"chamber":{"chamberCode":"seanad","showAs":"Seanad \u00c9ireann","uri":"https:\/\/data.oireachtas.ie\/ie\/oireachtas\/def\/house\/seanad"},"dates":[{"date":"2021-03-31"},{"date":"2021-04-19"},{"date":"2021-04-19"}],"house":{"chamberCode":"seanad","chamberType":"house","houseCode":"seanad","houseNo":"26","showAs":"26th Seanad","uri":"https:\/\/data.oireachtas.ie\/ie\/oireachtas\/house\/seanad\/26"},"progressStage":1,"showAs":"First Stage","stageCompleted":true,"stageOutcome":null,"stageURI":"https:\/\/data.oireachtas.ie\/ie\/oireachtas\/def\/bill-stage\/1","uri":"https:\/\/data.oireachtas.ie\/ie\/oireachtas\/bill\/2021\/48\/stage\/seanad\/1"}},{"event":{"chamber":{"chamberCode":"seanad","showAs":"Seanad \u00c9ireann","uri":"https:\/\/data.oireachtas.ie\/ie\/oireachtas\/def\/house\/seanad"},"dates":[{"date":"2021-04-19"}],"house":{"chamberCode":"seanad","chamberType":"house","houseCode":"seanad","houseNo":"26","showAs":"26th Seanad","uri":"https:\/\/data.oireachtas.ie\/ie\/oireachtas\/house\/seanad\/26"},"progressStage":2,"showAs":"Second Stage","stageCompleted":true,"stageOutcome":null,"stageURI":"https:\/\/data.oireachtas.ie\/ie\/oireachtas\/def\/bill-stage\/2","uri":"https:\/\/data.oireachtas.ie\/ie\/oireachtas\/bill\/2021\/48\/stage\/seanad\/2"}}],"status":"Lapsed","statusURI":"https:\/\/data.oireachtas.ie\/ie\/oireachtas\/def\/bill-status\/lapsed","uri":"https:\/\/data.oireachtas.ie\/ie\/oireachtas\/bill\/2021\/48","versions":[{"version":{"lang":"eng","docType":"bill","showAs":"As Initiated","date":"2021-04-19","formats":{"pdf":{"uri":"https:\/\/data.oireachtas.ie\/ie\/oireachtas\/bill\/2021\/48\/eng\/initiated\/b4821s.pdf"},"xml":null},"uri":"https:\/\/data.oireachtas.ie\/ie\/oireachtas\/bill\/2021\/48\/eng\/initiated"}}]},"contextDate":"2021-04-19","billSort":{"actNoSort":null,"actShortTitleEnSort":null,"actShortTitleGaSort":null,"actYearSort":null,"billNoSort":48,"billShortTitleEnSort":"gambling-prohibition-of-advertising-bill-2021","billShortTitleGaSort":"an-bille-um-chearrbhachas-fograiocht-a-thoirmeasc-2021","billYearSort":2021}},{"bill":{"act":null,"amendmentLists":[],"billNo":"45","billType":"Public","billTypeURI":"https:\/\/data.oireachtas.ie\/ie\/oireachtas\/def\/bill-type\/public","billYear":"2021","debates":[{"chamber":{"showAs":"D\u00e1il \u00c9ireann","uri":"https:\/\/data.oireachtas.ie\/ie\/oireachtas\/def\/house\/dail"},"date":"2023-09-28","debateSectionId":"dbsect_43","showAs":"Labour Exploitation and Trafficking (Audit of Supply Chains) Bill 2021: Second Stage [Private Members]","uri":"https:\/\/data.oireachtas.ie\/akn\/ie\/debateRecord\/dail\/2023-09-28\/debate\/main"},{"chamber":{"showAs":"D\u00e1il \u00c9ireann","uri":"https:\/\/data.oireachtas.ie\/ie\/oireachtas\/def\/house\/dail"},"date":"2021-04-01","debateSectionId":"dbsect_6","showAs":"Labour Exploitation and Trafficking (Audit of Supply Chains) Bill 2021: First Stage","uri":"https:\/\/data.oireachtas.ie\/akn\/ie\/debateRecord\/dail\/2021-04-01\/debate\/main"}],"events":[{"event":{"chamber":{"chamberCode":"dail","showAs":"D\u00e1il \u00c9ireann","uri":"https:\/\/data.oireachtas.ie\/ie\/oireachtas\/def\/house\/dail"},"dates":[{"date":"2021-01-25"},{"date":"2021-04-01"},{"date":"2025-05-01"}],"eventURI":"https:\/\/data.oireachtas.ie\/ie\/oireachtas\/def\/bill-event\/admissibility-for-introduction","showAs":"Admissibility for Introduction","uri":"https:\/\/data.oireachtas.ie\/ie\/oireachtas\/bill\/2021\/45\/admissibility-for-introduction"}},{"event":{"chamber":{"chamberCode":"dail","showAs":"D\u00e1il \u00c9ireann","uri":"https:\/\/data.oireachtas.ie\/ie\/oireachtas\/def\/house\/dail"},"dates":[{"date":"2024-11-08"}],"eventURI":"https:\/\/data.oireachtas.ie\/ie\/oireachtas\/def\/bill-event\/bill-lapsed","showAs":"Bill Lapsed","uri":"https:\/\/data.oireachtas.ie\/ie\/oireachtas\/bill\/2021\/45\/bill-lapsed"}}],"lastUpdated":"2025-05-02T11:36:46.340000+00:00","longTitleEn":"Bill entitled an Act to provide for transparent reporting by undertakings in relation to the risk of labour exploitation and human trafficking occurring in their supply chains or in any part of their business and of the steps taken by them to ensure such activities do not take place; and to provide for connected matters. ","longTitleGa":"Bille d\u00e1 ngairtear Acht do dh\u00e9anamh socr\u00fa maidir le tuairisci\u00fa tr\u00e9dhearcach ag gn\u00f3thais i nd\u00e1il leis an mbaol go dtarl\u00f3idh d\u00fashaothr\u00fa saothair agus g\u00e1inne\u00e1il ar dhaoine ina gcuid slabhra\u00ed sol\u00e1thair n\u00f3 in aon chuid d\u00e1 ngn\u00f3 agus i dtaobh na mbeart a dh\u00e9anfaidh siad chun a chinnti\u00fa nach dtarl\u00f3idh gn\u00edomha\u00edochta\u00ed den s\u00f3rt sin; agus do dh\u00e9anamh socr\u00fa i dtaobh nithe comhghaolmhara.","method":"Introduced","methodURI":"https:\/\/data.oireachtas.ie\/ie\/oireachtas\/def\/bill-method\/introduced","mostRecentStage":{"event":{"chamber":{"chamberCode":"dail","showAs":"D\u00e1il \u00c9ireann","uri":"https:\/\/data.oireachtas.ie\/ie\/oireachtas\/def\/house\/dail"},"dates":[{"date":"2025-05-01"}],"house":{"chamberCode":"dail","chamberType":"house","houseCode":"dail","houseNo":"34","showAs":"34th D\u00e1il","uri":"https:\/\/data.oireachtas.ie\/ie\/oireachtas\/house\/dail\/34"},"progressStage":3,"showAs":"Committee Stage","stageCompleted":false,"stageOutcome":"Current","stageURI":"https:\/\/data.oireachtas.ie\/ie\/oireachtas\/def\/bill-stage\/3","uri":"https:\/\/data.oireachtas.ie\/ie\/oireachtas\/bill\/2021\/45\/stage\/dail\/3"}},"originHouse":{"showAs":"D\u00e1il \u00c9ireann","uri":"https:\/\/data.oireachtas.ie\/ie\/oireachtas\/def\/house\/dail"},"originHouseURI":"https:\/\/data.oireachtas.ie\/ie\/oireachtas\/def\/house\/dail","relatedDocs":[{"relatedDoc":{"date":"2021-04-01","docType":"memo","formats":{"pdf":{"uri":"https:\/\/data.oireachtas.ie\/ie\/oireachtas\/bill\/2021\/45\/eng\/memo\/b4521d-memorandum.pdf"},"xml":null},"lang":"eng","showAs":"Explanatory Memorandum","uri":"https:\/\/data.oireachtas.ie\/ie\/oireachtas\/bill\/2021\/45\/eng\/memo"}}],"shortTitleEn":"Labour Exploitation and Trafficking (Audit of Supply Chains) Bill 2021","shortTitleGa":"An Bille um Dh\u00fashaothr\u00fa Saothair agus G\u00e1inne\u00e1il (Slabhra\u00ed Sol\u00e1thair a Ini\u00fachadh), 2021","source":"Private Member","sourceURI":"https:\/\/data.oireachtas.ie\/ie\/oireachtas\/def\/bill-source\/private-member","sponsors":[{"sponsor":{"as":{"showAs":null,"uri":null},"by":{"showAs":"Aodh\u00e1n \u00d3 R\u00edord\u00e1in","uri":"https:\/\/data.oireachtas.ie\/ie\/oireachtas\/member\/id\/Aodh\u00e1n-\u00d3-R\u00edord\u00e1in.D.2011-03-09"},"isPrimary":true}},{"sponsor":{"as":{"showAs":null,"uri":null},"by":{"showAs":"Se\u00e1n Sherlock","uri":"https:\/\/data.oireachtas.ie\/ie\/oireachtas\/member\/id\/Se\u00e1n-Sherlock.D.2007-06-14"},"isPrimary":false}},{"sponsor":{"as":{"showAs":null,"uri":null},"by":{"showAs":"Ged Nash","uri":"https:\/\/data.oireachtas.ie\/ie\/oireachtas\/member\/id\/Gerald-Nash.D.2011-03-09"},"isPrimary":false}}],"stages":[{"event":{"chamber":{"chamberCode":"dail","showAs":"D\u00e1il \u00c9ireann","uri":"https:\/\/data.oireachtas.ie\/ie\/oireachtas\/def\/house\/dail"},"dates":[{"date":"2021-01-25"},{"date":"2021-04-01"},{"date":"2021-04-01"}],"house":{"chamberCode":"dail","chamberType":"house","houseCode":"dail","houseNo":"33","showAs":"33rd D\u00e1il","uri":"https:\/\/data.oireachtas.ie\/ie\/oireachtas\/house\/dail\/33"},"progressStage":1,"showAs":"First Stage","stageCompleted":true,"stageOutcome":null,"stageURI":"https:\/\/data.oireachtas.ie\/ie\/oireachtas\/def\/bill-stage\/1","uri":"https:\/\/data.oireachtas.ie\/ie\/oireachtas\/bill\/2021\/45\/stage\/dail\/1"}},{"event":{"chamber":{"chamberCode":"dail","showAs":"D\u00e1il \u00c9ireann","uri":"https:\/\/data.oireachtas.ie\/ie\/oireachtas\/def\/house\/dail"},"dates":[{"date":"2021-04-01"},{"date":"2021-04-01"}],"house":{"chamberCode":"dail","chamberType":"house","houseCode":"dail","houseNo":"33","showAs":"33rd D\u00e1il","uri":"https:\/\/data.oireachtas.ie\/ie\/oireachtas\/house\/dail\/33"},"progressStage":2,"showAs":"Second Stage","stageCompleted":true,"stageOutcome":null,"stageURI":"https:\/\/data.oireachtas.ie\/ie\/oireachtas\/def\/bill-stage\/2","uri":"https:\/\/data.oireachtas.ie\/ie\/oireachtas\/bill\/2021\/45\/stage\/dail\/2"}},{"event":{"chamber":{"chamberCode":"dail","showAs":"D\u00e1il \u00c9ireann","uri":"https:\/\/data.oireachtas.ie\/ie\/oireachtas\/def\/house\/dail"},"dates":[{"date":"2025-05-01"}],"house":{"chamberCode":"dail","chamberType":"house","houseCode":"dail","houseNo":"34","showAs":"34th D\u00e1il","uri":"https:\/\/data.oireachtas.ie\/ie\/oireachtas\/house\/dail\/34"},"progressStage":3,"showAs":"Committee Stage","stageCompleted":false,"stageOutcome":"Current","stageURI":"https:\/\/data.oireachtas.ie\/ie\/oireachtas\/def\/bill-stage\/3","uri":"https:\/\/data.oireachtas.ie\/ie\/oireachtas\/bill\/2021\/45\/stage\/dail\/3"}}],"status":"Current","statusURI":"https:\/\/data.oireachtas.ie\/ie\/oireachtas\/def\/bill-status\/published","uri":"https:\/\/data.oireachtas.ie\/ie\/oireachtas\/bill\/2021\/45","versions":[{"version":{"date":"2021-04-01","docType":"bill","formats":{"pdf":{"uri":"https:\/\/data.oireachtas.ie\/ie\/oireachtas\/bill\/2021\/45\/eng\/initiated\/86355-labour-exploitation-and-trafficking-audit-of-supply-chains-bill-2021.pdf"},"xml":null},"lang":"eng","showAs":"As Initiated","uri":"https:\/\/data.oireachtas.ie\/ie\/oireachtas\/bill\/2021\/45\/eng\/initiated"}}]},"billSort":{"actNoSort":null,"actShortTitleEnSort":null,"actShortTitleGaSort":null,"actYearSort":null,"billNoSort":45,"billShortTitleEnSort":"labour-exploitation-and-trafficking-audit-of-supply-chains-bill-2021","billShortTitleGaSort":"an-bille-um-dhushaothru-saothair-agus-gainneail-slabhrai-solathair-a-iniuchadh-2021","billYearSort":2021},"contextDate":"2025-05-01"},{"bill":{"act":null,"amendmentLists":[],"billNo":"43","billType":"Public","billTypeURI":"https:\/\/data.oireachtas.ie\/ie\/oireachtas\/def\/bill-type\/public","billYear":"2021","debates":[{"chamber":{"showAs":"Seanad \u00c9ireann","uri":"https:\/\/data.oireachtas.ie\/ie\/oireachtas\/def\/house\/seanad"},"date":"2023-11-07","debateSectionId":"dbsect_12","showAs":"Electoral (Amendment) (Voting at 16) Bill 2021: Second Stage","uri":"https:\/\/data.oireachtas.ie\/akn\/ie\/debateRecord\/seanad\/2023-11-07\/debate\/main"},{"chamber":{"showAs":"Seanad \u00c9ireann","uri":"https:\/\/data.oireachtas.ie\/ie\/oireachtas\/def\/house\/seanad"},"date":"2021-03-26","debateSectionId":"dbsect_12","showAs":"Electoral (Amendment) (Voting at 16) Bill 2021: First Stage","uri":"https:\/\/data.oireachtas.ie\/akn\/ie\/debateRecord\/seanad\/2021-03-26\/debate\/main"}],"events":[{"event":{"chamber":{"chamberCode":"seanad","showAs":"Seanad \u00c9ireann","uri":"https:\/\/data.oireachtas.ie\/ie\/oireachtas\/def\/house\/seanad"},"dates":[{"date":"2021-03-24"},{"date":"2021-03-26"},{"date":"2025-03-27"}],"eventURI":"https:\/\/data.oireachtas.ie\/ie\/oireachtas\/def\/bill-event\/admissibility-for-introduction","showAs":"Admissibility for Introduction","uri":"https:\/\/data.oireachtas.ie\/ie\/oireachtas\/bill\/2021\/43\/admissibility-for-introduction"}},{"event":{"chamber":{"chamberCode":"seanad","showAs":"Seanad \u00c9ireann","uri":"https:\/\/data.oireachtas.ie\/ie\/oireachtas\/def\/house\/seanad"},"dates":[{"date":"2025-01-29"}],"eventURI":"https:\/\/data.oireachtas.ie\/ie\/oireachtas\/def\/bill-event\/bill-lapsed","showAs":"Bill Lapsed","uri":"https:\/\/data.oireachtas.ie\/ie\/oireachtas\/bill\/2021\/43\/bill-lapsed"}}],"lastUpdated":"2025-03-28T11:04:48.890000+00:00","longTitleEn":"Bill entitled an Act to reduce to sixteen years the age at which a person is entitled to be registered as a European Parliament and local government elector, and to provide for related matters. ","longTitleGa":"Bille d\u00e1 ngairtear Acht do laghd\u00fa go dt\u00ed s\u00e9 bliana d\u00e9ag an aois ag a mbeidh duine i dteideal a bheith cl\u00e1raithe mar thoghth\u00f3ir do Pharlaimint na hEorpa agus mar thoghth\u00f3ir rialtais \u00e1iti\u00fail, agus do dh\u00e9anamh socr\u00fa i dtaobh nithe gaolmhara.","method":"Introduced","methodURI":"https:\/\/data.oireachtas.ie\/ie\/oireachtas\/def\/bill-method\/introduced","mostRecentStage":{"event":{"chamber":{"chamberCode":"seanad","showAs":"Seanad \u00c9ireann","uri":"https:\/\/data.oireachtas.ie\/ie\/oireachtas\/def\/house\/seanad"},"dates":[{"date":"2025-03-27"}],"house":{"chamberCode":"seanad","chamberType":"house","houseCode":"seanad","houseNo":"27","showAs":"27th Seanad","uri":"https:\/\/data.oireachtas.ie\/ie\/oireachtas\/house\/seanad\/27"},"progressStage":3,"showAs":"Committee Stage","stageCompleted":false,"stageOutcome":"Current","stageURI":"https:\/\/data.oireachtas.ie\/ie\/oireachtas\/def\/bill-stage\/3","uri":"https:\/\/data.oireachtas.ie\/ie\/oireachtas\/bill\/2021\/43\/stage\/seanad\/3"}},"originHouse":{"showAs":"Seanad \u00c9ireann","uri":"https:\/\/data.oireachtas.ie\/ie\/oireachtas\/def\/house\/seanad"},"originHouseURI":"https:\/\/data.oireachtas.ie\/ie\/oireachtas\/def\/house\/seanad","relatedDocs":[],"shortTitleEn":"Electoral (Amendment) (Voting at 16) Bill 2021","shortTitleGa":"An Bille Toghch\u00e1in (Leas\u00fa) (V\u00f3t\u00e1il ag Aois 16), 2021","source":"Private Member","sourceURI":"https:\/\/data.oireachtas.ie\/ie\/oireachtas\/def\/bill-source\/private-member","sponsors":[{"sponsor":{"as":{"showAs":null,"uri":null},"by":{"showAs":"Malcolm Byrne","uri":"https:\/\/data.oireachtas.ie\/ie\/oireachtas\/member\/id\/Malcolm-Byrne.D.2019-11-29"},"isPrimary":true}},{"sponsor":{"as":{"showAs":null,"uri":null},"by":{"showAs":"Mary Fitzpatrick","uri":"https:\/\/data.oireachtas.ie\/ie\/oireachtas\/member\/id\/Mary-Fitzpatrick.S.2020-06-29"},"isPrimary":false}},{"sponsor":{"as":{"showAs":null,"uri":null},"by":{"showAs":"Erin McGreehan","uri":"https:\/\/data.oireachtas.ie\/ie\/oireachtas\/member\/id\/Erin-McGreehan.S.2020-06-29"},"isPrimary":false}}],"stages":[{"event":{"chamber":{"chamberCode":"seanad","showAs":"Seanad \u00c9ireann","uri":"https:\/\/data.oireachtas.ie\/ie\/oireachtas\/def\/house\/seanad"},"dates":[{"date":"2021-03-24"},{"date":"2021-03-26"},{"date":"2021-03-26"}],"house":{"chamberCode":"seanad","chamberType":"house","houseCode":"seanad","houseNo":"26","showAs":"26th Seanad","uri":"https:\/\/data.oireachtas.ie\/ie\/oireachtas\/house\/seanad\/26"},"progressStage":1,"showAs":"First Stage","stageCompleted":true,"stageOutcome":null,"stageURI":"https:\/\/data.oireachtas.ie\/ie\/oireachtas\/def\/bill-stage\/1","uri":"https:\/\/data.oireachtas.ie\/ie\/oireachtas\/bill\/2021\/43\/stage\/seanad\/1"}},{"event":{"chamber":{"chamberCode":"seanad","showAs":"Seanad \u00c9ireann","uri":"https:\/\/data.oireachtas.ie\/ie\/oireachtas\/def\/house\/seanad"},"dates":[{"date":"2021-03-26"},{"date":"2021-03-26"}],"house":{"chamberCode":"seanad","chamberType":"house","houseCode":"seanad","houseNo":"26","showAs":"26th Seanad","uri":"https:\/\/data.oireachtas.ie\/ie\/oireachtas\/house\/seanad\/26"},"progressStage":2,"showAs":"Second Stage","stageCompleted":true,"stageOutcome":null,"stageURI":"https:\/\/data.oireachtas.ie\/ie\/oireachtas\/def\/bill-stage\/2","uri":"https:\/\/data.oireachtas.ie\/ie\/oireachtas\/bill\/2021\/43\/stage\/seanad\/2"}},{"event":{"chamber":{"chamberCode":"seanad","showAs":"Seanad \u00c9ireann","uri":"https:\/\/data.oireachtas.ie\/ie\/oireachtas\/def\/house\/seanad"},"dates":[{"date":"2025-03-27"}],"house":{"chamberCode":"seanad","chamberType":"house","houseCode":"seanad","houseNo":"27","showAs":"27th Seanad","uri":"https:\/\/data.oireachtas.ie\/ie\/oireachtas\/house\/seanad\/27"},"progressStage":3,"showAs":"Committee Stage","stageCompleted":false,"stageOutcome":"Current","stageURI":"https:\/\/data.oireachtas.ie\/ie\/oireachtas\/def\/bill-stage\/3","uri":"https:\/\/data.oireachtas.ie\/ie\/oireachtas\/bill\/2021\/43\/stage\/seanad\/3"}}],"status":"Current","statusURI":"https:\/\/data.oireachtas.ie\/ie\/oireachtas\/def\/bill-status\/published","uri":"https:\/\/data.oireachtas.ie\/ie\/oireachtas\/bill\/2021\/43","versions":[{"version":{"date":"2021-03-26","docType":"bill","formats":{"pdf":{"uri":"https:\/\/data.oireachtas.ie\/ie\/oireachtas\/bill\/2021\/43\/eng\/initiated\/b4321s.pdf"},"xml":null},"lang":"eng","showAs":"As Initiated","uri":"https:\/\/data.oireachtas.ie\/ie\/oireachtas\/bill\/2021\/43\/eng\/initiated"}}]},"billSort":{"actNoSort":null,"actShortTitleEnSort":null,"actShortTitleGaSort":null,"actYearSort":null,"billNoSort":43,"billShortTitleEnSort":"electoral-amendment-voting-at-16-bill-2021","billShortTitleGaSort":"an-bille-toghchain-leasu-votail-ag-aois-16-2021","billYearSort":2021},"contextDate":"2025-03-27"},{"bill":{"act":null,"amendmentLists":[],"billNo":"42","billType":"Public","billTypeURI":"https:\/\/data.oireachtas.ie\/ie\/oireachtas\/def\/bill-type\/public","billYear":"2021","debates":[{"chamber":{"showAs":"D\u00e1il \u00c9ireann","uri":"https:\/\/data.oireachtas.ie\/ie\/oireachtas\/def\/house\/dail"},"date":"2021-11-17","debateSectionId":"dbsect_9","showAs":"National Standards Authority of Ireland (Carbon Footprint Labelling) Bill 2021: Second Stage [Private Members]","uri":"https:\/\/data.oireachtas.ie\/akn\/ie\/debateRecord\/dail\/2021-11-17\/debate\/main"},{"chamber":{"showAs":"D\u00e1il \u00c9ireann","uri":"https:\/\/data.oireachtas.ie\/ie\/oireachtas\/def\/house\/dail"},"date":"2021-11-17","debateSectionId":"dbsect_24","showAs":"National Standards Authority of Ireland (Carbon Footprint Labelling) Bill 2021: Second Stage (Resumed) [Private Members]","uri":"https:\/\/data.oireachtas.ie\/akn\/ie\/debateRecord\/dail\/2021-11-17\/debate\/main"},{"chamber":{"showAs":"D\u00e1il \u00c9ireann","uri":"https:\/\/data.oireachtas.ie\/ie\/oireachtas\/def\/house\/dail"},"date":"2021-03-25","debateSectionId":"dbsect_5","showAs":"National Standards Authority of Ireland (Carbon Footprint Labelling) Bill 2021: First Stage","uri":"https:\/\/data.oireachtas.ie\/akn\/ie\/debateRecord\/dail\/2021-03-25\/debate\/main"}],"events":[{"event":{"chamber":{"chamberCode":"dail","showAs":"D\u00e1il \u00c9ireann","uri":"https:\/\/data.oireachtas.ie\/ie\/oireachtas\/def\/house\/dail"},"dates":[{"date":"2021-01-22"},{"date":"2021-03-25"},{"date":"2025-05-01"}],"eventURI":"https:\/\/data.oireachtas.ie\/ie\/oireachtas\/def\/bill-event\/admissibility-for-introduction","showAs":"Admissibility for Introduction","uri":"https:\/\/data.oireachtas.ie\/ie\/oireachtas\/bill\/2021\/42\/admissibility-for-introduction"}},{"event":{"chamber":{"chamberCode":"dail","showAs":"D\u00e1il \u00c9ireann","uri":"https:\/\/data.oireachtas.ie\/ie\/oireachtas\/def\/house\/dail"},"dates":[{"date":"2024-11-08"}],"eventURI":"https:\/\/data.oireachtas.ie\/ie\/oireachtas\/def\/bill-event\/bill-lapsed","showAs":"Bill Lapsed","uri":"https:\/\/data.oireachtas.ie\/ie\/oireachtas\/bill\/2021\/42\/bill-lapsed"}}],"lastUpdated":"2025-05-02T12:06:55.620000+00:00","longTitleEn":"Bill entitled an Act to confer functions on the National Standards Authority of Ireland in relation to promoting the use of standard specifications and standard marks to give information about the carbon footprint of commodities, process and practices.","longTitleGa":"Bille d\u00e1 ngairtear Acht do thabhairt feidhmeanna don \u00dadar\u00e1s um Chaighde\u00e1in N\u00e1isi\u00fanta na h\u00c9ireann i nd\u00e1il le h\u00fas\u00e1id sonra\u00edochta\u00ed caighde\u00e1nacha agus marcanna caighde\u00e1nacha a chur chun cinn chun faisn\u00e9is a thabhairt i dtaobh lorg carb\u00f3in tr\u00e1chtearra\u00ed, pr\u00f3iseas agus cleachtas.","method":"Introduced","methodURI":"https:\/\/data.oireachtas.ie\/ie\/oireachtas\/def\/bill-method\/introduced","mostRecentStage":{"event":{"chamber":{"chamberCode":"dail","showAs":"D\u00e1il \u00c9ireann","uri":"https:\/\/data.oireachtas.ie\/ie\/oireachtas\/def\/house\/dail"},"dates":[{"date":"2024-11-08"},{"date":"2025-05-01"}],"house":{"chamberCode":"dail","chamberType":"house","houseCode":"dail","houseNo":"33","showAs":"33rd D\u00e1il","uri":"https:\/\/data.oireachtas.ie\/ie\/oireachtas\/house\/dail\/33"},"progressStage":3,"showAs":"Committee Stage","stageCompleted":false,"stageOutcome":"Current","stageURI":"https:\/\/data.oireachtas.ie\/ie\/oireachtas\/def\/bill-stage\/3","uri":"https:\/\/data.oireachtas.ie\/ie\/oireachtas\/bill\/2021\/42\/stage\/dail\/3"}},"originHouse":{"showAs":"D\u00e1il \u00c9ireann","uri":"https:\/\/data.oireachtas.ie\/ie\/oireachtas\/def\/house\/dail"},"originHouseURI":"https:\/\/data.oireachtas.ie\/ie\/oireachtas\/def\/house\/dail","relatedDocs":[{"relatedDoc":{"date":"2021-03-25","docType":"memo","formats":{"pdf":{"uri":"https:\/\/data.oireachtas.ie\/ie\/oireachtas\/bill\/2021\/42\/eng\/memo\/nationalstandardsauthorityofireland-carbonfootprintlabelling-memo2021-v1.pdf"},"xml":null},"lang":"eng","showAs":"Explanatory Memorandum","uri":"https:\/\/data.oireachtas.ie\/ie\/oireachtas\/bill\/2021\/42\/eng\/memo"}}],"shortTitleEn":"National Standards Authority of Ireland (Carbon Footprint Labelling) Bill 2021","shortTitleGa":"An Bille f\u00e1n \u00dadar\u00e1s um Chaighde\u00e1in N\u00e1isi\u00fanta na h\u00c9ireann (Lip\u00e9ad\u00fa Loirg Carb\u00f3in), 2021","source":"Private Member","sourceURI":"https:\/\/data.oireachtas.ie\/ie\/oireachtas\/def\/bill-source\/private-member","sponsors":[{"sponsor":{"as":{"showAs":null,"uri":null},"by":{"showAs":"Duncan Smith","uri":"https:\/\/data.oireachtas.ie\/ie\/oireachtas\/member\/id\/Duncan-Smith.D.2020-02-08"},"isPrimary":true}}],"stages":[{"event":{"chamber":{"chamberCode":"dail","showAs":"D\u00e1il \u00c9ireann","uri":"https:\/\/data.oireachtas.ie\/ie\/oireachtas\/def\/house\/dail"},"dates":[{"date":"2021-01-22"},{"date":"2021-03-25"},{"date":"2021-03-25"}],"house":{"chamberCode":"dail","chamberType":"house","houseCode":"dail","houseNo":"33","showAs":"33rd D\u00e1il","uri":"https:\/\/data.oireachtas.ie\/ie\/oireachtas\/house\/dail\/33"},"progressStage":1,"showAs":"First Stage","stageCompleted":true,"stageOutcome":null,"stageURI":"https:\/\/data.oireachtas.ie\/ie\/oireachtas\/def\/bill-stage\/1","uri":"https:\/\/data.oireachtas.ie\/ie\/oireachtas\/bill\/2021\/42\/stage\/dail\/1"}},{"event":{"chamber":{"chamberCode":"dail","showAs":"D\u00e1il \u00c9ireann","uri":"https:\/\/data.oireachtas.ie\/ie\/oireachtas\/def\/house\/dail"},"dates":[{"date":"2021-03-25"}],"house":{"chamberCode":"dail","chamberType":"house","houseCode":"dail","houseNo":"33","showAs":"33rd D\u00e1il","uri":"https:\/\/data.oireachtas.ie\/ie\/oireachtas\/house\/dail\/33"},"progressStage":2,"showAs":"Second Stage","stageCompleted":true,"stageOutcome":null,"stageURI":"https:\/\/data.oireachtas.ie\/ie\/oireachtas\/def\/bill-stage\/2","uri":"https:\/\/data.oireachtas.ie\/ie\/oireachtas\/bill\/2021\/42\/stage\/dail\/2"}},{"event":{"chamber":{"chamberCode":"dail","showAs":"D\u00e1il \u00c9ireann","uri":"https:\/\/data.oireachtas.ie\/ie\/oireachtas\/def\/house\/dail"},"dates":[{"date":"2024-11-08"},{"date":"2025-05-01"}],"house":{"chamberCode":"dail","chamberType":"house","houseCode":"dail","houseNo":"33","showAs":"33rd D\u00e1il","uri":"https:\/\/data.oireachtas.ie\/ie\/oireachtas\/house\/dail\/33"},"progressStage":3,"showAs":"Committee Stage","stageCompleted":false,"stageOutcome":"Current","stageURI":"https:\/\/data.oireachtas.ie\/ie\/oireachtas\/def\/bill-stage\/3","uri":"https:\/\/data.oireachtas.ie\/ie\/oireachtas\/bill\/2021\/42\/stage\/dail\/3"}}],"status":"Current","statusURI":"https:\/\/data.oireachtas.ie\/ie\/oireachtas\/def\/bill-status\/published","uri":"https:\/\/data.oireachtas.ie\/ie\/oireachtas\/bill\/2021\/42","versions":[{"version":{"date":"2021-03-25","docType":"bill","formats":{"pdf":{"uri":"https:\/\/data.oireachtas.ie\/ie\/oireachtas\/bill\/2021\/42\/eng\/initiated\/86370-national-standards-authority-of-ireland-carbon-footprint-labelling-bill-2021.pdf"},"xml":null},"lang":"eng","showAs":"As Initiated","uri":"https:\/\/data.oireachtas.ie\/ie\/oireachtas\/bill\/2021\/42\/eng\/initiated"}}]},"billSort":{"actNoSort":null,"actShortTitleEnSort":null,"actShortTitleGaSort":null,"actYearSort":null,"billNoSort":42,"billShortTitleEnSort":"national-standards-authority-of-ireland-carbon-footprint-labelling-bill-2021","billShortTitleGaSort":"an-bille-fan-udaras-um-chaighdeain-naisiunta-na-heireann-lipeadu-loirg-carboin-2021","billYearSort":2021},"contextDate":"2025-05-01"},{"bill":{"act":null,"amendmentLists":[{"amendmentList":{"amendmentTypeUri":{"uri":"https:\/\/data.oireachtas.ie\/ie\/oireachtas\/def\/amendment-type\/numberedList"},"chamber":{"showAs":"Seanad","uri":"https:\/\/data.oireachtas.ie\/ie\/oireachtas\/def\/seanad"},"date":"2022-01-20","formats":{"pdf":{"uri":"https:\/\/data.oireachtas.ie\/ie\/oireachtas\/bill\/2021\/38\/seanad\/3\/amendment\/numberedList\/eng\/b3821s-scnl.pdf"},"xml":null},"showAs":"Numbered List [Seanad]","stage":{"showAs":"Committee Stage","uri":"https:\/\/data.oireachtas.ie\/ie\/oireachtas\/bill\/2021\/38\/seanad\/3"},"stageNo":"3"}}],"billNo":"38","billType":"Public","billTypeURI":"https:\/\/data.oireachtas.ie\/ie\/oireachtas\/def\/bill-type\/public","billYear":"2021","debates":[{"chamber":{"showAs":"D\u00e1il \u00c9ireann","uri":"https:\/\/data.oireachtas.ie\/ie\/oireachtas\/def\/house\/dail"},"date":"2024-01-24","debateSectionId":"dbsect_46","showAs":"Organisation of Working Time (Reproductive Health Related Leave) Bill 2021 [Seanad]: Second Stage (Resumed) [Private Members]","uri":"https:\/\/data.oireachtas.ie\/akn\/ie\/debateRecord\/dail\/2024-01-24\/debate\/main"},{"chamber":{"showAs":"D\u00e1il \u00c9ireann","uri":"https:\/\/data.oireachtas.ie\/ie\/oireachtas\/def\/house\/dail"},"date":"2024-01-18","debateSectionId":"dbsect_34","showAs":"Organisation of Working Time (Reproductive Health Related Leave) Bill 2021 [Seanad]: Second Stage [Private Members]","uri":"https:\/\/data.oireachtas.ie\/akn\/ie\/debateRecord\/dail\/2024-01-18\/debate\/main"},{"chamber":{"showAs":"Seanad \u00c9ireann","uri":"https:\/\/data.oireachtas.ie\/ie\/oireachtas\/def\/house\/seanad"},"date":"2023-11-29","debateSectionId":"dbsect_15","showAs":"Organisation of Working Time (Reproductive Health Related Leave) Bill 2021: Committee Stage (Resumed) and Remaining Stages","uri":"https:\/\/data.oireachtas.ie\/akn\/ie\/debateRecord\/seanad\/2023-11-29\/debate\/main"},{"chamber":{"showAs":"Seanad \u00c9ireann","uri":"https:\/\/data.oireachtas.ie\/ie\/oireachtas\/def\/house\/seanad"},"date":"2022-01-20","debateSectionId":"dbsect_11","showAs":"Organisation of Working Time (Reproductive Health Related Leave) Bill 2021: Committee Stage","uri":"https:\/\/data.oireachtas.ie\/akn\/ie\/debateRecord\/seanad\/2022-01-20\/debate\/main"},{"chamber":{"showAs":"Seanad \u00c9ireann","uri":"https:\/\/data.oireachtas.ie\/ie\/oireachtas\/def\/house\/seanad"},"date":"2021-05-24","debateSectionId":"dbsect_27","showAs":"Organisation of Working Time (Reproductive Health Related Leave) Bill 2021: Second Stage","uri":"https:\/\/data.oireachtas.ie\/akn\/ie\/debateRecord\/seanad\/2021-05-24\/debate\/main"},{"chamber":{"showAs":"Seanad \u00c9ireann","uri":"https:\/\/data.oireachtas.ie\/ie\/oireachtas\/def\/house\/seanad"},"date":"2021-03-22","debateSectionId":"dbsect_11","showAs":"Organisation of Working Time (Reproductive Health Related Leave) Bill 2021: First Stage","uri":"https:\/\/data.oireachtas.ie\/akn\/ie\/debateRecord\/seanad\/2021-03-22\/debate\/main"}],"events":[{"event":{"chamber":{"chamberCode":"seanad","showAs":"Seanad \u00c9ireann","uri":"https:\/\/data.oireachtas.ie\/ie\/oireachtas\/def\/house\/seanad"},"dates":[{"date":"2021-03-16"},{"date":"2021-03-22"},{"date":"2025-05-01"}],"eventURI":"https:\/\/data.oireachtas.ie\/ie\/oireachtas\/def\/bill-event\/admissibility-for-introduction","showAs":"Admissibility for Introduction","uri":"https:\/\/data.oireachtas.ie\/ie\/oireachtas\/bill\/2021\/38\/admissibility-for-introduction"}},{"event":{"chamber":{"chamberCode":"dail","showAs":"D\u00e1il \u00c9ireann","uri":"https:\/\/data.oireachtas.ie\/ie\/oireachtas\/def\/house\/dail"},"dates":[{"date":"2024-11-08"}],"eventURI":"https:\/\/data.oireachtas.ie\/ie\/oireachtas\/def\/bill-event\/bill-lapsed","showAs":"Bill Lapsed","uri":"https:\/\/data.oireachtas.ie\/ie\/oireachtas\/bill\/2021\/38\/bill-lapsed"}}],"lastUpdated":"2025-05-02T12:11:37.650000+00:00","longTitleEn":"Bill entitled an Act to provide for a period of paid leave consequent upon miscarriage or for the purposes of availing of reproductive healthcare; for that purpose to amend the Organisation of Working Time Act 1997; to extend the protection against unfair dismissals conferred by the Unfair Dismissals Acts 1977 to 2015; to provide for the consequential amendment of certain other Acts; and to provide for related matters.","longTitleGa":"Bille d\u00e1 ngairtear Acht do dh\u00e9anamh socr\u00fa maidir le tr\u00e9imhse saoire le p\u00e1 de dhroim breith anaba\u00ed n\u00f3 chun leas a bhaint as c\u00faram sl\u00e1inte at\u00e1irgthe; chun na cr\u00edche sin, do leas\u00fa an Achta um Eagr\u00fa Ama Oibre, 1997; do leathn\u00fa na cosanta ar dh\u00edfhost\u00fa \u00e9ag\u00f3rach a thugtar leis na hAchtanna um Dh\u00edfhost\u00fa \u00c9ag\u00f3rach, 1977 go 2015; do dh\u00e9anamh socr\u00fa maidir le leas\u00fa iarmhartach a dh\u00e9anamh ar Achtanna \u00e1irithe eile; agus do dh\u00e9anamh socr\u00fa i dtaobh nithe gaolmhara.","method":"Introduced","methodURI":"https:\/\/data.oireachtas.ie\/ie\/oireachtas\/def\/bill-method\/introduced","mostRecentStage":{"event":{"chamber":{"chamberCode":"dail","showAs":"D\u00e1il \u00c9ireann","uri":"https:\/\/data.oireachtas.ie\/ie\/oireachtas\/def\/house\/dail"},"dates":[{"date":"2025-05-01"}],"house":{"chamberCode":"dail","chamberType":"house","houseCode":"dail","houseNo":"34","showAs":"34th D\u00e1il","uri":"https:\/\/data.oireachtas.ie\/ie\/oireachtas\/house\/dail\/34"},"progressStage":6,"showAs":"Committee Stage","stageCompleted":false,"stageOutcome":"Current","stageURI":"https:\/\/data.oireachtas.ie\/ie\/oireachtas\/def\/bill-stage\/3","uri":"https:\/\/data.oireachtas.ie\/ie\/oireachtas\/bill\/2021\/38\/stage\/dail\/3"}},"originHouse":{"showAs":"Seanad \u00c9ireann","uri":"https:\/\/data.oireachtas.ie\/ie\/oireachtas\/def\/house\/seanad"},"originHouseURI":"https:\/\/data.oireachtas.ie\/ie\/oireachtas\/def\/house\/seanad","relatedDocs":[],"shortTitleEn":"Organisation of Working Time (Reproductive Health Related Leave) Bill 2021","shortTitleGa":"An Bille um Eagr\u00fa Ama Oibre (Saoire a Bhaineann le Sl\u00e1inte At\u00e1irgthe), 2021","source":"Private Member","sourceURI":"https:\/\/data.oireachtas.ie\/ie\/oireachtas\/def\/bill-source\/private-member","sponsors":[{"sponsor":{"as":{"showAs":null,"uri":null},"by":{"showAs":"Ivana Bacik","uri":"https:\/\/data.oireachtas.ie\/ie\/oireachtas\/member\/id\/Ivana-Bacik.S.2007-07-23"},"isPrimary":true}},{"sponsor":{"as":{"showAs":null,"uri":null},"by":{"showAs":"Annie Hoey","uri":"https:\/\/data.oireachtas.ie\/ie\/oireachtas\/member\/id\/Annie-Hoey.S.2020-03-30"},"isPrimary":false}},{"sponsor":{"as":{"showAs":null,"uri":null},"by":{"showAs":"Rebecca Moynihan","uri":"https:\/\/data.oireachtas.ie\/ie\/oireachtas\/member\/id\/Rebecca-Moynihan.S.2020-03-30"},"isPrimary":false}},{"sponsor":{"as":{"showAs":null,"uri":null},"by":{"showAs":"Marie Sherlock","uri":"https:\/\/data.oireachtas.ie\/ie\/oireachtas\/member\/id\/Marie-Sherlock.S.2020-03-30"},"isPrimary":false}},{"sponsor":{"as":{"showAs":null,"uri":null},"by":{"showAs":"Mark Wall","uri":"https:\/\/data.oireachtas.ie\/ie\/oireachtas\/member\/id\/Mark-Wall.S.2020-03-30"},"isPrimary":false}}],"stages":[{"event":{"chamber":{"chamberCode":"seanad","showAs":"Seanad \u00c9ireann","uri":"https:\/\/data.oireachtas.ie\/ie\/oireachtas\/def\/house\/seanad"},"dates":[{"date":"2021-03-16"},{"date":"2021-03-22"},{"date":"2021-03-22"}],"house":{"chamberCode":"seanad","chamberType":"house","houseCode":"seanad","houseNo":"26","showAs":"26th Seanad","uri":"https:\/\/data.oireachtas.ie\/ie\/oireachtas\/house\/seanad\/26"},"progressStage":1,"showAs":"First Stage","stageCompleted":true,"stageOutcome":null,"stageURI":"https:\/\/data.oireachtas.ie\/ie\/oireachtas\/def\/bill-stage\/1","uri":"https:\/\/data.oireachtas.ie\/ie\/oireachtas\/bill\/2021\/38\/stage\/seanad\/1"}},{"event":{"chamber":{"chamberCode":"seanad","showAs":"Seanad \u00c9ireann","uri":"https:\/\/data.oireachtas.ie\/ie\/oireachtas\/def\/house\/seanad"},"dates":[{"date":"2021-03-22"}],"house":{"chamberCode":"seanad","chamberType":"house","houseCode":"seanad","houseNo":"26","showAs":"26th Seanad","uri":"https:\/\/data.oireachtas.ie\/ie\/oireachtas\/house\/seanad\/26"},"progressStage":2,"showAs":"Second Stage","stageCompleted":true,"stageOutcome":null,"stageURI":"https:\/\/data.oireachtas.ie\/ie\/oireachtas\/def\/bill-stage\/2","uri":"https:\/\/data.oireachtas.ie\/ie\/oireachtas\/bill\/2021\/38\/stage\/seanad\/2"}},{"event":{"chamber":{"chamberCode":"seanad","showAs":"Seanad \u00c9ireann","uri":"https:\/\/data.oireachtas.ie\/ie\/oireachtas\/def\/house\/seanad"},"dates":[{"date":"2021-05-24"}],"house":{"chamberCode":"seanad","chamberType":"house","houseCode":"seanad","houseNo":"26","showAs":"26th Seanad","uri":"https:\/\/data.oireachtas.ie\/ie\/oireachtas\/house\/seanad\/26"},"progressStage":3,"showAs":"Committee Stage","stageCompleted":true,"stageOutcome":null,"stageURI":"https:\/\/data.oireachtas.ie\/ie\/oireachtas\/def\/bill-stage\/3","uri":"https:\/\/data.oireachtas.ie\/ie\/oireachtas\/bill\/2021\/38\/stage\/seanad\/3"}},{"event":{"chamber":{"chamberCode":"seanad","showAs":"Seanad \u00c9ireann","uri":"https:\/\/data.oireachtas.ie\/ie\/oireachtas\/def\/house\/seanad"},"dates":[{"date":"2023-11-29"}],"house":{"chamberCode":"seanad","chamberType":"house","houseCode":"seanad","houseNo":"26","showAs":"26th Seanad","uri":"https:\/\/data.oireachtas.ie\/ie\/oireachtas\/house\/seanad\/26"},"progressStage":4,"showAs":"Report Stage","stageCompleted":true,"stageOutcome":null,"stageURI":"https:\/\/data.oireachtas.ie\/ie\/oireachtas\/def\/bill-stage\/4","uri":"https:\/\/data.oireachtas.ie\/ie\/oireachtas\/bill\/2021\/38\/stage\/seanad\/4"}},{"event":{"chamber":{"chamberCode":"seanad","showAs":"Seanad \u00c9ireann","uri":"https:\/\/data.oireachtas.ie\/ie\/oireachtas\/def\/house\/seanad"},"dates":[{"date":"2023-11-29"}],"house":{"chamberCode":"seanad","chamberType":"house","houseCode":"seanad","houseNo":"26","showAs":"26th Seanad","uri":"https:\/\/data.oireachtas.ie\/ie\/oireachtas\/house\/seanad\/26"},"progressStage":5,"showAs":"Fifth Stage","stageCompleted":true,"stageOutcome":null,"stageURI":"https:\/\/data.oireachtas.ie\/ie\/oireachtas\/def\/bill-stage\/5","uri":"https:\/\/data.oireachtas.ie\/ie\/oireachtas\/bill\/2021\/38\/stage\/seanad\/5"}},{"event":{"chamber":{"chamberCode":"dail","showAs":"D\u00e1il \u00c9ireann","uri":"https:\/\/data.oireachtas.ie\/ie\/oireachtas\/def\/house\/dail"},"dates":[{"date":"2025-05-01"}],"house":{"chamberCode":"dail","chamberType":"house","houseCode":"dail","houseNo":"34","showAs":"34th D\u00e1il","uri":"https:\/\/data.oireachtas.ie\/ie\/oireachtas\/house\/dail\/34"},"progressStage":6,"showAs":"Committee Stage","stageCompleted":false,"stageOutcome":"Current","stageURI":"https:\/\/data.oireachtas.ie\/ie\/oireachtas\/def\/bill-stage\/3","uri":"https:\/\/data.oireachtas.ie\/ie\/oireachtas\/bill\/2021\/38\/stage\/dail\/3"}}],"status":"Current","statusURI":"https:\/\/data.oireachtas.ie\/ie\/oireachtas\/def\/bill-status\/published","uri":"https:\/\/data.oireachtas.ie\/ie\/oireachtas\/bill\/2021\/38","versions":[{"version":{"date":"2021-03-22","docType":"bill","formats":{"pdf":{"uri":"https:\/\/data.oireachtas.ie\/ie\/oireachtas\/bill\/2021\/38\/eng\/initiated\/b3821s.pdf"},"xml":null},"lang":"eng","showAs":"As Initiated","uri":"https:\/\/data.oireachtas.ie\/ie\/oireachtas\/bill\/2021\/38\/eng\/initiated"}}]},"billSort":{"actNoSort":null,"actShortTitleEnSort":null,"actShortTitleGaSort":null,"actYearSort":null,"billNoSort":38,"billShortTitleEnSort":"organisation-of-working-time-reproductive-health-related-leave-bill-2021","billShortTitleGaSort":"an-bille-um-eagru-ama-oibre-saoire-a-bhaineann-le-slainte-atairgthe-2021","billYearSort":2021},"contextDate":"2025-05-01"},{"bill":{"act":null,"amendmentLists":[],"billNo":"36","billType":"Public","billTypeURI":"https:\/\/data.oireachtas.ie\/ie\/oireachtas\/def\/bill-type\/public","billYear":"2021","debates":[{"chamber":{"showAs":"D\u00e1il \u00c9ireann","uri":"https:\/\/data.oireachtas.ie\/ie\/oireachtas\/def\/house\/dail"},"date":"2021-03-24","debateSectionId":"dbsect_2","showAs":"Ceathr\u00fa Chult\u00fair 1916 Bill 2021: Second Stage [Private Members]","uri":"https:\/\/data.oireachtas.ie\/akn\/ie\/debateRecord\/dail\/2021-03-24\/debate\/main"},{"chamber":{"showAs":"D\u00e1il \u00c9ireann","uri":"https:\/\/data.oireachtas.ie\/ie\/oireachtas\/def\/house\/dail"},"date":"2021-03-11","debateSectionId":"dbsect_7","showAs":"Ceathr\u00fa Chult\u00fair 1916 Bill 2021: First Stage","uri":"https:\/\/data.oireachtas.ie\/akn\/ie\/debateRecord\/dail\/2021-03-11\/debate\/main"}],"events":[{"event":{"chamber":{"chamberCode":"dail","showAs":"D\u00e1il \u00c9ireann","uri":"https:\/\/data.oireachtas.ie\/ie\/oireachtas\/def\/house\/dail"},"dates":[{"date":"2021-02-25"},{"date":"2021-03-11"},{"date":"2021-03-11"},{"date":"2022-05-23"},{"date":"2025-05-01"}],"eventURI":"https:\/\/data.oireachtas.ie\/ie\/oireachtas\/def\/bill-event\/admissibility-for-introduction","showAs":"Admissibility for Introduction","uri":"https:\/\/data.oireachtas.ie\/ie\/oireachtas\/bill\/2021\/36\/admissibility-for-introduction"}},{"event":{"chamber":{"chamberCode":"dail","showAs":"D\u00e1il \u00c9ireann","uri":"https:\/\/data.oireachtas.ie\/ie\/oireachtas\/def\/house\/dail"},"dates":[{"date":"2024-11-08"}],"eventURI":"https:\/\/data.oireachtas.ie\/ie\/oireachtas\/def\/bill-event\/bill-lapsed","showAs":"Bill Lapsed","uri":"https:\/\/data.oireachtas.ie\/ie\/oireachtas\/bill\/2021\/36\/bill-lapsed"}}],"lastUpdated":"2025-05-02T12:13:03.260000+00:00","longTitleEn":"Bill entitled an Act to provide for the establishment of a body to be known as Ceathr\u00fa Chult\u00fair 1916 Teoranta, to define its functions in relation to the preservation, restoration and management of the cultural historical quarter within the Moore Street Battlefield Area in line with the functions, aims and objectives set for it in this Act and to provide for connected matters.","longTitleGa":"Bille d\u00e1 ngairtear Acht do dh\u00e9anamh socr\u00fa maidir le comhlacht a bhun\u00fa ar a dtabharfar Ceathr\u00fa Chult\u00fair 1916 Teoranta, do mh\u00edni\u00fa a fheidhmeanna i nd\u00e1il leis an gceathr\u00fa chult\u00fair stairi\u00fail laistigh de Limist\u00e9ar Mhachaire Catha Shr\u00e1id an Mh\u00faraigh a chaomhn\u00fa, a aisiri\u00fa agus a bhainisti\u00fa de r\u00e9ir na bhfeidhmeanna, na n-aidhmeanna agus na gcusp\u00f3ir\u00ed at\u00e1 leagtha amach d\u00f3 san Acht seo agus do dh\u00e9anamh socr\u00fa i dtaobh nithe gaolmhara.","method":"Introduced","methodURI":"https:\/\/data.oireachtas.ie\/ie\/oireachtas\/def\/bill-method\/introduced","mostRecentStage":{"event":{"chamber":{"chamberCode":"dail","showAs":"D\u00e1il \u00c9ireann","uri":"https:\/\/data.oireachtas.ie\/ie\/oireachtas\/def\/house\/dail"},"dates":[{"date":"2022-05-23"},{"date":"2024-11-08"},{"date":"2025-05-01"}],"house":{"chamberCode":"dail","chamberType":"house","houseCode":"dail","houseNo":"33","showAs":"33rd D\u00e1il","uri":"https:\/\/data.oireachtas.ie\/ie\/oireachtas\/house\/dail\/33"},"progressStage":3,"showAs":"Committee Stage","stageCompleted":false,"stageOutcome":"Current","stageURI":"https:\/\/data.oireachtas.ie\/ie\/oireachtas\/def\/bill-stage\/3","uri":"https:\/\/data.oireachtas.ie\/ie\/oireachtas\/bill\/2021\/36\/stage\/dail\/3"}},"originHouse":{"showAs":"D\u00e1il \u00c9ireann","uri":"https:\/\/data.oireachtas.ie\/ie\/oireachtas\/def\/house\/dail"},"originHouseURI":"https:\/\/data.oireachtas.ie\/ie\/oireachtas\/def\/house\/dail","relatedDocs":[{"relatedDoc":{"date":"2021-03-11","docType":"memo","formats":{"pdf":{"uri":"https:\/\/data.oireachtas.ie\/ie\/oireachtas\/bill\/2021\/36\/eng\/memo\/b3621d-memo.pdf"},"xml":null},"lang":"eng","showAs":"Explanatory Memorandum","uri":"https:\/\/data.oireachtas.ie\/ie\/oireachtas\/bill\/2021\/36\/eng\/memo"}}],"shortTitleEn":"Ceathr\u00fa Chult\u00fair 1916 Bill 2021","shortTitleGa":"An Bille um Cheathr\u00fa Chult\u00fair 1916, 2021","source":"Private Member","sourceURI":"https:\/\/data.oireachtas.ie\/ie\/oireachtas\/def\/bill-source\/private-member","sponsors":[{"sponsor":{"as":{"showAs":null,"uri":null},"by":{"showAs":"Aengus \u00d3 Snodaigh","uri":"https:\/\/data.oireachtas.ie\/ie\/oireachtas\/member\/id\/Aengus-\u00d3-Snodaigh.D.2002-06-06"},"isPrimary":true}},{"sponsor":{"as":{"showAs":null,"uri":null},"by":{"showAs":"Se\u00e1n Crowe","uri":"https:\/\/data.oireachtas.ie\/ie\/oireachtas\/member\/id\/Se\u00e1n-Crowe.D.2002-06-06"},"isPrimary":false}},{"sponsor":{"as":{"showAs":null,"uri":null},"by":{"showAs":"Dessie Ellis","uri":"https:\/\/data.oireachtas.ie\/ie\/oireachtas\/member\/id\/Dessie-Ellis.D.2011-03-09"},"isPrimary":false}},{"sponsor":{"as":{"showAs":null,"uri":null},"by":{"showAs":"Chris Andrews","uri":"https:\/\/data.oireachtas.ie\/ie\/oireachtas\/member\/id\/Chris-Andrews.D.2007-06-14"},"isPrimary":false}},{"sponsor":{"as":{"showAs":null,"uri":null},"by":{"showAs":"Mary Lou McDonald","uri":"https:\/\/data.oireachtas.ie\/ie\/oireachtas\/member\/id\/Mary-Lou-McDonald.D.2011-03-09"},"isPrimary":false}},{"sponsor":{"as":{"showAs":null,"uri":null},"by":{"showAs":"Denise Mitchell","uri":"https:\/\/data.oireachtas.ie\/ie\/oireachtas\/member\/id\/Denise-Mitchell.D.2016-10-03"},"isPrimary":false}}],"stages":[{"event":{"chamber":{"chamberCode":"dail","showAs":"D\u00e1il \u00c9ireann","uri":"https:\/\/data.oireachtas.ie\/ie\/oireachtas\/def\/house\/dail"},"dates":[{"date":"2021-02-25"},{"date":"2021-03-11"},{"date":"2021-03-11"},{"date":"2021-03-11"}],"house":{"chamberCode":"dail","chamberType":"house","houseCode":"dail","houseNo":"33","showAs":"33rd D\u00e1il","uri":"https:\/\/data.oireachtas.ie\/ie\/oireachtas\/house\/dail\/33"},"progressStage":1,"showAs":"First Stage","stageCompleted":true,"stageOutcome":null,"stageURI":"https:\/\/data.oireachtas.ie\/ie\/oireachtas\/def\/bill-stage\/1","uri":"https:\/\/data.oireachtas.ie\/ie\/oireachtas\/bill\/2021\/36\/stage\/dail\/1"}},{"event":{"chamber":{"chamberCode":"dail","showAs":"D\u00e1il \u00c9ireann","uri":"https:\/\/data.oireachtas.ie\/ie\/oireachtas\/def\/house\/dail"},"dates":[{"date":"2021-03-11"}],"house":{"chamberCode":"dail","chamberType":"house","houseCode":"dail","houseNo":"33","showAs":"33rd D\u00e1il","uri":"https:\/\/data.oireachtas.ie\/ie\/oireachtas\/house\/dail\/33"},"progressStage":2,"showAs":"Second Stage","stageCompleted":true,"stageOutcome":null,"stageURI":"https:\/\/data.oireachtas.ie\/ie\/oireachtas\/def\/bill-stage\/2","uri":"https:\/\/data.oireachtas.ie\/ie\/oireachtas\/bill\/2021\/36\/stage\/dail\/2"}},{"event":{"chamber":{"chamberCode":"dail","showAs":"D\u00e1il \u00c9ireann","uri":"https:\/\/data.oireachtas.ie\/ie\/oireachtas\/def\/house\/dail"},"dates":[{"date":"2022-05-23"},{"date":"2024-11-08"},{"date":"2025-05-01"}],"house":{"chamberCode":"dail","chamberType":"house","houseCode":"dail","houseNo":"33","showAs":"33rd D\u00e1il","uri":"https:\/\/data.oireachtas.ie\/ie\/oireachtas\/house\/dail\/33"},"progressStage":3,"showAs":"Committee Stage","stageCompleted":false,"stageOutcome":"Current","stageURI":"https:\/\/data.oireachtas.ie\/ie\/oireachtas\/def\/bill-stage\/3","uri":"https:\/\/data.oireachtas.ie\/ie\/oireachtas\/bill\/2021\/36\/stage\/dail\/3"}}],"status":"Current","statusURI":"https:\/\/data.oireachtas.ie\/ie\/oireachtas\/def\/bill-status\/published","uri":"https:\/\/data.oireachtas.ie\/ie\/oireachtas\/bill\/2021\/36","versions":[{"version":{"date":"2021-03-11","docType":"bill","formats":{"pdf":{"uri":"https:\/\/data.oireachtas.ie\/ie\/oireachtas\/bill\/2021\/36\/eng\/initiated\/b3621d.pdf"},"xml":null},"lang":"eng","showAs":"As Initiated","uri":"https:\/\/data.oireachtas.ie\/ie\/oireachtas\/bill\/2021\/36\/eng\/initiated"}}]},"billSort":{"actNoSort":null,"actShortTitleEnSort":null,"actShortTitleGaSort":null,"actYearSort":null,"billNoSort":36,"billShortTitleEnSort":"ceathru-chultuir-1916-bill-2021","billShortTitleGaSort":"an-bille-um-cheathru-chultuir-1916-2021","billYearSort":2021},"contextDate":"2025-05-01"},{"bill":{"act":null,"amendmentLists":[{"amendmentList":{"amendmentTypeUri":{"uri":"https:\/\/data.oireachtas.ie\/ie\/oireachtas\/def\/amendment-type\/numberedList"},"chamber":{"showAs":"Seanad","uri":"https:\/\/data.oireachtas.ie\/ie\/oireachtas\/def\/seanad"},"date":"2022-12-13","formats":{"pdf":{"uri":"https:\/\/data.oireachtas.ie\/ie\/oireachtas\/bill\/2021\/32\/seanad\/4\/amendment\/numberedList\/eng\/b3221s-srnl.pdf"},"xml":null},"showAs":"Numbered List [Seanad]","stage":{"showAs":"Report Stage","uri":"https:\/\/data.oireachtas.ie\/ie\/oireachtas\/bill\/2021\/32\/seanad\/4"},"stageNo":"4"}},{"amendmentList":{"amendmentTypeUri":{"uri":"https:\/\/data.oireachtas.ie\/ie\/oireachtas\/def\/amendment-type\/numberedList"},"chamber":{"showAs":"Seanad","uri":"https:\/\/data.oireachtas.ie\/ie\/oireachtas\/def\/seanad"},"date":"2022-05-18","formats":{"pdf":{"uri":"https:\/\/data.oireachtas.ie\/ie\/oireachtas\/bill\/2021\/32\/seanad\/3\/amendment\/numberedList\/eng\/b3221s-scnl.pdf"},"xml":null},"showAs":"Numbered List [Seanad]","stage":{"showAs":"Committee Stage","uri":"https:\/\/data.oireachtas.ie\/ie\/oireachtas\/bill\/2021\/32\/seanad\/3"},"stageNo":"3"}}],"billNo":"32","billType":"Public","billTypeURI":"https:\/\/data.oireachtas.ie\/ie\/oireachtas\/def\/bill-type\/public","billYear":"2021","debates":[{"chamber":{"showAs":"D\u00e1il \u00c9ireann","uri":"https:\/\/data.oireachtas.ie\/ie\/oireachtas\/def\/house\/dail"},"date":"2026-02-18","debateSectionId":"dbsect_57","showAs":"Quality in Public Procurement (Contract Preparation and Award Criteria) Bill 2021 [Seanad]: Second Stage (Resumed) [Private Members]","uri":"https:\/\/data.oireachtas.ie\/akn\/ie\/debateRecord\/dail\/2026-02-18\/debate\/main"},{"chamber":{"showAs":"D\u00e1il \u00c9ireann","uri":"https:\/\/data.oireachtas.ie\/ie\/oireachtas\/def\/house\/dail"},"date":"2026-02-12","debateSectionId":"dbsect_42","showAs":"Quality in Public Procurement (Contract Preparation and Award Criteria) Bill 2021 [Seanad]: Second Stage [Private Members]","uri":"https:\/\/data.oireachtas.ie\/akn\/ie\/debateRecord\/dail\/2026-02-12\/debate\/main"},{"chamber":{"showAs":"Seanad \u00c9ireann","uri":"https:\/\/data.oireachtas.ie\/ie\/oireachtas\/def\/house\/seanad"},"date":"2022-12-13","debateSectionId":"dbsect_23","showAs":"Quality in Public Procurement (Contract Preparation and Award Criteria) Bill 2021: Report and Final Stages","uri":"https:\/\/data.oireachtas.ie\/akn\/ie\/debateRecord\/seanad\/2022-12-13\/debate\/main"},{"chamber":{"showAs":"Seanad \u00c9ireann","uri":"https:\/\/data.oireachtas.ie\/ie\/oireachtas\/def\/house\/seanad"},"date":"2022-05-18","debateSectionId":"dbsect_17","showAs":"Quality in Public Procurement (Contract Preparation and Award Criteria) Bill 2021: Order for Committee Stage","uri":"https:\/\/data.oireachtas.ie\/akn\/ie\/debateRecord\/seanad\/2022-05-18\/debate\/main"},{"chamber":{"showAs":"Seanad \u00c9ireann","uri":"https:\/\/data.oireachtas.ie\/ie\/oireachtas\/def\/house\/seanad"},"date":"2022-05-18","debateSectionId":"dbsect_18","showAs":"Quality in Public Procurement (Contract Preparation and Award Criteria) Bill 2021: Committee Stage","uri":"https:\/\/data.oireachtas.ie\/akn\/ie\/debateRecord\/seanad\/2022-05-18\/debate\/main"},{"chamber":{"showAs":"Seanad \u00c9ireann","uri":"https:\/\/data.oireachtas.ie\/ie\/oireachtas\/def\/house\/seanad"},"date":"2021-03-26","debateSectionId":"dbsect_18","showAs":"Quality in Public Procurement (Contract Preparation and Award Criteria) Bill 2021: Second Stage","uri":"https:\/\/data.oireachtas.ie\/akn\/ie\/debateRecord\/seanad\/2021-03-26\/debate\/main"},{"chamber":{"showAs":"Seanad \u00c9ireann","uri":"https:\/\/data.oireachtas.ie\/ie\/oireachtas\/def\/house\/seanad"},"date":"2021-03-08","debateSectionId":"dbsect_12","showAs":"Quality in Public Procurement (Contract Preparation and Award Criteria) Bill 2021: First Stage","uri":"https:\/\/data.oireachtas.ie\/akn\/ie\/debateRecord\/seanad\/2021-03-08\/debate\/main"}],"events":[{"event":{"chamber":{"chamberCode":"seanad","showAs":"Seanad \u00c9ireann","uri":"https:\/\/data.oireachtas.ie\/ie\/oireachtas\/def\/house\/seanad"},"dates":[{"date":"2021-03-02"},{"date":"2021-03-08"},{"date":"2025-05-01"},{"date":"2026-02-18"}],"eventURI":"https:\/\/data.oireachtas.ie\/ie\/oireachtas\/def\/bill-event\/admissibility-for-introduction","showAs":"Admissibility for Introduction","uri":"https:\/\/data.oireachtas.ie\/ie\/oireachtas\/bill\/2021\/32\/admissibility-for-introduction"}},{"event":{"chamber":{"chamberCode":"dail","showAs":"D\u00e1il \u00c9ireann","uri":"https:\/\/data.oireachtas.ie\/ie\/oireachtas\/def\/house\/dail"},"dates":[{"date":"2024-11-08"}],"eventURI":"https:\/\/data.oireachtas.ie\/ie\/oireachtas\/def\/bill-event\/bill-lapsed","showAs":"Bill Lapsed","uri":"https:\/\/data.oireachtas.ie\/ie\/oireachtas\/bill\/2021\/32\/bill-lapsed"}}],"lastUpdated":"2026-03-16T11:34:14.150000+00:00","longTitleEn":"Bill entitled an Act to give further effect to Directive 2014\/24\/EU of the European Parliament and of the Council of 26 February 2014 and for that purpose to provide for contract award criteria in public contracts, to promote the use of social considerations and the best price-quality ratio and to establish a procedure for departing from best price-quality ratio, to ensure that section 3 of the European Convention on Human Rights Act 2003 applies to every contracting authority to which the said Directive relates in respect of a contract equal to or greater than a determinable monetary threshold, to provide for the issuing of guidelines concerning social considerations, to require annual reporting to each House of the Oireachtas concerning certain matters and to provide for matters connected therewith.","longTitleGa":"Bille d\u00e1 ngairtear Acht do thabhairt tuilleadh \u00e9ifeachta do Threoir 2014\/24\/AE \u00f3 Pharlaimint na hEorpa agus \u00f3n gComhairle an 26 Feabhra 2014 agus, chun na cr\u00edche sin, do dh\u00e9anamh socr\u00fa maidir le crit\u00e9ir d\u00e1mhachtana conartha\u00ed i gconartha\u00ed poibl\u00ed, do chur \u00fas\u00e1id c\u00fains\u00ed s\u00f3isialta agus an ch\u00f3imheasa is fearr idir praghas agus c\u00e1il\u00edocht chun cinn agus do bhun\u00fa n\u00f3s imeachta le haghaidh imeacht \u00f3n gc\u00f3imheas is fearr idir praghas agus c\u00e1il\u00edocht, d\u00e1 chinnti\u00fa go mbeidh feidhm ag alt 3 den Acht f\u00e1n gCoinbhinsi\u00fan Eorpach um Chearta an Duine, 2003 maidir le gach \u00fadar\u00e1s conarthach lena mbaineann an Treoir sin i leith conradh at\u00e1 comhionann le tairseach airgid inchinnte n\u00f3 is m\u00f3 n\u00e1 sin, do dh\u00e9anamh socr\u00fa maidir le treoirl\u00ednte a bhaineann le c\u00fains\u00ed s\u00f3isialta a eisi\u00faint, d\u00e1 cheangal tuairisci\u00fa bliant\u00fail a dh\u00e9anamh do gach Teach den Oireachtas maidir le nithe \u00e1irithe agus do dh\u00e9anamh socr\u00fa i dtaobh nithe a bhaineann leis an m\u00e9id sin.","method":"Introduced","methodURI":"https:\/\/data.oireachtas.ie\/ie\/oireachtas\/def\/bill-method\/introduced","mostRecentStage":{"event":{"chamber":{"chamberCode":"dail","showAs":"D\u00e1il \u00c9ireann","uri":"https:\/\/data.oireachtas.ie\/ie\/oireachtas\/def\/house\/dail"},"dates":[{"date":"2026-02-12"},{"date":"2026-02-12"},{"date":"2026-02-12"}],"house":{"chamberCode":"dail","chamberType":"house","houseCode":"dail","houseNo":"34","showAs":"34th D\u00e1il","uri":"https:\/\/data.oireachtas.ie\/ie\/oireachtas\/house\/dail\/34"},"progressStage":6,"showAs":"Second Stage","stageCompleted":true,"stageOutcome":null,"stageURI":"https:\/\/data.oireachtas.ie\/ie\/oireachtas\/def\/bill-stage\/2","uri":"https:\/\/data.oireachtas.ie\/ie\/oireachtas\/bill\/2021\/32\/stage\/dail\/2"}},"originHouse":{"showAs":"Seanad \u00c9ireann","uri":"https:\/\/data.oireachtas.ie\/ie\/oireachtas\/def\/house\/seanad"},"originHouseURI":"https:\/\/data.oireachtas.ie\/ie\/oireachtas\/def\/house\/seanad","relatedDocs":[],"shortTitleEn":"Quality in Public Procurement (Contract Preparation and Award Criteria) Bill 2021","shortTitleGa":"An Bille um Ch\u00e1il\u00edocht i Sainfh\u00e1il Phoibl\u00ed (Conartha\u00ed a Ullmh\u00fa agus Crit\u00e9ir Dh\u00e1mhachtana), 2021","source":"Private Member","sourceURI":"https:\/\/data.oireachtas.ie\/ie\/oireachtas\/def\/bill-source\/private-member","sponsors":[{"sponsor":{"isPrimary":true,"as":{"showAs":null,"uri":null},"by":{"showAs":"Alice-Mary Higgins","uri":"https:\/\/data.oireachtas.ie\/ie\/oireachtas\/member\/id\/Alice-Mary-Higgins.S.2016-04-25"}}},{"sponsor":{"isPrimary":false,"as":{"showAs":null,"uri":null},"by":{"showAs":"Lynn Ruane","uri":"https:\/\/data.oireachtas.ie\/ie\/oireachtas\/member\/id\/Lynn-Ruane.S.2016-04-25"}}},{"sponsor":{"isPrimary":false,"as":{"showAs":null,"uri":null},"by":{"showAs":"Frances Black","uri":"https:\/\/data.oireachtas.ie\/ie\/oireachtas\/member\/id\/Frances-Black.S.2016-04-25"}}},{"sponsor":{"isPrimary":false,"as":{"showAs":null,"uri":null},"by":{"showAs":"Eileen Flynn","uri":"https:\/\/data.oireachtas.ie\/ie\/oireachtas\/member\/id\/Eileen-Flynn.S.2020-06-29"}}}],"stages":[{"event":{"chamber":{"chamberCode":"seanad","showAs":"Seanad \u00c9ireann","uri":"https:\/\/data.oireachtas.ie\/ie\/oireachtas\/def\/house\/seanad"},"dates":[{"date":"2021-03-02"},{"date":"2021-03-08"},{"date":"2021-03-08"}],"house":{"chamberCode":"seanad","chamberType":"house","houseCode":"seanad","houseNo":"26","showAs":"26th Seanad","uri":"https:\/\/data.oireachtas.ie\/ie\/oireachtas\/house\/seanad\/26"},"progressStage":1,"showAs":"First Stage","stageCompleted":true,"stageOutcome":null,"stageURI":"https:\/\/data.oireachtas.ie\/ie\/oireachtas\/def\/bill-stage\/1","uri":"https:\/\/data.oireachtas.ie\/ie\/oireachtas\/bill\/2021\/32\/stage\/seanad\/1"}},{"event":{"chamber":{"chamberCode":"seanad","showAs":"Seanad \u00c9ireann","uri":"https:\/\/data.oireachtas.ie\/ie\/oireachtas\/def\/house\/seanad"},"dates":[{"date":"2021-03-08"}],"house":{"chamberCode":"seanad","chamberType":"house","houseCode":"seanad","houseNo":"26","showAs":"26th Seanad","uri":"https:\/\/data.oireachtas.ie\/ie\/oireachtas\/house\/seanad\/26"},"progressStage":2,"showAs":"Second Stage","stageCompleted":true,"stageOutcome":null,"stageURI":"https:\/\/data.oireachtas.ie\/ie\/oireachtas\/def\/bill-stage\/2","uri":"https:\/\/data.oireachtas.ie\/ie\/oireachtas\/bill\/2021\/32\/stage\/seanad\/2"}},{"event":{"chamber":{"chamberCode":"seanad","showAs":"Seanad \u00c9ireann","uri":"https:\/\/data.oireachtas.ie\/ie\/oireachtas\/def\/house\/seanad"},"dates":[{"date":"2021-03-26"},{"date":"2021-03-26"}],"house":{"chamberCode":"seanad","chamberType":"house","houseCode":"seanad","houseNo":"26","showAs":"26th Seanad","uri":"https:\/\/data.oireachtas.ie\/ie\/oireachtas\/house\/seanad\/26"},"progressStage":3,"showAs":"Committee Stage","stageCompleted":true,"stageOutcome":null,"stageURI":"https:\/\/data.oireachtas.ie\/ie\/oireachtas\/def\/bill-stage\/3","uri":"https:\/\/data.oireachtas.ie\/ie\/oireachtas\/bill\/2021\/32\/stage\/seanad\/3"}},{"event":{"chamber":{"chamberCode":"seanad","showAs":"Seanad \u00c9ireann","uri":"https:\/\/data.oireachtas.ie\/ie\/oireachtas\/def\/house\/seanad"},"dates":[{"date":"2022-05-18"}],"house":{"chamberCode":"seanad","chamberType":"house","houseCode":"seanad","houseNo":"26","showAs":"26th Seanad","uri":"https:\/\/data.oireachtas.ie\/ie\/oireachtas\/house\/seanad\/26"},"progressStage":4,"showAs":"Report Stage","stageCompleted":true,"stageOutcome":null,"stageURI":"https:\/\/data.oireachtas.ie\/ie\/oireachtas\/def\/bill-stage\/4","uri":"https:\/\/data.oireachtas.ie\/ie\/oireachtas\/bill\/2021\/32\/stage\/seanad\/4"}},{"event":{"chamber":{"chamberCode":"seanad","showAs":"Seanad \u00c9ireann","uri":"https:\/\/data.oireachtas.ie\/ie\/oireachtas\/def\/house\/seanad"},"dates":[{"date":"2022-12-13"}],"house":{"chamberCode":"seanad","chamberType":"house","houseCode":"seanad","houseNo":"26","showAs":"26th Seanad","uri":"https:\/\/data.oireachtas.ie\/ie\/oireachtas\/house\/seanad\/26"},"progressStage":5,"showAs":"Fifth Stage","stageCompleted":true,"stageOutcome":null,"stageURI":"https:\/\/data.oireachtas.ie\/ie\/oireachtas\/def\/bill-stage\/5","uri":"https:\/\/data.oireachtas.ie\/ie\/oireachtas\/bill\/2021\/32\/stage\/seanad\/5"}},{"event":{"chamber":{"chamberCode":"dail","showAs":"D\u00e1il \u00c9ireann","uri":"https:\/\/data.oireachtas.ie\/ie\/oireachtas\/def\/house\/dail"},"dates":[{"date":"2026-02-12"},{"date":"2026-02-12"},{"date":"2026-02-12"}],"house":{"chamberCode":"dail","chamberType":"house","houseCode":"dail","houseNo":"34","showAs":"34th D\u00e1il","uri":"https:\/\/data.oireachtas.ie\/ie\/oireachtas\/house\/dail\/34"},"progressStage":6,"showAs":"Second Stage","stageCompleted":true,"stageOutcome":null,"stageURI":"https:\/\/data.oireachtas.ie\/ie\/oireachtas\/def\/bill-stage\/2","uri":"https:\/\/data.oireachtas.ie\/ie\/oireachtas\/bill\/2021\/32\/stage\/dail\/2"}}],"status":"Defeated","statusURI":"https:\/\/data.oireachtas.ie\/ie\/oireachtas\/def\/bill-status\/defeated","uri":"https:\/\/data.oireachtas.ie\/ie\/oireachtas\/bill\/2021\/32","versions":[{"version":{"lang":"eng","docType":"bill","showAs":"As passed by Seanad \u00c9ireann","date":"2022-12-13","formats":{"pdf":{"uri":"https:\/\/data.oireachtas.ie\/ie\/oireachtas\/bill\/2021\/32\/eng\/ver_a\/b32a21s.pdf"},"xml":null},"uri":"https:\/\/data.oireachtas.ie\/ie\/oireachtas\/bill\/2021\/32\/eng\/ver_a"}},{"version":{"lang":"eng","docType":"bill","showAs":"As Initiated","date":"2021-03-08","formats":{"pdf":{"uri":"https:\/\/data.oireachtas.ie\/ie\/oireachtas\/bill\/2021\/32\/eng\/initiated\/b3221s.pdf"},"xml":null},"uri":"https:\/\/data.oireachtas.ie\/ie\/oireachtas\/bill\/2021\/32\/eng\/initiated"}}]},"contextDate":"2026-02-12","billSort":{"actNoSort":null,"actShortTitleEnSort":null,"actShortTitleGaSort":null,"actYearSort":null,"billNoSort":32,"billShortTitleEnSort":"quality-in-public-procurement-contract-preparation-and-award-criteria-bill-2021","billShortTitleGaSort":"an-bille-um-chailiocht-i-sainfhail-phoibli-conarthai-a-ullmhu-agus-criteir-dhamhachtana-2021","billYearSort":2021}},{"bill":{"act":null,"amendmentLists":[],"billNo":"31","billType":"Public","billTypeURI":"https:\/\/data.oireachtas.ie\/ie\/oireachtas\/def\/bill-type\/public","billYear":"2021","debates":[{"chamber":{"showAs":"Seanad \u00c9ireann","uri":"https:\/\/data.oireachtas.ie\/ie\/oireachtas\/def\/house\/seanad"},"date":"2021-03-05","debateSectionId":"dbsect_13","showAs":"Taxi Regulation (Amendment) Bill 2021: First Stage","uri":"https:\/\/data.oireachtas.ie\/akn\/ie\/debateRecord\/seanad\/2021-03-05\/debate\/main"}],"events":[{"event":{"chamber":{"chamberCode":"seanad","showAs":"Seanad \u00c9ireann","uri":"https:\/\/data.oireachtas.ie\/ie\/oireachtas\/def\/house\/seanad"},"dates":[{"date":"2021-02-24"},{"date":"2021-03-05"}],"eventURI":"https:\/\/data.oireachtas.ie\/ie\/oireachtas\/def\/bill-event\/admissibility-for-introduction","showAs":"Admissibility for Introduction","uri":"https:\/\/data.oireachtas.ie\/ie\/oireachtas\/bill\/2021\/31\/admissibility-for-introduction"}},{"event":{"chamber":{"chamberCode":"seanad","showAs":"Seanad \u00c9ireann","uri":"https:\/\/data.oireachtas.ie\/ie\/oireachtas\/def\/house\/seanad"},"dates":[{"date":"2025-01-29"}],"eventURI":"https:\/\/data.oireachtas.ie\/ie\/oireachtas\/def\/bill-event\/bill-lapsed","showAs":"Bill Lapsed","uri":"https:\/\/data.oireachtas.ie\/ie\/oireachtas\/bill\/2021\/31\/bill-lapsed"}}],"lastUpdated":"2025-01-30T11:17:37.160000+00:00","longTitleEn":"Bill entitled an Act to amend the Taxi Regulation Act 2013 to allow for the transfer of licences.","longTitleGa":"Bille d\u00e1 ngairtear Acht do leas\u00fa an Achta um Rial\u00e1il Tacsaithe, 2013 chun a chead\u00fa cead\u00fanais a aistri\u00fa.","method":"Introduced","methodURI":"https:\/\/data.oireachtas.ie\/ie\/oireachtas\/def\/bill-method\/introduced","mostRecentStage":{"event":{"chamber":{"chamberCode":"seanad","showAs":"Seanad \u00c9ireann","uri":"https:\/\/data.oireachtas.ie\/ie\/oireachtas\/def\/house\/seanad"},"dates":[{"date":"2021-02-24"},{"date":"2021-03-05"},{"date":"2021-03-05"}],"house":{"chamberCode":"seanad","chamberType":"house","houseCode":"seanad","houseNo":"26","showAs":"26th Seanad","uri":"https:\/\/data.oireachtas.ie\/ie\/oireachtas\/house\/seanad\/26"},"progressStage":1,"showAs":"First Stage","stageCompleted":true,"stageOutcome":null,"stageURI":"https:\/\/data.oireachtas.ie\/ie\/oireachtas\/def\/bill-stage\/1","uri":"https:\/\/data.oireachtas.ie\/ie\/oireachtas\/bill\/2021\/31\/stage\/seanad\/1"}},"originHouse":{"showAs":"Seanad \u00c9ireann","uri":"https:\/\/data.oireachtas.ie\/ie\/oireachtas\/def\/house\/seanad"},"originHouseURI":"https:\/\/data.oireachtas.ie\/ie\/oireachtas\/def\/house\/seanad","relatedDocs":[{"relatedDoc":{"date":"2021-03-05","docType":"memo","formats":{"pdf":{"uri":"https:\/\/data.oireachtas.ie\/ie\/oireachtas\/bill\/2021\/31\/eng\/memo\/b3121s-memo.pdf"},"xml":null},"lang":"eng","showAs":"Explanatory Memorandum","uri":"https:\/\/data.oireachtas.ie\/ie\/oireachtas\/bill\/2021\/31\/eng\/memo"}}],"shortTitleEn":"Taxi Regulation (Amendment) Bill 2021","shortTitleGa":"An Bille um Rial\u00e1il Tacsaithe (Leas\u00fa), 2021","source":"Private Member","sourceURI":"https:\/\/data.oireachtas.ie\/ie\/oireachtas\/def\/bill-source\/private-member","sponsors":[{"sponsor":{"as":{"showAs":null,"uri":null},"by":{"showAs":"Joe O'Reilly","uri":"https:\/\/data.oireachtas.ie\/ie\/oireachtas\/member\/id\/Joe-O'Reilly.S.1989-10-01"},"isPrimary":true}},{"sponsor":{"as":{"showAs":null,"uri":null},"by":{"showAs":"Barry Ward","uri":"https:\/\/data.oireachtas.ie\/ie\/oireachtas\/member\/id\/Barry-Ward.S.2020-03-30"},"isPrimary":false}},{"sponsor":{"as":{"showAs":null,"uri":null},"by":{"showAs":"Jerry Buttimer","uri":"https:\/\/data.oireachtas.ie\/ie\/oireachtas\/member\/id\/Jerry-Buttimer.S.2007-07-23"},"isPrimary":false}}],"stages":[{"event":{"chamber":{"chamberCode":"seanad","showAs":"Seanad \u00c9ireann","uri":"https:\/\/data.oireachtas.ie\/ie\/oireachtas\/def\/house\/seanad"},"dates":[{"date":"2021-02-24"},{"date":"2021-03-05"},{"date":"2021-03-05"}],"house":{"chamberCode":"seanad","chamberType":"house","houseCode":"seanad","houseNo":"26","showAs":"26th Seanad","uri":"https:\/\/data.oireachtas.ie\/ie\/oireachtas\/house\/seanad\/26"},"progressStage":1,"showAs":"First Stage","stageCompleted":true,"stageOutcome":null,"stageURI":"https:\/\/data.oireachtas.ie\/ie\/oireachtas\/def\/bill-stage\/1","uri":"https:\/\/data.oireachtas.ie\/ie\/oireachtas\/bill\/2021\/31\/stage\/seanad\/1"}}],"status":"Lapsed","statusURI":"https:\/\/data.oireachtas.ie\/ie\/oireachtas\/def\/bill-status\/lapsed","uri":"https:\/\/data.oireachtas.ie\/ie\/oireachtas\/bill\/2021\/31","versions":[{"version":{"date":"2021-03-05","docType":"bill","formats":{"pdf":{"uri":"https:\/\/data.oireachtas.ie\/ie\/oireachtas\/bill\/2021\/31\/eng\/initiated\/b3121s.pdf"},"xml":null},"lang":"eng","showAs":"As Initiated","uri":"https:\/\/data.oireachtas.ie\/ie\/oireachtas\/bill\/2021\/31\/eng\/initiated"}}]},"billSort":{"actNoSort":null,"actShortTitleEnSort":null,"actShortTitleGaSort":null,"actYearSort":null,"billNoSort":31,"billShortTitleEnSort":"taxi-regulation-amendment-bill-2021","billShortTitleGaSort":"an-bille-um-rialail-tacsaithe-leasu-2021","billYearSort":2021},"contextDate":"2021-03-05"},{"bill":{"act":null,"amendmentLists":[],"billNo":"30","billType":"Public","billTypeURI":"https:\/\/data.oireachtas.ie\/ie\/oireachtas\/def\/bill-type\/public","billYear":"2021","debates":[{"chamber":{"showAs":"Seanad \u00c9ireann","uri":"https:\/\/data.oireachtas.ie\/ie\/oireachtas\/def\/house\/seanad"},"date":"2021-03-05","debateSectionId":"dbsect_12","showAs":"Health Insurance (International Students) (Amendment) Bill 2021: First Stage","uri":"https:\/\/data.oireachtas.ie\/akn\/ie\/debateRecord\/seanad\/2021-03-05\/debate\/main"}],"events":[{"event":{"chamber":{"chamberCode":"seanad","showAs":"Seanad \u00c9ireann","uri":"https:\/\/data.oireachtas.ie\/ie\/oireachtas\/def\/house\/seanad"},"dates":[{"date":"2021-03-01"},{"date":"2021-03-05"}],"eventURI":"https:\/\/data.oireachtas.ie\/ie\/oireachtas\/def\/bill-event\/admissibility-for-introduction","showAs":"Admissibility for Introduction","uri":"https:\/\/data.oireachtas.ie\/ie\/oireachtas\/bill\/2021\/30\/admissibility-for-introduction"}},{"event":{"chamber":{"chamberCode":"seanad","showAs":"Seanad \u00c9ireann","uri":"https:\/\/data.oireachtas.ie\/ie\/oireachtas\/def\/house\/seanad"},"dates":[{"date":"2025-01-29"}],"eventURI":"https:\/\/data.oireachtas.ie\/ie\/oireachtas\/def\/bill-event\/bill-lapsed","showAs":"Bill Lapsed","uri":"https:\/\/data.oireachtas.ie\/ie\/oireachtas\/bill\/2021\/30\/bill-lapsed"}}],"lastUpdated":"2025-01-30T11:17:37.160000+00:00","longTitleEn":"Bill entitled an Act to amend the Health Insurance Act 1994 (as amended) to introduce a new definition of a health insurance contract to that contained in Section 2 of the Principal Act so as to exclude international students who are not ordinarily resident in Ireland; and to provide for related matters.","longTitleGa":"Bille d\u00e1 ngairtear Acht do leas\u00fa an Achta \u00c1rachais Sl\u00e1inte, 1994 (arna leas\u00fa) chun m\u00edni\u00fa nua ar chonradh \u00e1rachais sl\u00e1inte a thabhairt isteach in ionad an mh\u00ednithe at\u00e1 in Alt 2 den Phr\u00edomh-Acht d\u2019fhonn mic l\u00e9inn idirn\u00e1isi\u00fanta nach bhfuil gn\u00e1thch\u00f3na\u00ed orthu in \u00c9irinn a eisiamh; agus do dh\u00e9anamh socr\u00fa i dtaobh nithe gaolmhara.","method":"Introduced","methodURI":"https:\/\/data.oireachtas.ie\/ie\/oireachtas\/def\/bill-method\/introduced","mostRecentStage":{"event":{"chamber":{"chamberCode":"seanad","showAs":"Seanad \u00c9ireann","uri":"https:\/\/data.oireachtas.ie\/ie\/oireachtas\/def\/house\/seanad"},"dates":[{"date":"2021-03-01"},{"date":"2021-03-05"},{"date":"2021-03-05"}],"house":{"chamberCode":"seanad","chamberType":"house","houseCode":"seanad","houseNo":"26","showAs":"26th Seanad","uri":"https:\/\/data.oireachtas.ie\/ie\/oireachtas\/house\/seanad\/26"},"progressStage":1,"showAs":"First Stage","stageCompleted":true,"stageOutcome":null,"stageURI":"https:\/\/data.oireachtas.ie\/ie\/oireachtas\/def\/bill-stage\/1","uri":"https:\/\/data.oireachtas.ie\/ie\/oireachtas\/bill\/2021\/30\/stage\/seanad\/1"}},"originHouse":{"showAs":"Seanad \u00c9ireann","uri":"https:\/\/data.oireachtas.ie\/ie\/oireachtas\/def\/house\/seanad"},"originHouseURI":"https:\/\/data.oireachtas.ie\/ie\/oireachtas\/def\/house\/seanad","relatedDocs":[],"shortTitleEn":"Health Insurance (International Students) (Amendment) Bill 2021","shortTitleGa":"An Bille \u00c1rachais Sl\u00e1inte (Mic L\u00e9inn Idirn\u00e1isi\u00fanta) (Leas\u00fa), 2021","source":"Private Member","sourceURI":"https:\/\/data.oireachtas.ie\/ie\/oireachtas\/def\/bill-source\/private-member","sponsors":[{"sponsor":{"as":{"showAs":null,"uri":null},"by":{"showAs":"Malcolm Byrne","uri":"https:\/\/data.oireachtas.ie\/ie\/oireachtas\/member\/id\/Malcolm-Byrne.D.2019-11-29"},"isPrimary":true}},{"sponsor":{"as":{"showAs":null,"uri":null},"by":{"showAs":"Lisa Chambers","uri":"https:\/\/data.oireachtas.ie\/ie\/oireachtas\/member\/id\/Lisa-Chambers.D.2016-10-03"},"isPrimary":false}},{"sponsor":{"as":{"showAs":null,"uri":null},"by":{"showAs":"Shane Cassells","uri":"https:\/\/data.oireachtas.ie\/ie\/oireachtas\/member\/id\/Shane-Cassells.D.2016-10-03"},"isPrimary":false}}],"stages":[{"event":{"chamber":{"chamberCode":"seanad","showAs":"Seanad \u00c9ireann","uri":"https:\/\/data.oireachtas.ie\/ie\/oireachtas\/def\/house\/seanad"},"dates":[{"date":"2021-03-01"},{"date":"2021-03-05"},{"date":"2021-03-05"}],"house":{"chamberCode":"seanad","chamberType":"house","houseCode":"seanad","houseNo":"26","showAs":"26th Seanad","uri":"https:\/\/data.oireachtas.ie\/ie\/oireachtas\/house\/seanad\/26"},"progressStage":1,"showAs":"First Stage","stageCompleted":true,"stageOutcome":null,"stageURI":"https:\/\/data.oireachtas.ie\/ie\/oireachtas\/def\/bill-stage\/1","uri":"https:\/\/data.oireachtas.ie\/ie\/oireachtas\/bill\/2021\/30\/stage\/seanad\/1"}}],"status":"Lapsed","statusURI":"https:\/\/data.oireachtas.ie\/ie\/oireachtas\/def\/bill-status\/lapsed","uri":"https:\/\/data.oireachtas.ie\/ie\/oireachtas\/bill\/2021\/30","versions":[{"version":{"date":"2021-03-05","docType":"bill","formats":{"pdf":{"uri":"https:\/\/data.oireachtas.ie\/ie\/oireachtas\/bill\/2021\/30\/eng\/initiated\/b3021s.pdf"},"xml":null},"lang":"eng","showAs":"As Initiated","uri":"https:\/\/data.oireachtas.ie\/ie\/oireachtas\/bill\/2021\/30\/eng\/initiated"}}]},"billSort":{"actNoSort":null,"actShortTitleEnSort":null,"actShortTitleGaSort":null,"actYearSort":null,"billNoSort":30,"billShortTitleEnSort":"health-insurance-international-students-amendment-bill-2021","billShortTitleGaSort":"an-bille-arachais-slainte-mic-leinn-idirnaisiunta-leasu-2021","billYearSort":2021},"contextDate":"2021-03-05"},{"bill":{"act":null,"amendmentLists":[],"billNo":"29","billType":"Public","billTypeURI":"https:\/\/data.oireachtas.ie\/ie\/oireachtas\/def\/bill-type\/public","billYear":"2021","debates":[{"chamber":{"showAs":"Seanad \u00c9ireann","uri":"https:\/\/data.oireachtas.ie\/ie\/oireachtas\/def\/house\/seanad"},"date":"2021-03-05","debateSectionId":"dbsect_11","showAs":"Adoption (Information and Tracing) Bill 2021: First Stage","uri":"https:\/\/data.oireachtas.ie\/akn\/ie\/debateRecord\/seanad\/2021-03-05\/debate\/main"}],"events":[{"event":{"chamber":{"chamberCode":"seanad","showAs":"Seanad \u00c9ireann","uri":"https:\/\/data.oireachtas.ie\/ie\/oireachtas\/def\/house\/seanad"},"dates":[{"date":"2021-02-09"},{"date":"2021-03-05"}],"eventURI":"https:\/\/data.oireachtas.ie\/ie\/oireachtas\/def\/bill-event\/admissibility-for-introduction","showAs":"Admissibility for Introduction","uri":"https:\/\/data.oireachtas.ie\/ie\/oireachtas\/bill\/2021\/29\/admissibility-for-introduction"}},{"event":{"chamber":{"chamberCode":"seanad","showAs":"Seanad \u00c9ireann","uri":"https:\/\/data.oireachtas.ie\/ie\/oireachtas\/def\/house\/seanad"},"dates":[{"date":"2025-01-29"}],"eventURI":"https:\/\/data.oireachtas.ie\/ie\/oireachtas\/def\/bill-event\/bill-lapsed","showAs":"Bill Lapsed","uri":"https:\/\/data.oireachtas.ie\/ie\/oireachtas\/bill\/2021\/29\/bill-lapsed"}}],"lastUpdated":"2025-01-30T11:17:37.160000+00:00","longTitleEn":"Bill entitled an Act to provide for improved information and tracing for adopted persons in relation to their adoption, for that purpose to amend the Adoption Act 2010 so as to provide for access by adult adopted persons to the index maintained by an tArd-Chl\u00e1raitheoir of connections between entries in the Adopted Children Register and the register of births, and to provide for connected matters.","longTitleGa":"Bille d\u00e1 ngairtear Acht do dh\u00e9anamh socr\u00fa maidir le faisn\u00e9is agus rian\u00fa feabhsaithe do dhaoine uchtaithe i nd\u00e1il lena n-ucht\u00e1il, chun na cr\u00edche sin do leas\u00fa an Achta Ucht\u00e1la, 2010 d\u2019fhonn socr\u00fa a dh\u00e9anamh maidir le rochtain a bheith ag daoine uchtaithe f\u00e1sta ar an treoir, arna cothabh\u00e1il ag an Ard-Chl\u00e1raitheoir, de cheangail idir iontr\u00e1lacha sa Chl\u00e1r d\u2019Uchtleana\u00ed agus i gcl\u00e1r na mbreitheanna, agus do dh\u00e9anamh socr\u00fa i dtaobh nithe comhghaolmhara.","method":"Introduced","methodURI":"https:\/\/data.oireachtas.ie\/ie\/oireachtas\/def\/bill-method\/introduced","mostRecentStage":{"event":{"chamber":{"chamberCode":"seanad","showAs":"Seanad \u00c9ireann","uri":"https:\/\/data.oireachtas.ie\/ie\/oireachtas\/def\/house\/seanad"},"dates":[{"date":"2021-02-09"},{"date":"2021-03-05"},{"date":"2021-03-05"}],"house":{"chamberCode":"seanad","chamberType":"house","houseCode":"seanad","houseNo":"26","showAs":"26th Seanad","uri":"https:\/\/data.oireachtas.ie\/ie\/oireachtas\/house\/seanad\/26"},"progressStage":1,"showAs":"First Stage","stageCompleted":true,"stageOutcome":null,"stageURI":"https:\/\/data.oireachtas.ie\/ie\/oireachtas\/def\/bill-stage\/1","uri":"https:\/\/data.oireachtas.ie\/ie\/oireachtas\/bill\/2021\/29\/stage\/seanad\/1"}},"originHouse":{"showAs":"Seanad \u00c9ireann","uri":"https:\/\/data.oireachtas.ie\/ie\/oireachtas\/def\/house\/seanad"},"originHouseURI":"https:\/\/data.oireachtas.ie\/ie\/oireachtas\/def\/house\/seanad","relatedDocs":[],"shortTitleEn":"Adoption (Information and Tracing) Bill 2021","shortTitleGa":"An Bille Ucht\u00e1la (Faisn\u00e9is agus Rian\u00fa), 2021 ","source":"Private Member","sourceURI":"https:\/\/data.oireachtas.ie\/ie\/oireachtas\/def\/bill-source\/private-member","sponsors":[{"sponsor":{"as":{"showAs":null,"uri":null},"by":{"showAs":"Ivana Bacik","uri":"https:\/\/data.oireachtas.ie\/ie\/oireachtas\/member\/id\/Ivana-Bacik.S.2007-07-23"},"isPrimary":true}},{"sponsor":{"as":{"showAs":null,"uri":null},"by":{"showAs":"Annie Hoey","uri":"https:\/\/data.oireachtas.ie\/ie\/oireachtas\/member\/id\/Annie-Hoey.S.2020-03-30"},"isPrimary":false}},{"sponsor":{"as":{"showAs":null,"uri":null},"by":{"showAs":"Rebecca Moynihan","uri":"https:\/\/data.oireachtas.ie\/ie\/oireachtas\/member\/id\/Rebecca-Moynihan.S.2020-03-30"},"isPrimary":false}},{"sponsor":{"as":{"showAs":null,"uri":null},"by":{"showAs":"Marie Sherlock","uri":"https:\/\/data.oireachtas.ie\/ie\/oireachtas\/member\/id\/Marie-Sherlock.S.2020-03-30"},"isPrimary":false}},{"sponsor":{"as":{"showAs":null,"uri":null},"by":{"showAs":"Mark Wall","uri":"https:\/\/data.oireachtas.ie\/ie\/oireachtas\/member\/id\/Mark-Wall.S.2020-03-30"},"isPrimary":false}}],"stages":[{"event":{"chamber":{"chamberCode":"seanad","showAs":"Seanad \u00c9ireann","uri":"https:\/\/data.oireachtas.ie\/ie\/oireachtas\/def\/house\/seanad"},"dates":[{"date":"2021-02-09"},{"date":"2021-03-05"},{"date":"2021-03-05"}],"house":{"chamberCode":"seanad","chamberType":"house","houseCode":"seanad","houseNo":"26","showAs":"26th Seanad","uri":"https:\/\/data.oireachtas.ie\/ie\/oireachtas\/house\/seanad\/26"},"progressStage":1,"showAs":"First Stage","stageCompleted":true,"stageOutcome":null,"stageURI":"https:\/\/data.oireachtas.ie\/ie\/oireachtas\/def\/bill-stage\/1","uri":"https:\/\/data.oireachtas.ie\/ie\/oireachtas\/bill\/2021\/29\/stage\/seanad\/1"}}],"status":"Lapsed","statusURI":"https:\/\/data.oireachtas.ie\/ie\/oireachtas\/def\/bill-status\/lapsed","uri":"https:\/\/data.oireachtas.ie\/ie\/oireachtas\/bill\/2021\/29","versions":[{"version":{"date":"2021-03-05","docType":"bill","formats":{"pdf":{"uri":"https:\/\/data.oireachtas.ie\/ie\/oireachtas\/bill\/2021\/29\/eng\/initiated\/b2921s.pdf"},"xml":null},"lang":"eng","showAs":"As Initiated","uri":"https:\/\/data.oireachtas.ie\/ie\/oireachtas\/bill\/2021\/29\/eng\/initiated"}}]},"billSort":{"actNoSort":null,"actShortTitleEnSort":null,"actShortTitleGaSort":null,"actYearSort":null,"billNoSort":29,"billShortTitleEnSort":"adoption-information-and-tracing-bill-2021","billShortTitleGaSort":"an-bille-uchtala-faisneis-agus-rianu-2021","billYearSort":2021},"contextDate":"2021-03-05"},{"bill":{"act":null,"amendmentLists":[],"billNo":"27","billType":"Public","billTypeURI":"https:\/\/data.oireachtas.ie\/ie\/oireachtas\/def\/bill-type\/public","billYear":"2021","debates":[{"chamber":{"showAs":"Seanad \u00c9ireann","uri":"https:\/\/data.oireachtas.ie\/ie\/oireachtas\/def\/house\/seanad"},"date":"2021-10-20","debateSectionId":"dbsect_14","showAs":"Planning and Development (Amendment) Bill 2021: Second Stage","uri":"https:\/\/data.oireachtas.ie\/akn\/ie\/debateRecord\/seanad\/2021-10-20\/debate\/main"},{"chamber":{"showAs":"Seanad \u00c9ireann","uri":"https:\/\/data.oireachtas.ie\/ie\/oireachtas\/def\/house\/seanad"},"date":"2021-03-01","debateSectionId":"dbsect_11","showAs":"Planning and Development (Amendment) Bill 2021: First Stage","uri":"https:\/\/data.oireachtas.ie\/akn\/ie\/debateRecord\/seanad\/2021-03-01\/debate\/main"}],"events":[{"event":{"chamber":{"chamberCode":"seanad","showAs":"Seanad \u00c9ireann","uri":"https:\/\/data.oireachtas.ie\/ie\/oireachtas\/def\/house\/seanad"},"dates":[{"date":"2021-02-05"},{"date":"2021-03-01"}],"eventURI":"https:\/\/data.oireachtas.ie\/ie\/oireachtas\/def\/bill-event\/admissibility-for-introduction","showAs":"Admissibility for Introduction","uri":"https:\/\/data.oireachtas.ie\/ie\/oireachtas\/bill\/2021\/27\/admissibility-for-introduction"}},{"event":{"chamber":{"chamberCode":"seanad","showAs":"Seanad \u00c9ireann","uri":"https:\/\/data.oireachtas.ie\/ie\/oireachtas\/def\/house\/seanad"},"dates":[{"date":"2025-01-29"}],"eventURI":"https:\/\/data.oireachtas.ie\/ie\/oireachtas\/def\/bill-event\/bill-lapsed","showAs":"Bill Lapsed","uri":"https:\/\/data.oireachtas.ie\/ie\/oireachtas\/bill\/2021\/27\/bill-lapsed"}}],"lastUpdated":"2025-01-30T11:17:37.160000+00:00","longTitleEn":"Bill entitled an Act to restrict applications for change of use of certain student accommodation units; and to provide for connected matters. ","longTitleGa":"Bille d\u00e1 ngairtear Acht chun iarratais ar athr\u00fa ar \u00fas\u00e1id aonad c\u00f3ir\u00edochta \u00e1irithe do mhic l\u00e9inn a shrianadh; agus do dh\u00e9anamh socr\u00fa i dtaobh nithe comhghaolmhara.","method":"Introduced","methodURI":"https:\/\/data.oireachtas.ie\/ie\/oireachtas\/def\/bill-method\/introduced","mostRecentStage":{"event":{"chamber":{"chamberCode":"seanad","showAs":"Seanad \u00c9ireann","uri":"https:\/\/data.oireachtas.ie\/ie\/oireachtas\/def\/house\/seanad"},"dates":[{"date":"2021-03-01"}],"house":{"chamberCode":"seanad","chamberType":"house","houseCode":"seanad","houseNo":"26","showAs":"26th Seanad","uri":"https:\/\/data.oireachtas.ie\/ie\/oireachtas\/house\/seanad\/26"},"progressStage":2,"showAs":"Second Stage","stageCompleted":true,"stageOutcome":null,"stageURI":"https:\/\/data.oireachtas.ie\/ie\/oireachtas\/def\/bill-stage\/2","uri":"https:\/\/data.oireachtas.ie\/ie\/oireachtas\/bill\/2021\/27\/stage\/seanad\/2"}},"originHouse":{"showAs":"Seanad \u00c9ireann","uri":"https:\/\/data.oireachtas.ie\/ie\/oireachtas\/def\/house\/seanad"},"originHouseURI":"https:\/\/data.oireachtas.ie\/ie\/oireachtas\/def\/house\/seanad","relatedDocs":[{"relatedDoc":{"date":"2021-03-01","docType":"memo","formats":{"pdf":{"uri":"https:\/\/data.oireachtas.ie\/ie\/oireachtas\/bill\/2021\/27\/eng\/memo\/b2721s-memo.pdf"},"xml":null},"lang":"eng","showAs":"Explanatory Memorandum","uri":"https:\/\/data.oireachtas.ie\/ie\/oireachtas\/bill\/2021\/27\/eng\/memo"}}],"shortTitleEn":"Planning and Development (Amendment) Bill 2021","shortTitleGa":"An Bille um Plean\u00e1il agus Forbairt (Leas\u00fa), 2021","source":"Private Member","sourceURI":"https:\/\/data.oireachtas.ie\/ie\/oireachtas\/def\/bill-source\/private-member","sponsors":[{"sponsor":{"as":{"showAs":null,"uri":null},"by":{"showAs":"Rebecca Moynihan","uri":"https:\/\/data.oireachtas.ie\/ie\/oireachtas\/member\/id\/Rebecca-Moynihan.S.2020-03-30"},"isPrimary":true}},{"sponsor":{"as":{"showAs":null,"uri":null},"by":{"showAs":"Ivana Bacik","uri":"https:\/\/data.oireachtas.ie\/ie\/oireachtas\/member\/id\/Ivana-Bacik.S.2007-07-23"},"isPrimary":false}},{"sponsor":{"as":{"showAs":null,"uri":null},"by":{"showAs":"Annie Hoey","uri":"https:\/\/data.oireachtas.ie\/ie\/oireachtas\/member\/id\/Annie-Hoey.S.2020-03-30"},"isPrimary":false}},{"sponsor":{"as":{"showAs":null,"uri":null},"by":{"showAs":"Mark Wall","uri":"https:\/\/data.oireachtas.ie\/ie\/oireachtas\/member\/id\/Mark-Wall.S.2020-03-30"},"isPrimary":false}},{"sponsor":{"as":{"showAs":null,"uri":null},"by":{"showAs":"Marie Sherlock","uri":"https:\/\/data.oireachtas.ie\/ie\/oireachtas\/member\/id\/Marie-Sherlock.S.2020-03-30"},"isPrimary":false}}],"stages":[{"event":{"chamber":{"chamberCode":"seanad","showAs":"Seanad \u00c9ireann","uri":"https:\/\/data.oireachtas.ie\/ie\/oireachtas\/def\/house\/seanad"},"dates":[{"date":"2021-02-05"},{"date":"2021-03-01"},{"date":"2021-03-01"}],"house":{"chamberCode":"seanad","chamberType":"house","houseCode":"seanad","houseNo":"26","showAs":"26th Seanad","uri":"https:\/\/data.oireachtas.ie\/ie\/oireachtas\/house\/seanad\/26"},"progressStage":1,"showAs":"First Stage","stageCompleted":true,"stageOutcome":null,"stageURI":"https:\/\/data.oireachtas.ie\/ie\/oireachtas\/def\/bill-stage\/1","uri":"https:\/\/data.oireachtas.ie\/ie\/oireachtas\/bill\/2021\/27\/stage\/seanad\/1"}},{"event":{"chamber":{"chamberCode":"seanad","showAs":"Seanad \u00c9ireann","uri":"https:\/\/data.oireachtas.ie\/ie\/oireachtas\/def\/house\/seanad"},"dates":[{"date":"2021-03-01"}],"house":{"chamberCode":"seanad","chamberType":"house","houseCode":"seanad","houseNo":"26","showAs":"26th Seanad","uri":"https:\/\/data.oireachtas.ie\/ie\/oireachtas\/house\/seanad\/26"},"progressStage":2,"showAs":"Second Stage","stageCompleted":true,"stageOutcome":null,"stageURI":"https:\/\/data.oireachtas.ie\/ie\/oireachtas\/def\/bill-stage\/2","uri":"https:\/\/data.oireachtas.ie\/ie\/oireachtas\/bill\/2021\/27\/stage\/seanad\/2"}}],"status":"Lapsed","statusURI":"https:\/\/data.oireachtas.ie\/ie\/oireachtas\/def\/bill-status\/lapsed","uri":"https:\/\/data.oireachtas.ie\/ie\/oireachtas\/bill\/2021\/27","versions":[{"version":{"date":"2021-03-01","docType":"bill","formats":{"pdf":{"uri":"https:\/\/data.oireachtas.ie\/ie\/oireachtas\/bill\/2021\/27\/eng\/initiated\/b2721s.pdf"},"xml":null},"lang":"eng","showAs":"As Initiated","uri":"https:\/\/data.oireachtas.ie\/ie\/oireachtas\/bill\/2021\/27\/eng\/initiated"}}]},"billSort":{"actNoSort":null,"actShortTitleEnSort":null,"actShortTitleGaSort":null,"actYearSort":null,"billNoSort":27,"billShortTitleEnSort":"planning-and-development-amendment-bill-2021","billShortTitleGaSort":"an-bille-um-pleanail-agus-forbairt-leasu-2021","billYearSort":2021},"contextDate":"2021-03-01"},{"bill":{"act":null,"amendmentLists":[],"billNo":"24","billType":"Public","billTypeURI":"https:\/\/data.oireachtas.ie\/ie\/oireachtas\/def\/bill-type\/public","billYear":"2021","debates":[{"chamber":{"showAs":"Seanad \u00c9ireann","uri":"https:\/\/data.oireachtas.ie\/ie\/oireachtas\/def\/house\/seanad"},"date":"2021-03-05","debateSectionId":"dbsect_18","showAs":"Local Government (Use of CCTV in Prosecution of Offences) Bill 2021: Second Stage","uri":"https:\/\/data.oireachtas.ie\/akn\/ie\/debateRecord\/seanad\/2021-03-05\/debate\/main"},{"chamber":{"showAs":"Seanad \u00c9ireann","uri":"https:\/\/data.oireachtas.ie\/ie\/oireachtas\/def\/house\/seanad"},"date":"2021-02-19","debateSectionId":"dbsect_11","showAs":"Local Government (Use of CCTV in Prosecution of Offences) Bill 2021: First Stage","uri":"https:\/\/data.oireachtas.ie\/akn\/ie\/debateRecord\/seanad\/2021-02-19\/debate\/main"}],"events":[{"event":{"chamber":{"chamberCode":"seanad","showAs":"Seanad \u00c9ireann","uri":"https:\/\/data.oireachtas.ie\/ie\/oireachtas\/def\/house\/seanad"},"dates":[{"date":"2021-02-09"},{"date":"2021-02-19"}],"eventURI":"https:\/\/data.oireachtas.ie\/ie\/oireachtas\/def\/bill-event\/admissibility-for-introduction","showAs":"Admissibility for Introduction","uri":"https:\/\/data.oireachtas.ie\/ie\/oireachtas\/bill\/2021\/24\/admissibility-for-introduction"}},{"event":{"chamber":{"chamberCode":"seanad","showAs":"Seanad \u00c9ireann","uri":"https:\/\/data.oireachtas.ie\/ie\/oireachtas\/def\/house\/seanad"},"dates":[{"date":"2025-01-29"}],"eventURI":"https:\/\/data.oireachtas.ie\/ie\/oireachtas\/def\/bill-event\/bill-lapsed","showAs":"Bill Lapsed","uri":"https:\/\/data.oireachtas.ie\/ie\/oireachtas\/bill\/2021\/24\/bill-lapsed"}}],"lastUpdated":"2025-01-30T11:17:37.160000+00:00","longTitleEn":"\nBill entitled an Act to make provision in relation to the prevention, investigation, detection and prosecution by local authorities of certain offences; to provide for the use of closed circuit television in public places by local authorities for the purposes of those functions; and to provide for related matters.\n","longTitleGa":"Bille d\u00e1 ngairtear Acht do dh\u00e9anamh socr\u00fa i nd\u00e1il le h\u00fadar\u00e1is \u00e1iti\u00fala do chosc, d\u2019imscr\u00fad\u00fa, do bhrath agus d\u2019ionch\u00faiseamh cionta \u00e1irithe; do dh\u00e9anamh socr\u00fa maidir le h\u00fadar\u00e1is \u00e1iti\u00fala d\u2019\u00fas\u00e1id teilif\u00eds ciorcaid iata in \u00e1iteanna poibl\u00ed chun cr\u00edocha na bhfeidhmeanna sin; agus do dh\u00e9anamh socr\u00fa i dtaobh nithe gaolmhara. ","method":"Introduced","methodURI":"https:\/\/data.oireachtas.ie\/ie\/oireachtas\/def\/bill-method\/introduced","mostRecentStage":{"event":{"chamber":{"chamberCode":"seanad","showAs":"Seanad \u00c9ireann","uri":"https:\/\/data.oireachtas.ie\/ie\/oireachtas\/def\/house\/seanad"},"dates":[{"date":"2021-02-19"}],"house":{"chamberCode":"seanad","chamberType":"house","houseCode":"seanad","houseNo":"26","showAs":"26th Seanad","uri":"https:\/\/data.oireachtas.ie\/ie\/oireachtas\/house\/seanad\/26"},"progressStage":2,"showAs":"Second Stage","stageCompleted":true,"stageOutcome":null,"stageURI":"https:\/\/data.oireachtas.ie\/ie\/oireachtas\/def\/bill-stage\/2","uri":"https:\/\/data.oireachtas.ie\/ie\/oireachtas\/bill\/2021\/24\/stage\/seanad\/2"}},"originHouse":{"showAs":"Seanad \u00c9ireann","uri":"https:\/\/data.oireachtas.ie\/ie\/oireachtas\/def\/house\/seanad"},"originHouseURI":"https:\/\/data.oireachtas.ie\/ie\/oireachtas\/def\/house\/seanad","relatedDocs":[{"relatedDoc":{"date":"2021-02-19","docType":"memo","formats":{"pdf":{"uri":"https:\/\/data.oireachtas.ie\/ie\/oireachtas\/bill\/2021\/24\/eng\/memo\/b2421s-memo.pdf"},"xml":null},"lang":"eng","showAs":"Explanatory Memorandum","uri":"https:\/\/data.oireachtas.ie\/ie\/oireachtas\/bill\/2021\/24\/eng\/memo"}}],"shortTitleEn":"Local Government (Use of CCTV in Prosecution of  Offences) Bill 2021","shortTitleGa":"An Bille Rialtais \u00c1iti\u00fail (TCI a \u00das\u00e1id le linn Cionta a Ionch\u00faiseamh), 2021","source":"Private Member","sourceURI":"https:\/\/data.oireachtas.ie\/ie\/oireachtas\/def\/bill-source\/private-member","sponsors":[{"sponsor":{"as":{"showAs":null,"uri":null},"by":{"showAs":"Mark Wall","uri":"https:\/\/data.oireachtas.ie\/ie\/oireachtas\/member\/id\/Mark-Wall.S.2020-03-30"},"isPrimary":true}},{"sponsor":{"as":{"showAs":null,"uri":null},"by":{"showAs":"Ivana Bacik","uri":"https:\/\/data.oireachtas.ie\/ie\/oireachtas\/member\/id\/Ivana-Bacik.S.2007-07-23"},"isPrimary":false}},{"sponsor":{"as":{"showAs":null,"uri":null},"by":{"showAs":"Annie Hoey","uri":"https:\/\/data.oireachtas.ie\/ie\/oireachtas\/member\/id\/Annie-Hoey.S.2020-03-30"},"isPrimary":false}},{"sponsor":{"as":{"showAs":null,"uri":null},"by":{"showAs":"Rebecca Moynihan","uri":"https:\/\/data.oireachtas.ie\/ie\/oireachtas\/member\/id\/Rebecca-Moynihan.S.2020-03-30"},"isPrimary":false}},{"sponsor":{"as":{"showAs":null,"uri":null},"by":{"showAs":"Marie Sherlock","uri":"https:\/\/data.oireachtas.ie\/ie\/oireachtas\/member\/id\/Marie-Sherlock.S.2020-03-30"},"isPrimary":false}}],"stages":[{"event":{"chamber":{"chamberCode":"seanad","showAs":"Seanad \u00c9ireann","uri":"https:\/\/data.oireachtas.ie\/ie\/oireachtas\/def\/house\/seanad"},"dates":[{"date":"2021-02-09"},{"date":"2021-02-19"},{"date":"2021-02-19"}],"house":{"chamberCode":"seanad","chamberType":"house","houseCode":"seanad","houseNo":"26","showAs":"26th Seanad","uri":"https:\/\/data.oireachtas.ie\/ie\/oireachtas\/house\/seanad\/26"},"progressStage":1,"showAs":"First Stage","stageCompleted":true,"stageOutcome":null,"stageURI":"https:\/\/data.oireachtas.ie\/ie\/oireachtas\/def\/bill-stage\/1","uri":"https:\/\/data.oireachtas.ie\/ie\/oireachtas\/bill\/2021\/24\/stage\/seanad\/1"}},{"event":{"chamber":{"chamberCode":"seanad","showAs":"Seanad \u00c9ireann","uri":"https:\/\/data.oireachtas.ie\/ie\/oireachtas\/def\/house\/seanad"},"dates":[{"date":"2021-02-19"}],"house":{"chamberCode":"seanad","chamberType":"house","houseCode":"seanad","houseNo":"26","showAs":"26th Seanad","uri":"https:\/\/data.oireachtas.ie\/ie\/oireachtas\/house\/seanad\/26"},"progressStage":2,"showAs":"Second Stage","stageCompleted":true,"stageOutcome":null,"stageURI":"https:\/\/data.oireachtas.ie\/ie\/oireachtas\/def\/bill-stage\/2","uri":"https:\/\/data.oireachtas.ie\/ie\/oireachtas\/bill\/2021\/24\/stage\/seanad\/2"}}],"status":"Lapsed","statusURI":"https:\/\/data.oireachtas.ie\/ie\/oireachtas\/def\/bill-status\/lapsed","uri":"https:\/\/data.oireachtas.ie\/ie\/oireachtas\/bill\/2021\/24","versions":[{"version":{"date":"2021-02-19","docType":"bill","formats":{"pdf":{"uri":"https:\/\/data.oireachtas.ie\/ie\/oireachtas\/bill\/2021\/24\/eng\/initiated\/b2421s.pdf"},"xml":null},"lang":"eng","showAs":"As Initiated","uri":"https:\/\/data.oireachtas.ie\/ie\/oireachtas\/bill\/2021\/24\/eng\/initiated"}}]},"billSort":{"actNoSort":null,"actShortTitleEnSort":null,"actShortTitleGaSort":null,"actYearSort":null,"billNoSort":24,"billShortTitleEnSort":"local-government-use-of-cctv-in-prosecution-of-offences-bill-2021","billShortTitleGaSort":"an-bille-rialtais-aitiuil-tci-a-usaid-le-linn-cionta-a-ionchuiseamh-2021","billYearSort":2021},"contextDate":"2021-02-19"},{"bill":{"act":null,"amendmentLists":[],"billNo":"22","billType":"Public","billTypeURI":"https:\/\/data.oireachtas.ie\/ie\/oireachtas\/def\/bill-type\/public","billYear":"2021","debates":[{"chamber":{"showAs":"D\u00e1il \u00c9ireann","uri":"https:\/\/data.oireachtas.ie\/ie\/oireachtas\/def\/house\/dail"},"date":"2021-02-18","debateSectionId":"dbsect_6","showAs":"Consumer Protection (Loyalty Penalty and Customer Complaints) Bill 2021: First Stage","uri":"https:\/\/data.oireachtas.ie\/akn\/ie\/debateRecord\/dail\/2021-02-18\/debate\/main"}],"events":[{"event":{"chamber":{"chamberCode":"dail","showAs":"D\u00e1il \u00c9ireann","uri":"https:\/\/data.oireachtas.ie\/ie\/oireachtas\/def\/house\/dail"},"dates":[{"date":"2021-01-06"},{"date":"2021-02-18"},{"date":"2025-05-01"}],"eventURI":"https:\/\/data.oireachtas.ie\/ie\/oireachtas\/def\/bill-event\/admissibility-for-introduction","showAs":"Admissibility for Introduction","uri":"https:\/\/data.oireachtas.ie\/ie\/oireachtas\/bill\/2021\/22\/admissibility-for-introduction"}},{"event":{"chamber":{"chamberCode":"dail","showAs":"D\u00e1il \u00c9ireann","uri":"https:\/\/data.oireachtas.ie\/ie\/oireachtas\/def\/house\/dail"},"dates":[{"date":"2024-11-08"}],"eventURI":"https:\/\/data.oireachtas.ie\/ie\/oireachtas\/def\/bill-event\/bill-lapsed","showAs":"Bill Lapsed","uri":"https:\/\/data.oireachtas.ie\/ie\/oireachtas\/bill\/2021\/22\/bill-lapsed"}}],"lastUpdated":"2025-05-02T11:36:12.980000+00:00","longTitleEn":"Bill entitled an Act to prohibit differential pricing in respect of certain subscription service supplied to consumers; to require certain traders to establish schemes for handling consumer complaints in relation to their services and to prescribe minimum standards in relation to such schemes; for those purposes to amend the Consumer Protection Act 2007; and to provide for connected matters.","longTitleGa":"Bille d\u00e1 ngairtear Acht do thoirmeasc praghs\u00e1il dhifre\u00e1lach i leith seirbh\u00eds\u00ed s\u00ednti\u00fais \u00e1irithe a shol\u00e1thra\u00edtear do thomhalt\u00f3ir\u00ed; d\u00e1 cheangal ar thr\u00e1d\u00e1laithe \u00e1irithe sc\u00e9imeanna a bhun\u00fa chun gear\u00e1in \u00f3 chustaim\u00e9ir\u00ed i nd\u00e1il lena gcuid seirbh\u00eds\u00ed a l\u00e1imhse\u00e1il agus chun caighde\u00e1in \u00edosta a fhorord\u00fa i nd\u00e1il le sc\u00e9imeanna den s\u00f3rt sin; chun na gcr\u00edoch sin, do leas\u00fa an Achta um Chosaint Tomhalt\u00f3ir\u00ed, 2007; agus do dh\u00e9anamh socr\u00fa i dtaobh nithe comhghaolmhara.","method":"Introduced","methodURI":"https:\/\/data.oireachtas.ie\/ie\/oireachtas\/def\/bill-method\/introduced","mostRecentStage":{"event":{"chamber":{"chamberCode":"dail","showAs":"D\u00e1il \u00c9ireann","uri":"https:\/\/data.oireachtas.ie\/ie\/oireachtas\/def\/house\/dail"},"dates":[{"date":"2024-11-08"},{"date":"2025-05-01"}],"house":{"chamberCode":"dail","chamberType":"house","houseCode":"dail","houseNo":"33","showAs":"33rd D\u00e1il","uri":"https:\/\/data.oireachtas.ie\/ie\/oireachtas\/house\/dail\/33"},"progressStage":2,"showAs":"Second Stage","stageCompleted":false,"stageOutcome":"Current","stageURI":"https:\/\/data.oireachtas.ie\/ie\/oireachtas\/def\/bill-stage\/2","uri":"https:\/\/data.oireachtas.ie\/ie\/oireachtas\/bill\/2021\/22\/stage\/dail\/2"}},"originHouse":{"showAs":"D\u00e1il \u00c9ireann","uri":"https:\/\/data.oireachtas.ie\/ie\/oireachtas\/def\/house\/dail"},"originHouseURI":"https:\/\/data.oireachtas.ie\/ie\/oireachtas\/def\/house\/dail","relatedDocs":[{"relatedDoc":{"date":"2021-02-18","docType":"memo","formats":{"pdf":{"uri":"https:\/\/data.oireachtas.ie\/ie\/oireachtas\/bill\/2021\/22\/eng\/memo\/consumerprotection-loyaltypenaltyandcustomercomplaints-memo2021-v2-changes-inc.pdf"},"xml":null},"lang":"eng","showAs":"Explanatory Memorandum","uri":"https:\/\/data.oireachtas.ie\/ie\/oireachtas\/bill\/2021\/22\/eng\/memo"}}],"shortTitleEn":"Consumer Protection (Loyalty Penalty and Customer Complaints) Bill 2021","shortTitleGa":"An Bille um Chosaint Tomhalt\u00f3ir\u00ed (Pion\u00f3s D\u00edlseachta agus Gear\u00e1in \u00f3 Chustaim\u00e9ir\u00ed), 2021","source":"Private Member","sourceURI":"https:\/\/data.oireachtas.ie\/ie\/oireachtas\/def\/bill-source\/private-member","sponsors":[{"sponsor":{"as":{"showAs":null,"uri":null},"by":{"showAs":"Ged Nash","uri":"https:\/\/data.oireachtas.ie\/ie\/oireachtas\/member\/id\/Gerald-Nash.D.2011-03-09"},"isPrimary":true}},{"sponsor":{"as":{"showAs":null,"uri":null},"by":{"showAs":"Aodh\u00e1n \u00d3 R\u00edord\u00e1in","uri":"https:\/\/data.oireachtas.ie\/ie\/oireachtas\/member\/id\/Aodh\u00e1n-\u00d3-R\u00edord\u00e1in.D.2011-03-09"},"isPrimary":false}},{"sponsor":{"as":{"showAs":null,"uri":null},"by":{"showAs":"Duncan Smith","uri":"https:\/\/data.oireachtas.ie\/ie\/oireachtas\/member\/id\/Duncan-Smith.D.2020-02-08"},"isPrimary":false}}],"stages":[{"event":{"chamber":{"chamberCode":"dail","showAs":"D\u00e1il \u00c9ireann","uri":"https:\/\/data.oireachtas.ie\/ie\/oireachtas\/def\/house\/dail"},"dates":[{"date":"2021-01-06"},{"date":"2021-02-18"},{"date":"2021-02-18"}],"house":{"chamberCode":"dail","chamberType":"house","houseCode":"dail","houseNo":"33","showAs":"33rd D\u00e1il","uri":"https:\/\/data.oireachtas.ie\/ie\/oireachtas\/house\/dail\/33"},"progressStage":1,"showAs":"First Stage","stageCompleted":true,"stageOutcome":null,"stageURI":"https:\/\/data.oireachtas.ie\/ie\/oireachtas\/def\/bill-stage\/1","uri":"https:\/\/data.oireachtas.ie\/ie\/oireachtas\/bill\/2021\/22\/stage\/dail\/1"}},{"event":{"chamber":{"chamberCode":"dail","showAs":"D\u00e1il \u00c9ireann","uri":"https:\/\/data.oireachtas.ie\/ie\/oireachtas\/def\/house\/dail"},"dates":[{"date":"2024-11-08"},{"date":"2025-05-01"}],"house":{"chamberCode":"dail","chamberType":"house","houseCode":"dail","houseNo":"33","showAs":"33rd D\u00e1il","uri":"https:\/\/data.oireachtas.ie\/ie\/oireachtas\/house\/dail\/33"},"progressStage":2,"showAs":"Second Stage","stageCompleted":false,"stageOutcome":"Current","stageURI":"https:\/\/data.oireachtas.ie\/ie\/oireachtas\/def\/bill-stage\/2","uri":"https:\/\/data.oireachtas.ie\/ie\/oireachtas\/bill\/2021\/22\/stage\/dail\/2"}}],"status":"Current","statusURI":"https:\/\/data.oireachtas.ie\/ie\/oireachtas\/def\/bill-status\/published","uri":"https:\/\/data.oireachtas.ie\/ie\/oireachtas\/bill\/2021\/22","versions":[{"version":{"date":"2021-02-18","docType":"bill","formats":{"pdf":{"uri":"https:\/\/data.oireachtas.ie\/ie\/oireachtas\/bill\/2021\/22\/eng\/initiated\/86149-consumer-protection-loyalty-penalty-and-customer-complaints-bill-2021.pdf"},"xml":null},"lang":"eng","showAs":"As Initiated","uri":"https:\/\/data.oireachtas.ie\/ie\/oireachtas\/bill\/2021\/22\/eng\/initiated"}}]},"billSort":{"actNoSort":null,"actShortTitleEnSort":null,"actShortTitleGaSort":null,"actYearSort":null,"billNoSort":22,"billShortTitleEnSort":"consumer-protection-loyalty-penalty-and-customer-complaints-bill-2021","billShortTitleGaSort":"an-bille-um-chosaint-tomhaltoiri-pionos-dilseachta-agus-gearain-o-chustaimeiri-2021","billYearSort":2021},"contextDate":"2025-05-01"},{"bill":{"act":null,"amendmentLists":[],"billNo":"21","billType":"Public","billTypeURI":"https:\/\/data.oireachtas.ie\/ie\/oireachtas\/def\/bill-type\/public","billYear":"2021","debates":[{"chamber":{"showAs":"D\u00e1il \u00c9ireann","uri":"https:\/\/data.oireachtas.ie\/ie\/oireachtas\/def\/house\/dail"},"date":"2026-05-12","debateSectionId":"dbsect_12","showAs":"Veterinary Practice (Amendment) Bill 2021: Order for Committee Stage [Private Members]","uri":"https:\/\/data.oireachtas.ie\/akn\/ie\/debateRecord\/dail\/2026-05-12\/debate\/main"},{"chamber":{"showAs":"D\u00e1il \u00c9ireann","uri":"https:\/\/data.oireachtas.ie\/ie\/oireachtas\/def\/house\/dail"},"date":"2022-04-27","debateSectionId":"dbsect_10","showAs":"Veterinary Practice (Amendment) Bill 2021: Referral to Select Committee [Private Members]","uri":"https:\/\/data.oireachtas.ie\/akn\/ie\/debateRecord\/dail\/2022-04-27\/debate\/main"},{"chamber":{"showAs":"D\u00e1il \u00c9ireann","uri":"https:\/\/data.oireachtas.ie\/ie\/oireachtas\/def\/house\/dail"},"date":"2021-06-24","debateSectionId":"dbsect_38","showAs":"Veterinary Practice (Amendment) Bill 2021: Second Stage [Private Members]","uri":"https:\/\/data.oireachtas.ie\/akn\/ie\/debateRecord\/dail\/2021-06-24\/debate\/main"},{"chamber":{"showAs":"D\u00e1il \u00c9ireann","uri":"https:\/\/data.oireachtas.ie\/ie\/oireachtas\/def\/house\/dail"},"date":"2021-02-18","debateSectionId":"dbsect_5","showAs":"Veterinary Practice (Amendment) Bill 2021: First Stage","uri":"https:\/\/data.oireachtas.ie\/akn\/ie\/debateRecord\/dail\/2021-02-18\/debate\/main"}],"events":[{"event":{"chamber":{"chamberCode":"dail","showAs":"D\u00e1il \u00c9ireann","uri":"https:\/\/data.oireachtas.ie\/ie\/oireachtas\/def\/house\/dail"},"dates":[{"date":"2020-09-30"},{"date":"2021-02-18"},{"date":"2025-05-27"}],"eventURI":"https:\/\/data.oireachtas.ie\/ie\/oireachtas\/def\/bill-event\/admissibility-for-introduction","showAs":"Admissibility for Introduction","uri":"https:\/\/data.oireachtas.ie\/ie\/oireachtas\/bill\/2021\/21\/admissibility-for-introduction"}},{"event":{"chamber":{"chamberCode":"dail","showAs":"D\u00e1il \u00c9ireann","uri":"https:\/\/data.oireachtas.ie\/ie\/oireachtas\/def\/house\/dail"},"dates":[{"date":"2024-11-08"}],"eventURI":"https:\/\/data.oireachtas.ie\/ie\/oireachtas\/def\/bill-event\/bill-lapsed","showAs":"Bill Lapsed","uri":"https:\/\/data.oireachtas.ie\/ie\/oireachtas\/bill\/2021\/21\/bill-lapsed"}}],"lastUpdated":"2025-05-28T08:50:34.930000+00:00","longTitleEn":"Bill entitled an Act to prohibit the ownership of veterinary practices by persons other than those persons who are veterinary practitioners and to provide for related matters.","longTitleGa":"Bille d\u00e1 ngairtear Acht do thoirmeasc cleachtais tr\u00e9idliachta a bheith faoi \u00fain\u00e9ireacht ag daoine seachas na daoine sin ar cleacht\u00f3ir\u00ed tr\u00e9idliachta iad agus do dh\u00e9anamh socr\u00fa i dtaobh nithe gaolmhara.","method":"Introduced","methodURI":"https:\/\/data.oireachtas.ie\/ie\/oireachtas\/def\/bill-method\/introduced","mostRecentStage":{"event":{"chamber":{"chamberCode":"dail","showAs":"D\u00e1il \u00c9ireann","uri":"https:\/\/data.oireachtas.ie\/ie\/oireachtas\/def\/house\/dail"},"dates":[{"date":"2026-05-12"},{"date":"2026-05-12"}],"house":{"chamberCode":"dail","chamberType":"house","houseCode":"dail","houseNo":"34","showAs":"34th D\u00e1il","uri":"https:\/\/data.oireachtas.ie\/ie\/oireachtas\/house\/dail\/34"},"progressStage":3,"showAs":"Committee Stage","stageCompleted":false,"stageOutcome":"Current","stageURI":"https:\/\/data.oireachtas.ie\/ie\/oireachtas\/def\/bill-stage\/3","uri":"https:\/\/data.oireachtas.ie\/ie\/oireachtas\/bill\/2021\/21\/stage\/dail\/3"}},"originHouse":{"showAs":"D\u00e1il \u00c9ireann","uri":"https:\/\/data.oireachtas.ie\/ie\/oireachtas\/def\/house\/dail"},"originHouseURI":"https:\/\/data.oireachtas.ie\/ie\/oireachtas\/def\/house\/dail","relatedDocs":[{"relatedDoc":{"date":"2021-02-18","docType":"memo","formats":{"pdf":{"uri":"https:\/\/data.oireachtas.ie\/ie\/oireachtas\/bill\/2021\/21\/eng\/memo\/b2121d-memo.pdf"},"xml":null},"lang":"eng","showAs":"Explanatory Memorandum","uri":"https:\/\/data.oireachtas.ie\/ie\/oireachtas\/bill\/2021\/21\/eng\/memo"}}],"shortTitleEn":"Veterinary Practice (Amendment) Bill 2021","shortTitleGa":"An Bille um Chleachtadh Tr\u00e9idliachta (Leas\u00fa), 2021","source":"Private Member","sourceURI":"https:\/\/data.oireachtas.ie\/ie\/oireachtas\/def\/bill-source\/private-member","sponsors":[{"sponsor":{"isPrimary":true,"as":{"showAs":null,"uri":null},"by":{"showAs":"Jackie Cahill","uri":"https:\/\/data.oireachtas.ie\/ie\/oireachtas\/member\/id\/Jackie-Cahill.D.2016-10-03"}}}],"stages":[{"event":{"chamber":{"chamberCode":"dail","showAs":"D\u00e1il \u00c9ireann","uri":"https:\/\/data.oireachtas.ie\/ie\/oireachtas\/def\/house\/dail"},"dates":[{"date":"2020-09-30"},{"date":"2021-02-18"},{"date":"2021-02-18"}],"house":{"chamberCode":"dail","chamberType":"house","houseCode":"dail","houseNo":"33","showAs":"33rd D\u00e1il","uri":"https:\/\/data.oireachtas.ie\/ie\/oireachtas\/house\/dail\/33"},"progressStage":1,"showAs":"First Stage","stageCompleted":true,"stageOutcome":null,"stageURI":"https:\/\/data.oireachtas.ie\/ie\/oireachtas\/def\/bill-stage\/1","uri":"https:\/\/data.oireachtas.ie\/ie\/oireachtas\/bill\/2021\/21\/stage\/dail\/1"}},{"event":{"chamber":{"chamberCode":"dail","showAs":"D\u00e1il \u00c9ireann","uri":"https:\/\/data.oireachtas.ie\/ie\/oireachtas\/def\/house\/dail"},"dates":[{"date":"2021-02-18"}],"house":{"chamberCode":"dail","chamberType":"house","houseCode":"dail","houseNo":"33","showAs":"33rd D\u00e1il","uri":"https:\/\/data.oireachtas.ie\/ie\/oireachtas\/house\/dail\/33"},"progressStage":2,"showAs":"Second Stage","stageCompleted":true,"stageOutcome":null,"stageURI":"https:\/\/data.oireachtas.ie\/ie\/oireachtas\/def\/bill-stage\/2","uri":"https:\/\/data.oireachtas.ie\/ie\/oireachtas\/bill\/2021\/21\/stage\/dail\/2"}},{"event":{"chamber":{"chamberCode":"dail","showAs":"D\u00e1il \u00c9ireann","uri":"https:\/\/data.oireachtas.ie\/ie\/oireachtas\/def\/house\/dail"},"dates":[{"date":"2026-05-12"},{"date":"2026-05-12"}],"house":{"chamberCode":"dail","chamberType":"house","houseCode":"dail","houseNo":"34","showAs":"34th D\u00e1il","uri":"https:\/\/data.oireachtas.ie\/ie\/oireachtas\/house\/dail\/34"},"progressStage":3,"showAs":"Committee Stage","stageCompleted":false,"stageOutcome":"Current","stageURI":"https:\/\/data.oireachtas.ie\/ie\/oireachtas\/def\/bill-stage\/3","uri":"https:\/\/data.oireachtas.ie\/ie\/oireachtas\/bill\/2021\/21\/stage\/dail\/3"}}],"status":"Current","statusURI":"https:\/\/data.oireachtas.ie\/ie\/oireachtas\/def\/bill-status\/published","uri":"https:\/\/data.oireachtas.ie\/ie\/oireachtas\/bill\/2021\/21","versions":[{"version":{"lang":"eng","docType":"bill","showAs":"As Initiated","date":"2021-02-18","formats":{"pdf":{"uri":"https:\/\/data.oireachtas.ie\/ie\/oireachtas\/bill\/2021\/21\/eng\/initiated\/b2121d.pdf"},"xml":null},"uri":"https:\/\/data.oireachtas.ie\/ie\/oireachtas\/bill\/2021\/21\/eng\/initiated"}}]},"contextDate":"2026-05-12","billSort":{"actNoSort":null,"actShortTitleEnSort":null,"actShortTitleGaSort":null,"actYearSort":null,"billNoSort":21,"billShortTitleEnSort":"veterinary-practice-amendment-bill-2021","billShortTitleGaSort":"an-bille-um-chleachtadh-treidliachta-leasu-2021","billYearSort":2021}}]}