{"head":{"counts":{"billCount":401,"resultCount":401}},"results":[{"bill":{"act":{"actNo":"12","actYear":"2026","dateSigned":"2026-06-03","longTitleEn":"<p>Act to provide for the taking of evidence in the State from a member or former member of An Garda S\u00edoch\u00e1na, a member or former member of the Defence Forces, an office holder or former office holder of certain Departments of State or a former holder of ministerial office for the purposes of assisting the Omagh Bombing Inquiry established in the United Kingdom of Great Britain and Northern Ireland; to amend the Criminal Justice (International Co-operation) Act 2019; and to provide for related matters.<\/p>","longTitleGa":"<p>Acht chun socr\u00fa a&nbsp; dh\u00e9anamh maidir le fianaise a th\u00f3g\u00e1il sa St\u00e1t \u00f3 chomhalta n\u00f3 iarchomhalta den Gharda S\u00edoch\u00e1na, comhalta n\u00f3 iarchomhalta de na F\u00f3rsa\u00ed Cosanta, sealbh\u00f3ir oifige n\u00f3 iarshealbh\u00f3ir oifige de Ranna St\u00e1it \u00e1irithe n\u00f3 iarshealbh\u00f3ir oifige aireachta chun cuidi\u00fa leis an bhFiosr\u00fach\u00e1n faoi Bhuam\u00e1il na h\u00d3ma\u00ed arna bhun\u00fa i R\u00edocht Aontaithe na Breataine M\u00f3ire agus Thuaisceart \u00c9ireann; do leas\u00fa an Achta um Cheartas Coiri\u00fail (Comhar Idirn\u00e1isi\u00fanta), 2019; agus do dh\u00e9anamh socr\u00fa i dtaobh nithe gaolmhara.<\/p>","shortTitleEn":"International Co-operation (Omagh Bombing Inquiry) Act 2026","shortTitleGa":"An tAcht um Chomhar Idirn\u00e1isi\u00fanta (Fiosr\u00fach\u00e1n faoi Bhuam\u00e1il na h\u00d3ma\u00ed), 2026","statutebookURI":"http:\/\/www.irishstatutebook.ie\/eli\/2026\/act\/12","uri":"https:\/\/data.oireachtas.ie\/ie\/oireachtas\/act\/2026\/12"},"amendmentLists":[{"amendmentList":{"amendmentTypeUri":{"uri":"https:\/\/data.oireachtas.ie\/ie\/oireachtas\/def\/amendment-type\/numberedList"},"chamber":{"showAs":"Seanad","uri":"https:\/\/data.oireachtas.ie\/ie\/oireachtas\/def\/seanad"},"date":"2026-05-18","formats":{"pdf":{"uri":"https:\/\/data.oireachtas.ie\/ie\/oireachtas\/bill\/2026\/28\/seanad\/3\/amendment\/numberedList\/eng\/b2826d-scnl.pdf"},"xml":null},"showAs":"Numbered List [Seanad]","stage":{"showAs":"Committee Stage","uri":"https:\/\/data.oireachtas.ie\/ie\/oireachtas\/bill\/2026\/28\/seanad\/3"},"stageNo":"3"}},{"amendmentList":{"amendmentTypeUri":{"uri":"https:\/\/data.oireachtas.ie\/ie\/oireachtas\/def\/amendment-type\/numberedList"},"chamber":{"showAs":"Dail","uri":"https:\/\/data.oireachtas.ie\/ie\/oireachtas\/def\/dail"},"date":"2026-04-28","formats":{"pdf":{"uri":"https:\/\/data.oireachtas.ie\/ie\/oireachtas\/bill\/2026\/28\/dail\/4\/amendment\/numberedList\/eng\/b2826d-drnl.pdf"},"xml":null},"showAs":"Numbered List [D\u00e1il]","stage":{"showAs":"Report Stage","uri":"https:\/\/data.oireachtas.ie\/ie\/oireachtas\/bill\/2026\/28\/dail\/4"},"stageNo":"4"}},{"amendmentList":{"amendmentTypeUri":{"uri":"https:\/\/data.oireachtas.ie\/ie\/oireachtas\/def\/amendment-type\/numberedList"},"chamber":{"showAs":"Dail","uri":"https:\/\/data.oireachtas.ie\/ie\/oireachtas\/def\/dail"},"date":"2026-04-13","formats":{"pdf":{"uri":"https:\/\/data.oireachtas.ie\/ie\/oireachtas\/bill\/2026\/28\/dail\/3\/amendment\/numberedList\/eng\/b2826d-dcnl.pdf"},"xml":null},"showAs":"Numbered List [D\u00e1il]","stage":{"showAs":"Committee Stage","uri":"https:\/\/data.oireachtas.ie\/ie\/oireachtas\/bill\/2026\/28\/dail\/3"},"stageNo":"3"}}],"billNo":"28","billType":"Public","billTypeURI":"https:\/\/data.oireachtas.ie\/ie\/oireachtas\/def\/bill-type\/public","billYear":"2026","debates":[{"chamber":{"showAs":"Seanad \u00c9ireann","uri":"https:\/\/data.oireachtas.ie\/ie\/oireachtas\/def\/house\/seanad"},"date":"2026-05-26","debateSectionId":"dbsect_12","showAs":"International Co-operation (Omagh Bombing Inquiry) Bill 2026: Report and Final Stages","uri":"https:\/\/data.oireachtas.ie\/akn\/ie\/debateRecord\/seanad\/2026-05-26\/debate\/main"},{"chamber":{"showAs":"Seanad \u00c9ireann","uri":"https:\/\/data.oireachtas.ie\/ie\/oireachtas\/def\/house\/seanad"},"date":"2026-05-19","debateSectionId":"dbsect_12","showAs":"International Co-operation (Omagh Bombing Inquiry) Bill 2026: Committee Stage","uri":"https:\/\/data.oireachtas.ie\/akn\/ie\/debateRecord\/seanad\/2026-05-19\/debate\/main"},{"chamber":{"showAs":"Seanad \u00c9ireann","uri":"https:\/\/data.oireachtas.ie\/ie\/oireachtas\/def\/house\/seanad"},"date":"2026-05-13","debateSectionId":"dbsect_10","showAs":"International Co-operation (Omagh Bombing Inquiry) Bill 2026: Second Stage","uri":"https:\/\/data.oireachtas.ie\/akn\/ie\/debateRecord\/seanad\/2026-05-13\/debate\/main"},{"chamber":{"showAs":"D\u00e1il \u00c9ireann","uri":"https:\/\/data.oireachtas.ie\/ie\/oireachtas\/def\/house\/dail"},"date":"2026-04-29","debateSectionId":"dbsect_16","showAs":"International Co-operation (Omagh Bombing Inquiry) Bill 2026: Report and Final Stages","uri":"https:\/\/data.oireachtas.ie\/akn\/ie\/debateRecord\/dail\/2026-04-29\/debate\/main"},{"chamber":{"showAs":"Select Committee on Justice, Home Affairs and Migration","uri":"https:\/\/data.oireachtas.ie\/ie\/oireachtas\/def\/committee"},"date":"2026-04-14","debateSectionId":"dbsect_2","showAs":"International Co-operation (Omagh Bombing Inquiry) Bill 2026: Committee Stage","uri":"https:\/\/data.oireachtas.ie\/akn\/ie\/debateRecord\/select_committee_on_justice_home_affairs_and_migration\/2026-04-14\/debate\/main"},{"chamber":{"showAs":"D\u00e1il \u00c9ireann","uri":"https:\/\/data.oireachtas.ie\/ie\/oireachtas\/def\/house\/dail"},"date":"2026-03-24","debateSectionId":"dbsect_16","showAs":"International Co-operation (Omagh Bombing Inquiry) Bill 2026: Second Stage","uri":"https:\/\/data.oireachtas.ie\/akn\/ie\/debateRecord\/dail\/2026-03-24\/debate\/main"},{"chamber":{"showAs":"D\u00e1il \u00c9ireann","uri":"https:\/\/data.oireachtas.ie\/ie\/oireachtas\/def\/house\/dail"},"date":"2026-03-24","debateSectionId":"dbsect_17","showAs":"International Co-operation (Omagh Bombing Inquiry) Bill 2026: Referral to Select Committee","uri":"https:\/\/data.oireachtas.ie\/akn\/ie\/debateRecord\/dail\/2026-03-24\/debate\/main"}],"events":[{"event":{"chamber":{"chamberCode":"dail","showAs":"D\u00e1il \u00c9ireann","uri":"https:\/\/data.oireachtas.ie\/ie\/oireachtas\/def\/house\/dail"},"dates":[{"date":"2026-03-13"},{"date":"2026-06-03"}],"eventURI":"https:\/\/data.oireachtas.ie\/ie\/oireachtas\/def\/bill-event\/published","showAs":"Published","uri":"https:\/\/data.oireachtas.ie\/ie\/oireachtas\/bill\/2026\/28\/published"}},{"event":{"chamber":null,"dates":[{"date":"2026-06-03"}],"eventURI":"https:\/\/data.oireachtas.ie\/ie\/oireachtas\/def\/bill-event\/enacted","showAs":"Enacted","uri":"https:\/\/data.oireachtas.ie\/ie\/oireachtas\/bill\/2026\/28\/enacted"}}],"lastUpdated":"2026-06-12T14:26:39.800000+00:00","longTitleEn":"<p>Bill entitled an Act to provide for the taking of evidence in the State from a member or former member of An Garda S\u00edoch\u00e1na, a member or former member of the Defence Forces, an office holder or former office holder of certain Departments of State or a former holder of ministerial office for the purposes of assisting the Omagh Bombing Inquiry established in the United Kingdom of Great Britain and Northern Ireland; to amend the Criminal Justice (International Co-operation) Act 2019; and to provide for related matters.<\/p>","longTitleGa":"<p>Bille d\u00e1 ngairtear Acht chun socr\u00fa a&nbsp; dh\u00e9anamh maidir le fianaise a th\u00f3g\u00e1il sa St\u00e1t \u00f3 chomhalta n\u00f3 iarchomhalta den Gharda S\u00edoch\u00e1na, comhalta n\u00f3 iarchomhalta de na F\u00f3rsa\u00ed Cosanta, sealbh\u00f3ir oifige n\u00f3 iarshealbh\u00f3ir oifige de Ranna St\u00e1it \u00e1irithe n\u00f3 iarshealbh\u00f3ir oifige aireachta chun cuidi\u00fa leis an bhFiosr\u00fach\u00e1n faoi Bhuam\u00e1il na h\u00d3ma\u00ed arna bhun\u00fa i R\u00edocht Aontaithe na Breataine M\u00f3ire agus Thuaisceart \u00c9ireann; do leas\u00fa an Achta um Cheartas Coiri\u00fail (Comhar Idirn\u00e1isi\u00fanta), 2019; agus do dh\u00e9anamh socr\u00fa i dtaobh nithe gaolmhara.<\/p>","method":"Presented","methodURI":"https:\/\/data.oireachtas.ie\/ie\/oireachtas\/def\/bill-method\/presented","mostRecentStage":{"event":{"chamber":null,"dates":[{"date":"2026-06-03"}],"house":null,"progressStage":10,"showAs":"Enacted","stageCompleted":true,"stageOutcome":"Enacted","stageURI":"https:\/\/data.oireachtas.ie\/ie\/oireachtas\/def\/bill-stage\/enacted","uri":"https:\/\/data.oireachtas.ie\/ie\/oireachtas\/bill\/2026\/28\/stage\/oireachtas\/enacted"}},"originHouse":{"showAs":"D\u00e1il \u00c9ireann","uri":"https:\/\/data.oireachtas.ie\/ie\/oireachtas\/def\/house\/dail"},"originHouseURI":"https:\/\/data.oireachtas.ie\/ie\/oireachtas\/def\/house\/dail","relatedDocs":[{"relatedDoc":{"date":"2026-03-13","docType":"memo","formats":{"pdf":{"uri":"https:\/\/data.oireachtas.ie\/ie\/oireachtas\/bill\/2026\/28\/eng\/memo\/b2826d-memo.pdf"},"xml":null},"lang":"eng","showAs":"Explanatory Memorandum","uri":"https:\/\/data.oireachtas.ie\/ie\/oireachtas\/bill\/2026\/28\/eng\/memo"}}],"shortTitleEn":"International Co-operation (Omagh Bombing Inquiry) Bill 2026","shortTitleGa":"An Bille um Chomhar Idirn\u00e1isi\u00fanta (Fiosr\u00fach\u00e1n faoi Bhuam\u00e1il na h\u00d3ma\u00ed), 2026","source":"Government","sourceURI":"https:\/\/data.oireachtas.ie\/ie\/oireachtas\/def\/bill-source\/government","sponsors":[{"sponsor":{"isPrimary":true,"as":{"showAs":"Minister for Justice, Home Affairs and Migration","uri":null},"by":{"showAs":null,"uri":null}}}],"stages":[{"event":{"chamber":{"chamberCode":"dail","showAs":"D\u00e1il \u00c9ireann","uri":"https:\/\/data.oireachtas.ie\/ie\/oireachtas\/def\/house\/dail"},"dates":[{"date":"2026-03-13"},{"date":"2026-03-24"}],"house":{"chamberCode":"dail","chamberType":"house","houseCode":"dail","houseNo":"34","showAs":"34th D\u00e1il","uri":"https:\/\/data.oireachtas.ie\/ie\/oireachtas\/house\/dail\/34"},"progressStage":1,"showAs":"First Stage","stageCompleted":true,"stageOutcome":null,"stageURI":"https:\/\/data.oireachtas.ie\/ie\/oireachtas\/def\/bill-stage\/1","uri":"https:\/\/data.oireachtas.ie\/ie\/oireachtas\/bill\/2026\/28\/stage\/dail\/1"}},{"event":{"chamber":{"chamberCode":"dail","showAs":"D\u00e1il \u00c9ireann","uri":"https:\/\/data.oireachtas.ie\/ie\/oireachtas\/def\/house\/dail"},"dates":[{"date":"2026-03-24"}],"house":{"chamberCode":"dail","chamberType":"house","houseCode":"dail","houseNo":"34","showAs":"34th D\u00e1il","uri":"https:\/\/data.oireachtas.ie\/ie\/oireachtas\/house\/dail\/34"},"progressStage":2,"showAs":"Second Stage","stageCompleted":true,"stageOutcome":null,"stageURI":"https:\/\/data.oireachtas.ie\/ie\/oireachtas\/def\/bill-stage\/2","uri":"https:\/\/data.oireachtas.ie\/ie\/oireachtas\/bill\/2026\/28\/stage\/dail\/2"}},{"event":{"chamber":{"chamberCode":"dail","showAs":"D\u00e1il \u00c9ireann","uri":"https:\/\/data.oireachtas.ie\/ie\/oireachtas\/def\/house\/dail"},"dates":[{"date":"2026-03-24"}],"house":{"chamberCode":"dail","chamberType":"house","houseCode":"dail","houseNo":"34","showAs":"34th D\u00e1il","uri":"https:\/\/data.oireachtas.ie\/ie\/oireachtas\/house\/dail\/34"},"progressStage":3,"showAs":"Committee Stage","stageCompleted":true,"stageOutcome":null,"stageURI":"https:\/\/data.oireachtas.ie\/ie\/oireachtas\/def\/bill-stage\/3","uri":"https:\/\/data.oireachtas.ie\/ie\/oireachtas\/bill\/2026\/28\/stage\/dail\/3"}},{"event":{"chamber":{"chamberCode":"dail","showAs":"D\u00e1il \u00c9ireann","uri":"https:\/\/data.oireachtas.ie\/ie\/oireachtas\/def\/house\/dail"},"dates":[{"date":"2026-04-14"}],"house":{"chamberCode":"dail","chamberType":"house","houseCode":"dail","houseNo":"34","showAs":"34th D\u00e1il","uri":"https:\/\/data.oireachtas.ie\/ie\/oireachtas\/house\/dail\/34"},"progressStage":4,"showAs":"Report Stage","stageCompleted":true,"stageOutcome":null,"stageURI":"https:\/\/data.oireachtas.ie\/ie\/oireachtas\/def\/bill-stage\/4","uri":"https:\/\/data.oireachtas.ie\/ie\/oireachtas\/bill\/2026\/28\/stage\/dail\/4"}},{"event":{"chamber":{"chamberCode":"dail","showAs":"D\u00e1il \u00c9ireann","uri":"https:\/\/data.oireachtas.ie\/ie\/oireachtas\/def\/house\/dail"},"dates":[{"date":"2026-04-29"}],"house":{"chamberCode":"dail","chamberType":"house","houseCode":"dail","houseNo":"34","showAs":"34th D\u00e1il","uri":"https:\/\/data.oireachtas.ie\/ie\/oireachtas\/house\/dail\/34"},"progressStage":5,"showAs":"Fifth Stage","stageCompleted":true,"stageOutcome":null,"stageURI":"https:\/\/data.oireachtas.ie\/ie\/oireachtas\/def\/bill-stage\/5","uri":"https:\/\/data.oireachtas.ie\/ie\/oireachtas\/bill\/2026\/28\/stage\/dail\/5"}},{"event":{"chamber":{"chamberCode":"seanad","showAs":"Seanad \u00c9ireann","uri":"https:\/\/data.oireachtas.ie\/ie\/oireachtas\/def\/house\/seanad"},"dates":[{"date":"2026-04-29"}],"house":{"chamberCode":"seanad","chamberType":"house","houseCode":"seanad","houseNo":"27","showAs":"27th Seanad","uri":"https:\/\/data.oireachtas.ie\/ie\/oireachtas\/house\/seanad\/27"},"progressStage":6,"showAs":"Second Stage","stageCompleted":true,"stageOutcome":null,"stageURI":"https:\/\/data.oireachtas.ie\/ie\/oireachtas\/def\/bill-stage\/2","uri":"https:\/\/data.oireachtas.ie\/ie\/oireachtas\/bill\/2026\/28\/stage\/seanad\/2"}},{"event":{"chamber":{"chamberCode":"seanad","showAs":"Seanad \u00c9ireann","uri":"https:\/\/data.oireachtas.ie\/ie\/oireachtas\/def\/house\/seanad"},"dates":[{"date":"2026-05-19"}],"house":{"chamberCode":"seanad","chamberType":"house","houseCode":"seanad","houseNo":"27","showAs":"27th Seanad","uri":"https:\/\/data.oireachtas.ie\/ie\/oireachtas\/house\/seanad\/27"},"progressStage":7,"showAs":"Committee Stage","stageCompleted":true,"stageOutcome":null,"stageURI":"https:\/\/data.oireachtas.ie\/ie\/oireachtas\/def\/bill-stage\/3","uri":"https:\/\/data.oireachtas.ie\/ie\/oireachtas\/bill\/2026\/28\/stage\/seanad\/3"}},{"event":{"chamber":{"chamberCode":"seanad","showAs":"Seanad \u00c9ireann","uri":"https:\/\/data.oireachtas.ie\/ie\/oireachtas\/def\/house\/seanad"},"dates":[{"date":"2026-05-26"}],"house":{"chamberCode":"seanad","chamberType":"house","houseCode":"seanad","houseNo":"27","showAs":"27th Seanad","uri":"https:\/\/data.oireachtas.ie\/ie\/oireachtas\/house\/seanad\/27"},"progressStage":8,"showAs":"Report Stage","stageCompleted":true,"stageOutcome":null,"stageURI":"https:\/\/data.oireachtas.ie\/ie\/oireachtas\/def\/bill-stage\/4","uri":"https:\/\/data.oireachtas.ie\/ie\/oireachtas\/bill\/2026\/28\/stage\/seanad\/4"}},{"event":{"chamber":{"chamberCode":"seanad","showAs":"Seanad \u00c9ireann","uri":"https:\/\/data.oireachtas.ie\/ie\/oireachtas\/def\/house\/seanad"},"dates":[{"date":"2026-05-26"}],"house":{"chamberCode":"seanad","chamberType":"house","houseCode":"seanad","houseNo":"27","showAs":"27th Seanad","uri":"https:\/\/data.oireachtas.ie\/ie\/oireachtas\/house\/seanad\/27"},"progressStage":9,"showAs":"Fifth Stage","stageCompleted":true,"stageOutcome":null,"stageURI":"https:\/\/data.oireachtas.ie\/ie\/oireachtas\/def\/bill-stage\/5","uri":"https:\/\/data.oireachtas.ie\/ie\/oireachtas\/bill\/2026\/28\/stage\/seanad\/5"}},{"event":{"chamber":null,"dates":[{"date":"2026-06-03"}],"house":null,"progressStage":10,"showAs":"Enacted","stageCompleted":true,"stageOutcome":"Enacted","stageURI":"https:\/\/data.oireachtas.ie\/ie\/oireachtas\/def\/bill-stage\/enacted","uri":"https:\/\/data.oireachtas.ie\/ie\/oireachtas\/bill\/2026\/28\/stage\/oireachtas\/enacted"}}],"status":"Enacted","statusURI":"https:\/\/data.oireachtas.ie\/ie\/oireachtas\/def\/bill-status\/enacted","uri":"https:\/\/data.oireachtas.ie\/ie\/oireachtas\/bill\/2026\/28","versions":[{"version":{"lang":"eng","docType":"act","showAs":"International Co-operation (Omagh Bombing Inquiry) Act 2026","date":"2026-06-03","formats":{"pdf":{"uri":"https:\/\/data.oireachtas.ie\/ie\/oireachtas\/act\/2026\/12\/eng\/enacted\/a1226.pdf"},"xml":null},"uri":"https:\/\/data.oireachtas.ie\/ie\/oireachtas\/act\/2026\/12\/eng\/enacted"}},{"version":{"lang":"eng","docType":"bill","showAs":"As Initiated","date":"2026-03-13","formats":{"pdf":{"uri":"https:\/\/data.oireachtas.ie\/ie\/oireachtas\/bill\/2026\/28\/eng\/initiated\/b2826d.pdf"},"xml":null},"uri":"https:\/\/data.oireachtas.ie\/ie\/oireachtas\/bill\/2026\/28\/eng\/initiated"}}]},"contextDate":"2026-06-03","billSort":{"actNoSort":12,"actShortTitleEnSort":"international-co-operation-omagh-bombing-inquiry-act-2026","actShortTitleGaSort":"an-tacht-um-chomhar-idirnaisiunta-fiosruchan-faoi-bhuamail-na-homai-2026","actYearSort":2026,"billNoSort":28,"billShortTitleEnSort":"international-co-operation-omagh-bombing-inquiry-bill-2026","billShortTitleGaSort":"an-bille-um-chomhar-idirnaisiunta-fiosruchan-faoi-bhuamail-na-homai-2026","billYearSort":2026}},{"bill":{"act":null,"amendmentLists":[],"billNo":"27","billType":"Public","billTypeURI":"https:\/\/data.oireachtas.ie\/ie\/oireachtas\/def\/bill-type\/public","billYear":"2026","debates":[{"chamber":{"showAs":"D\u00e1il \u00c9ireann","uri":"https:\/\/data.oireachtas.ie\/ie\/oireachtas\/def\/house\/dail"},"date":"2026-03-05","debateSectionId":"dbsect_37","showAs":"Electricity Regulation (Amendment) (Standing Charges) Bill 2026: First Stage","uri":"https:\/\/data.oireachtas.ie\/akn\/ie\/debateRecord\/dail\/2026-03-05\/debate\/main"}],"events":[{"event":{"chamber":{"chamberCode":"dail","showAs":"D\u00e1il \u00c9ireann","uri":"https:\/\/data.oireachtas.ie\/ie\/oireachtas\/def\/house\/dail"},"dates":[{"date":"2025-08-01"},{"date":"2026-03-04"},{"date":"2026-03-06"}],"eventURI":"https:\/\/data.oireachtas.ie\/ie\/oireachtas\/def\/bill-event\/admissibility-for-introduction","showAs":"Admissibility for Introduction","uri":"https:\/\/data.oireachtas.ie\/ie\/oireachtas\/bill\/2026\/27\/admissibility-for-introduction"}}],"lastUpdated":"2026-03-06T13:05:18.810000+00:00","longTitleEn":"<p>Bill entitled an Act to amend the Electricity Regulation Act 1999 to give the Commission for Regulation of Utilities (CRU) the legislative remit required to effectively monitor and regulate standing charges on electricity and gas bills, and to provide for related matters.<\/p>","longTitleGa":"<p>Bille d\u00e1 ngairtear Acht do leas\u00fa an Achta um Rial\u00e1il Leictreachais, 1999 chun go dtabharfar don Choimisi\u00fan um Rial\u00e1il F\u00f3ntais (CRF) an sainch\u00faram reachtach is g\u00e1 chun faireach\u00e1n agus rial\u00e1il \u00e9ifeachtach a dh\u00e9anamh ar bhuanmhuirir ar bhill\u00ed leictreachais agus g\u00e1is, agus do dh\u00e9anamh socr\u00fa i dtaobh nithe gaolmhara.<\/p>","method":"Introduced","methodURI":"https:\/\/data.oireachtas.ie\/ie\/oireachtas\/def\/bill-method\/introduced","mostRecentStage":{"event":{"chamber":{"chamberCode":"dail","showAs":"D\u00e1il \u00c9ireann","uri":"https:\/\/data.oireachtas.ie\/ie\/oireachtas\/def\/house\/dail"},"dates":[{"date":"2026-03-05"}],"house":{"chamberCode":"dail","chamberType":"house","houseCode":"dail","houseNo":"34","showAs":"34th D\u00e1il","uri":"https:\/\/data.oireachtas.ie\/ie\/oireachtas\/house\/dail\/34"},"progressStage":2,"showAs":"Second Stage","stageCompleted":false,"stageOutcome":"Current","stageURI":"https:\/\/data.oireachtas.ie\/ie\/oireachtas\/def\/bill-stage\/2","uri":"https:\/\/data.oireachtas.ie\/ie\/oireachtas\/bill\/2026\/27\/stage\/dail\/2"}},"originHouse":{"showAs":"D\u00e1il \u00c9ireann","uri":"https:\/\/data.oireachtas.ie\/ie\/oireachtas\/def\/house\/dail"},"originHouseURI":"https:\/\/data.oireachtas.ie\/ie\/oireachtas\/def\/house\/dail","relatedDocs":[{"relatedDoc":{"date":"2026-03-06","docType":"memo","formats":{"pdf":{"uri":"https:\/\/data.oireachtas.ie\/ie\/oireachtas\/bill\/2026\/27\/eng\/memo\/b2726d-memo.pdf"},"xml":null},"lang":"eng","showAs":"Explanatory Memorandum","uri":"https:\/\/data.oireachtas.ie\/ie\/oireachtas\/bill\/2026\/27\/eng\/memo"}}],"shortTitleEn":"Electricity Regulation (Amendment) (Standing Charges) Bill 2026","shortTitleGa":"An Bille um Rial\u00e1il Leictreachais (Leas\u00fa) (Buanmhuirir), 2026","source":"Private Member","sourceURI":"https:\/\/data.oireachtas.ie\/ie\/oireachtas\/def\/bill-source\/private-member","sponsors":[{"sponsor":{"as":{"showAs":null,"uri":null},"by":{"showAs":"Darren O'Rourke","uri":"https:\/\/data.oireachtas.ie\/ie\/oireachtas\/member\/id\/Darren-O'Rourke.D.2020-02-08"},"isPrimary":false}},{"sponsor":{"as":{"showAs":null,"uri":null},"by":{"showAs":"Louis O'Hara","uri":"https:\/\/data.oireachtas.ie\/ie\/oireachtas\/member\/id\/Louis-O'Hara.D.2024-11-29"},"isPrimary":false}},{"sponsor":{"as":{"showAs":null,"uri":null},"by":{"showAs":"R\u00e9ada Cronin","uri":"https:\/\/data.oireachtas.ie\/ie\/oireachtas\/member\/id\/R\u00e9ada-Cronin.D.2020-02-08"},"isPrimary":false}},{"sponsor":{"as":{"showAs":null,"uri":null},"by":{"showAs":"Pa Daly","uri":"https:\/\/data.oireachtas.ie\/ie\/oireachtas\/member\/id\/Pa-Daly.D.2020-02-08"},"isPrimary":true}}],"stages":[{"event":{"chamber":{"chamberCode":"dail","showAs":"D\u00e1il \u00c9ireann","uri":"https:\/\/data.oireachtas.ie\/ie\/oireachtas\/def\/house\/dail"},"dates":[{"date":"2025-08-01"},{"date":"2026-03-04"},{"date":"2026-03-05"},{"date":"2026-03-06"}],"house":{"chamberCode":"dail","chamberType":"house","houseCode":"dail","houseNo":"34","showAs":"34th D\u00e1il","uri":"https:\/\/data.oireachtas.ie\/ie\/oireachtas\/house\/dail\/34"},"progressStage":1,"showAs":"First Stage","stageCompleted":true,"stageOutcome":null,"stageURI":"https:\/\/data.oireachtas.ie\/ie\/oireachtas\/def\/bill-stage\/1","uri":"https:\/\/data.oireachtas.ie\/ie\/oireachtas\/bill\/2026\/27\/stage\/dail\/1"}},{"event":{"chamber":{"chamberCode":"dail","showAs":"D\u00e1il \u00c9ireann","uri":"https:\/\/data.oireachtas.ie\/ie\/oireachtas\/def\/house\/dail"},"dates":[{"date":"2026-03-05"}],"house":{"chamberCode":"dail","chamberType":"house","houseCode":"dail","houseNo":"34","showAs":"34th D\u00e1il","uri":"https:\/\/data.oireachtas.ie\/ie\/oireachtas\/house\/dail\/34"},"progressStage":2,"showAs":"Second Stage","stageCompleted":false,"stageOutcome":"Current","stageURI":"https:\/\/data.oireachtas.ie\/ie\/oireachtas\/def\/bill-stage\/2","uri":"https:\/\/data.oireachtas.ie\/ie\/oireachtas\/bill\/2026\/27\/stage\/dail\/2"}}],"status":"Current","statusURI":"https:\/\/data.oireachtas.ie\/ie\/oireachtas\/def\/bill-status\/published","uri":"https:\/\/data.oireachtas.ie\/ie\/oireachtas\/bill\/2026\/27","versions":[{"version":{"date":"2026-03-06","docType":"bill","formats":{"pdf":{"uri":"https:\/\/data.oireachtas.ie\/ie\/oireachtas\/bill\/2026\/27\/eng\/initiated\/b2726d.pdf"},"xml":null},"lang":"eng","showAs":"As Initiated","uri":"https:\/\/data.oireachtas.ie\/ie\/oireachtas\/bill\/2026\/27\/eng\/initiated"}}]},"billSort":{"actNoSort":null,"actShortTitleEnSort":null,"actShortTitleGaSort":null,"actYearSort":null,"billNoSort":27,"billShortTitleEnSort":"electricity-regulation-amendment-standing-charges-bill-2026","billShortTitleGaSort":"an-bille-um-rialail-leictreachais-leasu-buanmhuirir-2026","billYearSort":2026},"contextDate":"2026-03-05"},{"bill":{"act":null,"amendmentLists":[],"billNo":"26","billType":"Public","billTypeURI":"https:\/\/data.oireachtas.ie\/ie\/oireachtas\/def\/bill-type\/public","billYear":"2026","debates":[{"chamber":{"showAs":"D\u00e1il \u00c9ireann","uri":"https:\/\/data.oireachtas.ie\/ie\/oireachtas\/def\/house\/dail"},"date":"2026-06-17","debateSectionId":"dbsect_15","showAs":"Electricity Regulation (Amendment) (No. 2) Bill 2026: First Stage","uri":"https:\/\/data.oireachtas.ie\/akn\/ie\/debateRecord\/dail\/2026-06-17\/debate\/main"},{"chamber":{"showAs":"D\u00e1il \u00c9ireann","uri":"https:\/\/data.oireachtas.ie\/ie\/oireachtas\/def\/house\/dail"},"date":"2026-05-13","debateSectionId":"dbsect_61","showAs":"Electricity Regulation (Amendment) Bill 2026: Second Stage (Resumed) [Private Members]","uri":"https:\/\/data.oireachtas.ie\/akn\/ie\/debateRecord\/dail\/2026-05-13\/debate\/main"},{"chamber":{"showAs":"D\u00e1il \u00c9ireann","uri":"https:\/\/data.oireachtas.ie\/ie\/oireachtas\/def\/house\/dail"},"date":"2026-05-12","debateSectionId":"dbsect_17","showAs":"Electricity Regulation (Amendment) Bill 2026: Second Stage [Private Members]","uri":"https:\/\/data.oireachtas.ie\/akn\/ie\/debateRecord\/dail\/2026-05-12\/debate\/main"},{"chamber":{"showAs":"D\u00e1il \u00c9ireann","uri":"https:\/\/data.oireachtas.ie\/ie\/oireachtas\/def\/house\/dail"},"date":"2026-03-05","debateSectionId":"dbsect_36","showAs":"Electricity Regulation (Amendment) Bill 2026: First Stage","uri":"https:\/\/data.oireachtas.ie\/akn\/ie\/debateRecord\/dail\/2026-03-05\/debate\/main"}],"events":[{"event":{"chamber":{"chamberCode":"dail","showAs":"D\u00e1il \u00c9ireann","uri":"https:\/\/data.oireachtas.ie\/ie\/oireachtas\/def\/house\/dail"},"dates":[{"date":"2026-03-04"},{"date":"2026-03-06"},{"date":"2026-05-13"}],"eventURI":"https:\/\/data.oireachtas.ie\/ie\/oireachtas\/def\/bill-event\/approved-for-initiation","showAs":"Approved for Initiation","uri":"https:\/\/data.oireachtas.ie\/ie\/oireachtas\/bill\/2026\/26\/approved-for-initiation"}}],"lastUpdated":"2026-05-14T14:01:59.590000+00:00","longTitleEn":"<p>Bill entitled an Act to amend the Electricity Regulation Act 1999 to give the Commission for the Regulation of Utilities (CRU) the legislative remit to monitor wholesale and retail prices in the energy market; to increase the frequency and level of reporting; to monitor and regulate hedging practices; to strengthen its powers to monitor anti-competitive behaviour of gas and electricity suppliers; to give it an expanded role in consumer protection; to strengthen its power to address energy affordability; and to provide for related matters.<\/p>","longTitleGa":"<p>Bille d\u00e1 ngairtear Acht do leas\u00fa an Achta um Rial\u00e1il Leictreachais, 1999 chun go dtabharfar don Choimisi\u00fan um Rial\u00e1il F\u00f3ntais (CRF) an sainch\u00faram reachtach chun faireach\u00e1n a dh\u00e9anamh ar phraghsanna m\u00f3rdh\u00edola agus miond\u00edola sa mhargadh fuinnimh; do mh\u00e9ad\u00fa mhinic\u00edocht agus leibh\u00e9al an tuairiscithe; do dh\u00e9anamh faireach\u00e1n agus rial\u00e1il ar chleachtais f\u00e1laithe; do neart\u00fa na gcumhachta\u00ed at\u00e1 aige chun faireach\u00e1n a dh\u00e9anamh ar iompra\u00edocht fhrithioma\u00edoch sol\u00e1thr\u00f3ir\u00ed g\u00e1is agus leictreachais; do thabhairt r\u00f3l leathnaithe d\u00f3 i gcosaint tomhalt\u00f3ir\u00ed; do neart\u00fa na cumhachta at\u00e1 aige chun aghaidh a thabhairt ar inacmhainneacht fuinnimh; agus do dh\u00e9anamh socr\u00fa i dtaobh nithe gaolmhara.<\/p>","method":"Introduced","methodURI":"https:\/\/data.oireachtas.ie\/ie\/oireachtas\/def\/bill-method\/introduced","mostRecentStage":{"event":{"chamber":{"chamberCode":"dail","showAs":"D\u00e1il \u00c9ireann","uri":"https:\/\/data.oireachtas.ie\/ie\/oireachtas\/def\/house\/dail"},"dates":[{"date":"2026-03-04"},{"date":"2026-03-05"},{"date":"2026-03-06"}],"house":{"chamberCode":"dail","chamberType":"house","houseCode":"dail","houseNo":"34","showAs":"34th D\u00e1il","uri":"https:\/\/data.oireachtas.ie\/ie\/oireachtas\/house\/dail\/34"},"progressStage":1,"showAs":"First Stage","stageCompleted":true,"stageOutcome":null,"stageURI":"https:\/\/data.oireachtas.ie\/ie\/oireachtas\/def\/bill-stage\/1","uri":"https:\/\/data.oireachtas.ie\/ie\/oireachtas\/bill\/2026\/26\/stage\/dail\/1"}},"originHouse":{"showAs":"D\u00e1il \u00c9ireann","uri":"https:\/\/data.oireachtas.ie\/ie\/oireachtas\/def\/house\/dail"},"originHouseURI":"https:\/\/data.oireachtas.ie\/ie\/oireachtas\/def\/house\/dail","relatedDocs":[{"relatedDoc":{"date":"2026-03-06","docType":"memo","formats":{"pdf":{"uri":"https:\/\/data.oireachtas.ie\/ie\/oireachtas\/bill\/2026\/26\/eng\/memo\/b2626d-memo.pdf"},"xml":null},"lang":"eng","showAs":"Explanatory Memorandum","uri":"https:\/\/data.oireachtas.ie\/ie\/oireachtas\/bill\/2026\/26\/eng\/memo"}}],"shortTitleEn":"Electricity Regulation (Amendment) Bill 2026","shortTitleGa":"An Bille um Rial\u00e1il Leictreachais (Leas\u00fa), 2026","source":"Private Member","sourceURI":"https:\/\/data.oireachtas.ie\/ie\/oireachtas\/def\/bill-source\/private-member","sponsors":[{"sponsor":{"isPrimary":true,"as":{"showAs":null,"uri":null},"by":{"showAs":"Pa Daly","uri":"https:\/\/data.oireachtas.ie\/ie\/oireachtas\/member\/id\/Pa-Daly.D.2020-02-08"}}},{"sponsor":{"isPrimary":false,"as":{"showAs":null,"uri":null},"by":{"showAs":"Darren O'Rourke","uri":"https:\/\/data.oireachtas.ie\/ie\/oireachtas\/member\/id\/Darren-O'Rourke.D.2020-02-08"}}},{"sponsor":{"isPrimary":false,"as":{"showAs":null,"uri":null},"by":{"showAs":"Louis O'Hara","uri":"https:\/\/data.oireachtas.ie\/ie\/oireachtas\/member\/id\/Louis-O'Hara.D.2024-11-29"}}},{"sponsor":{"isPrimary":false,"as":{"showAs":null,"uri":null},"by":{"showAs":"R\u00e9ada Cronin","uri":"https:\/\/data.oireachtas.ie\/ie\/oireachtas\/member\/id\/R\u00e9ada-Cronin.D.2020-02-08"}}}],"stages":[{"event":{"chamber":{"chamberCode":"dail","showAs":"D\u00e1il \u00c9ireann","uri":"https:\/\/data.oireachtas.ie\/ie\/oireachtas\/def\/house\/dail"},"dates":[{"date":"2026-03-04"},{"date":"2026-03-05"},{"date":"2026-03-06"}],"house":{"chamberCode":"dail","chamberType":"house","houseCode":"dail","houseNo":"34","showAs":"34th D\u00e1il","uri":"https:\/\/data.oireachtas.ie\/ie\/oireachtas\/house\/dail\/34"},"progressStage":1,"showAs":"First Stage","stageCompleted":true,"stageOutcome":null,"stageURI":"https:\/\/data.oireachtas.ie\/ie\/oireachtas\/def\/bill-stage\/1","uri":"https:\/\/data.oireachtas.ie\/ie\/oireachtas\/bill\/2026\/26\/stage\/dail\/1"}}],"status":"Defeated","statusURI":"https:\/\/data.oireachtas.ie\/ie\/oireachtas\/def\/bill-status\/defeated","uri":"https:\/\/data.oireachtas.ie\/ie\/oireachtas\/bill\/2026\/26","versions":[{"version":{"lang":"eng","docType":"bill","showAs":"As Initiated","date":"2026-03-06","formats":{"pdf":{"uri":"https:\/\/data.oireachtas.ie\/ie\/oireachtas\/bill\/2026\/26\/eng\/initiated\/b2626d.pdf"},"xml":null},"uri":"https:\/\/data.oireachtas.ie\/ie\/oireachtas\/bill\/2026\/26\/eng\/initiated"}}]},"contextDate":"2026-03-06","billSort":{"actNoSort":null,"actShortTitleEnSort":null,"actShortTitleGaSort":null,"actYearSort":null,"billNoSort":26,"billShortTitleEnSort":"electricity-regulation-amendment-bill-2026","billShortTitleGaSort":"an-bille-um-rialail-leictreachais-leasu-2026","billYearSort":2026}},{"bill":{"act":null,"amendmentLists":[],"billNo":"25","billType":"Public","billTypeURI":"https:\/\/data.oireachtas.ie\/ie\/oireachtas\/def\/bill-type\/public","billYear":"2026","debates":[],"events":[{"event":{"chamber":{"chamberCode":"dail","showAs":"D\u00e1il \u00c9ireann","uri":"https:\/\/data.oireachtas.ie\/ie\/oireachtas\/def\/house\/dail"},"dates":[{"date":"2026-02-26"},{"date":"2026-02-26"},{"date":"2026-03-06"}],"eventURI":"https:\/\/data.oireachtas.ie\/ie\/oireachtas\/def\/bill-event\/admissibility-for-introduction","showAs":"Admissibility for Introduction","uri":"https:\/\/data.oireachtas.ie\/ie\/oireachtas\/bill\/2026\/25\/admissibility-for-introduction"}}],"lastUpdated":"2026-03-06T12:01:06.930000+00:00","longTitleEn":"<p>Bill entitled an Act to protect accuracy in the use of Irish language names and addresses, including the length accenting of vowels, by facilitating the correction of records in accordance with the Data Protection Act 2018, by placing a duty on regulators to ensure that the names and addresses of customers and service users are respected by January 1 2030, and by amending the legislation under which future contracts in respect of the national postcode system are regulated; and to provide for related matters.<\/p>","longTitleGa":"<p>Bille d\u00e1 ngairtear Acht chun cruinneas in \u00fas\u00e1id ainmneacha agus seolta\u00ed i nGaeilge, lena n-\u00e1ir\u00edtear s\u00edneadh fada ar ghuta\u00ed, a chosaint, tr\u00ed cheart\u00fach\u00e1in a \u00e9asc\u00fa ar thaifid de r\u00e9ir an Achta um Chosaint Sonra\u00ed, 2018, tr\u00ed dhualgas a chur ar rial\u00e1laithe a chinnti\u00fa go l\u00e9ir\u00edtear meas ar ainmneacha agus seolta\u00ed custaim\u00e9ir\u00ed agus \u00fas\u00e1ideoir\u00ed seirbh\u00edse faoin 1 Ean\u00e1ir 2030, agus tr\u00edd an reachta\u00edocht a leas\u00fa faoina nd\u00e9anfar rial\u00e1il ar chonartha\u00ed amach anseo do ch\u00f3ras na bpostch\u00f3d n\u00e1isi\u00fanta; agus do dh\u00e9anamh socr\u00fa i dtaobh nithe gaolmhara.<\/p>","method":"Introduced","methodURI":"https:\/\/data.oireachtas.ie\/ie\/oireachtas\/def\/bill-method\/introduced","mostRecentStage":{"event":{"chamber":{"chamberCode":"dail","showAs":"D\u00e1il \u00c9ireann","uri":"https:\/\/data.oireachtas.ie\/ie\/oireachtas\/def\/house\/dail"},"dates":[{"date":"2026-03-05"}],"house":{"chamberCode":"dail","chamberType":"house","houseCode":"dail","houseNo":"34","showAs":"34th D\u00e1il","uri":"https:\/\/data.oireachtas.ie\/ie\/oireachtas\/house\/dail\/34"},"progressStage":2,"showAs":"Second Stage","stageCompleted":false,"stageOutcome":"Current","stageURI":"https:\/\/data.oireachtas.ie\/ie\/oireachtas\/def\/bill-stage\/2","uri":"https:\/\/data.oireachtas.ie\/ie\/oireachtas\/bill\/2026\/25\/stage\/dail\/2"}},"originHouse":{"showAs":"D\u00e1il \u00c9ireann","uri":"https:\/\/data.oireachtas.ie\/ie\/oireachtas\/def\/house\/dail"},"originHouseURI":"https:\/\/data.oireachtas.ie\/ie\/oireachtas\/def\/house\/dail","relatedDocs":[{"relatedDoc":{"date":"2026-03-06","docType":"memo","formats":{"pdf":{"uri":"https:\/\/data.oireachtas.ie\/ie\/oireachtas\/bill\/2026\/25\/gle\/memo\/b2526d-memo.pdf"},"xml":null},"lang":"gle","showAs":"Explanatory Memorandum","uri":"https:\/\/data.oireachtas.ie\/ie\/oireachtas\/bill\/2026\/25\/gle\/memo"}}],"shortTitleEn":"Irish Language Name and Address of the Person (Length Accent) Bill 2026","shortTitleGa":"An Bille um Ainm agus Seoladh Gaeilge an Duine (S\u00edneadh Fada), 2026","source":"Private Member","sourceURI":"https:\/\/data.oireachtas.ie\/ie\/oireachtas\/def\/bill-source\/private-member","sponsors":[{"sponsor":{"as":{"showAs":null,"uri":null},"by":{"showAs":"Aengus \u00d3 Snodaigh","uri":"https:\/\/data.oireachtas.ie\/ie\/oireachtas\/member\/id\/Aengus-\u00d3-Snodaigh.D.2002-06-06"},"isPrimary":true}},{"sponsor":{"as":{"showAs":null,"uri":null},"by":{"showAs":"R\u00e9ada Cronin","uri":"https:\/\/data.oireachtas.ie\/ie\/oireachtas\/member\/id\/R\u00e9ada-Cronin.D.2020-02-08"},"isPrimary":false}},{"sponsor":{"as":{"showAs":null,"uri":null},"by":{"showAs":"Conor D McGuinness","uri":"https:\/\/data.oireachtas.ie\/ie\/oireachtas\/member\/id\/Conor-D-McGuinness.D.2024-11-29"},"isPrimary":false}}],"stages":[{"event":{"chamber":{"chamberCode":"dail","showAs":"D\u00e1il \u00c9ireann","uri":"https:\/\/data.oireachtas.ie\/ie\/oireachtas\/def\/house\/dail"},"dates":[{"date":"2026-02-26"},{"date":"2026-02-26"},{"date":"2026-03-05"},{"date":"2026-03-06"}],"house":{"chamberCode":"dail","chamberType":"house","houseCode":"dail","houseNo":"34","showAs":"34th D\u00e1il","uri":"https:\/\/data.oireachtas.ie\/ie\/oireachtas\/house\/dail\/34"},"progressStage":1,"showAs":"First Stage","stageCompleted":true,"stageOutcome":null,"stageURI":"https:\/\/data.oireachtas.ie\/ie\/oireachtas\/def\/bill-stage\/1","uri":"https:\/\/data.oireachtas.ie\/ie\/oireachtas\/bill\/2026\/25\/stage\/dail\/1"}},{"event":{"chamber":{"chamberCode":"dail","showAs":"D\u00e1il \u00c9ireann","uri":"https:\/\/data.oireachtas.ie\/ie\/oireachtas\/def\/house\/dail"},"dates":[{"date":"2026-03-05"}],"house":{"chamberCode":"dail","chamberType":"house","houseCode":"dail","houseNo":"34","showAs":"34th D\u00e1il","uri":"https:\/\/data.oireachtas.ie\/ie\/oireachtas\/house\/dail\/34"},"progressStage":2,"showAs":"Second Stage","stageCompleted":false,"stageOutcome":"Current","stageURI":"https:\/\/data.oireachtas.ie\/ie\/oireachtas\/def\/bill-stage\/2","uri":"https:\/\/data.oireachtas.ie\/ie\/oireachtas\/bill\/2026\/25\/stage\/dail\/2"}}],"status":"Current","statusURI":"https:\/\/data.oireachtas.ie\/ie\/oireachtas\/def\/bill-status\/published","uri":"https:\/\/data.oireachtas.ie\/ie\/oireachtas\/bill\/2026\/25","versions":[{"version":{"date":"2026-03-06","docType":"bill","formats":{"pdf":{"uri":"https:\/\/data.oireachtas.ie\/ie\/oireachtas\/bill\/2026\/25\/gle\/initiated\/b2526d.pdf"},"xml":null},"lang":"gle","showAs":"As Initiated","uri":"https:\/\/data.oireachtas.ie\/ie\/oireachtas\/bill\/2026\/25\/gle\/initiated"}}]},"billSort":{"actNoSort":null,"actShortTitleEnSort":null,"actShortTitleGaSort":null,"actYearSort":null,"billNoSort":25,"billShortTitleEnSort":"irish-language-name-and-address-of-the-person-length-accent-bill-2026","billShortTitleGaSort":"an-bille-um-ainm-agus-seoladh-gaeilge-an-duine-sineadh-fada-2026","billYearSort":2026},"contextDate":"2026-03-05"},{"bill":{"act":null,"amendmentLists":[],"billNo":"24","billType":"Public","billTypeURI":"https:\/\/data.oireachtas.ie\/ie\/oireachtas\/def\/bill-type\/public","billYear":"2026","debates":[],"events":[{"event":{"chamber":{"chamberCode":"dail","showAs":"D\u00e1il \u00c9ireann","uri":"https:\/\/data.oireachtas.ie\/ie\/oireachtas\/def\/house\/dail"},"dates":[{"date":"2026-02-27"},{"date":"2026-03-04"}],"eventURI":"https:\/\/data.oireachtas.ie\/ie\/oireachtas\/def\/bill-event\/approved-for-initiation","showAs":"Approved for Initiation","uri":"https:\/\/data.oireachtas.ie\/ie\/oireachtas\/bill\/2026\/24\/approved-for-initiation"}}],"lastUpdated":"2026-03-05T09:52:00.700000+00:00","longTitleEn":"<p>Bill entitled an Act to amend the Official Languages Act 2003 and the Online Safety and Media Regulation Act 2022 to protect the right to communicate through the medium of the Irish language without infringement; and to provide for related matters.<\/p>","longTitleGa":"<p>Bille d\u00e1 ngairtear Acht do leas\u00fa Acht na dTeangacha Oifigi\u00fala, 2003 agus an Achta um Rial\u00e1il S\u00e1bh\u00e1ilteachta ar L\u00edne agus na Me\u00e1n, 2022 chun an ceart chun dul i mbun cumars\u00e1ide tr\u00ed mhe\u00e1n na Gaeilge gan s\u00e1r\u00fa a chosaint; agus do dh\u00e9anamh socr\u00fa i dtaobh nithe gaolmhara.<\/p>","method":"Introduced","methodURI":"https:\/\/data.oireachtas.ie\/ie\/oireachtas\/def\/bill-method\/introduced","mostRecentStage":{"event":{"chamber":{"chamberCode":"dail","showAs":"D\u00e1il \u00c9ireann","uri":"https:\/\/data.oireachtas.ie\/ie\/oireachtas\/def\/house\/dail"},"dates":[{"date":"2026-03-04"}],"house":{"chamberCode":"dail","chamberType":"house","houseCode":"dail","houseNo":"34","showAs":"34th D\u00e1il","uri":"https:\/\/data.oireachtas.ie\/ie\/oireachtas\/house\/dail\/34"},"progressStage":2,"showAs":"Second Stage","stageCompleted":false,"stageOutcome":"Current","stageURI":"https:\/\/data.oireachtas.ie\/ie\/oireachtas\/def\/bill-stage\/2","uri":"https:\/\/data.oireachtas.ie\/ie\/oireachtas\/bill\/2026\/24\/stage\/dail\/2"}},"originHouse":{"showAs":"D\u00e1il \u00c9ireann","uri":"https:\/\/data.oireachtas.ie\/ie\/oireachtas\/def\/house\/dail"},"originHouseURI":"https:\/\/data.oireachtas.ie\/ie\/oireachtas\/def\/house\/dail","relatedDocs":[{"relatedDoc":{"date":"2026-03-05","docType":"memo","formats":{"pdf":{"uri":"https:\/\/data.oireachtas.ie\/ie\/oireachtas\/bill\/2026\/24\/gle\/memo\/b2426d-memo.pdf"},"xml":null},"lang":"gle","showAs":"Explanatory Memorandum","uri":"https:\/\/data.oireachtas.ie\/ie\/oireachtas\/bill\/2026\/24\/gle\/memo"}}],"shortTitleEn":"Official Languages (Right to Use the Irish Language) (Amendment) Bill 2026","shortTitleGa":"Bille na dTeangacha Oifigi\u00fala (Ceart chun an Ghaeilge a \u00das\u00e1id) (Leas\u00fa), 2026","source":"Private Member","sourceURI":"https:\/\/data.oireachtas.ie\/ie\/oireachtas\/def\/bill-source\/private-member","sponsors":[{"sponsor":{"as":{"showAs":null,"uri":null},"by":{"showAs":"Aengus \u00d3 Snodaigh","uri":"https:\/\/data.oireachtas.ie\/ie\/oireachtas\/member\/id\/Aengus-\u00d3-Snodaigh.D.2002-06-06"},"isPrimary":true}},{"sponsor":{"as":{"showAs":null,"uri":null},"by":{"showAs":"Sh\u00f3nagh N\u00ed Raghallaigh","uri":"https:\/\/data.oireachtas.ie\/ie\/oireachtas\/member\/id\/Sh\u00f3nagh-N\u00ed-Raghallaigh.D.2024-11-29"},"isPrimary":false}}],"stages":[{"event":{"chamber":{"chamberCode":"dail","showAs":"D\u00e1il \u00c9ireann","uri":"https:\/\/data.oireachtas.ie\/ie\/oireachtas\/def\/house\/dail"},"dates":[{"date":"2026-02-27"},{"date":"2026-03-04"},{"date":"2026-03-04"}],"house":{"chamberCode":"dail","chamberType":"house","houseCode":"dail","houseNo":"34","showAs":"34th D\u00e1il","uri":"https:\/\/data.oireachtas.ie\/ie\/oireachtas\/house\/dail\/34"},"progressStage":1,"showAs":"First Stage","stageCompleted":true,"stageOutcome":null,"stageURI":"https:\/\/data.oireachtas.ie\/ie\/oireachtas\/def\/bill-stage\/1","uri":"https:\/\/data.oireachtas.ie\/ie\/oireachtas\/bill\/2026\/24\/stage\/dail\/1"}},{"event":{"chamber":{"chamberCode":"dail","showAs":"D\u00e1il \u00c9ireann","uri":"https:\/\/data.oireachtas.ie\/ie\/oireachtas\/def\/house\/dail"},"dates":[{"date":"2026-03-04"}],"house":{"chamberCode":"dail","chamberType":"house","houseCode":"dail","houseNo":"34","showAs":"34th D\u00e1il","uri":"https:\/\/data.oireachtas.ie\/ie\/oireachtas\/house\/dail\/34"},"progressStage":2,"showAs":"Second Stage","stageCompleted":false,"stageOutcome":"Current","stageURI":"https:\/\/data.oireachtas.ie\/ie\/oireachtas\/def\/bill-stage\/2","uri":"https:\/\/data.oireachtas.ie\/ie\/oireachtas\/bill\/2026\/24\/stage\/dail\/2"}}],"status":"Current","statusURI":"https:\/\/data.oireachtas.ie\/ie\/oireachtas\/def\/bill-status\/published","uri":"https:\/\/data.oireachtas.ie\/ie\/oireachtas\/bill\/2026\/24","versions":[{"version":{"date":"2026-03-05","docType":"bill","formats":{"pdf":{"uri":"https:\/\/data.oireachtas.ie\/ie\/oireachtas\/bill\/2026\/24\/gle\/initiated\/b2426d.pdf"},"xml":null},"lang":"gle","showAs":"As Initiated","uri":"https:\/\/data.oireachtas.ie\/ie\/oireachtas\/bill\/2026\/24\/gle\/initiated"}}]},"billSort":{"actNoSort":null,"actShortTitleEnSort":null,"actShortTitleGaSort":null,"actYearSort":null,"billNoSort":24,"billShortTitleEnSort":"official-languages-right-to-use-the-irish-language-amendment-bill-2026","billShortTitleGaSort":"bille-na-dteangacha-oifigiula-ceart-chun-an-ghaeilge-a-usaid-leasu-2026","billYearSort":2026},"contextDate":"2026-03-04"},{"bill":{"act":null,"amendmentLists":[],"billNo":"23","billType":"Public","billTypeURI":"https:\/\/data.oireachtas.ie\/ie\/oireachtas\/def\/bill-type\/public","billYear":"2026","debates":[{"chamber":{"showAs":"D\u00e1il \u00c9ireann","uri":"https:\/\/data.oireachtas.ie\/ie\/oireachtas\/def\/house\/dail"},"date":"2026-02-26","debateSectionId":"dbsect_37","showAs":"Repeal of Exempted Development Regulations Bill 2026: First Stage","uri":"https:\/\/data.oireachtas.ie\/akn\/ie\/debateRecord\/dail\/2026-02-26\/debate\/main"}],"events":[{"event":{"chamber":{"chamberCode":"dail","showAs":"D\u00e1il \u00c9ireann","uri":"https:\/\/data.oireachtas.ie\/ie\/oireachtas\/def\/house\/dail"},"dates":[{"date":"2026-02-09"},{"date":"2026-02-09"},{"date":"2026-02-26"}],"eventURI":"https:\/\/data.oireachtas.ie\/ie\/oireachtas\/def\/bill-event\/admissibility-for-introduction","showAs":"Admissibility for Introduction","uri":"https:\/\/data.oireachtas.ie\/ie\/oireachtas\/bill\/2026\/23\/admissibility-for-introduction"}}],"lastUpdated":"2026-02-27T12:05:16.860000+00:00","longTitleEn":"<p>Bill entitled an Act to repeal the Planning and Development (Exempted Development) (No. 4) Regulations 2022 (S.I. No. 605 of 2022) and Planning and Development (Exempted Development) (No. 4) Regulations 2023 (S.I. No. 376 of 2023) related to the provision of temporary accommodation for persons seeking international protection or in receipt of temporary protection.<\/p>","longTitleGa":"<p>Bille d\u00e1 ngairtear Acht d\u2019aisghairm na Rialach\u00e1n um Plean\u00e1il agus Forbairt (Forbairt Dh\u00edolmhaithe) (Uimh. 4), 2022 (I.R. Uimh. 605 de 2022) agus na Rialach\u00e1n um Plean\u00e1il agus Forbairt (Forbairt Dh\u00edolmhaithe) (Uimh. 4), 2023 (I.R. Uimh. 376 de 2023) a bhaineann le c\u00f3ir\u00edocht shealadach a shol\u00e1thar do dhaoine a bhfuil cosaint idirn\u00e1isi\u00fanta \u00e1 lorg acu n\u00f3 a bhfuil cosaint shealadach \u00e1 f\u00e1il acu.<\/p>","method":"Introduced","methodURI":"https:\/\/data.oireachtas.ie\/ie\/oireachtas\/def\/bill-method\/introduced","mostRecentStage":{"event":{"chamber":{"chamberCode":"dail","showAs":"D\u00e1il \u00c9ireann","uri":"https:\/\/data.oireachtas.ie\/ie\/oireachtas\/def\/house\/dail"},"dates":[{"date":"2026-02-26"}],"house":{"chamberCode":"dail","chamberType":"house","houseCode":"dail","houseNo":"34","showAs":"34th D\u00e1il","uri":"https:\/\/data.oireachtas.ie\/ie\/oireachtas\/house\/dail\/34"},"progressStage":2,"showAs":"Second Stage","stageCompleted":false,"stageOutcome":"Current","stageURI":"https:\/\/data.oireachtas.ie\/ie\/oireachtas\/def\/bill-stage\/2","uri":"https:\/\/data.oireachtas.ie\/ie\/oireachtas\/bill\/2026\/23\/stage\/dail\/2"}},"originHouse":{"showAs":"D\u00e1il \u00c9ireann","uri":"https:\/\/data.oireachtas.ie\/ie\/oireachtas\/def\/house\/dail"},"originHouseURI":"https:\/\/data.oireachtas.ie\/ie\/oireachtas\/def\/house\/dail","relatedDocs":[{"relatedDoc":{"date":"2026-02-26","docType":"memo","formats":{"pdf":{"uri":"https:\/\/data.oireachtas.ie\/ie\/oireachtas\/bill\/2026\/23\/eng\/memo\/b2326d-memo.pdf"},"xml":null},"lang":"eng","showAs":"Explanatory Memorandum","uri":"https:\/\/data.oireachtas.ie\/ie\/oireachtas\/bill\/2026\/23\/eng\/memo"}}],"shortTitleEn":"Repeal of Exempted Development Regulations Bill 2026","shortTitleGa":"An Bille f\u00e1 na Rialach\u00e1in um Fhorbairt Dh\u00edolmhaithe a Aisghairm, 2026","source":"Private Member","sourceURI":"https:\/\/data.oireachtas.ie\/ie\/oireachtas\/def\/bill-source\/private-member","sponsors":[{"sponsor":{"isPrimary":true,"as":{"showAs":null,"uri":null},"by":{"showAs":"Eoin \u00d3 Broin","uri":"https:\/\/data.oireachtas.ie\/ie\/oireachtas\/member\/id\/Eoin-\u00d3-Broin.D.2016-10-03"}}},{"sponsor":{"isPrimary":false,"as":{"showAs":null,"uri":null},"by":{"showAs":"Matt Carthy","uri":"https:\/\/data.oireachtas.ie\/ie\/oireachtas\/member\/id\/Matt-Carthy.D.2020-02-08"}}}],"stages":[{"event":{"chamber":{"chamberCode":"dail","showAs":"D\u00e1il \u00c9ireann","uri":"https:\/\/data.oireachtas.ie\/ie\/oireachtas\/def\/house\/dail"},"dates":[{"date":"2026-02-09"},{"date":"2026-02-09"},{"date":"2026-02-26"},{"date":"2026-02-26"}],"house":{"chamberCode":"dail","chamberType":"house","houseCode":"dail","houseNo":"34","showAs":"34th D\u00e1il","uri":"https:\/\/data.oireachtas.ie\/ie\/oireachtas\/house\/dail\/34"},"progressStage":1,"showAs":"First Stage","stageCompleted":true,"stageOutcome":null,"stageURI":"https:\/\/data.oireachtas.ie\/ie\/oireachtas\/def\/bill-stage\/1","uri":"https:\/\/data.oireachtas.ie\/ie\/oireachtas\/bill\/2026\/23\/stage\/dail\/1"}},{"event":{"chamber":{"chamberCode":"dail","showAs":"D\u00e1il \u00c9ireann","uri":"https:\/\/data.oireachtas.ie\/ie\/oireachtas\/def\/house\/dail"},"dates":[{"date":"2026-02-26"}],"house":{"chamberCode":"dail","chamberType":"house","houseCode":"dail","houseNo":"34","showAs":"34th D\u00e1il","uri":"https:\/\/data.oireachtas.ie\/ie\/oireachtas\/house\/dail\/34"},"progressStage":2,"showAs":"Second Stage","stageCompleted":false,"stageOutcome":"Current","stageURI":"https:\/\/data.oireachtas.ie\/ie\/oireachtas\/def\/bill-stage\/2","uri":"https:\/\/data.oireachtas.ie\/ie\/oireachtas\/bill\/2026\/23\/stage\/dail\/2"}}],"status":"Current","statusURI":"https:\/\/data.oireachtas.ie\/ie\/oireachtas\/def\/bill-status\/published","uri":"https:\/\/data.oireachtas.ie\/ie\/oireachtas\/bill\/2026\/23","versions":[{"version":{"lang":"eng","docType":"bill","showAs":"As Initiated","date":"2026-02-26","formats":{"pdf":{"uri":"https:\/\/data.oireachtas.ie\/ie\/oireachtas\/bill\/2026\/23\/eng\/initiated\/b2326d.pdf"},"xml":null},"uri":"https:\/\/data.oireachtas.ie\/ie\/oireachtas\/bill\/2026\/23\/eng\/initiated"}}]},"contextDate":"2026-02-26","billSort":{"actNoSort":null,"actShortTitleEnSort":null,"actShortTitleGaSort":null,"actYearSort":null,"billNoSort":23,"billShortTitleEnSort":"repeal-of-exempted-development-regulations-bill-2026","billShortTitleGaSort":"an-bille-fa-na-rialachain-um-fhorbairt-dhiolmhaithe-a-aisghairm-2026","billYearSort":2026}},{"bill":{"act":null,"amendmentLists":[],"billNo":"22","billType":"Public","billTypeURI":"https:\/\/data.oireachtas.ie\/ie\/oireachtas\/def\/bill-type\/public","billYear":"2026","debates":[{"chamber":{"showAs":"D\u00e1il \u00c9ireann","uri":"https:\/\/data.oireachtas.ie\/ie\/oireachtas\/def\/house\/dail"},"date":"2026-06-16","debateSectionId":"dbsect_10","showAs":"School Meals Nutritional Standards Bill 2026: First Stage","uri":"https:\/\/data.oireachtas.ie\/akn\/ie\/debateRecord\/dail\/2026-06-16\/debate\/main"},{"chamber":{"showAs":"D\u00e1il \u00c9ireann","uri":"https:\/\/data.oireachtas.ie\/ie\/oireachtas\/def\/house\/dail"},"date":"2026-06-16","debateSectionId":"dbsect_8","showAs":"Forestry (Critical Infrastructure) (Amendment) Bill 2026: First Stage","uri":"https:\/\/data.oireachtas.ie\/akn\/ie\/debateRecord\/dail\/2026-06-16\/debate\/main"},{"chamber":{"showAs":"Seanad \u00c9ireann","uri":"https:\/\/data.oireachtas.ie\/ie\/oireachtas\/def\/house\/seanad"},"date":"2026-03-18","debateSectionId":"dbsect_24","showAs":"Criminal Justice (Theft and Fraud Offences) (Amendment) (Work Equipment) Bill 2026: Second Stage","uri":"https:\/\/data.oireachtas.ie\/akn\/ie\/debateRecord\/seanad\/2026-03-18\/debate\/main"},{"chamber":{"showAs":"Seanad \u00c9ireann","uri":"https:\/\/data.oireachtas.ie\/ie\/oireachtas\/def\/house\/seanad"},"date":"2026-02-25","debateSectionId":"dbsect_11","showAs":"Criminal Justice (Theft and Fraud Offences) (Amendment) (Work Equipment) Bill 2026: First Stage","uri":"https:\/\/data.oireachtas.ie\/akn\/ie\/debateRecord\/seanad\/2026-02-25\/debate\/main"}],"events":[{"event":{"chamber":{"chamberCode":"seanad","showAs":"Seanad \u00c9ireann","uri":"https:\/\/data.oireachtas.ie\/ie\/oireachtas\/def\/house\/seanad"},"dates":[{"date":"2026-02-25"}],"eventURI":"https:\/\/data.oireachtas.ie\/ie\/oireachtas\/def\/bill-event\/published","showAs":"Published","uri":"https:\/\/data.oireachtas.ie\/ie\/oireachtas\/bill\/2026\/22\/published"}}],"lastUpdated":"2026-03-20T12:04:25.530000+00:00","longTitleEn":"<p style=\"margin-left:-.25pt;\">Bill entitled an Act to amend the Criminal Justice (Theft and Fraud Offences) Act 2001 to make specific provision for sentencing for certain offences in relation to theft of tools and supplies used in course of one\u2019s business; and to provide for related matters.<\/p>","longTitleGa":"<p>Bille d\u00e1 ngairtear Acht do leas\u00fa an Achta um Cheartas Coiri\u00fail (Cionta Gada\u00edochta agus Calaoise), 2001 chun socr\u00fa sonrach a dh\u00e9anamh maidir le gearradh pianbhreitheanna i leith cionta \u00e1irithe i nd\u00e1il le huirlis\u00ed agus le sol\u00e1thairt\u00ed, a \u00fas\u00e1idtear i gc\u00farsa gn\u00f3 duine, a ghoid; agus do dh\u00e9anamh socr\u00fa i dtaobh nithe gaolmhara.<\/p>","method":"Introduced","methodURI":"https:\/\/data.oireachtas.ie\/ie\/oireachtas\/def\/bill-method\/introduced","mostRecentStage":{"event":{"chamber":{"chamberCode":"seanad","showAs":"Seanad \u00c9ireann","uri":"https:\/\/data.oireachtas.ie\/ie\/oireachtas\/def\/house\/seanad"},"dates":[{"date":"2026-02-25"}],"house":{"chamberCode":"seanad","chamberType":"house","houseCode":"seanad","houseNo":"27","showAs":"27th Seanad","uri":"https:\/\/data.oireachtas.ie\/ie\/oireachtas\/house\/seanad\/27"},"progressStage":2,"showAs":"Second Stage","stageCompleted":true,"stageOutcome":null,"stageURI":"https:\/\/data.oireachtas.ie\/ie\/oireachtas\/def\/bill-stage\/2","uri":"https:\/\/data.oireachtas.ie\/ie\/oireachtas\/bill\/2026\/22\/stage\/seanad\/2"}},"originHouse":{"showAs":"Seanad \u00c9ireann","uri":"https:\/\/data.oireachtas.ie\/ie\/oireachtas\/def\/house\/seanad"},"originHouseURI":"https:\/\/data.oireachtas.ie\/ie\/oireachtas\/def\/house\/seanad","relatedDocs":[{"relatedDoc":{"date":"2026-02-25","docType":"memo","formats":{"pdf":{"uri":"https:\/\/data.oireachtas.ie\/ie\/oireachtas\/bill\/2026\/22\/eng\/memo\/b2226d-memo.pdf"},"xml":null},"lang":"eng","showAs":"Explanatory Memorandum","uri":"https:\/\/data.oireachtas.ie\/ie\/oireachtas\/bill\/2026\/22\/eng\/memo"}}],"shortTitleEn":"Criminal Justice (Theft and Fraud Offences) (Amendment) (Work Equipment) Bill 2026","shortTitleGa":"An Bille um Cheartas Coiri\u00fail (Cionta Gada\u00edochta agus Calaoise) (Leas\u00fa) (Trealamh Oibre), 2026","source":"Private Member","sourceURI":"https:\/\/data.oireachtas.ie\/ie\/oireachtas\/def\/bill-source\/private-member","sponsors":[{"sponsor":{"isPrimary":true,"as":{"showAs":null,"uri":null},"by":{"showAs":"PJ Murphy","uri":"https:\/\/data.oireachtas.ie\/ie\/oireachtas\/member\/id\/PJ-Murphy.S.2025-01-29"}}},{"sponsor":{"isPrimary":false,"as":{"showAs":null,"uri":null},"by":{"showAs":"Mark Duffy","uri":"https:\/\/data.oireachtas.ie\/ie\/oireachtas\/member\/id\/Mark-Duffy.S.2025-01-29"}}},{"sponsor":{"isPrimary":false,"as":{"showAs":null,"uri":null},"by":{"showAs":"Mike Kennelly","uri":"https:\/\/data.oireachtas.ie\/ie\/oireachtas\/member\/id\/Mike-Kennelly.S.2025-01-29"}}}],"stages":[{"event":{"chamber":{"chamberCode":"seanad","showAs":"Seanad \u00c9ireann","uri":"https:\/\/data.oireachtas.ie\/ie\/oireachtas\/def\/house\/seanad"},"dates":[{"date":"2026-02-25"},{"date":"2026-02-25"}],"house":{"chamberCode":"seanad","chamberType":"house","houseCode":"seanad","houseNo":"27","showAs":"27th Seanad","uri":"https:\/\/data.oireachtas.ie\/ie\/oireachtas\/house\/seanad\/27"},"progressStage":1,"showAs":"First Stage","stageCompleted":true,"stageOutcome":null,"stageURI":"https:\/\/data.oireachtas.ie\/ie\/oireachtas\/def\/bill-stage\/1","uri":"https:\/\/data.oireachtas.ie\/ie\/oireachtas\/bill\/2026\/22\/stage\/seanad\/1"}},{"event":{"chamber":{"chamberCode":"seanad","showAs":"Seanad \u00c9ireann","uri":"https:\/\/data.oireachtas.ie\/ie\/oireachtas\/def\/house\/seanad"},"dates":[{"date":"2026-02-25"}],"house":{"chamberCode":"seanad","chamberType":"house","houseCode":"seanad","houseNo":"27","showAs":"27th Seanad","uri":"https:\/\/data.oireachtas.ie\/ie\/oireachtas\/house\/seanad\/27"},"progressStage":2,"showAs":"Second Stage","stageCompleted":true,"stageOutcome":null,"stageURI":"https:\/\/data.oireachtas.ie\/ie\/oireachtas\/def\/bill-stage\/2","uri":"https:\/\/data.oireachtas.ie\/ie\/oireachtas\/bill\/2026\/22\/stage\/seanad\/2"}}],"status":"Current","statusURI":"https:\/\/data.oireachtas.ie\/ie\/oireachtas\/def\/bill-status\/published","uri":"https:\/\/data.oireachtas.ie\/ie\/oireachtas\/bill\/2026\/22","versions":[{"version":{"lang":"eng","docType":"bill","showAs":"As Initiated","date":"2026-02-25","formats":{"pdf":{"uri":"https:\/\/data.oireachtas.ie\/ie\/oireachtas\/bill\/2026\/22\/eng\/initiated\/b2226d.pdf"},"xml":null},"uri":"https:\/\/data.oireachtas.ie\/ie\/oireachtas\/bill\/2026\/22\/eng\/initiated"}}]},"contextDate":"2026-02-25","billSort":{"actNoSort":null,"actShortTitleEnSort":null,"actShortTitleGaSort":null,"actYearSort":null,"billNoSort":22,"billShortTitleEnSort":"criminal-justice-theft-and-fraud-offences-amendment-work-equipment-bill-2026","billShortTitleGaSort":"an-bille-um-cheartas-coiriuil-cionta-gadaiochta-agus-calaoise-leasu-trealamh-oibre-2026","billYearSort":2026}},{"bill":{"act":null,"amendmentLists":[],"billNo":"21","billType":"Public","billTypeURI":"https:\/\/data.oireachtas.ie\/ie\/oireachtas\/def\/bill-type\/public","billYear":"2026","debates":[{"chamber":{"showAs":"D\u00e1il \u00c9ireann","uri":"https:\/\/data.oireachtas.ie\/ie\/oireachtas\/def\/house\/dail"},"date":"2026-07-02","debateSectionId":"dbsect_33","showAs":"Prevention of Energy Wastage Bill 2026: First Stage","uri":"https:\/\/data.oireachtas.ie\/akn\/ie\/debateRecord\/dail\/2026-07-02\/debate\/main"},{"chamber":{"showAs":"D\u00e1il \u00c9ireann","uri":"https:\/\/data.oireachtas.ie\/ie\/oireachtas\/def\/house\/dail"},"date":"2026-03-24","debateSectionId":"dbsect_9","showAs":"Planning and Development (Material Interest) Bill 2026: First Stage","uri":"https:\/\/data.oireachtas.ie\/akn\/ie\/debateRecord\/dail\/2026-03-24\/debate\/main"},{"chamber":{"showAs":"Seanad \u00c9ireann","uri":"https:\/\/data.oireachtas.ie\/ie\/oireachtas\/def\/house\/seanad"},"date":"2026-02-25","debateSectionId":"dbsect_12","showAs":"Planning and Development (Provision of Public Housing) Bill 2026: First Stage","uri":"https:\/\/data.oireachtas.ie\/akn\/ie\/debateRecord\/seanad\/2026-02-25\/debate\/main"}],"events":[{"event":{"chamber":{"chamberCode":"seanad","showAs":"Seanad \u00c9ireann","uri":"https:\/\/data.oireachtas.ie\/ie\/oireachtas\/def\/house\/seanad"},"dates":[{"date":"2026-02-25"}],"eventURI":"https:\/\/data.oireachtas.ie\/ie\/oireachtas\/def\/bill-event\/published","showAs":"Published","uri":"https:\/\/data.oireachtas.ie\/ie\/oireachtas\/bill\/2026\/21\/published"}}],"lastUpdated":"2026-02-26T10:23:49.400000+00:00","longTitleEn":"<p>Bill entitled an Act to amend the Planning and Development Act 2000 and to repeal section 97(3)<\/p><p>(b).<\/p>","longTitleGa":"<p>Bille d\u00e1 ngairtear Acht do leas\u00fa an Achta um Plean\u00e1il agus Forbairt, 2000 agus d\u2019aisghairm alt 97(3)(b).<\/p>","method":"Introduced","methodURI":"https:\/\/data.oireachtas.ie\/ie\/oireachtas\/def\/bill-method\/introduced","mostRecentStage":{"event":{"chamber":{"chamberCode":"seanad","showAs":"Seanad \u00c9ireann","uri":"https:\/\/data.oireachtas.ie\/ie\/oireachtas\/def\/house\/seanad"},"dates":[{"date":"2026-02-25"}],"house":{"chamberCode":"seanad","chamberType":"house","houseCode":"seanad","houseNo":"27","showAs":"27th Seanad","uri":"https:\/\/data.oireachtas.ie\/ie\/oireachtas\/house\/seanad\/27"},"progressStage":2,"showAs":"Second Stage","stageCompleted":false,"stageOutcome":"Current","stageURI":"https:\/\/data.oireachtas.ie\/ie\/oireachtas\/def\/bill-stage\/2","uri":"https:\/\/data.oireachtas.ie\/ie\/oireachtas\/bill\/2026\/21\/stage\/seanad\/2"}},"originHouse":{"showAs":"Seanad \u00c9ireann","uri":"https:\/\/data.oireachtas.ie\/ie\/oireachtas\/def\/house\/seanad"},"originHouseURI":"https:\/\/data.oireachtas.ie\/ie\/oireachtas\/def\/house\/seanad","relatedDocs":[{"relatedDoc":{"date":"2026-02-25","docType":"memo","formats":{"pdf":{"uri":"https:\/\/data.oireachtas.ie\/ie\/oireachtas\/bill\/2026\/21\/eng\/memo\/b2126d-memo.pdf"},"xml":null},"lang":"eng","showAs":"Explanatory Memorandum","uri":"https:\/\/data.oireachtas.ie\/ie\/oireachtas\/bill\/2026\/21\/eng\/memo"}}],"shortTitleEn":"Planning and Development (Provision of Public Housing) Bill 2026","shortTitleGa":"An Bille um Plean\u00e1il agus Forbairt (Tith\u00edocht Phoibl\u00ed a Shol\u00e1thar), 2026","source":"Private Member","sourceURI":"https:\/\/data.oireachtas.ie\/ie\/oireachtas\/def\/bill-source\/private-member","sponsors":[{"sponsor":{"isPrimary":true,"as":{"showAs":null,"uri":null},"by":{"showAs":"Chris Andrews","uri":"https:\/\/data.oireachtas.ie\/ie\/oireachtas\/member\/id\/Chris-Andrews.D.2007-06-14"}}},{"sponsor":{"isPrimary":false,"as":{"showAs":null,"uri":null},"by":{"showAs":"Maria McCormack","uri":"https:\/\/data.oireachtas.ie\/ie\/oireachtas\/member\/id\/Maria-McCormack.S.2025-01-29"}}},{"sponsor":{"isPrimary":false,"as":{"showAs":null,"uri":null},"by":{"showAs":"Joanne Collins","uri":"https:\/\/data.oireachtas.ie\/ie\/oireachtas\/member\/id\/Joanne-Collins.S.2025-01-29"}}},{"sponsor":{"isPrimary":false,"as":{"showAs":null,"uri":null},"by":{"showAs":"Pauline Tully","uri":"https:\/\/data.oireachtas.ie\/ie\/oireachtas\/member\/id\/Pauline-Tully.D.2020-02-08"}}},{"sponsor":{"isPrimary":false,"as":{"showAs":null,"uri":null},"by":{"showAs":"Conor Murphy","uri":"https:\/\/data.oireachtas.ie\/ie\/oireachtas\/member\/id\/Conor-Murphy.S.2025-01-29"}}},{"sponsor":{"isPrimary":false,"as":{"showAs":null,"uri":null},"by":{"showAs":"Nicole Ryan","uri":"https:\/\/data.oireachtas.ie\/ie\/oireachtas\/member\/id\/Nicole-Ryan.S.2025-01-29"}}}],"stages":[{"event":{"chamber":{"chamberCode":"seanad","showAs":"Seanad \u00c9ireann","uri":"https:\/\/data.oireachtas.ie\/ie\/oireachtas\/def\/house\/seanad"},"dates":[{"date":"2026-02-25"},{"date":"2026-02-25"}],"house":{"chamberCode":"seanad","chamberType":"house","houseCode":"seanad","houseNo":"27","showAs":"27th Seanad","uri":"https:\/\/data.oireachtas.ie\/ie\/oireachtas\/house\/seanad\/27"},"progressStage":1,"showAs":"First Stage","stageCompleted":true,"stageOutcome":null,"stageURI":"https:\/\/data.oireachtas.ie\/ie\/oireachtas\/def\/bill-stage\/1","uri":"https:\/\/data.oireachtas.ie\/ie\/oireachtas\/bill\/2026\/21\/stage\/seanad\/1"}},{"event":{"chamber":{"chamberCode":"seanad","showAs":"Seanad \u00c9ireann","uri":"https:\/\/data.oireachtas.ie\/ie\/oireachtas\/def\/house\/seanad"},"dates":[{"date":"2026-02-25"}],"house":{"chamberCode":"seanad","chamberType":"house","houseCode":"seanad","houseNo":"27","showAs":"27th Seanad","uri":"https:\/\/data.oireachtas.ie\/ie\/oireachtas\/house\/seanad\/27"},"progressStage":2,"showAs":"Second Stage","stageCompleted":false,"stageOutcome":"Current","stageURI":"https:\/\/data.oireachtas.ie\/ie\/oireachtas\/def\/bill-stage\/2","uri":"https:\/\/data.oireachtas.ie\/ie\/oireachtas\/bill\/2026\/21\/stage\/seanad\/2"}}],"status":"Current","statusURI":"https:\/\/data.oireachtas.ie\/ie\/oireachtas\/def\/bill-status\/published","uri":"https:\/\/data.oireachtas.ie\/ie\/oireachtas\/bill\/2026\/21","versions":[{"version":{"lang":"eng","docType":"bill","showAs":"As Initiated","date":"2026-02-25","formats":{"pdf":{"uri":"https:\/\/data.oireachtas.ie\/ie\/oireachtas\/bill\/2026\/21\/eng\/initiated\/b2126d.pdf"},"xml":null},"uri":"https:\/\/data.oireachtas.ie\/ie\/oireachtas\/bill\/2026\/21\/eng\/initiated"}}]},"contextDate":"2026-02-25","billSort":{"actNoSort":null,"actShortTitleEnSort":null,"actShortTitleGaSort":null,"actYearSort":null,"billNoSort":21,"billShortTitleEnSort":"planning-and-development-provision-of-public-housing-bill-2026","billShortTitleGaSort":"an-bille-um-pleanail-agus-forbairt-tithiocht-phoibli-a-sholathar-2026","billYearSort":2026}},{"bill":{"act":{"actNo":"8","actYear":"2026","dateSigned":"2026-03-31","longTitleEn":"<p>Act to enable the wardship court to extend, in certain circumstances, in respect of certain individual wardship cases, the time period specified in section 54(2) or section 54(3) of the Assisted Decision-Making (Capacity) Act 2015 for a capacity declaration to be made under section 55(1) of the Act, in circumstances where the expiry of that time period is imminent and will not be met in those individual cases; for these and other purposes to amend the Assisted Decision-Making (Capacity) Act 2015; and to provide for related matters.<\/p>","longTitleGa":"<p>Acht d\u00e1 chumas\u00fa don ch\u00fairt choimirc\u00edochta fad\u00fa a dh\u00e9anamh, in imthosca \u00e1irithe, i leith c\u00e1sanna coimirc\u00edochta \u00e1irithe ar leith, ar an tr\u00e9imhse ama a shonra\u00edtear in alt 54(2) n\u00f3 in alt 54(3) den Acht um Chinnteoireacht Chuidithe (Cumas), 2015 chun dearbh\u00fa maidir le cumas a dh\u00e9anamh faoi alt 55(1) den Acht, in imthosca ina mbeidh an tr\u00e9imhse ama sin ag dul in \u00e9ag go luath agus nach mbeidh dearbh\u00fa maidir le cumas d\u00e9anta roimh an dul in \u00e9ag sin sna c\u00e1sanna sin ar leith; chun na gcr\u00edoch sin agus chun cr\u00edoch eile, do leas\u00fa an Achta um Chinnteoireacht Chuidithe (Cumas), 2015; agus do dh\u00e9anamh socr\u00fa i dtaobh nithe gaolmhara.<\/p>","shortTitleEn":"Assisted Decision-Making (Capacity) (Amendment) Act 2026","shortTitleGa":"An tAcht um Chinnteoireacht Chuidithe (Cumas) (Leas\u00fa), 2026","statutebookURI":"http:\/\/www.irishstatutebook.ie\/eli\/2026\/act\/8","uri":"https:\/\/data.oireachtas.ie\/ie\/oireachtas\/act\/2026\/8"},"amendmentLists":[{"amendmentList":{"amendmentTypeUri":{"uri":"https:\/\/data.oireachtas.ie\/ie\/oireachtas\/def\/amendment-type\/numberedList"},"chamber":{"showAs":"Dail","uri":"https:\/\/data.oireachtas.ie\/ie\/oireachtas\/def\/dail"},"date":"2026-03-26","formats":{"pdf":{"uri":"https:\/\/data.oireachtas.ie\/ie\/oireachtas\/bill\/2026\/20\/dail\/3\/amendment\/numberedList\/eng\/b2026d-scnl.pdf"},"xml":null},"showAs":"Numbered List [Seanad]","stage":{"showAs":"Committee Stage","uri":"https:\/\/data.oireachtas.ie\/ie\/oireachtas\/bill\/2026\/20\/dail\/3"},"stageNo":"3"}},{"amendmentList":{"amendmentTypeUri":{"uri":"https:\/\/data.oireachtas.ie\/ie\/oireachtas\/def\/amendment-type\/numberedList"},"chamber":{"showAs":"Dail","uri":"https:\/\/data.oireachtas.ie\/ie\/oireachtas\/def\/dail"},"date":"2026-03-24","formats":{"pdf":{"uri":"https:\/\/data.oireachtas.ie\/ie\/oireachtas\/bill\/2026\/20\/dail\/4\/amendment\/numberedList\/eng\/b2026d-nlpdf.pdf"},"xml":null},"showAs":"Numbered List [D\u00e1il]","stage":{"showAs":"Report Stage","uri":"https:\/\/data.oireachtas.ie\/ie\/oireachtas\/bill\/2026\/20\/dail\/4"},"stageNo":"4"}},{"amendmentList":{"amendmentTypeUri":{"uri":"https:\/\/data.oireachtas.ie\/ie\/oireachtas\/def\/amendment-type\/numberedList"},"chamber":{"showAs":"Dail","uri":"https:\/\/data.oireachtas.ie\/ie\/oireachtas\/def\/dail"},"date":"2026-03-18","formats":{"pdf":{"uri":"https:\/\/data.oireachtas.ie\/ie\/oireachtas\/bill\/2026\/20\/dail\/3\/amendment\/numberedList\/eng\/b2026d-dcnl.pdf"},"xml":null},"showAs":"Numbered List [D\u00e1il]","stage":{"showAs":"Committee Stage","uri":"https:\/\/data.oireachtas.ie\/ie\/oireachtas\/bill\/2026\/20\/dail\/3"},"stageNo":"3"}}],"billNo":"20","billType":"Public","billTypeURI":"https:\/\/data.oireachtas.ie\/ie\/oireachtas\/def\/bill-type\/public","billYear":"2026","debates":[{"chamber":{"showAs":"Seanad \u00c9ireann","uri":"https:\/\/data.oireachtas.ie\/ie\/oireachtas\/def\/house\/seanad"},"date":"2026-03-26","debateSectionId":"dbsect_10","showAs":"Assisted Decision-Making (Capacity) (Amendment) Bill 2026: Second Stage","uri":"https:\/\/data.oireachtas.ie\/akn\/ie\/debateRecord\/seanad\/2026-03-26\/debate\/main"},{"chamber":{"showAs":"Seanad \u00c9ireann","uri":"https:\/\/data.oireachtas.ie\/ie\/oireachtas\/def\/house\/seanad"},"date":"2026-03-26","debateSectionId":"dbsect_11","showAs":"Assisted Decision-Making (Capacity) (Amendment) Bill 2026: Committee and Remaining Stages","uri":"https:\/\/data.oireachtas.ie\/akn\/ie\/debateRecord\/seanad\/2026-03-26\/debate\/main"},{"chamber":{"showAs":"D\u00e1il \u00c9ireann","uri":"https:\/\/data.oireachtas.ie\/ie\/oireachtas\/def\/house\/dail"},"date":"2026-03-25","debateSectionId":"dbsect_19","showAs":"Assisted Decision-Making (Capacity) (Amendment) Bill 2026: Report and Final Stages","uri":"https:\/\/data.oireachtas.ie\/akn\/ie\/debateRecord\/dail\/2026-03-25\/debate\/main"},{"chamber":{"showAs":"Select Committee on Disability Matters","uri":"https:\/\/data.oireachtas.ie\/ie\/oireachtas\/def\/committee"},"date":"2026-03-19","debateSectionId":"dbsect_2","showAs":"Assisted Decision-Making (Capacity) (Amendment) Bill 2026: Committee Stage","uri":"https:\/\/data.oireachtas.ie\/akn\/ie\/debateRecord\/select_committee_on_disability_matters\/2026-03-19\/debate\/main"},{"chamber":{"showAs":"D\u00e1il \u00c9ireann","uri":"https:\/\/data.oireachtas.ie\/ie\/oireachtas\/def\/house\/dail"},"date":"2026-03-04","debateSectionId":"dbsect_21","showAs":"Assisted Decision-Making (Capacity) (Amendment) Bill 2026: Second Stage (Resumed)","uri":"https:\/\/data.oireachtas.ie\/akn\/ie\/debateRecord\/dail\/2026-03-04\/debate\/main"},{"chamber":{"showAs":"D\u00e1il \u00c9ireann","uri":"https:\/\/data.oireachtas.ie\/ie\/oireachtas\/def\/house\/dail"},"date":"2026-03-04","debateSectionId":"dbsect_22","showAs":"Assisted Decision-Making (Capacity) (Amendment) Bill 2026: Referral to Select Committee","uri":"https:\/\/data.oireachtas.ie\/akn\/ie\/debateRecord\/dail\/2026-03-04\/debate\/main"},{"chamber":{"showAs":"D\u00e1il \u00c9ireann","uri":"https:\/\/data.oireachtas.ie\/ie\/oireachtas\/def\/house\/dail"},"date":"2026-03-03","debateSectionId":"dbsect_16","showAs":"Assisted Decision-Making (Capacity) (Amendment) Bill 2026: Second Stage","uri":"https:\/\/data.oireachtas.ie\/akn\/ie\/debateRecord\/dail\/2026-03-03\/debate\/main"}],"events":[{"event":{"chamber":{"chamberCode":"dail","showAs":"D\u00e1il \u00c9ireann","uri":"https:\/\/data.oireachtas.ie\/ie\/oireachtas\/def\/house\/dail"},"dates":[{"date":"2026-02-26"},{"date":"2026-03-31"}],"eventURI":"https:\/\/data.oireachtas.ie\/ie\/oireachtas\/def\/bill-event\/published","showAs":"Published","uri":"https:\/\/data.oireachtas.ie\/ie\/oireachtas\/bill\/2026\/20\/published"}},{"event":{"chamber":null,"dates":[{"date":"2026-03-31"}],"eventURI":"https:\/\/data.oireachtas.ie\/ie\/oireachtas\/def\/bill-event\/enacted","showAs":"Enacted","uri":"https:\/\/data.oireachtas.ie\/ie\/oireachtas\/bill\/2026\/20\/enacted"}}],"lastUpdated":"2026-04-09T11:42:34.910000+00:00","longTitleEn":"<p>Bill entitled an Act to enable the wardship court to extend, in certain circumstances, in respect of certain individual wardship cases, the time period specified in section 54(2) or section 54(3) of the Assisted Decision-Making (Capacity) Act 2015 for a capacity declaration to be made under section 55(1) of the Act, in circumstances where the expiry of that time period is imminent and will not be met in those individual cases; for these and other purposes to amend the Assisted Decision-Making (Capacity) Act 2015; and to provide for related matters.<\/p>","longTitleGa":"<p>Bille d\u00e1 ngairtear Acht d\u00e1 chumas\u00fa don ch\u00fairt choimirc\u00edochta fad\u00fa a dh\u00e9anamh, in imthosca \u00e1irithe, i leith c\u00e1sanna coimirc\u00edochta \u00e1irithe ar leith, ar an tr\u00e9imhse ama a shonra\u00edtear in alt 54(2) n\u00f3 in alt 54(3) den Acht um Chinnteoireacht Chuidithe (Cumas), 2015 chun dearbh\u00fa maidir le cumas a dh\u00e9anamh faoi alt 55(1) den Acht, in imthosca ina mbeidh an tr\u00e9imhse ama sin ag dul in \u00e9ag go luath agus nach mbeidh dearbh\u00fa maidir le cumas d\u00e9anta roimh an dul in \u00e9ag sin sna c\u00e1sanna sin ar leith; chun na gcr\u00edoch sin agus chun cr\u00edoch eile, do leas\u00fa an Achta um Chinnteoireacht Chuidithe (Cumas), 2015; agus do dh\u00e9anamh socr\u00fa i dtaobh nithe gaolmhara.<\/p>","method":"Presented","methodURI":"https:\/\/data.oireachtas.ie\/ie\/oireachtas\/def\/bill-method\/presented","mostRecentStage":{"event":{"chamber":null,"dates":[{"date":"2026-03-31"}],"house":null,"progressStage":10,"showAs":"Enacted","stageCompleted":true,"stageOutcome":"Enacted","stageURI":"https:\/\/data.oireachtas.ie\/ie\/oireachtas\/def\/bill-stage\/enacted","uri":"https:\/\/data.oireachtas.ie\/ie\/oireachtas\/bill\/2026\/20\/stage\/oireachtas\/enacted"}},"originHouse":{"showAs":"D\u00e1il \u00c9ireann","uri":"https:\/\/data.oireachtas.ie\/ie\/oireachtas\/def\/house\/dail"},"originHouseURI":"https:\/\/data.oireachtas.ie\/ie\/oireachtas\/def\/house\/dail","relatedDocs":[{"relatedDoc":{"date":"2026-02-26","docType":"memo","formats":{"pdf":{"uri":"https:\/\/data.oireachtas.ie\/ie\/oireachtas\/bill\/2026\/20\/eng\/memo\/b2026d-memo.pdf"},"xml":null},"lang":"eng","showAs":"Explanatory Memorandum","uri":"https:\/\/data.oireachtas.ie\/ie\/oireachtas\/bill\/2026\/20\/eng\/memo"}}],"shortTitleEn":"Assisted Decision-Making (Capacity) (Amendment) Bill 2026","shortTitleGa":"An Bille um Chinnteoireacht Chuidithe (Cumas) (Leas\u00fa), 2026","source":"Government","sourceURI":"https:\/\/data.oireachtas.ie\/ie\/oireachtas\/def\/bill-source\/government","sponsors":[{"sponsor":{"isPrimary":true,"as":{"showAs":"Minister for Children, Disability and Equality","uri":null},"by":{"showAs":null,"uri":null}}}],"stages":[{"event":{"chamber":{"chamberCode":"dail","showAs":"D\u00e1il \u00c9ireann","uri":"https:\/\/data.oireachtas.ie\/ie\/oireachtas\/def\/house\/dail"},"dates":[{"date":"2026-02-26"},{"date":"2026-02-26"}],"house":{"chamberCode":"dail","chamberType":"house","houseCode":"dail","houseNo":"34","showAs":"34th D\u00e1il","uri":"https:\/\/data.oireachtas.ie\/ie\/oireachtas\/house\/dail\/34"},"progressStage":1,"showAs":"First Stage","stageCompleted":true,"stageOutcome":null,"stageURI":"https:\/\/data.oireachtas.ie\/ie\/oireachtas\/def\/bill-stage\/1","uri":"https:\/\/data.oireachtas.ie\/ie\/oireachtas\/bill\/2026\/20\/stage\/dail\/1"}},{"event":{"chamber":{"chamberCode":"dail","showAs":"D\u00e1il \u00c9ireann","uri":"https:\/\/data.oireachtas.ie\/ie\/oireachtas\/def\/house\/dail"},"dates":[{"date":"2026-03-03"},{"date":"2026-03-03"}],"house":{"chamberCode":"dail","chamberType":"house","houseCode":"dail","houseNo":"34","showAs":"34th D\u00e1il","uri":"https:\/\/data.oireachtas.ie\/ie\/oireachtas\/house\/dail\/34"},"progressStage":2,"showAs":"Second Stage","stageCompleted":true,"stageOutcome":null,"stageURI":"https:\/\/data.oireachtas.ie\/ie\/oireachtas\/def\/bill-stage\/2","uri":"https:\/\/data.oireachtas.ie\/ie\/oireachtas\/bill\/2026\/20\/stage\/dail\/2"}},{"event":{"chamber":{"chamberCode":"dail","showAs":"D\u00e1il \u00c9ireann","uri":"https:\/\/data.oireachtas.ie\/ie\/oireachtas\/def\/house\/dail"},"dates":[{"date":"2026-03-25"}],"house":{"chamberCode":"dail","chamberType":"house","houseCode":"dail","houseNo":"34","showAs":"34th D\u00e1il","uri":"https:\/\/data.oireachtas.ie\/ie\/oireachtas\/house\/dail\/34"},"progressStage":3,"showAs":"Committee Stage","stageCompleted":true,"stageOutcome":null,"stageURI":"https:\/\/data.oireachtas.ie\/ie\/oireachtas\/def\/bill-stage\/3","uri":"https:\/\/data.oireachtas.ie\/ie\/oireachtas\/bill\/2026\/20\/stage\/dail\/3"}},{"event":{"chamber":{"chamberCode":"dail","showAs":"D\u00e1il \u00c9ireann","uri":"https:\/\/data.oireachtas.ie\/ie\/oireachtas\/def\/house\/dail"},"dates":[{"date":"2026-03-25"}],"house":{"chamberCode":"dail","chamberType":"house","houseCode":"dail","houseNo":"34","showAs":"34th D\u00e1il","uri":"https:\/\/data.oireachtas.ie\/ie\/oireachtas\/house\/dail\/34"},"progressStage":4,"showAs":"Report Stage","stageCompleted":true,"stageOutcome":null,"stageURI":"https:\/\/data.oireachtas.ie\/ie\/oireachtas\/def\/bill-stage\/4","uri":"https:\/\/data.oireachtas.ie\/ie\/oireachtas\/bill\/2026\/20\/stage\/dail\/4"}},{"event":{"chamber":{"chamberCode":"dail","showAs":"D\u00e1il \u00c9ireann","uri":"https:\/\/data.oireachtas.ie\/ie\/oireachtas\/def\/house\/dail"},"dates":[{"date":"2026-03-25"}],"house":{"chamberCode":"dail","chamberType":"house","houseCode":"dail","houseNo":"34","showAs":"34th D\u00e1il","uri":"https:\/\/data.oireachtas.ie\/ie\/oireachtas\/house\/dail\/34"},"progressStage":5,"showAs":"Fifth Stage","stageCompleted":true,"stageOutcome":null,"stageURI":"https:\/\/data.oireachtas.ie\/ie\/oireachtas\/def\/bill-stage\/5","uri":"https:\/\/data.oireachtas.ie\/ie\/oireachtas\/bill\/2026\/20\/stage\/dail\/5"}},{"event":{"chamber":{"chamberCode":"seanad","showAs":"Seanad \u00c9ireann","uri":"https:\/\/data.oireachtas.ie\/ie\/oireachtas\/def\/house\/seanad"},"dates":[{"date":"2026-03-26"}],"house":{"chamberCode":"seanad","chamberType":"house","houseCode":"seanad","houseNo":"27","showAs":"27th Seanad","uri":"https:\/\/data.oireachtas.ie\/ie\/oireachtas\/house\/seanad\/27"},"progressStage":6,"showAs":"Second Stage","stageCompleted":true,"stageOutcome":null,"stageURI":"https:\/\/data.oireachtas.ie\/ie\/oireachtas\/def\/bill-stage\/2","uri":"https:\/\/data.oireachtas.ie\/ie\/oireachtas\/bill\/2026\/20\/stage\/seanad\/2"}},{"event":{"chamber":{"chamberCode":"seanad","showAs":"Seanad \u00c9ireann","uri":"https:\/\/data.oireachtas.ie\/ie\/oireachtas\/def\/house\/seanad"},"dates":[{"date":"2026-03-26"}],"house":{"chamberCode":"seanad","chamberType":"house","houseCode":"seanad","houseNo":"27","showAs":"27th Seanad","uri":"https:\/\/data.oireachtas.ie\/ie\/oireachtas\/house\/seanad\/27"},"progressStage":7,"showAs":"Committee Stage","stageCompleted":true,"stageOutcome":null,"stageURI":"https:\/\/data.oireachtas.ie\/ie\/oireachtas\/def\/bill-stage\/3","uri":"https:\/\/data.oireachtas.ie\/ie\/oireachtas\/bill\/2026\/20\/stage\/seanad\/3"}},{"event":{"chamber":{"chamberCode":"seanad","showAs":"Seanad \u00c9ireann","uri":"https:\/\/data.oireachtas.ie\/ie\/oireachtas\/def\/house\/seanad"},"dates":[{"date":"2026-03-26"}],"house":{"chamberCode":"seanad","chamberType":"house","houseCode":"seanad","houseNo":"27","showAs":"27th Seanad","uri":"https:\/\/data.oireachtas.ie\/ie\/oireachtas\/house\/seanad\/27"},"progressStage":8,"showAs":"Report Stage","stageCompleted":true,"stageOutcome":null,"stageURI":"https:\/\/data.oireachtas.ie\/ie\/oireachtas\/def\/bill-stage\/4","uri":"https:\/\/data.oireachtas.ie\/ie\/oireachtas\/bill\/2026\/20\/stage\/seanad\/4"}},{"event":{"chamber":{"chamberCode":"seanad","showAs":"Seanad \u00c9ireann","uri":"https:\/\/data.oireachtas.ie\/ie\/oireachtas\/def\/house\/seanad"},"dates":[{"date":"2026-03-26"}],"house":{"chamberCode":"seanad","chamberType":"house","houseCode":"seanad","houseNo":"27","showAs":"27th Seanad","uri":"https:\/\/data.oireachtas.ie\/ie\/oireachtas\/house\/seanad\/27"},"progressStage":9,"showAs":"Fifth Stage","stageCompleted":true,"stageOutcome":null,"stageURI":"https:\/\/data.oireachtas.ie\/ie\/oireachtas\/def\/bill-stage\/5","uri":"https:\/\/data.oireachtas.ie\/ie\/oireachtas\/bill\/2026\/20\/stage\/seanad\/5"}},{"event":{"chamber":null,"dates":[{"date":"2026-03-31"}],"house":null,"progressStage":10,"showAs":"Enacted","stageCompleted":true,"stageOutcome":"Enacted","stageURI":"https:\/\/data.oireachtas.ie\/ie\/oireachtas\/def\/bill-stage\/enacted","uri":"https:\/\/data.oireachtas.ie\/ie\/oireachtas\/bill\/2026\/20\/stage\/oireachtas\/enacted"}}],"status":"Enacted","statusURI":"https:\/\/data.oireachtas.ie\/ie\/oireachtas\/def\/bill-status\/enacted","uri":"https:\/\/data.oireachtas.ie\/ie\/oireachtas\/bill\/2026\/20","versions":[{"version":{"lang":"eng","docType":"act","showAs":"Assisted Decision-Making (Capacity) (Amendment) Act 2026","date":"2026-03-31","formats":{"pdf":{"uri":"https:\/\/data.oireachtas.ie\/ie\/oireachtas\/act\/2026\/8\/eng\/enacted\/a0826.pdf"},"xml":null},"uri":"https:\/\/data.oireachtas.ie\/ie\/oireachtas\/act\/2026\/8\/eng\/enacted"}},{"version":{"lang":"eng","docType":"bill","showAs":"As Initiated","date":"2026-02-26","formats":{"pdf":{"uri":"https:\/\/data.oireachtas.ie\/ie\/oireachtas\/bill\/2026\/20\/eng\/initiated\/b2026d.pdf"},"xml":null},"uri":"https:\/\/data.oireachtas.ie\/ie\/oireachtas\/bill\/2026\/20\/eng\/initiated"}}]},"contextDate":"2026-03-31","billSort":{"actNoSort":8,"actShortTitleEnSort":"assisted-decision-making-capacity-amendment-act-2026","actShortTitleGaSort":"an-tacht-um-chinnteoireacht-chuidithe-cumas-leasu-2026","actYearSort":2026,"billNoSort":20,"billShortTitleEnSort":"assisted-decision-making-capacity-amendment-bill-2026","billShortTitleGaSort":"an-bille-um-chinnteoireacht-chuidithe-cumas-leasu-2026","billYearSort":2026}},{"bill":{"act":null,"amendmentLists":[],"billNo":"19","billType":"Public","billTypeURI":"https:\/\/data.oireachtas.ie\/ie\/oireachtas\/def\/bill-type\/public","billYear":"2026","debates":[{"chamber":{"showAs":"Seanad \u00c9ireann","uri":"https:\/\/data.oireachtas.ie\/ie\/oireachtas\/def\/house\/seanad"},"date":"2026-06-11","debateSectionId":"dbsect_11","showAs":"Media Regulation Bill 2026: Second Stage","uri":"https:\/\/data.oireachtas.ie\/akn\/ie\/debateRecord\/seanad\/2026-06-11\/debate\/main"},{"chamber":{"showAs":"D\u00e1il \u00c9ireann","uri":"https:\/\/data.oireachtas.ie\/ie\/oireachtas\/def\/house\/dail"},"date":"2026-06-10","debateSectionId":"dbsect_31","showAs":"Media Regulation Bill 2026: Report and Final Stages","uri":"https:\/\/data.oireachtas.ie\/akn\/ie\/debateRecord\/dail\/2026-06-10\/debate\/main"},{"chamber":{"showAs":"Select Committee on Arts, Media, Communications, Culture and Sport","uri":"https:\/\/data.oireachtas.ie\/ie\/oireachtas\/def\/committee"},"date":"2026-05-27","debateSectionId":"dbsect_2","showAs":"Media Regulation Bill 2026: Committee Stage","uri":"https:\/\/data.oireachtas.ie\/akn\/ie\/debateRecord\/select_committee_on_arts_media_communications_culture_and_sport\/2026-05-27\/debate\/main"},{"chamber":{"showAs":"D\u00e1il \u00c9ireann","uri":"https:\/\/data.oireachtas.ie\/ie\/oireachtas\/def\/house\/dail"},"date":"2026-03-19","debateSectionId":"dbsect_35","showAs":"Media Regulation Bill 2026: Second Stage","uri":"https:\/\/data.oireachtas.ie\/akn\/ie\/debateRecord\/dail\/2026-03-19\/debate\/main"},{"chamber":{"showAs":"D\u00e1il \u00c9ireann","uri":"https:\/\/data.oireachtas.ie\/ie\/oireachtas\/def\/house\/dail"},"date":"2026-03-19","debateSectionId":"dbsect_36","showAs":"Media Regulation Bill 2026: Referral to Select Committee","uri":"https:\/\/data.oireachtas.ie\/akn\/ie\/debateRecord\/dail\/2026-03-19\/debate\/main"}],"events":[{"event":{"chamber":{"chamberCode":"dail","showAs":"D\u00e1il \u00c9ireann","uri":"https:\/\/data.oireachtas.ie\/ie\/oireachtas\/def\/house\/dail"},"dates":[{"date":"2026-02-26"}],"eventURI":"https:\/\/data.oireachtas.ie\/ie\/oireachtas\/def\/bill-event\/published","showAs":"Published","uri":"https:\/\/data.oireachtas.ie\/ie\/oireachtas\/bill\/2026\/19\/published"}}],"lastUpdated":"2026-06-12T14:10:04.730000+00:00","longTitleEn":"<p>Bill entitled an Act to give full effect to Articles 6(2) and 22 of Regulation (EU) 2024\/1083 of the European Parliament and of the Council of 11 April 2024 establishing a common framework for media services in the internal market and amending Directive 2010\/13\/EU (European Media Freedom Act) and, for that purpose, to amend Part 3A of the Competition Act 2002; to give full effect to Article 24 of that Regulation and, for that purpose, to amend section 34 of the Broadcasting Act 2009; to give full effect to Article 25 of that Regulation and, for that purpose, to provide for detailed rules in relation to state advertising; to transfer certain functions conferred on the Minister for Culture, Communications and Sport under Part 3A of the Competition Act 2002 to Coimisi\u00fan na Me\u00e1n; to enable Coimisi\u00fan na Me\u00e1n to require notification of certain mergers or acquisitions involving a media business; to enable certain undertakings to inform Coimisi\u00fan na Me\u00e1n of certain mergers or acquisitions involving a media business; to provide for consequential amendments of the Competition Act 2002; and to provide for related matters.<\/p>","longTitleGa":"<p>Bille d\u00e1 ngairtear Acht do thabhairt l\u00e1n\u00e9ifeacht d\u2019Airteagail 6(2) agus 22 de Rialach\u00e1n (AE) 2024\/1083 \u00f3 Pharlaimint na hEorpa agus \u00f3n gComhairle an 11 Aibre\u00e1n 2024 lena mbuna\u00edtear creat comhchoiteann le haghaidh seirbh\u00eds\u00ed me\u00e1n sa mhargadh inmhe\u00e1nach agus lena leasa\u00edtear Treoir 2010\/13\/AE (An Gn\u00edomh Eorpach um Shaoirse na Me\u00e1n) agus, chun na cr\u00edche sin, do leas\u00fa Chuid 3A den Acht Ioma\u00edochta, 2002; do thabhairt l\u00e1n\u00e9ifeacht d\u2019Airteagal 24 den Rialach\u00e1n sin agus, chun na cr\u00edche sin, do leas\u00fa alt 34 den Acht Craolach\u00e1in, 2009; do thabhairt l\u00e1n\u00e9ifeacht d\u2019Airteagal 25 den Rialach\u00e1n sin agus, chun na cr\u00edche sin, do dh\u00e9anamh socr\u00fa maidir le rialacha mionsonraithe i nd\u00e1il le f\u00f3gra\u00edocht st\u00e1it; d\u2019aistri\u00fa feidhmeanna \u00e1irithe arna dtabhairt don Aire Cult\u00fair, Cumars\u00e1ide agus Sp\u00f3irt faoi Chuid 3A den Acht Ioma\u00edochta, 2002 chuig Coimisi\u00fan na Me\u00e1n; d\u00e1 chumas\u00fa do Choimisi\u00fan na Me\u00e1n a cheangal go dtabharfar f\u00f3gra i dtaobh cumaisc n\u00f3 f\u00e1ltais \u00e1irithe lena mbaineann gn\u00f3 me\u00e1n; d\u00e1 chumas\u00fa do ghn\u00f3thais \u00e1irithe cumaisc n\u00f3 f\u00e1ltais \u00e1irithe lena mbaineann gn\u00f3 me\u00e1n a chur in i\u00fal do Choimisi\u00fan na Me\u00e1n; do dh\u00e9anamh socr\u00fa maidir le leasuithe iarmhartacha ar an Acht Ioma\u00edochta, 2002; agus do dh\u00e9anamh socr\u00fa i dtaobh nithe gaolmhara.<\/p>","method":"Presented","methodURI":"https:\/\/data.oireachtas.ie\/ie\/oireachtas\/def\/bill-method\/presented","mostRecentStage":{"event":{"chamber":{"chamberCode":"seanad","showAs":"Seanad \u00c9ireann","uri":"https:\/\/data.oireachtas.ie\/ie\/oireachtas\/def\/house\/seanad"},"dates":[{"date":"2026-06-10"}],"house":{"chamberCode":"seanad","chamberType":"house","houseCode":"seanad","houseNo":"27","showAs":"27th Seanad","uri":"https:\/\/data.oireachtas.ie\/ie\/oireachtas\/house\/seanad\/27"},"progressStage":6,"showAs":"Second Stage","stageCompleted":true,"stageOutcome":null,"stageURI":"https:\/\/data.oireachtas.ie\/ie\/oireachtas\/def\/bill-stage\/2","uri":"https:\/\/data.oireachtas.ie\/ie\/oireachtas\/bill\/2026\/19\/stage\/seanad\/2"}},"originHouse":{"showAs":"D\u00e1il \u00c9ireann","uri":"https:\/\/data.oireachtas.ie\/ie\/oireachtas\/def\/house\/dail"},"originHouseURI":"https:\/\/data.oireachtas.ie\/ie\/oireachtas\/def\/house\/dail","relatedDocs":[{"relatedDoc":{"date":"2026-03-25","docType":"digest","formats":{"pdf":{"uri":"https:\/\/data.oireachtas.ie\/ie\/oireachtas\/bill\/2026\/19\/eng\/digest\/lrsdigestmediaregulationbill-040326-111558.pdf"},"xml":null},"lang":"eng","showAs":"Bill Digest","uri":"https:\/\/data.oireachtas.ie\/ie\/oireachtas\/bill\/2026\/19\/eng\/digest"}},{"relatedDoc":{"date":"2026-02-26","docType":"memo","formats":{"pdf":{"uri":"https:\/\/data.oireachtas.ie\/ie\/oireachtas\/bill\/2026\/19\/eng\/memo\/b1826d-memo.pdf"},"xml":null},"lang":"eng","showAs":"Explanatory Memorandum","uri":"https:\/\/data.oireachtas.ie\/ie\/oireachtas\/bill\/2026\/19\/eng\/memo"}}],"shortTitleEn":"Media Regulation Bill 2026","shortTitleGa":"An Bille um Rial\u00e1il na Me\u00e1n, 2026","source":"Government","sourceURI":"https:\/\/data.oireachtas.ie\/ie\/oireachtas\/def\/bill-source\/government","sponsors":[{"sponsor":{"isPrimary":true,"as":{"showAs":"Minister for Culture, Communications and Sport","uri":null},"by":{"showAs":null,"uri":null}}}],"stages":[{"event":{"chamber":{"chamberCode":"dail","showAs":"D\u00e1il \u00c9ireann","uri":"https:\/\/data.oireachtas.ie\/ie\/oireachtas\/def\/house\/dail"},"dates":[{"date":"2026-02-26"},{"date":"2026-02-26"}],"house":{"chamberCode":"dail","chamberType":"house","houseCode":"dail","houseNo":"34","showAs":"34th D\u00e1il","uri":"https:\/\/data.oireachtas.ie\/ie\/oireachtas\/house\/dail\/34"},"progressStage":1,"showAs":"First Stage","stageCompleted":true,"stageOutcome":null,"stageURI":"https:\/\/data.oireachtas.ie\/ie\/oireachtas\/def\/bill-stage\/1","uri":"https:\/\/data.oireachtas.ie\/ie\/oireachtas\/bill\/2026\/19\/stage\/dail\/1"}},{"event":{"chamber":{"chamberCode":"dail","showAs":"D\u00e1il \u00c9ireann","uri":"https:\/\/data.oireachtas.ie\/ie\/oireachtas\/def\/house\/dail"},"dates":[{"date":"2026-02-26"}],"house":{"chamberCode":"dail","chamberType":"house","houseCode":"dail","houseNo":"34","showAs":"34th D\u00e1il","uri":"https:\/\/data.oireachtas.ie\/ie\/oireachtas\/house\/dail\/34"},"progressStage":2,"showAs":"Second Stage","stageCompleted":true,"stageOutcome":null,"stageURI":"https:\/\/data.oireachtas.ie\/ie\/oireachtas\/def\/bill-stage\/2","uri":"https:\/\/data.oireachtas.ie\/ie\/oireachtas\/bill\/2026\/19\/stage\/dail\/2"}},{"event":{"chamber":{"chamberCode":"dail","showAs":"D\u00e1il \u00c9ireann","uri":"https:\/\/data.oireachtas.ie\/ie\/oireachtas\/def\/house\/dail"},"dates":[{"date":"2026-03-18"}],"house":{"chamberCode":"dail","chamberType":"house","houseCode":"dail","houseNo":"34","showAs":"34th D\u00e1il","uri":"https:\/\/data.oireachtas.ie\/ie\/oireachtas\/house\/dail\/34"},"progressStage":3,"showAs":"Committee Stage","stageCompleted":true,"stageOutcome":null,"stageURI":"https:\/\/data.oireachtas.ie\/ie\/oireachtas\/def\/bill-stage\/3","uri":"https:\/\/data.oireachtas.ie\/ie\/oireachtas\/bill\/2026\/19\/stage\/dail\/3"}},{"event":{"chamber":{"chamberCode":"dail","showAs":"D\u00e1il \u00c9ireann","uri":"https:\/\/data.oireachtas.ie\/ie\/oireachtas\/def\/house\/dail"},"dates":[{"date":"2026-05-27"}],"house":{"chamberCode":"dail","chamberType":"house","houseCode":"dail","houseNo":"34","showAs":"34th D\u00e1il","uri":"https:\/\/data.oireachtas.ie\/ie\/oireachtas\/house\/dail\/34"},"progressStage":4,"showAs":"Report Stage","stageCompleted":true,"stageOutcome":null,"stageURI":"https:\/\/data.oireachtas.ie\/ie\/oireachtas\/def\/bill-stage\/4","uri":"https:\/\/data.oireachtas.ie\/ie\/oireachtas\/bill\/2026\/19\/stage\/dail\/4"}},{"event":{"chamber":{"chamberCode":"dail","showAs":"D\u00e1il \u00c9ireann","uri":"https:\/\/data.oireachtas.ie\/ie\/oireachtas\/def\/house\/dail"},"dates":[{"date":"2026-06-10"}],"house":{"chamberCode":"dail","chamberType":"house","houseCode":"dail","houseNo":"34","showAs":"34th D\u00e1il","uri":"https:\/\/data.oireachtas.ie\/ie\/oireachtas\/house\/dail\/34"},"progressStage":5,"showAs":"Fifth Stage","stageCompleted":true,"stageOutcome":null,"stageURI":"https:\/\/data.oireachtas.ie\/ie\/oireachtas\/def\/bill-stage\/5","uri":"https:\/\/data.oireachtas.ie\/ie\/oireachtas\/bill\/2026\/19\/stage\/dail\/5"}},{"event":{"chamber":{"chamberCode":"seanad","showAs":"Seanad \u00c9ireann","uri":"https:\/\/data.oireachtas.ie\/ie\/oireachtas\/def\/house\/seanad"},"dates":[{"date":"2026-06-10"}],"house":{"chamberCode":"seanad","chamberType":"house","houseCode":"seanad","houseNo":"27","showAs":"27th Seanad","uri":"https:\/\/data.oireachtas.ie\/ie\/oireachtas\/house\/seanad\/27"},"progressStage":6,"showAs":"Second Stage","stageCompleted":true,"stageOutcome":null,"stageURI":"https:\/\/data.oireachtas.ie\/ie\/oireachtas\/def\/bill-stage\/2","uri":"https:\/\/data.oireachtas.ie\/ie\/oireachtas\/bill\/2026\/19\/stage\/seanad\/2"}}],"status":"Current","statusURI":"https:\/\/data.oireachtas.ie\/ie\/oireachtas\/def\/bill-status\/published","uri":"https:\/\/data.oireachtas.ie\/ie\/oireachtas\/bill\/2026\/19","versions":[{"version":{"lang":"eng","docType":"bill","showAs":"As Initiated","date":"2026-02-26","formats":{"pdf":{"uri":"https:\/\/data.oireachtas.ie\/ie\/oireachtas\/bill\/2026\/19\/eng\/initiated\/b1826d.pdf"},"xml":null},"uri":"https:\/\/data.oireachtas.ie\/ie\/oireachtas\/bill\/2026\/19\/eng\/initiated"}}]},"contextDate":"2026-06-10","billSort":{"actNoSort":null,"actShortTitleEnSort":null,"actShortTitleGaSort":null,"actYearSort":null,"billNoSort":19,"billShortTitleEnSort":"media-regulation-bill-2026","billShortTitleGaSort":"an-bille-um-rialail-na-mean-2026","billYearSort":2026}},{"bill":{"act":null,"amendmentLists":[],"billNo":"18","billType":"Public","billTypeURI":"https:\/\/data.oireachtas.ie\/ie\/oireachtas\/def\/bill-type\/public","billYear":"2026","debates":[{"chamber":{"showAs":"D\u00e1il \u00c9ireann","uri":"https:\/\/data.oireachtas.ie\/ie\/oireachtas\/def\/house\/dail"},"date":"2026-02-19","debateSectionId":"dbsect_35","showAs":"Public Art Mural (Exempted Development) Bill 2026: First Stage","uri":"https:\/\/data.oireachtas.ie\/akn\/ie\/debateRecord\/dail\/2026-02-19\/debate\/main"}],"events":[{"event":{"chamber":{"chamberCode":"dail","showAs":"D\u00e1il \u00c9ireann","uri":"https:\/\/data.oireachtas.ie\/ie\/oireachtas\/def\/house\/dail"},"dates":[{"date":"2026-02-04"},{"date":"2026-02-04"},{"date":"2026-02-19"}],"eventURI":"https:\/\/data.oireachtas.ie\/ie\/oireachtas\/def\/bill-event\/admissibility-for-introduction","showAs":"Admissibility for Introduction","uri":"https:\/\/data.oireachtas.ie\/ie\/oireachtas\/bill\/2026\/18\/admissibility-for-introduction"}}],"lastUpdated":"2026-02-26T11:35:28.510000+00:00","longTitleEn":"<p>Bill entitled an Act to amend Planning and Development Regulations, 2001 (S.I. No. 600 of 2001) to provide for exemptions from planning permission for certain categories of public art murals where such work has artistic or cultural merit, has the permission of the owner of the building or structure on which it is displayed, is not a commercial advertisement and does not conflict with the Equal Status Acts.<\/p>","longTitleGa":"<p>Bille d\u00e1 ngairtear Acht do leas\u00fa na Rialach\u00e1n um Plean\u00e1il agus Forbairt, 2001 (I.R. Uimh. 600 de 2001) chun socr\u00fa a dh\u00e9anamh maidir le d\u00edol\u00faint\u00ed \u00f3 chead plean\u00e1la le haghaidh earn\u00e1lacha \u00e1irithe m\u00farphicti\u00far eala\u00edne poibl\u00ed i gc\u00e1s go mbeidh fi\u00fantas eala\u00edne n\u00f3 cult\u00fair sa saothar sin, go mbeidh cead tugtha ina leith ag \u00fain\u00e9ir an fhoirgnimh n\u00f3 an d\u00e9anmhais ar a mbeidh s\u00e9 \u00e1 chur ar taispe\u00e1int agus nach f\u00f3gr\u00e1n tr\u00e1cht\u00e1la \u00e9 n\u00e1 nach mbeidh s\u00e9 ar neamhr\u00e9ir leis na hAchtanna um St\u00e1das Comhionann.<\/p>","method":"Introduced","methodURI":"https:\/\/data.oireachtas.ie\/ie\/oireachtas\/def\/bill-method\/introduced","mostRecentStage":{"event":{"chamber":{"chamberCode":"dail","showAs":"D\u00e1il \u00c9ireann","uri":"https:\/\/data.oireachtas.ie\/ie\/oireachtas\/def\/house\/dail"},"dates":[{"date":"2026-02-19"}],"house":{"chamberCode":"dail","chamberType":"house","houseCode":"dail","houseNo":"34","showAs":"34th D\u00e1il","uri":"https:\/\/data.oireachtas.ie\/ie\/oireachtas\/house\/dail\/34"},"progressStage":2,"showAs":"Second Stage","stageCompleted":false,"stageOutcome":"Current","stageURI":"https:\/\/data.oireachtas.ie\/ie\/oireachtas\/def\/bill-stage\/2","uri":"https:\/\/data.oireachtas.ie\/ie\/oireachtas\/bill\/2026\/18\/stage\/dail\/2"}},"originHouse":{"showAs":"D\u00e1il \u00c9ireann","uri":"https:\/\/data.oireachtas.ie\/ie\/oireachtas\/def\/house\/dail"},"originHouseURI":"https:\/\/data.oireachtas.ie\/ie\/oireachtas\/def\/house\/dail","relatedDocs":[{"relatedDoc":{"date":"2026-02-19","docType":"memo","formats":{"pdf":{"uri":"https:\/\/data.oireachtas.ie\/ie\/oireachtas\/bill\/2026\/18\/eng\/memo\/b1826d-memo.pdf"},"xml":null},"lang":"eng","showAs":"Explanatory Memorandum","uri":"https:\/\/data.oireachtas.ie\/ie\/oireachtas\/bill\/2026\/18\/eng\/memo"}}],"shortTitleEn":"Public Art Mural (Exempted Development) Bill 2026","shortTitleGa":"An Bille um M\u00farphicti\u00fair Eala\u00edne Poibl\u00ed (Forbairt Dh\u00edolmhaithe), 2026","source":"Private Member","sourceURI":"https:\/\/data.oireachtas.ie\/ie\/oireachtas\/def\/bill-source\/private-member","sponsors":[{"sponsor":{"isPrimary":true,"as":{"showAs":null,"uri":null},"by":{"showAs":"Eoin \u00d3 Broin","uri":"https:\/\/data.oireachtas.ie\/ie\/oireachtas\/member\/id\/Eoin-\u00d3-Broin.D.2016-10-03"}}}],"stages":[{"event":{"chamber":{"chamberCode":"dail","showAs":"D\u00e1il \u00c9ireann","uri":"https:\/\/data.oireachtas.ie\/ie\/oireachtas\/def\/house\/dail"},"dates":[{"date":"2026-02-04"},{"date":"2026-02-04"},{"date":"2026-02-19"},{"date":"2026-02-19"}],"house":{"chamberCode":"dail","chamberType":"house","houseCode":"dail","houseNo":"34","showAs":"34th D\u00e1il","uri":"https:\/\/data.oireachtas.ie\/ie\/oireachtas\/house\/dail\/34"},"progressStage":1,"showAs":"First Stage","stageCompleted":true,"stageOutcome":null,"stageURI":"https:\/\/data.oireachtas.ie\/ie\/oireachtas\/def\/bill-stage\/1","uri":"https:\/\/data.oireachtas.ie\/ie\/oireachtas\/bill\/2026\/18\/stage\/dail\/1"}},{"event":{"chamber":{"chamberCode":"dail","showAs":"D\u00e1il \u00c9ireann","uri":"https:\/\/data.oireachtas.ie\/ie\/oireachtas\/def\/house\/dail"},"dates":[{"date":"2026-02-19"}],"house":{"chamberCode":"dail","chamberType":"house","houseCode":"dail","houseNo":"34","showAs":"34th D\u00e1il","uri":"https:\/\/data.oireachtas.ie\/ie\/oireachtas\/house\/dail\/34"},"progressStage":2,"showAs":"Second Stage","stageCompleted":false,"stageOutcome":"Current","stageURI":"https:\/\/data.oireachtas.ie\/ie\/oireachtas\/def\/bill-stage\/2","uri":"https:\/\/data.oireachtas.ie\/ie\/oireachtas\/bill\/2026\/18\/stage\/dail\/2"}}],"status":"Current","statusURI":"https:\/\/data.oireachtas.ie\/ie\/oireachtas\/def\/bill-status\/published","uri":"https:\/\/data.oireachtas.ie\/ie\/oireachtas\/bill\/2026\/18","versions":[{"version":{"lang":"eng","docType":"bill","showAs":"As Initiated","date":"2026-02-19","formats":{"pdf":{"uri":"https:\/\/data.oireachtas.ie\/ie\/oireachtas\/bill\/2026\/18\/eng\/initiated\/b1826d.pdf"},"xml":null},"uri":"https:\/\/data.oireachtas.ie\/ie\/oireachtas\/bill\/2026\/18\/eng\/initiated"}}]},"contextDate":"2026-02-19","billSort":{"actNoSort":null,"actShortTitleEnSort":null,"actShortTitleGaSort":null,"actYearSort":null,"billNoSort":18,"billShortTitleEnSort":"public-art-mural-exempted-development-bill-2026","billShortTitleGaSort":"an-bille-um-murphictiuir-ealaine-poibli-forbairt-dhiolmhaithe-2026","billYearSort":2026}},{"bill":{"act":null,"amendmentLists":[],"billNo":"17","billType":"Public","billTypeURI":"https:\/\/data.oireachtas.ie\/ie\/oireachtas\/def\/bill-type\/public","billYear":"2026","debates":[{"chamber":{"showAs":"D\u00e1il \u00c9ireann","uri":"https:\/\/data.oireachtas.ie\/ie\/oireachtas\/def\/house\/dail"},"date":"2026-02-19","debateSectionId":"dbsect_34","showAs":"Universal Access to Social Housing (Abolition of Income Limits) Bill 2026: First Stage","uri":"https:\/\/data.oireachtas.ie\/akn\/ie\/debateRecord\/dail\/2026-02-19\/debate\/main"}],"events":[{"event":{"chamber":{"chamberCode":"dail","showAs":"D\u00e1il \u00c9ireann","uri":"https:\/\/data.oireachtas.ie\/ie\/oireachtas\/def\/house\/dail"},"dates":[{"date":"2026-02-03"},{"date":"2026-02-05"},{"date":"2026-02-19"}],"eventURI":"https:\/\/data.oireachtas.ie\/ie\/oireachtas\/def\/bill-event\/admissibility-for-introduction","showAs":"Admissibility for Introduction","uri":"https:\/\/data.oireachtas.ie\/ie\/oireachtas\/bill\/2026\/17\/admissibility-for-introduction"}}],"lastUpdated":"2026-02-20T08:54:17.160000+00:00","longTitleEn":"<p>Bill entitled an Act to amend the&nbsp;Housing (Miscellaneous Provisions) Act 2009 to provide for universal access to social housing by abolishing income-related criteria.&nbsp;<\/p>","longTitleGa":"<p>Bille d\u00e1 ngairtear Acht do leas\u00fa Acht na dTithe (For\u00e1lacha Ilghn\u00e9itheacha), 2009 chun socr\u00fa a dh\u00e9anamh maidir le rochtain uil\u00edoch ar thith\u00edocht sh\u00f3isialta tr\u00ed dheireadh a chur le crit\u00e9ir a bhaineann le hioncam.<\/p>","method":"Introduced","methodURI":"https:\/\/data.oireachtas.ie\/ie\/oireachtas\/def\/bill-method\/introduced","mostRecentStage":{"event":{"chamber":{"chamberCode":"dail","showAs":"D\u00e1il \u00c9ireann","uri":"https:\/\/data.oireachtas.ie\/ie\/oireachtas\/def\/house\/dail"},"dates":[{"date":"2026-02-19"}],"house":{"chamberCode":"dail","chamberType":"house","houseCode":"dail","houseNo":"34","showAs":"34th D\u00e1il","uri":"https:\/\/data.oireachtas.ie\/ie\/oireachtas\/house\/dail\/34"},"progressStage":2,"showAs":"Second Stage","stageCompleted":false,"stageOutcome":"Current","stageURI":"https:\/\/data.oireachtas.ie\/ie\/oireachtas\/def\/bill-stage\/2","uri":"https:\/\/data.oireachtas.ie\/ie\/oireachtas\/bill\/2026\/17\/stage\/dail\/2"}},"originHouse":{"showAs":"D\u00e1il \u00c9ireann","uri":"https:\/\/data.oireachtas.ie\/ie\/oireachtas\/def\/house\/dail"},"originHouseURI":"https:\/\/data.oireachtas.ie\/ie\/oireachtas\/def\/house\/dail","relatedDocs":[{"relatedDoc":{"date":"2026-02-19","docType":"memo","formats":{"pdf":{"uri":"https:\/\/data.oireachtas.ie\/ie\/oireachtas\/bill\/2026\/17\/eng\/memo\/b1726d-memo.pdf"},"xml":null},"lang":"eng","showAs":"Explanatory Memorandum","uri":"https:\/\/data.oireachtas.ie\/ie\/oireachtas\/bill\/2026\/17\/eng\/memo"}}],"shortTitleEn":"Universal Access to Social Housing (Abolition of Income Limits) Bill 2026","shortTitleGa":"An Bille um Rochtain Uil\u00edoch ar Thith\u00edocht Sh\u00f3isialta (Deireadh a Chur le Teorainneacha Ioncaim), 2026","source":"Private Member","sourceURI":"https:\/\/data.oireachtas.ie\/ie\/oireachtas\/def\/bill-source\/private-member","sponsors":[{"sponsor":{"isPrimary":true,"as":{"showAs":null,"uri":null},"by":{"showAs":"Paul Murphy","uri":"https:\/\/data.oireachtas.ie\/ie\/oireachtas\/member\/id\/Paul-Murphy.D.2014-10-10"}}},{"sponsor":{"isPrimary":false,"as":{"showAs":null,"uri":null},"by":{"showAs":"Ruth Coppinger","uri":"https:\/\/data.oireachtas.ie\/ie\/oireachtas\/member\/id\/Ruth-Coppinger.D.2014-05-23"}}},{"sponsor":{"isPrimary":false,"as":{"showAs":null,"uri":null},"by":{"showAs":"Richard Boyd Barrett","uri":"https:\/\/data.oireachtas.ie\/ie\/oireachtas\/member\/id\/Richard-Boyd-Barrett.D.2011-03-09"}}}],"stages":[{"event":{"chamber":{"chamberCode":"dail","showAs":"D\u00e1il \u00c9ireann","uri":"https:\/\/data.oireachtas.ie\/ie\/oireachtas\/def\/house\/dail"},"dates":[{"date":"2026-02-03"},{"date":"2026-02-05"},{"date":"2026-02-19"},{"date":"2026-02-19"}],"house":{"chamberCode":"dail","chamberType":"house","houseCode":"dail","houseNo":"34","showAs":"34th D\u00e1il","uri":"https:\/\/data.oireachtas.ie\/ie\/oireachtas\/house\/dail\/34"},"progressStage":1,"showAs":"First Stage","stageCompleted":true,"stageOutcome":null,"stageURI":"https:\/\/data.oireachtas.ie\/ie\/oireachtas\/def\/bill-stage\/1","uri":"https:\/\/data.oireachtas.ie\/ie\/oireachtas\/bill\/2026\/17\/stage\/dail\/1"}},{"event":{"chamber":{"chamberCode":"dail","showAs":"D\u00e1il \u00c9ireann","uri":"https:\/\/data.oireachtas.ie\/ie\/oireachtas\/def\/house\/dail"},"dates":[{"date":"2026-02-19"}],"house":{"chamberCode":"dail","chamberType":"house","houseCode":"dail","houseNo":"34","showAs":"34th D\u00e1il","uri":"https:\/\/data.oireachtas.ie\/ie\/oireachtas\/house\/dail\/34"},"progressStage":2,"showAs":"Second Stage","stageCompleted":false,"stageOutcome":"Current","stageURI":"https:\/\/data.oireachtas.ie\/ie\/oireachtas\/def\/bill-stage\/2","uri":"https:\/\/data.oireachtas.ie\/ie\/oireachtas\/bill\/2026\/17\/stage\/dail\/2"}}],"status":"Current","statusURI":"https:\/\/data.oireachtas.ie\/ie\/oireachtas\/def\/bill-status\/published","uri":"https:\/\/data.oireachtas.ie\/ie\/oireachtas\/bill\/2026\/17","versions":[{"version":{"lang":"eng","docType":"bill","showAs":"As Initiated","date":"2026-02-19","formats":{"pdf":{"uri":"https:\/\/data.oireachtas.ie\/ie\/oireachtas\/bill\/2026\/17\/eng\/initiated\/b1726d.pdf"},"xml":null},"uri":"https:\/\/data.oireachtas.ie\/ie\/oireachtas\/bill\/2026\/17\/eng\/initiated"}}]},"contextDate":"2026-02-19","billSort":{"actNoSort":null,"actShortTitleEnSort":null,"actShortTitleGaSort":null,"actYearSort":null,"billNoSort":17,"billShortTitleEnSort":"universal-access-to-social-housing-abolition-of-income-limits-bill-2026","billShortTitleGaSort":"an-bille-um-rochtain-uilioch-ar-thithiocht-shoisialta-deireadh-a-chur-le-teorainneacha-ioncaim-2026","billYearSort":2026}},{"bill":{"act":null,"amendmentLists":[],"billNo":"16","billType":"Public","billTypeURI":"https:\/\/data.oireachtas.ie\/ie\/oireachtas\/def\/bill-type\/public","billYear":"2026","debates":[{"chamber":{"showAs":"D\u00e1il \u00c9ireann","uri":"https:\/\/data.oireachtas.ie\/ie\/oireachtas\/def\/house\/dail"},"date":"2026-02-12","debateSectionId":"dbsect_34","showAs":"Social Housing Passport Bill 2026: First Stage","uri":"https:\/\/data.oireachtas.ie\/akn\/ie\/debateRecord\/dail\/2026-02-12\/debate\/main"}],"events":[{"event":{"chamber":{"chamberCode":"dail","showAs":"D\u00e1il \u00c9ireann","uri":"https:\/\/data.oireachtas.ie\/ie\/oireachtas\/def\/house\/dail"},"dates":[{"date":"2026-01-27"},{"date":"2026-02-12"}],"eventURI":"https:\/\/data.oireachtas.ie\/ie\/oireachtas\/def\/bill-event\/approved-for-initiation","showAs":"Approved for Initiation","uri":"https:\/\/data.oireachtas.ie\/ie\/oireachtas\/bill\/2026\/16\/approved-for-initiation"}}],"lastUpdated":"2026-02-13T10:20:58.510000+00:00","longTitleEn":"<p>Bill entitled an Act to allow the Minister for Housing, Local Government and Heritage to introduce a social housing passport in order to allow households on social housing waiting lists, or in receipt of social housing support, to transfer their social housing file, or their social housing support, to another local authority based on criteria set out in regulations laid down by the Minister.<\/p>","longTitleGa":"<p>Bille d\u00e1 ngairtear Acht d\u00e1 chead\u00fa don Aire Tith\u00edochta, Rialtais \u00c1iti\u00fail agus Oidhreachta pas tith\u00edochta s\u00f3isialta a thabhairt isteach chun a chead\u00fa do theaghlaigh at\u00e1 ar liosta\u00ed feithimh le haghaidh tith\u00edocht sh\u00f3isialta, n\u00f3 a fhaigheann taca\u00edocht do thith\u00edocht sh\u00f3isialta, a gcomhad tith\u00edochta s\u00f3isialta, n\u00f3 an taca\u00edocht a faigheann siad do thith\u00edocht sh\u00f3isialta, a aistri\u00fa chuig \u00dadar\u00e1s \u00c1iti\u00fail eile bunaithe ar chrit\u00e9ir a bheidh leagtha amach i rialach\u00e1in a bheidh leagtha s\u00edos ag an Aire.<\/p>","method":"Introduced","methodURI":"https:\/\/data.oireachtas.ie\/ie\/oireachtas\/def\/bill-method\/introduced","mostRecentStage":{"event":{"chamber":{"chamberCode":"dail","showAs":"D\u00e1il \u00c9ireann","uri":"https:\/\/data.oireachtas.ie\/ie\/oireachtas\/def\/house\/dail"},"dates":[{"date":"2026-02-12"}],"house":{"chamberCode":"dail","chamberType":"house","houseCode":"dail","houseNo":"34","showAs":"34th D\u00e1il","uri":"https:\/\/data.oireachtas.ie\/ie\/oireachtas\/house\/dail\/34"},"progressStage":2,"showAs":"Second Stage","stageCompleted":false,"stageOutcome":"Current","stageURI":"https:\/\/data.oireachtas.ie\/ie\/oireachtas\/def\/bill-stage\/2","uri":"https:\/\/data.oireachtas.ie\/ie\/oireachtas\/bill\/2026\/16\/stage\/dail\/2"}},"originHouse":{"showAs":"D\u00e1il \u00c9ireann","uri":"https:\/\/data.oireachtas.ie\/ie\/oireachtas\/def\/house\/dail"},"originHouseURI":"https:\/\/data.oireachtas.ie\/ie\/oireachtas\/def\/house\/dail","relatedDocs":[{"relatedDoc":{"date":"2026-02-12","docType":"memo","formats":{"pdf":{"uri":"https:\/\/data.oireachtas.ie\/ie\/oireachtas\/bill\/2026\/16\/eng\/memo\/b1626d-memo.pdf"},"xml":null},"lang":"eng","showAs":"Explanatory Memorandum","uri":"https:\/\/data.oireachtas.ie\/ie\/oireachtas\/bill\/2026\/16\/eng\/memo"}}],"shortTitleEn":"Social Housing Passport Bill 2026","shortTitleGa":"An Bille um Pas Tith\u00edochta S\u00f3isialta, 2026","source":"Private Member","sourceURI":"https:\/\/data.oireachtas.ie\/ie\/oireachtas\/def\/bill-source\/private-member","sponsors":[{"sponsor":{"isPrimary":true,"as":{"showAs":null,"uri":null},"by":{"showAs":"Eoin \u00d3 Broin","uri":"https:\/\/data.oireachtas.ie\/ie\/oireachtas\/member\/id\/Eoin-\u00d3-Broin.D.2016-10-03"}}},{"sponsor":{"isPrimary":false,"as":{"showAs":null,"uri":null},"by":{"showAs":"Mark Ward","uri":"https:\/\/data.oireachtas.ie\/ie\/oireachtas\/member\/id\/Mark-Ward.D.2019-11-29"}}},{"sponsor":{"isPrimary":false,"as":{"showAs":null,"uri":null},"by":{"showAs":"Louise O'Reilly","uri":"https:\/\/data.oireachtas.ie\/ie\/oireachtas\/member\/id\/Louise-O'Reilly.D.2016-10-03"}}}],"stages":[{"event":{"chamber":{"chamberCode":"dail","showAs":"D\u00e1il \u00c9ireann","uri":"https:\/\/data.oireachtas.ie\/ie\/oireachtas\/def\/house\/dail"},"dates":[{"date":"2026-01-27"},{"date":"2026-02-12"},{"date":"2026-02-12"}],"house":{"chamberCode":"dail","chamberType":"house","houseCode":"dail","houseNo":"34","showAs":"34th D\u00e1il","uri":"https:\/\/data.oireachtas.ie\/ie\/oireachtas\/house\/dail\/34"},"progressStage":1,"showAs":"First Stage","stageCompleted":true,"stageOutcome":null,"stageURI":"https:\/\/data.oireachtas.ie\/ie\/oireachtas\/def\/bill-stage\/1","uri":"https:\/\/data.oireachtas.ie\/ie\/oireachtas\/bill\/2026\/16\/stage\/dail\/1"}},{"event":{"chamber":{"chamberCode":"dail","showAs":"D\u00e1il \u00c9ireann","uri":"https:\/\/data.oireachtas.ie\/ie\/oireachtas\/def\/house\/dail"},"dates":[{"date":"2026-02-12"}],"house":{"chamberCode":"dail","chamberType":"house","houseCode":"dail","houseNo":"34","showAs":"34th D\u00e1il","uri":"https:\/\/data.oireachtas.ie\/ie\/oireachtas\/house\/dail\/34"},"progressStage":2,"showAs":"Second Stage","stageCompleted":false,"stageOutcome":"Current","stageURI":"https:\/\/data.oireachtas.ie\/ie\/oireachtas\/def\/bill-stage\/2","uri":"https:\/\/data.oireachtas.ie\/ie\/oireachtas\/bill\/2026\/16\/stage\/dail\/2"}}],"status":"Current","statusURI":"https:\/\/data.oireachtas.ie\/ie\/oireachtas\/def\/bill-status\/published","uri":"https:\/\/data.oireachtas.ie\/ie\/oireachtas\/bill\/2026\/16","versions":[{"version":{"lang":"eng","docType":"bill","showAs":"As Initiated","date":"2026-02-12","formats":{"pdf":{"uri":"https:\/\/data.oireachtas.ie\/ie\/oireachtas\/bill\/2026\/16\/eng\/initiated\/b1626d.pdf"},"xml":null},"uri":"https:\/\/data.oireachtas.ie\/ie\/oireachtas\/bill\/2026\/16\/eng\/initiated"}}]},"contextDate":"2026-02-12","billSort":{"actNoSort":null,"actShortTitleEnSort":null,"actShortTitleGaSort":null,"actYearSort":null,"billNoSort":16,"billShortTitleEnSort":"social-housing-passport-bill-2026","billShortTitleGaSort":"an-bille-um-pas-tithiochta-soisialta-2026","billYearSort":2026}},{"bill":{"act":null,"amendmentLists":[],"billNo":"15","billType":"Public","billTypeURI":"https:\/\/data.oireachtas.ie\/ie\/oireachtas\/def\/bill-type\/public","billYear":"2026","debates":[{"chamber":{"showAs":"D\u00e1il \u00c9ireann","uri":"https:\/\/data.oireachtas.ie\/ie\/oireachtas\/def\/house\/dail"},"date":"2026-04-23","debateSectionId":"dbsect_65","showAs":"Education (Medical Emergencies in Schools) Bill 2026: Second Stage","uri":"https:\/\/data.oireachtas.ie\/akn\/ie\/debateRecord\/dail\/2026-04-23\/debate\/main"},{"chamber":{"showAs":"D\u00e1il \u00c9ireann","uri":"https:\/\/data.oireachtas.ie\/ie\/oireachtas\/def\/house\/dail"},"date":"2026-02-11","debateSectionId":"dbsect_12","showAs":"Education (Medical Emergencies in Schools) Bill 2026: First Stage","uri":"https:\/\/data.oireachtas.ie\/akn\/ie\/debateRecord\/dail\/2026-02-11\/debate\/main"}],"events":[{"event":{"chamber":{"chamberCode":"dail","showAs":"D\u00e1il \u00c9ireann","uri":"https:\/\/data.oireachtas.ie\/ie\/oireachtas\/def\/house\/dail"},"dates":[{"date":"2026-01-28"},{"date":"2026-02-05"},{"date":"2026-02-11"}],"eventURI":"https:\/\/data.oireachtas.ie\/ie\/oireachtas\/def\/bill-event\/admissibility-for-introduction","showAs":"Admissibility for Introduction","uri":"https:\/\/data.oireachtas.ie\/ie\/oireachtas\/bill\/2026\/15\/admissibility-for-introduction"}}],"lastUpdated":"2026-04-29T15:39:01.610000+00:00","longTitleEn":"<p>Bill entitled an Act to enable the Minister for Education and Youth, by regulations, to make provision for promoting participation by a greater number of school staff in approved courses of training in first aid for medical emergencies, for a greater number of schools to be listed as organisations whose staff are authorised to administer certain prescription-only medicinal products without a prescription, for the purpose of saving life or reducing severe distress in medical emergencies; and to provide for related matters.<\/p>","longTitleGa":"<p>Bille d\u00e1 ngairtear Acht d\u00e1 chumas\u00fa don Aire Oideachais agus \u00d3ige for\u00e1il a dh\u00e9anamh, le rialach\u00e1in, maidir le l\u00edon n\u00edos m\u00f3 comhalta\u00ed foirne scoileanna a spreagadh chun p\u00e1irt a ghlacadh i gc\u00farsa\u00ed ceadaithe oili\u00fana i ngarchabhair le haghaidh \u00e9igeand\u00e1la\u00ed leighis, agus maidir le l\u00edon n\u00edos m\u00f3 scoileanna a bheith liostaithe mar eagra\u00edochta\u00ed a n-\u00fadara\u00edtear d\u00e1 bhfoireann t\u00e1irg\u00ed \u00edocshl\u00e1inte \u00e1irithe ar oideas a thabhairt gan oideas d\u2019fhonn beatha a tharrth\u00e1il n\u00f3 an\u00f3 tromch\u00faiseach a laghd\u00fa i gc\u00e1s \u00e9igeand\u00e1la\u00ed leighis; agus do dh\u00e9anamh socr\u00fa i dtaobh nithe gaolmhara.<\/p>","method":"Introduced","methodURI":"https:\/\/data.oireachtas.ie\/ie\/oireachtas\/def\/bill-method\/introduced","mostRecentStage":{"event":{"chamber":{"chamberCode":"dail","showAs":"D\u00e1il \u00c9ireann","uri":"https:\/\/data.oireachtas.ie\/ie\/oireachtas\/def\/house\/dail"},"dates":[{"date":"2026-02-11"}],"house":{"chamberCode":"dail","chamberType":"house","houseCode":"dail","houseNo":"34","showAs":"34th D\u00e1il","uri":"https:\/\/data.oireachtas.ie\/ie\/oireachtas\/house\/dail\/34"},"progressStage":2,"showAs":"Second Stage","stageCompleted":true,"stageOutcome":null,"stageURI":"https:\/\/data.oireachtas.ie\/ie\/oireachtas\/def\/bill-stage\/2","uri":"https:\/\/data.oireachtas.ie\/ie\/oireachtas\/bill\/2026\/15\/stage\/dail\/2"}},"originHouse":{"showAs":"D\u00e1il \u00c9ireann","uri":"https:\/\/data.oireachtas.ie\/ie\/oireachtas\/def\/house\/dail"},"originHouseURI":"https:\/\/data.oireachtas.ie\/ie\/oireachtas\/def\/house\/dail","relatedDocs":[{"relatedDoc":{"date":"2026-02-11","docType":"memo","formats":{"pdf":{"uri":"https:\/\/data.oireachtas.ie\/ie\/oireachtas\/bill\/2026\/15\/eng\/memo\/b1526d-memo.pdf"},"xml":null},"lang":"eng","showAs":"Explanatory Memorandum","uri":"https:\/\/data.oireachtas.ie\/ie\/oireachtas\/bill\/2026\/15\/eng\/memo"}}],"shortTitleEn":"Education (Medical Emergencies in Schools) Bill 2026","shortTitleGa":"An Bille Oideachais (\u00c9igeand\u00e1la\u00ed Leighis i Scoileanna), 2026","source":"Private Member","sourceURI":"https:\/\/data.oireachtas.ie\/ie\/oireachtas\/def\/bill-source\/private-member","sponsors":[{"sponsor":{"isPrimary":true,"as":{"showAs":null,"uri":null},"by":{"showAs":"Eoghan Kenny","uri":"https:\/\/data.oireachtas.ie\/ie\/oireachtas\/member\/id\/Eoghan-Kenny.D.2024-11-29"}}}],"stages":[{"event":{"chamber":{"chamberCode":"dail","showAs":"D\u00e1il \u00c9ireann","uri":"https:\/\/data.oireachtas.ie\/ie\/oireachtas\/def\/house\/dail"},"dates":[{"date":"2026-01-28"},{"date":"2026-02-05"},{"date":"2026-02-11"},{"date":"2026-02-11"}],"house":{"chamberCode":"dail","chamberType":"house","houseCode":"dail","houseNo":"34","showAs":"34th D\u00e1il","uri":"https:\/\/data.oireachtas.ie\/ie\/oireachtas\/house\/dail\/34"},"progressStage":1,"showAs":"First Stage","stageCompleted":true,"stageOutcome":null,"stageURI":"https:\/\/data.oireachtas.ie\/ie\/oireachtas\/def\/bill-stage\/1","uri":"https:\/\/data.oireachtas.ie\/ie\/oireachtas\/bill\/2026\/15\/stage\/dail\/1"}},{"event":{"chamber":{"chamberCode":"dail","showAs":"D\u00e1il \u00c9ireann","uri":"https:\/\/data.oireachtas.ie\/ie\/oireachtas\/def\/house\/dail"},"dates":[{"date":"2026-02-11"}],"house":{"chamberCode":"dail","chamberType":"house","houseCode":"dail","houseNo":"34","showAs":"34th D\u00e1il","uri":"https:\/\/data.oireachtas.ie\/ie\/oireachtas\/house\/dail\/34"},"progressStage":2,"showAs":"Second Stage","stageCompleted":true,"stageOutcome":null,"stageURI":"https:\/\/data.oireachtas.ie\/ie\/oireachtas\/def\/bill-stage\/2","uri":"https:\/\/data.oireachtas.ie\/ie\/oireachtas\/bill\/2026\/15\/stage\/dail\/2"}}],"status":"Current","statusURI":"https:\/\/data.oireachtas.ie\/ie\/oireachtas\/def\/bill-status\/published","uri":"https:\/\/data.oireachtas.ie\/ie\/oireachtas\/bill\/2026\/15","versions":[{"version":{"lang":"eng","docType":"bill","showAs":"As Initiated","date":"2026-02-11","formats":{"pdf":{"uri":"https:\/\/data.oireachtas.ie\/ie\/oireachtas\/bill\/2026\/15\/eng\/initiated\/b1526d.pdf"},"xml":null},"uri":"https:\/\/data.oireachtas.ie\/ie\/oireachtas\/bill\/2026\/15\/eng\/initiated"}}]},"contextDate":"2026-02-11","billSort":{"actNoSort":null,"actShortTitleEnSort":null,"actShortTitleGaSort":null,"actYearSort":null,"billNoSort":15,"billShortTitleEnSort":"education-medical-emergencies-in-schools-bill-2026","billShortTitleGaSort":"an-bille-oideachais-eigeandalai-leighis-i-scoileanna-2026","billYearSort":2026}},{"bill":{"act":null,"amendmentLists":[],"billNo":"14","billType":"Public","billTypeURI":"https:\/\/data.oireachtas.ie\/ie\/oireachtas\/def\/bill-type\/public","billYear":"2026","debates":[{"chamber":{"showAs":"D\u00e1il \u00c9ireann","uri":"https:\/\/data.oireachtas.ie\/ie\/oireachtas\/def\/house\/dail"},"date":"2026-02-10","debateSectionId":"dbsect_8","showAs":"Waste Management (Single Household Waste Collection Service) Bill 2026: First Stage","uri":"https:\/\/data.oireachtas.ie\/akn\/ie\/debateRecord\/dail\/2026-02-10\/debate\/main"}],"events":[{"event":{"chamber":{"chamberCode":"dail","showAs":"D\u00e1il \u00c9ireann","uri":"https:\/\/data.oireachtas.ie\/ie\/oireachtas\/def\/house\/dail"},"dates":[{"date":"2026-01-13"},{"date":"2026-02-09"},{"date":"2026-02-10"}],"eventURI":"https:\/\/data.oireachtas.ie\/ie\/oireachtas\/def\/bill-event\/admissibility-for-introduction","showAs":"Admissibility for Introduction","uri":"https:\/\/data.oireachtas.ie\/ie\/oireachtas\/bill\/2026\/14\/admissibility-for-introduction"}}],"lastUpdated":"2026-02-11T10:57:16.650000+00:00","longTitleEn":"<p>Bill entitled an Act to improve the efficiency, competitiveness and sustainability of household waste collection services throughout the functional areas of local authorities; to provide for a scheme for the waiver of household waste collection charges\u00a0on grounds of personal hardship; to enable local authorities to make provision by bye-laws relating to the duty of landlords in respect of the presentation of household waste by their tenants; for these purposes to amend the Waste Management Act 1996; and to provide for related matters.<\/p>","longTitleGa":"<p>Bille d\u00e1 ngairtear Acht d\u2019fheabhs\u00fa \u00e9ifeacht\u00falacht, ioma\u00edochas agus inchothaitheacht seirbh\u00eds\u00ed bailithe dramha\u00edola teaghlaigh ar fud limist\u00e9ir feidhme \u00fadar\u00e1s \u00e1iti\u00fail; do dh\u00e9anamh socr\u00fa maidir le sc\u00e9im chun muirir bailithe dramha\u00edola teaghlaigh a tharscaoileadh ar fhoras cruatan pearsanta; d\u00e1 chumas\u00fa d\u2019\u00fadar\u00e1is \u00e1iti\u00fala socr\u00fa a dh\u00e9anamh le fodhl\u00edthe i nd\u00e1il le dualgas tiarna\u00ed tal\u00fan i leith a gcuid tion\u00f3nta\u00ed do thabhairt dramha\u00edl teaghlaigh i l\u00e1thair; chun na gcr\u00edoch sin do leas\u00fa an Achta um Bainisti\u00fa Dramha\u00edola, 1996; agus do dh\u00e9anamh socr\u00fa i dtaobh nithe gaolmhara.<\/p>","method":"Introduced","methodURI":"https:\/\/data.oireachtas.ie\/ie\/oireachtas\/def\/bill-method\/introduced","mostRecentStage":{"event":{"chamber":{"chamberCode":"dail","showAs":"D\u00e1il \u00c9ireann","uri":"https:\/\/data.oireachtas.ie\/ie\/oireachtas\/def\/house\/dail"},"dates":[{"date":"2026-02-10"}],"house":{"chamberCode":"dail","chamberType":"house","houseCode":"dail","houseNo":"34","showAs":"34th D\u00e1il","uri":"https:\/\/data.oireachtas.ie\/ie\/oireachtas\/house\/dail\/34"},"progressStage":2,"showAs":"Second Stage","stageCompleted":false,"stageOutcome":"Current","stageURI":"https:\/\/data.oireachtas.ie\/ie\/oireachtas\/def\/bill-stage\/2","uri":"https:\/\/data.oireachtas.ie\/ie\/oireachtas\/bill\/2026\/14\/stage\/dail\/2"}},"originHouse":{"showAs":"D\u00e1il \u00c9ireann","uri":"https:\/\/data.oireachtas.ie\/ie\/oireachtas\/def\/house\/dail"},"originHouseURI":"https:\/\/data.oireachtas.ie\/ie\/oireachtas\/def\/house\/dail","relatedDocs":[{"relatedDoc":{"date":"2026-02-10","docType":"memo","formats":{"pdf":{"uri":"https:\/\/data.oireachtas.ie\/ie\/oireachtas\/bill\/2026\/14\/eng\/memo\/b1426d-memo.pdf"},"xml":null},"lang":"eng","showAs":"Explanatory Memorandum","uri":"https:\/\/data.oireachtas.ie\/ie\/oireachtas\/bill\/2026\/14\/eng\/memo"}}],"shortTitleEn":"Waste Management (Single Household Waste Collection Service) Bill 2026","shortTitleGa":"An Bille um Bainisti\u00fa Dramha\u00edola (Seirbh\u00eds Bailithe Dramha\u00edola Teaghlaigh Aonair), 2026","source":"Private Member","sourceURI":"https:\/\/data.oireachtas.ie\/ie\/oireachtas\/def\/bill-source\/private-member","sponsors":[{"sponsor":{"isPrimary":true,"as":{"showAs":null,"uri":null},"by":{"showAs":"Marie Sherlock","uri":"https:\/\/data.oireachtas.ie\/ie\/oireachtas\/member\/id\/Marie-Sherlock.S.2020-03-30"}}}],"stages":[{"event":{"chamber":{"chamberCode":"dail","showAs":"D\u00e1il \u00c9ireann","uri":"https:\/\/data.oireachtas.ie\/ie\/oireachtas\/def\/house\/dail"},"dates":[{"date":"2026-01-13"},{"date":"2026-02-09"},{"date":"2026-02-10"},{"date":"2026-02-10"}],"house":{"chamberCode":"dail","chamberType":"house","houseCode":"dail","houseNo":"34","showAs":"34th D\u00e1il","uri":"https:\/\/data.oireachtas.ie\/ie\/oireachtas\/house\/dail\/34"},"progressStage":1,"showAs":"First Stage","stageCompleted":true,"stageOutcome":null,"stageURI":"https:\/\/data.oireachtas.ie\/ie\/oireachtas\/def\/bill-stage\/1","uri":"https:\/\/data.oireachtas.ie\/ie\/oireachtas\/bill\/2026\/14\/stage\/dail\/1"}},{"event":{"chamber":{"chamberCode":"dail","showAs":"D\u00e1il \u00c9ireann","uri":"https:\/\/data.oireachtas.ie\/ie\/oireachtas\/def\/house\/dail"},"dates":[{"date":"2026-02-10"}],"house":{"chamberCode":"dail","chamberType":"house","houseCode":"dail","houseNo":"34","showAs":"34th D\u00e1il","uri":"https:\/\/data.oireachtas.ie\/ie\/oireachtas\/house\/dail\/34"},"progressStage":2,"showAs":"Second Stage","stageCompleted":false,"stageOutcome":"Current","stageURI":"https:\/\/data.oireachtas.ie\/ie\/oireachtas\/def\/bill-stage\/2","uri":"https:\/\/data.oireachtas.ie\/ie\/oireachtas\/bill\/2026\/14\/stage\/dail\/2"}}],"status":"Current","statusURI":"https:\/\/data.oireachtas.ie\/ie\/oireachtas\/def\/bill-status\/published","uri":"https:\/\/data.oireachtas.ie\/ie\/oireachtas\/bill\/2026\/14","versions":[{"version":{"lang":"eng","docType":"bill","showAs":"As Initiated","date":"2026-02-10","formats":{"pdf":{"uri":"https:\/\/data.oireachtas.ie\/ie\/oireachtas\/bill\/2026\/14\/eng\/initiated\/b1426d.pdf"},"xml":null},"uri":"https:\/\/data.oireachtas.ie\/ie\/oireachtas\/bill\/2026\/14\/eng\/initiated"}}]},"contextDate":"2026-02-10","billSort":{"actNoSort":null,"actShortTitleEnSort":null,"actShortTitleGaSort":null,"actYearSort":null,"billNoSort":14,"billShortTitleEnSort":"waste-management-single-household-waste-collection-service-bill-2026","billShortTitleGaSort":"an-bille-um-bainistiu-dramhaiola-seirbhis-bailithe-dramhaiola-teaghlaigh-aonair-2026","billYearSort":2026}},{"bill":{"act":null,"amendmentLists":[],"billNo":"13","billType":"Public","billTypeURI":"https:\/\/data.oireachtas.ie\/ie\/oireachtas\/def\/bill-type\/public","billYear":"2026","debates":[{"chamber":{"showAs":"D\u00e1il \u00c9ireann","uri":"https:\/\/data.oireachtas.ie\/ie\/oireachtas\/def\/house\/dail"},"date":"2026-02-04","debateSectionId":"dbsect_12","showAs":"Harassment, Harmful Communications and Related Offences (Amendment) (No. 2) Bill 2026: First Stage","uri":"https:\/\/data.oireachtas.ie\/akn\/ie\/debateRecord\/dail\/2026-02-04\/debate\/main"}],"events":[{"event":{"chamber":{"chamberCode":"dail","showAs":"D\u00e1il \u00c9ireann","uri":"https:\/\/data.oireachtas.ie\/ie\/oireachtas\/def\/house\/dail"},"dates":[{"date":"2026-01-23"},{"date":"2026-01-23"},{"date":"2026-02-04"}],"eventURI":"https:\/\/data.oireachtas.ie\/ie\/oireachtas\/def\/bill-event\/admissibility-for-introduction","showAs":"Admissibility for Introduction","uri":"https:\/\/data.oireachtas.ie\/ie\/oireachtas\/bill\/2026\/13\/admissibility-for-introduction"}}],"lastUpdated":"2026-02-05T10:34:42.200000+00:00","longTitleEn":"<p>Bill entitled an Act to amend\u00a0the law relating to the recording, distribution or publication of intimate images so as to extend its provisions to images that are generated or modified by computer-graphics;<span style=\"color:red;\">\u00a0<\/span>for that purpose to amend the Harassment, Harmful Communications and Related Offences Act 2020; and to provide for related matters.<\/p>","longTitleGa":"<p>Bille d\u00e1 ngairtear Acht do leas\u00fa an dl\u00ed a bhaineann le h\u00edomh\u00e1nna dl\u00fathphearsanta a thaifeadadh, a dh\u00e1ileadh n\u00f3 a fhoilsi\u00fa d\u2019fhonn for\u00e1lacha an dl\u00ed a leathn\u00fa chun go mbeidh feidhm acu maidir le h\u00edomh\u00e1nna arna ngini\u00faint n\u00f3 arna modhn\u00fa le graific\u00ed r\u00edomhaire; chun na cr\u00edche sin, do leas\u00fa an Achta um Chiapadh, Cumars\u00e1id Dhochrach agus Cionta Gaolmhara, 2020; agus do dh\u00e9anamh socr\u00fa i dtaobh nithe gaolmhara.<\/p>","method":"Introduced","methodURI":"https:\/\/data.oireachtas.ie\/ie\/oireachtas\/def\/bill-method\/introduced","mostRecentStage":{"event":{"chamber":{"chamberCode":"dail","showAs":"D\u00e1il \u00c9ireann","uri":"https:\/\/data.oireachtas.ie\/ie\/oireachtas\/def\/house\/dail"},"dates":[{"date":"2026-02-04"}],"house":{"chamberCode":"dail","chamberType":"house","houseCode":"dail","houseNo":"34","showAs":"34th D\u00e1il","uri":"https:\/\/data.oireachtas.ie\/ie\/oireachtas\/house\/dail\/34"},"progressStage":2,"showAs":"Second Stage","stageCompleted":false,"stageOutcome":"Current","stageURI":"https:\/\/data.oireachtas.ie\/ie\/oireachtas\/def\/bill-stage\/2","uri":"https:\/\/data.oireachtas.ie\/ie\/oireachtas\/bill\/2026\/13\/stage\/dail\/2"}},"originHouse":{"showAs":"D\u00e1il \u00c9ireann","uri":"https:\/\/data.oireachtas.ie\/ie\/oireachtas\/def\/house\/dail"},"originHouseURI":"https:\/\/data.oireachtas.ie\/ie\/oireachtas\/def\/house\/dail","relatedDocs":[{"relatedDoc":{"date":"2026-02-04","docType":"memo","formats":{"pdf":{"uri":"https:\/\/data.oireachtas.ie\/ie\/oireachtas\/bill\/2026\/13\/eng\/memo\/b1326d-memo.pdf"},"xml":null},"lang":"eng","showAs":"Explanatory Memorandum","uri":"https:\/\/data.oireachtas.ie\/ie\/oireachtas\/bill\/2026\/13\/eng\/memo"}}],"shortTitleEn":"Harassment, Harmful Communications and Related Offences (Amendment) (No. 2) Bill 2026\n","shortTitleGa":"An Bille um Chiapadh, Cumars\u00e1id Dhochrach agus Cionta Gaolmhara (Leas\u00fa) (Uimh. 2), 2026","source":"Private Member","sourceURI":"https:\/\/data.oireachtas.ie\/ie\/oireachtas\/def\/bill-source\/private-member","sponsors":[{"sponsor":{"as":{"showAs":null,"uri":null},"by":{"showAs":"Alan Kelly","uri":"https:\/\/data.oireachtas.ie\/ie\/oireachtas\/member\/id\/Alan-Kelly.S.2007-07-23"},"isPrimary":true}}],"stages":[{"event":{"chamber":{"chamberCode":"dail","showAs":"D\u00e1il \u00c9ireann","uri":"https:\/\/data.oireachtas.ie\/ie\/oireachtas\/def\/house\/dail"},"dates":[{"date":"2026-01-23"},{"date":"2026-01-23"},{"date":"2026-02-04"},{"date":"2026-02-04"}],"house":{"chamberCode":"dail","chamberType":"house","houseCode":"dail","houseNo":"34","showAs":"34th D\u00e1il","uri":"https:\/\/data.oireachtas.ie\/ie\/oireachtas\/house\/dail\/34"},"progressStage":1,"showAs":"First Stage","stageCompleted":true,"stageOutcome":null,"stageURI":"https:\/\/data.oireachtas.ie\/ie\/oireachtas\/def\/bill-stage\/1","uri":"https:\/\/data.oireachtas.ie\/ie\/oireachtas\/bill\/2026\/13\/stage\/dail\/1"}},{"event":{"chamber":{"chamberCode":"dail","showAs":"D\u00e1il \u00c9ireann","uri":"https:\/\/data.oireachtas.ie\/ie\/oireachtas\/def\/house\/dail"},"dates":[{"date":"2026-02-04"}],"house":{"chamberCode":"dail","chamberType":"house","houseCode":"dail","houseNo":"34","showAs":"34th D\u00e1il","uri":"https:\/\/data.oireachtas.ie\/ie\/oireachtas\/house\/dail\/34"},"progressStage":2,"showAs":"Second Stage","stageCompleted":false,"stageOutcome":"Current","stageURI":"https:\/\/data.oireachtas.ie\/ie\/oireachtas\/def\/bill-stage\/2","uri":"https:\/\/data.oireachtas.ie\/ie\/oireachtas\/bill\/2026\/13\/stage\/dail\/2"}}],"status":"Current","statusURI":"https:\/\/data.oireachtas.ie\/ie\/oireachtas\/def\/bill-status\/published","uri":"https:\/\/data.oireachtas.ie\/ie\/oireachtas\/bill\/2026\/13","versions":[{"version":{"date":"2026-02-04","docType":"bill","formats":{"pdf":{"uri":"https:\/\/data.oireachtas.ie\/ie\/oireachtas\/bill\/2026\/13\/eng\/initiated\/b1326d.pdf"},"xml":null},"lang":"eng","showAs":"As Initiated","uri":"https:\/\/data.oireachtas.ie\/ie\/oireachtas\/bill\/2026\/13\/eng\/initiated"}}]},"billSort":{"actNoSort":null,"actShortTitleEnSort":null,"actShortTitleGaSort":null,"actYearSort":null,"billNoSort":13,"billShortTitleEnSort":"harassment-harmful-communications-and-related-offences-amendment-no-2-bill-2026","billShortTitleGaSort":"an-bille-um-chiapadh-cumarsaid-dhochrach-agus-cionta-gaolmhara-leasu-uimh-2-2026","billYearSort":2026},"contextDate":"2026-02-04"},{"bill":{"act":null,"amendmentLists":[],"billNo":"12","billType":"Public","billTypeURI":"https:\/\/data.oireachtas.ie\/ie\/oireachtas\/def\/bill-type\/public","billYear":"2026","debates":[{"chamber":{"showAs":"D\u00e1il \u00c9ireann","uri":"https:\/\/data.oireachtas.ie\/ie\/oireachtas\/def\/house\/dail"},"date":"2026-05-07","debateSectionId":"dbsect_32","showAs":"Work Life Balance Bill 2026: First Stage","uri":"https:\/\/data.oireachtas.ie\/akn\/ie\/debateRecord\/dail\/2026-05-07\/debate\/main"},{"chamber":{"showAs":"D\u00e1il \u00c9ireann","uri":"https:\/\/data.oireachtas.ie\/ie\/oireachtas\/def\/house\/dail"},"date":"2026-02-18","debateSectionId":"dbsect_71","showAs":"Work Life Balance (Right to Remote Work) Bill 2026: Second Stage (Resumed) [Private Members]","uri":"https:\/\/data.oireachtas.ie\/akn\/ie\/debateRecord\/dail\/2026-02-18\/debate\/main"},{"chamber":{"showAs":"D\u00e1il \u00c9ireann","uri":"https:\/\/data.oireachtas.ie\/ie\/oireachtas\/def\/house\/dail"},"date":"2026-02-18","debateSectionId":"dbsect_9","showAs":"Work Life Balance (Right to Remote Work) Bill 2026: Second Stage [Private Members]","uri":"https:\/\/data.oireachtas.ie\/akn\/ie\/debateRecord\/dail\/2026-02-18\/debate\/main"},{"chamber":{"showAs":"D\u00e1il \u00c9ireann","uri":"https:\/\/data.oireachtas.ie\/ie\/oireachtas\/def\/house\/dail"},"date":"2026-02-04","debateSectionId":"dbsect_11","showAs":"Work Life Balance (Right to Remote Work) Bill 2026: First Stage","uri":"https:\/\/data.oireachtas.ie\/akn\/ie\/debateRecord\/dail\/2026-02-04\/debate\/main"}],"events":[{"event":{"chamber":{"chamberCode":"dail","showAs":"D\u00e1il \u00c9ireann","uri":"https:\/\/data.oireachtas.ie\/ie\/oireachtas\/def\/house\/dail"},"dates":[{"date":"2026-01-16"},{"date":"2026-02-03"},{"date":"2026-02-04"}],"eventURI":"https:\/\/data.oireachtas.ie\/ie\/oireachtas\/def\/bill-event\/admissibility-for-introduction","showAs":"Admissibility for Introduction","uri":"https:\/\/data.oireachtas.ie\/ie\/oireachtas\/bill\/2026\/12\/admissibility-for-introduction"}}],"lastUpdated":"2026-02-05T10:26:43.350000+00:00","longTitleEn":"<p>Bill entitled an Act to provide for an entitlement of an employee to remote working arrangements where reasonably practicable, for this purpose to amend the Work Life Balance and Miscellaneous Provisions Act 2023, and to provide for related matters.<\/p>","longTitleGa":"<p>Bille d\u00e1 ngairtear Acht do dh\u00e9anamh socr\u00fa maidir le teidl\u00edocht a bheith ag fosta\u00ed chun socruithe cianoibre i gc\u00e1s gurb ind\u00e9anta sin le r\u00e9as\u00fan, chun na cr\u00edche sin do leas\u00fa an Achta um Chothroma\u00edocht Oibre agus Saoil agus For\u00e1lacha Ilghn\u00e9itheacha, 2023, agus do dh\u00e9anamh socr\u00fa i dtaobh nithe gaolmhara.<\/p>","method":"Introduced","methodURI":"https:\/\/data.oireachtas.ie\/ie\/oireachtas\/def\/bill-method\/introduced","mostRecentStage":{"event":{"chamber":{"chamberCode":"dail","showAs":"D\u00e1il \u00c9ireann","uri":"https:\/\/data.oireachtas.ie\/ie\/oireachtas\/def\/house\/dail"},"dates":[{"date":"2026-02-04"}],"house":{"chamberCode":"dail","chamberType":"house","houseCode":"dail","houseNo":"34","showAs":"34th D\u00e1il","uri":"https:\/\/data.oireachtas.ie\/ie\/oireachtas\/house\/dail\/34"},"progressStage":2,"showAs":"Second Stage","stageCompleted":false,"stageOutcome":"Current","stageURI":"https:\/\/data.oireachtas.ie\/ie\/oireachtas\/def\/bill-stage\/2","uri":"https:\/\/data.oireachtas.ie\/ie\/oireachtas\/bill\/2026\/12\/stage\/dail\/2"}},"originHouse":{"showAs":"D\u00e1il \u00c9ireann","uri":"https:\/\/data.oireachtas.ie\/ie\/oireachtas\/def\/house\/dail"},"originHouseURI":"https:\/\/data.oireachtas.ie\/ie\/oireachtas\/def\/house\/dail","relatedDocs":[{"relatedDoc":{"date":"2026-02-04","docType":"memo","formats":{"pdf":{"uri":"https:\/\/data.oireachtas.ie\/ie\/oireachtas\/bill\/2026\/12\/eng\/memo\/b1226d-memo.pdf"},"xml":null},"lang":"eng","showAs":"Explanatory Memorandum","uri":"https:\/\/data.oireachtas.ie\/ie\/oireachtas\/bill\/2026\/12\/eng\/memo"}}],"shortTitleEn":"Work Life Balance (Right to Remote Work) Bill 2026","shortTitleGa":"An Bille um Chothroma\u00edocht Oibre agus Saoil (Ceart Chun Cianoibre), 2026","source":"Private Member","sourceURI":"https:\/\/data.oireachtas.ie\/ie\/oireachtas\/def\/bill-source\/private-member","sponsors":[{"sponsor":{"isPrimary":true,"as":{"showAs":null,"uri":null},"by":{"showAs":"George Lawlor","uri":"https:\/\/data.oireachtas.ie\/ie\/oireachtas\/member\/id\/George-Lawlor.D.2024-11-29"}}}],"stages":[{"event":{"chamber":{"chamberCode":"dail","showAs":"D\u00e1il \u00c9ireann","uri":"https:\/\/data.oireachtas.ie\/ie\/oireachtas\/def\/house\/dail"},"dates":[{"date":"2026-01-16"},{"date":"2026-02-03"},{"date":"2026-02-04"},{"date":"2026-02-04"}],"house":{"chamberCode":"dail","chamberType":"house","houseCode":"dail","houseNo":"34","showAs":"34th D\u00e1il","uri":"https:\/\/data.oireachtas.ie\/ie\/oireachtas\/house\/dail\/34"},"progressStage":1,"showAs":"First Stage","stageCompleted":true,"stageOutcome":null,"stageURI":"https:\/\/data.oireachtas.ie\/ie\/oireachtas\/def\/bill-stage\/1","uri":"https:\/\/data.oireachtas.ie\/ie\/oireachtas\/bill\/2026\/12\/stage\/dail\/1"}},{"event":{"chamber":{"chamberCode":"dail","showAs":"D\u00e1il \u00c9ireann","uri":"https:\/\/data.oireachtas.ie\/ie\/oireachtas\/def\/house\/dail"},"dates":[{"date":"2026-02-04"}],"house":{"chamberCode":"dail","chamberType":"house","houseCode":"dail","houseNo":"34","showAs":"34th D\u00e1il","uri":"https:\/\/data.oireachtas.ie\/ie\/oireachtas\/house\/dail\/34"},"progressStage":2,"showAs":"Second Stage","stageCompleted":false,"stageOutcome":"Current","stageURI":"https:\/\/data.oireachtas.ie\/ie\/oireachtas\/def\/bill-stage\/2","uri":"https:\/\/data.oireachtas.ie\/ie\/oireachtas\/bill\/2026\/12\/stage\/dail\/2"}}],"status":"Current","statusURI":"https:\/\/data.oireachtas.ie\/ie\/oireachtas\/def\/bill-status\/published","uri":"https:\/\/data.oireachtas.ie\/ie\/oireachtas\/bill\/2026\/12","versions":[{"version":{"lang":"eng","docType":"bill","showAs":"As Initiated","date":"2026-02-04","formats":{"pdf":{"uri":"https:\/\/data.oireachtas.ie\/ie\/oireachtas\/bill\/2026\/12\/eng\/initiated\/b1226d.pdf"},"xml":null},"uri":"https:\/\/data.oireachtas.ie\/ie\/oireachtas\/bill\/2026\/12\/eng\/initiated"}}]},"contextDate":"2026-02-04","billSort":{"actNoSort":null,"actShortTitleEnSort":null,"actShortTitleGaSort":null,"actYearSort":null,"billNoSort":12,"billShortTitleEnSort":"work-life-balance-right-to-remote-work-bill-2026","billShortTitleGaSort":"an-bille-um-chothromaiocht-oibre-agus-saoil-ceart-chun-cianoibre-2026","billYearSort":2026}},{"bill":{"act":{"actNo":"3","actYear":"2026","dateSigned":"2026-02-24","longTitleEn":"<p>Act to require the provision of certain information to a tenant and the Residential Tenancies Board on the commencement of a residential tenancy; to oblige tenants to allow access to a dwelling for purposes connected with an intended transfer of the dwelling; to make provision in relation to the setting of rents under residential tenancies; to provide for, and limit, the circumstances in which landlords can terminate certain tenancies of dwellings, including during and at the end of a tenancy of minimum duration; to provide for the frequency with which rent reviews may occur; to require certain information to be included in the residential tenancies register and the published register; to provide for the sharing of certain information by the Residential Tenancies Board with the Minister for Social Protection, the Revenue Commissioners and Sustainable Energy Ireland - the Sustainable Energy Authority of Ireland; to repeal certain provisions of the Residential Tenancies Act 2004; for those purposes to amend that Act; to provide for certain changes in relation to the eligibility for financial contributions under the Civil Law (Miscellaneous Provisions) Act 2022; for those purposes to amend that Act; to amend provision in relation to short term letting constituting material change in use requiring development consent; for that purpose to amend the Planning and Development Act 2000 and the Planning and Development Act 2024; and to provide for related matters.<\/p>","longTitleGa":"<p>Acht d\u00e1 cheangal faisn\u00e9is \u00e1irithe a shol\u00e1thar do thion\u00f3nta agus don Bhord um Thion\u00f3ntachta\u00ed C\u00f3naithe ar thosach tion\u00f3ntachta c\u00f3naithe; do chur oibleag\u00e1id ar thion\u00f3nta\u00ed rochtain ar theaghais a chead\u00fa chun cr\u00edoch a bhaineann le haistri\u00fa beartaithe na teaghaise; do dh\u00e9anamh socr\u00fa i nd\u00e1il le c\u00edosanna a shocr\u00fa faoi thion\u00f3ntachta\u00ed c\u00f3naithe; do dh\u00e9anamh socr\u00fa maidir leis na himthosca, agus do theorann\u00fa na n-imthosca, inar f\u00e9idir le tiarna\u00ed tal\u00fan tion\u00f3ntachta\u00ed \u00e1irithe teaghais\u00ed a fhoirceannadh, lena n-\u00e1ir\u00edtear le linn tion\u00f3ntacht r\u00e9 \u00edosta agus ag deireadh na tion\u00f3ntachta sin; do dh\u00e9anamh socr\u00fa maidir lena mhinice a fh\u00e9adfaidh athbhreithnithe c\u00edosa a bheith ann; d\u00e1 cheangal go nd\u00e9anfar faisn\u00e9is \u00e1irithe a \u00e1ireamh sa chl\u00e1r um thion\u00f3ntachta\u00ed c\u00f3naithe agus sa chl\u00e1r foilsithe; do dh\u00e9anamh socr\u00fa maidir leis an mBord um Thion\u00f3ntachta\u00ed C\u00f3naithe do chomhroinnt faisn\u00e9is \u00e1irithe leis an Aire Coimirce S\u00f3isiala\u00ed, leis na Coimisin\u00e9ir\u00ed Ioncaim agus le Fuinneamh Inmharthana \u00c9ireann - \u00dadar\u00e1s Fuinnimh Inmharthana na h\u00c9ireann; d\u2019aisghairm for\u00e1lacha \u00e1irithe den Acht um Thion\u00f3ntachta\u00ed C\u00f3naithe, 2004; chun na gcr\u00edoch sin, do leas\u00fa an Achta sin; do dh\u00e9anamh socr\u00fa maidir le hathruithe \u00e1irithe i nd\u00e1il le hinch\u00e1ilitheacht le haghaidh rann\u00edoca\u00ed airgeadais faoin Acht um an Dl\u00ed Sibhialta (For\u00e1lacha Ilghn\u00e9itheacha), 2022; chun na gcr\u00edoch sin, do leas\u00fa an Achta sin; do leas\u00fa for\u00e1il i nd\u00e1il le ligean gearrth\u00e9arma arb \u00e9ard \u00ed athr\u00fa \u00e1bhartha ar \u00fas\u00e1id agus lena gceangla\u00edtear toili\u00fa forbartha ina leith; chun na cr\u00edche sin, do leas\u00fa an Achta um Plean\u00e1il agus Forbairt, 2000 agus an Achta um Plean\u00e1il agus Forbairt, 2024; agus do dh\u00e9anamh socr\u00fa i dtaobh nithe gaolmhara.<\/p>","shortTitleEn":"Residential Tenancies (Miscellaneous Provisions) Act 2026","shortTitleGa":"An tAcht um Thion\u00f3ntachta\u00ed C\u00f3naithe (For\u00e1lacha Ilghn\u00e9itheacha), 2026","statutebookURI":"http:\/\/www.irishstatutebook.ie\/eli\/2026\/act\/3","uri":"https:\/\/data.oireachtas.ie\/ie\/oireachtas\/act\/2026\/3"},"amendmentLists":[{"amendmentList":{"amendmentTypeUri":{"uri":"https:\/\/data.oireachtas.ie\/ie\/oireachtas\/def\/amendment-type\/numberedList"},"chamber":{"showAs":"Seanad","uri":"https:\/\/data.oireachtas.ie\/ie\/oireachtas\/def\/seanad"},"date":"2026-02-18","formats":{"pdf":{"uri":"https:\/\/data.oireachtas.ie\/ie\/oireachtas\/bill\/2026\/11\/seanad\/3\/amendment\/numberedList\/eng\/b1126d-scnl.pdf"},"xml":null},"showAs":"Numbered List [Seanad]","stage":{"showAs":"Committee Stage","uri":"https:\/\/data.oireachtas.ie\/ie\/oireachtas\/bill\/2026\/11\/seanad\/3"},"stageNo":"3"}},{"amendmentList":{"amendmentTypeUri":{"uri":"https:\/\/data.oireachtas.ie\/ie\/oireachtas\/def\/amendment-type\/numberedList"},"chamber":{"showAs":"Dail","uri":"https:\/\/data.oireachtas.ie\/ie\/oireachtas\/def\/dail"},"date":"2026-02-10","formats":{"pdf":{"uri":"https:\/\/data.oireachtas.ie\/ie\/oireachtas\/bill\/2026\/11\/dail\/3\/amendment\/numberedList\/eng\/b1126d-dcnl.pdf"},"xml":null},"showAs":"Numbered List [D\u00e1il]","stage":{"showAs":"Committee Stage","uri":"https:\/\/data.oireachtas.ie\/ie\/oireachtas\/bill\/2026\/11\/dail\/3"},"stageNo":"3"}}],"billNo":"11","billType":"Public","billTypeURI":"https:\/\/data.oireachtas.ie\/ie\/oireachtas\/def\/bill-type\/public","billYear":"2026","debates":[{"chamber":{"showAs":"D\u00e1il \u00c9ireann","uri":"https:\/\/data.oireachtas.ie\/ie\/oireachtas\/def\/house\/dail"},"date":"2026-05-06","debateSectionId":"dbsect_11","showAs":"Residential Tenancies (Temporary Prohibition of Termination Notices) Bill 2026: First Stage","uri":"https:\/\/data.oireachtas.ie\/akn\/ie\/debateRecord\/dail\/2026-05-06\/debate\/main"},{"chamber":{"showAs":"Seanad \u00c9ireann","uri":"https:\/\/data.oireachtas.ie\/ie\/oireachtas\/def\/house\/seanad"},"date":"2026-02-19","debateSectionId":"dbsect_10","showAs":"Residential Tenancies (Miscellaneous Provisions) Bill 2026: Committee Stage (Resumed)","uri":"https:\/\/data.oireachtas.ie\/akn\/ie\/debateRecord\/seanad\/2026-02-19\/debate\/main"},{"chamber":{"showAs":"Seanad \u00c9ireann","uri":"https:\/\/data.oireachtas.ie\/ie\/oireachtas\/def\/house\/seanad"},"date":"2026-02-19","debateSectionId":"dbsect_24","showAs":"Residential Tenancies (Miscellaneous Provisions) Bill 2026: Committee Stage (Resumed) and Remaining Stages","uri":"https:\/\/data.oireachtas.ie\/akn\/ie\/debateRecord\/seanad\/2026-02-19\/debate\/main"},{"chamber":{"showAs":"Seanad \u00c9ireann","uri":"https:\/\/data.oireachtas.ie\/ie\/oireachtas\/def\/house\/seanad"},"date":"2026-02-18","debateSectionId":"dbsect_12","showAs":"Residential Tenancies (Miscellaneous Provisions) Bill 2026: Order for Committee Stage","uri":"https:\/\/data.oireachtas.ie\/akn\/ie\/debateRecord\/seanad\/2026-02-18\/debate\/main"},{"chamber":{"showAs":"Seanad \u00c9ireann","uri":"https:\/\/data.oireachtas.ie\/ie\/oireachtas\/def\/house\/seanad"},"date":"2026-02-18","debateSectionId":"dbsect_13","showAs":"Residential Tenancies (Miscellaneous Provisions) Bill 2026: Committee Stage","uri":"https:\/\/data.oireachtas.ie\/akn\/ie\/debateRecord\/seanad\/2026-02-18\/debate\/main"},{"chamber":{"showAs":"Seanad \u00c9ireann","uri":"https:\/\/data.oireachtas.ie\/ie\/oireachtas\/def\/house\/seanad"},"date":"2026-02-12","debateSectionId":"dbsect_12","showAs":"Residential Tenancies (Miscellaneous Provisions) Bill 2026: Second Stage","uri":"https:\/\/data.oireachtas.ie\/akn\/ie\/debateRecord\/seanad\/2026-02-12\/debate\/main"},{"chamber":{"showAs":"D\u00e1il \u00c9ireann","uri":"https:\/\/data.oireachtas.ie\/ie\/oireachtas\/def\/house\/dail"},"date":"2026-02-11","debateSectionId":"dbsect_20","showAs":"Residential Tenancies (Miscellaneous Provisions) Bill 2026: Second Stage (Resumed)","uri":"https:\/\/data.oireachtas.ie\/akn\/ie\/debateRecord\/dail\/2026-02-11\/debate\/main"},{"chamber":{"showAs":"D\u00e1il \u00c9ireann","uri":"https:\/\/data.oireachtas.ie\/ie\/oireachtas\/def\/house\/dail"},"date":"2026-02-11","debateSectionId":"dbsect_25","showAs":"Residential Tenancies (Miscellaneous Provisions) Bill 2026: Committee and Remaining Stages","uri":"https:\/\/data.oireachtas.ie\/akn\/ie\/debateRecord\/dail\/2026-02-11\/debate\/main"},{"chamber":{"showAs":"D\u00e1il \u00c9ireann","uri":"https:\/\/data.oireachtas.ie\/ie\/oireachtas\/def\/house\/dail"},"date":"2026-02-05","debateSectionId":"dbsect_34","showAs":"Residential Tenancies (Miscellaneous Provisions) Bill 2026: Second Stage (Resumed)","uri":"https:\/\/data.oireachtas.ie\/akn\/ie\/debateRecord\/dail\/2026-02-05\/debate\/main"},{"chamber":{"showAs":"D\u00e1il \u00c9ireann","uri":"https:\/\/data.oireachtas.ie\/ie\/oireachtas\/def\/house\/dail"},"date":"2026-02-04","debateSectionId":"dbsect_18","showAs":"Residential Tenancies (Miscellaneous Provisions) Bill 2026: Second Stage","uri":"https:\/\/data.oireachtas.ie\/akn\/ie\/debateRecord\/dail\/2026-02-04\/debate\/main"}],"events":[{"event":{"chamber":{"chamberCode":"dail","showAs":"D\u00e1il \u00c9ireann","uri":"https:\/\/data.oireachtas.ie\/ie\/oireachtas\/def\/house\/dail"},"dates":[{"date":"2026-02-03"},{"date":"2026-02-24"}],"eventURI":"https:\/\/data.oireachtas.ie\/ie\/oireachtas\/def\/bill-event\/published","showAs":"Published","uri":"https:\/\/data.oireachtas.ie\/ie\/oireachtas\/bill\/2026\/11\/published"}},{"event":{"chamber":null,"dates":[{"date":"2026-02-24"}],"eventURI":"https:\/\/data.oireachtas.ie\/ie\/oireachtas\/def\/bill-event\/enacted","showAs":"Enacted","uri":"https:\/\/data.oireachtas.ie\/ie\/oireachtas\/bill\/2026\/11\/enacted"}}],"lastUpdated":"2026-02-27T12:44:57.850000+00:00","longTitleEn":"<p>Bill entitled an Act to require the provision of certain information to a tenant and the Residential Tenancies Board on the commencement of a residential tenancy; to oblige tenants to allow access to a dwelling for purposes connected with an intended transfer of the dwelling; to make provision in relation to the setting of rents under residential tenancies; to provide for, and limit, the circumstances in which landlords can terminate certain tenancies of dwellings, including during and at the end of a tenancy of minimum duration; to provide for the frequency with which rent reviews may occur; to require certain information to be included in the residential tenancies register and the published register; to provide for the sharing of certain information by the Residential Tenancies Board with the Minister for Social Protection, the Revenue Commissioners and Sustainable Energy Ireland - the Sustainable Energy Authority of Ireland; to repeal certain provisions of the Residential Tenancies Act 2004; for those purposes to amend that Act; to provide for certain changes in relation to the eligibility for financial contributions under the Civil Law (Miscellaneous Provisions) Act 2022; for those purposes to amend that Act; to amend provision in relation to short term letting constituting material change in use requiring development consent; for that purpose to amend the Planning and Development Act 2000 and the Planning and Development Act 2024; and to provide for related matters.<\/p>","longTitleGa":"<p>Bille d\u00e1 ngairtear Acht d\u00e1 cheangal faisn\u00e9is \u00e1irithe a shol\u00e1thar do thion\u00f3nta agus don Bhord um Thion\u00f3ntachta\u00ed C\u00f3naithe ar thosach tion\u00f3ntachta c\u00f3naithe; do chur oibleag\u00e1id ar thion\u00f3nta\u00ed rochtain ar theaghais a chead\u00fa chun cr\u00edoch a bhaineann le haistri\u00fa beartaithe na teaghaise; do dh\u00e9anamh socr\u00fa i nd\u00e1il le c\u00edosanna a shocr\u00fa faoi thion\u00f3ntachta\u00ed c\u00f3naithe; do dh\u00e9anamh socr\u00fa maidir leis na himthosca, agus do theorann\u00fa na n-imthosca, inar f\u00e9idir le tiarna\u00ed tal\u00fan tion\u00f3ntachta\u00ed \u00e1irithe teaghais\u00ed a fhoirceannadh, lena n-\u00e1ir\u00edtear le linn tion\u00f3ntacht r\u00e9 \u00edosta agus ag deireadh na tion\u00f3ntachta sin; do dh\u00e9anamh socr\u00fa maidir lena mhinice a fh\u00e9adfaidh athbhreithnithe c\u00edosa a bheith ann; d\u00e1 cheangal go nd\u00e9anfar faisn\u00e9is \u00e1irithe a \u00e1ireamh sa chl\u00e1r um thion\u00f3ntachta\u00ed c\u00f3naithe agus sa chl\u00e1r foilsithe; do dh\u00e9anamh socr\u00fa maidir leis an mBord um Thion\u00f3ntachta\u00ed C\u00f3naithe do chomhroinnt faisn\u00e9is \u00e1irithe leis an Aire Coimirce S\u00f3isiala\u00ed, leis na Coimisin\u00e9ir\u00ed Ioncaim agus le Fuinneamh Inmharthana \u00c9ireann - \u00dadar\u00e1s Fuinnimh Inmharthana na h\u00c9ireann; d\u2019aisghairm for\u00e1lacha \u00e1irithe den Acht um Thion\u00f3ntachta\u00ed C\u00f3naithe, 2004; chun na gcr\u00edoch sin, do leas\u00fa an Achta sin; do dh\u00e9anamh socr\u00fa maidir le hathruithe \u00e1irithe i nd\u00e1il le hinch\u00e1ilitheacht le haghaidh rann\u00edoca\u00ed airgeadais faoin Acht um an Dl\u00ed Sibhialta (For\u00e1lacha Ilghn\u00e9itheacha), 2022; chun na gcr\u00edoch sin, do leas\u00fa an Achta sin; do leas\u00fa for\u00e1il i nd\u00e1il le ligean gearrth\u00e9arma arb \u00e9ard \u00ed athr\u00fa \u00e1bhartha ar \u00fas\u00e1id agus lena gceangla\u00edtear toili\u00fa forbartha ina leith; chun na cr\u00edche sin, do leas\u00fa an Achta um Plean\u00e1il agus Forbairt, 2000 agus an Achta um Plean\u00e1il agus Forbairt, 2024; agus do dh\u00e9anamh socr\u00fa i dtaobh nithe gaolmhara.<\/p>","method":"Presented","methodURI":"https:\/\/data.oireachtas.ie\/ie\/oireachtas\/def\/bill-method\/presented","mostRecentStage":{"event":{"chamber":null,"dates":[{"date":"2026-02-24"}],"house":null,"progressStage":10,"showAs":"Enacted","stageCompleted":true,"stageOutcome":"Enacted","stageURI":"https:\/\/data.oireachtas.ie\/ie\/oireachtas\/def\/bill-stage\/enacted","uri":"https:\/\/data.oireachtas.ie\/ie\/oireachtas\/bill\/2026\/11\/stage\/oireachtas\/enacted"}},"originHouse":{"showAs":"D\u00e1il \u00c9ireann","uri":"https:\/\/data.oireachtas.ie\/ie\/oireachtas\/def\/house\/dail"},"originHouseURI":"https:\/\/data.oireachtas.ie\/ie\/oireachtas\/def\/house\/dail","relatedDocs":[{"relatedDoc":{"date":"2026-02-03","docType":"memo","formats":{"pdf":{"uri":"https:\/\/data.oireachtas.ie\/ie\/oireachtas\/bill\/2026\/11\/eng\/memo\/b1126d-memo.pdf"},"xml":null},"lang":"eng","showAs":"Explanatory Memorandum","uri":"https:\/\/data.oireachtas.ie\/ie\/oireachtas\/bill\/2026\/11\/eng\/memo"}}],"shortTitleEn":"Residential Tenancies (Miscellaneous Provisions) Bill 2026","shortTitleGa":"An Bille um Thion\u00f3ntachta\u00ed C\u00f3naithe (For\u00e1lacha Ilghn\u00e9itheacha), 2026","source":"Government","sourceURI":"https:\/\/data.oireachtas.ie\/ie\/oireachtas\/def\/bill-source\/government","sponsors":[{"sponsor":{"isPrimary":true,"as":{"showAs":"Minister for Housing, Local Government and Heritage","uri":null},"by":{"showAs":null,"uri":null}}}],"stages":[{"event":{"chamber":{"chamberCode":"dail","showAs":"D\u00e1il \u00c9ireann","uri":"https:\/\/data.oireachtas.ie\/ie\/oireachtas\/def\/house\/dail"},"dates":[{"date":"2026-02-03"},{"date":"2026-02-03"}],"house":{"chamberCode":"dail","chamberType":"house","houseCode":"dail","houseNo":"34","showAs":"34th D\u00e1il","uri":"https:\/\/data.oireachtas.ie\/ie\/oireachtas\/house\/dail\/34"},"progressStage":1,"showAs":"First Stage","stageCompleted":true,"stageOutcome":null,"stageURI":"https:\/\/data.oireachtas.ie\/ie\/oireachtas\/def\/bill-stage\/1","uri":"https:\/\/data.oireachtas.ie\/ie\/oireachtas\/bill\/2026\/11\/stage\/dail\/1"}},{"event":{"chamber":{"chamberCode":"dail","showAs":"D\u00e1il \u00c9ireann","uri":"https:\/\/data.oireachtas.ie\/ie\/oireachtas\/def\/house\/dail"},"dates":[{"date":"2026-02-03"},{"date":"2026-02-03"},{"date":"2026-02-03"}],"house":{"chamberCode":"dail","chamberType":"house","houseCode":"dail","houseNo":"34","showAs":"34th D\u00e1il","uri":"https:\/\/data.oireachtas.ie\/ie\/oireachtas\/house\/dail\/34"},"progressStage":2,"showAs":"Second Stage","stageCompleted":true,"stageOutcome":null,"stageURI":"https:\/\/data.oireachtas.ie\/ie\/oireachtas\/def\/bill-stage\/2","uri":"https:\/\/data.oireachtas.ie\/ie\/oireachtas\/bill\/2026\/11\/stage\/dail\/2"}},{"event":{"chamber":{"chamberCode":"dail","showAs":"D\u00e1il \u00c9ireann","uri":"https:\/\/data.oireachtas.ie\/ie\/oireachtas\/def\/house\/dail"},"dates":[{"date":"2026-02-11"}],"house":{"chamberCode":"dail","chamberType":"house","houseCode":"dail","houseNo":"34","showAs":"34th D\u00e1il","uri":"https:\/\/data.oireachtas.ie\/ie\/oireachtas\/house\/dail\/34"},"progressStage":3,"showAs":"Committee Stage","stageCompleted":true,"stageOutcome":null,"stageURI":"https:\/\/data.oireachtas.ie\/ie\/oireachtas\/def\/bill-stage\/3","uri":"https:\/\/data.oireachtas.ie\/ie\/oireachtas\/bill\/2026\/11\/stage\/dail\/3"}},{"event":{"chamber":{"chamberCode":"dail","showAs":"D\u00e1il \u00c9ireann","uri":"https:\/\/data.oireachtas.ie\/ie\/oireachtas\/def\/house\/dail"},"dates":[{"date":"2026-02-11"}],"house":{"chamberCode":"dail","chamberType":"house","houseCode":"dail","houseNo":"34","showAs":"34th D\u00e1il","uri":"https:\/\/data.oireachtas.ie\/ie\/oireachtas\/house\/dail\/34"},"progressStage":4,"showAs":"Report Stage","stageCompleted":true,"stageOutcome":null,"stageURI":"https:\/\/data.oireachtas.ie\/ie\/oireachtas\/def\/bill-stage\/4","uri":"https:\/\/data.oireachtas.ie\/ie\/oireachtas\/bill\/2026\/11\/stage\/dail\/4"}},{"event":{"chamber":{"chamberCode":"dail","showAs":"D\u00e1il \u00c9ireann","uri":"https:\/\/data.oireachtas.ie\/ie\/oireachtas\/def\/house\/dail"},"dates":[{"date":"2026-02-11"}],"house":{"chamberCode":"dail","chamberType":"house","houseCode":"dail","houseNo":"34","showAs":"34th D\u00e1il","uri":"https:\/\/data.oireachtas.ie\/ie\/oireachtas\/house\/dail\/34"},"progressStage":5,"showAs":"Fifth Stage","stageCompleted":true,"stageOutcome":null,"stageURI":"https:\/\/data.oireachtas.ie\/ie\/oireachtas\/def\/bill-stage\/5","uri":"https:\/\/data.oireachtas.ie\/ie\/oireachtas\/bill\/2026\/11\/stage\/dail\/5"}},{"event":{"chamber":{"chamberCode":"seanad","showAs":"Seanad \u00c9ireann","uri":"https:\/\/data.oireachtas.ie\/ie\/oireachtas\/def\/house\/seanad"},"dates":[{"date":"2026-02-12"}],"house":{"chamberCode":"seanad","chamberType":"house","houseCode":"seanad","houseNo":"27","showAs":"27th Seanad","uri":"https:\/\/data.oireachtas.ie\/ie\/oireachtas\/house\/seanad\/27"},"progressStage":6,"showAs":"Second Stage","stageCompleted":true,"stageOutcome":null,"stageURI":"https:\/\/data.oireachtas.ie\/ie\/oireachtas\/def\/bill-stage\/2","uri":"https:\/\/data.oireachtas.ie\/ie\/oireachtas\/bill\/2026\/11\/stage\/seanad\/2"}},{"event":{"chamber":{"chamberCode":"seanad","showAs":"Seanad \u00c9ireann","uri":"https:\/\/data.oireachtas.ie\/ie\/oireachtas\/def\/house\/seanad"},"dates":[{"date":"2026-02-12"}],"house":{"chamberCode":"seanad","chamberType":"house","houseCode":"seanad","houseNo":"27","showAs":"27th Seanad","uri":"https:\/\/data.oireachtas.ie\/ie\/oireachtas\/house\/seanad\/27"},"progressStage":7,"showAs":"Committee Stage","stageCompleted":true,"stageOutcome":null,"stageURI":"https:\/\/data.oireachtas.ie\/ie\/oireachtas\/def\/bill-stage\/3","uri":"https:\/\/data.oireachtas.ie\/ie\/oireachtas\/bill\/2026\/11\/stage\/seanad\/3"}},{"event":{"chamber":{"chamberCode":"seanad","showAs":"Seanad \u00c9ireann","uri":"https:\/\/data.oireachtas.ie\/ie\/oireachtas\/def\/house\/seanad"},"dates":[{"date":"2026-02-19"},{"date":"2026-02-19"}],"house":{"chamberCode":"seanad","chamberType":"house","houseCode":"seanad","houseNo":"27","showAs":"27th Seanad","uri":"https:\/\/data.oireachtas.ie\/ie\/oireachtas\/house\/seanad\/27"},"progressStage":8,"showAs":"Report Stage","stageCompleted":true,"stageOutcome":null,"stageURI":"https:\/\/data.oireachtas.ie\/ie\/oireachtas\/def\/bill-stage\/4","uri":"https:\/\/data.oireachtas.ie\/ie\/oireachtas\/bill\/2026\/11\/stage\/seanad\/4"}},{"event":{"chamber":{"chamberCode":"seanad","showAs":"Seanad \u00c9ireann","uri":"https:\/\/data.oireachtas.ie\/ie\/oireachtas\/def\/house\/seanad"},"dates":[{"date":"2026-02-19"},{"date":"2026-02-19"}],"house":{"chamberCode":"seanad","chamberType":"house","houseCode":"seanad","houseNo":"27","showAs":"27th Seanad","uri":"https:\/\/data.oireachtas.ie\/ie\/oireachtas\/house\/seanad\/27"},"progressStage":9,"showAs":"Fifth Stage","stageCompleted":true,"stageOutcome":null,"stageURI":"https:\/\/data.oireachtas.ie\/ie\/oireachtas\/def\/bill-stage\/5","uri":"https:\/\/data.oireachtas.ie\/ie\/oireachtas\/bill\/2026\/11\/stage\/seanad\/5"}},{"event":{"chamber":null,"dates":[{"date":"2026-02-24"}],"house":null,"progressStage":10,"showAs":"Enacted","stageCompleted":true,"stageOutcome":"Enacted","stageURI":"https:\/\/data.oireachtas.ie\/ie\/oireachtas\/def\/bill-stage\/enacted","uri":"https:\/\/data.oireachtas.ie\/ie\/oireachtas\/bill\/2026\/11\/stage\/oireachtas\/enacted"}}],"status":"Enacted","statusURI":"https:\/\/data.oireachtas.ie\/ie\/oireachtas\/def\/bill-status\/enacted","uri":"https:\/\/data.oireachtas.ie\/ie\/oireachtas\/bill\/2026\/11","versions":[{"version":{"lang":"eng","docType":"act","showAs":"Residential Tenancies (Miscellaneous Provisions) Act 2026","date":"2026-02-24","formats":{"pdf":{"uri":"https:\/\/data.oireachtas.ie\/ie\/oireachtas\/act\/2026\/3\/eng\/enacted\/a0326.pdf"},"xml":null},"uri":"https:\/\/data.oireachtas.ie\/ie\/oireachtas\/act\/2026\/3\/eng\/enacted"}},{"version":{"lang":"eng","docType":"bill","showAs":"As Initiated","date":"2026-02-03","formats":{"pdf":{"uri":"https:\/\/data.oireachtas.ie\/ie\/oireachtas\/bill\/2026\/11\/eng\/initiated\/b1126d.pdf"},"xml":null},"uri":"https:\/\/data.oireachtas.ie\/ie\/oireachtas\/bill\/2026\/11\/eng\/initiated"}}]},"contextDate":"2026-02-24","billSort":{"actNoSort":3,"actShortTitleEnSort":"residential-tenancies-miscellaneous-provisions-act-2026","actShortTitleGaSort":"an-tacht-um-thionontachtai-conaithe-foralacha-ilghneitheacha-2026","actYearSort":2026,"billNoSort":11,"billShortTitleEnSort":"residential-tenancies-miscellaneous-provisions-bill-2026","billShortTitleGaSort":"an-bille-um-thionontachtai-conaithe-foralacha-ilghneitheacha-2026","billYearSort":2026}},{"bill":{"act":null,"amendmentLists":[],"billNo":"10","billType":"Public","billTypeURI":"https:\/\/data.oireachtas.ie\/ie\/oireachtas\/def\/bill-type\/public","billYear":"2026","debates":[{"chamber":{"showAs":"D\u00e1il \u00c9ireann","uri":"https:\/\/data.oireachtas.ie\/ie\/oireachtas\/def\/house\/dail"},"date":"2026-05-07","debateSectionId":"dbsect_33","showAs":"Health (Abolition of Three Day Wait Rule) (Amendment) Bill 2026: First Stage","uri":"https:\/\/data.oireachtas.ie\/akn\/ie\/debateRecord\/dail\/2026-05-07\/debate\/main"},{"chamber":{"showAs":"D\u00e1il \u00c9ireann","uri":"https:\/\/data.oireachtas.ie\/ie\/oireachtas\/def\/house\/dail"},"date":"2026-01-29","debateSectionId":"dbsect_37","showAs":"Health (Regulation of Termination of Pregnancy) Bill 2026: First Stage","uri":"https:\/\/data.oireachtas.ie\/akn\/ie\/debateRecord\/dail\/2026-01-29\/debate\/main"}],"events":[{"event":{"chamber":{"chamberCode":"dail","showAs":"D\u00e1il \u00c9ireann","uri":"https:\/\/data.oireachtas.ie\/ie\/oireachtas\/def\/house\/dail"},"dates":[{"date":"2026-01-29"},{"date":"2026-01-29"}],"eventURI":"https:\/\/data.oireachtas.ie\/ie\/oireachtas\/def\/bill-event\/approved-for-initiation","showAs":"Approved for Initiation","uri":"https:\/\/data.oireachtas.ie\/ie\/oireachtas\/bill\/2026\/10\/approved-for-initiation"}}],"lastUpdated":"2026-01-30T10:35:38.640000+00:00","longTitleEn":"<p>Bill entitled an Act to amend the Health (Regulation of Termination of Pregnancy) Act 2018 to abolish the 3 day waiting period for abortion on request.<\/p>","longTitleGa":"<p>Bille d\u00e1 ngairtear Acht do leas\u00fa an Achta Sl\u00e1inte (Foirceannadh Toirchis a Rial\u00e1il), 2018 chun an tr\u00e9imhse feithimh 3 l\u00e1 le haghaidh ginmhilleadh ar \u00e9 a iarraidh a cheal\u00fa.<\/p>","method":"Introduced","methodURI":"https:\/\/data.oireachtas.ie\/ie\/oireachtas\/def\/bill-method\/introduced","mostRecentStage":{"event":{"chamber":{"chamberCode":"dail","showAs":"D\u00e1il \u00c9ireann","uri":"https:\/\/data.oireachtas.ie\/ie\/oireachtas\/def\/house\/dail"},"dates":[{"date":"2026-01-29"}],"house":{"chamberCode":"dail","chamberType":"house","houseCode":"dail","houseNo":"34","showAs":"34th D\u00e1il","uri":"https:\/\/data.oireachtas.ie\/ie\/oireachtas\/house\/dail\/34"},"progressStage":2,"showAs":"Second Stage","stageCompleted":false,"stageOutcome":"Current","stageURI":"https:\/\/data.oireachtas.ie\/ie\/oireachtas\/def\/bill-stage\/2","uri":"https:\/\/data.oireachtas.ie\/ie\/oireachtas\/bill\/2026\/10\/stage\/dail\/2"}},"originHouse":{"showAs":"D\u00e1il \u00c9ireann","uri":"https:\/\/data.oireachtas.ie\/ie\/oireachtas\/def\/house\/dail"},"originHouseURI":"https:\/\/data.oireachtas.ie\/ie\/oireachtas\/def\/house\/dail","relatedDocs":[{"relatedDoc":{"date":"2026-01-29","docType":"memo","formats":{"pdf":{"uri":"https:\/\/data.oireachtas.ie\/ie\/oireachtas\/bill\/2026\/10\/eng\/memo\/b1026d-memo.pdf"},"xml":null},"lang":"eng","showAs":"Explanatory Memorandum","uri":"https:\/\/data.oireachtas.ie\/ie\/oireachtas\/bill\/2026\/10\/eng\/memo"}}],"shortTitleEn":"Health (Regulation of Termination of Pregnancy) (Amendment) Bill 2026","shortTitleGa":"An Bille Sl\u00e1inte (Foirceannadh Toirchis a Rial\u00e1il) (Leas\u00fa), 2026","source":"Private Member","sourceURI":"https:\/\/data.oireachtas.ie\/ie\/oireachtas\/def\/bill-source\/private-member","sponsors":[{"sponsor":{"isPrimary":true,"as":{"showAs":null,"uri":null},"by":{"showAs":"Ruth Coppinger","uri":"https:\/\/data.oireachtas.ie\/ie\/oireachtas\/member\/id\/Ruth-Coppinger.D.2014-05-23"}}},{"sponsor":{"isPrimary":false,"as":{"showAs":null,"uri":null},"by":{"showAs":"Richard Boyd Barrett","uri":"https:\/\/data.oireachtas.ie\/ie\/oireachtas\/member\/id\/Richard-Boyd-Barrett.D.2011-03-09"}}},{"sponsor":{"isPrimary":false,"as":{"showAs":null,"uri":null},"by":{"showAs":"Paul Murphy","uri":"https:\/\/data.oireachtas.ie\/ie\/oireachtas\/member\/id\/Paul-Murphy.D.2014-10-10"}}}],"stages":[{"event":{"chamber":{"chamberCode":"dail","showAs":"D\u00e1il \u00c9ireann","uri":"https:\/\/data.oireachtas.ie\/ie\/oireachtas\/def\/house\/dail"},"dates":[{"date":"2026-01-29"},{"date":"2026-01-29"},{"date":"2026-01-29"}],"house":{"chamberCode":"dail","chamberType":"house","houseCode":"dail","houseNo":"34","showAs":"34th D\u00e1il","uri":"https:\/\/data.oireachtas.ie\/ie\/oireachtas\/house\/dail\/34"},"progressStage":1,"showAs":"First Stage","stageCompleted":true,"stageOutcome":null,"stageURI":"https:\/\/data.oireachtas.ie\/ie\/oireachtas\/def\/bill-stage\/1","uri":"https:\/\/data.oireachtas.ie\/ie\/oireachtas\/bill\/2026\/10\/stage\/dail\/1"}},{"event":{"chamber":{"chamberCode":"dail","showAs":"D\u00e1il \u00c9ireann","uri":"https:\/\/data.oireachtas.ie\/ie\/oireachtas\/def\/house\/dail"},"dates":[{"date":"2026-01-29"}],"house":{"chamberCode":"dail","chamberType":"house","houseCode":"dail","houseNo":"34","showAs":"34th D\u00e1il","uri":"https:\/\/data.oireachtas.ie\/ie\/oireachtas\/house\/dail\/34"},"progressStage":2,"showAs":"Second Stage","stageCompleted":false,"stageOutcome":"Current","stageURI":"https:\/\/data.oireachtas.ie\/ie\/oireachtas\/def\/bill-stage\/2","uri":"https:\/\/data.oireachtas.ie\/ie\/oireachtas\/bill\/2026\/10\/stage\/dail\/2"}}],"status":"Current","statusURI":"https:\/\/data.oireachtas.ie\/ie\/oireachtas\/def\/bill-status\/published","uri":"https:\/\/data.oireachtas.ie\/ie\/oireachtas\/bill\/2026\/10","versions":[{"version":{"lang":"eng","docType":"bill","showAs":"As Initiated","date":"2026-01-29","formats":{"pdf":{"uri":"https:\/\/data.oireachtas.ie\/ie\/oireachtas\/bill\/2026\/10\/eng\/initiated\/b1026d.pdf"},"xml":null},"uri":"https:\/\/data.oireachtas.ie\/ie\/oireachtas\/bill\/2026\/10\/eng\/initiated"}}]},"contextDate":"2026-01-29","billSort":{"actNoSort":null,"actShortTitleEnSort":null,"actShortTitleGaSort":null,"actYearSort":null,"billNoSort":10,"billShortTitleEnSort":"health-regulation-of-termination-of-pregnancy-amendment-bill-2026","billShortTitleGaSort":"an-bille-slainte-foirceannadh-toirchis-a-rialail-leasu-2026","billYearSort":2026}},{"bill":{"act":null,"amendmentLists":[],"billNo":"9","billType":"Public","billTypeURI":"https:\/\/data.oireachtas.ie\/ie\/oireachtas\/def\/bill-type\/public","billYear":"2026","debates":[{"chamber":{"showAs":"Seanad \u00c9ireann","uri":"https:\/\/data.oireachtas.ie\/ie\/oireachtas\/def\/house\/seanad"},"date":"2026-02-11","debateSectionId":"dbsect_12","showAs":"Maternity Protection (Child Bereavement) (Amendment) Bill 2026: Second Stage","uri":"https:\/\/data.oireachtas.ie\/akn\/ie\/debateRecord\/seanad\/2026-02-11\/debate\/main"},{"chamber":{"showAs":"Seanad \u00c9ireann","uri":"https:\/\/data.oireachtas.ie\/ie\/oireachtas\/def\/house\/seanad"},"date":"2026-01-28","debateSectionId":"dbsect_9","showAs":"Maternity Protection (Child Bereavement) (Amendment) Bill 2026: First Stage","uri":"https:\/\/data.oireachtas.ie\/akn\/ie\/debateRecord\/seanad\/2026-01-28\/debate\/main"}],"events":[{"event":{"chamber":{"chamberCode":"seanad","showAs":"Seanad \u00c9ireann","uri":"https:\/\/data.oireachtas.ie\/ie\/oireachtas\/def\/house\/seanad"},"dates":[{"date":"2026-01-28"}],"eventURI":"https:\/\/data.oireachtas.ie\/ie\/oireachtas\/def\/bill-event\/published","showAs":"Published","uri":"https:\/\/data.oireachtas.ie\/ie\/oireachtas\/bill\/2026\/9\/published"}}],"lastUpdated":"2026-01-29T10:37:05.450000+00:00","longTitleEn":"<p>Bill entitled an Act to amend the Maternity Protection Act 1994 to provide for postponement of maternity leave in the event of the death of a child of a relevant employee, and to provide for related matters.<\/p>","longTitleGa":"<p>Bille d\u00e1 ngairtear Acht do leas\u00fa an Achta um Chosaint Mh\u00e1ithreachais, 1994 chun socr\u00fa a dh\u00e9anamh maidir le saoire mh\u00e1ithreachais a iarchur i gc\u00e1s leanbh le fosta\u00ed iomchu\u00ed d\u2019fh\u00e1il bh\u00e1is; agus do dh\u00e9anamh socr\u00fa i dtaobh nithe gaolmhara.<\/p>","method":"Introduced","methodURI":"https:\/\/data.oireachtas.ie\/ie\/oireachtas\/def\/bill-method\/introduced","mostRecentStage":{"event":{"chamber":{"chamberCode":"seanad","showAs":"Seanad \u00c9ireann","uri":"https:\/\/data.oireachtas.ie\/ie\/oireachtas\/def\/house\/seanad"},"dates":[{"date":"2026-01-28"}],"house":{"chamberCode":"seanad","chamberType":"house","houseCode":"seanad","houseNo":"27","showAs":"27th Seanad","uri":"https:\/\/data.oireachtas.ie\/ie\/oireachtas\/house\/seanad\/27"},"progressStage":2,"showAs":"Second Stage","stageCompleted":false,"stageOutcome":"Current","stageURI":"https:\/\/data.oireachtas.ie\/ie\/oireachtas\/def\/bill-stage\/2","uri":"https:\/\/data.oireachtas.ie\/ie\/oireachtas\/bill\/2026\/9\/stage\/seanad\/2"}},"originHouse":{"showAs":"Seanad \u00c9ireann","uri":"https:\/\/data.oireachtas.ie\/ie\/oireachtas\/def\/house\/seanad"},"originHouseURI":"https:\/\/data.oireachtas.ie\/ie\/oireachtas\/def\/house\/seanad","relatedDocs":[],"shortTitleEn":"Maternity Protection (Child Bereavement) (Amendment) Bill 2026","shortTitleGa":"An Bille um Chosaint Mh\u00e1ithreachais (M\u00e9ala ar Bh\u00e1s Linbh) (Leas\u00fa), 2026","source":"Private Member","sourceURI":"https:\/\/data.oireachtas.ie\/ie\/oireachtas\/def\/bill-source\/private-member","sponsors":[{"sponsor":{"as":{"showAs":null,"uri":null},"by":{"showAs":"Chris Andrews","uri":"https:\/\/data.oireachtas.ie\/ie\/oireachtas\/member\/id\/Chris-Andrews.D.2007-06-14"},"isPrimary":false}},{"sponsor":{"as":{"showAs":null,"uri":null},"by":{"showAs":"Pauline Tully","uri":"https:\/\/data.oireachtas.ie\/ie\/oireachtas\/member\/id\/Pauline-Tully.D.2020-02-08"},"isPrimary":false}},{"sponsor":{"as":{"showAs":null,"uri":null},"by":{"showAs":"Maria McCormack","uri":"https:\/\/data.oireachtas.ie\/ie\/oireachtas\/member\/id\/Maria-McCormack.S.2025-01-29"},"isPrimary":false}},{"sponsor":{"as":{"showAs":null,"uri":null},"by":{"showAs":"Joanne Collins","uri":"https:\/\/data.oireachtas.ie\/ie\/oireachtas\/member\/id\/Joanne-Collins.S.2025-01-29"},"isPrimary":false}},{"sponsor":{"as":{"showAs":null,"uri":null},"by":{"showAs":"Nicole Ryan","uri":"https:\/\/data.oireachtas.ie\/ie\/oireachtas\/member\/id\/Nicole-Ryan.S.2025-01-29"},"isPrimary":true}},{"sponsor":{"as":{"showAs":null,"uri":null},"by":{"showAs":"Conor Murphy","uri":"https:\/\/data.oireachtas.ie\/ie\/oireachtas\/member\/id\/Conor-Murphy.S.2025-01-29"},"isPrimary":false}}],"stages":[{"event":{"chamber":{"chamberCode":"seanad","showAs":"Seanad \u00c9ireann","uri":"https:\/\/data.oireachtas.ie\/ie\/oireachtas\/def\/house\/seanad"},"dates":[{"date":"2026-01-28"},{"date":"2026-01-28"}],"house":{"chamberCode":"seanad","chamberType":"house","houseCode":"seanad","houseNo":"27","showAs":"27th Seanad","uri":"https:\/\/data.oireachtas.ie\/ie\/oireachtas\/house\/seanad\/27"},"progressStage":1,"showAs":"First Stage","stageCompleted":true,"stageOutcome":null,"stageURI":"https:\/\/data.oireachtas.ie\/ie\/oireachtas\/def\/bill-stage\/1","uri":"https:\/\/data.oireachtas.ie\/ie\/oireachtas\/bill\/2026\/9\/stage\/seanad\/1"}},{"event":{"chamber":{"chamberCode":"seanad","showAs":"Seanad \u00c9ireann","uri":"https:\/\/data.oireachtas.ie\/ie\/oireachtas\/def\/house\/seanad"},"dates":[{"date":"2026-01-28"}],"house":{"chamberCode":"seanad","chamberType":"house","houseCode":"seanad","houseNo":"27","showAs":"27th Seanad","uri":"https:\/\/data.oireachtas.ie\/ie\/oireachtas\/house\/seanad\/27"},"progressStage":2,"showAs":"Second Stage","stageCompleted":false,"stageOutcome":"Current","stageURI":"https:\/\/data.oireachtas.ie\/ie\/oireachtas\/def\/bill-stage\/2","uri":"https:\/\/data.oireachtas.ie\/ie\/oireachtas\/bill\/2026\/9\/stage\/seanad\/2"}}],"status":"Current","statusURI":"https:\/\/data.oireachtas.ie\/ie\/oireachtas\/def\/bill-status\/published","uri":"https:\/\/data.oireachtas.ie\/ie\/oireachtas\/bill\/2026\/9","versions":[{"version":{"date":"2026-01-28","docType":"bill","formats":{"pdf":{"uri":"https:\/\/data.oireachtas.ie\/ie\/oireachtas\/bill\/2026\/9\/eng\/initiated\/b0926s.pdf"},"xml":null},"lang":"eng","showAs":"As Initiated","uri":"https:\/\/data.oireachtas.ie\/ie\/oireachtas\/bill\/2026\/9\/eng\/initiated"}}]},"billSort":{"actNoSort":null,"actShortTitleEnSort":null,"actShortTitleGaSort":null,"actYearSort":null,"billNoSort":9,"billShortTitleEnSort":"maternity-protection-child-bereavement-amendment-bill-2026","billShortTitleGaSort":"an-bille-um-chosaint-mhaithreachais-meala-ar-bhas-linbh-leasu-2026","billYearSort":2026},"contextDate":"2026-01-28"},{"bill":{"act":null,"amendmentLists":[],"billNo":"8","billType":"Public","billTypeURI":"https:\/\/data.oireachtas.ie\/ie\/oireachtas\/def\/bill-type\/public","billYear":"2026","debates":[{"chamber":{"showAs":"D\u00e1il \u00c9ireann","uri":"https:\/\/data.oireachtas.ie\/ie\/oireachtas\/def\/house\/dail"},"date":"2026-02-10","debateSectionId":"dbsect_13","showAs":"Harassment, Harmful Communications and Related Offences (Amendment) Bill 2026: Second Stage [Private Members]","uri":"https:\/\/data.oireachtas.ie\/akn\/ie\/debateRecord\/dail\/2026-02-10\/debate\/main"},{"chamber":{"showAs":"D\u00e1il \u00c9ireann","uri":"https:\/\/data.oireachtas.ie\/ie\/oireachtas\/def\/house\/dail"},"date":"2026-02-04","debateSectionId":"dbsect_12","showAs":"Harassment, Harmful Communications and Related Offences (Amendment) (No. 2) Bill 2026: First Stage","uri":"https:\/\/data.oireachtas.ie\/akn\/ie\/debateRecord\/dail\/2026-02-04\/debate\/main"},{"chamber":{"showAs":"D\u00e1il \u00c9ireann","uri":"https:\/\/data.oireachtas.ie\/ie\/oireachtas\/def\/house\/dail"},"date":"2026-01-27","debateSectionId":"dbsect_8","showAs":"Harassment, Harmful Communications and Related Offences (Amendment) Bill 2026: First Stage","uri":"https:\/\/data.oireachtas.ie\/akn\/ie\/debateRecord\/dail\/2026-01-27\/debate\/main"}],"events":[{"event":{"chamber":{"chamberCode":"dail","showAs":"D\u00e1il \u00c9ireann","uri":"https:\/\/data.oireachtas.ie\/ie\/oireachtas\/def\/house\/dail"},"dates":[{"date":"2026-01-23"},{"date":"2026-01-23"},{"date":"2026-01-27"}],"eventURI":"https:\/\/data.oireachtas.ie\/ie\/oireachtas\/def\/bill-event\/admissibility-for-introduction","showAs":"Admissibility for Introduction","uri":"https:\/\/data.oireachtas.ie\/ie\/oireachtas\/bill\/2026\/8\/admissibility-for-introduction"}}],"lastUpdated":"2026-02-24T10:47:51.780000+00:00","longTitleEn":"<p>Bill entitled an Act to amend the Harassment, Harmful Communications and Related Offences Bill 2020 to prohibit the creation of non-consensual intimate or harmful imagery; and to increase the timeframe under which summary proceedings for an offence may be instituted.<\/p>","longTitleGa":"<p>Bille d\u00e1 ngairtear Acht do leas\u00fa an Achta<span style=\"color:red;\">\u00a0<\/span>um Chiapadh, Cumars\u00e1id Dhochrach agus Cionta Gaolmhara, 2020 chun toirmeasc a chur le h\u00edomh\u00e1ineachas neamh-chomhthoili\u00fail dl\u00fathphearsanta n\u00f3 dochrach a chruth\u00fa; agus d\u2019fhad\u00fa an chreata ama ina bhf\u00e9adfar imeachta\u00ed achoimre i leith ciona a thionscnamh.<\/p>","method":"Introduced","methodURI":"https:\/\/data.oireachtas.ie\/ie\/oireachtas\/def\/bill-method\/introduced","mostRecentStage":{"event":{"chamber":{"chamberCode":"dail","showAs":"D\u00e1il \u00c9ireann","uri":"https:\/\/data.oireachtas.ie\/ie\/oireachtas\/def\/house\/dail"},"dates":[{"date":"2026-01-27"}],"house":{"chamberCode":"dail","chamberType":"house","houseCode":"dail","houseNo":"34","showAs":"34th D\u00e1il","uri":"https:\/\/data.oireachtas.ie\/ie\/oireachtas\/house\/dail\/34"},"progressStage":2,"showAs":"Second Stage","stageCompleted":true,"stageOutcome":null,"stageURI":"https:\/\/data.oireachtas.ie\/ie\/oireachtas\/def\/bill-stage\/2","uri":"https:\/\/data.oireachtas.ie\/ie\/oireachtas\/bill\/2026\/8\/stage\/dail\/2"}},"originHouse":{"showAs":"D\u00e1il \u00c9ireann","uri":"https:\/\/data.oireachtas.ie\/ie\/oireachtas\/def\/house\/dail"},"originHouseURI":"https:\/\/data.oireachtas.ie\/ie\/oireachtas\/def\/house\/dail","relatedDocs":[{"relatedDoc":{"date":"2026-01-27","docType":"memo","formats":{"pdf":{"uri":"https:\/\/data.oireachtas.ie\/ie\/oireachtas\/bill\/2026\/8\/eng\/memo\/b0826d-memo.pdf"},"xml":null},"lang":"eng","showAs":"Explanatory Memorandum","uri":"https:\/\/data.oireachtas.ie\/ie\/oireachtas\/bill\/2026\/8\/eng\/memo"}}],"shortTitleEn":"Harassment, Harmful Communications and Related Offences (Amendment) Bill 2026","shortTitleGa":"An Bille um Chiapadh, Cumars\u00e1id Dhochrach agus Cionta Gaolmhara (Leas\u00fa), 2026","source":"Private Member","sourceURI":"https:\/\/data.oireachtas.ie\/ie\/oireachtas\/def\/bill-source\/private-member","sponsors":[{"sponsor":{"isPrimary":true,"as":{"showAs":null,"uri":null},"by":{"showAs":"M\u00e1ire Devine","uri":"https:\/\/data.oireachtas.ie\/ie\/oireachtas\/member\/id\/M\u00e1ire-Devine.S.2016-04-25"}}},{"sponsor":{"isPrimary":false,"as":{"showAs":null,"uri":null},"by":{"showAs":"Matt Carthy","uri":"https:\/\/data.oireachtas.ie\/ie\/oireachtas\/member\/id\/Matt-Carthy.D.2020-02-08"}}}],"stages":[{"event":{"chamber":{"chamberCode":"dail","showAs":"D\u00e1il \u00c9ireann","uri":"https:\/\/data.oireachtas.ie\/ie\/oireachtas\/def\/house\/dail"},"dates":[{"date":"2026-01-23"},{"date":"2026-01-23"},{"date":"2026-01-27"},{"date":"2026-01-27"}],"house":{"chamberCode":"dail","chamberType":"house","houseCode":"dail","houseNo":"34","showAs":"34th D\u00e1il","uri":"https:\/\/data.oireachtas.ie\/ie\/oireachtas\/house\/dail\/34"},"progressStage":1,"showAs":"First Stage","stageCompleted":true,"stageOutcome":null,"stageURI":"https:\/\/data.oireachtas.ie\/ie\/oireachtas\/def\/bill-stage\/1","uri":"https:\/\/data.oireachtas.ie\/ie\/oireachtas\/bill\/2026\/8\/stage\/dail\/1"}},{"event":{"chamber":{"chamberCode":"dail","showAs":"D\u00e1il \u00c9ireann","uri":"https:\/\/data.oireachtas.ie\/ie\/oireachtas\/def\/house\/dail"},"dates":[{"date":"2026-01-27"}],"house":{"chamberCode":"dail","chamberType":"house","houseCode":"dail","houseNo":"34","showAs":"34th D\u00e1il","uri":"https:\/\/data.oireachtas.ie\/ie\/oireachtas\/house\/dail\/34"},"progressStage":2,"showAs":"Second Stage","stageCompleted":true,"stageOutcome":null,"stageURI":"https:\/\/data.oireachtas.ie\/ie\/oireachtas\/def\/bill-stage\/2","uri":"https:\/\/data.oireachtas.ie\/ie\/oireachtas\/bill\/2026\/8\/stage\/dail\/2"}}],"status":"Current","statusURI":"https:\/\/data.oireachtas.ie\/ie\/oireachtas\/def\/bill-status\/published","uri":"https:\/\/data.oireachtas.ie\/ie\/oireachtas\/bill\/2026\/8","versions":[{"version":{"lang":"eng","docType":"bill","showAs":"As Initiated","date":"2026-01-27","formats":{"pdf":{"uri":"https:\/\/data.oireachtas.ie\/ie\/oireachtas\/bill\/2026\/8\/eng\/initiated\/b0826d.pdf"},"xml":null},"uri":"https:\/\/data.oireachtas.ie\/ie\/oireachtas\/bill\/2026\/8\/eng\/initiated"}}]},"contextDate":"2026-01-27","billSort":{"actNoSort":null,"actShortTitleEnSort":null,"actShortTitleGaSort":null,"actYearSort":null,"billNoSort":8,"billShortTitleEnSort":"harassment-harmful-communications-and-related-offences-amendment-bill-2026","billShortTitleGaSort":"an-bille-um-chiapadh-cumarsaid-dhochrach-agus-cionta-gaolmhara-leasu-2026","billYearSort":2026}},{"bill":{"act":null,"amendmentLists":[],"billNo":"7","billType":"Public","billTypeURI":"https:\/\/data.oireachtas.ie\/ie\/oireachtas\/def\/bill-type\/public","billYear":"2026","debates":[{"chamber":{"showAs":"D\u00e1il \u00c9ireann","uri":"https:\/\/data.oireachtas.ie\/ie\/oireachtas\/def\/house\/dail"},"date":"2026-03-04","debateSectionId":"dbsect_10","showAs":"Online Safety (Recommender Algorithms) Bill 2026: Second Stage [Private Members]","uri":"https:\/\/data.oireachtas.ie\/akn\/ie\/debateRecord\/dail\/2026-03-04\/debate\/main"},{"chamber":{"showAs":"D\u00e1il \u00c9ireann","uri":"https:\/\/data.oireachtas.ie\/ie\/oireachtas\/def\/house\/dail"},"date":"2026-03-04","debateSectionId":"dbsect_25","showAs":"Online Safety (Recommender Algorithms) Bill 2026: Second Stage (Resumed) [Private Members]","uri":"https:\/\/data.oireachtas.ie\/akn\/ie\/debateRecord\/dail\/2026-03-04\/debate\/main"},{"chamber":{"showAs":"D\u00e1il \u00c9ireann","uri":"https:\/\/data.oireachtas.ie\/ie\/oireachtas\/def\/house\/dail"},"date":"2026-01-22","debateSectionId":"dbsect_35","showAs":"Online Safety (Recommender Algorithms) Bill 2026: First Stage","uri":"https:\/\/data.oireachtas.ie\/akn\/ie\/debateRecord\/dail\/2026-01-22\/debate\/main"}],"events":[{"event":{"chamber":{"chamberCode":"dail","showAs":"D\u00e1il \u00c9ireann","uri":"https:\/\/data.oireachtas.ie\/ie\/oireachtas\/def\/house\/dail"},"dates":[{"date":"2025-05-30"},{"date":"2026-01-22"},{"date":"2026-01-22"}],"eventURI":"https:\/\/data.oireachtas.ie\/ie\/oireachtas\/def\/bill-event\/admissibility-for-introduction","showAs":"Admissibility for Introduction","uri":"https:\/\/data.oireachtas.ie\/ie\/oireachtas\/bill\/2026\/7\/admissibility-for-introduction"}}],"lastUpdated":"2026-01-23T13:37:17.830000+00:00","longTitleEn":"<p>Bill entitled an Act to amend the Online Safety and Media Regulation Act 2022 to regulate the use of recommender algorithms by video-sharing platform services.\u00a0<\/p>","longTitleGa":"<p>Bille d\u00e1 ngairtear Acht do leas\u00fa an Achta um Rial\u00e1il S\u00e1bh\u00e1ilteachta ar L\u00edne agus na Me\u00e1n, 2022, chun \u00fas\u00e1id algartam molta\u00ed ag seirbh\u00eds\u00ed ard\u00e1in comhroinnte f\u00edse\u00e1n a rial\u00e1il.<\/p>","method":"Introduced","methodURI":"https:\/\/data.oireachtas.ie\/ie\/oireachtas\/def\/bill-method\/introduced","mostRecentStage":{"event":{"chamber":{"chamberCode":"dail","showAs":"D\u00e1il \u00c9ireann","uri":"https:\/\/data.oireachtas.ie\/ie\/oireachtas\/def\/house\/dail"},"dates":[{"date":"2026-01-22"}],"house":{"chamberCode":"dail","chamberType":"house","houseCode":"dail","houseNo":"34","showAs":"34th D\u00e1il","uri":"https:\/\/data.oireachtas.ie\/ie\/oireachtas\/house\/dail\/34"},"progressStage":2,"showAs":"Second Stage","stageCompleted":false,"stageOutcome":"Current","stageURI":"https:\/\/data.oireachtas.ie\/ie\/oireachtas\/def\/bill-stage\/2","uri":"https:\/\/data.oireachtas.ie\/ie\/oireachtas\/bill\/2026\/7\/stage\/dail\/2"}},"originHouse":{"showAs":"D\u00e1il \u00c9ireann","uri":"https:\/\/data.oireachtas.ie\/ie\/oireachtas\/def\/house\/dail"},"originHouseURI":"https:\/\/data.oireachtas.ie\/ie\/oireachtas\/def\/house\/dail","relatedDocs":[{"relatedDoc":{"date":"2026-01-22","docType":"memo","formats":{"pdf":{"uri":"https:\/\/data.oireachtas.ie\/ie\/oireachtas\/bill\/2026\/7\/eng\/memo\/b0726d-memo.pdf"},"xml":null},"lang":"eng","showAs":"Explanatory Memorandum","uri":"https:\/\/data.oireachtas.ie\/ie\/oireachtas\/bill\/2026\/7\/eng\/memo"}}],"shortTitleEn":"Online Safety (Recommender Algorithms) Bill 2026","shortTitleGa":"An Bille um Sh\u00e1bh\u00e1ilteacht ar L\u00edne (Algartaim Molta\u00ed), 2026","source":"Private Member","sourceURI":"https:\/\/data.oireachtas.ie\/ie\/oireachtas\/def\/bill-source\/private-member","sponsors":[{"sponsor":{"isPrimary":true,"as":{"showAs":null,"uri":null},"by":{"showAs":"Paul Murphy","uri":"https:\/\/data.oireachtas.ie\/ie\/oireachtas\/member\/id\/Paul-Murphy.D.2014-10-10"}}},{"sponsor":{"isPrimary":false,"as":{"showAs":null,"uri":null},"by":{"showAs":"Ruth Coppinger","uri":"https:\/\/data.oireachtas.ie\/ie\/oireachtas\/member\/id\/Ruth-Coppinger.D.2014-05-23"}}},{"sponsor":{"isPrimary":false,"as":{"showAs":null,"uri":null},"by":{"showAs":"Richard Boyd Barrett","uri":"https:\/\/data.oireachtas.ie\/ie\/oireachtas\/member\/id\/Richard-Boyd-Barrett.D.2011-03-09"}}}],"stages":[{"event":{"chamber":{"chamberCode":"dail","showAs":"D\u00e1il \u00c9ireann","uri":"https:\/\/data.oireachtas.ie\/ie\/oireachtas\/def\/house\/dail"},"dates":[{"date":"2025-05-30"},{"date":"2026-01-22"},{"date":"2026-01-22"},{"date":"2026-01-22"}],"house":{"chamberCode":"dail","chamberType":"house","houseCode":"dail","houseNo":"34","showAs":"34th D\u00e1il","uri":"https:\/\/data.oireachtas.ie\/ie\/oireachtas\/house\/dail\/34"},"progressStage":1,"showAs":"First Stage","stageCompleted":true,"stageOutcome":null,"stageURI":"https:\/\/data.oireachtas.ie\/ie\/oireachtas\/def\/bill-stage\/1","uri":"https:\/\/data.oireachtas.ie\/ie\/oireachtas\/bill\/2026\/7\/stage\/dail\/1"}},{"event":{"chamber":{"chamberCode":"dail","showAs":"D\u00e1il \u00c9ireann","uri":"https:\/\/data.oireachtas.ie\/ie\/oireachtas\/def\/house\/dail"},"dates":[{"date":"2026-01-22"}],"house":{"chamberCode":"dail","chamberType":"house","houseCode":"dail","houseNo":"34","showAs":"34th D\u00e1il","uri":"https:\/\/data.oireachtas.ie\/ie\/oireachtas\/house\/dail\/34"},"progressStage":2,"showAs":"Second Stage","stageCompleted":false,"stageOutcome":"Current","stageURI":"https:\/\/data.oireachtas.ie\/ie\/oireachtas\/def\/bill-stage\/2","uri":"https:\/\/data.oireachtas.ie\/ie\/oireachtas\/bill\/2026\/7\/stage\/dail\/2"}}],"status":"Current","statusURI":"https:\/\/data.oireachtas.ie\/ie\/oireachtas\/def\/bill-status\/published","uri":"https:\/\/data.oireachtas.ie\/ie\/oireachtas\/bill\/2026\/7","versions":[{"version":{"lang":"eng","docType":"bill","showAs":"As Initiated","date":"2026-01-22","formats":{"pdf":{"uri":"https:\/\/data.oireachtas.ie\/ie\/oireachtas\/bill\/2026\/7\/eng\/initiated\/b0726d.pdf"},"xml":null},"uri":"https:\/\/data.oireachtas.ie\/ie\/oireachtas\/bill\/2026\/7\/eng\/initiated"}}]},"contextDate":"2026-01-22","billSort":{"actNoSort":null,"actShortTitleEnSort":null,"actShortTitleGaSort":null,"actYearSort":null,"billNoSort":7,"billShortTitleEnSort":"online-safety-recommender-algorithms-bill-2026","billShortTitleGaSort":"an-bille-um-shabhailteacht-ar-line-algartaim-moltai-2026","billYearSort":2026}},{"bill":{"act":{"actNo":"9","actYear":"2026","dateSigned":"2026-04-22","longTitleEn":"<p>An Act to provide for the entry into, and presence in, the State of persons seeking international protection, while having regard also to the power of the Executive in relation to these matters; to give effect to Directive (EU) 2024\/1346 of the European Parliament and of the Council of 14 May 2024 laying down standards for the reception of applicants for international protection (recast); to give further effect to Regulation (EU) 2024\/1347 of the European Parliament and of the Council of 14 May 2024 on standards for the qualification of third-country nationals or stateless persons as beneficiaries of international protection, for a uniform status for refugees or for persons eligible for subsidiary protection and for the content of the protection granted; to give further effect to Regulation (EU) 2024\/1348 of the European Parliament and of the Council of 14 May 2024 establishing a common procedure for international protection in the Union and repealing Directive 2013\/32\/EU; to give further effect to Regulation (EU) 2024\/1350 of the European Parliament and of the Council of 14 May 2024 establishing a Union Resettlement and Humanitarian Admission Framework, and amending Regulation (EU) 2021\/1147; to give further effect to Council Directive 2001\/55\/EC of 20 July 2001 on minimum standards for giving temporary protection in the event of a mass influx of displaced persons and on measures promoting a balance of efforts between Member States in receiving such persons and bearing the consequences thereof; to give further effect to Regulation (EU) 2024\/1351 of the European Parliament and of the Council of 14 May 2024 on asylum and migration management; to give further effect to Regulation (EU) 2024\/1358 of the European Parliament and of the Council of 14 May 2024 on the establishment of \u2018Eurodac\u2019 for the comparison of biometric data in order to effectively apply Regulations (EU) 2024\/1351 and (EU) 2024\/1350 of the European Parliament and of the Council and Council Directive 2001\/55\/EC and to identify illegally staying third&nbsp;country nationals and stateless persons and on requests for the comparison with Eurodac data by Member States\u2019 law enforcement authorities and Europol for law enforcement purposes; to give further effect to Regulation (EU) 2024\/1359 of the European Parliament and of the Council of 14 May 2024 addressing situations of crisis and <i>force majeure<\/i>&nbsp;in the field of migration and asylum and amending Regulation (EU) 2021\/1147; to give further effect to the Convention relating to the Status of Refugees done at Geneva on the 28th day of July 1951 and the Protocol relating to the Status of Refugees done at New York on the 31st day of January 1967; to provide for the gathering of information from applicants for international protection; to provide for permission to enter and reside for family members of beneficiaries of international protection; to provide for the removal from the State of certain persons; to provide for the establishment of a body to be known as <i>An Binse um Achomhairc i dtaobh Tearmainn agus Filleadh<\/i> or, in the English language, as the Tribunal for Asylum and Returns Appeals and to provide for its functions; to provide for the establishment of a body to be known as <i>Oifig an Phr\u00edomh&nbsp;Chigire N\u00f3sanna Imeachta Teorann um Thearmann<\/i> or, in the English language, as the Office of the Chief Inspector of Asylum Border Procedures and to provide for its functions; to amend, or repeal certain provisions of, the International Protection Act 2015; to amend the Irish Nationality and Citizenship Act 1956, the Child Care Act 1991, the Civil Legal Aid Act 1995, the Immigration Act 1999, the Illegal Immigrants (Trafficking) Act 2000, the Immigration Act 2004, the National Vetting Bureau (Children and Vulnerable Persons) Act 2012, the Children First Act 2015 and certain other enactments; and to provide for related matters.<\/p>","longTitleGa":"<p>Acht do dh\u00e9anamh socr\u00fa maidir le daoine a bhfuil cosaint idirn\u00e1isi\u00fanta \u00e1 lorg acu do theacht isteach agus do bheith sa St\u00e1t, ach aird a thabhairt freisin ar chumhacht na Feidhmeannachta i nd\u00e1il leis na nithe sin; do thabhairt \u00e9ifeacht do Threoir (AE) 2024\/1346 \u00f3 Pharlaimint na hEorpa agus \u00f3n gComhairle an 14 Bealtaine 2024 lena leagtar s\u00edos caighde\u00e1in a bhaineann le hiarratas\u00f3ir\u00ed ar chosaint idirn\u00e1isi\u00fanta a ghlacadh (athmh\u00fanl\u00fa); do thabhairt tuilleadh \u00e9ifeachta do Rialach\u00e1n (AE) 2024\/1347 \u00f3 Pharlaimint na hEorpa agus \u00f3n gComhairle an 14 Bealtaine 2024 maidir le caighde\u00e1in i dtaca le c\u00e1ilitheacht n\u00e1isi\u00fanach tr\u00ed\u00fa t\u00edr n\u00f3 daoine gan st\u00e1t mar thairbhithe de chosaint idirn\u00e1isi\u00fanta, i dtaca le st\u00e1das aonfhoirmeach do dh\u00eddeanaithe n\u00f3 do dhaoine at\u00e1 inch\u00e1ilithe le haghaidh cosaint choimhdeach agus i dtaca lena bhfuil sa chosaint a dheona\u00edtear; do thabhairt tuilleadh \u00e9ifeachta do Rialach\u00e1n (AE) 2024\/1348 \u00f3 Pharlaimint na hEorpa agus \u00f3n gComhairle an 14 Bealtaine 2024 lena mbuna\u00edtear n\u00f3s imeachta coiteann le haghaidh cosaint idirn\u00e1isi\u00fanta san Aontas agus lena n-aisghairtear Treoir 2013\/32\/AE; do thabhairt tuilleadh \u00e9ifeachta do Rialach\u00e1n (AE) 2024\/1350 \u00f3 Pharlaimint na hEorpa agus \u00f3n gComhairle an 14 Bealtaine 2024 lena mbuna\u00edtear Creat an Aontais um Athlonn\u00fa agus um Ligean Isteach ar Fhoras Daonn\u00fail, agus lena leasa\u00edtear Rialach\u00e1n (AE) 2021\/1147; do thabhairt tuilleadh \u00e9ifeachta do Threoir 2001\/55\/CE \u00f3n gComhairle an 20 I\u00fail 2001 maidir le caighde\u00e1in \u00edosta i leith cosaint shealadach a thabhairt i gc\u00e1s m\u00f3rphl\u00f3d\u00fa isteach de dhaoine eas\u00e1itithe agus maidir le bearta lena gcuirtear cothroma\u00edocht chun cinn san iarracht idir Ballst\u00e1it i dtaca leis na daoine sin a ghlacadh agus i dtaca le hiarmhairt\u00ed an ch\u00e9anna a sheasamh; do thabhairt tuilleadh \u00e9ifeachta do Rialach\u00e1n (AE) 2024\/1351 \u00f3 Pharlaimint na hEorpa agus \u00f3n gComhairle an 14 Bealtaine 2024 maidir le bainisti\u00fa tearmainn agus imirce; do thabhairt tuilleadh \u00e9ifeachta do Rialach\u00e1n (AE) 2024\/1358 \u00f3 Pharlaimint na hEorpa agus \u00f3n gComhairle an 14 Bealtaine 2024 maidir le bun\u00fa \u2018Eurodac\u2019 chun sonra\u00ed bithmh\u00e9adracha a chur i gcompar\u00e1id le ch\u00e9ile chun Rialach\u00e1in (AE) 2024\/1351 agus (AE) 2024\/1350 \u00f3 Pharlaimint na hEorpa agus \u00f3n gComhairle agus Treoir 2001\/55\/CE \u00f3n gComhairle a chur i bhfeidhm go h\u00e9ifeachtach, agus chun n\u00e1isi\u00fanaigh tr\u00ed\u00fa t\u00edr agus daoine gan st\u00e1t at\u00e1 ag fanacht go neamhdhleathach a shainaithint, agus maidir le hiarrata\u00ed \u00f3 \u00fadar\u00e1is forfheidhmithe dl\u00ed na mBallst\u00e1t agus iarrata\u00ed \u00f3 Europol ar chompar\u00e1id\u00ed a dh\u00e9anamh le sonra\u00ed Eurodac chun cr\u00edocha fhorfheidhmi\u00fa an dl\u00ed; do thabhairt tuilleadh \u00e9ifeachta do Rialach\u00e1n (AE) 2024\/1359 \u00f3 Pharlaimint na hEorpa agus \u00f3n gComhairle an 14 Bealtaine 2024 lena dtugtar aghaidh ar ch\u00e1sanna g\u00e9arch\u00e9ime agus <i>force majeure<\/i> i r\u00e9imse na himirce agus an tearmainn agus lena leasa\u00edtear Rialach\u00e1n (AE) 2021\/1147; do thabhairt tuilleadh \u00e9ifeachta don Choinbhinsi\u00fan i dtaobh St\u00e1das D\u00eddeanaithe a rinneadh sa Ghin\u00e9iv an 28\u00fa l\u00e1 d\u2019I\u00fail 1951 agus don Phr\u00f3tacal i dtaobh St\u00e1das D\u00eddeanaithe a rinneadh i Nua-Eabhrac an 31\u00fa l\u00e1 d\u2019Ean\u00e1ir 1967; do dh\u00e9anamh socr\u00fa maidir le faisn\u00e9is a bhaili\u00fa \u00f3 iarratas\u00f3ir\u00ed ar chosaint idirn\u00e1isi\u00fanta; do dh\u00e9anamh socr\u00fa maidir le cead a bheith ag daoine de theaghlaigh tairbhithe de chosaint idirn\u00e1isi\u00fanta chun teacht isteach agus chun c\u00f3na\u00ed; do dh\u00e9anamh socr\u00fa maidir le daoine \u00e1irithe a chur as an St\u00e1t; do dh\u00e9anamh socr\u00fa maidir le comhlacht a bhun\u00fa ar a dtabharfar an Binse um Achomhairc i dtaobh Tearmainn agus Filleadh n\u00f3, sa Bh\u00e9arla<i>, the Tribunal for Asylum and Returns Appeals<\/i> agus do dh\u00e9anamh socr\u00fa maidir lena fheidhmeanna; do dh\u00e9anamh socr\u00fa maidir le comhlacht a bhun\u00fa ar a dtabharfar Oifig an Phr\u00edomh-Chigire N\u00f3sanna Imeachta Teorann um Thearmann n\u00f3, sa Bh\u00e9arla, <i>the Office of the Chief Inspector of Asylum Border Procedures<\/i> agus do dh\u00e9anamh socr\u00fa maidir lena feidhmeanna; do leas\u00fa an Achta um Chosaint Idirn\u00e1isi\u00fanta, 2015 n\u00f3 d\u2019aisghairm for\u00e1lacha \u00e1irithe de; do leas\u00fa Acht N\u00e1isi\u00fantachta agus Saor\u00e1nachta \u00c9ireann, 1956, an Achta um Ch\u00faram Leana\u00ed, 1991, an Achta um Ch\u00fanamh Dl\u00edthi\u00fail Sibhialta, 1995, an Achta Inimirce, 1999, an Achta um Inimircigh Neamhdhleathacha (G\u00e1inne\u00e1il), 2000, an Achta Inimirce, 2004, an Achta um an mBi\u00far\u00f3 N\u00e1isi\u00fanta Grinnfhiosr\u00fach\u00e1in (Leana\u00ed agus Daoine Soghonta), 2012, an Achta um Th\u00fas \u00c1ite do Leana\u00ed, 2015<span style=\"color:red;\">&nbsp;<\/span>agus achtach\u00e1in \u00e1irithe eile; agus do dh\u00e9anamh socr\u00fa i dtaobh nithe gaolmhara.<\/p>","shortTitleEn":"International Protection Act 2026","shortTitleGa":"An tAcht um Chosaint Idirn\u00e1isi\u00fanta, 2026","statutebookURI":"http:\/\/www.irishstatutebook.ie\/eli\/2026\/act\/9","uri":"https:\/\/data.oireachtas.ie\/ie\/oireachtas\/act\/2026\/9"},"amendmentLists":[{"amendmentList":{"amendmentTypeUri":{"uri":"https:\/\/data.oireachtas.ie\/ie\/oireachtas\/def\/amendment-type\/creamList"},"chamber":{"showAs":"Seanad","uri":"https:\/\/data.oireachtas.ie\/ie\/oireachtas\/def\/seanad"},"date":"2026-04-14","formats":{"pdf":{"uri":"https:\/\/data.oireachtas.ie\/ie\/oireachtas\/bill\/2026\/6\/seanad\/6\/amendment\/creamList\/eng\/b06a26d-cl-1st-additional-list.pdf"},"xml":null},"showAs":"Additional List of Amendments [D\u00e1il]","stage":{"showAs":"Cream List","uri":"https:\/\/data.oireachtas.ie\/ie\/oireachtas\/bill\/2026\/6\/seanad\/6"},"stageNo":"6"}},{"amendmentList":{"amendmentTypeUri":{"uri":"https:\/\/data.oireachtas.ie\/ie\/oireachtas\/def\/amendment-type\/numberedList"},"chamber":{"showAs":"Seanad","uri":"https:\/\/data.oireachtas.ie\/ie\/oireachtas\/def\/seanad"},"date":"2026-04-14","formats":{"pdf":{"uri":"https:\/\/data.oireachtas.ie\/ie\/oireachtas\/bill\/2026\/6\/seanad\/6\/amendment\/numberedList\/eng\/b06a26d-cl-1st-substitute-list.pdf"},"xml":null},"showAs":"1st Substitute List of Amendments [D\u00e1il]","stage":{"showAs":"Cream List","uri":"https:\/\/data.oireachtas.ie\/ie\/oireachtas\/bill\/2026\/6\/seanad\/6"},"stageNo":"6"}},{"amendmentList":{"amendmentTypeUri":{"uri":"https:\/\/data.oireachtas.ie\/ie\/oireachtas\/def\/amendment-type\/creamList"},"chamber":{"showAs":"Seanad","uri":"https:\/\/data.oireachtas.ie\/ie\/oireachtas\/def\/seanad"},"date":"2026-04-07","formats":{"pdf":{"uri":"https:\/\/data.oireachtas.ie\/ie\/oireachtas\/bill\/2026\/6\/seanad\/6\/amendment\/creamList\/eng\/b06a26d-cl.pdf"},"xml":null},"showAs":"Cream List [Seanad amendments to D\u00e1il Bill]","stage":{"showAs":"Cream List","uri":"https:\/\/data.oireachtas.ie\/ie\/oireachtas\/bill\/2026\/6\/seanad\/6"},"stageNo":"6"}},{"amendmentList":{"amendmentTypeUri":{"uri":"https:\/\/data.oireachtas.ie\/ie\/oireachtas\/def\/amendment-type\/numberedList"},"chamber":{"showAs":"Seanad","uri":"https:\/\/data.oireachtas.ie\/ie\/oireachtas\/def\/seanad"},"date":"2026-03-25","formats":{"pdf":{"uri":"https:\/\/data.oireachtas.ie\/ie\/oireachtas\/bill\/2026\/6\/seanad\/4\/amendment\/numberedList\/eng\/b6ax26d-srnl.pdf"},"xml":null},"showAs":"Numbered List [Seanad]","stage":{"showAs":"Report Stage","uri":"https:\/\/data.oireachtas.ie\/ie\/oireachtas\/bill\/2026\/6\/seanad\/4"},"stageNo":"4"}},{"amendmentList":{"amendmentTypeUri":{"uri":"https:\/\/data.oireachtas.ie\/ie\/oireachtas\/def\/amendment-type\/numberedList"},"chamber":{"showAs":"Seanad","uri":"https:\/\/data.oireachtas.ie\/ie\/oireachtas\/def\/seanad"},"date":"2026-03-18","formats":{"pdf":{"uri":"https:\/\/data.oireachtas.ie\/ie\/oireachtas\/bill\/2026\/6\/seanad\/3\/amendment\/numberedList\/eng\/b06a26d-scnl.pdf"},"xml":null},"showAs":"Numbered List [Seanad]","stage":{"showAs":"Committee Stage","uri":"https:\/\/data.oireachtas.ie\/ie\/oireachtas\/bill\/2026\/6\/seanad\/3"},"stageNo":"3"}},{"amendmentList":{"amendmentTypeUri":{"uri":"https:\/\/data.oireachtas.ie\/ie\/oireachtas\/def\/amendment-type\/numberedList"},"chamber":{"showAs":"Dail","uri":"https:\/\/data.oireachtas.ie\/ie\/oireachtas\/def\/dail"},"date":"2026-02-23","formats":{"pdf":{"uri":"https:\/\/data.oireachtas.ie\/ie\/oireachtas\/bill\/2026\/6\/dail\/3\/amendment\/numberedList\/eng\/b0626d-1st-additional-list.pdf"},"xml":null},"showAs":"1st Additional List of Amendments [D\u00e1il]","stage":{"showAs":"Committee Stage","uri":"https:\/\/data.oireachtas.ie\/ie\/oireachtas\/bill\/2026\/6\/dail\/3"},"stageNo":"3"}},{"amendmentList":{"amendmentTypeUri":{"uri":"https:\/\/data.oireachtas.ie\/ie\/oireachtas\/def\/amendment-type\/numberedList"},"chamber":{"showAs":"Dail","uri":"https:\/\/data.oireachtas.ie\/ie\/oireachtas\/def\/dail"},"date":"2026-02-17","formats":{"pdf":{"uri":"https:\/\/data.oireachtas.ie\/ie\/oireachtas\/bill\/2026\/6\/dail\/3\/amendment\/numberedList\/eng\/b0626d-dcnl.pdf"},"xml":null},"showAs":"Numbered List [D\u00e1il]","stage":{"showAs":"Committee Stage","uri":"https:\/\/data.oireachtas.ie\/ie\/oireachtas\/bill\/2026\/6\/dail\/3"},"stageNo":"3"}}],"billNo":"6","billType":"Public","billTypeURI":"https:\/\/data.oireachtas.ie\/ie\/oireachtas\/def\/bill-type\/public","billYear":"2026","debates":[{"chamber":{"showAs":"D\u00e1il \u00c9ireann","uri":"https:\/\/data.oireachtas.ie\/ie\/oireachtas\/def\/house\/dail"},"date":"2026-04-15","debateSectionId":"dbsect_18","showAs":"International Protection Bill 2026: From the Seanad","uri":"https:\/\/data.oireachtas.ie\/akn\/ie\/debateRecord\/dail\/2026-04-15\/debate\/main"},{"chamber":{"showAs":"Seanad \u00c9ireann","uri":"https:\/\/data.oireachtas.ie\/ie\/oireachtas\/def\/house\/seanad"},"date":"2026-03-25","debateSectionId":"dbsect_16","showAs":"International Protection Bill 2026: Report and Final Stages","uri":"https:\/\/data.oireachtas.ie\/akn\/ie\/debateRecord\/seanad\/2026-03-25\/debate\/main"},{"chamber":{"showAs":"Seanad \u00c9ireann","uri":"https:\/\/data.oireachtas.ie\/ie\/oireachtas\/def\/house\/seanad"},"date":"2026-03-19","debateSectionId":"dbsect_17","showAs":"International Protection Bill 2026: Committee Stage (Resumed)","uri":"https:\/\/data.oireachtas.ie\/akn\/ie\/debateRecord\/seanad\/2026-03-19\/debate\/main"},{"chamber":{"showAs":"Seanad \u00c9ireann","uri":"https:\/\/data.oireachtas.ie\/ie\/oireachtas\/def\/house\/seanad"},"date":"2026-03-18","debateSectionId":"dbsect_11","showAs":"International Protection Bill 2026: Committee Stage","uri":"https:\/\/data.oireachtas.ie\/akn\/ie\/debateRecord\/seanad\/2026-03-18\/debate\/main"},{"chamber":{"showAs":"Seanad \u00c9ireann","uri":"https:\/\/data.oireachtas.ie\/ie\/oireachtas\/def\/house\/seanad"},"date":"2026-03-03","debateSectionId":"dbsect_9","showAs":"International Protection Bill 2026: Second Stage","uri":"https:\/\/data.oireachtas.ie\/akn\/ie\/debateRecord\/seanad\/2026-03-03\/debate\/main"},{"chamber":{"showAs":"D\u00e1il \u00c9ireann","uri":"https:\/\/data.oireachtas.ie\/ie\/oireachtas\/def\/house\/dail"},"date":"2026-02-25","debateSectionId":"dbsect_16","showAs":"International Protection Bill 2026: Committee Stage (Resumed) and Remaining Stages","uri":"https:\/\/data.oireachtas.ie\/akn\/ie\/debateRecord\/dail\/2026-02-25\/debate\/main"},{"chamber":{"showAs":"D\u00e1il \u00c9ireann","uri":"https:\/\/data.oireachtas.ie\/ie\/oireachtas\/def\/house\/dail"},"date":"2026-02-18","debateSectionId":"dbsect_13","showAs":"International Protection Bill 2026: Financial Resolution","uri":"https:\/\/data.oireachtas.ie\/akn\/ie\/debateRecord\/dail\/2026-02-18\/debate\/main"},{"chamber":{"showAs":"D\u00e1il \u00c9ireann","uri":"https:\/\/data.oireachtas.ie\/ie\/oireachtas\/def\/house\/dail"},"date":"2026-02-18","debateSectionId":"dbsect_14","showAs":"International Protection Bill 2026: Second Stage (Resumed)","uri":"https:\/\/data.oireachtas.ie\/akn\/ie\/debateRecord\/dail\/2026-02-18\/debate\/main"},{"chamber":{"showAs":"D\u00e1il \u00c9ireann","uri":"https:\/\/data.oireachtas.ie\/ie\/oireachtas\/def\/house\/dail"},"date":"2026-02-18","debateSectionId":"dbsect_19","showAs":"International Protection Bill 2026: Committee Stage","uri":"https:\/\/data.oireachtas.ie\/akn\/ie\/debateRecord\/dail\/2026-02-18\/debate\/main"},{"chamber":{"showAs":"D\u00e1il \u00c9ireann","uri":"https:\/\/data.oireachtas.ie\/ie\/oireachtas\/def\/house\/dail"},"date":"2026-02-12","debateSectionId":"dbsect_35","showAs":"International Protection Bill 2026: Second Stage (Resumed)","uri":"https:\/\/data.oireachtas.ie\/akn\/ie\/debateRecord\/dail\/2026-02-12\/debate\/main"},{"chamber":{"showAs":"D\u00e1il \u00c9ireann","uri":"https:\/\/data.oireachtas.ie\/ie\/oireachtas\/def\/house\/dail"},"date":"2026-02-10","debateSectionId":"dbsect_12","showAs":"International Protection Bill 2026: Second Stage (Resumed)","uri":"https:\/\/data.oireachtas.ie\/akn\/ie\/debateRecord\/dail\/2026-02-10\/debate\/main"},{"chamber":{"showAs":"D\u00e1il \u00c9ireann","uri":"https:\/\/data.oireachtas.ie\/ie\/oireachtas\/def\/house\/dail"},"date":"2026-01-28","debateSectionId":"dbsect_15","showAs":"International Protection Bill 2026: Second Stage","uri":"https:\/\/data.oireachtas.ie\/akn\/ie\/debateRecord\/dail\/2026-01-28\/debate\/main"}],"events":[{"event":{"chamber":{"chamberCode":"dail","showAs":"D\u00e1il \u00c9ireann","uri":"https:\/\/data.oireachtas.ie\/ie\/oireachtas\/def\/house\/dail"},"dates":[{"date":"2026-01-22"},{"date":"2026-04-22"}],"eventURI":"https:\/\/data.oireachtas.ie\/ie\/oireachtas\/def\/bill-event\/published","showAs":"Published","uri":"https:\/\/data.oireachtas.ie\/ie\/oireachtas\/bill\/2026\/6\/published"}},{"event":{"chamber":null,"dates":[{"date":"2026-04-22"}],"eventURI":"https:\/\/data.oireachtas.ie\/ie\/oireachtas\/def\/bill-event\/enacted","showAs":"Enacted","uri":"https:\/\/data.oireachtas.ie\/ie\/oireachtas\/bill\/2026\/6\/enacted"}}],"lastUpdated":"2026-04-29T15:42:07.160000+00:00","longTitleEn":"<p>An Act to provide for the entry into, and presence in, the State of persons seeking international protection, while having regard also to the power of the Executive in relation to these matters; to give effect to Directive (EU) 2024\/1346 of the European Parliament and of the Council of 14 May 2024 laying down standards for the reception of applicants for international protection (recast); to give further effect to Regulation (EU) 2024\/1347 of the European Parliament and of the Council of 14 May 2024 on standards for the qualification of third-country nationals or stateless persons as beneficiaries of international protection, for a uniform status for refugees or for persons eligible for subsidiary protection and for the content of the protection granted; to give further effect to Regulation (EU) 2024\/1348 of the European Parliament and of the Council of 14 May 2024 establishing a common procedure for international protection in the Union and repealing Directive 2013\/32\/EU; to give further effect to Regulation (EU) 2024\/1350 of the European Parliament and of the Council of 14 May 2024 establishing a Union Resettlement and Humanitarian Admission Framework, and amending Regulation (EU) 2021\/1147; to give further effect to Council Directive 2001\/55\/EC of 20 July 2001 on minimum standards for giving temporary protection in the event of a mass influx of displaced persons and on measures promoting a balance of efforts between Member States in receiving such persons and bearing the consequences thereof; to give further effect to Regulation (EU) 2024\/1351 of the European Parliament and of the Council of 14 May 2024 on asylum and migration management; to give further effect to Regulation (EU) 2024\/1358 of the European Parliament and of the Council of 14 May 2024 on the establishment of \u2018Eurodac\u2019 for the comparison of biometric data in order to effectively apply Regulations (EU) 2024\/1351 and (EU) 2024\/1350 of the European Parliament and of the Council and Council Directive 2001\/55\/EC and to identify illegally staying third&nbsp;country nationals and stateless persons and on requests for the comparison with Eurodac data by Member States\u2019 law enforcement authorities and Europol for law enforcement purposes; to give further effect to Regulation (EU) 2024\/1359 of the European Parliament and of the Council of 14 May 2024 addressing situations of crisis and <i>force majeure<\/i>&nbsp;in the field of migration and asylum and amending Regulation (EU) 2021\/1147; to give further effect to the Convention relating to the Status of Refugees done at Geneva on the 28th day of July 1951 and the Protocol relating to the Status of Refugees done at New York on the 31st day of January 1967; to provide for the gathering of information from applicants for international protection; to provide for permission to enter and reside for family members of beneficiaries of international protection; to provide for the removal from the State of certain persons; to provide for the establishment of a body to be known as <i>An Binse um Achomhairc i dtaobh Tearmainn agus Filleadh<\/i> or, in the English language, as the Tribunal for Asylum and Returns Appeals and to provide for its functions; to provide for the establishment of a body to be known as <i>Oifig an Phr\u00edomh&nbsp;Chigire N\u00f3sanna Imeachta Teorann um Thearmann<\/i> or, in the English language, as the Office of the Chief Inspector of Asylum Border Procedures and to provide for its functions; to amend, or repeal certain provisions of, the International Protection Act 2015; to amend the Irish Nationality and Citizenship Act 1956, the Child Care Act 1991, the Civil Legal Aid Act 1995, the Immigration Act 1999, the Illegal Immigrants (Trafficking) Act 2000, the Immigration Act 2004, the National Vetting Bureau (Children and Vulnerable Persons) Act 2012, the Children First Act 2015 and certain other enactments; and to provide for related matters.<\/p>","longTitleGa":"<p>Acht do dh\u00e9anamh socr\u00fa maidir le daoine a bhfuil cosaint idirn\u00e1isi\u00fanta \u00e1 lorg acu do theacht isteach agus do bheith sa St\u00e1t, ach aird a thabhairt freisin ar chumhacht na Feidhmeannachta i nd\u00e1il leis na nithe sin; do thabhairt \u00e9ifeacht do Threoir (AE) 2024\/1346 \u00f3 Pharlaimint na hEorpa agus \u00f3n gComhairle an 14 Bealtaine 2024 lena leagtar s\u00edos caighde\u00e1in a bhaineann le hiarratas\u00f3ir\u00ed ar chosaint idirn\u00e1isi\u00fanta a ghlacadh (athmh\u00fanl\u00fa); do thabhairt tuilleadh \u00e9ifeachta do Rialach\u00e1n (AE) 2024\/1347 \u00f3 Pharlaimint na hEorpa agus \u00f3n gComhairle an 14 Bealtaine 2024 maidir le caighde\u00e1in i dtaca le c\u00e1ilitheacht n\u00e1isi\u00fanach tr\u00ed\u00fa t\u00edr n\u00f3 daoine gan st\u00e1t mar thairbhithe de chosaint idirn\u00e1isi\u00fanta, i dtaca le st\u00e1das aonfhoirmeach do dh\u00eddeanaithe n\u00f3 do dhaoine at\u00e1 inch\u00e1ilithe le haghaidh cosaint choimhdeach agus i dtaca lena bhfuil sa chosaint a dheona\u00edtear; do thabhairt tuilleadh \u00e9ifeachta do Rialach\u00e1n (AE) 2024\/1348 \u00f3 Pharlaimint na hEorpa agus \u00f3n gComhairle an 14 Bealtaine 2024 lena mbuna\u00edtear n\u00f3s imeachta coiteann le haghaidh cosaint idirn\u00e1isi\u00fanta san Aontas agus lena n-aisghairtear Treoir 2013\/32\/AE; do thabhairt tuilleadh \u00e9ifeachta do Rialach\u00e1n (AE) 2024\/1350 \u00f3 Pharlaimint na hEorpa agus \u00f3n gComhairle an 14 Bealtaine 2024 lena mbuna\u00edtear Creat an Aontais um Athlonn\u00fa agus um Ligean Isteach ar Fhoras Daonn\u00fail, agus lena leasa\u00edtear Rialach\u00e1n (AE) 2021\/1147; do thabhairt tuilleadh \u00e9ifeachta do Threoir 2001\/55\/CE \u00f3n gComhairle an 20 I\u00fail 2001 maidir le caighde\u00e1in \u00edosta i leith cosaint shealadach a thabhairt i gc\u00e1s m\u00f3rphl\u00f3d\u00fa isteach de dhaoine eas\u00e1itithe agus maidir le bearta lena gcuirtear cothroma\u00edocht chun cinn san iarracht idir Ballst\u00e1it i dtaca leis na daoine sin a ghlacadh agus i dtaca le hiarmhairt\u00ed an ch\u00e9anna a sheasamh; do thabhairt tuilleadh \u00e9ifeachta do Rialach\u00e1n (AE) 2024\/1351 \u00f3 Pharlaimint na hEorpa agus \u00f3n gComhairle an 14 Bealtaine 2024 maidir le bainisti\u00fa tearmainn agus imirce; do thabhairt tuilleadh \u00e9ifeachta do Rialach\u00e1n (AE) 2024\/1358 \u00f3 Pharlaimint na hEorpa agus \u00f3n gComhairle an 14 Bealtaine 2024 maidir le bun\u00fa \u2018Eurodac\u2019 chun sonra\u00ed bithmh\u00e9adracha a chur i gcompar\u00e1id le ch\u00e9ile chun Rialach\u00e1in (AE) 2024\/1351 agus (AE) 2024\/1350 \u00f3 Pharlaimint na hEorpa agus \u00f3n gComhairle agus Treoir 2001\/55\/CE \u00f3n gComhairle a chur i bhfeidhm go h\u00e9ifeachtach, agus chun n\u00e1isi\u00fanaigh tr\u00ed\u00fa t\u00edr agus daoine gan st\u00e1t at\u00e1 ag fanacht go neamhdhleathach a shainaithint, agus maidir le hiarrata\u00ed \u00f3 \u00fadar\u00e1is forfheidhmithe dl\u00ed na mBallst\u00e1t agus iarrata\u00ed \u00f3 Europol ar chompar\u00e1id\u00ed a dh\u00e9anamh le sonra\u00ed Eurodac chun cr\u00edocha fhorfheidhmi\u00fa an dl\u00ed; do thabhairt tuilleadh \u00e9ifeachta do Rialach\u00e1n (AE) 2024\/1359 \u00f3 Pharlaimint na hEorpa agus \u00f3n gComhairle an 14 Bealtaine 2024 lena dtugtar aghaidh ar ch\u00e1sanna g\u00e9arch\u00e9ime agus <i>force majeure<\/i> i r\u00e9imse na himirce agus an tearmainn agus lena leasa\u00edtear Rialach\u00e1n (AE) 2021\/1147; do thabhairt tuilleadh \u00e9ifeachta don Choinbhinsi\u00fan i dtaobh St\u00e1das D\u00eddeanaithe a rinneadh sa Ghin\u00e9iv an 28\u00fa l\u00e1 d\u2019I\u00fail 1951 agus don Phr\u00f3tacal i dtaobh St\u00e1das D\u00eddeanaithe a rinneadh i Nua-Eabhrac an 31\u00fa l\u00e1 d\u2019Ean\u00e1ir 1967; do dh\u00e9anamh socr\u00fa maidir le faisn\u00e9is a bhaili\u00fa \u00f3 iarratas\u00f3ir\u00ed ar chosaint idirn\u00e1isi\u00fanta; do dh\u00e9anamh socr\u00fa maidir le cead a bheith ag daoine de theaghlaigh tairbhithe de chosaint idirn\u00e1isi\u00fanta chun teacht isteach agus chun c\u00f3na\u00ed; do dh\u00e9anamh socr\u00fa maidir le daoine \u00e1irithe a chur as an St\u00e1t; do dh\u00e9anamh socr\u00fa maidir le comhlacht a bhun\u00fa ar a dtabharfar an Binse um Achomhairc i dtaobh Tearmainn agus Filleadh n\u00f3, sa Bh\u00e9arla<i>, the Tribunal for Asylum and Returns Appeals<\/i> agus do dh\u00e9anamh socr\u00fa maidir lena fheidhmeanna; do dh\u00e9anamh socr\u00fa maidir le comhlacht a bhun\u00fa ar a dtabharfar Oifig an Phr\u00edomh-Chigire N\u00f3sanna Imeachta Teorann um Thearmann n\u00f3, sa Bh\u00e9arla, <i>the Office of the Chief Inspector of Asylum Border Procedures<\/i> agus do dh\u00e9anamh socr\u00fa maidir lena feidhmeanna; do leas\u00fa an Achta um Chosaint Idirn\u00e1isi\u00fanta, 2015 n\u00f3 d\u2019aisghairm for\u00e1lacha \u00e1irithe de; do leas\u00fa Acht N\u00e1isi\u00fantachta agus Saor\u00e1nachta \u00c9ireann, 1956, an Achta um Ch\u00faram Leana\u00ed, 1991, an Achta um Ch\u00fanamh Dl\u00edthi\u00fail Sibhialta, 1995, an Achta Inimirce, 1999, an Achta um Inimircigh Neamhdhleathacha (G\u00e1inne\u00e1il), 2000, an Achta Inimirce, 2004, an Achta um an mBi\u00far\u00f3 N\u00e1isi\u00fanta Grinnfhiosr\u00fach\u00e1in (Leana\u00ed agus Daoine Soghonta), 2012, an Achta um Th\u00fas \u00c1ite do Leana\u00ed, 2015<span style=\"color:red;\">&nbsp;<\/span>agus achtach\u00e1in \u00e1irithe eile; agus do dh\u00e9anamh socr\u00fa i dtaobh nithe gaolmhara.<\/p>","method":"Presented","methodURI":"https:\/\/data.oireachtas.ie\/ie\/oireachtas\/def\/bill-method\/presented","mostRecentStage":{"event":{"chamber":null,"dates":[{"date":"2026-04-22"}],"house":null,"progressStage":10,"showAs":"Enacted","stageCompleted":true,"stageOutcome":"Enacted","stageURI":"https:\/\/data.oireachtas.ie\/ie\/oireachtas\/def\/bill-stage\/enacted","uri":"https:\/\/data.oireachtas.ie\/ie\/oireachtas\/bill\/2026\/6\/stage\/oireachtas\/enacted"}},"originHouse":{"showAs":"D\u00e1il \u00c9ireann","uri":"https:\/\/data.oireachtas.ie\/ie\/oireachtas\/def\/house\/dail"},"originHouseURI":"https:\/\/data.oireachtas.ie\/ie\/oireachtas\/def\/house\/dail","relatedDocs":[{"relatedDoc":{"date":"2026-05-06","docType":"memo","formats":{"pdf":{"uri":"https:\/\/data.oireachtas.ie\/ie\/oireachtas\/bill\/2026\/6\/eng\/memo\/b0626d-memo-revised.pdf"},"xml":null},"lang":"eng","showAs":"Explanatory Memorandum","uri":"https:\/\/data.oireachtas.ie\/ie\/oireachtas\/bill\/2026\/6\/eng\/memo"}},{"relatedDoc":{"date":"2026-03-13","docType":"errata","formats":{"pdf":{"uri":"https:\/\/data.oireachtas.ie\/ie\/oireachtas\/bill\/2026\/6\/eng\/errata\/erratum-slip-international-protection-bill-2026.pdf"},"xml":null},"lang":"eng","showAs":"Erratum slip","uri":"https:\/\/data.oireachtas.ie\/ie\/oireachtas\/bill\/2026\/6\/eng\/errata"}},{"relatedDoc":{"date":"2026-01-22","docType":"memo","formats":{"pdf":{"uri":"https:\/\/data.oireachtas.ie\/ie\/oireachtas\/bill\/2026\/6\/eng\/memo\/b0626d-memo.pdf"},"xml":null},"lang":"eng","showAs":"Explanatory Memorandum","uri":"https:\/\/data.oireachtas.ie\/ie\/oireachtas\/bill\/2026\/6\/eng\/memo"}}],"shortTitleEn":"International Protection Bill 2026","shortTitleGa":"An Bille um Chosaint Idirn\u00e1isi\u00fanta, 2026","source":"Government","sourceURI":"https:\/\/data.oireachtas.ie\/ie\/oireachtas\/def\/bill-source\/government","sponsors":[{"sponsor":{"isPrimary":true,"as":{"showAs":"Minister for Justice, Home Affairs and Migration","uri":null},"by":{"showAs":null,"uri":null}}}],"stages":[{"event":{"chamber":{"chamberCode":"dail","showAs":"D\u00e1il \u00c9ireann","uri":"https:\/\/data.oireachtas.ie\/ie\/oireachtas\/def\/house\/dail"},"dates":[{"date":"2026-01-22"},{"date":"2026-01-22"}],"house":{"chamberCode":"dail","chamberType":"house","houseCode":"dail","houseNo":"34","showAs":"34th D\u00e1il","uri":"https:\/\/data.oireachtas.ie\/ie\/oireachtas\/house\/dail\/34"},"progressStage":1,"showAs":"First Stage","stageCompleted":true,"stageOutcome":null,"stageURI":"https:\/\/data.oireachtas.ie\/ie\/oireachtas\/def\/bill-stage\/1","uri":"https:\/\/data.oireachtas.ie\/ie\/oireachtas\/bill\/2026\/6\/stage\/dail\/1"}},{"event":{"chamber":{"chamberCode":"dail","showAs":"D\u00e1il \u00c9ireann","uri":"https:\/\/data.oireachtas.ie\/ie\/oireachtas\/def\/house\/dail"},"dates":[{"date":"2026-01-22"},{"date":"2026-01-22"},{"date":"2026-01-22"},{"date":"2026-01-22"}],"house":{"chamberCode":"dail","chamberType":"house","houseCode":"dail","houseNo":"34","showAs":"34th D\u00e1il","uri":"https:\/\/data.oireachtas.ie\/ie\/oireachtas\/house\/dail\/34"},"progressStage":2,"showAs":"Second Stage","stageCompleted":true,"stageOutcome":null,"stageURI":"https:\/\/data.oireachtas.ie\/ie\/oireachtas\/def\/bill-stage\/2","uri":"https:\/\/data.oireachtas.ie\/ie\/oireachtas\/bill\/2026\/6\/stage\/dail\/2"}},{"event":{"chamber":{"chamberCode":"dail","showAs":"D\u00e1il \u00c9ireann","uri":"https:\/\/data.oireachtas.ie\/ie\/oireachtas\/def\/house\/dail"},"dates":[{"date":"2026-02-18"}],"house":{"chamberCode":"dail","chamberType":"house","houseCode":"dail","houseNo":"34","showAs":"34th D\u00e1il","uri":"https:\/\/data.oireachtas.ie\/ie\/oireachtas\/house\/dail\/34"},"progressStage":3,"showAs":"Committee Stage","stageCompleted":true,"stageOutcome":null,"stageURI":"https:\/\/data.oireachtas.ie\/ie\/oireachtas\/def\/bill-stage\/3","uri":"https:\/\/data.oireachtas.ie\/ie\/oireachtas\/bill\/2026\/6\/stage\/dail\/3"}},{"event":{"chamber":{"chamberCode":"dail","showAs":"D\u00e1il \u00c9ireann","uri":"https:\/\/data.oireachtas.ie\/ie\/oireachtas\/def\/house\/dail"},"dates":[{"date":"2026-02-25"}],"house":{"chamberCode":"dail","chamberType":"house","houseCode":"dail","houseNo":"34","showAs":"34th D\u00e1il","uri":"https:\/\/data.oireachtas.ie\/ie\/oireachtas\/house\/dail\/34"},"progressStage":4,"showAs":"Report Stage","stageCompleted":true,"stageOutcome":null,"stageURI":"https:\/\/data.oireachtas.ie\/ie\/oireachtas\/def\/bill-stage\/4","uri":"https:\/\/data.oireachtas.ie\/ie\/oireachtas\/bill\/2026\/6\/stage\/dail\/4"}},{"event":{"chamber":{"chamberCode":"dail","showAs":"D\u00e1il \u00c9ireann","uri":"https:\/\/data.oireachtas.ie\/ie\/oireachtas\/def\/house\/dail"},"dates":[{"date":"2026-02-25"}],"house":{"chamberCode":"dail","chamberType":"house","houseCode":"dail","houseNo":"34","showAs":"34th D\u00e1il","uri":"https:\/\/data.oireachtas.ie\/ie\/oireachtas\/house\/dail\/34"},"progressStage":5,"showAs":"Fifth Stage","stageCompleted":true,"stageOutcome":null,"stageURI":"https:\/\/data.oireachtas.ie\/ie\/oireachtas\/def\/bill-stage\/5","uri":"https:\/\/data.oireachtas.ie\/ie\/oireachtas\/bill\/2026\/6\/stage\/dail\/5"}},{"event":{"chamber":{"chamberCode":"seanad","showAs":"Seanad \u00c9ireann","uri":"https:\/\/data.oireachtas.ie\/ie\/oireachtas\/def\/house\/seanad"},"dates":[{"date":"2026-03-03"}],"house":{"chamberCode":"seanad","chamberType":"house","houseCode":"seanad","houseNo":"27","showAs":"27th Seanad","uri":"https:\/\/data.oireachtas.ie\/ie\/oireachtas\/house\/seanad\/27"},"progressStage":6,"showAs":"Second Stage","stageCompleted":true,"stageOutcome":null,"stageURI":"https:\/\/data.oireachtas.ie\/ie\/oireachtas\/def\/bill-stage\/2","uri":"https:\/\/data.oireachtas.ie\/ie\/oireachtas\/bill\/2026\/6\/stage\/seanad\/2"}},{"event":{"chamber":{"chamberCode":"seanad","showAs":"Seanad \u00c9ireann","uri":"https:\/\/data.oireachtas.ie\/ie\/oireachtas\/def\/house\/seanad"},"dates":[{"date":"2026-03-03"}],"house":{"chamberCode":"seanad","chamberType":"house","houseCode":"seanad","houseNo":"27","showAs":"27th Seanad","uri":"https:\/\/data.oireachtas.ie\/ie\/oireachtas\/house\/seanad\/27"},"progressStage":7,"showAs":"Committee Stage","stageCompleted":true,"stageOutcome":null,"stageURI":"https:\/\/data.oireachtas.ie\/ie\/oireachtas\/def\/bill-stage\/3","uri":"https:\/\/data.oireachtas.ie\/ie\/oireachtas\/bill\/2026\/6\/stage\/seanad\/3"}},{"event":{"chamber":{"chamberCode":"seanad","showAs":"Seanad \u00c9ireann","uri":"https:\/\/data.oireachtas.ie\/ie\/oireachtas\/def\/house\/seanad"},"dates":[{"date":"2026-03-25"}],"house":{"chamberCode":"seanad","chamberType":"house","houseCode":"seanad","houseNo":"27","showAs":"27th Seanad","uri":"https:\/\/data.oireachtas.ie\/ie\/oireachtas\/house\/seanad\/27"},"progressStage":8,"showAs":"Report Stage","stageCompleted":true,"stageOutcome":null,"stageURI":"https:\/\/data.oireachtas.ie\/ie\/oireachtas\/def\/bill-stage\/4","uri":"https:\/\/data.oireachtas.ie\/ie\/oireachtas\/bill\/2026\/6\/stage\/seanad\/4"}},{"event":{"chamber":{"chamberCode":"seanad","showAs":"Seanad \u00c9ireann","uri":"https:\/\/data.oireachtas.ie\/ie\/oireachtas\/def\/house\/seanad"},"dates":[{"date":"2026-03-25"}],"house":{"chamberCode":"seanad","chamberType":"house","houseCode":"seanad","houseNo":"27","showAs":"27th Seanad","uri":"https:\/\/data.oireachtas.ie\/ie\/oireachtas\/house\/seanad\/27"},"progressStage":9,"showAs":"Fifth Stage","stageCompleted":true,"stageOutcome":null,"stageURI":"https:\/\/data.oireachtas.ie\/ie\/oireachtas\/def\/bill-stage\/5","uri":"https:\/\/data.oireachtas.ie\/ie\/oireachtas\/bill\/2026\/6\/stage\/seanad\/5"}},{"event":{"chamber":null,"dates":[{"date":"2026-04-22"}],"house":null,"progressStage":10,"showAs":"Enacted","stageCompleted":true,"stageOutcome":"Enacted","stageURI":"https:\/\/data.oireachtas.ie\/ie\/oireachtas\/def\/bill-stage\/enacted","uri":"https:\/\/data.oireachtas.ie\/ie\/oireachtas\/bill\/2026\/6\/stage\/oireachtas\/enacted"}}],"status":"Enacted","statusURI":"https:\/\/data.oireachtas.ie\/ie\/oireachtas\/def\/bill-status\/enacted","uri":"https:\/\/data.oireachtas.ie\/ie\/oireachtas\/bill\/2026\/6","versions":[{"version":{"lang":"eng","docType":"act","showAs":"International Protection Act 2026","date":"2026-04-22","formats":{"pdf":{"uri":"https:\/\/data.oireachtas.ie\/ie\/oireachtas\/act\/2026\/9\/eng\/enacted\/a0926.pdf"},"xml":null},"uri":"https:\/\/data.oireachtas.ie\/ie\/oireachtas\/act\/2026\/9\/eng\/enacted"}},{"version":{"lang":"eng","docType":"bill","showAs":"As passed by both Houses of the Oireachtas","date":"2026-04-15","formats":{"pdf":{"uri":"https:\/\/data.oireachtas.ie\/ie\/oireachtas\/bill\/2026\/6\/eng\/ver_b\/b06b26d-green-release.pdf"},"xml":null},"uri":"https:\/\/data.oireachtas.ie\/ie\/oireachtas\/bill\/2026\/6\/eng\/ver_b"}},{"version":{"lang":"eng","docType":"bill","showAs":"Administrative Reprint - As amended in Committee [Seanad \u00c9ireann]","date":"2026-03-19","formats":{"pdf":{"uri":"https:\/\/data.oireachtas.ie\/ie\/oireachtas\/bill\/2026\/6\/eng\/ver_a\/b06ax26d.pdf"},"xml":null},"uri":"https:\/\/data.oireachtas.ie\/ie\/oireachtas\/bill\/2026\/6\/eng\/ver_a"}},{"version":{"lang":"eng","docType":"bill","showAs":"As passed by D\u00e1il \u00c9ireann","date":"2026-02-25","formats":{"pdf":{"uri":"https:\/\/data.oireachtas.ie\/ie\/oireachtas\/bill\/2026\/6\/eng\/ver_a\/b06a26d.pdf"},"xml":null},"uri":"https:\/\/data.oireachtas.ie\/ie\/oireachtas\/bill\/2026\/6\/eng\/ver_a"}},{"version":{"lang":"eng","docType":"bill","showAs":"As Initiated","date":"2026-01-22","formats":{"pdf":{"uri":"https:\/\/data.oireachtas.ie\/ie\/oireachtas\/bill\/2026\/6\/eng\/initiated\/b0626d.pdf"},"xml":null},"uri":"https:\/\/data.oireachtas.ie\/ie\/oireachtas\/bill\/2026\/6\/eng\/initiated"}}]},"contextDate":"2026-04-22","billSort":{"actNoSort":9,"actShortTitleEnSort":"international-protection-act-2026","actShortTitleGaSort":"an-tacht-um-chosaint-idirnaisiunta-2026","actYearSort":2026,"billNoSort":6,"billShortTitleEnSort":"international-protection-bill-2026","billShortTitleGaSort":"an-bille-um-chosaint-idirnaisiunta-2026","billYearSort":2026}},{"bill":{"act":null,"amendmentLists":[],"billNo":"5","billType":"Public","billTypeURI":"https:\/\/data.oireachtas.ie\/ie\/oireachtas\/def\/bill-type\/public","billYear":"2026","debates":[{"chamber":{"showAs":"D\u00e1il \u00c9ireann","uri":"https:\/\/data.oireachtas.ie\/ie\/oireachtas\/def\/house\/dail"},"date":"2026-01-20","debateSectionId":"dbsect_8","showAs":"Agri-Food Regulator (Amendment) Bill 2026: First Stage","uri":"https:\/\/data.oireachtas.ie\/akn\/ie\/debateRecord\/dail\/2026-01-20\/debate\/main"}],"events":[{"event":{"chamber":{"chamberCode":"dail","showAs":"D\u00e1il \u00c9ireann","uri":"https:\/\/data.oireachtas.ie\/ie\/oireachtas\/def\/house\/dail"},"dates":[{"date":"2026-01-20"},{"date":"2026-01-20"}],"eventURI":"https:\/\/data.oireachtas.ie\/ie\/oireachtas\/def\/bill-event\/approved-for-initiation","showAs":"Approved for Initiation","uri":"https:\/\/data.oireachtas.ie\/ie\/oireachtas\/bill\/2026\/5\/approved-for-initiation"}}],"lastUpdated":"2026-01-21T11:17:43.760000+00:00","longTitleEn":"<p>Bill entitled an Act to provide for enhanced powers for the Agri-food Regulator to access data from businesses within the agricultural and food supply chain, including prices, margins, and related financial information, in order to promote transparency and protect consumer interests; and to provide for related matters.<\/p>","longTitleGa":"<p>Bille d\u00e1 ngairtear Acht do dh\u00e9anamh socr\u00fa maidir le cumhachta\u00ed feabhsaithe a bheith ag an Rial\u00e1la\u00ed Agraibia chun rochtain a fh\u00e1il ar shonra\u00ed \u00f3 ghn\u00f3tha\u00ed at\u00e1 i slabhra an tsol\u00e1thair talmha\u00edochta agus bia, lena n-\u00e1ir\u00edtear praghsanna, corrlaigh, agus faisn\u00e9is airgeadais ghaolmhar, d\u2019fhonn tr\u00e9dhearcacht a chur chun cinn agus leasanna tomhalt\u00f3ir\u00ed a chosaint; agus do dh\u00e9anamh socr\u00fa i dtaobh nithe gaolmhara.<\/p>","method":"Introduced","methodURI":"https:\/\/data.oireachtas.ie\/ie\/oireachtas\/def\/bill-method\/introduced","mostRecentStage":{"event":{"chamber":{"chamberCode":"dail","showAs":"D\u00e1il \u00c9ireann","uri":"https:\/\/data.oireachtas.ie\/ie\/oireachtas\/def\/house\/dail"},"dates":[{"date":"2026-01-20"}],"house":{"chamberCode":"dail","chamberType":"house","houseCode":"dail","houseNo":"34","showAs":"34th D\u00e1il","uri":"https:\/\/data.oireachtas.ie\/ie\/oireachtas\/house\/dail\/34"},"progressStage":2,"showAs":"Second Stage","stageCompleted":false,"stageOutcome":"Current","stageURI":"https:\/\/data.oireachtas.ie\/ie\/oireachtas\/def\/bill-stage\/2","uri":"https:\/\/data.oireachtas.ie\/ie\/oireachtas\/bill\/2026\/5\/stage\/dail\/2"}},"originHouse":{"showAs":"D\u00e1il \u00c9ireann","uri":"https:\/\/data.oireachtas.ie\/ie\/oireachtas\/def\/house\/dail"},"originHouseURI":"https:\/\/data.oireachtas.ie\/ie\/oireachtas\/def\/house\/dail","relatedDocs":[{"relatedDoc":{"date":"2026-01-20","docType":"memo","formats":{"pdf":{"uri":"https:\/\/data.oireachtas.ie\/ie\/oireachtas\/bill\/2026\/5\/eng\/memo\/b0526d-memo.pdf"},"xml":null},"lang":"eng","showAs":"Explanatory Memorandum","uri":"https:\/\/data.oireachtas.ie\/ie\/oireachtas\/bill\/2026\/5\/eng\/memo"}}],"shortTitleEn":"Agri-Food Regulator (Amendment) Bill 2026","shortTitleGa":"An Bille um an Rial\u00e1la\u00ed Agraibhia (Leas\u00fa), 2026","source":"Private Member","sourceURI":"https:\/\/data.oireachtas.ie\/ie\/oireachtas\/def\/bill-source\/private-member","sponsors":[{"sponsor":{"isPrimary":true,"as":{"showAs":null,"uri":null},"by":{"showAs":"Jennifer Whitmore","uri":"https:\/\/data.oireachtas.ie\/ie\/oireachtas\/member\/id\/Jennifer-Whitmore.D.2020-02-08"}}}],"stages":[{"event":{"chamber":{"chamberCode":"dail","showAs":"D\u00e1il \u00c9ireann","uri":"https:\/\/data.oireachtas.ie\/ie\/oireachtas\/def\/house\/dail"},"dates":[{"date":"2026-01-20"},{"date":"2026-01-20"},{"date":"2026-01-20"}],"house":{"chamberCode":"dail","chamberType":"house","houseCode":"dail","houseNo":"34","showAs":"34th D\u00e1il","uri":"https:\/\/data.oireachtas.ie\/ie\/oireachtas\/house\/dail\/34"},"progressStage":1,"showAs":"First Stage","stageCompleted":true,"stageOutcome":null,"stageURI":"https:\/\/data.oireachtas.ie\/ie\/oireachtas\/def\/bill-stage\/1","uri":"https:\/\/data.oireachtas.ie\/ie\/oireachtas\/bill\/2026\/5\/stage\/dail\/1"}},{"event":{"chamber":{"chamberCode":"dail","showAs":"D\u00e1il \u00c9ireann","uri":"https:\/\/data.oireachtas.ie\/ie\/oireachtas\/def\/house\/dail"},"dates":[{"date":"2026-01-20"}],"house":{"chamberCode":"dail","chamberType":"house","houseCode":"dail","houseNo":"34","showAs":"34th D\u00e1il","uri":"https:\/\/data.oireachtas.ie\/ie\/oireachtas\/house\/dail\/34"},"progressStage":2,"showAs":"Second Stage","stageCompleted":false,"stageOutcome":"Current","stageURI":"https:\/\/data.oireachtas.ie\/ie\/oireachtas\/def\/bill-stage\/2","uri":"https:\/\/data.oireachtas.ie\/ie\/oireachtas\/bill\/2026\/5\/stage\/dail\/2"}}],"status":"Current","statusURI":"https:\/\/data.oireachtas.ie\/ie\/oireachtas\/def\/bill-status\/published","uri":"https:\/\/data.oireachtas.ie\/ie\/oireachtas\/bill\/2026\/5","versions":[{"version":{"lang":"eng","docType":"bill","showAs":"As Initiated","date":"2026-01-20","formats":{"pdf":{"uri":"https:\/\/data.oireachtas.ie\/ie\/oireachtas\/bill\/2026\/5\/eng\/initiated\/b0526d.pdf"},"xml":null},"uri":"https:\/\/data.oireachtas.ie\/ie\/oireachtas\/bill\/2026\/5\/eng\/initiated"}}]},"contextDate":"2026-01-20","billSort":{"actNoSort":null,"actShortTitleEnSort":null,"actShortTitleGaSort":null,"actYearSort":null,"billNoSort":5,"billShortTitleEnSort":"agri-food-regulator-amendment-bill-2026","billShortTitleGaSort":"an-bille-um-an-rialalai-agraibhia-leasu-2026","billYearSort":2026}},{"bill":{"act":null,"amendmentLists":[],"billNo":"4","billType":"Public","billTypeURI":"https:\/\/data.oireachtas.ie\/ie\/oireachtas\/def\/bill-type\/public","billYear":"2026","debates":[{"chamber":{"showAs":"D\u00e1il \u00c9ireann","uri":"https:\/\/data.oireachtas.ie\/ie\/oireachtas\/def\/house\/dail"},"date":"2026-01-15","debateSectionId":"dbsect_34","showAs":"Equal Status (Access to Toilet Facilities) Bill 2026: First Stage","uri":"https:\/\/data.oireachtas.ie\/akn\/ie\/debateRecord\/dail\/2026-01-15\/debate\/main"}],"events":[{"event":{"chamber":{"chamberCode":"dail","showAs":"D\u00e1il \u00c9ireann","uri":"https:\/\/data.oireachtas.ie\/ie\/oireachtas\/def\/house\/dail"},"dates":[{"date":"2026-01-06"},{"date":"2026-01-15"}],"eventURI":"https:\/\/data.oireachtas.ie\/ie\/oireachtas\/def\/bill-event\/approved-for-initiation","showAs":"Approved for Initiation","uri":"https:\/\/data.oireachtas.ie\/ie\/oireachtas\/bill\/2026\/4\/approved-for-initiation"}}],"lastUpdated":"2026-01-16T09:57:05.870000+00:00","longTitleEn":"<p>Bill entitled an Act to entitle customers with certain medical conditions to make use of staff toilet facilities in retail establishments in certain circumstances, to provide for redress where the entitlement is not met, and to provide for connected matters.<\/p>","longTitleGa":"<p>Bille d\u00e1 ngairtear Acht do thabhairt teideal do chustaim\u00e9ir\u00ed, a bhfuil riochta\u00ed liachta \u00e1irithe ag gabh\u00e1il d\u00f3ibh, chun \u00fas\u00e1id a bhaint as saor\u00e1id\u00ed leithris foirne i mbunachais mhiond\u00edola in imthosca \u00e1irithe, do dh\u00e9anamh socr\u00fa maidir le s\u00e1samh i gc\u00e1s nach nd\u00e9anfar de r\u00e9ir na teidl\u00edochta sin, agus do dh\u00e9anamh socr\u00fa i dtaobh nithe comhghaolmhara.<\/p>","method":"Introduced","methodURI":"https:\/\/data.oireachtas.ie\/ie\/oireachtas\/def\/bill-method\/introduced","mostRecentStage":{"event":{"chamber":{"chamberCode":"dail","showAs":"D\u00e1il \u00c9ireann","uri":"https:\/\/data.oireachtas.ie\/ie\/oireachtas\/def\/house\/dail"},"dates":[{"date":"2026-01-15"}],"house":{"chamberCode":"dail","chamberType":"house","houseCode":"dail","houseNo":"34","showAs":"34th D\u00e1il","uri":"https:\/\/data.oireachtas.ie\/ie\/oireachtas\/house\/dail\/34"},"progressStage":2,"showAs":"Second Stage","stageCompleted":false,"stageOutcome":"Current","stageURI":"https:\/\/data.oireachtas.ie\/ie\/oireachtas\/def\/bill-stage\/2","uri":"https:\/\/data.oireachtas.ie\/ie\/oireachtas\/bill\/2026\/4\/stage\/dail\/2"}},"originHouse":{"showAs":"D\u00e1il \u00c9ireann","uri":"https:\/\/data.oireachtas.ie\/ie\/oireachtas\/def\/house\/dail"},"originHouseURI":"https:\/\/data.oireachtas.ie\/ie\/oireachtas\/def\/house\/dail","relatedDocs":[{"relatedDoc":{"date":"2026-01-15","docType":"memo","formats":{"pdf":{"uri":"https:\/\/data.oireachtas.ie\/ie\/oireachtas\/bill\/2026\/4\/eng\/memo\/b0426d-memo.pdf"},"xml":null},"lang":"eng","showAs":"Explanatory Memorandum","uri":"https:\/\/data.oireachtas.ie\/ie\/oireachtas\/bill\/2026\/4\/eng\/memo"}}],"shortTitleEn":"Equal Status (Access to Toilet Facilities) Bill 2026","shortTitleGa":"An Bille um St\u00e1das Comhionann (Rochtain ar Shaor\u00e1id\u00ed Leithris), 2026","source":"Private Member","sourceURI":"https:\/\/data.oireachtas.ie\/ie\/oireachtas\/def\/bill-source\/private-member","sponsors":[{"sponsor":{"isPrimary":true,"as":{"showAs":null,"uri":null},"by":{"showAs":"Mark Wall","uri":"https:\/\/data.oireachtas.ie\/ie\/oireachtas\/member\/id\/Mark-Wall.S.2020-03-30"}}}],"stages":[{"event":{"chamber":{"chamberCode":"dail","showAs":"D\u00e1il \u00c9ireann","uri":"https:\/\/data.oireachtas.ie\/ie\/oireachtas\/def\/house\/dail"},"dates":[{"date":"2026-01-06"},{"date":"2026-01-15"},{"date":"2026-01-15"}],"house":{"chamberCode":"dail","chamberType":"house","houseCode":"dail","houseNo":"34","showAs":"34th D\u00e1il","uri":"https:\/\/data.oireachtas.ie\/ie\/oireachtas\/house\/dail\/34"},"progressStage":1,"showAs":"First Stage","stageCompleted":true,"stageOutcome":null,"stageURI":"https:\/\/data.oireachtas.ie\/ie\/oireachtas\/def\/bill-stage\/1","uri":"https:\/\/data.oireachtas.ie\/ie\/oireachtas\/bill\/2026\/4\/stage\/dail\/1"}},{"event":{"chamber":{"chamberCode":"dail","showAs":"D\u00e1il \u00c9ireann","uri":"https:\/\/data.oireachtas.ie\/ie\/oireachtas\/def\/house\/dail"},"dates":[{"date":"2026-01-15"}],"house":{"chamberCode":"dail","chamberType":"house","houseCode":"dail","houseNo":"34","showAs":"34th D\u00e1il","uri":"https:\/\/data.oireachtas.ie\/ie\/oireachtas\/house\/dail\/34"},"progressStage":2,"showAs":"Second Stage","stageCompleted":false,"stageOutcome":"Current","stageURI":"https:\/\/data.oireachtas.ie\/ie\/oireachtas\/def\/bill-stage\/2","uri":"https:\/\/data.oireachtas.ie\/ie\/oireachtas\/bill\/2026\/4\/stage\/dail\/2"}}],"status":"Current","statusURI":"https:\/\/data.oireachtas.ie\/ie\/oireachtas\/def\/bill-status\/published","uri":"https:\/\/data.oireachtas.ie\/ie\/oireachtas\/bill\/2026\/4","versions":[{"version":{"lang":"eng","docType":"bill","showAs":"As Initiated","date":"2026-01-15","formats":{"pdf":{"uri":"https:\/\/data.oireachtas.ie\/ie\/oireachtas\/bill\/2026\/4\/eng\/initiated\/b0426d.pdf"},"xml":null},"uri":"https:\/\/data.oireachtas.ie\/ie\/oireachtas\/bill\/2026\/4\/eng\/initiated"}}]},"contextDate":"2026-01-15","billSort":{"actNoSort":null,"actShortTitleEnSort":null,"actShortTitleGaSort":null,"actYearSort":null,"billNoSort":4,"billShortTitleEnSort":"equal-status-access-to-toilet-facilities-bill-2026","billShortTitleGaSort":"an-bille-um-stadas-comhionann-rochtain-ar-shaoraidi-leithris-2026","billYearSort":2026}},{"bill":{"act":null,"amendmentLists":[{"amendmentList":{"amendmentTypeUri":{"uri":"https:\/\/data.oireachtas.ie\/ie\/oireachtas\/def\/amendment-type\/numberedList"},"chamber":{"showAs":"Seanad","uri":"https:\/\/data.oireachtas.ie\/ie\/oireachtas\/def\/seanad"},"date":"2026-06-16","formats":{"pdf":{"uri":"https:\/\/data.oireachtas.ie\/ie\/oireachtas\/bill\/2026\/3\/seanad\/4\/amendment\/numberedList\/eng\/b03a26d-srnl.pdf"},"xml":null},"showAs":"Numbered List [Seanad]","stage":{"showAs":"Report Stage","uri":"https:\/\/data.oireachtas.ie\/ie\/oireachtas\/bill\/2026\/3\/seanad\/4"},"stageNo":"4"}},{"amendmentList":{"amendmentTypeUri":{"uri":"https:\/\/data.oireachtas.ie\/ie\/oireachtas\/def\/amendment-type\/numberedList"},"chamber":{"showAs":"Seanad","uri":"https:\/\/data.oireachtas.ie\/ie\/oireachtas\/def\/seanad"},"date":"2026-05-26","formats":{"pdf":{"uri":"https:\/\/data.oireachtas.ie\/ie\/oireachtas\/bill\/2026\/3\/seanad\/3\/amendment\/numberedList\/eng\/b0326s-scnl-additional-list.pdf"},"xml":null},"showAs":"1st Additional List of Amendments [Seanad]","stage":{"showAs":"Committee Stage","uri":"https:\/\/data.oireachtas.ie\/ie\/oireachtas\/bill\/2026\/3\/seanad\/3"},"stageNo":"3"}},{"amendmentList":{"amendmentTypeUri":{"uri":"https:\/\/data.oireachtas.ie\/ie\/oireachtas\/def\/amendment-type\/numberedList"},"chamber":{"showAs":"Seanad","uri":"https:\/\/data.oireachtas.ie\/ie\/oireachtas\/def\/seanad"},"date":"2026-05-14","formats":{"pdf":{"uri":"https:\/\/data.oireachtas.ie\/ie\/oireachtas\/bill\/2026\/3\/seanad\/3\/amendment\/numberedList\/eng\/b0326d-scnl-sub-list.pdf"},"xml":null},"showAs":"1st Substitute List of Amendments [Seanad]","stage":{"showAs":"Committee Stage","uri":"https:\/\/data.oireachtas.ie\/ie\/oireachtas\/bill\/2026\/3\/seanad\/3"},"stageNo":"3"}},{"amendmentList":{"amendmentTypeUri":{"uri":"https:\/\/data.oireachtas.ie\/ie\/oireachtas\/def\/amendment-type\/numberedList"},"chamber":{"showAs":"Seanad","uri":"https:\/\/data.oireachtas.ie\/ie\/oireachtas\/def\/seanad"},"date":"2026-05-14","formats":{"pdf":{"uri":"https:\/\/data.oireachtas.ie\/ie\/oireachtas\/bill\/2026\/3\/seanad\/3\/amendment\/numberedList\/eng\/b0326d-scnl.pdf"},"xml":null},"showAs":"Numbered List [Seanad]","stage":{"showAs":"Committee Stage","uri":"https:\/\/data.oireachtas.ie\/ie\/oireachtas\/bill\/2026\/3\/seanad\/3"},"stageNo":"3"}}],"billNo":"3","billType":"Public","billTypeURI":"https:\/\/data.oireachtas.ie\/ie\/oireachtas\/def\/bill-type\/public","billYear":"2026","debates":[{"chamber":{"showAs":"Seanad \u00c9ireann","uri":"https:\/\/data.oireachtas.ie\/ie\/oireachtas\/def\/house\/seanad"},"date":"2026-06-17","debateSectionId":"dbsect_14","showAs":"Garda S\u00edoch\u00e1na (Powers) Bill 2026: Report and Final Stages","uri":"https:\/\/data.oireachtas.ie\/akn\/ie\/debateRecord\/seanad\/2026-06-17\/debate\/main"},{"chamber":{"showAs":"Seanad \u00c9ireann","uri":"https:\/\/data.oireachtas.ie\/ie\/oireachtas\/def\/house\/seanad"},"date":"2026-06-10","debateSectionId":"dbsect_24","showAs":"Garda S\u00edoch\u00e1na (Powers) Bill 2026: Committee Stage (Resumed)","uri":"https:\/\/data.oireachtas.ie\/akn\/ie\/debateRecord\/seanad\/2026-06-10\/debate\/main"},{"chamber":{"showAs":"Seanad \u00c9ireann","uri":"https:\/\/data.oireachtas.ie\/ie\/oireachtas\/def\/house\/seanad"},"date":"2026-05-26","debateSectionId":"dbsect_13","showAs":"Garda S\u00edoch\u00e1na (Powers) Bill 2026: Committee Stage (Resumed)","uri":"https:\/\/data.oireachtas.ie\/akn\/ie\/debateRecord\/seanad\/2026-05-26\/debate\/main"},{"chamber":{"showAs":"Seanad \u00c9ireann","uri":"https:\/\/data.oireachtas.ie\/ie\/oireachtas\/def\/house\/seanad"},"date":"2026-05-14","debateSectionId":"dbsect_10","showAs":"Garda S\u00edoch\u00e1na (Powers) Bill 2026: Committee Stage","uri":"https:\/\/data.oireachtas.ie\/akn\/ie\/debateRecord\/seanad\/2026-05-14\/debate\/main"},{"chamber":{"showAs":"Seanad \u00c9ireann","uri":"https:\/\/data.oireachtas.ie\/ie\/oireachtas\/def\/house\/seanad"},"date":"2026-02-04","debateSectionId":"dbsect_16","showAs":"Garda S\u00edoch\u00e1na (Powers) Bill 2026: Order for Second Stage","uri":"https:\/\/data.oireachtas.ie\/akn\/ie\/debateRecord\/seanad\/2026-02-04\/debate\/main"},{"chamber":{"showAs":"Seanad \u00c9ireann","uri":"https:\/\/data.oireachtas.ie\/ie\/oireachtas\/def\/house\/seanad"},"date":"2026-02-04","debateSectionId":"dbsect_17","showAs":"Garda S\u00edoch\u00e1na (Powers) Bill 2026: Second Stage","uri":"https:\/\/data.oireachtas.ie\/akn\/ie\/debateRecord\/seanad\/2026-02-04\/debate\/main"}],"events":[{"event":{"chamber":{"chamberCode":"seanad","showAs":"Seanad \u00c9ireann","uri":"https:\/\/data.oireachtas.ie\/ie\/oireachtas\/def\/house\/seanad"},"dates":[{"date":"2026-01-14"}],"eventURI":"https:\/\/data.oireachtas.ie\/ie\/oireachtas\/def\/bill-event\/published","showAs":"Published","uri":"https:\/\/data.oireachtas.ie\/ie\/oireachtas\/bill\/2026\/3\/published"}}],"lastUpdated":"2026-06-18T11:02:06.000000+00:00","longTitleEn":"<p>Bill entitled an Act to make provision in relation to the power of members of An Garda S\u00edoch\u00e1na to stop and search persons and vehicles in specified circumstances; to make provision in relation to the search of premises; to make provision in relation to the treatment of persons in custody; to give further effect to Directive 2013\/48\/EU of the European Parliament and of the Council of 22 October 2013 on the right of access to a lawyer in criminal proceedings and in European arrest warrant proceedings, and on the right to have a third party informed upon deprivation of liberty and to communicate with third persons and with consular authorities when deprived of liberty; to amend the Criminal Law Act 1976, the Criminal Justice (Miscellaneous Provisions) Act 1997 and the Criminal Justice Act 2007; and to provide for related matters.<\/p>","longTitleGa":"<p>Bille d\u00e1 ngairtear Acht do dh\u00e9anamh socr\u00fa i nd\u00e1il leis an gcumhacht at\u00e1 ag comhalta\u00ed den Gharda S\u00edoch\u00e1na chun daoine agus feithicl\u00ed a stopadh, agus chun cuardach a dh\u00e9anamh orthu, in imthosca sonraithe; do dh\u00e9anamh socr\u00fa i nd\u00e1il le h\u00e1itreabh a chuardach; do dh\u00e9anamh socr\u00fa i nd\u00e1il leis an mbail a chuirfear ar dhaoine faoi choime\u00e1d; do thabhairt tuilleadh \u00e9ifeachta do Threoir 2013\/48\/AE \u00f3 Pharlaimint na hEorpa agus \u00f3n gComhairle an 22 Deireadh F\u00f3mhair 2013 maidir leis an gceart rochtana ar dhl\u00edod\u00f3ir in imeachta\u00ed coiri\u00fala agus in imeachta\u00ed a bhaineann le bar\u00e1ntas gabh\u00e1la Eorpach, agus maidir leis an gceart chun tr\u00ed\u00fa p\u00e1irt\u00ed a chur ar an eolas ar chailleadh saoirse agus chun cumars\u00e1id a dh\u00e9anamh le tr\u00ed\u00fa pearsana agus le h\u00fadar\u00e1is chonsalachta nuair a chailltear saoirse; do leas\u00fa an Achta um an Dl\u00ed Coiri\u00fail, 1976, an Achta um Cheartas Coiri\u00fail (For\u00e1lacha Ilghn\u00e9itheacha), 1997 agus an Achta um Cheartas Coiri\u00fail, 2007; agus do dh\u00e9anamh socr\u00fa i dtaobh nithe gaolmhara.<\/p>","method":"Presented","methodURI":"https:\/\/data.oireachtas.ie\/ie\/oireachtas\/def\/bill-method\/presented","mostRecentStage":{"event":{"chamber":{"chamberCode":"seanad","showAs":"Seanad \u00c9ireann","uri":"https:\/\/data.oireachtas.ie\/ie\/oireachtas\/def\/house\/seanad"},"dates":[{"date":"2026-06-17"}],"house":{"chamberCode":"seanad","chamberType":"house","houseCode":"seanad","houseNo":"27","showAs":"27th Seanad","uri":"https:\/\/data.oireachtas.ie\/ie\/oireachtas\/house\/seanad\/27"},"progressStage":5,"showAs":"Fifth Stage","stageCompleted":true,"stageOutcome":null,"stageURI":"https:\/\/data.oireachtas.ie\/ie\/oireachtas\/def\/bill-stage\/5","uri":"https:\/\/data.oireachtas.ie\/ie\/oireachtas\/bill\/2026\/3\/stage\/seanad\/5"}},"originHouse":{"showAs":"Seanad \u00c9ireann","uri":"https:\/\/data.oireachtas.ie\/ie\/oireachtas\/def\/house\/seanad"},"originHouseURI":"https:\/\/data.oireachtas.ie\/ie\/oireachtas\/def\/house\/seanad","relatedDocs":[{"relatedDoc":{"date":"2026-01-14","docType":"memo","formats":{"pdf":{"uri":"https:\/\/data.oireachtas.ie\/ie\/oireachtas\/bill\/2026\/3\/eng\/memo\/b0326s-memo.pdf"},"xml":null},"lang":"eng","showAs":"Explanatory Memorandum","uri":"https:\/\/data.oireachtas.ie\/ie\/oireachtas\/bill\/2026\/3\/eng\/memo"}}],"shortTitleEn":"Garda S\u00edoch\u00e1na (Powers) Bill 2026","shortTitleGa":"Bille an Gharda S\u00edoch\u00e1na (Cumhachta\u00ed), 2026","source":"Government","sourceURI":"https:\/\/data.oireachtas.ie\/ie\/oireachtas\/def\/bill-source\/government","sponsors":[{"sponsor":{"isPrimary":true,"as":{"showAs":"Minister for Justice, Home Affairs and Migration","uri":null},"by":{"showAs":null,"uri":null}}}],"stages":[{"event":{"chamber":{"chamberCode":"seanad","showAs":"Seanad \u00c9ireann","uri":"https:\/\/data.oireachtas.ie\/ie\/oireachtas\/def\/house\/seanad"},"dates":[{"date":"2026-01-14"},{"date":"2026-01-14"}],"house":{"chamberCode":"seanad","chamberType":"house","houseCode":"seanad","houseNo":"27","showAs":"27th Seanad","uri":"https:\/\/data.oireachtas.ie\/ie\/oireachtas\/house\/seanad\/27"},"progressStage":1,"showAs":"First Stage","stageCompleted":true,"stageOutcome":null,"stageURI":"https:\/\/data.oireachtas.ie\/ie\/oireachtas\/def\/bill-stage\/1","uri":"https:\/\/data.oireachtas.ie\/ie\/oireachtas\/bill\/2026\/3\/stage\/seanad\/1"}},{"event":{"chamber":{"chamberCode":"seanad","showAs":"Seanad \u00c9ireann","uri":"https:\/\/data.oireachtas.ie\/ie\/oireachtas\/def\/house\/seanad"},"dates":[{"date":"2026-01-14"}],"house":{"chamberCode":"seanad","chamberType":"house","houseCode":"seanad","houseNo":"27","showAs":"27th Seanad","uri":"https:\/\/data.oireachtas.ie\/ie\/oireachtas\/house\/seanad\/27"},"progressStage":2,"showAs":"Second Stage","stageCompleted":true,"stageOutcome":null,"stageURI":"https:\/\/data.oireachtas.ie\/ie\/oireachtas\/def\/bill-stage\/2","uri":"https:\/\/data.oireachtas.ie\/ie\/oireachtas\/bill\/2026\/3\/stage\/seanad\/2"}},{"event":{"chamber":{"chamberCode":"seanad","showAs":"Seanad \u00c9ireann","uri":"https:\/\/data.oireachtas.ie\/ie\/oireachtas\/def\/house\/seanad"},"dates":[{"date":"2026-02-04"},{"date":"2026-02-04"},{"date":"2026-02-04"},{"date":"2026-02-04"},{"date":"2026-02-04"},{"date":"2026-02-04"},{"date":"2026-02-04"},{"date":"2026-02-04"},{"date":"2026-02-04"}],"house":{"chamberCode":"seanad","chamberType":"house","houseCode":"seanad","houseNo":"27","showAs":"27th Seanad","uri":"https:\/\/data.oireachtas.ie\/ie\/oireachtas\/house\/seanad\/27"},"progressStage":3,"showAs":"Committee Stage","stageCompleted":true,"stageOutcome":null,"stageURI":"https:\/\/data.oireachtas.ie\/ie\/oireachtas\/def\/bill-stage\/3","uri":"https:\/\/data.oireachtas.ie\/ie\/oireachtas\/bill\/2026\/3\/stage\/seanad\/3"}},{"event":{"chamber":{"chamberCode":"seanad","showAs":"Seanad \u00c9ireann","uri":"https:\/\/data.oireachtas.ie\/ie\/oireachtas\/def\/house\/seanad"},"dates":[{"date":"2026-06-17"}],"house":{"chamberCode":"seanad","chamberType":"house","houseCode":"seanad","houseNo":"27","showAs":"27th Seanad","uri":"https:\/\/data.oireachtas.ie\/ie\/oireachtas\/house\/seanad\/27"},"progressStage":4,"showAs":"Report Stage","stageCompleted":true,"stageOutcome":null,"stageURI":"https:\/\/data.oireachtas.ie\/ie\/oireachtas\/def\/bill-stage\/4","uri":"https:\/\/data.oireachtas.ie\/ie\/oireachtas\/bill\/2026\/3\/stage\/seanad\/4"}},{"event":{"chamber":{"chamberCode":"seanad","showAs":"Seanad \u00c9ireann","uri":"https:\/\/data.oireachtas.ie\/ie\/oireachtas\/def\/house\/seanad"},"dates":[{"date":"2026-06-17"}],"house":{"chamberCode":"seanad","chamberType":"house","houseCode":"seanad","houseNo":"27","showAs":"27th Seanad","uri":"https:\/\/data.oireachtas.ie\/ie\/oireachtas\/house\/seanad\/27"},"progressStage":5,"showAs":"Fifth Stage","stageCompleted":true,"stageOutcome":null,"stageURI":"https:\/\/data.oireachtas.ie\/ie\/oireachtas\/def\/bill-stage\/5","uri":"https:\/\/data.oireachtas.ie\/ie\/oireachtas\/bill\/2026\/3\/stage\/seanad\/5"}}],"status":"Current","statusURI":"https:\/\/data.oireachtas.ie\/ie\/oireachtas\/def\/bill-status\/published","uri":"https:\/\/data.oireachtas.ie\/ie\/oireachtas\/bill\/2026\/3","versions":[{"version":{"lang":"eng","docType":"bill","showAs":"As amended in Committee [Seanad \u00c9ireann]","date":"2026-06-10","formats":{"pdf":{"uri":"https:\/\/data.oireachtas.ie\/ie\/oireachtas\/bill\/2026\/3\/eng\/ver_a\/b03a26s.pdf"},"xml":null},"uri":"https:\/\/data.oireachtas.ie\/ie\/oireachtas\/bill\/2026\/3\/eng\/ver_a"}},{"version":{"lang":"eng","docType":"bill","showAs":"As Initiated","date":"2026-01-14","formats":{"pdf":{"uri":"https:\/\/data.oireachtas.ie\/ie\/oireachtas\/bill\/2026\/3\/eng\/initiated\/b0326s.pdf"},"xml":null},"uri":"https:\/\/data.oireachtas.ie\/ie\/oireachtas\/bill\/2026\/3\/eng\/initiated"}}]},"contextDate":"2026-06-17","billSort":{"actNoSort":null,"actShortTitleEnSort":null,"actShortTitleGaSort":null,"actYearSort":null,"billNoSort":3,"billShortTitleEnSort":"garda-siochana-powers-bill-2026","billShortTitleGaSort":"bille-an-gharda-siochana-cumhachtai-2026","billYearSort":2026}},{"bill":{"act":null,"amendmentLists":[{"amendmentList":{"amendmentTypeUri":{"uri":"https:\/\/data.oireachtas.ie\/ie\/oireachtas\/def\/amendment-type\/numberedList"},"chamber":{"showAs":"Dail","uri":"https:\/\/data.oireachtas.ie\/ie\/oireachtas\/def\/dail"},"date":"2026-05-26","formats":{"pdf":{"uri":"https:\/\/data.oireachtas.ie\/ie\/oireachtas\/bill\/2026\/2\/dail\/3\/amendment\/numberedList\/eng\/b0226d-dcnl.pdf"},"xml":null},"showAs":"Numbered List [D\u00e1il]","stage":{"showAs":"Committee Stage","uri":"https:\/\/data.oireachtas.ie\/ie\/oireachtas\/bill\/2026\/2\/dail\/3"},"stageNo":"3"}}],"billNo":"2","billType":"Public","billTypeURI":"https:\/\/data.oireachtas.ie\/ie\/oireachtas\/def\/bill-type\/public","billYear":"2026","debates":[{"chamber":{"showAs":"D\u00e1il \u00c9ireann","uri":"https:\/\/data.oireachtas.ie\/ie\/oireachtas\/def\/house\/dail"},"date":"2026-05-27","debateSectionId":"dbsect_20","showAs":"Gas Safety (Amendment) Bill 2026: Committee and Remaining Stages","uri":"https:\/\/data.oireachtas.ie\/akn\/ie\/debateRecord\/dail\/2026-05-27\/debate\/main"},{"chamber":{"showAs":"D\u00e1il \u00c9ireann","uri":"https:\/\/data.oireachtas.ie\/ie\/oireachtas\/def\/house\/dail"},"date":"2026-01-14","debateSectionId":"dbsect_14","showAs":"Gas Safety (Amendment) Bill 2026: Second Stage","uri":"https:\/\/data.oireachtas.ie\/akn\/ie\/debateRecord\/dail\/2026-01-14\/debate\/main"},{"chamber":{"showAs":"D\u00e1il \u00c9ireann","uri":"https:\/\/data.oireachtas.ie\/ie\/oireachtas\/def\/house\/dail"},"date":"2026-01-14","debateSectionId":"dbsect_15","showAs":"Gas Safety (Amendment) Bill 2026: Referral to Select Committee","uri":"https:\/\/data.oireachtas.ie\/akn\/ie\/debateRecord\/dail\/2026-01-14\/debate\/main"}],"events":[{"event":{"chamber":{"chamberCode":"dail","showAs":"D\u00e1il \u00c9ireann","uri":"https:\/\/data.oireachtas.ie\/ie\/oireachtas\/def\/house\/dail"},"dates":[{"date":"2026-01-09"}],"eventURI":"https:\/\/data.oireachtas.ie\/ie\/oireachtas\/def\/bill-event\/published","showAs":"Published","uri":"https:\/\/data.oireachtas.ie\/ie\/oireachtas\/bill\/2026\/2\/published"}}],"lastUpdated":"2026-05-28T09:45:14.310000+00:00","longTitleEn":"<p>Bill entitled An Act to amend the Electricity Regulation Act 1999 to provide for the funding of functions of an Electrical Safety Supervisory Body or Gas Safety Supervisory Body appointed under that Act by the Commission for Regulation of Utilities; to provide for safety of the establishment, operation, maintenance, modification and use of natural gas and liquefied petroleum gas and the decommissioning of natural gas and liquefied petroleum gas infrastructure, in particular by requiring natural gas undertakings to prepare safety cases for natural gas activities designated by regulations and liquefied petroleum gas undertakings to prepare safety cases for liquefied petroleum gas activities designated by regulations and requiring such safety cases to be submitted to the Commission for Regulation of Utilities for acceptance and providing for the Commission, if it accepts the safety case concerned, to issue to the undertaking concerned a safety permit; to empower the Commission to be the appointing body for gas emergency officers in so far as liquefied petroleum gas is concerned and, also, to strengthen the powers and duties of such officers; to provide for appeals to appeal officers against certain decisions of the Commission; to revoke the Gas Safety (Liquefied Petroleum Gas Incident) Regulations 2014 and Regulation 6 of the Gas Safety (Liquefied Petroleum Gas Incident Reporting and Investigation) Regulations 2014; to amend the Turf Development Act 1998; and to provide for related matters.<\/p>","longTitleGa":"<p>Bille d\u00e1 ngairtear Acht do leas\u00fa an Achta um Rial\u00e1il Leictreachais, 1999 chun socr\u00fa a dh\u00e9anamh maidir le s\u00e1bh\u00e1ilteacht i leith g\u00e1s n\u00e1d\u00fartha agus g\u00e1s peitriliam leachtaithe a bhun\u00fa, a oibri\u00fa, a chothabh\u00e1il, a mhodhn\u00fa agus a \u00fas\u00e1id agus bonneagar g\u00e1is n\u00e1d\u00fartha agus g\u00e1is peitriliam leachtaithe a dh\u00edchoimisi\u00fan\u00fa, go h\u00e1irithe tr\u00edna cheangal ar ghn\u00f3thais g\u00e1is n\u00e1d\u00fartha c\u00e1sanna s\u00e1bh\u00e1ilteachta a ullmh\u00fa le haghaidh gn\u00edomha\u00edochta\u00ed g\u00e1is n\u00e1d\u00fartha arna sainainmni\u00fa le rialach\u00e1in agus tr\u00edna cheangal ar ghn\u00f3thais g\u00e1is peitriliam leachtaithe c\u00e1sanna s\u00e1bh\u00e1ilteachta a ullmh\u00fa le haghaidh gn\u00edomha\u00edochta\u00ed g\u00e1is peitriliam leachtaithe arna sainainmni\u00fa le rialach\u00e1in agus tr\u00edna cheangal go nd\u00e9anfar c\u00e1sanna s\u00e1bh\u00e1ilteachta den s\u00f3rt sin a chur faoi bhr\u00e1id an Choimisi\u00fain um Rial\u00e1il F\u00f3ntais lena nglacadh, agus tr\u00ed shocr\u00fa a dh\u00e9anamh go nd\u00e9anfaidh an Coimisi\u00fan, m\u00e1s rud \u00e9 go nglacfaidh s\u00e9 leis an gc\u00e1s s\u00e1bh\u00e1ilteachta lena mbaineann, cead s\u00e1bh\u00e1ilteachta a eisi\u00faint chuig an ngn\u00f3thas lena mbaineann; d\u00e1 chumhacht\u00fa don Choimisi\u00fan a bheith ina chomhlacht ceapach\u00e1in d\u2019oifigigh \u00e9igeand\u00e1la g\u00e1is a mh\u00e9id a bhaineann le g\u00e1s peitriliam leachtaithe agus, ina theannta sin, do neart\u00fa na gcumhachta\u00ed at\u00e1 ag oifigigh den s\u00f3rt sin agus na ndualgas at\u00e1 orthu; do dh\u00e9anamh socr\u00fa maidir le hachomhairc chuig oifigigh achomhairc i gcoinne breitheanna \u00e1irithe \u00f3n gCoimisi\u00fan; do ch\u00falghairm na Rialach\u00e1n um Sh\u00e1bh\u00e1ilteacht G\u00e1is Peitriliam Leachtaithe (Teagmhas G\u00e1is Peitriliam Leachtaithe), 2014 agus Rialach\u00e1n 6 de na Rialach\u00e1in um Sh\u00e1bh\u00e1ilteacht G\u00e1is Peitriliam Leachtaithe (Tuairisci\u00fa agus Imscr\u00fad\u00fa Teagmhas G\u00e1is Peitriliam Leachtaithe), 2014; agus do dh\u00e9anamh socr\u00fa i dtaobh nithe gaolmhara.<\/p>","method":"Presented","methodURI":"https:\/\/data.oireachtas.ie\/ie\/oireachtas\/def\/bill-method\/presented","mostRecentStage":{"event":{"chamber":{"chamberCode":"dail","showAs":"D\u00e1il \u00c9ireann","uri":"https:\/\/data.oireachtas.ie\/ie\/oireachtas\/def\/house\/dail"},"dates":[{"date":"2026-05-27"}],"house":{"chamberCode":"dail","chamberType":"house","houseCode":"dail","houseNo":"34","showAs":"34th D\u00e1il","uri":"https:\/\/data.oireachtas.ie\/ie\/oireachtas\/house\/dail\/34"},"progressStage":5,"showAs":"Fifth Stage","stageCompleted":true,"stageOutcome":null,"stageURI":"https:\/\/data.oireachtas.ie\/ie\/oireachtas\/def\/bill-stage\/5","uri":"https:\/\/data.oireachtas.ie\/ie\/oireachtas\/bill\/2026\/2\/stage\/dail\/5"}},"originHouse":{"showAs":"D\u00e1il \u00c9ireann","uri":"https:\/\/data.oireachtas.ie\/ie\/oireachtas\/def\/house\/dail"},"originHouseURI":"https:\/\/data.oireachtas.ie\/ie\/oireachtas\/def\/house\/dail","relatedDocs":[{"relatedDoc":{"date":"2026-01-09","docType":"memo","formats":{"pdf":{"uri":"https:\/\/data.oireachtas.ie\/ie\/oireachtas\/bill\/2026\/2\/eng\/memo\/b0226d-memo.pdf"},"xml":null},"lang":"eng","showAs":"Explanatory Memorandum","uri":"https:\/\/data.oireachtas.ie\/ie\/oireachtas\/bill\/2026\/2\/eng\/memo"}}],"shortTitleEn":"Gas Safety and Miscellaneous Amendments Bill 2026","shortTitleGa":"An Bille um Sh\u00e1bh\u00e1ilteacht G\u00e1is agus Leasuithe Ilghn\u00e9itheacha, 2026","source":"Government","sourceURI":"https:\/\/data.oireachtas.ie\/ie\/oireachtas\/def\/bill-source\/government","sponsors":[{"sponsor":{"isPrimary":true,"as":{"showAs":"Minister for Climate, Energy and the Environment","uri":null},"by":{"showAs":null,"uri":null}}}],"stages":[{"event":{"chamber":{"chamberCode":"dail","showAs":"D\u00e1il \u00c9ireann","uri":"https:\/\/data.oireachtas.ie\/ie\/oireachtas\/def\/house\/dail"},"dates":[{"date":"2026-01-09"},{"date":"2026-01-09"}],"house":{"chamberCode":"dail","chamberType":"house","houseCode":"dail","houseNo":"34","showAs":"34th D\u00e1il","uri":"https:\/\/data.oireachtas.ie\/ie\/oireachtas\/house\/dail\/34"},"progressStage":1,"showAs":"First Stage","stageCompleted":true,"stageOutcome":null,"stageURI":"https:\/\/data.oireachtas.ie\/ie\/oireachtas\/def\/bill-stage\/1","uri":"https:\/\/data.oireachtas.ie\/ie\/oireachtas\/bill\/2026\/2\/stage\/dail\/1"}},{"event":{"chamber":{"chamberCode":"dail","showAs":"D\u00e1il \u00c9ireann","uri":"https:\/\/data.oireachtas.ie\/ie\/oireachtas\/def\/house\/dail"},"dates":[{"date":"2026-01-09"}],"house":{"chamberCode":"dail","chamberType":"house","houseCode":"dail","houseNo":"34","showAs":"34th D\u00e1il","uri":"https:\/\/data.oireachtas.ie\/ie\/oireachtas\/house\/dail\/34"},"progressStage":2,"showAs":"Second Stage","stageCompleted":true,"stageOutcome":null,"stageURI":"https:\/\/data.oireachtas.ie\/ie\/oireachtas\/def\/bill-stage\/2","uri":"https:\/\/data.oireachtas.ie\/ie\/oireachtas\/bill\/2026\/2\/stage\/dail\/2"}},{"event":{"chamber":{"chamberCode":"dail","showAs":"D\u00e1il \u00c9ireann","uri":"https:\/\/data.oireachtas.ie\/ie\/oireachtas\/def\/house\/dail"},"dates":[{"date":"2026-05-27"}],"house":{"chamberCode":"dail","chamberType":"house","houseCode":"dail","houseNo":"34","showAs":"34th D\u00e1il","uri":"https:\/\/data.oireachtas.ie\/ie\/oireachtas\/house\/dail\/34"},"progressStage":3,"showAs":"Committee Stage","stageCompleted":true,"stageOutcome":null,"stageURI":"https:\/\/data.oireachtas.ie\/ie\/oireachtas\/def\/bill-stage\/3","uri":"https:\/\/data.oireachtas.ie\/ie\/oireachtas\/bill\/2026\/2\/stage\/dail\/3"}},{"event":{"chamber":{"chamberCode":"dail","showAs":"D\u00e1il \u00c9ireann","uri":"https:\/\/data.oireachtas.ie\/ie\/oireachtas\/def\/house\/dail"},"dates":[{"date":"2026-05-27"}],"house":{"chamberCode":"dail","chamberType":"house","houseCode":"dail","houseNo":"34","showAs":"34th D\u00e1il","uri":"https:\/\/data.oireachtas.ie\/ie\/oireachtas\/house\/dail\/34"},"progressStage":4,"showAs":"Report Stage","stageCompleted":true,"stageOutcome":null,"stageURI":"https:\/\/data.oireachtas.ie\/ie\/oireachtas\/def\/bill-stage\/4","uri":"https:\/\/data.oireachtas.ie\/ie\/oireachtas\/bill\/2026\/2\/stage\/dail\/4"}},{"event":{"chamber":{"chamberCode":"dail","showAs":"D\u00e1il \u00c9ireann","uri":"https:\/\/data.oireachtas.ie\/ie\/oireachtas\/def\/house\/dail"},"dates":[{"date":"2026-05-27"}],"house":{"chamberCode":"dail","chamberType":"house","houseCode":"dail","houseNo":"34","showAs":"34th D\u00e1il","uri":"https:\/\/data.oireachtas.ie\/ie\/oireachtas\/house\/dail\/34"},"progressStage":5,"showAs":"Fifth Stage","stageCompleted":true,"stageOutcome":null,"stageURI":"https:\/\/data.oireachtas.ie\/ie\/oireachtas\/def\/bill-stage\/5","uri":"https:\/\/data.oireachtas.ie\/ie\/oireachtas\/bill\/2026\/2\/stage\/dail\/5"}}],"status":"Current","statusURI":"https:\/\/data.oireachtas.ie\/ie\/oireachtas\/def\/bill-status\/published","uri":"https:\/\/data.oireachtas.ie\/ie\/oireachtas\/bill\/2026\/2","versions":[{"version":{"lang":"eng","docType":"bill","showAs":"As passed by D\u00e1il \u00c9ireann","date":"2026-05-27","formats":{"pdf":{"uri":"https:\/\/data.oireachtas.ie\/ie\/oireachtas\/bill\/2026\/2\/eng\/ver_a\/b02a26d.pdf"},"xml":null},"uri":"https:\/\/data.oireachtas.ie\/ie\/oireachtas\/bill\/2026\/2\/eng\/ver_a"}},{"version":{"lang":"eng","docType":"bill","showAs":"As Initiated","date":"2026-01-09","formats":{"pdf":{"uri":"https:\/\/data.oireachtas.ie\/ie\/oireachtas\/bill\/2026\/2\/eng\/initiated\/b0226d.pdf"},"xml":null},"uri":"https:\/\/data.oireachtas.ie\/ie\/oireachtas\/bill\/2026\/2\/eng\/initiated"}}]},"contextDate":"2026-05-27","billSort":{"actNoSort":null,"actShortTitleEnSort":null,"actShortTitleGaSort":null,"actYearSort":null,"billNoSort":2,"billShortTitleEnSort":"gas-safety-and-miscellaneous-amendments-bill-2026","billShortTitleGaSort":"an-bille-um-shabhailteacht-gais-agus-leasuithe-ilghneitheacha-2026","billYearSort":2026}},{"bill":{"act":null,"amendmentLists":[{"amendmentList":{"amendmentTypeUri":{"uri":"https:\/\/data.oireachtas.ie\/ie\/oireachtas\/def\/amendment-type\/creamList"},"chamber":{"showAs":"Seanad","uri":"https:\/\/data.oireachtas.ie\/ie\/oireachtas\/def\/seanad"},"date":"2026-07-07","formats":{"pdf":{"uri":"https:\/\/data.oireachtas.ie\/ie\/oireachtas\/bill\/2026\/1\/seanad\/6\/amendment\/creamList\/eng\/b01b26d-cl.pdf"},"xml":null},"showAs":"Cream List [Seanad amendments to D\u00e1il Bill]","stage":{"showAs":"Cream List","uri":"https:\/\/data.oireachtas.ie\/ie\/oireachtas\/bill\/2026\/1\/seanad\/6"},"stageNo":"6"}},{"amendmentList":{"amendmentTypeUri":{"uri":"https:\/\/data.oireachtas.ie\/ie\/oireachtas\/def\/amendment-type\/numberedList"},"chamber":{"showAs":"Seanad","uri":"https:\/\/data.oireachtas.ie\/ie\/oireachtas\/def\/seanad"},"date":"2026-07-02","formats":{"pdf":{"uri":"https:\/\/data.oireachtas.ie\/ie\/oireachtas\/bill\/2026\/1\/seanad\/4\/amendment\/numberedList\/eng\/b01bx26d-srnl.pdf"},"xml":null},"showAs":"Numbered List [Seanad]","stage":{"showAs":"Report Stage","uri":"https:\/\/data.oireachtas.ie\/ie\/oireachtas\/bill\/2026\/1\/seanad\/4"},"stageNo":"4"}},{"amendmentList":{"amendmentTypeUri":{"uri":"https:\/\/data.oireachtas.ie\/ie\/oireachtas\/def\/amendment-type\/numberedList"},"chamber":{"showAs":"Seanad","uri":"https:\/\/data.oireachtas.ie\/ie\/oireachtas\/def\/seanad"},"date":"2026-06-24","formats":{"pdf":{"uri":"https:\/\/data.oireachtas.ie\/ie\/oireachtas\/bill\/2026\/1\/seanad\/3\/amendment\/numberedList\/eng\/b01b26d-scnl.pdf"},"xml":null},"showAs":"Numbered List [Seanad]","stage":{"showAs":"Committee Stage","uri":"https:\/\/data.oireachtas.ie\/ie\/oireachtas\/bill\/2026\/1\/seanad\/3"},"stageNo":"3"}},{"amendmentList":{"amendmentTypeUri":{"uri":"https:\/\/data.oireachtas.ie\/ie\/oireachtas\/def\/amendment-type\/numberedList"},"chamber":{"showAs":"Dail","uri":"https:\/\/data.oireachtas.ie\/ie\/oireachtas\/def\/dail"},"date":"2026-06-09","formats":{"pdf":{"uri":"https:\/\/data.oireachtas.ie\/ie\/oireachtas\/bill\/2026\/1\/dail\/4\/amendment\/numberedList\/eng\/b01a26d-drnl-1st-substitute-list.pdf"},"xml":null},"showAs":"1st Substitute List of Amendments [D\u00e1il]","stage":{"showAs":"Report Stage","uri":"https:\/\/data.oireachtas.ie\/ie\/oireachtas\/bill\/2026\/1\/dail\/4"},"stageNo":"4"}},{"amendmentList":{"amendmentTypeUri":{"uri":"https:\/\/data.oireachtas.ie\/ie\/oireachtas\/def\/amendment-type\/numberedList"},"chamber":{"showAs":"Dail","uri":"https:\/\/data.oireachtas.ie\/ie\/oireachtas\/def\/dail"},"date":"2026-06-09","formats":{"pdf":{"uri":"https:\/\/data.oireachtas.ie\/ie\/oireachtas\/bill\/2026\/1\/dail\/4\/amendment\/numberedList\/eng\/b01a26d-drnl.pdf"},"xml":null},"showAs":"Numbered List [D\u00e1il]","stage":{"showAs":"Report Stage","uri":"https:\/\/data.oireachtas.ie\/ie\/oireachtas\/bill\/2026\/1\/dail\/4"},"stageNo":"4"}},{"amendmentList":{"amendmentTypeUri":{"uri":"https:\/\/data.oireachtas.ie\/ie\/oireachtas\/def\/amendment-type\/numberedList"},"chamber":{"showAs":"Dail","uri":"https:\/\/data.oireachtas.ie\/ie\/oireachtas\/def\/dail"},"date":"2026-05-18","formats":{"pdf":{"uri":"https:\/\/data.oireachtas.ie\/ie\/oireachtas\/bill\/2026\/1\/dail\/3\/amendment\/numberedList\/eng\/b0126d-dcnl.pdf"},"xml":null},"showAs":"Numbered List [D\u00e1il]","stage":{"showAs":"Committee Stage","uri":"https:\/\/data.oireachtas.ie\/ie\/oireachtas\/bill\/2026\/1\/dail\/3"},"stageNo":"3"}}],"billNo":"1","billType":"Public","billTypeURI":"https:\/\/data.oireachtas.ie\/ie\/oireachtas\/def\/bill-type\/public","billYear":"2026","debates":[{"chamber":{"showAs":"Seanad \u00c9ireann","uri":"https:\/\/data.oireachtas.ie\/ie\/oireachtas\/def\/house\/seanad"},"date":"2026-07-02","debateSectionId":"dbsect_16","showAs":"Criminal Law, Civil Law and Defence (Miscellaneous Provisions) Bill 2026: Report and Final Stages","uri":"https:\/\/data.oireachtas.ie\/akn\/ie\/debateRecord\/seanad\/2026-07-02\/debate\/main"},{"chamber":{"showAs":"Seanad \u00c9ireann","uri":"https:\/\/data.oireachtas.ie\/ie\/oireachtas\/def\/house\/seanad"},"date":"2026-06-25","debateSectionId":"dbsect_19","showAs":"Criminal Law, Civil Law and Defence (Miscellaneous Provisions) Bill 2026: Committee Stage (Resumed)","uri":"https:\/\/data.oireachtas.ie\/akn\/ie\/debateRecord\/seanad\/2026-06-25\/debate\/main"},{"chamber":{"showAs":"Seanad \u00c9ireann","uri":"https:\/\/data.oireachtas.ie\/ie\/oireachtas\/def\/house\/seanad"},"date":"2026-06-24","debateSectionId":"dbsect_12","showAs":"Criminal Law, Civil Law and Defence (Miscellaneous Provisions) Bill 2026: Committee Stage","uri":"https:\/\/data.oireachtas.ie\/akn\/ie\/debateRecord\/seanad\/2026-06-24\/debate\/main"},{"chamber":{"showAs":"Seanad \u00c9ireann","uri":"https:\/\/data.oireachtas.ie\/ie\/oireachtas\/def\/house\/seanad"},"date":"2026-06-18","debateSectionId":"dbsect_11","showAs":"Criminal Law, Civil Law and Defence (Miscellaneous Provisions) Bill 2026: Second Stage","uri":"https:\/\/data.oireachtas.ie\/akn\/ie\/debateRecord\/seanad\/2026-06-18\/debate\/main"},{"chamber":{"showAs":"D\u00e1il \u00c9ireann","uri":"https:\/\/data.oireachtas.ie\/ie\/oireachtas\/def\/house\/dail"},"date":"2026-06-10","debateSectionId":"dbsect_21","showAs":"Criminal Law, Civil Law and Defence (Miscellaneous Provisions) Bill 2026: Report and Final Stages","uri":"https:\/\/data.oireachtas.ie\/akn\/ie\/debateRecord\/dail\/2026-06-10\/debate\/main"},{"chamber":{"showAs":"Select Committee on Justice, Home Affairs and Migration","uri":"https:\/\/data.oireachtas.ie\/ie\/oireachtas\/def\/committee"},"date":"2026-05-19","debateSectionId":"dbsect_2","showAs":"Criminal Law and Civil Law (Miscellaneous Provisions) Bill 2026: Committee Stage","uri":"https:\/\/data.oireachtas.ie\/akn\/ie\/debateRecord\/select_committee_on_justice_home_affairs_and_migration\/2026-05-19\/debate\/main"},{"chamber":{"showAs":"D\u00e1il \u00c9ireann","uri":"https:\/\/data.oireachtas.ie\/ie\/oireachtas\/def\/house\/dail"},"date":"2026-05-06","debateSectionId":"dbsect_10","showAs":"Criminal Law (Adult Safeguarding) Bill 2026: First Stage","uri":"https:\/\/data.oireachtas.ie\/akn\/ie\/debateRecord\/dail\/2026-05-06\/debate\/main"},{"chamber":{"showAs":"D\u00e1il \u00c9ireann","uri":"https:\/\/data.oireachtas.ie\/ie\/oireachtas\/def\/house\/dail"},"date":"2026-01-28","debateSectionId":"dbsect_17","showAs":"Criminal Law and Civil Law (Miscellaneous Provisions) Bill 2026: Second Stage (Resumed)","uri":"https:\/\/data.oireachtas.ie\/akn\/ie\/debateRecord\/dail\/2026-01-28\/debate\/main"},{"chamber":{"showAs":"D\u00e1il \u00c9ireann","uri":"https:\/\/data.oireachtas.ie\/ie\/oireachtas\/def\/house\/dail"},"date":"2026-01-28","debateSectionId":"dbsect_22","showAs":"Criminal Law and Civil Law (Miscellaneous Provisions) Bill 2026: Referral to Select Committee","uri":"https:\/\/data.oireachtas.ie\/akn\/ie\/debateRecord\/dail\/2026-01-28\/debate\/main"},{"chamber":{"showAs":"D\u00e1il \u00c9ireann","uri":"https:\/\/data.oireachtas.ie\/ie\/oireachtas\/def\/house\/dail"},"date":"2026-01-22","debateSectionId":"dbsect_36","showAs":"Criminal Law and Civil Law (Miscellaneous Provisions) Bill 2026: Second Stage","uri":"https:\/\/data.oireachtas.ie\/akn\/ie\/debateRecord\/dail\/2026-01-22\/debate\/main"}],"events":[{"event":{"chamber":{"chamberCode":"dail","showAs":"D\u00e1il \u00c9ireann","uri":"https:\/\/data.oireachtas.ie\/ie\/oireachtas\/def\/house\/dail"},"dates":[{"date":"2026-01-09"}],"eventURI":"https:\/\/data.oireachtas.ie\/ie\/oireachtas\/def\/bill-event\/published","showAs":"Published","uri":"https:\/\/data.oireachtas.ie\/ie\/oireachtas\/bill\/2026\/1\/published"}}],"lastUpdated":"2026-07-03T15:53:46.070000+00:00","longTitleEn":"<p>Bill entitled an Act to amend the Firearms Act 1925 and the Prisons Act 2007 in relation to the possession, use or carriage of incapacitant spray by prison officers and to amend the Firearms Act 1925 in relation to the seizure and detention of firearms or ammunition by An Garda S\u00edoch\u00e1na in the interest of public safety, security or peace; to amend the Courts of Justice Act 1936, the Courts Service Act 1998 and the Judicial Council Act 2019 in relation to certain non-judicial functions of the Chief Justice; to amend the Defence Act 1954 to provide for certain powers of the Defence Forces in relation to safeguarding, protecting and defending the security of the State, the deployment of the Defence Forces in aid of the civil power, and the protection of military installations by the Defence Forces; to provide for a power of provisional arrest without warrant in relation to extradition requests in certain circumstances and for that and other purposes to amend the Extradition Act 1965; to make further provision in relation to community service orders and for that purpose to amend the Criminal Justice (Community Service) Act 1983; to amend the Criminal Evidence Act 1992 and the Criminal Justice Act 1999 in relation to evidence in certain proceedings; to make further provision in relation to certification of citizenship in certain proceedings and for that purpose to amend the Criminal Justice (Theft and Fraud Offences) Act 2001, the Maritime Security Act 2004, the Criminal Justice Act 2006, the International Criminal Court Act 2006, the Criminal Justice (Money Laundering and Terrorist Financing) Act 2010 and the European Union (Market Abuse) Regulations 2016; to amend the European Arrest Warrant Act 2003 to give further effect to Council Framework Decision of 13 June 2002 on the European arrest warrant and the surrender procedures between Member States, as amended by Council Framework Decision of 26 February 2009 amending Framework Decisions 2002\/584\/JHA, 2005\/214\/JHA, 2006\/783\/JHA, 2008\/909\/JHA and 2008\/947\/JHA thereby enhancing the procedural rights of persons and fostering the application of the principle of mutual recognition to decisions rendered in the absence of the person concerned at the trial; to give effect to the ratification by the State of certain amendments to the Rome Statute of the International Criminal Court, to further enable authorities in the State to co-operate with the International Criminal Court, and for those and other related purposes to amend the International Criminal Court Act 2006; to make further provision in relation to DNA profiles and for that purpose to amend the Criminal Justice (Forensic Evidence and DNA Database System) Act 2014; to make provision for offences relating to accommodation offered in exchange for sexual activity and for that purpose to amend the Criminal Law (Sexual Offences) Act 2017; to make provision for the licensing of outdoor seating areas of licensed premises in certain circumstances and for transitional arrangements for certain outdoor seating areas temporarily licensed under the Civil Law (Miscellaneous Provisions) Act 2021; to provide that the Minister for Justice, Home Affairs and Migration may, in respect of applications made to the Minister, issue to certain persons certificates of disregard in respect of certain historical convictions and other determinations relating to consensual sexual activity; to make further provision in respect of orders relating to anti social behaviour and for that and other purposes to amend the Children Act 2001 and the Criminal Justice Act 2006; to amend the Criminal Procedure Act 1967, the Civil Legal Aid Act 1995, the Bail Act 1997, the Social Welfare Consolidation Act 2005, the Multi-Unit Developments Act 2011, the Prisons Act 2015, the Criminal Justice (Mutual Recognition of Custodial Sentences) Act 2023, the Criminal Justice (Miscellaneous Provisions) Act 2023, the Judicial Appointments Commission Act 2023 and the Family Courts Act 2024; and to provide for related matters.<\/p>","longTitleGa":"<p>Bille d\u00e1 ngairtear Acht do leas\u00fa Acht na nArm Teine, 1925 agus Acht na bPr\u00edos\u00fan, 2007 i nd\u00e1il le hoifigigh phr\u00edos\u00fain do shealbh\u00fa, d\u2019\u00fas\u00e1id n\u00f3 d\u2019iompar sprae \u00e9agumasaithe agus do leas\u00fa Acht na nArm Teine, 1925 i nd\u00e1il leis an nGarda S\u00edoch\u00e1na d\u2019urghabh\u00e1il agus do choinne\u00e1il airm tine n\u00f3 arml\u00f3in ar mhaithe le s\u00e1bh\u00e1ilteacht an phobail, le sl\u00e1nd\u00e1il an phobail n\u00f3 leis an ts\u00edoch\u00e1in phoibl\u00ed; do leas\u00fa an Achta C\u00fairteanna Breithi\u00fanais, 1936, an Achta um Sheirbh\u00eds Ch\u00fairteanna, 1998 agus an Achta um Chomhairle na mBreithi\u00fana, 2019 i nd\u00e1il le feidhmeanna neamhbhreithi\u00fanacha \u00e1irithe de chuid an Phr\u00edomh-Bhreithimh; do leas\u00fa an Achta Cosanta, 1954 chun socr\u00fa a dh\u00e9anamh maidir le cumhachta\u00ed \u00e1irithe de chuid \u00d3glaigh na h\u00c9ireann i nd\u00e1il le sl\u00e1nd\u00e1il an St\u00e1it a shl\u00e1nchoime\u00e1d, a choimirci\u00fa agus a chosaint, i nd\u00e1il le h\u00d3glaigh na h\u00c9ireann a imscaradh i gcabhair ar an gcumhacht shibhialta, agus i nd\u00e1il le h\u00d3glaigh na h\u00c9ireann do chosaint suite\u00e1lacha m\u00edleata; do dh\u00e9anamh socr\u00fa maidir le cumhacht gabh\u00e1la sealada\u00ed gan bhar\u00e1ntas i nd\u00e1il le hiarrata\u00ed ar eiseachadadh in imthosca \u00e1irithe agus, chun na cr\u00edche sin agus chun cr\u00edoch eile, do leas\u00fa an Achta um Eiseachadadh, 1965; do dh\u00e9anamh socr\u00fa breise i nd\u00e1il le horduithe seirbh\u00edse pobail agus, chun na cr\u00edche sin, do leas\u00fa an Achta um Cheartas Coiri\u00fail (Seirbh\u00eds Pobail), 1983; do leas\u00fa an Achta um Fhianaise Choiri\u00fail, 1992 agus an Achta um Cheartas Coiri\u00fail, 1999 i nd\u00e1il le fianaise in imeachta\u00ed \u00e1irithe; do dh\u00e9anamh socr\u00fa breise i nd\u00e1il le deimhni\u00fach\u00e1n saor\u00e1nachta in imeachta\u00ed \u00e1irithe agus, chun na cr\u00edche sin, do leas\u00fa an Achta um Cheartas Coiri\u00fail (Cionta Gada\u00edochta agus Calaoise), 2001, an Achta um Shl\u00e1nd\u00e1il Mhuir\u00ed, 2004, an Achta um Cheartas Coiri\u00fail, 2006, an Achta um an gC\u00fairt Choiri\u00fail Idirn\u00e1isi\u00fanta, 2006, an Achta um Cheartas Coiri\u00fail (Sci\u00faradh Airgid agus Maoini\u00fa Sceimhlitheoireachta), 2010 agus Rialach\u00e1in an Aontais Eorpaigh (Droch\u00fas\u00e1id Mhargaidh), 2016; do leas\u00fa an Achta um Bar\u00e1ntas Gabh\u00e1la Eorpach, 2003 chun tuilleadh \u00e9ifeachta a thabhairt do Chinneadh R\u00e9ime \u00f3n gComhairle an 13 Meitheamh 2002 maidir leis an mbar\u00e1ntas gabh\u00e1la Eorpach agus leis na n\u00f3sanna imeachta tabhartha suas idir Ballst\u00e1it, arna leas\u00fa le Cinneadh R\u00e9ime \u00f3n gComhairle an 26 Feabhra 2009 lena leasa\u00edtear Cinnt\u00ed R\u00e9ime 2002\/584\/CGB, 2005\/214\/CGB, 2006\/783\/CGB, 2008\/909\/CGB agus 2008\/947\/CGB, agus lena nd\u00e9antar, ar an tsl\u00ed sin, cearta n\u00f3is imeachta daoine a fheabhs\u00fa agus feidhmi\u00fa phrionsabal an aitheantais fhrithph\u00e1irtigh a choth\u00fa maidir le breitheanna arna dtabhairt i gc\u00e1s an duine lena mbaineann a bheith as l\u00e1thair \u00f3n triail; do thabhairt \u00e9ifeacht do dhaingni\u00fa leasuithe \u00e1irithe ar Reacht na R\u00f3imhe den Ch\u00fairt Choiri\u00fail Idirn\u00e1isi\u00fanta ag an St\u00e1t, d\u00e1 chumas\u00fa tuilleadh d\u2019\u00fadar\u00e1is sa St\u00e1t comhoibri\u00fa leis an gC\u00fairt Choiri\u00fail Idirn\u00e1isi\u00fanta agus, chun na gcr\u00edoch sin agus chun cr\u00edoch gaolmhar eile, do leas\u00fa an Achta um an gC\u00fairt Choiri\u00fail Idirn\u00e1isi\u00fanta, 2006; do dh\u00e9anamh socr\u00fa breise i nd\u00e1il le pr\u00f3if\u00edl\u00ed DNA agus, chun na cr\u00edche sin, do leas\u00fa an Achta um Cheartas Coiri\u00fail (Fianaise Dl\u00ed-Eola\u00edochta agus C\u00f3ras Bunachair Sonra\u00ed DNA), 2014; do dh\u00e9anamh socr\u00fa maidir le cionta a bhaineann le c\u00f3ir\u00edocht a thairiscint mar mhalairt ar ghn\u00edomha\u00edocht ghn\u00e9asach agus, chun na cr\u00edche sin, do leas\u00fa an Achta um an Dl\u00ed Coiri\u00fail (Cionta Gn\u00e9asacha), 2017; do dh\u00e9anamh socr\u00fa maidir le l\u00e1ithreacha su\u00ed lasmuigh de chuid \u00e1itribh chead\u00fanaithe a chead\u00fan\u00fa in imthosca \u00e1irithe agus do dh\u00e9anamh socr\u00fa maidir le socruithe idirthr\u00e9imhseacha maidir le l\u00e1ithreacha su\u00ed lasmuigh \u00e1irithe arna gcead\u00fan\u00fa go sealadach faoin Acht um an Dl\u00ed Sibhialta (For\u00e1lacha Ilghn\u00e9itheacha), 2021; do dh\u00e9anamh socr\u00fa chun go bhf\u00e9adfaidh an tAire Dl\u00ed agus Cirt, Gn\u00f3tha\u00ed Baile agus Imirce, i leith iarratais arna nd\u00e9anamh chuig an Aire, deimhnithe neamhairde a eisi\u00faint chuig daoine \u00e1irithe i leith ciontuithe stairi\u00fala \u00e1irithe agus cinnt\u00ed eile a bhaineann le gn\u00edomha\u00edocht ghn\u00e9asach chomhthoili\u00fail; do dh\u00e9anamh socr\u00fa breise maidir le horduithe a bhaineann le hiompar frithsh\u00f3isialta agus, chun na cr\u00edche sin agus chun cr\u00edoch eile, do leas\u00fa Acht na Leana\u00ed, 2001 agus an Achta um Cheartas Coiri\u00fail, 2006; do leas\u00fa an Achta um N\u00f3s Imeachta Coiri\u00fail, 1967, an Achta um Ch\u00fanamh Dl\u00edthi\u00fail Sibhialta, 1995, an Achta um Banna\u00ed, 1997, an Achta Comhdhl\u00faite Leasa Sh\u00f3isialaigh, 2005, an Achta um Fhorbairt\u00ed Ilaonad, 2011, Acht na bPr\u00edos\u00fan, 2015, an Achta um Cheartas Coiri\u00fail (Aitheantas Frithph\u00e1irteach do Phianbhreitheanna Coime\u00e1dta), 2023, an Achta um Cheartas Coiri\u00fail (For\u00e1lacha Ilghn\u00e9itheacha), 2023, an Achta f\u00e1 Choimisi\u00fan um Cheapach\u00e1in Bhreithi\u00fanacha, 2023 agus Acht na gC\u00fairteanna Teaghlaigh, 2024; agus do dh\u00e9anamh socr\u00fa i dtaobh nithe gaolmhara.<\/p>","method":"Presented","methodURI":"https:\/\/data.oireachtas.ie\/ie\/oireachtas\/def\/bill-method\/presented","mostRecentStage":{"event":{"chamber":{"chamberCode":"dail","showAs":"D\u00e1il \u00c9ireann","uri":"https:\/\/data.oireachtas.ie\/ie\/oireachtas\/def\/house\/dail"},"dates":[{"date":"2026-07-02"}],"house":{"chamberCode":"dail","chamberType":"house","houseCode":"dail","houseNo":"34","showAs":"34th D\u00e1il","uri":"https:\/\/data.oireachtas.ie\/ie\/oireachtas\/house\/dail\/34"},"progressStage":10,"showAs":"Cream List","stageCompleted":false,"stageOutcome":null,"stageURI":"https:\/\/data.oireachtas.ie\/ie\/oireachtas\/def\/bill-stage\/None","uri":"https:\/\/data.oireachtas.ie\/ie\/oireachtas\/bill\/2026\/1\/stage\/dail\/None"}},"originHouse":{"showAs":"D\u00e1il \u00c9ireann","uri":"https:\/\/data.oireachtas.ie\/ie\/oireachtas\/def\/house\/dail"},"originHouseURI":"https:\/\/data.oireachtas.ie\/ie\/oireachtas\/def\/house\/dail","relatedDocs":[{"relatedDoc":{"date":"2026-01-09","docType":"memo","formats":{"pdf":{"uri":"https:\/\/data.oireachtas.ie\/ie\/oireachtas\/bill\/2026\/1\/eng\/memo\/b0126d-memo.pdf"},"xml":null},"lang":"eng","showAs":"Explanatory Memorandum","uri":"https:\/\/data.oireachtas.ie\/ie\/oireachtas\/bill\/2026\/1\/eng\/memo"}}],"shortTitleEn":"Criminal Law, Civil Law and Defence (Miscellaneous Provisions) Bill 2026","shortTitleGa":"An Bille um an Dl\u00ed Coiri\u00fail, an Dl\u00ed Sibhialta agus Cosaint (For\u00e1lacha Ilghn\u00e9itheacha), 2026","source":"Government","sourceURI":"https:\/\/data.oireachtas.ie\/ie\/oireachtas\/def\/bill-source\/government","sponsors":[{"sponsor":{"isPrimary":true,"as":{"showAs":"Minister for Justice, Home Affairs and Migration","uri":null},"by":{"showAs":null,"uri":null}}}],"stages":[{"event":{"chamber":{"chamberCode":"dail","showAs":"D\u00e1il \u00c9ireann","uri":"https:\/\/data.oireachtas.ie\/ie\/oireachtas\/def\/house\/dail"},"dates":[{"date":"2026-01-09"},{"date":"2026-01-09"}],"house":{"chamberCode":"dail","chamberType":"house","houseCode":"dail","houseNo":"34","showAs":"34th D\u00e1il","uri":"https:\/\/data.oireachtas.ie\/ie\/oireachtas\/house\/dail\/34"},"progressStage":1,"showAs":"First Stage","stageCompleted":true,"stageOutcome":null,"stageURI":"https:\/\/data.oireachtas.ie\/ie\/oireachtas\/def\/bill-stage\/1","uri":"https:\/\/data.oireachtas.ie\/ie\/oireachtas\/bill\/2026\/1\/stage\/dail\/1"}},{"event":{"chamber":{"chamberCode":"dail","showAs":"D\u00e1il \u00c9ireann","uri":"https:\/\/data.oireachtas.ie\/ie\/oireachtas\/def\/house\/dail"},"dates":[{"date":"2026-01-22"}],"house":{"chamberCode":"dail","chamberType":"house","houseCode":"dail","houseNo":"34","showAs":"34th D\u00e1il","uri":"https:\/\/data.oireachtas.ie\/ie\/oireachtas\/house\/dail\/34"},"progressStage":2,"showAs":"Second Stage","stageCompleted":true,"stageOutcome":null,"stageURI":"https:\/\/data.oireachtas.ie\/ie\/oireachtas\/def\/bill-stage\/2","uri":"https:\/\/data.oireachtas.ie\/ie\/oireachtas\/bill\/2026\/1\/stage\/dail\/2"}},{"event":{"chamber":{"chamberCode":"dail","showAs":"D\u00e1il \u00c9ireann","uri":"https:\/\/data.oireachtas.ie\/ie\/oireachtas\/def\/house\/dail"},"dates":[{"date":"2026-01-28"}],"house":{"chamberCode":"dail","chamberType":"house","houseCode":"dail","houseNo":"34","showAs":"34th D\u00e1il","uri":"https:\/\/data.oireachtas.ie\/ie\/oireachtas\/house\/dail\/34"},"progressStage":3,"showAs":"Committee Stage","stageCompleted":true,"stageOutcome":null,"stageURI":"https:\/\/data.oireachtas.ie\/ie\/oireachtas\/def\/bill-stage\/3","uri":"https:\/\/data.oireachtas.ie\/ie\/oireachtas\/bill\/2026\/1\/stage\/dail\/3"}},{"event":{"chamber":{"chamberCode":"dail","showAs":"D\u00e1il \u00c9ireann","uri":"https:\/\/data.oireachtas.ie\/ie\/oireachtas\/def\/house\/dail"},"dates":[{"date":"2026-05-19"}],"house":{"chamberCode":"dail","chamberType":"house","houseCode":"dail","houseNo":"34","showAs":"34th D\u00e1il","uri":"https:\/\/data.oireachtas.ie\/ie\/oireachtas\/house\/dail\/34"},"progressStage":4,"showAs":"Report Stage","stageCompleted":true,"stageOutcome":null,"stageURI":"https:\/\/data.oireachtas.ie\/ie\/oireachtas\/def\/bill-stage\/4","uri":"https:\/\/data.oireachtas.ie\/ie\/oireachtas\/bill\/2026\/1\/stage\/dail\/4"}},{"event":{"chamber":{"chamberCode":"dail","showAs":"D\u00e1il \u00c9ireann","uri":"https:\/\/data.oireachtas.ie\/ie\/oireachtas\/def\/house\/dail"},"dates":[{"date":"2026-06-10"}],"house":{"chamberCode":"dail","chamberType":"house","houseCode":"dail","houseNo":"34","showAs":"34th D\u00e1il","uri":"https:\/\/data.oireachtas.ie\/ie\/oireachtas\/house\/dail\/34"},"progressStage":5,"showAs":"Fifth Stage","stageCompleted":true,"stageOutcome":null,"stageURI":"https:\/\/data.oireachtas.ie\/ie\/oireachtas\/def\/bill-stage\/5","uri":"https:\/\/data.oireachtas.ie\/ie\/oireachtas\/bill\/2026\/1\/stage\/dail\/5"}},{"event":{"chamber":{"chamberCode":"seanad","showAs":"Seanad \u00c9ireann","uri":"https:\/\/data.oireachtas.ie\/ie\/oireachtas\/def\/house\/seanad"},"dates":[{"date":"2026-06-18"}],"house":{"chamberCode":"seanad","chamberType":"house","houseCode":"seanad","houseNo":"27","showAs":"27th Seanad","uri":"https:\/\/data.oireachtas.ie\/ie\/oireachtas\/house\/seanad\/27"},"progressStage":6,"showAs":"Second Stage","stageCompleted":true,"stageOutcome":null,"stageURI":"https:\/\/data.oireachtas.ie\/ie\/oireachtas\/def\/bill-stage\/2","uri":"https:\/\/data.oireachtas.ie\/ie\/oireachtas\/bill\/2026\/1\/stage\/seanad\/2"}},{"event":{"chamber":{"chamberCode":"seanad","showAs":"Seanad \u00c9ireann","uri":"https:\/\/data.oireachtas.ie\/ie\/oireachtas\/def\/house\/seanad"},"dates":[{"date":"2026-06-23"}],"house":{"chamberCode":"seanad","chamberType":"house","houseCode":"seanad","houseNo":"27","showAs":"27th Seanad","uri":"https:\/\/data.oireachtas.ie\/ie\/oireachtas\/house\/seanad\/27"},"progressStage":7,"showAs":"Committee Stage","stageCompleted":true,"stageOutcome":null,"stageURI":"https:\/\/data.oireachtas.ie\/ie\/oireachtas\/def\/bill-stage\/3","uri":"https:\/\/data.oireachtas.ie\/ie\/oireachtas\/bill\/2026\/1\/stage\/seanad\/3"}},{"event":{"chamber":{"chamberCode":"seanad","showAs":"Seanad \u00c9ireann","uri":"https:\/\/data.oireachtas.ie\/ie\/oireachtas\/def\/house\/seanad"},"dates":[{"date":"2026-07-02"}],"house":{"chamberCode":"seanad","chamberType":"house","houseCode":"seanad","houseNo":"27","showAs":"27th Seanad","uri":"https:\/\/data.oireachtas.ie\/ie\/oireachtas\/house\/seanad\/27"},"progressStage":8,"showAs":"Report Stage","stageCompleted":true,"stageOutcome":null,"stageURI":"https:\/\/data.oireachtas.ie\/ie\/oireachtas\/def\/bill-stage\/4","uri":"https:\/\/data.oireachtas.ie\/ie\/oireachtas\/bill\/2026\/1\/stage\/seanad\/4"}},{"event":{"chamber":{"chamberCode":"seanad","showAs":"Seanad \u00c9ireann","uri":"https:\/\/data.oireachtas.ie\/ie\/oireachtas\/def\/house\/seanad"},"dates":[{"date":"2026-07-02"}],"house":{"chamberCode":"seanad","chamberType":"house","houseCode":"seanad","houseNo":"27","showAs":"27th Seanad","uri":"https:\/\/data.oireachtas.ie\/ie\/oireachtas\/house\/seanad\/27"},"progressStage":9,"showAs":"Fifth Stage","stageCompleted":true,"stageOutcome":null,"stageURI":"https:\/\/data.oireachtas.ie\/ie\/oireachtas\/def\/bill-stage\/5","uri":"https:\/\/data.oireachtas.ie\/ie\/oireachtas\/bill\/2026\/1\/stage\/seanad\/5"}},{"event":{"chamber":{"chamberCode":"dail","showAs":"D\u00e1il \u00c9ireann","uri":"https:\/\/data.oireachtas.ie\/ie\/oireachtas\/def\/house\/dail"},"dates":[{"date":"2026-07-02"}],"house":{"chamberCode":"dail","chamberType":"house","houseCode":"dail","houseNo":"34","showAs":"34th D\u00e1il","uri":"https:\/\/data.oireachtas.ie\/ie\/oireachtas\/house\/dail\/34"},"progressStage":10,"showAs":"Cream List","stageCompleted":false,"stageOutcome":null,"stageURI":"https:\/\/data.oireachtas.ie\/ie\/oireachtas\/def\/bill-stage\/None","uri":"https:\/\/data.oireachtas.ie\/ie\/oireachtas\/bill\/2026\/1\/stage\/dail\/None"}}],"status":"Current","statusURI":"https:\/\/data.oireachtas.ie\/ie\/oireachtas\/def\/bill-status\/published","uri":"https:\/\/data.oireachtas.ie\/ie\/oireachtas\/bill\/2026\/1","versions":[{"version":{"lang":"eng","docType":"bill","showAs":"Administrative Reprint - As amended in Committee [Seanad \u00c9ireann]","date":"2026-06-25","formats":{"pdf":{"uri":"https:\/\/data.oireachtas.ie\/ie\/oireachtas\/bill\/2026\/1\/eng\/ver_b\/b01bx26d.pdf"},"xml":null},"uri":"https:\/\/data.oireachtas.ie\/ie\/oireachtas\/bill\/2026\/1\/eng\/ver_b"}},{"version":{"lang":"eng","docType":"bill","showAs":"As passed by D\u00e1il \u00c9ireann","date":"2026-06-10","formats":{"pdf":{"uri":"https:\/\/data.oireachtas.ie\/ie\/oireachtas\/bill\/2026\/1\/eng\/ver_b\/b01b26d.pdf"},"xml":null},"uri":"https:\/\/data.oireachtas.ie\/ie\/oireachtas\/bill\/2026\/1\/eng\/ver_b"}},{"version":{"lang":"eng","docType":"bill","showAs":"As amended in Committee\/Select Committee [D\u00e1il \u00c9ireann]","date":"2026-05-19","formats":{"pdf":{"uri":"https:\/\/data.oireachtas.ie\/ie\/oireachtas\/bill\/2026\/1\/eng\/ver_a\/b01a26d.pdf"},"xml":null},"uri":"https:\/\/data.oireachtas.ie\/ie\/oireachtas\/bill\/2026\/1\/eng\/ver_a"}},{"version":{"lang":"eng","docType":"bill","showAs":"As Initiated","date":"2026-01-09","formats":{"pdf":{"uri":"https:\/\/data.oireachtas.ie\/ie\/oireachtas\/bill\/2026\/1\/eng\/initiated\/b0126d.pdf"},"xml":null},"uri":"https:\/\/data.oireachtas.ie\/ie\/oireachtas\/bill\/2026\/1\/eng\/initiated"}}]},"contextDate":"2026-07-02","billSort":{"actNoSort":null,"actShortTitleEnSort":null,"actShortTitleGaSort":null,"actYearSort":null,"billNoSort":1,"billShortTitleEnSort":"criminal-law-civil-law-and-defence-miscellaneous-provisions-bill-2026","billShortTitleGaSort":"an-bille-um-an-dli-coiriuil-an-dli-sibhialta-agus-cosaint-foralacha-ilghneitheacha-2026","billYearSort":2026}},{"bill":{"act":null,"amendmentLists":[],"billNo":"85","billType":"Public","billTypeURI":"https:\/\/data.oireachtas.ie\/ie\/oireachtas\/def\/bill-type\/public","billYear":"2025","debates":[{"chamber":{"showAs":"Seanad \u00c9ireann","uri":"https:\/\/data.oireachtas.ie\/ie\/oireachtas\/def\/house\/seanad"},"date":"2026-02-18","debateSectionId":"dbsect_17","showAs":"Education (Leave for Injuries) Bill 2025: Second Stage","uri":"https:\/\/data.oireachtas.ie\/akn\/ie\/debateRecord\/seanad\/2026-02-18\/debate\/main"},{"chamber":{"showAs":"Seanad \u00c9ireann","uri":"https:\/\/data.oireachtas.ie\/ie\/oireachtas\/def\/house\/seanad"},"date":"2025-12-17","debateSectionId":"dbsect_16","showAs":"Education (Leave for Injuries) Bill 2025: First Stage","uri":"https:\/\/data.oireachtas.ie\/akn\/ie\/debateRecord\/seanad\/2025-12-17\/debate\/main"}],"events":[{"event":{"chamber":{"chamberCode":"seanad","showAs":"Seanad \u00c9ireann","uri":"https:\/\/data.oireachtas.ie\/ie\/oireachtas\/def\/house\/seanad"},"dates":[{"date":"2025-12-17"}],"eventURI":"https:\/\/data.oireachtas.ie\/ie\/oireachtas\/def\/bill-event\/published","showAs":"Published","uri":"https:\/\/data.oireachtas.ie\/ie\/oireachtas\/bill\/2025\/85\/published"}}],"lastUpdated":"2025-12-18T09:35:18.700000+00:00","longTitleEn":"<p>Bill entitled an Act to establish standards for any scheme maintained by the Minister for Education and Youth relating to the provision of leave of absence for teachers and special needs assistants who suffer certain injuries; and to provide for related matters.<\/p>","longTitleGa":"<p>Bille d\u00e1 ngairtear Acht do bhun\u00fa caighde\u00e1n le haghaidh aon sc\u00e9im arna cothabh\u00e1il ag an Aire Oideachais a bhaineann le cead asl\u00e1ithreachta a shol\u00e1thar do mh\u00fainteoir\u00ed agus do ch\u00fant\u00f3ir\u00ed riachtanas speisialta a mbainfidh d\u00edobh\u00e1lacha \u00e1irithe d\u00f3ibh; agus do dh\u00e9anamh socr\u00fa i dtaobh nithe gaolmhara.<\/p>","method":"Introduced","methodURI":"https:\/\/data.oireachtas.ie\/ie\/oireachtas\/def\/bill-method\/introduced","mostRecentStage":{"event":{"chamber":{"chamberCode":"seanad","showAs":"Seanad \u00c9ireann","uri":"https:\/\/data.oireachtas.ie\/ie\/oireachtas\/def\/house\/seanad"},"dates":[{"date":"2025-12-17"}],"house":{"chamberCode":"seanad","chamberType":"house","houseCode":"seanad","houseNo":"27","showAs":"27th Seanad","uri":"https:\/\/data.oireachtas.ie\/ie\/oireachtas\/house\/seanad\/27"},"progressStage":2,"showAs":"Second Stage","stageCompleted":false,"stageOutcome":"Current","stageURI":"https:\/\/data.oireachtas.ie\/ie\/oireachtas\/def\/bill-stage\/2","uri":"https:\/\/data.oireachtas.ie\/ie\/oireachtas\/bill\/2025\/85\/stage\/seanad\/2"}},"originHouse":{"showAs":"Seanad \u00c9ireann","uri":"https:\/\/data.oireachtas.ie\/ie\/oireachtas\/def\/house\/seanad"},"originHouseURI":"https:\/\/data.oireachtas.ie\/ie\/oireachtas\/def\/house\/seanad","relatedDocs":[],"shortTitleEn":"Education (Leave for Injuries) Bill 2025","shortTitleGa":"An Bille Oideachais (Saoire i leith D\u00edobh\u00e1lacha), 2025","source":"Private Member","sourceURI":"https:\/\/data.oireachtas.ie\/ie\/oireachtas\/def\/bill-source\/private-member","sponsors":[{"sponsor":{"as":{"showAs":null,"uri":null},"by":{"showAs":"Laura Harmon","uri":"https:\/\/data.oireachtas.ie\/ie\/oireachtas\/member\/id\/Laura-Harmon.S.2025-01-29"},"isPrimary":true}},{"sponsor":{"as":{"showAs":null,"uri":null},"by":{"showAs":"Nessa Cosgrove","uri":"https:\/\/data.oireachtas.ie\/ie\/oireachtas\/member\/id\/Nessa-Cosgrove.S.2025-01-29"},"isPrimary":false}},{"sponsor":{"as":{"showAs":null,"uri":null},"by":{"showAs":"Patricia Stephenson","uri":"https:\/\/data.oireachtas.ie\/ie\/oireachtas\/member\/id\/Patricia-Stephenson.S.2025-01-29"},"isPrimary":false}},{"sponsor":{"as":{"showAs":null,"uri":null},"by":{"showAs":"Malcolm Noonan","uri":"https:\/\/data.oireachtas.ie\/ie\/oireachtas\/member\/id\/Malcolm-Noonan.D.2020-02-08"},"isPrimary":false}}],"stages":[{"event":{"chamber":{"chamberCode":"seanad","showAs":"Seanad \u00c9ireann","uri":"https:\/\/data.oireachtas.ie\/ie\/oireachtas\/def\/house\/seanad"},"dates":[{"date":"2025-12-17"},{"date":"2025-12-17"}],"house":{"chamberCode":"seanad","chamberType":"house","houseCode":"seanad","houseNo":"27","showAs":"27th Seanad","uri":"https:\/\/data.oireachtas.ie\/ie\/oireachtas\/house\/seanad\/27"},"progressStage":1,"showAs":"First Stage","stageCompleted":true,"stageOutcome":null,"stageURI":"https:\/\/data.oireachtas.ie\/ie\/oireachtas\/def\/bill-stage\/1","uri":"https:\/\/data.oireachtas.ie\/ie\/oireachtas\/bill\/2025\/85\/stage\/seanad\/1"}},{"event":{"chamber":{"chamberCode":"seanad","showAs":"Seanad \u00c9ireann","uri":"https:\/\/data.oireachtas.ie\/ie\/oireachtas\/def\/house\/seanad"},"dates":[{"date":"2025-12-17"}],"house":{"chamberCode":"seanad","chamberType":"house","houseCode":"seanad","houseNo":"27","showAs":"27th Seanad","uri":"https:\/\/data.oireachtas.ie\/ie\/oireachtas\/house\/seanad\/27"},"progressStage":2,"showAs":"Second Stage","stageCompleted":false,"stageOutcome":"Current","stageURI":"https:\/\/data.oireachtas.ie\/ie\/oireachtas\/def\/bill-stage\/2","uri":"https:\/\/data.oireachtas.ie\/ie\/oireachtas\/bill\/2025\/85\/stage\/seanad\/2"}}],"status":"Current","statusURI":"https:\/\/data.oireachtas.ie\/ie\/oireachtas\/def\/bill-status\/published","uri":"https:\/\/data.oireachtas.ie\/ie\/oireachtas\/bill\/2025\/85","versions":[{"version":{"date":"2025-12-17","docType":"bill","formats":{"pdf":{"uri":"https:\/\/data.oireachtas.ie\/ie\/oireachtas\/bill\/2025\/85\/eng\/initiated\/b8525s.pdf"},"xml":null},"lang":"eng","showAs":"As Initiated","uri":"https:\/\/data.oireachtas.ie\/ie\/oireachtas\/bill\/2025\/85\/eng\/initiated"}}]},"billSort":{"actNoSort":null,"actShortTitleEnSort":null,"actShortTitleGaSort":null,"actYearSort":null,"billNoSort":85,"billShortTitleEnSort":"education-leave-for-injuries-bill-2025","billShortTitleGaSort":"an-bille-oideachais-saoire-i-leith-diobhalacha-2025","billYearSort":2025},"contextDate":"2025-12-17"},{"bill":{"act":null,"amendmentLists":[{"amendmentList":{"amendmentTypeUri":{"uri":"https:\/\/data.oireachtas.ie\/ie\/oireachtas\/def\/amendment-type\/numberedList"},"chamber":{"showAs":"Seanad","uri":"https:\/\/data.oireachtas.ie\/ie\/oireachtas\/def\/seanad"},"date":"2026-06-23","formats":{"pdf":{"uri":"https:\/\/data.oireachtas.ie\/ie\/oireachtas\/bill\/2025\/84\/seanad\/3\/amendment\/numberedList\/eng\/b84a25d-scnl.pdf"},"xml":null},"showAs":"Numbered List [Seanad]","stage":{"showAs":"Committee Stage","uri":"https:\/\/data.oireachtas.ie\/ie\/oireachtas\/bill\/2025\/84\/seanad\/3"},"stageNo":"3"}},{"amendmentList":{"amendmentTypeUri":{"uri":"https:\/\/data.oireachtas.ie\/ie\/oireachtas\/def\/amendment-type\/numberedList"},"chamber":{"showAs":"Dail","uri":"https:\/\/data.oireachtas.ie\/ie\/oireachtas\/def\/dail"},"date":"2026-05-19","formats":{"pdf":{"uri":"https:\/\/data.oireachtas.ie\/ie\/oireachtas\/bill\/2025\/84\/dail\/4\/amendment\/numberedList\/eng\/b84a25d-drnl.pdf"},"xml":null},"showAs":"Numbered List [D\u00e1il]","stage":{"showAs":"Report Stage","uri":"https:\/\/data.oireachtas.ie\/ie\/oireachtas\/bill\/2025\/84\/dail\/4"},"stageNo":"4"}},{"amendmentList":{"amendmentTypeUri":{"uri":"https:\/\/data.oireachtas.ie\/ie\/oireachtas\/def\/amendment-type\/numberedList"},"chamber":{"showAs":"Dail","uri":"https:\/\/data.oireachtas.ie\/ie\/oireachtas\/def\/dail"},"date":"2026-04-22","formats":{"pdf":{"uri":"https:\/\/data.oireachtas.ie\/ie\/oireachtas\/bill\/2025\/84\/dail\/3\/amendment\/numberedList\/eng\/b8425d-dcnl.pdf"},"xml":null},"showAs":"Numbered List [D\u00e1il]","stage":{"showAs":"Committee Stage","uri":"https:\/\/data.oireachtas.ie\/ie\/oireachtas\/bill\/2025\/84\/dail\/3"},"stageNo":"3"}}],"billNo":"84","billType":"Public","billTypeURI":"https:\/\/data.oireachtas.ie\/ie\/oireachtas\/def\/bill-type\/public","billYear":"2025","debates":[{"chamber":{"showAs":"Seanad \u00c9ireann","uri":"https:\/\/data.oireachtas.ie\/ie\/oireachtas\/def\/house\/seanad"},"date":"2026-06-23","debateSectionId":"dbsect_18","showAs":"Health (Amendment) (Home Support Providers) Bill 2025: Committee and Remaining Stages","uri":"https:\/\/data.oireachtas.ie\/akn\/ie\/debateRecord\/seanad\/2026-06-23\/debate\/main"},{"chamber":{"showAs":"Seanad \u00c9ireann","uri":"https:\/\/data.oireachtas.ie\/ie\/oireachtas\/def\/house\/seanad"},"date":"2026-06-16","debateSectionId":"dbsect_9","showAs":"Health (Amendment) (Home Support Providers) Bill 2025: Second Stage","uri":"https:\/\/data.oireachtas.ie\/akn\/ie\/debateRecord\/seanad\/2026-06-16\/debate\/main"},{"chamber":{"showAs":"D\u00e1il \u00c9ireann","uri":"https:\/\/data.oireachtas.ie\/ie\/oireachtas\/def\/house\/dail"},"date":"2026-05-20","debateSectionId":"dbsect_29","showAs":"Health (Amendment) (Home Support Providers) Bill 2025: Report and Final Stages","uri":"https:\/\/data.oireachtas.ie\/akn\/ie\/debateRecord\/dail\/2026-05-20\/debate\/main"},{"chamber":{"showAs":"Select Committee on Health","uri":"https:\/\/data.oireachtas.ie\/ie\/oireachtas\/def\/committee"},"date":"2026-04-23","debateSectionId":"dbsect_2","showAs":"Health (Amendment) (Home Support Providers) Bill 2025: Committee Stage","uri":"https:\/\/data.oireachtas.ie\/akn\/ie\/debateRecord\/select_committee_on_health\/2026-04-23\/debate\/main"},{"chamber":{"showAs":"D\u00e1il \u00c9ireann","uri":"https:\/\/data.oireachtas.ie\/ie\/oireachtas\/def\/house\/dail"},"date":"2026-01-20","debateSectionId":"dbsect_15","showAs":"Health (Amendment) (Home Support Providers) Bill 2025: Second Stage","uri":"https:\/\/data.oireachtas.ie\/akn\/ie\/debateRecord\/dail\/2026-01-20\/debate\/main"},{"chamber":{"showAs":"D\u00e1il \u00c9ireann","uri":"https:\/\/data.oireachtas.ie\/ie\/oireachtas\/def\/house\/dail"},"date":"2026-01-20","debateSectionId":"dbsect_16","showAs":"Health (Amendment) (Home Support Providers) Bill 2025: Referral to Select Committee","uri":"https:\/\/data.oireachtas.ie\/akn\/ie\/debateRecord\/dail\/2026-01-20\/debate\/main"}],"events":[{"event":{"chamber":{"chamberCode":"dail","showAs":"D\u00e1il \u00c9ireann","uri":"https:\/\/data.oireachtas.ie\/ie\/oireachtas\/def\/house\/dail"},"dates":[{"date":"2025-12-16"}],"eventURI":"https:\/\/data.oireachtas.ie\/ie\/oireachtas\/def\/bill-event\/published","showAs":"Published","uri":"https:\/\/data.oireachtas.ie\/ie\/oireachtas\/bill\/2025\/84\/published"}}],"lastUpdated":"2026-06-25T09:04:04.220000+00:00","longTitleEn":"<p>Bill entitled an Act to provide for a scheme of registration and inspection of persons who provide certain support services to older persons and persons with disabilities in their private dwellings; and, for those purposes, to amend the Health Act 2007; and to provide for related matters.<\/p>","longTitleGa":"<p>Bille d\u00e1 ngairtear Acht do dh\u00e9anamh socr\u00fa maidir le sc\u00e9im cl\u00e1r\u00fach\u00e1in agus ini\u00fachta daoine a shol\u00e1thra\u00edonn seirbh\u00eds\u00ed taca\u00edochta \u00e1irithe do dhaoine scothaosta agus do dhaoine faoi mh\u00edchumas ina dteaghais\u00ed pr\u00edobh\u00e1ideacha; agus, chun na gcr\u00edoch sin, do leas\u00fa an Achta Sl\u00e1inte, 2007; agus do dh\u00e9anamh socr\u00fa i dtaobh nithe gaolmhara.<\/p>","method":"Presented","methodURI":"https:\/\/data.oireachtas.ie\/ie\/oireachtas\/def\/bill-method\/presented","mostRecentStage":{"event":{"chamber":{"chamberCode":"seanad","showAs":"Seanad \u00c9ireann","uri":"https:\/\/data.oireachtas.ie\/ie\/oireachtas\/def\/house\/seanad"},"dates":[{"date":"2026-06-23"}],"house":{"chamberCode":"seanad","chamberType":"house","houseCode":"seanad","houseNo":"27","showAs":"27th Seanad","uri":"https:\/\/data.oireachtas.ie\/ie\/oireachtas\/house\/seanad\/27"},"progressStage":9,"showAs":"Fifth Stage","stageCompleted":true,"stageOutcome":null,"stageURI":"https:\/\/data.oireachtas.ie\/ie\/oireachtas\/def\/bill-stage\/5","uri":"https:\/\/data.oireachtas.ie\/ie\/oireachtas\/bill\/2025\/84\/stage\/seanad\/5"}},"originHouse":{"showAs":"D\u00e1il \u00c9ireann","uri":"https:\/\/data.oireachtas.ie\/ie\/oireachtas\/def\/house\/dail"},"originHouseURI":"https:\/\/data.oireachtas.ie\/ie\/oireachtas\/def\/house\/dail","relatedDocs":[{"relatedDoc":{"date":"2026-02-19","docType":"digest","formats":{"pdf":{"uri":"https:\/\/data.oireachtas.ie\/ie\/oireachtas\/bill\/2025\/84\/eng\/digest\/lrsdigesthomesupport-190126-94920.pdf"},"xml":null},"lang":"eng","showAs":"Bill Digest","uri":"https:\/\/data.oireachtas.ie\/ie\/oireachtas\/bill\/2025\/84\/eng\/digest"}},{"relatedDoc":{"date":"2025-12-16","docType":"memo","formats":{"pdf":{"uri":"https:\/\/data.oireachtas.ie\/ie\/oireachtas\/bill\/2025\/84\/eng\/memo\/b8425d-memo.pdf"},"xml":null},"lang":"eng","showAs":"Explanatory Memorandum","uri":"https:\/\/data.oireachtas.ie\/ie\/oireachtas\/bill\/2025\/84\/eng\/memo"}}],"shortTitleEn":"Health (Amendment) (Home Support Providers) Bill 2025","shortTitleGa":"An Bille Sl\u00e1inte (Leas\u00fa) (Sol\u00e1thraithe Taca\u00edochta Baile), 2025","source":"Government","sourceURI":"https:\/\/data.oireachtas.ie\/ie\/oireachtas\/def\/bill-source\/government","sponsors":[{"sponsor":{"isPrimary":true,"as":{"showAs":"Minister for Health","uri":null},"by":{"showAs":null,"uri":null}}}],"stages":[{"event":{"chamber":{"chamberCode":"dail","showAs":"D\u00e1il \u00c9ireann","uri":"https:\/\/data.oireachtas.ie\/ie\/oireachtas\/def\/house\/dail"},"dates":[{"date":"2025-12-16"},{"date":"2026-01-20"}],"house":{"chamberCode":"dail","chamberType":"house","houseCode":"dail","houseNo":"34","showAs":"34th D\u00e1il","uri":"https:\/\/data.oireachtas.ie\/ie\/oireachtas\/house\/dail\/34"},"progressStage":1,"showAs":"First Stage","stageCompleted":true,"stageOutcome":null,"stageURI":"https:\/\/data.oireachtas.ie\/ie\/oireachtas\/def\/bill-stage\/1","uri":"https:\/\/data.oireachtas.ie\/ie\/oireachtas\/bill\/2025\/84\/stage\/dail\/1"}},{"event":{"chamber":{"chamberCode":"dail","showAs":"D\u00e1il \u00c9ireann","uri":"https:\/\/data.oireachtas.ie\/ie\/oireachtas\/def\/house\/dail"},"dates":[{"date":"2026-01-20"}],"house":{"chamberCode":"dail","chamberType":"house","houseCode":"dail","houseNo":"34","showAs":"34th D\u00e1il","uri":"https:\/\/data.oireachtas.ie\/ie\/oireachtas\/house\/dail\/34"},"progressStage":2,"showAs":"Second Stage","stageCompleted":true,"stageOutcome":null,"stageURI":"https:\/\/data.oireachtas.ie\/ie\/oireachtas\/def\/bill-stage\/2","uri":"https:\/\/data.oireachtas.ie\/ie\/oireachtas\/bill\/2025\/84\/stage\/dail\/2"}},{"event":{"chamber":{"chamberCode":"dail","showAs":"D\u00e1il \u00c9ireann","uri":"https:\/\/data.oireachtas.ie\/ie\/oireachtas\/def\/house\/dail"},"dates":[{"date":"2026-01-20"}],"house":{"chamberCode":"dail","chamberType":"house","houseCode":"dail","houseNo":"34","showAs":"34th D\u00e1il","uri":"https:\/\/data.oireachtas.ie\/ie\/oireachtas\/house\/dail\/34"},"progressStage":3,"showAs":"Committee Stage","stageCompleted":true,"stageOutcome":null,"stageURI":"https:\/\/data.oireachtas.ie\/ie\/oireachtas\/def\/bill-stage\/3","uri":"https:\/\/data.oireachtas.ie\/ie\/oireachtas\/bill\/2025\/84\/stage\/dail\/3"}},{"event":{"chamber":{"chamberCode":"dail","showAs":"D\u00e1il \u00c9ireann","uri":"https:\/\/data.oireachtas.ie\/ie\/oireachtas\/def\/house\/dail"},"dates":[{"date":"2026-05-20"}],"house":{"chamberCode":"dail","chamberType":"house","houseCode":"dail","houseNo":"34","showAs":"34th D\u00e1il","uri":"https:\/\/data.oireachtas.ie\/ie\/oireachtas\/house\/dail\/34"},"progressStage":4,"showAs":"Report Stage","stageCompleted":true,"stageOutcome":null,"stageURI":"https:\/\/data.oireachtas.ie\/ie\/oireachtas\/def\/bill-stage\/4","uri":"https:\/\/data.oireachtas.ie\/ie\/oireachtas\/bill\/2025\/84\/stage\/dail\/4"}},{"event":{"chamber":{"chamberCode":"dail","showAs":"D\u00e1il \u00c9ireann","uri":"https:\/\/data.oireachtas.ie\/ie\/oireachtas\/def\/house\/dail"},"dates":[{"date":"2026-05-20"}],"house":{"chamberCode":"dail","chamberType":"house","houseCode":"dail","houseNo":"34","showAs":"34th D\u00e1il","uri":"https:\/\/data.oireachtas.ie\/ie\/oireachtas\/house\/dail\/34"},"progressStage":5,"showAs":"Fifth Stage","stageCompleted":true,"stageOutcome":null,"stageURI":"https:\/\/data.oireachtas.ie\/ie\/oireachtas\/def\/bill-stage\/5","uri":"https:\/\/data.oireachtas.ie\/ie\/oireachtas\/bill\/2025\/84\/stage\/dail\/5"}},{"event":{"chamber":{"chamberCode":"seanad","showAs":"Seanad \u00c9ireann","uri":"https:\/\/data.oireachtas.ie\/ie\/oireachtas\/def\/house\/seanad"},"dates":[{"date":"2026-06-16"}],"house":{"chamberCode":"seanad","chamberType":"house","houseCode":"seanad","houseNo":"27","showAs":"27th Seanad","uri":"https:\/\/data.oireachtas.ie\/ie\/oireachtas\/house\/seanad\/27"},"progressStage":6,"showAs":"Second Stage","stageCompleted":true,"stageOutcome":null,"stageURI":"https:\/\/data.oireachtas.ie\/ie\/oireachtas\/def\/bill-stage\/2","uri":"https:\/\/data.oireachtas.ie\/ie\/oireachtas\/bill\/2025\/84\/stage\/seanad\/2"}},{"event":{"chamber":{"chamberCode":"seanad","showAs":"Seanad \u00c9ireann","uri":"https:\/\/data.oireachtas.ie\/ie\/oireachtas\/def\/house\/seanad"},"dates":[{"date":"2026-06-23"}],"house":{"chamberCode":"seanad","chamberType":"house","houseCode":"seanad","houseNo":"27","showAs":"27th Seanad","uri":"https:\/\/data.oireachtas.ie\/ie\/oireachtas\/house\/seanad\/27"},"progressStage":7,"showAs":"Committee Stage","stageCompleted":true,"stageOutcome":null,"stageURI":"https:\/\/data.oireachtas.ie\/ie\/oireachtas\/def\/bill-stage\/3","uri":"https:\/\/data.oireachtas.ie\/ie\/oireachtas\/bill\/2025\/84\/stage\/seanad\/3"}},{"event":{"chamber":{"chamberCode":"seanad","showAs":"Seanad \u00c9ireann","uri":"https:\/\/data.oireachtas.ie\/ie\/oireachtas\/def\/house\/seanad"},"dates":[{"date":"2026-06-23"}],"house":{"chamberCode":"seanad","chamberType":"house","houseCode":"seanad","houseNo":"27","showAs":"27th Seanad","uri":"https:\/\/data.oireachtas.ie\/ie\/oireachtas\/house\/seanad\/27"},"progressStage":8,"showAs":"Report Stage","stageCompleted":true,"stageOutcome":null,"stageURI":"https:\/\/data.oireachtas.ie\/ie\/oireachtas\/def\/bill-stage\/4","uri":"https:\/\/data.oireachtas.ie\/ie\/oireachtas\/bill\/2025\/84\/stage\/seanad\/4"}},{"event":{"chamber":{"chamberCode":"seanad","showAs":"Seanad \u00c9ireann","uri":"https:\/\/data.oireachtas.ie\/ie\/oireachtas\/def\/house\/seanad"},"dates":[{"date":"2026-06-23"}],"house":{"chamberCode":"seanad","chamberType":"house","houseCode":"seanad","houseNo":"27","showAs":"27th Seanad","uri":"https:\/\/data.oireachtas.ie\/ie\/oireachtas\/house\/seanad\/27"},"progressStage":9,"showAs":"Fifth Stage","stageCompleted":true,"stageOutcome":null,"stageURI":"https:\/\/data.oireachtas.ie\/ie\/oireachtas\/def\/bill-stage\/5","uri":"https:\/\/data.oireachtas.ie\/ie\/oireachtas\/bill\/2025\/84\/stage\/seanad\/5"}}],"status":"Current","statusURI":"https:\/\/data.oireachtas.ie\/ie\/oireachtas\/def\/bill-status\/published","uri":"https:\/\/data.oireachtas.ie\/ie\/oireachtas\/bill\/2025\/84","versions":[{"version":{"lang":"eng","docType":"bill","showAs":"As amended in Committee\/Select Committee [D\u00e1il \u00c9ireann]","date":"2026-04-23","formats":{"pdf":{"uri":"https:\/\/data.oireachtas.ie\/ie\/oireachtas\/bill\/2025\/84\/eng\/ver_a\/b84a25d.pdf"},"xml":null},"uri":"https:\/\/data.oireachtas.ie\/ie\/oireachtas\/bill\/2025\/84\/eng\/ver_a"}},{"version":{"lang":"eng","docType":"bill","showAs":"As Initiated","date":"2025-12-16","formats":{"pdf":{"uri":"https:\/\/data.oireachtas.ie\/ie\/oireachtas\/bill\/2025\/84\/eng\/initiated\/b8425d.pdf"},"xml":null},"uri":"https:\/\/data.oireachtas.ie\/ie\/oireachtas\/bill\/2025\/84\/eng\/initiated"}}]},"contextDate":"2026-06-23","billSort":{"actNoSort":null,"actShortTitleEnSort":null,"actShortTitleGaSort":null,"actYearSort":null,"billNoSort":84,"billShortTitleEnSort":"health-amendment-home-support-providers-bill-2025","billShortTitleGaSort":"an-bille-slainte-leasu-solathraithe-tacaiochta-baile-2025","billYearSort":2025}},{"bill":{"act":null,"amendmentLists":[],"billNo":"83","billType":"Public","billTypeURI":"https:\/\/data.oireachtas.ie\/ie\/oireachtas\/def\/bill-type\/public","billYear":"2025","debates":[{"chamber":{"showAs":"D\u00e1il \u00c9ireann","uri":"https:\/\/data.oireachtas.ie\/ie\/oireachtas\/def\/house\/dail"},"date":"2025-12-10","debateSectionId":"dbsect_12","showAs":"Residential Tenancies (Winter Ban on Evictions) Bill 2025: First Stage","uri":"https:\/\/data.oireachtas.ie\/akn\/ie\/debateRecord\/dail\/2025-12-10\/debate\/main"}],"events":[{"event":{"chamber":{"chamberCode":"dail","showAs":"D\u00e1il \u00c9ireann","uri":"https:\/\/data.oireachtas.ie\/ie\/oireachtas\/def\/house\/dail"},"dates":[{"date":"2025-12-05"},{"date":"2025-12-10"}],"eventURI":"https:\/\/data.oireachtas.ie\/ie\/oireachtas\/def\/bill-event\/approved-for-initiation","showAs":"Approved for Initiation","uri":"https:\/\/data.oireachtas.ie\/ie\/oireachtas\/bill\/2025\/83\/approved-for-initiation"}}],"lastUpdated":"2025-12-11T13:33:48.180000+00:00","longTitleEn":"<p>Bill entitled an Act to make emergency provision to defer the termination dates of certain tenancies that fall, or would fall, during the period beginning on the day after the date of the passing of this Act and ending on 1 July 2026 in order to mitigate the risk that persons whose tenancies would otherwise be terminated during that period would be unable to obtain alternative accommodation; to make such provision on a phased basis to enable tenancies affected to be terminated over a period of time to assist in managing demands on housing services as a result of such deferred termination; and to provide for related matters.<\/p>","longTitleGa":"<p>Bille d\u00e1 ngairtear Acht do dh\u00e9anamh socr\u00fa \u00e9igeand\u00e1la maidir le d\u00e1ta\u00ed foirceanta tion\u00f3ntachta\u00ed \u00e1irithe a iarchur, ar d\u00e1ta\u00ed iad, n\u00f3 ar dh\u00e1ta\u00ed iad, le linn na tr\u00e9imhse dar tosach an l\u00e1 tar \u00e9is dh\u00e1ta rite an Achta seo agus dar cr\u00edoch an 1 I\u00fail 2026, d\u2019fhonn maol\u00fa a dh\u00e9anamh ar an mbaol nach mbeadh daoine a bhfoirceannfa\u00ed a dtion\u00f3ntachta\u00ed le linn na tr\u00e9imhse sin murach sin in ann c\u00f3ir\u00edocht ionad\u00fail a fh\u00e1il; do dh\u00e9anamh an tsocraithe sin ar bhonn c\u00e9imnithe chun a chumas\u00fa tion\u00f3ntachta\u00ed d\u00e1 nd\u00e9anfar difear a fhoirceannadh thar thr\u00e9imhse ama chun cabhr\u00fa le h\u00e9ilimh ar sheirbh\u00eds\u00ed tith\u00edochta de thoradh foirceannadh iarchurtha den s\u00f3rt sin a bhainisti\u00fa; agus do dh\u00e9anamh socr\u00fa i dtaobh nithe gaolmhara.<\/p>","method":"Introduced","methodURI":"https:\/\/data.oireachtas.ie\/ie\/oireachtas\/def\/bill-method\/introduced","mostRecentStage":{"event":{"chamber":{"chamberCode":"dail","showAs":"D\u00e1il \u00c9ireann","uri":"https:\/\/data.oireachtas.ie\/ie\/oireachtas\/def\/house\/dail"},"dates":[{"date":"2026-01-10"}],"house":{"chamberCode":"dail","chamberType":"house","houseCode":"dail","houseNo":"34","showAs":"34th D\u00e1il","uri":"https:\/\/data.oireachtas.ie\/ie\/oireachtas\/house\/dail\/34"},"progressStage":2,"showAs":"Second Stage","stageCompleted":false,"stageOutcome":"Current","stageURI":"https:\/\/data.oireachtas.ie\/ie\/oireachtas\/def\/bill-stage\/2","uri":"https:\/\/data.oireachtas.ie\/ie\/oireachtas\/bill\/2025\/83\/stage\/dail\/2"}},"originHouse":{"showAs":"D\u00e1il \u00c9ireann","uri":"https:\/\/data.oireachtas.ie\/ie\/oireachtas\/def\/house\/dail"},"originHouseURI":"https:\/\/data.oireachtas.ie\/ie\/oireachtas\/def\/house\/dail","relatedDocs":[{"relatedDoc":{"date":"2025-12-10","docType":"memo","formats":{"pdf":{"uri":"https:\/\/data.oireachtas.ie\/ie\/oireachtas\/bill\/2025\/83\/eng\/memo\/b8325d-memo.pdf"},"xml":null},"lang":"eng","showAs":"Explanatory Memorandum","uri":"https:\/\/data.oireachtas.ie\/ie\/oireachtas\/bill\/2025\/83\/eng\/memo"}}],"shortTitleEn":"Residential Tenancies (Winter Ban on Evictions) Bill 2025","shortTitleGa":"An Bille um Thion\u00f3ntachta\u00ed C\u00f3naithe (Cosc ar Dh\u00edshealbhuithe sa Gheimhreadh), 2025","source":"Private Member","sourceURI":"https:\/\/data.oireachtas.ie\/ie\/oireachtas\/def\/bill-source\/private-member","sponsors":[{"sponsor":{"as":{"showAs":null,"uri":null},"by":{"showAs":"Eoin \u00d3 Broin","uri":"https:\/\/data.oireachtas.ie\/ie\/oireachtas\/member\/id\/Eoin-\u00d3-Broin.D.2016-10-03"},"isPrimary":true}}],"stages":[{"event":{"chamber":{"chamberCode":"dail","showAs":"D\u00e1il \u00c9ireann","uri":"https:\/\/data.oireachtas.ie\/ie\/oireachtas\/def\/house\/dail"},"dates":[{"date":"2025-12-05"},{"date":"2025-12-10"},{"date":"2025-12-10"}],"house":{"chamberCode":"dail","chamberType":"house","houseCode":"dail","houseNo":"34","showAs":"34th D\u00e1il","uri":"https:\/\/data.oireachtas.ie\/ie\/oireachtas\/house\/dail\/34"},"progressStage":1,"showAs":"First Stage","stageCompleted":true,"stageOutcome":null,"stageURI":"https:\/\/data.oireachtas.ie\/ie\/oireachtas\/def\/bill-stage\/1","uri":"https:\/\/data.oireachtas.ie\/ie\/oireachtas\/bill\/2025\/83\/stage\/dail\/1"}},{"event":{"chamber":{"chamberCode":"dail","showAs":"D\u00e1il \u00c9ireann","uri":"https:\/\/data.oireachtas.ie\/ie\/oireachtas\/def\/house\/dail"},"dates":[{"date":"2026-01-10"}],"house":{"chamberCode":"dail","chamberType":"house","houseCode":"dail","houseNo":"34","showAs":"34th D\u00e1il","uri":"https:\/\/data.oireachtas.ie\/ie\/oireachtas\/house\/dail\/34"},"progressStage":2,"showAs":"Second Stage","stageCompleted":false,"stageOutcome":"Current","stageURI":"https:\/\/data.oireachtas.ie\/ie\/oireachtas\/def\/bill-stage\/2","uri":"https:\/\/data.oireachtas.ie\/ie\/oireachtas\/bill\/2025\/83\/stage\/dail\/2"}}],"status":"Current","statusURI":"https:\/\/data.oireachtas.ie\/ie\/oireachtas\/def\/bill-status\/published","uri":"https:\/\/data.oireachtas.ie\/ie\/oireachtas\/bill\/2025\/83","versions":[{"version":{"date":"2025-12-10","docType":"bill","formats":{"pdf":{"uri":"https:\/\/data.oireachtas.ie\/ie\/oireachtas\/bill\/2025\/83\/eng\/initiated\/b8325d.pdf"},"xml":null},"lang":"eng","showAs":"As Initiated","uri":"https:\/\/data.oireachtas.ie\/ie\/oireachtas\/bill\/2025\/83\/eng\/initiated"}}]},"billSort":{"actNoSort":null,"actShortTitleEnSort":null,"actShortTitleGaSort":null,"actYearSort":null,"billNoSort":83,"billShortTitleEnSort":"residential-tenancies-winter-ban-on-evictions-bill-2025","billShortTitleGaSort":"an-bille-um-thionontachtai-conaithe-cosc-ar-dhishealbhuithe-sa-gheimhreadh-2025","billYearSort":2025},"contextDate":"2026-01-10"},{"bill":{"act":null,"amendmentLists":[{"amendmentList":{"amendmentTypeUri":{"uri":"https:\/\/data.oireachtas.ie\/ie\/oireachtas\/def\/amendment-type\/creamList"},"chamber":{"showAs":"Seanad","uri":"https:\/\/data.oireachtas.ie\/ie\/oireachtas\/def\/seanad"},"date":"2026-07-06","formats":{"pdf":{"uri":"https:\/\/data.oireachtas.ie\/ie\/oireachtas\/bill\/2025\/82\/seanad\/4\/amendment\/creamList\/eng\/b82b25d-cream-list-atoa.pdf"},"xml":null},"showAs":"Cream List [Seanad amendments to D\u00e1il Bill]","stage":{"showAs":"Report Stage","uri":"https:\/\/data.oireachtas.ie\/ie\/oireachtas\/bill\/2025\/82\/seanad\/4"},"stageNo":"4"}},{"amendmentList":{"amendmentTypeUri":{"uri":"https:\/\/data.oireachtas.ie\/ie\/oireachtas\/def\/amendment-type\/creamList"},"chamber":{"showAs":"Seanad","uri":"https:\/\/data.oireachtas.ie\/ie\/oireachtas\/def\/seanad"},"date":"2026-06-25","formats":{"pdf":{"uri":"https:\/\/data.oireachtas.ie\/ie\/oireachtas\/bill\/2025\/82\/seanad\/4\/amendment\/creamList\/eng\/b82b25d-cream-list.pdf"},"xml":null},"showAs":"Cream List [Seanad amendments to D\u00e1il Bill]","stage":{"showAs":"Report Stage","uri":"https:\/\/data.oireachtas.ie\/ie\/oireachtas\/bill\/2025\/82\/seanad\/4"},"stageNo":"4"}},{"amendmentList":{"amendmentTypeUri":{"uri":"https:\/\/data.oireachtas.ie\/ie\/oireachtas\/def\/amendment-type\/numberedList"},"chamber":{"showAs":"Seanad","uri":"https:\/\/data.oireachtas.ie\/ie\/oireachtas\/def\/seanad"},"date":"2026-06-23","formats":{"pdf":{"uri":"https:\/\/data.oireachtas.ie\/ie\/oireachtas\/bill\/2025\/82\/seanad\/4\/amendment\/numberedList\/eng\/b82b25d-srnl.pdf"},"xml":null},"showAs":"Numbered List [Seanad]","stage":{"showAs":"Report Stage","uri":"https:\/\/data.oireachtas.ie\/ie\/oireachtas\/bill\/2025\/82\/seanad\/4"},"stageNo":"4"}},{"amendmentList":{"amendmentTypeUri":{"uri":"https:\/\/data.oireachtas.ie\/ie\/oireachtas\/def\/amendment-type\/creamList"},"chamber":{"showAs":"Seanad","uri":"https:\/\/data.oireachtas.ie\/ie\/oireachtas\/def\/seanad"},"date":"2026-06-18","formats":{"pdf":{"uri":"https:\/\/data.oireachtas.ie\/ie\/oireachtas\/bill\/2025\/82\/seanad\/6\/amendment\/creamList\/eng\/b82b25d-interstage-cl.pdf"},"xml":null},"showAs":"Cream List [Seanad amendments to D\u00e1il Bill] \u2013 Interstage","stage":{"showAs":"Cream List","uri":"https:\/\/data.oireachtas.ie\/ie\/oireachtas\/bill\/2025\/82\/seanad\/6"},"stageNo":"6"}},{"amendmentList":{"amendmentTypeUri":{"uri":"https:\/\/data.oireachtas.ie\/ie\/oireachtas\/def\/amendment-type\/numberedList"},"chamber":{"showAs":"Seanad","uri":"https:\/\/data.oireachtas.ie\/ie\/oireachtas\/def\/seanad"},"date":"2026-06-10","formats":{"pdf":{"uri":"https:\/\/data.oireachtas.ie\/ie\/oireachtas\/bill\/2025\/82\/seanad\/3\/amendment\/numberedList\/eng\/b82b25d-scnl.pdf"},"xml":null},"showAs":"Numbered List [Seanad]","stage":{"showAs":"Committee Stage","uri":"https:\/\/data.oireachtas.ie\/ie\/oireachtas\/bill\/2025\/82\/seanad\/3"},"stageNo":"3"}},{"amendmentList":{"amendmentTypeUri":{"uri":"https:\/\/data.oireachtas.ie\/ie\/oireachtas\/def\/amendment-type\/numberedList"},"chamber":{"showAs":"Dail","uri":"https:\/\/data.oireachtas.ie\/ie\/oireachtas\/def\/dail"},"date":"2026-05-12","formats":{"pdf":{"uri":"https:\/\/data.oireachtas.ie\/ie\/oireachtas\/bill\/2025\/82\/dail\/4\/amendment\/numberedList\/eng\/b82a25d-drnl.pdf"},"xml":null},"showAs":"Numbered List [D\u00e1il]","stage":{"showAs":"Report Stage","uri":"https:\/\/data.oireachtas.ie\/ie\/oireachtas\/bill\/2025\/82\/dail\/4"},"stageNo":"4"}},{"amendmentList":{"amendmentTypeUri":{"uri":"https:\/\/data.oireachtas.ie\/ie\/oireachtas\/def\/amendment-type\/numberedList"},"chamber":{"showAs":"Dail","uri":"https:\/\/data.oireachtas.ie\/ie\/oireachtas\/def\/dail"},"date":"2026-03-02","formats":{"pdf":{"uri":"https:\/\/data.oireachtas.ie\/ie\/oireachtas\/bill\/2025\/82\/dail\/3\/amendment\/numberedList\/eng\/b8225d-dcnl.pdf"},"xml":null},"showAs":"Numbered List [D\u00e1il]","stage":{"showAs":"Committee Stage","uri":"https:\/\/data.oireachtas.ie\/ie\/oireachtas\/bill\/2025\/82\/dail\/3"},"stageNo":"3"}}],"billNo":"82","billType":"Public","billTypeURI":"https:\/\/data.oireachtas.ie\/ie\/oireachtas\/def\/bill-type\/public","billYear":"2025","debates":[{"chamber":{"showAs":"Seanad \u00c9ireann","uri":"https:\/\/data.oireachtas.ie\/ie\/oireachtas\/def\/house\/seanad"},"date":"2026-06-23","debateSectionId":"dbsect_17","showAs":"Garda S\u00edoch\u00e1na (Recording Devices) (Amendment) Bill 2025: Report and Final Stages","uri":"https:\/\/data.oireachtas.ie\/akn\/ie\/debateRecord\/seanad\/2026-06-23\/debate\/main"},{"chamber":{"showAs":"Seanad \u00c9ireann","uri":"https:\/\/data.oireachtas.ie\/ie\/oireachtas\/def\/house\/seanad"},"date":"2026-06-11","debateSectionId":"dbsect_14","showAs":"Garda S\u00edoch\u00e1na (Recording Devices) (Amendment) Bill 2025: Committee Stage (Resumed)","uri":"https:\/\/data.oireachtas.ie\/akn\/ie\/debateRecord\/seanad\/2026-06-11\/debate\/main"},{"chamber":{"showAs":"Seanad \u00c9ireann","uri":"https:\/\/data.oireachtas.ie\/ie\/oireachtas\/def\/house\/seanad"},"date":"2026-06-10","debateSectionId":"dbsect_12","showAs":"Garda S\u00edoch\u00e1na (Recording Devices) (Amendment) Bill 2025: Committee Stage","uri":"https:\/\/data.oireachtas.ie\/akn\/ie\/debateRecord\/seanad\/2026-06-10\/debate\/main"},{"chamber":{"showAs":"Seanad \u00c9ireann","uri":"https:\/\/data.oireachtas.ie\/ie\/oireachtas\/def\/house\/seanad"},"date":"2026-05-27","debateSectionId":"dbsect_13","showAs":"Garda S\u00edoch\u00e1na (Recording Devices) (Amendment) Bill 2025: Second Stage","uri":"https:\/\/data.oireachtas.ie\/akn\/ie\/debateRecord\/seanad\/2026-05-27\/debate\/main"},{"chamber":{"showAs":"D\u00e1il \u00c9ireann","uri":"https:\/\/data.oireachtas.ie\/ie\/oireachtas\/def\/house\/dail"},"date":"2026-05-13","debateSectionId":"dbsect_15","showAs":"Garda S\u00edoch\u00e1na (Recording Devices) (Amendment) Bill 2025: Report and Final Stages","uri":"https:\/\/data.oireachtas.ie\/akn\/ie\/debateRecord\/dail\/2026-05-13\/debate\/main"},{"chamber":{"showAs":"Select Committee on Justice, Home Affairs and Migration","uri":"https:\/\/data.oireachtas.ie\/ie\/oireachtas\/def\/committee"},"date":"2026-03-03","debateSectionId":"dbsect_11","showAs":"Garda S\u00edoch\u00e1na (Recording Devices) (Amendment) Bill 2025: Committee Stage","uri":"https:\/\/data.oireachtas.ie\/akn\/ie\/debateRecord\/select_committee_on_justice_home_affairs_and_migration\/2026-03-03\/debate\/main"},{"chamber":{"showAs":"D\u00e1il \u00c9ireann","uri":"https:\/\/data.oireachtas.ie\/ie\/oireachtas\/def\/house\/dail"},"date":"2025-12-18","debateSectionId":"dbsect_46","showAs":"Garda S\u00edoch\u00e1na (Recording Devices) (Amendment) Bill 2025: Second Stage","uri":"https:\/\/data.oireachtas.ie\/akn\/ie\/debateRecord\/dail\/2025-12-18\/debate\/main"},{"chamber":{"showAs":"D\u00e1il \u00c9ireann","uri":"https:\/\/data.oireachtas.ie\/ie\/oireachtas\/def\/house\/dail"},"date":"2025-12-18","debateSectionId":"dbsect_47","showAs":"Garda S\u00edoch\u00e1na (Recording Devices) (Amendment) Bill 2025: Referral to Select Committee","uri":"https:\/\/data.oireachtas.ie\/akn\/ie\/debateRecord\/dail\/2025-12-18\/debate\/main"}],"events":[{"event":{"chamber":{"chamberCode":"dail","showAs":"D\u00e1il \u00c9ireann","uri":"https:\/\/data.oireachtas.ie\/ie\/oireachtas\/def\/house\/dail"},"dates":[{"date":"2025-12-11"}],"eventURI":"https:\/\/data.oireachtas.ie\/ie\/oireachtas\/def\/bill-event\/published","showAs":"Published","uri":"https:\/\/data.oireachtas.ie\/ie\/oireachtas\/bill\/2025\/82\/published"}}],"lastUpdated":"2026-06-24T13:35:08.660000+00:00","longTitleEn":"<p>Bill entitled an Act to provide for the carrying out of biometric analysis by members of Garda personnel in certain circumstances; to provide for the preparation of codes of practice in relation to the carrying out of such biometric analysis and, for those and other purposes, to amend the Garda S\u00edoch\u00e1na (Recording Devices) Act 2023; and to provide for related matters.<\/p>","longTitleGa":"<p>Bille d\u00e1 ngairtear Acht do dh\u00e9anamh socr\u00fa maidir le comhalta\u00ed de phearsanra an Gharda do dh\u00e9anamh anail\u00eds bhithmh\u00e9adrach in imthosca \u00e1irithe; do dh\u00e9anamh socr\u00fa maidir le c\u00f3id chleachtais a ullmh\u00fa i nd\u00e1il le hanail\u00eds bhithmh\u00e9adrach den s\u00f3rt sin a dh\u00e9anamh agus, chun na gcr\u00edoch sin agus chun cr\u00edoch eile, do leas\u00fa Acht an Gharda S\u00edoch\u00e1na (Feist\u00ed Taifeadta), 2023; agus do dh\u00e9anamh socr\u00fa i dtaobh nithe gaolmhara.<\/p>","method":"Presented","methodURI":"https:\/\/data.oireachtas.ie\/ie\/oireachtas\/def\/bill-method\/presented","mostRecentStage":{"event":{"chamber":{"chamberCode":"seanad","showAs":"Seanad \u00c9ireann","uri":"https:\/\/data.oireachtas.ie\/ie\/oireachtas\/def\/house\/seanad"},"dates":[{"date":"2026-06-23"}],"house":{"chamberCode":"seanad","chamberType":"house","houseCode":"seanad","houseNo":"27","showAs":"27th Seanad","uri":"https:\/\/data.oireachtas.ie\/ie\/oireachtas\/house\/seanad\/27"},"progressStage":9,"showAs":"Fifth Stage","stageCompleted":true,"stageOutcome":null,"stageURI":"https:\/\/data.oireachtas.ie\/ie\/oireachtas\/def\/bill-stage\/5","uri":"https:\/\/data.oireachtas.ie\/ie\/oireachtas\/bill\/2025\/82\/stage\/seanad\/5"}},"originHouse":{"showAs":"D\u00e1il \u00c9ireann","uri":"https:\/\/data.oireachtas.ie\/ie\/oireachtas\/def\/house\/dail"},"originHouseURI":"https:\/\/data.oireachtas.ie\/ie\/oireachtas\/def\/house\/dail","relatedDocs":[{"relatedDoc":{"date":"2025-12-18","docType":"gluais","formats":{"pdf":{"uri":"https:\/\/data.oireachtas.ie\/ie\/oireachtas\/bill\/2025\/82\/mul\/gluais\/gluais-22-2025-bille-an-gharda-siochana-feisti-taifeadta-leasu-2025.pdf"},"xml":null},"lang":"mul","showAs":"Glossary\/Gluais","uri":"https:\/\/data.oireachtas.ie\/ie\/oireachtas\/bill\/2025\/82\/mul\/gluais"}},{"relatedDoc":{"date":"2025-12-16","docType":"digest","formats":{"pdf":{"uri":"https:\/\/data.oireachtas.ie\/ie\/oireachtas\/bill\/2025\/82\/eng\/digest\/digest-gs-rd-amd-bill.pdf"},"xml":null},"lang":"eng","showAs":"Bill Digest","uri":"https:\/\/data.oireachtas.ie\/ie\/oireachtas\/bill\/2025\/82\/eng\/digest"}},{"relatedDoc":{"date":"2025-12-11","docType":"memo","formats":{"pdf":{"uri":"https:\/\/data.oireachtas.ie\/ie\/oireachtas\/bill\/2025\/82\/eng\/memo\/b8225d-memo.pdf"},"xml":null},"lang":"eng","showAs":"Explanatory Memorandum","uri":"https:\/\/data.oireachtas.ie\/ie\/oireachtas\/bill\/2025\/82\/eng\/memo"}}],"shortTitleEn":"Garda S\u00edoch\u00e1na (Recording Devices) (Amendment) Bill 2025","shortTitleGa":"Bille an Gharda S\u00edoch\u00e1na (Feist\u00ed Taifeadta) (Leas\u00fa), 2025","source":"Government","sourceURI":"https:\/\/data.oireachtas.ie\/ie\/oireachtas\/def\/bill-source\/government","sponsors":[{"sponsor":{"isPrimary":true,"as":{"showAs":"Minister for Justice, Home Affairs and Migration","uri":null},"by":{"showAs":null,"uri":null}}}],"stages":[{"event":{"chamber":{"chamberCode":"dail","showAs":"D\u00e1il \u00c9ireann","uri":"https:\/\/data.oireachtas.ie\/ie\/oireachtas\/def\/house\/dail"},"dates":[{"date":"2025-12-11"},{"date":"2025-12-11"}],"house":{"chamberCode":"dail","chamberType":"house","houseCode":"dail","houseNo":"34","showAs":"34th D\u00e1il","uri":"https:\/\/data.oireachtas.ie\/ie\/oireachtas\/house\/dail\/34"},"progressStage":1,"showAs":"First Stage","stageCompleted":true,"stageOutcome":null,"stageURI":"https:\/\/data.oireachtas.ie\/ie\/oireachtas\/def\/bill-stage\/1","uri":"https:\/\/data.oireachtas.ie\/ie\/oireachtas\/bill\/2025\/82\/stage\/dail\/1"}},{"event":{"chamber":{"chamberCode":"dail","showAs":"D\u00e1il \u00c9ireann","uri":"https:\/\/data.oireachtas.ie\/ie\/oireachtas\/def\/house\/dail"},"dates":[{"date":"2025-12-18"}],"house":{"chamberCode":"dail","chamberType":"house","houseCode":"dail","houseNo":"34","showAs":"34th D\u00e1il","uri":"https:\/\/data.oireachtas.ie\/ie\/oireachtas\/house\/dail\/34"},"progressStage":2,"showAs":"Second Stage","stageCompleted":true,"stageOutcome":null,"stageURI":"https:\/\/data.oireachtas.ie\/ie\/oireachtas\/def\/bill-stage\/2","uri":"https:\/\/data.oireachtas.ie\/ie\/oireachtas\/bill\/2025\/82\/stage\/dail\/2"}},{"event":{"chamber":{"chamberCode":"dail","showAs":"D\u00e1il \u00c9ireann","uri":"https:\/\/data.oireachtas.ie\/ie\/oireachtas\/def\/house\/dail"},"dates":[{"date":"2026-03-03"}],"house":{"chamberCode":"dail","chamberType":"house","houseCode":"dail","houseNo":"34","showAs":"34th D\u00e1il","uri":"https:\/\/data.oireachtas.ie\/ie\/oireachtas\/house\/dail\/34"},"progressStage":3,"showAs":"Committee Stage","stageCompleted":true,"stageOutcome":null,"stageURI":"https:\/\/data.oireachtas.ie\/ie\/oireachtas\/def\/bill-stage\/3","uri":"https:\/\/data.oireachtas.ie\/ie\/oireachtas\/bill\/2025\/82\/stage\/dail\/3"}},{"event":{"chamber":{"chamberCode":"dail","showAs":"D\u00e1il \u00c9ireann","uri":"https:\/\/data.oireachtas.ie\/ie\/oireachtas\/def\/house\/dail"},"dates":[{"date":"2026-03-03"}],"house":{"chamberCode":"dail","chamberType":"house","houseCode":"dail","houseNo":"34","showAs":"34th D\u00e1il","uri":"https:\/\/data.oireachtas.ie\/ie\/oireachtas\/house\/dail\/34"},"progressStage":4,"showAs":"Report Stage","stageCompleted":true,"stageOutcome":null,"stageURI":"https:\/\/data.oireachtas.ie\/ie\/oireachtas\/def\/bill-stage\/4","uri":"https:\/\/data.oireachtas.ie\/ie\/oireachtas\/bill\/2025\/82\/stage\/dail\/4"}},{"event":{"chamber":{"chamberCode":"dail","showAs":"D\u00e1il \u00c9ireann","uri":"https:\/\/data.oireachtas.ie\/ie\/oireachtas\/def\/house\/dail"},"dates":[{"date":"2026-05-13"}],"house":{"chamberCode":"dail","chamberType":"house","houseCode":"dail","houseNo":"34","showAs":"34th D\u00e1il","uri":"https:\/\/data.oireachtas.ie\/ie\/oireachtas\/house\/dail\/34"},"progressStage":5,"showAs":"Fifth Stage","stageCompleted":true,"stageOutcome":null,"stageURI":"https:\/\/data.oireachtas.ie\/ie\/oireachtas\/def\/bill-stage\/5","uri":"https:\/\/data.oireachtas.ie\/ie\/oireachtas\/bill\/2025\/82\/stage\/dail\/5"}},{"event":{"chamber":{"chamberCode":"seanad","showAs":"Seanad \u00c9ireann","uri":"https:\/\/data.oireachtas.ie\/ie\/oireachtas\/def\/house\/seanad"},"dates":[{"date":"2026-05-27"}],"house":{"chamberCode":"seanad","chamberType":"house","houseCode":"seanad","houseNo":"27","showAs":"27th Seanad","uri":"https:\/\/data.oireachtas.ie\/ie\/oireachtas\/house\/seanad\/27"},"progressStage":6,"showAs":"Second Stage","stageCompleted":true,"stageOutcome":null,"stageURI":"https:\/\/data.oireachtas.ie\/ie\/oireachtas\/def\/bill-stage\/2","uri":"https:\/\/data.oireachtas.ie\/ie\/oireachtas\/bill\/2025\/82\/stage\/seanad\/2"}},{"event":{"chamber":{"chamberCode":"seanad","showAs":"Seanad \u00c9ireann","uri":"https:\/\/data.oireachtas.ie\/ie\/oireachtas\/def\/house\/seanad"},"dates":[{"date":"2026-05-27"},{"date":"2026-05-27"}],"house":{"chamberCode":"seanad","chamberType":"house","houseCode":"seanad","houseNo":"27","showAs":"27th Seanad","uri":"https:\/\/data.oireachtas.ie\/ie\/oireachtas\/house\/seanad\/27"},"progressStage":7,"showAs":"Committee Stage","stageCompleted":true,"stageOutcome":null,"stageURI":"https:\/\/data.oireachtas.ie\/ie\/oireachtas\/def\/bill-stage\/3","uri":"https:\/\/data.oireachtas.ie\/ie\/oireachtas\/bill\/2025\/82\/stage\/seanad\/3"}},{"event":{"chamber":{"chamberCode":"seanad","showAs":"Seanad \u00c9ireann","uri":"https:\/\/data.oireachtas.ie\/ie\/oireachtas\/def\/house\/seanad"},"dates":[{"date":"2026-06-23"},{"date":"2026-06-23"},{"date":"2026-06-23"}],"house":{"chamberCode":"seanad","chamberType":"house","houseCode":"seanad","houseNo":"27","showAs":"27th Seanad","uri":"https:\/\/data.oireachtas.ie\/ie\/oireachtas\/house\/seanad\/27"},"progressStage":8,"showAs":"Report Stage","stageCompleted":true,"stageOutcome":null,"stageURI":"https:\/\/data.oireachtas.ie\/ie\/oireachtas\/def\/bill-stage\/4","uri":"https:\/\/data.oireachtas.ie\/ie\/oireachtas\/bill\/2025\/82\/stage\/seanad\/4"}},{"event":{"chamber":{"chamberCode":"seanad","showAs":"Seanad \u00c9ireann","uri":"https:\/\/data.oireachtas.ie\/ie\/oireachtas\/def\/house\/seanad"},"dates":[{"date":"2026-06-23"}],"house":{"chamberCode":"seanad","chamberType":"house","houseCode":"seanad","houseNo":"27","showAs":"27th Seanad","uri":"https:\/\/data.oireachtas.ie\/ie\/oireachtas\/house\/seanad\/27"},"progressStage":9,"showAs":"Fifth Stage","stageCompleted":true,"stageOutcome":null,"stageURI":"https:\/\/data.oireachtas.ie\/ie\/oireachtas\/def\/bill-stage\/5","uri":"https:\/\/data.oireachtas.ie\/ie\/oireachtas\/bill\/2025\/82\/stage\/seanad\/5"}}],"status":"Current","statusURI":"https:\/\/data.oireachtas.ie\/ie\/oireachtas\/def\/bill-status\/published","uri":"https:\/\/data.oireachtas.ie\/ie\/oireachtas\/bill\/2025\/82","versions":[{"version":{"lang":"eng","docType":"bill","showAs":"As passed by D\u00e1il \u00c9ireann","date":"2026-05-13","formats":{"pdf":{"uri":"https:\/\/data.oireachtas.ie\/ie\/oireachtas\/bill\/2025\/82\/eng\/ver_b\/b82b25d.pdf"},"xml":null},"uri":"https:\/\/data.oireachtas.ie\/ie\/oireachtas\/bill\/2025\/82\/eng\/ver_b"}},{"version":{"lang":"eng","docType":"bill","showAs":"As amended in Committee\/Select Committee [D\u00e1il \u00c9ireann]","date":"2026-03-03","formats":{"pdf":{"uri":"https:\/\/data.oireachtas.ie\/ie\/oireachtas\/bill\/2025\/82\/eng\/ver_a\/b82a25d.pdf"},"xml":null},"uri":"https:\/\/data.oireachtas.ie\/ie\/oireachtas\/bill\/2025\/82\/eng\/ver_a"}},{"version":{"lang":"eng","docType":"bill","showAs":"As Initiated","date":"2025-12-11","formats":{"pdf":{"uri":"https:\/\/data.oireachtas.ie\/ie\/oireachtas\/bill\/2025\/82\/eng\/initiated\/b8225d.pdf"},"xml":null},"uri":"https:\/\/data.oireachtas.ie\/ie\/oireachtas\/bill\/2025\/82\/eng\/initiated"}}]},"contextDate":"2026-06-23","billSort":{"actNoSort":null,"actShortTitleEnSort":null,"actShortTitleGaSort":null,"actYearSort":null,"billNoSort":82,"billShortTitleEnSort":"garda-siochana-recording-devices-amendment-bill-2025","billShortTitleGaSort":"bille-an-gharda-siochana-feisti-taifeadta-leasu-2025","billYearSort":2025}},{"bill":{"act":{"actNo":"17","actYear":"2025","dateSigned":"2025-12-20","longTitleEn":"<p>Act to apply a certain sum out of the Central Fund to the service of the year ended 31 December 2024 and to appropriate to the proper supply services and purposes sums granted by the Central Fund (Permanent Provisions) Act 1965, to make provision in relation to deferred surrender to the Central Fund of certain undischarged appropriations by reference to the capital supply services and purposes as provided for by section 91 of the Finance Act 2004 and, for the purpose of maintaining a sufficient amount of moneys in the Paymaster General\u2019s Supply Account so as to enable the discharge of particular liabilities, to make provision for repayable advances from the Central Fund.&nbsp;<\/p>","longTitleGa":"<p>Acht chun suim \u00e1irithe as an bPr\u00edomh-Chiste a chur chun seirbh\u00eds na bliana dar chr\u00edoch an 31 Nollaig 2024 agus do leithreas\u00fa suimeanna a deona\u00edodh leis an Acht Pr\u00edomh-Chiste (For\u00e1lacha Buana), 1965 chun na seirbh\u00eds\u00ed sol\u00e1thair agus na gcr\u00edoch cu\u00ed, do dh\u00e9anamh for\u00e1il i nd\u00e1il le g\u00e9illeadh iarchurtha leithreasuithe \u00e1irithe neamhurscaoilte don Phr\u00edomh-Chiste faoi threoir na seirbh\u00eds\u00ed sol\u00e1thair chaipiti\u00fail agus na gcr\u00edoch d\u00e1 bhfor\u00e1iltear le halt 91 den Acht Airgeadais, 2004 agus, chun m\u00e9id leordh\u00f3thanach airgid a choime\u00e1d i gcuntas sol\u00e1thair an Ph\u00e1mh\u00e1istir Ghinear\u00e1lta d\u2019fhonn a chumas\u00fa dliteanais \u00e1irithe a urscaoileadh, do dh\u00e9anamh socr\u00fa maidir le hairleacain inais\u00edoctha as an bPr\u00edomh-Chiste.&nbsp;<\/p>","shortTitleEn":"Appropriation Act 2025","shortTitleGa":"An tAcht Leithreasa, 2025","statutebookURI":"http:\/\/www.irishstatutebook.ie\/eli\/2025\/act\/17","uri":"https:\/\/data.oireachtas.ie\/ie\/oireachtas\/act\/2025\/17"},"amendmentLists":[{"amendmentList":{"amendmentTypeUri":{"uri":"https:\/\/data.oireachtas.ie\/ie\/oireachtas\/def\/amendment-type\/numberedList"},"chamber":{"showAs":"Dail","uri":"https:\/\/data.oireachtas.ie\/ie\/oireachtas\/def\/dail"},"date":"2025-12-16","formats":{"pdf":{"uri":"https:\/\/data.oireachtas.ie\/ie\/oireachtas\/bill\/2025\/81\/dail\/3\/amendment\/numberedList\/eng\/b8125d-dcnl.pdf"},"xml":null},"showAs":"Numbered List [D\u00e1il]","stage":{"showAs":"Committee Stage","uri":"https:\/\/data.oireachtas.ie\/ie\/oireachtas\/bill\/2025\/81\/dail\/3"},"stageNo":"3"}}],"billNo":"81","billType":"Public","billTypeURI":"https:\/\/data.oireachtas.ie\/ie\/oireachtas\/def\/bill-type\/public","billYear":"2025","debates":[{"chamber":{"showAs":"Seanad \u00c9ireann","uri":"https:\/\/data.oireachtas.ie\/ie\/oireachtas\/def\/house\/seanad"},"date":"2025-12-18","debateSectionId":"dbsect_10","showAs":"Appropriation Bill 2025 [Certified Money Bill]: Second Stage","uri":"https:\/\/data.oireachtas.ie\/akn\/ie\/debateRecord\/seanad\/2025-12-18\/debate\/main"},{"chamber":{"showAs":"Seanad \u00c9ireann","uri":"https:\/\/data.oireachtas.ie\/ie\/oireachtas\/def\/house\/seanad"},"date":"2025-12-18","debateSectionId":"dbsect_12","showAs":"Appropriation Bill 2025 [Certified Money Bill]: Second Stage (Resumed)","uri":"https:\/\/data.oireachtas.ie\/akn\/ie\/debateRecord\/seanad\/2025-12-18\/debate\/main"},{"chamber":{"showAs":"Seanad \u00c9ireann","uri":"https:\/\/data.oireachtas.ie\/ie\/oireachtas\/def\/house\/seanad"},"date":"2025-12-18","debateSectionId":"dbsect_13","showAs":"Appropriation Bill 2025 [Certified Money Bill]: Committee and Remaining Stages","uri":"https:\/\/data.oireachtas.ie\/akn\/ie\/debateRecord\/seanad\/2025-12-18\/debate\/main"},{"chamber":{"showAs":"D\u00e1il \u00c9ireann","uri":"https:\/\/data.oireachtas.ie\/ie\/oireachtas\/def\/house\/dail"},"date":"2025-12-17","debateSectionId":"dbsect_16","showAs":"Appropriation Bill 2025: Committee and Remaining Stages","uri":"https:\/\/data.oireachtas.ie\/akn\/ie\/debateRecord\/dail\/2025-12-17\/debate\/main"},{"chamber":{"showAs":"D\u00e1il \u00c9ireann","uri":"https:\/\/data.oireachtas.ie\/ie\/oireachtas\/def\/house\/dail"},"date":"2025-12-16","debateSectionId":"dbsect_13","showAs":"Appropriation Bill 2025: Second Stage","uri":"https:\/\/data.oireachtas.ie\/akn\/ie\/debateRecord\/dail\/2025-12-16\/debate\/main"}],"events":[{"event":{"chamber":{"chamberCode":"dail","showAs":"D\u00e1il \u00c9ireann","uri":"https:\/\/data.oireachtas.ie\/ie\/oireachtas\/def\/house\/dail"},"dates":[{"date":"2025-12-10"},{"date":"2025-12-20"}],"eventURI":"https:\/\/data.oireachtas.ie\/ie\/oireachtas\/def\/bill-event\/published","showAs":"Published","uri":"https:\/\/data.oireachtas.ie\/ie\/oireachtas\/bill\/2025\/81\/published"}},{"event":{"chamber":null,"dates":[{"date":"2025-12-20"}],"eventURI":"https:\/\/data.oireachtas.ie\/ie\/oireachtas\/def\/bill-event\/enacted","showAs":"Enacted","uri":"https:\/\/data.oireachtas.ie\/ie\/oireachtas\/bill\/2025\/81\/enacted"}}],"lastUpdated":"2026-01-09T11:38:51.980000+00:00","longTitleEn":"<p>Bill entitled an Act to apply a certain sum out of the Central Fund to the service of the year ended 31 December 2024 and to appropriate to the proper supply services and purposes sums granted by the Central Fund (Permanent Provisions) Act 1965, to make provision in relation to deferred surrender to the Central Fund of certain undischarged appropriations by reference to the capital supply services and purposes as provided for by section 91 of the Finance Act 2004 and, for the purpose of maintaining a sufficient amount of moneys in the Paymaster General\u2019s Supply Account so as to enable the discharge of particular liabilities, to make provision for repayable advances from the Central Fund.&nbsp;<\/p>","longTitleGa":"<p>Bille d\u00e1 ngairtear Acht chun suim \u00e1irithe as an bPr\u00edomh-Chiste a chur chun seirbh\u00eds na bliana dar chr\u00edoch an 31 Nollaig 2024 agus do leithreas\u00fa suimeanna a deona\u00edodh leis an Acht Pr\u00edomh-Chiste (For\u00e1lacha Buana), 1965 chun na seirbh\u00eds\u00ed sol\u00e1thair agus na gcr\u00edoch cu\u00ed, do dh\u00e9anamh for\u00e1il i nd\u00e1il le g\u00e9illeadh iarchurtha leithreasuithe \u00e1irithe neamhurscaoilte don Phr\u00edomh-Chiste faoi threoir na seirbh\u00eds\u00ed sol\u00e1thair chaipiti\u00fail agus na gcr\u00edoch d\u00e1 bhfor\u00e1iltear le halt 91 den Acht Airgeadais, 2004 agus, chun m\u00e9id leordh\u00f3thanach airgid a choime\u00e1d i gcuntas sol\u00e1thair an Ph\u00e1mh\u00e1istir Ghinear\u00e1lta d\u2019fhonn a chumas\u00fa dliteanais \u00e1irithe a urscaoileadh, do dh\u00e9anamh socr\u00fa maidir le hairleacain inais\u00edoctha as an bPr\u00edomh-Chiste.&nbsp;<\/p>","method":"Presented","methodURI":"https:\/\/data.oireachtas.ie\/ie\/oireachtas\/def\/bill-method\/presented","mostRecentStage":{"event":{"chamber":null,"dates":[{"date":"2025-12-20"}],"house":null,"progressStage":10,"showAs":"Enacted","stageCompleted":true,"stageOutcome":"Enacted","stageURI":"https:\/\/data.oireachtas.ie\/ie\/oireachtas\/def\/bill-stage\/enacted","uri":"https:\/\/data.oireachtas.ie\/ie\/oireachtas\/bill\/2025\/81\/stage\/oireachtas\/enacted"}},"originHouse":{"showAs":"D\u00e1il \u00c9ireann","uri":"https:\/\/data.oireachtas.ie\/ie\/oireachtas\/def\/house\/dail"},"originHouseURI":"https:\/\/data.oireachtas.ie\/ie\/oireachtas\/def\/house\/dail","relatedDocs":[{"relatedDoc":{"date":"2025-12-16","docType":"gluais","formats":{"pdf":{"uri":"https:\/\/data.oireachtas.ie\/ie\/oireachtas\/bill\/2025\/81\/mul\/gluais\/gluais-21-2025-an-bille-leithreasa-2025.pdf"},"xml":null},"lang":"mul","showAs":"Glossary\/Gluais","uri":"https:\/\/data.oireachtas.ie\/ie\/oireachtas\/bill\/2025\/81\/mul\/gluais"}},{"relatedDoc":{"date":"2025-12-10","docType":"memo","formats":{"pdf":{"uri":"https:\/\/data.oireachtas.ie\/ie\/oireachtas\/bill\/2025\/81\/eng\/memo\/b8125d-memo.pdf"},"xml":null},"lang":"eng","showAs":"Explanatory Memorandum","uri":"https:\/\/data.oireachtas.ie\/ie\/oireachtas\/bill\/2025\/81\/eng\/memo"}}],"shortTitleEn":"Appropriation Bill 2025","shortTitleGa":"An Bille Leithreasa, 2025","source":"Government","sourceURI":"https:\/\/data.oireachtas.ie\/ie\/oireachtas\/def\/bill-source\/government","sponsors":[{"sponsor":{"isPrimary":true,"as":{"showAs":"Minister for Public Expenditure, Infrastructure, Public Service Reform and Digitalisation","uri":null},"by":{"showAs":null,"uri":null}}}],"stages":[{"event":{"chamber":{"chamberCode":"dail","showAs":"D\u00e1il \u00c9ireann","uri":"https:\/\/data.oireachtas.ie\/ie\/oireachtas\/def\/house\/dail"},"dates":[{"date":"2025-12-10"},{"date":"2025-12-10"}],"house":{"chamberCode":"dail","chamberType":"house","houseCode":"dail","houseNo":"34","showAs":"34th D\u00e1il","uri":"https:\/\/data.oireachtas.ie\/ie\/oireachtas\/house\/dail\/34"},"progressStage":1,"showAs":"First Stage","stageCompleted":true,"stageOutcome":null,"stageURI":"https:\/\/data.oireachtas.ie\/ie\/oireachtas\/def\/bill-stage\/1","uri":"https:\/\/data.oireachtas.ie\/ie\/oireachtas\/bill\/2025\/81\/stage\/dail\/1"}},{"event":{"chamber":{"chamberCode":"dail","showAs":"D\u00e1il \u00c9ireann","uri":"https:\/\/data.oireachtas.ie\/ie\/oireachtas\/def\/house\/dail"},"dates":[{"date":"2025-12-16"}],"house":{"chamberCode":"dail","chamberType":"house","houseCode":"dail","houseNo":"34","showAs":"34th D\u00e1il","uri":"https:\/\/data.oireachtas.ie\/ie\/oireachtas\/house\/dail\/34"},"progressStage":2,"showAs":"Second Stage","stageCompleted":true,"stageOutcome":null,"stageURI":"https:\/\/data.oireachtas.ie\/ie\/oireachtas\/def\/bill-stage\/2","uri":"https:\/\/data.oireachtas.ie\/ie\/oireachtas\/bill\/2025\/81\/stage\/dail\/2"}},{"event":{"chamber":{"chamberCode":"dail","showAs":"D\u00e1il \u00c9ireann","uri":"https:\/\/data.oireachtas.ie\/ie\/oireachtas\/def\/house\/dail"},"dates":[{"date":"2025-12-17"}],"house":{"chamberCode":"dail","chamberType":"house","houseCode":"dail","houseNo":"34","showAs":"34th D\u00e1il","uri":"https:\/\/data.oireachtas.ie\/ie\/oireachtas\/house\/dail\/34"},"progressStage":3,"showAs":"Committee Stage","stageCompleted":true,"stageOutcome":null,"stageURI":"https:\/\/data.oireachtas.ie\/ie\/oireachtas\/def\/bill-stage\/3","uri":"https:\/\/data.oireachtas.ie\/ie\/oireachtas\/bill\/2025\/81\/stage\/dail\/3"}},{"event":{"chamber":{"chamberCode":"dail","showAs":"D\u00e1il \u00c9ireann","uri":"https:\/\/data.oireachtas.ie\/ie\/oireachtas\/def\/house\/dail"},"dates":[{"date":"2025-12-17"}],"house":{"chamberCode":"dail","chamberType":"house","houseCode":"dail","houseNo":"34","showAs":"34th D\u00e1il","uri":"https:\/\/data.oireachtas.ie\/ie\/oireachtas\/house\/dail\/34"},"progressStage":4,"showAs":"Report Stage","stageCompleted":true,"stageOutcome":null,"stageURI":"https:\/\/data.oireachtas.ie\/ie\/oireachtas\/def\/bill-stage\/4","uri":"https:\/\/data.oireachtas.ie\/ie\/oireachtas\/bill\/2025\/81\/stage\/dail\/4"}},{"event":{"chamber":{"chamberCode":"dail","showAs":"D\u00e1il \u00c9ireann","uri":"https:\/\/data.oireachtas.ie\/ie\/oireachtas\/def\/house\/dail"},"dates":[{"date":"2025-12-17"}],"house":{"chamberCode":"dail","chamberType":"house","houseCode":"dail","houseNo":"34","showAs":"34th D\u00e1il","uri":"https:\/\/data.oireachtas.ie\/ie\/oireachtas\/house\/dail\/34"},"progressStage":5,"showAs":"Fifth Stage","stageCompleted":true,"stageOutcome":null,"stageURI":"https:\/\/data.oireachtas.ie\/ie\/oireachtas\/def\/bill-stage\/5","uri":"https:\/\/data.oireachtas.ie\/ie\/oireachtas\/bill\/2025\/81\/stage\/dail\/5"}},{"event":{"chamber":{"chamberCode":"seanad","showAs":"Seanad \u00c9ireann","uri":"https:\/\/data.oireachtas.ie\/ie\/oireachtas\/def\/house\/seanad"},"dates":[{"date":"2025-12-18"}],"house":{"chamberCode":"seanad","chamberType":"house","houseCode":"seanad","houseNo":"27","showAs":"27th Seanad","uri":"https:\/\/data.oireachtas.ie\/ie\/oireachtas\/house\/seanad\/27"},"progressStage":6,"showAs":"Second Stage","stageCompleted":true,"stageOutcome":null,"stageURI":"https:\/\/data.oireachtas.ie\/ie\/oireachtas\/def\/bill-stage\/2","uri":"https:\/\/data.oireachtas.ie\/ie\/oireachtas\/bill\/2025\/81\/stage\/seanad\/2"}},{"event":{"chamber":{"chamberCode":"seanad","showAs":"Seanad \u00c9ireann","uri":"https:\/\/data.oireachtas.ie\/ie\/oireachtas\/def\/house\/seanad"},"dates":[{"date":"2025-12-18"}],"house":{"chamberCode":"seanad","chamberType":"house","houseCode":"seanad","houseNo":"27","showAs":"27th Seanad","uri":"https:\/\/data.oireachtas.ie\/ie\/oireachtas\/house\/seanad\/27"},"progressStage":7,"showAs":"Committee Stage","stageCompleted":true,"stageOutcome":null,"stageURI":"https:\/\/data.oireachtas.ie\/ie\/oireachtas\/def\/bill-stage\/3","uri":"https:\/\/data.oireachtas.ie\/ie\/oireachtas\/bill\/2025\/81\/stage\/seanad\/3"}},{"event":{"chamber":{"chamberCode":"seanad","showAs":"Seanad \u00c9ireann","uri":"https:\/\/data.oireachtas.ie\/ie\/oireachtas\/def\/house\/seanad"},"dates":[{"date":"2025-12-18"}],"house":{"chamberCode":"seanad","chamberType":"house","houseCode":"seanad","houseNo":"27","showAs":"27th Seanad","uri":"https:\/\/data.oireachtas.ie\/ie\/oireachtas\/house\/seanad\/27"},"progressStage":8,"showAs":"Report Stage","stageCompleted":true,"stageOutcome":null,"stageURI":"https:\/\/data.oireachtas.ie\/ie\/oireachtas\/def\/bill-stage\/4","uri":"https:\/\/data.oireachtas.ie\/ie\/oireachtas\/bill\/2025\/81\/stage\/seanad\/4"}},{"event":{"chamber":{"chamberCode":"seanad","showAs":"Seanad \u00c9ireann","uri":"https:\/\/data.oireachtas.ie\/ie\/oireachtas\/def\/house\/seanad"},"dates":[{"date":"2025-12-18"}],"house":{"chamberCode":"seanad","chamberType":"house","houseCode":"seanad","houseNo":"27","showAs":"27th Seanad","uri":"https:\/\/data.oireachtas.ie\/ie\/oireachtas\/house\/seanad\/27"},"progressStage":9,"showAs":"Fifth Stage","stageCompleted":true,"stageOutcome":null,"stageURI":"https:\/\/data.oireachtas.ie\/ie\/oireachtas\/def\/bill-stage\/5","uri":"https:\/\/data.oireachtas.ie\/ie\/oireachtas\/bill\/2025\/81\/stage\/seanad\/5"}},{"event":{"chamber":null,"dates":[{"date":"2025-12-20"}],"house":null,"progressStage":10,"showAs":"Enacted","stageCompleted":true,"stageOutcome":"Enacted","stageURI":"https:\/\/data.oireachtas.ie\/ie\/oireachtas\/def\/bill-stage\/enacted","uri":"https:\/\/data.oireachtas.ie\/ie\/oireachtas\/bill\/2025\/81\/stage\/oireachtas\/enacted"}}],"status":"Enacted","statusURI":"https:\/\/data.oireachtas.ie\/ie\/oireachtas\/def\/bill-status\/enacted","uri":"https:\/\/data.oireachtas.ie\/ie\/oireachtas\/bill\/2025\/81","versions":[{"version":{"lang":"eng","docType":"act","showAs":"Appropriation Act 2025","date":"2025-12-20","formats":{"pdf":{"uri":"https:\/\/data.oireachtas.ie\/ie\/oireachtas\/act\/2025\/17\/eng\/enacted\/a1725.pdf"},"xml":null},"uri":"https:\/\/data.oireachtas.ie\/ie\/oireachtas\/act\/2025\/17\/eng\/enacted"}},{"version":{"lang":"eng","docType":"bill","showAs":"As Initiated","date":"2025-12-10","formats":{"pdf":{"uri":"https:\/\/data.oireachtas.ie\/ie\/oireachtas\/bill\/2025\/81\/eng\/initiated\/b8125d.pdf"},"xml":null},"uri":"https:\/\/data.oireachtas.ie\/ie\/oireachtas\/bill\/2025\/81\/eng\/initiated"}}]},"contextDate":"2025-12-20","billSort":{"actNoSort":17,"actShortTitleEnSort":"appropriation-act-2025","actShortTitleGaSort":"an-tacht-leithreasa-2025","actYearSort":2025,"billNoSort":81,"billShortTitleEnSort":"appropriation-bill-2025","billShortTitleGaSort":"an-bille-leithreasa-2025","billYearSort":2025}},{"bill":{"act":null,"amendmentLists":[],"billNo":"80","billType":"Public","billTypeURI":"https:\/\/data.oireachtas.ie\/ie\/oireachtas\/def\/bill-type\/public","billYear":"2025","debates":[{"chamber":{"showAs":"Seanad \u00c9ireann","uri":"https:\/\/data.oireachtas.ie\/ie\/oireachtas\/def\/house\/seanad"},"date":"2025-12-17","debateSectionId":"dbsect_29","showAs":"National Minimum Wage (Inclusion of Young Persons, Apprentices and Interns) Bill 2025: Second Stage","uri":"https:\/\/data.oireachtas.ie\/akn\/ie\/debateRecord\/seanad\/2025-12-17\/debate\/main"},{"chamber":{"showAs":"Seanad \u00c9ireann","uri":"https:\/\/data.oireachtas.ie\/ie\/oireachtas\/def\/house\/seanad"},"date":"2025-12-09","debateSectionId":"dbsect_9","showAs":"National Minimum Wage (Inclusion of Young Persons, Apprentices and Interns) Bill 2025: First Stage","uri":"https:\/\/data.oireachtas.ie\/akn\/ie\/debateRecord\/seanad\/2025-12-09\/debate\/main"}],"events":[{"event":{"chamber":{"chamberCode":"seanad","showAs":"Seanad \u00c9ireann","uri":"https:\/\/data.oireachtas.ie\/ie\/oireachtas\/def\/house\/seanad"},"dates":[{"date":"2025-11-20"},{"date":"2025-11-20"},{"date":"2025-12-09"}],"eventURI":"https:\/\/data.oireachtas.ie\/ie\/oireachtas\/def\/bill-event\/admissibility-for-introduction","showAs":"Admissibility for Introduction","uri":"https:\/\/data.oireachtas.ie\/ie\/oireachtas\/bill\/2025\/80\/admissibility-for-introduction"}}],"lastUpdated":"2025-12-10T11:10:54.340000+00:00","longTitleEn":"<p>Bill entitled An Act to provide for the entitlement of employed young persons to the full national minimum hourly rate of pay; to provide for the inclusion of apprentices within the application of the National Minimum Wage Acts 2000 and 2015; to provide for the payment of the national minimum wage to certain persons doing work as interns or on work experience; for these purposes to amend the National Minimum Wage Act 2000; and to provide for related matters.<\/p>","longTitleGa":"<p>Bille d\u00e1 ngairtear Acht do dh\u00e9anamh socr\u00fa maidir le daoine \u00f3ga fostaithe a bheith i dteideal an l\u00e1nr\u00e1ta p\u00e1 \u00edosta n\u00e1isi\u00fanta san uair an chloig; do dh\u00e9anamh socr\u00fa maidir le print\u00edsigh a \u00e1ireamh laistigh d\u2019fheidhm na nAchtanna um P\u00e1 \u00cdosta N\u00e1isi\u00fanta, 2000 agus 2015; do dh\u00e9anamh socr\u00fa maidir leis an bp\u00e1 \u00edosta n\u00e1isi\u00fanta a \u00edoc le daoine \u00e1irithe a bheidh ag obair mar int\u00e9irnigh n\u00f3 ag gabh\u00e1il do thaith\u00ed oibre; chun na gcr\u00edoch sin, do leas\u00fa an Achta um P\u00e1 \u00cdosta N\u00e1isi\u00fanta, 2000; agus do dh\u00e9anamh socr\u00fa i dtaobh nithe gaolmhara.<\/p>","method":"Introduced","methodURI":"https:\/\/data.oireachtas.ie\/ie\/oireachtas\/def\/bill-method\/introduced","mostRecentStage":{"event":{"chamber":{"chamberCode":"seanad","showAs":"Seanad \u00c9ireann","uri":"https:\/\/data.oireachtas.ie\/ie\/oireachtas\/def\/house\/seanad"},"dates":[{"date":"2025-12-09"}],"house":{"chamberCode":"seanad","chamberType":"house","houseCode":"seanad","houseNo":"27","showAs":"27th Seanad","uri":"https:\/\/data.oireachtas.ie\/ie\/oireachtas\/house\/seanad\/27"},"progressStage":2,"showAs":"Second Stage","stageCompleted":false,"stageOutcome":"Current","stageURI":"https:\/\/data.oireachtas.ie\/ie\/oireachtas\/def\/bill-stage\/2","uri":"https:\/\/data.oireachtas.ie\/ie\/oireachtas\/bill\/2025\/80\/stage\/seanad\/2"}},"originHouse":{"showAs":"Seanad \u00c9ireann","uri":"https:\/\/data.oireachtas.ie\/ie\/oireachtas\/def\/house\/seanad"},"originHouseURI":"https:\/\/data.oireachtas.ie\/ie\/oireachtas\/def\/house\/seanad","relatedDocs":[],"shortTitleEn":"National Minimum Wage (Inclusion of Young Persons, Apprentices and Interns) Bill 2025","shortTitleGa":"An Bille um P\u00e1 \u00cdosta N\u00e1isi\u00fanta (Daoine \u00d3ga, Print\u00edsigh agus Int\u00e9irnigh a \u00c1ireamh), 2025","source":"Private Member","sourceURI":"https:\/\/data.oireachtas.ie\/ie\/oireachtas\/def\/bill-source\/private-member","sponsors":[{"sponsor":{"as":{"showAs":null,"uri":null},"by":{"showAs":"Malcolm Noonan","uri":"https:\/\/data.oireachtas.ie\/ie\/oireachtas\/member\/id\/Malcolm-Noonan.D.2020-02-08"},"isPrimary":false}},{"sponsor":{"as":{"showAs":null,"uri":null},"by":{"showAs":"Patricia Stephenson","uri":"https:\/\/data.oireachtas.ie\/ie\/oireachtas\/member\/id\/Patricia-Stephenson.S.2025-01-29"},"isPrimary":false}},{"sponsor":{"as":{"showAs":null,"uri":null},"by":{"showAs":"Nessa Cosgrove","uri":"https:\/\/data.oireachtas.ie\/ie\/oireachtas\/member\/id\/Nessa-Cosgrove.S.2025-01-29"},"isPrimary":true}},{"sponsor":{"as":{"showAs":null,"uri":null},"by":{"showAs":"Laura Harmon","uri":"https:\/\/data.oireachtas.ie\/ie\/oireachtas\/member\/id\/Laura-Harmon.S.2025-01-29"},"isPrimary":false}}],"stages":[{"event":{"chamber":{"chamberCode":"seanad","showAs":"Seanad \u00c9ireann","uri":"https:\/\/data.oireachtas.ie\/ie\/oireachtas\/def\/house\/seanad"},"dates":[{"date":"2025-11-20"},{"date":"2025-11-20"},{"date":"2025-12-09"},{"date":"2025-12-09"}],"house":{"chamberCode":"seanad","chamberType":"house","houseCode":"seanad","houseNo":"27","showAs":"27th Seanad","uri":"https:\/\/data.oireachtas.ie\/ie\/oireachtas\/house\/seanad\/27"},"progressStage":1,"showAs":"First Stage","stageCompleted":true,"stageOutcome":null,"stageURI":"https:\/\/data.oireachtas.ie\/ie\/oireachtas\/def\/bill-stage\/1","uri":"https:\/\/data.oireachtas.ie\/ie\/oireachtas\/bill\/2025\/80\/stage\/seanad\/1"}},{"event":{"chamber":{"chamberCode":"seanad","showAs":"Seanad \u00c9ireann","uri":"https:\/\/data.oireachtas.ie\/ie\/oireachtas\/def\/house\/seanad"},"dates":[{"date":"2025-12-09"}],"house":{"chamberCode":"seanad","chamberType":"house","houseCode":"seanad","houseNo":"27","showAs":"27th Seanad","uri":"https:\/\/data.oireachtas.ie\/ie\/oireachtas\/house\/seanad\/27"},"progressStage":2,"showAs":"Second Stage","stageCompleted":false,"stageOutcome":"Current","stageURI":"https:\/\/data.oireachtas.ie\/ie\/oireachtas\/def\/bill-stage\/2","uri":"https:\/\/data.oireachtas.ie\/ie\/oireachtas\/bill\/2025\/80\/stage\/seanad\/2"}}],"status":"Current","statusURI":"https:\/\/data.oireachtas.ie\/ie\/oireachtas\/def\/bill-status\/published","uri":"https:\/\/data.oireachtas.ie\/ie\/oireachtas\/bill\/2025\/80","versions":[{"version":{"date":"2025-12-09","docType":"bill","formats":{"pdf":{"uri":"https:\/\/data.oireachtas.ie\/ie\/oireachtas\/bill\/2025\/80\/eng\/initiated\/b8025s.pdf"},"xml":null},"lang":"eng","showAs":"As Initiated","uri":"https:\/\/data.oireachtas.ie\/ie\/oireachtas\/bill\/2025\/80\/eng\/initiated"}}]},"billSort":{"actNoSort":null,"actShortTitleEnSort":null,"actShortTitleGaSort":null,"actYearSort":null,"billNoSort":80,"billShortTitleEnSort":"national-minimum-wage-inclusion-of-young-persons-apprentices-and-interns-bill-2025","billShortTitleGaSort":"an-bille-um-pa-iosta-naisiunta-daoine-oga-printisigh-agus-inteirnigh-a-aireamh-2025","billYearSort":2025},"contextDate":"2025-12-09"},{"bill":{"act":null,"amendmentLists":[],"billNo":"79","billType":"Public","billTypeURI":"https:\/\/data.oireachtas.ie\/ie\/oireachtas\/def\/bill-type\/public","billYear":"2025","debates":[{"chamber":{"showAs":"D\u00e1il \u00c9ireann","uri":"https:\/\/data.oireachtas.ie\/ie\/oireachtas\/def\/house\/dail"},"date":"2026-06-25","debateSectionId":"dbsect_42","showAs":"Civil Liability (Child Sexual Abuse Proceedings Against Unincorporated Bodies of Persons) Bill 2025: Second Stage [Private Members]","uri":"https:\/\/data.oireachtas.ie\/akn\/ie\/debateRecord\/dail\/2026-06-25\/debate\/main"},{"chamber":{"showAs":"D\u00e1il \u00c9ireann","uri":"https:\/\/data.oireachtas.ie\/ie\/oireachtas\/def\/house\/dail"},"date":"2025-12-09","debateSectionId":"dbsect_8","showAs":"Civil Liability (Child Sexual Abuse Proceedings Against Unincorporated Bodies of Persons) Bill 2025: First Stage","uri":"https:\/\/data.oireachtas.ie\/akn\/ie\/debateRecord\/dail\/2025-12-09\/debate\/main"}],"events":[{"event":{"chamber":{"chamberCode":"dail","showAs":"D\u00e1il \u00c9ireann","uri":"https:\/\/data.oireachtas.ie\/ie\/oireachtas\/def\/house\/dail"},"dates":[{"date":"2025-12-09"},{"date":"2025-12-09"}],"eventURI":"https:\/\/data.oireachtas.ie\/ie\/oireachtas\/def\/bill-event\/approved-for-initiation","showAs":"Approved for Initiation","uri":"https:\/\/data.oireachtas.ie\/ie\/oireachtas\/bill\/2025\/79\/approved-for-initiation"}}],"lastUpdated":"2026-06-29T08:17:43.610000+00:00","longTitleEn":"<p>Bill entitled an Act to facilitate the bringing of child sexual abuse proceedings against unincorporated bodies of persons, to enable such a body to pay damages arising from such proceedings from the assets of an associated trust in certain circumstances, to extend the limitation period provided for by the Statute of Limitations 1957 in respect of certain civil proceedings arising from claims of child sexual abuse, and to provide for connected matters.<\/p>","longTitleGa":"<p>Bille d\u00e1 ngairtear Acht d\u2019\u00e9asc\u00fa imeachta\u00ed mar gheall ar dhroch\u00fas\u00e1id ghn\u00e9asach leana\u00ed a thionscnamh i gcoinne comhlachta\u00ed neamhchorpraithe daoine, d\u00e1 chumas\u00fa do chomhlacht den s\u00f3rt sin dam\u00e1ist\u00ed a eascra\u00edonn as imeachta\u00ed den s\u00f3rt sin a \u00edoc as s\u00f3cmhainn\u00ed iontaobhais chomhlachaithe in imthosca \u00e1irithe, d\u2019fhad\u00fa na tr\u00e9imhse teorann d\u00e1 bhfor\u00e1iltear le Reacht na dTr\u00e9imhs\u00ed, 1957 i leith imeachta\u00ed sibhialta \u00e1irithe a eascra\u00edonn as \u00e9ilimh gur tharla droch\u00fas\u00e1id ghn\u00e9asach leana\u00ed, agus do dh\u00e9anamh socr\u00fa i dtaobh nithe comhghaolmhara.<\/p><p>\u00a0<\/p>","method":"Introduced","methodURI":"https:\/\/data.oireachtas.ie\/ie\/oireachtas\/def\/bill-method\/introduced","mostRecentStage":{"event":{"chamber":{"chamberCode":"dail","showAs":"D\u00e1il \u00c9ireann","uri":"https:\/\/data.oireachtas.ie\/ie\/oireachtas\/def\/house\/dail"},"dates":[{"date":"2025-12-09"}],"house":{"chamberCode":"dail","chamberType":"house","houseCode":"dail","houseNo":"34","showAs":"34th D\u00e1il","uri":"https:\/\/data.oireachtas.ie\/ie\/oireachtas\/house\/dail\/34"},"progressStage":2,"showAs":"Second Stage","stageCompleted":true,"stageOutcome":null,"stageURI":"https:\/\/data.oireachtas.ie\/ie\/oireachtas\/def\/bill-stage\/2","uri":"https:\/\/data.oireachtas.ie\/ie\/oireachtas\/bill\/2025\/79\/stage\/dail\/2"}},"originHouse":{"showAs":"D\u00e1il \u00c9ireann","uri":"https:\/\/data.oireachtas.ie\/ie\/oireachtas\/def\/house\/dail"},"originHouseURI":"https:\/\/data.oireachtas.ie\/ie\/oireachtas\/def\/house\/dail","relatedDocs":[{"relatedDoc":{"date":"2025-12-09","docType":"memo","formats":{"pdf":{"uri":"https:\/\/data.oireachtas.ie\/ie\/oireachtas\/bill\/2025\/79\/eng\/memo\/b7925d-memo.pdf"},"xml":null},"lang":"eng","showAs":"Explanatory Memorandum","uri":"https:\/\/data.oireachtas.ie\/ie\/oireachtas\/bill\/2025\/79\/eng\/memo"}}],"shortTitleEn":"Civil Liability (Child Sexual Abuse Proceedings Against Unincorporated Bodies of Persons) Bill 2025","shortTitleGa":"An Bille um Dhliteanas Sibhialta (Imeachta\u00ed i gcoinne Comhlachta\u00ed Neamhchorpraithe Daoine mar gheall ar Dhroch\u00fas\u00e1id Ghn\u00e9asach Leana\u00ed), 2025","source":"Private Member","sourceURI":"https:\/\/data.oireachtas.ie\/ie\/oireachtas\/def\/bill-source\/private-member","sponsors":[{"sponsor":{"isPrimary":true,"as":{"showAs":null,"uri":null},"by":{"showAs":"Ivana Bacik","uri":"https:\/\/data.oireachtas.ie\/ie\/oireachtas\/member\/id\/Ivana-Bacik.S.2007-07-23"}}}],"stages":[{"event":{"chamber":{"chamberCode":"dail","showAs":"D\u00e1il \u00c9ireann","uri":"https:\/\/data.oireachtas.ie\/ie\/oireachtas\/def\/house\/dail"},"dates":[{"date":"2025-12-09"},{"date":"2025-12-09"},{"date":"2025-12-09"}],"house":{"chamberCode":"dail","chamberType":"house","houseCode":"dail","houseNo":"34","showAs":"34th D\u00e1il","uri":"https:\/\/data.oireachtas.ie\/ie\/oireachtas\/house\/dail\/34"},"progressStage":1,"showAs":"First Stage","stageCompleted":true,"stageOutcome":null,"stageURI":"https:\/\/data.oireachtas.ie\/ie\/oireachtas\/def\/bill-stage\/1","uri":"https:\/\/data.oireachtas.ie\/ie\/oireachtas\/bill\/2025\/79\/stage\/dail\/1"}},{"event":{"chamber":{"chamberCode":"dail","showAs":"D\u00e1il \u00c9ireann","uri":"https:\/\/data.oireachtas.ie\/ie\/oireachtas\/def\/house\/dail"},"dates":[{"date":"2025-12-09"}],"house":{"chamberCode":"dail","chamberType":"house","houseCode":"dail","houseNo":"34","showAs":"34th D\u00e1il","uri":"https:\/\/data.oireachtas.ie\/ie\/oireachtas\/house\/dail\/34"},"progressStage":2,"showAs":"Second Stage","stageCompleted":true,"stageOutcome":null,"stageURI":"https:\/\/data.oireachtas.ie\/ie\/oireachtas\/def\/bill-stage\/2","uri":"https:\/\/data.oireachtas.ie\/ie\/oireachtas\/bill\/2025\/79\/stage\/dail\/2"}}],"status":"Current","statusURI":"https:\/\/data.oireachtas.ie\/ie\/oireachtas\/def\/bill-status\/published","uri":"https:\/\/data.oireachtas.ie\/ie\/oireachtas\/bill\/2025\/79","versions":[{"version":{"lang":"eng","docType":"bill","showAs":"As Initiated","date":"2025-12-09","formats":{"pdf":{"uri":"https:\/\/data.oireachtas.ie\/ie\/oireachtas\/bill\/2025\/79\/eng\/initiated\/b7925d.pdf"},"xml":null},"uri":"https:\/\/data.oireachtas.ie\/ie\/oireachtas\/bill\/2025\/79\/eng\/initiated"}}]},"contextDate":"2025-12-09","billSort":{"actNoSort":null,"actShortTitleEnSort":null,"actShortTitleGaSort":null,"actYearSort":null,"billNoSort":79,"billShortTitleEnSort":"civil-liability-child-sexual-abuse-proceedings-against-unincorporated-bodies-of-persons-bill-2025","billShortTitleGaSort":"an-bille-um-dhliteanas-sibhialta-imeachtai-i-gcoinne-comhlachtai-neamhchorpraithe-daoine-mar-gheall-ar-dhrochusaid-ghneasach-leanai-2025","billYearSort":2025}},{"bill":{"act":null,"amendmentLists":[],"billNo":"78","billType":"Public","billTypeURI":"https:\/\/data.oireachtas.ie\/ie\/oireachtas\/def\/bill-type\/public","billYear":"2025","debates":[{"chamber":{"showAs":"D\u00e1il \u00c9ireann","uri":"https:\/\/data.oireachtas.ie\/ie\/oireachtas\/def\/house\/dail"},"date":"2026-01-29","debateSectionId":"dbsect_38","showAs":"Child Care (Amendment) Bill 2025: Second Stage (Resumed)","uri":"https:\/\/data.oireachtas.ie\/akn\/ie\/debateRecord\/dail\/2026-01-29\/debate\/main"},{"chamber":{"showAs":"D\u00e1il \u00c9ireann","uri":"https:\/\/data.oireachtas.ie\/ie\/oireachtas\/def\/house\/dail"},"date":"2026-01-29","debateSectionId":"dbsect_40","showAs":"Child Care (Amendment) Bill 2025: Second Stage (Resumed)","uri":"https:\/\/data.oireachtas.ie\/akn\/ie\/debateRecord\/dail\/2026-01-29\/debate\/main"},{"chamber":{"showAs":"D\u00e1il \u00c9ireann","uri":"https:\/\/data.oireachtas.ie\/ie\/oireachtas\/def\/house\/dail"},"date":"2026-01-29","debateSectionId":"dbsect_41","showAs":"Child Care (Amendment) Bill 2025: Referral to Select Committee","uri":"https:\/\/data.oireachtas.ie\/akn\/ie\/debateRecord\/dail\/2026-01-29\/debate\/main"},{"chamber":{"showAs":"D\u00e1il \u00c9ireann","uri":"https:\/\/data.oireachtas.ie\/ie\/oireachtas\/def\/house\/dail"},"date":"2026-01-27","debateSectionId":"dbsect_28","showAs":"Child Care (Amendment) Bill 2025: Second Stage","uri":"https:\/\/data.oireachtas.ie\/akn\/ie\/debateRecord\/dail\/2026-01-27\/debate\/main"}],"events":[{"event":{"chamber":{"chamberCode":"dail","showAs":"D\u00e1il \u00c9ireann","uri":"https:\/\/data.oireachtas.ie\/ie\/oireachtas\/def\/house\/dail"},"dates":[{"date":"2025-12-09"}],"eventURI":"https:\/\/data.oireachtas.ie\/ie\/oireachtas\/def\/bill-event\/published","showAs":"Published","uri":"https:\/\/data.oireachtas.ie\/ie\/oireachtas\/bill\/2025\/78\/published"}}],"lastUpdated":"2026-03-13T10:26:31.690000+00:00","longTitleEn":"<p>Bill entitled an Act to amend and extend the Child Care Act 1991; to provide for the establishment and functions of a committee to be known as <i>An Coiste Forfheidhmithe agus Idirghn\u00edomhaireachta um Ch\u00faram Leana\u00ed<\/i>; to make further and better provision in relation to the care and protection of children including by specifying principles to guide the Child and Family Agency in performing its functions and by providing for certain bodies to cooperate with each other; to give further effect to Directive 2011\/93\/EU of the European Parliament and of the Council of 13 December 2011; to amend the National Vetting Bureau (Children and Vulnerable Persons) Act 2012 and the Child and Family Agency Act 2013; and to provide for related matters.<\/p>","longTitleGa":"<p>Bille d\u00e1 ngairtear Acht do leas\u00fa agus do leathn\u00fa an Achta um Ch\u00faram Leana\u00ed, 1991; do dh\u00e9anamh socr\u00fa maidir le bun\u00fa agus feidhmeanna coiste ar a dtabharfar An Coiste Forfheidhmithe agus Idirghn\u00edomhaireachta um Ch\u00faram Leana\u00ed; do dh\u00e9anamh socr\u00fa breise agus feabhsaithe i nd\u00e1il le c\u00faram agus cosaint leana\u00ed lena n-\u00e1ir\u00edtear tr\u00ed phrionsabail a shonr\u00fa chun an Ghn\u00edomhaireacht um Leana\u00ed agus an Teaghlach a threor\u00fa le linn di a feidhmeanna a chomhl\u00edonadh agus tr\u00ed shocr\u00fa a dh\u00e9anamh maidir le comhlachta\u00ed \u00e1irithe do chomhoibri\u00fa lena ch\u00e9ile; do thabhairt tuilleadh \u00e9ifeachta do Threoir 2011\/93\/AE \u00f3 Pharlaimint na hEorpa agus \u00f3n gComhairle an 13 Nollaig 2011; do leas\u00fa an Achta um an mBi\u00far\u00f3 N\u00e1isi\u00fanta Grinnfhiosr\u00fach\u00e1in (Leana\u00ed agus Daoine Soghonta), 2012 agus an Achta f\u00e1n nGn\u00edomhaireacht um Leana\u00ed agus an Teaghlach, 2013; agus do dh\u00e9anamh socr\u00fa i dtaobh nithe gaolmhara.<\/p>","method":"Presented","methodURI":"https:\/\/data.oireachtas.ie\/ie\/oireachtas\/def\/bill-method\/presented","mostRecentStage":{"event":{"chamber":{"chamberCode":"dail","showAs":"D\u00e1il \u00c9ireann","uri":"https:\/\/data.oireachtas.ie\/ie\/oireachtas\/def\/house\/dail"},"dates":[{"date":"2026-01-29"}],"house":{"chamberCode":"dail","chamberType":"house","houseCode":"dail","houseNo":"34","showAs":"34th D\u00e1il","uri":"https:\/\/data.oireachtas.ie\/ie\/oireachtas\/house\/dail\/34"},"progressStage":3,"showAs":"Committee Stage","stageCompleted":false,"stageOutcome":"Current","stageURI":"https:\/\/data.oireachtas.ie\/ie\/oireachtas\/def\/bill-stage\/3","uri":"https:\/\/data.oireachtas.ie\/ie\/oireachtas\/bill\/2025\/78\/stage\/dail\/3"}},"originHouse":{"showAs":"D\u00e1il \u00c9ireann","uri":"https:\/\/data.oireachtas.ie\/ie\/oireachtas\/def\/house\/dail"},"originHouseURI":"https:\/\/data.oireachtas.ie\/ie\/oireachtas\/def\/house\/dail","relatedDocs":[{"relatedDoc":{"date":"2025-12-09","docType":"memo","formats":{"pdf":{"uri":"https:\/\/data.oireachtas.ie\/ie\/oireachtas\/bill\/2025\/78\/eng\/memo\/b7825d-memo.pdf"},"xml":null},"lang":"eng","showAs":"Explanatory Memorandum","uri":"https:\/\/data.oireachtas.ie\/ie\/oireachtas\/bill\/2025\/78\/eng\/memo"}}],"shortTitleEn":"Child Care (Amendment) Bill 2025","shortTitleGa":"An Bille um Ch\u00faram Leana\u00ed (Leas\u00fa), 2025","source":"Government","sourceURI":"https:\/\/data.oireachtas.ie\/ie\/oireachtas\/def\/bill-source\/government","sponsors":[{"sponsor":{"isPrimary":true,"as":{"showAs":"Minister for Children, Disability and Equality","uri":null},"by":{"showAs":null,"uri":null}}}],"stages":[{"event":{"chamber":{"chamberCode":"dail","showAs":"D\u00e1il \u00c9ireann","uri":"https:\/\/data.oireachtas.ie\/ie\/oireachtas\/def\/house\/dail"},"dates":[{"date":"2025-12-09"},{"date":"2025-12-09"}],"house":{"chamberCode":"dail","chamberType":"house","houseCode":"dail","houseNo":"34","showAs":"34th D\u00e1il","uri":"https:\/\/data.oireachtas.ie\/ie\/oireachtas\/house\/dail\/34"},"progressStage":1,"showAs":"First Stage","stageCompleted":true,"stageOutcome":null,"stageURI":"https:\/\/data.oireachtas.ie\/ie\/oireachtas\/def\/bill-stage\/1","uri":"https:\/\/data.oireachtas.ie\/ie\/oireachtas\/bill\/2025\/78\/stage\/dail\/1"}},{"event":{"chamber":{"chamberCode":"dail","showAs":"D\u00e1il \u00c9ireann","uri":"https:\/\/data.oireachtas.ie\/ie\/oireachtas\/def\/house\/dail"},"dates":[{"date":"2026-01-29"}],"house":{"chamberCode":"dail","chamberType":"house","houseCode":"dail","houseNo":"34","showAs":"34th D\u00e1il","uri":"https:\/\/data.oireachtas.ie\/ie\/oireachtas\/house\/dail\/34"},"progressStage":2,"showAs":"Second Stage","stageCompleted":true,"stageOutcome":null,"stageURI":"https:\/\/data.oireachtas.ie\/ie\/oireachtas\/def\/bill-stage\/2","uri":"https:\/\/data.oireachtas.ie\/ie\/oireachtas\/bill\/2025\/78\/stage\/dail\/2"}},{"event":{"chamber":{"chamberCode":"dail","showAs":"D\u00e1il \u00c9ireann","uri":"https:\/\/data.oireachtas.ie\/ie\/oireachtas\/def\/house\/dail"},"dates":[{"date":"2026-01-29"}],"house":{"chamberCode":"dail","chamberType":"house","houseCode":"dail","houseNo":"34","showAs":"34th D\u00e1il","uri":"https:\/\/data.oireachtas.ie\/ie\/oireachtas\/house\/dail\/34"},"progressStage":3,"showAs":"Committee Stage","stageCompleted":false,"stageOutcome":"Current","stageURI":"https:\/\/data.oireachtas.ie\/ie\/oireachtas\/def\/bill-stage\/3","uri":"https:\/\/data.oireachtas.ie\/ie\/oireachtas\/bill\/2025\/78\/stage\/dail\/3"}}],"status":"Current","statusURI":"https:\/\/data.oireachtas.ie\/ie\/oireachtas\/def\/bill-status\/published","uri":"https:\/\/data.oireachtas.ie\/ie\/oireachtas\/bill\/2025\/78","versions":[{"version":{"lang":"eng","docType":"bill","showAs":"As Initiated","date":"2025-12-09","formats":{"pdf":{"uri":"https:\/\/data.oireachtas.ie\/ie\/oireachtas\/bill\/2025\/78\/eng\/initiated\/b7825d.pdf"},"xml":null},"uri":"https:\/\/data.oireachtas.ie\/ie\/oireachtas\/bill\/2025\/78\/eng\/initiated"}}]},"contextDate":"2026-01-29","billSort":{"actNoSort":null,"actShortTitleEnSort":null,"actShortTitleGaSort":null,"actYearSort":null,"billNoSort":78,"billShortTitleEnSort":"child-care-amendment-bill-2025","billShortTitleGaSort":"an-bille-um-churam-leanai-leasu-2025","billYearSort":2025}},{"bill":{"act":null,"amendmentLists":[],"billNo":"77","billType":"Public","billTypeURI":"https:\/\/data.oireachtas.ie\/ie\/oireachtas\/def\/bill-type\/public","billYear":"2025","debates":[{"chamber":{"showAs":"D\u00e1il \u00c9ireann","uri":"https:\/\/data.oireachtas.ie\/ie\/oireachtas\/def\/house\/dail"},"date":"2025-12-04","debateSectionId":"dbsect_36","showAs":"Gender Recognition (Amendment) (Prisons) Bill 2025: First Stage","uri":"https:\/\/data.oireachtas.ie\/akn\/ie\/debateRecord\/dail\/2025-12-04\/debate\/main"}],"events":[{"event":{"chamber":{"chamberCode":"dail","showAs":"D\u00e1il \u00c9ireann","uri":"https:\/\/data.oireachtas.ie\/ie\/oireachtas\/def\/house\/dail"},"dates":[{"date":"2025-05-16"},{"date":"2025-05-16"},{"date":"2025-12-04"}],"eventURI":"https:\/\/data.oireachtas.ie\/ie\/oireachtas\/def\/bill-event\/approved-for-initiation","showAs":"Approved for Initiation","uri":"https:\/\/data.oireachtas.ie\/ie\/oireachtas\/bill\/2025\/77\/approved-for-initiation"}}],"lastUpdated":"2026-04-28T11:04:35.890000+00:00","longTitleEn":"<p>Bill entitled an Act to amend the Gender Recognition Act 2015 to make provision for single-sex accommodation in prisons; and to provide for related matters.\u00a0<\/p>","longTitleGa":"<p><span style=\"color:black;\">Bille d\u00e1 ngairtear Acht do leas\u00fa an Achta um Inscne a Aithint, 2015 chun socr\u00fa a dh\u00e9anamh maidir le c\u00f3ir\u00edocht aonghn\u00e9is i bpr\u00edos\u00fain; agus do dh\u00e9anamh socr\u00fa i dtaobh nithe gaolmhara.<\/span><\/p>","method":"Introduced","methodURI":"https:\/\/data.oireachtas.ie\/ie\/oireachtas\/def\/bill-method\/introduced","mostRecentStage":{"event":{"chamber":{"chamberCode":"dail","showAs":"D\u00e1il \u00c9ireann","uri":"https:\/\/data.oireachtas.ie\/ie\/oireachtas\/def\/house\/dail"},"dates":[{"date":"2025-12-04"}],"house":{"chamberCode":"dail","chamberType":"house","houseCode":"dail","houseNo":"34","showAs":"34th D\u00e1il","uri":"https:\/\/data.oireachtas.ie\/ie\/oireachtas\/house\/dail\/34"},"progressStage":2,"showAs":"Second Stage","stageCompleted":false,"stageOutcome":"Current","stageURI":"https:\/\/data.oireachtas.ie\/ie\/oireachtas\/def\/bill-stage\/2","uri":"https:\/\/data.oireachtas.ie\/ie\/oireachtas\/bill\/2025\/77\/stage\/dail\/2"}},"originHouse":{"showAs":"D\u00e1il \u00c9ireann","uri":"https:\/\/data.oireachtas.ie\/ie\/oireachtas\/def\/house\/dail"},"originHouseURI":"https:\/\/data.oireachtas.ie\/ie\/oireachtas\/def\/house\/dail","relatedDocs":[{"relatedDoc":{"date":"2025-12-04","docType":"memo","formats":{"pdf":{"uri":"https:\/\/data.oireachtas.ie\/ie\/oireachtas\/bill\/2025\/77\/eng\/memo\/b7725d-memo.pdf"},"xml":null},"lang":"eng","showAs":"Explanatory Memorandum","uri":"https:\/\/data.oireachtas.ie\/ie\/oireachtas\/bill\/2025\/77\/eng\/memo"}}],"shortTitleEn":"Gender Recognition (Amendment) (Prisons) Bill 2025","shortTitleGa":"An Bille um Inscne a Aithint (Leas\u00fa) (Pr\u00edos\u00fain), 2025","source":"Private Member","sourceURI":"https:\/\/data.oireachtas.ie\/ie\/oireachtas\/def\/bill-source\/private-member","sponsors":[{"sponsor":{"isPrimary":true,"as":{"showAs":null,"uri":null},"by":{"showAs":"Peadar T\u00f3ib\u00edn","uri":"https:\/\/data.oireachtas.ie\/ie\/oireachtas\/member\/id\/Peadar-T\u00f3ib\u00edn.D.2011-03-09"}}},{"sponsor":{"isPrimary":false,"as":{"showAs":null,"uri":null},"by":{"showAs":"Paul Lawless","uri":"https:\/\/data.oireachtas.ie\/ie\/oireachtas\/member\/id\/Paul-Lawless.D.2024-11-29"}}}],"stages":[{"event":{"chamber":{"chamberCode":"dail","showAs":"D\u00e1il \u00c9ireann","uri":"https:\/\/data.oireachtas.ie\/ie\/oireachtas\/def\/house\/dail"},"dates":[{"date":"2025-05-16"},{"date":"2025-05-16"},{"date":"2025-12-04"},{"date":"2025-12-04"}],"house":{"chamberCode":"dail","chamberType":"house","houseCode":"dail","houseNo":"34","showAs":"34th D\u00e1il","uri":"https:\/\/data.oireachtas.ie\/ie\/oireachtas\/house\/dail\/34"},"progressStage":1,"showAs":"First Stage","stageCompleted":true,"stageOutcome":null,"stageURI":"https:\/\/data.oireachtas.ie\/ie\/oireachtas\/def\/bill-stage\/1","uri":"https:\/\/data.oireachtas.ie\/ie\/oireachtas\/bill\/2025\/77\/stage\/dail\/1"}},{"event":{"chamber":{"chamberCode":"dail","showAs":"D\u00e1il \u00c9ireann","uri":"https:\/\/data.oireachtas.ie\/ie\/oireachtas\/def\/house\/dail"},"dates":[{"date":"2025-12-04"}],"house":{"chamberCode":"dail","chamberType":"house","houseCode":"dail","houseNo":"34","showAs":"34th D\u00e1il","uri":"https:\/\/data.oireachtas.ie\/ie\/oireachtas\/house\/dail\/34"},"progressStage":2,"showAs":"Second Stage","stageCompleted":false,"stageOutcome":"Current","stageURI":"https:\/\/data.oireachtas.ie\/ie\/oireachtas\/def\/bill-stage\/2","uri":"https:\/\/data.oireachtas.ie\/ie\/oireachtas\/bill\/2025\/77\/stage\/dail\/2"}}],"status":"Current","statusURI":"https:\/\/data.oireachtas.ie\/ie\/oireachtas\/def\/bill-status\/published","uri":"https:\/\/data.oireachtas.ie\/ie\/oireachtas\/bill\/2025\/77","versions":[{"version":{"lang":"eng","docType":"bill","showAs":"As Initiated","date":"2025-12-04","formats":{"pdf":{"uri":"https:\/\/data.oireachtas.ie\/ie\/oireachtas\/bill\/2025\/77\/eng\/initiated\/b7725d.pdf"},"xml":null},"uri":"https:\/\/data.oireachtas.ie\/ie\/oireachtas\/bill\/2025\/77\/eng\/initiated"}}]},"contextDate":"2025-12-04","billSort":{"actNoSort":null,"actShortTitleEnSort":null,"actShortTitleGaSort":null,"actYearSort":null,"billNoSort":77,"billShortTitleEnSort":"gender-recognition-amendment-prisons-bill-2025","billShortTitleGaSort":"an-bille-um-inscne-a-aithint-leasu-priosuin-2025","billYearSort":2025}},{"bill":{"act":null,"amendmentLists":[],"billNo":"76","billType":"Public","billTypeURI":"https:\/\/data.oireachtas.ie\/ie\/oireachtas\/def\/bill-type\/public","billYear":"2025","debates":[{"chamber":{"showAs":"Seanad \u00c9ireann","uri":"https:\/\/data.oireachtas.ie\/ie\/oireachtas\/def\/house\/seanad"},"date":"2025-12-04","debateSectionId":"dbsect_12","showAs":"Electricity (Supply) (Amendment) (No. 2) Bill 2025: Second Stage","uri":"https:\/\/data.oireachtas.ie\/akn\/ie\/debateRecord\/seanad\/2025-12-04\/debate\/main"},{"chamber":{"showAs":"Seanad \u00c9ireann","uri":"https:\/\/data.oireachtas.ie\/ie\/oireachtas\/def\/house\/seanad"},"date":"2025-12-02","debateSectionId":"dbsect_6","showAs":"Electricity (Supply) (Amendment) (No. 2) Bill 2025: First Stage","uri":"https:\/\/data.oireachtas.ie\/akn\/ie\/debateRecord\/seanad\/2025-12-02\/debate\/main"}],"events":[{"event":{"chamber":{"chamberCode":"seanad","showAs":"Seanad \u00c9ireann","uri":"https:\/\/data.oireachtas.ie\/ie\/oireachtas\/def\/house\/seanad"},"dates":[{"date":"2025-12-02"}],"eventURI":"https:\/\/data.oireachtas.ie\/ie\/oireachtas\/def\/bill-event\/published","showAs":"Published","uri":"https:\/\/data.oireachtas.ie\/ie\/oireachtas\/bill\/2025\/76\/published"}}],"lastUpdated":"2025-12-03T09:55:38.490000+00:00","longTitleEn":"<p>Bill entitled an Act to reduce restrictions on the power of the Electricity Supply Board to carry out works concerning the levels on the Shannon Lakes (Lough Derg, Lough Ree and Lough Allen), to amend the Electricity (Supply) (Amendment) (No. 2) Act 1934 and to provide for related matters.<\/p>","longTitleGa":"<p>Bille d\u00e1 ngairtear Acht do laghd\u00fa srianta ar chumhacht Bhord Sol\u00e1thair an Leictreachais oibreacha a dh\u00e9anamh maidir leis na leibh\u00e9il ar Lochanna na Sionainne (Loch Deirgeirt, Loch R\u00ed agus Loch Aillionn), do leas\u00fa an Achta Leictreachais (Sol\u00e1thar) (Leas\u00fa) (Uimh. 2), 1934 agus do dh\u00e9anamh socr\u00fa i dtaobh nithe gaolmhara.<\/p>","method":"Introduced","methodURI":"https:\/\/data.oireachtas.ie\/ie\/oireachtas\/def\/bill-method\/introduced","mostRecentStage":{"event":{"chamber":{"chamberCode":"seanad","showAs":"Seanad \u00c9ireann","uri":"https:\/\/data.oireachtas.ie\/ie\/oireachtas\/def\/house\/seanad"},"dates":[{"date":"2025-12-02"}],"house":{"chamberCode":"seanad","chamberType":"house","houseCode":"seanad","houseNo":"27","showAs":"27th Seanad","uri":"https:\/\/data.oireachtas.ie\/ie\/oireachtas\/house\/seanad\/27"},"progressStage":2,"showAs":"Second Stage","stageCompleted":false,"stageOutcome":"Current","stageURI":"https:\/\/data.oireachtas.ie\/ie\/oireachtas\/def\/bill-stage\/2","uri":"https:\/\/data.oireachtas.ie\/ie\/oireachtas\/bill\/2025\/76\/stage\/seanad\/2"}},"originHouse":{"showAs":"Seanad \u00c9ireann","uri":"https:\/\/data.oireachtas.ie\/ie\/oireachtas\/def\/house\/seanad"},"originHouseURI":"https:\/\/data.oireachtas.ie\/ie\/oireachtas\/def\/house\/seanad","relatedDocs":[],"shortTitleEn":"Electricity (Supply) (Amendment) (No. 2) Bill 2025","shortTitleGa":"An Bille Leictreachais (Sol\u00e1thar) (Leas\u00fa) (Uimh. 2), 2025","source":"Private Member","sourceURI":"https:\/\/data.oireachtas.ie\/ie\/oireachtas\/def\/bill-source\/private-member","sponsors":[{"sponsor":{"as":{"showAs":null,"uri":null},"by":{"showAs":"Anne Rabbitte","uri":"https:\/\/data.oireachtas.ie\/ie\/oireachtas\/member\/id\/Anne-Rabbitte.D.2016-10-03"},"isPrimary":true}},{"sponsor":{"as":{"showAs":null,"uri":null},"by":{"showAs":"Paul Daly","uri":"https:\/\/data.oireachtas.ie\/ie\/oireachtas\/member\/id\/Paul-Daly.S.2016-04-25"},"isPrimary":false}}],"stages":[{"event":{"chamber":{"chamberCode":"seanad","showAs":"Seanad \u00c9ireann","uri":"https:\/\/data.oireachtas.ie\/ie\/oireachtas\/def\/house\/seanad"},"dates":[{"date":"2025-12-02"},{"date":"2025-12-02"}],"house":{"chamberCode":"seanad","chamberType":"house","houseCode":"seanad","houseNo":"27","showAs":"27th Seanad","uri":"https:\/\/data.oireachtas.ie\/ie\/oireachtas\/house\/seanad\/27"},"progressStage":1,"showAs":"First Stage","stageCompleted":true,"stageOutcome":null,"stageURI":"https:\/\/data.oireachtas.ie\/ie\/oireachtas\/def\/bill-stage\/1","uri":"https:\/\/data.oireachtas.ie\/ie\/oireachtas\/bill\/2025\/76\/stage\/seanad\/1"}},{"event":{"chamber":{"chamberCode":"seanad","showAs":"Seanad \u00c9ireann","uri":"https:\/\/data.oireachtas.ie\/ie\/oireachtas\/def\/house\/seanad"},"dates":[{"date":"2025-12-02"}],"house":{"chamberCode":"seanad","chamberType":"house","houseCode":"seanad","houseNo":"27","showAs":"27th Seanad","uri":"https:\/\/data.oireachtas.ie\/ie\/oireachtas\/house\/seanad\/27"},"progressStage":2,"showAs":"Second Stage","stageCompleted":false,"stageOutcome":"Current","stageURI":"https:\/\/data.oireachtas.ie\/ie\/oireachtas\/def\/bill-stage\/2","uri":"https:\/\/data.oireachtas.ie\/ie\/oireachtas\/bill\/2025\/76\/stage\/seanad\/2"}}],"status":"Current","statusURI":"https:\/\/data.oireachtas.ie\/ie\/oireachtas\/def\/bill-status\/published","uri":"https:\/\/data.oireachtas.ie\/ie\/oireachtas\/bill\/2025\/76","versions":[{"version":{"date":"2025-12-02","docType":"bill","formats":{"pdf":{"uri":"https:\/\/data.oireachtas.ie\/ie\/oireachtas\/bill\/2025\/76\/eng\/initiated\/b7625s.pdf"},"xml":null},"lang":"eng","showAs":"As Initiated","uri":"https:\/\/data.oireachtas.ie\/ie\/oireachtas\/bill\/2025\/76\/eng\/initiated"}}]},"billSort":{"actNoSort":null,"actShortTitleEnSort":null,"actShortTitleGaSort":null,"actYearSort":null,"billNoSort":76,"billShortTitleEnSort":"electricity-supply-amendment-no-2-bill-2025","billShortTitleGaSort":"an-bille-leictreachais-solathar-leasu-uimh-2-2025","billYearSort":2025},"contextDate":"2025-12-02"},{"bill":{"act":{"actNo":"20","actYear":"2025","dateSigned":"2025-12-23","longTitleEn":"<p>Act to amend the Remediation of Dwellings Damaged by the Use of Defective Concrete Blocks Act 2022; to amend the eligibility criteria for applications for grants in respect of alternative accommodation, storage and immediate repairs; to provide for a further mechanism for the assessment of certain attached dwellings damaged by the use of defective concrete blocks; to provide for an application for an increase in the amount of a grant for remediation of certain dwellings damaged by the use of defective concrete blocks; to amend the time limit for the payment of a grant for remediation; to provide for the construction of a new dwelling in exceptional circumstances; to provide for the review of certain approved remediation options and a procedure for the approval of a new remediation option and grant; to enable certain joint owners to become relevant owners; to provide for charging orders for additional payments and their release; to provide for information sharing between specified public bodies; to amend and extend the Building Control Act 1990 to provide for regularisation certificates of compliance on completion in certain circumstances; to change the names of certain certificates issued under that Act; to confer on the Minister for Housing, Local Government and Heritage the power to make regulations relating to enforcement notices; to extend the powers of authorised persons; to provide for the opening up of works in certain limited circumstances; and to provide for related matters.<\/p>","longTitleGa":"<p>Acht do leas\u00fa an Achta um Leas\u00fach\u00e1n ar Theaghais\u00ed a nDearnadh Dam\u00e1iste D\u00f3ibh mar gheall ar \u00das\u00e1id Bloc Coincr\u00e9ite Lochtach, 2022; do leas\u00fa na gcrit\u00e9ar inch\u00e1ilitheachta le haghaidh iarratais ar dheontais i leith c\u00f3ir\u00edocht ionad\u00fail, st\u00f3r\u00e1il agus deisi\u00fach\u00e1in l\u00e1ithreacha; do dh\u00e9anamh socr\u00fa maidir le s\u00e1sra breise chun meas\u00fanacht a dh\u00e9anamh ar theaghais\u00ed neamhscoite \u00e1irithe a ndearnadh dam\u00e1iste d\u00f3ibh mar gheall ar \u00fas\u00e1id bloc coincr\u00e9ite lochtach; do dh\u00e9anamh socr\u00fa maidir le hiarratas ar mh\u00e9ad\u00fa ar mh\u00e9id an deontais le haghaidh leas\u00fach\u00e1n ar theaghais\u00ed \u00e1irithe a ndearnadh dam\u00e1iste d\u00f3ibh mar gheall ar \u00fas\u00e1id bloc coincr\u00e9ite lochtach; do leas\u00fa na teorann ama chun deontas le haghaidh leas\u00fach\u00e1in a \u00edoc; do dh\u00e9anamh socr\u00fa maidir le teaghais nua a fhoirgni\u00fa in imthosca eisceacht\u00fala; do dh\u00e9anamh socr\u00fa maidir le roghanna ceadaithe \u00e1irithe i nd\u00e1il le leas\u00fach\u00e1n a athbhreithni\u00fa agus maidir le n\u00f3s imeachta chun rogha nua leas\u00fach\u00e1in agus deontas nua leas\u00fach\u00e1in a chead\u00fa; d\u00e1 chumas\u00fa do chomh\u00fain\u00e9ir\u00ed \u00e1irithe teacht chun bheith ina n-\u00fain\u00e9ir\u00ed iomchu\u00ed; do dh\u00e9anamh socr\u00fa maidir le horduithe muirir le haghaidh \u00edoca\u00edochta\u00ed breise agus maidir lena scaoileadh; do dh\u00e9anamh socr\u00fa maidir le comhroinnt faisn\u00e9ise idir comhlachta\u00ed poibl\u00ed sonraithe; do leas\u00fa agus do leathn\u00fa an Achta um Rial\u00fa Foirgn\u00edochta, 1990 chun socr\u00fa a dh\u00e9anamh maidir le deimhnithe um thabhairt chun rialtachta maidir le comhl\u00edonadh iar gcr\u00edochn\u00fa in imthosca \u00e1irithe; d\u2019athr\u00fa ainmneacha deimhnithe \u00e1irithe arna n-eisi\u00faint faoin Acht sin; do thabhairt cumhacht don Aire Tith\u00edochta, Rialtais \u00c1iti\u00fail agus Oidhreachta chun rialach\u00e1in a dh\u00e9anamh a bhaineann le f\u00f3gra\u00ed forfheidhmi\u00fach\u00e1in; do leathn\u00fa cumhachta\u00ed daoine \u00fadaraithe; do dh\u00e9anamh socr\u00fa maidir le hoibreacha a oscailt in imthosca teoranta \u00e1irithe; agus do dh\u00e9anamh socr\u00fa i dtaobh nithe gaolmhara.<\/p>","shortTitleEn":"Remediation of Dwellings Damaged by the Use of Defective Concrete Blocks (Amendment) Act 2025","shortTitleGa":"An tAcht um Leas\u00fach\u00e1n ar Theaghais\u00ed a nDearnadh Dam\u00e1iste D\u00f3ibh mar gheall ar \u00das\u00e1id Bloc Coincr\u00e9ite Lochtach (Leas\u00fa), 2025","statutebookURI":"http:\/\/www.irishstatutebook.ie\/eli\/2025\/act\/20","uri":"https:\/\/data.oireachtas.ie\/ie\/oireachtas\/act\/2025\/20"},"amendmentLists":[{"amendmentList":{"amendmentTypeUri":{"uri":"https:\/\/data.oireachtas.ie\/ie\/oireachtas\/def\/amendment-type\/numberedList"},"chamber":{"showAs":"Seanad","uri":"https:\/\/data.oireachtas.ie\/ie\/oireachtas\/def\/seanad"},"date":"2025-12-16","formats":{"pdf":{"uri":"https:\/\/data.oireachtas.ie\/ie\/oireachtas\/bill\/2025\/75\/seanad\/3\/amendment\/numberedList\/eng\/b75a25d-scnl.pdf"},"xml":null},"showAs":"Numbered List [Seanad]","stage":{"showAs":"Committee Stage","uri":"https:\/\/data.oireachtas.ie\/ie\/oireachtas\/bill\/2025\/75\/seanad\/3"},"stageNo":"3"}},{"amendmentList":{"amendmentTypeUri":{"uri":"https:\/\/data.oireachtas.ie\/ie\/oireachtas\/def\/amendment-type\/numberedList"},"chamber":{"showAs":"Dail","uri":"https:\/\/data.oireachtas.ie\/ie\/oireachtas\/def\/dail"},"date":"2025-12-09","formats":{"pdf":{"uri":"https:\/\/data.oireachtas.ie\/ie\/oireachtas\/bill\/2025\/75\/dail\/3\/amendment\/numberedList\/eng\/b7525d-dcnl.pdf"},"xml":null},"showAs":"Numbered List [D\u00e1il]","stage":{"showAs":"Committee Stage","uri":"https:\/\/data.oireachtas.ie\/ie\/oireachtas\/bill\/2025\/75\/dail\/3"},"stageNo":"3"}}],"billNo":"75","billType":"Public","billTypeURI":"https:\/\/data.oireachtas.ie\/ie\/oireachtas\/def\/bill-type\/public","billYear":"2025","debates":[{"chamber":{"showAs":"Seanad \u00c9ireann","uri":"https:\/\/data.oireachtas.ie\/ie\/oireachtas\/def\/house\/seanad"},"date":"2025-12-16","debateSectionId":"dbsect_17","showAs":"Remediation of Dwellings Damaged by the Use of Defective Concrete Blocks (Amendment) Bill 2025: Committee and Remaining Stages","uri":"https:\/\/data.oireachtas.ie\/akn\/ie\/debateRecord\/seanad\/2025-12-16\/debate\/main"},{"chamber":{"showAs":"Seanad \u00c9ireann","uri":"https:\/\/data.oireachtas.ie\/ie\/oireachtas\/def\/house\/seanad"},"date":"2025-12-11","debateSectionId":"dbsect_13","showAs":"Remediation of Dwellings Damaged by the Use of Defective Concrete Blocks (Amendment) Bill 2025: Second Stage","uri":"https:\/\/data.oireachtas.ie\/akn\/ie\/debateRecord\/seanad\/2025-12-11\/debate\/main"},{"chamber":{"showAs":"D\u00e1il \u00c9ireann","uri":"https:\/\/data.oireachtas.ie\/ie\/oireachtas\/def\/house\/dail"},"date":"2025-12-10","debateSectionId":"dbsect_25","showAs":"Remediation of Dwellings Damaged by the Use of Defective Concrete Blocks (Amendment) Bill 2025: Committee and Remaining Stages","uri":"https:\/\/data.oireachtas.ie\/akn\/ie\/debateRecord\/dail\/2025-12-10\/debate\/main"},{"chamber":{"showAs":"D\u00e1il \u00c9ireann","uri":"https:\/\/data.oireachtas.ie\/ie\/oireachtas\/def\/house\/dail"},"date":"2025-12-03","debateSectionId":"dbsect_54","showAs":"Remediation of Dwellings Damaged by the Use of Defective Concrete Blocks (Amendment) Bill 2025: Second Stage (Resumed)","uri":"https:\/\/data.oireachtas.ie\/akn\/ie\/debateRecord\/dail\/2025-12-03\/debate\/main"},{"chamber":{"showAs":"D\u00e1il \u00c9ireann","uri":"https:\/\/data.oireachtas.ie\/ie\/oireachtas\/def\/house\/dail"},"date":"2025-12-02","debateSectionId":"dbsect_7","showAs":"Remediation of Dwellings Damaged by the Use of Defective Concrete Blocks (Amendment) Bill 2025: Second Stage","uri":"https:\/\/data.oireachtas.ie\/akn\/ie\/debateRecord\/dail\/2025-12-02\/debate\/main"}],"events":[{"event":{"chamber":{"chamberCode":"dail","showAs":"D\u00e1il \u00c9ireann","uri":"https:\/\/data.oireachtas.ie\/ie\/oireachtas\/def\/house\/dail"},"dates":[{"date":"2025-12-02"},{"date":"2025-12-23"}],"eventURI":"https:\/\/data.oireachtas.ie\/ie\/oireachtas\/def\/bill-event\/published","showAs":"Published","uri":"https:\/\/data.oireachtas.ie\/ie\/oireachtas\/bill\/2025\/75\/published"}},{"event":{"chamber":null,"dates":[{"date":"2025-12-23"}],"eventURI":"https:\/\/data.oireachtas.ie\/ie\/oireachtas\/def\/bill-event\/enacted","showAs":"Enacted","uri":"https:\/\/data.oireachtas.ie\/ie\/oireachtas\/bill\/2025\/75\/enacted"}}],"lastUpdated":"2026-01-09T12:51:49.610000+00:00","longTitleEn":"<p>Bill entitled an Act to amend the Remediation of Dwellings Damaged by the Use of Defective Concrete Blocks Act 2022; to amend the eligibility criteria for applications for grants in respect of alternative accommodation, storage and immediate repairs; to provide for a further mechanism for the assessment of certain attached dwellings damaged by the use of defective concrete blocks; to provide for an application for an increase in the amount of a grant for remediation of certain dwellings damaged by the use of defective concrete blocks; to amend the time limit for the payment of a grant for remediation; to provide for the construction of a new dwelling in exceptional circumstances; to provide for the review of certain approved remediation options and a procedure for the approval of a new remediation option and grant; to enable certain joint owners to become relevant owners; to provide for charging orders for additional payments and their release; to provide for information sharing between specified public bodies; to amend and extend the Building Control Act 1990 to provide for regularisation certificates of compliance on completion in certain circumstances; to change the names of certain certificates issued under that Act; to confer on the Minister for Housing, Local Government and Heritage the power to make regulations relating to enforcement notices; to extend the powers of authorised persons; to provide for the opening up of works in certain limited circumstances; and to provide for related matters.<\/p>","longTitleGa":"<p>Bille d\u00e1 ngairtear Acht do leas\u00fa an Achta um Leas\u00fach\u00e1n ar Theaghais\u00ed a nDearnadh Dam\u00e1iste D\u00f3ibh mar gheall ar \u00das\u00e1id Bloc Coincr\u00e9ite Lochtach, 2022; do leas\u00fa na gcrit\u00e9ar inch\u00e1ilitheachta le haghaidh iarratais ar dheontais i leith c\u00f3ir\u00edocht ionad\u00fail, st\u00f3r\u00e1il agus deisi\u00fach\u00e1in l\u00e1ithreacha; do dh\u00e9anamh socr\u00fa maidir le s\u00e1sra breise chun meas\u00fanacht a dh\u00e9anamh ar theaghais\u00ed neamhscoite \u00e1irithe a ndearnadh dam\u00e1iste d\u00f3ibh mar gheall ar \u00fas\u00e1id bloc coincr\u00e9ite lochtach; do dh\u00e9anamh socr\u00fa maidir le hiarratas ar mh\u00e9ad\u00fa ar mh\u00e9id an deontais le haghaidh leas\u00fach\u00e1n ar theaghais\u00ed \u00e1irithe a ndearnadh dam\u00e1iste d\u00f3ibh mar gheall ar \u00fas\u00e1id bloc coincr\u00e9ite lochtach; do leas\u00fa na teorann ama chun deontas le haghaidh leas\u00fach\u00e1in a \u00edoc; do dh\u00e9anamh socr\u00fa maidir le teaghais nua a fhoirgni\u00fa in imthosca eisceacht\u00fala; do dh\u00e9anamh socr\u00fa maidir le roghanna ceadaithe \u00e1irithe i nd\u00e1il le leas\u00fach\u00e1n a athbhreithni\u00fa agus maidir le n\u00f3s imeachta chun rogha nua leas\u00fach\u00e1in agus deontas nua leas\u00fach\u00e1in a chead\u00fa; d\u00e1 chumas\u00fa do chomh\u00fain\u00e9ir\u00ed \u00e1irithe teacht chun bheith ina n-\u00fain\u00e9ir\u00ed iomchu\u00ed; do dh\u00e9anamh socr\u00fa maidir le horduithe muirir le haghaidh \u00edoca\u00edochta\u00ed breise agus maidir lena scaoileadh; do dh\u00e9anamh socr\u00fa maidir le comhroinnt faisn\u00e9ise idir comhlachta\u00ed poibl\u00ed sonraithe; do leas\u00fa agus do leathn\u00fa an Achta um Rial\u00fa Foirgn\u00edochta, 1990 chun socr\u00fa a dh\u00e9anamh maidir le deimhnithe um thabhairt chun rialtachta maidir le comhl\u00edonadh iar gcr\u00edochn\u00fa in imthosca \u00e1irithe; d\u2019athr\u00fa ainmneacha deimhnithe \u00e1irithe arna n-eisi\u00faint faoin Acht sin; do thabhairt cumhacht don Aire Tith\u00edochta, Rialtais \u00c1iti\u00fail agus Oidhreachta chun rialach\u00e1in a dh\u00e9anamh a bhaineann le f\u00f3gra\u00ed forfheidhmi\u00fach\u00e1in; do leathn\u00fa cumhachta\u00ed daoine \u00fadaraithe; do dh\u00e9anamh socr\u00fa maidir le hoibreacha a oscailt in imthosca teoranta \u00e1irithe; agus do dh\u00e9anamh socr\u00fa i dtaobh nithe gaolmhara.<\/p>","method":"Presented","methodURI":"https:\/\/data.oireachtas.ie\/ie\/oireachtas\/def\/bill-method\/presented","mostRecentStage":{"event":{"chamber":null,"dates":[{"date":"2025-12-23"}],"house":null,"progressStage":10,"showAs":"Enacted","stageCompleted":true,"stageOutcome":"Enacted","stageURI":"https:\/\/data.oireachtas.ie\/ie\/oireachtas\/def\/bill-stage\/enacted","uri":"https:\/\/data.oireachtas.ie\/ie\/oireachtas\/bill\/2025\/75\/stage\/oireachtas\/enacted"}},"originHouse":{"showAs":"D\u00e1il \u00c9ireann","uri":"https:\/\/data.oireachtas.ie\/ie\/oireachtas\/def\/house\/dail"},"originHouseURI":"https:\/\/data.oireachtas.ie\/ie\/oireachtas\/def\/house\/dail","relatedDocs":[{"relatedDoc":{"date":"2025-12-02","docType":"memo","formats":{"pdf":{"uri":"https:\/\/data.oireachtas.ie\/ie\/oireachtas\/bill\/2025\/75\/eng\/memo\/b7525d-memo.pdf"},"xml":null},"lang":"eng","showAs":"Explanatory Memorandum","uri":"https:\/\/data.oireachtas.ie\/ie\/oireachtas\/bill\/2025\/75\/eng\/memo"}}],"shortTitleEn":"Remediation of Dwellings Damaged by the Use of Defective Concrete Blocks (Amendment) Bill 2025","shortTitleGa":"An Bille um Leas\u00fach\u00e1n ar Theaghais\u00ed a nDearnadh Dam\u00e1iste D\u00f3ibh mar gheall ar \u00das\u00e1id Bloc Coincr\u00e9ite Lochtach (Leas\u00fa), 2025","source":"Government","sourceURI":"https:\/\/data.oireachtas.ie\/ie\/oireachtas\/def\/bill-source\/government","sponsors":[{"sponsor":{"as":{"showAs":"Minister for Housing, Local Government and Heritage","uri":null},"by":{"showAs":null,"uri":null},"isPrimary":true}}],"stages":[{"event":{"chamber":{"chamberCode":"dail","showAs":"D\u00e1il \u00c9ireann","uri":"https:\/\/data.oireachtas.ie\/ie\/oireachtas\/def\/house\/dail"},"dates":[{"date":"2025-12-02"},{"date":"2025-12-02"}],"house":{"chamberCode":"dail","chamberType":"house","houseCode":"dail","houseNo":"34","showAs":"34th D\u00e1il","uri":"https:\/\/data.oireachtas.ie\/ie\/oireachtas\/house\/dail\/34"},"progressStage":1,"showAs":"First Stage","stageCompleted":true,"stageOutcome":null,"stageURI":"https:\/\/data.oireachtas.ie\/ie\/oireachtas\/def\/bill-stage\/1","uri":"https:\/\/data.oireachtas.ie\/ie\/oireachtas\/bill\/2025\/75\/stage\/dail\/1"}},{"event":{"chamber":{"chamberCode":"dail","showAs":"D\u00e1il \u00c9ireann","uri":"https:\/\/data.oireachtas.ie\/ie\/oireachtas\/def\/house\/dail"},"dates":[{"date":"2025-12-02"}],"house":{"chamberCode":"dail","chamberType":"house","houseCode":"dail","houseNo":"34","showAs":"34th D\u00e1il","uri":"https:\/\/data.oireachtas.ie\/ie\/oireachtas\/house\/dail\/34"},"progressStage":2,"showAs":"Second Stage","stageCompleted":true,"stageOutcome":null,"stageURI":"https:\/\/data.oireachtas.ie\/ie\/oireachtas\/def\/bill-stage\/2","uri":"https:\/\/data.oireachtas.ie\/ie\/oireachtas\/bill\/2025\/75\/stage\/dail\/2"}},{"event":{"chamber":{"chamberCode":"dail","showAs":"D\u00e1il \u00c9ireann","uri":"https:\/\/data.oireachtas.ie\/ie\/oireachtas\/def\/house\/dail"},"dates":[{"date":"2025-12-03"},{"date":"2025-12-03"}],"house":{"chamberCode":"dail","chamberType":"house","houseCode":"dail","houseNo":"34","showAs":"34th D\u00e1il","uri":"https:\/\/data.oireachtas.ie\/ie\/oireachtas\/house\/dail\/34"},"progressStage":3,"showAs":"Committee Stage","stageCompleted":true,"stageOutcome":null,"stageURI":"https:\/\/data.oireachtas.ie\/ie\/oireachtas\/def\/bill-stage\/3","uri":"https:\/\/data.oireachtas.ie\/ie\/oireachtas\/bill\/2025\/75\/stage\/dail\/3"}},{"event":{"chamber":{"chamberCode":"dail","showAs":"D\u00e1il \u00c9ireann","uri":"https:\/\/data.oireachtas.ie\/ie\/oireachtas\/def\/house\/dail"},"dates":[{"date":"2025-12-11"}],"house":{"chamberCode":"dail","chamberType":"house","houseCode":"dail","houseNo":"34","showAs":"34th D\u00e1il","uri":"https:\/\/data.oireachtas.ie\/ie\/oireachtas\/house\/dail\/34"},"progressStage":4,"showAs":"Report Stage","stageCompleted":true,"stageOutcome":null,"stageURI":"https:\/\/data.oireachtas.ie\/ie\/oireachtas\/def\/bill-stage\/4","uri":"https:\/\/data.oireachtas.ie\/ie\/oireachtas\/bill\/2025\/75\/stage\/dail\/4"}},{"event":{"chamber":{"chamberCode":"dail","showAs":"D\u00e1il \u00c9ireann","uri":"https:\/\/data.oireachtas.ie\/ie\/oireachtas\/def\/house\/dail"},"dates":[{"date":"2025-12-11"}],"house":{"chamberCode":"dail","chamberType":"house","houseCode":"dail","houseNo":"34","showAs":"34th D\u00e1il","uri":"https:\/\/data.oireachtas.ie\/ie\/oireachtas\/house\/dail\/34"},"progressStage":5,"showAs":"Fifth Stage","stageCompleted":true,"stageOutcome":null,"stageURI":"https:\/\/data.oireachtas.ie\/ie\/oireachtas\/def\/bill-stage\/5","uri":"https:\/\/data.oireachtas.ie\/ie\/oireachtas\/bill\/2025\/75\/stage\/dail\/5"}},{"event":{"chamber":{"chamberCode":"seanad","showAs":"Seanad \u00c9ireann","uri":"https:\/\/data.oireachtas.ie\/ie\/oireachtas\/def\/house\/seanad"},"dates":[{"date":"2025-12-11"}],"house":{"chamberCode":"seanad","chamberType":"house","houseCode":"seanad","houseNo":"27","showAs":"27th Seanad","uri":"https:\/\/data.oireachtas.ie\/ie\/oireachtas\/house\/seanad\/27"},"progressStage":6,"showAs":"Second Stage","stageCompleted":true,"stageOutcome":null,"stageURI":"https:\/\/data.oireachtas.ie\/ie\/oireachtas\/def\/bill-stage\/2","uri":"https:\/\/data.oireachtas.ie\/ie\/oireachtas\/bill\/2025\/75\/stage\/seanad\/2"}},{"event":{"chamber":{"chamberCode":"seanad","showAs":"Seanad \u00c9ireann","uri":"https:\/\/data.oireachtas.ie\/ie\/oireachtas\/def\/house\/seanad"},"dates":[{"date":"2025-12-16"}],"house":{"chamberCode":"seanad","chamberType":"house","houseCode":"seanad","houseNo":"27","showAs":"27th Seanad","uri":"https:\/\/data.oireachtas.ie\/ie\/oireachtas\/house\/seanad\/27"},"progressStage":7,"showAs":"Committee Stage","stageCompleted":true,"stageOutcome":null,"stageURI":"https:\/\/data.oireachtas.ie\/ie\/oireachtas\/def\/bill-stage\/3","uri":"https:\/\/data.oireachtas.ie\/ie\/oireachtas\/bill\/2025\/75\/stage\/seanad\/3"}},{"event":{"chamber":{"chamberCode":"seanad","showAs":"Seanad \u00c9ireann","uri":"https:\/\/data.oireachtas.ie\/ie\/oireachtas\/def\/house\/seanad"},"dates":[{"date":"2025-12-16"}],"house":{"chamberCode":"seanad","chamberType":"house","houseCode":"seanad","houseNo":"27","showAs":"27th Seanad","uri":"https:\/\/data.oireachtas.ie\/ie\/oireachtas\/house\/seanad\/27"},"progressStage":8,"showAs":"Report Stage","stageCompleted":true,"stageOutcome":null,"stageURI":"https:\/\/data.oireachtas.ie\/ie\/oireachtas\/def\/bill-stage\/4","uri":"https:\/\/data.oireachtas.ie\/ie\/oireachtas\/bill\/2025\/75\/stage\/seanad\/4"}},{"event":{"chamber":{"chamberCode":"seanad","showAs":"Seanad \u00c9ireann","uri":"https:\/\/data.oireachtas.ie\/ie\/oireachtas\/def\/house\/seanad"},"dates":[{"date":"2025-12-16"}],"house":{"chamberCode":"seanad","chamberType":"house","houseCode":"seanad","houseNo":"27","showAs":"27th Seanad","uri":"https:\/\/data.oireachtas.ie\/ie\/oireachtas\/house\/seanad\/27"},"progressStage":9,"showAs":"Fifth Stage","stageCompleted":true,"stageOutcome":null,"stageURI":"https:\/\/data.oireachtas.ie\/ie\/oireachtas\/def\/bill-stage\/5","uri":"https:\/\/data.oireachtas.ie\/ie\/oireachtas\/bill\/2025\/75\/stage\/seanad\/5"}},{"event":{"chamber":null,"dates":[{"date":"2025-12-23"}],"house":null,"progressStage":10,"showAs":"Enacted","stageCompleted":true,"stageOutcome":"Enacted","stageURI":"https:\/\/data.oireachtas.ie\/ie\/oireachtas\/def\/bill-stage\/enacted","uri":"https:\/\/data.oireachtas.ie\/ie\/oireachtas\/bill\/2025\/75\/stage\/oireachtas\/enacted"}}],"status":"Enacted","statusURI":"https:\/\/data.oireachtas.ie\/ie\/oireachtas\/def\/bill-status\/enacted","uri":"https:\/\/data.oireachtas.ie\/ie\/oireachtas\/bill\/2025\/75","versions":[{"version":{"date":"2025-12-23","docType":"act","formats":{"pdf":{"uri":"https:\/\/data.oireachtas.ie\/ie\/oireachtas\/act\/2025\/20\/eng\/enacted\/a2025.pdf"},"xml":null},"lang":"eng","showAs":"Remediation of Dwellings Damaged by the Use of Defective Concrete Blocks (Amendment) Act 2025","uri":"https:\/\/data.oireachtas.ie\/ie\/oireachtas\/act\/2025\/20\/eng\/enacted"}},{"version":{"date":"2025-12-11","docType":"bill","formats":{"pdf":{"uri":"https:\/\/data.oireachtas.ie\/ie\/oireachtas\/bill\/2025\/75\/eng\/ver_a\/b75a25d.pdf"},"xml":null},"lang":"eng","showAs":"As passed by D\u00e1il \u00c9ireann","uri":"https:\/\/data.oireachtas.ie\/ie\/oireachtas\/bill\/2025\/75\/eng\/ver_a"}},{"version":{"date":"2025-12-02","docType":"bill","formats":{"pdf":{"uri":"https:\/\/data.oireachtas.ie\/ie\/oireachtas\/bill\/2025\/75\/eng\/initiated\/b7525d.pdf"},"xml":null},"lang":"eng","showAs":"As Initiated","uri":"https:\/\/data.oireachtas.ie\/ie\/oireachtas\/bill\/2025\/75\/eng\/initiated"}}]},"billSort":{"actNoSort":20,"actShortTitleEnSort":"remediation-of-dwellings-damaged-by-the-use-of-defective-concrete-blocks-amendment-act-2025","actShortTitleGaSort":"an-tacht-um-leasuchan-ar-theaghaisi-a-ndearnadh-damaiste-doibh-mar-gheall-ar-usaid-bloc-coincreite-lochtach-leasu-2025","actYearSort":2025,"billNoSort":75,"billShortTitleEnSort":"remediation-of-dwellings-damaged-by-the-use-of-defective-concrete-blocks-amendment-bill-2025","billShortTitleGaSort":"an-bille-um-leasuchan-ar-theaghaisi-a-ndearnadh-damaiste-doibh-mar-gheall-ar-usaid-bloc-coincreite-lochtach-leasu-2025","billYearSort":2025},"contextDate":"2025-12-23"},{"bill":{"act":{"actNo":"13","actYear":"2026","dateSigned":"2026-06-17","longTitleEn":"<p>Act to amend the Arbitration Act 2010 to enable effect to be given in the State to certain international agreements concerned with the protection of investment; and to provide for related matters.<\/p>","longTitleGa":"<p>Acht do leas\u00fa an Achta Eadr\u00e1na, 2010 chun a chumas\u00fa \u00e9ifeacht a thabhairt sa St\u00e1t do chomhaontuithe idirn\u00e1isi\u00fanta \u00e1irithe a bhaineann le hinfheist\u00edocht a chosaint; agus do dh\u00e9anamh socr\u00fa i dtaobh nithe gaolmhara.<\/p>","shortTitleEn":"Arbitration (Amendment) Act 2026","shortTitleGa":"An tAcht Eadr\u00e1na (Leas\u00fa), 2026","statutebookURI":"http:\/\/www.irishstatutebook.ie\/eli\/2026\/act\/13","uri":"https:\/\/data.oireachtas.ie\/ie\/oireachtas\/act\/2026\/13"},"amendmentLists":[{"amendmentList":{"amendmentTypeUri":{"uri":"https:\/\/data.oireachtas.ie\/ie\/oireachtas\/def\/amendment-type\/numberedList"},"chamber":{"showAs":"Seanad","uri":"https:\/\/data.oireachtas.ie\/ie\/oireachtas\/def\/seanad"},"date":"2026-06-09","formats":{"pdf":{"uri":"https:\/\/data.oireachtas.ie\/ie\/oireachtas\/bill\/2025\/74\/seanad\/4\/amendment\/numberedList\/eng\/b7425s-srnl.pdf"},"xml":null},"showAs":"Numbered List [Seanad]","stage":{"showAs":"Report Stage","uri":"https:\/\/data.oireachtas.ie\/ie\/oireachtas\/bill\/2025\/74\/seanad\/4"},"stageNo":"4"}},{"amendmentList":{"amendmentTypeUri":{"uri":"https:\/\/data.oireachtas.ie\/ie\/oireachtas\/def\/amendment-type\/numberedList"},"chamber":{"showAs":"Seanad","uri":"https:\/\/data.oireachtas.ie\/ie\/oireachtas\/def\/seanad"},"date":"2026-05-20","formats":{"pdf":{"uri":"https:\/\/data.oireachtas.ie\/ie\/oireachtas\/bill\/2025\/74\/seanad\/3\/amendment\/numberedList\/eng\/b7425d-scnl.pdf"},"xml":null},"showAs":"Numbered List [Seanad]","stage":{"showAs":"Committee Stage","uri":"https:\/\/data.oireachtas.ie\/ie\/oireachtas\/bill\/2025\/74\/seanad\/3"},"stageNo":"3"}},{"amendmentList":{"amendmentTypeUri":{"uri":"https:\/\/data.oireachtas.ie\/ie\/oireachtas\/def\/amendment-type\/numberedList"},"chamber":{"showAs":"Dail","uri":"https:\/\/data.oireachtas.ie\/ie\/oireachtas\/def\/dail"},"date":"2026-04-14","formats":{"pdf":{"uri":"https:\/\/data.oireachtas.ie\/ie\/oireachtas\/bill\/2025\/74\/dail\/4\/amendment\/numberedList\/eng\/b7425d-drnl.pdf"},"xml":null},"showAs":"Numbered List [D\u00e1il]","stage":{"showAs":"Report Stage","uri":"https:\/\/data.oireachtas.ie\/ie\/oireachtas\/bill\/2025\/74\/dail\/4"},"stageNo":"4"}},{"amendmentList":{"amendmentTypeUri":{"uri":"https:\/\/data.oireachtas.ie\/ie\/oireachtas\/def\/amendment-type\/numberedList"},"chamber":{"showAs":"Dail","uri":"https:\/\/data.oireachtas.ie\/ie\/oireachtas\/def\/dail"},"date":"2026-04-14","formats":{"pdf":{"uri":"https:\/\/data.oireachtas.ie\/ie\/oireachtas\/bill\/2025\/74\/dail\/4\/amendment\/numberedList\/eng\/b7425d-drnl.pdf"},"xml":null},"showAs":"Numbered List [D\u00e1il]","stage":{"showAs":"Report Stage","uri":"https:\/\/data.oireachtas.ie\/ie\/oireachtas\/bill\/2025\/74\/dail\/4"},"stageNo":"4"}},{"amendmentList":{"amendmentTypeUri":{"uri":"https:\/\/data.oireachtas.ie\/ie\/oireachtas\/def\/amendment-type\/numberedList"},"chamber":{"showAs":"Dail","uri":"https:\/\/data.oireachtas.ie\/ie\/oireachtas\/def\/dail"},"date":"2026-02-16","formats":{"pdf":{"uri":"https:\/\/data.oireachtas.ie\/ie\/oireachtas\/bill\/2025\/74\/dail\/3\/amendment\/numberedList\/eng\/b7425d-dcnl.pdf"},"xml":null},"showAs":"Numbered List [D\u00e1il]","stage":{"showAs":"Committee Stage","uri":"https:\/\/data.oireachtas.ie\/ie\/oireachtas\/bill\/2025\/74\/dail\/3"},"stageNo":"3"}}],"billNo":"74","billType":"Public","billTypeURI":"https:\/\/data.oireachtas.ie\/ie\/oireachtas\/def\/bill-type\/public","billYear":"2025","debates":[{"chamber":{"showAs":"Seanad \u00c9ireann","uri":"https:\/\/data.oireachtas.ie\/ie\/oireachtas\/def\/house\/seanad"},"date":"2026-06-09","debateSectionId":"dbsect_17","showAs":"Arbitration (Amendment) Bill 2025: Report and Final Stages","uri":"https:\/\/data.oireachtas.ie\/akn\/ie\/debateRecord\/seanad\/2026-06-09\/debate\/main"},{"chamber":{"showAs":"Seanad \u00c9ireann","uri":"https:\/\/data.oireachtas.ie\/ie\/oireachtas\/def\/house\/seanad"},"date":"2026-05-28","debateSectionId":"dbsect_16","showAs":"Arbitration (Amendment) Bill 2025: Committee Stage (Resumed)","uri":"https:\/\/data.oireachtas.ie\/akn\/ie\/debateRecord\/seanad\/2026-05-28\/debate\/main"},{"chamber":{"showAs":"Seanad \u00c9ireann","uri":"https:\/\/data.oireachtas.ie\/ie\/oireachtas\/def\/house\/seanad"},"date":"2026-05-20","debateSectionId":"dbsect_10","showAs":"Arbitration (Amendment) Bill 2025: Committee Stage","uri":"https:\/\/data.oireachtas.ie\/akn\/ie\/debateRecord\/seanad\/2026-05-20\/debate\/main"},{"chamber":{"showAs":"Seanad \u00c9ireann","uri":"https:\/\/data.oireachtas.ie\/ie\/oireachtas\/def\/house\/seanad"},"date":"2026-05-20","debateSectionId":"dbsect_9","showAs":"Arbitration (Amendment) Bill 2025: Order for Committee Stage","uri":"https:\/\/data.oireachtas.ie\/akn\/ie\/debateRecord\/seanad\/2026-05-20\/debate\/main"},{"chamber":{"showAs":"Seanad \u00c9ireann","uri":"https:\/\/data.oireachtas.ie\/ie\/oireachtas\/def\/house\/seanad"},"date":"2026-05-06","debateSectionId":"dbsect_12","showAs":"Arbitration (Amendment) Bill 2025: Second Stage","uri":"https:\/\/data.oireachtas.ie\/akn\/ie\/debateRecord\/seanad\/2026-05-06\/debate\/main"},{"chamber":{"showAs":"D\u00e1il \u00c9ireann","uri":"https:\/\/data.oireachtas.ie\/ie\/oireachtas\/def\/house\/dail"},"date":"2026-04-15","debateSectionId":"dbsect_36","showAs":"Arbitration (Amendment) Bill 2025: Report and Final Stages","uri":"https:\/\/data.oireachtas.ie\/akn\/ie\/debateRecord\/dail\/2026-04-15\/debate\/main"},{"chamber":{"showAs":"Select Committee on Foreign Affairs and Trade","uri":"https:\/\/data.oireachtas.ie\/ie\/oireachtas\/def\/committee"},"date":"2026-03-25","debateSectionId":"dbsect_2","showAs":"Arbitration (Amendment) Bill 2025: Committee Stage (Resumed)","uri":"https:\/\/data.oireachtas.ie\/akn\/ie\/debateRecord\/select_committee_on_foreign_affairs_and_trade\/2026-03-25\/debate\/main"},{"chamber":{"showAs":"Select Committee on Foreign Affairs and Trade","uri":"https:\/\/data.oireachtas.ie\/ie\/oireachtas\/def\/committee"},"date":"2026-03-25","debateSectionId":"dbsect_2","showAs":"Arbitration (Amendment) Bill 2025: Committee Stage (Resumed)","uri":"https:\/\/data.oireachtas.ie\/akn\/ie\/debateRecord\/select_committee_on_foreign_affairs_and_trade\/2026-03-25\/debate\/main"},{"chamber":{"showAs":"Select Committee on Foreign Affairs and Trade","uri":"https:\/\/data.oireachtas.ie\/ie\/oireachtas\/def\/committee"},"date":"2026-02-17","debateSectionId":"dbsect_2","showAs":"Arbitration (Amendment) Bill 2025: Committee Stage","uri":"https:\/\/data.oireachtas.ie\/akn\/ie\/debateRecord\/select_committee_on_foreign_affairs_and_trade\/2026-02-17\/debate\/main"},{"chamber":{"showAs":"Select Committee on Foreign Affairs and Trade","uri":"https:\/\/data.oireachtas.ie\/ie\/oireachtas\/def\/committee"},"date":"2026-02-17","debateSectionId":"dbsect_2","showAs":"Arbitration (Amendment) Bill 2025: Committee Stage","uri":"https:\/\/data.oireachtas.ie\/akn\/ie\/debateRecord\/select_committee_on_foreign_affairs_and_trade\/2026-02-17\/debate\/main"},{"chamber":{"showAs":"D\u00e1il \u00c9ireann","uri":"https:\/\/data.oireachtas.ie\/ie\/oireachtas\/def\/house\/dail"},"date":"2025-12-10","debateSectionId":"dbsect_55","showAs":"Arbitration (Amendment) Bill 2025: Second Stage (Resumed)","uri":"https:\/\/data.oireachtas.ie\/akn\/ie\/debateRecord\/dail\/2025-12-10\/debate\/main"},{"chamber":{"showAs":"D\u00e1il \u00c9ireann","uri":"https:\/\/data.oireachtas.ie\/ie\/oireachtas\/def\/house\/dail"},"date":"2025-12-10","debateSectionId":"dbsect_60","showAs":"Arbitration (Amendment) Bill 2025: Referral to Select Committee","uri":"https:\/\/data.oireachtas.ie\/akn\/ie\/debateRecord\/dail\/2025-12-10\/debate\/main"},{"chamber":{"showAs":"D\u00e1il \u00c9ireann","uri":"https:\/\/data.oireachtas.ie\/ie\/oireachtas\/def\/house\/dail"},"date":"2025-12-09","debateSectionId":"dbsect_10","showAs":"Arbitration (Amendment) Bill 2025: Second Stage","uri":"https:\/\/data.oireachtas.ie\/akn\/ie\/debateRecord\/dail\/2025-12-09\/debate\/main"}],"events":[{"event":{"chamber":{"chamberCode":"dail","showAs":"D\u00e1il \u00c9ireann","uri":"https:\/\/data.oireachtas.ie\/ie\/oireachtas\/def\/house\/dail"},"dates":[{"date":"2025-12-01"},{"date":"2026-06-17"}],"eventURI":"https:\/\/data.oireachtas.ie\/ie\/oireachtas\/def\/bill-event\/published","showAs":"Published","uri":"https:\/\/data.oireachtas.ie\/ie\/oireachtas\/bill\/2025\/74\/published"}},{"event":{"chamber":null,"dates":[{"date":"2026-06-17"}],"eventURI":"https:\/\/data.oireachtas.ie\/ie\/oireachtas\/def\/bill-event\/enacted","showAs":"Enacted","uri":"https:\/\/data.oireachtas.ie\/ie\/oireachtas\/bill\/2025\/74\/enacted"}}],"lastUpdated":"2026-06-26T15:43:06.890000+00:00","longTitleEn":"<p>Bill entitled an Act to amend the Arbitration Act 2010 to enable effect to be given in the State to certain international agreements concerned with the protection of investment; and to provide for related matters.<\/p>","longTitleGa":"<p>Bille d\u00e1 ngairtear Acht do leas\u00fa an Achta Eadr\u00e1na, 2010 chun a chumas\u00fa \u00e9ifeacht a thabhairt sa St\u00e1t do chomhaontuithe idirn\u00e1isi\u00fanta \u00e1irithe a bhaineann le hinfheist\u00edocht a chosaint; agus do dh\u00e9anamh socr\u00fa i dtaobh nithe gaolmhara.<\/p>","method":"Presented","methodURI":"https:\/\/data.oireachtas.ie\/ie\/oireachtas\/def\/bill-method\/presented","mostRecentStage":{"event":{"chamber":null,"dates":[{"date":"2026-06-17"}],"house":null,"progressStage":10,"showAs":"Enacted","stageCompleted":true,"stageOutcome":"Enacted","stageURI":"https:\/\/data.oireachtas.ie\/ie\/oireachtas\/def\/bill-stage\/enacted","uri":"https:\/\/data.oireachtas.ie\/ie\/oireachtas\/bill\/2025\/74\/stage\/oireachtas\/enacted"}},"originHouse":{"showAs":"D\u00e1il \u00c9ireann","uri":"https:\/\/data.oireachtas.ie\/ie\/oireachtas\/def\/house\/dail"},"originHouseURI":"https:\/\/data.oireachtas.ie\/ie\/oireachtas\/def\/house\/dail","relatedDocs":[{"relatedDoc":{"date":"2025-12-09","docType":"gluais","formats":{"pdf":{"uri":"https:\/\/data.oireachtas.ie\/ie\/oireachtas\/bill\/2025\/74\/mul\/gluais\/gluais-20-2025-an-bille-eadrana-leasu-2025.pdf"},"xml":null},"lang":"mul","showAs":"Glossary\/Gluais","uri":"https:\/\/data.oireachtas.ie\/ie\/oireachtas\/bill\/2025\/74\/mul\/gluais"}},{"relatedDoc":{"date":"2025-12-01","docType":"memo","formats":{"pdf":{"uri":"https:\/\/data.oireachtas.ie\/ie\/oireachtas\/bill\/2025\/74\/eng\/memo\/b7425d-memo.pdf"},"xml":null},"lang":"eng","showAs":"Explanatory Memorandum","uri":"https:\/\/data.oireachtas.ie\/ie\/oireachtas\/bill\/2025\/74\/eng\/memo"}}],"shortTitleEn":"Arbitration (Amendment) Bill 2025","shortTitleGa":"An Bille Eadr\u00e1na (Leas\u00fa), 2025","source":"Government","sourceURI":"https:\/\/data.oireachtas.ie\/ie\/oireachtas\/def\/bill-source\/government","sponsors":[{"sponsor":{"isPrimary":true,"as":{"showAs":"Minister for Foreign Affairs and Trade","uri":null},"by":{"showAs":null,"uri":null}}}],"stages":[{"event":{"chamber":{"chamberCode":"dail","showAs":"D\u00e1il \u00c9ireann","uri":"https:\/\/data.oireachtas.ie\/ie\/oireachtas\/def\/house\/dail"},"dates":[{"date":"2025-12-01"},{"date":"2025-12-01"}],"house":{"chamberCode":"dail","chamberType":"house","houseCode":"dail","houseNo":"34","showAs":"34th D\u00e1il","uri":"https:\/\/data.oireachtas.ie\/ie\/oireachtas\/house\/dail\/34"},"progressStage":1,"showAs":"First Stage","stageCompleted":true,"stageOutcome":null,"stageURI":"https:\/\/data.oireachtas.ie\/ie\/oireachtas\/def\/bill-stage\/1","uri":"https:\/\/data.oireachtas.ie\/ie\/oireachtas\/bill\/2025\/74\/stage\/dail\/1"}},{"event":{"chamber":{"chamberCode":"dail","showAs":"D\u00e1il \u00c9ireann","uri":"https:\/\/data.oireachtas.ie\/ie\/oireachtas\/def\/house\/dail"},"dates":[{"date":"2025-12-01"}],"house":{"chamberCode":"dail","chamberType":"house","houseCode":"dail","houseNo":"34","showAs":"34th D\u00e1il","uri":"https:\/\/data.oireachtas.ie\/ie\/oireachtas\/house\/dail\/34"},"progressStage":2,"showAs":"Second Stage","stageCompleted":true,"stageOutcome":null,"stageURI":"https:\/\/data.oireachtas.ie\/ie\/oireachtas\/def\/bill-stage\/2","uri":"https:\/\/data.oireachtas.ie\/ie\/oireachtas\/bill\/2025\/74\/stage\/dail\/2"}},{"event":{"chamber":{"chamberCode":"dail","showAs":"D\u00e1il \u00c9ireann","uri":"https:\/\/data.oireachtas.ie\/ie\/oireachtas\/def\/house\/dail"},"dates":[{"date":"2025-12-09"}],"house":{"chamberCode":"dail","chamberType":"house","houseCode":"dail","houseNo":"34","showAs":"34th D\u00e1il","uri":"https:\/\/data.oireachtas.ie\/ie\/oireachtas\/house\/dail\/34"},"progressStage":3,"showAs":"Committee Stage","stageCompleted":true,"stageOutcome":null,"stageURI":"https:\/\/data.oireachtas.ie\/ie\/oireachtas\/def\/bill-stage\/3","uri":"https:\/\/data.oireachtas.ie\/ie\/oireachtas\/bill\/2025\/74\/stage\/dail\/3"}},{"event":{"chamber":{"chamberCode":"dail","showAs":"D\u00e1il \u00c9ireann","uri":"https:\/\/data.oireachtas.ie\/ie\/oireachtas\/def\/house\/dail"},"dates":[{"date":"2026-04-15"}],"house":{"chamberCode":"dail","chamberType":"house","houseCode":"dail","houseNo":"34","showAs":"34th D\u00e1il","uri":"https:\/\/data.oireachtas.ie\/ie\/oireachtas\/house\/dail\/34"},"progressStage":4,"showAs":"Report Stage","stageCompleted":true,"stageOutcome":null,"stageURI":"https:\/\/data.oireachtas.ie\/ie\/oireachtas\/def\/bill-stage\/4","uri":"https:\/\/data.oireachtas.ie\/ie\/oireachtas\/bill\/2025\/74\/stage\/dail\/4"}},{"event":{"chamber":{"chamberCode":"dail","showAs":"D\u00e1il \u00c9ireann","uri":"https:\/\/data.oireachtas.ie\/ie\/oireachtas\/def\/house\/dail"},"dates":[{"date":"2026-04-15"}],"house":{"chamberCode":"dail","chamberType":"house","houseCode":"dail","houseNo":"34","showAs":"34th D\u00e1il","uri":"https:\/\/data.oireachtas.ie\/ie\/oireachtas\/house\/dail\/34"},"progressStage":5,"showAs":"Fifth Stage","stageCompleted":true,"stageOutcome":null,"stageURI":"https:\/\/data.oireachtas.ie\/ie\/oireachtas\/def\/bill-stage\/5","uri":"https:\/\/data.oireachtas.ie\/ie\/oireachtas\/bill\/2025\/74\/stage\/dail\/5"}},{"event":{"chamber":{"chamberCode":"seanad","showAs":"Seanad \u00c9ireann","uri":"https:\/\/data.oireachtas.ie\/ie\/oireachtas\/def\/house\/seanad"},"dates":[{"date":"2026-05-06"}],"house":{"chamberCode":"seanad","chamberType":"house","houseCode":"seanad","houseNo":"27","showAs":"27th Seanad","uri":"https:\/\/data.oireachtas.ie\/ie\/oireachtas\/house\/seanad\/27"},"progressStage":6,"showAs":"Second Stage","stageCompleted":true,"stageOutcome":null,"stageURI":"https:\/\/data.oireachtas.ie\/ie\/oireachtas\/def\/bill-stage\/2","uri":"https:\/\/data.oireachtas.ie\/ie\/oireachtas\/bill\/2025\/74\/stage\/seanad\/2"}},{"event":{"chamber":{"chamberCode":"seanad","showAs":"Seanad \u00c9ireann","uri":"https:\/\/data.oireachtas.ie\/ie\/oireachtas\/def\/house\/seanad"},"dates":[{"date":"2026-05-20"}],"house":{"chamberCode":"seanad","chamberType":"house","houseCode":"seanad","houseNo":"27","showAs":"27th Seanad","uri":"https:\/\/data.oireachtas.ie\/ie\/oireachtas\/house\/seanad\/27"},"progressStage":7,"showAs":"Committee Stage","stageCompleted":true,"stageOutcome":null,"stageURI":"https:\/\/data.oireachtas.ie\/ie\/oireachtas\/def\/bill-stage\/3","uri":"https:\/\/data.oireachtas.ie\/ie\/oireachtas\/bill\/2025\/74\/stage\/seanad\/3"}},{"event":{"chamber":{"chamberCode":"seanad","showAs":"Seanad \u00c9ireann","uri":"https:\/\/data.oireachtas.ie\/ie\/oireachtas\/def\/house\/seanad"},"dates":[{"date":"2026-05-28"}],"house":{"chamberCode":"seanad","chamberType":"house","houseCode":"seanad","houseNo":"27","showAs":"27th Seanad","uri":"https:\/\/data.oireachtas.ie\/ie\/oireachtas\/house\/seanad\/27"},"progressStage":8,"showAs":"Report Stage","stageCompleted":true,"stageOutcome":null,"stageURI":"https:\/\/data.oireachtas.ie\/ie\/oireachtas\/def\/bill-stage\/4","uri":"https:\/\/data.oireachtas.ie\/ie\/oireachtas\/bill\/2025\/74\/stage\/seanad\/4"}},{"event":{"chamber":{"chamberCode":"seanad","showAs":"Seanad \u00c9ireann","uri":"https:\/\/data.oireachtas.ie\/ie\/oireachtas\/def\/house\/seanad"},"dates":[{"date":"2026-06-09"}],"house":{"chamberCode":"seanad","chamberType":"house","houseCode":"seanad","houseNo":"27","showAs":"27th Seanad","uri":"https:\/\/data.oireachtas.ie\/ie\/oireachtas\/house\/seanad\/27"},"progressStage":9,"showAs":"Fifth Stage","stageCompleted":true,"stageOutcome":null,"stageURI":"https:\/\/data.oireachtas.ie\/ie\/oireachtas\/def\/bill-stage\/5","uri":"https:\/\/data.oireachtas.ie\/ie\/oireachtas\/bill\/2025\/74\/stage\/seanad\/5"}},{"event":{"chamber":null,"dates":[{"date":"2026-06-17"}],"house":null,"progressStage":10,"showAs":"Enacted","stageCompleted":true,"stageOutcome":"Enacted","stageURI":"https:\/\/data.oireachtas.ie\/ie\/oireachtas\/def\/bill-stage\/enacted","uri":"https:\/\/data.oireachtas.ie\/ie\/oireachtas\/bill\/2025\/74\/stage\/oireachtas\/enacted"}}],"status":"Enacted","statusURI":"https:\/\/data.oireachtas.ie\/ie\/oireachtas\/def\/bill-status\/enacted","uri":"https:\/\/data.oireachtas.ie\/ie\/oireachtas\/bill\/2025\/74","versions":[{"version":{"lang":"eng","docType":"act","showAs":"Arbitration (Amendment) Act 2026","date":"2026-06-17","formats":{"pdf":{"uri":"https:\/\/data.oireachtas.ie\/ie\/oireachtas\/act\/2026\/13\/eng\/enacted\/a1326.pdf"},"xml":null},"uri":"https:\/\/data.oireachtas.ie\/ie\/oireachtas\/act\/2026\/13\/eng\/enacted"}},{"version":{"lang":"eng","docType":"bill","showAs":"As Initiated","date":"2025-12-01","formats":{"pdf":{"uri":"https:\/\/data.oireachtas.ie\/ie\/oireachtas\/bill\/2025\/74\/eng\/initiated\/b7425d.pdf"},"xml":null},"uri":"https:\/\/data.oireachtas.ie\/ie\/oireachtas\/bill\/2025\/74\/eng\/initiated"}}]},"contextDate":"2026-06-17","billSort":{"actNoSort":13,"actShortTitleEnSort":"arbitration-amendment-act-2026","actShortTitleGaSort":"an-tacht-eadrana-leasu-2026","actYearSort":2026,"billNoSort":74,"billShortTitleEnSort":"arbitration-amendment-bill-2025","billShortTitleGaSort":"an-bille-eadrana-leasu-2025","billYearSort":2025}},{"bill":{"act":null,"amendmentLists":[],"billNo":"73","billType":"Public","billTypeURI":"https:\/\/data.oireachtas.ie\/ie\/oireachtas\/def\/bill-type\/public","billYear":"2025","debates":[{"chamber":{"showAs":"D\u00e1il \u00c9ireann","uri":"https:\/\/data.oireachtas.ie\/ie\/oireachtas\/def\/house\/dail"},"date":"2026-05-20","debateSectionId":"dbsect_31","showAs":"Sanctions against the State of Israel Bill 2025: Second Stage (Resumed) [Private Members]","uri":"https:\/\/data.oireachtas.ie\/akn\/ie\/debateRecord\/dail\/2026-05-20\/debate\/main"},{"chamber":{"showAs":"D\u00e1il \u00c9ireann","uri":"https:\/\/data.oireachtas.ie\/ie\/oireachtas\/def\/house\/dail"},"date":"2026-05-14","debateSectionId":"dbsect_43","showAs":"Sanctions against the State of Israel Bill 2025: Second Stage [Private Members]","uri":"https:\/\/data.oireachtas.ie\/akn\/ie\/debateRecord\/dail\/2026-05-14\/debate\/main"},{"chamber":{"showAs":"D\u00e1il \u00c9ireann","uri":"https:\/\/data.oireachtas.ie\/ie\/oireachtas\/def\/house\/dail"},"date":"2025-11-27","debateSectionId":"dbsect_37","showAs":"Sanctions against the State of Israel Bill 2025: First Stage","uri":"https:\/\/data.oireachtas.ie\/akn\/ie\/debateRecord\/dail\/2025-11-27\/debate\/main"}],"events":[{"event":{"chamber":{"chamberCode":"dail","showAs":"D\u00e1il \u00c9ireann","uri":"https:\/\/data.oireachtas.ie\/ie\/oireachtas\/def\/house\/dail"},"dates":[{"date":"2025-08-25"},{"date":"2025-11-19"},{"date":"2025-11-27"},{"date":"2026-05-20"}],"eventURI":"https:\/\/data.oireachtas.ie\/ie\/oireachtas\/def\/bill-event\/admissibility-for-introduction","showAs":"Admissibility for Introduction","uri":"https:\/\/data.oireachtas.ie\/ie\/oireachtas\/bill\/2025\/73\/admissibility-for-introduction"}}],"lastUpdated":"2026-05-21T16:12:07.510000+00:00","longTitleEn":"<p>Bill entitled an Act to prevent and address the commission of the international crimes of genocide and apartheid by the State of Israel, by providing for the establishment of economic sanctions.<\/p>","longTitleGa":"<p>Bille d\u00e1 ngairtear Acht do chur cosc le St\u00e1t Iosrael, agus do thabhairt aghaidh ar St\u00e1t Iosrael, do dh\u00e9anamh na gcoireanna idirn\u00e1isi\u00fanta arb \u00e9ard iad cinedh\u00edoth\u00fa agus cinedheighilt, tr\u00ed shocr\u00fa a dh\u00e9anamh chun smachtbhanna\u00ed eacnama\u00edocha a bhun\u00fa.<\/p>","method":"Introduced","methodURI":"https:\/\/data.oireachtas.ie\/ie\/oireachtas\/def\/bill-method\/introduced","mostRecentStage":{"event":{"chamber":{"chamberCode":"dail","showAs":"D\u00e1il \u00c9ireann","uri":"https:\/\/data.oireachtas.ie\/ie\/oireachtas\/def\/house\/dail"},"dates":[{"date":"2025-08-25"},{"date":"2025-11-19"},{"date":"2025-11-27"},{"date":"2025-11-27"}],"house":{"chamberCode":"dail","chamberType":"house","houseCode":"dail","houseNo":"34","showAs":"34th D\u00e1il","uri":"https:\/\/data.oireachtas.ie\/ie\/oireachtas\/house\/dail\/34"},"progressStage":1,"showAs":"First Stage","stageCompleted":true,"stageOutcome":null,"stageURI":"https:\/\/data.oireachtas.ie\/ie\/oireachtas\/def\/bill-stage\/1","uri":"https:\/\/data.oireachtas.ie\/ie\/oireachtas\/bill\/2025\/73\/stage\/dail\/1"}},"originHouse":{"showAs":"D\u00e1il \u00c9ireann","uri":"https:\/\/data.oireachtas.ie\/ie\/oireachtas\/def\/house\/dail"},"originHouseURI":"https:\/\/data.oireachtas.ie\/ie\/oireachtas\/def\/house\/dail","relatedDocs":[{"relatedDoc":{"date":"2025-11-27","docType":"memo","formats":{"pdf":{"uri":"https:\/\/data.oireachtas.ie\/ie\/oireachtas\/bill\/2025\/73\/eng\/memo\/b7325d-memo.pdf"},"xml":null},"lang":"eng","showAs":"Explanatory Memorandum","uri":"https:\/\/data.oireachtas.ie\/ie\/oireachtas\/bill\/2025\/73\/eng\/memo"}}],"shortTitleEn":"Sanctions against the State of Israel Bill 2025","shortTitleGa":"An Bille um Smachtbhanna\u00ed i gcoinne St\u00e1t Iosrael, 2025","source":"Private Member","sourceURI":"https:\/\/data.oireachtas.ie\/ie\/oireachtas\/def\/bill-source\/private-member","sponsors":[{"sponsor":{"isPrimary":true,"as":{"showAs":null,"uri":null},"by":{"showAs":"Paul Murphy","uri":"https:\/\/data.oireachtas.ie\/ie\/oireachtas\/member\/id\/Paul-Murphy.D.2014-10-10"}}},{"sponsor":{"isPrimary":false,"as":{"showAs":null,"uri":null},"by":{"showAs":"Ruth Coppinger","uri":"https:\/\/data.oireachtas.ie\/ie\/oireachtas\/member\/id\/Ruth-Coppinger.D.2014-05-23"}}},{"sponsor":{"isPrimary":false,"as":{"showAs":null,"uri":null},"by":{"showAs":"Richard Boyd Barrett","uri":"https:\/\/data.oireachtas.ie\/ie\/oireachtas\/member\/id\/Richard-Boyd-Barrett.D.2011-03-09"}}}],"stages":[{"event":{"chamber":{"chamberCode":"dail","showAs":"D\u00e1il \u00c9ireann","uri":"https:\/\/data.oireachtas.ie\/ie\/oireachtas\/def\/house\/dail"},"dates":[{"date":"2025-08-25"},{"date":"2025-11-19"},{"date":"2025-11-27"},{"date":"2025-11-27"}],"house":{"chamberCode":"dail","chamberType":"house","houseCode":"dail","houseNo":"34","showAs":"34th D\u00e1il","uri":"https:\/\/data.oireachtas.ie\/ie\/oireachtas\/house\/dail\/34"},"progressStage":1,"showAs":"First Stage","stageCompleted":true,"stageOutcome":null,"stageURI":"https:\/\/data.oireachtas.ie\/ie\/oireachtas\/def\/bill-stage\/1","uri":"https:\/\/data.oireachtas.ie\/ie\/oireachtas\/bill\/2025\/73\/stage\/dail\/1"}}],"status":"Defeated","statusURI":"https:\/\/data.oireachtas.ie\/ie\/oireachtas\/def\/bill-status\/defeated","uri":"https:\/\/data.oireachtas.ie\/ie\/oireachtas\/bill\/2025\/73","versions":[{"version":{"lang":"eng","docType":"bill","showAs":"As Initiated","date":"2025-11-27","formats":{"pdf":{"uri":"https:\/\/data.oireachtas.ie\/ie\/oireachtas\/bill\/2025\/73\/eng\/initiated\/b7325d.pdf"},"xml":null},"uri":"https:\/\/data.oireachtas.ie\/ie\/oireachtas\/bill\/2025\/73\/eng\/initiated"}}]},"contextDate":"2025-11-27","billSort":{"actNoSort":null,"actShortTitleEnSort":null,"actShortTitleGaSort":null,"actYearSort":null,"billNoSort":73,"billShortTitleEnSort":"sanctions-against-the-state-of-israel-bill-2025","billShortTitleGaSort":"an-bille-um-smachtbhannai-i-gcoinne-stat-iosrael-2025","billYearSort":2025}},{"bill":{"act":null,"amendmentLists":[],"billNo":"72","billType":"Public","billTypeURI":"https:\/\/data.oireachtas.ie\/ie\/oireachtas\/def\/bill-type\/public","billYear":"2025","debates":[{"chamber":{"showAs":"D\u00e1il \u00c9ireann","uri":"https:\/\/data.oireachtas.ie\/ie\/oireachtas\/def\/house\/dail"},"date":"2025-11-26","debateSectionId":"dbsect_14","showAs":"Electricity Regulation (Climate Action and Connection to Distribution and Transmission Systems) Bill 2025: First Stage","uri":"https:\/\/data.oireachtas.ie\/akn\/ie\/debateRecord\/dail\/2025-11-26\/debate\/main"}],"events":[{"event":{"chamber":{"chamberCode":"dail","showAs":"D\u00e1il \u00c9ireann","uri":"https:\/\/data.oireachtas.ie\/ie\/oireachtas\/def\/house\/dail"},"dates":[{"date":"2025-10-01"},{"date":"2025-11-18"},{"date":"2025-11-26"}],"eventURI":"https:\/\/data.oireachtas.ie\/ie\/oireachtas\/def\/bill-event\/admissibility-for-introduction","showAs":"Admissibility for Introduction","uri":"https:\/\/data.oireachtas.ie\/ie\/oireachtas\/bill\/2025\/72\/admissibility-for-introduction"}}],"lastUpdated":"2025-11-27T12:30:25.610000+00:00","longTitleEn":"<p>Bill entitled an Act to enable the Commission for the Regulation of Utilities to direct that offers for connection to the electricity transmission and distribution systems be made subject to terms and conditions requiring that specified measures be taken for the purpose of avoiding, preventing, reducing, offsetting or abating greenhouse gas emissions or otherwise in furtherance of the national climate objective; for that purpose to amend the Electricity Regulation Act 1999; and to provide for related matters.<\/p>","longTitleGa":"<p>Bille d\u00e1 ngairtear Acht d\u00e1 chumas\u00fa don Choimisi\u00fan um Rial\u00e1il F\u00f3ntais a ord\u00fa go nd\u00e9anfar tairiscint\u00ed maidir le cur i gceangal leis na c\u00f3rais tarchurtha agus d\u00e1ilte leictreachais a chur faoi r\u00e9ir t\u00e9arma\u00ed agus coinn\u00edollacha lena gceangl\u00f3far go nd\u00e9anfar bearta sonraithe d\u2019fhonn asta\u00edochta\u00ed g\u00e1s ceaptha teasa a sheachaint, a chosc, a laghd\u00fa, a fhrith\u00e1ireamh n\u00f3 a mhaol\u00fa n\u00f3 ar shl\u00ed eile ar mhaithe leis an gcusp\u00f3ir n\u00e1isi\u00fanta aer\u00e1ide; chun na cr\u00edche sin, do leas\u00fa an Achta um Rial\u00e1il Leictreachais, 1999; agus do dh\u00e9anamh socr\u00fa i dtaobh nithe gaolmhara.<\/p>","method":"Introduced","methodURI":"https:\/\/data.oireachtas.ie\/ie\/oireachtas\/def\/bill-method\/introduced","mostRecentStage":{"event":{"chamber":{"chamberCode":"dail","showAs":"D\u00e1il \u00c9ireann","uri":"https:\/\/data.oireachtas.ie\/ie\/oireachtas\/def\/house\/dail"},"dates":[{"date":"2025-11-26"}],"house":{"chamberCode":"dail","chamberType":"house","houseCode":"dail","houseNo":"34","showAs":"34th D\u00e1il","uri":"https:\/\/data.oireachtas.ie\/ie\/oireachtas\/house\/dail\/34"},"progressStage":2,"showAs":"Second Stage","stageCompleted":false,"stageOutcome":"Current","stageURI":"https:\/\/data.oireachtas.ie\/ie\/oireachtas\/def\/bill-stage\/2","uri":"https:\/\/data.oireachtas.ie\/ie\/oireachtas\/bill\/2025\/72\/stage\/dail\/2"}},"originHouse":{"showAs":"D\u00e1il \u00c9ireann","uri":"https:\/\/data.oireachtas.ie\/ie\/oireachtas\/def\/house\/dail"},"originHouseURI":"https:\/\/data.oireachtas.ie\/ie\/oireachtas\/def\/house\/dail","relatedDocs":[{"relatedDoc":{"date":"2025-11-26","docType":"memo","formats":{"pdf":{"uri":"https:\/\/data.oireachtas.ie\/ie\/oireachtas\/bill\/2025\/72\/eng\/memo\/b7225d-memo.pdf"},"xml":null},"lang":"eng","showAs":"Explanatory Memorandum","uri":"https:\/\/data.oireachtas.ie\/ie\/oireachtas\/bill\/2025\/72\/eng\/memo"}}],"shortTitleEn":"Electricity Regulation (Climate Action and Connection to Distribution and Transmission Systems) Bill 2025","shortTitleGa":"An Bille um Rial\u00e1il Leictreachais (Gn\u00edomh\u00fa Aer\u00e1ide agus Cur i gCeangal le C\u00f3rais D\u00e1ilte agus Tarchurtha), 2025","source":"Private Member","sourceURI":"https:\/\/data.oireachtas.ie\/ie\/oireachtas\/def\/bill-source\/private-member","sponsors":[{"sponsor":{"as":{"showAs":null,"uri":null},"by":{"showAs":"Ciar\u00e1n Ahern","uri":"https:\/\/data.oireachtas.ie\/ie\/oireachtas\/member\/id\/Ciar\u00e1n-Ahern.D.2024-11-29"},"isPrimary":true}}],"stages":[{"event":{"chamber":{"chamberCode":"dail","showAs":"D\u00e1il \u00c9ireann","uri":"https:\/\/data.oireachtas.ie\/ie\/oireachtas\/def\/house\/dail"},"dates":[{"date":"2025-10-01"},{"date":"2025-11-18"},{"date":"2025-11-26"},{"date":"2025-11-26"}],"house":{"chamberCode":"dail","chamberType":"house","houseCode":"dail","houseNo":"34","showAs":"34th D\u00e1il","uri":"https:\/\/data.oireachtas.ie\/ie\/oireachtas\/house\/dail\/34"},"progressStage":1,"showAs":"First Stage","stageCompleted":true,"stageOutcome":null,"stageURI":"https:\/\/data.oireachtas.ie\/ie\/oireachtas\/def\/bill-stage\/1","uri":"https:\/\/data.oireachtas.ie\/ie\/oireachtas\/bill\/2025\/72\/stage\/dail\/1"}},{"event":{"chamber":{"chamberCode":"dail","showAs":"D\u00e1il \u00c9ireann","uri":"https:\/\/data.oireachtas.ie\/ie\/oireachtas\/def\/house\/dail"},"dates":[{"date":"2025-11-26"}],"house":{"chamberCode":"dail","chamberType":"house","houseCode":"dail","houseNo":"34","showAs":"34th D\u00e1il","uri":"https:\/\/data.oireachtas.ie\/ie\/oireachtas\/house\/dail\/34"},"progressStage":2,"showAs":"Second Stage","stageCompleted":false,"stageOutcome":"Current","stageURI":"https:\/\/data.oireachtas.ie\/ie\/oireachtas\/def\/bill-stage\/2","uri":"https:\/\/data.oireachtas.ie\/ie\/oireachtas\/bill\/2025\/72\/stage\/dail\/2"}}],"status":"Current","statusURI":"https:\/\/data.oireachtas.ie\/ie\/oireachtas\/def\/bill-status\/published","uri":"https:\/\/data.oireachtas.ie\/ie\/oireachtas\/bill\/2025\/72","versions":[{"version":{"date":"2025-11-26","docType":"bill","formats":{"pdf":{"uri":"https:\/\/data.oireachtas.ie\/ie\/oireachtas\/bill\/2025\/72\/eng\/initiated\/b7225d.pdf"},"xml":null},"lang":"eng","showAs":"As Initiated","uri":"https:\/\/data.oireachtas.ie\/ie\/oireachtas\/bill\/2025\/72\/eng\/initiated"}}]},"billSort":{"actNoSort":null,"actShortTitleEnSort":null,"actShortTitleGaSort":null,"actYearSort":null,"billNoSort":72,"billShortTitleEnSort":"electricity-regulation-climate-action-and-connection-to-distribution-and-transmission-systems-bill-2025","billShortTitleGaSort":"an-bille-um-rialail-leictreachais-gniomhu-aeraide-agus-cur-i-gceangal-le-corais-dailte-agus-tarchurtha-2025","billYearSort":2025},"contextDate":"2025-11-26"},{"bill":{"act":null,"amendmentLists":[],"billNo":"71","billType":"Public","billTypeURI":"https:\/\/data.oireachtas.ie\/ie\/oireachtas\/def\/bill-type\/public","billYear":"2025","debates":[{"chamber":{"showAs":"D\u00e1il \u00c9ireann","uri":"https:\/\/data.oireachtas.ie\/ie\/oireachtas\/def\/house\/dail"},"date":"2025-11-25","debateSectionId":"dbsect_9","showAs":"Se\u00e1n Lemass Dublin International Airport Bill 2025: First Stage","uri":"https:\/\/data.oireachtas.ie\/akn\/ie\/debateRecord\/dail\/2025-11-25\/debate\/main"}],"events":[{"event":{"chamber":{"chamberCode":"dail","showAs":"D\u00e1il \u00c9ireann","uri":"https:\/\/data.oireachtas.ie\/ie\/oireachtas\/def\/house\/dail"},"dates":[{"date":"2025-11-20"},{"date":"2025-11-25"}],"eventURI":"https:\/\/data.oireachtas.ie\/ie\/oireachtas\/def\/bill-event\/approved-for-initiation","showAs":"Approved for Initiation","uri":"https:\/\/data.oireachtas.ie\/ie\/oireachtas\/bill\/2025\/71\/approved-for-initiation"}}],"lastUpdated":"2025-11-27T10:54:48.750000+00:00","longTitleEn":"<p>Bill entitled an Act to provide for the renaming of Dublin Airport as Se\u00e1n Lemass Dublin International Airport and to provide for related matters.<\/p>","longTitleGa":"<p>Bille d\u00e1 ngairtear Acht do dh\u00e9anamh socr\u00fa chun Aerfort Bhaile \u00c1tha Cliath a athainmni\u00fa mar Aerfort Idirn\u00e1isi\u00fanta She\u00e1in Lemass, Baile \u00c1tha Cliath agus do dh\u00e9anamh socr\u00fa i dtaobh nithe gaolmhara.<\/p>","method":"Introduced","methodURI":"https:\/\/data.oireachtas.ie\/ie\/oireachtas\/def\/bill-method\/introduced","mostRecentStage":{"event":{"chamber":{"chamberCode":"dail","showAs":"D\u00e1il \u00c9ireann","uri":"https:\/\/data.oireachtas.ie\/ie\/oireachtas\/def\/house\/dail"},"dates":[{"date":"2025-11-25"}],"house":{"chamberCode":"dail","chamberType":"house","houseCode":"dail","houseNo":"34","showAs":"34th D\u00e1il","uri":"https:\/\/data.oireachtas.ie\/ie\/oireachtas\/house\/dail\/34"},"progressStage":2,"showAs":"Second Stage","stageCompleted":false,"stageOutcome":"Current","stageURI":"https:\/\/data.oireachtas.ie\/ie\/oireachtas\/def\/bill-stage\/2","uri":"https:\/\/data.oireachtas.ie\/ie\/oireachtas\/bill\/2025\/71\/stage\/dail\/2"}},"originHouse":{"showAs":"D\u00e1il \u00c9ireann","uri":"https:\/\/data.oireachtas.ie\/ie\/oireachtas\/def\/house\/dail"},"originHouseURI":"https:\/\/data.oireachtas.ie\/ie\/oireachtas\/def\/house\/dail","relatedDocs":[{"relatedDoc":{"date":"2025-11-25","docType":"memo","formats":{"pdf":{"uri":"https:\/\/data.oireachtas.ie\/ie\/oireachtas\/bill\/2025\/71\/eng\/memo\/b7125d-memo.pdf"},"xml":null},"lang":"eng","showAs":"Explanatory Memorandum","uri":"https:\/\/data.oireachtas.ie\/ie\/oireachtas\/bill\/2025\/71\/eng\/memo"}}],"shortTitleEn":"Se\u00e1n Lemass Dublin International Airport Bill 2025","shortTitleGa":"An Bille um Aerfort Idirn\u00e1isi\u00fanta She\u00e1in Lemass, Baile \u00c1tha Cliath, 2025","source":"Private Member","sourceURI":"https:\/\/data.oireachtas.ie\/ie\/oireachtas\/def\/bill-source\/private-member","sponsors":[{"sponsor":{"as":{"showAs":null,"uri":null},"by":{"showAs":"Malcolm Byrne","uri":"https:\/\/data.oireachtas.ie\/ie\/oireachtas\/member\/id\/Malcolm-Byrne.D.2019-11-29"},"isPrimary":true}}],"stages":[{"event":{"chamber":{"chamberCode":"dail","showAs":"D\u00e1il \u00c9ireann","uri":"https:\/\/data.oireachtas.ie\/ie\/oireachtas\/def\/house\/dail"},"dates":[{"date":"2025-11-20"},{"date":"2025-11-25"},{"date":"2025-11-25"}],"house":{"chamberCode":"dail","chamberType":"house","houseCode":"dail","houseNo":"34","showAs":"34th D\u00e1il","uri":"https:\/\/data.oireachtas.ie\/ie\/oireachtas\/house\/dail\/34"},"progressStage":1,"showAs":"First Stage","stageCompleted":true,"stageOutcome":null,"stageURI":"https:\/\/data.oireachtas.ie\/ie\/oireachtas\/def\/bill-stage\/1","uri":"https:\/\/data.oireachtas.ie\/ie\/oireachtas\/bill\/2025\/71\/stage\/dail\/1"}},{"event":{"chamber":{"chamberCode":"dail","showAs":"D\u00e1il \u00c9ireann","uri":"https:\/\/data.oireachtas.ie\/ie\/oireachtas\/def\/house\/dail"},"dates":[{"date":"2025-11-25"}],"house":{"chamberCode":"dail","chamberType":"house","houseCode":"dail","houseNo":"34","showAs":"34th D\u00e1il","uri":"https:\/\/data.oireachtas.ie\/ie\/oireachtas\/house\/dail\/34"},"progressStage":2,"showAs":"Second Stage","stageCompleted":false,"stageOutcome":"Current","stageURI":"https:\/\/data.oireachtas.ie\/ie\/oireachtas\/def\/bill-stage\/2","uri":"https:\/\/data.oireachtas.ie\/ie\/oireachtas\/bill\/2025\/71\/stage\/dail\/2"}}],"status":"Current","statusURI":"https:\/\/data.oireachtas.ie\/ie\/oireachtas\/def\/bill-status\/published","uri":"https:\/\/data.oireachtas.ie\/ie\/oireachtas\/bill\/2025\/71","versions":[{"version":{"date":"2025-11-25","docType":"bill","formats":{"pdf":{"uri":"https:\/\/data.oireachtas.ie\/ie\/oireachtas\/bill\/2025\/71\/eng\/initiated\/b7125d.pdf"},"xml":null},"lang":"eng","showAs":"As Initiated","uri":"https:\/\/data.oireachtas.ie\/ie\/oireachtas\/bill\/2025\/71\/eng\/initiated"}}]},"billSort":{"actNoSort":null,"actShortTitleEnSort":null,"actShortTitleGaSort":null,"actYearSort":null,"billNoSort":71,"billShortTitleEnSort":"sean-lemass-dublin-international-airport-bill-2025","billShortTitleGaSort":"an-bille-um-aerfort-idirnaisiunta-sheain-lemass-baile-atha-cliath-2025","billYearSort":2025},"contextDate":"2025-11-25"},{"bill":{"act":null,"amendmentLists":[{"amendmentList":{"amendmentTypeUri":{"uri":"https:\/\/data.oireachtas.ie\/ie\/oireachtas\/def\/amendment-type\/numberedList"},"chamber":{"showAs":"Seanad","uri":"https:\/\/data.oireachtas.ie\/ie\/oireachtas\/def\/seanad"},"date":"2026-07-07","formats":{"pdf":{"uri":"https:\/\/data.oireachtas.ie\/ie\/oireachtas\/bill\/2025\/70\/seanad\/3\/amendment\/numberedList\/eng\/b7025d-scnl.pdf"},"xml":null},"showAs":"Numbered List [Seanad]","stage":{"showAs":"Committee Stage","uri":"https:\/\/data.oireachtas.ie\/ie\/oireachtas\/bill\/2025\/70\/seanad\/3"},"stageNo":"3"}},{"amendmentList":{"amendmentTypeUri":{"uri":"https:\/\/data.oireachtas.ie\/ie\/oireachtas\/def\/amendment-type\/numberedList"},"chamber":{"showAs":"Dail","uri":"https:\/\/data.oireachtas.ie\/ie\/oireachtas\/def\/dail"},"date":"2026-03-03","formats":{"pdf":{"uri":"https:\/\/data.oireachtas.ie\/ie\/oireachtas\/bill\/2025\/70\/dail\/3\/amendment\/numberedList\/eng\/b7025d-dcnl.pdf"},"xml":null},"showAs":"Numbered List [D\u00e1il]","stage":{"showAs":"Committee Stage","uri":"https:\/\/data.oireachtas.ie\/ie\/oireachtas\/bill\/2025\/70\/dail\/3"},"stageNo":"3"}}],"billNo":"70","billType":"Public","billTypeURI":"https:\/\/data.oireachtas.ie\/ie\/oireachtas\/def\/bill-type\/public","billYear":"2025","debates":[{"chamber":{"showAs":"Seanad \u00c9ireann","uri":"https:\/\/data.oireachtas.ie\/ie\/oireachtas\/def\/house\/seanad"},"date":"2026-04-28","debateSectionId":"dbsect_12","showAs":"Public Health (Single-Use Vapes) Bill 2025: Second Stage","uri":"https:\/\/data.oireachtas.ie\/akn\/ie\/debateRecord\/seanad\/2026-04-28\/debate\/main"},{"chamber":{"showAs":"D\u00e1il \u00c9ireann","uri":"https:\/\/data.oireachtas.ie\/ie\/oireachtas\/def\/house\/dail"},"date":"2026-03-04","debateSectionId":"dbsect_23","showAs":"Public Health (Single-Use Vapes) Bill 2025: Committee and Remaining Stages","uri":"https:\/\/data.oireachtas.ie\/akn\/ie\/debateRecord\/dail\/2026-03-04\/debate\/main"},{"chamber":{"showAs":"D\u00e1il \u00c9ireann","uri":"https:\/\/data.oireachtas.ie\/ie\/oireachtas\/def\/house\/dail"},"date":"2026-01-20","debateSectionId":"dbsect_10","showAs":"Public Health (Single-Use Vapes) Bill 2025: Referral to Select Committee","uri":"https:\/\/data.oireachtas.ie\/akn\/ie\/debateRecord\/dail\/2026-01-20\/debate\/main"},{"chamber":{"showAs":"D\u00e1il \u00c9ireann","uri":"https:\/\/data.oireachtas.ie\/ie\/oireachtas\/def\/house\/dail"},"date":"2026-01-13","debateSectionId":"dbsect_13","showAs":"Public Health (Single-Use Vapes) Bill 2025: Second Stage (Resumed)","uri":"https:\/\/data.oireachtas.ie\/akn\/ie\/debateRecord\/dail\/2026-01-13\/debate\/main"},{"chamber":{"showAs":"D\u00e1il \u00c9ireann","uri":"https:\/\/data.oireachtas.ie\/ie\/oireachtas\/def\/house\/dail"},"date":"2025-12-17","debateSectionId":"dbsect_13","showAs":"Public Health (Single-Use Vapes) Bill 2025: Second Stage","uri":"https:\/\/data.oireachtas.ie\/akn\/ie\/debateRecord\/dail\/2025-12-17\/debate\/main"}],"events":[{"event":{"chamber":{"chamberCode":"dail","showAs":"D\u00e1il \u00c9ireann","uri":"https:\/\/data.oireachtas.ie\/ie\/oireachtas\/def\/house\/dail"},"dates":[{"date":"2025-11-27"}],"eventURI":"https:\/\/data.oireachtas.ie\/ie\/oireachtas\/def\/bill-event\/published","showAs":"Published","uri":"https:\/\/data.oireachtas.ie\/ie\/oireachtas\/bill\/2025\/70\/published"}}],"lastUpdated":"2026-07-01T09:50:00.640000+00:00","longTitleEn":"<p>Bill entitled an Act to prohibit the sale of certain devices that vaporise substances, other than tobacco, for the purpose of inhalation through a mouthpiece and that are not designed or intended to be re-used; to provide for enforcement measures in relation to the prohibition on the sale of such devices; to provide for certain related offences; and to provide for related matters.<\/p>","longTitleGa":"<p>Bille d\u00e1 ngairtear Acht do thoirmeasc feist\u00ed \u00e1irithe a dh\u00edol, is feist\u00ed lena nd\u00e9antar substaint\u00ed, seachas tobac, a ghal\u00fa chun iad a ionan\u00e1l\u00fa tr\u00ed bh\u00e9al\u00f3g agus nach bhfuil deartha lena n-ath\u00fas\u00e1id n\u00e1 nach bhfuil beartaithe iad a ath\u00fas\u00e1id; do dh\u00e9anamh socr\u00fa maidir le bearta forfheidhmi\u00fach\u00e1in i nd\u00e1il leis an toirmeasc ar dh\u00edol feist\u00ed den s\u00f3rt sin; do dh\u00e9anamh socr\u00fa maidir le cionta gaolmhara \u00e1irithe; agus do dh\u00e9anamh socr\u00fa i dtaobh nithe gaolmhara.<\/p>","method":"Presented","methodURI":"https:\/\/data.oireachtas.ie\/ie\/oireachtas\/def\/bill-method\/presented","mostRecentStage":{"event":{"chamber":{"chamberCode":"seanad","showAs":"Seanad \u00c9ireann","uri":"https:\/\/data.oireachtas.ie\/ie\/oireachtas\/def\/house\/seanad"},"dates":[{"date":"2026-03-04"}],"house":{"chamberCode":"seanad","chamberType":"house","houseCode":"seanad","houseNo":"27","showAs":"27th Seanad","uri":"https:\/\/data.oireachtas.ie\/ie\/oireachtas\/house\/seanad\/27"},"progressStage":6,"showAs":"Second Stage","stageCompleted":true,"stageOutcome":null,"stageURI":"https:\/\/data.oireachtas.ie\/ie\/oireachtas\/def\/bill-stage\/2","uri":"https:\/\/data.oireachtas.ie\/ie\/oireachtas\/bill\/2025\/70\/stage\/seanad\/2"}},"originHouse":{"showAs":"D\u00e1il \u00c9ireann","uri":"https:\/\/data.oireachtas.ie\/ie\/oireachtas\/def\/house\/dail"},"originHouseURI":"https:\/\/data.oireachtas.ie\/ie\/oireachtas\/def\/house\/dail","relatedDocs":[{"relatedDoc":{"date":"2025-11-27","docType":"memo","formats":{"pdf":{"uri":"https:\/\/data.oireachtas.ie\/ie\/oireachtas\/bill\/2025\/70\/eng\/memo\/b7025d-memo.pdf"},"xml":null},"lang":"eng","showAs":"Explanatory Memorandum","uri":"https:\/\/data.oireachtas.ie\/ie\/oireachtas\/bill\/2025\/70\/eng\/memo"}}],"shortTitleEn":"Public Health (Single-Use Vapes) Bill 2025","shortTitleGa":"An Bille Sl\u00e1inte Poibl\u00ed (Galtoit\u00edn\u00ed Aon\u00fas\u00e1ide), 2025","source":"Government","sourceURI":"https:\/\/data.oireachtas.ie\/ie\/oireachtas\/def\/bill-source\/government","sponsors":[{"sponsor":{"isPrimary":true,"as":{"showAs":"Minister for Health","uri":null},"by":{"showAs":null,"uri":null}}}],"stages":[{"event":{"chamber":{"chamberCode":"dail","showAs":"D\u00e1il \u00c9ireann","uri":"https:\/\/data.oireachtas.ie\/ie\/oireachtas\/def\/house\/dail"},"dates":[{"date":"2025-11-27"},{"date":"2025-11-27"}],"house":{"chamberCode":"dail","chamberType":"house","houseCode":"dail","houseNo":"34","showAs":"34th D\u00e1il","uri":"https:\/\/data.oireachtas.ie\/ie\/oireachtas\/house\/dail\/34"},"progressStage":1,"showAs":"First Stage","stageCompleted":true,"stageOutcome":null,"stageURI":"https:\/\/data.oireachtas.ie\/ie\/oireachtas\/def\/bill-stage\/1","uri":"https:\/\/data.oireachtas.ie\/ie\/oireachtas\/bill\/2025\/70\/stage\/dail\/1"}},{"event":{"chamber":{"chamberCode":"dail","showAs":"D\u00e1il \u00c9ireann","uri":"https:\/\/data.oireachtas.ie\/ie\/oireachtas\/def\/house\/dail"},"dates":[{"date":"2026-01-17"}],"house":{"chamberCode":"dail","chamberType":"house","houseCode":"dail","houseNo":"34","showAs":"34th D\u00e1il","uri":"https:\/\/data.oireachtas.ie\/ie\/oireachtas\/house\/dail\/34"},"progressStage":2,"showAs":"Second Stage","stageCompleted":true,"stageOutcome":null,"stageURI":"https:\/\/data.oireachtas.ie\/ie\/oireachtas\/def\/bill-stage\/2","uri":"https:\/\/data.oireachtas.ie\/ie\/oireachtas\/bill\/2025\/70\/stage\/dail\/2"}},{"event":{"chamber":{"chamberCode":"dail","showAs":"D\u00e1il \u00c9ireann","uri":"https:\/\/data.oireachtas.ie\/ie\/oireachtas\/def\/house\/dail"},"dates":[{"date":"2026-03-04"}],"house":{"chamberCode":"dail","chamberType":"house","houseCode":"dail","houseNo":"34","showAs":"34th D\u00e1il","uri":"https:\/\/data.oireachtas.ie\/ie\/oireachtas\/house\/dail\/34"},"progressStage":3,"showAs":"Committee Stage","stageCompleted":true,"stageOutcome":null,"stageURI":"https:\/\/data.oireachtas.ie\/ie\/oireachtas\/def\/bill-stage\/3","uri":"https:\/\/data.oireachtas.ie\/ie\/oireachtas\/bill\/2025\/70\/stage\/dail\/3"}},{"event":{"chamber":{"chamberCode":"dail","showAs":"D\u00e1il \u00c9ireann","uri":"https:\/\/data.oireachtas.ie\/ie\/oireachtas\/def\/house\/dail"},"dates":[{"date":"2026-03-04"}],"house":{"chamberCode":"dail","chamberType":"house","houseCode":"dail","houseNo":"34","showAs":"34th D\u00e1il","uri":"https:\/\/data.oireachtas.ie\/ie\/oireachtas\/house\/dail\/34"},"progressStage":4,"showAs":"Report Stage","stageCompleted":true,"stageOutcome":null,"stageURI":"https:\/\/data.oireachtas.ie\/ie\/oireachtas\/def\/bill-stage\/4","uri":"https:\/\/data.oireachtas.ie\/ie\/oireachtas\/bill\/2025\/70\/stage\/dail\/4"}},{"event":{"chamber":{"chamberCode":"dail","showAs":"D\u00e1il \u00c9ireann","uri":"https:\/\/data.oireachtas.ie\/ie\/oireachtas\/def\/house\/dail"},"dates":[{"date":"2026-03-04"}],"house":{"chamberCode":"dail","chamberType":"house","houseCode":"dail","houseNo":"34","showAs":"34th D\u00e1il","uri":"https:\/\/data.oireachtas.ie\/ie\/oireachtas\/house\/dail\/34"},"progressStage":5,"showAs":"Fifth Stage","stageCompleted":true,"stageOutcome":null,"stageURI":"https:\/\/data.oireachtas.ie\/ie\/oireachtas\/def\/bill-stage\/5","uri":"https:\/\/data.oireachtas.ie\/ie\/oireachtas\/bill\/2025\/70\/stage\/dail\/5"}},{"event":{"chamber":{"chamberCode":"seanad","showAs":"Seanad \u00c9ireann","uri":"https:\/\/data.oireachtas.ie\/ie\/oireachtas\/def\/house\/seanad"},"dates":[{"date":"2026-03-04"}],"house":{"chamberCode":"seanad","chamberType":"house","houseCode":"seanad","houseNo":"27","showAs":"27th Seanad","uri":"https:\/\/data.oireachtas.ie\/ie\/oireachtas\/house\/seanad\/27"},"progressStage":6,"showAs":"Second Stage","stageCompleted":true,"stageOutcome":null,"stageURI":"https:\/\/data.oireachtas.ie\/ie\/oireachtas\/def\/bill-stage\/2","uri":"https:\/\/data.oireachtas.ie\/ie\/oireachtas\/bill\/2025\/70\/stage\/seanad\/2"}}],"status":"Current","statusURI":"https:\/\/data.oireachtas.ie\/ie\/oireachtas\/def\/bill-status\/published","uri":"https:\/\/data.oireachtas.ie\/ie\/oireachtas\/bill\/2025\/70","versions":[{"version":{"lang":"eng","docType":"bill","showAs":"As Initiated","date":"2025-11-27","formats":{"pdf":{"uri":"https:\/\/data.oireachtas.ie\/ie\/oireachtas\/bill\/2025\/70\/eng\/initiated\/b7025d.pdf"},"xml":null},"uri":"https:\/\/data.oireachtas.ie\/ie\/oireachtas\/bill\/2025\/70\/eng\/initiated"}}]},"contextDate":"2026-03-04","billSort":{"actNoSort":null,"actShortTitleEnSort":null,"actShortTitleGaSort":null,"actYearSort":null,"billNoSort":70,"billShortTitleEnSort":"public-health-single-use-vapes-bill-2025","billShortTitleGaSort":"an-bille-slainte-poibli-galtoitini-aonusaide-2025","billYearSort":2025}},{"bill":{"act":null,"amendmentLists":[],"billNo":"69","billType":"Public","billTypeURI":"https:\/\/data.oireachtas.ie\/ie\/oireachtas\/def\/bill-type\/public","billYear":"2025","debates":[{"chamber":{"showAs":"D\u00e1il \u00c9ireann","uri":"https:\/\/data.oireachtas.ie\/ie\/oireachtas\/def\/house\/dail"},"date":"2025-12-10","debateSectionId":"dbsect_8","showAs":"Dog Welfare (Amendment) Bill 2025: Second Stage [Private Members]","uri":"https:\/\/data.oireachtas.ie\/akn\/ie\/debateRecord\/dail\/2025-12-10\/debate\/main"},{"chamber":{"showAs":"D\u00e1il \u00c9ireann","uri":"https:\/\/data.oireachtas.ie\/ie\/oireachtas\/def\/house\/dail"},"date":"2025-11-20","debateSectionId":"dbsect_39","showAs":"Dog Welfare (Amendment) Bill 2025: First Stage","uri":"https:\/\/data.oireachtas.ie\/akn\/ie\/debateRecord\/dail\/2025-11-20\/debate\/main"}],"events":[{"event":{"chamber":{"chamberCode":"dail","showAs":"D\u00e1il \u00c9ireann","uri":"https:\/\/data.oireachtas.ie\/ie\/oireachtas\/def\/house\/dail"},"dates":[{"date":"2025-11-11"},{"date":"2025-11-11"},{"date":"2025-11-20"}],"eventURI":"https:\/\/data.oireachtas.ie\/ie\/oireachtas\/def\/bill-event\/approved-for-initiation","showAs":"Approved for Initiation","uri":"https:\/\/data.oireachtas.ie\/ie\/oireachtas\/bill\/2025\/69\/approved-for-initiation"}}],"lastUpdated":"2025-11-21T10:43:50.610000+00:00","longTitleEn":"<p>Bill entitled an Act to provide for animal welfare considerations in the operation of dog breeding establishments, including but not limited to a cap on the number of breeding bitches, the age of bitches allowed to breed, the age of pups when removed from their mothers, a staff-to-bitch ratio, and to prohibit the use of surgical artificial insemination; and to provide for related matters.<\/p>","longTitleGa":"<p>Bille d\u00e1 ngairtear Acht do dh\u00e9anamh socr\u00fa maidir le c\u00fains\u00ed a bhaineann le leas ainmhithe in oibri\u00fa bunachas p\u00f3r\u00fach\u00e1in madra\u00ed, lena n-\u00e1ir\u00edtear uasteorainn leis an l\u00edon soitheanna p\u00f3r\u00fach\u00e1in, le haois soitheanna a gcead\u00f3far d\u00f3ibh p\u00f3r\u00fa, le haois coile\u00e1n nuair a scarfar lena m\u00e1ithreacha iad, le c\u00f3imheas idir foireann agus soitheanna, ach gan bheith teoranta don mh\u00e9id sin, agus do thoirmeasc inseamhn\u00fa saorga m\u00e1inliachta a \u00fas\u00e1id; agus do dh\u00e9anamh socr\u00fa i dtaobh nithe gaolmhara.<\/p>","method":"Introduced","methodURI":"https:\/\/data.oireachtas.ie\/ie\/oireachtas\/def\/bill-method\/introduced","mostRecentStage":{"event":{"chamber":{"chamberCode":"dail","showAs":"D\u00e1il \u00c9ireann","uri":"https:\/\/data.oireachtas.ie\/ie\/oireachtas\/def\/house\/dail"},"dates":[{"date":"2025-11-20"}],"house":{"chamberCode":"dail","chamberType":"house","houseCode":"dail","houseNo":"34","showAs":"34th D\u00e1il","uri":"https:\/\/data.oireachtas.ie\/ie\/oireachtas\/house\/dail\/34"},"progressStage":2,"showAs":"Second Stage","stageCompleted":false,"stageOutcome":"Current","stageURI":"https:\/\/data.oireachtas.ie\/ie\/oireachtas\/def\/bill-stage\/2","uri":"https:\/\/data.oireachtas.ie\/ie\/oireachtas\/bill\/2025\/69\/stage\/dail\/2"}},"originHouse":{"showAs":"D\u00e1il \u00c9ireann","uri":"https:\/\/data.oireachtas.ie\/ie\/oireachtas\/def\/house\/dail"},"originHouseURI":"https:\/\/data.oireachtas.ie\/ie\/oireachtas\/def\/house\/dail","relatedDocs":[{"relatedDoc":{"date":"2025-11-20","docType":"memo","formats":{"pdf":{"uri":"https:\/\/data.oireachtas.ie\/ie\/oireachtas\/bill\/2025\/69\/eng\/memo\/b6925d-memo.pdf"},"xml":null},"lang":"eng","showAs":"Explanatory Memorandum","uri":"https:\/\/data.oireachtas.ie\/ie\/oireachtas\/bill\/2025\/69\/eng\/memo"}}],"shortTitleEn":"Dog Welfare (Amendment) Bill 2025","shortTitleGa":"An Bille um Leas Madra\u00ed (Leas\u00fa), 2025","source":"Private Member","sourceURI":"https:\/\/data.oireachtas.ie\/ie\/oireachtas\/def\/bill-source\/private-member","sponsors":[{"sponsor":{"as":{"showAs":null,"uri":null},"by":{"showAs":"Jennifer Whitmore","uri":"https:\/\/data.oireachtas.ie\/ie\/oireachtas\/member\/id\/Jennifer-Whitmore.D.2020-02-08"},"isPrimary":true}}],"stages":[{"event":{"chamber":{"chamberCode":"dail","showAs":"D\u00e1il \u00c9ireann","uri":"https:\/\/data.oireachtas.ie\/ie\/oireachtas\/def\/house\/dail"},"dates":[{"date":"2025-11-11"},{"date":"2025-11-11"},{"date":"2025-11-20"},{"date":"2025-11-20"}],"house":{"chamberCode":"dail","chamberType":"house","houseCode":"dail","houseNo":"34","showAs":"34th D\u00e1il","uri":"https:\/\/data.oireachtas.ie\/ie\/oireachtas\/house\/dail\/34"},"progressStage":1,"showAs":"First Stage","stageCompleted":true,"stageOutcome":null,"stageURI":"https:\/\/data.oireachtas.ie\/ie\/oireachtas\/def\/bill-stage\/1","uri":"https:\/\/data.oireachtas.ie\/ie\/oireachtas\/bill\/2025\/69\/stage\/dail\/1"}},{"event":{"chamber":{"chamberCode":"dail","showAs":"D\u00e1il \u00c9ireann","uri":"https:\/\/data.oireachtas.ie\/ie\/oireachtas\/def\/house\/dail"},"dates":[{"date":"2025-11-20"}],"house":{"chamberCode":"dail","chamberType":"house","houseCode":"dail","houseNo":"34","showAs":"34th D\u00e1il","uri":"https:\/\/data.oireachtas.ie\/ie\/oireachtas\/house\/dail\/34"},"progressStage":2,"showAs":"Second Stage","stageCompleted":false,"stageOutcome":"Current","stageURI":"https:\/\/data.oireachtas.ie\/ie\/oireachtas\/def\/bill-stage\/2","uri":"https:\/\/data.oireachtas.ie\/ie\/oireachtas\/bill\/2025\/69\/stage\/dail\/2"}}],"status":"Current","statusURI":"https:\/\/data.oireachtas.ie\/ie\/oireachtas\/def\/bill-status\/published","uri":"https:\/\/data.oireachtas.ie\/ie\/oireachtas\/bill\/2025\/69","versions":[{"version":{"date":"2025-11-20","docType":"bill","formats":{"pdf":{"uri":"https:\/\/data.oireachtas.ie\/ie\/oireachtas\/bill\/2025\/69\/eng\/initiated\/b6925d.pdf"},"xml":null},"lang":"eng","showAs":"As Initiated","uri":"https:\/\/data.oireachtas.ie\/ie\/oireachtas\/bill\/2025\/69\/eng\/initiated"}}]},"billSort":{"actNoSort":null,"actShortTitleEnSort":null,"actShortTitleGaSort":null,"actYearSort":null,"billNoSort":69,"billShortTitleEnSort":"dog-welfare-amendment-bill-2025","billShortTitleGaSort":"an-bille-um-leas-madrai-leasu-2025","billYearSort":2025},"contextDate":"2025-11-20"},{"bill":{"act":{"actNo":"14","actYear":"2025","dateSigned":"2025-12-10","longTitleEn":"<p>Act to amend the Health Insurance Act 1994 to specify the amount of premium to be paid from the Risk Equalisation Fund in respect of certain classes of insured persons from 1 April 2026; to make certain other amendments to that Act, including to specify the amount of the hospital utilisation credit applicable from 1 April 2026 and to specify the percentage applicable for the purposes of the definitions relating to high cost claims; to amend Schedule 1 to that Act; to make a consequential amendment to the Stamp Duties Consolidation Act 1999; and to provide for related matters.<\/p>","longTitleGa":"<p>Acht do leas\u00fa an Achta \u00c1rachais Sl\u00e1inte, 1994 d\u2019fhonn m\u00e9id na pr\u00e9imhe a \u00edocfar as an gCiste um Chothrom\u00fa Fiontar i leith aicm\u00ed \u00e1irithe daoine \u00e1rachaithe \u00f3n 1 Aibre\u00e1n 2026 a shonr\u00fa; do dh\u00e9anamh leasuithe \u00e1irithe eile ar an Acht sin, lena n-\u00e1ir\u00edtear leasuithe a dh\u00e9anamh air d\u2019fhonn m\u00e9id an chreidmheasa \u00fas\u00e1ide ospid\u00e9il is infheidhme \u00f3n 1 Aibre\u00e1n 2026 a shonr\u00fa agus d\u2019fhonn an c\u00e9atad\u00e1n is infheidhme chun cr\u00edocha na m\u00ednithe a bhaineann le h\u00e9ilimh ardchostais a shonr\u00fa; do dh\u00e9anamh leas\u00fa ar Sceideal 1 a ghabhann leis an Acht sin; do dh\u00e9anamh leas\u00fa iarmhartach ar an Acht Comhdhl\u00faite Dleachtanna Stampa, 1999; agus do dh\u00e9anamh socr\u00fa i dtaobh nithe gaolmhara.<\/p>","shortTitleEn":"Health Insurance (Amendment) Act 2025","shortTitleGa":"An tAcht \u00c1rachais Sl\u00e1inte (Leas\u00fa), 2025","statutebookURI":"http:\/\/www.irishstatutebook.ie\/eli\/2025\/act\/14","uri":"https:\/\/data.oireachtas.ie\/ie\/oireachtas\/act\/2025\/14"},"amendmentLists":[{"amendmentList":{"amendmentTypeUri":{"uri":"https:\/\/data.oireachtas.ie\/ie\/oireachtas\/def\/amendment-type\/numberedList"},"chamber":{"showAs":"Seanad","uri":"https:\/\/data.oireachtas.ie\/ie\/oireachtas\/def\/seanad"},"date":"2025-12-04","formats":{"pdf":{"uri":"https:\/\/data.oireachtas.ie\/ie\/oireachtas\/bill\/2025\/68\/seanad\/3\/amendment\/numberedList\/eng\/b6825d-scnl.pdf"},"xml":null},"showAs":"Numbered List [Seanad]","stage":{"showAs":"Committee Stage","uri":"https:\/\/data.oireachtas.ie\/ie\/oireachtas\/bill\/2025\/68\/seanad\/3"},"stageNo":"3"}},{"amendmentList":{"amendmentTypeUri":{"uri":"https:\/\/data.oireachtas.ie\/ie\/oireachtas\/def\/amendment-type\/numberedList"},"chamber":{"showAs":"Dail","uri":"https:\/\/data.oireachtas.ie\/ie\/oireachtas\/def\/dail"},"date":"2025-11-25","formats":{"pdf":{"uri":"https:\/\/data.oireachtas.ie\/ie\/oireachtas\/bill\/2025\/68\/dail\/3\/amendment\/numberedList\/eng\/b6825d-nl.pdf"},"xml":null},"showAs":"Numbered List [D\u00e1il]","stage":{"showAs":"Committee Stage","uri":"https:\/\/data.oireachtas.ie\/ie\/oireachtas\/bill\/2025\/68\/dail\/3"},"stageNo":"3"}}],"billNo":"68","billType":"Public","billTypeURI":"https:\/\/data.oireachtas.ie\/ie\/oireachtas\/def\/bill-type\/public","billYear":"2025","debates":[{"chamber":{"showAs":"D\u00e1il \u00c9ireann","uri":"https:\/\/data.oireachtas.ie\/ie\/oireachtas\/def\/house\/dail"},"date":"2026-06-17","debateSectionId":"dbsect_14","showAs":"Health (Amendment) Bill 2026: First Stage","uri":"https:\/\/data.oireachtas.ie\/akn\/ie\/debateRecord\/dail\/2026-06-17\/debate\/main"},{"chamber":{"showAs":"Seanad \u00c9ireann","uri":"https:\/\/data.oireachtas.ie\/ie\/oireachtas\/def\/house\/seanad"},"date":"2025-12-04","debateSectionId":"dbsect_10","showAs":"Health Insurance (Amendment) Bill 2025: Second Stage","uri":"https:\/\/data.oireachtas.ie\/akn\/ie\/debateRecord\/seanad\/2025-12-04\/debate\/main"},{"chamber":{"showAs":"Seanad \u00c9ireann","uri":"https:\/\/data.oireachtas.ie\/ie\/oireachtas\/def\/house\/seanad"},"date":"2025-12-04","debateSectionId":"dbsect_11","showAs":"Health Insurance (Amendment) Bill 2025: Committee and Remaining Stages","uri":"https:\/\/data.oireachtas.ie\/akn\/ie\/debateRecord\/seanad\/2025-12-04\/debate\/main"},{"chamber":{"showAs":"D\u00e1il \u00c9ireann","uri":"https:\/\/data.oireachtas.ie\/ie\/oireachtas\/def\/house\/dail"},"date":"2025-11-26","debateSectionId":"dbsect_23","showAs":"Health Insurance (Amendment) Bill 2025: Financial Resolution","uri":"https:\/\/data.oireachtas.ie\/akn\/ie\/debateRecord\/dail\/2025-11-26\/debate\/main"},{"chamber":{"showAs":"D\u00e1il \u00c9ireann","uri":"https:\/\/data.oireachtas.ie\/ie\/oireachtas\/def\/house\/dail"},"date":"2025-11-26","debateSectionId":"dbsect_24","showAs":"Health Insurance (Amendment) Bill 2025: Committee and Remaining Stages","uri":"https:\/\/data.oireachtas.ie\/akn\/ie\/debateRecord\/dail\/2025-11-26\/debate\/main"},{"chamber":{"showAs":"D\u00e1il \u00c9ireann","uri":"https:\/\/data.oireachtas.ie\/ie\/oireachtas\/def\/house\/dail"},"date":"2025-11-25","debateSectionId":"dbsect_25","showAs":"Health Insurance (Amendment) Bill 2025: Second Stage","uri":"https:\/\/data.oireachtas.ie\/akn\/ie\/debateRecord\/dail\/2025-11-25\/debate\/main"}],"events":[{"event":{"chamber":{"chamberCode":"dail","showAs":"D\u00e1il \u00c9ireann","uri":"https:\/\/data.oireachtas.ie\/ie\/oireachtas\/def\/house\/dail"},"dates":[{"date":"2025-11-18"},{"date":"2025-12-10"}],"eventURI":"https:\/\/data.oireachtas.ie\/ie\/oireachtas\/def\/bill-event\/published","showAs":"Published","uri":"https:\/\/data.oireachtas.ie\/ie\/oireachtas\/bill\/2025\/68\/published"}},{"event":{"chamber":null,"dates":[{"date":"2025-12-10"}],"eventURI":"https:\/\/data.oireachtas.ie\/ie\/oireachtas\/def\/bill-event\/enacted","showAs":"Enacted","uri":"https:\/\/data.oireachtas.ie\/ie\/oireachtas\/bill\/2025\/68\/enacted"}}],"lastUpdated":"2026-01-20T16:14:00.880000+00:00","longTitleEn":"<p>Bill entitled an Act to amend the Health Insurance Act 1994 to specify the amount of premium to be paid from the Risk Equalisation Fund in respect of certain classes of insured persons from 1 April 2026; to make certain other amendments to that Act, including to specify the amount of the hospital utilisation credit applicable from 1 April 2026 and to specify the percentage applicable for the purposes of the definitions relating to high cost claims; to amend Schedule 1 to that Act; to make a consequential amendment to the Stamp Duties Consolidation Act 1999; and to provide for related matters.<\/p>","longTitleGa":"<p>Bille d\u00e1 ngairtear Acht do leas\u00fa an Achta \u00c1rachais Sl\u00e1inte, 1994 d\u2019fhonn m\u00e9id na pr\u00e9imhe a \u00edocfar as an gCiste um Chothrom\u00fa Fiontar i leith aicm\u00ed \u00e1irithe daoine \u00e1rachaithe \u00f3n 1 Aibre\u00e1n 2026 a shonr\u00fa; do dh\u00e9anamh leasuithe \u00e1irithe eile ar an Acht sin, lena n-\u00e1ir\u00edtear leasuithe a dh\u00e9anamh air d\u2019fhonn m\u00e9id an chreidmheasa \u00fas\u00e1ide ospid\u00e9il is infheidhme \u00f3n 1 Aibre\u00e1n 2026 a shonr\u00fa agus d\u2019fhonn an c\u00e9atad\u00e1n is infheidhme chun cr\u00edocha na m\u00ednithe a bhaineann le h\u00e9ilimh ardchostais a shonr\u00fa; do dh\u00e9anamh leas\u00fa ar Sceideal 1 a ghabhann leis an Acht sin; do dh\u00e9anamh leas\u00fa iarmhartach ar an Acht Comhdhl\u00faite Dleachtanna Stampa, 1999; agus do dh\u00e9anamh socr\u00fa i dtaobh nithe gaolmhara.<\/p>","method":"Presented","methodURI":"https:\/\/data.oireachtas.ie\/ie\/oireachtas\/def\/bill-method\/presented","mostRecentStage":{"event":{"chamber":null,"dates":[{"date":"2025-12-10"}],"house":null,"progressStage":10,"showAs":"Enacted","stageCompleted":true,"stageOutcome":"Enacted","stageURI":"https:\/\/data.oireachtas.ie\/ie\/oireachtas\/def\/bill-stage\/enacted","uri":"https:\/\/data.oireachtas.ie\/ie\/oireachtas\/bill\/2025\/68\/stage\/oireachtas\/enacted"}},"originHouse":{"showAs":"D\u00e1il \u00c9ireann","uri":"https:\/\/data.oireachtas.ie\/ie\/oireachtas\/def\/house\/dail"},"originHouseURI":"https:\/\/data.oireachtas.ie\/ie\/oireachtas\/def\/house\/dail","relatedDocs":[{"relatedDoc":{"date":"2025-11-24","docType":"gluais","formats":{"pdf":{"uri":"https:\/\/data.oireachtas.ie\/ie\/oireachtas\/bill\/2025\/68\/mul\/gluais\/gluais-19-2025-an-bille-arachais-slainte-leasu-2025.pdf"},"xml":null},"lang":"mul","showAs":"Glossary\/Gluais","uri":"https:\/\/data.oireachtas.ie\/ie\/oireachtas\/bill\/2025\/68\/mul\/gluais"}},{"relatedDoc":{"date":"2025-11-18","docType":"memo","formats":{"pdf":{"uri":"https:\/\/data.oireachtas.ie\/ie\/oireachtas\/bill\/2025\/68\/eng\/memo\/b6825d-memo.pdf"},"xml":null},"lang":"eng","showAs":"Explanatory Memorandum","uri":"https:\/\/data.oireachtas.ie\/ie\/oireachtas\/bill\/2025\/68\/eng\/memo"}}],"shortTitleEn":"Health Insurance (Amendment) Bill 2025","shortTitleGa":"An Bille \u00c1rachais Sl\u00e1inte (Leas\u00fa), 2025","source":"Government","sourceURI":"https:\/\/data.oireachtas.ie\/ie\/oireachtas\/def\/bill-source\/government","sponsors":[{"sponsor":{"isPrimary":true,"as":{"showAs":"Minister for Health","uri":null},"by":{"showAs":null,"uri":null}}}],"stages":[{"event":{"chamber":{"chamberCode":"dail","showAs":"D\u00e1il \u00c9ireann","uri":"https:\/\/data.oireachtas.ie\/ie\/oireachtas\/def\/house\/dail"},"dates":[{"date":"2025-11-18"},{"date":"2025-11-18"}],"house":{"chamberCode":"dail","chamberType":"house","houseCode":"dail","houseNo":"34","showAs":"34th D\u00e1il","uri":"https:\/\/data.oireachtas.ie\/ie\/oireachtas\/house\/dail\/34"},"progressStage":1,"showAs":"First Stage","stageCompleted":true,"stageOutcome":null,"stageURI":"https:\/\/data.oireachtas.ie\/ie\/oireachtas\/def\/bill-stage\/1","uri":"https:\/\/data.oireachtas.ie\/ie\/oireachtas\/bill\/2025\/68\/stage\/dail\/1"}},{"event":{"chamber":{"chamberCode":"dail","showAs":"D\u00e1il \u00c9ireann","uri":"https:\/\/data.oireachtas.ie\/ie\/oireachtas\/def\/house\/dail"},"dates":[{"date":"2025-11-18"}],"house":{"chamberCode":"dail","chamberType":"house","houseCode":"dail","houseNo":"34","showAs":"34th D\u00e1il","uri":"https:\/\/data.oireachtas.ie\/ie\/oireachtas\/house\/dail\/34"},"progressStage":2,"showAs":"Second Stage","stageCompleted":true,"stageOutcome":null,"stageURI":"https:\/\/data.oireachtas.ie\/ie\/oireachtas\/def\/bill-stage\/2","uri":"https:\/\/data.oireachtas.ie\/ie\/oireachtas\/bill\/2025\/68\/stage\/dail\/2"}},{"event":{"chamber":{"chamberCode":"dail","showAs":"D\u00e1il \u00c9ireann","uri":"https:\/\/data.oireachtas.ie\/ie\/oireachtas\/def\/house\/dail"},"dates":[{"date":"2025-11-25"}],"house":{"chamberCode":"dail","chamberType":"house","houseCode":"dail","houseNo":"34","showAs":"34th D\u00e1il","uri":"https:\/\/data.oireachtas.ie\/ie\/oireachtas\/house\/dail\/34"},"progressStage":3,"showAs":"Committee Stage","stageCompleted":true,"stageOutcome":null,"stageURI":"https:\/\/data.oireachtas.ie\/ie\/oireachtas\/def\/bill-stage\/3","uri":"https:\/\/data.oireachtas.ie\/ie\/oireachtas\/bill\/2025\/68\/stage\/dail\/3"}},{"event":{"chamber":{"chamberCode":"dail","showAs":"D\u00e1il \u00c9ireann","uri":"https:\/\/data.oireachtas.ie\/ie\/oireachtas\/def\/house\/dail"},"dates":[{"date":"2025-11-26"}],"house":{"chamberCode":"dail","chamberType":"house","houseCode":"dail","houseNo":"34","showAs":"34th D\u00e1il","uri":"https:\/\/data.oireachtas.ie\/ie\/oireachtas\/house\/dail\/34"},"progressStage":4,"showAs":"Report Stage","stageCompleted":true,"stageOutcome":null,"stageURI":"https:\/\/data.oireachtas.ie\/ie\/oireachtas\/def\/bill-stage\/4","uri":"https:\/\/data.oireachtas.ie\/ie\/oireachtas\/bill\/2025\/68\/stage\/dail\/4"}},{"event":{"chamber":{"chamberCode":"dail","showAs":"D\u00e1il \u00c9ireann","uri":"https:\/\/data.oireachtas.ie\/ie\/oireachtas\/def\/house\/dail"},"dates":[{"date":"2025-11-26"}],"house":{"chamberCode":"dail","chamberType":"house","houseCode":"dail","houseNo":"34","showAs":"34th D\u00e1il","uri":"https:\/\/data.oireachtas.ie\/ie\/oireachtas\/house\/dail\/34"},"progressStage":5,"showAs":"Fifth Stage","stageCompleted":true,"stageOutcome":null,"stageURI":"https:\/\/data.oireachtas.ie\/ie\/oireachtas\/def\/bill-stage\/5","uri":"https:\/\/data.oireachtas.ie\/ie\/oireachtas\/bill\/2025\/68\/stage\/dail\/5"}},{"event":{"chamber":{"chamberCode":"seanad","showAs":"Seanad \u00c9ireann","uri":"https:\/\/data.oireachtas.ie\/ie\/oireachtas\/def\/house\/seanad"},"dates":[{"date":"2025-12-04"}],"house":{"chamberCode":"seanad","chamberType":"house","houseCode":"seanad","houseNo":"27","showAs":"27th Seanad","uri":"https:\/\/data.oireachtas.ie\/ie\/oireachtas\/house\/seanad\/27"},"progressStage":6,"showAs":"Second Stage","stageCompleted":true,"stageOutcome":null,"stageURI":"https:\/\/data.oireachtas.ie\/ie\/oireachtas\/def\/bill-stage\/2","uri":"https:\/\/data.oireachtas.ie\/ie\/oireachtas\/bill\/2025\/68\/stage\/seanad\/2"}},{"event":{"chamber":{"chamberCode":"seanad","showAs":"Seanad \u00c9ireann","uri":"https:\/\/data.oireachtas.ie\/ie\/oireachtas\/def\/house\/seanad"},"dates":[{"date":"2025-12-04"}],"house":{"chamberCode":"seanad","chamberType":"house","houseCode":"seanad","houseNo":"27","showAs":"27th Seanad","uri":"https:\/\/data.oireachtas.ie\/ie\/oireachtas\/house\/seanad\/27"},"progressStage":7,"showAs":"Committee Stage","stageCompleted":true,"stageOutcome":null,"stageURI":"https:\/\/data.oireachtas.ie\/ie\/oireachtas\/def\/bill-stage\/3","uri":"https:\/\/data.oireachtas.ie\/ie\/oireachtas\/bill\/2025\/68\/stage\/seanad\/3"}},{"event":{"chamber":{"chamberCode":"seanad","showAs":"Seanad \u00c9ireann","uri":"https:\/\/data.oireachtas.ie\/ie\/oireachtas\/def\/house\/seanad"},"dates":[{"date":"2025-12-04"}],"house":{"chamberCode":"seanad","chamberType":"house","houseCode":"seanad","houseNo":"27","showAs":"27th Seanad","uri":"https:\/\/data.oireachtas.ie\/ie\/oireachtas\/house\/seanad\/27"},"progressStage":8,"showAs":"Report Stage","stageCompleted":true,"stageOutcome":null,"stageURI":"https:\/\/data.oireachtas.ie\/ie\/oireachtas\/def\/bill-stage\/4","uri":"https:\/\/data.oireachtas.ie\/ie\/oireachtas\/bill\/2025\/68\/stage\/seanad\/4"}},{"event":{"chamber":{"chamberCode":"seanad","showAs":"Seanad \u00c9ireann","uri":"https:\/\/data.oireachtas.ie\/ie\/oireachtas\/def\/house\/seanad"},"dates":[{"date":"2025-12-04"}],"house":{"chamberCode":"seanad","chamberType":"house","houseCode":"seanad","houseNo":"27","showAs":"27th Seanad","uri":"https:\/\/data.oireachtas.ie\/ie\/oireachtas\/house\/seanad\/27"},"progressStage":9,"showAs":"Fifth Stage","stageCompleted":true,"stageOutcome":null,"stageURI":"https:\/\/data.oireachtas.ie\/ie\/oireachtas\/def\/bill-stage\/5","uri":"https:\/\/data.oireachtas.ie\/ie\/oireachtas\/bill\/2025\/68\/stage\/seanad\/5"}},{"event":{"chamber":null,"dates":[{"date":"2025-12-10"}],"house":null,"progressStage":10,"showAs":"Enacted","stageCompleted":true,"stageOutcome":"Enacted","stageURI":"https:\/\/data.oireachtas.ie\/ie\/oireachtas\/def\/bill-stage\/enacted","uri":"https:\/\/data.oireachtas.ie\/ie\/oireachtas\/bill\/2025\/68\/stage\/oireachtas\/enacted"}}],"status":"Enacted","statusURI":"https:\/\/data.oireachtas.ie\/ie\/oireachtas\/def\/bill-status\/enacted","uri":"https:\/\/data.oireachtas.ie\/ie\/oireachtas\/bill\/2025\/68","versions":[{"version":{"lang":"eng","docType":"act","showAs":"Health Insurance (Amendment) Act 2025","date":"2025-12-10","formats":{"pdf":{"uri":"https:\/\/data.oireachtas.ie\/ie\/oireachtas\/act\/2025\/14\/eng\/enacted\/a1425.pdf"},"xml":null},"uri":"https:\/\/data.oireachtas.ie\/ie\/oireachtas\/act\/2025\/14\/eng\/enacted"}},{"version":{"lang":"eng","docType":"bill","showAs":"As Initiated","date":"2025-11-18","formats":{"pdf":{"uri":"https:\/\/data.oireachtas.ie\/ie\/oireachtas\/bill\/2025\/68\/eng\/initiated\/b6825d.pdf"},"xml":null},"uri":"https:\/\/data.oireachtas.ie\/ie\/oireachtas\/bill\/2025\/68\/eng\/initiated"}}]},"contextDate":"2025-12-10","billSort":{"actNoSort":14,"actShortTitleEnSort":"health-insurance-amendment-act-2025","actShortTitleGaSort":"an-tacht-arachais-slainte-leasu-2025","actYearSort":2025,"billNoSort":68,"billShortTitleEnSort":"health-insurance-amendment-bill-2025","billShortTitleGaSort":"an-bille-arachais-slainte-leasu-2025","billYearSort":2025}},{"bill":{"act":{"actNo":"15","actYear":"2025","dateSigned":"2025-12-16","longTitleEn":"<p>Act to amend and extend the Irish Film Board Act 1980.<\/p>","longTitleGa":"<p>Acht do leas\u00fa agus do leathn\u00fa an Achta um Bord Scann\u00e1n na h\u00c9ireann, 1980.<\/p>","shortTitleEn":"Irish Film Board (Amendment) Act 2025","shortTitleGa":"An tAcht um Bord Scann\u00e1n na h\u00c9ireann (Leas\u00fa), 2025","statutebookURI":"http:\/\/www.irishstatutebook.ie\/eli\/2025\/act\/15","uri":"https:\/\/data.oireachtas.ie\/ie\/oireachtas\/act\/2025\/15"},"amendmentLists":[{"amendmentList":{"amendmentTypeUri":{"uri":"https:\/\/data.oireachtas.ie\/ie\/oireachtas\/def\/amendment-type\/numberedList"},"chamber":{"showAs":"Dail","uri":"https:\/\/data.oireachtas.ie\/ie\/oireachtas\/def\/dail"},"date":"2025-12-09","formats":{"pdf":{"uri":"https:\/\/data.oireachtas.ie\/ie\/oireachtas\/bill\/2025\/67\/dail\/3\/amendment\/numberedList\/eng\/b6725s-dcnl.pdf"},"xml":null},"showAs":"Numbered List [D\u00e1il]","stage":{"showAs":"Committee Stage","uri":"https:\/\/data.oireachtas.ie\/ie\/oireachtas\/bill\/2025\/67\/dail\/3"},"stageNo":"3"}}],"billNo":"67","billType":"Public","billTypeURI":"https:\/\/data.oireachtas.ie\/ie\/oireachtas\/def\/bill-type\/public","billYear":"2025","debates":[{"chamber":{"showAs":"D\u00e1il \u00c9ireann","uri":"https:\/\/data.oireachtas.ie\/ie\/oireachtas\/def\/house\/dail"},"date":"2025-12-10","debateSectionId":"dbsect_19","showAs":"Irish Film Board (Amendment) Bill 2025 [Seanad]: Committee and Remaining Stages","uri":"https:\/\/data.oireachtas.ie\/akn\/ie\/debateRecord\/dail\/2025-12-10\/debate\/main"},{"chamber":{"showAs":"D\u00e1il \u00c9ireann","uri":"https:\/\/data.oireachtas.ie\/ie\/oireachtas\/def\/house\/dail"},"date":"2025-12-04","debateSectionId":"dbsect_37","showAs":"Irish Film Board (Amendment) Bill 2025 [Seanad]: Second Stage","uri":"https:\/\/data.oireachtas.ie\/akn\/ie\/debateRecord\/dail\/2025-12-04\/debate\/main"},{"chamber":{"showAs":"D\u00e1il \u00c9ireann","uri":"https:\/\/data.oireachtas.ie\/ie\/oireachtas\/def\/house\/dail"},"date":"2025-12-04","debateSectionId":"dbsect_39","showAs":"Irish Film Board (Amendment) Bill 2025 [Seanad]: Second Stage (Resumed)","uri":"https:\/\/data.oireachtas.ie\/akn\/ie\/debateRecord\/dail\/2025-12-04\/debate\/main"},{"chamber":{"showAs":"Seanad \u00c9ireann","uri":"https:\/\/data.oireachtas.ie\/ie\/oireachtas\/def\/house\/seanad"},"date":"2025-11-26","debateSectionId":"dbsect_23","showAs":"Irish Film Board (Amendment) Bill 2025: Committee and Remaining Stages","uri":"https:\/\/data.oireachtas.ie\/akn\/ie\/debateRecord\/seanad\/2025-11-26\/debate\/main"},{"chamber":{"showAs":"Seanad \u00c9ireann","uri":"https:\/\/data.oireachtas.ie\/ie\/oireachtas\/def\/house\/seanad"},"date":"2025-11-19","debateSectionId":"dbsect_10","showAs":"Irish Film Board (Amendment) Bill 2025: Second Stage","uri":"https:\/\/data.oireachtas.ie\/akn\/ie\/debateRecord\/seanad\/2025-11-19\/debate\/main"},{"chamber":{"showAs":"Seanad \u00c9ireann","uri":"https:\/\/data.oireachtas.ie\/ie\/oireachtas\/def\/house\/seanad"},"date":"2025-11-19","debateSectionId":"dbsect_9","showAs":"Irish Film Board (Amendment) Bill 2025: Order for Second Stage","uri":"https:\/\/data.oireachtas.ie\/akn\/ie\/debateRecord\/seanad\/2025-11-19\/debate\/main"}],"events":[{"event":{"chamber":{"chamberCode":"seanad","showAs":"Seanad \u00c9ireann","uri":"https:\/\/data.oireachtas.ie\/ie\/oireachtas\/def\/house\/seanad"},"dates":[{"date":"2025-11-14"},{"date":"2025-12-16"}],"eventURI":"https:\/\/data.oireachtas.ie\/ie\/oireachtas\/def\/bill-event\/published","showAs":"Published","uri":"https:\/\/data.oireachtas.ie\/ie\/oireachtas\/bill\/2025\/67\/published"}},{"event":{"chamber":null,"dates":[{"date":"2025-12-16"}],"eventURI":"https:\/\/data.oireachtas.ie\/ie\/oireachtas\/def\/bill-event\/enacted","showAs":"Enacted","uri":"https:\/\/data.oireachtas.ie\/ie\/oireachtas\/bill\/2025\/67\/enacted"}}],"lastUpdated":"2025-12-22T13:14:41.240000+00:00","longTitleEn":"<p>Bill entitled an Act to amend and extend the Irish Film Board Act 1980.<\/p>","longTitleGa":"<p>Bille d\u00e1 ngairtear Acht do leas\u00fa agus do leathn\u00fa an Achta um Bord Scann\u00e1n na h\u00c9ireann, 1980.<\/p>","method":"Presented","methodURI":"https:\/\/data.oireachtas.ie\/ie\/oireachtas\/def\/bill-method\/presented","mostRecentStage":{"event":{"chamber":null,"dates":[{"date":"2025-12-16"}],"house":null,"progressStage":10,"showAs":"Enacted","stageCompleted":true,"stageOutcome":"Enacted","stageURI":"https:\/\/data.oireachtas.ie\/ie\/oireachtas\/def\/bill-stage\/enacted","uri":"https:\/\/data.oireachtas.ie\/ie\/oireachtas\/bill\/2025\/67\/stage\/oireachtas\/enacted"}},"originHouse":{"showAs":"Seanad \u00c9ireann","uri":"https:\/\/data.oireachtas.ie\/ie\/oireachtas\/def\/house\/seanad"},"originHouseURI":"https:\/\/data.oireachtas.ie\/ie\/oireachtas\/def\/house\/seanad","relatedDocs":[{"relatedDoc":{"date":"2025-11-14","docType":"memo","formats":{"pdf":{"uri":"https:\/\/data.oireachtas.ie\/ie\/oireachtas\/bill\/2025\/67\/eng\/memo\/b6725s-memo.pdf"},"xml":null},"lang":"eng","showAs":"Explanatory Memorandum","uri":"https:\/\/data.oireachtas.ie\/ie\/oireachtas\/bill\/2025\/67\/eng\/memo"}}],"shortTitleEn":"Irish Film Board (Amendment) Bill 2025","shortTitleGa":"An Bille um Bord Scann\u00e1n na h\u00c9ireann (Leas\u00fa), 2025","source":"Government","sourceURI":"https:\/\/data.oireachtas.ie\/ie\/oireachtas\/def\/bill-source\/government","sponsors":[{"sponsor":{"isPrimary":true,"as":{"showAs":"Minister for Culture, Communications and Sport","uri":null},"by":{"showAs":null,"uri":null}}}],"stages":[{"event":{"chamber":{"chamberCode":"seanad","showAs":"Seanad \u00c9ireann","uri":"https:\/\/data.oireachtas.ie\/ie\/oireachtas\/def\/house\/seanad"},"dates":[{"date":"2025-11-14"},{"date":"2025-11-14"}],"house":{"chamberCode":"seanad","chamberType":"house","houseCode":"seanad","houseNo":"27","showAs":"27th Seanad","uri":"https:\/\/data.oireachtas.ie\/ie\/oireachtas\/house\/seanad\/27"},"progressStage":1,"showAs":"First Stage","stageCompleted":true,"stageOutcome":null,"stageURI":"https:\/\/data.oireachtas.ie\/ie\/oireachtas\/def\/bill-stage\/1","uri":"https:\/\/data.oireachtas.ie\/ie\/oireachtas\/bill\/2025\/67\/stage\/seanad\/1"}},{"event":{"chamber":{"chamberCode":"seanad","showAs":"Seanad \u00c9ireann","uri":"https:\/\/data.oireachtas.ie\/ie\/oireachtas\/def\/house\/seanad"},"dates":[{"date":"2025-11-19"}],"house":{"chamberCode":"seanad","chamberType":"house","houseCode":"seanad","houseNo":"27","showAs":"27th Seanad","uri":"https:\/\/data.oireachtas.ie\/ie\/oireachtas\/house\/seanad\/27"},"progressStage":2,"showAs":"Second Stage","stageCompleted":true,"stageOutcome":null,"stageURI":"https:\/\/data.oireachtas.ie\/ie\/oireachtas\/def\/bill-stage\/2","uri":"https:\/\/data.oireachtas.ie\/ie\/oireachtas\/bill\/2025\/67\/stage\/seanad\/2"}},{"event":{"chamber":{"chamberCode":"seanad","showAs":"Seanad \u00c9ireann","uri":"https:\/\/data.oireachtas.ie\/ie\/oireachtas\/def\/house\/seanad"},"dates":[{"date":"2025-11-26"}],"house":{"chamberCode":"seanad","chamberType":"house","houseCode":"seanad","houseNo":"27","showAs":"27th Seanad","uri":"https:\/\/data.oireachtas.ie\/ie\/oireachtas\/house\/seanad\/27"},"progressStage":3,"showAs":"Committee Stage","stageCompleted":true,"stageOutcome":null,"stageURI":"https:\/\/data.oireachtas.ie\/ie\/oireachtas\/def\/bill-stage\/3","uri":"https:\/\/data.oireachtas.ie\/ie\/oireachtas\/bill\/2025\/67\/stage\/seanad\/3"}},{"event":{"chamber":{"chamberCode":"seanad","showAs":"Seanad \u00c9ireann","uri":"https:\/\/data.oireachtas.ie\/ie\/oireachtas\/def\/house\/seanad"},"dates":[{"date":"2025-11-26"}],"house":{"chamberCode":"seanad","chamberType":"house","houseCode":"seanad","houseNo":"27","showAs":"27th Seanad","uri":"https:\/\/data.oireachtas.ie\/ie\/oireachtas\/house\/seanad\/27"},"progressStage":4,"showAs":"Report Stage","stageCompleted":true,"stageOutcome":null,"stageURI":"https:\/\/data.oireachtas.ie\/ie\/oireachtas\/def\/bill-stage\/4","uri":"https:\/\/data.oireachtas.ie\/ie\/oireachtas\/bill\/2025\/67\/stage\/seanad\/4"}},{"event":{"chamber":{"chamberCode":"seanad","showAs":"Seanad \u00c9ireann","uri":"https:\/\/data.oireachtas.ie\/ie\/oireachtas\/def\/house\/seanad"},"dates":[{"date":"2025-11-26"}],"house":{"chamberCode":"seanad","chamberType":"house","houseCode":"seanad","houseNo":"27","showAs":"27th Seanad","uri":"https:\/\/data.oireachtas.ie\/ie\/oireachtas\/house\/seanad\/27"},"progressStage":5,"showAs":"Fifth Stage","stageCompleted":true,"stageOutcome":null,"stageURI":"https:\/\/data.oireachtas.ie\/ie\/oireachtas\/def\/bill-stage\/5","uri":"https:\/\/data.oireachtas.ie\/ie\/oireachtas\/bill\/2025\/67\/stage\/seanad\/5"}},{"event":{"chamber":{"chamberCode":"dail","showAs":"D\u00e1il \u00c9ireann","uri":"https:\/\/data.oireachtas.ie\/ie\/oireachtas\/def\/house\/dail"},"dates":[{"date":"2025-12-04"}],"house":{"chamberCode":"dail","chamberType":"house","houseCode":"dail","houseNo":"34","showAs":"34th D\u00e1il","uri":"https:\/\/data.oireachtas.ie\/ie\/oireachtas\/house\/dail\/34"},"progressStage":6,"showAs":"Second Stage","stageCompleted":true,"stageOutcome":null,"stageURI":"https:\/\/data.oireachtas.ie\/ie\/oireachtas\/def\/bill-stage\/2","uri":"https:\/\/data.oireachtas.ie\/ie\/oireachtas\/bill\/2025\/67\/stage\/dail\/2"}},{"event":{"chamber":{"chamberCode":"dail","showAs":"D\u00e1il \u00c9ireann","uri":"https:\/\/data.oireachtas.ie\/ie\/oireachtas\/def\/house\/dail"},"dates":[{"date":"2025-12-04"}],"house":{"chamberCode":"dail","chamberType":"house","houseCode":"dail","houseNo":"34","showAs":"34th D\u00e1il","uri":"https:\/\/data.oireachtas.ie\/ie\/oireachtas\/house\/dail\/34"},"progressStage":7,"showAs":"Committee Stage","stageCompleted":true,"stageOutcome":null,"stageURI":"https:\/\/data.oireachtas.ie\/ie\/oireachtas\/def\/bill-stage\/3","uri":"https:\/\/data.oireachtas.ie\/ie\/oireachtas\/bill\/2025\/67\/stage\/dail\/3"}},{"event":{"chamber":{"chamberCode":"dail","showAs":"D\u00e1il \u00c9ireann","uri":"https:\/\/data.oireachtas.ie\/ie\/oireachtas\/def\/house\/dail"},"dates":[{"date":"2025-12-10"}],"house":{"chamberCode":"dail","chamberType":"house","houseCode":"dail","houseNo":"34","showAs":"34th D\u00e1il","uri":"https:\/\/data.oireachtas.ie\/ie\/oireachtas\/house\/dail\/34"},"progressStage":8,"showAs":"Report Stage","stageCompleted":true,"stageOutcome":null,"stageURI":"https:\/\/data.oireachtas.ie\/ie\/oireachtas\/def\/bill-stage\/4","uri":"https:\/\/data.oireachtas.ie\/ie\/oireachtas\/bill\/2025\/67\/stage\/dail\/4"}},{"event":{"chamber":{"chamberCode":"dail","showAs":"D\u00e1il \u00c9ireann","uri":"https:\/\/data.oireachtas.ie\/ie\/oireachtas\/def\/house\/dail"},"dates":[{"date":"2025-12-10"}],"house":{"chamberCode":"dail","chamberType":"house","houseCode":"dail","houseNo":"34","showAs":"34th D\u00e1il","uri":"https:\/\/data.oireachtas.ie\/ie\/oireachtas\/house\/dail\/34"},"progressStage":9,"showAs":"Fifth Stage","stageCompleted":true,"stageOutcome":null,"stageURI":"https:\/\/data.oireachtas.ie\/ie\/oireachtas\/def\/bill-stage\/5","uri":"https:\/\/data.oireachtas.ie\/ie\/oireachtas\/bill\/2025\/67\/stage\/dail\/5"}},{"event":{"chamber":null,"dates":[{"date":"2025-12-16"}],"house":null,"progressStage":10,"showAs":"Enacted","stageCompleted":true,"stageOutcome":"Enacted","stageURI":"https:\/\/data.oireachtas.ie\/ie\/oireachtas\/def\/bill-stage\/enacted","uri":"https:\/\/data.oireachtas.ie\/ie\/oireachtas\/bill\/2025\/67\/stage\/oireachtas\/enacted"}}],"status":"Enacted","statusURI":"https:\/\/data.oireachtas.ie\/ie\/oireachtas\/def\/bill-status\/enacted","uri":"https:\/\/data.oireachtas.ie\/ie\/oireachtas\/bill\/2025\/67","versions":[{"version":{"lang":"eng","docType":"act","showAs":"Irish Film Board (Amendment) Act 2025","date":"2025-12-16","formats":{"pdf":{"uri":"https:\/\/data.oireachtas.ie\/ie\/oireachtas\/act\/2025\/15\/eng\/enacted\/a1525.pdf"},"xml":null},"uri":"https:\/\/data.oireachtas.ie\/ie\/oireachtas\/act\/2025\/15\/eng\/enacted"}},{"version":{"lang":"eng","docType":"bill","showAs":"As Initiated","date":"2025-11-14","formats":{"pdf":{"uri":"https:\/\/data.oireachtas.ie\/ie\/oireachtas\/bill\/2025\/67\/eng\/initiated\/b6725s.pdf"},"xml":null},"uri":"https:\/\/data.oireachtas.ie\/ie\/oireachtas\/bill\/2025\/67\/eng\/initiated"}}]},"contextDate":"2025-12-16","billSort":{"actNoSort":15,"actShortTitleEnSort":"irish-film-board-amendment-act-2025","actShortTitleGaSort":"an-tacht-um-bord-scannan-na-heireann-leasu-2025","actYearSort":2025,"billNoSort":67,"billShortTitleEnSort":"irish-film-board-amendment-bill-2025","billShortTitleGaSort":"an-bille-um-bord-scannan-na-heireann-leasu-2025","billYearSort":2025}},{"bill":{"act":null,"amendmentLists":[],"billNo":"66","billType":"Public","billTypeURI":"https:\/\/data.oireachtas.ie\/ie\/oireachtas\/def\/bill-type\/public","billYear":"2025","debates":[{"chamber":{"showAs":"D\u00e1il \u00c9ireann","uri":"https:\/\/data.oireachtas.ie\/ie\/oireachtas\/def\/house\/dail"},"date":"2025-11-06","debateSectionId":"dbsect_36","showAs":"Emergency Inspection of Dublin Zoo Bill 2025: First Stage","uri":"https:\/\/data.oireachtas.ie\/akn\/ie\/debateRecord\/dail\/2025-11-06\/debate\/main"}],"events":[{"event":{"chamber":{"chamberCode":"dail","showAs":"D\u00e1il \u00c9ireann","uri":"https:\/\/data.oireachtas.ie\/ie\/oireachtas\/def\/house\/dail"},"dates":[{"date":"2025-07-10"},{"date":"2025-07-10"},{"date":"2025-11-06"}],"eventURI":"https:\/\/data.oireachtas.ie\/ie\/oireachtas\/def\/bill-event\/approved-for-initiation","showAs":"Approved for Initiation","uri":"https:\/\/data.oireachtas.ie\/ie\/oireachtas\/bill\/2025\/66\/approved-for-initiation"}}],"lastUpdated":"2025-11-07T10:19:03.480000+00:00","longTitleEn":"<p>Bill entitled an Act to require the Minister for Housing, Local Government and Heritage to produce a report on the appointment of an emergency independent inspector for Dublin Zoo.<\/p>","longTitleGa":"<p>Bille d\u00e1 ngairtear Acht d\u00e1 cheangal ar an Aire<span style=\"color:blue;\">\u00a0<\/span>Tith\u00edochta, Rialtais \u00c1iti\u00fail agus Oidhreachta tuarasc\u00e1il a chur ar f\u00e1il maidir le cigire neamhsple\u00e1ch \u00e9igeand\u00e1la a cheapadh le haghaidh Z\u00fa Bhaile \u00c1tha Cliath.<\/p>","method":"Introduced","methodURI":"https:\/\/data.oireachtas.ie\/ie\/oireachtas\/def\/bill-method\/introduced","mostRecentStage":{"event":{"chamber":{"chamberCode":"dail","showAs":"D\u00e1il \u00c9ireann","uri":"https:\/\/data.oireachtas.ie\/ie\/oireachtas\/def\/house\/dail"},"dates":[{"date":"2025-11-06"}],"house":{"chamberCode":"dail","chamberType":"house","houseCode":"dail","houseNo":"34","showAs":"34th D\u00e1il","uri":"https:\/\/data.oireachtas.ie\/ie\/oireachtas\/house\/dail\/34"},"progressStage":2,"showAs":"Second Stage","stageCompleted":false,"stageOutcome":"Current","stageURI":"https:\/\/data.oireachtas.ie\/ie\/oireachtas\/def\/bill-stage\/2","uri":"https:\/\/data.oireachtas.ie\/ie\/oireachtas\/bill\/2025\/66\/stage\/dail\/2"}},"originHouse":{"showAs":"D\u00e1il \u00c9ireann","uri":"https:\/\/data.oireachtas.ie\/ie\/oireachtas\/def\/house\/dail"},"originHouseURI":"https:\/\/data.oireachtas.ie\/ie\/oireachtas\/def\/house\/dail","relatedDocs":[{"relatedDoc":{"date":"2025-11-06","docType":"memo","formats":{"pdf":{"uri":"https:\/\/data.oireachtas.ie\/ie\/oireachtas\/bill\/2025\/66\/eng\/memo\/b6625d-memo.pdf"},"xml":null},"lang":"eng","showAs":"Explanatory Memorandum","uri":"https:\/\/data.oireachtas.ie\/ie\/oireachtas\/bill\/2025\/66\/eng\/memo"}}],"shortTitleEn":"Emergency Inspection of Dublin Zoo Bill 2025\n","shortTitleGa":"An Bille um Ini\u00fachadh \u00c9igeand\u00e1la ar Z\u00fa Bhaile \u00c1tha Cliath, 2025","source":"Private Member","sourceURI":"https:\/\/data.oireachtas.ie\/ie\/oireachtas\/def\/bill-source\/private-member","sponsors":[{"sponsor":{"as":{"showAs":null,"uri":null},"by":{"showAs":"Paul Murphy","uri":"https:\/\/data.oireachtas.ie\/ie\/oireachtas\/member\/id\/Paul-Murphy.D.2014-10-10"},"isPrimary":true}},{"sponsor":{"as":{"showAs":null,"uri":null},"by":{"showAs":"Ruth Coppinger","uri":"https:\/\/data.oireachtas.ie\/ie\/oireachtas\/member\/id\/Ruth-Coppinger.D.2014-05-23"},"isPrimary":false}}],"stages":[{"event":{"chamber":{"chamberCode":"dail","showAs":"D\u00e1il \u00c9ireann","uri":"https:\/\/data.oireachtas.ie\/ie\/oireachtas\/def\/house\/dail"},"dates":[{"date":"2025-07-10"},{"date":"2025-07-10"},{"date":"2025-11-06"},{"date":"2025-11-06"}],"house":{"chamberCode":"dail","chamberType":"house","houseCode":"dail","houseNo":"34","showAs":"34th D\u00e1il","uri":"https:\/\/data.oireachtas.ie\/ie\/oireachtas\/house\/dail\/34"},"progressStage":1,"showAs":"First Stage","stageCompleted":true,"stageOutcome":null,"stageURI":"https:\/\/data.oireachtas.ie\/ie\/oireachtas\/def\/bill-stage\/1","uri":"https:\/\/data.oireachtas.ie\/ie\/oireachtas\/bill\/2025\/66\/stage\/dail\/1"}},{"event":{"chamber":{"chamberCode":"dail","showAs":"D\u00e1il \u00c9ireann","uri":"https:\/\/data.oireachtas.ie\/ie\/oireachtas\/def\/house\/dail"},"dates":[{"date":"2025-11-06"}],"house":{"chamberCode":"dail","chamberType":"house","houseCode":"dail","houseNo":"34","showAs":"34th D\u00e1il","uri":"https:\/\/data.oireachtas.ie\/ie\/oireachtas\/house\/dail\/34"},"progressStage":2,"showAs":"Second Stage","stageCompleted":false,"stageOutcome":"Current","stageURI":"https:\/\/data.oireachtas.ie\/ie\/oireachtas\/def\/bill-stage\/2","uri":"https:\/\/data.oireachtas.ie\/ie\/oireachtas\/bill\/2025\/66\/stage\/dail\/2"}}],"status":"Current","statusURI":"https:\/\/data.oireachtas.ie\/ie\/oireachtas\/def\/bill-status\/published","uri":"https:\/\/data.oireachtas.ie\/ie\/oireachtas\/bill\/2025\/66","versions":[{"version":{"date":"2025-11-06","docType":"bill","formats":{"pdf":{"uri":"https:\/\/data.oireachtas.ie\/ie\/oireachtas\/bill\/2025\/66\/eng\/initiated\/b6625d.pdf"},"xml":null},"lang":"eng","showAs":"As Initiated","uri":"https:\/\/data.oireachtas.ie\/ie\/oireachtas\/bill\/2025\/66\/eng\/initiated"}}]},"billSort":{"actNoSort":null,"actShortTitleEnSort":null,"actShortTitleGaSort":null,"actYearSort":null,"billNoSort":66,"billShortTitleEnSort":"emergency-inspection-of-dublin-zoo-bill-2025","billShortTitleGaSort":"an-bille-um-iniuchadh-eigeandala-ar-zu-bhaile-atha-cliath-2025","billYearSort":2025},"contextDate":"2025-11-06"},{"bill":{"act":{"actNo":"19","actYear":"2025","dateSigned":"2025-12-23","longTitleEn":"<p>Act to amend and extend the Social Welfare Acts; to amend the Automatic Enrolment Retirement Savings System Act 2024; and to provide for related matters.<\/p>","longTitleGa":"<p>Acht do leas\u00fa agus do leathn\u00fa na nAchtanna Leasa Sh\u00f3isialaigh; do leas\u00fa an Achta um Ch\u00f3ras Uathrollaithe Coigiltis Scoir, 2024; agus do dh\u00e9anamh socr\u00fa i dtaobh nithe gaolmhara.<\/p>","shortTitleEn":"Social Welfare and Automatic Enrolment Retirement Savings System (Amendment) Act 2025","shortTitleGa":"An tAcht Leasa Sh\u00f3isialaigh agus um Ch\u00f3ras Uathrollaithe Coigiltis Scoir (Leas\u00fa), 2025","statutebookURI":"http:\/\/www.irishstatutebook.ie\/eli\/2025\/act\/19","uri":"https:\/\/data.oireachtas.ie\/ie\/oireachtas\/act\/2025\/19"},"amendmentLists":[{"amendmentList":{"amendmentTypeUri":{"uri":"https:\/\/data.oireachtas.ie\/ie\/oireachtas\/def\/amendment-type\/numberedList"},"chamber":{"showAs":"Dail","uri":"https:\/\/data.oireachtas.ie\/ie\/oireachtas\/def\/dail"},"date":"2025-12-02","formats":{"pdf":{"uri":"https:\/\/data.oireachtas.ie\/ie\/oireachtas\/bill\/2025\/65\/dail\/4\/amendment\/numberedList\/eng\/b65a25d-drnl.pdf"},"xml":null},"showAs":"Numbered List [D\u00e1il]","stage":{"showAs":"Report Stage","uri":"https:\/\/data.oireachtas.ie\/ie\/oireachtas\/bill\/2025\/65\/dail\/4"},"stageNo":"4"}},{"amendmentList":{"amendmentTypeUri":{"uri":"https:\/\/data.oireachtas.ie\/ie\/oireachtas\/def\/amendment-type\/numberedList"},"chamber":{"showAs":"Dail","uri":"https:\/\/data.oireachtas.ie\/ie\/oireachtas\/def\/dail"},"date":"2025-11-17","formats":{"pdf":{"uri":"https:\/\/data.oireachtas.ie\/ie\/oireachtas\/bill\/2025\/65\/dail\/3\/amendment\/numberedList\/eng\/b6525d-dcnl.pdf"},"xml":null},"showAs":"Numbered List [D\u00e1il]","stage":{"showAs":"Committee Stage","uri":"https:\/\/data.oireachtas.ie\/ie\/oireachtas\/bill\/2025\/65\/dail\/3"},"stageNo":"3"}}],"billNo":"65","billType":"Public","billTypeURI":"https:\/\/data.oireachtas.ie\/ie\/oireachtas\/def\/bill-type\/public","billYear":"2025","debates":[{"chamber":{"showAs":"Seanad \u00c9ireann","uri":"https:\/\/data.oireachtas.ie\/ie\/oireachtas\/def\/house\/seanad"},"date":"2025-12-16","debateSectionId":"dbsect_16","showAs":"Social Welfare and Automatic Enrolment Retirement Savings System (Amendment) Bill 2025: Committee and Remaining Stages","uri":"https:\/\/data.oireachtas.ie\/akn\/ie\/debateRecord\/seanad\/2025-12-16\/debate\/main"},{"chamber":{"showAs":"Seanad \u00c9ireann","uri":"https:\/\/data.oireachtas.ie\/ie\/oireachtas\/def\/house\/seanad"},"date":"2025-12-10","debateSectionId":"dbsect_46","showAs":"Social Welfare and Automatic Enrolment Retirement Savings System (Amendment) Bill 2025: Second Stage","uri":"https:\/\/data.oireachtas.ie\/akn\/ie\/debateRecord\/seanad\/2025-12-10\/debate\/main"},{"chamber":{"showAs":"D\u00e1il \u00c9ireann","uri":"https:\/\/data.oireachtas.ie\/ie\/oireachtas\/def\/house\/dail"},"date":"2025-12-03","debateSectionId":"dbsect_31","showAs":"Social Welfare and Automatic Enrolment Retirement Savings System (Amendment) Bill 2025: Report and Final Stages","uri":"https:\/\/data.oireachtas.ie\/akn\/ie\/debateRecord\/dail\/2025-12-03\/debate\/main"},{"chamber":{"showAs":"Select Committee on Social Protection, Rural and Community Development","uri":"https:\/\/data.oireachtas.ie\/ie\/oireachtas\/def\/committee"},"date":"2025-11-18","debateSectionId":"dbsect_2","showAs":"Social Welfare and Automatic Enrolment Retirement Savings System (Amendment) Bill 2025: Committee Stage","uri":"https:\/\/data.oireachtas.ie\/akn\/ie\/debateRecord\/select_committee_on_social_protection_rural_and_community_development\/2025-11-18\/debate\/main"},{"chamber":{"showAs":"D\u00e1il \u00c9ireann","uri":"https:\/\/data.oireachtas.ie\/ie\/oireachtas\/def\/house\/dail"},"date":"2025-11-12","debateSectionId":"dbsect_15","showAs":"Social Welfare and Automatic Enrolment Retirement Savings System (Amendment) Bill 2025: Second Stage","uri":"https:\/\/data.oireachtas.ie\/akn\/ie\/debateRecord\/dail\/2025-11-12\/debate\/main"},{"chamber":{"showAs":"D\u00e1il \u00c9ireann","uri":"https:\/\/data.oireachtas.ie\/ie\/oireachtas\/def\/house\/dail"},"date":"2025-11-12","debateSectionId":"dbsect_16","showAs":"Social Welfare and Automatic Enrolment Retirement Savings System (Amendment) Bill 2025: Referral to Select Committee","uri":"https:\/\/data.oireachtas.ie\/akn\/ie\/debateRecord\/dail\/2025-11-12\/debate\/main"}],"events":[{"event":{"chamber":{"chamberCode":"dail","showAs":"D\u00e1il \u00c9ireann","uri":"https:\/\/data.oireachtas.ie\/ie\/oireachtas\/def\/house\/dail"},"dates":[{"date":"2025-11-06"},{"date":"2025-12-23"}],"eventURI":"https:\/\/data.oireachtas.ie\/ie\/oireachtas\/def\/bill-event\/published","showAs":"Published","uri":"https:\/\/data.oireachtas.ie\/ie\/oireachtas\/bill\/2025\/65\/published"}},{"event":{"chamber":null,"dates":[{"date":"2025-12-23"}],"eventURI":"https:\/\/data.oireachtas.ie\/ie\/oireachtas\/def\/bill-event\/enacted","showAs":"Enacted","uri":"https:\/\/data.oireachtas.ie\/ie\/oireachtas\/bill\/2025\/65\/enacted"}}],"lastUpdated":"2026-01-23T13:15:10.820000+00:00","longTitleEn":"<p>Bill entitled an Act to amend and extend the Social Welfare Acts; to amend the Automatic Enrolment Retirement Savings System Act 2024; and to provide for related matters.<\/p>","longTitleGa":"<p>Bille d\u00e1 ngairtear Acht do leas\u00fa agus do leathn\u00fa na nAchtanna Leasa Sh\u00f3isialaigh; do leas\u00fa an Achta um Ch\u00f3ras Uathrollaithe Coigiltis Scoir, 2024; agus do dh\u00e9anamh socr\u00fa i dtaobh nithe gaolmhara.<\/p>","method":"Presented","methodURI":"https:\/\/data.oireachtas.ie\/ie\/oireachtas\/def\/bill-method\/presented","mostRecentStage":{"event":{"chamber":null,"dates":[{"date":"2025-12-23"}],"house":null,"progressStage":10,"showAs":"Enacted","stageCompleted":true,"stageOutcome":"Enacted","stageURI":"https:\/\/data.oireachtas.ie\/ie\/oireachtas\/def\/bill-stage\/enacted","uri":"https:\/\/data.oireachtas.ie\/ie\/oireachtas\/bill\/2025\/65\/stage\/oireachtas\/enacted"}},"originHouse":{"showAs":"D\u00e1il \u00c9ireann","uri":"https:\/\/data.oireachtas.ie\/ie\/oireachtas\/def\/house\/dail"},"originHouseURI":"https:\/\/data.oireachtas.ie\/ie\/oireachtas\/def\/house\/dail","relatedDocs":[{"relatedDoc":{"date":"2025-11-12","docType":"gluais","formats":{"pdf":{"uri":"https:\/\/data.oireachtas.ie\/ie\/oireachtas\/bill\/2025\/65\/mul\/gluais\/gluais-18-2025-an-bille-leasa-shoisialaigh-agus-um-choras-uathrollaithe-coigiltis-scoir-leasu-2025.pdf"},"xml":null},"lang":"mul","showAs":"Glossary\/Gluais","uri":"https:\/\/data.oireachtas.ie\/ie\/oireachtas\/bill\/2025\/65\/mul\/gluais"}},{"relatedDoc":{"date":"2025-11-06","docType":"memo","formats":{"pdf":{"uri":"https:\/\/data.oireachtas.ie\/ie\/oireachtas\/bill\/2025\/65\/eng\/memo\/b6525d-memo.pdf"},"xml":null},"lang":"eng","showAs":"Explanatory Memorandum","uri":"https:\/\/data.oireachtas.ie\/ie\/oireachtas\/bill\/2025\/65\/eng\/memo"}}],"shortTitleEn":"Social Welfare and Automatic Enrolment Retirement Savings System (Amendment) Bill 2025","shortTitleGa":"An Bille Leasa Sh\u00f3isialaigh agus um Ch\u00f3ras Uathrollaithe Coigiltis Scoir (Leas\u00fa), 2025","source":"Government","sourceURI":"https:\/\/data.oireachtas.ie\/ie\/oireachtas\/def\/bill-source\/government","sponsors":[{"sponsor":{"isPrimary":true,"as":{"showAs":"Minister for Social Protection","uri":null},"by":{"showAs":null,"uri":null}}}],"stages":[{"event":{"chamber":{"chamberCode":"dail","showAs":"D\u00e1il \u00c9ireann","uri":"https:\/\/data.oireachtas.ie\/ie\/oireachtas\/def\/house\/dail"},"dates":[{"date":"2025-11-06"},{"date":"2025-11-06"}],"house":{"chamberCode":"dail","chamberType":"house","houseCode":"dail","houseNo":"34","showAs":"34th D\u00e1il","uri":"https:\/\/data.oireachtas.ie\/ie\/oireachtas\/house\/dail\/34"},"progressStage":1,"showAs":"First Stage","stageCompleted":true,"stageOutcome":null,"stageURI":"https:\/\/data.oireachtas.ie\/ie\/oireachtas\/def\/bill-stage\/1","uri":"https:\/\/data.oireachtas.ie\/ie\/oireachtas\/bill\/2025\/65\/stage\/dail\/1"}},{"event":{"chamber":{"chamberCode":"dail","showAs":"D\u00e1il \u00c9ireann","uri":"https:\/\/data.oireachtas.ie\/ie\/oireachtas\/def\/house\/dail"},"dates":[{"date":"2025-11-06"}],"house":{"chamberCode":"dail","chamberType":"house","houseCode":"dail","houseNo":"34","showAs":"34th D\u00e1il","uri":"https:\/\/data.oireachtas.ie\/ie\/oireachtas\/house\/dail\/34"},"progressStage":2,"showAs":"Second Stage","stageCompleted":true,"stageOutcome":null,"stageURI":"https:\/\/data.oireachtas.ie\/ie\/oireachtas\/def\/bill-stage\/2","uri":"https:\/\/data.oireachtas.ie\/ie\/oireachtas\/bill\/2025\/65\/stage\/dail\/2"}},{"event":{"chamber":{"chamberCode":"dail","showAs":"D\u00e1il \u00c9ireann","uri":"https:\/\/data.oireachtas.ie\/ie\/oireachtas\/def\/house\/dail"},"dates":[{"date":"2025-11-12"}],"house":{"chamberCode":"dail","chamberType":"house","houseCode":"dail","houseNo":"34","showAs":"34th D\u00e1il","uri":"https:\/\/data.oireachtas.ie\/ie\/oireachtas\/house\/dail\/34"},"progressStage":3,"showAs":"Committee Stage","stageCompleted":true,"stageOutcome":null,"stageURI":"https:\/\/data.oireachtas.ie\/ie\/oireachtas\/def\/bill-stage\/3","uri":"https:\/\/data.oireachtas.ie\/ie\/oireachtas\/bill\/2025\/65\/stage\/dail\/3"}},{"event":{"chamber":{"chamberCode":"dail","showAs":"D\u00e1il \u00c9ireann","uri":"https:\/\/data.oireachtas.ie\/ie\/oireachtas\/def\/house\/dail"},"dates":[{"date":"2025-11-18"}],"house":{"chamberCode":"dail","chamberType":"house","houseCode":"dail","houseNo":"34","showAs":"34th D\u00e1il","uri":"https:\/\/data.oireachtas.ie\/ie\/oireachtas\/house\/dail\/34"},"progressStage":4,"showAs":"Report Stage","stageCompleted":true,"stageOutcome":null,"stageURI":"https:\/\/data.oireachtas.ie\/ie\/oireachtas\/def\/bill-stage\/4","uri":"https:\/\/data.oireachtas.ie\/ie\/oireachtas\/bill\/2025\/65\/stage\/dail\/4"}},{"event":{"chamber":{"chamberCode":"dail","showAs":"D\u00e1il \u00c9ireann","uri":"https:\/\/data.oireachtas.ie\/ie\/oireachtas\/def\/house\/dail"},"dates":[{"date":"2025-12-03"}],"house":{"chamberCode":"dail","chamberType":"house","houseCode":"dail","houseNo":"34","showAs":"34th D\u00e1il","uri":"https:\/\/data.oireachtas.ie\/ie\/oireachtas\/house\/dail\/34"},"progressStage":5,"showAs":"Fifth Stage","stageCompleted":true,"stageOutcome":null,"stageURI":"https:\/\/data.oireachtas.ie\/ie\/oireachtas\/def\/bill-stage\/5","uri":"https:\/\/data.oireachtas.ie\/ie\/oireachtas\/bill\/2025\/65\/stage\/dail\/5"}},{"event":{"chamber":{"chamberCode":"seanad","showAs":"Seanad \u00c9ireann","uri":"https:\/\/data.oireachtas.ie\/ie\/oireachtas\/def\/house\/seanad"},"dates":[{"date":"2025-12-03"}],"house":{"chamberCode":"seanad","chamberType":"house","houseCode":"seanad","houseNo":"27","showAs":"27th Seanad","uri":"https:\/\/data.oireachtas.ie\/ie\/oireachtas\/house\/seanad\/27"},"progressStage":6,"showAs":"Second Stage","stageCompleted":true,"stageOutcome":null,"stageURI":"https:\/\/data.oireachtas.ie\/ie\/oireachtas\/def\/bill-stage\/2","uri":"https:\/\/data.oireachtas.ie\/ie\/oireachtas\/bill\/2025\/65\/stage\/seanad\/2"}},{"event":{"chamber":{"chamberCode":"seanad","showAs":"Seanad \u00c9ireann","uri":"https:\/\/data.oireachtas.ie\/ie\/oireachtas\/def\/house\/seanad"},"dates":[{"date":"2025-12-11"}],"house":{"chamberCode":"seanad","chamberType":"house","houseCode":"seanad","houseNo":"27","showAs":"27th Seanad","uri":"https:\/\/data.oireachtas.ie\/ie\/oireachtas\/house\/seanad\/27"},"progressStage":7,"showAs":"Committee Stage","stageCompleted":true,"stageOutcome":null,"stageURI":"https:\/\/data.oireachtas.ie\/ie\/oireachtas\/def\/bill-stage\/3","uri":"https:\/\/data.oireachtas.ie\/ie\/oireachtas\/bill\/2025\/65\/stage\/seanad\/3"}},{"event":{"chamber":{"chamberCode":"seanad","showAs":"Seanad \u00c9ireann","uri":"https:\/\/data.oireachtas.ie\/ie\/oireachtas\/def\/house\/seanad"},"dates":[{"date":"2025-12-16"}],"house":{"chamberCode":"seanad","chamberType":"house","houseCode":"seanad","houseNo":"27","showAs":"27th Seanad","uri":"https:\/\/data.oireachtas.ie\/ie\/oireachtas\/house\/seanad\/27"},"progressStage":8,"showAs":"Report Stage","stageCompleted":true,"stageOutcome":null,"stageURI":"https:\/\/data.oireachtas.ie\/ie\/oireachtas\/def\/bill-stage\/4","uri":"https:\/\/data.oireachtas.ie\/ie\/oireachtas\/bill\/2025\/65\/stage\/seanad\/4"}},{"event":{"chamber":{"chamberCode":"seanad","showAs":"Seanad \u00c9ireann","uri":"https:\/\/data.oireachtas.ie\/ie\/oireachtas\/def\/house\/seanad"},"dates":[{"date":"2025-12-16"}],"house":{"chamberCode":"seanad","chamberType":"house","houseCode":"seanad","houseNo":"27","showAs":"27th Seanad","uri":"https:\/\/data.oireachtas.ie\/ie\/oireachtas\/house\/seanad\/27"},"progressStage":9,"showAs":"Fifth Stage","stageCompleted":true,"stageOutcome":null,"stageURI":"https:\/\/data.oireachtas.ie\/ie\/oireachtas\/def\/bill-stage\/5","uri":"https:\/\/data.oireachtas.ie\/ie\/oireachtas\/bill\/2025\/65\/stage\/seanad\/5"}},{"event":{"chamber":null,"dates":[{"date":"2025-12-23"}],"house":null,"progressStage":10,"showAs":"Enacted","stageCompleted":true,"stageOutcome":"Enacted","stageURI":"https:\/\/data.oireachtas.ie\/ie\/oireachtas\/def\/bill-stage\/enacted","uri":"https:\/\/data.oireachtas.ie\/ie\/oireachtas\/bill\/2025\/65\/stage\/oireachtas\/enacted"}}],"status":"Enacted","statusURI":"https:\/\/data.oireachtas.ie\/ie\/oireachtas\/def\/bill-status\/enacted","uri":"https:\/\/data.oireachtas.ie\/ie\/oireachtas\/bill\/2025\/65","versions":[{"version":{"lang":"eng","docType":"act","showAs":"Social Welfare and Automatic Enrolment Retirement Savings System (Amendment) Act 2025","date":"2025-12-23","formats":{"pdf":{"uri":"https:\/\/data.oireachtas.ie\/ie\/oireachtas\/act\/2025\/19\/eng\/enacted\/a1925.pdf"},"xml":null},"uri":"https:\/\/data.oireachtas.ie\/ie\/oireachtas\/act\/2025\/19\/eng\/enacted"}},{"version":{"lang":"eng","docType":"bill","showAs":"As amended in Committee\/Select Committee [D\u00e1il \u00c9ireann]","date":"2025-11-18","formats":{"pdf":{"uri":"https:\/\/data.oireachtas.ie\/ie\/oireachtas\/bill\/2025\/65\/eng\/ver_a\/b65a25d.pdf"},"xml":null},"uri":"https:\/\/data.oireachtas.ie\/ie\/oireachtas\/bill\/2025\/65\/eng\/ver_a"}},{"version":{"lang":"eng","docType":"bill","showAs":"As Initiated","date":"2025-11-06","formats":{"pdf":{"uri":"https:\/\/data.oireachtas.ie\/ie\/oireachtas\/bill\/2025\/65\/eng\/initiated\/b6525d.pdf"},"xml":null},"uri":"https:\/\/data.oireachtas.ie\/ie\/oireachtas\/bill\/2025\/65\/eng\/initiated"}}]},"contextDate":"2025-12-23","billSort":{"actNoSort":19,"actShortTitleEnSort":"social-welfare-and-automatic-enrolment-retirement-savings-system-amendment-act-2025","actShortTitleGaSort":"an-tacht-leasa-shoisialaigh-agus-um-choras-uathrollaithe-coigiltis-scoir-leasu-2025","actYearSort":2025,"billNoSort":65,"billShortTitleEnSort":"social-welfare-and-automatic-enrolment-retirement-savings-system-amendment-bill-2025","billShortTitleGaSort":"an-bille-leasa-shoisialaigh-agus-um-choras-uathrollaithe-coigiltis-scoir-leasu-2025","billYearSort":2025}},{"bill":{"act":{"actNo":"13","actYear":"2025","dateSigned":"2025-12-10","longTitleEn":"<p>Act to provide for an increase in the number of ordinary judges of the Court of Appeal and, for that purpose, to amend the Courts (Establishment and Constitution) Act 1961; to provide for an increase in the number of ordinary judges of the High Court, ordinary judges of the Circuit Court and judges of the District Court and, for those purposes, to amend the Courts (Supplemental Provisions) Act 1961 and the Courts and Court Officers Act 1995; to amend the Street and House to House Collections Act 1962, the Child Care Act 1991 and the Gambling Regulation Act 2024; to repeal certain provisions of the Family Courts Act 2024; and to provide for related matters.<\/p>","longTitleGa":"<p>Acht do dh\u00e9anamh socr\u00fa maidir le m\u00e9ad\u00fa ar l\u00edon na ngn\u00e1thbhreithi\u00fana den Ch\u00fairt Achomhairc agus, chun na cr\u00edche sin, do leas\u00fa Acht na gC\u00fairteanna (Bun\u00fa agus Comhdh\u00e9anamh), 1961; do dh\u00e9anamh socr\u00fa maidir le m\u00e9ad\u00fa ar l\u00edon na ngn\u00e1thbhreithi\u00fana den Ard-Ch\u00fairt, ar l\u00edon na ngn\u00e1thbhreithi\u00fana den Ch\u00fairt Chuarda agus ar l\u00edon na mbreithi\u00fana den Ch\u00fairt D\u00faiche agus, chun na gcr\u00edoch sin, do leas\u00fa Acht na gC\u00fairteanna (For\u00e1lacha Forl\u00edontacha), 1961 agus Acht na gC\u00fairteanna agus na nOifigeach C\u00fairte, 1995; do leas\u00fa an Achta um Baili\u00fach\u00e1in Sr\u00e1ide agus \u00f3 Theach go Teach, 1962, an Achta um Ch\u00faram Leana\u00ed, 1991 agus an Achta um Rial\u00e1il Cearrbhachais, 2024; d\u2019aisghairm for\u00e1lacha \u00e1irithe d\u2019Acht na gC\u00fairteanna Teaghlaigh, 2024; agus do dh\u00e9anamh socr\u00fa i dtaobh nithe gaolmhara.<\/p>","shortTitleEn":"Courts and Civil Law (Miscellaneous Provisions) Act 2025","shortTitleGa":"An tAcht um Ch\u00fairteanna agus an Dl\u00ed Sibhialta (For\u00e1lacha Ilghn\u00e9itheacha), 2025","statutebookURI":"http:\/\/www.irishstatutebook.ie\/eli\/2025\/act\/13","uri":"https:\/\/data.oireachtas.ie\/ie\/oireachtas\/act\/2025\/13"},"amendmentLists":[{"amendmentList":{"amendmentTypeUri":{"uri":"https:\/\/data.oireachtas.ie\/ie\/oireachtas\/def\/amendment-type\/numberedList"},"chamber":{"showAs":"Dail","uri":"https:\/\/data.oireachtas.ie\/ie\/oireachtas\/def\/dail"},"date":"2025-11-18","formats":{"pdf":{"uri":"https:\/\/data.oireachtas.ie\/ie\/oireachtas\/bill\/2025\/64\/dail\/3\/amendment\/numberedList\/eng\/b6425d-dcnl.pdf"},"xml":null},"showAs":"Bill Amendments","stage":{"showAs":"Committee Stage","uri":"https:\/\/data.oireachtas.ie\/ie\/oireachtas\/bill\/2025\/64\/dail\/3"},"stageNo":"3"}}],"billNo":"64","billType":"Public","billTypeURI":"https:\/\/data.oireachtas.ie\/ie\/oireachtas\/def\/bill-type\/public","billYear":"2025","debates":[{"chamber":{"showAs":"Seanad \u00c9ireann","uri":"https:\/\/data.oireachtas.ie\/ie\/oireachtas\/def\/house\/seanad"},"date":"2025-12-03","debateSectionId":"dbsect_14","showAs":"Courts and Civil Law (Miscellaneous Provisions) Bill 2025: Committee and Remaining Stages","uri":"https:\/\/data.oireachtas.ie\/akn\/ie\/debateRecord\/seanad\/2025-12-03\/debate\/main"},{"chamber":{"showAs":"Seanad \u00c9ireann","uri":"https:\/\/data.oireachtas.ie\/ie\/oireachtas\/def\/house\/seanad"},"date":"2025-11-25","debateSectionId":"dbsect_11","showAs":"Courts and Civil Law (Miscellaneous Provisions) Bill 2025: Second Stage","uri":"https:\/\/data.oireachtas.ie\/akn\/ie\/debateRecord\/seanad\/2025-11-25\/debate\/main"},{"chamber":{"showAs":"D\u00e1il \u00c9ireann","uri":"https:\/\/data.oireachtas.ie\/ie\/oireachtas\/def\/house\/dail"},"date":"2025-11-19","debateSectionId":"dbsect_27","showAs":"Courts and Civil Law (Miscellaneous Provisions) Bill 2025: Committee and Remaining Stages","uri":"https:\/\/data.oireachtas.ie\/akn\/ie\/debateRecord\/dail\/2025-11-19\/debate\/main"},{"chamber":{"showAs":"D\u00e1il \u00c9ireann","uri":"https:\/\/data.oireachtas.ie\/ie\/oireachtas\/def\/house\/dail"},"date":"2025-11-06","debateSectionId":"dbsect_37","showAs":"Courts and Civil Law (Miscellaneous Provisions) Bill 2025: Second Stage","uri":"https:\/\/data.oireachtas.ie\/akn\/ie\/debateRecord\/dail\/2025-11-06\/debate\/main"},{"chamber":{"showAs":"D\u00e1il \u00c9ireann","uri":"https:\/\/data.oireachtas.ie\/ie\/oireachtas\/def\/house\/dail"},"date":"2025-11-06","debateSectionId":"dbsect_38","showAs":"Courts and Civil Law (Miscellaneous Provisions) Bill 2025: Referral to Select Committee","uri":"https:\/\/data.oireachtas.ie\/akn\/ie\/debateRecord\/dail\/2025-11-06\/debate\/main"}],"events":[{"event":{"chamber":{"chamberCode":"dail","showAs":"D\u00e1il \u00c9ireann","uri":"https:\/\/data.oireachtas.ie\/ie\/oireachtas\/def\/house\/dail"},"dates":[{"date":"2025-10-31"},{"date":"2025-12-10"}],"eventURI":"https:\/\/data.oireachtas.ie\/ie\/oireachtas\/def\/bill-event\/published","showAs":"Published","uri":"https:\/\/data.oireachtas.ie\/ie\/oireachtas\/bill\/2025\/64\/published"}},{"event":{"chamber":null,"dates":[{"date":"2025-12-10"}],"eventURI":"https:\/\/data.oireachtas.ie\/ie\/oireachtas\/def\/bill-event\/enacted","showAs":"Enacted","uri":"https:\/\/data.oireachtas.ie\/ie\/oireachtas\/bill\/2025\/64\/enacted"}}],"lastUpdated":"2025-12-16T14:49:19.070000+00:00","longTitleEn":"<p>Bill entitled an Act to provide for an increase in the number of ordinary judges of the Court of Appeal and, for that purpose, to amend the Courts (Establishment and Constitution) Act 1961; to provide for an increase in the number of ordinary judges of the High Court, ordinary judges of the Circuit Court and judges of the District Court and, for those purposes, to amend the Courts (Supplemental Provisions) Act 1961 and the Courts and Court Officers Act 1995; to amend the Street and House to House Collections Act 1962, the Child Care Act 1991 and the Gambling Regulation Act 2024; to repeal certain provisions of the Family Courts Act 2024; and to provide for related matters.<\/p>","longTitleGa":"<p>Bille d\u00e1 ngairtear Acht do dh\u00e9anamh socr\u00fa maidir le m\u00e9ad\u00fa ar l\u00edon na ngn\u00e1thbhreithi\u00fana den Ch\u00fairt Achomhairc agus, chun na cr\u00edche sin, do leas\u00fa Acht na gC\u00fairteanna (Bun\u00fa agus Comhdh\u00e9anamh), 1961; do dh\u00e9anamh socr\u00fa maidir le m\u00e9ad\u00fa ar l\u00edon na ngn\u00e1thbhreithi\u00fana den Ard-Ch\u00fairt, ar l\u00edon na ngn\u00e1thbhreithi\u00fana den Ch\u00fairt Chuarda agus ar l\u00edon na mbreithi\u00fana den Ch\u00fairt D\u00faiche agus, chun na gcr\u00edoch sin, do leas\u00fa Acht na gC\u00fairteanna (For\u00e1lacha Forl\u00edontacha), 1961 agus Acht na gC\u00fairteanna agus na nOifigeach C\u00fairte, 1995; do leas\u00fa an Achta um Baili\u00fach\u00e1in Sr\u00e1ide agus \u00f3 Theach go Teach, 1962, an Achta um Ch\u00faram Leana\u00ed, 1991 agus an Achta um Rial\u00e1il Cearrbhachais, 2024; d\u2019aisghairm for\u00e1lacha \u00e1irithe d\u2019Acht na gC\u00fairteanna Teaghlaigh, 2024; agus do dh\u00e9anamh socr\u00fa i dtaobh nithe gaolmhara.<\/p>","method":"Presented","methodURI":"https:\/\/data.oireachtas.ie\/ie\/oireachtas\/def\/bill-method\/presented","mostRecentStage":{"event":{"chamber":null,"dates":[{"date":"2025-12-10"}],"house":null,"progressStage":10,"showAs":"Enacted","stageCompleted":true,"stageOutcome":"Enacted","stageURI":"https:\/\/data.oireachtas.ie\/ie\/oireachtas\/def\/bill-stage\/enacted","uri":"https:\/\/data.oireachtas.ie\/ie\/oireachtas\/bill\/2025\/64\/stage\/oireachtas\/enacted"}},"originHouse":{"showAs":"D\u00e1il \u00c9ireann","uri":"https:\/\/data.oireachtas.ie\/ie\/oireachtas\/def\/house\/dail"},"originHouseURI":"https:\/\/data.oireachtas.ie\/ie\/oireachtas\/def\/house\/dail","relatedDocs":[{"relatedDoc":{"date":"2025-11-06","docType":"gluais","formats":{"pdf":{"uri":"https:\/\/data.oireachtas.ie\/ie\/oireachtas\/bill\/2025\/64\/mul\/gluais\/gluais-17-2025-an-bille-um-chuirteanna-agus-an-dli-sibhialta-foralacha-ilghneitheacha-2025.pdf"},"xml":null},"lang":"mul","showAs":"Glossary\/Gluais","uri":"https:\/\/data.oireachtas.ie\/ie\/oireachtas\/bill\/2025\/64\/mul\/gluais"}},{"relatedDoc":{"date":"2025-10-31","docType":"memo","formats":{"pdf":{"uri":"https:\/\/data.oireachtas.ie\/ie\/oireachtas\/bill\/2025\/64\/eng\/memo\/b6425d-memo.pdf"},"xml":null},"lang":"eng","showAs":"Explanatory Memorandum","uri":"https:\/\/data.oireachtas.ie\/ie\/oireachtas\/bill\/2025\/64\/eng\/memo"}}],"shortTitleEn":"Courts and Civil Law (Miscellaneous Provisions) Bill 2025","shortTitleGa":"An Bille um Ch\u00fairteanna agus an Dl\u00ed Sibhialta (For\u00e1lacha Ilghn\u00e9itheacha), 2025","source":"Government","sourceURI":"https:\/\/data.oireachtas.ie\/ie\/oireachtas\/def\/bill-source\/government","sponsors":[{"sponsor":{"isPrimary":true,"as":{"showAs":"Minister for Justice, Home Affairs and Migration","uri":null},"by":{"showAs":null,"uri":null}}}],"stages":[{"event":{"chamber":{"chamberCode":"dail","showAs":"D\u00e1il \u00c9ireann","uri":"https:\/\/data.oireachtas.ie\/ie\/oireachtas\/def\/house\/dail"},"dates":[{"date":"2025-10-31"},{"date":"2025-10-31"}],"house":{"chamberCode":"dail","chamberType":"house","houseCode":"dail","houseNo":"34","showAs":"34th D\u00e1il","uri":"https:\/\/data.oireachtas.ie\/ie\/oireachtas\/house\/dail\/34"},"progressStage":1,"showAs":"First Stage","stageCompleted":true,"stageOutcome":null,"stageURI":"https:\/\/data.oireachtas.ie\/ie\/oireachtas\/def\/bill-stage\/1","uri":"https:\/\/data.oireachtas.ie\/ie\/oireachtas\/bill\/2025\/64\/stage\/dail\/1"}},{"event":{"chamber":{"chamberCode":"dail","showAs":"D\u00e1il \u00c9ireann","uri":"https:\/\/data.oireachtas.ie\/ie\/oireachtas\/def\/house\/dail"},"dates":[{"date":"2025-10-31"}],"house":{"chamberCode":"dail","chamberType":"house","houseCode":"dail","houseNo":"34","showAs":"34th D\u00e1il","uri":"https:\/\/data.oireachtas.ie\/ie\/oireachtas\/house\/dail\/34"},"progressStage":2,"showAs":"Second Stage","stageCompleted":true,"stageOutcome":null,"stageURI":"https:\/\/data.oireachtas.ie\/ie\/oireachtas\/def\/bill-stage\/2","uri":"https:\/\/data.oireachtas.ie\/ie\/oireachtas\/bill\/2025\/64\/stage\/dail\/2"}},{"event":{"chamber":{"chamberCode":"dail","showAs":"D\u00e1il \u00c9ireann","uri":"https:\/\/data.oireachtas.ie\/ie\/oireachtas\/def\/house\/dail"},"dates":[{"date":"2025-11-06"}],"house":{"chamberCode":"dail","chamberType":"house","houseCode":"dail","houseNo":"34","showAs":"34th D\u00e1il","uri":"https:\/\/data.oireachtas.ie\/ie\/oireachtas\/house\/dail\/34"},"progressStage":3,"showAs":"Committee Stage","stageCompleted":true,"stageOutcome":null,"stageURI":"https:\/\/data.oireachtas.ie\/ie\/oireachtas\/def\/bill-stage\/3","uri":"https:\/\/data.oireachtas.ie\/ie\/oireachtas\/bill\/2025\/64\/stage\/dail\/3"}},{"event":{"chamber":{"chamberCode":"dail","showAs":"D\u00e1il \u00c9ireann","uri":"https:\/\/data.oireachtas.ie\/ie\/oireachtas\/def\/house\/dail"},"dates":[{"date":"2025-11-19"}],"house":{"chamberCode":"dail","chamberType":"house","houseCode":"dail","houseNo":"34","showAs":"34th D\u00e1il","uri":"https:\/\/data.oireachtas.ie\/ie\/oireachtas\/house\/dail\/34"},"progressStage":4,"showAs":"Report Stage","stageCompleted":true,"stageOutcome":null,"stageURI":"https:\/\/data.oireachtas.ie\/ie\/oireachtas\/def\/bill-stage\/4","uri":"https:\/\/data.oireachtas.ie\/ie\/oireachtas\/bill\/2025\/64\/stage\/dail\/4"}},{"event":{"chamber":{"chamberCode":"dail","showAs":"D\u00e1il \u00c9ireann","uri":"https:\/\/data.oireachtas.ie\/ie\/oireachtas\/def\/house\/dail"},"dates":[{"date":"2025-11-19"}],"house":{"chamberCode":"dail","chamberType":"house","houseCode":"dail","houseNo":"34","showAs":"34th D\u00e1il","uri":"https:\/\/data.oireachtas.ie\/ie\/oireachtas\/house\/dail\/34"},"progressStage":5,"showAs":"Fifth Stage","stageCompleted":true,"stageOutcome":null,"stageURI":"https:\/\/data.oireachtas.ie\/ie\/oireachtas\/def\/bill-stage\/5","uri":"https:\/\/data.oireachtas.ie\/ie\/oireachtas\/bill\/2025\/64\/stage\/dail\/5"}},{"event":{"chamber":{"chamberCode":"seanad","showAs":"Seanad \u00c9ireann","uri":"https:\/\/data.oireachtas.ie\/ie\/oireachtas\/def\/house\/seanad"},"dates":[{"date":"2025-11-25"}],"house":{"chamberCode":"seanad","chamberType":"house","houseCode":"seanad","houseNo":"27","showAs":"27th Seanad","uri":"https:\/\/data.oireachtas.ie\/ie\/oireachtas\/house\/seanad\/27"},"progressStage":6,"showAs":"Second Stage","stageCompleted":true,"stageOutcome":null,"stageURI":"https:\/\/data.oireachtas.ie\/ie\/oireachtas\/def\/bill-stage\/2","uri":"https:\/\/data.oireachtas.ie\/ie\/oireachtas\/bill\/2025\/64\/stage\/seanad\/2"}},{"event":{"chamber":{"chamberCode":"seanad","showAs":"Seanad \u00c9ireann","uri":"https:\/\/data.oireachtas.ie\/ie\/oireachtas\/def\/house\/seanad"},"dates":[{"date":"2025-12-03"}],"house":{"chamberCode":"seanad","chamberType":"house","houseCode":"seanad","houseNo":"27","showAs":"27th Seanad","uri":"https:\/\/data.oireachtas.ie\/ie\/oireachtas\/house\/seanad\/27"},"progressStage":7,"showAs":"Committee Stage","stageCompleted":true,"stageOutcome":null,"stageURI":"https:\/\/data.oireachtas.ie\/ie\/oireachtas\/def\/bill-stage\/3","uri":"https:\/\/data.oireachtas.ie\/ie\/oireachtas\/bill\/2025\/64\/stage\/seanad\/3"}},{"event":{"chamber":{"chamberCode":"seanad","showAs":"Seanad \u00c9ireann","uri":"https:\/\/data.oireachtas.ie\/ie\/oireachtas\/def\/house\/seanad"},"dates":[{"date":"2025-12-03"}],"house":{"chamberCode":"seanad","chamberType":"house","houseCode":"seanad","houseNo":"27","showAs":"27th Seanad","uri":"https:\/\/data.oireachtas.ie\/ie\/oireachtas\/house\/seanad\/27"},"progressStage":8,"showAs":"Report Stage","stageCompleted":true,"stageOutcome":null,"stageURI":"https:\/\/data.oireachtas.ie\/ie\/oireachtas\/def\/bill-stage\/4","uri":"https:\/\/data.oireachtas.ie\/ie\/oireachtas\/bill\/2025\/64\/stage\/seanad\/4"}},{"event":{"chamber":{"chamberCode":"seanad","showAs":"Seanad \u00c9ireann","uri":"https:\/\/data.oireachtas.ie\/ie\/oireachtas\/def\/house\/seanad"},"dates":[{"date":"2025-12-03"}],"house":{"chamberCode":"seanad","chamberType":"house","houseCode":"seanad","houseNo":"27","showAs":"27th Seanad","uri":"https:\/\/data.oireachtas.ie\/ie\/oireachtas\/house\/seanad\/27"},"progressStage":9,"showAs":"Fifth Stage","stageCompleted":true,"stageOutcome":null,"stageURI":"https:\/\/data.oireachtas.ie\/ie\/oireachtas\/def\/bill-stage\/5","uri":"https:\/\/data.oireachtas.ie\/ie\/oireachtas\/bill\/2025\/64\/stage\/seanad\/5"}},{"event":{"chamber":null,"dates":[{"date":"2025-12-10"}],"house":null,"progressStage":10,"showAs":"Enacted","stageCompleted":true,"stageOutcome":"Enacted","stageURI":"https:\/\/data.oireachtas.ie\/ie\/oireachtas\/def\/bill-stage\/enacted","uri":"https:\/\/data.oireachtas.ie\/ie\/oireachtas\/bill\/2025\/64\/stage\/oireachtas\/enacted"}}],"status":"Enacted","statusURI":"https:\/\/data.oireachtas.ie\/ie\/oireachtas\/def\/bill-status\/enacted","uri":"https:\/\/data.oireachtas.ie\/ie\/oireachtas\/bill\/2025\/64","versions":[{"version":{"lang":"eng","docType":"act","showAs":"Courts and Civil Law (Miscellaneous Provisions) Act 2025","date":"2025-12-10","formats":{"pdf":{"uri":"https:\/\/data.oireachtas.ie\/ie\/oireachtas\/act\/2025\/13\/eng\/enacted\/a1325.pdf"},"xml":null},"uri":"https:\/\/data.oireachtas.ie\/ie\/oireachtas\/act\/2025\/13\/eng\/enacted"}},{"version":{"lang":"eng","docType":"bill","showAs":"As Initiated","date":"2025-10-31","formats":{"pdf":{"uri":"https:\/\/data.oireachtas.ie\/ie\/oireachtas\/bill\/2025\/64\/eng\/initiated\/b6425d.pdf"},"xml":null},"uri":"https:\/\/data.oireachtas.ie\/ie\/oireachtas\/bill\/2025\/64\/eng\/initiated"}}]},"contextDate":"2025-12-10","billSort":{"actNoSort":13,"actShortTitleEnSort":"courts-and-civil-law-miscellaneous-provisions-act-2025","actShortTitleGaSort":"an-tacht-um-chuirteanna-agus-an-dli-sibhialta-foralacha-ilghneitheacha-2025","actYearSort":2025,"billNoSort":64,"billShortTitleEnSort":"courts-and-civil-law-miscellaneous-provisions-bill-2025","billShortTitleGaSort":"an-bille-um-chuirteanna-agus-an-dli-sibhialta-foralacha-ilghneitheacha-2025","billYearSort":2025}}]}