{"head":{"counts":{"billCount":402,"resultCount":402}},"results":[{"bill":{"act":null,"amendmentLists":[],"billNo":"15","billType":"Public","billTypeURI":"https:\/\/data.oireachtas.ie\/ie\/oireachtas\/def\/bill-type\/public","billYear":"2021","debates":[{"chamber":{"showAs":"D\u00e1il \u00c9ireann","uri":"https:\/\/data.oireachtas.ie\/ie\/oireachtas\/def\/house\/dail"},"date":"2025-09-30","debateSectionId":"dbsect_12","showAs":"Industrial Relations (Provisions in Respect of Pension Entitlements of Retired Workers) Bill 2021: Referral to Select Committee [Private Members]","uri":"https:\/\/data.oireachtas.ie\/akn\/ie\/debateRecord\/dail\/2025-09-30\/debate\/main"},{"chamber":{"showAs":"D\u00e1il \u00c9ireann","uri":"https:\/\/data.oireachtas.ie\/ie\/oireachtas\/def\/house\/dail"},"date":"2024-10-23","debateSectionId":"dbsect_13","showAs":"Industrial Relations (Provisions in Respect of Pension Entitlements of Retired Workers) Bill 2021: Referral to Select Committee [Private Members]","uri":"https:\/\/data.oireachtas.ie\/akn\/ie\/debateRecord\/dail\/2024-10-23\/debate\/main"},{"chamber":{"showAs":"D\u00e1il \u00c9ireann","uri":"https:\/\/data.oireachtas.ie\/ie\/oireachtas\/def\/house\/dail"},"date":"2021-06-30","debateSectionId":"dbsect_7","showAs":"Industrial Relations (Provisions in Respect of Pension Entitlements of Retired Workers) Bill 2021: Second Stage [Private Members]","uri":"https:\/\/data.oireachtas.ie\/akn\/ie\/debateRecord\/dail\/2021-06-30\/debate\/main"},{"chamber":{"showAs":"D\u00e1il \u00c9ireann","uri":"https:\/\/data.oireachtas.ie\/ie\/oireachtas\/def\/house\/dail"},"date":"2021-06-30","debateSectionId":"dbsect_36","showAs":"Industrial Relations (Provisions in Respect of Pension Entitlements of Retired Workers) Bill 2021: Second Stage (Resumed) [Private Members]","uri":"https:\/\/data.oireachtas.ie\/akn\/ie\/debateRecord\/dail\/2021-06-30\/debate\/main"},{"chamber":{"showAs":"D\u00e1il \u00c9ireann","uri":"https:\/\/data.oireachtas.ie\/ie\/oireachtas\/def\/house\/dail"},"date":"2021-02-11","debateSectionId":"dbsect_8","showAs":"Industrial Relations (Provisions in Respect of Pension Entitlements of Retired Workers) Bill 2021: First Stage","uri":"https:\/\/data.oireachtas.ie\/akn\/ie\/debateRecord\/dail\/2021-02-11\/debate\/main"}],"events":[{"event":{"chamber":{"chamberCode":"dail","showAs":"D\u00e1il \u00c9ireann","uri":"https:\/\/data.oireachtas.ie\/ie\/oireachtas\/def\/house\/dail"},"dates":[{"date":"2021-02-02"},{"date":"2021-02-11"},{"date":"2025-05-01"}],"eventURI":"https:\/\/data.oireachtas.ie\/ie\/oireachtas\/def\/bill-event\/admissibility-for-introduction","showAs":"Admissibility for Introduction","uri":"https:\/\/data.oireachtas.ie\/ie\/oireachtas\/bill\/2021\/15\/admissibility-for-introduction"}},{"event":{"chamber":{"chamberCode":"dail","showAs":"D\u00e1il \u00c9ireann","uri":"https:\/\/data.oireachtas.ie\/ie\/oireachtas\/def\/house\/dail"},"dates":[{"date":"2024-11-08"}],"eventURI":"https:\/\/data.oireachtas.ie\/ie\/oireachtas\/def\/bill-event\/bill-lapsed","showAs":"Bill Lapsed","uri":"https:\/\/data.oireachtas.ie\/ie\/oireachtas\/bill\/2021\/15\/bill-lapsed"}}],"lastUpdated":"2025-10-02T08:50:58.360000+00:00","longTitleEn":"Bill entitled an Act to amend and extend certain rights and protections of retired persons and certain representative associations in relation to industrial relations and trade disputes and for that purpose to amend the Trade Union Acts 1871 to 1990 and the Industrial Relations Acts 1946 to 2019, to make provision for enhanced representation of retired workers in relation to the administration of certain pension schemes, to amend the Pensions Act 1990 and to provide for related matters.","longTitleGa":"Bille d\u00e1 ngairtear Acht do leas\u00fa agus do leathn\u00fa cearta agus cosaint\u00ed \u00e1irithe de chuid daoine scortha agus de chuid comhlachais ionada\u00edocha \u00e1irithe i nd\u00e1il le caidreamh tionscail agus le haighnis cheirde agus, chun na cr\u00edche sin, do leas\u00fa na nAchtanna Ceardchumann, 1871 go 1990 agus na nAchtanna Caidrimh Thionscail, 1946 go 2019, do dh\u00e9anamh socr\u00fa maidir le hionada\u00edocht fheabhsaithe d\u2019oibrithe scortha i nd\u00e1il le riaradh sc\u00e9imeanna pinsean \u00e1irithe, do leas\u00fa Acht na bPinsean, 1990 agus do dh\u00e9anamh socr\u00fa i dtaobh nithe gaolmhara.","method":"Introduced","methodURI":"https:\/\/data.oireachtas.ie\/ie\/oireachtas\/def\/bill-method\/introduced","mostRecentStage":{"event":{"chamber":{"chamberCode":"dail","showAs":"D\u00e1il \u00c9ireann","uri":"https:\/\/data.oireachtas.ie\/ie\/oireachtas\/def\/house\/dail"},"dates":[{"date":"2025-09-30"},{"date":"2025-09-30"}],"house":{"chamberCode":"dail","chamberType":"house","houseCode":"dail","houseNo":"34","showAs":"34th D\u00e1il","uri":"https:\/\/data.oireachtas.ie\/ie\/oireachtas\/house\/dail\/34"},"progressStage":3,"showAs":"Committee Stage","stageCompleted":false,"stageOutcome":"Current","stageURI":"https:\/\/data.oireachtas.ie\/ie\/oireachtas\/def\/bill-stage\/3","uri":"https:\/\/data.oireachtas.ie\/ie\/oireachtas\/bill\/2021\/15\/stage\/dail\/3"}},"originHouse":{"showAs":"D\u00e1il \u00c9ireann","uri":"https:\/\/data.oireachtas.ie\/ie\/oireachtas\/def\/house\/dail"},"originHouseURI":"https:\/\/data.oireachtas.ie\/ie\/oireachtas\/def\/house\/dail","relatedDocs":[{"relatedDoc":{"date":"2021-02-11","docType":"memo","formats":{"pdf":{"uri":"https:\/\/data.oireachtas.ie\/ie\/oireachtas\/bill\/2021\/15\/eng\/memo\/b1521d-memo.pdf"},"xml":null},"lang":"eng","showAs":"Explanatory Memorandum","uri":"https:\/\/data.oireachtas.ie\/ie\/oireachtas\/bill\/2021\/15\/eng\/memo"}}],"shortTitleEn":"Industrial Relations (Provisions in Respect of Pension Entitlements of Retired Workers) Bill 2021","shortTitleGa":"An Bille Caidrimh Thionscail (For\u00e1lacha i leith Teidl\u00edochta\u00ed Pinsin Oibrithe Scortha), 2021","source":"Private Member","sourceURI":"https:\/\/data.oireachtas.ie\/ie\/oireachtas\/def\/bill-source\/private-member","sponsors":[{"sponsor":{"as":{"showAs":null,"uri":null},"by":{"showAs":"Br\u00edd Smith","uri":"https:\/\/data.oireachtas.ie\/ie\/oireachtas\/member\/id\/Br\u00edd-Smith.D.2016-10-03"},"isPrimary":true}},{"sponsor":{"as":{"showAs":null,"uri":null},"by":{"showAs":"Gino Kenny","uri":"https:\/\/data.oireachtas.ie\/ie\/oireachtas\/member\/id\/Gino-Kenny.D.2016-10-03"},"isPrimary":false}},{"sponsor":{"as":{"showAs":null,"uri":null},"by":{"showAs":"Richard Boyd Barrett","uri":"https:\/\/data.oireachtas.ie\/ie\/oireachtas\/member\/id\/Richard-Boyd-Barrett.D.2011-03-09"},"isPrimary":false}},{"sponsor":{"as":{"showAs":null,"uri":null},"by":{"showAs":"Paul Murphy","uri":"https:\/\/data.oireachtas.ie\/ie\/oireachtas\/member\/id\/Paul-Murphy.D.2014-10-10"},"isPrimary":false}}],"stages":[{"event":{"chamber":{"chamberCode":"dail","showAs":"D\u00e1il \u00c9ireann","uri":"https:\/\/data.oireachtas.ie\/ie\/oireachtas\/def\/house\/dail"},"dates":[{"date":"2021-02-02"},{"date":"2021-02-11"},{"date":"2021-02-11"}],"house":{"chamberCode":"dail","chamberType":"house","houseCode":"dail","houseNo":"33","showAs":"33rd D\u00e1il","uri":"https:\/\/data.oireachtas.ie\/ie\/oireachtas\/house\/dail\/33"},"progressStage":1,"showAs":"First Stage","stageCompleted":true,"stageOutcome":null,"stageURI":"https:\/\/data.oireachtas.ie\/ie\/oireachtas\/def\/bill-stage\/1","uri":"https:\/\/data.oireachtas.ie\/ie\/oireachtas\/bill\/2021\/15\/stage\/dail\/1"}},{"event":{"chamber":{"chamberCode":"dail","showAs":"D\u00e1il \u00c9ireann","uri":"https:\/\/data.oireachtas.ie\/ie\/oireachtas\/def\/house\/dail"},"dates":[{"date":"2021-02-11"}],"house":{"chamberCode":"dail","chamberType":"house","houseCode":"dail","houseNo":"33","showAs":"33rd D\u00e1il","uri":"https:\/\/data.oireachtas.ie\/ie\/oireachtas\/house\/dail\/33"},"progressStage":2,"showAs":"Second Stage","stageCompleted":true,"stageOutcome":null,"stageURI":"https:\/\/data.oireachtas.ie\/ie\/oireachtas\/def\/bill-stage\/2","uri":"https:\/\/data.oireachtas.ie\/ie\/oireachtas\/bill\/2021\/15\/stage\/dail\/2"}},{"event":{"chamber":{"chamberCode":"dail","showAs":"D\u00e1il \u00c9ireann","uri":"https:\/\/data.oireachtas.ie\/ie\/oireachtas\/def\/house\/dail"},"dates":[{"date":"2025-09-30"},{"date":"2025-09-30"}],"house":{"chamberCode":"dail","chamberType":"house","houseCode":"dail","houseNo":"34","showAs":"34th D\u00e1il","uri":"https:\/\/data.oireachtas.ie\/ie\/oireachtas\/house\/dail\/34"},"progressStage":3,"showAs":"Committee Stage","stageCompleted":false,"stageOutcome":"Current","stageURI":"https:\/\/data.oireachtas.ie\/ie\/oireachtas\/def\/bill-stage\/3","uri":"https:\/\/data.oireachtas.ie\/ie\/oireachtas\/bill\/2021\/15\/stage\/dail\/3"}}],"status":"Current","statusURI":"https:\/\/data.oireachtas.ie\/ie\/oireachtas\/def\/bill-status\/published","uri":"https:\/\/data.oireachtas.ie\/ie\/oireachtas\/bill\/2021\/15","versions":[{"version":{"date":"2021-02-11","docType":"bill","formats":{"pdf":{"uri":"https:\/\/data.oireachtas.ie\/ie\/oireachtas\/bill\/2021\/15\/eng\/initiated\/b1521d.pdf"},"xml":null},"lang":"eng","showAs":"As Initiated","uri":"https:\/\/data.oireachtas.ie\/ie\/oireachtas\/bill\/2021\/15\/eng\/initiated"}}]},"billSort":{"actNoSort":null,"actShortTitleEnSort":null,"actShortTitleGaSort":null,"actYearSort":null,"billNoSort":15,"billShortTitleEnSort":"industrial-relations-provisions-in-respect-of-pension-entitlements-of-retired-workers-bill-2021","billShortTitleGaSort":"an-bille-caidrimh-thionscail-foralacha-i-leith-teidliochtai-pinsin-oibrithe-scortha-2021","billYearSort":2021},"contextDate":"2025-09-30"},{"bill":{"act":null,"amendmentLists":[],"billNo":"13","billType":"Public","billTypeURI":"https:\/\/data.oireachtas.ie\/ie\/oireachtas\/def\/bill-type\/public","billYear":"2021","debates":[{"chamber":{"showAs":"D\u00e1il \u00c9ireann","uri":"https:\/\/data.oireachtas.ie\/ie\/oireachtas\/def\/house\/dail"},"date":"2021-02-10","debateSectionId":"dbsect_11","showAs":"Derelict Sites (Amendment) Bill 2021: First Stage","uri":"https:\/\/data.oireachtas.ie\/akn\/ie\/debateRecord\/dail\/2021-02-10\/debate\/main"}],"events":[{"event":{"chamber":{"chamberCode":"dail","showAs":"D\u00e1il \u00c9ireann","uri":"https:\/\/data.oireachtas.ie\/ie\/oireachtas\/def\/house\/dail"},"dates":[{"date":"2021-01-19"},{"date":"2021-02-10"},{"date":"2025-05-01"}],"eventURI":"https:\/\/data.oireachtas.ie\/ie\/oireachtas\/def\/bill-event\/admissibility-for-introduction","showAs":"Admissibility for Introduction","uri":"https:\/\/data.oireachtas.ie\/ie\/oireachtas\/bill\/2021\/13\/admissibility-for-introduction"}},{"event":{"chamber":{"chamberCode":"dail","showAs":"D\u00e1il \u00c9ireann","uri":"https:\/\/data.oireachtas.ie\/ie\/oireachtas\/def\/house\/dail"},"dates":[{"date":"2024-11-08"}],"eventURI":"https:\/\/data.oireachtas.ie\/ie\/oireachtas\/def\/bill-event\/bill-lapsed","showAs":"Bill Lapsed","uri":"https:\/\/data.oireachtas.ie\/ie\/oireachtas\/bill\/2021\/13\/bill-lapsed"}}],"lastUpdated":"2025-05-02T12:51:36.170000+00:00","longTitleEn":"Bill entitled an Act to give security to local authorities, by way of creating a charge on the land concerned, in relation to the expenses incurred by the local authority in order to give effect to measures which the local authority considers to be necessary in order to prevent the land from becoming or continuing to be a derelict site, for that purpose to amend the Derelict Sites Act 1990, and to provide for related matters.","longTitleGa":"Bille d\u00e1 ngairtear Acht do thabhairt urr\u00fas d\u2019\u00fadar\u00e1is \u00e1iti\u00fala, tr\u00ed mhuirear ar an talamh lena mbaineann a chruth\u00fa, i nd\u00e1il leis na caiteachais arna dtabh\u00fa ag an \u00fadar\u00e1s \u00e1iti\u00fail d\u2019fhonn \u00e9ifeacht a thabhairt do bhearta a mheasfaidh an t-\u00fadar\u00e1s \u00e1iti\u00fail is g\u00e1 chun nach dtiocfadh an talamh chun bheith ina l\u00e1ithre\u00e1n tr\u00e9igthe n\u00f3 nach leanfaidh an talamh de bheith ina l\u00e1ithre\u00e1n tr\u00e9igthe, chun na cr\u00edche sin do leas\u00fa an Achta um L\u00e1ithre\u00e1in Thr\u00e9igthe, 1990, agus do dh\u00e9anamh socr\u00fa i dtaobh nithe gaolmhara.","method":"Introduced","methodURI":"https:\/\/data.oireachtas.ie\/ie\/oireachtas\/def\/bill-method\/introduced","mostRecentStage":{"event":{"chamber":{"chamberCode":"dail","showAs":"D\u00e1il \u00c9ireann","uri":"https:\/\/data.oireachtas.ie\/ie\/oireachtas\/def\/house\/dail"},"dates":[{"date":"2024-11-08"},{"date":"2025-05-01"}],"house":{"chamberCode":"dail","chamberType":"house","houseCode":"dail","houseNo":"33","showAs":"33rd D\u00e1il","uri":"https:\/\/data.oireachtas.ie\/ie\/oireachtas\/house\/dail\/33"},"progressStage":2,"showAs":"Second Stage","stageCompleted":false,"stageOutcome":"Current","stageURI":"https:\/\/data.oireachtas.ie\/ie\/oireachtas\/def\/bill-stage\/2","uri":"https:\/\/data.oireachtas.ie\/ie\/oireachtas\/bill\/2021\/13\/stage\/dail\/2"}},"originHouse":{"showAs":"D\u00e1il \u00c9ireann","uri":"https:\/\/data.oireachtas.ie\/ie\/oireachtas\/def\/house\/dail"},"originHouseURI":"https:\/\/data.oireachtas.ie\/ie\/oireachtas\/def\/house\/dail","relatedDocs":[{"relatedDoc":{"date":"2021-02-10","docType":"memo","formats":{"pdf":{"uri":"https:\/\/data.oireachtas.ie\/ie\/oireachtas\/bill\/2021\/13\/eng\/memo\/derelictsites-amendment-bill2021exmemo.pdf"},"xml":null},"lang":"eng","showAs":"Explanatory Memorandum","uri":"https:\/\/data.oireachtas.ie\/ie\/oireachtas\/bill\/2021\/13\/eng\/memo"}}],"shortTitleEn":"Derelict Sites (Amendment) Bill 2021","shortTitleGa":"An Bille um L\u00e1ithre\u00e1in Thr\u00e9igthe (Leas\u00fa), 2021","source":"Private Member","sourceURI":"https:\/\/data.oireachtas.ie\/ie\/oireachtas\/def\/bill-source\/private-member","sponsors":[{"sponsor":{"as":{"showAs":null,"uri":null},"by":{"showAs":"Se\u00e1n Sherlock","uri":"https:\/\/data.oireachtas.ie\/ie\/oireachtas\/member\/id\/Se\u00e1n-Sherlock.D.2007-06-14"},"isPrimary":true}}],"stages":[{"event":{"chamber":{"chamberCode":"dail","showAs":"D\u00e1il \u00c9ireann","uri":"https:\/\/data.oireachtas.ie\/ie\/oireachtas\/def\/house\/dail"},"dates":[{"date":"2021-01-19"},{"date":"2021-02-10"},{"date":"2021-02-10"}],"house":{"chamberCode":"dail","chamberType":"house","houseCode":"dail","houseNo":"33","showAs":"33rd D\u00e1il","uri":"https:\/\/data.oireachtas.ie\/ie\/oireachtas\/house\/dail\/33"},"progressStage":1,"showAs":"First Stage","stageCompleted":true,"stageOutcome":null,"stageURI":"https:\/\/data.oireachtas.ie\/ie\/oireachtas\/def\/bill-stage\/1","uri":"https:\/\/data.oireachtas.ie\/ie\/oireachtas\/bill\/2021\/13\/stage\/dail\/1"}},{"event":{"chamber":{"chamberCode":"dail","showAs":"D\u00e1il \u00c9ireann","uri":"https:\/\/data.oireachtas.ie\/ie\/oireachtas\/def\/house\/dail"},"dates":[{"date":"2024-11-08"},{"date":"2025-05-01"}],"house":{"chamberCode":"dail","chamberType":"house","houseCode":"dail","houseNo":"33","showAs":"33rd D\u00e1il","uri":"https:\/\/data.oireachtas.ie\/ie\/oireachtas\/house\/dail\/33"},"progressStage":2,"showAs":"Second Stage","stageCompleted":false,"stageOutcome":"Current","stageURI":"https:\/\/data.oireachtas.ie\/ie\/oireachtas\/def\/bill-stage\/2","uri":"https:\/\/data.oireachtas.ie\/ie\/oireachtas\/bill\/2021\/13\/stage\/dail\/2"}}],"status":"Current","statusURI":"https:\/\/data.oireachtas.ie\/ie\/oireachtas\/def\/bill-status\/published","uri":"https:\/\/data.oireachtas.ie\/ie\/oireachtas\/bill\/2021\/13","versions":[{"version":{"date":"2021-02-10","docType":"bill","formats":{"pdf":{"uri":"https:\/\/data.oireachtas.ie\/ie\/oireachtas\/bill\/2021\/13\/eng\/initiated\/86252-derelict-sites-amendment-bill-2021.pdf"},"xml":null},"lang":"eng","showAs":"As Initiated","uri":"https:\/\/data.oireachtas.ie\/ie\/oireachtas\/bill\/2021\/13\/eng\/initiated"}}]},"billSort":{"actNoSort":null,"actShortTitleEnSort":null,"actShortTitleGaSort":null,"actYearSort":null,"billNoSort":13,"billShortTitleEnSort":"derelict-sites-amendment-bill-2021","billShortTitleGaSort":"an-bille-um-laithreain-threigthe-leasu-2021","billYearSort":2021},"contextDate":"2025-05-01"},{"bill":{"act":null,"amendmentLists":[],"billNo":"12","billType":"Public","billTypeURI":"https:\/\/data.oireachtas.ie\/ie\/oireachtas\/def\/bill-type\/public","billYear":"2021","debates":[{"chamber":{"showAs":"Seanad \u00c9ireann","uri":"https:\/\/data.oireachtas.ie\/ie\/oireachtas\/def\/house\/seanad"},"date":"2021-02-08","debateSectionId":"dbsect_11","showAs":"Criminal Procedure and Related Matters Bill 2021: First Stage","uri":"https:\/\/data.oireachtas.ie\/akn\/ie\/debateRecord\/seanad\/2021-02-08\/debate\/main"}],"events":[{"event":{"chamber":{"chamberCode":"seanad","showAs":"Seanad \u00c9ireann","uri":"https:\/\/data.oireachtas.ie\/ie\/oireachtas\/def\/house\/seanad"},"dates":[{"date":"2021-01-28"},{"date":"2021-02-08"}],"eventURI":"https:\/\/data.oireachtas.ie\/ie\/oireachtas\/def\/bill-event\/admissibility-for-introduction","showAs":"Admissibility for Introduction","uri":"https:\/\/data.oireachtas.ie\/ie\/oireachtas\/bill\/2021\/12\/admissibility-for-introduction"}},{"event":{"chamber":{"chamberCode":"seanad","showAs":"Seanad \u00c9ireann","uri":"https:\/\/data.oireachtas.ie\/ie\/oireachtas\/def\/house\/seanad"},"dates":[{"date":"2025-01-29"}],"eventURI":"https:\/\/data.oireachtas.ie\/ie\/oireachtas\/def\/bill-event\/bill-lapsed","showAs":"Bill Lapsed","uri":"https:\/\/data.oireachtas.ie\/ie\/oireachtas\/bill\/2021\/12\/bill-lapsed"}}],"lastUpdated":"2025-01-30T11:17:37.160000+00:00","longTitleEn":"Bill entitled an Act to make various amendments to aspects of criminal procedure and to make provision for related matters.","longTitleGa":"Bille d\u00e1 ngairtear Acht do dh\u00e9anamh leasuithe \u00e9ags\u00fala ar ghn\u00e9ithe den n\u00f3s imeachta coiri\u00fail agus do dh\u00e9anamh socr\u00fa i dtaobh nithe gaolmhara.","method":"Introduced","methodURI":"https:\/\/data.oireachtas.ie\/ie\/oireachtas\/def\/bill-method\/introduced","mostRecentStage":{"event":{"chamber":{"chamberCode":"seanad","showAs":"Seanad \u00c9ireann","uri":"https:\/\/data.oireachtas.ie\/ie\/oireachtas\/def\/house\/seanad"},"dates":[{"date":"2021-01-28"},{"date":"2021-02-08"},{"date":"2021-02-08"}],"house":{"chamberCode":"seanad","chamberType":"house","houseCode":"seanad","houseNo":"26","showAs":"26th Seanad","uri":"https:\/\/data.oireachtas.ie\/ie\/oireachtas\/house\/seanad\/26"},"progressStage":1,"showAs":"First Stage","stageCompleted":true,"stageOutcome":null,"stageURI":"https:\/\/data.oireachtas.ie\/ie\/oireachtas\/def\/bill-stage\/1","uri":"https:\/\/data.oireachtas.ie\/ie\/oireachtas\/bill\/2021\/12\/stage\/seanad\/1"}},"originHouse":{"showAs":"Seanad \u00c9ireann","uri":"https:\/\/data.oireachtas.ie\/ie\/oireachtas\/def\/house\/seanad"},"originHouseURI":"https:\/\/data.oireachtas.ie\/ie\/oireachtas\/def\/house\/seanad","relatedDocs":[{"relatedDoc":{"date":"2021-02-08","docType":"memo","formats":{"pdf":{"uri":"https:\/\/data.oireachtas.ie\/ie\/oireachtas\/bill\/2021\/12\/eng\/memo\/b1221s-memo.pdf"},"xml":null},"lang":"eng","showAs":"Explanatory Memorandum","uri":"https:\/\/data.oireachtas.ie\/ie\/oireachtas\/bill\/2021\/12\/eng\/memo"}}],"shortTitleEn":"Criminal Procedure and Related Matters Bill 2021","shortTitleGa":"An Bille um N\u00f3s Imeachta Coiri\u00fail agus Nithe Gaolmhara, 2021","source":"Private Member","sourceURI":"https:\/\/data.oireachtas.ie\/ie\/oireachtas\/def\/bill-source\/private-member","sponsors":[{"sponsor":{"as":{"showAs":null,"uri":null},"by":{"showAs":"Barry Ward","uri":"https:\/\/data.oireachtas.ie\/ie\/oireachtas\/member\/id\/Barry-Ward.S.2020-03-30"},"isPrimary":true}},{"sponsor":{"as":{"showAs":null,"uri":null},"by":{"showAs":"Mary Seery Kearney","uri":"https:\/\/data.oireachtas.ie\/ie\/oireachtas\/member\/id\/Mary-Seery-Kearney.S.2020-06-29"},"isPrimary":false}},{"sponsor":{"as":{"showAs":null,"uri":null},"by":{"showAs":"Martin Conway","uri":"https:\/\/data.oireachtas.ie\/ie\/oireachtas\/member\/id\/Martin-Conway.S.2011-05-25"},"isPrimary":false}}],"stages":[{"event":{"chamber":{"chamberCode":"seanad","showAs":"Seanad \u00c9ireann","uri":"https:\/\/data.oireachtas.ie\/ie\/oireachtas\/def\/house\/seanad"},"dates":[{"date":"2021-01-28"},{"date":"2021-02-08"},{"date":"2021-02-08"}],"house":{"chamberCode":"seanad","chamberType":"house","houseCode":"seanad","houseNo":"26","showAs":"26th Seanad","uri":"https:\/\/data.oireachtas.ie\/ie\/oireachtas\/house\/seanad\/26"},"progressStage":1,"showAs":"First Stage","stageCompleted":true,"stageOutcome":null,"stageURI":"https:\/\/data.oireachtas.ie\/ie\/oireachtas\/def\/bill-stage\/1","uri":"https:\/\/data.oireachtas.ie\/ie\/oireachtas\/bill\/2021\/12\/stage\/seanad\/1"}}],"status":"Lapsed","statusURI":"https:\/\/data.oireachtas.ie\/ie\/oireachtas\/def\/bill-status\/lapsed","uri":"https:\/\/data.oireachtas.ie\/ie\/oireachtas\/bill\/2021\/12","versions":[{"version":{"date":"2021-02-08","docType":"bill","formats":{"pdf":{"uri":"https:\/\/data.oireachtas.ie\/ie\/oireachtas\/bill\/2021\/12\/eng\/initiated\/b1221s.pdf"},"xml":null},"lang":"eng","showAs":"As Initiated","uri":"https:\/\/data.oireachtas.ie\/ie\/oireachtas\/bill\/2021\/12\/eng\/initiated"}}]},"billSort":{"actNoSort":null,"actShortTitleEnSort":null,"actShortTitleGaSort":null,"actYearSort":null,"billNoSort":12,"billShortTitleEnSort":"criminal-procedure-and-related-matters-bill-2021","billShortTitleGaSort":"an-bille-um-nos-imeachta-coiriuil-agus-nithe-gaolmhara-2021","billYearSort":2021},"contextDate":"2021-02-08"},{"bill":{"act":null,"amendmentLists":[],"billNo":"4","billType":"Public","billTypeURI":"https:\/\/data.oireachtas.ie\/ie\/oireachtas\/def\/bill-type\/public","billYear":"2021","debates":[{"chamber":{"showAs":"Seanad \u00c9ireann","uri":"https:\/\/data.oireachtas.ie\/ie\/oireachtas\/def\/house\/seanad"},"date":"2021-02-08","debateSectionId":"dbsect_15","showAs":"Free Provision of Period Products Bill 2021: Second Stage","uri":"https:\/\/data.oireachtas.ie\/akn\/ie\/debateRecord\/seanad\/2021-02-08\/debate\/main"},{"chamber":{"showAs":"Seanad \u00c9ireann","uri":"https:\/\/data.oireachtas.ie\/ie\/oireachtas\/def\/house\/seanad"},"date":"2021-01-26","debateSectionId":"dbsect_13","showAs":"Free Provision of Period Products Bill 2021: First Stage","uri":"https:\/\/data.oireachtas.ie\/akn\/ie\/debateRecord\/seanad\/2021-01-26\/debate\/main"}],"events":[{"event":{"chamber":{"chamberCode":"seanad","showAs":"Seanad \u00c9ireann","uri":"https:\/\/data.oireachtas.ie\/ie\/oireachtas\/def\/house\/seanad"},"dates":[{"date":"2021-01-15"},{"date":"2021-01-25"},{"date":"2021-01-26"},{"date":"2025-03-27"}],"eventURI":"https:\/\/data.oireachtas.ie\/ie\/oireachtas\/def\/bill-event\/admissibility-for-introduction","showAs":"Admissibility for Introduction","uri":"https:\/\/data.oireachtas.ie\/ie\/oireachtas\/bill\/2021\/4\/admissibility-for-introduction"}},{"event":{"chamber":{"chamberCode":"seanad","showAs":"Seanad \u00c9ireann","uri":"https:\/\/data.oireachtas.ie\/ie\/oireachtas\/def\/house\/seanad"},"dates":[{"date":"2025-01-29"}],"eventURI":"https:\/\/data.oireachtas.ie\/ie\/oireachtas\/def\/bill-event\/bill-lapsed","showAs":"Bill Lapsed","uri":"https:\/\/data.oireachtas.ie\/ie\/oireachtas\/bill\/2021\/4\/bill-lapsed"}}],"lastUpdated":"2025-03-28T11:02:43.770000+00:00","longTitleEn":"Bill entitled an Act to secure the Provision of free period products.","longTitleGa":"Bille d\u00e1 ngairtear Acht chun sol\u00e1thar t\u00e1irg\u00ed m\u00edosta saor in aisce a \u00e1irithi\u00fa.","method":"Introduced","methodURI":"https:\/\/data.oireachtas.ie\/ie\/oireachtas\/def\/bill-method\/introduced","mostRecentStage":{"event":{"chamber":{"chamberCode":"seanad","showAs":"Seanad \u00c9ireann","uri":"https:\/\/data.oireachtas.ie\/ie\/oireachtas\/def\/house\/seanad"},"dates":[{"date":"2025-01-29"},{"date":"2025-03-27"}],"house":{"chamberCode":"seanad","chamberType":"house","houseCode":"seanad","houseNo":"27","showAs":"27th Seanad","uri":"https:\/\/data.oireachtas.ie\/ie\/oireachtas\/house\/seanad\/27"},"progressStage":3,"showAs":"Committee Stage","stageCompleted":false,"stageOutcome":"Current","stageURI":"https:\/\/data.oireachtas.ie\/ie\/oireachtas\/def\/bill-stage\/3","uri":"https:\/\/data.oireachtas.ie\/ie\/oireachtas\/bill\/2021\/4\/stage\/seanad\/3"}},"originHouse":{"showAs":"Seanad \u00c9ireann","uri":"https:\/\/data.oireachtas.ie\/ie\/oireachtas\/def\/house\/seanad"},"originHouseURI":"https:\/\/data.oireachtas.ie\/ie\/oireachtas\/def\/house\/seanad","relatedDocs":[{"relatedDoc":{"date":"2021-01-26","docType":"memo","formats":{"pdf":{"uri":"https:\/\/data.oireachtas.ie\/ie\/oireachtas\/bill\/2021\/4\/eng\/memo\/b0421s-memo.pdf"},"xml":null},"lang":"eng","showAs":"Explanatory Memorandum","uri":"https:\/\/data.oireachtas.ie\/ie\/oireachtas\/bill\/2021\/4\/eng\/memo"}}],"shortTitleEn":"Free Provision of Period Products Bill 2021","shortTitleGa":"An Bille um Th\u00e1irg\u00ed M\u00edosta a Shol\u00e1thar Saor in Aisce, 2021","source":"Private Member","sourceURI":"https:\/\/data.oireachtas.ie\/ie\/oireachtas\/def\/bill-source\/private-member","sponsors":[{"sponsor":{"as":{"showAs":null,"uri":null},"by":{"showAs":"Lorraine Clifford-Lee","uri":"https:\/\/data.oireachtas.ie\/ie\/oireachtas\/member\/id\/Lorraine-Clifford-Lee.S.2016-04-25"},"isPrimary":true}},{"sponsor":{"as":{"showAs":null,"uri":null},"by":{"showAs":"Catherine Ardagh","uri":"https:\/\/data.oireachtas.ie\/ie\/oireachtas\/member\/id\/Catherine-Ardagh.S.2016-04-25"},"isPrimary":false}},{"sponsor":{"as":{"showAs":null,"uri":null},"by":{"showAs":"Mary Fitzpatrick","uri":"https:\/\/data.oireachtas.ie\/ie\/oireachtas\/member\/id\/Mary-Fitzpatrick.S.2020-06-29"},"isPrimary":false}}],"stages":[{"event":{"chamber":{"chamberCode":"seanad","showAs":"Seanad \u00c9ireann","uri":"https:\/\/data.oireachtas.ie\/ie\/oireachtas\/def\/house\/seanad"},"dates":[{"date":"2021-01-15"},{"date":"2021-01-25"},{"date":"2021-01-26"},{"date":"2021-01-26"}],"house":{"chamberCode":"seanad","chamberType":"house","houseCode":"seanad","houseNo":"26","showAs":"26th Seanad","uri":"https:\/\/data.oireachtas.ie\/ie\/oireachtas\/house\/seanad\/26"},"progressStage":1,"showAs":"First Stage","stageCompleted":true,"stageOutcome":null,"stageURI":"https:\/\/data.oireachtas.ie\/ie\/oireachtas\/def\/bill-stage\/1","uri":"https:\/\/data.oireachtas.ie\/ie\/oireachtas\/bill\/2021\/4\/stage\/seanad\/1"}},{"event":{"chamber":{"chamberCode":"seanad","showAs":"Seanad \u00c9ireann","uri":"https:\/\/data.oireachtas.ie\/ie\/oireachtas\/def\/house\/seanad"},"dates":[{"date":"2021-01-26"}],"house":{"chamberCode":"seanad","chamberType":"house","houseCode":"seanad","houseNo":"26","showAs":"26th Seanad","uri":"https:\/\/data.oireachtas.ie\/ie\/oireachtas\/house\/seanad\/26"},"progressStage":2,"showAs":"Second Stage","stageCompleted":true,"stageOutcome":null,"stageURI":"https:\/\/data.oireachtas.ie\/ie\/oireachtas\/def\/bill-stage\/2","uri":"https:\/\/data.oireachtas.ie\/ie\/oireachtas\/bill\/2021\/4\/stage\/seanad\/2"}},{"event":{"chamber":{"chamberCode":"seanad","showAs":"Seanad \u00c9ireann","uri":"https:\/\/data.oireachtas.ie\/ie\/oireachtas\/def\/house\/seanad"},"dates":[{"date":"2025-01-29"},{"date":"2025-03-27"}],"house":{"chamberCode":"seanad","chamberType":"house","houseCode":"seanad","houseNo":"27","showAs":"27th Seanad","uri":"https:\/\/data.oireachtas.ie\/ie\/oireachtas\/house\/seanad\/27"},"progressStage":3,"showAs":"Committee Stage","stageCompleted":false,"stageOutcome":"Current","stageURI":"https:\/\/data.oireachtas.ie\/ie\/oireachtas\/def\/bill-stage\/3","uri":"https:\/\/data.oireachtas.ie\/ie\/oireachtas\/bill\/2021\/4\/stage\/seanad\/3"}}],"status":"Current","statusURI":"https:\/\/data.oireachtas.ie\/ie\/oireachtas\/def\/bill-status\/published","uri":"https:\/\/data.oireachtas.ie\/ie\/oireachtas\/bill\/2021\/4","versions":[{"version":{"date":"2021-01-26","docType":"bill","formats":{"pdf":{"uri":"https:\/\/data.oireachtas.ie\/ie\/oireachtas\/bill\/2021\/4\/eng\/initiated\/b0421s.pdf"},"xml":null},"lang":"eng","showAs":"As Initiated","uri":"https:\/\/data.oireachtas.ie\/ie\/oireachtas\/bill\/2021\/4\/eng\/initiated"}}]},"billSort":{"actNoSort":null,"actShortTitleEnSort":null,"actShortTitleGaSort":null,"actYearSort":null,"billNoSort":4,"billShortTitleEnSort":"free-provision-of-period-products-bill-2021","billShortTitleGaSort":"an-bille-um-thairgi-miosta-a-sholathar-saor-in-aisce-2021","billYearSort":2021},"contextDate":"2025-03-27"},{"bill":{"act":null,"amendmentLists":[],"billNo":"2","billType":"Public","billTypeURI":"https:\/\/data.oireachtas.ie\/ie\/oireachtas\/def\/bill-type\/public","billYear":"2021","debates":[{"chamber":{"showAs":"Seanad \u00c9ireann","uri":"https:\/\/data.oireachtas.ie\/ie\/oireachtas\/def\/house\/seanad"},"date":"2021-01-19","debateSectionId":"dbsect_4","showAs":"Period Products (Free Provision) Bill 2021: First Stage","uri":"https:\/\/data.oireachtas.ie\/akn\/ie\/debateRecord\/seanad\/2021-01-19\/debate\/main"}],"events":[{"event":{"chamber":{"chamberCode":"seanad","showAs":"Seanad \u00c9ireann","uri":"https:\/\/data.oireachtas.ie\/ie\/oireachtas\/def\/house\/seanad"},"dates":[{"date":"2021-01-08"},{"date":"2021-01-19"}],"eventURI":"https:\/\/data.oireachtas.ie\/ie\/oireachtas\/def\/bill-event\/admissibility-for-introduction","showAs":"Admissibility for Introduction","uri":"https:\/\/data.oireachtas.ie\/ie\/oireachtas\/bill\/2021\/2\/admissibility-for-introduction"}},{"event":{"chamber":{"chamberCode":"seanad","showAs":"Seanad \u00c9ireann","uri":"https:\/\/data.oireachtas.ie\/ie\/oireachtas\/def\/house\/seanad"},"dates":[{"date":"2025-01-29"}],"eventURI":"https:\/\/data.oireachtas.ie\/ie\/oireachtas\/def\/bill-event\/bill-lapsed","showAs":"Bill Lapsed","uri":"https:\/\/data.oireachtas.ie\/ie\/oireachtas\/bill\/2021\/2\/bill-lapsed"}}],"lastUpdated":"2025-01-30T11:17:37.160000+00:00","longTitleEn":"Bill entitled an Act to secure the general availability, free of charge, of period products.","longTitleGa":"Bille d\u00e1 ngairtear Acht chun infhaighteacht ghinear\u00e1lta t\u00e1irg\u00ed m\u00edosta, saor in aisce, a \u00e1irithi\u00fa.","method":"Introduced","methodURI":"https:\/\/data.oireachtas.ie\/ie\/oireachtas\/def\/bill-method\/introduced","mostRecentStage":{"event":{"chamber":{"chamberCode":"seanad","showAs":"Seanad \u00c9ireann","uri":"https:\/\/data.oireachtas.ie\/ie\/oireachtas\/def\/house\/seanad"},"dates":[{"date":"2021-01-08"},{"date":"2021-01-19"},{"date":"2021-01-19"}],"house":{"chamberCode":"seanad","chamberType":"house","houseCode":"seanad","houseNo":"26","showAs":"26th Seanad","uri":"https:\/\/data.oireachtas.ie\/ie\/oireachtas\/house\/seanad\/26"},"progressStage":1,"showAs":"First Stage","stageCompleted":true,"stageOutcome":null,"stageURI":"https:\/\/data.oireachtas.ie\/ie\/oireachtas\/def\/bill-stage\/1","uri":"https:\/\/data.oireachtas.ie\/ie\/oireachtas\/bill\/2021\/2\/stage\/seanad\/1"}},"originHouse":{"showAs":"Seanad \u00c9ireann","uri":"https:\/\/data.oireachtas.ie\/ie\/oireachtas\/def\/house\/seanad"},"originHouseURI":"https:\/\/data.oireachtas.ie\/ie\/oireachtas\/def\/house\/seanad","relatedDocs":[],"shortTitleEn":"Period Products (Free Provision) Bill 2021","shortTitleGa":"An Bille um Th\u00e1irg\u00ed M\u00edosta (Sol\u00e1thar Saor in Aisce), 2021","source":"Private Member","sourceURI":"https:\/\/data.oireachtas.ie\/ie\/oireachtas\/def\/bill-source\/private-member","sponsors":[{"sponsor":{"as":{"showAs":null,"uri":null},"by":{"showAs":"Rebecca Moynihan","uri":"https:\/\/data.oireachtas.ie\/ie\/oireachtas\/member\/id\/Rebecca-Moynihan.S.2020-03-30"},"isPrimary":true}},{"sponsor":{"as":{"showAs":null,"uri":null},"by":{"showAs":"Ivana Bacik","uri":"https:\/\/data.oireachtas.ie\/ie\/oireachtas\/member\/id\/Ivana-Bacik.S.2007-07-23"},"isPrimary":false}},{"sponsor":{"as":{"showAs":null,"uri":null},"by":{"showAs":"Annie Hoey","uri":"https:\/\/data.oireachtas.ie\/ie\/oireachtas\/member\/id\/Annie-Hoey.S.2020-03-30"},"isPrimary":false}},{"sponsor":{"as":{"showAs":null,"uri":null},"by":{"showAs":"Marie Sherlock","uri":"https:\/\/data.oireachtas.ie\/ie\/oireachtas\/member\/id\/Marie-Sherlock.S.2020-03-30"},"isPrimary":false}},{"sponsor":{"as":{"showAs":null,"uri":null},"by":{"showAs":"Mark Wall","uri":"https:\/\/data.oireachtas.ie\/ie\/oireachtas\/member\/id\/Mark-Wall.S.2020-03-30"},"isPrimary":false}}],"stages":[{"event":{"chamber":{"chamberCode":"seanad","showAs":"Seanad \u00c9ireann","uri":"https:\/\/data.oireachtas.ie\/ie\/oireachtas\/def\/house\/seanad"},"dates":[{"date":"2021-01-08"},{"date":"2021-01-19"},{"date":"2021-01-19"}],"house":{"chamberCode":"seanad","chamberType":"house","houseCode":"seanad","houseNo":"26","showAs":"26th Seanad","uri":"https:\/\/data.oireachtas.ie\/ie\/oireachtas\/house\/seanad\/26"},"progressStage":1,"showAs":"First Stage","stageCompleted":true,"stageOutcome":null,"stageURI":"https:\/\/data.oireachtas.ie\/ie\/oireachtas\/def\/bill-stage\/1","uri":"https:\/\/data.oireachtas.ie\/ie\/oireachtas\/bill\/2021\/2\/stage\/seanad\/1"}}],"status":"Lapsed","statusURI":"https:\/\/data.oireachtas.ie\/ie\/oireachtas\/def\/bill-status\/lapsed","uri":"https:\/\/data.oireachtas.ie\/ie\/oireachtas\/bill\/2021\/2","versions":[{"version":{"date":"2021-01-19","docType":"bill","formats":{"pdf":{"uri":"https:\/\/data.oireachtas.ie\/ie\/oireachtas\/bill\/2021\/2\/eng\/initiated\/b0221s.pdf"},"xml":null},"lang":"eng","showAs":"As Initiated","uri":"https:\/\/data.oireachtas.ie\/ie\/oireachtas\/bill\/2021\/2\/eng\/initiated"}}]},"billSort":{"actNoSort":null,"actShortTitleEnSort":null,"actShortTitleGaSort":null,"actYearSort":null,"billNoSort":2,"billShortTitleEnSort":"period-products-free-provision-bill-2021","billShortTitleGaSort":"an-bille-um-thairgi-miosta-solathar-saor-in-aisce-2021","billYearSort":2021},"contextDate":"2021-01-19"},{"bill":{"act":null,"amendmentLists":[],"billNo":"69","billType":"Public","billTypeURI":"https:\/\/data.oireachtas.ie\/ie\/oireachtas\/def\/bill-type\/public","billYear":"2020","debates":[{"chamber":{"showAs":"D\u00e1il \u00c9ireann","uri":"https:\/\/data.oireachtas.ie\/ie\/oireachtas\/def\/house\/dail"},"date":"2022-03-10","debateSectionId":"dbsect_37","showAs":"Proceeds of Crime (Gross Human Rights Abuses) Bill 2020 [Private Members]: Referral to Select Committee","uri":"https:\/\/data.oireachtas.ie\/akn\/ie\/debateRecord\/dail\/2022-03-10\/debate\/main"},{"chamber":{"showAs":"D\u00e1il \u00c9ireann","uri":"https:\/\/data.oireachtas.ie\/ie\/oireachtas\/def\/house\/dail"},"date":"2021-12-16","debateSectionId":"dbsect_42","showAs":"Proceeds of Crime (Gross Human Rights Abuses) Bill 2020: Second Stage [Private Members]","uri":"https:\/\/data.oireachtas.ie\/akn\/ie\/debateRecord\/dail\/2021-12-16\/debate\/main"},{"chamber":{"showAs":"D\u00e1il \u00c9ireann","uri":"https:\/\/data.oireachtas.ie\/ie\/oireachtas\/def\/house\/dail"},"date":"2020-12-01","debateSectionId":"dbsect_9","showAs":"Proceeds of Crime (Gross Human Rights Abuses) Bill 2020: First Stage","uri":"https:\/\/data.oireachtas.ie\/akn\/ie\/debateRecord\/dail\/2020-12-01\/debate\/main"}],"events":[{"event":{"chamber":{"chamberCode":"dail","showAs":"D\u00e1il \u00c9ireann","uri":"https:\/\/data.oireachtas.ie\/ie\/oireachtas\/def\/house\/dail"},"dates":[{"date":"2020-11-23"},{"date":"2020-12-01"},{"date":"2025-05-01"}],"eventURI":"https:\/\/data.oireachtas.ie\/ie\/oireachtas\/def\/bill-event\/admissibility-for-introduction","showAs":"Admissibility for Introduction","uri":"https:\/\/data.oireachtas.ie\/ie\/oireachtas\/bill\/2020\/69\/admissibility-for-introduction"}},{"event":{"chamber":{"chamberCode":"dail","showAs":"D\u00e1il \u00c9ireann","uri":"https:\/\/data.oireachtas.ie\/ie\/oireachtas\/def\/house\/dail"},"dates":[{"date":"2024-11-08"}],"eventURI":"https:\/\/data.oireachtas.ie\/ie\/oireachtas\/def\/bill-event\/bill-lapsed","showAs":"Bill Lapsed","uri":"https:\/\/data.oireachtas.ie\/ie\/oireachtas\/bill\/2020\/69\/bill-lapsed"}}],"lastUpdated":"2025-05-02T10:28:03.540000+00:00","longTitleEn":"Bill entitled an Act to provide, in connection with the proceeds of crime, that certain conduct occurring outside the State is criminal conduct notwithstanding that it does not constitute an offence under the law of the state or territory concerned if the conduct constitutes or is connected with a gross human rights abuse, for that purpose to amend the Proceeds of Crime Acts 1996 to 2016, and to provide for related matters.","longTitleGa":"Bille d\u00e1 ngairtear Acht chun socr\u00fa a dh\u00e9anamh, i dtaca le f\u00e1ltais \u00f3 choireacht, gur iompar coiri\u00fail iompar \u00e1irithe a tharla\u00edonn lasmuigh den St\u00e1t d\u2019ainneoin nach cion \u00e9 faoi dhl\u00ed an st\u00e1it n\u00f3 na cr\u00edche lena mbaineann m\u00e1s rud \u00e9, maidir leis an iompar, gur m\u00f3rthreascairt\u00ed ar chearta an duine \u00e9 n\u00f3 go bhfuil s\u00e9 bainteach le m\u00f3rthreascairt\u00ed ar chearta an duine, chun na cr\u00edche sin do leas\u00fa na nAchtanna um Fh\u00e1ltais \u00f3 Choireacht, 1996 go 2016, agus do dh\u00e9anamh socr\u00fa i dtaobh nithe gaolmhara.","method":"Introduced","methodURI":"https:\/\/data.oireachtas.ie\/ie\/oireachtas\/def\/bill-method\/introduced","mostRecentStage":{"event":{"chamber":{"chamberCode":"dail","showAs":"D\u00e1il \u00c9ireann","uri":"https:\/\/data.oireachtas.ie\/ie\/oireachtas\/def\/house\/dail"},"dates":[{"date":"2024-11-08"},{"date":"2025-05-01"}],"house":{"chamberCode":"dail","chamberType":"house","houseCode":"dail","houseNo":"33","showAs":"33rd D\u00e1il","uri":"https:\/\/data.oireachtas.ie\/ie\/oireachtas\/house\/dail\/33"},"progressStage":3,"showAs":"Committee Stage","stageCompleted":false,"stageOutcome":"Current","stageURI":"https:\/\/data.oireachtas.ie\/ie\/oireachtas\/def\/bill-stage\/3","uri":"https:\/\/data.oireachtas.ie\/ie\/oireachtas\/bill\/2020\/69\/stage\/dail\/3"}},"originHouse":{"showAs":"D\u00e1il \u00c9ireann","uri":"https:\/\/data.oireachtas.ie\/ie\/oireachtas\/def\/house\/dail"},"originHouseURI":"https:\/\/data.oireachtas.ie\/ie\/oireachtas\/def\/house\/dail","relatedDocs":[{"relatedDoc":{"date":"2020-12-01","docType":"memo","formats":{"pdf":{"uri":"https:\/\/data.oireachtas.ie\/ie\/oireachtas\/bill\/2020\/69\/eng\/memo\/b6920d-memo.pdf"},"xml":null},"lang":"eng","showAs":"Explanatory Memorandum","uri":"https:\/\/data.oireachtas.ie\/ie\/oireachtas\/bill\/2020\/69\/eng\/memo"}}],"shortTitleEn":"Proceeds of Crime (Gross Human Rights Abuses) Bill 2020","shortTitleGa":"An Bille um Fh\u00e1ltais \u00f3 Choireacht (M\u00f3rthreascairt\u00ed ar Chearta an Duine), 2020","source":"Private Member","sourceURI":"https:\/\/data.oireachtas.ie\/ie\/oireachtas\/def\/bill-source\/private-member","sponsors":[{"sponsor":{"as":{"showAs":null,"uri":null},"by":{"showAs":"Brendan Howlin","uri":"https:\/\/data.oireachtas.ie\/ie\/oireachtas\/member\/id\/Brendan-Howlin.S.1983-02-23"},"isPrimary":true}}],"stages":[{"event":{"chamber":{"chamberCode":"dail","showAs":"D\u00e1il \u00c9ireann","uri":"https:\/\/data.oireachtas.ie\/ie\/oireachtas\/def\/house\/dail"},"dates":[{"date":"2020-11-23"},{"date":"2020-12-01"},{"date":"2020-12-01"}],"house":{"chamberCode":"dail","chamberType":"house","houseCode":"dail","houseNo":"33","showAs":"33rd D\u00e1il","uri":"https:\/\/data.oireachtas.ie\/ie\/oireachtas\/house\/dail\/33"},"progressStage":1,"showAs":"First Stage","stageCompleted":true,"stageOutcome":null,"stageURI":"https:\/\/data.oireachtas.ie\/ie\/oireachtas\/def\/bill-stage\/1","uri":"https:\/\/data.oireachtas.ie\/ie\/oireachtas\/bill\/2020\/69\/stage\/dail\/1"}},{"event":{"chamber":{"chamberCode":"dail","showAs":"D\u00e1il \u00c9ireann","uri":"https:\/\/data.oireachtas.ie\/ie\/oireachtas\/def\/house\/dail"},"dates":[{"date":"2020-12-01"}],"house":{"chamberCode":"dail","chamberType":"house","houseCode":"dail","houseNo":"33","showAs":"33rd D\u00e1il","uri":"https:\/\/data.oireachtas.ie\/ie\/oireachtas\/house\/dail\/33"},"progressStage":2,"showAs":"Second Stage","stageCompleted":true,"stageOutcome":null,"stageURI":"https:\/\/data.oireachtas.ie\/ie\/oireachtas\/def\/bill-stage\/2","uri":"https:\/\/data.oireachtas.ie\/ie\/oireachtas\/bill\/2020\/69\/stage\/dail\/2"}},{"event":{"chamber":{"chamberCode":"dail","showAs":"D\u00e1il \u00c9ireann","uri":"https:\/\/data.oireachtas.ie\/ie\/oireachtas\/def\/house\/dail"},"dates":[{"date":"2024-11-08"},{"date":"2025-05-01"}],"house":{"chamberCode":"dail","chamberType":"house","houseCode":"dail","houseNo":"33","showAs":"33rd D\u00e1il","uri":"https:\/\/data.oireachtas.ie\/ie\/oireachtas\/house\/dail\/33"},"progressStage":3,"showAs":"Committee Stage","stageCompleted":false,"stageOutcome":"Current","stageURI":"https:\/\/data.oireachtas.ie\/ie\/oireachtas\/def\/bill-stage\/3","uri":"https:\/\/data.oireachtas.ie\/ie\/oireachtas\/bill\/2020\/69\/stage\/dail\/3"}}],"status":"Current","statusURI":"https:\/\/data.oireachtas.ie\/ie\/oireachtas\/def\/bill-status\/published","uri":"https:\/\/data.oireachtas.ie\/ie\/oireachtas\/bill\/2020\/69","versions":[{"version":{"date":"2020-12-01","docType":"bill","formats":{"pdf":{"uri":"https:\/\/data.oireachtas.ie\/ie\/oireachtas\/bill\/2020\/69\/eng\/initiated\/b6920d.pdf"},"xml":null},"lang":"eng","showAs":"As Initiated","uri":"https:\/\/data.oireachtas.ie\/ie\/oireachtas\/bill\/2020\/69\/eng\/initiated"}}]},"billSort":{"actNoSort":null,"actShortTitleEnSort":null,"actShortTitleGaSort":null,"actYearSort":null,"billNoSort":69,"billShortTitleEnSort":"proceeds-of-crime-gross-human-rights-abuses-bill-2020","billShortTitleGaSort":"an-bille-um-fhaltais-o-choireacht-morthreascairti-ar-chearta-an-duine-2020","billYearSort":2020},"contextDate":"2025-05-01"},{"bill":{"act":null,"amendmentLists":[],"billNo":"64","billType":"Public","billTypeURI":"https:\/\/data.oireachtas.ie\/ie\/oireachtas\/def\/bill-type\/public","billYear":"2020","debates":[{"chamber":{"showAs":"D\u00e1il \u00c9ireann","uri":"https:\/\/data.oireachtas.ie\/ie\/oireachtas\/def\/house\/dail"},"date":"2020-11-24","debateSectionId":"dbsect_17","showAs":"Measuring Quality of Life in Ireland Bill 2020: First Stage","uri":"https:\/\/data.oireachtas.ie\/akn\/ie\/debateRecord\/dail\/2020-11-24\/debate\/main"}],"events":[{"event":{"chamber":{"chamberCode":"dail","showAs":"D\u00e1il \u00c9ireann","uri":"https:\/\/data.oireachtas.ie\/ie\/oireachtas\/def\/house\/dail"},"dates":[{"date":"2020-11-06"},{"date":"2020-11-24"},{"date":"2025-05-01"}],"eventURI":"https:\/\/data.oireachtas.ie\/ie\/oireachtas\/def\/bill-event\/admissibility-for-introduction","showAs":"Admissibility for Introduction","uri":"https:\/\/data.oireachtas.ie\/ie\/oireachtas\/bill\/2020\/64\/admissibility-for-introduction"}},{"event":{"chamber":{"chamberCode":"dail","showAs":"D\u00e1il \u00c9ireann","uri":"https:\/\/data.oireachtas.ie\/ie\/oireachtas\/def\/house\/dail"},"dates":[{"date":"2024-11-08"}],"eventURI":"https:\/\/data.oireachtas.ie\/ie\/oireachtas\/def\/bill-event\/bill-lapsed","showAs":"Bill Lapsed","uri":"https:\/\/data.oireachtas.ie\/ie\/oireachtas\/bill\/2020\/64\/bill-lapsed"}}],"lastUpdated":"2025-05-02T11:56:10.100000+00:00","longTitleEn":"Bill entitled an Act to confer functions on the Central Statistics Office and the National Economic and Social Council in relation to the publication of indices, to be known as Genuine Progress Indicators, designed to take fuller account of the quality of life and well-being of the community by incorporating environmental and social factors, in relation to the publication of National Distributional Accounts that aim to measure the distribution of national income and economic growth and in relation to an annual report on the impact of the Budget on economic and social inequality, poverty reduction and income and wealth redistribution; and to provide for related matters","longTitleGa":"Bille d\u00e1 ngairtear Acht do thabhairt feidhmeanna don Phr\u00edomh-Oifig Staidrimh agus don Chomhairle N\u00e1isi\u00fanta Eacnama\u00edoch agus S\u00f3isialach i nd\u00e1il le hinn\u00e9acsanna a fhoilsi\u00fa, ar a dtabharfar T\u00e1scair\u00ed maidir le Dul Chun Cinn Iarbh\u00edr, a bheidh ceaptha chun c\u00e1il\u00edocht saoil agus leas an phobail a chur i gcuntas ar shl\u00ed n\u00edos ioml\u00e1ine tr\u00ed thosca comhshaoil agus s\u00f3isialta a \u00e1ireamh, i nd\u00e1il le Cuntais D\u00e1ili\u00fach\u00e1in N\u00e1isi\u00fanta a fhoilsi\u00fa arb \u00e9 is cusp\u00f3ir leo d\u00e1ileadh an ioncaim n\u00e1isi\u00fanta agus f\u00e1s eacnama\u00edoch a thomhas agus i nd\u00e1il le tuarasc\u00e1il bhliant\u00fail maidir le tionchar an Bhuis\u00e9id ar mh\u00edchothroma\u00edocht eacnama\u00edoch agus sh\u00f3isialta, ar laghd\u00fa na bochtaineachta agus ar athdh\u00e1ileadh ioncaim agus saibhris; agus do dh\u00e9anamh socr\u00fa i dtaobh nithe gaolmhara.","method":"Introduced","methodURI":"https:\/\/data.oireachtas.ie\/ie\/oireachtas\/def\/bill-method\/introduced","mostRecentStage":{"event":{"chamber":{"chamberCode":"dail","showAs":"D\u00e1il \u00c9ireann","uri":"https:\/\/data.oireachtas.ie\/ie\/oireachtas\/def\/house\/dail"},"dates":[{"date":"2024-11-08"},{"date":"2025-05-01"}],"house":{"chamberCode":"dail","chamberType":"house","houseCode":"dail","houseNo":"33","showAs":"33rd D\u00e1il","uri":"https:\/\/data.oireachtas.ie\/ie\/oireachtas\/house\/dail\/33"},"progressStage":2,"showAs":"Second Stage","stageCompleted":false,"stageOutcome":"Current","stageURI":"https:\/\/data.oireachtas.ie\/ie\/oireachtas\/def\/bill-stage\/2","uri":"https:\/\/data.oireachtas.ie\/ie\/oireachtas\/bill\/2020\/64\/stage\/dail\/2"}},"originHouse":{"showAs":"D\u00e1il \u00c9ireann","uri":"https:\/\/data.oireachtas.ie\/ie\/oireachtas\/def\/house\/dail"},"originHouseURI":"https:\/\/data.oireachtas.ie\/ie\/oireachtas\/def\/house\/dail","relatedDocs":[{"relatedDoc":{"date":"2020-11-24","docType":"memo","formats":{"pdf":{"uri":"https:\/\/data.oireachtas.ie\/ie\/oireachtas\/bill\/2020\/64\/eng\/memo\/b6420d-memo.pdf"},"xml":null},"lang":"eng","showAs":"Explanatory Memorandum","uri":"https:\/\/data.oireachtas.ie\/ie\/oireachtas\/bill\/2020\/64\/eng\/memo"}}],"shortTitleEn":"Measuring Quality of Life in Ireland Bill 2020","shortTitleGa":"An Bille um Ch\u00e1il\u00edocht Saoil in \u00c9irinn a Thomhas, 2020","source":"Private Member","sourceURI":"https:\/\/data.oireachtas.ie\/ie\/oireachtas\/def\/bill-source\/private-member","sponsors":[{"sponsor":{"as":{"showAs":null,"uri":null},"by":{"showAs":"Ged Nash","uri":"https:\/\/data.oireachtas.ie\/ie\/oireachtas\/member\/id\/Gerald-Nash.D.2011-03-09"},"isPrimary":true}}],"stages":[{"event":{"chamber":{"chamberCode":"dail","showAs":"D\u00e1il \u00c9ireann","uri":"https:\/\/data.oireachtas.ie\/ie\/oireachtas\/def\/house\/dail"},"dates":[{"date":"2020-11-06"},{"date":"2020-11-24"},{"date":"2020-11-24"}],"house":{"chamberCode":"dail","chamberType":"house","houseCode":"dail","houseNo":"33","showAs":"33rd D\u00e1il","uri":"https:\/\/data.oireachtas.ie\/ie\/oireachtas\/house\/dail\/33"},"progressStage":1,"showAs":"First Stage","stageCompleted":true,"stageOutcome":null,"stageURI":"https:\/\/data.oireachtas.ie\/ie\/oireachtas\/def\/bill-stage\/1","uri":"https:\/\/data.oireachtas.ie\/ie\/oireachtas\/bill\/2020\/64\/stage\/dail\/1"}},{"event":{"chamber":{"chamberCode":"dail","showAs":"D\u00e1il \u00c9ireann","uri":"https:\/\/data.oireachtas.ie\/ie\/oireachtas\/def\/house\/dail"},"dates":[{"date":"2024-11-08"},{"date":"2025-05-01"}],"house":{"chamberCode":"dail","chamberType":"house","houseCode":"dail","houseNo":"33","showAs":"33rd D\u00e1il","uri":"https:\/\/data.oireachtas.ie\/ie\/oireachtas\/house\/dail\/33"},"progressStage":2,"showAs":"Second Stage","stageCompleted":false,"stageOutcome":"Current","stageURI":"https:\/\/data.oireachtas.ie\/ie\/oireachtas\/def\/bill-stage\/2","uri":"https:\/\/data.oireachtas.ie\/ie\/oireachtas\/bill\/2020\/64\/stage\/dail\/2"}}],"status":"Current","statusURI":"https:\/\/data.oireachtas.ie\/ie\/oireachtas\/def\/bill-status\/published","uri":"https:\/\/data.oireachtas.ie\/ie\/oireachtas\/bill\/2020\/64","versions":[{"version":{"date":"2020-11-24","docType":"bill","formats":{"pdf":{"uri":"https:\/\/data.oireachtas.ie\/ie\/oireachtas\/bill\/2020\/64\/eng\/initiated\/b6420d.pdf"},"xml":null},"lang":"eng","showAs":"As Initiated","uri":"https:\/\/data.oireachtas.ie\/ie\/oireachtas\/bill\/2020\/64\/eng\/initiated"}}]},"billSort":{"actNoSort":null,"actShortTitleEnSort":null,"actShortTitleGaSort":null,"actYearSort":null,"billNoSort":64,"billShortTitleEnSort":"measuring-quality-of-life-in-ireland-bill-2020","billShortTitleGaSort":"an-bille-um-chailiocht-saoil-in-eirinn-a-thomhas-2020","billYearSort":2020},"contextDate":"2025-05-01"},{"bill":{"act":null,"amendmentLists":[],"billNo":"59","billType":"Public","billTypeURI":"https:\/\/data.oireachtas.ie\/ie\/oireachtas\/def\/bill-type\/public","billYear":"2020","debates":[{"chamber":{"showAs":"D\u00e1il \u00c9ireann","uri":"https:\/\/data.oireachtas.ie\/ie\/oireachtas\/def\/house\/dail"},"date":"2020-11-17","debateSectionId":"dbsect_15","showAs":"Road Traffic (All-Terrain Vehicle and Scrambler Motorcycle) (Amendment) Bill 2020: First Stage","uri":"https:\/\/data.oireachtas.ie\/akn\/ie\/debateRecord\/dail\/2020-11-17\/debate\/main"}],"events":[{"event":{"chamber":{"chamberCode":"dail","showAs":"D\u00e1il \u00c9ireann","uri":"https:\/\/data.oireachtas.ie\/ie\/oireachtas\/def\/house\/dail"},"dates":[{"date":"2020-11-12"},{"date":"2020-11-17"},{"date":"2025-05-01"}],"eventURI":"https:\/\/data.oireachtas.ie\/ie\/oireachtas\/def\/bill-event\/admissibility-for-introduction","showAs":"Admissibility for Introduction","uri":"https:\/\/data.oireachtas.ie\/ie\/oireachtas\/bill\/2020\/59\/admissibility-for-introduction"}},{"event":{"chamber":{"chamberCode":"dail","showAs":"D\u00e1il \u00c9ireann","uri":"https:\/\/data.oireachtas.ie\/ie\/oireachtas\/def\/house\/dail"},"dates":[{"date":"2024-11-08"}],"eventURI":"https:\/\/data.oireachtas.ie\/ie\/oireachtas\/def\/bill-event\/bill-lapsed","showAs":"Bill Lapsed","uri":"https:\/\/data.oireachtas.ie\/ie\/oireachtas\/bill\/2020\/59\/bill-lapsed"}}],"lastUpdated":"2025-05-02T11:36:43.760000+00:00","longTitleEn":"Bill entitled an Act to amend the Road Traffic Act 1961 to further regulate the use of all-terrain vehicles and scrambler motorcycles in a public place, to make further provision for the seizure, by An Garda S\u00edoch\u00e1na, of said vehicles and motorcycles in certain circumstances, to provide for the confiscation and disposal of same when a person contravenes the law in relation to the use of both all-terrain vehicles and scrambler motorcycles in a public place and to provide for related matters.","longTitleGa":"Bille d\u00e1 ngairtear Acht do leas\u00fa an Achta um Thr\u00e1cht ar Bh\u00f3ithre, 1961 chun \u00fas\u00e1id feithicl\u00ed uile-th\u00edr-raoin agus gluaisrothar streachailte in \u00e1it phoibl\u00ed a rial\u00e1il tuilleadh, do dh\u00e9anamh socr\u00fa breise maidir leis an nGarda S\u00edoch\u00e1na d\u2019urghabh\u00e1il na bhfeithicl\u00ed agus na ngluaisrothar sin in imthosca \u00e1irithe, do dh\u00e9anamh socr\u00fa chun an c\u00e9anna a choigisti\u00fa agus a dhi\u00fascairt nuair a sh\u00e1ra\u00edonn duine an dl\u00ed i nd\u00e1il le h\u00fas\u00e1id feithicl\u00ed uile-th\u00edr-raoin agus gluaisrothar streachailte araon in \u00e1it phoibl\u00ed agus do dh\u00e9anamh socr\u00fa i dtaobh nithe gaolmhara.","method":"Introduced","methodURI":"https:\/\/data.oireachtas.ie\/ie\/oireachtas\/def\/bill-method\/introduced","mostRecentStage":{"event":{"chamber":{"chamberCode":"dail","showAs":"D\u00e1il \u00c9ireann","uri":"https:\/\/data.oireachtas.ie\/ie\/oireachtas\/def\/house\/dail"},"dates":[{"date":"2024-11-08"},{"date":"2025-05-01"}],"house":{"chamberCode":"dail","chamberType":"house","houseCode":"dail","houseNo":"33","showAs":"33rd D\u00e1il","uri":"https:\/\/data.oireachtas.ie\/ie\/oireachtas\/house\/dail\/33"},"progressStage":2,"showAs":"Second Stage","stageCompleted":false,"stageOutcome":"Current","stageURI":"https:\/\/data.oireachtas.ie\/ie\/oireachtas\/def\/bill-stage\/2","uri":"https:\/\/data.oireachtas.ie\/ie\/oireachtas\/bill\/2020\/59\/stage\/dail\/2"}},"originHouse":{"showAs":"D\u00e1il \u00c9ireann","uri":"https:\/\/data.oireachtas.ie\/ie\/oireachtas\/def\/house\/dail"},"originHouseURI":"https:\/\/data.oireachtas.ie\/ie\/oireachtas\/def\/house\/dail","relatedDocs":[{"relatedDoc":{"date":"2020-11-17","docType":"memo","formats":{"pdf":{"uri":"https:\/\/data.oireachtas.ie\/ie\/oireachtas\/bill\/2020\/59\/eng\/memo\/b5920d-memo.pdf"},"xml":null},"lang":"eng","showAs":"Explanatory Memorandum","uri":"https:\/\/data.oireachtas.ie\/ie\/oireachtas\/bill\/2020\/59\/eng\/memo"}}],"shortTitleEn":"Road Traffic (All-Terrain Vehicle and Scrambler Motorcycle) (Amendment) Bill 2020","shortTitleGa":"An Bille um Thr\u00e1cht ar Bh\u00f3ithre (Feithicl\u00ed Uile-Th\u00edr-Raoin agus Gluaisrothair Streachailte) (Leas\u00fa), 2020","source":"Private Member","sourceURI":"https:\/\/data.oireachtas.ie\/ie\/oireachtas\/def\/bill-source\/private-member","sponsors":[{"sponsor":{"as":{"showAs":null,"uri":null},"by":{"showAs":"Paul McAuliffe","uri":"https:\/\/data.oireachtas.ie\/ie\/oireachtas\/member\/id\/Paul-McAuliffe.D.2020-02-08"},"isPrimary":true}},{"sponsor":{"as":{"showAs":null,"uri":null},"by":{"showAs":"John Lahart","uri":"https:\/\/data.oireachtas.ie\/ie\/oireachtas\/member\/id\/John-Lahart.D.2016-10-03"},"isPrimary":false}}],"stages":[{"event":{"chamber":{"chamberCode":"dail","showAs":"D\u00e1il \u00c9ireann","uri":"https:\/\/data.oireachtas.ie\/ie\/oireachtas\/def\/house\/dail"},"dates":[{"date":"2020-11-12"},{"date":"2020-11-17"},{"date":"2020-11-17"}],"house":{"chamberCode":"dail","chamberType":"house","houseCode":"dail","houseNo":"33","showAs":"33rd D\u00e1il","uri":"https:\/\/data.oireachtas.ie\/ie\/oireachtas\/house\/dail\/33"},"progressStage":1,"showAs":"First Stage","stageCompleted":true,"stageOutcome":null,"stageURI":"https:\/\/data.oireachtas.ie\/ie\/oireachtas\/def\/bill-stage\/1","uri":"https:\/\/data.oireachtas.ie\/ie\/oireachtas\/bill\/2020\/59\/stage\/dail\/1"}},{"event":{"chamber":{"chamberCode":"dail","showAs":"D\u00e1il \u00c9ireann","uri":"https:\/\/data.oireachtas.ie\/ie\/oireachtas\/def\/house\/dail"},"dates":[{"date":"2024-11-08"},{"date":"2025-05-01"}],"house":{"chamberCode":"dail","chamberType":"house","houseCode":"dail","houseNo":"33","showAs":"33rd D\u00e1il","uri":"https:\/\/data.oireachtas.ie\/ie\/oireachtas\/house\/dail\/33"},"progressStage":2,"showAs":"Second Stage","stageCompleted":false,"stageOutcome":"Current","stageURI":"https:\/\/data.oireachtas.ie\/ie\/oireachtas\/def\/bill-stage\/2","uri":"https:\/\/data.oireachtas.ie\/ie\/oireachtas\/bill\/2020\/59\/stage\/dail\/2"}}],"status":"Current","statusURI":"https:\/\/data.oireachtas.ie\/ie\/oireachtas\/def\/bill-status\/published","uri":"https:\/\/data.oireachtas.ie\/ie\/oireachtas\/bill\/2020\/59","versions":[{"version":{"date":"2020-11-17","docType":"bill","formats":{"pdf":{"uri":"https:\/\/data.oireachtas.ie\/ie\/oireachtas\/bill\/2020\/59\/eng\/initiated\/b5920d.pdf"},"xml":null},"lang":"eng","showAs":"As Initiated","uri":"https:\/\/data.oireachtas.ie\/ie\/oireachtas\/bill\/2020\/59\/eng\/initiated"}}]},"billSort":{"actNoSort":null,"actShortTitleEnSort":null,"actShortTitleGaSort":null,"actYearSort":null,"billNoSort":59,"billShortTitleEnSort":"road-traffic-all-terrain-vehicle-and-scrambler-motorcycle-amendment-bill-2020","billShortTitleGaSort":"an-bille-um-thracht-ar-bhoithre-feithicli-uile-thir-raoin-agus-gluaisrothair-streachailte-leasu-2020","billYearSort":2020},"contextDate":"2025-05-01"},{"bill":{"act":null,"amendmentLists":[],"billNo":"52","billType":"Public","billTypeURI":"https:\/\/data.oireachtas.ie\/ie\/oireachtas\/def\/bill-type\/public","billYear":"2020","debates":[{"chamber":{"showAs":"Seanad \u00c9ireann","uri":"https:\/\/data.oireachtas.ie\/ie\/oireachtas\/def\/house\/seanad"},"date":"2020-11-17","debateSectionId":"dbsect_24","showAs":"Criminal Justice (Hate Crime) Bill 2020: Second Stage","uri":"https:\/\/data.oireachtas.ie\/akn\/ie\/debateRecord\/seanad\/2020-11-17\/debate\/main"},{"chamber":{"showAs":"Seanad \u00c9ireann","uri":"https:\/\/data.oireachtas.ie\/ie\/oireachtas\/def\/house\/seanad"},"date":"2020-11-06","debateSectionId":"dbsect_14","showAs":"Criminal Justice (Hate Crime) Bill 2020: First Stage","uri":"https:\/\/data.oireachtas.ie\/akn\/ie\/debateRecord\/seanad\/2020-11-06\/debate\/main"}],"events":[{"event":{"chamber":{"chamberCode":"seanad","showAs":"Seanad \u00c9ireann","uri":"https:\/\/data.oireachtas.ie\/ie\/oireachtas\/def\/house\/seanad"},"dates":[{"date":"2020-11-02"},{"date":"2020-11-06"}],"eventURI":"https:\/\/data.oireachtas.ie\/ie\/oireachtas\/def\/bill-event\/admissibility-for-introduction","showAs":"Admissibility for Introduction","uri":"https:\/\/data.oireachtas.ie\/ie\/oireachtas\/bill\/2020\/52\/admissibility-for-introduction"}},{"event":{"chamber":{"chamberCode":"seanad","showAs":"Seanad \u00c9ireann","uri":"https:\/\/data.oireachtas.ie\/ie\/oireachtas\/def\/house\/seanad"},"dates":[{"date":"2025-01-29"}],"eventURI":"https:\/\/data.oireachtas.ie\/ie\/oireachtas\/def\/bill-event\/bill-lapsed","showAs":"Bill Lapsed","uri":"https:\/\/data.oireachtas.ie\/ie\/oireachtas\/bill\/2020\/52\/bill-lapsed"}}],"lastUpdated":"2025-01-30T11:17:37.160000+00:00","longTitleEn":"Bill entitled an Act to make provision for hate crime; the imposition of a heavier penalty on an offender whose commission of a relevant offence (a list of which is contained in the schedule to this Act) is accompanied by hate crime against an individual based on said individual's asylum or refugee status, race, colour, religion, nationality, ethnicity, disability, sexual orientation, transgender identity, sex characteristics, age or perceived age and to provide for related matters. ","longTitleGa":"Bille d\u00e1 ngairtear Acht do dh\u00e9anamh socr\u00fa maidir le coireacht fuatha; maidir le pion\u00f3s n\u00edos d\u00e9ine a fhorchur ar chiont\u00f3ir a bhfuil ag gabh\u00e1il le cion iomchu\u00ed arna dh\u00e9anamh aige n\u00f3 aici (is cion a luaitear sa liosta cionta at\u00e1 sa Sceideal a ghabhann leis an Acht seo) coireacht fuatha i gcoinne pearsa aonair at\u00e1 bunaithe ar st\u00e1das tearmainn n\u00f3 d\u00eddeana\u00ed, cine, dath, creideamh, n\u00e1isi\u00fantacht, eitneacht, m\u00edchumas, gn\u00e9aschlaonadh, f\u00e9ini\u00falacht trasinscne n\u00f3 tr\u00e9ithe gn\u00e9is n\u00f3 aois n\u00f3 aois mheasta na pearsan aonair sin agus do dh\u00e9anamh socr\u00fa i dtaobh nithe gaolmhara.","method":"Introduced","methodURI":"https:\/\/data.oireachtas.ie\/ie\/oireachtas\/def\/bill-method\/introduced","mostRecentStage":{"event":{"chamber":{"chamberCode":"seanad","showAs":"Seanad \u00c9ireann","uri":"https:\/\/data.oireachtas.ie\/ie\/oireachtas\/def\/house\/seanad"},"dates":[{"date":"2020-11-02"},{"date":"2020-11-06"},{"date":"2020-11-06"}],"house":{"chamberCode":"seanad","chamberType":"house","houseCode":"seanad","houseNo":"26","showAs":"26th Seanad","uri":"https:\/\/data.oireachtas.ie\/ie\/oireachtas\/house\/seanad\/26"},"progressStage":1,"showAs":"First Stage","stageCompleted":true,"stageOutcome":null,"stageURI":"https:\/\/data.oireachtas.ie\/ie\/oireachtas\/def\/bill-stage\/1","uri":"https:\/\/data.oireachtas.ie\/ie\/oireachtas\/bill\/2020\/52\/stage\/seanad\/1"}},"originHouse":{"showAs":"Seanad \u00c9ireann","uri":"https:\/\/data.oireachtas.ie\/ie\/oireachtas\/def\/house\/seanad"},"originHouseURI":"https:\/\/data.oireachtas.ie\/ie\/oireachtas\/def\/house\/seanad","relatedDocs":[{"relatedDoc":{"date":"2020-11-06","docType":"memo","formats":{"pdf":{"uri":"https:\/\/data.oireachtas.ie\/ie\/oireachtas\/bill\/2020\/52\/eng\/memo\/b5220s-memo.pdf"},"xml":null},"lang":"eng","showAs":"Explanatory Memorandum","uri":"https:\/\/data.oireachtas.ie\/ie\/oireachtas\/bill\/2020\/52\/eng\/memo"}}],"shortTitleEn":"Criminal Justice (Hate Crime) Bill 2020","shortTitleGa":"An Bille um Cheartas Coiri\u00fail (Coireacht Fuatha), 2020","source":"Private Member","sourceURI":"https:\/\/data.oireachtas.ie\/ie\/oireachtas\/def\/bill-source\/private-member","sponsors":[{"sponsor":{"as":{"showAs":null,"uri":null},"by":{"showAs":"Fiona O'Loughlin","uri":"https:\/\/data.oireachtas.ie\/ie\/oireachtas\/member\/id\/Fiona-O'Loughlin.D.2016-10-03"},"isPrimary":true}},{"sponsor":{"as":{"showAs":null,"uri":null},"by":{"showAs":"Lisa Chambers","uri":"https:\/\/data.oireachtas.ie\/ie\/oireachtas\/member\/id\/Lisa-Chambers.D.2016-10-03"},"isPrimary":false}},{"sponsor":{"as":{"showAs":null,"uri":null},"by":{"showAs":"Robbie Gallagher","uri":"https:\/\/data.oireachtas.ie\/ie\/oireachtas\/member\/id\/Robbie-Gallagher.S.2016-04-25"},"isPrimary":false}}],"stages":[{"event":{"chamber":{"chamberCode":"seanad","showAs":"Seanad \u00c9ireann","uri":"https:\/\/data.oireachtas.ie\/ie\/oireachtas\/def\/house\/seanad"},"dates":[{"date":"2020-11-02"},{"date":"2020-11-06"},{"date":"2020-11-06"}],"house":{"chamberCode":"seanad","chamberType":"house","houseCode":"seanad","houseNo":"26","showAs":"26th Seanad","uri":"https:\/\/data.oireachtas.ie\/ie\/oireachtas\/house\/seanad\/26"},"progressStage":1,"showAs":"First Stage","stageCompleted":true,"stageOutcome":null,"stageURI":"https:\/\/data.oireachtas.ie\/ie\/oireachtas\/def\/bill-stage\/1","uri":"https:\/\/data.oireachtas.ie\/ie\/oireachtas\/bill\/2020\/52\/stage\/seanad\/1"}}],"status":"Lapsed","statusURI":"https:\/\/data.oireachtas.ie\/ie\/oireachtas\/def\/bill-status\/lapsed","uri":"https:\/\/data.oireachtas.ie\/ie\/oireachtas\/bill\/2020\/52","versions":[{"version":{"date":"2020-11-06","docType":"bill","formats":{"pdf":{"uri":"https:\/\/data.oireachtas.ie\/ie\/oireachtas\/bill\/2020\/52\/eng\/initiated\/b5220s.pdf"},"xml":null},"lang":"eng","showAs":"As Initiated","uri":"https:\/\/data.oireachtas.ie\/ie\/oireachtas\/bill\/2020\/52\/eng\/initiated"}}]},"billSort":{"actNoSort":null,"actShortTitleEnSort":null,"actShortTitleGaSort":null,"actYearSort":null,"billNoSort":52,"billShortTitleEnSort":"criminal-justice-hate-crime-bill-2020","billShortTitleGaSort":"an-bille-um-cheartas-coiriuil-coireacht-fuatha-2020","billYearSort":2020},"contextDate":"2020-11-06"},{"bill":{"act":null,"amendmentLists":[],"billNo":"49","billType":"Public","billTypeURI":"https:\/\/data.oireachtas.ie\/ie\/oireachtas\/def\/bill-type\/public","billYear":"2020","debates":[{"chamber":{"showAs":"D\u00e1il \u00c9ireann","uri":"https:\/\/data.oireachtas.ie\/ie\/oireachtas\/def\/house\/dail"},"date":"2021-06-23","debateSectionId":"dbsect_33","showAs":"Regulation of Lobbying (Post-Term Employment as Lobbyist) Bill 2020: Second Stage (Resumed) [Private Members]","uri":"https:\/\/data.oireachtas.ie\/akn\/ie\/debateRecord\/dail\/2021-06-23\/debate\/main"},{"chamber":{"showAs":"D\u00e1il \u00c9ireann","uri":"https:\/\/data.oireachtas.ie\/ie\/oireachtas\/def\/house\/dail"},"date":"2021-06-17","debateSectionId":"dbsect_40","showAs":"Regulation of Lobbying (Post-Term Employment as Lobbyist) Bill 2020: Second Stage [Private Members]","uri":"https:\/\/data.oireachtas.ie\/akn\/ie\/debateRecord\/dail\/2021-06-17\/debate\/main"},{"chamber":{"showAs":"D\u00e1il \u00c9ireann","uri":"https:\/\/data.oireachtas.ie\/ie\/oireachtas\/def\/house\/dail"},"date":"2020-11-03","debateSectionId":"dbsect_10","showAs":"Regulation of Lobbying (Post-Term Employment as Lobbyist) Bill 2020: First Stage","uri":"https:\/\/data.oireachtas.ie\/akn\/ie\/debateRecord\/dail\/2020-11-03\/debate\/main"}],"events":[{"event":{"chamber":{"chamberCode":"dail","showAs":"D\u00e1il \u00c9ireann","uri":"https:\/\/data.oireachtas.ie\/ie\/oireachtas\/def\/house\/dail"},"dates":[{"date":"2020-10-23"},{"date":"2020-11-03"},{"date":"2025-05-01"}],"eventURI":"https:\/\/data.oireachtas.ie\/ie\/oireachtas\/def\/bill-event\/admissibility-for-introduction","showAs":"Admissibility for Introduction","uri":"https:\/\/data.oireachtas.ie\/ie\/oireachtas\/bill\/2020\/49\/admissibility-for-introduction"}},{"event":{"chamber":{"chamberCode":"dail","showAs":"D\u00e1il \u00c9ireann","uri":"https:\/\/data.oireachtas.ie\/ie\/oireachtas\/def\/house\/dail"},"dates":[{"date":"2024-11-08"}],"eventURI":"https:\/\/data.oireachtas.ie\/ie\/oireachtas\/def\/bill-event\/bill-lapsed","showAs":"Bill Lapsed","uri":"https:\/\/data.oireachtas.ie\/ie\/oireachtas\/bill\/2020\/49\/bill-lapsed"}}],"lastUpdated":"2025-05-02T11:27:57.840000+00:00","longTitleEn":"Bill entitled an Act to make further provision in relation to restrictions on the post-term employment of certain persons as lobbyists, for that purpose to amend the Regulation of Lobbying Act 2015, and to provide for related matters.","longTitleGa":"Bille d\u00e1 ngairtear Acht do dh\u00e9anamh socr\u00fa breise i nd\u00e1il le srianta ar fhosta\u00edocht iarth\u00e9arma daoine \u00e1irithe mar bhr\u00fastocair\u00ed, chun na cr\u00edche sin do leas\u00fa an Achta um Stocaireacht a Rial\u00e1il, 2015, agus do dh\u00e9anamh socr\u00fa i dtaobh nithe gaolmhara. ","method":"Introduced","methodURI":"https:\/\/data.oireachtas.ie\/ie\/oireachtas\/def\/bill-method\/introduced","mostRecentStage":{"event":{"chamber":{"chamberCode":"dail","showAs":"D\u00e1il \u00c9ireann","uri":"https:\/\/data.oireachtas.ie\/ie\/oireachtas\/def\/house\/dail"},"dates":[{"date":"2024-11-08"},{"date":"2025-05-01"}],"house":{"chamberCode":"dail","chamberType":"house","houseCode":"dail","houseNo":"33","showAs":"33rd D\u00e1il","uri":"https:\/\/data.oireachtas.ie\/ie\/oireachtas\/house\/dail\/33"},"progressStage":3,"showAs":"Committee Stage","stageCompleted":false,"stageOutcome":"Current","stageURI":"https:\/\/data.oireachtas.ie\/ie\/oireachtas\/def\/bill-stage\/3","uri":"https:\/\/data.oireachtas.ie\/ie\/oireachtas\/bill\/2020\/49\/stage\/dail\/3"}},"originHouse":{"showAs":"D\u00e1il \u00c9ireann","uri":"https:\/\/data.oireachtas.ie\/ie\/oireachtas\/def\/house\/dail"},"originHouseURI":"https:\/\/data.oireachtas.ie\/ie\/oireachtas\/def\/house\/dail","relatedDocs":[{"relatedDoc":{"date":"2020-11-03","docType":"memo","formats":{"pdf":{"uri":"https:\/\/data.oireachtas.ie\/ie\/oireachtas\/bill\/2020\/49\/eng\/memo\/b4920d-memo.pdf"},"xml":null},"lang":"eng","showAs":"Explanatory Memorandum","uri":"https:\/\/data.oireachtas.ie\/ie\/oireachtas\/bill\/2020\/49\/eng\/memo"}}],"shortTitleEn":"Regulation of Lobbying (Post-Term Employment as Lobbyist) Bill 2020","shortTitleGa":"An Bille um Stocaireacht a Rial\u00e1il (Fosta\u00edocht Iar-Th\u00e9arma mar Bhr\u00fastocaire), 2020","source":"Private Member","sourceURI":"https:\/\/data.oireachtas.ie\/ie\/oireachtas\/def\/bill-source\/private-member","sponsors":[{"sponsor":{"as":{"showAs":null,"uri":null},"by":{"showAs":"Ged Nash","uri":"https:\/\/data.oireachtas.ie\/ie\/oireachtas\/member\/id\/Gerald-Nash.D.2011-03-09"},"isPrimary":true}}],"stages":[{"event":{"chamber":{"chamberCode":"dail","showAs":"D\u00e1il \u00c9ireann","uri":"https:\/\/data.oireachtas.ie\/ie\/oireachtas\/def\/house\/dail"},"dates":[{"date":"2020-10-23"},{"date":"2020-11-03"},{"date":"2020-11-03"}],"house":{"chamberCode":"dail","chamberType":"house","houseCode":"dail","houseNo":"33","showAs":"33rd D\u00e1il","uri":"https:\/\/data.oireachtas.ie\/ie\/oireachtas\/house\/dail\/33"},"progressStage":1,"showAs":"First Stage","stageCompleted":true,"stageOutcome":null,"stageURI":"https:\/\/data.oireachtas.ie\/ie\/oireachtas\/def\/bill-stage\/1","uri":"https:\/\/data.oireachtas.ie\/ie\/oireachtas\/bill\/2020\/49\/stage\/dail\/1"}},{"event":{"chamber":{"chamberCode":"dail","showAs":"D\u00e1il \u00c9ireann","uri":"https:\/\/data.oireachtas.ie\/ie\/oireachtas\/def\/house\/dail"},"dates":[{"date":"2020-11-03"}],"house":{"chamberCode":"dail","chamberType":"house","houseCode":"dail","houseNo":"33","showAs":"33rd D\u00e1il","uri":"https:\/\/data.oireachtas.ie\/ie\/oireachtas\/house\/dail\/33"},"progressStage":2,"showAs":"Second Stage","stageCompleted":true,"stageOutcome":null,"stageURI":"https:\/\/data.oireachtas.ie\/ie\/oireachtas\/def\/bill-stage\/2","uri":"https:\/\/data.oireachtas.ie\/ie\/oireachtas\/bill\/2020\/49\/stage\/dail\/2"}},{"event":{"chamber":{"chamberCode":"dail","showAs":"D\u00e1il \u00c9ireann","uri":"https:\/\/data.oireachtas.ie\/ie\/oireachtas\/def\/house\/dail"},"dates":[{"date":"2024-11-08"},{"date":"2025-05-01"}],"house":{"chamberCode":"dail","chamberType":"house","houseCode":"dail","houseNo":"33","showAs":"33rd D\u00e1il","uri":"https:\/\/data.oireachtas.ie\/ie\/oireachtas\/house\/dail\/33"},"progressStage":3,"showAs":"Committee Stage","stageCompleted":false,"stageOutcome":"Current","stageURI":"https:\/\/data.oireachtas.ie\/ie\/oireachtas\/def\/bill-stage\/3","uri":"https:\/\/data.oireachtas.ie\/ie\/oireachtas\/bill\/2020\/49\/stage\/dail\/3"}}],"status":"Current","statusURI":"https:\/\/data.oireachtas.ie\/ie\/oireachtas\/def\/bill-status\/published","uri":"https:\/\/data.oireachtas.ie\/ie\/oireachtas\/bill\/2020\/49","versions":[{"version":{"date":"2020-11-03","docType":"bill","formats":{"pdf":{"uri":"https:\/\/data.oireachtas.ie\/ie\/oireachtas\/bill\/2020\/49\/eng\/initiated\/b4920d.pdf"},"xml":null},"lang":"eng","showAs":"As Initiated","uri":"https:\/\/data.oireachtas.ie\/ie\/oireachtas\/bill\/2020\/49\/eng\/initiated"}}]},"billSort":{"actNoSort":null,"actShortTitleEnSort":null,"actShortTitleGaSort":null,"actYearSort":null,"billNoSort":49,"billShortTitleEnSort":"regulation-of-lobbying-post-term-employment-as-lobbyist-bill-2020","billShortTitleGaSort":"an-bille-um-stocaireacht-a-rialail-fostaiocht-iar-thearma-mar-bhrustocaire-2020","billYearSort":2020},"contextDate":"2025-05-01"},{"bill":{"act":null,"amendmentLists":[],"billNo":"47","billType":"Public","billTypeURI":"https:\/\/data.oireachtas.ie\/ie\/oireachtas\/def\/bill-type\/public","billYear":"2020","debates":[{"chamber":{"showAs":"Seanad \u00c9ireann","uri":"https:\/\/data.oireachtas.ie\/ie\/oireachtas\/def\/house\/seanad"},"date":"2020-11-18","debateSectionId":"dbsect_15","showAs":"Seanad Bill 2020: Second Stage","uri":"https:\/\/data.oireachtas.ie\/akn\/ie\/debateRecord\/seanad\/2020-11-18\/debate\/main"}],"events":[{"event":{"chamber":{"chamberCode":"seanad","showAs":"Seanad \u00c9ireann","uri":"https:\/\/data.oireachtas.ie\/ie\/oireachtas\/def\/house\/seanad"},"dates":[{"date":"2020-07-23"},{"date":"2020-07-24"},{"date":"2025-02-19"}],"eventURI":"https:\/\/data.oireachtas.ie\/ie\/oireachtas\/def\/bill-event\/admissibility-for-introduction","showAs":"Admissibility for Introduction","uri":"https:\/\/data.oireachtas.ie\/ie\/oireachtas\/bill\/2020\/47\/admissibility-for-introduction"}},{"event":{"chamber":{"chamberCode":"seanad","showAs":"Seanad \u00c9ireann","uri":"https:\/\/data.oireachtas.ie\/ie\/oireachtas\/def\/house\/seanad"},"dates":[{"date":"2025-01-29"}],"eventURI":"https:\/\/data.oireachtas.ie\/ie\/oireachtas\/def\/bill-event\/bill-lapsed","showAs":"Bill Lapsed","uri":"https:\/\/data.oireachtas.ie\/ie\/oireachtas\/bill\/2020\/47\/bill-lapsed"}}],"lastUpdated":"2025-02-20T12:48:22.780000+00:00","longTitleEn":"Bill entitled an Act to reform Seanad \u00c9ireann within the terms of the Constitution and for that purpose to expand the franchise at Seanad elections; to provide for the establishment of the Seanad Electoral Commission; to provide for the repeal of the Seanad Electoral (Panel Members) Act 1947 and the Seanad Electoral (University Members) Act 1937, and to provide for related matters. ","longTitleGa":"Bille d\u00e1 ngairtear Acht d\u2019athleas\u00fa Sheanad \u00c9ireann faoi r\u00e9im th\u00e9arma\u00ed an Bhunreachta agus, chun na cr\u00edche sin, do leathn\u00fa an toghch\u00f3rais i gc\u00e1s thoghch\u00e1in an tSeanaid; do dh\u00e9anamh socr\u00fa maidir leis an gCoimisi\u00fan um Thoghch\u00e1in an tSeanaid a bhun\u00fa; do dh\u00e9anamh socr\u00fa maidir le hAcht Toghch\u00e1in an tSeanaid (Rolla-Chomhalta\u00ed), 1947 agus Acht Toghach\u00e1in an tSeanaid (Baill Phr\u00edomh-Scoile), 1937 a aisghairm, agus do dh\u00e9anamh socr\u00fa i dtaobh nithe gaolmhara.","method":"Introduced","methodURI":"https:\/\/data.oireachtas.ie\/ie\/oireachtas\/def\/bill-method\/introduced","mostRecentStage":{"event":{"chamber":{"chamberCode":"seanad","showAs":"Seanad \u00c9ireann","uri":"https:\/\/data.oireachtas.ie\/ie\/oireachtas\/def\/house\/seanad"},"dates":[{"date":"2025-01-29"},{"date":"2025-02-19"}],"house":{"chamberCode":"seanad","chamberType":"house","houseCode":"seanad","houseNo":"27","showAs":"27th Seanad","uri":"https:\/\/data.oireachtas.ie\/ie\/oireachtas\/house\/seanad\/27"},"progressStage":3,"showAs":"Committee Stage","stageCompleted":false,"stageOutcome":"Current","stageURI":"https:\/\/data.oireachtas.ie\/ie\/oireachtas\/def\/bill-stage\/3","uri":"https:\/\/data.oireachtas.ie\/ie\/oireachtas\/bill\/2020\/47\/stage\/seanad\/3"}},"originHouse":{"showAs":"Seanad \u00c9ireann","uri":"https:\/\/data.oireachtas.ie\/ie\/oireachtas\/def\/house\/seanad"},"originHouseURI":"https:\/\/data.oireachtas.ie\/ie\/oireachtas\/def\/house\/seanad","relatedDocs":[],"shortTitleEn":"Seanad Bill 2020","shortTitleGa":"An Bille um an Seanad, 2020","source":"Private Member","sourceURI":"https:\/\/data.oireachtas.ie\/ie\/oireachtas\/def\/bill-source\/private-member","sponsors":[{"sponsor":{"as":{"showAs":null,"uri":null},"by":{"showAs":"Michael McDowell","uri":"https:\/\/data.oireachtas.ie\/ie\/oireachtas\/member\/id\/Michael-McDowell.D.1987-03-10"},"isPrimary":true}},{"sponsor":{"as":{"showAs":null,"uri":null},"by":{"showAs":"Gerard P. Craughwell","uri":"https:\/\/data.oireachtas.ie\/ie\/oireachtas\/member\/id\/Gerard-P-Craughwell.S.2014-10-10"},"isPrimary":false}},{"sponsor":{"as":{"showAs":null,"uri":null},"by":{"showAs":"Alice-Mary Higgins","uri":"https:\/\/data.oireachtas.ie\/ie\/oireachtas\/member\/id\/Alice-Mary-Higgins.S.2016-04-25"},"isPrimary":false}}],"stages":[{"event":{"chamber":{"chamberCode":"seanad","showAs":"Seanad \u00c9ireann","uri":"https:\/\/data.oireachtas.ie\/ie\/oireachtas\/def\/house\/seanad"},"dates":[{"date":"2020-07-23"},{"date":"2020-07-24"},{"date":"2020-07-24"}],"house":{"chamberCode":"seanad","chamberType":"house","houseCode":"seanad","houseNo":"26","showAs":"26th Seanad","uri":"https:\/\/data.oireachtas.ie\/ie\/oireachtas\/house\/seanad\/26"},"progressStage":1,"showAs":"First Stage","stageCompleted":true,"stageOutcome":null,"stageURI":"https:\/\/data.oireachtas.ie\/ie\/oireachtas\/def\/bill-stage\/1","uri":"https:\/\/data.oireachtas.ie\/ie\/oireachtas\/bill\/2020\/47\/stage\/seanad\/1"}},{"event":{"chamber":{"chamberCode":"seanad","showAs":"Seanad \u00c9ireann","uri":"https:\/\/data.oireachtas.ie\/ie\/oireachtas\/def\/house\/seanad"},"dates":[{"date":"2020-07-24"}],"house":{"chamberCode":"seanad","chamberType":"house","houseCode":"seanad","houseNo":"26","showAs":"26th Seanad","uri":"https:\/\/data.oireachtas.ie\/ie\/oireachtas\/house\/seanad\/26"},"progressStage":2,"showAs":"Second Stage","stageCompleted":true,"stageOutcome":null,"stageURI":"https:\/\/data.oireachtas.ie\/ie\/oireachtas\/def\/bill-stage\/2","uri":"https:\/\/data.oireachtas.ie\/ie\/oireachtas\/bill\/2020\/47\/stage\/seanad\/2"}},{"event":{"chamber":{"chamberCode":"seanad","showAs":"Seanad \u00c9ireann","uri":"https:\/\/data.oireachtas.ie\/ie\/oireachtas\/def\/house\/seanad"},"dates":[{"date":"2025-01-29"},{"date":"2025-02-19"}],"house":{"chamberCode":"seanad","chamberType":"house","houseCode":"seanad","houseNo":"27","showAs":"27th Seanad","uri":"https:\/\/data.oireachtas.ie\/ie\/oireachtas\/house\/seanad\/27"},"progressStage":3,"showAs":"Committee Stage","stageCompleted":false,"stageOutcome":"Current","stageURI":"https:\/\/data.oireachtas.ie\/ie\/oireachtas\/def\/bill-stage\/3","uri":"https:\/\/data.oireachtas.ie\/ie\/oireachtas\/bill\/2020\/47\/stage\/seanad\/3"}}],"status":"Current","statusURI":"https:\/\/data.oireachtas.ie\/ie\/oireachtas\/def\/bill-status\/published","uri":"https:\/\/data.oireachtas.ie\/ie\/oireachtas\/bill\/2020\/47","versions":[{"version":{"date":"2020-07-24","docType":"bill","formats":{"pdf":{"uri":"https:\/\/data.oireachtas.ie\/ie\/oireachtas\/bill\/2020\/47\/eng\/initiated\/b4720s.pdf"},"xml":null},"lang":"eng","showAs":"As Initiated","uri":"https:\/\/data.oireachtas.ie\/ie\/oireachtas\/bill\/2020\/47\/eng\/initiated"}}]},"billSort":{"actNoSort":null,"actShortTitleEnSort":null,"actShortTitleGaSort":null,"actYearSort":null,"billNoSort":47,"billShortTitleEnSort":"seanad-bill-2020","billShortTitleGaSort":"an-bille-um-an-seanad-2020","billYearSort":2020},"contextDate":"2025-02-19"},{"bill":{"act":null,"amendmentLists":[],"billNo":"39","billType":"Public","billTypeURI":"https:\/\/data.oireachtas.ie\/ie\/oireachtas\/def\/bill-type\/public","billYear":"2020","debates":[{"chamber":{"showAs":"D\u00e1il \u00c9ireann","uri":"https:\/\/data.oireachtas.ie\/ie\/oireachtas\/def\/house\/dail"},"date":"2020-11-04","debateSectionId":"dbsect_32","showAs":"River Shannon Management Agency Bill 2020: Second Stage (Resumed) [Private Members]","uri":"https:\/\/data.oireachtas.ie\/akn\/ie\/debateRecord\/dail\/2020-11-04\/debate\/main"},{"chamber":{"showAs":"D\u00e1il \u00c9ireann","uri":"https:\/\/data.oireachtas.ie\/ie\/oireachtas\/def\/house\/dail"},"date":"2020-11-03","debateSectionId":"dbsect_34","showAs":"River Shannon Management Agency Bill 2020: Second Stage [Private Members]","uri":"https:\/\/data.oireachtas.ie\/akn\/ie\/debateRecord\/dail\/2020-11-03\/debate\/main"},{"chamber":{"showAs":"D\u00e1il \u00c9ireann","uri":"https:\/\/data.oireachtas.ie\/ie\/oireachtas\/def\/house\/dail"},"date":"2020-10-07","debateSectionId":"dbsect_5","showAs":"River Shannon Management Agency Bill 2020: First Stage","uri":"https:\/\/data.oireachtas.ie\/akn\/ie\/debateRecord\/dail\/2020-10-07\/debate\/main"}],"events":[{"event":{"chamber":{"chamberCode":"dail","showAs":"D\u00e1il \u00c9ireann","uri":"https:\/\/data.oireachtas.ie\/ie\/oireachtas\/def\/house\/dail"},"dates":[{"date":"2020-09-30"},{"date":"2020-10-07"},{"date":"2025-05-01"}],"eventURI":"https:\/\/data.oireachtas.ie\/ie\/oireachtas\/def\/bill-event\/admissibility-for-introduction","showAs":"Admissibility for Introduction","uri":"https:\/\/data.oireachtas.ie\/ie\/oireachtas\/bill\/2020\/39\/admissibility-for-introduction"}},{"event":{"chamber":{"chamberCode":"dail","showAs":"D\u00e1il \u00c9ireann","uri":"https:\/\/data.oireachtas.ie\/ie\/oireachtas\/def\/house\/dail"},"dates":[{"date":"2024-11-08"}],"eventURI":"https:\/\/data.oireachtas.ie\/ie\/oireachtas\/def\/bill-event\/bill-lapsed","showAs":"Bill Lapsed","uri":"https:\/\/data.oireachtas.ie\/ie\/oireachtas\/bill\/2020\/39\/bill-lapsed"}}],"lastUpdated":"2025-05-02T11:34:33.530000+00:00","longTitleEn":"Bill entitled an Act to create a single competent authority to co-ordinate flood risk and management along the River Shannon and to provide for matters connected therewith.","longTitleGa":"Bille d\u00e1 ngairtear Acht do bhun\u00fa \u00fadar\u00e1s inni\u00fail aonair chun priacal agus bainisti\u00fa tuile a chomhord\u00fa feadh Abhainn na Sionainne agus do dh\u00e9anamh socr\u00fa i dtaobh nithe a bhaineann leis an m\u00e9id sin.","method":"Introduced","methodURI":"https:\/\/data.oireachtas.ie\/ie\/oireachtas\/def\/bill-method\/introduced","mostRecentStage":{"event":{"chamber":{"chamberCode":"dail","showAs":"D\u00e1il \u00c9ireann","uri":"https:\/\/data.oireachtas.ie\/ie\/oireachtas\/def\/house\/dail"},"dates":[{"date":"2024-11-08"},{"date":"2025-05-01"}],"house":{"chamberCode":"dail","chamberType":"house","houseCode":"dail","houseNo":"33","showAs":"33rd D\u00e1il","uri":"https:\/\/data.oireachtas.ie\/ie\/oireachtas\/house\/dail\/33"},"progressStage":3,"showAs":"Committee Stage","stageCompleted":false,"stageOutcome":"Current","stageURI":"https:\/\/data.oireachtas.ie\/ie\/oireachtas\/def\/bill-stage\/3","uri":"https:\/\/data.oireachtas.ie\/ie\/oireachtas\/bill\/2020\/39\/stage\/dail\/3"}},"originHouse":{"showAs":"D\u00e1il \u00c9ireann","uri":"https:\/\/data.oireachtas.ie\/ie\/oireachtas\/def\/house\/dail"},"originHouseURI":"https:\/\/data.oireachtas.ie\/ie\/oireachtas\/def\/house\/dail","relatedDocs":[{"relatedDoc":{"date":"2020-10-07","docType":"memo","formats":{"pdf":{"uri":"https:\/\/data.oireachtas.ie\/ie\/oireachtas\/bill\/2020\/39\/eng\/memo\/b3920d-memo.pdf"},"xml":null},"lang":"eng","showAs":"Explanatory Memorandum","uri":"https:\/\/data.oireachtas.ie\/ie\/oireachtas\/bill\/2020\/39\/eng\/memo"}}],"shortTitleEn":"River Shannon Management Agency Bill 2020","shortTitleGa":"An Bille um Ghn\u00edomhaireacht Bainist\u00edochta Abhainn na Sionainne, 2020","source":"Private Member","sourceURI":"https:\/\/data.oireachtas.ie\/ie\/oireachtas\/def\/bill-source\/private-member","sponsors":[{"sponsor":{"as":{"showAs":null,"uri":null},"by":{"showAs":"Sorca Clarke","uri":"https:\/\/data.oireachtas.ie\/ie\/oireachtas\/member\/id\/Sorca-Clarke.D.2020-02-08"},"isPrimary":true}},{"sponsor":{"as":{"showAs":null,"uri":null},"by":{"showAs":"Claire Kerrane","uri":"https:\/\/data.oireachtas.ie\/ie\/oireachtas\/member\/id\/Claire-Kerrane.D.2020-02-08"},"isPrimary":false}},{"sponsor":{"as":{"showAs":null,"uri":null},"by":{"showAs":"Martin Kenny","uri":"https:\/\/data.oireachtas.ie\/ie\/oireachtas\/member\/id\/Martin-Kenny.D.2016-10-03"},"isPrimary":false}},{"sponsor":{"as":{"showAs":null,"uri":null},"by":{"showAs":"Violet-Anne Wynne","uri":"https:\/\/data.oireachtas.ie\/ie\/oireachtas\/member\/id\/Violet-Anne-Wynne.D.2020-02-08"},"isPrimary":false}}],"stages":[{"event":{"chamber":{"chamberCode":"dail","showAs":"D\u00e1il \u00c9ireann","uri":"https:\/\/data.oireachtas.ie\/ie\/oireachtas\/def\/house\/dail"},"dates":[{"date":"2020-09-30"},{"date":"2020-10-07"},{"date":"2020-10-07"}],"house":{"chamberCode":"dail","chamberType":"house","houseCode":"dail","houseNo":"33","showAs":"33rd D\u00e1il","uri":"https:\/\/data.oireachtas.ie\/ie\/oireachtas\/house\/dail\/33"},"progressStage":1,"showAs":"First Stage","stageCompleted":true,"stageOutcome":null,"stageURI":"https:\/\/data.oireachtas.ie\/ie\/oireachtas\/def\/bill-stage\/1","uri":"https:\/\/data.oireachtas.ie\/ie\/oireachtas\/bill\/2020\/39\/stage\/dail\/1"}},{"event":{"chamber":{"chamberCode":"dail","showAs":"D\u00e1il \u00c9ireann","uri":"https:\/\/data.oireachtas.ie\/ie\/oireachtas\/def\/house\/dail"},"dates":[{"date":"2020-10-07"},{"date":"2020-10-07"}],"house":{"chamberCode":"dail","chamberType":"house","houseCode":"dail","houseNo":"33","showAs":"33rd D\u00e1il","uri":"https:\/\/data.oireachtas.ie\/ie\/oireachtas\/house\/dail\/33"},"progressStage":2,"showAs":"Second Stage","stageCompleted":true,"stageOutcome":null,"stageURI":"https:\/\/data.oireachtas.ie\/ie\/oireachtas\/def\/bill-stage\/2","uri":"https:\/\/data.oireachtas.ie\/ie\/oireachtas\/bill\/2020\/39\/stage\/dail\/2"}},{"event":{"chamber":{"chamberCode":"dail","showAs":"D\u00e1il \u00c9ireann","uri":"https:\/\/data.oireachtas.ie\/ie\/oireachtas\/def\/house\/dail"},"dates":[{"date":"2024-11-08"},{"date":"2025-05-01"}],"house":{"chamberCode":"dail","chamberType":"house","houseCode":"dail","houseNo":"33","showAs":"33rd D\u00e1il","uri":"https:\/\/data.oireachtas.ie\/ie\/oireachtas\/house\/dail\/33"},"progressStage":3,"showAs":"Committee Stage","stageCompleted":false,"stageOutcome":"Current","stageURI":"https:\/\/data.oireachtas.ie\/ie\/oireachtas\/def\/bill-stage\/3","uri":"https:\/\/data.oireachtas.ie\/ie\/oireachtas\/bill\/2020\/39\/stage\/dail\/3"}}],"status":"Current","statusURI":"https:\/\/data.oireachtas.ie\/ie\/oireachtas\/def\/bill-status\/published","uri":"https:\/\/data.oireachtas.ie\/ie\/oireachtas\/bill\/2020\/39","versions":[{"version":{"date":"2020-10-07","docType":"bill","formats":{"pdf":{"uri":"https:\/\/data.oireachtas.ie\/ie\/oireachtas\/bill\/2020\/39\/eng\/initiated\/b3920d.pdf"},"xml":null},"lang":"eng","showAs":"As Initiated","uri":"https:\/\/data.oireachtas.ie\/ie\/oireachtas\/bill\/2020\/39\/eng\/initiated"}}]},"billSort":{"actNoSort":null,"actShortTitleEnSort":null,"actShortTitleGaSort":null,"actYearSort":null,"billNoSort":39,"billShortTitleEnSort":"river-shannon-management-agency-bill-2020","billShortTitleGaSort":"an-bille-um-ghniomhaireacht-bainistiochta-abhainn-na-sionainne-2020","billYearSort":2020},"contextDate":"2025-05-01"},{"bill":{"act":null,"amendmentLists":[],"billNo":"35","billType":"Public","billTypeURI":"https:\/\/data.oireachtas.ie\/ie\/oireachtas\/def\/bill-type\/public","billYear":"2020","debates":[{"chamber":{"showAs":"Select Committee on Education, Further and Higher Education, Research, Innovation and Science","uri":"https:\/\/data.oireachtas.ie\/ie\/oireachtas\/def\/committee"},"date":"2022-06-28","debateSectionId":"dbsect_2","showAs":"Education (Admission to Schools) Bill 2020: Committee Stage","uri":"https:\/\/data.oireachtas.ie\/akn\/ie\/debateRecord\/select_committee_on_education_further_and_higher_education_research_innovation_and_science\/2022-06-28\/debate\/main"},{"chamber":{"showAs":"D\u00e1il \u00c9ireann","uri":"https:\/\/data.oireachtas.ie\/ie\/oireachtas\/def\/house\/dail"},"date":"2022-05-31","debateSectionId":"dbsect_11","showAs":"Education (Admission to Schools) Bill 2020: Referral to Select Committee","uri":"https:\/\/data.oireachtas.ie\/akn\/ie\/debateRecord\/dail\/2022-05-31\/debate\/main"},{"chamber":{"showAs":"D\u00e1il \u00c9ireann","uri":"https:\/\/data.oireachtas.ie\/ie\/oireachtas\/def\/house\/dail"},"date":"2020-11-11","debateSectionId":"dbsect_32","showAs":"Education (Admission to Schools) Bill 2020: Second Stage (Resumed) [Private Members]","uri":"https:\/\/data.oireachtas.ie\/akn\/ie\/debateRecord\/dail\/2020-11-11\/debate\/main"},{"chamber":{"showAs":"D\u00e1il \u00c9ireann","uri":"https:\/\/data.oireachtas.ie\/ie\/oireachtas\/def\/house\/dail"},"date":"2020-11-05","debateSectionId":"dbsect_23","showAs":"Education (Admission to Schools) Bill 2020: Second Stage [Private Members]","uri":"https:\/\/data.oireachtas.ie\/akn\/ie\/debateRecord\/dail\/2020-11-05\/debate\/main"},{"chamber":{"showAs":"D\u00e1il \u00c9ireann","uri":"https:\/\/data.oireachtas.ie\/ie\/oireachtas\/def\/house\/dail"},"date":"2020-09-30","debateSectionId":"dbsect_5","showAs":"Education (Admission to Schools) Bill 2020: First Stage","uri":"https:\/\/data.oireachtas.ie\/akn\/ie\/debateRecord\/dail\/2020-09-30\/debate\/main"}],"events":[{"event":{"chamber":{"chamberCode":"dail","showAs":"D\u00e1il \u00c9ireann","uri":"https:\/\/data.oireachtas.ie\/ie\/oireachtas\/def\/house\/dail"},"dates":[{"date":"2020-09-02"},{"date":"2020-09-30"},{"date":"2025-05-01"}],"eventURI":"https:\/\/data.oireachtas.ie\/ie\/oireachtas\/def\/bill-event\/admissibility-for-introduction","showAs":"Admissibility for Introduction","uri":"https:\/\/data.oireachtas.ie\/ie\/oireachtas\/bill\/2020\/35\/admissibility-for-introduction"}},{"event":{"chamber":{"chamberCode":"dail","showAs":"D\u00e1il \u00c9ireann","uri":"https:\/\/data.oireachtas.ie\/ie\/oireachtas\/def\/house\/dail"},"dates":[{"date":"2024-11-08"}],"eventURI":"https:\/\/data.oireachtas.ie\/ie\/oireachtas\/def\/bill-event\/bill-lapsed","showAs":"Bill Lapsed","uri":"https:\/\/data.oireachtas.ie\/ie\/oireachtas\/bill\/2020\/35\/bill-lapsed"}}],"lastUpdated":"2025-05-02T13:19:56.760000+00:00","longTitleEn":"Bill entitled an Act to amend Part X (Admission to Schools) of the Education Act 1998 insofar as it relates to taking into account a student\u2019s connection to a school by virtue of a family member having previously attended the school when deciding on an application for admission to that school, and to provide for connected matters.","longTitleGa":"Bille d\u00e1 ngairtear Acht do leas\u00fa Chuid X (Ligean Isteach i Scoileanna) den Acht Oideachais, 1998 a mh\u00e9id a bhaineann s\u00ed leis an mbaint at\u00e1 ag mac l\u00e9inn le scoil de bhua duine de theaghlach an mhic l\u00e9inn a bheith tar \u00e9is freastal ar an scoil roimhe sin a chur i gcuntas le linn breith a thabhairt ar iarratas ar ligean isteach sa scoil sin, agus do dh\u00e9anamh socr\u00fa i dtaobh nithe comhghaolmhara. ","method":"Introduced","methodURI":"https:\/\/data.oireachtas.ie\/ie\/oireachtas\/def\/bill-method\/introduced","mostRecentStage":{"event":{"chamber":{"chamberCode":"dail","showAs":"D\u00e1il \u00c9ireann","uri":"https:\/\/data.oireachtas.ie\/ie\/oireachtas\/def\/house\/dail"},"dates":[{"date":"2024-11-08"},{"date":"2025-05-01"}],"house":{"chamberCode":"dail","chamberType":"house","houseCode":"dail","houseNo":"33","showAs":"33rd D\u00e1il","uri":"https:\/\/data.oireachtas.ie\/ie\/oireachtas\/house\/dail\/33"},"progressStage":4,"showAs":"Report Stage","stageCompleted":false,"stageOutcome":"Current","stageURI":"https:\/\/data.oireachtas.ie\/ie\/oireachtas\/def\/bill-stage\/4","uri":"https:\/\/data.oireachtas.ie\/ie\/oireachtas\/bill\/2020\/35\/stage\/dail\/4"}},"originHouse":{"showAs":"D\u00e1il \u00c9ireann","uri":"https:\/\/data.oireachtas.ie\/ie\/oireachtas\/def\/house\/dail"},"originHouseURI":"https:\/\/data.oireachtas.ie\/ie\/oireachtas\/def\/house\/dail","relatedDocs":[{"relatedDoc":{"date":"2020-09-30","docType":"memo","formats":{"pdf":{"uri":"https:\/\/data.oireachtas.ie\/ie\/oireachtas\/bill\/2020\/35\/eng\/memo\/b3520d-memo.pdf"},"xml":null},"lang":"eng","showAs":"Explanatory Memorandum","uri":"https:\/\/data.oireachtas.ie\/ie\/oireachtas\/bill\/2020\/35\/eng\/memo"}}],"shortTitleEn":"Education (Admission to Schools) Bill 2020","shortTitleGa":"An Bille Oideachais (Ligean Isteach i Scoileanna), 2020","source":"Private Member","sourceURI":"https:\/\/data.oireachtas.ie\/ie\/oireachtas\/def\/bill-source\/private-member","sponsors":[{"sponsor":{"as":{"showAs":null,"uri":null},"by":{"showAs":"Aodh\u00e1n \u00d3 R\u00edord\u00e1in","uri":"https:\/\/data.oireachtas.ie\/ie\/oireachtas\/member\/id\/Aodh\u00e1n-\u00d3-R\u00edord\u00e1in.D.2011-03-09"},"isPrimary":true}}],"stages":[{"event":{"chamber":{"chamberCode":"dail","showAs":"D\u00e1il \u00c9ireann","uri":"https:\/\/data.oireachtas.ie\/ie\/oireachtas\/def\/house\/dail"},"dates":[{"date":"2020-09-02"},{"date":"2020-09-30"},{"date":"2020-09-30"}],"house":{"chamberCode":"dail","chamberType":"house","houseCode":"dail","houseNo":"33","showAs":"33rd D\u00e1il","uri":"https:\/\/data.oireachtas.ie\/ie\/oireachtas\/house\/dail\/33"},"progressStage":1,"showAs":"First Stage","stageCompleted":true,"stageOutcome":null,"stageURI":"https:\/\/data.oireachtas.ie\/ie\/oireachtas\/def\/bill-stage\/1","uri":"https:\/\/data.oireachtas.ie\/ie\/oireachtas\/bill\/2020\/35\/stage\/dail\/1"}},{"event":{"chamber":{"chamberCode":"dail","showAs":"D\u00e1il \u00c9ireann","uri":"https:\/\/data.oireachtas.ie\/ie\/oireachtas\/def\/house\/dail"},"dates":[{"date":"2020-09-30"},{"date":"2020-09-30"}],"house":{"chamberCode":"dail","chamberType":"house","houseCode":"dail","houseNo":"33","showAs":"33rd D\u00e1il","uri":"https:\/\/data.oireachtas.ie\/ie\/oireachtas\/house\/dail\/33"},"progressStage":2,"showAs":"Second Stage","stageCompleted":true,"stageOutcome":null,"stageURI":"https:\/\/data.oireachtas.ie\/ie\/oireachtas\/def\/bill-stage\/2","uri":"https:\/\/data.oireachtas.ie\/ie\/oireachtas\/bill\/2020\/35\/stage\/dail\/2"}},{"event":{"chamber":{"chamberCode":"dail","showAs":"D\u00e1il \u00c9ireann","uri":"https:\/\/data.oireachtas.ie\/ie\/oireachtas\/def\/house\/dail"},"dates":[{"date":"2020-11-11"}],"house":{"chamberCode":"dail","chamberType":"house","houseCode":"dail","houseNo":"33","showAs":"33rd D\u00e1il","uri":"https:\/\/data.oireachtas.ie\/ie\/oireachtas\/house\/dail\/33"},"progressStage":3,"showAs":"Committee Stage","stageCompleted":true,"stageOutcome":null,"stageURI":"https:\/\/data.oireachtas.ie\/ie\/oireachtas\/def\/bill-stage\/3","uri":"https:\/\/data.oireachtas.ie\/ie\/oireachtas\/bill\/2020\/35\/stage\/dail\/3"}},{"event":{"chamber":{"chamberCode":"dail","showAs":"D\u00e1il \u00c9ireann","uri":"https:\/\/data.oireachtas.ie\/ie\/oireachtas\/def\/house\/dail"},"dates":[{"date":"2024-11-08"},{"date":"2025-05-01"}],"house":{"chamberCode":"dail","chamberType":"house","houseCode":"dail","houseNo":"33","showAs":"33rd D\u00e1il","uri":"https:\/\/data.oireachtas.ie\/ie\/oireachtas\/house\/dail\/33"},"progressStage":4,"showAs":"Report Stage","stageCompleted":false,"stageOutcome":"Current","stageURI":"https:\/\/data.oireachtas.ie\/ie\/oireachtas\/def\/bill-stage\/4","uri":"https:\/\/data.oireachtas.ie\/ie\/oireachtas\/bill\/2020\/35\/stage\/dail\/4"}}],"status":"Current","statusURI":"https:\/\/data.oireachtas.ie\/ie\/oireachtas\/def\/bill-status\/published","uri":"https:\/\/data.oireachtas.ie\/ie\/oireachtas\/bill\/2020\/35","versions":[{"version":{"date":"2020-09-30","docType":"bill","formats":{"pdf":{"uri":"https:\/\/data.oireachtas.ie\/ie\/oireachtas\/bill\/2020\/35\/eng\/initiated\/b3520d.pdf"},"xml":null},"lang":"eng","showAs":"As Initiated","uri":"https:\/\/data.oireachtas.ie\/ie\/oireachtas\/bill\/2020\/35\/eng\/initiated"}}]},"billSort":{"actNoSort":null,"actShortTitleEnSort":null,"actShortTitleGaSort":null,"actYearSort":null,"billNoSort":35,"billShortTitleEnSort":"education-admission-to-schools-bill-2020","billShortTitleGaSort":"an-bille-oideachais-ligean-isteach-i-scoileanna-2020","billYearSort":2020},"contextDate":"2025-05-01"},{"bill":{"act":null,"amendmentLists":[],"billNo":"33","billType":"Public","billTypeURI":"https:\/\/data.oireachtas.ie\/ie\/oireachtas\/def\/bill-type\/public","billYear":"2020","debates":[{"chamber":{"showAs":"D\u00e1il \u00c9ireann","uri":"https:\/\/data.oireachtas.ie\/ie\/oireachtas\/def\/house\/dail"},"date":"2020-09-24","debateSectionId":"dbsect_20","showAs":"Irish Nationality and Citizenship (Citizenship for Children) Bill 2020: First Stage","uri":"https:\/\/data.oireachtas.ie\/akn\/ie\/debateRecord\/dail\/2020-09-24\/debate\/main"}],"events":[{"event":{"chamber":{"chamberCode":"dail","showAs":"D\u00e1il \u00c9ireann","uri":"https:\/\/data.oireachtas.ie\/ie\/oireachtas\/def\/house\/dail"},"dates":[{"date":"2020-09-02"},{"date":"2020-09-24"},{"date":"2025-05-01"}],"eventURI":"https:\/\/data.oireachtas.ie\/ie\/oireachtas\/def\/bill-event\/admissibility-for-introduction","showAs":"Admissibility for Introduction","uri":"https:\/\/data.oireachtas.ie\/ie\/oireachtas\/bill\/2020\/33\/admissibility-for-introduction"}},{"event":{"chamber":{"chamberCode":"dail","showAs":"D\u00e1il \u00c9ireann","uri":"https:\/\/data.oireachtas.ie\/ie\/oireachtas\/def\/house\/dail"},"dates":[{"date":"2024-11-08"}],"eventURI":"https:\/\/data.oireachtas.ie\/ie\/oireachtas\/def\/bill-event\/bill-lapsed","showAs":"Bill Lapsed","uri":"https:\/\/data.oireachtas.ie\/ie\/oireachtas\/bill\/2020\/33\/bill-lapsed"}}],"lastUpdated":"2025-05-02T11:32:57.560000+00:00","longTitleEn":"Bill entitled an Act to restore the eligibility of all persons born in the island of Ireland to Irish citizenship, to extend the eligibility for Irish citizenship to children resident for a period of time in the island of Ireland and related matters, to enhance the eligibility for Irish citizenship for children resident in the island of Ireland.","longTitleGa":"Bille d\u00e1 ngairtear Acht d'aisiri\u00fa inch\u00e1ilitheacht gach duine a shaola\u00edtear in oile\u00e1n na h\u00c9ireann chun saor\u00e1nacht \u00c9ireann, do leathn\u00fa na hinch\u00e1ilitheachta chun saor\u00e1nacht \u00c9ireann chuig leana\u00ed a bhfuil c\u00f3na\u00ed orthu ar feadh tr\u00e9imhse ama in oile\u00e1n na h\u00c9ireann agus i dtaobh nithe gaolmhara, d\u2019fheabhs\u00fa na hinch\u00e1ilitheachta le haghaidh saor\u00e1nacht \u00c9ireann do leana\u00ed a bhfuil c\u00f3na\u00ed orthu in oile\u00e1n na h\u00c9ireann.","method":"Introduced","methodURI":"https:\/\/data.oireachtas.ie\/ie\/oireachtas\/def\/bill-method\/introduced","mostRecentStage":{"event":{"chamber":{"chamberCode":"dail","showAs":"D\u00e1il \u00c9ireann","uri":"https:\/\/data.oireachtas.ie\/ie\/oireachtas\/def\/house\/dail"},"dates":[{"date":"2024-11-08"},{"date":"2025-05-01"}],"house":{"chamberCode":"dail","chamberType":"house","houseCode":"dail","houseNo":"33","showAs":"33rd D\u00e1il","uri":"https:\/\/data.oireachtas.ie\/ie\/oireachtas\/house\/dail\/33"},"progressStage":2,"showAs":"Second Stage","stageCompleted":false,"stageOutcome":"Current","stageURI":"https:\/\/data.oireachtas.ie\/ie\/oireachtas\/def\/bill-stage\/2","uri":"https:\/\/data.oireachtas.ie\/ie\/oireachtas\/bill\/2020\/33\/stage\/dail\/2"}},"originHouse":{"showAs":"D\u00e1il \u00c9ireann","uri":"https:\/\/data.oireachtas.ie\/ie\/oireachtas\/def\/house\/dail"},"originHouseURI":"https:\/\/data.oireachtas.ie\/ie\/oireachtas\/def\/house\/dail","relatedDocs":[{"relatedDoc":{"date":"2020-09-24","docType":"memo","formats":{"pdf":{"uri":"https:\/\/data.oireachtas.ie\/ie\/oireachtas\/bill\/2020\/33\/eng\/memo\/b3320d-memo.pdf"},"xml":null},"lang":"eng","showAs":"Explanatory Memorandum","uri":"https:\/\/data.oireachtas.ie\/ie\/oireachtas\/bill\/2020\/33\/eng\/memo"}}],"shortTitleEn":"Irish Nationality and Citizenship (Citizenship for Children) Bill 2020","shortTitleGa":"Bille N\u00e1isi\u00fantacht agus Shaor\u00e1nacht \u00c9ireann (Saor\u00e1nacht do Leana\u00ed), 2020","source":"Private Member","sourceURI":"https:\/\/data.oireachtas.ie\/ie\/oireachtas\/def\/bill-source\/private-member","sponsors":[{"sponsor":{"as":{"showAs":null,"uri":null},"by":{"showAs":"Mick Barry","uri":"https:\/\/data.oireachtas.ie\/ie\/oireachtas\/member\/id\/Mick-Barry.D.2016-10-03"},"isPrimary":true}}],"stages":[{"event":{"chamber":{"chamberCode":"dail","showAs":"D\u00e1il \u00c9ireann","uri":"https:\/\/data.oireachtas.ie\/ie\/oireachtas\/def\/house\/dail"},"dates":[{"date":"2020-09-02"},{"date":"2020-09-24"},{"date":"2020-09-24"}],"house":{"chamberCode":"dail","chamberType":"house","houseCode":"dail","houseNo":"33","showAs":"33rd D\u00e1il","uri":"https:\/\/data.oireachtas.ie\/ie\/oireachtas\/house\/dail\/33"},"progressStage":1,"showAs":"First Stage","stageCompleted":true,"stageOutcome":null,"stageURI":"https:\/\/data.oireachtas.ie\/ie\/oireachtas\/def\/bill-stage\/1","uri":"https:\/\/data.oireachtas.ie\/ie\/oireachtas\/bill\/2020\/33\/stage\/dail\/1"}},{"event":{"chamber":{"chamberCode":"dail","showAs":"D\u00e1il \u00c9ireann","uri":"https:\/\/data.oireachtas.ie\/ie\/oireachtas\/def\/house\/dail"},"dates":[{"date":"2024-11-08"},{"date":"2025-05-01"}],"house":{"chamberCode":"dail","chamberType":"house","houseCode":"dail","houseNo":"33","showAs":"33rd D\u00e1il","uri":"https:\/\/data.oireachtas.ie\/ie\/oireachtas\/house\/dail\/33"},"progressStage":2,"showAs":"Second Stage","stageCompleted":false,"stageOutcome":"Current","stageURI":"https:\/\/data.oireachtas.ie\/ie\/oireachtas\/def\/bill-stage\/2","uri":"https:\/\/data.oireachtas.ie\/ie\/oireachtas\/bill\/2020\/33\/stage\/dail\/2"}}],"status":"Current","statusURI":"https:\/\/data.oireachtas.ie\/ie\/oireachtas\/def\/bill-status\/published","uri":"https:\/\/data.oireachtas.ie\/ie\/oireachtas\/bill\/2020\/33","versions":[{"version":{"date":"2020-09-24","docType":"bill","formats":{"pdf":{"uri":"https:\/\/data.oireachtas.ie\/ie\/oireachtas\/bill\/2020\/33\/eng\/initiated\/b3320d.pdf"},"xml":null},"lang":"eng","showAs":"As Initiated","uri":"https:\/\/data.oireachtas.ie\/ie\/oireachtas\/bill\/2020\/33\/eng\/initiated"}}]},"billSort":{"actNoSort":null,"actShortTitleEnSort":null,"actShortTitleGaSort":null,"actYearSort":null,"billNoSort":33,"billShortTitleEnSort":"irish-nationality-and-citizenship-citizenship-for-children-bill-2020","billShortTitleGaSort":"bille-naisiuntacht-agus-shaoranacht-eireann-saoranacht-do-leanai-2020","billYearSort":2020},"contextDate":"2025-05-01"},{"bill":{"act":null,"amendmentLists":[],"billNo":"31","billType":"Public","billTypeURI":"https:\/\/data.oireachtas.ie\/ie\/oireachtas\/def\/bill-type\/public","billYear":"2020","debates":[{"chamber":{"showAs":"Seanad \u00c9ireann","uri":"https:\/\/data.oireachtas.ie\/ie\/oireachtas\/def\/house\/seanad"},"date":"2020-09-18","debateSectionId":"dbsect_4","showAs":"State Airports (Shannon Group) (Amendment) Bill 2020: First Stage","uri":"https:\/\/data.oireachtas.ie\/akn\/ie\/debateRecord\/seanad\/2020-09-18\/debate\/main"}],"events":[{"event":{"chamber":{"chamberCode":"seanad","showAs":"Seanad \u00c9ireann","uri":"https:\/\/data.oireachtas.ie\/ie\/oireachtas\/def\/house\/seanad"},"dates":[{"date":"2020-09-15"},{"date":"2020-09-18"}],"eventURI":"https:\/\/data.oireachtas.ie\/ie\/oireachtas\/def\/bill-event\/admissibility-for-introduction","showAs":"Admissibility for Introduction","uri":"https:\/\/data.oireachtas.ie\/ie\/oireachtas\/bill\/2020\/31\/admissibility-for-introduction"}},{"event":{"chamber":{"chamberCode":"seanad","showAs":"Seanad \u00c9ireann","uri":"https:\/\/data.oireachtas.ie\/ie\/oireachtas\/def\/house\/seanad"},"dates":[{"date":"2025-01-29"}],"eventURI":"https:\/\/data.oireachtas.ie\/ie\/oireachtas\/def\/bill-event\/bill-lapsed","showAs":"Bill Lapsed","uri":"https:\/\/data.oireachtas.ie\/ie\/oireachtas\/bill\/2020\/31\/bill-lapsed"}}],"lastUpdated":"2025-01-30T11:17:37.160000+00:00","longTitleEn":"Bill entitled an Act to amend the State Airports (Shannon Group) Act 2014 and to provide for related matters.","longTitleGa":"Bille d\u00e1 ngairtear Acht do leas\u00fa an Achta um Aerfoirt St\u00e1it (Gr\u00fapa na Sionainne), 2014 agus do dh\u00e9anamh socr\u00fa i dtaobh nithe gaolmhara.","method":"Introduced","methodURI":"https:\/\/data.oireachtas.ie\/ie\/oireachtas\/def\/bill-method\/introduced","mostRecentStage":{"event":{"chamber":{"chamberCode":"seanad","showAs":"Seanad \u00c9ireann","uri":"https:\/\/data.oireachtas.ie\/ie\/oireachtas\/def\/house\/seanad"},"dates":[{"date":"2020-09-15"},{"date":"2020-09-18"},{"date":"2020-09-18"}],"house":{"chamberCode":"seanad","chamberType":"house","houseCode":"seanad","houseNo":"26","showAs":"26th Seanad","uri":"https:\/\/data.oireachtas.ie\/ie\/oireachtas\/house\/seanad\/26"},"progressStage":1,"showAs":"First Stage","stageCompleted":true,"stageOutcome":null,"stageURI":"https:\/\/data.oireachtas.ie\/ie\/oireachtas\/def\/bill-stage\/1","uri":"https:\/\/data.oireachtas.ie\/ie\/oireachtas\/bill\/2020\/31\/stage\/seanad\/1"}},"originHouse":{"showAs":"Seanad \u00c9ireann","uri":"https:\/\/data.oireachtas.ie\/ie\/oireachtas\/def\/house\/seanad"},"originHouseURI":"https:\/\/data.oireachtas.ie\/ie\/oireachtas\/def\/house\/seanad","relatedDocs":[],"shortTitleEn":"State Airports (Shannon Group) (Amendment) Bill 2020","shortTitleGa":"An Bille um Aerfoirt St\u00e1it (Gr\u00fapa na Sionainne) (Leas\u00fa), 2020","source":"Private Member","sourceURI":"https:\/\/data.oireachtas.ie\/ie\/oireachtas\/def\/bill-source\/private-member","sponsors":[{"sponsor":{"as":{"showAs":null,"uri":null},"by":{"showAs":"Martin Conway","uri":"https:\/\/data.oireachtas.ie\/ie\/oireachtas\/member\/id\/Martin-Conway.S.2011-05-25"},"isPrimary":true}},{"sponsor":{"as":{"showAs":null,"uri":null},"by":{"showAs":"Aisling Dolan","uri":"https:\/\/data.oireachtas.ie\/ie\/oireachtas\/member\/id\/Aisling-Dolan.S.2020-06-29"},"isPrimary":false}},{"sponsor":{"as":{"showAs":null,"uri":null},"by":{"showAs":"Garret Ahearn","uri":"https:\/\/data.oireachtas.ie\/ie\/oireachtas\/member\/id\/Garret-Ahearn.S.2020-03-30"},"isPrimary":false}}],"stages":[{"event":{"chamber":{"chamberCode":"seanad","showAs":"Seanad \u00c9ireann","uri":"https:\/\/data.oireachtas.ie\/ie\/oireachtas\/def\/house\/seanad"},"dates":[{"date":"2020-09-15"},{"date":"2020-09-18"},{"date":"2020-09-18"}],"house":{"chamberCode":"seanad","chamberType":"house","houseCode":"seanad","houseNo":"26","showAs":"26th Seanad","uri":"https:\/\/data.oireachtas.ie\/ie\/oireachtas\/house\/seanad\/26"},"progressStage":1,"showAs":"First Stage","stageCompleted":true,"stageOutcome":null,"stageURI":"https:\/\/data.oireachtas.ie\/ie\/oireachtas\/def\/bill-stage\/1","uri":"https:\/\/data.oireachtas.ie\/ie\/oireachtas\/bill\/2020\/31\/stage\/seanad\/1"}}],"status":"Lapsed","statusURI":"https:\/\/data.oireachtas.ie\/ie\/oireachtas\/def\/bill-status\/lapsed","uri":"https:\/\/data.oireachtas.ie\/ie\/oireachtas\/bill\/2020\/31","versions":[{"version":{"date":"2020-09-18","docType":"bill","formats":{"pdf":{"uri":"https:\/\/data.oireachtas.ie\/ie\/oireachtas\/bill\/2020\/31\/eng\/initiated\/b3120s.pdf"},"xml":null},"lang":"eng","showAs":"As Initiated","uri":"https:\/\/data.oireachtas.ie\/ie\/oireachtas\/bill\/2020\/31\/eng\/initiated"}}]},"billSort":{"actNoSort":null,"actShortTitleEnSort":null,"actShortTitleGaSort":null,"actYearSort":null,"billNoSort":31,"billShortTitleEnSort":"state-airports-shannon-group-amendment-bill-2020","billShortTitleGaSort":"an-bille-um-aerfoirt-stait-grupa-na-sionainne-leasu-2020","billYearSort":2020},"contextDate":"2020-09-18"},{"bill":{"act":null,"amendmentLists":[],"billNo":"30","billType":"Public","billTypeURI":"https:\/\/data.oireachtas.ie\/ie\/oireachtas\/def\/bill-type\/public","billYear":"2020","debates":[{"chamber":{"showAs":"Seanad \u00c9ireann","uri":"https:\/\/data.oireachtas.ie\/ie\/oireachtas\/def\/house\/seanad"},"date":"2020-09-30","debateSectionId":"dbsect_24","showAs":"National Screening Advisory Committee Bill 2020: Second Stage","uri":"https:\/\/data.oireachtas.ie\/akn\/ie\/debateRecord\/seanad\/2020-09-30\/debate\/main"},{"chamber":{"showAs":"Seanad \u00c9ireann","uri":"https:\/\/data.oireachtas.ie\/ie\/oireachtas\/def\/house\/seanad"},"date":"2020-09-18","debateSectionId":"dbsect_3","showAs":"National Screening Advisory Committee Bill 2020: First Stage","uri":"https:\/\/data.oireachtas.ie\/akn\/ie\/debateRecord\/seanad\/2020-09-18\/debate\/main"}],"events":[{"event":{"chamber":{"chamberCode":"seanad","showAs":"Seanad \u00c9ireann","uri":"https:\/\/data.oireachtas.ie\/ie\/oireachtas\/def\/house\/seanad"},"dates":[{"date":"2020-09-15"},{"date":"2020-09-18"}],"eventURI":"https:\/\/data.oireachtas.ie\/ie\/oireachtas\/def\/bill-event\/admissibility-for-introduction","showAs":"Admissibility for Introduction","uri":"https:\/\/data.oireachtas.ie\/ie\/oireachtas\/bill\/2020\/30\/admissibility-for-introduction"}},{"event":{"chamber":{"chamberCode":"seanad","showAs":"Seanad \u00c9ireann","uri":"https:\/\/data.oireachtas.ie\/ie\/oireachtas\/def\/house\/seanad"},"dates":[{"date":"2025-01-29"}],"eventURI":"https:\/\/data.oireachtas.ie\/ie\/oireachtas\/def\/bill-event\/bill-lapsed","showAs":"Bill Lapsed","uri":"https:\/\/data.oireachtas.ie\/ie\/oireachtas\/bill\/2020\/30\/bill-lapsed"}}],"lastUpdated":"2025-01-30T11:17:37.160000+00:00","longTitleEn":"Bill entitled an Act to provide for the establishment of a body, to be known in the Irish language as an Coiste Comhairleach N\u00e1isi\u00fanta um Braitheoireacht or in the English language as the National Screening Advisory Committee, to advise on the operation of health screening programmes in the State and to provide for related matters.","longTitleGa":"Bille d\u00e1 ngairtear Acht do dh\u00e9anamh socr\u00fa maidir le comhlacht a bhun\u00fa, ar a dtabharfar, sa Ghaeilge, an Coiste Comhairleach N\u00e1isi\u00fanta um Braitheoireacht n\u00f3, sa Bh\u00e9arla, the National Screening Advisory Committee, chun comhairle a thabhairt maidir le hoibri\u00fa cl\u00e1r braitheoireachta sl\u00e1inte sa St\u00e1t agus do dh\u00e9anamh socr\u00fa i dtaobh nithe gaolmhara.","method":"Introduced","methodURI":"https:\/\/data.oireachtas.ie\/ie\/oireachtas\/def\/bill-method\/introduced","mostRecentStage":{"event":{"chamber":{"chamberCode":"seanad","showAs":"Seanad \u00c9ireann","uri":"https:\/\/data.oireachtas.ie\/ie\/oireachtas\/def\/house\/seanad"},"dates":[{"date":"2020-09-18"}],"house":{"chamberCode":"seanad","chamberType":"house","houseCode":"seanad","houseNo":"26","showAs":"26th Seanad","uri":"https:\/\/data.oireachtas.ie\/ie\/oireachtas\/house\/seanad\/26"},"progressStage":2,"showAs":"Second Stage","stageCompleted":true,"stageOutcome":null,"stageURI":"https:\/\/data.oireachtas.ie\/ie\/oireachtas\/def\/bill-stage\/2","uri":"https:\/\/data.oireachtas.ie\/ie\/oireachtas\/bill\/2020\/30\/stage\/seanad\/2"}},"originHouse":{"showAs":"Seanad \u00c9ireann","uri":"https:\/\/data.oireachtas.ie\/ie\/oireachtas\/def\/house\/seanad"},"originHouseURI":"https:\/\/data.oireachtas.ie\/ie\/oireachtas\/def\/house\/seanad","relatedDocs":[{"relatedDoc":{"date":"2020-09-18","docType":"memo","formats":{"pdf":{"uri":"https:\/\/data.oireachtas.ie\/ie\/oireachtas\/bill\/2020\/30\/eng\/memo\/b3020s-memo.pdf"},"xml":null},"lang":"eng","showAs":"Explanatory Memorandum","uri":"https:\/\/data.oireachtas.ie\/ie\/oireachtas\/bill\/2020\/30\/eng\/memo"}}],"shortTitleEn":"National Screening Advisory Committee Bill 2020","shortTitleGa":"An Bille f\u00e1 Choiste Comhairleach N\u00e1isi\u00fanta um Braitheoireacht, 2020","source":"Private Member","sourceURI":"https:\/\/data.oireachtas.ie\/ie\/oireachtas\/def\/bill-source\/private-member","sponsors":[{"sponsor":{"as":{"showAs":null,"uri":null},"by":{"showAs":"Gerard P. Craughwell","uri":"https:\/\/data.oireachtas.ie\/ie\/oireachtas\/member\/id\/Gerard-P-Craughwell.S.2014-10-10"},"isPrimary":false}},{"sponsor":{"as":{"showAs":null,"uri":null},"by":{"showAs":"David P.B. Norris","uri":"https:\/\/data.oireachtas.ie\/ie\/oireachtas\/member\/id\/David-PB-Norris.S.1987-04-25"},"isPrimary":true}},{"sponsor":{"as":{"showAs":null,"uri":null},"by":{"showAs":"Victor Boyhan","uri":"https:\/\/data.oireachtas.ie\/ie\/oireachtas\/member\/id\/Victor-Boyhan.S.2016-04-25"},"isPrimary":false}}],"stages":[{"event":{"chamber":{"chamberCode":"seanad","showAs":"Seanad \u00c9ireann","uri":"https:\/\/data.oireachtas.ie\/ie\/oireachtas\/def\/house\/seanad"},"dates":[{"date":"2020-09-15"},{"date":"2020-09-18"},{"date":"2020-09-18"}],"house":{"chamberCode":"seanad","chamberType":"house","houseCode":"seanad","houseNo":"26","showAs":"26th Seanad","uri":"https:\/\/data.oireachtas.ie\/ie\/oireachtas\/house\/seanad\/26"},"progressStage":1,"showAs":"First Stage","stageCompleted":true,"stageOutcome":null,"stageURI":"https:\/\/data.oireachtas.ie\/ie\/oireachtas\/def\/bill-stage\/1","uri":"https:\/\/data.oireachtas.ie\/ie\/oireachtas\/bill\/2020\/30\/stage\/seanad\/1"}},{"event":{"chamber":{"chamberCode":"seanad","showAs":"Seanad \u00c9ireann","uri":"https:\/\/data.oireachtas.ie\/ie\/oireachtas\/def\/house\/seanad"},"dates":[{"date":"2020-09-18"}],"house":{"chamberCode":"seanad","chamberType":"house","houseCode":"seanad","houseNo":"26","showAs":"26th Seanad","uri":"https:\/\/data.oireachtas.ie\/ie\/oireachtas\/house\/seanad\/26"},"progressStage":2,"showAs":"Second Stage","stageCompleted":true,"stageOutcome":null,"stageURI":"https:\/\/data.oireachtas.ie\/ie\/oireachtas\/def\/bill-stage\/2","uri":"https:\/\/data.oireachtas.ie\/ie\/oireachtas\/bill\/2020\/30\/stage\/seanad\/2"}}],"status":"Lapsed","statusURI":"https:\/\/data.oireachtas.ie\/ie\/oireachtas\/def\/bill-status\/lapsed","uri":"https:\/\/data.oireachtas.ie\/ie\/oireachtas\/bill\/2020\/30","versions":[{"version":{"date":"2020-09-18","docType":"bill","formats":{"pdf":{"uri":"https:\/\/data.oireachtas.ie\/ie\/oireachtas\/bill\/2020\/30\/eng\/initiated\/b3020s.pdf"},"xml":null},"lang":"eng","showAs":"As Initiated","uri":"https:\/\/data.oireachtas.ie\/ie\/oireachtas\/bill\/2020\/30\/eng\/initiated"}}]},"billSort":{"actNoSort":null,"actShortTitleEnSort":null,"actShortTitleGaSort":null,"actYearSort":null,"billNoSort":30,"billShortTitleEnSort":"national-screening-advisory-committee-bill-2020","billShortTitleGaSort":"an-bille-fa-choiste-comhairleach-naisiunta-um-braitheoireacht-2020","billYearSort":2020},"contextDate":"2020-09-18"},{"bill":{"act":null,"amendmentLists":[],"billNo":"26","billType":"Public","billTypeURI":"https:\/\/data.oireachtas.ie\/ie\/oireachtas\/def\/bill-type\/public","billYear":"2020","debates":[{"chamber":{"showAs":"D\u00e1il \u00c9ireann","uri":"https:\/\/data.oireachtas.ie\/ie\/oireachtas\/def\/house\/dail"},"date":"2026-07-08","debateSectionId":"dbsect_75","showAs":"Animal Health and Welfare (Ban on Hare Coursing) Bill 2020: Second Stage (Resumed) [Private Members]","uri":"https:\/\/data.oireachtas.ie\/akn\/ie\/debateRecord\/dail\/2026-07-08\/debate\/main"},{"chamber":{"showAs":"D\u00e1il \u00c9ireann","uri":"https:\/\/data.oireachtas.ie\/ie\/oireachtas\/def\/house\/dail"},"date":"2026-07-02","debateSectionId":"dbsect_41","showAs":"Animal Health and Welfare (Ban on Hare Coursing) Bill 2020: Second Stage [Private Members]","uri":"https:\/\/data.oireachtas.ie\/akn\/ie\/debateRecord\/dail\/2026-07-02\/debate\/main"},{"chamber":{"showAs":"D\u00e1il \u00c9ireann","uri":"https:\/\/data.oireachtas.ie\/ie\/oireachtas\/def\/house\/dail"},"date":"2020-09-16","debateSectionId":"dbsect_6","showAs":"Animal Health and Welfare (Ban on Hare Coursing) Bill 2020: First Stage","uri":"https:\/\/data.oireachtas.ie\/akn\/ie\/debateRecord\/dail\/2020-09-16\/debate\/main"}],"events":[{"event":{"chamber":{"chamberCode":"dail","showAs":"D\u00e1il \u00c9ireann","uri":"https:\/\/data.oireachtas.ie\/ie\/oireachtas\/def\/house\/dail"},"dates":[{"date":"2020-09-02"},{"date":"2020-09-16"},{"date":"2025-05-01"},{"date":"2026-07-08"}],"eventURI":"https:\/\/data.oireachtas.ie\/ie\/oireachtas\/def\/bill-event\/admissibility-for-introduction","showAs":"Admissibility for Introduction","uri":"https:\/\/data.oireachtas.ie\/ie\/oireachtas\/bill\/2020\/26\/admissibility-for-introduction"}},{"event":{"chamber":{"chamberCode":"dail","showAs":"D\u00e1il \u00c9ireann","uri":"https:\/\/data.oireachtas.ie\/ie\/oireachtas\/def\/house\/dail"},"dates":[{"date":"2024-11-08"}],"eventURI":"https:\/\/data.oireachtas.ie\/ie\/oireachtas\/def\/bill-event\/bill-lapsed","showAs":"Bill Lapsed","uri":"https:\/\/data.oireachtas.ie\/ie\/oireachtas\/bill\/2020\/26\/bill-lapsed"}}],"lastUpdated":"2026-07-09T11:55:58.250000+00:00","longTitleEn":"Bill entitled an Act to prohibit the coursing of hares with dogs and for that purpose to amend the Wildlife Act 1976 and the Animal Health and Welfare Act 2013, to make consequential and other amendments to the Greyhound Industry Act 1958 and other Acts relating to such coursing and to provide for related matters.","longTitleGa":"Bille d\u00e1 ngairtear Acht do thoirmeasc giorriacha a ch\u00fars\u00e1il le madra\u00ed agus, chun na cr\u00edche sin, do leas\u00fa an Achta um Fhiadh\u00falra, 1976 agus an Achta um Shl\u00e1inte agus Leas Ainmhithe, 2013, do dh\u00e9anamh leasuithe iarmhartacha agus leasuithe eile ar Acht Tionscail na gCon, 1958 agus ar Achtanna eile a bhaineann le c\u00fars\u00e1il den s\u00f3rt sin agus do dh\u00e9anamh socr\u00fa i dtaobh nithe gaolmhara.","method":"Introduced","methodURI":"https:\/\/data.oireachtas.ie\/ie\/oireachtas\/def\/bill-method\/introduced","mostRecentStage":{"event":{"chamber":{"chamberCode":"dail","showAs":"D\u00e1il \u00c9ireann","uri":"https:\/\/data.oireachtas.ie\/ie\/oireachtas\/def\/house\/dail"},"dates":[{"date":"2020-09-02"},{"date":"2020-09-16"},{"date":"2020-09-16"}],"house":{"chamberCode":"dail","chamberType":"house","houseCode":"dail","houseNo":"33","showAs":"33rd D\u00e1il","uri":"https:\/\/data.oireachtas.ie\/ie\/oireachtas\/house\/dail\/33"},"progressStage":1,"showAs":"First Stage","stageCompleted":true,"stageOutcome":null,"stageURI":"https:\/\/data.oireachtas.ie\/ie\/oireachtas\/def\/bill-stage\/1","uri":"https:\/\/data.oireachtas.ie\/ie\/oireachtas\/bill\/2020\/26\/stage\/dail\/1"}},"originHouse":{"showAs":"D\u00e1il \u00c9ireann","uri":"https:\/\/data.oireachtas.ie\/ie\/oireachtas\/def\/house\/dail"},"originHouseURI":"https:\/\/data.oireachtas.ie\/ie\/oireachtas\/def\/house\/dail","relatedDocs":[{"relatedDoc":{"date":"2020-09-16","docType":"memo","formats":{"pdf":{"uri":"https:\/\/data.oireachtas.ie\/ie\/oireachtas\/bill\/2020\/26\/eng\/memo\/b2620d-memo.pdf"},"xml":null},"lang":"eng","showAs":"Explanatory Memorandum","uri":"https:\/\/data.oireachtas.ie\/ie\/oireachtas\/bill\/2020\/26\/eng\/memo"}}],"shortTitleEn":"Animal Health and Welfare (Ban on Hare Coursing) Bill 2020","shortTitleGa":"An Bille um Shl\u00e1inte agus Leas Ainmhithe (Cosc ar Ch\u00fars\u00e1il Giorriacha), 2020","source":"Private Member","sourceURI":"https:\/\/data.oireachtas.ie\/ie\/oireachtas\/def\/bill-source\/private-member","sponsors":[{"sponsor":{"isPrimary":true,"as":{"showAs":null,"uri":null},"by":{"showAs":"Paul Murphy","uri":"https:\/\/data.oireachtas.ie\/ie\/oireachtas\/member\/id\/Paul-Murphy.D.2014-10-10"}}},{"sponsor":{"isPrimary":false,"as":{"showAs":null,"uri":null},"by":{"showAs":"Mick Barry","uri":"https:\/\/data.oireachtas.ie\/ie\/oireachtas\/member\/id\/Mick-Barry.D.2016-10-03"}}},{"sponsor":{"isPrimary":false,"as":{"showAs":null,"uri":null},"by":{"showAs":"Richard Boyd Barrett","uri":"https:\/\/data.oireachtas.ie\/ie\/oireachtas\/member\/id\/Richard-Boyd-Barrett.D.2011-03-09"}}},{"sponsor":{"isPrimary":false,"as":{"showAs":null,"uri":null},"by":{"showAs":"Gino Kenny","uri":"https:\/\/data.oireachtas.ie\/ie\/oireachtas\/member\/id\/Gino-Kenny.D.2016-10-03"}}},{"sponsor":{"isPrimary":false,"as":{"showAs":null,"uri":null},"by":{"showAs":"Br\u00edd Smith","uri":"https:\/\/data.oireachtas.ie\/ie\/oireachtas\/member\/id\/Br\u00edd-Smith.D.2016-10-03"}}},{"sponsor":{"isPrimary":false,"as":{"showAs":null,"uri":null},"by":{"showAs":"Catherine Connolly","uri":"https:\/\/data.oireachtas.ie\/ie\/oireachtas\/member\/id\/Catherine-Connolly.D.2016-10-03"}}},{"sponsor":{"isPrimary":false,"as":{"showAs":null,"uri":null},"by":{"showAs":"Joan Collins","uri":"https:\/\/data.oireachtas.ie\/ie\/oireachtas\/member\/id\/Joan-Collins.D.2011-03-09"}}}],"stages":[{"event":{"chamber":{"chamberCode":"dail","showAs":"D\u00e1il \u00c9ireann","uri":"https:\/\/data.oireachtas.ie\/ie\/oireachtas\/def\/house\/dail"},"dates":[{"date":"2020-09-02"},{"date":"2020-09-16"},{"date":"2020-09-16"}],"house":{"chamberCode":"dail","chamberType":"house","houseCode":"dail","houseNo":"33","showAs":"33rd D\u00e1il","uri":"https:\/\/data.oireachtas.ie\/ie\/oireachtas\/house\/dail\/33"},"progressStage":1,"showAs":"First Stage","stageCompleted":true,"stageOutcome":null,"stageURI":"https:\/\/data.oireachtas.ie\/ie\/oireachtas\/def\/bill-stage\/1","uri":"https:\/\/data.oireachtas.ie\/ie\/oireachtas\/bill\/2020\/26\/stage\/dail\/1"}}],"status":"Defeated","statusURI":"https:\/\/data.oireachtas.ie\/ie\/oireachtas\/def\/bill-status\/defeated","uri":"https:\/\/data.oireachtas.ie\/ie\/oireachtas\/bill\/2020\/26","versions":[{"version":{"lang":"eng","docType":"bill","showAs":"As Initiated","date":"2020-09-16","formats":{"pdf":{"uri":"https:\/\/data.oireachtas.ie\/ie\/oireachtas\/bill\/2020\/26\/eng\/initiated\/b2620d.pdf"},"xml":null},"uri":"https:\/\/data.oireachtas.ie\/ie\/oireachtas\/bill\/2020\/26\/eng\/initiated"}}]},"contextDate":"2020-09-16","billSort":{"actNoSort":null,"actShortTitleEnSort":null,"actShortTitleGaSort":null,"actYearSort":null,"billNoSort":26,"billShortTitleEnSort":"animal-health-and-welfare-ban-on-hare-coursing-bill-2020","billShortTitleGaSort":"an-bille-um-shlainte-agus-leas-ainmhithe-cosc-ar-chursail-giorriacha-2020","billYearSort":2020}},{"bill":{"act":null,"amendmentLists":[],"billNo":"16","billType":"Public","billTypeURI":"https:\/\/data.oireachtas.ie\/ie\/oireachtas\/def\/bill-type\/public","billYear":"2020","debates":[{"chamber":{"showAs":"D\u00e1il \u00c9ireann","uri":"https:\/\/data.oireachtas.ie\/ie\/oireachtas\/def\/house\/dail"},"date":"2020-09-24","debateSectionId":"dbsect_29","showAs":"Health (Amendment) (Professional Home Care) Bill 2020: Second Stage [Private Members]","uri":"https:\/\/data.oireachtas.ie\/akn\/ie\/debateRecord\/dail\/2020-09-24\/debate\/main"},{"chamber":{"showAs":"D\u00e1il \u00c9ireann","uri":"https:\/\/data.oireachtas.ie\/ie\/oireachtas\/def\/house\/dail"},"date":"2020-07-21","debateSectionId":"dbsect_5","showAs":"Health (Amendment) (Professional Home Care) Bill 2020: First Stage","uri":"https:\/\/data.oireachtas.ie\/akn\/ie\/debateRecord\/dail\/2020-07-21\/debate\/main"}],"events":[{"event":{"chamber":{"chamberCode":"dail","showAs":"D\u00e1il \u00c9ireann","uri":"https:\/\/data.oireachtas.ie\/ie\/oireachtas\/def\/house\/dail"},"dates":[{"date":"2020-07-14"},{"date":"2020-07-21"},{"date":"2025-05-01"}],"eventURI":"https:\/\/data.oireachtas.ie\/ie\/oireachtas\/def\/bill-event\/admissibility-for-introduction","showAs":"Admissibility for Introduction","uri":"https:\/\/data.oireachtas.ie\/ie\/oireachtas\/bill\/2020\/16\/admissibility-for-introduction"}},{"event":{"chamber":{"chamberCode":"dail","showAs":"D\u00e1il \u00c9ireann","uri":"https:\/\/data.oireachtas.ie\/ie\/oireachtas\/def\/house\/dail"},"dates":[{"date":"2024-11-08"}],"eventURI":"https:\/\/data.oireachtas.ie\/ie\/oireachtas\/def\/bill-event\/bill-lapsed","showAs":"Bill Lapsed","uri":"https:\/\/data.oireachtas.ie\/ie\/oireachtas\/bill\/2020\/16\/bill-lapsed"}}],"lastUpdated":"2025-05-02T13:24:27.250000+00:00","longTitleEn":"Bill entitled an Act to provide for the regulation of professional home care, for that purpose to amend the Health Act 2007 and to provide for related matters. \n\n","longTitleGa":"Bille d\u00e1 ngairtear Acht do dh\u00e9anamh socr\u00fa maidir le c\u00faram baile gairmi\u00fail a rial\u00e1il, chun na cr\u00edche sin do leas\u00fa an Achta Sl\u00e1inte, 2007 agus do dh\u00e9anamh socr\u00fa i dtaobh nithe gaolmhara.","method":"Introduced","methodURI":"https:\/\/data.oireachtas.ie\/ie\/oireachtas\/def\/bill-method\/introduced","mostRecentStage":{"event":{"chamber":{"chamberCode":"dail","showAs":"D\u00e1il \u00c9ireann","uri":"https:\/\/data.oireachtas.ie\/ie\/oireachtas\/def\/house\/dail"},"dates":[{"date":"2024-11-08"},{"date":"2025-05-01"}],"house":{"chamberCode":"dail","chamberType":"house","houseCode":"dail","houseNo":"33","showAs":"33rd D\u00e1il","uri":"https:\/\/data.oireachtas.ie\/ie\/oireachtas\/house\/dail\/33"},"progressStage":3,"showAs":"Committee Stage","stageCompleted":false,"stageOutcome":"Current","stageURI":"https:\/\/data.oireachtas.ie\/ie\/oireachtas\/def\/bill-stage\/3","uri":"https:\/\/data.oireachtas.ie\/ie\/oireachtas\/bill\/2020\/16\/stage\/dail\/3"}},"originHouse":{"showAs":"D\u00e1il \u00c9ireann","uri":"https:\/\/data.oireachtas.ie\/ie\/oireachtas\/def\/house\/dail"},"originHouseURI":"https:\/\/data.oireachtas.ie\/ie\/oireachtas\/def\/house\/dail","relatedDocs":[{"relatedDoc":{"date":"2020-07-21","docType":"memo","formats":{"pdf":{"uri":"https:\/\/data.oireachtas.ie\/ie\/oireachtas\/bill\/2020\/16\/eng\/memo\/b1620d-memo.pdf"},"xml":null},"lang":"eng","showAs":"Explanatory Memorandum","uri":"https:\/\/data.oireachtas.ie\/ie\/oireachtas\/bill\/2020\/16\/eng\/memo"}}],"shortTitleEn":"Health (Amendment) (Professional Home Care) Bill 2020","shortTitleGa":"An Bille Sl\u00e1inte (Leas\u00fa) (C\u00faram Baile Gairmi\u00fail), 2020","source":"Private Member","sourceURI":"https:\/\/data.oireachtas.ie\/ie\/oireachtas\/def\/bill-source\/private-member","sponsors":[{"sponsor":{"as":{"showAs":null,"uri":null},"by":{"showAs":"Colm Burke","uri":"https:\/\/data.oireachtas.ie\/ie\/oireachtas\/member\/id\/Colm-Burke.S.2011-05-25"},"isPrimary":true}},{"sponsor":{"as":{"showAs":null,"uri":null},"by":{"showAs":"Emer Higgins","uri":"https:\/\/data.oireachtas.ie\/ie\/oireachtas\/member\/id\/Emer-Higgins.D.2020-02-08"},"isPrimary":false}}],"stages":[{"event":{"chamber":{"chamberCode":"dail","showAs":"D\u00e1il \u00c9ireann","uri":"https:\/\/data.oireachtas.ie\/ie\/oireachtas\/def\/house\/dail"},"dates":[{"date":"2020-07-14"},{"date":"2020-07-21"},{"date":"2020-07-21"}],"house":{"chamberCode":"dail","chamberType":"house","houseCode":"dail","houseNo":"33","showAs":"33rd D\u00e1il","uri":"https:\/\/data.oireachtas.ie\/ie\/oireachtas\/house\/dail\/33"},"progressStage":1,"showAs":"First Stage","stageCompleted":true,"stageOutcome":null,"stageURI":"https:\/\/data.oireachtas.ie\/ie\/oireachtas\/def\/bill-stage\/1","uri":"https:\/\/data.oireachtas.ie\/ie\/oireachtas\/bill\/2020\/16\/stage\/dail\/1"}},{"event":{"chamber":{"chamberCode":"dail","showAs":"D\u00e1il \u00c9ireann","uri":"https:\/\/data.oireachtas.ie\/ie\/oireachtas\/def\/house\/dail"},"dates":[{"date":"2020-07-21"}],"house":{"chamberCode":"dail","chamberType":"house","houseCode":"dail","houseNo":"33","showAs":"33rd D\u00e1il","uri":"https:\/\/data.oireachtas.ie\/ie\/oireachtas\/house\/dail\/33"},"progressStage":2,"showAs":"Second Stage","stageCompleted":true,"stageOutcome":null,"stageURI":"https:\/\/data.oireachtas.ie\/ie\/oireachtas\/def\/bill-stage\/2","uri":"https:\/\/data.oireachtas.ie\/ie\/oireachtas\/bill\/2020\/16\/stage\/dail\/2"}},{"event":{"chamber":{"chamberCode":"dail","showAs":"D\u00e1il \u00c9ireann","uri":"https:\/\/data.oireachtas.ie\/ie\/oireachtas\/def\/house\/dail"},"dates":[{"date":"2024-11-08"},{"date":"2025-05-01"}],"house":{"chamberCode":"dail","chamberType":"house","houseCode":"dail","houseNo":"33","showAs":"33rd D\u00e1il","uri":"https:\/\/data.oireachtas.ie\/ie\/oireachtas\/house\/dail\/33"},"progressStage":3,"showAs":"Committee Stage","stageCompleted":false,"stageOutcome":"Current","stageURI":"https:\/\/data.oireachtas.ie\/ie\/oireachtas\/def\/bill-stage\/3","uri":"https:\/\/data.oireachtas.ie\/ie\/oireachtas\/bill\/2020\/16\/stage\/dail\/3"}}],"status":"Current","statusURI":"https:\/\/data.oireachtas.ie\/ie\/oireachtas\/def\/bill-status\/published","uri":"https:\/\/data.oireachtas.ie\/ie\/oireachtas\/bill\/2020\/16","versions":[{"version":{"date":"2020-07-21","docType":"bill","formats":{"pdf":{"uri":"https:\/\/data.oireachtas.ie\/ie\/oireachtas\/bill\/2020\/16\/eng\/initiated\/b1620d.pdf"},"xml":null},"lang":"eng","showAs":"As Initiated","uri":"https:\/\/data.oireachtas.ie\/ie\/oireachtas\/bill\/2020\/16\/eng\/initiated"}}]},"billSort":{"actNoSort":null,"actShortTitleEnSort":null,"actShortTitleGaSort":null,"actYearSort":null,"billNoSort":16,"billShortTitleEnSort":"health-amendment-professional-home-care-bill-2020","billShortTitleGaSort":"an-bille-slainte-leasu-curam-baile-gairmiuil-2020","billYearSort":2020},"contextDate":"2025-05-01"},{"bill":{"act":null,"amendmentLists":[{"amendmentList":{"amendmentTypeUri":{"uri":"https:\/\/data.oireachtas.ie\/ie\/oireachtas\/def\/amendment-type\/numberedList"},"chamber":{"showAs":"Seanad","uri":"https:\/\/data.oireachtas.ie\/ie\/oireachtas\/def\/seanad"},"date":"2023-07-05","formats":{"pdf":{"uri":"https:\/\/data.oireachtas.ie\/ie\/oireachtas\/bill\/2020\/11\/seanad\/3\/amendment\/numberedList\/eng\/b1120s-scnl.pdf"},"xml":null},"showAs":"Numbered List [Seanad]","stage":{"showAs":"Committee Stage","uri":"https:\/\/data.oireachtas.ie\/ie\/oireachtas\/bill\/2020\/11\/seanad\/3"},"stageNo":"3"}}],"billNo":"11","billType":"Public","billTypeURI":"https:\/\/data.oireachtas.ie\/ie\/oireachtas\/def\/bill-type\/public","billYear":"2020","debates":[{"chamber":{"showAs":"Seanad \u00c9ireann","uri":"https:\/\/data.oireachtas.ie\/ie\/oireachtas\/def\/house\/seanad"},"date":"2023-07-05","debateSectionId":"dbsect_10","showAs":"Seanad Electoral (University Members) (Amendment) Bill 2020: Committee Stage","uri":"https:\/\/data.oireachtas.ie\/akn\/ie\/debateRecord\/seanad\/2023-07-05\/debate\/main"},{"chamber":{"showAs":"Seanad \u00c9ireann","uri":"https:\/\/data.oireachtas.ie\/ie\/oireachtas\/def\/house\/seanad"},"date":"2022-10-20","debateSectionId":"dbsect_10","showAs":"Seanad Electoral (University Members) (Amendment) Bill 2020: Second Stage (Resumed)","uri":"https:\/\/data.oireachtas.ie\/akn\/ie\/debateRecord\/seanad\/2022-10-20\/debate\/main"},{"chamber":{"showAs":"Seanad \u00c9ireann","uri":"https:\/\/data.oireachtas.ie\/ie\/oireachtas\/def\/house\/seanad"},"date":"2020-11-10","debateSectionId":"dbsect_15","showAs":"Seanad Electoral (University Members) (Amendment) Bill 2020: Second Stage","uri":"https:\/\/data.oireachtas.ie\/akn\/ie\/debateRecord\/seanad\/2020-11-10\/debate\/main"},{"chamber":{"showAs":"Seanad \u00c9ireann","uri":"https:\/\/data.oireachtas.ie\/ie\/oireachtas\/def\/house\/seanad"},"date":"2020-07-24","debateSectionId":"dbsect_5","showAs":"Seanad Bill 2020: First Stage","uri":"https:\/\/data.oireachtas.ie\/akn\/ie\/debateRecord\/seanad\/2020-07-24\/debate\/main"},{"chamber":{"showAs":"Seanad \u00c9ireann","uri":"https:\/\/data.oireachtas.ie\/ie\/oireachtas\/def\/house\/seanad"},"date":"2020-07-16","debateSectionId":"dbsect_4","showAs":"Seanad Electoral (University Members) (Amendment) Bill 2020: First Stage","uri":"https:\/\/data.oireachtas.ie\/akn\/ie\/debateRecord\/seanad\/2020-07-16\/debate\/main"}],"events":[{"event":{"chamber":{"chamberCode":"seanad","showAs":"Seanad \u00c9ireann","uri":"https:\/\/data.oireachtas.ie\/ie\/oireachtas\/def\/house\/seanad"},"dates":[{"date":"2020-07-02"},{"date":"2020-07-16"},{"date":"2025-03-27"}],"eventURI":"https:\/\/data.oireachtas.ie\/ie\/oireachtas\/def\/bill-event\/admissibility-for-introduction","showAs":"Admissibility for Introduction","uri":"https:\/\/data.oireachtas.ie\/ie\/oireachtas\/bill\/2020\/11\/admissibility-for-introduction"}},{"event":{"chamber":{"chamberCode":"seanad","showAs":"Seanad \u00c9ireann","uri":"https:\/\/data.oireachtas.ie\/ie\/oireachtas\/def\/house\/seanad"},"dates":[{"date":"2025-01-29"}],"eventURI":"https:\/\/data.oireachtas.ie\/ie\/oireachtas\/def\/bill-event\/bill-lapsed","showAs":"Bill Lapsed","uri":"https:\/\/data.oireachtas.ie\/ie\/oireachtas\/bill\/2020\/11\/bill-lapsed"}}],"lastUpdated":"2025-03-28T11:07:16.180000+00:00","longTitleEn":"Bill entitled an Act to provide for the amendment of the Seanad Electoral (University Members) Acts 1937 to 2006, to provide for the provisions of the seventh amendment of Bunreacht na h\u00c9ireann and to extend the franchise of the university panel of Seanad \u00c9ireann to all people who are over eighteen and are holders of an appropriate third level qualification from an Irish Institute of Higher Education and to provide for related matters.","longTitleGa":"Bille d\u00e1 ngairtear Acht do dh\u00e9anamh socr\u00fa maidir le hAchtanna Toghch\u00e1in an tSeanaid (Comhalta\u00ed Ollscoile), 1937 go 2006 a leas\u00fa, chun socr\u00fa a dh\u00e9anamh maidir le for\u00e1lacha an seacht\u00fa leas\u00fa ar Bhunreacht na h\u00c9ireann agus chun toghch\u00f3ras rolla ollscoile Sheanad \u00c9ireann a leathn\u00fa chuig na daoine go l\u00e9ir at\u00e1 os cionn ocht mbliana d\u00e9ag agus ar sealbh\u00f3ir\u00ed iad ar ch\u00e1il\u00edocht tr\u00ed\u00fa leibh\u00e9al chu\u00ed \u00f3 Fhoras Ardoideachais in \u00c9irinn agus do dh\u00e9anamh socr\u00fa i dtaobh nithe gaolmhara.","method":"Introduced","methodURI":"https:\/\/data.oireachtas.ie\/ie\/oireachtas\/def\/bill-method\/introduced","mostRecentStage":{"event":{"chamber":{"chamberCode":"seanad","showAs":"Seanad \u00c9ireann","uri":"https:\/\/data.oireachtas.ie\/ie\/oireachtas\/def\/house\/seanad"},"dates":[{"date":"2025-01-29"},{"date":"2025-03-27"}],"house":{"chamberCode":"seanad","chamberType":"house","houseCode":"seanad","houseNo":"27","showAs":"27th Seanad","uri":"https:\/\/data.oireachtas.ie\/ie\/oireachtas\/house\/seanad\/27"},"progressStage":3,"showAs":"Committee Stage","stageCompleted":false,"stageOutcome":"Current","stageURI":"https:\/\/data.oireachtas.ie\/ie\/oireachtas\/def\/bill-stage\/3","uri":"https:\/\/data.oireachtas.ie\/ie\/oireachtas\/bill\/2020\/11\/stage\/seanad\/3"}},"originHouse":{"showAs":"Seanad \u00c9ireann","uri":"https:\/\/data.oireachtas.ie\/ie\/oireachtas\/def\/house\/seanad"},"originHouseURI":"https:\/\/data.oireachtas.ie\/ie\/oireachtas\/def\/house\/seanad","relatedDocs":[],"shortTitleEn":"Seanad Electoral (University Members) (Amendment) Bill 2020","shortTitleGa":"Bille Toghch\u00e1in an tSeanaid (Comhalta\u00ed Ollscoile) (Leas\u00fa), 2020","source":"Private Member","sourceURI":"https:\/\/data.oireachtas.ie\/ie\/oireachtas\/def\/bill-source\/private-member","sponsors":[{"sponsor":{"as":{"showAs":null,"uri":null},"by":{"showAs":"Pat Casey","uri":"https:\/\/data.oireachtas.ie\/ie\/oireachtas\/member\/id\/Pat-Casey.D.2016-10-03"},"isPrimary":false}},{"sponsor":{"as":{"showAs":null,"uri":null},"by":{"showAs":"Malcolm Byrne","uri":"https:\/\/data.oireachtas.ie\/ie\/oireachtas\/member\/id\/Malcolm-Byrne.D.2019-11-29"},"isPrimary":true}},{"sponsor":{"as":{"showAs":null,"uri":null},"by":{"showAs":"Shane Cassells","uri":"https:\/\/data.oireachtas.ie\/ie\/oireachtas\/member\/id\/Shane-Cassells.D.2016-10-03"},"isPrimary":false}}],"stages":[{"event":{"chamber":{"chamberCode":"seanad","showAs":"Seanad \u00c9ireann","uri":"https:\/\/data.oireachtas.ie\/ie\/oireachtas\/def\/house\/seanad"},"dates":[{"date":"2020-07-02"},{"date":"2020-07-16"},{"date":"2020-07-16"}],"house":{"chamberCode":"seanad","chamberType":"house","houseCode":"seanad","houseNo":"26","showAs":"26th Seanad","uri":"https:\/\/data.oireachtas.ie\/ie\/oireachtas\/house\/seanad\/26"},"progressStage":1,"showAs":"First Stage","stageCompleted":true,"stageOutcome":null,"stageURI":"https:\/\/data.oireachtas.ie\/ie\/oireachtas\/def\/bill-stage\/1","uri":"https:\/\/data.oireachtas.ie\/ie\/oireachtas\/bill\/2020\/11\/stage\/seanad\/1"}},{"event":{"chamber":{"chamberCode":"seanad","showAs":"Seanad \u00c9ireann","uri":"https:\/\/data.oireachtas.ie\/ie\/oireachtas\/def\/house\/seanad"},"dates":[{"date":"2020-07-16"},{"date":"2020-07-16"}],"house":{"chamberCode":"seanad","chamberType":"house","houseCode":"seanad","houseNo":"26","showAs":"26th Seanad","uri":"https:\/\/data.oireachtas.ie\/ie\/oireachtas\/house\/seanad\/26"},"progressStage":2,"showAs":"Second Stage","stageCompleted":true,"stageOutcome":null,"stageURI":"https:\/\/data.oireachtas.ie\/ie\/oireachtas\/def\/bill-stage\/2","uri":"https:\/\/data.oireachtas.ie\/ie\/oireachtas\/bill\/2020\/11\/stage\/seanad\/2"}},{"event":{"chamber":{"chamberCode":"seanad","showAs":"Seanad \u00c9ireann","uri":"https:\/\/data.oireachtas.ie\/ie\/oireachtas\/def\/house\/seanad"},"dates":[{"date":"2025-01-29"},{"date":"2025-03-27"}],"house":{"chamberCode":"seanad","chamberType":"house","houseCode":"seanad","houseNo":"27","showAs":"27th Seanad","uri":"https:\/\/data.oireachtas.ie\/ie\/oireachtas\/house\/seanad\/27"},"progressStage":3,"showAs":"Committee Stage","stageCompleted":false,"stageOutcome":"Current","stageURI":"https:\/\/data.oireachtas.ie\/ie\/oireachtas\/def\/bill-stage\/3","uri":"https:\/\/data.oireachtas.ie\/ie\/oireachtas\/bill\/2020\/11\/stage\/seanad\/3"}}],"status":"Current","statusURI":"https:\/\/data.oireachtas.ie\/ie\/oireachtas\/def\/bill-status\/published","uri":"https:\/\/data.oireachtas.ie\/ie\/oireachtas\/bill\/2020\/11","versions":[{"version":{"date":"2020-07-16","docType":"bill","formats":{"pdf":{"uri":"https:\/\/data.oireachtas.ie\/ie\/oireachtas\/bill\/2020\/11\/eng\/initiated\/b1120s.pdf"},"xml":null},"lang":"eng","showAs":"As Initiated","uri":"https:\/\/data.oireachtas.ie\/ie\/oireachtas\/bill\/2020\/11\/eng\/initiated"}}]},"billSort":{"actNoSort":null,"actShortTitleEnSort":null,"actShortTitleGaSort":null,"actYearSort":null,"billNoSort":11,"billShortTitleEnSort":"seanad-electoral-university-members-amendment-bill-2020","billShortTitleGaSort":"bille-toghchain-an-tseanaid-comhaltai-ollscoile-leasu-2020","billYearSort":2020},"contextDate":"2025-03-27"},{"bill":{"act":null,"amendmentLists":[{"amendmentList":{"amendmentTypeUri":{"uri":"https:\/\/data.oireachtas.ie\/ie\/oireachtas\/def\/amendment-type\/numberedList"},"chamber":{"showAs":"Seanad","uri":"https:\/\/data.oireachtas.ie\/ie\/oireachtas\/def\/seanad"},"date":"2019-12-18","formats":{"pdf":{"uri":"https:\/\/data.oireachtas.ie\/ie\/oireachtas\/bill\/2019\/67\/seanad\/4\/amendment\/numberedList\/eng\/nl-b67a19s-sr.pdf"},"xml":null},"showAs":"Numbered List [Seanad]","stage":{"showAs":"Report Stage","uri":"https:\/\/data.oireachtas.ie\/ie\/oireachtas\/bill\/2019\/67\/seanad\/4"},"stageNo":"4"}},{"amendmentList":{"amendmentTypeUri":{"uri":"https:\/\/data.oireachtas.ie\/ie\/oireachtas\/def\/amendment-type\/numberedList"},"chamber":{"showAs":"Seanad","uri":"https:\/\/data.oireachtas.ie\/ie\/oireachtas\/def\/seanad"},"date":"2019-11-05","formats":{"pdf":{"uri":"https:\/\/data.oireachtas.ie\/ie\/oireachtas\/bill\/2019\/67\/seanad\/3\/amendment\/numberedList\/eng\/nl-b6719s.pdf"},"xml":null},"showAs":"Numbered List [Seanad]","stage":{"showAs":"Committee Stage","uri":"https:\/\/data.oireachtas.ie\/ie\/oireachtas\/bill\/2019\/67\/seanad\/3"},"stageNo":"3"}}],"billNo":"67","billType":"Public","billTypeURI":"https:\/\/data.oireachtas.ie\/ie\/oireachtas\/def\/bill-type\/public","billYear":"2019","debates":[{"chamber":{"showAs":"D\u00e1il \u00c9ireann","uri":"https:\/\/data.oireachtas.ie\/ie\/oireachtas\/def\/house\/dail"},"date":"2021-07-08","debateSectionId":"dbsect_57","showAs":"Education (Student and Parent Charter) Bill 2019 [Seanad]: Second Stage (Resumed)","uri":"https:\/\/data.oireachtas.ie\/akn\/ie\/debateRecord\/dail\/2021-07-08\/debate\/main"},{"chamber":{"showAs":"D\u00e1il \u00c9ireann","uri":"https:\/\/data.oireachtas.ie\/ie\/oireachtas\/def\/house\/dail"},"date":"2021-07-08","debateSectionId":"dbsect_58","showAs":"Education (Student and Parent Charter) Bill 2019 [Seanad]: Referral to Select Committee","uri":"https:\/\/data.oireachtas.ie\/akn\/ie\/debateRecord\/dail\/2021-07-08\/debate\/main"},{"chamber":{"showAs":"D\u00e1il \u00c9ireann","uri":"https:\/\/data.oireachtas.ie\/ie\/oireachtas\/def\/house\/dail"},"date":"2021-07-07","debateSectionId":"dbsect_15","showAs":"Education (Student and Parent Charter) Bill 2019 [Seanad]: Second Stage","uri":"https:\/\/data.oireachtas.ie\/akn\/ie\/debateRecord\/dail\/2021-07-07\/debate\/main"},{"chamber":{"showAs":"Seanad \u00c9ireann","uri":"https:\/\/data.oireachtas.ie\/ie\/oireachtas\/def\/house\/seanad"},"date":"2019-12-18","debateSectionId":"dbsect_12","showAs":" Education (Student and Parent Charter) Bill 2019: Report and Final Stages","uri":"https:\/\/data.oireachtas.ie\/akn\/ie\/debateRecord\/seanad\/2019-12-18\/debate\/main"},{"chamber":{"showAs":"Seanad \u00c9ireann","uri":"https:\/\/data.oireachtas.ie\/ie\/oireachtas\/def\/house\/seanad"},"date":"2019-11-13","debateSectionId":"dbsect_11","showAs":"Education (Student and Parent Charter) Bill 2019: Committee Stage (Resumed)","uri":"https:\/\/data.oireachtas.ie\/akn\/ie\/debateRecord\/seanad\/2019-11-13\/debate\/main"},{"chamber":{"showAs":"Seanad \u00c9ireann","uri":"https:\/\/data.oireachtas.ie\/ie\/oireachtas\/def\/house\/seanad"},"date":"2019-11-06","debateSectionId":"dbsect_9","showAs":"Education (Student and Parent Charter) Bill 2019: Committee Stage","uri":"https:\/\/data.oireachtas.ie\/akn\/ie\/debateRecord\/seanad\/2019-11-06\/debate\/main"},{"chamber":{"showAs":"Seanad \u00c9ireann","uri":"https:\/\/data.oireachtas.ie\/ie\/oireachtas\/def\/house\/seanad"},"date":"2019-10-02","debateSectionId":"dbsect_16","showAs":"Education (Student and Parent Charter) Bill 2019: Order for Second Stage","uri":"https:\/\/data.oireachtas.ie\/akn\/ie\/debateRecord\/seanad\/2019-10-02\/debate\/main"},{"chamber":{"showAs":"Seanad \u00c9ireann","uri":"https:\/\/data.oireachtas.ie\/ie\/oireachtas\/def\/house\/seanad"},"date":"2019-10-02","debateSectionId":"dbsect_17","showAs":"Education (Student and Parent Charter) Bill 2019: Second Stage","uri":"https:\/\/data.oireachtas.ie\/akn\/ie\/debateRecord\/seanad\/2019-10-02\/debate\/main"}],"events":[{"event":{"chamber":{"chamberCode":"seanad","showAs":"Seanad \u00c9ireann","uri":"https:\/\/data.oireachtas.ie\/ie\/oireachtas\/def\/house\/seanad"},"dates":[{"date":"2019-09-06"},{"date":"2025-02-05"}],"eventURI":"https:\/\/data.oireachtas.ie\/ie\/oireachtas\/def\/bill-event\/published","showAs":"Published","uri":"https:\/\/data.oireachtas.ie\/ie\/oireachtas\/bill\/2019\/67\/published"}},{"event":{"chamber":{"chamberCode":"dail","showAs":"D\u00e1il \u00c9ireann","uri":"https:\/\/data.oireachtas.ie\/ie\/oireachtas\/def\/house\/dail"},"dates":[{"date":"2024-11-08"}],"eventURI":"https:\/\/data.oireachtas.ie\/ie\/oireachtas\/def\/bill-event\/bill-lapsed","showAs":"Bill Lapsed","uri":"https:\/\/data.oireachtas.ie\/ie\/oireachtas\/bill\/2019\/67\/bill-lapsed"}}],"lastUpdated":"2025-10-01T16:39:33.860000+00:00","longTitleEn":"An Act to require the boards of management of schools to prepare, publish and\nimplement charters for students and parents; to provide for the Minister for Education\nand Skills to make guidelines in accordance with which charters shall be prepared,\npublished and implemented; to provide for the giving of directions, in relation to\ncharters, by the Minister for Education and Skills to a board of management and for the\npublication of such directions; for those purposes to amend the Education Act 1998 ; the\nTeaching Council Act 2001 and the Ombudsman for Children Act 2002 ; and to provide\nfor related matters.\n","longTitleGa":"Acht do cheangal ar bhoird bhainist\u00edochta scoileanna cairteacha do mhic l\u00e9inn agus do thuismitheoir\u00ed a ullmh\u00fa, a fhoilsi\u00fa agus a chur i ngn\u00edomh; do dh\u00e9anamh socr\u00fa maidir leis an Aire Oideachais agus Scileanna do dh\u00e9anamh treoirl\u00ednte a nd\u00e9anfar cairteacha a ullmh\u00fa, a fhoilsi\u00fa agus a chur i ngn\u00edomh d\u00e1 r\u00e9ir; do dh\u00e9anamh socr\u00fa maidir leis an Aire Oideachais agus Scileanna do thabhairt ordach\u00e1in i nd\u00e1il le cairteacha do bhord bainist\u00edochta agus maidir le hordach\u00e1in den s\u00f3rt sin a fhoilsi\u00fa; chun na gcr\u00edoch sin, do leas\u00fa an Achta Oideachais, 1998, an Achta um Chomhairle Mh\u00fainteoireachta, 2001 agus an Achta um Ombudsman do Leana\u00ed, 2002; agus do dh\u00e9anamh socr\u00fa i dtaobh nithe gaolmhara.","method":"Presented","methodURI":"https:\/\/data.oireachtas.ie\/ie\/oireachtas\/def\/bill-method\/presented","mostRecentStage":{"event":{"chamber":{"chamberCode":"dail","showAs":"D\u00e1il \u00c9ireann","uri":"https:\/\/data.oireachtas.ie\/ie\/oireachtas\/def\/house\/dail"},"dates":[{"date":"2021-07-08"},{"date":"2021-07-08"}],"house":{"chamberCode":"dail","chamberType":"house","houseCode":"dail","houseNo":"33","showAs":"33rd D\u00e1il","uri":"https:\/\/data.oireachtas.ie\/ie\/oireachtas\/house\/dail\/33"},"progressStage":7,"showAs":"Committee Stage","stageCompleted":false,"stageOutcome":"Current","stageURI":"https:\/\/data.oireachtas.ie\/ie\/oireachtas\/def\/bill-stage\/3","uri":"https:\/\/data.oireachtas.ie\/ie\/oireachtas\/bill\/2019\/67\/stage\/dail\/3"}},"originHouse":{"showAs":"Seanad \u00c9ireann","uri":"https:\/\/data.oireachtas.ie\/ie\/oireachtas\/def\/house\/seanad"},"originHouseURI":"https:\/\/data.oireachtas.ie\/ie\/oireachtas\/def\/house\/seanad","relatedDocs":[{"relatedDoc":{"date":"2019-10-14","docType":"digest","formats":{"pdf":{"uri":"https:\/\/data.oireachtas.ie\/ie\/oireachtas\/bill\/2019\/67\/eng\/digest\/bill-digest-education-student-and-parent-charter-bill-2019-133346.pdf"},"xml":null},"lang":"eng","showAs":"Bill Digest","uri":"https:\/\/data.oireachtas.ie\/ie\/oireachtas\/bill\/2019\/67\/eng\/digest"}},{"relatedDoc":{"date":"2019-09-06","docType":"memo","formats":{"pdf":{"uri":"https:\/\/data.oireachtas.ie\/ie\/oireachtas\/bill\/2019\/67\/eng\/memo\/b6719smemo.pdf"},"xml":null},"lang":"eng","showAs":"Explanatory Memorandum","uri":"https:\/\/data.oireachtas.ie\/ie\/oireachtas\/bill\/2019\/67\/eng\/memo"}}],"shortTitleEn":"Education (Student and Parent Charter) Bill 2019","shortTitleGa":"An Bille Oideachais (Cairt Mac L\u00e9inn agus Tuismitheoir\u00ed), 2019","source":"Government","sourceURI":"https:\/\/data.oireachtas.ie\/ie\/oireachtas\/def\/bill-source\/government","sponsors":[{"sponsor":{"as":{"showAs":"Minister for Education and Skills","uri":null},"by":{"showAs":null,"uri":null},"isPrimary":true}}],"stages":[{"event":{"chamber":{"chamberCode":"seanad","showAs":"Seanad \u00c9ireann","uri":"https:\/\/data.oireachtas.ie\/ie\/oireachtas\/def\/house\/seanad"},"dates":[{"date":"2019-09-06"},{"date":"2019-09-06"}],"house":{"chamberCode":"seanad","chamberType":"house","houseCode":"seanad","houseNo":"25","showAs":"25th Seanad","uri":"https:\/\/data.oireachtas.ie\/ie\/oireachtas\/house\/seanad\/25"},"progressStage":1,"showAs":"First Stage","stageCompleted":true,"stageOutcome":null,"stageURI":"https:\/\/data.oireachtas.ie\/ie\/oireachtas\/def\/bill-stage\/1","uri":"https:\/\/data.oireachtas.ie\/ie\/oireachtas\/bill\/2019\/67\/stage\/seanad\/1"}},{"event":{"chamber":{"chamberCode":"seanad","showAs":"Seanad \u00c9ireann","uri":"https:\/\/data.oireachtas.ie\/ie\/oireachtas\/def\/house\/seanad"},"dates":[{"date":"2019-10-02"}],"house":{"chamberCode":"seanad","chamberType":"house","houseCode":"seanad","houseNo":"25","showAs":"25th Seanad","uri":"https:\/\/data.oireachtas.ie\/ie\/oireachtas\/house\/seanad\/25"},"progressStage":2,"showAs":"Second Stage","stageCompleted":true,"stageOutcome":null,"stageURI":"https:\/\/data.oireachtas.ie\/ie\/oireachtas\/def\/bill-stage\/2","uri":"https:\/\/data.oireachtas.ie\/ie\/oireachtas\/bill\/2019\/67\/stage\/seanad\/2"}},{"event":{"chamber":{"chamberCode":"seanad","showAs":"Seanad \u00c9ireann","uri":"https:\/\/data.oireachtas.ie\/ie\/oireachtas\/def\/house\/seanad"},"dates":[{"date":"2019-10-02"},{"date":"2019-10-02"}],"house":{"chamberCode":"seanad","chamberType":"house","houseCode":"seanad","houseNo":"25","showAs":"25th Seanad","uri":"https:\/\/data.oireachtas.ie\/ie\/oireachtas\/house\/seanad\/25"},"progressStage":3,"showAs":"Committee Stage","stageCompleted":true,"stageOutcome":null,"stageURI":"https:\/\/data.oireachtas.ie\/ie\/oireachtas\/def\/bill-stage\/3","uri":"https:\/\/data.oireachtas.ie\/ie\/oireachtas\/bill\/2019\/67\/stage\/seanad\/3"}},{"event":{"chamber":{"chamberCode":"seanad","showAs":"Seanad \u00c9ireann","uri":"https:\/\/data.oireachtas.ie\/ie\/oireachtas\/def\/house\/seanad"},"dates":[{"date":"2019-11-13"}],"house":{"chamberCode":"seanad","chamberType":"house","houseCode":"seanad","houseNo":"25","showAs":"25th Seanad","uri":"https:\/\/data.oireachtas.ie\/ie\/oireachtas\/house\/seanad\/25"},"progressStage":4,"showAs":"Report Stage","stageCompleted":true,"stageOutcome":null,"stageURI":"https:\/\/data.oireachtas.ie\/ie\/oireachtas\/def\/bill-stage\/4","uri":"https:\/\/data.oireachtas.ie\/ie\/oireachtas\/bill\/2019\/67\/stage\/seanad\/4"}},{"event":{"chamber":{"chamberCode":"seanad","showAs":"Seanad \u00c9ireann","uri":"https:\/\/data.oireachtas.ie\/ie\/oireachtas\/def\/house\/seanad"},"dates":[{"date":"2019-12-18"}],"house":{"chamberCode":"seanad","chamberType":"house","houseCode":"seanad","houseNo":"25","showAs":"25th Seanad","uri":"https:\/\/data.oireachtas.ie\/ie\/oireachtas\/house\/seanad\/25"},"progressStage":5,"showAs":"Fifth Stage","stageCompleted":true,"stageOutcome":null,"stageURI":"https:\/\/data.oireachtas.ie\/ie\/oireachtas\/def\/bill-stage\/5","uri":"https:\/\/data.oireachtas.ie\/ie\/oireachtas\/bill\/2019\/67\/stage\/seanad\/5"}},{"event":{"chamber":{"chamberCode":"dail","showAs":"D\u00e1il \u00c9ireann","uri":"https:\/\/data.oireachtas.ie\/ie\/oireachtas\/def\/house\/dail"},"dates":[{"date":"2019-12-18"},{"date":"2019-12-18"}],"house":{"chamberCode":"dail","chamberType":"house","houseCode":"dail","houseNo":"32","showAs":"32nd D\u00e1il","uri":"https:\/\/data.oireachtas.ie\/ie\/oireachtas\/house\/dail\/32"},"progressStage":6,"showAs":"Second Stage","stageCompleted":true,"stageOutcome":null,"stageURI":"https:\/\/data.oireachtas.ie\/ie\/oireachtas\/def\/bill-stage\/2","uri":"https:\/\/data.oireachtas.ie\/ie\/oireachtas\/bill\/2019\/67\/stage\/dail\/2"}},{"event":{"chamber":{"chamberCode":"dail","showAs":"D\u00e1il \u00c9ireann","uri":"https:\/\/data.oireachtas.ie\/ie\/oireachtas\/def\/house\/dail"},"dates":[{"date":"2021-07-08"},{"date":"2021-07-08"}],"house":{"chamberCode":"dail","chamberType":"house","houseCode":"dail","houseNo":"33","showAs":"33rd D\u00e1il","uri":"https:\/\/data.oireachtas.ie\/ie\/oireachtas\/house\/dail\/33"},"progressStage":7,"showAs":"Committee Stage","stageCompleted":false,"stageOutcome":"Current","stageURI":"https:\/\/data.oireachtas.ie\/ie\/oireachtas\/def\/bill-stage\/3","uri":"https:\/\/data.oireachtas.ie\/ie\/oireachtas\/bill\/2019\/67\/stage\/dail\/3"}}],"status":"Current","statusURI":"https:\/\/data.oireachtas.ie\/ie\/oireachtas\/def\/bill-status\/published","uri":"https:\/\/data.oireachtas.ie\/ie\/oireachtas\/bill\/2019\/67","versions":[{"version":{"date":"2019-12-19","docType":"bill","formats":{"pdf":{"uri":"https:\/\/data.oireachtas.ie\/ie\/oireachtas\/bill\/2019\/67\/eng\/ver_b\/b67b19s.pdf"},"xml":null},"lang":"eng","showAs":"As passed by Seanad \u00c9ireann","uri":"https:\/\/data.oireachtas.ie\/ie\/oireachtas\/bill\/2019\/67\/eng\/ver_b"}},{"version":{"date":"2019-11-13","docType":"bill","formats":{"pdf":{"uri":"https:\/\/data.oireachtas.ie\/ie\/oireachtas\/bill\/2019\/67\/eng\/ver_a\/b67a19s.pdf"},"xml":null},"lang":"eng","showAs":"As amended in Committee [Seanad \u00c9ireann]","uri":"https:\/\/data.oireachtas.ie\/ie\/oireachtas\/bill\/2019\/67\/eng\/ver_a"}},{"version":{"date":"2019-09-06","docType":"bill","formats":{"pdf":{"uri":"https:\/\/data.oireachtas.ie\/ie\/oireachtas\/bill\/2019\/67\/eng\/initiated\/b6719s.pdf"},"xml":null},"lang":"eng","showAs":"As Initiated","uri":"https:\/\/data.oireachtas.ie\/ie\/oireachtas\/bill\/2019\/67\/eng\/initiated"}}]},"billSort":{"actNoSort":null,"actShortTitleEnSort":null,"actShortTitleGaSort":null,"actYearSort":null,"billNoSort":67,"billShortTitleEnSort":"education-student-and-parent-charter-bill-2019","billShortTitleGaSort":"an-bille-oideachais-cairt-mac-leinn-agus-tuismitheoiri-2019","billYearSort":2019},"contextDate":"2021-07-08"},{"bill":{"act":null,"amendmentLists":[],"billNo":"39","billType":"Public","billTypeURI":"https:\/\/data.oireachtas.ie\/ie\/oireachtas\/def\/bill-type\/public","billYear":"2019","debates":[{"chamber":{"showAs":"Seanad \u00c9ireann","uri":"https:\/\/data.oireachtas.ie\/ie\/oireachtas\/def\/house\/seanad"},"date":"2019-06-19","debateSectionId":"dbsect_14","showAs":"Community Participation (Disability) (Miscellaneous Provisions) Bill 2019: Second Stage","uri":"https:\/\/data.oireachtas.ie\/akn\/ie\/debateRecord\/seanad\/2019-06-19\/debate\/main"},{"chamber":{"showAs":"Seanad \u00c9ireann","uri":"https:\/\/data.oireachtas.ie\/ie\/oireachtas\/def\/house\/seanad"},"date":"2019-06-12","debateSectionId":"dbsect_10","showAs":"Community Participation (Disability) (Miscellaneous Provisions) Bill 2019: First Stage","uri":"https:\/\/data.oireachtas.ie\/akn\/ie\/debateRecord\/seanad\/2019-06-12\/debate\/main"}],"events":[{"event":{"chamber":{"chamberCode":"seanad","showAs":"Seanad \u00c9ireann","uri":"https:\/\/data.oireachtas.ie\/ie\/oireachtas\/def\/house\/seanad"},"dates":[{"date":"2019-06-10"},{"date":"2019-06-12"},{"date":"2020-03-27"},{"date":"2020-07-29"},{"date":"2025-03-04"}],"eventURI":"https:\/\/data.oireachtas.ie\/ie\/oireachtas\/def\/bill-event\/admissibility-for-introduction","showAs":"Admissibility for Introduction","uri":"https:\/\/data.oireachtas.ie\/ie\/oireachtas\/bill\/2019\/39\/admissibility-for-introduction"}},{"event":{"chamber":{"chamberCode":"seanad","showAs":"Seanad \u00c9ireann","uri":"https:\/\/data.oireachtas.ie\/ie\/oireachtas\/def\/house\/seanad"},"dates":[{"date":"2025-01-29"}],"eventURI":"https:\/\/data.oireachtas.ie\/ie\/oireachtas\/def\/bill-event\/bill-lapsed","showAs":"Bill Lapsed","uri":"https:\/\/data.oireachtas.ie\/ie\/oireachtas\/bill\/2019\/39\/bill-lapsed"}}],"lastUpdated":"2025-03-05T09:52:52.890000+00:00","longTitleEn":"Bill entitled an Act to promote better provision in respect of the use by persons with disabilities of certain buildings and other places and transport services and for that purpose, to amend the Local Government Act 2001, the Planning and Development Act 2001, the Public Transport Regulation Act 2009 and the Building Regulations 1997; to provide for the commencement of certain provisions of the Citizens Information Act 2007; and to provide for related matters.","longTitleGa":"Bille d\u00e1 ngairtear Acht do dh\u00e9anamh socr\u00fa feabhsaithe a chur chun cinn i leith \u00fas\u00e1id foirgneamh \u00e1irithe agus \u00e1iteanna eile agus seirbh\u00eds\u00ed iompair ag daoine faoi mh\u00edchumas agus, chun na cr\u00edche sin, do leas\u00fa an Achta Rialtais \u00c1iti\u00fail, 2001, an Achta um Plean\u00e1il agus Forbairt, 2001, an Achta um Rial\u00e1il Iompair Phoibl\u00ed, 2009 agus na Rialach\u00e1n Foirgn\u00edochta, 1997; do dh\u00e9anamh socr\u00fa maidir le tosach feidhme for\u00e1lacha \u00e1irithe den Acht um Fhaisn\u00e9is do Shaor\u00e1naigh, 2007; agus do dh\u00e9anamh socr\u00fa i dtaobh nithe gaolmhara.","method":"Introduced","methodURI":"https:\/\/data.oireachtas.ie\/ie\/oireachtas\/def\/bill-method\/introduced","mostRecentStage":{"event":{"chamber":{"chamberCode":"seanad","showAs":"Seanad \u00c9ireann","uri":"https:\/\/data.oireachtas.ie\/ie\/oireachtas\/def\/house\/seanad"},"dates":[{"date":"2019-06-19"},{"date":"2019-06-19"},{"date":"2019-06-19"},{"date":"2019-06-19"},{"date":"2020-03-27"},{"date":"2020-07-29"},{"date":"2025-01-29"},{"date":"2025-03-04"}],"house":{"chamberCode":"seanad","chamberType":"house","houseCode":"seanad","houseNo":"25","showAs":"25th Seanad","uri":"https:\/\/data.oireachtas.ie\/ie\/oireachtas\/house\/seanad\/25"},"progressStage":3,"showAs":"Committee Stage","stageCompleted":false,"stageOutcome":"Current","stageURI":"https:\/\/data.oireachtas.ie\/ie\/oireachtas\/def\/bill-stage\/3","uri":"https:\/\/data.oireachtas.ie\/ie\/oireachtas\/bill\/2019\/39\/stage\/seanad\/3"}},"originHouse":{"showAs":"Seanad \u00c9ireann","uri":"https:\/\/data.oireachtas.ie\/ie\/oireachtas\/def\/house\/seanad"},"originHouseURI":"https:\/\/data.oireachtas.ie\/ie\/oireachtas\/def\/house\/seanad","relatedDocs":[{"relatedDoc":{"date":"2019-06-13","docType":"memo","formats":{"pdf":{"uri":"https:\/\/data.oireachtas.ie\/ie\/oireachtas\/bill\/2019\/39\/eng\/memo\/communityparticipation-disability-miscellaneousprovisions-memo2019.pdf"},"xml":null},"lang":"eng","showAs":"Explanatory Memorandum","uri":"https:\/\/data.oireachtas.ie\/ie\/oireachtas\/bill\/2019\/39\/eng\/memo"}}],"shortTitleEn":"Community Participation (Disability) (Miscellaneous Provisions) Bill 2019","shortTitleGa":"An Bille um Rannph\u00e1irt\u00edocht Phobail (M\u00edchumas) (For\u00e1lacha Ilghn\u00e9itheacha), 2019","source":"Private Member","sourceURI":"https:\/\/data.oireachtas.ie\/ie\/oireachtas\/def\/bill-source\/private-member","sponsors":[{"sponsor":{"as":{"showAs":null,"uri":null},"by":{"showAs":"John Dolan","uri":"https:\/\/data.oireachtas.ie\/ie\/oireachtas\/member\/id\/John-Dolan.S.2016-04-25"},"isPrimary":true}},{"sponsor":{"as":{"showAs":null,"uri":null},"by":{"showAs":"Colette Kelleher","uri":"https:\/\/data.oireachtas.ie\/ie\/oireachtas\/member\/id\/Colette-Kelleher.S.2016-04-25"},"isPrimary":false}},{"sponsor":{"as":{"showAs":null,"uri":null},"by":{"showAs":"Lynn Ruane","uri":"https:\/\/data.oireachtas.ie\/ie\/oireachtas\/member\/id\/Lynn-Ruane.S.2016-04-25"},"isPrimary":false}},{"sponsor":{"as":{"showAs":null,"uri":null},"by":{"showAs":"Frances Black","uri":"https:\/\/data.oireachtas.ie\/ie\/oireachtas\/member\/id\/Frances-Black.S.2016-04-25"},"isPrimary":false}},{"sponsor":{"as":{"showAs":null,"uri":null},"by":{"showAs":"Ivana Bacik","uri":"https:\/\/data.oireachtas.ie\/ie\/oireachtas\/member\/id\/Ivana-Bacik.S.2007-07-23"},"isPrimary":false}},{"sponsor":{"as":{"showAs":null,"uri":null},"by":{"showAs":"Victor Boyhan","uri":"https:\/\/data.oireachtas.ie\/ie\/oireachtas\/member\/id\/Victor-Boyhan.S.2016-04-25"},"isPrimary":false}},{"sponsor":{"as":{"showAs":null,"uri":null},"by":{"showAs":"M\u00e1ire Devine","uri":"https:\/\/data.oireachtas.ie\/ie\/oireachtas\/member\/id\/M\u00e1ire-Devine.S.2016-04-25"},"isPrimary":false}},{"sponsor":{"as":{"showAs":null,"uri":null},"by":{"showAs":"Alice-Mary Higgins","uri":"https:\/\/data.oireachtas.ie\/ie\/oireachtas\/member\/id\/Alice-Mary-Higgins.S.2016-04-25"},"isPrimary":false}}],"stages":[{"event":{"chamber":{"chamberCode":"seanad","showAs":"Seanad \u00c9ireann","uri":"https:\/\/data.oireachtas.ie\/ie\/oireachtas\/def\/house\/seanad"},"dates":[{"date":"2019-06-10"},{"date":"2019-06-12"},{"date":"2019-06-12"}],"house":{"chamberCode":"seanad","chamberType":"house","houseCode":"seanad","houseNo":"25","showAs":"25th Seanad","uri":"https:\/\/data.oireachtas.ie\/ie\/oireachtas\/house\/seanad\/25"},"progressStage":1,"showAs":"First Stage","stageCompleted":true,"stageOutcome":null,"stageURI":"https:\/\/data.oireachtas.ie\/ie\/oireachtas\/def\/bill-stage\/1","uri":"https:\/\/data.oireachtas.ie\/ie\/oireachtas\/bill\/2019\/39\/stage\/seanad\/1"}},{"event":{"chamber":{"chamberCode":"seanad","showAs":"Seanad \u00c9ireann","uri":"https:\/\/data.oireachtas.ie\/ie\/oireachtas\/def\/house\/seanad"},"dates":[{"date":"2019-06-12"}],"house":{"chamberCode":"seanad","chamberType":"house","houseCode":"seanad","houseNo":"25","showAs":"25th Seanad","uri":"https:\/\/data.oireachtas.ie\/ie\/oireachtas\/house\/seanad\/25"},"progressStage":2,"showAs":"Second Stage","stageCompleted":true,"stageOutcome":null,"stageURI":"https:\/\/data.oireachtas.ie\/ie\/oireachtas\/def\/bill-stage\/2","uri":"https:\/\/data.oireachtas.ie\/ie\/oireachtas\/bill\/2019\/39\/stage\/seanad\/2"}},{"event":{"chamber":{"chamberCode":"seanad","showAs":"Seanad \u00c9ireann","uri":"https:\/\/data.oireachtas.ie\/ie\/oireachtas\/def\/house\/seanad"},"dates":[{"date":"2019-06-19"},{"date":"2019-06-19"},{"date":"2019-06-19"},{"date":"2019-06-19"},{"date":"2020-03-27"},{"date":"2020-07-29"},{"date":"2025-01-29"},{"date":"2025-03-04"}],"house":{"chamberCode":"seanad","chamberType":"house","houseCode":"seanad","houseNo":"25","showAs":"25th Seanad","uri":"https:\/\/data.oireachtas.ie\/ie\/oireachtas\/house\/seanad\/25"},"progressStage":3,"showAs":"Committee Stage","stageCompleted":false,"stageOutcome":"Current","stageURI":"https:\/\/data.oireachtas.ie\/ie\/oireachtas\/def\/bill-stage\/3","uri":"https:\/\/data.oireachtas.ie\/ie\/oireachtas\/bill\/2019\/39\/stage\/seanad\/3"}}],"status":"Current","statusURI":"https:\/\/data.oireachtas.ie\/ie\/oireachtas\/def\/bill-status\/published","uri":"https:\/\/data.oireachtas.ie\/ie\/oireachtas\/bill\/2019\/39","versions":[{"version":{"date":"2019-06-12","docType":"bill","formats":{"pdf":{"uri":"https:\/\/data.oireachtas.ie\/ie\/oireachtas\/bill\/2019\/39\/eng\/initiated\/b3919s.pdf"},"xml":null},"lang":"eng","showAs":"As Initiated","uri":"https:\/\/data.oireachtas.ie\/ie\/oireachtas\/bill\/2019\/39\/eng\/initiated"}}]},"billSort":{"actNoSort":null,"actShortTitleEnSort":null,"actShortTitleGaSort":null,"actYearSort":null,"billNoSort":39,"billShortTitleEnSort":"community-participation-disability-miscellaneous-provisions-bill-2019","billShortTitleGaSort":"an-bille-um-rannphairtiocht-phobail-michumas-foralacha-ilghneitheacha-2019","billYearSort":2019},"contextDate":"2025-03-04"},{"bill":{"act":null,"amendmentLists":[],"billNo":"35","billType":"Public","billTypeURI":"https:\/\/data.oireachtas.ie\/ie\/oireachtas\/def\/bill-type\/public","billYear":"2019","debates":[{"chamber":{"showAs":"Seanad \u00c9ireann","uri":"https:\/\/data.oireachtas.ie\/ie\/oireachtas\/def\/house\/seanad"},"date":"2020-10-22","debateSectionId":"dbsect_47","showAs":"Electoral (Civil Society Freedom)(Amendment) Bill 2019: Second Stage","uri":"https:\/\/data.oireachtas.ie\/akn\/ie\/debateRecord\/seanad\/2020-10-22\/debate\/main"},{"chamber":{"showAs":"Seanad \u00c9ireann","uri":"https:\/\/data.oireachtas.ie\/ie\/oireachtas\/def\/house\/seanad"},"date":"2019-05-14","debateSectionId":"dbsect_9","showAs":"Electoral (Civil Society Freedom) (Amendment) Bill 2019: First Stage","uri":"https:\/\/data.oireachtas.ie\/akn\/ie\/debateRecord\/seanad\/2019-05-14\/debate\/main"}],"events":[{"event":{"chamber":{"chamberCode":"seanad","showAs":"Seanad \u00c9ireann","uri":"https:\/\/data.oireachtas.ie\/ie\/oireachtas\/def\/house\/seanad"},"dates":[{"date":"2019-05-10"},{"date":"2019-05-14"},{"date":"2020-03-27"},{"date":"2020-07-29"},{"date":"2025-03-04"}],"eventURI":"https:\/\/data.oireachtas.ie\/ie\/oireachtas\/def\/bill-event\/admissibility-for-introduction","showAs":"Admissibility for Introduction","uri":"https:\/\/data.oireachtas.ie\/ie\/oireachtas\/bill\/2019\/35\/admissibility-for-introduction"}},{"event":{"chamber":{"chamberCode":"seanad","showAs":"Seanad \u00c9ireann","uri":"https:\/\/data.oireachtas.ie\/ie\/oireachtas\/def\/house\/seanad"},"dates":[{"date":"2025-01-29"}],"eventURI":"https:\/\/data.oireachtas.ie\/ie\/oireachtas\/def\/bill-event\/bill-lapsed","showAs":"Bill Lapsed","uri":"https:\/\/data.oireachtas.ie\/ie\/oireachtas\/bill\/2019\/35\/bill-lapsed"}}],"lastUpdated":"2025-03-05T09:47:17.890000+00:00","longTitleEn":"Bill entitled an Act to amend the Electoral Act 1997 to protect the right to freedom of association and expression for civil society organisations in Ireland and to provide for related matters. ","longTitleGa":"Bille d\u00e1 ngairtear Acht do leas\u00fa an Achta Toghch\u00e1in, 1997 chun an ceart chun saoirse comhlachais agus saoirse chun tuairim\u00ed a nochtadh a chosaint i gcomhair eagra\u00edochta\u00ed na socha\u00ed sibhialta in \u00c9irinn agus do dh\u00e9anamh socr\u00fa i dtaobh nithe gaolmhara.","method":"Introduced","methodURI":"https:\/\/data.oireachtas.ie\/ie\/oireachtas\/def\/bill-method\/introduced","mostRecentStage":{"event":{"chamber":{"chamberCode":"seanad","showAs":"Seanad \u00c9ireann","uri":"https:\/\/data.oireachtas.ie\/ie\/oireachtas\/def\/house\/seanad"},"dates":[{"date":"2020-03-27"},{"date":"2020-07-29"},{"date":"2020-10-22"},{"date":"2025-01-29"},{"date":"2025-03-04"}],"house":{"chamberCode":"seanad","chamberType":"house","houseCode":"seanad","houseNo":"25","showAs":"25th Seanad","uri":"https:\/\/data.oireachtas.ie\/ie\/oireachtas\/house\/seanad\/25"},"progressStage":2,"showAs":"Second Stage","stageCompleted":false,"stageOutcome":"Current","stageURI":"https:\/\/data.oireachtas.ie\/ie\/oireachtas\/def\/bill-stage\/2","uri":"https:\/\/data.oireachtas.ie\/ie\/oireachtas\/bill\/2019\/35\/stage\/seanad\/2"}},"originHouse":{"showAs":"Seanad \u00c9ireann","uri":"https:\/\/data.oireachtas.ie\/ie\/oireachtas\/def\/house\/seanad"},"originHouseURI":"https:\/\/data.oireachtas.ie\/ie\/oireachtas\/def\/house\/seanad","relatedDocs":[{"relatedDoc":{"date":"2019-05-14","docType":"memo","formats":{"pdf":{"uri":"https:\/\/data.oireachtas.ie\/ie\/oireachtas\/bill\/2019\/35\/eng\/memo\/b3519s-memo.pdf"},"xml":null},"lang":"eng","showAs":"Explanatory Memorandum","uri":"https:\/\/data.oireachtas.ie\/ie\/oireachtas\/bill\/2019\/35\/eng\/memo"}}],"shortTitleEn":"Electoral (Civil Society Freedom) (Amendment) Bill 2019","shortTitleGa":"An Bille Toghch\u00e1in (Saoirse na Socha\u00ed Sibhialta) (Leas\u00fa), 2019","source":"Private Member","sourceURI":"https:\/\/data.oireachtas.ie\/ie\/oireachtas\/def\/bill-source\/private-member","sponsors":[{"sponsor":{"as":{"showAs":null,"uri":null},"by":{"showAs":"Lynn Ruane","uri":"https:\/\/data.oireachtas.ie\/ie\/oireachtas\/member\/id\/Lynn-Ruane.S.2016-04-25"},"isPrimary":true}},{"sponsor":{"as":{"showAs":null,"uri":null},"by":{"showAs":"Alice-Mary Higgins","uri":"https:\/\/data.oireachtas.ie\/ie\/oireachtas\/member\/id\/Alice-Mary-Higgins.S.2016-04-25"},"isPrimary":false}},{"sponsor":{"as":{"showAs":null,"uri":null},"by":{"showAs":"John Dolan","uri":"https:\/\/data.oireachtas.ie\/ie\/oireachtas\/member\/id\/John-Dolan.S.2016-04-25"},"isPrimary":false}},{"sponsor":{"as":{"showAs":null,"uri":null},"by":{"showAs":"Frances Black","uri":"https:\/\/data.oireachtas.ie\/ie\/oireachtas\/member\/id\/Frances-Black.S.2016-04-25"},"isPrimary":false}},{"sponsor":{"as":{"showAs":null,"uri":null},"by":{"showAs":"Colette Kelleher","uri":"https:\/\/data.oireachtas.ie\/ie\/oireachtas\/member\/id\/Colette-Kelleher.S.2016-04-25"},"isPrimary":false}},{"sponsor":{"as":{"showAs":null,"uri":null},"by":{"showAs":"Grace O'Sullivan","uri":"https:\/\/data.oireachtas.ie\/ie\/oireachtas\/member\/id\/Grace-O'Sullivan.S.2016-04-25"},"isPrimary":false}},{"sponsor":{"as":{"showAs":null,"uri":null},"by":{"showAs":"Ivana Bacik","uri":"https:\/\/data.oireachtas.ie\/ie\/oireachtas\/member\/id\/Ivana-Bacik.S.2007-07-23"},"isPrimary":false}},{"sponsor":{"as":{"showAs":null,"uri":null},"by":{"showAs":"David P.B. Norris","uri":"https:\/\/data.oireachtas.ie\/ie\/oireachtas\/member\/id\/David-PB-Norris.S.1987-04-25"},"isPrimary":false}},{"sponsor":{"as":{"showAs":null,"uri":null},"by":{"showAs":"Victor Boyhan","uri":"https:\/\/data.oireachtas.ie\/ie\/oireachtas\/member\/id\/Victor-Boyhan.S.2016-04-25"},"isPrimary":false}},{"sponsor":{"as":{"showAs":null,"uri":null},"by":{"showAs":"Fintan Warfield","uri":"https:\/\/data.oireachtas.ie\/ie\/oireachtas\/member\/id\/Fintan-Warfield.S.2016-04-25"},"isPrimary":false}}],"stages":[{"event":{"chamber":{"chamberCode":"seanad","showAs":"Seanad \u00c9ireann","uri":"https:\/\/data.oireachtas.ie\/ie\/oireachtas\/def\/house\/seanad"},"dates":[{"date":"2019-05-10"},{"date":"2019-05-14"},{"date":"2019-05-14"}],"house":{"chamberCode":"seanad","chamberType":"house","houseCode":"seanad","houseNo":"25","showAs":"25th Seanad","uri":"https:\/\/data.oireachtas.ie\/ie\/oireachtas\/house\/seanad\/25"},"progressStage":1,"showAs":"First Stage","stageCompleted":true,"stageOutcome":null,"stageURI":"https:\/\/data.oireachtas.ie\/ie\/oireachtas\/def\/bill-stage\/1","uri":"https:\/\/data.oireachtas.ie\/ie\/oireachtas\/bill\/2019\/35\/stage\/seanad\/1"}},{"event":{"chamber":{"chamberCode":"seanad","showAs":"Seanad \u00c9ireann","uri":"https:\/\/data.oireachtas.ie\/ie\/oireachtas\/def\/house\/seanad"},"dates":[{"date":"2020-03-27"},{"date":"2020-07-29"},{"date":"2020-10-22"},{"date":"2025-01-29"},{"date":"2025-03-04"}],"house":{"chamberCode":"seanad","chamberType":"house","houseCode":"seanad","houseNo":"25","showAs":"25th Seanad","uri":"https:\/\/data.oireachtas.ie\/ie\/oireachtas\/house\/seanad\/25"},"progressStage":2,"showAs":"Second Stage","stageCompleted":false,"stageOutcome":"Current","stageURI":"https:\/\/data.oireachtas.ie\/ie\/oireachtas\/def\/bill-stage\/2","uri":"https:\/\/data.oireachtas.ie\/ie\/oireachtas\/bill\/2019\/35\/stage\/seanad\/2"}}],"status":"Current","statusURI":"https:\/\/data.oireachtas.ie\/ie\/oireachtas\/def\/bill-status\/published","uri":"https:\/\/data.oireachtas.ie\/ie\/oireachtas\/bill\/2019\/35","versions":[{"version":{"date":"2019-05-14","docType":"bill","formats":{"pdf":{"uri":"https:\/\/data.oireachtas.ie\/ie\/oireachtas\/bill\/2019\/35\/eng\/initiated\/b3519s.pdf"},"xml":null},"lang":"eng","showAs":"As Initiated","uri":"https:\/\/data.oireachtas.ie\/ie\/oireachtas\/bill\/2019\/35\/eng\/initiated"}}]},"billSort":{"actNoSort":null,"actShortTitleEnSort":null,"actShortTitleGaSort":null,"actYearSort":null,"billNoSort":35,"billShortTitleEnSort":"electoral-civil-society-freedom-amendment-bill-2019","billShortTitleGaSort":"an-bille-toghchain-saoirse-na-sochai-sibhialta-leasu-2019","billYearSort":2019},"contextDate":"2025-03-04"},{"bill":{"act":null,"amendmentLists":[],"billNo":"25","billType":"Public","billTypeURI":"https:\/\/data.oireachtas.ie\/ie\/oireachtas\/def\/bill-type\/public","billYear":"2019","debates":[{"chamber":{"showAs":"Seanad \u00c9ireann","uri":"https:\/\/data.oireachtas.ie\/ie\/oireachtas\/def\/house\/seanad"},"date":"2019-04-03","debateSectionId":"dbsect_8","showAs":"Public Authorities and Utility Undertakings (Contract Preparation and Award Criteria) Bill 2019: Second Stage","uri":"https:\/\/data.oireachtas.ie\/akn\/ie\/debateRecord\/seanad\/2019-04-03\/debate\/main"},{"chamber":{"showAs":"Seanad \u00c9ireann","uri":"https:\/\/data.oireachtas.ie\/ie\/oireachtas\/def\/house\/seanad"},"date":"2019-03-27","debateSectionId":"dbsect_8","showAs":"Public Authorities and Utility Undertakings (Contract Preparation and Award Criteria) Bill 2019: First Stage","uri":"https:\/\/data.oireachtas.ie\/akn\/ie\/debateRecord\/seanad\/2019-03-27\/debate\/main"}],"events":[{"event":{"chamber":{"chamberCode":"seanad","showAs":"Seanad \u00c9ireann","uri":"https:\/\/data.oireachtas.ie\/ie\/oireachtas\/def\/house\/seanad"},"dates":[{"date":"2019-03-25"},{"date":"2019-03-27"},{"date":"2020-03-27"},{"date":"2020-07-29"}],"eventURI":"https:\/\/data.oireachtas.ie\/ie\/oireachtas\/def\/bill-event\/admissibility-for-introduction","showAs":"Admissibility for Introduction","uri":"https:\/\/data.oireachtas.ie\/ie\/oireachtas\/bill\/2019\/25\/admissibility-for-introduction"}},{"event":{"chamber":{"chamberCode":"seanad","showAs":"Seanad \u00c9ireann","uri":"https:\/\/data.oireachtas.ie\/ie\/oireachtas\/def\/house\/seanad"},"dates":[{"date":"2025-01-29"}],"eventURI":"https:\/\/data.oireachtas.ie\/ie\/oireachtas\/def\/bill-event\/bill-lapsed","showAs":"Bill Lapsed","uri":"https:\/\/data.oireachtas.ie\/ie\/oireachtas\/bill\/2019\/25\/bill-lapsed"}}],"lastUpdated":"2025-01-30T11:17:37.160000+00:00","longTitleEn":"Bill entitled an Act to give further effect to Directive 2014\/24\/EU of the European Parliament and of the Council of 26 February 2014 and to Directive 2014\/25\/EU of the European Parliament and of the Council of 26 February 2014 and for those purposes to provide for contract award criteria in public contracts, to promote the use of social considerations and the best price-quality ratio and to establish a procedure for departing from best price-quality ratio, to ensure that section 3 of the European Convention on Human Rights Act 2003 applies to persons carrying out functions for or on behalf of organs of State, to provide for the issuing of guidelines concerning social considerations, to require annual reporting to each House of the Oireachtas concerning certain matters and to provide for matters connected therewith.","longTitleGa":"Bille d\u00e1 ngairtear Acht do thabhairt tuilleadh \u00e9ifeachta do Threoir 2014\/24\/AE an 26 Feabhra 2014 \u00f3 Pharlaimint na hEorpa agus \u00f3n gComhairle agus do Threoir 2014\/25\/AE an 26 Feabhra 2014 \u00f3 Pharlaimint na hEorpa agus \u00f3n gComhairle agus, chun na gcr\u00edoch sin, do dh\u00e9anamh socr\u00fa maidir le crit\u00e9ir d\u00e1mhachtana conartha\u00ed i gconartha\u00ed poibl\u00ed, do chur \u00fas\u00e1id c\u00fains\u00ed s\u00f3isialta agus an ch\u00f3imheasa is fearr maidir le praghas-c\u00e1il\u00edocht chun cinn agus do bhun\u00fa n\u00f3s imeachta chun imeacht \u00f3n gc\u00f3imheas is fearr maidir le praghas-c\u00e1il\u00edocht, d\u00e1 \u00e1irithi\u00fa go mbeidh feidhm ag alt 3 den Acht f\u00e1n gCoinbhinsi\u00fan Eorpach um Chearta an Duine, 2003 maidir le daoine a bheidh ag comhall feidhmeanna d\u2019orgain St\u00e1it n\u00f3 thar a gceann, do dh\u00e9anamh socr\u00fa maidir le treoirl\u00ednte a bhaineann le c\u00fains\u00ed s\u00f3isialta a eisi\u00faint, d\u00e1 cheangal tuairisci\u00fa bliant\u00fail a dh\u00e9anamh do gach Teach den Oireachtas maidir le nithe \u00e1irithe agus do dh\u00e9anamh socr\u00fa i dtaobh nithe a bhaineann leis an m\u00e9id sin.","method":"Introduced","methodURI":"https:\/\/data.oireachtas.ie\/ie\/oireachtas\/def\/bill-method\/introduced","mostRecentStage":{"event":{"chamber":{"chamberCode":"seanad","showAs":"Seanad \u00c9ireann","uri":"https:\/\/data.oireachtas.ie\/ie\/oireachtas\/def\/house\/seanad"},"dates":[{"date":"2019-03-27"}],"house":{"chamberCode":"seanad","chamberType":"house","houseCode":"seanad","houseNo":"25","showAs":"25th Seanad","uri":"https:\/\/data.oireachtas.ie\/ie\/oireachtas\/house\/seanad\/25"},"progressStage":2,"showAs":"Second Stage","stageCompleted":true,"stageOutcome":null,"stageURI":"https:\/\/data.oireachtas.ie\/ie\/oireachtas\/def\/bill-stage\/2","uri":"https:\/\/data.oireachtas.ie\/ie\/oireachtas\/bill\/2019\/25\/stage\/seanad\/2"}},"originHouse":{"showAs":"Seanad \u00c9ireann","uri":"https:\/\/data.oireachtas.ie\/ie\/oireachtas\/def\/house\/seanad"},"originHouseURI":"https:\/\/data.oireachtas.ie\/ie\/oireachtas\/def\/house\/seanad","relatedDocs":[],"shortTitleEn":"Public Authorities and Utility Undertakings (Contract Preparation and Award Criteria) Bill 2019","shortTitleGa":"An Bille um \u00dadar\u00e1is Phoibl\u00ed agus Gn\u00f3thais F\u00f3ntais (Conartha\u00ed a Ullmh\u00fa agus Crit\u00e9ir Dh\u00e1mhachtana), 2019","source":"Private Member","sourceURI":"https:\/\/data.oireachtas.ie\/ie\/oireachtas\/def\/bill-source\/private-member","sponsors":[{"sponsor":{"as":{"showAs":null,"uri":null},"by":{"showAs":"Alice-Mary Higgins","uri":"https:\/\/data.oireachtas.ie\/ie\/oireachtas\/member\/id\/Alice-Mary-Higgins.S.2016-04-25"},"isPrimary":true}},{"sponsor":{"as":{"showAs":null,"uri":null},"by":{"showAs":"Frances Black","uri":"https:\/\/data.oireachtas.ie\/ie\/oireachtas\/member\/id\/Frances-Black.S.2016-04-25"},"isPrimary":false}},{"sponsor":{"as":{"showAs":null,"uri":null},"by":{"showAs":"John Dolan","uri":"https:\/\/data.oireachtas.ie\/ie\/oireachtas\/member\/id\/John-Dolan.S.2016-04-25"},"isPrimary":false}},{"sponsor":{"as":{"showAs":null,"uri":null},"by":{"showAs":"Colette Kelleher","uri":"https:\/\/data.oireachtas.ie\/ie\/oireachtas\/member\/id\/Colette-Kelleher.S.2016-04-25"},"isPrimary":false}},{"sponsor":{"as":{"showAs":null,"uri":null},"by":{"showAs":"Lynn Ruane","uri":"https:\/\/data.oireachtas.ie\/ie\/oireachtas\/member\/id\/Lynn-Ruane.S.2016-04-25"},"isPrimary":false}}],"stages":[{"event":{"chamber":{"chamberCode":"seanad","showAs":"Seanad \u00c9ireann","uri":"https:\/\/data.oireachtas.ie\/ie\/oireachtas\/def\/house\/seanad"},"dates":[{"date":"2019-03-25"},{"date":"2019-03-27"},{"date":"2019-03-27"}],"house":{"chamberCode":"seanad","chamberType":"house","houseCode":"seanad","houseNo":"25","showAs":"25th Seanad","uri":"https:\/\/data.oireachtas.ie\/ie\/oireachtas\/house\/seanad\/25"},"progressStage":1,"showAs":"First Stage","stageCompleted":true,"stageOutcome":null,"stageURI":"https:\/\/data.oireachtas.ie\/ie\/oireachtas\/def\/bill-stage\/1","uri":"https:\/\/data.oireachtas.ie\/ie\/oireachtas\/bill\/2019\/25\/stage\/seanad\/1"}},{"event":{"chamber":{"chamberCode":"seanad","showAs":"Seanad \u00c9ireann","uri":"https:\/\/data.oireachtas.ie\/ie\/oireachtas\/def\/house\/seanad"},"dates":[{"date":"2019-03-27"}],"house":{"chamberCode":"seanad","chamberType":"house","houseCode":"seanad","houseNo":"25","showAs":"25th Seanad","uri":"https:\/\/data.oireachtas.ie\/ie\/oireachtas\/house\/seanad\/25"},"progressStage":2,"showAs":"Second Stage","stageCompleted":true,"stageOutcome":null,"stageURI":"https:\/\/data.oireachtas.ie\/ie\/oireachtas\/def\/bill-stage\/2","uri":"https:\/\/data.oireachtas.ie\/ie\/oireachtas\/bill\/2019\/25\/stage\/seanad\/2"}}],"status":"Lapsed","statusURI":"https:\/\/data.oireachtas.ie\/ie\/oireachtas\/def\/bill-status\/lapsed","uri":"https:\/\/data.oireachtas.ie\/ie\/oireachtas\/bill\/2019\/25","versions":[{"version":{"date":"2019-03-27","docType":"bill","formats":{"pdf":{"uri":"https:\/\/data.oireachtas.ie\/ie\/oireachtas\/bill\/2019\/25\/eng\/initiated\/b2519s.pdf"},"xml":null},"lang":"eng","showAs":"As Initiated","uri":"https:\/\/data.oireachtas.ie\/ie\/oireachtas\/bill\/2019\/25\/eng\/initiated"}}]},"billSort":{"actNoSort":null,"actShortTitleEnSort":null,"actShortTitleGaSort":null,"actYearSort":null,"billNoSort":25,"billShortTitleEnSort":"public-authorities-and-utility-undertakings-contract-preparation-and-award-criteria-bill-2019","billShortTitleGaSort":"an-bille-um-udarais-phoibli-agus-gnothais-fontais-conarthai-a-ullmhu-agus-criteir-dhamhachtana-2019","billYearSort":2019},"contextDate":"2019-03-27"},{"bill":{"act":null,"amendmentLists":[{"amendmentList":{"amendmentTypeUri":{"uri":"https:\/\/data.oireachtas.ie\/ie\/oireachtas\/def\/amendment-type\/numberedList"},"chamber":{"showAs":"Seanad","uri":"https:\/\/data.oireachtas.ie\/ie\/oireachtas\/def\/seanad"},"date":"2021-11-17","formats":{"pdf":{"uri":"https:\/\/data.oireachtas.ie\/ie\/oireachtas\/bill\/2019\/17\/seanad\/3\/amendment\/numberedList\/eng\/b1719s-scnl.pdf"},"xml":null},"showAs":"Numbered List [Seanad]","stage":{"showAs":"Committee Stage","uri":"https:\/\/data.oireachtas.ie\/ie\/oireachtas\/bill\/2019\/17\/seanad\/3"},"stageNo":"3"}}],"billNo":"17","billType":"Public","billTypeURI":"https:\/\/data.oireachtas.ie\/ie\/oireachtas\/def\/bill-type\/public","billYear":"2019","debates":[{"chamber":{"showAs":"Seanad \u00c9ireann","uri":"https:\/\/data.oireachtas.ie\/ie\/oireachtas\/def\/house\/seanad"},"date":"2021-11-17","debateSectionId":"dbsect_11","showAs":"Criminal Justice (Public Order) (Amendment) Bill 2019: Committee Stage","uri":"https:\/\/data.oireachtas.ie\/akn\/ie\/debateRecord\/seanad\/2021-11-17\/debate\/main"},{"chamber":{"showAs":"Seanad \u00c9ireann","uri":"https:\/\/data.oireachtas.ie\/ie\/oireachtas\/def\/house\/seanad"},"date":"2019-06-26","debateSectionId":"dbsect_12","showAs":"Criminal Justice (Public Order) (Amendment) Bill 2019: Second Stage","uri":"https:\/\/data.oireachtas.ie\/akn\/ie\/debateRecord\/seanad\/2019-06-26\/debate\/main"},{"chamber":{"showAs":"Seanad \u00c9ireann","uri":"https:\/\/data.oireachtas.ie\/ie\/oireachtas\/def\/house\/seanad"},"date":"2019-02-27","debateSectionId":"dbsect_12","showAs":"Criminal Justice (Public Order) (Amendment) Bill 2019: First Stage","uri":"https:\/\/data.oireachtas.ie\/akn\/ie\/debateRecord\/seanad\/2019-02-27\/debate\/main"}],"events":[{"event":{"chamber":{"chamberCode":"seanad","showAs":"Seanad \u00c9ireann","uri":"https:\/\/data.oireachtas.ie\/ie\/oireachtas\/def\/house\/seanad"},"dates":[{"date":"2019-02-27"},{"date":"2020-03-27"},{"date":"2020-07-29"},{"date":"2025-03-27"}],"eventURI":"https:\/\/data.oireachtas.ie\/ie\/oireachtas\/def\/bill-event\/published","showAs":"Published","uri":"https:\/\/data.oireachtas.ie\/ie\/oireachtas\/bill\/2019\/17\/published"}},{"event":{"chamber":{"chamberCode":"seanad","showAs":"Seanad \u00c9ireann","uri":"https:\/\/data.oireachtas.ie\/ie\/oireachtas\/def\/house\/seanad"},"dates":[{"date":"2025-01-29"}],"eventURI":"https:\/\/data.oireachtas.ie\/ie\/oireachtas\/def\/bill-event\/bill-lapsed","showAs":"Bill Lapsed","uri":"https:\/\/data.oireachtas.ie\/ie\/oireachtas\/bill\/2019\/17\/bill-lapsed"}}],"lastUpdated":"2025-03-28T10:54:50.260000+00:00","longTitleEn":"Bill entitled an Act to provide for a mandatory prison sentence in respect of an assault on a member of the emergency services; to provide for the introduction of an offence of ramming an emergency services vehicle and to provide for a mandatory prison sentence in respect of such an offence, and for that purpose to amend the Criminal Justice (Public Order) Act 1994 and to provide for related matters.","longTitleGa":"Bille d\u00e1 ngairtear acht do dh\u00e9anamh socr\u00fa maidir le pianbhreith phr\u00edos\u00fanachta shainordaitheach i leith ionsa\u00ed ar chomhalta de na seirbh\u00eds\u00ed \u00e9igeand\u00e1la; do dh\u00e9anamh socr\u00fa maidir le cion a thabhairt isteach arb \u00e9ard \u00e9 feithicil de chuid na seirbh\u00eds\u00ed \u00e9igeand\u00e1la a sh\u00e1inni\u00fa agus do dh\u00e9anamh socr\u00fa maidir le pianbhreith phr\u00edos\u00fanachta shainordaitheach i leith cion den s\u00f3rt sin, agus, chun na cr\u00edche sin, do leas\u00fa an Achta um Cheartas Coiri\u00fail (Ord Poibl\u00ed), 1994 agus do dh\u00e9anamh socr\u00fa i dtaobh nithe gaolmhara.","method":"Introduced","methodURI":"https:\/\/data.oireachtas.ie\/ie\/oireachtas\/def\/bill-method\/introduced","mostRecentStage":{"event":{"chamber":{"chamberCode":"seanad","showAs":"Seanad \u00c9ireann","uri":"https:\/\/data.oireachtas.ie\/ie\/oireachtas\/def\/house\/seanad"},"dates":[{"date":"2020-03-27"},{"date":"2020-07-29"},{"date":"2021-11-17"},{"date":"2025-01-29"},{"date":"2025-03-27"}],"house":{"chamberCode":"seanad","chamberType":"house","houseCode":"seanad","houseNo":"25","showAs":"25th Seanad","uri":"https:\/\/data.oireachtas.ie\/ie\/oireachtas\/house\/seanad\/25"},"progressStage":3,"showAs":"Committee Stage","stageCompleted":false,"stageOutcome":"Current","stageURI":"https:\/\/data.oireachtas.ie\/ie\/oireachtas\/def\/bill-stage\/3","uri":"https:\/\/data.oireachtas.ie\/ie\/oireachtas\/bill\/2019\/17\/stage\/seanad\/3"}},"originHouse":{"showAs":"Seanad \u00c9ireann","uri":"https:\/\/data.oireachtas.ie\/ie\/oireachtas\/def\/house\/seanad"},"originHouseURI":"https:\/\/data.oireachtas.ie\/ie\/oireachtas\/def\/house\/seanad","relatedDocs":[{"relatedDoc":{"date":"2019-02-27","docType":"memo","formats":{"pdf":{"uri":"https:\/\/data.oireachtas.ie\/ie\/oireachtas\/bill\/2019\/17\/eng\/memo\/b1719s-ex-memo.pdf"},"xml":null},"lang":"eng","showAs":"Explanatory Memorandum","uri":"https:\/\/data.oireachtas.ie\/ie\/oireachtas\/bill\/2019\/17\/eng\/memo"}}],"shortTitleEn":"Criminal Justice (Public Order) (Amendment) Bill 2019","shortTitleGa":"An Bille um Cheartas Coiri\u00fail (Ord Poibl\u00ed) (Leas\u00fa), 2019","source":"Private Member","sourceURI":"https:\/\/data.oireachtas.ie\/ie\/oireachtas\/def\/bill-source\/private-member","sponsors":[{"sponsor":{"as":{"showAs":null,"uri":null},"by":{"showAs":"Robbie Gallagher","uri":"https:\/\/data.oireachtas.ie\/ie\/oireachtas\/member\/id\/Robbie-Gallagher.S.2016-04-25"},"isPrimary":true}},{"sponsor":{"as":{"showAs":null,"uri":null},"by":{"showAs":"Lorraine Clifford-Lee","uri":"https:\/\/data.oireachtas.ie\/ie\/oireachtas\/member\/id\/Lorraine-Clifford-Lee.S.2016-04-25"},"isPrimary":false}},{"sponsor":{"as":{"showAs":null,"uri":null},"by":{"showAs":"Diarmuid Wilson","uri":"https:\/\/data.oireachtas.ie\/ie\/oireachtas\/member\/id\/Diarmuid-Wilson.S.2002-09-12"},"isPrimary":false}}],"stages":[{"event":{"chamber":{"chamberCode":"seanad","showAs":"Seanad \u00c9ireann","uri":"https:\/\/data.oireachtas.ie\/ie\/oireachtas\/def\/house\/seanad"},"dates":[{"date":"2019-02-27"},{"date":"2019-02-27"}],"house":{"chamberCode":"seanad","chamberType":"house","houseCode":"seanad","houseNo":"25","showAs":"25th Seanad","uri":"https:\/\/data.oireachtas.ie\/ie\/oireachtas\/house\/seanad\/25"},"progressStage":1,"showAs":"First Stage","stageCompleted":true,"stageOutcome":null,"stageURI":"https:\/\/data.oireachtas.ie\/ie\/oireachtas\/def\/bill-stage\/1","uri":"https:\/\/data.oireachtas.ie\/ie\/oireachtas\/bill\/2019\/17\/stage\/seanad\/1"}},{"event":{"chamber":{"chamberCode":"seanad","showAs":"Seanad \u00c9ireann","uri":"https:\/\/data.oireachtas.ie\/ie\/oireachtas\/def\/house\/seanad"},"dates":[{"date":"2019-02-27"}],"house":{"chamberCode":"seanad","chamberType":"house","houseCode":"seanad","houseNo":"25","showAs":"25th Seanad","uri":"https:\/\/data.oireachtas.ie\/ie\/oireachtas\/house\/seanad\/25"},"progressStage":2,"showAs":"Second Stage","stageCompleted":true,"stageOutcome":null,"stageURI":"https:\/\/data.oireachtas.ie\/ie\/oireachtas\/def\/bill-stage\/2","uri":"https:\/\/data.oireachtas.ie\/ie\/oireachtas\/bill\/2019\/17\/stage\/seanad\/2"}},{"event":{"chamber":{"chamberCode":"seanad","showAs":"Seanad \u00c9ireann","uri":"https:\/\/data.oireachtas.ie\/ie\/oireachtas\/def\/house\/seanad"},"dates":[{"date":"2020-03-27"},{"date":"2020-07-29"},{"date":"2021-11-17"},{"date":"2025-01-29"},{"date":"2025-03-27"}],"house":{"chamberCode":"seanad","chamberType":"house","houseCode":"seanad","houseNo":"25","showAs":"25th Seanad","uri":"https:\/\/data.oireachtas.ie\/ie\/oireachtas\/house\/seanad\/25"},"progressStage":3,"showAs":"Committee Stage","stageCompleted":false,"stageOutcome":"Current","stageURI":"https:\/\/data.oireachtas.ie\/ie\/oireachtas\/def\/bill-stage\/3","uri":"https:\/\/data.oireachtas.ie\/ie\/oireachtas\/bill\/2019\/17\/stage\/seanad\/3"}}],"status":"Current","statusURI":"https:\/\/data.oireachtas.ie\/ie\/oireachtas\/def\/bill-status\/published","uri":"https:\/\/data.oireachtas.ie\/ie\/oireachtas\/bill\/2019\/17","versions":[{"version":{"date":"2019-02-27","docType":"bill","formats":{"pdf":{"uri":"https:\/\/data.oireachtas.ie\/ie\/oireachtas\/bill\/2019\/17\/eng\/initiated\/b1719s.pdf"},"xml":null},"lang":"eng","showAs":"As Initiated","uri":"https:\/\/data.oireachtas.ie\/ie\/oireachtas\/bill\/2019\/17\/eng\/initiated"}}]},"billSort":{"actNoSort":null,"actShortTitleEnSort":null,"actShortTitleGaSort":null,"actYearSort":null,"billNoSort":17,"billShortTitleEnSort":"criminal-justice-public-order-amendment-bill-2019","billShortTitleGaSort":"an-bille-um-cheartas-coiriuil-ord-poibli-leasu-2019","billYearSort":2019},"contextDate":"2025-03-27"},{"bill":{"act":null,"amendmentLists":[{"amendmentList":{"amendmentTypeUri":{"uri":"https:\/\/data.oireachtas.ie\/ie\/oireachtas\/def\/amendment-type\/numberedList"},"chamber":{"showAs":"Seanad","uri":"https:\/\/data.oireachtas.ie\/ie\/oireachtas\/def\/seanad"},"date":"2019-11-20","formats":{"pdf":{"uri":"https:\/\/data.oireachtas.ie\/ie\/oireachtas\/bill\/2018\/141\/seanad\/3\/amendment\/numberedList\/eng\/b14118s-scn.pdf"},"xml":null},"showAs":"Numbered List [Seanad]","stage":{"showAs":"Committee Stage","uri":"https:\/\/data.oireachtas.ie\/ie\/oireachtas\/bill\/2018\/141\/seanad\/3"},"stageNo":"3"}}],"billNo":"141","billType":"Public","billTypeURI":"https:\/\/data.oireachtas.ie\/ie\/oireachtas\/def\/bill-type\/public","billYear":"2018","debates":[{"chamber":{"showAs":"D\u00e1il \u00c9ireann","uri":"https:\/\/data.oireachtas.ie\/ie\/oireachtas\/def\/house\/dail"},"date":"2026-03-05","debateSectionId":"dbsect_46","showAs":"Criminal Justice (Rehabilitative Periods) Bill 2018 [Seanad]: Second Stage [Private Members]","uri":"https:\/\/data.oireachtas.ie\/akn\/ie\/debateRecord\/dail\/2026-03-05\/debate\/main"},{"chamber":{"showAs":"Seanad \u00c9ireann","uri":"https:\/\/data.oireachtas.ie\/ie\/oireachtas\/def\/house\/seanad"},"date":"2021-06-28","debateSectionId":"dbsect_17","showAs":"Criminal Justice (Rehabilitative Periods) Bill 2018: Report and Final Stages","uri":"https:\/\/data.oireachtas.ie\/akn\/ie\/debateRecord\/seanad\/2021-06-28\/debate\/main"},{"chamber":{"showAs":"Seanad \u00c9ireann","uri":"https:\/\/data.oireachtas.ie\/ie\/oireachtas\/def\/house\/seanad"},"date":"2019-11-20","debateSectionId":"dbsect_14","showAs":"Criminal Justice (Rehabilitative Periods) Bill 2018: Committee Stage","uri":"https:\/\/data.oireachtas.ie\/akn\/ie\/debateRecord\/seanad\/2019-11-20\/debate\/main"},{"chamber":{"showAs":"Seanad \u00c9ireann","uri":"https:\/\/data.oireachtas.ie\/ie\/oireachtas\/def\/house\/seanad"},"date":"2019-02-13","debateSectionId":"dbsect_12","showAs":"Criminal Justice (Rehabilitative Periods) Bill 2018: Second Stage","uri":"https:\/\/data.oireachtas.ie\/akn\/ie\/debateRecord\/seanad\/2019-02-13\/debate\/main"},{"chamber":{"showAs":"Seanad \u00c9ireann","uri":"https:\/\/data.oireachtas.ie\/ie\/oireachtas\/def\/house\/seanad"},"date":"2018-12-20","debateSectionId":"dbsect_10","showAs":"Criminal Justice (Rehabilitative Periods) Bill 2018: First Stage","uri":"https:\/\/data.oireachtas.ie\/akn\/ie\/debateRecord\/seanad\/2018-12-20\/debate\/main"}],"events":[{"event":{"chamber":{"chamberCode":"seanad","showAs":"Seanad \u00c9ireann","uri":"https:\/\/data.oireachtas.ie\/ie\/oireachtas\/def\/house\/seanad"},"dates":[{"date":"2018-12-20"},{"date":"2020-03-27"},{"date":"2020-07-29"},{"date":"2025-05-01"}],"eventURI":"https:\/\/data.oireachtas.ie\/ie\/oireachtas\/def\/bill-event\/published","showAs":"Published","uri":"https:\/\/data.oireachtas.ie\/ie\/oireachtas\/bill\/2018\/141\/published"}},{"event":{"chamber":{"chamberCode":"dail","showAs":"D\u00e1il \u00c9ireann","uri":"https:\/\/data.oireachtas.ie\/ie\/oireachtas\/def\/house\/dail"},"dates":[{"date":"2024-11-08"}],"eventURI":"https:\/\/data.oireachtas.ie\/ie\/oireachtas\/def\/bill-event\/bill-lapsed","showAs":"Bill Lapsed","uri":"https:\/\/data.oireachtas.ie\/ie\/oireachtas\/bill\/2018\/141\/bill-lapsed"}}],"lastUpdated":"2026-03-20T11:11:23.040000+00:00","longTitleEn":"Bill entitled\nan Act to amend and extend the Criminal Justice (Spent Convictions and Certain Disclosures) Act 2016 to provide for broadening the range of convictions which may be regarded as spent convictions, to provide for proportionality in determining the period before a conviction becomes spent, and to provide for related matters. ","longTitleGa":"Bille d\u00e1 ngairtear Acht do leas\u00fa agus do leathn\u00fa an Achta um Cheartas Coiri\u00fail (Ciontuithe Sp\u00edonta agus Nochtadh \u00c1irithe), 2016 chun socr\u00fa a dh\u00e9anamh go leathn\u00f3far an r\u00e9imse ciontuithe a bhf\u00e9adfar a mheas gur ciontuithe sp\u00edonta iad, do dh\u00e9anamh socr\u00fa go mbeidh comhr\u00e9ireacht ann agus an tr\u00e9imhse sula dtiocfaidh ciont\u00fa chun bheith ina chiont\u00fa sp\u00edonta \u00e1 cinneadh, agus do dh\u00e9anamh socr\u00fa i dtaobh nithe gaolmhara.","method":"Introduced","methodURI":"https:\/\/data.oireachtas.ie\/ie\/oireachtas\/def\/bill-method\/introduced","mostRecentStage":{"event":{"chamber":{"chamberCode":"dail","showAs":"D\u00e1il \u00c9ireann","uri":"https:\/\/data.oireachtas.ie\/ie\/oireachtas\/def\/house\/dail"},"dates":[{"date":"2021-06-28"},{"date":"2021-06-28"},{"date":"2021-06-28"}],"house":{"chamberCode":"dail","chamberType":"house","houseCode":"dail","houseNo":"33","showAs":"33rd D\u00e1il","uri":"https:\/\/data.oireachtas.ie\/ie\/oireachtas\/house\/dail\/33"},"progressStage":6,"showAs":"Second Stage","stageCompleted":true,"stageOutcome":null,"stageURI":"https:\/\/data.oireachtas.ie\/ie\/oireachtas\/def\/bill-stage\/2","uri":"https:\/\/data.oireachtas.ie\/ie\/oireachtas\/bill\/2018\/141\/stage\/dail\/2"}},"originHouse":{"showAs":"Seanad \u00c9ireann","uri":"https:\/\/data.oireachtas.ie\/ie\/oireachtas\/def\/house\/seanad"},"originHouseURI":"https:\/\/data.oireachtas.ie\/ie\/oireachtas\/def\/house\/seanad","relatedDocs":[{"relatedDoc":{"date":"2018-12-20","docType":"memo","formats":{"pdf":{"uri":"https:\/\/data.oireachtas.ie\/ie\/oireachtas\/bill\/2018\/141\/eng\/memo\/b14118smemo.pdf"},"xml":null},"lang":"eng","showAs":"Explanatory Memorandum","uri":"https:\/\/data.oireachtas.ie\/ie\/oireachtas\/bill\/2018\/141\/eng\/memo"}}],"shortTitleEn":"Criminal Justice (Rehabilitative Periods) Bill 2018","shortTitleGa":"An Bille um Cheartas Coiri\u00fail (Tr\u00e9imhs\u00ed Athshl\u00e1n\u00fach\u00e1in), 2018","source":"Private Member","sourceURI":"https:\/\/data.oireachtas.ie\/ie\/oireachtas\/def\/bill-source\/private-member","sponsors":[{"sponsor":{"as":{"showAs":null,"uri":null},"by":{"showAs":"Lynn Ruane","uri":"https:\/\/data.oireachtas.ie\/ie\/oireachtas\/member\/id\/Lynn-Ruane.S.2016-04-25"},"isPrimary":true}}],"stages":[{"event":{"chamber":{"chamberCode":"seanad","showAs":"Seanad \u00c9ireann","uri":"https:\/\/data.oireachtas.ie\/ie\/oireachtas\/def\/house\/seanad"},"dates":[{"date":"2018-12-20"},{"date":"2018-12-20"}],"house":{"chamberCode":"seanad","chamberType":"house","houseCode":"seanad","houseNo":"25","showAs":"25th Seanad","uri":"https:\/\/data.oireachtas.ie\/ie\/oireachtas\/house\/seanad\/25"},"progressStage":1,"showAs":"First Stage","stageCompleted":true,"stageOutcome":null,"stageURI":"https:\/\/data.oireachtas.ie\/ie\/oireachtas\/def\/bill-stage\/1","uri":"https:\/\/data.oireachtas.ie\/ie\/oireachtas\/bill\/2018\/141\/stage\/seanad\/1"}},{"event":{"chamber":{"chamberCode":"seanad","showAs":"Seanad \u00c9ireann","uri":"https:\/\/data.oireachtas.ie\/ie\/oireachtas\/def\/house\/seanad"},"dates":[{"date":"2018-12-20"}],"house":{"chamberCode":"seanad","chamberType":"house","houseCode":"seanad","houseNo":"25","showAs":"25th Seanad","uri":"https:\/\/data.oireachtas.ie\/ie\/oireachtas\/house\/seanad\/25"},"progressStage":2,"showAs":"Second Stage","stageCompleted":true,"stageOutcome":null,"stageURI":"https:\/\/data.oireachtas.ie\/ie\/oireachtas\/def\/bill-stage\/2","uri":"https:\/\/data.oireachtas.ie\/ie\/oireachtas\/bill\/2018\/141\/stage\/seanad\/2"}},{"event":{"chamber":{"chamberCode":"seanad","showAs":"Seanad \u00c9ireann","uri":"https:\/\/data.oireachtas.ie\/ie\/oireachtas\/def\/house\/seanad"},"dates":[{"date":"2019-02-13"}],"house":{"chamberCode":"seanad","chamberType":"house","houseCode":"seanad","houseNo":"25","showAs":"25th Seanad","uri":"https:\/\/data.oireachtas.ie\/ie\/oireachtas\/house\/seanad\/25"},"progressStage":3,"showAs":"Committee Stage","stageCompleted":true,"stageOutcome":null,"stageURI":"https:\/\/data.oireachtas.ie\/ie\/oireachtas\/def\/bill-stage\/3","uri":"https:\/\/data.oireachtas.ie\/ie\/oireachtas\/bill\/2018\/141\/stage\/seanad\/3"}},{"event":{"chamber":{"chamberCode":"seanad","showAs":"Seanad \u00c9ireann","uri":"https:\/\/data.oireachtas.ie\/ie\/oireachtas\/def\/house\/seanad"},"dates":[{"date":"2021-06-28"},{"date":"2021-06-28"},{"date":"2021-06-28"}],"house":{"chamberCode":"seanad","chamberType":"house","houseCode":"seanad","houseNo":"26","showAs":"26th Seanad","uri":"https:\/\/data.oireachtas.ie\/ie\/oireachtas\/house\/seanad\/26"},"progressStage":4,"showAs":"Report Stage","stageCompleted":true,"stageOutcome":null,"stageURI":"https:\/\/data.oireachtas.ie\/ie\/oireachtas\/def\/bill-stage\/4","uri":"https:\/\/data.oireachtas.ie\/ie\/oireachtas\/bill\/2018\/141\/stage\/seanad\/4"}},{"event":{"chamber":{"chamberCode":"seanad","showAs":"Seanad \u00c9ireann","uri":"https:\/\/data.oireachtas.ie\/ie\/oireachtas\/def\/house\/seanad"},"dates":[{"date":"2021-06-28"}],"house":{"chamberCode":"seanad","chamberType":"house","houseCode":"seanad","houseNo":"26","showAs":"26th Seanad","uri":"https:\/\/data.oireachtas.ie\/ie\/oireachtas\/house\/seanad\/26"},"progressStage":5,"showAs":"Fifth Stage","stageCompleted":true,"stageOutcome":null,"stageURI":"https:\/\/data.oireachtas.ie\/ie\/oireachtas\/def\/bill-stage\/5","uri":"https:\/\/data.oireachtas.ie\/ie\/oireachtas\/bill\/2018\/141\/stage\/seanad\/5"}},{"event":{"chamber":{"chamberCode":"dail","showAs":"D\u00e1il \u00c9ireann","uri":"https:\/\/data.oireachtas.ie\/ie\/oireachtas\/def\/house\/dail"},"dates":[{"date":"2021-06-28"},{"date":"2021-06-28"},{"date":"2021-06-28"}],"house":{"chamberCode":"dail","chamberType":"house","houseCode":"dail","houseNo":"33","showAs":"33rd D\u00e1il","uri":"https:\/\/data.oireachtas.ie\/ie\/oireachtas\/house\/dail\/33"},"progressStage":6,"showAs":"Second Stage","stageCompleted":true,"stageOutcome":null,"stageURI":"https:\/\/data.oireachtas.ie\/ie\/oireachtas\/def\/bill-stage\/2","uri":"https:\/\/data.oireachtas.ie\/ie\/oireachtas\/bill\/2018\/141\/stage\/dail\/2"}}],"status":"Current","statusURI":"https:\/\/data.oireachtas.ie\/ie\/oireachtas\/def\/bill-status\/published","uri":"https:\/\/data.oireachtas.ie\/ie\/oireachtas\/bill\/2018\/141","versions":[{"version":{"date":"2019-11-20","docType":"bill","formats":{"pdf":{"uri":"https:\/\/data.oireachtas.ie\/ie\/oireachtas\/bill\/2018\/141\/eng\/ver_a\/b141a18s.pdf"},"xml":null},"lang":"eng","showAs":"As amended in Committee [Seanad \u00c9ireann]","uri":"https:\/\/data.oireachtas.ie\/ie\/oireachtas\/bill\/2018\/141\/eng\/ver_a"}},{"version":{"date":"2018-12-20","docType":"bill","formats":{"pdf":{"uri":"https:\/\/data.oireachtas.ie\/ie\/oireachtas\/bill\/2018\/141\/eng\/initiated\/b14118s.pdf"},"xml":null},"lang":"eng","showAs":"As Initiated","uri":"https:\/\/data.oireachtas.ie\/ie\/oireachtas\/bill\/2018\/141\/eng\/initiated"}}]},"billSort":{"actNoSort":null,"actShortTitleEnSort":null,"actShortTitleGaSort":null,"actYearSort":null,"billNoSort":141,"billShortTitleEnSort":"criminal-justice-rehabilitative-periods-bill-2018","billShortTitleGaSort":"an-bille-um-cheartas-coiriuil-treimhsi-athshlanuchain-2018","billYearSort":2018},"contextDate":"2021-06-28"},{"bill":{"act":null,"amendmentLists":[],"billNo":"131","billType":"Public","billTypeURI":"https:\/\/data.oireachtas.ie\/ie\/oireachtas\/def\/bill-type\/public","billYear":"2018","debates":[{"chamber":{"showAs":"D\u00e1il \u00c9ireann","uri":"https:\/\/data.oireachtas.ie\/ie\/oireachtas\/def\/house\/dail"},"date":"2018-12-13","debateSectionId":"dbsect_32","showAs":"Anti-Evictions Bill 2018: Second Stage (Resumed) [Private Members]","uri":"https:\/\/data.oireachtas.ie\/akn\/ie\/debateRecord\/dail\/2018-12-13\/debate\/main"},{"chamber":{"showAs":"D\u00e1il \u00c9ireann","uri":"https:\/\/data.oireachtas.ie\/ie\/oireachtas\/def\/house\/dail"},"date":"2018-12-13","debateSectionId":"dbsect_37","showAs":"Anti-Evictions Bill 2018: Referral to Select Committee [Private Members]","uri":"https:\/\/data.oireachtas.ie\/akn\/ie\/debateRecord\/dail\/2018-12-13\/debate\/main"},{"chamber":{"showAs":"D\u00e1il \u00c9ireann","uri":"https:\/\/data.oireachtas.ie\/ie\/oireachtas\/def\/house\/dail"},"date":"2018-12-12","debateSectionId":"dbsect_35","showAs":"Anti-Evictions Bill 2018: Second Stage [Private Members]","uri":"https:\/\/data.oireachtas.ie\/akn\/ie\/debateRecord\/dail\/2018-12-12\/debate\/main"},{"chamber":{"showAs":"D\u00e1il \u00c9ireann","uri":"https:\/\/data.oireachtas.ie\/ie\/oireachtas\/def\/house\/dail"},"date":"2018-11-29","debateSectionId":"dbsect_20","showAs":"Anti-Evictions Bill 2018: First Stage","uri":"https:\/\/data.oireachtas.ie\/akn\/ie\/debateRecord\/dail\/2018-11-29\/debate\/main"}],"events":[{"event":{"chamber":{"chamberCode":"dail","showAs":"D\u00e1il \u00c9ireann","uri":"https:\/\/data.oireachtas.ie\/ie\/oireachtas\/def\/house\/dail"},"dates":[{"date":"2018-11-29"},{"date":"2020-09-17"},{"date":"2025-05-01"}],"eventURI":"https:\/\/data.oireachtas.ie\/ie\/oireachtas\/def\/bill-event\/published","showAs":"Published","uri":"https:\/\/data.oireachtas.ie\/ie\/oireachtas\/bill\/2018\/131\/published"}},{"event":{"chamber":{"chamberCode":"dail","showAs":"D\u00e1il \u00c9ireann","uri":"https:\/\/data.oireachtas.ie\/ie\/oireachtas\/def\/house\/dail"},"dates":[{"date":"2020-01-14"},{"date":"2024-11-08"}],"eventURI":"https:\/\/data.oireachtas.ie\/ie\/oireachtas\/def\/bill-event\/bill-lapsed","showAs":"Bill Lapsed","uri":"https:\/\/data.oireachtas.ie\/ie\/oireachtas\/bill\/2018\/131\/bill-lapsed"}}],"lastUpdated":"2025-05-02T09:59:58.750000+00:00","longTitleEn":"Bill entitled an Act to amend the Residential Tenancies Act 2004 to provide for the greater security of tenure by extending tenancy rights for those with a licence to reside in student specific accommodation; by the inclusion of receivers and lenders that have taken possession of properties in the definition of a landlord, by the extension of notice periods for termination of a new tenancies; by making all tenancies over two months Part 4 tenancies; by making Part 4 tenancies of indefinite duration; by removing sale of property as a ground for terminating a tenancy, by providing for compensation where a tenancy is terminated on the ground that the dwelling is required by the landlord or a relative of the landlord for their own occupation; by removing renovation and refurbishment as a ground for termination of a tenancy; and by the extension of notice periods for new rents and for the termination of tenancies.","longTitleGa":"Bille d\u00e1 ngairtear Acht do leas\u00fa an Achta um Thion\u00f3ntachta\u00ed C\u00f3naithe, 2004 chun socr\u00fa a dh\u00e9anamh maidir le r\u00e1tha\u00edocht tionachta n\u00edos m\u00f3 tr\u00ed chearta tion\u00f3ntachta a leathn\u00fa chucu si\u00fad a bhfuil cead\u00fanas acu chun c\u00f3na\u00ed i gc\u00f3ir\u00edocht at\u00e1 go sonrach do mhic l\u00e9inn; tr\u00ed ghlacad\u00f3ir\u00ed agus iasacht\u00f3ir\u00ed a mbeidh seilbh glactha acu ar mhaoine a \u00e1ireamh sa mh\u00edni\u00fa ar thiarna tal\u00fan, tr\u00ed thr\u00e9imhs\u00ed f\u00f3gra a fhad\u00fa i leith tion\u00f3ntachta\u00ed nua a fhoirceannadh; tr\u00ed thion\u00f3ntachta\u00ed faoi Chuid 4 a dh\u00e9anamh de gach tion\u00f3ntacht os cionn dh\u00e1 mh\u00ed; tr\u00ed thion\u00f3ntachta\u00ed r\u00e9 \u00e9iginnte a dh\u00e9anamh de thion\u00f3ntachta\u00ed faoi Chuid 4; tr\u00ed dheireadh a chur le d\u00edol maoine mar fhoras le tion\u00f3ntacht a fhoirceannadh, tr\u00ed shocr\u00fa a dh\u00e9anamh maidir le c\u00faiteamh i gc\u00e1s go nd\u00e9anfar tion\u00f3ntacht a fhoirceannadh ar an bhforas go bhfuil an teaghais ag teast\u00e1il \u00f3n tiarna tal\u00fan n\u00f3 \u00f3 ghaol leis an tiarna tal\u00fan lena h\u00e1iti\u00fa acu f\u00e9in; tr\u00ed dheireadh a chur le hathch\u00f3iri\u00fa agus le hathfheisti\u00fa mar fhoras le tion\u00f3ntacht a fhoirceannadh; agus tr\u00ed thr\u00e9imhs\u00ed fh\u00f3gra a fhad\u00fa i leith c\u00edosanna nua agus i leith tion\u00f3ntachta\u00ed a fhoirceannadh.","method":"Introduced","methodURI":"https:\/\/data.oireachtas.ie\/ie\/oireachtas\/def\/bill-method\/introduced","mostRecentStage":{"event":{"chamber":{"chamberCode":"dail","showAs":"D\u00e1il \u00c9ireann","uri":"https:\/\/data.oireachtas.ie\/ie\/oireachtas\/def\/house\/dail"},"dates":[{"date":"2020-01-14"},{"date":"2020-09-17"},{"date":"2024-11-08"},{"date":"2025-05-01"}],"house":{"chamberCode":"dail","chamberType":"house","houseCode":"dail","houseNo":"32","showAs":"32nd D\u00e1il","uri":"https:\/\/data.oireachtas.ie\/ie\/oireachtas\/house\/dail\/32"},"progressStage":3,"showAs":"Committee Stage","stageCompleted":false,"stageOutcome":"Current","stageURI":"https:\/\/data.oireachtas.ie\/ie\/oireachtas\/def\/bill-stage\/3","uri":"https:\/\/data.oireachtas.ie\/ie\/oireachtas\/bill\/2018\/131\/stage\/dail\/3"}},"originHouse":{"showAs":"D\u00e1il \u00c9ireann","uri":"https:\/\/data.oireachtas.ie\/ie\/oireachtas\/def\/house\/dail"},"originHouseURI":"https:\/\/data.oireachtas.ie\/ie\/oireachtas\/def\/house\/dail","relatedDocs":[],"shortTitleEn":"Anti-Evictions Bill 2018","shortTitleGa":"An Bille i gcoinne D\u00edshealbhuithe, 2018","source":"Private Member","sourceURI":"https:\/\/data.oireachtas.ie\/ie\/oireachtas\/def\/bill-source\/private-member","sponsors":[{"sponsor":{"as":{"showAs":null,"uri":null},"by":{"showAs":"Ruth Coppinger","uri":"https:\/\/data.oireachtas.ie\/ie\/oireachtas\/member\/id\/Ruth-Coppinger.D.2014-05-23"},"isPrimary":true}},{"sponsor":{"as":{"showAs":null,"uri":null},"by":{"showAs":"Mick Barry","uri":"https:\/\/data.oireachtas.ie\/ie\/oireachtas\/member\/id\/Mick-Barry.D.2016-10-03"},"isPrimary":false}},{"sponsor":{"as":{"showAs":null,"uri":null},"by":{"showAs":"Paul Murphy","uri":"https:\/\/data.oireachtas.ie\/ie\/oireachtas\/member\/id\/Paul-Murphy.D.2014-10-10"},"isPrimary":false}}],"stages":[{"event":{"chamber":{"chamberCode":"dail","showAs":"D\u00e1il \u00c9ireann","uri":"https:\/\/data.oireachtas.ie\/ie\/oireachtas\/def\/house\/dail"},"dates":[{"date":"2018-11-29"},{"date":"2018-11-29"}],"house":{"chamberCode":"dail","chamberType":"house","houseCode":"dail","houseNo":"32","showAs":"32nd D\u00e1il","uri":"https:\/\/data.oireachtas.ie\/ie\/oireachtas\/house\/dail\/32"},"progressStage":1,"showAs":"First Stage","stageCompleted":true,"stageOutcome":null,"stageURI":"https:\/\/data.oireachtas.ie\/ie\/oireachtas\/def\/bill-stage\/1","uri":"https:\/\/data.oireachtas.ie\/ie\/oireachtas\/bill\/2018\/131\/stage\/dail\/1"}},{"event":{"chamber":{"chamberCode":"dail","showAs":"D\u00e1il \u00c9ireann","uri":"https:\/\/data.oireachtas.ie\/ie\/oireachtas\/def\/house\/dail"},"dates":[{"date":"2018-11-29"},{"date":"2018-11-29"}],"house":{"chamberCode":"dail","chamberType":"house","houseCode":"dail","houseNo":"32","showAs":"32nd D\u00e1il","uri":"https:\/\/data.oireachtas.ie\/ie\/oireachtas\/house\/dail\/32"},"progressStage":2,"showAs":"Second Stage","stageCompleted":true,"stageOutcome":null,"stageURI":"https:\/\/data.oireachtas.ie\/ie\/oireachtas\/def\/bill-stage\/2","uri":"https:\/\/data.oireachtas.ie\/ie\/oireachtas\/bill\/2018\/131\/stage\/dail\/2"}},{"event":{"chamber":{"chamberCode":"dail","showAs":"D\u00e1il \u00c9ireann","uri":"https:\/\/data.oireachtas.ie\/ie\/oireachtas\/def\/house\/dail"},"dates":[{"date":"2020-01-14"},{"date":"2020-09-17"},{"date":"2024-11-08"},{"date":"2025-05-01"}],"house":{"chamberCode":"dail","chamberType":"house","houseCode":"dail","houseNo":"32","showAs":"32nd D\u00e1il","uri":"https:\/\/data.oireachtas.ie\/ie\/oireachtas\/house\/dail\/32"},"progressStage":3,"showAs":"Committee Stage","stageCompleted":false,"stageOutcome":"Current","stageURI":"https:\/\/data.oireachtas.ie\/ie\/oireachtas\/def\/bill-stage\/3","uri":"https:\/\/data.oireachtas.ie\/ie\/oireachtas\/bill\/2018\/131\/stage\/dail\/3"}}],"status":"Current","statusURI":"https:\/\/data.oireachtas.ie\/ie\/oireachtas\/def\/bill-status\/published","uri":"https:\/\/data.oireachtas.ie\/ie\/oireachtas\/bill\/2018\/131","versions":[{"version":{"date":"2018-11-29","docType":"bill","formats":{"pdf":{"uri":"https:\/\/data.oireachtas.ie\/ie\/oireachtas\/bill\/2018\/131\/eng\/initiated\/b13118d.pdf"},"xml":null},"lang":"eng","showAs":"As Initiated","uri":"https:\/\/data.oireachtas.ie\/ie\/oireachtas\/bill\/2018\/131\/eng\/initiated"}}]},"billSort":{"actNoSort":null,"actShortTitleEnSort":null,"actShortTitleGaSort":null,"actYearSort":null,"billNoSort":131,"billShortTitleEnSort":"anti-evictions-bill-2018","billShortTitleGaSort":"an-bille-i-gcoinne-dishealbhuithe-2018","billYearSort":2018},"contextDate":"2025-05-01"},{"bill":{"act":null,"amendmentLists":[{"amendmentList":{"amendmentTypeUri":{"uri":"https:\/\/data.oireachtas.ie\/ie\/oireachtas\/def\/amendment-type\/numberedList"},"chamber":{"showAs":"Seanad","uri":"https:\/\/data.oireachtas.ie\/ie\/oireachtas\/def\/seanad"},"date":"2020-12-02","formats":{"pdf":{"uri":"https:\/\/data.oireachtas.ie\/ie\/oireachtas\/bill\/2018\/124\/seanad\/3\/amendment\/numberedList\/eng\/b12418s-scnl.pdf"},"xml":null},"showAs":"Numbered List [Seanad]","stage":{"showAs":"Committee Stage","uri":"https:\/\/data.oireachtas.ie\/ie\/oireachtas\/bill\/2018\/124\/seanad\/3"},"stageNo":"3"}}],"billNo":"124","billType":"Public","billTypeURI":"https:\/\/data.oireachtas.ie\/ie\/oireachtas\/def\/bill-type\/public","billYear":"2018","debates":[{"chamber":{"showAs":"Seanad \u00c9ireann","uri":"https:\/\/data.oireachtas.ie\/ie\/oireachtas\/def\/house\/seanad"},"date":"2021-03-26","debateSectionId":"dbsect_14","showAs":"Irish Nationality and Citizenship (Naturalisation of Minors Born in Ireland) Bill 2018: Committee Stage (Resumed)","uri":"https:\/\/data.oireachtas.ie\/akn\/ie\/debateRecord\/seanad\/2021-03-26\/debate\/main"},{"chamber":{"showAs":"Seanad \u00c9ireann","uri":"https:\/\/data.oireachtas.ie\/ie\/oireachtas\/def\/house\/seanad"},"date":"2020-12-02","debateSectionId":"dbsect_21","showAs":"Irish Nationality and Citizenship (Naturalisation of Minors Born in Ireland) Bill 2018: Committee Stage","uri":"https:\/\/data.oireachtas.ie\/akn\/ie\/debateRecord\/seanad\/2020-12-02\/debate\/main"},{"chamber":{"showAs":"Seanad \u00c9ireann","uri":"https:\/\/data.oireachtas.ie\/ie\/oireachtas\/def\/house\/seanad"},"date":"2018-11-21","debateSectionId":"dbsect_21","showAs":"Irish Nationality and Citizenship (Naturalisation of Minors Born in Ireland) Bill 2018: Second Stage","uri":"https:\/\/data.oireachtas.ie\/akn\/ie\/debateRecord\/seanad\/2018-11-21\/debate\/main"},{"chamber":{"showAs":"Seanad \u00c9ireann","uri":"https:\/\/data.oireachtas.ie\/ie\/oireachtas\/def\/house\/seanad"},"date":"2018-11-15","debateSectionId":"dbsect_9","showAs":"Irish Nationality and Citizenship (Naturalisation of Minors Born in Ireland) Bill 2018: First Stage","uri":"https:\/\/data.oireachtas.ie\/akn\/ie\/debateRecord\/seanad\/2018-11-15\/debate\/main"}],"events":[{"event":{"chamber":{"chamberCode":"seanad","showAs":"Seanad \u00c9ireann","uri":"https:\/\/data.oireachtas.ie\/ie\/oireachtas\/def\/house\/seanad"},"dates":[{"date":"2018-11-15"},{"date":"2020-03-27"},{"date":"2020-07-29"}],"eventURI":"https:\/\/data.oireachtas.ie\/ie\/oireachtas\/def\/bill-event\/published","showAs":"Published","uri":"https:\/\/data.oireachtas.ie\/ie\/oireachtas\/bill\/2018\/124\/published"}},{"event":{"chamber":{"chamberCode":"seanad","showAs":"Seanad \u00c9ireann","uri":"https:\/\/data.oireachtas.ie\/ie\/oireachtas\/def\/house\/seanad"},"dates":[{"date":"2025-01-29"}],"eventURI":"https:\/\/data.oireachtas.ie\/ie\/oireachtas\/def\/bill-event\/bill-lapsed","showAs":"Bill Lapsed","uri":"https:\/\/data.oireachtas.ie\/ie\/oireachtas\/bill\/2018\/124\/bill-lapsed"}}],"lastUpdated":"2025-01-30T11:17:37.160000+00:00","longTitleEn":"Bill entitled an Act to amend the law in relation to applications for a certificate of naturalisation by minors born in the island of Ireland; and to provide for related matters.","longTitleGa":"Bille d\u00e1 ngairtear Acht do leas\u00fa an dl\u00ed i nd\u00e1il le hiarratais ar dheimhni\u00fa ead\u00f3irseachta \u00f3 mhionaoisigh a rugadh in oile\u00e1n na h\u00c9ireann; agus do dh\u00e9anamh socr\u00fa i dtaobh nithe gaolmhara","method":"Introduced","methodURI":"https:\/\/data.oireachtas.ie\/ie\/oireachtas\/def\/bill-method\/introduced","mostRecentStage":{"event":{"chamber":{"chamberCode":"seanad","showAs":"Seanad \u00c9ireann","uri":"https:\/\/data.oireachtas.ie\/ie\/oireachtas\/def\/house\/seanad"},"dates":[{"date":"2018-11-15"}],"house":{"chamberCode":"seanad","chamberType":"house","houseCode":"seanad","houseNo":"25","showAs":"25th Seanad","uri":"https:\/\/data.oireachtas.ie\/ie\/oireachtas\/house\/seanad\/25"},"progressStage":2,"showAs":"Second Stage","stageCompleted":true,"stageOutcome":null,"stageURI":"https:\/\/data.oireachtas.ie\/ie\/oireachtas\/def\/bill-stage\/2","uri":"https:\/\/data.oireachtas.ie\/ie\/oireachtas\/bill\/2018\/124\/stage\/seanad\/2"}},"originHouse":{"showAs":"Seanad \u00c9ireann","uri":"https:\/\/data.oireachtas.ie\/ie\/oireachtas\/def\/house\/seanad"},"originHouseURI":"https:\/\/data.oireachtas.ie\/ie\/oireachtas\/def\/house\/seanad","relatedDocs":[],"shortTitleEn":"Irish Nationality and Citizenship (Naturalisation of Minors Born in Ireland) Bill 2018","shortTitleGa":"Bille N\u00e1isi\u00fantachta agus Saor\u00e1nachta \u00c9ireann (Ead\u00f3irsi\u00fa Mionaoiseach a Rugadh in \u00c9irinn), 2018","source":"Private Member","sourceURI":"https:\/\/data.oireachtas.ie\/ie\/oireachtas\/def\/bill-source\/private-member","sponsors":[{"sponsor":{"as":{"showAs":null,"uri":null},"by":{"showAs":"Ged Nash","uri":"https:\/\/data.oireachtas.ie\/ie\/oireachtas\/member\/id\/Gerald-Nash.D.2011-03-09"},"isPrimary":false}},{"sponsor":{"as":{"showAs":null,"uri":null},"by":{"showAs":"Aodh\u00e1n \u00d3 R\u00edord\u00e1in","uri":"https:\/\/data.oireachtas.ie\/ie\/oireachtas\/member\/id\/Aodh\u00e1n-\u00d3-R\u00edord\u00e1in.D.2011-03-09"},"isPrimary":false}},{"sponsor":{"as":{"showAs":null,"uri":null},"by":{"showAs":"Ivana Bacik","uri":"https:\/\/data.oireachtas.ie\/ie\/oireachtas\/member\/id\/Ivana-Bacik.S.2007-07-23"},"isPrimary":true}},{"sponsor":{"as":{"showAs":null,"uri":null},"by":{"showAs":"Kevin Humphreys","uri":"https:\/\/data.oireachtas.ie\/ie\/oireachtas\/member\/id\/Kevin-Humphreys.D.2011-03-09"},"isPrimary":false}}],"stages":[{"event":{"chamber":{"chamberCode":"seanad","showAs":"Seanad \u00c9ireann","uri":"https:\/\/data.oireachtas.ie\/ie\/oireachtas\/def\/house\/seanad"},"dates":[{"date":"2018-11-15"},{"date":"2018-11-15"}],"house":{"chamberCode":"seanad","chamberType":"house","houseCode":"seanad","houseNo":"25","showAs":"25th Seanad","uri":"https:\/\/data.oireachtas.ie\/ie\/oireachtas\/house\/seanad\/25"},"progressStage":1,"showAs":"First Stage","stageCompleted":true,"stageOutcome":null,"stageURI":"https:\/\/data.oireachtas.ie\/ie\/oireachtas\/def\/bill-stage\/1","uri":"https:\/\/data.oireachtas.ie\/ie\/oireachtas\/bill\/2018\/124\/stage\/seanad\/1"}},{"event":{"chamber":{"chamberCode":"seanad","showAs":"Seanad \u00c9ireann","uri":"https:\/\/data.oireachtas.ie\/ie\/oireachtas\/def\/house\/seanad"},"dates":[{"date":"2018-11-15"}],"house":{"chamberCode":"seanad","chamberType":"house","houseCode":"seanad","houseNo":"25","showAs":"25th Seanad","uri":"https:\/\/data.oireachtas.ie\/ie\/oireachtas\/house\/seanad\/25"},"progressStage":2,"showAs":"Second Stage","stageCompleted":true,"stageOutcome":null,"stageURI":"https:\/\/data.oireachtas.ie\/ie\/oireachtas\/def\/bill-stage\/2","uri":"https:\/\/data.oireachtas.ie\/ie\/oireachtas\/bill\/2018\/124\/stage\/seanad\/2"}}],"status":"Lapsed","statusURI":"https:\/\/data.oireachtas.ie\/ie\/oireachtas\/def\/bill-status\/lapsed","uri":"https:\/\/data.oireachtas.ie\/ie\/oireachtas\/bill\/2018\/124","versions":[{"version":{"date":"2018-11-15","docType":"bill","formats":{"pdf":{"uri":"https:\/\/data.oireachtas.ie\/ie\/oireachtas\/bill\/2018\/124\/eng\/initiated\/b12418s.pdf"},"xml":null},"lang":"eng","showAs":"As Initiated","uri":"https:\/\/data.oireachtas.ie\/ie\/oireachtas\/bill\/2018\/124\/eng\/initiated"}}]},"billSort":{"actNoSort":null,"actShortTitleEnSort":null,"actShortTitleGaSort":null,"actYearSort":null,"billNoSort":124,"billShortTitleEnSort":"irish-nationality-and-citizenship-naturalisation-of-minors-born-in-ireland-bill-2018","billShortTitleGaSort":"bille-naisiuntachta-agus-saoranachta-eireann-eadoirsiu-mionaoiseach-a-rugadh-in-eirinn-2018","billYearSort":2018},"contextDate":"2018-11-15"},{"bill":{"act":null,"amendmentLists":[],"billNo":"115","billType":"Public","billTypeURI":"https:\/\/data.oireachtas.ie\/ie\/oireachtas\/def\/bill-type\/public","billYear":"2018","debates":[{"chamber":{"showAs":"Seanad \u00c9ireann","uri":"https:\/\/data.oireachtas.ie\/ie\/oireachtas\/def\/house\/seanad"},"date":"2019-05-29","debateSectionId":"dbsect_8","showAs":"Farm Safety Agency Bill 2018: Second Stage","uri":"https:\/\/data.oireachtas.ie\/akn\/ie\/debateRecord\/seanad\/2019-05-29\/debate\/main"},{"chamber":{"showAs":"Seanad \u00c9ireann","uri":"https:\/\/data.oireachtas.ie\/ie\/oireachtas\/def\/house\/seanad"},"date":"2018-10-24","debateSectionId":"dbsect_9","showAs":"Farm Safety Agency Bill 2018: First Stage","uri":"https:\/\/data.oireachtas.ie\/akn\/ie\/debateRecord\/seanad\/2018-10-24\/debate\/main"}],"events":[{"event":{"chamber":{"chamberCode":"seanad","showAs":"Seanad \u00c9ireann","uri":"https:\/\/data.oireachtas.ie\/ie\/oireachtas\/def\/house\/seanad"},"dates":[{"date":"2018-10-24"},{"date":"2020-03-27"},{"date":"2020-07-29"},{"date":"2025-03-04"}],"eventURI":"https:\/\/data.oireachtas.ie\/ie\/oireachtas\/def\/bill-event\/published","showAs":"Published","uri":"https:\/\/data.oireachtas.ie\/ie\/oireachtas\/bill\/2018\/115\/published"}},{"event":{"chamber":{"chamberCode":"seanad","showAs":"Seanad \u00c9ireann","uri":"https:\/\/data.oireachtas.ie\/ie\/oireachtas\/def\/house\/seanad"},"dates":[{"date":"2025-01-29"}],"eventURI":"https:\/\/data.oireachtas.ie\/ie\/oireachtas\/def\/bill-event\/bill-lapsed","showAs":"Bill Lapsed","uri":"https:\/\/data.oireachtas.ie\/ie\/oireachtas\/bill\/2018\/115\/bill-lapsed"}}],"lastUpdated":"2025-03-05T09:53:16.920000+00:00","longTitleEn":"Bill entitled an Act to provide for the establishment of a body to be known as an Ghn\u00edomhaireacht um Sh\u00e1bh\u00e1ilteacht Feirme or in the English language as the Farm Safety Agency; to define its functions and its role within the Health and Safety Authority and for those purposes to amend the Safety, Health and Welfare at Work Act 2005; and to provide for related matters.","longTitleGa":"Bille d\u00e1 ngairtear Acht do dh\u00e9anamh socr\u00fa maidir le comhlacht a bhun\u00fa ar a dtabharfar an Ghn\u00edomhaireacht um Sh\u00e1bh\u00e1ilteacht Feirme n\u00f3, sa Bh\u00e9arla, the Farm Safety Agency; do mh\u00edni\u00fa a fheidhmeanna agus a r\u00f3il laistigh den \u00dadar\u00e1s Sl\u00e1inte agus S\u00e1bh\u00e1ilteachta agus, chun na gcr\u00edoch sin, do leas\u00fa an Achta um Sh\u00e1bh\u00e1ilteacht, Sl\u00e1inte agus Leas ag an Obair, 2005; agus do dh\u00e9anamh socr\u00fa i dtaobh nithe gaolmhara.","method":"Introduced","methodURI":"https:\/\/data.oireachtas.ie\/ie\/oireachtas\/def\/bill-method\/introduced","mostRecentStage":{"event":{"chamber":{"chamberCode":"seanad","showAs":"Seanad \u00c9ireann","uri":"https:\/\/data.oireachtas.ie\/ie\/oireachtas\/def\/house\/seanad"},"dates":[{"date":"2019-05-29"},{"date":"2019-05-29"},{"date":"2019-05-29"},{"date":"2019-05-29"},{"date":"2020-03-27"},{"date":"2020-07-29"},{"date":"2025-01-29"},{"date":"2025-03-04"}],"house":{"chamberCode":"seanad","chamberType":"house","houseCode":"seanad","houseNo":"25","showAs":"25th Seanad","uri":"https:\/\/data.oireachtas.ie\/ie\/oireachtas\/house\/seanad\/25"},"progressStage":3,"showAs":"Committee Stage","stageCompleted":false,"stageOutcome":"Current","stageURI":"https:\/\/data.oireachtas.ie\/ie\/oireachtas\/def\/bill-stage\/3","uri":"https:\/\/data.oireachtas.ie\/ie\/oireachtas\/bill\/2018\/115\/stage\/seanad\/3"}},"originHouse":{"showAs":"Seanad \u00c9ireann","uri":"https:\/\/data.oireachtas.ie\/ie\/oireachtas\/def\/house\/seanad"},"originHouseURI":"https:\/\/data.oireachtas.ie\/ie\/oireachtas\/def\/house\/seanad","relatedDocs":[],"shortTitleEn":"Farm Safety Agency Bill 2018","shortTitleGa":"An Bille f\u00e1n nGn\u00edomhaireacht um Sh\u00e1bh\u00e1ilteacht Feirme, 2018","source":"Private Member","sourceURI":"https:\/\/data.oireachtas.ie\/ie\/oireachtas\/def\/bill-source\/private-member","sponsors":[{"sponsor":{"as":{"showAs":null,"uri":null},"by":{"showAs":"Paul Daly","uri":"https:\/\/data.oireachtas.ie\/ie\/oireachtas\/member\/id\/Paul-Daly.S.2016-04-25"},"isPrimary":true}},{"sponsor":{"as":{"showAs":null,"uri":null},"by":{"showAs":"Robbie Gallagher","uri":"https:\/\/data.oireachtas.ie\/ie\/oireachtas\/member\/id\/Robbie-Gallagher.S.2016-04-25"},"isPrimary":false}},{"sponsor":{"as":{"showAs":null,"uri":null},"by":{"showAs":"Diarmuid Wilson","uri":"https:\/\/data.oireachtas.ie\/ie\/oireachtas\/member\/id\/Diarmuid-Wilson.S.2002-09-12"},"isPrimary":false}}],"stages":[{"event":{"chamber":{"chamberCode":"seanad","showAs":"Seanad \u00c9ireann","uri":"https:\/\/data.oireachtas.ie\/ie\/oireachtas\/def\/house\/seanad"},"dates":[{"date":"2018-10-24"},{"date":"2018-10-24"}],"house":{"chamberCode":"seanad","chamberType":"house","houseCode":"seanad","houseNo":"25","showAs":"25th Seanad","uri":"https:\/\/data.oireachtas.ie\/ie\/oireachtas\/house\/seanad\/25"},"progressStage":1,"showAs":"First Stage","stageCompleted":true,"stageOutcome":null,"stageURI":"https:\/\/data.oireachtas.ie\/ie\/oireachtas\/def\/bill-stage\/1","uri":"https:\/\/data.oireachtas.ie\/ie\/oireachtas\/bill\/2018\/115\/stage\/seanad\/1"}},{"event":{"chamber":{"chamberCode":"seanad","showAs":"Seanad \u00c9ireann","uri":"https:\/\/data.oireachtas.ie\/ie\/oireachtas\/def\/house\/seanad"},"dates":[{"date":"2018-10-24"}],"house":{"chamberCode":"seanad","chamberType":"house","houseCode":"seanad","houseNo":"25","showAs":"25th Seanad","uri":"https:\/\/data.oireachtas.ie\/ie\/oireachtas\/house\/seanad\/25"},"progressStage":2,"showAs":"Second Stage","stageCompleted":true,"stageOutcome":null,"stageURI":"https:\/\/data.oireachtas.ie\/ie\/oireachtas\/def\/bill-stage\/2","uri":"https:\/\/data.oireachtas.ie\/ie\/oireachtas\/bill\/2018\/115\/stage\/seanad\/2"}},{"event":{"chamber":{"chamberCode":"seanad","showAs":"Seanad \u00c9ireann","uri":"https:\/\/data.oireachtas.ie\/ie\/oireachtas\/def\/house\/seanad"},"dates":[{"date":"2019-05-29"},{"date":"2019-05-29"},{"date":"2019-05-29"},{"date":"2019-05-29"},{"date":"2020-03-27"},{"date":"2020-07-29"},{"date":"2025-01-29"},{"date":"2025-03-04"}],"house":{"chamberCode":"seanad","chamberType":"house","houseCode":"seanad","houseNo":"25","showAs":"25th Seanad","uri":"https:\/\/data.oireachtas.ie\/ie\/oireachtas\/house\/seanad\/25"},"progressStage":3,"showAs":"Committee Stage","stageCompleted":false,"stageOutcome":"Current","stageURI":"https:\/\/data.oireachtas.ie\/ie\/oireachtas\/def\/bill-stage\/3","uri":"https:\/\/data.oireachtas.ie\/ie\/oireachtas\/bill\/2018\/115\/stage\/seanad\/3"}}],"status":"Current","statusURI":"https:\/\/data.oireachtas.ie\/ie\/oireachtas\/def\/bill-status\/published","uri":"https:\/\/data.oireachtas.ie\/ie\/oireachtas\/bill\/2018\/115","versions":[{"version":{"date":"2018-10-24","docType":"bill","formats":{"pdf":{"uri":"https:\/\/data.oireachtas.ie\/ie\/oireachtas\/bill\/2018\/115\/eng\/initiated\/b11518s.pdf"},"xml":null},"lang":"eng","showAs":"As Initiated","uri":"https:\/\/data.oireachtas.ie\/ie\/oireachtas\/bill\/2018\/115\/eng\/initiated"}}]},"billSort":{"actNoSort":null,"actShortTitleEnSort":null,"actShortTitleGaSort":null,"actYearSort":null,"billNoSort":115,"billShortTitleEnSort":"farm-safety-agency-bill-2018","billShortTitleGaSort":"an-bille-fan-ngniomhaireacht-um-shabhailteacht-feirme-2018","billYearSort":2018},"contextDate":"2025-03-04"},{"bill":{"act":null,"amendmentLists":[],"billNo":"74","billType":"Public","billTypeURI":"https:\/\/data.oireachtas.ie\/ie\/oireachtas\/def\/bill-type\/public","billYear":"2018","debates":[{"chamber":{"showAs":"D\u00e1il \u00c9ireann","uri":"https:\/\/data.oireachtas.ie\/ie\/oireachtas\/def\/house\/dail"},"date":"2018-09-27","debateSectionId":"dbsect_31","showAs":"Local Government (Restoration of Town Councils) Bill 2018: Second Stage (Resumed) [Private Members]","uri":"https:\/\/data.oireachtas.ie\/akn\/ie\/debateRecord\/dail\/2018-09-27\/debate\/main"},{"chamber":{"showAs":"D\u00e1il \u00c9ireann","uri":"https:\/\/data.oireachtas.ie\/ie\/oireachtas\/def\/house\/dail"},"date":"2018-09-27","debateSectionId":"dbsect_36","showAs":"Local Government (Restoration of Town Councils) Bill 2018: Referral to Select Committee [Private Members]","uri":"https:\/\/data.oireachtas.ie\/akn\/ie\/debateRecord\/dail\/2018-09-27\/debate\/main"},{"chamber":{"showAs":"D\u00e1il \u00c9ireann","uri":"https:\/\/data.oireachtas.ie\/ie\/oireachtas\/def\/house\/dail"},"date":"2018-09-26","debateSectionId":"dbsect_27","showAs":"Local Government (Restoration of Town Councils) Bill 2018: Second Stage [Private Members]","uri":"https:\/\/data.oireachtas.ie\/akn\/ie\/debateRecord\/dail\/2018-09-26\/debate\/main"},{"chamber":{"showAs":"D\u00e1il \u00c9ireann","uri":"https:\/\/data.oireachtas.ie\/ie\/oireachtas\/def\/house\/dail"},"date":"2018-07-05","debateSectionId":"dbsect_20","showAs":"Local Government (Restoration of Town Councils) Bill 2018: First Stage","uri":"https:\/\/data.oireachtas.ie\/akn\/ie\/debateRecord\/dail\/2018-07-05\/debate\/main"}],"events":[{"event":{"chamber":{"chamberCode":"dail","showAs":"D\u00e1il \u00c9ireann","uri":"https:\/\/data.oireachtas.ie\/ie\/oireachtas\/def\/house\/dail"},"dates":[{"date":"2018-07-06"},{"date":"2020-09-17"},{"date":"2025-05-01"}],"eventURI":"https:\/\/data.oireachtas.ie\/ie\/oireachtas\/def\/bill-event\/published","showAs":"Published","uri":"https:\/\/data.oireachtas.ie\/ie\/oireachtas\/bill\/2018\/74\/published"}},{"event":{"chamber":{"chamberCode":"dail","showAs":"D\u00e1il \u00c9ireann","uri":"https:\/\/data.oireachtas.ie\/ie\/oireachtas\/def\/house\/dail"},"dates":[{"date":"2020-01-14"},{"date":"2024-11-08"}],"eventURI":"https:\/\/data.oireachtas.ie\/ie\/oireachtas\/def\/bill-event\/bill-lapsed","showAs":"Bill Lapsed","uri":"https:\/\/data.oireachtas.ie\/ie\/oireachtas\/bill\/2018\/74\/bill-lapsed"}}],"lastUpdated":"2025-05-02T11:55:13.840000+00:00","longTitleEn":"Bill entitled an Act to restore town councils for the purposes of local government, and to provide for related matters.","longTitleGa":"Bille d\u00e1 ngairtear Acht d'aisiri\u00fa comhairl\u00ed baile chun cr\u00edocha rialtas \u00e1iti\u00fail, agus do dh\u00e9anamh socr\u00fa i dtaobh nithe gaolmhara.","method":"Introduced","methodURI":"https:\/\/data.oireachtas.ie\/ie\/oireachtas\/def\/bill-method\/introduced","mostRecentStage":{"event":{"chamber":{"chamberCode":"dail","showAs":"D\u00e1il \u00c9ireann","uri":"https:\/\/data.oireachtas.ie\/ie\/oireachtas\/def\/house\/dail"},"dates":[{"date":"2020-01-14"},{"date":"2020-09-17"},{"date":"2024-11-08"},{"date":"2025-05-01"}],"house":{"chamberCode":"dail","chamberType":"house","houseCode":"dail","houseNo":"32","showAs":"32nd D\u00e1il","uri":"https:\/\/data.oireachtas.ie\/ie\/oireachtas\/house\/dail\/32"},"progressStage":3,"showAs":"Committee Stage","stageCompleted":false,"stageOutcome":"Current","stageURI":"https:\/\/data.oireachtas.ie\/ie\/oireachtas\/def\/bill-stage\/3","uri":"https:\/\/data.oireachtas.ie\/ie\/oireachtas\/bill\/2018\/74\/stage\/dail\/3"}},"originHouse":{"showAs":"D\u00e1il \u00c9ireann","uri":"https:\/\/data.oireachtas.ie\/ie\/oireachtas\/def\/house\/dail"},"originHouseURI":"https:\/\/data.oireachtas.ie\/ie\/oireachtas\/def\/house\/dail","relatedDocs":[{"relatedDoc":{"date":"2018-07-06","docType":"memo","formats":{"pdf":{"uri":"https:\/\/data.oireachtas.ie\/ie\/oireachtas\/bill\/2018\/74\/eng\/memo\/b7418d-memo.pdf"},"xml":null},"lang":"eng","showAs":"Explanatory Memorandum","uri":"https:\/\/data.oireachtas.ie\/ie\/oireachtas\/bill\/2018\/74\/eng\/memo"}}],"shortTitleEn":"Local Government (Restoration of Town Councils) Bill 2018","shortTitleGa":"An Bille Rialtais \u00c1iti\u00fail (Comhairl\u00ed Baile a Aisiri\u00fa), 2018","source":"Private Member","sourceURI":"https:\/\/data.oireachtas.ie\/ie\/oireachtas\/def\/bill-source\/private-member","sponsors":[{"sponsor":{"as":{"showAs":null,"uri":null},"by":{"showAs":"Brendan Howlin","uri":"https:\/\/data.oireachtas.ie\/ie\/oireachtas\/member\/id\/Brendan-Howlin.S.1983-02-23"},"isPrimary":true}}],"stages":[{"event":{"chamber":{"chamberCode":"dail","showAs":"D\u00e1il \u00c9ireann","uri":"https:\/\/data.oireachtas.ie\/ie\/oireachtas\/def\/house\/dail"},"dates":[{"date":"2018-07-05"},{"date":"2018-07-06"}],"house":{"chamberCode":"dail","chamberType":"house","houseCode":"dail","houseNo":"32","showAs":"32nd D\u00e1il","uri":"https:\/\/data.oireachtas.ie\/ie\/oireachtas\/house\/dail\/32"},"progressStage":1,"showAs":"First Stage","stageCompleted":true,"stageOutcome":null,"stageURI":"https:\/\/data.oireachtas.ie\/ie\/oireachtas\/def\/bill-stage\/1","uri":"https:\/\/data.oireachtas.ie\/ie\/oireachtas\/bill\/2018\/74\/stage\/dail\/1"}},{"event":{"chamber":{"chamberCode":"dail","showAs":"D\u00e1il \u00c9ireann","uri":"https:\/\/data.oireachtas.ie\/ie\/oireachtas\/def\/house\/dail"},"dates":[{"date":"2018-07-05"},{"date":"2018-07-05"}],"house":{"chamberCode":"dail","chamberType":"house","houseCode":"dail","houseNo":"32","showAs":"32nd D\u00e1il","uri":"https:\/\/data.oireachtas.ie\/ie\/oireachtas\/house\/dail\/32"},"progressStage":2,"showAs":"Second Stage","stageCompleted":true,"stageOutcome":null,"stageURI":"https:\/\/data.oireachtas.ie\/ie\/oireachtas\/def\/bill-stage\/2","uri":"https:\/\/data.oireachtas.ie\/ie\/oireachtas\/bill\/2018\/74\/stage\/dail\/2"}},{"event":{"chamber":{"chamberCode":"dail","showAs":"D\u00e1il \u00c9ireann","uri":"https:\/\/data.oireachtas.ie\/ie\/oireachtas\/def\/house\/dail"},"dates":[{"date":"2020-01-14"},{"date":"2020-09-17"},{"date":"2024-11-08"},{"date":"2025-05-01"}],"house":{"chamberCode":"dail","chamberType":"house","houseCode":"dail","houseNo":"32","showAs":"32nd D\u00e1il","uri":"https:\/\/data.oireachtas.ie\/ie\/oireachtas\/house\/dail\/32"},"progressStage":3,"showAs":"Committee Stage","stageCompleted":false,"stageOutcome":"Current","stageURI":"https:\/\/data.oireachtas.ie\/ie\/oireachtas\/def\/bill-stage\/3","uri":"https:\/\/data.oireachtas.ie\/ie\/oireachtas\/bill\/2018\/74\/stage\/dail\/3"}}],"status":"Current","statusURI":"https:\/\/data.oireachtas.ie\/ie\/oireachtas\/def\/bill-status\/published","uri":"https:\/\/data.oireachtas.ie\/ie\/oireachtas\/bill\/2018\/74","versions":[{"version":{"date":"2018-07-06","docType":"bill","formats":{"pdf":{"uri":"https:\/\/data.oireachtas.ie\/ie\/oireachtas\/bill\/2018\/74\/eng\/initiated\/b7418d.pdf"},"xml":null},"lang":"eng","showAs":"As Initiated","uri":"https:\/\/data.oireachtas.ie\/ie\/oireachtas\/bill\/2018\/74\/eng\/initiated"}}]},"billSort":{"actNoSort":null,"actShortTitleEnSort":null,"actShortTitleGaSort":null,"actYearSort":null,"billNoSort":74,"billShortTitleEnSort":"local-government-restoration-of-town-councils-bill-2018","billShortTitleGaSort":"an-bille-rialtais-aitiuil-comhairli-baile-a-aisiriu-2018","billYearSort":2018},"contextDate":"2025-05-01"},{"bill":{"act":null,"amendmentLists":[{"amendmentList":{"amendmentTypeUri":{"uri":"https:\/\/data.oireachtas.ie\/ie\/oireachtas\/def\/amendment-type\/numberedList"},"chamber":{"showAs":"Seanad","uri":"https:\/\/data.oireachtas.ie\/ie\/oireachtas\/def\/seanad"},"date":"2019-10-16","formats":{"pdf":{"uri":"https:\/\/data.oireachtas.ie\/ie\/oireachtas\/bill\/2018\/71\/seanad\/4\/amendment\/numberedList\/eng\/b71a18s-srn.pdf"},"xml":null},"showAs":"Numbered List [Seanad]","stage":{"showAs":"Report Stage","uri":"https:\/\/data.oireachtas.ie\/ie\/oireachtas\/bill\/2018\/71\/seanad\/4"},"stageNo":"4"}},{"amendmentList":{"amendmentTypeUri":{"uri":"https:\/\/data.oireachtas.ie\/ie\/oireachtas\/def\/amendment-type\/numberedList"},"chamber":{"showAs":"Seanad","uri":"https:\/\/data.oireachtas.ie\/ie\/oireachtas\/def\/seanad"},"date":"2018-10-17","formats":{"pdf":{"uri":"https:\/\/data.oireachtas.ie\/ie\/oireachtas\/bill\/2018\/71\/seanad\/3\/amendment\/numberedList\/eng\/nl-b7118s.pdf"},"xml":null},"showAs":"Numbered List [Seanad]","stage":{"showAs":"Committee Stage","uri":"https:\/\/data.oireachtas.ie\/ie\/oireachtas\/bill\/2018\/71\/seanad\/3"},"stageNo":"3"}}],"billNo":"71","billType":"Public","billTypeURI":"https:\/\/data.oireachtas.ie\/ie\/oireachtas\/def\/bill-type\/public","billYear":"2018","debates":[{"chamber":{"showAs":"D\u00e1il \u00c9ireann","uri":"https:\/\/data.oireachtas.ie\/ie\/oireachtas\/def\/house\/dail"},"date":"2022-10-06","debateSectionId":"dbsect_27","showAs":"Traveller Culture and History in Education Bill 2018 [Seanad]: Referral to Select Committee [Private Members]","uri":"https:\/\/data.oireachtas.ie\/akn\/ie\/debateRecord\/dail\/2022-10-06\/debate\/main"},{"chamber":{"showAs":"D\u00e1il \u00c9ireann","uri":"https:\/\/data.oireachtas.ie\/ie\/oireachtas\/def\/house\/dail"},"date":"2021-07-01","debateSectionId":"dbsect_40","showAs":"Traveller Culture and History in Education Bill 2018 [Seanad]: Second Stage [Private Members]","uri":"https:\/\/data.oireachtas.ie\/akn\/ie\/debateRecord\/dail\/2021-07-01\/debate\/main"},{"chamber":{"showAs":"Seanad \u00c9ireann","uri":"https:\/\/data.oireachtas.ie\/ie\/oireachtas\/def\/house\/seanad"},"date":"2019-10-16","debateSectionId":"dbsect_13","showAs":"Traveller Culture and History in Education Bill 2018: Report and Final Stages","uri":"https:\/\/data.oireachtas.ie\/akn\/ie\/debateRecord\/seanad\/2019-10-16\/debate\/main"},{"chamber":{"showAs":"Seanad \u00c9ireann","uri":"https:\/\/data.oireachtas.ie\/ie\/oireachtas\/def\/house\/seanad"},"date":"2018-10-17","debateSectionId":"dbsect_15","showAs":"Traveller Culture and History in Education Bill 2018: Committee Stage","uri":"https:\/\/data.oireachtas.ie\/akn\/ie\/debateRecord\/seanad\/2018-10-17\/debate\/main"},{"chamber":{"showAs":"Seanad \u00c9ireann","uri":"https:\/\/data.oireachtas.ie\/ie\/oireachtas\/def\/house\/seanad"},"date":"2018-07-11","debateSectionId":"dbsect_10","showAs":"Traveller Culture and History in Education Bill 2018: Second Stage","uri":"https:\/\/data.oireachtas.ie\/akn\/ie\/debateRecord\/seanad\/2018-07-11\/debate\/main"},{"chamber":{"showAs":"Seanad \u00c9ireann","uri":"https:\/\/data.oireachtas.ie\/ie\/oireachtas\/def\/house\/seanad"},"date":"2018-07-11","debateSectionId":"dbsect_12","showAs":"Traveller Culture and History in Education Bill 2018: Second Stage (Resumed)","uri":"https:\/\/data.oireachtas.ie\/akn\/ie\/debateRecord\/seanad\/2018-07-11\/debate\/main"},{"chamber":{"showAs":"Seanad \u00c9ireann","uri":"https:\/\/data.oireachtas.ie\/ie\/oireachtas\/def\/house\/seanad"},"date":"2018-07-03","debateSectionId":"dbsect_15","showAs":"Traveller Culture and History in Education Bill 2018: First Stage","uri":"https:\/\/data.oireachtas.ie\/akn\/ie\/debateRecord\/seanad\/2018-07-03\/debate\/main"}],"events":[{"event":{"chamber":{"chamberCode":"seanad","showAs":"Seanad \u00c9ireann","uri":"https:\/\/data.oireachtas.ie\/ie\/oireachtas\/def\/house\/seanad"},"dates":[{"date":"2018-07-03"},{"date":"2020-01-14"},{"date":"2020-09-17"},{"date":"2025-05-01"}],"eventURI":"https:\/\/data.oireachtas.ie\/ie\/oireachtas\/def\/bill-event\/published","showAs":"Published","uri":"https:\/\/data.oireachtas.ie\/ie\/oireachtas\/bill\/2018\/71\/published"}},{"event":{"chamber":{"chamberCode":"dail","showAs":"D\u00e1il \u00c9ireann","uri":"https:\/\/data.oireachtas.ie\/ie\/oireachtas\/def\/house\/dail"},"dates":[{"date":"2024-11-08"}],"eventURI":"https:\/\/data.oireachtas.ie\/ie\/oireachtas\/def\/bill-event\/bill-lapsed","showAs":"Bill Lapsed","uri":"https:\/\/data.oireachtas.ie\/ie\/oireachtas\/bill\/2018\/71\/bill-lapsed"}}],"lastUpdated":"2025-05-02T13:46:47.740000+00:00","longTitleEn":"<p>Bill entitled an Act to provide for recognised schools to promote a knowledge and understanding of the culture and history of the Traveller community; for that purpose to amend the Education Act 1998; and to provide for related matters.<\/p>\n","longTitleGa":"<p>Bille d\u00e1 ngairtear Acht do dh\u00e9anamh socr\u00fa maidir le scoileanna aitheanta chun eolas agus tuiscint ar chult\u00far agus stair phobal an Lucht Si\u00fail a chur chun cinn; chun na cr\u00edche sin, do leas\u00fa an Achta Oideachais, 1998; agus do dh\u00e9anamh socr\u00fa i dtaobh nithe gaolmhara.<\/p>\n","method":"Introduced","methodURI":"https:\/\/data.oireachtas.ie\/ie\/oireachtas\/def\/bill-method\/introduced","mostRecentStage":{"event":{"chamber":{"chamberCode":"dail","showAs":"D\u00e1il \u00c9ireann","uri":"https:\/\/data.oireachtas.ie\/ie\/oireachtas\/def\/house\/dail"},"dates":[{"date":"2024-11-08"},{"date":"2025-05-01"}],"house":{"chamberCode":"dail","chamberType":"house","houseCode":"dail","houseNo":"33","showAs":"33rd D\u00e1il","uri":"https:\/\/data.oireachtas.ie\/ie\/oireachtas\/house\/dail\/33"},"progressStage":7,"showAs":"Committee Stage","stageCompleted":false,"stageOutcome":"Current","stageURI":"https:\/\/data.oireachtas.ie\/ie\/oireachtas\/def\/bill-stage\/3","uri":"https:\/\/data.oireachtas.ie\/ie\/oireachtas\/bill\/2018\/71\/stage\/dail\/3"}},"originHouse":{"showAs":"Seanad \u00c9ireann","uri":"https:\/\/data.oireachtas.ie\/ie\/oireachtas\/def\/house\/seanad"},"originHouseURI":"https:\/\/data.oireachtas.ie\/ie\/oireachtas\/def\/house\/seanad","relatedDocs":[],"shortTitleEn":"Traveller Culture and History in Education Bill 2018","shortTitleGa":"An Bille um Chult\u00far agus Stair an Lucht Si\u00fail san Oideachas, 2018","source":"Private Member","sourceURI":"https:\/\/data.oireachtas.ie\/ie\/oireachtas\/def\/bill-source\/private-member","sponsors":[{"sponsor":{"as":{"showAs":null,"uri":null},"by":{"showAs":"Colette Kelleher","uri":"https:\/\/data.oireachtas.ie\/ie\/oireachtas\/member\/id\/Colette-Kelleher.S.2016-04-25"},"isPrimary":true}}],"stages":[{"event":{"chamber":{"chamberCode":"seanad","showAs":"Seanad \u00c9ireann","uri":"https:\/\/data.oireachtas.ie\/ie\/oireachtas\/def\/house\/seanad"},"dates":[{"date":"2018-07-03"},{"date":"2018-07-03"}],"house":{"chamberCode":"seanad","chamberType":"house","houseCode":"seanad","houseNo":"25","showAs":"25th Seanad","uri":"https:\/\/data.oireachtas.ie\/ie\/oireachtas\/house\/seanad\/25"},"progressStage":1,"showAs":"First Stage","stageCompleted":true,"stageOutcome":null,"stageURI":"https:\/\/data.oireachtas.ie\/ie\/oireachtas\/def\/bill-stage\/1","uri":"https:\/\/data.oireachtas.ie\/ie\/oireachtas\/bill\/2018\/71\/stage\/seanad\/1"}},{"event":{"chamber":{"chamberCode":"seanad","showAs":"Seanad \u00c9ireann","uri":"https:\/\/data.oireachtas.ie\/ie\/oireachtas\/def\/house\/seanad"},"dates":[{"date":"2018-07-03"}],"house":{"chamberCode":"seanad","chamberType":"house","houseCode":"seanad","houseNo":"25","showAs":"25th Seanad","uri":"https:\/\/data.oireachtas.ie\/ie\/oireachtas\/house\/seanad\/25"},"progressStage":2,"showAs":"Second Stage","stageCompleted":true,"stageOutcome":null,"stageURI":"https:\/\/data.oireachtas.ie\/ie\/oireachtas\/def\/bill-stage\/2","uri":"https:\/\/data.oireachtas.ie\/ie\/oireachtas\/bill\/2018\/71\/stage\/seanad\/2"}},{"event":{"chamber":{"chamberCode":"seanad","showAs":"Seanad \u00c9ireann","uri":"https:\/\/data.oireachtas.ie\/ie\/oireachtas\/def\/house\/seanad"},"dates":[{"date":"2018-07-11"}],"house":{"chamberCode":"seanad","chamberType":"house","houseCode":"seanad","houseNo":"25","showAs":"25th Seanad","uri":"https:\/\/data.oireachtas.ie\/ie\/oireachtas\/house\/seanad\/25"},"progressStage":3,"showAs":"Committee Stage","stageCompleted":true,"stageOutcome":null,"stageURI":"https:\/\/data.oireachtas.ie\/ie\/oireachtas\/def\/bill-stage\/3","uri":"https:\/\/data.oireachtas.ie\/ie\/oireachtas\/bill\/2018\/71\/stage\/seanad\/3"}},{"event":{"chamber":{"chamberCode":"seanad","showAs":"Seanad \u00c9ireann","uri":"https:\/\/data.oireachtas.ie\/ie\/oireachtas\/def\/house\/seanad"},"dates":[{"date":"2018-10-16"}],"house":{"chamberCode":"seanad","chamberType":"house","houseCode":"seanad","houseNo":"25","showAs":"25th Seanad","uri":"https:\/\/data.oireachtas.ie\/ie\/oireachtas\/house\/seanad\/25"},"progressStage":4,"showAs":"Report Stage","stageCompleted":true,"stageOutcome":null,"stageURI":"https:\/\/data.oireachtas.ie\/ie\/oireachtas\/def\/bill-stage\/4","uri":"https:\/\/data.oireachtas.ie\/ie\/oireachtas\/bill\/2018\/71\/stage\/seanad\/4"}},{"event":{"chamber":{"chamberCode":"seanad","showAs":"Seanad \u00c9ireann","uri":"https:\/\/data.oireachtas.ie\/ie\/oireachtas\/def\/house\/seanad"},"dates":[{"date":"2019-10-16"}],"house":{"chamberCode":"seanad","chamberType":"house","houseCode":"seanad","houseNo":"25","showAs":"25th Seanad","uri":"https:\/\/data.oireachtas.ie\/ie\/oireachtas\/house\/seanad\/25"},"progressStage":5,"showAs":"Fifth Stage","stageCompleted":true,"stageOutcome":null,"stageURI":"https:\/\/data.oireachtas.ie\/ie\/oireachtas\/def\/bill-stage\/5","uri":"https:\/\/data.oireachtas.ie\/ie\/oireachtas\/bill\/2018\/71\/stage\/seanad\/5"}},{"event":{"chamber":{"chamberCode":"dail","showAs":"D\u00e1il \u00c9ireann","uri":"https:\/\/data.oireachtas.ie\/ie\/oireachtas\/def\/house\/dail"},"dates":[{"date":"2021-07-01"},{"date":"2021-07-01"},{"date":"2021-07-01"}],"house":{"chamberCode":"dail","chamberType":"house","houseCode":"dail","houseNo":"33","showAs":"33rd D\u00e1il","uri":"https:\/\/data.oireachtas.ie\/ie\/oireachtas\/house\/dail\/33"},"progressStage":6,"showAs":"Second Stage","stageCompleted":true,"stageOutcome":null,"stageURI":"https:\/\/data.oireachtas.ie\/ie\/oireachtas\/def\/bill-stage\/2","uri":"https:\/\/data.oireachtas.ie\/ie\/oireachtas\/bill\/2018\/71\/stage\/dail\/2"}},{"event":{"chamber":{"chamberCode":"dail","showAs":"D\u00e1il \u00c9ireann","uri":"https:\/\/data.oireachtas.ie\/ie\/oireachtas\/def\/house\/dail"},"dates":[{"date":"2024-11-08"},{"date":"2025-05-01"}],"house":{"chamberCode":"dail","chamberType":"house","houseCode":"dail","houseNo":"33","showAs":"33rd D\u00e1il","uri":"https:\/\/data.oireachtas.ie\/ie\/oireachtas\/house\/dail\/33"},"progressStage":7,"showAs":"Committee Stage","stageCompleted":false,"stageOutcome":"Current","stageURI":"https:\/\/data.oireachtas.ie\/ie\/oireachtas\/def\/bill-stage\/3","uri":"https:\/\/data.oireachtas.ie\/ie\/oireachtas\/bill\/2018\/71\/stage\/dail\/3"}}],"status":"Current","statusURI":"https:\/\/data.oireachtas.ie\/ie\/oireachtas\/def\/bill-status\/published","uri":"https:\/\/data.oireachtas.ie\/ie\/oireachtas\/bill\/2018\/71","versions":[{"version":{"date":"2019-10-16","docType":"bill","formats":{"pdf":{"uri":"https:\/\/data.oireachtas.ie\/ie\/oireachtas\/bill\/2018\/71\/eng\/ver_b\/b71b18s.pdf"},"xml":null},"lang":"eng","showAs":"As passed by Seanad \u00c9ireann","uri":"https:\/\/data.oireachtas.ie\/ie\/oireachtas\/bill\/2018\/71\/eng\/ver_b"}},{"version":{"date":"2018-10-17","docType":"bill","formats":{"pdf":{"uri":"https:\/\/data.oireachtas.ie\/ie\/oireachtas\/bill\/2018\/71\/eng\/ver_a\/b71a18s.pdf"},"xml":null},"lang":"eng","showAs":"As amended in Committee [Seanad \u00c9ireann]","uri":"https:\/\/data.oireachtas.ie\/ie\/oireachtas\/bill\/2018\/71\/eng\/ver_a"}},{"version":{"date":"2018-07-04","docType":"bill","formats":{"pdf":{"uri":"https:\/\/data.oireachtas.ie\/ie\/oireachtas\/bill\/2018\/71\/eng\/initiated\/b7118s.pdf"},"xml":null},"lang":"eng","showAs":"As Initiated","uri":"https:\/\/data.oireachtas.ie\/ie\/oireachtas\/bill\/2018\/71\/eng\/initiated"}}]},"billSort":{"actNoSort":null,"actShortTitleEnSort":null,"actShortTitleGaSort":null,"actYearSort":null,"billNoSort":71,"billShortTitleEnSort":"traveller-culture-and-history-in-education-bill-2018","billShortTitleGaSort":"an-bille-um-chultur-agus-stair-an-lucht-siuil-san-oideachas-2018","billYearSort":2018},"contextDate":"2025-05-01"},{"bill":{"act":null,"amendmentLists":[],"billNo":"48","billType":"Public","billTypeURI":"https:\/\/data.oireachtas.ie\/ie\/oireachtas\/def\/bill-type\/public","billYear":"2018","debates":[{"chamber":{"showAs":"Seanad \u00c9ireann","uri":"https:\/\/data.oireachtas.ie\/ie\/oireachtas\/def\/house\/seanad"},"date":"2019-01-23","debateSectionId":"dbsect_17","showAs":"First Aid and Mental Health in Schools (Existing Teachers) Bill 2018: Second Stage","uri":"https:\/\/data.oireachtas.ie\/akn\/ie\/debateRecord\/seanad\/2019-01-23\/debate\/main"},{"chamber":{"showAs":"Seanad \u00c9ireann","uri":"https:\/\/data.oireachtas.ie\/ie\/oireachtas\/def\/house\/seanad"},"date":"2018-05-03","debateSectionId":"dbsect_11","showAs":"First Aid and Mental Health in Schools (Existing Teachers) Bill 2018: First Stage","uri":"https:\/\/data.oireachtas.ie\/akn\/ie\/debateRecord\/seanad\/2018-05-03\/debate\/main"}],"events":[{"event":{"chamber":{"chamberCode":"seanad","showAs":"Seanad \u00c9ireann","uri":"https:\/\/data.oireachtas.ie\/ie\/oireachtas\/def\/house\/seanad"},"dates":[{"date":"2018-05-03"},{"date":"2020-03-27"},{"date":"2020-07-29"},{"date":"2025-03-27"}],"eventURI":"https:\/\/data.oireachtas.ie\/ie\/oireachtas\/def\/bill-event\/published","showAs":"Published","uri":"https:\/\/data.oireachtas.ie\/ie\/oireachtas\/bill\/2018\/48\/published"}},{"event":{"chamber":{"chamberCode":"seanad","showAs":"Seanad \u00c9ireann","uri":"https:\/\/data.oireachtas.ie\/ie\/oireachtas\/def\/house\/seanad"},"dates":[{"date":"2025-01-29"}],"eventURI":"https:\/\/data.oireachtas.ie\/ie\/oireachtas\/def\/bill-event\/bill-lapsed","showAs":"Bill Lapsed","uri":"https:\/\/data.oireachtas.ie\/ie\/oireachtas\/bill\/2018\/48\/bill-lapsed"}}],"lastUpdated":"2025-03-28T11:04:15.360000+00:00","longTitleEn":"Bill entitled an Act to provide for the introduction of a requirement that all existing staff in schools be trained in occupational first aid response and mental health first aid; to require that training in occupational first aid response and mental health first aid forms part of a continuing professional development requirement for school staff; to provide for the approval of first aid response courses and mental health first aid courses; and to provide for related matters","longTitleGa":"Bille d\u00e1 ngairtear Acht do dh\u00e9anamh socr\u00fa maidir le ceanglas a thabhairt isteach go gcuirfear oili\u00faint sa fhreagairt garchabhrach ceirde agus sa gharchabhair mheabhairshl\u00e1inte ar an bhfoireann reatha go l\u00e9ir i scoileanna; d\u00e1 cheangal go mbeidh oili\u00faint sa fhreagairt garchabhrach ceirde agus sa gharchabhair mheabhairshl\u00e1inte mar chuid de cheanglas maidir le forbairt ghairmi\u00fail lean\u00fanach le haghaidh foireann scoile; do dh\u00e9anamh socr\u00fa maidir le c\u00farsa\u00ed freagartha garchabhrach agus c\u00farsa\u00ed garchabhrach meabhairshl\u00e1inte a chead\u00fa; agus do dh\u00e9anamh socr\u00fa i dtaobh nithe gaolmhara","method":"Introduced","methodURI":"https:\/\/data.oireachtas.ie\/ie\/oireachtas\/def\/bill-method\/introduced","mostRecentStage":{"event":{"chamber":{"chamberCode":"seanad","showAs":"Seanad \u00c9ireann","uri":"https:\/\/data.oireachtas.ie\/ie\/oireachtas\/def\/house\/seanad"},"dates":[{"date":"2020-03-27"},{"date":"2020-07-29"},{"date":"2025-01-29"},{"date":"2025-03-27"}],"house":{"chamberCode":"seanad","chamberType":"house","houseCode":"seanad","houseNo":"25","showAs":"25th Seanad","uri":"https:\/\/data.oireachtas.ie\/ie\/oireachtas\/house\/seanad\/25"},"progressStage":3,"showAs":"Committee Stage","stageCompleted":false,"stageOutcome":"Current","stageURI":"https:\/\/data.oireachtas.ie\/ie\/oireachtas\/def\/bill-stage\/3","uri":"https:\/\/data.oireachtas.ie\/ie\/oireachtas\/bill\/2018\/48\/stage\/seanad\/3"}},"originHouse":{"showAs":"Seanad \u00c9ireann","uri":"https:\/\/data.oireachtas.ie\/ie\/oireachtas\/def\/house\/seanad"},"originHouseURI":"https:\/\/data.oireachtas.ie\/ie\/oireachtas\/def\/house\/seanad","relatedDocs":[{"relatedDoc":{"date":"2018-05-03","docType":"memo","formats":{"pdf":{"uri":"https:\/\/data.oireachtas.ie\/ie\/oireachtas\/bill\/2018\/48\/eng\/memo\/b4818s-memo.pdf"},"xml":null},"lang":"eng","showAs":"Explanatory Memorandum","uri":"https:\/\/data.oireachtas.ie\/ie\/oireachtas\/bill\/2018\/48\/eng\/memo"}}],"shortTitleEn":"First Aid and Mental Health in Schools (Existing Teachers) Bill 2018","shortTitleGa":"An Bille um Gharchabhair agus Meabhairshl\u00e1inte i Scoileanna (M\u00fainteoir\u00ed Reatha), 2018","source":"Private Member","sourceURI":"https:\/\/data.oireachtas.ie\/ie\/oireachtas\/def\/bill-source\/private-member","sponsors":[{"sponsor":{"as":{"showAs":null,"uri":null},"by":{"showAs":"Robbie Gallagher","uri":"https:\/\/data.oireachtas.ie\/ie\/oireachtas\/member\/id\/Robbie-Gallagher.S.2016-04-25"},"isPrimary":true}},{"sponsor":{"as":{"showAs":null,"uri":null},"by":{"showAs":"Diarmuid Wilson","uri":"https:\/\/data.oireachtas.ie\/ie\/oireachtas\/member\/id\/Diarmuid-Wilson.S.2002-09-12"},"isPrimary":false}},{"sponsor":{"as":{"showAs":null,"uri":null},"by":{"showAs":"Keith Swanick","uri":"https:\/\/data.oireachtas.ie\/ie\/oireachtas\/member\/id\/Keith-Swanick.S.2016-04-25"},"isPrimary":false}}],"stages":[{"event":{"chamber":{"chamberCode":"seanad","showAs":"Seanad \u00c9ireann","uri":"https:\/\/data.oireachtas.ie\/ie\/oireachtas\/def\/house\/seanad"},"dates":[{"date":"2018-05-03"},{"date":"2018-05-03"}],"house":{"chamberCode":"seanad","chamberType":"house","houseCode":"seanad","houseNo":"25","showAs":"25th Seanad","uri":"https:\/\/data.oireachtas.ie\/ie\/oireachtas\/house\/seanad\/25"},"progressStage":1,"showAs":"First Stage","stageCompleted":true,"stageOutcome":null,"stageURI":"https:\/\/data.oireachtas.ie\/ie\/oireachtas\/def\/bill-stage\/1","uri":"https:\/\/data.oireachtas.ie\/ie\/oireachtas\/bill\/2018\/48\/stage\/seanad\/1"}},{"event":{"chamber":{"chamberCode":"seanad","showAs":"Seanad \u00c9ireann","uri":"https:\/\/data.oireachtas.ie\/ie\/oireachtas\/def\/house\/seanad"},"dates":[{"date":"2018-05-03"}],"house":{"chamberCode":"seanad","chamberType":"house","houseCode":"seanad","houseNo":"25","showAs":"25th Seanad","uri":"https:\/\/data.oireachtas.ie\/ie\/oireachtas\/house\/seanad\/25"},"progressStage":2,"showAs":"Second Stage","stageCompleted":true,"stageOutcome":null,"stageURI":"https:\/\/data.oireachtas.ie\/ie\/oireachtas\/def\/bill-stage\/2","uri":"https:\/\/data.oireachtas.ie\/ie\/oireachtas\/bill\/2018\/48\/stage\/seanad\/2"}},{"event":{"chamber":{"chamberCode":"seanad","showAs":"Seanad \u00c9ireann","uri":"https:\/\/data.oireachtas.ie\/ie\/oireachtas\/def\/house\/seanad"},"dates":[{"date":"2020-03-27"},{"date":"2020-07-29"},{"date":"2025-01-29"},{"date":"2025-03-27"}],"house":{"chamberCode":"seanad","chamberType":"house","houseCode":"seanad","houseNo":"25","showAs":"25th Seanad","uri":"https:\/\/data.oireachtas.ie\/ie\/oireachtas\/house\/seanad\/25"},"progressStage":3,"showAs":"Committee Stage","stageCompleted":false,"stageOutcome":"Current","stageURI":"https:\/\/data.oireachtas.ie\/ie\/oireachtas\/def\/bill-stage\/3","uri":"https:\/\/data.oireachtas.ie\/ie\/oireachtas\/bill\/2018\/48\/stage\/seanad\/3"}}],"status":"Current","statusURI":"https:\/\/data.oireachtas.ie\/ie\/oireachtas\/def\/bill-status\/published","uri":"https:\/\/data.oireachtas.ie\/ie\/oireachtas\/bill\/2018\/48","versions":[{"version":{"date":"2018-05-03","docType":"bill","formats":{"pdf":{"uri":"https:\/\/data.oireachtas.ie\/ie\/oireachtas\/bill\/2018\/48\/eng\/initiated\/b4818s.pdf"},"xml":null},"lang":"eng","showAs":"As Initiated","uri":"https:\/\/data.oireachtas.ie\/ie\/oireachtas\/bill\/2018\/48\/eng\/initiated"}}]},"billSort":{"actNoSort":null,"actShortTitleEnSort":null,"actShortTitleGaSort":null,"actYearSort":null,"billNoSort":48,"billShortTitleEnSort":"first-aid-and-mental-health-in-schools-existing-teachers-bill-2018","billShortTitleGaSort":"an-bille-um-gharchabhair-agus-meabhairshlainte-i-scoileanna-muinteoiri-reatha-2018","billYearSort":2018},"contextDate":"2025-03-27"},{"bill":{"act":null,"amendmentLists":[],"billNo":"44","billType":"Public","billTypeURI":"https:\/\/data.oireachtas.ie\/ie\/oireachtas\/def\/bill-type\/public","billYear":"2018","debates":[{"chamber":{"showAs":"Seanad \u00c9ireann","uri":"https:\/\/data.oireachtas.ie\/ie\/oireachtas\/def\/house\/seanad"},"date":"2019-01-23","debateSectionId":"dbsect_16","showAs":"First Aid and Mental Health in Schools (Initial Teacher Training) Bill 2018: Second Stage","uri":"https:\/\/data.oireachtas.ie\/akn\/ie\/debateRecord\/seanad\/2019-01-23\/debate\/main"},{"chamber":{"showAs":"Seanad \u00c9ireann","uri":"https:\/\/data.oireachtas.ie\/ie\/oireachtas\/def\/house\/seanad"},"date":"2018-05-02","debateSectionId":"dbsect_11","showAs":"First Aid and Mental Health in Schools (Initial Teacher Training) Bill 2018: First Stage","uri":"https:\/\/data.oireachtas.ie\/akn\/ie\/debateRecord\/seanad\/2018-05-02\/debate\/main"}],"events":[{"event":{"chamber":{"chamberCode":"seanad","showAs":"Seanad \u00c9ireann","uri":"https:\/\/data.oireachtas.ie\/ie\/oireachtas\/def\/house\/seanad"},"dates":[{"date":"2018-05-02"},{"date":"2020-03-27"},{"date":"2020-07-29"},{"date":"2025-03-27"}],"eventURI":"https:\/\/data.oireachtas.ie\/ie\/oireachtas\/def\/bill-event\/published","showAs":"Published","uri":"https:\/\/data.oireachtas.ie\/ie\/oireachtas\/bill\/2018\/44\/published"}},{"event":{"chamber":{"chamberCode":"seanad","showAs":"Seanad \u00c9ireann","uri":"https:\/\/data.oireachtas.ie\/ie\/oireachtas\/def\/house\/seanad"},"dates":[{"date":"2025-01-29"}],"eventURI":"https:\/\/data.oireachtas.ie\/ie\/oireachtas\/def\/bill-event\/bill-lapsed","showAs":"Bill Lapsed","uri":"https:\/\/data.oireachtas.ie\/ie\/oireachtas\/bill\/2018\/44\/bill-lapsed"}}],"lastUpdated":"2025-03-28T11:03:34.200000+00:00","longTitleEn":"Bill entitled an Act to provide for the introduction of a requirement that initial teacher training encompasses training in occupational first aid response and mental health first aid; and to provide for related matters","longTitleGa":"Bille d\u00e1 ngairtear Acht do dh\u00e9anamh socr\u00fa maidir le ceanglas a thabhairt isteach go nd\u00e9anfar oili\u00faint sa fhreagairt garchabhrach ceirde agus sa gharchabhair mheabhairshl\u00e1inte a chuimsi\u00fa san oili\u00faint tosaigh ar mh\u00fainteoir\u00ed; agus do dh\u00e9anamh socr\u00fa i dtaobh nithe gaolmhara","method":"Introduced","methodURI":"https:\/\/data.oireachtas.ie\/ie\/oireachtas\/def\/bill-method\/introduced","mostRecentStage":{"event":{"chamber":{"chamberCode":"seanad","showAs":"Seanad \u00c9ireann","uri":"https:\/\/data.oireachtas.ie\/ie\/oireachtas\/def\/house\/seanad"},"dates":[{"date":"2020-03-27"},{"date":"2020-07-29"},{"date":"2025-01-29"},{"date":"2025-03-27"}],"house":{"chamberCode":"seanad","chamberType":"house","houseCode":"seanad","houseNo":"25","showAs":"25th Seanad","uri":"https:\/\/data.oireachtas.ie\/ie\/oireachtas\/house\/seanad\/25"},"progressStage":3,"showAs":"Committee Stage","stageCompleted":false,"stageOutcome":"Current","stageURI":"https:\/\/data.oireachtas.ie\/ie\/oireachtas\/def\/bill-stage\/3","uri":"https:\/\/data.oireachtas.ie\/ie\/oireachtas\/bill\/2018\/44\/stage\/seanad\/3"}},"originHouse":{"showAs":"Seanad \u00c9ireann","uri":"https:\/\/data.oireachtas.ie\/ie\/oireachtas\/def\/house\/seanad"},"originHouseURI":"https:\/\/data.oireachtas.ie\/ie\/oireachtas\/def\/house\/seanad","relatedDocs":[{"relatedDoc":{"date":"2018-05-02","docType":"memo","formats":{"pdf":{"uri":"https:\/\/data.oireachtas.ie\/ie\/oireachtas\/bill\/2018\/44\/eng\/memo\/b4418s-memo.pdf"},"xml":null},"lang":"eng","showAs":"Explanatory Memorandum","uri":"https:\/\/data.oireachtas.ie\/ie\/oireachtas\/bill\/2018\/44\/eng\/memo"}}],"shortTitleEn":"First Aid and Mental Health in Schools (Initial Teacher Training) Bill 2018","shortTitleGa":"An Bille um Gharchabhair agus Meabhairshl\u00e1inte i Scoileanna (Oili\u00faint Tosaigh ar Mh\u00fainteoir\u00ed), 2018","source":"Private Member","sourceURI":"https:\/\/data.oireachtas.ie\/ie\/oireachtas\/def\/bill-source\/private-member","sponsors":[{"sponsor":{"as":{"showAs":null,"uri":null},"by":{"showAs":"Robbie Gallagher","uri":"https:\/\/data.oireachtas.ie\/ie\/oireachtas\/member\/id\/Robbie-Gallagher.S.2016-04-25"},"isPrimary":true}},{"sponsor":{"as":{"showAs":null,"uri":null},"by":{"showAs":"Diarmuid Wilson","uri":"https:\/\/data.oireachtas.ie\/ie\/oireachtas\/member\/id\/Diarmuid-Wilson.S.2002-09-12"},"isPrimary":false}},{"sponsor":{"as":{"showAs":null,"uri":null},"by":{"showAs":"Keith Swanick","uri":"https:\/\/data.oireachtas.ie\/ie\/oireachtas\/member\/id\/Keith-Swanick.S.2016-04-25"},"isPrimary":false}}],"stages":[{"event":{"chamber":{"chamberCode":"seanad","showAs":"Seanad \u00c9ireann","uri":"https:\/\/data.oireachtas.ie\/ie\/oireachtas\/def\/house\/seanad"},"dates":[{"date":"2018-05-02"},{"date":"2018-05-02"}],"house":{"chamberCode":"seanad","chamberType":"house","houseCode":"seanad","houseNo":"25","showAs":"25th Seanad","uri":"https:\/\/data.oireachtas.ie\/ie\/oireachtas\/house\/seanad\/25"},"progressStage":1,"showAs":"First Stage","stageCompleted":true,"stageOutcome":null,"stageURI":"https:\/\/data.oireachtas.ie\/ie\/oireachtas\/def\/bill-stage\/1","uri":"https:\/\/data.oireachtas.ie\/ie\/oireachtas\/bill\/2018\/44\/stage\/seanad\/1"}},{"event":{"chamber":{"chamberCode":"seanad","showAs":"Seanad \u00c9ireann","uri":"https:\/\/data.oireachtas.ie\/ie\/oireachtas\/def\/house\/seanad"},"dates":[{"date":"2018-05-02"}],"house":{"chamberCode":"seanad","chamberType":"house","houseCode":"seanad","houseNo":"25","showAs":"25th Seanad","uri":"https:\/\/data.oireachtas.ie\/ie\/oireachtas\/house\/seanad\/25"},"progressStage":2,"showAs":"Second Stage","stageCompleted":true,"stageOutcome":null,"stageURI":"https:\/\/data.oireachtas.ie\/ie\/oireachtas\/def\/bill-stage\/2","uri":"https:\/\/data.oireachtas.ie\/ie\/oireachtas\/bill\/2018\/44\/stage\/seanad\/2"}},{"event":{"chamber":{"chamberCode":"seanad","showAs":"Seanad \u00c9ireann","uri":"https:\/\/data.oireachtas.ie\/ie\/oireachtas\/def\/house\/seanad"},"dates":[{"date":"2020-03-27"},{"date":"2020-07-29"},{"date":"2025-01-29"},{"date":"2025-03-27"}],"house":{"chamberCode":"seanad","chamberType":"house","houseCode":"seanad","houseNo":"25","showAs":"25th Seanad","uri":"https:\/\/data.oireachtas.ie\/ie\/oireachtas\/house\/seanad\/25"},"progressStage":3,"showAs":"Committee Stage","stageCompleted":false,"stageOutcome":"Current","stageURI":"https:\/\/data.oireachtas.ie\/ie\/oireachtas\/def\/bill-stage\/3","uri":"https:\/\/data.oireachtas.ie\/ie\/oireachtas\/bill\/2018\/44\/stage\/seanad\/3"}}],"status":"Current","statusURI":"https:\/\/data.oireachtas.ie\/ie\/oireachtas\/def\/bill-status\/published","uri":"https:\/\/data.oireachtas.ie\/ie\/oireachtas\/bill\/2018\/44","versions":[{"version":{"date":"2018-05-02","docType":"bill","formats":{"pdf":{"uri":"https:\/\/data.oireachtas.ie\/ie\/oireachtas\/bill\/2018\/44\/eng\/initiated\/b4418s.pdf"},"xml":null},"lang":"eng","showAs":"As Initiated","uri":"https:\/\/data.oireachtas.ie\/ie\/oireachtas\/bill\/2018\/44\/eng\/initiated"}}]},"billSort":{"actNoSort":null,"actShortTitleEnSort":null,"actShortTitleGaSort":null,"actYearSort":null,"billNoSort":44,"billShortTitleEnSort":"first-aid-and-mental-health-in-schools-initial-teacher-training-bill-2018","billShortTitleGaSort":"an-bille-um-gharchabhair-agus-meabhairshlainte-i-scoileanna-oiliuint-tosaigh-ar-mhuinteoiri-2018","billYearSort":2018},"contextDate":"2025-03-27"},{"bill":{"act":null,"amendmentLists":[],"billNo":"39","billType":"Public","billTypeURI":"https:\/\/data.oireachtas.ie\/ie\/oireachtas\/def\/bill-type\/public","billYear":"2018","debates":[{"chamber":{"showAs":"Seanad \u00c9ireann","uri":"https:\/\/data.oireachtas.ie\/ie\/oireachtas\/def\/house\/seanad"},"date":"2018-05-02","debateSectionId":"dbsect_12","showAs":"Prohibition of Conversion Therapies Bill 2018: Second Stage","uri":"https:\/\/data.oireachtas.ie\/akn\/ie\/debateRecord\/seanad\/2018-05-02\/debate\/main"},{"chamber":{"showAs":"Seanad \u00c9ireann","uri":"https:\/\/data.oireachtas.ie\/ie\/oireachtas\/def\/house\/seanad"},"date":"2018-04-25","debateSectionId":"dbsect_9","showAs":"Prohibition of Conversion Therapies Bill 2018: First Stage","uri":"https:\/\/data.oireachtas.ie\/akn\/ie\/debateRecord\/seanad\/2018-04-25\/debate\/main"}],"events":[{"event":{"chamber":{"chamberCode":"seanad","showAs":"Seanad \u00c9ireann","uri":"https:\/\/data.oireachtas.ie\/ie\/oireachtas\/def\/house\/seanad"},"dates":[{"date":"2018-04-25"},{"date":"2020-03-27"},{"date":"2020-09-25"}],"eventURI":"https:\/\/data.oireachtas.ie\/ie\/oireachtas\/def\/bill-event\/published","showAs":"Published","uri":"https:\/\/data.oireachtas.ie\/ie\/oireachtas\/bill\/2018\/39\/published"}},{"event":{"chamber":{"chamberCode":"seanad","showAs":"Seanad \u00c9ireann","uri":"https:\/\/data.oireachtas.ie\/ie\/oireachtas\/def\/house\/seanad"},"dates":[{"date":"2025-01-29"}],"eventURI":"https:\/\/data.oireachtas.ie\/ie\/oireachtas\/def\/bill-event\/bill-lapsed","showAs":"Bill Lapsed","uri":"https:\/\/data.oireachtas.ie\/ie\/oireachtas\/bill\/2018\/39\/bill-lapsed"}}],"lastUpdated":"2025-01-30T11:17:37.160000+00:00","longTitleEn":"Bill entitled an Act to prohibit conversion therapy, as a deceptive and harmful act or practice against a person's sexual orientation, gender identity and, or gender expression.","longTitleGa":"Bille d\u00e1 ngairtear Acht do thoirmeasc teiripe thiont\u00fach\u00e1in mar ghn\u00edomh n\u00f3 cleachtas meabhlach agus dochrach in aghaidh gn\u00e9aschlaonadh, f\u00e9ini\u00falacht inscne agus\/n\u00f3 l\u00e9iri\u00fa inscne duine.","method":"Introduced","methodURI":"https:\/\/data.oireachtas.ie\/ie\/oireachtas\/def\/bill-method\/introduced","mostRecentStage":{"event":{"chamber":{"chamberCode":"seanad","showAs":"Seanad \u00c9ireann","uri":"https:\/\/data.oireachtas.ie\/ie\/oireachtas\/def\/house\/seanad"},"dates":[{"date":"2018-04-25"}],"house":{"chamberCode":"seanad","chamberType":"house","houseCode":"seanad","houseNo":"25","showAs":"25th Seanad","uri":"https:\/\/data.oireachtas.ie\/ie\/oireachtas\/house\/seanad\/25"},"progressStage":2,"showAs":"Second Stage","stageCompleted":true,"stageOutcome":null,"stageURI":"https:\/\/data.oireachtas.ie\/ie\/oireachtas\/def\/bill-stage\/2","uri":"https:\/\/data.oireachtas.ie\/ie\/oireachtas\/bill\/2018\/39\/stage\/seanad\/2"}},"originHouse":{"showAs":"Seanad \u00c9ireann","uri":"https:\/\/data.oireachtas.ie\/ie\/oireachtas\/def\/house\/seanad"},"originHouseURI":"https:\/\/data.oireachtas.ie\/ie\/oireachtas\/def\/house\/seanad","relatedDocs":[],"shortTitleEn":"Prohibition of Conversion Therapies Bill 2018","shortTitleGa":"An Bille um Thoirmeasc ar Theirip\u00ed Tiont\u00fach\u00e1in, 2018","source":"Private Member","sourceURI":"https:\/\/data.oireachtas.ie\/ie\/oireachtas\/def\/bill-source\/private-member","sponsors":[{"sponsor":{"as":{"showAs":null,"uri":null},"by":{"showAs":"Rose Conway-Walsh","uri":"https:\/\/data.oireachtas.ie\/ie\/oireachtas\/member\/id\/Rose-Conway-Walsh.S.2016-04-25"},"isPrimary":false}},{"sponsor":{"as":{"showAs":null,"uri":null},"by":{"showAs":"Gerard P. Craughwell","uri":"https:\/\/data.oireachtas.ie\/ie\/oireachtas\/member\/id\/Gerard-P-Craughwell.S.2014-10-10"},"isPrimary":false}},{"sponsor":{"as":{"showAs":null,"uri":null},"by":{"showAs":"M\u00e1ire Devine","uri":"https:\/\/data.oireachtas.ie\/ie\/oireachtas\/member\/id\/M\u00e1ire-Devine.S.2016-04-25"},"isPrimary":false}},{"sponsor":{"as":{"showAs":null,"uri":null},"by":{"showAs":"Joan Freeman","uri":"https:\/\/data.oireachtas.ie\/ie\/oireachtas\/member\/id\/Joan-Freeman.S.2016-04-25"},"isPrimary":false}},{"sponsor":{"as":{"showAs":null,"uri":null},"by":{"showAs":"Paul Gavan","uri":"https:\/\/data.oireachtas.ie\/ie\/oireachtas\/member\/id\/Paul-Gavan.S.2016-04-25"},"isPrimary":false}},{"sponsor":{"as":{"showAs":null,"uri":null},"by":{"showAs":"Alice-Mary Higgins","uri":"https:\/\/data.oireachtas.ie\/ie\/oireachtas\/member\/id\/Alice-Mary-Higgins.S.2016-04-25"},"isPrimary":false}},{"sponsor":{"as":{"showAs":null,"uri":null},"by":{"showAs":"Kevin Humphreys","uri":"https:\/\/data.oireachtas.ie\/ie\/oireachtas\/member\/id\/Kevin-Humphreys.D.2011-03-09"},"isPrimary":false}},{"sponsor":{"as":{"showAs":null,"uri":null},"by":{"showAs":"Colette Kelleher","uri":"https:\/\/data.oireachtas.ie\/ie\/oireachtas\/member\/id\/Colette-Kelleher.S.2016-04-25"},"isPrimary":false}},{"sponsor":{"as":{"showAs":null,"uri":null},"by":{"showAs":"P\u00e1draig Mac Lochlainn","uri":"https:\/\/data.oireachtas.ie\/ie\/oireachtas\/member\/id\/P\u00e1draig-MacLochlainn.D.2011-03-09"},"isPrimary":false}},{"sponsor":{"as":{"showAs":null,"uri":null},"by":{"showAs":"David P.B. Norris","uri":"https:\/\/data.oireachtas.ie\/ie\/oireachtas\/member\/id\/David-PB-Norris.S.1987-04-25"},"isPrimary":false}},{"sponsor":{"as":{"showAs":null,"uri":null},"by":{"showAs":"Grace O'Sullivan","uri":"https:\/\/data.oireachtas.ie\/ie\/oireachtas\/member\/id\/Grace-O'Sullivan.S.2016-04-25"},"isPrimary":false}},{"sponsor":{"as":{"showAs":null,"uri":null},"by":{"showAs":"Niall \u00d3 Donnghaile","uri":"https:\/\/data.oireachtas.ie\/ie\/oireachtas\/member\/id\/Niall-\u00d3-Donnghaile.S.2016-04-25"},"isPrimary":false}},{"sponsor":{"as":{"showAs":null,"uri":null},"by":{"showAs":"Aodh\u00e1n \u00d3 R\u00edord\u00e1in","uri":"https:\/\/data.oireachtas.ie\/ie\/oireachtas\/member\/id\/Aodh\u00e1n-\u00d3-R\u00edord\u00e1in.D.2011-03-09"},"isPrimary":false}},{"sponsor":{"as":{"showAs":null,"uri":null},"by":{"showAs":"Lynn Ruane","uri":"https:\/\/data.oireachtas.ie\/ie\/oireachtas\/member\/id\/Lynn-Ruane.S.2016-04-25"},"isPrimary":false}},{"sponsor":{"as":{"showAs":null,"uri":null},"by":{"showAs":"Ivana Bacik","uri":"https:\/\/data.oireachtas.ie\/ie\/oireachtas\/member\/id\/Ivana-Bacik.S.2007-07-23"},"isPrimary":false}},{"sponsor":{"as":{"showAs":null,"uri":null},"by":{"showAs":"Frances Black","uri":"https:\/\/data.oireachtas.ie\/ie\/oireachtas\/member\/id\/Frances-Black.S.2016-04-25"},"isPrimary":false}},{"sponsor":{"as":{"showAs":null,"uri":null},"by":{"showAs":"Victor Boyhan","uri":"https:\/\/data.oireachtas.ie\/ie\/oireachtas\/member\/id\/Victor-Boyhan.S.2016-04-25"},"isPrimary":false}},{"sponsor":{"as":{"showAs":null,"uri":null},"by":{"showAs":"Jerry Buttimer","uri":"https:\/\/data.oireachtas.ie\/ie\/oireachtas\/member\/id\/Jerry-Buttimer.S.2007-07-23"},"isPrimary":false}},{"sponsor":{"as":{"showAs":null,"uri":null},"by":{"showAs":"Fintan Warfield","uri":"https:\/\/data.oireachtas.ie\/ie\/oireachtas\/member\/id\/Fintan-Warfield.S.2016-04-25"},"isPrimary":true}},{"sponsor":{"as":{"showAs":null,"uri":null},"by":{"showAs":"Catherine Ardagh","uri":"https:\/\/data.oireachtas.ie\/ie\/oireachtas\/member\/id\/Catherine-Ardagh.S.2016-04-25"},"isPrimary":false}}],"stages":[{"event":{"chamber":{"chamberCode":"seanad","showAs":"Seanad \u00c9ireann","uri":"https:\/\/data.oireachtas.ie\/ie\/oireachtas\/def\/house\/seanad"},"dates":[{"date":"2018-04-25"},{"date":"2018-04-25"}],"house":{"chamberCode":"seanad","chamberType":"house","houseCode":"seanad","houseNo":"25","showAs":"25th Seanad","uri":"https:\/\/data.oireachtas.ie\/ie\/oireachtas\/house\/seanad\/25"},"progressStage":1,"showAs":"First Stage","stageCompleted":true,"stageOutcome":null,"stageURI":"https:\/\/data.oireachtas.ie\/ie\/oireachtas\/def\/bill-stage\/1","uri":"https:\/\/data.oireachtas.ie\/ie\/oireachtas\/bill\/2018\/39\/stage\/seanad\/1"}},{"event":{"chamber":{"chamberCode":"seanad","showAs":"Seanad \u00c9ireann","uri":"https:\/\/data.oireachtas.ie\/ie\/oireachtas\/def\/house\/seanad"},"dates":[{"date":"2018-04-25"}],"house":{"chamberCode":"seanad","chamberType":"house","houseCode":"seanad","houseNo":"25","showAs":"25th Seanad","uri":"https:\/\/data.oireachtas.ie\/ie\/oireachtas\/house\/seanad\/25"},"progressStage":2,"showAs":"Second Stage","stageCompleted":true,"stageOutcome":null,"stageURI":"https:\/\/data.oireachtas.ie\/ie\/oireachtas\/def\/bill-stage\/2","uri":"https:\/\/data.oireachtas.ie\/ie\/oireachtas\/bill\/2018\/39\/stage\/seanad\/2"}}],"status":"Lapsed","statusURI":"https:\/\/data.oireachtas.ie\/ie\/oireachtas\/def\/bill-status\/lapsed","uri":"https:\/\/data.oireachtas.ie\/ie\/oireachtas\/bill\/2018\/39","versions":[{"version":{"date":"2018-04-26","docType":"bill","formats":{"pdf":{"uri":"https:\/\/data.oireachtas.ie\/ie\/oireachtas\/bill\/2018\/39\/eng\/initiated\/b3918s.pdf"},"xml":null},"lang":"eng","showAs":"As Initiated","uri":"https:\/\/data.oireachtas.ie\/ie\/oireachtas\/bill\/2018\/39\/eng\/initiated"}}]},"billSort":{"actNoSort":null,"actShortTitleEnSort":null,"actShortTitleGaSort":null,"actYearSort":null,"billNoSort":39,"billShortTitleEnSort":"prohibition-of-conversion-therapies-bill-2018","billShortTitleGaSort":"an-bille-um-thoirmeasc-ar-theiripi-tiontuchain-2018","billYearSort":2018},"contextDate":"2018-04-25"},{"bill":{"act":null,"amendmentLists":[],"billNo":"34","billType":"Public","billTypeURI":"https:\/\/data.oireachtas.ie\/ie\/oireachtas\/def\/bill-type\/public","billYear":"2018","debates":[{"chamber":{"showAs":"D\u00e1il \u00c9ireann","uri":"https:\/\/data.oireachtas.ie\/ie\/oireachtas\/def\/house\/dail"},"date":"2018-04-19","debateSectionId":"dbsect_31","showAs":"Provision of Objective Sex Education Bill 2018: Second Stage (Resumed) [Private Members]","uri":"https:\/\/data.oireachtas.ie\/akn\/ie\/debateRecord\/dail\/2018-04-19\/debate\/main"},{"chamber":{"showAs":"D\u00e1il \u00c9ireann","uri":"https:\/\/data.oireachtas.ie\/ie\/oireachtas\/def\/house\/dail"},"date":"2018-04-19","debateSectionId":"dbsect_32","showAs":"Provision of Objective Sex Education Bill 2018: Referral to Select Committee [Private Members]","uri":"https:\/\/data.oireachtas.ie\/akn\/ie\/debateRecord\/dail\/2018-04-19\/debate\/main"},{"chamber":{"showAs":"D\u00e1il \u00c9ireann","uri":"https:\/\/data.oireachtas.ie\/ie\/oireachtas\/def\/house\/dail"},"date":"2018-04-18","debateSectionId":"dbsect_32","showAs":"Provision of Objective Sex Education Bill 2018: Second Stage [Private Members]","uri":"https:\/\/data.oireachtas.ie\/akn\/ie\/debateRecord\/dail\/2018-04-18\/debate\/main"},{"chamber":{"showAs":"D\u00e1il \u00c9ireann","uri":"https:\/\/data.oireachtas.ie\/ie\/oireachtas\/def\/house\/dail"},"date":"2018-03-29","debateSectionId":"dbsect_22","showAs":"Provision of Objective Sex Education Bill 2018: First Stage","uri":"https:\/\/data.oireachtas.ie\/akn\/ie\/debateRecord\/dail\/2018-03-29\/debate\/main"}],"events":[{"event":{"chamber":{"chamberCode":"dail","showAs":"D\u00e1il \u00c9ireann","uri":"https:\/\/data.oireachtas.ie\/ie\/oireachtas\/def\/house\/dail"},"dates":[{"date":"2020-01-14"},{"date":"2024-11-08"}],"eventURI":"https:\/\/data.oireachtas.ie\/ie\/oireachtas\/def\/bill-event\/bill-lapsed","showAs":"Bill Lapsed","uri":"https:\/\/data.oireachtas.ie\/ie\/oireachtas\/bill\/2018\/34\/bill-lapsed"}},{"event":{"chamber":{"chamberCode":"dail","showAs":"D\u00e1il \u00c9ireann","uri":"https:\/\/data.oireachtas.ie\/ie\/oireachtas\/def\/house\/dail"},"dates":[{"date":"2020-09-17"},{"date":"2025-05-01"}],"eventURI":"https:\/\/data.oireachtas.ie\/ie\/oireachtas\/def\/bill-event\/bill-restored","showAs":"Bill Restored","uri":"https:\/\/data.oireachtas.ie\/ie\/oireachtas\/bill\/2018\/34\/bill-restored"}},{"event":{"chamber":null,"dates":[{"date":"2018-03-29"}],"eventURI":"https:\/\/data.oireachtas.ie\/ie\/oireachtas\/def\/bill-event\/published","showAs":"Published","uri":"https:\/\/data.oireachtas.ie\/ie\/oireachtas\/bill\/2018\/34\/published"}}],"lastUpdated":"2025-05-02T11:05:40.270000+00:00","longTitleEn":"Bill entitled an Act to guarantee the right of students to receive factual and objective relationships and sexuality education without regard to the characteristic spirit of the school","longTitleGa":"Bille d\u00e1 ngairtear Acht do r\u00e1th\u00fa ceart mac l\u00e9inn chun oideachas caidreamh agus gn\u00e9asachta at\u00e1 f\u00edorasach agus oibiacht\u00fail a fh\u00e1il gan aird ar spiorad saini\u00fail na scoile","method":"Introduced","methodURI":"https:\/\/data.oireachtas.ie\/ie\/oireachtas\/def\/bill-method\/introduced","mostRecentStage":{"event":{"chamber":{"chamberCode":"dail","showAs":"D\u00e1il \u00c9ireann","uri":"https:\/\/data.oireachtas.ie\/ie\/oireachtas\/def\/house\/dail"},"dates":[{"date":"2020-01-14"},{"date":"2020-09-17"},{"date":"2024-11-08"},{"date":"2025-05-01"}],"house":{"chamberCode":"dail","chamberType":"house","houseCode":"dail","houseNo":"32","showAs":"32nd D\u00e1il","uri":"https:\/\/data.oireachtas.ie\/ie\/oireachtas\/house\/dail\/32"},"progressStage":3,"showAs":"Committee Stage","stageCompleted":false,"stageOutcome":"Current","stageURI":"https:\/\/data.oireachtas.ie\/ie\/oireachtas\/def\/bill-stage\/3","uri":"https:\/\/data.oireachtas.ie\/ie\/oireachtas\/bill\/2018\/34\/stage\/dail\/3"}},"originHouse":{"showAs":"D\u00e1il \u00c9ireann","uri":"https:\/\/data.oireachtas.ie\/ie\/oireachtas\/def\/house\/dail"},"originHouseURI":"https:\/\/data.oireachtas.ie\/ie\/oireachtas\/def\/house\/dail","relatedDocs":[],"shortTitleEn":"Provision of Objective Sex Education Bill 2018","shortTitleGa":"An Bille um Oideachas Gn\u00e9is Oibiacht\u00fail a Shol\u00e1thar, 2018","source":"Private Member","sourceURI":"https:\/\/data.oireachtas.ie\/ie\/oireachtas\/def\/bill-source\/private-member","sponsors":[{"sponsor":{"as":{"showAs":null,"uri":null},"by":{"showAs":"Mick Barry","uri":"https:\/\/data.oireachtas.ie\/ie\/oireachtas\/member\/id\/Mick-Barry.D.2016-10-03"},"isPrimary":false}},{"sponsor":{"as":{"showAs":null,"uri":null},"by":{"showAs":"Paul Murphy","uri":"https:\/\/data.oireachtas.ie\/ie\/oireachtas\/member\/id\/Paul-Murphy.D.2014-10-10"},"isPrimary":false}},{"sponsor":{"as":{"showAs":null,"uri":null},"by":{"showAs":"Ruth Coppinger","uri":"https:\/\/data.oireachtas.ie\/ie\/oireachtas\/member\/id\/Ruth-Coppinger.D.2014-05-23"},"isPrimary":true}}],"stages":[{"event":{"chamber":{"chamberCode":"dail","showAs":"D\u00e1il \u00c9ireann","uri":"https:\/\/data.oireachtas.ie\/ie\/oireachtas\/def\/house\/dail"},"dates":[{"date":"2018-03-29"}],"house":{"chamberCode":"dail","chamberType":"house","houseCode":"dail","houseNo":"32","showAs":"32nd D\u00e1il","uri":"https:\/\/data.oireachtas.ie\/ie\/oireachtas\/house\/dail\/32"},"progressStage":1,"showAs":"First Stage","stageCompleted":true,"stageOutcome":null,"stageURI":"https:\/\/data.oireachtas.ie\/ie\/oireachtas\/def\/bill-stage\/1","uri":"https:\/\/data.oireachtas.ie\/ie\/oireachtas\/bill\/2018\/34\/stage\/dail\/1"}},{"event":{"chamber":{"chamberCode":"dail","showAs":"D\u00e1il \u00c9ireann","uri":"https:\/\/data.oireachtas.ie\/ie\/oireachtas\/def\/house\/dail"},"dates":[{"date":"2018-03-29"},{"date":"2018-03-29"},{"date":"2018-03-29"}],"house":{"chamberCode":"dail","chamberType":"house","houseCode":"dail","houseNo":"32","showAs":"32nd D\u00e1il","uri":"https:\/\/data.oireachtas.ie\/ie\/oireachtas\/house\/dail\/32"},"progressStage":2,"showAs":"Second Stage","stageCompleted":true,"stageOutcome":null,"stageURI":"https:\/\/data.oireachtas.ie\/ie\/oireachtas\/def\/bill-stage\/2","uri":"https:\/\/data.oireachtas.ie\/ie\/oireachtas\/bill\/2018\/34\/stage\/dail\/2"}},{"event":{"chamber":{"chamberCode":"dail","showAs":"D\u00e1il \u00c9ireann","uri":"https:\/\/data.oireachtas.ie\/ie\/oireachtas\/def\/house\/dail"},"dates":[{"date":"2020-01-14"},{"date":"2020-09-17"},{"date":"2024-11-08"},{"date":"2025-05-01"}],"house":{"chamberCode":"dail","chamberType":"house","houseCode":"dail","houseNo":"32","showAs":"32nd D\u00e1il","uri":"https:\/\/data.oireachtas.ie\/ie\/oireachtas\/house\/dail\/32"},"progressStage":3,"showAs":"Committee Stage","stageCompleted":false,"stageOutcome":"Current","stageURI":"https:\/\/data.oireachtas.ie\/ie\/oireachtas\/def\/bill-stage\/3","uri":"https:\/\/data.oireachtas.ie\/ie\/oireachtas\/bill\/2018\/34\/stage\/dail\/3"}}],"status":"Current","statusURI":"https:\/\/data.oireachtas.ie\/ie\/oireachtas\/def\/bill-status\/published","uri":"https:\/\/data.oireachtas.ie\/ie\/oireachtas\/bill\/2018\/34","versions":[{"version":{"date":"2018-03-29","docType":"bill","formats":{"pdf":{"uri":"https:\/\/data.oireachtas.ie\/ie\/oireachtas\/bill\/2018\/34\/eng\/initiated\/b3418d.pdf"},"xml":null},"lang":"eng","showAs":"As Initiated","uri":"https:\/\/data.oireachtas.ie\/ie\/oireachtas\/bill\/2018\/34\/eng\/initiated"}}]},"billSort":{"actNoSort":null,"actShortTitleEnSort":null,"actShortTitleGaSort":null,"actYearSort":null,"billNoSort":34,"billShortTitleEnSort":"provision-of-objective-sex-education-bill-2018","billShortTitleGaSort":"an-bille-um-oideachas-gneis-oibiachtuil-a-sholathar-2018","billYearSort":2018},"contextDate":"2025-05-01"},{"bill":{"act":null,"amendmentLists":[],"billNo":"6","billType":"Public","billTypeURI":"https:\/\/data.oireachtas.ie\/ie\/oireachtas\/def\/bill-type\/public","billYear":"2018","debates":[{"chamber":{"showAs":"D\u00e1il \u00c9ireann","uri":"https:\/\/data.oireachtas.ie\/ie\/oireachtas\/def\/house\/dail"},"date":"2024-11-05","debateSectionId":"dbsect_9","showAs":"Control of Economic Activity (Occupied Territories) Bill 2018: Referral to Select Committee [Private Members]","uri":"https:\/\/data.oireachtas.ie\/akn\/ie\/debateRecord\/dail\/2024-11-05\/debate\/main"},{"chamber":{"showAs":"D\u00e1il \u00c9ireann","uri":"https:\/\/data.oireachtas.ie\/ie\/oireachtas\/def\/house\/dail"},"date":"2019-01-24","debateSectionId":"dbsect_26","showAs":"Control of Economic Activity (Occupied Territories) Bill 2018 [Seanad]: Second Stage (Resumed) [Private Members]","uri":"https:\/\/data.oireachtas.ie\/akn\/ie\/debateRecord\/dail\/2019-01-24\/debate\/main"},{"chamber":{"showAs":"D\u00e1il \u00c9ireann","uri":"https:\/\/data.oireachtas.ie\/ie\/oireachtas\/def\/house\/dail"},"date":"2019-01-23","debateSectionId":"dbsect_25","showAs":"Control of Economic Activity (Occupied Territories) Bill 2018 [Seanad]: Second Stage [Private Members]","uri":"https:\/\/data.oireachtas.ie\/akn\/ie\/debateRecord\/dail\/2019-01-23\/debate\/main"},{"chamber":{"showAs":"Seanad \u00c9ireann","uri":"https:\/\/data.oireachtas.ie\/ie\/oireachtas\/def\/house\/seanad"},"date":"2018-12-05","debateSectionId":"dbsect_27","showAs":"Control of Economic Activity (Occupied Territories) Bill 2018: Report and Final Stages","uri":"https:\/\/data.oireachtas.ie\/akn\/ie\/debateRecord\/seanad\/2018-12-05\/debate\/main"},{"chamber":{"showAs":"Seanad \u00c9ireann","uri":"https:\/\/data.oireachtas.ie\/ie\/oireachtas\/def\/house\/seanad"},"date":"2018-11-28","debateSectionId":"dbsect_26","showAs":"Control of Economic Activity (Occupied Territories) Bill 2018: Committee Stage","uri":"https:\/\/data.oireachtas.ie\/akn\/ie\/debateRecord\/seanad\/2018-11-28\/debate\/main"},{"chamber":{"showAs":"Seanad \u00c9ireann","uri":"https:\/\/data.oireachtas.ie\/ie\/oireachtas\/def\/house\/seanad"},"date":"2018-11-28","debateSectionId":"dbsect_28","showAs":"Control of Economic Activity (Occupied Territories) Bill 2018: Committee Stage (Resumed)","uri":"https:\/\/data.oireachtas.ie\/akn\/ie\/debateRecord\/seanad\/2018-11-28\/debate\/main"},{"chamber":{"showAs":"Seanad \u00c9ireann","uri":"https:\/\/data.oireachtas.ie\/ie\/oireachtas\/def\/house\/seanad"},"date":"2018-07-11","debateSectionId":"dbsect_18","showAs":"Control of Economic Activity (Occupied Territories) Bill 2018: Second Stage (Resumed)","uri":"https:\/\/data.oireachtas.ie\/akn\/ie\/debateRecord\/seanad\/2018-07-11\/debate\/main"},{"chamber":{"showAs":"Seanad \u00c9ireann","uri":"https:\/\/data.oireachtas.ie\/ie\/oireachtas\/def\/house\/seanad"},"date":"2018-01-30","debateSectionId":"dbsect_7","showAs":"Control of Economic Activity (Occupied Territories) Bill 2018: Second Stage","uri":"https:\/\/data.oireachtas.ie\/akn\/ie\/debateRecord\/seanad\/2018-01-30\/debate\/main"},{"chamber":{"showAs":"Seanad \u00c9ireann","uri":"https:\/\/data.oireachtas.ie\/ie\/oireachtas\/def\/house\/seanad"},"date":"2018-01-30","debateSectionId":"dbsect_9","showAs":"Control of Economic Activity (Occupied Territories) Bill 2018: Second Stage (Resumed)","uri":"https:\/\/data.oireachtas.ie\/akn\/ie\/debateRecord\/seanad\/2018-01-30\/debate\/main"},{"chamber":{"showAs":"Seanad \u00c9ireann","uri":"https:\/\/data.oireachtas.ie\/ie\/oireachtas\/def\/house\/seanad"},"date":"2018-01-24","debateSectionId":"dbsect_9","showAs":"Control of Economic Activity (Occupied Territories) Bill 2018: First Stage","uri":"https:\/\/data.oireachtas.ie\/akn\/ie\/debateRecord\/seanad\/2018-01-24\/debate\/main"}],"events":[{"event":{"chamber":null,"dates":[{"date":"2018-01-24"}],"eventURI":"https:\/\/data.oireachtas.ie\/ie\/oireachtas\/def\/bill-event\/published","showAs":"Published","uri":"https:\/\/data.oireachtas.ie\/ie\/oireachtas\/bill\/2018\/6\/published"}},{"event":{"chamber":{"chamberCode":"dail","showAs":"D\u00e1il \u00c9ireann","uri":"https:\/\/data.oireachtas.ie\/ie\/oireachtas\/def\/house\/dail"},"dates":[{"date":"2020-01-14"},{"date":"2020-12-09"},{"date":"2025-05-01"}],"eventURI":"https:\/\/data.oireachtas.ie\/ie\/oireachtas\/def\/bill-event\/bill-lapsed","showAs":"Bill Lapsed","uri":"https:\/\/data.oireachtas.ie\/ie\/oireachtas\/bill\/2018\/6\/bill-lapsed"}},{"event":{"chamber":{"chamberCode":"dail","showAs":"D\u00e1il \u00c9ireann","uri":"https:\/\/data.oireachtas.ie\/ie\/oireachtas\/def\/house\/dail"},"dates":[{"date":"2024-11-08"}],"eventURI":"https:\/\/data.oireachtas.ie\/ie\/oireachtas\/def\/bill-event\/bill-lapsed","showAs":"Bill Lapsed","uri":"https:\/\/data.oireachtas.ie\/ie\/oireachtas\/bill\/2018\/6\/bill-lapsed"}}],"lastUpdated":"2025-05-02T11:37:55.760000+00:00","longTitleEn":"Bill entitled an Act to give effect to the State's obligations arising under the Fourth Geneva Convention relative to the Protection of Civilian Persons in Time of War and under customary international humanitarian law; and for that purpose to make it an offence for a person to import or sell goods or services originating in an occupied territory or to extract resources from an occupied territory in certain circumstances; and to provide for related matters","longTitleGa":"Bille d\u00e1 ngairtear Acht do thabhairt \u00e9ifeacht d'oibleag\u00e1id\u00ed an St\u00e1it a eascra\u00edonn faoi Choinbhinsi\u00fan na Gin\u00e9ive maidir le Cosaint Daoine Sibhialta in Aimsir Chogaidh, ar a dtugtar an Ceathr\u00fa Coinbhinsi\u00fan de chuid na Gin\u00e9ive, agus faoin dl\u00ed daonchairdi\u00fail idirn\u00e1isi\u00fanta gn\u00e1ch; agus chun na cr\u00edche sin do dh\u00e9anamh cion de dhuine d'allmhairi\u00fa n\u00f3 do dh\u00edol earra\u00ed n\u00f3 seirbh\u00eds\u00ed ar de bhunadh cr\u00edoch faoi fhorghabh\u00e1il iad, n\u00f3 acmhainn\u00ed a asbhaint as cr\u00edoch faoi fhorghabh\u00e1il in imthosca \u00e1irithe; agus do dh\u00e9anamh socr\u00fa i dtaobh nithe gaolmhara.","method":"Introduced","methodURI":"https:\/\/data.oireachtas.ie\/ie\/oireachtas\/def\/bill-method\/introduced","mostRecentStage":{"event":{"chamber":{"chamberCode":"dail","showAs":"D\u00e1il \u00c9ireann","uri":"https:\/\/data.oireachtas.ie\/ie\/oireachtas\/def\/house\/dail"},"dates":[{"date":"2020-01-14"},{"date":"2020-12-09"},{"date":"2024-11-08"},{"date":"2025-05-01"}],"house":{"chamberCode":"dail","chamberType":"house","houseCode":"dail","houseNo":"32","showAs":"32nd D\u00e1il","uri":"https:\/\/data.oireachtas.ie\/ie\/oireachtas\/house\/dail\/32"},"progressStage":7,"showAs":"Committee Stage","stageCompleted":false,"stageOutcome":"Current","stageURI":"https:\/\/data.oireachtas.ie\/ie\/oireachtas\/def\/bill-stage\/3","uri":"https:\/\/data.oireachtas.ie\/ie\/oireachtas\/bill\/2018\/6\/stage\/dail\/3"}},"originHouse":{"showAs":"Seanad \u00c9ireann","uri":"https:\/\/data.oireachtas.ie\/ie\/oireachtas\/def\/house\/seanad"},"originHouseURI":"https:\/\/data.oireachtas.ie\/ie\/oireachtas\/def\/house\/seanad","relatedDocs":[],"shortTitleEn":"Control of Economic Activity (Occupied Territories) Bill 2018","shortTitleGa":"An Bille um Ghn\u00edomha\u00edocht Eacnama\u00edoch a Rial\u00fa (Cr\u00edocha faoi Fhorghabh\u00e1il), 2018","source":"Private Member","sourceURI":"https:\/\/data.oireachtas.ie\/ie\/oireachtas\/def\/bill-source\/private-member","sponsors":[{"sponsor":{"as":{"showAs":null,"uri":null},"by":{"showAs":"Colette Kelleher","uri":"https:\/\/data.oireachtas.ie\/ie\/oireachtas\/member\/id\/Colette-Kelleher.S.2016-04-25"},"isPrimary":false}},{"sponsor":{"as":{"showAs":null,"uri":null},"by":{"showAs":"Frances Black","uri":"https:\/\/data.oireachtas.ie\/ie\/oireachtas\/member\/id\/Frances-Black.S.2016-04-25"},"isPrimary":true}},{"sponsor":{"as":{"showAs":null,"uri":null},"by":{"showAs":"David P.B. Norris","uri":"https:\/\/data.oireachtas.ie\/ie\/oireachtas\/member\/id\/David-PB-Norris.S.1987-04-25"},"isPrimary":false}},{"sponsor":{"as":{"showAs":null,"uri":null},"by":{"showAs":"Lynn Ruane","uri":"https:\/\/data.oireachtas.ie\/ie\/oireachtas\/member\/id\/Lynn-Ruane.S.2016-04-25"},"isPrimary":false}},{"sponsor":{"as":{"showAs":null,"uri":null},"by":{"showAs":"Alice-Mary Higgins","uri":"https:\/\/data.oireachtas.ie\/ie\/oireachtas\/member\/id\/Alice-Mary-Higgins.S.2016-04-25"},"isPrimary":false}},{"sponsor":{"as":{"showAs":null,"uri":null},"by":{"showAs":"Grace O'Sullivan","uri":"https:\/\/data.oireachtas.ie\/ie\/oireachtas\/member\/id\/Grace-O'Sullivan.S.2016-04-25"},"isPrimary":false}},{"sponsor":{"as":{"showAs":null,"uri":null},"by":{"showAs":"John Dolan","uri":"https:\/\/data.oireachtas.ie\/ie\/oireachtas\/member\/id\/John-Dolan.S.2016-04-25"},"isPrimary":false}}],"stages":[{"event":{"chamber":{"chamberCode":"seanad","showAs":"Seanad \u00c9ireann","uri":"https:\/\/data.oireachtas.ie\/ie\/oireachtas\/def\/house\/seanad"},"dates":[{"date":"2018-01-24"}],"house":{"chamberCode":"seanad","chamberType":"house","houseCode":"seanad","houseNo":"25","showAs":"25th Seanad","uri":"https:\/\/data.oireachtas.ie\/ie\/oireachtas\/house\/seanad\/25"},"progressStage":1,"showAs":"First Stage","stageCompleted":true,"stageOutcome":null,"stageURI":"https:\/\/data.oireachtas.ie\/ie\/oireachtas\/def\/bill-stage\/1","uri":"https:\/\/data.oireachtas.ie\/ie\/oireachtas\/bill\/2018\/6\/stage\/seanad\/1"}},{"event":{"chamber":{"chamberCode":"seanad","showAs":"Seanad \u00c9ireann","uri":"https:\/\/data.oireachtas.ie\/ie\/oireachtas\/def\/house\/seanad"},"dates":[{"date":"2018-01-24"},{"date":"2018-01-24"}],"house":{"chamberCode":"seanad","chamberType":"house","houseCode":"seanad","houseNo":"25","showAs":"25th Seanad","uri":"https:\/\/data.oireachtas.ie\/ie\/oireachtas\/house\/seanad\/25"},"progressStage":2,"showAs":"Second Stage","stageCompleted":true,"stageOutcome":null,"stageURI":"https:\/\/data.oireachtas.ie\/ie\/oireachtas\/def\/bill-stage\/2","uri":"https:\/\/data.oireachtas.ie\/ie\/oireachtas\/bill\/2018\/6\/stage\/seanad\/2"}},{"event":{"chamber":{"chamberCode":"seanad","showAs":"Seanad \u00c9ireann","uri":"https:\/\/data.oireachtas.ie\/ie\/oireachtas\/def\/house\/seanad"},"dates":[{"date":"2018-07-11"}],"house":{"chamberCode":"seanad","chamberType":"house","houseCode":"seanad","houseNo":"25","showAs":"25th Seanad","uri":"https:\/\/data.oireachtas.ie\/ie\/oireachtas\/house\/seanad\/25"},"progressStage":3,"showAs":"Committee Stage","stageCompleted":true,"stageOutcome":null,"stageURI":"https:\/\/data.oireachtas.ie\/ie\/oireachtas\/def\/bill-stage\/3","uri":"https:\/\/data.oireachtas.ie\/ie\/oireachtas\/bill\/2018\/6\/stage\/seanad\/3"}},{"event":{"chamber":{"chamberCode":"seanad","showAs":"Seanad \u00c9ireann","uri":"https:\/\/data.oireachtas.ie\/ie\/oireachtas\/def\/house\/seanad"},"dates":[{"date":"2018-11-28"}],"house":{"chamberCode":"seanad","chamberType":"house","houseCode":"seanad","houseNo":"25","showAs":"25th Seanad","uri":"https:\/\/data.oireachtas.ie\/ie\/oireachtas\/house\/seanad\/25"},"progressStage":4,"showAs":"Report Stage","stageCompleted":true,"stageOutcome":null,"stageURI":"https:\/\/data.oireachtas.ie\/ie\/oireachtas\/def\/bill-stage\/4","uri":"https:\/\/data.oireachtas.ie\/ie\/oireachtas\/bill\/2018\/6\/stage\/seanad\/4"}},{"event":{"chamber":{"chamberCode":"seanad","showAs":"Seanad \u00c9ireann","uri":"https:\/\/data.oireachtas.ie\/ie\/oireachtas\/def\/house\/seanad"},"dates":[{"date":"2018-12-05"}],"house":{"chamberCode":"seanad","chamberType":"house","houseCode":"seanad","houseNo":"25","showAs":"25th Seanad","uri":"https:\/\/data.oireachtas.ie\/ie\/oireachtas\/house\/seanad\/25"},"progressStage":5,"showAs":"Fifth Stage","stageCompleted":true,"stageOutcome":null,"stageURI":"https:\/\/data.oireachtas.ie\/ie\/oireachtas\/def\/bill-stage\/5","uri":"https:\/\/data.oireachtas.ie\/ie\/oireachtas\/bill\/2018\/6\/stage\/seanad\/5"}},{"event":{"chamber":{"chamberCode":"dail","showAs":"D\u00e1il \u00c9ireann","uri":"https:\/\/data.oireachtas.ie\/ie\/oireachtas\/def\/house\/dail"},"dates":[{"date":"2018-12-05"},{"date":"2018-12-05"}],"house":{"chamberCode":"dail","chamberType":"house","houseCode":"dail","houseNo":"32","showAs":"32nd D\u00e1il","uri":"https:\/\/data.oireachtas.ie\/ie\/oireachtas\/house\/dail\/32"},"progressStage":6,"showAs":"Second Stage","stageCompleted":true,"stageOutcome":null,"stageURI":"https:\/\/data.oireachtas.ie\/ie\/oireachtas\/def\/bill-stage\/2","uri":"https:\/\/data.oireachtas.ie\/ie\/oireachtas\/bill\/2018\/6\/stage\/dail\/2"}},{"event":{"chamber":{"chamberCode":"dail","showAs":"D\u00e1il \u00c9ireann","uri":"https:\/\/data.oireachtas.ie\/ie\/oireachtas\/def\/house\/dail"},"dates":[{"date":"2020-01-14"},{"date":"2020-12-09"},{"date":"2024-11-08"},{"date":"2025-05-01"}],"house":{"chamberCode":"dail","chamberType":"house","houseCode":"dail","houseNo":"32","showAs":"32nd D\u00e1il","uri":"https:\/\/data.oireachtas.ie\/ie\/oireachtas\/house\/dail\/32"},"progressStage":7,"showAs":"Committee Stage","stageCompleted":false,"stageOutcome":"Current","stageURI":"https:\/\/data.oireachtas.ie\/ie\/oireachtas\/def\/bill-stage\/3","uri":"https:\/\/data.oireachtas.ie\/ie\/oireachtas\/bill\/2018\/6\/stage\/dail\/3"}}],"status":"Current","statusURI":"https:\/\/data.oireachtas.ie\/ie\/oireachtas\/def\/bill-status\/published","uri":"https:\/\/data.oireachtas.ie\/ie\/oireachtas\/bill\/2018\/6","versions":[{"version":{"date":"2018-01-24","docType":"bill","formats":{"pdf":{"uri":"https:\/\/data.oireachtas.ie\/ie\/oireachtas\/bill\/2018\/6\/eng\/initiated\/b0618s.pdf"},"xml":null},"lang":"eng","showAs":"As Initiated","uri":"https:\/\/data.oireachtas.ie\/ie\/oireachtas\/bill\/2018\/6\/eng\/initiated"}}]},"billSort":{"actNoSort":null,"actShortTitleEnSort":null,"actShortTitleGaSort":null,"actYearSort":null,"billNoSort":6,"billShortTitleEnSort":"control-of-economic-activity-occupied-territories-bill-2018","billShortTitleGaSort":"an-bille-um-ghniomhaiocht-eacnamaioch-a-rialu-criocha-faoi-fhorghabhail-2018","billYearSort":2018},"contextDate":"2025-05-01"},{"bill":{"act":null,"amendmentLists":[],"billNo":"128","billType":"Public","billTypeURI":"https:\/\/data.oireachtas.ie\/ie\/oireachtas\/def\/bill-type\/public","billYear":"2017","debates":[{"chamber":{"showAs":"Seanad \u00c9ireann","uri":"https:\/\/data.oireachtas.ie\/ie\/oireachtas\/def\/house\/seanad"},"date":"2020-10-16","debateSectionId":"dbsect_17","showAs":"Regional Technical Colleges (Amendment) Bill 2017: Restoration to Order Paper","uri":"https:\/\/data.oireachtas.ie\/akn\/ie\/debateRecord\/seanad\/2020-10-16\/debate\/main"},{"chamber":{"showAs":"Seanad \u00c9ireann","uri":"https:\/\/data.oireachtas.ie\/ie\/oireachtas\/def\/house\/seanad"},"date":"2017-11-09","debateSectionId":"dbsect_9","showAs":"Regional Technical Colleges (Amendment) Bill 2017: First Stage","uri":"https:\/\/data.oireachtas.ie\/akn\/ie\/debateRecord\/seanad\/2017-11-09\/debate\/main"}],"events":[{"event":{"chamber":null,"dates":[{"date":"2017-11-09"}],"eventURI":"https:\/\/data.oireachtas.ie\/ie\/oireachtas\/def\/bill-event\/published","showAs":"Published","uri":"https:\/\/data.oireachtas.ie\/ie\/oireachtas\/bill\/2017\/128\/published"}},{"event":{"chamber":{"chamberCode":"seanad","showAs":"Seanad \u00c9ireann","uri":"https:\/\/data.oireachtas.ie\/ie\/oireachtas\/def\/house\/seanad"},"dates":[{"date":"2020-03-27"},{"date":"2020-10-16"}],"eventURI":"https:\/\/data.oireachtas.ie\/ie\/oireachtas\/def\/bill-event\/bill-lapsed","showAs":"Bill Lapsed","uri":"https:\/\/data.oireachtas.ie\/ie\/oireachtas\/bill\/2017\/128\/bill-lapsed"}},{"event":{"chamber":{"chamberCode":"seanad","showAs":"Seanad \u00c9ireann","uri":"https:\/\/data.oireachtas.ie\/ie\/oireachtas\/def\/house\/seanad"},"dates":[{"date":"2025-01-29"}],"eventURI":"https:\/\/data.oireachtas.ie\/ie\/oireachtas\/def\/bill-event\/bill-lapsed","showAs":"Bill Lapsed","uri":"https:\/\/data.oireachtas.ie\/ie\/oireachtas\/bill\/2017\/128\/bill-lapsed"}}],"lastUpdated":"2025-01-30T11:17:37.160000+00:00","longTitleEn":"Bill entitled an Act to provide for the representation on governing bodies for regions served by a college outside of the functional areas of an education and training board in which the college is situated; for that purpose to amend section 6 of the Regional Technical Colleges Act 1992; and to provide for related matters","longTitleGa":"Bille d\u00e1 ngairtear Acht do dh\u00e9anamh socr\u00fa maidir le hionada\u00edocht do r\u00e9igi\u00fain ar chomhlachta\u00ed ceannais, ar r\u00e9igi\u00fain iad a bhfuil col\u00e1iste ag f\u00f3namh d\u00f3ibh agus at\u00e1 lasmuigh den limist\u00e9ar feidhme boird oideachais agus oili\u00fana ina bhfuil an col\u00e1iste suite; chun na cr\u00edche sin, do leas\u00fa alt 6 d'Acht na gCol\u00e1ist\u00ed Teicni\u00fala R\u00e9igi\u00fanacha, 1992; agus do dh\u00e9anamh socr\u00fa i dtaobh nithe gaolmhara","method":"Introduced","methodURI":"https:\/\/data.oireachtas.ie\/ie\/oireachtas\/def\/bill-method\/introduced","mostRecentStage":{"event":{"chamber":{"chamberCode":"seanad","showAs":"Seanad \u00c9ireann","uri":"https:\/\/data.oireachtas.ie\/ie\/oireachtas\/def\/house\/seanad"},"dates":[{"date":"2017-11-09"}],"house":{"chamberCode":"seanad","chamberType":"house","houseCode":"seanad","houseNo":"25","showAs":"25th Seanad","uri":"https:\/\/data.oireachtas.ie\/ie\/oireachtas\/house\/seanad\/25"},"progressStage":1,"showAs":"First Stage","stageCompleted":true,"stageOutcome":null,"stageURI":"https:\/\/data.oireachtas.ie\/ie\/oireachtas\/def\/bill-stage\/1","uri":"https:\/\/data.oireachtas.ie\/ie\/oireachtas\/bill\/2017\/128\/stage\/seanad\/1"}},"originHouse":{"showAs":"Seanad \u00c9ireann","uri":"https:\/\/data.oireachtas.ie\/ie\/oireachtas\/def\/house\/seanad"},"originHouseURI":"https:\/\/data.oireachtas.ie\/ie\/oireachtas\/def\/house\/seanad","relatedDocs":[],"shortTitleEn":"Regional Technical Colleges (Amendment) Bill 2017","shortTitleGa":"Bille na gCol\u00e1ist\u00ed Teicni\u00fala R\u00e9igi\u00fanacha (Leas\u00fa), 2017","source":"Private Member","sourceURI":"https:\/\/data.oireachtas.ie\/ie\/oireachtas\/def\/bill-source\/private-member","sponsors":[{"sponsor":{"as":{"showAs":null,"uri":null},"by":{"showAs":"Paddy Burke","uri":"https:\/\/data.oireachtas.ie\/ie\/oireachtas\/member\/id\/Paddy-Burke.S.1993-02-17"},"isPrimary":true}},{"sponsor":{"as":{"showAs":null,"uri":null},"by":{"showAs":"Michelle Mulherin","uri":"https:\/\/data.oireachtas.ie\/ie\/oireachtas\/member\/id\/Michelle-Mulherin.D.2011-03-09"},"isPrimary":false}},{"sponsor":{"as":{"showAs":null,"uri":null},"by":{"showAs":"John O'Mahony","uri":"https:\/\/data.oireachtas.ie\/ie\/oireachtas\/member\/id\/John-O'Mahony.D.2007-06-14"},"isPrimary":false}}],"stages":[{"event":{"chamber":{"chamberCode":"seanad","showAs":"Seanad \u00c9ireann","uri":"https:\/\/data.oireachtas.ie\/ie\/oireachtas\/def\/house\/seanad"},"dates":[{"date":"2017-11-09"}],"house":{"chamberCode":"seanad","chamberType":"house","houseCode":"seanad","houseNo":"25","showAs":"25th Seanad","uri":"https:\/\/data.oireachtas.ie\/ie\/oireachtas\/house\/seanad\/25"},"progressStage":1,"showAs":"First Stage","stageCompleted":true,"stageOutcome":null,"stageURI":"https:\/\/data.oireachtas.ie\/ie\/oireachtas\/def\/bill-stage\/1","uri":"https:\/\/data.oireachtas.ie\/ie\/oireachtas\/bill\/2017\/128\/stage\/seanad\/1"}}],"status":"Lapsed","statusURI":"https:\/\/data.oireachtas.ie\/ie\/oireachtas\/def\/bill-status\/lapsed","uri":"https:\/\/data.oireachtas.ie\/ie\/oireachtas\/bill\/2017\/128","versions":[{"version":{"date":"2017-11-09","docType":"bill","formats":{"pdf":{"uri":"https:\/\/data.oireachtas.ie\/ie\/oireachtas\/bill\/2017\/128\/eng\/initiated\/b12817s.pdf"},"xml":null},"lang":"eng","showAs":"As Initiated","uri":"https:\/\/data.oireachtas.ie\/ie\/oireachtas\/bill\/2017\/128\/eng\/initiated"}}]},"billSort":{"actNoSort":null,"actShortTitleEnSort":null,"actShortTitleGaSort":null,"actYearSort":null,"billNoSort":128,"billShortTitleEnSort":"regional-technical-colleges-amendment-bill-2017","billShortTitleGaSort":"bille-na-gcolaisti-teicniula-reigiunacha-leasu-2017","billYearSort":2017},"contextDate":"2017-11-09"},{"bill":{"act":null,"amendmentLists":[{"amendmentList":{"amendmentTypeUri":{"uri":"https:\/\/data.oireachtas.ie\/ie\/oireachtas\/def\/amendment-type\/numberedList"},"chamber":{"showAs":"Seanad","uri":"https:\/\/data.oireachtas.ie\/ie\/oireachtas\/def\/seanad"},"date":"2018-03-06","formats":{"pdf":{"uri":"https:\/\/data.oireachtas.ie\/ie\/oireachtas\/bill\/2017\/101\/seanad\/4\/amendment\/numberedList\/eng\/b101a17s-srn.pdf"},"xml":null},"showAs":"Numbered List [Seanad]","stage":{"showAs":"Report Stage","uri":"https:\/\/data.oireachtas.ie\/ie\/oireachtas\/bill\/2017\/101\/seanad\/4"},"stageNo":"4"}},{"amendmentList":{"amendmentTypeUri":{"uri":"https:\/\/data.oireachtas.ie\/ie\/oireachtas\/def\/amendment-type\/numberedList"},"chamber":{"showAs":"Seanad","uri":"https:\/\/data.oireachtas.ie\/ie\/oireachtas\/def\/seanad"},"date":"2017-11-07","formats":{"pdf":{"uri":"https:\/\/data.oireachtas.ie\/ie\/oireachtas\/bill\/2017\/101\/seanad\/3\/amendment\/numberedList\/eng\/b10117s-scn.pdf"},"xml":null},"showAs":"Numbered List [Seanad]","stage":{"showAs":"Committee Stage","uri":"https:\/\/data.oireachtas.ie\/ie\/oireachtas\/bill\/2017\/101\/seanad\/3"},"stageNo":"3"}}],"billNo":"101","billType":"Public","billTypeURI":"https:\/\/data.oireachtas.ie\/ie\/oireachtas\/def\/bill-type\/public","billYear":"2017","debates":[{"chamber":{"showAs":"D\u00e1il \u00c9ireann","uri":"https:\/\/data.oireachtas.ie\/ie\/oireachtas\/def\/house\/dail"},"date":"2021-12-08","debateSectionId":"dbsect_11","showAs":"International Protection (Family Reunification) (Amendment) Bill 2017 [Seanad]: Referral to Select Committee","uri":"https:\/\/data.oireachtas.ie\/akn\/ie\/debateRecord\/dail\/2021-12-08\/debate\/main"},{"chamber":{"showAs":"D\u00e1il \u00c9ireann","uri":"https:\/\/data.oireachtas.ie\/ie\/oireachtas\/def\/house\/dail"},"date":"2018-12-13","debateSectionId":"dbsect_20","showAs":"International Protection (Family Reunification) (Amendment) Bill 2017 [Seanad]: Second Stage (Resumed) [Private Members]","uri":"https:\/\/data.oireachtas.ie\/akn\/ie\/debateRecord\/dail\/2018-12-13\/debate\/main"},{"chamber":{"showAs":"D\u00e1il \u00c9ireann","uri":"https:\/\/data.oireachtas.ie\/ie\/oireachtas\/def\/house\/dail"},"date":"2018-12-13","debateSectionId":"dbsect_25","showAs":"International Protection (Family Reunification) (Amendment) Bill 2017 [Seanad]: Referral to Select Committee [Private Members]","uri":"https:\/\/data.oireachtas.ie\/akn\/ie\/debateRecord\/dail\/2018-12-13\/debate\/main"},{"chamber":{"showAs":"D\u00e1il \u00c9ireann","uri":"https:\/\/data.oireachtas.ie\/ie\/oireachtas\/def\/house\/dail"},"date":"2018-12-06","debateSectionId":"dbsect_41","showAs":"International Protection (Family Reunification) (Amendment) Bill 2017 [Seanad]: Second Stage [Private Members]","uri":"https:\/\/data.oireachtas.ie\/akn\/ie\/debateRecord\/dail\/2018-12-06\/debate\/main"},{"chamber":{"showAs":"Seanad \u00c9ireann","uri":"https:\/\/data.oireachtas.ie\/ie\/oireachtas\/def\/house\/seanad"},"date":"2018-03-07","debateSectionId":"dbsect_14","showAs":"International Protection (Family Reunification) (Amendment) Bill 2017: Report and Final Stages","uri":"https:\/\/data.oireachtas.ie\/akn\/ie\/debateRecord\/seanad\/2018-03-07\/debate\/main"},{"chamber":{"showAs":"Seanad \u00c9ireann","uri":"https:\/\/data.oireachtas.ie\/ie\/oireachtas\/def\/house\/seanad"},"date":"2017-11-08","debateSectionId":"dbsect_10","showAs":"International Protection (Family Reunification) (Amendment) Bill 2017: Committee Stage","uri":"https:\/\/data.oireachtas.ie\/akn\/ie\/debateRecord\/seanad\/2017-11-08\/debate\/main"},{"chamber":{"showAs":"Seanad \u00c9ireann","uri":"https:\/\/data.oireachtas.ie\/ie\/oireachtas\/def\/house\/seanad"},"date":"2017-11-08","debateSectionId":"dbsect_12","showAs":"International Protection (Family Reunification) (Amendment) Bill 2017: Committee Stage (Resumed)","uri":"https:\/\/data.oireachtas.ie\/akn\/ie\/debateRecord\/seanad\/2017-11-08\/debate\/main"},{"chamber":{"showAs":"Seanad \u00c9ireann","uri":"https:\/\/data.oireachtas.ie\/ie\/oireachtas\/def\/house\/seanad"},"date":"2017-07-19","debateSectionId":"dbsect_28","showAs":"International Protection (Family Reunification) (Amendment) Bill 2017: Second Stage","uri":"https:\/\/data.oireachtas.ie\/akn\/ie\/debateRecord\/seanad\/2017-07-19\/debate\/main"},{"chamber":{"showAs":"Seanad \u00c9ireann","uri":"https:\/\/data.oireachtas.ie\/ie\/oireachtas\/def\/house\/seanad"},"date":"2017-07-19","debateSectionId":"dbsect_30","showAs":"International Protection (Family Reunification) (Amendment) Bill 2017: Second Stage (Resumed)","uri":"https:\/\/data.oireachtas.ie\/akn\/ie\/debateRecord\/seanad\/2017-07-19\/debate\/main"},{"chamber":{"showAs":"Seanad \u00c9ireann","uri":"https:\/\/data.oireachtas.ie\/ie\/oireachtas\/def\/house\/seanad"},"date":"2017-07-12","debateSectionId":"dbsect_9","showAs":"International Protection (Family Reunification) (Amendment) Bill 2017: First Stage","uri":"https:\/\/data.oireachtas.ie\/akn\/ie\/debateRecord\/seanad\/2017-07-12\/debate\/main"}],"events":[{"event":{"chamber":null,"dates":[{"date":"2017-07-12"}],"eventURI":"https:\/\/data.oireachtas.ie\/ie\/oireachtas\/def\/bill-event\/published","showAs":"Published","uri":"https:\/\/data.oireachtas.ie\/ie\/oireachtas\/bill\/2017\/101\/published"}},{"event":{"chamber":{"chamberCode":"dail","showAs":"D\u00e1il \u00c9ireann","uri":"https:\/\/data.oireachtas.ie\/ie\/oireachtas\/def\/house\/dail"},"dates":[{"date":"2020-01-14"},{"date":"2020-12-09"},{"date":"2025-05-01"}],"eventURI":"https:\/\/data.oireachtas.ie\/ie\/oireachtas\/def\/bill-event\/bill-lapsed","showAs":"Bill Lapsed","uri":"https:\/\/data.oireachtas.ie\/ie\/oireachtas\/bill\/2017\/101\/bill-lapsed"}},{"event":{"chamber":{"chamberCode":"dail","showAs":"D\u00e1il \u00c9ireann","uri":"https:\/\/data.oireachtas.ie\/ie\/oireachtas\/def\/house\/dail"},"dates":[{"date":"2024-11-08"}],"eventURI":"https:\/\/data.oireachtas.ie\/ie\/oireachtas\/def\/bill-event\/bill-lapsed","showAs":"Bill Lapsed","uri":"https:\/\/data.oireachtas.ie\/ie\/oireachtas\/bill\/2017\/101\/bill-lapsed"}}],"lastUpdated":"2025-05-02T13:37:16.680000+00:00","longTitleEn":"Bill entitled an Act to provide for a refugee or a person eligible for subsidiary protection to apply for members of their family, including a grandparent, parent, brother, sister, child, grandchild, ward or guardian, to enter and reside in the State","longTitleGa":"Bille d\u00e1 ngairtear Acht do dh\u00e9anamh socr\u00fa maidir le d\u00eddeana\u00ed n\u00f3 duine at\u00e1 inch\u00e1ilithe le haghaidh cosaint fhoghabh\u00e1lach do dh\u00e9anamh iarratais ar dhaoine d\u00e1 theaghlach n\u00f3 d\u00e1 teaghlach, lena n-\u00e1ir\u00edtear seanathair n\u00f3 seanmh\u00e1thair, tuismitheoir, dearth\u00e1ir, deirfi\u00far, leanbh, ua n\u00f3 banua, coimirc\u00ed n\u00f3 caomhn\u00f3ir, do theacht isteach sa St\u00e1t agus do ch\u00f3na\u00ed sa St\u00e1t","method":"Introduced","methodURI":"https:\/\/data.oireachtas.ie\/ie\/oireachtas\/def\/bill-method\/introduced","mostRecentStage":{"event":{"chamber":{"chamberCode":"dail","showAs":"D\u00e1il \u00c9ireann","uri":"https:\/\/data.oireachtas.ie\/ie\/oireachtas\/def\/house\/dail"},"dates":[{"date":"2020-01-14"},{"date":"2020-12-09"},{"date":"2024-11-08"},{"date":"2025-05-01"}],"house":{"chamberCode":"dail","chamberType":"house","houseCode":"dail","houseNo":"32","showAs":"32nd D\u00e1il","uri":"https:\/\/data.oireachtas.ie\/ie\/oireachtas\/house\/dail\/32"},"progressStage":7,"showAs":"Committee Stage","stageCompleted":false,"stageOutcome":"Current","stageURI":"https:\/\/data.oireachtas.ie\/ie\/oireachtas\/def\/bill-stage\/3","uri":"https:\/\/data.oireachtas.ie\/ie\/oireachtas\/bill\/2017\/101\/stage\/dail\/3"}},"originHouse":{"showAs":"Seanad \u00c9ireann","uri":"https:\/\/data.oireachtas.ie\/ie\/oireachtas\/def\/house\/seanad"},"originHouseURI":"https:\/\/data.oireachtas.ie\/ie\/oireachtas\/def\/house\/seanad","relatedDocs":[],"shortTitleEn":"International Protection (Family Reunification) (Amendment) Bill 2017","shortTitleGa":"An Bille um Chosaint Idirn\u00e1isi\u00fanta (Athaont\u00fa Teaghlaigh) (Leas\u00fa), 2017","source":"Private Member","sourceURI":"https:\/\/data.oireachtas.ie\/ie\/oireachtas\/def\/bill-source\/private-member","sponsors":[{"sponsor":{"as":{"showAs":null,"uri":null},"by":{"showAs":"Frances Black","uri":"https:\/\/data.oireachtas.ie\/ie\/oireachtas\/member\/id\/Frances-Black.S.2016-04-25"},"isPrimary":false}},{"sponsor":{"as":{"showAs":null,"uri":null},"by":{"showAs":"Lynn Ruane","uri":"https:\/\/data.oireachtas.ie\/ie\/oireachtas\/member\/id\/Lynn-Ruane.S.2016-04-25"},"isPrimary":false}},{"sponsor":{"as":{"showAs":null,"uri":null},"by":{"showAs":"Alice-Mary Higgins","uri":"https:\/\/data.oireachtas.ie\/ie\/oireachtas\/member\/id\/Alice-Mary-Higgins.S.2016-04-25"},"isPrimary":false}},{"sponsor":{"as":{"showAs":null,"uri":null},"by":{"showAs":"Grace O'Sullivan","uri":"https:\/\/data.oireachtas.ie\/ie\/oireachtas\/member\/id\/Grace-O'Sullivan.S.2016-04-25"},"isPrimary":false}},{"sponsor":{"as":{"showAs":null,"uri":null},"by":{"showAs":"John Dolan","uri":"https:\/\/data.oireachtas.ie\/ie\/oireachtas\/member\/id\/John-Dolan.S.2016-04-25"},"isPrimary":false}},{"sponsor":{"as":{"showAs":null,"uri":null},"by":{"showAs":"Colette Kelleher","uri":"https:\/\/data.oireachtas.ie\/ie\/oireachtas\/member\/id\/Colette-Kelleher.S.2016-04-25"},"isPrimary":true}}],"stages":[{"event":{"chamber":{"chamberCode":"seanad","showAs":"Seanad \u00c9ireann","uri":"https:\/\/data.oireachtas.ie\/ie\/oireachtas\/def\/house\/seanad"},"dates":[{"date":"2017-07-12"}],"house":{"chamberCode":"seanad","chamberType":"house","houseCode":"seanad","houseNo":"25","showAs":"25th Seanad","uri":"https:\/\/data.oireachtas.ie\/ie\/oireachtas\/house\/seanad\/25"},"progressStage":1,"showAs":"First Stage","stageCompleted":true,"stageOutcome":null,"stageURI":"https:\/\/data.oireachtas.ie\/ie\/oireachtas\/def\/bill-stage\/1","uri":"https:\/\/data.oireachtas.ie\/ie\/oireachtas\/bill\/2017\/101\/stage\/seanad\/1"}},{"event":{"chamber":{"chamberCode":"seanad","showAs":"Seanad \u00c9ireann","uri":"https:\/\/data.oireachtas.ie\/ie\/oireachtas\/def\/house\/seanad"},"dates":[{"date":"2017-07-12"},{"date":"2017-07-12"}],"house":{"chamberCode":"seanad","chamberType":"house","houseCode":"seanad","houseNo":"25","showAs":"25th Seanad","uri":"https:\/\/data.oireachtas.ie\/ie\/oireachtas\/house\/seanad\/25"},"progressStage":2,"showAs":"Second Stage","stageCompleted":true,"stageOutcome":null,"stageURI":"https:\/\/data.oireachtas.ie\/ie\/oireachtas\/def\/bill-stage\/2","uri":"https:\/\/data.oireachtas.ie\/ie\/oireachtas\/bill\/2017\/101\/stage\/seanad\/2"}},{"event":{"chamber":{"chamberCode":"seanad","showAs":"Seanad \u00c9ireann","uri":"https:\/\/data.oireachtas.ie\/ie\/oireachtas\/def\/house\/seanad"},"dates":[{"date":"2017-07-19"}],"house":{"chamberCode":"seanad","chamberType":"house","houseCode":"seanad","houseNo":"25","showAs":"25th Seanad","uri":"https:\/\/data.oireachtas.ie\/ie\/oireachtas\/house\/seanad\/25"},"progressStage":3,"showAs":"Committee Stage","stageCompleted":true,"stageOutcome":null,"stageURI":"https:\/\/data.oireachtas.ie\/ie\/oireachtas\/def\/bill-stage\/3","uri":"https:\/\/data.oireachtas.ie\/ie\/oireachtas\/bill\/2017\/101\/stage\/seanad\/3"}},{"event":{"chamber":{"chamberCode":"seanad","showAs":"Seanad \u00c9ireann","uri":"https:\/\/data.oireachtas.ie\/ie\/oireachtas\/def\/house\/seanad"},"dates":[{"date":"2018-03-07"}],"house":{"chamberCode":"seanad","chamberType":"house","houseCode":"seanad","houseNo":"25","showAs":"25th Seanad","uri":"https:\/\/data.oireachtas.ie\/ie\/oireachtas\/house\/seanad\/25"},"progressStage":4,"showAs":"Report Stage","stageCompleted":true,"stageOutcome":null,"stageURI":"https:\/\/data.oireachtas.ie\/ie\/oireachtas\/def\/bill-stage\/4","uri":"https:\/\/data.oireachtas.ie\/ie\/oireachtas\/bill\/2017\/101\/stage\/seanad\/4"}},{"event":{"chamber":{"chamberCode":"seanad","showAs":"Seanad \u00c9ireann","uri":"https:\/\/data.oireachtas.ie\/ie\/oireachtas\/def\/house\/seanad"},"dates":[{"date":"2018-03-07"}],"house":{"chamberCode":"seanad","chamberType":"house","houseCode":"seanad","houseNo":"25","showAs":"25th Seanad","uri":"https:\/\/data.oireachtas.ie\/ie\/oireachtas\/house\/seanad\/25"},"progressStage":5,"showAs":"Fifth Stage","stageCompleted":true,"stageOutcome":null,"stageURI":"https:\/\/data.oireachtas.ie\/ie\/oireachtas\/def\/bill-stage\/5","uri":"https:\/\/data.oireachtas.ie\/ie\/oireachtas\/bill\/2017\/101\/stage\/seanad\/5"}},{"event":{"chamber":{"chamberCode":"dail","showAs":"D\u00e1il \u00c9ireann","uri":"https:\/\/data.oireachtas.ie\/ie\/oireachtas\/def\/house\/dail"},"dates":[{"date":"2018-03-07"},{"date":"2018-03-07"}],"house":{"chamberCode":"dail","chamberType":"house","houseCode":"dail","houseNo":"32","showAs":"32nd D\u00e1il","uri":"https:\/\/data.oireachtas.ie\/ie\/oireachtas\/house\/dail\/32"},"progressStage":6,"showAs":"Second Stage","stageCompleted":true,"stageOutcome":null,"stageURI":"https:\/\/data.oireachtas.ie\/ie\/oireachtas\/def\/bill-stage\/2","uri":"https:\/\/data.oireachtas.ie\/ie\/oireachtas\/bill\/2017\/101\/stage\/dail\/2"}},{"event":{"chamber":{"chamberCode":"dail","showAs":"D\u00e1il \u00c9ireann","uri":"https:\/\/data.oireachtas.ie\/ie\/oireachtas\/def\/house\/dail"},"dates":[{"date":"2020-01-14"},{"date":"2020-12-09"},{"date":"2024-11-08"},{"date":"2025-05-01"}],"house":{"chamberCode":"dail","chamberType":"house","houseCode":"dail","houseNo":"32","showAs":"32nd D\u00e1il","uri":"https:\/\/data.oireachtas.ie\/ie\/oireachtas\/house\/dail\/32"},"progressStage":7,"showAs":"Committee Stage","stageCompleted":false,"stageOutcome":"Current","stageURI":"https:\/\/data.oireachtas.ie\/ie\/oireachtas\/def\/bill-stage\/3","uri":"https:\/\/data.oireachtas.ie\/ie\/oireachtas\/bill\/2017\/101\/stage\/dail\/3"}}],"status":"Current","statusURI":"https:\/\/data.oireachtas.ie\/ie\/oireachtas\/def\/bill-status\/published","uri":"https:\/\/data.oireachtas.ie\/ie\/oireachtas\/bill\/2017\/101","versions":[{"version":{"date":"2018-03-07","docType":"bill","formats":{"pdf":{"uri":"https:\/\/data.oireachtas.ie\/ie\/oireachtas\/bill\/2017\/101\/eng\/ver_b\/b101b17s.pdf"},"xml":null},"lang":"eng","showAs":"As passed by Seanad \u00c9ireann","uri":"https:\/\/data.oireachtas.ie\/ie\/oireachtas\/bill\/2017\/101\/eng\/ver_b"}},{"version":{"date":"2017-11-08","docType":"bill","formats":{"pdf":{"uri":"https:\/\/data.oireachtas.ie\/ie\/oireachtas\/bill\/2017\/101\/eng\/ver_a\/b101a17s.pdf"},"xml":null},"lang":"eng","showAs":"As amended in Committee [Seanad \u00c9ireann]","uri":"https:\/\/data.oireachtas.ie\/ie\/oireachtas\/bill\/2017\/101\/eng\/ver_a"}},{"version":{"date":"2017-07-13","docType":"bill","formats":{"pdf":{"uri":"https:\/\/data.oireachtas.ie\/ie\/oireachtas\/bill\/2017\/101\/eng\/initiated\/b10117s.pdf"},"xml":null},"lang":"eng","showAs":"As Initiated","uri":"https:\/\/data.oireachtas.ie\/ie\/oireachtas\/bill\/2017\/101\/eng\/initiated"}}]},"billSort":{"actNoSort":null,"actShortTitleEnSort":null,"actShortTitleGaSort":null,"actYearSort":null,"billNoSort":101,"billShortTitleEnSort":"international-protection-family-reunification-amendment-bill-2017","billShortTitleGaSort":"an-bille-um-chosaint-idirnaisiunta-athaontu-teaghlaigh-leasu-2017","billYearSort":2017},"contextDate":"2025-05-01"},{"bill":{"act":null,"amendmentLists":[],"billNo":"100","billType":"Public","billTypeURI":"https:\/\/data.oireachtas.ie\/ie\/oireachtas\/def\/bill-type\/public","billYear":"2017","debates":[{"chamber":{"showAs":"D\u00e1il \u00c9ireann","uri":"https:\/\/data.oireachtas.ie\/ie\/oireachtas\/def\/house\/dail"},"date":"2017-11-15","debateSectionId":"dbsect_34","showAs":"Housing (Homeless Families) Bill 2017: Second Stage [Private Members]","uri":"https:\/\/data.oireachtas.ie\/akn\/ie\/debateRecord\/dail\/2017-11-15\/debate\/main"},{"chamber":{"showAs":"D\u00e1il \u00c9ireann","uri":"https:\/\/data.oireachtas.ie\/ie\/oireachtas\/def\/house\/dail"},"date":"2017-11-15","debateSectionId":"dbsect_35","showAs":"Housing (Homeless Families) Bill 2017: Referral to Select Committee [Private Members]","uri":"https:\/\/data.oireachtas.ie\/akn\/ie\/debateRecord\/dail\/2017-11-15\/debate\/main"},{"chamber":{"showAs":"D\u00e1il \u00c9ireann","uri":"https:\/\/data.oireachtas.ie\/ie\/oireachtas\/def\/house\/dail"},"date":"2017-07-11","debateSectionId":"dbsect_10","showAs":"Housing (Homeless Families) Bill 2017: First Stage","uri":"https:\/\/data.oireachtas.ie\/akn\/ie\/debateRecord\/dail\/2017-07-11\/debate\/main"}],"events":[{"event":{"chamber":{"chamberCode":"dail","showAs":"D\u00e1il \u00c9ireann","uri":"https:\/\/data.oireachtas.ie\/ie\/oireachtas\/def\/house\/dail"},"dates":[{"date":"2020-01-14"},{"date":"2024-11-08"}],"eventURI":"https:\/\/data.oireachtas.ie\/ie\/oireachtas\/def\/bill-event\/bill-lapsed","showAs":"Bill Lapsed","uri":"https:\/\/data.oireachtas.ie\/ie\/oireachtas\/bill\/2017\/100\/bill-lapsed"}},{"event":{"chamber":{"chamberCode":"dail","showAs":"D\u00e1il \u00c9ireann","uri":"https:\/\/data.oireachtas.ie\/ie\/oireachtas\/def\/house\/dail"},"dates":[{"date":"2020-09-17"},{"date":"2025-05-01"}],"eventURI":"https:\/\/data.oireachtas.ie\/ie\/oireachtas\/def\/bill-event\/bill-restored","showAs":"Bill Restored","uri":"https:\/\/data.oireachtas.ie\/ie\/oireachtas\/bill\/2017\/100\/bill-restored"}},{"event":{"chamber":null,"dates":[{"date":"2017-07-11"}],"eventURI":"https:\/\/data.oireachtas.ie\/ie\/oireachtas\/def\/bill-event\/published","showAs":"Published","uri":"https:\/\/data.oireachtas.ie\/ie\/oireachtas\/bill\/2017\/100\/published"}}],"lastUpdated":"2025-05-02T13:34:59.120000+00:00","longTitleEn":"Bill entitled an Act to make provision in relation to requests for accommodation by homeless families, for that purpose to amend the Housing Act 1988 and to provide for related matters.","longTitleGa":"Bille d\u00e1 ngairtear Acht do dh\u00e9anamh socr\u00fa i nd\u00e1il le hiarrata\u00ed ar ch\u00f3ir\u00edocht \u00f3 theaghlaigh gan d\u00eddean, chun na cr\u00edche sin do leas\u00fa Acht na dTithe, 1988 agus do dh\u00e9anamh socr\u00fa i dtaobh nithe gaolmhara.","method":"Introduced","methodURI":"https:\/\/data.oireachtas.ie\/ie\/oireachtas\/def\/bill-method\/introduced","mostRecentStage":{"event":{"chamber":{"chamberCode":"dail","showAs":"D\u00e1il \u00c9ireann","uri":"https:\/\/data.oireachtas.ie\/ie\/oireachtas\/def\/house\/dail"},"dates":[{"date":"2020-01-14"},{"date":"2020-09-17"},{"date":"2024-11-08"},{"date":"2025-05-01"}],"house":{"chamberCode":"dail","chamberType":"house","houseCode":"dail","houseNo":"32","showAs":"32nd D\u00e1il","uri":"https:\/\/data.oireachtas.ie\/ie\/oireachtas\/house\/dail\/32"},"progressStage":3,"showAs":"Committee Stage","stageCompleted":false,"stageOutcome":"Current","stageURI":"https:\/\/data.oireachtas.ie\/ie\/oireachtas\/def\/bill-stage\/3","uri":"https:\/\/data.oireachtas.ie\/ie\/oireachtas\/bill\/2017\/100\/stage\/dail\/3"}},"originHouse":{"showAs":"D\u00e1il \u00c9ireann","uri":"https:\/\/data.oireachtas.ie\/ie\/oireachtas\/def\/house\/dail"},"originHouseURI":"https:\/\/data.oireachtas.ie\/ie\/oireachtas\/def\/house\/dail","relatedDocs":[{"relatedDoc":{"date":"2017-07-11","docType":"memo","formats":{"pdf":{"uri":"https:\/\/data.oireachtas.ie\/ie\/oireachtas\/bill\/2017\/100\/eng\/memo\/b10017d-memo.pdf"},"xml":null},"lang":"eng","showAs":"Explanatory Memorandum","uri":"https:\/\/data.oireachtas.ie\/ie\/oireachtas\/bill\/2017\/100\/eng\/memo"}}],"shortTitleEn":"Housing (Homeless Families) Bill 2017","shortTitleGa":"Bille na dTithe (Teaghlaigh gan D\u00eddean), 2017","source":"Private Member","sourceURI":"https:\/\/data.oireachtas.ie\/ie\/oireachtas\/def\/bill-source\/private-member","sponsors":[{"sponsor":{"as":{"showAs":null,"uri":null},"by":{"showAs":"Jan O'Sullivan","uri":"https:\/\/data.oireachtas.ie\/ie\/oireachtas\/member\/id\/Jan-O'Sullivan.S.1993-02-17"},"isPrimary":true}}],"stages":[{"event":{"chamber":{"chamberCode":"dail","showAs":"D\u00e1il \u00c9ireann","uri":"https:\/\/data.oireachtas.ie\/ie\/oireachtas\/def\/house\/dail"},"dates":[{"date":"2017-07-11"}],"house":{"chamberCode":"dail","chamberType":"house","houseCode":"dail","houseNo":"32","showAs":"32nd D\u00e1il","uri":"https:\/\/data.oireachtas.ie\/ie\/oireachtas\/house\/dail\/32"},"progressStage":1,"showAs":"First Stage","stageCompleted":true,"stageOutcome":null,"stageURI":"https:\/\/data.oireachtas.ie\/ie\/oireachtas\/def\/bill-stage\/1","uri":"https:\/\/data.oireachtas.ie\/ie\/oireachtas\/bill\/2017\/100\/stage\/dail\/1"}},{"event":{"chamber":{"chamberCode":"dail","showAs":"D\u00e1il \u00c9ireann","uri":"https:\/\/data.oireachtas.ie\/ie\/oireachtas\/def\/house\/dail"},"dates":[{"date":"2017-07-11"},{"date":"2017-07-11"}],"house":{"chamberCode":"dail","chamberType":"house","houseCode":"dail","houseNo":"32","showAs":"32nd D\u00e1il","uri":"https:\/\/data.oireachtas.ie\/ie\/oireachtas\/house\/dail\/32"},"progressStage":2,"showAs":"Second Stage","stageCompleted":true,"stageOutcome":null,"stageURI":"https:\/\/data.oireachtas.ie\/ie\/oireachtas\/def\/bill-stage\/2","uri":"https:\/\/data.oireachtas.ie\/ie\/oireachtas\/bill\/2017\/100\/stage\/dail\/2"}},{"event":{"chamber":{"chamberCode":"dail","showAs":"D\u00e1il \u00c9ireann","uri":"https:\/\/data.oireachtas.ie\/ie\/oireachtas\/def\/house\/dail"},"dates":[{"date":"2020-01-14"},{"date":"2020-09-17"},{"date":"2024-11-08"},{"date":"2025-05-01"}],"house":{"chamberCode":"dail","chamberType":"house","houseCode":"dail","houseNo":"32","showAs":"32nd D\u00e1il","uri":"https:\/\/data.oireachtas.ie\/ie\/oireachtas\/house\/dail\/32"},"progressStage":3,"showAs":"Committee Stage","stageCompleted":false,"stageOutcome":"Current","stageURI":"https:\/\/data.oireachtas.ie\/ie\/oireachtas\/def\/bill-stage\/3","uri":"https:\/\/data.oireachtas.ie\/ie\/oireachtas\/bill\/2017\/100\/stage\/dail\/3"}}],"status":"Current","statusURI":"https:\/\/data.oireachtas.ie\/ie\/oireachtas\/def\/bill-status\/published","uri":"https:\/\/data.oireachtas.ie\/ie\/oireachtas\/bill\/2017\/100","versions":[{"version":{"date":"2017-07-11","docType":"bill","formats":{"pdf":{"uri":"https:\/\/data.oireachtas.ie\/ie\/oireachtas\/bill\/2017\/100\/eng\/initiated\/b10017d.pdf"},"xml":null},"lang":"eng","showAs":"As Initiated","uri":"https:\/\/data.oireachtas.ie\/ie\/oireachtas\/bill\/2017\/100\/eng\/initiated"}}]},"billSort":{"actNoSort":null,"actShortTitleEnSort":null,"actShortTitleGaSort":null,"actYearSort":null,"billNoSort":100,"billShortTitleEnSort":"housing-homeless-families-bill-2017","billShortTitleGaSort":"bille-na-dtithe-teaghlaigh-gan-didean-2017","billYearSort":2017},"contextDate":"2025-05-01"},{"bill":{"act":null,"amendmentLists":[],"billNo":"92","billType":"Public","billTypeURI":"https:\/\/data.oireachtas.ie\/ie\/oireachtas\/def\/bill-type\/public","billYear":"2017","debates":[{"chamber":{"showAs":"Seanad \u00c9ireann","uri":"https:\/\/data.oireachtas.ie\/ie\/oireachtas\/def\/house\/seanad"},"date":"2022-02-17","debateSectionId":"dbsect_9","showAs":"Life Saving Equipment Bill 2017: Committee Stage","uri":"https:\/\/data.oireachtas.ie\/akn\/ie\/debateRecord\/seanad\/2022-02-17\/debate\/main"},{"chamber":{"showAs":"Seanad \u00c9ireann","uri":"https:\/\/data.oireachtas.ie\/ie\/oireachtas\/def\/house\/seanad"},"date":"2021-03-05","debateSectionId":"dbsect_17","showAs":"Life Saving Equipment Bill 2017: Restoration to Order Paper","uri":"https:\/\/data.oireachtas.ie\/akn\/ie\/debateRecord\/seanad\/2021-03-05\/debate\/main"},{"chamber":{"showAs":"Seanad \u00c9ireann","uri":"https:\/\/data.oireachtas.ie\/ie\/oireachtas\/def\/house\/seanad"},"date":"2018-01-23","debateSectionId":"dbsect_14","showAs":"Life Saving Equipment Bill 2017: Second Stage","uri":"https:\/\/data.oireachtas.ie\/akn\/ie\/debateRecord\/seanad\/2018-01-23\/debate\/main"},{"chamber":{"showAs":"Seanad \u00c9ireann","uri":"https:\/\/data.oireachtas.ie\/ie\/oireachtas\/def\/house\/seanad"},"date":"2017-07-05","debateSectionId":"dbsect_9","showAs":"Life Saving Equipment Bill 2017: First Stage","uri":"https:\/\/data.oireachtas.ie\/akn\/ie\/debateRecord\/seanad\/2017-07-05\/debate\/main"}],"events":[{"event":{"chamber":null,"dates":[{"date":"2017-07-05"}],"eventURI":"https:\/\/data.oireachtas.ie\/ie\/oireachtas\/def\/bill-event\/published","showAs":"Published","uri":"https:\/\/data.oireachtas.ie\/ie\/oireachtas\/bill\/2017\/92\/published"}},{"event":{"chamber":{"chamberCode":"seanad","showAs":"Seanad \u00c9ireann","uri":"https:\/\/data.oireachtas.ie\/ie\/oireachtas\/def\/house\/seanad"},"dates":[{"date":"2020-03-27"},{"date":"2021-03-05"},{"date":"2025-03-04"}],"eventURI":"https:\/\/data.oireachtas.ie\/ie\/oireachtas\/def\/bill-event\/bill-lapsed","showAs":"Bill Lapsed","uri":"https:\/\/data.oireachtas.ie\/ie\/oireachtas\/bill\/2017\/92\/bill-lapsed"}},{"event":{"chamber":{"chamberCode":"seanad","showAs":"Seanad \u00c9ireann","uri":"https:\/\/data.oireachtas.ie\/ie\/oireachtas\/def\/house\/seanad"},"dates":[{"date":"2025-01-29"}],"eventURI":"https:\/\/data.oireachtas.ie\/ie\/oireachtas\/def\/bill-event\/bill-lapsed","showAs":"Bill Lapsed","uri":"https:\/\/data.oireachtas.ie\/ie\/oireachtas\/bill\/2017\/92\/bill-lapsed"}}],"lastUpdated":"2025-03-05T09:54:04.370000+00:00","longTitleEn":"Bill entitled an Act to provide for a specific offence of interfering with Life Saving Equipment and to provide for related matters.","longTitleGa":"Bille d\u00e1 ngairtear Acht do dh\u00e9anamh socr\u00fa maidir le cion sonrach arb \u00e9ard \u00e9 cur isteach ar threalamh tarrth\u00e1la beatha agus do dh\u00e9anamh socr\u00fa i dtaobh nithe gaolmhara.","method":"Introduced","methodURI":"https:\/\/data.oireachtas.ie\/ie\/oireachtas\/def\/bill-method\/introduced","mostRecentStage":{"event":{"chamber":{"chamberCode":"seanad","showAs":"Seanad \u00c9ireann","uri":"https:\/\/data.oireachtas.ie\/ie\/oireachtas\/def\/house\/seanad"},"dates":[{"date":"2018-01-23"},{"date":"2018-01-23"},{"date":"2018-01-23"},{"date":"2018-01-23"},{"date":"2018-01-23"},{"date":"2020-03-27"},{"date":"2021-03-05"},{"date":"2022-02-17"},{"date":"2025-01-29"},{"date":"2025-03-04"}],"house":{"chamberCode":"seanad","chamberType":"house","houseCode":"seanad","houseNo":"25","showAs":"25th Seanad","uri":"https:\/\/data.oireachtas.ie\/ie\/oireachtas\/house\/seanad\/25"},"progressStage":3,"showAs":"Committee Stage","stageCompleted":false,"stageOutcome":"Current","stageURI":"https:\/\/data.oireachtas.ie\/ie\/oireachtas\/def\/bill-stage\/3","uri":"https:\/\/data.oireachtas.ie\/ie\/oireachtas\/bill\/2017\/92\/stage\/seanad\/3"}},"originHouse":{"showAs":"Seanad \u00c9ireann","uri":"https:\/\/data.oireachtas.ie\/ie\/oireachtas\/def\/house\/seanad"},"originHouseURI":"https:\/\/data.oireachtas.ie\/ie\/oireachtas\/def\/house\/seanad","relatedDocs":[{"relatedDoc":{"date":"2017-07-06","docType":"memo","formats":{"pdf":{"uri":"https:\/\/data.oireachtas.ie\/ie\/oireachtas\/bill\/2017\/92\/eng\/memo\/b92174s-memo.pdf"},"xml":null},"lang":"eng","showAs":"Explanatory Memorandum","uri":"https:\/\/data.oireachtas.ie\/ie\/oireachtas\/bill\/2017\/92\/eng\/memo"}}],"shortTitleEn":"Life Saving Equipment Bill 2017","shortTitleGa":"An Bille um Threalamh Tarrth\u00e1la Beatha, 2017","source":"Private Member","sourceURI":"https:\/\/data.oireachtas.ie\/ie\/oireachtas\/def\/bill-source\/private-member","sponsors":[{"sponsor":{"as":{"showAs":null,"uri":null},"by":{"showAs":"Paul Daly","uri":"https:\/\/data.oireachtas.ie\/ie\/oireachtas\/member\/id\/Paul-Daly.S.2016-04-25"},"isPrimary":false}},{"sponsor":{"as":{"showAs":null,"uri":null},"by":{"showAs":"Diarmuid Wilson","uri":"https:\/\/data.oireachtas.ie\/ie\/oireachtas\/member\/id\/Diarmuid-Wilson.S.2002-09-12"},"isPrimary":false}},{"sponsor":{"as":{"showAs":null,"uri":null},"by":{"showAs":"Robbie Gallagher","uri":"https:\/\/data.oireachtas.ie\/ie\/oireachtas\/member\/id\/Robbie-Gallagher.S.2016-04-25"},"isPrimary":false}},{"sponsor":{"as":{"showAs":null,"uri":null},"by":{"showAs":"Keith Swanick","uri":"https:\/\/data.oireachtas.ie\/ie\/oireachtas\/member\/id\/Keith-Swanick.S.2016-04-25"},"isPrimary":true}}],"stages":[{"event":{"chamber":{"chamberCode":"seanad","showAs":"Seanad \u00c9ireann","uri":"https:\/\/data.oireachtas.ie\/ie\/oireachtas\/def\/house\/seanad"},"dates":[{"date":"2017-07-05"}],"house":{"chamberCode":"seanad","chamberType":"house","houseCode":"seanad","houseNo":"25","showAs":"25th Seanad","uri":"https:\/\/data.oireachtas.ie\/ie\/oireachtas\/house\/seanad\/25"},"progressStage":1,"showAs":"First Stage","stageCompleted":true,"stageOutcome":null,"stageURI":"https:\/\/data.oireachtas.ie\/ie\/oireachtas\/def\/bill-stage\/1","uri":"https:\/\/data.oireachtas.ie\/ie\/oireachtas\/bill\/2017\/92\/stage\/seanad\/1"}},{"event":{"chamber":{"chamberCode":"seanad","showAs":"Seanad \u00c9ireann","uri":"https:\/\/data.oireachtas.ie\/ie\/oireachtas\/def\/house\/seanad"},"dates":[{"date":"2017-07-05"},{"date":"2017-07-05"}],"house":{"chamberCode":"seanad","chamberType":"house","houseCode":"seanad","houseNo":"25","showAs":"25th Seanad","uri":"https:\/\/data.oireachtas.ie\/ie\/oireachtas\/house\/seanad\/25"},"progressStage":2,"showAs":"Second Stage","stageCompleted":true,"stageOutcome":null,"stageURI":"https:\/\/data.oireachtas.ie\/ie\/oireachtas\/def\/bill-stage\/2","uri":"https:\/\/data.oireachtas.ie\/ie\/oireachtas\/bill\/2017\/92\/stage\/seanad\/2"}},{"event":{"chamber":{"chamberCode":"seanad","showAs":"Seanad \u00c9ireann","uri":"https:\/\/data.oireachtas.ie\/ie\/oireachtas\/def\/house\/seanad"},"dates":[{"date":"2018-01-23"},{"date":"2018-01-23"},{"date":"2018-01-23"},{"date":"2018-01-23"},{"date":"2018-01-23"},{"date":"2020-03-27"},{"date":"2021-03-05"},{"date":"2022-02-17"},{"date":"2025-01-29"},{"date":"2025-03-04"}],"house":{"chamberCode":"seanad","chamberType":"house","houseCode":"seanad","houseNo":"25","showAs":"25th Seanad","uri":"https:\/\/data.oireachtas.ie\/ie\/oireachtas\/house\/seanad\/25"},"progressStage":3,"showAs":"Committee Stage","stageCompleted":false,"stageOutcome":"Current","stageURI":"https:\/\/data.oireachtas.ie\/ie\/oireachtas\/def\/bill-stage\/3","uri":"https:\/\/data.oireachtas.ie\/ie\/oireachtas\/bill\/2017\/92\/stage\/seanad\/3"}}],"status":"Current","statusURI":"https:\/\/data.oireachtas.ie\/ie\/oireachtas\/def\/bill-status\/published","uri":"https:\/\/data.oireachtas.ie\/ie\/oireachtas\/bill\/2017\/92","versions":[{"version":{"date":"2017-07-05","docType":"bill","formats":{"pdf":{"uri":"https:\/\/data.oireachtas.ie\/ie\/oireachtas\/bill\/2017\/92\/eng\/initiated\/b9217s.pdf"},"xml":null},"lang":"eng","showAs":"As Initiated","uri":"https:\/\/data.oireachtas.ie\/ie\/oireachtas\/bill\/2017\/92\/eng\/initiated"}}]},"billSort":{"actNoSort":null,"actShortTitleEnSort":null,"actShortTitleGaSort":null,"actYearSort":null,"billNoSort":92,"billShortTitleEnSort":"life-saving-equipment-bill-2017","billShortTitleGaSort":"an-bille-um-threalamh-tarrthala-beatha-2017","billYearSort":2017},"contextDate":"2025-03-04"},{"bill":{"act":null,"amendmentLists":[],"billNo":"89","billType":"Public","billTypeURI":"https:\/\/data.oireachtas.ie\/ie\/oireachtas\/def\/bill-type\/public","billYear":"2017","debates":[{"chamber":{"showAs":"D\u00e1il \u00c9ireann","uri":"https:\/\/data.oireachtas.ie\/ie\/oireachtas\/def\/house\/dail"},"date":"2024-05-16","debateSectionId":"dbsect_36","showAs":"Neighbour Disputes (Vegetation) Bill 2017: Second Stage [Private Members]","uri":"https:\/\/data.oireachtas.ie\/akn\/ie\/debateRecord\/dail\/2024-05-16\/debate\/main"},{"chamber":{"showAs":"D\u00e1il \u00c9ireann","uri":"https:\/\/data.oireachtas.ie\/ie\/oireachtas\/def\/house\/dail"},"date":"2017-06-29","debateSectionId":"dbsect_6","showAs":"Neighbour Disputes (Vegetation) Bill 2017: First Stage","uri":"https:\/\/data.oireachtas.ie\/akn\/ie\/debateRecord\/dail\/2017-06-29\/debate\/main"}],"events":[{"event":{"chamber":{"chamberCode":"dail","showAs":"D\u00e1il \u00c9ireann","uri":"https:\/\/data.oireachtas.ie\/ie\/oireachtas\/def\/house\/dail"},"dates":[{"date":"2020-01-14"},{"date":"2024-11-08"}],"eventURI":"https:\/\/data.oireachtas.ie\/ie\/oireachtas\/def\/bill-event\/bill-lapsed","showAs":"Bill Lapsed","uri":"https:\/\/data.oireachtas.ie\/ie\/oireachtas\/bill\/2017\/89\/bill-lapsed"}},{"event":{"chamber":{"chamberCode":"dail","showAs":"D\u00e1il \u00c9ireann","uri":"https:\/\/data.oireachtas.ie\/ie\/oireachtas\/def\/house\/dail"},"dates":[{"date":"2020-09-17"},{"date":"2025-05-01"}],"eventURI":"https:\/\/data.oireachtas.ie\/ie\/oireachtas\/def\/bill-event\/bill-restored","showAs":"Bill Restored","uri":"https:\/\/data.oireachtas.ie\/ie\/oireachtas\/bill\/2017\/89\/bill-restored"}},{"event":{"chamber":null,"dates":[{"date":"2017-06-29"}],"eventURI":"https:\/\/data.oireachtas.ie\/ie\/oireachtas\/def\/bill-event\/published","showAs":"Published","uri":"https:\/\/data.oireachtas.ie\/ie\/oireachtas\/bill\/2017\/89\/published"}}],"lastUpdated":"2025-05-02T12:09:39.630000+00:00","longTitleEn":"Bill entitled an Act to address neighbour disputes concerning vegetation that causes a nuisance including the obstruction of sunlight; to provide for mediation of neighbour disputes and formal adjudication if necessary by adjudication officers appointed by local authorities; to provide for the appeal and enforcement of decisions made by adjudication officers; and to provide for related matters","longTitleGa":"Bille d\u00e1 ngairtear Acht do thabhairt aghaidh ar dh\u00edosp\u00f3id\u00ed idir comharsana a bhaineann le f\u00e1sra is c\u00fais le n\u00fais, lena n-\u00e1ir\u00edtear bac ar sholas na gr\u00e9ine; do dh\u00e9anamh socr\u00fa maidir le hidirghabh\u00e1il a dh\u00e9anamh i dtaca le d\u00edosp\u00f3id\u00ed idir comharsana agus maidir le hoifigigh bhreithni\u00fach\u00e1in arna gceapadh ag \u00fadar\u00e1is \u00e1iti\u00fala do dh\u00e9anamh breithni\u00fa foirmi\u00fail, m\u00e1s g\u00e1, ar dh\u00edosp\u00f3id\u00ed idir comharsana; do dh\u00e9anamh socr\u00fa maidir le hachomharc a dh\u00e9anamh in aghaidh breitheanna arna dtabhairt ag oifigigh bhreithni\u00fach\u00e1in agus maidir le breitheanna den s\u00f3rt sin a fhorfheidhmi\u00fa; agus do dh\u00e9anamh socr\u00fa i dtaobh nithe gaolmhara","method":"Introduced","methodURI":"https:\/\/data.oireachtas.ie\/ie\/oireachtas\/def\/bill-method\/introduced","mostRecentStage":{"event":{"chamber":{"chamberCode":"dail","showAs":"D\u00e1il \u00c9ireann","uri":"https:\/\/data.oireachtas.ie\/ie\/oireachtas\/def\/house\/dail"},"dates":[{"date":"2024-11-08"},{"date":"2025-05-01"}],"house":{"chamberCode":"dail","chamberType":"house","houseCode":"dail","houseNo":"33","showAs":"33rd D\u00e1il","uri":"https:\/\/data.oireachtas.ie\/ie\/oireachtas\/house\/dail\/33"},"progressStage":3,"showAs":"Committee Stage","stageCompleted":false,"stageOutcome":"Current","stageURI":"https:\/\/data.oireachtas.ie\/ie\/oireachtas\/def\/bill-stage\/3","uri":"https:\/\/data.oireachtas.ie\/ie\/oireachtas\/bill\/2017\/89\/stage\/dail\/3"}},"originHouse":{"showAs":"D\u00e1il \u00c9ireann","uri":"https:\/\/data.oireachtas.ie\/ie\/oireachtas\/def\/house\/dail"},"originHouseURI":"https:\/\/data.oireachtas.ie\/ie\/oireachtas\/def\/house\/dail","relatedDocs":[],"shortTitleEn":"Neighbour Disputes (Vegetation) Bill 2017","shortTitleGa":"An Bille um Dh\u00edosp\u00f3id\u00ed idir Comharsana (F\u00e1sra), 2017","source":"Private Member","sourceURI":"https:\/\/data.oireachtas.ie\/ie\/oireachtas\/def\/bill-source\/private-member","sponsors":[{"sponsor":{"as":{"showAs":null,"uri":null},"by":{"showAs":"Aengus \u00d3 Snodaigh","uri":"https:\/\/data.oireachtas.ie\/ie\/oireachtas\/member\/id\/Aengus-\u00d3-Snodaigh.D.2002-06-06"},"isPrimary":true}}],"stages":[{"event":{"chamber":{"chamberCode":"dail","showAs":"D\u00e1il \u00c9ireann","uri":"https:\/\/data.oireachtas.ie\/ie\/oireachtas\/def\/house\/dail"},"dates":[{"date":"2017-06-29"}],"house":{"chamberCode":"dail","chamberType":"house","houseCode":"dail","houseNo":"32","showAs":"32nd D\u00e1il","uri":"https:\/\/data.oireachtas.ie\/ie\/oireachtas\/house\/dail\/32"},"progressStage":1,"showAs":"First Stage","stageCompleted":true,"stageOutcome":null,"stageURI":"https:\/\/data.oireachtas.ie\/ie\/oireachtas\/def\/bill-stage\/1","uri":"https:\/\/data.oireachtas.ie\/ie\/oireachtas\/bill\/2017\/89\/stage\/dail\/1"}},{"event":{"chamber":{"chamberCode":"dail","showAs":"D\u00e1il \u00c9ireann","uri":"https:\/\/data.oireachtas.ie\/ie\/oireachtas\/def\/house\/dail"},"dates":[{"date":"2024-05-16"},{"date":"2024-05-16"},{"date":"2024-05-16"}],"house":{"chamberCode":"dail","chamberType":"house","houseCode":"dail","houseNo":"33","showAs":"33rd D\u00e1il","uri":"https:\/\/data.oireachtas.ie\/ie\/oireachtas\/house\/dail\/33"},"progressStage":2,"showAs":"Second Stage","stageCompleted":true,"stageOutcome":null,"stageURI":"https:\/\/data.oireachtas.ie\/ie\/oireachtas\/def\/bill-stage\/2","uri":"https:\/\/data.oireachtas.ie\/ie\/oireachtas\/bill\/2017\/89\/stage\/dail\/2"}},{"event":{"chamber":{"chamberCode":"dail","showAs":"D\u00e1il \u00c9ireann","uri":"https:\/\/data.oireachtas.ie\/ie\/oireachtas\/def\/house\/dail"},"dates":[{"date":"2024-11-08"},{"date":"2025-05-01"}],"house":{"chamberCode":"dail","chamberType":"house","houseCode":"dail","houseNo":"33","showAs":"33rd D\u00e1il","uri":"https:\/\/data.oireachtas.ie\/ie\/oireachtas\/house\/dail\/33"},"progressStage":3,"showAs":"Committee Stage","stageCompleted":false,"stageOutcome":"Current","stageURI":"https:\/\/data.oireachtas.ie\/ie\/oireachtas\/def\/bill-stage\/3","uri":"https:\/\/data.oireachtas.ie\/ie\/oireachtas\/bill\/2017\/89\/stage\/dail\/3"}}],"status":"Current","statusURI":"https:\/\/data.oireachtas.ie\/ie\/oireachtas\/def\/bill-status\/published","uri":"https:\/\/data.oireachtas.ie\/ie\/oireachtas\/bill\/2017\/89","versions":[{"version":{"date":"2017-06-29","docType":"bill","formats":{"pdf":{"uri":"https:\/\/data.oireachtas.ie\/ie\/oireachtas\/bill\/2017\/89\/eng\/initiated\/b8917d.pdf"},"xml":null},"lang":"eng","showAs":"As Initiated","uri":"https:\/\/data.oireachtas.ie\/ie\/oireachtas\/bill\/2017\/89\/eng\/initiated"}}]},"billSort":{"actNoSort":null,"actShortTitleEnSort":null,"actShortTitleGaSort":null,"actYearSort":null,"billNoSort":89,"billShortTitleEnSort":"neighbour-disputes-vegetation-bill-2017","billShortTitleGaSort":"an-bille-um-dhiospoidi-idir-comharsana-fasra-2017","billYearSort":2017},"contextDate":"2025-05-01"},{"bill":{"act":null,"amendmentLists":[],"billNo":"83","billType":"Public","billTypeURI":"https:\/\/data.oireachtas.ie\/ie\/oireachtas\/def\/bill-type\/public","billYear":"2017","debates":[{"chamber":{"showAs":"D\u00e1il \u00c9ireann","uri":"https:\/\/data.oireachtas.ie\/ie\/oireachtas\/def\/house\/dail"},"date":"2017-06-22","debateSectionId":"dbsect_8","showAs":"Public Services and Procurement (Workers' Rights) Bill 2017: First Stage","uri":"https:\/\/data.oireachtas.ie\/akn\/ie\/debateRecord\/dail\/2017-06-22\/debate\/main"}],"events":[{"event":{"chamber":{"chamberCode":"dail","showAs":"D\u00e1il \u00c9ireann","uri":"https:\/\/data.oireachtas.ie\/ie\/oireachtas\/def\/house\/dail"},"dates":[{"date":"2020-01-14"},{"date":"2024-11-08"}],"eventURI":"https:\/\/data.oireachtas.ie\/ie\/oireachtas\/def\/bill-event\/bill-lapsed","showAs":"Bill Lapsed","uri":"https:\/\/data.oireachtas.ie\/ie\/oireachtas\/bill\/2017\/83\/bill-lapsed"}},{"event":{"chamber":{"chamberCode":"dail","showAs":"D\u00e1il \u00c9ireann","uri":"https:\/\/data.oireachtas.ie\/ie\/oireachtas\/def\/house\/dail"},"dates":[{"date":"2020-09-17"},{"date":"2025-05-01"}],"eventURI":"https:\/\/data.oireachtas.ie\/ie\/oireachtas\/def\/bill-event\/bill-restored","showAs":"Bill Restored","uri":"https:\/\/data.oireachtas.ie\/ie\/oireachtas\/bill\/2017\/83\/bill-restored"}},{"event":{"chamber":null,"dates":[{"date":"2017-06-22"}],"eventURI":"https:\/\/data.oireachtas.ie\/ie\/oireachtas\/def\/bill-event\/published","showAs":"Published","uri":"https:\/\/data.oireachtas.ie\/ie\/oireachtas\/bill\/2017\/83\/published"}}],"lastUpdated":"2025-05-02T11:07:07.050000+00:00","longTitleEn":"Bill entitled an Act to remove wages and working conditions of employees from being used as elements of competition among bidders for public contracts; to resist any downward pressure in wage rates and workers' rights; to safeguard the highest minimum standards established nationally by law, arbitration or collective bargaining and for that purpose to specify particular considerations which will apply to the selection of tenderers and to specify particular considerations which will apply to the awarding of contracts to economic operators and to provide that different considerations may apply in respect of procurements whose value are either above or below the EU threshold and to provide for related matters","longTitleGa":"Bille d\u00e1 ngairtear Acht do chur deireadh le p\u00e1 agus coinn\u00edollacha oibre fostaithe a \u00fas\u00e1id mar ghn\u00e9ithe ioma\u00edochta i measc tairgeoir\u00ed ar chonartha\u00ed poibl\u00ed; do chur in aghaidh aon bhr\u00fa \u00f3 thaobh r\u00e1ta\u00ed p\u00e1 agus cearta oibrithe; do chosaint na gcaighde\u00e1n \u00edosta is airde arna mbun\u00fa go n\u00e1isi\u00fanta le dl\u00ed, eadr\u00e1in n\u00f3 c\u00f3mharg\u00e1nta\u00edocht agus, chun na cr\u00edche sin, do shonr\u00fa c\u00fains\u00ed \u00e1irithe a mbeidh feidhm acu maidir le tairgeoir\u00ed a roghn\u00fa agus do shonr\u00fa c\u00fains\u00ed \u00e1irithe a mbeidh feidhm acu maidir le conartha\u00ed a dh\u00e1mhachtain d'oibritheoir\u00ed eacnama\u00edocha agus do dh\u00e9anamh socr\u00fa go bhf\u00e9adfaidh feidhm a bheith ag c\u00fains\u00ed \u00e9ags\u00fala i leith sainfh\u00e1il a bhfuil a luach os cionn n\u00f3 faoi bhun thairseach AE agus do dh\u00e9anamh socr\u00fa i dtaobh nithe gaolmhara","method":"Introduced","methodURI":"https:\/\/data.oireachtas.ie\/ie\/oireachtas\/def\/bill-method\/introduced","mostRecentStage":{"event":{"chamber":{"chamberCode":"dail","showAs":"D\u00e1il \u00c9ireann","uri":"https:\/\/data.oireachtas.ie\/ie\/oireachtas\/def\/house\/dail"},"dates":[{"date":"2017-06-22"},{"date":"2020-01-14"},{"date":"2020-09-17"},{"date":"2024-11-08"},{"date":"2025-05-01"}],"house":{"chamberCode":"dail","chamberType":"house","houseCode":"dail","houseNo":"32","showAs":"32nd D\u00e1il","uri":"https:\/\/data.oireachtas.ie\/ie\/oireachtas\/house\/dail\/32"},"progressStage":2,"showAs":"Second Stage","stageCompleted":false,"stageOutcome":"Current","stageURI":"https:\/\/data.oireachtas.ie\/ie\/oireachtas\/def\/bill-stage\/2","uri":"https:\/\/data.oireachtas.ie\/ie\/oireachtas\/bill\/2017\/83\/stage\/dail\/2"}},"originHouse":{"showAs":"D\u00e1il \u00c9ireann","uri":"https:\/\/data.oireachtas.ie\/ie\/oireachtas\/def\/house\/dail"},"originHouseURI":"https:\/\/data.oireachtas.ie\/ie\/oireachtas\/def\/house\/dail","relatedDocs":[],"shortTitleEn":"Public Services and Procurement (Workers' Rights) Bill 2017","shortTitleGa":"An Bille um Sheirbh\u00eds\u00ed Poibl\u00ed agus um Shainfh\u00e1il Phoibl\u00ed (Cearta Oibrithe), 2017","source":"Private Member","sourceURI":"https:\/\/data.oireachtas.ie\/ie\/oireachtas\/def\/bill-source\/private-member","sponsors":[{"sponsor":{"as":{"showAs":null,"uri":null},"by":{"showAs":"Richard Boyd Barrett","uri":"https:\/\/data.oireachtas.ie\/ie\/oireachtas\/member\/id\/Richard-Boyd-Barrett.D.2011-03-09"},"isPrimary":false}},{"sponsor":{"as":{"showAs":null,"uri":null},"by":{"showAs":"Br\u00edd Smith","uri":"https:\/\/data.oireachtas.ie\/ie\/oireachtas\/member\/id\/Br\u00edd-Smith.D.2016-10-03"},"isPrimary":true}},{"sponsor":{"as":{"showAs":null,"uri":null},"by":{"showAs":"Gino Kenny","uri":"https:\/\/data.oireachtas.ie\/ie\/oireachtas\/member\/id\/Gino-Kenny.D.2016-10-03"},"isPrimary":false}}],"stages":[{"event":{"chamber":{"chamberCode":"dail","showAs":"D\u00e1il \u00c9ireann","uri":"https:\/\/data.oireachtas.ie\/ie\/oireachtas\/def\/house\/dail"},"dates":[{"date":"2017-06-22"}],"house":{"chamberCode":"dail","chamberType":"house","houseCode":"dail","houseNo":"32","showAs":"32nd D\u00e1il","uri":"https:\/\/data.oireachtas.ie\/ie\/oireachtas\/house\/dail\/32"},"progressStage":1,"showAs":"First Stage","stageCompleted":true,"stageOutcome":null,"stageURI":"https:\/\/data.oireachtas.ie\/ie\/oireachtas\/def\/bill-stage\/1","uri":"https:\/\/data.oireachtas.ie\/ie\/oireachtas\/bill\/2017\/83\/stage\/dail\/1"}},{"event":{"chamber":{"chamberCode":"dail","showAs":"D\u00e1il \u00c9ireann","uri":"https:\/\/data.oireachtas.ie\/ie\/oireachtas\/def\/house\/dail"},"dates":[{"date":"2017-06-22"},{"date":"2020-01-14"},{"date":"2020-09-17"},{"date":"2024-11-08"},{"date":"2025-05-01"}],"house":{"chamberCode":"dail","chamberType":"house","houseCode":"dail","houseNo":"32","showAs":"32nd D\u00e1il","uri":"https:\/\/data.oireachtas.ie\/ie\/oireachtas\/house\/dail\/32"},"progressStage":2,"showAs":"Second Stage","stageCompleted":false,"stageOutcome":"Current","stageURI":"https:\/\/data.oireachtas.ie\/ie\/oireachtas\/def\/bill-stage\/2","uri":"https:\/\/data.oireachtas.ie\/ie\/oireachtas\/bill\/2017\/83\/stage\/dail\/2"}}],"status":"Current","statusURI":"https:\/\/data.oireachtas.ie\/ie\/oireachtas\/def\/bill-status\/published","uri":"https:\/\/data.oireachtas.ie\/ie\/oireachtas\/bill\/2017\/83","versions":[{"version":{"date":"2017-06-22","docType":"bill","formats":{"pdf":{"uri":"https:\/\/data.oireachtas.ie\/ie\/oireachtas\/bill\/2017\/83\/eng\/initiated\/b8317d.pdf"},"xml":null},"lang":"eng","showAs":"As Initiated","uri":"https:\/\/data.oireachtas.ie\/ie\/oireachtas\/bill\/2017\/83\/eng\/initiated"}}]},"billSort":{"actNoSort":null,"actShortTitleEnSort":null,"actShortTitleGaSort":null,"actYearSort":null,"billNoSort":83,"billShortTitleEnSort":"public-services-and-procurement-workers-rights-bill-2017","billShortTitleGaSort":"an-bille-um-sheirbhisi-poibli-agus-um-shainfhail-phoibli-cearta-oibrithe-2017","billYearSort":2017},"contextDate":"2025-05-01"},{"bill":{"act":null,"amendmentLists":[],"billNo":"68","billType":"Public","billTypeURI":"https:\/\/data.oireachtas.ie\/ie\/oireachtas\/def\/bill-type\/public","billYear":"2017","debates":[{"chamber":{"showAs":"Seanad \u00c9ireann","uri":"https:\/\/data.oireachtas.ie\/ie\/oireachtas\/def\/house\/seanad"},"date":"2017-05-31","debateSectionId":"dbsect_15","showAs":"Controlled Drugs and Harm Reduction Bill 2017: Order for Second Stage","uri":"https:\/\/data.oireachtas.ie\/akn\/ie\/debateRecord\/seanad\/2017-05-31\/debate\/main"},{"chamber":{"showAs":"Seanad \u00c9ireann","uri":"https:\/\/data.oireachtas.ie\/ie\/oireachtas\/def\/house\/seanad"},"date":"2017-05-31","debateSectionId":"dbsect_16","showAs":"Controlled Drugs and Harm Reduction Bill 2017: Second Stage","uri":"https:\/\/data.oireachtas.ie\/akn\/ie\/debateRecord\/seanad\/2017-05-31\/debate\/main"},{"chamber":{"showAs":"Seanad \u00c9ireann","uri":"https:\/\/data.oireachtas.ie\/ie\/oireachtas\/def\/house\/seanad"},"date":"2017-05-31","debateSectionId":"dbsect_18","showAs":"Controlled Drugs and Harm Reduction Bill 2017: Second Stage (Resumed)","uri":"https:\/\/data.oireachtas.ie\/akn\/ie\/debateRecord\/seanad\/2017-05-31\/debate\/main"}],"events":[{"event":{"chamber":null,"dates":[{"date":"2017-05-24"}],"eventURI":"https:\/\/data.oireachtas.ie\/ie\/oireachtas\/def\/bill-event\/published","showAs":"Published","uri":"https:\/\/data.oireachtas.ie\/ie\/oireachtas\/bill\/2017\/68\/published"}},{"event":{"chamber":{"chamberCode":"seanad","showAs":"Seanad \u00c9ireann","uri":"https:\/\/data.oireachtas.ie\/ie\/oireachtas\/def\/house\/seanad"},"dates":[{"date":"2020-03-27"},{"date":"2020-07-29"},{"date":"2025-03-04"}],"eventURI":"https:\/\/data.oireachtas.ie\/ie\/oireachtas\/def\/bill-event\/bill-lapsed","showAs":"Bill Lapsed","uri":"https:\/\/data.oireachtas.ie\/ie\/oireachtas\/bill\/2017\/68\/bill-lapsed"}},{"event":{"chamber":{"chamberCode":"seanad","showAs":"Seanad \u00c9ireann","uri":"https:\/\/data.oireachtas.ie\/ie\/oireachtas\/def\/house\/seanad"},"dates":[{"date":"2025-01-29"}],"eventURI":"https:\/\/data.oireachtas.ie\/ie\/oireachtas\/def\/bill-event\/bill-lapsed","showAs":"Bill Lapsed","uri":"https:\/\/data.oireachtas.ie\/ie\/oireachtas\/bill\/2017\/68\/bill-lapsed"}}],"lastUpdated":"2025-03-05T09:47:48.780000+00:00","longTitleEn":"Bill entitled an Act to amend the Misuse of Drugs Acts 1977-2016 to provide for the decriminalisation for possession of controlled drugs for personal use and to provide for regulations regarding personal use; to establish a Drug Dissuasion Service to case-manage persons found in possession of controlled drugs and to divert people away from the courts by providing a system of harm reduction measures including drug awareness, drug rehabilitation and community engagement programmes; and to provide for related matters","longTitleGa":"Bille d\u00e1 ngairtear Acht do leas\u00fa na nAchtanna um M\u00ed-\u00das\u00e1id Druga\u00ed, 1977 go 2016 chun socr\u00fa a dh\u00e9anamh maidir le d\u00edchoiri\u00fal\u00fa a dh\u00e9anamh ar shealbh\u00fa druga\u00ed rialaithe chun \u00fas\u00e1ide pearsanta agus chun socr\u00fa a dh\u00e9anamh maidir le rialach\u00e1in a bhaineann le h\u00fas\u00e1id phearsanta; do bhun\u00fa Seirbh\u00eds Athchomhairli\u00fach\u00e1in Druga\u00ed chun daoine a bhfaightear druga\u00ed rialaithe ina seilbh a ch\u00e1sbhainisti\u00fa agus chun daoine a athsti\u00faradh \u00f3 na c\u00fairteanna tr\u00ed ch\u00f3ras de bhearta laghdaithe dochair a shol\u00e1thar, lena n-\u00e1ir\u00edtear feasacht i leith druga\u00ed, athshl\u00e1n\u00fach\u00e1n \u00f3 dhruga\u00ed agus cl\u00e1ir rannph\u00e1irt\u00edochta pobail; agus do dh\u00e9anamh socr\u00fa i dtaobh nithe gaolmhara","method":"Presented","methodURI":"https:\/\/data.oireachtas.ie\/ie\/oireachtas\/def\/bill-method\/presented","mostRecentStage":{"event":{"chamber":{"chamberCode":"seanad","showAs":"Seanad \u00c9ireann","uri":"https:\/\/data.oireachtas.ie\/ie\/oireachtas\/def\/house\/seanad"},"dates":[{"date":"2017-05-31"},{"date":"2017-05-31"},{"date":"2017-05-31"},{"date":"2017-05-31"},{"date":"2017-05-31"},{"date":"2017-05-31"},{"date":"2020-03-27"},{"date":"2020-07-29"},{"date":"2025-01-29"},{"date":"2025-03-04"}],"house":{"chamberCode":"seanad","chamberType":"house","houseCode":"seanad","houseNo":"25","showAs":"25th Seanad","uri":"https:\/\/data.oireachtas.ie\/ie\/oireachtas\/house\/seanad\/25"},"progressStage":2,"showAs":"Second Stage","stageCompleted":false,"stageOutcome":"Current","stageURI":"https:\/\/data.oireachtas.ie\/ie\/oireachtas\/def\/bill-stage\/2","uri":"https:\/\/data.oireachtas.ie\/ie\/oireachtas\/bill\/2017\/68\/stage\/seanad\/2"}},"originHouse":{"showAs":"Seanad \u00c9ireann","uri":"https:\/\/data.oireachtas.ie\/ie\/oireachtas\/def\/house\/seanad"},"originHouseURI":"https:\/\/data.oireachtas.ie\/ie\/oireachtas\/def\/house\/seanad","relatedDocs":[{"relatedDoc":{"date":"2017-05-24","docType":"memo","formats":{"pdf":{"uri":"https:\/\/data.oireachtas.ie\/ie\/oireachtas\/bill\/2017\/68\/eng\/memo\/b6817s-memo-publication.pdf"},"xml":null},"lang":"eng","showAs":"Explanatory Memorandum","uri":"https:\/\/data.oireachtas.ie\/ie\/oireachtas\/bill\/2017\/68\/eng\/memo"}}],"shortTitleEn":"Controlled Drugs and Harm Reduction Bill 2017","shortTitleGa":"An Bille um Dhruga\u00ed Rialaithe agus um Dhochar a Laghd\u00fa, 2017","source":"Private Member","sourceURI":"https:\/\/data.oireachtas.ie\/ie\/oireachtas\/def\/bill-source\/private-member","sponsors":[{"sponsor":{"as":{"showAs":null,"uri":null},"by":{"showAs":"Brian \u00d3 Domhnaill","uri":"https:\/\/data.oireachtas.ie\/ie\/oireachtas\/member\/id\/Brian-\u00d3-Domhnaill.S.2007-07-23"},"isPrimary":false}},{"sponsor":{"as":{"showAs":null,"uri":null},"by":{"showAs":"Joan Freeman","uri":"https:\/\/data.oireachtas.ie\/ie\/oireachtas\/member\/id\/Joan-Freeman.S.2016-04-25"},"isPrimary":false}},{"sponsor":{"as":{"showAs":null,"uri":null},"by":{"showAs":"Kevin Humphreys","uri":"https:\/\/data.oireachtas.ie\/ie\/oireachtas\/member\/id\/Kevin-Humphreys.D.2011-03-09"},"isPrimary":false}},{"sponsor":{"as":{"showAs":null,"uri":null},"by":{"showAs":"Frances Black","uri":"https:\/\/data.oireachtas.ie\/ie\/oireachtas\/member\/id\/Frances-Black.S.2016-04-25"},"isPrimary":false}},{"sponsor":{"as":{"showAs":null,"uri":null},"by":{"showAs":"Ivana Bacik","uri":"https:\/\/data.oireachtas.ie\/ie\/oireachtas\/member\/id\/Ivana-Bacik.S.2007-07-23"},"isPrimary":true}},{"sponsor":{"as":{"showAs":null,"uri":null},"by":{"showAs":"David P.B. Norris","uri":"https:\/\/data.oireachtas.ie\/ie\/oireachtas\/member\/id\/David-PB-Norris.S.1987-04-25"},"isPrimary":false}},{"sponsor":{"as":{"showAs":null,"uri":null},"by":{"showAs":"Gerard P. Craughwell","uri":"https:\/\/data.oireachtas.ie\/ie\/oireachtas\/member\/id\/Gerard-P-Craughwell.S.2014-10-10"},"isPrimary":false}},{"sponsor":{"as":{"showAs":null,"uri":null},"by":{"showAs":"Ged Nash","uri":"https:\/\/data.oireachtas.ie\/ie\/oireachtas\/member\/id\/Gerald-Nash.D.2011-03-09"},"isPrimary":false}},{"sponsor":{"as":{"showAs":null,"uri":null},"by":{"showAs":"Lynn Ruane","uri":"https:\/\/data.oireachtas.ie\/ie\/oireachtas\/member\/id\/Lynn-Ruane.S.2016-04-25"},"isPrimary":false}},{"sponsor":{"as":{"showAs":null,"uri":null},"by":{"showAs":"Alice-Mary Higgins","uri":"https:\/\/data.oireachtas.ie\/ie\/oireachtas\/member\/id\/Alice-Mary-Higgins.S.2016-04-25"},"isPrimary":false}},{"sponsor":{"as":{"showAs":null,"uri":null},"by":{"showAs":"Grace O'Sullivan","uri":"https:\/\/data.oireachtas.ie\/ie\/oireachtas\/member\/id\/Grace-O'Sullivan.S.2016-04-25"},"isPrimary":false}},{"sponsor":{"as":{"showAs":null,"uri":null},"by":{"showAs":"John Dolan","uri":"https:\/\/data.oireachtas.ie\/ie\/oireachtas\/member\/id\/John-Dolan.S.2016-04-25"},"isPrimary":false}},{"sponsor":{"as":{"showAs":null,"uri":null},"by":{"showAs":"Michael McDowell","uri":"https:\/\/data.oireachtas.ie\/ie\/oireachtas\/member\/id\/Michael-McDowell.D.1987-03-10"},"isPrimary":false}},{"sponsor":{"as":{"showAs":null,"uri":null},"by":{"showAs":"Aodh\u00e1n \u00d3 R\u00edord\u00e1in","uri":"https:\/\/data.oireachtas.ie\/ie\/oireachtas\/member\/id\/Aodh\u00e1n-\u00d3-R\u00edord\u00e1in.D.2011-03-09"},"isPrimary":false}},{"sponsor":{"as":{"showAs":null,"uri":null},"by":{"showAs":"Colette Kelleher","uri":"https:\/\/data.oireachtas.ie\/ie\/oireachtas\/member\/id\/Colette-Kelleher.S.2016-04-25"},"isPrimary":false}},{"sponsor":{"as":{"showAs":null,"uri":null},"by":{"showAs":"Victor Boyhan","uri":"https:\/\/data.oireachtas.ie\/ie\/oireachtas\/member\/id\/Victor-Boyhan.S.2016-04-25"},"isPrimary":false}},{"sponsor":{"as":{"showAs":null,"uri":null},"by":{"showAs":"Billy Lawless","uri":"https:\/\/data.oireachtas.ie\/ie\/oireachtas\/member\/id\/Billy-Lawless.S.2016-04-25"},"isPrimary":false}}],"stages":[{"event":{"chamber":{"chamberCode":"seanad","showAs":"Seanad \u00c9ireann","uri":"https:\/\/data.oireachtas.ie\/ie\/oireachtas\/def\/house\/seanad"},"dates":[{"date":"2017-05-24"}],"house":{"chamberCode":"seanad","chamberType":"house","houseCode":"seanad","houseNo":"25","showAs":"25th Seanad","uri":"https:\/\/data.oireachtas.ie\/ie\/oireachtas\/house\/seanad\/25"},"progressStage":1,"showAs":"First Stage","stageCompleted":true,"stageOutcome":null,"stageURI":"https:\/\/data.oireachtas.ie\/ie\/oireachtas\/def\/bill-stage\/1","uri":"https:\/\/data.oireachtas.ie\/ie\/oireachtas\/bill\/2017\/68\/stage\/seanad\/1"}},{"event":{"chamber":{"chamberCode":"seanad","showAs":"Seanad \u00c9ireann","uri":"https:\/\/data.oireachtas.ie\/ie\/oireachtas\/def\/house\/seanad"},"dates":[{"date":"2017-05-31"},{"date":"2017-05-31"},{"date":"2017-05-31"},{"date":"2017-05-31"},{"date":"2017-05-31"},{"date":"2017-05-31"},{"date":"2020-03-27"},{"date":"2020-07-29"},{"date":"2025-01-29"},{"date":"2025-03-04"}],"house":{"chamberCode":"seanad","chamberType":"house","houseCode":"seanad","houseNo":"25","showAs":"25th Seanad","uri":"https:\/\/data.oireachtas.ie\/ie\/oireachtas\/house\/seanad\/25"},"progressStage":2,"showAs":"Second Stage","stageCompleted":false,"stageOutcome":"Current","stageURI":"https:\/\/data.oireachtas.ie\/ie\/oireachtas\/def\/bill-stage\/2","uri":"https:\/\/data.oireachtas.ie\/ie\/oireachtas\/bill\/2017\/68\/stage\/seanad\/2"}}],"status":"Current","statusURI":"https:\/\/data.oireachtas.ie\/ie\/oireachtas\/def\/bill-status\/published","uri":"https:\/\/data.oireachtas.ie\/ie\/oireachtas\/bill\/2017\/68","versions":[{"version":{"date":"2017-05-24","docType":"bill","formats":{"pdf":{"uri":"https:\/\/data.oireachtas.ie\/ie\/oireachtas\/bill\/2017\/68\/eng\/initiated\/b6817s-bill-publication.pdf"},"xml":null},"lang":"eng","showAs":"As Initiated","uri":"https:\/\/data.oireachtas.ie\/ie\/oireachtas\/bill\/2017\/68\/eng\/initiated"}}]},"billSort":{"actNoSort":null,"actShortTitleEnSort":null,"actShortTitleGaSort":null,"actYearSort":null,"billNoSort":68,"billShortTitleEnSort":"controlled-drugs-and-harm-reduction-bill-2017","billShortTitleGaSort":"an-bille-um-dhrugai-rialaithe-agus-um-dhochar-a-laghdu-2017","billYearSort":2017},"contextDate":"2025-03-04"},{"bill":{"act":null,"amendmentLists":[],"billNo":"50","billType":"Public","billTypeURI":"https:\/\/data.oireachtas.ie\/ie\/oireachtas\/def\/bill-type\/public","billYear":"2017","debates":[{"chamber":{"showAs":"D\u00e1il \u00c9ireann","uri":"https:\/\/data.oireachtas.ie\/ie\/oireachtas\/def\/house\/dail"},"date":"2017-06-27","debateSectionId":"dbsect_36","showAs":"Local Government (Establishment of Town Councils Commission) Bill 2017: Second Stage [Private Members]","uri":"https:\/\/data.oireachtas.ie\/akn\/ie\/debateRecord\/dail\/2017-06-27\/debate\/main"},{"chamber":{"showAs":"D\u00e1il \u00c9ireann","uri":"https:\/\/data.oireachtas.ie\/ie\/oireachtas\/def\/house\/dail"},"date":"2017-06-27","debateSectionId":"dbsect_37","showAs":"Local Government (Establishment of Town Councils Commission) Bill 2017: Referral to Select Committee [Private Members]","uri":"https:\/\/data.oireachtas.ie\/akn\/ie\/debateRecord\/dail\/2017-06-27\/debate\/main"},{"chamber":{"showAs":"D\u00e1il \u00c9ireann","uri":"https:\/\/data.oireachtas.ie\/ie\/oireachtas\/def\/house\/dail"},"date":"2017-04-05","debateSectionId":"dbsect_5","showAs":"Local Government (Establishment of Town Councils Commission) Bill 2017: First Stage","uri":"https:\/\/data.oireachtas.ie\/akn\/ie\/debateRecord\/dail\/2017-04-05\/debate\/main"}],"events":[{"event":{"chamber":{"chamberCode":"dail","showAs":"D\u00e1il \u00c9ireann","uri":"https:\/\/data.oireachtas.ie\/ie\/oireachtas\/def\/house\/dail"},"dates":[{"date":"2020-01-14"},{"date":"2024-11-08"}],"eventURI":"https:\/\/data.oireachtas.ie\/ie\/oireachtas\/def\/bill-event\/bill-lapsed","showAs":"Bill Lapsed","uri":"https:\/\/data.oireachtas.ie\/ie\/oireachtas\/bill\/2017\/50\/bill-lapsed"}},{"event":{"chamber":{"chamberCode":"dail","showAs":"D\u00e1il \u00c9ireann","uri":"https:\/\/data.oireachtas.ie\/ie\/oireachtas\/def\/house\/dail"},"dates":[{"date":"2020-09-17"},{"date":"2025-05-27"}],"eventURI":"https:\/\/data.oireachtas.ie\/ie\/oireachtas\/def\/bill-event\/bill-restored","showAs":"Bill Restored","uri":"https:\/\/data.oireachtas.ie\/ie\/oireachtas\/bill\/2017\/50\/bill-restored"}},{"event":{"chamber":null,"dates":[{"date":"2017-04-05"}],"eventURI":"https:\/\/data.oireachtas.ie\/ie\/oireachtas\/def\/bill-event\/published","showAs":"Published","uri":"https:\/\/data.oireachtas.ie\/ie\/oireachtas\/bill\/2017\/50\/published"}}],"lastUpdated":"2025-05-28T08:44:54.560000+00:00","longTitleEn":"Bill entitled an Act to allow for the creation of a Local Government Commission to carry out a review and make recommendations relating to the establishment and boundaries of a town council system and to provide for related matters.","longTitleGa":"Bille d\u00e1 ngairtear Acht do chead\u00fa Coimisi\u00fan Rialtais \u00c1iti\u00fail a chruth\u00fa chun athbhreithni\u00fa agus molta\u00ed a dh\u00e9anamh a bhaineann le bun\u00fa agus le teorainneacha c\u00f3rais comhairl\u00ed baile agus do dh\u00e9anamh socr\u00fa i dtaobh nithe gaolmhara.","method":"Introduced","methodURI":"https:\/\/data.oireachtas.ie\/ie\/oireachtas\/def\/bill-method\/introduced","mostRecentStage":{"event":{"chamber":{"chamberCode":"dail","showAs":"D\u00e1il \u00c9ireann","uri":"https:\/\/data.oireachtas.ie\/ie\/oireachtas\/def\/house\/dail"},"dates":[{"date":"2017-06-27"},{"date":"2020-01-14"},{"date":"2020-09-17"},{"date":"2024-11-08"},{"date":"2025-05-27"}],"house":{"chamberCode":"dail","chamberType":"house","houseCode":"dail","houseNo":"32","showAs":"32nd D\u00e1il","uri":"https:\/\/data.oireachtas.ie\/ie\/oireachtas\/house\/dail\/32"},"progressStage":3,"showAs":"Committee Stage","stageCompleted":false,"stageOutcome":"Current","stageURI":"https:\/\/data.oireachtas.ie\/ie\/oireachtas\/def\/bill-stage\/3","uri":"https:\/\/data.oireachtas.ie\/ie\/oireachtas\/bill\/2017\/50\/stage\/dail\/3"}},"originHouse":{"showAs":"D\u00e1il \u00c9ireann","uri":"https:\/\/data.oireachtas.ie\/ie\/oireachtas\/def\/house\/dail"},"originHouseURI":"https:\/\/data.oireachtas.ie\/ie\/oireachtas\/def\/house\/dail","relatedDocs":[],"shortTitleEn":"Local Government (Establishment of Town Councils Commission) Bill 2017","shortTitleGa":"An Bille Rialtais \u00c1iti\u00fail (Coimisi\u00fan Comhairl\u00ed Baile a Bhun\u00fa), 2017","source":"Private Member","sourceURI":"https:\/\/data.oireachtas.ie\/ie\/oireachtas\/def\/bill-source\/private-member","sponsors":[{"sponsor":{"as":{"showAs":null,"uri":null},"by":{"showAs":"Shane Cassells","uri":"https:\/\/data.oireachtas.ie\/ie\/oireachtas\/member\/id\/Shane-Cassells.D.2016-10-03"},"isPrimary":true}}],"stages":[{"event":{"chamber":{"chamberCode":"dail","showAs":"D\u00e1il \u00c9ireann","uri":"https:\/\/data.oireachtas.ie\/ie\/oireachtas\/def\/house\/dail"},"dates":[{"date":"2017-04-05"}],"house":{"chamberCode":"dail","chamberType":"house","houseCode":"dail","houseNo":"32","showAs":"32nd D\u00e1il","uri":"https:\/\/data.oireachtas.ie\/ie\/oireachtas\/house\/dail\/32"},"progressStage":1,"showAs":"First Stage","stageCompleted":true,"stageOutcome":null,"stageURI":"https:\/\/data.oireachtas.ie\/ie\/oireachtas\/def\/bill-stage\/1","uri":"https:\/\/data.oireachtas.ie\/ie\/oireachtas\/bill\/2017\/50\/stage\/dail\/1"}},{"event":{"chamber":{"chamberCode":"dail","showAs":"D\u00e1il \u00c9ireann","uri":"https:\/\/data.oireachtas.ie\/ie\/oireachtas\/def\/house\/dail"},"dates":[{"date":"2017-04-05"},{"date":"2017-04-05"}],"house":{"chamberCode":"dail","chamberType":"house","houseCode":"dail","houseNo":"32","showAs":"32nd D\u00e1il","uri":"https:\/\/data.oireachtas.ie\/ie\/oireachtas\/house\/dail\/32"},"progressStage":2,"showAs":"Second Stage","stageCompleted":true,"stageOutcome":null,"stageURI":"https:\/\/data.oireachtas.ie\/ie\/oireachtas\/def\/bill-stage\/2","uri":"https:\/\/data.oireachtas.ie\/ie\/oireachtas\/bill\/2017\/50\/stage\/dail\/2"}},{"event":{"chamber":{"chamberCode":"dail","showAs":"D\u00e1il \u00c9ireann","uri":"https:\/\/data.oireachtas.ie\/ie\/oireachtas\/def\/house\/dail"},"dates":[{"date":"2017-06-27"},{"date":"2020-01-14"},{"date":"2020-09-17"},{"date":"2024-11-08"},{"date":"2025-05-27"}],"house":{"chamberCode":"dail","chamberType":"house","houseCode":"dail","houseNo":"32","showAs":"32nd D\u00e1il","uri":"https:\/\/data.oireachtas.ie\/ie\/oireachtas\/house\/dail\/32"},"progressStage":3,"showAs":"Committee Stage","stageCompleted":false,"stageOutcome":"Current","stageURI":"https:\/\/data.oireachtas.ie\/ie\/oireachtas\/def\/bill-stage\/3","uri":"https:\/\/data.oireachtas.ie\/ie\/oireachtas\/bill\/2017\/50\/stage\/dail\/3"}}],"status":"Current","statusURI":"https:\/\/data.oireachtas.ie\/ie\/oireachtas\/def\/bill-status\/published","uri":"https:\/\/data.oireachtas.ie\/ie\/oireachtas\/bill\/2017\/50","versions":[{"version":{"date":"2017-04-05","docType":"bill","formats":{"pdf":{"uri":"https:\/\/data.oireachtas.ie\/ie\/oireachtas\/bill\/2017\/50\/eng\/initiated\/b5017d.pdf"},"xml":null},"lang":"eng","showAs":"As Initiated","uri":"https:\/\/data.oireachtas.ie\/ie\/oireachtas\/bill\/2017\/50\/eng\/initiated"}}]},"billSort":{"actNoSort":null,"actShortTitleEnSort":null,"actShortTitleGaSort":null,"actYearSort":null,"billNoSort":50,"billShortTitleEnSort":"local-government-establishment-of-town-councils-commission-bill-2017","billShortTitleGaSort":"an-bille-rialtais-aitiuil-coimisiun-comhairli-baile-a-bhunu-2017","billYearSort":2017},"contextDate":"2025-05-27"},{"bill":{"act":null,"amendmentLists":[],"billNo":"44","billType":"Public","billTypeURI":"https:\/\/data.oireachtas.ie\/ie\/oireachtas\/def\/bill-type\/public","billYear":"2017","debates":[{"chamber":{"showAs":"Seanad \u00c9ireann","uri":"https:\/\/data.oireachtas.ie\/ie\/oireachtas\/def\/house\/seanad"},"date":"2021-03-05","debateSectionId":"dbsect_15","showAs":"Adult Safeguarding Bill 2017: Restoration to Order Paper","uri":"https:\/\/data.oireachtas.ie\/akn\/ie\/debateRecord\/seanad\/2021-03-05\/debate\/main"},{"chamber":{"showAs":"Seanad \u00c9ireann","uri":"https:\/\/data.oireachtas.ie\/ie\/oireachtas\/def\/house\/seanad"},"date":"2017-04-05","debateSectionId":"dbsect_10","showAs":"Adult Safeguarding Bill 2017: Second Stage","uri":"https:\/\/data.oireachtas.ie\/akn\/ie\/debateRecord\/seanad\/2017-04-05\/debate\/main"},{"chamber":{"showAs":"Seanad \u00c9ireann","uri":"https:\/\/data.oireachtas.ie\/ie\/oireachtas\/def\/house\/seanad"},"date":"2017-03-30","debateSectionId":"dbsect_9","showAs":"Adult Safeguarding Bill 2017: First Stage","uri":"https:\/\/data.oireachtas.ie\/akn\/ie\/debateRecord\/seanad\/2017-03-30\/debate\/main"}],"events":[{"event":{"chamber":null,"dates":[{"date":"2017-03-30"}],"eventURI":"https:\/\/data.oireachtas.ie\/ie\/oireachtas\/def\/bill-event\/published","showAs":"Published","uri":"https:\/\/data.oireachtas.ie\/ie\/oireachtas\/bill\/2017\/44\/published"}},{"event":{"chamber":{"chamberCode":"seanad","showAs":"Seanad \u00c9ireann","uri":"https:\/\/data.oireachtas.ie\/ie\/oireachtas\/def\/house\/seanad"},"dates":[{"date":"2020-03-27"},{"date":"2021-03-05"},{"date":"2025-03-04"}],"eventURI":"https:\/\/data.oireachtas.ie\/ie\/oireachtas\/def\/bill-event\/bill-lapsed","showAs":"Bill Lapsed","uri":"https:\/\/data.oireachtas.ie\/ie\/oireachtas\/bill\/2017\/44\/bill-lapsed"}},{"event":{"chamber":{"chamberCode":"seanad","showAs":"Seanad \u00c9ireann","uri":"https:\/\/data.oireachtas.ie\/ie\/oireachtas\/def\/house\/seanad"},"dates":[{"date":"2025-01-29"}],"eventURI":"https:\/\/data.oireachtas.ie\/ie\/oireachtas\/def\/bill-event\/bill-lapsed","showAs":"Bill Lapsed","uri":"https:\/\/data.oireachtas.ie\/ie\/oireachtas\/bill\/2017\/44\/bill-lapsed"}}],"lastUpdated":"2025-03-05T09:51:43.960000+00:00","longTitleEn":"for the purposes of making further and better provision for the care and protection of adults who are at risk; to establish the National Adult Safeguarding Authority; to require certain persons to make reports to the National Adult Safeguarding Authority in respect of adults at risk of abuse or harm in certain circumstances; and to provide for related matters","longTitleGa":"Bille d\u00e1 ngairtear Acht chun socr\u00fa breise agus feabhsaithe a dh\u00e9anamh chun c\u00faram agus cosaint a thabhairt d'aosaigh at\u00e1 i mbaol; chun an t-\u00dadar\u00e1s N\u00e1isi\u00fanta um Chosaint Aosach a bhun\u00fa; d\u00e1 cheangal ar dhaoine \u00e1irithe tuarasc\u00e1lacha a thabhairt don \u00dadar\u00e1s N\u00e1isi\u00fanta um Chosaint Aosach maidir le haosaigh at\u00e1 i mbaol droch\u00fas\u00e1ide n\u00f3 dochair in imthosca \u00e1irithe; agus do dh\u00e9anamh socr\u00fa i dtaobh nithe gaolmhara","method":"Introduced","methodURI":"https:\/\/data.oireachtas.ie\/ie\/oireachtas\/def\/bill-method\/introduced","mostRecentStage":{"event":{"chamber":{"chamberCode":"seanad","showAs":"Seanad \u00c9ireann","uri":"https:\/\/data.oireachtas.ie\/ie\/oireachtas\/def\/house\/seanad"},"dates":[{"date":"2017-04-05"},{"date":"2017-04-05"},{"date":"2017-04-05"},{"date":"2017-04-05"},{"date":"2017-04-05"},{"date":"2017-04-05"},{"date":"2020-03-27"},{"date":"2021-03-05"},{"date":"2025-01-29"},{"date":"2025-03-04"}],"house":{"chamberCode":"seanad","chamberType":"house","houseCode":"seanad","houseNo":"25","showAs":"25th Seanad","uri":"https:\/\/data.oireachtas.ie\/ie\/oireachtas\/house\/seanad\/25"},"progressStage":3,"showAs":"Committee Stage","stageCompleted":false,"stageOutcome":"Current","stageURI":"https:\/\/data.oireachtas.ie\/ie\/oireachtas\/def\/bill-stage\/3","uri":"https:\/\/data.oireachtas.ie\/ie\/oireachtas\/bill\/2017\/44\/stage\/seanad\/3"}},"originHouse":{"showAs":"Seanad \u00c9ireann","uri":"https:\/\/data.oireachtas.ie\/ie\/oireachtas\/def\/house\/seanad"},"originHouseURI":"https:\/\/data.oireachtas.ie\/ie\/oireachtas\/def\/house\/seanad","relatedDocs":[],"shortTitleEn":"Adult Safeguarding Bill 2017","shortTitleGa":"An Bille um Aosaigh a Chosaint, 2017","source":"Private Member","sourceURI":"https:\/\/data.oireachtas.ie\/ie\/oireachtas\/def\/bill-source\/private-member","sponsors":[{"sponsor":{"as":{"showAs":null,"uri":null},"by":{"showAs":"Marie-Louise O'Donnell","uri":"https:\/\/data.oireachtas.ie\/ie\/oireachtas\/member\/id\/Marie-Louise-O'Donnell.S.2011-05-25"},"isPrimary":false}},{"sponsor":{"as":{"showAs":null,"uri":null},"by":{"showAs":"Victor Boyhan","uri":"https:\/\/data.oireachtas.ie\/ie\/oireachtas\/member\/id\/Victor-Boyhan.S.2016-04-25"},"isPrimary":false}},{"sponsor":{"as":{"showAs":null,"uri":null},"by":{"showAs":"Frances Black","uri":"https:\/\/data.oireachtas.ie\/ie\/oireachtas\/member\/id\/Frances-Black.S.2016-04-25"},"isPrimary":false}},{"sponsor":{"as":{"showAs":null,"uri":null},"by":{"showAs":"Ivana Bacik","uri":"https:\/\/data.oireachtas.ie\/ie\/oireachtas\/member\/id\/Ivana-Bacik.S.2007-07-23"},"isPrimary":false}},{"sponsor":{"as":{"showAs":null,"uri":null},"by":{"showAs":"Jerry Buttimer","uri":"https:\/\/data.oireachtas.ie\/ie\/oireachtas\/member\/id\/Jerry-Buttimer.S.2007-07-23"},"isPrimary":false}},{"sponsor":{"as":{"showAs":null,"uri":null},"by":{"showAs":"Lorraine Clifford-Lee","uri":"https:\/\/data.oireachtas.ie\/ie\/oireachtas\/member\/id\/Lorraine-Clifford-Lee.S.2016-04-25"},"isPrimary":false}},{"sponsor":{"as":{"showAs":null,"uri":null},"by":{"showAs":"Lynn Ruane","uri":"https:\/\/data.oireachtas.ie\/ie\/oireachtas\/member\/id\/Lynn-Ruane.S.2016-04-25"},"isPrimary":false}},{"sponsor":{"as":{"showAs":null,"uri":null},"by":{"showAs":"Alice-Mary Higgins","uri":"https:\/\/data.oireachtas.ie\/ie\/oireachtas\/member\/id\/Alice-Mary-Higgins.S.2016-04-25"},"isPrimary":false}},{"sponsor":{"as":{"showAs":null,"uri":null},"by":{"showAs":"John Dolan","uri":"https:\/\/data.oireachtas.ie\/ie\/oireachtas\/member\/id\/John-Dolan.S.2016-04-25"},"isPrimary":false}},{"sponsor":{"as":{"showAs":null,"uri":null},"by":{"showAs":"Colette Kelleher","uri":"https:\/\/data.oireachtas.ie\/ie\/oireachtas\/member\/id\/Colette-Kelleher.S.2016-04-25"},"isPrimary":true}}],"stages":[{"event":{"chamber":{"chamberCode":"seanad","showAs":"Seanad \u00c9ireann","uri":"https:\/\/data.oireachtas.ie\/ie\/oireachtas\/def\/house\/seanad"},"dates":[{"date":"2017-03-30"}],"house":{"chamberCode":"seanad","chamberType":"house","houseCode":"seanad","houseNo":"25","showAs":"25th Seanad","uri":"https:\/\/data.oireachtas.ie\/ie\/oireachtas\/house\/seanad\/25"},"progressStage":1,"showAs":"First Stage","stageCompleted":true,"stageOutcome":null,"stageURI":"https:\/\/data.oireachtas.ie\/ie\/oireachtas\/def\/bill-stage\/1","uri":"https:\/\/data.oireachtas.ie\/ie\/oireachtas\/bill\/2017\/44\/stage\/seanad\/1"}},{"event":{"chamber":{"chamberCode":"seanad","showAs":"Seanad \u00c9ireann","uri":"https:\/\/data.oireachtas.ie\/ie\/oireachtas\/def\/house\/seanad"},"dates":[{"date":"2017-03-30"},{"date":"2017-03-30"}],"house":{"chamberCode":"seanad","chamberType":"house","houseCode":"seanad","houseNo":"25","showAs":"25th Seanad","uri":"https:\/\/data.oireachtas.ie\/ie\/oireachtas\/house\/seanad\/25"},"progressStage":2,"showAs":"Second Stage","stageCompleted":true,"stageOutcome":null,"stageURI":"https:\/\/data.oireachtas.ie\/ie\/oireachtas\/def\/bill-stage\/2","uri":"https:\/\/data.oireachtas.ie\/ie\/oireachtas\/bill\/2017\/44\/stage\/seanad\/2"}},{"event":{"chamber":{"chamberCode":"seanad","showAs":"Seanad \u00c9ireann","uri":"https:\/\/data.oireachtas.ie\/ie\/oireachtas\/def\/house\/seanad"},"dates":[{"date":"2017-04-05"},{"date":"2017-04-05"},{"date":"2017-04-05"},{"date":"2017-04-05"},{"date":"2017-04-05"},{"date":"2017-04-05"},{"date":"2020-03-27"},{"date":"2021-03-05"},{"date":"2025-01-29"},{"date":"2025-03-04"}],"house":{"chamberCode":"seanad","chamberType":"house","houseCode":"seanad","houseNo":"25","showAs":"25th Seanad","uri":"https:\/\/data.oireachtas.ie\/ie\/oireachtas\/house\/seanad\/25"},"progressStage":3,"showAs":"Committee Stage","stageCompleted":false,"stageOutcome":"Current","stageURI":"https:\/\/data.oireachtas.ie\/ie\/oireachtas\/def\/bill-stage\/3","uri":"https:\/\/data.oireachtas.ie\/ie\/oireachtas\/bill\/2017\/44\/stage\/seanad\/3"}}],"status":"Current","statusURI":"https:\/\/data.oireachtas.ie\/ie\/oireachtas\/def\/bill-status\/published","uri":"https:\/\/data.oireachtas.ie\/ie\/oireachtas\/bill\/2017\/44","versions":[{"version":{"date":"2017-03-30","docType":"bill","formats":{"pdf":{"uri":"https:\/\/data.oireachtas.ie\/ie\/oireachtas\/bill\/2017\/44\/eng\/initiated\/b4417s.pdf"},"xml":null},"lang":"eng","showAs":"As Initiated","uri":"https:\/\/data.oireachtas.ie\/ie\/oireachtas\/bill\/2017\/44\/eng\/initiated"}}]},"billSort":{"actNoSort":null,"actShortTitleEnSort":null,"actShortTitleGaSort":null,"actYearSort":null,"billNoSort":44,"billShortTitleEnSort":"adult-safeguarding-bill-2017","billShortTitleGaSort":"an-bille-um-aosaigh-a-chosaint-2017","billYearSort":2017},"contextDate":"2025-03-04"},{"bill":{"act":null,"amendmentLists":[],"billNo":"43","billType":"Public","billTypeURI":"https:\/\/data.oireachtas.ie\/ie\/oireachtas\/def\/bill-type\/public","billYear":"2017","debates":[{"chamber":{"showAs":"Seanad \u00c9ireann","uri":"https:\/\/data.oireachtas.ie\/ie\/oireachtas\/def\/house\/seanad"},"date":"2017-05-10","debateSectionId":"dbsect_15","showAs":"Gender Recognition (Amendment) Bill 2017: Second Stage","uri":"https:\/\/data.oireachtas.ie\/akn\/ie\/debateRecord\/seanad\/2017-05-10\/debate\/main"},{"chamber":{"showAs":"Seanad \u00c9ireann","uri":"https:\/\/data.oireachtas.ie\/ie\/oireachtas\/def\/house\/seanad"},"date":"2017-03-30","debateSectionId":"dbsect_10","showAs":"Gender Recognition (Amendment) Bill 2017: First Stage","uri":"https:\/\/data.oireachtas.ie\/akn\/ie\/debateRecord\/seanad\/2017-03-30\/debate\/main"}],"events":[{"event":{"chamber":null,"dates":[{"date":"2017-03-30"}],"eventURI":"https:\/\/data.oireachtas.ie\/ie\/oireachtas\/def\/bill-event\/published","showAs":"Published","uri":"https:\/\/data.oireachtas.ie\/ie\/oireachtas\/bill\/2017\/43\/published"}},{"event":{"chamber":{"chamberCode":"seanad","showAs":"Seanad \u00c9ireann","uri":"https:\/\/data.oireachtas.ie\/ie\/oireachtas\/def\/house\/seanad"},"dates":[{"date":"2020-03-27"},{"date":"2020-09-25"}],"eventURI":"https:\/\/data.oireachtas.ie\/ie\/oireachtas\/def\/bill-event\/bill-lapsed","showAs":"Bill Lapsed","uri":"https:\/\/data.oireachtas.ie\/ie\/oireachtas\/bill\/2017\/43\/bill-lapsed"}},{"event":{"chamber":{"chamberCode":"seanad","showAs":"Seanad \u00c9ireann","uri":"https:\/\/data.oireachtas.ie\/ie\/oireachtas\/def\/house\/seanad"},"dates":[{"date":"2025-01-29"}],"eventURI":"https:\/\/data.oireachtas.ie\/ie\/oireachtas\/def\/bill-event\/bill-lapsed","showAs":"Bill Lapsed","uri":"https:\/\/data.oireachtas.ie\/ie\/oireachtas\/bill\/2017\/43\/bill-lapsed"}}],"lastUpdated":"2025-01-30T11:17:37.160000+00:00","longTitleEn":"Bill entitled an Act to amend the Gender Recognition Act 2015 to provide a right to self-determination for persons who have reached the age of 16 years; to introduce a right to legal gender recognition for persons under the age of 16 years; and to ensure consideration of the status of non-binary persons in Irish law","longTitleGa":"Bille d\u00e1 ngairtear Acht do leas\u00fa an Achta um Inscne a Aithint, 2015 chun ceart a thabhairt do dhaoine a bhfuil 16 bliana d'aois sl\u00e1naithe acu f\u00e9inchinneadh a dh\u00e9anamh; do thabhairt isteach ceart le haghaidh daoine faoi bhun 16 bliana d'aois go nd\u00e9anfar a n-inscne a aithint le dl\u00ed; agus d\u00e1 chinnti\u00fa go mbreithneofar st\u00e1das daoine neamhdh\u00e9n\u00e1rtha i ndl\u00ed na h\u00c9ireann","method":"Introduced","methodURI":"https:\/\/data.oireachtas.ie\/ie\/oireachtas\/def\/bill-method\/introduced","mostRecentStage":{"event":{"chamber":{"chamberCode":"seanad","showAs":"Seanad \u00c9ireann","uri":"https:\/\/data.oireachtas.ie\/ie\/oireachtas\/def\/house\/seanad"},"dates":[{"date":"2017-03-30"},{"date":"2017-03-30"}],"house":{"chamberCode":"seanad","chamberType":"house","houseCode":"seanad","houseNo":"25","showAs":"25th Seanad","uri":"https:\/\/data.oireachtas.ie\/ie\/oireachtas\/house\/seanad\/25"},"progressStage":2,"showAs":"Second Stage","stageCompleted":true,"stageOutcome":null,"stageURI":"https:\/\/data.oireachtas.ie\/ie\/oireachtas\/def\/bill-stage\/2","uri":"https:\/\/data.oireachtas.ie\/ie\/oireachtas\/bill\/2017\/43\/stage\/seanad\/2"}},"originHouse":{"showAs":"Seanad \u00c9ireann","uri":"https:\/\/data.oireachtas.ie\/ie\/oireachtas\/def\/house\/seanad"},"originHouseURI":"https:\/\/data.oireachtas.ie\/ie\/oireachtas\/def\/house\/seanad","relatedDocs":[{"relatedDoc":{"date":"2017-03-31","docType":"memo","formats":{"pdf":{"uri":"https:\/\/data.oireachtas.ie\/ie\/oireachtas\/bill\/2017\/43\/eng\/memo\/b4317dmemo.pdf"},"xml":null},"lang":"eng","showAs":"Explanatory Memorandum","uri":"https:\/\/data.oireachtas.ie\/ie\/oireachtas\/bill\/2017\/43\/eng\/memo"}}],"shortTitleEn":"Gender Recognition (Amendment) Bill 2017","shortTitleGa":"An Bille um Inscne a Aithint (Leas\u00fa), 2017","source":"Private Member","sourceURI":"https:\/\/data.oireachtas.ie\/ie\/oireachtas\/def\/bill-source\/private-member","sponsors":[{"sponsor":{"as":{"showAs":null,"uri":null},"by":{"showAs":"David P.B. Norris","uri":"https:\/\/data.oireachtas.ie\/ie\/oireachtas\/member\/id\/David-PB-Norris.S.1987-04-25"},"isPrimary":false}},{"sponsor":{"as":{"showAs":null,"uri":null},"by":{"showAs":"Grace O'Sullivan","uri":"https:\/\/data.oireachtas.ie\/ie\/oireachtas\/member\/id\/Grace-O'Sullivan.S.2016-04-25"},"isPrimary":false}},{"sponsor":{"as":{"showAs":null,"uri":null},"by":{"showAs":"Fintan Warfield","uri":"https:\/\/data.oireachtas.ie\/ie\/oireachtas\/member\/id\/Fintan-Warfield.S.2016-04-25"},"isPrimary":true}}],"stages":[{"event":{"chamber":{"chamberCode":"seanad","showAs":"Seanad \u00c9ireann","uri":"https:\/\/data.oireachtas.ie\/ie\/oireachtas\/def\/house\/seanad"},"dates":[{"date":"2017-03-30"}],"house":{"chamberCode":"seanad","chamberType":"house","houseCode":"seanad","houseNo":"25","showAs":"25th Seanad","uri":"https:\/\/data.oireachtas.ie\/ie\/oireachtas\/house\/seanad\/25"},"progressStage":1,"showAs":"First Stage","stageCompleted":true,"stageOutcome":null,"stageURI":"https:\/\/data.oireachtas.ie\/ie\/oireachtas\/def\/bill-stage\/1","uri":"https:\/\/data.oireachtas.ie\/ie\/oireachtas\/bill\/2017\/43\/stage\/seanad\/1"}},{"event":{"chamber":{"chamberCode":"seanad","showAs":"Seanad \u00c9ireann","uri":"https:\/\/data.oireachtas.ie\/ie\/oireachtas\/def\/house\/seanad"},"dates":[{"date":"2017-03-30"},{"date":"2017-03-30"}],"house":{"chamberCode":"seanad","chamberType":"house","houseCode":"seanad","houseNo":"25","showAs":"25th Seanad","uri":"https:\/\/data.oireachtas.ie\/ie\/oireachtas\/house\/seanad\/25"},"progressStage":2,"showAs":"Second Stage","stageCompleted":true,"stageOutcome":null,"stageURI":"https:\/\/data.oireachtas.ie\/ie\/oireachtas\/def\/bill-stage\/2","uri":"https:\/\/data.oireachtas.ie\/ie\/oireachtas\/bill\/2017\/43\/stage\/seanad\/2"}}],"status":"Lapsed","statusURI":"https:\/\/data.oireachtas.ie\/ie\/oireachtas\/def\/bill-status\/lapsed","uri":"https:\/\/data.oireachtas.ie\/ie\/oireachtas\/bill\/2017\/43","versions":[{"version":{"date":"2017-03-30","docType":"bill","formats":{"pdf":{"uri":"https:\/\/data.oireachtas.ie\/ie\/oireachtas\/bill\/2017\/43\/eng\/initiated\/b4317s.pdf"},"xml":null},"lang":"eng","showAs":"As Initiated","uri":"https:\/\/data.oireachtas.ie\/ie\/oireachtas\/bill\/2017\/43\/eng\/initiated"}}]},"billSort":{"actNoSort":null,"actShortTitleEnSort":null,"actShortTitleGaSort":null,"actYearSort":null,"billNoSort":43,"billShortTitleEnSort":"gender-recognition-amendment-bill-2017","billShortTitleGaSort":"an-bille-um-inscne-a-aithint-leasu-2017","billYearSort":2017},"contextDate":"2017-03-30"},{"bill":{"act":null,"amendmentLists":[],"billNo":"106","billType":"Public","billTypeURI":"https:\/\/data.oireachtas.ie\/ie\/oireachtas\/def\/bill-type\/public","billYear":"2016","debates":[{"chamber":{"showAs":"Seanad \u00c9ireann","uri":"https:\/\/data.oireachtas.ie\/ie\/oireachtas\/def\/house\/seanad"},"date":"2017-02-01","debateSectionId":"dbsect_21","showAs":"Convictions for Certain Sexual Offences (Apology and Exoneration) Bill 2016: Second Stage","uri":"https:\/\/data.oireachtas.ie\/akn\/ie\/debateRecord\/seanad\/2017-02-01\/debate\/main"},{"chamber":{"showAs":"Seanad \u00c9ireann","uri":"https:\/\/data.oireachtas.ie\/ie\/oireachtas\/def\/house\/seanad"},"date":"2016-12-06","debateSectionId":"dbsect_8","showAs":"Convictions for Certain Sexual Offences (Apology and Exoneration) Bill 2016: First Stage","uri":"https:\/\/data.oireachtas.ie\/akn\/ie\/debateRecord\/seanad\/2016-12-06\/debate\/main"}],"events":[{"event":{"chamber":null,"dates":[{"date":"2016-12-06"}],"eventURI":"https:\/\/data.oireachtas.ie\/ie\/oireachtas\/def\/bill-event\/published","showAs":"Published","uri":"https:\/\/data.oireachtas.ie\/ie\/oireachtas\/bill\/2016\/106\/published"}},{"event":{"chamber":{"chamberCode":"seanad","showAs":"Seanad \u00c9ireann","uri":"https:\/\/data.oireachtas.ie\/ie\/oireachtas\/def\/house\/seanad"},"dates":[{"date":"2020-03-27"},{"date":"2020-07-29"}],"eventURI":"https:\/\/data.oireachtas.ie\/ie\/oireachtas\/def\/bill-event\/bill-lapsed","showAs":"Bill Lapsed","uri":"https:\/\/data.oireachtas.ie\/ie\/oireachtas\/bill\/2016\/106\/bill-lapsed"}},{"event":{"chamber":{"chamberCode":"seanad","showAs":"Seanad \u00c9ireann","uri":"https:\/\/data.oireachtas.ie\/ie\/oireachtas\/def\/house\/seanad"},"dates":[{"date":"2025-01-29"}],"eventURI":"https:\/\/data.oireachtas.ie\/ie\/oireachtas\/def\/bill-event\/bill-lapsed","showAs":"Bill Lapsed","uri":"https:\/\/data.oireachtas.ie\/ie\/oireachtas\/bill\/2016\/106\/bill-lapsed"}}],"lastUpdated":"2025-01-30T11:17:37.160000+00:00","longTitleEn":"Bill entitled an Act to provide for an apology to and exoneration of persons convicted of consensual same-sex sexual acts, on the grounds that prosecutions for such offences were improperly discriminatory, contrary to human dignity and in breach of personal privacy and autonomy; and to provide for related matters.","longTitleGa":"Bille d\u00e1 ngairtear Acht do dh\u00e9anamh socr\u00fa maidir le leithsc\u00e9al a ghabh\u00e1il le daoine agus daoine a shaoradh, is daoine a cionta\u00edodh i ngn\u00edomhartha gn\u00e9asacha toili\u00fala idir daoine den ghn\u00e9as c\u00e9anna, ar na forais go raibh ionch\u00faisimh i gcionta den s\u00f3rt sin idirdhealaitheach go m\u00edchu\u00ed, go raibh siad contr\u00e1rtha do dh\u00ednit an duine agus gur sh\u00e1raigh siad an phr\u00edobh\u00e1ideacht phearsanta agus an fh\u00e9inriaracht phearsanta; agus do dh\u00e9anamh socr\u00fa i dtaobh nithe gaolmhara.","method":"Introduced","methodURI":"https:\/\/data.oireachtas.ie\/ie\/oireachtas\/def\/bill-method\/introduced","mostRecentStage":{"event":{"chamber":{"chamberCode":"seanad","showAs":"Seanad \u00c9ireann","uri":"https:\/\/data.oireachtas.ie\/ie\/oireachtas\/def\/house\/seanad"},"dates":[{"date":"2016-12-06"},{"date":"2016-12-06"}],"house":{"chamberCode":"seanad","chamberType":"house","houseCode":"seanad","houseNo":"25","showAs":"25th Seanad","uri":"https:\/\/data.oireachtas.ie\/ie\/oireachtas\/house\/seanad\/25"},"progressStage":2,"showAs":"Second Stage","stageCompleted":true,"stageOutcome":null,"stageURI":"https:\/\/data.oireachtas.ie\/ie\/oireachtas\/def\/bill-stage\/2","uri":"https:\/\/data.oireachtas.ie\/ie\/oireachtas\/bill\/2016\/106\/stage\/seanad\/2"}},"originHouse":{"showAs":"Seanad \u00c9ireann","uri":"https:\/\/data.oireachtas.ie\/ie\/oireachtas\/def\/house\/seanad"},"originHouseURI":"https:\/\/data.oireachtas.ie\/ie\/oireachtas\/def\/house\/seanad","relatedDocs":[{"relatedDoc":{"date":"2016-12-06","docType":"memo","formats":{"pdf":{"uri":"https:\/\/data.oireachtas.ie\/ie\/oireachtas\/bill\/2016\/106\/eng\/memo\/10616s-memo.pdf"},"xml":null},"lang":"eng","showAs":"Explanatory Memorandum","uri":"https:\/\/data.oireachtas.ie\/ie\/oireachtas\/bill\/2016\/106\/eng\/memo"}}],"shortTitleEn":"Convictions for Certain Sexual Offences (Apology and Exoneration) Bill 2016","shortTitleGa":"An Bille um Chionta Gn\u00e9asacha \u00c1irithe (Leithsc\u00e9al a Ghabh\u00e1il agus Saoradh), 2016","source":"Private Member","sourceURI":"https:\/\/data.oireachtas.ie\/ie\/oireachtas\/def\/bill-source\/private-member","sponsors":[{"sponsor":{"as":{"showAs":null,"uri":null},"by":{"showAs":"Aodh\u00e1n \u00d3 R\u00edord\u00e1in","uri":"https:\/\/data.oireachtas.ie\/ie\/oireachtas\/member\/id\/Aodh\u00e1n-\u00d3-R\u00edord\u00e1in.D.2011-03-09"},"isPrimary":false}},{"sponsor":{"as":{"showAs":null,"uri":null},"by":{"showAs":"Ivana Bacik","uri":"https:\/\/data.oireachtas.ie\/ie\/oireachtas\/member\/id\/Ivana-Bacik.S.2007-07-23"},"isPrimary":false}},{"sponsor":{"as":{"showAs":null,"uri":null},"by":{"showAs":"Ged Nash","uri":"https:\/\/data.oireachtas.ie\/ie\/oireachtas\/member\/id\/Gerald-Nash.D.2011-03-09"},"isPrimary":true}},{"sponsor":{"as":{"showAs":null,"uri":null},"by":{"showAs":"Kevin Humphreys","uri":"https:\/\/data.oireachtas.ie\/ie\/oireachtas\/member\/id\/Kevin-Humphreys.D.2011-03-09"},"isPrimary":false}}],"stages":[{"event":{"chamber":{"chamberCode":"seanad","showAs":"Seanad \u00c9ireann","uri":"https:\/\/data.oireachtas.ie\/ie\/oireachtas\/def\/house\/seanad"},"dates":[{"date":"2016-12-06"}],"house":{"chamberCode":"seanad","chamberType":"house","houseCode":"seanad","houseNo":"25","showAs":"25th Seanad","uri":"https:\/\/data.oireachtas.ie\/ie\/oireachtas\/house\/seanad\/25"},"progressStage":1,"showAs":"First Stage","stageCompleted":true,"stageOutcome":null,"stageURI":"https:\/\/data.oireachtas.ie\/ie\/oireachtas\/def\/bill-stage\/1","uri":"https:\/\/data.oireachtas.ie\/ie\/oireachtas\/bill\/2016\/106\/stage\/seanad\/1"}},{"event":{"chamber":{"chamberCode":"seanad","showAs":"Seanad \u00c9ireann","uri":"https:\/\/data.oireachtas.ie\/ie\/oireachtas\/def\/house\/seanad"},"dates":[{"date":"2016-12-06"},{"date":"2016-12-06"}],"house":{"chamberCode":"seanad","chamberType":"house","houseCode":"seanad","houseNo":"25","showAs":"25th Seanad","uri":"https:\/\/data.oireachtas.ie\/ie\/oireachtas\/house\/seanad\/25"},"progressStage":2,"showAs":"Second Stage","stageCompleted":true,"stageOutcome":null,"stageURI":"https:\/\/data.oireachtas.ie\/ie\/oireachtas\/def\/bill-stage\/2","uri":"https:\/\/data.oireachtas.ie\/ie\/oireachtas\/bill\/2016\/106\/stage\/seanad\/2"}}],"status":"Lapsed","statusURI":"https:\/\/data.oireachtas.ie\/ie\/oireachtas\/def\/bill-status\/lapsed","uri":"https:\/\/data.oireachtas.ie\/ie\/oireachtas\/bill\/2016\/106","versions":[{"version":{"date":"2016-12-06","docType":"bill","formats":{"pdf":{"uri":"https:\/\/data.oireachtas.ie\/ie\/oireachtas\/bill\/2016\/106\/eng\/initiated\/b10616s.pdf"},"xml":null},"lang":"eng","showAs":"As Initiated","uri":"https:\/\/data.oireachtas.ie\/ie\/oireachtas\/bill\/2016\/106\/eng\/initiated"}}]},"billSort":{"actNoSort":null,"actShortTitleEnSort":null,"actShortTitleGaSort":null,"actYearSort":null,"billNoSort":106,"billShortTitleEnSort":"convictions-for-certain-sexual-offences-apology-and-exoneration-bill-2016","billShortTitleGaSort":"an-bille-um-chionta-gneasacha-airithe-leithsceal-a-ghabhail-agus-saoradh-2016","billYearSort":2016},"contextDate":"2016-12-06"},{"bill":{"act":null,"amendmentLists":[],"billNo":"98","billType":"Public","billTypeURI":"https:\/\/data.oireachtas.ie\/ie\/oireachtas\/def\/bill-type\/public","billYear":"2016","debates":[{"chamber":{"showAs":"D\u00e1il \u00c9ireann","uri":"https:\/\/data.oireachtas.ie\/ie\/oireachtas\/def\/house\/dail"},"date":"2016-11-23","debateSectionId":"dbsect_34","showAs":"Local Government (Mayor and Regional Authority of Dublin) Bill 2016: Second Stage [Private Members]","uri":"https:\/\/data.oireachtas.ie\/akn\/ie\/debateRecord\/dail\/2016-11-23\/debate\/main"},{"chamber":{"showAs":"D\u00e1il \u00c9ireann","uri":"https:\/\/data.oireachtas.ie\/ie\/oireachtas\/def\/house\/dail"},"date":"2016-11-03","debateSectionId":"dbsect_4","showAs":"Local Government (Mayor and Regional Authority of Dublin) Bill 2016: First Stage","uri":"https:\/\/data.oireachtas.ie\/akn\/ie\/debateRecord\/dail\/2016-11-03\/debate\/main"}],"events":[{"event":{"chamber":{"chamberCode":"dail","showAs":"D\u00e1il \u00c9ireann","uri":"https:\/\/data.oireachtas.ie\/ie\/oireachtas\/def\/house\/dail"},"dates":[{"date":"2020-01-14"}],"eventURI":"https:\/\/data.oireachtas.ie\/ie\/oireachtas\/def\/bill-event\/bill-lapsed","showAs":"Bill Lapsed","uri":"https:\/\/data.oireachtas.ie\/ie\/oireachtas\/bill\/2016\/98\/bill-lapsed"}},{"event":{"chamber":{"chamberCode":"dail","showAs":"D\u00e1il \u00c9ireann","uri":"https:\/\/data.oireachtas.ie\/ie\/oireachtas\/def\/house\/dail"},"dates":[{"date":"2025-05-01"}],"eventURI":"https:\/\/data.oireachtas.ie\/ie\/oireachtas\/def\/bill-event\/bill-restored","showAs":"Bill Restored","uri":"https:\/\/data.oireachtas.ie\/ie\/oireachtas\/bill\/2016\/98\/bill-restored"}},{"event":{"chamber":null,"dates":[{"date":"2016-11-03"}],"eventURI":"https:\/\/data.oireachtas.ie\/ie\/oireachtas\/def\/bill-event\/published","showAs":"Published","uri":"https:\/\/data.oireachtas.ie\/ie\/oireachtas\/bill\/2016\/98\/published"}}],"lastUpdated":"2025-05-02T11:54:22.370000+00:00","longTitleEn":"Bill entitled an Act to provide for the election of a Mayor for the Local Government Areas of Dublin City and the counties of D\u00fan Laoghaire-Rathdown, Fingal and South Dublin; to provide for the establishment of a body to be known as the Regional Authority of Dublin, or in the Irish language, \u00dadar\u00e1s R\u00e9igi\u00fanach Bhaile \u00c1tha Cliath; to confer certain functions on the said Mayor and on the said Authority including functions under the Waste Management Act 1996, the Planning and Development Act 2000, the Local Government Act 2001 and certain other enactments; for that purpose and other purposes to amend those enactments; and to provide for matters connected therewith","longTitleGa":"Bille d\u00e1 ngairtear Acht do dh\u00e9anamh socr\u00fa chun M\u00e9ara do Limist\u00e9ir Rialtais \u00c1iti\u00fail Chathair Bhaile \u00c1tha Cliath agus chontaetha Dh\u00fan Laoghaire-R\u00e1th an D\u00fain, Fhine Gall agus Bhaile \u00c1tha Cliath Theas a thoghadh; do dh\u00e9anamh socr\u00fa maidir le comhlacht a bhun\u00fa ar a dtabharfar the Regional Authority of Dublin n\u00f3, sa Ghaeilge, \u00dadar\u00e1s R\u00e9igi\u00fanach Bhaile \u00c1tha Cliath; do thabhairt feidhmeanna \u00e1irithe don Mh\u00e9ara sin agus don \u00dadar\u00e1s sin, lena n-\u00e1ir\u00edtear feidhmeanna faoin Acht um Bainisti\u00fa Dramha\u00edola, 1996, faoin Acht um Plean\u00e1il agus Forbairt, 2000, faoin Acht Rialtais \u00c1iti\u00fail, 2001 agus faoi achtach\u00e1in \u00e1irithe eile; chun na cr\u00edche sin agus cr\u00edoch eile do leas\u00fa na n-achtach\u00e1n sin; agus do dh\u00e9anamh socr\u00fa i dtaobh nithe a bhaineann leis an m\u00e9id sin","method":"Introduced","methodURI":"https:\/\/data.oireachtas.ie\/ie\/oireachtas\/def\/bill-method\/introduced","mostRecentStage":{"event":{"chamber":{"chamberCode":"dail","showAs":"D\u00e1il \u00c9ireann","uri":"https:\/\/data.oireachtas.ie\/ie\/oireachtas\/def\/house\/dail"},"dates":[{"date":"2020-01-14"},{"date":"2025-05-01"}],"house":{"chamberCode":"dail","chamberType":"house","houseCode":"dail","houseNo":"32","showAs":"32nd D\u00e1il","uri":"https:\/\/data.oireachtas.ie\/ie\/oireachtas\/house\/dail\/32"},"progressStage":3,"showAs":"Committee Stage","stageCompleted":false,"stageOutcome":"Current","stageURI":"https:\/\/data.oireachtas.ie\/ie\/oireachtas\/def\/bill-stage\/3","uri":"https:\/\/data.oireachtas.ie\/ie\/oireachtas\/bill\/2016\/98\/stage\/dail\/3"}},"originHouse":{"showAs":"D\u00e1il \u00c9ireann","uri":"https:\/\/data.oireachtas.ie\/ie\/oireachtas\/def\/house\/dail"},"originHouseURI":"https:\/\/data.oireachtas.ie\/ie\/oireachtas\/def\/house\/dail","relatedDocs":[],"shortTitleEn":"Local Government (Mayor and Regional Authority of Dublin) Bill 2016","shortTitleGa":"An Bille Rialtais \u00c1iti\u00fail (M\u00e9ara agus \u00dadar\u00e1s R\u00e9igi\u00fanach Bhaile \u00c1tha Cliath), 2016","source":"Private Member","sourceURI":"https:\/\/data.oireachtas.ie\/ie\/oireachtas\/def\/bill-source\/private-member","sponsors":[{"sponsor":{"as":{"showAs":null,"uri":null},"by":{"showAs":"Eamon Ryan","uri":"https:\/\/data.oireachtas.ie\/ie\/oireachtas\/member\/id\/Eamon-Ryan.D.2002-06-06"},"isPrimary":true}},{"sponsor":{"as":{"showAs":null,"uri":null},"by":{"showAs":"Catherine Martin","uri":"https:\/\/data.oireachtas.ie\/ie\/oireachtas\/member\/id\/Catherine-Martin.D.2016-10-03"},"isPrimary":false}}],"stages":[{"event":{"chamber":{"chamberCode":"dail","showAs":"D\u00e1il \u00c9ireann","uri":"https:\/\/data.oireachtas.ie\/ie\/oireachtas\/def\/house\/dail"},"dates":[{"date":"2016-11-03"}],"house":{"chamberCode":"dail","chamberType":"house","houseCode":"dail","houseNo":"32","showAs":"32nd D\u00e1il","uri":"https:\/\/data.oireachtas.ie\/ie\/oireachtas\/house\/dail\/32"},"progressStage":1,"showAs":"First Stage","stageCompleted":true,"stageOutcome":null,"stageURI":"https:\/\/data.oireachtas.ie\/ie\/oireachtas\/def\/bill-stage\/1","uri":"https:\/\/data.oireachtas.ie\/ie\/oireachtas\/bill\/2016\/98\/stage\/dail\/1"}},{"event":{"chamber":{"chamberCode":"dail","showAs":"D\u00e1il \u00c9ireann","uri":"https:\/\/data.oireachtas.ie\/ie\/oireachtas\/def\/house\/dail"},"dates":[{"date":"2016-11-03"},{"date":"2016-11-03"}],"house":{"chamberCode":"dail","chamberType":"house","houseCode":"dail","houseNo":"32","showAs":"32nd D\u00e1il","uri":"https:\/\/data.oireachtas.ie\/ie\/oireachtas\/house\/dail\/32"},"progressStage":2,"showAs":"Second Stage","stageCompleted":true,"stageOutcome":null,"stageURI":"https:\/\/data.oireachtas.ie\/ie\/oireachtas\/def\/bill-stage\/2","uri":"https:\/\/data.oireachtas.ie\/ie\/oireachtas\/bill\/2016\/98\/stage\/dail\/2"}},{"event":{"chamber":{"chamberCode":"dail","showAs":"D\u00e1il \u00c9ireann","uri":"https:\/\/data.oireachtas.ie\/ie\/oireachtas\/def\/house\/dail"},"dates":[{"date":"2020-01-14"},{"date":"2025-05-01"}],"house":{"chamberCode":"dail","chamberType":"house","houseCode":"dail","houseNo":"32","showAs":"32nd D\u00e1il","uri":"https:\/\/data.oireachtas.ie\/ie\/oireachtas\/house\/dail\/32"},"progressStage":3,"showAs":"Committee Stage","stageCompleted":false,"stageOutcome":"Current","stageURI":"https:\/\/data.oireachtas.ie\/ie\/oireachtas\/def\/bill-stage\/3","uri":"https:\/\/data.oireachtas.ie\/ie\/oireachtas\/bill\/2016\/98\/stage\/dail\/3"}}],"status":"Current","statusURI":"https:\/\/data.oireachtas.ie\/ie\/oireachtas\/def\/bill-status\/published","uri":"https:\/\/data.oireachtas.ie\/ie\/oireachtas\/bill\/2016\/98","versions":[{"version":{"date":"2016-11-03","docType":"bill","formats":{"pdf":{"uri":"https:\/\/data.oireachtas.ie\/ie\/oireachtas\/bill\/2016\/98\/eng\/initiated\/b9816d.pdf"},"xml":null},"lang":"eng","showAs":"As Initiated","uri":"https:\/\/data.oireachtas.ie\/ie\/oireachtas\/bill\/2016\/98\/eng\/initiated"}}]},"billSort":{"actNoSort":null,"actShortTitleEnSort":null,"actShortTitleGaSort":null,"actYearSort":null,"billNoSort":98,"billShortTitleEnSort":"local-government-mayor-and-regional-authority-of-dublin-bill-2016","billShortTitleGaSort":"an-bille-rialtais-aitiuil-meara-agus-udaras-reigiunach-bhaile-atha-cliath-2016","billYearSort":2016},"contextDate":"2025-05-01"},{"bill":{"act":null,"amendmentLists":[],"billNo":"63","billType":"Public","billTypeURI":"https:\/\/data.oireachtas.ie\/ie\/oireachtas\/def\/bill-type\/public","billYear":"2016","debates":[{"chamber":{"showAs":"Seanad \u00c9ireann","uri":"https:\/\/data.oireachtas.ie\/ie\/oireachtas\/def\/house\/seanad"},"date":"2021-03-12","debateSectionId":"dbsect_14","showAs":"Electoral (Amendment) (Voting at 16) Bill 2016: Restoration to Order Paper","uri":"https:\/\/data.oireachtas.ie\/akn\/ie\/debateRecord\/seanad\/2021-03-12\/debate\/main"},{"chamber":{"showAs":"Seanad \u00c9ireann","uri":"https:\/\/data.oireachtas.ie\/ie\/oireachtas\/def\/house\/seanad"},"date":"2018-03-21","debateSectionId":"dbsect_13","showAs":"Electoral (Amendment) (Voting at 16) Bill 2016: Order for Committee Stage","uri":"https:\/\/data.oireachtas.ie\/akn\/ie\/debateRecord\/seanad\/2018-03-21\/debate\/main"},{"chamber":{"showAs":"Seanad \u00c9ireann","uri":"https:\/\/data.oireachtas.ie\/ie\/oireachtas\/def\/house\/seanad"},"date":"2018-03-21","debateSectionId":"dbsect_14","showAs":"Electoral (Amendment) (Voting at 16) Bill 2016: Committee Stage","uri":"https:\/\/data.oireachtas.ie\/akn\/ie\/debateRecord\/seanad\/2018-03-21\/debate\/main"},{"chamber":{"showAs":"Seanad \u00c9ireann","uri":"https:\/\/data.oireachtas.ie\/ie\/oireachtas\/def\/house\/seanad"},"date":"2017-03-29","debateSectionId":"dbsect_21","showAs":"Electoral (Amendment) (Voting at 16) Bill 2016: Second Stage","uri":"https:\/\/data.oireachtas.ie\/akn\/ie\/debateRecord\/seanad\/2017-03-29\/debate\/main"},{"chamber":{"showAs":"Seanad \u00c9ireann","uri":"https:\/\/data.oireachtas.ie\/ie\/oireachtas\/def\/house\/seanad"},"date":"2016-07-12","debateSectionId":"dbsect_9","showAs":"Electoral (Amendment) (Voting at 16) Bill 2016: First Stage","uri":"https:\/\/data.oireachtas.ie\/akn\/ie\/debateRecord\/seanad\/2016-07-12\/debate\/main"}],"events":[{"event":{"chamber":null,"dates":[{"date":"2016-07-12"}],"eventURI":"https:\/\/data.oireachtas.ie\/ie\/oireachtas\/def\/bill-event\/published","showAs":"Published","uri":"https:\/\/data.oireachtas.ie\/ie\/oireachtas\/bill\/2016\/63\/published"}},{"event":{"chamber":{"chamberCode":"seanad","showAs":"Seanad \u00c9ireann","uri":"https:\/\/data.oireachtas.ie\/ie\/oireachtas\/def\/house\/seanad"},"dates":[{"date":"2020-03-27"},{"date":"2021-03-12"}],"eventURI":"https:\/\/data.oireachtas.ie\/ie\/oireachtas\/def\/bill-event\/bill-lapsed","showAs":"Bill Lapsed","uri":"https:\/\/data.oireachtas.ie\/ie\/oireachtas\/bill\/2016\/63\/bill-lapsed"}},{"event":{"chamber":{"chamberCode":"seanad","showAs":"Seanad \u00c9ireann","uri":"https:\/\/data.oireachtas.ie\/ie\/oireachtas\/def\/house\/seanad"},"dates":[{"date":"2025-01-29"}],"eventURI":"https:\/\/data.oireachtas.ie\/ie\/oireachtas\/def\/bill-event\/bill-lapsed","showAs":"Bill Lapsed","uri":"https:\/\/data.oireachtas.ie\/ie\/oireachtas\/bill\/2016\/63\/bill-lapsed"}}],"lastUpdated":"2025-01-30T11:17:37.160000+00:00","longTitleEn":"Bill entitled an Act to reduce to sixteen years the age at which a person is entitled to be registered as a European Parliament and Local Government elector, and to provide for related matters","longTitleGa":"Bille d\u00e1 ngairtear Acht do laghd\u00fa go dt\u00ed s\u00e9 bliana d\u00e9ag an aois ag a mbeidh duine i dteideal a bheith cl\u00e1raithe mar thoghth\u00f3ir do Pharlaimint na hEorpa agus mar thoghth\u00f3ir Rialtais \u00c1iti\u00fail, agus do dh\u00e9anamh socr\u00fa i dtaobh nithe gaolmhara","method":"Introduced","methodURI":"https:\/\/data.oireachtas.ie\/ie\/oireachtas\/def\/bill-method\/introduced","mostRecentStage":{"event":{"chamber":{"chamberCode":"seanad","showAs":"Seanad \u00c9ireann","uri":"https:\/\/data.oireachtas.ie\/ie\/oireachtas\/def\/house\/seanad"},"dates":[{"date":"2016-07-12"},{"date":"2016-07-12"}],"house":{"chamberCode":"seanad","chamberType":"house","houseCode":"seanad","houseNo":"25","showAs":"25th Seanad","uri":"https:\/\/data.oireachtas.ie\/ie\/oireachtas\/house\/seanad\/25"},"progressStage":2,"showAs":"Second Stage","stageCompleted":true,"stageOutcome":null,"stageURI":"https:\/\/data.oireachtas.ie\/ie\/oireachtas\/def\/bill-stage\/2","uri":"https:\/\/data.oireachtas.ie\/ie\/oireachtas\/bill\/2016\/63\/stage\/seanad\/2"}},"originHouse":{"showAs":"Seanad \u00c9ireann","uri":"https:\/\/data.oireachtas.ie\/ie\/oireachtas\/def\/house\/seanad"},"originHouseURI":"https:\/\/data.oireachtas.ie\/ie\/oireachtas\/def\/house\/seanad","relatedDocs":[],"shortTitleEn":"Electoral (Amendment) (Voting at 16) Bill 2016","shortTitleGa":"An Bille Toghch\u00e1in (Leas\u00fa) (V\u00f3t\u00e1il ag Aois 16), 2016","source":"Private Member","sourceURI":"https:\/\/data.oireachtas.ie\/ie\/oireachtas\/def\/bill-source\/private-member","sponsors":[{"sponsor":{"as":{"showAs":null,"uri":null},"by":{"showAs":"Lynn Ruane","uri":"https:\/\/data.oireachtas.ie\/ie\/oireachtas\/member\/id\/Lynn-Ruane.S.2016-04-25"},"isPrimary":false}},{"sponsor":{"as":{"showAs":null,"uri":null},"by":{"showAs":"P\u00e1draig Mac Lochlainn","uri":"https:\/\/data.oireachtas.ie\/ie\/oireachtas\/member\/id\/P\u00e1draig-MacLochlainn.D.2011-03-09"},"isPrimary":false}},{"sponsor":{"as":{"showAs":null,"uri":null},"by":{"showAs":"Fintan Warfield","uri":"https:\/\/data.oireachtas.ie\/ie\/oireachtas\/member\/id\/Fintan-Warfield.S.2016-04-25"},"isPrimary":true}}],"stages":[{"event":{"chamber":{"chamberCode":"seanad","showAs":"Seanad \u00c9ireann","uri":"https:\/\/data.oireachtas.ie\/ie\/oireachtas\/def\/house\/seanad"},"dates":[{"date":"2016-07-12"}],"house":{"chamberCode":"seanad","chamberType":"house","houseCode":"seanad","houseNo":"25","showAs":"25th Seanad","uri":"https:\/\/data.oireachtas.ie\/ie\/oireachtas\/house\/seanad\/25"},"progressStage":1,"showAs":"First Stage","stageCompleted":true,"stageOutcome":null,"stageURI":"https:\/\/data.oireachtas.ie\/ie\/oireachtas\/def\/bill-stage\/1","uri":"https:\/\/data.oireachtas.ie\/ie\/oireachtas\/bill\/2016\/63\/stage\/seanad\/1"}},{"event":{"chamber":{"chamberCode":"seanad","showAs":"Seanad \u00c9ireann","uri":"https:\/\/data.oireachtas.ie\/ie\/oireachtas\/def\/house\/seanad"},"dates":[{"date":"2016-07-12"},{"date":"2016-07-12"}],"house":{"chamberCode":"seanad","chamberType":"house","houseCode":"seanad","houseNo":"25","showAs":"25th Seanad","uri":"https:\/\/data.oireachtas.ie\/ie\/oireachtas\/house\/seanad\/25"},"progressStage":2,"showAs":"Second Stage","stageCompleted":true,"stageOutcome":null,"stageURI":"https:\/\/data.oireachtas.ie\/ie\/oireachtas\/def\/bill-stage\/2","uri":"https:\/\/data.oireachtas.ie\/ie\/oireachtas\/bill\/2016\/63\/stage\/seanad\/2"}}],"status":"Lapsed","statusURI":"https:\/\/data.oireachtas.ie\/ie\/oireachtas\/def\/bill-status\/lapsed","uri":"https:\/\/data.oireachtas.ie\/ie\/oireachtas\/bill\/2016\/63","versions":[{"version":{"date":"2016-07-12","docType":"bill","formats":{"pdf":{"uri":"https:\/\/data.oireachtas.ie\/ie\/oireachtas\/bill\/2016\/63\/eng\/initiated\/b6316s.pdf"},"xml":null},"lang":"eng","showAs":"As Initiated","uri":"https:\/\/data.oireachtas.ie\/ie\/oireachtas\/bill\/2016\/63\/eng\/initiated"}}]},"billSort":{"actNoSort":null,"actShortTitleEnSort":null,"actShortTitleGaSort":null,"actYearSort":null,"billNoSort":63,"billShortTitleEnSort":"electoral-amendment-voting-at-16-bill-2016","billShortTitleGaSort":"an-bille-toghchain-leasu-votail-ag-aois-16-2016","billYearSort":2016},"contextDate":"2016-07-12"},{"bill":{"act":null,"amendmentLists":[],"billNo":"31","billType":"Public","billTypeURI":"https:\/\/data.oireachtas.ie\/ie\/oireachtas\/def\/bill-type\/public","billYear":"2016","debates":[{"chamber":{"showAs":"D\u00e1il \u00c9ireann","uri":"https:\/\/data.oireachtas.ie\/ie\/oireachtas\/def\/house\/dail"},"date":"2021-10-21","debateSectionId":"dbsect_35","showAs":"Thirty-fifth Amendment of the Constitution (Water in Public Ownership) (No. 2) Bill 2016: Referral to Select Committee [Private Members]","uri":"https:\/\/data.oireachtas.ie\/akn\/ie\/debateRecord\/dail\/2021-10-21\/debate\/main"},{"chamber":{"showAs":"Select Committee on Housing, Planning and Local Government","uri":"https:\/\/data.oireachtas.ie\/ie\/oireachtas\/def\/committee"},"date":"2018-03-22","debateSectionId":"dbsect_3","showAs":"An Bille um an gC\u00faigi\u00fa Leas\u00fa is Tr\u00edocha ar an mBunreacht (Uisce faoi \u00dain\u00e9ireacht Phoibl\u00ed) (Uimh. 2) 2016: C\u00e9im an Choiste","uri":"https:\/\/data.oireachtas.ie\/akn\/ie\/debateRecord\/select_committee_on_housing_planning_and_local_government\/2018-03-22\/debate\/main"},{"chamber":{"showAs":"Select Committee on Housing, Planning and Local Government","uri":"https:\/\/data.oireachtas.ie\/ie\/oireachtas\/def\/committee"},"date":"2018-03-22","debateSectionId":"dbsect_4","showAs":"Thirty-fifth Amendment of the Constitution (Water in Public Ownership) (No. 2) Bill 2016: Committee Stage","uri":"https:\/\/data.oireachtas.ie\/akn\/ie\/debateRecord\/select_committee_on_housing_planning_and_local_government\/2018-03-22\/debate\/main"},{"chamber":{"showAs":"D\u00e1il \u00c9ireann","uri":"https:\/\/data.oireachtas.ie\/ie\/oireachtas\/def\/house\/dail"},"date":"2016-11-09","debateSectionId":"dbsect_30","showAs":"Thirty-fifth Amendment of the Constitution (Water in Public Ownership) (No. 2) Bill 2016: Second Stage [Private Members]","uri":"https:\/\/data.oireachtas.ie\/akn\/ie\/debateRecord\/dail\/2016-11-09\/debate\/main"},{"chamber":{"showAs":"D\u00e1il \u00c9ireann","uri":"https:\/\/data.oireachtas.ie\/ie\/oireachtas\/def\/house\/dail"},"date":"2016-11-09","debateSectionId":"dbsect_32","showAs":"Thirty-fifth Amendment of the Constitution (Water in Public Ownership) (No. 2) Bill 2016 [Private Members]: Referral to Select Committee","uri":"https:\/\/data.oireachtas.ie\/akn\/ie\/debateRecord\/dail\/2016-11-09\/debate\/main"},{"chamber":{"showAs":"D\u00e1il \u00c9ireann","uri":"https:\/\/data.oireachtas.ie\/ie\/oireachtas\/def\/house\/dail"},"date":"2016-05-25","debateSectionId":"dbsect_6","showAs":"An Bille um an gC\u00faigi\u00fa Leas\u00fa is Tr\u00edocha ar an mBunreacht (Uisce faoi \u00dain\u00e9ireacht Phoibl\u00ed) (Uimh. 2) 2016: An Ch\u00e9ad Ch\u00e9im","uri":"https:\/\/data.oireachtas.ie\/akn\/ie\/debateRecord\/dail\/2016-05-25\/debate\/main"},{"chamber":{"showAs":"D\u00e1il \u00c9ireann","uri":"https:\/\/data.oireachtas.ie\/ie\/oireachtas\/def\/house\/dail"},"date":"2016-05-25","debateSectionId":"dbsect_7","showAs":"Thirty-fifth Amendment of the Constitution (Water in Public Ownership) (No. 2) Bill 2016: First Stage","uri":"https:\/\/data.oireachtas.ie\/akn\/ie\/debateRecord\/dail\/2016-05-25\/debate\/main"}],"events":[{"event":{"chamber":{"chamberCode":"dail","showAs":"D\u00e1il \u00c9ireann","uri":"https:\/\/data.oireachtas.ie\/ie\/oireachtas\/def\/house\/dail"},"dates":[{"date":"2020-01-14"},{"date":"2020-09-17"},{"date":"2025-05-01"}],"eventURI":"https:\/\/data.oireachtas.ie\/ie\/oireachtas\/def\/bill-event\/bill-lapsed","showAs":"Bill Lapsed","uri":"https:\/\/data.oireachtas.ie\/ie\/oireachtas\/bill\/2016\/31\/bill-lapsed"}},{"event":{"chamber":{"chamberCode":"dail","showAs":"D\u00e1il \u00c9ireann","uri":"https:\/\/data.oireachtas.ie\/ie\/oireachtas\/def\/house\/dail"},"dates":[{"date":"2024-11-08"}],"eventURI":"https:\/\/data.oireachtas.ie\/ie\/oireachtas\/def\/bill-event\/bill-lapsed","showAs":"Bill Lapsed","uri":"https:\/\/data.oireachtas.ie\/ie\/oireachtas\/bill\/2016\/31\/bill-lapsed"}},{"event":{"chamber":null,"dates":[{"date":"2016-05-25"}],"eventURI":"https:\/\/data.oireachtas.ie\/ie\/oireachtas\/def\/bill-event\/published","showAs":"Published","uri":"https:\/\/data.oireachtas.ie\/ie\/oireachtas\/bill\/2016\/31\/published"}}],"lastUpdated":"2025-05-02T11:47:36.140000+00:00","longTitleEn":"Bill entitled an Act to amend the Constitution","longTitleGa":"Bille d\u00e1 ngairtear Acht chun an Bunreacht a leas\u00fa","method":"Introduced","methodURI":"https:\/\/data.oireachtas.ie\/ie\/oireachtas\/def\/bill-method\/introduced","mostRecentStage":{"event":{"chamber":{"chamberCode":"dail","showAs":"D\u00e1il \u00c9ireann","uri":"https:\/\/data.oireachtas.ie\/ie\/oireachtas\/def\/house\/dail"},"dates":[{"date":"2018-03-22"},{"date":"2020-01-14"},{"date":"2020-09-17"},{"date":"2024-11-08"},{"date":"2025-05-01"}],"house":{"chamberCode":"dail","chamberType":"house","houseCode":"dail","houseNo":"32","showAs":"32nd D\u00e1il","uri":"https:\/\/data.oireachtas.ie\/ie\/oireachtas\/house\/dail\/32"},"progressStage":3,"showAs":"Committee Stage","stageCompleted":false,"stageOutcome":"Current","stageURI":"https:\/\/data.oireachtas.ie\/ie\/oireachtas\/def\/bill-stage\/3","uri":"https:\/\/data.oireachtas.ie\/ie\/oireachtas\/bill\/2016\/31\/stage\/dail\/3"}},"originHouse":{"showAs":"D\u00e1il \u00c9ireann","uri":"https:\/\/data.oireachtas.ie\/ie\/oireachtas\/def\/house\/dail"},"originHouseURI":"https:\/\/data.oireachtas.ie\/ie\/oireachtas\/def\/house\/dail","relatedDocs":[],"shortTitleEn":"Thirty-fifth Amendment of the Constitution (Water in Public Ownership) (No. 2) Bill 2016","shortTitleGa":"An Bille um an gC\u00faigi\u00fa Leas\u00fa is Tr\u00edocha ar an mBunreacht (Uisce faoi \u00dain\u00e9ireacht Phoibl\u00ed) (Uimh. 2), 2016","source":"Private Member","sourceURI":"https:\/\/data.oireachtas.ie\/ie\/oireachtas\/def\/bill-source\/private-member","sponsors":[{"sponsor":{"as":{"showAs":null,"uri":null},"by":{"showAs":"Clare Daly","uri":"https:\/\/data.oireachtas.ie\/ie\/oireachtas\/member\/id\/Clare-Daly.D.2011-03-09"},"isPrimary":false}},{"sponsor":{"as":{"showAs":null,"uri":null},"by":{"showAs":"Dessie Ellis","uri":"https:\/\/data.oireachtas.ie\/ie\/oireachtas\/member\/id\/Dessie-Ellis.D.2011-03-09"},"isPrimary":false}},{"sponsor":{"as":{"showAs":null,"uri":null},"by":{"showAs":"Kathleen Funchion","uri":"https:\/\/data.oireachtas.ie\/ie\/oireachtas\/member\/id\/Kathleen-Funchion.D.2016-10-03"},"isPrimary":false}},{"sponsor":{"as":{"showAs":null,"uri":null},"by":{"showAs":"John Halligan","uri":"https:\/\/data.oireachtas.ie\/ie\/oireachtas\/member\/id\/John-Halligan.D.2011-03-09"},"isPrimary":false}},{"sponsor":{"as":{"showAs":null,"uri":null},"by":{"showAs":"Louise O'Reilly","uri":"https:\/\/data.oireachtas.ie\/ie\/oireachtas\/member\/id\/Louise-O'Reilly.D.2016-10-03"},"isPrimary":false}},{"sponsor":{"as":{"showAs":null,"uri":null},"by":{"showAs":"Thomas Pringle","uri":"https:\/\/data.oireachtas.ie\/ie\/oireachtas\/member\/id\/Thomas-Pringle.D.2011-03-09"},"isPrimary":false}},{"sponsor":{"as":{"showAs":null,"uri":null},"by":{"showAs":"Br\u00edd Smith","uri":"https:\/\/data.oireachtas.ie\/ie\/oireachtas\/member\/id\/Br\u00edd-Smith.D.2016-10-03"},"isPrimary":false}},{"sponsor":{"as":{"showAs":null,"uri":null},"by":{"showAs":"Peadar T\u00f3ib\u00edn","uri":"https:\/\/data.oireachtas.ie\/ie\/oireachtas\/member\/id\/Peadar-T\u00f3ib\u00edn.D.2011-03-09"},"isPrimary":false}},{"sponsor":{"as":{"showAs":null,"uri":null},"by":{"showAs":"Gerry Adams","uri":"https:\/\/data.oireachtas.ie\/ie\/oireachtas\/member\/id\/Gerry-Adams.D.2011-03-09"},"isPrimary":false}},{"sponsor":{"as":{"showAs":null,"uri":null},"by":{"showAs":"Mick Barry","uri":"https:\/\/data.oireachtas.ie\/ie\/oireachtas\/member\/id\/Mick-Barry.D.2016-10-03"},"isPrimary":false}},{"sponsor":{"as":{"showAs":null,"uri":null},"by":{"showAs":"Ruth Coppinger","uri":"https:\/\/data.oireachtas.ie\/ie\/oireachtas\/member\/id\/Ruth-Coppinger.D.2014-05-23"},"isPrimary":false}},{"sponsor":{"as":{"showAs":null,"uri":null},"by":{"showAs":"Se\u00e1n Crowe","uri":"https:\/\/data.oireachtas.ie\/ie\/oireachtas\/member\/id\/Se\u00e1n-Crowe.D.2002-06-06"},"isPrimary":false}},{"sponsor":{"as":{"showAs":null,"uri":null},"by":{"showAs":"David Cullinane","uri":"https:\/\/data.oireachtas.ie\/ie\/oireachtas\/member\/id\/David-Cullinane.S.2011-05-25"},"isPrimary":false}},{"sponsor":{"as":{"showAs":null,"uri":null},"by":{"showAs":"Mick Wallace","uri":"https:\/\/data.oireachtas.ie\/ie\/oireachtas\/member\/id\/Mick-Wallace.D.2011-03-09"},"isPrimary":false}},{"sponsor":{"as":{"showAs":null,"uri":null},"by":{"showAs":"Joan Collins","uri":"https:\/\/data.oireachtas.ie\/ie\/oireachtas\/member\/id\/Joan-Collins.D.2011-03-09"},"isPrimary":true}},{"sponsor":{"as":{"showAs":null,"uri":null},"by":{"showAs":"Gino Kenny","uri":"https:\/\/data.oireachtas.ie\/ie\/oireachtas\/member\/id\/Gino-Kenny.D.2016-10-03"},"isPrimary":false}},{"sponsor":{"as":{"showAs":null,"uri":null},"by":{"showAs":"Mary Lou McDonald","uri":"https:\/\/data.oireachtas.ie\/ie\/oireachtas\/member\/id\/Mary-Lou-McDonald.D.2011-03-09"},"isPrimary":false}},{"sponsor":{"as":{"showAs":null,"uri":null},"by":{"showAs":"Denise Mitchell","uri":"https:\/\/data.oireachtas.ie\/ie\/oireachtas\/member\/id\/Denise-Mitchell.D.2016-10-03"},"isPrimary":false}},{"sponsor":{"as":{"showAs":null,"uri":null},"by":{"showAs":"Imelda Munster","uri":"https:\/\/data.oireachtas.ie\/ie\/oireachtas\/member\/id\/Imelda-Munster.D.2016-10-03"},"isPrimary":false}},{"sponsor":{"as":{"showAs":null,"uri":null},"by":{"showAs":"Donnchadh \u00d3 Laoghaire","uri":"https:\/\/data.oireachtas.ie\/ie\/oireachtas\/member\/id\/Donnchadh-\u00d3-Laoghaire.D.2016-10-03"},"isPrimary":false}},{"sponsor":{"as":{"showAs":null,"uri":null},"by":{"showAs":"Aengus \u00d3 Snodaigh","uri":"https:\/\/data.oireachtas.ie\/ie\/oireachtas\/member\/id\/Aengus-\u00d3-Snodaigh.D.2002-06-06"},"isPrimary":false}},{"sponsor":{"as":{"showAs":null,"uri":null},"by":{"showAs":"Jonathan O'Brien","uri":"https:\/\/data.oireachtas.ie\/ie\/oireachtas\/member\/id\/Jonathan-O'Brien.D.2011-03-09"},"isPrimary":false}},{"sponsor":{"as":{"showAs":null,"uri":null},"by":{"showAs":"Paul Murphy","uri":"https:\/\/data.oireachtas.ie\/ie\/oireachtas\/member\/id\/Paul-Murphy.D.2014-10-10"},"isPrimary":false}},{"sponsor":{"as":{"showAs":null,"uri":null},"by":{"showAs":"Carol Nolan","uri":"https:\/\/data.oireachtas.ie\/ie\/oireachtas\/member\/id\/Carol-Nolan.D.2016-10-03"},"isPrimary":false}},{"sponsor":{"as":{"showAs":null,"uri":null},"by":{"showAs":"Eoin \u00d3 Broin","uri":"https:\/\/data.oireachtas.ie\/ie\/oireachtas\/member\/id\/Eoin-\u00d3-Broin.D.2016-10-03"},"isPrimary":false}},{"sponsor":{"as":{"showAs":null,"uri":null},"by":{"showAs":"Ruth Coppinger","uri":"https:\/\/data.oireachtas.ie\/ie\/oireachtas\/member\/id\/Ruth-Coppinger.D.2014-05-23"},"isPrimary":false}},{"sponsor":{"as":{"showAs":null,"uri":null},"by":{"showAs":"Gerry Adams","uri":"https:\/\/data.oireachtas.ie\/ie\/oireachtas\/member\/id\/Gerry-Adams.D.2011-03-09"},"isPrimary":true}},{"sponsor":{"as":{"showAs":null,"uri":null},"by":{"showAs":"Eoin \u00d3 Broin","uri":"https:\/\/data.oireachtas.ie\/ie\/oireachtas\/member\/id\/Eoin-\u00d3-Broin.D.2016-10-03"},"isPrimary":false}},{"sponsor":{"as":{"showAs":null,"uri":null},"by":{"showAs":"Carol Nolan","uri":"https:\/\/data.oireachtas.ie\/ie\/oireachtas\/member\/id\/Carol-Nolan.D.2016-10-03"},"isPrimary":false}},{"sponsor":{"as":{"showAs":null,"uri":null},"by":{"showAs":"Denise Mitchell","uri":"https:\/\/data.oireachtas.ie\/ie\/oireachtas\/member\/id\/Denise-Mitchell.D.2016-10-03"},"isPrimary":false}},{"sponsor":{"as":{"showAs":null,"uri":null},"by":{"showAs":"John Halligan","uri":"https:\/\/data.oireachtas.ie\/ie\/oireachtas\/member\/id\/John-Halligan.D.2011-03-09"},"isPrimary":false}},{"sponsor":{"as":{"showAs":null,"uri":null},"by":{"showAs":"Mick Wallace","uri":"https:\/\/data.oireachtas.ie\/ie\/oireachtas\/member\/id\/Mick-Wallace.D.2011-03-09"},"isPrimary":false}},{"sponsor":{"as":{"showAs":null,"uri":null},"by":{"showAs":"Peadar T\u00f3ib\u00edn","uri":"https:\/\/data.oireachtas.ie\/ie\/oireachtas\/member\/id\/Peadar-T\u00f3ib\u00edn.D.2011-03-09"},"isPrimary":false}},{"sponsor":{"as":{"showAs":null,"uri":null},"by":{"showAs":"Thomas Pringle","uri":"https:\/\/data.oireachtas.ie\/ie\/oireachtas\/member\/id\/Thomas-Pringle.D.2011-03-09"},"isPrimary":false}},{"sponsor":{"as":{"showAs":null,"uri":null},"by":{"showAs":"Aengus \u00d3 Snodaigh","uri":"https:\/\/data.oireachtas.ie\/ie\/oireachtas\/member\/id\/Aengus-\u00d3-Snodaigh.D.2002-06-06"},"isPrimary":false}},{"sponsor":{"as":{"showAs":null,"uri":null},"by":{"showAs":"David Cullinane","uri":"https:\/\/data.oireachtas.ie\/ie\/oireachtas\/member\/id\/David-Cullinane.S.2011-05-25"},"isPrimary":false}},{"sponsor":{"as":{"showAs":null,"uri":null},"by":{"showAs":"Mary Lou McDonald","uri":"https:\/\/data.oireachtas.ie\/ie\/oireachtas\/member\/id\/Mary-Lou-McDonald.D.2011-03-09"},"isPrimary":false}},{"sponsor":{"as":{"showAs":null,"uri":null},"by":{"showAs":"Kathleen Funchion","uri":"https:\/\/data.oireachtas.ie\/ie\/oireachtas\/member\/id\/Kathleen-Funchion.D.2016-10-03"},"isPrimary":false}},{"sponsor":{"as":{"showAs":null,"uri":null},"by":{"showAs":"Mick Barry","uri":"https:\/\/data.oireachtas.ie\/ie\/oireachtas\/member\/id\/Mick-Barry.D.2016-10-03"},"isPrimary":false}},{"sponsor":{"as":{"showAs":null,"uri":null},"by":{"showAs":"Clare Daly","uri":"https:\/\/data.oireachtas.ie\/ie\/oireachtas\/member\/id\/Clare-Daly.D.2011-03-09"},"isPrimary":false}},{"sponsor":{"as":{"showAs":null,"uri":null},"by":{"showAs":"Dessie Ellis","uri":"https:\/\/data.oireachtas.ie\/ie\/oireachtas\/member\/id\/Dessie-Ellis.D.2011-03-09"},"isPrimary":false}},{"sponsor":{"as":{"showAs":null,"uri":null},"by":{"showAs":"Jonathan O'Brien","uri":"https:\/\/data.oireachtas.ie\/ie\/oireachtas\/member\/id\/Jonathan-O'Brien.D.2011-03-09"},"isPrimary":false}},{"sponsor":{"as":{"showAs":null,"uri":null},"by":{"showAs":"Louise O'Reilly","uri":"https:\/\/data.oireachtas.ie\/ie\/oireachtas\/member\/id\/Louise-O'Reilly.D.2016-10-03"},"isPrimary":false}},{"sponsor":{"as":{"showAs":null,"uri":null},"by":{"showAs":"Pat Buckley","uri":"https:\/\/data.oireachtas.ie\/ie\/oireachtas\/member\/id\/Pat-Buckley.D.2016-10-03"},"isPrimary":false}},{"sponsor":{"as":{"showAs":null,"uri":null},"by":{"showAs":"Richard Boyd Barrett","uri":"https:\/\/data.oireachtas.ie\/ie\/oireachtas\/member\/id\/Richard-Boyd-Barrett.D.2011-03-09"},"isPrimary":false}},{"sponsor":{"as":{"showAs":null,"uri":null},"by":{"showAs":"Paul Murphy","uri":"https:\/\/data.oireachtas.ie\/ie\/oireachtas\/member\/id\/Paul-Murphy.D.2014-10-10"},"isPrimary":false}},{"sponsor":{"as":{"showAs":null,"uri":null},"by":{"showAs":"Se\u00e1n Crowe","uri":"https:\/\/data.oireachtas.ie\/ie\/oireachtas\/member\/id\/Se\u00e1n-Crowe.D.2002-06-06"},"isPrimary":false}},{"sponsor":{"as":{"showAs":null,"uri":null},"by":{"showAs":"Br\u00edd Smith","uri":"https:\/\/data.oireachtas.ie\/ie\/oireachtas\/member\/id\/Br\u00edd-Smith.D.2016-10-03"},"isPrimary":false}},{"sponsor":{"as":{"showAs":null,"uri":null},"by":{"showAs":"Catherine Connolly","uri":"https:\/\/data.oireachtas.ie\/ie\/oireachtas\/member\/id\/Catherine-Connolly.D.2016-10-03"},"isPrimary":false}},{"sponsor":{"as":{"showAs":null,"uri":null},"by":{"showAs":"Donnchadh \u00d3 Laoghaire","uri":"https:\/\/data.oireachtas.ie\/ie\/oireachtas\/member\/id\/Donnchadh-\u00d3-Laoghaire.D.2016-10-03"},"isPrimary":false}},{"sponsor":{"as":{"showAs":null,"uri":null},"by":{"showAs":"Gino Kenny","uri":"https:\/\/data.oireachtas.ie\/ie\/oireachtas\/member\/id\/Gino-Kenny.D.2016-10-03"},"isPrimary":false}},{"sponsor":{"as":{"showAs":null,"uri":null},"by":{"showAs":"Joan Collins","uri":"https:\/\/data.oireachtas.ie\/ie\/oireachtas\/member\/id\/Joan-Collins.D.2011-03-09"},"isPrimary":false}},{"sponsor":{"as":{"showAs":null,"uri":null},"by":{"showAs":"Imelda Munster","uri":"https:\/\/data.oireachtas.ie\/ie\/oireachtas\/member\/id\/Imelda-Munster.D.2016-10-03"},"isPrimary":false}},{"sponsor":{"as":{"showAs":null,"uri":null},"by":{"showAs":"John Brady","uri":"https:\/\/data.oireachtas.ie\/ie\/oireachtas\/member\/id\/John-Brady.D.2016-10-03"},"isPrimary":false}},{"sponsor":{"as":{"showAs":null,"uri":null},"by":{"showAs":"Richard Boyd Barrett","uri":"https:\/\/data.oireachtas.ie\/ie\/oireachtas\/member\/id\/Richard-Boyd-Barrett.D.2011-03-09"},"isPrimary":false}},{"sponsor":{"as":{"showAs":null,"uri":null},"by":{"showAs":"John Brady","uri":"https:\/\/data.oireachtas.ie\/ie\/oireachtas\/member\/id\/John-Brady.D.2016-10-03"},"isPrimary":false}},{"sponsor":{"as":{"showAs":null,"uri":null},"by":{"showAs":"Pat Buckley","uri":"https:\/\/data.oireachtas.ie\/ie\/oireachtas\/member\/id\/Pat-Buckley.D.2016-10-03"},"isPrimary":false}},{"sponsor":{"as":{"showAs":null,"uri":null},"by":{"showAs":"Catherine Connolly","uri":"https:\/\/data.oireachtas.ie\/ie\/oireachtas\/member\/id\/Catherine-Connolly.D.2016-10-03"},"isPrimary":false}}],"stages":[{"event":{"chamber":{"chamberCode":"dail","showAs":"D\u00e1il \u00c9ireann","uri":"https:\/\/data.oireachtas.ie\/ie\/oireachtas\/def\/house\/dail"},"dates":[{"date":"2016-05-25"}],"house":{"chamberCode":"dail","chamberType":"house","houseCode":"dail","houseNo":"32","showAs":"32nd D\u00e1il","uri":"https:\/\/data.oireachtas.ie\/ie\/oireachtas\/house\/dail\/32"},"progressStage":1,"showAs":"First Stage","stageCompleted":true,"stageOutcome":null,"stageURI":"https:\/\/data.oireachtas.ie\/ie\/oireachtas\/def\/bill-stage\/1","uri":"https:\/\/data.oireachtas.ie\/ie\/oireachtas\/bill\/2016\/31\/stage\/dail\/1"}},{"event":{"chamber":{"chamberCode":"dail","showAs":"D\u00e1il \u00c9ireann","uri":"https:\/\/data.oireachtas.ie\/ie\/oireachtas\/def\/house\/dail"},"dates":[{"date":"2016-05-25"},{"date":"2016-05-25"}],"house":{"chamberCode":"dail","chamberType":"house","houseCode":"dail","houseNo":"32","showAs":"32nd D\u00e1il","uri":"https:\/\/data.oireachtas.ie\/ie\/oireachtas\/house\/dail\/32"},"progressStage":2,"showAs":"Second Stage","stageCompleted":true,"stageOutcome":null,"stageURI":"https:\/\/data.oireachtas.ie\/ie\/oireachtas\/def\/bill-stage\/2","uri":"https:\/\/data.oireachtas.ie\/ie\/oireachtas\/bill\/2016\/31\/stage\/dail\/2"}},{"event":{"chamber":{"chamberCode":"dail","showAs":"D\u00e1il \u00c9ireann","uri":"https:\/\/data.oireachtas.ie\/ie\/oireachtas\/def\/house\/dail"},"dates":[{"date":"2018-03-22"},{"date":"2020-01-14"},{"date":"2020-09-17"},{"date":"2024-11-08"},{"date":"2025-05-01"}],"house":{"chamberCode":"dail","chamberType":"house","houseCode":"dail","houseNo":"32","showAs":"32nd D\u00e1il","uri":"https:\/\/data.oireachtas.ie\/ie\/oireachtas\/house\/dail\/32"},"progressStage":3,"showAs":"Committee Stage","stageCompleted":false,"stageOutcome":"Current","stageURI":"https:\/\/data.oireachtas.ie\/ie\/oireachtas\/def\/bill-stage\/3","uri":"https:\/\/data.oireachtas.ie\/ie\/oireachtas\/bill\/2016\/31\/stage\/dail\/3"}}],"status":"Current","statusURI":"https:\/\/data.oireachtas.ie\/ie\/oireachtas\/def\/bill-status\/published","uri":"https:\/\/data.oireachtas.ie\/ie\/oireachtas\/bill\/2016\/31","versions":[{"version":{"date":"2016-05-25","docType":"bill","formats":{"pdf":{"uri":"https:\/\/data.oireachtas.ie\/ie\/oireachtas\/bill\/2016\/31\/mul\/initiated\/b3116dnew.pdf"},"xml":null},"lang":"mul","showAs":"As Initiated","uri":"https:\/\/data.oireachtas.ie\/ie\/oireachtas\/bill\/2016\/31\/mul\/initiated"}}]},"billSort":{"actNoSort":null,"actShortTitleEnSort":null,"actShortTitleGaSort":null,"actYearSort":null,"billNoSort":31,"billShortTitleEnSort":"thirty-fifth-amendment-of-the-constitution-water-in-public-ownership-no-2-bill-2016","billShortTitleGaSort":"an-bille-um-an-gcuigiu-leasu-is-triocha-ar-an-mbunreacht-uisce-faoi-uineireacht-phoibli-uimh-2-2016","billYearSort":2016},"contextDate":"2025-05-01"},{"bill":{"act":null,"amendmentLists":[],"billNo":"26","billType":"Public","billTypeURI":"https:\/\/data.oireachtas.ie\/ie\/oireachtas\/def\/bill-type\/public","billYear":"2016","debates":[{"chamber":{"showAs":"D\u00e1il \u00c9ireann","uri":"https:\/\/data.oireachtas.ie\/ie\/oireachtas\/def\/house\/dail"},"date":"2016-05-17","debateSectionId":"dbsect_19","showAs":"An Bille um an gC\u00faigi\u00fa Leas\u00fa is Tr\u00edocha ar an mBunreacht (Uisce faoi \u00dain\u00e9ireacht Phoibl\u00ed) 2016: An Ch\u00e9ad Ch\u00e9im","uri":"https:\/\/data.oireachtas.ie\/akn\/ie\/debateRecord\/dail\/2016-05-17\/debate\/main"},{"chamber":{"showAs":"D\u00e1il \u00c9ireann","uri":"https:\/\/data.oireachtas.ie\/ie\/oireachtas\/def\/house\/dail"},"date":"2016-05-17","debateSectionId":"dbsect_20","showAs":"Thirty-fifth Amendment of the Constitution (Water in Public Ownership) Bill 2016: First Stage","uri":"https:\/\/data.oireachtas.ie\/akn\/ie\/debateRecord\/dail\/2016-05-17\/debate\/main"}],"events":[{"event":{"chamber":{"chamberCode":"dail","showAs":"D\u00e1il \u00c9ireann","uri":"https:\/\/data.oireachtas.ie\/ie\/oireachtas\/def\/house\/dail"},"dates":[{"date":"2020-01-14"},{"date":"2020-09-17"},{"date":"2025-05-01"}],"eventURI":"https:\/\/data.oireachtas.ie\/ie\/oireachtas\/def\/bill-event\/bill-lapsed","showAs":"Bill Lapsed","uri":"https:\/\/data.oireachtas.ie\/ie\/oireachtas\/bill\/2016\/26\/bill-lapsed"}},{"event":{"chamber":{"chamberCode":"dail","showAs":"D\u00e1il \u00c9ireann","uri":"https:\/\/data.oireachtas.ie\/ie\/oireachtas\/def\/house\/dail"},"dates":[{"date":"2024-11-08"}],"eventURI":"https:\/\/data.oireachtas.ie\/ie\/oireachtas\/def\/bill-event\/bill-lapsed","showAs":"Bill Lapsed","uri":"https:\/\/data.oireachtas.ie\/ie\/oireachtas\/bill\/2016\/26\/bill-lapsed"}},{"event":{"chamber":null,"dates":[{"date":"2016-05-17"}],"eventURI":"https:\/\/data.oireachtas.ie\/ie\/oireachtas\/def\/bill-event\/published","showAs":"Published","uri":"https:\/\/data.oireachtas.ie\/ie\/oireachtas\/bill\/2016\/26\/published"}}],"lastUpdated":"2025-05-02T11:48:41.310000+00:00","longTitleEn":"Bill entitled an Act to amend the Constitution","longTitleGa":"Bille d\u00e1 ngairtear Acht chun an Bunreacht a leas\u00fa","method":"Introduced","methodURI":"https:\/\/data.oireachtas.ie\/ie\/oireachtas\/def\/bill-method\/introduced","mostRecentStage":{"event":{"chamber":{"chamberCode":"dail","showAs":"D\u00e1il \u00c9ireann","uri":"https:\/\/data.oireachtas.ie\/ie\/oireachtas\/def\/house\/dail"},"dates":[{"date":"2016-05-17"},{"date":"2020-01-14"},{"date":"2020-09-17"},{"date":"2024-11-08"},{"date":"2025-05-01"}],"house":{"chamberCode":"dail","chamberType":"house","houseCode":"dail","houseNo":"32","showAs":"32nd D\u00e1il","uri":"https:\/\/data.oireachtas.ie\/ie\/oireachtas\/house\/dail\/32"},"progressStage":2,"showAs":"Second Stage","stageCompleted":false,"stageOutcome":"Current","stageURI":"https:\/\/data.oireachtas.ie\/ie\/oireachtas\/def\/bill-stage\/2","uri":"https:\/\/data.oireachtas.ie\/ie\/oireachtas\/bill\/2016\/26\/stage\/dail\/2"}},"originHouse":{"showAs":"D\u00e1il \u00c9ireann","uri":"https:\/\/data.oireachtas.ie\/ie\/oireachtas\/def\/house\/dail"},"originHouseURI":"https:\/\/data.oireachtas.ie\/ie\/oireachtas\/def\/house\/dail","relatedDocs":[],"shortTitleEn":"Thirty-fifth Amendment of the Constitution (Water in Public Ownership) Bill 2016","shortTitleGa":"An Bille um an gC\u00faigi\u00fa Leas\u00fa is Tr\u00edocha ar an mBunreacht (Uisce faoi \u00dain\u00e9ireacht Phoibl\u00ed), 2016","source":"Private Member","sourceURI":"https:\/\/data.oireachtas.ie\/ie\/oireachtas\/def\/bill-source\/private-member","sponsors":[{"sponsor":{"as":{"showAs":null,"uri":null},"by":{"showAs":"Thomas Pringle","uri":"https:\/\/data.oireachtas.ie\/ie\/oireachtas\/member\/id\/Thomas-Pringle.D.2011-03-09"},"isPrimary":true}}],"stages":[{"event":{"chamber":{"chamberCode":"dail","showAs":"D\u00e1il \u00c9ireann","uri":"https:\/\/data.oireachtas.ie\/ie\/oireachtas\/def\/house\/dail"},"dates":[{"date":"2016-05-17"}],"house":{"chamberCode":"dail","chamberType":"house","houseCode":"dail","houseNo":"32","showAs":"32nd D\u00e1il","uri":"https:\/\/data.oireachtas.ie\/ie\/oireachtas\/house\/dail\/32"},"progressStage":1,"showAs":"First Stage","stageCompleted":true,"stageOutcome":null,"stageURI":"https:\/\/data.oireachtas.ie\/ie\/oireachtas\/def\/bill-stage\/1","uri":"https:\/\/data.oireachtas.ie\/ie\/oireachtas\/bill\/2016\/26\/stage\/dail\/1"}},{"event":{"chamber":{"chamberCode":"dail","showAs":"D\u00e1il \u00c9ireann","uri":"https:\/\/data.oireachtas.ie\/ie\/oireachtas\/def\/house\/dail"},"dates":[{"date":"2016-05-17"},{"date":"2020-01-14"},{"date":"2020-09-17"},{"date":"2024-11-08"},{"date":"2025-05-01"}],"house":{"chamberCode":"dail","chamberType":"house","houseCode":"dail","houseNo":"32","showAs":"32nd D\u00e1il","uri":"https:\/\/data.oireachtas.ie\/ie\/oireachtas\/house\/dail\/32"},"progressStage":2,"showAs":"Second Stage","stageCompleted":false,"stageOutcome":"Current","stageURI":"https:\/\/data.oireachtas.ie\/ie\/oireachtas\/def\/bill-stage\/2","uri":"https:\/\/data.oireachtas.ie\/ie\/oireachtas\/bill\/2016\/26\/stage\/dail\/2"}}],"status":"Current","statusURI":"https:\/\/data.oireachtas.ie\/ie\/oireachtas\/def\/bill-status\/published","uri":"https:\/\/data.oireachtas.ie\/ie\/oireachtas\/bill\/2016\/26","versions":[{"version":{"date":"2016-05-17","docType":"bill","formats":{"pdf":{"uri":"https:\/\/data.oireachtas.ie\/ie\/oireachtas\/bill\/2016\/26\/mul\/initiated\/b2616d.pdf"},"xml":null},"lang":"mul","showAs":"As Initiated","uri":"https:\/\/data.oireachtas.ie\/ie\/oireachtas\/bill\/2016\/26\/mul\/initiated"}}]},"billSort":{"actNoSort":null,"actShortTitleEnSort":null,"actShortTitleGaSort":null,"actYearSort":null,"billNoSort":26,"billShortTitleEnSort":"thirty-fifth-amendment-of-the-constitution-water-in-public-ownership-bill-2016","billShortTitleGaSort":"an-bille-um-an-gcuigiu-leasu-is-triocha-ar-an-mbunreacht-uisce-faoi-uineireacht-phoibli-2016","billYearSort":2016},"contextDate":"2025-05-01"}]}