{"head":{"counts":{"billCount":401,"resultCount":401}},"results":[{"bill":{"act":null,"amendmentLists":[],"billNo":"41","billType":"Public","billTypeURI":"https:\/\/data.oireachtas.ie\/ie\/oireachtas\/def\/bill-type\/public","billYear":"2024","debates":[{"chamber":{"showAs":"D\u00e1il \u00c9ireann","uri":"https:\/\/data.oireachtas.ie\/ie\/oireachtas\/def\/house\/dail"},"date":"2024-05-23","debateSectionId":"dbsect_32","showAs":"Emergency Price Controls Bill 2024: First Stage","uri":"https:\/\/data.oireachtas.ie\/akn\/ie\/debateRecord\/dail\/2024-05-23\/debate\/main"}],"events":[{"event":{"chamber":{"chamberCode":"dail","showAs":"D\u00e1il \u00c9ireann","uri":"https:\/\/data.oireachtas.ie\/ie\/oireachtas\/def\/house\/dail"},"dates":[{"date":"2024-05-20"},{"date":"2024-05-23"},{"date":"2025-05-01"}],"eventURI":"https:\/\/data.oireachtas.ie\/ie\/oireachtas\/def\/bill-event\/approved-for-initiation","showAs":"Approved for Initiation","uri":"https:\/\/data.oireachtas.ie\/ie\/oireachtas\/bill\/2024\/41\/approved-for-initiation"}},{"event":{"chamber":{"chamberCode":"dail","showAs":"D\u00e1il \u00c9ireann","uri":"https:\/\/data.oireachtas.ie\/ie\/oireachtas\/def\/house\/dail"},"dates":[{"date":"2024-11-08"}],"eventURI":"https:\/\/data.oireachtas.ie\/ie\/oireachtas\/def\/bill-event\/bill-lapsed","showAs":"Bill Lapsed","uri":"https:\/\/data.oireachtas.ie\/ie\/oireachtas\/bill\/2024\/41\/bill-lapsed"}}],"lastUpdated":"2025-05-02T13:22:12.750000+00:00","longTitleEn":"<p>Bill entitled an Act to introduce emergency price controls for petrol, diesel, electricity, natural gas and home heating oil.<\/p>\n","longTitleGa":"<p>Bille d\u00e1 ngairtear Acht do thabhairt isteach rialuithe \u00e9igeand\u00e1la ar phraghsanna i leith peitril, d\u00edosail, leictreachais, g\u00e1s n\u00e1d\u00fartha agus ola t\u00e9ite baile.<\/p>\n","method":"Introduced","methodURI":"https:\/\/data.oireachtas.ie\/ie\/oireachtas\/def\/bill-method\/introduced","mostRecentStage":{"event":{"chamber":{"chamberCode":"dail","showAs":"D\u00e1il \u00c9ireann","uri":"https:\/\/data.oireachtas.ie\/ie\/oireachtas\/def\/house\/dail"},"dates":[{"date":"2024-11-08"},{"date":"2025-05-01"}],"house":{"chamberCode":"dail","chamberType":"house","houseCode":"dail","houseNo":"33","showAs":"33rd D\u00e1il","uri":"https:\/\/data.oireachtas.ie\/ie\/oireachtas\/house\/dail\/33"},"progressStage":2,"showAs":"Second Stage","stageCompleted":false,"stageOutcome":"Current","stageURI":"https:\/\/data.oireachtas.ie\/ie\/oireachtas\/def\/bill-stage\/2","uri":"https:\/\/data.oireachtas.ie\/ie\/oireachtas\/bill\/2024\/41\/stage\/dail\/2"}},"originHouse":{"showAs":"D\u00e1il \u00c9ireann","uri":"https:\/\/data.oireachtas.ie\/ie\/oireachtas\/def\/house\/dail"},"originHouseURI":"https:\/\/data.oireachtas.ie\/ie\/oireachtas\/def\/house\/dail","relatedDocs":[{"relatedDoc":{"date":"2024-05-23","docType":"memo","formats":{"pdf":{"uri":"https:\/\/data.oireachtas.ie\/ie\/oireachtas\/bill\/2024\/41\/eng\/memo\/b4124d-memo.pdf"},"xml":null},"lang":"eng","showAs":"Explanatory Memorandum","uri":"https:\/\/data.oireachtas.ie\/ie\/oireachtas\/bill\/2024\/41\/eng\/memo"}}],"shortTitleEn":"Emergency Price Controls Bill 2024","shortTitleGa":"An Bille um Rialuithe \u00c9igeand\u00e1la ar Phraghsanna, 2024","source":"Private Member","sourceURI":"https:\/\/data.oireachtas.ie\/ie\/oireachtas\/def\/bill-source\/private-member","sponsors":[{"sponsor":{"as":{"showAs":null,"uri":null},"by":{"showAs":"Br\u00edd Smith","uri":"https:\/\/data.oireachtas.ie\/ie\/oireachtas\/member\/id\/Br\u00edd-Smith.D.2016-10-03"},"isPrimary":false}},{"sponsor":{"as":{"showAs":null,"uri":null},"by":{"showAs":"Mick Barry","uri":"https:\/\/data.oireachtas.ie\/ie\/oireachtas\/member\/id\/Mick-Barry.D.2016-10-03"},"isPrimary":false}},{"sponsor":{"as":{"showAs":null,"uri":null},"by":{"showAs":"Richard Boyd Barrett","uri":"https:\/\/data.oireachtas.ie\/ie\/oireachtas\/member\/id\/Richard-Boyd-Barrett.D.2011-03-09"},"isPrimary":true}},{"sponsor":{"as":{"showAs":null,"uri":null},"by":{"showAs":"Gino Kenny","uri":"https:\/\/data.oireachtas.ie\/ie\/oireachtas\/member\/id\/Gino-Kenny.D.2016-10-03"},"isPrimary":false}},{"sponsor":{"as":{"showAs":null,"uri":null},"by":{"showAs":"Paul Murphy","uri":"https:\/\/data.oireachtas.ie\/ie\/oireachtas\/member\/id\/Paul-Murphy.D.2014-10-10"},"isPrimary":false}}],"stages":[{"event":{"chamber":{"chamberCode":"dail","showAs":"D\u00e1il \u00c9ireann","uri":"https:\/\/data.oireachtas.ie\/ie\/oireachtas\/def\/house\/dail"},"dates":[{"date":"2024-05-20"},{"date":"2024-05-23"},{"date":"2024-05-23"}],"house":{"chamberCode":"dail","chamberType":"house","houseCode":"dail","houseNo":"33","showAs":"33rd D\u00e1il","uri":"https:\/\/data.oireachtas.ie\/ie\/oireachtas\/house\/dail\/33"},"progressStage":1,"showAs":"First Stage","stageCompleted":true,"stageOutcome":null,"stageURI":"https:\/\/data.oireachtas.ie\/ie\/oireachtas\/def\/bill-stage\/1","uri":"https:\/\/data.oireachtas.ie\/ie\/oireachtas\/bill\/2024\/41\/stage\/dail\/1"}},{"event":{"chamber":{"chamberCode":"dail","showAs":"D\u00e1il \u00c9ireann","uri":"https:\/\/data.oireachtas.ie\/ie\/oireachtas\/def\/house\/dail"},"dates":[{"date":"2024-11-08"},{"date":"2025-05-01"}],"house":{"chamberCode":"dail","chamberType":"house","houseCode":"dail","houseNo":"33","showAs":"33rd D\u00e1il","uri":"https:\/\/data.oireachtas.ie\/ie\/oireachtas\/house\/dail\/33"},"progressStage":2,"showAs":"Second Stage","stageCompleted":false,"stageOutcome":"Current","stageURI":"https:\/\/data.oireachtas.ie\/ie\/oireachtas\/def\/bill-stage\/2","uri":"https:\/\/data.oireachtas.ie\/ie\/oireachtas\/bill\/2024\/41\/stage\/dail\/2"}}],"status":"Current","statusURI":"https:\/\/data.oireachtas.ie\/ie\/oireachtas\/def\/bill-status\/published","uri":"https:\/\/data.oireachtas.ie\/ie\/oireachtas\/bill\/2024\/41","versions":[{"version":{"date":"2024-05-23","docType":"bill","formats":{"pdf":{"uri":"https:\/\/data.oireachtas.ie\/ie\/oireachtas\/bill\/2024\/41\/eng\/initiated\/b4124d.pdf"},"xml":null},"lang":"eng","showAs":"As Initiated","uri":"https:\/\/data.oireachtas.ie\/ie\/oireachtas\/bill\/2024\/41\/eng\/initiated"}}]},"billSort":{"actNoSort":null,"actShortTitleEnSort":null,"actShortTitleGaSort":null,"actYearSort":null,"billNoSort":41,"billShortTitleEnSort":"emergency-price-controls-bill-2024","billShortTitleGaSort":"an-bille-um-rialuithe-eigeandala-ar-phraghsanna-2024","billYearSort":2024},"contextDate":"2025-05-01"},{"bill":{"act":null,"amendmentLists":[],"billNo":"40","billType":"Public","billTypeURI":"https:\/\/data.oireachtas.ie\/ie\/oireachtas\/def\/bill-type\/public","billYear":"2024","debates":[{"chamber":{"showAs":"Seanad \u00c9ireann","uri":"https:\/\/data.oireachtas.ie\/ie\/oireachtas\/def\/house\/seanad"},"date":"2024-06-26","debateSectionId":"dbsect_14","showAs":"Domestic Violence (Amendment) (No. 2) Bill 2024: Second Stage","uri":"https:\/\/data.oireachtas.ie\/akn\/ie\/debateRecord\/seanad\/2024-06-26\/debate\/main"},{"chamber":{"showAs":"Seanad \u00c9ireann","uri":"https:\/\/data.oireachtas.ie\/ie\/oireachtas\/def\/house\/seanad"},"date":"2024-05-23","debateSectionId":"dbsect_11","showAs":"Domestic Violence (Amendment) (No. 2) Bill 2024: First Stage","uri":"https:\/\/data.oireachtas.ie\/akn\/ie\/debateRecord\/seanad\/2024-05-23\/debate\/main"}],"events":[{"event":{"chamber":{"chamberCode":"seanad","showAs":"Seanad \u00c9ireann","uri":"https:\/\/data.oireachtas.ie\/ie\/oireachtas\/def\/house\/seanad"},"dates":[{"date":"2024-05-20"},{"date":"2024-05-23"},{"date":"2025-03-04"}],"eventURI":"https:\/\/data.oireachtas.ie\/ie\/oireachtas\/def\/bill-event\/admissibility-for-introduction","showAs":"Admissibility for Introduction","uri":"https:\/\/data.oireachtas.ie\/ie\/oireachtas\/bill\/2024\/40\/admissibility-for-introduction"}},{"event":{"chamber":{"chamberCode":"seanad","showAs":"Seanad \u00c9ireann","uri":"https:\/\/data.oireachtas.ie\/ie\/oireachtas\/def\/house\/seanad"},"dates":[{"date":"2025-01-29"}],"eventURI":"https:\/\/data.oireachtas.ie\/ie\/oireachtas\/def\/bill-event\/bill-lapsed","showAs":"Bill Lapsed","uri":"https:\/\/data.oireachtas.ie\/ie\/oireachtas\/bill\/2024\/40\/bill-lapsed"}}],"lastUpdated":"2025-03-05T09:55:55.780000+00:00","longTitleEn":"<p>Bill entitled an Act to amend the Domestic Violence Act 2018 by means of extending the restrictions on those present in courtroom proceedings, and to provide for related matters.<\/p>\n","longTitleGa":"<p>Bille d\u00e1 ngairtear Acht do leas\u00fa an Achta um Fhor\u00e9igean Baile, 2018 tr\u00ed na srianta a bheidh orthu si\u00fad a bheidh i l\u00e1thair in imeachta\u00ed i seomra c\u00fairte a leathn\u00fa, agus do dh\u00e9anamh socr\u00fa i dtaobh nithe gaolmhara.&nbsp;&nbsp;&nbsp;<\/p>\n","method":"Presented","methodURI":"https:\/\/data.oireachtas.ie\/ie\/oireachtas\/def\/bill-method\/presented","mostRecentStage":{"event":{"chamber":{"chamberCode":"seanad","showAs":"Seanad \u00c9ireann","uri":"https:\/\/data.oireachtas.ie\/ie\/oireachtas\/def\/house\/seanad"},"dates":[{"date":"2024-06-26"},{"date":"2024-06-26"},{"date":"2025-01-29"},{"date":"2025-03-04"}],"house":{"chamberCode":"seanad","chamberType":"house","houseCode":"seanad","houseNo":"26","showAs":"26th Seanad","uri":"https:\/\/data.oireachtas.ie\/ie\/oireachtas\/house\/seanad\/26"},"progressStage":3,"showAs":"Committee Stage","stageCompleted":false,"stageOutcome":"Current","stageURI":"https:\/\/data.oireachtas.ie\/ie\/oireachtas\/def\/bill-stage\/3","uri":"https:\/\/data.oireachtas.ie\/ie\/oireachtas\/bill\/2024\/40\/stage\/seanad\/3"}},"originHouse":{"showAs":"Seanad \u00c9ireann","uri":"https:\/\/data.oireachtas.ie\/ie\/oireachtas\/def\/house\/seanad"},"originHouseURI":"https:\/\/data.oireachtas.ie\/ie\/oireachtas\/def\/house\/seanad","relatedDocs":[],"shortTitleEn":"Domestic Violence (Amendment) (No. 2) Bill 2024","shortTitleGa":"An Bille um Fhor\u00e9igean Baile (Leas\u00fa) (Uimh. 2), 2024","source":"Private Member","sourceURI":"https:\/\/data.oireachtas.ie\/ie\/oireachtas\/def\/bill-source\/private-member","sponsors":[{"sponsor":{"as":{"showAs":null,"uri":null},"by":{"showAs":"Tom Clonan","uri":"https:\/\/data.oireachtas.ie\/ie\/oireachtas\/member\/id\/Tom-Clonan.S.2022-04-04"},"isPrimary":false}},{"sponsor":{"as":{"showAs":null,"uri":null},"by":{"showAs":"Mary Seery Kearney","uri":"https:\/\/data.oireachtas.ie\/ie\/oireachtas\/member\/id\/Mary-Seery-Kearney.S.2020-06-29"},"isPrimary":false}},{"sponsor":{"as":{"showAs":null,"uri":null},"by":{"showAs":"Gerard P. Craughwell","uri":"https:\/\/data.oireachtas.ie\/ie\/oireachtas\/member\/id\/Gerard-P-Craughwell.S.2014-10-10"},"isPrimary":false}},{"sponsor":{"as":{"showAs":null,"uri":null},"by":{"showAs":"Lynn Ruane","uri":"https:\/\/data.oireachtas.ie\/ie\/oireachtas\/member\/id\/Lynn-Ruane.S.2016-04-25"},"isPrimary":false}},{"sponsor":{"as":{"showAs":null,"uri":null},"by":{"showAs":"Alice-Mary Higgins","uri":"https:\/\/data.oireachtas.ie\/ie\/oireachtas\/member\/id\/Alice-Mary-Higgins.S.2016-04-25"},"isPrimary":false}},{"sponsor":{"as":{"showAs":null,"uri":null},"by":{"showAs":"Frances Black","uri":"https:\/\/data.oireachtas.ie\/ie\/oireachtas\/member\/id\/Frances-Black.S.2016-04-25"},"isPrimary":false}},{"sponsor":{"as":{"showAs":null,"uri":null},"by":{"showAs":"Erin McGreehan","uri":"https:\/\/data.oireachtas.ie\/ie\/oireachtas\/member\/id\/Erin-McGreehan.S.2020-06-29"},"isPrimary":false}},{"sponsor":{"as":{"showAs":null,"uri":null},"by":{"showAs":"Robbie Gallagher","uri":"https:\/\/data.oireachtas.ie\/ie\/oireachtas\/member\/id\/Robbie-Gallagher.S.2016-04-25"},"isPrimary":false}},{"sponsor":{"as":{"showAs":null,"uri":null},"by":{"showAs":"Sharon Keogan","uri":"https:\/\/data.oireachtas.ie\/ie\/oireachtas\/member\/id\/Sharon-Keogan.S.2020-03-30"},"isPrimary":false}},{"sponsor":{"as":{"showAs":null,"uri":null},"by":{"showAs":"Vincent P. Martin","uri":"https:\/\/data.oireachtas.ie\/ie\/oireachtas\/member\/id\/Vincent-P-Martin.S.2020-06-29"},"isPrimary":true}},{"sponsor":{"as":{"showAs":null,"uri":null},"by":{"showAs":"Pauline O'Reilly","uri":"https:\/\/data.oireachtas.ie\/ie\/oireachtas\/member\/id\/Pauline-O'Reilly.S.2020-03-30"},"isPrimary":false}},{"sponsor":{"as":{"showAs":null,"uri":null},"by":{"showAs":"Mark Wall","uri":"https:\/\/data.oireachtas.ie\/ie\/oireachtas\/member\/id\/Mark-Wall.S.2020-03-30"},"isPrimary":false}},{"sponsor":{"as":{"showAs":null,"uri":null},"by":{"showAs":"Fiona O'Loughlin","uri":"https:\/\/data.oireachtas.ie\/ie\/oireachtas\/member\/id\/Fiona-O'Loughlin.D.2016-10-03"},"isPrimary":false}}],"stages":[{"event":{"chamber":{"chamberCode":"seanad","showAs":"Seanad \u00c9ireann","uri":"https:\/\/data.oireachtas.ie\/ie\/oireachtas\/def\/house\/seanad"},"dates":[{"date":"2024-05-20"},{"date":"2024-05-23"},{"date":"2024-05-23"}],"house":{"chamberCode":"seanad","chamberType":"house","houseCode":"seanad","houseNo":"26","showAs":"26th Seanad","uri":"https:\/\/data.oireachtas.ie\/ie\/oireachtas\/house\/seanad\/26"},"progressStage":1,"showAs":"First Stage","stageCompleted":true,"stageOutcome":null,"stageURI":"https:\/\/data.oireachtas.ie\/ie\/oireachtas\/def\/bill-stage\/1","uri":"https:\/\/data.oireachtas.ie\/ie\/oireachtas\/bill\/2024\/40\/stage\/seanad\/1"}},{"event":{"chamber":{"chamberCode":"seanad","showAs":"Seanad \u00c9ireann","uri":"https:\/\/data.oireachtas.ie\/ie\/oireachtas\/def\/house\/seanad"},"dates":[{"date":"2024-06-26"}],"house":{"chamberCode":"seanad","chamberType":"house","houseCode":"seanad","houseNo":"26","showAs":"26th Seanad","uri":"https:\/\/data.oireachtas.ie\/ie\/oireachtas\/house\/seanad\/26"},"progressStage":2,"showAs":"Second Stage","stageCompleted":true,"stageOutcome":null,"stageURI":"https:\/\/data.oireachtas.ie\/ie\/oireachtas\/def\/bill-stage\/2","uri":"https:\/\/data.oireachtas.ie\/ie\/oireachtas\/bill\/2024\/40\/stage\/seanad\/2"}},{"event":{"chamber":{"chamberCode":"seanad","showAs":"Seanad \u00c9ireann","uri":"https:\/\/data.oireachtas.ie\/ie\/oireachtas\/def\/house\/seanad"},"dates":[{"date":"2024-06-26"},{"date":"2024-06-26"},{"date":"2025-01-29"},{"date":"2025-03-04"}],"house":{"chamberCode":"seanad","chamberType":"house","houseCode":"seanad","houseNo":"26","showAs":"26th Seanad","uri":"https:\/\/data.oireachtas.ie\/ie\/oireachtas\/house\/seanad\/26"},"progressStage":3,"showAs":"Committee Stage","stageCompleted":false,"stageOutcome":"Current","stageURI":"https:\/\/data.oireachtas.ie\/ie\/oireachtas\/def\/bill-stage\/3","uri":"https:\/\/data.oireachtas.ie\/ie\/oireachtas\/bill\/2024\/40\/stage\/seanad\/3"}}],"status":"Current","statusURI":"https:\/\/data.oireachtas.ie\/ie\/oireachtas\/def\/bill-status\/published","uri":"https:\/\/data.oireachtas.ie\/ie\/oireachtas\/bill\/2024\/40","versions":[{"version":{"date":"2024-05-23","docType":"bill","formats":{"pdf":{"uri":"https:\/\/data.oireachtas.ie\/ie\/oireachtas\/bill\/2024\/40\/eng\/initiated\/b4024s.pdf"},"xml":null},"lang":"eng","showAs":"As Initiated","uri":"https:\/\/data.oireachtas.ie\/ie\/oireachtas\/bill\/2024\/40\/eng\/initiated"}}]},"billSort":{"actNoSort":null,"actShortTitleEnSort":null,"actShortTitleGaSort":null,"actYearSort":null,"billNoSort":40,"billShortTitleEnSort":"domestic-violence-amendment-no-2-bill-2024","billShortTitleGaSort":"an-bille-um-fhoreigean-baile-leasu-uimh-2-2024","billYearSort":2024},"contextDate":"2025-03-04"},{"bill":{"act":null,"amendmentLists":[],"billNo":"39","billType":"Public","billTypeURI":"https:\/\/data.oireachtas.ie\/ie\/oireachtas\/def\/bill-type\/public","billYear":"2024","debates":[{"chamber":{"showAs":"D\u00e1il \u00c9ireann","uri":"https:\/\/data.oireachtas.ie\/ie\/oireachtas\/def\/house\/dail"},"date":"2024-05-22","debateSectionId":"dbsect_15","showAs":"Protection of Hedgerows Bill 2024: First Stage","uri":"https:\/\/data.oireachtas.ie\/akn\/ie\/debateRecord\/dail\/2024-05-22\/debate\/main"}],"events":[{"event":{"chamber":{"chamberCode":"dail","showAs":"D\u00e1il \u00c9ireann","uri":"https:\/\/data.oireachtas.ie\/ie\/oireachtas\/def\/house\/dail"},"dates":[{"date":"2024-05-16"},{"date":"2024-05-16"},{"date":"2024-05-22"},{"date":"2025-05-01"}],"eventURI":"https:\/\/data.oireachtas.ie\/ie\/oireachtas\/def\/bill-event\/approved-for-initiation","showAs":"Approved for Initiation","uri":"https:\/\/data.oireachtas.ie\/ie\/oireachtas\/bill\/2024\/39\/approved-for-initiation"}},{"event":{"chamber":{"chamberCode":"dail","showAs":"D\u00e1il \u00c9ireann","uri":"https:\/\/data.oireachtas.ie\/ie\/oireachtas\/def\/house\/dail"},"dates":[{"date":"2024-11-08"}],"eventURI":"https:\/\/data.oireachtas.ie\/ie\/oireachtas\/def\/bill-event\/bill-lapsed","showAs":"Bill Lapsed","uri":"https:\/\/data.oireachtas.ie\/ie\/oireachtas\/bill\/2024\/39\/bill-lapsed"}}],"lastUpdated":"2025-05-02T11:01:57.060000+00:00","longTitleEn":"<p>Bill entitled an Act to make provision for the protection of hedgerows, to confer power on the Minister for the Environment, Climate and Communications to make regulations for the protection of significant hedgerows and for the establishment of a register of significant hedgerows, to prohibit the removal of significant hedgerows except in specified circumstances, to make provision for an appeals procedure and for offences for infringement of this Act and regulations made thereunder; to amend the Roads Act 1993; to amend the Forestry Act 2014; to amend the Communications Regulation Act 2002; to amend the Electricity (Supply) Act 1927; to amend the Transport (Railway Infrastructure) Act 2001; to amend the Transport (Dublin Light Rail) Act 1996 and to make provision for a notification mechanism to local authorities regarding potential or actual infringements of this Act and regulations made thereunder; and to provide for related matters.<\/p>\n","longTitleGa":"<p>Bille d\u00e1 ngairtear Acht do dh\u00e9anamh socr\u00fa maidir le f\u00e1lta sceach a chosaint, do thabhairt cumhacht don Aire Comhshaoil, Aer\u00e1ide agus Cumars\u00e1ide chun rialach\u00e1in a dh\u00e9anamh chun f\u00e1lta sceach suntasacha a chosaint agus chun cl\u00e1r d\u2019fh\u00e1lta sceach suntasacha a bhun\u00fa, do thoirmeasc f\u00e1lta sceach suntasacha a bhaint ach amh\u00e1in in imthosca sonraithe, do dh\u00e9anamh socr\u00fa maidir le n\u00f3s imeachta achomharc agus maidir le cionta i nd\u00e1il leis an Acht seo agus le rialach\u00e1in arna nd\u00e9anamh faoi a sh\u00e1r\u00fa; do leas\u00fa Acht na mB\u00f3ithre, 1993; do leas\u00fa an Achta Foraoiseachta, 2014; do leas\u00fa an Achta um Rial\u00e1il Cumars\u00e1ide, 2002; do leas\u00fa an Achta Leictreachais (Sol\u00e1thar), 1927; do leas\u00fa an Achta Iompair (Bonneagar Iarnr\u00f3id), 2001; do leas\u00fa an Achta Iompair (Iarnr\u00f3d \u00c9adrom Bhaile \u00c1tha Cliath), 1996 agus do dh\u00e9anamh socr\u00fa maidir le s\u00e1sra chun f\u00f3gra a thabhairt d\u2019\u00fadar\u00e1is \u00e1iti\u00fala i dtaobh s\u00e1ruithe ionchasacha n\u00f3 iarbh\u00edr ar an Acht seo agus ar rialach\u00e1in arna nd\u00e9anamh faoi; agus do dh\u00e9anamh socr\u00fa i dtaobh nithe gaolmhara.<\/p>\n","method":"Introduced","methodURI":"https:\/\/data.oireachtas.ie\/ie\/oireachtas\/def\/bill-method\/introduced","mostRecentStage":{"event":{"chamber":{"chamberCode":"dail","showAs":"D\u00e1il \u00c9ireann","uri":"https:\/\/data.oireachtas.ie\/ie\/oireachtas\/def\/house\/dail"},"dates":[{"date":"2024-11-08"},{"date":"2025-05-01"}],"house":{"chamberCode":"dail","chamberType":"house","houseCode":"dail","houseNo":"33","showAs":"33rd D\u00e1il","uri":"https:\/\/data.oireachtas.ie\/ie\/oireachtas\/house\/dail\/33"},"progressStage":2,"showAs":"Second Stage","stageCompleted":false,"stageOutcome":"Current","stageURI":"https:\/\/data.oireachtas.ie\/ie\/oireachtas\/def\/bill-stage\/2","uri":"https:\/\/data.oireachtas.ie\/ie\/oireachtas\/bill\/2024\/39\/stage\/dail\/2"}},"originHouse":{"showAs":"D\u00e1il \u00c9ireann","uri":"https:\/\/data.oireachtas.ie\/ie\/oireachtas\/def\/house\/dail"},"originHouseURI":"https:\/\/data.oireachtas.ie\/ie\/oireachtas\/def\/house\/dail","relatedDocs":[{"relatedDoc":{"date":"2024-05-22","docType":"memo","formats":{"pdf":{"uri":"https:\/\/data.oireachtas.ie\/ie\/oireachtas\/bill\/2024\/39\/eng\/memo\/b3924d-ex-memo.pdf"},"xml":null},"lang":"eng","showAs":"Explanatory Memorandum","uri":"https:\/\/data.oireachtas.ie\/ie\/oireachtas\/bill\/2024\/39\/eng\/memo"}}],"shortTitleEn":"Protection of Hedgerows Bill 2024","shortTitleGa":"An Bille um Fh\u00e1lta Sceach a Chosaint, 2024","source":"Private Member","sourceURI":"https:\/\/data.oireachtas.ie\/ie\/oireachtas\/def\/bill-source\/private-member","sponsors":[{"sponsor":{"as":{"showAs":null,"uri":null},"by":{"showAs":"Brian Leddin","uri":"https:\/\/data.oireachtas.ie\/ie\/oireachtas\/member\/id\/Brian-Leddin.D.2020-02-08"},"isPrimary":false}},{"sponsor":{"as":{"showAs":null,"uri":null},"by":{"showAs":"Steven Matthews","uri":"https:\/\/data.oireachtas.ie\/ie\/oireachtas\/member\/id\/Steven-Matthews.D.2020-02-08"},"isPrimary":false}},{"sponsor":{"as":{"showAs":null,"uri":null},"by":{"showAs":"Marc \u00d3 Cathasaigh","uri":"https:\/\/data.oireachtas.ie\/ie\/oireachtas\/member\/id\/Marc-\u00d3-Cathasaigh.D.2020-02-08"},"isPrimary":true}}],"stages":[{"event":{"chamber":{"chamberCode":"dail","showAs":"D\u00e1il \u00c9ireann","uri":"https:\/\/data.oireachtas.ie\/ie\/oireachtas\/def\/house\/dail"},"dates":[{"date":"2024-05-16"},{"date":"2024-05-16"},{"date":"2024-05-22"},{"date":"2024-05-22"}],"house":{"chamberCode":"dail","chamberType":"house","houseCode":"dail","houseNo":"33","showAs":"33rd D\u00e1il","uri":"https:\/\/data.oireachtas.ie\/ie\/oireachtas\/house\/dail\/33"},"progressStage":1,"showAs":"First Stage","stageCompleted":true,"stageOutcome":null,"stageURI":"https:\/\/data.oireachtas.ie\/ie\/oireachtas\/def\/bill-stage\/1","uri":"https:\/\/data.oireachtas.ie\/ie\/oireachtas\/bill\/2024\/39\/stage\/dail\/1"}},{"event":{"chamber":{"chamberCode":"dail","showAs":"D\u00e1il \u00c9ireann","uri":"https:\/\/data.oireachtas.ie\/ie\/oireachtas\/def\/house\/dail"},"dates":[{"date":"2024-11-08"},{"date":"2025-05-01"}],"house":{"chamberCode":"dail","chamberType":"house","houseCode":"dail","houseNo":"33","showAs":"33rd D\u00e1il","uri":"https:\/\/data.oireachtas.ie\/ie\/oireachtas\/house\/dail\/33"},"progressStage":2,"showAs":"Second Stage","stageCompleted":false,"stageOutcome":"Current","stageURI":"https:\/\/data.oireachtas.ie\/ie\/oireachtas\/def\/bill-stage\/2","uri":"https:\/\/data.oireachtas.ie\/ie\/oireachtas\/bill\/2024\/39\/stage\/dail\/2"}}],"status":"Current","statusURI":"https:\/\/data.oireachtas.ie\/ie\/oireachtas\/def\/bill-status\/published","uri":"https:\/\/data.oireachtas.ie\/ie\/oireachtas\/bill\/2024\/39","versions":[{"version":{"date":"2024-05-22","docType":"bill","formats":{"pdf":{"uri":"https:\/\/data.oireachtas.ie\/ie\/oireachtas\/bill\/2024\/39\/eng\/initiated\/b3924d.pdf"},"xml":null},"lang":"eng","showAs":"As Initiated","uri":"https:\/\/data.oireachtas.ie\/ie\/oireachtas\/bill\/2024\/39\/eng\/initiated"}}]},"billSort":{"actNoSort":null,"actShortTitleEnSort":null,"actShortTitleGaSort":null,"actYearSort":null,"billNoSort":39,"billShortTitleEnSort":"protection-of-hedgerows-bill-2024","billShortTitleGaSort":"an-bille-um-fhalta-sceach-a-chosaint-2024","billYearSort":2024},"contextDate":"2025-05-01"},{"bill":{"act":null,"amendmentLists":[],"billNo":"35","billType":"Public","billTypeURI":"https:\/\/data.oireachtas.ie\/ie\/oireachtas\/def\/bill-type\/public","billYear":"2024","debates":[],"events":[{"event":{"chamber":{"chamberCode":"dail","showAs":"D\u00e1il \u00c9ireann","uri":"https:\/\/data.oireachtas.ie\/ie\/oireachtas\/def\/house\/dail"},"dates":[{"date":"2024-04-29"},{"date":"2024-04-29"},{"date":"2024-05-14"},{"date":"2025-05-01"}],"eventURI":"https:\/\/data.oireachtas.ie\/ie\/oireachtas\/def\/bill-event\/approved-for-initiation","showAs":"Approved for Initiation","uri":"https:\/\/data.oireachtas.ie\/ie\/oireachtas\/bill\/2024\/35\/approved-for-initiation"}},{"event":{"chamber":{"chamberCode":"dail","showAs":"D\u00e1il \u00c9ireann","uri":"https:\/\/data.oireachtas.ie\/ie\/oireachtas\/def\/house\/dail"},"dates":[{"date":"2024-11-08"}],"eventURI":"https:\/\/data.oireachtas.ie\/ie\/oireachtas\/def\/bill-event\/bill-lapsed","showAs":"Bill Lapsed","uri":"https:\/\/data.oireachtas.ie\/ie\/oireachtas\/bill\/2024\/35\/bill-lapsed"}}],"lastUpdated":"2025-05-02T13:22:46.670000+00:00","longTitleEn":"<p>Bill entitled an Act to amend the Family Law (Divorce) Act 1996 to provide for swifter access to divorce proceedings.<\/p>\n","longTitleGa":"<p>Bille d\u00e1 ngairtear Acht do leas\u00fa an Achta um an Dl\u00ed Teaghlaigh (Colscaradh), 1996 chun socr\u00fa a dh\u00e9anamh maidir le rochtain n\u00edos tapa ar imeachta\u00ed colscartha.<\/p>\n","method":"Introduced","methodURI":"https:\/\/data.oireachtas.ie\/ie\/oireachtas\/def\/bill-method\/introduced","mostRecentStage":{"event":{"chamber":{"chamberCode":"dail","showAs":"D\u00e1il \u00c9ireann","uri":"https:\/\/data.oireachtas.ie\/ie\/oireachtas\/def\/house\/dail"},"dates":[{"date":"2024-05-14"},{"date":"2024-05-14"},{"date":"2024-11-08"},{"date":"2025-05-01"}],"house":{"chamberCode":"dail","chamberType":"house","houseCode":"dail","houseNo":"33","showAs":"33rd D\u00e1il","uri":"https:\/\/data.oireachtas.ie\/ie\/oireachtas\/house\/dail\/33"},"progressStage":2,"showAs":"Second Stage","stageCompleted":false,"stageOutcome":"Current","stageURI":"https:\/\/data.oireachtas.ie\/ie\/oireachtas\/def\/bill-stage\/2","uri":"https:\/\/data.oireachtas.ie\/ie\/oireachtas\/bill\/2024\/35\/stage\/dail\/2"}},"originHouse":{"showAs":"D\u00e1il \u00c9ireann","uri":"https:\/\/data.oireachtas.ie\/ie\/oireachtas\/def\/house\/dail"},"originHouseURI":"https:\/\/data.oireachtas.ie\/ie\/oireachtas\/def\/house\/dail","relatedDocs":[{"relatedDoc":{"date":"2024-05-14","docType":"memo","formats":{"pdf":{"uri":"https:\/\/data.oireachtas.ie\/ie\/oireachtas\/bill\/2024\/35\/eng\/memo\/b3524d-memo.pdf"},"xml":null},"lang":"eng","showAs":"Explanatory Memorandum","uri":"https:\/\/data.oireachtas.ie\/ie\/oireachtas\/bill\/2024\/35\/eng\/memo"}}],"shortTitleEn":"Family Law (Divorce) (Amendment) Bill 2024","shortTitleGa":"An Bille um an Dl\u00ed Teaghlaigh (Colscaradh) (Leas\u00fa), 2024","source":"Private Member","sourceURI":"https:\/\/data.oireachtas.ie\/ie\/oireachtas\/def\/bill-source\/private-member","sponsors":[{"sponsor":{"as":{"showAs":null,"uri":null},"by":{"showAs":"Patrick Costello","uri":"https:\/\/data.oireachtas.ie\/ie\/oireachtas\/member\/id\/Patrick-Costello.D.2020-02-08"},"isPrimary":true}}],"stages":[{"event":{"chamber":{"chamberCode":"dail","showAs":"D\u00e1il \u00c9ireann","uri":"https:\/\/data.oireachtas.ie\/ie\/oireachtas\/def\/house\/dail"},"dates":[{"date":"2024-04-29"},{"date":"2024-04-29"},{"date":"2024-05-14"},{"date":"2024-05-14"}],"house":{"chamberCode":"dail","chamberType":"house","houseCode":"dail","houseNo":"33","showAs":"33rd D\u00e1il","uri":"https:\/\/data.oireachtas.ie\/ie\/oireachtas\/house\/dail\/33"},"progressStage":1,"showAs":"First Stage","stageCompleted":true,"stageOutcome":null,"stageURI":"https:\/\/data.oireachtas.ie\/ie\/oireachtas\/def\/bill-stage\/1","uri":"https:\/\/data.oireachtas.ie\/ie\/oireachtas\/bill\/2024\/35\/stage\/dail\/1"}},{"event":{"chamber":{"chamberCode":"dail","showAs":"D\u00e1il \u00c9ireann","uri":"https:\/\/data.oireachtas.ie\/ie\/oireachtas\/def\/house\/dail"},"dates":[{"date":"2024-05-14"},{"date":"2024-05-14"},{"date":"2024-11-08"},{"date":"2025-05-01"}],"house":{"chamberCode":"dail","chamberType":"house","houseCode":"dail","houseNo":"33","showAs":"33rd D\u00e1il","uri":"https:\/\/data.oireachtas.ie\/ie\/oireachtas\/house\/dail\/33"},"progressStage":2,"showAs":"Second Stage","stageCompleted":false,"stageOutcome":"Current","stageURI":"https:\/\/data.oireachtas.ie\/ie\/oireachtas\/def\/bill-stage\/2","uri":"https:\/\/data.oireachtas.ie\/ie\/oireachtas\/bill\/2024\/35\/stage\/dail\/2"}}],"status":"Current","statusURI":"https:\/\/data.oireachtas.ie\/ie\/oireachtas\/def\/bill-status\/published","uri":"https:\/\/data.oireachtas.ie\/ie\/oireachtas\/bill\/2024\/35","versions":[{"version":{"date":"2024-05-14","docType":"bill","formats":{"pdf":{"uri":"https:\/\/data.oireachtas.ie\/ie\/oireachtas\/bill\/2024\/35\/eng\/initiated\/b3524d.pdf"},"xml":null},"lang":"eng","showAs":"As Initiated","uri":"https:\/\/data.oireachtas.ie\/ie\/oireachtas\/bill\/2024\/35\/eng\/initiated"}}]},"billSort":{"actNoSort":null,"actShortTitleEnSort":null,"actShortTitleGaSort":null,"actYearSort":null,"billNoSort":35,"billShortTitleEnSort":"family-law-divorce-amendment-bill-2024","billShortTitleGaSort":"an-bille-um-an-dli-teaghlaigh-colscaradh-leasu-2024","billYearSort":2024},"contextDate":"2025-05-01"},{"bill":{"act":null,"amendmentLists":[],"billNo":"32","billType":"Public","billTypeURI":"https:\/\/data.oireachtas.ie\/ie\/oireachtas\/def\/bill-type\/public","billYear":"2024","debates":[{"chamber":{"showAs":"Seanad \u00c9ireann","uri":"https:\/\/data.oireachtas.ie\/ie\/oireachtas\/def\/house\/seanad"},"date":"2024-05-01","debateSectionId":"dbsect_10","showAs":"Protection of Retail Workers Bill 2024: First Stage","uri":"https:\/\/data.oireachtas.ie\/akn\/ie\/debateRecord\/seanad\/2024-05-01\/debate\/main"}],"events":[{"event":{"chamber":{"chamberCode":"seanad","showAs":"Seanad \u00c9ireann","uri":"https:\/\/data.oireachtas.ie\/ie\/oireachtas\/def\/house\/seanad"},"dates":[{"date":"2024-04-15"},{"date":"2024-05-01"}],"eventURI":"https:\/\/data.oireachtas.ie\/ie\/oireachtas\/def\/bill-event\/admissibility-for-introduction","showAs":"Admissibility for Introduction","uri":"https:\/\/data.oireachtas.ie\/ie\/oireachtas\/bill\/2024\/32\/admissibility-for-introduction"}},{"event":{"chamber":{"chamberCode":"seanad","showAs":"Seanad \u00c9ireann","uri":"https:\/\/data.oireachtas.ie\/ie\/oireachtas\/def\/house\/seanad"},"dates":[{"date":"2025-01-29"}],"eventURI":"https:\/\/data.oireachtas.ie\/ie\/oireachtas\/def\/bill-event\/bill-lapsed","showAs":"Bill Lapsed","uri":"https:\/\/data.oireachtas.ie\/ie\/oireachtas\/bill\/2024\/32\/bill-lapsed"}}],"lastUpdated":"2025-01-30T11:17:37.160000+00:00","longTitleEn":"<p>Bill entitled an Act to amend the Criminal Justice (Public Order) Act 1994 to create specific offences for assaulting or threatening retail workers carrying out their employment.&nbsp;<\/p>\n","longTitleGa":"<p>Bille d\u00e1 ngairtear Acht do leas\u00fa an Achta um Cheartas Coiri\u00fail (Ord Poibl\u00ed), 1994 chun cionta sonracha a chruth\u00fa arb \u00e9ard iad ionsa\u00ed n\u00f3 bagairt a dh\u00e9anamh ar oibrithe miond\u00edola at\u00e1 ag gabh\u00e1il d\u00e1 bhfosta\u00edocht.<\/p>\n","method":"Introduced","methodURI":"https:\/\/data.oireachtas.ie\/ie\/oireachtas\/def\/bill-method\/introduced","mostRecentStage":{"event":{"chamber":{"chamberCode":"seanad","showAs":"Seanad \u00c9ireann","uri":"https:\/\/data.oireachtas.ie\/ie\/oireachtas\/def\/house\/seanad"},"dates":[{"date":"2024-04-15"},{"date":"2024-05-01"},{"date":"2024-05-01"}],"house":{"chamberCode":"seanad","chamberType":"house","houseCode":"seanad","houseNo":"26","showAs":"26th Seanad","uri":"https:\/\/data.oireachtas.ie\/ie\/oireachtas\/house\/seanad\/26"},"progressStage":1,"showAs":"First Stage","stageCompleted":true,"stageOutcome":null,"stageURI":"https:\/\/data.oireachtas.ie\/ie\/oireachtas\/def\/bill-stage\/1","uri":"https:\/\/data.oireachtas.ie\/ie\/oireachtas\/bill\/2024\/32\/stage\/seanad\/1"}},"originHouse":{"showAs":"Seanad \u00c9ireann","uri":"https:\/\/data.oireachtas.ie\/ie\/oireachtas\/def\/house\/seanad"},"originHouseURI":"https:\/\/data.oireachtas.ie\/ie\/oireachtas\/def\/house\/seanad","relatedDocs":[],"shortTitleEn":"Protection of Retail Workers Bill 2024","shortTitleGa":"An Bille um Oibrithe Miond\u00edola a Chosaint, 2024","source":"Private Member","sourceURI":"https:\/\/data.oireachtas.ie\/ie\/oireachtas\/def\/bill-source\/private-member","sponsors":[{"sponsor":{"as":{"showAs":null,"uri":null},"by":{"showAs":"Malcolm Byrne","uri":"https:\/\/data.oireachtas.ie\/ie\/oireachtas\/member\/id\/Malcolm-Byrne.D.2019-11-29"},"isPrimary":true}}],"stages":[{"event":{"chamber":{"chamberCode":"seanad","showAs":"Seanad \u00c9ireann","uri":"https:\/\/data.oireachtas.ie\/ie\/oireachtas\/def\/house\/seanad"},"dates":[{"date":"2024-04-15"},{"date":"2024-05-01"},{"date":"2024-05-01"}],"house":{"chamberCode":"seanad","chamberType":"house","houseCode":"seanad","houseNo":"26","showAs":"26th Seanad","uri":"https:\/\/data.oireachtas.ie\/ie\/oireachtas\/house\/seanad\/26"},"progressStage":1,"showAs":"First Stage","stageCompleted":true,"stageOutcome":null,"stageURI":"https:\/\/data.oireachtas.ie\/ie\/oireachtas\/def\/bill-stage\/1","uri":"https:\/\/data.oireachtas.ie\/ie\/oireachtas\/bill\/2024\/32\/stage\/seanad\/1"}}],"status":"Lapsed","statusURI":"https:\/\/data.oireachtas.ie\/ie\/oireachtas\/def\/bill-status\/lapsed","uri":"https:\/\/data.oireachtas.ie\/ie\/oireachtas\/bill\/2024\/32","versions":[{"version":{"date":"2024-05-01","docType":"bill","formats":{"pdf":{"uri":"https:\/\/data.oireachtas.ie\/ie\/oireachtas\/bill\/2024\/32\/eng\/initiated\/b3224s.pdf"},"xml":null},"lang":"eng","showAs":"As Initiated","uri":"https:\/\/data.oireachtas.ie\/ie\/oireachtas\/bill\/2024\/32\/eng\/initiated"}}]},"billSort":{"actNoSort":null,"actShortTitleEnSort":null,"actShortTitleGaSort":null,"actYearSort":null,"billNoSort":32,"billShortTitleEnSort":"protection-of-retail-workers-bill-2024","billShortTitleGaSort":"an-bille-um-oibrithe-miondiola-a-chosaint-2024","billYearSort":2024},"contextDate":"2024-05-01"},{"bill":{"act":null,"amendmentLists":[],"billNo":"30","billType":"Public","billTypeURI":"https:\/\/data.oireachtas.ie\/ie\/oireachtas\/def\/bill-type\/public","billYear":"2024","debates":[{"chamber":{"showAs":"D\u00e1il \u00c9ireann","uri":"https:\/\/data.oireachtas.ie\/ie\/oireachtas\/def\/house\/dail"},"date":"2025-12-17","debateSectionId":"dbsect_21","showAs":"Health (Waiting Lists) Bill 2024: Second Stage (Resumed) [Private Members]","uri":"https:\/\/data.oireachtas.ie\/akn\/ie\/debateRecord\/dail\/2025-12-17\/debate\/main"},{"chamber":{"showAs":"D\u00e1il \u00c9ireann","uri":"https:\/\/data.oireachtas.ie\/ie\/oireachtas\/def\/house\/dail"},"date":"2025-12-11","debateSectionId":"dbsect_57","showAs":"Health (Waiting Lists) Bill 2024: Second Stage [Private Members]","uri":"https:\/\/data.oireachtas.ie\/akn\/ie\/debateRecord\/dail\/2025-12-11\/debate\/main"},{"chamber":{"showAs":"D\u00e1il \u00c9ireann","uri":"https:\/\/data.oireachtas.ie\/ie\/oireachtas\/def\/house\/dail"},"date":"2024-04-25","debateSectionId":"dbsect_34","showAs":"Health (Waiting Lists) Bill 2024: First Stage","uri":"https:\/\/data.oireachtas.ie\/akn\/ie\/debateRecord\/dail\/2024-04-25\/debate\/main"}],"events":[{"event":{"chamber":{"chamberCode":"dail","showAs":"D\u00e1il \u00c9ireann","uri":"https:\/\/data.oireachtas.ie\/ie\/oireachtas\/def\/house\/dail"},"dates":[{"date":"2024-02-23"},{"date":"2024-04-23"},{"date":"2024-04-25"},{"date":"2025-05-01"}],"eventURI":"https:\/\/data.oireachtas.ie\/ie\/oireachtas\/def\/bill-event\/admissibility-for-introduction","showAs":"Admissibility for Introduction","uri":"https:\/\/data.oireachtas.ie\/ie\/oireachtas\/bill\/2024\/30\/admissibility-for-introduction"}},{"event":{"chamber":{"chamberCode":"dail","showAs":"D\u00e1il \u00c9ireann","uri":"https:\/\/data.oireachtas.ie\/ie\/oireachtas\/def\/house\/dail"},"dates":[{"date":"2024-11-08"}],"eventURI":"https:\/\/data.oireachtas.ie\/ie\/oireachtas\/def\/bill-event\/bill-lapsed","showAs":"Bill Lapsed","uri":"https:\/\/data.oireachtas.ie\/ie\/oireachtas\/bill\/2024\/30\/bill-lapsed"}}],"lastUpdated":"2025-05-02T13:28:48.000000+00:00","longTitleEn":"<p>Bill entitled an Act to amend and extend the Health Act 2004 and for that purpose to provide for the conferral of additional functions on the Minister for Health in relation to setting of priorities and performance targets by that Minister in relation to maximum waiting times for health and personal social services; to amend the National Treatment Purchase Fund Board (Establishment) Order 2004 to provide for additional reporting, revised corporate governance and accountability arrangements; and to provide for related matters.<\/p>\n\n<p>\u00a0<\/p>\n","longTitleGa":"<p>Bille d\u00e1 ngairtear Acht do leas\u00fa agus do leathn\u00fa an Achta Sl\u00e1inte, 2004 agus chun na cr\u00edche sin do dh\u00e9anamh socr\u00fa maidir le feidhmeanna breise a thabhairt don Aire Sl\u00e1inte i nd\u00e1il leis an Aire sin do shocr\u00fa tosa\u00edochta\u00ed agus spriocanna feidhm\u00edochta i nd\u00e1il le huastr\u00e9imhs\u00ed feithimh i gcomhair seirbh\u00eds\u00ed sl\u00e1inte agus seirbh\u00eds\u00ed s\u00f3isialta pearsanta; do leas\u00fa an Ordaithe f\u00e1 Bhord an Chiste N\u00e1isi\u00fanta um Cheannach C\u00f3ire\u00e1la (Bun\u00fa), 2004 chun socr\u00fa a dh\u00e9anamh maidir le tuairisci\u00fa breise, rialachas corpar\u00e1ideach athmheasta agus socruithe i nd\u00e1il le cuntasacht; agus do dh\u00e9anamh socr\u00fa i dtaobh nithe gaolmhara.<\/p>\n","method":"Introduced","methodURI":"https:\/\/data.oireachtas.ie\/ie\/oireachtas\/def\/bill-method\/introduced","mostRecentStage":{"event":{"chamber":{"chamberCode":"dail","showAs":"D\u00e1il \u00c9ireann","uri":"https:\/\/data.oireachtas.ie\/ie\/oireachtas\/def\/house\/dail"},"dates":[{"date":"2025-12-17"},{"date":"2025-12-17"},{"date":"2025-12-17"}],"house":{"chamberCode":"dail","chamberType":"house","houseCode":"dail","houseNo":"34","showAs":"34th D\u00e1il","uri":"https:\/\/data.oireachtas.ie\/ie\/oireachtas\/house\/dail\/34"},"progressStage":2,"showAs":"Second Stage","stageCompleted":false,"stageOutcome":"Current","stageURI":"https:\/\/data.oireachtas.ie\/ie\/oireachtas\/def\/bill-stage\/2","uri":"https:\/\/data.oireachtas.ie\/ie\/oireachtas\/bill\/2024\/30\/stage\/dail\/2"}},"originHouse":{"showAs":"D\u00e1il \u00c9ireann","uri":"https:\/\/data.oireachtas.ie\/ie\/oireachtas\/def\/house\/dail"},"originHouseURI":"https:\/\/data.oireachtas.ie\/ie\/oireachtas\/def\/house\/dail","relatedDocs":[{"relatedDoc":{"date":"2024-04-25","docType":"memo","formats":{"pdf":{"uri":"https:\/\/data.oireachtas.ie\/ie\/oireachtas\/bill\/2024\/30\/eng\/memo\/b3024d-memo.pdf"},"xml":null},"lang":"eng","showAs":"Explanatory Memorandum","uri":"https:\/\/data.oireachtas.ie\/ie\/oireachtas\/bill\/2024\/30\/eng\/memo"}}],"shortTitleEn":"Health (Waiting Lists) Bill 2024","shortTitleGa":"An Bille Sl\u00e1inte (Liosta\u00ed Feithimh), 2024","source":"Private Member","sourceURI":"https:\/\/data.oireachtas.ie\/ie\/oireachtas\/def\/bill-source\/private-member","sponsors":[{"sponsor":{"isPrimary":true,"as":{"showAs":null,"uri":null},"by":{"showAs":"David Cullinane","uri":"https:\/\/data.oireachtas.ie\/ie\/oireachtas\/member\/id\/David-Cullinane.S.2011-05-25"}}},{"sponsor":{"isPrimary":false,"as":{"showAs":null,"uri":null},"by":{"showAs":"Mark Ward","uri":"https:\/\/data.oireachtas.ie\/ie\/oireachtas\/member\/id\/Mark-Ward.D.2019-11-29"}}}],"stages":[{"event":{"chamber":{"chamberCode":"dail","showAs":"D\u00e1il \u00c9ireann","uri":"https:\/\/data.oireachtas.ie\/ie\/oireachtas\/def\/house\/dail"},"dates":[{"date":"2024-02-23"},{"date":"2024-04-23"},{"date":"2024-04-25"},{"date":"2024-04-25"}],"house":{"chamberCode":"dail","chamberType":"house","houseCode":"dail","houseNo":"33","showAs":"33rd D\u00e1il","uri":"https:\/\/data.oireachtas.ie\/ie\/oireachtas\/house\/dail\/33"},"progressStage":1,"showAs":"First Stage","stageCompleted":true,"stageOutcome":null,"stageURI":"https:\/\/data.oireachtas.ie\/ie\/oireachtas\/def\/bill-stage\/1","uri":"https:\/\/data.oireachtas.ie\/ie\/oireachtas\/bill\/2024\/30\/stage\/dail\/1"}},{"event":{"chamber":{"chamberCode":"dail","showAs":"D\u00e1il \u00c9ireann","uri":"https:\/\/data.oireachtas.ie\/ie\/oireachtas\/def\/house\/dail"},"dates":[{"date":"2025-12-17"},{"date":"2025-12-17"},{"date":"2025-12-17"}],"house":{"chamberCode":"dail","chamberType":"house","houseCode":"dail","houseNo":"34","showAs":"34th D\u00e1il","uri":"https:\/\/data.oireachtas.ie\/ie\/oireachtas\/house\/dail\/34"},"progressStage":2,"showAs":"Second Stage","stageCompleted":false,"stageOutcome":"Current","stageURI":"https:\/\/data.oireachtas.ie\/ie\/oireachtas\/def\/bill-stage\/2","uri":"https:\/\/data.oireachtas.ie\/ie\/oireachtas\/bill\/2024\/30\/stage\/dail\/2"}}],"status":"Current","statusURI":"https:\/\/data.oireachtas.ie\/ie\/oireachtas\/def\/bill-status\/published","uri":"https:\/\/data.oireachtas.ie\/ie\/oireachtas\/bill\/2024\/30","versions":[{"version":{"lang":"eng","docType":"bill","showAs":"As Initiated","date":"2024-04-25","formats":{"pdf":{"uri":"https:\/\/data.oireachtas.ie\/ie\/oireachtas\/bill\/2024\/30\/eng\/initiated\/b3024d.pdf"},"xml":null},"uri":"https:\/\/data.oireachtas.ie\/ie\/oireachtas\/bill\/2024\/30\/eng\/initiated"}}]},"contextDate":"2025-12-17","billSort":{"actNoSort":null,"actShortTitleEnSort":null,"actShortTitleGaSort":null,"actYearSort":null,"billNoSort":30,"billShortTitleEnSort":"health-waiting-lists-bill-2024","billShortTitleGaSort":"an-bille-slainte-liostai-feithimh-2024","billYearSort":2024}},{"bill":{"act":{"actNo":"7","actYear":"2025","dateSigned":"2025-07-15","longTitleEn":"<p>Act to provide for the making available of certain supports to survivors of residential institutional abuse; to provide for the dissolution of the Residential Institutions Statutory Fund Board; to provide for the transfer of certain functions of that Board to the Minister for Education and Youth; to amend the Nursing Homes Support Scheme Act 2009 and the Mother and Baby Institutions Payment Scheme Act 2023; and to provide for related matters.<\/p>","longTitleGa":"<p>Acht do dh\u00e9anamh socr\u00fa maidir le taca\u00ed \u00e1irithe a chur ar f\u00e1il do mharthan\u00f3ir\u00ed droch\u00fas\u00e1ide i bhforais ch\u00f3naithe; do dh\u00e9anamh socr\u00fa maidir le Bord an Chiste Reacht\u00fail Foras C\u00f3naithe a dh\u00edscaoileadh; do dh\u00e9anamh socr\u00fa maidir le feidhmeanna \u00e1irithe de chuid an Bhoird sin a aistri\u00fa chuig an Aire Oideachais agus \u00d3ige; do leas\u00fa an Achta f\u00e1n Sc\u00e9im um Thaca\u00edocht Tithe Banaltrais, 2009 agus an Achta um Sc\u00e9im \u00cdoca\u00edochta na bhForas M\u00e1ithreacha agus Na\u00edon\u00e1n, 2023; agus do dh\u00e9anamh socr\u00fa i dtaobh nithe gaolmhara.<\/p>","shortTitleEn":"Supports for Survivors of Residential Institutional Abuse Act 2025","shortTitleGa":"An tAcht um Thaca\u00ed do Mharthan\u00f3ir\u00ed Droch\u00fas\u00e1ide i bhForais Ch\u00f3naithe, 2025","statutebookURI":"http:\/\/www.irishstatutebook.ie\/eli\/2025\/act\/7","uri":"https:\/\/data.oireachtas.ie\/ie\/oireachtas\/act\/2025\/7"},"amendmentLists":[{"amendmentList":{"amendmentTypeUri":{"uri":"https:\/\/data.oireachtas.ie\/ie\/oireachtas\/def\/amendment-type\/creamList"},"chamber":{"showAs":"Seanad","uri":"https:\/\/data.oireachtas.ie\/ie\/oireachtas\/def\/seanad"},"date":"2025-07-01","formats":{"pdf":{"uri":"https:\/\/data.oireachtas.ie\/ie\/oireachtas\/bill\/2024\/28\/seanad\/6\/amendment\/creamList\/eng\/b28a24d-cl.pdf"},"xml":null},"showAs":"Cream List [Seanad amendments to D\u00e1il Bill]","stage":{"showAs":"Cream List","uri":"https:\/\/data.oireachtas.ie\/ie\/oireachtas\/bill\/2024\/28\/seanad\/6"},"stageNo":"6"}},{"amendmentList":{"amendmentTypeUri":{"uri":"https:\/\/data.oireachtas.ie\/ie\/oireachtas\/def\/amendment-type\/creamList"},"chamber":{"showAs":"Seanad","uri":"https:\/\/data.oireachtas.ie\/ie\/oireachtas\/def\/seanad"},"date":"2025-06-19","formats":{"pdf":{"uri":"https:\/\/data.oireachtas.ie\/ie\/oireachtas\/bill\/2024\/28\/seanad\/6\/amendment\/creamList\/eng\/b28a24d-cl.pdf"},"xml":null},"showAs":"Cream List [Seanad amendments to D\u00e1il Bill] \u2013 Interstage","stage":{"showAs":"Cream List","uri":"https:\/\/data.oireachtas.ie\/ie\/oireachtas\/bill\/2024\/28\/seanad\/6"},"stageNo":"6"}},{"amendmentList":{"amendmentTypeUri":{"uri":"https:\/\/data.oireachtas.ie\/ie\/oireachtas\/def\/amendment-type\/numberedList"},"chamber":{"showAs":"Seanad","uri":"https:\/\/data.oireachtas.ie\/ie\/oireachtas\/def\/seanad"},"date":"2025-06-19","formats":{"pdf":{"uri":"https:\/\/data.oireachtas.ie\/ie\/oireachtas\/bill\/2024\/28\/seanad\/4\/amendment\/numberedList\/eng\/b28a24d-srnl.pdf"},"xml":null},"showAs":"Numbered List [Seanad]","stage":{"showAs":"Report Stage","uri":"https:\/\/data.oireachtas.ie\/ie\/oireachtas\/bill\/2024\/28\/seanad\/4"},"stageNo":"4"}},{"amendmentList":{"amendmentTypeUri":{"uri":"https:\/\/data.oireachtas.ie\/ie\/oireachtas\/def\/amendment-type\/numberedList"},"chamber":{"showAs":"Seanad","uri":"https:\/\/data.oireachtas.ie\/ie\/oireachtas\/def\/seanad"},"date":"2025-06-18","formats":{"pdf":{"uri":"https:\/\/data.oireachtas.ie\/ie\/oireachtas\/bill\/2024\/28\/seanad\/3\/amendment\/numberedList\/eng\/b28a24d-scnl.pdf"},"xml":null},"showAs":"Numbered List [Seanad]","stage":{"showAs":"Committee Stage","uri":"https:\/\/data.oireachtas.ie\/ie\/oireachtas\/bill\/2024\/28\/seanad\/3"},"stageNo":"3"}},{"amendmentList":{"amendmentTypeUri":{"uri":"https:\/\/data.oireachtas.ie\/ie\/oireachtas\/def\/amendment-type\/numberedList"},"chamber":{"showAs":"Dail","uri":"https:\/\/data.oireachtas.ie\/ie\/oireachtas\/def\/dail"},"date":"2025-05-27","formats":{"pdf":{"uri":"https:\/\/data.oireachtas.ie\/ie\/oireachtas\/bill\/2024\/28\/dail\/4\/amendment\/numberedList\/eng\/b2824d-drnl.pdf"},"xml":null},"showAs":"Numbered List [D\u00e1il]","stage":{"showAs":"Report Stage","uri":"https:\/\/data.oireachtas.ie\/ie\/oireachtas\/bill\/2024\/28\/dail\/4"},"stageNo":"4"}}],"billNo":"28","billType":"Public","billTypeURI":"https:\/\/data.oireachtas.ie\/ie\/oireachtas\/def\/bill-type\/public","billYear":"2024","debates":[{"chamber":{"showAs":"D\u00e1il \u00c9ireann","uri":"https:\/\/data.oireachtas.ie\/ie\/oireachtas\/def\/house\/dail"},"date":"2025-07-09","debateSectionId":"dbsect_32","showAs":"Supports for Survivors of Residential Institutional Abuse Bill 2024: From the Seanad","uri":"https:\/\/data.oireachtas.ie\/akn\/ie\/debateRecord\/dail\/2025-07-09\/debate\/main"},{"chamber":{"showAs":"Seanad \u00c9ireann","uri":"https:\/\/data.oireachtas.ie\/ie\/oireachtas\/def\/house\/seanad"},"date":"2025-07-01","debateSectionId":"dbsect_10","showAs":"Supports for Survivors of Residential Institutional Abuse Bill 2024: Report Stage (Resumed) and Final Stage","uri":"https:\/\/data.oireachtas.ie\/akn\/ie\/debateRecord\/seanad\/2025-07-01\/debate\/main"},{"chamber":{"showAs":"Seanad \u00c9ireann","uri":"https:\/\/data.oireachtas.ie\/ie\/oireachtas\/def\/house\/seanad"},"date":"2025-06-25","debateSectionId":"dbsect_12","showAs":"Supports for Survivors of Residential Institutional Abuse Bill 2024: Report Stage","uri":"https:\/\/data.oireachtas.ie\/akn\/ie\/debateRecord\/seanad\/2025-06-25\/debate\/main"},{"chamber":{"showAs":"Seanad \u00c9ireann","uri":"https:\/\/data.oireachtas.ie\/ie\/oireachtas\/def\/house\/seanad"},"date":"2025-06-19","debateSectionId":"dbsect_19","showAs":"Supports for Survivors of Residential Institutional Abuse Bill 2024: Committee Stage","uri":"https:\/\/data.oireachtas.ie\/akn\/ie\/debateRecord\/seanad\/2025-06-19\/debate\/main"},{"chamber":{"showAs":"Seanad \u00c9ireann","uri":"https:\/\/data.oireachtas.ie\/ie\/oireachtas\/def\/house\/seanad"},"date":"2025-06-11","debateSectionId":"dbsect_10","showAs":"Supports for Survivors of Residential Institutional Abuse Bill 2024: Second Stage","uri":"https:\/\/data.oireachtas.ie\/akn\/ie\/debateRecord\/seanad\/2025-06-11\/debate\/main"},{"chamber":{"showAs":"D\u00e1il \u00c9ireann","uri":"https:\/\/data.oireachtas.ie\/ie\/oireachtas\/def\/house\/dail"},"date":"2025-05-28","debateSectionId":"dbsect_15","showAs":"Supports for Survivors of Residential Institutional Abuse Bill 2024: Report and Final Stages","uri":"https:\/\/data.oireachtas.ie\/akn\/ie\/debateRecord\/dail\/2025-05-28\/debate\/main"},{"chamber":{"showAs":"Select Committee on Education, Further and Higher Education, Research, Innovation and Science","uri":"https:\/\/data.oireachtas.ie\/ie\/oireachtas\/def\/committee"},"date":"2024-06-19","debateSectionId":"dbsect_2","showAs":"Supports for Survivors of Residential Institutional Abuse Bill 2024: Committee Stage","uri":"https:\/\/data.oireachtas.ie\/akn\/ie\/debateRecord\/select_committee_on_education_further_and_higher_education_research_innovation_and_science\/2024-06-19\/debate\/main"},{"chamber":{"showAs":"D\u00e1il \u00c9ireann","uri":"https:\/\/data.oireachtas.ie\/ie\/oireachtas\/def\/house\/dail"},"date":"2024-05-01","debateSectionId":"dbsect_14","showAs":"Supports for Survivors of Residential Institutional Abuse Bill 2024: Second Stage (Resumed)","uri":"https:\/\/data.oireachtas.ie\/akn\/ie\/debateRecord\/dail\/2024-05-01\/debate\/main"},{"chamber":{"showAs":"D\u00e1il \u00c9ireann","uri":"https:\/\/data.oireachtas.ie\/ie\/oireachtas\/def\/house\/dail"},"date":"2024-05-01","debateSectionId":"dbsect_15","showAs":"Supports for Survivors of Residential Institutional Abuse Bill 2024: Referral to Select Committee","uri":"https:\/\/data.oireachtas.ie\/akn\/ie\/debateRecord\/dail\/2024-05-01\/debate\/main"},{"chamber":{"showAs":"D\u00e1il \u00c9ireann","uri":"https:\/\/data.oireachtas.ie\/ie\/oireachtas\/def\/house\/dail"},"date":"2024-04-30","debateSectionId":"dbsect_9","showAs":"Supports for Survivors of Residential Institutional Abuse Bill 2024: Second Stage","uri":"https:\/\/data.oireachtas.ie\/akn\/ie\/debateRecord\/dail\/2024-04-30\/debate\/main"},{"chamber":{"showAs":"D\u00e1il \u00c9ireann","uri":"https:\/\/data.oireachtas.ie\/ie\/oireachtas\/def\/house\/dail"},"date":"2024-04-30","debateSectionId":"dbsect_11","showAs":"Supports for Survivors of Residential Institutional Abuse Bill 2024: Second Stage (Resumed)","uri":"https:\/\/data.oireachtas.ie\/akn\/ie\/debateRecord\/dail\/2024-04-30\/debate\/main"}],"events":[{"event":{"chamber":{"chamberCode":"dail","showAs":"D\u00e1il \u00c9ireann","uri":"https:\/\/data.oireachtas.ie\/ie\/oireachtas\/def\/house\/dail"},"dates":[{"date":"2024-04-22"},{"date":"2025-02-05"}],"eventURI":"https:\/\/data.oireachtas.ie\/ie\/oireachtas\/def\/bill-event\/published","showAs":"Published","uri":"https:\/\/data.oireachtas.ie\/ie\/oireachtas\/bill\/2024\/28\/published"}},{"event":{"chamber":{"chamberCode":"dail","showAs":"D\u00e1il \u00c9ireann","uri":"https:\/\/data.oireachtas.ie\/ie\/oireachtas\/def\/house\/dail"},"dates":[{"date":"2024-11-08"}],"eventURI":"https:\/\/data.oireachtas.ie\/ie\/oireachtas\/def\/bill-event\/bill-lapsed","showAs":"Bill Lapsed","uri":"https:\/\/data.oireachtas.ie\/ie\/oireachtas\/bill\/2024\/28\/bill-lapsed"}},{"event":{"chamber":null,"dates":[{"date":"2025-07-15"}],"eventURI":"https:\/\/data.oireachtas.ie\/ie\/oireachtas\/def\/bill-event\/enacted","showAs":"Enacted","uri":"https:\/\/data.oireachtas.ie\/ie\/oireachtas\/bill\/2024\/28\/enacted"}}],"lastUpdated":"2025-07-18T13:47:48.610000+00:00","longTitleEn":"<p>Bill entitled an Act to provide for the making available of certain supports to survivors of residential institutional abuse; to provide for the dissolution of the Residential Institutions Statutory Fund Board; to provide for the transfer of certain functions of that Board to the Minister for Education and Youth; to amend the Nursing Homes Support Scheme Act 2009 and the Mother and Baby Institutions Payment Scheme Act 2023; and to provide for related matters.<\/p>","longTitleGa":"<p>Bille d\u00e1 ngairtear Acht do dh\u00e9anamh socr\u00fa maidir le taca\u00ed \u00e1irithe a chur ar f\u00e1il do mharthan\u00f3ir\u00ed droch\u00fas\u00e1ide i bhforais ch\u00f3naithe; do dh\u00e9anamh socr\u00fa maidir le Bord an Chiste Reacht\u00fail Foras C\u00f3naithe a dh\u00edscaoileadh; do dh\u00e9anamh socr\u00fa maidir le feidhmeanna \u00e1irithe de chuid an Bhoird sin a aistri\u00fa chuig an Aire Oideachais agus \u00d3ige; do leas\u00fa an Achta f\u00e1n Sc\u00e9im um Thaca\u00edocht Tithe Banaltrais, 2009 agus an Achta um Sc\u00e9im \u00cdoca\u00edochta na bhForas M\u00e1ithreacha agus Na\u00edon\u00e1n, 2023; agus do dh\u00e9anamh socr\u00fa i dtaobh nithe gaolmhara.<\/p>","method":"Presented","methodURI":"https:\/\/data.oireachtas.ie\/ie\/oireachtas\/def\/bill-method\/presented","mostRecentStage":{"event":{"chamber":null,"dates":[{"date":"2025-07-15"}],"house":null,"progressStage":11,"showAs":"Enacted","stageCompleted":true,"stageOutcome":"Enacted","stageURI":"https:\/\/data.oireachtas.ie\/ie\/oireachtas\/def\/bill-stage\/enacted","uri":"https:\/\/data.oireachtas.ie\/ie\/oireachtas\/bill\/2024\/28\/stage\/oireachtas\/enacted"}},"originHouse":{"showAs":"D\u00e1il \u00c9ireann","uri":"https:\/\/data.oireachtas.ie\/ie\/oireachtas\/def\/house\/dail"},"originHouseURI":"https:\/\/data.oireachtas.ie\/ie\/oireachtas\/def\/house\/dail","relatedDocs":[{"relatedDoc":{"date":"2024-05-13","docType":"digest","formats":{"pdf":{"uri":"https:\/\/data.oireachtas.ie\/ie\/oireachtas\/bill\/2024\/28\/eng\/digest\/digest.pdf"},"xml":null},"lang":"eng","showAs":"Bill Digest","uri":"https:\/\/data.oireachtas.ie\/ie\/oireachtas\/bill\/2024\/28\/eng\/digest"}},{"relatedDoc":{"date":"2024-04-30","docType":"gluais","formats":{"pdf":{"uri":"https:\/\/data.oireachtas.ie\/ie\/oireachtas\/bill\/2024\/28\/mul\/gluais\/gluais-08-2024-an-bille-um-thacai-do-mharthanoiri-drochusaide-i-bhforais-chonaithe-2024.pdf"},"xml":null},"lang":"mul","showAs":"Glossary\/Gluais","uri":"https:\/\/data.oireachtas.ie\/ie\/oireachtas\/bill\/2024\/28\/mul\/gluais"}},{"relatedDoc":{"date":"2024-04-22","docType":"memo","formats":{"pdf":{"uri":"https:\/\/data.oireachtas.ie\/ie\/oireachtas\/bill\/2024\/28\/eng\/memo\/b2824d-memo.pdf"},"xml":null},"lang":"eng","showAs":"Explanatory Memorandum","uri":"https:\/\/data.oireachtas.ie\/ie\/oireachtas\/bill\/2024\/28\/eng\/memo"}}],"shortTitleEn":"Supports for Survivors of Residential Institutional Abuse Bill 2024","shortTitleGa":"An Bille um Thaca\u00ed do Mharthan\u00f3ir\u00ed Droch\u00fas\u00e1ide i bhForais Ch\u00f3naithe, 2024","source":"Government","sourceURI":"https:\/\/data.oireachtas.ie\/ie\/oireachtas\/def\/bill-source\/government","sponsors":[{"sponsor":{"as":{"showAs":"Minister for Education","uri":null},"by":{"showAs":null,"uri":null},"isPrimary":true}}],"stages":[{"event":{"chamber":{"chamberCode":"dail","showAs":"D\u00e1il \u00c9ireann","uri":"https:\/\/data.oireachtas.ie\/ie\/oireachtas\/def\/house\/dail"},"dates":[{"date":"2024-04-22"},{"date":"2024-04-22"}],"house":{"chamberCode":"dail","chamberType":"house","houseCode":"dail","houseNo":"33","showAs":"33rd D\u00e1il","uri":"https:\/\/data.oireachtas.ie\/ie\/oireachtas\/house\/dail\/33"},"progressStage":1,"showAs":"First Stage","stageCompleted":true,"stageOutcome":null,"stageURI":"https:\/\/data.oireachtas.ie\/ie\/oireachtas\/def\/bill-stage\/1","uri":"https:\/\/data.oireachtas.ie\/ie\/oireachtas\/bill\/2024\/28\/stage\/dail\/1"}},{"event":{"chamber":{"chamberCode":"dail","showAs":"D\u00e1il \u00c9ireann","uri":"https:\/\/data.oireachtas.ie\/ie\/oireachtas\/def\/house\/dail"},"dates":[{"date":"2024-04-22"},{"date":"2024-04-22"}],"house":{"chamberCode":"dail","chamberType":"house","houseCode":"dail","houseNo":"33","showAs":"33rd D\u00e1il","uri":"https:\/\/data.oireachtas.ie\/ie\/oireachtas\/house\/dail\/33"},"progressStage":2,"showAs":"Second Stage","stageCompleted":true,"stageOutcome":null,"stageURI":"https:\/\/data.oireachtas.ie\/ie\/oireachtas\/def\/bill-stage\/2","uri":"https:\/\/data.oireachtas.ie\/ie\/oireachtas\/bill\/2024\/28\/stage\/dail\/2"}},{"event":{"chamber":{"chamberCode":"dail","showAs":"D\u00e1il \u00c9ireann","uri":"https:\/\/data.oireachtas.ie\/ie\/oireachtas\/def\/house\/dail"},"dates":[{"date":"2024-04-30"}],"house":{"chamberCode":"dail","chamberType":"house","houseCode":"dail","houseNo":"33","showAs":"33rd D\u00e1il","uri":"https:\/\/data.oireachtas.ie\/ie\/oireachtas\/house\/dail\/33"},"progressStage":3,"showAs":"Committee Stage","stageCompleted":true,"stageOutcome":null,"stageURI":"https:\/\/data.oireachtas.ie\/ie\/oireachtas\/def\/bill-stage\/3","uri":"https:\/\/data.oireachtas.ie\/ie\/oireachtas\/bill\/2024\/28\/stage\/dail\/3"}},{"event":{"chamber":{"chamberCode":"dail","showAs":"D\u00e1il \u00c9ireann","uri":"https:\/\/data.oireachtas.ie\/ie\/oireachtas\/def\/house\/dail"},"dates":[{"date":"2025-05-27"},{"date":"2025-05-27"},{"date":"2025-05-27"}],"house":{"chamberCode":"dail","chamberType":"house","houseCode":"dail","houseNo":"34","showAs":"34th D\u00e1il","uri":"https:\/\/data.oireachtas.ie\/ie\/oireachtas\/house\/dail\/34"},"progressStage":4,"showAs":"Report Stage","stageCompleted":true,"stageOutcome":null,"stageURI":"https:\/\/data.oireachtas.ie\/ie\/oireachtas\/def\/bill-stage\/4","uri":"https:\/\/data.oireachtas.ie\/ie\/oireachtas\/bill\/2024\/28\/stage\/dail\/4"}},{"event":{"chamber":{"chamberCode":"dail","showAs":"D\u00e1il \u00c9ireann","uri":"https:\/\/data.oireachtas.ie\/ie\/oireachtas\/def\/house\/dail"},"dates":[{"date":"2025-05-27"}],"house":{"chamberCode":"dail","chamberType":"house","houseCode":"dail","houseNo":"34","showAs":"34th D\u00e1il","uri":"https:\/\/data.oireachtas.ie\/ie\/oireachtas\/house\/dail\/34"},"progressStage":5,"showAs":"Fifth Stage","stageCompleted":true,"stageOutcome":null,"stageURI":"https:\/\/data.oireachtas.ie\/ie\/oireachtas\/def\/bill-stage\/5","uri":"https:\/\/data.oireachtas.ie\/ie\/oireachtas\/bill\/2024\/28\/stage\/dail\/5"}},{"event":{"chamber":{"chamberCode":"seanad","showAs":"Seanad \u00c9ireann","uri":"https:\/\/data.oireachtas.ie\/ie\/oireachtas\/def\/house\/seanad"},"dates":[{"date":"2025-05-28"}],"house":{"chamberCode":"seanad","chamberType":"house","houseCode":"seanad","houseNo":"27","showAs":"27th Seanad","uri":"https:\/\/data.oireachtas.ie\/ie\/oireachtas\/house\/seanad\/27"},"progressStage":6,"showAs":"Second Stage","stageCompleted":true,"stageOutcome":null,"stageURI":"https:\/\/data.oireachtas.ie\/ie\/oireachtas\/def\/bill-stage\/2","uri":"https:\/\/data.oireachtas.ie\/ie\/oireachtas\/bill\/2024\/28\/stage\/seanad\/2"}},{"event":{"chamber":{"chamberCode":"seanad","showAs":"Seanad \u00c9ireann","uri":"https:\/\/data.oireachtas.ie\/ie\/oireachtas\/def\/house\/seanad"},"dates":[{"date":"2025-06-11"}],"house":{"chamberCode":"seanad","chamberType":"house","houseCode":"seanad","houseNo":"27","showAs":"27th Seanad","uri":"https:\/\/data.oireachtas.ie\/ie\/oireachtas\/house\/seanad\/27"},"progressStage":7,"showAs":"Committee Stage","stageCompleted":true,"stageOutcome":null,"stageURI":"https:\/\/data.oireachtas.ie\/ie\/oireachtas\/def\/bill-stage\/3","uri":"https:\/\/data.oireachtas.ie\/ie\/oireachtas\/bill\/2024\/28\/stage\/seanad\/3"}},{"event":{"chamber":{"chamberCode":"seanad","showAs":"Seanad \u00c9ireann","uri":"https:\/\/data.oireachtas.ie\/ie\/oireachtas\/def\/house\/seanad"},"dates":[{"date":"2025-06-19"},{"date":"2025-06-19"}],"house":{"chamberCode":"seanad","chamberType":"house","houseCode":"seanad","houseNo":"27","showAs":"27th Seanad","uri":"https:\/\/data.oireachtas.ie\/ie\/oireachtas\/house\/seanad\/27"},"progressStage":8,"showAs":"Report Stage","stageCompleted":true,"stageOutcome":null,"stageURI":"https:\/\/data.oireachtas.ie\/ie\/oireachtas\/def\/bill-stage\/4","uri":"https:\/\/data.oireachtas.ie\/ie\/oireachtas\/bill\/2024\/28\/stage\/seanad\/4"}},{"event":{"chamber":{"chamberCode":"seanad","showAs":"Seanad \u00c9ireann","uri":"https:\/\/data.oireachtas.ie\/ie\/oireachtas\/def\/house\/seanad"},"dates":[{"date":"2025-07-01"}],"house":{"chamberCode":"seanad","chamberType":"house","houseCode":"seanad","houseNo":"27","showAs":"27th Seanad","uri":"https:\/\/data.oireachtas.ie\/ie\/oireachtas\/house\/seanad\/27"},"progressStage":9,"showAs":"Fifth Stage","stageCompleted":true,"stageOutcome":null,"stageURI":"https:\/\/data.oireachtas.ie\/ie\/oireachtas\/def\/bill-stage\/5","uri":"https:\/\/data.oireachtas.ie\/ie\/oireachtas\/bill\/2024\/28\/stage\/seanad\/5"}},{"event":{"chamber":{"chamberCode":"dail","showAs":"D\u00e1il \u00c9ireann","uri":"https:\/\/data.oireachtas.ie\/ie\/oireachtas\/def\/house\/dail"},"dates":[{"date":"2025-07-09"}],"house":{"chamberCode":"dail","chamberType":"house","houseCode":"dail","houseNo":"34","showAs":"34th D\u00e1il","uri":"https:\/\/data.oireachtas.ie\/ie\/oireachtas\/house\/dail\/34"},"progressStage":10,"showAs":"Cream List","stageCompleted":true,"stageOutcome":null,"stageURI":"https:\/\/data.oireachtas.ie\/ie\/oireachtas\/def\/bill-stage\/6","uri":"https:\/\/data.oireachtas.ie\/ie\/oireachtas\/bill\/2024\/28\/stage\/dail\/6"}},{"event":{"chamber":null,"dates":[{"date":"2025-07-15"}],"house":null,"progressStage":11,"showAs":"Enacted","stageCompleted":true,"stageOutcome":"Enacted","stageURI":"https:\/\/data.oireachtas.ie\/ie\/oireachtas\/def\/bill-stage\/enacted","uri":"https:\/\/data.oireachtas.ie\/ie\/oireachtas\/bill\/2024\/28\/stage\/oireachtas\/enacted"}}],"status":"Enacted","statusURI":"https:\/\/data.oireachtas.ie\/ie\/oireachtas\/def\/bill-status\/enacted","uri":"https:\/\/data.oireachtas.ie\/ie\/oireachtas\/bill\/2024\/28","versions":[{"version":{"date":"2025-07-15","docType":"act","formats":{"pdf":{"uri":"https:\/\/data.oireachtas.ie\/ie\/oireachtas\/act\/2025\/7\/eng\/enacted\/a0725.pdf"},"xml":null},"lang":"eng","showAs":"Supports for Survivors of Residential Institutional Abuse Act 2025","uri":"https:\/\/data.oireachtas.ie\/ie\/oireachtas\/act\/2025\/7\/eng\/enacted"}},{"version":{"date":"2025-05-28","docType":"bill","formats":{"pdf":{"uri":"https:\/\/data.oireachtas.ie\/ie\/oireachtas\/bill\/2024\/28\/eng\/ver_a\/b28a24d.pdf"},"xml":null},"lang":"eng","showAs":"As passed by D\u00e1il \u00c9ireann","uri":"https:\/\/data.oireachtas.ie\/ie\/oireachtas\/bill\/2024\/28\/eng\/ver_a"}},{"version":{"date":"2024-04-22","docType":"bill","formats":{"pdf":{"uri":"https:\/\/data.oireachtas.ie\/ie\/oireachtas\/bill\/2024\/28\/eng\/initiated\/b2824d.pdf"},"xml":null},"lang":"eng","showAs":"As Initiated","uri":"https:\/\/data.oireachtas.ie\/ie\/oireachtas\/bill\/2024\/28\/eng\/initiated"}}]},"billSort":{"actNoSort":7,"actShortTitleEnSort":"supports-for-survivors-of-residential-institutional-abuse-act-2025","actShortTitleGaSort":"an-tacht-um-thacai-do-mharthanoiri-drochusaide-i-bhforais-chonaithe-2025","actYearSort":2025,"billNoSort":28,"billShortTitleEnSort":"supports-for-survivors-of-residential-institutional-abuse-bill-2024","billShortTitleGaSort":"an-bille-um-thacai-do-mharthanoiri-drochusaide-i-bhforais-chonaithe-2024","billYearSort":2024},"contextDate":"2025-07-15"},{"bill":{"act":null,"amendmentLists":[],"billNo":"27","billType":"Public","billTypeURI":"https:\/\/data.oireachtas.ie\/ie\/oireachtas\/def\/bill-type\/public","billYear":"2024","debates":[{"chamber":{"showAs":"Seanad \u00c9ireann","uri":"https:\/\/data.oireachtas.ie\/ie\/oireachtas\/def\/house\/seanad"},"date":"2024-04-17","debateSectionId":"dbsect_17","showAs":"Copyright and Related Rights (Amendment) (Web Archive) Bill 2024: First Stage","uri":"https:\/\/data.oireachtas.ie\/akn\/ie\/debateRecord\/seanad\/2024-04-17\/debate\/main"}],"events":[{"event":{"chamber":{"chamberCode":"seanad","showAs":"Seanad \u00c9ireann","uri":"https:\/\/data.oireachtas.ie\/ie\/oireachtas\/def\/house\/seanad"},"dates":[{"date":"2024-04-08"},{"date":"2024-04-17"}],"eventURI":"https:\/\/data.oireachtas.ie\/ie\/oireachtas\/def\/bill-event\/admissibility-for-introduction","showAs":"Admissibility for Introduction","uri":"https:\/\/data.oireachtas.ie\/ie\/oireachtas\/bill\/2024\/27\/admissibility-for-introduction"}},{"event":{"chamber":{"chamberCode":"seanad","showAs":"Seanad \u00c9ireann","uri":"https:\/\/data.oireachtas.ie\/ie\/oireachtas\/def\/house\/seanad"},"dates":[{"date":"2025-01-29"}],"eventURI":"https:\/\/data.oireachtas.ie\/ie\/oireachtas\/def\/bill-event\/bill-lapsed","showAs":"Bill Lapsed","uri":"https:\/\/data.oireachtas.ie\/ie\/oireachtas\/bill\/2024\/27\/bill-lapsed"}}],"lastUpdated":"2025-01-30T11:17:37.160000+00:00","longTitleEn":"<p>Bill entitled an Act to amend the Copyright and Related Rights Act 2000 to ensure that the online, digital output of the nation is collected and preserved so that citizens and researchers, within the country and abroad, are guaranteed permanent access to the intellectual and cultural memory of the nation.<\/p>\n","longTitleGa":"<p>Bille d\u00e1 ngairtear Acht do leas\u00fa an Achta C\u00f3ipchirt agus Ceart Gaolmhar, 2000 chun a chinnti\u00fa go nd\u00e9anfar an t-aschur digiteach de chuid an n\u00e1isi\u00fain at\u00e1 ar l\u00edne a bhaili\u00fa agus a chaomhn\u00fa ionas go r\u00e1th\u00f3far rochtain bhuan do shaor\u00e1naigh agus do thaighdeoir\u00ed, laistigh den t\u00edr agus thar lear, ar chuimhne intleacht\u00fail agus chult\u00fartha an n\u00e1isi\u00fain.<\/p>\n","method":"Introduced","methodURI":"https:\/\/data.oireachtas.ie\/ie\/oireachtas\/def\/bill-method\/introduced","mostRecentStage":{"event":{"chamber":{"chamberCode":"seanad","showAs":"Seanad \u00c9ireann","uri":"https:\/\/data.oireachtas.ie\/ie\/oireachtas\/def\/house\/seanad"},"dates":[{"date":"2024-04-08"},{"date":"2024-04-17"},{"date":"2024-04-17"}],"house":{"chamberCode":"seanad","chamberType":"house","houseCode":"seanad","houseNo":"26","showAs":"26th Seanad","uri":"https:\/\/data.oireachtas.ie\/ie\/oireachtas\/house\/seanad\/26"},"progressStage":1,"showAs":"First Stage","stageCompleted":true,"stageOutcome":null,"stageURI":"https:\/\/data.oireachtas.ie\/ie\/oireachtas\/def\/bill-stage\/1","uri":"https:\/\/data.oireachtas.ie\/ie\/oireachtas\/bill\/2024\/27\/stage\/seanad\/1"}},"originHouse":{"showAs":"Seanad \u00c9ireann","uri":"https:\/\/data.oireachtas.ie\/ie\/oireachtas\/def\/house\/seanad"},"originHouseURI":"https:\/\/data.oireachtas.ie\/ie\/oireachtas\/def\/house\/seanad","relatedDocs":[],"shortTitleEn":"Copyright and Related Rights (Amendment) (Web Archive) Bill 2024","shortTitleGa":"An Bille C\u00f3ipchirt agus Ceart Gaolmhar (Leas\u00fa) (Cartlann Ghr\u00e9as\u00e1in), 2024","source":"Private Member","sourceURI":"https:\/\/data.oireachtas.ie\/ie\/oireachtas\/def\/bill-source\/private-member","sponsors":[{"sponsor":{"as":{"showAs":null,"uri":null},"by":{"showAs":"Lynn Boylan","uri":"https:\/\/data.oireachtas.ie\/ie\/oireachtas\/member\/id\/Lynn-Boylan.S.2020-03-30"},"isPrimary":false}},{"sponsor":{"as":{"showAs":null,"uri":null},"by":{"showAs":"Paul Gavan","uri":"https:\/\/data.oireachtas.ie\/ie\/oireachtas\/member\/id\/Paul-Gavan.S.2016-04-25"},"isPrimary":false}},{"sponsor":{"as":{"showAs":null,"uri":null},"by":{"showAs":"Fintan Warfield","uri":"https:\/\/data.oireachtas.ie\/ie\/oireachtas\/member\/id\/Fintan-Warfield.S.2016-04-25"},"isPrimary":true}}],"stages":[{"event":{"chamber":{"chamberCode":"seanad","showAs":"Seanad \u00c9ireann","uri":"https:\/\/data.oireachtas.ie\/ie\/oireachtas\/def\/house\/seanad"},"dates":[{"date":"2024-04-08"},{"date":"2024-04-17"},{"date":"2024-04-17"}],"house":{"chamberCode":"seanad","chamberType":"house","houseCode":"seanad","houseNo":"26","showAs":"26th Seanad","uri":"https:\/\/data.oireachtas.ie\/ie\/oireachtas\/house\/seanad\/26"},"progressStage":1,"showAs":"First Stage","stageCompleted":true,"stageOutcome":null,"stageURI":"https:\/\/data.oireachtas.ie\/ie\/oireachtas\/def\/bill-stage\/1","uri":"https:\/\/data.oireachtas.ie\/ie\/oireachtas\/bill\/2024\/27\/stage\/seanad\/1"}}],"status":"Lapsed","statusURI":"https:\/\/data.oireachtas.ie\/ie\/oireachtas\/def\/bill-status\/lapsed","uri":"https:\/\/data.oireachtas.ie\/ie\/oireachtas\/bill\/2024\/27","versions":[{"version":{"date":"2024-04-17","docType":"bill","formats":{"pdf":{"uri":"https:\/\/data.oireachtas.ie\/ie\/oireachtas\/bill\/2024\/27\/eng\/initiated\/b2724s.pdf"},"xml":null},"lang":"eng","showAs":"As Initiated","uri":"https:\/\/data.oireachtas.ie\/ie\/oireachtas\/bill\/2024\/27\/eng\/initiated"}}]},"billSort":{"actNoSort":null,"actShortTitleEnSort":null,"actShortTitleGaSort":null,"actYearSort":null,"billNoSort":27,"billShortTitleEnSort":"copyright-and-related-rights-amendment-web-archive-bill-2024","billShortTitleGaSort":"an-bille-coipchirt-agus-ceart-gaolmhar-leasu-cartlann-ghreasain-2024","billYearSort":2024},"contextDate":"2024-04-17"},{"bill":{"act":null,"amendmentLists":[],"billNo":"25","billType":"Public","billTypeURI":"https:\/\/data.oireachtas.ie\/ie\/oireachtas\/def\/bill-type\/public","billYear":"2024","debates":[{"chamber":{"showAs":"D\u00e1il \u00c9ireann","uri":"https:\/\/data.oireachtas.ie\/ie\/oireachtas\/def\/house\/dail"},"date":"2026-02-25","debateSectionId":"dbsect_41","showAs":"Commission on the Future of the Family Farm Bill 2024: Second Stage (Resumed) [Private Members]","uri":"https:\/\/data.oireachtas.ie\/akn\/ie\/debateRecord\/dail\/2026-02-25\/debate\/main"},{"chamber":{"showAs":"D\u00e1il \u00c9ireann","uri":"https:\/\/data.oireachtas.ie\/ie\/oireachtas\/def\/house\/dail"},"date":"2026-02-19","debateSectionId":"dbsect_44","showAs":"Commission on the Future of the Family Farm Bill 2024: Second Stage [Private Members]","uri":"https:\/\/data.oireachtas.ie\/akn\/ie\/debateRecord\/dail\/2026-02-19\/debate\/main"},{"chamber":{"showAs":"D\u00e1il \u00c9ireann","uri":"https:\/\/data.oireachtas.ie\/ie\/oireachtas\/def\/house\/dail"},"date":"2024-04-16","debateSectionId":"dbsect_10","showAs":"Commission on the Future of the Family Farm Bill 2024: First Stage","uri":"https:\/\/data.oireachtas.ie\/akn\/ie\/debateRecord\/dail\/2024-04-16\/debate\/main"}],"events":[{"event":{"chamber":{"chamberCode":"dail","showAs":"D\u00e1il \u00c9ireann","uri":"https:\/\/data.oireachtas.ie\/ie\/oireachtas\/def\/house\/dail"},"dates":[{"date":"2023-05-18"},{"date":"2024-03-07"},{"date":"2024-04-13"},{"date":"2024-04-16"},{"date":"2025-05-01"},{"date":"2026-02-25"}],"eventURI":"https:\/\/data.oireachtas.ie\/ie\/oireachtas\/def\/bill-event\/admissibility-for-introduction","showAs":"Admissibility for Introduction","uri":"https:\/\/data.oireachtas.ie\/ie\/oireachtas\/bill\/2024\/25\/admissibility-for-introduction"}},{"event":{"chamber":{"chamberCode":"dail","showAs":"D\u00e1il \u00c9ireann","uri":"https:\/\/data.oireachtas.ie\/ie\/oireachtas\/def\/house\/dail"},"dates":[{"date":"2024-11-08"}],"eventURI":"https:\/\/data.oireachtas.ie\/ie\/oireachtas\/def\/bill-event\/bill-lapsed","showAs":"Bill Lapsed","uri":"https:\/\/data.oireachtas.ie\/ie\/oireachtas\/bill\/2024\/25\/bill-lapsed"}}],"lastUpdated":"2026-02-26T15:08:54.200000+00:00","longTitleEn":"<p>Bill entitled an Act to establish a body to be known, in the Irish language, as <em>An Coimisi\u00fan um Thodhcha\u00ed na Feirme Teaghlaigh<\/em> or, in the English language, as the Commission on the Future of the Family Farm; to define its functions; and to provide for matters connected therewith.<\/p>\n","longTitleGa":"<p>Bille d\u00e1 ngairtear Acht do bhun\u00fa comhlacht ar a dtabharfar, sa Ghaeilge, An Coimisi\u00fan um Thodhcha\u00ed na Feirme Teaghlaigh n\u00f3, sa Bh\u00e9arla, <em>the Commission on the Future of the Family Farm<\/em>; do mh\u00edni\u00fa a fheidhmeanna; agus do dh\u00e9anamh socr\u00fa i dtaobh nithe a bhaineann leis an m\u00e9id sin.<\/p>\n","method":"Introduced","methodURI":"https:\/\/data.oireachtas.ie\/ie\/oireachtas\/def\/bill-method\/introduced","mostRecentStage":{"event":{"chamber":{"chamberCode":"dail","showAs":"D\u00e1il \u00c9ireann","uri":"https:\/\/data.oireachtas.ie\/ie\/oireachtas\/def\/house\/dail"},"dates":[{"date":"2023-05-18"},{"date":"2024-03-07"},{"date":"2024-04-13"},{"date":"2024-04-16"},{"date":"2024-04-16"}],"house":{"chamberCode":"dail","chamberType":"house","houseCode":"dail","houseNo":"33","showAs":"33rd D\u00e1il","uri":"https:\/\/data.oireachtas.ie\/ie\/oireachtas\/house\/dail\/33"},"progressStage":1,"showAs":"First Stage","stageCompleted":true,"stageOutcome":null,"stageURI":"https:\/\/data.oireachtas.ie\/ie\/oireachtas\/def\/bill-stage\/1","uri":"https:\/\/data.oireachtas.ie\/ie\/oireachtas\/bill\/2024\/25\/stage\/dail\/1"}},"originHouse":{"showAs":"D\u00e1il \u00c9ireann","uri":"https:\/\/data.oireachtas.ie\/ie\/oireachtas\/def\/house\/dail"},"originHouseURI":"https:\/\/data.oireachtas.ie\/ie\/oireachtas\/def\/house\/dail","relatedDocs":[{"relatedDoc":{"date":"2024-04-16","docType":"memo","formats":{"pdf":{"uri":"https:\/\/data.oireachtas.ie\/ie\/oireachtas\/bill\/2024\/25\/eng\/memo\/b2524d-memo.pdf"},"xml":null},"lang":"eng","showAs":"Explanatory Memorandum","uri":"https:\/\/data.oireachtas.ie\/ie\/oireachtas\/bill\/2024\/25\/eng\/memo"}}],"shortTitleEn":"Commission on the Future of the Family Farm Bill 2024","shortTitleGa":"An Bille f\u00e1n gCoimisi\u00fan um Thodhcha\u00ed na Feirme Teaghlaigh, 2024","source":"Private Member","sourceURI":"https:\/\/data.oireachtas.ie\/ie\/oireachtas\/def\/bill-source\/private-member","sponsors":[{"sponsor":{"isPrimary":false,"as":{"showAs":null,"uri":null},"by":{"showAs":"Claire Kerrane","uri":"https:\/\/data.oireachtas.ie\/ie\/oireachtas\/member\/id\/Claire-Kerrane.D.2020-02-08"}}},{"sponsor":{"isPrimary":true,"as":{"showAs":null,"uri":null},"by":{"showAs":"Matt Carthy","uri":"https:\/\/data.oireachtas.ie\/ie\/oireachtas\/member\/id\/Matt-Carthy.D.2020-02-08"}}}],"stages":[{"event":{"chamber":{"chamberCode":"dail","showAs":"D\u00e1il \u00c9ireann","uri":"https:\/\/data.oireachtas.ie\/ie\/oireachtas\/def\/house\/dail"},"dates":[{"date":"2023-05-18"},{"date":"2024-03-07"},{"date":"2024-04-13"},{"date":"2024-04-16"},{"date":"2024-04-16"}],"house":{"chamberCode":"dail","chamberType":"house","houseCode":"dail","houseNo":"33","showAs":"33rd D\u00e1il","uri":"https:\/\/data.oireachtas.ie\/ie\/oireachtas\/house\/dail\/33"},"progressStage":1,"showAs":"First Stage","stageCompleted":true,"stageOutcome":null,"stageURI":"https:\/\/data.oireachtas.ie\/ie\/oireachtas\/def\/bill-stage\/1","uri":"https:\/\/data.oireachtas.ie\/ie\/oireachtas\/bill\/2024\/25\/stage\/dail\/1"}}],"status":"Defeated","statusURI":"https:\/\/data.oireachtas.ie\/ie\/oireachtas\/def\/bill-status\/defeated","uri":"https:\/\/data.oireachtas.ie\/ie\/oireachtas\/bill\/2024\/25","versions":[{"version":{"lang":"eng","docType":"bill","showAs":"As Initiated","date":"2024-04-16","formats":{"pdf":{"uri":"https:\/\/data.oireachtas.ie\/ie\/oireachtas\/bill\/2024\/25\/eng\/initiated\/b2524d.pdf"},"xml":null},"uri":"https:\/\/data.oireachtas.ie\/ie\/oireachtas\/bill\/2024\/25\/eng\/initiated"}}]},"contextDate":"2024-04-16","billSort":{"actNoSort":null,"actShortTitleEnSort":null,"actShortTitleGaSort":null,"actYearSort":null,"billNoSort":25,"billShortTitleEnSort":"commission-on-the-future-of-the-family-farm-bill-2024","billShortTitleGaSort":"an-bille-fan-gcoimisiun-um-thodhchai-na-feirme-teaghlaigh-2024","billYearSort":2024}},{"bill":{"act":null,"amendmentLists":[],"billNo":"23","billType":"Public","billTypeURI":"https:\/\/data.oireachtas.ie\/ie\/oireachtas\/def\/bill-type\/public","billYear":"2024","debates":[{"chamber":{"showAs":"Seanad \u00c9ireann","uri":"https:\/\/data.oireachtas.ie\/ie\/oireachtas\/def\/house\/seanad"},"date":"2024-04-11","debateSectionId":"dbsect_12","showAs":"Safety, Health and Welfare at Work (Formaldehyde) Bill 2024: First Stage","uri":"https:\/\/data.oireachtas.ie\/akn\/ie\/debateRecord\/seanad\/2024-04-11\/debate\/main"}],"events":[{"event":{"chamber":{"chamberCode":"seanad","showAs":"Seanad \u00c9ireann","uri":"https:\/\/data.oireachtas.ie\/ie\/oireachtas\/def\/house\/seanad"},"dates":[{"date":"2024-04-08"},{"date":"2024-04-11"}],"eventURI":"https:\/\/data.oireachtas.ie\/ie\/oireachtas\/def\/bill-event\/admissibility-for-introduction","showAs":"Admissibility for Introduction","uri":"https:\/\/data.oireachtas.ie\/ie\/oireachtas\/bill\/2024\/23\/admissibility-for-introduction"}},{"event":{"chamber":{"chamberCode":"seanad","showAs":"Seanad \u00c9ireann","uri":"https:\/\/data.oireachtas.ie\/ie\/oireachtas\/def\/house\/seanad"},"dates":[{"date":"2025-01-29"}],"eventURI":"https:\/\/data.oireachtas.ie\/ie\/oireachtas\/def\/bill-event\/bill-lapsed","showAs":"Bill Lapsed","uri":"https:\/\/data.oireachtas.ie\/ie\/oireachtas\/bill\/2024\/23\/bill-lapsed"}}],"lastUpdated":"2025-01-30T11:17:37.160000+00:00","longTitleEn":"<p>Bill entitled an Act to amend the Safety, Health and Welfare at Work Act 2005 to require the Health and Safety Authority to prepare and publish a code of practice under section 60 of that Act in respect of the safe use and disposal of formaldehyde, with particular reference to the embalming process; and to provide for related matters.<\/p>\n","longTitleGa":"<p>Bille d\u00e1 ngairtear Acht do leas\u00fa an Achta um Sh\u00e1bh\u00e1ilteacht, Sl\u00e1inte agus Leas ag an Obair, 2005 chun a cheangal ar an \u00dadar\u00e1s Sl\u00e1inte agus S\u00e1bh\u00e1ilteachta c\u00f3d cleachtais a ullmh\u00fa agus a fhoilsi\u00fa faoi alt 60 den Acht sin maidir le h\u00fas\u00e1id sh\u00e1bh\u00e1ilte agus di\u00fascairt sh\u00e1bh\u00e1ilte formaild\u00e9id, ag tagairt go h\u00e1irithe do phr\u00f3iseas an bhalsamaithe; agus do dh\u00e9anamh socr\u00fa i dtaobh nithe gaolmhara.<\/p>\n","method":"Introduced","methodURI":"https:\/\/data.oireachtas.ie\/ie\/oireachtas\/def\/bill-method\/introduced","mostRecentStage":{"event":{"chamber":{"chamberCode":"seanad","showAs":"Seanad \u00c9ireann","uri":"https:\/\/data.oireachtas.ie\/ie\/oireachtas\/def\/house\/seanad"},"dates":[{"date":"2024-04-08"},{"date":"2024-04-11"},{"date":"2024-04-11"}],"house":{"chamberCode":"seanad","chamberType":"house","houseCode":"seanad","houseNo":"26","showAs":"26th Seanad","uri":"https:\/\/data.oireachtas.ie\/ie\/oireachtas\/house\/seanad\/26"},"progressStage":1,"showAs":"First Stage","stageCompleted":true,"stageOutcome":null,"stageURI":"https:\/\/data.oireachtas.ie\/ie\/oireachtas\/def\/bill-stage\/1","uri":"https:\/\/data.oireachtas.ie\/ie\/oireachtas\/bill\/2024\/23\/stage\/seanad\/1"}},"originHouse":{"showAs":"Seanad \u00c9ireann","uri":"https:\/\/data.oireachtas.ie\/ie\/oireachtas\/def\/house\/seanad"},"originHouseURI":"https:\/\/data.oireachtas.ie\/ie\/oireachtas\/def\/house\/seanad","relatedDocs":[],"shortTitleEn":"Safety, Health and Welfare at Work (Formaldehyde) Bill 2024","shortTitleGa":"An Bille um Sh\u00e1bh\u00e1ilteacht, Sl\u00e1inte agus Leas ag an Obair (Formaild\u00e9ad), 2024","source":"Private Member","sourceURI":"https:\/\/data.oireachtas.ie\/ie\/oireachtas\/def\/bill-source\/private-member","sponsors":[{"sponsor":{"as":{"showAs":null,"uri":null},"by":{"showAs":"Vincent P. Martin","uri":"https:\/\/data.oireachtas.ie\/ie\/oireachtas\/member\/id\/Vincent-P-Martin.S.2020-06-29"},"isPrimary":true}},{"sponsor":{"as":{"showAs":null,"uri":null},"by":{"showAs":"Malachai O'Hara","uri":"https:\/\/data.oireachtas.ie\/ie\/oireachtas\/member\/id\/Malachai-O'Hara.S.2024-04-08"},"isPrimary":false}},{"sponsor":{"as":{"showAs":null,"uri":null},"by":{"showAs":"Victor Boyhan","uri":"https:\/\/data.oireachtas.ie\/ie\/oireachtas\/member\/id\/Victor-Boyhan.S.2016-04-25"},"isPrimary":false}},{"sponsor":{"as":{"showAs":null,"uri":null},"by":{"showAs":"R\u00f3is\u00edn Garvey","uri":"https:\/\/data.oireachtas.ie\/ie\/oireachtas\/member\/id\/R\u00f3is\u00edn-Garvey.S.2020-06-29"},"isPrimary":false}},{"sponsor":{"as":{"showAs":null,"uri":null},"by":{"showAs":"Pauline O'Reilly","uri":"https:\/\/data.oireachtas.ie\/ie\/oireachtas\/member\/id\/Pauline-O'Reilly.S.2020-03-30"},"isPrimary":false}},{"sponsor":{"as":{"showAs":null,"uri":null},"by":{"showAs":"Tom Clonan","uri":"https:\/\/data.oireachtas.ie\/ie\/oireachtas\/member\/id\/Tom-Clonan.S.2022-04-04"},"isPrimary":false}},{"sponsor":{"as":{"showAs":null,"uri":null},"by":{"showAs":"Gerard P. Craughwell","uri":"https:\/\/data.oireachtas.ie\/ie\/oireachtas\/member\/id\/Gerard-P-Craughwell.S.2014-10-10"},"isPrimary":false}},{"sponsor":{"as":{"showAs":null,"uri":null},"by":{"showAs":"Sharon Keogan","uri":"https:\/\/data.oireachtas.ie\/ie\/oireachtas\/member\/id\/Sharon-Keogan.S.2020-03-30"},"isPrimary":false}}],"stages":[{"event":{"chamber":{"chamberCode":"seanad","showAs":"Seanad \u00c9ireann","uri":"https:\/\/data.oireachtas.ie\/ie\/oireachtas\/def\/house\/seanad"},"dates":[{"date":"2024-04-08"},{"date":"2024-04-11"},{"date":"2024-04-11"}],"house":{"chamberCode":"seanad","chamberType":"house","houseCode":"seanad","houseNo":"26","showAs":"26th Seanad","uri":"https:\/\/data.oireachtas.ie\/ie\/oireachtas\/house\/seanad\/26"},"progressStage":1,"showAs":"First Stage","stageCompleted":true,"stageOutcome":null,"stageURI":"https:\/\/data.oireachtas.ie\/ie\/oireachtas\/def\/bill-stage\/1","uri":"https:\/\/data.oireachtas.ie\/ie\/oireachtas\/bill\/2024\/23\/stage\/seanad\/1"}}],"status":"Lapsed","statusURI":"https:\/\/data.oireachtas.ie\/ie\/oireachtas\/def\/bill-status\/lapsed","uri":"https:\/\/data.oireachtas.ie\/ie\/oireachtas\/bill\/2024\/23","versions":[{"version":{"date":"2024-04-11","docType":"bill","formats":{"pdf":{"uri":"https:\/\/data.oireachtas.ie\/ie\/oireachtas\/bill\/2024\/23\/eng\/initiated\/b2324s.pdf"},"xml":null},"lang":"eng","showAs":"As Initiated","uri":"https:\/\/data.oireachtas.ie\/ie\/oireachtas\/bill\/2024\/23\/eng\/initiated"}}]},"billSort":{"actNoSort":null,"actShortTitleEnSort":null,"actShortTitleGaSort":null,"actYearSort":null,"billNoSort":23,"billShortTitleEnSort":"safety-health-and-welfare-at-work-formaldehyde-bill-2024","billShortTitleGaSort":"an-bille-um-shabhailteacht-slainte-agus-leas-ag-an-obair-formaildead-2024","billYearSort":2024},"contextDate":"2024-04-11"},{"bill":{"act":null,"amendmentLists":[],"billNo":"19","billType":"Public","billTypeURI":"https:\/\/data.oireachtas.ie\/ie\/oireachtas\/def\/bill-type\/public","billYear":"2024","debates":[{"chamber":{"showAs":"Seanad \u00c9ireann","uri":"https:\/\/data.oireachtas.ie\/ie\/oireachtas\/def\/house\/seanad"},"date":"2024-06-11","debateSectionId":"dbsect_11","showAs":"Control of Dogs (Miscellaneous Provisions) Bill 2024: Second Stage","uri":"https:\/\/data.oireachtas.ie\/akn\/ie\/debateRecord\/seanad\/2024-06-11\/debate\/main"},{"chamber":{"showAs":"Seanad \u00c9ireann","uri":"https:\/\/data.oireachtas.ie\/ie\/oireachtas\/def\/house\/seanad"},"date":"2024-03-20","debateSectionId":"dbsect_11","showAs":"Control of Dogs (Miscellaneous Provisions) Bill 2024: First Stage","uri":"https:\/\/data.oireachtas.ie\/akn\/ie\/debateRecord\/seanad\/2024-03-20\/debate\/main"}],"events":[{"event":{"chamber":{"chamberCode":"seanad","showAs":"Seanad \u00c9ireann","uri":"https:\/\/data.oireachtas.ie\/ie\/oireachtas\/def\/house\/seanad"},"dates":[{"date":"2024-02-26"},{"date":"2024-03-20"},{"date":"2025-03-27"}],"eventURI":"https:\/\/data.oireachtas.ie\/ie\/oireachtas\/def\/bill-event\/admissibility-for-introduction","showAs":"Admissibility for Introduction","uri":"https:\/\/data.oireachtas.ie\/ie\/oireachtas\/bill\/2024\/19\/admissibility-for-introduction"}},{"event":{"chamber":{"chamberCode":"seanad","showAs":"Seanad \u00c9ireann","uri":"https:\/\/data.oireachtas.ie\/ie\/oireachtas\/def\/house\/seanad"},"dates":[{"date":"2025-01-29"}],"eventURI":"https:\/\/data.oireachtas.ie\/ie\/oireachtas\/def\/bill-event\/bill-lapsed","showAs":"Bill Lapsed","uri":"https:\/\/data.oireachtas.ie\/ie\/oireachtas\/bill\/2024\/19\/bill-lapsed"}}],"lastUpdated":"2025-03-28T10:58:11.950000+00:00","longTitleEn":"<p>Bill entitled an Act to amend and extend the Control of Dogs Act 1986, and for that purpose, to provide for dog control notices, to provide for notices relating to the exclusion of dogs from certain premises, to amend the Control of Dogs (Dog Licensing Database) Regulations 2019 so as to provide for the mandatory maintenance of a dog licensing database, to amend the Local Government Act 2001 to provide for public places where dogs can be off leash and to provide for related matters.<\/p>\n","longTitleGa":"<p>Bille d\u00e1 ngairtear Acht do leas\u00fa agus do leathn\u00fa an Achta um Rial\u00fa Madra\u00ed, 1986 agus, chun na cr\u00edche sin, do dh\u00e9anamh socr\u00fa maidir le f\u00f3gra\u00ed um rial\u00fa madra\u00ed, do dh\u00e9anamh socr\u00fa maidir le f\u00f3gra\u00ed i nd\u00e1il le madra\u00ed a eisiamh \u00f3 \u00e1itribh \u00e1irithe, do leas\u00fa na Rialach\u00e1n um Rial\u00fa Madra\u00ed (Bunachar Sonra\u00ed Cead\u00fanaithe Madra\u00ed), 2019 d\u2019fhonn socr\u00fa a dh\u00e9anamh maidir le cothabh\u00e1il shainordaitheach a dh\u00e9anamh ar bhunachar sonra\u00ed cead\u00fanaithe madra\u00ed, do leas\u00fa an Achta Rialtais \u00c1iti\u00fail, 2001 chun socr\u00fa a dh\u00e9anamh maidir le h\u00e1iteanna poibl\u00ed inar f\u00e9idir madra\u00ed a scaoileadh \u00f3n iall agus do dh\u00e9anamh socr\u00fa i dtaobh nithe gaolmhara.<\/p>\n","method":"Introduced","methodURI":"https:\/\/data.oireachtas.ie\/ie\/oireachtas\/def\/bill-method\/introduced","mostRecentStage":{"event":{"chamber":{"chamberCode":"seanad","showAs":"Seanad \u00c9ireann","uri":"https:\/\/data.oireachtas.ie\/ie\/oireachtas\/def\/house\/seanad"},"dates":[{"date":"2025-01-29"},{"date":"2025-03-27"}],"house":{"chamberCode":"seanad","chamberType":"house","houseCode":"seanad","houseNo":"27","showAs":"27th Seanad","uri":"https:\/\/data.oireachtas.ie\/ie\/oireachtas\/house\/seanad\/27"},"progressStage":3,"showAs":"Committee Stage","stageCompleted":false,"stageOutcome":"Current","stageURI":"https:\/\/data.oireachtas.ie\/ie\/oireachtas\/def\/bill-stage\/3","uri":"https:\/\/data.oireachtas.ie\/ie\/oireachtas\/bill\/2024\/19\/stage\/seanad\/3"}},"originHouse":{"showAs":"Seanad \u00c9ireann","uri":"https:\/\/data.oireachtas.ie\/ie\/oireachtas\/def\/house\/seanad"},"originHouseURI":"https:\/\/data.oireachtas.ie\/ie\/oireachtas\/def\/house\/seanad","relatedDocs":[{"relatedDoc":{"date":"2024-03-20","docType":"memo","formats":{"pdf":{"uri":"https:\/\/data.oireachtas.ie\/ie\/oireachtas\/bill\/2024\/19\/eng\/memo\/b1924s-memo.pdf"},"xml":null},"lang":"eng","showAs":"Explanatory Memorandum","uri":"https:\/\/data.oireachtas.ie\/ie\/oireachtas\/bill\/2024\/19\/eng\/memo"}}],"shortTitleEn":"Control of Dogs (Miscellaneous Provisions) Bill 2024","shortTitleGa":"An Bille um Rial\u00fa Madra\u00ed (For\u00e1lacha Ilghn\u00e9itheacha), 2024","source":"Private Member","sourceURI":"https:\/\/data.oireachtas.ie\/ie\/oireachtas\/def\/bill-source\/private-member","sponsors":[{"sponsor":{"as":{"showAs":null,"uri":null},"by":{"showAs":"Erin McGreehan","uri":"https:\/\/data.oireachtas.ie\/ie\/oireachtas\/member\/id\/Erin-McGreehan.S.2020-06-29"},"isPrimary":true}},{"sponsor":{"as":{"showAs":null,"uri":null},"by":{"showAs":"Robbie Gallagher","uri":"https:\/\/data.oireachtas.ie\/ie\/oireachtas\/member\/id\/Robbie-Gallagher.S.2016-04-25"},"isPrimary":false}},{"sponsor":{"as":{"showAs":null,"uri":null},"by":{"showAs":"Eugene Murphy","uri":"https:\/\/data.oireachtas.ie\/ie\/oireachtas\/member\/id\/Eugene-Murphy.D.2016-10-03"},"isPrimary":false}},{"sponsor":{"as":{"showAs":null,"uri":null},"by":{"showAs":"Malcolm Byrne","uri":"https:\/\/data.oireachtas.ie\/ie\/oireachtas\/member\/id\/Malcolm-Byrne.D.2019-11-29"},"isPrimary":false}},{"sponsor":{"as":{"showAs":null,"uri":null},"by":{"showAs":"Diarmuid Wilson","uri":"https:\/\/data.oireachtas.ie\/ie\/oireachtas\/member\/id\/Diarmuid-Wilson.S.2002-09-12"},"isPrimary":false}},{"sponsor":{"as":{"showAs":null,"uri":null},"by":{"showAs":"Miche\u00e1l Carrigy","uri":"https:\/\/data.oireachtas.ie\/ie\/oireachtas\/member\/id\/Miche\u00e1l-Carrigy.S.2020-03-30"},"isPrimary":false}}],"stages":[{"event":{"chamber":{"chamberCode":"seanad","showAs":"Seanad \u00c9ireann","uri":"https:\/\/data.oireachtas.ie\/ie\/oireachtas\/def\/house\/seanad"},"dates":[{"date":"2024-02-26"},{"date":"2024-03-20"},{"date":"2024-03-20"}],"house":{"chamberCode":"seanad","chamberType":"house","houseCode":"seanad","houseNo":"26","showAs":"26th Seanad","uri":"https:\/\/data.oireachtas.ie\/ie\/oireachtas\/house\/seanad\/26"},"progressStage":1,"showAs":"First Stage","stageCompleted":true,"stageOutcome":null,"stageURI":"https:\/\/data.oireachtas.ie\/ie\/oireachtas\/def\/bill-stage\/1","uri":"https:\/\/data.oireachtas.ie\/ie\/oireachtas\/bill\/2024\/19\/stage\/seanad\/1"}},{"event":{"chamber":{"chamberCode":"seanad","showAs":"Seanad \u00c9ireann","uri":"https:\/\/data.oireachtas.ie\/ie\/oireachtas\/def\/house\/seanad"},"dates":[{"date":"2024-06-11"}],"house":{"chamberCode":"seanad","chamberType":"house","houseCode":"seanad","houseNo":"26","showAs":"26th Seanad","uri":"https:\/\/data.oireachtas.ie\/ie\/oireachtas\/house\/seanad\/26"},"progressStage":2,"showAs":"Second Stage","stageCompleted":true,"stageOutcome":null,"stageURI":"https:\/\/data.oireachtas.ie\/ie\/oireachtas\/def\/bill-stage\/2","uri":"https:\/\/data.oireachtas.ie\/ie\/oireachtas\/bill\/2024\/19\/stage\/seanad\/2"}},{"event":{"chamber":{"chamberCode":"seanad","showAs":"Seanad \u00c9ireann","uri":"https:\/\/data.oireachtas.ie\/ie\/oireachtas\/def\/house\/seanad"},"dates":[{"date":"2025-01-29"},{"date":"2025-03-27"}],"house":{"chamberCode":"seanad","chamberType":"house","houseCode":"seanad","houseNo":"27","showAs":"27th Seanad","uri":"https:\/\/data.oireachtas.ie\/ie\/oireachtas\/house\/seanad\/27"},"progressStage":3,"showAs":"Committee Stage","stageCompleted":false,"stageOutcome":"Current","stageURI":"https:\/\/data.oireachtas.ie\/ie\/oireachtas\/def\/bill-stage\/3","uri":"https:\/\/data.oireachtas.ie\/ie\/oireachtas\/bill\/2024\/19\/stage\/seanad\/3"}}],"status":"Current","statusURI":"https:\/\/data.oireachtas.ie\/ie\/oireachtas\/def\/bill-status\/published","uri":"https:\/\/data.oireachtas.ie\/ie\/oireachtas\/bill\/2024\/19","versions":[{"version":{"date":"2024-03-20","docType":"bill","formats":{"pdf":{"uri":"https:\/\/data.oireachtas.ie\/ie\/oireachtas\/bill\/2024\/19\/eng\/initiated\/b1924s.pdf"},"xml":null},"lang":"eng","showAs":"As Initiated","uri":"https:\/\/data.oireachtas.ie\/ie\/oireachtas\/bill\/2024\/19\/eng\/initiated"}}]},"billSort":{"actNoSort":null,"actShortTitleEnSort":null,"actShortTitleGaSort":null,"actYearSort":null,"billNoSort":19,"billShortTitleEnSort":"control-of-dogs-miscellaneous-provisions-bill-2024","billShortTitleGaSort":"an-bille-um-rialu-madrai-foralacha-ilghneitheacha-2024","billYearSort":2024},"contextDate":"2025-03-27"},{"bill":{"act":null,"amendmentLists":[{"amendmentList":{"amendmentTypeUri":{"uri":"https:\/\/data.oireachtas.ie\/ie\/oireachtas\/def\/amendment-type\/creamList"},"chamber":{"showAs":"Seanad","uri":"https:\/\/data.oireachtas.ie\/ie\/oireachtas\/def\/seanad"},"date":"2026-05-12","formats":{"pdf":{"uri":"https:\/\/data.oireachtas.ie\/ie\/oireachtas\/bill\/2024\/18\/seanad\/6\/amendment\/creamList\/eng\/b1824d-cl.pdf"},"xml":null},"showAs":"Cream List [Seanad amendments to D\u00e1il Bill]","stage":{"showAs":"Cream List","uri":"https:\/\/data.oireachtas.ie\/ie\/oireachtas\/bill\/2024\/18\/seanad\/6"},"stageNo":"6"}},{"amendmentList":{"amendmentTypeUri":{"uri":"https:\/\/data.oireachtas.ie\/ie\/oireachtas\/def\/amendment-type\/numberedList"},"chamber":{"showAs":"Seanad","uri":"https:\/\/data.oireachtas.ie\/ie\/oireachtas\/def\/seanad"},"date":"2026-04-21","formats":{"pdf":{"uri":"https:\/\/data.oireachtas.ie\/ie\/oireachtas\/bill\/2024\/18\/seanad\/3\/amendment\/numberedList\/eng\/b1824d-scnl.pdf"},"xml":null},"showAs":"Numbered List [Seanad]","stage":{"showAs":"Committee Stage","uri":"https:\/\/data.oireachtas.ie\/ie\/oireachtas\/bill\/2024\/18\/seanad\/3"},"stageNo":"3"}}],"billNo":"18","billType":"Public","billTypeURI":"https:\/\/data.oireachtas.ie\/ie\/oireachtas\/def\/bill-type\/public","billYear":"2024","debates":[{"chamber":{"showAs":"D\u00e1il \u00c9ireann","uri":"https:\/\/data.oireachtas.ie\/ie\/oireachtas\/def\/house\/dail"},"date":"2026-06-17","debateSectionId":"dbsect_58","showAs":"Microenterprise Loan Fund (Amendment) Bill 2024: From the Seanad","uri":"https:\/\/data.oireachtas.ie\/akn\/ie\/debateRecord\/dail\/2026-06-17\/debate\/main"},{"chamber":{"showAs":"Seanad \u00c9ireann","uri":"https:\/\/data.oireachtas.ie\/ie\/oireachtas\/def\/house\/seanad"},"date":"2026-05-07","debateSectionId":"dbsect_11","showAs":"Microenterprise Loan Fund (Amendment) Bill 2024: Report and Final Stages","uri":"https:\/\/data.oireachtas.ie\/akn\/ie\/debateRecord\/seanad\/2026-05-07\/debate\/main"},{"chamber":{"showAs":"Seanad \u00c9ireann","uri":"https:\/\/data.oireachtas.ie\/ie\/oireachtas\/def\/house\/seanad"},"date":"2026-04-21","debateSectionId":"dbsect_11","showAs":"Microenterprise Loan Fund (Amendment) Bill 2024: Committee Stage","uri":"https:\/\/data.oireachtas.ie\/akn\/ie\/debateRecord\/seanad\/2026-04-21\/debate\/main"},{"chamber":{"showAs":"Seanad \u00c9ireann","uri":"https:\/\/data.oireachtas.ie\/ie\/oireachtas\/def\/house\/seanad"},"date":"2026-04-15","debateSectionId":"dbsect_10","showAs":"Microenterprise Loan Fund (Amendment) Bill 2024: Second Stage","uri":"https:\/\/data.oireachtas.ie\/akn\/ie\/debateRecord\/seanad\/2026-04-15\/debate\/main"},{"chamber":{"showAs":"D\u00e1il \u00c9ireann","uri":"https:\/\/data.oireachtas.ie\/ie\/oireachtas\/def\/house\/dail"},"date":"2024-09-25","debateSectionId":"dbsect_21","showAs":"Microenterprise Loan Fund (Amendment) Bill 2024: Report and Final Stages","uri":"https:\/\/data.oireachtas.ie\/akn\/ie\/debateRecord\/dail\/2024-09-25\/debate\/main"},{"chamber":{"showAs":"Select Committee on Enterprise, Trade and Employment","uri":"https:\/\/data.oireachtas.ie\/ie\/oireachtas\/def\/committee"},"date":"2024-05-22","debateSectionId":"dbsect_2","showAs":"Microenterprise Loan Fund (Amendment) Bill 2024: Committee Stage","uri":"https:\/\/data.oireachtas.ie\/akn\/ie\/debateRecord\/select_committee_on_enterprise_trade_and_employment\/2024-05-22\/debate\/main"},{"chamber":{"showAs":"D\u00e1il \u00c9ireann","uri":"https:\/\/data.oireachtas.ie\/ie\/oireachtas\/def\/house\/dail"},"date":"2024-03-20","debateSectionId":"dbsect_17","showAs":"Microenterprise Loan Fund (Amendment) Bill 2024: Second Stage","uri":"https:\/\/data.oireachtas.ie\/akn\/ie\/debateRecord\/dail\/2024-03-20\/debate\/main"},{"chamber":{"showAs":"D\u00e1il \u00c9ireann","uri":"https:\/\/data.oireachtas.ie\/ie\/oireachtas\/def\/house\/dail"},"date":"2024-03-20","debateSectionId":"dbsect_18","showAs":"Microenterprise Loan Fund (Amendment) Bill 2024: Referral to Select Committee","uri":"https:\/\/data.oireachtas.ie\/akn\/ie\/debateRecord\/dail\/2024-03-20\/debate\/main"}],"events":[{"event":{"chamber":{"chamberCode":"dail","showAs":"D\u00e1il \u00c9ireann","uri":"https:\/\/data.oireachtas.ie\/ie\/oireachtas\/def\/house\/dail"},"dates":[{"date":"2024-03-11"},{"date":"2025-02-19"}],"eventURI":"https:\/\/data.oireachtas.ie\/ie\/oireachtas\/def\/bill-event\/published","showAs":"Published","uri":"https:\/\/data.oireachtas.ie\/ie\/oireachtas\/bill\/2024\/18\/published"}},{"event":{"chamber":{"chamberCode":"seanad","showAs":"Seanad \u00c9ireann","uri":"https:\/\/data.oireachtas.ie\/ie\/oireachtas\/def\/house\/seanad"},"dates":[{"date":"2025-01-29"}],"eventURI":"https:\/\/data.oireachtas.ie\/ie\/oireachtas\/def\/bill-event\/bill-lapsed","showAs":"Bill Lapsed","uri":"https:\/\/data.oireachtas.ie\/ie\/oireachtas\/bill\/2024\/18\/bill-lapsed"}}],"lastUpdated":"2026-05-11T07:22:49.960000+00:00","longTitleEn":"<p>Bill entitled an Act to amend the Microenterprise Loan Fund Act 2012 to provide for the authorised share capital of Microfinance Ireland to be transferred from the Social Finance Foundation to the Minister for Enterprise, Trade and Employment; for a board of directors of Microfinance Ireland; for a chief executive officer of Microfinance Ireland; for arrangements for superannuation benefits for members of the staff of Microfinance Ireland; and to provide for related matters.<\/p>\n","longTitleGa":"<p>Bille d\u00e1 ngairtear Acht do leas\u00fa an Achta um an gCiste Iasachta do Mhionfhiontair, 2012&nbsp;chun socr\u00fa a dh\u00e9anamh maidir le scairchaipiteal \u00fadaraithe Mhicrea-Airgeadas \u00c9ireann a aistri\u00fa \u00f3n bhFond\u00faireacht Airgeadais Sh\u00f3isialaigh chuig an Aire Fiontar, Tr\u00e1d\u00e1la agus Fosta\u00edochta; maidir le bord sti\u00farth\u00f3ir\u00ed de chuid Mhicrea-Airgeadas \u00c9ireann; maidir le pr\u00edomh-oifigeach feidhmi\u00fach\u00e1in de chuid Mhicrea-Airgeadas \u00c9ireann; maidir le socruithe le haghaidh sochair aoisli\u00fantais do chomhalta\u00ed d\u2019fhoireann Mhicrea-Airgeadas \u00c9ireann; agus do dh\u00e9anamh socr\u00fa i dtaobh nithe gaolmhara.<\/p>\n","method":"Presented","methodURI":"https:\/\/data.oireachtas.ie\/ie\/oireachtas\/def\/bill-method\/presented","mostRecentStage":{"event":{"chamber":{"chamberCode":"dail","showAs":"D\u00e1il \u00c9ireann","uri":"https:\/\/data.oireachtas.ie\/ie\/oireachtas\/def\/house\/dail"},"dates":[{"date":"2026-06-17"}],"house":{"chamberCode":"dail","chamberType":"house","houseCode":"dail","houseNo":"34","showAs":"34th D\u00e1il","uri":"https:\/\/data.oireachtas.ie\/ie\/oireachtas\/house\/dail\/34"},"progressStage":10,"showAs":"Cream List","stageCompleted":true,"stageOutcome":null,"stageURI":"https:\/\/data.oireachtas.ie\/ie\/oireachtas\/def\/bill-stage\/6","uri":"https:\/\/data.oireachtas.ie\/ie\/oireachtas\/bill\/2024\/18\/stage\/dail\/6"}},"originHouse":{"showAs":"D\u00e1il \u00c9ireann","uri":"https:\/\/data.oireachtas.ie\/ie\/oireachtas\/def\/house\/dail"},"originHouseURI":"https:\/\/data.oireachtas.ie\/ie\/oireachtas\/def\/house\/dail","relatedDocs":[{"relatedDoc":{"date":"2024-03-11","docType":"memo","formats":{"pdf":{"uri":"https:\/\/data.oireachtas.ie\/ie\/oireachtas\/bill\/2024\/18\/eng\/memo\/b1824d-memo.pdf"},"xml":null},"lang":"eng","showAs":"Explanatory Memorandum","uri":"https:\/\/data.oireachtas.ie\/ie\/oireachtas\/bill\/2024\/18\/eng\/memo"}}],"shortTitleEn":"Microenterprise Loan Fund (Amendment) Bill 2024","shortTitleGa":"An Bille um an gCiste Iasachta do Mhionfhiontair (Leas\u00fa), 2024","source":"Government","sourceURI":"https:\/\/data.oireachtas.ie\/ie\/oireachtas\/def\/bill-source\/government","sponsors":[{"sponsor":{"isPrimary":true,"as":{"showAs":"Minister for Enterprise, Trade and Employment","uri":null},"by":{"showAs":null,"uri":null}}}],"stages":[{"event":{"chamber":{"chamberCode":"dail","showAs":"D\u00e1il \u00c9ireann","uri":"https:\/\/data.oireachtas.ie\/ie\/oireachtas\/def\/house\/dail"},"dates":[{"date":"2024-03-11"},{"date":"2024-03-11"}],"house":{"chamberCode":"dail","chamberType":"house","houseCode":"dail","houseNo":"33","showAs":"33rd D\u00e1il","uri":"https:\/\/data.oireachtas.ie\/ie\/oireachtas\/house\/dail\/33"},"progressStage":1,"showAs":"First Stage","stageCompleted":true,"stageOutcome":null,"stageURI":"https:\/\/data.oireachtas.ie\/ie\/oireachtas\/def\/bill-stage\/1","uri":"https:\/\/data.oireachtas.ie\/ie\/oireachtas\/bill\/2024\/18\/stage\/dail\/1"}},{"event":{"chamber":{"chamberCode":"dail","showAs":"D\u00e1il \u00c9ireann","uri":"https:\/\/data.oireachtas.ie\/ie\/oireachtas\/def\/house\/dail"},"dates":[{"date":"2024-03-11"}],"house":{"chamberCode":"dail","chamberType":"house","houseCode":"dail","houseNo":"33","showAs":"33rd D\u00e1il","uri":"https:\/\/data.oireachtas.ie\/ie\/oireachtas\/house\/dail\/33"},"progressStage":2,"showAs":"Second Stage","stageCompleted":true,"stageOutcome":null,"stageURI":"https:\/\/data.oireachtas.ie\/ie\/oireachtas\/def\/bill-stage\/2","uri":"https:\/\/data.oireachtas.ie\/ie\/oireachtas\/bill\/2024\/18\/stage\/dail\/2"}},{"event":{"chamber":{"chamberCode":"dail","showAs":"D\u00e1il \u00c9ireann","uri":"https:\/\/data.oireachtas.ie\/ie\/oireachtas\/def\/house\/dail"},"dates":[{"date":"2024-03-20"}],"house":{"chamberCode":"dail","chamberType":"house","houseCode":"dail","houseNo":"33","showAs":"33rd D\u00e1il","uri":"https:\/\/data.oireachtas.ie\/ie\/oireachtas\/house\/dail\/33"},"progressStage":3,"showAs":"Committee Stage","stageCompleted":true,"stageOutcome":null,"stageURI":"https:\/\/data.oireachtas.ie\/ie\/oireachtas\/def\/bill-stage\/3","uri":"https:\/\/data.oireachtas.ie\/ie\/oireachtas\/bill\/2024\/18\/stage\/dail\/3"}},{"event":{"chamber":{"chamberCode":"dail","showAs":"D\u00e1il \u00c9ireann","uri":"https:\/\/data.oireachtas.ie\/ie\/oireachtas\/def\/house\/dail"},"dates":[{"date":"2024-09-25"}],"house":{"chamberCode":"dail","chamberType":"house","houseCode":"dail","houseNo":"33","showAs":"33rd D\u00e1il","uri":"https:\/\/data.oireachtas.ie\/ie\/oireachtas\/house\/dail\/33"},"progressStage":4,"showAs":"Report Stage","stageCompleted":true,"stageOutcome":null,"stageURI":"https:\/\/data.oireachtas.ie\/ie\/oireachtas\/def\/bill-stage\/4","uri":"https:\/\/data.oireachtas.ie\/ie\/oireachtas\/bill\/2024\/18\/stage\/dail\/4"}},{"event":{"chamber":{"chamberCode":"dail","showAs":"D\u00e1il \u00c9ireann","uri":"https:\/\/data.oireachtas.ie\/ie\/oireachtas\/def\/house\/dail"},"dates":[{"date":"2024-09-25"}],"house":{"chamberCode":"dail","chamberType":"house","houseCode":"dail","houseNo":"33","showAs":"33rd D\u00e1il","uri":"https:\/\/data.oireachtas.ie\/ie\/oireachtas\/house\/dail\/33"},"progressStage":5,"showAs":"Fifth Stage","stageCompleted":true,"stageOutcome":null,"stageURI":"https:\/\/data.oireachtas.ie\/ie\/oireachtas\/def\/bill-stage\/5","uri":"https:\/\/data.oireachtas.ie\/ie\/oireachtas\/bill\/2024\/18\/stage\/dail\/5"}},{"event":{"chamber":{"chamberCode":"seanad","showAs":"Seanad \u00c9ireann","uri":"https:\/\/data.oireachtas.ie\/ie\/oireachtas\/def\/house\/seanad"},"dates":[{"date":"2026-04-15"},{"date":"2026-04-15"},{"date":"2026-04-15"}],"house":{"chamberCode":"seanad","chamberType":"house","houseCode":"seanad","houseNo":"27","showAs":"27th Seanad","uri":"https:\/\/data.oireachtas.ie\/ie\/oireachtas\/house\/seanad\/27"},"progressStage":6,"showAs":"Second Stage","stageCompleted":true,"stageOutcome":null,"stageURI":"https:\/\/data.oireachtas.ie\/ie\/oireachtas\/def\/bill-stage\/2","uri":"https:\/\/data.oireachtas.ie\/ie\/oireachtas\/bill\/2024\/18\/stage\/seanad\/2"}},{"event":{"chamber":{"chamberCode":"seanad","showAs":"Seanad \u00c9ireann","uri":"https:\/\/data.oireachtas.ie\/ie\/oireachtas\/def\/house\/seanad"},"dates":[{"date":"2026-04-15"}],"house":{"chamberCode":"seanad","chamberType":"house","houseCode":"seanad","houseNo":"27","showAs":"27th Seanad","uri":"https:\/\/data.oireachtas.ie\/ie\/oireachtas\/house\/seanad\/27"},"progressStage":7,"showAs":"Committee Stage","stageCompleted":true,"stageOutcome":null,"stageURI":"https:\/\/data.oireachtas.ie\/ie\/oireachtas\/def\/bill-stage\/3","uri":"https:\/\/data.oireachtas.ie\/ie\/oireachtas\/bill\/2024\/18\/stage\/seanad\/3"}},{"event":{"chamber":{"chamberCode":"seanad","showAs":"Seanad \u00c9ireann","uri":"https:\/\/data.oireachtas.ie\/ie\/oireachtas\/def\/house\/seanad"},"dates":[{"date":"2026-05-07"}],"house":{"chamberCode":"seanad","chamberType":"house","houseCode":"seanad","houseNo":"27","showAs":"27th Seanad","uri":"https:\/\/data.oireachtas.ie\/ie\/oireachtas\/house\/seanad\/27"},"progressStage":8,"showAs":"Report Stage","stageCompleted":true,"stageOutcome":null,"stageURI":"https:\/\/data.oireachtas.ie\/ie\/oireachtas\/def\/bill-stage\/4","uri":"https:\/\/data.oireachtas.ie\/ie\/oireachtas\/bill\/2024\/18\/stage\/seanad\/4"}},{"event":{"chamber":{"chamberCode":"seanad","showAs":"Seanad \u00c9ireann","uri":"https:\/\/data.oireachtas.ie\/ie\/oireachtas\/def\/house\/seanad"},"dates":[{"date":"2026-05-07"}],"house":{"chamberCode":"seanad","chamberType":"house","houseCode":"seanad","houseNo":"27","showAs":"27th Seanad","uri":"https:\/\/data.oireachtas.ie\/ie\/oireachtas\/house\/seanad\/27"},"progressStage":9,"showAs":"Fifth Stage","stageCompleted":true,"stageOutcome":null,"stageURI":"https:\/\/data.oireachtas.ie\/ie\/oireachtas\/def\/bill-stage\/5","uri":"https:\/\/data.oireachtas.ie\/ie\/oireachtas\/bill\/2024\/18\/stage\/seanad\/5"}},{"event":{"chamber":{"chamberCode":"dail","showAs":"D\u00e1il \u00c9ireann","uri":"https:\/\/data.oireachtas.ie\/ie\/oireachtas\/def\/house\/dail"},"dates":[{"date":"2026-06-17"}],"house":{"chamberCode":"dail","chamberType":"house","houseCode":"dail","houseNo":"34","showAs":"34th D\u00e1il","uri":"https:\/\/data.oireachtas.ie\/ie\/oireachtas\/house\/dail\/34"},"progressStage":10,"showAs":"Cream List","stageCompleted":true,"stageOutcome":null,"stageURI":"https:\/\/data.oireachtas.ie\/ie\/oireachtas\/def\/bill-stage\/6","uri":"https:\/\/data.oireachtas.ie\/ie\/oireachtas\/bill\/2024\/18\/stage\/dail\/6"}}],"status":"Current","statusURI":"https:\/\/data.oireachtas.ie\/ie\/oireachtas\/def\/bill-status\/published","uri":"https:\/\/data.oireachtas.ie\/ie\/oireachtas\/bill\/2024\/18","versions":[{"version":{"lang":"eng","docType":"bill","showAs":"As passed by both Houses of the Oireachtas","date":"2026-06-17","formats":{"pdf":{"uri":"https:\/\/data.oireachtas.ie\/ie\/oireachtas\/bill\/2024\/18\/eng\/ver_b\/b18b24d-green-release.pdf"},"xml":null},"uri":"https:\/\/data.oireachtas.ie\/ie\/oireachtas\/bill\/2024\/18\/eng\/ver_b"}},{"version":{"lang":"eng","docType":"bill","showAs":"Administrative Reprint - As amended in Committee [Seanad \u00c9ireann]","date":"2026-04-21","formats":{"pdf":{"uri":"https:\/\/data.oireachtas.ie\/ie\/oireachtas\/bill\/2024\/18\/eng\/ver_a\/b18ax24s-p-c-sent.pdf"},"xml":null},"uri":"https:\/\/data.oireachtas.ie\/ie\/oireachtas\/bill\/2024\/18\/eng\/ver_a"}},{"version":{"lang":"eng","docType":"bill","showAs":"As Initiated","date":"2024-03-11","formats":{"pdf":{"uri":"https:\/\/data.oireachtas.ie\/ie\/oireachtas\/bill\/2024\/18\/eng\/initiated\/b1824d.pdf"},"xml":null},"uri":"https:\/\/data.oireachtas.ie\/ie\/oireachtas\/bill\/2024\/18\/eng\/initiated"}}]},"contextDate":"2026-06-17","billSort":{"actNoSort":null,"actShortTitleEnSort":null,"actShortTitleGaSort":null,"actYearSort":null,"billNoSort":18,"billShortTitleEnSort":"microenterprise-loan-fund-amendment-bill-2024","billShortTitleGaSort":"an-bille-um-an-gciste-iasachta-do-mhionfhiontair-leasu-2024","billYearSort":2024}},{"bill":{"act":null,"amendmentLists":[],"billNo":"16","billType":"Public","billTypeURI":"https:\/\/data.oireachtas.ie\/ie\/oireachtas\/def\/bill-type\/public","billYear":"2024","debates":[{"chamber":{"showAs":"Seanad \u00c9ireann","uri":"https:\/\/data.oireachtas.ie\/ie\/oireachtas\/def\/house\/seanad"},"date":"2024-03-06","debateSectionId":"dbsect_10","showAs":"Fossil Fuel Products (Control of Advertising and Sponsorship) Bill 2024: First Stage","uri":"https:\/\/data.oireachtas.ie\/akn\/ie\/debateRecord\/seanad\/2024-03-06\/debate\/main"}],"events":[{"event":{"chamber":{"chamberCode":"seanad","showAs":"Seanad \u00c9ireann","uri":"https:\/\/data.oireachtas.ie\/ie\/oireachtas\/def\/house\/seanad"},"dates":[{"date":"2024-02-26"},{"date":"2024-03-06"}],"eventURI":"https:\/\/data.oireachtas.ie\/ie\/oireachtas\/def\/bill-event\/admissibility-for-introduction","showAs":"Admissibility for Introduction","uri":"https:\/\/data.oireachtas.ie\/ie\/oireachtas\/bill\/2024\/16\/admissibility-for-introduction"}},{"event":{"chamber":{"chamberCode":"seanad","showAs":"Seanad \u00c9ireann","uri":"https:\/\/data.oireachtas.ie\/ie\/oireachtas\/def\/house\/seanad"},"dates":[{"date":"2025-01-29"}],"eventURI":"https:\/\/data.oireachtas.ie\/ie\/oireachtas\/def\/bill-event\/bill-lapsed","showAs":"Bill Lapsed","uri":"https:\/\/data.oireachtas.ie\/ie\/oireachtas\/bill\/2024\/16\/bill-lapsed"}}],"lastUpdated":"2025-01-30T11:17:37.160000+00:00","longTitleEn":"<p>Bill entitled an Act to make provision for the control of fossil fuels and, for that purpose, to prohibit advertising of fossil fuels and fossil fuel undertakings and to provide for certain exemptions; to prohibit sponsorship by fossil fuel products and fossil fuel undertakings; to empower the Commission for the Regulation of Utilities to investigate and enforce provisions; and to provide for related matters.<\/p>\n","longTitleGa":"<p>Bille d\u00e1 ngairtear Acht do dh\u00e9anamh socr\u00fa maidir le breosla\u00ed iontaise a rial\u00fa agus, chun na cr\u00edche sin, do thoirmeasc breosla\u00ed iontaise agus gn\u00f3thais breosla iontaise a fh\u00f3gairt agus do dh\u00e9anamh socr\u00fa maidir le d\u00edol\u00faint\u00ed \u00e1irithe; do thoirmeasc coimirc\u00edocht ag t\u00e1irg\u00ed breosla iontaise agus ag gn\u00f3thais breosla iontaise; do chumhacht\u00fa don Choimisi\u00fan um Rial\u00e1il F\u00f3ntais imscr\u00fad\u00fa a dh\u00e9anamh agus for\u00e1lacha a fhorfheidhmi\u00fa; agus do dh\u00e9anamh socr\u00fa i dtaobh nithe gaolmhara.<\/p>\n","method":"Introduced","methodURI":"https:\/\/data.oireachtas.ie\/ie\/oireachtas\/def\/bill-method\/introduced","mostRecentStage":{"event":{"chamber":{"chamberCode":"seanad","showAs":"Seanad \u00c9ireann","uri":"https:\/\/data.oireachtas.ie\/ie\/oireachtas\/def\/house\/seanad"},"dates":[{"date":"2024-02-26"},{"date":"2024-03-06"},{"date":"2024-03-06"}],"house":{"chamberCode":"seanad","chamberType":"house","houseCode":"seanad","houseNo":"26","showAs":"26th Seanad","uri":"https:\/\/data.oireachtas.ie\/ie\/oireachtas\/house\/seanad\/26"},"progressStage":1,"showAs":"First Stage","stageCompleted":true,"stageOutcome":null,"stageURI":"https:\/\/data.oireachtas.ie\/ie\/oireachtas\/def\/bill-stage\/1","uri":"https:\/\/data.oireachtas.ie\/ie\/oireachtas\/bill\/2024\/16\/stage\/seanad\/1"}},"originHouse":{"showAs":"Seanad \u00c9ireann","uri":"https:\/\/data.oireachtas.ie\/ie\/oireachtas\/def\/house\/seanad"},"originHouseURI":"https:\/\/data.oireachtas.ie\/ie\/oireachtas\/def\/house\/seanad","relatedDocs":[{"relatedDoc":{"date":"2024-03-06","docType":"memo","formats":{"pdf":{"uri":"https:\/\/data.oireachtas.ie\/ie\/oireachtas\/bill\/2024\/16\/eng\/memo\/b1624s-memo.pdf"},"xml":null},"lang":"eng","showAs":"Explanatory Memorandum","uri":"https:\/\/data.oireachtas.ie\/ie\/oireachtas\/bill\/2024\/16\/eng\/memo"}}],"shortTitleEn":"Fossil Fuel Products (Control of Advertising and Sponsorship) Bill 2024","shortTitleGa":"An Bille um Th\u00e1irg\u00ed Breosla Iontaise (F\u00f3gra\u00edocht agus Coimirc\u00edocht a Rial\u00fa), 2024","source":"Private Member","sourceURI":"https:\/\/data.oireachtas.ie\/ie\/oireachtas\/def\/bill-source\/private-member","sponsors":[{"sponsor":{"as":{"showAs":null,"uri":null},"by":{"showAs":"Paul Gavan","uri":"https:\/\/data.oireachtas.ie\/ie\/oireachtas\/member\/id\/Paul-Gavan.S.2016-04-25"},"isPrimary":false}},{"sponsor":{"as":{"showAs":null,"uri":null},"by":{"showAs":"Fintan Warfield","uri":"https:\/\/data.oireachtas.ie\/ie\/oireachtas\/member\/id\/Fintan-Warfield.S.2016-04-25"},"isPrimary":false}},{"sponsor":{"as":{"showAs":null,"uri":null},"by":{"showAs":"Lynn Boylan","uri":"https:\/\/data.oireachtas.ie\/ie\/oireachtas\/member\/id\/Lynn-Boylan.S.2020-03-30"},"isPrimary":true}}],"stages":[{"event":{"chamber":{"chamberCode":"seanad","showAs":"Seanad \u00c9ireann","uri":"https:\/\/data.oireachtas.ie\/ie\/oireachtas\/def\/house\/seanad"},"dates":[{"date":"2024-02-26"},{"date":"2024-03-06"},{"date":"2024-03-06"}],"house":{"chamberCode":"seanad","chamberType":"house","houseCode":"seanad","houseNo":"26","showAs":"26th Seanad","uri":"https:\/\/data.oireachtas.ie\/ie\/oireachtas\/house\/seanad\/26"},"progressStage":1,"showAs":"First Stage","stageCompleted":true,"stageOutcome":null,"stageURI":"https:\/\/data.oireachtas.ie\/ie\/oireachtas\/def\/bill-stage\/1","uri":"https:\/\/data.oireachtas.ie\/ie\/oireachtas\/bill\/2024\/16\/stage\/seanad\/1"}}],"status":"Lapsed","statusURI":"https:\/\/data.oireachtas.ie\/ie\/oireachtas\/def\/bill-status\/lapsed","uri":"https:\/\/data.oireachtas.ie\/ie\/oireachtas\/bill\/2024\/16","versions":[{"version":{"date":"2024-03-06","docType":"bill","formats":{"pdf":{"uri":"https:\/\/data.oireachtas.ie\/ie\/oireachtas\/bill\/2024\/16\/eng\/initiated\/b1624s.pdf"},"xml":null},"lang":"eng","showAs":"As Initiated","uri":"https:\/\/data.oireachtas.ie\/ie\/oireachtas\/bill\/2024\/16\/eng\/initiated"}}]},"billSort":{"actNoSort":null,"actShortTitleEnSort":null,"actShortTitleGaSort":null,"actYearSort":null,"billNoSort":16,"billShortTitleEnSort":"fossil-fuel-products-control-of-advertising-and-sponsorship-bill-2024","billShortTitleGaSort":"an-bille-um-thairgi-breosla-iontaise-fograiocht-agus-coimirciocht-a-rialu-2024","billYearSort":2024},"contextDate":"2024-03-06"},{"bill":{"act":null,"amendmentLists":[],"billNo":"15","billType":"Public","billTypeURI":"https:\/\/data.oireachtas.ie\/ie\/oireachtas\/def\/bill-type\/public","billYear":"2024","debates":[{"chamber":{"showAs":"Seanad \u00c9ireann","uri":"https:\/\/data.oireachtas.ie\/ie\/oireachtas\/def\/house\/seanad"},"date":"2024-03-06","debateSectionId":"dbsect_9","showAs":"Children\u2019s Health (Kathleen Lynn National Children's Hospital) (Amendment) Bill 2024: First Stage","uri":"https:\/\/data.oireachtas.ie\/akn\/ie\/debateRecord\/seanad\/2024-03-06\/debate\/main"}],"events":[{"event":{"chamber":{"chamberCode":"seanad","showAs":"Seanad \u00c9ireann","uri":"https:\/\/data.oireachtas.ie\/ie\/oireachtas\/def\/house\/seanad"},"dates":[{"date":"2024-02-19"},{"date":"2024-03-06"}],"eventURI":"https:\/\/data.oireachtas.ie\/ie\/oireachtas\/def\/bill-event\/admissibility-for-introduction","showAs":"Admissibility for Introduction","uri":"https:\/\/data.oireachtas.ie\/ie\/oireachtas\/bill\/2024\/15\/admissibility-for-introduction"}},{"event":{"chamber":{"chamberCode":"seanad","showAs":"Seanad \u00c9ireann","uri":"https:\/\/data.oireachtas.ie\/ie\/oireachtas\/def\/house\/seanad"},"dates":[{"date":"2025-01-29"}],"eventURI":"https:\/\/data.oireachtas.ie\/ie\/oireachtas\/def\/bill-event\/bill-lapsed","showAs":"Bill Lapsed","uri":"https:\/\/data.oireachtas.ie\/ie\/oireachtas\/bill\/2024\/15\/bill-lapsed"}}],"lastUpdated":"2025-01-30T11:17:37.160000+00:00","longTitleEn":"<p>Bill entitled an Act to amend the Children\u2019s Health Act 2018 and therefore to amend the National Paediatric Hospital Development Board (Establishment) Order 2007 (S.I. No. 246 of 2007) so as to direct that the National Children\u2019s Hospital be named, in the Irish language, <em>Ospid\u00e9al N\u00e1isi\u00fanta Kathleen Lynn do Leana\u00ed<\/em>, or in the English language, the Kathleen Lynn National Children\u2019s Hospital.<\/p>\n","longTitleGa":"<p>Bille d\u00e1 ngairtear Acht do leas\u00fa an Achta um Shl\u00e1inte Leana\u00ed, 2018 agus, d\u00e1 bhr\u00ed sin, do leas\u00fa an Ordaithe um Bord Forbartha an Ospid\u00e9il N\u00e1isi\u00fanta Ph\u00e9idiatraicigh (Bun\u00fa), 2007 (I.R. Uimh. 246 de 2007) d\u2019fhonn a threor\u00fa go dtabharfar, sa Ghaeilge, Ospid\u00e9al N\u00e1isi\u00fanta Kathleen Lynn do Leana\u00ed n\u00f3, sa Bh\u00e9arla, <em>the Kathleen Lynn National Children\u2019s Hospital<\/em>, ar Ospid\u00e9al N\u00e1isi\u00fanta na Leana\u00ed.<\/p>\n","method":"Introduced","methodURI":"https:\/\/data.oireachtas.ie\/ie\/oireachtas\/def\/bill-method\/introduced","mostRecentStage":{"event":{"chamber":{"chamberCode":"seanad","showAs":"Seanad \u00c9ireann","uri":"https:\/\/data.oireachtas.ie\/ie\/oireachtas\/def\/house\/seanad"},"dates":[{"date":"2024-02-19"},{"date":"2024-03-06"},{"date":"2024-03-06"}],"house":{"chamberCode":"seanad","chamberType":"house","houseCode":"seanad","houseNo":"26","showAs":"26th Seanad","uri":"https:\/\/data.oireachtas.ie\/ie\/oireachtas\/house\/seanad\/26"},"progressStage":1,"showAs":"First Stage","stageCompleted":true,"stageOutcome":null,"stageURI":"https:\/\/data.oireachtas.ie\/ie\/oireachtas\/def\/bill-stage\/1","uri":"https:\/\/data.oireachtas.ie\/ie\/oireachtas\/bill\/2024\/15\/stage\/seanad\/1"}},"originHouse":{"showAs":"Seanad \u00c9ireann","uri":"https:\/\/data.oireachtas.ie\/ie\/oireachtas\/def\/house\/seanad"},"originHouseURI":"https:\/\/data.oireachtas.ie\/ie\/oireachtas\/def\/house\/seanad","relatedDocs":[],"shortTitleEn":"Children\u2019s Health (Kathleen Lynn National Children's Hospital) (Amendment) Bill 2024","shortTitleGa":"An Bille um Shl\u00e1inte Leana\u00ed (Ospid\u00e9al N\u00e1isi\u00fanta Kathleen Lynn do Leana\u00ed) (Leas\u00fa), 2024","source":"Private Member","sourceURI":"https:\/\/data.oireachtas.ie\/ie\/oireachtas\/def\/bill-source\/private-member","sponsors":[{"sponsor":{"as":{"showAs":null,"uri":null},"by":{"showAs":"Paul Gavan","uri":"https:\/\/data.oireachtas.ie\/ie\/oireachtas\/member\/id\/Paul-Gavan.S.2016-04-25"},"isPrimary":false}},{"sponsor":{"as":{"showAs":null,"uri":null},"by":{"showAs":"Fintan Warfield","uri":"https:\/\/data.oireachtas.ie\/ie\/oireachtas\/member\/id\/Fintan-Warfield.S.2016-04-25"},"isPrimary":true}},{"sponsor":{"as":{"showAs":null,"uri":null},"by":{"showAs":"Lynn Boylan","uri":"https:\/\/data.oireachtas.ie\/ie\/oireachtas\/member\/id\/Lynn-Boylan.S.2020-03-30"},"isPrimary":false}}],"stages":[{"event":{"chamber":{"chamberCode":"seanad","showAs":"Seanad \u00c9ireann","uri":"https:\/\/data.oireachtas.ie\/ie\/oireachtas\/def\/house\/seanad"},"dates":[{"date":"2024-02-19"},{"date":"2024-03-06"},{"date":"2024-03-06"}],"house":{"chamberCode":"seanad","chamberType":"house","houseCode":"seanad","houseNo":"26","showAs":"26th Seanad","uri":"https:\/\/data.oireachtas.ie\/ie\/oireachtas\/house\/seanad\/26"},"progressStage":1,"showAs":"First Stage","stageCompleted":true,"stageOutcome":null,"stageURI":"https:\/\/data.oireachtas.ie\/ie\/oireachtas\/def\/bill-stage\/1","uri":"https:\/\/data.oireachtas.ie\/ie\/oireachtas\/bill\/2024\/15\/stage\/seanad\/1"}}],"status":"Lapsed","statusURI":"https:\/\/data.oireachtas.ie\/ie\/oireachtas\/def\/bill-status\/lapsed","uri":"https:\/\/data.oireachtas.ie\/ie\/oireachtas\/bill\/2024\/15","versions":[{"version":{"date":"2024-03-06","docType":"bill","formats":{"pdf":{"uri":"https:\/\/data.oireachtas.ie\/ie\/oireachtas\/bill\/2024\/15\/eng\/initiated\/b1524s.pdf"},"xml":null},"lang":"eng","showAs":"As Initiated","uri":"https:\/\/data.oireachtas.ie\/ie\/oireachtas\/bill\/2024\/15\/eng\/initiated"}}]},"billSort":{"actNoSort":null,"actShortTitleEnSort":null,"actShortTitleGaSort":null,"actYearSort":null,"billNoSort":15,"billShortTitleEnSort":"childrens-health-kathleen-lynn-national-childrens-hospital-amendment-bill-2024","billShortTitleGaSort":"an-bille-um-shlainte-leanai-ospideal-naisiunta-kathleen-lynn-do-leanai-leasu-2024","billYearSort":2024},"contextDate":"2024-03-06"},{"bill":{"act":null,"amendmentLists":[],"billNo":"14","billType":"Public","billTypeURI":"https:\/\/data.oireachtas.ie\/ie\/oireachtas\/def\/bill-type\/public","billYear":"2024","debates":[{"chamber":{"showAs":"D\u00e1il \u00c9ireann","uri":"https:\/\/data.oireachtas.ie\/ie\/oireachtas\/def\/house\/dail"},"date":"2024-03-05","debateSectionId":"dbsect_9","showAs":"Prohibition of Fossil Fuel Advertising Bill 2024: First Stage","uri":"https:\/\/data.oireachtas.ie\/akn\/ie\/debateRecord\/dail\/2024-03-05\/debate\/main"}],"events":[{"event":{"chamber":{"chamberCode":"dail","showAs":"D\u00e1il \u00c9ireann","uri":"https:\/\/data.oireachtas.ie\/ie\/oireachtas\/def\/house\/dail"},"dates":[{"date":"2024-02-23"},{"date":"2024-03-05"},{"date":"2024-03-05"},{"date":"2024-03-05"},{"date":"2025-05-01"}],"eventURI":"https:\/\/data.oireachtas.ie\/ie\/oireachtas\/def\/bill-event\/admissibility-for-introduction","showAs":"Admissibility for Introduction","uri":"https:\/\/data.oireachtas.ie\/ie\/oireachtas\/bill\/2024\/14\/admissibility-for-introduction"}},{"event":{"chamber":{"chamberCode":"dail","showAs":"D\u00e1il \u00c9ireann","uri":"https:\/\/data.oireachtas.ie\/ie\/oireachtas\/def\/house\/dail"},"dates":[{"date":"2024-11-08"}],"eventURI":"https:\/\/data.oireachtas.ie\/ie\/oireachtas\/def\/bill-event\/bill-lapsed","showAs":"Bill Lapsed","uri":"https:\/\/data.oireachtas.ie\/ie\/oireachtas\/bill\/2024\/14\/bill-lapsed"}}],"lastUpdated":"2025-05-02T10:29:01.730000+00:00","longTitleEn":"<p>Bill entitled an Act to ban advertising of fossil fuels and fossil fuelled vehicles, including commercial sponsorship, by corporate entities and to establish a Fossil Fuel Information Commission for the purposes of product and price comparisons by the public.<\/p>\n","longTitleGa":"<p>Bille d\u00e1 ngairtear Acht do chur chosc le heintitis chorpar\u00e1ideacha d\u2019fh\u00f3gairt breosla\u00ed iontaise agus feithicl\u00ed a bhreosla\u00edtear le breosla\u00ed iontaise, lena n-\u00e1ir\u00edtear urra\u00edocht tr\u00e1cht\u00e1la, agus do bhun\u00fa Coimisi\u00fan um Fhaisn\u00e9is faoi Bhreosla\u00ed Iontaise chun gur f\u00e9idir leis an bpobal compar\u00e1id a dh\u00e9anamh idir t\u00e1irg\u00ed agus praghsanna.<\/p>\n","method":"Introduced","methodURI":"https:\/\/data.oireachtas.ie\/ie\/oireachtas\/def\/bill-method\/introduced","mostRecentStage":{"event":{"chamber":{"chamberCode":"dail","showAs":"D\u00e1il \u00c9ireann","uri":"https:\/\/data.oireachtas.ie\/ie\/oireachtas\/def\/house\/dail"},"dates":[{"date":"2024-11-08"},{"date":"2025-05-01"}],"house":{"chamberCode":"dail","chamberType":"house","houseCode":"dail","houseNo":"33","showAs":"33rd D\u00e1il","uri":"https:\/\/data.oireachtas.ie\/ie\/oireachtas\/house\/dail\/33"},"progressStage":2,"showAs":"Second Stage","stageCompleted":false,"stageOutcome":"Current","stageURI":"https:\/\/data.oireachtas.ie\/ie\/oireachtas\/def\/bill-stage\/2","uri":"https:\/\/data.oireachtas.ie\/ie\/oireachtas\/bill\/2024\/14\/stage\/dail\/2"}},"originHouse":{"showAs":"D\u00e1il \u00c9ireann","uri":"https:\/\/data.oireachtas.ie\/ie\/oireachtas\/def\/house\/dail"},"originHouseURI":"https:\/\/data.oireachtas.ie\/ie\/oireachtas\/def\/house\/dail","relatedDocs":[{"relatedDoc":{"date":"2024-03-05","docType":"memo","formats":{"pdf":{"uri":"https:\/\/data.oireachtas.ie\/ie\/oireachtas\/bill\/2024\/14\/eng\/memo\/b1424d-memo.pdf"},"xml":null},"lang":"eng","showAs":"Explanatory Memorandum","uri":"https:\/\/data.oireachtas.ie\/ie\/oireachtas\/bill\/2024\/14\/eng\/memo"}}],"shortTitleEn":"Prohibition of Fossil Fuel Advertising Bill 2024","shortTitleGa":"An Bille um Thoirmeasc ar Fh\u00f3gra\u00edocht Breosla\u00ed Iontaise, 2024","source":"Private Member","sourceURI":"https:\/\/data.oireachtas.ie\/ie\/oireachtas\/def\/bill-source\/private-member","sponsors":[{"sponsor":{"as":{"showAs":null,"uri":null},"by":{"showAs":"Gino Kenny","uri":"https:\/\/data.oireachtas.ie\/ie\/oireachtas\/member\/id\/Gino-Kenny.D.2016-10-03"},"isPrimary":false}},{"sponsor":{"as":{"showAs":null,"uri":null},"by":{"showAs":"Mick Barry","uri":"https:\/\/data.oireachtas.ie\/ie\/oireachtas\/member\/id\/Mick-Barry.D.2016-10-03"},"isPrimary":false}},{"sponsor":{"as":{"showAs":null,"uri":null},"by":{"showAs":"Paul Murphy","uri":"https:\/\/data.oireachtas.ie\/ie\/oireachtas\/member\/id\/Paul-Murphy.D.2014-10-10"},"isPrimary":true}},{"sponsor":{"as":{"showAs":null,"uri":null},"by":{"showAs":"Br\u00edd Smith","uri":"https:\/\/data.oireachtas.ie\/ie\/oireachtas\/member\/id\/Br\u00edd-Smith.D.2016-10-03"},"isPrimary":false}},{"sponsor":{"as":{"showAs":null,"uri":null},"by":{"showAs":"Richard Boyd Barrett","uri":"https:\/\/data.oireachtas.ie\/ie\/oireachtas\/member\/id\/Richard-Boyd-Barrett.D.2011-03-09"},"isPrimary":false}}],"stages":[{"event":{"chamber":{"chamberCode":"dail","showAs":"D\u00e1il \u00c9ireann","uri":"https:\/\/data.oireachtas.ie\/ie\/oireachtas\/def\/house\/dail"},"dates":[{"date":"2024-02-23"},{"date":"2024-03-05"},{"date":"2024-03-05"},{"date":"2024-03-05"},{"date":"2024-03-05"}],"house":{"chamberCode":"dail","chamberType":"house","houseCode":"dail","houseNo":"33","showAs":"33rd D\u00e1il","uri":"https:\/\/data.oireachtas.ie\/ie\/oireachtas\/house\/dail\/33"},"progressStage":1,"showAs":"First Stage","stageCompleted":true,"stageOutcome":null,"stageURI":"https:\/\/data.oireachtas.ie\/ie\/oireachtas\/def\/bill-stage\/1","uri":"https:\/\/data.oireachtas.ie\/ie\/oireachtas\/bill\/2024\/14\/stage\/dail\/1"}},{"event":{"chamber":{"chamberCode":"dail","showAs":"D\u00e1il \u00c9ireann","uri":"https:\/\/data.oireachtas.ie\/ie\/oireachtas\/def\/house\/dail"},"dates":[{"date":"2024-11-08"},{"date":"2025-05-01"}],"house":{"chamberCode":"dail","chamberType":"house","houseCode":"dail","houseNo":"33","showAs":"33rd D\u00e1il","uri":"https:\/\/data.oireachtas.ie\/ie\/oireachtas\/house\/dail\/33"},"progressStage":2,"showAs":"Second Stage","stageCompleted":false,"stageOutcome":"Current","stageURI":"https:\/\/data.oireachtas.ie\/ie\/oireachtas\/def\/bill-stage\/2","uri":"https:\/\/data.oireachtas.ie\/ie\/oireachtas\/bill\/2024\/14\/stage\/dail\/2"}}],"status":"Current","statusURI":"https:\/\/data.oireachtas.ie\/ie\/oireachtas\/def\/bill-status\/published","uri":"https:\/\/data.oireachtas.ie\/ie\/oireachtas\/bill\/2024\/14","versions":[{"version":{"date":"2024-03-05","docType":"bill","formats":{"pdf":{"uri":"https:\/\/data.oireachtas.ie\/ie\/oireachtas\/bill\/2024\/14\/eng\/initiated\/b1424d.pdf"},"xml":null},"lang":"eng","showAs":"As Initiated","uri":"https:\/\/data.oireachtas.ie\/ie\/oireachtas\/bill\/2024\/14\/eng\/initiated"}}]},"billSort":{"actNoSort":null,"actShortTitleEnSort":null,"actShortTitleGaSort":null,"actYearSort":null,"billNoSort":14,"billShortTitleEnSort":"prohibition-of-fossil-fuel-advertising-bill-2024","billShortTitleGaSort":"an-bille-um-thoirmeasc-ar-fhograiocht-breoslai-iontaise-2024","billYearSort":2024},"contextDate":"2025-05-01"},{"bill":{"act":null,"amendmentLists":[],"billNo":"13","billType":"Public","billTypeURI":"https:\/\/data.oireachtas.ie\/ie\/oireachtas\/def\/bill-type\/public","billYear":"2024","debates":[{"chamber":{"showAs":"D\u00e1il \u00c9ireann","uri":"https:\/\/data.oireachtas.ie\/ie\/oireachtas\/def\/house\/dail"},"date":"2024-03-05","debateSectionId":"dbsect_8","showAs":"Law Reform (Contracts) Bill 2024: First Stage","uri":"https:\/\/data.oireachtas.ie\/akn\/ie\/debateRecord\/dail\/2024-03-05\/debate\/main"}],"events":[{"event":{"chamber":{"chamberCode":"dail","showAs":"D\u00e1il \u00c9ireann","uri":"https:\/\/data.oireachtas.ie\/ie\/oireachtas\/def\/house\/dail"},"dates":[{"date":"2024-02-23"},{"date":"2024-02-23"},{"date":"2024-03-05"},{"date":"2025-05-01"}],"eventURI":"https:\/\/data.oireachtas.ie\/ie\/oireachtas\/def\/bill-event\/approved-for-initiation","showAs":"Approved for Initiation","uri":"https:\/\/data.oireachtas.ie\/ie\/oireachtas\/bill\/2024\/13\/approved-for-initiation"}},{"event":{"chamber":{"chamberCode":"dail","showAs":"D\u00e1il \u00c9ireann","uri":"https:\/\/data.oireachtas.ie\/ie\/oireachtas\/def\/house\/dail"},"dates":[{"date":"2024-11-08"}],"eventURI":"https:\/\/data.oireachtas.ie\/ie\/oireachtas\/def\/bill-event\/bill-lapsed","showAs":"Bill Lapsed","uri":"https:\/\/data.oireachtas.ie\/ie\/oireachtas\/bill\/2024\/13\/bill-lapsed"}}],"lastUpdated":"2025-05-02T11:39:00.730000+00:00","longTitleEn":"<p>Bill entitled an Act to provide for third party rights in relation to enforcement and performance of contracts; to provide for orderly consequences of discharge of a contract due to frustration; and to provide for related matters.<\/p>\n","longTitleGa":"<p>Bille d\u00e1 ngairtear Acht do dh\u00e9anamh socr\u00fa maidir le cearta tr\u00ed\u00fa p\u00e1irt\u00ed i nd\u00e1il le forfheidhmi\u00fa agus comhl\u00edonadh conartha\u00ed; do dh\u00e9anamh socr\u00fa maidir le hiarmhairt\u00ed ord\u00fala a bheith ag gabh\u00e1il le hurscaoileadh conartha de bharr d\u00edrath\u00fa; agus do dh\u00e9anamh socr\u00fa i dtaobh nithe gaolmhara.<\/p>\n","method":"Introduced","methodURI":"https:\/\/data.oireachtas.ie\/ie\/oireachtas\/def\/bill-method\/introduced","mostRecentStage":{"event":{"chamber":{"chamberCode":"dail","showAs":"D\u00e1il \u00c9ireann","uri":"https:\/\/data.oireachtas.ie\/ie\/oireachtas\/def\/house\/dail"},"dates":[{"date":"2024-11-08"},{"date":"2025-05-01"}],"house":{"chamberCode":"dail","chamberType":"house","houseCode":"dail","houseNo":"33","showAs":"33rd D\u00e1il","uri":"https:\/\/data.oireachtas.ie\/ie\/oireachtas\/house\/dail\/33"},"progressStage":2,"showAs":"Second Stage","stageCompleted":false,"stageOutcome":"Current","stageURI":"https:\/\/data.oireachtas.ie\/ie\/oireachtas\/def\/bill-stage\/2","uri":"https:\/\/data.oireachtas.ie\/ie\/oireachtas\/bill\/2024\/13\/stage\/dail\/2"}},"originHouse":{"showAs":"D\u00e1il \u00c9ireann","uri":"https:\/\/data.oireachtas.ie\/ie\/oireachtas\/def\/house\/dail"},"originHouseURI":"https:\/\/data.oireachtas.ie\/ie\/oireachtas\/def\/house\/dail","relatedDocs":[{"relatedDoc":{"date":"2024-03-05","docType":"memo","formats":{"pdf":{"uri":"https:\/\/data.oireachtas.ie\/ie\/oireachtas\/bill\/2024\/13\/eng\/memo\/b1324d-memo.pdf"},"xml":null},"lang":"eng","showAs":"Explanatory Memorandum","uri":"https:\/\/data.oireachtas.ie\/ie\/oireachtas\/bill\/2024\/13\/eng\/memo"}}],"shortTitleEn":"Law Reform (Contracts) Bill 2024","shortTitleGa":"An Bille um Athch\u00f3iri\u00fa an Dl\u00ed (Conartha\u00ed), 2024","source":"Private Member","sourceURI":"https:\/\/data.oireachtas.ie\/ie\/oireachtas\/def\/bill-source\/private-member","sponsors":[{"sponsor":{"as":{"showAs":null,"uri":null},"by":{"showAs":"Patrick Costello","uri":"https:\/\/data.oireachtas.ie\/ie\/oireachtas\/member\/id\/Patrick-Costello.D.2020-02-08"},"isPrimary":true}}],"stages":[{"event":{"chamber":{"chamberCode":"dail","showAs":"D\u00e1il \u00c9ireann","uri":"https:\/\/data.oireachtas.ie\/ie\/oireachtas\/def\/house\/dail"},"dates":[{"date":"2024-02-23"},{"date":"2024-02-23"},{"date":"2024-03-05"},{"date":"2024-03-05"}],"house":{"chamberCode":"dail","chamberType":"house","houseCode":"dail","houseNo":"33","showAs":"33rd D\u00e1il","uri":"https:\/\/data.oireachtas.ie\/ie\/oireachtas\/house\/dail\/33"},"progressStage":1,"showAs":"First Stage","stageCompleted":true,"stageOutcome":null,"stageURI":"https:\/\/data.oireachtas.ie\/ie\/oireachtas\/def\/bill-stage\/1","uri":"https:\/\/data.oireachtas.ie\/ie\/oireachtas\/bill\/2024\/13\/stage\/dail\/1"}},{"event":{"chamber":{"chamberCode":"dail","showAs":"D\u00e1il \u00c9ireann","uri":"https:\/\/data.oireachtas.ie\/ie\/oireachtas\/def\/house\/dail"},"dates":[{"date":"2024-11-08"},{"date":"2025-05-01"}],"house":{"chamberCode":"dail","chamberType":"house","houseCode":"dail","houseNo":"33","showAs":"33rd D\u00e1il","uri":"https:\/\/data.oireachtas.ie\/ie\/oireachtas\/house\/dail\/33"},"progressStage":2,"showAs":"Second Stage","stageCompleted":false,"stageOutcome":"Current","stageURI":"https:\/\/data.oireachtas.ie\/ie\/oireachtas\/def\/bill-stage\/2","uri":"https:\/\/data.oireachtas.ie\/ie\/oireachtas\/bill\/2024\/13\/stage\/dail\/2"}}],"status":"Current","statusURI":"https:\/\/data.oireachtas.ie\/ie\/oireachtas\/def\/bill-status\/published","uri":"https:\/\/data.oireachtas.ie\/ie\/oireachtas\/bill\/2024\/13","versions":[{"version":{"date":"2024-03-05","docType":"bill","formats":{"pdf":{"uri":"https:\/\/data.oireachtas.ie\/ie\/oireachtas\/bill\/2024\/13\/eng\/initiated\/b1324d.pdf"},"xml":null},"lang":"eng","showAs":"As Initiated","uri":"https:\/\/data.oireachtas.ie\/ie\/oireachtas\/bill\/2024\/13\/eng\/initiated"}}]},"billSort":{"actNoSort":null,"actShortTitleEnSort":null,"actShortTitleGaSort":null,"actYearSort":null,"billNoSort":13,"billShortTitleEnSort":"law-reform-contracts-bill-2024","billShortTitleGaSort":"an-bille-um-athchoiriu-an-dli-conarthai-2024","billYearSort":2024},"contextDate":"2025-05-01"},{"bill":{"act":null,"amendmentLists":[],"billNo":"12","billType":"Public","billTypeURI":"https:\/\/data.oireachtas.ie\/ie\/oireachtas\/def\/bill-type\/public","billYear":"2024","debates":[{"chamber":{"showAs":"Seanad \u00c9ireann","uri":"https:\/\/data.oireachtas.ie\/ie\/oireachtas\/def\/house\/seanad"},"date":"2024-03-05","debateSectionId":"dbsect_10","showAs":"Improved Rail Passenger Rights with Compensation for Delays and Cancellations Bill 2024: First Stage","uri":"https:\/\/data.oireachtas.ie\/akn\/ie\/debateRecord\/seanad\/2024-03-05\/debate\/main"}],"events":[{"event":{"chamber":{"chamberCode":"seanad","showAs":"Seanad \u00c9ireann","uri":"https:\/\/data.oireachtas.ie\/ie\/oireachtas\/def\/house\/seanad"},"dates":[{"date":"2024-02-26"},{"date":"2024-03-05"}],"eventURI":"https:\/\/data.oireachtas.ie\/ie\/oireachtas\/def\/bill-event\/admissibility-for-introduction","showAs":"Admissibility for Introduction","uri":"https:\/\/data.oireachtas.ie\/ie\/oireachtas\/bill\/2024\/12\/admissibility-for-introduction"}},{"event":{"chamber":{"chamberCode":"seanad","showAs":"Seanad \u00c9ireann","uri":"https:\/\/data.oireachtas.ie\/ie\/oireachtas\/def\/house\/seanad"},"dates":[{"date":"2025-01-29"}],"eventURI":"https:\/\/data.oireachtas.ie\/ie\/oireachtas\/def\/bill-event\/bill-lapsed","showAs":"Bill Lapsed","uri":"https:\/\/data.oireachtas.ie\/ie\/oireachtas\/bill\/2024\/12\/bill-lapsed"}}],"lastUpdated":"2025-01-30T11:17:37.160000+00:00","longTitleEn":"<p>Bill entitled an Act to require the National Transport Authority (NTA) to produce a report, to be delivered to the Minister of the Government with responsibility for a Department of State covering rail transport on the way in which the State may improve and strengthen rail passenger rights above and beyond the minimum requirements set down in EU secondary law, including Regulation 2021\/782, with particular regard to delayed and cancelled railway services, including the modalities of rail passengers rights on the access to compensation for delays and cancellations; to require the NTA to periodically produce a report to be delivered to the Minister of the Government with responsibility for a Department of State covering rail transport on the implementation of the EU secondary law and national law on rail passenger rights; and to provide for related matters.<\/p>\n","longTitleGa":"<p>Bille d\u00e1 ngairtear Acht d\u00e1 cheangal ar an \u00dadar\u00e1s N\u00e1isi\u00fanta Iompair (\u00daNI) tuarasc\u00e1il a chur ar f\u00e1il, a bheidh le seachadadh ar an Aire den Rialtas at\u00e1 freagrach as Roinn St\u00e1it a bhfuil iompar d\u2019iarnr\u00f3d faoina sc\u00e1th, maidir leis an tsl\u00ed ar a bhf\u00e9adfaidh an St\u00e1t cearta do phaisin\u00e9ir\u00ed iarnr\u00f3id a fheabhs\u00fa agus a neart\u00fa sa bhreis ar na ceanglais \u00edosta at\u00e1 leagtha s\u00edos i ndl\u00ed t\u00e1naisteach AE, lena n-\u00e1ir\u00edtear Rialach\u00e1n 2021\/782, le haird ar leith ar sheirbh\u00eds\u00ed iarnr\u00f3id moillithe agus cealaithe, lena n-\u00e1ir\u00edtear na m\u00f3d\u00falachta\u00ed a bhaineann le cearta do phaisin\u00e9ir\u00ed iarnr\u00f3id i nd\u00e1il le rochtain ar ch\u00faiteamh i moilleanna agus i gcealuithe; d\u00e1 cheangal ar \u00daNI tuarasc\u00e1il a chur ar f\u00e1il go tr\u00e9imhsi\u00fail, a bheidh le seachadadh ar an Aire den Rialtas at\u00e1 freagrach as Roinn St\u00e1it a bhfuil iompar d\u2019iarnr\u00f3d faoina sc\u00e1th, maidir le dl\u00ed t\u00e1naisteach AE agus an dl\u00ed n\u00e1isi\u00fanta a bhaineann le cearta do phaisin\u00e9ir\u00ed iarnr\u00f3id a chur i ngn\u00edomh; agus do dh\u00e9anamh socr\u00fa i dtaobh nithe gaolmhara.<\/p>\n","method":"Introduced","methodURI":"https:\/\/data.oireachtas.ie\/ie\/oireachtas\/def\/bill-method\/introduced","mostRecentStage":{"event":{"chamber":{"chamberCode":"seanad","showAs":"Seanad \u00c9ireann","uri":"https:\/\/data.oireachtas.ie\/ie\/oireachtas\/def\/house\/seanad"},"dates":[{"date":"2024-02-26"},{"date":"2024-03-05"},{"date":"2024-03-05"}],"house":{"chamberCode":"seanad","chamberType":"house","houseCode":"seanad","houseNo":"26","showAs":"26th Seanad","uri":"https:\/\/data.oireachtas.ie\/ie\/oireachtas\/house\/seanad\/26"},"progressStage":1,"showAs":"First Stage","stageCompleted":true,"stageOutcome":null,"stageURI":"https:\/\/data.oireachtas.ie\/ie\/oireachtas\/def\/bill-stage\/1","uri":"https:\/\/data.oireachtas.ie\/ie\/oireachtas\/bill\/2024\/12\/stage\/seanad\/1"}},"originHouse":{"showAs":"Seanad \u00c9ireann","uri":"https:\/\/data.oireachtas.ie\/ie\/oireachtas\/def\/house\/seanad"},"originHouseURI":"https:\/\/data.oireachtas.ie\/ie\/oireachtas\/def\/house\/seanad","relatedDocs":[{"relatedDoc":{"date":"2024-03-05","docType":"memo","formats":{"pdf":{"uri":"https:\/\/data.oireachtas.ie\/ie\/oireachtas\/bill\/2024\/12\/eng\/memo\/b1224s-memo.pdf"},"xml":null},"lang":"eng","showAs":"Explanatory Memorandum","uri":"https:\/\/data.oireachtas.ie\/ie\/oireachtas\/bill\/2024\/12\/eng\/memo"}}],"shortTitleEn":"Improved Rail Passenger Rights with Compensation for Delays and Cancellations Bill 2024","shortTitleGa":"An Bille um Chearta Feabhsaithe do Phaisin\u00e9ir\u00ed Iarnr\u00f3id le C\u00faiteamh i Moilleanna agus i gCealuithe, 2024","source":"Private Member","sourceURI":"https:\/\/data.oireachtas.ie\/ie\/oireachtas\/def\/bill-source\/private-member","sponsors":[{"sponsor":{"as":{"showAs":null,"uri":null},"by":{"showAs":"Martin Conway","uri":"https:\/\/data.oireachtas.ie\/ie\/oireachtas\/member\/id\/Martin-Conway.S.2011-05-25"},"isPrimary":false}},{"sponsor":{"as":{"showAs":null,"uri":null},"by":{"showAs":"Mary Seery Kearney","uri":"https:\/\/data.oireachtas.ie\/ie\/oireachtas\/member\/id\/Mary-Seery-Kearney.S.2020-06-29"},"isPrimary":false}},{"sponsor":{"as":{"showAs":null,"uri":null},"by":{"showAs":"John Cummins","uri":"https:\/\/data.oireachtas.ie\/ie\/oireachtas\/member\/id\/John-Cummins.S.2020-03-30"},"isPrimary":false}},{"sponsor":{"as":{"showAs":null,"uri":null},"by":{"showAs":"Garret Ahearn","uri":"https:\/\/data.oireachtas.ie\/ie\/oireachtas\/member\/id\/Garret-Ahearn.S.2020-03-30"},"isPrimary":false}},{"sponsor":{"as":{"showAs":null,"uri":null},"by":{"showAs":"Emer Currie","uri":"https:\/\/data.oireachtas.ie\/ie\/oireachtas\/member\/id\/Emer-Currie.S.2020-06-29"},"isPrimary":false}},{"sponsor":{"as":{"showAs":null,"uri":null},"by":{"showAs":"Aisling Dolan","uri":"https:\/\/data.oireachtas.ie\/ie\/oireachtas\/member\/id\/Aisling-Dolan.S.2020-06-29"},"isPrimary":false}},{"sponsor":{"as":{"showAs":null,"uri":null},"by":{"showAs":"Barry Ward","uri":"https:\/\/data.oireachtas.ie\/ie\/oireachtas\/member\/id\/Barry-Ward.S.2020-03-30"},"isPrimary":false}},{"sponsor":{"as":{"showAs":null,"uri":null},"by":{"showAs":"Tim Lombard","uri":"https:\/\/data.oireachtas.ie\/ie\/oireachtas\/member\/id\/Tim-Lombard.S.2016-04-25"},"isPrimary":false}},{"sponsor":{"as":{"showAs":null,"uri":null},"by":{"showAs":"Miche\u00e1l Carrigy","uri":"https:\/\/data.oireachtas.ie\/ie\/oireachtas\/member\/id\/Miche\u00e1l-Carrigy.S.2020-03-30"},"isPrimary":false}},{"sponsor":{"as":{"showAs":null,"uri":null},"by":{"showAs":"John McGahon","uri":"https:\/\/data.oireachtas.ie\/ie\/oireachtas\/member\/id\/John-McGahon.S.2020-03-30"},"isPrimary":true}},{"sponsor":{"as":{"showAs":null,"uri":null},"by":{"showAs":"Regina Doherty","uri":"https:\/\/data.oireachtas.ie\/ie\/oireachtas\/member\/id\/Regina-Doherty.D.2011-03-09"},"isPrimary":false}}],"stages":[{"event":{"chamber":{"chamberCode":"seanad","showAs":"Seanad \u00c9ireann","uri":"https:\/\/data.oireachtas.ie\/ie\/oireachtas\/def\/house\/seanad"},"dates":[{"date":"2024-02-26"},{"date":"2024-03-05"},{"date":"2024-03-05"}],"house":{"chamberCode":"seanad","chamberType":"house","houseCode":"seanad","houseNo":"26","showAs":"26th Seanad","uri":"https:\/\/data.oireachtas.ie\/ie\/oireachtas\/house\/seanad\/26"},"progressStage":1,"showAs":"First Stage","stageCompleted":true,"stageOutcome":null,"stageURI":"https:\/\/data.oireachtas.ie\/ie\/oireachtas\/def\/bill-stage\/1","uri":"https:\/\/data.oireachtas.ie\/ie\/oireachtas\/bill\/2024\/12\/stage\/seanad\/1"}}],"status":"Lapsed","statusURI":"https:\/\/data.oireachtas.ie\/ie\/oireachtas\/def\/bill-status\/lapsed","uri":"https:\/\/data.oireachtas.ie\/ie\/oireachtas\/bill\/2024\/12","versions":[{"version":{"date":"2024-03-05","docType":"bill","formats":{"pdf":{"uri":"https:\/\/data.oireachtas.ie\/ie\/oireachtas\/bill\/2024\/12\/eng\/initiated\/b1224s.pdf"},"xml":null},"lang":"eng","showAs":"As Initiated","uri":"https:\/\/data.oireachtas.ie\/ie\/oireachtas\/bill\/2024\/12\/eng\/initiated"}}]},"billSort":{"actNoSort":null,"actShortTitleEnSort":null,"actShortTitleGaSort":null,"actYearSort":null,"billNoSort":12,"billShortTitleEnSort":"improved-rail-passenger-rights-with-compensation-for-delays-and-cancellations-bill-2024","billShortTitleGaSort":"an-bille-um-chearta-feabhsaithe-do-phaisineiri-iarnroid-le-cuiteamh-i-moilleanna-agus-i-gcealuithe-2024","billYearSort":2024},"contextDate":"2024-03-05"},{"bill":{"act":null,"amendmentLists":[],"billNo":"11","billType":"Public","billTypeURI":"https:\/\/data.oireachtas.ie\/ie\/oireachtas\/def\/bill-type\/public","billYear":"2024","debates":[{"chamber":{"showAs":"D\u00e1il \u00c9ireann","uri":"https:\/\/data.oireachtas.ie\/ie\/oireachtas\/def\/house\/dail"},"date":"2024-02-28","debateSectionId":"dbsect_13","showAs":"Electoral (Home Addresses of Candidates) Bill 2024: First Stage","uri":"https:\/\/data.oireachtas.ie\/akn\/ie\/debateRecord\/dail\/2024-02-28\/debate\/main"}],"events":[{"event":{"chamber":{"chamberCode":"dail","showAs":"D\u00e1il \u00c9ireann","uri":"https:\/\/data.oireachtas.ie\/ie\/oireachtas\/def\/house\/dail"},"dates":[{"date":"2024-02-02"},{"date":"2024-02-02"},{"date":"2024-02-28"},{"date":"2025-05-01"}],"eventURI":"https:\/\/data.oireachtas.ie\/ie\/oireachtas\/def\/bill-event\/approved-for-initiation","showAs":"Approved for Initiation","uri":"https:\/\/data.oireachtas.ie\/ie\/oireachtas\/bill\/2024\/11\/approved-for-initiation"}},{"event":{"chamber":{"chamberCode":"dail","showAs":"D\u00e1il \u00c9ireann","uri":"https:\/\/data.oireachtas.ie\/ie\/oireachtas\/def\/house\/dail"},"dates":[{"date":"2024-11-08"}],"eventURI":"https:\/\/data.oireachtas.ie\/ie\/oireachtas\/def\/bill-event\/bill-lapsed","showAs":"Bill Lapsed","uri":"https:\/\/data.oireachtas.ie\/ie\/oireachtas\/bill\/2024\/11\/bill-lapsed"}}],"lastUpdated":"2025-05-02T13:20:53+00:00","longTitleEn":"<p style=\"text-align:justify\">Bill entitled an Act to exclude the requirement to publish the addresses of candidates standing for election to County Councils, D\u00e1il \u00c9ireann, Seanad \u00c9ireann, the Presidency or the European Parliament; to amend<em>\u00a0<\/em>the Electoral Amendment Act 2009; to amend the Local Government Act 1994; to amend the Electoral Act 1992; to amend the Seanad Electoral (Panel Members) Act 1947; to amend the Seanad Electoral (University Members) Act 1937; to amend the European Parliament Elections Act 1997; to amend the Presidential Elections Act 1993; and to provide for related matters.<\/p>\n","longTitleGa":"<p>Bille d\u00e1 ngairtear Acht d\u2019eisiamh an cheanglais go bhfoilseofar seolta\u00ed iarrth\u00f3ir\u00ed a bheidh ag seasamh lena dtoghadh chun Comhairl\u00ed Contae, chun D\u00e1il \u00c9ireann, chun Seanad \u00c9ireann, chun na hUachtar\u00e1nachta n\u00f3 chun Parlaimint na hEorpa; do leas\u00fa an Achta Toghch\u00e1in (Leas\u00fa), 2009; do leas\u00fa an Achta Rialtais \u00c1iti\u00fail, 1994; do leas\u00fa an Achta Toghch\u00e1in, 1992; do leas\u00fa Acht Toghch\u00e1in an tSeanaid (Rolla-Chomhalta\u00ed), 1947; do leas\u00fa Acht Toghch\u00e1in an tSeanaid (Baill Phr\u00edomh-Scoile), 1937; do leas\u00fa an Achta um Thoghch\u00e1in do Pharlaimint na hEorpa, 1997; do leas\u00fa Acht Toghch\u00e1n an Uachtar\u00e1in, 1993; agus do dh\u00e9anamh socr\u00fa i dtaobh nithe gaolmhara.<\/p>\n","method":"Introduced","methodURI":"https:\/\/data.oireachtas.ie\/ie\/oireachtas\/def\/bill-method\/introduced","mostRecentStage":{"event":{"chamber":{"chamberCode":"dail","showAs":"D\u00e1il \u00c9ireann","uri":"https:\/\/data.oireachtas.ie\/ie\/oireachtas\/def\/house\/dail"},"dates":[{"date":"2024-11-08"},{"date":"2025-05-01"}],"house":{"chamberCode":"dail","chamberType":"house","houseCode":"dail","houseNo":"33","showAs":"33rd D\u00e1il","uri":"https:\/\/data.oireachtas.ie\/ie\/oireachtas\/house\/dail\/33"},"progressStage":2,"showAs":"Second Stage","stageCompleted":false,"stageOutcome":"Current","stageURI":"https:\/\/data.oireachtas.ie\/ie\/oireachtas\/def\/bill-stage\/2","uri":"https:\/\/data.oireachtas.ie\/ie\/oireachtas\/bill\/2024\/11\/stage\/dail\/2"}},"originHouse":{"showAs":"D\u00e1il \u00c9ireann","uri":"https:\/\/data.oireachtas.ie\/ie\/oireachtas\/def\/house\/dail"},"originHouseURI":"https:\/\/data.oireachtas.ie\/ie\/oireachtas\/def\/house\/dail","relatedDocs":[{"relatedDoc":{"date":"2024-02-28","docType":"memo","formats":{"pdf":{"uri":"https:\/\/data.oireachtas.ie\/ie\/oireachtas\/bill\/2024\/11\/eng\/memo\/b1124d-memo.pdf"},"xml":null},"lang":"eng","showAs":"Explanatory Memorandum","uri":"https:\/\/data.oireachtas.ie\/ie\/oireachtas\/bill\/2024\/11\/eng\/memo"}}],"shortTitleEn":"Electoral (Home Addresses of Candidates) Bill 2024","shortTitleGa":"An Bille Toghch\u00e1in (Seolta\u00ed Baile Iarrth\u00f3ir\u00ed), 2024","source":"Private Member","sourceURI":"https:\/\/data.oireachtas.ie\/ie\/oireachtas\/def\/bill-source\/private-member","sponsors":[{"sponsor":{"as":{"showAs":null,"uri":null},"by":{"showAs":"Jennifer Whitmore","uri":"https:\/\/data.oireachtas.ie\/ie\/oireachtas\/member\/id\/Jennifer-Whitmore.D.2020-02-08"},"isPrimary":true}}],"stages":[{"event":{"chamber":{"chamberCode":"dail","showAs":"D\u00e1il \u00c9ireann","uri":"https:\/\/data.oireachtas.ie\/ie\/oireachtas\/def\/house\/dail"},"dates":[{"date":"2024-02-02"},{"date":"2024-02-02"},{"date":"2024-02-28"},{"date":"2024-02-28"}],"house":{"chamberCode":"dail","chamberType":"house","houseCode":"dail","houseNo":"33","showAs":"33rd D\u00e1il","uri":"https:\/\/data.oireachtas.ie\/ie\/oireachtas\/house\/dail\/33"},"progressStage":1,"showAs":"First Stage","stageCompleted":true,"stageOutcome":null,"stageURI":"https:\/\/data.oireachtas.ie\/ie\/oireachtas\/def\/bill-stage\/1","uri":"https:\/\/data.oireachtas.ie\/ie\/oireachtas\/bill\/2024\/11\/stage\/dail\/1"}},{"event":{"chamber":{"chamberCode":"dail","showAs":"D\u00e1il \u00c9ireann","uri":"https:\/\/data.oireachtas.ie\/ie\/oireachtas\/def\/house\/dail"},"dates":[{"date":"2024-11-08"},{"date":"2025-05-01"}],"house":{"chamberCode":"dail","chamberType":"house","houseCode":"dail","houseNo":"33","showAs":"33rd D\u00e1il","uri":"https:\/\/data.oireachtas.ie\/ie\/oireachtas\/house\/dail\/33"},"progressStage":2,"showAs":"Second Stage","stageCompleted":false,"stageOutcome":"Current","stageURI":"https:\/\/data.oireachtas.ie\/ie\/oireachtas\/def\/bill-stage\/2","uri":"https:\/\/data.oireachtas.ie\/ie\/oireachtas\/bill\/2024\/11\/stage\/dail\/2"}}],"status":"Current","statusURI":"https:\/\/data.oireachtas.ie\/ie\/oireachtas\/def\/bill-status\/published","uri":"https:\/\/data.oireachtas.ie\/ie\/oireachtas\/bill\/2024\/11","versions":[{"version":{"date":"2024-02-28","docType":"bill","formats":{"pdf":{"uri":"https:\/\/data.oireachtas.ie\/ie\/oireachtas\/bill\/2024\/11\/eng\/initiated\/b1124d.pdf"},"xml":null},"lang":"eng","showAs":"As Initiated","uri":"https:\/\/data.oireachtas.ie\/ie\/oireachtas\/bill\/2024\/11\/eng\/initiated"}}]},"billSort":{"actNoSort":null,"actShortTitleEnSort":null,"actShortTitleGaSort":null,"actYearSort":null,"billNoSort":11,"billShortTitleEnSort":"electoral-home-addresses-of-candidates-bill-2024","billShortTitleGaSort":"an-bille-toghchain-seoltai-baile-iarrthoiri-2024","billYearSort":2024},"contextDate":"2025-05-01"},{"bill":{"act":null,"amendmentLists":[{"amendmentList":{"amendmentTypeUri":{"uri":"https:\/\/data.oireachtas.ie\/ie\/oireachtas\/def\/amendment-type\/numberedList"},"chamber":{"showAs":"Seanad","uri":"https:\/\/data.oireachtas.ie\/ie\/oireachtas\/def\/seanad"},"date":"2026-04-22","formats":{"pdf":{"uri":"https:\/\/data.oireachtas.ie\/ie\/oireachtas\/bill\/2024\/10\/seanad\/4\/amendment\/numberedList\/eng\/b1024snl.pdf"},"xml":null},"showAs":"Numbered List [Seanad]","stage":{"showAs":"Report Stage","uri":"https:\/\/data.oireachtas.ie\/ie\/oireachtas\/bill\/2024\/10\/seanad\/4"},"stageNo":"4"}}],"billNo":"10","billType":"Public","billTypeURI":"https:\/\/data.oireachtas.ie\/ie\/oireachtas\/def\/bill-type\/public","billYear":"2024","debates":[{"chamber":{"showAs":"Seanad \u00c9ireann","uri":"https:\/\/data.oireachtas.ie\/ie\/oireachtas\/def\/house\/seanad"},"date":"2026-04-22","debateSectionId":"dbsect_10","showAs":"Air Navigation and Transport (Arms Embargo) Bill 2024 [Seanad]: Report and Final Stages","uri":"https:\/\/data.oireachtas.ie\/akn\/ie\/debateRecord\/seanad\/2026-04-22\/debate\/main"},{"chamber":{"showAs":"Seanad \u00c9ireann","uri":"https:\/\/data.oireachtas.ie\/ie\/oireachtas\/def\/house\/seanad"},"date":"2025-04-02","debateSectionId":"dbsect_13","showAs":"Air Navigation and Transport (Arms Embargo) Bill 2024: Order for Committee Stage","uri":"https:\/\/data.oireachtas.ie\/akn\/ie\/debateRecord\/seanad\/2025-04-02\/debate\/main"},{"chamber":{"showAs":"Seanad \u00c9ireann","uri":"https:\/\/data.oireachtas.ie\/ie\/oireachtas\/def\/house\/seanad"},"date":"2025-04-02","debateSectionId":"dbsect_14","showAs":"Air Navigation and Transport (Arms Embargo) Bill 2024: Committee Stage","uri":"https:\/\/data.oireachtas.ie\/akn\/ie\/debateRecord\/seanad\/2025-04-02\/debate\/main"},{"chamber":{"showAs":"Seanad \u00c9ireann","uri":"https:\/\/data.oireachtas.ie\/ie\/oireachtas\/def\/house\/seanad"},"date":"2024-05-29","debateSectionId":"dbsect_11","showAs":"Air Navigation and Transport (Arms Embargo) Bill 2024: Second Stage","uri":"https:\/\/data.oireachtas.ie\/akn\/ie\/debateRecord\/seanad\/2024-05-29\/debate\/main"},{"chamber":{"showAs":"Seanad \u00c9ireann","uri":"https:\/\/data.oireachtas.ie\/ie\/oireachtas\/def\/house\/seanad"},"date":"2024-02-28","debateSectionId":"dbsect_15","showAs":"Air Navigation and Transport (Arms Embargo) Bill 2024: First Stage","uri":"https:\/\/data.oireachtas.ie\/akn\/ie\/debateRecord\/seanad\/2024-02-28\/debate\/main"}],"events":[{"event":{"chamber":{"chamberCode":"seanad","showAs":"Seanad \u00c9ireann","uri":"https:\/\/data.oireachtas.ie\/ie\/oireachtas\/def\/house\/seanad"},"dates":[{"date":"2024-02-23"},{"date":"2024-02-28"},{"date":"2025-03-04"},{"date":"2026-04-22"}],"eventURI":"https:\/\/data.oireachtas.ie\/ie\/oireachtas\/def\/bill-event\/admissibility-for-introduction","showAs":"Admissibility for Introduction","uri":"https:\/\/data.oireachtas.ie\/ie\/oireachtas\/bill\/2024\/10\/admissibility-for-introduction"}},{"event":{"chamber":{"chamberCode":"seanad","showAs":"Seanad \u00c9ireann","uri":"https:\/\/data.oireachtas.ie\/ie\/oireachtas\/def\/house\/seanad"},"dates":[{"date":"2025-01-29"}],"eventURI":"https:\/\/data.oireachtas.ie\/ie\/oireachtas\/def\/bill-event\/bill-lapsed","showAs":"Bill Lapsed","uri":"https:\/\/data.oireachtas.ie\/ie\/oireachtas\/bill\/2024\/10\/bill-lapsed"}}],"lastUpdated":"2026-04-29T14:59:08.320000+00:00","longTitleEn":"<p>Bill entitled an Act to provide for restrictions on the transit and export of weapons of war from and through the State to the state of Israel and to provide for appropriate inspections of planes seeking to transit weapons through the State, and to provide for related matters.<\/p>\n","longTitleGa":"<p>Bille d\u00e1 ngairtear Acht do dh\u00e9anamh socr\u00fa maidir le srianta ar thrasghluaiseacht agus onnmhairi\u00fa arm cogaidh as an St\u00e1t, agus tr\u00edd an St\u00e1t, chuig st\u00e1t Iosrael agus do dh\u00e9anamh socr\u00fa maidir le hini\u00fachta\u00ed cu\u00ed ar eitle\u00e1in lena bhf\u00e9achfar le hairm a thrasghluaiseacht tr\u00edd an St\u00e1t, agus do dh\u00e9anamh socr\u00fa i dtaobh nithe gaolmhara.<\/p>\n","method":"Introduced","methodURI":"https:\/\/data.oireachtas.ie\/ie\/oireachtas\/def\/bill-method\/introduced","mostRecentStage":{"event":{"chamber":{"chamberCode":"seanad","showAs":"Seanad \u00c9ireann","uri":"https:\/\/data.oireachtas.ie\/ie\/oireachtas\/def\/house\/seanad"},"dates":[{"date":"2025-01-29"},{"date":"2025-03-04"},{"date":"2025-04-02"},{"date":"2025-04-02"},{"date":"2025-04-02"},{"date":"2025-04-02"}],"house":{"chamberCode":"seanad","chamberType":"house","houseCode":"seanad","houseNo":"27","showAs":"27th Seanad","uri":"https:\/\/data.oireachtas.ie\/ie\/oireachtas\/house\/seanad\/27"},"progressStage":3,"showAs":"Committee Stage","stageCompleted":true,"stageOutcome":null,"stageURI":"https:\/\/data.oireachtas.ie\/ie\/oireachtas\/def\/bill-stage\/3","uri":"https:\/\/data.oireachtas.ie\/ie\/oireachtas\/bill\/2024\/10\/stage\/seanad\/3"}},"originHouse":{"showAs":"Seanad \u00c9ireann","uri":"https:\/\/data.oireachtas.ie\/ie\/oireachtas\/def\/house\/seanad"},"originHouseURI":"https:\/\/data.oireachtas.ie\/ie\/oireachtas\/def\/house\/seanad","relatedDocs":[],"shortTitleEn":"Air Navigation and Transport (Arms Embargo) Bill 2024","shortTitleGa":"An Bille Aerloingseoireachta agus Aeriompair (L\u00e1nchosc Arm), 2024","source":"Private Member","sourceURI":"https:\/\/data.oireachtas.ie\/ie\/oireachtas\/def\/bill-source\/private-member","sponsors":[{"sponsor":{"as":{"showAs":null,"uri":null},"by":{"showAs":"Lynn Ruane","uri":"https:\/\/data.oireachtas.ie\/ie\/oireachtas\/member\/id\/Lynn-Ruane.S.2016-04-25"},"isPrimary":false}},{"sponsor":{"as":{"showAs":null,"uri":null},"by":{"showAs":"Frances Black","uri":"https:\/\/data.oireachtas.ie\/ie\/oireachtas\/member\/id\/Frances-Black.S.2016-04-25"},"isPrimary":false}},{"sponsor":{"as":{"showAs":null,"uri":null},"by":{"showAs":"Alice-Mary Higgins","uri":"https:\/\/data.oireachtas.ie\/ie\/oireachtas\/member\/id\/Alice-Mary-Higgins.S.2016-04-25"},"isPrimary":true}},{"sponsor":{"as":{"showAs":null,"uri":null},"by":{"showAs":"Eileen Flynn","uri":"https:\/\/data.oireachtas.ie\/ie\/oireachtas\/member\/id\/Eileen-Flynn.S.2020-06-29"},"isPrimary":false}}],"stages":[{"event":{"chamber":{"chamberCode":"seanad","showAs":"Seanad \u00c9ireann","uri":"https:\/\/data.oireachtas.ie\/ie\/oireachtas\/def\/house\/seanad"},"dates":[{"date":"2024-02-23"},{"date":"2024-02-28"},{"date":"2024-02-28"}],"house":{"chamberCode":"seanad","chamberType":"house","houseCode":"seanad","houseNo":"26","showAs":"26th Seanad","uri":"https:\/\/data.oireachtas.ie\/ie\/oireachtas\/house\/seanad\/26"},"progressStage":1,"showAs":"First Stage","stageCompleted":true,"stageOutcome":null,"stageURI":"https:\/\/data.oireachtas.ie\/ie\/oireachtas\/def\/bill-stage\/1","uri":"https:\/\/data.oireachtas.ie\/ie\/oireachtas\/bill\/2024\/10\/stage\/seanad\/1"}},{"event":{"chamber":{"chamberCode":"seanad","showAs":"Seanad \u00c9ireann","uri":"https:\/\/data.oireachtas.ie\/ie\/oireachtas\/def\/house\/seanad"},"dates":[{"date":"2024-02-28"}],"house":{"chamberCode":"seanad","chamberType":"house","houseCode":"seanad","houseNo":"26","showAs":"26th Seanad","uri":"https:\/\/data.oireachtas.ie\/ie\/oireachtas\/house\/seanad\/26"},"progressStage":2,"showAs":"Second Stage","stageCompleted":true,"stageOutcome":null,"stageURI":"https:\/\/data.oireachtas.ie\/ie\/oireachtas\/def\/bill-stage\/2","uri":"https:\/\/data.oireachtas.ie\/ie\/oireachtas\/bill\/2024\/10\/stage\/seanad\/2"}},{"event":{"chamber":{"chamberCode":"seanad","showAs":"Seanad \u00c9ireann","uri":"https:\/\/data.oireachtas.ie\/ie\/oireachtas\/def\/house\/seanad"},"dates":[{"date":"2025-01-29"},{"date":"2025-03-04"},{"date":"2025-04-02"},{"date":"2025-04-02"},{"date":"2025-04-02"},{"date":"2025-04-02"}],"house":{"chamberCode":"seanad","chamberType":"house","houseCode":"seanad","houseNo":"27","showAs":"27th Seanad","uri":"https:\/\/data.oireachtas.ie\/ie\/oireachtas\/house\/seanad\/27"},"progressStage":3,"showAs":"Committee Stage","stageCompleted":true,"stageOutcome":null,"stageURI":"https:\/\/data.oireachtas.ie\/ie\/oireachtas\/def\/bill-stage\/3","uri":"https:\/\/data.oireachtas.ie\/ie\/oireachtas\/bill\/2024\/10\/stage\/seanad\/3"}}],"status":"Defeated","statusURI":"https:\/\/data.oireachtas.ie\/ie\/oireachtas\/def\/bill-status\/defeated","uri":"https:\/\/data.oireachtas.ie\/ie\/oireachtas\/bill\/2024\/10","versions":[{"version":{"date":"2024-02-28","docType":"bill","formats":{"pdf":{"uri":"https:\/\/data.oireachtas.ie\/ie\/oireachtas\/bill\/2024\/10\/eng\/initiated\/b1024s.pdf"},"xml":null},"lang":"eng","showAs":"As Initiated","uri":"https:\/\/data.oireachtas.ie\/ie\/oireachtas\/bill\/2024\/10\/eng\/initiated"}}]},"billSort":{"actNoSort":null,"actShortTitleEnSort":null,"actShortTitleGaSort":null,"actYearSort":null,"billNoSort":10,"billShortTitleEnSort":"air-navigation-and-transport-arms-embargo-bill-2024","billShortTitleGaSort":"an-bille-aerloingseoireachta-agus-aeriompair-lanchosc-arm-2024","billYearSort":2024},"contextDate":"2025-04-02"},{"bill":{"act":null,"amendmentLists":[],"billNo":"9","billType":"Public","billTypeURI":"https:\/\/data.oireachtas.ie\/ie\/oireachtas\/def\/bill-type\/public","billYear":"2024","debates":[{"chamber":{"showAs":"D\u00e1il \u00c9ireann","uri":"https:\/\/data.oireachtas.ie\/ie\/oireachtas\/def\/house\/dail"},"date":"2025-05-28","debateSectionId":"dbsect_20","showAs":"Broadcasting (Oversight of RT\u00c9 Accounts) (Amendment) Bill 2024: Second Stage (Resumed) [Private Members]","uri":"https:\/\/data.oireachtas.ie\/akn\/ie\/debateRecord\/dail\/2025-05-28\/debate\/main"},{"chamber":{"showAs":"D\u00e1il \u00c9ireann","uri":"https:\/\/data.oireachtas.ie\/ie\/oireachtas\/def\/house\/dail"},"date":"2025-05-22","debateSectionId":"dbsect_45","showAs":"Broadcasting (Oversight of RT\u00c9 Accounts) (Amendment) Bill 2024: Second Stage [Private Members]","uri":"https:\/\/data.oireachtas.ie\/akn\/ie\/debateRecord\/dail\/2025-05-22\/debate\/main"},{"chamber":{"showAs":"D\u00e1il \u00c9ireann","uri":"https:\/\/data.oireachtas.ie\/ie\/oireachtas\/def\/house\/dail"},"date":"2024-02-27","debateSectionId":"dbsect_9","showAs":"Broadcasting (Oversight of RT\u00c9 Accounts) (Amendment) Bill 2024: First Stage","uri":"https:\/\/data.oireachtas.ie\/akn\/ie\/debateRecord\/dail\/2024-02-27\/debate\/main"}],"events":[{"event":{"chamber":{"chamberCode":"dail","showAs":"D\u00e1il \u00c9ireann","uri":"https:\/\/data.oireachtas.ie\/ie\/oireachtas\/def\/house\/dail"},"dates":[{"date":"2024-02-22"},{"date":"2024-02-22"},{"date":"2024-02-27"},{"date":"2025-05-01"},{"date":"2025-05-28"}],"eventURI":"https:\/\/data.oireachtas.ie\/ie\/oireachtas\/def\/bill-event\/approved-for-initiation","showAs":"Approved for Initiation","uri":"https:\/\/data.oireachtas.ie\/ie\/oireachtas\/bill\/2024\/9\/approved-for-initiation"}},{"event":{"chamber":{"chamberCode":"dail","showAs":"D\u00e1il \u00c9ireann","uri":"https:\/\/data.oireachtas.ie\/ie\/oireachtas\/def\/house\/dail"},"dates":[{"date":"2024-11-08"}],"eventURI":"https:\/\/data.oireachtas.ie\/ie\/oireachtas\/def\/bill-event\/bill-lapsed","showAs":"Bill Lapsed","uri":"https:\/\/data.oireachtas.ie\/ie\/oireachtas\/bill\/2024\/9\/bill-lapsed"}}],"lastUpdated":"2025-06-03T08:48:40.590000+00:00","longTitleEn":"<p>Bill entitled an Act to amend the Broadcasting Act 2009 to give the Comptroller and Auditor General oversight of RT\u00c9 accounts.&nbsp;<\/p>\n","longTitleGa":"<p>Bille d\u00e1 ngairtear Acht do leas\u00fa an Achta Craolach\u00e1in, 2009 chun formhaoirsi\u00fa ar chuntais RT\u00c9 a thabhairt don Ard-Reachtaire Cuntas agus Ciste.<\/p>\n","method":"Introduced","methodURI":"https:\/\/data.oireachtas.ie\/ie\/oireachtas\/def\/bill-method\/introduced","mostRecentStage":{"event":{"chamber":{"chamberCode":"dail","showAs":"D\u00e1il \u00c9ireann","uri":"https:\/\/data.oireachtas.ie\/ie\/oireachtas\/def\/house\/dail"},"dates":[{"date":"2025-02-27"},{"date":"2025-02-27"},{"date":"2025-02-27"},{"date":"2025-02-27"}],"house":{"chamberCode":"dail","chamberType":"house","houseCode":"dail","houseNo":"34","showAs":"34th D\u00e1il","uri":"https:\/\/data.oireachtas.ie\/ie\/oireachtas\/house\/dail\/34"},"progressStage":2,"showAs":"Second Stage","stageCompleted":true,"stageOutcome":null,"stageURI":"https:\/\/data.oireachtas.ie\/ie\/oireachtas\/def\/bill-stage\/2","uri":"https:\/\/data.oireachtas.ie\/ie\/oireachtas\/bill\/2024\/9\/stage\/dail\/2"}},"originHouse":{"showAs":"D\u00e1il \u00c9ireann","uri":"https:\/\/data.oireachtas.ie\/ie\/oireachtas\/def\/house\/dail"},"originHouseURI":"https:\/\/data.oireachtas.ie\/ie\/oireachtas\/def\/house\/dail","relatedDocs":[{"relatedDoc":{"date":"2024-02-27","docType":"memo","formats":{"pdf":{"uri":"https:\/\/data.oireachtas.ie\/ie\/oireachtas\/bill\/2024\/9\/eng\/memo\/b0924d-memo.pdf"},"xml":null},"lang":"eng","showAs":"Explanatory Memorandum","uri":"https:\/\/data.oireachtas.ie\/ie\/oireachtas\/bill\/2024\/9\/eng\/memo"}}],"shortTitleEn":"Broadcasting (Oversight of RT\u00c9 Accounts) (Amendment) Bill 2024","shortTitleGa":"An Bille Craolach\u00e1in (Formhaoirsi\u00fa ar Chuntais RT\u00c9) (Leas\u00fa), 2024","source":"Private Member","sourceURI":"https:\/\/data.oireachtas.ie\/ie\/oireachtas\/def\/bill-source\/private-member","sponsors":[{"sponsor":{"as":{"showAs":null,"uri":null},"by":{"showAs":"Aengus \u00d3 Snodaigh","uri":"https:\/\/data.oireachtas.ie\/ie\/oireachtas\/member\/id\/Aengus-\u00d3-Snodaigh.D.2002-06-06"},"isPrimary":true}},{"sponsor":{"as":{"showAs":null,"uri":null},"by":{"showAs":"Imelda Munster","uri":"https:\/\/data.oireachtas.ie\/ie\/oireachtas\/member\/id\/Imelda-Munster.D.2016-10-03"},"isPrimary":false}},{"sponsor":{"as":{"showAs":null,"uri":null},"by":{"showAs":"Brian Stanley","uri":"https:\/\/data.oireachtas.ie\/ie\/oireachtas\/member\/id\/Brian-Stanley.D.2011-03-09"},"isPrimary":false}},{"sponsor":{"as":{"showAs":null,"uri":null},"by":{"showAs":"John Brady","uri":"https:\/\/data.oireachtas.ie\/ie\/oireachtas\/member\/id\/John-Brady.D.2016-10-03"},"isPrimary":false}},{"sponsor":{"as":{"showAs":null,"uri":null},"by":{"showAs":"Rose Conway-Walsh","uri":"https:\/\/data.oireachtas.ie\/ie\/oireachtas\/member\/id\/Rose-Conway-Walsh.S.2016-04-25"},"isPrimary":false}},{"sponsor":{"as":{"showAs":null,"uri":null},"by":{"showAs":"Thomas Gould","uri":"https:\/\/data.oireachtas.ie\/ie\/oireachtas\/member\/id\/Thomas-Gould.D.2020-02-08"},"isPrimary":false}}],"stages":[{"event":{"chamber":{"chamberCode":"dail","showAs":"D\u00e1il \u00c9ireann","uri":"https:\/\/data.oireachtas.ie\/ie\/oireachtas\/def\/house\/dail"},"dates":[{"date":"2024-02-22"},{"date":"2024-02-22"},{"date":"2024-02-27"},{"date":"2024-02-27"}],"house":{"chamberCode":"dail","chamberType":"house","houseCode":"dail","houseNo":"33","showAs":"33rd D\u00e1il","uri":"https:\/\/data.oireachtas.ie\/ie\/oireachtas\/house\/dail\/33"},"progressStage":1,"showAs":"First Stage","stageCompleted":true,"stageOutcome":null,"stageURI":"https:\/\/data.oireachtas.ie\/ie\/oireachtas\/def\/bill-stage\/1","uri":"https:\/\/data.oireachtas.ie\/ie\/oireachtas\/bill\/2024\/9\/stage\/dail\/1"}},{"event":{"chamber":{"chamberCode":"dail","showAs":"D\u00e1il \u00c9ireann","uri":"https:\/\/data.oireachtas.ie\/ie\/oireachtas\/def\/house\/dail"},"dates":[{"date":"2025-02-27"},{"date":"2025-02-27"},{"date":"2025-02-27"},{"date":"2025-02-27"}],"house":{"chamberCode":"dail","chamberType":"house","houseCode":"dail","houseNo":"34","showAs":"34th D\u00e1il","uri":"https:\/\/data.oireachtas.ie\/ie\/oireachtas\/house\/dail\/34"},"progressStage":2,"showAs":"Second Stage","stageCompleted":true,"stageOutcome":null,"stageURI":"https:\/\/data.oireachtas.ie\/ie\/oireachtas\/def\/bill-stage\/2","uri":"https:\/\/data.oireachtas.ie\/ie\/oireachtas\/bill\/2024\/9\/stage\/dail\/2"}}],"status":"Defeated","statusURI":"https:\/\/data.oireachtas.ie\/ie\/oireachtas\/def\/bill-status\/defeated","uri":"https:\/\/data.oireachtas.ie\/ie\/oireachtas\/bill\/2024\/9","versions":[{"version":{"date":"2024-02-27","docType":"bill","formats":{"pdf":{"uri":"https:\/\/data.oireachtas.ie\/ie\/oireachtas\/bill\/2024\/9\/eng\/initiated\/b0924d.pdf"},"xml":null},"lang":"eng","showAs":"As Initiated","uri":"https:\/\/data.oireachtas.ie\/ie\/oireachtas\/bill\/2024\/9\/eng\/initiated"}}]},"billSort":{"actNoSort":null,"actShortTitleEnSort":null,"actShortTitleGaSort":null,"actYearSort":null,"billNoSort":9,"billShortTitleEnSort":"broadcasting-oversight-of-rte-accounts-amendment-bill-2024","billShortTitleGaSort":"an-bille-craolachain-formhaoirsiu-ar-chuntais-rte-leasu-2024","billYearSort":2024},"contextDate":"2025-02-27"},{"bill":{"act":null,"amendmentLists":[],"billNo":"8","billType":"Public","billTypeURI":"https:\/\/data.oireachtas.ie\/ie\/oireachtas\/def\/bill-type\/public","billYear":"2024","debates":[{"chamber":{"showAs":"D\u00e1il \u00c9ireann","uri":"https:\/\/data.oireachtas.ie\/ie\/oireachtas\/def\/house\/dail"},"date":"2024-07-02","debateSectionId":"dbsect_15","showAs":"Residential Tenancies (Amendment) Bill 2024: Second Stage [Private Members]","uri":"https:\/\/data.oireachtas.ie\/akn\/ie\/debateRecord\/dail\/2024-07-02\/debate\/main"},{"chamber":{"showAs":"D\u00e1il \u00c9ireann","uri":"https:\/\/data.oireachtas.ie\/ie\/oireachtas\/def\/house\/dail"},"date":"2024-07-02","debateSectionId":"dbsect_17","showAs":"Residential Tenancies (Amendment) Bill 2024: Second Stage (Resumed) [Private Members]","uri":"https:\/\/data.oireachtas.ie\/akn\/ie\/debateRecord\/dail\/2024-07-02\/debate\/main"},{"chamber":{"showAs":"D\u00e1il \u00c9ireann","uri":"https:\/\/data.oireachtas.ie\/ie\/oireachtas\/def\/house\/dail"},"date":"2024-02-27","debateSectionId":"dbsect_8","showAs":"Residential Tenancies (Amendment) Bill 2024: First Stage","uri":"https:\/\/data.oireachtas.ie\/akn\/ie\/debateRecord\/dail\/2024-02-27\/debate\/main"}],"events":[{"event":{"chamber":{"chamberCode":"dail","showAs":"D\u00e1il \u00c9ireann","uri":"https:\/\/data.oireachtas.ie\/ie\/oireachtas\/def\/house\/dail"},"dates":[{"date":"2024-02-19"},{"date":"2024-02-19"},{"date":"2024-02-27"},{"date":"2025-05-01"}],"eventURI":"https:\/\/data.oireachtas.ie\/ie\/oireachtas\/def\/bill-event\/approved-for-initiation","showAs":"Approved for Initiation","uri":"https:\/\/data.oireachtas.ie\/ie\/oireachtas\/bill\/2024\/8\/approved-for-initiation"}},{"event":{"chamber":{"chamberCode":"dail","showAs":"D\u00e1il \u00c9ireann","uri":"https:\/\/data.oireachtas.ie\/ie\/oireachtas\/def\/house\/dail"},"dates":[{"date":"2024-11-08"}],"eventURI":"https:\/\/data.oireachtas.ie\/ie\/oireachtas\/def\/bill-event\/bill-lapsed","showAs":"Bill Lapsed","uri":"https:\/\/data.oireachtas.ie\/ie\/oireachtas\/bill\/2024\/8\/bill-lapsed"}}],"lastUpdated":"2025-05-02T11:31:37.400000+00:00","longTitleEn":"<p>Bill entitled an Act to amend the Residential Tenancies Act 2004 and to provide for related matters.<\/p>\n","longTitleGa":"<p>Bille d\u00e1 ngairtear Acht do leas\u00fa an Achta um Thion\u00f3ntachta\u00ed C\u00f3naithe, 2004 agus do dh\u00e9anamh socr\u00fa i dtaobh nithe gaolmhara.<\/p>\n","method":"Introduced","methodURI":"https:\/\/data.oireachtas.ie\/ie\/oireachtas\/def\/bill-method\/introduced","mostRecentStage":{"event":{"chamber":{"chamberCode":"dail","showAs":"D\u00e1il \u00c9ireann","uri":"https:\/\/data.oireachtas.ie\/ie\/oireachtas\/def\/house\/dail"},"dates":[{"date":"2024-11-08"},{"date":"2025-05-01"}],"house":{"chamberCode":"dail","chamberType":"house","houseCode":"dail","houseNo":"33","showAs":"33rd D\u00e1il","uri":"https:\/\/data.oireachtas.ie\/ie\/oireachtas\/house\/dail\/33"},"progressStage":3,"showAs":"Committee Stage","stageCompleted":false,"stageOutcome":"Current","stageURI":"https:\/\/data.oireachtas.ie\/ie\/oireachtas\/def\/bill-stage\/3","uri":"https:\/\/data.oireachtas.ie\/ie\/oireachtas\/bill\/2024\/8\/stage\/dail\/3"}},"originHouse":{"showAs":"D\u00e1il \u00c9ireann","uri":"https:\/\/data.oireachtas.ie\/ie\/oireachtas\/def\/house\/dail"},"originHouseURI":"https:\/\/data.oireachtas.ie\/ie\/oireachtas\/def\/house\/dail","relatedDocs":[],"shortTitleEn":"Residential Tenancies (Amendment) Bill 2024","shortTitleGa":"An Bille um Thion\u00f3ntachta\u00ed C\u00f3naithe (Leas\u00fa), 2024","source":"Private Member","sourceURI":"https:\/\/data.oireachtas.ie\/ie\/oireachtas\/def\/bill-source\/private-member","sponsors":[{"sponsor":{"as":{"showAs":null,"uri":null},"by":{"showAs":"Mair\u00e9ad Farrell","uri":"https:\/\/data.oireachtas.ie\/ie\/oireachtas\/member\/id\/Mair\u00e9ad-Farrell.D.2020-02-08"},"isPrimary":true}},{"sponsor":{"as":{"showAs":null,"uri":null},"by":{"showAs":"Eoin \u00d3 Broin","uri":"https:\/\/data.oireachtas.ie\/ie\/oireachtas\/member\/id\/Eoin-\u00d3-Broin.D.2016-10-03"},"isPrimary":false}}],"stages":[{"event":{"chamber":{"chamberCode":"dail","showAs":"D\u00e1il \u00c9ireann","uri":"https:\/\/data.oireachtas.ie\/ie\/oireachtas\/def\/house\/dail"},"dates":[{"date":"2024-02-19"},{"date":"2024-02-19"},{"date":"2024-02-27"},{"date":"2024-02-27"}],"house":{"chamberCode":"dail","chamberType":"house","houseCode":"dail","houseNo":"33","showAs":"33rd D\u00e1il","uri":"https:\/\/data.oireachtas.ie\/ie\/oireachtas\/house\/dail\/33"},"progressStage":1,"showAs":"First Stage","stageCompleted":true,"stageOutcome":null,"stageURI":"https:\/\/data.oireachtas.ie\/ie\/oireachtas\/def\/bill-stage\/1","uri":"https:\/\/data.oireachtas.ie\/ie\/oireachtas\/bill\/2024\/8\/stage\/dail\/1"}},{"event":{"chamber":{"chamberCode":"dail","showAs":"D\u00e1il \u00c9ireann","uri":"https:\/\/data.oireachtas.ie\/ie\/oireachtas\/def\/house\/dail"},"dates":[{"date":"2024-02-27"}],"house":{"chamberCode":"dail","chamberType":"house","houseCode":"dail","houseNo":"33","showAs":"33rd D\u00e1il","uri":"https:\/\/data.oireachtas.ie\/ie\/oireachtas\/house\/dail\/33"},"progressStage":2,"showAs":"Second Stage","stageCompleted":true,"stageOutcome":null,"stageURI":"https:\/\/data.oireachtas.ie\/ie\/oireachtas\/def\/bill-stage\/2","uri":"https:\/\/data.oireachtas.ie\/ie\/oireachtas\/bill\/2024\/8\/stage\/dail\/2"}},{"event":{"chamber":{"chamberCode":"dail","showAs":"D\u00e1il \u00c9ireann","uri":"https:\/\/data.oireachtas.ie\/ie\/oireachtas\/def\/house\/dail"},"dates":[{"date":"2024-11-08"},{"date":"2025-05-01"}],"house":{"chamberCode":"dail","chamberType":"house","houseCode":"dail","houseNo":"33","showAs":"33rd D\u00e1il","uri":"https:\/\/data.oireachtas.ie\/ie\/oireachtas\/house\/dail\/33"},"progressStage":3,"showAs":"Committee Stage","stageCompleted":false,"stageOutcome":"Current","stageURI":"https:\/\/data.oireachtas.ie\/ie\/oireachtas\/def\/bill-stage\/3","uri":"https:\/\/data.oireachtas.ie\/ie\/oireachtas\/bill\/2024\/8\/stage\/dail\/3"}}],"status":"Current","statusURI":"https:\/\/data.oireachtas.ie\/ie\/oireachtas\/def\/bill-status\/published","uri":"https:\/\/data.oireachtas.ie\/ie\/oireachtas\/bill\/2024\/8","versions":[{"version":{"date":"2024-02-27","docType":"bill","formats":{"pdf":{"uri":"https:\/\/data.oireachtas.ie\/ie\/oireachtas\/bill\/2024\/8\/eng\/initiated\/b0824d.pdf"},"xml":null},"lang":"eng","showAs":"As Initiated","uri":"https:\/\/data.oireachtas.ie\/ie\/oireachtas\/bill\/2024\/8\/eng\/initiated"}}]},"billSort":{"actNoSort":null,"actShortTitleEnSort":null,"actShortTitleGaSort":null,"actYearSort":null,"billNoSort":8,"billShortTitleEnSort":"residential-tenancies-amendment-bill-2024","billShortTitleGaSort":"an-bille-um-thionontachtai-conaithe-leasu-2024","billYearSort":2024},"contextDate":"2025-05-01"},{"bill":{"act":null,"amendmentLists":[],"billNo":"7","billType":"Public","billTypeURI":"https:\/\/data.oireachtas.ie\/ie\/oireachtas\/def\/bill-type\/public","billYear":"2024","debates":[{"chamber":{"showAs":"Seanad \u00c9ireann","uri":"https:\/\/data.oireachtas.ie\/ie\/oireachtas\/def\/house\/seanad"},"date":"2024-03-21","debateSectionId":"dbsect_13","showAs":"An Bille um an Aon\u00fa Leas\u00fa is Daichead ar an mBunreacht (An Comhaont\u00fa maidir le C\u00fairt Aontaithe um Paitinn\u00ed), 2024: An Dara C\u00e9im","uri":"https:\/\/data.oireachtas.ie\/akn\/ie\/debateRecord\/seanad\/2024-03-21\/debate\/main"},{"chamber":{"showAs":"Seanad \u00c9ireann","uri":"https:\/\/data.oireachtas.ie\/ie\/oireachtas\/def\/house\/seanad"},"date":"2024-03-21","debateSectionId":"dbsect_14","showAs":"Forty-first Amendment of the Constitution (Agreement on a Unified Patent Court) Bill 2024: Second Stage","uri":"https:\/\/data.oireachtas.ie\/akn\/ie\/debateRecord\/seanad\/2024-03-21\/debate\/main"},{"chamber":{"showAs":"D\u00e1il \u00c9ireann","uri":"https:\/\/data.oireachtas.ie\/ie\/oireachtas\/def\/house\/dail"},"date":"2024-03-06","debateSectionId":"dbsect_16","showAs":"An Bille um an Aon\u00fa Leas\u00fa is Daichead ar an mBunreacht (An Comhaont\u00fa maidir le C\u00fairt Aontaithe um Paitinn\u00ed), 2024: C\u00e9im an Choiste agus na C\u00e9imeanna a bheidh F\u00e1gtha","uri":"https:\/\/data.oireachtas.ie\/akn\/ie\/debateRecord\/dail\/2024-03-06\/debate\/main"},{"chamber":{"showAs":"D\u00e1il \u00c9ireann","uri":"https:\/\/data.oireachtas.ie\/ie\/oireachtas\/def\/house\/dail"},"date":"2024-03-06","debateSectionId":"dbsect_17","showAs":"Forty-first Amendment of the Constitution (Agreement on a Unified Patent Court) Bill 2024: Committee and Remaining Stages","uri":"https:\/\/data.oireachtas.ie\/akn\/ie\/debateRecord\/dail\/2024-03-06\/debate\/main"},{"chamber":{"showAs":"D\u00e1il \u00c9ireann","uri":"https:\/\/data.oireachtas.ie\/ie\/oireachtas\/def\/house\/dail"},"date":"2024-02-29","debateSectionId":"dbsect_35","showAs":"An Bille um an Aon\u00fa Leas\u00fa is Daichead ar an mBunreacht (An Comhaont\u00fa maidir le C\u00fairt Aontaithe um Paitinn\u00ed), 2024: An Dara C\u00e9im","uri":"https:\/\/data.oireachtas.ie\/akn\/ie\/debateRecord\/dail\/2024-02-29\/debate\/main"},{"chamber":{"showAs":"D\u00e1il \u00c9ireann","uri":"https:\/\/data.oireachtas.ie\/ie\/oireachtas\/def\/house\/dail"},"date":"2024-02-29","debateSectionId":"dbsect_36","showAs":"Forty-first Amendment of the Constitution (Agreement on a Unified Patent Court) Bill 2024: Second Stage","uri":"https:\/\/data.oireachtas.ie\/akn\/ie\/debateRecord\/dail\/2024-02-29\/debate\/main"}],"events":[{"event":{"chamber":{"chamberCode":"dail","showAs":"D\u00e1il \u00c9ireann","uri":"https:\/\/data.oireachtas.ie\/ie\/oireachtas\/def\/house\/dail"},"dates":[{"date":"2024-02-15"},{"date":"2025-02-19"}],"eventURI":"https:\/\/data.oireachtas.ie\/ie\/oireachtas\/def\/bill-event\/published","showAs":"Published","uri":"https:\/\/data.oireachtas.ie\/ie\/oireachtas\/bill\/2024\/7\/published"}},{"event":{"chamber":{"chamberCode":"seanad","showAs":"Seanad \u00c9ireann","uri":"https:\/\/data.oireachtas.ie\/ie\/oireachtas\/def\/house\/seanad"},"dates":[{"date":"2025-01-29"}],"eventURI":"https:\/\/data.oireachtas.ie\/ie\/oireachtas\/def\/bill-event\/bill-lapsed","showAs":"Bill Lapsed","uri":"https:\/\/data.oireachtas.ie\/ie\/oireachtas\/bill\/2024\/7\/bill-lapsed"}}],"lastUpdated":"2025-02-20T12:48:58.080000+00:00","longTitleEn":"<p>Bill entitled an Act to amend the Constitution.<\/p>\n","longTitleGa":"<p style=\"text-align:justify\">Bille d\u00e1 ngairtear Acht chun an Bunreacht a leas\u00fa.<\/p>\n","method":"Presented","methodURI":"https:\/\/data.oireachtas.ie\/ie\/oireachtas\/def\/bill-method\/presented","mostRecentStage":{"event":{"chamber":{"chamberCode":"seanad","showAs":"Seanad \u00c9ireann","uri":"https:\/\/data.oireachtas.ie\/ie\/oireachtas\/def\/house\/seanad"},"dates":[{"date":"2025-01-29"},{"date":"2025-02-19"}],"house":{"chamberCode":"seanad","chamberType":"house","houseCode":"seanad","houseNo":"27","showAs":"27th Seanad","uri":"https:\/\/data.oireachtas.ie\/ie\/oireachtas\/house\/seanad\/27"},"progressStage":7,"showAs":"Committee Stage","stageCompleted":false,"stageOutcome":"Current","stageURI":"https:\/\/data.oireachtas.ie\/ie\/oireachtas\/def\/bill-stage\/3","uri":"https:\/\/data.oireachtas.ie\/ie\/oireachtas\/bill\/2024\/7\/stage\/seanad\/3"}},"originHouse":{"showAs":"D\u00e1il \u00c9ireann","uri":"https:\/\/data.oireachtas.ie\/ie\/oireachtas\/def\/house\/dail"},"originHouseURI":"https:\/\/data.oireachtas.ie\/ie\/oireachtas\/def\/house\/dail","relatedDocs":[{"relatedDoc":{"date":"2024-02-20","docType":"gluais","formats":{"pdf":{"uri":"https:\/\/data.oireachtas.ie\/ie\/oireachtas\/bill\/2024\/7\/mul\/gluais\/gluais-05-2024-an-bille-um-an-aonu-leasu-is-daichead-ar-an-mbunreacht-an-comhaontu-maidir-le-cuirt-aontaithe-um-paitinni-2024.pdf"},"xml":null},"lang":"mul","showAs":"Glossary\/Gluais","uri":"https:\/\/data.oireachtas.ie\/ie\/oireachtas\/bill\/2024\/7\/mul\/gluais"}},{"relatedDoc":{"date":"2024-02-15","docType":"memo","formats":{"pdf":{"uri":"https:\/\/data.oireachtas.ie\/ie\/oireachtas\/bill\/2024\/7\/mul\/memo\/b0724d-memo.pdf"},"xml":null},"lang":"mul","showAs":"Explanatory Memorandum","uri":"https:\/\/data.oireachtas.ie\/ie\/oireachtas\/bill\/2024\/7\/mul\/memo"}}],"shortTitleEn":"Forty-first Amendment of the Constitution (Agreement on a Unified Patent Court) Bill 2024","shortTitleGa":"An Bille um an Aon\u00fa Leas\u00fa is Daichead ar an mBunreacht (An Comhaont\u00fa maidir le C\u00fairt Aontaithe um Paitinn\u00ed), 2024","source":"Government","sourceURI":"https:\/\/data.oireachtas.ie\/ie\/oireachtas\/def\/bill-source\/government","sponsors":[{"sponsor":{"as":{"showAs":"Minister for Enterprise, Trade and Employment","uri":null},"by":{"showAs":null,"uri":null},"isPrimary":true}}],"stages":[{"event":{"chamber":{"chamberCode":"dail","showAs":"D\u00e1il \u00c9ireann","uri":"https:\/\/data.oireachtas.ie\/ie\/oireachtas\/def\/house\/dail"},"dates":[{"date":"2024-02-15"},{"date":"2024-02-15"}],"house":{"chamberCode":"dail","chamberType":"house","houseCode":"dail","houseNo":"33","showAs":"33rd D\u00e1il","uri":"https:\/\/data.oireachtas.ie\/ie\/oireachtas\/house\/dail\/33"},"progressStage":1,"showAs":"First Stage","stageCompleted":true,"stageOutcome":null,"stageURI":"https:\/\/data.oireachtas.ie\/ie\/oireachtas\/def\/bill-stage\/1","uri":"https:\/\/data.oireachtas.ie\/ie\/oireachtas\/bill\/2024\/7\/stage\/dail\/1"}},{"event":{"chamber":{"chamberCode":"dail","showAs":"D\u00e1il \u00c9ireann","uri":"https:\/\/data.oireachtas.ie\/ie\/oireachtas\/def\/house\/dail"},"dates":[{"date":"2024-02-29"}],"house":{"chamberCode":"dail","chamberType":"house","houseCode":"dail","houseNo":"33","showAs":"33rd D\u00e1il","uri":"https:\/\/data.oireachtas.ie\/ie\/oireachtas\/house\/dail\/33"},"progressStage":2,"showAs":"Second Stage","stageCompleted":true,"stageOutcome":null,"stageURI":"https:\/\/data.oireachtas.ie\/ie\/oireachtas\/def\/bill-stage\/2","uri":"https:\/\/data.oireachtas.ie\/ie\/oireachtas\/bill\/2024\/7\/stage\/dail\/2"}},{"event":{"chamber":{"chamberCode":"dail","showAs":"D\u00e1il \u00c9ireann","uri":"https:\/\/data.oireachtas.ie\/ie\/oireachtas\/def\/house\/dail"},"dates":[{"date":"2024-03-06"}],"house":{"chamberCode":"dail","chamberType":"house","houseCode":"dail","houseNo":"33","showAs":"33rd D\u00e1il","uri":"https:\/\/data.oireachtas.ie\/ie\/oireachtas\/house\/dail\/33"},"progressStage":3,"showAs":"Committee Stage","stageCompleted":true,"stageOutcome":null,"stageURI":"https:\/\/data.oireachtas.ie\/ie\/oireachtas\/def\/bill-stage\/3","uri":"https:\/\/data.oireachtas.ie\/ie\/oireachtas\/bill\/2024\/7\/stage\/dail\/3"}},{"event":{"chamber":{"chamberCode":"dail","showAs":"D\u00e1il \u00c9ireann","uri":"https:\/\/data.oireachtas.ie\/ie\/oireachtas\/def\/house\/dail"},"dates":[{"date":"2024-03-06"}],"house":{"chamberCode":"dail","chamberType":"house","houseCode":"dail","houseNo":"33","showAs":"33rd D\u00e1il","uri":"https:\/\/data.oireachtas.ie\/ie\/oireachtas\/house\/dail\/33"},"progressStage":4,"showAs":"Report Stage","stageCompleted":true,"stageOutcome":null,"stageURI":"https:\/\/data.oireachtas.ie\/ie\/oireachtas\/def\/bill-stage\/4","uri":"https:\/\/data.oireachtas.ie\/ie\/oireachtas\/bill\/2024\/7\/stage\/dail\/4"}},{"event":{"chamber":{"chamberCode":"dail","showAs":"D\u00e1il \u00c9ireann","uri":"https:\/\/data.oireachtas.ie\/ie\/oireachtas\/def\/house\/dail"},"dates":[{"date":"2024-03-06"}],"house":{"chamberCode":"dail","chamberType":"house","houseCode":"dail","houseNo":"33","showAs":"33rd D\u00e1il","uri":"https:\/\/data.oireachtas.ie\/ie\/oireachtas\/house\/dail\/33"},"progressStage":5,"showAs":"Fifth Stage","stageCompleted":true,"stageOutcome":null,"stageURI":"https:\/\/data.oireachtas.ie\/ie\/oireachtas\/def\/bill-stage\/5","uri":"https:\/\/data.oireachtas.ie\/ie\/oireachtas\/bill\/2024\/7\/stage\/dail\/5"}},{"event":{"chamber":{"chamberCode":"seanad","showAs":"Seanad \u00c9ireann","uri":"https:\/\/data.oireachtas.ie\/ie\/oireachtas\/def\/house\/seanad"},"dates":[{"date":"2024-03-06"}],"house":{"chamberCode":"seanad","chamberType":"house","houseCode":"seanad","houseNo":"26","showAs":"26th Seanad","uri":"https:\/\/data.oireachtas.ie\/ie\/oireachtas\/house\/seanad\/26"},"progressStage":6,"showAs":"Second Stage","stageCompleted":true,"stageOutcome":null,"stageURI":"https:\/\/data.oireachtas.ie\/ie\/oireachtas\/def\/bill-stage\/2","uri":"https:\/\/data.oireachtas.ie\/ie\/oireachtas\/bill\/2024\/7\/stage\/seanad\/2"}},{"event":{"chamber":{"chamberCode":"seanad","showAs":"Seanad \u00c9ireann","uri":"https:\/\/data.oireachtas.ie\/ie\/oireachtas\/def\/house\/seanad"},"dates":[{"date":"2025-01-29"},{"date":"2025-02-19"}],"house":{"chamberCode":"seanad","chamberType":"house","houseCode":"seanad","houseNo":"27","showAs":"27th Seanad","uri":"https:\/\/data.oireachtas.ie\/ie\/oireachtas\/house\/seanad\/27"},"progressStage":7,"showAs":"Committee Stage","stageCompleted":false,"stageOutcome":"Current","stageURI":"https:\/\/data.oireachtas.ie\/ie\/oireachtas\/def\/bill-stage\/3","uri":"https:\/\/data.oireachtas.ie\/ie\/oireachtas\/bill\/2024\/7\/stage\/seanad\/3"}}],"status":"Current","statusURI":"https:\/\/data.oireachtas.ie\/ie\/oireachtas\/def\/bill-status\/published","uri":"https:\/\/data.oireachtas.ie\/ie\/oireachtas\/bill\/2024\/7","versions":[{"version":{"date":"2024-02-15","docType":"bill","formats":{"pdf":{"uri":"https:\/\/data.oireachtas.ie\/ie\/oireachtas\/bill\/2024\/7\/mul\/initiated\/b0724d.pdf"},"xml":null},"lang":"mul","showAs":"As Initiated","uri":"https:\/\/data.oireachtas.ie\/ie\/oireachtas\/bill\/2024\/7\/mul\/initiated"}}]},"billSort":{"actNoSort":null,"actShortTitleEnSort":null,"actShortTitleGaSort":null,"actYearSort":null,"billNoSort":7,"billShortTitleEnSort":"forty-first-amendment-of-the-constitution-agreement-on-a-unified-patent-court-bill-2024","billShortTitleGaSort":"an-bille-um-an-aonu-leasu-is-daichead-ar-an-mbunreacht-an-comhaontu-maidir-le-cuirt-aontaithe-um-paitinni-2024","billYearSort":2024},"contextDate":"2025-02-19"},{"bill":{"act":null,"amendmentLists":[{"amendmentList":{"amendmentTypeUri":{"uri":"https:\/\/data.oireachtas.ie\/ie\/oireachtas\/def\/amendment-type\/numberedList"},"chamber":{"showAs":"Seanad","uri":"https:\/\/data.oireachtas.ie\/ie\/oireachtas\/def\/seanad"},"date":"2025-07-02","formats":{"pdf":{"uri":"https:\/\/data.oireachtas.ie\/ie\/oireachtas\/bill\/2024\/2\/seanad\/3\/amendment\/numberedList\/eng\/b0224d-scnl.pdf"},"xml":null},"showAs":"Numbered List [Seanad]","stage":{"showAs":"Committee Stage","uri":"https:\/\/data.oireachtas.ie\/ie\/oireachtas\/bill\/2024\/2\/seanad\/3"},"stageNo":"3"}}],"billNo":"2","billType":"Public","billTypeURI":"https:\/\/data.oireachtas.ie\/ie\/oireachtas\/def\/bill-type\/public","billYear":"2024","debates":[{"chamber":{"showAs":"Seanad \u00c9ireann","uri":"https:\/\/data.oireachtas.ie\/ie\/oireachtas\/def\/house\/seanad"},"date":"2025-07-02","debateSectionId":"dbsect_11","showAs":"Domestic Violence (Amendment) Bill 2024: Committee Stage","uri":"https:\/\/data.oireachtas.ie\/akn\/ie\/debateRecord\/seanad\/2025-07-02\/debate\/main"},{"chamber":{"showAs":"Seanad \u00c9ireann","uri":"https:\/\/data.oireachtas.ie\/ie\/oireachtas\/def\/house\/seanad"},"date":"2024-02-14","debateSectionId":"dbsect_18","showAs":" Domestic Violence (Amendment) Bill 2024: Second Stage","uri":"https:\/\/data.oireachtas.ie\/akn\/ie\/debateRecord\/seanad\/2024-02-14\/debate\/main"},{"chamber":{"showAs":"Seanad \u00c9ireann","uri":"https:\/\/data.oireachtas.ie\/ie\/oireachtas\/def\/house\/seanad"},"date":"2024-01-22","debateSectionId":"dbsect_13","showAs":"Domestic Violence (Amendment) Bill 2024: First Stage","uri":"https:\/\/data.oireachtas.ie\/akn\/ie\/debateRecord\/seanad\/2024-01-22\/debate\/main"}],"events":[{"event":{"chamber":{"chamberCode":"seanad","showAs":"Seanad \u00c9ireann","uri":"https:\/\/data.oireachtas.ie\/ie\/oireachtas\/def\/house\/seanad"},"dates":[{"date":"2024-01-16"},{"date":"2024-01-22"},{"date":"2025-03-04"}],"eventURI":"https:\/\/data.oireachtas.ie\/ie\/oireachtas\/def\/bill-event\/admissibility-for-introduction","showAs":"Admissibility for Introduction","uri":"https:\/\/data.oireachtas.ie\/ie\/oireachtas\/bill\/2024\/2\/admissibility-for-introduction"}},{"event":{"chamber":{"chamberCode":"seanad","showAs":"Seanad \u00c9ireann","uri":"https:\/\/data.oireachtas.ie\/ie\/oireachtas\/def\/house\/seanad"},"dates":[{"date":"2025-01-29"}],"eventURI":"https:\/\/data.oireachtas.ie\/ie\/oireachtas\/def\/bill-event\/bill-lapsed","showAs":"Bill Lapsed","uri":"https:\/\/data.oireachtas.ie\/ie\/oireachtas\/bill\/2024\/2\/bill-lapsed"}}],"lastUpdated":"2025-07-03T13:42:24.140000+00:00","longTitleEn":"<p>Bill entitled an Act&nbsp;to amend section 33 of the Domestic Violence Act 2018 for the purpose of providing for an indictable offence under that section, to amend the Schedule to the Bail Act 1997 so as to include a reference to an offence under the said section 33, and to provide for related matters.<\/p>\n","longTitleGa":"<p>Bille d\u00e1 ngairtear Acht do leas\u00fa alt 33 den Acht um Fhor\u00e9igean Baile, 2018 chun socr\u00fa a dh\u00e9anamh maidir le cion ind\u00edot\u00e1ilte faoin alt sin, do leas\u00fa an Sceidil a ghabhann leis an Acht um Banna\u00ed, 1997 chun tagairt do chion faoin alt sin 33 a \u00e1ireamh, agus do dh\u00e9anamh socr\u00fa i dtaobh nithe gaolmhara.<\/p>\n","method":"Introduced","methodURI":"https:\/\/data.oireachtas.ie\/ie\/oireachtas\/def\/bill-method\/introduced","mostRecentStage":{"event":{"chamber":{"chamberCode":"seanad","showAs":"Seanad \u00c9ireann","uri":"https:\/\/data.oireachtas.ie\/ie\/oireachtas\/def\/house\/seanad"},"dates":[{"date":"2025-07-02"},{"date":"2025-07-02"},{"date":"2025-07-02"}],"house":{"chamberCode":"seanad","chamberType":"house","houseCode":"seanad","houseNo":"27","showAs":"27th Seanad","uri":"https:\/\/data.oireachtas.ie\/ie\/oireachtas\/house\/seanad\/27"},"progressStage":3,"showAs":"Committee Stage","stageCompleted":true,"stageOutcome":null,"stageURI":"https:\/\/data.oireachtas.ie\/ie\/oireachtas\/def\/bill-stage\/3","uri":"https:\/\/data.oireachtas.ie\/ie\/oireachtas\/bill\/2024\/2\/stage\/seanad\/3"}},"originHouse":{"showAs":"Seanad \u00c9ireann","uri":"https:\/\/data.oireachtas.ie\/ie\/oireachtas\/def\/house\/seanad"},"originHouseURI":"https:\/\/data.oireachtas.ie\/ie\/oireachtas\/def\/house\/seanad","relatedDocs":[],"shortTitleEn":"Domestic Violence (Amendment) Bill 2024","shortTitleGa":"An Bille um Fhor\u00e9igean Baile (Leas\u00fa), 2024","source":"Private Member","sourceURI":"https:\/\/data.oireachtas.ie\/ie\/oireachtas\/def\/bill-source\/private-member","sponsors":[{"sponsor":{"as":{"showAs":null,"uri":null},"by":{"showAs":"David P.B. Norris","uri":"https:\/\/data.oireachtas.ie\/ie\/oireachtas\/member\/id\/David-PB-Norris.S.1987-04-25"},"isPrimary":false}},{"sponsor":{"as":{"showAs":null,"uri":null},"by":{"showAs":"Tom Clonan","uri":"https:\/\/data.oireachtas.ie\/ie\/oireachtas\/member\/id\/Tom-Clonan.S.2022-04-04"},"isPrimary":false}},{"sponsor":{"as":{"showAs":null,"uri":null},"by":{"showAs":"Paul Gavan","uri":"https:\/\/data.oireachtas.ie\/ie\/oireachtas\/member\/id\/Paul-Gavan.S.2016-04-25"},"isPrimary":false}},{"sponsor":{"as":{"showAs":null,"uri":null},"by":{"showAs":"Fintan Warfield","uri":"https:\/\/data.oireachtas.ie\/ie\/oireachtas\/member\/id\/Fintan-Warfield.S.2016-04-25"},"isPrimary":false}},{"sponsor":{"as":{"showAs":null,"uri":null},"by":{"showAs":"Lynn Boylan","uri":"https:\/\/data.oireachtas.ie\/ie\/oireachtas\/member\/id\/Lynn-Boylan.S.2020-03-30"},"isPrimary":false}},{"sponsor":{"as":{"showAs":null,"uri":null},"by":{"showAs":"Vincent P. Martin","uri":"https:\/\/data.oireachtas.ie\/ie\/oireachtas\/member\/id\/Vincent-P-Martin.S.2020-06-29"},"isPrimary":true}},{"sponsor":{"as":{"showAs":null,"uri":null},"by":{"showAs":"R\u00f3is\u00edn Garvey","uri":"https:\/\/data.oireachtas.ie\/ie\/oireachtas\/member\/id\/R\u00f3is\u00edn-Garvey.S.2020-06-29"},"isPrimary":false}},{"sponsor":{"as":{"showAs":null,"uri":null},"by":{"showAs":"Erin McGreehan","uri":"https:\/\/data.oireachtas.ie\/ie\/oireachtas\/member\/id\/Erin-McGreehan.S.2020-06-29"},"isPrimary":false}}],"stages":[{"event":{"chamber":{"chamberCode":"seanad","showAs":"Seanad \u00c9ireann","uri":"https:\/\/data.oireachtas.ie\/ie\/oireachtas\/def\/house\/seanad"},"dates":[{"date":"2024-01-16"},{"date":"2024-01-22"},{"date":"2024-01-22"}],"house":{"chamberCode":"seanad","chamberType":"house","houseCode":"seanad","houseNo":"26","showAs":"26th Seanad","uri":"https:\/\/data.oireachtas.ie\/ie\/oireachtas\/house\/seanad\/26"},"progressStage":1,"showAs":"First Stage","stageCompleted":true,"stageOutcome":null,"stageURI":"https:\/\/data.oireachtas.ie\/ie\/oireachtas\/def\/bill-stage\/1","uri":"https:\/\/data.oireachtas.ie\/ie\/oireachtas\/bill\/2024\/2\/stage\/seanad\/1"}},{"event":{"chamber":{"chamberCode":"seanad","showAs":"Seanad \u00c9ireann","uri":"https:\/\/data.oireachtas.ie\/ie\/oireachtas\/def\/house\/seanad"},"dates":[{"date":"2024-01-22"}],"house":{"chamberCode":"seanad","chamberType":"house","houseCode":"seanad","houseNo":"26","showAs":"26th Seanad","uri":"https:\/\/data.oireachtas.ie\/ie\/oireachtas\/house\/seanad\/26"},"progressStage":2,"showAs":"Second Stage","stageCompleted":true,"stageOutcome":null,"stageURI":"https:\/\/data.oireachtas.ie\/ie\/oireachtas\/def\/bill-stage\/2","uri":"https:\/\/data.oireachtas.ie\/ie\/oireachtas\/bill\/2024\/2\/stage\/seanad\/2"}},{"event":{"chamber":{"chamberCode":"seanad","showAs":"Seanad \u00c9ireann","uri":"https:\/\/data.oireachtas.ie\/ie\/oireachtas\/def\/house\/seanad"},"dates":[{"date":"2025-07-02"},{"date":"2025-07-02"},{"date":"2025-07-02"}],"house":{"chamberCode":"seanad","chamberType":"house","houseCode":"seanad","houseNo":"27","showAs":"27th Seanad","uri":"https:\/\/data.oireachtas.ie\/ie\/oireachtas\/house\/seanad\/27"},"progressStage":3,"showAs":"Committee Stage","stageCompleted":true,"stageOutcome":null,"stageURI":"https:\/\/data.oireachtas.ie\/ie\/oireachtas\/def\/bill-stage\/3","uri":"https:\/\/data.oireachtas.ie\/ie\/oireachtas\/bill\/2024\/2\/stage\/seanad\/3"}}],"status":"Current","statusURI":"https:\/\/data.oireachtas.ie\/ie\/oireachtas\/def\/bill-status\/published","uri":"https:\/\/data.oireachtas.ie\/ie\/oireachtas\/bill\/2024\/2","versions":[{"version":{"date":"2025-07-02","docType":"bill","formats":{"pdf":{"uri":"https:\/\/data.oireachtas.ie\/ie\/oireachtas\/bill\/2024\/2\/eng\/ver_a\/b02a24s.pdf"},"xml":null},"lang":"eng","showAs":"As amended in Committee [Seanad \u00c9ireann]","uri":"https:\/\/data.oireachtas.ie\/ie\/oireachtas\/bill\/2024\/2\/eng\/ver_a"}},{"version":{"date":"2024-01-22","docType":"bill","formats":{"pdf":{"uri":"https:\/\/data.oireachtas.ie\/ie\/oireachtas\/bill\/2024\/2\/eng\/initiated\/b0224s.pdf"},"xml":null},"lang":"eng","showAs":"As Initiated","uri":"https:\/\/data.oireachtas.ie\/ie\/oireachtas\/bill\/2024\/2\/eng\/initiated"}}]},"billSort":{"actNoSort":null,"actShortTitleEnSort":null,"actShortTitleGaSort":null,"actYearSort":null,"billNoSort":2,"billShortTitleEnSort":"domestic-violence-amendment-bill-2024","billShortTitleGaSort":"an-bille-um-fhoreigean-baile-leasu-2024","billYearSort":2024},"contextDate":"2025-07-02"},{"bill":{"act":{"actNo":"3","actYear":"2025","dateSigned":"2025-04-15","longTitleEn":"<p>Act to amend the Financial Services and Pensions Ombudsman Act 2017; to make provision regarding the calculation of expenses incurred by the Ombudsman in the performance of his or her functions; to provide for the appointment of additional persons to act as Ombudsman; to make further provision for the conduct of investigations; to provide for certain other consequential amendments; and to provide for related matters.<\/p>\n","longTitleGa":"<p>Acht do leas\u00fa Acht an Ombudsman Seirbh\u00eds\u00ed Airgeadais agus Pinsean, 2017; do dh\u00e9anamh socr\u00fa maidir le caiteachais arna dtabh\u00fa ag an Ombudsman i gcomhl\u00edonadh a fheidhmeanna n\u00f3 a feidhmeanna a r\u00edomh; do dh\u00e9anamh socr\u00fa maidir le daoine breise a cheapadh chun gn\u00edomh\u00fa mar Ombudsman; do dh\u00e9anamh socr\u00fa breise maidir le himscr\u00faduithe a sheoladh; do dh\u00e9anamh socr\u00fa maidir le leasuithe iarmhartacha \u00e1irithe eile; agus do dh\u00e9anamh socr\u00fa i dtaobh nithe gaolmhara.<\/p>\n","shortTitleEn":"Financial Services and Pensions Ombudsman (Amendment) Act 2025","shortTitleGa":"Acht an Ombudsman Seirbh\u00eds\u00ed Airgeadais agus Pinsean (Leas\u00fa), 2025","statutebookURI":"http:\/\/www.irishstatutebook.ie\/eli\/2025\/act\/3","uri":"https:\/\/data.oireachtas.ie\/ie\/oireachtas\/act\/2025\/3"},"amendmentLists":[{"amendmentList":{"amendmentTypeUri":{"uri":"https:\/\/data.oireachtas.ie\/ie\/oireachtas\/def\/amendment-type\/numberedList"},"chamber":{"showAs":"Seanad","uri":"https:\/\/data.oireachtas.ie\/ie\/oireachtas\/def\/seanad"},"date":"2025-04-01","formats":{"pdf":{"uri":"https:\/\/data.oireachtas.ie\/ie\/oireachtas\/bill\/2023\/97\/seanad\/3\/amendment\/numberedList\/eng\/b97a23d-scnl.pdf"},"xml":null},"showAs":"Numbered List [Seanad]","stage":{"showAs":"Committee Stage","uri":"https:\/\/data.oireachtas.ie\/ie\/oireachtas\/bill\/2023\/97\/seanad\/3"},"stageNo":"3"}},{"amendmentList":{"amendmentTypeUri":{"uri":"https:\/\/data.oireachtas.ie\/ie\/oireachtas\/def\/amendment-type\/numberedList"},"chamber":{"showAs":"Dail","uri":"https:\/\/data.oireachtas.ie\/ie\/oireachtas\/def\/dail"},"date":"2025-03-04","formats":{"pdf":{"uri":"https:\/\/data.oireachtas.ie\/ie\/oireachtas\/bill\/2023\/97\/dail\/3\/amendment\/numberedList\/eng\/b9723d-dcnl.pdf"},"xml":null},"showAs":"Numbered List [D\u00e1il]","stage":{"showAs":"Committee Stage","uri":"https:\/\/data.oireachtas.ie\/ie\/oireachtas\/bill\/2023\/97\/dail\/3"},"stageNo":"3"}}],"billNo":"97","billType":"Public","billTypeURI":"https:\/\/data.oireachtas.ie\/ie\/oireachtas\/def\/bill-type\/public","billYear":"2023","debates":[{"chamber":{"showAs":"Seanad \u00c9ireann","uri":"https:\/\/data.oireachtas.ie\/ie\/oireachtas\/def\/house\/seanad"},"date":"2025-04-10","debateSectionId":"dbsect_9","showAs":"Financial Services and Pensions Ombudsman (Amendment) Bill 2023: Report and Final Stages","uri":"https:\/\/data.oireachtas.ie\/akn\/ie\/debateRecord\/seanad\/2025-04-10\/debate\/main"},{"chamber":{"showAs":"Seanad \u00c9ireann","uri":"https:\/\/data.oireachtas.ie\/ie\/oireachtas\/def\/house\/seanad"},"date":"2025-04-01","debateSectionId":"dbsect_11","showAs":"Financial Services and Pensions Ombudsman (Amendment) Bill 2023: Committee Stage","uri":"https:\/\/data.oireachtas.ie\/akn\/ie\/debateRecord\/seanad\/2025-04-01\/debate\/main"},{"chamber":{"showAs":"Seanad \u00c9ireann","uri":"https:\/\/data.oireachtas.ie\/ie\/oireachtas\/def\/house\/seanad"},"date":"2025-03-26","debateSectionId":"dbsect_8","showAs":"Financial Services and Pensions Ombudsman (Amendment) Bill 2023: Second Stage","uri":"https:\/\/data.oireachtas.ie\/akn\/ie\/debateRecord\/seanad\/2025-03-26\/debate\/main"},{"chamber":{"showAs":"D\u00e1il \u00c9ireann","uri":"https:\/\/data.oireachtas.ie\/ie\/oireachtas\/def\/house\/dail"},"date":"2025-03-05","debateSectionId":"dbsect_13","showAs":"Financial Services and Pensions Ombudsman (Amendment) Bill 2023: Committee and Remaining Stages","uri":"https:\/\/data.oireachtas.ie\/akn\/ie\/debateRecord\/dail\/2025-03-05\/debate\/main"},{"chamber":{"showAs":"D\u00e1il \u00c9ireann","uri":"https:\/\/data.oireachtas.ie\/ie\/oireachtas\/def\/house\/dail"},"date":"2024-02-08","debateSectionId":"dbsect_30","showAs":"Financial Services and Pensions Ombudsman (Amendment) Bill 2023: Second Stage","uri":"https:\/\/data.oireachtas.ie\/akn\/ie\/debateRecord\/dail\/2024-02-08\/debate\/main"},{"chamber":{"showAs":"D\u00e1il \u00c9ireann","uri":"https:\/\/data.oireachtas.ie\/ie\/oireachtas\/def\/house\/dail"},"date":"2024-02-08","debateSectionId":"dbsect_31","showAs":"Financial Services and Pensions Ombudsman (Amendment) Bill 2023: Referral to Select Committee","uri":"https:\/\/data.oireachtas.ie\/akn\/ie\/debateRecord\/dail\/2024-02-08\/debate\/main"}],"events":[{"event":{"chamber":{"chamberCode":"dail","showAs":"D\u00e1il \u00c9ireann","uri":"https:\/\/data.oireachtas.ie\/ie\/oireachtas\/def\/house\/dail"},"dates":[{"date":"2023-12-19"},{"date":"2025-02-05"},{"date":"2025-04-15"}],"eventURI":"https:\/\/data.oireachtas.ie\/ie\/oireachtas\/def\/bill-event\/published","showAs":"Published","uri":"https:\/\/data.oireachtas.ie\/ie\/oireachtas\/bill\/2023\/97\/published"}},{"event":{"chamber":{"chamberCode":"dail","showAs":"D\u00e1il \u00c9ireann","uri":"https:\/\/data.oireachtas.ie\/ie\/oireachtas\/def\/house\/dail"},"dates":[{"date":"2024-11-08"}],"eventURI":"https:\/\/data.oireachtas.ie\/ie\/oireachtas\/def\/bill-event\/bill-lapsed","showAs":"Bill Lapsed","uri":"https:\/\/data.oireachtas.ie\/ie\/oireachtas\/bill\/2023\/97\/bill-lapsed"}},{"event":{"chamber":null,"dates":[{"date":"2025-04-15"}],"eventURI":"https:\/\/data.oireachtas.ie\/ie\/oireachtas\/def\/bill-event\/enacted","showAs":"Enacted","uri":"https:\/\/data.oireachtas.ie\/ie\/oireachtas\/bill\/2023\/97\/enacted"}}],"lastUpdated":"2025-04-24T15:49:43.440000+00:00","longTitleEn":"<p>Bill entitled an Act to amend the Financial Services and Pensions Ombudsman Act 2017; to make provision regarding the calculation of expenses incurred by the Ombudsman in the performance of his or her functions; to provide for the appointment of additional persons to act as Ombudsman; to make further provision for the conduct of investigations; to provide for certain other consequential amendments; and to provide for related matters.<\/p>\n","longTitleGa":"<p>Bille d\u00e1 ngairtear Acht do leas\u00fa Acht an Ombudsman Seirbh\u00eds\u00ed Airgeadais agus Pinsean, 2017; do dh\u00e9anamh socr\u00fa maidir le caiteachais arna dtabh\u00fa ag an Ombudsman i gcomhl\u00edonadh a fheidhmeanna n\u00f3 a feidhmeanna a r\u00edomh; do dh\u00e9anamh socr\u00fa maidir le daoine breise a cheapadh chun gn\u00edomh\u00fa mar Ombudsman; do dh\u00e9anamh socr\u00fa breise maidir le himscr\u00faduithe a sheoladh; do dh\u00e9anamh socr\u00fa maidir le leasuithe iarmhartacha \u00e1irithe eile; agus do dh\u00e9anamh socr\u00fa i dtaobh nithe gaolmhara.<\/p>\n","method":"Presented","methodURI":"https:\/\/data.oireachtas.ie\/ie\/oireachtas\/def\/bill-method\/presented","mostRecentStage":{"event":{"chamber":null,"dates":[{"date":"2025-04-15"}],"house":null,"progressStage":10,"showAs":"Enacted","stageCompleted":true,"stageOutcome":"Enacted","stageURI":"https:\/\/data.oireachtas.ie\/ie\/oireachtas\/def\/bill-stage\/enacted","uri":"https:\/\/data.oireachtas.ie\/ie\/oireachtas\/bill\/2023\/97\/stage\/oireachtas\/enacted"}},"originHouse":{"showAs":"D\u00e1il \u00c9ireann","uri":"https:\/\/data.oireachtas.ie\/ie\/oireachtas\/def\/house\/dail"},"originHouseURI":"https:\/\/data.oireachtas.ie\/ie\/oireachtas\/def\/house\/dail","relatedDocs":[{"relatedDoc":{"date":"2024-04-23","docType":"digest","formats":{"pdf":{"uri":"https:\/\/data.oireachtas.ie\/ie\/oireachtas\/bill\/2023\/97\/eng\/digest\/lrsdigestfspoamt.pdf"},"xml":null},"lang":"eng","showAs":"Bill Digest","uri":"https:\/\/data.oireachtas.ie\/ie\/oireachtas\/bill\/2023\/97\/eng\/digest"}},{"relatedDoc":{"date":"2024-02-08","docType":"gluais","formats":{"pdf":{"uri":"https:\/\/data.oireachtas.ie\/ie\/oireachtas\/bill\/2023\/97\/mul\/gluais\/gluais-02-2024-bille-an-ombudsman-seirbhisi-airgeadais-agus-pinsean-leasu-2023.pdf"},"xml":null},"lang":"mul","showAs":"Glossary\/Gluais","uri":"https:\/\/data.oireachtas.ie\/ie\/oireachtas\/bill\/2023\/97\/mul\/gluais"}},{"relatedDoc":{"date":"2023-12-19","docType":"memo","formats":{"pdf":{"uri":"https:\/\/data.oireachtas.ie\/ie\/oireachtas\/bill\/2023\/97\/eng\/memo\/b9723d-memo.pdf"},"xml":null},"lang":"eng","showAs":"Explanatory Memorandum","uri":"https:\/\/data.oireachtas.ie\/ie\/oireachtas\/bill\/2023\/97\/eng\/memo"}}],"shortTitleEn":"Financial Services and Pensions Ombudsman (Amendment) Bill 2023","shortTitleGa":"Bille an Ombudsman Seirbh\u00eds\u00ed Airgeadais agus Pinsean (Leas\u00fa), 2023","source":"Government","sourceURI":"https:\/\/data.oireachtas.ie\/ie\/oireachtas\/def\/bill-source\/government","sponsors":[{"sponsor":{"as":{"showAs":"Minister for Finance","uri":null},"by":{"showAs":null,"uri":null},"isPrimary":true}}],"stages":[{"event":{"chamber":{"chamberCode":"dail","showAs":"D\u00e1il \u00c9ireann","uri":"https:\/\/data.oireachtas.ie\/ie\/oireachtas\/def\/house\/dail"},"dates":[{"date":"2023-12-19"},{"date":"2023-12-19"}],"house":{"chamberCode":"dail","chamberType":"house","houseCode":"dail","houseNo":"33","showAs":"33rd D\u00e1il","uri":"https:\/\/data.oireachtas.ie\/ie\/oireachtas\/house\/dail\/33"},"progressStage":1,"showAs":"First Stage","stageCompleted":true,"stageOutcome":null,"stageURI":"https:\/\/data.oireachtas.ie\/ie\/oireachtas\/def\/bill-stage\/1","uri":"https:\/\/data.oireachtas.ie\/ie\/oireachtas\/bill\/2023\/97\/stage\/dail\/1"}},{"event":{"chamber":{"chamberCode":"dail","showAs":"D\u00e1il \u00c9ireann","uri":"https:\/\/data.oireachtas.ie\/ie\/oireachtas\/def\/house\/dail"},"dates":[{"date":"2023-12-19"}],"house":{"chamberCode":"dail","chamberType":"house","houseCode":"dail","houseNo":"33","showAs":"33rd D\u00e1il","uri":"https:\/\/data.oireachtas.ie\/ie\/oireachtas\/house\/dail\/33"},"progressStage":2,"showAs":"Second Stage","stageCompleted":true,"stageOutcome":null,"stageURI":"https:\/\/data.oireachtas.ie\/ie\/oireachtas\/def\/bill-stage\/2","uri":"https:\/\/data.oireachtas.ie\/ie\/oireachtas\/bill\/2023\/97\/stage\/dail\/2"}},{"event":{"chamber":{"chamberCode":"dail","showAs":"D\u00e1il \u00c9ireann","uri":"https:\/\/data.oireachtas.ie\/ie\/oireachtas\/def\/house\/dail"},"dates":[{"date":"2025-03-05"},{"date":"2025-03-05"},{"date":"2025-03-05"}],"house":{"chamberCode":"dail","chamberType":"house","houseCode":"dail","houseNo":"34","showAs":"34th D\u00e1il","uri":"https:\/\/data.oireachtas.ie\/ie\/oireachtas\/house\/dail\/34"},"progressStage":3,"showAs":"Committee Stage","stageCompleted":true,"stageOutcome":null,"stageURI":"https:\/\/data.oireachtas.ie\/ie\/oireachtas\/def\/bill-stage\/3","uri":"https:\/\/data.oireachtas.ie\/ie\/oireachtas\/bill\/2023\/97\/stage\/dail\/3"}},{"event":{"chamber":{"chamberCode":"dail","showAs":"D\u00e1il \u00c9ireann","uri":"https:\/\/data.oireachtas.ie\/ie\/oireachtas\/def\/house\/dail"},"dates":[{"date":"2025-03-05"}],"house":{"chamberCode":"dail","chamberType":"house","houseCode":"dail","houseNo":"34","showAs":"34th D\u00e1il","uri":"https:\/\/data.oireachtas.ie\/ie\/oireachtas\/house\/dail\/34"},"progressStage":4,"showAs":"Report Stage","stageCompleted":true,"stageOutcome":null,"stageURI":"https:\/\/data.oireachtas.ie\/ie\/oireachtas\/def\/bill-stage\/4","uri":"https:\/\/data.oireachtas.ie\/ie\/oireachtas\/bill\/2023\/97\/stage\/dail\/4"}},{"event":{"chamber":{"chamberCode":"dail","showAs":"D\u00e1il \u00c9ireann","uri":"https:\/\/data.oireachtas.ie\/ie\/oireachtas\/def\/house\/dail"},"dates":[{"date":"2025-03-05"}],"house":{"chamberCode":"dail","chamberType":"house","houseCode":"dail","houseNo":"34","showAs":"34th D\u00e1il","uri":"https:\/\/data.oireachtas.ie\/ie\/oireachtas\/house\/dail\/34"},"progressStage":5,"showAs":"Fifth Stage","stageCompleted":true,"stageOutcome":null,"stageURI":"https:\/\/data.oireachtas.ie\/ie\/oireachtas\/def\/bill-stage\/5","uri":"https:\/\/data.oireachtas.ie\/ie\/oireachtas\/bill\/2023\/97\/stage\/dail\/5"}},{"event":{"chamber":{"chamberCode":"seanad","showAs":"Seanad \u00c9ireann","uri":"https:\/\/data.oireachtas.ie\/ie\/oireachtas\/def\/house\/seanad"},"dates":[{"date":"2025-03-26"}],"house":{"chamberCode":"seanad","chamberType":"house","houseCode":"seanad","houseNo":"27","showAs":"27th Seanad","uri":"https:\/\/data.oireachtas.ie\/ie\/oireachtas\/house\/seanad\/27"},"progressStage":6,"showAs":"Second Stage","stageCompleted":true,"stageOutcome":null,"stageURI":"https:\/\/data.oireachtas.ie\/ie\/oireachtas\/def\/bill-stage\/2","uri":"https:\/\/data.oireachtas.ie\/ie\/oireachtas\/bill\/2023\/97\/stage\/seanad\/2"}},{"event":{"chamber":{"chamberCode":"seanad","showAs":"Seanad \u00c9ireann","uri":"https:\/\/data.oireachtas.ie\/ie\/oireachtas\/def\/house\/seanad"},"dates":[{"date":"2025-04-01"}],"house":{"chamberCode":"seanad","chamberType":"house","houseCode":"seanad","houseNo":"27","showAs":"27th Seanad","uri":"https:\/\/data.oireachtas.ie\/ie\/oireachtas\/house\/seanad\/27"},"progressStage":7,"showAs":"Committee Stage","stageCompleted":true,"stageOutcome":null,"stageURI":"https:\/\/data.oireachtas.ie\/ie\/oireachtas\/def\/bill-stage\/3","uri":"https:\/\/data.oireachtas.ie\/ie\/oireachtas\/bill\/2023\/97\/stage\/seanad\/3"}},{"event":{"chamber":{"chamberCode":"seanad","showAs":"Seanad \u00c9ireann","uri":"https:\/\/data.oireachtas.ie\/ie\/oireachtas\/def\/house\/seanad"},"dates":[{"date":"2025-04-01"}],"house":{"chamberCode":"seanad","chamberType":"house","houseCode":"seanad","houseNo":"27","showAs":"27th Seanad","uri":"https:\/\/data.oireachtas.ie\/ie\/oireachtas\/house\/seanad\/27"},"progressStage":8,"showAs":"Report Stage","stageCompleted":false,"stageOutcome":null,"stageURI":"https:\/\/data.oireachtas.ie\/ie\/oireachtas\/def\/bill-stage\/4","uri":"https:\/\/data.oireachtas.ie\/ie\/oireachtas\/bill\/2023\/97\/stage\/seanad\/4"}},{"event":{"chamber":{"chamberCode":"seanad","showAs":"Seanad \u00c9ireann","uri":"https:\/\/data.oireachtas.ie\/ie\/oireachtas\/def\/house\/seanad"},"dates":[{"date":"2025-04-10"}],"house":{"chamberCode":"seanad","chamberType":"house","houseCode":"seanad","houseNo":"27","showAs":"27th Seanad","uri":"https:\/\/data.oireachtas.ie\/ie\/oireachtas\/house\/seanad\/27"},"progressStage":9,"showAs":"Fifth Stage","stageCompleted":true,"stageOutcome":null,"stageURI":"https:\/\/data.oireachtas.ie\/ie\/oireachtas\/def\/bill-stage\/5","uri":"https:\/\/data.oireachtas.ie\/ie\/oireachtas\/bill\/2023\/97\/stage\/seanad\/5"}},{"event":{"chamber":null,"dates":[{"date":"2025-04-15"}],"house":null,"progressStage":10,"showAs":"Enacted","stageCompleted":true,"stageOutcome":"Enacted","stageURI":"https:\/\/data.oireachtas.ie\/ie\/oireachtas\/def\/bill-stage\/enacted","uri":"https:\/\/data.oireachtas.ie\/ie\/oireachtas\/bill\/2023\/97\/stage\/oireachtas\/enacted"}}],"status":"Enacted","statusURI":"https:\/\/data.oireachtas.ie\/ie\/oireachtas\/def\/bill-status\/enacted","uri":"https:\/\/data.oireachtas.ie\/ie\/oireachtas\/bill\/2023\/97","versions":[{"version":{"date":"2025-04-15","docType":"act","formats":{"pdf":{"uri":"https:\/\/data.oireachtas.ie\/ie\/oireachtas\/act\/2025\/3\/eng\/enacted\/a0325.pdf"},"xml":null},"lang":"eng","showAs":"Financial Services and Pensions Ombudsman (Amendment) Act 2025","uri":"https:\/\/data.oireachtas.ie\/ie\/oireachtas\/act\/2025\/3\/eng\/enacted"}},{"version":{"date":"2025-04-15","docType":"act","formats":{"pdf":{"uri":"https:\/\/data.oireachtas.ie\/ie\/oireachtas\/act\/2025\/3\/gle\/enacted\/a0325i.pdf"},"xml":null},"lang":"gle","showAs":"Acht an Ombudsman Seirbh\u00eds\u00ed Airgeadais agus Pinsean (Leas\u00fa), 2025","uri":"https:\/\/data.oireachtas.ie\/ie\/oireachtas\/act\/2025\/3\/gle\/enacted"}},{"version":{"date":"2025-03-05","docType":"bill","formats":{"pdf":{"uri":"https:\/\/data.oireachtas.ie\/ie\/oireachtas\/bill\/2023\/97\/eng\/ver_a\/b97a23d.pdf"},"xml":null},"lang":"eng","showAs":"As passed by D\u00e1il \u00c9ireann","uri":"https:\/\/data.oireachtas.ie\/ie\/oireachtas\/bill\/2023\/97\/eng\/ver_a"}},{"version":{"date":"2023-12-19","docType":"bill","formats":{"pdf":{"uri":"https:\/\/data.oireachtas.ie\/ie\/oireachtas\/bill\/2023\/97\/eng\/initiated\/b9723d.pdf"},"xml":null},"lang":"eng","showAs":"As Initiated","uri":"https:\/\/data.oireachtas.ie\/ie\/oireachtas\/bill\/2023\/97\/eng\/initiated"}}]},"billSort":{"actNoSort":3,"actShortTitleEnSort":"financial-services-and-pensions-ombudsman-amendment-act-2025","actShortTitleGaSort":"acht-an-ombudsman-seirbhisi-airgeadais-agus-pinsean-leasu-2025","actYearSort":2025,"billNoSort":97,"billShortTitleEnSort":"financial-services-and-pensions-ombudsman-amendment-bill-2023","billShortTitleGaSort":"bille-an-ombudsman-seirbhisi-airgeadais-agus-pinsean-leasu-2023","billYearSort":2023},"contextDate":"2025-04-15"},{"bill":{"act":null,"amendmentLists":[],"billNo":"93","billType":"Public","billTypeURI":"https:\/\/data.oireachtas.ie\/ie\/oireachtas\/def\/bill-type\/public","billYear":"2023","debates":[{"chamber":{"showAs":"D\u00e1il \u00c9ireann","uri":"https:\/\/data.oireachtas.ie\/ie\/oireachtas\/def\/house\/dail"},"date":"2025-07-17","debateSectionId":"dbsect_51","showAs":"Criminal Justice (Promotion of Restorative Justice) (Amendment) Bill 2023: Second Stage [Private Members]","uri":"https:\/\/data.oireachtas.ie\/akn\/ie\/debateRecord\/dail\/2025-07-17\/debate\/main"},{"chamber":{"showAs":"D\u00e1il \u00c9ireann","uri":"https:\/\/data.oireachtas.ie\/ie\/oireachtas\/def\/house\/dail"},"date":"2023-12-13","debateSectionId":"dbsect_14","showAs":"Criminal Justice (Promotion of Restorative Justice) (Amendment) Bill 2023: First Stage","uri":"https:\/\/data.oireachtas.ie\/akn\/ie\/debateRecord\/dail\/2023-12-13\/debate\/main"}],"events":[{"event":{"chamber":{"chamberCode":"dail","showAs":"D\u00e1il \u00c9ireann","uri":"https:\/\/data.oireachtas.ie\/ie\/oireachtas\/def\/house\/dail"},"dates":[{"date":"2023-11-20"},{"date":"2023-11-20"},{"date":"2023-12-13"},{"date":"2025-05-01"}],"eventURI":"https:\/\/data.oireachtas.ie\/ie\/oireachtas\/def\/bill-event\/approved-for-initiation","showAs":"Approved for Initiation","uri":"https:\/\/data.oireachtas.ie\/ie\/oireachtas\/bill\/2023\/93\/approved-for-initiation"}},{"event":{"chamber":{"chamberCode":"dail","showAs":"D\u00e1il \u00c9ireann","uri":"https:\/\/data.oireachtas.ie\/ie\/oireachtas\/def\/house\/dail"},"dates":[{"date":"2024-11-08"}],"eventURI":"https:\/\/data.oireachtas.ie\/ie\/oireachtas\/def\/bill-event\/bill-lapsed","showAs":"Bill Lapsed","uri":"https:\/\/data.oireachtas.ie\/ie\/oireachtas\/bill\/2023\/93\/bill-lapsed"}}],"lastUpdated":"2025-09-08T16:21:26.560000+00:00","longTitleEn":"<p>Bill entitled an Act to amend the Criminal Justice (Victims of Crime) Act 2017 to permit and encourage courts to refer cases to restorative justice schemes between charge and conviction, and to dismiss charges if appropriate; to encourage courts to refer cases to restorative justice schemes between conviction and sentencing; to permit and encourage An Garda S\u00edoch\u00e1na and the Director of Public Prosecutions to refer cases to restorative justice schemes between charge and court, and to review the decision to prosecute if appropriate; and to make related provisions.<\/p>\n","longTitleGa":"<p>Bille d\u00e1 ngairtear Acht do leas\u00fa an Achta um Cheartas Coiri\u00fail (\u00cdospartaigh na Coireachta), 2017 chun a chead\u00fa do ch\u00fairteanna, agus chun c\u00fairteanna a spreagadh, c\u00e1sanna a tharchur chuig sc\u00e9imeanna um cheartas aisig idir tr\u00e1th an ch\u00faisimh agus tr\u00e1th an chiontaithe, agus c\u00faisimh a dh\u00edbhe, m\u00e1s cu\u00ed; do spreagadh c\u00fairteanna chun c\u00e1sanna a tharchur chuig sc\u00e9imeanna um cheartas aisig idir tr\u00e1th an chiontaithe agus gearradh na pianbhreithe; d\u00e1 chead\u00fa don Gharda S\u00edoch\u00e1na agus don Sti\u00farth\u00f3ir Ionch\u00faiseamh Poibl\u00ed, agus d\u00e1 spreagadh, c\u00e1sanna a tharchur chuig sc\u00e9imeanna um cheartas aisig idir tr\u00e1th an ch\u00faisimh agus tr\u00e1th na c\u00fairte, agus d\u2019athbhreithni\u00fa na breithe chun ionch\u00faiseamh a dh\u00e9anamh, m\u00e1s cu\u00ed; agus do dh\u00e9anamh for\u00e1lacha gaolmhara.<\/p>\n","method":"Introduced","methodURI":"https:\/\/data.oireachtas.ie\/ie\/oireachtas\/def\/bill-method\/introduced","mostRecentStage":{"event":{"chamber":{"chamberCode":"dail","showAs":"D\u00e1il \u00c9ireann","uri":"https:\/\/data.oireachtas.ie\/ie\/oireachtas\/def\/house\/dail"},"dates":[{"date":"2023-12-13"},{"date":"2023-12-13"},{"date":"2023-12-13"}],"house":{"chamberCode":"dail","chamberType":"house","houseCode":"dail","houseNo":"33","showAs":"33rd D\u00e1il","uri":"https:\/\/data.oireachtas.ie\/ie\/oireachtas\/house\/dail\/33"},"progressStage":2,"showAs":"Second Stage","stageCompleted":true,"stageOutcome":"Current","stageURI":"https:\/\/data.oireachtas.ie\/ie\/oireachtas\/def\/bill-stage\/2","uri":"https:\/\/data.oireachtas.ie\/ie\/oireachtas\/bill\/2023\/93\/stage\/dail\/2"}},"originHouse":{"showAs":"D\u00e1il \u00c9ireann","uri":"https:\/\/data.oireachtas.ie\/ie\/oireachtas\/def\/house\/dail"},"originHouseURI":"https:\/\/data.oireachtas.ie\/ie\/oireachtas\/def\/house\/dail","relatedDocs":[{"relatedDoc":{"date":"2023-12-13","docType":"memo","formats":{"pdf":{"uri":"https:\/\/data.oireachtas.ie\/ie\/oireachtas\/bill\/2023\/93\/eng\/memo\/b9323d-memo.pdf"},"xml":null},"lang":"eng","showAs":"Explanatory Memorandum","uri":"https:\/\/data.oireachtas.ie\/ie\/oireachtas\/bill\/2023\/93\/eng\/memo"}}],"shortTitleEn":"Criminal Justice (Promotion of Restorative Justice) (Amendment) Bill 2023","shortTitleGa":"An Bille um Cheartas Coiri\u00fail (Ceartas Aisig a Chur chun Cinn) (Leas\u00fa), 2023","source":"Private Member","sourceURI":"https:\/\/data.oireachtas.ie\/ie\/oireachtas\/def\/bill-source\/private-member","sponsors":[{"sponsor":{"as":{"showAs":null,"uri":null},"by":{"showAs":"Pa Daly","uri":"https:\/\/data.oireachtas.ie\/ie\/oireachtas\/member\/id\/Pa-Daly.D.2020-02-08"},"isPrimary":true}},{"sponsor":{"as":{"showAs":null,"uri":null},"by":{"showAs":"Patricia Ryan","uri":"https:\/\/data.oireachtas.ie\/ie\/oireachtas\/member\/id\/Patricia-Ryan.D.2020-02-08"},"isPrimary":false}},{"sponsor":{"as":{"showAs":null,"uri":null},"by":{"showAs":"Maurice Quinlivan","uri":"https:\/\/data.oireachtas.ie\/ie\/oireachtas\/member\/id\/Maurice-Quinlivan.D.2016-10-03"},"isPrimary":false}}],"stages":[{"event":{"chamber":{"chamberCode":"dail","showAs":"D\u00e1il \u00c9ireann","uri":"https:\/\/data.oireachtas.ie\/ie\/oireachtas\/def\/house\/dail"},"dates":[{"date":"2023-11-20"},{"date":"2023-11-20"},{"date":"2023-12-13"},{"date":"2023-12-13"}],"house":{"chamberCode":"dail","chamberType":"house","houseCode":"dail","houseNo":"33","showAs":"33rd D\u00e1il","uri":"https:\/\/data.oireachtas.ie\/ie\/oireachtas\/house\/dail\/33"},"progressStage":1,"showAs":"First Stage","stageCompleted":true,"stageOutcome":null,"stageURI":"https:\/\/data.oireachtas.ie\/ie\/oireachtas\/def\/bill-stage\/1","uri":"https:\/\/data.oireachtas.ie\/ie\/oireachtas\/bill\/2023\/93\/stage\/dail\/1"}},{"event":{"chamber":{"chamberCode":"dail","showAs":"D\u00e1il \u00c9ireann","uri":"https:\/\/data.oireachtas.ie\/ie\/oireachtas\/def\/house\/dail"},"dates":[{"date":"2023-12-13"},{"date":"2023-12-13"},{"date":"2023-12-13"}],"house":{"chamberCode":"dail","chamberType":"house","houseCode":"dail","houseNo":"33","showAs":"33rd D\u00e1il","uri":"https:\/\/data.oireachtas.ie\/ie\/oireachtas\/house\/dail\/33"},"progressStage":2,"showAs":"Second Stage","stageCompleted":true,"stageOutcome":"Current","stageURI":"https:\/\/data.oireachtas.ie\/ie\/oireachtas\/def\/bill-stage\/2","uri":"https:\/\/data.oireachtas.ie\/ie\/oireachtas\/bill\/2023\/93\/stage\/dail\/2"}}],"status":"Current","statusURI":"https:\/\/data.oireachtas.ie\/ie\/oireachtas\/def\/bill-status\/published","uri":"https:\/\/data.oireachtas.ie\/ie\/oireachtas\/bill\/2023\/93","versions":[{"version":{"date":"2023-12-13","docType":"bill","formats":{"pdf":{"uri":"https:\/\/data.oireachtas.ie\/ie\/oireachtas\/bill\/2023\/93\/eng\/initiated\/b9323d.pdf"},"xml":null},"lang":"eng","showAs":"As Initiated","uri":"https:\/\/data.oireachtas.ie\/ie\/oireachtas\/bill\/2023\/93\/eng\/initiated"}}]},"billSort":{"actNoSort":null,"actShortTitleEnSort":null,"actShortTitleGaSort":null,"actYearSort":null,"billNoSort":93,"billShortTitleEnSort":"criminal-justice-promotion-of-restorative-justice-amendment-bill-2023","billShortTitleGaSort":"an-bille-um-cheartas-coiriuil-ceartas-aisig-a-chur-chun-cinn-leasu-2023","billYearSort":2023},"contextDate":"2023-12-13"},{"bill":{"act":null,"amendmentLists":[],"billNo":"88","billType":"Public","billTypeURI":"https:\/\/data.oireachtas.ie\/ie\/oireachtas\/def\/bill-type\/public","billYear":"2023","debates":[{"chamber":{"showAs":"Seanad \u00c9ireann","uri":"https:\/\/data.oireachtas.ie\/ie\/oireachtas\/def\/house\/seanad"},"date":"2023-11-29","debateSectionId":"dbsect_9","showAs":"Misuse of Drugs (Amendment) (Control of Nitrous Oxide) Bill 2023: First Stage","uri":"https:\/\/data.oireachtas.ie\/akn\/ie\/debateRecord\/seanad\/2023-11-29\/debate\/main"}],"events":[{"event":{"chamber":{"chamberCode":"seanad","showAs":"Seanad \u00c9ireann","uri":"https:\/\/data.oireachtas.ie\/ie\/oireachtas\/def\/house\/seanad"},"dates":[{"date":"2023-11-27"},{"date":"2023-11-29"}],"eventURI":"https:\/\/data.oireachtas.ie\/ie\/oireachtas\/def\/bill-event\/admissibility-for-introduction","showAs":"Admissibility for Introduction","uri":"https:\/\/data.oireachtas.ie\/ie\/oireachtas\/bill\/2023\/88\/admissibility-for-introduction"}},{"event":{"chamber":{"chamberCode":"seanad","showAs":"Seanad \u00c9ireann","uri":"https:\/\/data.oireachtas.ie\/ie\/oireachtas\/def\/house\/seanad"},"dates":[{"date":"2025-01-29"}],"eventURI":"https:\/\/data.oireachtas.ie\/ie\/oireachtas\/def\/bill-event\/bill-lapsed","showAs":"Bill Lapsed","uri":"https:\/\/data.oireachtas.ie\/ie\/oireachtas\/bill\/2023\/88\/bill-lapsed"}}],"lastUpdated":"2025-01-30T11:17:37.160000+00:00","longTitleEn":"<p style=\"text-align:justify\">Bill entitled an Act to amend the Misuse of Drugs Act 1977 and to provide for related matters.<\/p>\n","longTitleGa":"<p>Bille d\u00e1 ngairtear Acht do leas\u00fa an Achta um M\u00ed-\u00das\u00e1id Druga\u00ed, 1977 agus do dh\u00e9anamh socr\u00fa i dtaobh nithe gaolmhara.<\/p>\n","method":"Introduced","methodURI":"https:\/\/data.oireachtas.ie\/ie\/oireachtas\/def\/bill-method\/introduced","mostRecentStage":{"event":{"chamber":{"chamberCode":"seanad","showAs":"Seanad \u00c9ireann","uri":"https:\/\/data.oireachtas.ie\/ie\/oireachtas\/def\/house\/seanad"},"dates":[{"date":"2023-11-27"},{"date":"2023-11-29"},{"date":"2023-11-29"}],"house":{"chamberCode":"seanad","chamberType":"house","houseCode":"seanad","houseNo":"26","showAs":"26th Seanad","uri":"https:\/\/data.oireachtas.ie\/ie\/oireachtas\/house\/seanad\/26"},"progressStage":1,"showAs":"First Stage","stageCompleted":true,"stageOutcome":null,"stageURI":"https:\/\/data.oireachtas.ie\/ie\/oireachtas\/def\/bill-stage\/1","uri":"https:\/\/data.oireachtas.ie\/ie\/oireachtas\/bill\/2023\/88\/stage\/seanad\/1"}},"originHouse":{"showAs":"Seanad \u00c9ireann","uri":"https:\/\/data.oireachtas.ie\/ie\/oireachtas\/def\/house\/seanad"},"originHouseURI":"https:\/\/data.oireachtas.ie\/ie\/oireachtas\/def\/house\/seanad","relatedDocs":[{"relatedDoc":{"date":"2023-11-29","docType":"memo","formats":{"pdf":{"uri":"https:\/\/data.oireachtas.ie\/ie\/oireachtas\/bill\/2023\/88\/eng\/memo\/b8823s-memo.pdf"},"xml":null},"lang":"eng","showAs":"Explanatory Memorandum","uri":"https:\/\/data.oireachtas.ie\/ie\/oireachtas\/bill\/2023\/88\/eng\/memo"}}],"shortTitleEn":"Misuse of Drugs (Amendment) (Control of Nitrous Oxide) Bill 2023","shortTitleGa":"An Bille um M\u00ed-\u00das\u00e1id Druga\u00ed (Leas\u00fa) (Ocsa\u00edd N\u00edtri\u00fail a Rial\u00fa), 2023","source":"Private Member","sourceURI":"https:\/\/data.oireachtas.ie\/ie\/oireachtas\/def\/bill-source\/private-member","sponsors":[{"sponsor":{"as":{"showAs":null,"uri":null},"by":{"showAs":"John Cummins","uri":"https:\/\/data.oireachtas.ie\/ie\/oireachtas\/member\/id\/John-Cummins.S.2020-03-30"},"isPrimary":false}},{"sponsor":{"as":{"showAs":null,"uri":null},"by":{"showAs":"John McGahon","uri":"https:\/\/data.oireachtas.ie\/ie\/oireachtas\/member\/id\/John-McGahon.S.2020-03-30"},"isPrimary":false}},{"sponsor":{"as":{"showAs":null,"uri":null},"by":{"showAs":"Joe O'Reilly","uri":"https:\/\/data.oireachtas.ie\/ie\/oireachtas\/member\/id\/Joe-O'Reilly.S.1989-10-01"},"isPrimary":false}},{"sponsor":{"as":{"showAs":null,"uri":null},"by":{"showAs":"Martin Conway","uri":"https:\/\/data.oireachtas.ie\/ie\/oireachtas\/member\/id\/Martin-Conway.S.2011-05-25"},"isPrimary":false}},{"sponsor":{"as":{"showAs":null,"uri":null},"by":{"showAs":"Maria Byrne","uri":"https:\/\/data.oireachtas.ie\/ie\/oireachtas\/member\/id\/Maria-Byrne.S.2016-04-25"},"isPrimary":false}},{"sponsor":{"as":{"showAs":null,"uri":null},"by":{"showAs":"Garret Ahearn","uri":"https:\/\/data.oireachtas.ie\/ie\/oireachtas\/member\/id\/Garret-Ahearn.S.2020-03-30"},"isPrimary":false}},{"sponsor":{"as":{"showAs":null,"uri":null},"by":{"showAs":"Tim Lombard","uri":"https:\/\/data.oireachtas.ie\/ie\/oireachtas\/member\/id\/Tim-Lombard.S.2016-04-25"},"isPrimary":false}},{"sponsor":{"as":{"showAs":null,"uri":null},"by":{"showAs":"Aisling Dolan","uri":"https:\/\/data.oireachtas.ie\/ie\/oireachtas\/member\/id\/Aisling-Dolan.S.2020-06-29"},"isPrimary":false}},{"sponsor":{"as":{"showAs":null,"uri":null},"by":{"showAs":"Se\u00e1n Kyne","uri":"https:\/\/data.oireachtas.ie\/ie\/oireachtas\/member\/id\/Se\u00e1n-Kyne.D.2011-03-09"},"isPrimary":false}},{"sponsor":{"as":{"showAs":null,"uri":null},"by":{"showAs":"Miche\u00e1l Carrigy","uri":"https:\/\/data.oireachtas.ie\/ie\/oireachtas\/member\/id\/Miche\u00e1l-Carrigy.S.2020-03-30"},"isPrimary":false}},{"sponsor":{"as":{"showAs":null,"uri":null},"by":{"showAs":"Paddy Burke","uri":"https:\/\/data.oireachtas.ie\/ie\/oireachtas\/member\/id\/Paddy-Burke.S.1993-02-17"},"isPrimary":false}},{"sponsor":{"as":{"showAs":null,"uri":null},"by":{"showAs":"Mary Seery Kearney","uri":"https:\/\/data.oireachtas.ie\/ie\/oireachtas\/member\/id\/Mary-Seery-Kearney.S.2020-06-29"},"isPrimary":false}},{"sponsor":{"as":{"showAs":null,"uri":null},"by":{"showAs":"Regina Doherty","uri":"https:\/\/data.oireachtas.ie\/ie\/oireachtas\/member\/id\/Regina-Doherty.D.2011-03-09"},"isPrimary":true}},{"sponsor":{"as":{"showAs":null,"uri":null},"by":{"showAs":"Barry Ward","uri":"https:\/\/data.oireachtas.ie\/ie\/oireachtas\/member\/id\/Barry-Ward.S.2020-03-30"},"isPrimary":false}},{"sponsor":{"as":{"showAs":null,"uri":null},"by":{"showAs":"Emer Currie","uri":"https:\/\/data.oireachtas.ie\/ie\/oireachtas\/member\/id\/Emer-Currie.S.2020-06-29"},"isPrimary":false}}],"stages":[{"event":{"chamber":{"chamberCode":"seanad","showAs":"Seanad \u00c9ireann","uri":"https:\/\/data.oireachtas.ie\/ie\/oireachtas\/def\/house\/seanad"},"dates":[{"date":"2023-11-27"},{"date":"2023-11-29"},{"date":"2023-11-29"}],"house":{"chamberCode":"seanad","chamberType":"house","houseCode":"seanad","houseNo":"26","showAs":"26th Seanad","uri":"https:\/\/data.oireachtas.ie\/ie\/oireachtas\/house\/seanad\/26"},"progressStage":1,"showAs":"First Stage","stageCompleted":true,"stageOutcome":null,"stageURI":"https:\/\/data.oireachtas.ie\/ie\/oireachtas\/def\/bill-stage\/1","uri":"https:\/\/data.oireachtas.ie\/ie\/oireachtas\/bill\/2023\/88\/stage\/seanad\/1"}}],"status":"Lapsed","statusURI":"https:\/\/data.oireachtas.ie\/ie\/oireachtas\/def\/bill-status\/lapsed","uri":"https:\/\/data.oireachtas.ie\/ie\/oireachtas\/bill\/2023\/88","versions":[{"version":{"date":"2023-11-29","docType":"bill","formats":{"pdf":{"uri":"https:\/\/data.oireachtas.ie\/ie\/oireachtas\/bill\/2023\/88\/eng\/initiated\/b8823s.pdf"},"xml":null},"lang":"eng","showAs":"As Initiated","uri":"https:\/\/data.oireachtas.ie\/ie\/oireachtas\/bill\/2023\/88\/eng\/initiated"}}]},"billSort":{"actNoSort":null,"actShortTitleEnSort":null,"actShortTitleGaSort":null,"actYearSort":null,"billNoSort":88,"billShortTitleEnSort":"misuse-of-drugs-amendment-control-of-nitrous-oxide-bill-2023","billShortTitleGaSort":"an-bille-um-mi-usaid-drugai-leasu-ocsaid-nitriuil-a-rialu-2023","billYearSort":2023},"contextDate":"2023-11-29"},{"bill":{"act":null,"amendmentLists":[],"billNo":"84","billType":"Public","billTypeURI":"https:\/\/data.oireachtas.ie\/ie\/oireachtas\/def\/bill-type\/public","billYear":"2023","debates":[{"chamber":{"showAs":"D\u00e1il \u00c9ireann","uri":"https:\/\/data.oireachtas.ie\/ie\/oireachtas\/def\/house\/dail"},"date":"2024-10-09","debateSectionId":"dbsect_12","showAs":"Capital Supply Service and Purpose Report Bill 2023: Referral to Select Committee [Private Members]","uri":"https:\/\/data.oireachtas.ie\/akn\/ie\/debateRecord\/dail\/2024-10-09\/debate\/main"},{"chamber":{"showAs":"D\u00e1il \u00c9ireann","uri":"https:\/\/data.oireachtas.ie\/ie\/oireachtas\/def\/house\/dail"},"date":"2023-11-29","debateSectionId":"dbsect_8","showAs":"Capital Supply Service and Purpose Report Bill 2023: Second Stage [Private Members]","uri":"https:\/\/data.oireachtas.ie\/akn\/ie\/debateRecord\/dail\/2023-11-29\/debate\/main"},{"chamber":{"showAs":"D\u00e1il \u00c9ireann","uri":"https:\/\/data.oireachtas.ie\/ie\/oireachtas\/def\/house\/dail"},"date":"2023-11-29","debateSectionId":"dbsect_10","showAs":"Capital Supply Service and Purpose Report Bill 2023: Second Stage (Resumed) [Private Members]","uri":"https:\/\/data.oireachtas.ie\/akn\/ie\/debateRecord\/dail\/2023-11-29\/debate\/main"},{"chamber":{"showAs":"D\u00e1il \u00c9ireann","uri":"https:\/\/data.oireachtas.ie\/ie\/oireachtas\/def\/house\/dail"},"date":"2023-11-21","debateSectionId":"dbsect_6","showAs":"Capital Supply Service and Purpose Report Bill 2023: First Stage","uri":"https:\/\/data.oireachtas.ie\/akn\/ie\/debateRecord\/dail\/2023-11-21\/debate\/main"}],"events":[{"event":{"chamber":{"chamberCode":"dail","showAs":"D\u00e1il \u00c9ireann","uri":"https:\/\/data.oireachtas.ie\/ie\/oireachtas\/def\/house\/dail"},"dates":[{"date":"2023-11-13"},{"date":"2023-11-13"},{"date":"2023-11-21"},{"date":"2025-05-01"}],"eventURI":"https:\/\/data.oireachtas.ie\/ie\/oireachtas\/def\/bill-event\/approved-for-initiation","showAs":"Approved for Initiation","uri":"https:\/\/data.oireachtas.ie\/ie\/oireachtas\/bill\/2023\/84\/approved-for-initiation"}},{"event":{"chamber":{"chamberCode":"dail","showAs":"D\u00e1il \u00c9ireann","uri":"https:\/\/data.oireachtas.ie\/ie\/oireachtas\/def\/house\/dail"},"dates":[{"date":"2024-11-08"}],"eventURI":"https:\/\/data.oireachtas.ie\/ie\/oireachtas\/def\/bill-event\/bill-lapsed","showAs":"Bill Lapsed","uri":"https:\/\/data.oireachtas.ie\/ie\/oireachtas\/bill\/2023\/84\/bill-lapsed"}}],"lastUpdated":"2025-05-02T12:12:06.510000+00:00","longTitleEn":"<p>Bill entitled an Act to require each Minister of the Government, with responsibility for a Department of State, to periodically prepare a capital supply service and purpose report to provide certain information on the assets that were allocated money from the vote for such Department in a relevant financial year and to provide for related matters.<\/p>\n","longTitleGa":"<p>Bille d\u00e1 ngairtear Acht d\u00e1 cheangal ar gach Aire den Rialtas ar a bhfuil freagracht i leith Roinn St\u00e1it tuarasc\u00e1il seirbh\u00edse sol\u00e1thair chaipiti\u00fail agus cr\u00edche a ullmh\u00fa go tr\u00e9imhsi\u00fail chun faisn\u00e9is \u00e1irithe a shol\u00e1thar faoi na s\u00f3cmhainn\u00ed ar ar leithroinneadh airgead \u00f3n v\u00f3ta don Roinn sin i mbliain airgeadais iomchu\u00ed agus do dh\u00e9anamh socr\u00fa i dtaobh nithe gaolmhara.<\/p>\n","method":"Introduced","methodURI":"https:\/\/data.oireachtas.ie\/ie\/oireachtas\/def\/bill-method\/introduced","mostRecentStage":{"event":{"chamber":{"chamberCode":"dail","showAs":"D\u00e1il \u00c9ireann","uri":"https:\/\/data.oireachtas.ie\/ie\/oireachtas\/def\/house\/dail"},"dates":[{"date":"2023-11-29"},{"date":"2025-05-01"}],"house":{"chamberCode":"dail","chamberType":"house","houseCode":"dail","houseNo":"33","showAs":"33rd D\u00e1il","uri":"https:\/\/data.oireachtas.ie\/ie\/oireachtas\/house\/dail\/33"},"progressStage":3,"showAs":"Committee Stage","stageCompleted":false,"stageOutcome":"Current","stageURI":"https:\/\/data.oireachtas.ie\/ie\/oireachtas\/def\/bill-stage\/3","uri":"https:\/\/data.oireachtas.ie\/ie\/oireachtas\/bill\/2023\/84\/stage\/dail\/3"}},"originHouse":{"showAs":"D\u00e1il \u00c9ireann","uri":"https:\/\/data.oireachtas.ie\/ie\/oireachtas\/def\/house\/dail"},"originHouseURI":"https:\/\/data.oireachtas.ie\/ie\/oireachtas\/def\/house\/dail","relatedDocs":[{"relatedDoc":{"date":"2023-11-21","docType":"memo","formats":{"pdf":{"uri":"https:\/\/data.oireachtas.ie\/ie\/oireachtas\/bill\/2023\/84\/eng\/memo\/b8423d-memo.pdf"},"xml":null},"lang":"eng","showAs":"Explanatory Memorandum","uri":"https:\/\/data.oireachtas.ie\/ie\/oireachtas\/bill\/2023\/84\/eng\/memo"}}],"shortTitleEn":"Capital Supply Service and Purpose Report Bill 2023","shortTitleGa":"An Bille um Thuarasc\u00e1il Seirbh\u00edse Sol\u00e1thair Chaipiti\u00fail agus Cr\u00edche, 2023","source":"Private Member","sourceURI":"https:\/\/data.oireachtas.ie\/ie\/oireachtas\/def\/bill-source\/private-member","sponsors":[{"sponsor":{"as":{"showAs":null,"uri":null},"by":{"showAs":"Matt Shanahan","uri":"https:\/\/data.oireachtas.ie\/ie\/oireachtas\/member\/id\/Matt-Shanahan.D.2020-02-08"},"isPrimary":true}}],"stages":[{"event":{"chamber":{"chamberCode":"dail","showAs":"D\u00e1il \u00c9ireann","uri":"https:\/\/data.oireachtas.ie\/ie\/oireachtas\/def\/house\/dail"},"dates":[{"date":"2023-11-13"},{"date":"2023-11-13"},{"date":"2023-11-21"},{"date":"2023-11-21"}],"house":{"chamberCode":"dail","chamberType":"house","houseCode":"dail","houseNo":"33","showAs":"33rd D\u00e1il","uri":"https:\/\/data.oireachtas.ie\/ie\/oireachtas\/house\/dail\/33"},"progressStage":1,"showAs":"First Stage","stageCompleted":true,"stageOutcome":null,"stageURI":"https:\/\/data.oireachtas.ie\/ie\/oireachtas\/def\/bill-stage\/1","uri":"https:\/\/data.oireachtas.ie\/ie\/oireachtas\/bill\/2023\/84\/stage\/dail\/1"}},{"event":{"chamber":{"chamberCode":"dail","showAs":"D\u00e1il \u00c9ireann","uri":"https:\/\/data.oireachtas.ie\/ie\/oireachtas\/def\/house\/dail"},"dates":[{"date":"2023-11-21"},{"date":"2023-11-21"}],"house":{"chamberCode":"dail","chamberType":"house","houseCode":"dail","houseNo":"33","showAs":"33rd D\u00e1il","uri":"https:\/\/data.oireachtas.ie\/ie\/oireachtas\/house\/dail\/33"},"progressStage":2,"showAs":"Second Stage","stageCompleted":true,"stageOutcome":null,"stageURI":"https:\/\/data.oireachtas.ie\/ie\/oireachtas\/def\/bill-stage\/2","uri":"https:\/\/data.oireachtas.ie\/ie\/oireachtas\/bill\/2023\/84\/stage\/dail\/2"}},{"event":{"chamber":{"chamberCode":"dail","showAs":"D\u00e1il \u00c9ireann","uri":"https:\/\/data.oireachtas.ie\/ie\/oireachtas\/def\/house\/dail"},"dates":[{"date":"2023-11-29"},{"date":"2025-05-01"}],"house":{"chamberCode":"dail","chamberType":"house","houseCode":"dail","houseNo":"33","showAs":"33rd D\u00e1il","uri":"https:\/\/data.oireachtas.ie\/ie\/oireachtas\/house\/dail\/33"},"progressStage":3,"showAs":"Committee Stage","stageCompleted":false,"stageOutcome":"Current","stageURI":"https:\/\/data.oireachtas.ie\/ie\/oireachtas\/def\/bill-stage\/3","uri":"https:\/\/data.oireachtas.ie\/ie\/oireachtas\/bill\/2023\/84\/stage\/dail\/3"}}],"status":"Current","statusURI":"https:\/\/data.oireachtas.ie\/ie\/oireachtas\/def\/bill-status\/published","uri":"https:\/\/data.oireachtas.ie\/ie\/oireachtas\/bill\/2023\/84","versions":[{"version":{"date":"2023-11-21","docType":"bill","formats":{"pdf":{"uri":"https:\/\/data.oireachtas.ie\/ie\/oireachtas\/bill\/2023\/84\/eng\/initiated\/b8423d.pdf"},"xml":null},"lang":"eng","showAs":"As Initiated","uri":"https:\/\/data.oireachtas.ie\/ie\/oireachtas\/bill\/2023\/84\/eng\/initiated"}}]},"billSort":{"actNoSort":null,"actShortTitleEnSort":null,"actShortTitleGaSort":null,"actYearSort":null,"billNoSort":84,"billShortTitleEnSort":"capital-supply-service-and-purpose-report-bill-2023","billShortTitleGaSort":"an-bille-um-thuarascail-seirbhise-solathair-chaipitiuil-agus-criche-2023","billYearSort":2023},"contextDate":"2025-05-01"},{"bill":{"act":null,"amendmentLists":[],"billNo":"83","billType":"Public","billTypeURI":"https:\/\/data.oireachtas.ie\/ie\/oireachtas\/def\/bill-type\/public","billYear":"2023","debates":[{"chamber":{"showAs":"D\u00e1il \u00c9ireann","uri":"https:\/\/data.oireachtas.ie\/ie\/oireachtas\/def\/house\/dail"},"date":"2024-02-28","debateSectionId":"dbsect_22","showAs":"Mental Health (Amendment) Bill 2023: Second Stage (Resumed) [Private Members]","uri":"https:\/\/data.oireachtas.ie\/akn\/ie\/debateRecord\/dail\/2024-02-28\/debate\/main"},{"chamber":{"showAs":"D\u00e1il \u00c9ireann","uri":"https:\/\/data.oireachtas.ie\/ie\/oireachtas\/def\/house\/dail"},"date":"2024-02-27","debateSectionId":"dbsect_14","showAs":"Mental Health (Amendment) Bill 2023: Second Stage [Private Members]","uri":"https:\/\/data.oireachtas.ie\/akn\/ie\/debateRecord\/dail\/2024-02-27\/debate\/main"},{"chamber":{"showAs":"D\u00e1il \u00c9ireann","uri":"https:\/\/data.oireachtas.ie\/ie\/oireachtas\/def\/house\/dail"},"date":"2024-02-27","debateSectionId":"dbsect_16","showAs":"Mental Health (Amendment) Bill 2023: Second Stage (Resumed) [Private Members]","uri":"https:\/\/data.oireachtas.ie\/akn\/ie\/debateRecord\/dail\/2024-02-27\/debate\/main"},{"chamber":{"showAs":"D\u00e1il \u00c9ireann","uri":"https:\/\/data.oireachtas.ie\/ie\/oireachtas\/def\/house\/dail"},"date":"2023-11-21","debateSectionId":"dbsect_5","showAs":"Mental Health (Amendment) Bill 2023: First Stage","uri":"https:\/\/data.oireachtas.ie\/akn\/ie\/debateRecord\/dail\/2023-11-21\/debate\/main"}],"events":[{"event":{"chamber":{"chamberCode":"dail","showAs":"D\u00e1il \u00c9ireann","uri":"https:\/\/data.oireachtas.ie\/ie\/oireachtas\/def\/house\/dail"},"dates":[{"date":"2023-11-08"},{"date":"2023-11-08"},{"date":"2023-11-21"},{"date":"2025-05-01"}],"eventURI":"https:\/\/data.oireachtas.ie\/ie\/oireachtas\/def\/bill-event\/approved-for-initiation","showAs":"Approved for Initiation","uri":"https:\/\/data.oireachtas.ie\/ie\/oireachtas\/bill\/2023\/83\/approved-for-initiation"}},{"event":{"chamber":{"chamberCode":"dail","showAs":"D\u00e1il \u00c9ireann","uri":"https:\/\/data.oireachtas.ie\/ie\/oireachtas\/def\/house\/dail"},"dates":[{"date":"2024-11-08"}],"eventURI":"https:\/\/data.oireachtas.ie\/ie\/oireachtas\/def\/bill-event\/bill-lapsed","showAs":"Bill Lapsed","uri":"https:\/\/data.oireachtas.ie\/ie\/oireachtas\/bill\/2023\/83\/bill-lapsed"}}],"lastUpdated":"2025-05-02T11:57:23.650000+00:00","longTitleEn":"<p>Bill entitled an Act to amend the Mental Health Act 2001.<\/p>\n","longTitleGa":"<p>Bille d\u00e1 ngairtear Acht do leas\u00fa an Achta Meabhair-Shl\u00e1inte, 2001.<\/p>\n","method":"Introduced","methodURI":"https:\/\/data.oireachtas.ie\/ie\/oireachtas\/def\/bill-method\/introduced","mostRecentStage":{"event":{"chamber":{"chamberCode":"dail","showAs":"D\u00e1il \u00c9ireann","uri":"https:\/\/data.oireachtas.ie\/ie\/oireachtas\/def\/house\/dail"},"dates":[{"date":"2025-05-01"}],"house":{"chamberCode":"dail","chamberType":"house","houseCode":"dail","houseNo":"34","showAs":"34th D\u00e1il","uri":"https:\/\/data.oireachtas.ie\/ie\/oireachtas\/house\/dail\/34"},"progressStage":2,"showAs":"Committee Stage","stageCompleted":false,"stageOutcome":"Current","stageURI":"https:\/\/data.oireachtas.ie\/ie\/oireachtas\/def\/bill-stage\/3","uri":"https:\/\/data.oireachtas.ie\/ie\/oireachtas\/bill\/2023\/83\/stage\/dail\/3"}},"originHouse":{"showAs":"D\u00e1il \u00c9ireann","uri":"https:\/\/data.oireachtas.ie\/ie\/oireachtas\/def\/house\/dail"},"originHouseURI":"https:\/\/data.oireachtas.ie\/ie\/oireachtas\/def\/house\/dail","relatedDocs":[{"relatedDoc":{"date":"2023-11-21","docType":"memo","formats":{"pdf":{"uri":"https:\/\/data.oireachtas.ie\/ie\/oireachtas\/bill\/2023\/83\/eng\/memo\/b8323d-memo.pdf"},"xml":null},"lang":"eng","showAs":"Explanatory Memorandum","uri":"https:\/\/data.oireachtas.ie\/ie\/oireachtas\/bill\/2023\/83\/eng\/memo"}}],"shortTitleEn":"Mental Health (Amendment) Bill 2023","shortTitleGa":"An Bille Meabhair-Shl\u00e1inte (Leas\u00fa), 2023","source":"Private Member","sourceURI":"https:\/\/data.oireachtas.ie\/ie\/oireachtas\/def\/bill-source\/private-member","sponsors":[{"sponsor":{"as":{"showAs":null,"uri":null},"by":{"showAs":"Mark Ward","uri":"https:\/\/data.oireachtas.ie\/ie\/oireachtas\/member\/id\/Mark-Ward.D.2019-11-29"},"isPrimary":true}},{"sponsor":{"as":{"showAs":null,"uri":null},"by":{"showAs":"David Cullinane","uri":"https:\/\/data.oireachtas.ie\/ie\/oireachtas\/member\/id\/David-Cullinane.S.2011-05-25"},"isPrimary":false}}],"stages":[{"event":{"chamber":{"chamberCode":"dail","showAs":"D\u00e1il \u00c9ireann","uri":"https:\/\/data.oireachtas.ie\/ie\/oireachtas\/def\/house\/dail"},"dates":[{"date":"2023-11-08"},{"date":"2023-11-08"},{"date":"2023-11-21"},{"date":"2023-11-21"}],"house":{"chamberCode":"dail","chamberType":"house","houseCode":"dail","houseNo":"33","showAs":"33rd D\u00e1il","uri":"https:\/\/data.oireachtas.ie\/ie\/oireachtas\/house\/dail\/33"},"progressStage":1,"showAs":"First Stage","stageCompleted":true,"stageOutcome":null,"stageURI":"https:\/\/data.oireachtas.ie\/ie\/oireachtas\/def\/bill-stage\/1","uri":"https:\/\/data.oireachtas.ie\/ie\/oireachtas\/bill\/2023\/83\/stage\/dail\/1"}},{"event":{"chamber":{"chamberCode":"dail","showAs":"D\u00e1il \u00c9ireann","uri":"https:\/\/data.oireachtas.ie\/ie\/oireachtas\/def\/house\/dail"},"dates":[{"date":"2025-05-01"}],"house":{"chamberCode":"dail","chamberType":"house","houseCode":"dail","houseNo":"34","showAs":"34th D\u00e1il","uri":"https:\/\/data.oireachtas.ie\/ie\/oireachtas\/house\/dail\/34"},"progressStage":2,"showAs":"Committee Stage","stageCompleted":false,"stageOutcome":"Current","stageURI":"https:\/\/data.oireachtas.ie\/ie\/oireachtas\/def\/bill-stage\/3","uri":"https:\/\/data.oireachtas.ie\/ie\/oireachtas\/bill\/2023\/83\/stage\/dail\/3"}}],"status":"Current","statusURI":"https:\/\/data.oireachtas.ie\/ie\/oireachtas\/def\/bill-status\/published","uri":"https:\/\/data.oireachtas.ie\/ie\/oireachtas\/bill\/2023\/83","versions":[{"version":{"date":"2023-11-21","docType":"bill","formats":{"pdf":{"uri":"https:\/\/data.oireachtas.ie\/ie\/oireachtas\/bill\/2023\/83\/eng\/initiated\/b8323d.pdf"},"xml":null},"lang":"eng","showAs":"As Initiated","uri":"https:\/\/data.oireachtas.ie\/ie\/oireachtas\/bill\/2023\/83\/eng\/initiated"}}]},"billSort":{"actNoSort":null,"actShortTitleEnSort":null,"actShortTitleGaSort":null,"actYearSort":null,"billNoSort":83,"billShortTitleEnSort":"mental-health-amendment-bill-2023","billShortTitleGaSort":"an-bille-meabhair-shlainte-leasu-2023","billYearSort":2023},"contextDate":"2025-05-01"},{"bill":{"act":null,"amendmentLists":[],"billNo":"80","billType":"Public","billTypeURI":"https:\/\/data.oireachtas.ie\/ie\/oireachtas\/def\/bill-type\/public","billYear":"2023","debates":[{"chamber":{"showAs":"Seanad \u00c9ireann","uri":"https:\/\/data.oireachtas.ie\/ie\/oireachtas\/def\/house\/seanad"},"date":"2023-11-15","debateSectionId":"dbsect_12","showAs":"Civil Legal Aid (Neighbours\u2019 Dispute Mediation Services) Bill 2023: First Stage","uri":"https:\/\/data.oireachtas.ie\/akn\/ie\/debateRecord\/seanad\/2023-11-15\/debate\/main"}],"events":[{"event":{"chamber":{"chamberCode":"seanad","showAs":"Seanad \u00c9ireann","uri":"https:\/\/data.oireachtas.ie\/ie\/oireachtas\/def\/house\/seanad"},"dates":[{"date":"2023-01-09"},{"date":"2023-11-15"}],"eventURI":"https:\/\/data.oireachtas.ie\/ie\/oireachtas\/def\/bill-event\/admissibility-for-introduction","showAs":"Admissibility for Introduction","uri":"https:\/\/data.oireachtas.ie\/ie\/oireachtas\/bill\/2023\/80\/admissibility-for-introduction"}},{"event":{"chamber":{"chamberCode":"seanad","showAs":"Seanad \u00c9ireann","uri":"https:\/\/data.oireachtas.ie\/ie\/oireachtas\/def\/house\/seanad"},"dates":[{"date":"2025-01-29"}],"eventURI":"https:\/\/data.oireachtas.ie\/ie\/oireachtas\/def\/bill-event\/bill-lapsed","showAs":"Bill Lapsed","uri":"https:\/\/data.oireachtas.ie\/ie\/oireachtas\/bill\/2023\/80\/bill-lapsed"}}],"lastUpdated":"2025-01-30T11:17:37.160000+00:00","longTitleEn":"<p>Bill entitled an Act to amend and extend the Civil Legal Aid Act 1995 and to provide for related matters.<\/p>\n","longTitleGa":"<p>Bille d\u00e1 ngairtear Acht do leas\u00fa agus do leathn\u00fa an Achta um Ch\u00fanamh Dl\u00edthi\u00fail Sibhialta, 1995 agus do dh\u00e9anamh socr\u00fa i dtaobh nithe gaolmhara.<\/p>\n","method":"Introduced","methodURI":"https:\/\/data.oireachtas.ie\/ie\/oireachtas\/def\/bill-method\/introduced","mostRecentStage":{"event":{"chamber":{"chamberCode":"seanad","showAs":"Seanad \u00c9ireann","uri":"https:\/\/data.oireachtas.ie\/ie\/oireachtas\/def\/house\/seanad"},"dates":[{"date":"2023-01-09"},{"date":"2023-11-15"},{"date":"2023-11-15"}],"house":{"chamberCode":"seanad","chamberType":"house","houseCode":"seanad","houseNo":"26","showAs":"26th Seanad","uri":"https:\/\/data.oireachtas.ie\/ie\/oireachtas\/house\/seanad\/26"},"progressStage":1,"showAs":"First Stage","stageCompleted":true,"stageOutcome":null,"stageURI":"https:\/\/data.oireachtas.ie\/ie\/oireachtas\/def\/bill-stage\/1","uri":"https:\/\/data.oireachtas.ie\/ie\/oireachtas\/bill\/2023\/80\/stage\/seanad\/1"}},"originHouse":{"showAs":"Seanad \u00c9ireann","uri":"https:\/\/data.oireachtas.ie\/ie\/oireachtas\/def\/house\/seanad"},"originHouseURI":"https:\/\/data.oireachtas.ie\/ie\/oireachtas\/def\/house\/seanad","relatedDocs":[],"shortTitleEn":"Civil Legal Aid (Neighbours\u2019 Dispute Mediation Services) Bill 2023","shortTitleGa":"An Bille um Ch\u00fanamh Dl\u00edthi\u00fail Sibhialta (Seirbh\u00eds\u00ed Idirghabh\u00e1la le haghaidh D\u00edosp\u00f3id\u00ed idir Comharsana), 2023","source":"Private Member","sourceURI":"https:\/\/data.oireachtas.ie\/ie\/oireachtas\/def\/bill-source\/private-member","sponsors":[{"sponsor":{"as":{"showAs":null,"uri":null},"by":{"showAs":"Miche\u00e1l Carrigy","uri":"https:\/\/data.oireachtas.ie\/ie\/oireachtas\/member\/id\/Miche\u00e1l-Carrigy.S.2020-03-30"},"isPrimary":true}}],"stages":[{"event":{"chamber":{"chamberCode":"seanad","showAs":"Seanad \u00c9ireann","uri":"https:\/\/data.oireachtas.ie\/ie\/oireachtas\/def\/house\/seanad"},"dates":[{"date":"2023-01-09"},{"date":"2023-11-15"},{"date":"2023-11-15"}],"house":{"chamberCode":"seanad","chamberType":"house","houseCode":"seanad","houseNo":"26","showAs":"26th Seanad","uri":"https:\/\/data.oireachtas.ie\/ie\/oireachtas\/house\/seanad\/26"},"progressStage":1,"showAs":"First Stage","stageCompleted":true,"stageOutcome":null,"stageURI":"https:\/\/data.oireachtas.ie\/ie\/oireachtas\/def\/bill-stage\/1","uri":"https:\/\/data.oireachtas.ie\/ie\/oireachtas\/bill\/2023\/80\/stage\/seanad\/1"}}],"status":"Lapsed","statusURI":"https:\/\/data.oireachtas.ie\/ie\/oireachtas\/def\/bill-status\/lapsed","uri":"https:\/\/data.oireachtas.ie\/ie\/oireachtas\/bill\/2023\/80","versions":[{"version":{"date":"2023-11-15","docType":"bill","formats":{"pdf":{"uri":"https:\/\/data.oireachtas.ie\/ie\/oireachtas\/bill\/2023\/80\/eng\/initiated\/b8023s.pdf"},"xml":null},"lang":"eng","showAs":"As Initiated","uri":"https:\/\/data.oireachtas.ie\/ie\/oireachtas\/bill\/2023\/80\/eng\/initiated"}}]},"billSort":{"actNoSort":null,"actShortTitleEnSort":null,"actShortTitleGaSort":null,"actYearSort":null,"billNoSort":80,"billShortTitleEnSort":"civil-legal-aid-neighbours-dispute-mediation-services-bill-2023","billShortTitleGaSort":"an-bille-um-chunamh-dlithiuil-sibhialta-seirbhisi-idirghabhala-le-haghaidh-diospoidi-idir-comharsana-2023","billYearSort":2023},"contextDate":"2023-11-15"},{"bill":{"act":null,"amendmentLists":[],"billNo":"78","billType":"Public","billTypeURI":"https:\/\/data.oireachtas.ie\/ie\/oireachtas\/def\/bill-type\/public","billYear":"2023","debates":[{"chamber":{"showAs":"D\u00e1il \u00c9ireann","uri":"https:\/\/data.oireachtas.ie\/ie\/oireachtas\/def\/house\/dail"},"date":"2023-11-07","debateSectionId":"dbsect_8","showAs":"Local Government (Community Gardens) Bill 2023: First Stage","uri":"https:\/\/data.oireachtas.ie\/akn\/ie\/debateRecord\/dail\/2023-11-07\/debate\/main"}],"events":[{"event":{"chamber":{"chamberCode":"dail","showAs":"D\u00e1il \u00c9ireann","uri":"https:\/\/data.oireachtas.ie\/ie\/oireachtas\/def\/house\/dail"},"dates":[{"date":"2023-10-24"},{"date":"2023-11-02"},{"date":"2023-11-07"},{"date":"2025-05-01"}],"eventURI":"https:\/\/data.oireachtas.ie\/ie\/oireachtas\/def\/bill-event\/admissibility-for-introduction","showAs":"Admissibility for Introduction","uri":"https:\/\/data.oireachtas.ie\/ie\/oireachtas\/bill\/2023\/78\/admissibility-for-introduction"}},{"event":{"chamber":{"chamberCode":"dail","showAs":"D\u00e1il \u00c9ireann","uri":"https:\/\/data.oireachtas.ie\/ie\/oireachtas\/def\/house\/dail"},"dates":[{"date":"2024-11-08"}],"eventURI":"https:\/\/data.oireachtas.ie\/ie\/oireachtas\/def\/bill-event\/bill-lapsed","showAs":"Bill Lapsed","uri":"https:\/\/data.oireachtas.ie\/ie\/oireachtas\/bill\/2023\/78\/bill-lapsed"}}],"lastUpdated":"2025-05-02T11:53:19.230000+00:00","longTitleEn":"<p>Bill entitled an Act to amend and extend the Local Government Act 2001 and, for that purpose, to provide for applications for a community garden; to require local authorities to publish a community garden policy; and to provide for related matters.<\/p>\n","longTitleGa":"<p>Bille d\u00e1 ngairtear Acht do leas\u00fa agus do leathn\u00fa an Achta Rialtais \u00c1iti\u00fail, 2001 agus, chun na cr\u00edche sin, do dh\u00e9anamh socr\u00fa maidir le hiarratais ar ghaird\u00edn pobail; d\u00e1 cheangal ar \u00fadar\u00e1is \u00e1iti\u00fala beartas gaird\u00edn\u00ed pobail a fhoilsi\u00fa; agus do dh\u00e9anamh socr\u00fa i dtaobh nithe gaolmhara.<\/p>\n","method":"Introduced","methodURI":"https:\/\/data.oireachtas.ie\/ie\/oireachtas\/def\/bill-method\/introduced","mostRecentStage":{"event":{"chamber":{"chamberCode":"dail","showAs":"D\u00e1il \u00c9ireann","uri":"https:\/\/data.oireachtas.ie\/ie\/oireachtas\/def\/house\/dail"},"dates":[{"date":"2024-11-08"},{"date":"2025-05-01"}],"house":{"chamberCode":"dail","chamberType":"house","houseCode":"dail","houseNo":"33","showAs":"33rd D\u00e1il","uri":"https:\/\/data.oireachtas.ie\/ie\/oireachtas\/house\/dail\/33"},"progressStage":2,"showAs":"Second Stage","stageCompleted":false,"stageOutcome":"Current","stageURI":"https:\/\/data.oireachtas.ie\/ie\/oireachtas\/def\/bill-stage\/2","uri":"https:\/\/data.oireachtas.ie\/ie\/oireachtas\/bill\/2023\/78\/stage\/dail\/2"}},"originHouse":{"showAs":"D\u00e1il \u00c9ireann","uri":"https:\/\/data.oireachtas.ie\/ie\/oireachtas\/def\/house\/dail"},"originHouseURI":"https:\/\/data.oireachtas.ie\/ie\/oireachtas\/def\/house\/dail","relatedDocs":[{"relatedDoc":{"date":"2023-11-07","docType":"memo","formats":{"pdf":{"uri":"https:\/\/data.oireachtas.ie\/ie\/oireachtas\/bill\/2023\/78\/eng\/memo\/b7823d-memo.pdf"},"xml":null},"lang":"eng","showAs":"Explanatory Memorandum","uri":"https:\/\/data.oireachtas.ie\/ie\/oireachtas\/bill\/2023\/78\/eng\/memo"}}],"shortTitleEn":"Local Government (Community Gardens) Bill 2023","shortTitleGa":"An Bille Rialtais \u00c1iti\u00fail (Gaird\u00edn\u00ed Pobail), 2023","source":"Private Member","sourceURI":"https:\/\/data.oireachtas.ie\/ie\/oireachtas\/def\/bill-source\/private-member","sponsors":[{"sponsor":{"as":{"showAs":null,"uri":null},"by":{"showAs":"Marc \u00d3 Cathasaigh","uri":"https:\/\/data.oireachtas.ie\/ie\/oireachtas\/member\/id\/Marc-\u00d3-Cathasaigh.D.2020-02-08"},"isPrimary":true}},{"sponsor":{"as":{"showAs":null,"uri":null},"by":{"showAs":"Brian Leddin","uri":"https:\/\/data.oireachtas.ie\/ie\/oireachtas\/member\/id\/Brian-Leddin.D.2020-02-08"},"isPrimary":false}},{"sponsor":{"as":{"showAs":null,"uri":null},"by":{"showAs":"Francis Noel Duffy","uri":"https:\/\/data.oireachtas.ie\/ie\/oireachtas\/member\/id\/FrancisNoel-Duffy.D.2020-02-08"},"isPrimary":false}},{"sponsor":{"as":{"showAs":null,"uri":null},"by":{"showAs":"Patrick Costello","uri":"https:\/\/data.oireachtas.ie\/ie\/oireachtas\/member\/id\/Patrick-Costello.D.2020-02-08"},"isPrimary":false}},{"sponsor":{"as":{"showAs":null,"uri":null},"by":{"showAs":"Steven Matthews","uri":"https:\/\/data.oireachtas.ie\/ie\/oireachtas\/member\/id\/Steven-Matthews.D.2020-02-08"},"isPrimary":false}}],"stages":[{"event":{"chamber":{"chamberCode":"dail","showAs":"D\u00e1il \u00c9ireann","uri":"https:\/\/data.oireachtas.ie\/ie\/oireachtas\/def\/house\/dail"},"dates":[{"date":"2023-10-24"},{"date":"2023-11-02"},{"date":"2023-11-07"},{"date":"2023-11-07"}],"house":{"chamberCode":"dail","chamberType":"house","houseCode":"dail","houseNo":"33","showAs":"33rd D\u00e1il","uri":"https:\/\/data.oireachtas.ie\/ie\/oireachtas\/house\/dail\/33"},"progressStage":1,"showAs":"First Stage","stageCompleted":true,"stageOutcome":null,"stageURI":"https:\/\/data.oireachtas.ie\/ie\/oireachtas\/def\/bill-stage\/1","uri":"https:\/\/data.oireachtas.ie\/ie\/oireachtas\/bill\/2023\/78\/stage\/dail\/1"}},{"event":{"chamber":{"chamberCode":"dail","showAs":"D\u00e1il \u00c9ireann","uri":"https:\/\/data.oireachtas.ie\/ie\/oireachtas\/def\/house\/dail"},"dates":[{"date":"2024-11-08"},{"date":"2025-05-01"}],"house":{"chamberCode":"dail","chamberType":"house","houseCode":"dail","houseNo":"33","showAs":"33rd D\u00e1il","uri":"https:\/\/data.oireachtas.ie\/ie\/oireachtas\/house\/dail\/33"},"progressStage":2,"showAs":"Second Stage","stageCompleted":false,"stageOutcome":"Current","stageURI":"https:\/\/data.oireachtas.ie\/ie\/oireachtas\/def\/bill-stage\/2","uri":"https:\/\/data.oireachtas.ie\/ie\/oireachtas\/bill\/2023\/78\/stage\/dail\/2"}}],"status":"Current","statusURI":"https:\/\/data.oireachtas.ie\/ie\/oireachtas\/def\/bill-status\/published","uri":"https:\/\/data.oireachtas.ie\/ie\/oireachtas\/bill\/2023\/78","versions":[{"version":{"date":"2023-11-07","docType":"bill","formats":{"pdf":{"uri":"https:\/\/data.oireachtas.ie\/ie\/oireachtas\/bill\/2023\/78\/eng\/initiated\/b7823d.pdf"},"xml":null},"lang":"eng","showAs":"As Initiated","uri":"https:\/\/data.oireachtas.ie\/ie\/oireachtas\/bill\/2023\/78\/eng\/initiated"}}]},"billSort":{"actNoSort":null,"actShortTitleEnSort":null,"actShortTitleGaSort":null,"actYearSort":null,"billNoSort":78,"billShortTitleEnSort":"local-government-community-gardens-bill-2023","billShortTitleGaSort":"an-bille-rialtais-aitiuil-gairdini-pobail-2023","billYearSort":2023},"contextDate":"2025-05-01"},{"bill":{"act":null,"amendmentLists":[],"billNo":"75","billType":"Public","billTypeURI":"https:\/\/data.oireachtas.ie\/ie\/oireachtas\/def\/bill-type\/public","billYear":"2023","debates":[{"chamber":{"showAs":"D\u00e1il \u00c9ireann","uri":"https:\/\/data.oireachtas.ie\/ie\/oireachtas\/def\/house\/dail"},"date":"2025-10-07","debateSectionId":"dbsect_19","showAs":"Developer Profits Transparency Bill 2023: Second Stage (Resumed) [Private Members]","uri":"https:\/\/data.oireachtas.ie\/akn\/ie\/debateRecord\/dail\/2025-10-07\/debate\/main"},{"chamber":{"showAs":"D\u00e1il \u00c9ireann","uri":"https:\/\/data.oireachtas.ie\/ie\/oireachtas\/def\/house\/dail"},"date":"2025-10-02","debateSectionId":"dbsect_41","showAs":"Developer Profits Transparency Bill 2023: Second Stage [Private Members]","uri":"https:\/\/data.oireachtas.ie\/akn\/ie\/debateRecord\/dail\/2025-10-02\/debate\/main"},{"chamber":{"showAs":"D\u00e1il \u00c9ireann","uri":"https:\/\/data.oireachtas.ie\/ie\/oireachtas\/def\/house\/dail"},"date":"2023-10-25","debateSectionId":"dbsect_12","showAs":"Developer Profits Transparency Bill 2023: First Stage","uri":"https:\/\/data.oireachtas.ie\/akn\/ie\/debateRecord\/dail\/2023-10-25\/debate\/main"}],"events":[{"event":{"chamber":{"chamberCode":"dail","showAs":"D\u00e1il \u00c9ireann","uri":"https:\/\/data.oireachtas.ie\/ie\/oireachtas\/def\/house\/dail"},"dates":[{"date":"2023-10-17"},{"date":"2023-10-17"},{"date":"2023-10-25"},{"date":"2025-05-01"},{"date":"2025-10-07"}],"eventURI":"https:\/\/data.oireachtas.ie\/ie\/oireachtas\/def\/bill-event\/approved-for-initiation","showAs":"Approved for Initiation","uri":"https:\/\/data.oireachtas.ie\/ie\/oireachtas\/bill\/2023\/75\/approved-for-initiation"}},{"event":{"chamber":{"chamberCode":"dail","showAs":"D\u00e1il \u00c9ireann","uri":"https:\/\/data.oireachtas.ie\/ie\/oireachtas\/def\/house\/dail"},"dates":[{"date":"2024-11-08"}],"eventURI":"https:\/\/data.oireachtas.ie\/ie\/oireachtas\/def\/bill-event\/bill-lapsed","showAs":"Bill Lapsed","uri":"https:\/\/data.oireachtas.ie\/ie\/oireachtas\/bill\/2023\/75\/bill-lapsed"}}],"lastUpdated":"2025-10-10T12:31:12.570000+00:00","longTitleEn":"<p style=\"margin-right:10px; text-align:justify\">Bill entitled an Act to introduce a requirement for property developers who are in receipt of State subsidies to publish annual financial statements.<\/p>\n","longTitleGa":"<p>Bille d\u00e1 ngairtear Acht do thabhairt isteach ceanglais go bhfoilseoidh forbr\u00f3ir\u00ed r\u00e9admhaoine a fhaigheann f\u00f3irdheontais St\u00e1it r\u00e1itis airgeadais bhliant\u00fala.<\/p>\n","method":"Introduced","methodURI":"https:\/\/data.oireachtas.ie\/ie\/oireachtas\/def\/bill-method\/introduced","mostRecentStage":{"event":{"chamber":{"chamberCode":"dail","showAs":"D\u00e1il \u00c9ireann","uri":"https:\/\/data.oireachtas.ie\/ie\/oireachtas\/def\/house\/dail"},"dates":[{"date":"2023-10-17"},{"date":"2023-10-17"},{"date":"2023-10-25"},{"date":"2023-10-25"}],"house":{"chamberCode":"dail","chamberType":"house","houseCode":"dail","houseNo":"33","showAs":"33rd D\u00e1il","uri":"https:\/\/data.oireachtas.ie\/ie\/oireachtas\/house\/dail\/33"},"progressStage":1,"showAs":"First Stage","stageCompleted":true,"stageOutcome":null,"stageURI":"https:\/\/data.oireachtas.ie\/ie\/oireachtas\/def\/bill-stage\/1","uri":"https:\/\/data.oireachtas.ie\/ie\/oireachtas\/bill\/2023\/75\/stage\/dail\/1"}},"originHouse":{"showAs":"D\u00e1il \u00c9ireann","uri":"https:\/\/data.oireachtas.ie\/ie\/oireachtas\/def\/house\/dail"},"originHouseURI":"https:\/\/data.oireachtas.ie\/ie\/oireachtas\/def\/house\/dail","relatedDocs":[{"relatedDoc":{"date":"2023-10-25","docType":"memo","formats":{"pdf":{"uri":"https:\/\/data.oireachtas.ie\/ie\/oireachtas\/bill\/2023\/75\/eng\/memo\/b7523d-memo.pdf"},"xml":null},"lang":"eng","showAs":"Explanatory Memorandum","uri":"https:\/\/data.oireachtas.ie\/ie\/oireachtas\/bill\/2023\/75\/eng\/memo"}}],"shortTitleEn":"Developer Profits Transparency Bill 2023","shortTitleGa":"An Bille um Thr\u00e9dhearcacht Brab\u00fas Forbr\u00f3ir\u00ed, 2023","source":"Private Member","sourceURI":"https:\/\/data.oireachtas.ie\/ie\/oireachtas\/def\/bill-source\/private-member","sponsors":[{"sponsor":{"isPrimary":true,"as":{"showAs":null,"uri":null},"by":{"showAs":"Cian O'Callaghan","uri":"https:\/\/data.oireachtas.ie\/ie\/oireachtas\/member\/id\/Cian-O'Callaghan.D.2020-02-08"}}}],"stages":[{"event":{"chamber":{"chamberCode":"dail","showAs":"D\u00e1il \u00c9ireann","uri":"https:\/\/data.oireachtas.ie\/ie\/oireachtas\/def\/house\/dail"},"dates":[{"date":"2023-10-17"},{"date":"2023-10-17"},{"date":"2023-10-25"},{"date":"2023-10-25"}],"house":{"chamberCode":"dail","chamberType":"house","houseCode":"dail","houseNo":"33","showAs":"33rd D\u00e1il","uri":"https:\/\/data.oireachtas.ie\/ie\/oireachtas\/house\/dail\/33"},"progressStage":1,"showAs":"First Stage","stageCompleted":true,"stageOutcome":null,"stageURI":"https:\/\/data.oireachtas.ie\/ie\/oireachtas\/def\/bill-stage\/1","uri":"https:\/\/data.oireachtas.ie\/ie\/oireachtas\/bill\/2023\/75\/stage\/dail\/1"}}],"status":"Defeated","statusURI":"https:\/\/data.oireachtas.ie\/ie\/oireachtas\/def\/bill-status\/defeated","uri":"https:\/\/data.oireachtas.ie\/ie\/oireachtas\/bill\/2023\/75","versions":[{"version":{"lang":"eng","docType":"bill","showAs":"As Initiated","date":"2023-10-25","formats":{"pdf":{"uri":"https:\/\/data.oireachtas.ie\/ie\/oireachtas\/bill\/2023\/75\/eng\/initiated\/b7523d.pdf"},"xml":null},"uri":"https:\/\/data.oireachtas.ie\/ie\/oireachtas\/bill\/2023\/75\/eng\/initiated"}}]},"contextDate":"2023-10-25","billSort":{"actNoSort":null,"actShortTitleEnSort":null,"actShortTitleGaSort":null,"actYearSort":null,"billNoSort":75,"billShortTitleEnSort":"developer-profits-transparency-bill-2023","billShortTitleGaSort":"an-bille-um-thredhearcacht-brabus-forbroiri-2023","billYearSort":2023}},{"bill":{"act":null,"amendmentLists":[],"billNo":"73","billType":"Public","billTypeURI":"https:\/\/data.oireachtas.ie\/ie\/oireachtas\/def\/bill-type\/public","billYear":"2023","debates":[{"chamber":{"showAs":"D\u00e1il \u00c9ireann","uri":"https:\/\/data.oireachtas.ie\/ie\/oireachtas\/def\/house\/dail"},"date":"2025-05-29","debateSectionId":"dbsect_56","showAs":"Competition and Consumer Protection (Unfair Prices) Bill 2023: Second Stage [Private Members]","uri":"https:\/\/data.oireachtas.ie\/akn\/ie\/debateRecord\/dail\/2025-05-29\/debate\/main"},{"chamber":{"showAs":"D\u00e1il \u00c9ireann","uri":"https:\/\/data.oireachtas.ie\/ie\/oireachtas\/def\/house\/dail"},"date":"2023-10-24","debateSectionId":"dbsect_5","showAs":"Competition and Consumer Protection (Unfair Prices) Bill 2023: First Stage","uri":"https:\/\/data.oireachtas.ie\/akn\/ie\/debateRecord\/dail\/2023-10-24\/debate\/main"}],"events":[{"event":{"chamber":{"chamberCode":"dail","showAs":"D\u00e1il \u00c9ireann","uri":"https:\/\/data.oireachtas.ie\/ie\/oireachtas\/def\/house\/dail"},"dates":[{"date":"2023-07-11"},{"date":"2023-10-23"},{"date":"2023-10-24"},{"date":"2025-05-01"}],"eventURI":"https:\/\/data.oireachtas.ie\/ie\/oireachtas\/def\/bill-event\/admissibility-for-introduction","showAs":"Admissibility for Introduction","uri":"https:\/\/data.oireachtas.ie\/ie\/oireachtas\/bill\/2023\/73\/admissibility-for-introduction"}},{"event":{"chamber":{"chamberCode":"dail","showAs":"D\u00e1il \u00c9ireann","uri":"https:\/\/data.oireachtas.ie\/ie\/oireachtas\/def\/house\/dail"},"dates":[{"date":"2024-11-08"}],"eventURI":"https:\/\/data.oireachtas.ie\/ie\/oireachtas\/def\/bill-event\/bill-lapsed","showAs":"Bill Lapsed","uri":"https:\/\/data.oireachtas.ie\/ie\/oireachtas\/bill\/2023\/73\/bill-lapsed"}}],"lastUpdated":"2025-05-30T10:43:25.770000+00:00","longTitleEn":"<p>Bill entitled an Act to enable and assist the Competition and Consumer Protection Commission better to perform its functions in relation to protecting consumers from abuse by undertakings of a dominant position by imposing unfair purchase prices, for that purpose to amend the Competition and Consumer Protection Act 2014, and to provide for related matters.<\/p>\n","longTitleGa":"<p>Bille d\u00e1 ngairtear Acht d\u00e1 chumas\u00fa don Choimisi\u00fan um Ioma\u00edocht agus Cosaint Tomhalt\u00f3ir\u00ed, agus do chuidi\u00fa leis, na feidhmeanna at\u00e1 aige, ar feidhmeanna iad i nd\u00e1il le tomhalt\u00f3ir\u00ed a chosaint ar ghn\u00f3thais do bhaint m\u00ed-\u00fas\u00e1id as ceannasacht tr\u00ed phraghsanna ceannaigh \u00e9ag\u00f3racha a fhorchur, a chomhl\u00edonadh ar bhealach n\u00edos fearr, chun na cr\u00edche sin do leas\u00fa an Achta um Ioma\u00edocht agus Cosaint Tomhalt\u00f3ir\u00ed, 2014, agus do dh\u00e9anamh socr\u00fa i dtaobh nithe gaolmhara.<\/p>\n","method":"Introduced","methodURI":"https:\/\/data.oireachtas.ie\/ie\/oireachtas\/def\/bill-method\/introduced","mostRecentStage":{"event":{"chamber":{"chamberCode":"dail","showAs":"D\u00e1il \u00c9ireann","uri":"https:\/\/data.oireachtas.ie\/ie\/oireachtas\/def\/house\/dail"},"dates":[{"date":"2025-05-29"}],"house":{"chamberCode":"dail","chamberType":"house","houseCode":"dail","houseNo":"34","showAs":"34th D\u00e1il","uri":"https:\/\/data.oireachtas.ie\/ie\/oireachtas\/house\/dail\/34"},"progressStage":3,"showAs":"Committee Stage","stageCompleted":false,"stageOutcome":"Current","stageURI":"https:\/\/data.oireachtas.ie\/ie\/oireachtas\/def\/bill-stage\/3","uri":"https:\/\/data.oireachtas.ie\/ie\/oireachtas\/bill\/2023\/73\/stage\/dail\/3"}},"originHouse":{"showAs":"D\u00e1il \u00c9ireann","uri":"https:\/\/data.oireachtas.ie\/ie\/oireachtas\/def\/house\/dail"},"originHouseURI":"https:\/\/data.oireachtas.ie\/ie\/oireachtas\/def\/house\/dail","relatedDocs":[{"relatedDoc":{"date":"2023-10-24","docType":"memo","formats":{"pdf":{"uri":"https:\/\/data.oireachtas.ie\/ie\/oireachtas\/bill\/2023\/73\/eng\/memo\/b7323d-memo.pdf"},"xml":null},"lang":"eng","showAs":"Explanatory Memorandum","uri":"https:\/\/data.oireachtas.ie\/ie\/oireachtas\/bill\/2023\/73\/eng\/memo"}}],"shortTitleEn":"Competition and Consumer Protection (Unfair Prices) Bill 2023","shortTitleGa":"An Bille um Ioma\u00edocht agus Cosaint Tomhalt\u00f3ir\u00ed (Praghsanna \u00c9ag\u00f3racha), 2023","source":"Private Member","sourceURI":"https:\/\/data.oireachtas.ie\/ie\/oireachtas\/def\/bill-source\/private-member","sponsors":[{"sponsor":{"as":{"showAs":null,"uri":null},"by":{"showAs":"Ged Nash","uri":"https:\/\/data.oireachtas.ie\/ie\/oireachtas\/member\/id\/Gerald-Nash.D.2011-03-09"},"isPrimary":true}}],"stages":[{"event":{"chamber":{"chamberCode":"dail","showAs":"D\u00e1il \u00c9ireann","uri":"https:\/\/data.oireachtas.ie\/ie\/oireachtas\/def\/house\/dail"},"dates":[{"date":"2023-07-11"},{"date":"2023-10-23"},{"date":"2023-10-24"},{"date":"2023-10-24"}],"house":{"chamberCode":"dail","chamberType":"house","houseCode":"dail","houseNo":"33","showAs":"33rd D\u00e1il","uri":"https:\/\/data.oireachtas.ie\/ie\/oireachtas\/house\/dail\/33"},"progressStage":1,"showAs":"First Stage","stageCompleted":true,"stageOutcome":null,"stageURI":"https:\/\/data.oireachtas.ie\/ie\/oireachtas\/def\/bill-stage\/1","uri":"https:\/\/data.oireachtas.ie\/ie\/oireachtas\/bill\/2023\/73\/stage\/dail\/1"}},{"event":{"chamber":{"chamberCode":"dail","showAs":"D\u00e1il \u00c9ireann","uri":"https:\/\/data.oireachtas.ie\/ie\/oireachtas\/def\/house\/dail"},"dates":[{"date":"2023-10-24"},{"date":"2023-10-24"},{"date":"2023-10-24"}],"house":{"chamberCode":"dail","chamberType":"house","houseCode":"dail","houseNo":"33","showAs":"33rd D\u00e1il","uri":"https:\/\/data.oireachtas.ie\/ie\/oireachtas\/house\/dail\/33"},"progressStage":2,"showAs":"Second Stage","stageCompleted":true,"stageOutcome":null,"stageURI":"https:\/\/data.oireachtas.ie\/ie\/oireachtas\/def\/bill-stage\/2","uri":"https:\/\/data.oireachtas.ie\/ie\/oireachtas\/bill\/2023\/73\/stage\/dail\/2"}},{"event":{"chamber":{"chamberCode":"dail","showAs":"D\u00e1il \u00c9ireann","uri":"https:\/\/data.oireachtas.ie\/ie\/oireachtas\/def\/house\/dail"},"dates":[{"date":"2025-05-29"}],"house":{"chamberCode":"dail","chamberType":"house","houseCode":"dail","houseNo":"34","showAs":"34th D\u00e1il","uri":"https:\/\/data.oireachtas.ie\/ie\/oireachtas\/house\/dail\/34"},"progressStage":3,"showAs":"Committee Stage","stageCompleted":false,"stageOutcome":"Current","stageURI":"https:\/\/data.oireachtas.ie\/ie\/oireachtas\/def\/bill-stage\/3","uri":"https:\/\/data.oireachtas.ie\/ie\/oireachtas\/bill\/2023\/73\/stage\/dail\/3"}}],"status":"Current","statusURI":"https:\/\/data.oireachtas.ie\/ie\/oireachtas\/def\/bill-status\/published","uri":"https:\/\/data.oireachtas.ie\/ie\/oireachtas\/bill\/2023\/73","versions":[{"version":{"date":"2023-10-24","docType":"bill","formats":{"pdf":{"uri":"https:\/\/data.oireachtas.ie\/ie\/oireachtas\/bill\/2023\/73\/eng\/initiated\/b7323d.pdf"},"xml":null},"lang":"eng","showAs":"As Initiated","uri":"https:\/\/data.oireachtas.ie\/ie\/oireachtas\/bill\/2023\/73\/eng\/initiated"}}]},"billSort":{"actNoSort":null,"actShortTitleEnSort":null,"actShortTitleGaSort":null,"actYearSort":null,"billNoSort":73,"billShortTitleEnSort":"competition-and-consumer-protection-unfair-prices-bill-2023","billShortTitleGaSort":"an-bille-um-iomaiocht-agus-cosaint-tomhaltoiri-praghsanna-eagoracha-2023","billYearSort":2023},"contextDate":"2025-05-29"},{"bill":{"act":null,"amendmentLists":[],"billNo":"69","billType":"Public","billTypeURI":"https:\/\/data.oireachtas.ie\/ie\/oireachtas\/def\/bill-type\/public","billYear":"2023","debates":[{"chamber":{"showAs":"Seanad \u00c9ireann","uri":"https:\/\/data.oireachtas.ie\/ie\/oireachtas\/def\/house\/seanad"},"date":"2023-12-06","debateSectionId":"dbsect_28","showAs":"Sex Offenders (Amendment) (Coercive Control) Bill 2023: Second Stage","uri":"https:\/\/data.oireachtas.ie\/akn\/ie\/debateRecord\/seanad\/2023-12-06\/debate\/main"},{"chamber":{"showAs":"Seanad \u00c9ireann","uri":"https:\/\/data.oireachtas.ie\/ie\/oireachtas\/def\/house\/seanad"},"date":"2023-10-04","debateSectionId":"dbsect_11","showAs":"Sex Offenders (Amendment) (Coercive Control) Bill 2023: First Stage","uri":"https:\/\/data.oireachtas.ie\/akn\/ie\/debateRecord\/seanad\/2023-10-04\/debate\/main"}],"events":[{"event":{"chamber":{"chamberCode":"seanad","showAs":"Seanad \u00c9ireann","uri":"https:\/\/data.oireachtas.ie\/ie\/oireachtas\/def\/house\/seanad"},"dates":[{"date":"2023-07-20"},{"date":"2023-07-20"},{"date":"2023-10-04"},{"date":"2025-03-27"}],"eventURI":"https:\/\/data.oireachtas.ie\/ie\/oireachtas\/def\/bill-event\/approved-for-initiation","showAs":"Approved for Initiation","uri":"https:\/\/data.oireachtas.ie\/ie\/oireachtas\/bill\/2023\/69\/approved-for-initiation"}},{"event":{"chamber":{"chamberCode":"seanad","showAs":"Seanad \u00c9ireann","uri":"https:\/\/data.oireachtas.ie\/ie\/oireachtas\/def\/house\/seanad"},"dates":[{"date":"2025-01-29"}],"eventURI":"https:\/\/data.oireachtas.ie\/ie\/oireachtas\/def\/bill-event\/bill-lapsed","showAs":"Bill Lapsed","uri":"https:\/\/data.oireachtas.ie\/ie\/oireachtas\/bill\/2023\/69\/bill-lapsed"}}],"lastUpdated":"2025-03-28T10:58:57.400000+00:00","longTitleEn":"<p>Bill entitled an Act to amend the Sex Offenders Act 2001 to make provision for the requirement, in the interests of the common good, for the notification of information to An Garda S\u00edoch\u00e1na, by persons who have committed the offence of coercive control and to provide for related matters.<\/p>\n","longTitleGa":"<p>Bille d\u00e1 ngairtear Acht do leas\u00fa an Achta um Chiont\u00f3ir\u00ed Gn\u00e9is, 2001 chun socr\u00fa a dh\u00e9anamh maidir lena cheangal, ar mhaithe le leas an phobail, ar dhaoine a bhfuil an cion arb \u00e9ard \u00e9 smacht\u00fa comh\u00e9igneach d\u00e9anta acu faisn\u00e9is a chur in i\u00fal don Gharda S\u00edoch\u00e1na agus do dh\u00e9anamh socr\u00fa i dtaobh nithe gaolmhara.<\/p>\n","method":"Introduced","methodURI":"https:\/\/data.oireachtas.ie\/ie\/oireachtas\/def\/bill-method\/introduced","mostRecentStage":{"event":{"chamber":{"chamberCode":"seanad","showAs":"Seanad \u00c9ireann","uri":"https:\/\/data.oireachtas.ie\/ie\/oireachtas\/def\/house\/seanad"},"dates":[{"date":"2025-01-29"},{"date":"2025-03-27"}],"house":{"chamberCode":"seanad","chamberType":"house","houseCode":"seanad","houseNo":"27","showAs":"27th Seanad","uri":"https:\/\/data.oireachtas.ie\/ie\/oireachtas\/house\/seanad\/27"},"progressStage":3,"showAs":"Committee Stage","stageCompleted":false,"stageOutcome":"Current","stageURI":"https:\/\/data.oireachtas.ie\/ie\/oireachtas\/def\/bill-stage\/3","uri":"https:\/\/data.oireachtas.ie\/ie\/oireachtas\/bill\/2023\/69\/stage\/seanad\/3"}},"originHouse":{"showAs":"Seanad \u00c9ireann","uri":"https:\/\/data.oireachtas.ie\/ie\/oireachtas\/def\/house\/seanad"},"originHouseURI":"https:\/\/data.oireachtas.ie\/ie\/oireachtas\/def\/house\/seanad","relatedDocs":[{"relatedDoc":{"date":"2023-10-04","docType":"memo","formats":{"pdf":{"uri":"https:\/\/data.oireachtas.ie\/ie\/oireachtas\/bill\/2023\/69\/eng\/memo\/b6923s-memo.pdf"},"xml":null},"lang":"eng","showAs":"Explanatory Memorandum","uri":"https:\/\/data.oireachtas.ie\/ie\/oireachtas\/bill\/2023\/69\/eng\/memo"}}],"shortTitleEn":"Sex Offenders (Amendment) (Coercive Control) Bill 2023","shortTitleGa":"An Bille um Chiont\u00f3ir\u00ed Gn\u00e9is (Leas\u00fa) (Smacht\u00fa Comh\u00e9igneach), 2023","source":"Private Member","sourceURI":"https:\/\/data.oireachtas.ie\/ie\/oireachtas\/def\/bill-source\/private-member","sponsors":[{"sponsor":{"as":{"showAs":null,"uri":null},"by":{"showAs":"Fiona O'Loughlin","uri":"https:\/\/data.oireachtas.ie\/ie\/oireachtas\/member\/id\/Fiona-O'Loughlin.D.2016-10-03"},"isPrimary":true}},{"sponsor":{"as":{"showAs":null,"uri":null},"by":{"showAs":"Lisa Chambers","uri":"https:\/\/data.oireachtas.ie\/ie\/oireachtas\/member\/id\/Lisa-Chambers.D.2016-10-03"},"isPrimary":false}}],"stages":[{"event":{"chamber":{"chamberCode":"seanad","showAs":"Seanad \u00c9ireann","uri":"https:\/\/data.oireachtas.ie\/ie\/oireachtas\/def\/house\/seanad"},"dates":[{"date":"2023-07-20"},{"date":"2023-07-20"},{"date":"2023-10-04"},{"date":"2023-10-04"}],"house":{"chamberCode":"seanad","chamberType":"house","houseCode":"seanad","houseNo":"26","showAs":"26th Seanad","uri":"https:\/\/data.oireachtas.ie\/ie\/oireachtas\/house\/seanad\/26"},"progressStage":1,"showAs":"First Stage","stageCompleted":true,"stageOutcome":null,"stageURI":"https:\/\/data.oireachtas.ie\/ie\/oireachtas\/def\/bill-stage\/1","uri":"https:\/\/data.oireachtas.ie\/ie\/oireachtas\/bill\/2023\/69\/stage\/seanad\/1"}},{"event":{"chamber":{"chamberCode":"seanad","showAs":"Seanad \u00c9ireann","uri":"https:\/\/data.oireachtas.ie\/ie\/oireachtas\/def\/house\/seanad"},"dates":[{"date":"2023-10-04"}],"house":{"chamberCode":"seanad","chamberType":"house","houseCode":"seanad","houseNo":"26","showAs":"26th Seanad","uri":"https:\/\/data.oireachtas.ie\/ie\/oireachtas\/house\/seanad\/26"},"progressStage":2,"showAs":"Second Stage","stageCompleted":true,"stageOutcome":null,"stageURI":"https:\/\/data.oireachtas.ie\/ie\/oireachtas\/def\/bill-stage\/2","uri":"https:\/\/data.oireachtas.ie\/ie\/oireachtas\/bill\/2023\/69\/stage\/seanad\/2"}},{"event":{"chamber":{"chamberCode":"seanad","showAs":"Seanad \u00c9ireann","uri":"https:\/\/data.oireachtas.ie\/ie\/oireachtas\/def\/house\/seanad"},"dates":[{"date":"2025-01-29"},{"date":"2025-03-27"}],"house":{"chamberCode":"seanad","chamberType":"house","houseCode":"seanad","houseNo":"27","showAs":"27th Seanad","uri":"https:\/\/data.oireachtas.ie\/ie\/oireachtas\/house\/seanad\/27"},"progressStage":3,"showAs":"Committee Stage","stageCompleted":false,"stageOutcome":"Current","stageURI":"https:\/\/data.oireachtas.ie\/ie\/oireachtas\/def\/bill-stage\/3","uri":"https:\/\/data.oireachtas.ie\/ie\/oireachtas\/bill\/2023\/69\/stage\/seanad\/3"}}],"status":"Current","statusURI":"https:\/\/data.oireachtas.ie\/ie\/oireachtas\/def\/bill-status\/published","uri":"https:\/\/data.oireachtas.ie\/ie\/oireachtas\/bill\/2023\/69","versions":[{"version":{"date":"2023-10-04","docType":"bill","formats":{"pdf":{"uri":"https:\/\/data.oireachtas.ie\/ie\/oireachtas\/bill\/2023\/69\/eng\/initiated\/b6923s.pdf"},"xml":null},"lang":"eng","showAs":"As Initiated","uri":"https:\/\/data.oireachtas.ie\/ie\/oireachtas\/bill\/2023\/69\/eng\/initiated"}}]},"billSort":{"actNoSort":null,"actShortTitleEnSort":null,"actShortTitleGaSort":null,"actYearSort":null,"billNoSort":69,"billShortTitleEnSort":"sex-offenders-amendment-coercive-control-bill-2023","billShortTitleGaSort":"an-bille-um-chiontoiri-gneis-leasu-smachtu-comheigneach-2023","billYearSort":2023},"contextDate":"2025-03-27"},{"bill":{"act":null,"amendmentLists":[],"billNo":"57","billType":"Public","billTypeURI":"https:\/\/data.oireachtas.ie\/ie\/oireachtas\/def\/bill-type\/public","billYear":"2023","debates":[{"chamber":{"showAs":"Seanad \u00c9ireann","uri":"https:\/\/data.oireachtas.ie\/ie\/oireachtas\/def\/house\/seanad"},"date":"2025-11-26","debateSectionId":"dbsect_22","showAs":"Disability (Miscellaneous Provisions) Bill 2023: Report and Final Stages","uri":"https:\/\/data.oireachtas.ie\/akn\/ie\/debateRecord\/seanad\/2025-11-26\/debate\/main"},{"chamber":{"showAs":"Seanad \u00c9ireann","uri":"https:\/\/data.oireachtas.ie\/ie\/oireachtas\/def\/house\/seanad"},"date":"2024-05-08","debateSectionId":"dbsect_14","showAs":"Disability (Miscellaneous Provisions) Bill 2023: Committee Stage","uri":"https:\/\/data.oireachtas.ie\/akn\/ie\/debateRecord\/seanad\/2024-05-08\/debate\/main"},{"chamber":{"showAs":"Seanad \u00c9ireann","uri":"https:\/\/data.oireachtas.ie\/ie\/oireachtas\/def\/house\/seanad"},"date":"2023-07-11","debateSectionId":"dbsect_16","showAs":"Disability (Miscellaneous Provisions) Bill 2023: Second Stage","uri":"https:\/\/data.oireachtas.ie\/akn\/ie\/debateRecord\/seanad\/2023-07-11\/debate\/main"},{"chamber":{"showAs":"Seanad \u00c9ireann","uri":"https:\/\/data.oireachtas.ie\/ie\/oireachtas\/def\/house\/seanad"},"date":"2023-07-06","debateSectionId":"dbsect_10","showAs":"Disability (Miscellaneous Provisions) Bill 2023: First Stage","uri":"https:\/\/data.oireachtas.ie\/akn\/ie\/debateRecord\/seanad\/2023-07-06\/debate\/main"}],"events":[{"event":{"chamber":{"chamberCode":"seanad","showAs":"Seanad \u00c9ireann","uri":"https:\/\/data.oireachtas.ie\/ie\/oireachtas\/def\/house\/seanad"},"dates":[{"date":"2023-06-27"},{"date":"2023-07-06"},{"date":"2025-02-19"}],"eventURI":"https:\/\/data.oireachtas.ie\/ie\/oireachtas\/def\/bill-event\/admissibility-for-introduction","showAs":"Admissibility for Introduction","uri":"https:\/\/data.oireachtas.ie\/ie\/oireachtas\/bill\/2023\/57\/admissibility-for-introduction"}},{"event":{"chamber":{"chamberCode":"seanad","showAs":"Seanad \u00c9ireann","uri":"https:\/\/data.oireachtas.ie\/ie\/oireachtas\/def\/house\/seanad"},"dates":[{"date":"2025-01-29"}],"eventURI":"https:\/\/data.oireachtas.ie\/ie\/oireachtas\/def\/bill-event\/bill-lapsed","showAs":"Bill Lapsed","uri":"https:\/\/data.oireachtas.ie\/ie\/oireachtas\/bill\/2023\/57\/bill-lapsed"}}],"lastUpdated":"2025-12-01T11:43:41.800000+00:00","longTitleEn":"<p>Bill entitled an Act to amend the Disability Act 2005 and the Equal Status Act 2000 and to provide for related matters.<\/p>\n","longTitleGa":"<p>Bille d\u00e1 ngairtear Acht do leas\u00fa an Achta um M\u00edchumas, 2005 agus an Achta um St\u00e1das Comhionann, 2000 agus do dh\u00e9anamh socr\u00fa i dtaobh nithe gaolmhara.<\/p>\n","method":"Introduced","methodURI":"https:\/\/data.oireachtas.ie\/ie\/oireachtas\/def\/bill-method\/introduced","mostRecentStage":{"event":{"chamber":{"chamberCode":"seanad","showAs":"Seanad \u00c9ireann","uri":"https:\/\/data.oireachtas.ie\/ie\/oireachtas\/def\/house\/seanad"},"dates":[{"date":"2025-11-26"}],"house":{"chamberCode":"seanad","chamberType":"house","houseCode":"seanad","houseNo":"27","showAs":"27th Seanad","uri":"https:\/\/data.oireachtas.ie\/ie\/oireachtas\/house\/seanad\/27"},"progressStage":5,"showAs":"Fifth Stage","stageCompleted":true,"stageOutcome":null,"stageURI":"https:\/\/data.oireachtas.ie\/ie\/oireachtas\/def\/bill-stage\/5","uri":"https:\/\/data.oireachtas.ie\/ie\/oireachtas\/bill\/2023\/57\/stage\/seanad\/5"}},"originHouse":{"showAs":"Seanad \u00c9ireann","uri":"https:\/\/data.oireachtas.ie\/ie\/oireachtas\/def\/house\/seanad"},"originHouseURI":"https:\/\/data.oireachtas.ie\/ie\/oireachtas\/def\/house\/seanad","relatedDocs":[],"shortTitleEn":"Disability (Miscellaneous Provisions) Bill 2023","shortTitleGa":"An Bille um M\u00edchumas (For\u00e1lacha Ilghn\u00e9itheacha), 2023","source":"Private Member","sourceURI":"https:\/\/data.oireachtas.ie\/ie\/oireachtas\/def\/bill-source\/private-member","sponsors":[{"sponsor":{"as":{"showAs":null,"uri":null},"by":{"showAs":"Paul Gavan","uri":"https:\/\/data.oireachtas.ie\/ie\/oireachtas\/member\/id\/Paul-Gavan.S.2016-04-25"},"isPrimary":false}},{"sponsor":{"as":{"showAs":null,"uri":null},"by":{"showAs":"Lynn Ruane","uri":"https:\/\/data.oireachtas.ie\/ie\/oireachtas\/member\/id\/Lynn-Ruane.S.2016-04-25"},"isPrimary":false}},{"sponsor":{"as":{"showAs":null,"uri":null},"by":{"showAs":"Marie Sherlock","uri":"https:\/\/data.oireachtas.ie\/ie\/oireachtas\/member\/id\/Marie-Sherlock.S.2020-03-30"},"isPrimary":false}},{"sponsor":{"as":{"showAs":null,"uri":null},"by":{"showAs":"Annie Hoey","uri":"https:\/\/data.oireachtas.ie\/ie\/oireachtas\/member\/id\/Annie-Hoey.S.2020-03-30"},"isPrimary":false}},{"sponsor":{"as":{"showAs":null,"uri":null},"by":{"showAs":"Mark Wall","uri":"https:\/\/data.oireachtas.ie\/ie\/oireachtas\/member\/id\/Mark-Wall.S.2020-03-30"},"isPrimary":false}},{"sponsor":{"as":{"showAs":null,"uri":null},"by":{"showAs":"Frances Black","uri":"https:\/\/data.oireachtas.ie\/ie\/oireachtas\/member\/id\/Frances-Black.S.2016-04-25"},"isPrimary":false}},{"sponsor":{"as":{"showAs":null,"uri":null},"by":{"showAs":"Tom Clonan","uri":"https:\/\/data.oireachtas.ie\/ie\/oireachtas\/member\/id\/Tom-Clonan.S.2022-04-04"},"isPrimary":true}},{"sponsor":{"as":{"showAs":null,"uri":null},"by":{"showAs":"Fintan Warfield","uri":"https:\/\/data.oireachtas.ie\/ie\/oireachtas\/member\/id\/Fintan-Warfield.S.2016-04-25"},"isPrimary":false}},{"sponsor":{"as":{"showAs":null,"uri":null},"by":{"showAs":"Lynn Boylan","uri":"https:\/\/data.oireachtas.ie\/ie\/oireachtas\/member\/id\/Lynn-Boylan.S.2020-03-30"},"isPrimary":false}},{"sponsor":{"as":{"showAs":null,"uri":null},"by":{"showAs":"Niall \u00d3 Donnghaile","uri":"https:\/\/data.oireachtas.ie\/ie\/oireachtas\/member\/id\/Niall-\u00d3-Donnghaile.S.2016-04-25"},"isPrimary":false}},{"sponsor":{"as":{"showAs":null,"uri":null},"by":{"showAs":"Alice-Mary Higgins","uri":"https:\/\/data.oireachtas.ie\/ie\/oireachtas\/member\/id\/Alice-Mary-Higgins.S.2016-04-25"},"isPrimary":false}},{"sponsor":{"as":{"showAs":null,"uri":null},"by":{"showAs":"Victor Boyhan","uri":"https:\/\/data.oireachtas.ie\/ie\/oireachtas\/member\/id\/Victor-Boyhan.S.2016-04-25"},"isPrimary":false}},{"sponsor":{"as":{"showAs":null,"uri":null},"by":{"showAs":"Michael McDowell","uri":"https:\/\/data.oireachtas.ie\/ie\/oireachtas\/member\/id\/Michael-McDowell.D.1987-03-10"},"isPrimary":false}},{"sponsor":{"as":{"showAs":null,"uri":null},"by":{"showAs":"Sharon Keogan","uri":"https:\/\/data.oireachtas.ie\/ie\/oireachtas\/member\/id\/Sharon-Keogan.S.2020-03-30"},"isPrimary":false}},{"sponsor":{"as":{"showAs":null,"uri":null},"by":{"showAs":"David P.B. Norris","uri":"https:\/\/data.oireachtas.ie\/ie\/oireachtas\/member\/id\/David-PB-Norris.S.1987-04-25"},"isPrimary":false}},{"sponsor":{"as":{"showAs":null,"uri":null},"by":{"showAs":"R\u00f3n\u00e1n Mullen","uri":"https:\/\/data.oireachtas.ie\/ie\/oireachtas\/member\/id\/R\u00f3n\u00e1n-Mullen.S.2007-07-23"},"isPrimary":false}},{"sponsor":{"as":{"showAs":null,"uri":null},"by":{"showAs":"Gerard P. Craughwell","uri":"https:\/\/data.oireachtas.ie\/ie\/oireachtas\/member\/id\/Gerard-P-Craughwell.S.2014-10-10"},"isPrimary":false}},{"sponsor":{"as":{"showAs":null,"uri":null},"by":{"showAs":"Vincent P. Martin","uri":"https:\/\/data.oireachtas.ie\/ie\/oireachtas\/member\/id\/Vincent-P-Martin.S.2020-06-29"},"isPrimary":false}},{"sponsor":{"as":{"showAs":null,"uri":null},"by":{"showAs":"Eileen Flynn","uri":"https:\/\/data.oireachtas.ie\/ie\/oireachtas\/member\/id\/Eileen-Flynn.S.2020-06-29"},"isPrimary":false}}],"stages":[{"event":{"chamber":{"chamberCode":"seanad","showAs":"Seanad \u00c9ireann","uri":"https:\/\/data.oireachtas.ie\/ie\/oireachtas\/def\/house\/seanad"},"dates":[{"date":"2023-06-27"},{"date":"2023-07-06"},{"date":"2023-07-06"}],"house":{"chamberCode":"seanad","chamberType":"house","houseCode":"seanad","houseNo":"26","showAs":"26th Seanad","uri":"https:\/\/data.oireachtas.ie\/ie\/oireachtas\/house\/seanad\/26"},"progressStage":1,"showAs":"First Stage","stageCompleted":true,"stageOutcome":null,"stageURI":"https:\/\/data.oireachtas.ie\/ie\/oireachtas\/def\/bill-stage\/1","uri":"https:\/\/data.oireachtas.ie\/ie\/oireachtas\/bill\/2023\/57\/stage\/seanad\/1"}},{"event":{"chamber":{"chamberCode":"seanad","showAs":"Seanad \u00c9ireann","uri":"https:\/\/data.oireachtas.ie\/ie\/oireachtas\/def\/house\/seanad"},"dates":[{"date":"2023-07-06"}],"house":{"chamberCode":"seanad","chamberType":"house","houseCode":"seanad","houseNo":"26","showAs":"26th Seanad","uri":"https:\/\/data.oireachtas.ie\/ie\/oireachtas\/house\/seanad\/26"},"progressStage":2,"showAs":"Second Stage","stageCompleted":true,"stageOutcome":null,"stageURI":"https:\/\/data.oireachtas.ie\/ie\/oireachtas\/def\/bill-stage\/2","uri":"https:\/\/data.oireachtas.ie\/ie\/oireachtas\/bill\/2023\/57\/stage\/seanad\/2"}},{"event":{"chamber":{"chamberCode":"seanad","showAs":"Seanad \u00c9ireann","uri":"https:\/\/data.oireachtas.ie\/ie\/oireachtas\/def\/house\/seanad"},"dates":[{"date":"2024-05-08"}],"house":{"chamberCode":"seanad","chamberType":"house","houseCode":"seanad","houseNo":"26","showAs":"26th Seanad","uri":"https:\/\/data.oireachtas.ie\/ie\/oireachtas\/house\/seanad\/26"},"progressStage":3,"showAs":"Committee Stage","stageCompleted":true,"stageOutcome":null,"stageURI":"https:\/\/data.oireachtas.ie\/ie\/oireachtas\/def\/bill-stage\/3","uri":"https:\/\/data.oireachtas.ie\/ie\/oireachtas\/bill\/2023\/57\/stage\/seanad\/3"}},{"event":{"chamber":{"chamberCode":"seanad","showAs":"Seanad \u00c9ireann","uri":"https:\/\/data.oireachtas.ie\/ie\/oireachtas\/def\/house\/seanad"},"dates":[{"date":"2025-11-26"},{"date":"2025-11-26"},{"date":"2025-11-26"}],"house":{"chamberCode":"seanad","chamberType":"house","houseCode":"seanad","houseNo":"27","showAs":"27th Seanad","uri":"https:\/\/data.oireachtas.ie\/ie\/oireachtas\/house\/seanad\/27"},"progressStage":4,"showAs":"Report Stage","stageCompleted":true,"stageOutcome":null,"stageURI":"https:\/\/data.oireachtas.ie\/ie\/oireachtas\/def\/bill-stage\/4","uri":"https:\/\/data.oireachtas.ie\/ie\/oireachtas\/bill\/2023\/57\/stage\/seanad\/4"}},{"event":{"chamber":{"chamberCode":"seanad","showAs":"Seanad \u00c9ireann","uri":"https:\/\/data.oireachtas.ie\/ie\/oireachtas\/def\/house\/seanad"},"dates":[{"date":"2025-11-26"}],"house":{"chamberCode":"seanad","chamberType":"house","houseCode":"seanad","houseNo":"27","showAs":"27th Seanad","uri":"https:\/\/data.oireachtas.ie\/ie\/oireachtas\/house\/seanad\/27"},"progressStage":5,"showAs":"Fifth Stage","stageCompleted":true,"stageOutcome":null,"stageURI":"https:\/\/data.oireachtas.ie\/ie\/oireachtas\/def\/bill-stage\/5","uri":"https:\/\/data.oireachtas.ie\/ie\/oireachtas\/bill\/2023\/57\/stage\/seanad\/5"}}],"status":"Current","statusURI":"https:\/\/data.oireachtas.ie\/ie\/oireachtas\/def\/bill-status\/published","uri":"https:\/\/data.oireachtas.ie\/ie\/oireachtas\/bill\/2023\/57","versions":[{"version":{"date":"2023-07-06","docType":"bill","formats":{"pdf":{"uri":"https:\/\/data.oireachtas.ie\/ie\/oireachtas\/bill\/2023\/57\/eng\/initiated\/b5723s.pdf"},"xml":null},"lang":"eng","showAs":"As Initiated","uri":"https:\/\/data.oireachtas.ie\/ie\/oireachtas\/bill\/2023\/57\/eng\/initiated"}}]},"billSort":{"actNoSort":null,"actShortTitleEnSort":null,"actShortTitleGaSort":null,"actYearSort":null,"billNoSort":57,"billShortTitleEnSort":"disability-miscellaneous-provisions-bill-2023","billShortTitleGaSort":"an-bille-um-michumas-foralacha-ilghneitheacha-2023","billYearSort":2023},"contextDate":"2025-11-26"},{"bill":{"act":null,"amendmentLists":[],"billNo":"55","billType":"Public","billTypeURI":"https:\/\/data.oireachtas.ie\/ie\/oireachtas\/def\/bill-type\/public","billYear":"2023","debates":[{"chamber":{"showAs":"Seanad \u00c9ireann","uri":"https:\/\/data.oireachtas.ie\/ie\/oireachtas\/def\/house\/seanad"},"date":"2023-07-05","debateSectionId":"dbsect_12","showAs":"Broadcasting (Restriction of Salaries) Bill 2023: Second Stage","uri":"https:\/\/data.oireachtas.ie\/akn\/ie\/debateRecord\/seanad\/2023-07-05\/debate\/main"},{"chamber":{"showAs":"Seanad \u00c9ireann","uri":"https:\/\/data.oireachtas.ie\/ie\/oireachtas\/def\/house\/seanad"},"date":"2023-06-29","debateSectionId":"dbsect_9","showAs":"Broadcasting (Restriction of Salaries) Bill 2023: First Stage","uri":"https:\/\/data.oireachtas.ie\/akn\/ie\/debateRecord\/seanad\/2023-06-29\/debate\/main"}],"events":[{"event":{"chamber":{"chamberCode":"seanad","showAs":"Seanad \u00c9ireann","uri":"https:\/\/data.oireachtas.ie\/ie\/oireachtas\/def\/house\/seanad"},"dates":[{"date":"2025-01-29"}],"eventURI":"https:\/\/data.oireachtas.ie\/ie\/oireachtas\/def\/bill-event\/bill-lapsed","showAs":"Bill Lapsed","uri":"https:\/\/data.oireachtas.ie\/ie\/oireachtas\/bill\/2023\/55\/bill-lapsed"}},{"event":{"chamber":{"chamberCode":"dail","showAs":"D\u00e1il \u00c9ireann","uri":"https:\/\/data.oireachtas.ie\/ie\/oireachtas\/def\/house\/dail"},"dates":[{"date":"2023-06-28"},{"date":"2023-06-29"}],"eventURI":"https:\/\/data.oireachtas.ie\/ie\/oireachtas\/def\/bill-event\/admissibility-for-introduction","showAs":"Admissibility for Introduction","uri":"https:\/\/data.oireachtas.ie\/ie\/oireachtas\/bill\/2023\/55\/admissibility-for-introduction"}}],"lastUpdated":"2025-01-30T11:17:37.160000+00:00","longTitleEn":"<p>Bill entitled an Act to amend the Broadcasting Act 2009 to provide for transparency in the public interest in relation to the remuneration of certain individuals pursuant to contracts of employment and contracts for services with corporations, and to provide for connected matters.<\/p>\n","longTitleGa":"<p>Bille d\u00e1 ngairtear Acht do leas\u00fa an Achta Craolach\u00e1in, 2009 chun socr\u00fa a dh\u00e9anamh maidir le tr\u00e9dhearcacht, ar mhaithe le leas an phobail, i nd\u00e1il le luach saothair pearsan aonair \u00e1irithe de bhun conartha\u00ed fosta\u00edochta agus conartha\u00ed le haghaidh seirbh\u00eds\u00ed le corpar\u00e1id\u00ed, agus do dh\u00e9anamh socr\u00fa i daobh nithe comhghaolmhara.<\/p>\n","method":"Introduced","methodURI":"https:\/\/data.oireachtas.ie\/ie\/oireachtas\/def\/bill-method\/introduced","mostRecentStage":{"event":{"chamber":{"chamberCode":"seanad","showAs":"Seanad \u00c9ireann","uri":"https:\/\/data.oireachtas.ie\/ie\/oireachtas\/def\/house\/seanad"},"dates":[{"date":"2023-06-29"}],"house":{"chamberCode":"seanad","chamberType":"house","houseCode":"seanad","houseNo":"26","showAs":"26th Seanad","uri":"https:\/\/data.oireachtas.ie\/ie\/oireachtas\/house\/seanad\/26"},"progressStage":2,"showAs":"Second Stage","stageCompleted":true,"stageOutcome":null,"stageURI":"https:\/\/data.oireachtas.ie\/ie\/oireachtas\/def\/bill-stage\/2","uri":"https:\/\/data.oireachtas.ie\/ie\/oireachtas\/bill\/2023\/55\/stage\/seanad\/2"}},"originHouse":{"showAs":"Seanad \u00c9ireann","uri":"https:\/\/data.oireachtas.ie\/ie\/oireachtas\/def\/house\/seanad"},"originHouseURI":"https:\/\/data.oireachtas.ie\/ie\/oireachtas\/def\/house\/seanad","relatedDocs":[{"relatedDoc":{"date":"2023-06-29","docType":"memo","formats":{"pdf":{"uri":"https:\/\/data.oireachtas.ie\/ie\/oireachtas\/bill\/2023\/55\/eng\/memo\/b5523s-memo.pdf"},"xml":null},"lang":"eng","showAs":"Explanatory Memorandum","uri":"https:\/\/data.oireachtas.ie\/ie\/oireachtas\/bill\/2023\/55\/eng\/memo"}}],"shortTitleEn":"Broadcasting (Restriction of Salaries) Bill 2023","shortTitleGa":"An Bille Craolach\u00e1in (Tuarastail a Shrianadh), 2023","source":"Private Member","sourceURI":"https:\/\/data.oireachtas.ie\/ie\/oireachtas\/def\/bill-source\/private-member","sponsors":[{"sponsor":{"as":{"showAs":null,"uri":null},"by":{"showAs":"R\u00f3n\u00e1n Mullen","uri":"https:\/\/data.oireachtas.ie\/ie\/oireachtas\/member\/id\/R\u00f3n\u00e1n-Mullen.S.2007-07-23"},"isPrimary":true}}],"stages":[{"event":{"chamber":{"chamberCode":"seanad","showAs":"Seanad \u00c9ireann","uri":"https:\/\/data.oireachtas.ie\/ie\/oireachtas\/def\/house\/seanad"},"dates":[{"date":"2023-06-29"}],"house":{"chamberCode":"seanad","chamberType":"house","houseCode":"seanad","houseNo":"26","showAs":"26th Seanad","uri":"https:\/\/data.oireachtas.ie\/ie\/oireachtas\/house\/seanad\/26"},"progressStage":1,"showAs":"First Stage","stageCompleted":true,"stageOutcome":null,"stageURI":"https:\/\/data.oireachtas.ie\/ie\/oireachtas\/def\/bill-stage\/1","uri":"https:\/\/data.oireachtas.ie\/ie\/oireachtas\/bill\/2023\/55\/stage\/seanad\/1"}},{"event":{"chamber":{"chamberCode":"seanad","showAs":"Seanad \u00c9ireann","uri":"https:\/\/data.oireachtas.ie\/ie\/oireachtas\/def\/house\/seanad"},"dates":[{"date":"2023-06-29"}],"house":{"chamberCode":"seanad","chamberType":"house","houseCode":"seanad","houseNo":"26","showAs":"26th Seanad","uri":"https:\/\/data.oireachtas.ie\/ie\/oireachtas\/house\/seanad\/26"},"progressStage":2,"showAs":"Second Stage","stageCompleted":true,"stageOutcome":null,"stageURI":"https:\/\/data.oireachtas.ie\/ie\/oireachtas\/def\/bill-stage\/2","uri":"https:\/\/data.oireachtas.ie\/ie\/oireachtas\/bill\/2023\/55\/stage\/seanad\/2"}}],"status":"Lapsed","statusURI":"https:\/\/data.oireachtas.ie\/ie\/oireachtas\/def\/bill-status\/lapsed","uri":"https:\/\/data.oireachtas.ie\/ie\/oireachtas\/bill\/2023\/55","versions":[{"version":{"date":"2023-06-29","docType":"bill","formats":{"pdf":{"uri":"https:\/\/data.oireachtas.ie\/ie\/oireachtas\/bill\/2023\/55\/eng\/initiated\/b5523s.pdf"},"xml":null},"lang":"eng","showAs":"As Initiated","uri":"https:\/\/data.oireachtas.ie\/ie\/oireachtas\/bill\/2023\/55\/eng\/initiated"}}]},"billSort":{"actNoSort":null,"actShortTitleEnSort":null,"actShortTitleGaSort":null,"actYearSort":null,"billNoSort":55,"billShortTitleEnSort":"broadcasting-restriction-of-salaries-bill-2023","billShortTitleGaSort":"an-bille-craolachain-tuarastail-a-shrianadh-2023","billYearSort":2023},"contextDate":"2023-06-29"},{"bill":{"act":null,"amendmentLists":[],"billNo":"52","billType":"Public","billTypeURI":"https:\/\/data.oireachtas.ie\/ie\/oireachtas\/def\/bill-type\/public","billYear":"2023","debates":[{"chamber":{"showAs":"D\u00e1il \u00c9ireann","uri":"https:\/\/data.oireachtas.ie\/ie\/oireachtas\/def\/house\/dail"},"date":"2024-01-31","debateSectionId":"dbsect_29","showAs":"Children and Family Relationships (Amendment) Bill 2023: Second Stage (Resumed) [Private Members]","uri":"https:\/\/data.oireachtas.ie\/akn\/ie\/debateRecord\/dail\/2024-01-31\/debate\/main"},{"chamber":{"showAs":"D\u00e1il \u00c9ireann","uri":"https:\/\/data.oireachtas.ie\/ie\/oireachtas\/def\/house\/dail"},"date":"2024-01-25","debateSectionId":"dbsect_40","showAs":"Children and Family Relationships (Amendment) Bill 2023: Second Stage [Private Members]","uri":"https:\/\/data.oireachtas.ie\/akn\/ie\/debateRecord\/dail\/2024-01-25\/debate\/main"},{"chamber":{"showAs":"D\u00e1il \u00c9ireann","uri":"https:\/\/data.oireachtas.ie\/ie\/oireachtas\/def\/house\/dail"},"date":"2023-06-27","debateSectionId":"dbsect_8","showAs":"Children and Family Relationships (Amendment) Bill 2023: First Stage","uri":"https:\/\/data.oireachtas.ie\/akn\/ie\/debateRecord\/dail\/2023-06-27\/debate\/main"}],"events":[{"event":{"chamber":{"chamberCode":"dail","showAs":"D\u00e1il \u00c9ireann","uri":"https:\/\/data.oireachtas.ie\/ie\/oireachtas\/def\/house\/dail"},"dates":[{"date":"2023-04-17"},{"date":"2023-06-12"},{"date":"2023-06-27"},{"date":"2025-05-01"}],"eventURI":"https:\/\/data.oireachtas.ie\/ie\/oireachtas\/def\/bill-event\/admissibility-for-introduction","showAs":"Admissibility for Introduction","uri":"https:\/\/data.oireachtas.ie\/ie\/oireachtas\/bill\/2023\/52\/admissibility-for-introduction"}},{"event":{"chamber":{"chamberCode":"dail","showAs":"D\u00e1il \u00c9ireann","uri":"https:\/\/data.oireachtas.ie\/ie\/oireachtas\/def\/house\/dail"},"dates":[{"date":"2024-11-08"}],"eventURI":"https:\/\/data.oireachtas.ie\/ie\/oireachtas\/def\/bill-event\/bill-lapsed","showAs":"Bill Lapsed","uri":"https:\/\/data.oireachtas.ie\/ie\/oireachtas\/bill\/2023\/52\/bill-lapsed"}}],"lastUpdated":"2025-05-02T11:22:05.590000+00:00","longTitleEn":"<p>Bill entitled an Act to amend the Children and Family Relationships Act 2015; to provide for expanded pathways to parentage for parents of donor conceived children.<\/p>\n","longTitleGa":"<p>Bille d\u00e1 ngairtear Acht do leas\u00fa an Achta um Leana\u00ed agus C\u00f3ngais Teaghlaigh, 2015; do dh\u00e9anamh socr\u00fa maidir le conair\u00ed leathnaithe chun tuism\u00edochta do thuismitheoir\u00ed leana\u00ed deont\u00f3ir-ghinte.<\/p>\n","method":"Introduced","methodURI":"https:\/\/data.oireachtas.ie\/ie\/oireachtas\/def\/bill-method\/introduced","mostRecentStage":{"event":{"chamber":{"chamberCode":"dail","showAs":"D\u00e1il \u00c9ireann","uri":"https:\/\/data.oireachtas.ie\/ie\/oireachtas\/def\/house\/dail"},"dates":[{"date":"2024-11-08"},{"date":"2025-05-01"}],"house":{"chamberCode":"dail","chamberType":"house","houseCode":"dail","houseNo":"33","showAs":"33rd D\u00e1il","uri":"https:\/\/data.oireachtas.ie\/ie\/oireachtas\/house\/dail\/33"},"progressStage":3,"showAs":"Committee Stage","stageCompleted":false,"stageOutcome":"Current","stageURI":"https:\/\/data.oireachtas.ie\/ie\/oireachtas\/def\/bill-stage\/3","uri":"https:\/\/data.oireachtas.ie\/ie\/oireachtas\/bill\/2023\/52\/stage\/dail\/3"}},"originHouse":{"showAs":"D\u00e1il \u00c9ireann","uri":"https:\/\/data.oireachtas.ie\/ie\/oireachtas\/def\/house\/dail"},"originHouseURI":"https:\/\/data.oireachtas.ie\/ie\/oireachtas\/def\/house\/dail","relatedDocs":[{"relatedDoc":{"date":"2023-06-27","docType":"memo","formats":{"pdf":{"uri":"https:\/\/data.oireachtas.ie\/ie\/oireachtas\/bill\/2023\/52\/eng\/memo\/b5223d-memo.pdf"},"xml":null},"lang":"eng","showAs":"Explanatory Memorandum","uri":"https:\/\/data.oireachtas.ie\/ie\/oireachtas\/bill\/2023\/52\/eng\/memo"}}],"shortTitleEn":"Children and Family Relationships (Amendment) Bill 2023","shortTitleGa":"An Bille um Leana\u00ed agus C\u00f3ngais Teaghlaigh (Leas\u00fa), 2023","source":"Private Member","sourceURI":"https:\/\/data.oireachtas.ie\/ie\/oireachtas\/def\/bill-source\/private-member","sponsors":[{"sponsor":{"as":{"showAs":null,"uri":null},"by":{"showAs":"Ivana Bacik","uri":"https:\/\/data.oireachtas.ie\/ie\/oireachtas\/member\/id\/Ivana-Bacik.S.2007-07-23"},"isPrimary":true}}],"stages":[{"event":{"chamber":{"chamberCode":"dail","showAs":"D\u00e1il \u00c9ireann","uri":"https:\/\/data.oireachtas.ie\/ie\/oireachtas\/def\/house\/dail"},"dates":[{"date":"2023-04-17"},{"date":"2023-06-12"},{"date":"2023-06-27"},{"date":"2023-06-27"}],"house":{"chamberCode":"dail","chamberType":"house","houseCode":"dail","houseNo":"33","showAs":"33rd D\u00e1il","uri":"https:\/\/data.oireachtas.ie\/ie\/oireachtas\/house\/dail\/33"},"progressStage":1,"showAs":"First Stage","stageCompleted":true,"stageOutcome":null,"stageURI":"https:\/\/data.oireachtas.ie\/ie\/oireachtas\/def\/bill-stage\/1","uri":"https:\/\/data.oireachtas.ie\/ie\/oireachtas\/bill\/2023\/52\/stage\/dail\/1"}},{"event":{"chamber":{"chamberCode":"dail","showAs":"D\u00e1il \u00c9ireann","uri":"https:\/\/data.oireachtas.ie\/ie\/oireachtas\/def\/house\/dail"},"dates":[{"date":"2023-06-27"},{"date":"2023-06-27"}],"house":{"chamberCode":"dail","chamberType":"house","houseCode":"dail","houseNo":"33","showAs":"33rd D\u00e1il","uri":"https:\/\/data.oireachtas.ie\/ie\/oireachtas\/house\/dail\/33"},"progressStage":2,"showAs":"Second Stage","stageCompleted":true,"stageOutcome":null,"stageURI":"https:\/\/data.oireachtas.ie\/ie\/oireachtas\/def\/bill-stage\/2","uri":"https:\/\/data.oireachtas.ie\/ie\/oireachtas\/bill\/2023\/52\/stage\/dail\/2"}},{"event":{"chamber":{"chamberCode":"dail","showAs":"D\u00e1il \u00c9ireann","uri":"https:\/\/data.oireachtas.ie\/ie\/oireachtas\/def\/house\/dail"},"dates":[{"date":"2024-11-08"},{"date":"2025-05-01"}],"house":{"chamberCode":"dail","chamberType":"house","houseCode":"dail","houseNo":"33","showAs":"33rd D\u00e1il","uri":"https:\/\/data.oireachtas.ie\/ie\/oireachtas\/house\/dail\/33"},"progressStage":3,"showAs":"Committee Stage","stageCompleted":false,"stageOutcome":"Current","stageURI":"https:\/\/data.oireachtas.ie\/ie\/oireachtas\/def\/bill-stage\/3","uri":"https:\/\/data.oireachtas.ie\/ie\/oireachtas\/bill\/2023\/52\/stage\/dail\/3"}}],"status":"Current","statusURI":"https:\/\/data.oireachtas.ie\/ie\/oireachtas\/def\/bill-status\/published","uri":"https:\/\/data.oireachtas.ie\/ie\/oireachtas\/bill\/2023\/52","versions":[{"version":{"date":"2023-06-27","docType":"bill","formats":{"pdf":{"uri":"https:\/\/data.oireachtas.ie\/ie\/oireachtas\/bill\/2023\/52\/eng\/initiated\/b5223d.pdf"},"xml":null},"lang":"eng","showAs":"As Initiated","uri":"https:\/\/data.oireachtas.ie\/ie\/oireachtas\/bill\/2023\/52\/eng\/initiated"}}]},"billSort":{"actNoSort":null,"actShortTitleEnSort":null,"actShortTitleGaSort":null,"actYearSort":null,"billNoSort":52,"billShortTitleEnSort":"children-and-family-relationships-amendment-bill-2023","billShortTitleGaSort":"an-bille-um-leanai-agus-congais-teaghlaigh-leasu-2023","billYearSort":2023},"contextDate":"2025-05-01"},{"bill":{"act":null,"amendmentLists":[],"billNo":"50","billType":"Public","billTypeURI":"https:\/\/data.oireachtas.ie\/ie\/oireachtas\/def\/bill-type\/public","billYear":"2023","debates":[{"chamber":{"showAs":"Seanad \u00c9ireann","uri":"https:\/\/data.oireachtas.ie\/ie\/oireachtas\/def\/house\/seanad"},"date":"2023-06-14","debateSectionId":"dbsect_30","showAs":"Gradam an Uachtar\u00e1in Bill 2023: Order for Second Stage","uri":"https:\/\/data.oireachtas.ie\/akn\/ie\/debateRecord\/seanad\/2023-06-14\/debate\/main"},{"chamber":{"showAs":"Seanad \u00c9ireann","uri":"https:\/\/data.oireachtas.ie\/ie\/oireachtas\/def\/house\/seanad"},"date":"2023-06-14","debateSectionId":"dbsect_31","showAs":"Gradam an Uachtar\u00e1in Bill 2023: Second Stage","uri":"https:\/\/data.oireachtas.ie\/akn\/ie\/debateRecord\/seanad\/2023-06-14\/debate\/main"}],"events":[{"event":{"chamber":{"chamberCode":"seanad","showAs":"Seanad \u00c9ireann","uri":"https:\/\/data.oireachtas.ie\/ie\/oireachtas\/def\/house\/seanad"},"dates":[{"date":"2023-05-25"},{"date":"2023-06-08"},{"date":"2025-03-20"}],"eventURI":"https:\/\/data.oireachtas.ie\/ie\/oireachtas\/def\/bill-event\/admissibility-for-introduction","showAs":"Admissibility for Introduction","uri":"https:\/\/data.oireachtas.ie\/ie\/oireachtas\/bill\/2023\/50\/admissibility-for-introduction"}},{"event":{"chamber":{"chamberCode":"seanad","showAs":"Seanad \u00c9ireann","uri":"https:\/\/data.oireachtas.ie\/ie\/oireachtas\/def\/house\/seanad"},"dates":[{"date":"2025-01-29"}],"eventURI":"https:\/\/data.oireachtas.ie\/ie\/oireachtas\/def\/bill-event\/bill-lapsed","showAs":"Bill Lapsed","uri":"https:\/\/data.oireachtas.ie\/ie\/oireachtas\/bill\/2023\/50\/bill-lapsed"}}],"lastUpdated":"2025-03-21T14:47:45.370000+00:00","longTitleEn":"<p>Bill entitled an Act to facilitate the conferral by the State of an honour to be known as Gradam an Uachtar\u00e1in to recognise the exceptional achievements of its citizens and the outstanding contributions of others; and to provide for related matters.<\/p>\n","longTitleGa":"<p>Bille d\u00e1 ngairtear Acht d\u2019\u00e9asc\u00fa don St\u00e1t on\u00f3ir a bhronnadh ar a dtabharfar Gradam an Uachtar\u00e1in chun \u00e9achta\u00ed eisceacht\u00fala a saor\u00e1nach agus cion oibre suntasach daoine eile, a aithint; agus do dh\u00e9anamh socr\u00fa i dtaobh nithe gaolmhara.<\/p>\n","method":"Presented","methodURI":"https:\/\/data.oireachtas.ie\/ie\/oireachtas\/def\/bill-method\/presented","mostRecentStage":{"event":{"chamber":{"chamberCode":"seanad","showAs":"Seanad \u00c9ireann","uri":"https:\/\/data.oireachtas.ie\/ie\/oireachtas\/def\/house\/seanad"},"dates":[{"date":"2025-01-29"},{"date":"2025-03-20"}],"house":{"chamberCode":"seanad","chamberType":"house","houseCode":"seanad","houseNo":"27","showAs":"27th Seanad","uri":"https:\/\/data.oireachtas.ie\/ie\/oireachtas\/house\/seanad\/27"},"progressStage":3,"showAs":"Committee Stage","stageCompleted":false,"stageOutcome":"Current","stageURI":"https:\/\/data.oireachtas.ie\/ie\/oireachtas\/def\/bill-stage\/3","uri":"https:\/\/data.oireachtas.ie\/ie\/oireachtas\/bill\/2023\/50\/stage\/seanad\/3"}},"originHouse":{"showAs":"Seanad \u00c9ireann","uri":"https:\/\/data.oireachtas.ie\/ie\/oireachtas\/def\/house\/seanad"},"originHouseURI":"https:\/\/data.oireachtas.ie\/ie\/oireachtas\/def\/house\/seanad","relatedDocs":[],"shortTitleEn":"Gradam an Uachtar\u00e1in Bill 2023","shortTitleGa":"Bille Ghradam an Uachtar\u00e1in, 2023","source":"Private Member","sourceURI":"https:\/\/data.oireachtas.ie\/ie\/oireachtas\/def\/bill-source\/private-member","sponsors":[{"sponsor":{"as":{"showAs":null,"uri":null},"by":{"showAs":"Sharon Keogan","uri":"https:\/\/data.oireachtas.ie\/ie\/oireachtas\/member\/id\/Sharon-Keogan.S.2020-03-30"},"isPrimary":true}},{"sponsor":{"as":{"showAs":null,"uri":null},"by":{"showAs":"Gerard P. Craughwell","uri":"https:\/\/data.oireachtas.ie\/ie\/oireachtas\/member\/id\/Gerard-P-Craughwell.S.2014-10-10"},"isPrimary":false}},{"sponsor":{"as":{"showAs":null,"uri":null},"by":{"showAs":"Tom Clonan","uri":"https:\/\/data.oireachtas.ie\/ie\/oireachtas\/member\/id\/Tom-Clonan.S.2022-04-04"},"isPrimary":false}},{"sponsor":{"as":{"showAs":null,"uri":null},"by":{"showAs":"R\u00f3n\u00e1n Mullen","uri":"https:\/\/data.oireachtas.ie\/ie\/oireachtas\/member\/id\/R\u00f3n\u00e1n-Mullen.S.2007-07-23"},"isPrimary":false}},{"sponsor":{"as":{"showAs":null,"uri":null},"by":{"showAs":"Victor Boyhan","uri":"https:\/\/data.oireachtas.ie\/ie\/oireachtas\/member\/id\/Victor-Boyhan.S.2016-04-25"},"isPrimary":false}}],"stages":[{"event":{"chamber":{"chamberCode":"seanad","showAs":"Seanad \u00c9ireann","uri":"https:\/\/data.oireachtas.ie\/ie\/oireachtas\/def\/house\/seanad"},"dates":[{"date":"2023-05-25"},{"date":"2023-06-08"},{"date":"2023-06-08"}],"house":{"chamberCode":"seanad","chamberType":"house","houseCode":"seanad","houseNo":"26","showAs":"26th Seanad","uri":"https:\/\/data.oireachtas.ie\/ie\/oireachtas\/house\/seanad\/26"},"progressStage":1,"showAs":"First Stage","stageCompleted":true,"stageOutcome":null,"stageURI":"https:\/\/data.oireachtas.ie\/ie\/oireachtas\/def\/bill-stage\/1","uri":"https:\/\/data.oireachtas.ie\/ie\/oireachtas\/bill\/2023\/50\/stage\/seanad\/1"}},{"event":{"chamber":{"chamberCode":"seanad","showAs":"Seanad \u00c9ireann","uri":"https:\/\/data.oireachtas.ie\/ie\/oireachtas\/def\/house\/seanad"},"dates":[{"date":"2023-06-08"}],"house":{"chamberCode":"seanad","chamberType":"house","houseCode":"seanad","houseNo":"26","showAs":"26th Seanad","uri":"https:\/\/data.oireachtas.ie\/ie\/oireachtas\/house\/seanad\/26"},"progressStage":2,"showAs":"Second Stage","stageCompleted":true,"stageOutcome":null,"stageURI":"https:\/\/data.oireachtas.ie\/ie\/oireachtas\/def\/bill-stage\/2","uri":"https:\/\/data.oireachtas.ie\/ie\/oireachtas\/bill\/2023\/50\/stage\/seanad\/2"}},{"event":{"chamber":{"chamberCode":"seanad","showAs":"Seanad \u00c9ireann","uri":"https:\/\/data.oireachtas.ie\/ie\/oireachtas\/def\/house\/seanad"},"dates":[{"date":"2025-01-29"},{"date":"2025-03-20"}],"house":{"chamberCode":"seanad","chamberType":"house","houseCode":"seanad","houseNo":"27","showAs":"27th Seanad","uri":"https:\/\/data.oireachtas.ie\/ie\/oireachtas\/house\/seanad\/27"},"progressStage":3,"showAs":"Committee Stage","stageCompleted":false,"stageOutcome":"Current","stageURI":"https:\/\/data.oireachtas.ie\/ie\/oireachtas\/def\/bill-stage\/3","uri":"https:\/\/data.oireachtas.ie\/ie\/oireachtas\/bill\/2023\/50\/stage\/seanad\/3"}}],"status":"Current","statusURI":"https:\/\/data.oireachtas.ie\/ie\/oireachtas\/def\/bill-status\/published","uri":"https:\/\/data.oireachtas.ie\/ie\/oireachtas\/bill\/2023\/50","versions":[{"version":{"date":"2023-06-08","docType":"bill","formats":{"pdf":{"uri":"https:\/\/data.oireachtas.ie\/ie\/oireachtas\/bill\/2023\/50\/eng\/initiated\/b5023s.pdf"},"xml":null},"lang":"eng","showAs":"As Initiated","uri":"https:\/\/data.oireachtas.ie\/ie\/oireachtas\/bill\/2023\/50\/eng\/initiated"}}]},"billSort":{"actNoSort":null,"actShortTitleEnSort":null,"actShortTitleGaSort":null,"actYearSort":null,"billNoSort":50,"billShortTitleEnSort":"gradam-an-uachtarain-bill-2023","billShortTitleGaSort":"bille-ghradam-an-uachtarain-2023","billYearSort":2023},"contextDate":"2025-03-20"},{"bill":{"act":null,"amendmentLists":[],"billNo":"49","billType":"Public","billTypeURI":"https:\/\/data.oireachtas.ie\/ie\/oireachtas\/def\/bill-type\/public","billYear":"2023","debates":[{"chamber":{"showAs":"Seanad \u00c9ireann","uri":"https:\/\/data.oireachtas.ie\/ie\/oireachtas\/def\/house\/seanad"},"date":"2023-06-01","debateSectionId":"dbsect_10","showAs":"Consumer Insurance Contracts (Amendment) Bill 2023: First Stage","uri":"https:\/\/data.oireachtas.ie\/akn\/ie\/debateRecord\/seanad\/2023-06-01\/debate\/main"}],"events":[{"event":{"chamber":{"chamberCode":"seanad","showAs":"Seanad \u00c9ireann","uri":"https:\/\/data.oireachtas.ie\/ie\/oireachtas\/def\/house\/seanad"},"dates":[{"date":"2023-04-03"},{"date":"2023-05-29"},{"date":"2023-06-01"}],"eventURI":"https:\/\/data.oireachtas.ie\/ie\/oireachtas\/def\/bill-event\/admissibility-for-introduction","showAs":"Admissibility for Introduction","uri":"https:\/\/data.oireachtas.ie\/ie\/oireachtas\/bill\/2023\/49\/admissibility-for-introduction"}},{"event":{"chamber":{"chamberCode":"seanad","showAs":"Seanad \u00c9ireann","uri":"https:\/\/data.oireachtas.ie\/ie\/oireachtas\/def\/house\/seanad"},"dates":[{"date":"2025-01-29"}],"eventURI":"https:\/\/data.oireachtas.ie\/ie\/oireachtas\/def\/bill-event\/bill-lapsed","showAs":"Bill Lapsed","uri":"https:\/\/data.oireachtas.ie\/ie\/oireachtas\/bill\/2023\/49\/bill-lapsed"}}],"lastUpdated":"2025-01-30T11:17:37.160000+00:00","longTitleEn":"<p style=\"text-align:justify\">Bill entitled an Act to amend the Consumer Insurance Contracts Act 2019 to prevent the use of any average clause by insurance providers.<\/p>\n","longTitleGa":"<p>Bille d\u00e1 ngairtear Acht do leas\u00fa an Achta um Chonartha\u00ed \u00c1rachais i leith Tomhalt\u00f3ir\u00ed, 2019 chun cosc a chur ar shol\u00e1thraithe \u00e1rachais aon fhor\u00e1il chaillroinnte a \u00fas\u00e1id.<\/p>\n","method":"Introduced","methodURI":"https:\/\/data.oireachtas.ie\/ie\/oireachtas\/def\/bill-method\/introduced","mostRecentStage":{"event":{"chamber":{"chamberCode":"seanad","showAs":"Seanad \u00c9ireann","uri":"https:\/\/data.oireachtas.ie\/ie\/oireachtas\/def\/house\/seanad"},"dates":[{"date":"2023-04-03"},{"date":"2023-05-29"},{"date":"2023-06-01"},{"date":"2023-06-01"}],"house":{"chamberCode":"seanad","chamberType":"house","houseCode":"seanad","houseNo":"26","showAs":"26th Seanad","uri":"https:\/\/data.oireachtas.ie\/ie\/oireachtas\/house\/seanad\/26"},"progressStage":1,"showAs":"First Stage","stageCompleted":true,"stageOutcome":null,"stageURI":"https:\/\/data.oireachtas.ie\/ie\/oireachtas\/def\/bill-stage\/1","uri":"https:\/\/data.oireachtas.ie\/ie\/oireachtas\/bill\/2023\/49\/stage\/seanad\/1"}},"originHouse":{"showAs":"Seanad \u00c9ireann","uri":"https:\/\/data.oireachtas.ie\/ie\/oireachtas\/def\/house\/seanad"},"originHouseURI":"https:\/\/data.oireachtas.ie\/ie\/oireachtas\/def\/house\/seanad","relatedDocs":[{"relatedDoc":{"date":"2023-06-01","docType":"memo","formats":{"pdf":{"uri":"https:\/\/data.oireachtas.ie\/ie\/oireachtas\/bill\/2023\/49\/mul\/memo\/b4923s-memo.pdf"},"xml":null},"lang":"mul","showAs":"Explanatory Memorandum","uri":"https:\/\/data.oireachtas.ie\/ie\/oireachtas\/bill\/2023\/49\/mul\/memo"}}],"shortTitleEn":"Consumer Insurance Contracts (Amendment) Bill 2023","shortTitleGa":"An Bille um Chonartha\u00ed \u00c1rachais i leith Tomhalt\u00f3ir\u00ed (Leas\u00fa), 2023","source":"Private Member","sourceURI":"https:\/\/data.oireachtas.ie\/ie\/oireachtas\/def\/bill-source\/private-member","sponsors":[{"sponsor":{"as":{"showAs":null,"uri":null},"by":{"showAs":"Barry Ward","uri":"https:\/\/data.oireachtas.ie\/ie\/oireachtas\/member\/id\/Barry-Ward.S.2020-03-30"},"isPrimary":true}}],"stages":[{"event":{"chamber":{"chamberCode":"seanad","showAs":"Seanad \u00c9ireann","uri":"https:\/\/data.oireachtas.ie\/ie\/oireachtas\/def\/house\/seanad"},"dates":[{"date":"2023-04-03"},{"date":"2023-05-29"},{"date":"2023-06-01"},{"date":"2023-06-01"}],"house":{"chamberCode":"seanad","chamberType":"house","houseCode":"seanad","houseNo":"26","showAs":"26th Seanad","uri":"https:\/\/data.oireachtas.ie\/ie\/oireachtas\/house\/seanad\/26"},"progressStage":1,"showAs":"First Stage","stageCompleted":true,"stageOutcome":null,"stageURI":"https:\/\/data.oireachtas.ie\/ie\/oireachtas\/def\/bill-stage\/1","uri":"https:\/\/data.oireachtas.ie\/ie\/oireachtas\/bill\/2023\/49\/stage\/seanad\/1"}}],"status":"Lapsed","statusURI":"https:\/\/data.oireachtas.ie\/ie\/oireachtas\/def\/bill-status\/lapsed","uri":"https:\/\/data.oireachtas.ie\/ie\/oireachtas\/bill\/2023\/49","versions":[{"version":{"date":"2023-06-01","docType":"bill","formats":{"pdf":{"uri":"https:\/\/data.oireachtas.ie\/ie\/oireachtas\/bill\/2023\/49\/mul\/initiated\/b4923s.pdf"},"xml":null},"lang":"mul","showAs":"As Initiated","uri":"https:\/\/data.oireachtas.ie\/ie\/oireachtas\/bill\/2023\/49\/mul\/initiated"}}]},"billSort":{"actNoSort":null,"actShortTitleEnSort":null,"actShortTitleGaSort":null,"actYearSort":null,"billNoSort":49,"billShortTitleEnSort":"consumer-insurance-contracts-amendment-bill-2023","billShortTitleGaSort":"an-bille-um-chonarthai-arachais-i-leith-tomhaltoiri-leasu-2023","billYearSort":2023},"contextDate":"2023-06-01"},{"bill":{"act":null,"amendmentLists":[],"billNo":"47","billType":"Public","billTypeURI":"https:\/\/data.oireachtas.ie\/ie\/oireachtas\/def\/bill-type\/public","billYear":"2023","debates":[{"chamber":{"showAs":"D\u00e1il \u00c9ireann","uri":"https:\/\/data.oireachtas.ie\/ie\/oireachtas\/def\/house\/dail"},"date":"2026-01-28","debateSectionId":"dbsect_23","showAs":"River Boyne Task Force Bill 2023: Second Stage (Resumed) [Private Members]","uri":"https:\/\/data.oireachtas.ie\/akn\/ie\/debateRecord\/dail\/2026-01-28\/debate\/main"},{"chamber":{"showAs":"D\u00e1il \u00c9ireann","uri":"https:\/\/data.oireachtas.ie\/ie\/oireachtas\/def\/house\/dail"},"date":"2026-01-22","debateSectionId":"dbsect_43","showAs":"River Boyne Task Force Bill 2023: Second Stage [Private Members]","uri":"https:\/\/data.oireachtas.ie\/akn\/ie\/debateRecord\/dail\/2026-01-22\/debate\/main"},{"chamber":{"showAs":"D\u00e1il \u00c9ireann","uri":"https:\/\/data.oireachtas.ie\/ie\/oireachtas\/def\/house\/dail"},"date":"2023-05-30","debateSectionId":"dbsect_4","showAs":"River Boyne Task Force Bill 2023: First Stage","uri":"https:\/\/data.oireachtas.ie\/akn\/ie\/debateRecord\/dail\/2023-05-30\/debate\/main"}],"events":[{"event":{"chamber":{"chamberCode":"dail","showAs":"D\u00e1il \u00c9ireann","uri":"https:\/\/data.oireachtas.ie\/ie\/oireachtas\/def\/house\/dail"},"dates":[{"date":"2023-05-24"},{"date":"2023-05-24"},{"date":"2023-05-30"},{"date":"2025-05-01"}],"eventURI":"https:\/\/data.oireachtas.ie\/ie\/oireachtas\/def\/bill-event\/admissibility-for-introduction","showAs":"Admissibility for Introduction","uri":"https:\/\/data.oireachtas.ie\/ie\/oireachtas\/bill\/2023\/47\/admissibility-for-introduction"}},{"event":{"chamber":{"chamberCode":"dail","showAs":"D\u00e1il \u00c9ireann","uri":"https:\/\/data.oireachtas.ie\/ie\/oireachtas\/def\/house\/dail"},"dates":[{"date":"2024-11-08"}],"eventURI":"https:\/\/data.oireachtas.ie\/ie\/oireachtas\/def\/bill-event\/bill-lapsed","showAs":"Bill Lapsed","uri":"https:\/\/data.oireachtas.ie\/ie\/oireachtas\/bill\/2023\/47\/bill-lapsed"}}],"lastUpdated":"2026-01-23T10:44:32.940000+00:00","longTitleEn":"<p>Bill entitled an Act to establish a committee of the Eastern and Midland Regional Assembly to serve as a River Boyne Task Force with the function of proposing and promoting policies and priorities for the protection and enhancement of the environment of the River Boyne and of its natural habitats and wildlife and the co-ordination of the activities of public authorities in relation thereto; and to provide for connected matters.<\/p>\n","longTitleGa":"<p>Bille d\u00e1 ngairtear Acht do bhun\u00fa coiste de chuid Thion\u00f3l R\u00e9igi\u00fanach an Oirthir agus L\u00e1r T\u00edre chun f\u00f3namh mar Thascfh\u00f3rsa na B\u00f3inne agus \u00e9 d'fheidhm aige beartais agus tosa\u00edochta\u00ed a mholadh agus a chur chun cinn chun comhshaol na B\u00f3inne a chosaint agus a fheabhs\u00fa, mar aon lena gn\u00e1th\u00f3ga n\u00e1d\u00fartha agus a fiadh\u00falra, agus chun gn\u00edomha\u00edochta\u00ed \u00fadar\u00e1s poibl\u00ed i nd\u00e1il leis an gc\u00e9anna a chomhord\u00fa; agus do dh\u00e9anamh socr\u00fa i dtaobh nithe comhghaolmhara.<\/p>\n","method":"Introduced","methodURI":"https:\/\/data.oireachtas.ie\/ie\/oireachtas\/def\/bill-method\/introduced","mostRecentStage":{"event":{"chamber":{"chamberCode":"dail","showAs":"D\u00e1il \u00c9ireann","uri":"https:\/\/data.oireachtas.ie\/ie\/oireachtas\/def\/house\/dail"},"dates":[{"date":"2026-01-22"},{"date":"2026-01-22"}],"house":{"chamberCode":"dail","chamberType":"house","houseCode":"dail","houseNo":"34","showAs":"34th D\u00e1il","uri":"https:\/\/data.oireachtas.ie\/ie\/oireachtas\/house\/dail\/34"},"progressStage":2,"showAs":"Second Stage","stageCompleted":false,"stageOutcome":"Current","stageURI":"https:\/\/data.oireachtas.ie\/ie\/oireachtas\/def\/bill-stage\/2","uri":"https:\/\/data.oireachtas.ie\/ie\/oireachtas\/bill\/2023\/47\/stage\/dail\/2"}},"originHouse":{"showAs":"D\u00e1il \u00c9ireann","uri":"https:\/\/data.oireachtas.ie\/ie\/oireachtas\/def\/house\/dail"},"originHouseURI":"https:\/\/data.oireachtas.ie\/ie\/oireachtas\/def\/house\/dail","relatedDocs":[{"relatedDoc":{"date":"2023-05-30","docType":"memo","formats":{"pdf":{"uri":"https:\/\/data.oireachtas.ie\/ie\/oireachtas\/bill\/2023\/47\/eng\/memo\/b4723d-memo.pdf"},"xml":null},"lang":"eng","showAs":"Explanatory Memorandum","uri":"https:\/\/data.oireachtas.ie\/ie\/oireachtas\/bill\/2023\/47\/eng\/memo"}}],"shortTitleEn":"River Boyne Task Force Bill 2023","shortTitleGa":"An Bille um Thascfh\u00f3rsa na B\u00f3inne, 2023","source":"Private Member","sourceURI":"https:\/\/data.oireachtas.ie\/ie\/oireachtas\/def\/bill-source\/private-member","sponsors":[{"sponsor":{"isPrimary":true,"as":{"showAs":null,"uri":null},"by":{"showAs":"Ged Nash","uri":"https:\/\/data.oireachtas.ie\/ie\/oireachtas\/member\/id\/Gerald-Nash.D.2011-03-09"}}}],"stages":[{"event":{"chamber":{"chamberCode":"dail","showAs":"D\u00e1il \u00c9ireann","uri":"https:\/\/data.oireachtas.ie\/ie\/oireachtas\/def\/house\/dail"},"dates":[{"date":"2023-05-24"},{"date":"2023-05-24"},{"date":"2023-05-30"},{"date":"2023-05-30"}],"house":{"chamberCode":"dail","chamberType":"house","houseCode":"dail","houseNo":"33","showAs":"33rd D\u00e1il","uri":"https:\/\/data.oireachtas.ie\/ie\/oireachtas\/house\/dail\/33"},"progressStage":1,"showAs":"First Stage","stageCompleted":true,"stageOutcome":null,"stageURI":"https:\/\/data.oireachtas.ie\/ie\/oireachtas\/def\/bill-stage\/1","uri":"https:\/\/data.oireachtas.ie\/ie\/oireachtas\/bill\/2023\/47\/stage\/dail\/1"}},{"event":{"chamber":{"chamberCode":"dail","showAs":"D\u00e1il \u00c9ireann","uri":"https:\/\/data.oireachtas.ie\/ie\/oireachtas\/def\/house\/dail"},"dates":[{"date":"2026-01-22"},{"date":"2026-01-22"}],"house":{"chamberCode":"dail","chamberType":"house","houseCode":"dail","houseNo":"34","showAs":"34th D\u00e1il","uri":"https:\/\/data.oireachtas.ie\/ie\/oireachtas\/house\/dail\/34"},"progressStage":2,"showAs":"Second Stage","stageCompleted":false,"stageOutcome":"Current","stageURI":"https:\/\/data.oireachtas.ie\/ie\/oireachtas\/def\/bill-stage\/2","uri":"https:\/\/data.oireachtas.ie\/ie\/oireachtas\/bill\/2023\/47\/stage\/dail\/2"}}],"status":"Current","statusURI":"https:\/\/data.oireachtas.ie\/ie\/oireachtas\/def\/bill-status\/published","uri":"https:\/\/data.oireachtas.ie\/ie\/oireachtas\/bill\/2023\/47","versions":[{"version":{"lang":"eng","docType":"bill","showAs":"As Initiated","date":"2023-05-30","formats":{"pdf":{"uri":"https:\/\/data.oireachtas.ie\/ie\/oireachtas\/bill\/2023\/47\/eng\/initiated\/b4723d.pdf"},"xml":null},"uri":"https:\/\/data.oireachtas.ie\/ie\/oireachtas\/bill\/2023\/47\/eng\/initiated"}}]},"contextDate":"2026-01-22","billSort":{"actNoSort":null,"actShortTitleEnSort":null,"actShortTitleGaSort":null,"actYearSort":null,"billNoSort":47,"billShortTitleEnSort":"river-boyne-task-force-bill-2023","billShortTitleGaSort":"an-bille-um-thascfhorsa-na-boinne-2023","billYearSort":2023}},{"bill":{"act":null,"amendmentLists":[],"billNo":"46","billType":"Public","billTypeURI":"https:\/\/data.oireachtas.ie\/ie\/oireachtas\/def\/bill-type\/public","billYear":"2023","debates":[{"chamber":{"showAs":"D\u00e1il \u00c9ireann","uri":"https:\/\/data.oireachtas.ie\/ie\/oireachtas\/def\/house\/dail"},"date":"2023-05-25","debateSectionId":"dbsect_36","showAs":"Protection of Hares Bill 2023: First Stage","uri":"https:\/\/data.oireachtas.ie\/akn\/ie\/debateRecord\/dail\/2023-05-25\/debate\/main"}],"events":[{"event":{"chamber":{"chamberCode":"dail","showAs":"D\u00e1il \u00c9ireann","uri":"https:\/\/data.oireachtas.ie\/ie\/oireachtas\/def\/house\/dail"},"dates":[{"date":"2023-05-22"},{"date":"2023-05-25"},{"date":"2023-05-25"},{"date":"2025-05-01"}],"eventURI":"https:\/\/data.oireachtas.ie\/ie\/oireachtas\/def\/bill-event\/admissibility-for-introduction","showAs":"Admissibility for Introduction","uri":"https:\/\/data.oireachtas.ie\/ie\/oireachtas\/bill\/2023\/46\/admissibility-for-introduction"}},{"event":{"chamber":{"chamberCode":"dail","showAs":"D\u00e1il \u00c9ireann","uri":"https:\/\/data.oireachtas.ie\/ie\/oireachtas\/def\/house\/dail"},"dates":[{"date":"2024-11-08"}],"eventURI":"https:\/\/data.oireachtas.ie\/ie\/oireachtas\/def\/bill-event\/bill-lapsed","showAs":"Bill Lapsed","uri":"https:\/\/data.oireachtas.ie\/ie\/oireachtas\/bill\/2023\/46\/bill-lapsed"}}],"lastUpdated":"2025-05-02T11:01:03.170000+00:00","longTitleEn":"<p>Bill entitled an Act to prohibit the granting by the Minister for Agriculture, Food and the Marine of licences for the purpose of hare coursing and to afford the hare species the full protection of the Wildlife Act 1976.<\/p>\n","longTitleGa":"<p>Bille d\u00e1 ngairtear Acht do thoirmeasc ar an Aire Talmha\u00edochta, Bia agus Mara cead\u00fanais chun cr\u00edche c\u00fars\u00e1la giorriacha a dheon\u00fa agus do thabhairt cosaint ioml\u00e1n an Achta um Fhiadh\u00falra, 1976 do speiceas na ngiorriacha.<\/p>\n","method":"Introduced","methodURI":"https:\/\/data.oireachtas.ie\/ie\/oireachtas\/def\/bill-method\/introduced","mostRecentStage":{"event":{"chamber":{"chamberCode":"dail","showAs":"D\u00e1il \u00c9ireann","uri":"https:\/\/data.oireachtas.ie\/ie\/oireachtas\/def\/house\/dail"},"dates":[{"date":"2024-11-08"},{"date":"2025-05-01"}],"house":{"chamberCode":"dail","chamberType":"house","houseCode":"dail","houseNo":"33","showAs":"33rd D\u00e1il","uri":"https:\/\/data.oireachtas.ie\/ie\/oireachtas\/house\/dail\/33"},"progressStage":2,"showAs":"Second Stage","stageCompleted":false,"stageOutcome":"Current","stageURI":"https:\/\/data.oireachtas.ie\/ie\/oireachtas\/def\/bill-stage\/2","uri":"https:\/\/data.oireachtas.ie\/ie\/oireachtas\/bill\/2023\/46\/stage\/dail\/2"}},"originHouse":{"showAs":"D\u00e1il \u00c9ireann","uri":"https:\/\/data.oireachtas.ie\/ie\/oireachtas\/def\/house\/dail"},"originHouseURI":"https:\/\/data.oireachtas.ie\/ie\/oireachtas\/def\/house\/dail","relatedDocs":[{"relatedDoc":{"date":"2023-05-25","docType":"memo","formats":{"pdf":{"uri":"https:\/\/data.oireachtas.ie\/ie\/oireachtas\/bill\/2023\/46\/eng\/memo\/b4623d-memo.pdf"},"xml":null},"lang":"eng","showAs":"Explanatory Memorandum","uri":"https:\/\/data.oireachtas.ie\/ie\/oireachtas\/bill\/2023\/46\/eng\/memo"}}],"shortTitleEn":"Protection of Hares Bill 2023","shortTitleGa":"An Bille um Chosaint Giorriacha, 2023","source":"Private Member","sourceURI":"https:\/\/data.oireachtas.ie\/ie\/oireachtas\/def\/bill-source\/private-member","sponsors":[{"sponsor":{"as":{"showAs":null,"uri":null},"by":{"showAs":"Jennifer Whitmore","uri":"https:\/\/data.oireachtas.ie\/ie\/oireachtas\/member\/id\/Jennifer-Whitmore.D.2020-02-08"},"isPrimary":true}}],"stages":[{"event":{"chamber":{"chamberCode":"dail","showAs":"D\u00e1il \u00c9ireann","uri":"https:\/\/data.oireachtas.ie\/ie\/oireachtas\/def\/house\/dail"},"dates":[{"date":"2023-05-22"},{"date":"2023-05-25"},{"date":"2023-05-25"},{"date":"2023-05-25"}],"house":{"chamberCode":"dail","chamberType":"house","houseCode":"dail","houseNo":"33","showAs":"33rd D\u00e1il","uri":"https:\/\/data.oireachtas.ie\/ie\/oireachtas\/house\/dail\/33"},"progressStage":1,"showAs":"First Stage","stageCompleted":true,"stageOutcome":null,"stageURI":"https:\/\/data.oireachtas.ie\/ie\/oireachtas\/def\/bill-stage\/1","uri":"https:\/\/data.oireachtas.ie\/ie\/oireachtas\/bill\/2023\/46\/stage\/dail\/1"}},{"event":{"chamber":{"chamberCode":"dail","showAs":"D\u00e1il \u00c9ireann","uri":"https:\/\/data.oireachtas.ie\/ie\/oireachtas\/def\/house\/dail"},"dates":[{"date":"2024-11-08"},{"date":"2025-05-01"}],"house":{"chamberCode":"dail","chamberType":"house","houseCode":"dail","houseNo":"33","showAs":"33rd D\u00e1il","uri":"https:\/\/data.oireachtas.ie\/ie\/oireachtas\/house\/dail\/33"},"progressStage":2,"showAs":"Second Stage","stageCompleted":false,"stageOutcome":"Current","stageURI":"https:\/\/data.oireachtas.ie\/ie\/oireachtas\/def\/bill-stage\/2","uri":"https:\/\/data.oireachtas.ie\/ie\/oireachtas\/bill\/2023\/46\/stage\/dail\/2"}}],"status":"Current","statusURI":"https:\/\/data.oireachtas.ie\/ie\/oireachtas\/def\/bill-status\/published","uri":"https:\/\/data.oireachtas.ie\/ie\/oireachtas\/bill\/2023\/46","versions":[{"version":{"date":"2023-05-25","docType":"bill","formats":{"pdf":{"uri":"https:\/\/data.oireachtas.ie\/ie\/oireachtas\/bill\/2023\/46\/eng\/initiated\/b4623d.pdf"},"xml":null},"lang":"eng","showAs":"As Initiated","uri":"https:\/\/data.oireachtas.ie\/ie\/oireachtas\/bill\/2023\/46\/eng\/initiated"}}]},"billSort":{"actNoSort":null,"actShortTitleEnSort":null,"actShortTitleGaSort":null,"actYearSort":null,"billNoSort":46,"billShortTitleEnSort":"protection-of-hares-bill-2023","billShortTitleGaSort":"an-bille-um-chosaint-giorriacha-2023","billYearSort":2023},"contextDate":"2025-05-01"},{"bill":{"act":null,"amendmentLists":[],"billNo":"45","billType":"Public","billTypeURI":"https:\/\/data.oireachtas.ie\/ie\/oireachtas\/def\/bill-type\/public","billYear":"2023","debates":[{"chamber":{"showAs":"Seanad \u00c9ireann","uri":"https:\/\/data.oireachtas.ie\/ie\/oireachtas\/def\/house\/seanad"},"date":"2023-10-25","debateSectionId":"dbsect_9","showAs":"Non-Fatal Offences against the Person (Amendment) (Spiking) Bill 2023: Committee Stage (Resumed) and Remaining Stages","uri":"https:\/\/data.oireachtas.ie\/akn\/ie\/debateRecord\/seanad\/2023-10-25\/debate\/main"},{"chamber":{"showAs":"Seanad \u00c9ireann","uri":"https:\/\/data.oireachtas.ie\/ie\/oireachtas\/def\/house\/seanad"},"date":"2023-07-12","debateSectionId":"dbsect_14","showAs":"Non-Fatal Offences against the Person (Amendment) (Spiking) Bill 2023: Committee Stage","uri":"https:\/\/data.oireachtas.ie\/akn\/ie\/debateRecord\/seanad\/2023-07-12\/debate\/main"},{"chamber":{"showAs":"Seanad \u00c9ireann","uri":"https:\/\/data.oireachtas.ie\/ie\/oireachtas\/def\/house\/seanad"},"date":"2023-05-31","debateSectionId":"dbsect_14","showAs":" Non-Fatal Offences against the Person (Amendment) (Spiking) Bill 2023: Second Stage","uri":"https:\/\/data.oireachtas.ie\/akn\/ie\/debateRecord\/seanad\/2023-05-31\/debate\/main"},{"chamber":{"showAs":"Seanad \u00c9ireann","uri":"https:\/\/data.oireachtas.ie\/ie\/oireachtas\/def\/house\/seanad"},"date":"2023-05-25","debateSectionId":"dbsect_9","showAs":"Non-Fatal Offences against the Person (Amendment) (Spiking) Bill 2023: First Stage","uri":"https:\/\/data.oireachtas.ie\/akn\/ie\/debateRecord\/seanad\/2023-05-25\/debate\/main"}],"events":[{"event":{"chamber":{"chamberCode":"seanad","showAs":"Seanad \u00c9ireann","uri":"https:\/\/data.oireachtas.ie\/ie\/oireachtas\/def\/house\/seanad"},"dates":[{"date":"2023-05-18"},{"date":"2023-05-23"},{"date":"2023-05-25"},{"date":"2025-05-01"}],"eventURI":"https:\/\/data.oireachtas.ie\/ie\/oireachtas\/def\/bill-event\/admissibility-for-introduction","showAs":"Admissibility for Introduction","uri":"https:\/\/data.oireachtas.ie\/ie\/oireachtas\/bill\/2023\/45\/admissibility-for-introduction"}},{"event":{"chamber":{"chamberCode":"dail","showAs":"D\u00e1il \u00c9ireann","uri":"https:\/\/data.oireachtas.ie\/ie\/oireachtas\/def\/house\/dail"},"dates":[{"date":"2024-11-08"}],"eventURI":"https:\/\/data.oireachtas.ie\/ie\/oireachtas\/def\/bill-event\/bill-lapsed","showAs":"Bill Lapsed","uri":"https:\/\/data.oireachtas.ie\/ie\/oireachtas\/bill\/2023\/45\/bill-lapsed"}}],"lastUpdated":"2025-05-02T12:10:31.660000+00:00","longTitleEn":"<p>Bill entitled an Act to provide for the specific offence of spiking characterised by the administration, injection, or causation of the taking orally of a substance, knowing that the person to whom the substance is administered, injected, or caused to be taken does not consent, or being reckless as to whether the person consents, and where the perpetrator intends to overpower or sedate the person, to engage in a sexual act, cause harm, make a gain or cause a loss, or otherwise commit an offence.<\/p>\n","longTitleGa":"<p>Bille d\u00e1 ngairtear Acht do dh\u00e9anamh socr\u00fa maidir leis an gcion sonrach arb \u00e9ard \u00e9 sp\u00edce\u00e1il arb \u00e9 a pr\u00edomhthr\u00e9ith substaint a thabhairt n\u00f3 a instealladh, n\u00f3 glacadh substainte de bh\u00e9al a chur faoi deara, i gc\u00e1s gurb eol nach bhfuil an duine d\u00e1 dtugtar an tsubstaint, ina n-instealltar an tsubstaint n\u00f3 a gcuirtear faoi deara \u00e9 n\u00f3 \u00ed do ghlacadh na substainte de bh\u00e9al ag toili\u00fa, n\u00f3 go bhfuiltear mearg\u00e1nta i dtaobh an bhfuil an duine ag toili\u00fa, agus go mbearta\u00edonn d\u00e9ant\u00f3ir an chiona an duine a smacht\u00fa n\u00f3 a th\u00e1mh\u00fa, chun dul i mbun gn\u00edomh gn\u00e9asach, d\u00edobh\u00e1il a dh\u00e9anamh, gn\u00f3chan a dh\u00e9anamh n\u00f3 caillteanas a thabhairt, n\u00f3 cion a dh\u00e9anamh ar shl\u00ed eile.<\/p>\n","method":"Introduced","methodURI":"https:\/\/data.oireachtas.ie\/ie\/oireachtas\/def\/bill-method\/introduced","mostRecentStage":{"event":{"chamber":{"chamberCode":"dail","showAs":"D\u00e1il \u00c9ireann","uri":"https:\/\/data.oireachtas.ie\/ie\/oireachtas\/def\/house\/dail"},"dates":[{"date":"2024-11-08"},{"date":"2025-05-01"}],"house":{"chamberCode":"dail","chamberType":"house","houseCode":"dail","houseNo":"33","showAs":"33rd D\u00e1il","uri":"https:\/\/data.oireachtas.ie\/ie\/oireachtas\/house\/dail\/33"},"progressStage":6,"showAs":"Second Stage","stageCompleted":false,"stageOutcome":"Current","stageURI":"https:\/\/data.oireachtas.ie\/ie\/oireachtas\/def\/bill-stage\/2","uri":"https:\/\/data.oireachtas.ie\/ie\/oireachtas\/bill\/2023\/45\/stage\/dail\/2"}},"originHouse":{"showAs":"Seanad \u00c9ireann","uri":"https:\/\/data.oireachtas.ie\/ie\/oireachtas\/def\/house\/seanad"},"originHouseURI":"https:\/\/data.oireachtas.ie\/ie\/oireachtas\/def\/house\/seanad","relatedDocs":[],"shortTitleEn":"Non-Fatal Offences against the Person (Amendment) (Spiking) Bill 2023","shortTitleGa":"An Bille um Chionta Neamh-Mharfacha in aghaidh an Duine (Leas\u00fa) (Sp\u00edce\u00e1il), 2023","source":"Private Member","sourceURI":"https:\/\/data.oireachtas.ie\/ie\/oireachtas\/def\/bill-source\/private-member","sponsors":[{"sponsor":{"as":{"showAs":null,"uri":null},"by":{"showAs":"John Cummins","uri":"https:\/\/data.oireachtas.ie\/ie\/oireachtas\/member\/id\/John-Cummins.S.2020-03-30"},"isPrimary":false}},{"sponsor":{"as":{"showAs":null,"uri":null},"by":{"showAs":"Emer Currie","uri":"https:\/\/data.oireachtas.ie\/ie\/oireachtas\/member\/id\/Emer-Currie.S.2020-06-29"},"isPrimary":false}},{"sponsor":{"as":{"showAs":null,"uri":null},"by":{"showAs":"Joe O'Reilly","uri":"https:\/\/data.oireachtas.ie\/ie\/oireachtas\/member\/id\/Joe-O'Reilly.S.1989-10-01"},"isPrimary":false}},{"sponsor":{"as":{"showAs":null,"uri":null},"by":{"showAs":"Mary Seery Kearney","uri":"https:\/\/data.oireachtas.ie\/ie\/oireachtas\/member\/id\/Mary-Seery-Kearney.S.2020-06-29"},"isPrimary":false}},{"sponsor":{"as":{"showAs":null,"uri":null},"by":{"showAs":"Aisling Dolan","uri":"https:\/\/data.oireachtas.ie\/ie\/oireachtas\/member\/id\/Aisling-Dolan.S.2020-06-29"},"isPrimary":false}},{"sponsor":{"as":{"showAs":null,"uri":null},"by":{"showAs":"Se\u00e1n Kyne","uri":"https:\/\/data.oireachtas.ie\/ie\/oireachtas\/member\/id\/Se\u00e1n-Kyne.D.2011-03-09"},"isPrimary":false}},{"sponsor":{"as":{"showAs":null,"uri":null},"by":{"showAs":"Tim Lombard","uri":"https:\/\/data.oireachtas.ie\/ie\/oireachtas\/member\/id\/Tim-Lombard.S.2016-04-25"},"isPrimary":false}},{"sponsor":{"as":{"showAs":null,"uri":null},"by":{"showAs":"John McGahon","uri":"https:\/\/data.oireachtas.ie\/ie\/oireachtas\/member\/id\/John-McGahon.S.2020-03-30"},"isPrimary":false}},{"sponsor":{"as":{"showAs":null,"uri":null},"by":{"showAs":"Barry Ward","uri":"https:\/\/data.oireachtas.ie\/ie\/oireachtas\/member\/id\/Barry-Ward.S.2020-03-30"},"isPrimary":false}},{"sponsor":{"as":{"showAs":null,"uri":null},"by":{"showAs":"Garret Ahearn","uri":"https:\/\/data.oireachtas.ie\/ie\/oireachtas\/member\/id\/Garret-Ahearn.S.2020-03-30"},"isPrimary":false}},{"sponsor":{"as":{"showAs":null,"uri":null},"by":{"showAs":"Paddy Burke","uri":"https:\/\/data.oireachtas.ie\/ie\/oireachtas\/member\/id\/Paddy-Burke.S.1993-02-17"},"isPrimary":false}},{"sponsor":{"as":{"showAs":null,"uri":null},"by":{"showAs":"Maria Byrne","uri":"https:\/\/data.oireachtas.ie\/ie\/oireachtas\/member\/id\/Maria-Byrne.S.2016-04-25"},"isPrimary":false}},{"sponsor":{"as":{"showAs":null,"uri":null},"by":{"showAs":"Miche\u00e1l Carrigy","uri":"https:\/\/data.oireachtas.ie\/ie\/oireachtas\/member\/id\/Miche\u00e1l-Carrigy.S.2020-03-30"},"isPrimary":false}},{"sponsor":{"as":{"showAs":null,"uri":null},"by":{"showAs":"Martin Conway","uri":"https:\/\/data.oireachtas.ie\/ie\/oireachtas\/member\/id\/Martin-Conway.S.2011-05-25"},"isPrimary":false}},{"sponsor":{"as":{"showAs":null,"uri":null},"by":{"showAs":"Regina Doherty","uri":"https:\/\/data.oireachtas.ie\/ie\/oireachtas\/member\/id\/Regina-Doherty.D.2011-03-09"},"isPrimary":true}}],"stages":[{"event":{"chamber":{"chamberCode":"seanad","showAs":"Seanad \u00c9ireann","uri":"https:\/\/data.oireachtas.ie\/ie\/oireachtas\/def\/house\/seanad"},"dates":[{"date":"2023-05-18"},{"date":"2023-05-23"},{"date":"2023-05-25"},{"date":"2023-05-25"}],"house":{"chamberCode":"seanad","chamberType":"house","houseCode":"seanad","houseNo":"26","showAs":"26th Seanad","uri":"https:\/\/data.oireachtas.ie\/ie\/oireachtas\/house\/seanad\/26"},"progressStage":1,"showAs":"First Stage","stageCompleted":true,"stageOutcome":null,"stageURI":"https:\/\/data.oireachtas.ie\/ie\/oireachtas\/def\/bill-stage\/1","uri":"https:\/\/data.oireachtas.ie\/ie\/oireachtas\/bill\/2023\/45\/stage\/seanad\/1"}},{"event":{"chamber":{"chamberCode":"seanad","showAs":"Seanad \u00c9ireann","uri":"https:\/\/data.oireachtas.ie\/ie\/oireachtas\/def\/house\/seanad"},"dates":[{"date":"2023-05-25"}],"house":{"chamberCode":"seanad","chamberType":"house","houseCode":"seanad","houseNo":"26","showAs":"26th Seanad","uri":"https:\/\/data.oireachtas.ie\/ie\/oireachtas\/house\/seanad\/26"},"progressStage":2,"showAs":"Second Stage","stageCompleted":true,"stageOutcome":null,"stageURI":"https:\/\/data.oireachtas.ie\/ie\/oireachtas\/def\/bill-stage\/2","uri":"https:\/\/data.oireachtas.ie\/ie\/oireachtas\/bill\/2023\/45\/stage\/seanad\/2"}},{"event":{"chamber":{"chamberCode":"seanad","showAs":"Seanad \u00c9ireann","uri":"https:\/\/data.oireachtas.ie\/ie\/oireachtas\/def\/house\/seanad"},"dates":[{"date":"2023-05-31"},{"date":"2023-05-31"}],"house":{"chamberCode":"seanad","chamberType":"house","houseCode":"seanad","houseNo":"26","showAs":"26th Seanad","uri":"https:\/\/data.oireachtas.ie\/ie\/oireachtas\/house\/seanad\/26"},"progressStage":3,"showAs":"Committee Stage","stageCompleted":true,"stageOutcome":null,"stageURI":"https:\/\/data.oireachtas.ie\/ie\/oireachtas\/def\/bill-stage\/3","uri":"https:\/\/data.oireachtas.ie\/ie\/oireachtas\/bill\/2023\/45\/stage\/seanad\/3"}},{"event":{"chamber":{"chamberCode":"seanad","showAs":"Seanad \u00c9ireann","uri":"https:\/\/data.oireachtas.ie\/ie\/oireachtas\/def\/house\/seanad"},"dates":[{"date":"2023-10-25"}],"house":{"chamberCode":"seanad","chamberType":"house","houseCode":"seanad","houseNo":"26","showAs":"26th Seanad","uri":"https:\/\/data.oireachtas.ie\/ie\/oireachtas\/house\/seanad\/26"},"progressStage":4,"showAs":"Report Stage","stageCompleted":true,"stageOutcome":null,"stageURI":"https:\/\/data.oireachtas.ie\/ie\/oireachtas\/def\/bill-stage\/4","uri":"https:\/\/data.oireachtas.ie\/ie\/oireachtas\/bill\/2023\/45\/stage\/seanad\/4"}},{"event":{"chamber":{"chamberCode":"seanad","showAs":"Seanad \u00c9ireann","uri":"https:\/\/data.oireachtas.ie\/ie\/oireachtas\/def\/house\/seanad"},"dates":[{"date":"2023-10-25"}],"house":{"chamberCode":"seanad","chamberType":"house","houseCode":"seanad","houseNo":"26","showAs":"26th Seanad","uri":"https:\/\/data.oireachtas.ie\/ie\/oireachtas\/house\/seanad\/26"},"progressStage":5,"showAs":"Fifth Stage","stageCompleted":true,"stageOutcome":null,"stageURI":"https:\/\/data.oireachtas.ie\/ie\/oireachtas\/def\/bill-stage\/5","uri":"https:\/\/data.oireachtas.ie\/ie\/oireachtas\/bill\/2023\/45\/stage\/seanad\/5"}},{"event":{"chamber":{"chamberCode":"dail","showAs":"D\u00e1il \u00c9ireann","uri":"https:\/\/data.oireachtas.ie\/ie\/oireachtas\/def\/house\/dail"},"dates":[{"date":"2024-11-08"},{"date":"2025-05-01"}],"house":{"chamberCode":"dail","chamberType":"house","houseCode":"dail","houseNo":"33","showAs":"33rd D\u00e1il","uri":"https:\/\/data.oireachtas.ie\/ie\/oireachtas\/house\/dail\/33"},"progressStage":6,"showAs":"Second Stage","stageCompleted":false,"stageOutcome":"Current","stageURI":"https:\/\/data.oireachtas.ie\/ie\/oireachtas\/def\/bill-stage\/2","uri":"https:\/\/data.oireachtas.ie\/ie\/oireachtas\/bill\/2023\/45\/stage\/dail\/2"}}],"status":"Current","statusURI":"https:\/\/data.oireachtas.ie\/ie\/oireachtas\/def\/bill-status\/published","uri":"https:\/\/data.oireachtas.ie\/ie\/oireachtas\/bill\/2023\/45","versions":[{"version":{"date":"2023-05-25","docType":"bill","formats":{"pdf":{"uri":"https:\/\/data.oireachtas.ie\/ie\/oireachtas\/bill\/2023\/45\/eng\/initiated\/b4523s.pdf"},"xml":null},"lang":"eng","showAs":"As Initiated","uri":"https:\/\/data.oireachtas.ie\/ie\/oireachtas\/bill\/2023\/45\/eng\/initiated"}}]},"billSort":{"actNoSort":null,"actShortTitleEnSort":null,"actShortTitleGaSort":null,"actYearSort":null,"billNoSort":45,"billShortTitleEnSort":"non-fatal-offences-against-the-person-amendment-spiking-bill-2023","billShortTitleGaSort":"an-bille-um-chionta-neamh-mharfacha-in-aghaidh-an-duine-leasu-spiceail-2023","billYearSort":2023},"contextDate":"2025-05-01"},{"bill":{"act":null,"amendmentLists":[],"billNo":"44","billType":"Public","billTypeURI":"https:\/\/data.oireachtas.ie\/ie\/oireachtas\/def\/bill-type\/public","billYear":"2023","debates":[{"chamber":{"showAs":"D\u00e1il \u00c9ireann","uri":"https:\/\/data.oireachtas.ie\/ie\/oireachtas\/def\/house\/dail"},"date":"2023-05-18","debateSectionId":"dbsect_31","showAs":"Ban Private Jet Aircraft from Irish Airspace Bill 2023: First Stage","uri":"https:\/\/data.oireachtas.ie\/akn\/ie\/debateRecord\/dail\/2023-05-18\/debate\/main"}],"events":[{"event":{"chamber":{"chamberCode":"dail","showAs":"D\u00e1il \u00c9ireann","uri":"https:\/\/data.oireachtas.ie\/ie\/oireachtas\/def\/house\/dail"},"dates":[{"date":"2023-05-10"},{"date":"2023-05-10"},{"date":"2023-05-18"},{"date":"2025-05-01"}],"eventURI":"https:\/\/data.oireachtas.ie\/ie\/oireachtas\/def\/bill-event\/approved-for-initiation","showAs":"Approved for Initiation","uri":"https:\/\/data.oireachtas.ie\/ie\/oireachtas\/bill\/2023\/44\/approved-for-initiation"}},{"event":{"chamber":{"chamberCode":"dail","showAs":"D\u00e1il \u00c9ireann","uri":"https:\/\/data.oireachtas.ie\/ie\/oireachtas\/def\/house\/dail"},"dates":[{"date":"2024-11-08"}],"eventURI":"https:\/\/data.oireachtas.ie\/ie\/oireachtas\/def\/bill-event\/bill-lapsed","showAs":"Bill Lapsed","uri":"https:\/\/data.oireachtas.ie\/ie\/oireachtas\/bill\/2023\/44\/bill-lapsed"}}],"lastUpdated":"2025-05-02T12:08:46.660000+00:00","longTitleEn":"<p>Bill entitled an Act to amend the Irish Aviation Authority Act 1993 to ban the use of private jets in Irish airspace.<\/p>\n","longTitleGa":"<p>Bille d\u00e1 ngairtear Acht do leas\u00fa an Achta um \u00dadar\u00e1s Eitl\u00edochta na h\u00c9ireann, 1993 chun \u00fas\u00e1id scairdeitle\u00e1n pr\u00edobh\u00e1ideach in aersp\u00e1s na h\u00c9ireann a chosc.<\/p>\n","method":"Introduced","methodURI":"https:\/\/data.oireachtas.ie\/ie\/oireachtas\/def\/bill-method\/introduced","mostRecentStage":{"event":{"chamber":{"chamberCode":"dail","showAs":"D\u00e1il \u00c9ireann","uri":"https:\/\/data.oireachtas.ie\/ie\/oireachtas\/def\/house\/dail"},"dates":[{"date":"2024-11-08"},{"date":"2025-05-01"}],"house":{"chamberCode":"dail","chamberType":"house","houseCode":"dail","houseNo":"33","showAs":"33rd D\u00e1il","uri":"https:\/\/data.oireachtas.ie\/ie\/oireachtas\/house\/dail\/33"},"progressStage":2,"showAs":"Second Stage","stageCompleted":false,"stageOutcome":"Current","stageURI":"https:\/\/data.oireachtas.ie\/ie\/oireachtas\/def\/bill-stage\/2","uri":"https:\/\/data.oireachtas.ie\/ie\/oireachtas\/bill\/2023\/44\/stage\/dail\/2"}},"originHouse":{"showAs":"D\u00e1il \u00c9ireann","uri":"https:\/\/data.oireachtas.ie\/ie\/oireachtas\/def\/house\/dail"},"originHouseURI":"https:\/\/data.oireachtas.ie\/ie\/oireachtas\/def\/house\/dail","relatedDocs":[{"relatedDoc":{"date":"2023-05-18","docType":"memo","formats":{"pdf":{"uri":"https:\/\/data.oireachtas.ie\/ie\/oireachtas\/bill\/2023\/44\/eng\/memo\/b4423d-memo.pdf"},"xml":null},"lang":"eng","showAs":"Explanatory Memorandum","uri":"https:\/\/data.oireachtas.ie\/ie\/oireachtas\/bill\/2023\/44\/eng\/memo"}}],"shortTitleEn":"Ban Private Jet Aircraft from Irish Airspace Bill 2023","shortTitleGa":"An Bille um Chosc ar Scaird-Aer\u00e1rtha\u00ed Pr\u00edobh\u00e1ideacha in Aersp\u00e1s na h\u00c9ireann, 2023","source":"Private Member","sourceURI":"https:\/\/data.oireachtas.ie\/ie\/oireachtas\/def\/bill-source\/private-member","sponsors":[{"sponsor":{"as":{"showAs":null,"uri":null},"by":{"showAs":"Paul Murphy","uri":"https:\/\/data.oireachtas.ie\/ie\/oireachtas\/member\/id\/Paul-Murphy.D.2014-10-10"},"isPrimary":true}},{"sponsor":{"as":{"showAs":null,"uri":null},"by":{"showAs":"Mick Barry","uri":"https:\/\/data.oireachtas.ie\/ie\/oireachtas\/member\/id\/Mick-Barry.D.2016-10-03"},"isPrimary":false}},{"sponsor":{"as":{"showAs":null,"uri":null},"by":{"showAs":"Richard Boyd Barrett","uri":"https:\/\/data.oireachtas.ie\/ie\/oireachtas\/member\/id\/Richard-Boyd-Barrett.D.2011-03-09"},"isPrimary":false}},{"sponsor":{"as":{"showAs":null,"uri":null},"by":{"showAs":"Br\u00edd Smith","uri":"https:\/\/data.oireachtas.ie\/ie\/oireachtas\/member\/id\/Br\u00edd-Smith.D.2016-10-03"},"isPrimary":false}},{"sponsor":{"as":{"showAs":null,"uri":null},"by":{"showAs":"Gino Kenny","uri":"https:\/\/data.oireachtas.ie\/ie\/oireachtas\/member\/id\/Gino-Kenny.D.2016-10-03"},"isPrimary":false}}],"stages":[{"event":{"chamber":{"chamberCode":"dail","showAs":"D\u00e1il \u00c9ireann","uri":"https:\/\/data.oireachtas.ie\/ie\/oireachtas\/def\/house\/dail"},"dates":[{"date":"2023-05-10"},{"date":"2023-05-10"},{"date":"2023-05-18"},{"date":"2023-05-18"}],"house":{"chamberCode":"dail","chamberType":"house","houseCode":"dail","houseNo":"33","showAs":"33rd D\u00e1il","uri":"https:\/\/data.oireachtas.ie\/ie\/oireachtas\/house\/dail\/33"},"progressStage":1,"showAs":"First Stage","stageCompleted":true,"stageOutcome":null,"stageURI":"https:\/\/data.oireachtas.ie\/ie\/oireachtas\/def\/bill-stage\/1","uri":"https:\/\/data.oireachtas.ie\/ie\/oireachtas\/bill\/2023\/44\/stage\/dail\/1"}},{"event":{"chamber":{"chamberCode":"dail","showAs":"D\u00e1il \u00c9ireann","uri":"https:\/\/data.oireachtas.ie\/ie\/oireachtas\/def\/house\/dail"},"dates":[{"date":"2024-11-08"},{"date":"2025-05-01"}],"house":{"chamberCode":"dail","chamberType":"house","houseCode":"dail","houseNo":"33","showAs":"33rd D\u00e1il","uri":"https:\/\/data.oireachtas.ie\/ie\/oireachtas\/house\/dail\/33"},"progressStage":2,"showAs":"Second Stage","stageCompleted":false,"stageOutcome":"Current","stageURI":"https:\/\/data.oireachtas.ie\/ie\/oireachtas\/def\/bill-stage\/2","uri":"https:\/\/data.oireachtas.ie\/ie\/oireachtas\/bill\/2023\/44\/stage\/dail\/2"}}],"status":"Current","statusURI":"https:\/\/data.oireachtas.ie\/ie\/oireachtas\/def\/bill-status\/published","uri":"https:\/\/data.oireachtas.ie\/ie\/oireachtas\/bill\/2023\/44","versions":[{"version":{"date":"2023-05-18","docType":"bill","formats":{"pdf":{"uri":"https:\/\/data.oireachtas.ie\/ie\/oireachtas\/bill\/2023\/44\/eng\/initiated\/b4423d.pdf"},"xml":null},"lang":"eng","showAs":"As Initiated","uri":"https:\/\/data.oireachtas.ie\/ie\/oireachtas\/bill\/2023\/44\/eng\/initiated"}}]},"billSort":{"actNoSort":null,"actShortTitleEnSort":null,"actShortTitleGaSort":null,"actYearSort":null,"billNoSort":44,"billShortTitleEnSort":"ban-private-jet-aircraft-from-irish-airspace-bill-2023","billShortTitleGaSort":"an-bille-um-chosc-ar-scaird-aerarthai-priobhaideacha-in-aerspas-na-heireann-2023","billYearSort":2023},"contextDate":"2025-05-01"},{"bill":{"act":null,"amendmentLists":[],"billNo":"42","billType":"Public","billTypeURI":"https:\/\/data.oireachtas.ie\/ie\/oireachtas\/def\/bill-type\/public","billYear":"2023","debates":[{"chamber":{"showAs":"Seanad \u00c9ireann","uri":"https:\/\/data.oireachtas.ie\/ie\/oireachtas\/def\/house\/seanad"},"date":"2023-05-16","debateSectionId":"dbsect_27","showAs":"Climate Action and Biodiversity (Mandates of Certain Organisations) Bill 2023: Second Stage","uri":"https:\/\/data.oireachtas.ie\/akn\/ie\/debateRecord\/seanad\/2023-05-16\/debate\/main"},{"chamber":{"showAs":"Seanad \u00c9ireann","uri":"https:\/\/data.oireachtas.ie\/ie\/oireachtas\/def\/house\/seanad"},"date":"2023-05-11","debateSectionId":"dbsect_10","showAs":"Climate Action and Biodiversity (Mandates of Certain Organisations) Bill 2023: First Stage","uri":"https:\/\/data.oireachtas.ie\/akn\/ie\/debateRecord\/seanad\/2023-05-11\/debate\/main"}],"events":[{"event":{"chamber":{"chamberCode":"seanad","showAs":"Seanad \u00c9ireann","uri":"https:\/\/data.oireachtas.ie\/ie\/oireachtas\/def\/house\/seanad"},"dates":[{"date":"2023-05-09"},{"date":"2023-05-10"},{"date":"2023-05-11"},{"date":"2025-03-04"}],"eventURI":"https:\/\/data.oireachtas.ie\/ie\/oireachtas\/def\/bill-event\/admissibility-for-introduction","showAs":"Admissibility for Introduction","uri":"https:\/\/data.oireachtas.ie\/ie\/oireachtas\/bill\/2023\/42\/admissibility-for-introduction"}},{"event":{"chamber":{"chamberCode":"seanad","showAs":"Seanad \u00c9ireann","uri":"https:\/\/data.oireachtas.ie\/ie\/oireachtas\/def\/house\/seanad"},"dates":[{"date":"2025-01-29"}],"eventURI":"https:\/\/data.oireachtas.ie\/ie\/oireachtas\/def\/bill-event\/bill-lapsed","showAs":"Bill Lapsed","uri":"https:\/\/data.oireachtas.ie\/ie\/oireachtas\/bill\/2023\/42\/bill-lapsed"}}],"lastUpdated":"2025-03-05T09:52:20.400000+00:00","longTitleEn":"<p>Bill entitled an Act to amend the Turf Development Act 1946 and the Forestry Act 1988 in order to reflect obligations regarding climate action and the protection and enhancement of biodiversity in the mandate and functions of the organisations established under those Acts.<\/p>\n","longTitleGa":"<p>Bille d\u00e1 ngairtear Acht do leas\u00fa an Achta Forbartha M\u00f3na, 1946 agus an Achta Foraoiseachta, 1988 d\u2019fhonn oibleag\u00e1id\u00ed, maidir le gn\u00edomh\u00fa ar son na haer\u00e1ide agus maidir leis an mbith\u00e9ags\u00falacht a chosaint agus a fheabhs\u00fa, a l\u00e9iri\u00fa i mand\u00e1id agus i bhfeidhmeanna na n-eagra\u00edochta\u00ed a buna\u00edodh faoi na hAchtanna sin.<\/p>\n","method":"Introduced","methodURI":"https:\/\/data.oireachtas.ie\/ie\/oireachtas\/def\/bill-method\/introduced","mostRecentStage":{"event":{"chamber":{"chamberCode":"seanad","showAs":"Seanad \u00c9ireann","uri":"https:\/\/data.oireachtas.ie\/ie\/oireachtas\/def\/house\/seanad"},"dates":[{"date":"2025-01-29"},{"date":"2025-03-04"}],"house":{"chamberCode":"seanad","chamberType":"house","houseCode":"seanad","houseNo":"27","showAs":"27th Seanad","uri":"https:\/\/data.oireachtas.ie\/ie\/oireachtas\/house\/seanad\/27"},"progressStage":3,"showAs":"Committee Stage","stageCompleted":false,"stageOutcome":"Current","stageURI":"https:\/\/data.oireachtas.ie\/ie\/oireachtas\/def\/bill-stage\/3","uri":"https:\/\/data.oireachtas.ie\/ie\/oireachtas\/bill\/2023\/42\/stage\/seanad\/3"}},"originHouse":{"showAs":"Seanad \u00c9ireann","uri":"https:\/\/data.oireachtas.ie\/ie\/oireachtas\/def\/house\/seanad"},"originHouseURI":"https:\/\/data.oireachtas.ie\/ie\/oireachtas\/def\/house\/seanad","relatedDocs":[],"shortTitleEn":"Climate Action and Biodiversity (Mandates of Certain Organisations) Bill 2023","shortTitleGa":"An Bille um Ghn\u00edomh\u00fa Aer\u00e1ide agus um Bith\u00e9ags\u00falacht (Mand\u00e1id\u00ed Eagra\u00edochta\u00ed \u00c1irithe), 2023","source":"Private Member","sourceURI":"https:\/\/data.oireachtas.ie\/ie\/oireachtas\/def\/bill-source\/private-member","sponsors":[{"sponsor":{"as":{"showAs":null,"uri":null},"by":{"showAs":"Alice-Mary Higgins","uri":"https:\/\/data.oireachtas.ie\/ie\/oireachtas\/member\/id\/Alice-Mary-Higgins.S.2016-04-25"},"isPrimary":true}},{"sponsor":{"as":{"showAs":null,"uri":null},"by":{"showAs":"Lynn Ruane","uri":"https:\/\/data.oireachtas.ie\/ie\/oireachtas\/member\/id\/Lynn-Ruane.S.2016-04-25"},"isPrimary":false}},{"sponsor":{"as":{"showAs":null,"uri":null},"by":{"showAs":"Frances Black","uri":"https:\/\/data.oireachtas.ie\/ie\/oireachtas\/member\/id\/Frances-Black.S.2016-04-25"},"isPrimary":false}},{"sponsor":{"as":{"showAs":null,"uri":null},"by":{"showAs":"Eileen Flynn","uri":"https:\/\/data.oireachtas.ie\/ie\/oireachtas\/member\/id\/Eileen-Flynn.S.2020-06-29"},"isPrimary":false}}],"stages":[{"event":{"chamber":{"chamberCode":"seanad","showAs":"Seanad \u00c9ireann","uri":"https:\/\/data.oireachtas.ie\/ie\/oireachtas\/def\/house\/seanad"},"dates":[{"date":"2023-05-09"},{"date":"2023-05-10"},{"date":"2023-05-11"},{"date":"2023-05-11"}],"house":{"chamberCode":"seanad","chamberType":"house","houseCode":"seanad","houseNo":"26","showAs":"26th Seanad","uri":"https:\/\/data.oireachtas.ie\/ie\/oireachtas\/house\/seanad\/26"},"progressStage":1,"showAs":"First Stage","stageCompleted":true,"stageOutcome":null,"stageURI":"https:\/\/data.oireachtas.ie\/ie\/oireachtas\/def\/bill-stage\/1","uri":"https:\/\/data.oireachtas.ie\/ie\/oireachtas\/bill\/2023\/42\/stage\/seanad\/1"}},{"event":{"chamber":{"chamberCode":"seanad","showAs":"Seanad \u00c9ireann","uri":"https:\/\/data.oireachtas.ie\/ie\/oireachtas\/def\/house\/seanad"},"dates":[{"date":"2023-05-11"}],"house":{"chamberCode":"seanad","chamberType":"house","houseCode":"seanad","houseNo":"26","showAs":"26th Seanad","uri":"https:\/\/data.oireachtas.ie\/ie\/oireachtas\/house\/seanad\/26"},"progressStage":2,"showAs":"Second Stage","stageCompleted":true,"stageOutcome":null,"stageURI":"https:\/\/data.oireachtas.ie\/ie\/oireachtas\/def\/bill-stage\/2","uri":"https:\/\/data.oireachtas.ie\/ie\/oireachtas\/bill\/2023\/42\/stage\/seanad\/2"}},{"event":{"chamber":{"chamberCode":"seanad","showAs":"Seanad \u00c9ireann","uri":"https:\/\/data.oireachtas.ie\/ie\/oireachtas\/def\/house\/seanad"},"dates":[{"date":"2025-01-29"},{"date":"2025-03-04"}],"house":{"chamberCode":"seanad","chamberType":"house","houseCode":"seanad","houseNo":"27","showAs":"27th Seanad","uri":"https:\/\/data.oireachtas.ie\/ie\/oireachtas\/house\/seanad\/27"},"progressStage":3,"showAs":"Committee Stage","stageCompleted":false,"stageOutcome":"Current","stageURI":"https:\/\/data.oireachtas.ie\/ie\/oireachtas\/def\/bill-stage\/3","uri":"https:\/\/data.oireachtas.ie\/ie\/oireachtas\/bill\/2023\/42\/stage\/seanad\/3"}}],"status":"Current","statusURI":"https:\/\/data.oireachtas.ie\/ie\/oireachtas\/def\/bill-status\/published","uri":"https:\/\/data.oireachtas.ie\/ie\/oireachtas\/bill\/2023\/42","versions":[{"version":{"date":"2023-05-11","docType":"bill","formats":{"pdf":{"uri":"https:\/\/data.oireachtas.ie\/ie\/oireachtas\/bill\/2023\/42\/eng\/initiated\/b4223s.pdf"},"xml":null},"lang":"eng","showAs":"As Initiated","uri":"https:\/\/data.oireachtas.ie\/ie\/oireachtas\/bill\/2023\/42\/eng\/initiated"}}]},"billSort":{"actNoSort":null,"actShortTitleEnSort":null,"actShortTitleGaSort":null,"actYearSort":null,"billNoSort":42,"billShortTitleEnSort":"climate-action-and-biodiversity-mandates-of-certain-organisations-bill-2023","billShortTitleGaSort":"an-bille-um-ghniomhu-aeraide-agus-um-bitheagsulacht-mandaidi-eagraiochtai-airithe-2023","billYearSort":2023},"contextDate":"2025-03-04"},{"bill":{"act":null,"amendmentLists":[],"billNo":"39","billType":"Public","billTypeURI":"https:\/\/data.oireachtas.ie\/ie\/oireachtas\/def\/bill-type\/public","billYear":"2023","debates":[{"chamber":{"showAs":"D\u00e1il \u00c9ireann","uri":"https:\/\/data.oireachtas.ie\/ie\/oireachtas\/def\/house\/dail"},"date":"2023-05-03","debateSectionId":"dbsect_5","showAs":"Urban Tree Protection and Sites Locally Important for Ecology Bill 2023: First Stage","uri":"https:\/\/data.oireachtas.ie\/akn\/ie\/debateRecord\/dail\/2023-05-03\/debate\/main"}],"events":[{"event":{"chamber":{"chamberCode":"dail","showAs":"D\u00e1il \u00c9ireann","uri":"https:\/\/data.oireachtas.ie\/ie\/oireachtas\/def\/house\/dail"},"dates":[{"date":"2023-04-17"},{"date":"2023-04-18"},{"date":"2023-05-03"},{"date":"2025-05-01"}],"eventURI":"https:\/\/data.oireachtas.ie\/ie\/oireachtas\/def\/bill-event\/admissibility-for-introduction","showAs":"Admissibility for Introduction","uri":"https:\/\/data.oireachtas.ie\/ie\/oireachtas\/bill\/2023\/39\/admissibility-for-introduction"}},{"event":{"chamber":{"chamberCode":"dail","showAs":"D\u00e1il \u00c9ireann","uri":"https:\/\/data.oireachtas.ie\/ie\/oireachtas\/def\/house\/dail"},"dates":[{"date":"2024-11-08"}],"eventURI":"https:\/\/data.oireachtas.ie\/ie\/oireachtas\/def\/bill-event\/bill-lapsed","showAs":"Bill Lapsed","uri":"https:\/\/data.oireachtas.ie\/ie\/oireachtas\/bill\/2023\/39\/bill-lapsed"}}],"lastUpdated":"2025-05-02T13:48:48.710000+00:00","longTitleEn":"<p>Bill entitled an Act to establish a new designation for the protection of nature sites, the Sites Locally Important for Ecology Order, to improve protection for trees under the existing Tree Preservation Order, including prioritising preservation, lopping, and trimming; to provide for local authorities to maintain a public register of Sites Locally Important for Ecology and Tree Preservation Orders; to provide for an appeals process for when the decision regarding a Tree Preservation Order or a Site Locally Important for Ecology Order has been made; and to provide for the replacement of trees that have been cut down.<\/p>\n","longTitleGa":"<p>Bille d\u00e1 ngairtear Acht do bhun\u00fa sainainmni\u00fach\u00e1n nua le haghaidh l\u00e1ithre\u00e1in d\u00falra a chosaint, arb \u00e9 an tOrd\u00fa um L\u00e1ithre\u00e1in a bhfuil T\u00e1bhacht \u00c1iti\u00fail leo don \u00c9iceola\u00edocht \u00e9, chun an chosaint a thugtar do chrainn faoin Ord\u00fa Sl\u00e1nchoime\u00e1dta Crann l\u00e1ithreach a fheabhs\u00fa, lena n-\u00e1ir\u00edtear tosa\u00edocht a thabhairt do shl\u00e1nchoime\u00e1d, g\u00e9agscoitheadh agus bearradh; do dh\u00e9anamh socr\u00fa maidir le h\u00fadar\u00e1is \u00e1iti\u00fala do chothabh\u00e1il cl\u00e1r poibl\u00ed d\u2019Orduithe um L\u00e1ithre\u00e1in a bhfuil T\u00e1bhacht \u00c1iti\u00fail leo don \u00c9iceola\u00edocht agus d\u2019Orduithe Sl\u00e1nchoime\u00e1dta Crann; do dh\u00e9anamh socr\u00fa maidir le pr\u00f3iseas achomhairc don uair a bheidh an bhreith tugtha maidir le hOrd\u00fa Sl\u00e1nchoime\u00e1dta Crann n\u00f3 maidir le hOrd\u00fa um L\u00e1ithre\u00e1in a bhfuil T\u00e1bhacht \u00c1iti\u00fail leo don \u00c9iceola\u00edocht; agus do dh\u00e9anamh socr\u00fa maidir le crainn a gearradh anuas a athshol\u00e1thar.<\/p>\n","method":"Introduced","methodURI":"https:\/\/data.oireachtas.ie\/ie\/oireachtas\/def\/bill-method\/introduced","mostRecentStage":{"event":{"chamber":{"chamberCode":"dail","showAs":"D\u00e1il \u00c9ireann","uri":"https:\/\/data.oireachtas.ie\/ie\/oireachtas\/def\/house\/dail"},"dates":[{"date":"2024-11-08"},{"date":"2025-05-01"}],"house":{"chamberCode":"dail","chamberType":"house","houseCode":"dail","houseNo":"33","showAs":"33rd D\u00e1il","uri":"https:\/\/data.oireachtas.ie\/ie\/oireachtas\/house\/dail\/33"},"progressStage":2,"showAs":"Second Stage","stageCompleted":false,"stageOutcome":"Current","stageURI":"https:\/\/data.oireachtas.ie\/ie\/oireachtas\/def\/bill-stage\/2","uri":"https:\/\/data.oireachtas.ie\/ie\/oireachtas\/bill\/2023\/39\/stage\/dail\/2"}},"originHouse":{"showAs":"D\u00e1il \u00c9ireann","uri":"https:\/\/data.oireachtas.ie\/ie\/oireachtas\/def\/house\/dail"},"originHouseURI":"https:\/\/data.oireachtas.ie\/ie\/oireachtas\/def\/house\/dail","relatedDocs":[{"relatedDoc":{"date":"2023-05-03","docType":"memo","formats":{"pdf":{"uri":"https:\/\/data.oireachtas.ie\/ie\/oireachtas\/bill\/2023\/39\/eng\/memo\/b3923d-memo.pdf"},"xml":null},"lang":"eng","showAs":"Explanatory Memorandum","uri":"https:\/\/data.oireachtas.ie\/ie\/oireachtas\/bill\/2023\/39\/eng\/memo"}}],"shortTitleEn":"Urban Tree Protection and Sites Locally Important for Ecology Bill 2023","shortTitleGa":"An Bille um Chrainn Uirbeacha a Chosaint agus um L\u00e1ithre\u00e1in a bhfuil T\u00e1bhacht \u00c1iti\u00fail leo don \u00c9iceola\u00edocht, 2023 ","source":"Private Member","sourceURI":"https:\/\/data.oireachtas.ie\/ie\/oireachtas\/def\/bill-source\/private-member","sponsors":[{"sponsor":{"as":{"showAs":null,"uri":null},"by":{"showAs":"Steven Matthews","uri":"https:\/\/data.oireachtas.ie\/ie\/oireachtas\/member\/id\/Steven-Matthews.D.2020-02-08"},"isPrimary":true}}],"stages":[{"event":{"chamber":{"chamberCode":"dail","showAs":"D\u00e1il \u00c9ireann","uri":"https:\/\/data.oireachtas.ie\/ie\/oireachtas\/def\/house\/dail"},"dates":[{"date":"2023-04-17"},{"date":"2023-04-18"},{"date":"2023-05-03"},{"date":"2023-05-03"}],"house":{"chamberCode":"dail","chamberType":"house","houseCode":"dail","houseNo":"33","showAs":"33rd D\u00e1il","uri":"https:\/\/data.oireachtas.ie\/ie\/oireachtas\/house\/dail\/33"},"progressStage":1,"showAs":"First Stage","stageCompleted":true,"stageOutcome":null,"stageURI":"https:\/\/data.oireachtas.ie\/ie\/oireachtas\/def\/bill-stage\/1","uri":"https:\/\/data.oireachtas.ie\/ie\/oireachtas\/bill\/2023\/39\/stage\/dail\/1"}},{"event":{"chamber":{"chamberCode":"dail","showAs":"D\u00e1il \u00c9ireann","uri":"https:\/\/data.oireachtas.ie\/ie\/oireachtas\/def\/house\/dail"},"dates":[{"date":"2024-11-08"},{"date":"2025-05-01"}],"house":{"chamberCode":"dail","chamberType":"house","houseCode":"dail","houseNo":"33","showAs":"33rd D\u00e1il","uri":"https:\/\/data.oireachtas.ie\/ie\/oireachtas\/house\/dail\/33"},"progressStage":2,"showAs":"Second Stage","stageCompleted":false,"stageOutcome":"Current","stageURI":"https:\/\/data.oireachtas.ie\/ie\/oireachtas\/def\/bill-stage\/2","uri":"https:\/\/data.oireachtas.ie\/ie\/oireachtas\/bill\/2023\/39\/stage\/dail\/2"}}],"status":"Current","statusURI":"https:\/\/data.oireachtas.ie\/ie\/oireachtas\/def\/bill-status\/published","uri":"https:\/\/data.oireachtas.ie\/ie\/oireachtas\/bill\/2023\/39","versions":[{"version":{"date":"2023-05-03","docType":"bill","formats":{"pdf":{"uri":"https:\/\/data.oireachtas.ie\/ie\/oireachtas\/bill\/2023\/39\/eng\/initiated\/b3923d.pdf"},"xml":null},"lang":"eng","showAs":"As Initiated","uri":"https:\/\/data.oireachtas.ie\/ie\/oireachtas\/bill\/2023\/39\/eng\/initiated"}}]},"billSort":{"actNoSort":null,"actShortTitleEnSort":null,"actShortTitleGaSort":null,"actYearSort":null,"billNoSort":39,"billShortTitleEnSort":"urban-tree-protection-and-sites-locally-important-for-ecology-bill-2023","billShortTitleGaSort":"an-bille-um-chrainn-uirbeacha-a-chosaint-agus-um-laithreain-a-bhfuil-tabhacht-aitiuil-leo-don-eiceolaiocht-2023","billYearSort":2023},"contextDate":"2025-05-01"},{"bill":{"act":null,"amendmentLists":[],"billNo":"37","billType":"Public","billTypeURI":"https:\/\/data.oireachtas.ie\/ie\/oireachtas\/def\/bill-type\/public","billYear":"2023","debates":[{"chamber":{"showAs":"Seanad \u00c9ireann","uri":"https:\/\/data.oireachtas.ie\/ie\/oireachtas\/def\/house\/seanad"},"date":"2023-05-03","debateSectionId":"dbsect_17","showAs":"National Minimum Wage (Inclusion of Apprentices) Bill 2023: Order for Second Stage","uri":"https:\/\/data.oireachtas.ie\/akn\/ie\/debateRecord\/seanad\/2023-05-03\/debate\/main"},{"chamber":{"showAs":"Seanad \u00c9ireann","uri":"https:\/\/data.oireachtas.ie\/ie\/oireachtas\/def\/house\/seanad"},"date":"2023-05-03","debateSectionId":"dbsect_18","showAs":"National Minimum Wage (Inclusion of Apprentices) Bill 2023: Second Stage","uri":"https:\/\/data.oireachtas.ie\/akn\/ie\/debateRecord\/seanad\/2023-05-03\/debate\/main"}],"events":[{"event":{"chamber":{"chamberCode":"seanad","showAs":"Seanad \u00c9ireann","uri":"https:\/\/data.oireachtas.ie\/ie\/oireachtas\/def\/house\/seanad"},"dates":[{"date":"2023-04-27"},{"date":"2023-05-02"}],"eventURI":"https:\/\/data.oireachtas.ie\/ie\/oireachtas\/def\/bill-event\/admissibility-for-introduction","showAs":"Admissibility for Introduction","uri":"https:\/\/data.oireachtas.ie\/ie\/oireachtas\/bill\/2023\/37\/admissibility-for-introduction"}},{"event":{"chamber":{"chamberCode":"seanad","showAs":"Seanad \u00c9ireann","uri":"https:\/\/data.oireachtas.ie\/ie\/oireachtas\/def\/house\/seanad"},"dates":[{"date":"2025-01-29"}],"eventURI":"https:\/\/data.oireachtas.ie\/ie\/oireachtas\/def\/bill-event\/bill-lapsed","showAs":"Bill Lapsed","uri":"https:\/\/data.oireachtas.ie\/ie\/oireachtas\/bill\/2023\/37\/bill-lapsed"}}],"lastUpdated":"2025-01-30T11:17:37.160000+00:00","longTitleEn":"<p>Bill entitled an Act to provide for the inclusion of apprentices within the application of the National Minimum Wage Acts 2000 and 2015; for that purpose to amend the National Minimum Wage Act 2000; and to provide for related matters.<\/p>\n","longTitleGa":"<p>Bille d\u00e1 ngairtear Acht do dh\u00e9anamh socr\u00fa maidir le print\u00edsigh a \u00e1ireamh laistigh d\u2019fheidhm na nAchtanna um P\u00e1 \u00cdosta N\u00e1isi\u00fanta, 2000 agus 2015; chun na cr\u00edche sin, do leas\u00fa an Achta um P\u00e1 \u00cdosta N\u00e1isi\u00fanta, 2000; agus do dh\u00e9anamh socr\u00fa i dtaobh nithe gaolmhara.<\/p>\n","method":"Presented","methodURI":"https:\/\/data.oireachtas.ie\/ie\/oireachtas\/def\/bill-method\/presented","mostRecentStage":{"event":{"chamber":{"chamberCode":"seanad","showAs":"Seanad \u00c9ireann","uri":"https:\/\/data.oireachtas.ie\/ie\/oireachtas\/def\/house\/seanad"},"dates":[{"date":"2023-05-02"}],"house":{"chamberCode":"seanad","chamberType":"house","houseCode":"seanad","houseNo":"26","showAs":"26th Seanad","uri":"https:\/\/data.oireachtas.ie\/ie\/oireachtas\/house\/seanad\/26"},"progressStage":2,"showAs":"Second Stage","stageCompleted":true,"stageOutcome":null,"stageURI":"https:\/\/data.oireachtas.ie\/ie\/oireachtas\/def\/bill-stage\/2","uri":"https:\/\/data.oireachtas.ie\/ie\/oireachtas\/bill\/2023\/37\/stage\/seanad\/2"}},"originHouse":{"showAs":"Seanad \u00c9ireann","uri":"https:\/\/data.oireachtas.ie\/ie\/oireachtas\/def\/house\/seanad"},"originHouseURI":"https:\/\/data.oireachtas.ie\/ie\/oireachtas\/def\/house\/seanad","relatedDocs":[],"shortTitleEn":"National Minimum Wage (Inclusion of Apprentices) Bill 2023","shortTitleGa":"An Bille um P\u00e1 \u00cdosta N\u00e1isi\u00fanta (Print\u00edsigh a \u00c1ireamh), 2023","source":"Private Member","sourceURI":"https:\/\/data.oireachtas.ie\/ie\/oireachtas\/def\/bill-source\/private-member","sponsors":[{"sponsor":{"as":{"showAs":null,"uri":null},"by":{"showAs":"Marie Sherlock","uri":"https:\/\/data.oireachtas.ie\/ie\/oireachtas\/member\/id\/Marie-Sherlock.S.2020-03-30"},"isPrimary":true}},{"sponsor":{"as":{"showAs":null,"uri":null},"by":{"showAs":"Mark Wall","uri":"https:\/\/data.oireachtas.ie\/ie\/oireachtas\/member\/id\/Mark-Wall.S.2020-03-30"},"isPrimary":false}},{"sponsor":{"as":{"showAs":null,"uri":null},"by":{"showAs":"Annie Hoey","uri":"https:\/\/data.oireachtas.ie\/ie\/oireachtas\/member\/id\/Annie-Hoey.S.2020-03-30"},"isPrimary":false}},{"sponsor":{"as":{"showAs":null,"uri":null},"by":{"showAs":"Rebecca Moynihan","uri":"https:\/\/data.oireachtas.ie\/ie\/oireachtas\/member\/id\/Rebecca-Moynihan.S.2020-03-30"},"isPrimary":false}}],"stages":[{"event":{"chamber":{"chamberCode":"seanad","showAs":"Seanad \u00c9ireann","uri":"https:\/\/data.oireachtas.ie\/ie\/oireachtas\/def\/house\/seanad"},"dates":[{"date":"2023-04-27"},{"date":"2023-05-02"},{"date":"2023-05-02"}],"house":{"chamberCode":"seanad","chamberType":"house","houseCode":"seanad","houseNo":"26","showAs":"26th Seanad","uri":"https:\/\/data.oireachtas.ie\/ie\/oireachtas\/house\/seanad\/26"},"progressStage":1,"showAs":"First Stage","stageCompleted":true,"stageOutcome":null,"stageURI":"https:\/\/data.oireachtas.ie\/ie\/oireachtas\/def\/bill-stage\/1","uri":"https:\/\/data.oireachtas.ie\/ie\/oireachtas\/bill\/2023\/37\/stage\/seanad\/1"}},{"event":{"chamber":{"chamberCode":"seanad","showAs":"Seanad \u00c9ireann","uri":"https:\/\/data.oireachtas.ie\/ie\/oireachtas\/def\/house\/seanad"},"dates":[{"date":"2023-05-02"}],"house":{"chamberCode":"seanad","chamberType":"house","houseCode":"seanad","houseNo":"26","showAs":"26th Seanad","uri":"https:\/\/data.oireachtas.ie\/ie\/oireachtas\/house\/seanad\/26"},"progressStage":2,"showAs":"Second Stage","stageCompleted":true,"stageOutcome":null,"stageURI":"https:\/\/data.oireachtas.ie\/ie\/oireachtas\/def\/bill-stage\/2","uri":"https:\/\/data.oireachtas.ie\/ie\/oireachtas\/bill\/2023\/37\/stage\/seanad\/2"}}],"status":"Lapsed","statusURI":"https:\/\/data.oireachtas.ie\/ie\/oireachtas\/def\/bill-status\/lapsed","uri":"https:\/\/data.oireachtas.ie\/ie\/oireachtas\/bill\/2023\/37","versions":[{"version":{"date":"2023-05-02","docType":"bill","formats":{"pdf":{"uri":"https:\/\/data.oireachtas.ie\/ie\/oireachtas\/bill\/2023\/37\/eng\/initiated\/b3723s.pdf"},"xml":null},"lang":"eng","showAs":"As Initiated","uri":"https:\/\/data.oireachtas.ie\/ie\/oireachtas\/bill\/2023\/37\/eng\/initiated"}}]},"billSort":{"actNoSort":null,"actShortTitleEnSort":null,"actShortTitleGaSort":null,"actYearSort":null,"billNoSort":37,"billShortTitleEnSort":"national-minimum-wage-inclusion-of-apprentices-bill-2023","billShortTitleGaSort":"an-bille-um-pa-iosta-naisiunta-printisigh-a-aireamh-2023","billYearSort":2023},"contextDate":"2023-05-02"},{"bill":{"act":null,"amendmentLists":[],"billNo":"36","billType":"Public","billTypeURI":"https:\/\/data.oireachtas.ie\/ie\/oireachtas\/def\/bill-type\/public","billYear":"2023","debates":[{"chamber":{"showAs":"D\u00e1il \u00c9ireann","uri":"https:\/\/data.oireachtas.ie\/ie\/oireachtas\/def\/house\/dail"},"date":"2023-04-25","debateSectionId":"dbsect_9","showAs":"Legal Aid (Amendment) Bill 2023: First Stage","uri":"https:\/\/data.oireachtas.ie\/akn\/ie\/debateRecord\/dail\/2023-04-25\/debate\/main"}],"events":[{"event":{"chamber":{"chamberCode":"dail","showAs":"D\u00e1il \u00c9ireann","uri":"https:\/\/data.oireachtas.ie\/ie\/oireachtas\/def\/house\/dail"},"dates":[{"date":"2023-04-25"},{"date":"2023-04-25"},{"date":"2023-04-25"},{"date":"2025-05-01"}],"eventURI":"https:\/\/data.oireachtas.ie\/ie\/oireachtas\/def\/bill-event\/admissibility-for-introduction","showAs":"Admissibility for Introduction","uri":"https:\/\/data.oireachtas.ie\/ie\/oireachtas\/bill\/2023\/36\/admissibility-for-introduction"}},{"event":{"chamber":{"chamberCode":"dail","showAs":"D\u00e1il \u00c9ireann","uri":"https:\/\/data.oireachtas.ie\/ie\/oireachtas\/def\/house\/dail"},"dates":[{"date":"2024-11-08"}],"eventURI":"https:\/\/data.oireachtas.ie\/ie\/oireachtas\/def\/bill-event\/bill-lapsed","showAs":"Bill Lapsed","uri":"https:\/\/data.oireachtas.ie\/ie\/oireachtas\/bill\/2023\/36\/bill-lapsed"}}],"lastUpdated":"2025-05-02T11:39:34.670000+00:00","longTitleEn":"<p>Bill entitled an Act to amend the Civil Legal Aid Act 1995, and to provide for a more effective legal aid system.<\/p>\n","longTitleGa":"<p>Bille d\u00e1 ngairtear Acht do leas\u00fa an Achta um Ch\u00fanamh Dl\u00edthi\u00fail Sibhialta, 1995, agus do dh\u00e9anamh socr\u00fa maidir le c\u00f3ras c\u00fanaimh dhl\u00edthi\u00fail n\u00edos \u00e9ifeachta\u00ed.<\/p>\n","method":"Introduced","methodURI":"https:\/\/data.oireachtas.ie\/ie\/oireachtas\/def\/bill-method\/introduced","mostRecentStage":{"event":{"chamber":{"chamberCode":"dail","showAs":"D\u00e1il \u00c9ireann","uri":"https:\/\/data.oireachtas.ie\/ie\/oireachtas\/def\/house\/dail"},"dates":[{"date":"2024-11-08"},{"date":"2025-05-01"}],"house":{"chamberCode":"dail","chamberType":"house","houseCode":"dail","houseNo":"33","showAs":"33rd D\u00e1il","uri":"https:\/\/data.oireachtas.ie\/ie\/oireachtas\/house\/dail\/33"},"progressStage":2,"showAs":"Second Stage","stageCompleted":false,"stageOutcome":"Current","stageURI":"https:\/\/data.oireachtas.ie\/ie\/oireachtas\/def\/bill-stage\/2","uri":"https:\/\/data.oireachtas.ie\/ie\/oireachtas\/bill\/2023\/36\/stage\/dail\/2"}},"originHouse":{"showAs":"D\u00e1il \u00c9ireann","uri":"https:\/\/data.oireachtas.ie\/ie\/oireachtas\/def\/house\/dail"},"originHouseURI":"https:\/\/data.oireachtas.ie\/ie\/oireachtas\/def\/house\/dail","relatedDocs":[{"relatedDoc":{"date":"2023-04-25","docType":"memo","formats":{"pdf":{"uri":"https:\/\/data.oireachtas.ie\/ie\/oireachtas\/bill\/2023\/36\/eng\/memo\/b3623d-memo.pdf"},"xml":null},"lang":"eng","showAs":"Explanatory Memorandum","uri":"https:\/\/data.oireachtas.ie\/ie\/oireachtas\/bill\/2023\/36\/eng\/memo"}}],"shortTitleEn":"Legal Aid (Amendment) Bill 2023","shortTitleGa":"An Bille um Ch\u00fanamh Dl\u00edthi\u00fail (Leas\u00fa), 2023","source":"Private Member","sourceURI":"https:\/\/data.oireachtas.ie\/ie\/oireachtas\/def\/bill-source\/private-member","sponsors":[{"sponsor":{"as":{"showAs":null,"uri":null},"by":{"showAs":"Patrick Costello","uri":"https:\/\/data.oireachtas.ie\/ie\/oireachtas\/member\/id\/Patrick-Costello.D.2020-02-08"},"isPrimary":true}}],"stages":[{"event":{"chamber":{"chamberCode":"dail","showAs":"D\u00e1il \u00c9ireann","uri":"https:\/\/data.oireachtas.ie\/ie\/oireachtas\/def\/house\/dail"},"dates":[{"date":"2023-04-25"},{"date":"2023-04-25"},{"date":"2023-04-25"},{"date":"2023-04-25"}],"house":{"chamberCode":"dail","chamberType":"house","houseCode":"dail","houseNo":"33","showAs":"33rd D\u00e1il","uri":"https:\/\/data.oireachtas.ie\/ie\/oireachtas\/house\/dail\/33"},"progressStage":1,"showAs":"First Stage","stageCompleted":true,"stageOutcome":null,"stageURI":"https:\/\/data.oireachtas.ie\/ie\/oireachtas\/def\/bill-stage\/1","uri":"https:\/\/data.oireachtas.ie\/ie\/oireachtas\/bill\/2023\/36\/stage\/dail\/1"}},{"event":{"chamber":{"chamberCode":"dail","showAs":"D\u00e1il \u00c9ireann","uri":"https:\/\/data.oireachtas.ie\/ie\/oireachtas\/def\/house\/dail"},"dates":[{"date":"2024-11-08"},{"date":"2025-05-01"}],"house":{"chamberCode":"dail","chamberType":"house","houseCode":"dail","houseNo":"33","showAs":"33rd D\u00e1il","uri":"https:\/\/data.oireachtas.ie\/ie\/oireachtas\/house\/dail\/33"},"progressStage":2,"showAs":"Second Stage","stageCompleted":false,"stageOutcome":"Current","stageURI":"https:\/\/data.oireachtas.ie\/ie\/oireachtas\/def\/bill-stage\/2","uri":"https:\/\/data.oireachtas.ie\/ie\/oireachtas\/bill\/2023\/36\/stage\/dail\/2"}}],"status":"Current","statusURI":"https:\/\/data.oireachtas.ie\/ie\/oireachtas\/def\/bill-status\/published","uri":"https:\/\/data.oireachtas.ie\/ie\/oireachtas\/bill\/2023\/36","versions":[{"version":{"date":"2023-04-25","docType":"bill","formats":{"pdf":{"uri":"https:\/\/data.oireachtas.ie\/ie\/oireachtas\/bill\/2023\/36\/eng\/initiated\/b3623d.pdf"},"xml":null},"lang":"eng","showAs":"As Initiated","uri":"https:\/\/data.oireachtas.ie\/ie\/oireachtas\/bill\/2023\/36\/eng\/initiated"}}]},"billSort":{"actNoSort":null,"actShortTitleEnSort":null,"actShortTitleGaSort":null,"actYearSort":null,"billNoSort":36,"billShortTitleEnSort":"legal-aid-amendment-bill-2023","billShortTitleGaSort":"an-bille-um-chunamh-dlithiuil-leasu-2023","billYearSort":2023},"contextDate":"2025-05-01"},{"bill":{"act":null,"amendmentLists":[],"billNo":"35","billType":"Public","billTypeURI":"https:\/\/data.oireachtas.ie\/ie\/oireachtas\/def\/bill-type\/public","billYear":"2023","debates":[{"chamber":{"showAs":"D\u00e1il \u00c9ireann","uri":"https:\/\/data.oireachtas.ie\/ie\/oireachtas\/def\/house\/dail"},"date":"2025-07-09","debateSectionId":"dbsect_64","showAs":"Ministers and Secretaries (Attorney General) Bill 2023: An Dara C\u00e9im (At\u00f3g\u00e1il) [Comhalta\u00ed Pr\u00edobh\u00e1ideacha]","uri":"https:\/\/data.oireachtas.ie\/akn\/ie\/debateRecord\/dail\/2025-07-09\/debate\/main"},{"chamber":{"showAs":"D\u00e1il \u00c9ireann","uri":"https:\/\/data.oireachtas.ie\/ie\/oireachtas\/def\/house\/dail"},"date":"2025-07-03","debateSectionId":"dbsect_48","showAs":"Ministers and Secretaries (Attorney General) Bill 2023: Second Stage [Private Members]","uri":"https:\/\/data.oireachtas.ie\/akn\/ie\/debateRecord\/dail\/2025-07-03\/debate\/main"},{"chamber":{"showAs":"D\u00e1il \u00c9ireann","uri":"https:\/\/data.oireachtas.ie\/ie\/oireachtas\/def\/house\/dail"},"date":"2023-04-25","debateSectionId":"dbsect_8","showAs":"Ministers and Secretaries (Attorney General) Bill 2023: First Stage","uri":"https:\/\/data.oireachtas.ie\/akn\/ie\/debateRecord\/dail\/2023-04-25\/debate\/main"}],"events":[{"event":{"chamber":{"chamberCode":"dail","showAs":"D\u00e1il \u00c9ireann","uri":"https:\/\/data.oireachtas.ie\/ie\/oireachtas\/def\/house\/dail"},"dates":[{"date":"2023-04-18"},{"date":"2023-04-18"},{"date":"2023-04-25"},{"date":"2025-05-01"},{"date":"2025-07-09"}],"eventURI":"https:\/\/data.oireachtas.ie\/ie\/oireachtas\/def\/bill-event\/approved-for-initiation","showAs":"Approved for Initiation","uri":"https:\/\/data.oireachtas.ie\/ie\/oireachtas\/bill\/2023\/35\/approved-for-initiation"}},{"event":{"chamber":{"chamberCode":"dail","showAs":"D\u00e1il \u00c9ireann","uri":"https:\/\/data.oireachtas.ie\/ie\/oireachtas\/def\/house\/dail"},"dates":[{"date":"2024-11-08"}],"eventURI":"https:\/\/data.oireachtas.ie\/ie\/oireachtas\/def\/bill-event\/bill-lapsed","showAs":"Bill Lapsed","uri":"https:\/\/data.oireachtas.ie\/ie\/oireachtas\/bill\/2023\/35\/bill-lapsed"}}],"lastUpdated":"2025-07-11T15:55:55.220000+00:00","longTitleEn":"<p>Bill entitled an Act to make further provision in relation to the office of the Attorney General.<\/p>\n","longTitleGa":"<p>Bille d\u00e1 ngairtear Acht do dh\u00e9anamh socr\u00fa breise i nd\u00e1il le hoifig an Ard-Aighne.<\/p>\n","method":"Introduced","methodURI":"https:\/\/data.oireachtas.ie\/ie\/oireachtas\/def\/bill-method\/introduced","mostRecentStage":{"event":{"chamber":{"chamberCode":"dail","showAs":"D\u00e1il \u00c9ireann","uri":"https:\/\/data.oireachtas.ie\/ie\/oireachtas\/def\/house\/dail"},"dates":[{"date":"2023-04-25"},{"date":"2023-04-25"},{"date":"2023-04-25"},{"date":"2023-04-25"}],"house":{"chamberCode":"dail","chamberType":"house","houseCode":"dail","houseNo":"33","showAs":"33rd D\u00e1il","uri":"https:\/\/data.oireachtas.ie\/ie\/oireachtas\/house\/dail\/33"},"progressStage":2,"showAs":"Second Stage","stageCompleted":true,"stageOutcome":null,"stageURI":"https:\/\/data.oireachtas.ie\/ie\/oireachtas\/def\/bill-stage\/2","uri":"https:\/\/data.oireachtas.ie\/ie\/oireachtas\/bill\/2023\/35\/stage\/dail\/2"}},"originHouse":{"showAs":"D\u00e1il \u00c9ireann","uri":"https:\/\/data.oireachtas.ie\/ie\/oireachtas\/def\/house\/dail"},"originHouseURI":"https:\/\/data.oireachtas.ie\/ie\/oireachtas\/def\/house\/dail","relatedDocs":[{"relatedDoc":{"date":"2023-04-25","docType":"memo","formats":{"pdf":{"uri":"https:\/\/data.oireachtas.ie\/ie\/oireachtas\/bill\/2023\/35\/eng\/memo\/b3523d-memo.pdf"},"xml":null},"lang":"eng","showAs":"Explanatory Memorandum","uri":"https:\/\/data.oireachtas.ie\/ie\/oireachtas\/bill\/2023\/35\/eng\/memo"}}],"shortTitleEn":"Ministers and Secretaries (Attorney General) Bill 2023","shortTitleGa":"An Bille Air\u00ed agus R\u00fanaithe (An tArd-Aighne), 2023","source":"Private Member","sourceURI":"https:\/\/data.oireachtas.ie\/ie\/oireachtas\/def\/bill-source\/private-member","sponsors":[{"sponsor":{"as":{"showAs":null,"uri":null},"by":{"showAs":"Ivana Bacik","uri":"https:\/\/data.oireachtas.ie\/ie\/oireachtas\/member\/id\/Ivana-Bacik.S.2007-07-23"},"isPrimary":true}},{"sponsor":{"as":{"showAs":null,"uri":null},"by":{"showAs":"Ged Nash","uri":"https:\/\/data.oireachtas.ie\/ie\/oireachtas\/member\/id\/Gerald-Nash.D.2011-03-09"},"isPrimary":false}}],"stages":[{"event":{"chamber":{"chamberCode":"dail","showAs":"D\u00e1il \u00c9ireann","uri":"https:\/\/data.oireachtas.ie\/ie\/oireachtas\/def\/house\/dail"},"dates":[{"date":"2023-04-18"},{"date":"2023-04-18"},{"date":"2023-04-25"},{"date":"2023-04-25"}],"house":{"chamberCode":"dail","chamberType":"house","houseCode":"dail","houseNo":"33","showAs":"33rd D\u00e1il","uri":"https:\/\/data.oireachtas.ie\/ie\/oireachtas\/house\/dail\/33"},"progressStage":1,"showAs":"First Stage","stageCompleted":true,"stageOutcome":null,"stageURI":"https:\/\/data.oireachtas.ie\/ie\/oireachtas\/def\/bill-stage\/1","uri":"https:\/\/data.oireachtas.ie\/ie\/oireachtas\/bill\/2023\/35\/stage\/dail\/1"}},{"event":{"chamber":{"chamberCode":"dail","showAs":"D\u00e1il \u00c9ireann","uri":"https:\/\/data.oireachtas.ie\/ie\/oireachtas\/def\/house\/dail"},"dates":[{"date":"2023-04-25"},{"date":"2023-04-25"},{"date":"2023-04-25"},{"date":"2023-04-25"}],"house":{"chamberCode":"dail","chamberType":"house","houseCode":"dail","houseNo":"33","showAs":"33rd D\u00e1il","uri":"https:\/\/data.oireachtas.ie\/ie\/oireachtas\/house\/dail\/33"},"progressStage":2,"showAs":"Second Stage","stageCompleted":true,"stageOutcome":null,"stageURI":"https:\/\/data.oireachtas.ie\/ie\/oireachtas\/def\/bill-stage\/2","uri":"https:\/\/data.oireachtas.ie\/ie\/oireachtas\/bill\/2023\/35\/stage\/dail\/2"}}],"status":"Defeated","statusURI":"https:\/\/data.oireachtas.ie\/ie\/oireachtas\/def\/bill-status\/defeated","uri":"https:\/\/data.oireachtas.ie\/ie\/oireachtas\/bill\/2023\/35","versions":[{"version":{"date":"2023-04-25","docType":"bill","formats":{"pdf":{"uri":"https:\/\/data.oireachtas.ie\/ie\/oireachtas\/bill\/2023\/35\/eng\/initiated\/b3523d.pdf"},"xml":null},"lang":"eng","showAs":"As Initiated","uri":"https:\/\/data.oireachtas.ie\/ie\/oireachtas\/bill\/2023\/35\/eng\/initiated"}}]},"billSort":{"actNoSort":null,"actShortTitleEnSort":null,"actShortTitleGaSort":null,"actYearSort":null,"billNoSort":35,"billShortTitleEnSort":"ministers-and-secretaries-attorney-general-bill-2023","billShortTitleGaSort":"an-bille-airi-agus-runaithe-an-tard-aighne-2023","billYearSort":2023},"contextDate":"2023-04-25"},{"bill":{"act":null,"amendmentLists":[],"billNo":"33","billType":"Public","billTypeURI":"https:\/\/data.oireachtas.ie\/ie\/oireachtas\/def\/bill-type\/public","billYear":"2023","debates":[{"chamber":{"showAs":"D\u00e1il \u00c9ireann","uri":"https:\/\/data.oireachtas.ie\/ie\/oireachtas\/def\/house\/dail"},"date":"2024-09-26","debateSectionId":"dbsect_40","showAs":"Local Authority Public Administration Bill 2023: Second Stage [Private Members]","uri":"https:\/\/data.oireachtas.ie\/akn\/ie\/debateRecord\/dail\/2024-09-26\/debate\/main"},{"chamber":{"showAs":"D\u00e1il \u00c9ireann","uri":"https:\/\/data.oireachtas.ie\/ie\/oireachtas\/def\/house\/dail"},"date":"2023-03-28","debateSectionId":"dbsect_9","showAs":"Local Authority Public Administration Bill 2023: First Stage","uri":"https:\/\/data.oireachtas.ie\/akn\/ie\/debateRecord\/dail\/2023-03-28\/debate\/main"}],"events":[{"event":{"chamber":{"chamberCode":"dail","showAs":"D\u00e1il \u00c9ireann","uri":"https:\/\/data.oireachtas.ie\/ie\/oireachtas\/def\/house\/dail"},"dates":[{"date":"2023-03-24"},{"date":"2023-03-24"},{"date":"2023-04-12"},{"date":"2025-05-27"}],"eventURI":"https:\/\/data.oireachtas.ie\/ie\/oireachtas\/def\/bill-event\/admissibility-for-introduction","showAs":"Admissibility for Introduction","uri":"https:\/\/data.oireachtas.ie\/ie\/oireachtas\/bill\/2023\/33\/admissibility-for-introduction"}},{"event":{"chamber":{"chamberCode":"dail","showAs":"D\u00e1il \u00c9ireann","uri":"https:\/\/data.oireachtas.ie\/ie\/oireachtas\/def\/house\/dail"},"dates":[{"date":"2024-11-08"}],"eventURI":"https:\/\/data.oireachtas.ie\/ie\/oireachtas\/def\/bill-event\/bill-lapsed","showAs":"Bill Lapsed","uri":"https:\/\/data.oireachtas.ie\/ie\/oireachtas\/bill\/2023\/33\/bill-lapsed"}}],"lastUpdated":"2025-05-28T08:44:12.700000+00:00","longTitleEn":"<p style=\"text-align:justify\">Bill entitled an Act to compel local authorities to provide members of the public and public representatives with substantive replies to written communications within a prescribed period of time and to allow for local authority chief executives to appear before the Public Accounts Committee of D\u00e1il \u00c9ireann.<\/p>\n","longTitleGa":"<p>Bille d\u00e1 ngairtear Acht chun iallach a chur ar \u00fadar\u00e1is \u00e1iti\u00fala freagra\u00ed substainteacha ar chumars\u00e1id\u00ed scr\u00edofa a shol\u00e1thar do dhaoine den phobal agus d\u2019ionadaithe poibl\u00ed laistigh de thr\u00e9imhse ama fhorordaithe agus chun a chead\u00fa do phr\u00edomhfheidhmeannaigh \u00fadar\u00e1s \u00e1iti\u00fail l\u00e1ithri\u00fa os comhair an Choiste um Chuntais Phoibl\u00ed Dh\u00e1il \u00c9ireann.<\/p>\n","method":"Introduced","methodURI":"https:\/\/data.oireachtas.ie\/ie\/oireachtas\/def\/bill-method\/introduced","mostRecentStage":{"event":{"chamber":{"chamberCode":"dail","showAs":"D\u00e1il \u00c9ireann","uri":"https:\/\/data.oireachtas.ie\/ie\/oireachtas\/def\/house\/dail"},"dates":[{"date":"2024-11-08"},{"date":"2025-05-27"}],"house":{"chamberCode":"dail","chamberType":"house","houseCode":"dail","houseNo":"33","showAs":"33rd D\u00e1il","uri":"https:\/\/data.oireachtas.ie\/ie\/oireachtas\/house\/dail\/33"},"progressStage":3,"showAs":"Committee Stage","stageCompleted":false,"stageOutcome":"Current","stageURI":"https:\/\/data.oireachtas.ie\/ie\/oireachtas\/def\/bill-stage\/3","uri":"https:\/\/data.oireachtas.ie\/ie\/oireachtas\/bill\/2023\/33\/stage\/dail\/3"}},"originHouse":{"showAs":"D\u00e1il \u00c9ireann","uri":"https:\/\/data.oireachtas.ie\/ie\/oireachtas\/def\/house\/dail"},"originHouseURI":"https:\/\/data.oireachtas.ie\/ie\/oireachtas\/def\/house\/dail","relatedDocs":[{"relatedDoc":{"date":"2023-04-12","docType":"memo","formats":{"pdf":{"uri":"https:\/\/data.oireachtas.ie\/ie\/oireachtas\/bill\/2023\/33\/eng\/memo\/b3323d-memo.pdf"},"xml":null},"lang":"eng","showAs":"Explanatory Memorandum","uri":"https:\/\/data.oireachtas.ie\/ie\/oireachtas\/bill\/2023\/33\/eng\/memo"}}],"shortTitleEn":"Local Authority Public Administration Bill 2023","shortTitleGa":"An Bille um Riarach\u00e1n Poibl\u00ed \u00dadar\u00e1s \u00c1iti\u00fail, 2023","source":"Private Member","sourceURI":"https:\/\/data.oireachtas.ie\/ie\/oireachtas\/def\/bill-source\/private-member","sponsors":[{"sponsor":{"as":{"showAs":null,"uri":null},"by":{"showAs":"Robert Troy","uri":"https:\/\/data.oireachtas.ie\/ie\/oireachtas\/member\/id\/Robert-Troy.D.2011-03-09"},"isPrimary":true}}],"stages":[{"event":{"chamber":{"chamberCode":"dail","showAs":"D\u00e1il \u00c9ireann","uri":"https:\/\/data.oireachtas.ie\/ie\/oireachtas\/def\/house\/dail"},"dates":[{"date":"2023-03-24"},{"date":"2023-03-24"},{"date":"2023-03-28"},{"date":"2023-04-12"}],"house":{"chamberCode":"dail","chamberType":"house","houseCode":"dail","houseNo":"33","showAs":"33rd D\u00e1il","uri":"https:\/\/data.oireachtas.ie\/ie\/oireachtas\/house\/dail\/33"},"progressStage":1,"showAs":"First Stage","stageCompleted":true,"stageOutcome":null,"stageURI":"https:\/\/data.oireachtas.ie\/ie\/oireachtas\/def\/bill-stage\/1","uri":"https:\/\/data.oireachtas.ie\/ie\/oireachtas\/bill\/2023\/33\/stage\/dail\/1"}},{"event":{"chamber":{"chamberCode":"dail","showAs":"D\u00e1il \u00c9ireann","uri":"https:\/\/data.oireachtas.ie\/ie\/oireachtas\/def\/house\/dail"},"dates":[{"date":"2023-03-28"}],"house":{"chamberCode":"dail","chamberType":"house","houseCode":"dail","houseNo":"33","showAs":"33rd D\u00e1il","uri":"https:\/\/data.oireachtas.ie\/ie\/oireachtas\/house\/dail\/33"},"progressStage":2,"showAs":"Second Stage","stageCompleted":true,"stageOutcome":null,"stageURI":"https:\/\/data.oireachtas.ie\/ie\/oireachtas\/def\/bill-stage\/2","uri":"https:\/\/data.oireachtas.ie\/ie\/oireachtas\/bill\/2023\/33\/stage\/dail\/2"}},{"event":{"chamber":{"chamberCode":"dail","showAs":"D\u00e1il \u00c9ireann","uri":"https:\/\/data.oireachtas.ie\/ie\/oireachtas\/def\/house\/dail"},"dates":[{"date":"2024-11-08"},{"date":"2025-05-27"}],"house":{"chamberCode":"dail","chamberType":"house","houseCode":"dail","houseNo":"33","showAs":"33rd D\u00e1il","uri":"https:\/\/data.oireachtas.ie\/ie\/oireachtas\/house\/dail\/33"},"progressStage":3,"showAs":"Committee Stage","stageCompleted":false,"stageOutcome":"Current","stageURI":"https:\/\/data.oireachtas.ie\/ie\/oireachtas\/def\/bill-stage\/3","uri":"https:\/\/data.oireachtas.ie\/ie\/oireachtas\/bill\/2023\/33\/stage\/dail\/3"}}],"status":"Current","statusURI":"https:\/\/data.oireachtas.ie\/ie\/oireachtas\/def\/bill-status\/published","uri":"https:\/\/data.oireachtas.ie\/ie\/oireachtas\/bill\/2023\/33","versions":[{"version":{"date":"2023-04-12","docType":"bill","formats":{"pdf":{"uri":"https:\/\/data.oireachtas.ie\/ie\/oireachtas\/bill\/2023\/33\/eng\/initiated\/b3323d.pdf"},"xml":null},"lang":"eng","showAs":"As Initiated","uri":"https:\/\/data.oireachtas.ie\/ie\/oireachtas\/bill\/2023\/33\/eng\/initiated"}}]},"billSort":{"actNoSort":null,"actShortTitleEnSort":null,"actShortTitleGaSort":null,"actYearSort":null,"billNoSort":33,"billShortTitleEnSort":"local-authority-public-administration-bill-2023","billShortTitleGaSort":"an-bille-um-riarachan-poibli-udaras-aitiuil-2023","billYearSort":2023},"contextDate":"2025-05-27"},{"bill":{"act":null,"amendmentLists":[],"billNo":"31","billType":"Public","billTypeURI":"https:\/\/data.oireachtas.ie\/ie\/oireachtas\/def\/bill-type\/public","billYear":"2023","debates":[{"chamber":{"showAs":"Seanad \u00c9ireann","uri":"https:\/\/data.oireachtas.ie\/ie\/oireachtas\/def\/house\/seanad"},"date":"2023-04-19","debateSectionId":"dbsect_14","showAs":"Civil Liability (Schools) Bill 2023: Order for Second Stage","uri":"https:\/\/data.oireachtas.ie\/akn\/ie\/debateRecord\/seanad\/2023-04-19\/debate\/main"},{"chamber":{"showAs":"Seanad \u00c9ireann","uri":"https:\/\/data.oireachtas.ie\/ie\/oireachtas\/def\/house\/seanad"},"date":"2023-04-19","debateSectionId":"dbsect_15","showAs":"Civil Liability (Schools) Bill 2023: Second Stage","uri":"https:\/\/data.oireachtas.ie\/akn\/ie\/debateRecord\/seanad\/2023-04-19\/debate\/main"}],"events":[{"event":{"chamber":{"chamberCode":"seanad","showAs":"Seanad \u00c9ireann","uri":"https:\/\/data.oireachtas.ie\/ie\/oireachtas\/def\/house\/seanad"},"dates":[{"date":"2023-04-03"},{"date":"2023-04-04"},{"date":"2023-04-06"}],"eventURI":"https:\/\/data.oireachtas.ie\/ie\/oireachtas\/def\/bill-event\/admissibility-for-introduction","showAs":"Admissibility for Introduction","uri":"https:\/\/data.oireachtas.ie\/ie\/oireachtas\/bill\/2023\/31\/admissibility-for-introduction"}},{"event":{"chamber":{"chamberCode":"seanad","showAs":"Seanad \u00c9ireann","uri":"https:\/\/data.oireachtas.ie\/ie\/oireachtas\/def\/house\/seanad"},"dates":[{"date":"2025-01-29"}],"eventURI":"https:\/\/data.oireachtas.ie\/ie\/oireachtas\/def\/bill-event\/bill-lapsed","showAs":"Bill Lapsed","uri":"https:\/\/data.oireachtas.ie\/ie\/oireachtas\/bill\/2023\/31\/bill-lapsed"}}],"lastUpdated":"2025-01-30T11:17:37.160000+00:00","longTitleEn":"<p>Bill entitled an Act to amend the law related to civil liability for schools.<\/p>\n","longTitleGa":"<p>Bille d\u00e1 ngairtear Acht do leas\u00fa an dl\u00ed a bhaineann le dliteanas sibhialta i leith scoileanna.<\/p>\n","method":"Presented","methodURI":"https:\/\/data.oireachtas.ie\/ie\/oireachtas\/def\/bill-method\/presented","mostRecentStage":{"event":{"chamber":{"chamberCode":"seanad","showAs":"Seanad \u00c9ireann","uri":"https:\/\/data.oireachtas.ie\/ie\/oireachtas\/def\/house\/seanad"},"dates":[{"date":"2023-04-06"}],"house":{"chamberCode":"seanad","chamberType":"house","houseCode":"seanad","houseNo":"26","showAs":"26th Seanad","uri":"https:\/\/data.oireachtas.ie\/ie\/oireachtas\/house\/seanad\/26"},"progressStage":2,"showAs":"Second Stage","stageCompleted":true,"stageOutcome":null,"stageURI":"https:\/\/data.oireachtas.ie\/ie\/oireachtas\/def\/bill-stage\/2","uri":"https:\/\/data.oireachtas.ie\/ie\/oireachtas\/bill\/2023\/31\/stage\/seanad\/2"}},"originHouse":{"showAs":"Seanad \u00c9ireann","uri":"https:\/\/data.oireachtas.ie\/ie\/oireachtas\/def\/house\/seanad"},"originHouseURI":"https:\/\/data.oireachtas.ie\/ie\/oireachtas\/def\/house\/seanad","relatedDocs":[{"relatedDoc":{"date":"2023-04-06","docType":"memo","formats":{"pdf":{"uri":"https:\/\/data.oireachtas.ie\/ie\/oireachtas\/bill\/2023\/31\/eng\/memo\/96157-civil-liability-schools-bill-2023-memo.pdf"},"xml":null},"lang":"eng","showAs":"Explanatory Memorandum","uri":"https:\/\/data.oireachtas.ie\/ie\/oireachtas\/bill\/2023\/31\/eng\/memo"}}],"shortTitleEn":"Civil Liability (Schools) Bill 2023","shortTitleGa":"An Bille um Dhliteanas Sibhialta (Scoileanna), 2023","source":"Private Member","sourceURI":"https:\/\/data.oireachtas.ie\/ie\/oireachtas\/def\/bill-source\/private-member","sponsors":[{"sponsor":{"as":{"showAs":null,"uri":null},"by":{"showAs":"R\u00f3n\u00e1n Mullen","uri":"https:\/\/data.oireachtas.ie\/ie\/oireachtas\/member\/id\/R\u00f3n\u00e1n-Mullen.S.2007-07-23"},"isPrimary":true}},{"sponsor":{"as":{"showAs":null,"uri":null},"by":{"showAs":"Gerard P. Craughwell","uri":"https:\/\/data.oireachtas.ie\/ie\/oireachtas\/member\/id\/Gerard-P-Craughwell.S.2014-10-10"},"isPrimary":false}},{"sponsor":{"as":{"showAs":null,"uri":null},"by":{"showAs":"Sharon Keogan","uri":"https:\/\/data.oireachtas.ie\/ie\/oireachtas\/member\/id\/Sharon-Keogan.S.2020-03-30"},"isPrimary":false}},{"sponsor":{"as":{"showAs":null,"uri":null},"by":{"showAs":"Tom Clonan","uri":"https:\/\/data.oireachtas.ie\/ie\/oireachtas\/member\/id\/Tom-Clonan.S.2022-04-04"},"isPrimary":false}},{"sponsor":{"as":{"showAs":null,"uri":null},"by":{"showAs":"Victor Boyhan","uri":"https:\/\/data.oireachtas.ie\/ie\/oireachtas\/member\/id\/Victor-Boyhan.S.2016-04-25"},"isPrimary":false}}],"stages":[{"event":{"chamber":{"chamberCode":"seanad","showAs":"Seanad \u00c9ireann","uri":"https:\/\/data.oireachtas.ie\/ie\/oireachtas\/def\/house\/seanad"},"dates":[{"date":"2023-04-03"},{"date":"2023-04-04"},{"date":"2023-04-06"},{"date":"2023-04-06"}],"house":{"chamberCode":"seanad","chamberType":"house","houseCode":"seanad","houseNo":"26","showAs":"26th Seanad","uri":"https:\/\/data.oireachtas.ie\/ie\/oireachtas\/house\/seanad\/26"},"progressStage":1,"showAs":"First Stage","stageCompleted":true,"stageOutcome":null,"stageURI":"https:\/\/data.oireachtas.ie\/ie\/oireachtas\/def\/bill-stage\/1","uri":"https:\/\/data.oireachtas.ie\/ie\/oireachtas\/bill\/2023\/31\/stage\/seanad\/1"}},{"event":{"chamber":{"chamberCode":"seanad","showAs":"Seanad \u00c9ireann","uri":"https:\/\/data.oireachtas.ie\/ie\/oireachtas\/def\/house\/seanad"},"dates":[{"date":"2023-04-06"}],"house":{"chamberCode":"seanad","chamberType":"house","houseCode":"seanad","houseNo":"26","showAs":"26th Seanad","uri":"https:\/\/data.oireachtas.ie\/ie\/oireachtas\/house\/seanad\/26"},"progressStage":2,"showAs":"Second Stage","stageCompleted":true,"stageOutcome":null,"stageURI":"https:\/\/data.oireachtas.ie\/ie\/oireachtas\/def\/bill-stage\/2","uri":"https:\/\/data.oireachtas.ie\/ie\/oireachtas\/bill\/2023\/31\/stage\/seanad\/2"}}],"status":"Lapsed","statusURI":"https:\/\/data.oireachtas.ie\/ie\/oireachtas\/def\/bill-status\/lapsed","uri":"https:\/\/data.oireachtas.ie\/ie\/oireachtas\/bill\/2023\/31","versions":[{"version":{"date":"2023-04-06","docType":"bill","formats":{"pdf":{"uri":"https:\/\/data.oireachtas.ie\/ie\/oireachtas\/bill\/2023\/31\/eng\/initiated\/96157-civil-liability-schools-bill-2023.pdf"},"xml":null},"lang":"eng","showAs":"As Initiated","uri":"https:\/\/data.oireachtas.ie\/ie\/oireachtas\/bill\/2023\/31\/eng\/initiated"}}]},"billSort":{"actNoSort":null,"actShortTitleEnSort":null,"actShortTitleGaSort":null,"actYearSort":null,"billNoSort":31,"billShortTitleEnSort":"civil-liability-schools-bill-2023","billShortTitleGaSort":"an-bille-um-dhliteanas-sibhialta-scoileanna-2023","billYearSort":2023},"contextDate":"2023-04-06"},{"bill":{"act":null,"amendmentLists":[],"billNo":"30","billType":"Public","billTypeURI":"https:\/\/data.oireachtas.ie\/ie\/oireachtas\/def\/bill-type\/public","billYear":"2023","debates":[{"chamber":{"showAs":"Seanad \u00c9ireann","uri":"https:\/\/data.oireachtas.ie\/ie\/oireachtas\/def\/house\/seanad"},"date":"2023-03-29","debateSectionId":"dbsect_11","showAs":"Criminal Justice (Juvenile Offenders) Bill 2023: First Stage","uri":"https:\/\/data.oireachtas.ie\/akn\/ie\/debateRecord\/seanad\/2023-03-29\/debate\/main"}],"events":[{"event":{"chamber":{"chamberCode":"seanad","showAs":"Seanad \u00c9ireann","uri":"https:\/\/data.oireachtas.ie\/ie\/oireachtas\/def\/house\/seanad"},"dates":[{"date":"2023-03-29"},{"date":"2023-04-21"},{"date":"2023-04-24"}],"eventURI":"https:\/\/data.oireachtas.ie\/ie\/oireachtas\/def\/bill-event\/published","showAs":"Published","uri":"https:\/\/data.oireachtas.ie\/ie\/oireachtas\/bill\/2023\/30\/published"}},{"event":{"chamber":{"chamberCode":"seanad","showAs":"Seanad \u00c9ireann","uri":"https:\/\/data.oireachtas.ie\/ie\/oireachtas\/def\/house\/seanad"},"dates":[{"date":"2025-01-29"}],"eventURI":"https:\/\/data.oireachtas.ie\/ie\/oireachtas\/def\/bill-event\/bill-lapsed","showAs":"Bill Lapsed","uri":"https:\/\/data.oireachtas.ie\/ie\/oireachtas\/bill\/2023\/30\/bill-lapsed"}}],"lastUpdated":"2025-01-30T11:17:37.160000+00:00","longTitleEn":"<p>Bill entitled an Act to amend the Criminal Justice Act 1990 to provide for non-mandatory life sentences for juvenile offenders in cases of treason and murder, to expand the provisions of section 99 of the Criminal Justice Act 2006 relating to suspended sentences to include juvenile offenders, and to amend the Children Act 2001 to allow judicial discretion in setting the terms of a detention and supervision order.<\/p>\n","longTitleGa":"<p>Bille d\u00e1 ngairtear Acht do leas\u00fa an Achta um Cheartas Coiri\u00fail, 1990 chun socr\u00fa a dh\u00e9anamh maidir le pianbhreitheanna saoil neamh-shainordaitheacha d\u2019\u00f3gchiont\u00f3ir\u00ed i gc\u00e1sanna tr\u00e9asa agus d\u00fanmharaithe, do leathn\u00fa na bhfor\u00e1lacha d\u2019alt 99 den Acht um Cheartas Coiri\u00fail, 2006 a bhaineann le pianbhreitheanna fionraithe chun \u00f3gchiont\u00f3ir\u00ed a \u00e1ireamh, agus do leas\u00fa Acht na Leana\u00ed, 2001 chun rogha bhreithi\u00fanach a chead\u00fa le linn t\u00e9arma\u00ed ordaithe coinne\u00e1la agus maoirseachta a shocr\u00fa.<\/p>\n","method":"Introduced","methodURI":"https:\/\/data.oireachtas.ie\/ie\/oireachtas\/def\/bill-method\/introduced","mostRecentStage":{"event":{"chamber":{"chamberCode":"seanad","showAs":"Seanad \u00c9ireann","uri":"https:\/\/data.oireachtas.ie\/ie\/oireachtas\/def\/house\/seanad"},"dates":[{"date":"2023-03-29"},{"date":"2023-03-29"},{"date":"2023-04-21"},{"date":"2023-04-24"}],"house":{"chamberCode":"seanad","chamberType":"house","houseCode":"seanad","houseNo":"26","showAs":"26th Seanad","uri":"https:\/\/data.oireachtas.ie\/ie\/oireachtas\/house\/seanad\/26"},"progressStage":1,"showAs":"First Stage","stageCompleted":true,"stageOutcome":null,"stageURI":"https:\/\/data.oireachtas.ie\/ie\/oireachtas\/def\/bill-stage\/1","uri":"https:\/\/data.oireachtas.ie\/ie\/oireachtas\/bill\/2023\/30\/stage\/seanad\/1"}},"originHouse":{"showAs":"Seanad \u00c9ireann","uri":"https:\/\/data.oireachtas.ie\/ie\/oireachtas\/def\/house\/seanad"},"originHouseURI":"https:\/\/data.oireachtas.ie\/ie\/oireachtas\/def\/house\/seanad","relatedDocs":[{"relatedDoc":{"date":"2023-03-29","docType":"memo","formats":{"pdf":{"uri":"https:\/\/data.oireachtas.ie\/ie\/oireachtas\/bill\/2023\/30\/eng\/memo\/b3023s-memo.pdf"},"xml":null},"lang":"eng","showAs":"Explanatory Memorandum","uri":"https:\/\/data.oireachtas.ie\/ie\/oireachtas\/bill\/2023\/30\/eng\/memo"}}],"shortTitleEn":"Criminal Justice (Juvenile Offenders) Bill 2023","shortTitleGa":"An Bille um Cheartas Coiri\u00fail (\u00d3gchiont\u00f3ir\u00ed), 2023","source":"Private Member","sourceURI":"https:\/\/data.oireachtas.ie\/ie\/oireachtas\/def\/bill-source\/private-member","sponsors":[{"sponsor":{"as":{"showAs":null,"uri":null},"by":{"showAs":"Barry Ward","uri":"https:\/\/data.oireachtas.ie\/ie\/oireachtas\/member\/id\/Barry-Ward.S.2020-03-30"},"isPrimary":true}}],"stages":[{"event":{"chamber":{"chamberCode":"seanad","showAs":"Seanad \u00c9ireann","uri":"https:\/\/data.oireachtas.ie\/ie\/oireachtas\/def\/house\/seanad"},"dates":[{"date":"2023-03-29"},{"date":"2023-03-29"},{"date":"2023-04-21"},{"date":"2023-04-24"}],"house":{"chamberCode":"seanad","chamberType":"house","houseCode":"seanad","houseNo":"26","showAs":"26th Seanad","uri":"https:\/\/data.oireachtas.ie\/ie\/oireachtas\/house\/seanad\/26"},"progressStage":1,"showAs":"First Stage","stageCompleted":true,"stageOutcome":null,"stageURI":"https:\/\/data.oireachtas.ie\/ie\/oireachtas\/def\/bill-stage\/1","uri":"https:\/\/data.oireachtas.ie\/ie\/oireachtas\/bill\/2023\/30\/stage\/seanad\/1"}}],"status":"Lapsed","statusURI":"https:\/\/data.oireachtas.ie\/ie\/oireachtas\/def\/bill-status\/lapsed","uri":"https:\/\/data.oireachtas.ie\/ie\/oireachtas\/bill\/2023\/30","versions":[{"version":{"date":"2023-03-29","docType":"bill","formats":{"pdf":{"uri":"https:\/\/data.oireachtas.ie\/ie\/oireachtas\/bill\/2023\/30\/eng\/initiated\/b3023s.pdf"},"xml":null},"lang":"eng","showAs":"As Initiated","uri":"https:\/\/data.oireachtas.ie\/ie\/oireachtas\/bill\/2023\/30\/eng\/initiated"}}]},"billSort":{"actNoSort":null,"actShortTitleEnSort":null,"actShortTitleGaSort":null,"actYearSort":null,"billNoSort":30,"billShortTitleEnSort":"criminal-justice-juvenile-offenders-bill-2023","billShortTitleGaSort":"an-bille-um-cheartas-coiriuil-ogchiontoiri-2023","billYearSort":2023},"contextDate":"2023-04-24"}]}