{"head":{"counts":{"billCount":401,"resultCount":401}},"results":[{"bill":{"act":null,"amendmentLists":[],"billNo":"28","billType":"Public","billTypeURI":"https:\/\/data.oireachtas.ie\/ie\/oireachtas\/def\/bill-type\/public","billYear":"2023","debates":[{"chamber":{"showAs":"D\u00e1il \u00c9ireann","uri":"https:\/\/data.oireachtas.ie\/ie\/oireachtas\/def\/house\/dail"},"date":"2026-02-24","debateSectionId":"dbsect_8","showAs":"Illegal Israeli Settlements Divestment Bill 2023: Referral to Select Committee [Private Members]","uri":"https:\/\/data.oireachtas.ie\/akn\/ie\/debateRecord\/dail\/2026-02-24\/debate\/main"},{"chamber":{"showAs":"D\u00e1il \u00c9ireann","uri":"https:\/\/data.oireachtas.ie\/ie\/oireachtas\/def\/house\/dail"},"date":"2024-06-13","debateSectionId":"dbsect_35","showAs":"Illegal Israeli Settlements Divestment Bill 2023: Referral to Select Committee [Private Members]","uri":"https:\/\/data.oireachtas.ie\/akn\/ie\/debateRecord\/dail\/2024-06-13\/debate\/main"},{"chamber":{"showAs":"D\u00e1il \u00c9ireann","uri":"https:\/\/data.oireachtas.ie\/ie\/oireachtas\/def\/house\/dail"},"date":"2023-05-17","debateSectionId":"dbsect_15","showAs":"Illegal Israeli Settlements Divestment Bill 2023: Second Stage (Resumed) [Private Members]","uri":"https:\/\/data.oireachtas.ie\/akn\/ie\/debateRecord\/dail\/2023-05-17\/debate\/main"},{"chamber":{"showAs":"D\u00e1il \u00c9ireann","uri":"https:\/\/data.oireachtas.ie\/ie\/oireachtas\/def\/house\/dail"},"date":"2023-05-16","debateSectionId":"dbsect_23","showAs":"Illegal Israeli Settlements Divestment Bill 2023: Second Stage [Private Members]","uri":"https:\/\/data.oireachtas.ie\/akn\/ie\/debateRecord\/dail\/2023-05-16\/debate\/main"},{"chamber":{"showAs":"D\u00e1il \u00c9ireann","uri":"https:\/\/data.oireachtas.ie\/ie\/oireachtas\/def\/house\/dail"},"date":"2023-05-16","debateSectionId":"dbsect_25","showAs":"Illegal Israeli Settlements Divestment Bill 2023: Second Stage (Resumed) [Private Members]","uri":"https:\/\/data.oireachtas.ie\/akn\/ie\/debateRecord\/dail\/2023-05-16\/debate\/main"},{"chamber":{"showAs":"D\u00e1il \u00c9ireann","uri":"https:\/\/data.oireachtas.ie\/ie\/oireachtas\/def\/house\/dail"},"date":"2023-03-28","debateSectionId":"dbsect_10","showAs":"Illegal Israeli Settlements Divestment Bill 2023: First Stage","uri":"https:\/\/data.oireachtas.ie\/akn\/ie\/debateRecord\/dail\/2023-03-28\/debate\/main"}],"events":[{"event":{"chamber":{"chamberCode":"dail","showAs":"D\u00e1il \u00c9ireann","uri":"https:\/\/data.oireachtas.ie\/ie\/oireachtas\/def\/house\/dail"},"dates":[{"date":"2023-03-27"},{"date":"2023-03-28"},{"date":"2023-03-28"},{"date":"2025-05-01"}],"eventURI":"https:\/\/data.oireachtas.ie\/ie\/oireachtas\/def\/bill-event\/admissibility-for-introduction","showAs":"Admissibility for Introduction","uri":"https:\/\/data.oireachtas.ie\/ie\/oireachtas\/bill\/2023\/28\/admissibility-for-introduction"}},{"event":{"chamber":{"chamberCode":"dail","showAs":"D\u00e1il \u00c9ireann","uri":"https:\/\/data.oireachtas.ie\/ie\/oireachtas\/def\/house\/dail"},"dates":[{"date":"2024-11-08"}],"eventURI":"https:\/\/data.oireachtas.ie\/ie\/oireachtas\/def\/bill-event\/bill-lapsed","showAs":"Bill Lapsed","uri":"https:\/\/data.oireachtas.ie\/ie\/oireachtas\/bill\/2023\/28\/bill-lapsed"}}],"lastUpdated":"2025-05-02T13:35:34.620000+00:00","longTitleEn":"<p>Bill entitled an Act to impose certain prohibitions and restrictions with respect to the investment by the National Treasury Management Agency of the assets of the Ireland Strategic Investment Fund in undertakings which appear on the UN Database of companies operating in illegal Israeli settlements on Palestinian land; to require the Agency to ensure that such assets are not invested in such an undertaking (and, where it becomes aware that an undertaking in which such assets have been so invested by it is, or has been on the said UN database, to divest the assets of that fund from such investment); and to provide for related matters.<\/p>\n","longTitleGa":"<p>Bille d\u00e1 ngairtear Acht d\u2019fhorchur toirmisc agus srianta \u00e1irithe maidir le Gn\u00edomhaireacht Bainist\u00edochta an Chiste\u00e1in N\u00e1isi\u00fanta d\u2019infheisti\u00fa sh\u00f3cmhainn\u00ed an Chiste Infheist\u00edochta Strait\u00e9is\u00ed d\u2019\u00c9irinn i ngn\u00f3thais at\u00e1 sa Bhunachar Sonra\u00ed de chuid NA de chuideachta\u00ed at\u00e1 ag oibri\u00fa i lonna\u00edochta\u00ed neamhdhleathacha de chuid Iosrael ar thalamh Palaist\u00edneach; d\u00e1 cheangal ar an nGn\u00edomhaireacht a chinnti\u00fa nach nd\u00e9anfar na s\u00f3cmhainn\u00ed sin a infheisti\u00fa i ngn\u00f3thas den s\u00f3rt sin (agus, m\u00e1 thagann s\u00ed ar an eolas, maidir le gn\u00f3thas ina ndearna s\u00ed na s\u00f3cmhainn\u00ed sin a infheisti\u00fa amhlaidh, go bhfuil s\u00e9, n\u00f3 go raibh s\u00e9, sa bhunachar sonra\u00ed sin de chuid NA, s\u00f3cmhainn\u00ed an chiste sin a dh\u00edfheisti\u00fa as an infheist\u00edocht sin); agus do dh\u00e9anamh socr\u00fa i dtaobh nithe gaolmhara.<\/p>\n","method":"Introduced","methodURI":"https:\/\/data.oireachtas.ie\/ie\/oireachtas\/def\/bill-method\/introduced","mostRecentStage":{"event":{"chamber":{"chamberCode":"dail","showAs":"D\u00e1il \u00c9ireann","uri":"https:\/\/data.oireachtas.ie\/ie\/oireachtas\/def\/house\/dail"},"dates":[{"date":"2026-02-24"},{"date":"2026-02-24"}],"house":{"chamberCode":"dail","chamberType":"house","houseCode":"dail","houseNo":"34","showAs":"34th D\u00e1il","uri":"https:\/\/data.oireachtas.ie\/ie\/oireachtas\/house\/dail\/34"},"progressStage":3,"showAs":"Committee Stage","stageCompleted":false,"stageOutcome":"Current","stageURI":"https:\/\/data.oireachtas.ie\/ie\/oireachtas\/def\/bill-stage\/3","uri":"https:\/\/data.oireachtas.ie\/ie\/oireachtas\/bill\/2023\/28\/stage\/dail\/3"}},"originHouse":{"showAs":"D\u00e1il \u00c9ireann","uri":"https:\/\/data.oireachtas.ie\/ie\/oireachtas\/def\/house\/dail"},"originHouseURI":"https:\/\/data.oireachtas.ie\/ie\/oireachtas\/def\/house\/dail","relatedDocs":[{"relatedDoc":{"date":"2023-03-28","docType":"memo","formats":{"pdf":{"uri":"https:\/\/data.oireachtas.ie\/ie\/oireachtas\/bill\/2023\/28\/eng\/memo\/b2823d-memo.pdf"},"xml":null},"lang":"eng","showAs":"Explanatory Memorandum","uri":"https:\/\/data.oireachtas.ie\/ie\/oireachtas\/bill\/2023\/28\/eng\/memo"}}],"shortTitleEn":"Illegal Israeli Settlements Divestment Bill 2023","shortTitleGa":"An Bille um Dh\u00edfheisti\u00fa as Lonna\u00edochta\u00ed Neamhdhleathacha de chuid Iosrael, 2023","source":"Private Member","sourceURI":"https:\/\/data.oireachtas.ie\/ie\/oireachtas\/def\/bill-source\/private-member","sponsors":[{"sponsor":{"isPrimary":true,"as":{"showAs":null,"uri":null},"by":{"showAs":"John Brady","uri":"https:\/\/data.oireachtas.ie\/ie\/oireachtas\/member\/id\/John-Brady.D.2016-10-03"}}}],"stages":[{"event":{"chamber":{"chamberCode":"dail","showAs":"D\u00e1il \u00c9ireann","uri":"https:\/\/data.oireachtas.ie\/ie\/oireachtas\/def\/house\/dail"},"dates":[{"date":"2023-03-27"},{"date":"2023-03-28"},{"date":"2023-03-28"},{"date":"2023-03-28"}],"house":{"chamberCode":"dail","chamberType":"house","houseCode":"dail","houseNo":"33","showAs":"33rd D\u00e1il","uri":"https:\/\/data.oireachtas.ie\/ie\/oireachtas\/house\/dail\/33"},"progressStage":1,"showAs":"First Stage","stageCompleted":true,"stageOutcome":null,"stageURI":"https:\/\/data.oireachtas.ie\/ie\/oireachtas\/def\/bill-stage\/1","uri":"https:\/\/data.oireachtas.ie\/ie\/oireachtas\/bill\/2023\/28\/stage\/dail\/1"}},{"event":{"chamber":{"chamberCode":"dail","showAs":"D\u00e1il \u00c9ireann","uri":"https:\/\/data.oireachtas.ie\/ie\/oireachtas\/def\/house\/dail"},"dates":[{"date":"2023-03-28"},{"date":"2023-03-28"},{"date":"2023-03-28"},{"date":"2023-03-28"},{"date":"2023-03-28"}],"house":{"chamberCode":"dail","chamberType":"house","houseCode":"dail","houseNo":"33","showAs":"33rd D\u00e1il","uri":"https:\/\/data.oireachtas.ie\/ie\/oireachtas\/house\/dail\/33"},"progressStage":2,"showAs":"Second Stage","stageCompleted":false,"stageOutcome":null,"stageURI":"https:\/\/data.oireachtas.ie\/ie\/oireachtas\/def\/bill-stage\/2","uri":"https:\/\/data.oireachtas.ie\/ie\/oireachtas\/bill\/2023\/28\/stage\/dail\/2"}},{"event":{"chamber":{"chamberCode":"dail","showAs":"D\u00e1il \u00c9ireann","uri":"https:\/\/data.oireachtas.ie\/ie\/oireachtas\/def\/house\/dail"},"dates":[{"date":"2026-02-24"},{"date":"2026-02-24"}],"house":{"chamberCode":"dail","chamberType":"house","houseCode":"dail","houseNo":"34","showAs":"34th D\u00e1il","uri":"https:\/\/data.oireachtas.ie\/ie\/oireachtas\/house\/dail\/34"},"progressStage":3,"showAs":"Committee Stage","stageCompleted":false,"stageOutcome":"Current","stageURI":"https:\/\/data.oireachtas.ie\/ie\/oireachtas\/def\/bill-stage\/3","uri":"https:\/\/data.oireachtas.ie\/ie\/oireachtas\/bill\/2023\/28\/stage\/dail\/3"}}],"status":"Current","statusURI":"https:\/\/data.oireachtas.ie\/ie\/oireachtas\/def\/bill-status\/published","uri":"https:\/\/data.oireachtas.ie\/ie\/oireachtas\/bill\/2023\/28","versions":[{"version":{"lang":"eng","docType":"bill","showAs":"As Initiated","date":"2023-03-28","formats":{"pdf":{"uri":"https:\/\/data.oireachtas.ie\/ie\/oireachtas\/bill\/2023\/28\/eng\/initiated\/b2823d.pdf"},"xml":null},"uri":"https:\/\/data.oireachtas.ie\/ie\/oireachtas\/bill\/2023\/28\/eng\/initiated"}}]},"contextDate":"2026-02-24","billSort":{"actNoSort":null,"actShortTitleEnSort":null,"actShortTitleGaSort":null,"actYearSort":null,"billNoSort":28,"billShortTitleEnSort":"illegal-israeli-settlements-divestment-bill-2023","billShortTitleGaSort":"an-bille-um-dhifheistiu-as-lonnaiochtai-neamhdhleathacha-de-chuid-iosrael-2023","billYearSort":2023}},{"bill":{"act":null,"amendmentLists":[],"billNo":"27","billType":"Public","billTypeURI":"https:\/\/data.oireachtas.ie\/ie\/oireachtas\/def\/bill-type\/public","billYear":"2023","debates":[{"chamber":{"showAs":"D\u00e1il \u00c9ireann","uri":"https:\/\/data.oireachtas.ie\/ie\/oireachtas\/def\/house\/dail"},"date":"2023-12-07","debateSectionId":"dbsect_42","showAs":"Tenancy Protection Bill 2023: Second Stage [Private Members]","uri":"https:\/\/data.oireachtas.ie\/akn\/ie\/debateRecord\/dail\/2023-12-07\/debate\/main"},{"chamber":{"showAs":"D\u00e1il \u00c9ireann","uri":"https:\/\/data.oireachtas.ie\/ie\/oireachtas\/def\/house\/dail"},"date":"2023-03-28","debateSectionId":"dbsect_8","showAs":"Tenancy Protection Bill 2023: First Stage","uri":"https:\/\/data.oireachtas.ie\/akn\/ie\/debateRecord\/dail\/2023-03-28\/debate\/main"}],"events":[{"event":{"chamber":{"chamberCode":"dail","showAs":"D\u00e1il \u00c9ireann","uri":"https:\/\/data.oireachtas.ie\/ie\/oireachtas\/def\/house\/dail"},"dates":[{"date":"2023-01-24"},{"date":"2023-03-06"},{"date":"2023-03-28"},{"date":"2025-05-01"}],"eventURI":"https:\/\/data.oireachtas.ie\/ie\/oireachtas\/def\/bill-event\/admissibility-for-introduction","showAs":"Admissibility for Introduction","uri":"https:\/\/data.oireachtas.ie\/ie\/oireachtas\/bill\/2023\/27\/admissibility-for-introduction"}},{"event":{"chamber":{"chamberCode":"dail","showAs":"D\u00e1il \u00c9ireann","uri":"https:\/\/data.oireachtas.ie\/ie\/oireachtas\/def\/house\/dail"},"dates":[{"date":"2024-11-08"}],"eventURI":"https:\/\/data.oireachtas.ie\/ie\/oireachtas\/def\/bill-event\/bill-lapsed","showAs":"Bill Lapsed","uri":"https:\/\/data.oireachtas.ie\/ie\/oireachtas\/bill\/2023\/27\/bill-lapsed"}}],"lastUpdated":"2025-05-02T11:42:37.920000+00:00","longTitleEn":"<p>Bill entitled an Act to amend section 35A of the Residential Tenancies Act 2004 (as amended) so as to protect tenants of multi-unit developments from large-scale evictions.<\/p>\n","longTitleGa":"<p>Bille d\u00e1 ngairtear Acht do leas\u00fa alt 35A den Acht um Thion\u00f3ntachta\u00ed C\u00f3naithe, 2004 (arna leas\u00fa) d\u2019fhonn tion\u00f3nta\u00ed forbairt\u00ed ilaonad a chosaint ar dh\u00edshealbhuithe m\u00f3rsc\u00e1la.<\/p>\n","method":"Introduced","methodURI":"https:\/\/data.oireachtas.ie\/ie\/oireachtas\/def\/bill-method\/introduced","mostRecentStage":{"event":{"chamber":{"chamberCode":"dail","showAs":"D\u00e1il \u00c9ireann","uri":"https:\/\/data.oireachtas.ie\/ie\/oireachtas\/def\/house\/dail"},"dates":[{"date":"2024-11-08"},{"date":"2025-05-01"}],"house":{"chamberCode":"dail","chamberType":"house","houseCode":"dail","houseNo":"33","showAs":"33rd D\u00e1il","uri":"https:\/\/data.oireachtas.ie\/ie\/oireachtas\/house\/dail\/33"},"progressStage":3,"showAs":"Committee Stage","stageCompleted":false,"stageOutcome":"Current","stageURI":"https:\/\/data.oireachtas.ie\/ie\/oireachtas\/def\/bill-stage\/3","uri":"https:\/\/data.oireachtas.ie\/ie\/oireachtas\/bill\/2023\/27\/stage\/dail\/3"}},"originHouse":{"showAs":"D\u00e1il \u00c9ireann","uri":"https:\/\/data.oireachtas.ie\/ie\/oireachtas\/def\/house\/dail"},"originHouseURI":"https:\/\/data.oireachtas.ie\/ie\/oireachtas\/def\/house\/dail","relatedDocs":[{"relatedDoc":{"date":"2023-03-28","docType":"memo","formats":{"pdf":{"uri":"https:\/\/data.oireachtas.ie\/ie\/oireachtas\/bill\/2023\/27\/eng\/memo\/b2723d-memo.pdf"},"xml":null},"lang":"eng","showAs":"Explanatory Memorandum","uri":"https:\/\/data.oireachtas.ie\/ie\/oireachtas\/bill\/2023\/27\/eng\/memo"}}],"shortTitleEn":"Tenancy Protection Bill 2023","shortTitleGa":"An Bille um Chosaint Tion\u00f3ntachta, 2023","source":"Private Member","sourceURI":"https:\/\/data.oireachtas.ie\/ie\/oireachtas\/def\/bill-source\/private-member","sponsors":[{"sponsor":{"as":{"showAs":null,"uri":null},"by":{"showAs":"Cian O'Callaghan","uri":"https:\/\/data.oireachtas.ie\/ie\/oireachtas\/member\/id\/Cian-O'Callaghan.D.2020-02-08"},"isPrimary":true}}],"stages":[{"event":{"chamber":{"chamberCode":"dail","showAs":"D\u00e1il \u00c9ireann","uri":"https:\/\/data.oireachtas.ie\/ie\/oireachtas\/def\/house\/dail"},"dates":[{"date":"2023-01-24"},{"date":"2023-03-06"},{"date":"2023-03-28"},{"date":"2023-03-28"}],"house":{"chamberCode":"dail","chamberType":"house","houseCode":"dail","houseNo":"33","showAs":"33rd D\u00e1il","uri":"https:\/\/data.oireachtas.ie\/ie\/oireachtas\/house\/dail\/33"},"progressStage":1,"showAs":"First Stage","stageCompleted":true,"stageOutcome":null,"stageURI":"https:\/\/data.oireachtas.ie\/ie\/oireachtas\/def\/bill-stage\/1","uri":"https:\/\/data.oireachtas.ie\/ie\/oireachtas\/bill\/2023\/27\/stage\/dail\/1"}},{"event":{"chamber":{"chamberCode":"dail","showAs":"D\u00e1il \u00c9ireann","uri":"https:\/\/data.oireachtas.ie\/ie\/oireachtas\/def\/house\/dail"},"dates":[{"date":"2023-03-28"}],"house":{"chamberCode":"dail","chamberType":"house","houseCode":"dail","houseNo":"33","showAs":"33rd D\u00e1il","uri":"https:\/\/data.oireachtas.ie\/ie\/oireachtas\/house\/dail\/33"},"progressStage":2,"showAs":"Second Stage","stageCompleted":true,"stageOutcome":null,"stageURI":"https:\/\/data.oireachtas.ie\/ie\/oireachtas\/def\/bill-stage\/2","uri":"https:\/\/data.oireachtas.ie\/ie\/oireachtas\/bill\/2023\/27\/stage\/dail\/2"}},{"event":{"chamber":{"chamberCode":"dail","showAs":"D\u00e1il \u00c9ireann","uri":"https:\/\/data.oireachtas.ie\/ie\/oireachtas\/def\/house\/dail"},"dates":[{"date":"2024-11-08"},{"date":"2025-05-01"}],"house":{"chamberCode":"dail","chamberType":"house","houseCode":"dail","houseNo":"33","showAs":"33rd D\u00e1il","uri":"https:\/\/data.oireachtas.ie\/ie\/oireachtas\/house\/dail\/33"},"progressStage":3,"showAs":"Committee Stage","stageCompleted":false,"stageOutcome":"Current","stageURI":"https:\/\/data.oireachtas.ie\/ie\/oireachtas\/def\/bill-stage\/3","uri":"https:\/\/data.oireachtas.ie\/ie\/oireachtas\/bill\/2023\/27\/stage\/dail\/3"}}],"status":"Current","statusURI":"https:\/\/data.oireachtas.ie\/ie\/oireachtas\/def\/bill-status\/published","uri":"https:\/\/data.oireachtas.ie\/ie\/oireachtas\/bill\/2023\/27","versions":[{"version":{"date":"2023-03-28","docType":"bill","formats":{"pdf":{"uri":"https:\/\/data.oireachtas.ie\/ie\/oireachtas\/bill\/2023\/27\/eng\/initiated\/b2723d.pdf"},"xml":null},"lang":"eng","showAs":"As Initiated","uri":"https:\/\/data.oireachtas.ie\/ie\/oireachtas\/bill\/2023\/27\/eng\/initiated"}}]},"billSort":{"actNoSort":null,"actShortTitleEnSort":null,"actShortTitleGaSort":null,"actYearSort":null,"billNoSort":27,"billShortTitleEnSort":"tenancy-protection-bill-2023","billShortTitleGaSort":"an-bille-um-chosaint-tionontachta-2023","billYearSort":2023},"contextDate":"2025-05-01"},{"bill":{"act":null,"amendmentLists":[],"billNo":"26","billType":"Public","billTypeURI":"https:\/\/data.oireachtas.ie\/ie\/oireachtas\/def\/bill-type\/public","billYear":"2023","debates":[{"chamber":{"showAs":"Seanad \u00c9ireann","uri":"https:\/\/data.oireachtas.ie\/ie\/oireachtas\/def\/house\/seanad"},"date":"2023-04-20","debateSectionId":"dbsect_12","showAs":"Health (Assisted Human Reproduction) Bill 2023: Second Stage","uri":"https:\/\/data.oireachtas.ie\/akn\/ie\/debateRecord\/seanad\/2023-04-20\/debate\/main"},{"chamber":{"showAs":"Seanad \u00c9ireann","uri":"https:\/\/data.oireachtas.ie\/ie\/oireachtas\/def\/house\/seanad"},"date":"2023-03-28","debateSectionId":"dbsect_11","showAs":"Health (Assisted Human Reproduction) Bill 2023: First Stage","uri":"https:\/\/data.oireachtas.ie\/akn\/ie\/debateRecord\/seanad\/2023-03-28\/debate\/main"}],"events":[{"event":{"chamber":{"chamberCode":"seanad","showAs":"Seanad \u00c9ireann","uri":"https:\/\/data.oireachtas.ie\/ie\/oireachtas\/def\/house\/seanad"},"dates":[{"date":"2023-03-28"},{"date":"2025-03-27"}],"eventURI":"https:\/\/data.oireachtas.ie\/ie\/oireachtas\/def\/bill-event\/published","showAs":"Published","uri":"https:\/\/data.oireachtas.ie\/ie\/oireachtas\/bill\/2023\/26\/published"}},{"event":{"chamber":{"chamberCode":"seanad","showAs":"Seanad \u00c9ireann","uri":"https:\/\/data.oireachtas.ie\/ie\/oireachtas\/def\/house\/seanad"},"dates":[{"date":"2025-01-29"}],"eventURI":"https:\/\/data.oireachtas.ie\/ie\/oireachtas\/def\/bill-event\/bill-lapsed","showAs":"Bill Lapsed","uri":"https:\/\/data.oireachtas.ie\/ie\/oireachtas\/bill\/2023\/26\/bill-lapsed"}}],"lastUpdated":"2025-03-28T10:59:41.750000+00:00","longTitleEn":"<p>Bill entitled an Act to provide for the establishment of a body, to be known in the Irish language as&nbsp;<em>An Coiste Comhairleach um Ch\u00f3ire\u00e1il At\u00e1irgthe Dhaonna Chuidithe<\/em> or in the English language as the Assisted Human Reproduction Treatment Advisory Committee, to advise on criteria for eligibility for financial assistance with assisted human reproduction treatment and to provide for related matters.<\/p>\n","longTitleGa":"<p>Bille d\u00e1 ngairtear Acht do bhun\u00fa comhlacht ar a dtabharfar, sa Ghaeilge, An Coiste Comhairleach um Ch\u00f3ire\u00e1il At\u00e1irgthe Dhaonna Chuidithe, n\u00f3 sa Bh\u00e9arla, <em>the Assisted Human Reproduction Treatment Advisory Committee<\/em>, chun comhairle a thabhairt maidir le crit\u00e9ir inch\u00e1ilitheachta le haghaidh c\u00fanamh airgeadais i nd\u00e1il le hat\u00e1irgeadh daonna cuidithe agus do dh\u00e9anamh socr\u00fa i dtaobh nithe gaolmhara.<\/p>\n","method":"Introduced","methodURI":"https:\/\/data.oireachtas.ie\/ie\/oireachtas\/def\/bill-method\/introduced","mostRecentStage":{"event":{"chamber":{"chamberCode":"seanad","showAs":"Seanad \u00c9ireann","uri":"https:\/\/data.oireachtas.ie\/ie\/oireachtas\/def\/house\/seanad"},"dates":[{"date":"2025-01-29"},{"date":"2025-03-27"}],"house":{"chamberCode":"seanad","chamberType":"house","houseCode":"seanad","houseNo":"27","showAs":"27th Seanad","uri":"https:\/\/data.oireachtas.ie\/ie\/oireachtas\/house\/seanad\/27"},"progressStage":3,"showAs":"Committee Stage","stageCompleted":false,"stageOutcome":"Current","stageURI":"https:\/\/data.oireachtas.ie\/ie\/oireachtas\/def\/bill-stage\/3","uri":"https:\/\/data.oireachtas.ie\/ie\/oireachtas\/bill\/2023\/26\/stage\/seanad\/3"}},"originHouse":{"showAs":"Seanad \u00c9ireann","uri":"https:\/\/data.oireachtas.ie\/ie\/oireachtas\/def\/house\/seanad"},"originHouseURI":"https:\/\/data.oireachtas.ie\/ie\/oireachtas\/def\/house\/seanad","relatedDocs":[],"shortTitleEn":"Health (Assisted Human Reproduction) Bill 2023","shortTitleGa":"An Bille Sl\u00e1inte (At\u00e1irgeadh Daonna Cuidithe), 2023","source":"Private Member","sourceURI":"https:\/\/data.oireachtas.ie\/ie\/oireachtas\/def\/bill-source\/private-member","sponsors":[{"sponsor":{"as":{"showAs":null,"uri":null},"by":{"showAs":"Catherine Ardagh","uri":"https:\/\/data.oireachtas.ie\/ie\/oireachtas\/member\/id\/Catherine-Ardagh.S.2016-04-25"},"isPrimary":true}},{"sponsor":{"as":{"showAs":null,"uri":null},"by":{"showAs":"Fiona O'Loughlin","uri":"https:\/\/data.oireachtas.ie\/ie\/oireachtas\/member\/id\/Fiona-O'Loughlin.D.2016-10-03"},"isPrimary":false}}],"stages":[{"event":{"chamber":{"chamberCode":"seanad","showAs":"Seanad \u00c9ireann","uri":"https:\/\/data.oireachtas.ie\/ie\/oireachtas\/def\/house\/seanad"},"dates":[{"date":"2023-03-28"},{"date":"2023-03-28"}],"house":{"chamberCode":"seanad","chamberType":"house","houseCode":"seanad","houseNo":"26","showAs":"26th Seanad","uri":"https:\/\/data.oireachtas.ie\/ie\/oireachtas\/house\/seanad\/26"},"progressStage":1,"showAs":"First Stage","stageCompleted":true,"stageOutcome":null,"stageURI":"https:\/\/data.oireachtas.ie\/ie\/oireachtas\/def\/bill-stage\/1","uri":"https:\/\/data.oireachtas.ie\/ie\/oireachtas\/bill\/2023\/26\/stage\/seanad\/1"}},{"event":{"chamber":{"chamberCode":"seanad","showAs":"Seanad \u00c9ireann","uri":"https:\/\/data.oireachtas.ie\/ie\/oireachtas\/def\/house\/seanad"},"dates":[{"date":"2023-03-28"}],"house":{"chamberCode":"seanad","chamberType":"house","houseCode":"seanad","houseNo":"26","showAs":"26th Seanad","uri":"https:\/\/data.oireachtas.ie\/ie\/oireachtas\/house\/seanad\/26"},"progressStage":2,"showAs":"Second Stage","stageCompleted":true,"stageOutcome":null,"stageURI":"https:\/\/data.oireachtas.ie\/ie\/oireachtas\/def\/bill-stage\/2","uri":"https:\/\/data.oireachtas.ie\/ie\/oireachtas\/bill\/2023\/26\/stage\/seanad\/2"}},{"event":{"chamber":{"chamberCode":"seanad","showAs":"Seanad \u00c9ireann","uri":"https:\/\/data.oireachtas.ie\/ie\/oireachtas\/def\/house\/seanad"},"dates":[{"date":"2025-01-29"},{"date":"2025-03-27"}],"house":{"chamberCode":"seanad","chamberType":"house","houseCode":"seanad","houseNo":"27","showAs":"27th Seanad","uri":"https:\/\/data.oireachtas.ie\/ie\/oireachtas\/house\/seanad\/27"},"progressStage":3,"showAs":"Committee Stage","stageCompleted":false,"stageOutcome":"Current","stageURI":"https:\/\/data.oireachtas.ie\/ie\/oireachtas\/def\/bill-stage\/3","uri":"https:\/\/data.oireachtas.ie\/ie\/oireachtas\/bill\/2023\/26\/stage\/seanad\/3"}}],"status":"Current","statusURI":"https:\/\/data.oireachtas.ie\/ie\/oireachtas\/def\/bill-status\/published","uri":"https:\/\/data.oireachtas.ie\/ie\/oireachtas\/bill\/2023\/26","versions":[{"version":{"date":"2023-03-28","docType":"bill","formats":{"pdf":{"uri":"https:\/\/data.oireachtas.ie\/ie\/oireachtas\/bill\/2023\/26\/eng\/initiated\/b2623s.pdf"},"xml":null},"lang":"eng","showAs":"As Initiated","uri":"https:\/\/data.oireachtas.ie\/ie\/oireachtas\/bill\/2023\/26\/eng\/initiated"}}]},"billSort":{"actNoSort":null,"actShortTitleEnSort":null,"actShortTitleGaSort":null,"actYearSort":null,"billNoSort":26,"billShortTitleEnSort":"health-assisted-human-reproduction-bill-2023","billShortTitleGaSort":"an-bille-slainte-atairgeadh-daonna-cuidithe-2023","billYearSort":2023},"contextDate":"2025-03-27"},{"bill":{"act":null,"amendmentLists":[{"amendmentList":{"amendmentTypeUri":{"uri":"https:\/\/data.oireachtas.ie\/ie\/oireachtas\/def\/amendment-type\/numberedList"},"chamber":{"showAs":"Dail","uri":"https:\/\/data.oireachtas.ie\/ie\/oireachtas\/def\/dail"},"date":"2023-06-26","formats":{"pdf":{"uri":"https:\/\/data.oireachtas.ie\/ie\/oireachtas\/bill\/2023\/24\/dail\/3\/amendment\/numberedList\/eng\/b2423d-dcnl.pdf"},"xml":null},"showAs":"Numbered List [D\u00e1il]","stage":{"showAs":"Committee Stage","uri":"https:\/\/data.oireachtas.ie\/ie\/oireachtas\/bill\/2023\/24\/dail\/3"},"stageNo":"3"}}],"billNo":"24","billType":"Public","billTypeURI":"https:\/\/data.oireachtas.ie\/ie\/oireachtas\/def\/bill-type\/public","billYear":"2023","debates":[{"chamber":{"showAs":"Select Committee on Education, Further and Higher Education, Research, Innovation and Science","uri":"https:\/\/data.oireachtas.ie\/ie\/oireachtas\/def\/committee"},"date":"2023-06-27","debateSectionId":"dbsect_2","showAs":"Construction Safety Licensing Bill 2023: Committee Stage","uri":"https:\/\/data.oireachtas.ie\/akn\/ie\/debateRecord\/select_committee_on_education_further_and_higher_education_research_innovation_and_science\/2023-06-27\/debate\/main"},{"chamber":{"showAs":"D\u00e1il \u00c9ireann","uri":"https:\/\/data.oireachtas.ie\/ie\/oireachtas\/def\/house\/dail"},"date":"2023-05-04","debateSectionId":"dbsect_20","showAs":"Construction Safety Licensing Bill 2023: Second Stage (Resumed)","uri":"https:\/\/data.oireachtas.ie\/akn\/ie\/debateRecord\/dail\/2023-05-04\/debate\/main"},{"chamber":{"showAs":"D\u00e1il \u00c9ireann","uri":"https:\/\/data.oireachtas.ie\/ie\/oireachtas\/def\/house\/dail"},"date":"2023-05-04","debateSectionId":"dbsect_21","showAs":"Construction Safety Licensing Bill 2023: Referral to Select Committee","uri":"https:\/\/data.oireachtas.ie\/akn\/ie\/debateRecord\/dail\/2023-05-04\/debate\/main"},{"chamber":{"showAs":"D\u00e1il \u00c9ireann","uri":"https:\/\/data.oireachtas.ie\/ie\/oireachtas\/def\/house\/dail"},"date":"2023-05-03","debateSectionId":"dbsect_14","showAs":"Construction Safety Licensing Bill 2023: Second Stage","uri":"https:\/\/data.oireachtas.ie\/akn\/ie\/debateRecord\/dail\/2023-05-03\/debate\/main"}],"events":[{"event":{"chamber":{"chamberCode":"dail","showAs":"D\u00e1il \u00c9ireann","uri":"https:\/\/data.oireachtas.ie\/ie\/oireachtas\/def\/house\/dail"},"dates":[{"date":"2023-03-24"},{"date":"2025-02-05"}],"eventURI":"https:\/\/data.oireachtas.ie\/ie\/oireachtas\/def\/bill-event\/published","showAs":"Published","uri":"https:\/\/data.oireachtas.ie\/ie\/oireachtas\/bill\/2023\/24\/published"}},{"event":{"chamber":{"chamberCode":"dail","showAs":"D\u00e1il \u00c9ireann","uri":"https:\/\/data.oireachtas.ie\/ie\/oireachtas\/def\/house\/dail"},"dates":[{"date":"2024-11-08"}],"eventURI":"https:\/\/data.oireachtas.ie\/ie\/oireachtas\/def\/bill-event\/bill-lapsed","showAs":"Bill Lapsed","uri":"https:\/\/data.oireachtas.ie\/ie\/oireachtas\/bill\/2023\/24\/bill-lapsed"}}],"lastUpdated":"2025-02-05T17:37:18.030000+00:00","longTitleEn":"<p>Bill entitled an Act to provide for the appointment of a licensing authority for the purposes of<br \/>\nlicensing workers carrying out certain activities in relation to construction work; to<br \/>\nprovide for the licensing of tutors providing certain training in relation to construction<br \/>\nwork; to provide for the establishment and maintenance of a register of licensees; to<br \/>\nprovide for the investigation and adjudication of complaints against licensees and<br \/>\nresponsible persons; to establish an appeals committee to determine appeals against<br \/>\ncertain decisions of the licensing authority; to designate the licensing authority to be the<br \/>\ncompetent authority for the purposes of the European Union (Recognition of<br \/>\nProfessional Qualifications) Regulations 2017; and to provide for related matters.<\/p>\n","longTitleGa":"<p>Bille d\u00e1 ngairtear Acht do dh\u00e9anamh socr\u00fa maidir le h\u00fadar\u00e1s cead\u00fan\u00fach\u00e1in a cheapadh chun oibrithe a chomhallann gn\u00edomha\u00edochta\u00ed \u00e1irithe i nd\u00e1il le hobair foirgn\u00edochta a chead\u00fan\u00fa; do dh\u00e9anamh socr\u00fa maidir le hoid\u00ed a shol\u00e1thra\u00edonn oili\u00faint \u00e1irithe i nd\u00e1il le hobair foirgn\u00edochta a chead\u00fan\u00fa; do dh\u00e9anamh socr\u00fa maidir le cl\u00e1r de chead\u00fanaithe a bhun\u00fa agus a chothabh\u00e1il; do dh\u00e9anamh socr\u00fa maidir le gear\u00e1in i gcoinne cead\u00fanaithe agus&nbsp;daoine freagracha&nbsp;a imscr\u00fad\u00fa agus a bhreithni\u00fa; do bhun\u00fa coiste achomhairc chun achomhairc i gcoinne breitheanna \u00e1irithe \u00f3n \u00fadar\u00e1s cead\u00fan\u00fach\u00e1in a chinneadh; do shainainmni\u00fa an \u00fadar\u00e1is cead\u00fan\u00fach\u00e1in mar an t-\u00fadar\u00e1s inni\u00fail chun cr\u00edocha Rialach\u00e1in an Aontais Eorpaigh (C\u00e1il\u00edochta\u00ed Gairmi\u00fala a Aithint), 2017; agus do dh\u00e9anamh socr\u00fa i dtaobh nithe gaolmhara.<\/p>\n","method":"Presented","methodURI":"https:\/\/data.oireachtas.ie\/ie\/oireachtas\/def\/bill-method\/presented","mostRecentStage":{"event":{"chamber":{"chamberCode":"dail","showAs":"D\u00e1il \u00c9ireann","uri":"https:\/\/data.oireachtas.ie\/ie\/oireachtas\/def\/house\/dail"},"dates":[{"date":"2024-11-08"},{"date":"2025-02-05"}],"house":{"chamberCode":"dail","chamberType":"house","houseCode":"dail","houseNo":"33","showAs":"33rd D\u00e1il","uri":"https:\/\/data.oireachtas.ie\/ie\/oireachtas\/house\/dail\/33"},"progressStage":4,"showAs":"Report Stage","stageCompleted":false,"stageOutcome":"Current","stageURI":"https:\/\/data.oireachtas.ie\/ie\/oireachtas\/def\/bill-stage\/4","uri":"https:\/\/data.oireachtas.ie\/ie\/oireachtas\/bill\/2023\/24\/stage\/dail\/4"}},"originHouse":{"showAs":"D\u00e1il \u00c9ireann","uri":"https:\/\/data.oireachtas.ie\/ie\/oireachtas\/def\/house\/dail"},"originHouseURI":"https:\/\/data.oireachtas.ie\/ie\/oireachtas\/def\/house\/dail","relatedDocs":[{"relatedDoc":{"date":"2023-05-08","docType":"digest","formats":{"pdf":{"uri":"https:\/\/data.oireachtas.ie\/ie\/oireachtas\/bill\/2023\/24\/eng\/digest\/lrsdigestconstructionsafety-020523-95538.pdf"},"xml":null},"lang":"eng","showAs":"Bill Digest","uri":"https:\/\/data.oireachtas.ie\/ie\/oireachtas\/bill\/2023\/24\/eng\/digest"}},{"relatedDoc":{"date":"2023-05-03","docType":"gluais","formats":{"pdf":{"uri":"https:\/\/data.oireachtas.ie\/ie\/oireachtas\/bill\/2023\/24\/mul\/gluais\/gluais-15-2023-an-bille-um-cheadunu-sabhailteachta-foirgniochta-2023.pdf"},"xml":null},"lang":"mul","showAs":"Glossary\/Gluais","uri":"https:\/\/data.oireachtas.ie\/ie\/oireachtas\/bill\/2023\/24\/mul\/gluais"}},{"relatedDoc":{"date":"2023-05-02","docType":"digest","formats":{"pdf":{"uri":"https:\/\/data.oireachtas.ie\/ie\/oireachtas\/bill\/2023\/24\/eng\/digest\/constructionsafety-bill-digest.pdf"},"xml":null},"lang":"eng","showAs":"Bill Digest","uri":"https:\/\/data.oireachtas.ie\/ie\/oireachtas\/bill\/2023\/24\/eng\/digest"}},{"relatedDoc":{"date":"2023-03-24","docType":"memo","formats":{"pdf":{"uri":"https:\/\/data.oireachtas.ie\/ie\/oireachtas\/bill\/2023\/24\/eng\/memo\/b2423d-ex-memo.pdf"},"xml":null},"lang":"eng","showAs":"Explanatory Memorandum","uri":"https:\/\/data.oireachtas.ie\/ie\/oireachtas\/bill\/2023\/24\/eng\/memo"}}],"shortTitleEn":"Construction Safety Licensing Bill 2023","shortTitleGa":"An Bille um Chead\u00fan\u00fa S\u00e1bh\u00e1ilteachta Foirgn\u00edochta, 2023","source":"Government","sourceURI":"https:\/\/data.oireachtas.ie\/ie\/oireachtas\/def\/bill-source\/government","sponsors":[{"sponsor":{"as":{"showAs":"Minister for Further and Higher Education, Research, Innovation and Science","uri":null},"by":{"showAs":null,"uri":null},"isPrimary":true}}],"stages":[{"event":{"chamber":{"chamberCode":"dail","showAs":"D\u00e1il \u00c9ireann","uri":"https:\/\/data.oireachtas.ie\/ie\/oireachtas\/def\/house\/dail"},"dates":[{"date":"2023-03-24"},{"date":"2023-03-24"}],"house":{"chamberCode":"dail","chamberType":"house","houseCode":"dail","houseNo":"33","showAs":"33rd D\u00e1il","uri":"https:\/\/data.oireachtas.ie\/ie\/oireachtas\/house\/dail\/33"},"progressStage":1,"showAs":"First Stage","stageCompleted":true,"stageOutcome":null,"stageURI":"https:\/\/data.oireachtas.ie\/ie\/oireachtas\/def\/bill-stage\/1","uri":"https:\/\/data.oireachtas.ie\/ie\/oireachtas\/bill\/2023\/24\/stage\/dail\/1"}},{"event":{"chamber":{"chamberCode":"dail","showAs":"D\u00e1il \u00c9ireann","uri":"https:\/\/data.oireachtas.ie\/ie\/oireachtas\/def\/house\/dail"},"dates":[{"date":"2023-05-03"}],"house":{"chamberCode":"dail","chamberType":"house","houseCode":"dail","houseNo":"33","showAs":"33rd D\u00e1il","uri":"https:\/\/data.oireachtas.ie\/ie\/oireachtas\/house\/dail\/33"},"progressStage":2,"showAs":"Second Stage","stageCompleted":true,"stageOutcome":null,"stageURI":"https:\/\/data.oireachtas.ie\/ie\/oireachtas\/def\/bill-stage\/2","uri":"https:\/\/data.oireachtas.ie\/ie\/oireachtas\/bill\/2023\/24\/stage\/dail\/2"}},{"event":{"chamber":{"chamberCode":"dail","showAs":"D\u00e1il \u00c9ireann","uri":"https:\/\/data.oireachtas.ie\/ie\/oireachtas\/def\/house\/dail"},"dates":[{"date":"2023-05-03"}],"house":{"chamberCode":"dail","chamberType":"house","houseCode":"dail","houseNo":"33","showAs":"33rd D\u00e1il","uri":"https:\/\/data.oireachtas.ie\/ie\/oireachtas\/house\/dail\/33"},"progressStage":3,"showAs":"Committee Stage","stageCompleted":true,"stageOutcome":null,"stageURI":"https:\/\/data.oireachtas.ie\/ie\/oireachtas\/def\/bill-stage\/3","uri":"https:\/\/data.oireachtas.ie\/ie\/oireachtas\/bill\/2023\/24\/stage\/dail\/3"}},{"event":{"chamber":{"chamberCode":"dail","showAs":"D\u00e1il \u00c9ireann","uri":"https:\/\/data.oireachtas.ie\/ie\/oireachtas\/def\/house\/dail"},"dates":[{"date":"2024-11-08"},{"date":"2025-02-05"}],"house":{"chamberCode":"dail","chamberType":"house","houseCode":"dail","houseNo":"33","showAs":"33rd D\u00e1il","uri":"https:\/\/data.oireachtas.ie\/ie\/oireachtas\/house\/dail\/33"},"progressStage":4,"showAs":"Report Stage","stageCompleted":false,"stageOutcome":"Current","stageURI":"https:\/\/data.oireachtas.ie\/ie\/oireachtas\/def\/bill-stage\/4","uri":"https:\/\/data.oireachtas.ie\/ie\/oireachtas\/bill\/2023\/24\/stage\/dail\/4"}}],"status":"Current","statusURI":"https:\/\/data.oireachtas.ie\/ie\/oireachtas\/def\/bill-status\/published","uri":"https:\/\/data.oireachtas.ie\/ie\/oireachtas\/bill\/2023\/24","versions":[{"version":{"date":"2023-06-27","docType":"bill","formats":{"pdf":{"uri":"https:\/\/data.oireachtas.ie\/ie\/oireachtas\/bill\/2023\/24\/eng\/ver_a\/b24a23d.pdf"},"xml":null},"lang":"eng","showAs":"As amended in Committee\/Select Committee [D\u00e1il \u00c9ireann]","uri":"https:\/\/data.oireachtas.ie\/ie\/oireachtas\/bill\/2023\/24\/eng\/ver_a"}},{"version":{"date":"2023-03-24","docType":"bill","formats":{"pdf":{"uri":"https:\/\/data.oireachtas.ie\/ie\/oireachtas\/bill\/2023\/24\/eng\/initiated\/b2423d.pdf"},"xml":null},"lang":"eng","showAs":"As Initiated","uri":"https:\/\/data.oireachtas.ie\/ie\/oireachtas\/bill\/2023\/24\/eng\/initiated"}}]},"billSort":{"actNoSort":null,"actShortTitleEnSort":null,"actShortTitleGaSort":null,"actYearSort":null,"billNoSort":24,"billShortTitleEnSort":"construction-safety-licensing-bill-2023","billShortTitleGaSort":"an-bille-um-cheadunu-sabhailteachta-foirgniochta-2023","billYearSort":2023},"contextDate":"2025-02-05"},{"bill":{"act":null,"amendmentLists":[],"billNo":"23","billType":"Public","billTypeURI":"https:\/\/data.oireachtas.ie\/ie\/oireachtas\/def\/bill-type\/public","billYear":"2023","debates":[{"chamber":{"showAs":"D\u00e1il \u00c9ireann","uri":"https:\/\/data.oireachtas.ie\/ie\/oireachtas\/def\/house\/dail"},"date":"2023-03-22","debateSectionId":"dbsect_11","showAs":"Unfair Dismissals (Increased Protections for Workers) (Amendment) Bill 2023: First Stage","uri":"https:\/\/data.oireachtas.ie\/akn\/ie\/debateRecord\/dail\/2023-03-22\/debate\/main"}],"events":[{"event":{"chamber":{"chamberCode":"dail","showAs":"D\u00e1il \u00c9ireann","uri":"https:\/\/data.oireachtas.ie\/ie\/oireachtas\/def\/house\/dail"},"dates":[{"date":"2022-09-27"},{"date":"2023-03-08"},{"date":"2023-03-22"},{"date":"2025-05-01"}],"eventURI":"https:\/\/data.oireachtas.ie\/ie\/oireachtas\/def\/bill-event\/admissibility-for-introduction","showAs":"Admissibility for Introduction","uri":"https:\/\/data.oireachtas.ie\/ie\/oireachtas\/bill\/2023\/23\/admissibility-for-introduction"}},{"event":{"chamber":{"chamberCode":"dail","showAs":"D\u00e1il \u00c9ireann","uri":"https:\/\/data.oireachtas.ie\/ie\/oireachtas\/def\/house\/dail"},"dates":[{"date":"2024-11-08"}],"eventURI":"https:\/\/data.oireachtas.ie\/ie\/oireachtas\/def\/bill-event\/bill-lapsed","showAs":"Bill Lapsed","uri":"https:\/\/data.oireachtas.ie\/ie\/oireachtas\/bill\/2023\/23\/bill-lapsed"}}],"lastUpdated":"2025-05-02T13:47:51.740000+00:00","longTitleEn":"<p>Bill entitled an Act to amend the Unfair Dismissals Act 1977 to increase workers protections under that Act by broadening the categories of workers included in that Act, further protecting workers who engage in industrial action, shielding workers under protected categories from unfair dismissals, and reforming the system of compensation afforded under that Act.<\/p>\n","longTitleGa":"<p>Bille d\u00e1 ngairtear Acht do leas\u00fa an Achta um Dh\u00edfhost\u00fa \u00c9ag\u00f3rach, 1977 chun m\u00e9ad\u00fa a dh\u00e9anamh ar chosaint\u00ed oibrithe faoin Acht sin tr\u00ed na hearn\u00e1lacha oibrithe a \u00e1ir\u00edtear san Acht sin a leathn\u00fa, chun oibrithe a ghabhann do ghn\u00edomh tionscail a chosaint tuilleadh, chun oibrithe faoi earn\u00e1lacha cosanta a dh\u00eddean ar dh\u00edfhost\u00fa \u00e9ag\u00f3rach, agus chun an c\u00f3ras c\u00faitimh a thugtar faoin Acht sin a athch\u00f3iri\u00fa.<\/p>\n","method":"Introduced","methodURI":"https:\/\/data.oireachtas.ie\/ie\/oireachtas\/def\/bill-method\/introduced","mostRecentStage":{"event":{"chamber":{"chamberCode":"dail","showAs":"D\u00e1il \u00c9ireann","uri":"https:\/\/data.oireachtas.ie\/ie\/oireachtas\/def\/house\/dail"},"dates":[{"date":"2024-11-08"},{"date":"2025-05-01"}],"house":{"chamberCode":"dail","chamberType":"house","houseCode":"dail","houseNo":"33","showAs":"33rd D\u00e1il","uri":"https:\/\/data.oireachtas.ie\/ie\/oireachtas\/house\/dail\/33"},"progressStage":2,"showAs":"Second Stage","stageCompleted":false,"stageOutcome":"Current","stageURI":"https:\/\/data.oireachtas.ie\/ie\/oireachtas\/def\/bill-stage\/2","uri":"https:\/\/data.oireachtas.ie\/ie\/oireachtas\/bill\/2023\/23\/stage\/dail\/2"}},"originHouse":{"showAs":"D\u00e1il \u00c9ireann","uri":"https:\/\/data.oireachtas.ie\/ie\/oireachtas\/def\/house\/dail"},"originHouseURI":"https:\/\/data.oireachtas.ie\/ie\/oireachtas\/def\/house\/dail","relatedDocs":[{"relatedDoc":{"date":"2023-03-22","docType":"memo","formats":{"pdf":{"uri":"https:\/\/data.oireachtas.ie\/ie\/oireachtas\/bill\/2023\/23\/eng\/memo\/b2323d-memo.pdf"},"xml":null},"lang":"eng","showAs":"Explanatory Memorandum","uri":"https:\/\/data.oireachtas.ie\/ie\/oireachtas\/bill\/2023\/23\/eng\/memo"}}],"shortTitleEn":"Unfair Dismissals (Increased Protections for Workers) (Amendment) Bill 2023","shortTitleGa":"An Bille um Dh\u00edfhost\u00fa \u00c9ag\u00f3rach (Cosaint\u00ed M\u00e9adaithe d\u2019Oibrithe) (Leas\u00fa), 2023","source":"Private Member","sourceURI":"https:\/\/data.oireachtas.ie\/ie\/oireachtas\/def\/bill-source\/private-member","sponsors":[{"sponsor":{"as":{"showAs":null,"uri":null},"by":{"showAs":"Catherine Murphy","uri":"https:\/\/data.oireachtas.ie\/ie\/oireachtas\/member\/id\/Catherine-Murphy.D.2005-03-11"},"isPrimary":true}}],"stages":[{"event":{"chamber":{"chamberCode":"dail","showAs":"D\u00e1il \u00c9ireann","uri":"https:\/\/data.oireachtas.ie\/ie\/oireachtas\/def\/house\/dail"},"dates":[{"date":"2022-09-27"},{"date":"2023-03-08"},{"date":"2023-03-22"},{"date":"2023-03-22"}],"house":{"chamberCode":"dail","chamberType":"house","houseCode":"dail","houseNo":"33","showAs":"33rd D\u00e1il","uri":"https:\/\/data.oireachtas.ie\/ie\/oireachtas\/house\/dail\/33"},"progressStage":1,"showAs":"First Stage","stageCompleted":true,"stageOutcome":null,"stageURI":"https:\/\/data.oireachtas.ie\/ie\/oireachtas\/def\/bill-stage\/1","uri":"https:\/\/data.oireachtas.ie\/ie\/oireachtas\/bill\/2023\/23\/stage\/dail\/1"}},{"event":{"chamber":{"chamberCode":"dail","showAs":"D\u00e1il \u00c9ireann","uri":"https:\/\/data.oireachtas.ie\/ie\/oireachtas\/def\/house\/dail"},"dates":[{"date":"2024-11-08"},{"date":"2025-05-01"}],"house":{"chamberCode":"dail","chamberType":"house","houseCode":"dail","houseNo":"33","showAs":"33rd D\u00e1il","uri":"https:\/\/data.oireachtas.ie\/ie\/oireachtas\/house\/dail\/33"},"progressStage":2,"showAs":"Second Stage","stageCompleted":false,"stageOutcome":"Current","stageURI":"https:\/\/data.oireachtas.ie\/ie\/oireachtas\/def\/bill-stage\/2","uri":"https:\/\/data.oireachtas.ie\/ie\/oireachtas\/bill\/2023\/23\/stage\/dail\/2"}}],"status":"Current","statusURI":"https:\/\/data.oireachtas.ie\/ie\/oireachtas\/def\/bill-status\/published","uri":"https:\/\/data.oireachtas.ie\/ie\/oireachtas\/bill\/2023\/23","versions":[{"version":{"date":"2023-03-22","docType":"bill","formats":{"pdf":{"uri":"https:\/\/data.oireachtas.ie\/ie\/oireachtas\/bill\/2023\/23\/eng\/initiated\/b2323d.pdf"},"xml":null},"lang":"eng","showAs":"As Initiated","uri":"https:\/\/data.oireachtas.ie\/ie\/oireachtas\/bill\/2023\/23\/eng\/initiated"}}]},"billSort":{"actNoSort":null,"actShortTitleEnSort":null,"actShortTitleGaSort":null,"actYearSort":null,"billNoSort":23,"billShortTitleEnSort":"unfair-dismissals-increased-protections-for-workers-amendment-bill-2023","billShortTitleGaSort":"an-bille-um-dhifhostu-eagorach-cosainti-meadaithe-doibrithe-leasu-2023","billYearSort":2023},"contextDate":"2025-05-01"},{"bill":{"act":null,"amendmentLists":[],"billNo":"22","billType":"Public","billTypeURI":"https:\/\/data.oireachtas.ie\/ie\/oireachtas\/def\/bill-type\/public","billYear":"2023","debates":[{"chamber":{"showAs":"D\u00e1il \u00c9ireann","uri":"https:\/\/data.oireachtas.ie\/ie\/oireachtas\/def\/house\/dail"},"date":"2023-03-21","debateSectionId":"dbsect_4","showAs":"Child Care (Amendment) Bill 2023: First Stage","uri":"https:\/\/data.oireachtas.ie\/akn\/ie\/debateRecord\/dail\/2023-03-21\/debate\/main"}],"events":[{"event":{"chamber":{"chamberCode":"dail","showAs":"D\u00e1il \u00c9ireann","uri":"https:\/\/data.oireachtas.ie\/ie\/oireachtas\/def\/house\/dail"},"dates":[{"date":"2023-03-20"},{"date":"2023-03-20"},{"date":"2023-03-21"},{"date":"2025-05-01"},{"date":"2025-05-13"}],"eventURI":"https:\/\/data.oireachtas.ie\/ie\/oireachtas\/def\/bill-event\/admissibility-for-introduction","showAs":"Admissibility for Introduction","uri":"https:\/\/data.oireachtas.ie\/ie\/oireachtas\/bill\/2023\/22\/admissibility-for-introduction"}},{"event":{"chamber":{"chamberCode":"dail","showAs":"D\u00e1il \u00c9ireann","uri":"https:\/\/data.oireachtas.ie\/ie\/oireachtas\/def\/house\/dail"},"dates":[{"date":"2024-11-08"}],"eventURI":"https:\/\/data.oireachtas.ie\/ie\/oireachtas\/def\/bill-event\/bill-lapsed","showAs":"Bill Lapsed","uri":"https:\/\/data.oireachtas.ie\/ie\/oireachtas\/bill\/2023\/22\/bill-lapsed"}}],"lastUpdated":"2025-05-13T15:36:09.940000+00:00","longTitleEn":"<p>Bill entitled an Act to regulate the sale of nitrous oxide gas by prohibiting its sale in a reusable cylinder or disposable cartridge to a person who has not attained the age of 18 years and for that purpose to amend the Child Care Act 1991 and to provide for related matters.<\/p>\n","longTitleGa":"<p>Bille d\u00e1 ngairtear Acht chun d\u00edol g\u00e1is ocsa\u00edde n\u00edtri\u00fala a rial\u00e1il tr\u00ed thoirmeasc a chur lena dh\u00edol i sorc\u00f3ir in-ath\u00fas\u00e1idte n\u00f3 i gcart\u00fas indi\u00fascartha le duine nach bhfuil 18 mbliana d\u2019aois sl\u00e1naithe aige n\u00f3 aici agus, chun na cr\u00edche sin, do leas\u00fa an Achta um Ch\u00faram Leana\u00ed, 1991 agus do dh\u00e9anamh socr\u00fa i dtaobh nithe gaolmhara.<\/p>\n","method":"Introduced","methodURI":"https:\/\/data.oireachtas.ie\/ie\/oireachtas\/def\/bill-method\/introduced","mostRecentStage":{"event":{"chamber":{"chamberCode":"dail","showAs":"D\u00e1il \u00c9ireann","uri":"https:\/\/data.oireachtas.ie\/ie\/oireachtas\/def\/house\/dail"},"dates":[{"date":"2023-03-20"},{"date":"2023-03-20"},{"date":"2023-03-21"},{"date":"2023-03-21"}],"house":{"chamberCode":"dail","chamberType":"house","houseCode":"dail","houseNo":"33","showAs":"33rd D\u00e1il","uri":"https:\/\/data.oireachtas.ie\/ie\/oireachtas\/house\/dail\/33"},"progressStage":1,"showAs":"First Stage","stageCompleted":true,"stageOutcome":null,"stageURI":"https:\/\/data.oireachtas.ie\/ie\/oireachtas\/def\/bill-stage\/1","uri":"https:\/\/data.oireachtas.ie\/ie\/oireachtas\/bill\/2023\/22\/stage\/dail\/1"}},"originHouse":{"showAs":"D\u00e1il \u00c9ireann","uri":"https:\/\/data.oireachtas.ie\/ie\/oireachtas\/def\/house\/dail"},"originHouseURI":"https:\/\/data.oireachtas.ie\/ie\/oireachtas\/def\/house\/dail","relatedDocs":[{"relatedDoc":{"date":"2023-03-21","docType":"memo","formats":{"pdf":{"uri":"https:\/\/data.oireachtas.ie\/ie\/oireachtas\/bill\/2023\/22\/eng\/memo\/b2223d-memo.pdf"},"xml":null},"lang":"eng","showAs":"Explanatory Memorandum","uri":"https:\/\/data.oireachtas.ie\/ie\/oireachtas\/bill\/2023\/22\/eng\/memo"}}],"shortTitleEn":"Child Care (Amendment) Bill 2023","shortTitleGa":"An Bille um Ch\u00faram Leana\u00ed (Leas\u00fa), 2023","source":"Private Member","sourceURI":"https:\/\/data.oireachtas.ie\/ie\/oireachtas\/def\/bill-source\/private-member","sponsors":[{"sponsor":{"as":{"showAs":null,"uri":null},"by":{"showAs":"Se\u00e1n Crowe","uri":"https:\/\/data.oireachtas.ie\/ie\/oireachtas\/member\/id\/Se\u00e1n-Crowe.D.2002-06-06"},"isPrimary":true}},{"sponsor":{"as":{"showAs":null,"uri":null},"by":{"showAs":"Aengus \u00d3 Snodaigh","uri":"https:\/\/data.oireachtas.ie\/ie\/oireachtas\/member\/id\/Aengus-\u00d3-Snodaigh.D.2002-06-06"},"isPrimary":false}},{"sponsor":{"as":{"showAs":null,"uri":null},"by":{"showAs":"Maurice Quinlivan","uri":"https:\/\/data.oireachtas.ie\/ie\/oireachtas\/member\/id\/Maurice-Quinlivan.D.2016-10-03"},"isPrimary":false}}],"stages":[{"event":{"chamber":{"chamberCode":"dail","showAs":"D\u00e1il \u00c9ireann","uri":"https:\/\/data.oireachtas.ie\/ie\/oireachtas\/def\/house\/dail"},"dates":[{"date":"2023-03-20"},{"date":"2023-03-20"},{"date":"2023-03-21"},{"date":"2023-03-21"}],"house":{"chamberCode":"dail","chamberType":"house","houseCode":"dail","houseNo":"33","showAs":"33rd D\u00e1il","uri":"https:\/\/data.oireachtas.ie\/ie\/oireachtas\/house\/dail\/33"},"progressStage":1,"showAs":"First Stage","stageCompleted":true,"stageOutcome":null,"stageURI":"https:\/\/data.oireachtas.ie\/ie\/oireachtas\/def\/bill-stage\/1","uri":"https:\/\/data.oireachtas.ie\/ie\/oireachtas\/bill\/2023\/22\/stage\/dail\/1"}}],"status":"Withdrawn","statusURI":"https:\/\/data.oireachtas.ie\/ie\/oireachtas\/def\/bill-status\/withdrawn","uri":"https:\/\/data.oireachtas.ie\/ie\/oireachtas\/bill\/2023\/22","versions":[{"version":{"date":"2023-03-21","docType":"bill","formats":{"pdf":{"uri":"https:\/\/data.oireachtas.ie\/ie\/oireachtas\/bill\/2023\/22\/eng\/initiated\/b2223d.pdf"},"xml":null},"lang":"eng","showAs":"As Initiated","uri":"https:\/\/data.oireachtas.ie\/ie\/oireachtas\/bill\/2023\/22\/eng\/initiated"}}]},"billSort":{"actNoSort":null,"actShortTitleEnSort":null,"actShortTitleGaSort":null,"actYearSort":null,"billNoSort":22,"billShortTitleEnSort":"child-care-amendment-bill-2023","billShortTitleGaSort":"an-bille-um-churam-leanai-leasu-2023","billYearSort":2023},"contextDate":"2023-03-21"},{"bill":{"act":null,"amendmentLists":[],"billNo":"16","billType":"Public","billTypeURI":"https:\/\/data.oireachtas.ie\/ie\/oireachtas\/def\/bill-type\/public","billYear":"2023","debates":[{"chamber":{"showAs":"D\u00e1il \u00c9ireann","uri":"https:\/\/data.oireachtas.ie\/ie\/oireachtas\/def\/house\/dail"},"date":"2023-02-23","debateSectionId":"dbsect_32","showAs":"Standards in Public Office (Amendment) Bill 2023: First Stage","uri":"https:\/\/data.oireachtas.ie\/akn\/ie\/debateRecord\/dail\/2023-02-23\/debate\/main"}],"events":[{"event":{"chamber":{"chamberCode":"dail","showAs":"D\u00e1il \u00c9ireann","uri":"https:\/\/data.oireachtas.ie\/ie\/oireachtas\/def\/house\/dail"},"dates":[{"date":"2023-02-17"},{"date":"2023-02-22"},{"date":"2023-02-23"},{"date":"2025-05-01"}],"eventURI":"https:\/\/data.oireachtas.ie\/ie\/oireachtas\/def\/bill-event\/admissibility-for-introduction","showAs":"Admissibility for Introduction","uri":"https:\/\/data.oireachtas.ie\/ie\/oireachtas\/bill\/2023\/16\/admissibility-for-introduction"}},{"event":{"chamber":{"chamberCode":"dail","showAs":"D\u00e1il \u00c9ireann","uri":"https:\/\/data.oireachtas.ie\/ie\/oireachtas\/def\/house\/dail"},"dates":[{"date":"2024-11-08"}],"eventURI":"https:\/\/data.oireachtas.ie\/ie\/oireachtas\/def\/bill-event\/bill-lapsed","showAs":"Bill Lapsed","uri":"https:\/\/data.oireachtas.ie\/ie\/oireachtas\/bill\/2023\/16\/bill-lapsed"}}],"lastUpdated":"2025-05-02T11:41:44.150000+00:00","longTitleEn":"<p>Bill entitled an Act to make certain amendments to the Standards in Public Office Act 2001 and the Ethics in Public Office Act 1995; and to provide for related matters.<\/p>\n","longTitleGa":"<p>Bille d\u00e1 ngairtear Acht do dh\u00e9anamh leasuithe \u00e1irithe ar an Acht um Chaighde\u00e1in in Oifig\u00ed Poibl\u00ed, 2001 agus ar an Acht um Eitic in Oifig\u00ed Poibl\u00ed,1995; agus do dh\u00e9anamh socr\u00fa i dtaobh nithe gaolmhara.<\/p>\n","method":"Introduced","methodURI":"https:\/\/data.oireachtas.ie\/ie\/oireachtas\/def\/bill-method\/introduced","mostRecentStage":{"event":{"chamber":{"chamberCode":"dail","showAs":"D\u00e1il \u00c9ireann","uri":"https:\/\/data.oireachtas.ie\/ie\/oireachtas\/def\/house\/dail"},"dates":[{"date":"2024-11-08"},{"date":"2025-05-01"}],"house":{"chamberCode":"dail","chamberType":"house","houseCode":"dail","houseNo":"33","showAs":"33rd D\u00e1il","uri":"https:\/\/data.oireachtas.ie\/ie\/oireachtas\/house\/dail\/33"},"progressStage":2,"showAs":"Second Stage","stageCompleted":false,"stageOutcome":"Current","stageURI":"https:\/\/data.oireachtas.ie\/ie\/oireachtas\/def\/bill-stage\/2","uri":"https:\/\/data.oireachtas.ie\/ie\/oireachtas\/bill\/2023\/16\/stage\/dail\/2"}},"originHouse":{"showAs":"D\u00e1il \u00c9ireann","uri":"https:\/\/data.oireachtas.ie\/ie\/oireachtas\/def\/house\/dail"},"originHouseURI":"https:\/\/data.oireachtas.ie\/ie\/oireachtas\/def\/house\/dail","relatedDocs":[{"relatedDoc":{"date":"2023-02-23","docType":"memo","formats":{"pdf":{"uri":"https:\/\/data.oireachtas.ie\/ie\/oireachtas\/bill\/2023\/16\/eng\/memo\/b1623d-memo.pdf"},"xml":null},"lang":"eng","showAs":"Explanatory Memorandum","uri":"https:\/\/data.oireachtas.ie\/ie\/oireachtas\/bill\/2023\/16\/eng\/memo"}}],"shortTitleEn":"Standards in Public Office (Amendment) Bill 2023","shortTitleGa":"An Bille um Chaighde\u00e1in in Oifig\u00ed Poibl\u00ed (Leas\u00fa), 2023","source":"Private Member","sourceURI":"https:\/\/data.oireachtas.ie\/ie\/oireachtas\/def\/bill-source\/private-member","sponsors":[{"sponsor":{"as":{"showAs":null,"uri":null},"by":{"showAs":"Mair\u00e9ad Farrell","uri":"https:\/\/data.oireachtas.ie\/ie\/oireachtas\/member\/id\/Mair\u00e9ad-Farrell.D.2020-02-08"},"isPrimary":true}},{"sponsor":{"as":{"showAs":null,"uri":null},"by":{"showAs":"Pat Buckley","uri":"https:\/\/data.oireachtas.ie\/ie\/oireachtas\/member\/id\/Pat-Buckley.D.2016-10-03"},"isPrimary":false}}],"stages":[{"event":{"chamber":{"chamberCode":"dail","showAs":"D\u00e1il \u00c9ireann","uri":"https:\/\/data.oireachtas.ie\/ie\/oireachtas\/def\/house\/dail"},"dates":[{"date":"2023-02-17"},{"date":"2023-02-22"},{"date":"2023-02-23"},{"date":"2023-02-23"}],"house":{"chamberCode":"dail","chamberType":"house","houseCode":"dail","houseNo":"33","showAs":"33rd D\u00e1il","uri":"https:\/\/data.oireachtas.ie\/ie\/oireachtas\/house\/dail\/33"},"progressStage":1,"showAs":"First Stage","stageCompleted":true,"stageOutcome":null,"stageURI":"https:\/\/data.oireachtas.ie\/ie\/oireachtas\/def\/bill-stage\/1","uri":"https:\/\/data.oireachtas.ie\/ie\/oireachtas\/bill\/2023\/16\/stage\/dail\/1"}},{"event":{"chamber":{"chamberCode":"dail","showAs":"D\u00e1il \u00c9ireann","uri":"https:\/\/data.oireachtas.ie\/ie\/oireachtas\/def\/house\/dail"},"dates":[{"date":"2024-11-08"},{"date":"2025-05-01"}],"house":{"chamberCode":"dail","chamberType":"house","houseCode":"dail","houseNo":"33","showAs":"33rd D\u00e1il","uri":"https:\/\/data.oireachtas.ie\/ie\/oireachtas\/house\/dail\/33"},"progressStage":2,"showAs":"Second Stage","stageCompleted":false,"stageOutcome":"Current","stageURI":"https:\/\/data.oireachtas.ie\/ie\/oireachtas\/def\/bill-stage\/2","uri":"https:\/\/data.oireachtas.ie\/ie\/oireachtas\/bill\/2023\/16\/stage\/dail\/2"}}],"status":"Current","statusURI":"https:\/\/data.oireachtas.ie\/ie\/oireachtas\/def\/bill-status\/published","uri":"https:\/\/data.oireachtas.ie\/ie\/oireachtas\/bill\/2023\/16","versions":[{"version":{"date":"2023-02-23","docType":"bill","formats":{"pdf":{"uri":"https:\/\/data.oireachtas.ie\/ie\/oireachtas\/bill\/2023\/16\/eng\/initiated\/b1623d.pdf"},"xml":null},"lang":"eng","showAs":"As Initiated","uri":"https:\/\/data.oireachtas.ie\/ie\/oireachtas\/bill\/2023\/16\/eng\/initiated"}}]},"billSort":{"actNoSort":null,"actShortTitleEnSort":null,"actShortTitleGaSort":null,"actYearSort":null,"billNoSort":16,"billShortTitleEnSort":"standards-in-public-office-amendment-bill-2023","billShortTitleGaSort":"an-bille-um-chaighdeain-in-oifigi-poibli-leasu-2023","billYearSort":2023},"contextDate":"2025-05-01"},{"bill":{"act":null,"amendmentLists":[],"billNo":"15","billType":"Public","billTypeURI":"https:\/\/data.oireachtas.ie\/ie\/oireachtas\/def\/bill-type\/public","billYear":"2023","debates":[{"chamber":{"showAs":"D\u00e1il \u00c9ireann","uri":"https:\/\/data.oireachtas.ie\/ie\/oireachtas\/def\/house\/dail"},"date":"2023-02-21","debateSectionId":"dbsect_6","showAs":"Electricity Regulation (Amendment) (Protection of Financially Vulnerable Customers) Bill 2023: First Stage","uri":"https:\/\/data.oireachtas.ie\/akn\/ie\/debateRecord\/dail\/2023-02-21\/debate\/main"}],"events":[{"event":{"chamber":{"chamberCode":"dail","showAs":"D\u00e1il \u00c9ireann","uri":"https:\/\/data.oireachtas.ie\/ie\/oireachtas\/def\/house\/dail"},"dates":[{"date":"2023-01-10"},{"date":"2023-02-20"},{"date":"2023-02-22"},{"date":"2025-05-01"}],"eventURI":"https:\/\/data.oireachtas.ie\/ie\/oireachtas\/def\/bill-event\/admissibility-for-introduction","showAs":"Admissibility for Introduction","uri":"https:\/\/data.oireachtas.ie\/ie\/oireachtas\/bill\/2023\/15\/admissibility-for-introduction"}},{"event":{"chamber":{"chamberCode":"dail","showAs":"D\u00e1il \u00c9ireann","uri":"https:\/\/data.oireachtas.ie\/ie\/oireachtas\/def\/house\/dail"},"dates":[{"date":"2024-11-08"}],"eventURI":"https:\/\/data.oireachtas.ie\/ie\/oireachtas\/def\/bill-event\/bill-lapsed","showAs":"Bill Lapsed","uri":"https:\/\/data.oireachtas.ie\/ie\/oireachtas\/bill\/2023\/15\/bill-lapsed"}}],"lastUpdated":"2025-05-02T13:21:25.650000+00:00","longTitleEn":"<p>Bill entitled an Act to amend the Electricity Regulation Act 1999 to include the definition of \u201cvulnerable customers\u201d in relation to the functions of the Commission for the Regulation of Utilities; and to allow the Minister for Environment, Climate and Communications to make regulations to that effect.<\/p>\n","longTitleGa":"<p>Bille d\u00e1 ngairtear Acht do leas\u00fa an Achta um Rial\u00e1il Leictreachais, 1999 chun an m\u00edni\u00fa ar \u201ccustaim\u00e9ir\u00ed soghonta\u201d a \u00e1ireamh i nd\u00e1il le feidhmeanna an Choimisi\u00fain um Rial\u00e1il F\u00f3ntais; agus d\u00e1 chead\u00fa don Aire Comhshaoil, Aer\u00e1ide agus Cumars\u00e1ide rialach\u00e1in a dh\u00e9anamh chuige sin.<\/p>\n","method":"Introduced","methodURI":"https:\/\/data.oireachtas.ie\/ie\/oireachtas\/def\/bill-method\/introduced","mostRecentStage":{"event":{"chamber":{"chamberCode":"dail","showAs":"D\u00e1il \u00c9ireann","uri":"https:\/\/data.oireachtas.ie\/ie\/oireachtas\/def\/house\/dail"},"dates":[{"date":"2024-11-08"},{"date":"2025-05-01"}],"house":{"chamberCode":"dail","chamberType":"house","houseCode":"dail","houseNo":"33","showAs":"33rd D\u00e1il","uri":"https:\/\/data.oireachtas.ie\/ie\/oireachtas\/house\/dail\/33"},"progressStage":2,"showAs":"Second Stage","stageCompleted":false,"stageOutcome":"Current","stageURI":"https:\/\/data.oireachtas.ie\/ie\/oireachtas\/def\/bill-stage\/2","uri":"https:\/\/data.oireachtas.ie\/ie\/oireachtas\/bill\/2023\/15\/stage\/dail\/2"}},"originHouse":{"showAs":"D\u00e1il \u00c9ireann","uri":"https:\/\/data.oireachtas.ie\/ie\/oireachtas\/def\/house\/dail"},"originHouseURI":"https:\/\/data.oireachtas.ie\/ie\/oireachtas\/def\/house\/dail","relatedDocs":[{"relatedDoc":{"date":"2023-02-22","docType":"memo","formats":{"pdf":{"uri":"https:\/\/data.oireachtas.ie\/ie\/oireachtas\/bill\/2023\/15\/eng\/memo\/b1523d-memo.pdf"},"xml":null},"lang":"eng","showAs":"Explanatory Memorandum","uri":"https:\/\/data.oireachtas.ie\/ie\/oireachtas\/bill\/2023\/15\/eng\/memo"}}],"shortTitleEn":"Electricity Regulation (Amendment) (Protection of Financially Vulnerable Customers) Bill 2023","shortTitleGa":"An Bille um Rial\u00e1il Leictreachais (Leas\u00fa) (Custaim\u00e9ir\u00ed at\u00e1 Soghonta \u00f3 thaobh Airgid de a Chosaint), 2023","source":"Private Member","sourceURI":"https:\/\/data.oireachtas.ie\/ie\/oireachtas\/def\/bill-source\/private-member","sponsors":[{"sponsor":{"as":{"showAs":null,"uri":null},"by":{"showAs":"Jennifer Whitmore","uri":"https:\/\/data.oireachtas.ie\/ie\/oireachtas\/member\/id\/Jennifer-Whitmore.D.2020-02-08"},"isPrimary":true}}],"stages":[{"event":{"chamber":{"chamberCode":"dail","showAs":"D\u00e1il \u00c9ireann","uri":"https:\/\/data.oireachtas.ie\/ie\/oireachtas\/def\/house\/dail"},"dates":[{"date":"2023-01-10"},{"date":"2023-02-20"},{"date":"2023-02-21"},{"date":"2023-02-22"}],"house":{"chamberCode":"dail","chamberType":"house","houseCode":"dail","houseNo":"33","showAs":"33rd D\u00e1il","uri":"https:\/\/data.oireachtas.ie\/ie\/oireachtas\/house\/dail\/33"},"progressStage":1,"showAs":"First Stage","stageCompleted":true,"stageOutcome":null,"stageURI":"https:\/\/data.oireachtas.ie\/ie\/oireachtas\/def\/bill-stage\/1","uri":"https:\/\/data.oireachtas.ie\/ie\/oireachtas\/bill\/2023\/15\/stage\/dail\/1"}},{"event":{"chamber":{"chamberCode":"dail","showAs":"D\u00e1il \u00c9ireann","uri":"https:\/\/data.oireachtas.ie\/ie\/oireachtas\/def\/house\/dail"},"dates":[{"date":"2024-11-08"},{"date":"2025-05-01"}],"house":{"chamberCode":"dail","chamberType":"house","houseCode":"dail","houseNo":"33","showAs":"33rd D\u00e1il","uri":"https:\/\/data.oireachtas.ie\/ie\/oireachtas\/house\/dail\/33"},"progressStage":2,"showAs":"Second Stage","stageCompleted":false,"stageOutcome":"Current","stageURI":"https:\/\/data.oireachtas.ie\/ie\/oireachtas\/def\/bill-stage\/2","uri":"https:\/\/data.oireachtas.ie\/ie\/oireachtas\/bill\/2023\/15\/stage\/dail\/2"}}],"status":"Current","statusURI":"https:\/\/data.oireachtas.ie\/ie\/oireachtas\/def\/bill-status\/published","uri":"https:\/\/data.oireachtas.ie\/ie\/oireachtas\/bill\/2023\/15","versions":[{"version":{"date":"2023-02-22","docType":"bill","formats":{"pdf":{"uri":"https:\/\/data.oireachtas.ie\/ie\/oireachtas\/bill\/2023\/15\/eng\/initiated\/b1523d.pdf"},"xml":null},"lang":"eng","showAs":"As Initiated","uri":"https:\/\/data.oireachtas.ie\/ie\/oireachtas\/bill\/2023\/15\/eng\/initiated"}}]},"billSort":{"actNoSort":null,"actShortTitleEnSort":null,"actShortTitleGaSort":null,"actYearSort":null,"billNoSort":15,"billShortTitleEnSort":"electricity-regulation-amendment-protection-of-financially-vulnerable-customers-bill-2023","billShortTitleGaSort":"an-bille-um-rialail-leictreachais-leasu-custaimeiri-ata-soghonta-o-thaobh-airgid-de-a-chosaint-2023","billYearSort":2023},"contextDate":"2025-05-01"},{"bill":{"act":null,"amendmentLists":[],"billNo":"14","billType":"Public","billTypeURI":"https:\/\/data.oireachtas.ie\/ie\/oireachtas\/def\/bill-type\/public","billYear":"2023","debates":[{"chamber":{"showAs":"D\u00e1il \u00c9ireann","uri":"https:\/\/data.oireachtas.ie\/ie\/oireachtas\/def\/house\/dail"},"date":"2024-02-22","debateSectionId":"dbsect_40","showAs":"Broadcasting (Amendment) Bill 2023: Second Stage [Private Members]","uri":"https:\/\/data.oireachtas.ie\/akn\/ie\/debateRecord\/dail\/2024-02-22\/debate\/main"},{"chamber":{"showAs":"D\u00e1il \u00c9ireann","uri":"https:\/\/data.oireachtas.ie\/ie\/oireachtas\/def\/house\/dail"},"date":"2023-02-21","debateSectionId":"dbsect_5","showAs":"Broadcasting (Amendment) Bill 2023: First Stage","uri":"https:\/\/data.oireachtas.ie\/akn\/ie\/debateRecord\/dail\/2023-02-21\/debate\/main"}],"events":[{"event":{"chamber":{"chamberCode":"dail","showAs":"D\u00e1il \u00c9ireann","uri":"https:\/\/data.oireachtas.ie\/ie\/oireachtas\/def\/house\/dail"},"dates":[{"date":"2023-01-10"},{"date":"2023-01-10"},{"date":"2023-02-21"},{"date":"2025-05-01"}],"eventURI":"https:\/\/data.oireachtas.ie\/ie\/oireachtas\/def\/bill-event\/approved-for-initiation","showAs":"Approved for Initiation","uri":"https:\/\/data.oireachtas.ie\/ie\/oireachtas\/bill\/2023\/14\/approved-for-initiation"}},{"event":{"chamber":{"chamberCode":"dail","showAs":"D\u00e1il \u00c9ireann","uri":"https:\/\/data.oireachtas.ie\/ie\/oireachtas\/def\/house\/dail"},"dates":[{"date":"2024-11-08"}],"eventURI":"https:\/\/data.oireachtas.ie\/ie\/oireachtas\/def\/bill-event\/bill-lapsed","showAs":"Bill Lapsed","uri":"https:\/\/data.oireachtas.ie\/ie\/oireachtas\/bill\/2023\/14\/bill-lapsed"}}],"lastUpdated":"2025-05-02T12:09:49.050000+00:00","longTitleEn":"<p>Bill entitled an Act to amend the Broadcasting Act 2009 to provide for greater public access to the RT\u00c9 archives.<\/p>\n","longTitleGa":"<p>Bille d\u00e1 ngairtear Acht do leas\u00fa an Achta Craolach\u00e1in, 2009 chun socr\u00fa a dh\u00e9anamh maidir le rochtain n\u00edos fearr don phobal ar chartlann RT\u00c9.<br \/>\n&nbsp;<\/p>\n","method":"Introduced","methodURI":"https:\/\/data.oireachtas.ie\/ie\/oireachtas\/def\/bill-method\/introduced","mostRecentStage":{"event":{"chamber":{"chamberCode":"dail","showAs":"D\u00e1il \u00c9ireann","uri":"https:\/\/data.oireachtas.ie\/ie\/oireachtas\/def\/house\/dail"},"dates":[{"date":"2024-11-08"},{"date":"2025-05-01"}],"house":{"chamberCode":"dail","chamberType":"house","houseCode":"dail","houseNo":"33","showAs":"33rd D\u00e1il","uri":"https:\/\/data.oireachtas.ie\/ie\/oireachtas\/house\/dail\/33"},"progressStage":3,"showAs":"Committee Stage","stageCompleted":false,"stageOutcome":"Current","stageURI":"https:\/\/data.oireachtas.ie\/ie\/oireachtas\/def\/bill-stage\/3","uri":"https:\/\/data.oireachtas.ie\/ie\/oireachtas\/bill\/2023\/14\/stage\/dail\/3"}},"originHouse":{"showAs":"D\u00e1il \u00c9ireann","uri":"https:\/\/data.oireachtas.ie\/ie\/oireachtas\/def\/house\/dail"},"originHouseURI":"https:\/\/data.oireachtas.ie\/ie\/oireachtas\/def\/house\/dail","relatedDocs":[{"relatedDoc":{"date":"2023-02-21","docType":"memo","formats":{"pdf":{"uri":"https:\/\/data.oireachtas.ie\/ie\/oireachtas\/bill\/2023\/14\/eng\/memo\/b1423d-memo.pdf"},"xml":null},"lang":"eng","showAs":"Explanatory Memorandum","uri":"https:\/\/data.oireachtas.ie\/ie\/oireachtas\/bill\/2023\/14\/eng\/memo"}}],"shortTitleEn":"Broadcasting (Amendment) Bill 2023","shortTitleGa":"An Bille Craolach\u00e1in (Leas\u00fa), 2023","source":"Private Member","sourceURI":"https:\/\/data.oireachtas.ie\/ie\/oireachtas\/def\/bill-source\/private-member","sponsors":[{"sponsor":{"as":{"showAs":null,"uri":null},"by":{"showAs":"Patrick Costello","uri":"https:\/\/data.oireachtas.ie\/ie\/oireachtas\/member\/id\/Patrick-Costello.D.2020-02-08"},"isPrimary":true}}],"stages":[{"event":{"chamber":{"chamberCode":"dail","showAs":"D\u00e1il \u00c9ireann","uri":"https:\/\/data.oireachtas.ie\/ie\/oireachtas\/def\/house\/dail"},"dates":[{"date":"2023-01-10"},{"date":"2023-01-10"},{"date":"2023-02-21"},{"date":"2023-02-21"}],"house":{"chamberCode":"dail","chamberType":"house","houseCode":"dail","houseNo":"33","showAs":"33rd D\u00e1il","uri":"https:\/\/data.oireachtas.ie\/ie\/oireachtas\/house\/dail\/33"},"progressStage":1,"showAs":"First Stage","stageCompleted":true,"stageOutcome":null,"stageURI":"https:\/\/data.oireachtas.ie\/ie\/oireachtas\/def\/bill-stage\/1","uri":"https:\/\/data.oireachtas.ie\/ie\/oireachtas\/bill\/2023\/14\/stage\/dail\/1"}},{"event":{"chamber":{"chamberCode":"dail","showAs":"D\u00e1il \u00c9ireann","uri":"https:\/\/data.oireachtas.ie\/ie\/oireachtas\/def\/house\/dail"},"dates":[{"date":"2023-02-21"}],"house":{"chamberCode":"dail","chamberType":"house","houseCode":"dail","houseNo":"33","showAs":"33rd D\u00e1il","uri":"https:\/\/data.oireachtas.ie\/ie\/oireachtas\/house\/dail\/33"},"progressStage":2,"showAs":"Second Stage","stageCompleted":true,"stageOutcome":null,"stageURI":"https:\/\/data.oireachtas.ie\/ie\/oireachtas\/def\/bill-stage\/2","uri":"https:\/\/data.oireachtas.ie\/ie\/oireachtas\/bill\/2023\/14\/stage\/dail\/2"}},{"event":{"chamber":{"chamberCode":"dail","showAs":"D\u00e1il \u00c9ireann","uri":"https:\/\/data.oireachtas.ie\/ie\/oireachtas\/def\/house\/dail"},"dates":[{"date":"2024-11-08"},{"date":"2025-05-01"}],"house":{"chamberCode":"dail","chamberType":"house","houseCode":"dail","houseNo":"33","showAs":"33rd D\u00e1il","uri":"https:\/\/data.oireachtas.ie\/ie\/oireachtas\/house\/dail\/33"},"progressStage":3,"showAs":"Committee Stage","stageCompleted":false,"stageOutcome":"Current","stageURI":"https:\/\/data.oireachtas.ie\/ie\/oireachtas\/def\/bill-stage\/3","uri":"https:\/\/data.oireachtas.ie\/ie\/oireachtas\/bill\/2023\/14\/stage\/dail\/3"}}],"status":"Current","statusURI":"https:\/\/data.oireachtas.ie\/ie\/oireachtas\/def\/bill-status\/published","uri":"https:\/\/data.oireachtas.ie\/ie\/oireachtas\/bill\/2023\/14","versions":[{"version":{"date":"2023-02-21","docType":"bill","formats":{"pdf":{"uri":"https:\/\/data.oireachtas.ie\/ie\/oireachtas\/bill\/2023\/14\/eng\/initiated\/b1423d.pdf"},"xml":null},"lang":"eng","showAs":"As Initiated","uri":"https:\/\/data.oireachtas.ie\/ie\/oireachtas\/bill\/2023\/14\/eng\/initiated"}}]},"billSort":{"actNoSort":null,"actShortTitleEnSort":null,"actShortTitleGaSort":null,"actYearSort":null,"billNoSort":14,"billShortTitleEnSort":"broadcasting-amendment-bill-2023","billShortTitleGaSort":"an-bille-craolachain-leasu-2023","billYearSort":2023},"contextDate":"2025-05-01"},{"bill":{"act":null,"amendmentLists":[],"billNo":"12","billType":"Public","billTypeURI":"https:\/\/data.oireachtas.ie\/ie\/oireachtas\/def\/bill-type\/public","billYear":"2023","debates":[{"chamber":{"showAs":"Seanad \u00c9ireann","uri":"https:\/\/data.oireachtas.ie\/ie\/oireachtas\/def\/house\/seanad"},"date":"2023-02-15","debateSectionId":"dbsect_10","showAs":"Domestic Violence (Amendment) Bill 2023: Second Stage","uri":"https:\/\/data.oireachtas.ie\/akn\/ie\/debateRecord\/seanad\/2023-02-15\/debate\/main"},{"chamber":{"showAs":"Seanad \u00c9ireann","uri":"https:\/\/data.oireachtas.ie\/ie\/oireachtas\/def\/house\/seanad"},"date":"2023-02-08","debateSectionId":"dbsect_14","showAs":"Domestic Violence (Amendment) Bill 2023: First Stage","uri":"https:\/\/data.oireachtas.ie\/akn\/ie\/debateRecord\/seanad\/2023-02-08\/debate\/main"}],"events":[{"event":{"chamber":{"chamberCode":"seanad","showAs":"Seanad \u00c9ireann","uri":"https:\/\/data.oireachtas.ie\/ie\/oireachtas\/def\/house\/seanad"},"dates":[{"date":"2023-01-09"},{"date":"2023-02-08"},{"date":"2023-02-08"}],"eventURI":"https:\/\/data.oireachtas.ie\/ie\/oireachtas\/def\/bill-event\/admissibility-for-introduction","showAs":"Admissibility for Introduction","uri":"https:\/\/data.oireachtas.ie\/ie\/oireachtas\/bill\/2023\/12\/admissibility-for-introduction"}},{"event":{"chamber":{"chamberCode":"seanad","showAs":"Seanad \u00c9ireann","uri":"https:\/\/data.oireachtas.ie\/ie\/oireachtas\/def\/house\/seanad"},"dates":[{"date":"2025-01-29"}],"eventURI":"https:\/\/data.oireachtas.ie\/ie\/oireachtas\/def\/bill-event\/bill-lapsed","showAs":"Bill Lapsed","uri":"https:\/\/data.oireachtas.ie\/ie\/oireachtas\/bill\/2023\/12\/bill-lapsed"}}],"lastUpdated":"2025-01-30T11:17:37.160000+00:00","longTitleEn":"<p>Bill entitled an Act to amend and extend the Domestic Violence Act 2018 and, for that purpose, to provide protection in proceedings for the offence of coercive control against cross-examination in person by an accused person of a child witness or an adult witness who is the person in respect of whom the offence is alleged to have been committed and to provide for related matters.<\/p>\n","longTitleGa":"<p>Bille d\u00e1 ngairtear Acht do leas\u00fa agus do leathn\u00fa an Achta um Fhor\u00e9igean Baile, 2018 agus, chun na cr\u00edche sin, do thabhairt cosaint in imeachta\u00ed i leith an chiona arb \u00e9ard \u00e9 smacht\u00fa comh\u00e9igneach in aghaidh duine c\u00faisithe do dh\u00e9anamh finn\u00e9 is leanbh n\u00f3 finn\u00e9 is aosach, ar duine \u00e9 n\u00f3 \u00ed an finn\u00e9 a l\u00edomhna\u00edtear go ndearnadh an cion ina leith, a chroscheisti\u00fa i bpearsa, agus do dh\u00e9anamh socr\u00fa i dtaobh nithe gaolmhara.<\/p>\n","method":"Introduced","methodURI":"https:\/\/data.oireachtas.ie\/ie\/oireachtas\/def\/bill-method\/introduced","mostRecentStage":{"event":{"chamber":{"chamberCode":"seanad","showAs":"Seanad \u00c9ireann","uri":"https:\/\/data.oireachtas.ie\/ie\/oireachtas\/def\/house\/seanad"},"dates":[{"date":"2023-02-08"}],"house":{"chamberCode":"seanad","chamberType":"house","houseCode":"seanad","houseNo":"26","showAs":"26th Seanad","uri":"https:\/\/data.oireachtas.ie\/ie\/oireachtas\/house\/seanad\/26"},"progressStage":2,"showAs":"Second Stage","stageCompleted":true,"stageOutcome":null,"stageURI":"https:\/\/data.oireachtas.ie\/ie\/oireachtas\/def\/bill-stage\/2","uri":"https:\/\/data.oireachtas.ie\/ie\/oireachtas\/bill\/2023\/12\/stage\/seanad\/2"}},"originHouse":{"showAs":"Seanad \u00c9ireann","uri":"https:\/\/data.oireachtas.ie\/ie\/oireachtas\/def\/house\/seanad"},"originHouseURI":"https:\/\/data.oireachtas.ie\/ie\/oireachtas\/def\/house\/seanad","relatedDocs":[],"shortTitleEn":"Domestic Violence (Amendment) Bill 2023","shortTitleGa":"An Bille um Fhor\u00e9igean Baile (Leas\u00fa), 2023","source":"Private Member","sourceURI":"https:\/\/data.oireachtas.ie\/ie\/oireachtas\/def\/bill-source\/private-member","sponsors":[{"sponsor":{"as":{"showAs":null,"uri":null},"by":{"showAs":"Vincent P. Martin","uri":"https:\/\/data.oireachtas.ie\/ie\/oireachtas\/member\/id\/Vincent-P-Martin.S.2020-06-29"},"isPrimary":true}},{"sponsor":{"as":{"showAs":null,"uri":null},"by":{"showAs":"R\u00f3is\u00edn Garvey","uri":"https:\/\/data.oireachtas.ie\/ie\/oireachtas\/member\/id\/R\u00f3is\u00edn-Garvey.S.2020-06-29"},"isPrimary":false}},{"sponsor":{"as":{"showAs":null,"uri":null},"by":{"showAs":"Pauline O'Reilly","uri":"https:\/\/data.oireachtas.ie\/ie\/oireachtas\/member\/id\/Pauline-O'Reilly.S.2020-03-30"},"isPrimary":false}},{"sponsor":{"as":{"showAs":null,"uri":null},"by":{"showAs":"Mary Seery Kearney","uri":"https:\/\/data.oireachtas.ie\/ie\/oireachtas\/member\/id\/Mary-Seery-Kearney.S.2020-06-29"},"isPrimary":false}},{"sponsor":{"as":{"showAs":null,"uri":null},"by":{"showAs":"David P.B. Norris","uri":"https:\/\/data.oireachtas.ie\/ie\/oireachtas\/member\/id\/David-PB-Norris.S.1987-04-25"},"isPrimary":false}},{"sponsor":{"as":{"showAs":null,"uri":null},"by":{"showAs":"Michael McDowell","uri":"https:\/\/data.oireachtas.ie\/ie\/oireachtas\/member\/id\/Michael-McDowell.D.1987-03-10"},"isPrimary":false}},{"sponsor":{"as":{"showAs":null,"uri":null},"by":{"showAs":"Marie Sherlock","uri":"https:\/\/data.oireachtas.ie\/ie\/oireachtas\/member\/id\/Marie-Sherlock.S.2020-03-30"},"isPrimary":false}},{"sponsor":{"as":{"showAs":null,"uri":null},"by":{"showAs":"Annie Hoey","uri":"https:\/\/data.oireachtas.ie\/ie\/oireachtas\/member\/id\/Annie-Hoey.S.2020-03-30"},"isPrimary":false}},{"sponsor":{"as":{"showAs":null,"uri":null},"by":{"showAs":"Rebecca Moynihan","uri":"https:\/\/data.oireachtas.ie\/ie\/oireachtas\/member\/id\/Rebecca-Moynihan.S.2020-03-30"},"isPrimary":false}},{"sponsor":{"as":{"showAs":null,"uri":null},"by":{"showAs":"Mark Wall","uri":"https:\/\/data.oireachtas.ie\/ie\/oireachtas\/member\/id\/Mark-Wall.S.2020-03-30"},"isPrimary":false}},{"sponsor":{"as":{"showAs":null,"uri":null},"by":{"showAs":"Tom Clonan","uri":"https:\/\/data.oireachtas.ie\/ie\/oireachtas\/member\/id\/Tom-Clonan.S.2022-04-04"},"isPrimary":false}},{"sponsor":{"as":{"showAs":null,"uri":null},"by":{"showAs":"Victor Boyhan","uri":"https:\/\/data.oireachtas.ie\/ie\/oireachtas\/member\/id\/Victor-Boyhan.S.2016-04-25"},"isPrimary":false}}],"stages":[{"event":{"chamber":{"chamberCode":"seanad","showAs":"Seanad \u00c9ireann","uri":"https:\/\/data.oireachtas.ie\/ie\/oireachtas\/def\/house\/seanad"},"dates":[{"date":"2023-01-09"},{"date":"2023-02-08"},{"date":"2023-02-08"},{"date":"2023-02-08"}],"house":{"chamberCode":"seanad","chamberType":"house","houseCode":"seanad","houseNo":"26","showAs":"26th Seanad","uri":"https:\/\/data.oireachtas.ie\/ie\/oireachtas\/house\/seanad\/26"},"progressStage":1,"showAs":"First Stage","stageCompleted":true,"stageOutcome":null,"stageURI":"https:\/\/data.oireachtas.ie\/ie\/oireachtas\/def\/bill-stage\/1","uri":"https:\/\/data.oireachtas.ie\/ie\/oireachtas\/bill\/2023\/12\/stage\/seanad\/1"}},{"event":{"chamber":{"chamberCode":"seanad","showAs":"Seanad \u00c9ireann","uri":"https:\/\/data.oireachtas.ie\/ie\/oireachtas\/def\/house\/seanad"},"dates":[{"date":"2023-02-08"}],"house":{"chamberCode":"seanad","chamberType":"house","houseCode":"seanad","houseNo":"26","showAs":"26th Seanad","uri":"https:\/\/data.oireachtas.ie\/ie\/oireachtas\/house\/seanad\/26"},"progressStage":2,"showAs":"Second Stage","stageCompleted":true,"stageOutcome":null,"stageURI":"https:\/\/data.oireachtas.ie\/ie\/oireachtas\/def\/bill-stage\/2","uri":"https:\/\/data.oireachtas.ie\/ie\/oireachtas\/bill\/2023\/12\/stage\/seanad\/2"}}],"status":"Lapsed","statusURI":"https:\/\/data.oireachtas.ie\/ie\/oireachtas\/def\/bill-status\/lapsed","uri":"https:\/\/data.oireachtas.ie\/ie\/oireachtas\/bill\/2023\/12","versions":[{"version":{"date":"2023-02-08","docType":"bill","formats":{"pdf":{"uri":"https:\/\/data.oireachtas.ie\/ie\/oireachtas\/bill\/2023\/12\/eng\/initiated\/b1223s.pdf"},"xml":null},"lang":"eng","showAs":"As Initiated","uri":"https:\/\/data.oireachtas.ie\/ie\/oireachtas\/bill\/2023\/12\/eng\/initiated"}}]},"billSort":{"actNoSort":null,"actShortTitleEnSort":null,"actShortTitleGaSort":null,"actYearSort":null,"billNoSort":12,"billShortTitleEnSort":"domestic-violence-amendment-bill-2023","billShortTitleGaSort":"an-bille-um-fhoreigean-baile-leasu-2023","billYearSort":2023},"contextDate":"2023-02-08"},{"bill":{"act":null,"amendmentLists":[],"billNo":"8","billType":"Public","billTypeURI":"https:\/\/data.oireachtas.ie\/ie\/oireachtas\/def\/bill-type\/public","billYear":"2023","debates":[{"chamber":{"showAs":"D\u00e1il \u00c9ireann","uri":"https:\/\/data.oireachtas.ie\/ie\/oireachtas\/def\/house\/dail"},"date":"2024-05-30","debateSectionId":"dbsect_37","showAs":"Commission for Future Generations Bill 2023: Second Stage [Private Members]","uri":"https:\/\/data.oireachtas.ie\/akn\/ie\/debateRecord\/dail\/2024-05-30\/debate\/main"},{"chamber":{"showAs":"D\u00e1il \u00c9ireann","uri":"https:\/\/data.oireachtas.ie\/ie\/oireachtas\/def\/house\/dail"},"date":"2023-01-31","debateSectionId":"dbsect_8","showAs":"Commission for Future Generations Bill 2023: First Stage","uri":"https:\/\/data.oireachtas.ie\/akn\/ie\/debateRecord\/dail\/2023-01-31\/debate\/main"}],"events":[{"event":{"chamber":{"chamberCode":"dail","showAs":"D\u00e1il \u00c9ireann","uri":"https:\/\/data.oireachtas.ie\/ie\/oireachtas\/def\/house\/dail"},"dates":[{"date":"2022-12-02"},{"date":"2022-12-02"},{"date":"2022-12-02"},{"date":"2023-01-31"},{"date":"2025-05-01"}],"eventURI":"https:\/\/data.oireachtas.ie\/ie\/oireachtas\/def\/bill-event\/admissibility-for-introduction","showAs":"Admissibility for Introduction","uri":"https:\/\/data.oireachtas.ie\/ie\/oireachtas\/bill\/2023\/8\/admissibility-for-introduction"}},{"event":{"chamber":{"chamberCode":"dail","showAs":"D\u00e1il \u00c9ireann","uri":"https:\/\/data.oireachtas.ie\/ie\/oireachtas\/def\/house\/dail"},"dates":[{"date":"2024-11-08"}],"eventURI":"https:\/\/data.oireachtas.ie\/ie\/oireachtas\/def\/bill-event\/bill-lapsed","showAs":"Bill Lapsed","uri":"https:\/\/data.oireachtas.ie\/ie\/oireachtas\/bill\/2023\/8\/bill-lapsed"}}],"lastUpdated":"2025-05-02T11:27:55.560000+00:00","longTitleEn":"<p>Bill entitled an Act to provide for the establishment of a body, to be known in the Irish language as <em>an Coimisi\u00fan um Ghl\u00fanta sa Todhcha\u00ed<\/em> or in the English language as the Commission for Future Generations for the purpose of reporting to the Government in relation to the establishment of an Office of Ombudsman for Future Generations and to provide for related matters.<\/p>\n","longTitleGa":"<p>Bille d\u00e1 ngairtear Acht do dh\u00e9anamh socr\u00fa maidir le comhlacht a bhun\u00fa ar a dtabharfar, sa Ghaeilge, An Coimisi\u00fan um Ghl\u00fanta sa Todhcha\u00ed n\u00f3, sa Bh\u00e9arla, <em>the Commission for Future Generations<\/em>, chun tuairisci\u00fa don Rialtas i nd\u00e1il le hOifig Ombudsman um Ghl\u00fanta sa Todhcha\u00ed a bhun\u00fa agus do dh\u00e9anamh socr\u00fa i dtaobh nithe gaolmhara.<\/p>\n","method":"Introduced","methodURI":"https:\/\/data.oireachtas.ie\/ie\/oireachtas\/def\/bill-method\/introduced","mostRecentStage":{"event":{"chamber":{"chamberCode":"dail","showAs":"D\u00e1il \u00c9ireann","uri":"https:\/\/data.oireachtas.ie\/ie\/oireachtas\/def\/house\/dail"},"dates":[{"date":"2024-11-08"},{"date":"2025-05-01"}],"house":{"chamberCode":"dail","chamberType":"house","houseCode":"dail","houseNo":"33","showAs":"33rd D\u00e1il","uri":"https:\/\/data.oireachtas.ie\/ie\/oireachtas\/house\/dail\/33"},"progressStage":3,"showAs":"Committee Stage","stageCompleted":false,"stageOutcome":"Current","stageURI":"https:\/\/data.oireachtas.ie\/ie\/oireachtas\/def\/bill-stage\/3","uri":"https:\/\/data.oireachtas.ie\/ie\/oireachtas\/bill\/2023\/8\/stage\/dail\/3"}},"originHouse":{"showAs":"D\u00e1il \u00c9ireann","uri":"https:\/\/data.oireachtas.ie\/ie\/oireachtas\/def\/house\/dail"},"originHouseURI":"https:\/\/data.oireachtas.ie\/ie\/oireachtas\/def\/house\/dail","relatedDocs":[{"relatedDoc":{"date":"2023-01-31","docType":"memo","formats":{"pdf":{"uri":"https:\/\/data.oireachtas.ie\/ie\/oireachtas\/bill\/2023\/8\/eng\/memo\/b0823d-memo.pdf"},"xml":null},"lang":"eng","showAs":"Explanatory Memorandum","uri":"https:\/\/data.oireachtas.ie\/ie\/oireachtas\/bill\/2023\/8\/eng\/memo"}}],"shortTitleEn":"Commission for Future Generations Bill 2023","shortTitleGa":"An Bille f\u00e1 Choimisi\u00fan um Ghl\u00fanta sa Todhcha\u00ed, 2023","source":"Private Member","sourceURI":"https:\/\/data.oireachtas.ie\/ie\/oireachtas\/def\/bill-source\/private-member","sponsors":[{"sponsor":{"isPrimary":true,"as":{"showAs":null,"uri":null},"by":{"showAs":"Marc \u00d3 Cathasaigh","uri":"https:\/\/data.oireachtas.ie\/ie\/oireachtas\/member\/id\/Marc-\u00d3-Cathasaigh.D.2020-02-08"}}}],"stages":[{"event":{"chamber":{"chamberCode":"dail","showAs":"D\u00e1il \u00c9ireann","uri":"https:\/\/data.oireachtas.ie\/ie\/oireachtas\/def\/house\/dail"},"dates":[{"date":"2022-12-02"},{"date":"2022-12-02"},{"date":"2022-12-02"},{"date":"2023-01-31"},{"date":"2023-01-31"}],"house":{"chamberCode":"dail","chamberType":"house","houseCode":"dail","houseNo":"33","showAs":"33rd D\u00e1il","uri":"https:\/\/data.oireachtas.ie\/ie\/oireachtas\/house\/dail\/33"},"progressStage":1,"showAs":"First Stage","stageCompleted":true,"stageOutcome":null,"stageURI":"https:\/\/data.oireachtas.ie\/ie\/oireachtas\/def\/bill-stage\/1","uri":"https:\/\/data.oireachtas.ie\/ie\/oireachtas\/bill\/2023\/8\/stage\/dail\/1"}},{"event":{"chamber":{"chamberCode":"dail","showAs":"D\u00e1il \u00c9ireann","uri":"https:\/\/data.oireachtas.ie\/ie\/oireachtas\/def\/house\/dail"},"dates":[{"date":"2023-01-31"}],"house":{"chamberCode":"dail","chamberType":"house","houseCode":"dail","houseNo":"33","showAs":"33rd D\u00e1il","uri":"https:\/\/data.oireachtas.ie\/ie\/oireachtas\/house\/dail\/33"},"progressStage":2,"showAs":"Second Stage","stageCompleted":true,"stageOutcome":null,"stageURI":"https:\/\/data.oireachtas.ie\/ie\/oireachtas\/def\/bill-stage\/2","uri":"https:\/\/data.oireachtas.ie\/ie\/oireachtas\/bill\/2023\/8\/stage\/dail\/2"}},{"event":{"chamber":{"chamberCode":"dail","showAs":"D\u00e1il \u00c9ireann","uri":"https:\/\/data.oireachtas.ie\/ie\/oireachtas\/def\/house\/dail"},"dates":[{"date":"2024-11-08"},{"date":"2025-05-01"}],"house":{"chamberCode":"dail","chamberType":"house","houseCode":"dail","houseNo":"33","showAs":"33rd D\u00e1il","uri":"https:\/\/data.oireachtas.ie\/ie\/oireachtas\/house\/dail\/33"},"progressStage":3,"showAs":"Committee Stage","stageCompleted":false,"stageOutcome":"Current","stageURI":"https:\/\/data.oireachtas.ie\/ie\/oireachtas\/def\/bill-stage\/3","uri":"https:\/\/data.oireachtas.ie\/ie\/oireachtas\/bill\/2023\/8\/stage\/dail\/3"}}],"status":"Current","statusURI":"https:\/\/data.oireachtas.ie\/ie\/oireachtas\/def\/bill-status\/published","uri":"https:\/\/data.oireachtas.ie\/ie\/oireachtas\/bill\/2023\/8","versions":[{"version":{"lang":"eng","docType":"bill","showAs":"As Initiated","date":"2023-01-31","formats":{"pdf":{"uri":"https:\/\/data.oireachtas.ie\/ie\/oireachtas\/bill\/2023\/8\/eng\/initiated\/b0823d.pdf"},"xml":null},"uri":"https:\/\/data.oireachtas.ie\/ie\/oireachtas\/bill\/2023\/8\/eng\/initiated"}}]},"contextDate":"2025-05-01","billSort":{"actNoSort":null,"actShortTitleEnSort":null,"actShortTitleGaSort":null,"actYearSort":null,"billNoSort":8,"billShortTitleEnSort":"commission-for-future-generations-bill-2023","billShortTitleGaSort":"an-bille-fa-choimisiun-um-ghlunta-sa-todhchai-2023","billYearSort":2023}},{"bill":{"act":null,"amendmentLists":[],"billNo":"6","billType":"Public","billTypeURI":"https:\/\/data.oireachtas.ie\/ie\/oireachtas\/def\/bill-type\/public","billYear":"2023","debates":[{"chamber":{"showAs":"Seanad \u00c9ireann","uri":"https:\/\/data.oireachtas.ie\/ie\/oireachtas\/def\/house\/seanad"},"date":"2023-02-28","debateSectionId":"dbsect_16","showAs":"Remuneration Information and Pay Transparency Bill 2023: Second Stage","uri":"https:\/\/data.oireachtas.ie\/akn\/ie\/debateRecord\/seanad\/2023-02-28\/debate\/main"},{"chamber":{"showAs":"Seanad \u00c9ireann","uri":"https:\/\/data.oireachtas.ie\/ie\/oireachtas\/def\/house\/seanad"},"date":"2023-02-28","debateSectionId":"dbsect_18","showAs":"Remuneration Information and Pay Transparency Bill 2023: Second Stage (Resumed)","uri":"https:\/\/data.oireachtas.ie\/akn\/ie\/debateRecord\/seanad\/2023-02-28\/debate\/main"},{"chamber":{"showAs":"Seanad \u00c9ireann","uri":"https:\/\/data.oireachtas.ie\/ie\/oireachtas\/def\/house\/seanad"},"date":"2023-01-24","debateSectionId":"dbsect_9","showAs":"Remuneration Information and Pay Transparency Bill 2023: First Stage","uri":"https:\/\/data.oireachtas.ie\/akn\/ie\/debateRecord\/seanad\/2023-01-24\/debate\/main"}],"events":[{"event":{"chamber":{"chamberCode":"seanad","showAs":"Seanad \u00c9ireann","uri":"https:\/\/data.oireachtas.ie\/ie\/oireachtas\/def\/house\/seanad"},"dates":[{"date":"2022-09-02"},{"date":"2023-01-24"},{"date":"2025-03-27"}],"eventURI":"https:\/\/data.oireachtas.ie\/ie\/oireachtas\/def\/bill-event\/admissibility-for-introduction","showAs":"Admissibility for Introduction","uri":"https:\/\/data.oireachtas.ie\/ie\/oireachtas\/bill\/2023\/6\/admissibility-for-introduction"}},{"event":{"chamber":{"chamberCode":"seanad","showAs":"Seanad \u00c9ireann","uri":"https:\/\/data.oireachtas.ie\/ie\/oireachtas\/def\/house\/seanad"},"dates":[{"date":"2025-01-29"}],"eventURI":"https:\/\/data.oireachtas.ie\/ie\/oireachtas\/def\/bill-event\/bill-lapsed","showAs":"Bill Lapsed","uri":"https:\/\/data.oireachtas.ie\/ie\/oireachtas\/bill\/2023\/6\/bill-lapsed"}}],"lastUpdated":"2025-06-19T11:31:35.540000+00:00","longTitleEn":"<p>Bill entitled an Act to make further and better provision for equality between employed persons by providing for transparency in respect of matters relating to remuneration, and for that and other purposes to amend the Employment Equality Acts 1998 to 2021 and to provide for related matters.<\/p>\n","longTitleGa":"<p>Bille d\u00e1 ngairtear Acht do dh\u00e9anamh socr\u00fa breise agus feabhsaithe maidir le comhionannas idir daoine fostaithe tr\u00ed shocr\u00fa a dh\u00e9anamh maidir le tr\u00e9dhearcacht i leith nithe a bhaineann le luach saothair agus, chun na cr\u00edche sin agus chun cr\u00edoch eile, do leas\u00fa na nAchtanna um Chomhionannas Fosta\u00edochta, 1998 go 2021 agus do dh\u00e9anamh socr\u00fa i dtaobh nithe gaolmhara.<\/p>\n","method":"Introduced","methodURI":"https:\/\/data.oireachtas.ie\/ie\/oireachtas\/def\/bill-method\/introduced","mostRecentStage":{"event":{"chamber":{"chamberCode":"seanad","showAs":"Seanad \u00c9ireann","uri":"https:\/\/data.oireachtas.ie\/ie\/oireachtas\/def\/house\/seanad"},"dates":[{"date":"2023-03-07"}],"house":{"chamberCode":"seanad","chamberType":"house","houseCode":"seanad","houseNo":"26","showAs":"26th Seanad","uri":"https:\/\/data.oireachtas.ie\/ie\/oireachtas\/house\/seanad\/26"},"progressStage":3,"showAs":"Committee Stage","stageCompleted":false,"stageOutcome":"Current","stageURI":"https:\/\/data.oireachtas.ie\/ie\/oireachtas\/def\/bill-stage\/3","uri":"https:\/\/data.oireachtas.ie\/ie\/oireachtas\/bill\/2023\/6\/stage\/seanad\/3"}},"originHouse":{"showAs":"Seanad \u00c9ireann","uri":"https:\/\/data.oireachtas.ie\/ie\/oireachtas\/def\/house\/seanad"},"originHouseURI":"https:\/\/data.oireachtas.ie\/ie\/oireachtas\/def\/house\/seanad","relatedDocs":[],"shortTitleEn":"Remuneration Information and Pay Transparency Bill 2023","shortTitleGa":"An Bille um Fhaisn\u00e9is faoi Luach Saothair agus um Thr\u00e9dhearcacht P\u00e1, 2023","source":"Private Member","sourceURI":"https:\/\/data.oireachtas.ie\/ie\/oireachtas\/def\/bill-source\/private-member","sponsors":[{"sponsor":{"as":{"showAs":null,"uri":null},"by":{"showAs":"Catherine Ardagh","uri":"https:\/\/data.oireachtas.ie\/ie\/oireachtas\/member\/id\/Catherine-Ardagh.S.2016-04-25"},"isPrimary":true}},{"sponsor":{"as":{"showAs":null,"uri":null},"by":{"showAs":"Ollie Crowe","uri":"https:\/\/data.oireachtas.ie\/ie\/oireachtas\/member\/id\/Ollie-Crowe.S.2020-03-30"},"isPrimary":false}}],"stages":[{"event":{"chamber":{"chamberCode":"seanad","showAs":"Seanad \u00c9ireann","uri":"https:\/\/data.oireachtas.ie\/ie\/oireachtas\/def\/house\/seanad"},"dates":[{"date":"2022-09-02"},{"date":"2023-01-24"},{"date":"2023-01-24"}],"house":{"chamberCode":"seanad","chamberType":"house","houseCode":"seanad","houseNo":"26","showAs":"26th Seanad","uri":"https:\/\/data.oireachtas.ie\/ie\/oireachtas\/house\/seanad\/26"},"progressStage":1,"showAs":"First Stage","stageCompleted":true,"stageOutcome":null,"stageURI":"https:\/\/data.oireachtas.ie\/ie\/oireachtas\/def\/bill-stage\/1","uri":"https:\/\/data.oireachtas.ie\/ie\/oireachtas\/bill\/2023\/6\/stage\/seanad\/1"}},{"event":{"chamber":{"chamberCode":"seanad","showAs":"Seanad \u00c9ireann","uri":"https:\/\/data.oireachtas.ie\/ie\/oireachtas\/def\/house\/seanad"},"dates":[{"date":"2023-01-24"},{"date":"2023-01-24"},{"date":"2023-01-24"},{"date":"2023-01-24"},{"date":"2023-01-24"},{"date":"2023-01-24"}],"house":{"chamberCode":"seanad","chamberType":"house","houseCode":"seanad","houseNo":"26","showAs":"26th Seanad","uri":"https:\/\/data.oireachtas.ie\/ie\/oireachtas\/house\/seanad\/26"},"progressStage":2,"showAs":"Second Stage","stageCompleted":true,"stageOutcome":null,"stageURI":"https:\/\/data.oireachtas.ie\/ie\/oireachtas\/def\/bill-stage\/2","uri":"https:\/\/data.oireachtas.ie\/ie\/oireachtas\/bill\/2023\/6\/stage\/seanad\/2"}},{"event":{"chamber":{"chamberCode":"seanad","showAs":"Seanad \u00c9ireann","uri":"https:\/\/data.oireachtas.ie\/ie\/oireachtas\/def\/house\/seanad"},"dates":[{"date":"2023-03-07"}],"house":{"chamberCode":"seanad","chamberType":"house","houseCode":"seanad","houseNo":"26","showAs":"26th Seanad","uri":"https:\/\/data.oireachtas.ie\/ie\/oireachtas\/house\/seanad\/26"},"progressStage":3,"showAs":"Committee Stage","stageCompleted":false,"stageOutcome":"Current","stageURI":"https:\/\/data.oireachtas.ie\/ie\/oireachtas\/def\/bill-stage\/3","uri":"https:\/\/data.oireachtas.ie\/ie\/oireachtas\/bill\/2023\/6\/stage\/seanad\/3"}}],"status":"Current","statusURI":"https:\/\/data.oireachtas.ie\/ie\/oireachtas\/def\/bill-status\/published","uri":"https:\/\/data.oireachtas.ie\/ie\/oireachtas\/bill\/2023\/6","versions":[{"version":{"date":"2023-01-24","docType":"bill","formats":{"pdf":{"uri":"https:\/\/data.oireachtas.ie\/ie\/oireachtas\/bill\/2023\/6\/eng\/initiated\/b0623s.pdf"},"xml":null},"lang":"eng","showAs":"As Initiated","uri":"https:\/\/data.oireachtas.ie\/ie\/oireachtas\/bill\/2023\/6\/eng\/initiated"}}]},"billSort":{"actNoSort":null,"actShortTitleEnSort":null,"actShortTitleGaSort":null,"actYearSort":null,"billNoSort":6,"billShortTitleEnSort":"remuneration-information-and-pay-transparency-bill-2023","billShortTitleGaSort":"an-bille-um-fhaisneis-faoi-luach-saothair-agus-um-thredhearcacht-pa-2023","billYearSort":2023},"contextDate":"2023-03-07"},{"bill":{"act":null,"amendmentLists":[],"billNo":"117","billType":"Public","billTypeURI":"https:\/\/data.oireachtas.ie\/ie\/oireachtas\/def\/bill-type\/public","billYear":"2022","debates":[{"chamber":{"showAs":"D\u00e1il \u00c9ireann","uri":"https:\/\/data.oireachtas.ie\/ie\/oireachtas\/def\/house\/dail"},"date":"2022-12-14","debateSectionId":"dbsect_6","showAs":"Ukraine Solidarity Bill 2022: First Stage","uri":"https:\/\/data.oireachtas.ie\/akn\/ie\/debateRecord\/dail\/2022-12-14\/debate\/main"}],"events":[{"event":{"chamber":{"chamberCode":"dail","showAs":"D\u00e1il \u00c9ireann","uri":"https:\/\/data.oireachtas.ie\/ie\/oireachtas\/def\/house\/dail"},"dates":[{"date":"2022-12-12"},{"date":"2022-12-12"},{"date":"2022-12-14"},{"date":"2023-01-24"},{"date":"2025-05-27"}],"eventURI":"https:\/\/data.oireachtas.ie\/ie\/oireachtas\/def\/bill-event\/admissibility-for-introduction","showAs":"Admissibility for Introduction","uri":"https:\/\/data.oireachtas.ie\/ie\/oireachtas\/bill\/2022\/117\/admissibility-for-introduction"}},{"event":{"chamber":{"chamberCode":"dail","showAs":"D\u00e1il \u00c9ireann","uri":"https:\/\/data.oireachtas.ie\/ie\/oireachtas\/def\/house\/dail"},"dates":[{"date":"2024-11-08"}],"eventURI":"https:\/\/data.oireachtas.ie\/ie\/oireachtas\/def\/bill-event\/bill-lapsed","showAs":"Bill Lapsed","uri":"https:\/\/data.oireachtas.ie\/ie\/oireachtas\/bill\/2022\/117\/bill-lapsed"}}],"lastUpdated":"2025-05-28T08:49:07.870000+00:00","longTitleEn":"<p>Bill entitled an Act to provide comprehensive solidarity to Ukraine in the face of the unlawful war of aggression waged by the Russian Federation with the support of Belarus, to provide for criminal and civil liability in respect of the crime of aggression and related wrongs and for the recognition of qualifications of displaced persons, to make provision with extra-territorial effect in accordance with Article 29.8 of the Constitution and to provide for related matters.<\/p>\n","longTitleGa":"<p>Bille d\u00e1 ngairtear Acht do shol\u00e1thar dl\u00fathph\u00e1irt\u00edocht chuimsitheach don \u00dacr\u00e1in i bhfianaise an chogaidh ionsaithe neamhdhleathaigh at\u00e1 \u00e1 fhearadh ag C\u00f3naidhm na R\u00faise le taca\u00edocht \u00f3n mBealar\u00fais, do dh\u00e9anamh socr\u00fa maidir le dliteanas coiri\u00fail agus dliteanas sibhialta i leith choir an ionsaithe agus \u00e9ag\u00f3racha gaolmhara agus maidir le c\u00e1il\u00edochta\u00ed daoine eas\u00e1itithe a aithint, do dh\u00e9anamh for\u00e1il le h\u00e9ifeacht sheachchr\u00edochach de r\u00e9ir Airteagal 29.8 den Bhunreacht agus do dh\u00e9anamh socr\u00fa i dtaobh nithe gaolmhara.<\/p>\n","method":"Introduced","methodURI":"https:\/\/data.oireachtas.ie\/ie\/oireachtas\/def\/bill-method\/introduced","mostRecentStage":{"event":{"chamber":{"chamberCode":"dail","showAs":"D\u00e1il \u00c9ireann","uri":"https:\/\/data.oireachtas.ie\/ie\/oireachtas\/def\/house\/dail"},"dates":[{"date":"2022-12-14"},{"date":"2022-12-14"},{"date":"2022-12-14"}],"house":{"chamberCode":"dail","chamberType":"house","houseCode":"dail","houseNo":"33","showAs":"33rd D\u00e1il","uri":"https:\/\/data.oireachtas.ie\/ie\/oireachtas\/house\/dail\/33"},"progressStage":2,"showAs":"Second Stage","stageCompleted":false,"stageOutcome":"Current","stageURI":"https:\/\/data.oireachtas.ie\/ie\/oireachtas\/def\/bill-stage\/2","uri":"https:\/\/data.oireachtas.ie\/ie\/oireachtas\/bill\/2022\/117\/stage\/dail\/2"}},"originHouse":{"showAs":"D\u00e1il \u00c9ireann","uri":"https:\/\/data.oireachtas.ie\/ie\/oireachtas\/def\/house\/dail"},"originHouseURI":"https:\/\/data.oireachtas.ie\/ie\/oireachtas\/def\/house\/dail","relatedDocs":[{"relatedDoc":{"date":"2022-12-14","docType":"memo","formats":{"pdf":{"uri":"https:\/\/data.oireachtas.ie\/ie\/oireachtas\/bill\/2022\/117\/eng\/memo\/b11722d-memo.pdf"},"xml":null},"lang":"eng","showAs":"Explanatory Memorandum","uri":"https:\/\/data.oireachtas.ie\/ie\/oireachtas\/bill\/2022\/117\/eng\/memo"}}],"shortTitleEn":"Ukraine Solidarity Bill 2022","shortTitleGa":"An Bille um Dhl\u00fathph\u00e1irt\u00edocht leis an \u00dacr\u00e1in, 2022","source":"Private Member","sourceURI":"https:\/\/data.oireachtas.ie\/ie\/oireachtas\/def\/bill-source\/private-member","sponsors":[{"sponsor":{"isPrimary":true,"as":{"showAs":null,"uri":null},"by":{"showAs":"Jim O'Callaghan","uri":"https:\/\/data.oireachtas.ie\/ie\/oireachtas\/member\/id\/Jim-O'Callaghan.D.2016-10-03"}}}],"stages":[{"event":{"chamber":{"chamberCode":"dail","showAs":"D\u00e1il \u00c9ireann","uri":"https:\/\/data.oireachtas.ie\/ie\/oireachtas\/def\/house\/dail"},"dates":[{"date":"2022-12-12"},{"date":"2022-12-12"},{"date":"2022-12-14"},{"date":"2022-12-14"}],"house":{"chamberCode":"dail","chamberType":"house","houseCode":"dail","houseNo":"33","showAs":"33rd D\u00e1il","uri":"https:\/\/data.oireachtas.ie\/ie\/oireachtas\/house\/dail\/33"},"progressStage":1,"showAs":"First Stage","stageCompleted":true,"stageOutcome":null,"stageURI":"https:\/\/data.oireachtas.ie\/ie\/oireachtas\/def\/bill-stage\/1","uri":"https:\/\/data.oireachtas.ie\/ie\/oireachtas\/bill\/2022\/117\/stage\/dail\/1"}},{"event":{"chamber":{"chamberCode":"dail","showAs":"D\u00e1il \u00c9ireann","uri":"https:\/\/data.oireachtas.ie\/ie\/oireachtas\/def\/house\/dail"},"dates":[{"date":"2022-12-14"},{"date":"2022-12-14"},{"date":"2022-12-14"}],"house":{"chamberCode":"dail","chamberType":"house","houseCode":"dail","houseNo":"33","showAs":"33rd D\u00e1il","uri":"https:\/\/data.oireachtas.ie\/ie\/oireachtas\/house\/dail\/33"},"progressStage":2,"showAs":"Second Stage","stageCompleted":false,"stageOutcome":"Current","stageURI":"https:\/\/data.oireachtas.ie\/ie\/oireachtas\/def\/bill-stage\/2","uri":"https:\/\/data.oireachtas.ie\/ie\/oireachtas\/bill\/2022\/117\/stage\/dail\/2"}}],"status":"Current","statusURI":"https:\/\/data.oireachtas.ie\/ie\/oireachtas\/def\/bill-status\/published","uri":"https:\/\/data.oireachtas.ie\/ie\/oireachtas\/bill\/2022\/117","versions":[{"version":{"lang":"eng","docType":"bill","showAs":"As Initiated","date":"2022-12-14","formats":{"pdf":{"uri":"https:\/\/data.oireachtas.ie\/ie\/oireachtas\/bill\/2022\/117\/eng\/initiated\/b11722d.pdf"},"xml":null},"uri":"https:\/\/data.oireachtas.ie\/ie\/oireachtas\/bill\/2022\/117\/eng\/initiated"}}]},"contextDate":"2022-12-14","billSort":{"actNoSort":null,"actShortTitleEnSort":null,"actShortTitleGaSort":null,"actYearSort":null,"billNoSort":117,"billShortTitleEnSort":"ukraine-solidarity-bill-2022","billShortTitleGaSort":"an-bille-um-dhluthphairtiocht-leis-an-ucrain-2022","billYearSort":2022}},{"bill":{"act":null,"amendmentLists":[],"billNo":"111","billType":"Public","billTypeURI":"https:\/\/data.oireachtas.ie\/ie\/oireachtas\/def\/bill-type\/public","billYear":"2022","debates":[{"chamber":{"showAs":"D\u00e1il \u00c9ireann","uri":"https:\/\/data.oireachtas.ie\/ie\/oireachtas\/def\/house\/dail"},"date":"2024-01-31","debateSectionId":"dbsect_34","showAs":"Misuse of Drugs (Cannabis Regulation) Bill 2022: Second Stage (Resumed) [Private Members]","uri":"https:\/\/data.oireachtas.ie\/akn\/ie\/debateRecord\/dail\/2024-01-31\/debate\/main"},{"chamber":{"showAs":"D\u00e1il \u00c9ireann","uri":"https:\/\/data.oireachtas.ie\/ie\/oireachtas\/def\/house\/dail"},"date":"2024-01-31","debateSectionId":"dbsect_8","showAs":"Misuse of Drugs (Cannabis Regulation) Bill 2022: Second Stage [Private Members]","uri":"https:\/\/data.oireachtas.ie\/akn\/ie\/debateRecord\/dail\/2024-01-31\/debate\/main"},{"chamber":{"showAs":"D\u00e1il \u00c9ireann","uri":"https:\/\/data.oireachtas.ie\/ie\/oireachtas\/def\/house\/dail"},"date":"2022-11-24","debateSectionId":"dbsect_30","showAs":"Misuse of Drugs (Cannabis Regulation) Bill 2022: First Stage","uri":"https:\/\/data.oireachtas.ie\/akn\/ie\/debateRecord\/dail\/2022-11-24\/debate\/main"}],"events":[{"event":{"chamber":{"chamberCode":"dail","showAs":"D\u00e1il \u00c9ireann","uri":"https:\/\/data.oireachtas.ie\/ie\/oireachtas\/def\/house\/dail"},"dates":[{"date":"2022-11-22"},{"date":"2022-11-22"},{"date":"2022-11-24"},{"date":"2025-05-01"}],"eventURI":"https:\/\/data.oireachtas.ie\/ie\/oireachtas\/def\/bill-event\/approved-for-initiation","showAs":"Approved for Initiation","uri":"https:\/\/data.oireachtas.ie\/ie\/oireachtas\/bill\/2022\/111\/approved-for-initiation"}},{"event":{"chamber":{"chamberCode":"dail","showAs":"D\u00e1il \u00c9ireann","uri":"https:\/\/data.oireachtas.ie\/ie\/oireachtas\/def\/house\/dail"},"dates":[{"date":"2024-11-08"}],"eventURI":"https:\/\/data.oireachtas.ie\/ie\/oireachtas\/def\/bill-event\/bill-lapsed","showAs":"Bill Lapsed","uri":"https:\/\/data.oireachtas.ie\/ie\/oireachtas\/bill\/2022\/111\/bill-lapsed"}}],"lastUpdated":"2025-05-02T12:03:25.160000+00:00","longTitleEn":"<p>Bill entitled an Act to amend the Misuse of Drugs Act 1977 to enable a person who is at least 18 years of age to have possession, for the person\u2019s personal use, of either or both cannabis and cannabis resin that in each case does not exceed a specified amount and to provide for related matters.<\/p>\n","longTitleGa":"<p>Bille d\u00e1 ngairtear Acht do leas\u00fa an Achta um M\u00ed-\u00das\u00e1id Druga\u00ed, 1977 chun a chumas\u00fa do dhuine, at\u00e1 18 mbliana d\u2019aois ar a laghad, cannabas n\u00f3 rois\u00edn cannabais, n\u00f3 cannabas agus rois\u00edn cannabais, nach m\u00f3 a mh\u00e9id n\u00f3 a m\u00e9id i ngach c\u00e1s n\u00e1 m\u00e9id sonraithe, a shealbh\u00fa le haghaidh \u00fas\u00e1id phearsanta an duine, &nbsp;agus do dh\u00e9anamh socr\u00fa i dtaobh nithe gaolmhara.<\/p>\n","method":"Introduced","methodURI":"https:\/\/data.oireachtas.ie\/ie\/oireachtas\/def\/bill-method\/introduced","mostRecentStage":{"event":{"chamber":{"chamberCode":"dail","showAs":"D\u00e1il \u00c9ireann","uri":"https:\/\/data.oireachtas.ie\/ie\/oireachtas\/def\/house\/dail"},"dates":[{"date":"2024-11-08"},{"date":"2025-05-01"}],"house":{"chamberCode":"dail","chamberType":"house","houseCode":"dail","houseNo":"33","showAs":"33rd D\u00e1il","uri":"https:\/\/data.oireachtas.ie\/ie\/oireachtas\/house\/dail\/33"},"progressStage":3,"showAs":"Committee Stage","stageCompleted":false,"stageOutcome":"Current","stageURI":"https:\/\/data.oireachtas.ie\/ie\/oireachtas\/def\/bill-stage\/3","uri":"https:\/\/data.oireachtas.ie\/ie\/oireachtas\/bill\/2022\/111\/stage\/dail\/3"}},"originHouse":{"showAs":"D\u00e1il \u00c9ireann","uri":"https:\/\/data.oireachtas.ie\/ie\/oireachtas\/def\/house\/dail"},"originHouseURI":"https:\/\/data.oireachtas.ie\/ie\/oireachtas\/def\/house\/dail","relatedDocs":[{"relatedDoc":{"date":"2022-11-24","docType":"memo","formats":{"pdf":{"uri":"https:\/\/data.oireachtas.ie\/ie\/oireachtas\/bill\/2022\/111\/eng\/memo\/b11122d-memo.pdf"},"xml":null},"lang":"eng","showAs":"Explanatory Memorandum","uri":"https:\/\/data.oireachtas.ie\/ie\/oireachtas\/bill\/2022\/111\/eng\/memo"}}],"shortTitleEn":"Misuse of Drugs (Cannabis Regulation) Bill 2022","shortTitleGa":"An Bille um M\u00ed-\u00das\u00e1id Druga\u00ed (Rial\u00e1il Cannabais), 2022","source":"Private Member","sourceURI":"https:\/\/data.oireachtas.ie\/ie\/oireachtas\/def\/bill-source\/private-member","sponsors":[{"sponsor":{"isPrimary":true,"as":{"showAs":null,"uri":null},"by":{"showAs":"Gino Kenny","uri":"https:\/\/data.oireachtas.ie\/ie\/oireachtas\/member\/id\/Gino-Kenny.D.2016-10-03"}}},{"sponsor":{"isPrimary":false,"as":{"showAs":null,"uri":null},"by":{"showAs":"Paul Murphy","uri":"https:\/\/data.oireachtas.ie\/ie\/oireachtas\/member\/id\/Paul-Murphy.D.2014-10-10"}}},{"sponsor":{"isPrimary":false,"as":{"showAs":null,"uri":null},"by":{"showAs":"Richard Boyd Barrett","uri":"https:\/\/data.oireachtas.ie\/ie\/oireachtas\/member\/id\/Richard-Boyd-Barrett.D.2011-03-09"}}},{"sponsor":{"isPrimary":false,"as":{"showAs":null,"uri":null},"by":{"showAs":"Br\u00edd Smith","uri":"https:\/\/data.oireachtas.ie\/ie\/oireachtas\/member\/id\/Br\u00edd-Smith.D.2016-10-03"}}},{"sponsor":{"isPrimary":false,"as":{"showAs":null,"uri":null},"by":{"showAs":"Mick Barry","uri":"https:\/\/data.oireachtas.ie\/ie\/oireachtas\/member\/id\/Mick-Barry.D.2016-10-03"}}}],"stages":[{"event":{"chamber":{"chamberCode":"dail","showAs":"D\u00e1il \u00c9ireann","uri":"https:\/\/data.oireachtas.ie\/ie\/oireachtas\/def\/house\/dail"},"dates":[{"date":"2022-11-22"},{"date":"2022-11-22"},{"date":"2022-11-24"},{"date":"2022-11-24"}],"house":{"chamberCode":"dail","chamberType":"house","houseCode":"dail","houseNo":"33","showAs":"33rd D\u00e1il","uri":"https:\/\/data.oireachtas.ie\/ie\/oireachtas\/house\/dail\/33"},"progressStage":1,"showAs":"First Stage","stageCompleted":true,"stageOutcome":null,"stageURI":"https:\/\/data.oireachtas.ie\/ie\/oireachtas\/def\/bill-stage\/1","uri":"https:\/\/data.oireachtas.ie\/ie\/oireachtas\/bill\/2022\/111\/stage\/dail\/1"}},{"event":{"chamber":{"chamberCode":"dail","showAs":"D\u00e1il \u00c9ireann","uri":"https:\/\/data.oireachtas.ie\/ie\/oireachtas\/def\/house\/dail"},"dates":[{"date":"2022-11-24"}],"house":{"chamberCode":"dail","chamberType":"house","houseCode":"dail","houseNo":"33","showAs":"33rd D\u00e1il","uri":"https:\/\/data.oireachtas.ie\/ie\/oireachtas\/house\/dail\/33"},"progressStage":2,"showAs":"Second Stage","stageCompleted":true,"stageOutcome":null,"stageURI":"https:\/\/data.oireachtas.ie\/ie\/oireachtas\/def\/bill-stage\/2","uri":"https:\/\/data.oireachtas.ie\/ie\/oireachtas\/bill\/2022\/111\/stage\/dail\/2"}},{"event":{"chamber":{"chamberCode":"dail","showAs":"D\u00e1il \u00c9ireann","uri":"https:\/\/data.oireachtas.ie\/ie\/oireachtas\/def\/house\/dail"},"dates":[{"date":"2024-11-08"},{"date":"2025-05-01"}],"house":{"chamberCode":"dail","chamberType":"house","houseCode":"dail","houseNo":"33","showAs":"33rd D\u00e1il","uri":"https:\/\/data.oireachtas.ie\/ie\/oireachtas\/house\/dail\/33"},"progressStage":3,"showAs":"Committee Stage","stageCompleted":false,"stageOutcome":"Current","stageURI":"https:\/\/data.oireachtas.ie\/ie\/oireachtas\/def\/bill-stage\/3","uri":"https:\/\/data.oireachtas.ie\/ie\/oireachtas\/bill\/2022\/111\/stage\/dail\/3"}}],"status":"Current","statusURI":"https:\/\/data.oireachtas.ie\/ie\/oireachtas\/def\/bill-status\/published","uri":"https:\/\/data.oireachtas.ie\/ie\/oireachtas\/bill\/2022\/111","versions":[{"version":{"lang":"eng","docType":"bill","showAs":"As Initiated","date":"2022-11-24","formats":{"pdf":{"uri":"https:\/\/data.oireachtas.ie\/ie\/oireachtas\/bill\/2022\/111\/eng\/initiated\/b11122d.pdf"},"xml":null},"uri":"https:\/\/data.oireachtas.ie\/ie\/oireachtas\/bill\/2022\/111\/eng\/initiated"}}]},"contextDate":"2025-05-01","billSort":{"actNoSort":null,"actShortTitleEnSort":null,"actShortTitleGaSort":null,"actYearSort":null,"billNoSort":111,"billShortTitleEnSort":"misuse-of-drugs-cannabis-regulation-bill-2022","billShortTitleGaSort":"an-bille-um-mi-usaid-drugai-rialail-cannabais-2022","billYearSort":2022}},{"bill":{"act":null,"amendmentLists":[],"billNo":"108","billType":"Public","billTypeURI":"https:\/\/data.oireachtas.ie\/ie\/oireachtas\/def\/bill-type\/public","billYear":"2022","debates":[{"chamber":{"showAs":"Seanad \u00c9ireann","uri":"https:\/\/data.oireachtas.ie\/ie\/oireachtas\/def\/house\/seanad"},"date":"2022-11-22","debateSectionId":"dbsect_10","showAs":"Education (Relationships and Sexuality Education) (Amendment) Bill 2022: First Stage","uri":"https:\/\/data.oireachtas.ie\/akn\/ie\/debateRecord\/seanad\/2022-11-22\/debate\/main"}],"events":[{"event":{"chamber":{"chamberCode":"seanad","showAs":"Seanad \u00c9ireann","uri":"https:\/\/data.oireachtas.ie\/ie\/oireachtas\/def\/house\/seanad"},"dates":[{"date":"2022-05-03"},{"date":"2022-11-22"}],"eventURI":"https:\/\/data.oireachtas.ie\/ie\/oireachtas\/def\/bill-event\/admissibility-for-introduction","showAs":"Admissibility for Introduction","uri":"https:\/\/data.oireachtas.ie\/ie\/oireachtas\/bill\/2022\/108\/admissibility-for-introduction"}},{"event":{"chamber":{"chamberCode":"seanad","showAs":"Seanad \u00c9ireann","uri":"https:\/\/data.oireachtas.ie\/ie\/oireachtas\/def\/house\/seanad"},"dates":[{"date":"2025-01-29"}],"eventURI":"https:\/\/data.oireachtas.ie\/ie\/oireachtas\/def\/bill-event\/bill-lapsed","showAs":"Bill Lapsed","uri":"https:\/\/data.oireachtas.ie\/ie\/oireachtas\/bill\/2022\/108\/bill-lapsed"}}],"lastUpdated":"2025-02-20T09:35:04.060000+00:00","longTitleEn":"<p>Bill entitled an Act to amend the Education Act 1988 (as amended) to make provision for the implementation of relationship and sexuality education in primary and post-primary schools without any influence of religious ethos on relationship and sexuality education, and to provide for related matters.<\/p>\n","longTitleGa":"Bille d\u00e1 ngairtear Act do leas\u00fa an Achta Oideachais, 1988 (arna leas\u00fa) chun socr\u00fa a dh\u00e9anamh maidir le hoideachas caidreamh agus gn\u00e9asachta a chur i ngn\u00edomh i mbunscoileanna agus in iarbhunscoileanna gan tionchar ar bith a bheith ag \u00e9iteas creidimh ar oideachas caidreamh agus gn\u00e9asachta, agus do dh\u00e9anamh socr\u00fa i dtaobh nithe gaolmhara.","method":"Introduced","methodURI":"https:\/\/data.oireachtas.ie\/ie\/oireachtas\/def\/bill-method\/introduced","mostRecentStage":{"event":{"chamber":{"chamberCode":"seanad","showAs":"Seanad \u00c9ireann","uri":"https:\/\/data.oireachtas.ie\/ie\/oireachtas\/def\/house\/seanad"},"dates":[{"date":"2022-11-22"}],"house":{"chamberCode":"seanad","chamberType":"house","houseCode":"seanad","houseNo":"26","showAs":"26th Seanad","uri":"https:\/\/data.oireachtas.ie\/ie\/oireachtas\/house\/seanad\/26"},"progressStage":2,"showAs":"Second Stage","stageCompleted":false,"stageOutcome":"Lapsed","stageURI":"https:\/\/data.oireachtas.ie\/ie\/oireachtas\/def\/bill-stage\/2","uri":"https:\/\/data.oireachtas.ie\/ie\/oireachtas\/bill\/2022\/108\/stage\/seanad\/2"}},"originHouse":{"showAs":"Seanad \u00c9ireann","uri":"https:\/\/data.oireachtas.ie\/ie\/oireachtas\/def\/house\/seanad"},"originHouseURI":"https:\/\/data.oireachtas.ie\/ie\/oireachtas\/def\/house\/seanad","relatedDocs":[],"shortTitleEn":"Education (Relationships and Sexuality Education) (Amendment) Bill 2022","shortTitleGa":"An Bille Oideachais (Oideachas Caidreamh agus Gn\u00e9asachta) (Leas\u00fa), 2022","source":"Private Member","sourceURI":"https:\/\/data.oireachtas.ie\/ie\/oireachtas\/def\/bill-source\/private-member","sponsors":[{"sponsor":{"as":{"showAs":null,"uri":null},"by":{"showAs":"Fiona O'Loughlin","uri":"https:\/\/data.oireachtas.ie\/ie\/oireachtas\/member\/id\/Fiona-O'Loughlin.D.2016-10-03"},"isPrimary":true}},{"sponsor":{"as":{"showAs":null,"uri":null},"by":{"showAs":"Malcolm Byrne","uri":"https:\/\/data.oireachtas.ie\/ie\/oireachtas\/member\/id\/Malcolm-Byrne.D.2019-11-29"},"isPrimary":false}}],"stages":[{"event":{"chamber":{"chamberCode":"seanad","showAs":"Seanad \u00c9ireann","uri":"https:\/\/data.oireachtas.ie\/ie\/oireachtas\/def\/house\/seanad"},"dates":[{"date":"2022-05-03"},{"date":"2022-11-22"},{"date":"2022-11-22"}],"house":{"chamberCode":"seanad","chamberType":"house","houseCode":"seanad","houseNo":"26","showAs":"26th Seanad","uri":"https:\/\/data.oireachtas.ie\/ie\/oireachtas\/house\/seanad\/26"},"progressStage":1,"showAs":"First Stage","stageCompleted":true,"stageOutcome":null,"stageURI":"https:\/\/data.oireachtas.ie\/ie\/oireachtas\/def\/bill-stage\/1","uri":"https:\/\/data.oireachtas.ie\/ie\/oireachtas\/bill\/2022\/108\/stage\/seanad\/1"}},{"event":{"chamber":{"chamberCode":"seanad","showAs":"Seanad \u00c9ireann","uri":"https:\/\/data.oireachtas.ie\/ie\/oireachtas\/def\/house\/seanad"},"dates":[{"date":"2022-11-22"}],"house":{"chamberCode":"seanad","chamberType":"house","houseCode":"seanad","houseNo":"26","showAs":"26th Seanad","uri":"https:\/\/data.oireachtas.ie\/ie\/oireachtas\/house\/seanad\/26"},"progressStage":2,"showAs":"Second Stage","stageCompleted":false,"stageOutcome":"Lapsed","stageURI":"https:\/\/data.oireachtas.ie\/ie\/oireachtas\/def\/bill-stage\/2","uri":"https:\/\/data.oireachtas.ie\/ie\/oireachtas\/bill\/2022\/108\/stage\/seanad\/2"}}],"status":"Lapsed","statusURI":"https:\/\/data.oireachtas.ie\/ie\/oireachtas\/def\/bill-status\/lapsed","uri":"https:\/\/data.oireachtas.ie\/ie\/oireachtas\/bill\/2022\/108","versions":[{"version":{"date":"2022-11-22","docType":"bill","formats":{"pdf":{"uri":"https:\/\/data.oireachtas.ie\/ie\/oireachtas\/bill\/2022\/108\/eng\/initiated\/b10822s.pdf"},"xml":null},"lang":"eng","showAs":"As Initiated","uri":"https:\/\/data.oireachtas.ie\/ie\/oireachtas\/bill\/2022\/108\/eng\/initiated"}}]},"billSort":{"actNoSort":null,"actShortTitleEnSort":null,"actShortTitleGaSort":null,"actYearSort":null,"billNoSort":108,"billShortTitleEnSort":"education-relationships-and-sexuality-education-amendment-bill-2022","billShortTitleGaSort":"an-bille-oideachais-oideachas-caidreamh-agus-gneasachta-leasu-2022","billYearSort":2022},"contextDate":"2022-11-22"},{"bill":{"act":null,"amendmentLists":[],"billNo":"106","billType":"Public","billTypeURI":"https:\/\/data.oireachtas.ie\/ie\/oireachtas\/def\/bill-type\/public","billYear":"2022","debates":[{"chamber":{"showAs":"Seanad \u00c9ireann","uri":"https:\/\/data.oireachtas.ie\/ie\/oireachtas\/def\/house\/seanad"},"date":"2024-10-22","debateSectionId":"dbsect_12","showAs":"Curragh of Kildare (Amendment) Bill 2022: Second Stage","uri":"https:\/\/data.oireachtas.ie\/akn\/ie\/debateRecord\/seanad\/2024-10-22\/debate\/main"},{"chamber":{"showAs":"Seanad \u00c9ireann","uri":"https:\/\/data.oireachtas.ie\/ie\/oireachtas\/def\/house\/seanad"},"date":"2022-11-10","debateSectionId":"dbsect_10","showAs":"Curragh of Kildare (Amendment) Bill 2022: First Stage","uri":"https:\/\/data.oireachtas.ie\/akn\/ie\/debateRecord\/seanad\/2022-11-10\/debate\/main"}],"events":[{"event":{"chamber":{"chamberCode":"seanad","showAs":"Seanad \u00c9ireann","uri":"https:\/\/data.oireachtas.ie\/ie\/oireachtas\/def\/house\/seanad"},"dates":[{"date":"2022-09-02"},{"date":"2022-11-10"},{"date":"2025-03-27"}],"eventURI":"https:\/\/data.oireachtas.ie\/ie\/oireachtas\/def\/bill-event\/admissibility-for-introduction","showAs":"Admissibility for Introduction","uri":"https:\/\/data.oireachtas.ie\/ie\/oireachtas\/bill\/2022\/106\/admissibility-for-introduction"}},{"event":{"chamber":{"chamberCode":"seanad","showAs":"Seanad \u00c9ireann","uri":"https:\/\/data.oireachtas.ie\/ie\/oireachtas\/def\/house\/seanad"},"dates":[{"date":"2025-01-29"}],"eventURI":"https:\/\/data.oireachtas.ie\/ie\/oireachtas\/def\/bill-event\/bill-lapsed","showAs":"Bill Lapsed","uri":"https:\/\/data.oireachtas.ie\/ie\/oireachtas\/bill\/2022\/106\/bill-lapsed"}}],"lastUpdated":"2025-03-28T10:57:27.680000+00:00","longTitleEn":"Bill entitled an Act to amend the Curragh of Kildare Act 1961 to make provision for the management and use of the Curragh whereby the Minister may grant a licence to persons for continuous occupation of any part of the Curragh for a specified period of time, and to provide for related matters.","longTitleGa":"Bille d\u00e1 ngairtear Acht do leas\u00fa Acht Churrach Chill Dara, 1961 chun socr\u00fa a dh\u00e9anamh maidir le bainisti\u00fa agus le h\u00fas\u00e1id an Churraigh tr\u00edna bhf\u00e9adfaidh an tAire cead\u00fanas a dheon\u00fa do dhaoine chun aon chuid den Churrach a \u00e1iti\u00fa go lean\u00fanach ar feadh tr\u00e9imhse shonraithe ama, agus do dh\u00e9anamh socr\u00fa i dtaobh nithe gaolmhara.","method":"Introduced","methodURI":"https:\/\/data.oireachtas.ie\/ie\/oireachtas\/def\/bill-method\/introduced","mostRecentStage":{"event":{"chamber":{"chamberCode":"seanad","showAs":"Seanad \u00c9ireann","uri":"https:\/\/data.oireachtas.ie\/ie\/oireachtas\/def\/house\/seanad"},"dates":[{"date":"2025-01-29"},{"date":"2025-03-27"}],"house":{"chamberCode":"seanad","chamberType":"house","houseCode":"seanad","houseNo":"27","showAs":"27th Seanad","uri":"https:\/\/data.oireachtas.ie\/ie\/oireachtas\/house\/seanad\/27"},"progressStage":3,"showAs":"Committee Stage","stageCompleted":false,"stageOutcome":"Current","stageURI":"https:\/\/data.oireachtas.ie\/ie\/oireachtas\/def\/bill-stage\/3","uri":"https:\/\/data.oireachtas.ie\/ie\/oireachtas\/bill\/2022\/106\/stage\/seanad\/3"}},"originHouse":{"showAs":"Seanad \u00c9ireann","uri":"https:\/\/data.oireachtas.ie\/ie\/oireachtas\/def\/house\/seanad"},"originHouseURI":"https:\/\/data.oireachtas.ie\/ie\/oireachtas\/def\/house\/seanad","relatedDocs":[],"shortTitleEn":"Curragh of Kildare (Amendment) Bill 2022","shortTitleGa":"Bille Churrach Chill Dara (Leas\u00fa), 2022","source":"Private Member","sourceURI":"https:\/\/data.oireachtas.ie\/ie\/oireachtas\/def\/bill-source\/private-member","sponsors":[{"sponsor":{"as":{"showAs":null,"uri":null},"by":{"showAs":"Fiona O'Loughlin","uri":"https:\/\/data.oireachtas.ie\/ie\/oireachtas\/member\/id\/Fiona-O'Loughlin.D.2016-10-03"},"isPrimary":true}},{"sponsor":{"as":{"showAs":null,"uri":null},"by":{"showAs":"Mary Fitzpatrick","uri":"https:\/\/data.oireachtas.ie\/ie\/oireachtas\/member\/id\/Mary-Fitzpatrick.S.2020-06-29"},"isPrimary":false}}],"stages":[{"event":{"chamber":{"chamberCode":"seanad","showAs":"Seanad \u00c9ireann","uri":"https:\/\/data.oireachtas.ie\/ie\/oireachtas\/def\/house\/seanad"},"dates":[{"date":"2022-09-02"},{"date":"2022-11-10"},{"date":"2022-11-10"}],"house":{"chamberCode":"seanad","chamberType":"house","houseCode":"seanad","houseNo":"26","showAs":"26th Seanad","uri":"https:\/\/data.oireachtas.ie\/ie\/oireachtas\/house\/seanad\/26"},"progressStage":1,"showAs":"First Stage","stageCompleted":true,"stageOutcome":null,"stageURI":"https:\/\/data.oireachtas.ie\/ie\/oireachtas\/def\/bill-stage\/1","uri":"https:\/\/data.oireachtas.ie\/ie\/oireachtas\/bill\/2022\/106\/stage\/seanad\/1"}},{"event":{"chamber":{"chamberCode":"seanad","showAs":"Seanad \u00c9ireann","uri":"https:\/\/data.oireachtas.ie\/ie\/oireachtas\/def\/house\/seanad"},"dates":[{"date":"2022-11-10"}],"house":{"chamberCode":"seanad","chamberType":"house","houseCode":"seanad","houseNo":"26","showAs":"26th Seanad","uri":"https:\/\/data.oireachtas.ie\/ie\/oireachtas\/house\/seanad\/26"},"progressStage":2,"showAs":"Second Stage","stageCompleted":true,"stageOutcome":null,"stageURI":"https:\/\/data.oireachtas.ie\/ie\/oireachtas\/def\/bill-stage\/2","uri":"https:\/\/data.oireachtas.ie\/ie\/oireachtas\/bill\/2022\/106\/stage\/seanad\/2"}},{"event":{"chamber":{"chamberCode":"seanad","showAs":"Seanad \u00c9ireann","uri":"https:\/\/data.oireachtas.ie\/ie\/oireachtas\/def\/house\/seanad"},"dates":[{"date":"2025-01-29"},{"date":"2025-03-27"}],"house":{"chamberCode":"seanad","chamberType":"house","houseCode":"seanad","houseNo":"27","showAs":"27th Seanad","uri":"https:\/\/data.oireachtas.ie\/ie\/oireachtas\/house\/seanad\/27"},"progressStage":3,"showAs":"Committee Stage","stageCompleted":false,"stageOutcome":"Current","stageURI":"https:\/\/data.oireachtas.ie\/ie\/oireachtas\/def\/bill-stage\/3","uri":"https:\/\/data.oireachtas.ie\/ie\/oireachtas\/bill\/2022\/106\/stage\/seanad\/3"}}],"status":"Current","statusURI":"https:\/\/data.oireachtas.ie\/ie\/oireachtas\/def\/bill-status\/published","uri":"https:\/\/data.oireachtas.ie\/ie\/oireachtas\/bill\/2022\/106","versions":[{"version":{"date":"2022-11-10","docType":"bill","formats":{"pdf":{"uri":"https:\/\/data.oireachtas.ie\/ie\/oireachtas\/bill\/2022\/106\/eng\/initiated\/b10622s.pdf"},"xml":null},"lang":"eng","showAs":"As Initiated","uri":"https:\/\/data.oireachtas.ie\/ie\/oireachtas\/bill\/2022\/106\/eng\/initiated"}}]},"billSort":{"actNoSort":null,"actShortTitleEnSort":null,"actShortTitleGaSort":null,"actYearSort":null,"billNoSort":106,"billShortTitleEnSort":"curragh-of-kildare-amendment-bill-2022","billShortTitleGaSort":"bille-churrach-chill-dara-leasu-2022","billYearSort":2022},"contextDate":"2025-03-27"},{"bill":{"act":null,"amendmentLists":[],"billNo":"104","billType":"Public","billTypeURI":"https:\/\/data.oireachtas.ie\/ie\/oireachtas\/def\/bill-type\/public","billYear":"2022","debates":[{"chamber":{"showAs":"Seanad \u00c9ireann","uri":"https:\/\/data.oireachtas.ie\/ie\/oireachtas\/def\/house\/seanad"},"date":"2023-11-08","debateSectionId":"dbsect_28","showAs":"Ban on Dumping New Products Bill 2022: Committee Stage","uri":"https:\/\/data.oireachtas.ie\/akn\/ie\/debateRecord\/seanad\/2023-11-08\/debate\/main"},{"chamber":{"showAs":"Seanad \u00c9ireann","uri":"https:\/\/data.oireachtas.ie\/ie\/oireachtas\/def\/house\/seanad"},"date":"2023-07-05","debateSectionId":"dbsect_11","showAs":"Ban on Dumping New Products Bill 2022: Second Stage","uri":"https:\/\/data.oireachtas.ie\/akn\/ie\/debateRecord\/seanad\/2023-07-05\/debate\/main"},{"chamber":{"showAs":"Seanad \u00c9ireann","uri":"https:\/\/data.oireachtas.ie\/ie\/oireachtas\/def\/house\/seanad"},"date":"2022-10-26","debateSectionId":"dbsect_15","showAs":"Ban on Dumping New Products Bill 2022: First Stage","uri":"https:\/\/data.oireachtas.ie\/akn\/ie\/debateRecord\/seanad\/2022-10-26\/debate\/main"}],"events":[{"event":{"chamber":{"chamberCode":"seanad","showAs":"Seanad \u00c9ireann","uri":"https:\/\/data.oireachtas.ie\/ie\/oireachtas\/def\/house\/seanad"},"dates":[{"date":"2022-10-20"},{"date":"2022-10-26"},{"date":"2025-03-20"}],"eventURI":"https:\/\/data.oireachtas.ie\/ie\/oireachtas\/def\/bill-event\/admissibility-for-introduction","showAs":"Admissibility for Introduction","uri":"https:\/\/data.oireachtas.ie\/ie\/oireachtas\/bill\/2022\/104\/admissibility-for-introduction"}},{"event":{"chamber":{"chamberCode":"seanad","showAs":"Seanad \u00c9ireann","uri":"https:\/\/data.oireachtas.ie\/ie\/oireachtas\/def\/house\/seanad"},"dates":[{"date":"2025-01-29"}],"eventURI":"https:\/\/data.oireachtas.ie\/ie\/oireachtas\/def\/bill-event\/bill-lapsed","showAs":"Bill Lapsed","uri":"https:\/\/data.oireachtas.ie\/ie\/oireachtas\/bill\/2022\/104\/bill-lapsed"}}],"lastUpdated":"2025-03-21T14:48:23.410000+00:00","longTitleEn":"<p style=\"text-align:justify\">Bill entitled an Act to facilitate the prohibition of dumping new non-food related products, to empower the Minister to prescribe for such products in regulation, to create an offence for failing to comply with the provisions of the Act, and to provide for related matters<strong>.<\/strong><\/p>\n","longTitleGa":"<p>Bille d\u00e1 ngairtear Acht d\u2019\u00e9asc\u00fa toirmeasc a chur ar dhump\u00e1il t\u00e1irg\u00ed nua nach mbaineann le bia, do chumhacht\u00fa don Aire forord\u00fa a dh\u00e9anamh le rialach\u00e1n maidir le t\u00e1irg\u00ed den s\u00f3rt sin, do chruth\u00fa cion arb \u00e9ard \u00e9 mainneachtain for\u00e1lacha an Achta a chomhl\u00edonadh, agus do dh\u00e9anamh socr\u00fa i dtaobh nithe gaolmhara.<\/p>\n","method":"Introduced","methodURI":"https:\/\/data.oireachtas.ie\/ie\/oireachtas\/def\/bill-method\/introduced","mostRecentStage":{"event":{"chamber":{"chamberCode":"seanad","showAs":"Seanad \u00c9ireann","uri":"https:\/\/data.oireachtas.ie\/ie\/oireachtas\/def\/house\/seanad"},"dates":[{"date":"2023-11-08"},{"date":"2025-01-29"},{"date":"2025-03-20"}],"house":{"chamberCode":"seanad","chamberType":"house","houseCode":"seanad","houseNo":"26","showAs":"26th Seanad","uri":"https:\/\/data.oireachtas.ie\/ie\/oireachtas\/house\/seanad\/26"},"progressStage":4,"showAs":"Report Stage","stageCompleted":false,"stageOutcome":"Current","stageURI":"https:\/\/data.oireachtas.ie\/ie\/oireachtas\/def\/bill-stage\/4","uri":"https:\/\/data.oireachtas.ie\/ie\/oireachtas\/bill\/2022\/104\/stage\/seanad\/4"}},"originHouse":{"showAs":"Seanad \u00c9ireann","uri":"https:\/\/data.oireachtas.ie\/ie\/oireachtas\/def\/house\/seanad"},"originHouseURI":"https:\/\/data.oireachtas.ie\/ie\/oireachtas\/def\/house\/seanad","relatedDocs":[{"relatedDoc":{"date":"2022-10-26","docType":"memo","formats":{"pdf":{"uri":"https:\/\/data.oireachtas.ie\/ie\/oireachtas\/bill\/2022\/104\/eng\/memo\/b10422s-memo.pdf"},"xml":null},"lang":"eng","showAs":"Explanatory Memorandum","uri":"https:\/\/data.oireachtas.ie\/ie\/oireachtas\/bill\/2022\/104\/eng\/memo"}}],"shortTitleEn":"Ban on Dumping New Products Bill 2022","shortTitleGa":"An Bille um Chosc ar Th\u00e1irg\u00ed Nua a Dhump\u00e1il, 2022","source":"Private Member","sourceURI":"https:\/\/data.oireachtas.ie\/ie\/oireachtas\/def\/bill-source\/private-member","sponsors":[{"sponsor":{"as":{"showAs":null,"uri":null},"by":{"showAs":"Lynn Boylan","uri":"https:\/\/data.oireachtas.ie\/ie\/oireachtas\/member\/id\/Lynn-Boylan.S.2020-03-30"},"isPrimary":true}},{"sponsor":{"as":{"showAs":null,"uri":null},"by":{"showAs":"Niall \u00d3 Donnghaile","uri":"https:\/\/data.oireachtas.ie\/ie\/oireachtas\/member\/id\/Niall-\u00d3-Donnghaile.S.2016-04-25"},"isPrimary":false}},{"sponsor":{"as":{"showAs":null,"uri":null},"by":{"showAs":"Paul Gavan","uri":"https:\/\/data.oireachtas.ie\/ie\/oireachtas\/member\/id\/Paul-Gavan.S.2016-04-25"},"isPrimary":false}},{"sponsor":{"as":{"showAs":null,"uri":null},"by":{"showAs":"Fintan Warfield","uri":"https:\/\/data.oireachtas.ie\/ie\/oireachtas\/member\/id\/Fintan-Warfield.S.2016-04-25"},"isPrimary":false}}],"stages":[{"event":{"chamber":{"chamberCode":"seanad","showAs":"Seanad \u00c9ireann","uri":"https:\/\/data.oireachtas.ie\/ie\/oireachtas\/def\/house\/seanad"},"dates":[{"date":"2022-10-20"},{"date":"2022-10-26"},{"date":"2022-10-26"}],"house":{"chamberCode":"seanad","chamberType":"house","houseCode":"seanad","houseNo":"26","showAs":"26th Seanad","uri":"https:\/\/data.oireachtas.ie\/ie\/oireachtas\/house\/seanad\/26"},"progressStage":1,"showAs":"First Stage","stageCompleted":true,"stageOutcome":null,"stageURI":"https:\/\/data.oireachtas.ie\/ie\/oireachtas\/def\/bill-stage\/1","uri":"https:\/\/data.oireachtas.ie\/ie\/oireachtas\/bill\/2022\/104\/stage\/seanad\/1"}},{"event":{"chamber":{"chamberCode":"seanad","showAs":"Seanad \u00c9ireann","uri":"https:\/\/data.oireachtas.ie\/ie\/oireachtas\/def\/house\/seanad"},"dates":[{"date":"2022-10-26"}],"house":{"chamberCode":"seanad","chamberType":"house","houseCode":"seanad","houseNo":"26","showAs":"26th Seanad","uri":"https:\/\/data.oireachtas.ie\/ie\/oireachtas\/house\/seanad\/26"},"progressStage":2,"showAs":"Second Stage","stageCompleted":true,"stageOutcome":null,"stageURI":"https:\/\/data.oireachtas.ie\/ie\/oireachtas\/def\/bill-stage\/2","uri":"https:\/\/data.oireachtas.ie\/ie\/oireachtas\/bill\/2022\/104\/stage\/seanad\/2"}},{"event":{"chamber":{"chamberCode":"seanad","showAs":"Seanad \u00c9ireann","uri":"https:\/\/data.oireachtas.ie\/ie\/oireachtas\/def\/house\/seanad"},"dates":[{"date":"2023-07-05"}],"house":{"chamberCode":"seanad","chamberType":"house","houseCode":"seanad","houseNo":"26","showAs":"26th Seanad","uri":"https:\/\/data.oireachtas.ie\/ie\/oireachtas\/house\/seanad\/26"},"progressStage":3,"showAs":"Committee Stage","stageCompleted":true,"stageOutcome":null,"stageURI":"https:\/\/data.oireachtas.ie\/ie\/oireachtas\/def\/bill-stage\/3","uri":"https:\/\/data.oireachtas.ie\/ie\/oireachtas\/bill\/2022\/104\/stage\/seanad\/3"}},{"event":{"chamber":{"chamberCode":"seanad","showAs":"Seanad \u00c9ireann","uri":"https:\/\/data.oireachtas.ie\/ie\/oireachtas\/def\/house\/seanad"},"dates":[{"date":"2023-11-08"},{"date":"2025-01-29"},{"date":"2025-03-20"}],"house":{"chamberCode":"seanad","chamberType":"house","houseCode":"seanad","houseNo":"26","showAs":"26th Seanad","uri":"https:\/\/data.oireachtas.ie\/ie\/oireachtas\/house\/seanad\/26"},"progressStage":4,"showAs":"Report Stage","stageCompleted":false,"stageOutcome":"Current","stageURI":"https:\/\/data.oireachtas.ie\/ie\/oireachtas\/def\/bill-stage\/4","uri":"https:\/\/data.oireachtas.ie\/ie\/oireachtas\/bill\/2022\/104\/stage\/seanad\/4"}}],"status":"Current","statusURI":"https:\/\/data.oireachtas.ie\/ie\/oireachtas\/def\/bill-status\/published","uri":"https:\/\/data.oireachtas.ie\/ie\/oireachtas\/bill\/2022\/104","versions":[{"version":{"date":"2022-10-26","docType":"bill","formats":{"pdf":{"uri":"https:\/\/data.oireachtas.ie\/ie\/oireachtas\/bill\/2022\/104\/eng\/initiated\/b10422s.pdf"},"xml":null},"lang":"eng","showAs":"As Initiated","uri":"https:\/\/data.oireachtas.ie\/ie\/oireachtas\/bill\/2022\/104\/eng\/initiated"}}]},"billSort":{"actNoSort":null,"actShortTitleEnSort":null,"actShortTitleGaSort":null,"actYearSort":null,"billNoSort":104,"billShortTitleEnSort":"ban-on-dumping-new-products-bill-2022","billShortTitleGaSort":"an-bille-um-chosc-ar-thairgi-nua-a-dhumpail-2022","billYearSort":2022},"contextDate":"2025-03-20"},{"bill":{"act":null,"amendmentLists":[],"billNo":"98","billType":"Public","billTypeURI":"https:\/\/data.oireachtas.ie\/ie\/oireachtas\/def\/bill-type\/public","billYear":"2022","debates":[{"chamber":{"showAs":"Seanad \u00c9ireann","uri":"https:\/\/data.oireachtas.ie\/ie\/oireachtas\/def\/house\/seanad"},"date":"2022-11-17","debateSectionId":"dbsect_14","showAs":"Central Bank (Amendment) Bill 2022: Second Stage","uri":"https:\/\/data.oireachtas.ie\/akn\/ie\/debateRecord\/seanad\/2022-11-17\/debate\/main"},{"chamber":{"showAs":"Seanad \u00c9ireann","uri":"https:\/\/data.oireachtas.ie\/ie\/oireachtas\/def\/house\/seanad"},"date":"2022-10-18","debateSectionId":"dbsect_9","showAs":"Central Bank (Amendment) Bill 2022: First Stage","uri":"https:\/\/data.oireachtas.ie\/akn\/ie\/debateRecord\/seanad\/2022-10-18\/debate\/main"}],"events":[{"event":{"chamber":{"chamberCode":"seanad","showAs":"Seanad \u00c9ireann","uri":"https:\/\/data.oireachtas.ie\/ie\/oireachtas\/def\/house\/seanad"},"dates":[{"date":"2022-06-28"},{"date":"2022-10-18"}],"eventURI":"https:\/\/data.oireachtas.ie\/ie\/oireachtas\/def\/bill-event\/admissibility-for-introduction","showAs":"Admissibility for Introduction","uri":"https:\/\/data.oireachtas.ie\/ie\/oireachtas\/bill\/2022\/98\/admissibility-for-introduction"}},{"event":{"chamber":{"chamberCode":"seanad","showAs":"Seanad \u00c9ireann","uri":"https:\/\/data.oireachtas.ie\/ie\/oireachtas\/def\/house\/seanad"},"dates":[{"date":"2025-01-29"}],"eventURI":"https:\/\/data.oireachtas.ie\/ie\/oireachtas\/def\/bill-event\/bill-lapsed","showAs":"Bill Lapsed","uri":"https:\/\/data.oireachtas.ie\/ie\/oireachtas\/bill\/2022\/98\/bill-lapsed"}}],"lastUpdated":"2025-01-30T11:17:37.160000+00:00","longTitleEn":"Bill entitled an Act to amend the Central Bank Act 1942 and prohibit financial service providers from discriminating against survivors of cancer from accessing financial services and to provide for related matters.","longTitleGa":"Bille d\u00e1 ngairtear Acht do leas\u00fa Acht an Bhainc Cheannais, 1942 agus do thoirmeasc ar shol\u00e1thraithe seirbh\u00edse airgeadais idirdheal\u00fa a dh\u00e9anamh i gcoinne daoine a bheidh tagtha sl\u00e1n \u00f3n ailse maidir le rochtain a fh\u00e1il ar sheirbh\u00eds\u00ed airgeadais agus do dh\u00e9anamh socr\u00fa i dtaobh nithe gaolmhara.","method":"Introduced","methodURI":"https:\/\/data.oireachtas.ie\/ie\/oireachtas\/def\/bill-method\/introduced","mostRecentStage":{"event":{"chamber":{"chamberCode":"seanad","showAs":"Seanad \u00c9ireann","uri":"https:\/\/data.oireachtas.ie\/ie\/oireachtas\/def\/house\/seanad"},"dates":[{"date":"2022-06-28"},{"date":"2022-10-18"},{"date":"2022-10-18"}],"house":{"chamberCode":"seanad","chamberType":"house","houseCode":"seanad","houseNo":"26","showAs":"26th Seanad","uri":"https:\/\/data.oireachtas.ie\/ie\/oireachtas\/house\/seanad\/26"},"progressStage":1,"showAs":"First Stage","stageCompleted":true,"stageOutcome":null,"stageURI":"https:\/\/data.oireachtas.ie\/ie\/oireachtas\/def\/bill-stage\/1","uri":"https:\/\/data.oireachtas.ie\/ie\/oireachtas\/bill\/2022\/98\/stage\/seanad\/1"}},"originHouse":{"showAs":"Seanad \u00c9ireann","uri":"https:\/\/data.oireachtas.ie\/ie\/oireachtas\/def\/house\/seanad"},"originHouseURI":"https:\/\/data.oireachtas.ie\/ie\/oireachtas\/def\/house\/seanad","relatedDocs":[],"shortTitleEn":"Central Bank (Amendment) Bill 2022","shortTitleGa":"Bille an Bhainc Ceannais (Leas\u00fa), 2022","source":"Private Member","sourceURI":"https:\/\/data.oireachtas.ie\/ie\/oireachtas\/def\/bill-source\/private-member","sponsors":[{"sponsor":{"as":{"showAs":null,"uri":null},"by":{"showAs":"Catherine Ardagh","uri":"https:\/\/data.oireachtas.ie\/ie\/oireachtas\/member\/id\/Catherine-Ardagh.S.2016-04-25"},"isPrimary":true}},{"sponsor":{"as":{"showAs":null,"uri":null},"by":{"showAs":"Jerry Buttimer","uri":"https:\/\/data.oireachtas.ie\/ie\/oireachtas\/member\/id\/Jerry-Buttimer.S.2007-07-23"},"isPrimary":false}}],"stages":[{"event":{"chamber":{"chamberCode":"seanad","showAs":"Seanad \u00c9ireann","uri":"https:\/\/data.oireachtas.ie\/ie\/oireachtas\/def\/house\/seanad"},"dates":[{"date":"2022-06-28"},{"date":"2022-10-18"},{"date":"2022-10-18"}],"house":{"chamberCode":"seanad","chamberType":"house","houseCode":"seanad","houseNo":"26","showAs":"26th Seanad","uri":"https:\/\/data.oireachtas.ie\/ie\/oireachtas\/house\/seanad\/26"},"progressStage":1,"showAs":"First Stage","stageCompleted":true,"stageOutcome":null,"stageURI":"https:\/\/data.oireachtas.ie\/ie\/oireachtas\/def\/bill-stage\/1","uri":"https:\/\/data.oireachtas.ie\/ie\/oireachtas\/bill\/2022\/98\/stage\/seanad\/1"}}],"status":"Lapsed","statusURI":"https:\/\/data.oireachtas.ie\/ie\/oireachtas\/def\/bill-status\/lapsed","uri":"https:\/\/data.oireachtas.ie\/ie\/oireachtas\/bill\/2022\/98","versions":[{"version":{"date":"2022-10-18","docType":"bill","formats":{"pdf":{"uri":"https:\/\/data.oireachtas.ie\/ie\/oireachtas\/bill\/2022\/98\/eng\/initiated\/b9822s.pdf"},"xml":null},"lang":"eng","showAs":"As Initiated","uri":"https:\/\/data.oireachtas.ie\/ie\/oireachtas\/bill\/2022\/98\/eng\/initiated"}}]},"billSort":{"actNoSort":null,"actShortTitleEnSort":null,"actShortTitleGaSort":null,"actYearSort":null,"billNoSort":98,"billShortTitleEnSort":"central-bank-amendment-bill-2022","billShortTitleGaSort":"bille-an-bhainc-ceannais-leasu-2022","billYearSort":2022},"contextDate":"2022-10-18"},{"bill":{"act":null,"amendmentLists":[],"billNo":"96","billType":"Public","billTypeURI":"https:\/\/data.oireachtas.ie\/ie\/oireachtas\/def\/bill-type\/public","billYear":"2022","debates":[{"chamber":{"showAs":"Seanad \u00c9ireann","uri":"https:\/\/data.oireachtas.ie\/ie\/oireachtas\/def\/house\/seanad"},"date":"2022-10-20","debateSectionId":"dbsect_11","showAs":"Civil Registration (Amendment) (Certificate of Life) Bill 2022: Second Stage","uri":"https:\/\/data.oireachtas.ie\/akn\/ie\/debateRecord\/seanad\/2022-10-20\/debate\/main"},{"chamber":{"showAs":"Seanad \u00c9ireann","uri":"https:\/\/data.oireachtas.ie\/ie\/oireachtas\/def\/house\/seanad"},"date":"2022-10-13","debateSectionId":"dbsect_10","showAs":"Civil Registration (Amendment) (Certificate of Life) Bill 2022: First Stage","uri":"https:\/\/data.oireachtas.ie\/akn\/ie\/debateRecord\/seanad\/2022-10-13\/debate\/main"}],"events":[{"event":{"chamber":{"chamberCode":"seanad","showAs":"Seanad \u00c9ireann","uri":"https:\/\/data.oireachtas.ie\/ie\/oireachtas\/def\/house\/seanad"},"dates":[{"date":"2022-10-07"},{"date":"2022-10-13"}],"eventURI":"https:\/\/data.oireachtas.ie\/ie\/oireachtas\/def\/bill-event\/admissibility-for-introduction","showAs":"Admissibility for Introduction","uri":"https:\/\/data.oireachtas.ie\/ie\/oireachtas\/bill\/2022\/96\/admissibility-for-introduction"}},{"event":{"chamber":{"chamberCode":"seanad","showAs":"Seanad \u00c9ireann","uri":"https:\/\/data.oireachtas.ie\/ie\/oireachtas\/def\/house\/seanad"},"dates":[{"date":"2025-01-29"}],"eventURI":"https:\/\/data.oireachtas.ie\/ie\/oireachtas\/def\/bill-event\/bill-lapsed","showAs":"Bill Lapsed","uri":"https:\/\/data.oireachtas.ie\/ie\/oireachtas\/bill\/2022\/96\/bill-lapsed"}}],"lastUpdated":"2025-01-30T11:17:37.160000+00:00","longTitleEn":"<p>Bill entitled an Act to amend the Civil Registration Act 2004 to establish a non-statutory register called the Certificate of Life to recognise a child that does not conform to World Health Organisation stillbirth standards of less than 500 grammes and a gestational age of less than 24 weeks.<\/p>\n","longTitleGa":"<p>Bille d\u00e1 ngairtear Acht do leas\u00fa an Achta um Chl\u00e1r\u00fa Sibhialta, 2004 chun cl\u00e1r neamhreacht\u00fail a bhun\u00fa ar a dtabharfar an Deimhni\u00fa Beatha chun aitheantas a thabhairt do leanbh nach bhfuil i gcomhr\u00e9ir le caighde\u00e1in na hEagra\u00edochta Domhanda Sl\u00e1inte i dtaobh marbh-bhreitheanna, is l\u00fa n\u00e1 500g agus at\u00e1 faoi bhun 24 seachtaine d\u2019aois sa tr\u00e9imhse iompair.<\/p>\n","method":"Introduced","methodURI":"https:\/\/data.oireachtas.ie\/ie\/oireachtas\/def\/bill-method\/introduced","mostRecentStage":{"event":{"chamber":{"chamberCode":"seanad","showAs":"Seanad \u00c9ireann","uri":"https:\/\/data.oireachtas.ie\/ie\/oireachtas\/def\/house\/seanad"},"dates":[{"date":"2022-10-13"}],"house":{"chamberCode":"seanad","chamberType":"house","houseCode":"seanad","houseNo":"26","showAs":"26th Seanad","uri":"https:\/\/data.oireachtas.ie\/ie\/oireachtas\/house\/seanad\/26"},"progressStage":2,"showAs":"Second Stage","stageCompleted":true,"stageOutcome":null,"stageURI":"https:\/\/data.oireachtas.ie\/ie\/oireachtas\/def\/bill-stage\/2","uri":"https:\/\/data.oireachtas.ie\/ie\/oireachtas\/bill\/2022\/96\/stage\/seanad\/2"}},"originHouse":{"showAs":"Seanad \u00c9ireann","uri":"https:\/\/data.oireachtas.ie\/ie\/oireachtas\/def\/house\/seanad"},"originHouseURI":"https:\/\/data.oireachtas.ie\/ie\/oireachtas\/def\/house\/seanad","relatedDocs":[{"relatedDoc":{"date":"2022-10-13","docType":"memo","formats":{"pdf":{"uri":"https:\/\/data.oireachtas.ie\/ie\/oireachtas\/bill\/2022\/96\/eng\/memo\/b9622s-memo.pdf"},"xml":null},"lang":"eng","showAs":"Explanatory Memorandum","uri":"https:\/\/data.oireachtas.ie\/ie\/oireachtas\/bill\/2022\/96\/eng\/memo"}}],"shortTitleEn":"Civil Registration (Amendment) (Certificate of Life) Bill 2022","shortTitleGa":"An Bille um Chl\u00e1r\u00fa Sibhialta (Leas\u00fa) (Deimhni\u00fa Beatha), 2022","source":"Private Member","sourceURI":"https:\/\/data.oireachtas.ie\/ie\/oireachtas\/def\/bill-source\/private-member","sponsors":[{"sponsor":{"as":{"showAs":null,"uri":null},"by":{"showAs":"Regina Doherty","uri":"https:\/\/data.oireachtas.ie\/ie\/oireachtas\/member\/id\/Regina-Doherty.D.2011-03-09"},"isPrimary":true}},{"sponsor":{"as":{"showAs":null,"uri":null},"by":{"showAs":"Mary Seery Kearney","uri":"https:\/\/data.oireachtas.ie\/ie\/oireachtas\/member\/id\/Mary-Seery-Kearney.S.2020-06-29"},"isPrimary":false}}],"stages":[{"event":{"chamber":{"chamberCode":"seanad","showAs":"Seanad \u00c9ireann","uri":"https:\/\/data.oireachtas.ie\/ie\/oireachtas\/def\/house\/seanad"},"dates":[{"date":"2022-10-07"},{"date":"2022-10-13"},{"date":"2022-10-13"}],"house":{"chamberCode":"seanad","chamberType":"house","houseCode":"seanad","houseNo":"26","showAs":"26th Seanad","uri":"https:\/\/data.oireachtas.ie\/ie\/oireachtas\/house\/seanad\/26"},"progressStage":1,"showAs":"First Stage","stageCompleted":true,"stageOutcome":null,"stageURI":"https:\/\/data.oireachtas.ie\/ie\/oireachtas\/def\/bill-stage\/1","uri":"https:\/\/data.oireachtas.ie\/ie\/oireachtas\/bill\/2022\/96\/stage\/seanad\/1"}},{"event":{"chamber":{"chamberCode":"seanad","showAs":"Seanad \u00c9ireann","uri":"https:\/\/data.oireachtas.ie\/ie\/oireachtas\/def\/house\/seanad"},"dates":[{"date":"2022-10-13"}],"house":{"chamberCode":"seanad","chamberType":"house","houseCode":"seanad","houseNo":"26","showAs":"26th Seanad","uri":"https:\/\/data.oireachtas.ie\/ie\/oireachtas\/house\/seanad\/26"},"progressStage":2,"showAs":"Second Stage","stageCompleted":true,"stageOutcome":null,"stageURI":"https:\/\/data.oireachtas.ie\/ie\/oireachtas\/def\/bill-stage\/2","uri":"https:\/\/data.oireachtas.ie\/ie\/oireachtas\/bill\/2022\/96\/stage\/seanad\/2"}}],"status":"Lapsed","statusURI":"https:\/\/data.oireachtas.ie\/ie\/oireachtas\/def\/bill-status\/lapsed","uri":"https:\/\/data.oireachtas.ie\/ie\/oireachtas\/bill\/2022\/96","versions":[{"version":{"date":"2022-10-13","docType":"bill","formats":{"pdf":{"uri":"https:\/\/data.oireachtas.ie\/ie\/oireachtas\/bill\/2022\/96\/eng\/initiated\/b9622s.pdf"},"xml":null},"lang":"eng","showAs":"As Initiated","uri":"https:\/\/data.oireachtas.ie\/ie\/oireachtas\/bill\/2022\/96\/eng\/initiated"}}]},"billSort":{"actNoSort":null,"actShortTitleEnSort":null,"actShortTitleGaSort":null,"actYearSort":null,"billNoSort":96,"billShortTitleEnSort":"civil-registration-amendment-certificate-of-life-bill-2022","billShortTitleGaSort":"an-bille-um-chlaru-sibhialta-leasu-deimhniu-beatha-2022","billYearSort":2022},"contextDate":"2022-10-13"},{"bill":{"act":null,"amendmentLists":[],"billNo":"95","billType":"Public","billTypeURI":"https:\/\/data.oireachtas.ie\/ie\/oireachtas\/def\/bill-type\/public","billYear":"2022","debates":[{"chamber":{"showAs":"D\u00e1il \u00c9ireann","uri":"https:\/\/data.oireachtas.ie\/ie\/oireachtas\/def\/house\/dail"},"date":"2024-07-11","debateSectionId":"dbsect_49","showAs":"National Vetting Bureau (Children and Vulnerable Persons) (Amendment) Bill 2022: Second Stage [Private Members]","uri":"https:\/\/data.oireachtas.ie\/akn\/ie\/debateRecord\/dail\/2024-07-11\/debate\/main"},{"chamber":{"showAs":"D\u00e1il \u00c9ireann","uri":"https:\/\/data.oireachtas.ie\/ie\/oireachtas\/def\/house\/dail"},"date":"2022-10-12","debateSectionId":"dbsect_12","showAs":"National Vetting Bureau (Children and Vulnerable Persons) (Amendment) Bill 2022: First Stage","uri":"https:\/\/data.oireachtas.ie\/akn\/ie\/debateRecord\/dail\/2022-10-12\/debate\/main"}],"events":[{"event":{"chamber":{"chamberCode":"dail","showAs":"D\u00e1il \u00c9ireann","uri":"https:\/\/data.oireachtas.ie\/ie\/oireachtas\/def\/house\/dail"},"dates":[{"date":"2022-09-27"},{"date":"2022-09-27"},{"date":"2022-10-12"},{"date":"2025-05-01"}],"eventURI":"https:\/\/data.oireachtas.ie\/ie\/oireachtas\/def\/bill-event\/approved-for-initiation","showAs":"Approved for Initiation","uri":"https:\/\/data.oireachtas.ie\/ie\/oireachtas\/bill\/2022\/95\/approved-for-initiation"}},{"event":{"chamber":{"chamberCode":"dail","showAs":"D\u00e1il \u00c9ireann","uri":"https:\/\/data.oireachtas.ie\/ie\/oireachtas\/def\/house\/dail"},"dates":[{"date":"2024-11-08"}],"eventURI":"https:\/\/data.oireachtas.ie\/ie\/oireachtas\/def\/bill-event\/bill-lapsed","showAs":"Bill Lapsed","uri":"https:\/\/data.oireachtas.ie\/ie\/oireachtas\/bill\/2022\/95\/bill-lapsed"}}],"lastUpdated":"2025-05-02T12:07:56.960000+00:00","longTitleEn":"<p>Bill entitled an Act to amend the National Vetting Bureau (Children and Vulnerable Persons) Act 2012 and to provide for related matters.<\/p>\n","longTitleGa":"<p>Bille d\u00e1 ngairtear Acht do leas\u00fa an Achta um an mBi\u00far\u00f3 N\u00e1isi\u00fanta Grinnfhiosr\u00fach\u00e1in (Leana\u00ed agus Daoine Soghonta), 2012 agus do dh\u00e9anamh socr\u00fa i dtaobh nithe gaolmhara.<\/p>\n","method":"Introduced","methodURI":"https:\/\/data.oireachtas.ie\/ie\/oireachtas\/def\/bill-method\/introduced","mostRecentStage":{"event":{"chamber":{"chamberCode":"dail","showAs":"D\u00e1il \u00c9ireann","uri":"https:\/\/data.oireachtas.ie\/ie\/oireachtas\/def\/house\/dail"},"dates":[{"date":"2025-05-01"}],"house":{"chamberCode":"dail","chamberType":"house","houseCode":"dail","houseNo":"34","showAs":"34th D\u00e1il","uri":"https:\/\/data.oireachtas.ie\/ie\/oireachtas\/house\/dail\/34"},"progressStage":3,"showAs":"Committee Stage","stageCompleted":false,"stageOutcome":"Current","stageURI":"https:\/\/data.oireachtas.ie\/ie\/oireachtas\/def\/bill-stage\/3","uri":"https:\/\/data.oireachtas.ie\/ie\/oireachtas\/bill\/2022\/95\/stage\/dail\/3"}},"originHouse":{"showAs":"D\u00e1il \u00c9ireann","uri":"https:\/\/data.oireachtas.ie\/ie\/oireachtas\/def\/house\/dail"},"originHouseURI":"https:\/\/data.oireachtas.ie\/ie\/oireachtas\/def\/house\/dail","relatedDocs":[{"relatedDoc":{"date":"2022-10-12","docType":"memo","formats":{"pdf":{"uri":"https:\/\/data.oireachtas.ie\/ie\/oireachtas\/bill\/2022\/95\/eng\/memo\/b9522d-memo.pdf"},"xml":null},"lang":"eng","showAs":"Explanatory Memorandum","uri":"https:\/\/data.oireachtas.ie\/ie\/oireachtas\/bill\/2022\/95\/eng\/memo"}}],"shortTitleEn":"National Vetting Bureau (Children and Vulnerable Persons) (Amendment) Bill 2022","shortTitleGa":"An Bille um an mBi\u00far\u00f3 N\u00e1isi\u00fanta Grinnfhiosr\u00fach\u00e1in (Leana\u00ed agus Daoine Soghonta) (Leas\u00fa), 2022","source":"Private Member","sourceURI":"https:\/\/data.oireachtas.ie\/ie\/oireachtas\/def\/bill-source\/private-member","sponsors":[{"sponsor":{"as":{"showAs":null,"uri":null},"by":{"showAs":"R\u00e9ada Cronin","uri":"https:\/\/data.oireachtas.ie\/ie\/oireachtas\/member\/id\/R\u00e9ada-Cronin.D.2020-02-08"},"isPrimary":false}},{"sponsor":{"as":{"showAs":null,"uri":null},"by":{"showAs":"Paul Donnelly","uri":"https:\/\/data.oireachtas.ie\/ie\/oireachtas\/member\/id\/Paul-Donnelly.D.2020-02-08"},"isPrimary":false}},{"sponsor":{"as":{"showAs":null,"uri":null},"by":{"showAs":"Pa Daly","uri":"https:\/\/data.oireachtas.ie\/ie\/oireachtas\/member\/id\/Pa-Daly.D.2020-02-08"},"isPrimary":true}}],"stages":[{"event":{"chamber":{"chamberCode":"dail","showAs":"D\u00e1il \u00c9ireann","uri":"https:\/\/data.oireachtas.ie\/ie\/oireachtas\/def\/house\/dail"},"dates":[{"date":"2022-09-27"},{"date":"2022-09-27"},{"date":"2022-10-12"},{"date":"2022-10-12"}],"house":{"chamberCode":"dail","chamberType":"house","houseCode":"dail","houseNo":"33","showAs":"33rd D\u00e1il","uri":"https:\/\/data.oireachtas.ie\/ie\/oireachtas\/house\/dail\/33"},"progressStage":1,"showAs":"First Stage","stageCompleted":true,"stageOutcome":null,"stageURI":"https:\/\/data.oireachtas.ie\/ie\/oireachtas\/def\/bill-stage\/1","uri":"https:\/\/data.oireachtas.ie\/ie\/oireachtas\/bill\/2022\/95\/stage\/dail\/1"}},{"event":{"chamber":{"chamberCode":"dail","showAs":"D\u00e1il \u00c9ireann","uri":"https:\/\/data.oireachtas.ie\/ie\/oireachtas\/def\/house\/dail"},"dates":[{"date":"2022-10-12"},{"date":"2022-10-12"},{"date":"2022-10-12"}],"house":{"chamberCode":"dail","chamberType":"house","houseCode":"dail","houseNo":"33","showAs":"33rd D\u00e1il","uri":"https:\/\/data.oireachtas.ie\/ie\/oireachtas\/house\/dail\/33"},"progressStage":2,"showAs":"Second Stage","stageCompleted":true,"stageOutcome":null,"stageURI":"https:\/\/data.oireachtas.ie\/ie\/oireachtas\/def\/bill-stage\/2","uri":"https:\/\/data.oireachtas.ie\/ie\/oireachtas\/bill\/2022\/95\/stage\/dail\/2"}},{"event":{"chamber":{"chamberCode":"dail","showAs":"D\u00e1il \u00c9ireann","uri":"https:\/\/data.oireachtas.ie\/ie\/oireachtas\/def\/house\/dail"},"dates":[{"date":"2025-05-01"}],"house":{"chamberCode":"dail","chamberType":"house","houseCode":"dail","houseNo":"34","showAs":"34th D\u00e1il","uri":"https:\/\/data.oireachtas.ie\/ie\/oireachtas\/house\/dail\/34"},"progressStage":3,"showAs":"Committee Stage","stageCompleted":false,"stageOutcome":"Current","stageURI":"https:\/\/data.oireachtas.ie\/ie\/oireachtas\/def\/bill-stage\/3","uri":"https:\/\/data.oireachtas.ie\/ie\/oireachtas\/bill\/2022\/95\/stage\/dail\/3"}}],"status":"Current","statusURI":"https:\/\/data.oireachtas.ie\/ie\/oireachtas\/def\/bill-status\/published","uri":"https:\/\/data.oireachtas.ie\/ie\/oireachtas\/bill\/2022\/95","versions":[{"version":{"date":"2022-10-12","docType":"bill","formats":{"pdf":{"uri":"https:\/\/data.oireachtas.ie\/ie\/oireachtas\/bill\/2022\/95\/eng\/initiated\/b9522d.pdf"},"xml":null},"lang":"eng","showAs":"As Initiated","uri":"https:\/\/data.oireachtas.ie\/ie\/oireachtas\/bill\/2022\/95\/eng\/initiated"}}]},"billSort":{"actNoSort":null,"actShortTitleEnSort":null,"actShortTitleGaSort":null,"actYearSort":null,"billNoSort":95,"billShortTitleEnSort":"national-vetting-bureau-children-and-vulnerable-persons-amendment-bill-2022","billShortTitleGaSort":"an-bille-um-an-mbiuro-naisiunta-grinnfhiosruchain-leanai-agus-daoine-soghonta-leasu-2022","billYearSort":2022},"contextDate":"2025-05-01"},{"bill":{"act":null,"amendmentLists":[],"billNo":"94","billType":"Public","billTypeURI":"https:\/\/data.oireachtas.ie\/ie\/oireachtas\/def\/bill-type\/public","billYear":"2022","debates":[{"chamber":{"showAs":"D\u00e1il \u00c9ireann","uri":"https:\/\/data.oireachtas.ie\/ie\/oireachtas\/def\/house\/dail"},"date":"2026-01-21","debateSectionId":"dbsect_16","showAs":"Derelict Sites (Amendment) Bill 2022: Second Stage (Resumed) [Private Members]","uri":"https:\/\/data.oireachtas.ie\/akn\/ie\/debateRecord\/dail\/2026-01-21\/debate\/main"},{"chamber":{"showAs":"D\u00e1il \u00c9ireann","uri":"https:\/\/data.oireachtas.ie\/ie\/oireachtas\/def\/house\/dail"},"date":"2026-01-15","debateSectionId":"dbsect_43","showAs":"Derelict Sites (Amendment) Bill 2022: Second Stage [Private Members]","uri":"https:\/\/data.oireachtas.ie\/akn\/ie\/debateRecord\/dail\/2026-01-15\/debate\/main"},{"chamber":{"showAs":"D\u00e1il \u00c9ireann","uri":"https:\/\/data.oireachtas.ie\/ie\/oireachtas\/def\/house\/dail"},"date":"2022-10-12","debateSectionId":"dbsect_11","showAs":"Derelict Sites (Amendment) Bill 2022: First Stage","uri":"https:\/\/data.oireachtas.ie\/akn\/ie\/debateRecord\/dail\/2022-10-12\/debate\/main"}],"events":[{"event":{"chamber":{"chamberCode":"dail","showAs":"D\u00e1il \u00c9ireann","uri":"https:\/\/data.oireachtas.ie\/ie\/oireachtas\/def\/house\/dail"},"dates":[{"date":"2022-08-18"},{"date":"2022-08-18"},{"date":"2022-10-12"},{"date":"2025-05-01"}],"eventURI":"https:\/\/data.oireachtas.ie\/ie\/oireachtas\/def\/bill-event\/approved-for-initiation","showAs":"Approved for Initiation","uri":"https:\/\/data.oireachtas.ie\/ie\/oireachtas\/bill\/2022\/94\/approved-for-initiation"}},{"event":{"chamber":{"chamberCode":"dail","showAs":"D\u00e1il \u00c9ireann","uri":"https:\/\/data.oireachtas.ie\/ie\/oireachtas\/def\/house\/dail"},"dates":[{"date":"2024-11-08"}],"eventURI":"https:\/\/data.oireachtas.ie\/ie\/oireachtas\/def\/bill-event\/bill-lapsed","showAs":"Bill Lapsed","uri":"https:\/\/data.oireachtas.ie\/ie\/oireachtas\/bill\/2022\/94\/bill-lapsed"}}],"lastUpdated":"2026-01-16T16:24:07.850000+00:00","longTitleEn":"<p>Bill entitled an Act to amend and extend the Derelict Sites Act 1990 and to provide for related matters.<\/p>\n","longTitleGa":"<p>Bille d\u00e1 ngairtear Acht do leas\u00fa agus do leathn\u00fa an Achta um L\u00e1ithre\u00e1in Thr\u00e9igthe, 1990 agus do dh\u00e9anamh socr\u00fa i dtaobh nithe gaolmhara.<\/p>\n","method":"Introduced","methodURI":"https:\/\/data.oireachtas.ie\/ie\/oireachtas\/def\/bill-method\/introduced","mostRecentStage":{"event":{"chamber":{"chamberCode":"dail","showAs":"D\u00e1il \u00c9ireann","uri":"https:\/\/data.oireachtas.ie\/ie\/oireachtas\/def\/house\/dail"},"dates":[{"date":"2022-10-12"},{"date":"2022-10-12"},{"date":"2022-10-12"},{"date":"2022-10-12"}],"house":{"chamberCode":"dail","chamberType":"house","houseCode":"dail","houseNo":"33","showAs":"33rd D\u00e1il","uri":"https:\/\/data.oireachtas.ie\/ie\/oireachtas\/house\/dail\/33"},"progressStage":2,"showAs":"Second Stage","stageCompleted":false,"stageOutcome":"Current","stageURI":"https:\/\/data.oireachtas.ie\/ie\/oireachtas\/def\/bill-stage\/2","uri":"https:\/\/data.oireachtas.ie\/ie\/oireachtas\/bill\/2022\/94\/stage\/dail\/2"}},"originHouse":{"showAs":"D\u00e1il \u00c9ireann","uri":"https:\/\/data.oireachtas.ie\/ie\/oireachtas\/def\/house\/dail"},"originHouseURI":"https:\/\/data.oireachtas.ie\/ie\/oireachtas\/def\/house\/dail","relatedDocs":[{"relatedDoc":{"date":"2022-10-12","docType":"memo","formats":{"pdf":{"uri":"https:\/\/data.oireachtas.ie\/ie\/oireachtas\/bill\/2022\/94\/eng\/memo\/b9422d-memo.pdf"},"xml":null},"lang":"eng","showAs":"Explanatory Memorandum","uri":"https:\/\/data.oireachtas.ie\/ie\/oireachtas\/bill\/2022\/94\/eng\/memo"}}],"shortTitleEn":"Derelict Sites (Amendment) Bill 2022","shortTitleGa":"An Bille um L\u00e1ithre\u00e1in Thr\u00e9igthe (Leas\u00fa), 2022","source":"Private Member","sourceURI":"https:\/\/data.oireachtas.ie\/ie\/oireachtas\/def\/bill-source\/private-member","sponsors":[{"sponsor":{"isPrimary":true,"as":{"showAs":null,"uri":null},"by":{"showAs":"Thomas Gould","uri":"https:\/\/data.oireachtas.ie\/ie\/oireachtas\/member\/id\/Thomas-Gould.D.2020-02-08"}}}],"stages":[{"event":{"chamber":{"chamberCode":"dail","showAs":"D\u00e1il \u00c9ireann","uri":"https:\/\/data.oireachtas.ie\/ie\/oireachtas\/def\/house\/dail"},"dates":[{"date":"2022-08-18"},{"date":"2022-08-18"},{"date":"2022-10-12"},{"date":"2022-10-12"}],"house":{"chamberCode":"dail","chamberType":"house","houseCode":"dail","houseNo":"33","showAs":"33rd D\u00e1il","uri":"https:\/\/data.oireachtas.ie\/ie\/oireachtas\/house\/dail\/33"},"progressStage":1,"showAs":"First Stage","stageCompleted":true,"stageOutcome":null,"stageURI":"https:\/\/data.oireachtas.ie\/ie\/oireachtas\/def\/bill-stage\/1","uri":"https:\/\/data.oireachtas.ie\/ie\/oireachtas\/bill\/2022\/94\/stage\/dail\/1"}},{"event":{"chamber":{"chamberCode":"dail","showAs":"D\u00e1il \u00c9ireann","uri":"https:\/\/data.oireachtas.ie\/ie\/oireachtas\/def\/house\/dail"},"dates":[{"date":"2022-10-12"},{"date":"2022-10-12"},{"date":"2022-10-12"},{"date":"2022-10-12"}],"house":{"chamberCode":"dail","chamberType":"house","houseCode":"dail","houseNo":"33","showAs":"33rd D\u00e1il","uri":"https:\/\/data.oireachtas.ie\/ie\/oireachtas\/house\/dail\/33"},"progressStage":2,"showAs":"Second Stage","stageCompleted":false,"stageOutcome":"Current","stageURI":"https:\/\/data.oireachtas.ie\/ie\/oireachtas\/def\/bill-stage\/2","uri":"https:\/\/data.oireachtas.ie\/ie\/oireachtas\/bill\/2022\/94\/stage\/dail\/2"}}],"status":"Current","statusURI":"https:\/\/data.oireachtas.ie\/ie\/oireachtas\/def\/bill-status\/published","uri":"https:\/\/data.oireachtas.ie\/ie\/oireachtas\/bill\/2022\/94","versions":[{"version":{"lang":"eng","docType":"bill","showAs":"As Initiated","date":"2022-10-12","formats":{"pdf":{"uri":"https:\/\/data.oireachtas.ie\/ie\/oireachtas\/bill\/2022\/94\/eng\/initiated\/b9422d.pdf"},"xml":null},"uri":"https:\/\/data.oireachtas.ie\/ie\/oireachtas\/bill\/2022\/94\/eng\/initiated"}}]},"contextDate":"2022-10-12","billSort":{"actNoSort":null,"actShortTitleEnSort":null,"actShortTitleGaSort":null,"actYearSort":null,"billNoSort":94,"billShortTitleEnSort":"derelict-sites-amendment-bill-2022","billShortTitleGaSort":"an-bille-um-laithreain-threigthe-leasu-2022","billYearSort":2022}},{"bill":{"act":null,"amendmentLists":[],"billNo":"90","billType":"Public","billTypeURI":"https:\/\/data.oireachtas.ie\/ie\/oireachtas\/def\/bill-type\/public","billYear":"2022","debates":[{"chamber":{"showAs":"Seanad \u00c9ireann","uri":"https:\/\/data.oireachtas.ie\/ie\/oireachtas\/def\/house\/seanad"},"date":"2022-07-07","debateSectionId":"dbsect_7","showAs":"Broadcasting (Gender, Cultural and Other Diversities) Bill 2022: First Stage","uri":"https:\/\/data.oireachtas.ie\/akn\/ie\/debateRecord\/seanad\/2022-07-07\/debate\/main"}],"events":[{"event":{"chamber":{"chamberCode":"seanad","showAs":"Seanad \u00c9ireann","uri":"https:\/\/data.oireachtas.ie\/ie\/oireachtas\/def\/house\/seanad"},"dates":[{"date":"2022-05-03"},{"date":"2022-07-07"}],"eventURI":"https:\/\/data.oireachtas.ie\/ie\/oireachtas\/def\/bill-event\/admissibility-for-introduction","showAs":"Admissibility for Introduction","uri":"https:\/\/data.oireachtas.ie\/ie\/oireachtas\/bill\/2022\/90\/admissibility-for-introduction"}},{"event":{"chamber":{"chamberCode":"seanad","showAs":"Seanad \u00c9ireann","uri":"https:\/\/data.oireachtas.ie\/ie\/oireachtas\/def\/house\/seanad"},"dates":[{"date":"2025-01-29"}],"eventURI":"https:\/\/data.oireachtas.ie\/ie\/oireachtas\/def\/bill-event\/bill-lapsed","showAs":"Bill Lapsed","uri":"https:\/\/data.oireachtas.ie\/ie\/oireachtas\/bill\/2022\/90\/bill-lapsed"}}],"lastUpdated":"2025-01-30T11:17:37.160000+00:00","longTitleEn":"Bill entitled an Act to secure in broadcasting a better reflection of the diversity of the people, for that purpose to amend the statutory duties of broadcasters, to provide for a quota of female composers or performers in relation to music content, and to provide for related matters.","longTitleGa":"Bille d\u00e1 ngairtear Acht chun l\u00e9iri\u00fa n\u00edos fearr ar \u00e9ags\u00falacht an phobail a \u00e1irithi\u00fa sa chraolach\u00e1n, chun na cr\u00edche sin, do leas\u00fa dualgais reacht\u00fala craolt\u00f3ir\u00ed, do dh\u00e9anamh socr\u00fa maidir le cu\u00f3ta cumad\u00f3ir\u00ed n\u00f3 taibheoir\u00ed baineanna i nd\u00e1il le l\u00e1nas ceoil, agus do dh\u00e9anamh socr\u00fa i dtaobh nithe gaolmhara.","method":"Introduced","methodURI":"https:\/\/data.oireachtas.ie\/ie\/oireachtas\/def\/bill-method\/introduced","mostRecentStage":{"event":{"chamber":{"chamberCode":"seanad","showAs":"Seanad \u00c9ireann","uri":"https:\/\/data.oireachtas.ie\/ie\/oireachtas\/def\/house\/seanad"},"dates":[{"date":"2022-05-03"},{"date":"2022-07-07"},{"date":"2022-07-07"}],"house":{"chamberCode":"seanad","chamberType":"house","houseCode":"seanad","houseNo":"26","showAs":"26th Seanad","uri":"https:\/\/data.oireachtas.ie\/ie\/oireachtas\/house\/seanad\/26"},"progressStage":1,"showAs":"First Stage","stageCompleted":true,"stageOutcome":null,"stageURI":"https:\/\/data.oireachtas.ie\/ie\/oireachtas\/def\/bill-stage\/1","uri":"https:\/\/data.oireachtas.ie\/ie\/oireachtas\/bill\/2022\/90\/stage\/seanad\/1"}},"originHouse":{"showAs":"Seanad \u00c9ireann","uri":"https:\/\/data.oireachtas.ie\/ie\/oireachtas\/def\/house\/seanad"},"originHouseURI":"https:\/\/data.oireachtas.ie\/ie\/oireachtas\/def\/house\/seanad","relatedDocs":[],"shortTitleEn":"Broadcasting (Gender, Cultural and Other Diversities) Bill 2022","shortTitleGa":"An Bille Craolach\u00e1in (\u00c9ags\u00falachta\u00ed Inscne, Cult\u00fair agus Eile), 2022","source":"Private Member","sourceURI":"https:\/\/data.oireachtas.ie\/ie\/oireachtas\/def\/bill-source\/private-member","sponsors":[{"sponsor":{"as":{"showAs":null,"uri":null},"by":{"showAs":"Mark Wall","uri":"https:\/\/data.oireachtas.ie\/ie\/oireachtas\/member\/id\/Mark-Wall.S.2020-03-30"},"isPrimary":false}},{"sponsor":{"as":{"showAs":null,"uri":null},"by":{"showAs":"Marie Sherlock","uri":"https:\/\/data.oireachtas.ie\/ie\/oireachtas\/member\/id\/Marie-Sherlock.S.2020-03-30"},"isPrimary":true}},{"sponsor":{"as":{"showAs":null,"uri":null},"by":{"showAs":"Annie Hoey","uri":"https:\/\/data.oireachtas.ie\/ie\/oireachtas\/member\/id\/Annie-Hoey.S.2020-03-30"},"isPrimary":false}},{"sponsor":{"as":{"showAs":null,"uri":null},"by":{"showAs":"Rebecca Moynihan","uri":"https:\/\/data.oireachtas.ie\/ie\/oireachtas\/member\/id\/Rebecca-Moynihan.S.2020-03-30"},"isPrimary":false}}],"stages":[{"event":{"chamber":{"chamberCode":"seanad","showAs":"Seanad \u00c9ireann","uri":"https:\/\/data.oireachtas.ie\/ie\/oireachtas\/def\/house\/seanad"},"dates":[{"date":"2022-05-03"},{"date":"2022-07-07"},{"date":"2022-07-07"}],"house":{"chamberCode":"seanad","chamberType":"house","houseCode":"seanad","houseNo":"26","showAs":"26th Seanad","uri":"https:\/\/data.oireachtas.ie\/ie\/oireachtas\/house\/seanad\/26"},"progressStage":1,"showAs":"First Stage","stageCompleted":true,"stageOutcome":null,"stageURI":"https:\/\/data.oireachtas.ie\/ie\/oireachtas\/def\/bill-stage\/1","uri":"https:\/\/data.oireachtas.ie\/ie\/oireachtas\/bill\/2022\/90\/stage\/seanad\/1"}}],"status":"Lapsed","statusURI":"https:\/\/data.oireachtas.ie\/ie\/oireachtas\/def\/bill-status\/lapsed","uri":"https:\/\/data.oireachtas.ie\/ie\/oireachtas\/bill\/2022\/90","versions":[{"version":{"date":"2022-07-07","docType":"bill","formats":{"pdf":{"uri":"https:\/\/data.oireachtas.ie\/ie\/oireachtas\/bill\/2022\/90\/eng\/initiated\/b9022s.pdf"},"xml":null},"lang":"eng","showAs":"As Initiated","uri":"https:\/\/data.oireachtas.ie\/ie\/oireachtas\/bill\/2022\/90\/eng\/initiated"}}]},"billSort":{"actNoSort":null,"actShortTitleEnSort":null,"actShortTitleGaSort":null,"actYearSort":null,"billNoSort":90,"billShortTitleEnSort":"broadcasting-gender-cultural-and-other-diversities-bill-2022","billShortTitleGaSort":"an-bille-craolachain-eagsulachtai-inscne-cultuir-agus-eile-2022","billYearSort":2022},"contextDate":"2022-07-07"},{"bill":{"act":null,"amendmentLists":[],"billNo":"89","billType":"Public","billTypeURI":"https:\/\/data.oireachtas.ie\/ie\/oireachtas\/def\/bill-type\/public","billYear":"2022","debates":[{"chamber":{"showAs":"Seanad \u00c9ireann","uri":"https:\/\/data.oireachtas.ie\/ie\/oireachtas\/def\/house\/seanad"},"date":"2026-02-25","debateSectionId":"dbsect_16","showAs":"Institutional Burials (Amendment) Bill 2022: Second Stage","uri":"https:\/\/data.oireachtas.ie\/akn\/ie\/debateRecord\/seanad\/2026-02-25\/debate\/main"},{"chamber":{"showAs":"Seanad \u00c9ireann","uri":"https:\/\/data.oireachtas.ie\/ie\/oireachtas\/def\/house\/seanad"},"date":"2022-09-29","debateSectionId":"dbsect_10","showAs":"Institutional Burials (Amendment) Bill 2022: First Stage","uri":"https:\/\/data.oireachtas.ie\/akn\/ie\/debateRecord\/seanad\/2022-09-29\/debate\/main"}],"events":[{"event":{"chamber":{"chamberCode":"seanad","showAs":"Seanad \u00c9ireann","uri":"https:\/\/data.oireachtas.ie\/ie\/oireachtas\/def\/house\/seanad"},"dates":[{"date":"2022-09-26"},{"date":"2022-09-29"},{"date":"2025-03-04"},{"date":"2026-02-25"}],"eventURI":"https:\/\/data.oireachtas.ie\/ie\/oireachtas\/def\/bill-event\/admissibility-for-introduction","showAs":"Admissibility for Introduction","uri":"https:\/\/data.oireachtas.ie\/ie\/oireachtas\/bill\/2022\/89\/admissibility-for-introduction"}},{"event":{"chamber":{"chamberCode":"seanad","showAs":"Seanad \u00c9ireann","uri":"https:\/\/data.oireachtas.ie\/ie\/oireachtas\/def\/house\/seanad"},"dates":[{"date":"2025-01-29"}],"eventURI":"https:\/\/data.oireachtas.ie\/ie\/oireachtas\/def\/bill-event\/bill-lapsed","showAs":"Bill Lapsed","uri":"https:\/\/data.oireachtas.ie\/ie\/oireachtas\/bill\/2022\/89\/bill-lapsed"}}],"lastUpdated":"2026-02-26T15:29:55.660000+00:00","longTitleEn":"<p>Bill entitled an Act to amend the Institutional Burials Act 2022 to enable the Director of Authorised Intervention to engage in cases where precise burial places cannot be identified but where inappropriate burials are likely to have taken place in an institutional setting, to provide for cases where persons who consider that they are related to persons thought to be buried on principal burial land indicate that an excavation of the land is their preference, and to provide for related matters.<\/p>\n","longTitleGa":"<p>Bille d\u00e1 ngairtear Acht do leas\u00fa an Achta um Adhlactha\u00ed Forais, 2022 chun a chumas\u00fa don Sti\u00farth\u00f3ir um Idirghabh\u00e1il \u00dadaraithe gabh\u00e1il do ch\u00e1sanna nach f\u00e9idir \u00e1iteanna beachta adhlactha a ch\u00e9ann\u00fa ach inar d\u00f3igh gur tharla adhlactha\u00ed m\u00edchu\u00ed i su\u00edomh forais, do dh\u00e9anamh socr\u00fa maidir le c\u00e1sanna ina l\u00e9ir\u00edonn daoine a mheasann go bhfuil siad gaolta le daoine a cheaptar a bheith adhlactha i bpr\u00edomhthalamh adhlactha gurb \u00e9 a rogha \u00e9 go nd\u00e9anfar an talamh a thochailt, agus do dh\u00e9anamh socr\u00fa i dtaobh nithe gaolmhara.<\/p>\n","method":"Introduced","methodURI":"https:\/\/data.oireachtas.ie\/ie\/oireachtas\/def\/bill-method\/introduced","mostRecentStage":{"event":{"chamber":{"chamberCode":"seanad","showAs":"Seanad \u00c9ireann","uri":"https:\/\/data.oireachtas.ie\/ie\/oireachtas\/def\/house\/seanad"},"dates":[{"date":"2022-09-26"},{"date":"2022-09-29"},{"date":"2022-09-29"}],"house":{"chamberCode":"seanad","chamberType":"house","houseCode":"seanad","houseNo":"26","showAs":"26th Seanad","uri":"https:\/\/data.oireachtas.ie\/ie\/oireachtas\/house\/seanad\/26"},"progressStage":1,"showAs":"First Stage","stageCompleted":true,"stageOutcome":null,"stageURI":"https:\/\/data.oireachtas.ie\/ie\/oireachtas\/def\/bill-stage\/1","uri":"https:\/\/data.oireachtas.ie\/ie\/oireachtas\/bill\/2022\/89\/stage\/seanad\/1"}},"originHouse":{"showAs":"Seanad \u00c9ireann","uri":"https:\/\/data.oireachtas.ie\/ie\/oireachtas\/def\/house\/seanad"},"originHouseURI":"https:\/\/data.oireachtas.ie\/ie\/oireachtas\/def\/house\/seanad","relatedDocs":[],"shortTitleEn":"Institutional Burials (Amendment) Bill 2022","shortTitleGa":"An Bille um Adhlactha\u00ed Forais (Leas\u00fa), 2022","source":"Private Member","sourceURI":"https:\/\/data.oireachtas.ie\/ie\/oireachtas\/def\/bill-source\/private-member","sponsors":[{"sponsor":{"as":{"showAs":null,"uri":null},"by":{"showAs":"Eileen Flynn","uri":"https:\/\/data.oireachtas.ie\/ie\/oireachtas\/member\/id\/Eileen-Flynn.S.2020-06-29"},"isPrimary":false}},{"sponsor":{"as":{"showAs":null,"uri":null},"by":{"showAs":"Lynn Ruane","uri":"https:\/\/data.oireachtas.ie\/ie\/oireachtas\/member\/id\/Lynn-Ruane.S.2016-04-25"},"isPrimary":true}},{"sponsor":{"as":{"showAs":null,"uri":null},"by":{"showAs":"Alice-Mary Higgins","uri":"https:\/\/data.oireachtas.ie\/ie\/oireachtas\/member\/id\/Alice-Mary-Higgins.S.2016-04-25"},"isPrimary":false}},{"sponsor":{"as":{"showAs":null,"uri":null},"by":{"showAs":"Frances Black","uri":"https:\/\/data.oireachtas.ie\/ie\/oireachtas\/member\/id\/Frances-Black.S.2016-04-25"},"isPrimary":false}}],"stages":[{"event":{"chamber":{"chamberCode":"seanad","showAs":"Seanad \u00c9ireann","uri":"https:\/\/data.oireachtas.ie\/ie\/oireachtas\/def\/house\/seanad"},"dates":[{"date":"2022-09-26"},{"date":"2022-09-29"},{"date":"2022-09-29"}],"house":{"chamberCode":"seanad","chamberType":"house","houseCode":"seanad","houseNo":"26","showAs":"26th Seanad","uri":"https:\/\/data.oireachtas.ie\/ie\/oireachtas\/house\/seanad\/26"},"progressStage":1,"showAs":"First Stage","stageCompleted":true,"stageOutcome":null,"stageURI":"https:\/\/data.oireachtas.ie\/ie\/oireachtas\/def\/bill-stage\/1","uri":"https:\/\/data.oireachtas.ie\/ie\/oireachtas\/bill\/2022\/89\/stage\/seanad\/1"}}],"status":"Defeated","statusURI":"https:\/\/data.oireachtas.ie\/ie\/oireachtas\/def\/bill-status\/defeated","uri":"https:\/\/data.oireachtas.ie\/ie\/oireachtas\/bill\/2022\/89","versions":[{"version":{"date":"2022-09-29","docType":"bill","formats":{"pdf":{"uri":"https:\/\/data.oireachtas.ie\/ie\/oireachtas\/bill\/2022\/89\/eng\/initiated\/b8922s.pdf"},"xml":null},"lang":"eng","showAs":"As Initiated","uri":"https:\/\/data.oireachtas.ie\/ie\/oireachtas\/bill\/2022\/89\/eng\/initiated"}}]},"billSort":{"actNoSort":null,"actShortTitleEnSort":null,"actShortTitleGaSort":null,"actYearSort":null,"billNoSort":89,"billShortTitleEnSort":"institutional-burials-amendment-bill-2022","billShortTitleGaSort":"an-bille-um-adhlacthai-forais-leasu-2022","billYearSort":2022},"contextDate":"2022-09-29"},{"bill":{"act":null,"amendmentLists":[],"billNo":"74","billType":"Public","billTypeURI":"https:\/\/data.oireachtas.ie\/ie\/oireachtas\/def\/bill-type\/public","billYear":"2022","debates":[{"chamber":{"showAs":"D\u00e1il \u00c9ireann","uri":"https:\/\/data.oireachtas.ie\/ie\/oireachtas\/def\/house\/dail"},"date":"2024-06-13","debateSectionId":"dbsect_43","showAs":"Protection of Accident Victims from Non-Consensual Recording of Images Bill 2022: Second Stage [Private Members]","uri":"https:\/\/data.oireachtas.ie\/akn\/ie\/debateRecord\/dail\/2024-06-13\/debate\/main"},{"chamber":{"showAs":"D\u00e1il \u00c9ireann","uri":"https:\/\/data.oireachtas.ie\/ie\/oireachtas\/def\/house\/dail"},"date":"2022-07-14","debateSectionId":"dbsect_35","showAs":"Protection of Accident Victims from Non-Consensual Recording of Images Bill 2022: First Stage","uri":"https:\/\/data.oireachtas.ie\/akn\/ie\/debateRecord\/dail\/2022-07-14\/debate\/main"}],"events":[{"event":{"chamber":{"chamberCode":"dail","showAs":"D\u00e1il \u00c9ireann","uri":"https:\/\/data.oireachtas.ie\/ie\/oireachtas\/def\/house\/dail"},"dates":[{"date":"2022-07-08"},{"date":"2022-07-08"},{"date":"2022-07-14"},{"date":"2025-05-01"}],"eventURI":"https:\/\/data.oireachtas.ie\/ie\/oireachtas\/def\/bill-event\/approved-for-initiation","showAs":"Approved for Initiation","uri":"https:\/\/data.oireachtas.ie\/ie\/oireachtas\/bill\/2022\/74\/approved-for-initiation"}},{"event":{"chamber":{"chamberCode":"dail","showAs":"D\u00e1il \u00c9ireann","uri":"https:\/\/data.oireachtas.ie\/ie\/oireachtas\/def\/house\/dail"},"dates":[{"date":"2024-11-08"}],"eventURI":"https:\/\/data.oireachtas.ie\/ie\/oireachtas\/def\/bill-event\/bill-lapsed","showAs":"Bill Lapsed","uri":"https:\/\/data.oireachtas.ie\/ie\/oireachtas\/bill\/2022\/74\/bill-lapsed"}}],"lastUpdated":"2025-05-02T10:59:21.440000+00:00","longTitleEn":"Bill entitled an Act to prohibit the recording or publication without consent of certain images of persons who are dead, seriously injured or in shock as a result of an accident or other emergency, and to provide for connected matters.","longTitleGa":"Bille d\u00e1 ngairtear Acht do thoirmeasc \u00edomh\u00e1nna \u00e1irithe de dhaoine at\u00e1 marbh, a ndearnadh m\u00f3rdh\u00edobh\u00e1il d\u00f3ibh, n\u00f3 at\u00e1 suaite de thoradh tion\u00f3isce n\u00f3 \u00e9igeand\u00e1il eile, a thaifeadadh n\u00f3 a fhoilsi\u00fa gan toili\u00fa agus do dh\u00e9anamh socr\u00fa i dtaobh nithe comhghaolmhara.","method":"Introduced","methodURI":"https:\/\/data.oireachtas.ie\/ie\/oireachtas\/def\/bill-method\/introduced","mostRecentStage":{"event":{"chamber":{"chamberCode":"dail","showAs":"D\u00e1il \u00c9ireann","uri":"https:\/\/data.oireachtas.ie\/ie\/oireachtas\/def\/house\/dail"},"dates":[{"date":"2024-11-08"},{"date":"2025-05-01"}],"house":{"chamberCode":"dail","chamberType":"house","houseCode":"dail","houseNo":"33","showAs":"33rd D\u00e1il","uri":"https:\/\/data.oireachtas.ie\/ie\/oireachtas\/house\/dail\/33"},"progressStage":3,"showAs":"Committee Stage","stageCompleted":false,"stageOutcome":"Current","stageURI":"https:\/\/data.oireachtas.ie\/ie\/oireachtas\/def\/bill-stage\/3","uri":"https:\/\/data.oireachtas.ie\/ie\/oireachtas\/bill\/2022\/74\/stage\/dail\/3"}},"originHouse":{"showAs":"D\u00e1il \u00c9ireann","uri":"https:\/\/data.oireachtas.ie\/ie\/oireachtas\/def\/house\/dail"},"originHouseURI":"https:\/\/data.oireachtas.ie\/ie\/oireachtas\/def\/house\/dail","relatedDocs":[{"relatedDoc":{"date":"2022-07-14","docType":"memo","formats":{"pdf":{"uri":"https:\/\/data.oireachtas.ie\/ie\/oireachtas\/bill\/2022\/74\/eng\/memo\/b7422d-memo.pdf"},"xml":null},"lang":"eng","showAs":"Explanatory Memorandum","uri":"https:\/\/data.oireachtas.ie\/ie\/oireachtas\/bill\/2022\/74\/eng\/memo"}}],"shortTitleEn":"Protection of Accident Victims from Non-Consensual Recording of Images Bill 2022","shortTitleGa":"An Bille um \u00cdospartaigh Tion\u00f3isc\u00ed a Chosaint ar Thaifeadadh Neamh-Chomhthoili\u00fail \u00cdomh\u00e1nna, 2022","source":"Private Member","sourceURI":"https:\/\/data.oireachtas.ie\/ie\/oireachtas\/def\/bill-source\/private-member","sponsors":[{"sponsor":{"as":{"showAs":null,"uri":null},"by":{"showAs":"Duncan Smith","uri":"https:\/\/data.oireachtas.ie\/ie\/oireachtas\/member\/id\/Duncan-Smith.D.2020-02-08"},"isPrimary":true}}],"stages":[{"event":{"chamber":{"chamberCode":"dail","showAs":"D\u00e1il \u00c9ireann","uri":"https:\/\/data.oireachtas.ie\/ie\/oireachtas\/def\/house\/dail"},"dates":[{"date":"2022-07-08"},{"date":"2022-07-08"},{"date":"2022-07-14"},{"date":"2022-07-14"}],"house":{"chamberCode":"dail","chamberType":"house","houseCode":"dail","houseNo":"33","showAs":"33rd D\u00e1il","uri":"https:\/\/data.oireachtas.ie\/ie\/oireachtas\/house\/dail\/33"},"progressStage":1,"showAs":"First Stage","stageCompleted":true,"stageOutcome":null,"stageURI":"https:\/\/data.oireachtas.ie\/ie\/oireachtas\/def\/bill-stage\/1","uri":"https:\/\/data.oireachtas.ie\/ie\/oireachtas\/bill\/2022\/74\/stage\/dail\/1"}},{"event":{"chamber":{"chamberCode":"dail","showAs":"D\u00e1il \u00c9ireann","uri":"https:\/\/data.oireachtas.ie\/ie\/oireachtas\/def\/house\/dail"},"dates":[{"date":"2024-06-13"}],"house":{"chamberCode":"dail","chamberType":"house","houseCode":"dail","houseNo":"33","showAs":"33rd D\u00e1il","uri":"https:\/\/data.oireachtas.ie\/ie\/oireachtas\/house\/dail\/33"},"progressStage":2,"showAs":"Second Stage","stageCompleted":true,"stageOutcome":null,"stageURI":"https:\/\/data.oireachtas.ie\/ie\/oireachtas\/def\/bill-stage\/2","uri":"https:\/\/data.oireachtas.ie\/ie\/oireachtas\/bill\/2022\/74\/stage\/dail\/2"}},{"event":{"chamber":{"chamberCode":"dail","showAs":"D\u00e1il \u00c9ireann","uri":"https:\/\/data.oireachtas.ie\/ie\/oireachtas\/def\/house\/dail"},"dates":[{"date":"2024-11-08"},{"date":"2025-05-01"}],"house":{"chamberCode":"dail","chamberType":"house","houseCode":"dail","houseNo":"33","showAs":"33rd D\u00e1il","uri":"https:\/\/data.oireachtas.ie\/ie\/oireachtas\/house\/dail\/33"},"progressStage":3,"showAs":"Committee Stage","stageCompleted":false,"stageOutcome":"Current","stageURI":"https:\/\/data.oireachtas.ie\/ie\/oireachtas\/def\/bill-stage\/3","uri":"https:\/\/data.oireachtas.ie\/ie\/oireachtas\/bill\/2022\/74\/stage\/dail\/3"}}],"status":"Current","statusURI":"https:\/\/data.oireachtas.ie\/ie\/oireachtas\/def\/bill-status\/published","uri":"https:\/\/data.oireachtas.ie\/ie\/oireachtas\/bill\/2022\/74","versions":[{"version":{"date":"2022-07-14","docType":"bill","formats":{"pdf":{"uri":"https:\/\/data.oireachtas.ie\/ie\/oireachtas\/bill\/2022\/74\/eng\/initiated\/b7422d.pdf"},"xml":null},"lang":"eng","showAs":"As Initiated","uri":"https:\/\/data.oireachtas.ie\/ie\/oireachtas\/bill\/2022\/74\/eng\/initiated"}}]},"billSort":{"actNoSort":null,"actShortTitleEnSort":null,"actShortTitleGaSort":null,"actYearSort":null,"billNoSort":74,"billShortTitleEnSort":"protection-of-accident-victims-from-non-consensual-recording-of-images-bill-2022","billShortTitleGaSort":"an-bille-um-iospartaigh-tionoisci-a-chosaint-ar-thaifeadadh-neamh-chomhthoiliuil-iomhanna-2022","billYearSort":2022},"contextDate":"2025-05-01"},{"bill":{"act":null,"amendmentLists":[],"billNo":"70","billType":"Public","billTypeURI":"https:\/\/data.oireachtas.ie\/ie\/oireachtas\/def\/bill-type\/public","billYear":"2022","debates":[{"chamber":{"showAs":"D\u00e1il \u00c9ireann","uri":"https:\/\/data.oireachtas.ie\/ie\/oireachtas\/def\/house\/dail"},"date":"2022-06-28","debateSectionId":"dbsect_8","showAs":"Central Bank (Variable Rate Mortgages) Bill 2022: First Stage","uri":"https:\/\/data.oireachtas.ie\/akn\/ie\/debateRecord\/dail\/2022-06-28\/debate\/main"}],"events":[{"event":{"chamber":{"chamberCode":"dail","showAs":"D\u00e1il \u00c9ireann","uri":"https:\/\/data.oireachtas.ie\/ie\/oireachtas\/def\/house\/dail"},"dates":[{"date":"2022-06-09"},{"date":"2022-06-09"},{"date":"2022-06-28"},{"date":"2025-05-01"}],"eventURI":"https:\/\/data.oireachtas.ie\/ie\/oireachtas\/def\/bill-event\/approved-for-initiation","showAs":"Approved for Initiation","uri":"https:\/\/data.oireachtas.ie\/ie\/oireachtas\/bill\/2022\/70\/approved-for-initiation"}},{"event":{"chamber":{"chamberCode":"dail","showAs":"D\u00e1il \u00c9ireann","uri":"https:\/\/data.oireachtas.ie\/ie\/oireachtas\/def\/house\/dail"},"dates":[{"date":"2024-11-08"}],"eventURI":"https:\/\/data.oireachtas.ie\/ie\/oireachtas\/def\/bill-event\/bill-lapsed","showAs":"Bill Lapsed","uri":"https:\/\/data.oireachtas.ie\/ie\/oireachtas\/bill\/2022\/70\/bill-lapsed"}}],"lastUpdated":"2025-05-02T11:15:41.360000+00:00","longTitleEn":"Bill entitled an Act to provide for measures to address market failures in the market for principal dwelling house mortgage loans, and to provide for related matters.","longTitleGa":"Bille d\u00e1 ngairtear Acht do dh\u00e9anamh socr\u00fa maidir le bearta chun aghaidh a thabhairt ar mhainneachtana margaidh sa mhargadh d\u2019iasachta\u00ed morg\u00e1iste ar phr\u00edomhthithe c\u00f3naithe, agus do dh\u00e9anamh socr\u00fa i dtaobh nithe gaolmhara.","method":"Introduced","methodURI":"https:\/\/data.oireachtas.ie\/ie\/oireachtas\/def\/bill-method\/introduced","mostRecentStage":{"event":{"chamber":{"chamberCode":"dail","showAs":"D\u00e1il \u00c9ireann","uri":"https:\/\/data.oireachtas.ie\/ie\/oireachtas\/def\/house\/dail"},"dates":[{"date":"2024-11-08"},{"date":"2025-05-01"}],"house":{"chamberCode":"dail","chamberType":"house","houseCode":"dail","houseNo":"33","showAs":"33rd D\u00e1il","uri":"https:\/\/data.oireachtas.ie\/ie\/oireachtas\/house\/dail\/33"},"progressStage":2,"showAs":"Second Stage","stageCompleted":false,"stageOutcome":"Current","stageURI":"https:\/\/data.oireachtas.ie\/ie\/oireachtas\/def\/bill-stage\/2","uri":"https:\/\/data.oireachtas.ie\/ie\/oireachtas\/bill\/2022\/70\/stage\/dail\/2"}},"originHouse":{"showAs":"D\u00e1il \u00c9ireann","uri":"https:\/\/data.oireachtas.ie\/ie\/oireachtas\/def\/house\/dail"},"originHouseURI":"https:\/\/data.oireachtas.ie\/ie\/oireachtas\/def\/house\/dail","relatedDocs":[{"relatedDoc":{"date":"2022-06-28","docType":"memo","formats":{"pdf":{"uri":"https:\/\/data.oireachtas.ie\/ie\/oireachtas\/bill\/2022\/70\/eng\/memo\/b7022d-memo.pdf"},"xml":null},"lang":"eng","showAs":"Explanatory Memorandum","uri":"https:\/\/data.oireachtas.ie\/ie\/oireachtas\/bill\/2022\/70\/eng\/memo"}}],"shortTitleEn":"Central Bank (Variable Rate Mortgages) Bill 2022","shortTitleGa":"Bille an Bhainc Ceannais (Morg\u00e1ist\u00ed R\u00e1ta Athraithigh), 2022","source":"Private Member","sourceURI":"https:\/\/data.oireachtas.ie\/ie\/oireachtas\/def\/bill-source\/private-member","sponsors":[{"sponsor":{"as":{"showAs":null,"uri":null},"by":{"showAs":"Ged Nash","uri":"https:\/\/data.oireachtas.ie\/ie\/oireachtas\/member\/id\/Gerald-Nash.D.2011-03-09"},"isPrimary":true}}],"stages":[{"event":{"chamber":{"chamberCode":"dail","showAs":"D\u00e1il \u00c9ireann","uri":"https:\/\/data.oireachtas.ie\/ie\/oireachtas\/def\/house\/dail"},"dates":[{"date":"2022-06-09"},{"date":"2022-06-09"},{"date":"2022-06-28"},{"date":"2022-06-28"}],"house":{"chamberCode":"dail","chamberType":"house","houseCode":"dail","houseNo":"33","showAs":"33rd D\u00e1il","uri":"https:\/\/data.oireachtas.ie\/ie\/oireachtas\/house\/dail\/33"},"progressStage":1,"showAs":"First Stage","stageCompleted":true,"stageOutcome":null,"stageURI":"https:\/\/data.oireachtas.ie\/ie\/oireachtas\/def\/bill-stage\/1","uri":"https:\/\/data.oireachtas.ie\/ie\/oireachtas\/bill\/2022\/70\/stage\/dail\/1"}},{"event":{"chamber":{"chamberCode":"dail","showAs":"D\u00e1il \u00c9ireann","uri":"https:\/\/data.oireachtas.ie\/ie\/oireachtas\/def\/house\/dail"},"dates":[{"date":"2024-11-08"},{"date":"2025-05-01"}],"house":{"chamberCode":"dail","chamberType":"house","houseCode":"dail","houseNo":"33","showAs":"33rd D\u00e1il","uri":"https:\/\/data.oireachtas.ie\/ie\/oireachtas\/house\/dail\/33"},"progressStage":2,"showAs":"Second Stage","stageCompleted":false,"stageOutcome":"Current","stageURI":"https:\/\/data.oireachtas.ie\/ie\/oireachtas\/def\/bill-stage\/2","uri":"https:\/\/data.oireachtas.ie\/ie\/oireachtas\/bill\/2022\/70\/stage\/dail\/2"}}],"status":"Current","statusURI":"https:\/\/data.oireachtas.ie\/ie\/oireachtas\/def\/bill-status\/published","uri":"https:\/\/data.oireachtas.ie\/ie\/oireachtas\/bill\/2022\/70","versions":[{"version":{"date":"2022-06-28","docType":"bill","formats":{"pdf":{"uri":"https:\/\/data.oireachtas.ie\/ie\/oireachtas\/bill\/2022\/70\/eng\/initiated\/b7022d.pdf"},"xml":null},"lang":"eng","showAs":"As Initiated","uri":"https:\/\/data.oireachtas.ie\/ie\/oireachtas\/bill\/2022\/70\/eng\/initiated"}}]},"billSort":{"actNoSort":null,"actShortTitleEnSort":null,"actShortTitleGaSort":null,"actYearSort":null,"billNoSort":70,"billShortTitleEnSort":"central-bank-variable-rate-mortgages-bill-2022","billShortTitleGaSort":"bille-an-bhainc-ceannais-morgaisti-rata-athraithigh-2022","billYearSort":2022},"contextDate":"2025-05-01"},{"bill":{"act":null,"amendmentLists":[],"billNo":"65","billType":"Public","billTypeURI":"https:\/\/data.oireachtas.ie\/ie\/oireachtas\/def\/bill-type\/public","billYear":"2022","debates":[{"chamber":{"showAs":"D\u00e1il \u00c9ireann","uri":"https:\/\/data.oireachtas.ie\/ie\/oireachtas\/def\/house\/dail"},"date":"2022-06-29","debateSectionId":"dbsect_8","showAs":"Autism Bill 2022: Second Stage [Private Members]","uri":"https:\/\/data.oireachtas.ie\/akn\/ie\/debateRecord\/dail\/2022-06-29\/debate\/main"},{"chamber":{"showAs":"D\u00e1il \u00c9ireann","uri":"https:\/\/data.oireachtas.ie\/ie\/oireachtas\/def\/house\/dail"},"date":"2022-06-23","debateSectionId":"dbsect_28","showAs":"Autism Bill 2022: First Stage","uri":"https:\/\/data.oireachtas.ie\/akn\/ie\/debateRecord\/dail\/2022-06-23\/debate\/main"}],"events":[{"event":{"chamber":{"chamberCode":"dail","showAs":"D\u00e1il \u00c9ireann","uri":"https:\/\/data.oireachtas.ie\/ie\/oireachtas\/def\/house\/dail"},"dates":[{"date":"2022-06-20"},{"date":"2022-06-20"},{"date":"2022-06-23"},{"date":"2025-05-01"}],"eventURI":"https:\/\/data.oireachtas.ie\/ie\/oireachtas\/def\/bill-event\/approved-for-initiation","showAs":"Approved for Initiation","uri":"https:\/\/data.oireachtas.ie\/ie\/oireachtas\/bill\/2022\/65\/approved-for-initiation"}},{"event":{"chamber":{"chamberCode":"dail","showAs":"D\u00e1il \u00c9ireann","uri":"https:\/\/data.oireachtas.ie\/ie\/oireachtas\/def\/house\/dail"},"dates":[{"date":"2024-11-08"}],"eventURI":"https:\/\/data.oireachtas.ie\/ie\/oireachtas\/def\/bill-event\/bill-lapsed","showAs":"Bill Lapsed","uri":"https:\/\/data.oireachtas.ie\/ie\/oireachtas\/bill\/2022\/65\/bill-lapsed"}}],"lastUpdated":"2025-05-02T12:00:22.130000+00:00","longTitleEn":"Bill entitled an Act to provide for an autism strategy to be prepared and published, and to provide for related matters.","longTitleGa":"Bille d\u00e1 ngairtear Acht do dh\u00e9anamh socr\u00fa maidir le strait\u00e9is uathachais a ullmh\u00fa agus a fhoilsi\u00fa, agus do dh\u00e9anamh socr\u00fa i dtaobh nithe gaolmhara.","method":"Introduced","methodURI":"https:\/\/data.oireachtas.ie\/ie\/oireachtas\/def\/bill-method\/introduced","mostRecentStage":{"event":{"chamber":{"chamberCode":"dail","showAs":"D\u00e1il \u00c9ireann","uri":"https:\/\/data.oireachtas.ie\/ie\/oireachtas\/def\/house\/dail"},"dates":[{"date":"2024-11-08"},{"date":"2025-05-01"}],"house":{"chamberCode":"dail","chamberType":"house","houseCode":"dail","houseNo":"33","showAs":"33rd D\u00e1il","uri":"https:\/\/data.oireachtas.ie\/ie\/oireachtas\/house\/dail\/33"},"progressStage":3,"showAs":"Committee Stage","stageCompleted":false,"stageOutcome":"Current","stageURI":"https:\/\/data.oireachtas.ie\/ie\/oireachtas\/def\/bill-stage\/3","uri":"https:\/\/data.oireachtas.ie\/ie\/oireachtas\/bill\/2022\/65\/stage\/dail\/3"}},"originHouse":{"showAs":"D\u00e1il \u00c9ireann","uri":"https:\/\/data.oireachtas.ie\/ie\/oireachtas\/def\/house\/dail"},"originHouseURI":"https:\/\/data.oireachtas.ie\/ie\/oireachtas\/def\/house\/dail","relatedDocs":[{"relatedDoc":{"date":"2022-06-23","docType":"memo","formats":{"pdf":{"uri":"https:\/\/data.oireachtas.ie\/ie\/oireachtas\/bill\/2022\/65\/eng\/memo\/b6522d-memo.pdf"},"xml":null},"lang":"eng","showAs":"Explanatory Memorandum","uri":"https:\/\/data.oireachtas.ie\/ie\/oireachtas\/bill\/2022\/65\/eng\/memo"}}],"shortTitleEn":"Autism Bill 2022","shortTitleGa":"An Bille Uathachais, 2022","source":"Private Member","sourceURI":"https:\/\/data.oireachtas.ie\/ie\/oireachtas\/def\/bill-source\/private-member","sponsors":[{"sponsor":{"as":{"showAs":null,"uri":null},"by":{"showAs":"Aodh\u00e1n \u00d3 R\u00edord\u00e1in","uri":"https:\/\/data.oireachtas.ie\/ie\/oireachtas\/member\/id\/Aodh\u00e1n-\u00d3-R\u00edord\u00e1in.D.2011-03-09"},"isPrimary":true}},{"sponsor":{"as":{"showAs":null,"uri":null},"by":{"showAs":"Ivana Bacik","uri":"https:\/\/data.oireachtas.ie\/ie\/oireachtas\/member\/id\/Ivana-Bacik.S.2007-07-23"},"isPrimary":false}},{"sponsor":{"as":{"showAs":null,"uri":null},"by":{"showAs":"Brendan Howlin","uri":"https:\/\/data.oireachtas.ie\/ie\/oireachtas\/member\/id\/Brendan-Howlin.S.1983-02-23"},"isPrimary":false}},{"sponsor":{"as":{"showAs":null,"uri":null},"by":{"showAs":"Alan Kelly","uri":"https:\/\/data.oireachtas.ie\/ie\/oireachtas\/member\/id\/Alan-Kelly.S.2007-07-23"},"isPrimary":false}},{"sponsor":{"as":{"showAs":null,"uri":null},"by":{"showAs":"Se\u00e1n Sherlock","uri":"https:\/\/data.oireachtas.ie\/ie\/oireachtas\/member\/id\/Se\u00e1n-Sherlock.D.2007-06-14"},"isPrimary":false}},{"sponsor":{"as":{"showAs":null,"uri":null},"by":{"showAs":"Duncan Smith","uri":"https:\/\/data.oireachtas.ie\/ie\/oireachtas\/member\/id\/Duncan-Smith.D.2020-02-08"},"isPrimary":false}},{"sponsor":{"as":{"showAs":null,"uri":null},"by":{"showAs":"Ivana Bacik","uri":"https:\/\/data.oireachtas.ie\/ie\/oireachtas\/member\/id\/Ivana-Bacik.S.2007-07-23"},"isPrimary":false}},{"sponsor":{"as":{"showAs":null,"uri":null},"by":{"showAs":"Brendan Howlin","uri":"https:\/\/data.oireachtas.ie\/ie\/oireachtas\/member\/id\/Brendan-Howlin.S.1983-02-23"},"isPrimary":false}},{"sponsor":{"as":{"showAs":null,"uri":null},"by":{"showAs":"Alan Kelly","uri":"https:\/\/data.oireachtas.ie\/ie\/oireachtas\/member\/id\/Alan-Kelly.S.2007-07-23"},"isPrimary":false}},{"sponsor":{"as":{"showAs":null,"uri":null},"by":{"showAs":"Ged Nash","uri":"https:\/\/data.oireachtas.ie\/ie\/oireachtas\/member\/id\/Gerald-Nash.D.2011-03-09"},"isPrimary":false}},{"sponsor":{"as":{"showAs":null,"uri":null},"by":{"showAs":"Se\u00e1n Sherlock","uri":"https:\/\/data.oireachtas.ie\/ie\/oireachtas\/member\/id\/Se\u00e1n-Sherlock.D.2007-06-14"},"isPrimary":false}},{"sponsor":{"as":{"showAs":null,"uri":null},"by":{"showAs":"Duncan Smith","uri":"https:\/\/data.oireachtas.ie\/ie\/oireachtas\/member\/id\/Duncan-Smith.D.2020-02-08"},"isPrimary":false}}],"stages":[{"event":{"chamber":{"chamberCode":"dail","showAs":"D\u00e1il \u00c9ireann","uri":"https:\/\/data.oireachtas.ie\/ie\/oireachtas\/def\/house\/dail"},"dates":[{"date":"2022-06-20"},{"date":"2022-06-20"},{"date":"2022-06-23"},{"date":"2022-06-23"}],"house":{"chamberCode":"dail","chamberType":"house","houseCode":"dail","houseNo":"33","showAs":"33rd D\u00e1il","uri":"https:\/\/data.oireachtas.ie\/ie\/oireachtas\/house\/dail\/33"},"progressStage":1,"showAs":"First Stage","stageCompleted":true,"stageOutcome":null,"stageURI":"https:\/\/data.oireachtas.ie\/ie\/oireachtas\/def\/bill-stage\/1","uri":"https:\/\/data.oireachtas.ie\/ie\/oireachtas\/bill\/2022\/65\/stage\/dail\/1"}},{"event":{"chamber":{"chamberCode":"dail","showAs":"D\u00e1il \u00c9ireann","uri":"https:\/\/data.oireachtas.ie\/ie\/oireachtas\/def\/house\/dail"},"dates":[{"date":"2022-06-23"}],"house":{"chamberCode":"dail","chamberType":"house","houseCode":"dail","houseNo":"33","showAs":"33rd D\u00e1il","uri":"https:\/\/data.oireachtas.ie\/ie\/oireachtas\/house\/dail\/33"},"progressStage":2,"showAs":"Second Stage","stageCompleted":true,"stageOutcome":null,"stageURI":"https:\/\/data.oireachtas.ie\/ie\/oireachtas\/def\/bill-stage\/2","uri":"https:\/\/data.oireachtas.ie\/ie\/oireachtas\/bill\/2022\/65\/stage\/dail\/2"}},{"event":{"chamber":{"chamberCode":"dail","showAs":"D\u00e1il \u00c9ireann","uri":"https:\/\/data.oireachtas.ie\/ie\/oireachtas\/def\/house\/dail"},"dates":[{"date":"2024-11-08"},{"date":"2025-05-01"}],"house":{"chamberCode":"dail","chamberType":"house","houseCode":"dail","houseNo":"33","showAs":"33rd D\u00e1il","uri":"https:\/\/data.oireachtas.ie\/ie\/oireachtas\/house\/dail\/33"},"progressStage":3,"showAs":"Committee Stage","stageCompleted":false,"stageOutcome":"Current","stageURI":"https:\/\/data.oireachtas.ie\/ie\/oireachtas\/def\/bill-stage\/3","uri":"https:\/\/data.oireachtas.ie\/ie\/oireachtas\/bill\/2022\/65\/stage\/dail\/3"}}],"status":"Current","statusURI":"https:\/\/data.oireachtas.ie\/ie\/oireachtas\/def\/bill-status\/published","uri":"https:\/\/data.oireachtas.ie\/ie\/oireachtas\/bill\/2022\/65","versions":[{"version":{"date":"2022-06-23","docType":"bill","formats":{"pdf":{"uri":"https:\/\/data.oireachtas.ie\/ie\/oireachtas\/bill\/2022\/65\/eng\/initiated\/b6522d.pdf"},"xml":null},"lang":"eng","showAs":"As Initiated","uri":"https:\/\/data.oireachtas.ie\/ie\/oireachtas\/bill\/2022\/65\/eng\/initiated"}}]},"billSort":{"actNoSort":null,"actShortTitleEnSort":null,"actShortTitleGaSort":null,"actYearSort":null,"billNoSort":65,"billShortTitleEnSort":"autism-bill-2022","billShortTitleGaSort":"an-bille-uathachais-2022","billYearSort":2022},"contextDate":"2025-05-01"},{"bill":{"act":null,"amendmentLists":[],"billNo":"64","billType":"Public","billTypeURI":"https:\/\/data.oireachtas.ie\/ie\/oireachtas\/def\/bill-type\/public","billYear":"2022","debates":[{"chamber":{"showAs":"D\u00e1il \u00c9ireann","uri":"https:\/\/data.oireachtas.ie\/ie\/oireachtas\/def\/house\/dail"},"date":"2022-06-23","debateSectionId":"dbsect_27","showAs":"Litter Pollution (Amendment) Bill 2022: First Stage","uri":"https:\/\/data.oireachtas.ie\/akn\/ie\/debateRecord\/dail\/2022-06-23\/debate\/main"}],"events":[{"event":{"chamber":{"chamberCode":"dail","showAs":"D\u00e1il \u00c9ireann","uri":"https:\/\/data.oireachtas.ie\/ie\/oireachtas\/def\/house\/dail"},"dates":[{"date":"2022-03-30"},{"date":"2022-03-30"},{"date":"2022-06-23"},{"date":"2025-05-01"}],"eventURI":"https:\/\/data.oireachtas.ie\/ie\/oireachtas\/def\/bill-event\/approved-for-initiation","showAs":"Approved for Initiation","uri":"https:\/\/data.oireachtas.ie\/ie\/oireachtas\/bill\/2022\/64\/approved-for-initiation"}},{"event":{"chamber":{"chamberCode":"dail","showAs":"D\u00e1il \u00c9ireann","uri":"https:\/\/data.oireachtas.ie\/ie\/oireachtas\/def\/house\/dail"},"dates":[{"date":"2024-11-08"}],"eventURI":"https:\/\/data.oireachtas.ie\/ie\/oireachtas\/def\/bill-event\/bill-lapsed","showAs":"Bill Lapsed","uri":"https:\/\/data.oireachtas.ie\/ie\/oireachtas\/bill\/2022\/64\/bill-lapsed"}}],"lastUpdated":"2026-06-25T09:47:35.330000+00:00","longTitleEn":"Bill entitled an Act to amend the Litter Pollution Act 1997 to provide for public health and cleaner streets.","longTitleGa":"Bille d\u00e1 ngairtear Acht do leas\u00fa an Achta um Thruailli\u00fa \u00f3 Bhruscar, 1997 chun socr\u00fa a dh\u00e9anamh maidir le sl\u00e1inte phoibl\u00ed agus sr\u00e1ideanna n\u00edos glaine.","method":"Introduced","methodURI":"https:\/\/data.oireachtas.ie\/ie\/oireachtas\/def\/bill-method\/introduced","mostRecentStage":{"event":{"chamber":{"chamberCode":"dail","showAs":"D\u00e1il \u00c9ireann","uri":"https:\/\/data.oireachtas.ie\/ie\/oireachtas\/def\/house\/dail"},"dates":[{"date":"2024-11-08"},{"date":"2025-05-01"}],"house":{"chamberCode":"dail","chamberType":"house","houseCode":"dail","houseNo":"33","showAs":"33rd D\u00e1il","uri":"https:\/\/data.oireachtas.ie\/ie\/oireachtas\/house\/dail\/33"},"progressStage":2,"showAs":"Second Stage","stageCompleted":false,"stageOutcome":"Current","stageURI":"https:\/\/data.oireachtas.ie\/ie\/oireachtas\/def\/bill-stage\/2","uri":"https:\/\/data.oireachtas.ie\/ie\/oireachtas\/bill\/2022\/64\/stage\/dail\/2"}},"originHouse":{"showAs":"D\u00e1il \u00c9ireann","uri":"https:\/\/data.oireachtas.ie\/ie\/oireachtas\/def\/house\/dail"},"originHouseURI":"https:\/\/data.oireachtas.ie\/ie\/oireachtas\/def\/house\/dail","relatedDocs":[{"relatedDoc":{"date":"2022-06-23","docType":"memo","formats":{"pdf":{"uri":"https:\/\/data.oireachtas.ie\/ie\/oireachtas\/bill\/2022\/64\/eng\/memo\/b6422d-memo.pdf"},"xml":null},"lang":"eng","showAs":"Explanatory Memorandum","uri":"https:\/\/data.oireachtas.ie\/ie\/oireachtas\/bill\/2022\/64\/eng\/memo"}}],"shortTitleEn":"Litter Pollution (Amendment) Bill 2022","shortTitleGa":"An Bille um Thruailli\u00fa \u00f3 Bhruscar (Leas\u00fa), 2022","source":"Private Member","sourceURI":"https:\/\/data.oireachtas.ie\/ie\/oireachtas\/def\/bill-source\/private-member","sponsors":[{"sponsor":{"isPrimary":true,"as":{"showAs":null,"uri":null},"by":{"showAs":"Patrick Costello","uri":"https:\/\/data.oireachtas.ie\/ie\/oireachtas\/member\/id\/Patrick-Costello.D.2020-02-08"}}}],"stages":[{"event":{"chamber":{"chamberCode":"dail","showAs":"D\u00e1il \u00c9ireann","uri":"https:\/\/data.oireachtas.ie\/ie\/oireachtas\/def\/house\/dail"},"dates":[{"date":"2022-03-30"},{"date":"2022-03-30"},{"date":"2022-06-23"},{"date":"2022-06-23"}],"house":{"chamberCode":"dail","chamberType":"house","houseCode":"dail","houseNo":"33","showAs":"33rd D\u00e1il","uri":"https:\/\/data.oireachtas.ie\/ie\/oireachtas\/house\/dail\/33"},"progressStage":1,"showAs":"First Stage","stageCompleted":true,"stageOutcome":null,"stageURI":"https:\/\/data.oireachtas.ie\/ie\/oireachtas\/def\/bill-stage\/1","uri":"https:\/\/data.oireachtas.ie\/ie\/oireachtas\/bill\/2022\/64\/stage\/dail\/1"}},{"event":{"chamber":{"chamberCode":"dail","showAs":"D\u00e1il \u00c9ireann","uri":"https:\/\/data.oireachtas.ie\/ie\/oireachtas\/def\/house\/dail"},"dates":[{"date":"2024-11-08"},{"date":"2025-05-01"}],"house":{"chamberCode":"dail","chamberType":"house","houseCode":"dail","houseNo":"33","showAs":"33rd D\u00e1il","uri":"https:\/\/data.oireachtas.ie\/ie\/oireachtas\/house\/dail\/33"},"progressStage":2,"showAs":"Second Stage","stageCompleted":false,"stageOutcome":"Current","stageURI":"https:\/\/data.oireachtas.ie\/ie\/oireachtas\/def\/bill-stage\/2","uri":"https:\/\/data.oireachtas.ie\/ie\/oireachtas\/bill\/2022\/64\/stage\/dail\/2"}}],"status":"Current","statusURI":"https:\/\/data.oireachtas.ie\/ie\/oireachtas\/def\/bill-status\/published","uri":"https:\/\/data.oireachtas.ie\/ie\/oireachtas\/bill\/2022\/64","versions":[{"version":{"lang":"eng","docType":"bill","showAs":"As Initiated","date":"2022-06-23","formats":{"pdf":{"uri":"https:\/\/data.oireachtas.ie\/ie\/oireachtas\/bill\/2022\/64\/eng\/initiated\/b6422d.pdf"},"xml":null},"uri":"https:\/\/data.oireachtas.ie\/ie\/oireachtas\/bill\/2022\/64\/eng\/initiated"}}]},"contextDate":"2025-05-01","billSort":{"actNoSort":null,"actShortTitleEnSort":null,"actShortTitleGaSort":null,"actYearSort":null,"billNoSort":64,"billShortTitleEnSort":"litter-pollution-amendment-bill-2022","billShortTitleGaSort":"an-bille-um-thruailliu-o-bhruscar-leasu-2022","billYearSort":2022}},{"bill":{"act":null,"amendmentLists":[],"billNo":"57","billType":"Public","billTypeURI":"https:\/\/data.oireachtas.ie\/ie\/oireachtas\/def\/bill-type\/public","billYear":"2022","debates":[{"chamber":{"showAs":"Seanad \u00c9ireann","uri":"https:\/\/data.oireachtas.ie\/ie\/oireachtas\/def\/house\/seanad"},"date":"2022-05-25","debateSectionId":"dbsect_17","showAs":"National Minimum Wage (Payment of Interns) Bill 2022: Second Stage","uri":"https:\/\/data.oireachtas.ie\/akn\/ie\/debateRecord\/seanad\/2022-05-25\/debate\/main"},{"chamber":{"showAs":"Seanad \u00c9ireann","uri":"https:\/\/data.oireachtas.ie\/ie\/oireachtas\/def\/house\/seanad"},"date":"2022-05-19","debateSectionId":"dbsect_10","showAs":"National Minimum Wage (Payment of Interns) Bill 2022: First Stage","uri":"https:\/\/data.oireachtas.ie\/akn\/ie\/debateRecord\/seanad\/2022-05-19\/debate\/main"}],"events":[{"event":{"chamber":{"chamberCode":"seanad","showAs":"Seanad \u00c9ireann","uri":"https:\/\/data.oireachtas.ie\/ie\/oireachtas\/def\/house\/seanad"},"dates":[{"date":"2021-04-09"},{"date":"2022-05-19"}],"eventURI":"https:\/\/data.oireachtas.ie\/ie\/oireachtas\/def\/bill-event\/admissibility-for-introduction","showAs":"Admissibility for Introduction","uri":"https:\/\/data.oireachtas.ie\/ie\/oireachtas\/bill\/2022\/57\/admissibility-for-introduction"}},{"event":{"chamber":{"chamberCode":"seanad","showAs":"Seanad \u00c9ireann","uri":"https:\/\/data.oireachtas.ie\/ie\/oireachtas\/def\/house\/seanad"},"dates":[{"date":"2025-01-29"}],"eventURI":"https:\/\/data.oireachtas.ie\/ie\/oireachtas\/def\/bill-event\/bill-lapsed","showAs":"Bill Lapsed","uri":"https:\/\/data.oireachtas.ie\/ie\/oireachtas\/bill\/2022\/57\/bill-lapsed"}}],"lastUpdated":"2025-01-30T11:17:37.160000+00:00","longTitleEn":"Bill entitled an Act to provide for the payment of the national minimum wage to certain persons doing work as interns or on work experience; for that purpose to amend the National Minimum Wage Act 2000; and to provide for related matters.","longTitleGa":"Bille d\u00e1 ngairtear Acht do dh\u00e9anamh socr\u00fa maidir leis an bp\u00e1 \u00edosta n\u00e1isi\u00fanta a \u00edoc le daoine \u00e1irithe a bheidh ag obair mar int\u00e9irnigh n\u00f3 ag gabh\u00e1il do thaith\u00ed oibre; chun na cr\u00edche sin, do leas\u00fa an Achta um P\u00e1 \u00cdosta N\u00e1isi\u00fanta, 2000; agus do dh\u00e9anamh socr\u00fa i dtaobh nithe gaolmhara.","method":"Introduced","methodURI":"https:\/\/data.oireachtas.ie\/ie\/oireachtas\/def\/bill-method\/introduced","mostRecentStage":{"event":{"chamber":{"chamberCode":"seanad","showAs":"Seanad \u00c9ireann","uri":"https:\/\/data.oireachtas.ie\/ie\/oireachtas\/def\/house\/seanad"},"dates":[{"date":"2022-05-19"}],"house":{"chamberCode":"seanad","chamberType":"house","houseCode":"seanad","houseNo":"26","showAs":"26th Seanad","uri":"https:\/\/data.oireachtas.ie\/ie\/oireachtas\/house\/seanad\/26"},"progressStage":2,"showAs":"Second Stage","stageCompleted":true,"stageOutcome":null,"stageURI":"https:\/\/data.oireachtas.ie\/ie\/oireachtas\/def\/bill-stage\/2","uri":"https:\/\/data.oireachtas.ie\/ie\/oireachtas\/bill\/2022\/57\/stage\/seanad\/2"}},"originHouse":{"showAs":"Seanad \u00c9ireann","uri":"https:\/\/data.oireachtas.ie\/ie\/oireachtas\/def\/house\/seanad"},"originHouseURI":"https:\/\/data.oireachtas.ie\/ie\/oireachtas\/def\/house\/seanad","relatedDocs":[],"shortTitleEn":"National Minimum Wage (Payment of Interns) Bill 2022","shortTitleGa":"An Bille um P\u00e1 \u00cdosta N\u00e1isi\u00fanta (Int\u00e9irnigh a \u00cdoc), 2022","source":"Private Member","sourceURI":"https:\/\/data.oireachtas.ie\/ie\/oireachtas\/def\/bill-source\/private-member","sponsors":[{"sponsor":{"isPrimary":true,"as":{"showAs":null,"uri":null},"by":{"showAs":"Marie Sherlock","uri":"https:\/\/data.oireachtas.ie\/ie\/oireachtas\/member\/id\/Marie-Sherlock.S.2020-03-30"}}},{"sponsor":{"isPrimary":false,"as":{"showAs":null,"uri":null},"by":{"showAs":"Annie Hoey","uri":"https:\/\/data.oireachtas.ie\/ie\/oireachtas\/member\/id\/Annie-Hoey.S.2020-03-30"}}},{"sponsor":{"isPrimary":false,"as":{"showAs":null,"uri":null},"by":{"showAs":"Rebecca Moynihan","uri":"https:\/\/data.oireachtas.ie\/ie\/oireachtas\/member\/id\/Rebecca-Moynihan.S.2020-03-30"}}},{"sponsor":{"isPrimary":false,"as":{"showAs":null,"uri":null},"by":{"showAs":"Mark Wall","uri":"https:\/\/data.oireachtas.ie\/ie\/oireachtas\/member\/id\/Mark-Wall.S.2020-03-30"}}}],"stages":[{"event":{"chamber":{"chamberCode":"seanad","showAs":"Seanad \u00c9ireann","uri":"https:\/\/data.oireachtas.ie\/ie\/oireachtas\/def\/house\/seanad"},"dates":[{"date":"2021-04-09"},{"date":"2022-05-19"},{"date":"2022-05-19"}],"house":{"chamberCode":"seanad","chamberType":"house","houseCode":"seanad","houseNo":"26","showAs":"26th Seanad","uri":"https:\/\/data.oireachtas.ie\/ie\/oireachtas\/house\/seanad\/26"},"progressStage":1,"showAs":"First Stage","stageCompleted":true,"stageOutcome":null,"stageURI":"https:\/\/data.oireachtas.ie\/ie\/oireachtas\/def\/bill-stage\/1","uri":"https:\/\/data.oireachtas.ie\/ie\/oireachtas\/bill\/2022\/57\/stage\/seanad\/1"}},{"event":{"chamber":{"chamberCode":"seanad","showAs":"Seanad \u00c9ireann","uri":"https:\/\/data.oireachtas.ie\/ie\/oireachtas\/def\/house\/seanad"},"dates":[{"date":"2022-05-19"}],"house":{"chamberCode":"seanad","chamberType":"house","houseCode":"seanad","houseNo":"26","showAs":"26th Seanad","uri":"https:\/\/data.oireachtas.ie\/ie\/oireachtas\/house\/seanad\/26"},"progressStage":2,"showAs":"Second Stage","stageCompleted":true,"stageOutcome":null,"stageURI":"https:\/\/data.oireachtas.ie\/ie\/oireachtas\/def\/bill-stage\/2","uri":"https:\/\/data.oireachtas.ie\/ie\/oireachtas\/bill\/2022\/57\/stage\/seanad\/2"}}],"status":"Lapsed","statusURI":"https:\/\/data.oireachtas.ie\/ie\/oireachtas\/def\/bill-status\/lapsed","uri":"https:\/\/data.oireachtas.ie\/ie\/oireachtas\/bill\/2022\/57","versions":[{"version":{"lang":"eng","docType":"bill","showAs":"As Initiated","date":"2022-05-19","formats":{"pdf":{"uri":"https:\/\/data.oireachtas.ie\/ie\/oireachtas\/bill\/2022\/57\/eng\/initiated\/b5722s.pdf"},"xml":null},"uri":"https:\/\/data.oireachtas.ie\/ie\/oireachtas\/bill\/2022\/57\/eng\/initiated"}}]},"contextDate":"2022-05-19","billSort":{"actNoSort":null,"actShortTitleEnSort":null,"actShortTitleGaSort":null,"actYearSort":null,"billNoSort":57,"billShortTitleEnSort":"national-minimum-wage-payment-of-interns-bill-2022","billShortTitleGaSort":"an-bille-um-pa-iosta-naisiunta-inteirnigh-a-ioc-2022","billYearSort":2022}},{"bill":{"act":null,"amendmentLists":[],"billNo":"56","billType":"Public","billTypeURI":"https:\/\/data.oireachtas.ie\/ie\/oireachtas\/def\/bill-type\/public","billYear":"2022","debates":[{"chamber":{"showAs":"Seanad \u00c9ireann","uri":"https:\/\/data.oireachtas.ie\/ie\/oireachtas\/def\/house\/seanad"},"date":"2022-06-16","debateSectionId":"dbsect_16","showAs":"Planning and Development (Built Heritage Protection) Bill 2022: Second Stage","uri":"https:\/\/data.oireachtas.ie\/akn\/ie\/debateRecord\/seanad\/2022-06-16\/debate\/main"},{"chamber":{"showAs":"Seanad \u00c9ireann","uri":"https:\/\/data.oireachtas.ie\/ie\/oireachtas\/def\/house\/seanad"},"date":"2022-05-18","debateSectionId":"dbsect_9","showAs":"Planning and Development (Built Heritage Protection) Bill 2022: First Stage","uri":"https:\/\/data.oireachtas.ie\/akn\/ie\/debateRecord\/seanad\/2022-05-18\/debate\/main"}],"events":[{"event":{"chamber":{"chamberCode":"seanad","showAs":"Seanad \u00c9ireann","uri":"https:\/\/data.oireachtas.ie\/ie\/oireachtas\/def\/house\/seanad"},"dates":[{"date":"2022-03-22"},{"date":"2022-04-21"},{"date":"2022-05-18"}],"eventURI":"https:\/\/data.oireachtas.ie\/ie\/oireachtas\/def\/bill-event\/admissibility-for-introduction","showAs":"Admissibility for Introduction","uri":"https:\/\/data.oireachtas.ie\/ie\/oireachtas\/bill\/2022\/56\/admissibility-for-introduction"}},{"event":{"chamber":{"chamberCode":"seanad","showAs":"Seanad \u00c9ireann","uri":"https:\/\/data.oireachtas.ie\/ie\/oireachtas\/def\/house\/seanad"},"dates":[{"date":"2025-01-29"}],"eventURI":"https:\/\/data.oireachtas.ie\/ie\/oireachtas\/def\/bill-event\/bill-lapsed","showAs":"Bill Lapsed","uri":"https:\/\/data.oireachtas.ie\/ie\/oireachtas\/bill\/2022\/56\/bill-lapsed"}}],"lastUpdated":"2025-01-30T11:17:37.160000+00:00","longTitleEn":"Bill entitled an Act to amend and extend the Planning and Development Acts 2000 to 2021 to improve the level of protection afforded to Ireland\u2019s built heritage, to prescribe the role of architectural conservation officers, to strengthen the protection afforded by architectural conservation area designation, to increase the enforcement mechanisms and penalties for breaches of planning legislation resulting in damage to built heritage and to provide for related matters.","longTitleGa":"Bille d\u00e1 ngairtear Acht do leas\u00fa agus do leathn\u00fa na nAchtanna um Plean\u00e1il agus Forbairt, 2000 go 2021 chun an leibh\u00e9al cosanta a thugtar d\u2019oidhreacht th\u00f3gtha na h\u00c9ireann a fheabhs\u00fa, d\u2019fhorord\u00fa r\u00f3l oifigeach caomhantais ailtireachta, do neart\u00fa na cosanta a thugtar le sainainmni\u00fa  mar limist\u00e9ar caomhantais ailtireachta, do mh\u00e9ad\u00fa na s\u00e1sra\u00ed forfheidhmi\u00fach\u00e1in agus na bpion\u00f3s i leith s\u00e1ruithe ar an reachta\u00edocht phlean\u00e1la a mbeidh dam\u00e1iste d\u2019oidhreacht th\u00f3gtha de thoradh orthu agus do dh\u00e9anamh socr\u00fa i dtaobh nithe gaolmhara.","method":"Introduced","methodURI":"https:\/\/data.oireachtas.ie\/ie\/oireachtas\/def\/bill-method\/introduced","mostRecentStage":{"event":{"chamber":{"chamberCode":"seanad","showAs":"Seanad \u00c9ireann","uri":"https:\/\/data.oireachtas.ie\/ie\/oireachtas\/def\/house\/seanad"},"dates":[{"date":"2022-05-18"}],"house":{"chamberCode":"seanad","chamberType":"house","houseCode":"seanad","houseNo":"26","showAs":"26th Seanad","uri":"https:\/\/data.oireachtas.ie\/ie\/oireachtas\/house\/seanad\/26"},"progressStage":2,"showAs":"Second Stage","stageCompleted":true,"stageOutcome":null,"stageURI":"https:\/\/data.oireachtas.ie\/ie\/oireachtas\/def\/bill-stage\/2","uri":"https:\/\/data.oireachtas.ie\/ie\/oireachtas\/bill\/2022\/56\/stage\/seanad\/2"}},"originHouse":{"showAs":"Seanad \u00c9ireann","uri":"https:\/\/data.oireachtas.ie\/ie\/oireachtas\/def\/house\/seanad"},"originHouseURI":"https:\/\/data.oireachtas.ie\/ie\/oireachtas\/def\/house\/seanad","relatedDocs":[{"relatedDoc":{"date":"2022-05-18","docType":"memo","formats":{"pdf":{"uri":"https:\/\/data.oireachtas.ie\/ie\/oireachtas\/bill\/2022\/56\/eng\/memo\/b5622s-memo.pdf"},"xml":null},"lang":"eng","showAs":"Explanatory Memorandum","uri":"https:\/\/data.oireachtas.ie\/ie\/oireachtas\/bill\/2022\/56\/eng\/memo"}}],"shortTitleEn":"Planning and Development (Built Heritage Protection) Bill 2022","shortTitleGa":"An Bille um Plean\u00e1il agus Forbairt (Cosaint Oidhreachta T\u00f3gtha), 2022","source":"Private Member","sourceURI":"https:\/\/data.oireachtas.ie\/ie\/oireachtas\/def\/bill-source\/private-member","sponsors":[{"sponsor":{"isPrimary":false,"as":{"showAs":null,"uri":null},"by":{"showAs":"Victor Boyhan","uri":"https:\/\/data.oireachtas.ie\/ie\/oireachtas\/member\/id\/Victor-Boyhan.S.2016-04-25"}}},{"sponsor":{"isPrimary":false,"as":{"showAs":null,"uri":null},"by":{"showAs":"Gerard P. Craughwell","uri":"https:\/\/data.oireachtas.ie\/ie\/oireachtas\/member\/id\/Gerard-P-Craughwell.S.2014-10-10"}}},{"sponsor":{"isPrimary":false,"as":{"showAs":null,"uri":null},"by":{"showAs":"Sharon Keogan","uri":"https:\/\/data.oireachtas.ie\/ie\/oireachtas\/member\/id\/Sharon-Keogan.S.2020-03-30"}}},{"sponsor":{"isPrimary":false,"as":{"showAs":null,"uri":null},"by":{"showAs":"R\u00f3n\u00e1n Mullen","uri":"https:\/\/data.oireachtas.ie\/ie\/oireachtas\/member\/id\/R\u00f3n\u00e1n-Mullen.S.2007-07-23"}}},{"sponsor":{"isPrimary":false,"as":{"showAs":null,"uri":null},"by":{"showAs":"Tom Clonan","uri":"https:\/\/data.oireachtas.ie\/ie\/oireachtas\/member\/id\/Tom-Clonan.S.2022-04-04"}}},{"sponsor":{"isPrimary":true,"as":{"showAs":null,"uri":null},"by":{"showAs":"David P.B. Norris","uri":"https:\/\/data.oireachtas.ie\/ie\/oireachtas\/member\/id\/David-PB-Norris.S.1987-04-25"}}},{"sponsor":{"isPrimary":false,"as":{"showAs":null,"uri":null},"by":{"showAs":"Michael McDowell","uri":"https:\/\/data.oireachtas.ie\/ie\/oireachtas\/member\/id\/Michael-McDowell.D.1987-03-10"}}}],"stages":[{"event":{"chamber":{"chamberCode":"seanad","showAs":"Seanad \u00c9ireann","uri":"https:\/\/data.oireachtas.ie\/ie\/oireachtas\/def\/house\/seanad"},"dates":[{"date":"2022-03-22"},{"date":"2022-04-21"},{"date":"2022-05-18"},{"date":"2022-05-18"}],"house":{"chamberCode":"seanad","chamberType":"house","houseCode":"seanad","houseNo":"26","showAs":"26th Seanad","uri":"https:\/\/data.oireachtas.ie\/ie\/oireachtas\/house\/seanad\/26"},"progressStage":1,"showAs":"First Stage","stageCompleted":true,"stageOutcome":null,"stageURI":"https:\/\/data.oireachtas.ie\/ie\/oireachtas\/def\/bill-stage\/1","uri":"https:\/\/data.oireachtas.ie\/ie\/oireachtas\/bill\/2022\/56\/stage\/seanad\/1"}},{"event":{"chamber":{"chamberCode":"seanad","showAs":"Seanad \u00c9ireann","uri":"https:\/\/data.oireachtas.ie\/ie\/oireachtas\/def\/house\/seanad"},"dates":[{"date":"2022-05-18"}],"house":{"chamberCode":"seanad","chamberType":"house","houseCode":"seanad","houseNo":"26","showAs":"26th Seanad","uri":"https:\/\/data.oireachtas.ie\/ie\/oireachtas\/house\/seanad\/26"},"progressStage":2,"showAs":"Second Stage","stageCompleted":true,"stageOutcome":null,"stageURI":"https:\/\/data.oireachtas.ie\/ie\/oireachtas\/def\/bill-stage\/2","uri":"https:\/\/data.oireachtas.ie\/ie\/oireachtas\/bill\/2022\/56\/stage\/seanad\/2"}}],"status":"Lapsed","statusURI":"https:\/\/data.oireachtas.ie\/ie\/oireachtas\/def\/bill-status\/lapsed","uri":"https:\/\/data.oireachtas.ie\/ie\/oireachtas\/bill\/2022\/56","versions":[{"version":{"lang":"eng","docType":"bill","showAs":"As Initiated","date":"2022-05-18","formats":{"pdf":{"uri":"https:\/\/data.oireachtas.ie\/ie\/oireachtas\/bill\/2022\/56\/eng\/initiated\/b5622s.pdf"},"xml":null},"uri":"https:\/\/data.oireachtas.ie\/ie\/oireachtas\/bill\/2022\/56\/eng\/initiated"}}]},"contextDate":"2022-05-18","billSort":{"actNoSort":null,"actShortTitleEnSort":null,"actShortTitleGaSort":null,"actYearSort":null,"billNoSort":56,"billShortTitleEnSort":"planning-and-development-built-heritage-protection-bill-2022","billShortTitleGaSort":"an-bille-um-pleanail-agus-forbairt-cosaint-oidhreachta-togtha-2022","billYearSort":2022}},{"bill":{"act":null,"amendmentLists":[{"amendmentList":{"amendmentTypeUri":{"uri":"https:\/\/data.oireachtas.ie\/ie\/oireachtas\/def\/amendment-type\/numberedList"},"chamber":{"showAs":"Seanad","uri":"https:\/\/data.oireachtas.ie\/ie\/oireachtas\/def\/seanad"},"date":"2023-10-05","formats":{"pdf":{"uri":"https:\/\/data.oireachtas.ie\/ie\/oireachtas\/bill\/2022\/54\/seanad\/3\/amendment\/numberedList\/eng\/b5422s-scnl.pdf"},"xml":null},"showAs":"Numbered List [Seanad]","stage":{"showAs":"Committee Stage","uri":"https:\/\/data.oireachtas.ie\/ie\/oireachtas\/bill\/2022\/54\/seanad\/3"},"stageNo":"3"}}],"billNo":"54","billType":"Public","billTypeURI":"https:\/\/data.oireachtas.ie\/ie\/oireachtas\/def\/bill-type\/public","billYear":"2022","debates":[{"chamber":{"showAs":"Seanad \u00c9ireann","uri":"https:\/\/data.oireachtas.ie\/ie\/oireachtas\/def\/house\/seanad"},"date":"2023-10-05","debateSectionId":"dbsect_11","showAs":"Animal Health and Welfare (Dogs) Bill 2022: Committee Stage","uri":"https:\/\/data.oireachtas.ie\/akn\/ie\/debateRecord\/seanad\/2023-10-05\/debate\/main"},{"chamber":{"showAs":"Seanad \u00c9ireann","uri":"https:\/\/data.oireachtas.ie\/ie\/oireachtas\/def\/house\/seanad"},"date":"2022-12-14","debateSectionId":"dbsect_21","showAs":"Animal Health and Welfare (Dogs) Bill 2022: Second Stage","uri":"https:\/\/data.oireachtas.ie\/akn\/ie\/debateRecord\/seanad\/2022-12-14\/debate\/main"},{"chamber":{"showAs":"Seanad \u00c9ireann","uri":"https:\/\/data.oireachtas.ie\/ie\/oireachtas\/def\/house\/seanad"},"date":"2022-05-12","debateSectionId":"dbsect_9","showAs":"Animal Health and Welfare (Dogs) Bill 2022: First Stage","uri":"https:\/\/data.oireachtas.ie\/akn\/ie\/debateRecord\/seanad\/2022-05-12\/debate\/main"}],"events":[{"event":{"chamber":{"chamberCode":"seanad","showAs":"Seanad \u00c9ireann","uri":"https:\/\/data.oireachtas.ie\/ie\/oireachtas\/def\/house\/seanad"},"dates":[{"date":"2022-05-03"},{"date":"2022-05-12"},{"date":"2025-03-20"}],"eventURI":"https:\/\/data.oireachtas.ie\/ie\/oireachtas\/def\/bill-event\/admissibility-for-introduction","showAs":"Admissibility for Introduction","uri":"https:\/\/data.oireachtas.ie\/ie\/oireachtas\/bill\/2022\/54\/admissibility-for-introduction"}},{"event":{"chamber":{"chamberCode":"seanad","showAs":"Seanad \u00c9ireann","uri":"https:\/\/data.oireachtas.ie\/ie\/oireachtas\/def\/house\/seanad"},"dates":[{"date":"2025-01-29"}],"eventURI":"https:\/\/data.oireachtas.ie\/ie\/oireachtas\/def\/bill-event\/bill-lapsed","showAs":"Bill Lapsed","uri":"https:\/\/data.oireachtas.ie\/ie\/oireachtas\/bill\/2022\/54\/bill-lapsed"}}],"lastUpdated":"2025-03-21T14:47:02.840000+00:00","longTitleEn":"Bill entitled an Act to facilitate the rehoming of seized dogs in certain circumstances and to amend the licensing of dogs and for those purposes to amend the Animal Health and Welfare Act 2013 and Control of Dogs Act 1986 and to provide for related matters. ","longTitleGa":"Bille d\u00e1 ngairtear Acht chun athshocr\u00fa madra\u00ed urghafa a \u00e9asc\u00fa in imthosca \u00e1irithe agus do dh\u00e9anamh leas\u00fa ar chead\u00fan\u00fa madra\u00ed agus, chun na gcr\u00edoch sin, do leas\u00fa an Achta um Shl\u00e1inte agus Leas Ainmhithe, 2013 agus an Achta um Rial\u00fa Madra\u00ed, 1986 agus do dh\u00e9anamh socr\u00fa i dtaobh nithe gaolmhara.","method":"Introduced","methodURI":"https:\/\/data.oireachtas.ie\/ie\/oireachtas\/def\/bill-method\/introduced","mostRecentStage":{"event":{"chamber":{"chamberCode":"seanad","showAs":"Seanad \u00c9ireann","uri":"https:\/\/data.oireachtas.ie\/ie\/oireachtas\/def\/house\/seanad"},"dates":[{"date":"2022-12-14"},{"date":"2022-12-14"},{"date":"2022-12-14"}],"house":{"chamberCode":"seanad","chamberType":"house","houseCode":"seanad","houseNo":"26","showAs":"26th Seanad","uri":"https:\/\/data.oireachtas.ie\/ie\/oireachtas\/house\/seanad\/26"},"progressStage":3,"showAs":"Committee Stage","stageCompleted":false,"stageOutcome":"Current","stageURI":"https:\/\/data.oireachtas.ie\/ie\/oireachtas\/def\/bill-stage\/3","uri":"https:\/\/data.oireachtas.ie\/ie\/oireachtas\/bill\/2022\/54\/stage\/seanad\/3"}},"originHouse":{"showAs":"Seanad \u00c9ireann","uri":"https:\/\/data.oireachtas.ie\/ie\/oireachtas\/def\/house\/seanad"},"originHouseURI":"https:\/\/data.oireachtas.ie\/ie\/oireachtas\/def\/house\/seanad","relatedDocs":[{"relatedDoc":{"date":"2022-05-12","docType":"memo","formats":{"pdf":{"uri":"https:\/\/data.oireachtas.ie\/ie\/oireachtas\/bill\/2022\/54\/eng\/memo\/b5422s-memo.pdf"},"xml":null},"lang":"eng","showAs":"Explanatory Memorandum","uri":"https:\/\/data.oireachtas.ie\/ie\/oireachtas\/bill\/2022\/54\/eng\/memo"}}],"shortTitleEn":"Animal Health and Welfare (Dogs) Bill 2022","shortTitleGa":"An Bille um Shl\u00e1inte agus Leas Ainmhithe (Madra\u00ed), 2022","source":"Private Member","sourceURI":"https:\/\/data.oireachtas.ie\/ie\/oireachtas\/def\/bill-source\/private-member","sponsors":[{"sponsor":{"isPrimary":true,"as":{"showAs":null,"uri":null},"by":{"showAs":"Lynn Boylan","uri":"https:\/\/data.oireachtas.ie\/ie\/oireachtas\/member\/id\/Lynn-Boylan.S.2020-03-30"}}},{"sponsor":{"isPrimary":false,"as":{"showAs":null,"uri":null},"by":{"showAs":"Paul Gavan","uri":"https:\/\/data.oireachtas.ie\/ie\/oireachtas\/member\/id\/Paul-Gavan.S.2016-04-25"}}},{"sponsor":{"isPrimary":false,"as":{"showAs":null,"uri":null},"by":{"showAs":"Niall \u00d3 Donnghaile","uri":"https:\/\/data.oireachtas.ie\/ie\/oireachtas\/member\/id\/Niall-\u00d3-Donnghaile.S.2016-04-25"}}},{"sponsor":{"isPrimary":false,"as":{"showAs":null,"uri":null},"by":{"showAs":"Fintan Warfield","uri":"https:\/\/data.oireachtas.ie\/ie\/oireachtas\/member\/id\/Fintan-Warfield.S.2016-04-25"}}}],"stages":[{"event":{"chamber":{"chamberCode":"seanad","showAs":"Seanad \u00c9ireann","uri":"https:\/\/data.oireachtas.ie\/ie\/oireachtas\/def\/house\/seanad"},"dates":[{"date":"2022-05-03"},{"date":"2022-05-12"},{"date":"2022-05-12"}],"house":{"chamberCode":"seanad","chamberType":"house","houseCode":"seanad","houseNo":"26","showAs":"26th Seanad","uri":"https:\/\/data.oireachtas.ie\/ie\/oireachtas\/house\/seanad\/26"},"progressStage":1,"showAs":"First Stage","stageCompleted":true,"stageOutcome":null,"stageURI":"https:\/\/data.oireachtas.ie\/ie\/oireachtas\/def\/bill-stage\/1","uri":"https:\/\/data.oireachtas.ie\/ie\/oireachtas\/bill\/2022\/54\/stage\/seanad\/1"}},{"event":{"chamber":{"chamberCode":"seanad","showAs":"Seanad \u00c9ireann","uri":"https:\/\/data.oireachtas.ie\/ie\/oireachtas\/def\/house\/seanad"},"dates":[{"date":"2022-05-12"}],"house":{"chamberCode":"seanad","chamberType":"house","houseCode":"seanad","houseNo":"26","showAs":"26th Seanad","uri":"https:\/\/data.oireachtas.ie\/ie\/oireachtas\/house\/seanad\/26"},"progressStage":2,"showAs":"Second Stage","stageCompleted":true,"stageOutcome":null,"stageURI":"https:\/\/data.oireachtas.ie\/ie\/oireachtas\/def\/bill-stage\/2","uri":"https:\/\/data.oireachtas.ie\/ie\/oireachtas\/bill\/2022\/54\/stage\/seanad\/2"}},{"event":{"chamber":{"chamberCode":"seanad","showAs":"Seanad \u00c9ireann","uri":"https:\/\/data.oireachtas.ie\/ie\/oireachtas\/def\/house\/seanad"},"dates":[{"date":"2022-12-14"},{"date":"2022-12-14"},{"date":"2022-12-14"}],"house":{"chamberCode":"seanad","chamberType":"house","houseCode":"seanad","houseNo":"26","showAs":"26th Seanad","uri":"https:\/\/data.oireachtas.ie\/ie\/oireachtas\/house\/seanad\/26"},"progressStage":3,"showAs":"Committee Stage","stageCompleted":false,"stageOutcome":"Current","stageURI":"https:\/\/data.oireachtas.ie\/ie\/oireachtas\/def\/bill-stage\/3","uri":"https:\/\/data.oireachtas.ie\/ie\/oireachtas\/bill\/2022\/54\/stage\/seanad\/3"}}],"status":"Current","statusURI":"https:\/\/data.oireachtas.ie\/ie\/oireachtas\/def\/bill-status\/published","uri":"https:\/\/data.oireachtas.ie\/ie\/oireachtas\/bill\/2022\/54","versions":[{"version":{"lang":"eng","docType":"bill","showAs":"As Initiated","date":"2022-05-12","formats":{"pdf":{"uri":"https:\/\/data.oireachtas.ie\/ie\/oireachtas\/bill\/2022\/54\/eng\/initiated\/b5422s.pdf"},"xml":null},"uri":"https:\/\/data.oireachtas.ie\/ie\/oireachtas\/bill\/2022\/54\/eng\/initiated"}}]},"contextDate":"2022-12-14","billSort":{"actNoSort":null,"actShortTitleEnSort":null,"actShortTitleGaSort":null,"actYearSort":null,"billNoSort":54,"billShortTitleEnSort":"animal-health-and-welfare-dogs-bill-2022","billShortTitleGaSort":"an-bille-um-shlainte-agus-leas-ainmhithe-madrai-2022","billYearSort":2022}},{"bill":{"act":null,"amendmentLists":[],"billNo":"53","billType":"Public","billTypeURI":"https:\/\/data.oireachtas.ie\/ie\/oireachtas\/def\/bill-type\/public","billYear":"2022","debates":[{"chamber":{"showAs":"Seanad \u00c9ireann","uri":"https:\/\/data.oireachtas.ie\/ie\/oireachtas\/def\/house\/seanad"},"date":"2022-05-17","debateSectionId":"dbsect_11","showAs":"Regulation of Display of Electoral and Polling Posters and Other Advertisements Bill 2022: Second Stage","uri":"https:\/\/data.oireachtas.ie\/akn\/ie\/debateRecord\/seanad\/2022-05-17\/debate\/main"},{"chamber":{"showAs":"Seanad \u00c9ireann","uri":"https:\/\/data.oireachtas.ie\/ie\/oireachtas\/def\/house\/seanad"},"date":"2022-05-11","debateSectionId":"dbsect_9","showAs":"Regulation of Display of Electoral and Polling Posters and Other Advertisements Bill 2022: First Stage","uri":"https:\/\/data.oireachtas.ie\/akn\/ie\/debateRecord\/seanad\/2022-05-11\/debate\/main"}],"events":[{"event":{"chamber":{"chamberCode":"seanad","showAs":"Seanad \u00c9ireann","uri":"https:\/\/data.oireachtas.ie\/ie\/oireachtas\/def\/house\/seanad"},"dates":[{"date":"2022-05-04"},{"date":"2022-05-11"}],"eventURI":"https:\/\/data.oireachtas.ie\/ie\/oireachtas\/def\/bill-event\/admissibility-for-introduction","showAs":"Admissibility for Introduction","uri":"https:\/\/data.oireachtas.ie\/ie\/oireachtas\/bill\/2022\/53\/admissibility-for-introduction"}},{"event":{"chamber":{"chamberCode":"seanad","showAs":"Seanad \u00c9ireann","uri":"https:\/\/data.oireachtas.ie\/ie\/oireachtas\/def\/house\/seanad"},"dates":[{"date":"2025-01-29"}],"eventURI":"https:\/\/data.oireachtas.ie\/ie\/oireachtas\/def\/bill-event\/bill-lapsed","showAs":"Bill Lapsed","uri":"https:\/\/data.oireachtas.ie\/ie\/oireachtas\/bill\/2022\/53\/bill-lapsed"}}],"lastUpdated":"2025-02-28T13:41:14.370000+00:00","longTitleEn":"Bill entitled an Act to amend the law relating to the display of posters and other advertisements for elections or polls relating to the Presidential Election Acts 1992 to 2006, the Electoral Acts 1992 to 2019, the Local Government Acts 1925 to 2019, the European Parliament Elections Acts 1992 to 2019 and the Referendum Acts 1992 to 2013; and to provide for related matters.","longTitleGa":"Bille d\u00e1 ngairtear Acht do leas\u00fa an dl\u00ed a bhaineann le p\u00f3staeir agus f\u00f3gr\u00e1in eile a chur ar taispe\u00e1int, ar p\u00f3staeir n\u00f3 f\u00f3gr\u00e1in iad a bhaineann le toghch\u00e1in n\u00f3 v\u00f3ta\u00edochta\u00ed i nd\u00e1il le hAchtanna Toghch\u00e1n an Uachtar\u00e1in, 1992 go 2006, leis na hAchtanna Toghch\u00e1in, 1992 go 2019, leis na hAchtanna Rialtais \u00c1iti\u00fail, 1925 go 2019, leis na hAchtanna um Thoghch\u00e1in do Pharlaimint na hEorpa, 1992 go 2019 agus le hAchtanna an Reifrinn, 1992 go 2013; agus do dh\u00e9anamh socr\u00fa i dtaobh nithe gaolmhara.","method":"Introduced","methodURI":"https:\/\/data.oireachtas.ie\/ie\/oireachtas\/def\/bill-method\/introduced","mostRecentStage":{"event":{"chamber":{"chamberCode":"seanad","showAs":"Seanad \u00c9ireann","uri":"https:\/\/data.oireachtas.ie\/ie\/oireachtas\/def\/house\/seanad"},"dates":[{"date":"2022-05-11"},{"date":"2022-05-11"}],"house":{"chamberCode":"seanad","chamberType":"house","houseCode":"seanad","houseNo":"26","showAs":"26th Seanad","uri":"https:\/\/data.oireachtas.ie\/ie\/oireachtas\/house\/seanad\/26"},"progressStage":2,"showAs":"Second Stage","stageCompleted":true,"stageOutcome":null,"stageURI":"https:\/\/data.oireachtas.ie\/ie\/oireachtas\/def\/bill-stage\/2","uri":"https:\/\/data.oireachtas.ie\/ie\/oireachtas\/bill\/2022\/53\/stage\/seanad\/2"}},"originHouse":{"showAs":"Seanad \u00c9ireann","uri":"https:\/\/data.oireachtas.ie\/ie\/oireachtas\/def\/house\/seanad"},"originHouseURI":"https:\/\/data.oireachtas.ie\/ie\/oireachtas\/def\/house\/seanad","relatedDocs":[],"shortTitleEn":"Regulation of Display of Electoral and Polling Posters and Other Advertisements Bill 2022","shortTitleGa":"An Bille um Chur ar Taispe\u00e1int P\u00f3staer Toghch\u00e1in agus V\u00f3ta\u00edochta agus F\u00f3gr\u00e1n Eile a Rial\u00e1il, 2022","source":"Private Member","sourceURI":"https:\/\/data.oireachtas.ie\/ie\/oireachtas\/def\/bill-source\/private-member","sponsors":[{"sponsor":{"isPrimary":true,"as":{"showAs":null,"uri":null},"by":{"showAs":"Pauline O'Reilly","uri":"https:\/\/data.oireachtas.ie\/ie\/oireachtas\/member\/id\/Pauline-O'Reilly.S.2020-03-30"}}},{"sponsor":{"isPrimary":false,"as":{"showAs":null,"uri":null},"by":{"showAs":"R\u00f3is\u00edn Garvey","uri":"https:\/\/data.oireachtas.ie\/ie\/oireachtas\/member\/id\/R\u00f3is\u00edn-Garvey.S.2020-06-29"}}},{"sponsor":{"isPrimary":false,"as":{"showAs":null,"uri":null},"by":{"showAs":"Vincent P. Martin","uri":"https:\/\/data.oireachtas.ie\/ie\/oireachtas\/member\/id\/Vincent-P-Martin.S.2020-06-29"}}}],"stages":[{"event":{"chamber":{"chamberCode":"seanad","showAs":"Seanad \u00c9ireann","uri":"https:\/\/data.oireachtas.ie\/ie\/oireachtas\/def\/house\/seanad"},"dates":[{"date":"2022-05-04"},{"date":"2022-05-11"},{"date":"2022-05-11"}],"house":{"chamberCode":"seanad","chamberType":"house","houseCode":"seanad","houseNo":"26","showAs":"26th Seanad","uri":"https:\/\/data.oireachtas.ie\/ie\/oireachtas\/house\/seanad\/26"},"progressStage":1,"showAs":"First Stage","stageCompleted":true,"stageOutcome":null,"stageURI":"https:\/\/data.oireachtas.ie\/ie\/oireachtas\/def\/bill-stage\/1","uri":"https:\/\/data.oireachtas.ie\/ie\/oireachtas\/bill\/2022\/53\/stage\/seanad\/1"}},{"event":{"chamber":{"chamberCode":"seanad","showAs":"Seanad \u00c9ireann","uri":"https:\/\/data.oireachtas.ie\/ie\/oireachtas\/def\/house\/seanad"},"dates":[{"date":"2022-05-11"},{"date":"2022-05-11"}],"house":{"chamberCode":"seanad","chamberType":"house","houseCode":"seanad","houseNo":"26","showAs":"26th Seanad","uri":"https:\/\/data.oireachtas.ie\/ie\/oireachtas\/house\/seanad\/26"},"progressStage":2,"showAs":"Second Stage","stageCompleted":true,"stageOutcome":null,"stageURI":"https:\/\/data.oireachtas.ie\/ie\/oireachtas\/def\/bill-stage\/2","uri":"https:\/\/data.oireachtas.ie\/ie\/oireachtas\/bill\/2022\/53\/stage\/seanad\/2"}}],"status":"Lapsed","statusURI":"https:\/\/data.oireachtas.ie\/ie\/oireachtas\/def\/bill-status\/lapsed","uri":"https:\/\/data.oireachtas.ie\/ie\/oireachtas\/bill\/2022\/53","versions":[{"version":{"lang":"eng","docType":"bill","showAs":"As Initiated","date":"2022-05-11","formats":{"pdf":{"uri":"https:\/\/data.oireachtas.ie\/ie\/oireachtas\/bill\/2022\/53\/eng\/initiated\/b5322s.pdf"},"xml":null},"uri":"https:\/\/data.oireachtas.ie\/ie\/oireachtas\/bill\/2022\/53\/eng\/initiated"}}]},"contextDate":"2022-05-11","billSort":{"actNoSort":null,"actShortTitleEnSort":null,"actShortTitleGaSort":null,"actYearSort":null,"billNoSort":53,"billShortTitleEnSort":"regulation-of-display-of-electoral-and-polling-posters-and-other-advertisements-bill-2022","billShortTitleGaSort":"an-bille-um-chur-ar-taispeaint-postaer-toghchain-agus-votaiochta-agus-fogran-eile-a-rialail-2022","billYearSort":2022}},{"bill":{"act":null,"amendmentLists":[],"billNo":"51","billType":"Public","billTypeURI":"https:\/\/data.oireachtas.ie\/ie\/oireachtas\/def\/bill-type\/public","billYear":"2022","debates":[{"chamber":{"showAs":"D\u00e1il \u00c9ireann","uri":"https:\/\/data.oireachtas.ie\/ie\/oireachtas\/def\/house\/dail"},"date":"2022-05-11","debateSectionId":"dbsect_8","showAs":"Living Wage Bill 2022: Second Stage [Private Members]","uri":"https:\/\/data.oireachtas.ie\/akn\/ie\/debateRecord\/dail\/2022-05-11\/debate\/main"},{"chamber":{"showAs":"D\u00e1il \u00c9ireann","uri":"https:\/\/data.oireachtas.ie\/ie\/oireachtas\/def\/house\/dail"},"date":"2022-05-05","debateSectionId":"dbsect_30","showAs":"Living Wage Bill 2022: First Stage","uri":"https:\/\/data.oireachtas.ie\/akn\/ie\/debateRecord\/dail\/2022-05-05\/debate\/main"}],"events":[{"event":{"chamber":{"chamberCode":"dail","showAs":"D\u00e1il \u00c9ireann","uri":"https:\/\/data.oireachtas.ie\/ie\/oireachtas\/def\/house\/dail"},"dates":[{"date":"2022-05-03"},{"date":"2022-05-03"},{"date":"2022-05-05"},{"date":"2025-05-01"}],"eventURI":"https:\/\/data.oireachtas.ie\/ie\/oireachtas\/def\/bill-event\/approved-for-initiation","showAs":"Approved for Initiation","uri":"https:\/\/data.oireachtas.ie\/ie\/oireachtas\/bill\/2022\/51\/approved-for-initiation"}},{"event":{"chamber":{"chamberCode":"dail","showAs":"D\u00e1il \u00c9ireann","uri":"https:\/\/data.oireachtas.ie\/ie\/oireachtas\/def\/house\/dail"},"dates":[{"date":"2024-11-08"}],"eventURI":"https:\/\/data.oireachtas.ie\/ie\/oireachtas\/def\/bill-event\/bill-lapsed","showAs":"Bill Lapsed","uri":"https:\/\/data.oireachtas.ie\/ie\/oireachtas\/bill\/2022\/51\/bill-lapsed"}}],"lastUpdated":"2025-05-02T11:41:03.070000+00:00","longTitleEn":"Bill entitled an Act to amend the law relating to the determination, declaration and review of a national minimum hourly rate of pay for employees so as to arrive at and thereafter preserve an hourly rate that represents a living income; and to provide for related matters.","longTitleGa":"Bille d\u00e1 ngairtear Acht do leas\u00fa an dl\u00ed a bhaineann le r\u00e1ta p\u00e1 \u00edosta n\u00e1isi\u00fanta san uair an chloig d\u2019fhostaithe a chinneadh, a dhearbh\u00fa agus a athbhreithni\u00fa chun teacht ar r\u00e1ta san uair an chloig at\u00e1 in ionannas le hioncam maireacht\u00e1la agus an r\u00e1ta sin a chaomhn\u00fa ina dhiaidh sin; agus do dh\u00e9anamh socr\u00fa i dtaobh nithe gaolmhara.","method":"Introduced","methodURI":"https:\/\/data.oireachtas.ie\/ie\/oireachtas\/def\/bill-method\/introduced","mostRecentStage":{"event":{"chamber":{"chamberCode":"dail","showAs":"D\u00e1il \u00c9ireann","uri":"https:\/\/data.oireachtas.ie\/ie\/oireachtas\/def\/house\/dail"},"dates":[{"date":"2024-11-08"},{"date":"2025-05-01"}],"house":{"chamberCode":"dail","chamberType":"house","houseCode":"dail","houseNo":"33","showAs":"33rd D\u00e1il","uri":"https:\/\/data.oireachtas.ie\/ie\/oireachtas\/house\/dail\/33"},"progressStage":3,"showAs":"Committee Stage","stageCompleted":false,"stageOutcome":"Current","stageURI":"https:\/\/data.oireachtas.ie\/ie\/oireachtas\/def\/bill-stage\/3","uri":"https:\/\/data.oireachtas.ie\/ie\/oireachtas\/bill\/2022\/51\/stage\/dail\/3"}},"originHouse":{"showAs":"D\u00e1il \u00c9ireann","uri":"https:\/\/data.oireachtas.ie\/ie\/oireachtas\/def\/house\/dail"},"originHouseURI":"https:\/\/data.oireachtas.ie\/ie\/oireachtas\/def\/house\/dail","relatedDocs":[{"relatedDoc":{"date":"2022-05-05","docType":"memo","formats":{"pdf":{"uri":"https:\/\/data.oireachtas.ie\/ie\/oireachtas\/bill\/2022\/51\/eng\/memo\/b5122d-memo.pdf"},"xml":null},"lang":"eng","showAs":"Explanatory Memorandum","uri":"https:\/\/data.oireachtas.ie\/ie\/oireachtas\/bill\/2022\/51\/eng\/memo"}}],"shortTitleEn":"Living Wage Bill 2022","shortTitleGa":"An Bille um P\u00e1 Maireacht\u00e1la, 2022","source":"Private Member","sourceURI":"https:\/\/data.oireachtas.ie\/ie\/oireachtas\/def\/bill-source\/private-member","sponsors":[{"sponsor":{"as":{"showAs":null,"uri":null},"by":{"showAs":"Ivana Bacik","uri":"https:\/\/data.oireachtas.ie\/ie\/oireachtas\/member\/id\/Ivana-Bacik.S.2007-07-23"},"isPrimary":true}}],"stages":[{"event":{"chamber":{"chamberCode":"dail","showAs":"D\u00e1il \u00c9ireann","uri":"https:\/\/data.oireachtas.ie\/ie\/oireachtas\/def\/house\/dail"},"dates":[{"date":"2022-05-03"},{"date":"2022-05-03"},{"date":"2022-05-05"},{"date":"2022-05-05"}],"house":{"chamberCode":"dail","chamberType":"house","houseCode":"dail","houseNo":"33","showAs":"33rd D\u00e1il","uri":"https:\/\/data.oireachtas.ie\/ie\/oireachtas\/house\/dail\/33"},"progressStage":1,"showAs":"First Stage","stageCompleted":true,"stageOutcome":null,"stageURI":"https:\/\/data.oireachtas.ie\/ie\/oireachtas\/def\/bill-stage\/1","uri":"https:\/\/data.oireachtas.ie\/ie\/oireachtas\/bill\/2022\/51\/stage\/dail\/1"}},{"event":{"chamber":{"chamberCode":"dail","showAs":"D\u00e1il \u00c9ireann","uri":"https:\/\/data.oireachtas.ie\/ie\/oireachtas\/def\/house\/dail"},"dates":[{"date":"2022-05-05"}],"house":{"chamberCode":"dail","chamberType":"house","houseCode":"dail","houseNo":"33","showAs":"33rd D\u00e1il","uri":"https:\/\/data.oireachtas.ie\/ie\/oireachtas\/house\/dail\/33"},"progressStage":2,"showAs":"Second Stage","stageCompleted":true,"stageOutcome":null,"stageURI":"https:\/\/data.oireachtas.ie\/ie\/oireachtas\/def\/bill-stage\/2","uri":"https:\/\/data.oireachtas.ie\/ie\/oireachtas\/bill\/2022\/51\/stage\/dail\/2"}},{"event":{"chamber":{"chamberCode":"dail","showAs":"D\u00e1il \u00c9ireann","uri":"https:\/\/data.oireachtas.ie\/ie\/oireachtas\/def\/house\/dail"},"dates":[{"date":"2024-11-08"},{"date":"2025-05-01"}],"house":{"chamberCode":"dail","chamberType":"house","houseCode":"dail","houseNo":"33","showAs":"33rd D\u00e1il","uri":"https:\/\/data.oireachtas.ie\/ie\/oireachtas\/house\/dail\/33"},"progressStage":3,"showAs":"Committee Stage","stageCompleted":false,"stageOutcome":"Current","stageURI":"https:\/\/data.oireachtas.ie\/ie\/oireachtas\/def\/bill-stage\/3","uri":"https:\/\/data.oireachtas.ie\/ie\/oireachtas\/bill\/2022\/51\/stage\/dail\/3"}}],"status":"Current","statusURI":"https:\/\/data.oireachtas.ie\/ie\/oireachtas\/def\/bill-status\/published","uri":"https:\/\/data.oireachtas.ie\/ie\/oireachtas\/bill\/2022\/51","versions":[{"version":{"date":"2022-05-05","docType":"bill","formats":{"pdf":{"uri":"https:\/\/data.oireachtas.ie\/ie\/oireachtas\/bill\/2022\/51\/eng\/initiated\/b5122d.pdf"},"xml":null},"lang":"eng","showAs":"As Initiated","uri":"https:\/\/data.oireachtas.ie\/ie\/oireachtas\/bill\/2022\/51\/eng\/initiated"}}]},"billSort":{"actNoSort":null,"actShortTitleEnSort":null,"actShortTitleGaSort":null,"actYearSort":null,"billNoSort":51,"billShortTitleEnSort":"living-wage-bill-2022","billShortTitleGaSort":"an-bille-um-pa-maireachtala-2022","billYearSort":2022},"contextDate":"2025-05-01"},{"bill":{"act":null,"amendmentLists":[],"billNo":"50","billType":"Public","billTypeURI":"https:\/\/data.oireachtas.ie\/ie\/oireachtas\/def\/bill-type\/public","billYear":"2022","debates":[{"chamber":{"showAs":"Seanad \u00c9ireann","uri":"https:\/\/data.oireachtas.ie\/ie\/oireachtas\/def\/house\/seanad"},"date":"2022-05-05","debateSectionId":"dbsect_13","showAs":"Right to Flexible Work Bill 2022: First Stage","uri":"https:\/\/data.oireachtas.ie\/akn\/ie\/debateRecord\/seanad\/2022-05-05\/debate\/main"}],"events":[{"event":{"chamber":{"chamberCode":"seanad","showAs":"Seanad \u00c9ireann","uri":"https:\/\/data.oireachtas.ie\/ie\/oireachtas\/def\/house\/seanad"},"dates":[{"date":"2022-03-10"},{"date":"2022-05-05"}],"eventURI":"https:\/\/data.oireachtas.ie\/ie\/oireachtas\/def\/bill-event\/admissibility-for-introduction","showAs":"Admissibility for Introduction","uri":"https:\/\/data.oireachtas.ie\/ie\/oireachtas\/bill\/2022\/50\/admissibility-for-introduction"}},{"event":{"chamber":{"chamberCode":"seanad","showAs":"Seanad \u00c9ireann","uri":"https:\/\/data.oireachtas.ie\/ie\/oireachtas\/def\/house\/seanad"},"dates":[{"date":"2025-01-29"}],"eventURI":"https:\/\/data.oireachtas.ie\/ie\/oireachtas\/def\/bill-event\/bill-lapsed","showAs":"Bill Lapsed","uri":"https:\/\/data.oireachtas.ie\/ie\/oireachtas\/bill\/2022\/50\/bill-lapsed"}}],"lastUpdated":"2025-01-30T11:17:37.160000+00:00","longTitleEn":"Bill entitled an Act to provide employees with a right to flexible work, to require an employer to deal with a request for flexible work within a fixed period, to provide that an employer may refuse a request only on grounds of reasonable practicability, to require employers to maintain a policy on flexible work which can be inspected by employees and the Workplace Relations Commission, to provide for a right of appeal in certain circumstances against a refusal of flexible work, and to provide for related matters.","longTitleGa":"Bille d\u00e1 ngairtear Acht do thabhairt ceart chun oibre sol\u00fabtha d\u2019fhostaithe, d\u00e1 cheangal ar fhost\u00f3ir d\u00e9ile\u00e1il le hiarraidh ar obair shol\u00fabtha laistigh de thr\u00e9imhse shocraithe, do dh\u00e9anamh socr\u00fa nach ceadmhach d\u2019fhost\u00f3ir iarraidh a dhi\u00falt\u00fa ach amh\u00e1in ar fhorais ind\u00e9antachta r\u00e9as\u00fana\u00ed, d\u00e1 cheangal ar fhost\u00f3ir\u00ed beartas maidir le hobair shol\u00fabtha a chothabh\u00e1il ar f\u00e9idir le fostaithe agus leis an gCoimisi\u00fan um Chaidreamh san \u00c1it Oibre ini\u00fachadh a dh\u00e9anamh air, do dh\u00e9anamh socr\u00fa maidir le ceart achomhairc in imthosca \u00e1irithe i gcoinne obair shol\u00fabtha a dhi\u00falt\u00fa, agus do dh\u00e9anamh socr\u00fa i dtaobh nithe gaolmhara.","method":"Introduced","methodURI":"https:\/\/data.oireachtas.ie\/ie\/oireachtas\/def\/bill-method\/introduced","mostRecentStage":{"event":{"chamber":{"chamberCode":"seanad","showAs":"Seanad \u00c9ireann","uri":"https:\/\/data.oireachtas.ie\/ie\/oireachtas\/def\/house\/seanad"},"dates":[{"date":"2022-03-10"},{"date":"2022-05-05"},{"date":"2022-05-05"}],"house":{"chamberCode":"seanad","chamberType":"house","houseCode":"seanad","houseNo":"26","showAs":"26th Seanad","uri":"https:\/\/data.oireachtas.ie\/ie\/oireachtas\/house\/seanad\/26"},"progressStage":1,"showAs":"First Stage","stageCompleted":true,"stageOutcome":null,"stageURI":"https:\/\/data.oireachtas.ie\/ie\/oireachtas\/def\/bill-stage\/1","uri":"https:\/\/data.oireachtas.ie\/ie\/oireachtas\/bill\/2022\/50\/stage\/seanad\/1"}},"originHouse":{"showAs":"Seanad \u00c9ireann","uri":"https:\/\/data.oireachtas.ie\/ie\/oireachtas\/def\/house\/seanad"},"originHouseURI":"https:\/\/data.oireachtas.ie\/ie\/oireachtas\/def\/house\/seanad","relatedDocs":[],"shortTitleEn":"Right to Flexible Work Bill 2022","shortTitleGa":"An Bille um an gCeart chun Oibre Sol\u00fabtha, 2022","source":"Private Member","sourceURI":"https:\/\/data.oireachtas.ie\/ie\/oireachtas\/def\/bill-source\/private-member","sponsors":[{"sponsor":{"isPrimary":true,"as":{"showAs":null,"uri":null},"by":{"showAs":"Marie Sherlock","uri":"https:\/\/data.oireachtas.ie\/ie\/oireachtas\/member\/id\/Marie-Sherlock.S.2020-03-30"}}},{"sponsor":{"isPrimary":false,"as":{"showAs":null,"uri":null},"by":{"showAs":"Annie Hoey","uri":"https:\/\/data.oireachtas.ie\/ie\/oireachtas\/member\/id\/Annie-Hoey.S.2020-03-30"}}},{"sponsor":{"isPrimary":false,"as":{"showAs":null,"uri":null},"by":{"showAs":"Rebecca Moynihan","uri":"https:\/\/data.oireachtas.ie\/ie\/oireachtas\/member\/id\/Rebecca-Moynihan.S.2020-03-30"}}},{"sponsor":{"isPrimary":false,"as":{"showAs":null,"uri":null},"by":{"showAs":"Mark Wall","uri":"https:\/\/data.oireachtas.ie\/ie\/oireachtas\/member\/id\/Mark-Wall.S.2020-03-30"}}}],"stages":[{"event":{"chamber":{"chamberCode":"seanad","showAs":"Seanad \u00c9ireann","uri":"https:\/\/data.oireachtas.ie\/ie\/oireachtas\/def\/house\/seanad"},"dates":[{"date":"2022-03-10"},{"date":"2022-05-05"},{"date":"2022-05-05"}],"house":{"chamberCode":"seanad","chamberType":"house","houseCode":"seanad","houseNo":"26","showAs":"26th Seanad","uri":"https:\/\/data.oireachtas.ie\/ie\/oireachtas\/house\/seanad\/26"},"progressStage":1,"showAs":"First Stage","stageCompleted":true,"stageOutcome":null,"stageURI":"https:\/\/data.oireachtas.ie\/ie\/oireachtas\/def\/bill-stage\/1","uri":"https:\/\/data.oireachtas.ie\/ie\/oireachtas\/bill\/2022\/50\/stage\/seanad\/1"}}],"status":"Lapsed","statusURI":"https:\/\/data.oireachtas.ie\/ie\/oireachtas\/def\/bill-status\/lapsed","uri":"https:\/\/data.oireachtas.ie\/ie\/oireachtas\/bill\/2022\/50","versions":[{"version":{"lang":"eng","docType":"bill","showAs":"As Initiated","date":"2022-05-05","formats":{"pdf":{"uri":"https:\/\/data.oireachtas.ie\/ie\/oireachtas\/bill\/2022\/50\/eng\/initiated\/b5022s.pdf"},"xml":null},"uri":"https:\/\/data.oireachtas.ie\/ie\/oireachtas\/bill\/2022\/50\/eng\/initiated"}}]},"contextDate":"2022-05-05","billSort":{"actNoSort":null,"actShortTitleEnSort":null,"actShortTitleGaSort":null,"actYearSort":null,"billNoSort":50,"billShortTitleEnSort":"right-to-flexible-work-bill-2022","billShortTitleGaSort":"an-bille-um-an-gceart-chun-oibre-solubtha-2022","billYearSort":2022}},{"bill":{"act":null,"amendmentLists":[],"billNo":"49","billType":"Public","billTypeURI":"https:\/\/data.oireachtas.ie\/ie\/oireachtas\/def\/bill-type\/public","billYear":"2022","debates":[{"chamber":{"showAs":"D\u00e1il \u00c9ireann","uri":"https:\/\/data.oireachtas.ie\/ie\/oireachtas\/def\/house\/dail"},"date":"2024-04-30","debateSectionId":"dbsect_4","showAs":"Safe Deposit Boxes and Related Deposits Bill 2022: Referral to Select Committee [Private Members]","uri":"https:\/\/data.oireachtas.ie\/akn\/ie\/debateRecord\/dail\/2024-04-30\/debate\/main"},{"chamber":{"showAs":"D\u00e1il \u00c9ireann","uri":"https:\/\/data.oireachtas.ie\/ie\/oireachtas\/def\/house\/dail"},"date":"2023-04-20","debateSectionId":"dbsect_39","showAs":"Safe Deposit Boxes and Related Deposits Bill 2022: Second Stage [Private Members]","uri":"https:\/\/data.oireachtas.ie\/akn\/ie\/debateRecord\/dail\/2023-04-20\/debate\/main"},{"chamber":{"showAs":"D\u00e1il \u00c9ireann","uri":"https:\/\/data.oireachtas.ie\/ie\/oireachtas\/def\/house\/dail"},"date":"2022-05-04","debateSectionId":"dbsect_12","showAs":"Safe Deposit Boxes and Related Deposits Bill 2022: First Stage","uri":"https:\/\/data.oireachtas.ie\/akn\/ie\/debateRecord\/dail\/2022-05-04\/debate\/main"}],"events":[{"event":{"chamber":{"chamberCode":"dail","showAs":"D\u00e1il \u00c9ireann","uri":"https:\/\/data.oireachtas.ie\/ie\/oireachtas\/def\/house\/dail"},"dates":[{"date":"2022-04-04"},{"date":"2022-04-04"},{"date":"2022-05-04"},{"date":"2025-05-27"}],"eventURI":"https:\/\/data.oireachtas.ie\/ie\/oireachtas\/def\/bill-event\/approved-for-initiation","showAs":"Approved for Initiation","uri":"https:\/\/data.oireachtas.ie\/ie\/oireachtas\/bill\/2022\/49\/approved-for-initiation"}},{"event":{"chamber":{"chamberCode":"dail","showAs":"D\u00e1il \u00c9ireann","uri":"https:\/\/data.oireachtas.ie\/ie\/oireachtas\/def\/house\/dail"},"dates":[{"date":"2024-11-08"}],"eventURI":"https:\/\/data.oireachtas.ie\/ie\/oireachtas\/def\/bill-event\/bill-lapsed","showAs":"Bill Lapsed","uri":"https:\/\/data.oireachtas.ie\/ie\/oireachtas\/bill\/2022\/49\/bill-lapsed"}}],"lastUpdated":"2025-05-28T08:46:11.430000+00:00","longTitleEn":"Bill entitled an Act to make certain provisions, in accordance with the exigencies of the common good, in relation to property deposited in safe deposit boxes or other such safe keeping arrangements in certain institutions; to require such institutions to establish and maintain a register of deposited property and to take certain steps to identify and notify persons entitled to ownership of, or an interest in, certain deposited property and for those purposes to provide for the examination by institutions of certain deposited property that is unclaimed; to provide for inspection and retention on behalf of the State of unclaimed property by the Director of the National Museum of Ireland and inspection of unclaimed property by certain other bodies; to provide for disposal of unclaimed property that is not retained by the Director of the National Museum of Ireland, including by means of sale; to provide for the transfer of moneys from unclaimed property, including the proceeds of any sale of such property, to the Dormant Accounts Fund; to make certain provisions in relation to supervision and enforcement of compliance by institutions with the provisions of this Act; to make certain consequential amendments to other enactments; and to provide for related matters.","longTitleGa":"Bille d\u00e1 ngairtear Acht do dh\u00e9anamh for\u00e1lacha \u00e1irithe, de r\u00e9ir riachtanais na maitheasa poibl\u00ed, i nd\u00e1il le maoin a thaisctear i sl\u00e1ntaisce\u00e1in n\u00f3 i socruithe sl\u00e1nchoime\u00e1dta eile den s\u00f3rt sin i bhforais \u00e1irithe; d\u00e1 cheangal ar fhorais den s\u00f3rt sin cl\u00e1r de mhaoin thaiscthe a bhun\u00fa agus a chothabh\u00e1il agus bearta \u00e1irithe a dh\u00e9anamh chun daoine at\u00e1 i dteideal \u00fain\u00e9ireacht ar mhaoin thaiscthe \u00e1irithe, n\u00f3 at\u00e1 i dteideal leas sa ch\u00e9anna, a ch\u00e9ann\u00fa agus f\u00f3gra a thabhairt d\u00f3ibh agus, chun na gcr\u00edoch sin, do dh\u00e9anamh socr\u00fa maidir le forais do dh\u00e9anamh scr\u00fad\u00fa ar mhaoin thaiscthe \u00e1irithe is maoin neamh\u00e9ilithe; do dh\u00e9anamh socr\u00fa maidir le Sti\u00farth\u00f3ir Ard-Mh\u00fasaem na h\u00c9ireann do dh\u00e9anamh ini\u00fachadh ar mhaoin neamh\u00e9ilithe agus do choinne\u00e1il na maoine sin thar ceann an St\u00e1it agus maidir le comhlachta\u00ed \u00e1irithe eile do dh\u00e9anamh ini\u00fachadh ar mhaoin neamh\u00e9ilithe; do dh\u00e9anamh socr\u00fa maidir le maoin neamh\u00e9ilithe nach gcoinn\u00edonn Sti\u00farth\u00f3ir Ard-Mh\u00fasaem na h\u00c9ireann a dhi\u00fascairt, lena n-\u00e1ir\u00edtear tr\u00edna d\u00edol; do dh\u00e9anamh socr\u00fa maidir le hairgead \u00f3 mhaoin neamh\u00e9ilithe, lena n-\u00e1ir\u00edtear f\u00e1ltais \u00f3 aon d\u00edol ar mhaoin den s\u00f3rt sin, a aistri\u00fa chuig Ciste na gCuntas D\u00edomhaoin; do dh\u00e9anamh for\u00e1lacha \u00e1irithe i nd\u00e1il le maoirsi\u00fa agus forfheidhmi\u00fa chomhl\u00edonadh fhor\u00e1lacha an Achta seo ag forais; do dh\u00e9anamh leasuithe iarmhartacha \u00e1irithe ar achtach\u00e1in eile; agus do dh\u00e9anamh socr\u00fa i dtaobh nithe gaolmhara.","method":"Introduced","methodURI":"https:\/\/data.oireachtas.ie\/ie\/oireachtas\/def\/bill-method\/introduced","mostRecentStage":{"event":{"chamber":{"chamberCode":"dail","showAs":"D\u00e1il \u00c9ireann","uri":"https:\/\/data.oireachtas.ie\/ie\/oireachtas\/def\/house\/dail"},"dates":[{"date":"2024-11-08"},{"date":"2025-05-27"}],"house":{"chamberCode":"dail","chamberType":"house","houseCode":"dail","houseNo":"33","showAs":"33rd D\u00e1il","uri":"https:\/\/data.oireachtas.ie\/ie\/oireachtas\/house\/dail\/33"},"progressStage":3,"showAs":"Committee Stage","stageCompleted":false,"stageOutcome":"Current","stageURI":"https:\/\/data.oireachtas.ie\/ie\/oireachtas\/def\/bill-stage\/3","uri":"https:\/\/data.oireachtas.ie\/ie\/oireachtas\/bill\/2022\/49\/stage\/dail\/3"}},"originHouse":{"showAs":"D\u00e1il \u00c9ireann","uri":"https:\/\/data.oireachtas.ie\/ie\/oireachtas\/def\/house\/dail"},"originHouseURI":"https:\/\/data.oireachtas.ie\/ie\/oireachtas\/def\/house\/dail","relatedDocs":[{"relatedDoc":{"date":"2022-05-04","docType":"memo","formats":{"pdf":{"uri":"https:\/\/data.oireachtas.ie\/ie\/oireachtas\/bill\/2022\/49\/eng\/memo\/b4922d-memo.pdf"},"xml":null},"lang":"eng","showAs":"Explanatory Memorandum","uri":"https:\/\/data.oireachtas.ie\/ie\/oireachtas\/bill\/2022\/49\/eng\/memo"}}],"shortTitleEn":"Safe Deposit Boxes and Related Deposits Bill 2022","shortTitleGa":"An Bille um Shl\u00e1ntaisce\u00e1in agus Taisc\u00ed Gaolmhara, 2022","source":"Private Member","sourceURI":"https:\/\/data.oireachtas.ie\/ie\/oireachtas\/def\/bill-source\/private-member","sponsors":[{"sponsor":{"as":{"showAs":null,"uri":null},"by":{"showAs":"\u00c9amon \u00d3 Cu\u00edv","uri":"https:\/\/data.oireachtas.ie\/ie\/oireachtas\/member\/id\/\u00c9amon-\u00d3-Cu\u00edv.S.1989-10-01"},"isPrimary":true}}],"stages":[{"event":{"chamber":{"chamberCode":"dail","showAs":"D\u00e1il \u00c9ireann","uri":"https:\/\/data.oireachtas.ie\/ie\/oireachtas\/def\/house\/dail"},"dates":[{"date":"2022-04-04"},{"date":"2022-04-04"},{"date":"2022-05-04"},{"date":"2022-05-04"}],"house":{"chamberCode":"dail","chamberType":"house","houseCode":"dail","houseNo":"33","showAs":"33rd D\u00e1il","uri":"https:\/\/data.oireachtas.ie\/ie\/oireachtas\/house\/dail\/33"},"progressStage":1,"showAs":"First Stage","stageCompleted":true,"stageOutcome":null,"stageURI":"https:\/\/data.oireachtas.ie\/ie\/oireachtas\/def\/bill-stage\/1","uri":"https:\/\/data.oireachtas.ie\/ie\/oireachtas\/bill\/2022\/49\/stage\/dail\/1"}},{"event":{"chamber":{"chamberCode":"dail","showAs":"D\u00e1il \u00c9ireann","uri":"https:\/\/data.oireachtas.ie\/ie\/oireachtas\/def\/house\/dail"},"dates":[{"date":"2022-05-04"}],"house":{"chamberCode":"dail","chamberType":"house","houseCode":"dail","houseNo":"33","showAs":"33rd D\u00e1il","uri":"https:\/\/data.oireachtas.ie\/ie\/oireachtas\/house\/dail\/33"},"progressStage":2,"showAs":"Second Stage","stageCompleted":true,"stageOutcome":null,"stageURI":"https:\/\/data.oireachtas.ie\/ie\/oireachtas\/def\/bill-stage\/2","uri":"https:\/\/data.oireachtas.ie\/ie\/oireachtas\/bill\/2022\/49\/stage\/dail\/2"}},{"event":{"chamber":{"chamberCode":"dail","showAs":"D\u00e1il \u00c9ireann","uri":"https:\/\/data.oireachtas.ie\/ie\/oireachtas\/def\/house\/dail"},"dates":[{"date":"2024-11-08"},{"date":"2025-05-27"}],"house":{"chamberCode":"dail","chamberType":"house","houseCode":"dail","houseNo":"33","showAs":"33rd D\u00e1il","uri":"https:\/\/data.oireachtas.ie\/ie\/oireachtas\/house\/dail\/33"},"progressStage":3,"showAs":"Committee Stage","stageCompleted":false,"stageOutcome":"Current","stageURI":"https:\/\/data.oireachtas.ie\/ie\/oireachtas\/def\/bill-stage\/3","uri":"https:\/\/data.oireachtas.ie\/ie\/oireachtas\/bill\/2022\/49\/stage\/dail\/3"}}],"status":"Current","statusURI":"https:\/\/data.oireachtas.ie\/ie\/oireachtas\/def\/bill-status\/published","uri":"https:\/\/data.oireachtas.ie\/ie\/oireachtas\/bill\/2022\/49","versions":[{"version":{"date":"2022-05-04","docType":"bill","formats":{"pdf":{"uri":"https:\/\/data.oireachtas.ie\/ie\/oireachtas\/bill\/2022\/49\/eng\/initiated\/b4922d.pdf"},"xml":null},"lang":"eng","showAs":"As Initiated","uri":"https:\/\/data.oireachtas.ie\/ie\/oireachtas\/bill\/2022\/49\/eng\/initiated"}}]},"billSort":{"actNoSort":null,"actShortTitleEnSort":null,"actShortTitleGaSort":null,"actYearSort":null,"billNoSort":49,"billShortTitleEnSort":"safe-deposit-boxes-and-related-deposits-bill-2022","billShortTitleGaSort":"an-bille-um-shlantaisceain-agus-taisci-gaolmhara-2022","billYearSort":2022},"contextDate":"2025-05-27"},{"bill":{"act":null,"amendmentLists":[],"billNo":"33","billType":"Public","billTypeURI":"https:\/\/data.oireachtas.ie\/ie\/oireachtas\/def\/bill-type\/public","billYear":"2022","debates":[{"chamber":{"showAs":"D\u00e1il \u00c9ireann","uri":"https:\/\/data.oireachtas.ie\/ie\/oireachtas\/def\/house\/dail"},"date":"2022-03-23","debateSectionId":"dbsect_11","showAs":"Water Services (Amendment) Bill 2022: First Stage","uri":"https:\/\/data.oireachtas.ie\/akn\/ie\/debateRecord\/dail\/2022-03-23\/debate\/main"}],"events":[{"event":{"chamber":{"chamberCode":"dail","showAs":"D\u00e1il \u00c9ireann","uri":"https:\/\/data.oireachtas.ie\/ie\/oireachtas\/def\/house\/dail"},"dates":[{"date":"2022-02-28"},{"date":"2022-02-28"},{"date":"2022-03-23"},{"date":"2025-05-27"}],"eventURI":"https:\/\/data.oireachtas.ie\/ie\/oireachtas\/def\/bill-event\/approved-for-initiation","showAs":"Approved for Initiation","uri":"https:\/\/data.oireachtas.ie\/ie\/oireachtas\/bill\/2022\/33\/approved-for-initiation"}},{"event":{"chamber":{"chamberCode":"dail","showAs":"D\u00e1il \u00c9ireann","uri":"https:\/\/data.oireachtas.ie\/ie\/oireachtas\/def\/house\/dail"},"dates":[{"date":"2024-11-08"}],"eventURI":"https:\/\/data.oireachtas.ie\/ie\/oireachtas\/def\/bill-event\/bill-lapsed","showAs":"Bill Lapsed","uri":"https:\/\/data.oireachtas.ie\/ie\/oireachtas\/bill\/2022\/33\/bill-lapsed"}}],"lastUpdated":"2025-05-28T08:51:31.360000+00:00","longTitleEn":"Bill entitled an Act to provide for the ongoing registration of domestic waste water systems and to eliminate the requirement to register by a prescribed date in order to enable all householders to register their domestic waste water systems. ","longTitleGa":"Bille d\u00e1 ngairtear Acht do dh\u00e9anamh socr\u00fa maidir le cl\u00e1r\u00fa lean\u00fanach c\u00f3ras dramhuisce t\u00ed agus do chur deireadh leis an gceanglas at\u00e1 ann cl\u00e1r\u00fa faoi dh\u00e1ta forordaithe d\u2019fhonn a chumas\u00fa do na t\u00edosaigh go l\u00e9ir a gc\u00f3rais dramhuisce t\u00ed a chl\u00e1r\u00fa.","method":"Introduced","methodURI":"https:\/\/data.oireachtas.ie\/ie\/oireachtas\/def\/bill-method\/introduced","mostRecentStage":{"event":{"chamber":{"chamberCode":"dail","showAs":"D\u00e1il \u00c9ireann","uri":"https:\/\/data.oireachtas.ie\/ie\/oireachtas\/def\/house\/dail"},"dates":[{"date":"2022-03-23"},{"date":"2022-03-23"}],"house":{"chamberCode":"dail","chamberType":"house","houseCode":"dail","houseNo":"33","showAs":"33rd D\u00e1il","uri":"https:\/\/data.oireachtas.ie\/ie\/oireachtas\/house\/dail\/33"},"progressStage":2,"showAs":"Second Stage","stageCompleted":false,"stageOutcome":"Current","stageURI":"https:\/\/data.oireachtas.ie\/ie\/oireachtas\/def\/bill-stage\/2","uri":"https:\/\/data.oireachtas.ie\/ie\/oireachtas\/bill\/2022\/33\/stage\/dail\/2"}},"originHouse":{"showAs":"D\u00e1il \u00c9ireann","uri":"https:\/\/data.oireachtas.ie\/ie\/oireachtas\/def\/house\/dail"},"originHouseURI":"https:\/\/data.oireachtas.ie\/ie\/oireachtas\/def\/house\/dail","relatedDocs":[{"relatedDoc":{"date":"2022-03-23","docType":"memo","formats":{"pdf":{"uri":"https:\/\/data.oireachtas.ie\/ie\/oireachtas\/bill\/2022\/33\/eng\/memo\/b3322d-memo.pdf"},"xml":null},"lang":"eng","showAs":"Explanatory Memorandum","uri":"https:\/\/data.oireachtas.ie\/ie\/oireachtas\/bill\/2022\/33\/eng\/memo"}}],"shortTitleEn":"Water Services (Amendment) Bill 2022","shortTitleGa":"An Bille um Sheirbh\u00eds\u00ed Uisce (Leas\u00fa), 2022","source":"Private Member","sourceURI":"https:\/\/data.oireachtas.ie\/ie\/oireachtas\/def\/bill-source\/private-member","sponsors":[{"sponsor":{"as":{"showAs":null,"uri":null},"by":{"showAs":"\u00c9amon \u00d3 Cu\u00edv","uri":"https:\/\/data.oireachtas.ie\/ie\/oireachtas\/member\/id\/\u00c9amon-\u00d3-Cu\u00edv.S.1989-10-01"},"isPrimary":true}},{"sponsor":{"as":{"showAs":null,"uri":null},"by":{"showAs":"Jennifer Murnane O'Connor","uri":"https:\/\/data.oireachtas.ie\/ie\/oireachtas\/member\/id\/Jennifer-Murnane-O'Connor.S.2016-04-25"},"isPrimary":false}}],"stages":[{"event":{"chamber":{"chamberCode":"dail","showAs":"D\u00e1il \u00c9ireann","uri":"https:\/\/data.oireachtas.ie\/ie\/oireachtas\/def\/house\/dail"},"dates":[{"date":"2022-02-28"},{"date":"2022-02-28"},{"date":"2022-03-23"},{"date":"2022-03-23"}],"house":{"chamberCode":"dail","chamberType":"house","houseCode":"dail","houseNo":"33","showAs":"33rd D\u00e1il","uri":"https:\/\/data.oireachtas.ie\/ie\/oireachtas\/house\/dail\/33"},"progressStage":1,"showAs":"First Stage","stageCompleted":true,"stageOutcome":null,"stageURI":"https:\/\/data.oireachtas.ie\/ie\/oireachtas\/def\/bill-stage\/1","uri":"https:\/\/data.oireachtas.ie\/ie\/oireachtas\/bill\/2022\/33\/stage\/dail\/1"}},{"event":{"chamber":{"chamberCode":"dail","showAs":"D\u00e1il \u00c9ireann","uri":"https:\/\/data.oireachtas.ie\/ie\/oireachtas\/def\/house\/dail"},"dates":[{"date":"2022-03-23"},{"date":"2022-03-23"}],"house":{"chamberCode":"dail","chamberType":"house","houseCode":"dail","houseNo":"33","showAs":"33rd D\u00e1il","uri":"https:\/\/data.oireachtas.ie\/ie\/oireachtas\/house\/dail\/33"},"progressStage":2,"showAs":"Second Stage","stageCompleted":false,"stageOutcome":"Current","stageURI":"https:\/\/data.oireachtas.ie\/ie\/oireachtas\/def\/bill-stage\/2","uri":"https:\/\/data.oireachtas.ie\/ie\/oireachtas\/bill\/2022\/33\/stage\/dail\/2"}}],"status":"Current","statusURI":"https:\/\/data.oireachtas.ie\/ie\/oireachtas\/def\/bill-status\/published","uri":"https:\/\/data.oireachtas.ie\/ie\/oireachtas\/bill\/2022\/33","versions":[{"version":{"date":"2022-03-23","docType":"bill","formats":{"pdf":{"uri":"https:\/\/data.oireachtas.ie\/ie\/oireachtas\/bill\/2022\/33\/eng\/initiated\/b3322d.pdf"},"xml":null},"lang":"eng","showAs":"As Initiated","uri":"https:\/\/data.oireachtas.ie\/ie\/oireachtas\/bill\/2022\/33\/eng\/initiated"}}]},"billSort":{"actNoSort":null,"actShortTitleEnSort":null,"actShortTitleGaSort":null,"actYearSort":null,"billNoSort":33,"billShortTitleEnSort":"water-services-amendment-bill-2022","billShortTitleGaSort":"an-bille-um-sheirbhisi-uisce-leasu-2022","billYearSort":2022},"contextDate":"2022-03-23"},{"bill":{"act":null,"amendmentLists":[],"billNo":"31","billType":"Public","billTypeURI":"https:\/\/data.oireachtas.ie\/ie\/oireachtas\/def\/bill-type\/public","billYear":"2022","debates":[{"chamber":{"showAs":"D\u00e1il \u00c9ireann","uri":"https:\/\/data.oireachtas.ie\/ie\/oireachtas\/def\/house\/dail"},"date":"2022-03-09","debateSectionId":"dbsect_14","showAs":"Education (Admission to Schools) (Co-Education) Bill 2022: First Stage","uri":"https:\/\/data.oireachtas.ie\/akn\/ie\/debateRecord\/dail\/2022-03-09\/debate\/main"}],"events":[{"event":{"chamber":{"chamberCode":"dail","showAs":"D\u00e1il \u00c9ireann","uri":"https:\/\/data.oireachtas.ie\/ie\/oireachtas\/def\/house\/dail"},"dates":[{"date":"2022-03-04"},{"date":"2022-03-04"},{"date":"2022-03-09"},{"date":"2025-05-01"}],"eventURI":"https:\/\/data.oireachtas.ie\/ie\/oireachtas\/def\/bill-event\/approved-for-initiation","showAs":"Approved for Initiation","uri":"https:\/\/data.oireachtas.ie\/ie\/oireachtas\/bill\/2022\/31\/approved-for-initiation"}},{"event":{"chamber":{"chamberCode":"dail","showAs":"D\u00e1il \u00c9ireann","uri":"https:\/\/data.oireachtas.ie\/ie\/oireachtas\/def\/house\/dail"},"dates":[{"date":"2024-11-08"}],"eventURI":"https:\/\/data.oireachtas.ie\/ie\/oireachtas\/def\/bill-event\/bill-lapsed","showAs":"Bill Lapsed","uri":"https:\/\/data.oireachtas.ie\/ie\/oireachtas\/bill\/2022\/31\/bill-lapsed"}}],"lastUpdated":"2025-05-02T13:19:30.560000+00:00","longTitleEn":"Bill entitled an Act to disapply at separate future dates, in relation to recognised primary and post-primary schools, the exemption provided by certain enactments from the prohibition against discrimination on the gender ground in educational establishments, and to provide for connected matters.","longTitleGa":"Bille d\u00e1 ngairtear Acht chun an d\u00edol\u00faine a fhor\u00e1iltear le hachtach\u00e1in \u00e1irithe, is d\u00edol\u00faine \u00f3n toirmeasc ar idirdheal\u00fa ar an bhforas inscne i mbunachais oideachais, a dh\u00edfheidhmi\u00fa ar dh\u00e1ta\u00ed ar leithligh sa todhcha\u00ed i nd\u00e1il le bunscoileanna agus iarbhunscoileanna aitheanta, agus do dh\u00e9anamh socr\u00fa i dtaobh nithe comhghaolmhara.","method":"Introduced","methodURI":"https:\/\/data.oireachtas.ie\/ie\/oireachtas\/def\/bill-method\/introduced","mostRecentStage":{"event":{"chamber":{"chamberCode":"dail","showAs":"D\u00e1il \u00c9ireann","uri":"https:\/\/data.oireachtas.ie\/ie\/oireachtas\/def\/house\/dail"},"dates":[{"date":"2024-11-08"},{"date":"2025-05-01"}],"house":{"chamberCode":"dail","chamberType":"house","houseCode":"dail","houseNo":"33","showAs":"33rd D\u00e1il","uri":"https:\/\/data.oireachtas.ie\/ie\/oireachtas\/house\/dail\/33"},"progressStage":2,"showAs":"Second Stage","stageCompleted":false,"stageOutcome":"Current","stageURI":"https:\/\/data.oireachtas.ie\/ie\/oireachtas\/def\/bill-stage\/2","uri":"https:\/\/data.oireachtas.ie\/ie\/oireachtas\/bill\/2022\/31\/stage\/dail\/2"}},"originHouse":{"showAs":"D\u00e1il \u00c9ireann","uri":"https:\/\/data.oireachtas.ie\/ie\/oireachtas\/def\/house\/dail"},"originHouseURI":"https:\/\/data.oireachtas.ie\/ie\/oireachtas\/def\/house\/dail","relatedDocs":[{"relatedDoc":{"date":"2022-03-09","docType":"memo","formats":{"pdf":{"uri":"https:\/\/data.oireachtas.ie\/ie\/oireachtas\/bill\/2022\/31\/eng\/memo\/b3122d-memo.pdf"},"xml":null},"lang":"eng","showAs":"Explanatory Memorandum","uri":"https:\/\/data.oireachtas.ie\/ie\/oireachtas\/bill\/2022\/31\/eng\/memo"}}],"shortTitleEn":"Education (Admission to Schools) (Co-Education) Bill 2022","shortTitleGa":"An Bille Oideachais (Ligean Isteach i Scoileanna) (Comhoideachas), 2022","source":"Private Member","sourceURI":"https:\/\/data.oireachtas.ie\/ie\/oireachtas\/def\/bill-source\/private-member","sponsors":[{"sponsor":{"as":{"showAs":null,"uri":null},"by":{"showAs":"Ged Nash","uri":"https:\/\/data.oireachtas.ie\/ie\/oireachtas\/member\/id\/Gerald-Nash.D.2011-03-09"},"isPrimary":false}},{"sponsor":{"as":{"showAs":null,"uri":null},"by":{"showAs":"Se\u00e1n Sherlock","uri":"https:\/\/data.oireachtas.ie\/ie\/oireachtas\/member\/id\/Se\u00e1n-Sherlock.D.2007-06-14"},"isPrimary":false}},{"sponsor":{"as":{"showAs":null,"uri":null},"by":{"showAs":"Aodh\u00e1n \u00d3 R\u00edord\u00e1in","uri":"https:\/\/data.oireachtas.ie\/ie\/oireachtas\/member\/id\/Aodh\u00e1n-\u00d3-R\u00edord\u00e1in.D.2011-03-09"},"isPrimary":true}},{"sponsor":{"as":{"showAs":null,"uri":null},"by":{"showAs":"Duncan Smith","uri":"https:\/\/data.oireachtas.ie\/ie\/oireachtas\/member\/id\/Duncan-Smith.D.2020-02-08"},"isPrimary":false}},{"sponsor":{"as":{"showAs":null,"uri":null},"by":{"showAs":"Alan Kelly","uri":"https:\/\/data.oireachtas.ie\/ie\/oireachtas\/member\/id\/Alan-Kelly.S.2007-07-23"},"isPrimary":false}},{"sponsor":{"as":{"showAs":null,"uri":null},"by":{"showAs":"Ivana Bacik","uri":"https:\/\/data.oireachtas.ie\/ie\/oireachtas\/member\/id\/Ivana-Bacik.S.2007-07-23"},"isPrimary":false}},{"sponsor":{"as":{"showAs":null,"uri":null},"by":{"showAs":"Brendan Howlin","uri":"https:\/\/data.oireachtas.ie\/ie\/oireachtas\/member\/id\/Brendan-Howlin.S.1983-02-23"},"isPrimary":false}}],"stages":[{"event":{"chamber":{"chamberCode":"dail","showAs":"D\u00e1il \u00c9ireann","uri":"https:\/\/data.oireachtas.ie\/ie\/oireachtas\/def\/house\/dail"},"dates":[{"date":"2022-03-04"},{"date":"2022-03-04"},{"date":"2022-03-09"},{"date":"2022-03-09"}],"house":{"chamberCode":"dail","chamberType":"house","houseCode":"dail","houseNo":"33","showAs":"33rd D\u00e1il","uri":"https:\/\/data.oireachtas.ie\/ie\/oireachtas\/house\/dail\/33"},"progressStage":1,"showAs":"First Stage","stageCompleted":true,"stageOutcome":null,"stageURI":"https:\/\/data.oireachtas.ie\/ie\/oireachtas\/def\/bill-stage\/1","uri":"https:\/\/data.oireachtas.ie\/ie\/oireachtas\/bill\/2022\/31\/stage\/dail\/1"}},{"event":{"chamber":{"chamberCode":"dail","showAs":"D\u00e1il \u00c9ireann","uri":"https:\/\/data.oireachtas.ie\/ie\/oireachtas\/def\/house\/dail"},"dates":[{"date":"2024-11-08"},{"date":"2025-05-01"}],"house":{"chamberCode":"dail","chamberType":"house","houseCode":"dail","houseNo":"33","showAs":"33rd D\u00e1il","uri":"https:\/\/data.oireachtas.ie\/ie\/oireachtas\/house\/dail\/33"},"progressStage":2,"showAs":"Second Stage","stageCompleted":false,"stageOutcome":"Current","stageURI":"https:\/\/data.oireachtas.ie\/ie\/oireachtas\/def\/bill-stage\/2","uri":"https:\/\/data.oireachtas.ie\/ie\/oireachtas\/bill\/2022\/31\/stage\/dail\/2"}}],"status":"Current","statusURI":"https:\/\/data.oireachtas.ie\/ie\/oireachtas\/def\/bill-status\/published","uri":"https:\/\/data.oireachtas.ie\/ie\/oireachtas\/bill\/2022\/31","versions":[{"version":{"date":"2022-03-09","docType":"bill","formats":{"pdf":{"uri":"https:\/\/data.oireachtas.ie\/ie\/oireachtas\/bill\/2022\/31\/eng\/initiated\/b3122d.pdf"},"xml":null},"lang":"eng","showAs":"As Initiated","uri":"https:\/\/data.oireachtas.ie\/ie\/oireachtas\/bill\/2022\/31\/eng\/initiated"}}]},"billSort":{"actNoSort":null,"actShortTitleEnSort":null,"actShortTitleGaSort":null,"actYearSort":null,"billNoSort":31,"billShortTitleEnSort":"education-admission-to-schools-co-education-bill-2022","billShortTitleGaSort":"an-bille-oideachais-ligean-isteach-i-scoileanna-comhoideachas-2022","billYearSort":2022},"contextDate":"2025-05-01"},{"bill":{"act":null,"amendmentLists":[],"billNo":"28","billType":"Public","billTypeURI":"https:\/\/data.oireachtas.ie\/ie\/oireachtas\/def\/bill-type\/public","billYear":"2022","debates":[{"chamber":{"showAs":"D\u00e1il \u00c9ireann","uri":"https:\/\/data.oireachtas.ie\/ie\/oireachtas\/def\/house\/dail"},"date":"2022-03-23","debateSectionId":"dbsect_8","showAs":"Ban on Sex for Rent Bill 2022: Second Stage [Private Members]","uri":"https:\/\/data.oireachtas.ie\/akn\/ie\/debateRecord\/dail\/2022-03-23\/debate\/main"},{"chamber":{"showAs":"D\u00e1il \u00c9ireann","uri":"https:\/\/data.oireachtas.ie\/ie\/oireachtas\/def\/house\/dail"},"date":"2022-03-08","debateSectionId":"dbsect_8","showAs":"Ban on Sex for Rent Bill 2022: First Stage","uri":"https:\/\/data.oireachtas.ie\/akn\/ie\/debateRecord\/dail\/2022-03-08\/debate\/main"}],"events":[{"event":{"chamber":{"chamberCode":"dail","showAs":"D\u00e1il \u00c9ireann","uri":"https:\/\/data.oireachtas.ie\/ie\/oireachtas\/def\/house\/dail"},"dates":[{"date":"2022-03-04"},{"date":"2022-03-04"},{"date":"2022-03-08"},{"date":"2025-05-01"}],"eventURI":"https:\/\/data.oireachtas.ie\/ie\/oireachtas\/def\/bill-event\/approved-for-initiation","showAs":"Approved for Initiation","uri":"https:\/\/data.oireachtas.ie\/ie\/oireachtas\/bill\/2022\/28\/approved-for-initiation"}},{"event":{"chamber":{"chamberCode":"dail","showAs":"D\u00e1il \u00c9ireann","uri":"https:\/\/data.oireachtas.ie\/ie\/oireachtas\/def\/house\/dail"},"dates":[{"date":"2024-11-08"}],"eventURI":"https:\/\/data.oireachtas.ie\/ie\/oireachtas\/def\/bill-event\/bill-lapsed","showAs":"Bill Lapsed","uri":"https:\/\/data.oireachtas.ie\/ie\/oireachtas\/bill\/2022\/28\/bill-lapsed"}}],"lastUpdated":"2025-05-02T12:07:29.380000+00:00","longTitleEn":"Bill entitled an Act to create an offence of requiring or accepting sex as a condition of accommodation and an offence of arranging or facilitating the requirement or acceptance of sex as a condition of accommodation.","longTitleGa":"Bille d\u00e1 ngairtear Acht do chruth\u00fa cion arb \u00e9ard \u00e9 a cheangal go mbeidh gn\u00e9as ina choinn\u00edoll c\u00f3ir\u00edochta n\u00f3 gn\u00e9as a ghlacadh mar choinn\u00edoll c\u00f3ir\u00edochta agus cion arb \u00e9ard \u00e9 an ceanglas maidir le gn\u00e9as, n\u00f3 glacadh le gn\u00e9as, mar choinn\u00edoll c\u00f3ir\u00edochta a shocr\u00fa n\u00f3 a \u00e9asc\u00fa.","method":"Introduced","methodURI":"https:\/\/data.oireachtas.ie\/ie\/oireachtas\/def\/bill-method\/introduced","mostRecentStage":{"event":{"chamber":{"chamberCode":"dail","showAs":"D\u00e1il \u00c9ireann","uri":"https:\/\/data.oireachtas.ie\/ie\/oireachtas\/def\/house\/dail"},"dates":[{"date":"2024-11-08"},{"date":"2025-05-01"}],"house":{"chamberCode":"dail","chamberType":"house","houseCode":"dail","houseNo":"33","showAs":"33rd D\u00e1il","uri":"https:\/\/data.oireachtas.ie\/ie\/oireachtas\/house\/dail\/33"},"progressStage":3,"showAs":"Committee Stage","stageCompleted":false,"stageOutcome":"Current","stageURI":"https:\/\/data.oireachtas.ie\/ie\/oireachtas\/def\/bill-stage\/3","uri":"https:\/\/data.oireachtas.ie\/ie\/oireachtas\/bill\/2022\/28\/stage\/dail\/3"}},"originHouse":{"showAs":"D\u00e1il \u00c9ireann","uri":"https:\/\/data.oireachtas.ie\/ie\/oireachtas\/def\/house\/dail"},"originHouseURI":"https:\/\/data.oireachtas.ie\/ie\/oireachtas\/def\/house\/dail","relatedDocs":[{"relatedDoc":{"date":"2022-03-08","docType":"memo","formats":{"pdf":{"uri":"https:\/\/data.oireachtas.ie\/ie\/oireachtas\/bill\/2022\/28\/eng\/memo\/b2822d-memo.pdf"},"xml":null},"lang":"eng","showAs":"Explanatory Memorandum","uri":"https:\/\/data.oireachtas.ie\/ie\/oireachtas\/bill\/2022\/28\/eng\/memo"}}],"shortTitleEn":"Ban on Sex for Rent Bill 2022","shortTitleGa":"An Bille um Chosc ar Ghn\u00e9as i gComhair C\u00edosa, 2022","source":"Private Member","sourceURI":"https:\/\/data.oireachtas.ie\/ie\/oireachtas\/def\/bill-source\/private-member","sponsors":[{"sponsor":{"as":{"showAs":null,"uri":null},"by":{"showAs":"Cian O'Callaghan","uri":"https:\/\/data.oireachtas.ie\/ie\/oireachtas\/member\/id\/Cian-O'Callaghan.D.2020-02-08"},"isPrimary":true}}],"stages":[{"event":{"chamber":{"chamberCode":"dail","showAs":"D\u00e1il \u00c9ireann","uri":"https:\/\/data.oireachtas.ie\/ie\/oireachtas\/def\/house\/dail"},"dates":[{"date":"2022-03-04"},{"date":"2022-03-04"},{"date":"2022-03-08"},{"date":"2022-03-08"}],"house":{"chamberCode":"dail","chamberType":"house","houseCode":"dail","houseNo":"33","showAs":"33rd D\u00e1il","uri":"https:\/\/data.oireachtas.ie\/ie\/oireachtas\/house\/dail\/33"},"progressStage":1,"showAs":"First Stage","stageCompleted":true,"stageOutcome":null,"stageURI":"https:\/\/data.oireachtas.ie\/ie\/oireachtas\/def\/bill-stage\/1","uri":"https:\/\/data.oireachtas.ie\/ie\/oireachtas\/bill\/2022\/28\/stage\/dail\/1"}},{"event":{"chamber":{"chamberCode":"dail","showAs":"D\u00e1il \u00c9ireann","uri":"https:\/\/data.oireachtas.ie\/ie\/oireachtas\/def\/house\/dail"},"dates":[{"date":"2022-03-08"}],"house":{"chamberCode":"dail","chamberType":"house","houseCode":"dail","houseNo":"33","showAs":"33rd D\u00e1il","uri":"https:\/\/data.oireachtas.ie\/ie\/oireachtas\/house\/dail\/33"},"progressStage":2,"showAs":"Second Stage","stageCompleted":true,"stageOutcome":null,"stageURI":"https:\/\/data.oireachtas.ie\/ie\/oireachtas\/def\/bill-stage\/2","uri":"https:\/\/data.oireachtas.ie\/ie\/oireachtas\/bill\/2022\/28\/stage\/dail\/2"}},{"event":{"chamber":{"chamberCode":"dail","showAs":"D\u00e1il \u00c9ireann","uri":"https:\/\/data.oireachtas.ie\/ie\/oireachtas\/def\/house\/dail"},"dates":[{"date":"2024-11-08"},{"date":"2025-05-01"}],"house":{"chamberCode":"dail","chamberType":"house","houseCode":"dail","houseNo":"33","showAs":"33rd D\u00e1il","uri":"https:\/\/data.oireachtas.ie\/ie\/oireachtas\/house\/dail\/33"},"progressStage":3,"showAs":"Committee Stage","stageCompleted":false,"stageOutcome":"Current","stageURI":"https:\/\/data.oireachtas.ie\/ie\/oireachtas\/def\/bill-stage\/3","uri":"https:\/\/data.oireachtas.ie\/ie\/oireachtas\/bill\/2022\/28\/stage\/dail\/3"}}],"status":"Current","statusURI":"https:\/\/data.oireachtas.ie\/ie\/oireachtas\/def\/bill-status\/published","uri":"https:\/\/data.oireachtas.ie\/ie\/oireachtas\/bill\/2022\/28","versions":[{"version":{"date":"2022-03-08","docType":"bill","formats":{"pdf":{"uri":"https:\/\/data.oireachtas.ie\/ie\/oireachtas\/bill\/2022\/28\/eng\/initiated\/b2822d.pdf"},"xml":null},"lang":"eng","showAs":"As Initiated","uri":"https:\/\/data.oireachtas.ie\/ie\/oireachtas\/bill\/2022\/28\/eng\/initiated"}}]},"billSort":{"actNoSort":null,"actShortTitleEnSort":null,"actShortTitleGaSort":null,"actYearSort":null,"billNoSort":28,"billShortTitleEnSort":"ban-on-sex-for-rent-bill-2022","billShortTitleGaSort":"an-bille-um-chosc-ar-ghneas-i-gcomhair-ciosa-2022","billYearSort":2022},"contextDate":"2025-05-01"},{"bill":{"act":null,"amendmentLists":[],"billNo":"25","billType":"Public","billTypeURI":"https:\/\/data.oireachtas.ie\/ie\/oireachtas\/def\/bill-type\/public","billYear":"2022","debates":[{"chamber":{"showAs":"D\u00e1il \u00c9ireann","uri":"https:\/\/data.oireachtas.ie\/ie\/oireachtas\/def\/house\/dail"},"date":"2022-03-02","debateSectionId":"dbsect_12","showAs":"Planning and Development (Liquefied Natural Gas - LNG) (Amendment) Bill 2022: First Stage","uri":"https:\/\/data.oireachtas.ie\/akn\/ie\/debateRecord\/dail\/2022-03-02\/debate\/main"}],"events":[{"event":{"chamber":{"chamberCode":"dail","showAs":"D\u00e1il \u00c9ireann","uri":"https:\/\/data.oireachtas.ie\/ie\/oireachtas\/def\/house\/dail"},"dates":[{"date":"2022-02-22"},{"date":"2022-02-22"},{"date":"2022-03-02"},{"date":"2025-05-01"}],"eventURI":"https:\/\/data.oireachtas.ie\/ie\/oireachtas\/def\/bill-event\/approved-for-initiation","showAs":"Approved for Initiation","uri":"https:\/\/data.oireachtas.ie\/ie\/oireachtas\/bill\/2022\/25\/approved-for-initiation"}},{"event":{"chamber":{"chamberCode":"dail","showAs":"D\u00e1il \u00c9ireann","uri":"https:\/\/data.oireachtas.ie\/ie\/oireachtas\/def\/house\/dail"},"dates":[{"date":"2024-11-08"}],"eventURI":"https:\/\/data.oireachtas.ie\/ie\/oireachtas\/def\/bill-event\/bill-lapsed","showAs":"Bill Lapsed","uri":"https:\/\/data.oireachtas.ie\/ie\/oireachtas\/bill\/2022\/25\/bill-lapsed"}}],"lastUpdated":"2025-05-02T10:26:05.910000+00:00","longTitleEn":"Bill entitled an Act to provide for the amendment of the Planning and Development Act 2000 in order to restrict developments in Liquefied Natural Gas (LNG) infrastructure and to remove LNG infrastructure from listing as strategic development infrastructure projects.","longTitleGa":"Bille d\u00e1 ngairtear Acht do dh\u00e9anamh socr\u00fa maidir leis an Acht um Plean\u00e1il agus Forbairt, 2000 a leas\u00fa d\u2019fhonn forbairt\u00ed i mbonneagar G\u00e1is N\u00e1d\u00fartha Leachtaithe (GNL) a shrianadh agus d\u2019fhonn deireadh a chur le bonneagar GNL a bheith \u00e1 liost\u00fa mar thionscadail bonneagair forbartha strait\u00e9is\u00ed.","method":"Introduced","methodURI":"https:\/\/data.oireachtas.ie\/ie\/oireachtas\/def\/bill-method\/introduced","mostRecentStage":{"event":{"chamber":{"chamberCode":"dail","showAs":"D\u00e1il \u00c9ireann","uri":"https:\/\/data.oireachtas.ie\/ie\/oireachtas\/def\/house\/dail"},"dates":[{"date":"2024-11-08"},{"date":"2025-05-01"}],"house":{"chamberCode":"dail","chamberType":"house","houseCode":"dail","houseNo":"33","showAs":"33rd D\u00e1il","uri":"https:\/\/data.oireachtas.ie\/ie\/oireachtas\/house\/dail\/33"},"progressStage":2,"showAs":"Second Stage","stageCompleted":false,"stageOutcome":"Current","stageURI":"https:\/\/data.oireachtas.ie\/ie\/oireachtas\/def\/bill-stage\/2","uri":"https:\/\/data.oireachtas.ie\/ie\/oireachtas\/bill\/2022\/25\/stage\/dail\/2"}},"originHouse":{"showAs":"D\u00e1il \u00c9ireann","uri":"https:\/\/data.oireachtas.ie\/ie\/oireachtas\/def\/house\/dail"},"originHouseURI":"https:\/\/data.oireachtas.ie\/ie\/oireachtas\/def\/house\/dail","relatedDocs":[{"relatedDoc":{"date":"2022-03-02","docType":"memo","formats":{"pdf":{"uri":"https:\/\/data.oireachtas.ie\/ie\/oireachtas\/bill\/2022\/25\/eng\/memo\/b2522d-memo.pdf"},"xml":null},"lang":"eng","showAs":"Explanatory Memorandum","uri":"https:\/\/data.oireachtas.ie\/ie\/oireachtas\/bill\/2022\/25\/eng\/memo"}}],"shortTitleEn":"Planning and Development (Liquefied Natural Gas - LNG) (Amendment) Bill 2022","shortTitleGa":"An Bille um Plean\u00e1il agus Forbairt (G\u00e1s N\u00e1d\u00fartha Leachtaithe - GNL) (Leas\u00fa), 2022","source":"Private Member","sourceURI":"https:\/\/data.oireachtas.ie\/ie\/oireachtas\/def\/bill-source\/private-member","sponsors":[{"sponsor":{"as":{"showAs":null,"uri":null},"by":{"showAs":"Neasa Hourigan","uri":"https:\/\/data.oireachtas.ie\/ie\/oireachtas\/member\/id\/Neasa-Hourigan.D.2020-02-08"},"isPrimary":true}}],"stages":[{"event":{"chamber":{"chamberCode":"dail","showAs":"D\u00e1il \u00c9ireann","uri":"https:\/\/data.oireachtas.ie\/ie\/oireachtas\/def\/house\/dail"},"dates":[{"date":"2022-02-22"},{"date":"2022-02-22"},{"date":"2022-03-02"},{"date":"2022-03-02"}],"house":{"chamberCode":"dail","chamberType":"house","houseCode":"dail","houseNo":"33","showAs":"33rd D\u00e1il","uri":"https:\/\/data.oireachtas.ie\/ie\/oireachtas\/house\/dail\/33"},"progressStage":1,"showAs":"First Stage","stageCompleted":true,"stageOutcome":null,"stageURI":"https:\/\/data.oireachtas.ie\/ie\/oireachtas\/def\/bill-stage\/1","uri":"https:\/\/data.oireachtas.ie\/ie\/oireachtas\/bill\/2022\/25\/stage\/dail\/1"}},{"event":{"chamber":{"chamberCode":"dail","showAs":"D\u00e1il \u00c9ireann","uri":"https:\/\/data.oireachtas.ie\/ie\/oireachtas\/def\/house\/dail"},"dates":[{"date":"2024-11-08"},{"date":"2025-05-01"}],"house":{"chamberCode":"dail","chamberType":"house","houseCode":"dail","houseNo":"33","showAs":"33rd D\u00e1il","uri":"https:\/\/data.oireachtas.ie\/ie\/oireachtas\/house\/dail\/33"},"progressStage":2,"showAs":"Second Stage","stageCompleted":false,"stageOutcome":"Current","stageURI":"https:\/\/data.oireachtas.ie\/ie\/oireachtas\/def\/bill-stage\/2","uri":"https:\/\/data.oireachtas.ie\/ie\/oireachtas\/bill\/2022\/25\/stage\/dail\/2"}}],"status":"Current","statusURI":"https:\/\/data.oireachtas.ie\/ie\/oireachtas\/def\/bill-status\/published","uri":"https:\/\/data.oireachtas.ie\/ie\/oireachtas\/bill\/2022\/25","versions":[{"version":{"date":"2022-03-02","docType":"bill","formats":{"pdf":{"uri":"https:\/\/data.oireachtas.ie\/ie\/oireachtas\/bill\/2022\/25\/eng\/initiated\/b2522d.pdf"},"xml":null},"lang":"eng","showAs":"As Initiated","uri":"https:\/\/data.oireachtas.ie\/ie\/oireachtas\/bill\/2022\/25\/eng\/initiated"}}]},"billSort":{"actNoSort":null,"actShortTitleEnSort":null,"actShortTitleGaSort":null,"actYearSort":null,"billNoSort":25,"billShortTitleEnSort":"planning-and-development-liquefied-natural-gas-lng-amendment-bill-2022","billShortTitleGaSort":"an-bille-um-pleanail-agus-forbairt-gas-nadurtha-leachtaithe-gnl-leasu-2022","billYearSort":2022},"contextDate":"2025-05-01"},{"bill":{"act":null,"amendmentLists":[],"billNo":"22","billType":"Public","billTypeURI":"https:\/\/data.oireachtas.ie\/ie\/oireachtas\/def\/bill-type\/public","billYear":"2022","debates":[{"chamber":{"showAs":"Seanad \u00c9ireann","uri":"https:\/\/data.oireachtas.ie\/ie\/oireachtas\/def\/house\/seanad"},"date":"2022-02-23","debateSectionId":"dbsect_17","showAs":"Coroners (Provision for Jury Selection) (Amendment) Bill 2022: Order for Second Stage","uri":"https:\/\/data.oireachtas.ie\/akn\/ie\/debateRecord\/seanad\/2022-02-23\/debate\/main"},{"chamber":{"showAs":"Seanad \u00c9ireann","uri":"https:\/\/data.oireachtas.ie\/ie\/oireachtas\/def\/house\/seanad"},"date":"2022-02-23","debateSectionId":"dbsect_18","showAs":"Coroners (Provision for Jury Selection) (Amendment) Bill 2022: Second Stage","uri":"https:\/\/data.oireachtas.ie\/akn\/ie\/debateRecord\/seanad\/2022-02-23\/debate\/main"}],"events":[{"event":{"chamber":{"chamberCode":"seanad","showAs":"Seanad \u00c9ireann","uri":"https:\/\/data.oireachtas.ie\/ie\/oireachtas\/def\/house\/seanad"},"dates":[{"date":"2022-02-17"},{"date":"2022-02-21"}],"eventURI":"https:\/\/data.oireachtas.ie\/ie\/oireachtas\/def\/bill-event\/admissibility-for-introduction","showAs":"Admissibility for Introduction","uri":"https:\/\/data.oireachtas.ie\/ie\/oireachtas\/bill\/2022\/22\/admissibility-for-introduction"}},{"event":{"chamber":{"chamberCode":"seanad","showAs":"Seanad \u00c9ireann","uri":"https:\/\/data.oireachtas.ie\/ie\/oireachtas\/def\/house\/seanad"},"dates":[{"date":"2025-01-29"}],"eventURI":"https:\/\/data.oireachtas.ie\/ie\/oireachtas\/def\/bill-event\/bill-lapsed","showAs":"Bill Lapsed","uri":"https:\/\/data.oireachtas.ie\/ie\/oireachtas\/bill\/2022\/22\/bill-lapsed"}}],"lastUpdated":"2025-01-30T11:17:37.160000+00:00","longTitleEn":"Bill entitled an Act to amend the Coroners Act 1962 to make provision for the coroner to select a jury using the provisions of the Juries Act 1976 for the purposes of the Stardust Inquest.","longTitleGa":"Bille d\u00e1 ngairtear Acht do leas\u00fa an Achta Cr\u00f3in\u00e9ir\u00ed, 1962 chun socr\u00fa a dh\u00e9anamh maidir leis an gcr\u00f3in\u00e9ir do roghn\u00fa gi\u00fair\u00e9 tr\u00ed fhor\u00e1lacha Acht na nGi\u00fair\u00e9ithe, 1976 a \u00fas\u00e1id chun cr\u00edocha Ionchoisne Stardust.","method":"Presented","methodURI":"https:\/\/data.oireachtas.ie\/ie\/oireachtas\/def\/bill-method\/presented","mostRecentStage":{"event":{"chamber":{"chamberCode":"seanad","showAs":"Seanad \u00c9ireann","uri":"https:\/\/data.oireachtas.ie\/ie\/oireachtas\/def\/house\/seanad"},"dates":[{"date":"2022-02-21"}],"house":{"chamberCode":"seanad","chamberType":"house","houseCode":"seanad","houseNo":"26","showAs":"26th Seanad","uri":"https:\/\/data.oireachtas.ie\/ie\/oireachtas\/house\/seanad\/26"},"progressStage":2,"showAs":"Second Stage","stageCompleted":true,"stageOutcome":null,"stageURI":"https:\/\/data.oireachtas.ie\/ie\/oireachtas\/def\/bill-stage\/2","uri":"https:\/\/data.oireachtas.ie\/ie\/oireachtas\/bill\/2022\/22\/stage\/seanad\/2"}},"originHouse":{"showAs":"Seanad \u00c9ireann","uri":"https:\/\/data.oireachtas.ie\/ie\/oireachtas\/def\/house\/seanad"},"originHouseURI":"https:\/\/data.oireachtas.ie\/ie\/oireachtas\/def\/house\/seanad","relatedDocs":[],"shortTitleEn":"Coroners (Provision for Jury Selection) (Amendment) Bill 2022","shortTitleGa":"An Bille Cr\u00f3in\u00e9ir\u00ed (Socr\u00fa maidir le Roghn\u00f3ireacht Gi\u00fair\u00e9) (Leas\u00fa), 2022","source":"Private Member","sourceURI":"https:\/\/data.oireachtas.ie\/ie\/oireachtas\/def\/bill-source\/private-member","sponsors":[{"sponsor":{"isPrimary":true,"as":{"showAs":null,"uri":null},"by":{"showAs":"Lynn Boylan","uri":"https:\/\/data.oireachtas.ie\/ie\/oireachtas\/member\/id\/Lynn-Boylan.S.2020-03-30"}}},{"sponsor":{"isPrimary":false,"as":{"showAs":null,"uri":null},"by":{"showAs":"Fintan Warfield","uri":"https:\/\/data.oireachtas.ie\/ie\/oireachtas\/member\/id\/Fintan-Warfield.S.2016-04-25"}}},{"sponsor":{"isPrimary":false,"as":{"showAs":null,"uri":null},"by":{"showAs":"Paul Gavan","uri":"https:\/\/data.oireachtas.ie\/ie\/oireachtas\/member\/id\/Paul-Gavan.S.2016-04-25"}}}],"stages":[{"event":{"chamber":{"chamberCode":"seanad","showAs":"Seanad \u00c9ireann","uri":"https:\/\/data.oireachtas.ie\/ie\/oireachtas\/def\/house\/seanad"},"dates":[{"date":"2022-02-17"},{"date":"2022-02-21"},{"date":"2022-02-21"}],"house":{"chamberCode":"seanad","chamberType":"house","houseCode":"seanad","houseNo":"26","showAs":"26th Seanad","uri":"https:\/\/data.oireachtas.ie\/ie\/oireachtas\/house\/seanad\/26"},"progressStage":1,"showAs":"First Stage","stageCompleted":true,"stageOutcome":null,"stageURI":"https:\/\/data.oireachtas.ie\/ie\/oireachtas\/def\/bill-stage\/1","uri":"https:\/\/data.oireachtas.ie\/ie\/oireachtas\/bill\/2022\/22\/stage\/seanad\/1"}},{"event":{"chamber":{"chamberCode":"seanad","showAs":"Seanad \u00c9ireann","uri":"https:\/\/data.oireachtas.ie\/ie\/oireachtas\/def\/house\/seanad"},"dates":[{"date":"2022-02-21"}],"house":{"chamberCode":"seanad","chamberType":"house","houseCode":"seanad","houseNo":"26","showAs":"26th Seanad","uri":"https:\/\/data.oireachtas.ie\/ie\/oireachtas\/house\/seanad\/26"},"progressStage":2,"showAs":"Second Stage","stageCompleted":true,"stageOutcome":null,"stageURI":"https:\/\/data.oireachtas.ie\/ie\/oireachtas\/def\/bill-stage\/2","uri":"https:\/\/data.oireachtas.ie\/ie\/oireachtas\/bill\/2022\/22\/stage\/seanad\/2"}}],"status":"Lapsed","statusURI":"https:\/\/data.oireachtas.ie\/ie\/oireachtas\/def\/bill-status\/lapsed","uri":"https:\/\/data.oireachtas.ie\/ie\/oireachtas\/bill\/2022\/22","versions":[{"version":{"lang":"eng","docType":"bill","showAs":"As Initiated","date":"2022-02-21","formats":{"pdf":{"uri":"https:\/\/data.oireachtas.ie\/ie\/oireachtas\/bill\/2022\/22\/eng\/initiated\/b2222s.pdf"},"xml":null},"uri":"https:\/\/data.oireachtas.ie\/ie\/oireachtas\/bill\/2022\/22\/eng\/initiated"}}]},"contextDate":"2022-02-21","billSort":{"actNoSort":null,"actShortTitleEnSort":null,"actShortTitleGaSort":null,"actYearSort":null,"billNoSort":22,"billShortTitleEnSort":"coroners-provision-for-jury-selection-amendment-bill-2022","billShortTitleGaSort":"an-bille-croineiri-socru-maidir-le-roghnoireacht-giuire-leasu-2022","billYearSort":2022}},{"bill":{"act":null,"amendmentLists":[],"billNo":"21","billType":"Public","billTypeURI":"https:\/\/data.oireachtas.ie\/ie\/oireachtas\/def\/bill-type\/public","billYear":"2022","debates":[{"chamber":{"showAs":"D\u00e1il \u00c9ireann","uri":"https:\/\/data.oireachtas.ie\/ie\/oireachtas\/def\/house\/dail"},"date":"2023-06-14","debateSectionId":"dbsect_8","showAs":"National Minimum Wage (Equal Pay for Young Workers) Bill 2022: Second Stage [Private Members]","uri":"https:\/\/data.oireachtas.ie\/akn\/ie\/debateRecord\/dail\/2023-06-14\/debate\/main"},{"chamber":{"showAs":"D\u00e1il \u00c9ireann","uri":"https:\/\/data.oireachtas.ie\/ie\/oireachtas\/def\/house\/dail"},"date":"2023-06-14","debateSectionId":"dbsect_28","showAs":"National Minimum Wage (Equal Pay for Young Workers) Bill 2022: Second Stage (Resumed) [Private Members]","uri":"https:\/\/data.oireachtas.ie\/akn\/ie\/debateRecord\/dail\/2023-06-14\/debate\/main"},{"chamber":{"showAs":"D\u00e1il \u00c9ireann","uri":"https:\/\/data.oireachtas.ie\/ie\/oireachtas\/def\/house\/dail"},"date":"2022-02-15","debateSectionId":"dbsect_10","showAs":"National Minimum Wage (Equal Pay for Young Workers) Bill 2022: First Stage","uri":"https:\/\/data.oireachtas.ie\/akn\/ie\/debateRecord\/dail\/2022-02-15\/debate\/main"}],"events":[{"event":{"chamber":{"chamberCode":"dail","showAs":"D\u00e1il \u00c9ireann","uri":"https:\/\/data.oireachtas.ie\/ie\/oireachtas\/def\/house\/dail"},"dates":[{"date":"2021-12-01"},{"date":"2021-12-01"},{"date":"2022-02-15"},{"date":"2025-05-01"}],"eventURI":"https:\/\/data.oireachtas.ie\/ie\/oireachtas\/def\/bill-event\/approved-for-initiation","showAs":"Approved for Initiation","uri":"https:\/\/data.oireachtas.ie\/ie\/oireachtas\/bill\/2022\/21\/approved-for-initiation"}},{"event":{"chamber":{"chamberCode":"dail","showAs":"D\u00e1il \u00c9ireann","uri":"https:\/\/data.oireachtas.ie\/ie\/oireachtas\/def\/house\/dail"},"dates":[{"date":"2024-11-08"}],"eventURI":"https:\/\/data.oireachtas.ie\/ie\/oireachtas\/def\/bill-event\/bill-lapsed","showAs":"Bill Lapsed","uri":"https:\/\/data.oireachtas.ie\/ie\/oireachtas\/bill\/2022\/21\/bill-lapsed"}}],"lastUpdated":"2025-05-02T12:04:36.590000+00:00","longTitleEn":"Bill entitled an Act to amend the National Minimum Wage Act 2000 to remove the lower minimum wage rates imposed on those employed between the ages of 16 and 20.","longTitleGa":"Bille d\u00e1 ngairtear Acht do leas\u00fa an Achta um P\u00e1 \u00cdosta N\u00e1isi\u00fanta, 2000 chun deireadh a chur leis na h\u00edosr\u00e1ta\u00ed p\u00e1 n\u00edos \u00edsle a fhorchuirtear orthu si\u00fad at\u00e1 fostaithe agus idir 16 bliana agus 20 bliain d\u2019aois.","method":"Introduced","methodURI":"https:\/\/data.oireachtas.ie\/ie\/oireachtas\/def\/bill-method\/introduced","mostRecentStage":{"event":{"chamber":{"chamberCode":"dail","showAs":"D\u00e1il \u00c9ireann","uri":"https:\/\/data.oireachtas.ie\/ie\/oireachtas\/def\/house\/dail"},"dates":[{"date":"2024-11-08"},{"date":"2025-05-01"}],"house":{"chamberCode":"dail","chamberType":"house","houseCode":"dail","houseNo":"33","showAs":"33rd D\u00e1il","uri":"https:\/\/data.oireachtas.ie\/ie\/oireachtas\/house\/dail\/33"},"progressStage":3,"showAs":"Committee Stage","stageCompleted":false,"stageOutcome":"Current","stageURI":"https:\/\/data.oireachtas.ie\/ie\/oireachtas\/def\/bill-stage\/3","uri":"https:\/\/data.oireachtas.ie\/ie\/oireachtas\/bill\/2022\/21\/stage\/dail\/3"}},"originHouse":{"showAs":"D\u00e1il \u00c9ireann","uri":"https:\/\/data.oireachtas.ie\/ie\/oireachtas\/def\/house\/dail"},"originHouseURI":"https:\/\/data.oireachtas.ie\/ie\/oireachtas\/def\/house\/dail","relatedDocs":[{"relatedDoc":{"date":"2022-02-15","docType":"memo","formats":{"pdf":{"uri":"https:\/\/data.oireachtas.ie\/ie\/oireachtas\/bill\/2022\/21\/eng\/memo\/b2122d-memo.pdf"},"xml":null},"lang":"eng","showAs":"Explanatory Memorandum","uri":"https:\/\/data.oireachtas.ie\/ie\/oireachtas\/bill\/2022\/21\/eng\/memo"}}],"shortTitleEn":"National Minimum Wage (Equal Pay for Young Workers) Bill 2022","shortTitleGa":"An Bille um P\u00e1 \u00cdosta N\u00e1isi\u00fanta (P\u00e1 Comhionann d\u2019Oibrithe \u00d3ga), 2022","source":"Private Member","sourceURI":"https:\/\/data.oireachtas.ie\/ie\/oireachtas\/def\/bill-source\/private-member","sponsors":[{"sponsor":{"as":{"showAs":null,"uri":null},"by":{"showAs":"Paul Murphy","uri":"https:\/\/data.oireachtas.ie\/ie\/oireachtas\/member\/id\/Paul-Murphy.D.2014-10-10"},"isPrimary":true}}],"stages":[{"event":{"chamber":{"chamberCode":"dail","showAs":"D\u00e1il \u00c9ireann","uri":"https:\/\/data.oireachtas.ie\/ie\/oireachtas\/def\/house\/dail"},"dates":[{"date":"2021-12-01"},{"date":"2021-12-01"},{"date":"2022-02-15"},{"date":"2022-02-15"}],"house":{"chamberCode":"dail","chamberType":"house","houseCode":"dail","houseNo":"33","showAs":"33rd D\u00e1il","uri":"https:\/\/data.oireachtas.ie\/ie\/oireachtas\/house\/dail\/33"},"progressStage":1,"showAs":"First Stage","stageCompleted":true,"stageOutcome":null,"stageURI":"https:\/\/data.oireachtas.ie\/ie\/oireachtas\/def\/bill-stage\/1","uri":"https:\/\/data.oireachtas.ie\/ie\/oireachtas\/bill\/2022\/21\/stage\/dail\/1"}},{"event":{"chamber":{"chamberCode":"dail","showAs":"D\u00e1il \u00c9ireann","uri":"https:\/\/data.oireachtas.ie\/ie\/oireachtas\/def\/house\/dail"},"dates":[{"date":"2022-02-15"}],"house":{"chamberCode":"dail","chamberType":"house","houseCode":"dail","houseNo":"33","showAs":"33rd D\u00e1il","uri":"https:\/\/data.oireachtas.ie\/ie\/oireachtas\/house\/dail\/33"},"progressStage":2,"showAs":"Second Stage","stageCompleted":true,"stageOutcome":null,"stageURI":"https:\/\/data.oireachtas.ie\/ie\/oireachtas\/def\/bill-stage\/2","uri":"https:\/\/data.oireachtas.ie\/ie\/oireachtas\/bill\/2022\/21\/stage\/dail\/2"}},{"event":{"chamber":{"chamberCode":"dail","showAs":"D\u00e1il \u00c9ireann","uri":"https:\/\/data.oireachtas.ie\/ie\/oireachtas\/def\/house\/dail"},"dates":[{"date":"2024-11-08"},{"date":"2025-05-01"}],"house":{"chamberCode":"dail","chamberType":"house","houseCode":"dail","houseNo":"33","showAs":"33rd D\u00e1il","uri":"https:\/\/data.oireachtas.ie\/ie\/oireachtas\/house\/dail\/33"},"progressStage":3,"showAs":"Committee Stage","stageCompleted":false,"stageOutcome":"Current","stageURI":"https:\/\/data.oireachtas.ie\/ie\/oireachtas\/def\/bill-stage\/3","uri":"https:\/\/data.oireachtas.ie\/ie\/oireachtas\/bill\/2022\/21\/stage\/dail\/3"}}],"status":"Current","statusURI":"https:\/\/data.oireachtas.ie\/ie\/oireachtas\/def\/bill-status\/published","uri":"https:\/\/data.oireachtas.ie\/ie\/oireachtas\/bill\/2022\/21","versions":[{"version":{"date":"2022-02-15","docType":"bill","formats":{"pdf":{"uri":"https:\/\/data.oireachtas.ie\/ie\/oireachtas\/bill\/2022\/21\/eng\/initiated\/b2122d.pdf"},"xml":null},"lang":"eng","showAs":"As Initiated","uri":"https:\/\/data.oireachtas.ie\/ie\/oireachtas\/bill\/2022\/21\/eng\/initiated"}}]},"billSort":{"actNoSort":null,"actShortTitleEnSort":null,"actShortTitleGaSort":null,"actYearSort":null,"billNoSort":21,"billShortTitleEnSort":"national-minimum-wage-equal-pay-for-young-workers-bill-2022","billShortTitleGaSort":"an-bille-um-pa-iosta-naisiunta-pa-comhionann-doibrithe-oga-2022","billYearSort":2022},"contextDate":"2025-05-01"},{"bill":{"act":null,"amendmentLists":[],"billNo":"15","billType":"Public","billTypeURI":"https:\/\/data.oireachtas.ie\/ie\/oireachtas\/def\/bill-type\/public","billYear":"2022","debates":[{"chamber":{"showAs":"D\u00e1il \u00c9ireann","uri":"https:\/\/data.oireachtas.ie\/ie\/oireachtas\/def\/house\/dail"},"date":"2025-06-25","debateSectionId":"dbsect_38","showAs":"Healthcare (Transparent Payments) Bill 2022: Second Stage (Resumed) [Private Members]","uri":"https:\/\/data.oireachtas.ie\/akn\/ie\/debateRecord\/dail\/2025-06-25\/debate\/main"},{"chamber":{"showAs":"D\u00e1il \u00c9ireann","uri":"https:\/\/data.oireachtas.ie\/ie\/oireachtas\/def\/house\/dail"},"date":"2025-06-19","debateSectionId":"dbsect_45","showAs":"Healthcare (Transparent Payments) Bill 2022: Second Stage [Private Members]","uri":"https:\/\/data.oireachtas.ie\/akn\/ie\/debateRecord\/dail\/2025-06-19\/debate\/main"},{"chamber":{"showAs":"D\u00e1il \u00c9ireann","uri":"https:\/\/data.oireachtas.ie\/ie\/oireachtas\/def\/house\/dail"},"date":"2022-02-02","debateSectionId":"dbsect_12","showAs":"Healthcare (Transparent Payments) Bill 2022: First Stage","uri":"https:\/\/data.oireachtas.ie\/akn\/ie\/debateRecord\/dail\/2022-02-02\/debate\/main"}],"events":[{"event":{"chamber":{"chamberCode":"dail","showAs":"D\u00e1il \u00c9ireann","uri":"https:\/\/data.oireachtas.ie\/ie\/oireachtas\/def\/house\/dail"},"dates":[{"date":"2022-01-20"},{"date":"2022-01-20"},{"date":"2022-02-02"},{"date":"2025-05-01"}],"eventURI":"https:\/\/data.oireachtas.ie\/ie\/oireachtas\/def\/bill-event\/approved-for-initiation","showAs":"Approved for Initiation","uri":"https:\/\/data.oireachtas.ie\/ie\/oireachtas\/bill\/2022\/15\/approved-for-initiation"}},{"event":{"chamber":{"chamberCode":"dail","showAs":"D\u00e1il \u00c9ireann","uri":"https:\/\/data.oireachtas.ie\/ie\/oireachtas\/def\/house\/dail"},"dates":[{"date":"2024-11-08"}],"eventURI":"https:\/\/data.oireachtas.ie\/ie\/oireachtas\/def\/bill-event\/bill-lapsed","showAs":"Bill Lapsed","uri":"https:\/\/data.oireachtas.ie\/ie\/oireachtas\/bill\/2022\/15\/bill-lapsed"}}],"lastUpdated":"2025-06-20T13:21:16.330000+00:00","longTitleEn":"Bill entitled an Act to require pharmaceutical companies, medical equipment suppliers and their servants or agents, to declare payments, gifts, donations or other transfers of values provided to healthcare professionals or health care organisations on an annual basis.","longTitleGa":"Bille d\u00e1 ngairtear Acht d\u00e1 cheangal ar chuideachta\u00ed c\u00f3gais\u00edochta, ar shol\u00e1thraithe trealaimh liachta agus ar sheirbh\u00edsigh n\u00f3 gn\u00edomhair\u00ed d\u00e1 gcuid dearbh\u00fa a dh\u00e9anamh i leith \u00edoca\u00edochta\u00ed, bronntanas, s\u00ednti\u00fas n\u00f3 aistrithe eile ar luach a shol\u00e1thra\u00edtear do ghairmithe c\u00faraim sl\u00e1inte n\u00f3 d\u2019eagra\u00edochta\u00ed c\u00faraim sl\u00e1inte ar bhonn bliant\u00fail. ","method":"Introduced","methodURI":"https:\/\/data.oireachtas.ie\/ie\/oireachtas\/def\/bill-method\/introduced","mostRecentStage":{"event":{"chamber":{"chamberCode":"dail","showAs":"D\u00e1il \u00c9ireann","uri":"https:\/\/data.oireachtas.ie\/ie\/oireachtas\/def\/house\/dail"},"dates":[{"date":"2025-06-19"},{"date":"2025-06-19"}],"house":{"chamberCode":"dail","chamberType":"house","houseCode":"dail","houseNo":"34","showAs":"34th D\u00e1il","uri":"https:\/\/data.oireachtas.ie\/ie\/oireachtas\/house\/dail\/34"},"progressStage":2,"showAs":"Second Stage","stageCompleted":false,"stageOutcome":"Current","stageURI":"https:\/\/data.oireachtas.ie\/ie\/oireachtas\/def\/bill-stage\/2","uri":"https:\/\/data.oireachtas.ie\/ie\/oireachtas\/bill\/2022\/15\/stage\/dail\/2"}},"originHouse":{"showAs":"D\u00e1il \u00c9ireann","uri":"https:\/\/data.oireachtas.ie\/ie\/oireachtas\/def\/house\/dail"},"originHouseURI":"https:\/\/data.oireachtas.ie\/ie\/oireachtas\/def\/house\/dail","relatedDocs":[{"relatedDoc":{"date":"2022-02-02","docType":"memo","formats":{"pdf":{"uri":"https:\/\/data.oireachtas.ie\/ie\/oireachtas\/bill\/2022\/15\/eng\/memo\/b1522d-memo.pdf"},"xml":null},"lang":"eng","showAs":"Explanatory Memorandum","uri":"https:\/\/data.oireachtas.ie\/ie\/oireachtas\/bill\/2022\/15\/eng\/memo"}}],"shortTitleEn":"Healthcare (Transparent Payments) Bill 2022","shortTitleGa":"An Bille C\u00faraim Sl\u00e1inte (\u00cdoca\u00edochta\u00ed Tr\u00e9dhearcacha), 2022","source":"Private Member","sourceURI":"https:\/\/data.oireachtas.ie\/ie\/oireachtas\/def\/bill-source\/private-member","sponsors":[{"sponsor":{"as":{"showAs":null,"uri":null},"by":{"showAs":"Darren O'Rourke","uri":"https:\/\/data.oireachtas.ie\/ie\/oireachtas\/member\/id\/Darren-O'Rourke.D.2020-02-08"},"isPrimary":true}},{"sponsor":{"as":{"showAs":null,"uri":null},"by":{"showAs":"Se\u00e1n Crowe","uri":"https:\/\/data.oireachtas.ie\/ie\/oireachtas\/member\/id\/Se\u00e1n-Crowe.D.2002-06-06"},"isPrimary":false}},{"sponsor":{"as":{"showAs":null,"uri":null},"by":{"showAs":"David Cullinane","uri":"https:\/\/data.oireachtas.ie\/ie\/oireachtas\/member\/id\/David-Cullinane.S.2011-05-25"},"isPrimary":false}}],"stages":[{"event":{"chamber":{"chamberCode":"dail","showAs":"D\u00e1il \u00c9ireann","uri":"https:\/\/data.oireachtas.ie\/ie\/oireachtas\/def\/house\/dail"},"dates":[{"date":"2022-01-20"},{"date":"2022-01-20"},{"date":"2022-02-02"},{"date":"2022-02-02"}],"house":{"chamberCode":"dail","chamberType":"house","houseCode":"dail","houseNo":"33","showAs":"33rd D\u00e1il","uri":"https:\/\/data.oireachtas.ie\/ie\/oireachtas\/house\/dail\/33"},"progressStage":1,"showAs":"First Stage","stageCompleted":true,"stageOutcome":null,"stageURI":"https:\/\/data.oireachtas.ie\/ie\/oireachtas\/def\/bill-stage\/1","uri":"https:\/\/data.oireachtas.ie\/ie\/oireachtas\/bill\/2022\/15\/stage\/dail\/1"}},{"event":{"chamber":{"chamberCode":"dail","showAs":"D\u00e1il \u00c9ireann","uri":"https:\/\/data.oireachtas.ie\/ie\/oireachtas\/def\/house\/dail"},"dates":[{"date":"2025-06-19"},{"date":"2025-06-19"}],"house":{"chamberCode":"dail","chamberType":"house","houseCode":"dail","houseNo":"34","showAs":"34th D\u00e1il","uri":"https:\/\/data.oireachtas.ie\/ie\/oireachtas\/house\/dail\/34"},"progressStage":2,"showAs":"Second Stage","stageCompleted":false,"stageOutcome":"Current","stageURI":"https:\/\/data.oireachtas.ie\/ie\/oireachtas\/def\/bill-stage\/2","uri":"https:\/\/data.oireachtas.ie\/ie\/oireachtas\/bill\/2022\/15\/stage\/dail\/2"}}],"status":"Current","statusURI":"https:\/\/data.oireachtas.ie\/ie\/oireachtas\/def\/bill-status\/published","uri":"https:\/\/data.oireachtas.ie\/ie\/oireachtas\/bill\/2022\/15","versions":[{"version":{"date":"2022-02-02","docType":"bill","formats":{"pdf":{"uri":"https:\/\/data.oireachtas.ie\/ie\/oireachtas\/bill\/2022\/15\/eng\/initiated\/b1522d.pdf"},"xml":null},"lang":"eng","showAs":"As Initiated","uri":"https:\/\/data.oireachtas.ie\/ie\/oireachtas\/bill\/2022\/15\/eng\/initiated"}}]},"billSort":{"actNoSort":null,"actShortTitleEnSort":null,"actShortTitleGaSort":null,"actYearSort":null,"billNoSort":15,"billShortTitleEnSort":"healthcare-transparent-payments-bill-2022","billShortTitleGaSort":"an-bille-curaim-slainte-iocaiochtai-tredhearcacha-2022","billYearSort":2022},"contextDate":"2025-06-19"},{"bill":{"act":null,"amendmentLists":[{"amendmentList":{"amendmentTypeUri":{"uri":"https:\/\/data.oireachtas.ie\/ie\/oireachtas\/def\/amendment-type\/numberedList"},"chamber":{"showAs":"Seanad","uri":"https:\/\/data.oireachtas.ie\/ie\/oireachtas\/def\/seanad"},"date":"2025-11-05","formats":{"pdf":{"uri":"https:\/\/data.oireachtas.ie\/ie\/oireachtas\/bill\/2022\/14\/seanad\/4\/amendment\/numberedList\/eng\/b14a22s-srnl.pdf"},"xml":null},"showAs":"Numbered List [Seanad]","stage":{"showAs":"Report Stage","uri":"https:\/\/data.oireachtas.ie\/ie\/oireachtas\/bill\/2022\/14\/seanad\/4"},"stageNo":"4"}},{"amendmentList":{"amendmentTypeUri":{"uri":"https:\/\/data.oireachtas.ie\/ie\/oireachtas\/def\/amendment-type\/numberedList"},"chamber":{"showAs":"Seanad","uri":"https:\/\/data.oireachtas.ie\/ie\/oireachtas\/def\/seanad"},"date":"2025-06-11","formats":{"pdf":{"uri":"https:\/\/data.oireachtas.ie\/ie\/oireachtas\/bill\/2022\/14\/seanad\/3\/amendment\/numberedList\/eng\/b1422s-scnl.pdf"},"xml":null},"showAs":"Numbered List [Seanad]","stage":{"showAs":"Committee Stage","uri":"https:\/\/data.oireachtas.ie\/ie\/oireachtas\/bill\/2022\/14\/seanad\/3"},"stageNo":"3"}}],"billNo":"14","billType":"Public","billTypeURI":"https:\/\/data.oireachtas.ie\/ie\/oireachtas\/def\/bill-type\/public","billYear":"2022","debates":[{"chamber":{"showAs":"Seanad \u00c9ireann","uri":"https:\/\/data.oireachtas.ie\/ie\/oireachtas\/def\/house\/seanad"},"date":"2025-11-05","debateSectionId":"dbsect_12","showAs":"Child Trafficking and Child Sexual Exploitation Material (Amendment) Bill 2022: Report Stage","uri":"https:\/\/data.oireachtas.ie\/akn\/ie\/debateRecord\/seanad\/2025-11-05\/debate\/main"},{"chamber":{"showAs":"Seanad \u00c9ireann","uri":"https:\/\/data.oireachtas.ie\/ie\/oireachtas\/def\/house\/seanad"},"date":"2025-06-11","debateSectionId":"dbsect_11","showAs":"Child Trafficking and Child Sexual Exploitation Material (Amendment) Bill 2022: Committee Stage","uri":"https:\/\/data.oireachtas.ie\/akn\/ie\/debateRecord\/seanad\/2025-06-11\/debate\/main"},{"chamber":{"showAs":"Seanad \u00c9ireann","uri":"https:\/\/data.oireachtas.ie\/ie\/oireachtas\/def\/house\/seanad"},"date":"2022-02-03","debateSectionId":"dbsect_12","showAs":"Child Trafficking and Child Sexual Exploitation Material (Amendment) Bill 2022: Second Stage","uri":"https:\/\/data.oireachtas.ie\/akn\/ie\/debateRecord\/seanad\/2022-02-03\/debate\/main"},{"chamber":{"showAs":"Seanad \u00c9ireann","uri":"https:\/\/data.oireachtas.ie\/ie\/oireachtas\/def\/house\/seanad"},"date":"2022-02-01","debateSectionId":"dbsect_10","showAs":"Child Trafficking and Child Sexual Exploitation Material (Amendment) Bill 2022: First Stage","uri":"https:\/\/data.oireachtas.ie\/akn\/ie\/debateRecord\/seanad\/2022-02-01\/debate\/main"}],"events":[{"event":{"chamber":{"chamberCode":"seanad","showAs":"Seanad \u00c9ireann","uri":"https:\/\/data.oireachtas.ie\/ie\/oireachtas\/def\/house\/seanad"},"dates":[{"date":"2022-01-26"},{"date":"2022-02-01"},{"date":"2025-03-04"}],"eventURI":"https:\/\/data.oireachtas.ie\/ie\/oireachtas\/def\/bill-event\/admissibility-for-introduction","showAs":"Admissibility for Introduction","uri":"https:\/\/data.oireachtas.ie\/ie\/oireachtas\/bill\/2022\/14\/admissibility-for-introduction"}},{"event":{"chamber":{"chamberCode":"seanad","showAs":"Seanad \u00c9ireann","uri":"https:\/\/data.oireachtas.ie\/ie\/oireachtas\/def\/house\/seanad"},"dates":[{"date":"2025-01-29"}],"eventURI":"https:\/\/data.oireachtas.ie\/ie\/oireachtas\/def\/bill-event\/bill-lapsed","showAs":"Bill Lapsed","uri":"https:\/\/data.oireachtas.ie\/ie\/oireachtas\/bill\/2022\/14\/bill-lapsed"}}],"lastUpdated":"2025-06-12T14:16:40.890000+00:00","longTitleEn":"<p>Bill entitled an Act to amend the title of the Child Trafficking and Pornography Act 1998 whereafter, following commencement of this Act, the Act of 1998 shall be titled the \u201cChild Trafficking and Child Sexual Abuse Material Act 1998\u201d(Amendment); to amend the title of the Child Trafficking and Pornography (Amendment) Act 2004 whereafter, following commencement of this Act, the Act of 2004 shall be titled the \u201cChild Trafficking and Child Sexual Exploitation Material (Amendment) Act 2004\u201d; to substitute the term \u201cChild Pornography\u201d with \u201cChild Sexual Exploitation Material\u201d within those Acts and other Acts.<\/p>","longTitleGa":"<p>Bille d\u00e1 ngairtear Acht do leas\u00fa theideal an Achta um Gh\u00e1inne\u00e1il ar Leana\u00ed agus Pornagrafa\u00edocht Leana\u00ed, 1998 chun gurb \u00e9 teideal Acht 1998, tar \u00e9is thosach feidhme an Achta seo, \u201cAn tAcht um Gh\u00e1inne\u00e1il ar Leana\u00ed agus \u00c1bhar a bhaineann le Droch\u00fas\u00e1id Ghn\u00e9asach Leana\u00ed 1998\u201d(Leas\u00fa); do leas\u00fa theideal an Achta um Gh\u00e1inne\u00e1il ar Leana\u00ed agus Pornagrafa\u00edocht Leana\u00ed (Leas\u00fa), 2004 chun gurb \u00e9 teideal Acht 2004, tar \u00e9is thosach feidhme an Achta seo, \u201cAn tAcht um Gh\u00e1inne\u00e1il ar Leana\u00ed agus \u00c1bhar a bhaineann le Teacht i dT\u00edr Gn\u00e9asach ar Leana\u00ed (Leas\u00fa), 2004\u201d; do chur an t\u00e9arma \u201c\u00c1bhar a bhaineann le Teacht i dT\u00edr Gn\u00e9asach ar Leana\u00ed\u201d in ionad an t\u00e9arma \u201cPornagrafa\u00edocht Leana\u00ed\u201d sna hAchtanna sin agus in Achtanna eile.<\/p>","method":"Introduced","methodURI":"https:\/\/data.oireachtas.ie\/ie\/oireachtas\/def\/bill-method\/introduced","mostRecentStage":{"event":{"chamber":{"chamberCode":"seanad","showAs":"Seanad \u00c9ireann","uri":"https:\/\/data.oireachtas.ie\/ie\/oireachtas\/def\/house\/seanad"},"dates":[{"date":"2025-06-11"}],"house":{"chamberCode":"seanad","chamberType":"house","houseCode":"seanad","houseNo":"27","showAs":"27th Seanad","uri":"https:\/\/data.oireachtas.ie\/ie\/oireachtas\/house\/seanad\/27"},"progressStage":4,"showAs":"Report Stage","stageCompleted":false,"stageOutcome":"Current","stageURI":"https:\/\/data.oireachtas.ie\/ie\/oireachtas\/def\/bill-stage\/4","uri":"https:\/\/data.oireachtas.ie\/ie\/oireachtas\/bill\/2022\/14\/stage\/seanad\/4"}},"originHouse":{"showAs":"Seanad \u00c9ireann","uri":"https:\/\/data.oireachtas.ie\/ie\/oireachtas\/def\/house\/seanad"},"originHouseURI":"https:\/\/data.oireachtas.ie\/ie\/oireachtas\/def\/house\/seanad","relatedDocs":[],"shortTitleEn":"Child Trafficking and Child Sexual Exploitation Material (Amendment) Bill 2022","shortTitleGa":"An Bille um Gh\u00e1inne\u00e1il ar Leana\u00ed agus \u00c1bhar a bhaineann le Teacht i dT\u00edr Gn\u00e9asach ar Leana\u00ed (Leas\u00fa), 2022","source":"Private Member","sourceURI":"https:\/\/data.oireachtas.ie\/ie\/oireachtas\/def\/bill-source\/private-member","sponsors":[{"sponsor":{"isPrimary":true,"as":{"showAs":null,"uri":null},"by":{"showAs":"Eileen Flynn","uri":"https:\/\/data.oireachtas.ie\/ie\/oireachtas\/member\/id\/Eileen-Flynn.S.2020-06-29"}}},{"sponsor":{"isPrimary":false,"as":{"showAs":null,"uri":null},"by":{"showAs":"Alice-Mary Higgins","uri":"https:\/\/data.oireachtas.ie\/ie\/oireachtas\/member\/id\/Alice-Mary-Higgins.S.2016-04-25"}}},{"sponsor":{"isPrimary":false,"as":{"showAs":null,"uri":null},"by":{"showAs":"Lynn Ruane","uri":"https:\/\/data.oireachtas.ie\/ie\/oireachtas\/member\/id\/Lynn-Ruane.S.2016-04-25"}}},{"sponsor":{"isPrimary":false,"as":{"showAs":null,"uri":null},"by":{"showAs":"Frances Black","uri":"https:\/\/data.oireachtas.ie\/ie\/oireachtas\/member\/id\/Frances-Black.S.2016-04-25"}}}],"stages":[{"event":{"chamber":{"chamberCode":"seanad","showAs":"Seanad \u00c9ireann","uri":"https:\/\/data.oireachtas.ie\/ie\/oireachtas\/def\/house\/seanad"},"dates":[{"date":"2022-01-26"},{"date":"2022-02-01"},{"date":"2022-02-01"}],"house":{"chamberCode":"seanad","chamberType":"house","houseCode":"seanad","houseNo":"26","showAs":"26th Seanad","uri":"https:\/\/data.oireachtas.ie\/ie\/oireachtas\/house\/seanad\/26"},"progressStage":1,"showAs":"First Stage","stageCompleted":true,"stageOutcome":null,"stageURI":"https:\/\/data.oireachtas.ie\/ie\/oireachtas\/def\/bill-stage\/1","uri":"https:\/\/data.oireachtas.ie\/ie\/oireachtas\/bill\/2022\/14\/stage\/seanad\/1"}},{"event":{"chamber":{"chamberCode":"seanad","showAs":"Seanad \u00c9ireann","uri":"https:\/\/data.oireachtas.ie\/ie\/oireachtas\/def\/house\/seanad"},"dates":[{"date":"2022-02-02"}],"house":{"chamberCode":"seanad","chamberType":"house","houseCode":"seanad","houseNo":"26","showAs":"26th Seanad","uri":"https:\/\/data.oireachtas.ie\/ie\/oireachtas\/house\/seanad\/26"},"progressStage":2,"showAs":"Second Stage","stageCompleted":true,"stageOutcome":null,"stageURI":"https:\/\/data.oireachtas.ie\/ie\/oireachtas\/def\/bill-stage\/2","uri":"https:\/\/data.oireachtas.ie\/ie\/oireachtas\/bill\/2022\/14\/stage\/seanad\/2"}},{"event":{"chamber":{"chamberCode":"seanad","showAs":"Seanad \u00c9ireann","uri":"https:\/\/data.oireachtas.ie\/ie\/oireachtas\/def\/house\/seanad"},"dates":[{"date":"2022-02-03"},{"date":"2022-02-03"},{"date":"2022-02-03"}],"house":{"chamberCode":"seanad","chamberType":"house","houseCode":"seanad","houseNo":"26","showAs":"26th Seanad","uri":"https:\/\/data.oireachtas.ie\/ie\/oireachtas\/house\/seanad\/26"},"progressStage":3,"showAs":"Committee Stage","stageCompleted":true,"stageOutcome":null,"stageURI":"https:\/\/data.oireachtas.ie\/ie\/oireachtas\/def\/bill-stage\/3","uri":"https:\/\/data.oireachtas.ie\/ie\/oireachtas\/bill\/2022\/14\/stage\/seanad\/3"}},{"event":{"chamber":{"chamberCode":"seanad","showAs":"Seanad \u00c9ireann","uri":"https:\/\/data.oireachtas.ie\/ie\/oireachtas\/def\/house\/seanad"},"dates":[{"date":"2025-06-11"}],"house":{"chamberCode":"seanad","chamberType":"house","houseCode":"seanad","houseNo":"27","showAs":"27th Seanad","uri":"https:\/\/data.oireachtas.ie\/ie\/oireachtas\/house\/seanad\/27"},"progressStage":4,"showAs":"Report Stage","stageCompleted":false,"stageOutcome":"Current","stageURI":"https:\/\/data.oireachtas.ie\/ie\/oireachtas\/def\/bill-stage\/4","uri":"https:\/\/data.oireachtas.ie\/ie\/oireachtas\/bill\/2022\/14\/stage\/seanad\/4"}}],"status":"Current","statusURI":"https:\/\/data.oireachtas.ie\/ie\/oireachtas\/def\/bill-status\/published","uri":"https:\/\/data.oireachtas.ie\/ie\/oireachtas\/bill\/2022\/14","versions":[{"version":{"lang":"eng","docType":"bill","showAs":"As amended in Committee [Seanad \u00c9ireann]","date":"2025-06-11","formats":{"pdf":{"uri":"https:\/\/data.oireachtas.ie\/ie\/oireachtas\/bill\/2022\/14\/eng\/ver_a\/b14a22s.pdf"},"xml":null},"uri":"https:\/\/data.oireachtas.ie\/ie\/oireachtas\/bill\/2022\/14\/eng\/ver_a"}},{"version":{"lang":"eng","docType":"bill","showAs":"As Initiated","date":"2022-02-01","formats":{"pdf":{"uri":"https:\/\/data.oireachtas.ie\/ie\/oireachtas\/bill\/2022\/14\/eng\/initiated\/b1422s.pdf"},"xml":null},"uri":"https:\/\/data.oireachtas.ie\/ie\/oireachtas\/bill\/2022\/14\/eng\/initiated"}}]},"contextDate":"2025-06-11","billSort":{"actNoSort":null,"actShortTitleEnSort":null,"actShortTitleGaSort":null,"actYearSort":null,"billNoSort":14,"billShortTitleEnSort":"child-trafficking-and-child-sexual-exploitation-material-amendment-bill-2022","billShortTitleGaSort":"an-bille-um-ghainneail-ar-leanai-agus-abhar-a-bhaineann-le-teacht-i-dtir-gneasach-ar-leanai-leasu-2022","billYearSort":2022}},{"bill":{"act":null,"amendmentLists":[],"billNo":"13","billType":"Public","billTypeURI":"https:\/\/data.oireachtas.ie\/ie\/oireachtas\/def\/bill-type\/public","billYear":"2022","debates":[{"chamber":{"showAs":"Seanad \u00c9ireann","uri":"https:\/\/data.oireachtas.ie\/ie\/oireachtas\/def\/house\/seanad"},"date":"2022-02-09","debateSectionId":"dbsect_14","showAs":"Personal Injuries Assessment Board (Amendment) Bill 2022: Second Stage","uri":"https:\/\/data.oireachtas.ie\/akn\/ie\/debateRecord\/seanad\/2022-02-09\/debate\/main"},{"chamber":{"showAs":"Seanad \u00c9ireann","uri":"https:\/\/data.oireachtas.ie\/ie\/oireachtas\/def\/house\/seanad"},"date":"2022-02-01","debateSectionId":"dbsect_9","showAs":"Personal Injuries Assessment Board (Amendment) Bill 2022: First Stage","uri":"https:\/\/data.oireachtas.ie\/akn\/ie\/debateRecord\/seanad\/2022-02-01\/debate\/main"}],"events":[{"event":{"chamber":{"chamberCode":"seanad","showAs":"Seanad \u00c9ireann","uri":"https:\/\/data.oireachtas.ie\/ie\/oireachtas\/def\/house\/seanad"},"dates":[{"date":"2022-01-25"},{"date":"2022-02-01"}],"eventURI":"https:\/\/data.oireachtas.ie\/ie\/oireachtas\/def\/bill-event\/admissibility-for-introduction","showAs":"Admissibility for Introduction","uri":"https:\/\/data.oireachtas.ie\/ie\/oireachtas\/bill\/2022\/13\/admissibility-for-introduction"}},{"event":{"chamber":{"chamberCode":"seanad","showAs":"Seanad \u00c9ireann","uri":"https:\/\/data.oireachtas.ie\/ie\/oireachtas\/def\/house\/seanad"},"dates":[{"date":"2025-01-29"}],"eventURI":"https:\/\/data.oireachtas.ie\/ie\/oireachtas\/def\/bill-event\/bill-lapsed","showAs":"Bill Lapsed","uri":"https:\/\/data.oireachtas.ie\/ie\/oireachtas\/bill\/2022\/13\/bill-lapsed"}}],"lastUpdated":"2025-01-30T11:17:37.160000+00:00","longTitleEn":"Bill entitled an Act to amend the Personal Injuries Assessment Board Act 2003.","longTitleGa":"Bille d\u00e1 ngairtear Acht do leas\u00fa an Achta um Bord Meas\u00fanaithe D\u00edobh\u00e1lacha Pearsanta, 2003.","method":"Introduced","methodURI":"https:\/\/data.oireachtas.ie\/ie\/oireachtas\/def\/bill-method\/introduced","mostRecentStage":{"event":{"chamber":{"chamberCode":"seanad","showAs":"Seanad \u00c9ireann","uri":"https:\/\/data.oireachtas.ie\/ie\/oireachtas\/def\/house\/seanad"},"dates":[{"date":"2022-02-08"}],"house":{"chamberCode":"seanad","chamberType":"house","houseCode":"seanad","houseNo":"26","showAs":"26th Seanad","uri":"https:\/\/data.oireachtas.ie\/ie\/oireachtas\/house\/seanad\/26"},"progressStage":2,"showAs":"Second Stage","stageCompleted":true,"stageOutcome":null,"stageURI":"https:\/\/data.oireachtas.ie\/ie\/oireachtas\/def\/bill-stage\/2","uri":"https:\/\/data.oireachtas.ie\/ie\/oireachtas\/bill\/2022\/13\/stage\/seanad\/2"}},"originHouse":{"showAs":"Seanad \u00c9ireann","uri":"https:\/\/data.oireachtas.ie\/ie\/oireachtas\/def\/house\/seanad"},"originHouseURI":"https:\/\/data.oireachtas.ie\/ie\/oireachtas\/def\/house\/seanad","relatedDocs":[{"relatedDoc":{"date":"2022-02-01","docType":"memo","formats":{"pdf":{"uri":"https:\/\/data.oireachtas.ie\/ie\/oireachtas\/bill\/2022\/13\/eng\/memo\/b1322s-memo.pdf"},"xml":null},"lang":"eng","showAs":"Explanatory Memorandum","uri":"https:\/\/data.oireachtas.ie\/ie\/oireachtas\/bill\/2022\/13\/eng\/memo"}}],"shortTitleEn":"Personal Injuries Assessment Board (Amendment) Bill 2022","shortTitleGa":"An Bille um Bord Meas\u00fanaithe D\u00edobh\u00e1lacha Pearsanta (Leas\u00fa), 2022","source":"Private Member","sourceURI":"https:\/\/data.oireachtas.ie\/ie\/oireachtas\/def\/bill-source\/private-member","sponsors":[{"sponsor":{"as":{"showAs":null,"uri":null},"by":{"showAs":"R\u00f3n\u00e1n Mullen","uri":"https:\/\/data.oireachtas.ie\/ie\/oireachtas\/member\/id\/R\u00f3n\u00e1n-Mullen.S.2007-07-23"},"isPrimary":true}}],"stages":[{"event":{"chamber":{"chamberCode":"seanad","showAs":"Seanad \u00c9ireann","uri":"https:\/\/data.oireachtas.ie\/ie\/oireachtas\/def\/house\/seanad"},"dates":[{"date":"2022-01-25"},{"date":"2022-02-01"},{"date":"2022-02-01"}],"house":{"chamberCode":"seanad","chamberType":"house","houseCode":"seanad","houseNo":"26","showAs":"26th Seanad","uri":"https:\/\/data.oireachtas.ie\/ie\/oireachtas\/house\/seanad\/26"},"progressStage":1,"showAs":"First Stage","stageCompleted":true,"stageOutcome":null,"stageURI":"https:\/\/data.oireachtas.ie\/ie\/oireachtas\/def\/bill-stage\/1","uri":"https:\/\/data.oireachtas.ie\/ie\/oireachtas\/bill\/2022\/13\/stage\/seanad\/1"}},{"event":{"chamber":{"chamberCode":"seanad","showAs":"Seanad \u00c9ireann","uri":"https:\/\/data.oireachtas.ie\/ie\/oireachtas\/def\/house\/seanad"},"dates":[{"date":"2022-02-08"}],"house":{"chamberCode":"seanad","chamberType":"house","houseCode":"seanad","houseNo":"26","showAs":"26th Seanad","uri":"https:\/\/data.oireachtas.ie\/ie\/oireachtas\/house\/seanad\/26"},"progressStage":2,"showAs":"Second Stage","stageCompleted":true,"stageOutcome":null,"stageURI":"https:\/\/data.oireachtas.ie\/ie\/oireachtas\/def\/bill-stage\/2","uri":"https:\/\/data.oireachtas.ie\/ie\/oireachtas\/bill\/2022\/13\/stage\/seanad\/2"}}],"status":"Lapsed","statusURI":"https:\/\/data.oireachtas.ie\/ie\/oireachtas\/def\/bill-status\/lapsed","uri":"https:\/\/data.oireachtas.ie\/ie\/oireachtas\/bill\/2022\/13","versions":[{"version":{"date":"2022-02-01","docType":"bill","formats":{"pdf":{"uri":"https:\/\/data.oireachtas.ie\/ie\/oireachtas\/bill\/2022\/13\/eng\/initiated\/b1322s.pdf"},"xml":null},"lang":"eng","showAs":"As Initiated","uri":"https:\/\/data.oireachtas.ie\/ie\/oireachtas\/bill\/2022\/13\/eng\/initiated"}}]},"billSort":{"actNoSort":null,"actShortTitleEnSort":null,"actShortTitleGaSort":null,"actYearSort":null,"billNoSort":13,"billShortTitleEnSort":"personal-injuries-assessment-board-amendment-bill-2022","billShortTitleGaSort":"an-bille-um-bord-measunaithe-diobhalacha-pearsanta-leasu-2022","billYearSort":2022},"contextDate":"2022-02-08"},{"bill":{"act":null,"amendmentLists":[],"billNo":"11","billType":"Public","billTypeURI":"https:\/\/data.oireachtas.ie\/ie\/oireachtas\/def\/bill-type\/public","billYear":"2022","debates":[{"chamber":{"showAs":"D\u00e1il \u00c9ireann","uri":"https:\/\/data.oireachtas.ie\/ie\/oireachtas\/def\/house\/dail"},"date":"2022-01-27","debateSectionId":"dbsect_29","showAs":"Criminal Law (Human Trafficking) (Amendment) Bill 2022: First Stage","uri":"https:\/\/data.oireachtas.ie\/akn\/ie\/debateRecord\/dail\/2022-01-27\/debate\/main"}],"events":[{"event":{"chamber":{"chamberCode":"dail","showAs":"D\u00e1il \u00c9ireann","uri":"https:\/\/data.oireachtas.ie\/ie\/oireachtas\/def\/house\/dail"},"dates":[{"date":"2022-01-11"},{"date":"2022-01-11"},{"date":"2022-01-27"},{"date":"2025-05-01"}],"eventURI":"https:\/\/data.oireachtas.ie\/ie\/oireachtas\/def\/bill-event\/approved-for-initiation","showAs":"Approved for Initiation","uri":"https:\/\/data.oireachtas.ie\/ie\/oireachtas\/bill\/2022\/11\/approved-for-initiation"}},{"event":{"chamber":{"chamberCode":"dail","showAs":"D\u00e1il \u00c9ireann","uri":"https:\/\/data.oireachtas.ie\/ie\/oireachtas\/def\/house\/dail"},"dates":[{"date":"2024-11-08"}],"eventURI":"https:\/\/data.oireachtas.ie\/ie\/oireachtas\/def\/bill-event\/bill-lapsed","showAs":"Bill Lapsed","uri":"https:\/\/data.oireachtas.ie\/ie\/oireachtas\/bill\/2022\/11\/bill-lapsed"}}],"lastUpdated":"2025-05-02T12:47:04.100000+00:00","longTitleEn":"Bill entitled an Act to amend the Criminal Law (Human Trafficking) Act 2008 and to provide for related matters.","longTitleGa":"Bille d\u00e1 ngairtear Acht do leas\u00fa an Achta um an Dl\u00ed Coiri\u00fail (G\u00e1inne\u00e1il ar Dhaoine), 2008 agus do dh\u00e9anamh socr\u00fa i dtaobh nithe gaolmhara.","method":"Introduced","methodURI":"https:\/\/data.oireachtas.ie\/ie\/oireachtas\/def\/bill-method\/introduced","mostRecentStage":{"event":{"chamber":{"chamberCode":"dail","showAs":"D\u00e1il \u00c9ireann","uri":"https:\/\/data.oireachtas.ie\/ie\/oireachtas\/def\/house\/dail"},"dates":[{"date":"2024-11-08"},{"date":"2025-05-01"}],"house":{"chamberCode":"dail","chamberType":"house","houseCode":"dail","houseNo":"33","showAs":"33rd D\u00e1il","uri":"https:\/\/data.oireachtas.ie\/ie\/oireachtas\/house\/dail\/33"},"progressStage":2,"showAs":"Second Stage","stageCompleted":false,"stageOutcome":"Current","stageURI":"https:\/\/data.oireachtas.ie\/ie\/oireachtas\/def\/bill-stage\/2","uri":"https:\/\/data.oireachtas.ie\/ie\/oireachtas\/bill\/2022\/11\/stage\/dail\/2"}},"originHouse":{"showAs":"D\u00e1il \u00c9ireann","uri":"https:\/\/data.oireachtas.ie\/ie\/oireachtas\/def\/house\/dail"},"originHouseURI":"https:\/\/data.oireachtas.ie\/ie\/oireachtas\/def\/house\/dail","relatedDocs":[{"relatedDoc":{"date":"2022-01-27","docType":"memo","formats":{"pdf":{"uri":"https:\/\/data.oireachtas.ie\/ie\/oireachtas\/bill\/2022\/11\/eng\/memo\/b1122d-memo.pdf"},"xml":null},"lang":"eng","showAs":"Explanatory Memorandum","uri":"https:\/\/data.oireachtas.ie\/ie\/oireachtas\/bill\/2022\/11\/eng\/memo"}}],"shortTitleEn":"Criminal Law (Human Trafficking) (Amendment) Bill 2022","shortTitleGa":"An Bille um an Dl\u00ed Coiri\u00fail (G\u00e1inne\u00e1il ar Dhaoine) (Leas\u00fa), 2022","source":"Private Member","sourceURI":"https:\/\/data.oireachtas.ie\/ie\/oireachtas\/def\/bill-source\/private-member","sponsors":[{"sponsor":{"as":{"showAs":null,"uri":null},"by":{"showAs":"Patrick Costello","uri":"https:\/\/data.oireachtas.ie\/ie\/oireachtas\/member\/id\/Patrick-Costello.D.2020-02-08"},"isPrimary":true}}],"stages":[{"event":{"chamber":{"chamberCode":"dail","showAs":"D\u00e1il \u00c9ireann","uri":"https:\/\/data.oireachtas.ie\/ie\/oireachtas\/def\/house\/dail"},"dates":[{"date":"2022-01-11"},{"date":"2022-01-11"},{"date":"2022-01-27"},{"date":"2022-01-27"}],"house":{"chamberCode":"dail","chamberType":"house","houseCode":"dail","houseNo":"33","showAs":"33rd D\u00e1il","uri":"https:\/\/data.oireachtas.ie\/ie\/oireachtas\/house\/dail\/33"},"progressStage":1,"showAs":"First Stage","stageCompleted":true,"stageOutcome":null,"stageURI":"https:\/\/data.oireachtas.ie\/ie\/oireachtas\/def\/bill-stage\/1","uri":"https:\/\/data.oireachtas.ie\/ie\/oireachtas\/bill\/2022\/11\/stage\/dail\/1"}},{"event":{"chamber":{"chamberCode":"dail","showAs":"D\u00e1il \u00c9ireann","uri":"https:\/\/data.oireachtas.ie\/ie\/oireachtas\/def\/house\/dail"},"dates":[{"date":"2024-11-08"},{"date":"2025-05-01"}],"house":{"chamberCode":"dail","chamberType":"house","houseCode":"dail","houseNo":"33","showAs":"33rd D\u00e1il","uri":"https:\/\/data.oireachtas.ie\/ie\/oireachtas\/house\/dail\/33"},"progressStage":2,"showAs":"Second Stage","stageCompleted":false,"stageOutcome":"Current","stageURI":"https:\/\/data.oireachtas.ie\/ie\/oireachtas\/def\/bill-stage\/2","uri":"https:\/\/data.oireachtas.ie\/ie\/oireachtas\/bill\/2022\/11\/stage\/dail\/2"}}],"status":"Current","statusURI":"https:\/\/data.oireachtas.ie\/ie\/oireachtas\/def\/bill-status\/published","uri":"https:\/\/data.oireachtas.ie\/ie\/oireachtas\/bill\/2022\/11","versions":[{"version":{"date":"2022-01-27","docType":"bill","formats":{"pdf":{"uri":"https:\/\/data.oireachtas.ie\/ie\/oireachtas\/bill\/2022\/11\/eng\/initiated\/b1122d.pdf"},"xml":null},"lang":"eng","showAs":"As Initiated","uri":"https:\/\/data.oireachtas.ie\/ie\/oireachtas\/bill\/2022\/11\/eng\/initiated"}}]},"billSort":{"actNoSort":null,"actShortTitleEnSort":null,"actShortTitleGaSort":null,"actYearSort":null,"billNoSort":11,"billShortTitleEnSort":"criminal-law-human-trafficking-amendment-bill-2022","billShortTitleGaSort":"an-bille-um-an-dli-coiriuil-gainneail-ar-dhaoine-leasu-2022","billYearSort":2022},"contextDate":"2025-05-01"},{"bill":{"act":null,"amendmentLists":[],"billNo":"9","billType":"Public","billTypeURI":"https:\/\/data.oireachtas.ie\/ie\/oireachtas\/def\/bill-type\/public","billYear":"2022","debates":[{"chamber":{"showAs":"D\u00e1il \u00c9ireann","uri":"https:\/\/data.oireachtas.ie\/ie\/oireachtas\/def\/house\/dail"},"date":"2022-10-20","debateSectionId":"dbsect_41","showAs":"Coercion of a Minor (Misuse of Drugs Amendment) Bill 2022: Second Stage [Private Members]","uri":"https:\/\/data.oireachtas.ie\/akn\/ie\/debateRecord\/dail\/2022-10-20\/debate\/main"},{"chamber":{"showAs":"D\u00e1il \u00c9ireann","uri":"https:\/\/data.oireachtas.ie\/ie\/oireachtas\/def\/house\/dail"},"date":"2022-01-26","debateSectionId":"dbsect_11","showAs":"Coercion of a Minor (Misuse of Drugs Amendment) Bill 2022: First Stage","uri":"https:\/\/data.oireachtas.ie\/akn\/ie\/debateRecord\/dail\/2022-01-26\/debate\/main"}],"events":[{"event":{"chamber":{"chamberCode":"dail","showAs":"D\u00e1il \u00c9ireann","uri":"https:\/\/data.oireachtas.ie\/ie\/oireachtas\/def\/house\/dail"},"dates":[{"date":"2022-01-14"},{"date":"2022-01-14"},{"date":"2022-01-26"},{"date":"2025-05-01"}],"eventURI":"https:\/\/data.oireachtas.ie\/ie\/oireachtas\/def\/bill-event\/approved-for-initiation","showAs":"Approved for Initiation","uri":"https:\/\/data.oireachtas.ie\/ie\/oireachtas\/bill\/2022\/9\/approved-for-initiation"}},{"event":{"chamber":{"chamberCode":"dail","showAs":"D\u00e1il \u00c9ireann","uri":"https:\/\/data.oireachtas.ie\/ie\/oireachtas\/def\/house\/dail"},"dates":[{"date":"2024-11-08"}],"eventURI":"https:\/\/data.oireachtas.ie\/ie\/oireachtas\/def\/bill-event\/bill-lapsed","showAs":"Bill Lapsed","uri":"https:\/\/data.oireachtas.ie\/ie\/oireachtas\/bill\/2022\/9\/bill-lapsed"}}],"lastUpdated":"2025-05-02T11:26:05.230000+00:00","longTitleEn":"Bill entitled an Act to amend the law relating to the misuse of a controlled substance and for those purposes to amend the Misuse of Drugs Act 1977 to criminalise the act of causing or coercing a minor to be in possession of a controlled substance, and to provide for related matters.","longTitleGa":"Bille d\u00e1 ngairtear Acht do leas\u00fa an dl\u00ed a bhaineann le m\u00ed-\u00fas\u00e1id substainte rialaithe agus chun na gcr\u00edoch sin do leas\u00fa an Achta um M\u00ed-\u00das\u00e1id Druga\u00ed, 1977 chun coir a dh\u00e9anamh den ghn\u00edomh arb \u00e9ard \u00e9 a chur faoi deara do mhionaoiseach, n\u00f3 comh\u00e9igean a dh\u00e9anamh ar mhionaoiseach, substaint rialaithe a bheith ina sheilbh n\u00f3 ina seilbh agus do dh\u00e9anamh socr\u00fa i dtaobh nithe gaolmhara.","method":"Introduced","methodURI":"https:\/\/data.oireachtas.ie\/ie\/oireachtas\/def\/bill-method\/introduced","mostRecentStage":{"event":{"chamber":{"chamberCode":"dail","showAs":"D\u00e1il \u00c9ireann","uri":"https:\/\/data.oireachtas.ie\/ie\/oireachtas\/def\/house\/dail"},"dates":[{"date":"2024-11-08"},{"date":"2025-05-01"}],"house":{"chamberCode":"dail","chamberType":"house","houseCode":"dail","houseNo":"33","showAs":"33rd D\u00e1il","uri":"https:\/\/data.oireachtas.ie\/ie\/oireachtas\/house\/dail\/33"},"progressStage":3,"showAs":"Committee Stage","stageCompleted":false,"stageOutcome":"Current","stageURI":"https:\/\/data.oireachtas.ie\/ie\/oireachtas\/def\/bill-stage\/3","uri":"https:\/\/data.oireachtas.ie\/ie\/oireachtas\/bill\/2022\/9\/stage\/dail\/3"}},"originHouse":{"showAs":"D\u00e1il \u00c9ireann","uri":"https:\/\/data.oireachtas.ie\/ie\/oireachtas\/def\/house\/dail"},"originHouseURI":"https:\/\/data.oireachtas.ie\/ie\/oireachtas\/def\/house\/dail","relatedDocs":[{"relatedDoc":{"date":"2022-01-26","docType":"memo","formats":{"pdf":{"uri":"https:\/\/data.oireachtas.ie\/ie\/oireachtas\/bill\/2022\/9\/eng\/memo\/b0922d-memo.pdf"},"xml":null},"lang":"eng","showAs":"Explanatory Memorandum","uri":"https:\/\/data.oireachtas.ie\/ie\/oireachtas\/bill\/2022\/9\/eng\/memo"}}],"shortTitleEn":"Coercion of a Minor (Misuse of Drugs Amendment) Bill 2022","shortTitleGa":"An Bille um Chomh\u00e9igean a Dh\u00e9anamh ar Mhionaoiseach (Leas\u00fa a bhaineann le M\u00ed-\u00das\u00e1id Druga\u00ed), 2022","source":"Private Member","sourceURI":"https:\/\/data.oireachtas.ie\/ie\/oireachtas\/def\/bill-source\/private-member","sponsors":[{"sponsor":{"isPrimary":true,"as":{"showAs":null,"uri":null},"by":{"showAs":"Mark Ward","uri":"https:\/\/data.oireachtas.ie\/ie\/oireachtas\/member\/id\/Mark-Ward.D.2019-11-29"}}},{"sponsor":{"isPrimary":false,"as":{"showAs":null,"uri":null},"by":{"showAs":"Denise Mitchell","uri":"https:\/\/data.oireachtas.ie\/ie\/oireachtas\/member\/id\/Denise-Mitchell.D.2016-10-03"}}},{"sponsor":{"isPrimary":false,"as":{"showAs":null,"uri":null},"by":{"showAs":"Martin Kenny","uri":"https:\/\/data.oireachtas.ie\/ie\/oireachtas\/member\/id\/Martin-Kenny.D.2016-10-03"}}}],"stages":[{"event":{"chamber":{"chamberCode":"dail","showAs":"D\u00e1il \u00c9ireann","uri":"https:\/\/data.oireachtas.ie\/ie\/oireachtas\/def\/house\/dail"},"dates":[{"date":"2022-01-14"},{"date":"2022-01-14"},{"date":"2022-01-26"},{"date":"2022-01-26"}],"house":{"chamberCode":"dail","chamberType":"house","houseCode":"dail","houseNo":"33","showAs":"33rd D\u00e1il","uri":"https:\/\/data.oireachtas.ie\/ie\/oireachtas\/house\/dail\/33"},"progressStage":1,"showAs":"First Stage","stageCompleted":true,"stageOutcome":null,"stageURI":"https:\/\/data.oireachtas.ie\/ie\/oireachtas\/def\/bill-stage\/1","uri":"https:\/\/data.oireachtas.ie\/ie\/oireachtas\/bill\/2022\/9\/stage\/dail\/1"}},{"event":{"chamber":{"chamberCode":"dail","showAs":"D\u00e1il \u00c9ireann","uri":"https:\/\/data.oireachtas.ie\/ie\/oireachtas\/def\/house\/dail"},"dates":[{"date":"2022-01-26"}],"house":{"chamberCode":"dail","chamberType":"house","houseCode":"dail","houseNo":"33","showAs":"33rd D\u00e1il","uri":"https:\/\/data.oireachtas.ie\/ie\/oireachtas\/house\/dail\/33"},"progressStage":2,"showAs":"Second Stage","stageCompleted":true,"stageOutcome":null,"stageURI":"https:\/\/data.oireachtas.ie\/ie\/oireachtas\/def\/bill-stage\/2","uri":"https:\/\/data.oireachtas.ie\/ie\/oireachtas\/bill\/2022\/9\/stage\/dail\/2"}},{"event":{"chamber":{"chamberCode":"dail","showAs":"D\u00e1il \u00c9ireann","uri":"https:\/\/data.oireachtas.ie\/ie\/oireachtas\/def\/house\/dail"},"dates":[{"date":"2024-11-08"},{"date":"2025-05-01"}],"house":{"chamberCode":"dail","chamberType":"house","houseCode":"dail","houseNo":"33","showAs":"33rd D\u00e1il","uri":"https:\/\/data.oireachtas.ie\/ie\/oireachtas\/house\/dail\/33"},"progressStage":3,"showAs":"Committee Stage","stageCompleted":false,"stageOutcome":"Current","stageURI":"https:\/\/data.oireachtas.ie\/ie\/oireachtas\/def\/bill-stage\/3","uri":"https:\/\/data.oireachtas.ie\/ie\/oireachtas\/bill\/2022\/9\/stage\/dail\/3"}}],"status":"Current","statusURI":"https:\/\/data.oireachtas.ie\/ie\/oireachtas\/def\/bill-status\/published","uri":"https:\/\/data.oireachtas.ie\/ie\/oireachtas\/bill\/2022\/9","versions":[{"version":{"lang":"eng","docType":"bill","showAs":"As Initiated","date":"2022-01-26","formats":{"pdf":{"uri":"https:\/\/data.oireachtas.ie\/ie\/oireachtas\/bill\/2022\/9\/eng\/initiated\/b0922d.pdf"},"xml":null},"uri":"https:\/\/data.oireachtas.ie\/ie\/oireachtas\/bill\/2022\/9\/eng\/initiated"}}]},"contextDate":"2025-05-01","billSort":{"actNoSort":null,"actShortTitleEnSort":null,"actShortTitleGaSort":null,"actYearSort":null,"billNoSort":9,"billShortTitleEnSort":"coercion-of-a-minor-misuse-of-drugs-amendment-bill-2022","billShortTitleGaSort":"an-bille-um-chomheigean-a-dheanamh-ar-mhionaoiseach-leasu-a-bhaineann-le-mi-usaid-drugai-2022","billYearSort":2022}},{"bill":{"act":null,"amendmentLists":[],"billNo":"7","billType":"Public","billTypeURI":"https:\/\/data.oireachtas.ie\/ie\/oireachtas\/def\/bill-type\/public","billYear":"2022","debates":[{"chamber":{"showAs":"Seanad \u00c9ireann","uri":"https:\/\/data.oireachtas.ie\/ie\/oireachtas\/def\/house\/seanad"},"date":"2022-01-26","debateSectionId":"dbsect_13","showAs":"Local Government (Surveillance Powers in Relation to Certain Offences) Bill 2022: Order for Second Stage","uri":"https:\/\/data.oireachtas.ie\/akn\/ie\/debateRecord\/seanad\/2022-01-26\/debate\/main"},{"chamber":{"showAs":"Seanad \u00c9ireann","uri":"https:\/\/data.oireachtas.ie\/ie\/oireachtas\/def\/house\/seanad"},"date":"2022-01-26","debateSectionId":"dbsect_14","showAs":"Local Government (Surveillance Powers in Relation to Certain Offences) Bill 2022: Second Stage","uri":"https:\/\/data.oireachtas.ie\/akn\/ie\/debateRecord\/seanad\/2022-01-26\/debate\/main"}],"events":[{"event":{"chamber":{"chamberCode":"seanad","showAs":"Seanad \u00c9ireann","uri":"https:\/\/data.oireachtas.ie\/ie\/oireachtas\/def\/house\/seanad"},"dates":[{"date":"2022-01-20"},{"date":"2022-01-25"}],"eventURI":"https:\/\/data.oireachtas.ie\/ie\/oireachtas\/def\/bill-event\/admissibility-for-introduction","showAs":"Admissibility for Introduction","uri":"https:\/\/data.oireachtas.ie\/ie\/oireachtas\/bill\/2022\/7\/admissibility-for-introduction"}},{"event":{"chamber":{"chamberCode":"seanad","showAs":"Seanad \u00c9ireann","uri":"https:\/\/data.oireachtas.ie\/ie\/oireachtas\/def\/house\/seanad"},"dates":[{"date":"2025-01-29"}],"eventURI":"https:\/\/data.oireachtas.ie\/ie\/oireachtas\/def\/bill-event\/bill-lapsed","showAs":"Bill Lapsed","uri":"https:\/\/data.oireachtas.ie\/ie\/oireachtas\/bill\/2022\/7\/bill-lapsed"}}],"lastUpdated":"2025-01-30T11:17:37.160000+00:00","longTitleEn":"Bill entitled an Act to empower local authorities to authorise the installation and operation of surveillance devices for the purposes of deterring, preventing, detecting and prosecuting certain offences, to provide for exchange of certain data from third party data controllers to local authorities for the purposes of the performance of their functions in relation to such offences, to make certain provision for the purposes of regulating the performance of functions under this Act and to provide for related matters.","longTitleGa":"Bille d\u00e1 ngairtear Acht do chumhacht\u00fa d\u2019\u00fadar\u00e1is \u00e1iti\u00fala a \u00fadar\u00fa feist\u00ed faireachais a shuite\u00e1il agus a oibri\u00fa d\u2019fhonn daoine a chur \u00f3 chionta \u00e1irithe a dh\u00e9anamh agus d\u2019fhonn cionta \u00e1irithe a chosc, a bhrath agus a ionch\u00faiseamh, do dh\u00e9anamh socr\u00fa maidir le sonra\u00ed \u00e1irithe a aistri\u00fa \u00f3 rialaitheoir\u00ed sonra\u00ed tr\u00ed\u00fa p\u00e1irt\u00ed chuig \u00fadar\u00e1is \u00e1iti\u00fala chun a bhfeidhmeanna a chomhl\u00edonadh i nd\u00e1il le cionta den s\u00f3rt sin, do dh\u00e9anamh for\u00e1il \u00e1irithe chun comhl\u00edonadh feidhmeanna faoin Acht seo a rial\u00e1il agus do dh\u00e9anamh socr\u00fa i dtaobh nithe gaolmhara.","method":"Presented","methodURI":"https:\/\/data.oireachtas.ie\/ie\/oireachtas\/def\/bill-method\/presented","mostRecentStage":{"event":{"chamber":{"chamberCode":"seanad","showAs":"Seanad \u00c9ireann","uri":"https:\/\/data.oireachtas.ie\/ie\/oireachtas\/def\/house\/seanad"},"dates":[{"date":"2022-01-25"}],"house":{"chamberCode":"seanad","chamberType":"house","houseCode":"seanad","houseNo":"26","showAs":"26th Seanad","uri":"https:\/\/data.oireachtas.ie\/ie\/oireachtas\/house\/seanad\/26"},"progressStage":2,"showAs":"Second Stage","stageCompleted":true,"stageOutcome":null,"stageURI":"https:\/\/data.oireachtas.ie\/ie\/oireachtas\/def\/bill-stage\/2","uri":"https:\/\/data.oireachtas.ie\/ie\/oireachtas\/bill\/2022\/7\/stage\/seanad\/2"}},"originHouse":{"showAs":"Seanad \u00c9ireann","uri":"https:\/\/data.oireachtas.ie\/ie\/oireachtas\/def\/house\/seanad"},"originHouseURI":"https:\/\/data.oireachtas.ie\/ie\/oireachtas\/def\/house\/seanad","relatedDocs":[],"shortTitleEn":"Local Government (Surveillance Powers in Relation to Certain Offences) Bill 2022","shortTitleGa":"An Bille Rialtais \u00c1iti\u00fail (Cumhachta\u00ed Faireachais i nD\u00e1il le Cionta \u00c1irithe), 2022","source":"Private Member","sourceURI":"https:\/\/data.oireachtas.ie\/ie\/oireachtas\/def\/bill-source\/private-member","sponsors":[{"sponsor":{"as":{"showAs":null,"uri":null},"by":{"showAs":"Malcolm Byrne","uri":"https:\/\/data.oireachtas.ie\/ie\/oireachtas\/member\/id\/Malcolm-Byrne.D.2019-11-29"},"isPrimary":true}}],"stages":[{"event":{"chamber":{"chamberCode":"seanad","showAs":"Seanad \u00c9ireann","uri":"https:\/\/data.oireachtas.ie\/ie\/oireachtas\/def\/house\/seanad"},"dates":[{"date":"2022-01-20"},{"date":"2022-01-25"},{"date":"2022-01-25"}],"house":{"chamberCode":"seanad","chamberType":"house","houseCode":"seanad","houseNo":"26","showAs":"26th Seanad","uri":"https:\/\/data.oireachtas.ie\/ie\/oireachtas\/house\/seanad\/26"},"progressStage":1,"showAs":"First Stage","stageCompleted":true,"stageOutcome":null,"stageURI":"https:\/\/data.oireachtas.ie\/ie\/oireachtas\/def\/bill-stage\/1","uri":"https:\/\/data.oireachtas.ie\/ie\/oireachtas\/bill\/2022\/7\/stage\/seanad\/1"}},{"event":{"chamber":{"chamberCode":"seanad","showAs":"Seanad \u00c9ireann","uri":"https:\/\/data.oireachtas.ie\/ie\/oireachtas\/def\/house\/seanad"},"dates":[{"date":"2022-01-25"}],"house":{"chamberCode":"seanad","chamberType":"house","houseCode":"seanad","houseNo":"26","showAs":"26th Seanad","uri":"https:\/\/data.oireachtas.ie\/ie\/oireachtas\/house\/seanad\/26"},"progressStage":2,"showAs":"Second Stage","stageCompleted":true,"stageOutcome":null,"stageURI":"https:\/\/data.oireachtas.ie\/ie\/oireachtas\/def\/bill-stage\/2","uri":"https:\/\/data.oireachtas.ie\/ie\/oireachtas\/bill\/2022\/7\/stage\/seanad\/2"}}],"status":"Lapsed","statusURI":"https:\/\/data.oireachtas.ie\/ie\/oireachtas\/def\/bill-status\/lapsed","uri":"https:\/\/data.oireachtas.ie\/ie\/oireachtas\/bill\/2022\/7","versions":[{"version":{"date":"2022-01-25","docType":"bill","formats":{"pdf":{"uri":"https:\/\/data.oireachtas.ie\/ie\/oireachtas\/bill\/2022\/7\/eng\/initiated\/b0722s.pdf"},"xml":null},"lang":"eng","showAs":"As Initiated","uri":"https:\/\/data.oireachtas.ie\/ie\/oireachtas\/bill\/2022\/7\/eng\/initiated"}}]},"billSort":{"actNoSort":null,"actShortTitleEnSort":null,"actShortTitleGaSort":null,"actYearSort":null,"billNoSort":7,"billShortTitleEnSort":"local-government-surveillance-powers-in-relation-to-certain-offences-bill-2022","billShortTitleGaSort":"an-bille-rialtais-aitiuil-cumhachtai-faireachais-i-ndail-le-cionta-airithe-2022","billYearSort":2022},"contextDate":"2022-01-25"},{"bill":{"act":null,"amendmentLists":[],"billNo":"160","billType":"Public","billTypeURI":"https:\/\/data.oireachtas.ie\/ie\/oireachtas\/def\/bill-type\/public","billYear":"2021","debates":[{"chamber":{"showAs":"Seanad \u00c9ireann","uri":"https:\/\/data.oireachtas.ie\/ie\/oireachtas\/def\/house\/seanad"},"date":"2021-12-15","debateSectionId":"dbsect_8","showAs":"Regulation of Air Traffic Over Sporting Events Bill 2021: First Stage","uri":"https:\/\/data.oireachtas.ie\/akn\/ie\/debateRecord\/seanad\/2021-12-15\/debate\/main"}],"events":[{"event":{"chamber":{"chamberCode":"seanad","showAs":"Seanad \u00c9ireann","uri":"https:\/\/data.oireachtas.ie\/ie\/oireachtas\/def\/house\/seanad"},"dates":[{"date":"2021-12-08"},{"date":"2021-12-08"},{"date":"2021-12-15"}],"eventURI":"https:\/\/data.oireachtas.ie\/ie\/oireachtas\/def\/bill-event\/approved-for-initiation","showAs":"Approved for Initiation","uri":"https:\/\/data.oireachtas.ie\/ie\/oireachtas\/bill\/2021\/160\/approved-for-initiation"}},{"event":{"chamber":{"chamberCode":"seanad","showAs":"Seanad \u00c9ireann","uri":"https:\/\/data.oireachtas.ie\/ie\/oireachtas\/def\/house\/seanad"},"dates":[{"date":"2025-01-29"}],"eventURI":"https:\/\/data.oireachtas.ie\/ie\/oireachtas\/def\/bill-event\/bill-lapsed","showAs":"Bill Lapsed","uri":"https:\/\/data.oireachtas.ie\/ie\/oireachtas\/bill\/2021\/160\/bill-lapsed"}}],"lastUpdated":"2025-01-30T11:17:37.160000+00:00","longTitleEn":"Bill entitled an Act to provide certain protections against unfair betting activities in relation to certain sporting events, for that purpose to regulate the operation of certain aircrafts over sporting events and to provide for related matters.","longTitleGa":"Bille d\u00e1 ngairtear Acht do thabhairt cosaint\u00ed \u00e1irithe ar ghn\u00edomha\u00edochta\u00ed geallt\u00f3ireachta \u00e9ag\u00f3racha i nd\u00e1il le himeachta\u00ed sp\u00f3irt \u00e1irithe, chun na cr\u00edche sin do rial\u00e1il oibri\u00fa aer\u00e1rtha\u00ed \u00e1irithe os cionn imeachta\u00ed sp\u00f3irt agus do dh\u00e9anamh socr\u00fa i dtaobh nithe gaolmhara.","method":"Introduced","methodURI":"https:\/\/data.oireachtas.ie\/ie\/oireachtas\/def\/bill-method\/introduced","mostRecentStage":{"event":{"chamber":{"chamberCode":"seanad","showAs":"Seanad \u00c9ireann","uri":"https:\/\/data.oireachtas.ie\/ie\/oireachtas\/def\/house\/seanad"},"dates":[{"date":"2021-12-08"},{"date":"2021-12-08"},{"date":"2021-12-15"},{"date":"2021-12-15"}],"house":{"chamberCode":"seanad","chamberType":"house","houseCode":"seanad","houseNo":"26","showAs":"26th Seanad","uri":"https:\/\/data.oireachtas.ie\/ie\/oireachtas\/house\/seanad\/26"},"progressStage":1,"showAs":"First Stage","stageCompleted":true,"stageOutcome":null,"stageURI":"https:\/\/data.oireachtas.ie\/ie\/oireachtas\/def\/bill-stage\/1","uri":"https:\/\/data.oireachtas.ie\/ie\/oireachtas\/bill\/2021\/160\/stage\/seanad\/1"}},"originHouse":{"showAs":"Seanad \u00c9ireann","uri":"https:\/\/data.oireachtas.ie\/ie\/oireachtas\/def\/house\/seanad"},"originHouseURI":"https:\/\/data.oireachtas.ie\/ie\/oireachtas\/def\/house\/seanad","relatedDocs":[],"shortTitleEn":"Regulation of Air Traffic Over Sporting Events Bill 2021","shortTitleGa":"An Bille um Rial\u00e1il Aerthr\u00e1chta os Cionn Imeachta\u00ed Sp\u00f3irt, 2021","source":"Private Member","sourceURI":"https:\/\/data.oireachtas.ie\/ie\/oireachtas\/def\/bill-source\/private-member","sponsors":[{"sponsor":{"as":{"showAs":null,"uri":null},"by":{"showAs":"Vincent P. Martin","uri":"https:\/\/data.oireachtas.ie\/ie\/oireachtas\/member\/id\/Vincent-P-Martin.S.2020-06-29"},"isPrimary":true}}],"stages":[{"event":{"chamber":{"chamberCode":"seanad","showAs":"Seanad \u00c9ireann","uri":"https:\/\/data.oireachtas.ie\/ie\/oireachtas\/def\/house\/seanad"},"dates":[{"date":"2021-12-08"},{"date":"2021-12-08"},{"date":"2021-12-15"},{"date":"2021-12-15"}],"house":{"chamberCode":"seanad","chamberType":"house","houseCode":"seanad","houseNo":"26","showAs":"26th Seanad","uri":"https:\/\/data.oireachtas.ie\/ie\/oireachtas\/house\/seanad\/26"},"progressStage":1,"showAs":"First Stage","stageCompleted":true,"stageOutcome":null,"stageURI":"https:\/\/data.oireachtas.ie\/ie\/oireachtas\/def\/bill-stage\/1","uri":"https:\/\/data.oireachtas.ie\/ie\/oireachtas\/bill\/2021\/160\/stage\/seanad\/1"}}],"status":"Lapsed","statusURI":"https:\/\/data.oireachtas.ie\/ie\/oireachtas\/def\/bill-status\/lapsed","uri":"https:\/\/data.oireachtas.ie\/ie\/oireachtas\/bill\/2021\/160","versions":[{"version":{"date":"2021-12-15","docType":"bill","formats":{"pdf":{"uri":"https:\/\/data.oireachtas.ie\/ie\/oireachtas\/bill\/2021\/160\/eng\/initiated\/b16021s.pdf"},"xml":null},"lang":"eng","showAs":"As Initiated","uri":"https:\/\/data.oireachtas.ie\/ie\/oireachtas\/bill\/2021\/160\/eng\/initiated"}}]},"billSort":{"actNoSort":null,"actShortTitleEnSort":null,"actShortTitleGaSort":null,"actYearSort":null,"billNoSort":160,"billShortTitleEnSort":"regulation-of-air-traffic-over-sporting-events-bill-2021","billShortTitleGaSort":"an-bille-um-rialail-aerthrachta-os-cionn-imeachtai-spoirt-2021","billYearSort":2021},"contextDate":"2021-12-15"},{"bill":{"act":null,"amendmentLists":[],"billNo":"158","billType":"Public","billTypeURI":"https:\/\/data.oireachtas.ie\/ie\/oireachtas\/def\/bill-type\/public","billYear":"2021","debates":[{"chamber":{"showAs":"D\u00e1il \u00c9ireann","uri":"https:\/\/data.oireachtas.ie\/ie\/oireachtas\/def\/house\/dail"},"date":"2022-12-08","debateSectionId":"dbsect_46","showAs":"Dublin Bay Bill 2021: Second Stage [Private Members]","uri":"https:\/\/data.oireachtas.ie\/akn\/ie\/debateRecord\/dail\/2022-12-08\/debate\/main"},{"chamber":{"showAs":"D\u00e1il \u00c9ireann","uri":"https:\/\/data.oireachtas.ie\/ie\/oireachtas\/def\/house\/dail"},"date":"2021-12-07","debateSectionId":"dbsect_6","showAs":"Dublin Bay Bill 2021: First Stage","uri":"https:\/\/data.oireachtas.ie\/akn\/ie\/debateRecord\/dail\/2021-12-07\/debate\/main"}],"events":[{"event":{"chamber":{"chamberCode":"dail","showAs":"D\u00e1il \u00c9ireann","uri":"https:\/\/data.oireachtas.ie\/ie\/oireachtas\/def\/house\/dail"},"dates":[{"date":"2021-11-25"},{"date":"2021-11-25"},{"date":"2021-12-07"},{"date":"2025-05-01"}],"eventURI":"https:\/\/data.oireachtas.ie\/ie\/oireachtas\/def\/bill-event\/approved-for-initiation","showAs":"Approved for Initiation","uri":"https:\/\/data.oireachtas.ie\/ie\/oireachtas\/bill\/2021\/158\/approved-for-initiation"}},{"event":{"chamber":{"chamberCode":"dail","showAs":"D\u00e1il \u00c9ireann","uri":"https:\/\/data.oireachtas.ie\/ie\/oireachtas\/def\/house\/dail"},"dates":[{"date":"2024-11-08"}],"eventURI":"https:\/\/data.oireachtas.ie\/ie\/oireachtas\/def\/bill-event\/bill-lapsed","showAs":"Bill Lapsed","uri":"https:\/\/data.oireachtas.ie\/ie\/oireachtas\/bill\/2021\/158\/bill-lapsed"}}],"lastUpdated":"2025-05-02T13:13:03.500000+00:00","longTitleEn":"Bill entitled an Act to establish a special committee of the Eastern and Midland Regional Assembly to serve as a Dublin Bay Authority; to provide as an objective for the Authority the preservation for current and future generations of the distinctive character of Dublin Bay and its ecology as a coastal resource; to confer on the Authority the function of proposing and promoting policies and priorities for the protection and enhancement of the environment, and in particular the water quality, of Dublin Bay and of its natural habitats and wildlife; and to provide for connected matters.","longTitleGa":"Bille d\u00e1 ngairtear Acht do bhun\u00fa coiste speisialta de chuid Thion\u00f3l R\u00e9igi\u00fanach an Oirthir agus L\u00e1r T\u00edre chun f\u00f3namh mar \u00dadar\u00e1s Chuan Bhaile \u00c1tha Cliath; do dh\u00e9anamh socr\u00fa chun go mbeidh s\u00e9 mar chusp\u00f3ir ag an \u00dadar\u00e1s sainch\u00e1il\u00edocht agus \u00e9iceola\u00edocht Chuan Bhaile \u00c1tha Cliath a chaomhn\u00fa mar acmhainn ch\u00f3sta don ghl\u00fain seo agus do na gl\u00faine at\u00e1 le teacht; do thabhairt feidhm don \u00dadar\u00e1s maidir le beartais agus tosa\u00edochta\u00ed a mholadh agus a chur chun cinn chun comhshaol Chuan Bhaile \u00c1tha Cliath a chosaint agus a fheabhs\u00fa, c\u00e1il\u00edocht an uisce go h\u00e1irithe, mar aon lena ghn\u00e1th\u00f3ga n\u00e1d\u00fartha agus a fhiadh\u00falra; agus do dh\u00e9anamh socr\u00fa i dtaobh nithe comhghaolmhara.","method":"Introduced","methodURI":"https:\/\/data.oireachtas.ie\/ie\/oireachtas\/def\/bill-method\/introduced","mostRecentStage":{"event":{"chamber":{"chamberCode":"dail","showAs":"D\u00e1il \u00c9ireann","uri":"https:\/\/data.oireachtas.ie\/ie\/oireachtas\/def\/house\/dail"},"dates":[{"date":"2024-11-08"},{"date":"2025-05-01"}],"house":{"chamberCode":"dail","chamberType":"house","houseCode":"dail","houseNo":"33","showAs":"33rd D\u00e1il","uri":"https:\/\/data.oireachtas.ie\/ie\/oireachtas\/house\/dail\/33"},"progressStage":3,"showAs":"Committee Stage","stageCompleted":false,"stageOutcome":"Current","stageURI":"https:\/\/data.oireachtas.ie\/ie\/oireachtas\/def\/bill-stage\/3","uri":"https:\/\/data.oireachtas.ie\/ie\/oireachtas\/bill\/2021\/158\/stage\/dail\/3"}},"originHouse":{"showAs":"D\u00e1il \u00c9ireann","uri":"https:\/\/data.oireachtas.ie\/ie\/oireachtas\/def\/house\/dail"},"originHouseURI":"https:\/\/data.oireachtas.ie\/ie\/oireachtas\/def\/house\/dail","relatedDocs":[{"relatedDoc":{"date":"2021-12-07","docType":"memo","formats":{"pdf":{"uri":"https:\/\/data.oireachtas.ie\/ie\/oireachtas\/bill\/2021\/158\/eng\/memo\/b15821d-memo.pdf"},"xml":null},"lang":"eng","showAs":"Explanatory Memorandum","uri":"https:\/\/data.oireachtas.ie\/ie\/oireachtas\/bill\/2021\/158\/eng\/memo"}}],"shortTitleEn":"Dublin Bay Bill 2021","shortTitleGa":"An Bille um Chuan Bhaile \u00c1tha Cliath, 2021","source":"Private Member","sourceURI":"https:\/\/data.oireachtas.ie\/ie\/oireachtas\/def\/bill-source\/private-member","sponsors":[{"sponsor":{"isPrimary":true,"as":{"showAs":null,"uri":null},"by":{"showAs":"Ivana Bacik","uri":"https:\/\/data.oireachtas.ie\/ie\/oireachtas\/member\/id\/Ivana-Bacik.S.2007-07-23"}}}],"stages":[{"event":{"chamber":{"chamberCode":"dail","showAs":"D\u00e1il \u00c9ireann","uri":"https:\/\/data.oireachtas.ie\/ie\/oireachtas\/def\/house\/dail"},"dates":[{"date":"2021-11-25"},{"date":"2021-11-25"},{"date":"2021-12-07"},{"date":"2021-12-07"}],"house":{"chamberCode":"dail","chamberType":"house","houseCode":"dail","houseNo":"33","showAs":"33rd D\u00e1il","uri":"https:\/\/data.oireachtas.ie\/ie\/oireachtas\/house\/dail\/33"},"progressStage":1,"showAs":"First Stage","stageCompleted":true,"stageOutcome":null,"stageURI":"https:\/\/data.oireachtas.ie\/ie\/oireachtas\/def\/bill-stage\/1","uri":"https:\/\/data.oireachtas.ie\/ie\/oireachtas\/bill\/2021\/158\/stage\/dail\/1"}},{"event":{"chamber":{"chamberCode":"dail","showAs":"D\u00e1il \u00c9ireann","uri":"https:\/\/data.oireachtas.ie\/ie\/oireachtas\/def\/house\/dail"},"dates":[{"date":"2021-12-08"}],"house":{"chamberCode":"dail","chamberType":"house","houseCode":"dail","houseNo":"33","showAs":"33rd D\u00e1il","uri":"https:\/\/data.oireachtas.ie\/ie\/oireachtas\/house\/dail\/33"},"progressStage":2,"showAs":"Second Stage","stageCompleted":true,"stageOutcome":null,"stageURI":"https:\/\/data.oireachtas.ie\/ie\/oireachtas\/def\/bill-stage\/2","uri":"https:\/\/data.oireachtas.ie\/ie\/oireachtas\/bill\/2021\/158\/stage\/dail\/2"}},{"event":{"chamber":{"chamberCode":"dail","showAs":"D\u00e1il \u00c9ireann","uri":"https:\/\/data.oireachtas.ie\/ie\/oireachtas\/def\/house\/dail"},"dates":[{"date":"2024-11-08"},{"date":"2025-05-01"}],"house":{"chamberCode":"dail","chamberType":"house","houseCode":"dail","houseNo":"33","showAs":"33rd D\u00e1il","uri":"https:\/\/data.oireachtas.ie\/ie\/oireachtas\/house\/dail\/33"},"progressStage":3,"showAs":"Committee Stage","stageCompleted":false,"stageOutcome":"Current","stageURI":"https:\/\/data.oireachtas.ie\/ie\/oireachtas\/def\/bill-stage\/3","uri":"https:\/\/data.oireachtas.ie\/ie\/oireachtas\/bill\/2021\/158\/stage\/dail\/3"}}],"status":"Current","statusURI":"https:\/\/data.oireachtas.ie\/ie\/oireachtas\/def\/bill-status\/published","uri":"https:\/\/data.oireachtas.ie\/ie\/oireachtas\/bill\/2021\/158","versions":[{"version":{"lang":"eng","docType":"bill","showAs":"As Initiated","date":"2021-12-07","formats":{"pdf":{"uri":"https:\/\/data.oireachtas.ie\/ie\/oireachtas\/bill\/2021\/158\/eng\/initiated\/b15821d.pdf"},"xml":null},"uri":"https:\/\/data.oireachtas.ie\/ie\/oireachtas\/bill\/2021\/158\/eng\/initiated"}}]},"contextDate":"2025-05-01","billSort":{"actNoSort":null,"actShortTitleEnSort":null,"actShortTitleGaSort":null,"actYearSort":null,"billNoSort":158,"billShortTitleEnSort":"dublin-bay-bill-2021","billShortTitleGaSort":"an-bille-um-chuan-bhaile-atha-cliath-2021","billYearSort":2021}},{"bill":{"act":null,"amendmentLists":[],"billNo":"149","billType":"Public","billTypeURI":"https:\/\/data.oireachtas.ie\/ie\/oireachtas\/def\/bill-type\/public","billYear":"2021","debates":[{"chamber":{"showAs":"Seanad \u00c9ireann","uri":"https:\/\/data.oireachtas.ie\/ie\/oireachtas\/def\/house\/seanad"},"date":"2021-11-30","debateSectionId":"dbsect_10","showAs":"Horticultural Peat (Temporary Measures) Bill 2021: Second Stage","uri":"https:\/\/data.oireachtas.ie\/akn\/ie\/debateRecord\/seanad\/2021-11-30\/debate\/main"},{"chamber":{"showAs":"Seanad \u00c9ireann","uri":"https:\/\/data.oireachtas.ie\/ie\/oireachtas\/def\/house\/seanad"},"date":"2021-11-23","debateSectionId":"dbsect_11","showAs":"Horticultural Peat (Temporary Measures) Bill 2021: First Stage","uri":"https:\/\/data.oireachtas.ie\/akn\/ie\/debateRecord\/seanad\/2021-11-23\/debate\/main"}],"events":[{"event":{"chamber":{"chamberCode":"seanad","showAs":"Seanad \u00c9ireann","uri":"https:\/\/data.oireachtas.ie\/ie\/oireachtas\/def\/house\/seanad"},"dates":[{"date":"2021-11-10"},{"date":"2021-11-23"},{"date":"2025-03-27"}],"eventURI":"https:\/\/data.oireachtas.ie\/ie\/oireachtas\/def\/bill-event\/admissibility-for-introduction","showAs":"Admissibility for Introduction","uri":"https:\/\/data.oireachtas.ie\/ie\/oireachtas\/bill\/2021\/149\/admissibility-for-introduction"}},{"event":{"chamber":{"chamberCode":"seanad","showAs":"Seanad \u00c9ireann","uri":"https:\/\/data.oireachtas.ie\/ie\/oireachtas\/def\/house\/seanad"},"dates":[{"date":"2025-01-29"}],"eventURI":"https:\/\/data.oireachtas.ie\/ie\/oireachtas\/def\/bill-event\/bill-lapsed","showAs":"Bill Lapsed","uri":"https:\/\/data.oireachtas.ie\/ie\/oireachtas\/bill\/2021\/149\/bill-lapsed"}}],"lastUpdated":"2025-03-28T11:05:36.610000+00:00","longTitleEn":"Bill entitled an Act to amend the Planning and Development Acts 2000 to 2021 and the Environmental Protection Agency Acts 1992 to 2011 to make exceptional provision for peat extraction for the purpose of horticulture for a temporary period in the public interest in order to mitigate the adverse consequences resulting, or likely to result from an interruption to supply and to provide for a just transition.","longTitleGa":"Bille d\u00e1 ngairtear Acht do leas\u00fa na nAchtanna um Plean\u00e1il agus Forbairt, 2000 go 2021 agus na nAchtanna f\u00e1n nGn\u00edomhaireacht um Chaomhn\u00fa Comhshaoil, 1992 go 2011 chun socr\u00fa eisceacht\u00fail a dh\u00e9anamh maidir le baint m\u00f3na chun cr\u00edche gairneoireachta ar feadh tr\u00e9imhse shealadach ar mhaithe le leas an phobail d\u2019fhonn maol\u00fa a dh\u00e9anamh ar na hiarmhairt\u00ed dochracha a bheidh, n\u00f3 is d\u00f3igh a bheidh, mar thoradh ar bhriseadh ar shol\u00e1thar agus do dh\u00e9anamh socr\u00fa maidir le trasdul c\u00f3ir.","method":"Introduced","methodURI":"https:\/\/data.oireachtas.ie\/ie\/oireachtas\/def\/bill-method\/introduced","mostRecentStage":{"event":{"chamber":{"chamberCode":"seanad","showAs":"Seanad \u00c9ireann","uri":"https:\/\/data.oireachtas.ie\/ie\/oireachtas\/def\/house\/seanad"},"dates":[{"date":"2021-11-30"},{"date":"2025-01-29"},{"date":"2025-03-27"}],"house":{"chamberCode":"seanad","chamberType":"house","houseCode":"seanad","houseNo":"26","showAs":"26th Seanad","uri":"https:\/\/data.oireachtas.ie\/ie\/oireachtas\/house\/seanad\/26"},"progressStage":2,"showAs":"Second Stage","stageCompleted":false,"stageOutcome":"Current","stageURI":"https:\/\/data.oireachtas.ie\/ie\/oireachtas\/def\/bill-stage\/2","uri":"https:\/\/data.oireachtas.ie\/ie\/oireachtas\/bill\/2021\/149\/stage\/seanad\/2"}},"originHouse":{"showAs":"Seanad \u00c9ireann","uri":"https:\/\/data.oireachtas.ie\/ie\/oireachtas\/def\/house\/seanad"},"originHouseURI":"https:\/\/data.oireachtas.ie\/ie\/oireachtas\/def\/house\/seanad","relatedDocs":[{"relatedDoc":{"date":"2021-11-23","docType":"memo","formats":{"pdf":{"uri":"https:\/\/data.oireachtas.ie\/ie\/oireachtas\/bill\/2021\/149\/eng\/memo\/b14921s-memo.pdf"},"xml":null},"lang":"eng","showAs":"Explanatory Memorandum","uri":"https:\/\/data.oireachtas.ie\/ie\/oireachtas\/bill\/2021\/149\/eng\/memo"}}],"shortTitleEn":"Horticultural Peat (Temporary Measures) Bill 2021","shortTitleGa":"An Bille um M\u00f3in Ghairneoireachta (Bearta Sealadacha), 2021","source":"Private Member","sourceURI":"https:\/\/data.oireachtas.ie\/ie\/oireachtas\/def\/bill-source\/private-member","sponsors":[{"sponsor":{"as":{"showAs":null,"uri":null},"by":{"showAs":"Miche\u00e1l Carrigy","uri":"https:\/\/data.oireachtas.ie\/ie\/oireachtas\/member\/id\/Miche\u00e1l-Carrigy.S.2020-03-30"},"isPrimary":false}},{"sponsor":{"as":{"showAs":null,"uri":null},"by":{"showAs":"Pat Casey","uri":"https:\/\/data.oireachtas.ie\/ie\/oireachtas\/member\/id\/Pat-Casey.D.2016-10-03"},"isPrimary":false}},{"sponsor":{"as":{"showAs":null,"uri":null},"by":{"showAs":"Regina Doherty","uri":"https:\/\/data.oireachtas.ie\/ie\/oireachtas\/member\/id\/Regina-Doherty.D.2011-03-09"},"isPrimary":true}},{"sponsor":{"as":{"showAs":null,"uri":null},"by":{"showAs":"Paddy Burke","uri":"https:\/\/data.oireachtas.ie\/ie\/oireachtas\/member\/id\/Paddy-Burke.S.1993-02-17"},"isPrimary":false}},{"sponsor":{"as":{"showAs":null,"uri":null},"by":{"showAs":"Jerry Buttimer","uri":"https:\/\/data.oireachtas.ie\/ie\/oireachtas\/member\/id\/Jerry-Buttimer.S.2007-07-23"},"isPrimary":false}},{"sponsor":{"as":{"showAs":null,"uri":null},"by":{"showAs":"Malcolm Byrne","uri":"https:\/\/data.oireachtas.ie\/ie\/oireachtas\/member\/id\/Malcolm-Byrne.D.2019-11-29"},"isPrimary":false}},{"sponsor":{"as":{"showAs":null,"uri":null},"by":{"showAs":"Maria Byrne","uri":"https:\/\/data.oireachtas.ie\/ie\/oireachtas\/member\/id\/Maria-Byrne.S.2016-04-25"},"isPrimary":false}},{"sponsor":{"as":{"showAs":null,"uri":null},"by":{"showAs":"Lisa Chambers","uri":"https:\/\/data.oireachtas.ie\/ie\/oireachtas\/member\/id\/Lisa-Chambers.D.2016-10-03"},"isPrimary":false}},{"sponsor":{"as":{"showAs":null,"uri":null},"by":{"showAs":"Lorraine Clifford-Lee","uri":"https:\/\/data.oireachtas.ie\/ie\/oireachtas\/member\/id\/Lorraine-Clifford-Lee.S.2016-04-25"},"isPrimary":false}},{"sponsor":{"as":{"showAs":null,"uri":null},"by":{"showAs":"John Cummins","uri":"https:\/\/data.oireachtas.ie\/ie\/oireachtas\/member\/id\/John-Cummins.S.2020-03-30"},"isPrimary":false}},{"sponsor":{"as":{"showAs":null,"uri":null},"by":{"showAs":"Emer Currie","uri":"https:\/\/data.oireachtas.ie\/ie\/oireachtas\/member\/id\/Emer-Currie.S.2020-06-29"},"isPrimary":false}},{"sponsor":{"as":{"showAs":null,"uri":null},"by":{"showAs":"Aidan Davitt","uri":"https:\/\/data.oireachtas.ie\/ie\/oireachtas\/member\/id\/Aidan-Davitt.S.2016-04-25"},"isPrimary":false}},{"sponsor":{"as":{"showAs":null,"uri":null},"by":{"showAs":"Aisling Dolan","uri":"https:\/\/data.oireachtas.ie\/ie\/oireachtas\/member\/id\/Aisling-Dolan.S.2020-06-29"},"isPrimary":false}},{"sponsor":{"as":{"showAs":null,"uri":null},"by":{"showAs":"Erin McGreehan","uri":"https:\/\/data.oireachtas.ie\/ie\/oireachtas\/member\/id\/Erin-McGreehan.S.2020-06-29"},"isPrimary":false}},{"sponsor":{"as":{"showAs":null,"uri":null},"by":{"showAs":"Eugene Murphy","uri":"https:\/\/data.oireachtas.ie\/ie\/oireachtas\/member\/id\/Eugene-Murphy.D.2016-10-03"},"isPrimary":false}},{"sponsor":{"as":{"showAs":null,"uri":null},"by":{"showAs":"Denis O'Donovan","uri":"https:\/\/data.oireachtas.ie\/ie\/oireachtas\/member\/id\/Denis-O'Donovan.S.1989-10-01"},"isPrimary":false}},{"sponsor":{"as":{"showAs":null,"uri":null},"by":{"showAs":"Fiona O'Loughlin","uri":"https:\/\/data.oireachtas.ie\/ie\/oireachtas\/member\/id\/Fiona-O'Loughlin.D.2016-10-03"},"isPrimary":false}},{"sponsor":{"as":{"showAs":null,"uri":null},"by":{"showAs":"Joe O'Reilly","uri":"https:\/\/data.oireachtas.ie\/ie\/oireachtas\/member\/id\/Joe-O'Reilly.S.1989-10-01"},"isPrimary":false}},{"sponsor":{"as":{"showAs":null,"uri":null},"by":{"showAs":"Ned O'Sullivan","uri":"https:\/\/data.oireachtas.ie\/ie\/oireachtas\/member\/id\/Ned-O'Sullivan.S.2007-07-23"},"isPrimary":false}},{"sponsor":{"as":{"showAs":null,"uri":null},"by":{"showAs":"Mary Seery Kearney","uri":"https:\/\/data.oireachtas.ie\/ie\/oireachtas\/member\/id\/Mary-Seery-Kearney.S.2020-06-29"},"isPrimary":false}},{"sponsor":{"as":{"showAs":null,"uri":null},"by":{"showAs":"Martin Conway","uri":"https:\/\/data.oireachtas.ie\/ie\/oireachtas\/member\/id\/Martin-Conway.S.2011-05-25"},"isPrimary":false}},{"sponsor":{"as":{"showAs":null,"uri":null},"by":{"showAs":"Timmy Dooley","uri":"https:\/\/data.oireachtas.ie\/ie\/oireachtas\/member\/id\/Timmy-Dooley.S.2002-09-12"},"isPrimary":false}},{"sponsor":{"as":{"showAs":null,"uri":null},"by":{"showAs":"Mary Fitzpatrick","uri":"https:\/\/data.oireachtas.ie\/ie\/oireachtas\/member\/id\/Mary-Fitzpatrick.S.2020-06-29"},"isPrimary":false}},{"sponsor":{"as":{"showAs":null,"uri":null},"by":{"showAs":"Gerry Horkan","uri":"https:\/\/data.oireachtas.ie\/ie\/oireachtas\/member\/id\/Gerry-Horkan.S.2016-04-25"},"isPrimary":false}},{"sponsor":{"as":{"showAs":null,"uri":null},"by":{"showAs":"Se\u00e1n Kyne","uri":"https:\/\/data.oireachtas.ie\/ie\/oireachtas\/member\/id\/Se\u00e1n-Kyne.D.2011-03-09"},"isPrimary":false}},{"sponsor":{"as":{"showAs":null,"uri":null},"by":{"showAs":"Tim Lombard","uri":"https:\/\/data.oireachtas.ie\/ie\/oireachtas\/member\/id\/Tim-Lombard.S.2016-04-25"},"isPrimary":false}},{"sponsor":{"as":{"showAs":null,"uri":null},"by":{"showAs":"John McGahon","uri":"https:\/\/data.oireachtas.ie\/ie\/oireachtas\/member\/id\/John-McGahon.S.2020-03-30"},"isPrimary":false}},{"sponsor":{"as":{"showAs":null,"uri":null},"by":{"showAs":"Paul Daly","uri":"https:\/\/data.oireachtas.ie\/ie\/oireachtas\/member\/id\/Paul-Daly.S.2016-04-25"},"isPrimary":false}},{"sponsor":{"as":{"showAs":null,"uri":null},"by":{"showAs":"Barry Ward","uri":"https:\/\/data.oireachtas.ie\/ie\/oireachtas\/member\/id\/Barry-Ward.S.2020-03-30"},"isPrimary":false}},{"sponsor":{"as":{"showAs":null,"uri":null},"by":{"showAs":"Diarmuid Wilson","uri":"https:\/\/data.oireachtas.ie\/ie\/oireachtas\/member\/id\/Diarmuid-Wilson.S.2002-09-12"},"isPrimary":false}},{"sponsor":{"as":{"showAs":null,"uri":null},"by":{"showAs":"Ollie Crowe","uri":"https:\/\/data.oireachtas.ie\/ie\/oireachtas\/member\/id\/Ollie-Crowe.S.2020-03-30"},"isPrimary":false}},{"sponsor":{"as":{"showAs":null,"uri":null},"by":{"showAs":"Shane Cassells","uri":"https:\/\/data.oireachtas.ie\/ie\/oireachtas\/member\/id\/Shane-Cassells.D.2016-10-03"},"isPrimary":false}},{"sponsor":{"as":{"showAs":null,"uri":null},"by":{"showAs":"Robbie Gallagher","uri":"https:\/\/data.oireachtas.ie\/ie\/oireachtas\/member\/id\/Robbie-Gallagher.S.2016-04-25"},"isPrimary":false}},{"sponsor":{"as":{"showAs":null,"uri":null},"by":{"showAs":"Garret Ahearn","uri":"https:\/\/data.oireachtas.ie\/ie\/oireachtas\/member\/id\/Garret-Ahearn.S.2020-03-30"},"isPrimary":false}},{"sponsor":{"as":{"showAs":null,"uri":null},"by":{"showAs":"Catherine Ardagh","uri":"https:\/\/data.oireachtas.ie\/ie\/oireachtas\/member\/id\/Catherine-Ardagh.S.2016-04-25"},"isPrimary":false}},{"sponsor":{"as":{"showAs":null,"uri":null},"by":{"showAs":"Niall Blaney","uri":"https:\/\/data.oireachtas.ie\/ie\/oireachtas\/member\/id\/Niall-Blaney.D.2002-06-06"},"isPrimary":false}}],"stages":[{"event":{"chamber":{"chamberCode":"seanad","showAs":"Seanad \u00c9ireann","uri":"https:\/\/data.oireachtas.ie\/ie\/oireachtas\/def\/house\/seanad"},"dates":[{"date":"2021-11-10"},{"date":"2021-11-23"},{"date":"2021-11-23"}],"house":{"chamberCode":"seanad","chamberType":"house","houseCode":"seanad","houseNo":"26","showAs":"26th Seanad","uri":"https:\/\/data.oireachtas.ie\/ie\/oireachtas\/house\/seanad\/26"},"progressStage":1,"showAs":"First Stage","stageCompleted":true,"stageOutcome":null,"stageURI":"https:\/\/data.oireachtas.ie\/ie\/oireachtas\/def\/bill-stage\/1","uri":"https:\/\/data.oireachtas.ie\/ie\/oireachtas\/bill\/2021\/149\/stage\/seanad\/1"}},{"event":{"chamber":{"chamberCode":"seanad","showAs":"Seanad \u00c9ireann","uri":"https:\/\/data.oireachtas.ie\/ie\/oireachtas\/def\/house\/seanad"},"dates":[{"date":"2021-11-30"},{"date":"2025-01-29"},{"date":"2025-03-27"}],"house":{"chamberCode":"seanad","chamberType":"house","houseCode":"seanad","houseNo":"26","showAs":"26th Seanad","uri":"https:\/\/data.oireachtas.ie\/ie\/oireachtas\/house\/seanad\/26"},"progressStage":2,"showAs":"Second Stage","stageCompleted":false,"stageOutcome":"Current","stageURI":"https:\/\/data.oireachtas.ie\/ie\/oireachtas\/def\/bill-stage\/2","uri":"https:\/\/data.oireachtas.ie\/ie\/oireachtas\/bill\/2021\/149\/stage\/seanad\/2"}}],"status":"Current","statusURI":"https:\/\/data.oireachtas.ie\/ie\/oireachtas\/def\/bill-status\/published","uri":"https:\/\/data.oireachtas.ie\/ie\/oireachtas\/bill\/2021\/149","versions":[{"version":{"date":"2021-11-23","docType":"bill","formats":{"pdf":{"uri":"https:\/\/data.oireachtas.ie\/ie\/oireachtas\/bill\/2021\/149\/eng\/initiated\/b14921s.pdf"},"xml":null},"lang":"eng","showAs":"As Initiated","uri":"https:\/\/data.oireachtas.ie\/ie\/oireachtas\/bill\/2021\/149\/eng\/initiated"}}]},"billSort":{"actNoSort":null,"actShortTitleEnSort":null,"actShortTitleGaSort":null,"actYearSort":null,"billNoSort":149,"billShortTitleEnSort":"horticultural-peat-temporary-measures-bill-2021","billShortTitleGaSort":"an-bille-um-moin-ghairneoireachta-bearta-sealadacha-2021","billYearSort":2021},"contextDate":"2025-03-27"},{"bill":{"act":null,"amendmentLists":[],"billNo":"146","billType":"Public","billTypeURI":"https:\/\/data.oireachtas.ie\/ie\/oireachtas\/def\/bill-type\/public","billYear":"2021","debates":[{"chamber":{"showAs":"D\u00e1il \u00c9ireann","uri":"https:\/\/data.oireachtas.ie\/ie\/oireachtas\/def\/house\/dail"},"date":"2021-11-16","debateSectionId":"dbsect_9","showAs":"Protection of Children\u2019s Health (Idling of Mechanically Propelled Vehicles in Vicinity of Schools) Bill 2021: First Stage","uri":"https:\/\/data.oireachtas.ie\/akn\/ie\/debateRecord\/dail\/2021-11-16\/debate\/main"}],"events":[{"event":{"chamber":{"chamberCode":"dail","showAs":"D\u00e1il \u00c9ireann","uri":"https:\/\/data.oireachtas.ie\/ie\/oireachtas\/def\/house\/dail"},"dates":[{"date":"2021-11-10"},{"date":"2021-11-10"},{"date":"2021-11-16"},{"date":"2025-05-01"}],"eventURI":"https:\/\/data.oireachtas.ie\/ie\/oireachtas\/def\/bill-event\/approved-for-initiation","showAs":"Approved for Initiation","uri":"https:\/\/data.oireachtas.ie\/ie\/oireachtas\/bill\/2021\/146\/approved-for-initiation"}},{"event":{"chamber":{"chamberCode":"dail","showAs":"D\u00e1il \u00c9ireann","uri":"https:\/\/data.oireachtas.ie\/ie\/oireachtas\/def\/house\/dail"},"dates":[{"date":"2024-11-08"}],"eventURI":"https:\/\/data.oireachtas.ie\/ie\/oireachtas\/def\/bill-event\/bill-lapsed","showAs":"Bill Lapsed","uri":"https:\/\/data.oireachtas.ie\/ie\/oireachtas\/bill\/2021\/146\/bill-lapsed"}}],"lastUpdated":"2025-05-02T11:00:02.860000+00:00","longTitleEn":"Bill entitled an Act to provide, in the interests of protecting children\u2019s health, for an offence relating to causing or permitting a mechanically propelled vehicle to remain idle in the vicinity of a school, and for those purposes to make certain provisions in relation to the powers of members of the Garda S\u00edoch\u00e1na, the provision of traffic signs and the payment of a fixed charge as an alternative to prosecution for such an offence, and to provide for related matters.","longTitleGa":"Bille d\u00e1 ngairtear Acht do dh\u00e9anamh socr\u00fa, ar mhaithe le sl\u00e1inte leana\u00ed a chosaint, maidir le cion a bhaineann lena chur faoi deara n\u00f3 lena chead\u00fa feithicil inneallghluaiste a r\u00e9chasadh i gcomharsanacht scoile agus, chun na gcr\u00edoch sin, do dh\u00e9anamh for\u00e1lacha \u00e1irithe i nd\u00e1il le cumhachta\u00ed comhalta\u00ed den Gharda S\u00edoch\u00e1na, i nd\u00e1il le comhartha\u00ed tr\u00e1chta a shol\u00e1thar agus i nd\u00e1il le muirear seasta a \u00edoc mar mhalairt ar ionch\u00faiseamh mar gheall ar chion den s\u00f3rt sin, agus do dh\u00e9anamh socr\u00fa i dtaobh nithe gaolmhara.","method":"Introduced","methodURI":"https:\/\/data.oireachtas.ie\/ie\/oireachtas\/def\/bill-method\/introduced","mostRecentStage":{"event":{"chamber":{"chamberCode":"dail","showAs":"D\u00e1il \u00c9ireann","uri":"https:\/\/data.oireachtas.ie\/ie\/oireachtas\/def\/house\/dail"},"dates":[{"date":"2024-11-08"},{"date":"2025-05-01"}],"house":{"chamberCode":"dail","chamberType":"house","houseCode":"dail","houseNo":"33","showAs":"33rd D\u00e1il","uri":"https:\/\/data.oireachtas.ie\/ie\/oireachtas\/house\/dail\/33"},"progressStage":2,"showAs":"Second Stage","stageCompleted":false,"stageOutcome":"Current","stageURI":"https:\/\/data.oireachtas.ie\/ie\/oireachtas\/def\/bill-stage\/2","uri":"https:\/\/data.oireachtas.ie\/ie\/oireachtas\/bill\/2021\/146\/stage\/dail\/2"}},"originHouse":{"showAs":"D\u00e1il \u00c9ireann","uri":"https:\/\/data.oireachtas.ie\/ie\/oireachtas\/def\/house\/dail"},"originHouseURI":"https:\/\/data.oireachtas.ie\/ie\/oireachtas\/def\/house\/dail","relatedDocs":[{"relatedDoc":{"date":"2021-11-16","docType":"memo","formats":{"pdf":{"uri":"https:\/\/data.oireachtas.ie\/ie\/oireachtas\/bill\/2021\/146\/eng\/memo\/b14621d-memo.pdf"},"xml":null},"lang":"eng","showAs":"Explanatory Memorandum","uri":"https:\/\/data.oireachtas.ie\/ie\/oireachtas\/bill\/2021\/146\/eng\/memo"}}],"shortTitleEn":"Protection of Children\u2019s Health (Idling of Mechanically Propelled Vehicles in Vicinity of Schools) Bill 2021","shortTitleGa":"An Bille um Chosaint Sl\u00e1inte Leana\u00ed (R\u00e9chasadh Feithicl\u00ed Inneallghluaiste i gComharsanacht Scoileanna), 2021","source":"Private Member","sourceURI":"https:\/\/data.oireachtas.ie\/ie\/oireachtas\/def\/bill-source\/private-member","sponsors":[{"sponsor":{"as":{"showAs":null,"uri":null},"by":{"showAs":"Jennifer Whitmore","uri":"https:\/\/data.oireachtas.ie\/ie\/oireachtas\/member\/id\/Jennifer-Whitmore.D.2020-02-08"},"isPrimary":true}}],"stages":[{"event":{"chamber":{"chamberCode":"dail","showAs":"D\u00e1il \u00c9ireann","uri":"https:\/\/data.oireachtas.ie\/ie\/oireachtas\/def\/house\/dail"},"dates":[{"date":"2021-11-10"},{"date":"2021-11-10"},{"date":"2021-11-16"},{"date":"2021-11-16"}],"house":{"chamberCode":"dail","chamberType":"house","houseCode":"dail","houseNo":"33","showAs":"33rd D\u00e1il","uri":"https:\/\/data.oireachtas.ie\/ie\/oireachtas\/house\/dail\/33"},"progressStage":1,"showAs":"First Stage","stageCompleted":true,"stageOutcome":null,"stageURI":"https:\/\/data.oireachtas.ie\/ie\/oireachtas\/def\/bill-stage\/1","uri":"https:\/\/data.oireachtas.ie\/ie\/oireachtas\/bill\/2021\/146\/stage\/dail\/1"}},{"event":{"chamber":{"chamberCode":"dail","showAs":"D\u00e1il \u00c9ireann","uri":"https:\/\/data.oireachtas.ie\/ie\/oireachtas\/def\/house\/dail"},"dates":[{"date":"2024-11-08"},{"date":"2025-05-01"}],"house":{"chamberCode":"dail","chamberType":"house","houseCode":"dail","houseNo":"33","showAs":"33rd D\u00e1il","uri":"https:\/\/data.oireachtas.ie\/ie\/oireachtas\/house\/dail\/33"},"progressStage":2,"showAs":"Second Stage","stageCompleted":false,"stageOutcome":"Current","stageURI":"https:\/\/data.oireachtas.ie\/ie\/oireachtas\/def\/bill-stage\/2","uri":"https:\/\/data.oireachtas.ie\/ie\/oireachtas\/bill\/2021\/146\/stage\/dail\/2"}}],"status":"Current","statusURI":"https:\/\/data.oireachtas.ie\/ie\/oireachtas\/def\/bill-status\/published","uri":"https:\/\/data.oireachtas.ie\/ie\/oireachtas\/bill\/2021\/146","versions":[{"version":{"date":"2021-11-16","docType":"bill","formats":{"pdf":{"uri":"https:\/\/data.oireachtas.ie\/ie\/oireachtas\/bill\/2021\/146\/eng\/initiated\/b14621d.pdf"},"xml":null},"lang":"eng","showAs":"As Initiated","uri":"https:\/\/data.oireachtas.ie\/ie\/oireachtas\/bill\/2021\/146\/eng\/initiated"}}]},"billSort":{"actNoSort":null,"actShortTitleEnSort":null,"actShortTitleGaSort":null,"actYearSort":null,"billNoSort":146,"billShortTitleEnSort":"protection-of-childrens-health-idling-of-mechanically-propelled-vehicles-in-vicinity-of-schools-bill-2021","billShortTitleGaSort":"an-bille-um-chosaint-slainte-leanai-rechasadh-feithicli-inneallghluaiste-i-gcomharsanacht-scoileanna-2021","billYearSort":2021},"contextDate":"2025-05-01"}]}