{"head":{"counts":{"billCount":404,"resultCount":404}},"results":[{"bill":{"act":{"actNo":"19","actYear":"2025","dateSigned":"2025-12-23","longTitleEn":"<p>Act to amend and extend the Social Welfare Acts; to amend the Automatic Enrolment Retirement Savings System Act 2024; and to provide for related matters.<\/p>","longTitleGa":"<p>Acht do leas\u00fa agus do leathn\u00fa na nAchtanna Leasa Sh\u00f3isialaigh; do leas\u00fa an Achta um Ch\u00f3ras Uathrollaithe Coigiltis Scoir, 2024; agus do dh\u00e9anamh socr\u00fa i dtaobh nithe gaolmhara.<\/p>","shortTitleEn":"Social Welfare and Automatic Enrolment Retirement Savings System (Amendment) Act 2025","shortTitleGa":"An tAcht Leasa Sh\u00f3isialaigh agus um Ch\u00f3ras Uathrollaithe Coigiltis Scoir (Leas\u00fa), 2025","statutebookURI":"http:\/\/www.irishstatutebook.ie\/eli\/2025\/act\/19","uri":"https:\/\/data.oireachtas.ie\/ie\/oireachtas\/act\/2025\/19"},"amendmentLists":[{"amendmentList":{"amendmentTypeUri":{"uri":"https:\/\/data.oireachtas.ie\/ie\/oireachtas\/def\/amendment-type\/numberedList"},"chamber":{"showAs":"Dail","uri":"https:\/\/data.oireachtas.ie\/ie\/oireachtas\/def\/dail"},"date":"2025-12-02","formats":{"pdf":{"uri":"https:\/\/data.oireachtas.ie\/ie\/oireachtas\/bill\/2025\/65\/dail\/4\/amendment\/numberedList\/eng\/b65a25d-drnl.pdf"},"xml":null},"showAs":"Numbered List [D\u00e1il]","stage":{"showAs":"Report Stage","uri":"https:\/\/data.oireachtas.ie\/ie\/oireachtas\/bill\/2025\/65\/dail\/4"},"stageNo":"4"}},{"amendmentList":{"amendmentTypeUri":{"uri":"https:\/\/data.oireachtas.ie\/ie\/oireachtas\/def\/amendment-type\/numberedList"},"chamber":{"showAs":"Dail","uri":"https:\/\/data.oireachtas.ie\/ie\/oireachtas\/def\/dail"},"date":"2025-11-17","formats":{"pdf":{"uri":"https:\/\/data.oireachtas.ie\/ie\/oireachtas\/bill\/2025\/65\/dail\/3\/amendment\/numberedList\/eng\/b6525d-dcnl.pdf"},"xml":null},"showAs":"Numbered List [D\u00e1il]","stage":{"showAs":"Committee Stage","uri":"https:\/\/data.oireachtas.ie\/ie\/oireachtas\/bill\/2025\/65\/dail\/3"},"stageNo":"3"}}],"billNo":"65","billType":"Public","billTypeURI":"https:\/\/data.oireachtas.ie\/ie\/oireachtas\/def\/bill-type\/public","billYear":"2025","debates":[{"chamber":{"showAs":"Seanad \u00c9ireann","uri":"https:\/\/data.oireachtas.ie\/ie\/oireachtas\/def\/house\/seanad"},"date":"2025-12-16","debateSectionId":"dbsect_16","showAs":"Social Welfare and Automatic Enrolment Retirement Savings System (Amendment) Bill 2025: Committee and Remaining Stages","uri":"https:\/\/data.oireachtas.ie\/akn\/ie\/debateRecord\/seanad\/2025-12-16\/debate\/main"},{"chamber":{"showAs":"Seanad \u00c9ireann","uri":"https:\/\/data.oireachtas.ie\/ie\/oireachtas\/def\/house\/seanad"},"date":"2025-12-10","debateSectionId":"dbsect_46","showAs":"Social Welfare and Automatic Enrolment Retirement Savings System (Amendment) Bill 2025: Second Stage","uri":"https:\/\/data.oireachtas.ie\/akn\/ie\/debateRecord\/seanad\/2025-12-10\/debate\/main"},{"chamber":{"showAs":"D\u00e1il \u00c9ireann","uri":"https:\/\/data.oireachtas.ie\/ie\/oireachtas\/def\/house\/dail"},"date":"2025-12-03","debateSectionId":"dbsect_31","showAs":"Social Welfare and Automatic Enrolment Retirement Savings System (Amendment) Bill 2025: Report and Final Stages","uri":"https:\/\/data.oireachtas.ie\/akn\/ie\/debateRecord\/dail\/2025-12-03\/debate\/main"},{"chamber":{"showAs":"Select Committee on Social Protection, Rural and Community Development","uri":"https:\/\/data.oireachtas.ie\/ie\/oireachtas\/def\/committee"},"date":"2025-11-18","debateSectionId":"dbsect_2","showAs":"Social Welfare and Automatic Enrolment Retirement Savings System (Amendment) Bill 2025: Committee Stage","uri":"https:\/\/data.oireachtas.ie\/akn\/ie\/debateRecord\/select_committee_on_social_protection_rural_and_community_development\/2025-11-18\/debate\/main"},{"chamber":{"showAs":"D\u00e1il \u00c9ireann","uri":"https:\/\/data.oireachtas.ie\/ie\/oireachtas\/def\/house\/dail"},"date":"2025-11-12","debateSectionId":"dbsect_15","showAs":"Social Welfare and Automatic Enrolment Retirement Savings System (Amendment) Bill 2025: Second Stage","uri":"https:\/\/data.oireachtas.ie\/akn\/ie\/debateRecord\/dail\/2025-11-12\/debate\/main"},{"chamber":{"showAs":"D\u00e1il \u00c9ireann","uri":"https:\/\/data.oireachtas.ie\/ie\/oireachtas\/def\/house\/dail"},"date":"2025-11-12","debateSectionId":"dbsect_16","showAs":"Social Welfare and Automatic Enrolment Retirement Savings System (Amendment) Bill 2025: Referral to Select Committee","uri":"https:\/\/data.oireachtas.ie\/akn\/ie\/debateRecord\/dail\/2025-11-12\/debate\/main"}],"events":[{"event":{"chamber":{"chamberCode":"dail","showAs":"D\u00e1il \u00c9ireann","uri":"https:\/\/data.oireachtas.ie\/ie\/oireachtas\/def\/house\/dail"},"dates":[{"date":"2025-11-06"},{"date":"2025-12-23"}],"eventURI":"https:\/\/data.oireachtas.ie\/ie\/oireachtas\/def\/bill-event\/published","showAs":"Published","uri":"https:\/\/data.oireachtas.ie\/ie\/oireachtas\/bill\/2025\/65\/published"}},{"event":{"chamber":null,"dates":[{"date":"2025-12-23"}],"eventURI":"https:\/\/data.oireachtas.ie\/ie\/oireachtas\/def\/bill-event\/enacted","showAs":"Enacted","uri":"https:\/\/data.oireachtas.ie\/ie\/oireachtas\/bill\/2025\/65\/enacted"}}],"lastUpdated":"2026-01-23T13:15:10.820000+00:00","longTitleEn":"<p>Bill entitled an Act to amend and extend the Social Welfare Acts; to amend the Automatic Enrolment Retirement Savings System Act 2024; and to provide for related matters.<\/p>","longTitleGa":"<p>Bille d\u00e1 ngairtear Acht do leas\u00fa agus do leathn\u00fa na nAchtanna Leasa Sh\u00f3isialaigh; do leas\u00fa an Achta um Ch\u00f3ras Uathrollaithe Coigiltis Scoir, 2024; agus do dh\u00e9anamh socr\u00fa i dtaobh nithe gaolmhara.<\/p>","method":"Presented","methodURI":"https:\/\/data.oireachtas.ie\/ie\/oireachtas\/def\/bill-method\/presented","mostRecentStage":{"event":{"chamber":null,"dates":[{"date":"2025-12-23"}],"house":null,"progressStage":10,"showAs":"Enacted","stageCompleted":true,"stageOutcome":"Enacted","stageURI":"https:\/\/data.oireachtas.ie\/ie\/oireachtas\/def\/bill-stage\/enacted","uri":"https:\/\/data.oireachtas.ie\/ie\/oireachtas\/bill\/2025\/65\/stage\/oireachtas\/enacted"}},"originHouse":{"showAs":"D\u00e1il \u00c9ireann","uri":"https:\/\/data.oireachtas.ie\/ie\/oireachtas\/def\/house\/dail"},"originHouseURI":"https:\/\/data.oireachtas.ie\/ie\/oireachtas\/def\/house\/dail","relatedDocs":[{"relatedDoc":{"date":"2025-11-12","docType":"gluais","formats":{"pdf":{"uri":"https:\/\/data.oireachtas.ie\/ie\/oireachtas\/bill\/2025\/65\/mul\/gluais\/gluais-18-2025-an-bille-leasa-shoisialaigh-agus-um-choras-uathrollaithe-coigiltis-scoir-leasu-2025.pdf"},"xml":null},"lang":"mul","showAs":"Glossary\/Gluais","uri":"https:\/\/data.oireachtas.ie\/ie\/oireachtas\/bill\/2025\/65\/mul\/gluais"}},{"relatedDoc":{"date":"2025-11-06","docType":"memo","formats":{"pdf":{"uri":"https:\/\/data.oireachtas.ie\/ie\/oireachtas\/bill\/2025\/65\/eng\/memo\/b6525d-memo.pdf"},"xml":null},"lang":"eng","showAs":"Explanatory Memorandum","uri":"https:\/\/data.oireachtas.ie\/ie\/oireachtas\/bill\/2025\/65\/eng\/memo"}}],"shortTitleEn":"Social Welfare and Automatic Enrolment Retirement Savings System (Amendment) Bill 2025","shortTitleGa":"An Bille Leasa Sh\u00f3isialaigh agus um Ch\u00f3ras Uathrollaithe Coigiltis Scoir (Leas\u00fa), 2025","source":"Government","sourceURI":"https:\/\/data.oireachtas.ie\/ie\/oireachtas\/def\/bill-source\/government","sponsors":[{"sponsor":{"isPrimary":true,"as":{"showAs":"Minister for Social Protection","uri":null},"by":{"showAs":null,"uri":null}}}],"stages":[{"event":{"chamber":{"chamberCode":"dail","showAs":"D\u00e1il \u00c9ireann","uri":"https:\/\/data.oireachtas.ie\/ie\/oireachtas\/def\/house\/dail"},"dates":[{"date":"2025-11-06"},{"date":"2025-11-06"}],"house":{"chamberCode":"dail","chamberType":"house","houseCode":"dail","houseNo":"34","showAs":"34th D\u00e1il","uri":"https:\/\/data.oireachtas.ie\/ie\/oireachtas\/house\/dail\/34"},"progressStage":1,"showAs":"First Stage","stageCompleted":true,"stageOutcome":null,"stageURI":"https:\/\/data.oireachtas.ie\/ie\/oireachtas\/def\/bill-stage\/1","uri":"https:\/\/data.oireachtas.ie\/ie\/oireachtas\/bill\/2025\/65\/stage\/dail\/1"}},{"event":{"chamber":{"chamberCode":"dail","showAs":"D\u00e1il \u00c9ireann","uri":"https:\/\/data.oireachtas.ie\/ie\/oireachtas\/def\/house\/dail"},"dates":[{"date":"2025-11-06"}],"house":{"chamberCode":"dail","chamberType":"house","houseCode":"dail","houseNo":"34","showAs":"34th D\u00e1il","uri":"https:\/\/data.oireachtas.ie\/ie\/oireachtas\/house\/dail\/34"},"progressStage":2,"showAs":"Second Stage","stageCompleted":true,"stageOutcome":null,"stageURI":"https:\/\/data.oireachtas.ie\/ie\/oireachtas\/def\/bill-stage\/2","uri":"https:\/\/data.oireachtas.ie\/ie\/oireachtas\/bill\/2025\/65\/stage\/dail\/2"}},{"event":{"chamber":{"chamberCode":"dail","showAs":"D\u00e1il \u00c9ireann","uri":"https:\/\/data.oireachtas.ie\/ie\/oireachtas\/def\/house\/dail"},"dates":[{"date":"2025-11-12"}],"house":{"chamberCode":"dail","chamberType":"house","houseCode":"dail","houseNo":"34","showAs":"34th D\u00e1il","uri":"https:\/\/data.oireachtas.ie\/ie\/oireachtas\/house\/dail\/34"},"progressStage":3,"showAs":"Committee Stage","stageCompleted":true,"stageOutcome":null,"stageURI":"https:\/\/data.oireachtas.ie\/ie\/oireachtas\/def\/bill-stage\/3","uri":"https:\/\/data.oireachtas.ie\/ie\/oireachtas\/bill\/2025\/65\/stage\/dail\/3"}},{"event":{"chamber":{"chamberCode":"dail","showAs":"D\u00e1il \u00c9ireann","uri":"https:\/\/data.oireachtas.ie\/ie\/oireachtas\/def\/house\/dail"},"dates":[{"date":"2025-11-18"}],"house":{"chamberCode":"dail","chamberType":"house","houseCode":"dail","houseNo":"34","showAs":"34th D\u00e1il","uri":"https:\/\/data.oireachtas.ie\/ie\/oireachtas\/house\/dail\/34"},"progressStage":4,"showAs":"Report Stage","stageCompleted":true,"stageOutcome":null,"stageURI":"https:\/\/data.oireachtas.ie\/ie\/oireachtas\/def\/bill-stage\/4","uri":"https:\/\/data.oireachtas.ie\/ie\/oireachtas\/bill\/2025\/65\/stage\/dail\/4"}},{"event":{"chamber":{"chamberCode":"dail","showAs":"D\u00e1il \u00c9ireann","uri":"https:\/\/data.oireachtas.ie\/ie\/oireachtas\/def\/house\/dail"},"dates":[{"date":"2025-12-03"}],"house":{"chamberCode":"dail","chamberType":"house","houseCode":"dail","houseNo":"34","showAs":"34th D\u00e1il","uri":"https:\/\/data.oireachtas.ie\/ie\/oireachtas\/house\/dail\/34"},"progressStage":5,"showAs":"Fifth Stage","stageCompleted":true,"stageOutcome":null,"stageURI":"https:\/\/data.oireachtas.ie\/ie\/oireachtas\/def\/bill-stage\/5","uri":"https:\/\/data.oireachtas.ie\/ie\/oireachtas\/bill\/2025\/65\/stage\/dail\/5"}},{"event":{"chamber":{"chamberCode":"seanad","showAs":"Seanad \u00c9ireann","uri":"https:\/\/data.oireachtas.ie\/ie\/oireachtas\/def\/house\/seanad"},"dates":[{"date":"2025-12-03"}],"house":{"chamberCode":"seanad","chamberType":"house","houseCode":"seanad","houseNo":"27","showAs":"27th Seanad","uri":"https:\/\/data.oireachtas.ie\/ie\/oireachtas\/house\/seanad\/27"},"progressStage":6,"showAs":"Second Stage","stageCompleted":true,"stageOutcome":null,"stageURI":"https:\/\/data.oireachtas.ie\/ie\/oireachtas\/def\/bill-stage\/2","uri":"https:\/\/data.oireachtas.ie\/ie\/oireachtas\/bill\/2025\/65\/stage\/seanad\/2"}},{"event":{"chamber":{"chamberCode":"seanad","showAs":"Seanad \u00c9ireann","uri":"https:\/\/data.oireachtas.ie\/ie\/oireachtas\/def\/house\/seanad"},"dates":[{"date":"2025-12-11"}],"house":{"chamberCode":"seanad","chamberType":"house","houseCode":"seanad","houseNo":"27","showAs":"27th Seanad","uri":"https:\/\/data.oireachtas.ie\/ie\/oireachtas\/house\/seanad\/27"},"progressStage":7,"showAs":"Committee Stage","stageCompleted":true,"stageOutcome":null,"stageURI":"https:\/\/data.oireachtas.ie\/ie\/oireachtas\/def\/bill-stage\/3","uri":"https:\/\/data.oireachtas.ie\/ie\/oireachtas\/bill\/2025\/65\/stage\/seanad\/3"}},{"event":{"chamber":{"chamberCode":"seanad","showAs":"Seanad \u00c9ireann","uri":"https:\/\/data.oireachtas.ie\/ie\/oireachtas\/def\/house\/seanad"},"dates":[{"date":"2025-12-16"}],"house":{"chamberCode":"seanad","chamberType":"house","houseCode":"seanad","houseNo":"27","showAs":"27th Seanad","uri":"https:\/\/data.oireachtas.ie\/ie\/oireachtas\/house\/seanad\/27"},"progressStage":8,"showAs":"Report Stage","stageCompleted":true,"stageOutcome":null,"stageURI":"https:\/\/data.oireachtas.ie\/ie\/oireachtas\/def\/bill-stage\/4","uri":"https:\/\/data.oireachtas.ie\/ie\/oireachtas\/bill\/2025\/65\/stage\/seanad\/4"}},{"event":{"chamber":{"chamberCode":"seanad","showAs":"Seanad \u00c9ireann","uri":"https:\/\/data.oireachtas.ie\/ie\/oireachtas\/def\/house\/seanad"},"dates":[{"date":"2025-12-16"}],"house":{"chamberCode":"seanad","chamberType":"house","houseCode":"seanad","houseNo":"27","showAs":"27th Seanad","uri":"https:\/\/data.oireachtas.ie\/ie\/oireachtas\/house\/seanad\/27"},"progressStage":9,"showAs":"Fifth Stage","stageCompleted":true,"stageOutcome":null,"stageURI":"https:\/\/data.oireachtas.ie\/ie\/oireachtas\/def\/bill-stage\/5","uri":"https:\/\/data.oireachtas.ie\/ie\/oireachtas\/bill\/2025\/65\/stage\/seanad\/5"}},{"event":{"chamber":null,"dates":[{"date":"2025-12-23"}],"house":null,"progressStage":10,"showAs":"Enacted","stageCompleted":true,"stageOutcome":"Enacted","stageURI":"https:\/\/data.oireachtas.ie\/ie\/oireachtas\/def\/bill-stage\/enacted","uri":"https:\/\/data.oireachtas.ie\/ie\/oireachtas\/bill\/2025\/65\/stage\/oireachtas\/enacted"}}],"status":"Enacted","statusURI":"https:\/\/data.oireachtas.ie\/ie\/oireachtas\/def\/bill-status\/enacted","uri":"https:\/\/data.oireachtas.ie\/ie\/oireachtas\/bill\/2025\/65","versions":[{"version":{"lang":"eng","docType":"act","showAs":"Social Welfare and Automatic Enrolment Retirement Savings System (Amendment) Act 2025","date":"2025-12-23","formats":{"pdf":{"uri":"https:\/\/data.oireachtas.ie\/ie\/oireachtas\/act\/2025\/19\/eng\/enacted\/a1925.pdf"},"xml":null},"uri":"https:\/\/data.oireachtas.ie\/ie\/oireachtas\/act\/2025\/19\/eng\/enacted"}},{"version":{"lang":"eng","docType":"bill","showAs":"As amended in Committee\/Select Committee [D\u00e1il \u00c9ireann]","date":"2025-11-18","formats":{"pdf":{"uri":"https:\/\/data.oireachtas.ie\/ie\/oireachtas\/bill\/2025\/65\/eng\/ver_a\/b65a25d.pdf"},"xml":null},"uri":"https:\/\/data.oireachtas.ie\/ie\/oireachtas\/bill\/2025\/65\/eng\/ver_a"}},{"version":{"lang":"eng","docType":"bill","showAs":"As Initiated","date":"2025-11-06","formats":{"pdf":{"uri":"https:\/\/data.oireachtas.ie\/ie\/oireachtas\/bill\/2025\/65\/eng\/initiated\/b6525d.pdf"},"xml":null},"uri":"https:\/\/data.oireachtas.ie\/ie\/oireachtas\/bill\/2025\/65\/eng\/initiated"}}]},"contextDate":"2025-12-23","billSort":{"actNoSort":19,"actShortTitleEnSort":"social-welfare-and-automatic-enrolment-retirement-savings-system-amendment-act-2025","actShortTitleGaSort":"an-tacht-leasa-shoisialaigh-agus-um-choras-uathrollaithe-coigiltis-scoir-leasu-2025","actYearSort":2025,"billNoSort":65,"billShortTitleEnSort":"social-welfare-and-automatic-enrolment-retirement-savings-system-amendment-bill-2025","billShortTitleGaSort":"an-bille-leasa-shoisialaigh-agus-um-choras-uathrollaithe-coigiltis-scoir-leasu-2025","billYearSort":2025}},{"bill":{"act":{"actNo":"13","actYear":"2025","dateSigned":"2025-12-10","longTitleEn":"<p>Act to provide for an increase in the number of ordinary judges of the Court of Appeal and, for that purpose, to amend the Courts (Establishment and Constitution) Act 1961; to provide for an increase in the number of ordinary judges of the High Court, ordinary judges of the Circuit Court and judges of the District Court and, for those purposes, to amend the Courts (Supplemental Provisions) Act 1961 and the Courts and Court Officers Act 1995; to amend the Street and House to House Collections Act 1962, the Child Care Act 1991 and the Gambling Regulation Act 2024; to repeal certain provisions of the Family Courts Act 2024; and to provide for related matters.<\/p>","longTitleGa":"<p>Acht do dh\u00e9anamh socr\u00fa maidir le m\u00e9ad\u00fa ar l\u00edon na ngn\u00e1thbhreithi\u00fana den Ch\u00fairt Achomhairc agus, chun na cr\u00edche sin, do leas\u00fa Acht na gC\u00fairteanna (Bun\u00fa agus Comhdh\u00e9anamh), 1961; do dh\u00e9anamh socr\u00fa maidir le m\u00e9ad\u00fa ar l\u00edon na ngn\u00e1thbhreithi\u00fana den Ard-Ch\u00fairt, ar l\u00edon na ngn\u00e1thbhreithi\u00fana den Ch\u00fairt Chuarda agus ar l\u00edon na mbreithi\u00fana den Ch\u00fairt D\u00faiche agus, chun na gcr\u00edoch sin, do leas\u00fa Acht na gC\u00fairteanna (For\u00e1lacha Forl\u00edontacha), 1961 agus Acht na gC\u00fairteanna agus na nOifigeach C\u00fairte, 1995; do leas\u00fa an Achta um Baili\u00fach\u00e1in Sr\u00e1ide agus \u00f3 Theach go Teach, 1962, an Achta um Ch\u00faram Leana\u00ed, 1991 agus an Achta um Rial\u00e1il Cearrbhachais, 2024; d\u2019aisghairm for\u00e1lacha \u00e1irithe d\u2019Acht na gC\u00fairteanna Teaghlaigh, 2024; agus do dh\u00e9anamh socr\u00fa i dtaobh nithe gaolmhara.<\/p>","shortTitleEn":"Courts and Civil Law (Miscellaneous Provisions) Act 2025","shortTitleGa":"An tAcht um Ch\u00fairteanna agus an Dl\u00ed Sibhialta (For\u00e1lacha Ilghn\u00e9itheacha), 2025","statutebookURI":"http:\/\/www.irishstatutebook.ie\/eli\/2025\/act\/13","uri":"https:\/\/data.oireachtas.ie\/ie\/oireachtas\/act\/2025\/13"},"amendmentLists":[{"amendmentList":{"amendmentTypeUri":{"uri":"https:\/\/data.oireachtas.ie\/ie\/oireachtas\/def\/amendment-type\/numberedList"},"chamber":{"showAs":"Dail","uri":"https:\/\/data.oireachtas.ie\/ie\/oireachtas\/def\/dail"},"date":"2025-11-18","formats":{"pdf":{"uri":"https:\/\/data.oireachtas.ie\/ie\/oireachtas\/bill\/2025\/64\/dail\/3\/amendment\/numberedList\/eng\/b6425d-dcnl.pdf"},"xml":null},"showAs":"Bill Amendments","stage":{"showAs":"Committee Stage","uri":"https:\/\/data.oireachtas.ie\/ie\/oireachtas\/bill\/2025\/64\/dail\/3"},"stageNo":"3"}}],"billNo":"64","billType":"Public","billTypeURI":"https:\/\/data.oireachtas.ie\/ie\/oireachtas\/def\/bill-type\/public","billYear":"2025","debates":[{"chamber":{"showAs":"Seanad \u00c9ireann","uri":"https:\/\/data.oireachtas.ie\/ie\/oireachtas\/def\/house\/seanad"},"date":"2025-12-03","debateSectionId":"dbsect_14","showAs":"Courts and Civil Law (Miscellaneous Provisions) Bill 2025: Committee and Remaining Stages","uri":"https:\/\/data.oireachtas.ie\/akn\/ie\/debateRecord\/seanad\/2025-12-03\/debate\/main"},{"chamber":{"showAs":"Seanad \u00c9ireann","uri":"https:\/\/data.oireachtas.ie\/ie\/oireachtas\/def\/house\/seanad"},"date":"2025-11-25","debateSectionId":"dbsect_11","showAs":"Courts and Civil Law (Miscellaneous Provisions) Bill 2025: Second Stage","uri":"https:\/\/data.oireachtas.ie\/akn\/ie\/debateRecord\/seanad\/2025-11-25\/debate\/main"},{"chamber":{"showAs":"D\u00e1il \u00c9ireann","uri":"https:\/\/data.oireachtas.ie\/ie\/oireachtas\/def\/house\/dail"},"date":"2025-11-19","debateSectionId":"dbsect_27","showAs":"Courts and Civil Law (Miscellaneous Provisions) Bill 2025: Committee and Remaining Stages","uri":"https:\/\/data.oireachtas.ie\/akn\/ie\/debateRecord\/dail\/2025-11-19\/debate\/main"},{"chamber":{"showAs":"D\u00e1il \u00c9ireann","uri":"https:\/\/data.oireachtas.ie\/ie\/oireachtas\/def\/house\/dail"},"date":"2025-11-06","debateSectionId":"dbsect_37","showAs":"Courts and Civil Law (Miscellaneous Provisions) Bill 2025: Second Stage","uri":"https:\/\/data.oireachtas.ie\/akn\/ie\/debateRecord\/dail\/2025-11-06\/debate\/main"},{"chamber":{"showAs":"D\u00e1il \u00c9ireann","uri":"https:\/\/data.oireachtas.ie\/ie\/oireachtas\/def\/house\/dail"},"date":"2025-11-06","debateSectionId":"dbsect_38","showAs":"Courts and Civil Law (Miscellaneous Provisions) Bill 2025: Referral to Select Committee","uri":"https:\/\/data.oireachtas.ie\/akn\/ie\/debateRecord\/dail\/2025-11-06\/debate\/main"}],"events":[{"event":{"chamber":{"chamberCode":"dail","showAs":"D\u00e1il \u00c9ireann","uri":"https:\/\/data.oireachtas.ie\/ie\/oireachtas\/def\/house\/dail"},"dates":[{"date":"2025-10-31"},{"date":"2025-12-10"}],"eventURI":"https:\/\/data.oireachtas.ie\/ie\/oireachtas\/def\/bill-event\/published","showAs":"Published","uri":"https:\/\/data.oireachtas.ie\/ie\/oireachtas\/bill\/2025\/64\/published"}},{"event":{"chamber":null,"dates":[{"date":"2025-12-10"}],"eventURI":"https:\/\/data.oireachtas.ie\/ie\/oireachtas\/def\/bill-event\/enacted","showAs":"Enacted","uri":"https:\/\/data.oireachtas.ie\/ie\/oireachtas\/bill\/2025\/64\/enacted"}}],"lastUpdated":"2025-12-16T14:49:19.070000+00:00","longTitleEn":"<p>Bill entitled an Act to provide for an increase in the number of ordinary judges of the Court of Appeal and, for that purpose, to amend the Courts (Establishment and Constitution) Act 1961; to provide for an increase in the number of ordinary judges of the High Court, ordinary judges of the Circuit Court and judges of the District Court and, for those purposes, to amend the Courts (Supplemental Provisions) Act 1961 and the Courts and Court Officers Act 1995; to amend the Street and House to House Collections Act 1962, the Child Care Act 1991 and the Gambling Regulation Act 2024; to repeal certain provisions of the Family Courts Act 2024; and to provide for related matters.<\/p>","longTitleGa":"<p>Bille d\u00e1 ngairtear Acht do dh\u00e9anamh socr\u00fa maidir le m\u00e9ad\u00fa ar l\u00edon na ngn\u00e1thbhreithi\u00fana den Ch\u00fairt Achomhairc agus, chun na cr\u00edche sin, do leas\u00fa Acht na gC\u00fairteanna (Bun\u00fa agus Comhdh\u00e9anamh), 1961; do dh\u00e9anamh socr\u00fa maidir le m\u00e9ad\u00fa ar l\u00edon na ngn\u00e1thbhreithi\u00fana den Ard-Ch\u00fairt, ar l\u00edon na ngn\u00e1thbhreithi\u00fana den Ch\u00fairt Chuarda agus ar l\u00edon na mbreithi\u00fana den Ch\u00fairt D\u00faiche agus, chun na gcr\u00edoch sin, do leas\u00fa Acht na gC\u00fairteanna (For\u00e1lacha Forl\u00edontacha), 1961 agus Acht na gC\u00fairteanna agus na nOifigeach C\u00fairte, 1995; do leas\u00fa an Achta um Baili\u00fach\u00e1in Sr\u00e1ide agus \u00f3 Theach go Teach, 1962, an Achta um Ch\u00faram Leana\u00ed, 1991 agus an Achta um Rial\u00e1il Cearrbhachais, 2024; d\u2019aisghairm for\u00e1lacha \u00e1irithe d\u2019Acht na gC\u00fairteanna Teaghlaigh, 2024; agus do dh\u00e9anamh socr\u00fa i dtaobh nithe gaolmhara.<\/p>","method":"Presented","methodURI":"https:\/\/data.oireachtas.ie\/ie\/oireachtas\/def\/bill-method\/presented","mostRecentStage":{"event":{"chamber":null,"dates":[{"date":"2025-12-10"}],"house":null,"progressStage":10,"showAs":"Enacted","stageCompleted":true,"stageOutcome":"Enacted","stageURI":"https:\/\/data.oireachtas.ie\/ie\/oireachtas\/def\/bill-stage\/enacted","uri":"https:\/\/data.oireachtas.ie\/ie\/oireachtas\/bill\/2025\/64\/stage\/oireachtas\/enacted"}},"originHouse":{"showAs":"D\u00e1il \u00c9ireann","uri":"https:\/\/data.oireachtas.ie\/ie\/oireachtas\/def\/house\/dail"},"originHouseURI":"https:\/\/data.oireachtas.ie\/ie\/oireachtas\/def\/house\/dail","relatedDocs":[{"relatedDoc":{"date":"2025-11-06","docType":"gluais","formats":{"pdf":{"uri":"https:\/\/data.oireachtas.ie\/ie\/oireachtas\/bill\/2025\/64\/mul\/gluais\/gluais-17-2025-an-bille-um-chuirteanna-agus-an-dli-sibhialta-foralacha-ilghneitheacha-2025.pdf"},"xml":null},"lang":"mul","showAs":"Glossary\/Gluais","uri":"https:\/\/data.oireachtas.ie\/ie\/oireachtas\/bill\/2025\/64\/mul\/gluais"}},{"relatedDoc":{"date":"2025-10-31","docType":"memo","formats":{"pdf":{"uri":"https:\/\/data.oireachtas.ie\/ie\/oireachtas\/bill\/2025\/64\/eng\/memo\/b6425d-memo.pdf"},"xml":null},"lang":"eng","showAs":"Explanatory Memorandum","uri":"https:\/\/data.oireachtas.ie\/ie\/oireachtas\/bill\/2025\/64\/eng\/memo"}}],"shortTitleEn":"Courts and Civil Law (Miscellaneous Provisions) Bill 2025","shortTitleGa":"An Bille um Ch\u00fairteanna agus an Dl\u00ed Sibhialta (For\u00e1lacha Ilghn\u00e9itheacha), 2025","source":"Government","sourceURI":"https:\/\/data.oireachtas.ie\/ie\/oireachtas\/def\/bill-source\/government","sponsors":[{"sponsor":{"isPrimary":true,"as":{"showAs":"Minister for Justice, Home Affairs and Migration","uri":null},"by":{"showAs":null,"uri":null}}}],"stages":[{"event":{"chamber":{"chamberCode":"dail","showAs":"D\u00e1il \u00c9ireann","uri":"https:\/\/data.oireachtas.ie\/ie\/oireachtas\/def\/house\/dail"},"dates":[{"date":"2025-10-31"},{"date":"2025-10-31"}],"house":{"chamberCode":"dail","chamberType":"house","houseCode":"dail","houseNo":"34","showAs":"34th D\u00e1il","uri":"https:\/\/data.oireachtas.ie\/ie\/oireachtas\/house\/dail\/34"},"progressStage":1,"showAs":"First Stage","stageCompleted":true,"stageOutcome":null,"stageURI":"https:\/\/data.oireachtas.ie\/ie\/oireachtas\/def\/bill-stage\/1","uri":"https:\/\/data.oireachtas.ie\/ie\/oireachtas\/bill\/2025\/64\/stage\/dail\/1"}},{"event":{"chamber":{"chamberCode":"dail","showAs":"D\u00e1il \u00c9ireann","uri":"https:\/\/data.oireachtas.ie\/ie\/oireachtas\/def\/house\/dail"},"dates":[{"date":"2025-10-31"}],"house":{"chamberCode":"dail","chamberType":"house","houseCode":"dail","houseNo":"34","showAs":"34th D\u00e1il","uri":"https:\/\/data.oireachtas.ie\/ie\/oireachtas\/house\/dail\/34"},"progressStage":2,"showAs":"Second Stage","stageCompleted":true,"stageOutcome":null,"stageURI":"https:\/\/data.oireachtas.ie\/ie\/oireachtas\/def\/bill-stage\/2","uri":"https:\/\/data.oireachtas.ie\/ie\/oireachtas\/bill\/2025\/64\/stage\/dail\/2"}},{"event":{"chamber":{"chamberCode":"dail","showAs":"D\u00e1il \u00c9ireann","uri":"https:\/\/data.oireachtas.ie\/ie\/oireachtas\/def\/house\/dail"},"dates":[{"date":"2025-11-06"}],"house":{"chamberCode":"dail","chamberType":"house","houseCode":"dail","houseNo":"34","showAs":"34th D\u00e1il","uri":"https:\/\/data.oireachtas.ie\/ie\/oireachtas\/house\/dail\/34"},"progressStage":3,"showAs":"Committee Stage","stageCompleted":true,"stageOutcome":null,"stageURI":"https:\/\/data.oireachtas.ie\/ie\/oireachtas\/def\/bill-stage\/3","uri":"https:\/\/data.oireachtas.ie\/ie\/oireachtas\/bill\/2025\/64\/stage\/dail\/3"}},{"event":{"chamber":{"chamberCode":"dail","showAs":"D\u00e1il \u00c9ireann","uri":"https:\/\/data.oireachtas.ie\/ie\/oireachtas\/def\/house\/dail"},"dates":[{"date":"2025-11-19"}],"house":{"chamberCode":"dail","chamberType":"house","houseCode":"dail","houseNo":"34","showAs":"34th D\u00e1il","uri":"https:\/\/data.oireachtas.ie\/ie\/oireachtas\/house\/dail\/34"},"progressStage":4,"showAs":"Report Stage","stageCompleted":true,"stageOutcome":null,"stageURI":"https:\/\/data.oireachtas.ie\/ie\/oireachtas\/def\/bill-stage\/4","uri":"https:\/\/data.oireachtas.ie\/ie\/oireachtas\/bill\/2025\/64\/stage\/dail\/4"}},{"event":{"chamber":{"chamberCode":"dail","showAs":"D\u00e1il \u00c9ireann","uri":"https:\/\/data.oireachtas.ie\/ie\/oireachtas\/def\/house\/dail"},"dates":[{"date":"2025-11-19"}],"house":{"chamberCode":"dail","chamberType":"house","houseCode":"dail","houseNo":"34","showAs":"34th D\u00e1il","uri":"https:\/\/data.oireachtas.ie\/ie\/oireachtas\/house\/dail\/34"},"progressStage":5,"showAs":"Fifth Stage","stageCompleted":true,"stageOutcome":null,"stageURI":"https:\/\/data.oireachtas.ie\/ie\/oireachtas\/def\/bill-stage\/5","uri":"https:\/\/data.oireachtas.ie\/ie\/oireachtas\/bill\/2025\/64\/stage\/dail\/5"}},{"event":{"chamber":{"chamberCode":"seanad","showAs":"Seanad \u00c9ireann","uri":"https:\/\/data.oireachtas.ie\/ie\/oireachtas\/def\/house\/seanad"},"dates":[{"date":"2025-11-25"}],"house":{"chamberCode":"seanad","chamberType":"house","houseCode":"seanad","houseNo":"27","showAs":"27th Seanad","uri":"https:\/\/data.oireachtas.ie\/ie\/oireachtas\/house\/seanad\/27"},"progressStage":6,"showAs":"Second Stage","stageCompleted":true,"stageOutcome":null,"stageURI":"https:\/\/data.oireachtas.ie\/ie\/oireachtas\/def\/bill-stage\/2","uri":"https:\/\/data.oireachtas.ie\/ie\/oireachtas\/bill\/2025\/64\/stage\/seanad\/2"}},{"event":{"chamber":{"chamberCode":"seanad","showAs":"Seanad \u00c9ireann","uri":"https:\/\/data.oireachtas.ie\/ie\/oireachtas\/def\/house\/seanad"},"dates":[{"date":"2025-12-03"}],"house":{"chamberCode":"seanad","chamberType":"house","houseCode":"seanad","houseNo":"27","showAs":"27th Seanad","uri":"https:\/\/data.oireachtas.ie\/ie\/oireachtas\/house\/seanad\/27"},"progressStage":7,"showAs":"Committee Stage","stageCompleted":true,"stageOutcome":null,"stageURI":"https:\/\/data.oireachtas.ie\/ie\/oireachtas\/def\/bill-stage\/3","uri":"https:\/\/data.oireachtas.ie\/ie\/oireachtas\/bill\/2025\/64\/stage\/seanad\/3"}},{"event":{"chamber":{"chamberCode":"seanad","showAs":"Seanad \u00c9ireann","uri":"https:\/\/data.oireachtas.ie\/ie\/oireachtas\/def\/house\/seanad"},"dates":[{"date":"2025-12-03"}],"house":{"chamberCode":"seanad","chamberType":"house","houseCode":"seanad","houseNo":"27","showAs":"27th Seanad","uri":"https:\/\/data.oireachtas.ie\/ie\/oireachtas\/house\/seanad\/27"},"progressStage":8,"showAs":"Report Stage","stageCompleted":true,"stageOutcome":null,"stageURI":"https:\/\/data.oireachtas.ie\/ie\/oireachtas\/def\/bill-stage\/4","uri":"https:\/\/data.oireachtas.ie\/ie\/oireachtas\/bill\/2025\/64\/stage\/seanad\/4"}},{"event":{"chamber":{"chamberCode":"seanad","showAs":"Seanad \u00c9ireann","uri":"https:\/\/data.oireachtas.ie\/ie\/oireachtas\/def\/house\/seanad"},"dates":[{"date":"2025-12-03"}],"house":{"chamberCode":"seanad","chamberType":"house","houseCode":"seanad","houseNo":"27","showAs":"27th Seanad","uri":"https:\/\/data.oireachtas.ie\/ie\/oireachtas\/house\/seanad\/27"},"progressStage":9,"showAs":"Fifth Stage","stageCompleted":true,"stageOutcome":null,"stageURI":"https:\/\/data.oireachtas.ie\/ie\/oireachtas\/def\/bill-stage\/5","uri":"https:\/\/data.oireachtas.ie\/ie\/oireachtas\/bill\/2025\/64\/stage\/seanad\/5"}},{"event":{"chamber":null,"dates":[{"date":"2025-12-10"}],"house":null,"progressStage":10,"showAs":"Enacted","stageCompleted":true,"stageOutcome":"Enacted","stageURI":"https:\/\/data.oireachtas.ie\/ie\/oireachtas\/def\/bill-stage\/enacted","uri":"https:\/\/data.oireachtas.ie\/ie\/oireachtas\/bill\/2025\/64\/stage\/oireachtas\/enacted"}}],"status":"Enacted","statusURI":"https:\/\/data.oireachtas.ie\/ie\/oireachtas\/def\/bill-status\/enacted","uri":"https:\/\/data.oireachtas.ie\/ie\/oireachtas\/bill\/2025\/64","versions":[{"version":{"lang":"eng","docType":"act","showAs":"Courts and Civil Law (Miscellaneous Provisions) Act 2025","date":"2025-12-10","formats":{"pdf":{"uri":"https:\/\/data.oireachtas.ie\/ie\/oireachtas\/act\/2025\/13\/eng\/enacted\/a1325.pdf"},"xml":null},"uri":"https:\/\/data.oireachtas.ie\/ie\/oireachtas\/act\/2025\/13\/eng\/enacted"}},{"version":{"lang":"eng","docType":"bill","showAs":"As Initiated","date":"2025-10-31","formats":{"pdf":{"uri":"https:\/\/data.oireachtas.ie\/ie\/oireachtas\/bill\/2025\/64\/eng\/initiated\/b6425d.pdf"},"xml":null},"uri":"https:\/\/data.oireachtas.ie\/ie\/oireachtas\/bill\/2025\/64\/eng\/initiated"}}]},"contextDate":"2025-12-10","billSort":{"actNoSort":13,"actShortTitleEnSort":"courts-and-civil-law-miscellaneous-provisions-act-2025","actShortTitleGaSort":"an-tacht-um-chuirteanna-agus-an-dli-sibhialta-foralacha-ilghneitheacha-2025","actYearSort":2025,"billNoSort":64,"billShortTitleEnSort":"courts-and-civil-law-miscellaneous-provisions-bill-2025","billShortTitleGaSort":"an-bille-um-chuirteanna-agus-an-dli-sibhialta-foralacha-ilghneitheacha-2025","billYearSort":2025}},{"bill":{"act":{"actNo":"12","actYear":"2025","dateSigned":"2025-11-20","longTitleEn":"<p>Act to amend the Electricity (Supply) (Amendment) Act 1954 to increase the aggregate amount of moneys which may be borrowed by the Electricity Supply Board; to amend the Electricity (Supply) (Amendment) Act 2001 to specify the arrangements which will apply to the proposed capital stock issues by that Board to the Minister for Public Expenditure, Infrastructure, Public Service Reform and Digitalisation and the Minister for Climate, Energy and the Environment and, also, to enable the Board to make available for subscription to employees of the Board or trustees on their behalf a concomitant percentage of its capital stock in accordance with an approved scheme; and to provide for related matters.<\/p>","longTitleGa":"<p>Acht do leas\u00fa an Achta Leictreachais (Sol\u00e1thar) (Leas\u00fa), 1954 chun m\u00e9ad\u00fa a dh\u00e9anamh ar an m\u00e9id comhioml\u00e1n airgid a fh\u00e9adfaidh Bord Sol\u00e1thair an Leictreachais a fh\u00e1il ar iasacht; do leas\u00fa an Achta Leictreachais (Sol\u00e1thar) (Leas\u00fa), 2001 chun na socruithe a bhainfidh le heisi\u00faint\u00ed beartaithe stoic chaipiti\u00fail ag an mBord sin chuig an Aire Caiteachais Phoibl\u00ed, Bonneagair, Athch\u00f3iri\u00fach\u00e1in Seirbh\u00edse Poibl\u00ed agus Digiti\u00fach\u00e1in agus chuig an Aire Aer\u00e1ide, Fuinnimh agus Comhshaoil a shonr\u00fa agus, freisin, d\u00e1 chumas\u00fa don Bhord c\u00e9atad\u00e1n gaolmhar d\u00e1 stoc caipiti\u00fail a chur ar f\u00e1il lena shuibscr\u00edobh d\u2019fhostaithe de chuid an Bhoird n\u00f3 d\u2019iontaobhaithe thar a gceann, de r\u00e9ir sc\u00e9im cheadaithe; agus do dh\u00e9anamh socr\u00fa i dtaobh nithe gaolmhara.&nbsp;<\/p>","shortTitleEn":"Electricity (Supply) (Amendment) Act 2025","shortTitleGa":"An tAcht Leictreachais (Sol\u00e1thar) (Leas\u00fa), 2025","statutebookURI":"http:\/\/www.irishstatutebook.ie\/eli\/2025\/act\/12","uri":"https:\/\/data.oireachtas.ie\/ie\/oireachtas\/act\/2025\/12"},"amendmentLists":[{"amendmentList":{"amendmentTypeUri":{"uri":"https:\/\/data.oireachtas.ie\/ie\/oireachtas\/def\/amendment-type\/numberedList"},"chamber":{"showAs":"Seanad","uri":"https:\/\/data.oireachtas.ie\/ie\/oireachtas\/def\/seanad"},"date":"2025-11-18","formats":{"pdf":{"uri":"https:\/\/data.oireachtas.ie\/ie\/oireachtas\/bill\/2025\/63\/seanad\/3\/amendment\/numberedList\/eng\/b6325d-scnl.pdf"},"xml":null},"showAs":"Numbered List [Seanad]","stage":{"showAs":"Committee Stage","uri":"https:\/\/data.oireachtas.ie\/ie\/oireachtas\/bill\/2025\/63\/seanad\/3"},"stageNo":"3"}},{"amendmentList":{"amendmentTypeUri":{"uri":"https:\/\/data.oireachtas.ie\/ie\/oireachtas\/def\/amendment-type\/numberedList"},"chamber":{"showAs":"Dail","uri":"https:\/\/data.oireachtas.ie\/ie\/oireachtas\/def\/dail"},"date":"2025-11-04","formats":{"pdf":{"uri":"https:\/\/data.oireachtas.ie\/ie\/oireachtas\/bill\/2025\/63\/dail\/3\/amendment\/numberedList\/eng\/b6325d-nl.pdf"},"xml":null},"showAs":"Numbered List [D\u00e1il]","stage":{"showAs":"Committee Stage","uri":"https:\/\/data.oireachtas.ie\/ie\/oireachtas\/bill\/2025\/63\/dail\/3"},"stageNo":"3"}}],"billNo":"63","billType":"Public","billTypeURI":"https:\/\/data.oireachtas.ie\/ie\/oireachtas\/def\/bill-type\/public","billYear":"2025","debates":[{"chamber":{"showAs":"Seanad \u00c9ireann","uri":"https:\/\/data.oireachtas.ie\/ie\/oireachtas\/def\/house\/seanad"},"date":"2025-11-18","debateSectionId":"dbsect_13","showAs":"Electricity (Supply) (Amendment) Bill 2025: Committee and Remaining Stages","uri":"https:\/\/data.oireachtas.ie\/akn\/ie\/debateRecord\/seanad\/2025-11-18\/debate\/main"},{"chamber":{"showAs":"Seanad \u00c9ireann","uri":"https:\/\/data.oireachtas.ie\/ie\/oireachtas\/def\/house\/seanad"},"date":"2025-11-13","debateSectionId":"dbsect_10","showAs":"Electricity (Supply) (Amendment) Bill 2025: Second Stage","uri":"https:\/\/data.oireachtas.ie\/akn\/ie\/debateRecord\/seanad\/2025-11-13\/debate\/main"},{"chamber":{"showAs":"D\u00e1il \u00c9ireann","uri":"https:\/\/data.oireachtas.ie\/ie\/oireachtas\/def\/house\/dail"},"date":"2025-11-05","debateSectionId":"dbsect_26","showAs":"Electricity (Supply) (Amendment) Bill 2025: Committee and Remaining Stages","uri":"https:\/\/data.oireachtas.ie\/akn\/ie\/debateRecord\/dail\/2025-11-05\/debate\/main"},{"chamber":{"showAs":"D\u00e1il \u00c9ireann","uri":"https:\/\/data.oireachtas.ie\/ie\/oireachtas\/def\/house\/dail"},"date":"2025-11-04","debateSectionId":"dbsect_8","showAs":"Electricity (Supply) (Amendment) Bill 2025: Second Stage","uri":"https:\/\/data.oireachtas.ie\/akn\/ie\/debateRecord\/dail\/2025-11-04\/debate\/main"}],"events":[{"event":{"chamber":{"chamberCode":"dail","showAs":"D\u00e1il \u00c9ireann","uri":"https:\/\/data.oireachtas.ie\/ie\/oireachtas\/def\/house\/dail"},"dates":[{"date":"2025-10-30"},{"date":"2025-11-20"}],"eventURI":"https:\/\/data.oireachtas.ie\/ie\/oireachtas\/def\/bill-event\/published","showAs":"Published","uri":"https:\/\/data.oireachtas.ie\/ie\/oireachtas\/bill\/2025\/63\/published"}},{"event":{"chamber":null,"dates":[{"date":"2025-11-20"}],"eventURI":"https:\/\/data.oireachtas.ie\/ie\/oireachtas\/def\/bill-event\/enacted","showAs":"Enacted","uri":"https:\/\/data.oireachtas.ie\/ie\/oireachtas\/bill\/2025\/63\/enacted"}}],"lastUpdated":"2025-11-28T16:12:00.190000+00:00","longTitleEn":"<p>Bill entitled an Act to amend the Electricity (Supply) (Amendment) Act 1954 to increase the aggregate amount of moneys which may be borrowed by the Electricity Supply Board; to amend the Electricity (Supply) (Amendment) Act 2001 to specify the arrangements which will apply to the proposed capital stock issues by that Board to the Minister for Public Expenditure, Infrastructure, Public Service Reform and Digitalisation and the Minister for Climate, Energy and the Environment and, also, to enable the Board to make available for subscription to employees of the Board or trustees on their behalf a concomitant percentage of its capital stock in accordance with an approved scheme; and to provide for related matters.<\/p>","longTitleGa":"<p>Bille d\u00e1 ngairtear Acht do leas\u00fa an Achta Leictreachais (Sol\u00e1thar) (Leas\u00fa), 1954 chun m\u00e9ad\u00fa a dh\u00e9anamh ar an m\u00e9id comhioml\u00e1n airgid a fh\u00e9adfaidh Bord Sol\u00e1thair an Leictreachais a fh\u00e1il ar iasacht; do leas\u00fa an Achta Leictreachais (Sol\u00e1thar) (Leas\u00fa), 2001 chun na socruithe a bhainfidh le heisi\u00faint\u00ed beartaithe stoic chaipiti\u00fail ag an mBord sin chuig an Aire Caiteachais Phoibl\u00ed, Bonneagair, Athch\u00f3iri\u00fach\u00e1in Seirbh\u00edse Poibl\u00ed agus Digiti\u00fach\u00e1in agus chuig an Aire Aer\u00e1ide, Fuinnimh agus Comhshaoil a shonr\u00fa agus, freisin, d\u00e1 chumas\u00fa don Bhord c\u00e9atad\u00e1n gaolmhar d\u00e1 stoc caipiti\u00fail a chur ar f\u00e1il lena shuibscr\u00edobh d\u2019fhostaithe de chuid an Bhoird n\u00f3 d\u2019iontaobhaithe thar a gceann, de r\u00e9ir sc\u00e9im cheadaithe; agus do dh\u00e9anamh socr\u00fa i dtaobh nithe gaolmhara.&nbsp;<\/p>","method":"Presented","methodURI":"https:\/\/data.oireachtas.ie\/ie\/oireachtas\/def\/bill-method\/presented","mostRecentStage":{"event":{"chamber":null,"dates":[{"date":"2025-11-20"}],"house":null,"progressStage":10,"showAs":"Enacted","stageCompleted":true,"stageOutcome":"Enacted","stageURI":"https:\/\/data.oireachtas.ie\/ie\/oireachtas\/def\/bill-stage\/enacted","uri":"https:\/\/data.oireachtas.ie\/ie\/oireachtas\/bill\/2025\/63\/stage\/oireachtas\/enacted"}},"originHouse":{"showAs":"D\u00e1il \u00c9ireann","uri":"https:\/\/data.oireachtas.ie\/ie\/oireachtas\/def\/house\/dail"},"originHouseURI":"https:\/\/data.oireachtas.ie\/ie\/oireachtas\/def\/house\/dail","relatedDocs":[{"relatedDoc":{"date":"2025-11-04","docType":"gluais","formats":{"pdf":{"uri":"https:\/\/data.oireachtas.ie\/ie\/oireachtas\/bill\/2025\/63\/mul\/gluais\/gluais-16-2025-an-bille-leictreachais-solathar-leasu-2025.pdf"},"xml":null},"lang":"mul","showAs":"Glossary\/Gluais","uri":"https:\/\/data.oireachtas.ie\/ie\/oireachtas\/bill\/2025\/63\/mul\/gluais"}},{"relatedDoc":{"date":"2025-10-30","docType":"memo","formats":{"pdf":{"uri":"https:\/\/data.oireachtas.ie\/ie\/oireachtas\/bill\/2025\/63\/eng\/memo\/b6325d-memo.pdf"},"xml":null},"lang":"eng","showAs":"Explanatory Memorandum","uri":"https:\/\/data.oireachtas.ie\/ie\/oireachtas\/bill\/2025\/63\/eng\/memo"}}],"shortTitleEn":"Electricity (Supply) (Amendment) Bill 2025","shortTitleGa":"An Bille Leictreachais (Sol\u00e1thar) (Leas\u00fa), 2025","source":"Government","sourceURI":"https:\/\/data.oireachtas.ie\/ie\/oireachtas\/def\/bill-source\/government","sponsors":[{"sponsor":{"isPrimary":true,"as":{"showAs":"Minister for Climate, Energy and the Environment","uri":null},"by":{"showAs":null,"uri":null}}}],"stages":[{"event":{"chamber":{"chamberCode":"dail","showAs":"D\u00e1il \u00c9ireann","uri":"https:\/\/data.oireachtas.ie\/ie\/oireachtas\/def\/house\/dail"},"dates":[{"date":"2025-10-30"},{"date":"2025-10-30"}],"house":{"chamberCode":"dail","chamberType":"house","houseCode":"dail","houseNo":"34","showAs":"34th D\u00e1il","uri":"https:\/\/data.oireachtas.ie\/ie\/oireachtas\/house\/dail\/34"},"progressStage":1,"showAs":"First Stage","stageCompleted":true,"stageOutcome":null,"stageURI":"https:\/\/data.oireachtas.ie\/ie\/oireachtas\/def\/bill-stage\/1","uri":"https:\/\/data.oireachtas.ie\/ie\/oireachtas\/bill\/2025\/63\/stage\/dail\/1"}},{"event":{"chamber":{"chamberCode":"dail","showAs":"D\u00e1il \u00c9ireann","uri":"https:\/\/data.oireachtas.ie\/ie\/oireachtas\/def\/house\/dail"},"dates":[{"date":"2025-10-30"}],"house":{"chamberCode":"dail","chamberType":"house","houseCode":"dail","houseNo":"34","showAs":"34th D\u00e1il","uri":"https:\/\/data.oireachtas.ie\/ie\/oireachtas\/house\/dail\/34"},"progressStage":2,"showAs":"Second Stage","stageCompleted":true,"stageOutcome":null,"stageURI":"https:\/\/data.oireachtas.ie\/ie\/oireachtas\/def\/bill-stage\/2","uri":"https:\/\/data.oireachtas.ie\/ie\/oireachtas\/bill\/2025\/63\/stage\/dail\/2"}},{"event":{"chamber":{"chamberCode":"dail","showAs":"D\u00e1il \u00c9ireann","uri":"https:\/\/data.oireachtas.ie\/ie\/oireachtas\/def\/house\/dail"},"dates":[{"date":"2025-11-04"}],"house":{"chamberCode":"dail","chamberType":"house","houseCode":"dail","houseNo":"34","showAs":"34th D\u00e1il","uri":"https:\/\/data.oireachtas.ie\/ie\/oireachtas\/house\/dail\/34"},"progressStage":3,"showAs":"Committee Stage","stageCompleted":true,"stageOutcome":null,"stageURI":"https:\/\/data.oireachtas.ie\/ie\/oireachtas\/def\/bill-stage\/3","uri":"https:\/\/data.oireachtas.ie\/ie\/oireachtas\/bill\/2025\/63\/stage\/dail\/3"}},{"event":{"chamber":{"chamberCode":"dail","showAs":"D\u00e1il \u00c9ireann","uri":"https:\/\/data.oireachtas.ie\/ie\/oireachtas\/def\/house\/dail"},"dates":[{"date":"2025-11-05"}],"house":{"chamberCode":"dail","chamberType":"house","houseCode":"dail","houseNo":"34","showAs":"34th D\u00e1il","uri":"https:\/\/data.oireachtas.ie\/ie\/oireachtas\/house\/dail\/34"},"progressStage":4,"showAs":"Report Stage","stageCompleted":true,"stageOutcome":null,"stageURI":"https:\/\/data.oireachtas.ie\/ie\/oireachtas\/def\/bill-stage\/4","uri":"https:\/\/data.oireachtas.ie\/ie\/oireachtas\/bill\/2025\/63\/stage\/dail\/4"}},{"event":{"chamber":{"chamberCode":"dail","showAs":"D\u00e1il \u00c9ireann","uri":"https:\/\/data.oireachtas.ie\/ie\/oireachtas\/def\/house\/dail"},"dates":[{"date":"2025-11-05"}],"house":{"chamberCode":"dail","chamberType":"house","houseCode":"dail","houseNo":"34","showAs":"34th D\u00e1il","uri":"https:\/\/data.oireachtas.ie\/ie\/oireachtas\/house\/dail\/34"},"progressStage":5,"showAs":"Fifth Stage","stageCompleted":true,"stageOutcome":null,"stageURI":"https:\/\/data.oireachtas.ie\/ie\/oireachtas\/def\/bill-stage\/5","uri":"https:\/\/data.oireachtas.ie\/ie\/oireachtas\/bill\/2025\/63\/stage\/dail\/5"}},{"event":{"chamber":{"chamberCode":"seanad","showAs":"Seanad \u00c9ireann","uri":"https:\/\/data.oireachtas.ie\/ie\/oireachtas\/def\/house\/seanad"},"dates":[{"date":"2025-11-05"}],"house":{"chamberCode":"seanad","chamberType":"house","houseCode":"seanad","houseNo":"27","showAs":"27th Seanad","uri":"https:\/\/data.oireachtas.ie\/ie\/oireachtas\/house\/seanad\/27"},"progressStage":6,"showAs":"Second Stage","stageCompleted":true,"stageOutcome":null,"stageURI":"https:\/\/data.oireachtas.ie\/ie\/oireachtas\/def\/bill-stage\/2","uri":"https:\/\/data.oireachtas.ie\/ie\/oireachtas\/bill\/2025\/63\/stage\/seanad\/2"}},{"event":{"chamber":{"chamberCode":"seanad","showAs":"Seanad \u00c9ireann","uri":"https:\/\/data.oireachtas.ie\/ie\/oireachtas\/def\/house\/seanad"},"dates":[{"date":"2025-11-18"}],"house":{"chamberCode":"seanad","chamberType":"house","houseCode":"seanad","houseNo":"27","showAs":"27th Seanad","uri":"https:\/\/data.oireachtas.ie\/ie\/oireachtas\/house\/seanad\/27"},"progressStage":7,"showAs":"Committee Stage","stageCompleted":true,"stageOutcome":null,"stageURI":"https:\/\/data.oireachtas.ie\/ie\/oireachtas\/def\/bill-stage\/3","uri":"https:\/\/data.oireachtas.ie\/ie\/oireachtas\/bill\/2025\/63\/stage\/seanad\/3"}},{"event":{"chamber":{"chamberCode":"seanad","showAs":"Seanad \u00c9ireann","uri":"https:\/\/data.oireachtas.ie\/ie\/oireachtas\/def\/house\/seanad"},"dates":[{"date":"2025-11-18"}],"house":{"chamberCode":"seanad","chamberType":"house","houseCode":"seanad","houseNo":"27","showAs":"27th Seanad","uri":"https:\/\/data.oireachtas.ie\/ie\/oireachtas\/house\/seanad\/27"},"progressStage":8,"showAs":"Report Stage","stageCompleted":true,"stageOutcome":null,"stageURI":"https:\/\/data.oireachtas.ie\/ie\/oireachtas\/def\/bill-stage\/4","uri":"https:\/\/data.oireachtas.ie\/ie\/oireachtas\/bill\/2025\/63\/stage\/seanad\/4"}},{"event":{"chamber":{"chamberCode":"seanad","showAs":"Seanad \u00c9ireann","uri":"https:\/\/data.oireachtas.ie\/ie\/oireachtas\/def\/house\/seanad"},"dates":[{"date":"2025-11-18"}],"house":{"chamberCode":"seanad","chamberType":"house","houseCode":"seanad","houseNo":"27","showAs":"27th Seanad","uri":"https:\/\/data.oireachtas.ie\/ie\/oireachtas\/house\/seanad\/27"},"progressStage":9,"showAs":"Fifth Stage","stageCompleted":true,"stageOutcome":null,"stageURI":"https:\/\/data.oireachtas.ie\/ie\/oireachtas\/def\/bill-stage\/5","uri":"https:\/\/data.oireachtas.ie\/ie\/oireachtas\/bill\/2025\/63\/stage\/seanad\/5"}},{"event":{"chamber":null,"dates":[{"date":"2025-11-20"}],"house":null,"progressStage":10,"showAs":"Enacted","stageCompleted":true,"stageOutcome":"Enacted","stageURI":"https:\/\/data.oireachtas.ie\/ie\/oireachtas\/def\/bill-stage\/enacted","uri":"https:\/\/data.oireachtas.ie\/ie\/oireachtas\/bill\/2025\/63\/stage\/oireachtas\/enacted"}}],"status":"Enacted","statusURI":"https:\/\/data.oireachtas.ie\/ie\/oireachtas\/def\/bill-status\/enacted","uri":"https:\/\/data.oireachtas.ie\/ie\/oireachtas\/bill\/2025\/63","versions":[{"version":{"lang":"eng","docType":"act","showAs":"Electricity (Supply) (Amendment) Act 2025","date":"2025-11-20","formats":{"pdf":{"uri":"https:\/\/data.oireachtas.ie\/ie\/oireachtas\/act\/2025\/12\/eng\/enacted\/a1225.pdf"},"xml":null},"uri":"https:\/\/data.oireachtas.ie\/ie\/oireachtas\/act\/2025\/12\/eng\/enacted"}},{"version":{"lang":"eng","docType":"bill","showAs":"As Initiated","date":"2025-10-30","formats":{"pdf":{"uri":"https:\/\/data.oireachtas.ie\/ie\/oireachtas\/bill\/2025\/63\/eng\/initiated\/b6325d.pdf"},"xml":null},"uri":"https:\/\/data.oireachtas.ie\/ie\/oireachtas\/bill\/2025\/63\/eng\/initiated"}}]},"contextDate":"2025-11-20","billSort":{"actNoSort":12,"actShortTitleEnSort":"electricity-supply-amendment-act-2025","actShortTitleGaSort":"an-tacht-leictreachais-solathar-leasu-2025","actYearSort":2025,"billNoSort":63,"billShortTitleEnSort":"electricity-supply-amendment-bill-2025","billShortTitleGaSort":"an-bille-leictreachais-solathar-leasu-2025","billYearSort":2025}},{"bill":{"act":null,"amendmentLists":[],"billNo":"62","billType":"Public","billTypeURI":"https:\/\/data.oireachtas.ie\/ie\/oireachtas\/def\/bill-type\/public","billYear":"2025","debates":[{"chamber":{"showAs":"D\u00e1il \u00c9ireann","uri":"https:\/\/data.oireachtas.ie\/ie\/oireachtas\/def\/house\/dail"},"date":"2025-10-21","debateSectionId":"dbsect_8","showAs":"Companies (Protection of Title: Accountant) Bill 2025: First Stage","uri":"https:\/\/data.oireachtas.ie\/akn\/ie\/debateRecord\/dail\/2025-10-21\/debate\/main"}],"events":[{"event":{"chamber":{"chamberCode":"dail","showAs":"D\u00e1il \u00c9ireann","uri":"https:\/\/data.oireachtas.ie\/ie\/oireachtas\/def\/house\/dail"},"dates":[{"date":"2025-10-10"},{"date":"2025-10-21"}],"eventURI":"https:\/\/data.oireachtas.ie\/ie\/oireachtas\/def\/bill-event\/approved-for-initiation","showAs":"Approved for Initiation","uri":"https:\/\/data.oireachtas.ie\/ie\/oireachtas\/bill\/2025\/62\/approved-for-initiation"}}],"lastUpdated":"2025-10-23T09:14:09.560000+00:00","longTitleEn":"<p>Bill entitled an Act to regulate the use of the title \"accountant\", to establish criteria for recognition, and to provide for offences and penalties for misuse of the title, and to provide for related matters.<\/p>","longTitleGa":"<p>Bille d\u00e1 ngairtear Acht do rial\u00e1il \u00fas\u00e1id an teidil \"cuntas\u00f3ir\", do bhun\u00fa crit\u00e9ir chun aitheantas a fh\u00e1il, agus do dh\u00e9anamh socr\u00fa maidir le cionta agus pion\u00f3is i dtaobh mh\u00ed-\u00fas\u00e1id an teidil, agus do dh\u00e9anamh socr\u00fa i dtaobh nithe gaolmhara.<\/p>","method":"Introduced","methodURI":"https:\/\/data.oireachtas.ie\/ie\/oireachtas\/def\/bill-method\/introduced","mostRecentStage":{"event":{"chamber":{"chamberCode":"dail","showAs":"D\u00e1il \u00c9ireann","uri":"https:\/\/data.oireachtas.ie\/ie\/oireachtas\/def\/house\/dail"},"dates":[{"date":"2025-10-21"}],"house":{"chamberCode":"dail","chamberType":"house","houseCode":"dail","houseNo":"34","showAs":"34th D\u00e1il","uri":"https:\/\/data.oireachtas.ie\/ie\/oireachtas\/house\/dail\/34"},"progressStage":2,"showAs":"Second Stage","stageCompleted":false,"stageOutcome":"Current","stageURI":"https:\/\/data.oireachtas.ie\/ie\/oireachtas\/def\/bill-stage\/2","uri":"https:\/\/data.oireachtas.ie\/ie\/oireachtas\/bill\/2025\/62\/stage\/dail\/2"}},"originHouse":{"showAs":"D\u00e1il \u00c9ireann","uri":"https:\/\/data.oireachtas.ie\/ie\/oireachtas\/def\/house\/dail"},"originHouseURI":"https:\/\/data.oireachtas.ie\/ie\/oireachtas\/def\/house\/dail","relatedDocs":[{"relatedDoc":{"date":"2025-10-21","docType":"memo","formats":{"pdf":{"uri":"https:\/\/data.oireachtas.ie\/ie\/oireachtas\/bill\/2025\/62\/eng\/memo\/b6225d-memo.pdf"},"xml":null},"lang":"eng","showAs":"Explanatory Memorandum","uri":"https:\/\/data.oireachtas.ie\/ie\/oireachtas\/bill\/2025\/62\/eng\/memo"}}],"shortTitleEn":"Companies (Protection of Title: Accountant) Bill 2025","shortTitleGa":"Bille na gCuideachta\u00ed (Teideal a Chosaint: Cuntas\u00f3ir), 2025","source":"Private Member","sourceURI":"https:\/\/data.oireachtas.ie\/ie\/oireachtas\/def\/bill-source\/private-member","sponsors":[{"sponsor":{"as":{"showAs":null,"uri":null},"by":{"showAs":"Malcolm Byrne","uri":"https:\/\/data.oireachtas.ie\/ie\/oireachtas\/member\/id\/Malcolm-Byrne.D.2019-11-29"},"isPrimary":true}},{"sponsor":{"as":{"showAs":null,"uri":null},"by":{"showAs":"Albert Dolan","uri":"https:\/\/data.oireachtas.ie\/ie\/oireachtas\/member\/id\/Albert-Dolan.D.2024-11-29"},"isPrimary":false}}],"stages":[{"event":{"chamber":{"chamberCode":"dail","showAs":"D\u00e1il \u00c9ireann","uri":"https:\/\/data.oireachtas.ie\/ie\/oireachtas\/def\/house\/dail"},"dates":[{"date":"2025-10-10"},{"date":"2025-10-21"},{"date":"2025-10-21"}],"house":{"chamberCode":"dail","chamberType":"house","houseCode":"dail","houseNo":"34","showAs":"34th D\u00e1il","uri":"https:\/\/data.oireachtas.ie\/ie\/oireachtas\/house\/dail\/34"},"progressStage":1,"showAs":"First Stage","stageCompleted":true,"stageOutcome":null,"stageURI":"https:\/\/data.oireachtas.ie\/ie\/oireachtas\/def\/bill-stage\/1","uri":"https:\/\/data.oireachtas.ie\/ie\/oireachtas\/bill\/2025\/62\/stage\/dail\/1"}},{"event":{"chamber":{"chamberCode":"dail","showAs":"D\u00e1il \u00c9ireann","uri":"https:\/\/data.oireachtas.ie\/ie\/oireachtas\/def\/house\/dail"},"dates":[{"date":"2025-10-21"}],"house":{"chamberCode":"dail","chamberType":"house","houseCode":"dail","houseNo":"34","showAs":"34th D\u00e1il","uri":"https:\/\/data.oireachtas.ie\/ie\/oireachtas\/house\/dail\/34"},"progressStage":2,"showAs":"Second Stage","stageCompleted":false,"stageOutcome":"Current","stageURI":"https:\/\/data.oireachtas.ie\/ie\/oireachtas\/def\/bill-stage\/2","uri":"https:\/\/data.oireachtas.ie\/ie\/oireachtas\/bill\/2025\/62\/stage\/dail\/2"}}],"status":"Current","statusURI":"https:\/\/data.oireachtas.ie\/ie\/oireachtas\/def\/bill-status\/published","uri":"https:\/\/data.oireachtas.ie\/ie\/oireachtas\/bill\/2025\/62","versions":[{"version":{"date":"2025-10-21","docType":"bill","formats":{"pdf":{"uri":"https:\/\/data.oireachtas.ie\/ie\/oireachtas\/bill\/2025\/62\/eng\/initiated\/b6225d.pdf"},"xml":null},"lang":"eng","showAs":"As Initiated","uri":"https:\/\/data.oireachtas.ie\/ie\/oireachtas\/bill\/2025\/62\/eng\/initiated"}}]},"billSort":{"actNoSort":null,"actShortTitleEnSort":null,"actShortTitleGaSort":null,"actYearSort":null,"billNoSort":62,"billShortTitleEnSort":"companies-protection-of-title-accountant-bill-2025","billShortTitleGaSort":"bille-na-gcuideachtai-teideal-a-chosaint-cuntasoir-2025","billYearSort":2025},"contextDate":"2025-10-21"},{"bill":{"act":null,"amendmentLists":[],"billNo":"61","billType":"Public","billTypeURI":"https:\/\/data.oireachtas.ie\/ie\/oireachtas\/def\/bill-type\/public","billYear":"2025","debates":[{"chamber":{"showAs":"D\u00e1il \u00c9ireann","uri":"https:\/\/data.oireachtas.ie\/ie\/oireachtas\/def\/house\/dail"},"date":"2026-02-11","debateSectionId":"dbsect_39","showAs":"Regulation of Drones Bill 2025: Second Stage (Resumed) [Private Members]","uri":"https:\/\/data.oireachtas.ie\/akn\/ie\/debateRecord\/dail\/2026-02-11\/debate\/main"},{"chamber":{"showAs":"D\u00e1il \u00c9ireann","uri":"https:\/\/data.oireachtas.ie\/ie\/oireachtas\/def\/house\/dail"},"date":"2026-01-29","debateSectionId":"dbsect_48","showAs":"Regulation of Drones Bill 2025: Second Stage","uri":"https:\/\/data.oireachtas.ie\/akn\/ie\/debateRecord\/dail\/2026-01-29\/debate\/main"},{"chamber":{"showAs":"D\u00e1il \u00c9ireann","uri":"https:\/\/data.oireachtas.ie\/ie\/oireachtas\/def\/house\/dail"},"date":"2025-10-15","debateSectionId":"dbsect_12","showAs":"Regulation of Drones Bill 2025: First Stage","uri":"https:\/\/data.oireachtas.ie\/akn\/ie\/debateRecord\/dail\/2025-10-15\/debate\/main"}],"events":[{"event":{"chamber":{"chamberCode":"dail","showAs":"D\u00e1il \u00c9ireann","uri":"https:\/\/data.oireachtas.ie\/ie\/oireachtas\/def\/house\/dail"},"dates":[{"date":"2025-10-15"},{"date":"2025-10-15"}],"eventURI":"https:\/\/data.oireachtas.ie\/ie\/oireachtas\/def\/bill-event\/approved-for-initiation","showAs":"Approved for Initiation","uri":"https:\/\/data.oireachtas.ie\/ie\/oireachtas\/bill\/2025\/61\/approved-for-initiation"}}],"lastUpdated":"2025-10-16T13:15:46.040000+00:00","longTitleEn":"<p>Bill entitled an Act to provide for the regulation in the public interest of the private and commercial use of unmanned aircraft systems, commonly referred to as drones; to create an additional consideration for issuance of a National Planning Statement; to require local authorities to prepare objectives for the management of unmanned aircraft system operations; to permit any person, a local authority or the Environmental Protection Agency make a complaint to the District Court with respect to the emission of noise from certain privately or commercially operated unmanned aircraft system or systems causing annoyance; to amend the Planning and Development Act 2024; to amend the Environmental Protection Agency Act 1992 (as amended); and to provide for related matters.<\/p>","longTitleGa":"<p>Bille d\u00e1 ngairtear Acht do dh\u00e9anamh socr\u00fa maidir le rial\u00e1il a dh\u00e9anamh, ar mhaithe le leas an phobail, ar an \u00fas\u00e1id phr\u00edobh\u00e1ideach agus tr\u00e1chtala a bhaintear as c\u00f3rais aer\u00e1rtha\u00ed gan foireann, d\u00e1 ngairtear ladrainn go coitianta; do chumadh c\u00fainse breise chun R\u00e1iteas N\u00e1isi\u00fanta Plean\u00e1la a eisi\u00faint; d\u00e1 cheangal ar \u00fadar\u00e1is \u00e1iti\u00fala cusp\u00f3ir\u00ed a ullmh\u00fa chun oibr\u00edochta\u00ed c\u00f3ras aer\u00e1rtha\u00ed gan foireann a bhainisti\u00fa; d\u00e1 chead\u00fa d\u2019aon duine, d\u2019\u00fadar\u00e1s \u00e1iti\u00fail n\u00f3 don Ghn\u00edomhaireacht um Chaomhn\u00fa Comhshaoil gear\u00e1n a dh\u00e9anamh leis an gC\u00fairt D\u00faiche maidir le torann, is c\u00fais le cr\u00e1, a bh\u00edonn ag c\u00f3ras n\u00f3 c\u00f3rais aer\u00e1rtha\u00ed \u00e1irithe gan foireann a oibr\u00edtear go pr\u00edobh\u00e1ideach n\u00f3 ar bhonn tr\u00e1cht\u00e1la; do leas\u00fa an Achta um Plean\u00e1il agus Forbairt, 2024; do leas\u00fa an Achta f\u00e1n nGn\u00edomhaireacht um Chaomhn\u00fa Comhshaoil, 1992 (arna leas\u00fa); agus do dh\u00e9anamh socr\u00fa i dtaobh nithe gaolmhara.<\/p>","method":"Introduced","methodURI":"https:\/\/data.oireachtas.ie\/ie\/oireachtas\/def\/bill-method\/introduced","mostRecentStage":{"event":{"chamber":{"chamberCode":"dail","showAs":"D\u00e1il \u00c9ireann","uri":"https:\/\/data.oireachtas.ie\/ie\/oireachtas\/def\/house\/dail"},"dates":[{"date":"2025-10-15"}],"house":{"chamberCode":"dail","chamberType":"house","houseCode":"dail","houseNo":"34","showAs":"34th D\u00e1il","uri":"https:\/\/data.oireachtas.ie\/ie\/oireachtas\/house\/dail\/34"},"progressStage":2,"showAs":"Second Stage","stageCompleted":false,"stageOutcome":"Current","stageURI":"https:\/\/data.oireachtas.ie\/ie\/oireachtas\/def\/bill-stage\/2","uri":"https:\/\/data.oireachtas.ie\/ie\/oireachtas\/bill\/2025\/61\/stage\/dail\/2"}},"originHouse":{"showAs":"D\u00e1il \u00c9ireann","uri":"https:\/\/data.oireachtas.ie\/ie\/oireachtas\/def\/house\/dail"},"originHouseURI":"https:\/\/data.oireachtas.ie\/ie\/oireachtas\/def\/house\/dail","relatedDocs":[{"relatedDoc":{"date":"2025-10-15","docType":"memo","formats":{"pdf":{"uri":"https:\/\/data.oireachtas.ie\/ie\/oireachtas\/bill\/2025\/61\/eng\/memo\/b6125d-memo.pdf"},"xml":null},"lang":"eng","showAs":"Explanatory Memorandum","uri":"https:\/\/data.oireachtas.ie\/ie\/oireachtas\/bill\/2025\/61\/eng\/memo"}}],"shortTitleEn":"Regulation of Drones Bill 2025","shortTitleGa":"An Bille um Ladrainn a Rial\u00e1il, 2025","source":"Private Member","sourceURI":"https:\/\/data.oireachtas.ie\/ie\/oireachtas\/def\/bill-source\/private-member","sponsors":[{"sponsor":{"isPrimary":true,"as":{"showAs":null,"uri":null},"by":{"showAs":"Roderic O'Gorman","uri":"https:\/\/data.oireachtas.ie\/ie\/oireachtas\/member\/id\/Roderic-O'Gorman.D.2020-02-08"}}}],"stages":[{"event":{"chamber":{"chamberCode":"dail","showAs":"D\u00e1il \u00c9ireann","uri":"https:\/\/data.oireachtas.ie\/ie\/oireachtas\/def\/house\/dail"},"dates":[{"date":"2025-10-15"},{"date":"2025-10-15"},{"date":"2025-10-15"}],"house":{"chamberCode":"dail","chamberType":"house","houseCode":"dail","houseNo":"34","showAs":"34th D\u00e1il","uri":"https:\/\/data.oireachtas.ie\/ie\/oireachtas\/house\/dail\/34"},"progressStage":1,"showAs":"First Stage","stageCompleted":true,"stageOutcome":null,"stageURI":"https:\/\/data.oireachtas.ie\/ie\/oireachtas\/def\/bill-stage\/1","uri":"https:\/\/data.oireachtas.ie\/ie\/oireachtas\/bill\/2025\/61\/stage\/dail\/1"}},{"event":{"chamber":{"chamberCode":"dail","showAs":"D\u00e1il \u00c9ireann","uri":"https:\/\/data.oireachtas.ie\/ie\/oireachtas\/def\/house\/dail"},"dates":[{"date":"2025-10-15"}],"house":{"chamberCode":"dail","chamberType":"house","houseCode":"dail","houseNo":"34","showAs":"34th D\u00e1il","uri":"https:\/\/data.oireachtas.ie\/ie\/oireachtas\/house\/dail\/34"},"progressStage":2,"showAs":"Second Stage","stageCompleted":false,"stageOutcome":"Current","stageURI":"https:\/\/data.oireachtas.ie\/ie\/oireachtas\/def\/bill-stage\/2","uri":"https:\/\/data.oireachtas.ie\/ie\/oireachtas\/bill\/2025\/61\/stage\/dail\/2"}}],"status":"Current","statusURI":"https:\/\/data.oireachtas.ie\/ie\/oireachtas\/def\/bill-status\/published","uri":"https:\/\/data.oireachtas.ie\/ie\/oireachtas\/bill\/2025\/61","versions":[{"version":{"lang":"eng","docType":"bill","showAs":"As Initiated","date":"2025-10-15","formats":{"pdf":{"uri":"https:\/\/data.oireachtas.ie\/ie\/oireachtas\/bill\/2025\/61\/eng\/initiated\/b6125d.pdf"},"xml":null},"uri":"https:\/\/data.oireachtas.ie\/ie\/oireachtas\/bill\/2025\/61\/eng\/initiated"}}]},"contextDate":"2025-10-15","billSort":{"actNoSort":null,"actShortTitleEnSort":null,"actShortTitleGaSort":null,"actYearSort":null,"billNoSort":61,"billShortTitleEnSort":"regulation-of-drones-bill-2025","billShortTitleGaSort":"an-bille-um-ladrainn-a-rialail-2025","billYearSort":2025}},{"bill":{"act":{"actNo":"18","actYear":"2025","dateSigned":"2025-12-23","longTitleEn":"<p>Act to provide for the imposition, repeal, remission, alteration and regulation of taxation, of stamp duties and of duties relating to excise and otherwise to make further provision in connection with finance; and to provide for related matters.<\/p>","longTitleGa":"<p>Acht do dh\u00e9anamh socr\u00fa maidir le forchur, aisghairm, loghadh, athr\u00fa agus rial\u00e1il c\u00e1nachais, dleachtanna stampa agus dleachtanna a bhaineann le m\u00e1l agus do dh\u00e9anamh socr\u00fa breise thairis sin i dtaobh airgeadais; agus do dh\u00e9anamh socr\u00fa i dtaobh nithe gaolmhara.<\/p>","shortTitleEn":"Finance Act 2025","shortTitleGa":"An tAcht Airgeadais, 2025","statutebookURI":"http:\/\/www.irishstatutebook.ie\/eli\/2025\/act\/18","uri":"https:\/\/data.oireachtas.ie\/ie\/oireachtas\/act\/2025\/18"},"amendmentLists":[{"amendmentList":{"amendmentTypeUri":{"uri":"https:\/\/data.oireachtas.ie\/ie\/oireachtas\/def\/amendment-type\/numberedList"},"chamber":{"showAs":"Seanad","uri":"https:\/\/data.oireachtas.ie\/ie\/oireachtas\/def\/seanad"},"date":"2025-12-16","formats":{"pdf":{"uri":"https:\/\/data.oireachtas.ie\/ie\/oireachtas\/bill\/2025\/60\/seanad\/4\/amendment\/numberedList\/eng\/b60b25d-srnl.pdf"},"xml":null},"showAs":"Numbered List [Seanad]","stage":{"showAs":"Report Stage","uri":"https:\/\/data.oireachtas.ie\/ie\/oireachtas\/bill\/2025\/60\/seanad\/4"},"stageNo":"4"}},{"amendmentList":{"amendmentTypeUri":{"uri":"https:\/\/data.oireachtas.ie\/ie\/oireachtas\/def\/amendment-type\/numberedList"},"chamber":{"showAs":"Seanad","uri":"https:\/\/data.oireachtas.ie\/ie\/oireachtas\/def\/seanad"},"date":"2025-12-09","formats":{"pdf":{"uri":"https:\/\/data.oireachtas.ie\/ie\/oireachtas\/bill\/2025\/60\/seanad\/3\/amendment\/numberedList\/eng\/b60b25d-scnl.pdf"},"xml":null},"showAs":"Numbered List [Seanad]","stage":{"showAs":"Committee Stage","uri":"https:\/\/data.oireachtas.ie\/ie\/oireachtas\/bill\/2025\/60\/seanad\/3"},"stageNo":"3"}},{"amendmentList":{"amendmentTypeUri":{"uri":"https:\/\/data.oireachtas.ie\/ie\/oireachtas\/def\/amendment-type\/numberedList"},"chamber":{"showAs":"Dail","uri":"https:\/\/data.oireachtas.ie\/ie\/oireachtas\/def\/dail"},"date":"2025-11-25","formats":{"pdf":{"uri":"https:\/\/data.oireachtas.ie\/ie\/oireachtas\/bill\/2025\/60\/dail\/4\/amendment\/numberedList\/eng\/b60a25d-drnl.pdf"},"xml":null},"showAs":"Numbered List [D\u00e1il]","stage":{"showAs":"Report Stage","uri":"https:\/\/data.oireachtas.ie\/ie\/oireachtas\/bill\/2025\/60\/dail\/4"},"stageNo":"4"}},{"amendmentList":{"amendmentTypeUri":{"uri":"https:\/\/data.oireachtas.ie\/ie\/oireachtas\/def\/amendment-type\/numberedList"},"chamber":{"showAs":"Dail","uri":"https:\/\/data.oireachtas.ie\/ie\/oireachtas\/def\/dail"},"date":"2025-11-04","formats":{"pdf":{"uri":"https:\/\/data.oireachtas.ie\/ie\/oireachtas\/bill\/2025\/60\/dail\/3\/amendment\/numberedList\/eng\/b6025d-dcnl.pdf"},"xml":null},"showAs":"Numbered List [D\u00e1il]","stage":{"showAs":"Committee Stage","uri":"https:\/\/data.oireachtas.ie\/ie\/oireachtas\/bill\/2025\/60\/dail\/3"},"stageNo":"3"}}],"billNo":"60","billType":"Public","billTypeURI":"https:\/\/data.oireachtas.ie\/ie\/oireachtas\/def\/bill-type\/public","billYear":"2025","debates":[{"chamber":{"showAs":"Seanad \u00c9ireann","uri":"https:\/\/data.oireachtas.ie\/ie\/oireachtas\/def\/house\/seanad"},"date":"2025-12-16","debateSectionId":"dbsect_12","showAs":"Finance Bill 2025 [Certified Money Bill]: Report and Final Stages","uri":"https:\/\/data.oireachtas.ie\/akn\/ie\/debateRecord\/seanad\/2025-12-16\/debate\/main"},{"chamber":{"showAs":"Seanad \u00c9ireann","uri":"https:\/\/data.oireachtas.ie\/ie\/oireachtas\/def\/house\/seanad"},"date":"2025-12-09","debateSectionId":"dbsect_10","showAs":"Finance Bill 2025 [Certified Money Bill]: Committee Stage","uri":"https:\/\/data.oireachtas.ie\/akn\/ie\/debateRecord\/seanad\/2025-12-09\/debate\/main"},{"chamber":{"showAs":"Seanad \u00c9ireann","uri":"https:\/\/data.oireachtas.ie\/ie\/oireachtas\/def\/house\/seanad"},"date":"2025-12-09","debateSectionId":"dbsect_27","showAs":"Finance Bill 2025 [Certified Money Bill]: Committee Stage (Resumed)","uri":"https:\/\/data.oireachtas.ie\/akn\/ie\/debateRecord\/seanad\/2025-12-09\/debate\/main"},{"chamber":{"showAs":"Seanad \u00c9ireann","uri":"https:\/\/data.oireachtas.ie\/ie\/oireachtas\/def\/house\/seanad"},"date":"2025-12-02","debateSectionId":"dbsect_12","showAs":"Finance Bill 2025: Second Stage","uri":"https:\/\/data.oireachtas.ie\/akn\/ie\/debateRecord\/seanad\/2025-12-02\/debate\/main"},{"chamber":{"showAs":"D\u00e1il \u00c9ireann","uri":"https:\/\/data.oireachtas.ie\/ie\/oireachtas\/def\/house\/dail"},"date":"2025-11-26","debateSectionId":"dbsect_25","showAs":"Finance Bill 2025: Report and Final Stages","uri":"https:\/\/data.oireachtas.ie\/akn\/ie\/debateRecord\/dail\/2025-11-26\/debate\/main"},{"chamber":{"showAs":"Select Committee on Finance, Public Expenditure, Public Service Reform and Digitalisation, and Taoiseach","uri":"https:\/\/data.oireachtas.ie\/ie\/oireachtas\/def\/committee"},"date":"2025-11-06","debateSectionId":"dbsect_3","showAs":"Finance Bill 2025: Committee Stage (Resumed)","uri":"https:\/\/data.oireachtas.ie\/akn\/ie\/debateRecord\/select_committee_on_finance_public_expenditure_public_service_reform_and_digitalisation_and_taoiseach\/2025-11-06\/debate\/main"},{"chamber":{"showAs":"Select Committee on Finance, Public Expenditure, Public Service Reform and Digitalisation, and Taoiseach","uri":"https:\/\/data.oireachtas.ie\/ie\/oireachtas\/def\/committee"},"date":"2025-11-05","debateSectionId":"dbsect_2","showAs":"Finance Bill 2025: Committee Stage","uri":"https:\/\/data.oireachtas.ie\/akn\/ie\/debateRecord\/select_committee_on_finance_public_expenditure_public_service_reform_and_digitalisation_and_taoiseach\/2025-11-05\/debate\/main"},{"chamber":{"showAs":"D\u00e1il \u00c9ireann","uri":"https:\/\/data.oireachtas.ie\/ie\/oireachtas\/def\/house\/dail"},"date":"2025-11-04","debateSectionId":"dbsect_7","showAs":"Finance Bill 2025: Financial Resolutions","uri":"https:\/\/data.oireachtas.ie\/akn\/ie\/debateRecord\/dail\/2025-11-04\/debate\/main"},{"chamber":{"showAs":"D\u00e1il \u00c9ireann","uri":"https:\/\/data.oireachtas.ie\/ie\/oireachtas\/def\/house\/dail"},"date":"2025-10-21","debateSectionId":"dbsect_13","showAs":"Finance Bill 2025: Second Stage","uri":"https:\/\/data.oireachtas.ie\/akn\/ie\/debateRecord\/dail\/2025-10-21\/debate\/main"},{"chamber":{"showAs":"D\u00e1il \u00c9ireann","uri":"https:\/\/data.oireachtas.ie\/ie\/oireachtas\/def\/house\/dail"},"date":"2025-10-21","debateSectionId":"dbsect_18","showAs":"Finance Bill 2025: Referral to Select Committee","uri":"https:\/\/data.oireachtas.ie\/akn\/ie\/debateRecord\/dail\/2025-10-21\/debate\/main"}],"events":[{"event":{"chamber":{"chamberCode":"dail","showAs":"D\u00e1il \u00c9ireann","uri":"https:\/\/data.oireachtas.ie\/ie\/oireachtas\/def\/house\/dail"},"dates":[{"date":"2025-10-16"},{"date":"2025-12-23"}],"eventURI":"https:\/\/data.oireachtas.ie\/ie\/oireachtas\/def\/bill-event\/published","showAs":"Published","uri":"https:\/\/data.oireachtas.ie\/ie\/oireachtas\/bill\/2025\/60\/published"}},{"event":{"chamber":null,"dates":[{"date":"2025-12-23"}],"eventURI":"https:\/\/data.oireachtas.ie\/ie\/oireachtas\/def\/bill-event\/enacted","showAs":"Enacted","uri":"https:\/\/data.oireachtas.ie\/ie\/oireachtas\/bill\/2025\/60\/enacted"}}],"lastUpdated":"2026-01-08T16:24:56.520000+00:00","longTitleEn":"<p>Bill entitled an Act to provide for the imposition, repeal, remission, alteration and regulation of taxation, of stamp duties and of duties relating to excise and otherwise to make further provision in connection with finance; and to provide for related matters.<\/p>","longTitleGa":"<p>Bille d\u00e1 ngairtear Acht do dh\u00e9anamh socr\u00fa maidir le forchur, aisghairm, loghadh, athr\u00fa agus rial\u00e1il c\u00e1nachais, dleachtanna stampa agus dleachtanna a bhaineann le m\u00e1l agus do dh\u00e9anamh socr\u00fa breise thairis sin i dtaobh airgeadais; agus do dh\u00e9anamh socr\u00fa i dtaobh nithe gaolmhara.<\/p>","method":"Presented","methodURI":"https:\/\/data.oireachtas.ie\/ie\/oireachtas\/def\/bill-method\/presented","mostRecentStage":{"event":{"chamber":null,"dates":[{"date":"2025-12-23"}],"house":null,"progressStage":10,"showAs":"Enacted","stageCompleted":true,"stageOutcome":"Enacted","stageURI":"https:\/\/data.oireachtas.ie\/ie\/oireachtas\/def\/bill-stage\/enacted","uri":"https:\/\/data.oireachtas.ie\/ie\/oireachtas\/bill\/2025\/60\/stage\/oireachtas\/enacted"}},"originHouse":{"showAs":"D\u00e1il \u00c9ireann","uri":"https:\/\/data.oireachtas.ie\/ie\/oireachtas\/def\/house\/dail"},"originHouseURI":"https:\/\/data.oireachtas.ie\/ie\/oireachtas\/def\/house\/dail","relatedDocs":[{"relatedDoc":{"date":"2025-11-04","docType":"errata","formats":{"pdf":{"uri":"https:\/\/data.oireachtas.ie\/ie\/oireachtas\/bill\/2025\/60\/eng\/errata\/erratum-slip-finance-bill-2025-as-passed-in-select-committee.pdf"},"xml":null},"lang":"eng","showAs":"Erratum slip","uri":"https:\/\/data.oireachtas.ie\/ie\/oireachtas\/bill\/2025\/60\/eng\/errata"}},{"relatedDoc":{"date":"2025-10-21","docType":"gluais","formats":{"pdf":{"uri":"https:\/\/data.oireachtas.ie\/ie\/oireachtas\/bill\/2025\/60\/mul\/gluais\/gluais-15-2025-an-bille-airgeadais-2025.pdf"},"xml":null},"lang":"mul","showAs":"Glossary\/Gluais","uri":"https:\/\/data.oireachtas.ie\/ie\/oireachtas\/bill\/2025\/60\/mul\/gluais"}},{"relatedDoc":{"date":"2025-10-16","docType":"memo","formats":{"pdf":{"uri":"https:\/\/data.oireachtas.ie\/ie\/oireachtas\/bill\/2025\/60\/eng\/memo\/b6025d-memo.pdf"},"xml":null},"lang":"eng","showAs":"Explanatory Memorandum","uri":"https:\/\/data.oireachtas.ie\/ie\/oireachtas\/bill\/2025\/60\/eng\/memo"}}],"shortTitleEn":"Finance Bill 2025","shortTitleGa":"An Bille Airgeadais, 2025","source":"Government","sourceURI":"https:\/\/data.oireachtas.ie\/ie\/oireachtas\/def\/bill-source\/government","sponsors":[{"sponsor":{"isPrimary":true,"as":{"showAs":"Minister for Finance","uri":null},"by":{"showAs":null,"uri":null}}}],"stages":[{"event":{"chamber":{"chamberCode":"dail","showAs":"D\u00e1il \u00c9ireann","uri":"https:\/\/data.oireachtas.ie\/ie\/oireachtas\/def\/house\/dail"},"dates":[{"date":"2025-10-16"},{"date":"2025-10-16"}],"house":{"chamberCode":"dail","chamberType":"house","houseCode":"dail","houseNo":"34","showAs":"34th D\u00e1il","uri":"https:\/\/data.oireachtas.ie\/ie\/oireachtas\/house\/dail\/34"},"progressStage":1,"showAs":"First Stage","stageCompleted":true,"stageOutcome":null,"stageURI":"https:\/\/data.oireachtas.ie\/ie\/oireachtas\/def\/bill-stage\/1","uri":"https:\/\/data.oireachtas.ie\/ie\/oireachtas\/bill\/2025\/60\/stage\/dail\/1"}},{"event":{"chamber":{"chamberCode":"dail","showAs":"D\u00e1il \u00c9ireann","uri":"https:\/\/data.oireachtas.ie\/ie\/oireachtas\/def\/house\/dail"},"dates":[{"date":"2025-10-16"}],"house":{"chamberCode":"dail","chamberType":"house","houseCode":"dail","houseNo":"34","showAs":"34th D\u00e1il","uri":"https:\/\/data.oireachtas.ie\/ie\/oireachtas\/house\/dail\/34"},"progressStage":2,"showAs":"Second Stage","stageCompleted":true,"stageOutcome":null,"stageURI":"https:\/\/data.oireachtas.ie\/ie\/oireachtas\/def\/bill-stage\/2","uri":"https:\/\/data.oireachtas.ie\/ie\/oireachtas\/bill\/2025\/60\/stage\/dail\/2"}},{"event":{"chamber":{"chamberCode":"dail","showAs":"D\u00e1il \u00c9ireann","uri":"https:\/\/data.oireachtas.ie\/ie\/oireachtas\/def\/house\/dail"},"dates":[{"date":"2025-10-22"},{"date":"2025-10-22"}],"house":{"chamberCode":"dail","chamberType":"house","houseCode":"dail","houseNo":"34","showAs":"34th D\u00e1il","uri":"https:\/\/data.oireachtas.ie\/ie\/oireachtas\/house\/dail\/34"},"progressStage":3,"showAs":"Committee Stage","stageCompleted":true,"stageOutcome":null,"stageURI":"https:\/\/data.oireachtas.ie\/ie\/oireachtas\/def\/bill-stage\/3","uri":"https:\/\/data.oireachtas.ie\/ie\/oireachtas\/bill\/2025\/60\/stage\/dail\/3"}},{"event":{"chamber":{"chamberCode":"dail","showAs":"D\u00e1il \u00c9ireann","uri":"https:\/\/data.oireachtas.ie\/ie\/oireachtas\/def\/house\/dail"},"dates":[{"date":"2025-11-26"}],"house":{"chamberCode":"dail","chamberType":"house","houseCode":"dail","houseNo":"34","showAs":"34th D\u00e1il","uri":"https:\/\/data.oireachtas.ie\/ie\/oireachtas\/house\/dail\/34"},"progressStage":4,"showAs":"Report Stage","stageCompleted":true,"stageOutcome":null,"stageURI":"https:\/\/data.oireachtas.ie\/ie\/oireachtas\/def\/bill-stage\/4","uri":"https:\/\/data.oireachtas.ie\/ie\/oireachtas\/bill\/2025\/60\/stage\/dail\/4"}},{"event":{"chamber":{"chamberCode":"dail","showAs":"D\u00e1il \u00c9ireann","uri":"https:\/\/data.oireachtas.ie\/ie\/oireachtas\/def\/house\/dail"},"dates":[{"date":"2025-11-26"}],"house":{"chamberCode":"dail","chamberType":"house","houseCode":"dail","houseNo":"34","showAs":"34th D\u00e1il","uri":"https:\/\/data.oireachtas.ie\/ie\/oireachtas\/house\/dail\/34"},"progressStage":5,"showAs":"Fifth Stage","stageCompleted":true,"stageOutcome":null,"stageURI":"https:\/\/data.oireachtas.ie\/ie\/oireachtas\/def\/bill-stage\/5","uri":"https:\/\/data.oireachtas.ie\/ie\/oireachtas\/bill\/2025\/60\/stage\/dail\/5"}},{"event":{"chamber":{"chamberCode":"seanad","showAs":"Seanad \u00c9ireann","uri":"https:\/\/data.oireachtas.ie\/ie\/oireachtas\/def\/house\/seanad"},"dates":[{"date":"2025-11-26"}],"house":{"chamberCode":"seanad","chamberType":"house","houseCode":"seanad","houseNo":"27","showAs":"27th Seanad","uri":"https:\/\/data.oireachtas.ie\/ie\/oireachtas\/house\/seanad\/27"},"progressStage":6,"showAs":"Second Stage","stageCompleted":true,"stageOutcome":null,"stageURI":"https:\/\/data.oireachtas.ie\/ie\/oireachtas\/def\/bill-stage\/2","uri":"https:\/\/data.oireachtas.ie\/ie\/oireachtas\/bill\/2025\/60\/stage\/seanad\/2"}},{"event":{"chamber":{"chamberCode":"seanad","showAs":"Seanad \u00c9ireann","uri":"https:\/\/data.oireachtas.ie\/ie\/oireachtas\/def\/house\/seanad"},"dates":[{"date":"2025-12-02"}],"house":{"chamberCode":"seanad","chamberType":"house","houseCode":"seanad","houseNo":"27","showAs":"27th Seanad","uri":"https:\/\/data.oireachtas.ie\/ie\/oireachtas\/house\/seanad\/27"},"progressStage":7,"showAs":"Committee Stage","stageCompleted":true,"stageOutcome":null,"stageURI":"https:\/\/data.oireachtas.ie\/ie\/oireachtas\/def\/bill-stage\/3","uri":"https:\/\/data.oireachtas.ie\/ie\/oireachtas\/bill\/2025\/60\/stage\/seanad\/3"}},{"event":{"chamber":{"chamberCode":"seanad","showAs":"Seanad \u00c9ireann","uri":"https:\/\/data.oireachtas.ie\/ie\/oireachtas\/def\/house\/seanad"},"dates":[{"date":"2025-12-09"}],"house":{"chamberCode":"seanad","chamberType":"house","houseCode":"seanad","houseNo":"27","showAs":"27th Seanad","uri":"https:\/\/data.oireachtas.ie\/ie\/oireachtas\/house\/seanad\/27"},"progressStage":8,"showAs":"Report Stage","stageCompleted":true,"stageOutcome":null,"stageURI":"https:\/\/data.oireachtas.ie\/ie\/oireachtas\/def\/bill-stage\/4","uri":"https:\/\/data.oireachtas.ie\/ie\/oireachtas\/bill\/2025\/60\/stage\/seanad\/4"}},{"event":{"chamber":{"chamberCode":"seanad","showAs":"Seanad \u00c9ireann","uri":"https:\/\/data.oireachtas.ie\/ie\/oireachtas\/def\/house\/seanad"},"dates":[{"date":"2025-12-16"}],"house":{"chamberCode":"seanad","chamberType":"house","houseCode":"seanad","houseNo":"27","showAs":"27th Seanad","uri":"https:\/\/data.oireachtas.ie\/ie\/oireachtas\/house\/seanad\/27"},"progressStage":9,"showAs":"Fifth Stage","stageCompleted":true,"stageOutcome":null,"stageURI":"https:\/\/data.oireachtas.ie\/ie\/oireachtas\/def\/bill-stage\/5","uri":"https:\/\/data.oireachtas.ie\/ie\/oireachtas\/bill\/2025\/60\/stage\/seanad\/5"}},{"event":{"chamber":null,"dates":[{"date":"2025-12-23"}],"house":null,"progressStage":10,"showAs":"Enacted","stageCompleted":true,"stageOutcome":"Enacted","stageURI":"https:\/\/data.oireachtas.ie\/ie\/oireachtas\/def\/bill-stage\/enacted","uri":"https:\/\/data.oireachtas.ie\/ie\/oireachtas\/bill\/2025\/60\/stage\/oireachtas\/enacted"}}],"status":"Enacted","statusURI":"https:\/\/data.oireachtas.ie\/ie\/oireachtas\/def\/bill-status\/enacted","uri":"https:\/\/data.oireachtas.ie\/ie\/oireachtas\/bill\/2025\/60","versions":[{"version":{"lang":"eng","docType":"act","showAs":"Finance Act 2025","date":"2025-12-23","formats":{"pdf":{"uri":"https:\/\/data.oireachtas.ie\/ie\/oireachtas\/act\/2025\/18\/eng\/enacted\/a1825.pdf"},"xml":null},"uri":"https:\/\/data.oireachtas.ie\/ie\/oireachtas\/act\/2025\/18\/eng\/enacted"}},{"version":{"lang":"eng","docType":"bill","showAs":"As passed by D\u00e1il \u00c9ireann","date":"2025-11-26","formats":{"pdf":{"uri":"https:\/\/data.oireachtas.ie\/ie\/oireachtas\/bill\/2025\/60\/eng\/ver_b\/b60b25d.pdf"},"xml":null},"uri":"https:\/\/data.oireachtas.ie\/ie\/oireachtas\/bill\/2025\/60\/eng\/ver_b"}},{"version":{"lang":"eng","docType":"bill","showAs":"As amended in Committee\/Select Committee [D\u00e1il \u00c9ireann]","date":"2025-11-10","formats":{"pdf":{"uri":"https:\/\/data.oireachtas.ie\/ie\/oireachtas\/bill\/2025\/60\/eng\/ver_a\/b60a25d.pdf"},"xml":null},"uri":"https:\/\/data.oireachtas.ie\/ie\/oireachtas\/bill\/2025\/60\/eng\/ver_a"}},{"version":{"lang":"eng","docType":"bill","showAs":"As Initiated","date":"2025-10-16","formats":{"pdf":{"uri":"https:\/\/data.oireachtas.ie\/ie\/oireachtas\/bill\/2025\/60\/eng\/initiated\/b6025d.pdf"},"xml":null},"uri":"https:\/\/data.oireachtas.ie\/ie\/oireachtas\/bill\/2025\/60\/eng\/initiated"}}]},"contextDate":"2025-12-23","billSort":{"actNoSort":18,"actShortTitleEnSort":"finance-act-2025","actShortTitleGaSort":"an-tacht-airgeadais-2025","actYearSort":2025,"billNoSort":60,"billShortTitleEnSort":"finance-bill-2025","billShortTitleGaSort":"an-bille-airgeadais-2025","billYearSort":2025}},{"bill":{"act":null,"amendmentLists":[],"billNo":"59","billType":"Public","billTypeURI":"https:\/\/data.oireachtas.ie\/ie\/oireachtas\/def\/bill-type\/public","billYear":"2025","debates":[{"chamber":{"showAs":"Seanad \u00c9ireann","uri":"https:\/\/data.oireachtas.ie\/ie\/oireachtas\/def\/house\/seanad"},"date":"2025-10-22","debateSectionId":"dbsect_23","showAs":"Domestic Violence (Free Travel Scheme) Bill 2025: Second Stage","uri":"https:\/\/data.oireachtas.ie\/akn\/ie\/debateRecord\/seanad\/2025-10-22\/debate\/main"},{"chamber":{"showAs":"Seanad \u00c9ireann","uri":"https:\/\/data.oireachtas.ie\/ie\/oireachtas\/def\/house\/seanad"},"date":"2025-10-14","debateSectionId":"dbsect_8","showAs":"Domestic Violence (Free Travel Scheme) Bill 2025: First Stage","uri":"https:\/\/data.oireachtas.ie\/akn\/ie\/debateRecord\/seanad\/2025-10-14\/debate\/main"}],"events":[{"event":{"chamber":{"chamberCode":"seanad","showAs":"Seanad \u00c9ireann","uri":"https:\/\/data.oireachtas.ie\/ie\/oireachtas\/def\/house\/seanad"},"dates":[{"date":"2025-10-14"}],"eventURI":"https:\/\/data.oireachtas.ie\/ie\/oireachtas\/def\/bill-event\/published","showAs":"Published","uri":"https:\/\/data.oireachtas.ie\/ie\/oireachtas\/bill\/2025\/59\/published"}}],"lastUpdated":"2025-10-15T10:51:58.970000+00:00","longTitleEn":"<p>Bill entitled an Act to establish a free travel scheme for victims fleeing domestic violence; and to provide for related matters.<\/p>","longTitleGa":"<p>Bille d\u00e1 ngairtear Acht do bhun\u00fa sc\u00e9im saorthaistil le haghaidh \u00edospartaigh at\u00e1 ag teitheadh \u00f3 fhor\u00e9igean baile; agus do dh\u00e9anamh socr\u00fa i dtaobh nithe gaolmhara.<\/p>","method":"Introduced","methodURI":"https:\/\/data.oireachtas.ie\/ie\/oireachtas\/def\/bill-method\/introduced","mostRecentStage":{"event":{"chamber":{"chamberCode":"seanad","showAs":"Seanad \u00c9ireann","uri":"https:\/\/data.oireachtas.ie\/ie\/oireachtas\/def\/house\/seanad"},"dates":[{"date":"2025-10-14"}],"house":{"chamberCode":"seanad","chamberType":"house","houseCode":"seanad","houseNo":"27","showAs":"27th Seanad","uri":"https:\/\/data.oireachtas.ie\/ie\/oireachtas\/house\/seanad\/27"},"progressStage":2,"showAs":"Second Stage","stageCompleted":false,"stageOutcome":"Current","stageURI":"https:\/\/data.oireachtas.ie\/ie\/oireachtas\/def\/bill-stage\/2","uri":"https:\/\/data.oireachtas.ie\/ie\/oireachtas\/bill\/2025\/59\/stage\/seanad\/2"}},"originHouse":{"showAs":"Seanad \u00c9ireann","uri":"https:\/\/data.oireachtas.ie\/ie\/oireachtas\/def\/house\/seanad"},"originHouseURI":"https:\/\/data.oireachtas.ie\/ie\/oireachtas\/def\/house\/seanad","relatedDocs":[],"shortTitleEn":"Domestic Violence (Free Travel Scheme) Bill 2025","shortTitleGa":"An Bille um Fhor\u00e9igean Baile (Sc\u00e9im Saorthaistil), 2025","source":"Private Member","sourceURI":"https:\/\/data.oireachtas.ie\/ie\/oireachtas\/def\/bill-source\/private-member","sponsors":[{"sponsor":{"as":{"showAs":null,"uri":null},"by":{"showAs":"Laura Harmon","uri":"https:\/\/data.oireachtas.ie\/ie\/oireachtas\/member\/id\/Laura-Harmon.S.2025-01-29"},"isPrimary":false}},{"sponsor":{"as":{"showAs":null,"uri":null},"by":{"showAs":"Nessa Cosgrove","uri":"https:\/\/data.oireachtas.ie\/ie\/oireachtas\/member\/id\/Nessa-Cosgrove.S.2025-01-29"},"isPrimary":false}},{"sponsor":{"as":{"showAs":null,"uri":null},"by":{"showAs":"Malcolm Noonan","uri":"https:\/\/data.oireachtas.ie\/ie\/oireachtas\/member\/id\/Malcolm-Noonan.D.2020-02-08"},"isPrimary":false}},{"sponsor":{"as":{"showAs":null,"uri":null},"by":{"showAs":"Patricia Stephenson","uri":"https:\/\/data.oireachtas.ie\/ie\/oireachtas\/member\/id\/Patricia-Stephenson.S.2025-01-29"},"isPrimary":true}}],"stages":[{"event":{"chamber":{"chamberCode":"seanad","showAs":"Seanad \u00c9ireann","uri":"https:\/\/data.oireachtas.ie\/ie\/oireachtas\/def\/house\/seanad"},"dates":[{"date":"2025-10-14"},{"date":"2025-10-14"}],"house":{"chamberCode":"seanad","chamberType":"house","houseCode":"seanad","houseNo":"27","showAs":"27th Seanad","uri":"https:\/\/data.oireachtas.ie\/ie\/oireachtas\/house\/seanad\/27"},"progressStage":1,"showAs":"First Stage","stageCompleted":true,"stageOutcome":null,"stageURI":"https:\/\/data.oireachtas.ie\/ie\/oireachtas\/def\/bill-stage\/1","uri":"https:\/\/data.oireachtas.ie\/ie\/oireachtas\/bill\/2025\/59\/stage\/seanad\/1"}},{"event":{"chamber":{"chamberCode":"seanad","showAs":"Seanad \u00c9ireann","uri":"https:\/\/data.oireachtas.ie\/ie\/oireachtas\/def\/house\/seanad"},"dates":[{"date":"2025-10-14"}],"house":{"chamberCode":"seanad","chamberType":"house","houseCode":"seanad","houseNo":"27","showAs":"27th Seanad","uri":"https:\/\/data.oireachtas.ie\/ie\/oireachtas\/house\/seanad\/27"},"progressStage":2,"showAs":"Second Stage","stageCompleted":false,"stageOutcome":"Current","stageURI":"https:\/\/data.oireachtas.ie\/ie\/oireachtas\/def\/bill-stage\/2","uri":"https:\/\/data.oireachtas.ie\/ie\/oireachtas\/bill\/2025\/59\/stage\/seanad\/2"}}],"status":"Current","statusURI":"https:\/\/data.oireachtas.ie\/ie\/oireachtas\/def\/bill-status\/published","uri":"https:\/\/data.oireachtas.ie\/ie\/oireachtas\/bill\/2025\/59","versions":[{"version":{"date":"2025-10-14","docType":"bill","formats":{"pdf":{"uri":"https:\/\/data.oireachtas.ie\/ie\/oireachtas\/bill\/2025\/59\/eng\/initiated\/b5925s.pdf"},"xml":null},"lang":"eng","showAs":"As Initiated","uri":"https:\/\/data.oireachtas.ie\/ie\/oireachtas\/bill\/2025\/59\/eng\/initiated"}}]},"billSort":{"actNoSort":null,"actShortTitleEnSort":null,"actShortTitleGaSort":null,"actYearSort":null,"billNoSort":59,"billShortTitleEnSort":"domestic-violence-free-travel-scheme-bill-2025","billShortTitleGaSort":"an-bille-um-fhoreigean-baile-sceim-saorthaistil-2025","billYearSort":2025},"contextDate":"2025-10-14"},{"bill":{"act":{"actNo":"21","actYear":"2025","dateSigned":"2025-12-23","longTitleEn":"<p>Act to make provision for the making of payments from the National Training Fund for certain purposes in respect of a scheme referred to in section 7 of the National Training Fund Act 2000 and for that purpose to amend that Act and to provide for related matters.<\/p>","longTitleGa":"<p>Acht do dh\u00e9anamh socr\u00fa chun \u00edoca\u00edochta\u00ed a dh\u00e9anamh as an gCiste N\u00e1isi\u00fanta Oili\u00fana chun cr\u00edoch \u00e1irithe i leith sc\u00e9im d\u00e1 dtagra\u00edtear in alt 7 den Acht um Chiste N\u00e1isi\u00fanta Oili\u00fana, 2000 agus, chun na cr\u00edche sin, do leas\u00fa an Achta sin agus do dh\u00e9anamh socr\u00fa i dtaobh nithe gaolmhara.<\/p>","shortTitleEn":"National Training Fund (Amendment) Act 2025","shortTitleGa":"An tAcht um Chiste N\u00e1isi\u00fanta Oili\u00fana (Leas\u00fa), 2025","statutebookURI":"http:\/\/www.irishstatutebook.ie\/eli\/2025\/act\/21","uri":"https:\/\/data.oireachtas.ie\/ie\/oireachtas\/act\/2025\/21"},"amendmentLists":[{"amendmentList":{"amendmentTypeUri":{"uri":"https:\/\/data.oireachtas.ie\/ie\/oireachtas\/def\/amendment-type\/numberedList"},"chamber":{"showAs":"Seanad","uri":"https:\/\/data.oireachtas.ie\/ie\/oireachtas\/def\/seanad"},"date":"2025-12-17","formats":{"pdf":{"uri":"https:\/\/data.oireachtas.ie\/ie\/oireachtas\/bill\/2025\/58\/seanad\/3\/amendment\/numberedList\/eng\/b5825d-scnl.pdf"},"xml":null},"showAs":"Numbered List [Seanad]","stage":{"showAs":"Committee Stage","uri":"https:\/\/data.oireachtas.ie\/ie\/oireachtas\/bill\/2025\/58\/seanad\/3"},"stageNo":"3"}},{"amendmentList":{"amendmentTypeUri":{"uri":"https:\/\/data.oireachtas.ie\/ie\/oireachtas\/def\/amendment-type\/numberedList"},"chamber":{"showAs":"Dail","uri":"https:\/\/data.oireachtas.ie\/ie\/oireachtas\/def\/dail"},"date":"2025-12-02","formats":{"pdf":{"uri":"https:\/\/data.oireachtas.ie\/ie\/oireachtas\/bill\/2025\/58\/dail\/4\/amendment\/numberedList\/eng\/b5825d-drnl.pdf"},"xml":null},"showAs":"Numbered List [D\u00e1il]","stage":{"showAs":"Report Stage","uri":"https:\/\/data.oireachtas.ie\/ie\/oireachtas\/bill\/2025\/58\/dail\/4"},"stageNo":"4"}},{"amendmentList":{"amendmentTypeUri":{"uri":"https:\/\/data.oireachtas.ie\/ie\/oireachtas\/def\/amendment-type\/numberedList"},"chamber":{"showAs":"Dail","uri":"https:\/\/data.oireachtas.ie\/ie\/oireachtas\/def\/dail"},"date":"2025-11-18","formats":{"pdf":{"uri":"https:\/\/data.oireachtas.ie\/ie\/oireachtas\/bill\/2025\/58\/dail\/3\/amendment\/numberedList\/eng\/b5825d-dcnl.pdf"},"xml":null},"showAs":"Numbered List [D\u00e1il]","stage":{"showAs":"Committee Stage","uri":"https:\/\/data.oireachtas.ie\/ie\/oireachtas\/bill\/2025\/58\/dail\/3"},"stageNo":"3"}}],"billNo":"58","billType":"Public","billTypeURI":"https:\/\/data.oireachtas.ie\/ie\/oireachtas\/def\/bill-type\/public","billYear":"2025","debates":[{"chamber":{"showAs":"Seanad \u00c9ireann","uri":"https:\/\/data.oireachtas.ie\/ie\/oireachtas\/def\/house\/seanad"},"date":"2025-12-17","debateSectionId":"dbsect_18","showAs":"National Training Fund (Amendment) Bill 2025: Committee and Remaining Stages","uri":"https:\/\/data.oireachtas.ie\/akn\/ie\/debateRecord\/seanad\/2025-12-17\/debate\/main"},{"chamber":{"showAs":"Seanad \u00c9ireann","uri":"https:\/\/data.oireachtas.ie\/ie\/oireachtas\/def\/house\/seanad"},"date":"2025-12-11","debateSectionId":"dbsect_11","showAs":"National Training Fund (Amendment) Bill 2025: Second Stage","uri":"https:\/\/data.oireachtas.ie\/akn\/ie\/debateRecord\/seanad\/2025-12-11\/debate\/main"},{"chamber":{"showAs":"D\u00e1il \u00c9ireann","uri":"https:\/\/data.oireachtas.ie\/ie\/oireachtas\/def\/house\/dail"},"date":"2025-12-03","debateSectionId":"dbsect_26","showAs":"National Training Fund (Amendment) Bill 2025: Report and Final Stages","uri":"https:\/\/data.oireachtas.ie\/akn\/ie\/debateRecord\/dail\/2025-12-03\/debate\/main"},{"chamber":{"showAs":"Select Committee on Further and Higher Education, Research, Innovation and Science","uri":"https:\/\/data.oireachtas.ie\/ie\/oireachtas\/def\/committee"},"date":"2025-11-19","debateSectionId":"dbsect_3","showAs":"National Training Fund (Amendment) Bill 2025: Committee Stage","uri":"https:\/\/data.oireachtas.ie\/akn\/ie\/debateRecord\/select_committee_on_further_and_higher_education_research_innovation_and_science\/2025-11-19\/debate\/main"},{"chamber":{"showAs":"D\u00e1il \u00c9ireann","uri":"https:\/\/data.oireachtas.ie\/ie\/oireachtas\/def\/house\/dail"},"date":"2025-10-16","debateSectionId":"dbsect_38","showAs":"National Training Fund (Amendment) Bill 2025: Second Stage","uri":"https:\/\/data.oireachtas.ie\/akn\/ie\/debateRecord\/dail\/2025-10-16\/debate\/main"},{"chamber":{"showAs":"D\u00e1il \u00c9ireann","uri":"https:\/\/data.oireachtas.ie\/ie\/oireachtas\/def\/house\/dail"},"date":"2025-10-16","debateSectionId":"dbsect_40","showAs":"National Training Fund (Amendment) Bill 2025: Second Stage (Resumed)","uri":"https:\/\/data.oireachtas.ie\/akn\/ie\/debateRecord\/dail\/2025-10-16\/debate\/main"},{"chamber":{"showAs":"D\u00e1il \u00c9ireann","uri":"https:\/\/data.oireachtas.ie\/ie\/oireachtas\/def\/house\/dail"},"date":"2025-10-16","debateSectionId":"dbsect_41","showAs":"National Training Fund (Amendment) Bill 2025: Referral to Select Committee","uri":"https:\/\/data.oireachtas.ie\/akn\/ie\/debateRecord\/dail\/2025-10-16\/debate\/main"}],"events":[{"event":{"chamber":{"chamberCode":"dail","showAs":"D\u00e1il \u00c9ireann","uri":"https:\/\/data.oireachtas.ie\/ie\/oireachtas\/def\/house\/dail"},"dates":[{"date":"2025-10-10"},{"date":"2025-12-23"}],"eventURI":"https:\/\/data.oireachtas.ie\/ie\/oireachtas\/def\/bill-event\/published","showAs":"Published","uri":"https:\/\/data.oireachtas.ie\/ie\/oireachtas\/bill\/2025\/58\/published"}},{"event":{"chamber":null,"dates":[{"date":"2025-12-23"}],"eventURI":"https:\/\/data.oireachtas.ie\/ie\/oireachtas\/def\/bill-event\/enacted","showAs":"Enacted","uri":"https:\/\/data.oireachtas.ie\/ie\/oireachtas\/bill\/2025\/58\/enacted"}}],"lastUpdated":"2026-01-09T12:59:59.910000+00:00","longTitleEn":"<p>Bill entitled an Act to make provision for the making of payments from the National Training Fund for certain purposes in respect of a scheme referred to in section 7 of the National Training Fund Act 2000 and for that purpose to amend that Act and to provide for related matters.<\/p>","longTitleGa":"<p>Bille d\u00e1 ngairtear Acht do dh\u00e9anamh socr\u00fa chun \u00edoca\u00edochta\u00ed a dh\u00e9anamh as an gCiste N\u00e1isi\u00fanta Oili\u00fana chun cr\u00edoch \u00e1irithe i leith sc\u00e9im d\u00e1 dtagra\u00edtear in alt 7 den Acht um Chiste N\u00e1isi\u00fanta Oili\u00fana, 2000 agus, chun na cr\u00edche sin, do leas\u00fa an Achta sin agus do dh\u00e9anamh socr\u00fa i dtaobh nithe gaolmhara.<\/p>","method":"Presented","methodURI":"https:\/\/data.oireachtas.ie\/ie\/oireachtas\/def\/bill-method\/presented","mostRecentStage":{"event":{"chamber":null,"dates":[{"date":"2025-12-23"}],"house":null,"progressStage":10,"showAs":"Enacted","stageCompleted":true,"stageOutcome":"Enacted","stageURI":"https:\/\/data.oireachtas.ie\/ie\/oireachtas\/def\/bill-stage\/enacted","uri":"https:\/\/data.oireachtas.ie\/ie\/oireachtas\/bill\/2025\/58\/stage\/oireachtas\/enacted"}},"originHouse":{"showAs":"D\u00e1il \u00c9ireann","uri":"https:\/\/data.oireachtas.ie\/ie\/oireachtas\/def\/house\/dail"},"originHouseURI":"https:\/\/data.oireachtas.ie\/ie\/oireachtas\/def\/house\/dail","relatedDocs":[{"relatedDoc":{"date":"2025-10-14","docType":"gluais","formats":{"pdf":{"uri":"https:\/\/data.oireachtas.ie\/ie\/oireachtas\/bill\/2025\/58\/mul\/gluais\/gluais-14-2025-an-bille-um-chiste-naisiunta-oiliuna-leasu-2025.pdf"},"xml":null},"lang":"mul","showAs":"Glossary\/Gluais","uri":"https:\/\/data.oireachtas.ie\/ie\/oireachtas\/bill\/2025\/58\/mul\/gluais"}},{"relatedDoc":{"date":"2025-10-10","docType":"memo","formats":{"pdf":{"uri":"https:\/\/data.oireachtas.ie\/ie\/oireachtas\/bill\/2025\/58\/eng\/memo\/b5825d-memo.pdf"},"xml":null},"lang":"eng","showAs":"Explanatory Memorandum","uri":"https:\/\/data.oireachtas.ie\/ie\/oireachtas\/bill\/2025\/58\/eng\/memo"}}],"shortTitleEn":"National Training Fund (Amendment) Bill 2025","shortTitleGa":"An Bille um Chiste N\u00e1isi\u00fanta Oili\u00fana (Leas\u00fa), 2025","source":"Government","sourceURI":"https:\/\/data.oireachtas.ie\/ie\/oireachtas\/def\/bill-source\/government","sponsors":[{"sponsor":{"as":{"showAs":"Minister for Further and Higher Education, Research, Innovation and Science","uri":null},"by":{"showAs":null,"uri":null},"isPrimary":true}}],"stages":[{"event":{"chamber":{"chamberCode":"dail","showAs":"D\u00e1il \u00c9ireann","uri":"https:\/\/data.oireachtas.ie\/ie\/oireachtas\/def\/house\/dail"},"dates":[{"date":"2025-10-10"},{"date":"2025-10-10"}],"house":{"chamberCode":"dail","chamberType":"house","houseCode":"dail","houseNo":"34","showAs":"34th D\u00e1il","uri":"https:\/\/data.oireachtas.ie\/ie\/oireachtas\/house\/dail\/34"},"progressStage":1,"showAs":"First Stage","stageCompleted":true,"stageOutcome":null,"stageURI":"https:\/\/data.oireachtas.ie\/ie\/oireachtas\/def\/bill-stage\/1","uri":"https:\/\/data.oireachtas.ie\/ie\/oireachtas\/bill\/2025\/58\/stage\/dail\/1"}},{"event":{"chamber":{"chamberCode":"dail","showAs":"D\u00e1il \u00c9ireann","uri":"https:\/\/data.oireachtas.ie\/ie\/oireachtas\/def\/house\/dail"},"dates":[{"date":"2025-10-14"}],"house":{"chamberCode":"dail","chamberType":"house","houseCode":"dail","houseNo":"34","showAs":"34th D\u00e1il","uri":"https:\/\/data.oireachtas.ie\/ie\/oireachtas\/house\/dail\/34"},"progressStage":2,"showAs":"Second Stage","stageCompleted":true,"stageOutcome":null,"stageURI":"https:\/\/data.oireachtas.ie\/ie\/oireachtas\/def\/bill-stage\/2","uri":"https:\/\/data.oireachtas.ie\/ie\/oireachtas\/bill\/2025\/58\/stage\/dail\/2"}},{"event":{"chamber":{"chamberCode":"dail","showAs":"D\u00e1il \u00c9ireann","uri":"https:\/\/data.oireachtas.ie\/ie\/oireachtas\/def\/house\/dail"},"dates":[{"date":"2025-10-16"}],"house":{"chamberCode":"dail","chamberType":"house","houseCode":"dail","houseNo":"34","showAs":"34th D\u00e1il","uri":"https:\/\/data.oireachtas.ie\/ie\/oireachtas\/house\/dail\/34"},"progressStage":3,"showAs":"Committee Stage","stageCompleted":true,"stageOutcome":null,"stageURI":"https:\/\/data.oireachtas.ie\/ie\/oireachtas\/def\/bill-stage\/3","uri":"https:\/\/data.oireachtas.ie\/ie\/oireachtas\/bill\/2025\/58\/stage\/dail\/3"}},{"event":{"chamber":{"chamberCode":"dail","showAs":"D\u00e1il \u00c9ireann","uri":"https:\/\/data.oireachtas.ie\/ie\/oireachtas\/def\/house\/dail"},"dates":[{"date":"2025-12-03"}],"house":{"chamberCode":"dail","chamberType":"house","houseCode":"dail","houseNo":"34","showAs":"34th D\u00e1il","uri":"https:\/\/data.oireachtas.ie\/ie\/oireachtas\/house\/dail\/34"},"progressStage":4,"showAs":"Report Stage","stageCompleted":true,"stageOutcome":null,"stageURI":"https:\/\/data.oireachtas.ie\/ie\/oireachtas\/def\/bill-stage\/4","uri":"https:\/\/data.oireachtas.ie\/ie\/oireachtas\/bill\/2025\/58\/stage\/dail\/4"}},{"event":{"chamber":{"chamberCode":"dail","showAs":"D\u00e1il \u00c9ireann","uri":"https:\/\/data.oireachtas.ie\/ie\/oireachtas\/def\/house\/dail"},"dates":[{"date":"2025-12-03"}],"house":{"chamberCode":"dail","chamberType":"house","houseCode":"dail","houseNo":"34","showAs":"34th D\u00e1il","uri":"https:\/\/data.oireachtas.ie\/ie\/oireachtas\/house\/dail\/34"},"progressStage":5,"showAs":"Fifth Stage","stageCompleted":true,"stageOutcome":null,"stageURI":"https:\/\/data.oireachtas.ie\/ie\/oireachtas\/def\/bill-stage\/5","uri":"https:\/\/data.oireachtas.ie\/ie\/oireachtas\/bill\/2025\/58\/stage\/dail\/5"}},{"event":{"chamber":{"chamberCode":"seanad","showAs":"Seanad \u00c9ireann","uri":"https:\/\/data.oireachtas.ie\/ie\/oireachtas\/def\/house\/seanad"},"dates":[{"date":"2026-01-11"}],"house":{"chamberCode":"seanad","chamberType":"house","houseCode":"seanad","houseNo":"27","showAs":"27th Seanad","uri":"https:\/\/data.oireachtas.ie\/ie\/oireachtas\/house\/seanad\/27"},"progressStage":6,"showAs":"Second Stage","stageCompleted":true,"stageOutcome":null,"stageURI":"https:\/\/data.oireachtas.ie\/ie\/oireachtas\/def\/bill-stage\/2","uri":"https:\/\/data.oireachtas.ie\/ie\/oireachtas\/bill\/2025\/58\/stage\/seanad\/2"}},{"event":{"chamber":{"chamberCode":"seanad","showAs":"Seanad \u00c9ireann","uri":"https:\/\/data.oireachtas.ie\/ie\/oireachtas\/def\/house\/seanad"},"dates":[{"date":"2025-12-17"}],"house":{"chamberCode":"seanad","chamberType":"house","houseCode":"seanad","houseNo":"27","showAs":"27th Seanad","uri":"https:\/\/data.oireachtas.ie\/ie\/oireachtas\/house\/seanad\/27"},"progressStage":7,"showAs":"Committee Stage","stageCompleted":true,"stageOutcome":null,"stageURI":"https:\/\/data.oireachtas.ie\/ie\/oireachtas\/def\/bill-stage\/3","uri":"https:\/\/data.oireachtas.ie\/ie\/oireachtas\/bill\/2025\/58\/stage\/seanad\/3"}},{"event":{"chamber":{"chamberCode":"seanad","showAs":"Seanad \u00c9ireann","uri":"https:\/\/data.oireachtas.ie\/ie\/oireachtas\/def\/house\/seanad"},"dates":[{"date":"2026-01-17"},{"date":"2026-01-17"}],"house":{"chamberCode":"seanad","chamberType":"house","houseCode":"seanad","houseNo":"27","showAs":"27th Seanad","uri":"https:\/\/data.oireachtas.ie\/ie\/oireachtas\/house\/seanad\/27"},"progressStage":8,"showAs":"Report Stage","stageCompleted":true,"stageOutcome":"Enacted","stageURI":"https:\/\/data.oireachtas.ie\/ie\/oireachtas\/def\/bill-stage\/4","uri":"https:\/\/data.oireachtas.ie\/ie\/oireachtas\/bill\/2025\/58\/stage\/seanad\/4"}},{"event":{"chamber":{"chamberCode":"seanad","showAs":"Seanad \u00c9ireann","uri":"https:\/\/data.oireachtas.ie\/ie\/oireachtas\/def\/house\/seanad"},"dates":[{"date":"2026-01-17"}],"house":{"chamberCode":"seanad","chamberType":"house","houseCode":"seanad","houseNo":"27","showAs":"27th Seanad","uri":"https:\/\/data.oireachtas.ie\/ie\/oireachtas\/house\/seanad\/27"},"progressStage":9,"showAs":"Fifth Stage","stageCompleted":true,"stageOutcome":"Enacted","stageURI":"https:\/\/data.oireachtas.ie\/ie\/oireachtas\/def\/bill-stage\/5","uri":"https:\/\/data.oireachtas.ie\/ie\/oireachtas\/bill\/2025\/58\/stage\/seanad\/5"}},{"event":{"chamber":null,"dates":[{"date":"2025-12-23"}],"house":null,"progressStage":10,"showAs":"Enacted","stageCompleted":true,"stageOutcome":"Enacted","stageURI":"https:\/\/data.oireachtas.ie\/ie\/oireachtas\/def\/bill-stage\/enacted","uri":"https:\/\/data.oireachtas.ie\/ie\/oireachtas\/bill\/2025\/58\/stage\/oireachtas\/enacted"}}],"status":"Enacted","statusURI":"https:\/\/data.oireachtas.ie\/ie\/oireachtas\/def\/bill-status\/enacted","uri":"https:\/\/data.oireachtas.ie\/ie\/oireachtas\/bill\/2025\/58","versions":[{"version":{"date":"2025-12-23","docType":"act","formats":{"pdf":{"uri":"https:\/\/data.oireachtas.ie\/ie\/oireachtas\/act\/2025\/21\/eng\/enacted\/a2125.pdf"},"xml":null},"lang":"eng","showAs":"National Training Fund (Amendment) Act 2025","uri":"https:\/\/data.oireachtas.ie\/ie\/oireachtas\/act\/2025\/21\/eng\/enacted"}},{"version":{"date":"2025-10-10","docType":"bill","formats":{"pdf":{"uri":"https:\/\/data.oireachtas.ie\/ie\/oireachtas\/bill\/2025\/58\/eng\/initiated\/b5825d.pdf"},"xml":null},"lang":"eng","showAs":"As Initiated","uri":"https:\/\/data.oireachtas.ie\/ie\/oireachtas\/bill\/2025\/58\/eng\/initiated"}}]},"billSort":{"actNoSort":21,"actShortTitleEnSort":"national-training-fund-amendment-act-2025","actShortTitleGaSort":"an-tacht-um-chiste-naisiunta-oiliuna-leasu-2025","actYearSort":2025,"billNoSort":58,"billShortTitleEnSort":"national-training-fund-amendment-bill-2025","billShortTitleGaSort":"an-bille-um-chiste-naisiunta-oiliuna-leasu-2025","billYearSort":2025},"contextDate":"2025-12-23"},{"bill":{"act":{"actNo":"11","actYear":"2025","dateSigned":"2025-10-28","longTitleEn":"<p>Act to amend the Housing Finance Agency Act 1981 to increase the borrowing limit of the Housing Finance Agency.<\/p>","longTitleGa":"<p>Acht do leas\u00fa an Achta um Ghn\u00edomhaireacht Airgeadais do Thithe, 1981 chun m\u00e9ad\u00fa a dh\u00e9anamh ar theorainn na n-iasachta\u00ed a fh\u00e9adfaidh an Ghn\u00edomhaireacht Airgeadais do Thithe a fh\u00e1il.<\/p>","shortTitleEn":"Housing Finance Agency (Amendment) Act 2025","shortTitleGa":"An tAcht um Ghn\u00edomhaireacht Airgeadais do Thithe (Leas\u00fa), 2025","statutebookURI":"http:\/\/www.irishstatutebook.ie\/eli\/2025\/act\/11","uri":"https:\/\/data.oireachtas.ie\/ie\/oireachtas\/act\/2025\/11"},"amendmentLists":[{"amendmentList":{"amendmentTypeUri":{"uri":"https:\/\/data.oireachtas.ie\/ie\/oireachtas\/def\/amendment-type\/numberedList"},"chamber":{"showAs":"Seanad","uri":"https:\/\/data.oireachtas.ie\/ie\/oireachtas\/def\/seanad"},"date":"2025-10-22","formats":{"pdf":{"uri":"https:\/\/data.oireachtas.ie\/ie\/oireachtas\/bill\/2025\/57\/seanad\/3\/amendment\/numberedList\/eng\/b5725d-scnl.pdf"},"xml":null},"showAs":"Numbered List [Seanad]","stage":{"showAs":"Committee Stage","uri":"https:\/\/data.oireachtas.ie\/ie\/oireachtas\/bill\/2025\/57\/seanad\/3"},"stageNo":"3"}}],"billNo":"57","billType":"Public","billTypeURI":"https:\/\/data.oireachtas.ie\/ie\/oireachtas\/def\/bill-type\/public","billYear":"2025","debates":[{"chamber":{"showAs":"Seanad \u00c9ireann","uri":"https:\/\/data.oireachtas.ie\/ie\/oireachtas\/def\/house\/seanad"},"date":"2025-10-22","debateSectionId":"dbsect_22","showAs":"Housing Finance Agency (Amendment) Bill 2025: Committee and Remaining Stages","uri":"https:\/\/data.oireachtas.ie\/akn\/ie\/debateRecord\/seanad\/2025-10-22\/debate\/main"},{"chamber":{"showAs":"Seanad \u00c9ireann","uri":"https:\/\/data.oireachtas.ie\/ie\/oireachtas\/def\/house\/seanad"},"date":"2025-10-21","debateSectionId":"dbsect_23","showAs":"Housing Finance Agency (Amendment) Bill 2025: Second Stage","uri":"https:\/\/data.oireachtas.ie\/akn\/ie\/debateRecord\/seanad\/2025-10-21\/debate\/main"},{"chamber":{"showAs":"D\u00e1il \u00c9ireann","uri":"https:\/\/data.oireachtas.ie\/ie\/oireachtas\/def\/house\/dail"},"date":"2025-10-15","debateSectionId":"dbsect_27","showAs":"Housing Finance Agency (Amendment) Bill 2025: Committee and Remaining Stages","uri":"https:\/\/data.oireachtas.ie\/akn\/ie\/debateRecord\/dail\/2025-10-15\/debate\/main"},{"chamber":{"showAs":"D\u00e1il \u00c9ireann","uri":"https:\/\/data.oireachtas.ie\/ie\/oireachtas\/def\/house\/dail"},"date":"2025-10-14","debateSectionId":"dbsect_13","showAs":"Housing Finance Agency (Amendment) Bill 2025: Second Stage","uri":"https:\/\/data.oireachtas.ie\/akn\/ie\/debateRecord\/dail\/2025-10-14\/debate\/main"}],"events":[{"event":{"chamber":{"chamberCode":"dail","showAs":"D\u00e1il \u00c9ireann","uri":"https:\/\/data.oireachtas.ie\/ie\/oireachtas\/def\/house\/dail"},"dates":[{"date":"2025-10-10"},{"date":"2025-10-28"}],"eventURI":"https:\/\/data.oireachtas.ie\/ie\/oireachtas\/def\/bill-event\/published","showAs":"Published","uri":"https:\/\/data.oireachtas.ie\/ie\/oireachtas\/bill\/2025\/57\/published"}},{"event":{"chamber":null,"dates":[{"date":"2025-10-28"}],"eventURI":"https:\/\/data.oireachtas.ie\/ie\/oireachtas\/def\/bill-event\/enacted","showAs":"Enacted","uri":"https:\/\/data.oireachtas.ie\/ie\/oireachtas\/bill\/2025\/57\/enacted"}}],"lastUpdated":"2025-11-14T14:10:16.460000+00:00","longTitleEn":"<p>Bill entitled an Act to amend the Housing Finance Agency Act 1981 to increase the borrowing limit of the Housing Finance Agency.<\/p>","longTitleGa":"<p>Bille d\u00e1 ngairtear Acht do leas\u00fa an Achta um Ghn\u00edomhaireacht Airgeadais do Thithe, 1981 chun m\u00e9ad\u00fa a dh\u00e9anamh ar theorainn na n-iasachta\u00ed a fh\u00e9adfaidh an Ghn\u00edomhaireacht Airgeadais do Thithe a fh\u00e1il.<\/p>","method":"Presented","methodURI":"https:\/\/data.oireachtas.ie\/ie\/oireachtas\/def\/bill-method\/presented","mostRecentStage":{"event":{"chamber":null,"dates":[{"date":"2025-10-28"}],"house":null,"progressStage":10,"showAs":"Enacted","stageCompleted":true,"stageOutcome":"Enacted","stageURI":"https:\/\/data.oireachtas.ie\/ie\/oireachtas\/def\/bill-stage\/enacted","uri":"https:\/\/data.oireachtas.ie\/ie\/oireachtas\/bill\/2025\/57\/stage\/oireachtas\/enacted"}},"originHouse":{"showAs":"D\u00e1il \u00c9ireann","uri":"https:\/\/data.oireachtas.ie\/ie\/oireachtas\/def\/house\/dail"},"originHouseURI":"https:\/\/data.oireachtas.ie\/ie\/oireachtas\/def\/house\/dail","relatedDocs":[{"relatedDoc":{"date":"2025-10-14","docType":"gluais","formats":{"pdf":{"uri":"https:\/\/data.oireachtas.ie\/ie\/oireachtas\/bill\/2025\/57\/mul\/gluais\/gluais-13-2025-an-bille-um-ghniomhaireacht-airgeadais-do-thithe-leasu-2025.pdf"},"xml":null},"lang":"mul","showAs":"Glossary\/Gluais","uri":"https:\/\/data.oireachtas.ie\/ie\/oireachtas\/bill\/2025\/57\/mul\/gluais"}},{"relatedDoc":{"date":"2025-10-10","docType":"memo","formats":{"pdf":{"uri":"https:\/\/data.oireachtas.ie\/ie\/oireachtas\/bill\/2025\/57\/eng\/memo\/b5725d-memo.pdf"},"xml":null},"lang":"eng","showAs":"Explanatory Memorandum","uri":"https:\/\/data.oireachtas.ie\/ie\/oireachtas\/bill\/2025\/57\/eng\/memo"}}],"shortTitleEn":"Housing Finance Agency (Amendment) Bill 2025","shortTitleGa":"An Bille um Ghn\u00edomhaireacht Airgeadais do Thithe (Leas\u00fa), 2025","source":"Government","sourceURI":"https:\/\/data.oireachtas.ie\/ie\/oireachtas\/def\/bill-source\/government","sponsors":[{"sponsor":{"as":{"showAs":"Minister for Housing, Local Government and Heritage","uri":null},"by":{"showAs":null,"uri":null},"isPrimary":true}}],"stages":[{"event":{"chamber":{"chamberCode":"dail","showAs":"D\u00e1il \u00c9ireann","uri":"https:\/\/data.oireachtas.ie\/ie\/oireachtas\/def\/house\/dail"},"dates":[{"date":"2025-10-10"},{"date":"2025-10-10"}],"house":{"chamberCode":"dail","chamberType":"house","houseCode":"dail","houseNo":"34","showAs":"34th D\u00e1il","uri":"https:\/\/data.oireachtas.ie\/ie\/oireachtas\/house\/dail\/34"},"progressStage":1,"showAs":"First Stage","stageCompleted":true,"stageOutcome":null,"stageURI":"https:\/\/data.oireachtas.ie\/ie\/oireachtas\/def\/bill-stage\/1","uri":"https:\/\/data.oireachtas.ie\/ie\/oireachtas\/bill\/2025\/57\/stage\/dail\/1"}},{"event":{"chamber":{"chamberCode":"dail","showAs":"D\u00e1il \u00c9ireann","uri":"https:\/\/data.oireachtas.ie\/ie\/oireachtas\/def\/house\/dail"},"dates":[{"date":"2025-10-14"}],"house":{"chamberCode":"dail","chamberType":"house","houseCode":"dail","houseNo":"34","showAs":"34th D\u00e1il","uri":"https:\/\/data.oireachtas.ie\/ie\/oireachtas\/house\/dail\/34"},"progressStage":2,"showAs":"Second Stage","stageCompleted":true,"stageOutcome":null,"stageURI":"https:\/\/data.oireachtas.ie\/ie\/oireachtas\/def\/bill-stage\/2","uri":"https:\/\/data.oireachtas.ie\/ie\/oireachtas\/bill\/2025\/57\/stage\/dail\/2"}},{"event":{"chamber":{"chamberCode":"dail","showAs":"D\u00e1il \u00c9ireann","uri":"https:\/\/data.oireachtas.ie\/ie\/oireachtas\/def\/house\/dail"},"dates":[{"date":"2025-10-14"}],"house":{"chamberCode":"dail","chamberType":"house","houseCode":"dail","houseNo":"34","showAs":"34th D\u00e1il","uri":"https:\/\/data.oireachtas.ie\/ie\/oireachtas\/house\/dail\/34"},"progressStage":3,"showAs":"Committee Stage","stageCompleted":true,"stageOutcome":null,"stageURI":"https:\/\/data.oireachtas.ie\/ie\/oireachtas\/def\/bill-stage\/3","uri":"https:\/\/data.oireachtas.ie\/ie\/oireachtas\/bill\/2025\/57\/stage\/dail\/3"}},{"event":{"chamber":{"chamberCode":"dail","showAs":"D\u00e1il \u00c9ireann","uri":"https:\/\/data.oireachtas.ie\/ie\/oireachtas\/def\/house\/dail"},"dates":[{"date":"2025-10-15"}],"house":{"chamberCode":"dail","chamberType":"house","houseCode":"dail","houseNo":"34","showAs":"34th D\u00e1il","uri":"https:\/\/data.oireachtas.ie\/ie\/oireachtas\/house\/dail\/34"},"progressStage":4,"showAs":"Report Stage","stageCompleted":true,"stageOutcome":null,"stageURI":"https:\/\/data.oireachtas.ie\/ie\/oireachtas\/def\/bill-stage\/4","uri":"https:\/\/data.oireachtas.ie\/ie\/oireachtas\/bill\/2025\/57\/stage\/dail\/4"}},{"event":{"chamber":{"chamberCode":"dail","showAs":"D\u00e1il \u00c9ireann","uri":"https:\/\/data.oireachtas.ie\/ie\/oireachtas\/def\/house\/dail"},"dates":[{"date":"2025-10-15"}],"house":{"chamberCode":"dail","chamberType":"house","houseCode":"dail","houseNo":"34","showAs":"34th D\u00e1il","uri":"https:\/\/data.oireachtas.ie\/ie\/oireachtas\/house\/dail\/34"},"progressStage":5,"showAs":"Fifth Stage","stageCompleted":true,"stageOutcome":null,"stageURI":"https:\/\/data.oireachtas.ie\/ie\/oireachtas\/def\/bill-stage\/5","uri":"https:\/\/data.oireachtas.ie\/ie\/oireachtas\/bill\/2025\/57\/stage\/dail\/5"}},{"event":{"chamber":{"chamberCode":"seanad","showAs":"Seanad \u00c9ireann","uri":"https:\/\/data.oireachtas.ie\/ie\/oireachtas\/def\/house\/seanad"},"dates":[{"date":"2025-10-15"}],"house":{"chamberCode":"seanad","chamberType":"house","houseCode":"seanad","houseNo":"27","showAs":"27th Seanad","uri":"https:\/\/data.oireachtas.ie\/ie\/oireachtas\/house\/seanad\/27"},"progressStage":6,"showAs":"Second Stage","stageCompleted":true,"stageOutcome":null,"stageURI":"https:\/\/data.oireachtas.ie\/ie\/oireachtas\/def\/bill-stage\/2","uri":"https:\/\/data.oireachtas.ie\/ie\/oireachtas\/bill\/2025\/57\/stage\/seanad\/2"}},{"event":{"chamber":{"chamberCode":"seanad","showAs":"Seanad \u00c9ireann","uri":"https:\/\/data.oireachtas.ie\/ie\/oireachtas\/def\/house\/seanad"},"dates":[{"date":"2025-10-22"}],"house":{"chamberCode":"seanad","chamberType":"house","houseCode":"seanad","houseNo":"27","showAs":"27th Seanad","uri":"https:\/\/data.oireachtas.ie\/ie\/oireachtas\/house\/seanad\/27"},"progressStage":7,"showAs":"Committee Stage","stageCompleted":true,"stageOutcome":null,"stageURI":"https:\/\/data.oireachtas.ie\/ie\/oireachtas\/def\/bill-stage\/3","uri":"https:\/\/data.oireachtas.ie\/ie\/oireachtas\/bill\/2025\/57\/stage\/seanad\/3"}},{"event":{"chamber":{"chamberCode":"seanad","showAs":"Seanad \u00c9ireann","uri":"https:\/\/data.oireachtas.ie\/ie\/oireachtas\/def\/house\/seanad"},"dates":[{"date":"2025-10-22"}],"house":{"chamberCode":"seanad","chamberType":"house","houseCode":"seanad","houseNo":"27","showAs":"27th Seanad","uri":"https:\/\/data.oireachtas.ie\/ie\/oireachtas\/house\/seanad\/27"},"progressStage":8,"showAs":"Report Stage","stageCompleted":true,"stageOutcome":null,"stageURI":"https:\/\/data.oireachtas.ie\/ie\/oireachtas\/def\/bill-stage\/4","uri":"https:\/\/data.oireachtas.ie\/ie\/oireachtas\/bill\/2025\/57\/stage\/seanad\/4"}},{"event":{"chamber":{"chamberCode":"seanad","showAs":"Seanad \u00c9ireann","uri":"https:\/\/data.oireachtas.ie\/ie\/oireachtas\/def\/house\/seanad"},"dates":[{"date":"2025-10-22"}],"house":{"chamberCode":"seanad","chamberType":"house","houseCode":"seanad","houseNo":"27","showAs":"27th Seanad","uri":"https:\/\/data.oireachtas.ie\/ie\/oireachtas\/house\/seanad\/27"},"progressStage":9,"showAs":"Fifth Stage","stageCompleted":true,"stageOutcome":null,"stageURI":"https:\/\/data.oireachtas.ie\/ie\/oireachtas\/def\/bill-stage\/5","uri":"https:\/\/data.oireachtas.ie\/ie\/oireachtas\/bill\/2025\/57\/stage\/seanad\/5"}},{"event":{"chamber":null,"dates":[{"date":"2025-10-28"}],"house":null,"progressStage":10,"showAs":"Enacted","stageCompleted":true,"stageOutcome":"Enacted","stageURI":"https:\/\/data.oireachtas.ie\/ie\/oireachtas\/def\/bill-stage\/enacted","uri":"https:\/\/data.oireachtas.ie\/ie\/oireachtas\/bill\/2025\/57\/stage\/oireachtas\/enacted"}}],"status":"Enacted","statusURI":"https:\/\/data.oireachtas.ie\/ie\/oireachtas\/def\/bill-status\/enacted","uri":"https:\/\/data.oireachtas.ie\/ie\/oireachtas\/bill\/2025\/57","versions":[{"version":{"date":"2025-10-28","docType":"act","formats":{"pdf":{"uri":"https:\/\/data.oireachtas.ie\/ie\/oireachtas\/act\/2025\/11\/eng\/enacted\/a1125.pdf"},"xml":null},"lang":"eng","showAs":"Housing Finance Agency (Amendment) Act 2025","uri":"https:\/\/data.oireachtas.ie\/ie\/oireachtas\/act\/2025\/11\/eng\/enacted"}},{"version":{"date":"2025-10-10","docType":"bill","formats":{"pdf":{"uri":"https:\/\/data.oireachtas.ie\/ie\/oireachtas\/bill\/2025\/57\/eng\/initiated\/b5725d.pdf"},"xml":null},"lang":"eng","showAs":"As Initiated","uri":"https:\/\/data.oireachtas.ie\/ie\/oireachtas\/bill\/2025\/57\/eng\/initiated"}}]},"billSort":{"actNoSort":11,"actShortTitleEnSort":"housing-finance-agency-amendment-act-2025","actShortTitleGaSort":"an-tacht-um-ghniomhaireacht-airgeadais-do-thithe-leasu-2025","actYearSort":2025,"billNoSort":57,"billShortTitleEnSort":"housing-finance-agency-amendment-bill-2025","billShortTitleGaSort":"an-bille-um-ghniomhaireacht-airgeadais-do-thithe-leasu-2025","billYearSort":2025},"contextDate":"2025-10-28"},{"bill":{"act":null,"amendmentLists":[],"billNo":"56","billType":"Public","billTypeURI":"https:\/\/data.oireachtas.ie\/ie\/oireachtas\/def\/bill-type\/public","billYear":"2025","debates":[{"chamber":{"showAs":"D\u00e1il \u00c9ireann","uri":"https:\/\/data.oireachtas.ie\/ie\/oireachtas\/def\/house\/dail"},"date":"2026-06-10","debateSectionId":"dbsect_40","showAs":"Public Health (Alcohol) (Amendment) Bill 2025: Second Stage (Resumed) [Private Members]","uri":"https:\/\/data.oireachtas.ie\/akn\/ie\/debateRecord\/dail\/2026-06-10\/debate\/main"},{"chamber":{"showAs":"D\u00e1il \u00c9ireann","uri":"https:\/\/data.oireachtas.ie\/ie\/oireachtas\/def\/house\/dail"},"date":"2026-05-28","debateSectionId":"dbsect_45","showAs":"Public Health (Alcohol) (Amendment) Bill 2025: Second Stage [Private Members]","uri":"https:\/\/data.oireachtas.ie\/akn\/ie\/debateRecord\/dail\/2026-05-28\/debate\/main"},{"chamber":{"showAs":"D\u00e1il \u00c9ireann","uri":"https:\/\/data.oireachtas.ie\/ie\/oireachtas\/def\/house\/dail"},"date":"2025-09-25","debateSectionId":"dbsect_37","showAs":"Public Health (Alcohol) (Amendment) Bill 2025: First Stage","uri":"https:\/\/data.oireachtas.ie\/akn\/ie\/debateRecord\/dail\/2025-09-25\/debate\/main"}],"events":[{"event":{"chamber":{"chamberCode":"dail","showAs":"D\u00e1il \u00c9ireann","uri":"https:\/\/data.oireachtas.ie\/ie\/oireachtas\/def\/house\/dail"},"dates":[{"date":"2025-06-23"},{"date":"2025-07-08"},{"date":"2025-09-25"},{"date":"2026-06-10"}],"eventURI":"https:\/\/data.oireachtas.ie\/ie\/oireachtas\/def\/bill-event\/admissibility-for-introduction","showAs":"Admissibility for Introduction","uri":"https:\/\/data.oireachtas.ie\/ie\/oireachtas\/bill\/2025\/56\/admissibility-for-introduction"}}],"lastUpdated":"2026-06-11T15:21:01.480000+00:00","longTitleEn":"<p>Bill entitled an Act to amend the Public Health (Alcohol) Act 2018 by restricting the advertising of alcohol-free and low-alcohol products bearing any statement of any trade description or designation, or a display or other publication of a trademark, emblem, marketing image or logo, of an alcohol product with the aim or direct or indirect effect of promoting an alcohol product.<\/p>","longTitleGa":"<p>Bille d\u00e1 ngairtear Acht do leas\u00fa an Achta Sl\u00e1inte Poibl\u00ed (Alc\u00f3l), 2018 tr\u00ed shrian a chur le f\u00f3gairt t\u00e1irg\u00ed gan alc\u00f3l agus ar bheag\u00e1n alc\u00f3il ar a bhfuil aon r\u00e1iteas ar aon tuairisc n\u00f3 sainainmni\u00fa tr\u00e1d\u00e1la de chuid t\u00e1irge alc\u00f3il, n\u00f3 ar a bhfuil tr\u00e1dmharc, feathal, \u00edomh\u00e1 mharga\u00edochta n\u00f3 l\u00f3g\u00f3 de chuid t\u00e1irge alc\u00f3il ar taispe\u00e1int n\u00f3 foilsithe<span style=\"color:red;\">\u00a0<\/span>ar shl\u00ed eile, is f\u00f3gairt arb \u00e9 an cusp\u00f3ir n\u00f3 an \u00e9ifeacht dh\u00edreach n\u00f3 neamhdh\u00edreach at\u00e1 l\u00e9i t\u00e1irge alc\u00f3il a chur chun cinn.<\/p>","method":"Introduced","methodURI":"https:\/\/data.oireachtas.ie\/ie\/oireachtas\/def\/bill-method\/introduced","mostRecentStage":{"event":{"chamber":{"chamberCode":"dail","showAs":"D\u00e1il \u00c9ireann","uri":"https:\/\/data.oireachtas.ie\/ie\/oireachtas\/def\/house\/dail"},"dates":[{"date":"2025-06-23"},{"date":"2025-07-08"},{"date":"2025-09-25"},{"date":"2025-09-25"}],"house":{"chamberCode":"dail","chamberType":"house","houseCode":"dail","houseNo":"34","showAs":"34th D\u00e1il","uri":"https:\/\/data.oireachtas.ie\/ie\/oireachtas\/house\/dail\/34"},"progressStage":1,"showAs":"First Stage","stageCompleted":true,"stageOutcome":null,"stageURI":"https:\/\/data.oireachtas.ie\/ie\/oireachtas\/def\/bill-stage\/1","uri":"https:\/\/data.oireachtas.ie\/ie\/oireachtas\/bill\/2025\/56\/stage\/dail\/1"}},"originHouse":{"showAs":"D\u00e1il \u00c9ireann","uri":"https:\/\/data.oireachtas.ie\/ie\/oireachtas\/def\/house\/dail"},"originHouseURI":"https:\/\/data.oireachtas.ie\/ie\/oireachtas\/def\/house\/dail","relatedDocs":[{"relatedDoc":{"date":"2025-09-25","docType":"memo","formats":{"pdf":{"uri":"https:\/\/data.oireachtas.ie\/ie\/oireachtas\/bill\/2025\/56\/eng\/memo\/b5625d-memo.pdf"},"xml":null},"lang":"eng","showAs":"Explanatory Memorandum","uri":"https:\/\/data.oireachtas.ie\/ie\/oireachtas\/bill\/2025\/56\/eng\/memo"}}],"shortTitleEn":"Public Health (Alcohol) (Amendment) Bill 2025 ","shortTitleGa":"An Bille Sl\u00e1inte Poibl\u00ed (Alc\u00f3l) (Leas\u00fa), 2025","source":"Private Member","sourceURI":"https:\/\/data.oireachtas.ie\/ie\/oireachtas\/def\/bill-source\/private-member","sponsors":[{"sponsor":{"isPrimary":true,"as":{"showAs":null,"uri":null},"by":{"showAs":"P\u00e1draig Rice","uri":"https:\/\/data.oireachtas.ie\/ie\/oireachtas\/member\/id\/P\u00e1draig-Rice.D.2024-11-29"}}}],"stages":[{"event":{"chamber":{"chamberCode":"dail","showAs":"D\u00e1il \u00c9ireann","uri":"https:\/\/data.oireachtas.ie\/ie\/oireachtas\/def\/house\/dail"},"dates":[{"date":"2025-06-23"},{"date":"2025-07-08"},{"date":"2025-09-25"},{"date":"2025-09-25"}],"house":{"chamberCode":"dail","chamberType":"house","houseCode":"dail","houseNo":"34","showAs":"34th D\u00e1il","uri":"https:\/\/data.oireachtas.ie\/ie\/oireachtas\/house\/dail\/34"},"progressStage":1,"showAs":"First Stage","stageCompleted":true,"stageOutcome":null,"stageURI":"https:\/\/data.oireachtas.ie\/ie\/oireachtas\/def\/bill-stage\/1","uri":"https:\/\/data.oireachtas.ie\/ie\/oireachtas\/bill\/2025\/56\/stage\/dail\/1"}}],"status":"Defeated","statusURI":"https:\/\/data.oireachtas.ie\/ie\/oireachtas\/def\/bill-status\/defeated","uri":"https:\/\/data.oireachtas.ie\/ie\/oireachtas\/bill\/2025\/56","versions":[{"version":{"lang":"eng","docType":"bill","showAs":"As Initiated","date":"2025-09-25","formats":{"pdf":{"uri":"https:\/\/data.oireachtas.ie\/ie\/oireachtas\/bill\/2025\/56\/eng\/initiated\/b5625d.pdf"},"xml":null},"uri":"https:\/\/data.oireachtas.ie\/ie\/oireachtas\/bill\/2025\/56\/eng\/initiated"}}]},"contextDate":"2025-09-25","billSort":{"actNoSort":null,"actShortTitleEnSort":null,"actShortTitleGaSort":null,"actYearSort":null,"billNoSort":56,"billShortTitleEnSort":"public-health-alcohol-amendment-bill-2025","billShortTitleGaSort":"an-bille-slainte-poibli-alcol-leasu-2025","billYearSort":2025}},{"bill":{"act":null,"amendmentLists":[],"billNo":"55","billType":"Public","billTypeURI":"https:\/\/data.oireachtas.ie\/ie\/oireachtas\/def\/bill-type\/public","billYear":"2025","debates":[{"chamber":{"showAs":"D\u00e1il \u00c9ireann","uri":"https:\/\/data.oireachtas.ie\/ie\/oireachtas\/def\/house\/dail"},"date":"2025-09-24","debateSectionId":"dbsect_12","showAs":"Criminal Justice (Trespass on Land) Bill 2025: First Stage","uri":"https:\/\/data.oireachtas.ie\/akn\/ie\/debateRecord\/dail\/2025-09-24\/debate\/main"}],"events":[{"event":{"chamber":{"chamberCode":"dail","showAs":"D\u00e1il \u00c9ireann","uri":"https:\/\/data.oireachtas.ie\/ie\/oireachtas\/def\/house\/dail"},"dates":[{"date":"2025-07-31"},{"date":"2025-07-31"},{"date":"2025-09-24"}],"eventURI":"https:\/\/data.oireachtas.ie\/ie\/oireachtas\/def\/bill-event\/approved-for-initiation","showAs":"Approved for Initiation","uri":"https:\/\/data.oireachtas.ie\/ie\/oireachtas\/bill\/2025\/55\/approved-for-initiation"}}],"lastUpdated":"2025-09-25T09:16:47.550000+00:00","longTitleEn":"<p>Bill entitled an Act to amend the Criminal Justice (Public Order) Act 1994 and to provide for related matters.\u00a0<\/p>","longTitleGa":"<p>Bille d\u00e1 ngairtear Acht do leas\u00fa an Achta um Cheartas Coiri\u00fail (Ord Poibl\u00ed), 1994 agus do dh\u00e9anamh socr\u00fa i dtaobh nithe gaolmhara.<\/p>","method":"Introduced","methodURI":"https:\/\/data.oireachtas.ie\/ie\/oireachtas\/def\/bill-method\/introduced","mostRecentStage":{"event":{"chamber":{"chamberCode":"dail","showAs":"D\u00e1il \u00c9ireann","uri":"https:\/\/data.oireachtas.ie\/ie\/oireachtas\/def\/house\/dail"},"dates":[{"date":"2025-07-31"},{"date":"2025-07-31"},{"date":"2025-09-24"},{"date":"2025-09-24"}],"house":{"chamberCode":"dail","chamberType":"house","houseCode":"dail","houseNo":"34","showAs":"34th D\u00e1il","uri":"https:\/\/data.oireachtas.ie\/ie\/oireachtas\/house\/dail\/34"},"progressStage":1,"showAs":"First Stage","stageCompleted":true,"stageOutcome":null,"stageURI":"https:\/\/data.oireachtas.ie\/ie\/oireachtas\/def\/bill-stage\/1","uri":"https:\/\/data.oireachtas.ie\/ie\/oireachtas\/bill\/2025\/55\/stage\/dail\/1"}},"originHouse":{"showAs":"D\u00e1il \u00c9ireann","uri":"https:\/\/data.oireachtas.ie\/ie\/oireachtas\/def\/house\/dail"},"originHouseURI":"https:\/\/data.oireachtas.ie\/ie\/oireachtas\/def\/house\/dail","relatedDocs":[{"relatedDoc":{"date":"2025-09-24","docType":"memo","formats":{"pdf":{"uri":"https:\/\/data.oireachtas.ie\/ie\/oireachtas\/bill\/2025\/55\/eng\/memo\/b5525d-memo.pdf"},"xml":null},"lang":"eng","showAs":"Explanatory Memorandum","uri":"https:\/\/data.oireachtas.ie\/ie\/oireachtas\/bill\/2025\/55\/eng\/memo"}}],"shortTitleEn":"Criminal Justice (Trespass on Land) Bill 2025","shortTitleGa":"An Bille um Cheartas Coiri\u00fail (Foghail ar Thalamh), 2025","source":"Private Member","sourceURI":"https:\/\/data.oireachtas.ie\/ie\/oireachtas\/def\/bill-source\/private-member","sponsors":[{"sponsor":{"as":{"showAs":null,"uri":null},"by":{"showAs":"Carol Nolan","uri":"https:\/\/data.oireachtas.ie\/ie\/oireachtas\/member\/id\/Carol-Nolan.D.2016-10-03"},"isPrimary":true}}],"stages":[{"event":{"chamber":{"chamberCode":"dail","showAs":"D\u00e1il \u00c9ireann","uri":"https:\/\/data.oireachtas.ie\/ie\/oireachtas\/def\/house\/dail"},"dates":[{"date":"2025-07-31"},{"date":"2025-07-31"},{"date":"2025-09-24"},{"date":"2025-09-24"}],"house":{"chamberCode":"dail","chamberType":"house","houseCode":"dail","houseNo":"34","showAs":"34th D\u00e1il","uri":"https:\/\/data.oireachtas.ie\/ie\/oireachtas\/house\/dail\/34"},"progressStage":1,"showAs":"First Stage","stageCompleted":true,"stageOutcome":null,"stageURI":"https:\/\/data.oireachtas.ie\/ie\/oireachtas\/def\/bill-stage\/1","uri":"https:\/\/data.oireachtas.ie\/ie\/oireachtas\/bill\/2025\/55\/stage\/dail\/1"}}],"status":"Current","statusURI":"https:\/\/data.oireachtas.ie\/ie\/oireachtas\/def\/bill-status\/published","uri":"https:\/\/data.oireachtas.ie\/ie\/oireachtas\/bill\/2025\/55","versions":[{"version":{"date":"2025-09-24","docType":"bill","formats":{"pdf":{"uri":"https:\/\/data.oireachtas.ie\/ie\/oireachtas\/bill\/2025\/55\/eng\/initiated\/b5525d.pdf"},"xml":null},"lang":"eng","showAs":"As Initiated","uri":"https:\/\/data.oireachtas.ie\/ie\/oireachtas\/bill\/2025\/55\/eng\/initiated"}}]},"billSort":{"actNoSort":null,"actShortTitleEnSort":null,"actShortTitleGaSort":null,"actYearSort":null,"billNoSort":55,"billShortTitleEnSort":"criminal-justice-trespass-on-land-bill-2025","billShortTitleGaSort":"an-bille-um-cheartas-coiriuil-foghail-ar-thalamh-2025","billYearSort":2025},"contextDate":"2025-09-24"},{"bill":{"act":null,"amendmentLists":[],"billNo":"54","billType":"Public","billTypeURI":"https:\/\/data.oireachtas.ie\/ie\/oireachtas\/def\/bill-type\/public","billYear":"2025","debates":[{"chamber":{"showAs":"Seanad \u00c9ireann","uri":"https:\/\/data.oireachtas.ie\/ie\/oireachtas\/def\/house\/seanad"},"date":"2025-12-17","debateSectionId":"dbsect_16","showAs":"Education (Leave for Injuries) Bill 2025: First Stage","uri":"https:\/\/data.oireachtas.ie\/akn\/ie\/debateRecord\/seanad\/2025-12-17\/debate\/main"},{"chamber":{"showAs":"D\u00e1il \u00c9ireann","uri":"https:\/\/data.oireachtas.ie\/ie\/oireachtas\/def\/house\/dail"},"date":"2025-11-04","debateSectionId":"dbsect_9","showAs":"Education (Affordable School Uniforms) Bill 2025: Second Stage [Private Members]","uri":"https:\/\/data.oireachtas.ie\/akn\/ie\/debateRecord\/dail\/2025-11-04\/debate\/main"},{"chamber":{"showAs":"D\u00e1il \u00c9ireann","uri":"https:\/\/data.oireachtas.ie\/ie\/oireachtas\/def\/house\/dail"},"date":"2025-09-23","debateSectionId":"dbsect_8","showAs":"Education (Affordable School Uniforms) Bill 2025: First Stage","uri":"https:\/\/data.oireachtas.ie\/akn\/ie\/debateRecord\/dail\/2025-09-23\/debate\/main"}],"events":[{"event":{"chamber":{"chamberCode":"dail","showAs":"D\u00e1il \u00c9ireann","uri":"https:\/\/data.oireachtas.ie\/ie\/oireachtas\/def\/house\/dail"},"dates":[{"date":"2025-09-16"},{"date":"2025-09-16"},{"date":"2025-09-23"},{"date":"2025-11-05"}],"eventURI":"https:\/\/data.oireachtas.ie\/ie\/oireachtas\/def\/bill-event\/admissibility-for-introduction","showAs":"Admissibility for Introduction","uri":"https:\/\/data.oireachtas.ie\/ie\/oireachtas\/bill\/2025\/54\/admissibility-for-introduction"}}],"lastUpdated":"2025-11-06T15:16:01.940000+00:00","longTitleEn":"<p>Bill entitled an Act to make provision whereby the Minister for Education\u00a0shall make regulations governing the implementation of an affordable school uniform policy in schools; and for this purpose, to amend the Education Act 1998.<\/p>","longTitleGa":"<p>Bille d\u00e1 ngairtear Acht do dh\u00e9anamh socr\u00fa tr\u00edna nd\u00e9anfaidh an tAire Oideachais rialach\u00e1in lena rial\u00f3far cur i ngn\u00edomh beartais \u00e9id\u00ed scoile inacmhainne i scoileanna; agus, chun na cr\u00edche sin, do leas\u00fa an Achta Oideachais, 1998.<\/p>","method":"Introduced","methodURI":"https:\/\/data.oireachtas.ie\/ie\/oireachtas\/def\/bill-method\/introduced","mostRecentStage":{"event":{"chamber":{"chamberCode":"dail","showAs":"D\u00e1il \u00c9ireann","uri":"https:\/\/data.oireachtas.ie\/ie\/oireachtas\/def\/house\/dail"},"dates":[{"date":"2025-09-16"},{"date":"2025-09-16"},{"date":"2025-09-23"},{"date":"2025-09-23"}],"house":{"chamberCode":"dail","chamberType":"house","houseCode":"dail","houseNo":"34","showAs":"34th D\u00e1il","uri":"https:\/\/data.oireachtas.ie\/ie\/oireachtas\/house\/dail\/34"},"progressStage":1,"showAs":"First Stage","stageCompleted":true,"stageOutcome":null,"stageURI":"https:\/\/data.oireachtas.ie\/ie\/oireachtas\/def\/bill-stage\/1","uri":"https:\/\/data.oireachtas.ie\/ie\/oireachtas\/bill\/2025\/54\/stage\/dail\/1"}},"originHouse":{"showAs":"D\u00e1il \u00c9ireann","uri":"https:\/\/data.oireachtas.ie\/ie\/oireachtas\/def\/house\/dail"},"originHouseURI":"https:\/\/data.oireachtas.ie\/ie\/oireachtas\/def\/house\/dail","relatedDocs":[{"relatedDoc":{"date":"2025-09-23","docType":"memo","formats":{"pdf":{"uri":"https:\/\/data.oireachtas.ie\/ie\/oireachtas\/bill\/2025\/54\/eng\/memo\/b5425d-memo.pdf"},"xml":null},"lang":"eng","showAs":"Explanatory Memorandum","uri":"https:\/\/data.oireachtas.ie\/ie\/oireachtas\/bill\/2025\/54\/eng\/memo"}}],"shortTitleEn":"Education (Affordable School Uniforms) Bill 2025","shortTitleGa":"An Bille Oideachais (\u00c9id\u00ed Scoile Inacmhainne), 2025","source":"Private Member","sourceURI":"https:\/\/data.oireachtas.ie\/ie\/oireachtas\/def\/bill-source\/private-member","sponsors":[{"sponsor":{"isPrimary":true,"as":{"showAs":null,"uri":null},"by":{"showAs":"Darren O'Rourke","uri":"https:\/\/data.oireachtas.ie\/ie\/oireachtas\/member\/id\/Darren-O'Rourke.D.2020-02-08"}}},{"sponsor":{"isPrimary":false,"as":{"showAs":null,"uri":null},"by":{"showAs":"Sorca Clarke","uri":"https:\/\/data.oireachtas.ie\/ie\/oireachtas\/member\/id\/Sorca-Clarke.D.2020-02-08"}}},{"sponsor":{"isPrimary":false,"as":{"showAs":null,"uri":null},"by":{"showAs":"Donnchadh \u00d3 Laoghaire","uri":"https:\/\/data.oireachtas.ie\/ie\/oireachtas\/member\/id\/Donnchadh-\u00d3-Laoghaire.D.2016-10-03"}}}],"stages":[{"event":{"chamber":{"chamberCode":"dail","showAs":"D\u00e1il \u00c9ireann","uri":"https:\/\/data.oireachtas.ie\/ie\/oireachtas\/def\/house\/dail"},"dates":[{"date":"2025-09-16"},{"date":"2025-09-16"},{"date":"2025-09-23"},{"date":"2025-09-23"}],"house":{"chamberCode":"dail","chamberType":"house","houseCode":"dail","houseNo":"34","showAs":"34th D\u00e1il","uri":"https:\/\/data.oireachtas.ie\/ie\/oireachtas\/house\/dail\/34"},"progressStage":1,"showAs":"First Stage","stageCompleted":true,"stageOutcome":null,"stageURI":"https:\/\/data.oireachtas.ie\/ie\/oireachtas\/def\/bill-stage\/1","uri":"https:\/\/data.oireachtas.ie\/ie\/oireachtas\/bill\/2025\/54\/stage\/dail\/1"}}],"status":"Defeated","statusURI":"https:\/\/data.oireachtas.ie\/ie\/oireachtas\/def\/bill-status\/defeated","uri":"https:\/\/data.oireachtas.ie\/ie\/oireachtas\/bill\/2025\/54","versions":[{"version":{"lang":"eng","docType":"bill","showAs":"As Initiated","date":"2025-09-23","formats":{"pdf":{"uri":"https:\/\/data.oireachtas.ie\/ie\/oireachtas\/bill\/2025\/54\/eng\/initiated\/b5425d.pdf"},"xml":null},"uri":"https:\/\/data.oireachtas.ie\/ie\/oireachtas\/bill\/2025\/54\/eng\/initiated"}}]},"contextDate":"2025-09-23","billSort":{"actNoSort":null,"actShortTitleEnSort":null,"actShortTitleGaSort":null,"actYearSort":null,"billNoSort":54,"billShortTitleEnSort":"education-affordable-school-uniforms-bill-2025","billShortTitleGaSort":"an-bille-oideachais-eidi-scoile-inacmhainne-2025","billYearSort":2025}},{"bill":{"act":{"actNo":"5","actYear":"2026","dateSigned":"2026-03-12","longTitleEn":"<p>An Act to provide for the making of applications for licences, or applications for reviews of licences, &nbsp;under Part IV of the Environmental Protection Agency Act 1992 or under Part V of the Waste Management Act 1996 in certain emergency circumstances; to give effect to Articles 1(3) and 2(4) of Directive 2011\/92\/EU of the European Parliament and of the Council of 13 December 2011 on the assessment of the effects of certain public and private projects on the environment, as amended by Directive 2014\/52\/EU of the European Parliament and of the Council of 16 April 2014, in relation to applications for, or applications for reviews of, such licences; to make provision in relation to periods for decision-making relating to certain applications for, and reviews of, such licences; to enable the Environmental Protection Agency to carry out reviews of parts of licences under Part IV of the Environmental Protection Agency Act 1992 or under Part V of the Waste Management Act 1996 in certain circumstances; to make provision in relation to the appointment of the Director General and directors of the Environmental Protection Agency; to make provision in relation to powers of the High Court or Circuit Court in relation to activities in contravention of the Environmental Protection Agency Act 1992; for those and other purposes to amend the Environmental Protection Agency Act 1992 and the Waste Management Act 1996; to make provision in relation to offences relating to litter and for that purpose to amend the Litter Pollution Act 1997; to provide for the making of guidance and criteria in relation to green public procurement; to make provision in relation to the reporting by certain public bodies on the integration of green public procurement criteria into procurement processes; for those and other purposes to amend the Circular Economy and Miscellaneous Provisions Act 2022; and to provide for related matters.<\/p>","longTitleGa":"<p>Acht do dh\u00e9anamh socr\u00fa maidir le hiarratais a dh\u00e9anamh ar chead\u00fanais, n\u00f3 maidir le hiarratais a dh\u00e9anamh ar athbhreithnithe ar chead\u00fanais, faoi Chuid IV den Acht f\u00e1n nGn\u00edomhaireacht um Chaomhn\u00fa Comhshaoil, 1992 n\u00f3 faoi Chuid V den Acht um Bainisti\u00fa Dramha\u00edola, 1996 in imthosca \u00e9igeand\u00e1la \u00e1irithe; do thabhairt \u00e9ifeacht d\u2019Airteagail 1(3) agus 2(4) de Threoir 2011\/92\/AE \u00f3 Pharlaimint na hEorpa agus \u00f3n gComhairle an 13 Nollaig 2011 maidir le meas\u00fan\u00fa a dh\u00e9anamh ar \u00e9ifeachta\u00ed tionscadal poibl\u00ed agus pr\u00edobh\u00e1ideach \u00e1irithe ar an gcomhshaol, arna leas\u00fa le Treoir 2014\/52\/AE \u00f3 Pharlaimint na hEorpa agus \u00f3n gComhairle an 16 Aibre\u00e1n 2014, i nd\u00e1il le hiarratais ar chead\u00fanais den s\u00f3rt sin n\u00f3 i nd\u00e1il le hiarratais ar athbhreithnithe ar chead\u00fanais den s\u00f3rt sin; do dh\u00e9anamh socr\u00fa i nd\u00e1il le tr\u00e9imhs\u00ed le haghaidh cinnteoireacht maidir le hiarratais \u00e1irithe ar chead\u00fanais den s\u00f3rt sin agus maidir le hathbhreithnithe \u00e1irithe ar chead\u00fanais den s\u00f3rt sin; d\u00e1 chumas\u00fa don Ghn\u00edomhaireacht um Chaomhn\u00fa Comhshaoil athbhreithnithe a dh\u00e9anamh ar chodanna de chead\u00fanais faoi Chuid IV den Acht f\u00e1n nGn\u00edomhaireacht um Chaomhn\u00fa Comhshaoil, 1992 n\u00f3 faoi Chuid V den Acht um Bainisti\u00fa Dramha\u00edola, 1996 in imthosca \u00e1irithe; do dh\u00e9anamh socr\u00fa i nd\u00e1il le hArd-Sti\u00farth\u00f3ir agus sti\u00farth\u00f3ir\u00ed na Gn\u00edomhaireachta um Chaomhn\u00fa Comhshaoil a cheapadh; do dh\u00e9anamh socr\u00fa i nd\u00e1il le cumhachta\u00ed na hArd-Ch\u00fairte n\u00f3 na C\u00fairte Cuarda i nd\u00e1il le gn\u00edomha\u00edochta\u00ed at\u00e1 de sh\u00e1r\u00fa ar an Acht f\u00e1n nGn\u00edomhaireacht um Chaomhn\u00fa Comhshaoil, 1992; chun na gcr\u00edoch sin agus chun cr\u00edoch eile, do leas\u00fa an Achta f\u00e1n nGn\u00edomhaireacht um Chaomhn\u00fa Comhshaoil, 1992 agus an Achta um Bainisti\u00fa Dramha\u00edola, 1996; do dh\u00e9anamh socr\u00fa i nd\u00e1il le cionta a bhaineann le bruscar agus, chun na cr\u00edche sin, do leas\u00fa an Achta um Thruailli\u00fa \u00f3 Bhruscar, 1997; do dh\u00e9anamh socr\u00fa maidir le treoir agus crit\u00e9ir a cheapadh i nd\u00e1il le sainfh\u00e1il phoibl\u00ed ghlas; do dh\u00e9anamh socr\u00fa i nd\u00e1il le tuairisci\u00fa ag comhlachta\u00ed poibl\u00ed \u00e1irithe maidir le crit\u00e9ir sainfh\u00e1la poibl\u00ed glaise a chomhth\u00e1th\u00fa i bpr\u00f3isis sainfh\u00e1la; chun na gcr\u00edoch sin agus chun cr\u00edoch eile, do leas\u00fa an Achta um an nGeilleagar Ciorclach agus For\u00e1lacha Ilghn\u00e9itheacha, 2022; agus do dh\u00e9anamh socr\u00fa i dtaobh nithe gaolmhara.<\/p>","shortTitleEn":"Environment (Miscellaneous Provisions) Act 2026","shortTitleGa":"An tAcht Comhshaoil (For\u00e1lacha Ilghn\u00e9itheacha), 2026","statutebookURI":"http:\/\/www.irishstatutebook.ie\/eli\/2026\/act\/5","uri":"https:\/\/data.oireachtas.ie\/ie\/oireachtas\/act\/2026\/5"},"amendmentLists":[{"amendmentList":{"amendmentTypeUri":{"uri":"https:\/\/data.oireachtas.ie\/ie\/oireachtas\/def\/amendment-type\/numberedList"},"chamber":{"showAs":"Seanad","uri":"https:\/\/data.oireachtas.ie\/ie\/oireachtas\/def\/seanad"},"date":"2026-02-24","formats":{"pdf":{"uri":"https:\/\/data.oireachtas.ie\/ie\/oireachtas\/bill\/2025\/53\/seanad\/3\/amendment\/numberedList\/eng\/b53a25d-scnl.pdf"},"xml":null},"showAs":"Numbered List [Seanad]","stage":{"showAs":"Committee Stage","uri":"https:\/\/data.oireachtas.ie\/ie\/oireachtas\/bill\/2025\/53\/seanad\/3"},"stageNo":"3"}},{"amendmentList":{"amendmentTypeUri":{"uri":"https:\/\/data.oireachtas.ie\/ie\/oireachtas\/def\/amendment-type\/numberedList"},"chamber":{"showAs":"Dail","uri":"https:\/\/data.oireachtas.ie\/ie\/oireachtas\/def\/dail"},"date":"2026-01-13","formats":{"pdf":{"uri":"https:\/\/data.oireachtas.ie\/ie\/oireachtas\/bill\/2025\/53\/dail\/4\/amendment\/numberedList\/eng\/b53a25d-drnl.pdf"},"xml":null},"showAs":"Numbered List [D\u00e1il]","stage":{"showAs":"Report Stage","uri":"https:\/\/data.oireachtas.ie\/ie\/oireachtas\/bill\/2025\/53\/dail\/4"},"stageNo":"4"}},{"amendmentList":{"amendmentTypeUri":{"uri":"https:\/\/data.oireachtas.ie\/ie\/oireachtas\/def\/amendment-type\/numberedList"},"chamber":{"showAs":"Dail","uri":"https:\/\/data.oireachtas.ie\/ie\/oireachtas\/def\/dail"},"date":"2025-12-02","formats":{"pdf":{"uri":"https:\/\/data.oireachtas.ie\/ie\/oireachtas\/bill\/2025\/53\/dail\/3\/amendment\/numberedList\/eng\/b5325d-dcnl.pdf"},"xml":null},"showAs":"Numbered List [D\u00e1il]","stage":{"showAs":"Committee Stage","uri":"https:\/\/data.oireachtas.ie\/ie\/oireachtas\/bill\/2025\/53\/dail\/3"},"stageNo":"3"}}],"billNo":"53","billType":"Public","billTypeURI":"https:\/\/data.oireachtas.ie\/ie\/oireachtas\/def\/bill-type\/public","billYear":"2025","debates":[{"chamber":{"showAs":"Seanad \u00c9ireann","uri":"https:\/\/data.oireachtas.ie\/ie\/oireachtas\/def\/house\/seanad"},"date":"2026-03-04","debateSectionId":"dbsect_11","showAs":"Environment (Miscellaneous Provisions) Bill 2025: Report and Final Stages","uri":"https:\/\/data.oireachtas.ie\/akn\/ie\/debateRecord\/seanad\/2026-03-04\/debate\/main"},{"chamber":{"showAs":"Seanad \u00c9ireann","uri":"https:\/\/data.oireachtas.ie\/ie\/oireachtas\/def\/house\/seanad"},"date":"2026-02-25","debateSectionId":"dbsect_14","showAs":"Environment (Miscellaneous Provisions) Bill 2025: Committee Stage","uri":"https:\/\/data.oireachtas.ie\/akn\/ie\/debateRecord\/seanad\/2026-02-25\/debate\/main"},{"chamber":{"showAs":"Seanad \u00c9ireann","uri":"https:\/\/data.oireachtas.ie\/ie\/oireachtas\/def\/house\/seanad"},"date":"2026-02-17","debateSectionId":"dbsect_10","showAs":"Environment (Miscellaneous Provisions) Bill 2025: Second Stage","uri":"https:\/\/data.oireachtas.ie\/akn\/ie\/debateRecord\/seanad\/2026-02-17\/debate\/main"},{"chamber":{"showAs":"D\u00e1il \u00c9ireann","uri":"https:\/\/data.oireachtas.ie\/ie\/oireachtas\/def\/house\/dail"},"date":"2026-01-14","debateSectionId":"dbsect_16","showAs":"Environment (Miscellaneous Provisions) Bill 2025: Report and Final Stages","uri":"https:\/\/data.oireachtas.ie\/akn\/ie\/debateRecord\/dail\/2026-01-14\/debate\/main"},{"chamber":{"showAs":"Select Committee on Climate, Environment and Energy","uri":"https:\/\/data.oireachtas.ie\/ie\/oireachtas\/def\/committee"},"date":"2025-12-03","debateSectionId":"dbsect_2","showAs":"Environment (Miscellaneous Provisions) Bill 2025: Committee Stage","uri":"https:\/\/data.oireachtas.ie\/akn\/ie\/debateRecord\/select_committee_on_climate_environment_and_energy\/2025-12-03\/debate\/main"},{"chamber":{"showAs":"D\u00e1il \u00c9ireann","uri":"https:\/\/data.oireachtas.ie\/ie\/oireachtas\/def\/house\/dail"},"date":"2025-09-30","debateSectionId":"dbsect_17","showAs":"Environment (Miscellaneous Provisions) Bill 2025: Second Stage","uri":"https:\/\/data.oireachtas.ie\/akn\/ie\/debateRecord\/dail\/2025-09-30\/debate\/main"},{"chamber":{"showAs":"D\u00e1il \u00c9ireann","uri":"https:\/\/data.oireachtas.ie\/ie\/oireachtas\/def\/house\/dail"},"date":"2025-09-30","debateSectionId":"dbsect_18","showAs":"Environment (Miscellaneous Provisions) Bill 2025: Referral to Select Committee","uri":"https:\/\/data.oireachtas.ie\/akn\/ie\/debateRecord\/dail\/2025-09-30\/debate\/main"}],"events":[{"event":{"chamber":{"chamberCode":"dail","showAs":"D\u00e1il \u00c9ireann","uri":"https:\/\/data.oireachtas.ie\/ie\/oireachtas\/def\/house\/dail"},"dates":[{"date":"2025-08-18"},{"date":"2026-03-12"}],"eventURI":"https:\/\/data.oireachtas.ie\/ie\/oireachtas\/def\/bill-event\/published","showAs":"Published","uri":"https:\/\/data.oireachtas.ie\/ie\/oireachtas\/bill\/2025\/53\/published"}},{"event":{"chamber":null,"dates":[{"date":"2026-03-12"}],"eventURI":"https:\/\/data.oireachtas.ie\/ie\/oireachtas\/def\/bill-event\/enacted","showAs":"Enacted","uri":"https:\/\/data.oireachtas.ie\/ie\/oireachtas\/bill\/2025\/53\/enacted"}}],"lastUpdated":"2026-03-23T10:55:00.300000+00:00","longTitleEn":"<p>An Act to provide for the making of applications for licences, or applications for reviews of licences, &nbsp;under Part IV of the Environmental Protection Agency Act 1992 or under Part V of the Waste Management Act 1996 in certain emergency circumstances; to give effect to Articles 1(3) and 2(4) of Directive 2011\/92\/EU of the European Parliament and of the Council of 13 December 2011 on the assessment of the effects of certain public and private projects on the environment, as amended by Directive 2014\/52\/EU of the European Parliament and of the Council of 16 April 2014, in relation to applications for, or applications for reviews of, such licences; to make provision in relation to periods for decision-making relating to certain applications for, and reviews of, such licences; to enable the Environmental Protection Agency to carry out reviews of parts of licences under Part IV of the Environmental Protection Agency Act 1992 or under Part V of the Waste Management Act 1996 in certain circumstances; to make provision in relation to the appointment of the Director General and directors of the Environmental Protection Agency; to make provision in relation to powers of the High Court or Circuit Court in relation to activities in contravention of the Environmental Protection Agency Act 1992; for those and other purposes to amend the Environmental Protection Agency Act 1992 and the Waste Management Act 1996; to make provision in relation to offences relating to litter and for that purpose to amend the Litter Pollution Act 1997; to provide for the making of guidance and criteria in relation to green public procurement; to make provision in relation to the reporting by certain public bodies on the integration of green public procurement criteria into procurement processes; for those and other purposes to amend the Circular Economy and Miscellaneous Provisions Act 2022; and to provide for related matters.<\/p>","longTitleGa":"<p>Acht do dh\u00e9anamh socr\u00fa maidir le hiarratais a dh\u00e9anamh ar chead\u00fanais, n\u00f3 maidir le hiarratais a dh\u00e9anamh ar athbhreithnithe ar chead\u00fanais, faoi Chuid IV den Acht f\u00e1n nGn\u00edomhaireacht um Chaomhn\u00fa Comhshaoil, 1992 n\u00f3 faoi Chuid V den Acht um Bainisti\u00fa Dramha\u00edola, 1996 in imthosca \u00e9igeand\u00e1la \u00e1irithe; do thabhairt \u00e9ifeacht d\u2019Airteagail 1(3) agus 2(4) de Threoir 2011\/92\/AE \u00f3 Pharlaimint na hEorpa agus \u00f3n gComhairle an 13 Nollaig 2011 maidir le meas\u00fan\u00fa a dh\u00e9anamh ar \u00e9ifeachta\u00ed tionscadal poibl\u00ed agus pr\u00edobh\u00e1ideach \u00e1irithe ar an gcomhshaol, arna leas\u00fa le Treoir 2014\/52\/AE \u00f3 Pharlaimint na hEorpa agus \u00f3n gComhairle an 16 Aibre\u00e1n 2014, i nd\u00e1il le hiarratais ar chead\u00fanais den s\u00f3rt sin n\u00f3 i nd\u00e1il le hiarratais ar athbhreithnithe ar chead\u00fanais den s\u00f3rt sin; do dh\u00e9anamh socr\u00fa i nd\u00e1il le tr\u00e9imhs\u00ed le haghaidh cinnteoireacht maidir le hiarratais \u00e1irithe ar chead\u00fanais den s\u00f3rt sin agus maidir le hathbhreithnithe \u00e1irithe ar chead\u00fanais den s\u00f3rt sin; d\u00e1 chumas\u00fa don Ghn\u00edomhaireacht um Chaomhn\u00fa Comhshaoil athbhreithnithe a dh\u00e9anamh ar chodanna de chead\u00fanais faoi Chuid IV den Acht f\u00e1n nGn\u00edomhaireacht um Chaomhn\u00fa Comhshaoil, 1992 n\u00f3 faoi Chuid V den Acht um Bainisti\u00fa Dramha\u00edola, 1996 in imthosca \u00e1irithe; do dh\u00e9anamh socr\u00fa i nd\u00e1il le hArd-Sti\u00farth\u00f3ir agus sti\u00farth\u00f3ir\u00ed na Gn\u00edomhaireachta um Chaomhn\u00fa Comhshaoil a cheapadh; do dh\u00e9anamh socr\u00fa i nd\u00e1il le cumhachta\u00ed na hArd-Ch\u00fairte n\u00f3 na C\u00fairte Cuarda i nd\u00e1il le gn\u00edomha\u00edochta\u00ed at\u00e1 de sh\u00e1r\u00fa ar an Acht f\u00e1n nGn\u00edomhaireacht um Chaomhn\u00fa Comhshaoil, 1992; chun na gcr\u00edoch sin agus chun cr\u00edoch eile, do leas\u00fa an Achta f\u00e1n nGn\u00edomhaireacht um Chaomhn\u00fa Comhshaoil, 1992 agus an Achta um Bainisti\u00fa Dramha\u00edola, 1996; do dh\u00e9anamh socr\u00fa i nd\u00e1il le cionta a bhaineann le bruscar agus, chun na cr\u00edche sin, do leas\u00fa an Achta um Thruailli\u00fa \u00f3 Bhruscar, 1997; do dh\u00e9anamh socr\u00fa maidir le treoir agus crit\u00e9ir a cheapadh i nd\u00e1il le sainfh\u00e1il phoibl\u00ed ghlas; do dh\u00e9anamh socr\u00fa i nd\u00e1il le tuairisci\u00fa ag comhlachta\u00ed poibl\u00ed \u00e1irithe maidir le crit\u00e9ir sainfh\u00e1la poibl\u00ed glaise a chomhth\u00e1th\u00fa i bpr\u00f3isis sainfh\u00e1la; chun na gcr\u00edoch sin agus chun cr\u00edoch eile, do leas\u00fa an Achta um an nGeilleagar Ciorclach agus For\u00e1lacha Ilghn\u00e9itheacha, 2022; agus do dh\u00e9anamh socr\u00fa i dtaobh nithe gaolmhara.<\/p>","method":"Presented","methodURI":"https:\/\/data.oireachtas.ie\/ie\/oireachtas\/def\/bill-method\/presented","mostRecentStage":{"event":{"chamber":null,"dates":[{"date":"2026-03-12"}],"house":null,"progressStage":10,"showAs":"Enacted","stageCompleted":true,"stageOutcome":"Enacted","stageURI":"https:\/\/data.oireachtas.ie\/ie\/oireachtas\/def\/bill-stage\/enacted","uri":"https:\/\/data.oireachtas.ie\/ie\/oireachtas\/bill\/2025\/53\/stage\/oireachtas\/enacted"}},"originHouse":{"showAs":"D\u00e1il \u00c9ireann","uri":"https:\/\/data.oireachtas.ie\/ie\/oireachtas\/def\/house\/dail"},"originHouseURI":"https:\/\/data.oireachtas.ie\/ie\/oireachtas\/def\/house\/dail","relatedDocs":[{"relatedDoc":{"date":"2025-09-30","docType":"gluais","formats":{"pdf":{"uri":"https:\/\/data.oireachtas.ie\/ie\/oireachtas\/bill\/2025\/53\/mul\/gluais\/gluais-12-2025-an-bille-comhshaoil-foralacha-ilghneitheacha-2025.pdf"},"xml":null},"lang":"mul","showAs":"Glossary\/Gluais","uri":"https:\/\/data.oireachtas.ie\/ie\/oireachtas\/bill\/2025\/53\/mul\/gluais"}},{"relatedDoc":{"date":"2025-08-18","docType":"memo","formats":{"pdf":{"uri":"https:\/\/data.oireachtas.ie\/ie\/oireachtas\/bill\/2025\/53\/eng\/memo\/b5325d-memo.pdf"},"xml":null},"lang":"eng","showAs":"Explanatory Memorandum","uri":"https:\/\/data.oireachtas.ie\/ie\/oireachtas\/bill\/2025\/53\/eng\/memo"}}],"shortTitleEn":"Environment (Miscellaneous Provisions) Bill 2025","shortTitleGa":"An Bille Comhshaoil (For\u00e1lacha Ilghn\u00e9itheacha), 2025","source":"Government","sourceURI":"https:\/\/data.oireachtas.ie\/ie\/oireachtas\/def\/bill-source\/government","sponsors":[{"sponsor":{"as":{"showAs":"Minister for Climate, Energy and the Environment","uri":null},"by":{"showAs":null,"uri":null},"isPrimary":true}}],"stages":[{"event":{"chamber":{"chamberCode":"dail","showAs":"D\u00e1il \u00c9ireann","uri":"https:\/\/data.oireachtas.ie\/ie\/oireachtas\/def\/house\/dail"},"dates":[{"date":"2025-08-18"},{"date":"2025-08-18"}],"house":{"chamberCode":"dail","chamberType":"house","houseCode":"dail","houseNo":"34","showAs":"34th D\u00e1il","uri":"https:\/\/data.oireachtas.ie\/ie\/oireachtas\/house\/dail\/34"},"progressStage":1,"showAs":"First Stage","stageCompleted":true,"stageOutcome":null,"stageURI":"https:\/\/data.oireachtas.ie\/ie\/oireachtas\/def\/bill-stage\/1","uri":"https:\/\/data.oireachtas.ie\/ie\/oireachtas\/bill\/2025\/53\/stage\/dail\/1"}},{"event":{"chamber":{"chamberCode":"dail","showAs":"D\u00e1il \u00c9ireann","uri":"https:\/\/data.oireachtas.ie\/ie\/oireachtas\/def\/house\/dail"},"dates":[{"date":"2025-09-30"}],"house":{"chamberCode":"dail","chamberType":"house","houseCode":"dail","houseNo":"34","showAs":"34th D\u00e1il","uri":"https:\/\/data.oireachtas.ie\/ie\/oireachtas\/house\/dail\/34"},"progressStage":2,"showAs":"Second Stage","stageCompleted":true,"stageOutcome":null,"stageURI":"https:\/\/data.oireachtas.ie\/ie\/oireachtas\/def\/bill-stage\/2","uri":"https:\/\/data.oireachtas.ie\/ie\/oireachtas\/bill\/2025\/53\/stage\/dail\/2"}},{"event":{"chamber":{"chamberCode":"dail","showAs":"D\u00e1il \u00c9ireann","uri":"https:\/\/data.oireachtas.ie\/ie\/oireachtas\/def\/house\/dail"},"dates":[{"date":"2025-09-30"}],"house":{"chamberCode":"dail","chamberType":"house","houseCode":"dail","houseNo":"34","showAs":"34th D\u00e1il","uri":"https:\/\/data.oireachtas.ie\/ie\/oireachtas\/house\/dail\/34"},"progressStage":3,"showAs":"Committee Stage","stageCompleted":true,"stageOutcome":null,"stageURI":"https:\/\/data.oireachtas.ie\/ie\/oireachtas\/def\/bill-stage\/3","uri":"https:\/\/data.oireachtas.ie\/ie\/oireachtas\/bill\/2025\/53\/stage\/dail\/3"}},{"event":{"chamber":{"chamberCode":"dail","showAs":"D\u00e1il \u00c9ireann","uri":"https:\/\/data.oireachtas.ie\/ie\/oireachtas\/def\/house\/dail"},"dates":[{"date":"2025-12-03"}],"house":{"chamberCode":"dail","chamberType":"house","houseCode":"dail","houseNo":"34","showAs":"34th D\u00e1il","uri":"https:\/\/data.oireachtas.ie\/ie\/oireachtas\/house\/dail\/34"},"progressStage":4,"showAs":"Report Stage","stageCompleted":true,"stageOutcome":null,"stageURI":"https:\/\/data.oireachtas.ie\/ie\/oireachtas\/def\/bill-stage\/4","uri":"https:\/\/data.oireachtas.ie\/ie\/oireachtas\/bill\/2025\/53\/stage\/dail\/4"}},{"event":{"chamber":{"chamberCode":"dail","showAs":"D\u00e1il \u00c9ireann","uri":"https:\/\/data.oireachtas.ie\/ie\/oireachtas\/def\/house\/dail"},"dates":[{"date":"2026-01-14"}],"house":{"chamberCode":"dail","chamberType":"house","houseCode":"dail","houseNo":"34","showAs":"34th D\u00e1il","uri":"https:\/\/data.oireachtas.ie\/ie\/oireachtas\/house\/dail\/34"},"progressStage":5,"showAs":"Fifth Stage","stageCompleted":true,"stageOutcome":null,"stageURI":"https:\/\/data.oireachtas.ie\/ie\/oireachtas\/def\/bill-stage\/5","uri":"https:\/\/data.oireachtas.ie\/ie\/oireachtas\/bill\/2025\/53\/stage\/dail\/5"}},{"event":{"chamber":{"chamberCode":"seanad","showAs":"Seanad \u00c9ireann","uri":"https:\/\/data.oireachtas.ie\/ie\/oireachtas\/def\/house\/seanad"},"dates":[{"date":"2026-02-17"}],"house":{"chamberCode":"seanad","chamberType":"house","houseCode":"seanad","houseNo":"27","showAs":"27th Seanad","uri":"https:\/\/data.oireachtas.ie\/ie\/oireachtas\/house\/seanad\/27"},"progressStage":6,"showAs":"Second Stage","stageCompleted":true,"stageOutcome":null,"stageURI":"https:\/\/data.oireachtas.ie\/ie\/oireachtas\/def\/bill-stage\/2","uri":"https:\/\/data.oireachtas.ie\/ie\/oireachtas\/bill\/2025\/53\/stage\/seanad\/2"}},{"event":{"chamber":{"chamberCode":"seanad","showAs":"Seanad \u00c9ireann","uri":"https:\/\/data.oireachtas.ie\/ie\/oireachtas\/def\/house\/seanad"},"dates":[{"date":"2026-02-17"}],"house":{"chamberCode":"seanad","chamberType":"house","houseCode":"seanad","houseNo":"27","showAs":"27th Seanad","uri":"https:\/\/data.oireachtas.ie\/ie\/oireachtas\/house\/seanad\/27"},"progressStage":7,"showAs":"Committee Stage","stageCompleted":true,"stageOutcome":null,"stageURI":"https:\/\/data.oireachtas.ie\/ie\/oireachtas\/def\/bill-stage\/3","uri":"https:\/\/data.oireachtas.ie\/ie\/oireachtas\/bill\/2025\/53\/stage\/seanad\/3"}},{"event":{"chamber":{"chamberCode":"seanad","showAs":"Seanad \u00c9ireann","uri":"https:\/\/data.oireachtas.ie\/ie\/oireachtas\/def\/house\/seanad"},"dates":[{"date":"2026-03-04"}],"house":{"chamberCode":"seanad","chamberType":"house","houseCode":"seanad","houseNo":"27","showAs":"27th Seanad","uri":"https:\/\/data.oireachtas.ie\/ie\/oireachtas\/house\/seanad\/27"},"progressStage":8,"showAs":"Report Stage","stageCompleted":true,"stageOutcome":null,"stageURI":"https:\/\/data.oireachtas.ie\/ie\/oireachtas\/def\/bill-stage\/4","uri":"https:\/\/data.oireachtas.ie\/ie\/oireachtas\/bill\/2025\/53\/stage\/seanad\/4"}},{"event":{"chamber":{"chamberCode":"seanad","showAs":"Seanad \u00c9ireann","uri":"https:\/\/data.oireachtas.ie\/ie\/oireachtas\/def\/house\/seanad"},"dates":[{"date":"2026-03-04"}],"house":{"chamberCode":"seanad","chamberType":"house","houseCode":"seanad","houseNo":"27","showAs":"27th Seanad","uri":"https:\/\/data.oireachtas.ie\/ie\/oireachtas\/house\/seanad\/27"},"progressStage":9,"showAs":"Fifth Stage","stageCompleted":true,"stageOutcome":null,"stageURI":"https:\/\/data.oireachtas.ie\/ie\/oireachtas\/def\/bill-stage\/5","uri":"https:\/\/data.oireachtas.ie\/ie\/oireachtas\/bill\/2025\/53\/stage\/seanad\/5"}},{"event":{"chamber":null,"dates":[{"date":"2026-03-12"}],"house":null,"progressStage":10,"showAs":"Enacted","stageCompleted":true,"stageOutcome":"Enacted","stageURI":"https:\/\/data.oireachtas.ie\/ie\/oireachtas\/def\/bill-stage\/enacted","uri":"https:\/\/data.oireachtas.ie\/ie\/oireachtas\/bill\/2025\/53\/stage\/oireachtas\/enacted"}}],"status":"Enacted","statusURI":"https:\/\/data.oireachtas.ie\/ie\/oireachtas\/def\/bill-status\/enacted","uri":"https:\/\/data.oireachtas.ie\/ie\/oireachtas\/bill\/2025\/53","versions":[{"version":{"date":"2026-03-12","docType":"act","formats":{"pdf":{"uri":"https:\/\/data.oireachtas.ie\/ie\/oireachtas\/act\/2026\/5\/eng\/enacted\/a0526.pdf"},"xml":null},"lang":"eng","showAs":"Environment (Miscellaneous Provisions) Act 2026","uri":"https:\/\/data.oireachtas.ie\/ie\/oireachtas\/act\/2026\/5\/eng\/enacted"}},{"version":{"date":"2025-12-03","docType":"bill","formats":{"pdf":{"uri":"https:\/\/data.oireachtas.ie\/ie\/oireachtas\/bill\/2025\/53\/eng\/ver_a\/b53a25d.pdf"},"xml":null},"lang":"eng","showAs":"As amended in Committee\/Select Committee [D\u00e1il \u00c9ireann]","uri":"https:\/\/data.oireachtas.ie\/ie\/oireachtas\/bill\/2025\/53\/eng\/ver_a"}},{"version":{"date":"2025-08-18","docType":"bill","formats":{"pdf":{"uri":"https:\/\/data.oireachtas.ie\/ie\/oireachtas\/bill\/2025\/53\/eng\/initiated\/b5325d.pdf"},"xml":null},"lang":"eng","showAs":"As Initiated","uri":"https:\/\/data.oireachtas.ie\/ie\/oireachtas\/bill\/2025\/53\/eng\/initiated"}}]},"billSort":{"actNoSort":5,"actShortTitleEnSort":"environment-miscellaneous-provisions-act-2026","actShortTitleGaSort":"an-tacht-comhshaoil-foralacha-ilghneitheacha-2026","actYearSort":2026,"billNoSort":53,"billShortTitleEnSort":"environment-miscellaneous-provisions-bill-2025","billShortTitleGaSort":"an-bille-comhshaoil-foralacha-ilghneitheacha-2025","billYearSort":2025},"contextDate":"2026-03-12"},{"bill":{"act":{"actNo":"14","actYear":"2026","dateSigned":"2026-06-18","longTitleEn":"<p>Act to amend the Air Pollution Act 1987 to make new provision for the appointment and powers of authorised persons, for offences, penalties, fixed payment notices and compliance notices, for regulations relating to fuel, for the establishment of registers, appointment of registration bodies and registration on such registers, for the forfeiture of articles connected with an offence, and for the sharing of information, and for other purposes; and to provide for related matters.<\/p>","longTitleGa":"<p>Acht do leas\u00fa an Achta um Thruailli\u00fa Aeir, 1987 chun socr\u00fa nua a dh\u00e9anamh maidir le ceapadh agus cumhachta\u00ed daoine \u00fadaraithe, maidir le cionta, pion\u00f3is, f\u00f3gra\u00ed \u00edoca\u00edochta seasta agus f\u00f3gra\u00ed um chomhl\u00edonadh, maidir le rialach\u00e1in a bhaineann le breosla, maidir le cl\u00e1ir a bhun\u00fa, comhlachta\u00ed cl\u00e1r\u00fach\u00e1in a cheapadh agus cl\u00e1r\u00fa ar na cl\u00e1ir sin, maidir le forgh\u00e9illeadh airceadal at\u00e1 bainteach le cion, agus maidir le comhroinnt faisn\u00e9ise, agus chun cr\u00edoch eile; agus do dh\u00e9anamh socr\u00fa i dtaobh nithe gaolmhara.<\/p>","shortTitleEn":"Air Pollution (Amendment) Act 2026","shortTitleGa":"An tAcht um Thruailli\u00fa Aeir (Leas\u00fa), 2026","statutebookURI":"http:\/\/www.irishstatutebook.ie\/eli\/2026\/act\/14","uri":"https:\/\/data.oireachtas.ie\/ie\/oireachtas\/act\/2026\/14"},"amendmentLists":[{"amendmentList":{"amendmentTypeUri":{"uri":"https:\/\/data.oireachtas.ie\/ie\/oireachtas\/def\/amendment-type\/numberedList"},"chamber":{"showAs":"Dail","uri":"https:\/\/data.oireachtas.ie\/ie\/oireachtas\/def\/dail"},"date":"2026-05-19","formats":{"pdf":{"uri":"https:\/\/data.oireachtas.ie\/ie\/oireachtas\/bill\/2025\/52\/dail\/3\/amendment\/numberedList\/eng\/b5225s-nl.pdf"},"xml":null},"showAs":"Numbered List [D\u00e1il]","stage":{"showAs":"Committee Stage","uri":"https:\/\/data.oireachtas.ie\/ie\/oireachtas\/bill\/2025\/52\/dail\/3"},"stageNo":"3"}},{"amendmentList":{"amendmentTypeUri":{"uri":"https:\/\/data.oireachtas.ie\/ie\/oireachtas\/def\/amendment-type\/numberedList"},"chamber":{"showAs":"Seanad","uri":"https:\/\/data.oireachtas.ie\/ie\/oireachtas\/def\/seanad"},"date":"2026-02-11","formats":{"pdf":{"uri":"https:\/\/data.oireachtas.ie\/ie\/oireachtas\/bill\/2025\/52\/seanad\/4\/amendment\/numberedList\/eng\/b5225s-srnl.pdf"},"xml":null},"showAs":"Numbered List [Seanad]","stage":{"showAs":"Report Stage","uri":"https:\/\/data.oireachtas.ie\/ie\/oireachtas\/bill\/2025\/52\/seanad\/4"},"stageNo":"4"}},{"amendmentList":{"amendmentTypeUri":{"uri":"https:\/\/data.oireachtas.ie\/ie\/oireachtas\/def\/amendment-type\/numberedList"},"chamber":{"showAs":"Seanad","uri":"https:\/\/data.oireachtas.ie\/ie\/oireachtas\/def\/seanad"},"date":"2026-01-28","formats":{"pdf":{"uri":"https:\/\/data.oireachtas.ie\/ie\/oireachtas\/bill\/2025\/52\/seanad\/3\/amendment\/numberedList\/eng\/b5225s-nl.pdf"},"xml":null},"showAs":"Numbered List [Seanad]","stage":{"showAs":"Committee Stage","uri":"https:\/\/data.oireachtas.ie\/ie\/oireachtas\/bill\/2025\/52\/seanad\/3"},"stageNo":"3"}}],"billNo":"52","billType":"Public","billTypeURI":"https:\/\/data.oireachtas.ie\/ie\/oireachtas\/def\/bill-type\/public","billYear":"2025","debates":[{"chamber":{"showAs":"D\u00e1il \u00c9ireann","uri":"https:\/\/data.oireachtas.ie\/ie\/oireachtas\/def\/house\/dail"},"date":"2026-06-10","debateSectionId":"dbsect_32","showAs":"Air Pollution (Amendment) Bill 2025 [Seanad]: Report and Final Stages","uri":"https:\/\/data.oireachtas.ie\/akn\/ie\/debateRecord\/dail\/2026-06-10\/debate\/main"},{"chamber":{"showAs":"Select Committee on Climate, Environment and Energy","uri":"https:\/\/data.oireachtas.ie\/ie\/oireachtas\/def\/committee"},"date":"2026-05-20","debateSectionId":"dbsect_2","showAs":"Air Pollution (Amendment) Bill 2025: Committee Stage","uri":"https:\/\/data.oireachtas.ie\/akn\/ie\/debateRecord\/select_committee_on_climate_environment_and_energy\/2026-05-20\/debate\/main"},{"chamber":{"showAs":"D\u00e1il \u00c9ireann","uri":"https:\/\/data.oireachtas.ie\/ie\/oireachtas\/def\/house\/dail"},"date":"2026-04-16","debateSectionId":"dbsect_36","showAs":"Air Pollution (Amendment) Bill 2025 [Seanad]: Second Stage","uri":"https:\/\/data.oireachtas.ie\/akn\/ie\/debateRecord\/dail\/2026-04-16\/debate\/main"},{"chamber":{"showAs":"D\u00e1il \u00c9ireann","uri":"https:\/\/data.oireachtas.ie\/ie\/oireachtas\/def\/house\/dail"},"date":"2026-04-16","debateSectionId":"dbsect_38","showAs":"Air Pollution (Amendment) Bill 2025 [Seanad]: Second Stage (Resumed)","uri":"https:\/\/data.oireachtas.ie\/akn\/ie\/debateRecord\/dail\/2026-04-16\/debate\/main"},{"chamber":{"showAs":"D\u00e1il \u00c9ireann","uri":"https:\/\/data.oireachtas.ie\/ie\/oireachtas\/def\/house\/dail"},"date":"2026-04-16","debateSectionId":"dbsect_39","showAs":"Air Pollution (Amendment) Bill 2025 [Seanad]: Referral to Select Committee","uri":"https:\/\/data.oireachtas.ie\/akn\/ie\/debateRecord\/dail\/2026-04-16\/debate\/main"},{"chamber":{"showAs":"Seanad \u00c9ireann","uri":"https:\/\/data.oireachtas.ie\/ie\/oireachtas\/def\/house\/seanad"},"date":"2026-02-11","debateSectionId":"dbsect_9","showAs":"Air Pollution (Amendment) Bill 2025: Report and Final Stages","uri":"https:\/\/data.oireachtas.ie\/akn\/ie\/debateRecord\/seanad\/2026-02-11\/debate\/main"},{"chamber":{"showAs":"Seanad \u00c9ireann","uri":"https:\/\/data.oireachtas.ie\/ie\/oireachtas\/def\/house\/seanad"},"date":"2026-01-28","debateSectionId":"dbsect_10","showAs":"Air Pollution (Amendment) Bill 2025: Committee Stage","uri":"https:\/\/data.oireachtas.ie\/akn\/ie\/debateRecord\/seanad\/2026-01-28\/debate\/main"},{"chamber":{"showAs":"Seanad \u00c9ireann","uri":"https:\/\/data.oireachtas.ie\/ie\/oireachtas\/def\/house\/seanad"},"date":"2025-11-04","debateSectionId":"dbsect_12","showAs":"Air Pollution (Amendment) Bill 2025: Order for Second Stage","uri":"https:\/\/data.oireachtas.ie\/akn\/ie\/debateRecord\/seanad\/2025-11-04\/debate\/main"},{"chamber":{"showAs":"Seanad \u00c9ireann","uri":"https:\/\/data.oireachtas.ie\/ie\/oireachtas\/def\/house\/seanad"},"date":"2025-11-04","debateSectionId":"dbsect_13","showAs":"Air Pollution (Amendment) Bill 2025: Second Stage","uri":"https:\/\/data.oireachtas.ie\/akn\/ie\/debateRecord\/seanad\/2025-11-04\/debate\/main"}],"events":[{"event":{"chamber":{"chamberCode":"seanad","showAs":"Seanad \u00c9ireann","uri":"https:\/\/data.oireachtas.ie\/ie\/oireachtas\/def\/house\/seanad"},"dates":[{"date":"2025-07-30"},{"date":"2026-06-18"}],"eventURI":"https:\/\/data.oireachtas.ie\/ie\/oireachtas\/def\/bill-event\/published","showAs":"Published","uri":"https:\/\/data.oireachtas.ie\/ie\/oireachtas\/bill\/2025\/52\/published"}},{"event":{"chamber":null,"dates":[{"date":"2026-06-18"}],"eventURI":"https:\/\/data.oireachtas.ie\/ie\/oireachtas\/def\/bill-event\/enacted","showAs":"Enacted","uri":"https:\/\/data.oireachtas.ie\/ie\/oireachtas\/bill\/2025\/52\/enacted"}}],"lastUpdated":"2026-07-14T11:50:47.300000+00:00","longTitleEn":"<p>Bill entitled an Act to amend the Air Pollution Act 1987 to make new provision for the appointment and powers of authorised persons, for offences, penalties, fixed payment notices and compliance notices, for regulations relating to fuel, for the establishment of registers, appointment of registration bodies and registration on such registers, for the forfeiture of articles connected with an offence, and for the sharing of information, and for other purposes; and to provide for related matters.<\/p>","longTitleGa":"<p>Bille d\u00e1 ngairtear Acht do leas\u00fa an Achta um Thruailli\u00fa Aeir, 1987 chun socr\u00fa nua a dh\u00e9anamh maidir le ceapadh agus cumhachta\u00ed daoine \u00fadaraithe, maidir le cionta, pion\u00f3is, f\u00f3gra\u00ed \u00edoca\u00edochta seasta agus f\u00f3gra\u00ed um chomhl\u00edonadh, maidir le rialach\u00e1in a bhaineann le breosla, maidir le cl\u00e1ir a bhun\u00fa, comhlachta\u00ed cl\u00e1r\u00fach\u00e1in a cheapadh agus cl\u00e1r\u00fa ar na cl\u00e1ir sin, maidir le forgh\u00e9illeadh airceadal at\u00e1 bainteach le cion, agus maidir le comhroinnt faisn\u00e9ise, agus chun cr\u00edoch eile; agus do dh\u00e9anamh socr\u00fa i dtaobh nithe gaolmhara.<\/p>","method":"Presented","methodURI":"https:\/\/data.oireachtas.ie\/ie\/oireachtas\/def\/bill-method\/presented","mostRecentStage":{"event":{"chamber":null,"dates":[{"date":"2026-06-18"}],"house":null,"progressStage":10,"showAs":"Enacted","stageCompleted":true,"stageOutcome":"Enacted","stageURI":"https:\/\/data.oireachtas.ie\/ie\/oireachtas\/def\/bill-stage\/enacted","uri":"https:\/\/data.oireachtas.ie\/ie\/oireachtas\/bill\/2025\/52\/stage\/oireachtas\/enacted"}},"originHouse":{"showAs":"Seanad \u00c9ireann","uri":"https:\/\/data.oireachtas.ie\/ie\/oireachtas\/def\/house\/seanad"},"originHouseURI":"https:\/\/data.oireachtas.ie\/ie\/oireachtas\/def\/house\/seanad","relatedDocs":[{"relatedDoc":{"date":"2025-07-30","docType":"memo","formats":{"pdf":{"uri":"https:\/\/data.oireachtas.ie\/ie\/oireachtas\/bill\/2025\/52\/eng\/memo\/b5225s-memo.pdf"},"xml":null},"lang":"eng","showAs":"Explanatory Memorandum","uri":"https:\/\/data.oireachtas.ie\/ie\/oireachtas\/bill\/2025\/52\/eng\/memo"}}],"shortTitleEn":"Air Pollution (Amendment) Bill 2025","shortTitleGa":"An Bille um Thruailli\u00fa Aeir (Leas\u00fa), 2025","source":"Government","sourceURI":"https:\/\/data.oireachtas.ie\/ie\/oireachtas\/def\/bill-source\/government","sponsors":[{"sponsor":{"isPrimary":true,"as":{"showAs":"Minister for Climate, Energy and the Environment","uri":null},"by":{"showAs":null,"uri":null}}}],"stages":[{"event":{"chamber":{"chamberCode":"seanad","showAs":"Seanad \u00c9ireann","uri":"https:\/\/data.oireachtas.ie\/ie\/oireachtas\/def\/house\/seanad"},"dates":[{"date":"2025-07-30"},{"date":"2025-07-30"}],"house":{"chamberCode":"seanad","chamberType":"house","houseCode":"seanad","houseNo":"27","showAs":"27th Seanad","uri":"https:\/\/data.oireachtas.ie\/ie\/oireachtas\/house\/seanad\/27"},"progressStage":1,"showAs":"First Stage","stageCompleted":true,"stageOutcome":null,"stageURI":"https:\/\/data.oireachtas.ie\/ie\/oireachtas\/def\/bill-stage\/1","uri":"https:\/\/data.oireachtas.ie\/ie\/oireachtas\/bill\/2025\/52\/stage\/seanad\/1"}},{"event":{"chamber":{"chamberCode":"seanad","showAs":"Seanad \u00c9ireann","uri":"https:\/\/data.oireachtas.ie\/ie\/oireachtas\/def\/house\/seanad"},"dates":[{"date":"2025-11-04"}],"house":{"chamberCode":"seanad","chamberType":"house","houseCode":"seanad","houseNo":"27","showAs":"27th Seanad","uri":"https:\/\/data.oireachtas.ie\/ie\/oireachtas\/house\/seanad\/27"},"progressStage":2,"showAs":"Second Stage","stageCompleted":true,"stageOutcome":null,"stageURI":"https:\/\/data.oireachtas.ie\/ie\/oireachtas\/def\/bill-stage\/2","uri":"https:\/\/data.oireachtas.ie\/ie\/oireachtas\/bill\/2025\/52\/stage\/seanad\/2"}},{"event":{"chamber":{"chamberCode":"seanad","showAs":"Seanad \u00c9ireann","uri":"https:\/\/data.oireachtas.ie\/ie\/oireachtas\/def\/house\/seanad"},"dates":[{"date":"2026-01-28"}],"house":{"chamberCode":"seanad","chamberType":"house","houseCode":"seanad","houseNo":"27","showAs":"27th Seanad","uri":"https:\/\/data.oireachtas.ie\/ie\/oireachtas\/house\/seanad\/27"},"progressStage":3,"showAs":"Committee Stage","stageCompleted":true,"stageOutcome":null,"stageURI":"https:\/\/data.oireachtas.ie\/ie\/oireachtas\/def\/bill-stage\/3","uri":"https:\/\/data.oireachtas.ie\/ie\/oireachtas\/bill\/2025\/52\/stage\/seanad\/3"}},{"event":{"chamber":{"chamberCode":"seanad","showAs":"Seanad \u00c9ireann","uri":"https:\/\/data.oireachtas.ie\/ie\/oireachtas\/def\/house\/seanad"},"dates":[{"date":"2026-02-11"}],"house":{"chamberCode":"seanad","chamberType":"house","houseCode":"seanad","houseNo":"27","showAs":"27th Seanad","uri":"https:\/\/data.oireachtas.ie\/ie\/oireachtas\/house\/seanad\/27"},"progressStage":4,"showAs":"Report Stage","stageCompleted":true,"stageOutcome":null,"stageURI":"https:\/\/data.oireachtas.ie\/ie\/oireachtas\/def\/bill-stage\/4","uri":"https:\/\/data.oireachtas.ie\/ie\/oireachtas\/bill\/2025\/52\/stage\/seanad\/4"}},{"event":{"chamber":{"chamberCode":"seanad","showAs":"Seanad \u00c9ireann","uri":"https:\/\/data.oireachtas.ie\/ie\/oireachtas\/def\/house\/seanad"},"dates":[{"date":"2026-02-11"}],"house":{"chamberCode":"seanad","chamberType":"house","houseCode":"seanad","houseNo":"27","showAs":"27th Seanad","uri":"https:\/\/data.oireachtas.ie\/ie\/oireachtas\/house\/seanad\/27"},"progressStage":5,"showAs":"Fifth Stage","stageCompleted":true,"stageOutcome":null,"stageURI":"https:\/\/data.oireachtas.ie\/ie\/oireachtas\/def\/bill-stage\/5","uri":"https:\/\/data.oireachtas.ie\/ie\/oireachtas\/bill\/2025\/52\/stage\/seanad\/5"}},{"event":{"chamber":{"chamberCode":"dail","showAs":"D\u00e1il \u00c9ireann","uri":"https:\/\/data.oireachtas.ie\/ie\/oireachtas\/def\/house\/dail"},"dates":[{"date":"2026-04-16"}],"house":{"chamberCode":"dail","chamberType":"house","houseCode":"dail","houseNo":"34","showAs":"34th D\u00e1il","uri":"https:\/\/data.oireachtas.ie\/ie\/oireachtas\/house\/dail\/34"},"progressStage":6,"showAs":"Second Stage","stageCompleted":true,"stageOutcome":null,"stageURI":"https:\/\/data.oireachtas.ie\/ie\/oireachtas\/def\/bill-stage\/2","uri":"https:\/\/data.oireachtas.ie\/ie\/oireachtas\/bill\/2025\/52\/stage\/dail\/2"}},{"event":{"chamber":{"chamberCode":"dail","showAs":"D\u00e1il \u00c9ireann","uri":"https:\/\/data.oireachtas.ie\/ie\/oireachtas\/def\/house\/dail"},"dates":[{"date":"2026-05-20"}],"house":{"chamberCode":"dail","chamberType":"house","houseCode":"dail","houseNo":"34","showAs":"34th D\u00e1il","uri":"https:\/\/data.oireachtas.ie\/ie\/oireachtas\/house\/dail\/34"},"progressStage":7,"showAs":"Committee Stage","stageCompleted":true,"stageOutcome":null,"stageURI":"https:\/\/data.oireachtas.ie\/ie\/oireachtas\/def\/bill-stage\/3","uri":"https:\/\/data.oireachtas.ie\/ie\/oireachtas\/bill\/2025\/52\/stage\/dail\/3"}},{"event":{"chamber":{"chamberCode":"dail","showAs":"D\u00e1il \u00c9ireann","uri":"https:\/\/data.oireachtas.ie\/ie\/oireachtas\/def\/house\/dail"},"dates":[{"date":"2026-05-20"}],"house":{"chamberCode":"dail","chamberType":"house","houseCode":"dail","houseNo":"34","showAs":"34th D\u00e1il","uri":"https:\/\/data.oireachtas.ie\/ie\/oireachtas\/house\/dail\/34"},"progressStage":8,"showAs":"Report Stage","stageCompleted":true,"stageOutcome":null,"stageURI":"https:\/\/data.oireachtas.ie\/ie\/oireachtas\/def\/bill-stage\/4","uri":"https:\/\/data.oireachtas.ie\/ie\/oireachtas\/bill\/2025\/52\/stage\/dail\/4"}},{"event":{"chamber":{"chamberCode":"dail","showAs":"D\u00e1il \u00c9ireann","uri":"https:\/\/data.oireachtas.ie\/ie\/oireachtas\/def\/house\/dail"},"dates":[{"date":"2026-06-10"}],"house":{"chamberCode":"dail","chamberType":"house","houseCode":"dail","houseNo":"34","showAs":"34th D\u00e1il","uri":"https:\/\/data.oireachtas.ie\/ie\/oireachtas\/house\/dail\/34"},"progressStage":9,"showAs":"Fifth Stage","stageCompleted":true,"stageOutcome":null,"stageURI":"https:\/\/data.oireachtas.ie\/ie\/oireachtas\/def\/bill-stage\/5","uri":"https:\/\/data.oireachtas.ie\/ie\/oireachtas\/bill\/2025\/52\/stage\/dail\/5"}},{"event":{"chamber":null,"dates":[{"date":"2026-06-18"}],"house":null,"progressStage":10,"showAs":"Enacted","stageCompleted":true,"stageOutcome":"Enacted","stageURI":"https:\/\/data.oireachtas.ie\/ie\/oireachtas\/def\/bill-stage\/enacted","uri":"https:\/\/data.oireachtas.ie\/ie\/oireachtas\/bill\/2025\/52\/stage\/oireachtas\/enacted"}}],"status":"Enacted","statusURI":"https:\/\/data.oireachtas.ie\/ie\/oireachtas\/def\/bill-status\/enacted","uri":"https:\/\/data.oireachtas.ie\/ie\/oireachtas\/bill\/2025\/52","versions":[{"version":{"lang":"eng","docType":"act","showAs":"Air Pollution (Amendment) Act 2026","date":"2026-06-18","formats":{"pdf":{"uri":"https:\/\/data.oireachtas.ie\/ie\/oireachtas\/act\/2026\/14\/eng\/enacted\/a1426.pdf"},"xml":null},"uri":"https:\/\/data.oireachtas.ie\/ie\/oireachtas\/act\/2026\/14\/eng\/enacted"}},{"version":{"lang":"eng","docType":"bill","showAs":"As Initiated","date":"2025-07-30","formats":{"pdf":{"uri":"https:\/\/data.oireachtas.ie\/ie\/oireachtas\/bill\/2025\/52\/eng\/initiated\/b5225s.pdf"},"xml":null},"uri":"https:\/\/data.oireachtas.ie\/ie\/oireachtas\/bill\/2025\/52\/eng\/initiated"}}]},"contextDate":"2026-06-18","billSort":{"actNoSort":14,"actShortTitleEnSort":"air-pollution-amendment-act-2026","actShortTitleGaSort":"an-tacht-um-thruailliu-aeir-leasu-2026","actYearSort":2026,"billNoSort":52,"billShortTitleEnSort":"air-pollution-amendment-bill-2025","billShortTitleGaSort":"an-bille-um-thruailliu-aeir-leasu-2025","billYearSort":2025}},{"bill":{"act":null,"amendmentLists":[],"billNo":"51","billType":"Public","billTypeURI":"https:\/\/data.oireachtas.ie\/ie\/oireachtas\/def\/bill-type\/public","billYear":"2025","debates":[{"chamber":{"showAs":"D\u00e1il \u00c9ireann","uri":"https:\/\/data.oireachtas.ie\/ie\/oireachtas\/def\/house\/dail"},"date":"2025-07-17","debateSectionId":"dbsect_39","showAs":"Wildlife (Amendment) Bill 2025: First Stage","uri":"https:\/\/data.oireachtas.ie\/akn\/ie\/debateRecord\/dail\/2025-07-17\/debate\/main"}],"events":[{"event":{"chamber":{"chamberCode":"dail","showAs":"D\u00e1il \u00c9ireann","uri":"https:\/\/data.oireachtas.ie\/ie\/oireachtas\/def\/house\/dail"},"dates":[{"date":"2025-07-14"},{"date":"2025-07-14"},{"date":"2025-07-17"}],"eventURI":"https:\/\/data.oireachtas.ie\/ie\/oireachtas\/def\/bill-event\/approved-for-initiation","showAs":"Approved for Initiation","uri":"https:\/\/data.oireachtas.ie\/ie\/oireachtas\/bill\/2025\/51\/approved-for-initiation"}}],"lastUpdated":"2025-07-18T09:53:07.040000+00:00","longTitleEn":"<p style=\"text-align:justify;\">Bill entitled an Act to amend section 23 of the Wildlife Act, 1976 to include the Sprat Fish, S<i>prattus sprattus,<\/i>&nbsp;in the Fifth Schedule of the Act; to prohibit the targeted fishing of sprat except where caught as bycatch; to provide for a moratorium on commercial sprat fishing until sufficient scientific data is available regarding sprat habitats, population dynamics, and their ecological role, to include a Just Transition for inshore fishers; and to provide for related matters.<\/p>","longTitleGa":"<p>Bille d\u00e1 ngairtear Acht do leas\u00fa alt 23 den Acht um Fhiadh\u00falra, 1976 chun go n-\u00e1ireofar an Sal\u00e1n, <i>sprattus sprattus<\/i>, sa Ch\u00faigi\u00fa Sceideal a ghabhann leis an Acht;<i>&nbsp;<\/i>do thoirmeasc iascaireacht spriocdh\u00edrithe a dh\u00e9anamh ar shal\u00e1in seachas i gc\u00e1s go ngabhtar sal\u00e1in <span style=\"color:#222222;\">mar fhoghabh\u00e1il; do dh\u00e9anamh socr\u00fa maidir le morat\u00f3ir ar iascaireacht tr\u00e1cht\u00e1la a dh\u00e9anamh ar shal\u00e1in go dt\u00ed go mbeidh sonra\u00ed leordh\u00f3thanacha eola\u00edocha ar f\u00e1il maidir le gn\u00e1th\u00f3ga an tsal\u00e1in, dinimic a l\u00edn, agus an r\u00f3l \u00e9iceola\u00edoch at\u00e1 aige, lena n-\u00e1ireofar plean um Aistri\u00fa C\u00f3ir d\u2019iascair\u00ed cladaigh; agus do dh\u00e9anamh socr\u00fa i dtaobh nithe gaolmhara.<\/span><\/p>","method":"Introduced","methodURI":"https:\/\/data.oireachtas.ie\/ie\/oireachtas\/def\/bill-method\/introduced","mostRecentStage":{"event":{"chamber":{"chamberCode":"dail","showAs":"D\u00e1il \u00c9ireann","uri":"https:\/\/data.oireachtas.ie\/ie\/oireachtas\/def\/house\/dail"},"dates":[{"date":"2025-07-17"}],"house":{"chamberCode":"dail","chamberType":"house","houseCode":"dail","houseNo":"34","showAs":"34th D\u00e1il","uri":"https:\/\/data.oireachtas.ie\/ie\/oireachtas\/house\/dail\/34"},"progressStage":2,"showAs":"Second Stage","stageCompleted":false,"stageOutcome":"Current","stageURI":"https:\/\/data.oireachtas.ie\/ie\/oireachtas\/def\/bill-stage\/2","uri":"https:\/\/data.oireachtas.ie\/ie\/oireachtas\/bill\/2025\/51\/stage\/dail\/2"}},"originHouse":{"showAs":"D\u00e1il \u00c9ireann","uri":"https:\/\/data.oireachtas.ie\/ie\/oireachtas\/def\/house\/dail"},"originHouseURI":"https:\/\/data.oireachtas.ie\/ie\/oireachtas\/def\/house\/dail","relatedDocs":[{"relatedDoc":{"date":"2025-07-17","docType":"memo","formats":{"pdf":{"uri":"https:\/\/data.oireachtas.ie\/ie\/oireachtas\/bill\/2025\/51\/eng\/memo\/b5125d-memo.pdf"},"xml":null},"lang":"eng","showAs":"Explanatory Memorandum","uri":"https:\/\/data.oireachtas.ie\/ie\/oireachtas\/bill\/2025\/51\/eng\/memo"}}],"shortTitleEn":"Wildlife (Amendment) Bill 2025","shortTitleGa":"An Bille um Fhiadh\u00falra (Leas\u00fa), 2025","source":"Private Member","sourceURI":"https:\/\/data.oireachtas.ie\/ie\/oireachtas\/def\/bill-source\/private-member","sponsors":[{"sponsor":{"as":{"showAs":null,"uri":null},"by":{"showAs":"Jennifer Whitmore","uri":"https:\/\/data.oireachtas.ie\/ie\/oireachtas\/member\/id\/Jennifer-Whitmore.D.2020-02-08"},"isPrimary":true}}],"stages":[{"event":{"chamber":{"chamberCode":"dail","showAs":"D\u00e1il \u00c9ireann","uri":"https:\/\/data.oireachtas.ie\/ie\/oireachtas\/def\/house\/dail"},"dates":[{"date":"2025-07-14"},{"date":"2025-07-14"},{"date":"2025-07-17"},{"date":"2025-07-17"}],"house":{"chamberCode":"dail","chamberType":"house","houseCode":"dail","houseNo":"34","showAs":"34th D\u00e1il","uri":"https:\/\/data.oireachtas.ie\/ie\/oireachtas\/house\/dail\/34"},"progressStage":1,"showAs":"First Stage","stageCompleted":true,"stageOutcome":null,"stageURI":"https:\/\/data.oireachtas.ie\/ie\/oireachtas\/def\/bill-stage\/1","uri":"https:\/\/data.oireachtas.ie\/ie\/oireachtas\/bill\/2025\/51\/stage\/dail\/1"}},{"event":{"chamber":{"chamberCode":"dail","showAs":"D\u00e1il \u00c9ireann","uri":"https:\/\/data.oireachtas.ie\/ie\/oireachtas\/def\/house\/dail"},"dates":[{"date":"2025-07-17"}],"house":{"chamberCode":"dail","chamberType":"house","houseCode":"dail","houseNo":"34","showAs":"34th D\u00e1il","uri":"https:\/\/data.oireachtas.ie\/ie\/oireachtas\/house\/dail\/34"},"progressStage":2,"showAs":"Second Stage","stageCompleted":false,"stageOutcome":"Current","stageURI":"https:\/\/data.oireachtas.ie\/ie\/oireachtas\/def\/bill-stage\/2","uri":"https:\/\/data.oireachtas.ie\/ie\/oireachtas\/bill\/2025\/51\/stage\/dail\/2"}}],"status":"Current","statusURI":"https:\/\/data.oireachtas.ie\/ie\/oireachtas\/def\/bill-status\/published","uri":"https:\/\/data.oireachtas.ie\/ie\/oireachtas\/bill\/2025\/51","versions":[{"version":{"date":"2025-07-17","docType":"bill","formats":{"pdf":{"uri":"https:\/\/data.oireachtas.ie\/ie\/oireachtas\/bill\/2025\/51\/eng\/initiated\/b5125d.pdf"},"xml":null},"lang":"eng","showAs":"As Initiated","uri":"https:\/\/data.oireachtas.ie\/ie\/oireachtas\/bill\/2025\/51\/eng\/initiated"}}]},"billSort":{"actNoSort":null,"actShortTitleEnSort":null,"actShortTitleGaSort":null,"actYearSort":null,"billNoSort":51,"billShortTitleEnSort":"wildlife-amendment-bill-2025","billShortTitleGaSort":"an-bille-um-fhiadhulra-leasu-2025","billYearSort":2025},"contextDate":"2025-07-17"},{"bill":{"act":null,"amendmentLists":[],"billNo":"50","billType":"Public","billTypeURI":"https:\/\/data.oireachtas.ie\/ie\/oireachtas\/def\/bill-type\/public","billYear":"2025","debates":[{"chamber":{"showAs":"D\u00e1il \u00c9ireann","uri":"https:\/\/data.oireachtas.ie\/ie\/oireachtas\/def\/house\/dail"},"date":"2025-07-17","debateSectionId":"dbsect_38","showAs":"Occupying Power (Securities and Handling of Settlement Goods) Bill 2025: First Stage","uri":"https:\/\/data.oireachtas.ie\/akn\/ie\/debateRecord\/dail\/2025-07-17\/debate\/main"}],"events":[{"event":{"chamber":{"chamberCode":"dail","showAs":"D\u00e1il \u00c9ireann","uri":"https:\/\/data.oireachtas.ie\/ie\/oireachtas\/def\/house\/dail"},"dates":[{"date":"2025-06-16"},{"date":"2025-06-16"},{"date":"2025-07-17"}],"eventURI":"https:\/\/data.oireachtas.ie\/ie\/oireachtas\/def\/bill-event\/approved-for-initiation","showAs":"Approved for Initiation","uri":"https:\/\/data.oireachtas.ie\/ie\/oireachtas\/bill\/2025\/50\/approved-for-initiation"}}],"lastUpdated":"2025-07-18T09:06:00.680000+00:00","longTitleEn":"<p>Bill entitled an Act to provide that the Central Bank shall not approve a prospectus for securities issued by or on behalf of a state that is an occupying power; to provide for the purposes of the Unfair Dismissals Acts 1977 to 2015 that a dismissal of an employee shall be deemed unfair where it arises from a refusal to handle goods associated with the activities of an occupying power within occupied territory; and to provide for related matters.<\/p>","longTitleGa":"<p>Bille d\u00e1 ngairtear Acht do dh\u00e9anamh socr\u00fa nach gcead\u00f3idh an Banc Ceannais r\u00e9amheolaire le haghaidh urr\u00fais arna n-eisi\u00faint ag st\u00e1t is cumhacht forghabh\u00e1la, n\u00f3 thar ceann st\u00e1t den s\u00f3rt sin; do dh\u00e9anamh socr\u00fa, chun cr\u00edocha na nAchtanna um Dh\u00edfhost\u00fa \u00c9ag\u00f3rach, 1977 go 2015, go measfar d\u00edfhost\u00fa fosta\u00ed a bheith \u00e9ag\u00f3rach i gc\u00e1s go n-eascra\u00edonn s\u00e9 as di\u00falt\u00fa earra\u00ed at\u00e1 bainteach le gn\u00edomha\u00edochta\u00ed cumhachta forghabh\u00e1la laistigh de chr\u00edoch faoi fhorghabh\u00e1il a l\u00e1imhse\u00e1il; agus do dh\u00e9anamh socr\u00fa i dtaobh nithe gaolmhara.<\/p>","method":"Introduced","methodURI":"https:\/\/data.oireachtas.ie\/ie\/oireachtas\/def\/bill-method\/introduced","mostRecentStage":{"event":{"chamber":{"chamberCode":"dail","showAs":"D\u00e1il \u00c9ireann","uri":"https:\/\/data.oireachtas.ie\/ie\/oireachtas\/def\/house\/dail"},"dates":[{"date":"2025-07-17"}],"house":{"chamberCode":"dail","chamberType":"house","houseCode":"dail","houseNo":"34","showAs":"34th D\u00e1il","uri":"https:\/\/data.oireachtas.ie\/ie\/oireachtas\/house\/dail\/34"},"progressStage":2,"showAs":"Second Stage","stageCompleted":false,"stageOutcome":"Current","stageURI":"https:\/\/data.oireachtas.ie\/ie\/oireachtas\/def\/bill-stage\/2","uri":"https:\/\/data.oireachtas.ie\/ie\/oireachtas\/bill\/2025\/50\/stage\/dail\/2"}},"originHouse":{"showAs":"D\u00e1il \u00c9ireann","uri":"https:\/\/data.oireachtas.ie\/ie\/oireachtas\/def\/house\/dail"},"originHouseURI":"https:\/\/data.oireachtas.ie\/ie\/oireachtas\/def\/house\/dail","relatedDocs":[{"relatedDoc":{"date":"2025-07-17","docType":"memo","formats":{"pdf":{"uri":"https:\/\/data.oireachtas.ie\/ie\/oireachtas\/bill\/2025\/50\/eng\/memo\/b5025d-memo.pdf"},"xml":null},"lang":"eng","showAs":"Explanatory Memorandum","uri":"https:\/\/data.oireachtas.ie\/ie\/oireachtas\/bill\/2025\/50\/eng\/memo"}}],"shortTitleEn":"Occupying Power (Securities and Handling of Settlement Goods) Bill 2025","shortTitleGa":"An Bille um Chumhacht Forghabh\u00e1la (Urr\u00fais agus L\u00e1imhse\u00e1il Earra\u00ed Lonna\u00edochta), 2025","source":"Private Member","sourceURI":"https:\/\/data.oireachtas.ie\/ie\/oireachtas\/def\/bill-source\/private-member","sponsors":[{"sponsor":{"as":{"showAs":null,"uri":null},"by":{"showAs":"Duncan Smith","uri":"https:\/\/data.oireachtas.ie\/ie\/oireachtas\/member\/id\/Duncan-Smith.D.2020-02-08"},"isPrimary":true}}],"stages":[{"event":{"chamber":{"chamberCode":"dail","showAs":"D\u00e1il \u00c9ireann","uri":"https:\/\/data.oireachtas.ie\/ie\/oireachtas\/def\/house\/dail"},"dates":[{"date":"2025-06-16"},{"date":"2025-06-16"},{"date":"2025-07-17"},{"date":"2025-07-17"}],"house":{"chamberCode":"dail","chamberType":"house","houseCode":"dail","houseNo":"34","showAs":"34th D\u00e1il","uri":"https:\/\/data.oireachtas.ie\/ie\/oireachtas\/house\/dail\/34"},"progressStage":1,"showAs":"First Stage","stageCompleted":true,"stageOutcome":null,"stageURI":"https:\/\/data.oireachtas.ie\/ie\/oireachtas\/def\/bill-stage\/1","uri":"https:\/\/data.oireachtas.ie\/ie\/oireachtas\/bill\/2025\/50\/stage\/dail\/1"}},{"event":{"chamber":{"chamberCode":"dail","showAs":"D\u00e1il \u00c9ireann","uri":"https:\/\/data.oireachtas.ie\/ie\/oireachtas\/def\/house\/dail"},"dates":[{"date":"2025-07-17"}],"house":{"chamberCode":"dail","chamberType":"house","houseCode":"dail","houseNo":"34","showAs":"34th D\u00e1il","uri":"https:\/\/data.oireachtas.ie\/ie\/oireachtas\/house\/dail\/34"},"progressStage":2,"showAs":"Second Stage","stageCompleted":false,"stageOutcome":"Current","stageURI":"https:\/\/data.oireachtas.ie\/ie\/oireachtas\/def\/bill-stage\/2","uri":"https:\/\/data.oireachtas.ie\/ie\/oireachtas\/bill\/2025\/50\/stage\/dail\/2"}}],"status":"Current","statusURI":"https:\/\/data.oireachtas.ie\/ie\/oireachtas\/def\/bill-status\/published","uri":"https:\/\/data.oireachtas.ie\/ie\/oireachtas\/bill\/2025\/50","versions":[{"version":{"date":"2025-07-17","docType":"bill","formats":{"pdf":{"uri":"https:\/\/data.oireachtas.ie\/ie\/oireachtas\/bill\/2025\/50\/eng\/initiated\/b5025d.pdf"},"xml":null},"lang":"eng","showAs":"As Initiated","uri":"https:\/\/data.oireachtas.ie\/ie\/oireachtas\/bill\/2025\/50\/eng\/initiated"}}]},"billSort":{"actNoSort":null,"actShortTitleEnSort":null,"actShortTitleGaSort":null,"actYearSort":null,"billNoSort":50,"billShortTitleEnSort":"occupying-power-securities-and-handling-of-settlement-goods-bill-2025","billShortTitleGaSort":"an-bille-um-chumhacht-forghabhala-urruis-agus-laimhseail-earrai-lonnaiochta-2025","billYearSort":2025},"contextDate":"2025-07-17"},{"bill":{"act":null,"amendmentLists":[],"billNo":"49","billType":"Public","billTypeURI":"https:\/\/data.oireachtas.ie\/ie\/oireachtas\/def\/bill-type\/public","billYear":"2025","debates":[{"chamber":{"showAs":"D\u00e1il \u00c9ireann","uri":"https:\/\/data.oireachtas.ie\/ie\/oireachtas\/def\/house\/dail"},"date":"2025-07-17","debateSectionId":"dbsect_37","showAs":"Taxes Consolidation (Development of Regional Film Industry) (Amendment) Bill 2025: First Stage","uri":"https:\/\/data.oireachtas.ie\/akn\/ie\/debateRecord\/dail\/2025-07-17\/debate\/main"}],"events":[{"event":{"chamber":{"chamberCode":"dail","showAs":"D\u00e1il \u00c9ireann","uri":"https:\/\/data.oireachtas.ie\/ie\/oireachtas\/def\/house\/dail"},"dates":[{"date":"2025-07-10"},{"date":"2025-07-10"},{"date":"2025-07-17"}],"eventURI":"https:\/\/data.oireachtas.ie\/ie\/oireachtas\/def\/bill-event\/approved-for-initiation","showAs":"Approved for Initiation","uri":"https:\/\/data.oireachtas.ie\/ie\/oireachtas\/bill\/2025\/49\/approved-for-initiation"}}],"lastUpdated":"2025-07-18T08:58:10.360000+00:00","longTitleEn":"<p>Bill entitled an Act to amend the Taxes Consolidation Act 1997 to enable the Minister to identify regions of low audiovisual capacity and to include measures in the industry development test for Section 481 tax relief to promote the development of audiovisual production outside existing major production hubs.<\/p>","longTitleGa":"<p>Bille d\u00e1 ngairtear Acht do leas\u00fa an Achta Comhdhl\u00faite C\u00e1nacha, 1997 chun a chumas\u00fa don Aire r\u00e9igi\u00fain ina bhfuil acmhainn chlosamhairc \u00edseal a shainaithint agus bearta a \u00e1ireamh sa t\u00e1st\u00e1il um fhorbairt tionscail i gcomhair faoiseamh c\u00e1nach faoi Alt 481 chun forbairt l\u00e9iri\u00fach\u00e1in closamhairc a chur chun cinn lasmuigh de na moil l\u00e9iri\u00fach\u00e1in mh\u00f3ra at\u00e1 ann cheana.<\/p>","method":"Introduced","methodURI":"https:\/\/data.oireachtas.ie\/ie\/oireachtas\/def\/bill-method\/introduced","mostRecentStage":{"event":{"chamber":{"chamberCode":"dail","showAs":"D\u00e1il \u00c9ireann","uri":"https:\/\/data.oireachtas.ie\/ie\/oireachtas\/def\/house\/dail"},"dates":[{"date":"2025-07-17"}],"house":{"chamberCode":"dail","chamberType":"house","houseCode":"dail","houseNo":"34","showAs":"34th D\u00e1il","uri":"https:\/\/data.oireachtas.ie\/ie\/oireachtas\/house\/dail\/34"},"progressStage":2,"showAs":"Second Stage","stageCompleted":false,"stageOutcome":"Current","stageURI":"https:\/\/data.oireachtas.ie\/ie\/oireachtas\/def\/bill-stage\/2","uri":"https:\/\/data.oireachtas.ie\/ie\/oireachtas\/bill\/2025\/49\/stage\/dail\/2"}},"originHouse":{"showAs":"D\u00e1il \u00c9ireann","uri":"https:\/\/data.oireachtas.ie\/ie\/oireachtas\/def\/house\/dail"},"originHouseURI":"https:\/\/data.oireachtas.ie\/ie\/oireachtas\/def\/house\/dail","relatedDocs":[{"relatedDoc":{"date":"2025-07-17","docType":"memo","formats":{"pdf":{"uri":"https:\/\/data.oireachtas.ie\/ie\/oireachtas\/bill\/2025\/49\/eng\/memo\/b4925d-memo.pdf"},"xml":null},"lang":"eng","showAs":"Explanatory Memorandum","uri":"https:\/\/data.oireachtas.ie\/ie\/oireachtas\/bill\/2025\/49\/eng\/memo"}}],"shortTitleEn":"Taxes Consolidation (Development of Regional Film Industry) (Amendment) Bill 2025","shortTitleGa":"An Bille Comhdhl\u00faite C\u00e1nacha (Tionscal Scann\u00e1n R\u00e9igi\u00fanach a Fhorbairt) (Leas\u00fa), 2025","source":"Private Member","sourceURI":"https:\/\/data.oireachtas.ie\/ie\/oireachtas\/def\/bill-source\/private-member","sponsors":[{"sponsor":{"as":{"showAs":null,"uri":null},"by":{"showAs":"Aengus \u00d3 Snodaigh","uri":"https:\/\/data.oireachtas.ie\/ie\/oireachtas\/member\/id\/Aengus-\u00d3-Snodaigh.D.2002-06-06"},"isPrimary":true}}],"stages":[{"event":{"chamber":{"chamberCode":"dail","showAs":"D\u00e1il \u00c9ireann","uri":"https:\/\/data.oireachtas.ie\/ie\/oireachtas\/def\/house\/dail"},"dates":[{"date":"2025-07-10"},{"date":"2025-07-10"},{"date":"2025-07-17"},{"date":"2025-07-17"}],"house":{"chamberCode":"dail","chamberType":"house","houseCode":"dail","houseNo":"34","showAs":"34th D\u00e1il","uri":"https:\/\/data.oireachtas.ie\/ie\/oireachtas\/house\/dail\/34"},"progressStage":1,"showAs":"First Stage","stageCompleted":true,"stageOutcome":null,"stageURI":"https:\/\/data.oireachtas.ie\/ie\/oireachtas\/def\/bill-stage\/1","uri":"https:\/\/data.oireachtas.ie\/ie\/oireachtas\/bill\/2025\/49\/stage\/dail\/1"}},{"event":{"chamber":{"chamberCode":"dail","showAs":"D\u00e1il \u00c9ireann","uri":"https:\/\/data.oireachtas.ie\/ie\/oireachtas\/def\/house\/dail"},"dates":[{"date":"2025-07-17"}],"house":{"chamberCode":"dail","chamberType":"house","houseCode":"dail","houseNo":"34","showAs":"34th D\u00e1il","uri":"https:\/\/data.oireachtas.ie\/ie\/oireachtas\/house\/dail\/34"},"progressStage":2,"showAs":"Second Stage","stageCompleted":false,"stageOutcome":"Current","stageURI":"https:\/\/data.oireachtas.ie\/ie\/oireachtas\/def\/bill-stage\/2","uri":"https:\/\/data.oireachtas.ie\/ie\/oireachtas\/bill\/2025\/49\/stage\/dail\/2"}}],"status":"Current","statusURI":"https:\/\/data.oireachtas.ie\/ie\/oireachtas\/def\/bill-status\/published","uri":"https:\/\/data.oireachtas.ie\/ie\/oireachtas\/bill\/2025\/49","versions":[{"version":{"date":"2025-07-17","docType":"bill","formats":{"pdf":{"uri":"https:\/\/data.oireachtas.ie\/ie\/oireachtas\/bill\/2025\/49\/eng\/initiated\/b4925d.pdf"},"xml":null},"lang":"eng","showAs":"As Initiated","uri":"https:\/\/data.oireachtas.ie\/ie\/oireachtas\/bill\/2025\/49\/eng\/initiated"}}]},"billSort":{"actNoSort":null,"actShortTitleEnSort":null,"actShortTitleGaSort":null,"actYearSort":null,"billNoSort":49,"billShortTitleEnSort":"taxes-consolidation-development-of-regional-film-industry-amendment-bill-2025","billShortTitleGaSort":"an-bille-comhdhluite-canacha-tionscal-scannan-reigiunach-a-fhorbairt-leasu-2025","billYearSort":2025},"contextDate":"2025-07-17"},{"bill":{"act":null,"amendmentLists":[],"billNo":"48","billType":"Public","billTypeURI":"https:\/\/data.oireachtas.ie\/ie\/oireachtas\/def\/bill-type\/public","billYear":"2025","debates":[{"chamber":{"showAs":"D\u00e1il \u00c9ireann","uri":"https:\/\/data.oireachtas.ie\/ie\/oireachtas\/def\/house\/dail"},"date":"2025-07-16","debateSectionId":"dbsect_13","showAs":"Compulsory Purchase Order Bill 2025: First Stage","uri":"https:\/\/data.oireachtas.ie\/akn\/ie\/debateRecord\/dail\/2025-07-16\/debate\/main"}],"events":[{"event":{"chamber":{"chamberCode":"dail","showAs":"D\u00e1il \u00c9ireann","uri":"https:\/\/data.oireachtas.ie\/ie\/oireachtas\/def\/house\/dail"},"dates":[{"date":"2025-05-09"},{"date":"2025-05-09"},{"date":"2025-07-16"}],"eventURI":"https:\/\/data.oireachtas.ie\/ie\/oireachtas\/def\/bill-event\/approved-for-initiation","showAs":"Approved for Initiation","uri":"https:\/\/data.oireachtas.ie\/ie\/oireachtas\/bill\/2025\/48\/approved-for-initiation"}}],"lastUpdated":"2025-07-17T09:05:57.200000+00:00","longTitleEn":"<p>Bill entitled an Act to provide for the assessment of compensation payable on account of the compulsory acquisition of land; to provide for the acquisition of land by vesting order; to provide for the making of advance payments to owners, lessees and occupiers on account of compensation owed to them as a consequence of the compulsory acquisition of land; to provide for the transfer of functions relating to the assessment of compensation for compulsorily acquired land to the Valuation Tribunal; for those purposes to repeal the Acquisition of Land (Assessment of Compensation) Act 1919; and to provide for related matters.<\/p>","longTitleGa":"<p>Bille d\u00e1 ngairtear Acht do dh\u00e9anamh socr\u00fa maidir le meas\u00fanacht a dh\u00e9anamh ar an gc\u00faiteamh is in\u00edoctha ar cuntas f\u00e1il \u00e9igeantach tal\u00fan; do dh\u00e9anamh socr\u00fa maidir le talamh a fh\u00e1il le hord\u00fa d\u00edlseach\u00e1in; do dh\u00e9anamh socr\u00fa maidir le r\u00e9amh\u00edoca\u00edochta\u00ed a dh\u00e9anamh le h\u00fain\u00e9ir\u00ed, l\u00e9asaithe agus \u00e1ititheoir\u00ed ar cuntas c\u00faiteamh at\u00e1 dlite d\u00f3ibh de dhroim f\u00e1il \u00e9igeantach tal\u00fan; do dh\u00e9anamh socr\u00fa maidir le feidhmeanna a bhaineann le meas\u00fanacht a dh\u00e9anamh ar ch\u00faiteamh i leith talamh a fhaightear go h\u00e9igeantach a aistri\u00fa chuig an mBinse Luach\u00e1la; chun na gcr\u00edoch sin, d\u2019aisghairm an <i>Acquisition of Land (Assessment of Compensation) Act, 1919<\/i>; agus do dh\u00e9anamh socr\u00fa i dtaobh nithe gaolmhara.<\/p>","method":"Introduced","methodURI":"https:\/\/data.oireachtas.ie\/ie\/oireachtas\/def\/bill-method\/introduced","mostRecentStage":{"event":{"chamber":{"chamberCode":"dail","showAs":"D\u00e1il \u00c9ireann","uri":"https:\/\/data.oireachtas.ie\/ie\/oireachtas\/def\/house\/dail"},"dates":[{"date":"2025-07-16"}],"house":{"chamberCode":"dail","chamberType":"house","houseCode":"dail","houseNo":"34","showAs":"34th D\u00e1il","uri":"https:\/\/data.oireachtas.ie\/ie\/oireachtas\/house\/dail\/34"},"progressStage":2,"showAs":"Second Stage","stageCompleted":false,"stageOutcome":"Current","stageURI":"https:\/\/data.oireachtas.ie\/ie\/oireachtas\/def\/bill-stage\/2","uri":"https:\/\/data.oireachtas.ie\/ie\/oireachtas\/bill\/2025\/48\/stage\/dail\/2"}},"originHouse":{"showAs":"D\u00e1il \u00c9ireann","uri":"https:\/\/data.oireachtas.ie\/ie\/oireachtas\/def\/house\/dail"},"originHouseURI":"https:\/\/data.oireachtas.ie\/ie\/oireachtas\/def\/house\/dail","relatedDocs":[{"relatedDoc":{"date":"2025-07-16","docType":"memo","formats":{"pdf":{"uri":"https:\/\/data.oireachtas.ie\/ie\/oireachtas\/bill\/2025\/48\/eng\/memo\/b4825d-memo.pdf"},"xml":null},"lang":"eng","showAs":"Explanatory Memorandum","uri":"https:\/\/data.oireachtas.ie\/ie\/oireachtas\/bill\/2025\/48\/eng\/memo"}}],"shortTitleEn":"Compulsory Purchase Order Bill 2025","shortTitleGa":"An Bille um Ord\u00fa Ceannaigh \u00c9igeantaigh, 2025","source":"Private Member","sourceURI":"https:\/\/data.oireachtas.ie\/ie\/oireachtas\/def\/bill-source\/private-member","sponsors":[{"sponsor":{"as":{"showAs":null,"uri":null},"by":{"showAs":"James Geoghegan","uri":"https:\/\/data.oireachtas.ie\/ie\/oireachtas\/member\/id\/James-Geoghegan.D.2024-11-29"},"isPrimary":true}}],"stages":[{"event":{"chamber":{"chamberCode":"dail","showAs":"D\u00e1il \u00c9ireann","uri":"https:\/\/data.oireachtas.ie\/ie\/oireachtas\/def\/house\/dail"},"dates":[{"date":"2025-05-09"},{"date":"2025-05-09"},{"date":"2025-07-16"},{"date":"2025-07-16"}],"house":{"chamberCode":"dail","chamberType":"house","houseCode":"dail","houseNo":"34","showAs":"34th D\u00e1il","uri":"https:\/\/data.oireachtas.ie\/ie\/oireachtas\/house\/dail\/34"},"progressStage":1,"showAs":"First Stage","stageCompleted":true,"stageOutcome":null,"stageURI":"https:\/\/data.oireachtas.ie\/ie\/oireachtas\/def\/bill-stage\/1","uri":"https:\/\/data.oireachtas.ie\/ie\/oireachtas\/bill\/2025\/48\/stage\/dail\/1"}},{"event":{"chamber":{"chamberCode":"dail","showAs":"D\u00e1il \u00c9ireann","uri":"https:\/\/data.oireachtas.ie\/ie\/oireachtas\/def\/house\/dail"},"dates":[{"date":"2025-07-16"}],"house":{"chamberCode":"dail","chamberType":"house","houseCode":"dail","houseNo":"34","showAs":"34th D\u00e1il","uri":"https:\/\/data.oireachtas.ie\/ie\/oireachtas\/house\/dail\/34"},"progressStage":2,"showAs":"Second Stage","stageCompleted":false,"stageOutcome":"Current","stageURI":"https:\/\/data.oireachtas.ie\/ie\/oireachtas\/def\/bill-stage\/2","uri":"https:\/\/data.oireachtas.ie\/ie\/oireachtas\/bill\/2025\/48\/stage\/dail\/2"}}],"status":"Current","statusURI":"https:\/\/data.oireachtas.ie\/ie\/oireachtas\/def\/bill-status\/published","uri":"https:\/\/data.oireachtas.ie\/ie\/oireachtas\/bill\/2025\/48","versions":[{"version":{"date":"2025-07-16","docType":"bill","formats":{"pdf":{"uri":"https:\/\/data.oireachtas.ie\/ie\/oireachtas\/bill\/2025\/48\/eng\/initiated\/b4825d.pdf"},"xml":null},"lang":"eng","showAs":"As Initiated","uri":"https:\/\/data.oireachtas.ie\/ie\/oireachtas\/bill\/2025\/48\/eng\/initiated"}}]},"billSort":{"actNoSort":null,"actShortTitleEnSort":null,"actShortTitleGaSort":null,"actYearSort":null,"billNoSort":48,"billShortTitleEnSort":"compulsory-purchase-order-bill-2025","billShortTitleGaSort":"an-bille-um-ordu-ceannaigh-eigeantaigh-2025","billYearSort":2025},"contextDate":"2025-07-16"},{"bill":{"act":null,"amendmentLists":[],"billNo":"47","billType":"Public","billTypeURI":"https:\/\/data.oireachtas.ie\/ie\/oireachtas\/def\/bill-type\/public","billYear":"2025","debates":[{"chamber":{"showAs":"D\u00e1il \u00c9ireann","uri":"https:\/\/data.oireachtas.ie\/ie\/oireachtas\/def\/house\/dail"},"date":"2025-07-15","debateSectionId":"dbsect_8","showAs":"Road Traffic and Roads (Blood Bikes Exemption) (Amendment) Bill 2025: First Stage","uri":"https:\/\/data.oireachtas.ie\/akn\/ie\/debateRecord\/dail\/2025-07-15\/debate\/main"}],"events":[{"event":{"chamber":{"chamberCode":"dail","showAs":"D\u00e1il \u00c9ireann","uri":"https:\/\/data.oireachtas.ie\/ie\/oireachtas\/def\/house\/dail"},"dates":[{"date":"2025-07-04"},{"date":"2025-07-07"},{"date":"2025-07-15"}],"eventURI":"https:\/\/data.oireachtas.ie\/ie\/oireachtas\/def\/bill-event\/admissibility-for-introduction","showAs":"Admissibility for Introduction","uri":"https:\/\/data.oireachtas.ie\/ie\/oireachtas\/bill\/2025\/47\/admissibility-for-introduction"}}],"lastUpdated":"2025-07-16T08:31:10.950000+00:00","longTitleEn":"<p>Bill entitled an Act to amend the Roads Act 1993 and the Road Traffic Act 1994 to exempt blood bike operators from road tolls and from restrictions from which ambulances are granted exemptions, including access to bus lanes, in the performance of their duties, and to provide for related matters.\u00a0<\/p>","longTitleGa":"<p>Bille d\u00e1 ngairtear Acht do leas\u00fa Acht na mB\u00f3ithre, 1993 agus an Achta um Thr\u00e1cht ar Bh\u00f3ithre, 1994 chun oibritheoir\u00ed rothar fola a dh\u00edolmh\u00fa \u00f3 dhola\u00ed ar bh\u00f3ithre agus \u00f3 shrianta \u00f3na ndeona\u00edtear d\u00edol\u00faint\u00ed d\u2019otharchairr, lena n-\u00e1ir\u00edtear rochtain ar l\u00e1na\u00ed bus, le linn d\u00f3ibh a ndualgais a chomhl\u00edonadh, agus do dh\u00e9anamh socr\u00fa i dtaobh nithe gaolmhara.<\/p>","method":"Introduced","methodURI":"https:\/\/data.oireachtas.ie\/ie\/oireachtas\/def\/bill-method\/introduced","mostRecentStage":{"event":{"chamber":{"chamberCode":"dail","showAs":"D\u00e1il \u00c9ireann","uri":"https:\/\/data.oireachtas.ie\/ie\/oireachtas\/def\/house\/dail"},"dates":[{"date":"2025-07-15"}],"house":{"chamberCode":"dail","chamberType":"house","houseCode":"dail","houseNo":"34","showAs":"34th D\u00e1il","uri":"https:\/\/data.oireachtas.ie\/ie\/oireachtas\/house\/dail\/34"},"progressStage":2,"showAs":"Second Stage","stageCompleted":false,"stageOutcome":"Current","stageURI":"https:\/\/data.oireachtas.ie\/ie\/oireachtas\/def\/bill-stage\/2","uri":"https:\/\/data.oireachtas.ie\/ie\/oireachtas\/bill\/2025\/47\/stage\/dail\/2"}},"originHouse":{"showAs":"D\u00e1il \u00c9ireann","uri":"https:\/\/data.oireachtas.ie\/ie\/oireachtas\/def\/house\/dail"},"originHouseURI":"https:\/\/data.oireachtas.ie\/ie\/oireachtas\/def\/house\/dail","relatedDocs":[{"relatedDoc":{"date":"2025-07-15","docType":"memo","formats":{"pdf":{"uri":"https:\/\/data.oireachtas.ie\/ie\/oireachtas\/bill\/2025\/47\/eng\/memo\/b4725d-memo.pdf"},"xml":null},"lang":"eng","showAs":"Explanatory Memorandum","uri":"https:\/\/data.oireachtas.ie\/ie\/oireachtas\/bill\/2025\/47\/eng\/memo"}}],"shortTitleEn":"Road Traffic and Roads (Blood Bikes Exemption) (Amendment) Bill 2025","shortTitleGa":"An Bille um Thr\u00e1cht ar Bh\u00f3ithre agus um B\u00f3ithre (D\u00edol\u00faine do Rothair Fola) (Leas\u00fa), 2025","source":"Private Member","sourceURI":"https:\/\/data.oireachtas.ie\/ie\/oireachtas\/def\/bill-source\/private-member","sponsors":[{"sponsor":{"as":{"showAs":null,"uri":null},"by":{"showAs":"Aengus \u00d3 Snodaigh","uri":"https:\/\/data.oireachtas.ie\/ie\/oireachtas\/member\/id\/Aengus-\u00d3-Snodaigh.D.2002-06-06"},"isPrimary":true}}],"stages":[{"event":{"chamber":{"chamberCode":"dail","showAs":"D\u00e1il \u00c9ireann","uri":"https:\/\/data.oireachtas.ie\/ie\/oireachtas\/def\/house\/dail"},"dates":[{"date":"2025-07-04"},{"date":"2025-07-07"},{"date":"2025-07-15"},{"date":"2025-07-15"}],"house":{"chamberCode":"dail","chamberType":"house","houseCode":"dail","houseNo":"34","showAs":"34th D\u00e1il","uri":"https:\/\/data.oireachtas.ie\/ie\/oireachtas\/house\/dail\/34"},"progressStage":1,"showAs":"First Stage","stageCompleted":true,"stageOutcome":null,"stageURI":"https:\/\/data.oireachtas.ie\/ie\/oireachtas\/def\/bill-stage\/1","uri":"https:\/\/data.oireachtas.ie\/ie\/oireachtas\/bill\/2025\/47\/stage\/dail\/1"}},{"event":{"chamber":{"chamberCode":"dail","showAs":"D\u00e1il \u00c9ireann","uri":"https:\/\/data.oireachtas.ie\/ie\/oireachtas\/def\/house\/dail"},"dates":[{"date":"2025-07-15"}],"house":{"chamberCode":"dail","chamberType":"house","houseCode":"dail","houseNo":"34","showAs":"34th D\u00e1il","uri":"https:\/\/data.oireachtas.ie\/ie\/oireachtas\/house\/dail\/34"},"progressStage":2,"showAs":"Second Stage","stageCompleted":false,"stageOutcome":"Current","stageURI":"https:\/\/data.oireachtas.ie\/ie\/oireachtas\/def\/bill-stage\/2","uri":"https:\/\/data.oireachtas.ie\/ie\/oireachtas\/bill\/2025\/47\/stage\/dail\/2"}}],"status":"Current","statusURI":"https:\/\/data.oireachtas.ie\/ie\/oireachtas\/def\/bill-status\/published","uri":"https:\/\/data.oireachtas.ie\/ie\/oireachtas\/bill\/2025\/47","versions":[{"version":{"date":"2025-07-15","docType":"bill","formats":{"pdf":{"uri":"https:\/\/data.oireachtas.ie\/ie\/oireachtas\/bill\/2025\/47\/eng\/initiated\/b4725d.pdf"},"xml":null},"lang":"eng","showAs":"As Initiated","uri":"https:\/\/data.oireachtas.ie\/ie\/oireachtas\/bill\/2025\/47\/eng\/initiated"}}]},"billSort":{"actNoSort":null,"actShortTitleEnSort":null,"actShortTitleGaSort":null,"actYearSort":null,"billNoSort":47,"billShortTitleEnSort":"road-traffic-and-roads-blood-bikes-exemption-amendment-bill-2025","billShortTitleGaSort":"an-bille-um-thracht-ar-bhoithre-agus-um-boithre-dioluine-do-rothair-fola-leasu-2025","billYearSort":2025},"contextDate":"2025-07-15"},{"bill":{"act":null,"amendmentLists":[{"amendmentList":{"amendmentTypeUri":{"uri":"https:\/\/data.oireachtas.ie\/ie\/oireachtas\/def\/amendment-type\/numberedList"},"chamber":{"showAs":"Dail","uri":"https:\/\/data.oireachtas.ie\/ie\/oireachtas\/def\/dail"},"date":"2026-06-16","formats":{"pdf":{"uri":"https:\/\/data.oireachtas.ie\/ie\/oireachtas\/bill\/2025\/46\/dail\/3\/amendment\/numberedList\/eng\/b4625d-dcnl.pdf"},"xml":null},"showAs":"Numbered List [D\u00e1il]","stage":{"showAs":"Committee Stage","uri":"https:\/\/data.oireachtas.ie\/ie\/oireachtas\/bill\/2025\/46\/dail\/3"},"stageNo":"3"}}],"billNo":"46","billType":"Public","billTypeURI":"https:\/\/data.oireachtas.ie\/ie\/oireachtas\/def\/bill-type\/public","billYear":"2025","debates":[{"chamber":{"showAs":"Select Committee on Health","uri":"https:\/\/data.oireachtas.ie\/ie\/oireachtas\/def\/committee"},"date":"2026-06-17","debateSectionId":"dbsect_2","showAs":"Health (Amendment) Bill 2025: Committee Stage","uri":"https:\/\/data.oireachtas.ie\/akn\/ie\/debateRecord\/select_committee_on_health\/2026-06-17\/debate\/main"},{"chamber":{"showAs":"D\u00e1il \u00c9ireann","uri":"https:\/\/data.oireachtas.ie\/ie\/oireachtas\/def\/house\/dail"},"date":"2025-07-16","debateSectionId":"dbsect_14","showAs":"Health (Amendment) Bill 2025: Second Stage","uri":"https:\/\/data.oireachtas.ie\/akn\/ie\/debateRecord\/dail\/2025-07-16\/debate\/main"},{"chamber":{"showAs":"D\u00e1il \u00c9ireann","uri":"https:\/\/data.oireachtas.ie\/ie\/oireachtas\/def\/house\/dail"},"date":"2025-07-16","debateSectionId":"dbsect_15","showAs":"Health (Amendment) Bill 2025: Referral to Select Committee","uri":"https:\/\/data.oireachtas.ie\/akn\/ie\/debateRecord\/dail\/2025-07-16\/debate\/main"}],"events":[{"event":{"chamber":{"chamberCode":"dail","showAs":"D\u00e1il \u00c9ireann","uri":"https:\/\/data.oireachtas.ie\/ie\/oireachtas\/def\/house\/dail"},"dates":[{"date":"2025-07-11"}],"eventURI":"https:\/\/data.oireachtas.ie\/ie\/oireachtas\/def\/bill-event\/published","showAs":"Published","uri":"https:\/\/data.oireachtas.ie\/ie\/oireachtas\/bill\/2025\/46\/published"}}],"lastUpdated":"2026-06-29T15:45:07.460000+00:00","longTitleEn":"<p>Bill entitled an Act to amend the Health Act 2004 to provide for revised corporate governance and accountability arrangements of the Health Service Executive; to provide for the conferral of certain functions with regard to those revised arrangements on the Minister for Children, Disability and Equality; to provide for consultation in certain matters between, and joint functions of, the Minister for Health and the Minister for Children, Disability and Equality with regard to those revised arrangements; and to provide for related matters.<\/p>","longTitleGa":"<p>Bille d\u00e1 ngairtear Acht do leas\u00fa an Achta Sl\u00e1inte, 2004 chun socr\u00fa a dh\u00e9anamh maidir le socruithe athleasaithe de chuid Fheidhmeannacht na Seirbh\u00edse Sl\u00e1inte i nd\u00e1il le rialachas corpar\u00e1ideach agus cuntasacht; do dh\u00e9anamh socr\u00fa maidir le feidhmeanna \u00e1irithe i nd\u00e1il leis na socruithe athleasaithe sin a thabhairt don Aire Leana\u00ed, M\u00edchumais agus Comhionannais; do dh\u00e9anamh socr\u00fa maidir le comhchomhairle faoi nithe \u00e1irithe idir an tAire Sl\u00e1inte agus an tAire Leana\u00ed, M\u00edchumais agus Comhionannais, agus maidir le comhfheidhmeanna de chuid na nAir\u00ed sin, i nd\u00e1il leis na socruithe athleasaithe sin; agus do dh\u00e9anamh socr\u00fa i dtaobh nithe gaolmhara.<\/p>","method":"Presented","methodURI":"https:\/\/data.oireachtas.ie\/ie\/oireachtas\/def\/bill-method\/presented","mostRecentStage":{"event":{"chamber":{"chamberCode":"dail","showAs":"D\u00e1il \u00c9ireann","uri":"https:\/\/data.oireachtas.ie\/ie\/oireachtas\/def\/house\/dail"},"dates":[{"date":"2025-07-16"}],"house":{"chamberCode":"dail","chamberType":"house","houseCode":"dail","houseNo":"34","showAs":"34th D\u00e1il","uri":"https:\/\/data.oireachtas.ie\/ie\/oireachtas\/house\/dail\/34"},"progressStage":3,"showAs":"Committee Stage","stageCompleted":true,"stageOutcome":null,"stageURI":"https:\/\/data.oireachtas.ie\/ie\/oireachtas\/def\/bill-stage\/3","uri":"https:\/\/data.oireachtas.ie\/ie\/oireachtas\/bill\/2025\/46\/stage\/dail\/3"}},"originHouse":{"showAs":"D\u00e1il \u00c9ireann","uri":"https:\/\/data.oireachtas.ie\/ie\/oireachtas\/def\/house\/dail"},"originHouseURI":"https:\/\/data.oireachtas.ie\/ie\/oireachtas\/def\/house\/dail","relatedDocs":[{"relatedDoc":{"date":"2025-07-16","docType":"gluais","formats":{"pdf":{"uri":"https:\/\/data.oireachtas.ie\/ie\/oireachtas\/bill\/2025\/46\/mul\/gluais\/gluais-10-2025-an-bille-slainte-leasu-2025.pdf"},"xml":null},"lang":"mul","showAs":"Glossary\/Gluais","uri":"https:\/\/data.oireachtas.ie\/ie\/oireachtas\/bill\/2025\/46\/mul\/gluais"}},{"relatedDoc":{"date":"2025-07-11","docType":"memo","formats":{"pdf":{"uri":"https:\/\/data.oireachtas.ie\/ie\/oireachtas\/bill\/2025\/46\/eng\/memo\/b4625d-memo.pdf"},"xml":null},"lang":"eng","showAs":"Explanatory Memorandum","uri":"https:\/\/data.oireachtas.ie\/ie\/oireachtas\/bill\/2025\/46\/eng\/memo"}}],"shortTitleEn":"Health (Amendment) Bill 2025","shortTitleGa":"An Bille Sl\u00e1inte (Leas\u00fa), 2025","source":"Government","sourceURI":"https:\/\/data.oireachtas.ie\/ie\/oireachtas\/def\/bill-source\/government","sponsors":[{"sponsor":{"isPrimary":true,"as":{"showAs":"Minister for Health","uri":null},"by":{"showAs":null,"uri":null}}}],"stages":[{"event":{"chamber":{"chamberCode":"dail","showAs":"D\u00e1il \u00c9ireann","uri":"https:\/\/data.oireachtas.ie\/ie\/oireachtas\/def\/house\/dail"},"dates":[{"date":"2025-07-11"},{"date":"2025-07-11"}],"house":{"chamberCode":"dail","chamberType":"house","houseCode":"dail","houseNo":"34","showAs":"34th D\u00e1il","uri":"https:\/\/data.oireachtas.ie\/ie\/oireachtas\/house\/dail\/34"},"progressStage":1,"showAs":"First Stage","stageCompleted":true,"stageOutcome":null,"stageURI":"https:\/\/data.oireachtas.ie\/ie\/oireachtas\/def\/bill-stage\/1","uri":"https:\/\/data.oireachtas.ie\/ie\/oireachtas\/bill\/2025\/46\/stage\/dail\/1"}},{"event":{"chamber":{"chamberCode":"dail","showAs":"D\u00e1il \u00c9ireann","uri":"https:\/\/data.oireachtas.ie\/ie\/oireachtas\/def\/house\/dail"},"dates":[{"date":"2025-07-11"}],"house":{"chamberCode":"dail","chamberType":"house","houseCode":"dail","houseNo":"34","showAs":"34th D\u00e1il","uri":"https:\/\/data.oireachtas.ie\/ie\/oireachtas\/house\/dail\/34"},"progressStage":2,"showAs":"Second Stage","stageCompleted":true,"stageOutcome":null,"stageURI":"https:\/\/data.oireachtas.ie\/ie\/oireachtas\/def\/bill-stage\/2","uri":"https:\/\/data.oireachtas.ie\/ie\/oireachtas\/bill\/2025\/46\/stage\/dail\/2"}},{"event":{"chamber":{"chamberCode":"dail","showAs":"D\u00e1il \u00c9ireann","uri":"https:\/\/data.oireachtas.ie\/ie\/oireachtas\/def\/house\/dail"},"dates":[{"date":"2025-07-16"}],"house":{"chamberCode":"dail","chamberType":"house","houseCode":"dail","houseNo":"34","showAs":"34th D\u00e1il","uri":"https:\/\/data.oireachtas.ie\/ie\/oireachtas\/house\/dail\/34"},"progressStage":3,"showAs":"Committee Stage","stageCompleted":true,"stageOutcome":null,"stageURI":"https:\/\/data.oireachtas.ie\/ie\/oireachtas\/def\/bill-stage\/3","uri":"https:\/\/data.oireachtas.ie\/ie\/oireachtas\/bill\/2025\/46\/stage\/dail\/3"}}],"status":"Current","statusURI":"https:\/\/data.oireachtas.ie\/ie\/oireachtas\/def\/bill-status\/published","uri":"https:\/\/data.oireachtas.ie\/ie\/oireachtas\/bill\/2025\/46","versions":[{"version":{"lang":"eng","docType":"bill","showAs":"As amended in Committee\/Select Committee [D\u00e1il \u00c9ireann]","date":"2026-06-18","formats":{"pdf":{"uri":"https:\/\/data.oireachtas.ie\/ie\/oireachtas\/bill\/2025\/46\/eng\/ver_a\/b46a25d.pdf"},"xml":null},"uri":"https:\/\/data.oireachtas.ie\/ie\/oireachtas\/bill\/2025\/46\/eng\/ver_a"}},{"version":{"lang":"eng","docType":"bill","showAs":"As Initiated","date":"2025-07-11","formats":{"pdf":{"uri":"https:\/\/data.oireachtas.ie\/ie\/oireachtas\/bill\/2025\/46\/eng\/initiated\/b4625d.pdf"},"xml":null},"uri":"https:\/\/data.oireachtas.ie\/ie\/oireachtas\/bill\/2025\/46\/eng\/initiated"}}]},"contextDate":"2025-07-16","billSort":{"actNoSort":null,"actShortTitleEnSort":null,"actShortTitleGaSort":null,"actYearSort":null,"billNoSort":46,"billShortTitleEnSort":"health-amendment-bill-2025","billShortTitleGaSort":"an-bille-slainte-leasu-2025","billYearSort":2025}},{"bill":{"act":null,"amendmentLists":[],"billNo":"45","billType":"Public","billTypeURI":"https:\/\/data.oireachtas.ie\/ie\/oireachtas\/def\/bill-type\/public","billYear":"2025","debates":[{"chamber":{"showAs":"D\u00e1il \u00c9ireann","uri":"https:\/\/data.oireachtas.ie\/ie\/oireachtas\/def\/house\/dail"},"date":"2025-07-09","debateSectionId":"dbsect_13","showAs":"Coroners (Amendment) Bill 2025: First Stage","uri":"https:\/\/data.oireachtas.ie\/akn\/ie\/debateRecord\/dail\/2025-07-09\/debate\/main"}],"events":[{"event":{"chamber":{"chamberCode":"dail","showAs":"D\u00e1il \u00c9ireann","uri":"https:\/\/data.oireachtas.ie\/ie\/oireachtas\/def\/house\/dail"},"dates":[{"date":"2025-06-27"},{"date":"2025-07-08"},{"date":"2025-07-09"}],"eventURI":"https:\/\/data.oireachtas.ie\/ie\/oireachtas\/def\/bill-event\/admissibility-for-introduction","showAs":"Admissibility for Introduction","uri":"https:\/\/data.oireachtas.ie\/ie\/oireachtas\/bill\/2025\/45\/admissibility-for-introduction"}}],"lastUpdated":"2025-07-10T13:13:32.230000+00:00","longTitleEn":"<p>Bill entitled an Act to amend the Act of 1962, to provide for a verdict of Iatrogenic Suicide and related matters.<\/p>","longTitleGa":"<p>Bille d\u00e1 ngairtear Acht do leas\u00fa Acht 1962, chun socr\u00fa a dh\u00e9anamh maidir le f\u00edorasc arb \u00e9ard \u00e9 F\u00e9inmhar\u00fa Iatraigineach agus i dtaobh nithe gaolmhara.<\/p>","method":"Introduced","methodURI":"https:\/\/data.oireachtas.ie\/ie\/oireachtas\/def\/bill-method\/introduced","mostRecentStage":{"event":{"chamber":{"chamberCode":"dail","showAs":"D\u00e1il \u00c9ireann","uri":"https:\/\/data.oireachtas.ie\/ie\/oireachtas\/def\/house\/dail"},"dates":[{"date":"2025-07-09"}],"house":{"chamberCode":"dail","chamberType":"house","houseCode":"dail","houseNo":"34","showAs":"34th D\u00e1il","uri":"https:\/\/data.oireachtas.ie\/ie\/oireachtas\/house\/dail\/34"},"progressStage":2,"showAs":"Second Stage","stageCompleted":false,"stageOutcome":"Current","stageURI":"https:\/\/data.oireachtas.ie\/ie\/oireachtas\/def\/bill-stage\/2","uri":"https:\/\/data.oireachtas.ie\/ie\/oireachtas\/bill\/2025\/45\/stage\/dail\/2"}},"originHouse":{"showAs":"D\u00e1il \u00c9ireann","uri":"https:\/\/data.oireachtas.ie\/ie\/oireachtas\/def\/house\/dail"},"originHouseURI":"https:\/\/data.oireachtas.ie\/ie\/oireachtas\/def\/house\/dail","relatedDocs":[{"relatedDoc":{"date":"2025-07-09","docType":"memo","formats":{"pdf":{"uri":"https:\/\/data.oireachtas.ie\/ie\/oireachtas\/bill\/2025\/45\/eng\/memo\/b4525d-memo.pdf"},"xml":null},"lang":"eng","showAs":"Explanatory Memorandum","uri":"https:\/\/data.oireachtas.ie\/ie\/oireachtas\/bill\/2025\/45\/eng\/memo"}}],"shortTitleEn":"Coroners (Amendment) Bill 2025","shortTitleGa":"An Bille Cr\u00f3in\u00e9ir\u00ed (Leas\u00fa), 2025","source":"Private Member","sourceURI":"https:\/\/data.oireachtas.ie\/ie\/oireachtas\/def\/bill-source\/private-member","sponsors":[{"sponsor":{"as":{"showAs":null,"uri":null},"by":{"showAs":"Mark Ward","uri":"https:\/\/data.oireachtas.ie\/ie\/oireachtas\/member\/id\/Mark-Ward.D.2019-11-29"},"isPrimary":true}},{"sponsor":{"as":{"showAs":null,"uri":null},"by":{"showAs":"P\u00e1draig Mac Lochlainn","uri":"https:\/\/data.oireachtas.ie\/ie\/oireachtas\/member\/id\/P\u00e1draig-MacLochlainn.D.2011-03-09"},"isPrimary":false}}],"stages":[{"event":{"chamber":{"chamberCode":"dail","showAs":"D\u00e1il \u00c9ireann","uri":"https:\/\/data.oireachtas.ie\/ie\/oireachtas\/def\/house\/dail"},"dates":[{"date":"2025-06-27"},{"date":"2025-07-08"},{"date":"2025-07-09"},{"date":"2025-07-09"}],"house":{"chamberCode":"dail","chamberType":"house","houseCode":"dail","houseNo":"34","showAs":"34th D\u00e1il","uri":"https:\/\/data.oireachtas.ie\/ie\/oireachtas\/house\/dail\/34"},"progressStage":1,"showAs":"First Stage","stageCompleted":true,"stageOutcome":null,"stageURI":"https:\/\/data.oireachtas.ie\/ie\/oireachtas\/def\/bill-stage\/1","uri":"https:\/\/data.oireachtas.ie\/ie\/oireachtas\/bill\/2025\/45\/stage\/dail\/1"}},{"event":{"chamber":{"chamberCode":"dail","showAs":"D\u00e1il \u00c9ireann","uri":"https:\/\/data.oireachtas.ie\/ie\/oireachtas\/def\/house\/dail"},"dates":[{"date":"2025-07-09"}],"house":{"chamberCode":"dail","chamberType":"house","houseCode":"dail","houseNo":"34","showAs":"34th D\u00e1il","uri":"https:\/\/data.oireachtas.ie\/ie\/oireachtas\/house\/dail\/34"},"progressStage":2,"showAs":"Second Stage","stageCompleted":false,"stageOutcome":"Current","stageURI":"https:\/\/data.oireachtas.ie\/ie\/oireachtas\/def\/bill-stage\/2","uri":"https:\/\/data.oireachtas.ie\/ie\/oireachtas\/bill\/2025\/45\/stage\/dail\/2"}}],"status":"Current","statusURI":"https:\/\/data.oireachtas.ie\/ie\/oireachtas\/def\/bill-status\/published","uri":"https:\/\/data.oireachtas.ie\/ie\/oireachtas\/bill\/2025\/45","versions":[{"version":{"date":"2025-07-09","docType":"bill","formats":{"pdf":{"uri":"https:\/\/data.oireachtas.ie\/ie\/oireachtas\/bill\/2025\/45\/eng\/initiated\/b4525d.pdf"},"xml":null},"lang":"eng","showAs":"As Initiated","uri":"https:\/\/data.oireachtas.ie\/ie\/oireachtas\/bill\/2025\/45\/eng\/initiated"}}]},"billSort":{"actNoSort":null,"actShortTitleEnSort":null,"actShortTitleGaSort":null,"actYearSort":null,"billNoSort":45,"billShortTitleEnSort":"coroners-amendment-bill-2025","billShortTitleGaSort":"an-bille-croineiri-leasu-2025","billYearSort":2025},"contextDate":"2025-07-09"},{"bill":{"act":null,"amendmentLists":[{"amendmentList":{"amendmentTypeUri":{"uri":"https:\/\/data.oireachtas.ie\/ie\/oireachtas\/def\/amendment-type\/numberedList"},"chamber":{"showAs":"Dail","uri":"https:\/\/data.oireachtas.ie\/ie\/oireachtas\/def\/dail"},"date":"2025-12-16","formats":{"pdf":{"uri":"https:\/\/data.oireachtas.ie\/ie\/oireachtas\/bill\/2025\/44\/dail\/4\/amendment\/numberedList\/eng\/b44a25d-drnl.pdf"},"xml":null},"showAs":"Numbered List [D\u00e1il]","stage":{"showAs":"Report Stage","uri":"https:\/\/data.oireachtas.ie\/ie\/oireachtas\/bill\/2025\/44\/dail\/4"},"stageNo":"4"}},{"amendmentList":{"amendmentTypeUri":{"uri":"https:\/\/data.oireachtas.ie\/ie\/oireachtas\/def\/amendment-type\/numberedList"},"chamber":{"showAs":"Dail","uri":"https:\/\/data.oireachtas.ie\/ie\/oireachtas\/def\/dail"},"date":"2025-12-01","formats":{"pdf":{"uri":"https:\/\/data.oireachtas.ie\/ie\/oireachtas\/bill\/2025\/44\/dail\/3\/amendment\/numberedList\/eng\/b4425d-dcnl.pdf"},"xml":null},"showAs":"Numbered List [D\u00e1il]","stage":{"showAs":"Committee Stage","uri":"https:\/\/data.oireachtas.ie\/ie\/oireachtas\/bill\/2025\/44\/dail\/3"},"stageNo":"3"}}],"billNo":"44","billType":"Public","billTypeURI":"https:\/\/data.oireachtas.ie\/ie\/oireachtas\/def\/bill-type\/public","billYear":"2025","debates":[{"chamber":{"showAs":"Seanad \u00c9ireann","uri":"https:\/\/data.oireachtas.ie\/ie\/oireachtas\/def\/house\/seanad"},"date":"2026-04-15","debateSectionId":"dbsect_9","showAs":"Proceeds of Crime and Related Matters Bill 2025: Second Stage","uri":"https:\/\/data.oireachtas.ie\/akn\/ie\/debateRecord\/seanad\/2026-04-15\/debate\/main"},{"chamber":{"showAs":"D\u00e1il \u00c9ireann","uri":"https:\/\/data.oireachtas.ie\/ie\/oireachtas\/def\/house\/dail"},"date":"2025-12-17","debateSectionId":"dbsect_18","showAs":"Proceeds of Crime and Related Matters Bill 2025: Report and Final Stages","uri":"https:\/\/data.oireachtas.ie\/akn\/ie\/debateRecord\/dail\/2025-12-17\/debate\/main"},{"chamber":{"showAs":"Select Committee on Justice, Home Affairs and Migration","uri":"https:\/\/data.oireachtas.ie\/ie\/oireachtas\/def\/committee"},"date":"2025-12-02","debateSectionId":"dbsect_2","showAs":"Proceeds of Crime and Related Matters Bill 2025: Committee Stage","uri":"https:\/\/data.oireachtas.ie\/akn\/ie\/debateRecord\/select_committee_on_justice_home_affairs_and_migration\/2025-12-02\/debate\/main"},{"chamber":{"showAs":"D\u00e1il \u00c9ireann","uri":"https:\/\/data.oireachtas.ie\/ie\/oireachtas\/def\/house\/dail"},"date":"2025-07-17","debateSectionId":"dbsect_40","showAs":"Proceeds of Crime and Related Matters Bill 2025: Second Stage","uri":"https:\/\/data.oireachtas.ie\/akn\/ie\/debateRecord\/dail\/2025-07-17\/debate\/main"},{"chamber":{"showAs":"D\u00e1il \u00c9ireann","uri":"https:\/\/data.oireachtas.ie\/ie\/oireachtas\/def\/house\/dail"},"date":"2025-07-17","debateSectionId":"dbsect_41","showAs":"Proceeds of Crime and Related Matters Bill 2025: Referral to Select Committee","uri":"https:\/\/data.oireachtas.ie\/akn\/ie\/debateRecord\/dail\/2025-07-17\/debate\/main"}],"events":[{"event":{"chamber":{"chamberCode":"dail","showAs":"D\u00e1il \u00c9ireann","uri":"https:\/\/data.oireachtas.ie\/ie\/oireachtas\/def\/house\/dail"},"dates":[{"date":"2025-07-09"}],"eventURI":"https:\/\/data.oireachtas.ie\/ie\/oireachtas\/def\/bill-event\/published","showAs":"Published","uri":"https:\/\/data.oireachtas.ie\/ie\/oireachtas\/bill\/2025\/44\/published"}}],"lastUpdated":"2026-04-17T09:12:18.340000+00:00","longTitleEn":"<p>Bill entitled an Act to provide for the continued detention of property for the purposes of an investigation by the Criminal Assets Bureau in certain circumstances; to provide for the giving of payment freezing directions by a bureau officer, and the making of payment freezing orders by the District Court, in respect of funds in accounts in certain circumstances; to reduce the period of time an interlocutory order is required to be in place before a disposal order can be made in respect of certain property; to provide for the appointment of a receiver to deprive a person of the ongoing benefit and use of property in certain circumstances and for those and other purposes to amend the Proceeds of Crime Act 1996; to amend the National Archives Act 1986; to amend the Criminal Justice Act 1994; to amend the Criminal Assets Bureau Act 1996; to amend the Criminal Justice (Terrorist Offences) Act 2005; to amend the Criminal Justice (Corruption Offences) Act 2018; and to provide for related matters.<\/p>","longTitleGa":"<p>Bille d\u00e1 ngairtear Acht do dh\u00e9anamh socr\u00fa chun go leanfar de mhaoin a choinne\u00e1il chun cr\u00edoch imscr\u00fadaithe ag an mBi\u00far\u00f3 um Sh\u00f3cmhainn\u00ed Coiri\u00fala in imthosca \u00e1irithe; do dh\u00e9anamh socr\u00fa maidir le hoifigeach bi\u00far\u00f3 do thabhairt treoruithe calctha \u00edoca\u00edochta\u00ed, agus maidir leis an gC\u00fairt D\u00faiche do dh\u00e9anamh orduithe calctha \u00edoca\u00edochta\u00ed, i leith cist\u00ed I gcuntais in imthosca \u00e1irithe; do laghd\u00fa na tr\u00e9imhse ama arb ar a feadh is g\u00e1 d\u2019ord\u00fa idirbhreitheach a bheith i bhfeidhm sular f\u00e9idir ord\u00fa di\u00fascartha a dh\u00e9anamh i leith maoin \u00e1irithe; do dh\u00e9anamh socr\u00fa maidir le glacad\u00f3ir a cheapadh chun an cumas tairbhe agus \u00fas\u00e1id lean\u00fanach a bhaint as maoin a bhaint de dhuine in imthosca \u00e1irithe agus chun na gcr\u00edoch sin agus chun cr\u00edoch eile do leas\u00fa an Achta um Fh\u00e1ltais \u00f3 Choireacht, 1996; do leas\u00fa an Achta um Chartlann N\u00e1isi\u00fanta, 1986; do leas\u00fa an Achta um Cheartas Coiri\u00fail, 1994; do leas\u00fa an Achta f\u00e1n mBi\u00far\u00f3 um Sh\u00f3cmhainn\u00ed Coiri\u00fala, 1996; do leas\u00fa an Achta um Cheartas Coiri\u00fail (Cionta Sceimhlitheoireachta), 2005; do leas\u00fa an Achta um Cheartas Coiri\u00fail (Cionta \u00c9illithe), 2018; agus do dh\u00e9anamh socr\u00fa i dtaobh nithe gaolmhara.<\/p>","method":"Presented","methodURI":"https:\/\/data.oireachtas.ie\/ie\/oireachtas\/def\/bill-method\/presented","mostRecentStage":{"event":{"chamber":{"chamberCode":"seanad","showAs":"Seanad \u00c9ireann","uri":"https:\/\/data.oireachtas.ie\/ie\/oireachtas\/def\/house\/seanad"},"dates":[{"date":"2026-04-15"}],"house":{"chamberCode":"seanad","chamberType":"house","houseCode":"seanad","houseNo":"27","showAs":"27th Seanad","uri":"https:\/\/data.oireachtas.ie\/ie\/oireachtas\/house\/seanad\/27"},"progressStage":6,"showAs":"Second Stage","stageCompleted":true,"stageOutcome":null,"stageURI":"https:\/\/data.oireachtas.ie\/ie\/oireachtas\/def\/bill-stage\/2","uri":"https:\/\/data.oireachtas.ie\/ie\/oireachtas\/bill\/2025\/44\/stage\/seanad\/2"}},"originHouse":{"showAs":"D\u00e1il \u00c9ireann","uri":"https:\/\/data.oireachtas.ie\/ie\/oireachtas\/def\/house\/dail"},"originHouseURI":"https:\/\/data.oireachtas.ie\/ie\/oireachtas\/def\/house\/dail","relatedDocs":[{"relatedDoc":{"date":"2025-07-17","docType":"gluais","formats":{"pdf":{"uri":"https:\/\/data.oireachtas.ie\/ie\/oireachtas\/bill\/2025\/44\/mul\/gluais\/gluais-11-2025-an-bille-um-fhaltais-o-choireacht-agus-nithe-gaolmhara-2025.pdf"},"xml":null},"lang":"mul","showAs":"Glossary\/Gluais","uri":"https:\/\/data.oireachtas.ie\/ie\/oireachtas\/bill\/2025\/44\/mul\/gluais"}},{"relatedDoc":{"date":"2025-07-09","docType":"memo","formats":{"pdf":{"uri":"https:\/\/data.oireachtas.ie\/ie\/oireachtas\/bill\/2025\/44\/eng\/memo\/b4425d-memo.pdf"},"xml":null},"lang":"eng","showAs":"Explanatory Memorandum","uri":"https:\/\/data.oireachtas.ie\/ie\/oireachtas\/bill\/2025\/44\/eng\/memo"}}],"shortTitleEn":"Proceeds of Crime and Related Matters Bill 2025","shortTitleGa":"An Bille um Fh\u00e1ltais \u00f3 Choireacht agus Nithe Gaolmhara, 2025","source":"Government","sourceURI":"https:\/\/data.oireachtas.ie\/ie\/oireachtas\/def\/bill-source\/government","sponsors":[{"sponsor":{"isPrimary":true,"as":{"showAs":"Minister for Justice, Home Affairs and Migration","uri":null},"by":{"showAs":null,"uri":null}}}],"stages":[{"event":{"chamber":{"chamberCode":"dail","showAs":"D\u00e1il \u00c9ireann","uri":"https:\/\/data.oireachtas.ie\/ie\/oireachtas\/def\/house\/dail"},"dates":[{"date":"2025-07-09"},{"date":"2025-07-09"}],"house":{"chamberCode":"dail","chamberType":"house","houseCode":"dail","houseNo":"34","showAs":"34th D\u00e1il","uri":"https:\/\/data.oireachtas.ie\/ie\/oireachtas\/house\/dail\/34"},"progressStage":1,"showAs":"First Stage","stageCompleted":true,"stageOutcome":null,"stageURI":"https:\/\/data.oireachtas.ie\/ie\/oireachtas\/def\/bill-stage\/1","uri":"https:\/\/data.oireachtas.ie\/ie\/oireachtas\/bill\/2025\/44\/stage\/dail\/1"}},{"event":{"chamber":{"chamberCode":"dail","showAs":"D\u00e1il \u00c9ireann","uri":"https:\/\/data.oireachtas.ie\/ie\/oireachtas\/def\/house\/dail"},"dates":[{"date":"2025-07-09"}],"house":{"chamberCode":"dail","chamberType":"house","houseCode":"dail","houseNo":"34","showAs":"34th D\u00e1il","uri":"https:\/\/data.oireachtas.ie\/ie\/oireachtas\/house\/dail\/34"},"progressStage":2,"showAs":"Second Stage","stageCompleted":true,"stageOutcome":null,"stageURI":"https:\/\/data.oireachtas.ie\/ie\/oireachtas\/def\/bill-stage\/2","uri":"https:\/\/data.oireachtas.ie\/ie\/oireachtas\/bill\/2025\/44\/stage\/dail\/2"}},{"event":{"chamber":{"chamberCode":"dail","showAs":"D\u00e1il \u00c9ireann","uri":"https:\/\/data.oireachtas.ie\/ie\/oireachtas\/def\/house\/dail"},"dates":[{"date":"2025-07-17"}],"house":{"chamberCode":"dail","chamberType":"house","houseCode":"dail","houseNo":"34","showAs":"34th D\u00e1il","uri":"https:\/\/data.oireachtas.ie\/ie\/oireachtas\/house\/dail\/34"},"progressStage":3,"showAs":"Committee Stage","stageCompleted":true,"stageOutcome":null,"stageURI":"https:\/\/data.oireachtas.ie\/ie\/oireachtas\/def\/bill-stage\/3","uri":"https:\/\/data.oireachtas.ie\/ie\/oireachtas\/bill\/2025\/44\/stage\/dail\/3"}},{"event":{"chamber":{"chamberCode":"dail","showAs":"D\u00e1il \u00c9ireann","uri":"https:\/\/data.oireachtas.ie\/ie\/oireachtas\/def\/house\/dail"},"dates":[{"date":"2025-12-17"}],"house":{"chamberCode":"dail","chamberType":"house","houseCode":"dail","houseNo":"34","showAs":"34th D\u00e1il","uri":"https:\/\/data.oireachtas.ie\/ie\/oireachtas\/house\/dail\/34"},"progressStage":4,"showAs":"Report Stage","stageCompleted":true,"stageOutcome":null,"stageURI":"https:\/\/data.oireachtas.ie\/ie\/oireachtas\/def\/bill-stage\/4","uri":"https:\/\/data.oireachtas.ie\/ie\/oireachtas\/bill\/2025\/44\/stage\/dail\/4"}},{"event":{"chamber":{"chamberCode":"dail","showAs":"D\u00e1il \u00c9ireann","uri":"https:\/\/data.oireachtas.ie\/ie\/oireachtas\/def\/house\/dail"},"dates":[{"date":"2025-12-17"}],"house":{"chamberCode":"dail","chamberType":"house","houseCode":"dail","houseNo":"34","showAs":"34th D\u00e1il","uri":"https:\/\/data.oireachtas.ie\/ie\/oireachtas\/house\/dail\/34"},"progressStage":5,"showAs":"Fifth Stage","stageCompleted":true,"stageOutcome":null,"stageURI":"https:\/\/data.oireachtas.ie\/ie\/oireachtas\/def\/bill-stage\/5","uri":"https:\/\/data.oireachtas.ie\/ie\/oireachtas\/bill\/2025\/44\/stage\/dail\/5"}},{"event":{"chamber":{"chamberCode":"seanad","showAs":"Seanad \u00c9ireann","uri":"https:\/\/data.oireachtas.ie\/ie\/oireachtas\/def\/house\/seanad"},"dates":[{"date":"2026-04-15"}],"house":{"chamberCode":"seanad","chamberType":"house","houseCode":"seanad","houseNo":"27","showAs":"27th Seanad","uri":"https:\/\/data.oireachtas.ie\/ie\/oireachtas\/house\/seanad\/27"},"progressStage":6,"showAs":"Second Stage","stageCompleted":true,"stageOutcome":null,"stageURI":"https:\/\/data.oireachtas.ie\/ie\/oireachtas\/def\/bill-stage\/2","uri":"https:\/\/data.oireachtas.ie\/ie\/oireachtas\/bill\/2025\/44\/stage\/seanad\/2"}}],"status":"Current","statusURI":"https:\/\/data.oireachtas.ie\/ie\/oireachtas\/def\/bill-status\/published","uri":"https:\/\/data.oireachtas.ie\/ie\/oireachtas\/bill\/2025\/44","versions":[{"version":{"lang":"eng","docType":"bill","showAs":"As amended in Committee\/Select Committee [D\u00e1il \u00c9ireann]","date":"2025-12-02","formats":{"pdf":{"uri":"https:\/\/data.oireachtas.ie\/ie\/oireachtas\/bill\/2025\/44\/eng\/ver_a\/b44a25d.pdf"},"xml":null},"uri":"https:\/\/data.oireachtas.ie\/ie\/oireachtas\/bill\/2025\/44\/eng\/ver_a"}},{"version":{"lang":"eng","docType":"bill","showAs":"As Initiated","date":"2025-07-09","formats":{"pdf":{"uri":"https:\/\/data.oireachtas.ie\/ie\/oireachtas\/bill\/2025\/44\/eng\/initiated\/b4425d.pdf"},"xml":null},"uri":"https:\/\/data.oireachtas.ie\/ie\/oireachtas\/bill\/2025\/44\/eng\/initiated"}}]},"contextDate":"2026-04-15","billSort":{"actNoSort":null,"actShortTitleEnSort":null,"actShortTitleGaSort":null,"actYearSort":null,"billNoSort":44,"billShortTitleEnSort":"proceeds-of-crime-and-related-matters-bill-2025","billShortTitleGaSort":"an-bille-um-fhaltais-o-choireacht-agus-nithe-gaolmhara-2025","billYearSort":2025}},{"bill":{"act":null,"amendmentLists":[],"billNo":"43","billType":"Public","billTypeURI":"https:\/\/data.oireachtas.ie\/ie\/oireachtas\/def\/bill-type\/public","billYear":"2025","debates":[{"chamber":{"showAs":"D\u00e1il \u00c9ireann","uri":"https:\/\/data.oireachtas.ie\/ie\/oireachtas\/def\/house\/dail"},"date":"2025-07-03","debateSectionId":"dbsect_39","showAs":"Health (Availability of General Practitioner Services) Bill 2025: First Stage","uri":"https:\/\/data.oireachtas.ie\/akn\/ie\/debateRecord\/dail\/2025-07-03\/debate\/main"}],"events":[{"event":{"chamber":{"chamberCode":"dail","showAs":"D\u00e1il \u00c9ireann","uri":"https:\/\/data.oireachtas.ie\/ie\/oireachtas\/def\/house\/dail"},"dates":[{"date":"2025-05-30"},{"date":"2025-07-03"},{"date":"2025-07-03"}],"eventURI":"https:\/\/data.oireachtas.ie\/ie\/oireachtas\/def\/bill-event\/admissibility-for-introduction","showAs":"Admissibility for Introduction","uri":"https:\/\/data.oireachtas.ie\/ie\/oireachtas\/bill\/2025\/43\/admissibility-for-introduction"}}],"lastUpdated":"2025-07-04T09:26:40.080000+00:00","longTitleEn":"<p>Bill entitled an Act to make provision in relation to the availability of general practitioner medical and surgical services throughout the State, and to provide for related matters.<\/p>","longTitleGa":"<p>Bille d\u00e1 ngairtear Acht do dh\u00e9anamh socr\u00fa i nd\u00e1il le hinfhaighteacht seirbh\u00eds\u00ed liachta agus m\u00e1inliachta lia-chleacht\u00f3ir\u00ed ginear\u00e1lta ar fud an St\u00e1it, agus do dh\u00e9anamh socr\u00fa i dtaobh nithe gaolmhara.<\/p>","method":"Introduced","methodURI":"https:\/\/data.oireachtas.ie\/ie\/oireachtas\/def\/bill-method\/introduced","mostRecentStage":{"event":{"chamber":{"chamberCode":"dail","showAs":"D\u00e1il \u00c9ireann","uri":"https:\/\/data.oireachtas.ie\/ie\/oireachtas\/def\/house\/dail"},"dates":[{"date":"2025-07-03"}],"house":{"chamberCode":"dail","chamberType":"house","houseCode":"dail","houseNo":"34","showAs":"34th D\u00e1il","uri":"https:\/\/data.oireachtas.ie\/ie\/oireachtas\/house\/dail\/34"},"progressStage":2,"showAs":"Second Stage","stageCompleted":false,"stageOutcome":"Current","stageURI":"https:\/\/data.oireachtas.ie\/ie\/oireachtas\/def\/bill-stage\/2","uri":"https:\/\/data.oireachtas.ie\/ie\/oireachtas\/bill\/2025\/43\/stage\/dail\/2"}},"originHouse":{"showAs":"D\u00e1il \u00c9ireann","uri":"https:\/\/data.oireachtas.ie\/ie\/oireachtas\/def\/house\/dail"},"originHouseURI":"https:\/\/data.oireachtas.ie\/ie\/oireachtas\/def\/house\/dail","relatedDocs":[{"relatedDoc":{"date":"2025-07-03","docType":"memo","formats":{"pdf":{"uri":"https:\/\/data.oireachtas.ie\/ie\/oireachtas\/bill\/2025\/43\/eng\/memo\/b4325d-memo.pdf"},"xml":null},"lang":"eng","showAs":"Explanatory Memorandum","uri":"https:\/\/data.oireachtas.ie\/ie\/oireachtas\/bill\/2025\/43\/eng\/memo"}}],"shortTitleEn":"Health (Availability of General Practitioner Services) Bill 2025","shortTitleGa":"An Bille Sl\u00e1inte (Infhaighteacht Seirbh\u00eds\u00ed Lia-Chleacht\u00f3ir\u00ed Ginear\u00e1lta), 2025","source":"Private Member","sourceURI":"https:\/\/data.oireachtas.ie\/ie\/oireachtas\/def\/bill-source\/private-member","sponsors":[{"sponsor":{"as":{"showAs":null,"uri":null},"by":{"showAs":"Marie Sherlock","uri":"https:\/\/data.oireachtas.ie\/ie\/oireachtas\/member\/id\/Marie-Sherlock.S.2020-03-30"},"isPrimary":true}}],"stages":[{"event":{"chamber":{"chamberCode":"dail","showAs":"D\u00e1il \u00c9ireann","uri":"https:\/\/data.oireachtas.ie\/ie\/oireachtas\/def\/house\/dail"},"dates":[{"date":"2025-05-30"},{"date":"2025-07-03"},{"date":"2025-07-03"},{"date":"2025-07-03"}],"house":{"chamberCode":"dail","chamberType":"house","houseCode":"dail","houseNo":"34","showAs":"34th D\u00e1il","uri":"https:\/\/data.oireachtas.ie\/ie\/oireachtas\/house\/dail\/34"},"progressStage":1,"showAs":"First Stage","stageCompleted":true,"stageOutcome":null,"stageURI":"https:\/\/data.oireachtas.ie\/ie\/oireachtas\/def\/bill-stage\/1","uri":"https:\/\/data.oireachtas.ie\/ie\/oireachtas\/bill\/2025\/43\/stage\/dail\/1"}},{"event":{"chamber":{"chamberCode":"dail","showAs":"D\u00e1il \u00c9ireann","uri":"https:\/\/data.oireachtas.ie\/ie\/oireachtas\/def\/house\/dail"},"dates":[{"date":"2025-07-03"}],"house":{"chamberCode":"dail","chamberType":"house","houseCode":"dail","houseNo":"34","showAs":"34th D\u00e1il","uri":"https:\/\/data.oireachtas.ie\/ie\/oireachtas\/house\/dail\/34"},"progressStage":2,"showAs":"Second Stage","stageCompleted":false,"stageOutcome":"Current","stageURI":"https:\/\/data.oireachtas.ie\/ie\/oireachtas\/def\/bill-stage\/2","uri":"https:\/\/data.oireachtas.ie\/ie\/oireachtas\/bill\/2025\/43\/stage\/dail\/2"}}],"status":"Current","statusURI":"https:\/\/data.oireachtas.ie\/ie\/oireachtas\/def\/bill-status\/published","uri":"https:\/\/data.oireachtas.ie\/ie\/oireachtas\/bill\/2025\/43","versions":[{"version":{"date":"2025-07-03","docType":"bill","formats":{"pdf":{"uri":"https:\/\/data.oireachtas.ie\/ie\/oireachtas\/bill\/2025\/43\/eng\/initiated\/b4325d.pdf"},"xml":null},"lang":"eng","showAs":"As Initiated","uri":"https:\/\/data.oireachtas.ie\/ie\/oireachtas\/bill\/2025\/43\/eng\/initiated"}}]},"billSort":{"actNoSort":null,"actShortTitleEnSort":null,"actShortTitleGaSort":null,"actYearSort":null,"billNoSort":43,"billShortTitleEnSort":"health-availability-of-general-practitioner-services-bill-2025","billShortTitleGaSort":"an-bille-slainte-infhaighteacht-seirbhisi-lia-chleachtoiri-ginearalta-2025","billYearSort":2025},"contextDate":"2025-07-03"},{"bill":{"act":null,"amendmentLists":[],"billNo":"42","billType":"Public","billTypeURI":"https:\/\/data.oireachtas.ie\/ie\/oireachtas\/def\/bill-type\/public","billYear":"2025","debates":[{"chamber":{"showAs":"D\u00e1il \u00c9ireann","uri":"https:\/\/data.oireachtas.ie\/ie\/oireachtas\/def\/house\/dail"},"date":"2026-04-15","debateSectionId":"dbsect_41","showAs":"Organisation of Working Time (Leave for Health Screening Purposes) Bill 2025: Second Stage (Resumed) [Private Members]","uri":"https:\/\/data.oireachtas.ie\/akn\/ie\/debateRecord\/dail\/2026-04-15\/debate\/main"},{"chamber":{"showAs":"D\u00e1il \u00c9ireann","uri":"https:\/\/data.oireachtas.ie\/ie\/oireachtas\/def\/house\/dail"},"date":"2026-03-26","debateSectionId":"dbsect_48","showAs":"Organisation of Working Time (Leave for Health Screening Purposes) Bill 2025: Second Stage [Private Members]","uri":"https:\/\/data.oireachtas.ie\/akn\/ie\/debateRecord\/dail\/2026-03-26\/debate\/main"},{"chamber":{"showAs":"D\u00e1il \u00c9ireann","uri":"https:\/\/data.oireachtas.ie\/ie\/oireachtas\/def\/house\/dail"},"date":"2025-07-03","debateSectionId":"dbsect_38","showAs":"Organisation of Working Time (Leave for Health Screening Purposes) Bill 2025: First Stage","uri":"https:\/\/data.oireachtas.ie\/akn\/ie\/debateRecord\/dail\/2025-07-03\/debate\/main"}],"events":[{"event":{"chamber":{"chamberCode":"dail","showAs":"D\u00e1il \u00c9ireann","uri":"https:\/\/data.oireachtas.ie\/ie\/oireachtas\/def\/house\/dail"},"dates":[{"date":"2025-06-23"},{"date":"2025-07-03"},{"date":"2025-07-03"}],"eventURI":"https:\/\/data.oireachtas.ie\/ie\/oireachtas\/def\/bill-event\/admissibility-for-introduction","showAs":"Admissibility for Introduction","uri":"https:\/\/data.oireachtas.ie\/ie\/oireachtas\/bill\/2025\/42\/admissibility-for-introduction"}}],"lastUpdated":"2025-07-04T09:22:00.030000+00:00","longTitleEn":"<p>Bill entitled an Act to provide for a period of paid leave in order to enable employees to participate in health screening programmes; for that purpose to amend the Organisation of Working Time Act 1997; to extend the protection against unfair dismissals conferred by the Unfair Dismissals Acts 1977 to 2015; to provide for the consequential amendment of certain other Acts; and to provide for related matters.<\/p>\n","longTitleGa":"<p>Bille d\u00e1 ngairtear Acht do dh\u00e9anamh socr\u00fa maidir le tr\u00e9imhse saoire le p\u00e1\u00a0d\u2019fhonn a chumas\u00fa d\u2019fhostaithe p\u00e1irt a ghlacadh i gcl\u00e1ir braitheoireachta sl\u00e1inte; chun na cr\u00edche sin, do leas\u00fa an Achta\u00a0um Eagr\u00fa Ama Oibre, 1997; do leathn\u00fa na cosanta ar dh\u00edfhost\u00fa \u00e9ag\u00f3rach a thugtar leis na hAchtanna um Dh\u00edfhost\u00fa \u00c9ag\u00f3rach, 1977 go 2015; do dh\u00e9anamh socr\u00fa maidir le leas\u00fa iarmhartach a dh\u00e9anamh ar Achtanna \u00e1irithe eile; agus do dh\u00e9anamh socr\u00fa i dtaobh nithe gaolmhara.<\/p>","method":"Introduced","methodURI":"https:\/\/data.oireachtas.ie\/ie\/oireachtas\/def\/bill-method\/introduced","mostRecentStage":{"event":{"chamber":{"chamberCode":"dail","showAs":"D\u00e1il \u00c9ireann","uri":"https:\/\/data.oireachtas.ie\/ie\/oireachtas\/def\/house\/dail"},"dates":[{"date":"2025-07-03"}],"house":{"chamberCode":"dail","chamberType":"house","houseCode":"dail","houseNo":"34","showAs":"34th D\u00e1il","uri":"https:\/\/data.oireachtas.ie\/ie\/oireachtas\/house\/dail\/34"},"progressStage":2,"showAs":"Second Stage","stageCompleted":false,"stageOutcome":"Current","stageURI":"https:\/\/data.oireachtas.ie\/ie\/oireachtas\/def\/bill-stage\/2","uri":"https:\/\/data.oireachtas.ie\/ie\/oireachtas\/bill\/2025\/42\/stage\/dail\/2"}},"originHouse":{"showAs":"D\u00e1il \u00c9ireann","uri":"https:\/\/data.oireachtas.ie\/ie\/oireachtas\/def\/house\/dail"},"originHouseURI":"https:\/\/data.oireachtas.ie\/ie\/oireachtas\/def\/house\/dail","relatedDocs":[{"relatedDoc":{"date":"2025-07-03","docType":"memo","formats":{"pdf":{"uri":"https:\/\/data.oireachtas.ie\/ie\/oireachtas\/bill\/2025\/42\/eng\/memo\/b4225d-memo.pdf"},"xml":null},"lang":"eng","showAs":"Explanatory Memorandum","uri":"https:\/\/data.oireachtas.ie\/ie\/oireachtas\/bill\/2025\/42\/eng\/memo"}}],"shortTitleEn":"Organisation of Working Time (Leave for Health Screening Purposes) Bill 2025","shortTitleGa":"An Bille um Eagr\u00fa Ama Oibre (Saoire chun cr\u00edoch Braitheoireachta Sl\u00e1inte), 2025","source":"Private Member","sourceURI":"https:\/\/data.oireachtas.ie\/ie\/oireachtas\/def\/bill-source\/private-member","sponsors":[{"sponsor":{"isPrimary":true,"as":{"showAs":null,"uri":null},"by":{"showAs":"Duncan Smith","uri":"https:\/\/data.oireachtas.ie\/ie\/oireachtas\/member\/id\/Duncan-Smith.D.2020-02-08"}}}],"stages":[{"event":{"chamber":{"chamberCode":"dail","showAs":"D\u00e1il \u00c9ireann","uri":"https:\/\/data.oireachtas.ie\/ie\/oireachtas\/def\/house\/dail"},"dates":[{"date":"2025-06-23"},{"date":"2025-07-03"},{"date":"2025-07-03"},{"date":"2025-07-03"}],"house":{"chamberCode":"dail","chamberType":"house","houseCode":"dail","houseNo":"34","showAs":"34th D\u00e1il","uri":"https:\/\/data.oireachtas.ie\/ie\/oireachtas\/house\/dail\/34"},"progressStage":1,"showAs":"First Stage","stageCompleted":true,"stageOutcome":null,"stageURI":"https:\/\/data.oireachtas.ie\/ie\/oireachtas\/def\/bill-stage\/1","uri":"https:\/\/data.oireachtas.ie\/ie\/oireachtas\/bill\/2025\/42\/stage\/dail\/1"}},{"event":{"chamber":{"chamberCode":"dail","showAs":"D\u00e1il \u00c9ireann","uri":"https:\/\/data.oireachtas.ie\/ie\/oireachtas\/def\/house\/dail"},"dates":[{"date":"2025-07-03"}],"house":{"chamberCode":"dail","chamberType":"house","houseCode":"dail","houseNo":"34","showAs":"34th D\u00e1il","uri":"https:\/\/data.oireachtas.ie\/ie\/oireachtas\/house\/dail\/34"},"progressStage":2,"showAs":"Second Stage","stageCompleted":false,"stageOutcome":"Current","stageURI":"https:\/\/data.oireachtas.ie\/ie\/oireachtas\/def\/bill-stage\/2","uri":"https:\/\/data.oireachtas.ie\/ie\/oireachtas\/bill\/2025\/42\/stage\/dail\/2"}}],"status":"Current","statusURI":"https:\/\/data.oireachtas.ie\/ie\/oireachtas\/def\/bill-status\/published","uri":"https:\/\/data.oireachtas.ie\/ie\/oireachtas\/bill\/2025\/42","versions":[{"version":{"lang":"eng","docType":"bill","showAs":"As Initiated","date":"2025-07-03","formats":{"pdf":{"uri":"https:\/\/data.oireachtas.ie\/ie\/oireachtas\/bill\/2025\/42\/eng\/initiated\/b4225d.pdf"},"xml":null},"uri":"https:\/\/data.oireachtas.ie\/ie\/oireachtas\/bill\/2025\/42\/eng\/initiated"}}]},"contextDate":"2025-07-03","billSort":{"actNoSort":null,"actShortTitleEnSort":null,"actShortTitleGaSort":null,"actYearSort":null,"billNoSort":42,"billShortTitleEnSort":"organisation-of-working-time-leave-for-health-screening-purposes-bill-2025","billShortTitleGaSort":"an-bille-um-eagru-ama-oibre-saoire-chun-crioch-braitheoireachta-slainte-2025","billYearSort":2025}},{"bill":{"act":null,"amendmentLists":[],"billNo":"41","billType":"Public","billTypeURI":"https:\/\/data.oireachtas.ie\/ie\/oireachtas\/def\/bill-type\/public","billYear":"2025","debates":[{"chamber":{"showAs":"D\u00e1il \u00c9ireann","uri":"https:\/\/data.oireachtas.ie\/ie\/oireachtas\/def\/house\/dail"},"date":"2025-07-01","debateSectionId":"dbsect_9","showAs":"Animal Health and Welfare (Welfare of Pigs) Bill 2025: First Stage","uri":"https:\/\/data.oireachtas.ie\/akn\/ie\/debateRecord\/dail\/2025-07-01\/debate\/main"}],"events":[{"event":{"chamber":{"chamberCode":"dail","showAs":"D\u00e1il \u00c9ireann","uri":"https:\/\/data.oireachtas.ie\/ie\/oireachtas\/def\/house\/dail"},"dates":[{"date":"2025-03-18"},{"date":"2025-03-18"},{"date":"2025-07-01"}],"eventURI":"https:\/\/data.oireachtas.ie\/ie\/oireachtas\/def\/bill-event\/approved-for-initiation","showAs":"Approved for Initiation","uri":"https:\/\/data.oireachtas.ie\/ie\/oireachtas\/bill\/2025\/41\/approved-for-initiation"}}],"lastUpdated":"2025-07-02T09:39:08.060000+00:00","longTitleEn":"<p>Bill entitled an Act to amend the Animal Health and Welfare Act 2013 to improve the welfare of pigs by prohibiting teeth-clipping, tail-docking and castration, limiting the use of tusk reduction and regulating sow stalls and farrowing crates.\u00a0<\/p>","longTitleGa":"<p>Bille d\u00e1 ngairtear Acht do leas\u00fa an Achta um Shl\u00e1inte agus Leas Ainmhithe, 2013 chun leas muc a fheabhs\u00fa tr\u00ed thoirmeasc a chur le bearradh fiacla, sciotadh eireaball agus coilleadh, tr\u00edd an \u00fas\u00e1id a bhaintear as laghd\u00fa starrfhiacla a theorann\u00fa agus tr\u00ed stalla\u00ed cr\u00e1nacha agus cliathbhosca\u00ed cr\u00e1inbhreithe a rial\u00e1il.<\/p>","method":"Introduced","methodURI":"https:\/\/data.oireachtas.ie\/ie\/oireachtas\/def\/bill-method\/introduced","mostRecentStage":{"event":{"chamber":{"chamberCode":"dail","showAs":"D\u00e1il \u00c9ireann","uri":"https:\/\/data.oireachtas.ie\/ie\/oireachtas\/def\/house\/dail"},"dates":[{"date":"2025-07-02"}],"house":{"chamberCode":"dail","chamberType":"house","houseCode":"dail","houseNo":"34","showAs":"34th D\u00e1il","uri":"https:\/\/data.oireachtas.ie\/ie\/oireachtas\/house\/dail\/34"},"progressStage":2,"showAs":"Second Stage","stageCompleted":false,"stageOutcome":"Current","stageURI":"https:\/\/data.oireachtas.ie\/ie\/oireachtas\/def\/bill-stage\/2","uri":"https:\/\/data.oireachtas.ie\/ie\/oireachtas\/bill\/2025\/41\/stage\/dail\/2"}},"originHouse":{"showAs":"D\u00e1il \u00c9ireann","uri":"https:\/\/data.oireachtas.ie\/ie\/oireachtas\/def\/house\/dail"},"originHouseURI":"https:\/\/data.oireachtas.ie\/ie\/oireachtas\/def\/house\/dail","relatedDocs":[{"relatedDoc":{"date":"2025-07-02","docType":"memo","formats":{"pdf":{"uri":"https:\/\/data.oireachtas.ie\/ie\/oireachtas\/bill\/2025\/41\/eng\/memo\/b4125d-memo.pdf"},"xml":null},"lang":"eng","showAs":"Explanatory Memorandum","uri":"https:\/\/data.oireachtas.ie\/ie\/oireachtas\/bill\/2025\/41\/eng\/memo"}}],"shortTitleEn":"Animal Health and Welfare (Welfare of Pigs) Bill 2025","shortTitleGa":"An Bille um Shl\u00e1inte agus Leas Ainmhithe (Leas Muc), 2025","source":"Private Member","sourceURI":"https:\/\/data.oireachtas.ie\/ie\/oireachtas\/def\/bill-source\/private-member","sponsors":[{"sponsor":{"as":{"showAs":null,"uri":null},"by":{"showAs":"Paul Murphy","uri":"https:\/\/data.oireachtas.ie\/ie\/oireachtas\/member\/id\/Paul-Murphy.D.2014-10-10"},"isPrimary":true}},{"sponsor":{"as":{"showAs":null,"uri":null},"by":{"showAs":"Richard Boyd Barrett","uri":"https:\/\/data.oireachtas.ie\/ie\/oireachtas\/member\/id\/Richard-Boyd-Barrett.D.2011-03-09"},"isPrimary":false}},{"sponsor":{"as":{"showAs":null,"uri":null},"by":{"showAs":"Ruth Coppinger","uri":"https:\/\/data.oireachtas.ie\/ie\/oireachtas\/member\/id\/Ruth-Coppinger.D.2014-05-23"},"isPrimary":false}}],"stages":[{"event":{"chamber":{"chamberCode":"dail","showAs":"D\u00e1il \u00c9ireann","uri":"https:\/\/data.oireachtas.ie\/ie\/oireachtas\/def\/house\/dail"},"dates":[{"date":"2025-03-18"},{"date":"2025-03-18"},{"date":"2025-07-01"},{"date":"2025-07-02"}],"house":{"chamberCode":"dail","chamberType":"house","houseCode":"dail","houseNo":"34","showAs":"34th D\u00e1il","uri":"https:\/\/data.oireachtas.ie\/ie\/oireachtas\/house\/dail\/34"},"progressStage":1,"showAs":"First Stage","stageCompleted":true,"stageOutcome":null,"stageURI":"https:\/\/data.oireachtas.ie\/ie\/oireachtas\/def\/bill-stage\/1","uri":"https:\/\/data.oireachtas.ie\/ie\/oireachtas\/bill\/2025\/41\/stage\/dail\/1"}},{"event":{"chamber":{"chamberCode":"dail","showAs":"D\u00e1il \u00c9ireann","uri":"https:\/\/data.oireachtas.ie\/ie\/oireachtas\/def\/house\/dail"},"dates":[{"date":"2025-07-02"}],"house":{"chamberCode":"dail","chamberType":"house","houseCode":"dail","houseNo":"34","showAs":"34th D\u00e1il","uri":"https:\/\/data.oireachtas.ie\/ie\/oireachtas\/house\/dail\/34"},"progressStage":2,"showAs":"Second Stage","stageCompleted":false,"stageOutcome":"Current","stageURI":"https:\/\/data.oireachtas.ie\/ie\/oireachtas\/def\/bill-stage\/2","uri":"https:\/\/data.oireachtas.ie\/ie\/oireachtas\/bill\/2025\/41\/stage\/dail\/2"}}],"status":"Current","statusURI":"https:\/\/data.oireachtas.ie\/ie\/oireachtas\/def\/bill-status\/published","uri":"https:\/\/data.oireachtas.ie\/ie\/oireachtas\/bill\/2025\/41","versions":[{"version":{"date":"2025-07-02","docType":"bill","formats":{"pdf":{"uri":"https:\/\/data.oireachtas.ie\/ie\/oireachtas\/bill\/2025\/41\/eng\/initiated\/b4125d.pdf"},"xml":null},"lang":"eng","showAs":"As Initiated","uri":"https:\/\/data.oireachtas.ie\/ie\/oireachtas\/bill\/2025\/41\/eng\/initiated"}}]},"billSort":{"actNoSort":null,"actShortTitleEnSort":null,"actShortTitleGaSort":null,"actYearSort":null,"billNoSort":41,"billShortTitleEnSort":"animal-health-and-welfare-welfare-of-pigs-bill-2025","billShortTitleGaSort":"an-bille-um-shlainte-agus-leas-ainmhithe-leas-muc-2025","billYearSort":2025},"contextDate":"2025-07-02"},{"bill":{"act":null,"amendmentLists":[],"billNo":"40","billType":"Public","billTypeURI":"https:\/\/data.oireachtas.ie\/ie\/oireachtas\/def\/bill-type\/public","billYear":"2025","debates":[{"chamber":{"showAs":"D\u00e1il \u00c9ireann","uri":"https:\/\/data.oireachtas.ie\/ie\/oireachtas\/def\/house\/dail"},"date":"2026-04-16","debateSectionId":"dbsect_46","showAs":"Disregard of Historic Offences for Consensual Sexual Activity Between Men Bill 2025: Second Stage [Private Members]","uri":"https:\/\/data.oireachtas.ie\/akn\/ie\/debateRecord\/dail\/2026-04-16\/debate\/main"},{"chamber":{"showAs":"D\u00e1il \u00c9ireann","uri":"https:\/\/data.oireachtas.ie\/ie\/oireachtas\/def\/house\/dail"},"date":"2025-07-01","debateSectionId":"dbsect_8","showAs":"Disregard of Historic Offences for Consensual Sexual Activity Between Men Bill 2025: First Stage","uri":"https:\/\/data.oireachtas.ie\/akn\/ie\/debateRecord\/dail\/2025-07-01\/debate\/main"}],"events":[{"event":{"chamber":{"chamberCode":"dail","showAs":"D\u00e1il \u00c9ireann","uri":"https:\/\/data.oireachtas.ie\/ie\/oireachtas\/def\/house\/dail"},"dates":[{"date":"2025-06-23"},{"date":"2025-06-23"},{"date":"2025-07-01"}],"eventURI":"https:\/\/data.oireachtas.ie\/ie\/oireachtas\/def\/bill-event\/approved-for-initiation","showAs":"Approved for Initiation","uri":"https:\/\/data.oireachtas.ie\/ie\/oireachtas\/bill\/2025\/40\/approved-for-initiation"}}],"lastUpdated":"2025-07-02T09:29:34.240000+00:00","longTitleEn":"<p>Bill entitled an Act to make provision for a process for the disregard of certain historic criminal convictions arising from consensual sexual activity between men; to amend the Irish Human Rights and Equality Commission Act 2014; and to provide for related matters.<\/p>","longTitleGa":"<p>Bille d\u00e1 ngairtear Acht do dh\u00e9anamh socr\u00fa maidir le pr\u00f3iseas chun neamhaird a thabhairt ar chiontuithe coiri\u00fala stairi\u00fala \u00e1irithe a d\u2019eascair as gn\u00edomha\u00edocht ghn\u00e9asach chomhthoili\u00fail idir fir; do leas\u00fa an Achta f\u00e1 Choimisi\u00fan na h\u00c9ireann um Chearta an Duine agus Comhionannas, 2014; agus do dh\u00e9anamh socr\u00fa i dtaobh nithe gaolmhara.<\/p>","method":"Introduced","methodURI":"https:\/\/data.oireachtas.ie\/ie\/oireachtas\/def\/bill-method\/introduced","mostRecentStage":{"event":{"chamber":{"chamberCode":"dail","showAs":"D\u00e1il \u00c9ireann","uri":"https:\/\/data.oireachtas.ie\/ie\/oireachtas\/def\/house\/dail"},"dates":[{"date":"2025-07-01"}],"house":{"chamberCode":"dail","chamberType":"house","houseCode":"dail","houseNo":"34","showAs":"34th D\u00e1il","uri":"https:\/\/data.oireachtas.ie\/ie\/oireachtas\/house\/dail\/34"},"progressStage":2,"showAs":"Second Stage","stageCompleted":false,"stageOutcome":"Current","stageURI":"https:\/\/data.oireachtas.ie\/ie\/oireachtas\/def\/bill-stage\/2","uri":"https:\/\/data.oireachtas.ie\/ie\/oireachtas\/bill\/2025\/40\/stage\/dail\/2"}},"originHouse":{"showAs":"D\u00e1il \u00c9ireann","uri":"https:\/\/data.oireachtas.ie\/ie\/oireachtas\/def\/house\/dail"},"originHouseURI":"https:\/\/data.oireachtas.ie\/ie\/oireachtas\/def\/house\/dail","relatedDocs":[{"relatedDoc":{"date":"2025-07-01","docType":"memo","formats":{"pdf":{"uri":"https:\/\/data.oireachtas.ie\/ie\/oireachtas\/bill\/2025\/40\/eng\/memo\/b4025d-memo.pdf"},"xml":null},"lang":"eng","showAs":"Explanatory Memorandum","uri":"https:\/\/data.oireachtas.ie\/ie\/oireachtas\/bill\/2025\/40\/eng\/memo"}}],"shortTitleEn":"Disregard of Historic Offences for Consensual Sexual Activity Between Men Bill 2025","shortTitleGa":"An Bille um Neamhaird a Thabhairt ar Chionta Stairi\u00fala i dtaobh Gn\u00edomha\u00edocht Ghn\u00e9asach Chomhthoili\u00fail Idir Fir, 2025","source":"Private Member","sourceURI":"https:\/\/data.oireachtas.ie\/ie\/oireachtas\/def\/bill-source\/private-member","sponsors":[{"sponsor":{"isPrimary":true,"as":{"showAs":null,"uri":null},"by":{"showAs":"Aengus \u00d3 Snodaigh","uri":"https:\/\/data.oireachtas.ie\/ie\/oireachtas\/member\/id\/Aengus-\u00d3-Snodaigh.D.2002-06-06"}}},{"sponsor":{"isPrimary":false,"as":{"showAs":null,"uri":null},"by":{"showAs":"Ged Nash","uri":"https:\/\/data.oireachtas.ie\/ie\/oireachtas\/member\/id\/Gerald-Nash.D.2011-03-09"}}},{"sponsor":{"isPrimary":false,"as":{"showAs":null,"uri":null},"by":{"showAs":"P\u00e1draig Rice","uri":"https:\/\/data.oireachtas.ie\/ie\/oireachtas\/member\/id\/P\u00e1draig-Rice.D.2024-11-29"}}},{"sponsor":{"isPrimary":false,"as":{"showAs":null,"uri":null},"by":{"showAs":"Paul Murphy","uri":"https:\/\/data.oireachtas.ie\/ie\/oireachtas\/member\/id\/Paul-Murphy.D.2014-10-10"}}},{"sponsor":{"isPrimary":false,"as":{"showAs":null,"uri":null},"by":{"showAs":"Roderic O'Gorman","uri":"https:\/\/data.oireachtas.ie\/ie\/oireachtas\/member\/id\/Roderic-O'Gorman.D.2020-02-08"}}},{"sponsor":{"isPrimary":false,"as":{"showAs":null,"uri":null},"by":{"showAs":"Catherine Connolly","uri":"https:\/\/data.oireachtas.ie\/ie\/oireachtas\/member\/id\/Catherine-Connolly.D.2016-10-03"}}}],"stages":[{"event":{"chamber":{"chamberCode":"dail","showAs":"D\u00e1il \u00c9ireann","uri":"https:\/\/data.oireachtas.ie\/ie\/oireachtas\/def\/house\/dail"},"dates":[{"date":"2025-06-23"},{"date":"2025-06-23"},{"date":"2025-07-01"},{"date":"2025-07-01"}],"house":{"chamberCode":"dail","chamberType":"house","houseCode":"dail","houseNo":"34","showAs":"34th D\u00e1il","uri":"https:\/\/data.oireachtas.ie\/ie\/oireachtas\/house\/dail\/34"},"progressStage":1,"showAs":"First Stage","stageCompleted":true,"stageOutcome":null,"stageURI":"https:\/\/data.oireachtas.ie\/ie\/oireachtas\/def\/bill-stage\/1","uri":"https:\/\/data.oireachtas.ie\/ie\/oireachtas\/bill\/2025\/40\/stage\/dail\/1"}},{"event":{"chamber":{"chamberCode":"dail","showAs":"D\u00e1il \u00c9ireann","uri":"https:\/\/data.oireachtas.ie\/ie\/oireachtas\/def\/house\/dail"},"dates":[{"date":"2025-07-01"}],"house":{"chamberCode":"dail","chamberType":"house","houseCode":"dail","houseNo":"34","showAs":"34th D\u00e1il","uri":"https:\/\/data.oireachtas.ie\/ie\/oireachtas\/house\/dail\/34"},"progressStage":2,"showAs":"Second Stage","stageCompleted":false,"stageOutcome":"Current","stageURI":"https:\/\/data.oireachtas.ie\/ie\/oireachtas\/def\/bill-stage\/2","uri":"https:\/\/data.oireachtas.ie\/ie\/oireachtas\/bill\/2025\/40\/stage\/dail\/2"}}],"status":"Current","statusURI":"https:\/\/data.oireachtas.ie\/ie\/oireachtas\/def\/bill-status\/published","uri":"https:\/\/data.oireachtas.ie\/ie\/oireachtas\/bill\/2025\/40","versions":[{"version":{"lang":"eng","docType":"bill","showAs":"As Initiated","date":"2025-07-01","formats":{"pdf":{"uri":"https:\/\/data.oireachtas.ie\/ie\/oireachtas\/bill\/2025\/40\/eng\/initiated\/b4025d.pdf"},"xml":null},"uri":"https:\/\/data.oireachtas.ie\/ie\/oireachtas\/bill\/2025\/40\/eng\/initiated"}}]},"contextDate":"2025-07-01","billSort":{"actNoSort":null,"actShortTitleEnSort":null,"actShortTitleGaSort":null,"actYearSort":null,"billNoSort":40,"billShortTitleEnSort":"disregard-of-historic-offences-for-consensual-sexual-activity-between-men-bill-2025","billShortTitleGaSort":"an-bille-um-neamhaird-a-thabhairt-ar-chionta-stairiula-i-dtaobh-gniomhaiocht-ghneasach-chomhthoiliuil-idir-fir-2025","billYearSort":2025}},{"bill":{"act":{"actNo":"9","actYear":"2025","dateSigned":"2025-07-23","longTitleEn":"<p>Act to amend the Planning and Development Act 2024, the Planning and Development Act 2000 and certain other enactments; and to provide for matters connected therewith.<\/p>","longTitleGa":"<p>Acht do leas\u00fa an Achta um Plean\u00e1il agus Forbairt, 2024, an Achta um Plean\u00e1il agus Forbairt, 2000 agus achtach\u00e1in \u00e1irithe eile; agus do dh\u00e9anamh socr\u00fa i dtaobh nithe a bhaineann leis an m\u00e9id sin.<\/p>","shortTitleEn":"Planning and Development (Amendment) Act 2025","shortTitleGa":"An tAcht um Plean\u00e1il agus Forbairt (Leas\u00fa), 2025","statutebookURI":"http:\/\/www.irishstatutebook.ie\/eli\/2025\/act\/9","uri":"https:\/\/data.oireachtas.ie\/ie\/oireachtas\/act\/2025\/9"},"amendmentLists":[{"amendmentList":{"amendmentTypeUri":{"uri":"https:\/\/data.oireachtas.ie\/ie\/oireachtas\/def\/amendment-type\/creamList"},"chamber":{"showAs":"Seanad","uri":"https:\/\/data.oireachtas.ie\/ie\/oireachtas\/def\/seanad"},"date":"2025-07-15","formats":{"pdf":{"uri":"https:\/\/data.oireachtas.ie\/ie\/oireachtas\/bill\/2025\/39\/seanad\/6\/amendment\/creamList\/eng\/b3925d-dcl-atoa.pdf"},"xml":null},"showAs":"Cream List [Seanad amendments to D\u00e1il Bill]","stage":{"showAs":"Cream List","uri":"https:\/\/data.oireachtas.ie\/ie\/oireachtas\/bill\/2025\/39\/seanad\/6"},"stageNo":"6"}},{"amendmentList":{"amendmentTypeUri":{"uri":"https:\/\/data.oireachtas.ie\/ie\/oireachtas\/def\/amendment-type\/numberedList"},"chamber":{"showAs":"Seanad","uri":"https:\/\/data.oireachtas.ie\/ie\/oireachtas\/def\/seanad"},"date":"2025-07-15","formats":{"pdf":{"uri":"https:\/\/data.oireachtas.ie\/ie\/oireachtas\/bill\/2025\/39\/seanad\/3\/amendment\/numberedList\/eng\/b3925d-scnl.pdf"},"xml":null},"showAs":"Numbered List [Seanad]","stage":{"showAs":"Committee Stage","uri":"https:\/\/data.oireachtas.ie\/ie\/oireachtas\/bill\/2025\/39\/seanad\/3"},"stageNo":"3"}},{"amendmentList":{"amendmentTypeUri":{"uri":"https:\/\/data.oireachtas.ie\/ie\/oireachtas\/def\/amendment-type\/creamList"},"chamber":{"showAs":"Seanad","uri":"https:\/\/data.oireachtas.ie\/ie\/oireachtas\/def\/seanad"},"date":"2025-07-15","formats":{"pdf":{"uri":"https:\/\/data.oireachtas.ie\/ie\/oireachtas\/bill\/2025\/39\/seanad\/6\/amendment\/creamList\/eng\/b3925d-dcl.pdf"},"xml":null},"showAs":"Cream List [Seanad amendments to D\u00e1il Bill]","stage":{"showAs":"Cream List","uri":"https:\/\/data.oireachtas.ie\/ie\/oireachtas\/bill\/2025\/39\/seanad\/6"},"stageNo":"6"}},{"amendmentList":{"amendmentTypeUri":{"uri":"https:\/\/data.oireachtas.ie\/ie\/oireachtas\/def\/amendment-type\/numberedList"},"chamber":{"showAs":"Dail","uri":"https:\/\/data.oireachtas.ie\/ie\/oireachtas\/def\/dail"},"date":"2025-07-08","formats":{"pdf":{"uri":"https:\/\/data.oireachtas.ie\/ie\/oireachtas\/bill\/2025\/39\/dail\/3\/amendment\/numberedList\/eng\/b3925d-dcnl.pdf"},"xml":null},"showAs":"Numbered List [D\u00e1il]","stage":{"showAs":"Committee Stage","uri":"https:\/\/data.oireachtas.ie\/ie\/oireachtas\/bill\/2025\/39\/dail\/3"},"stageNo":"3"}}],"billNo":"39","billType":"Public","billTypeURI":"https:\/\/data.oireachtas.ie\/ie\/oireachtas\/def\/bill-type\/public","billYear":"2025","debates":[{"chamber":{"showAs":"D\u00e1il \u00c9ireann","uri":"https:\/\/data.oireachtas.ie\/ie\/oireachtas\/def\/house\/dail"},"date":"2025-07-16","debateSectionId":"dbsect_19","showAs":"Planning and Development (Amendment) Bill 2025: From the Seanad","uri":"https:\/\/data.oireachtas.ie\/akn\/ie\/debateRecord\/dail\/2025-07-16\/debate\/main"},{"chamber":{"showAs":"Seanad \u00c9ireann","uri":"https:\/\/data.oireachtas.ie\/ie\/oireachtas\/def\/house\/seanad"},"date":"2025-07-15","debateSectionId":"dbsect_10","showAs":"Planning and Development (Amendment) Bill 2025: Committee Stage","uri":"https:\/\/data.oireachtas.ie\/akn\/ie\/debateRecord\/seanad\/2025-07-15\/debate\/main"},{"chamber":{"showAs":"Seanad \u00c9ireann","uri":"https:\/\/data.oireachtas.ie\/ie\/oireachtas\/def\/house\/seanad"},"date":"2025-07-15","debateSectionId":"dbsect_15","showAs":"Planning and Development (Amendment) Bill 2025: Committee Stage (Resumed) and Remaining Stages","uri":"https:\/\/data.oireachtas.ie\/akn\/ie\/debateRecord\/seanad\/2025-07-15\/debate\/main"},{"chamber":{"showAs":"Seanad \u00c9ireann","uri":"https:\/\/data.oireachtas.ie\/ie\/oireachtas\/def\/house\/seanad"},"date":"2025-07-10","debateSectionId":"dbsect_13","showAs":"Planning and Development (Amendment) Bill 2025: Second Stage","uri":"https:\/\/data.oireachtas.ie\/akn\/ie\/debateRecord\/seanad\/2025-07-10\/debate\/main"},{"chamber":{"showAs":"D\u00e1il \u00c9ireann","uri":"https:\/\/data.oireachtas.ie\/ie\/oireachtas\/def\/house\/dail"},"date":"2025-07-09","debateSectionId":"dbsect_37","showAs":"Planning and Development (Amendment) Bill 2025: Committee and Remaining Stages","uri":"https:\/\/data.oireachtas.ie\/akn\/ie\/debateRecord\/dail\/2025-07-09\/debate\/main"},{"chamber":{"showAs":"D\u00e1il \u00c9ireann","uri":"https:\/\/data.oireachtas.ie\/ie\/oireachtas\/def\/house\/dail"},"date":"2025-07-08","debateSectionId":"dbsect_13","showAs":"Planning and Development (Amendment) Bill 2025: Second Stage","uri":"https:\/\/data.oireachtas.ie\/akn\/ie\/debateRecord\/dail\/2025-07-08\/debate\/main"}],"events":[{"event":{"chamber":{"chamberCode":"dail","showAs":"D\u00e1il \u00c9ireann","uri":"https:\/\/data.oireachtas.ie\/ie\/oireachtas\/def\/house\/dail"},"dates":[{"date":"2025-07-02"},{"date":"2025-07-23"}],"eventURI":"https:\/\/data.oireachtas.ie\/ie\/oireachtas\/def\/bill-event\/published","showAs":"Published","uri":"https:\/\/data.oireachtas.ie\/ie\/oireachtas\/bill\/2025\/39\/published"}},{"event":{"chamber":null,"dates":[{"date":"2025-07-23"}],"eventURI":"https:\/\/data.oireachtas.ie\/ie\/oireachtas\/def\/bill-event\/enacted","showAs":"Enacted","uri":"https:\/\/data.oireachtas.ie\/ie\/oireachtas\/bill\/2025\/39\/enacted"}}],"lastUpdated":"2025-07-28T08:51:04.330000+00:00","longTitleEn":"<p>Bill entitled an Act to amend the Planning and Development Act 2024, the Planning and Development Act 2000 and certain other enactments; and to provide for matters connected therewith.<\/p>","longTitleGa":"<p>Bille d\u00e1 ngairtear Acht do leas\u00fa an Achta um Plean\u00e1il agus Forbairt, 2024, an Achta um Plean\u00e1il agus Forbairt, 2000 agus achtach\u00e1in \u00e1irithe eile; agus do dh\u00e9anamh socr\u00fa i dtaobh nithe a bhaineann leis an m\u00e9id sin.<\/p>","method":"Presented","methodURI":"https:\/\/data.oireachtas.ie\/ie\/oireachtas\/def\/bill-method\/presented","mostRecentStage":{"event":{"chamber":null,"dates":[{"date":"2025-07-23"}],"house":null,"progressStage":11,"showAs":"Enacted","stageCompleted":true,"stageOutcome":"Enacted","stageURI":"https:\/\/data.oireachtas.ie\/ie\/oireachtas\/def\/bill-stage\/enacted","uri":"https:\/\/data.oireachtas.ie\/ie\/oireachtas\/bill\/2025\/39\/stage\/oireachtas\/enacted"}},"originHouse":{"showAs":"D\u00e1il \u00c9ireann","uri":"https:\/\/data.oireachtas.ie\/ie\/oireachtas\/def\/house\/dail"},"originHouseURI":"https:\/\/data.oireachtas.ie\/ie\/oireachtas\/def\/house\/dail","relatedDocs":[{"relatedDoc":{"date":"2025-07-08","docType":"gluais","formats":{"pdf":{"uri":"https:\/\/data.oireachtas.ie\/ie\/oireachtas\/bill\/2025\/39\/mul\/gluais\/gluais-09-2025-an-bille-um-pleanail-agus-forbairt-leasu-2025.pdf"},"xml":null},"lang":"mul","showAs":"Glossary\/Gluais","uri":"https:\/\/data.oireachtas.ie\/ie\/oireachtas\/bill\/2025\/39\/mul\/gluais"}},{"relatedDoc":{"date":"2025-07-02","docType":"memo","formats":{"pdf":{"uri":"https:\/\/data.oireachtas.ie\/ie\/oireachtas\/bill\/2025\/39\/eng\/memo\/b3925d-memo.pdf"},"xml":null},"lang":"eng","showAs":"Explanatory Memorandum","uri":"https:\/\/data.oireachtas.ie\/ie\/oireachtas\/bill\/2025\/39\/eng\/memo"}}],"shortTitleEn":"Planning and Development (Amendment) Bill 2025","shortTitleGa":"An Bille um Plean\u00e1il agus Forbairt (Leas\u00fa), 2025","source":"Government","sourceURI":"https:\/\/data.oireachtas.ie\/ie\/oireachtas\/def\/bill-source\/government","sponsors":[{"sponsor":{"as":{"showAs":"Minister for Housing, Local Government and Heritage","uri":null},"by":{"showAs":null,"uri":null},"isPrimary":true}}],"stages":[{"event":{"chamber":{"chamberCode":"dail","showAs":"D\u00e1il \u00c9ireann","uri":"https:\/\/data.oireachtas.ie\/ie\/oireachtas\/def\/house\/dail"},"dates":[{"date":"2025-07-02"},{"date":"2025-07-02"}],"house":{"chamberCode":"dail","chamberType":"house","houseCode":"dail","houseNo":"34","showAs":"34th D\u00e1il","uri":"https:\/\/data.oireachtas.ie\/ie\/oireachtas\/house\/dail\/34"},"progressStage":1,"showAs":"First Stage","stageCompleted":true,"stageOutcome":null,"stageURI":"https:\/\/data.oireachtas.ie\/ie\/oireachtas\/def\/bill-stage\/1","uri":"https:\/\/data.oireachtas.ie\/ie\/oireachtas\/bill\/2025\/39\/stage\/dail\/1"}},{"event":{"chamber":{"chamberCode":"dail","showAs":"D\u00e1il \u00c9ireann","uri":"https:\/\/data.oireachtas.ie\/ie\/oireachtas\/def\/house\/dail"},"dates":[{"date":"2025-07-02"}],"house":{"chamberCode":"dail","chamberType":"house","houseCode":"dail","houseNo":"34","showAs":"34th D\u00e1il","uri":"https:\/\/data.oireachtas.ie\/ie\/oireachtas\/house\/dail\/34"},"progressStage":2,"showAs":"Second Stage","stageCompleted":true,"stageOutcome":null,"stageURI":"https:\/\/data.oireachtas.ie\/ie\/oireachtas\/def\/bill-stage\/2","uri":"https:\/\/data.oireachtas.ie\/ie\/oireachtas\/bill\/2025\/39\/stage\/dail\/2"}},{"event":{"chamber":{"chamberCode":"dail","showAs":"D\u00e1il \u00c9ireann","uri":"https:\/\/data.oireachtas.ie\/ie\/oireachtas\/def\/house\/dail"},"dates":[{"date":"2025-07-08"}],"house":{"chamberCode":"dail","chamberType":"house","houseCode":"dail","houseNo":"34","showAs":"34th D\u00e1il","uri":"https:\/\/data.oireachtas.ie\/ie\/oireachtas\/house\/dail\/34"},"progressStage":3,"showAs":"Committee Stage","stageCompleted":true,"stageOutcome":null,"stageURI":"https:\/\/data.oireachtas.ie\/ie\/oireachtas\/def\/bill-stage\/3","uri":"https:\/\/data.oireachtas.ie\/ie\/oireachtas\/bill\/2025\/39\/stage\/dail\/3"}},{"event":{"chamber":{"chamberCode":"dail","showAs":"D\u00e1il \u00c9ireann","uri":"https:\/\/data.oireachtas.ie\/ie\/oireachtas\/def\/house\/dail"},"dates":[{"date":"2025-07-09"}],"house":{"chamberCode":"dail","chamberType":"house","houseCode":"dail","houseNo":"34","showAs":"34th D\u00e1il","uri":"https:\/\/data.oireachtas.ie\/ie\/oireachtas\/house\/dail\/34"},"progressStage":4,"showAs":"Report Stage","stageCompleted":true,"stageOutcome":null,"stageURI":"https:\/\/data.oireachtas.ie\/ie\/oireachtas\/def\/bill-stage\/4","uri":"https:\/\/data.oireachtas.ie\/ie\/oireachtas\/bill\/2025\/39\/stage\/dail\/4"}},{"event":{"chamber":{"chamberCode":"dail","showAs":"D\u00e1il \u00c9ireann","uri":"https:\/\/data.oireachtas.ie\/ie\/oireachtas\/def\/house\/dail"},"dates":[{"date":"2025-07-09"}],"house":{"chamberCode":"dail","chamberType":"house","houseCode":"dail","houseNo":"34","showAs":"34th D\u00e1il","uri":"https:\/\/data.oireachtas.ie\/ie\/oireachtas\/house\/dail\/34"},"progressStage":5,"showAs":"Fifth Stage","stageCompleted":true,"stageOutcome":null,"stageURI":"https:\/\/data.oireachtas.ie\/ie\/oireachtas\/def\/bill-stage\/5","uri":"https:\/\/data.oireachtas.ie\/ie\/oireachtas\/bill\/2025\/39\/stage\/dail\/5"}},{"event":{"chamber":{"chamberCode":"seanad","showAs":"Seanad \u00c9ireann","uri":"https:\/\/data.oireachtas.ie\/ie\/oireachtas\/def\/house\/seanad"},"dates":[{"date":"2025-07-09"}],"house":{"chamberCode":"seanad","chamberType":"house","houseCode":"seanad","houseNo":"27","showAs":"27th Seanad","uri":"https:\/\/data.oireachtas.ie\/ie\/oireachtas\/house\/seanad\/27"},"progressStage":6,"showAs":"Second Stage","stageCompleted":true,"stageOutcome":null,"stageURI":"https:\/\/data.oireachtas.ie\/ie\/oireachtas\/def\/bill-stage\/2","uri":"https:\/\/data.oireachtas.ie\/ie\/oireachtas\/bill\/2025\/39\/stage\/seanad\/2"}},{"event":{"chamber":{"chamberCode":"seanad","showAs":"Seanad \u00c9ireann","uri":"https:\/\/data.oireachtas.ie\/ie\/oireachtas\/def\/house\/seanad"},"dates":[{"date":"2025-07-10"},{"date":"2025-07-10"}],"house":{"chamberCode":"seanad","chamberType":"house","houseCode":"seanad","houseNo":"27","showAs":"27th Seanad","uri":"https:\/\/data.oireachtas.ie\/ie\/oireachtas\/house\/seanad\/27"},"progressStage":7,"showAs":"Committee Stage","stageCompleted":true,"stageOutcome":"Enacted","stageURI":"https:\/\/data.oireachtas.ie\/ie\/oireachtas\/def\/bill-stage\/3","uri":"https:\/\/data.oireachtas.ie\/ie\/oireachtas\/bill\/2025\/39\/stage\/seanad\/3"}},{"event":{"chamber":{"chamberCode":"seanad","showAs":"Seanad \u00c9ireann","uri":"https:\/\/data.oireachtas.ie\/ie\/oireachtas\/def\/house\/seanad"},"dates":[{"date":"2025-07-15"}],"house":{"chamberCode":"seanad","chamberType":"house","houseCode":"seanad","houseNo":"27","showAs":"27th Seanad","uri":"https:\/\/data.oireachtas.ie\/ie\/oireachtas\/house\/seanad\/27"},"progressStage":8,"showAs":"Report Stage","stageCompleted":true,"stageOutcome":"Enacted","stageURI":"https:\/\/data.oireachtas.ie\/ie\/oireachtas\/def\/bill-stage\/4","uri":"https:\/\/data.oireachtas.ie\/ie\/oireachtas\/bill\/2025\/39\/stage\/seanad\/4"}},{"event":{"chamber":{"chamberCode":"seanad","showAs":"Seanad \u00c9ireann","uri":"https:\/\/data.oireachtas.ie\/ie\/oireachtas\/def\/house\/seanad"},"dates":[{"date":"2025-07-15"}],"house":{"chamberCode":"seanad","chamberType":"house","houseCode":"seanad","houseNo":"27","showAs":"27th Seanad","uri":"https:\/\/data.oireachtas.ie\/ie\/oireachtas\/house\/seanad\/27"},"progressStage":9,"showAs":"Fifth Stage","stageCompleted":true,"stageOutcome":"Enacted","stageURI":"https:\/\/data.oireachtas.ie\/ie\/oireachtas\/def\/bill-stage\/5","uri":"https:\/\/data.oireachtas.ie\/ie\/oireachtas\/bill\/2025\/39\/stage\/seanad\/5"}},{"event":{"chamber":{"chamberCode":"dail","showAs":"D\u00e1il \u00c9ireann","uri":"https:\/\/data.oireachtas.ie\/ie\/oireachtas\/def\/house\/dail"},"dates":[{"date":"2025-07-16"}],"house":{"chamberCode":"dail","chamberType":"house","houseCode":"dail","houseNo":"34","showAs":"34th D\u00e1il","uri":"https:\/\/data.oireachtas.ie\/ie\/oireachtas\/house\/dail\/34"},"progressStage":10,"showAs":"Cream List","stageCompleted":true,"stageOutcome":"Enacted","stageURI":"https:\/\/data.oireachtas.ie\/ie\/oireachtas\/def\/bill-stage\/6","uri":"https:\/\/data.oireachtas.ie\/ie\/oireachtas\/bill\/2025\/39\/stage\/dail\/6"}},{"event":{"chamber":null,"dates":[{"date":"2025-07-23"}],"house":null,"progressStage":11,"showAs":"Enacted","stageCompleted":true,"stageOutcome":"Enacted","stageURI":"https:\/\/data.oireachtas.ie\/ie\/oireachtas\/def\/bill-stage\/enacted","uri":"https:\/\/data.oireachtas.ie\/ie\/oireachtas\/bill\/2025\/39\/stage\/oireachtas\/enacted"}}],"status":"Enacted","statusURI":"https:\/\/data.oireachtas.ie\/ie\/oireachtas\/def\/bill-status\/enacted","uri":"https:\/\/data.oireachtas.ie\/ie\/oireachtas\/bill\/2025\/39","versions":[{"version":{"date":"2025-07-23","docType":"act","formats":{"pdf":{"uri":"https:\/\/data.oireachtas.ie\/ie\/oireachtas\/act\/2025\/9\/eng\/enacted\/a0925.pdf"},"xml":null},"lang":"eng","showAs":"Planning and Development (Amendment) Act 2025","uri":"https:\/\/data.oireachtas.ie\/ie\/oireachtas\/act\/2025\/9\/eng\/enacted"}},{"version":{"date":"2025-07-17","docType":"bill","formats":{"pdf":{"uri":"https:\/\/data.oireachtas.ie\/ie\/oireachtas\/bill\/2025\/39\/eng\/ver_a\/b39a25d-p-c-sent-gr.pdf"},"xml":null},"lang":"eng","showAs":"As passed by both Houses of the Oireachtas","uri":"https:\/\/data.oireachtas.ie\/ie\/oireachtas\/bill\/2025\/39\/eng\/ver_a"}},{"version":{"date":"2025-07-02","docType":"bill","formats":{"pdf":{"uri":"https:\/\/data.oireachtas.ie\/ie\/oireachtas\/bill\/2025\/39\/eng\/initiated\/b3925d.pdf"},"xml":null},"lang":"eng","showAs":"As Initiated","uri":"https:\/\/data.oireachtas.ie\/ie\/oireachtas\/bill\/2025\/39\/eng\/initiated"}}]},"billSort":{"actNoSort":9,"actShortTitleEnSort":"planning-and-development-amendment-act-2025","actShortTitleGaSort":"an-tacht-um-pleanail-agus-forbairt-leasu-2025","actYearSort":2025,"billNoSort":39,"billShortTitleEnSort":"planning-and-development-amendment-bill-2025","billShortTitleGaSort":"an-bille-um-pleanail-agus-forbairt-leasu-2025","billYearSort":2025},"contextDate":"2025-07-23"},{"bill":{"act":null,"amendmentLists":[],"billNo":"38","billType":"Public","billTypeURI":"https:\/\/data.oireachtas.ie\/ie\/oireachtas\/def\/bill-type\/public","billYear":"2025","debates":[{"chamber":{"showAs":"D\u00e1il \u00c9ireann","uri":"https:\/\/data.oireachtas.ie\/ie\/oireachtas\/def\/house\/dail"},"date":"2026-07-15","debateSectionId":"dbsect_14","showAs":"Victims of Sexual Violence Civil Protection Orders Bill 2025: Referral to Select Committee [Private Members]","uri":"https:\/\/data.oireachtas.ie\/akn\/ie\/debateRecord\/dail\/2026-07-15\/debate\/main"},{"chamber":{"showAs":"D\u00e1il \u00c9ireann","uri":"https:\/\/data.oireachtas.ie\/ie\/oireachtas\/def\/house\/dail"},"date":"2025-11-25","debateSectionId":"dbsect_26","showAs":"Victims of Sexual Violence Civil Protection Orders Bill 2025: Second Stage [Private Members]","uri":"https:\/\/data.oireachtas.ie\/akn\/ie\/debateRecord\/dail\/2025-11-25\/debate\/main"},{"chamber":{"showAs":"D\u00e1il \u00c9ireann","uri":"https:\/\/data.oireachtas.ie\/ie\/oireachtas\/def\/house\/dail"},"date":"2025-06-26","debateSectionId":"dbsect_35","showAs":"Victims of Sexual Violence Civil Protection Orders Bill 2025: First Stage","uri":"https:\/\/data.oireachtas.ie\/akn\/ie\/debateRecord\/dail\/2025-06-26\/debate\/main"}],"events":[{"event":{"chamber":{"chamberCode":"dail","showAs":"D\u00e1il \u00c9ireann","uri":"https:\/\/data.oireachtas.ie\/ie\/oireachtas\/def\/house\/dail"},"dates":[{"date":"2025-06-09"},{"date":"2025-06-09"},{"date":"2025-06-26"}],"eventURI":"https:\/\/data.oireachtas.ie\/ie\/oireachtas\/def\/bill-event\/approved-for-initiation","showAs":"Approved for Initiation","uri":"https:\/\/data.oireachtas.ie\/ie\/oireachtas\/bill\/2025\/38\/approved-for-initiation"}}],"lastUpdated":"2026-06-25T09:06:13.100000+00:00","longTitleEn":"<p>Bill entitled an Act to provide victims of sexual violence with the right to seek civil protection orders.\u00a0<\/p>","longTitleGa":"<p>Bille d\u00e1 ngairtear Acht chun an ceart a thabhairt d\u2019\u00edospartaigh for\u00e9igin ghn\u00e9asaigh orduithe cosanta sibhialta a lorg.<\/p><p>\u00a0<\/p>","method":"Introduced","methodURI":"https:\/\/data.oireachtas.ie\/ie\/oireachtas\/def\/bill-method\/introduced","mostRecentStage":{"event":{"chamber":{"chamberCode":"dail","showAs":"D\u00e1il \u00c9ireann","uri":"https:\/\/data.oireachtas.ie\/ie\/oireachtas\/def\/house\/dail"},"dates":[{"date":"2025-11-25"}],"house":{"chamberCode":"dail","chamberType":"house","houseCode":"dail","houseNo":"34","showAs":"34th D\u00e1il","uri":"https:\/\/data.oireachtas.ie\/ie\/oireachtas\/house\/dail\/34"},"progressStage":2,"showAs":"Second Stage","stageCompleted":true,"stageOutcome":null,"stageURI":"https:\/\/data.oireachtas.ie\/ie\/oireachtas\/def\/bill-stage\/2","uri":"https:\/\/data.oireachtas.ie\/ie\/oireachtas\/bill\/2025\/38\/stage\/dail\/2"}},"originHouse":{"showAs":"D\u00e1il \u00c9ireann","uri":"https:\/\/data.oireachtas.ie\/ie\/oireachtas\/def\/house\/dail"},"originHouseURI":"https:\/\/data.oireachtas.ie\/ie\/oireachtas\/def\/house\/dail","relatedDocs":[{"relatedDoc":{"date":"2025-06-26","docType":"memo","formats":{"pdf":{"uri":"https:\/\/data.oireachtas.ie\/ie\/oireachtas\/bill\/2025\/38\/eng\/memo\/b3825d-memo.pdf"},"xml":null},"lang":"eng","showAs":"Explanatory Memorandum","uri":"https:\/\/data.oireachtas.ie\/ie\/oireachtas\/bill\/2025\/38\/eng\/memo"}}],"shortTitleEn":"Victims of Sexual Violence Civil Protection Orders Bill 2025","shortTitleGa":"An Bille um Orduithe Cosanta Sibhialta d\u2019\u00cdospartaigh For\u00e9igin Ghn\u00e9asaigh, 2025","source":"Private Member","sourceURI":"https:\/\/data.oireachtas.ie\/ie\/oireachtas\/def\/bill-source\/private-member","sponsors":[{"sponsor":{"isPrimary":true,"as":{"showAs":null,"uri":null},"by":{"showAs":"Matt Carthy","uri":"https:\/\/data.oireachtas.ie\/ie\/oireachtas\/member\/id\/Matt-Carthy.D.2020-02-08"}}}],"stages":[{"event":{"chamber":{"chamberCode":"dail","showAs":"D\u00e1il \u00c9ireann","uri":"https:\/\/data.oireachtas.ie\/ie\/oireachtas\/def\/house\/dail"},"dates":[{"date":"2025-06-09"},{"date":"2025-06-09"},{"date":"2025-06-26"},{"date":"2025-06-26"}],"house":{"chamberCode":"dail","chamberType":"house","houseCode":"dail","houseNo":"34","showAs":"34th D\u00e1il","uri":"https:\/\/data.oireachtas.ie\/ie\/oireachtas\/house\/dail\/34"},"progressStage":1,"showAs":"First Stage","stageCompleted":true,"stageOutcome":null,"stageURI":"https:\/\/data.oireachtas.ie\/ie\/oireachtas\/def\/bill-stage\/1","uri":"https:\/\/data.oireachtas.ie\/ie\/oireachtas\/bill\/2025\/38\/stage\/dail\/1"}},{"event":{"chamber":{"chamberCode":"dail","showAs":"D\u00e1il \u00c9ireann","uri":"https:\/\/data.oireachtas.ie\/ie\/oireachtas\/def\/house\/dail"},"dates":[{"date":"2025-11-25"}],"house":{"chamberCode":"dail","chamberType":"house","houseCode":"dail","houseNo":"34","showAs":"34th D\u00e1il","uri":"https:\/\/data.oireachtas.ie\/ie\/oireachtas\/house\/dail\/34"},"progressStage":2,"showAs":"Second Stage","stageCompleted":true,"stageOutcome":null,"stageURI":"https:\/\/data.oireachtas.ie\/ie\/oireachtas\/def\/bill-stage\/2","uri":"https:\/\/data.oireachtas.ie\/ie\/oireachtas\/bill\/2025\/38\/stage\/dail\/2"}}],"status":"Current","statusURI":"https:\/\/data.oireachtas.ie\/ie\/oireachtas\/def\/bill-status\/published","uri":"https:\/\/data.oireachtas.ie\/ie\/oireachtas\/bill\/2025\/38","versions":[{"version":{"lang":"eng","docType":"bill","showAs":"As Initiated","date":"2025-06-26","formats":{"pdf":{"uri":"https:\/\/data.oireachtas.ie\/ie\/oireachtas\/bill\/2025\/38\/eng\/initiated\/b3825d.pdf"},"xml":null},"uri":"https:\/\/data.oireachtas.ie\/ie\/oireachtas\/bill\/2025\/38\/eng\/initiated"}}]},"contextDate":"2025-11-25","billSort":{"actNoSort":null,"actShortTitleEnSort":null,"actShortTitleGaSort":null,"actYearSort":null,"billNoSort":38,"billShortTitleEnSort":"victims-of-sexual-violence-civil-protection-orders-bill-2025","billShortTitleGaSort":"an-bille-um-orduithe-cosanta-sibhialta-diospartaigh-foreigin-ghneasaigh-2025","billYearSort":2025}},{"bill":{"act":null,"amendmentLists":[],"billNo":"37","billType":"Public","billTypeURI":"https:\/\/data.oireachtas.ie\/ie\/oireachtas\/def\/bill-type\/public","billYear":"2025","debates":[{"chamber":{"showAs":"D\u00e1il \u00c9ireann","uri":"https:\/\/data.oireachtas.ie\/ie\/oireachtas\/def\/house\/dail"},"date":"2025-06-24","debateSectionId":"dbsect_9","showAs":"Broadcasting (All Ireland Service) (Amendment) Bill 2025: First Stage","uri":"https:\/\/data.oireachtas.ie\/akn\/ie\/debateRecord\/dail\/2025-06-24\/debate\/main"}],"events":[{"event":{"chamber":{"chamberCode":"dail","showAs":"D\u00e1il \u00c9ireann","uri":"https:\/\/data.oireachtas.ie\/ie\/oireachtas\/def\/house\/dail"},"dates":[{"date":"2025-06-23"},{"date":"2025-06-23"},{"date":"2025-06-24"}],"eventURI":"https:\/\/data.oireachtas.ie\/ie\/oireachtas\/def\/bill-event\/approved-for-initiation","showAs":"Approved for Initiation","uri":"https:\/\/data.oireachtas.ie\/ie\/oireachtas\/bill\/2025\/37\/approved-for-initiation"}}],"lastUpdated":"2025-06-25T08:41:32.140000+00:00","longTitleEn":"<p>Bill entitled an Act to amend the Broadcasting Act 2009 to recognise the duty of national public service broadcasters and Coimisi\u00fan na Me\u00e1n to proactively make efforts to ensure equal access to national public broadcasting services across the whole community of the island of Ireland.<\/p>","longTitleGa":"<p>Bille d\u00e1 ngairtear Acht do leas\u00fa an Achta Craolach\u00e1in, 2009 chun aitheantas a thabhairt don dualgas at\u00e1 ar chraolt\u00f3ir\u00ed seirbh\u00edse poibl\u00ed n\u00e1isi\u00fanta agus ar Choimisi\u00fan na Me\u00e1n iarrachta\u00ed a dh\u00e9anamh go r\u00e9amhghn\u00edomhach chun rochtain chomhionann ar sheirbh\u00eds\u00ed craolach\u00e1in phoibl\u00ed n\u00e1isi\u00fanta a chinnti\u00fa ar fud phobal uile oile\u00e1n na h\u00c9ireann.<\/p>\n","method":"Introduced","methodURI":"https:\/\/data.oireachtas.ie\/ie\/oireachtas\/def\/bill-method\/introduced","mostRecentStage":{"event":{"chamber":{"chamberCode":"dail","showAs":"D\u00e1il \u00c9ireann","uri":"https:\/\/data.oireachtas.ie\/ie\/oireachtas\/def\/house\/dail"},"dates":[{"date":"2025-06-24"}],"house":{"chamberCode":"dail","chamberType":"house","houseCode":"dail","houseNo":"34","showAs":"34th D\u00e1il","uri":"https:\/\/data.oireachtas.ie\/ie\/oireachtas\/house\/dail\/34"},"progressStage":2,"showAs":"Second Stage","stageCompleted":false,"stageOutcome":"Current","stageURI":"https:\/\/data.oireachtas.ie\/ie\/oireachtas\/def\/bill-stage\/2","uri":"https:\/\/data.oireachtas.ie\/ie\/oireachtas\/bill\/2025\/37\/stage\/dail\/2"}},"originHouse":{"showAs":"D\u00e1il \u00c9ireann","uri":"https:\/\/data.oireachtas.ie\/ie\/oireachtas\/def\/house\/dail"},"originHouseURI":"https:\/\/data.oireachtas.ie\/ie\/oireachtas\/def\/house\/dail","relatedDocs":[{"relatedDoc":{"date":"2025-06-24","docType":"memo","formats":{"pdf":{"uri":"https:\/\/data.oireachtas.ie\/ie\/oireachtas\/bill\/2025\/37\/eng\/memo\/b3725d-memo.pdf"},"xml":null},"lang":"eng","showAs":"Explanatory Memorandum","uri":"https:\/\/data.oireachtas.ie\/ie\/oireachtas\/bill\/2025\/37\/eng\/memo"}}],"shortTitleEn":"Broadcasting (All Ireland Service) (Amendment) Bill 2025","shortTitleGa":"An Bille Craolach\u00e1in (Seirbh\u00eds Uile-\u00c9ireann) (Leas\u00fa), 2025","source":"Private Member","sourceURI":"https:\/\/data.oireachtas.ie\/ie\/oireachtas\/def\/bill-source\/private-member","sponsors":[{"sponsor":{"as":{"showAs":null,"uri":null},"by":{"showAs":"Aengus \u00d3 Snodaigh","uri":"https:\/\/data.oireachtas.ie\/ie\/oireachtas\/member\/id\/Aengus-\u00d3-Snodaigh.D.2002-06-06"},"isPrimary":true}},{"sponsor":{"as":{"showAs":null,"uri":null},"by":{"showAs":"Joanna Byrne","uri":"https:\/\/data.oireachtas.ie\/ie\/oireachtas\/member\/id\/Joanna-Byrne.D.2024-11-29"},"isPrimary":false}}],"stages":[{"event":{"chamber":{"chamberCode":"dail","showAs":"D\u00e1il \u00c9ireann","uri":"https:\/\/data.oireachtas.ie\/ie\/oireachtas\/def\/house\/dail"},"dates":[{"date":"2025-06-23"},{"date":"2025-06-23"},{"date":"2025-06-24"},{"date":"2025-06-24"}],"house":{"chamberCode":"dail","chamberType":"house","houseCode":"dail","houseNo":"34","showAs":"34th D\u00e1il","uri":"https:\/\/data.oireachtas.ie\/ie\/oireachtas\/house\/dail\/34"},"progressStage":1,"showAs":"First Stage","stageCompleted":true,"stageOutcome":null,"stageURI":"https:\/\/data.oireachtas.ie\/ie\/oireachtas\/def\/bill-stage\/1","uri":"https:\/\/data.oireachtas.ie\/ie\/oireachtas\/bill\/2025\/37\/stage\/dail\/1"}},{"event":{"chamber":{"chamberCode":"dail","showAs":"D\u00e1il \u00c9ireann","uri":"https:\/\/data.oireachtas.ie\/ie\/oireachtas\/def\/house\/dail"},"dates":[{"date":"2025-06-24"}],"house":{"chamberCode":"dail","chamberType":"house","houseCode":"dail","houseNo":"34","showAs":"34th D\u00e1il","uri":"https:\/\/data.oireachtas.ie\/ie\/oireachtas\/house\/dail\/34"},"progressStage":2,"showAs":"Second Stage","stageCompleted":false,"stageOutcome":"Current","stageURI":"https:\/\/data.oireachtas.ie\/ie\/oireachtas\/def\/bill-stage\/2","uri":"https:\/\/data.oireachtas.ie\/ie\/oireachtas\/bill\/2025\/37\/stage\/dail\/2"}}],"status":"Current","statusURI":"https:\/\/data.oireachtas.ie\/ie\/oireachtas\/def\/bill-status\/published","uri":"https:\/\/data.oireachtas.ie\/ie\/oireachtas\/bill\/2025\/37","versions":[{"version":{"date":"2025-06-24","docType":"bill","formats":{"pdf":{"uri":"https:\/\/data.oireachtas.ie\/ie\/oireachtas\/bill\/2025\/37\/eng\/initiated\/b3725d.pdf"},"xml":null},"lang":"eng","showAs":"As Initiated","uri":"https:\/\/data.oireachtas.ie\/ie\/oireachtas\/bill\/2025\/37\/eng\/initiated"}}]},"billSort":{"actNoSort":null,"actShortTitleEnSort":null,"actShortTitleGaSort":null,"actYearSort":null,"billNoSort":37,"billShortTitleEnSort":"broadcasting-all-ireland-service-amendment-bill-2025","billShortTitleGaSort":"an-bille-craolachain-seirbhis-uile-eireann-leasu-2025","billYearSort":2025},"contextDate":"2025-06-24"},{"bill":{"act":null,"amendmentLists":[],"billNo":"36","billType":"Public","billTypeURI":"https:\/\/data.oireachtas.ie\/ie\/oireachtas\/def\/bill-type\/public","billYear":"2025","debates":[{"chamber":{"showAs":"D\u00e1il \u00c9ireann","uri":"https:\/\/data.oireachtas.ie\/ie\/oireachtas\/def\/house\/dail"},"date":"2026-04-30","debateSectionId":"dbsect_46","showAs":"Forty-first Amendment of the Constitution (Voting Rights in Presidential Elections) Bill 2025: Second Stage [Private Members]","uri":"https:\/\/data.oireachtas.ie\/akn\/ie\/debateRecord\/dail\/2026-04-30\/debate\/main"},{"chamber":{"showAs":"D\u00e1il \u00c9ireann","uri":"https:\/\/data.oireachtas.ie\/ie\/oireachtas\/def\/house\/dail"},"date":"2025-06-17","debateSectionId":"dbsect_8","showAs":"An Bille um an Aon\u00fa Leas\u00fa is Daichead ar an mBunreacht (Cearta V\u00f3t\u00e1la i dToghch\u00e1in Uachtar\u00e1in), 2025: An Ch\u00e9ad Ch\u00e9im","uri":"https:\/\/data.oireachtas.ie\/akn\/ie\/debateRecord\/dail\/2025-06-17\/debate\/main"},{"chamber":{"showAs":"D\u00e1il \u00c9ireann","uri":"https:\/\/data.oireachtas.ie\/ie\/oireachtas\/def\/house\/dail"},"date":"2025-06-17","debateSectionId":"dbsect_9","showAs":"Forty-first Amendment of the Constitution (Voting Rights in Presidential Elections) Bill 2025: First Stage","uri":"https:\/\/data.oireachtas.ie\/akn\/ie\/debateRecord\/dail\/2025-06-17\/debate\/main"}],"events":[{"event":{"chamber":{"chamberCode":"dail","showAs":"D\u00e1il \u00c9ireann","uri":"https:\/\/data.oireachtas.ie\/ie\/oireachtas\/def\/house\/dail"},"dates":[{"date":"2025-05-16"},{"date":"2025-05-16"},{"date":"2025-06-17"}],"eventURI":"https:\/\/data.oireachtas.ie\/ie\/oireachtas\/def\/bill-event\/approved-for-initiation","showAs":"Approved for Initiation","uri":"https:\/\/data.oireachtas.ie\/ie\/oireachtas\/bill\/2025\/36\/approved-for-initiation"}}],"lastUpdated":"2026-05-01T10:10:49.070000+00:00","longTitleEn":"<p style=\"text-align:justify;\">Bill entitled an Act to amend the Constitution.<\/p>","longTitleGa":"<p>Bille d\u00e1 ngairtear Acht chun an Bunreacht a leas\u00fa.<\/p>","method":"Introduced","methodURI":"https:\/\/data.oireachtas.ie\/ie\/oireachtas\/def\/bill-method\/introduced","mostRecentStage":{"event":{"chamber":{"chamberCode":"dail","showAs":"D\u00e1il \u00c9ireann","uri":"https:\/\/data.oireachtas.ie\/ie\/oireachtas\/def\/house\/dail"},"dates":[{"date":"2025-06-17"}],"house":{"chamberCode":"dail","chamberType":"house","houseCode":"dail","houseNo":"34","showAs":"34th D\u00e1il","uri":"https:\/\/data.oireachtas.ie\/ie\/oireachtas\/house\/dail\/34"},"progressStage":2,"showAs":"Second Stage","stageCompleted":true,"stageOutcome":null,"stageURI":"https:\/\/data.oireachtas.ie\/ie\/oireachtas\/def\/bill-stage\/2","uri":"https:\/\/data.oireachtas.ie\/ie\/oireachtas\/bill\/2025\/36\/stage\/dail\/2"}},"originHouse":{"showAs":"D\u00e1il \u00c9ireann","uri":"https:\/\/data.oireachtas.ie\/ie\/oireachtas\/def\/house\/dail"},"originHouseURI":"https:\/\/data.oireachtas.ie\/ie\/oireachtas\/def\/house\/dail","relatedDocs":[{"relatedDoc":{"date":"2025-06-17","docType":"memo","formats":{"pdf":{"uri":"https:\/\/data.oireachtas.ie\/ie\/oireachtas\/bill\/2025\/36\/eng\/memo\/b3625d-memo.pdf"},"xml":null},"lang":"eng","showAs":"Explanatory Memorandum","uri":"https:\/\/data.oireachtas.ie\/ie\/oireachtas\/bill\/2025\/36\/eng\/memo"}}],"shortTitleEn":"Forty-first Amendment of the Constitution (Voting Rights in Presidential Elections) Bill 2025","shortTitleGa":"An Bille um an Aon\u00fa Leas\u00fa is Daichead ar an mBunreacht (Cearta V\u00f3t\u00e1la i dToghch\u00e1in Uachtar\u00e1in), 2025","source":"Private Member","sourceURI":"https:\/\/data.oireachtas.ie\/ie\/oireachtas\/def\/bill-source\/private-member","sponsors":[{"sponsor":{"isPrimary":true,"as":{"showAs":null,"uri":null},"by":{"showAs":"Peadar T\u00f3ib\u00edn","uri":"https:\/\/data.oireachtas.ie\/ie\/oireachtas\/member\/id\/Peadar-T\u00f3ib\u00edn.D.2011-03-09"}}},{"sponsor":{"isPrimary":false,"as":{"showAs":null,"uri":null},"by":{"showAs":"Paul Lawless","uri":"https:\/\/data.oireachtas.ie\/ie\/oireachtas\/member\/id\/Paul-Lawless.D.2024-11-29"}}},{"sponsor":{"isPrimary":false,"as":{"showAs":null,"uri":null},"by":{"showAs":"Michael Collins","uri":"https:\/\/data.oireachtas.ie\/ie\/oireachtas\/member\/id\/Michael-Collins.D.2016-10-03"}}}],"stages":[{"event":{"chamber":{"chamberCode":"dail","showAs":"D\u00e1il \u00c9ireann","uri":"https:\/\/data.oireachtas.ie\/ie\/oireachtas\/def\/house\/dail"},"dates":[{"date":"2025-05-16"},{"date":"2025-05-16"},{"date":"2025-06-17"},{"date":"2025-06-17"}],"house":{"chamberCode":"dail","chamberType":"house","houseCode":"dail","houseNo":"34","showAs":"34th D\u00e1il","uri":"https:\/\/data.oireachtas.ie\/ie\/oireachtas\/house\/dail\/34"},"progressStage":1,"showAs":"First Stage","stageCompleted":true,"stageOutcome":null,"stageURI":"https:\/\/data.oireachtas.ie\/ie\/oireachtas\/def\/bill-stage\/1","uri":"https:\/\/data.oireachtas.ie\/ie\/oireachtas\/bill\/2025\/36\/stage\/dail\/1"}},{"event":{"chamber":{"chamberCode":"dail","showAs":"D\u00e1il \u00c9ireann","uri":"https:\/\/data.oireachtas.ie\/ie\/oireachtas\/def\/house\/dail"},"dates":[{"date":"2025-06-17"}],"house":{"chamberCode":"dail","chamberType":"house","houseCode":"dail","houseNo":"34","showAs":"34th D\u00e1il","uri":"https:\/\/data.oireachtas.ie\/ie\/oireachtas\/house\/dail\/34"},"progressStage":2,"showAs":"Second Stage","stageCompleted":true,"stageOutcome":null,"stageURI":"https:\/\/data.oireachtas.ie\/ie\/oireachtas\/def\/bill-stage\/2","uri":"https:\/\/data.oireachtas.ie\/ie\/oireachtas\/bill\/2025\/36\/stage\/dail\/2"}}],"status":"Current","statusURI":"https:\/\/data.oireachtas.ie\/ie\/oireachtas\/def\/bill-status\/published","uri":"https:\/\/data.oireachtas.ie\/ie\/oireachtas\/bill\/2025\/36","versions":[{"version":{"lang":"mul","docType":"bill","showAs":"As Initiated","date":"2025-06-17","formats":{"pdf":{"uri":"https:\/\/data.oireachtas.ie\/ie\/oireachtas\/bill\/2025\/36\/mul\/initiated\/b3625d.pdf"},"xml":null},"uri":"https:\/\/data.oireachtas.ie\/ie\/oireachtas\/bill\/2025\/36\/mul\/initiated"}}]},"contextDate":"2025-06-17","billSort":{"actNoSort":null,"actShortTitleEnSort":null,"actShortTitleGaSort":null,"actYearSort":null,"billNoSort":36,"billShortTitleEnSort":"forty-first-amendment-of-the-constitution-voting-rights-in-presidential-elections-bill-2025","billShortTitleGaSort":"an-bille-um-an-aonu-leasu-is-daichead-ar-an-mbunreacht-cearta-votala-i-dtoghchain-uachtarain-2025","billYearSort":2025}},{"bill":{"act":{"actNo":"5","actYear":"2025","dateSigned":"2025-06-19","longTitleEn":"<p>Act to extend the period for which an area is prescribed as a rent pressure zone; to provide that areas in the State not prescribed as rent pressure zones are deemed to be so prescribed; to extend the relevant period for the purpose of rent reviews under section 20 of the Residential Tenancies Act 2004; for those purposes, to amend the Residential Tenancies Act 2004 and the Residential Tenancies (Amendment) Act 2019; and to provide for related matters.&nbsp;<\/p>","longTitleGa":"<p>Acht d\u2019fhad\u00fa na tr\u00e9imhse a mbeidh limist\u00e9ar forordaithe mar chrios br\u00fa c\u00edosa ar a feadh; do dh\u00e9anamh socr\u00fa, maidir le limist\u00e9ir sa St\u00e1t nach bhfuil forordaithe mar chriosanna br\u00fa c\u00edosa, go measfar iad a bheith forordaithe amhlaidh; d\u2019fhad\u00fa na tr\u00e9imhse iomchu\u00ed chun cr\u00edche athbhreithnithe c\u00edosa faoi alt 20 den Acht um Thion\u00f3ntachta\u00ed C\u00f3naithe, 2004; chun na gcr\u00edoch sin, do leas\u00fa an Achta um Thion\u00f3ntachta\u00ed C\u00f3naithe, 2004 agus an Achta um Thion\u00f3ntachta\u00ed C\u00f3naithe (Leas\u00fa), 2019; agus do dh\u00e9anamh socr\u00fa i dtaobh nithe gaolmhara.<\/p>","shortTitleEn":"Residential Tenancies (Amendment) Act 2025","shortTitleGa":"An tAcht um Thion\u00f3ntachta\u00ed C\u00f3naithe (Leas\u00fa), 2025","statutebookURI":"http:\/\/www.irishstatutebook.ie\/eli\/2025\/act\/5","uri":"https:\/\/data.oireachtas.ie\/ie\/oireachtas\/act\/2025\/5"},"amendmentLists":[{"amendmentList":{"amendmentTypeUri":{"uri":"https:\/\/data.oireachtas.ie\/ie\/oireachtas\/def\/amendment-type\/numberedList"},"chamber":{"showAs":"Seanad","uri":"https:\/\/data.oireachtas.ie\/ie\/oireachtas\/def\/seanad"},"date":"2025-06-19","formats":{"pdf":{"uri":"https:\/\/data.oireachtas.ie\/ie\/oireachtas\/bill\/2025\/35\/seanad\/3\/amendment\/numberedList\/eng\/b3525d-scnl.pdf"},"xml":null},"showAs":"Numbered List [Seanad]","stage":{"showAs":"Committee Stage","uri":"https:\/\/data.oireachtas.ie\/ie\/oireachtas\/bill\/2025\/35\/seanad\/3"},"stageNo":"3"}},{"amendmentList":{"amendmentTypeUri":{"uri":"https:\/\/data.oireachtas.ie\/ie\/oireachtas\/def\/amendment-type\/numberedList"},"chamber":{"showAs":"Dail","uri":"https:\/\/data.oireachtas.ie\/ie\/oireachtas\/def\/dail"},"date":"2025-06-18","formats":{"pdf":{"uri":"https:\/\/data.oireachtas.ie\/ie\/oireachtas\/bill\/2025\/35\/dail\/3\/amendment\/numberedList\/eng\/b3525d-dcnl.pdf"},"xml":null},"showAs":"Numbered List [D\u00e1il]","stage":{"showAs":"Committee Stage","uri":"https:\/\/data.oireachtas.ie\/ie\/oireachtas\/bill\/2025\/35\/dail\/3"},"stageNo":"3"}}],"billNo":"35","billType":"Public","billTypeURI":"https:\/\/data.oireachtas.ie\/ie\/oireachtas\/def\/bill-type\/public","billYear":"2025","debates":[{"chamber":{"showAs":"Seanad \u00c9ireann","uri":"https:\/\/data.oireachtas.ie\/ie\/oireachtas\/def\/house\/seanad"},"date":"2025-06-19","debateSectionId":"dbsect_10","showAs":"Residential Tenancies (Amendment) Bill 2025: Second Stage","uri":"https:\/\/data.oireachtas.ie\/akn\/ie\/debateRecord\/seanad\/2025-06-19\/debate\/main"},{"chamber":{"showAs":"Seanad \u00c9ireann","uri":"https:\/\/data.oireachtas.ie\/ie\/oireachtas\/def\/house\/seanad"},"date":"2025-06-19","debateSectionId":"dbsect_11","showAs":"Residential Tenancies (Amendment) Bill 2025: Committee and Remaining Stages","uri":"https:\/\/data.oireachtas.ie\/akn\/ie\/debateRecord\/seanad\/2025-06-19\/debate\/main"},{"chamber":{"showAs":"D\u00e1il \u00c9ireann","uri":"https:\/\/data.oireachtas.ie\/ie\/oireachtas\/def\/house\/dail"},"date":"2025-06-18","debateSectionId":"dbsect_14","showAs":"Residential Tenancies (Amendment) Bill 2025: Second Stage","uri":"https:\/\/data.oireachtas.ie\/akn\/ie\/debateRecord\/dail\/2025-06-18\/debate\/main"},{"chamber":{"showAs":"D\u00e1il \u00c9ireann","uri":"https:\/\/data.oireachtas.ie\/ie\/oireachtas\/def\/house\/dail"},"date":"2025-06-18","debateSectionId":"dbsect_16","showAs":"Residential Tenancies (Amendment) Bill 2025: Second Stage (Resumed)","uri":"https:\/\/data.oireachtas.ie\/akn\/ie\/debateRecord\/dail\/2025-06-18\/debate\/main"},{"chamber":{"showAs":"D\u00e1il \u00c9ireann","uri":"https:\/\/data.oireachtas.ie\/ie\/oireachtas\/def\/house\/dail"},"date":"2025-06-18","debateSectionId":"dbsect_17","showAs":"Residential Tenancies (Amendment) Bill 2025: Committee and Remaining Stages","uri":"https:\/\/data.oireachtas.ie\/akn\/ie\/debateRecord\/dail\/2025-06-18\/debate\/main"}],"events":[{"event":{"chamber":{"chamberCode":"dail","showAs":"D\u00e1il \u00c9ireann","uri":"https:\/\/data.oireachtas.ie\/ie\/oireachtas\/def\/house\/dail"},"dates":[{"date":"2025-06-18"},{"date":"2025-06-19"}],"eventURI":"https:\/\/data.oireachtas.ie\/ie\/oireachtas\/def\/bill-event\/published","showAs":"Published","uri":"https:\/\/data.oireachtas.ie\/ie\/oireachtas\/bill\/2025\/35\/published"}},{"event":{"chamber":null,"dates":[{"date":"2025-06-19"}],"eventURI":"https:\/\/data.oireachtas.ie\/ie\/oireachtas\/def\/bill-event\/enacted","showAs":"Enacted","uri":"https:\/\/data.oireachtas.ie\/ie\/oireachtas\/bill\/2025\/35\/enacted"}}],"lastUpdated":"2025-06-24T11:46:53.200000+00:00","longTitleEn":"<p>Bill entitled an Act to extend the period for which an area is prescribed as a rent pressure zone; to provide that areas in the State not prescribed as rent pressure zones are deemed to be so prescribed; to extend the relevant period for the purpose of rent reviews under section 20 of the Residential Tenancies Act 2004; for those purposes, to amend the Residential Tenancies Act 2004 and the Residential Tenancies (Amendment) Act 2019; and to provide for related matters.&nbsp;<\/p>","longTitleGa":"<p>Bille d\u00e1 ngairtear Acht d\u2019fhad\u00fa na tr\u00e9imhse a mbeidh limist\u00e9ar forordaithe mar chrios br\u00fa c\u00edosa ar a feadh; do dh\u00e9anamh socr\u00fa, maidir le limist\u00e9ir sa St\u00e1t nach bhfuil forordaithe mar chriosanna br\u00fa c\u00edosa, go measfar iad a bheith forordaithe amhlaidh; d\u2019fhad\u00fa na tr\u00e9imhse iomchu\u00ed chun cr\u00edche athbhreithnithe c\u00edosa faoi alt 20 den Acht um Thion\u00f3ntachta\u00ed C\u00f3naithe, 2004; chun na gcr\u00edoch sin, do leas\u00fa an Achta um Thion\u00f3ntachta\u00ed C\u00f3naithe, 2004 agus an Achta um Thion\u00f3ntachta\u00ed C\u00f3naithe (Leas\u00fa), 2019; agus do dh\u00e9anamh socr\u00fa i dtaobh nithe gaolmhara.<\/p>","method":"Presented","methodURI":"https:\/\/data.oireachtas.ie\/ie\/oireachtas\/def\/bill-method\/presented","mostRecentStage":{"event":{"chamber":null,"dates":[{"date":"2025-06-19"}],"house":null,"progressStage":10,"showAs":"Enacted","stageCompleted":true,"stageOutcome":"Enacted","stageURI":"https:\/\/data.oireachtas.ie\/ie\/oireachtas\/def\/bill-stage\/enacted","uri":"https:\/\/data.oireachtas.ie\/ie\/oireachtas\/bill\/2025\/35\/stage\/oireachtas\/enacted"}},"originHouse":{"showAs":"D\u00e1il \u00c9ireann","uri":"https:\/\/data.oireachtas.ie\/ie\/oireachtas\/def\/house\/dail"},"originHouseURI":"https:\/\/data.oireachtas.ie\/ie\/oireachtas\/def\/house\/dail","relatedDocs":[{"relatedDoc":{"date":"2025-06-18","docType":"memo","formats":{"pdf":{"uri":"https:\/\/data.oireachtas.ie\/ie\/oireachtas\/bill\/2025\/35\/eng\/memo\/b3525d-memo.pdf"},"xml":null},"lang":"eng","showAs":"Explanatory Memorandum","uri":"https:\/\/data.oireachtas.ie\/ie\/oireachtas\/bill\/2025\/35\/eng\/memo"}}],"shortTitleEn":"Residential Tenancies (Amendment) Bill 2025","shortTitleGa":"An Bille um Thion\u00f3ntachta\u00ed C\u00f3naithe (Leas\u00fa), 2025","source":"Government","sourceURI":"https:\/\/data.oireachtas.ie\/ie\/oireachtas\/def\/bill-source\/government","sponsors":[{"sponsor":{"as":{"showAs":"Minister for Housing, Local Government and Heritage","uri":null},"by":{"showAs":null,"uri":null},"isPrimary":true}}],"stages":[{"event":{"chamber":{"chamberCode":"dail","showAs":"D\u00e1il \u00c9ireann","uri":"https:\/\/data.oireachtas.ie\/ie\/oireachtas\/def\/house\/dail"},"dates":[{"date":"2025-06-18"},{"date":"2025-06-18"}],"house":{"chamberCode":"dail","chamberType":"house","houseCode":"dail","houseNo":"34","showAs":"34th D\u00e1il","uri":"https:\/\/data.oireachtas.ie\/ie\/oireachtas\/house\/dail\/34"},"progressStage":1,"showAs":"First Stage","stageCompleted":true,"stageOutcome":null,"stageURI":"https:\/\/data.oireachtas.ie\/ie\/oireachtas\/def\/bill-stage\/1","uri":"https:\/\/data.oireachtas.ie\/ie\/oireachtas\/bill\/2025\/35\/stage\/dail\/1"}},{"event":{"chamber":{"chamberCode":"dail","showAs":"D\u00e1il \u00c9ireann","uri":"https:\/\/data.oireachtas.ie\/ie\/oireachtas\/def\/house\/dail"},"dates":[{"date":"2025-06-18"}],"house":{"chamberCode":"dail","chamberType":"house","houseCode":"dail","houseNo":"34","showAs":"34th D\u00e1il","uri":"https:\/\/data.oireachtas.ie\/ie\/oireachtas\/house\/dail\/34"},"progressStage":2,"showAs":"Second Stage","stageCompleted":true,"stageOutcome":null,"stageURI":"https:\/\/data.oireachtas.ie\/ie\/oireachtas\/def\/bill-stage\/2","uri":"https:\/\/data.oireachtas.ie\/ie\/oireachtas\/bill\/2025\/35\/stage\/dail\/2"}},{"event":{"chamber":{"chamberCode":"dail","showAs":"D\u00e1il \u00c9ireann","uri":"https:\/\/data.oireachtas.ie\/ie\/oireachtas\/def\/house\/dail"},"dates":[{"date":"2025-06-18"}],"house":{"chamberCode":"dail","chamberType":"house","houseCode":"dail","houseNo":"34","showAs":"34th D\u00e1il","uri":"https:\/\/data.oireachtas.ie\/ie\/oireachtas\/house\/dail\/34"},"progressStage":3,"showAs":"Committee Stage","stageCompleted":true,"stageOutcome":null,"stageURI":"https:\/\/data.oireachtas.ie\/ie\/oireachtas\/def\/bill-stage\/3","uri":"https:\/\/data.oireachtas.ie\/ie\/oireachtas\/bill\/2025\/35\/stage\/dail\/3"}},{"event":{"chamber":{"chamberCode":"dail","showAs":"D\u00e1il \u00c9ireann","uri":"https:\/\/data.oireachtas.ie\/ie\/oireachtas\/def\/house\/dail"},"dates":[{"date":"2025-06-18"}],"house":{"chamberCode":"dail","chamberType":"house","houseCode":"dail","houseNo":"34","showAs":"34th D\u00e1il","uri":"https:\/\/data.oireachtas.ie\/ie\/oireachtas\/house\/dail\/34"},"progressStage":4,"showAs":"Report Stage","stageCompleted":true,"stageOutcome":null,"stageURI":"https:\/\/data.oireachtas.ie\/ie\/oireachtas\/def\/bill-stage\/4","uri":"https:\/\/data.oireachtas.ie\/ie\/oireachtas\/bill\/2025\/35\/stage\/dail\/4"}},{"event":{"chamber":{"chamberCode":"dail","showAs":"D\u00e1il \u00c9ireann","uri":"https:\/\/data.oireachtas.ie\/ie\/oireachtas\/def\/house\/dail"},"dates":[{"date":"2025-06-18"}],"house":{"chamberCode":"dail","chamberType":"house","houseCode":"dail","houseNo":"34","showAs":"34th D\u00e1il","uri":"https:\/\/data.oireachtas.ie\/ie\/oireachtas\/house\/dail\/34"},"progressStage":5,"showAs":"Fifth Stage","stageCompleted":true,"stageOutcome":null,"stageURI":"https:\/\/data.oireachtas.ie\/ie\/oireachtas\/def\/bill-stage\/5","uri":"https:\/\/data.oireachtas.ie\/ie\/oireachtas\/bill\/2025\/35\/stage\/dail\/5"}},{"event":{"chamber":{"chamberCode":"seanad","showAs":"Seanad \u00c9ireann","uri":"https:\/\/data.oireachtas.ie\/ie\/oireachtas\/def\/house\/seanad"},"dates":[{"date":"2025-06-18"}],"house":{"chamberCode":"seanad","chamberType":"house","houseCode":"seanad","houseNo":"27","showAs":"27th Seanad","uri":"https:\/\/data.oireachtas.ie\/ie\/oireachtas\/house\/seanad\/27"},"progressStage":6,"showAs":"Second Stage","stageCompleted":true,"stageOutcome":null,"stageURI":"https:\/\/data.oireachtas.ie\/ie\/oireachtas\/def\/bill-stage\/2","uri":"https:\/\/data.oireachtas.ie\/ie\/oireachtas\/bill\/2025\/35\/stage\/seanad\/2"}},{"event":{"chamber":{"chamberCode":"seanad","showAs":"Seanad \u00c9ireann","uri":"https:\/\/data.oireachtas.ie\/ie\/oireachtas\/def\/house\/seanad"},"dates":[{"date":"2025-06-19"}],"house":{"chamberCode":"seanad","chamberType":"house","houseCode":"seanad","houseNo":"27","showAs":"27th Seanad","uri":"https:\/\/data.oireachtas.ie\/ie\/oireachtas\/house\/seanad\/27"},"progressStage":7,"showAs":"Committee Stage","stageCompleted":true,"stageOutcome":null,"stageURI":"https:\/\/data.oireachtas.ie\/ie\/oireachtas\/def\/bill-stage\/3","uri":"https:\/\/data.oireachtas.ie\/ie\/oireachtas\/bill\/2025\/35\/stage\/seanad\/3"}},{"event":{"chamber":{"chamberCode":"seanad","showAs":"Seanad \u00c9ireann","uri":"https:\/\/data.oireachtas.ie\/ie\/oireachtas\/def\/house\/seanad"},"dates":[{"date":"2025-06-19"}],"house":{"chamberCode":"seanad","chamberType":"house","houseCode":"seanad","houseNo":"27","showAs":"27th Seanad","uri":"https:\/\/data.oireachtas.ie\/ie\/oireachtas\/house\/seanad\/27"},"progressStage":8,"showAs":"Report Stage","stageCompleted":true,"stageOutcome":null,"stageURI":"https:\/\/data.oireachtas.ie\/ie\/oireachtas\/def\/bill-stage\/4","uri":"https:\/\/data.oireachtas.ie\/ie\/oireachtas\/bill\/2025\/35\/stage\/seanad\/4"}},{"event":{"chamber":{"chamberCode":"seanad","showAs":"Seanad \u00c9ireann","uri":"https:\/\/data.oireachtas.ie\/ie\/oireachtas\/def\/house\/seanad"},"dates":[{"date":"2025-06-19"}],"house":{"chamberCode":"seanad","chamberType":"house","houseCode":"seanad","houseNo":"27","showAs":"27th Seanad","uri":"https:\/\/data.oireachtas.ie\/ie\/oireachtas\/house\/seanad\/27"},"progressStage":9,"showAs":"Fifth Stage","stageCompleted":true,"stageOutcome":null,"stageURI":"https:\/\/data.oireachtas.ie\/ie\/oireachtas\/def\/bill-stage\/5","uri":"https:\/\/data.oireachtas.ie\/ie\/oireachtas\/bill\/2025\/35\/stage\/seanad\/5"}},{"event":{"chamber":null,"dates":[{"date":"2025-06-19"}],"house":null,"progressStage":10,"showAs":"Enacted","stageCompleted":true,"stageOutcome":"Enacted","stageURI":"https:\/\/data.oireachtas.ie\/ie\/oireachtas\/def\/bill-stage\/enacted","uri":"https:\/\/data.oireachtas.ie\/ie\/oireachtas\/bill\/2025\/35\/stage\/oireachtas\/enacted"}}],"status":"Enacted","statusURI":"https:\/\/data.oireachtas.ie\/ie\/oireachtas\/def\/bill-status\/enacted","uri":"https:\/\/data.oireachtas.ie\/ie\/oireachtas\/bill\/2025\/35","versions":[{"version":{"date":"2025-06-19","docType":"act","formats":{"pdf":{"uri":"https:\/\/data.oireachtas.ie\/ie\/oireachtas\/act\/2025\/5\/eng\/enacted\/a0525.pdf"},"xml":null},"lang":"eng","showAs":"Residential Tenancies (Amendment) Act 2025","uri":"https:\/\/data.oireachtas.ie\/ie\/oireachtas\/act\/2025\/5\/eng\/enacted"}},{"version":{"date":"2025-06-18","docType":"bill","formats":{"pdf":{"uri":"https:\/\/data.oireachtas.ie\/ie\/oireachtas\/bill\/2025\/35\/eng\/ver_a\/b3525d.pdf"},"xml":null},"lang":"eng","showAs":"As Initiated","uri":"https:\/\/data.oireachtas.ie\/ie\/oireachtas\/bill\/2025\/35\/eng\/ver_a"}}]},"billSort":{"actNoSort":5,"actShortTitleEnSort":"residential-tenancies-amendment-act-2025","actShortTitleGaSort":"an-tacht-um-thionontachtai-conaithe-leasu-2025","actYearSort":2025,"billNoSort":35,"billShortTitleEnSort":"residential-tenancies-amendment-bill-2025","billShortTitleGaSort":"an-bille-um-thionontachtai-conaithe-leasu-2025","billYearSort":2025},"contextDate":"2025-06-19"},{"bill":{"act":{"actNo":"19","actYear":"2026","dateSigned":"2026-07-07","longTitleEn":"<p>Act to amend the Criminal Justice (Terrorist Offences) Act 2005 for the purpose of giving full effect to Directive (EU) 2017\/541 of the European Parliament and of the Council of 15 March 2017 on combating terrorism and replacing Council Framework Decision 2002\/475\/JHA and amending Council Decision 2005\/671\/JHA; and to provide for related matters.<\/p>","longTitleGa":"<p>Acht do leas\u00fa an Achta um Cheartas Coiri\u00fail (Cionta Sceimhlitheoireachta), 2005 chun l\u00e1n\u00e9ifeacht a thabhairt do Threoir (AE) 2017\/541 \u00f3 Pharlaimint na hEorpa agus \u00f3n gComhairle an 15 M\u00e1rta 2017 maidir le sceimhlitheoireacht a chomhrac agus lena nd\u00e9antar Cinneadh R\u00e9ime 2002\/475\/CGB \u00f3n gComhairle a ionad\u00fa agus lena leasa\u00edtear Cinneadh 2005\/671\/CGB \u00f3n gComhairle; agus do dh\u00e9anamh socr\u00fa i dtaobh nithe gaolmhara.<\/p>","shortTitleEn":"Criminal Justice (Terrorist Offences) (Amendment) Act 2026","shortTitleGa":"An tAcht um Cheartas Coiri\u00fail (Cionta Sceimhlitheoireachta) (Leas\u00fa), 2026","statutebookURI":"http:\/\/www.irishstatutebook.ie\/eli\/2026\/act\/19","uri":"https:\/\/data.oireachtas.ie\/ie\/oireachtas\/act\/2026\/19"},"amendmentLists":[{"amendmentList":{"amendmentTypeUri":{"uri":"https:\/\/data.oireachtas.ie\/ie\/oireachtas\/def\/amendment-type\/numberedList"},"chamber":{"showAs":"Dail","uri":"https:\/\/data.oireachtas.ie\/ie\/oireachtas\/def\/dail"},"date":"2026-06-30","formats":{"pdf":{"uri":"https:\/\/data.oireachtas.ie\/ie\/oireachtas\/bill\/2025\/34\/dail\/3\/amendment\/numberedList\/eng\/b34a25d-scnl.pdf"},"xml":null},"showAs":"Numbered List [Seanad]","stage":{"showAs":"Committee Stage","uri":"https:\/\/data.oireachtas.ie\/ie\/oireachtas\/bill\/2025\/34\/dail\/3"},"stageNo":"3"}},{"amendmentList":{"amendmentTypeUri":{"uri":"https:\/\/data.oireachtas.ie\/ie\/oireachtas\/def\/amendment-type\/numberedList"},"chamber":{"showAs":"Dail","uri":"https:\/\/data.oireachtas.ie\/ie\/oireachtas\/def\/dail"},"date":"2026-05-19","formats":{"pdf":{"uri":"https:\/\/data.oireachtas.ie\/ie\/oireachtas\/bill\/2025\/34\/dail\/4\/amendment\/numberedList\/eng\/b3425-nl.pdf"},"xml":null},"showAs":"Numbered List [D\u00e1il]","stage":{"showAs":"Report Stage","uri":"https:\/\/data.oireachtas.ie\/ie\/oireachtas\/bill\/2025\/34\/dail\/4"},"stageNo":"4"}},{"amendmentList":{"amendmentTypeUri":{"uri":"https:\/\/data.oireachtas.ie\/ie\/oireachtas\/def\/amendment-type\/numberedList"},"chamber":{"showAs":"Dail","uri":"https:\/\/data.oireachtas.ie\/ie\/oireachtas\/def\/dail"},"date":"2025-07-07","formats":{"pdf":{"uri":"https:\/\/data.oireachtas.ie\/ie\/oireachtas\/bill\/2025\/34\/dail\/3\/amendment\/numberedList\/eng\/b3425d-dcnl.pdf"},"xml":null},"showAs":"Numbered List [D\u00e1il]","stage":{"showAs":"Committee Stage","uri":"https:\/\/data.oireachtas.ie\/ie\/oireachtas\/bill\/2025\/34\/dail\/3"},"stageNo":"3"}}],"billNo":"34","billType":"Public","billTypeURI":"https:\/\/data.oireachtas.ie\/ie\/oireachtas\/def\/bill-type\/public","billYear":"2025","debates":[{"chamber":{"showAs":"Seanad \u00c9ireann","uri":"https:\/\/data.oireachtas.ie\/ie\/oireachtas\/def\/house\/seanad"},"date":"2026-06-30","debateSectionId":"dbsect_10","showAs":"Criminal Justice (Terrorist Offences) (Amendment) Bill 2025: Order for Committee Stage","uri":"https:\/\/data.oireachtas.ie\/akn\/ie\/debateRecord\/seanad\/2026-06-30\/debate\/main"},{"chamber":{"showAs":"Seanad \u00c9ireann","uri":"https:\/\/data.oireachtas.ie\/ie\/oireachtas\/def\/house\/seanad"},"date":"2026-06-30","debateSectionId":"dbsect_11","showAs":"Criminal Justice (Terrorist Offences) (Amendment) Bill 2025: Committee Stage","uri":"https:\/\/data.oireachtas.ie\/akn\/ie\/debateRecord\/seanad\/2026-06-30\/debate\/main"},{"chamber":{"showAs":"Seanad \u00c9ireann","uri":"https:\/\/data.oireachtas.ie\/ie\/oireachtas\/def\/house\/seanad"},"date":"2026-06-30","debateSectionId":"dbsect_13","showAs":"Criminal Justice (Terrorist Offences) (Amendment) Bill 2025: Committee Stage (Resumed) and Remaining Stages","uri":"https:\/\/data.oireachtas.ie\/akn\/ie\/debateRecord\/seanad\/2026-06-30\/debate\/main"},{"chamber":{"showAs":"Seanad \u00c9ireann","uri":"https:\/\/data.oireachtas.ie\/ie\/oireachtas\/def\/house\/seanad"},"date":"2026-06-23","debateSectionId":"dbsect_13","showAs":"Criminal Justice (Terrorist Offences) (Amendment) Bill 2025: Second Stage","uri":"https:\/\/data.oireachtas.ie\/akn\/ie\/debateRecord\/seanad\/2026-06-23\/debate\/main"},{"chamber":{"showAs":"D\u00e1il \u00c9ireann","uri":"https:\/\/data.oireachtas.ie\/ie\/oireachtas\/def\/house\/dail"},"date":"2026-05-20","debateSectionId":"dbsect_16","showAs":"Criminal Justice (Terrorist Offences) (Amendment) Bill 2025: Report and Final Stages","uri":"https:\/\/data.oireachtas.ie\/akn\/ie\/debateRecord\/dail\/2026-05-20\/debate\/main"},{"chamber":{"showAs":"D\u00e1il \u00c9ireann","uri":"https:\/\/data.oireachtas.ie\/ie\/oireachtas\/def\/house\/dail"},"date":"2025-09-24","debateSectionId":"dbsect_13","showAs":"Criminal Justice (Trespass on Land) Bill 2025: First Stage","uri":"https:\/\/data.oireachtas.ie\/akn\/ie\/debateRecord\/dail\/2025-09-24\/debate\/main"},{"chamber":{"showAs":"Select Committee on Justice, Home Affairs and Migration","uri":"https:\/\/data.oireachtas.ie\/ie\/oireachtas\/def\/committee"},"date":"2025-07-08","debateSectionId":"dbsect_3","showAs":"Criminal Justice (Terrorist Offences) (Amendment) Bill 2025: Committee Stage","uri":"https:\/\/data.oireachtas.ie\/akn\/ie\/debateRecord\/select_committee_on_justice_home_affairs_and_migration\/2025-07-08\/debate\/main"},{"chamber":{"showAs":"Select Committee on Justice, Home Affairs and Migration","uri":"https:\/\/data.oireachtas.ie\/ie\/oireachtas\/def\/committee"},"date":"2025-07-08","debateSectionId":"dbsect_3","showAs":"Criminal Justice (Terrorist Offences) (Amendment) Bill 2025: Committee Stage","uri":"https:\/\/data.oireachtas.ie\/akn\/ie\/debateRecord\/select_committee_on_justice_home_affairs_and_migration\/2025-07-08\/debate\/main"},{"chamber":{"showAs":"D\u00e1il \u00c9ireann","uri":"https:\/\/data.oireachtas.ie\/ie\/oireachtas\/def\/house\/dail"},"date":"2025-07-02","debateSectionId":"dbsect_37","showAs":"Criminal Justice (Terrorist Offences) (Amendment) Bill 2025: Second Stage (Resumed)","uri":"https:\/\/data.oireachtas.ie\/akn\/ie\/debateRecord\/dail\/2025-07-02\/debate\/main"},{"chamber":{"showAs":"D\u00e1il \u00c9ireann","uri":"https:\/\/data.oireachtas.ie\/ie\/oireachtas\/def\/house\/dail"},"date":"2025-07-02","debateSectionId":"dbsect_42","showAs":"Criminal Justice (Terrorist Offences) (Amendment) Bill 2025: Referral to Select Committee","uri":"https:\/\/data.oireachtas.ie\/akn\/ie\/debateRecord\/dail\/2025-07-02\/debate\/main"},{"chamber":{"showAs":"D\u00e1il \u00c9ireann","uri":"https:\/\/data.oireachtas.ie\/ie\/oireachtas\/def\/house\/dail"},"date":"2025-06-26","debateSectionId":"dbsect_36","showAs":"Criminal Justice (Terrorist Offences) (Amendment) Bill 2025: Second Stage","uri":"https:\/\/data.oireachtas.ie\/akn\/ie\/debateRecord\/dail\/2025-06-26\/debate\/main"}],"events":[{"event":{"chamber":{"chamberCode":"dail","showAs":"D\u00e1il \u00c9ireann","uri":"https:\/\/data.oireachtas.ie\/ie\/oireachtas\/def\/house\/dail"},"dates":[{"date":"2025-06-13"},{"date":"2026-07-07"}],"eventURI":"https:\/\/data.oireachtas.ie\/ie\/oireachtas\/def\/bill-event\/published","showAs":"Published","uri":"https:\/\/data.oireachtas.ie\/ie\/oireachtas\/bill\/2025\/34\/published"}},{"event":{"chamber":null,"dates":[{"date":"2026-07-07"}],"eventURI":"https:\/\/data.oireachtas.ie\/ie\/oireachtas\/def\/bill-event\/enacted","showAs":"Enacted","uri":"https:\/\/data.oireachtas.ie\/ie\/oireachtas\/bill\/2025\/34\/enacted"}}],"lastUpdated":"2026-07-15T15:28:45.860000+00:00","longTitleEn":"<p>Bill entitled an Act to amend the Criminal Justice (Terrorist Offences) Act 2005 for the purpose of giving full effect to Directive (EU) 2017\/541 of the European Parliament and of the Council of 15 March 2017 on combating terrorism and replacing Council Framework Decision 2002\/475\/JHA and amending Council Decision 2005\/671\/JHA; and to provide for related matters.<\/p>","longTitleGa":"<p>Bille d\u00e1 ngairtear Acht do leas\u00fa an Achta um Cheartas Coiri\u00fail (Cionta Sceimhlitheoireachta), 2005 chun l\u00e1n\u00e9ifeacht a thabhairt do Threoir (AE) 2017\/541 \u00f3 Pharlaimint na hEorpa agus \u00f3n gComhairle an 15 M\u00e1rta 2017 maidir le sceimhlitheoireacht a chomhrac agus lena nd\u00e9antar Cinneadh R\u00e9ime 2002\/475\/CGB \u00f3n gComhairle a ionad\u00fa agus lena leasa\u00edtear Cinneadh 2005\/671\/CGB \u00f3n gComhairle; agus do dh\u00e9anamh socr\u00fa i dtaobh nithe gaolmhara.<\/p>","method":"Presented","methodURI":"https:\/\/data.oireachtas.ie\/ie\/oireachtas\/def\/bill-method\/presented","mostRecentStage":{"event":{"chamber":null,"dates":[{"date":"2026-07-07"}],"house":null,"progressStage":10,"showAs":"Enacted","stageCompleted":true,"stageOutcome":"Enacted","stageURI":"https:\/\/data.oireachtas.ie\/ie\/oireachtas\/def\/bill-stage\/enacted","uri":"https:\/\/data.oireachtas.ie\/ie\/oireachtas\/bill\/2025\/34\/stage\/oireachtas\/enacted"}},"originHouse":{"showAs":"D\u00e1il \u00c9ireann","uri":"https:\/\/data.oireachtas.ie\/ie\/oireachtas\/def\/house\/dail"},"originHouseURI":"https:\/\/data.oireachtas.ie\/ie\/oireachtas\/def\/house\/dail","relatedDocs":[{"relatedDoc":{"date":"2025-06-26","docType":"gluais","formats":{"pdf":{"uri":"https:\/\/data.oireachtas.ie\/ie\/oireachtas\/bill\/2025\/34\/mul\/gluais\/gluais-08-2025-an-bille-um-cheartas-coiriuil-cionta-sceimhlitheoireachta-leasu-2025.pdf"},"xml":null},"lang":"mul","showAs":"Glossary\/Gluais","uri":"https:\/\/data.oireachtas.ie\/ie\/oireachtas\/bill\/2025\/34\/mul\/gluais"}},{"relatedDoc":{"date":"2025-06-13","docType":"memo","formats":{"pdf":{"uri":"https:\/\/data.oireachtas.ie\/ie\/oireachtas\/bill\/2025\/34\/eng\/memo\/b3425d-memo.pdf"},"xml":null},"lang":"eng","showAs":"Explanatory Memorandum","uri":"https:\/\/data.oireachtas.ie\/ie\/oireachtas\/bill\/2025\/34\/eng\/memo"}}],"shortTitleEn":"Criminal Justice (Terrorist Offences) (Amendment) Bill 2025","shortTitleGa":"An Bille um Cheartas Coiri\u00fail (Cionta Sceimhlitheoireachta) (Leas\u00fa), 2025","source":"Government","sourceURI":"https:\/\/data.oireachtas.ie\/ie\/oireachtas\/def\/bill-source\/government","sponsors":[{"sponsor":{"isPrimary":true,"as":{"showAs":"Minister for Justice, Home Affairs and Migration","uri":null},"by":{"showAs":null,"uri":null}}}],"stages":[{"event":{"chamber":{"chamberCode":"dail","showAs":"D\u00e1il \u00c9ireann","uri":"https:\/\/data.oireachtas.ie\/ie\/oireachtas\/def\/house\/dail"},"dates":[{"date":"2025-06-13"},{"date":"2025-06-13"}],"house":{"chamberCode":"dail","chamberType":"house","houseCode":"dail","houseNo":"34","showAs":"34th D\u00e1il","uri":"https:\/\/data.oireachtas.ie\/ie\/oireachtas\/house\/dail\/34"},"progressStage":1,"showAs":"First Stage","stageCompleted":true,"stageOutcome":null,"stageURI":"https:\/\/data.oireachtas.ie\/ie\/oireachtas\/def\/bill-stage\/1","uri":"https:\/\/data.oireachtas.ie\/ie\/oireachtas\/bill\/2025\/34\/stage\/dail\/1"}},{"event":{"chamber":{"chamberCode":"dail","showAs":"D\u00e1il \u00c9ireann","uri":"https:\/\/data.oireachtas.ie\/ie\/oireachtas\/def\/house\/dail"},"dates":[{"date":"2025-06-13"},{"date":"2025-06-13"}],"house":{"chamberCode":"dail","chamberType":"house","houseCode":"dail","houseNo":"34","showAs":"34th D\u00e1il","uri":"https:\/\/data.oireachtas.ie\/ie\/oireachtas\/house\/dail\/34"},"progressStage":2,"showAs":"Second Stage","stageCompleted":true,"stageOutcome":null,"stageURI":"https:\/\/data.oireachtas.ie\/ie\/oireachtas\/def\/bill-stage\/2","uri":"https:\/\/data.oireachtas.ie\/ie\/oireachtas\/bill\/2025\/34\/stage\/dail\/2"}},{"event":{"chamber":{"chamberCode":"dail","showAs":"D\u00e1il \u00c9ireann","uri":"https:\/\/data.oireachtas.ie\/ie\/oireachtas\/def\/house\/dail"},"dates":[{"date":"2025-07-02"}],"house":{"chamberCode":"dail","chamberType":"house","houseCode":"dail","houseNo":"34","showAs":"34th D\u00e1il","uri":"https:\/\/data.oireachtas.ie\/ie\/oireachtas\/house\/dail\/34"},"progressStage":3,"showAs":"Committee Stage","stageCompleted":true,"stageOutcome":null,"stageURI":"https:\/\/data.oireachtas.ie\/ie\/oireachtas\/def\/bill-stage\/3","uri":"https:\/\/data.oireachtas.ie\/ie\/oireachtas\/bill\/2025\/34\/stage\/dail\/3"}},{"event":{"chamber":{"chamberCode":"dail","showAs":"D\u00e1il \u00c9ireann","uri":"https:\/\/data.oireachtas.ie\/ie\/oireachtas\/def\/house\/dail"},"dates":[{"date":"2026-05-20"}],"house":{"chamberCode":"dail","chamberType":"house","houseCode":"dail","houseNo":"34","showAs":"34th D\u00e1il","uri":"https:\/\/data.oireachtas.ie\/ie\/oireachtas\/house\/dail\/34"},"progressStage":4,"showAs":"Report Stage","stageCompleted":true,"stageOutcome":null,"stageURI":"https:\/\/data.oireachtas.ie\/ie\/oireachtas\/def\/bill-stage\/4","uri":"https:\/\/data.oireachtas.ie\/ie\/oireachtas\/bill\/2025\/34\/stage\/dail\/4"}},{"event":{"chamber":{"chamberCode":"dail","showAs":"D\u00e1il \u00c9ireann","uri":"https:\/\/data.oireachtas.ie\/ie\/oireachtas\/def\/house\/dail"},"dates":[{"date":"2026-05-20"}],"house":{"chamberCode":"dail","chamberType":"house","houseCode":"dail","houseNo":"34","showAs":"34th D\u00e1il","uri":"https:\/\/data.oireachtas.ie\/ie\/oireachtas\/house\/dail\/34"},"progressStage":5,"showAs":"Fifth Stage","stageCompleted":true,"stageOutcome":null,"stageURI":"https:\/\/data.oireachtas.ie\/ie\/oireachtas\/def\/bill-stage\/5","uri":"https:\/\/data.oireachtas.ie\/ie\/oireachtas\/bill\/2025\/34\/stage\/dail\/5"}},{"event":{"chamber":{"chamberCode":"seanad","showAs":"Seanad \u00c9ireann","uri":"https:\/\/data.oireachtas.ie\/ie\/oireachtas\/def\/house\/seanad"},"dates":[{"date":"2026-06-23"},{"date":"2026-06-23"}],"house":{"chamberCode":"seanad","chamberType":"house","houseCode":"seanad","houseNo":"27","showAs":"27th Seanad","uri":"https:\/\/data.oireachtas.ie\/ie\/oireachtas\/house\/seanad\/27"},"progressStage":6,"showAs":"Second Stage","stageCompleted":true,"stageOutcome":"Enacted","stageURI":"https:\/\/data.oireachtas.ie\/ie\/oireachtas\/def\/bill-stage\/2","uri":"https:\/\/data.oireachtas.ie\/ie\/oireachtas\/bill\/2025\/34\/stage\/seanad\/2"}},{"event":{"chamber":{"chamberCode":"seanad","showAs":"Seanad \u00c9ireann","uri":"https:\/\/data.oireachtas.ie\/ie\/oireachtas\/def\/house\/seanad"},"dates":[{"date":"2026-06-24"}],"house":{"chamberCode":"seanad","chamberType":"house","houseCode":"seanad","houseNo":"27","showAs":"27th Seanad","uri":"https:\/\/data.oireachtas.ie\/ie\/oireachtas\/house\/seanad\/27"},"progressStage":7,"showAs":"Committee Stage","stageCompleted":true,"stageOutcome":"Enacted","stageURI":"https:\/\/data.oireachtas.ie\/ie\/oireachtas\/def\/bill-stage\/3","uri":"https:\/\/data.oireachtas.ie\/ie\/oireachtas\/bill\/2025\/34\/stage\/seanad\/3"}},{"event":{"chamber":{"chamberCode":"seanad","showAs":"Seanad \u00c9ireann","uri":"https:\/\/data.oireachtas.ie\/ie\/oireachtas\/def\/house\/seanad"},"dates":[{"date":"2026-06-30"}],"house":{"chamberCode":"seanad","chamberType":"house","houseCode":"seanad","houseNo":"27","showAs":"27th Seanad","uri":"https:\/\/data.oireachtas.ie\/ie\/oireachtas\/house\/seanad\/27"},"progressStage":8,"showAs":"Fifth Stage","stageCompleted":true,"stageOutcome":"Enacted","stageURI":"https:\/\/data.oireachtas.ie\/ie\/oireachtas\/def\/bill-stage\/5","uri":"https:\/\/data.oireachtas.ie\/ie\/oireachtas\/bill\/2025\/34\/stage\/seanad\/5"}},{"event":{"chamber":{"chamberCode":"seanad","showAs":"Seanad \u00c9ireann","uri":"https:\/\/data.oireachtas.ie\/ie\/oireachtas\/def\/house\/seanad"},"dates":[{"date":"2026-06-30"}],"house":{"chamberCode":"seanad","chamberType":"house","houseCode":"seanad","houseNo":"27","showAs":"27th Seanad","uri":"https:\/\/data.oireachtas.ie\/ie\/oireachtas\/house\/seanad\/27"},"progressStage":9,"showAs":"Report Stage","stageCompleted":true,"stageOutcome":"Enacted","stageURI":"https:\/\/data.oireachtas.ie\/ie\/oireachtas\/def\/bill-stage\/4","uri":"https:\/\/data.oireachtas.ie\/ie\/oireachtas\/bill\/2025\/34\/stage\/seanad\/4"}},{"event":{"chamber":null,"dates":[{"date":"2026-07-07"}],"house":null,"progressStage":10,"showAs":"Enacted","stageCompleted":true,"stageOutcome":"Enacted","stageURI":"https:\/\/data.oireachtas.ie\/ie\/oireachtas\/def\/bill-stage\/enacted","uri":"https:\/\/data.oireachtas.ie\/ie\/oireachtas\/bill\/2025\/34\/stage\/oireachtas\/enacted"}}],"status":"Enacted","statusURI":"https:\/\/data.oireachtas.ie\/ie\/oireachtas\/def\/bill-status\/enacted","uri":"https:\/\/data.oireachtas.ie\/ie\/oireachtas\/bill\/2025\/34","versions":[{"version":{"lang":"eng","docType":"act","showAs":"Criminal Justice (Terrorist Offences) (Amendment) Act 2026","date":"2026-07-07","formats":{"pdf":{"uri":"https:\/\/data.oireachtas.ie\/ie\/oireachtas\/act\/2026\/19\/eng\/enacted\/a1926.pdf"},"xml":null},"uri":"https:\/\/data.oireachtas.ie\/ie\/oireachtas\/act\/2026\/19\/eng\/enacted"}},{"version":{"lang":"eng","docType":"bill","showAs":"As passed by D\u00e1il \u00c9ireann","date":"2026-05-20","formats":{"pdf":{"uri":"https:\/\/data.oireachtas.ie\/ie\/oireachtas\/bill\/2025\/34\/eng\/ver_a\/b34a25d.pdf"},"xml":null},"uri":"https:\/\/data.oireachtas.ie\/ie\/oireachtas\/bill\/2025\/34\/eng\/ver_a"}},{"version":{"lang":"eng","docType":"bill","showAs":"As Initiated","date":"2025-06-13","formats":{"pdf":{"uri":"https:\/\/data.oireachtas.ie\/ie\/oireachtas\/bill\/2025\/34\/eng\/initiated\/b3425d.pdf"},"xml":null},"uri":"https:\/\/data.oireachtas.ie\/ie\/oireachtas\/bill\/2025\/34\/eng\/initiated"}}]},"contextDate":"2026-07-07","billSort":{"actNoSort":19,"actShortTitleEnSort":"criminal-justice-terrorist-offences-amendment-act-2026","actShortTitleGaSort":"an-tacht-um-cheartas-coiriuil-cionta-sceimhlitheoireachta-leasu-2026","actYearSort":2026,"billNoSort":34,"billShortTitleEnSort":"criminal-justice-terrorist-offences-amendment-bill-2025","billShortTitleGaSort":"an-bille-um-cheartas-coiriuil-cionta-sceimhlitheoireachta-leasu-2025","billYearSort":2025}},{"bill":{"act":{"actNo":"4","actYear":"2026","dateSigned":"2026-03-12","longTitleEn":"<p>Act to amend the Copyright and Related Rights Act 2000 to make further provision for the sharing of equitable remuneration as between performers and owners of the copyright in sound recordings; to give further effect to Directive 2006\/115\/EC of the European Parliament and of the Council of 12 December 2006 on rental right and lending right and on certain rights related to copyright in the field of intellectual property; and to provide for related matters.<\/p>","longTitleGa":"<p>Acht do leas\u00fa an Achta C\u00f3ipchirt agus Ceart Gaolmhar, 2000 chun socr\u00fa breise a dh\u00e9anamh maidir le luach saothair cothromasach a chomhroinnt amhail idir taibheoir\u00ed agus \u00fain\u00e9ir\u00ed an ch\u00f3ipchirt i dtaifeadta\u00ed fuaime; do thabhairt tuilleadh \u00e9ifeachta do Threoir 2006\/115\/CE \u00f3 Pharlaimint na hEorpa agus \u00f3n gComhairle an 12 Nollaig 2006 maidir leis an gceart c\u00edosa agus leis an gceart iasachta agus maidir le cearta \u00e1irithe a bhaineann le c\u00f3ipcheart i r\u00e9imse na maoine intleacht\u00fala; agus do dh\u00e9anamh socr\u00fa i dtaobh nithe gaolmhara.<\/p>","shortTitleEn":"Copyright and Related Rights (Amendment) Act 2026","shortTitleGa":"An tAcht C\u00f3ipchirt agus Ceart Gaolmhar (Leas\u00fa), 2026","statutebookURI":"http:\/\/www.irishstatutebook.ie\/eli\/2026\/act\/4","uri":"https:\/\/data.oireachtas.ie\/ie\/oireachtas\/act\/2026\/4"},"amendmentLists":[{"amendmentList":{"amendmentTypeUri":{"uri":"https:\/\/data.oireachtas.ie\/ie\/oireachtas\/def\/amendment-type\/numberedList"},"chamber":{"showAs":"Seanad","uri":"https:\/\/data.oireachtas.ie\/ie\/oireachtas\/def\/seanad"},"date":"2026-03-04","formats":{"pdf":{"uri":"https:\/\/data.oireachtas.ie\/ie\/oireachtas\/bill\/2025\/33\/seanad\/4\/amendment\/numberedList\/eng\/b33a25d-nl.pdf"},"xml":null},"showAs":"Numbered List [Seanad]","stage":{"showAs":"Report Stage","uri":"https:\/\/data.oireachtas.ie\/ie\/oireachtas\/bill\/2025\/33\/seanad\/4"},"stageNo":"4"}},{"amendmentList":{"amendmentTypeUri":{"uri":"https:\/\/data.oireachtas.ie\/ie\/oireachtas\/def\/amendment-type\/numberedList"},"chamber":{"showAs":"Seanad","uri":"https:\/\/data.oireachtas.ie\/ie\/oireachtas\/def\/seanad"},"date":"2026-02-24","formats":{"pdf":{"uri":"https:\/\/data.oireachtas.ie\/ie\/oireachtas\/bill\/2025\/33\/seanad\/3\/amendment\/numberedList\/eng\/b33a25d-nl.pdf"},"xml":null},"showAs":"Numbered List [Seanad]","stage":{"showAs":"Committee Stage","uri":"https:\/\/data.oireachtas.ie\/ie\/oireachtas\/bill\/2025\/33\/seanad\/3"},"stageNo":"3"}},{"amendmentList":{"amendmentTypeUri":{"uri":"https:\/\/data.oireachtas.ie\/ie\/oireachtas\/def\/amendment-type\/numberedList"},"chamber":{"showAs":"Dail","uri":"https:\/\/data.oireachtas.ie\/ie\/oireachtas\/def\/dail"},"date":"2026-01-20","formats":{"pdf":{"uri":"https:\/\/data.oireachtas.ie\/ie\/oireachtas\/bill\/2025\/33\/dail\/4\/amendment\/numberedList\/eng\/b3325d-nl.pdf"},"xml":null},"showAs":"Numbered List [D\u00e1il]","stage":{"showAs":"Report Stage","uri":"https:\/\/data.oireachtas.ie\/ie\/oireachtas\/bill\/2025\/33\/dail\/4"},"stageNo":"4"}},{"amendmentList":{"amendmentTypeUri":{"uri":"https:\/\/data.oireachtas.ie\/ie\/oireachtas\/def\/amendment-type\/numberedList"},"chamber":{"showAs":"Dail","uri":"https:\/\/data.oireachtas.ie\/ie\/oireachtas\/def\/dail"},"date":"2025-07-14","formats":{"pdf":{"uri":"https:\/\/data.oireachtas.ie\/ie\/oireachtas\/bill\/2025\/33\/dail\/3\/amendment\/numberedList\/eng\/b3325d-additional-dcnl.pdf"},"xml":null},"showAs":"1st Additional List of Amendments [D\u00e1il]","stage":{"showAs":"Committee Stage","uri":"https:\/\/data.oireachtas.ie\/ie\/oireachtas\/bill\/2025\/33\/dail\/3"},"stageNo":"3"}},{"amendmentList":{"amendmentTypeUri":{"uri":"https:\/\/data.oireachtas.ie\/ie\/oireachtas\/def\/amendment-type\/numberedList"},"chamber":{"showAs":"Dail","uri":"https:\/\/data.oireachtas.ie\/ie\/oireachtas\/def\/dail"},"date":"2025-07-02","formats":{"pdf":{"uri":"https:\/\/data.oireachtas.ie\/ie\/oireachtas\/bill\/2025\/33\/dail\/3\/amendment\/numberedList\/eng\/b3325d-dcnl.pdf"},"xml":null},"showAs":"Numbered List [D\u00e1il]","stage":{"showAs":"Committee Stage","uri":"https:\/\/data.oireachtas.ie\/ie\/oireachtas\/bill\/2025\/33\/dail\/3"},"stageNo":"3"}}],"billNo":"33","billType":"Public","billTypeURI":"https:\/\/data.oireachtas.ie\/ie\/oireachtas\/def\/bill-type\/public","billYear":"2025","debates":[{"chamber":{"showAs":"Seanad \u00c9ireann","uri":"https:\/\/data.oireachtas.ie\/ie\/oireachtas\/def\/house\/seanad"},"date":"2026-03-04","debateSectionId":"dbsect_12","showAs":"Copyright and Related Rights (Amendment) Bill 2025: Report and Final Stages","uri":"https:\/\/data.oireachtas.ie\/akn\/ie\/debateRecord\/seanad\/2026-03-04\/debate\/main"},{"chamber":{"showAs":"Seanad \u00c9ireann","uri":"https:\/\/data.oireachtas.ie\/ie\/oireachtas\/def\/house\/seanad"},"date":"2026-02-24","debateSectionId":"dbsect_14","showAs":"Copyright and Related Rights (Amendment) Bill 2025: Committee Stage","uri":"https:\/\/data.oireachtas.ie\/akn\/ie\/debateRecord\/seanad\/2026-02-24\/debate\/main"},{"chamber":{"showAs":"Seanad \u00c9ireann","uri":"https:\/\/data.oireachtas.ie\/ie\/oireachtas\/def\/house\/seanad"},"date":"2026-02-17","debateSectionId":"dbsect_9","showAs":"Copyright and Related Rights (Amendment) Bill 2025: Second Stage","uri":"https:\/\/data.oireachtas.ie\/akn\/ie\/debateRecord\/seanad\/2026-02-17\/debate\/main"},{"chamber":{"showAs":"D\u00e1il \u00c9ireann","uri":"https:\/\/data.oireachtas.ie\/ie\/oireachtas\/def\/house\/dail"},"date":"2026-01-21","debateSectionId":"dbsect_15","showAs":"Copyright and Related Rights (Amendment) Bill 2025: Report and Final Stages","uri":"https:\/\/data.oireachtas.ie\/akn\/ie\/debateRecord\/dail\/2026-01-21\/debate\/main"},{"chamber":{"showAs":"Select Committee on Enterprise, Tourism and Employment","uri":"https:\/\/data.oireachtas.ie\/ie\/oireachtas\/def\/committee"},"date":"2025-11-12","debateSectionId":"dbsect_3","showAs":"Copyright and Related Rights (Amendment) Bill 2025: Committee Stage (Resumed)","uri":"https:\/\/data.oireachtas.ie\/akn\/ie\/debateRecord\/select_committee_on_enterprise_tourism_and_employment\/2025-11-12\/debate\/main"},{"chamber":{"showAs":"Select Committee on Enterprise, Tourism and Employment","uri":"https:\/\/data.oireachtas.ie\/ie\/oireachtas\/def\/committee"},"date":"2025-07-17","debateSectionId":"dbsect_5","showAs":"Copyright and Related Rights (Amendment) Bill 2025: Committee Stage","uri":"https:\/\/data.oireachtas.ie\/akn\/ie\/debateRecord\/select_committee_on_enterprise_tourism_and_employment\/2025-07-17\/debate\/main"},{"chamber":{"showAs":"D\u00e1il \u00c9ireann","uri":"https:\/\/data.oireachtas.ie\/ie\/oireachtas\/def\/house\/dail"},"date":"2025-06-19","debateSectionId":"dbsect_36","showAs":"Copyright and Related Rights (Amendment) Bill 2025: Second Stage","uri":"https:\/\/data.oireachtas.ie\/akn\/ie\/debateRecord\/dail\/2025-06-19\/debate\/main"},{"chamber":{"showAs":"D\u00e1il \u00c9ireann","uri":"https:\/\/data.oireachtas.ie\/ie\/oireachtas\/def\/house\/dail"},"date":"2025-06-19","debateSectionId":"dbsect_37","showAs":"Copyright and Related Rights (Amendment) Bill 2025: Referral to Select Committee","uri":"https:\/\/data.oireachtas.ie\/akn\/ie\/debateRecord\/dail\/2025-06-19\/debate\/main"}],"events":[{"event":{"chamber":{"chamberCode":"dail","showAs":"D\u00e1il \u00c9ireann","uri":"https:\/\/data.oireachtas.ie\/ie\/oireachtas\/def\/house\/dail"},"dates":[{"date":"2025-06-13"},{"date":"2026-03-12"}],"eventURI":"https:\/\/data.oireachtas.ie\/ie\/oireachtas\/def\/bill-event\/published","showAs":"Published","uri":"https:\/\/data.oireachtas.ie\/ie\/oireachtas\/bill\/2025\/33\/published"}},{"event":{"chamber":null,"dates":[{"date":"2026-03-12"}],"eventURI":"https:\/\/data.oireachtas.ie\/ie\/oireachtas\/def\/bill-event\/enacted","showAs":"Enacted","uri":"https:\/\/data.oireachtas.ie\/ie\/oireachtas\/bill\/2025\/33\/enacted"}}],"lastUpdated":"2026-03-20T17:05:55.660000+00:00","longTitleEn":"<p>Bill entitled an Act to amend the Copyright and Related Rights Act 2000 to make further provision for the sharing of equitable remuneration as between performers and owners of the copyright in sound recordings; to give further effect to Directive 2006\/115\/EC of the European Parliament and of the Council of 12 December 2006 on rental right and lending right and on certain rights related to copyright in the field of intellectual property; and to provide for related matters.<\/p>","longTitleGa":"<p>Bille d\u00e1 ngairtear Acht do leas\u00fa an Achta C\u00f3ipchirt agus Ceart Gaolmhar, 2000 chun socr\u00fa breise a dh\u00e9anamh maidir le luach saothair cothromasach a chomhroinnt amhail idir taibheoir\u00ed agus \u00fain\u00e9ir\u00ed an ch\u00f3ipchirt i dtaifeadta\u00ed fuaime; do thabhairt tuilleadh \u00e9ifeachta do Threoir 2006\/115\/CE \u00f3 Pharlaimint na hEorpa agus \u00f3n gComhairle an 12 Nollaig 2006 maidir leis an gceart c\u00edosa agus leis an gceart iasachta agus maidir le cearta \u00e1irithe a bhaineann le c\u00f3ipcheart i r\u00e9imse na maoine intleacht\u00fala; agus do dh\u00e9anamh socr\u00fa i dtaobh nithe gaolmhara.<\/p>","method":"Presented","methodURI":"https:\/\/data.oireachtas.ie\/ie\/oireachtas\/def\/bill-method\/presented","mostRecentStage":{"event":{"chamber":null,"dates":[{"date":"2026-03-12"}],"house":null,"progressStage":10,"showAs":"Enacted","stageCompleted":true,"stageOutcome":"Enacted","stageURI":"https:\/\/data.oireachtas.ie\/ie\/oireachtas\/def\/bill-stage\/enacted","uri":"https:\/\/data.oireachtas.ie\/ie\/oireachtas\/bill\/2025\/33\/stage\/oireachtas\/enacted"}},"originHouse":{"showAs":"D\u00e1il \u00c9ireann","uri":"https:\/\/data.oireachtas.ie\/ie\/oireachtas\/def\/house\/dail"},"originHouseURI":"https:\/\/data.oireachtas.ie\/ie\/oireachtas\/def\/house\/dail","relatedDocs":[{"relatedDoc":{"date":"2025-06-19","docType":"gluais","formats":{"pdf":{"uri":"https:\/\/data.oireachtas.ie\/ie\/oireachtas\/bill\/2025\/33\/mul\/gluais\/gluais-06-2025-an-bille-coipchirt-agus-ceart-gaolmhar-leasu-2025.pdf"},"xml":null},"lang":"mul","showAs":"Glossary\/Gluais","uri":"https:\/\/data.oireachtas.ie\/ie\/oireachtas\/bill\/2025\/33\/mul\/gluais"}},{"relatedDoc":{"date":"2025-06-13","docType":"memo","formats":{"pdf":{"uri":"https:\/\/data.oireachtas.ie\/ie\/oireachtas\/bill\/2025\/33\/eng\/memo\/b3325d-memo.pdf"},"xml":null},"lang":"eng","showAs":"Explanatory Memorandum","uri":"https:\/\/data.oireachtas.ie\/ie\/oireachtas\/bill\/2025\/33\/eng\/memo"}}],"shortTitleEn":"Copyright and Related Rights (Amendment) Bill 2025","shortTitleGa":"An Bille C\u00f3ipchirt agus Ceart Gaolmhar (Leas\u00fa), 2025","source":"Government","sourceURI":"https:\/\/data.oireachtas.ie\/ie\/oireachtas\/def\/bill-source\/government","sponsors":[{"sponsor":{"as":{"showAs":"Minister for Enterprise, Tourism and Employment","uri":null},"by":{"showAs":null,"uri":null},"isPrimary":true}}],"stages":[{"event":{"chamber":{"chamberCode":"dail","showAs":"D\u00e1il \u00c9ireann","uri":"https:\/\/data.oireachtas.ie\/ie\/oireachtas\/def\/house\/dail"},"dates":[{"date":"2025-06-13"},{"date":"2025-06-13"}],"house":{"chamberCode":"dail","chamberType":"house","houseCode":"dail","houseNo":"34","showAs":"34th D\u00e1il","uri":"https:\/\/data.oireachtas.ie\/ie\/oireachtas\/house\/dail\/34"},"progressStage":1,"showAs":"First Stage","stageCompleted":true,"stageOutcome":null,"stageURI":"https:\/\/data.oireachtas.ie\/ie\/oireachtas\/def\/bill-stage\/1","uri":"https:\/\/data.oireachtas.ie\/ie\/oireachtas\/bill\/2025\/33\/stage\/dail\/1"}},{"event":{"chamber":{"chamberCode":"dail","showAs":"D\u00e1il \u00c9ireann","uri":"https:\/\/data.oireachtas.ie\/ie\/oireachtas\/def\/house\/dail"},"dates":[{"date":"2025-06-19"}],"house":{"chamberCode":"dail","chamberType":"house","houseCode":"dail","houseNo":"34","showAs":"34th D\u00e1il","uri":"https:\/\/data.oireachtas.ie\/ie\/oireachtas\/house\/dail\/34"},"progressStage":2,"showAs":"Second Stage","stageCompleted":true,"stageOutcome":null,"stageURI":"https:\/\/data.oireachtas.ie\/ie\/oireachtas\/def\/bill-stage\/2","uri":"https:\/\/data.oireachtas.ie\/ie\/oireachtas\/bill\/2025\/33\/stage\/dail\/2"}},{"event":{"chamber":{"chamberCode":"dail","showAs":"D\u00e1il \u00c9ireann","uri":"https:\/\/data.oireachtas.ie\/ie\/oireachtas\/def\/house\/dail"},"dates":[{"date":"2025-06-19"}],"house":{"chamberCode":"dail","chamberType":"house","houseCode":"dail","houseNo":"34","showAs":"34th D\u00e1il","uri":"https:\/\/data.oireachtas.ie\/ie\/oireachtas\/house\/dail\/34"},"progressStage":3,"showAs":"Committee Stage","stageCompleted":true,"stageOutcome":null,"stageURI":"https:\/\/data.oireachtas.ie\/ie\/oireachtas\/def\/bill-stage\/3","uri":"https:\/\/data.oireachtas.ie\/ie\/oireachtas\/bill\/2025\/33\/stage\/dail\/3"}},{"event":{"chamber":{"chamberCode":"dail","showAs":"D\u00e1il \u00c9ireann","uri":"https:\/\/data.oireachtas.ie\/ie\/oireachtas\/def\/house\/dail"},"dates":[{"date":"2026-01-21"}],"house":{"chamberCode":"dail","chamberType":"house","houseCode":"dail","houseNo":"34","showAs":"34th D\u00e1il","uri":"https:\/\/data.oireachtas.ie\/ie\/oireachtas\/house\/dail\/34"},"progressStage":4,"showAs":"Report Stage","stageCompleted":true,"stageOutcome":null,"stageURI":"https:\/\/data.oireachtas.ie\/ie\/oireachtas\/def\/bill-stage\/4","uri":"https:\/\/data.oireachtas.ie\/ie\/oireachtas\/bill\/2025\/33\/stage\/dail\/4"}},{"event":{"chamber":{"chamberCode":"dail","showAs":"D\u00e1il \u00c9ireann","uri":"https:\/\/data.oireachtas.ie\/ie\/oireachtas\/def\/house\/dail"},"dates":[{"date":"2026-01-21"}],"house":{"chamberCode":"dail","chamberType":"house","houseCode":"dail","houseNo":"34","showAs":"34th D\u00e1il","uri":"https:\/\/data.oireachtas.ie\/ie\/oireachtas\/house\/dail\/34"},"progressStage":5,"showAs":"Fifth Stage","stageCompleted":true,"stageOutcome":null,"stageURI":"https:\/\/data.oireachtas.ie\/ie\/oireachtas\/def\/bill-stage\/5","uri":"https:\/\/data.oireachtas.ie\/ie\/oireachtas\/bill\/2025\/33\/stage\/dail\/5"}},{"event":{"chamber":{"chamberCode":"seanad","showAs":"Seanad \u00c9ireann","uri":"https:\/\/data.oireachtas.ie\/ie\/oireachtas\/def\/house\/seanad"},"dates":[{"date":"2026-01-21"}],"house":{"chamberCode":"seanad","chamberType":"house","houseCode":"seanad","houseNo":"27","showAs":"27th Seanad","uri":"https:\/\/data.oireachtas.ie\/ie\/oireachtas\/house\/seanad\/27"},"progressStage":6,"showAs":"Second Stage","stageCompleted":true,"stageOutcome":null,"stageURI":"https:\/\/data.oireachtas.ie\/ie\/oireachtas\/def\/bill-stage\/2","uri":"https:\/\/data.oireachtas.ie\/ie\/oireachtas\/bill\/2025\/33\/stage\/seanad\/2"}},{"event":{"chamber":{"chamberCode":"seanad","showAs":"Seanad \u00c9ireann","uri":"https:\/\/data.oireachtas.ie\/ie\/oireachtas\/def\/house\/seanad"},"dates":[{"date":"2026-02-17"}],"house":{"chamberCode":"seanad","chamberType":"house","houseCode":"seanad","houseNo":"27","showAs":"27th Seanad","uri":"https:\/\/data.oireachtas.ie\/ie\/oireachtas\/house\/seanad\/27"},"progressStage":7,"showAs":"Committee Stage","stageCompleted":true,"stageOutcome":null,"stageURI":"https:\/\/data.oireachtas.ie\/ie\/oireachtas\/def\/bill-stage\/3","uri":"https:\/\/data.oireachtas.ie\/ie\/oireachtas\/bill\/2025\/33\/stage\/seanad\/3"}},{"event":{"chamber":{"chamberCode":"seanad","showAs":"Seanad \u00c9ireann","uri":"https:\/\/data.oireachtas.ie\/ie\/oireachtas\/def\/house\/seanad"},"dates":[{"date":"2026-03-04"}],"house":{"chamberCode":"seanad","chamberType":"house","houseCode":"seanad","houseNo":"27","showAs":"27th Seanad","uri":"https:\/\/data.oireachtas.ie\/ie\/oireachtas\/house\/seanad\/27"},"progressStage":8,"showAs":"Report Stage","stageCompleted":true,"stageOutcome":null,"stageURI":"https:\/\/data.oireachtas.ie\/ie\/oireachtas\/def\/bill-stage\/4","uri":"https:\/\/data.oireachtas.ie\/ie\/oireachtas\/bill\/2025\/33\/stage\/seanad\/4"}},{"event":{"chamber":{"chamberCode":"seanad","showAs":"Seanad \u00c9ireann","uri":"https:\/\/data.oireachtas.ie\/ie\/oireachtas\/def\/house\/seanad"},"dates":[{"date":"2026-03-04"}],"house":{"chamberCode":"seanad","chamberType":"house","houseCode":"seanad","houseNo":"27","showAs":"27th Seanad","uri":"https:\/\/data.oireachtas.ie\/ie\/oireachtas\/house\/seanad\/27"},"progressStage":9,"showAs":"Fifth Stage","stageCompleted":true,"stageOutcome":null,"stageURI":"https:\/\/data.oireachtas.ie\/ie\/oireachtas\/def\/bill-stage\/5","uri":"https:\/\/data.oireachtas.ie\/ie\/oireachtas\/bill\/2025\/33\/stage\/seanad\/5"}},{"event":{"chamber":null,"dates":[{"date":"2026-03-12"}],"house":null,"progressStage":10,"showAs":"Enacted","stageCompleted":true,"stageOutcome":"Enacted","stageURI":"https:\/\/data.oireachtas.ie\/ie\/oireachtas\/def\/bill-stage\/enacted","uri":"https:\/\/data.oireachtas.ie\/ie\/oireachtas\/bill\/2025\/33\/stage\/oireachtas\/enacted"}}],"status":"Enacted","statusURI":"https:\/\/data.oireachtas.ie\/ie\/oireachtas\/def\/bill-status\/enacted","uri":"https:\/\/data.oireachtas.ie\/ie\/oireachtas\/bill\/2025\/33","versions":[{"version":{"date":"2026-03-12","docType":"act","formats":{"pdf":{"uri":"https:\/\/data.oireachtas.ie\/ie\/oireachtas\/act\/2026\/4\/eng\/enacted\/a0426.pdf"},"xml":null},"lang":"eng","showAs":"Copyright and Related Rights (Amendment) Act 2026","uri":"https:\/\/data.oireachtas.ie\/ie\/oireachtas\/act\/2026\/4\/eng\/enacted"}},{"version":{"date":"2026-01-21","docType":"bill","formats":{"pdf":{"uri":"https:\/\/data.oireachtas.ie\/ie\/oireachtas\/bill\/2025\/33\/eng\/ver_a\/b33a25d.pdf"},"xml":null},"lang":"eng","showAs":"As passed by D\u00e1il \u00c9ireann","uri":"https:\/\/data.oireachtas.ie\/ie\/oireachtas\/bill\/2025\/33\/eng\/ver_a"}},{"version":{"date":"2025-06-13","docType":"bill","formats":{"pdf":{"uri":"https:\/\/data.oireachtas.ie\/ie\/oireachtas\/bill\/2025\/33\/eng\/initiated\/b3325d.pdf"},"xml":null},"lang":"eng","showAs":"As Initiated","uri":"https:\/\/data.oireachtas.ie\/ie\/oireachtas\/bill\/2025\/33\/eng\/initiated"}}]},"billSort":{"actNoSort":4,"actShortTitleEnSort":"copyright-and-related-rights-amendment-act-2026","actShortTitleGaSort":"an-tacht-coipchirt-agus-ceart-gaolmhar-leasu-2026","actYearSort":2026,"billNoSort":33,"billShortTitleEnSort":"copyright-and-related-rights-amendment-bill-2025","billShortTitleGaSort":"an-bille-coipchirt-agus-ceart-gaolmhar-leasu-2025","billYearSort":2025},"contextDate":"2026-03-12"},{"bill":{"act":{"actNo":"6","actYear":"2025","dateSigned":"2025-07-02","longTitleEn":"<p>Act to amend the Finance (Local Property Tax) Act 2012; to amend the Taxes Consolidation Act 1997; to amend the Value-Added Tax Consolidation Act 2010; and to provide for related matters.<\/p>","longTitleGa":"<p>Acht do leas\u00fa an Achta Airgeadais (C\u00e1in Mhaoine \u00c1iti\u00fail), 2012; do leas\u00fa an Achta Comhdhl\u00faite C\u00e1nacha, 1997; do leas\u00fa an Achta Comhdhl\u00faite C\u00e1nach Breisluacha, 2010; agus do dh\u00e9anamh socr\u00fa i dtaobh nithe gaolmhara.<\/p>","shortTitleEn":"Finance (Local Property Tax And Other Provisions) (Amendment) Act 2025","shortTitleGa":"An tAcht Airgeadais (C\u00e1in Mhaoine \u00c1iti\u00fail agus For\u00e1lacha Eile) (Leas\u00fa), 2025","statutebookURI":"http:\/\/www.irishstatutebook.ie\/eli\/2025\/act\/6","uri":"https:\/\/data.oireachtas.ie\/ie\/oireachtas\/act\/2025\/6"},"amendmentLists":[{"amendmentList":{"amendmentTypeUri":{"uri":"https:\/\/data.oireachtas.ie\/ie\/oireachtas\/def\/amendment-type\/numberedList"},"chamber":{"showAs":"Dail","uri":"https:\/\/data.oireachtas.ie\/ie\/oireachtas\/def\/dail"},"date":"2025-06-24","formats":{"pdf":{"uri":"https:\/\/data.oireachtas.ie\/ie\/oireachtas\/bill\/2025\/32\/dail\/3\/amendment\/numberedList\/eng\/b3225d-dcnl.pdf"},"xml":null},"showAs":"Numbered List [D\u00e1il]","stage":{"showAs":"Committee Stage","uri":"https:\/\/data.oireachtas.ie\/ie\/oireachtas\/bill\/2025\/32\/dail\/3"},"stageNo":"3"}}],"billNo":"32","billType":"Public","billTypeURI":"https:\/\/data.oireachtas.ie\/ie\/oireachtas\/def\/bill-type\/public","billYear":"2025","debates":[{"chamber":{"showAs":"Seanad \u00c9ireann","uri":"https:\/\/data.oireachtas.ie\/ie\/oireachtas\/def\/house\/seanad"},"date":"2025-07-01","debateSectionId":"dbsect_14","showAs":"Finance (Local Property Tax and Other Provisions) (Amendment) Bill 2025: Committee and Remaining Stages","uri":"https:\/\/data.oireachtas.ie\/akn\/ie\/debateRecord\/seanad\/2025-07-01\/debate\/main"},{"chamber":{"showAs":"Seanad \u00c9ireann","uri":"https:\/\/data.oireachtas.ie\/ie\/oireachtas\/def\/house\/seanad"},"date":"2025-06-26","debateSectionId":"dbsect_11","showAs":"Finance (Local Property Tax and Other Provisions) (Amendment) Bill 2025: Second Stage","uri":"https:\/\/data.oireachtas.ie\/akn\/ie\/debateRecord\/seanad\/2025-06-26\/debate\/main"},{"chamber":{"showAs":"D\u00e1il \u00c9ireann","uri":"https:\/\/data.oireachtas.ie\/ie\/oireachtas\/def\/house\/dail"},"date":"2025-06-25","debateSectionId":"dbsect_19","showAs":"Finance (Local Property Tax and Other Provisions) (Amendment) Bill 2025: Committee and Remaining Stages","uri":"https:\/\/data.oireachtas.ie\/akn\/ie\/debateRecord\/dail\/2025-06-25\/debate\/main"},{"chamber":{"showAs":"D\u00e1il \u00c9ireann","uri":"https:\/\/data.oireachtas.ie\/ie\/oireachtas\/def\/house\/dail"},"date":"2025-06-18","debateSectionId":"dbsect_13","showAs":"Finance (Local Property Tax and Other Provisions) (Amendment) Bill 2025: Financial Resolution","uri":"https:\/\/data.oireachtas.ie\/akn\/ie\/debateRecord\/dail\/2025-06-18\/debate\/main"},{"chamber":{"showAs":"D\u00e1il \u00c9ireann","uri":"https:\/\/data.oireachtas.ie\/ie\/oireachtas\/def\/house\/dail"},"date":"2025-06-17","debateSectionId":"dbsect_17","showAs":"Finance (Local Property Tax and Other Provisions) (Amendment) Bill 2025: Second Stage","uri":"https:\/\/data.oireachtas.ie\/akn\/ie\/debateRecord\/dail\/2025-06-17\/debate\/main"}],"events":[{"event":{"chamber":{"chamberCode":"dail","showAs":"D\u00e1il \u00c9ireann","uri":"https:\/\/data.oireachtas.ie\/ie\/oireachtas\/def\/house\/dail"},"dates":[{"date":"2025-06-12"},{"date":"2025-07-02"}],"eventURI":"https:\/\/data.oireachtas.ie\/ie\/oireachtas\/def\/bill-event\/published","showAs":"Published","uri":"https:\/\/data.oireachtas.ie\/ie\/oireachtas\/bill\/2025\/32\/published"}},{"event":{"chamber":null,"dates":[{"date":"2025-07-02"}],"eventURI":"https:\/\/data.oireachtas.ie\/ie\/oireachtas\/def\/bill-event\/enacted","showAs":"Enacted","uri":"https:\/\/data.oireachtas.ie\/ie\/oireachtas\/bill\/2025\/32\/enacted"}}],"lastUpdated":"2025-07-09T09:23:49.950000+00:00","longTitleEn":"<p>Bill entitled an Act to amend the Finance (Local Property Tax) Act 2012; to amend the Taxes Consolidation Act 1997; to amend the Value-Added Tax Consolidation Act 2010; and to provide for related matters.<\/p>","longTitleGa":"<p>Bille d\u00e1 ngairtear Acht do leas\u00fa an Achta Airgeadais (C\u00e1in Mhaoine \u00c1iti\u00fail), 2012; do leas\u00fa an Achta Comhdhl\u00faite C\u00e1nacha, 1997; do leas\u00fa an Achta Comhdhl\u00faite C\u00e1nach Breisluacha, 2010; agus do dh\u00e9anamh socr\u00fa i dtaobh nithe gaolmhara.<\/p>","method":"Presented","methodURI":"https:\/\/data.oireachtas.ie\/ie\/oireachtas\/def\/bill-method\/presented","mostRecentStage":{"event":{"chamber":null,"dates":[{"date":"2025-07-02"}],"house":null,"progressStage":10,"showAs":"Enacted","stageCompleted":true,"stageOutcome":"Enacted","stageURI":"https:\/\/data.oireachtas.ie\/ie\/oireachtas\/def\/bill-stage\/enacted","uri":"https:\/\/data.oireachtas.ie\/ie\/oireachtas\/bill\/2025\/32\/stage\/oireachtas\/enacted"}},"originHouse":{"showAs":"D\u00e1il \u00c9ireann","uri":"https:\/\/data.oireachtas.ie\/ie\/oireachtas\/def\/house\/dail"},"originHouseURI":"https:\/\/data.oireachtas.ie\/ie\/oireachtas\/def\/house\/dail","relatedDocs":[{"relatedDoc":{"date":"2025-06-30","docType":"digest","formats":{"pdf":{"uri":"https:\/\/data.oireachtas.ie\/ie\/oireachtas\/bill\/2025\/32\/eng\/digest\/lrsdigestlocalpropertytax.pdf"},"xml":null},"lang":"eng","showAs":"Bill Digest","uri":"https:\/\/data.oireachtas.ie\/ie\/oireachtas\/bill\/2025\/32\/eng\/digest"}},{"relatedDoc":{"date":"2025-06-17","docType":"gluais","formats":{"pdf":{"uri":"https:\/\/data.oireachtas.ie\/ie\/oireachtas\/bill\/2025\/32\/mul\/gluais\/gluais-07-2025-an-bille-airgeadais-cain-mhaoine-aitiuil-agus-foralacha-eile-leasu-2025.pdf"},"xml":null},"lang":"mul","showAs":"Glossary\/Gluais","uri":"https:\/\/data.oireachtas.ie\/ie\/oireachtas\/bill\/2025\/32\/mul\/gluais"}},{"relatedDoc":{"date":"2025-06-12","docType":"memo","formats":{"pdf":{"uri":"https:\/\/data.oireachtas.ie\/ie\/oireachtas\/bill\/2025\/32\/eng\/memo\/b3225d-memo.pdf"},"xml":null},"lang":"eng","showAs":"Explanatory Memorandum","uri":"https:\/\/data.oireachtas.ie\/ie\/oireachtas\/bill\/2025\/32\/eng\/memo"}}],"shortTitleEn":"Finance (Local Property Tax and Other Provisions) (Amendment) Bill 2025","shortTitleGa":"An Bille Airgeadais (C\u00e1in Mhaoine \u00c1iti\u00fail agus For\u00e1lacha Eile) (Leas\u00fa), 2025","source":"Government","sourceURI":"https:\/\/data.oireachtas.ie\/ie\/oireachtas\/def\/bill-source\/government","sponsors":[{"sponsor":{"as":{"showAs":"Minister for Finance","uri":null},"by":{"showAs":null,"uri":null},"isPrimary":true}}],"stages":[{"event":{"chamber":{"chamberCode":"dail","showAs":"D\u00e1il \u00c9ireann","uri":"https:\/\/data.oireachtas.ie\/ie\/oireachtas\/def\/house\/dail"},"dates":[{"date":"2025-06-12"},{"date":"2025-06-12"}],"house":{"chamberCode":"dail","chamberType":"house","houseCode":"dail","houseNo":"34","showAs":"34th D\u00e1il","uri":"https:\/\/data.oireachtas.ie\/ie\/oireachtas\/house\/dail\/34"},"progressStage":1,"showAs":"First Stage","stageCompleted":true,"stageOutcome":null,"stageURI":"https:\/\/data.oireachtas.ie\/ie\/oireachtas\/def\/bill-stage\/1","uri":"https:\/\/data.oireachtas.ie\/ie\/oireachtas\/bill\/2025\/32\/stage\/dail\/1"}},{"event":{"chamber":{"chamberCode":"dail","showAs":"D\u00e1il \u00c9ireann","uri":"https:\/\/data.oireachtas.ie\/ie\/oireachtas\/def\/house\/dail"},"dates":[{"date":"2025-06-12"}],"house":{"chamberCode":"dail","chamberType":"house","houseCode":"dail","houseNo":"34","showAs":"34th D\u00e1il","uri":"https:\/\/data.oireachtas.ie\/ie\/oireachtas\/house\/dail\/34"},"progressStage":2,"showAs":"Second Stage","stageCompleted":true,"stageOutcome":null,"stageURI":"https:\/\/data.oireachtas.ie\/ie\/oireachtas\/def\/bill-stage\/2","uri":"https:\/\/data.oireachtas.ie\/ie\/oireachtas\/bill\/2025\/32\/stage\/dail\/2"}},{"event":{"chamber":{"chamberCode":"dail","showAs":"D\u00e1il \u00c9ireann","uri":"https:\/\/data.oireachtas.ie\/ie\/oireachtas\/def\/house\/dail"},"dates":[{"date":"2025-06-25"}],"house":{"chamberCode":"dail","chamberType":"house","houseCode":"dail","houseNo":"34","showAs":"34th D\u00e1il","uri":"https:\/\/data.oireachtas.ie\/ie\/oireachtas\/house\/dail\/34"},"progressStage":3,"showAs":"Committee Stage","stageCompleted":true,"stageOutcome":null,"stageURI":"https:\/\/data.oireachtas.ie\/ie\/oireachtas\/def\/bill-stage\/3","uri":"https:\/\/data.oireachtas.ie\/ie\/oireachtas\/bill\/2025\/32\/stage\/dail\/3"}},{"event":{"chamber":{"chamberCode":"dail","showAs":"D\u00e1il \u00c9ireann","uri":"https:\/\/data.oireachtas.ie\/ie\/oireachtas\/def\/house\/dail"},"dates":[{"date":"2025-06-25"}],"house":{"chamberCode":"dail","chamberType":"house","houseCode":"dail","houseNo":"34","showAs":"34th D\u00e1il","uri":"https:\/\/data.oireachtas.ie\/ie\/oireachtas\/house\/dail\/34"},"progressStage":4,"showAs":"Report Stage","stageCompleted":true,"stageOutcome":null,"stageURI":"https:\/\/data.oireachtas.ie\/ie\/oireachtas\/def\/bill-stage\/4","uri":"https:\/\/data.oireachtas.ie\/ie\/oireachtas\/bill\/2025\/32\/stage\/dail\/4"}},{"event":{"chamber":{"chamberCode":"dail","showAs":"D\u00e1il \u00c9ireann","uri":"https:\/\/data.oireachtas.ie\/ie\/oireachtas\/def\/house\/dail"},"dates":[{"date":"2025-06-25"}],"house":{"chamberCode":"dail","chamberType":"house","houseCode":"dail","houseNo":"34","showAs":"34th D\u00e1il","uri":"https:\/\/data.oireachtas.ie\/ie\/oireachtas\/house\/dail\/34"},"progressStage":5,"showAs":"Fifth Stage","stageCompleted":true,"stageOutcome":null,"stageURI":"https:\/\/data.oireachtas.ie\/ie\/oireachtas\/def\/bill-stage\/5","uri":"https:\/\/data.oireachtas.ie\/ie\/oireachtas\/bill\/2025\/32\/stage\/dail\/5"}},{"event":{"chamber":{"chamberCode":"seanad","showAs":"Seanad \u00c9ireann","uri":"https:\/\/data.oireachtas.ie\/ie\/oireachtas\/def\/house\/seanad"},"dates":[{"date":"2025-06-25"}],"house":{"chamberCode":"seanad","chamberType":"house","houseCode":"seanad","houseNo":"27","showAs":"27th Seanad","uri":"https:\/\/data.oireachtas.ie\/ie\/oireachtas\/house\/seanad\/27"},"progressStage":6,"showAs":"Second Stage","stageCompleted":true,"stageOutcome":null,"stageURI":"https:\/\/data.oireachtas.ie\/ie\/oireachtas\/def\/bill-stage\/2","uri":"https:\/\/data.oireachtas.ie\/ie\/oireachtas\/bill\/2025\/32\/stage\/seanad\/2"}},{"event":{"chamber":{"chamberCode":"seanad","showAs":"Seanad \u00c9ireann","uri":"https:\/\/data.oireachtas.ie\/ie\/oireachtas\/def\/house\/seanad"},"dates":[{"date":"2025-06-26"}],"house":{"chamberCode":"seanad","chamberType":"house","houseCode":"seanad","houseNo":"27","showAs":"27th Seanad","uri":"https:\/\/data.oireachtas.ie\/ie\/oireachtas\/house\/seanad\/27"},"progressStage":7,"showAs":"Committee Stage","stageCompleted":true,"stageOutcome":null,"stageURI":"https:\/\/data.oireachtas.ie\/ie\/oireachtas\/def\/bill-stage\/3","uri":"https:\/\/data.oireachtas.ie\/ie\/oireachtas\/bill\/2025\/32\/stage\/seanad\/3"}},{"event":{"chamber":{"chamberCode":"seanad","showAs":"Seanad \u00c9ireann","uri":"https:\/\/data.oireachtas.ie\/ie\/oireachtas\/def\/house\/seanad"},"dates":[{"date":"2025-07-01"}],"house":{"chamberCode":"seanad","chamberType":"house","houseCode":"seanad","houseNo":"27","showAs":"27th Seanad","uri":"https:\/\/data.oireachtas.ie\/ie\/oireachtas\/house\/seanad\/27"},"progressStage":8,"showAs":"Report Stage","stageCompleted":true,"stageOutcome":null,"stageURI":"https:\/\/data.oireachtas.ie\/ie\/oireachtas\/def\/bill-stage\/4","uri":"https:\/\/data.oireachtas.ie\/ie\/oireachtas\/bill\/2025\/32\/stage\/seanad\/4"}},{"event":{"chamber":{"chamberCode":"seanad","showAs":"Seanad \u00c9ireann","uri":"https:\/\/data.oireachtas.ie\/ie\/oireachtas\/def\/house\/seanad"},"dates":[{"date":"2025-07-01"}],"house":{"chamberCode":"seanad","chamberType":"house","houseCode":"seanad","houseNo":"27","showAs":"27th Seanad","uri":"https:\/\/data.oireachtas.ie\/ie\/oireachtas\/house\/seanad\/27"},"progressStage":9,"showAs":"Fifth Stage","stageCompleted":true,"stageOutcome":null,"stageURI":"https:\/\/data.oireachtas.ie\/ie\/oireachtas\/def\/bill-stage\/5","uri":"https:\/\/data.oireachtas.ie\/ie\/oireachtas\/bill\/2025\/32\/stage\/seanad\/5"}},{"event":{"chamber":null,"dates":[{"date":"2025-07-02"}],"house":null,"progressStage":10,"showAs":"Enacted","stageCompleted":true,"stageOutcome":"Enacted","stageURI":"https:\/\/data.oireachtas.ie\/ie\/oireachtas\/def\/bill-stage\/enacted","uri":"https:\/\/data.oireachtas.ie\/ie\/oireachtas\/bill\/2025\/32\/stage\/oireachtas\/enacted"}}],"status":"Enacted","statusURI":"https:\/\/data.oireachtas.ie\/ie\/oireachtas\/def\/bill-status\/enacted","uri":"https:\/\/data.oireachtas.ie\/ie\/oireachtas\/bill\/2025\/32","versions":[{"version":{"date":"2025-07-02","docType":"act","formats":{"pdf":{"uri":"https:\/\/data.oireachtas.ie\/ie\/oireachtas\/act\/2025\/6\/eng\/enacted\/a0625.pdf"},"xml":null},"lang":"eng","showAs":"Finance (Local Property Tax And Other Provisions) (Amendment) Act 2025","uri":"https:\/\/data.oireachtas.ie\/ie\/oireachtas\/act\/2025\/6\/eng\/enacted"}},{"version":{"date":"2025-07-02","docType":"act","formats":{"pdf":{"uri":"https:\/\/data.oireachtas.ie\/ie\/oireachtas\/act\/2025\/6\/gle\/enacted\/a0625i.pdf"},"xml":null},"lang":"gle","showAs":"An tAcht Airgeadais (C\u00e1in Mhaoine \u00c1iti\u00fail agus For\u00e1lacha Eile) (Leas\u00fa), 2025","uri":"https:\/\/data.oireachtas.ie\/ie\/oireachtas\/act\/2025\/6\/gle\/enacted"}},{"version":{"date":"2025-06-25","docType":"bill","formats":{"pdf":{"uri":"https:\/\/data.oireachtas.ie\/ie\/oireachtas\/bill\/2025\/32\/eng\/ver_a\/b32a25d.pdf"},"xml":null},"lang":"eng","showAs":"As passed by D\u00e1il \u00c9ireann","uri":"https:\/\/data.oireachtas.ie\/ie\/oireachtas\/bill\/2025\/32\/eng\/ver_a"}},{"version":{"date":"2025-06-12","docType":"bill","formats":{"pdf":{"uri":"https:\/\/data.oireachtas.ie\/ie\/oireachtas\/bill\/2025\/32\/eng\/initiated\/b3225d.pdf"},"xml":null},"lang":"eng","showAs":"As Initiated","uri":"https:\/\/data.oireachtas.ie\/ie\/oireachtas\/bill\/2025\/32\/eng\/initiated"}}]},"billSort":{"actNoSort":6,"actShortTitleEnSort":"finance-local-property-tax-and-other-provisions-amendment-act-2025","actShortTitleGaSort":"an-tacht-airgeadais-cain-mhaoine-aitiuil-agus-foralacha-eile-leasu-2025","actYearSort":2025,"billNoSort":32,"billShortTitleEnSort":"finance-local-property-tax-and-other-provisions-amendment-bill-2025","billShortTitleGaSort":"an-bille-airgeadais-cain-mhaoine-aitiuil-agus-foralacha-eile-leasu-2025","billYearSort":2025},"contextDate":"2025-07-02"},{"bill":{"act":null,"amendmentLists":[],"billNo":"31","billType":"Public","billTypeURI":"https:\/\/data.oireachtas.ie\/ie\/oireachtas\/def\/bill-type\/public","billYear":"2025","debates":[{"chamber":{"showAs":"D\u00e1il \u00c9ireann","uri":"https:\/\/data.oireachtas.ie\/ie\/oireachtas\/def\/house\/dail"},"date":"2025-06-10","debateSectionId":"dbsect_9","showAs":"Taxes Consolidation (Rights of Performers and Film Workers) (Amendment) Bill 2025: First Stage","uri":"https:\/\/data.oireachtas.ie\/akn\/ie\/debateRecord\/dail\/2025-06-10\/debate\/main"}],"events":[{"event":{"chamber":{"chamberCode":"dail","showAs":"D\u00e1il \u00c9ireann","uri":"https:\/\/data.oireachtas.ie\/ie\/oireachtas\/def\/house\/dail"},"dates":[{"date":"2025-05-30"},{"date":"2025-06-10"},{"date":"2025-06-10"}],"eventURI":"https:\/\/data.oireachtas.ie\/ie\/oireachtas\/def\/bill-event\/admissibility-for-introduction","showAs":"Admissibility for Introduction","uri":"https:\/\/data.oireachtas.ie\/ie\/oireachtas\/bill\/2025\/31\/admissibility-for-introduction"}}],"lastUpdated":"2025-06-11T09:10:13.070000+00:00","longTitleEn":"<p>Bill entitled an Act to amend the Taxes Consolidation Act 1997 to ensure the certificate required for Section 481 tax relief is only issued to qualifying companies which afford equal terms to Irish performers, comply with copyright legislation, and do not engage in the practice of so-called \u2018buy-out\u2019 contracts.<\/p>\n","longTitleGa":"<p>Bille d\u00e1 ngairtear Acht do leas\u00fa an Achta Comhdhl\u00faite C\u00e1nacha, 1997 chun a chinnti\u00fa nach nd\u00e9anfar an deimhni\u00fa is g\u00e1 le haghaidh faoiseamh c\u00e1nach faoi Alt 481 a eisi\u00faint ach amh\u00e1in chuig cuideachta\u00ed c\u00e1ilitheacha a thugann t\u00e9arma\u00ed comhionanna do thaibheoir\u00ed \u00c9ireannacha, a chomhl\u00edonann reachta\u00edocht ch\u00f3ipchirt, agus nach ngabhann don chleachtas ar a dtugtar conartha\u00ed \u2018imcheannaigh\u2019.<\/p>\n","method":"Introduced","methodURI":"https:\/\/data.oireachtas.ie\/ie\/oireachtas\/def\/bill-method\/introduced","mostRecentStage":{"event":{"chamber":{"chamberCode":"dail","showAs":"D\u00e1il \u00c9ireann","uri":"https:\/\/data.oireachtas.ie\/ie\/oireachtas\/def\/house\/dail"},"dates":[{"date":"2025-06-10"}],"house":{"chamberCode":"dail","chamberType":"house","houseCode":"dail","houseNo":"34","showAs":"34th D\u00e1il","uri":"https:\/\/data.oireachtas.ie\/ie\/oireachtas\/house\/dail\/34"},"progressStage":2,"showAs":"Second Stage","stageCompleted":false,"stageOutcome":"Current","stageURI":"https:\/\/data.oireachtas.ie\/ie\/oireachtas\/def\/bill-stage\/2","uri":"https:\/\/data.oireachtas.ie\/ie\/oireachtas\/bill\/2025\/31\/stage\/dail\/2"}},"originHouse":{"showAs":"D\u00e1il \u00c9ireann","uri":"https:\/\/data.oireachtas.ie\/ie\/oireachtas\/def\/house\/dail"},"originHouseURI":"https:\/\/data.oireachtas.ie\/ie\/oireachtas\/def\/house\/dail","relatedDocs":[{"relatedDoc":{"date":"2025-06-10","docType":"memo","formats":{"pdf":{"uri":"https:\/\/data.oireachtas.ie\/ie\/oireachtas\/bill\/2025\/31\/eng\/memo\/b3125d-memo.pdf"},"xml":null},"lang":"eng","showAs":"Explanatory Memorandum","uri":"https:\/\/data.oireachtas.ie\/ie\/oireachtas\/bill\/2025\/31\/eng\/memo"}}],"shortTitleEn":"Taxes Consolidation (Rights of Performers and Film Workers) (Amendment) Bill 2025","shortTitleGa":"An Bille Comhdhl\u00faite C\u00e1nacha (Cearta Taibheoir\u00ed agus Oibrithe Scann\u00e1n) (Leas\u00fa), 2025","source":"Private Member","sourceURI":"https:\/\/data.oireachtas.ie\/ie\/oireachtas\/def\/bill-source\/private-member","sponsors":[{"sponsor":{"as":{"showAs":null,"uri":null},"by":{"showAs":"Aengus \u00d3 Snodaigh","uri":"https:\/\/data.oireachtas.ie\/ie\/oireachtas\/member\/id\/Aengus-\u00d3-Snodaigh.D.2002-06-06"},"isPrimary":true}}],"stages":[{"event":{"chamber":{"chamberCode":"dail","showAs":"D\u00e1il \u00c9ireann","uri":"https:\/\/data.oireachtas.ie\/ie\/oireachtas\/def\/house\/dail"},"dates":[{"date":"2025-05-30"},{"date":"2025-06-10"},{"date":"2025-06-10"},{"date":"2025-06-10"}],"house":{"chamberCode":"dail","chamberType":"house","houseCode":"dail","houseNo":"34","showAs":"34th D\u00e1il","uri":"https:\/\/data.oireachtas.ie\/ie\/oireachtas\/house\/dail\/34"},"progressStage":1,"showAs":"First Stage","stageCompleted":true,"stageOutcome":null,"stageURI":"https:\/\/data.oireachtas.ie\/ie\/oireachtas\/def\/bill-stage\/1","uri":"https:\/\/data.oireachtas.ie\/ie\/oireachtas\/bill\/2025\/31\/stage\/dail\/1"}},{"event":{"chamber":{"chamberCode":"dail","showAs":"D\u00e1il \u00c9ireann","uri":"https:\/\/data.oireachtas.ie\/ie\/oireachtas\/def\/house\/dail"},"dates":[{"date":"2025-06-10"}],"house":{"chamberCode":"dail","chamberType":"house","houseCode":"dail","houseNo":"34","showAs":"34th D\u00e1il","uri":"https:\/\/data.oireachtas.ie\/ie\/oireachtas\/house\/dail\/34"},"progressStage":2,"showAs":"Second Stage","stageCompleted":false,"stageOutcome":"Current","stageURI":"https:\/\/data.oireachtas.ie\/ie\/oireachtas\/def\/bill-stage\/2","uri":"https:\/\/data.oireachtas.ie\/ie\/oireachtas\/bill\/2025\/31\/stage\/dail\/2"}}],"status":"Current","statusURI":"https:\/\/data.oireachtas.ie\/ie\/oireachtas\/def\/bill-status\/published","uri":"https:\/\/data.oireachtas.ie\/ie\/oireachtas\/bill\/2025\/31","versions":[{"version":{"date":"2025-06-10","docType":"bill","formats":{"pdf":{"uri":"https:\/\/data.oireachtas.ie\/ie\/oireachtas\/bill\/2025\/31\/eng\/initiated\/b3125d.pdf"},"xml":null},"lang":"eng","showAs":"As Initiated","uri":"https:\/\/data.oireachtas.ie\/ie\/oireachtas\/bill\/2025\/31\/eng\/initiated"}}]},"billSort":{"actNoSort":null,"actShortTitleEnSort":null,"actShortTitleGaSort":null,"actYearSort":null,"billNoSort":31,"billShortTitleEnSort":"taxes-consolidation-rights-of-performers-and-film-workers-amendment-bill-2025","billShortTitleGaSort":"an-bille-comhdhluite-canacha-cearta-taibheoiri-agus-oibrithe-scannan-leasu-2025","billYearSort":2025},"contextDate":"2025-06-10"},{"bill":{"act":null,"amendmentLists":[],"billNo":"30","billType":"Public","billTypeURI":"https:\/\/data.oireachtas.ie\/ie\/oireachtas\/def\/bill-type\/public","billYear":"2025","debates":[{"chamber":{"showAs":"D\u00e1il \u00c9ireann","uri":"https:\/\/data.oireachtas.ie\/ie\/oireachtas\/def\/house\/dail"},"date":"2025-12-17","debateSectionId":"dbsect_31","showAs":"Animal Health and Welfare (Ban on Fox Hunting) Bill 2025: Second Stage (Resumed) [Private Members]","uri":"https:\/\/data.oireachtas.ie\/akn\/ie\/debateRecord\/dail\/2025-12-17\/debate\/main"},{"chamber":{"showAs":"D\u00e1il \u00c9ireann","uri":"https:\/\/data.oireachtas.ie\/ie\/oireachtas\/def\/house\/dail"},"date":"2025-12-17","debateSectionId":"dbsect_9","showAs":"Animal Health and Welfare (Ban on Fox Hunting) Bill 2025: Second Stage [Private Members]","uri":"https:\/\/data.oireachtas.ie\/akn\/ie\/debateRecord\/dail\/2025-12-17\/debate\/main"},{"chamber":{"showAs":"D\u00e1il \u00c9ireann","uri":"https:\/\/data.oireachtas.ie\/ie\/oireachtas\/def\/house\/dail"},"date":"2025-05-28","debateSectionId":"dbsect_25","showAs":"Animal Health and Welfare (Ban on Fox Hunting) Bill 2025: First Stage (Resumed)","uri":"https:\/\/data.oireachtas.ie\/akn\/ie\/debateRecord\/dail\/2025-05-28\/debate\/main"},{"chamber":{"showAs":"D\u00e1il \u00c9ireann","uri":"https:\/\/data.oireachtas.ie\/ie\/oireachtas\/def\/house\/dail"},"date":"2025-05-27","debateSectionId":"dbsect_8","showAs":"Animal Health and Welfare (Ban on Fox Hunting) Bill 2025: First Stage","uri":"https:\/\/data.oireachtas.ie\/akn\/ie\/debateRecord\/dail\/2025-05-27\/debate\/main"}],"events":[{"event":{"chamber":{"chamberCode":"dail","showAs":"D\u00e1il \u00c9ireann","uri":"https:\/\/data.oireachtas.ie\/ie\/oireachtas\/def\/house\/dail"},"dates":[{"date":"2025-05-09"},{"date":"2025-05-09"},{"date":"2025-05-28"}],"eventURI":"https:\/\/data.oireachtas.ie\/ie\/oireachtas\/def\/bill-event\/approved-for-initiation","showAs":"Approved for Initiation","uri":"https:\/\/data.oireachtas.ie\/ie\/oireachtas\/bill\/2025\/30\/approved-for-initiation"}}],"lastUpdated":"2025-05-29T09:05:20.540000+00:00","longTitleEn":"<p>Bill entitled an Act to amend the Animal Health and Welfare Act 2013 to ban the hunting of a fox or foxes; and to provide for related matters.<\/p>","longTitleGa":"<p>Bille d\u00e1 ngairtear Acht do leas\u00fa an Achta um Shl\u00e1inte agus Leas Ainmhithe, 2013 chun cosc a chur ar shionnach n\u00f3 ar shionnaigh a fhiach; agus do dh\u00e9anamh socr\u00fa i dtaobh nithe gaolmhara.<\/p>","method":"Introduced","methodURI":"https:\/\/data.oireachtas.ie\/ie\/oireachtas\/def\/bill-method\/introduced","mostRecentStage":{"event":{"chamber":{"chamberCode":"dail","showAs":"D\u00e1il \u00c9ireann","uri":"https:\/\/data.oireachtas.ie\/ie\/oireachtas\/def\/house\/dail"},"dates":[{"date":"2025-12-17"}],"house":{"chamberCode":"dail","chamberType":"house","houseCode":"dail","houseNo":"34","showAs":"34th D\u00e1il","uri":"https:\/\/data.oireachtas.ie\/ie\/oireachtas\/house\/dail\/34"},"progressStage":2,"showAs":"Second Stage","stageCompleted":false,"stageOutcome":"Current","stageURI":"https:\/\/data.oireachtas.ie\/ie\/oireachtas\/def\/bill-stage\/2","uri":"https:\/\/data.oireachtas.ie\/ie\/oireachtas\/bill\/2025\/30\/stage\/dail\/2"}},"originHouse":{"showAs":"D\u00e1il \u00c9ireann","uri":"https:\/\/data.oireachtas.ie\/ie\/oireachtas\/def\/house\/dail"},"originHouseURI":"https:\/\/data.oireachtas.ie\/ie\/oireachtas\/def\/house\/dail","relatedDocs":[{"relatedDoc":{"date":"2025-05-28","docType":"memo","formats":{"pdf":{"uri":"https:\/\/data.oireachtas.ie\/ie\/oireachtas\/bill\/2025\/30\/eng\/memo\/b3025d-memo.pdf"},"xml":null},"lang":"eng","showAs":"Explanatory Memorandum","uri":"https:\/\/data.oireachtas.ie\/ie\/oireachtas\/bill\/2025\/30\/eng\/memo"}}],"shortTitleEn":"Animal Health and Welfare (Ban on Fox Hunting) Bill 2025","shortTitleGa":"An Bille um Shl\u00e1inte agus Leas Ainmhithe (Cosc ar Shionnaigh a Fhiach), 2025","source":"Private Member","sourceURI":"https:\/\/data.oireachtas.ie\/ie\/oireachtas\/def\/bill-source\/private-member","sponsors":[{"sponsor":{"isPrimary":true,"as":{"showAs":null,"uri":null},"by":{"showAs":"Ruth Coppinger","uri":"https:\/\/data.oireachtas.ie\/ie\/oireachtas\/member\/id\/Ruth-Coppinger.D.2014-05-23"}}},{"sponsor":{"isPrimary":false,"as":{"showAs":null,"uri":null},"by":{"showAs":"Paul Murphy","uri":"https:\/\/data.oireachtas.ie\/ie\/oireachtas\/member\/id\/Paul-Murphy.D.2014-10-10"}}}],"stages":[{"event":{"chamber":{"chamberCode":"dail","showAs":"D\u00e1il \u00c9ireann","uri":"https:\/\/data.oireachtas.ie\/ie\/oireachtas\/def\/house\/dail"},"dates":[{"date":"2025-05-09"},{"date":"2025-05-09"},{"date":"2025-05-27"},{"date":"2025-05-28"},{"date":"2025-05-28"}],"house":{"chamberCode":"dail","chamberType":"house","houseCode":"dail","houseNo":"34","showAs":"34th D\u00e1il","uri":"https:\/\/data.oireachtas.ie\/ie\/oireachtas\/house\/dail\/34"},"progressStage":1,"showAs":"First Stage","stageCompleted":true,"stageOutcome":null,"stageURI":"https:\/\/data.oireachtas.ie\/ie\/oireachtas\/def\/bill-stage\/1","uri":"https:\/\/data.oireachtas.ie\/ie\/oireachtas\/bill\/2025\/30\/stage\/dail\/1"}},{"event":{"chamber":{"chamberCode":"dail","showAs":"D\u00e1il \u00c9ireann","uri":"https:\/\/data.oireachtas.ie\/ie\/oireachtas\/def\/house\/dail"},"dates":[{"date":"2025-12-17"}],"house":{"chamberCode":"dail","chamberType":"house","houseCode":"dail","houseNo":"34","showAs":"34th D\u00e1il","uri":"https:\/\/data.oireachtas.ie\/ie\/oireachtas\/house\/dail\/34"},"progressStage":2,"showAs":"Second Stage","stageCompleted":false,"stageOutcome":"Current","stageURI":"https:\/\/data.oireachtas.ie\/ie\/oireachtas\/def\/bill-stage\/2","uri":"https:\/\/data.oireachtas.ie\/ie\/oireachtas\/bill\/2025\/30\/stage\/dail\/2"}}],"status":"Current","statusURI":"https:\/\/data.oireachtas.ie\/ie\/oireachtas\/def\/bill-status\/published","uri":"https:\/\/data.oireachtas.ie\/ie\/oireachtas\/bill\/2025\/30","versions":[{"version":{"lang":"eng","docType":"bill","showAs":"As Initiated","date":"2025-05-28","formats":{"pdf":{"uri":"https:\/\/data.oireachtas.ie\/ie\/oireachtas\/bill\/2025\/30\/eng\/initiated\/b3025d.pdf"},"xml":null},"uri":"https:\/\/data.oireachtas.ie\/ie\/oireachtas\/bill\/2025\/30\/eng\/initiated"}}]},"contextDate":"2025-12-17","billSort":{"actNoSort":null,"actShortTitleEnSort":null,"actShortTitleGaSort":null,"actYearSort":null,"billNoSort":30,"billShortTitleEnSort":"animal-health-and-welfare-ban-on-fox-hunting-bill-2025","billShortTitleGaSort":"an-bille-um-shlainte-agus-leas-ainmhithe-cosc-ar-shionnaigh-a-fhiach-2025","billYearSort":2025}},{"bill":{"act":null,"amendmentLists":[],"billNo":"29","billType":"Public","billTypeURI":"https:\/\/data.oireachtas.ie\/ie\/oireachtas\/def\/bill-type\/public","billYear":"2025","debates":[{"chamber":{"showAs":"D\u00e1il \u00c9ireann","uri":"https:\/\/data.oireachtas.ie\/ie\/oireachtas\/def\/house\/dail"},"date":"2025-12-03","debateSectionId":"dbsect_45","showAs":"Wind Turbine Regulation Bill 2025: Second Stage (Resumed) [Private Members]","uri":"https:\/\/data.oireachtas.ie\/akn\/ie\/debateRecord\/dail\/2025-12-03\/debate\/main"},{"chamber":{"showAs":"D\u00e1il \u00c9ireann","uri":"https:\/\/data.oireachtas.ie\/ie\/oireachtas\/def\/house\/dail"},"date":"2025-11-27","debateSectionId":"dbsect_47","showAs":"Wind Turbine Regulation Bill 2025: Second Stage [Private Members]","uri":"https:\/\/data.oireachtas.ie\/akn\/ie\/debateRecord\/dail\/2025-11-27\/debate\/main"},{"chamber":{"showAs":"D\u00e1il \u00c9ireann","uri":"https:\/\/data.oireachtas.ie\/ie\/oireachtas\/def\/house\/dail"},"date":"2025-05-22","debateSectionId":"dbsect_36","showAs":"Wind Turbine Regulation Bill 2025: First Stage","uri":"https:\/\/data.oireachtas.ie\/akn\/ie\/debateRecord\/dail\/2025-05-22\/debate\/main"}],"events":[{"event":{"chamber":{"chamberCode":"dail","showAs":"D\u00e1il \u00c9ireann","uri":"https:\/\/data.oireachtas.ie\/ie\/oireachtas\/def\/house\/dail"},"dates":[{"date":"2025-04-07"},{"date":"2025-05-21"},{"date":"2025-05-23"}],"eventURI":"https:\/\/data.oireachtas.ie\/ie\/oireachtas\/def\/bill-event\/admissibility-for-introduction","showAs":"Admissibility for Introduction","uri":"https:\/\/data.oireachtas.ie\/ie\/oireachtas\/bill\/2025\/29\/admissibility-for-introduction"}}],"lastUpdated":"2025-06-09T13:56:26.650000+00:00","longTitleEn":"<p>Bill entitled an Act to regulate wind turbines to provide limits on the exportation of product generated from wind turbines<strong>,\u00a0<\/strong>to protect nearby dwellings from noise and shadow flicker by providing minimum set back distances<strong>,\u00a0<\/strong>to allow<strong>\u00a0<\/strong>access to public consultative processes; and to provide for related matters.<\/p>","longTitleGa":"<p>Bille d\u00e1 ngairtear Acht do rial\u00e1il tuirb\u00edn\u00ed gaoithe d\u2019fhonn teorainneacha le honnmhairi\u00fa t\u00e1irge arna ghini\u00faint \u00f3 thuirb\u00edn\u00ed gaoithe a shocr\u00fa, do chosaint teaghais\u00ed in aice l\u00e1imhe ar thorann agus ar chaocha\u00edl sc\u00e1ileanna tr\u00ed shl\u00e1nachair \u00edosta a shocr\u00fa, d\u00e1 chead\u00fa rochtain a fh\u00e1il ar phr\u00f3isis chomhchomhairleacha phoibl\u00ed; agus do dh\u00e9anamh socr\u00fa i dtaobh nithe gaolmhara.<\/p>","method":"Introduced","methodURI":"https:\/\/data.oireachtas.ie\/ie\/oireachtas\/def\/bill-method\/introduced","mostRecentStage":{"event":{"chamber":{"chamberCode":"dail","showAs":"D\u00e1il \u00c9ireann","uri":"https:\/\/data.oireachtas.ie\/ie\/oireachtas\/def\/house\/dail"},"dates":[{"date":"2025-05-22"}],"house":{"chamberCode":"dail","chamberType":"house","houseCode":"dail","houseNo":"34","showAs":"34th D\u00e1il","uri":"https:\/\/data.oireachtas.ie\/ie\/oireachtas\/house\/dail\/34"},"progressStage":2,"showAs":"Second Stage","stageCompleted":false,"stageOutcome":"Current","stageURI":"https:\/\/data.oireachtas.ie\/ie\/oireachtas\/def\/bill-stage\/2","uri":"https:\/\/data.oireachtas.ie\/ie\/oireachtas\/bill\/2025\/29\/stage\/dail\/2"}},"originHouse":{"showAs":"D\u00e1il \u00c9ireann","uri":"https:\/\/data.oireachtas.ie\/ie\/oireachtas\/def\/house\/dail"},"originHouseURI":"https:\/\/data.oireachtas.ie\/ie\/oireachtas\/def\/house\/dail","relatedDocs":[{"relatedDoc":{"date":"2025-05-23","docType":"memo","formats":{"pdf":{"uri":"https:\/\/data.oireachtas.ie\/ie\/oireachtas\/bill\/2025\/29\/eng\/memo\/b2925d-memo.pdf"},"xml":null},"lang":"eng","showAs":"Explanatory Memorandum","uri":"https:\/\/data.oireachtas.ie\/ie\/oireachtas\/bill\/2025\/29\/eng\/memo"}}],"shortTitleEn":"Wind Turbine Regulation Bill 2025","shortTitleGa":"An Bille um Rial\u00e1il Tuirb\u00edn\u00ed Gaoithe, 2025","source":"Private Member","sourceURI":"https:\/\/data.oireachtas.ie\/ie\/oireachtas\/def\/bill-source\/private-member","sponsors":[{"sponsor":{"isPrimary":true,"as":{"showAs":null,"uri":null},"by":{"showAs":"Brian Stanley","uri":"https:\/\/data.oireachtas.ie\/ie\/oireachtas\/member\/id\/Brian-Stanley.D.2011-03-09"}}}],"stages":[{"event":{"chamber":{"chamberCode":"dail","showAs":"D\u00e1il \u00c9ireann","uri":"https:\/\/data.oireachtas.ie\/ie\/oireachtas\/def\/house\/dail"},"dates":[{"date":"2025-04-07"},{"date":"2025-05-21"},{"date":"2025-05-22"},{"date":"2025-05-23"}],"house":{"chamberCode":"dail","chamberType":"house","houseCode":"dail","houseNo":"34","showAs":"34th D\u00e1il","uri":"https:\/\/data.oireachtas.ie\/ie\/oireachtas\/house\/dail\/34"},"progressStage":1,"showAs":"First Stage","stageCompleted":true,"stageOutcome":null,"stageURI":"https:\/\/data.oireachtas.ie\/ie\/oireachtas\/def\/bill-stage\/1","uri":"https:\/\/data.oireachtas.ie\/ie\/oireachtas\/bill\/2025\/29\/stage\/dail\/1"}},{"event":{"chamber":{"chamberCode":"dail","showAs":"D\u00e1il \u00c9ireann","uri":"https:\/\/data.oireachtas.ie\/ie\/oireachtas\/def\/house\/dail"},"dates":[{"date":"2025-05-22"}],"house":{"chamberCode":"dail","chamberType":"house","houseCode":"dail","houseNo":"34","showAs":"34th D\u00e1il","uri":"https:\/\/data.oireachtas.ie\/ie\/oireachtas\/house\/dail\/34"},"progressStage":2,"showAs":"Second Stage","stageCompleted":false,"stageOutcome":"Current","stageURI":"https:\/\/data.oireachtas.ie\/ie\/oireachtas\/def\/bill-stage\/2","uri":"https:\/\/data.oireachtas.ie\/ie\/oireachtas\/bill\/2025\/29\/stage\/dail\/2"}}],"status":"Current","statusURI":"https:\/\/data.oireachtas.ie\/ie\/oireachtas\/def\/bill-status\/published","uri":"https:\/\/data.oireachtas.ie\/ie\/oireachtas\/bill\/2025\/29","versions":[{"version":{"lang":"eng","docType":"bill","showAs":"As Initiated","date":"2025-05-23","formats":{"pdf":{"uri":"https:\/\/data.oireachtas.ie\/ie\/oireachtas\/bill\/2025\/29\/eng\/initiated\/b2925d-copy.pdf"},"xml":null},"uri":"https:\/\/data.oireachtas.ie\/ie\/oireachtas\/bill\/2025\/29\/eng\/initiated"}}]},"contextDate":"2025-05-22","billSort":{"actNoSort":null,"actShortTitleEnSort":null,"actShortTitleGaSort":null,"actYearSort":null,"billNoSort":29,"billShortTitleEnSort":"wind-turbine-regulation-bill-2025","billShortTitleGaSort":"an-bille-um-rialail-tuirbini-gaoithe-2025","billYearSort":2025}},{"bill":{"act":{"actNo":"7","actYear":"2026","dateSigned":"2026-03-30","longTitleEn":"<p>Act to amend the Protection of Employees (Employers\u2019 Insolvency) Act 1984; to give further effect to Directive 2008\/94\/EC of the European Parliament and of the Council of 22 October 2008 on the protection of employees in the event of the insolvency of their employer; to make provision for the deeming of employers to be insolvent in certain circumstances; to make further provision on the treatment of employees whose employer enters into an insolvency arrangement; to make further provision for the manner of calculation of certain payments made out of the Social Insurance Fund to certain employees in respect of insolvent employers; to amend the Employment Equality Act 1998; and to provide for related matters.<\/p>","longTitleGa":"<p>Acht do leas\u00fa an Achta um Chosaint Fostaithe (D\u00f3cmhainneacht Fost\u00f3ir\u00ed), 1984; do thabhairt tuilleadh \u00e9ifeachta do Threoir 2008\/94\/CE \u00f3 Pharlaimint na hEorpa agus \u00f3n gComhairle an 22 Deireadh F\u00f3mhair 2008 maidir le fostaithe a chosaint i gc\u00e1s dh\u00f3cmhainneacht a bhfost\u00f3ra; do dh\u00e9anamh socr\u00fa chun go measfar fost\u00f3ir\u00ed a bheith d\u00f3cmhainneach in imthosca \u00e1irithe; do dh\u00e9anamh socr\u00fa breise maidir leis an gcaoi a nd\u00e9ile\u00e1lfar le fostaithe a nd\u00e9anfaidh a bhfost\u00f3ir comhshocra\u00edocht d\u00f3cmhainneachta; do dh\u00e9anamh socr\u00fa breise maidir leis an modh ar a r\u00edomhfar \u00edoca\u00edochta\u00ed \u00e1irithe arna nd\u00e9anamh as an gCiste \u00c1rachais Sh\u00f3isialaigh le fostaithe \u00e1irithe i leith fost\u00f3ir\u00ed d\u00f3cmhainneacha; do leas\u00fa an Achta um Chomhionannas Fosta\u00edochta, 1998; agus do dh\u00e9anamh socr\u00fa i dtaobh nithe gaolmhara.<\/p>","shortTitleEn":"Protection of Employees (Employers' Insolvency) (Amendment) Act 2026","shortTitleGa":"An tAcht um Chosaint Fostaithe (D\u00f3cmhainneacht Fost\u00f3ir\u00ed) (Leas\u00fa), 2026","statutebookURI":"http:\/\/www.irishstatutebook.ie\/eli\/2026\/act\/7","uri":"https:\/\/data.oireachtas.ie\/ie\/oireachtas\/act\/2026\/7"},"amendmentLists":[{"amendmentList":{"amendmentTypeUri":{"uri":"https:\/\/data.oireachtas.ie\/ie\/oireachtas\/def\/amendment-type\/numberedList"},"chamber":{"showAs":"Seanad","uri":"https:\/\/data.oireachtas.ie\/ie\/oireachtas\/def\/seanad"},"date":"2026-03-24","formats":{"pdf":{"uri":"https:\/\/data.oireachtas.ie\/ie\/oireachtas\/bill\/2025\/28\/seanad\/3\/amendment\/numberedList\/eng\/b28a25d-scnl.pdf"},"xml":null},"showAs":"Numbered List [Seanad]","stage":{"showAs":"Committee Stage","uri":"https:\/\/data.oireachtas.ie\/ie\/oireachtas\/bill\/2025\/28\/seanad\/3"},"stageNo":"3"}},{"amendmentList":{"amendmentTypeUri":{"uri":"https:\/\/data.oireachtas.ie\/ie\/oireachtas\/def\/amendment-type\/numberedList"},"chamber":{"showAs":"Dail","uri":"https:\/\/data.oireachtas.ie\/ie\/oireachtas\/def\/dail"},"date":"2026-02-17","formats":{"pdf":{"uri":"https:\/\/data.oireachtas.ie\/ie\/oireachtas\/bill\/2025\/28\/dail\/4\/amendment\/numberedList\/eng\/b28a25d-drnl.pdf"},"xml":null},"showAs":"Numbered List [D\u00e1il]","stage":{"showAs":"Report Stage","uri":"https:\/\/data.oireachtas.ie\/ie\/oireachtas\/bill\/2025\/28\/dail\/4"},"stageNo":"4"}},{"amendmentList":{"amendmentTypeUri":{"uri":"https:\/\/data.oireachtas.ie\/ie\/oireachtas\/def\/amendment-type\/numberedList"},"chamber":{"showAs":"Dail","uri":"https:\/\/data.oireachtas.ie\/ie\/oireachtas\/def\/dail"},"date":"2025-12-02","formats":{"pdf":{"uri":"https:\/\/data.oireachtas.ie\/ie\/oireachtas\/bill\/2025\/28\/dail\/3\/amendment\/numberedList\/eng\/b2825d-dcnl.pdf"},"xml":null},"showAs":"Numbered List [D\u00e1il]","stage":{"showAs":"Committee Stage","uri":"https:\/\/data.oireachtas.ie\/ie\/oireachtas\/bill\/2025\/28\/dail\/3"},"stageNo":"3"}}],"billNo":"28","billType":"Public","billTypeURI":"https:\/\/data.oireachtas.ie\/ie\/oireachtas\/def\/bill-type\/public","billYear":"2025","debates":[{"chamber":{"showAs":"Seanad \u00c9ireann","uri":"https:\/\/data.oireachtas.ie\/ie\/oireachtas\/def\/house\/seanad"},"date":"2026-03-24","debateSectionId":"dbsect_14","showAs":"Protection of Employees (Employers' Insolvency) (Amendment) Bill 2025: Committee and Remaining Stages","uri":"https:\/\/data.oireachtas.ie\/akn\/ie\/debateRecord\/seanad\/2026-03-24\/debate\/main"},{"chamber":{"showAs":"Seanad \u00c9ireann","uri":"https:\/\/data.oireachtas.ie\/ie\/oireachtas\/def\/house\/seanad"},"date":"2026-03-04","debateSectionId":"dbsect_13","showAs":"Protection of Employees (Employers' Insolvency) (Amendment) Bill 2025: Second Stage","uri":"https:\/\/data.oireachtas.ie\/akn\/ie\/debateRecord\/seanad\/2026-03-04\/debate\/main"},{"chamber":{"showAs":"D\u00e1il \u00c9ireann","uri":"https:\/\/data.oireachtas.ie\/ie\/oireachtas\/def\/house\/dail"},"date":"2026-02-18","debateSectionId":"dbsect_56","showAs":"Protection of Employees (Employers' Insolvency) (Amendment) Bill 2025: Report and Final Stages","uri":"https:\/\/data.oireachtas.ie\/akn\/ie\/debateRecord\/dail\/2026-02-18\/debate\/main"},{"chamber":{"showAs":"Select Committee on Enterprise, Tourism and Employment","uri":"https:\/\/data.oireachtas.ie\/ie\/oireachtas\/def\/committee"},"date":"2025-12-03","debateSectionId":"dbsect_6","showAs":"Protection of Employees (Employers' Insolvency) (Amendment) Bill 2025: Committee Stage","uri":"https:\/\/data.oireachtas.ie\/akn\/ie\/debateRecord\/select_committee_on_enterprise_tourism_and_employment\/2025-12-03\/debate\/main"},{"chamber":{"showAs":"D\u00e1il \u00c9ireann","uri":"https:\/\/data.oireachtas.ie\/ie\/oireachtas\/def\/house\/dail"},"date":"2025-05-28","debateSectionId":"dbsect_13","showAs":"Protection of Employees (Employers\u2019 Insolvency) (Amendment) Bill 2025: Second Stage","uri":"https:\/\/data.oireachtas.ie\/akn\/ie\/debateRecord\/dail\/2025-05-28\/debate\/main"},{"chamber":{"showAs":"D\u00e1il \u00c9ireann","uri":"https:\/\/data.oireachtas.ie\/ie\/oireachtas\/def\/house\/dail"},"date":"2025-05-28","debateSectionId":"dbsect_14","showAs":"Protection of Employees (Employers' Insolvency) (Amendment) Bill 2025: Referral to Select Committee","uri":"https:\/\/data.oireachtas.ie\/akn\/ie\/debateRecord\/dail\/2025-05-28\/debate\/main"}],"events":[{"event":{"chamber":{"chamberCode":"dail","showAs":"D\u00e1il \u00c9ireann","uri":"https:\/\/data.oireachtas.ie\/ie\/oireachtas\/def\/house\/dail"},"dates":[{"date":"2025-05-23"},{"date":"2026-03-30"}],"eventURI":"https:\/\/data.oireachtas.ie\/ie\/oireachtas\/def\/bill-event\/published","showAs":"Published","uri":"https:\/\/data.oireachtas.ie\/ie\/oireachtas\/bill\/2025\/28\/published"}},{"event":{"chamber":null,"dates":[{"date":"2026-03-30"}],"eventURI":"https:\/\/data.oireachtas.ie\/ie\/oireachtas\/def\/bill-event\/enacted","showAs":"Enacted","uri":"https:\/\/data.oireachtas.ie\/ie\/oireachtas\/bill\/2025\/28\/enacted"}}],"lastUpdated":"2026-04-09T13:59:55.150000+00:00","longTitleEn":"<p>Bill entitled an Act to amend the Protection of Employees (Employers\u2019 Insolvency) Act 1984; to give further effect to Directive 2008\/94\/EC of the European Parliament and of the Council of 22 October 2008 on the protection of employees in the event of the insolvency of their employer; to make provision for the deeming of employers to be insolvent in certain circumstances; to make further provision on the treatment of employees whose employer enters into an insolvency arrangement; to make further provision for the manner of calculation of certain payments made out of the Social Insurance Fund to certain employees in respect of insolvent employers; to amend the Employment Equality Act 1998; and to provide for related matters.<\/p>","longTitleGa":"<p>Bille d\u00e1 ngairtear Acht do leas\u00fa an Achta um Chosaint Fostaithe (D\u00f3cmhainneacht Fost\u00f3ir\u00ed), 1984; do thabhairt tuilleadh \u00e9ifeachta do Threoir 2008\/94\/CE \u00f3 Pharlaimint na hEorpa agus \u00f3n gComhairle an 22 Deireadh F\u00f3mhair 2008 maidir le fostaithe a chosaint i gc\u00e1s dh\u00f3cmhainneacht a bhfost\u00f3ra; do dh\u00e9anamh socr\u00fa chun go measfar fost\u00f3ir\u00ed a bheith d\u00f3cmhainneach in imthosca \u00e1irithe; do dh\u00e9anamh socr\u00fa breise maidir leis an gcaoi a nd\u00e9ile\u00e1lfar le fostaithe a nd\u00e9anfaidh a bhfost\u00f3ir comhshocra\u00edocht d\u00f3cmhainneachta; do dh\u00e9anamh socr\u00fa breise maidir leis an modh ar a r\u00edomhfar \u00edoca\u00edochta\u00ed \u00e1irithe arna nd\u00e9anamh as an gCiste \u00c1rachais Sh\u00f3isialaigh le fostaithe \u00e1irithe i leith fost\u00f3ir\u00ed d\u00f3cmhainneacha; do leas\u00fa an Achta um Chomhionannas Fosta\u00edochta, 1998; agus do dh\u00e9anamh socr\u00fa i dtaobh nithe gaolmhara.<\/p>","method":"Presented","methodURI":"https:\/\/data.oireachtas.ie\/ie\/oireachtas\/def\/bill-method\/presented","mostRecentStage":{"event":{"chamber":null,"dates":[{"date":"2026-03-30"}],"house":null,"progressStage":10,"showAs":"Enacted","stageCompleted":true,"stageOutcome":"Enacted","stageURI":"https:\/\/data.oireachtas.ie\/ie\/oireachtas\/def\/bill-stage\/enacted","uri":"https:\/\/data.oireachtas.ie\/ie\/oireachtas\/bill\/2025\/28\/stage\/oireachtas\/enacted"}},"originHouse":{"showAs":"D\u00e1il \u00c9ireann","uri":"https:\/\/data.oireachtas.ie\/ie\/oireachtas\/def\/house\/dail"},"originHouseURI":"https:\/\/data.oireachtas.ie\/ie\/oireachtas\/def\/house\/dail","relatedDocs":[{"relatedDoc":{"date":"2025-05-28","docType":"gluais","formats":{"pdf":{"uri":"https:\/\/data.oireachtas.ie\/ie\/oireachtas\/bill\/2025\/28\/mul\/gluais\/gluais-05-2025-an-bille-um-chosaint-fostaithe-docmhainneacht-fostoiri-leasu-2025.pdf"},"xml":null},"lang":"mul","showAs":"Glossary\/Gluais","uri":"https:\/\/data.oireachtas.ie\/ie\/oireachtas\/bill\/2025\/28\/mul\/gluais"}},{"relatedDoc":{"date":"2025-05-23","docType":"memo","formats":{"pdf":{"uri":"https:\/\/data.oireachtas.ie\/ie\/oireachtas\/bill\/2025\/28\/eng\/memo\/b2825d-memo.pdf"},"xml":null},"lang":"eng","showAs":"Explanatory Memorandum","uri":"https:\/\/data.oireachtas.ie\/ie\/oireachtas\/bill\/2025\/28\/eng\/memo"}}],"shortTitleEn":"Protection of Employees (Employers' Insolvency) (Amendment) Bill 2025","shortTitleGa":"An Bille um Chosaint Fostaithe (D\u00f3cmhainneacht Fost\u00f3ir\u00ed) (Leas\u00fa), 2025","source":"Government","sourceURI":"https:\/\/data.oireachtas.ie\/ie\/oireachtas\/def\/bill-source\/government","sponsors":[{"sponsor":{"isPrimary":true,"as":{"showAs":"Minister for Enterprise, Trade and Employment","uri":null},"by":{"showAs":null,"uri":null}}}],"stages":[{"event":{"chamber":{"chamberCode":"dail","showAs":"D\u00e1il \u00c9ireann","uri":"https:\/\/data.oireachtas.ie\/ie\/oireachtas\/def\/house\/dail"},"dates":[{"date":"2025-05-23"},{"date":"2025-05-23"}],"house":{"chamberCode":"dail","chamberType":"house","houseCode":"dail","houseNo":"34","showAs":"34th D\u00e1il","uri":"https:\/\/data.oireachtas.ie\/ie\/oireachtas\/house\/dail\/34"},"progressStage":1,"showAs":"First Stage","stageCompleted":true,"stageOutcome":null,"stageURI":"https:\/\/data.oireachtas.ie\/ie\/oireachtas\/def\/bill-stage\/1","uri":"https:\/\/data.oireachtas.ie\/ie\/oireachtas\/bill\/2025\/28\/stage\/dail\/1"}},{"event":{"chamber":{"chamberCode":"dail","showAs":"D\u00e1il \u00c9ireann","uri":"https:\/\/data.oireachtas.ie\/ie\/oireachtas\/def\/house\/dail"},"dates":[{"date":"2025-05-27"}],"house":{"chamberCode":"dail","chamberType":"house","houseCode":"dail","houseNo":"34","showAs":"34th D\u00e1il","uri":"https:\/\/data.oireachtas.ie\/ie\/oireachtas\/house\/dail\/34"},"progressStage":2,"showAs":"Second Stage","stageCompleted":true,"stageOutcome":null,"stageURI":"https:\/\/data.oireachtas.ie\/ie\/oireachtas\/def\/bill-stage\/2","uri":"https:\/\/data.oireachtas.ie\/ie\/oireachtas\/bill\/2025\/28\/stage\/dail\/2"}},{"event":{"chamber":{"chamberCode":"dail","showAs":"D\u00e1il \u00c9ireann","uri":"https:\/\/data.oireachtas.ie\/ie\/oireachtas\/def\/house\/dail"},"dates":[{"date":"2025-05-28"}],"house":{"chamberCode":"dail","chamberType":"house","houseCode":"dail","houseNo":"34","showAs":"34th D\u00e1il","uri":"https:\/\/data.oireachtas.ie\/ie\/oireachtas\/house\/dail\/34"},"progressStage":3,"showAs":"Committee Stage","stageCompleted":true,"stageOutcome":null,"stageURI":"https:\/\/data.oireachtas.ie\/ie\/oireachtas\/def\/bill-stage\/3","uri":"https:\/\/data.oireachtas.ie\/ie\/oireachtas\/bill\/2025\/28\/stage\/dail\/3"}},{"event":{"chamber":{"chamberCode":"dail","showAs":"D\u00e1il \u00c9ireann","uri":"https:\/\/data.oireachtas.ie\/ie\/oireachtas\/def\/house\/dail"},"dates":[{"date":"2026-02-18"}],"house":{"chamberCode":"dail","chamberType":"house","houseCode":"dail","houseNo":"34","showAs":"34th D\u00e1il","uri":"https:\/\/data.oireachtas.ie\/ie\/oireachtas\/house\/dail\/34"},"progressStage":4,"showAs":"Report Stage","stageCompleted":true,"stageOutcome":null,"stageURI":"https:\/\/data.oireachtas.ie\/ie\/oireachtas\/def\/bill-stage\/4","uri":"https:\/\/data.oireachtas.ie\/ie\/oireachtas\/bill\/2025\/28\/stage\/dail\/4"}},{"event":{"chamber":{"chamberCode":"dail","showAs":"D\u00e1il \u00c9ireann","uri":"https:\/\/data.oireachtas.ie\/ie\/oireachtas\/def\/house\/dail"},"dates":[{"date":"2026-02-18"}],"house":{"chamberCode":"dail","chamberType":"house","houseCode":"dail","houseNo":"34","showAs":"34th D\u00e1il","uri":"https:\/\/data.oireachtas.ie\/ie\/oireachtas\/house\/dail\/34"},"progressStage":5,"showAs":"Fifth Stage","stageCompleted":true,"stageOutcome":null,"stageURI":"https:\/\/data.oireachtas.ie\/ie\/oireachtas\/def\/bill-stage\/5","uri":"https:\/\/data.oireachtas.ie\/ie\/oireachtas\/bill\/2025\/28\/stage\/dail\/5"}},{"event":{"chamber":{"chamberCode":"seanad","showAs":"Seanad \u00c9ireann","uri":"https:\/\/data.oireachtas.ie\/ie\/oireachtas\/def\/house\/seanad"},"dates":[{"date":"2026-03-04"}],"house":{"chamberCode":"seanad","chamberType":"house","houseCode":"seanad","houseNo":"27","showAs":"27th Seanad","uri":"https:\/\/data.oireachtas.ie\/ie\/oireachtas\/house\/seanad\/27"},"progressStage":6,"showAs":"Second Stage","stageCompleted":true,"stageOutcome":null,"stageURI":"https:\/\/data.oireachtas.ie\/ie\/oireachtas\/def\/bill-stage\/2","uri":"https:\/\/data.oireachtas.ie\/ie\/oireachtas\/bill\/2025\/28\/stage\/seanad\/2"}},{"event":{"chamber":{"chamberCode":"seanad","showAs":"Seanad \u00c9ireann","uri":"https:\/\/data.oireachtas.ie\/ie\/oireachtas\/def\/house\/seanad"},"dates":[{"date":"2026-03-11"}],"house":{"chamberCode":"seanad","chamberType":"house","houseCode":"seanad","houseNo":"27","showAs":"27th Seanad","uri":"https:\/\/data.oireachtas.ie\/ie\/oireachtas\/house\/seanad\/27"},"progressStage":7,"showAs":"Committee Stage","stageCompleted":true,"stageOutcome":null,"stageURI":"https:\/\/data.oireachtas.ie\/ie\/oireachtas\/def\/bill-stage\/3","uri":"https:\/\/data.oireachtas.ie\/ie\/oireachtas\/bill\/2025\/28\/stage\/seanad\/3"}},{"event":{"chamber":{"chamberCode":"seanad","showAs":"Seanad \u00c9ireann","uri":"https:\/\/data.oireachtas.ie\/ie\/oireachtas\/def\/house\/seanad"},"dates":[{"date":"2026-03-24"}],"house":{"chamberCode":"seanad","chamberType":"house","houseCode":"seanad","houseNo":"27","showAs":"27th Seanad","uri":"https:\/\/data.oireachtas.ie\/ie\/oireachtas\/house\/seanad\/27"},"progressStage":8,"showAs":"Report Stage","stageCompleted":true,"stageOutcome":null,"stageURI":"https:\/\/data.oireachtas.ie\/ie\/oireachtas\/def\/bill-stage\/4","uri":"https:\/\/data.oireachtas.ie\/ie\/oireachtas\/bill\/2025\/28\/stage\/seanad\/4"}},{"event":{"chamber":{"chamberCode":"seanad","showAs":"Seanad \u00c9ireann","uri":"https:\/\/data.oireachtas.ie\/ie\/oireachtas\/def\/house\/seanad"},"dates":[{"date":"2026-03-24"}],"house":{"chamberCode":"seanad","chamberType":"house","houseCode":"seanad","houseNo":"27","showAs":"27th Seanad","uri":"https:\/\/data.oireachtas.ie\/ie\/oireachtas\/house\/seanad\/27"},"progressStage":9,"showAs":"Fifth Stage","stageCompleted":true,"stageOutcome":null,"stageURI":"https:\/\/data.oireachtas.ie\/ie\/oireachtas\/def\/bill-stage\/5","uri":"https:\/\/data.oireachtas.ie\/ie\/oireachtas\/bill\/2025\/28\/stage\/seanad\/5"}},{"event":{"chamber":null,"dates":[{"date":"2026-03-30"}],"house":null,"progressStage":10,"showAs":"Enacted","stageCompleted":true,"stageOutcome":"Enacted","stageURI":"https:\/\/data.oireachtas.ie\/ie\/oireachtas\/def\/bill-stage\/enacted","uri":"https:\/\/data.oireachtas.ie\/ie\/oireachtas\/bill\/2025\/28\/stage\/oireachtas\/enacted"}}],"status":"Enacted","statusURI":"https:\/\/data.oireachtas.ie\/ie\/oireachtas\/def\/bill-status\/enacted","uri":"https:\/\/data.oireachtas.ie\/ie\/oireachtas\/bill\/2025\/28","versions":[{"version":{"lang":"eng","docType":"act","showAs":"Protection of Employees (Employers' Insolvency) (Amendment) Act 2026","date":"2026-03-30","formats":{"pdf":{"uri":"https:\/\/data.oireachtas.ie\/ie\/oireachtas\/act\/2026\/7\/eng\/enacted\/a0726.pdf"},"xml":null},"uri":"https:\/\/data.oireachtas.ie\/ie\/oireachtas\/act\/2026\/7\/eng\/enacted"}},{"version":{"lang":"eng","docType":"bill","showAs":"As amended in Committee\/Select Committee [D\u00e1il \u00c9ireann]","date":"2025-12-03","formats":{"pdf":{"uri":"https:\/\/data.oireachtas.ie\/ie\/oireachtas\/bill\/2025\/28\/eng\/ver_a\/b28a25d.pdf"},"xml":null},"uri":"https:\/\/data.oireachtas.ie\/ie\/oireachtas\/bill\/2025\/28\/eng\/ver_a"}},{"version":{"lang":"eng","docType":"bill","showAs":"As Initiated","date":"2025-05-23","formats":{"pdf":{"uri":"https:\/\/data.oireachtas.ie\/ie\/oireachtas\/bill\/2025\/28\/eng\/initiated\/b2825d.pdf"},"xml":null},"uri":"https:\/\/data.oireachtas.ie\/ie\/oireachtas\/bill\/2025\/28\/eng\/initiated"}}]},"contextDate":"2026-03-30","billSort":{"actNoSort":7,"actShortTitleEnSort":"protection-of-employees-employers-insolvency-amendment-act-2026","actShortTitleGaSort":"an-tacht-um-chosaint-fostaithe-docmhainneacht-fostoiri-leasu-2026","actYearSort":2026,"billNoSort":28,"billShortTitleEnSort":"protection-of-employees-employers-insolvency-amendment-bill-2025","billShortTitleGaSort":"an-bille-um-chosaint-fostaithe-docmhainneacht-fostoiri-leasu-2025","billYearSort":2025}},{"bill":{"act":null,"amendmentLists":[],"billNo":"27","billType":"Public","billTypeURI":"https:\/\/data.oireachtas.ie\/ie\/oireachtas\/def\/bill-type\/public","billYear":"2025","debates":[{"chamber":{"showAs":"D\u00e1il \u00c9ireann","uri":"https:\/\/data.oireachtas.ie\/ie\/oireachtas\/def\/house\/dail"},"date":"2025-05-28","debateSectionId":"dbsect_30","showAs":"Restrictive Financial Measures (State of Israel) Bill 2025: Second Stage (Resumed) [Private Members]","uri":"https:\/\/data.oireachtas.ie\/akn\/ie\/debateRecord\/dail\/2025-05-28\/debate\/main"},{"chamber":{"showAs":"D\u00e1il \u00c9ireann","uri":"https:\/\/data.oireachtas.ie\/ie\/oireachtas\/def\/house\/dail"},"date":"2025-05-27","debateSectionId":"dbsect_17","showAs":"Restrictive Financial Measures (State of Israel) Bill 2025: Second Stage [Private Members]","uri":"https:\/\/data.oireachtas.ie\/akn\/ie\/debateRecord\/dail\/2025-05-27\/debate\/main"},{"chamber":{"showAs":"D\u00e1il \u00c9ireann","uri":"https:\/\/data.oireachtas.ie\/ie\/oireachtas\/def\/house\/dail"},"date":"2025-05-21","debateSectionId":"dbsect_16","showAs":"Restrictive Financial Measures (State of Israel) Bill 2025: First Stage","uri":"https:\/\/data.oireachtas.ie\/akn\/ie\/debateRecord\/dail\/2025-05-21\/debate\/main"}],"events":[{"event":{"chamber":{"chamberCode":"dail","showAs":"D\u00e1il \u00c9ireann","uri":"https:\/\/data.oireachtas.ie\/ie\/oireachtas\/def\/house\/dail"},"dates":[{"date":"2025-05-19"},{"date":"2025-05-19"},{"date":"2025-05-21"},{"date":"2025-05-28"}],"eventURI":"https:\/\/data.oireachtas.ie\/ie\/oireachtas\/def\/bill-event\/approved-for-initiation","showAs":"Approved for Initiation","uri":"https:\/\/data.oireachtas.ie\/ie\/oireachtas\/bill\/2025\/27\/approved-for-initiation"}}],"lastUpdated":"2025-05-29T10:01:47.520000+00:00","longTitleEn":"<p>Bill entitled an Act to empower the Minister for Finance to make regulations imposing certain restrictive measures in respect of securities issued by or on behalf of the State of Israel; and to provide for related matters.<\/p>","longTitleGa":"<p>Bille d\u00e1 ngairtear Acht do chumhacht\u00fa don Aire Airgeadais rialach\u00e1in a dh\u00e9anamh lena bhforchuirfear bearta sriantacha \u00e1irithe i leith urr\u00fais arna n-eisi\u00faint ag St\u00e1t Iosrael n\u00f3 thar a cheann; agus do dh\u00e9anamh socr\u00fa i dtaobh nithe gaolmhara.<\/p>","method":"Introduced","methodURI":"https:\/\/data.oireachtas.ie\/ie\/oireachtas\/def\/bill-method\/introduced","mostRecentStage":{"event":{"chamber":{"chamberCode":"dail","showAs":"D\u00e1il \u00c9ireann","uri":"https:\/\/data.oireachtas.ie\/ie\/oireachtas\/def\/house\/dail"},"dates":[{"date":"2025-05-21"},{"date":"2025-05-21"}],"house":{"chamberCode":"dail","chamberType":"house","houseCode":"dail","houseNo":"34","showAs":"34th D\u00e1il","uri":"https:\/\/data.oireachtas.ie\/ie\/oireachtas\/house\/dail\/34"},"progressStage":2,"showAs":"Second Stage","stageCompleted":true,"stageOutcome":null,"stageURI":"https:\/\/data.oireachtas.ie\/ie\/oireachtas\/def\/bill-stage\/2","uri":"https:\/\/data.oireachtas.ie\/ie\/oireachtas\/bill\/2025\/27\/stage\/dail\/2"}},"originHouse":{"showAs":"D\u00e1il \u00c9ireann","uri":"https:\/\/data.oireachtas.ie\/ie\/oireachtas\/def\/house\/dail"},"originHouseURI":"https:\/\/data.oireachtas.ie\/ie\/oireachtas\/def\/house\/dail","relatedDocs":[{"relatedDoc":{"date":"2025-05-21","docType":"memo","formats":{"pdf":{"uri":"https:\/\/data.oireachtas.ie\/ie\/oireachtas\/bill\/2025\/27\/eng\/memo\/b2725d-memo.pdf"},"xml":null},"lang":"eng","showAs":"Explanatory Memorandum","uri":"https:\/\/data.oireachtas.ie\/ie\/oireachtas\/bill\/2025\/27\/eng\/memo"}}],"shortTitleEn":"Restrictive Financial Measures (State of Israel) Bill 2025","shortTitleGa":"An Bille um Bearta Sriantacha Airgeadais (St\u00e1t Iosrael), 2025","source":"Private Member","sourceURI":"https:\/\/data.oireachtas.ie\/ie\/oireachtas\/def\/bill-source\/private-member","sponsors":[{"sponsor":{"as":{"showAs":null,"uri":null},"by":{"showAs":"Mary Lou McDonald","uri":"https:\/\/data.oireachtas.ie\/ie\/oireachtas\/member\/id\/Mary-Lou-McDonald.D.2011-03-09"},"isPrimary":false}},{"sponsor":{"as":{"showAs":null,"uri":null},"by":{"showAs":"Pearse Doherty","uri":"https:\/\/data.oireachtas.ie\/ie\/oireachtas\/member\/id\/Pearse-Doherty.S.2007-07-23"},"isPrimary":true}}],"stages":[{"event":{"chamber":{"chamberCode":"dail","showAs":"D\u00e1il \u00c9ireann","uri":"https:\/\/data.oireachtas.ie\/ie\/oireachtas\/def\/house\/dail"},"dates":[{"date":"2025-05-19"},{"date":"2025-05-19"},{"date":"2025-05-21"},{"date":"2025-05-21"}],"house":{"chamberCode":"dail","chamberType":"house","houseCode":"dail","houseNo":"34","showAs":"34th D\u00e1il","uri":"https:\/\/data.oireachtas.ie\/ie\/oireachtas\/house\/dail\/34"},"progressStage":1,"showAs":"First Stage","stageCompleted":true,"stageOutcome":null,"stageURI":"https:\/\/data.oireachtas.ie\/ie\/oireachtas\/def\/bill-stage\/1","uri":"https:\/\/data.oireachtas.ie\/ie\/oireachtas\/bill\/2025\/27\/stage\/dail\/1"}},{"event":{"chamber":{"chamberCode":"dail","showAs":"D\u00e1il \u00c9ireann","uri":"https:\/\/data.oireachtas.ie\/ie\/oireachtas\/def\/house\/dail"},"dates":[{"date":"2025-05-21"},{"date":"2025-05-21"}],"house":{"chamberCode":"dail","chamberType":"house","houseCode":"dail","houseNo":"34","showAs":"34th D\u00e1il","uri":"https:\/\/data.oireachtas.ie\/ie\/oireachtas\/house\/dail\/34"},"progressStage":2,"showAs":"Second Stage","stageCompleted":true,"stageOutcome":null,"stageURI":"https:\/\/data.oireachtas.ie\/ie\/oireachtas\/def\/bill-stage\/2","uri":"https:\/\/data.oireachtas.ie\/ie\/oireachtas\/bill\/2025\/27\/stage\/dail\/2"}}],"status":"Defeated","statusURI":"https:\/\/data.oireachtas.ie\/ie\/oireachtas\/def\/bill-status\/defeated","uri":"https:\/\/data.oireachtas.ie\/ie\/oireachtas\/bill\/2025\/27","versions":[{"version":{"date":"2025-05-21","docType":"bill","formats":{"pdf":{"uri":"https:\/\/data.oireachtas.ie\/ie\/oireachtas\/bill\/2025\/27\/eng\/initiated\/b2725d.pdf"},"xml":null},"lang":"eng","showAs":"As Initiated","uri":"https:\/\/data.oireachtas.ie\/ie\/oireachtas\/bill\/2025\/27\/eng\/initiated"}}]},"billSort":{"actNoSort":null,"actShortTitleEnSort":null,"actShortTitleGaSort":null,"actYearSort":null,"billNoSort":27,"billShortTitleEnSort":"restrictive-financial-measures-state-of-israel-bill-2025","billShortTitleGaSort":"an-bille-um-bearta-sriantacha-airgeadais-stat-iosrael-2025","billYearSort":2025},"contextDate":"2025-05-21"},{"bill":{"act":null,"amendmentLists":[],"billNo":"26","billType":"Public","billTypeURI":"https:\/\/data.oireachtas.ie\/ie\/oireachtas\/def\/bill-type\/public","billYear":"2025","debates":[{"chamber":{"showAs":"D\u00e1il \u00c9ireann","uri":"https:\/\/data.oireachtas.ie\/ie\/oireachtas\/def\/house\/dail"},"date":"2025-05-21","debateSectionId":"dbsect_15","showAs":"Planning and Development (Exempted Development \u2013 External Wall Insulation) Bill 2025: First Stage","uri":"https:\/\/data.oireachtas.ie\/akn\/ie\/debateRecord\/dail\/2025-05-21\/debate\/main"}],"events":[{"event":{"chamber":{"chamberCode":"dail","showAs":"D\u00e1il \u00c9ireann","uri":"https:\/\/data.oireachtas.ie\/ie\/oireachtas\/def\/house\/dail"},"dates":[{"date":"2025-04-28"},{"date":"2025-05-21"},{"date":"2025-05-22"}],"eventURI":"https:\/\/data.oireachtas.ie\/ie\/oireachtas\/def\/bill-event\/admissibility-for-introduction","showAs":"Admissibility for Introduction","uri":"https:\/\/data.oireachtas.ie\/ie\/oireachtas\/bill\/2025\/26\/admissibility-for-introduction"}}],"lastUpdated":"2025-05-22T10:46:55.100000+00:00","longTitleEn":"<p>Bill entitled an Act to amend the Planning and Development Act 2000 to exempt external wall insulation from planning permission, with the exception of certain limited circumstances.<\/p>","longTitleGa":"<p>Bille d\u00e1 ngairtear Acht do leas\u00fa an Achta um Plean\u00e1il agus Forbairt, 2000 chun insli\u00fa balla\u00ed seachtracha a dh\u00edolmh\u00fa \u00f3 chead plean\u00e1la, seachas in imthosca teoranta \u00e1irithe.<\/p>","method":"Introduced","methodURI":"https:\/\/data.oireachtas.ie\/ie\/oireachtas\/def\/bill-method\/introduced","mostRecentStage":{"event":{"chamber":{"chamberCode":"dail","showAs":"D\u00e1il \u00c9ireann","uri":"https:\/\/data.oireachtas.ie\/ie\/oireachtas\/def\/house\/dail"},"dates":[{"date":"2025-05-21"}],"house":{"chamberCode":"dail","chamberType":"house","houseCode":"dail","houseNo":"34","showAs":"34th D\u00e1il","uri":"https:\/\/data.oireachtas.ie\/ie\/oireachtas\/house\/dail\/34"},"progressStage":2,"showAs":"Second Stage","stageCompleted":false,"stageOutcome":"Current","stageURI":"https:\/\/data.oireachtas.ie\/ie\/oireachtas\/def\/bill-stage\/2","uri":"https:\/\/data.oireachtas.ie\/ie\/oireachtas\/bill\/2025\/26\/stage\/dail\/2"}},"originHouse":{"showAs":"D\u00e1il \u00c9ireann","uri":"https:\/\/data.oireachtas.ie\/ie\/oireachtas\/def\/house\/dail"},"originHouseURI":"https:\/\/data.oireachtas.ie\/ie\/oireachtas\/def\/house\/dail","relatedDocs":[],"shortTitleEn":"Planning And Development (Exempted Development - External Wall Insulation) Bill 2025","shortTitleGa":"An Bille um Plean\u00e1il agus Forbairt (Forbairt Dh\u00edolmhaithe - Insli\u00fa Balla\u00ed Seachtracha), 2025","source":"Private Member","sourceURI":"https:\/\/data.oireachtas.ie\/ie\/oireachtas\/def\/bill-source\/private-member","sponsors":[{"sponsor":{"as":{"showAs":null,"uri":null},"by":{"showAs":"Richard Boyd Barrett","uri":"https:\/\/data.oireachtas.ie\/ie\/oireachtas\/member\/id\/Richard-Boyd-Barrett.D.2011-03-09"},"isPrimary":false}},{"sponsor":{"as":{"showAs":null,"uri":null},"by":{"showAs":"Ruth Coppinger","uri":"https:\/\/data.oireachtas.ie\/ie\/oireachtas\/member\/id\/Ruth-Coppinger.D.2014-05-23"},"isPrimary":false}},{"sponsor":{"as":{"showAs":null,"uri":null},"by":{"showAs":"Paul Murphy","uri":"https:\/\/data.oireachtas.ie\/ie\/oireachtas\/member\/id\/Paul-Murphy.D.2014-10-10"},"isPrimary":true}}],"stages":[{"event":{"chamber":{"chamberCode":"dail","showAs":"D\u00e1il \u00c9ireann","uri":"https:\/\/data.oireachtas.ie\/ie\/oireachtas\/def\/house\/dail"},"dates":[{"date":"2025-04-28"},{"date":"2025-05-21"},{"date":"2025-05-21"},{"date":"2025-05-22"}],"house":{"chamberCode":"dail","chamberType":"house","houseCode":"dail","houseNo":"34","showAs":"34th D\u00e1il","uri":"https:\/\/data.oireachtas.ie\/ie\/oireachtas\/house\/dail\/34"},"progressStage":1,"showAs":"First Stage","stageCompleted":true,"stageOutcome":null,"stageURI":"https:\/\/data.oireachtas.ie\/ie\/oireachtas\/def\/bill-stage\/1","uri":"https:\/\/data.oireachtas.ie\/ie\/oireachtas\/bill\/2025\/26\/stage\/dail\/1"}},{"event":{"chamber":{"chamberCode":"dail","showAs":"D\u00e1il \u00c9ireann","uri":"https:\/\/data.oireachtas.ie\/ie\/oireachtas\/def\/house\/dail"},"dates":[{"date":"2025-05-21"}],"house":{"chamberCode":"dail","chamberType":"house","houseCode":"dail","houseNo":"34","showAs":"34th D\u00e1il","uri":"https:\/\/data.oireachtas.ie\/ie\/oireachtas\/house\/dail\/34"},"progressStage":2,"showAs":"Second Stage","stageCompleted":false,"stageOutcome":"Current","stageURI":"https:\/\/data.oireachtas.ie\/ie\/oireachtas\/def\/bill-stage\/2","uri":"https:\/\/data.oireachtas.ie\/ie\/oireachtas\/bill\/2025\/26\/stage\/dail\/2"}}],"status":"Current","statusURI":"https:\/\/data.oireachtas.ie\/ie\/oireachtas\/def\/bill-status\/published","uri":"https:\/\/data.oireachtas.ie\/ie\/oireachtas\/bill\/2025\/26","versions":[{"version":{"date":"2025-05-22","docType":"bill","formats":{"pdf":{"uri":"https:\/\/data.oireachtas.ie\/ie\/oireachtas\/bill\/2025\/26\/eng\/initiated\/b2625d.pdf"},"xml":null},"lang":"eng","showAs":"As Initiated","uri":"https:\/\/data.oireachtas.ie\/ie\/oireachtas\/bill\/2025\/26\/eng\/initiated"}}]},"billSort":{"actNoSort":null,"actShortTitleEnSort":null,"actShortTitleGaSort":null,"actYearSort":null,"billNoSort":26,"billShortTitleEnSort":"planning-and-development-exempted-development-external-wall-insulation-bill-2025","billShortTitleGaSort":"an-bille-um-pleanail-agus-forbairt-forbairt-dhiolmhaithe-insliu-ballai-seachtracha-2025","billYearSort":2025},"contextDate":"2025-05-21"},{"bill":{"act":null,"amendmentLists":[],"billNo":"25","billType":"Public","billTypeURI":"https:\/\/data.oireachtas.ie\/ie\/oireachtas\/def\/bill-type\/public","billYear":"2025","debates":[{"chamber":{"showAs":"D\u00e1il \u00c9ireann","uri":"https:\/\/data.oireachtas.ie\/ie\/oireachtas\/def\/house\/dail"},"date":"2025-10-01","debateSectionId":"dbsect_16","showAs":"Industrial Relations (Boycott of Joint Labour Committees) Bill 2025: Second Stage (Resumed) [Private Members]","uri":"https:\/\/data.oireachtas.ie\/akn\/ie\/debateRecord\/dail\/2025-10-01\/debate\/main"},{"chamber":{"showAs":"D\u00e1il \u00c9ireann","uri":"https:\/\/data.oireachtas.ie\/ie\/oireachtas\/def\/house\/dail"},"date":"2025-09-25","debateSectionId":"dbsect_45","showAs":"Industrial Relations (Boycott of Joint Labour Committees) Bill 2025: Second Stage [Private Members]","uri":"https:\/\/data.oireachtas.ie\/akn\/ie\/debateRecord\/dail\/2025-09-25\/debate\/main"},{"chamber":{"showAs":"D\u00e1il \u00c9ireann","uri":"https:\/\/data.oireachtas.ie\/ie\/oireachtas\/def\/house\/dail"},"date":"2025-05-21","debateSectionId":"dbsect_14","showAs":"Industrial Relations (Boycott of Joint Labour Committees) Bill 2025: First Stage","uri":"https:\/\/data.oireachtas.ie\/akn\/ie\/debateRecord\/dail\/2025-05-21\/debate\/main"}],"events":[{"event":{"chamber":{"chamberCode":"dail","showAs":"D\u00e1il \u00c9ireann","uri":"https:\/\/data.oireachtas.ie\/ie\/oireachtas\/def\/house\/dail"},"dates":[{"date":"2025-04-28"},{"date":"2025-05-21"},{"date":"2025-05-22"}],"eventURI":"https:\/\/data.oireachtas.ie\/ie\/oireachtas\/def\/bill-event\/admissibility-for-introduction","showAs":"Admissibility for Introduction","uri":"https:\/\/data.oireachtas.ie\/ie\/oireachtas\/bill\/2025\/25\/admissibility-for-introduction"}}],"lastUpdated":"2025-05-22T10:20:19.940000+00:00","longTitleEn":"<p>Bill entitled an Act to amend the provisions relating to the constitution of joint labour committees, so as to provide for cases where organisations of employers or of workers fail or refuse to engage in consultation with the Labour Court prior to the appointment of representative (employers) members or representative (workers) members, as the case may be; and to provide for connected matters.<\/p>","longTitleGa":"<p>Bille d\u00e1 ngairtear Acht do leas\u00fa na bhfor\u00e1lacha a bhaineann le comhdh\u00e9anamh comhchoist\u00ed oibreachais d\u2019fhonn socr\u00fa a dh\u00e9anamh maidir le c\u00e1sanna ina mainn\u00edonn n\u00f3 ina ndi\u00falta\u00edonn eagra\u00edochta\u00ed fost\u00f3ir\u00ed n\u00f3 eagra\u00edochta\u00ed oibrithe gabh\u00e1il do chomhchomhairli\u00fach\u00e1n leis an gC\u00fairt Oibreachais sula gceapfar comhalta\u00ed (fost\u00f3ir\u00ed) ionada\u00edocha n\u00f3 comhalta\u00ed (oibrithe) ionada\u00edocha, de r\u00e9ir mar a bheidh; agus do dh\u00e9anamh socr\u00fa i dtaobh nithe comhghaolmhara.<\/p>","method":"Introduced","methodURI":"https:\/\/data.oireachtas.ie\/ie\/oireachtas\/def\/bill-method\/introduced","mostRecentStage":{"event":{"chamber":{"chamberCode":"dail","showAs":"D\u00e1il \u00c9ireann","uri":"https:\/\/data.oireachtas.ie\/ie\/oireachtas\/def\/house\/dail"},"dates":[{"date":"2025-05-21"}],"house":{"chamberCode":"dail","chamberType":"house","houseCode":"dail","houseNo":"34","showAs":"34th D\u00e1il","uri":"https:\/\/data.oireachtas.ie\/ie\/oireachtas\/house\/dail\/34"},"progressStage":2,"showAs":"Second Stage","stageCompleted":false,"stageOutcome":"Current","stageURI":"https:\/\/data.oireachtas.ie\/ie\/oireachtas\/def\/bill-stage\/2","uri":"https:\/\/data.oireachtas.ie\/ie\/oireachtas\/bill\/2025\/25\/stage\/dail\/2"}},"originHouse":{"showAs":"D\u00e1il \u00c9ireann","uri":"https:\/\/data.oireachtas.ie\/ie\/oireachtas\/def\/house\/dail"},"originHouseURI":"https:\/\/data.oireachtas.ie\/ie\/oireachtas\/def\/house\/dail","relatedDocs":[{"relatedDoc":{"date":"2025-05-22","docType":"memo","formats":{"pdf":{"uri":"https:\/\/data.oireachtas.ie\/ie\/oireachtas\/bill\/2025\/25\/eng\/memo\/b2525d-memo.pdf"},"xml":null},"lang":"eng","showAs":"Explanatory Memorandum","uri":"https:\/\/data.oireachtas.ie\/ie\/oireachtas\/bill\/2025\/25\/eng\/memo"}}],"shortTitleEn":"Industrial Relations (Boycott of Joint Labour Committees) Bill 2025","shortTitleGa":"An Bille Caidrimh Thionscail (Baghcat ar Chomhchoist\u00ed Oibreachais), 2025","source":"Private Member","sourceURI":"https:\/\/data.oireachtas.ie\/ie\/oireachtas\/def\/bill-source\/private-member","sponsors":[{"sponsor":{"as":{"showAs":null,"uri":null},"by":{"showAs":"George Lawlor","uri":"https:\/\/data.oireachtas.ie\/ie\/oireachtas\/member\/id\/George-Lawlor.D.2024-11-29"},"isPrimary":true}}],"stages":[{"event":{"chamber":{"chamberCode":"dail","showAs":"D\u00e1il \u00c9ireann","uri":"https:\/\/data.oireachtas.ie\/ie\/oireachtas\/def\/house\/dail"},"dates":[{"date":"2025-04-28"},{"date":"2025-05-21"},{"date":"2025-05-21"},{"date":"2025-05-22"}],"house":{"chamberCode":"dail","chamberType":"house","houseCode":"dail","houseNo":"34","showAs":"34th D\u00e1il","uri":"https:\/\/data.oireachtas.ie\/ie\/oireachtas\/house\/dail\/34"},"progressStage":1,"showAs":"First Stage","stageCompleted":true,"stageOutcome":null,"stageURI":"https:\/\/data.oireachtas.ie\/ie\/oireachtas\/def\/bill-stage\/1","uri":"https:\/\/data.oireachtas.ie\/ie\/oireachtas\/bill\/2025\/25\/stage\/dail\/1"}},{"event":{"chamber":{"chamberCode":"dail","showAs":"D\u00e1il \u00c9ireann","uri":"https:\/\/data.oireachtas.ie\/ie\/oireachtas\/def\/house\/dail"},"dates":[{"date":"2025-05-21"}],"house":{"chamberCode":"dail","chamberType":"house","houseCode":"dail","houseNo":"34","showAs":"34th D\u00e1il","uri":"https:\/\/data.oireachtas.ie\/ie\/oireachtas\/house\/dail\/34"},"progressStage":2,"showAs":"Second Stage","stageCompleted":false,"stageOutcome":"Current","stageURI":"https:\/\/data.oireachtas.ie\/ie\/oireachtas\/def\/bill-stage\/2","uri":"https:\/\/data.oireachtas.ie\/ie\/oireachtas\/bill\/2025\/25\/stage\/dail\/2"}}],"status":"Current","statusURI":"https:\/\/data.oireachtas.ie\/ie\/oireachtas\/def\/bill-status\/published","uri":"https:\/\/data.oireachtas.ie\/ie\/oireachtas\/bill\/2025\/25","versions":[{"version":{"date":"2025-05-22","docType":"bill","formats":{"pdf":{"uri":"https:\/\/data.oireachtas.ie\/ie\/oireachtas\/bill\/2025\/25\/eng\/initiated\/b2525d.pdf"},"xml":null},"lang":"eng","showAs":"As Initiated","uri":"https:\/\/data.oireachtas.ie\/ie\/oireachtas\/bill\/2025\/25\/eng\/initiated"}}]},"billSort":{"actNoSort":null,"actShortTitleEnSort":null,"actShortTitleGaSort":null,"actYearSort":null,"billNoSort":25,"billShortTitleEnSort":"industrial-relations-boycott-of-joint-labour-committees-bill-2025","billShortTitleGaSort":"an-bille-caidrimh-thionscail-baghcat-ar-chomhchoisti-oibreachais-2025","billYearSort":2025},"contextDate":"2025-05-21"},{"bill":{"act":null,"amendmentLists":[],"billNo":"24","billType":"Public","billTypeURI":"https:\/\/data.oireachtas.ie\/ie\/oireachtas\/def\/bill-type\/public","billYear":"2025","debates":[{"chamber":{"showAs":"Seanad \u00c9ireann","uri":"https:\/\/data.oireachtas.ie\/ie\/oireachtas\/def\/house\/seanad"},"date":"2025-05-28","debateSectionId":"dbsect_17","showAs":"Dereliction and Building Regeneration Bill 2025: Second Stage","uri":"https:\/\/data.oireachtas.ie\/akn\/ie\/debateRecord\/seanad\/2025-05-28\/debate\/main"},{"chamber":{"showAs":"Seanad \u00c9ireann","uri":"https:\/\/data.oireachtas.ie\/ie\/oireachtas\/def\/house\/seanad"},"date":"2025-05-20","debateSectionId":"dbsect_10","showAs":"Dereliction and Building Regeneration Bill 2025: First Stage","uri":"https:\/\/data.oireachtas.ie\/akn\/ie\/debateRecord\/seanad\/2025-05-20\/debate\/main"}],"events":[{"event":{"chamber":{"chamberCode":"seanad","showAs":"Seanad \u00c9ireann","uri":"https:\/\/data.oireachtas.ie\/ie\/oireachtas\/def\/house\/seanad"},"dates":[{"date":"2025-05-13"},{"date":"2025-05-20"}],"eventURI":"https:\/\/data.oireachtas.ie\/ie\/oireachtas\/def\/bill-event\/admissibility-for-introduction","showAs":"Admissibility for Introduction","uri":"https:\/\/data.oireachtas.ie\/ie\/oireachtas\/bill\/2025\/24\/admissibility-for-introduction"}}],"lastUpdated":"2025-05-21T09:51:15.430000+00:00","longTitleEn":"<p style=\"margin-left:0cm;\">Bill entitled an Act to provide for identification, management, restoration and bringing back to use of derelict buildings and to simplify and expedite applications to refurbish or change the use of upper floors or \u2018over the shop\u2019 for residential use by establishing in each local authority a special planning and building control approval system to be called a Town Centre First application process.<\/p>","longTitleGa":"<p>Bille d\u00e1 ngairtear Acht do dh\u00e9anamh socr\u00fa maidir le foirgnimh thr\u00e9igthe a shainaithint, a bhainisti\u00fa, a aisiri\u00fa agus a chur \u00e1 n-\u00fas\u00e1id ar\u00eds agus do shimpli\u00fa agus do luath\u00fa iarratas chun url\u00e1ir uachtaracha n\u00f3 \u2018os cionn an tsiopa\u2019 a athfheisti\u00fa, n\u00f3 chun an \u00fas\u00e1id a bhaintear astu a athr\u00fa, le haghaidh \u00fas\u00e1id ch\u00f3naithe tr\u00ed ch\u00f3ras speisialta ceadaithe plean\u00e1la agus rialaithe foirgn\u00edochta a bhun\u00fa i ngach \u00fadar\u00e1s \u00e1iti\u00fail ar a dtabharfar pr\u00f3iseas iarratais um Th\u00fas \u00c1ite do L\u00e1r an Bhaile.<\/p>","method":"Introduced","methodURI":"https:\/\/data.oireachtas.ie\/ie\/oireachtas\/def\/bill-method\/introduced","mostRecentStage":{"event":{"chamber":{"chamberCode":"seanad","showAs":"Seanad \u00c9ireann","uri":"https:\/\/data.oireachtas.ie\/ie\/oireachtas\/def\/house\/seanad"},"dates":[{"date":"2025-05-20"}],"house":{"chamberCode":"seanad","chamberType":"house","houseCode":"seanad","houseNo":"27","showAs":"27th Seanad","uri":"https:\/\/data.oireachtas.ie\/ie\/oireachtas\/house\/seanad\/27"},"progressStage":2,"showAs":"Second Stage","stageCompleted":false,"stageOutcome":"Current","stageURI":"https:\/\/data.oireachtas.ie\/ie\/oireachtas\/def\/bill-stage\/2","uri":"https:\/\/data.oireachtas.ie\/ie\/oireachtas\/bill\/2025\/24\/stage\/seanad\/2"}},"originHouse":{"showAs":"Seanad \u00c9ireann","uri":"https:\/\/data.oireachtas.ie\/ie\/oireachtas\/def\/house\/seanad"},"originHouseURI":"https:\/\/data.oireachtas.ie\/ie\/oireachtas\/def\/house\/seanad","relatedDocs":[{"relatedDoc":{"date":"2025-05-20","docType":"memo","formats":{"pdf":{"uri":"https:\/\/data.oireachtas.ie\/ie\/oireachtas\/bill\/2025\/24\/eng\/memo\/b2425s-memo.pdf"},"xml":null},"lang":"eng","showAs":"Explanatory Memorandum","uri":"https:\/\/data.oireachtas.ie\/ie\/oireachtas\/bill\/2025\/24\/eng\/memo"}}],"shortTitleEn":"Dereliction and Building Regeneration Bill 2025","shortTitleGa":"An Bille um Fhoirgnimh Thr\u00e9igthe agus um Athbheochan Foirgneamh, 2025","source":"Private Member","sourceURI":"https:\/\/data.oireachtas.ie\/ie\/oireachtas\/def\/bill-source\/private-member","sponsors":[{"sponsor":{"as":{"showAs":null,"uri":null},"by":{"showAs":"Malcolm Noonan","uri":"https:\/\/data.oireachtas.ie\/ie\/oireachtas\/member\/id\/Malcolm-Noonan.D.2020-02-08"},"isPrimary":true}},{"sponsor":{"as":{"showAs":null,"uri":null},"by":{"showAs":"Nessa Cosgrove","uri":"https:\/\/data.oireachtas.ie\/ie\/oireachtas\/member\/id\/Nessa-Cosgrove.S.2025-01-29"},"isPrimary":false}},{"sponsor":{"as":{"showAs":null,"uri":null},"by":{"showAs":"Laura Harmon","uri":"https:\/\/data.oireachtas.ie\/ie\/oireachtas\/member\/id\/Laura-Harmon.S.2025-01-29"},"isPrimary":false}},{"sponsor":{"as":{"showAs":null,"uri":null},"by":{"showAs":"Patricia Stephenson","uri":"https:\/\/data.oireachtas.ie\/ie\/oireachtas\/member\/id\/Patricia-Stephenson.S.2025-01-29"},"isPrimary":false}}],"stages":[{"event":{"chamber":{"chamberCode":"seanad","showAs":"Seanad \u00c9ireann","uri":"https:\/\/data.oireachtas.ie\/ie\/oireachtas\/def\/house\/seanad"},"dates":[{"date":"2025-05-13"},{"date":"2025-05-20"},{"date":"2025-05-20"}],"house":{"chamberCode":"seanad","chamberType":"house","houseCode":"seanad","houseNo":"27","showAs":"27th Seanad","uri":"https:\/\/data.oireachtas.ie\/ie\/oireachtas\/house\/seanad\/27"},"progressStage":1,"showAs":"First Stage","stageCompleted":true,"stageOutcome":null,"stageURI":"https:\/\/data.oireachtas.ie\/ie\/oireachtas\/def\/bill-stage\/1","uri":"https:\/\/data.oireachtas.ie\/ie\/oireachtas\/bill\/2025\/24\/stage\/seanad\/1"}},{"event":{"chamber":{"chamberCode":"seanad","showAs":"Seanad \u00c9ireann","uri":"https:\/\/data.oireachtas.ie\/ie\/oireachtas\/def\/house\/seanad"},"dates":[{"date":"2025-05-20"}],"house":{"chamberCode":"seanad","chamberType":"house","houseCode":"seanad","houseNo":"27","showAs":"27th Seanad","uri":"https:\/\/data.oireachtas.ie\/ie\/oireachtas\/house\/seanad\/27"},"progressStage":2,"showAs":"Second Stage","stageCompleted":false,"stageOutcome":"Current","stageURI":"https:\/\/data.oireachtas.ie\/ie\/oireachtas\/def\/bill-stage\/2","uri":"https:\/\/data.oireachtas.ie\/ie\/oireachtas\/bill\/2025\/24\/stage\/seanad\/2"}}],"status":"Current","statusURI":"https:\/\/data.oireachtas.ie\/ie\/oireachtas\/def\/bill-status\/published","uri":"https:\/\/data.oireachtas.ie\/ie\/oireachtas\/bill\/2025\/24","versions":[{"version":{"date":"2025-05-20","docType":"bill","formats":{"pdf":{"uri":"https:\/\/data.oireachtas.ie\/ie\/oireachtas\/bill\/2025\/24\/eng\/initiated\/b2425s.pdf"},"xml":null},"lang":"eng","showAs":"As Initiated","uri":"https:\/\/data.oireachtas.ie\/ie\/oireachtas\/bill\/2025\/24\/eng\/initiated"}}]},"billSort":{"actNoSort":null,"actShortTitleEnSort":null,"actShortTitleGaSort":null,"actYearSort":null,"billNoSort":24,"billShortTitleEnSort":"dereliction-and-building-regeneration-bill-2025","billShortTitleGaSort":"an-bille-um-fhoirgnimh-threigthe-agus-um-athbheochan-foirgneamh-2025","billYearSort":2025},"contextDate":"2025-05-20"},{"bill":{"act":null,"amendmentLists":[],"billNo":"23","billType":"Public","billTypeURI":"https:\/\/data.oireachtas.ie\/ie\/oireachtas\/def\/bill-type\/public","billYear":"2025","debates":[{"chamber":{"showAs":"Seanad \u00c9ireann","uri":"https:\/\/data.oireachtas.ie\/ie\/oireachtas\/def\/house\/seanad"},"date":"2025-07-09","debateSectionId":"dbsect_13","showAs":"Pregnancy Loss (Miscellaneous Provisions) Bill 2025: Second Stage","uri":"https:\/\/data.oireachtas.ie\/akn\/ie\/debateRecord\/seanad\/2025-07-09\/debate\/main"},{"chamber":{"showAs":"Seanad \u00c9ireann","uri":"https:\/\/data.oireachtas.ie\/ie\/oireachtas\/def\/house\/seanad"},"date":"2025-05-20","debateSectionId":"dbsect_9","showAs":"Pregnancy Loss (Miscellaneous Provisions) Bill 2025: First Stage","uri":"https:\/\/data.oireachtas.ie\/akn\/ie\/debateRecord\/seanad\/2025-05-20\/debate\/main"}],"events":[{"event":{"chamber":{"chamberCode":"seanad","showAs":"Seanad \u00c9ireann","uri":"https:\/\/data.oireachtas.ie\/ie\/oireachtas\/def\/house\/seanad"},"dates":[{"date":"2025-05-08"},{"date":"2025-05-20"}],"eventURI":"https:\/\/data.oireachtas.ie\/ie\/oireachtas\/def\/bill-event\/admissibility-for-introduction","showAs":"Admissibility for Introduction","uri":"https:\/\/data.oireachtas.ie\/ie\/oireachtas\/bill\/2025\/23\/admissibility-for-introduction"}}],"lastUpdated":"2025-07-10T12:34:39.400000+00:00","longTitleEn":"<p style=\"text-align:justify;\">Bill entitled an Act to provide for a period of paid leave consequent upon the loss of a pregnancy and for that purpose to amend the Organisation of Working Time Act 1997, to extend the protection against unfair dismissals conferred by the Unfair Dismissals Acts 1977 to 2015, and to provide for the consequential amendment of certain other Acts. Furthermore, an Act to provide for matters including the establishment of a register relating to the record of pregnancy loss and the maintenance of this opt-in register of pregnancy loss, which shall be closed to searching by members of the public.<\/p>","longTitleGa":"<p>Bille d\u00e1 ngairtear Acht do dh\u00e9anamh socr\u00fa maidir le tr\u00e9imhse saoire le p\u00e1 de dhroim toircheas a chailli\u00faint agus, chun na cr\u00edche sin, do leas\u00fa an Achta um Eagr\u00fa Ama Oibre, 1997, do leathn\u00fa na cosanta ar dh\u00edfhost\u00fa \u00e9ag\u00f3rach a thugtar leis na hAchtanna um Dh\u00edfhost\u00fa \u00c9ag\u00f3rach, 1977 go 2015, agus do dh\u00e9anamh socr\u00fa maidir le leas\u00fa iarmhartach a dh\u00e9anamh ar Achtanna \u00e1irithe eile. Ina theannta sin, Acht do dh\u00e9anamh socr\u00fa maidir le nithe lena n-\u00e1ir\u00edtear cl\u00e1r a bhaineann leis an taifead ar chailli\u00faint toirchis a bhun\u00fa agus an cl\u00e1r roghnach sin um chailli\u00faint toirchis a chothabh\u00e1il, ar cl\u00e1r \u00e9 a bheidh d\u00fanta ar chuardach ag daoine den phobal.<\/p>","method":"Introduced","methodURI":"https:\/\/data.oireachtas.ie\/ie\/oireachtas\/def\/bill-method\/introduced","mostRecentStage":{"event":{"chamber":{"chamberCode":"seanad","showAs":"Seanad \u00c9ireann","uri":"https:\/\/data.oireachtas.ie\/ie\/oireachtas\/def\/house\/seanad"},"dates":[{"date":"2025-07-09"}],"house":{"chamberCode":"seanad","chamberType":"house","houseCode":"seanad","houseNo":"27","showAs":"27th Seanad","uri":"https:\/\/data.oireachtas.ie\/ie\/oireachtas\/house\/seanad\/27"},"progressStage":3,"showAs":"Committee Stage","stageCompleted":false,"stageOutcome":"Current","stageURI":"https:\/\/data.oireachtas.ie\/ie\/oireachtas\/def\/bill-stage\/3","uri":"https:\/\/data.oireachtas.ie\/ie\/oireachtas\/bill\/2025\/23\/stage\/seanad\/3"}},"originHouse":{"showAs":"Seanad \u00c9ireann","uri":"https:\/\/data.oireachtas.ie\/ie\/oireachtas\/def\/house\/seanad"},"originHouseURI":"https:\/\/data.oireachtas.ie\/ie\/oireachtas\/def\/house\/seanad","relatedDocs":[],"shortTitleEn":"Pregnancy Loss (Miscellaneous Provisions) Bill 2025","shortTitleGa":"An Bille um Chailli\u00faint Toirchis (For\u00e1lacha Ilghn\u00e9itheacha), 2025","source":"Private Member","sourceURI":"https:\/\/data.oireachtas.ie\/ie\/oireachtas\/def\/bill-source\/private-member","sponsors":[{"sponsor":{"as":{"showAs":null,"uri":null},"by":{"showAs":"Nicole Ryan","uri":"https:\/\/data.oireachtas.ie\/ie\/oireachtas\/member\/id\/Nicole-Ryan.S.2025-01-29"},"isPrimary":true}},{"sponsor":{"as":{"showAs":null,"uri":null},"by":{"showAs":"Maria McCormack","uri":"https:\/\/data.oireachtas.ie\/ie\/oireachtas\/member\/id\/Maria-McCormack.S.2025-01-29"},"isPrimary":false}},{"sponsor":{"as":{"showAs":null,"uri":null},"by":{"showAs":"Conor Murphy","uri":"https:\/\/data.oireachtas.ie\/ie\/oireachtas\/member\/id\/Conor-Murphy.S.2025-01-29"},"isPrimary":false}},{"sponsor":{"as":{"showAs":null,"uri":null},"by":{"showAs":"Joanne Collins","uri":"https:\/\/data.oireachtas.ie\/ie\/oireachtas\/member\/id\/Joanne-Collins.S.2025-01-29"},"isPrimary":false}},{"sponsor":{"as":{"showAs":null,"uri":null},"by":{"showAs":"Pauline Tully","uri":"https:\/\/data.oireachtas.ie\/ie\/oireachtas\/member\/id\/Pauline-Tully.D.2020-02-08"},"isPrimary":false}},{"sponsor":{"as":{"showAs":null,"uri":null},"by":{"showAs":"Chris Andrews","uri":"https:\/\/data.oireachtas.ie\/ie\/oireachtas\/member\/id\/Chris-Andrews.D.2007-06-14"},"isPrimary":false}}],"stages":[{"event":{"chamber":{"chamberCode":"seanad","showAs":"Seanad \u00c9ireann","uri":"https:\/\/data.oireachtas.ie\/ie\/oireachtas\/def\/house\/seanad"},"dates":[{"date":"2025-05-08"},{"date":"2025-05-20"},{"date":"2025-05-20"}],"house":{"chamberCode":"seanad","chamberType":"house","houseCode":"seanad","houseNo":"27","showAs":"27th Seanad","uri":"https:\/\/data.oireachtas.ie\/ie\/oireachtas\/house\/seanad\/27"},"progressStage":1,"showAs":"First Stage","stageCompleted":true,"stageOutcome":null,"stageURI":"https:\/\/data.oireachtas.ie\/ie\/oireachtas\/def\/bill-stage\/1","uri":"https:\/\/data.oireachtas.ie\/ie\/oireachtas\/bill\/2025\/23\/stage\/seanad\/1"}},{"event":{"chamber":{"chamberCode":"seanad","showAs":"Seanad \u00c9ireann","uri":"https:\/\/data.oireachtas.ie\/ie\/oireachtas\/def\/house\/seanad"},"dates":[{"date":"2025-05-20"}],"house":{"chamberCode":"seanad","chamberType":"house","houseCode":"seanad","houseNo":"27","showAs":"27th Seanad","uri":"https:\/\/data.oireachtas.ie\/ie\/oireachtas\/house\/seanad\/27"},"progressStage":2,"showAs":"Second Stage","stageCompleted":true,"stageOutcome":null,"stageURI":"https:\/\/data.oireachtas.ie\/ie\/oireachtas\/def\/bill-stage\/2","uri":"https:\/\/data.oireachtas.ie\/ie\/oireachtas\/bill\/2025\/23\/stage\/seanad\/2"}},{"event":{"chamber":{"chamberCode":"seanad","showAs":"Seanad \u00c9ireann","uri":"https:\/\/data.oireachtas.ie\/ie\/oireachtas\/def\/house\/seanad"},"dates":[{"date":"2025-07-09"}],"house":{"chamberCode":"seanad","chamberType":"house","houseCode":"seanad","houseNo":"27","showAs":"27th Seanad","uri":"https:\/\/data.oireachtas.ie\/ie\/oireachtas\/house\/seanad\/27"},"progressStage":3,"showAs":"Committee Stage","stageCompleted":false,"stageOutcome":"Current","stageURI":"https:\/\/data.oireachtas.ie\/ie\/oireachtas\/def\/bill-stage\/3","uri":"https:\/\/data.oireachtas.ie\/ie\/oireachtas\/bill\/2025\/23\/stage\/seanad\/3"}}],"status":"Current","statusURI":"https:\/\/data.oireachtas.ie\/ie\/oireachtas\/def\/bill-status\/published","uri":"https:\/\/data.oireachtas.ie\/ie\/oireachtas\/bill\/2025\/23","versions":[{"version":{"date":"2025-05-20","docType":"bill","formats":{"pdf":{"uri":"https:\/\/data.oireachtas.ie\/ie\/oireachtas\/bill\/2025\/23\/eng\/initiated\/b2325s.pdf"},"xml":null},"lang":"eng","showAs":"As Initiated","uri":"https:\/\/data.oireachtas.ie\/ie\/oireachtas\/bill\/2025\/23\/eng\/initiated"}}]},"billSort":{"actNoSort":null,"actShortTitleEnSort":null,"actShortTitleGaSort":null,"actYearSort":null,"billNoSort":23,"billShortTitleEnSort":"pregnancy-loss-miscellaneous-provisions-bill-2025","billShortTitleGaSort":"an-bille-um-chailliuint-toirchis-foralacha-ilghneitheacha-2025","billYearSort":2025},"contextDate":"2025-07-09"},{"bill":{"act":null,"amendmentLists":[],"billNo":"22","billType":"Public","billTypeURI":"https:\/\/data.oireachtas.ie\/ie\/oireachtas\/def\/bill-type\/public","billYear":"2025","debates":[{"chamber":{"showAs":"D\u00e1il \u00c9ireann","uri":"https:\/\/data.oireachtas.ie\/ie\/oireachtas\/def\/house\/dail"},"date":"2025-11-19","debateSectionId":"dbsect_45","showAs":"Forty-first Amendment of the Constitution (Reduction of Voting Age to Sixteen Years) Bill 2025: Second Stage (Resumed) [Private Members]","uri":"https:\/\/data.oireachtas.ie\/akn\/ie\/debateRecord\/dail\/2025-11-19\/debate\/main"},{"chamber":{"showAs":"D\u00e1il \u00c9ireann","uri":"https:\/\/data.oireachtas.ie\/ie\/oireachtas\/def\/house\/dail"},"date":"2025-11-13","debateSectionId":"dbsect_35","showAs":"Forty-first Amendment of the Constitution (Reduction of Voting Age to Sixteen Years) Bill 2025: Second Stage [Private Members]","uri":"https:\/\/data.oireachtas.ie\/akn\/ie\/debateRecord\/dail\/2025-11-13\/debate\/main"},{"chamber":{"showAs":"D\u00e1il \u00c9ireann","uri":"https:\/\/data.oireachtas.ie\/ie\/oireachtas\/def\/house\/dail"},"date":"2025-05-20","debateSectionId":"dbsect_8","showAs":"An Bille um an Aon\u00fa Leas\u00fa is Daichead ar an mBunreacht (An Aois V\u00f3t\u00e1la a Laghd\u00fa go S\u00e9 Bliana D\u00e9ag), 2025: An Ch\u00e9ad Ch\u00e9im","uri":"https:\/\/data.oireachtas.ie\/akn\/ie\/debateRecord\/dail\/2025-05-20\/debate\/main"},{"chamber":{"showAs":"D\u00e1il \u00c9ireann","uri":"https:\/\/data.oireachtas.ie\/ie\/oireachtas\/def\/house\/dail"},"date":"2025-05-20","debateSectionId":"dbsect_9","showAs":"Forty-first Amendment of the Constitution (Reduction of Voting Age to Sixteen Years) Bill 2025: First Stage","uri":"https:\/\/data.oireachtas.ie\/akn\/ie\/debateRecord\/dail\/2025-05-20\/debate\/main"}],"events":[{"event":{"chamber":{"chamberCode":"dail","showAs":"D\u00e1il \u00c9ireann","uri":"https:\/\/data.oireachtas.ie\/ie\/oireachtas\/def\/house\/dail"},"dates":[{"date":"2025-04-16"},{"date":"2025-04-16"},{"date":"2025-05-20"}],"eventURI":"https:\/\/data.oireachtas.ie\/ie\/oireachtas\/def\/bill-event\/approved-for-initiation","showAs":"Approved for Initiation","uri":"https:\/\/data.oireachtas.ie\/ie\/oireachtas\/bill\/2025\/22\/approved-for-initiation"}}],"lastUpdated":"2025-11-13T15:52:21.940000+00:00","longTitleEn":"<p>Bill entitled an Act to amend the Constitution.<\/p>","longTitleGa":"<p>Bille d\u00e1 ngairtear Acht chun an Bunreacht a leas\u00fa.<\/p>","method":"Introduced","methodURI":"https:\/\/data.oireachtas.ie\/ie\/oireachtas\/def\/bill-method\/introduced","mostRecentStage":{"event":{"chamber":{"chamberCode":"dail","showAs":"D\u00e1il \u00c9ireann","uri":"https:\/\/data.oireachtas.ie\/ie\/oireachtas\/def\/house\/dail"},"dates":[{"date":"2025-05-20"},{"date":"2025-05-20"}],"house":{"chamberCode":"dail","chamberType":"house","houseCode":"dail","houseNo":"34","showAs":"34th D\u00e1il","uri":"https:\/\/data.oireachtas.ie\/ie\/oireachtas\/house\/dail\/34"},"progressStage":2,"showAs":"Second Stage","stageCompleted":false,"stageOutcome":"Current","stageURI":"https:\/\/data.oireachtas.ie\/ie\/oireachtas\/def\/bill-stage\/2","uri":"https:\/\/data.oireachtas.ie\/ie\/oireachtas\/bill\/2025\/22\/stage\/dail\/2"}},"originHouse":{"showAs":"D\u00e1il \u00c9ireann","uri":"https:\/\/data.oireachtas.ie\/ie\/oireachtas\/def\/house\/dail"},"originHouseURI":"https:\/\/data.oireachtas.ie\/ie\/oireachtas\/def\/house\/dail","relatedDocs":[{"relatedDoc":{"date":"2025-05-20","docType":"memo","formats":{"pdf":{"uri":"https:\/\/data.oireachtas.ie\/ie\/oireachtas\/bill\/2025\/22\/mul\/memo\/b2225d-memo.pdf"},"xml":null},"lang":"mul","showAs":"Explanatory Memorandum","uri":"https:\/\/data.oireachtas.ie\/ie\/oireachtas\/bill\/2025\/22\/mul\/memo"}}],"shortTitleEn":"Forty-first Amendment of the Constitution (Reduction of Voting Age to Sixteen Years) Bill 2025","shortTitleGa":"An Bille um an Aon\u00fa Leas\u00fa is Daichead ar an mBunreacht (An Aois V\u00f3t\u00e1la a Laghd\u00fa go S\u00e9 Bliana D\u00e9ag), 2025","source":"Private Member","sourceURI":"https:\/\/data.oireachtas.ie\/ie\/oireachtas\/def\/bill-source\/private-member","sponsors":[{"sponsor":{"as":{"showAs":null,"uri":null},"by":{"showAs":"Aidan Farrelly","uri":"https:\/\/data.oireachtas.ie\/ie\/oireachtas\/member\/id\/Aidan-Farrelly.D.2024-11-29"},"isPrimary":true}}],"stages":[{"event":{"chamber":{"chamberCode":"dail","showAs":"D\u00e1il \u00c9ireann","uri":"https:\/\/data.oireachtas.ie\/ie\/oireachtas\/def\/house\/dail"},"dates":[{"date":"2025-04-16"},{"date":"2025-04-16"},{"date":"2025-05-20"},{"date":"2025-05-20"}],"house":{"chamberCode":"dail","chamberType":"house","houseCode":"dail","houseNo":"34","showAs":"34th D\u00e1il","uri":"https:\/\/data.oireachtas.ie\/ie\/oireachtas\/house\/dail\/34"},"progressStage":1,"showAs":"First Stage","stageCompleted":true,"stageOutcome":null,"stageURI":"https:\/\/data.oireachtas.ie\/ie\/oireachtas\/def\/bill-stage\/1","uri":"https:\/\/data.oireachtas.ie\/ie\/oireachtas\/bill\/2025\/22\/stage\/dail\/1"}},{"event":{"chamber":{"chamberCode":"dail","showAs":"D\u00e1il \u00c9ireann","uri":"https:\/\/data.oireachtas.ie\/ie\/oireachtas\/def\/house\/dail"},"dates":[{"date":"2025-05-20"},{"date":"2025-05-20"}],"house":{"chamberCode":"dail","chamberType":"house","houseCode":"dail","houseNo":"34","showAs":"34th D\u00e1il","uri":"https:\/\/data.oireachtas.ie\/ie\/oireachtas\/house\/dail\/34"},"progressStage":2,"showAs":"Second Stage","stageCompleted":false,"stageOutcome":"Current","stageURI":"https:\/\/data.oireachtas.ie\/ie\/oireachtas\/def\/bill-stage\/2","uri":"https:\/\/data.oireachtas.ie\/ie\/oireachtas\/bill\/2025\/22\/stage\/dail\/2"}}],"status":"Current","statusURI":"https:\/\/data.oireachtas.ie\/ie\/oireachtas\/def\/bill-status\/published","uri":"https:\/\/data.oireachtas.ie\/ie\/oireachtas\/bill\/2025\/22","versions":[{"version":{"date":"2025-05-20","docType":"bill","formats":{"pdf":{"uri":"https:\/\/data.oireachtas.ie\/ie\/oireachtas\/bill\/2025\/22\/mul\/initiated\/b2225d.pdf"},"xml":null},"lang":"mul","showAs":"As Initiated","uri":"https:\/\/data.oireachtas.ie\/ie\/oireachtas\/bill\/2025\/22\/mul\/initiated"}}]},"billSort":{"actNoSort":null,"actShortTitleEnSort":null,"actShortTitleGaSort":null,"actYearSort":null,"billNoSort":22,"billShortTitleEnSort":"forty-first-amendment-of-the-constitution-reduction-of-voting-age-to-sixteen-years-bill-2025","billShortTitleGaSort":"an-bille-um-an-aonu-leasu-is-daichead-ar-an-mbunreacht-an-aois-votala-a-laghdu-go-se-bliana-deag-2025","billYearSort":2025},"contextDate":"2025-05-20"},{"bill":{"act":null,"amendmentLists":[],"billNo":"21","billType":"Public","billTypeURI":"https:\/\/data.oireachtas.ie\/ie\/oireachtas\/def\/bill-type\/public","billYear":"2025","debates":[{"chamber":{"showAs":"D\u00e1il \u00c9ireann","uri":"https:\/\/data.oireachtas.ie\/ie\/oireachtas\/def\/house\/dail"},"date":"2025-05-14","debateSectionId":"dbsect_13","showAs":"Water Services (Amendment) Bill 2025: First Stage","uri":"https:\/\/data.oireachtas.ie\/akn\/ie\/debateRecord\/dail\/2025-05-14\/debate\/main"}],"events":[{"event":{"chamber":{"chamberCode":"dail","showAs":"D\u00e1il \u00c9ireann","uri":"https:\/\/data.oireachtas.ie\/ie\/oireachtas\/def\/house\/dail"},"dates":[{"date":"2025-03-21"},{"date":"2025-03-21"},{"date":"2025-05-14"}],"eventURI":"https:\/\/data.oireachtas.ie\/ie\/oireachtas\/def\/bill-event\/approved-for-initiation","showAs":"Approved for Initiation","uri":"https:\/\/data.oireachtas.ie\/ie\/oireachtas\/bill\/2025\/21\/approved-for-initiation"}}],"lastUpdated":"2025-05-15T08:55:13.540000+00:00","longTitleEn":"<p>Bill entitled an Act to amend the Water Services (No. 2) Act 2013 to give the Commission for the Regulation of Utilities (CRU) the legislative remit to develop a code of practice for water service outages and to amend the Water Services Act 2014 to establish a dispute resolution mechanism for customer complaints regarding service interruptions and outages.<\/p>\n","longTitleGa":"<p>Bille d\u00e1 ngairtear Acht do leas\u00fa an Achta um Sheirbh\u00eds\u00ed Uisce (Uimh. 2), 2013 chun go dtabharfar don Choimisi\u00fan um Rial\u00e1il F\u00f3ntais (CRF) an sainch\u00faram reachtach chun c\u00f3d cleachtais le haghaidh \u00e9artha\u00ed seirbh\u00edse uisce a fhorbairt, agus do leas\u00fa an Achta um Sheirbh\u00eds\u00ed Uisce, 2014 chun s\u00e1sra um r\u00e9iteach d\u00edosp\u00f3id\u00ed a bhun\u00fa le haghaidh gear\u00e1in \u00f3 chustaim\u00e9ir\u00ed i nd\u00e1il le hidirbhristeacha sa tseirbh\u00eds agus \u00e9artha\u00ed seirbh\u00edse.<\/p>\n","method":"Introduced","methodURI":"https:\/\/data.oireachtas.ie\/ie\/oireachtas\/def\/bill-method\/introduced","mostRecentStage":{"event":{"chamber":{"chamberCode":"dail","showAs":"D\u00e1il \u00c9ireann","uri":"https:\/\/data.oireachtas.ie\/ie\/oireachtas\/def\/house\/dail"},"dates":[{"date":"2025-05-14"}],"house":{"chamberCode":"dail","chamberType":"house","houseCode":"dail","houseNo":"34","showAs":"34th D\u00e1il","uri":"https:\/\/data.oireachtas.ie\/ie\/oireachtas\/house\/dail\/34"},"progressStage":2,"showAs":"Second Stage","stageCompleted":false,"stageOutcome":"Current","stageURI":"https:\/\/data.oireachtas.ie\/ie\/oireachtas\/def\/bill-stage\/2","uri":"https:\/\/data.oireachtas.ie\/ie\/oireachtas\/bill\/2025\/21\/stage\/dail\/2"}},"originHouse":{"showAs":"D\u00e1il \u00c9ireann","uri":"https:\/\/data.oireachtas.ie\/ie\/oireachtas\/def\/house\/dail"},"originHouseURI":"https:\/\/data.oireachtas.ie\/ie\/oireachtas\/def\/house\/dail","relatedDocs":[{"relatedDoc":{"date":"2025-05-14","docType":"memo","formats":{"pdf":{"uri":"https:\/\/data.oireachtas.ie\/ie\/oireachtas\/bill\/2025\/21\/eng\/memo\/b2125d-memo.pdf"},"xml":null},"lang":"eng","showAs":"Explanatory Memorandum","uri":"https:\/\/data.oireachtas.ie\/ie\/oireachtas\/bill\/2025\/21\/eng\/memo"}}],"shortTitleEn":"Water Services (Amendment) Bill 2025","shortTitleGa":"An Bille um Sheirbh\u00eds\u00ed Uisce (Leas\u00fa), 2025","source":"Private Member","sourceURI":"https:\/\/data.oireachtas.ie\/ie\/oireachtas\/def\/bill-source\/private-member","sponsors":[{"sponsor":{"as":{"showAs":null,"uri":null},"by":{"showAs":"Darren O'Rourke","uri":"https:\/\/data.oireachtas.ie\/ie\/oireachtas\/member\/id\/Darren-O'Rourke.D.2020-02-08"},"isPrimary":true}},{"sponsor":{"as":{"showAs":null,"uri":null},"by":{"showAs":"Eoin \u00d3 Broin","uri":"https:\/\/data.oireachtas.ie\/ie\/oireachtas\/member\/id\/Eoin-\u00d3-Broin.D.2016-10-03"},"isPrimary":false}},{"sponsor":{"as":{"showAs":null,"uri":null},"by":{"showAs":"Thomas Gould","uri":"https:\/\/data.oireachtas.ie\/ie\/oireachtas\/member\/id\/Thomas-Gould.D.2020-02-08"},"isPrimary":false}},{"sponsor":{"as":{"showAs":null,"uri":null},"by":{"showAs":"Johnny Guirke","uri":"https:\/\/data.oireachtas.ie\/ie\/oireachtas\/member\/id\/Johnny-Guirke.D.2020-02-08"},"isPrimary":false}}],"stages":[{"event":{"chamber":{"chamberCode":"dail","showAs":"D\u00e1il \u00c9ireann","uri":"https:\/\/data.oireachtas.ie\/ie\/oireachtas\/def\/house\/dail"},"dates":[{"date":"2025-03-21"},{"date":"2025-03-21"},{"date":"2025-05-14"},{"date":"2025-05-14"}],"house":{"chamberCode":"dail","chamberType":"house","houseCode":"dail","houseNo":"34","showAs":"34th D\u00e1il","uri":"https:\/\/data.oireachtas.ie\/ie\/oireachtas\/house\/dail\/34"},"progressStage":1,"showAs":"First Stage","stageCompleted":true,"stageOutcome":null,"stageURI":"https:\/\/data.oireachtas.ie\/ie\/oireachtas\/def\/bill-stage\/1","uri":"https:\/\/data.oireachtas.ie\/ie\/oireachtas\/bill\/2025\/21\/stage\/dail\/1"}},{"event":{"chamber":{"chamberCode":"dail","showAs":"D\u00e1il \u00c9ireann","uri":"https:\/\/data.oireachtas.ie\/ie\/oireachtas\/def\/house\/dail"},"dates":[{"date":"2025-05-14"}],"house":{"chamberCode":"dail","chamberType":"house","houseCode":"dail","houseNo":"34","showAs":"34th D\u00e1il","uri":"https:\/\/data.oireachtas.ie\/ie\/oireachtas\/house\/dail\/34"},"progressStage":2,"showAs":"Second Stage","stageCompleted":false,"stageOutcome":"Current","stageURI":"https:\/\/data.oireachtas.ie\/ie\/oireachtas\/def\/bill-stage\/2","uri":"https:\/\/data.oireachtas.ie\/ie\/oireachtas\/bill\/2025\/21\/stage\/dail\/2"}}],"status":"Current","statusURI":"https:\/\/data.oireachtas.ie\/ie\/oireachtas\/def\/bill-status\/published","uri":"https:\/\/data.oireachtas.ie\/ie\/oireachtas\/bill\/2025\/21","versions":[{"version":{"date":"2025-05-14","docType":"bill","formats":{"pdf":{"uri":"https:\/\/data.oireachtas.ie\/ie\/oireachtas\/bill\/2025\/21\/eng\/initiated\/b2125d.pdf"},"xml":null},"lang":"eng","showAs":"As Initiated","uri":"https:\/\/data.oireachtas.ie\/ie\/oireachtas\/bill\/2025\/21\/eng\/initiated"}}]},"billSort":{"actNoSort":null,"actShortTitleEnSort":null,"actShortTitleGaSort":null,"actYearSort":null,"billNoSort":21,"billShortTitleEnSort":"water-services-amendment-bill-2025","billShortTitleGaSort":"an-bille-um-sheirbhisi-uisce-leasu-2025","billYearSort":2025},"contextDate":"2025-05-14"},{"bill":{"act":null,"amendmentLists":[],"billNo":"20","billType":"Public","billTypeURI":"https:\/\/data.oireachtas.ie\/ie\/oireachtas\/def\/bill-type\/public","billYear":"2025","debates":[{"chamber":{"showAs":"Seanad \u00c9ireann","uri":"https:\/\/data.oireachtas.ie\/ie\/oireachtas\/def\/house\/seanad"},"date":"2025-05-21","debateSectionId":"dbsect_11","showAs":"Equality (Miscellaneous Provisions) Bill 2025: Second Stage","uri":"https:\/\/data.oireachtas.ie\/akn\/ie\/debateRecord\/seanad\/2025-05-21\/debate\/main"},{"chamber":{"showAs":"Seanad \u00c9ireann","uri":"https:\/\/data.oireachtas.ie\/ie\/oireachtas\/def\/house\/seanad"},"date":"2025-05-13","debateSectionId":"dbsect_10","showAs":"Equality (Miscellaneous Provisions) Bill 2025: First Stage","uri":"https:\/\/data.oireachtas.ie\/akn\/ie\/debateRecord\/seanad\/2025-05-13\/debate\/main"}],"events":[{"event":{"chamber":{"chamberCode":"seanad","showAs":"Seanad \u00c9ireann","uri":"https:\/\/data.oireachtas.ie\/ie\/oireachtas\/def\/house\/seanad"},"dates":[{"date":"2025-03-31"},{"date":"2025-05-13"}],"eventURI":"https:\/\/data.oireachtas.ie\/ie\/oireachtas\/def\/bill-event\/admissibility-for-introduction","showAs":"Admissibility for Introduction","uri":"https:\/\/data.oireachtas.ie\/ie\/oireachtas\/bill\/2025\/20\/admissibility-for-introduction"}}],"lastUpdated":"2025-05-14T09:43:39.080000+00:00","longTitleEn":"<p>Bill entitled an Act to provide for prohibiting discrimination on the basis of a person\u2019s socio-economic disadvantaged background, for those purposes to amend the Employment Equality Act 1998 and the Equal Status Act 2000; and to provide for related matters.<\/p>","longTitleGa":"<p>Bille d\u00e1 ngairtear Acht do dh\u00e9anamh socr\u00fa maidir le toirmeasc a chur le hidirdheal\u00fa ar bhonn c\u00falra socheacnama\u00edoch faoi mh\u00edbhunt\u00e1iste a bheith ag duine, chun na gcr\u00edoch sin do leas\u00fa an Achta um Chomhionannas Fosta\u00edochta, 1998 agus an Achta um St\u00e1das Comhionann, 2000; agus do dh\u00e9anamh socr\u00fa i dtaobh nithe gaolmhara.<\/p>","method":"Introduced","methodURI":"https:\/\/data.oireachtas.ie\/ie\/oireachtas\/def\/bill-method\/introduced","mostRecentStage":{"event":{"chamber":{"chamberCode":"seanad","showAs":"Seanad \u00c9ireann","uri":"https:\/\/data.oireachtas.ie\/ie\/oireachtas\/def\/house\/seanad"},"dates":[{"date":"2025-05-13"}],"house":{"chamberCode":"seanad","chamberType":"house","houseCode":"seanad","houseNo":"27","showAs":"27th Seanad","uri":"https:\/\/data.oireachtas.ie\/ie\/oireachtas\/house\/seanad\/27"},"progressStage":2,"showAs":"Second Stage","stageCompleted":false,"stageOutcome":"Current","stageURI":"https:\/\/data.oireachtas.ie\/ie\/oireachtas\/def\/bill-stage\/2","uri":"https:\/\/data.oireachtas.ie\/ie\/oireachtas\/bill\/2025\/20\/stage\/seanad\/2"}},"originHouse":{"showAs":"Seanad \u00c9ireann","uri":"https:\/\/data.oireachtas.ie\/ie\/oireachtas\/def\/house\/seanad"},"originHouseURI":"https:\/\/data.oireachtas.ie\/ie\/oireachtas\/def\/house\/seanad","relatedDocs":[{"relatedDoc":{"date":"2025-05-13","docType":"memo","formats":{"pdf":{"uri":"https:\/\/data.oireachtas.ie\/ie\/oireachtas\/bill\/2025\/20\/eng\/memo\/b2025s-memo.pdf"},"xml":null},"lang":"eng","showAs":"Explanatory Memorandum","uri":"https:\/\/data.oireachtas.ie\/ie\/oireachtas\/bill\/2025\/20\/eng\/memo"}}],"shortTitleEn":"Equality (Miscellaneous Provisions) Bill 2025","shortTitleGa":"An Bille um Chomhionannas (For\u00e1lacha Ilghn\u00e9itheacha), 2025","source":"Private Member","sourceURI":"https:\/\/data.oireachtas.ie\/ie\/oireachtas\/def\/bill-source\/private-member","sponsors":[{"sponsor":{"as":{"showAs":null,"uri":null},"by":{"showAs":"Conor Murphy","uri":"https:\/\/data.oireachtas.ie\/ie\/oireachtas\/member\/id\/Conor-Murphy.S.2025-01-29"},"isPrimary":false}},{"sponsor":{"as":{"showAs":null,"uri":null},"by":{"showAs":"Joanne Collins","uri":"https:\/\/data.oireachtas.ie\/ie\/oireachtas\/member\/id\/Joanne-Collins.S.2025-01-29"},"isPrimary":false}},{"sponsor":{"as":{"showAs":null,"uri":null},"by":{"showAs":"Pauline Tully","uri":"https:\/\/data.oireachtas.ie\/ie\/oireachtas\/member\/id\/Pauline-Tully.D.2020-02-08"},"isPrimary":false}},{"sponsor":{"as":{"showAs":null,"uri":null},"by":{"showAs":"Chris Andrews","uri":"https:\/\/data.oireachtas.ie\/ie\/oireachtas\/member\/id\/Chris-Andrews.D.2007-06-14"},"isPrimary":true}},{"sponsor":{"as":{"showAs":null,"uri":null},"by":{"showAs":"Nicole Ryan","uri":"https:\/\/data.oireachtas.ie\/ie\/oireachtas\/member\/id\/Nicole-Ryan.S.2025-01-29"},"isPrimary":false}},{"sponsor":{"as":{"showAs":null,"uri":null},"by":{"showAs":"Maria McCormack","uri":"https:\/\/data.oireachtas.ie\/ie\/oireachtas\/member\/id\/Maria-McCormack.S.2025-01-29"},"isPrimary":false}}],"stages":[{"event":{"chamber":{"chamberCode":"seanad","showAs":"Seanad \u00c9ireann","uri":"https:\/\/data.oireachtas.ie\/ie\/oireachtas\/def\/house\/seanad"},"dates":[{"date":"2025-03-31"},{"date":"2025-05-13"},{"date":"2025-05-13"}],"house":{"chamberCode":"seanad","chamberType":"house","houseCode":"seanad","houseNo":"27","showAs":"27th Seanad","uri":"https:\/\/data.oireachtas.ie\/ie\/oireachtas\/house\/seanad\/27"},"progressStage":1,"showAs":"First Stage","stageCompleted":true,"stageOutcome":null,"stageURI":"https:\/\/data.oireachtas.ie\/ie\/oireachtas\/def\/bill-stage\/1","uri":"https:\/\/data.oireachtas.ie\/ie\/oireachtas\/bill\/2025\/20\/stage\/seanad\/1"}},{"event":{"chamber":{"chamberCode":"seanad","showAs":"Seanad \u00c9ireann","uri":"https:\/\/data.oireachtas.ie\/ie\/oireachtas\/def\/house\/seanad"},"dates":[{"date":"2025-05-13"}],"house":{"chamberCode":"seanad","chamberType":"house","houseCode":"seanad","houseNo":"27","showAs":"27th Seanad","uri":"https:\/\/data.oireachtas.ie\/ie\/oireachtas\/house\/seanad\/27"},"progressStage":2,"showAs":"Second Stage","stageCompleted":false,"stageOutcome":"Current","stageURI":"https:\/\/data.oireachtas.ie\/ie\/oireachtas\/def\/bill-stage\/2","uri":"https:\/\/data.oireachtas.ie\/ie\/oireachtas\/bill\/2025\/20\/stage\/seanad\/2"}}],"status":"Current","statusURI":"https:\/\/data.oireachtas.ie\/ie\/oireachtas\/def\/bill-status\/published","uri":"https:\/\/data.oireachtas.ie\/ie\/oireachtas\/bill\/2025\/20","versions":[{"version":{"date":"2025-05-13","docType":"bill","formats":{"pdf":{"uri":"https:\/\/data.oireachtas.ie\/ie\/oireachtas\/bill\/2025\/20\/eng\/initiated\/b2025s.pdf"},"xml":null},"lang":"eng","showAs":"As Initiated","uri":"https:\/\/data.oireachtas.ie\/ie\/oireachtas\/bill\/2025\/20\/eng\/initiated"}}]},"billSort":{"actNoSort":null,"actShortTitleEnSort":null,"actShortTitleGaSort":null,"actYearSort":null,"billNoSort":20,"billShortTitleEnSort":"equality-miscellaneous-provisions-bill-2025","billShortTitleGaSort":"an-bille-um-chomhionannas-foralacha-ilghneitheacha-2025","billYearSort":2025},"contextDate":"2025-05-13"},{"bill":{"act":null,"amendmentLists":[],"billNo":"19","billType":"Public","billTypeURI":"https:\/\/data.oireachtas.ie\/ie\/oireachtas\/def\/bill-type\/public","billYear":"2025","debates":[{"chamber":{"showAs":"Seanad \u00c9ireann","uri":"https:\/\/data.oireachtas.ie\/ie\/oireachtas\/def\/house\/seanad"},"date":"2025-05-14","debateSectionId":"dbsect_13","showAs":"Public Health (Restriction on Sale of Stimulant Drinks to Children) Bill 2025: Second Stage","uri":"https:\/\/data.oireachtas.ie\/akn\/ie\/debateRecord\/seanad\/2025-05-14\/debate\/main"},{"chamber":{"showAs":"Seanad \u00c9ireann","uri":"https:\/\/data.oireachtas.ie\/ie\/oireachtas\/def\/house\/seanad"},"date":"2025-05-08","debateSectionId":"dbsect_11","showAs":"Public Health (Restriction on Sale of Stimulant Drinks to Children) Bill 2025: First Stage","uri":"https:\/\/data.oireachtas.ie\/akn\/ie\/debateRecord\/seanad\/2025-05-08\/debate\/main"}],"events":[{"event":{"chamber":{"chamberCode":"seanad","showAs":"Seanad \u00c9ireann","uri":"https:\/\/data.oireachtas.ie\/ie\/oireachtas\/def\/house\/seanad"},"dates":[{"date":"2025-04-28"},{"date":"2025-05-08"}],"eventURI":"https:\/\/data.oireachtas.ie\/ie\/oireachtas\/def\/bill-event\/admissibility-for-introduction","showAs":"Admissibility for Introduction","uri":"https:\/\/data.oireachtas.ie\/ie\/oireachtas\/bill\/2025\/19\/admissibility-for-introduction"}}],"lastUpdated":"2025-05-09T09:22:13.820000+00:00","longTitleEn":"<p>Bill entitled an Act to regulate the sale, advertisement or promotion of the use of stimulant drinks to children, to prohibit the sale of stimulant drinks to persons under 18 years of age; to provide for health warnings on drink labelling to the general public on the effect to a person\u2019s health of the excessive consumption or use of stimulant drink products and to provide for related matters.<\/p>","longTitleGa":"<p>Bille d\u00e1 ngairtear Acht do dh\u00e9anamh rial\u00e1il ar dheochanna spreagthacha a dh\u00edol le leana\u00ed n\u00f3 a fh\u00f3gairt do leana\u00ed, n\u00f3 ar \u00fas\u00e1id deochanna spreagthacha a chur chun cinn do leana\u00ed, do thoirmeasc deochanna spreagthacha a dh\u00edol le daoine faoi bhun 18 mbliana d\u2019aois; do dh\u00e9anamh socr\u00fa maidir le rabhaidh shl\u00e1inte don phobal i gcoitinne a bheith ar lip\u00e9ad\u00fa deochanna faoin \u00e9ifeacht at\u00e1 ag r\u00f3-\u00f3l n\u00f3 r\u00f3-\u00fas\u00e1id t\u00e1irg\u00ed deochanna spreagthacha ar shl\u00e1inte duine, agus do dh\u00e9anamh socr\u00fa i dtaobh nithe gaolmhara.<\/p>","method":"Introduced","methodURI":"https:\/\/data.oireachtas.ie\/ie\/oireachtas\/def\/bill-method\/introduced","mostRecentStage":{"event":{"chamber":{"chamberCode":"seanad","showAs":"Seanad \u00c9ireann","uri":"https:\/\/data.oireachtas.ie\/ie\/oireachtas\/def\/house\/seanad"},"dates":[{"date":"2025-05-08"}],"house":{"chamberCode":"seanad","chamberType":"house","houseCode":"seanad","houseNo":"27","showAs":"27th Seanad","uri":"https:\/\/data.oireachtas.ie\/ie\/oireachtas\/house\/seanad\/27"},"progressStage":2,"showAs":"Second Stage","stageCompleted":false,"stageOutcome":"Current","stageURI":"https:\/\/data.oireachtas.ie\/ie\/oireachtas\/def\/bill-stage\/2","uri":"https:\/\/data.oireachtas.ie\/ie\/oireachtas\/bill\/2025\/19\/stage\/seanad\/2"}},"originHouse":{"showAs":"Seanad \u00c9ireann","uri":"https:\/\/data.oireachtas.ie\/ie\/oireachtas\/def\/house\/seanad"},"originHouseURI":"https:\/\/data.oireachtas.ie\/ie\/oireachtas\/def\/house\/seanad","relatedDocs":[{"relatedDoc":{"date":"2025-05-08","docType":"memo","formats":{"pdf":{"uri":"https:\/\/data.oireachtas.ie\/ie\/oireachtas\/bill\/2025\/19\/eng\/memo\/b1925s-memo.pdf"},"xml":null},"lang":"eng","showAs":"Explanatory Memorandum","uri":"https:\/\/data.oireachtas.ie\/ie\/oireachtas\/bill\/2025\/19\/eng\/memo"}}],"shortTitleEn":"Public Health (Restriction on Sale of Stimulant Drinks to Children) Bill 2025","shortTitleGa":"An Bille Sl\u00e1inte Poibl\u00ed (Srian le Deochanna Spreagthacha a Dh\u00edol le Leana\u00ed), 2025 ","source":"Private Member","sourceURI":"https:\/\/data.oireachtas.ie\/ie\/oireachtas\/def\/bill-source\/private-member","sponsors":[{"sponsor":{"as":{"showAs":null,"uri":null},"by":{"showAs":"Sharon Keogan","uri":"https:\/\/data.oireachtas.ie\/ie\/oireachtas\/member\/id\/Sharon-Keogan.S.2020-03-30"},"isPrimary":true}},{"sponsor":{"as":{"showAs":null,"uri":null},"by":{"showAs":"Sarah O'Reilly","uri":"https:\/\/data.oireachtas.ie\/ie\/oireachtas\/member\/id\/Sarah-O'Reilly.S.2025-01-29"},"isPrimary":false}},{"sponsor":{"as":{"showAs":null,"uri":null},"by":{"showAs":"R\u00f3n\u00e1n Mullen","uri":"https:\/\/data.oireachtas.ie\/ie\/oireachtas\/member\/id\/R\u00f3n\u00e1n-Mullen.S.2007-07-23"},"isPrimary":false}},{"sponsor":{"as":{"showAs":null,"uri":null},"by":{"showAs":"Diarmuid Wilson","uri":"https:\/\/data.oireachtas.ie\/ie\/oireachtas\/member\/id\/Diarmuid-Wilson.S.2002-09-12"},"isPrimary":false}}],"stages":[{"event":{"chamber":{"chamberCode":"seanad","showAs":"Seanad \u00c9ireann","uri":"https:\/\/data.oireachtas.ie\/ie\/oireachtas\/def\/house\/seanad"},"dates":[{"date":"2025-04-28"},{"date":"2025-05-08"},{"date":"2025-05-08"}],"house":{"chamberCode":"seanad","chamberType":"house","houseCode":"seanad","houseNo":"27","showAs":"27th Seanad","uri":"https:\/\/data.oireachtas.ie\/ie\/oireachtas\/house\/seanad\/27"},"progressStage":1,"showAs":"First Stage","stageCompleted":true,"stageOutcome":null,"stageURI":"https:\/\/data.oireachtas.ie\/ie\/oireachtas\/def\/bill-stage\/1","uri":"https:\/\/data.oireachtas.ie\/ie\/oireachtas\/bill\/2025\/19\/stage\/seanad\/1"}},{"event":{"chamber":{"chamberCode":"seanad","showAs":"Seanad \u00c9ireann","uri":"https:\/\/data.oireachtas.ie\/ie\/oireachtas\/def\/house\/seanad"},"dates":[{"date":"2025-05-08"}],"house":{"chamberCode":"seanad","chamberType":"house","houseCode":"seanad","houseNo":"27","showAs":"27th Seanad","uri":"https:\/\/data.oireachtas.ie\/ie\/oireachtas\/house\/seanad\/27"},"progressStage":2,"showAs":"Second Stage","stageCompleted":false,"stageOutcome":"Current","stageURI":"https:\/\/data.oireachtas.ie\/ie\/oireachtas\/def\/bill-stage\/2","uri":"https:\/\/data.oireachtas.ie\/ie\/oireachtas\/bill\/2025\/19\/stage\/seanad\/2"}}],"status":"Current","statusURI":"https:\/\/data.oireachtas.ie\/ie\/oireachtas\/def\/bill-status\/published","uri":"https:\/\/data.oireachtas.ie\/ie\/oireachtas\/bill\/2025\/19","versions":[{"version":{"date":"2025-05-08","docType":"bill","formats":{"pdf":{"uri":"https:\/\/data.oireachtas.ie\/ie\/oireachtas\/bill\/2025\/19\/eng\/initiated\/b1925s.pdf"},"xml":null},"lang":"eng","showAs":"As Initiated","uri":"https:\/\/data.oireachtas.ie\/ie\/oireachtas\/bill\/2025\/19\/eng\/initiated"}}]},"billSort":{"actNoSort":null,"actShortTitleEnSort":null,"actShortTitleGaSort":null,"actYearSort":null,"billNoSort":19,"billShortTitleEnSort":"public-health-restriction-on-sale-of-stimulant-drinks-to-children-bill-2025","billShortTitleGaSort":"an-bille-slainte-poibli-srian-le-deochanna-spreagthacha-a-dhiol-le-leanai-2025","billYearSort":2025},"contextDate":"2025-05-08"},{"bill":{"act":null,"amendmentLists":[],"billNo":"18","billType":"Public","billTypeURI":"https:\/\/data.oireachtas.ie\/ie\/oireachtas\/def\/bill-type\/public","billYear":"2025","debates":[{"chamber":{"showAs":"D\u00e1il \u00c9ireann","uri":"https:\/\/data.oireachtas.ie\/ie\/oireachtas\/def\/house\/dail"},"date":"2026-01-21","debateSectionId":"dbsect_21","showAs":"Sale of Nitrous Oxide and Related Products Bill 2025: Second Stage (Resumed) [Private Members]","uri":"https:\/\/data.oireachtas.ie\/akn\/ie\/debateRecord\/dail\/2026-01-21\/debate\/main"},{"chamber":{"showAs":"D\u00e1il \u00c9ireann","uri":"https:\/\/data.oireachtas.ie\/ie\/oireachtas\/def\/house\/dail"},"date":"2026-01-20","debateSectionId":"dbsect_17","showAs":"Sale of Nitrous Oxide and Related Products Bill 2025: Second Stage [Private Members]","uri":"https:\/\/data.oireachtas.ie\/akn\/ie\/debateRecord\/dail\/2026-01-20\/debate\/main"},{"chamber":{"showAs":"D\u00e1il \u00c9ireann","uri":"https:\/\/data.oireachtas.ie\/ie\/oireachtas\/def\/house\/dail"},"date":"2025-04-30","debateSectionId":"dbsect_13","showAs":"Sale of Nitrous Oxide and Related Products Bill 2025: First Stage","uri":"https:\/\/data.oireachtas.ie\/akn\/ie\/debateRecord\/dail\/2025-04-30\/debate\/main"}],"events":[{"event":{"chamber":{"chamberCode":"dail","showAs":"D\u00e1il \u00c9ireann","uri":"https:\/\/data.oireachtas.ie\/ie\/oireachtas\/def\/house\/dail"},"dates":[{"date":"2025-04-08"},{"date":"2025-04-08"},{"date":"2025-04-30"}],"eventURI":"https:\/\/data.oireachtas.ie\/ie\/oireachtas\/def\/bill-event\/approved-for-initiation","showAs":"Approved for Initiation","uri":"https:\/\/data.oireachtas.ie\/ie\/oireachtas\/bill\/2025\/18\/approved-for-initiation"}}],"lastUpdated":"2026-01-19T13:28:31.450000+00:00","longTitleEn":"<p>Bill entitled an Act to regulate and licence the sale of nitrous oxide to exempted purchasers, to prohibit the sale of nitrous oxide and nitrous oxide products to a person who has not attained the age of 18 years, and to provide for related matters.<\/p>","longTitleGa":"<p>Bille d\u00e1 ngairtear Acht do rial\u00e1il agus do chead\u00fan\u00fa d\u00edol ocsa\u00edde n\u00edtri\u00fala le ceannaitheoir\u00ed d\u00edolmhaithe, do thoirmeasc ocsa\u00edd n\u00edtri\u00fail agus t\u00e1irg\u00ed ocsa\u00edde n\u00edtri\u00fala a dh\u00edol le duine nach bhfuil 18 mbliana d\u2019aois sl\u00e1naithe aige n\u00f3 aici, agus do dh\u00e9anamh socr\u00fa i dtaobh nithe gaolmhara.<\/p>","method":"Introduced","methodURI":"https:\/\/data.oireachtas.ie\/ie\/oireachtas\/def\/bill-method\/introduced","mostRecentStage":{"event":{"chamber":{"chamberCode":"dail","showAs":"D\u00e1il \u00c9ireann","uri":"https:\/\/data.oireachtas.ie\/ie\/oireachtas\/def\/house\/dail"},"dates":[{"date":"2025-04-30"}],"house":{"chamberCode":"dail","chamberType":"house","houseCode":"dail","houseNo":"34","showAs":"34th D\u00e1il","uri":"https:\/\/data.oireachtas.ie\/ie\/oireachtas\/house\/dail\/34"},"progressStage":2,"showAs":"Second Stage","stageCompleted":false,"stageOutcome":"Current","stageURI":"https:\/\/data.oireachtas.ie\/ie\/oireachtas\/def\/bill-stage\/2","uri":"https:\/\/data.oireachtas.ie\/ie\/oireachtas\/bill\/2025\/18\/stage\/dail\/2"}},"originHouse":{"showAs":"D\u00e1il \u00c9ireann","uri":"https:\/\/data.oireachtas.ie\/ie\/oireachtas\/def\/house\/dail"},"originHouseURI":"https:\/\/data.oireachtas.ie\/ie\/oireachtas\/def\/house\/dail","relatedDocs":[{"relatedDoc":{"date":"2025-04-30","docType":"memo","formats":{"pdf":{"uri":"https:\/\/data.oireachtas.ie\/ie\/oireachtas\/bill\/2025\/18\/eng\/memo\/b1825d-memo.pdf"},"xml":null},"lang":"eng","showAs":"Explanatory Memorandum","uri":"https:\/\/data.oireachtas.ie\/ie\/oireachtas\/bill\/2025\/18\/eng\/memo"}}],"shortTitleEn":"Sale of Nitrous Oxide and Related Products Bill 2025","shortTitleGa":"An Bille um Dh\u00edol Ocsa\u00edde N\u00edtri\u00fala agus T\u00e1irg\u00ed Gaolmhara, 2025","source":"Private Member","sourceURI":"https:\/\/data.oireachtas.ie\/ie\/oireachtas\/def\/bill-source\/private-member","sponsors":[{"sponsor":{"isPrimary":true,"as":{"showAs":null,"uri":null},"by":{"showAs":"Mark Ward","uri":"https:\/\/data.oireachtas.ie\/ie\/oireachtas\/member\/id\/Mark-Ward.D.2019-11-29"}}},{"sponsor":{"isPrimary":false,"as":{"showAs":null,"uri":null},"by":{"showAs":"Se\u00e1n Crowe","uri":"https:\/\/data.oireachtas.ie\/ie\/oireachtas\/member\/id\/Se\u00e1n-Crowe.D.2002-06-06"}}}],"stages":[{"event":{"chamber":{"chamberCode":"dail","showAs":"D\u00e1il \u00c9ireann","uri":"https:\/\/data.oireachtas.ie\/ie\/oireachtas\/def\/house\/dail"},"dates":[{"date":"2025-04-08"},{"date":"2025-04-08"},{"date":"2025-04-30"},{"date":"2025-04-30"}],"house":{"chamberCode":"dail","chamberType":"house","houseCode":"dail","houseNo":"34","showAs":"34th D\u00e1il","uri":"https:\/\/data.oireachtas.ie\/ie\/oireachtas\/house\/dail\/34"},"progressStage":1,"showAs":"First Stage","stageCompleted":true,"stageOutcome":null,"stageURI":"https:\/\/data.oireachtas.ie\/ie\/oireachtas\/def\/bill-stage\/1","uri":"https:\/\/data.oireachtas.ie\/ie\/oireachtas\/bill\/2025\/18\/stage\/dail\/1"}},{"event":{"chamber":{"chamberCode":"dail","showAs":"D\u00e1il \u00c9ireann","uri":"https:\/\/data.oireachtas.ie\/ie\/oireachtas\/def\/house\/dail"},"dates":[{"date":"2025-04-30"}],"house":{"chamberCode":"dail","chamberType":"house","houseCode":"dail","houseNo":"34","showAs":"34th D\u00e1il","uri":"https:\/\/data.oireachtas.ie\/ie\/oireachtas\/house\/dail\/34"},"progressStage":2,"showAs":"Second Stage","stageCompleted":false,"stageOutcome":"Current","stageURI":"https:\/\/data.oireachtas.ie\/ie\/oireachtas\/def\/bill-stage\/2","uri":"https:\/\/data.oireachtas.ie\/ie\/oireachtas\/bill\/2025\/18\/stage\/dail\/2"}}],"status":"Current","statusURI":"https:\/\/data.oireachtas.ie\/ie\/oireachtas\/def\/bill-status\/published","uri":"https:\/\/data.oireachtas.ie\/ie\/oireachtas\/bill\/2025\/18","versions":[{"version":{"lang":"eng","docType":"bill","showAs":"As Initiated","date":"2025-04-30","formats":{"pdf":{"uri":"https:\/\/data.oireachtas.ie\/ie\/oireachtas\/bill\/2025\/18\/eng\/initiated\/b1825d.pdf"},"xml":null},"uri":"https:\/\/data.oireachtas.ie\/ie\/oireachtas\/bill\/2025\/18\/eng\/initiated"}}]},"contextDate":"2025-04-30","billSort":{"actNoSort":null,"actShortTitleEnSort":null,"actShortTitleGaSort":null,"actYearSort":null,"billNoSort":18,"billShortTitleEnSort":"sale-of-nitrous-oxide-and-related-products-bill-2025","billShortTitleGaSort":"an-bille-um-dhiol-ocsaide-nitriula-agus-tairgi-gaolmhara-2025","billYearSort":2025}},{"bill":{"act":null,"amendmentLists":[],"billNo":"17","billType":"Public","billTypeURI":"https:\/\/data.oireachtas.ie\/ie\/oireachtas\/def\/bill-type\/public","billYear":"2025","debates":[{"chamber":{"showAs":"Seanad \u00c9ireann","uri":"https:\/\/data.oireachtas.ie\/ie\/oireachtas\/def\/house\/seanad"},"date":"2025-04-30","debateSectionId":"dbsect_9","showAs":"Protection of Retail Workers Bill 2025: Second Stage","uri":"https:\/\/data.oireachtas.ie\/akn\/ie\/debateRecord\/seanad\/2025-04-30\/debate\/main"},{"chamber":{"showAs":"Seanad \u00c9ireann","uri":"https:\/\/data.oireachtas.ie\/ie\/oireachtas\/def\/house\/seanad"},"date":"2025-04-29","debateSectionId":"dbsect_10","showAs":"Protection of Retail Workers Bill 2025: First Stage","uri":"https:\/\/data.oireachtas.ie\/akn\/ie\/debateRecord\/seanad\/2025-04-29\/debate\/main"}],"events":[{"event":{"chamber":{"chamberCode":"seanad","showAs":"Seanad \u00c9ireann","uri":"https:\/\/data.oireachtas.ie\/ie\/oireachtas\/def\/house\/seanad"},"dates":[{"date":"2025-03-31"},{"date":"2025-04-29"}],"eventURI":"https:\/\/data.oireachtas.ie\/ie\/oireachtas\/def\/bill-event\/admissibility-for-introduction","showAs":"Admissibility for Introduction","uri":"https:\/\/data.oireachtas.ie\/ie\/oireachtas\/bill\/2025\/17\/admissibility-for-introduction"}}],"lastUpdated":"2025-08-14T14:32:21.070000+00:00","longTitleEn":"<p>Bill entitled an Act to amend the Criminal Justice (Public Order) Act 1994 to create specific offences for assaulting or threatening retail workers carrying out their employment.<\/p>","longTitleGa":"<p>Bille d\u00e1 ngairtear Acht do leas\u00fa an Achta um Cheartas Coiri\u00fail (Ord Poibl\u00ed), 1994 chun cionta sonracha a chruth\u00fa arb \u00e9ard iad ionsa\u00ed n\u00f3 bagairt a dh\u00e9anamh ar oibrithe miond\u00edola at\u00e1 ag gabh\u00e1il d\u00e1 bhfosta\u00edocht.<\/p>","method":"Introduced","methodURI":"https:\/\/data.oireachtas.ie\/ie\/oireachtas\/def\/bill-method\/introduced","mostRecentStage":{"event":{"chamber":{"chamberCode":"seanad","showAs":"Seanad \u00c9ireann","uri":"https:\/\/data.oireachtas.ie\/ie\/oireachtas\/def\/house\/seanad"},"dates":[{"date":"2025-04-29"}],"house":{"chamberCode":"seanad","chamberType":"house","houseCode":"seanad","houseNo":"27","showAs":"27th Seanad","uri":"https:\/\/data.oireachtas.ie\/ie\/oireachtas\/house\/seanad\/27"},"progressStage":2,"showAs":"Second Stage","stageCompleted":true,"stageOutcome":null,"stageURI":"https:\/\/data.oireachtas.ie\/ie\/oireachtas\/def\/bill-stage\/2","uri":"https:\/\/data.oireachtas.ie\/ie\/oireachtas\/bill\/2025\/17\/stage\/seanad\/2"}},"originHouse":{"showAs":"Seanad \u00c9ireann","uri":"https:\/\/data.oireachtas.ie\/ie\/oireachtas\/def\/house\/seanad"},"originHouseURI":"https:\/\/data.oireachtas.ie\/ie\/oireachtas\/def\/house\/seanad","relatedDocs":[],"shortTitleEn":"Protection of Retail Workers Bill 2025","shortTitleGa":"An Bille um Oibrithe Miond\u00edola a Chosaint, 2025","source":"Private Member","sourceURI":"https:\/\/data.oireachtas.ie\/ie\/oireachtas\/def\/bill-source\/private-member","sponsors":[{"sponsor":{"as":{"showAs":null,"uri":null},"by":{"showAs":"Mary Fitzpatrick","uri":"https:\/\/data.oireachtas.ie\/ie\/oireachtas\/member\/id\/Mary-Fitzpatrick.S.2020-06-29"},"isPrimary":true}},{"sponsor":{"as":{"showAs":null,"uri":null},"by":{"showAs":"Joe Flaherty","uri":"https:\/\/data.oireachtas.ie\/ie\/oireachtas\/member\/id\/Joe-Flaherty.D.2020-02-08"},"isPrimary":false}},{"sponsor":{"as":{"showAs":null,"uri":null},"by":{"showAs":"Anne Rabbitte","uri":"https:\/\/data.oireachtas.ie\/ie\/oireachtas\/member\/id\/Anne-Rabbitte.D.2016-10-03"},"isPrimary":false}},{"sponsor":{"as":{"showAs":null,"uri":null},"by":{"showAs":"Teresa Costello","uri":"https:\/\/data.oireachtas.ie\/ie\/oireachtas\/member\/id\/Teresa-Costello.S.2025-01-29"},"isPrimary":false}}],"stages":[{"event":{"chamber":{"chamberCode":"seanad","showAs":"Seanad \u00c9ireann","uri":"https:\/\/data.oireachtas.ie\/ie\/oireachtas\/def\/house\/seanad"},"dates":[{"date":"2025-03-31"},{"date":"2025-04-29"},{"date":"2025-04-29"}],"house":{"chamberCode":"seanad","chamberType":"house","houseCode":"seanad","houseNo":"27","showAs":"27th Seanad","uri":"https:\/\/data.oireachtas.ie\/ie\/oireachtas\/house\/seanad\/27"},"progressStage":1,"showAs":"First Stage","stageCompleted":true,"stageOutcome":null,"stageURI":"https:\/\/data.oireachtas.ie\/ie\/oireachtas\/def\/bill-stage\/1","uri":"https:\/\/data.oireachtas.ie\/ie\/oireachtas\/bill\/2025\/17\/stage\/seanad\/1"}},{"event":{"chamber":{"chamberCode":"seanad","showAs":"Seanad \u00c9ireann","uri":"https:\/\/data.oireachtas.ie\/ie\/oireachtas\/def\/house\/seanad"},"dates":[{"date":"2025-04-29"}],"house":{"chamberCode":"seanad","chamberType":"house","houseCode":"seanad","houseNo":"27","showAs":"27th Seanad","uri":"https:\/\/data.oireachtas.ie\/ie\/oireachtas\/house\/seanad\/27"},"progressStage":2,"showAs":"Second Stage","stageCompleted":true,"stageOutcome":null,"stageURI":"https:\/\/data.oireachtas.ie\/ie\/oireachtas\/def\/bill-stage\/2","uri":"https:\/\/data.oireachtas.ie\/ie\/oireachtas\/bill\/2025\/17\/stage\/seanad\/2"}}],"status":"Current","statusURI":"https:\/\/data.oireachtas.ie\/ie\/oireachtas\/def\/bill-status\/published","uri":"https:\/\/data.oireachtas.ie\/ie\/oireachtas\/bill\/2025\/17","versions":[{"version":{"date":"2025-04-29","docType":"bill","formats":{"pdf":{"uri":"https:\/\/data.oireachtas.ie\/ie\/oireachtas\/bill\/2025\/17\/eng\/initiated\/b1725s.pdf"},"xml":null},"lang":"eng","showAs":"As Initiated","uri":"https:\/\/data.oireachtas.ie\/ie\/oireachtas\/bill\/2025\/17\/eng\/initiated"}}]},"billSort":{"actNoSort":null,"actShortTitleEnSort":null,"actShortTitleGaSort":null,"actYearSort":null,"billNoSort":17,"billShortTitleEnSort":"protection-of-retail-workers-bill-2025","billShortTitleGaSort":"an-bille-um-oibrithe-miondiola-a-chosaint-2025","billYearSort":2025},"contextDate":"2025-04-29"},{"bill":{"act":null,"amendmentLists":[],"billNo":"16","billType":"Public","billTypeURI":"https:\/\/data.oireachtas.ie\/ie\/oireachtas\/def\/bill-type\/public","billYear":"2025","debates":[{"chamber":{"showAs":"D\u00e1il \u00c9ireann","uri":"https:\/\/data.oireachtas.ie\/ie\/oireachtas\/def\/house\/dail"},"date":"2025-04-29","debateSectionId":"dbsect_11","showAs":"Children\u2019s Health (Ospid\u00e9al N\u00e1isi\u00fanta Kathleen Lynn do Leana\u00ed) (Amendment) Bill 2025: First Stage","uri":"https:\/\/data.oireachtas.ie\/akn\/ie\/debateRecord\/dail\/2025-04-29\/debate\/main"}],"events":[{"event":{"chamber":{"chamberCode":"dail","showAs":"D\u00e1il \u00c9ireann","uri":"https:\/\/data.oireachtas.ie\/ie\/oireachtas\/def\/house\/dail"},"dates":[{"date":"2025-04-08"},{"date":"2025-04-08"},{"date":"2025-04-29"}],"eventURI":"https:\/\/data.oireachtas.ie\/ie\/oireachtas\/def\/bill-event\/approved-for-initiation","showAs":"Approved for Initiation","uri":"https:\/\/data.oireachtas.ie\/ie\/oireachtas\/bill\/2025\/16\/approved-for-initiation"}}],"lastUpdated":"2025-04-30T09:13:30.050000+00:00","longTitleEn":"<p>Bill entitled an Act to amend the Children\u2019s Health Act 2018 and therefore to amend the National Paediatric Hospital Development Board (Establishment) Order 2007 (S.I. No. 246 of 2007) so as to direct that the National Children\u2019s Hospital be named <i>Ospid\u00e9al N\u00e1isi\u00fanta<\/i> <i>Kathleen Lynn do Leana\u00ed<\/i>.<\/p>","longTitleGa":"<p>Bille d\u00e1 ngairtear Acht do leas\u00fa an Achta um Shl\u00e1inte Leana\u00ed, 2018 agus, d\u00e1 bhr\u00ed sin, do leas\u00fa an Ordaithe um Bord Forbartha an Ospid\u00e9il N\u00e1isi\u00fanta Ph\u00e9idiatraicigh (Bun\u00fa), 2007 (I.R. Uimh. 246 de 2007) d\u2019fhonn a threor\u00fa go dtabharfar Ospid\u00e9al N\u00e1isi\u00fanta Kathleen Lynn do Leana\u00ed ar Ospid\u00e9al N\u00e1isi\u00fanta na Leana\u00ed.<\/p>","method":"Introduced","methodURI":"https:\/\/data.oireachtas.ie\/ie\/oireachtas\/def\/bill-method\/introduced","mostRecentStage":{"event":{"chamber":{"chamberCode":"dail","showAs":"D\u00e1il \u00c9ireann","uri":"https:\/\/data.oireachtas.ie\/ie\/oireachtas\/def\/house\/dail"},"dates":[{"date":"2025-04-29"}],"house":{"chamberCode":"dail","chamberType":"house","houseCode":"dail","houseNo":"34","showAs":"34th D\u00e1il","uri":"https:\/\/data.oireachtas.ie\/ie\/oireachtas\/house\/dail\/34"},"progressStage":2,"showAs":"Second Stage","stageCompleted":false,"stageOutcome":"Current","stageURI":"https:\/\/data.oireachtas.ie\/ie\/oireachtas\/def\/bill-stage\/2","uri":"https:\/\/data.oireachtas.ie\/ie\/oireachtas\/bill\/2025\/16\/stage\/dail\/2"}},"originHouse":{"showAs":"D\u00e1il \u00c9ireann","uri":"https:\/\/data.oireachtas.ie\/ie\/oireachtas\/def\/house\/dail"},"originHouseURI":"https:\/\/data.oireachtas.ie\/ie\/oireachtas\/def\/house\/dail","relatedDocs":[{"relatedDoc":{"date":"2025-04-29","docType":"memo","formats":{"pdf":{"uri":"https:\/\/data.oireachtas.ie\/ie\/oireachtas\/bill\/2025\/16\/eng\/memo\/b1625d-memo.pdf"},"xml":null},"lang":"eng","showAs":"Explanatory Memorandum","uri":"https:\/\/data.oireachtas.ie\/ie\/oireachtas\/bill\/2025\/16\/eng\/memo"}}],"shortTitleEn":"Children\u2019s Health (Ospid\u00e9al N\u00e1isi\u00fanta Kathleen Lynn do Leana\u00ed) (Amendment) Bill 2025","shortTitleGa":"An Bille um Shl\u00e1inte Leana\u00ed (Ospid\u00e9al N\u00e1isi\u00fanta Kathleen Lynn do Leana\u00ed) (Leas\u00fa), 2025","source":"Private Member","sourceURI":"https:\/\/data.oireachtas.ie\/ie\/oireachtas\/def\/bill-source\/private-member","sponsors":[{"sponsor":{"as":{"showAs":null,"uri":null},"by":{"showAs":"Aengus \u00d3 Snodaigh","uri":"https:\/\/data.oireachtas.ie\/ie\/oireachtas\/member\/id\/Aengus-\u00d3-Snodaigh.D.2002-06-06"},"isPrimary":true}},{"sponsor":{"as":{"showAs":null,"uri":null},"by":{"showAs":"M\u00e1ire Devine","uri":"https:\/\/data.oireachtas.ie\/ie\/oireachtas\/member\/id\/M\u00e1ire-Devine.S.2016-04-25"},"isPrimary":false}},{"sponsor":{"as":{"showAs":null,"uri":null},"by":{"showAs":"Rose Conway-Walsh","uri":"https:\/\/data.oireachtas.ie\/ie\/oireachtas\/member\/id\/Rose-Conway-Walsh.S.2016-04-25"},"isPrimary":false}},{"sponsor":{"as":{"showAs":null,"uri":null},"by":{"showAs":"David Cullinane","uri":"https:\/\/data.oireachtas.ie\/ie\/oireachtas\/member\/id\/David-Cullinane.S.2011-05-25"},"isPrimary":false}}],"stages":[{"event":{"chamber":{"chamberCode":"dail","showAs":"D\u00e1il \u00c9ireann","uri":"https:\/\/data.oireachtas.ie\/ie\/oireachtas\/def\/house\/dail"},"dates":[{"date":"2025-04-08"},{"date":"2025-04-08"},{"date":"2025-04-29"},{"date":"2025-04-29"}],"house":{"chamberCode":"dail","chamberType":"house","houseCode":"dail","houseNo":"34","showAs":"34th D\u00e1il","uri":"https:\/\/data.oireachtas.ie\/ie\/oireachtas\/house\/dail\/34"},"progressStage":1,"showAs":"First Stage","stageCompleted":true,"stageOutcome":null,"stageURI":"https:\/\/data.oireachtas.ie\/ie\/oireachtas\/def\/bill-stage\/1","uri":"https:\/\/data.oireachtas.ie\/ie\/oireachtas\/bill\/2025\/16\/stage\/dail\/1"}},{"event":{"chamber":{"chamberCode":"dail","showAs":"D\u00e1il \u00c9ireann","uri":"https:\/\/data.oireachtas.ie\/ie\/oireachtas\/def\/house\/dail"},"dates":[{"date":"2025-04-29"}],"house":{"chamberCode":"dail","chamberType":"house","houseCode":"dail","houseNo":"34","showAs":"34th D\u00e1il","uri":"https:\/\/data.oireachtas.ie\/ie\/oireachtas\/house\/dail\/34"},"progressStage":2,"showAs":"Second Stage","stageCompleted":false,"stageOutcome":"Current","stageURI":"https:\/\/data.oireachtas.ie\/ie\/oireachtas\/def\/bill-stage\/2","uri":"https:\/\/data.oireachtas.ie\/ie\/oireachtas\/bill\/2025\/16\/stage\/dail\/2"}}],"status":"Current","statusURI":"https:\/\/data.oireachtas.ie\/ie\/oireachtas\/def\/bill-status\/published","uri":"https:\/\/data.oireachtas.ie\/ie\/oireachtas\/bill\/2025\/16","versions":[{"version":{"date":"2025-04-29","docType":"bill","formats":{"pdf":{"uri":"https:\/\/data.oireachtas.ie\/ie\/oireachtas\/bill\/2025\/16\/eng\/initiated\/b1625d.pdf"},"xml":null},"lang":"eng","showAs":"As Initiated","uri":"https:\/\/data.oireachtas.ie\/ie\/oireachtas\/bill\/2025\/16\/eng\/initiated"}}]},"billSort":{"actNoSort":null,"actShortTitleEnSort":null,"actShortTitleGaSort":null,"actYearSort":null,"billNoSort":16,"billShortTitleEnSort":"childrens-health-ospideal-naisiunta-kathleen-lynn-do-leanai-amendment-bill-2025","billShortTitleGaSort":"an-bille-um-shlainte-leanai-ospideal-naisiunta-kathleen-lynn-do-leanai-leasu-2025","billYearSort":2025},"contextDate":"2025-04-29"}]}